{"id":9447,"date":"2022-09-07T22:47:56","date_gmt":"2022-09-07T20:47:56","guid":{"rendered":"http:\/\/lapidarium.fundacja-hereditas.pl\/?p=9447"},"modified":"2022-09-07T22:47:58","modified_gmt":"2022-09-07T20:47:58","slug":"kamienica-sienkiewicza-33-siedlce","status":"publish","type":"post","link":"http:\/\/lapidarium.fundacja-hereditas.pl\/index.php\/2022\/09\/07\/kamienica-sienkiewicza-33-siedlce\/","title":{"rendered":"Kamienica &#8211; Sienkiewicza 33, Siedlce."},"content":{"rendered":"\n<p>Sienkiewicza 33 &#8211; Wolnostoj\u0105cy parterowy obiekt, z pi\u0119trem w cz\u0119\u015bci \u015brodkowej. Przypomina raczej will\u0119, ni\u017c kamienic\u0119.<\/p>\n\n\n\n<p>Dodatkowe zdj\u0119cia obiekt\u00f3w udost\u0119pniamy na \u017cyczenie. Osoby zainteresowane prosimy o kontakt z Fundacj\u0105 Hereditas.<\/p>\n\n\n\n<figure class=\"wp-block-gallery has-nested-images columns-default is-cropped wp-block-gallery-1 is-layout-flex wp-block-gallery-is-layout-flex\">\n<figure class=\"wp-block-image size-large\"><a href=\"http:\/\/lapidarium.fundacja-hereditas.pl\/wp-content\/uploads\/2022\/09\/Rob_Mar_Siedlce_Sienkiewicza_33_fasada_pln_01a-scaled.jpg\"><img loading=\"lazy\" decoding=\"async\" width=\"2560\" height=\"1801\" data-id=\"9449\" src=\"http:\/\/lapidarium.fundacja-hereditas.pl\/wp-content\/uploads\/2022\/09\/Rob_Mar_Siedlce_Sienkiewicza_33_fasada_pln_01a-scaled.jpg\" alt=\"Elewacja frontowa. Fot. Robert Marcinkowski 2022 r., \u017ar\u00f3d\u0142o: Res in Ornamento II.\" class=\"wp-image-9449\" srcset=\"http:\/\/lapidarium.fundacja-hereditas.pl\/wp-content\/uploads\/2022\/09\/Rob_Mar_Siedlce_Sienkiewicza_33_fasada_pln_01a-scaled.jpg 2560w, http:\/\/lapidarium.fundacja-hereditas.pl\/wp-content\/uploads\/2022\/09\/Rob_Mar_Siedlce_Sienkiewicza_33_fasada_pln_01a-300x211.jpg 300w, http:\/\/lapidarium.fundacja-hereditas.pl\/wp-content\/uploads\/2022\/09\/Rob_Mar_Siedlce_Sienkiewicza_33_fasada_pln_01a-1024x720.jpg 1024w, http:\/\/lapidarium.fundacja-hereditas.pl\/wp-content\/uploads\/2022\/09\/Rob_Mar_Siedlce_Sienkiewicza_33_fasada_pln_01a-768x540.jpg 768w, http:\/\/lapidarium.fundacja-hereditas.pl\/wp-content\/uploads\/2022\/09\/Rob_Mar_Siedlce_Sienkiewicza_33_fasada_pln_01a-1536x1081.jpg 1536w, http:\/\/lapidarium.fundacja-hereditas.pl\/wp-content\/uploads\/2022\/09\/Rob_Mar_Siedlce_Sienkiewicza_33_fasada_pln_01a-2048x1441.jpg 2048w, http:\/\/lapidarium.fundacja-hereditas.pl\/wp-content\/uploads\/2022\/09\/Rob_Mar_Siedlce_Sienkiewicza_33_fasada_pln_01a-150x106.jpg 150w, http:\/\/lapidarium.fundacja-hereditas.pl\/wp-content\/uploads\/2022\/09\/Rob_Mar_Siedlce_Sienkiewicza_33_fasada_pln_01a-696x490.jpg 696w, http:\/\/lapidarium.fundacja-hereditas.pl\/wp-content\/uploads\/2022\/09\/Rob_Mar_Siedlce_Sienkiewicza_33_fasada_pln_01a-1068x751.jpg 1068w, http:\/\/lapidarium.fundacja-hereditas.pl\/wp-content\/uploads\/2022\/09\/Rob_Mar_Siedlce_Sienkiewicza_33_fasada_pln_01a-1920x1351.jpg 1920w\" sizes=\"auto, (max-width: 2560px) 100vw, 2560px\" \/><\/a><figcaption>Elewacja frontowa. Fot. Robert Marcinkowski 2022 r., \u017ar\u00f3d\u0142o: Res in Ornamento II.<\/figcaption><\/figure>\n\n\n\n<figure class=\"wp-block-image size-large\"><a href=\"http:\/\/lapidarium.fundacja-hereditas.pl\/wp-content\/uploads\/2022\/09\/Rob_Mar_Siedlce_Sienkiewicza_33_fasada_zach_01-scaled.jpg\"><img loading=\"lazy\" decoding=\"async\" width=\"1538\" height=\"2560\" data-id=\"9461\" src=\"http:\/\/lapidarium.fundacja-hereditas.pl\/wp-content\/uploads\/2022\/09\/Rob_Mar_Siedlce_Sienkiewicza_33_fasada_zach_01-scaled.jpg\" alt=\"Elewacja zachodnia. Fot. Robert Marcinkowski 2022 r., \u017ar\u00f3d\u0142o: Res in Ornamento II.\" class=\"wp-image-9461\" srcset=\"http:\/\/lapidarium.fundacja-hereditas.pl\/wp-content\/uploads\/2022\/09\/Rob_Mar_Siedlce_Sienkiewicza_33_fasada_zach_01-scaled.jpg 1538w, http:\/\/lapidarium.fundacja-hereditas.pl\/wp-content\/uploads\/2022\/09\/Rob_Mar_Siedlce_Sienkiewicza_33_fasada_zach_01-180x300.jpg 180w, http:\/\/lapidarium.fundacja-hereditas.pl\/wp-content\/uploads\/2022\/09\/Rob_Mar_Siedlce_Sienkiewicza_33_fasada_zach_01-615x1024.jpg 615w, http:\/\/lapidarium.fundacja-hereditas.pl\/wp-content\/uploads\/2022\/09\/Rob_Mar_Siedlce_Sienkiewicza_33_fasada_zach_01-768x1278.jpg 768w, http:\/\/lapidarium.fundacja-hereditas.pl\/wp-content\/uploads\/2022\/09\/Rob_Mar_Siedlce_Sienkiewicza_33_fasada_zach_01-923x1536.jpg 923w, http:\/\/lapidarium.fundacja-hereditas.pl\/wp-content\/uploads\/2022\/09\/Rob_Mar_Siedlce_Sienkiewicza_33_fasada_zach_01-1230x2048.jpg 1230w, http:\/\/lapidarium.fundacja-hereditas.pl\/wp-content\/uploads\/2022\/09\/Rob_Mar_Siedlce_Sienkiewicza_33_fasada_zach_01-150x250.jpg 150w, http:\/\/lapidarium.fundacja-hereditas.pl\/wp-content\/uploads\/2022\/09\/Rob_Mar_Siedlce_Sienkiewicza_33_fasada_zach_01-300x499.jpg 300w, http:\/\/lapidarium.fundacja-hereditas.pl\/wp-content\/uploads\/2022\/09\/Rob_Mar_Siedlce_Sienkiewicza_33_fasada_zach_01-696x1158.jpg 696w, http:\/\/lapidarium.fundacja-hereditas.pl\/wp-content\/uploads\/2022\/09\/Rob_Mar_Siedlce_Sienkiewicza_33_fasada_zach_01-1068x1778.jpg 1068w, http:\/\/lapidarium.fundacja-hereditas.pl\/wp-content\/uploads\/2022\/09\/Rob_Mar_Siedlce_Sienkiewicza_33_fasada_zach_01-1920x3196.jpg 1920w\" sizes=\"auto, (max-width: 1538px) 100vw, 1538px\" \/><\/a><figcaption>Elewacja zachodnia. Fot. Robert Marcinkowski 2022 r., \u017ar\u00f3d\u0142o: Res in Ornamento II.<\/figcaption><\/figure>\n\n\n\n<figure class=\"wp-block-image size-large\"><a href=\"http:\/\/lapidarium.fundacja-hereditas.pl\/wp-content\/uploads\/2022\/09\/Rob_Mar_Siedlce_Sienkiewicza_33_fasada_zach_01a.jpg\"><img loading=\"lazy\" decoding=\"async\" width=\"1924\" height=\"1578\" data-id=\"9462\" src=\"http:\/\/lapidarium.fundacja-hereditas.pl\/wp-content\/uploads\/2022\/09\/Rob_Mar_Siedlce_Sienkiewicza_33_fasada_zach_01a.jpg\" alt=\"Elewacja zachodnia. Okna poddasza. Izolatory. Fot. Robert Marcinkowski 2022 r., \u017ar\u00f3d\u0142o: Res in Ornamento II.\" class=\"wp-image-9462\" srcset=\"http:\/\/lapidarium.fundacja-hereditas.pl\/wp-content\/uploads\/2022\/09\/Rob_Mar_Siedlce_Sienkiewicza_33_fasada_zach_01a.jpg 1924w, http:\/\/lapidarium.fundacja-hereditas.pl\/wp-content\/uploads\/2022\/09\/Rob_Mar_Siedlce_Sienkiewicza_33_fasada_zach_01a-300x246.jpg 300w, http:\/\/lapidarium.fundacja-hereditas.pl\/wp-content\/uploads\/2022\/09\/Rob_Mar_Siedlce_Sienkiewicza_33_fasada_zach_01a-1024x840.jpg 1024w, http:\/\/lapidarium.fundacja-hereditas.pl\/wp-content\/uploads\/2022\/09\/Rob_Mar_Siedlce_Sienkiewicza_33_fasada_zach_01a-768x630.jpg 768w, http:\/\/lapidarium.fundacja-hereditas.pl\/wp-content\/uploads\/2022\/09\/Rob_Mar_Siedlce_Sienkiewicza_33_fasada_zach_01a-1536x1260.jpg 1536w, http:\/\/lapidarium.fundacja-hereditas.pl\/wp-content\/uploads\/2022\/09\/Rob_Mar_Siedlce_Sienkiewicza_33_fasada_zach_01a-150x123.jpg 150w, http:\/\/lapidarium.fundacja-hereditas.pl\/wp-content\/uploads\/2022\/09\/Rob_Mar_Siedlce_Sienkiewicza_33_fasada_zach_01a-696x571.jpg 696w, http:\/\/lapidarium.fundacja-hereditas.pl\/wp-content\/uploads\/2022\/09\/Rob_Mar_Siedlce_Sienkiewicza_33_fasada_zach_01a-1068x876.jpg 1068w, http:\/\/lapidarium.fundacja-hereditas.pl\/wp-content\/uploads\/2022\/09\/Rob_Mar_Siedlce_Sienkiewicza_33_fasada_zach_01a-1920x1575.jpg 1920w\" sizes=\"auto, (max-width: 1924px) 100vw, 1924px\" \/><\/a><figcaption>Elewacja zachodnia. Okna poddasza. Izolatory. Fot. Robert Marcinkowski 2022 r., \u017ar\u00f3d\u0142o: Res in Ornamento II.<\/figcaption><\/figure>\n\n\n\n<figure class=\"wp-block-image size-large\"><a href=\"http:\/\/lapidarium.fundacja-hereditas.pl\/wp-content\/uploads\/2022\/09\/Siedlce_Sienkiewicza_33_elewacja_boczna__fot_Bozena_Rudzisz_2022-scaled.jpg\"><img loading=\"lazy\" decoding=\"async\" width=\"2560\" height=\"1959\" data-id=\"9466\" src=\"http:\/\/lapidarium.fundacja-hereditas.pl\/wp-content\/uploads\/2022\/09\/Siedlce_Sienkiewicza_33_elewacja_boczna__fot_Bozena_Rudzisz_2022-scaled.jpg\" alt=\"Elewacja Wschodnia. Fot. Bo\u017cena Rudzisz 2022 r., \u017ar\u00f3d\u0142o: Res in Ornamento II.\" class=\"wp-image-9466\" srcset=\"http:\/\/lapidarium.fundacja-hereditas.pl\/wp-content\/uploads\/2022\/09\/Siedlce_Sienkiewicza_33_elewacja_boczna__fot_Bozena_Rudzisz_2022-scaled.jpg 2560w, http:\/\/lapidarium.fundacja-hereditas.pl\/wp-content\/uploads\/2022\/09\/Siedlce_Sienkiewicza_33_elewacja_boczna__fot_Bozena_Rudzisz_2022-300x230.jpg 300w, http:\/\/lapidarium.fundacja-hereditas.pl\/wp-content\/uploads\/2022\/09\/Siedlce_Sienkiewicza_33_elewacja_boczna__fot_Bozena_Rudzisz_2022-1024x784.jpg 1024w, http:\/\/lapidarium.fundacja-hereditas.pl\/wp-content\/uploads\/2022\/09\/Siedlce_Sienkiewicza_33_elewacja_boczna__fot_Bozena_Rudzisz_2022-768x588.jpg 768w, http:\/\/lapidarium.fundacja-hereditas.pl\/wp-content\/uploads\/2022\/09\/Siedlce_Sienkiewicza_33_elewacja_boczna__fot_Bozena_Rudzisz_2022-1536x1175.jpg 1536w, http:\/\/lapidarium.fundacja-hereditas.pl\/wp-content\/uploads\/2022\/09\/Siedlce_Sienkiewicza_33_elewacja_boczna__fot_Bozena_Rudzisz_2022-2048x1567.jpg 2048w, http:\/\/lapidarium.fundacja-hereditas.pl\/wp-content\/uploads\/2022\/09\/Siedlce_Sienkiewicza_33_elewacja_boczna__fot_Bozena_Rudzisz_2022-150x115.jpg 150w, http:\/\/lapidarium.fundacja-hereditas.pl\/wp-content\/uploads\/2022\/09\/Siedlce_Sienkiewicza_33_elewacja_boczna__fot_Bozena_Rudzisz_2022-696x533.jpg 696w, http:\/\/lapidarium.fundacja-hereditas.pl\/wp-content\/uploads\/2022\/09\/Siedlce_Sienkiewicza_33_elewacja_boczna__fot_Bozena_Rudzisz_2022-1068x817.jpg 1068w, http:\/\/lapidarium.fundacja-hereditas.pl\/wp-content\/uploads\/2022\/09\/Siedlce_Sienkiewicza_33_elewacja_boczna__fot_Bozena_Rudzisz_2022-1920x1469.jpg 1920w\" sizes=\"auto, (max-width: 2560px) 100vw, 2560px\" \/><\/a><figcaption>Elewacja Wschodnia. Fot. Bo\u017cena Rudzisz 2022 r., \u017ar\u00f3d\u0142o: Res in Ornamento II.<\/figcaption><\/figure>\n\n\n\n<figure class=\"wp-block-image size-large\"><a href=\"http:\/\/lapidarium.fundacja-hereditas.pl\/wp-content\/uploads\/2022\/09\/Rob_Mar_Siedlce_Sienkiewicza_33_fasada_wsch_03-scaled.jpg\"><img loading=\"lazy\" decoding=\"async\" width=\"2560\" height=\"1341\" data-id=\"9460\" src=\"http:\/\/lapidarium.fundacja-hereditas.pl\/wp-content\/uploads\/2022\/09\/Rob_Mar_Siedlce_Sienkiewicza_33_fasada_wsch_03-scaled.jpg\" alt=\"Elewacja frontowa i wschodnia. Fot. Robert Marcinkowski 2022 r., \u017ar\u00f3d\u0142o: Res in Ornamento II.\" class=\"wp-image-9460\" srcset=\"http:\/\/lapidarium.fundacja-hereditas.pl\/wp-content\/uploads\/2022\/09\/Rob_Mar_Siedlce_Sienkiewicza_33_fasada_wsch_03-scaled.jpg 2560w, http:\/\/lapidarium.fundacja-hereditas.pl\/wp-content\/uploads\/2022\/09\/Rob_Mar_Siedlce_Sienkiewicza_33_fasada_wsch_03-300x157.jpg 300w, http:\/\/lapidarium.fundacja-hereditas.pl\/wp-content\/uploads\/2022\/09\/Rob_Mar_Siedlce_Sienkiewicza_33_fasada_wsch_03-1024x537.jpg 1024w, http:\/\/lapidarium.fundacja-hereditas.pl\/wp-content\/uploads\/2022\/09\/Rob_Mar_Siedlce_Sienkiewicza_33_fasada_wsch_03-768x402.jpg 768w, http:\/\/lapidarium.fundacja-hereditas.pl\/wp-content\/uploads\/2022\/09\/Rob_Mar_Siedlce_Sienkiewicza_33_fasada_wsch_03-1536x805.jpg 1536w, http:\/\/lapidarium.fundacja-hereditas.pl\/wp-content\/uploads\/2022\/09\/Rob_Mar_Siedlce_Sienkiewicza_33_fasada_wsch_03-2048x1073.jpg 2048w, http:\/\/lapidarium.fundacja-hereditas.pl\/wp-content\/uploads\/2022\/09\/Rob_Mar_Siedlce_Sienkiewicza_33_fasada_wsch_03-150x79.jpg 150w, http:\/\/lapidarium.fundacja-hereditas.pl\/wp-content\/uploads\/2022\/09\/Rob_Mar_Siedlce_Sienkiewicza_33_fasada_wsch_03-696x365.jpg 696w, http:\/\/lapidarium.fundacja-hereditas.pl\/wp-content\/uploads\/2022\/09\/Rob_Mar_Siedlce_Sienkiewicza_33_fasada_wsch_03-1068x560.jpg 1068w, http:\/\/lapidarium.fundacja-hereditas.pl\/wp-content\/uploads\/2022\/09\/Rob_Mar_Siedlce_Sienkiewicza_33_fasada_wsch_03-1920x1006.jpg 1920w\" sizes=\"auto, (max-width: 2560px) 100vw, 2560px\" \/><\/a><figcaption>Elewacja frontowa i wschodnia. Fot. Robert Marcinkowski 2022 r., \u017ar\u00f3d\u0142o: Res in Ornamento II.<\/figcaption><\/figure>\n\n\n\n<figure class=\"wp-block-image size-large\"><a href=\"http:\/\/lapidarium.fundacja-hereditas.pl\/wp-content\/uploads\/2022\/09\/Siedlce_Sienkiewicza-33_6a_Martyna-Leciak.jpg\"><img loading=\"lazy\" decoding=\"async\" width=\"913\" height=\"1177\" data-id=\"9475\" src=\"http:\/\/lapidarium.fundacja-hereditas.pl\/wp-content\/uploads\/2022\/09\/Siedlce_Sienkiewicza-33_6a_Martyna-Leciak.jpg\" alt=\"Elewacja wschodnia. Okna poddasza Fot. Martyna Leciak 2022 r., \u017ar\u00f3d\u0142o: Res in Ornamento II.\" class=\"wp-image-9475\" srcset=\"http:\/\/lapidarium.fundacja-hereditas.pl\/wp-content\/uploads\/2022\/09\/Siedlce_Sienkiewicza-33_6a_Martyna-Leciak.jpg 913w, http:\/\/lapidarium.fundacja-hereditas.pl\/wp-content\/uploads\/2022\/09\/Siedlce_Sienkiewicza-33_6a_Martyna-Leciak-233x300.jpg 233w, http:\/\/lapidarium.fundacja-hereditas.pl\/wp-content\/uploads\/2022\/09\/Siedlce_Sienkiewicza-33_6a_Martyna-Leciak-794x1024.jpg 794w, http:\/\/lapidarium.fundacja-hereditas.pl\/wp-content\/uploads\/2022\/09\/Siedlce_Sienkiewicza-33_6a_Martyna-Leciak-768x990.jpg 768w, http:\/\/lapidarium.fundacja-hereditas.pl\/wp-content\/uploads\/2022\/09\/Siedlce_Sienkiewicza-33_6a_Martyna-Leciak-150x193.jpg 150w, http:\/\/lapidarium.fundacja-hereditas.pl\/wp-content\/uploads\/2022\/09\/Siedlce_Sienkiewicza-33_6a_Martyna-Leciak-300x387.jpg 300w, http:\/\/lapidarium.fundacja-hereditas.pl\/wp-content\/uploads\/2022\/09\/Siedlce_Sienkiewicza-33_6a_Martyna-Leciak-696x897.jpg 696w\" sizes=\"auto, (max-width: 913px) 100vw, 913px\" \/><\/a><figcaption>Elewacja wschodnia. Okna poddasza Fot. Martyna Leciak 2022 r., \u017ar\u00f3d\u0142o: Res in Ornamento II.<\/figcaption><\/figure>\n\n\n\n<figure class=\"wp-block-image size-large\"><a href=\"http:\/\/lapidarium.fundacja-hereditas.pl\/wp-content\/uploads\/2022\/09\/Rob_Mar_Siedlce_Sienkiewicza_33_fasada_pln_09-scaled.jpg\"><img loading=\"lazy\" decoding=\"async\" width=\"2560\" height=\"1410\" data-id=\"9454\" src=\"http:\/\/lapidarium.fundacja-hereditas.pl\/wp-content\/uploads\/2022\/09\/Rob_Mar_Siedlce_Sienkiewicza_33_fasada_pln_09-scaled.jpg\" alt=\"oryginalne robione na miar\u0119 parapety. Fot. Robert Marcinkowski 2022 r., \u017ar\u00f3d\u0142o: Res in Ornamento II.\" class=\"wp-image-9454\" srcset=\"http:\/\/lapidarium.fundacja-hereditas.pl\/wp-content\/uploads\/2022\/09\/Rob_Mar_Siedlce_Sienkiewicza_33_fasada_pln_09-scaled.jpg 2560w, http:\/\/lapidarium.fundacja-hereditas.pl\/wp-content\/uploads\/2022\/09\/Rob_Mar_Siedlce_Sienkiewicza_33_fasada_pln_09-300x165.jpg 300w, http:\/\/lapidarium.fundacja-hereditas.pl\/wp-content\/uploads\/2022\/09\/Rob_Mar_Siedlce_Sienkiewicza_33_fasada_pln_09-1024x564.jpg 1024w, http:\/\/lapidarium.fundacja-hereditas.pl\/wp-content\/uploads\/2022\/09\/Rob_Mar_Siedlce_Sienkiewicza_33_fasada_pln_09-768x423.jpg 768w, http:\/\/lapidarium.fundacja-hereditas.pl\/wp-content\/uploads\/2022\/09\/Rob_Mar_Siedlce_Sienkiewicza_33_fasada_pln_09-1536x846.jpg 1536w, http:\/\/lapidarium.fundacja-hereditas.pl\/wp-content\/uploads\/2022\/09\/Rob_Mar_Siedlce_Sienkiewicza_33_fasada_pln_09-2048x1128.jpg 2048w, http:\/\/lapidarium.fundacja-hereditas.pl\/wp-content\/uploads\/2022\/09\/Rob_Mar_Siedlce_Sienkiewicza_33_fasada_pln_09-150x83.jpg 150w, http:\/\/lapidarium.fundacja-hereditas.pl\/wp-content\/uploads\/2022\/09\/Rob_Mar_Siedlce_Sienkiewicza_33_fasada_pln_09-696x383.jpg 696w, http:\/\/lapidarium.fundacja-hereditas.pl\/wp-content\/uploads\/2022\/09\/Rob_Mar_Siedlce_Sienkiewicza_33_fasada_pln_09-1068x588.jpg 1068w, http:\/\/lapidarium.fundacja-hereditas.pl\/wp-content\/uploads\/2022\/09\/Rob_Mar_Siedlce_Sienkiewicza_33_fasada_pln_09-1920x1058.jpg 1920w\" sizes=\"auto, (max-width: 2560px) 100vw, 2560px\" \/><\/a><figcaption>Elewacja frontowa. P\u0142yciny pod oknami parteru. oryginalne robione na miar\u0119 parapety. Fot. Robert Marcinkowski 2022 r., \u017ar\u00f3d\u0142o: Res in Ornamento II.<\/figcaption><\/figure>\n\n\n\n<figure class=\"wp-block-image size-large\"><a href=\"http:\/\/lapidarium.fundacja-hereditas.pl\/wp-content\/uploads\/2022\/09\/Siedlce_Sienkiewicza-33_Martyna-Leciak-scaled.jpg\"><img loading=\"lazy\" decoding=\"async\" width=\"1916\" height=\"2560\" data-id=\"9464\" src=\"http:\/\/lapidarium.fundacja-hereditas.pl\/wp-content\/uploads\/2022\/09\/Siedlce_Sienkiewicza-33_Martyna-Leciak-scaled.jpg\" alt=\"Elewacja frontowa. Tablica pami\u0105tkowa, wraz z tymczasowym pami\u0105tkowym graffiti tematycznym. Fot. Bo\u017cena Rudzisz 2022 r., \u017ar\u00f3d\u0142o: Res in Ornamento II.\" class=\"wp-image-9464\" srcset=\"http:\/\/lapidarium.fundacja-hereditas.pl\/wp-content\/uploads\/2022\/09\/Siedlce_Sienkiewicza-33_Martyna-Leciak-scaled.jpg 1916w, http:\/\/lapidarium.fundacja-hereditas.pl\/wp-content\/uploads\/2022\/09\/Siedlce_Sienkiewicza-33_Martyna-Leciak-225x300.jpg 225w, http:\/\/lapidarium.fundacja-hereditas.pl\/wp-content\/uploads\/2022\/09\/Siedlce_Sienkiewicza-33_Martyna-Leciak-766x1024.jpg 766w, http:\/\/lapidarium.fundacja-hereditas.pl\/wp-content\/uploads\/2022\/09\/Siedlce_Sienkiewicza-33_Martyna-Leciak-768x1026.jpg 768w, http:\/\/lapidarium.fundacja-hereditas.pl\/wp-content\/uploads\/2022\/09\/Siedlce_Sienkiewicza-33_Martyna-Leciak-1150x1536.jpg 1150w, http:\/\/lapidarium.fundacja-hereditas.pl\/wp-content\/uploads\/2022\/09\/Siedlce_Sienkiewicza-33_Martyna-Leciak-1533x2048.jpg 1533w, http:\/\/lapidarium.fundacja-hereditas.pl\/wp-content\/uploads\/2022\/09\/Siedlce_Sienkiewicza-33_Martyna-Leciak-150x200.jpg 150w, http:\/\/lapidarium.fundacja-hereditas.pl\/wp-content\/uploads\/2022\/09\/Siedlce_Sienkiewicza-33_Martyna-Leciak-300x401.jpg 300w, http:\/\/lapidarium.fundacja-hereditas.pl\/wp-content\/uploads\/2022\/09\/Siedlce_Sienkiewicza-33_Martyna-Leciak-696x930.jpg 696w, http:\/\/lapidarium.fundacja-hereditas.pl\/wp-content\/uploads\/2022\/09\/Siedlce_Sienkiewicza-33_Martyna-Leciak-1068x1427.jpg 1068w, http:\/\/lapidarium.fundacja-hereditas.pl\/wp-content\/uploads\/2022\/09\/Siedlce_Sienkiewicza-33_Martyna-Leciak-1920x2565.jpg 1920w\" sizes=\"auto, (max-width: 1916px) 100vw, 1916px\" \/><\/a><figcaption>Elewacja frontowa. Tablica pami\u0105tkowa, wraz z tymczasowym pami\u0105tkowym graffiti tematycznym. Fot. Bo\u017cena Rudzisz 2022 r., \u017ar\u00f3d\u0142o: Res in Ornamento II.<\/figcaption><\/figure>\n\n\n\n<figure class=\"wp-block-image size-large\"><a href=\"http:\/\/lapidarium.fundacja-hereditas.pl\/wp-content\/uploads\/2022\/09\/Siedlce_Sienkiewicza_33_elewacja_przednia_tablica_pamiatkowa__fot_Bozena_Rudzisz_2022-scaled.jpg\"><img loading=\"lazy\" decoding=\"async\" width=\"1683\" height=\"2560\" data-id=\"9473\" src=\"http:\/\/lapidarium.fundacja-hereditas.pl\/wp-content\/uploads\/2022\/09\/Siedlce_Sienkiewicza_33_elewacja_przednia_tablica_pamiatkowa__fot_Bozena_Rudzisz_2022-scaled.jpg\" alt=\"Elewacja frontowa. Tablica pami\u0105tkowa. Fot. Bo\u017cena Rudzisz 2022 r., \u017ar\u00f3d\u0142o: Res in Ornamento II.\" class=\"wp-image-9473\" srcset=\"http:\/\/lapidarium.fundacja-hereditas.pl\/wp-content\/uploads\/2022\/09\/Siedlce_Sienkiewicza_33_elewacja_przednia_tablica_pamiatkowa__fot_Bozena_Rudzisz_2022-scaled.jpg 1683w, http:\/\/lapidarium.fundacja-hereditas.pl\/wp-content\/uploads\/2022\/09\/Siedlce_Sienkiewicza_33_elewacja_przednia_tablica_pamiatkowa__fot_Bozena_Rudzisz_2022-197x300.jpg 197w, http:\/\/lapidarium.fundacja-hereditas.pl\/wp-content\/uploads\/2022\/09\/Siedlce_Sienkiewicza_33_elewacja_przednia_tablica_pamiatkowa__fot_Bozena_Rudzisz_2022-673x1024.jpg 673w, http:\/\/lapidarium.fundacja-hereditas.pl\/wp-content\/uploads\/2022\/09\/Siedlce_Sienkiewicza_33_elewacja_przednia_tablica_pamiatkowa__fot_Bozena_Rudzisz_2022-768x1168.jpg 768w, http:\/\/lapidarium.fundacja-hereditas.pl\/wp-content\/uploads\/2022\/09\/Siedlce_Sienkiewicza_33_elewacja_przednia_tablica_pamiatkowa__fot_Bozena_Rudzisz_2022-1010x1536.jpg 1010w\" sizes=\"auto, (max-width: 1683px) 100vw, 1683px\" \/><\/a><figcaption>Elewacja frontowa. Tablica pami\u0105tkowa. Fot. Bo\u017cena Rudzisz 2022 r., \u017ar\u00f3d\u0142o: Res in Ornamento II.<\/figcaption><\/figure>\n\n\n\n<figure class=\"wp-block-image size-large\"><a href=\"http:\/\/lapidarium.fundacja-hereditas.pl\/wp-content\/uploads\/2022\/09\/Rob_Mar_Siedlce_Sienkiewicza_33_fasada_pln_05-scaled.jpg\"><img loading=\"lazy\" decoding=\"async\" width=\"2560\" height=\"1450\" data-id=\"9452\" src=\"http:\/\/lapidarium.fundacja-hereditas.pl\/wp-content\/uploads\/2022\/09\/Rob_Mar_Siedlce_Sienkiewicza_33_fasada_pln_05-scaled.jpg\" alt=\"Elewacja frontowa. Nacz\u00f3\u0142ek nad oknem parteru. Widoczne stalowe belki nadpro\u017cy i ceglana baza dla obu nacz\u00f3\u0142k\u00f3w. Fot. Robert Marcinkowski 2022 r., \u017ar\u00f3d\u0142o: Res in Ornamento II.\" class=\"wp-image-9452\" srcset=\"http:\/\/lapidarium.fundacja-hereditas.pl\/wp-content\/uploads\/2022\/09\/Rob_Mar_Siedlce_Sienkiewicza_33_fasada_pln_05-scaled.jpg 2560w, http:\/\/lapidarium.fundacja-hereditas.pl\/wp-content\/uploads\/2022\/09\/Rob_Mar_Siedlce_Sienkiewicza_33_fasada_pln_05-300x170.jpg 300w, http:\/\/lapidarium.fundacja-hereditas.pl\/wp-content\/uploads\/2022\/09\/Rob_Mar_Siedlce_Sienkiewicza_33_fasada_pln_05-1024x580.jpg 1024w, http:\/\/lapidarium.fundacja-hereditas.pl\/wp-content\/uploads\/2022\/09\/Rob_Mar_Siedlce_Sienkiewicza_33_fasada_pln_05-768x435.jpg 768w, http:\/\/lapidarium.fundacja-hereditas.pl\/wp-content\/uploads\/2022\/09\/Rob_Mar_Siedlce_Sienkiewicza_33_fasada_pln_05-1536x870.jpg 1536w, http:\/\/lapidarium.fundacja-hereditas.pl\/wp-content\/uploads\/2022\/09\/Rob_Mar_Siedlce_Sienkiewicza_33_fasada_pln_05-2048x1160.jpg 2048w, http:\/\/lapidarium.fundacja-hereditas.pl\/wp-content\/uploads\/2022\/09\/Rob_Mar_Siedlce_Sienkiewicza_33_fasada_pln_05-150x85.jpg 150w, http:\/\/lapidarium.fundacja-hereditas.pl\/wp-content\/uploads\/2022\/09\/Rob_Mar_Siedlce_Sienkiewicza_33_fasada_pln_05-696x394.jpg 696w, http:\/\/lapidarium.fundacja-hereditas.pl\/wp-content\/uploads\/2022\/09\/Rob_Mar_Siedlce_Sienkiewicza_33_fasada_pln_05-1068x605.jpg 1068w, http:\/\/lapidarium.fundacja-hereditas.pl\/wp-content\/uploads\/2022\/09\/Rob_Mar_Siedlce_Sienkiewicza_33_fasada_pln_05-1920x1087.jpg 1920w\" sizes=\"auto, (max-width: 2560px) 100vw, 2560px\" \/><\/a><figcaption>Elewacja frontowa. Nacz\u00f3\u0142ek nad oknem parteru. Widoczne stalowe belki nadpro\u017cy i ceglana baza dla obu nacz\u00f3\u0142k\u00f3w. Fot. Robert Marcinkowski 2022 r., \u017ar\u00f3d\u0142o: Res in Ornamento II.<\/figcaption><\/figure>\n\n\n\n<figure class=\"wp-block-image size-large\"><a href=\"http:\/\/lapidarium.fundacja-hereditas.pl\/wp-content\/uploads\/2022\/09\/Siedlce_Sienkiewicza_33_elewacja_przednia_detal_4__fot_Bozena_Rudzisz_2022-scaled.jpg\"><img loading=\"lazy\" decoding=\"async\" width=\"2560\" height=\"1884\" data-id=\"9471\" src=\"http:\/\/lapidarium.fundacja-hereditas.pl\/wp-content\/uploads\/2022\/09\/Siedlce_Sienkiewicza_33_elewacja_przednia_detal_4__fot_Bozena_Rudzisz_2022-scaled.jpg\" alt=\"Elewacja frontowa. Spos\u00f3b podtrzymania gzymsu. Fot. Bo\u017cena Rudzisz 2022 r., \u017ar\u00f3d\u0142o: Res in Ornamento II.\" class=\"wp-image-9471\" srcset=\"http:\/\/lapidarium.fundacja-hereditas.pl\/wp-content\/uploads\/2022\/09\/Siedlce_Sienkiewicza_33_elewacja_przednia_detal_4__fot_Bozena_Rudzisz_2022-scaled.jpg 2560w, http:\/\/lapidarium.fundacja-hereditas.pl\/wp-content\/uploads\/2022\/09\/Siedlce_Sienkiewicza_33_elewacja_przednia_detal_4__fot_Bozena_Rudzisz_2022-300x221.jpg 300w, http:\/\/lapidarium.fundacja-hereditas.pl\/wp-content\/uploads\/2022\/09\/Siedlce_Sienkiewicza_33_elewacja_przednia_detal_4__fot_Bozena_Rudzisz_2022-1024x754.jpg 1024w, http:\/\/lapidarium.fundacja-hereditas.pl\/wp-content\/uploads\/2022\/09\/Siedlce_Sienkiewicza_33_elewacja_przednia_detal_4__fot_Bozena_Rudzisz_2022-768x565.jpg 768w, http:\/\/lapidarium.fundacja-hereditas.pl\/wp-content\/uploads\/2022\/09\/Siedlce_Sienkiewicza_33_elewacja_przednia_detal_4__fot_Bozena_Rudzisz_2022-1536x1131.jpg 1536w, http:\/\/lapidarium.fundacja-hereditas.pl\/wp-content\/uploads\/2022\/09\/Siedlce_Sienkiewicza_33_elewacja_przednia_detal_4__fot_Bozena_Rudzisz_2022-2048x1507.jpg 2048w, http:\/\/lapidarium.fundacja-hereditas.pl\/wp-content\/uploads\/2022\/09\/Siedlce_Sienkiewicza_33_elewacja_przednia_detal_4__fot_Bozena_Rudzisz_2022-150x110.jpg 150w, http:\/\/lapidarium.fundacja-hereditas.pl\/wp-content\/uploads\/2022\/09\/Siedlce_Sienkiewicza_33_elewacja_przednia_detal_4__fot_Bozena_Rudzisz_2022-696x512.jpg 696w, http:\/\/lapidarium.fundacja-hereditas.pl\/wp-content\/uploads\/2022\/09\/Siedlce_Sienkiewicza_33_elewacja_przednia_detal_4__fot_Bozena_Rudzisz_2022-1068x786.jpg 1068w, http:\/\/lapidarium.fundacja-hereditas.pl\/wp-content\/uploads\/2022\/09\/Siedlce_Sienkiewicza_33_elewacja_przednia_detal_4__fot_Bozena_Rudzisz_2022-1920x1413.jpg 1920w\" sizes=\"auto, (max-width: 2560px) 100vw, 2560px\" \/><\/a><figcaption>Elewacja frontowa. Spos\u00f3b podtrzymania gzymsu. Fot. Bo\u017cena Rudzisz 2022 r., \u017ar\u00f3d\u0142o: Res in Ornamento II.<\/figcaption><\/figure>\n\n\n\n<figure class=\"wp-block-image size-large\"><a href=\"http:\/\/lapidarium.fundacja-hereditas.pl\/wp-content\/uploads\/2022\/09\/Rob_Mar_Siedlce_Sienkiewicza_33_fasada_pln_11-scaled.jpg\"><img loading=\"lazy\" decoding=\"async\" width=\"2560\" height=\"1450\" data-id=\"9456\" src=\"http:\/\/lapidarium.fundacja-hereditas.pl\/wp-content\/uploads\/2022\/09\/Rob_Mar_Siedlce_Sienkiewicza_33_fasada_pln_11-scaled.jpg\" alt=\"Elewacja frontowa. Spos\u00f3b podtrzymania gzymsu. Fot. Robert Marcinkowski 2022 r., \u017ar\u00f3d\u0142o: Res in Ornamento II.\" class=\"wp-image-9456\" srcset=\"http:\/\/lapidarium.fundacja-hereditas.pl\/wp-content\/uploads\/2022\/09\/Rob_Mar_Siedlce_Sienkiewicza_33_fasada_pln_11-scaled.jpg 2560w, http:\/\/lapidarium.fundacja-hereditas.pl\/wp-content\/uploads\/2022\/09\/Rob_Mar_Siedlce_Sienkiewicza_33_fasada_pln_11-300x170.jpg 300w, http:\/\/lapidarium.fundacja-hereditas.pl\/wp-content\/uploads\/2022\/09\/Rob_Mar_Siedlce_Sienkiewicza_33_fasada_pln_11-1024x580.jpg 1024w, http:\/\/lapidarium.fundacja-hereditas.pl\/wp-content\/uploads\/2022\/09\/Rob_Mar_Siedlce_Sienkiewicza_33_fasada_pln_11-768x435.jpg 768w, http:\/\/lapidarium.fundacja-hereditas.pl\/wp-content\/uploads\/2022\/09\/Rob_Mar_Siedlce_Sienkiewicza_33_fasada_pln_11-1536x870.jpg 1536w, http:\/\/lapidarium.fundacja-hereditas.pl\/wp-content\/uploads\/2022\/09\/Rob_Mar_Siedlce_Sienkiewicza_33_fasada_pln_11-2048x1160.jpg 2048w, http:\/\/lapidarium.fundacja-hereditas.pl\/wp-content\/uploads\/2022\/09\/Rob_Mar_Siedlce_Sienkiewicza_33_fasada_pln_11-150x85.jpg 150w, http:\/\/lapidarium.fundacja-hereditas.pl\/wp-content\/uploads\/2022\/09\/Rob_Mar_Siedlce_Sienkiewicza_33_fasada_pln_11-696x394.jpg 696w, http:\/\/lapidarium.fundacja-hereditas.pl\/wp-content\/uploads\/2022\/09\/Rob_Mar_Siedlce_Sienkiewicza_33_fasada_pln_11-1068x605.jpg 1068w, http:\/\/lapidarium.fundacja-hereditas.pl\/wp-content\/uploads\/2022\/09\/Rob_Mar_Siedlce_Sienkiewicza_33_fasada_pln_11-1920x1087.jpg 1920w\" sizes=\"auto, (max-width: 2560px) 100vw, 2560px\" \/><\/a><figcaption>Elewacja frontowa. Spos\u00f3b podtrzymania gzymsu. Fot. Robert Marcinkowski 2022 r., \u017ar\u00f3d\u0142o: Res in Ornamento II.<\/figcaption><\/figure>\n\n\n\n<figure class=\"wp-block-image size-large\"><a href=\"http:\/\/lapidarium.fundacja-hereditas.pl\/wp-content\/uploads\/2022\/09\/Rob_Mar_Siedlce_Sienkiewicza_33_fasada_pln_07-scaled.jpg\"><img loading=\"lazy\" decoding=\"async\" width=\"2560\" height=\"1445\" data-id=\"9453\" src=\"http:\/\/lapidarium.fundacja-hereditas.pl\/wp-content\/uploads\/2022\/09\/Rob_Mar_Siedlce_Sienkiewicza_33_fasada_pln_07-scaled.jpg\" alt=\"Elewacja frontowa. Nacz\u00f3\u0142ek nad oknem parteru. Widoczna stalowa belka nadpro\u017ca i ceglana baza dla \u0142uku nacz\u00f3\u0142ka. Fot. Robert Marcinkowski 2022 r., \u017ar\u00f3d\u0142o: Res in Ornamento II.\" class=\"wp-image-9453\" srcset=\"http:\/\/lapidarium.fundacja-hereditas.pl\/wp-content\/uploads\/2022\/09\/Rob_Mar_Siedlce_Sienkiewicza_33_fasada_pln_07-scaled.jpg 2560w, http:\/\/lapidarium.fundacja-hereditas.pl\/wp-content\/uploads\/2022\/09\/Rob_Mar_Siedlce_Sienkiewicza_33_fasada_pln_07-300x169.jpg 300w, http:\/\/lapidarium.fundacja-hereditas.pl\/wp-content\/uploads\/2022\/09\/Rob_Mar_Siedlce_Sienkiewicza_33_fasada_pln_07-1024x578.jpg 1024w, http:\/\/lapidarium.fundacja-hereditas.pl\/wp-content\/uploads\/2022\/09\/Rob_Mar_Siedlce_Sienkiewicza_33_fasada_pln_07-768x434.jpg 768w, http:\/\/lapidarium.fundacja-hereditas.pl\/wp-content\/uploads\/2022\/09\/Rob_Mar_Siedlce_Sienkiewicza_33_fasada_pln_07-1536x867.jpg 1536w, http:\/\/lapidarium.fundacja-hereditas.pl\/wp-content\/uploads\/2022\/09\/Rob_Mar_Siedlce_Sienkiewicza_33_fasada_pln_07-2048x1156.jpg 2048w, http:\/\/lapidarium.fundacja-hereditas.pl\/wp-content\/uploads\/2022\/09\/Rob_Mar_Siedlce_Sienkiewicza_33_fasada_pln_07-150x85.jpg 150w, http:\/\/lapidarium.fundacja-hereditas.pl\/wp-content\/uploads\/2022\/09\/Rob_Mar_Siedlce_Sienkiewicza_33_fasada_pln_07-696x393.jpg 696w, http:\/\/lapidarium.fundacja-hereditas.pl\/wp-content\/uploads\/2022\/09\/Rob_Mar_Siedlce_Sienkiewicza_33_fasada_pln_07-1068x603.jpg 1068w, http:\/\/lapidarium.fundacja-hereditas.pl\/wp-content\/uploads\/2022\/09\/Rob_Mar_Siedlce_Sienkiewicza_33_fasada_pln_07-1920x1084.jpg 1920w\" sizes=\"auto, (max-width: 2560px) 100vw, 2560px\" \/><\/a><figcaption>Elewacja frontowa. Nacz\u00f3\u0142ek nad oknem parteru. Widoczna stalowa belka nadpro\u017ca i ceglana baza dla \u0142uku nacz\u00f3\u0142ka. Fot. Robert Marcinkowski 2022 r., \u017ar\u00f3d\u0142o: Res in Ornamento II.<\/figcaption><\/figure>\n\n\n\n<figure class=\"wp-block-image size-large\"><a href=\"http:\/\/lapidarium.fundacja-hereditas.pl\/wp-content\/uploads\/2022\/09\/Siedlce_Sienkiewicza_33_elewacja_przednia_detal_2__fot_Bozena_Rudzisz_2022-scaled.jpg\"><img loading=\"lazy\" decoding=\"async\" width=\"2560\" height=\"1959\" data-id=\"9469\" src=\"http:\/\/lapidarium.fundacja-hereditas.pl\/wp-content\/uploads\/2022\/09\/Siedlce_Sienkiewicza_33_elewacja_przednia_detal_2__fot_Bozena_Rudzisz_2022-scaled.jpg\" alt=\"Elewacja frontowa. Nacz\u00f3\u0142ek nad oknem parteru. Fot. Bo\u017cena Rudzisz 2022 r., \u017ar\u00f3d\u0142o: Res in Ornamento II.\" class=\"wp-image-9469\" srcset=\"http:\/\/lapidarium.fundacja-hereditas.pl\/wp-content\/uploads\/2022\/09\/Siedlce_Sienkiewicza_33_elewacja_przednia_detal_2__fot_Bozena_Rudzisz_2022-scaled.jpg 2560w, http:\/\/lapidarium.fundacja-hereditas.pl\/wp-content\/uploads\/2022\/09\/Siedlce_Sienkiewicza_33_elewacja_przednia_detal_2__fot_Bozena_Rudzisz_2022-300x230.jpg 300w, http:\/\/lapidarium.fundacja-hereditas.pl\/wp-content\/uploads\/2022\/09\/Siedlce_Sienkiewicza_33_elewacja_przednia_detal_2__fot_Bozena_Rudzisz_2022-1024x784.jpg 1024w, http:\/\/lapidarium.fundacja-hereditas.pl\/wp-content\/uploads\/2022\/09\/Siedlce_Sienkiewicza_33_elewacja_przednia_detal_2__fot_Bozena_Rudzisz_2022-768x588.jpg 768w, http:\/\/lapidarium.fundacja-hereditas.pl\/wp-content\/uploads\/2022\/09\/Siedlce_Sienkiewicza_33_elewacja_przednia_detal_2__fot_Bozena_Rudzisz_2022-1536x1176.jpg 1536w, http:\/\/lapidarium.fundacja-hereditas.pl\/wp-content\/uploads\/2022\/09\/Siedlce_Sienkiewicza_33_elewacja_przednia_detal_2__fot_Bozena_Rudzisz_2022-2048x1568.jpg 2048w, http:\/\/lapidarium.fundacja-hereditas.pl\/wp-content\/uploads\/2022\/09\/Siedlce_Sienkiewicza_33_elewacja_przednia_detal_2__fot_Bozena_Rudzisz_2022-150x115.jpg 150w, http:\/\/lapidarium.fundacja-hereditas.pl\/wp-content\/uploads\/2022\/09\/Siedlce_Sienkiewicza_33_elewacja_przednia_detal_2__fot_Bozena_Rudzisz_2022-696x533.jpg 696w, http:\/\/lapidarium.fundacja-hereditas.pl\/wp-content\/uploads\/2022\/09\/Siedlce_Sienkiewicza_33_elewacja_przednia_detal_2__fot_Bozena_Rudzisz_2022-1068x817.jpg 1068w, http:\/\/lapidarium.fundacja-hereditas.pl\/wp-content\/uploads\/2022\/09\/Siedlce_Sienkiewicza_33_elewacja_przednia_detal_2__fot_Bozena_Rudzisz_2022-1920x1470.jpg 1920w\" sizes=\"auto, (max-width: 2560px) 100vw, 2560px\" \/><\/a><figcaption>Elewacja frontowa. Nacz\u00f3\u0142ek nad oknem parteru. Fot. Bo\u017cena Rudzisz 2022 r., \u017ar\u00f3d\u0142o: Res in Ornamento II.<\/figcaption><\/figure>\n\n\n\n<figure class=\"wp-block-image size-large\"><a href=\"http:\/\/lapidarium.fundacja-hereditas.pl\/wp-content\/uploads\/2022\/09\/Siedlce_Sienkiewicza_33_elewacja_przednia_detal_3__fot_Bozena_Rudzisz_2022-scaled.jpg\"><img loading=\"lazy\" decoding=\"async\" width=\"2560\" height=\"1733\" data-id=\"9470\" src=\"http:\/\/lapidarium.fundacja-hereditas.pl\/wp-content\/uploads\/2022\/09\/Siedlce_Sienkiewicza_33_elewacja_przednia_detal_3__fot_Bozena_Rudzisz_2022-scaled.jpg\" alt=\"Elewacja frontowa. Ozdoba nad oknem parteru. Fot. Bo\u017cena Rudzisz 2022 r., \u017ar\u00f3d\u0142o: Res in Ornamento II.\" class=\"wp-image-9470\" srcset=\"http:\/\/lapidarium.fundacja-hereditas.pl\/wp-content\/uploads\/2022\/09\/Siedlce_Sienkiewicza_33_elewacja_przednia_detal_3__fot_Bozena_Rudzisz_2022-scaled.jpg 2560w, http:\/\/lapidarium.fundacja-hereditas.pl\/wp-content\/uploads\/2022\/09\/Siedlce_Sienkiewicza_33_elewacja_przednia_detal_3__fot_Bozena_Rudzisz_2022-300x203.jpg 300w, http:\/\/lapidarium.fundacja-hereditas.pl\/wp-content\/uploads\/2022\/09\/Siedlce_Sienkiewicza_33_elewacja_przednia_detal_3__fot_Bozena_Rudzisz_2022-1024x693.jpg 1024w, http:\/\/lapidarium.fundacja-hereditas.pl\/wp-content\/uploads\/2022\/09\/Siedlce_Sienkiewicza_33_elewacja_przednia_detal_3__fot_Bozena_Rudzisz_2022-768x520.jpg 768w, http:\/\/lapidarium.fundacja-hereditas.pl\/wp-content\/uploads\/2022\/09\/Siedlce_Sienkiewicza_33_elewacja_przednia_detal_3__fot_Bozena_Rudzisz_2022-1536x1040.jpg 1536w, http:\/\/lapidarium.fundacja-hereditas.pl\/wp-content\/uploads\/2022\/09\/Siedlce_Sienkiewicza_33_elewacja_przednia_detal_3__fot_Bozena_Rudzisz_2022-2048x1387.jpg 2048w, http:\/\/lapidarium.fundacja-hereditas.pl\/wp-content\/uploads\/2022\/09\/Siedlce_Sienkiewicza_33_elewacja_przednia_detal_3__fot_Bozena_Rudzisz_2022-150x102.jpg 150w, http:\/\/lapidarium.fundacja-hereditas.pl\/wp-content\/uploads\/2022\/09\/Siedlce_Sienkiewicza_33_elewacja_przednia_detal_3__fot_Bozena_Rudzisz_2022-696x471.jpg 696w, http:\/\/lapidarium.fundacja-hereditas.pl\/wp-content\/uploads\/2022\/09\/Siedlce_Sienkiewicza_33_elewacja_przednia_detal_3__fot_Bozena_Rudzisz_2022-1068x723.jpg 1068w, http:\/\/lapidarium.fundacja-hereditas.pl\/wp-content\/uploads\/2022\/09\/Siedlce_Sienkiewicza_33_elewacja_przednia_detal_3__fot_Bozena_Rudzisz_2022-1920x1300.jpg 1920w\" sizes=\"auto, (max-width: 2560px) 100vw, 2560px\" \/><\/a><figcaption>Elewacja frontowa. Ozdoba nad oknem parteru. Fot. Bo\u017cena Rudzisz 2022 r., \u017ar\u00f3d\u0142o: Res in Ornamento II.<\/figcaption><\/figure>\n\n\n\n<figure class=\"wp-block-image size-large\"><a href=\"http:\/\/lapidarium.fundacja-hereditas.pl\/wp-content\/uploads\/2022\/09\/Siedlce_Sienkiewicza_33_elewacja_przednia_detal_1_fot_Bozena_Rudzisz_2022-scaled.jpg\"><img loading=\"lazy\" decoding=\"async\" width=\"2560\" height=\"1901\" data-id=\"9468\" src=\"http:\/\/lapidarium.fundacja-hereditas.pl\/wp-content\/uploads\/2022\/09\/Siedlce_Sienkiewicza_33_elewacja_przednia_detal_1_fot_Bozena_Rudzisz_2022-scaled.jpg\" alt=\"Elewacja frontowa. Cz\u0119\u015b\u0107 \u015brodkowa - z balkonem. Fot. Bo\u017cena Rudzisz 2022 r., \u017ar\u00f3d\u0142o: Res in Ornamento II.\" class=\"wp-image-9468\" srcset=\"http:\/\/lapidarium.fundacja-hereditas.pl\/wp-content\/uploads\/2022\/09\/Siedlce_Sienkiewicza_33_elewacja_przednia_detal_1_fot_Bozena_Rudzisz_2022-scaled.jpg 2560w, http:\/\/lapidarium.fundacja-hereditas.pl\/wp-content\/uploads\/2022\/09\/Siedlce_Sienkiewicza_33_elewacja_przednia_detal_1_fot_Bozena_Rudzisz_2022-300x223.jpg 300w, http:\/\/lapidarium.fundacja-hereditas.pl\/wp-content\/uploads\/2022\/09\/Siedlce_Sienkiewicza_33_elewacja_przednia_detal_1_fot_Bozena_Rudzisz_2022-1024x760.jpg 1024w, http:\/\/lapidarium.fundacja-hereditas.pl\/wp-content\/uploads\/2022\/09\/Siedlce_Sienkiewicza_33_elewacja_przednia_detal_1_fot_Bozena_Rudzisz_2022-768x570.jpg 768w, http:\/\/lapidarium.fundacja-hereditas.pl\/wp-content\/uploads\/2022\/09\/Siedlce_Sienkiewicza_33_elewacja_przednia_detal_1_fot_Bozena_Rudzisz_2022-1536x1141.jpg 1536w, http:\/\/lapidarium.fundacja-hereditas.pl\/wp-content\/uploads\/2022\/09\/Siedlce_Sienkiewicza_33_elewacja_przednia_detal_1_fot_Bozena_Rudzisz_2022-2048x1521.jpg 2048w, http:\/\/lapidarium.fundacja-hereditas.pl\/wp-content\/uploads\/2022\/09\/Siedlce_Sienkiewicza_33_elewacja_przednia_detal_1_fot_Bozena_Rudzisz_2022-150x111.jpg 150w, http:\/\/lapidarium.fundacja-hereditas.pl\/wp-content\/uploads\/2022\/09\/Siedlce_Sienkiewicza_33_elewacja_przednia_detal_1_fot_Bozena_Rudzisz_2022-485x360.jpg 485w, http:\/\/lapidarium.fundacja-hereditas.pl\/wp-content\/uploads\/2022\/09\/Siedlce_Sienkiewicza_33_elewacja_przednia_detal_1_fot_Bozena_Rudzisz_2022-696x517.jpg 696w, http:\/\/lapidarium.fundacja-hereditas.pl\/wp-content\/uploads\/2022\/09\/Siedlce_Sienkiewicza_33_elewacja_przednia_detal_1_fot_Bozena_Rudzisz_2022-1068x793.jpg 1068w, http:\/\/lapidarium.fundacja-hereditas.pl\/wp-content\/uploads\/2022\/09\/Siedlce_Sienkiewicza_33_elewacja_przednia_detal_1_fot_Bozena_Rudzisz_2022-1920x1426.jpg 1920w\" sizes=\"auto, (max-width: 2560px) 100vw, 2560px\" \/><\/a><figcaption>Elewacja frontowa. Cz\u0119\u015b\u0107 \u015brodkowa &#8211; z balkonem. Fot. Bo\u017cena Rudzisz 2022 r., \u017ar\u00f3d\u0142o: Res in Ornamento II.<\/figcaption><\/figure>\n\n\n\n<figure class=\"wp-block-image size-large\"><a href=\"http:\/\/lapidarium.fundacja-hereditas.pl\/wp-content\/uploads\/2022\/09\/Siedlce_Sienkiewicza_33_elewacja_przednia_balkon_detal_2__fot_Bozena_Rudzisz_2022-scaled.jpg\"><img loading=\"lazy\" decoding=\"async\" width=\"1813\" height=\"2560\" data-id=\"9467\" src=\"http:\/\/lapidarium.fundacja-hereditas.pl\/wp-content\/uploads\/2022\/09\/Siedlce_Sienkiewicza_33_elewacja_przednia_balkon_detal_2__fot_Bozena_Rudzisz_2022-scaled.jpg\" alt=\"Elewacja frontowa. Balkon na I pi\u0119trze. Fot. Bo\u017cena Rudzisz 2022 r., \u017ar\u00f3d\u0142o: Res in Ornamento II.\" class=\"wp-image-9467\" srcset=\"http:\/\/lapidarium.fundacja-hereditas.pl\/wp-content\/uploads\/2022\/09\/Siedlce_Sienkiewicza_33_elewacja_przednia_balkon_detal_2__fot_Bozena_Rudzisz_2022-scaled.jpg 1813w, http:\/\/lapidarium.fundacja-hereditas.pl\/wp-content\/uploads\/2022\/09\/Siedlce_Sienkiewicza_33_elewacja_przednia_balkon_detal_2__fot_Bozena_Rudzisz_2022-212x300.jpg 212w, http:\/\/lapidarium.fundacja-hereditas.pl\/wp-content\/uploads\/2022\/09\/Siedlce_Sienkiewicza_33_elewacja_przednia_balkon_detal_2__fot_Bozena_Rudzisz_2022-725x1024.jpg 725w, http:\/\/lapidarium.fundacja-hereditas.pl\/wp-content\/uploads\/2022\/09\/Siedlce_Sienkiewicza_33_elewacja_przednia_balkon_detal_2__fot_Bozena_Rudzisz_2022-768x1085.jpg 768w, http:\/\/lapidarium.fundacja-hereditas.pl\/wp-content\/uploads\/2022\/09\/Siedlce_Sienkiewicza_33_elewacja_przednia_balkon_detal_2__fot_Bozena_Rudzisz_2022-1088x1536.jpg 1088w, http:\/\/lapidarium.fundacja-hereditas.pl\/wp-content\/uploads\/2022\/09\/Siedlce_Sienkiewicza_33_elewacja_przednia_balkon_detal_2__fot_Bozena_Rudzisz_2022-1450x2048.jpg 1450w, http:\/\/lapidarium.fundacja-hereditas.pl\/wp-content\/uploads\/2022\/09\/Siedlce_Sienkiewicza_33_elewacja_przednia_balkon_detal_2__fot_Bozena_Rudzisz_2022-150x212.jpg 150w, http:\/\/lapidarium.fundacja-hereditas.pl\/wp-content\/uploads\/2022\/09\/Siedlce_Sienkiewicza_33_elewacja_przednia_balkon_detal_2__fot_Bozena_Rudzisz_2022-300x424.jpg 300w, http:\/\/lapidarium.fundacja-hereditas.pl\/wp-content\/uploads\/2022\/09\/Siedlce_Sienkiewicza_33_elewacja_przednia_balkon_detal_2__fot_Bozena_Rudzisz_2022-696x983.jpg 696w, http:\/\/lapidarium.fundacja-hereditas.pl\/wp-content\/uploads\/2022\/09\/Siedlce_Sienkiewicza_33_elewacja_przednia_balkon_detal_2__fot_Bozena_Rudzisz_2022-1068x1508.jpg 1068w, http:\/\/lapidarium.fundacja-hereditas.pl\/wp-content\/uploads\/2022\/09\/Siedlce_Sienkiewicza_33_elewacja_przednia_balkon_detal_2__fot_Bozena_Rudzisz_2022-1920x2712.jpg 1920w\" sizes=\"auto, (max-width: 1813px) 100vw, 1813px\" \/><\/a><figcaption>Elewacja frontowa. Balkon na I pi\u0119trze. Fot. Bo\u017cena Rudzisz 2022 r., \u017ar\u00f3d\u0142o: Res in Ornamento II.<\/figcaption><\/figure>\n\n\n\n<figure class=\"wp-block-image size-large\"><a href=\"http:\/\/lapidarium.fundacja-hereditas.pl\/wp-content\/uploads\/2022\/09\/Siedlce_Sienkiewicza_33_balkon_detal__fot_Bozena_Rudzisz_2022-scaled.jpg\"><img loading=\"lazy\" decoding=\"async\" width=\"1919\" height=\"2560\" data-id=\"9465\" src=\"http:\/\/lapidarium.fundacja-hereditas.pl\/wp-content\/uploads\/2022\/09\/Siedlce_Sienkiewicza_33_balkon_detal__fot_Bozena_Rudzisz_2022-scaled.jpg\" alt=\"Elewacja frontowa. \u017beliwny wspornik balkonu na I pi\u0119trze. Fot. Bo\u017cena Rudzisz 2022 r., \u017ar\u00f3d\u0142o: Res in Ornamento II.\" class=\"wp-image-9465\" srcset=\"http:\/\/lapidarium.fundacja-hereditas.pl\/wp-content\/uploads\/2022\/09\/Siedlce_Sienkiewicza_33_balkon_detal__fot_Bozena_Rudzisz_2022-scaled.jpg 1919w, http:\/\/lapidarium.fundacja-hereditas.pl\/wp-content\/uploads\/2022\/09\/Siedlce_Sienkiewicza_33_balkon_detal__fot_Bozena_Rudzisz_2022-225x300.jpg 225w, http:\/\/lapidarium.fundacja-hereditas.pl\/wp-content\/uploads\/2022\/09\/Siedlce_Sienkiewicza_33_balkon_detal__fot_Bozena_Rudzisz_2022-768x1024.jpg 768w, http:\/\/lapidarium.fundacja-hereditas.pl\/wp-content\/uploads\/2022\/09\/Siedlce_Sienkiewicza_33_balkon_detal__fot_Bozena_Rudzisz_2022-1152x1536.jpg 1152w, http:\/\/lapidarium.fundacja-hereditas.pl\/wp-content\/uploads\/2022\/09\/Siedlce_Sienkiewicza_33_balkon_detal__fot_Bozena_Rudzisz_2022-1535x2048.jpg 1535w, http:\/\/lapidarium.fundacja-hereditas.pl\/wp-content\/uploads\/2022\/09\/Siedlce_Sienkiewicza_33_balkon_detal__fot_Bozena_Rudzisz_2022-150x200.jpg 150w, http:\/\/lapidarium.fundacja-hereditas.pl\/wp-content\/uploads\/2022\/09\/Siedlce_Sienkiewicza_33_balkon_detal__fot_Bozena_Rudzisz_2022-300x400.jpg 300w, http:\/\/lapidarium.fundacja-hereditas.pl\/wp-content\/uploads\/2022\/09\/Siedlce_Sienkiewicza_33_balkon_detal__fot_Bozena_Rudzisz_2022-696x928.jpg 696w, http:\/\/lapidarium.fundacja-hereditas.pl\/wp-content\/uploads\/2022\/09\/Siedlce_Sienkiewicza_33_balkon_detal__fot_Bozena_Rudzisz_2022-1068x1425.jpg 1068w, http:\/\/lapidarium.fundacja-hereditas.pl\/wp-content\/uploads\/2022\/09\/Siedlce_Sienkiewicza_33_balkon_detal__fot_Bozena_Rudzisz_2022-1920x2561.jpg 1920w\" sizes=\"auto, (max-width: 1919px) 100vw, 1919px\" \/><\/a><figcaption>Elewacja frontowa. \u017beliwny wspornik balkonu na I pi\u0119trze. Fot. Bo\u017cena Rudzisz 2022 r., \u017ar\u00f3d\u0142o: Res in Ornamento II.<\/figcaption><\/figure>\n\n\n\n<figure class=\"wp-block-image size-large\"><a href=\"http:\/\/lapidarium.fundacja-hereditas.pl\/wp-content\/uploads\/2022\/09\/Rob_Mar_Siedlce_Sienkiewicza_33_fasada_pln_12-scaled.jpg\"><img loading=\"lazy\" decoding=\"async\" width=\"1772\" height=\"2560\" data-id=\"9457\" src=\"http:\/\/lapidarium.fundacja-hereditas.pl\/wp-content\/uploads\/2022\/09\/Rob_Mar_Siedlce_Sienkiewicza_33_fasada_pln_12-scaled.jpg\" alt=\"Elewacja frontowa. Facjata z wyj\u015bciem na balkon. Fot. Robert Marcinkowski 2022 r., \u017ar\u00f3d\u0142o: Res in Ornamento II.\" class=\"wp-image-9457\" srcset=\"http:\/\/lapidarium.fundacja-hereditas.pl\/wp-content\/uploads\/2022\/09\/Rob_Mar_Siedlce_Sienkiewicza_33_fasada_pln_12-scaled.jpg 1772w, http:\/\/lapidarium.fundacja-hereditas.pl\/wp-content\/uploads\/2022\/09\/Rob_Mar_Siedlce_Sienkiewicza_33_fasada_pln_12-208x300.jpg 208w, http:\/\/lapidarium.fundacja-hereditas.pl\/wp-content\/uploads\/2022\/09\/Rob_Mar_Siedlce_Sienkiewicza_33_fasada_pln_12-709x1024.jpg 709w, http:\/\/lapidarium.fundacja-hereditas.pl\/wp-content\/uploads\/2022\/09\/Rob_Mar_Siedlce_Sienkiewicza_33_fasada_pln_12-768x1110.jpg 768w, http:\/\/lapidarium.fundacja-hereditas.pl\/wp-content\/uploads\/2022\/09\/Rob_Mar_Siedlce_Sienkiewicza_33_fasada_pln_12-1063x1536.jpg 1063w, http:\/\/lapidarium.fundacja-hereditas.pl\/wp-content\/uploads\/2022\/09\/Rob_Mar_Siedlce_Sienkiewicza_33_fasada_pln_12-1418x2048.jpg 1418w, http:\/\/lapidarium.fundacja-hereditas.pl\/wp-content\/uploads\/2022\/09\/Rob_Mar_Siedlce_Sienkiewicza_33_fasada_pln_12-150x217.jpg 150w, http:\/\/lapidarium.fundacja-hereditas.pl\/wp-content\/uploads\/2022\/09\/Rob_Mar_Siedlce_Sienkiewicza_33_fasada_pln_12-300x433.jpg 300w, http:\/\/lapidarium.fundacja-hereditas.pl\/wp-content\/uploads\/2022\/09\/Rob_Mar_Siedlce_Sienkiewicza_33_fasada_pln_12-696x1006.jpg 696w, http:\/\/lapidarium.fundacja-hereditas.pl\/wp-content\/uploads\/2022\/09\/Rob_Mar_Siedlce_Sienkiewicza_33_fasada_pln_12-1068x1543.jpg 1068w, http:\/\/lapidarium.fundacja-hereditas.pl\/wp-content\/uploads\/2022\/09\/Rob_Mar_Siedlce_Sienkiewicza_33_fasada_pln_12-1920x2774.jpg 1920w\" sizes=\"auto, (max-width: 1772px) 100vw, 1772px\" \/><\/a><figcaption>Elewacja frontowa. Facjata z wyj\u015bciem na balkon. Fot. Robert Marcinkowski 2022 r., \u017ar\u00f3d\u0142o: Res in Ornamento II.<\/figcaption><\/figure>\n\n\n\n<figure class=\"wp-block-image size-large\"><a href=\"http:\/\/lapidarium.fundacja-hereditas.pl\/wp-content\/uploads\/2022\/09\/Rob_Mar_Siedlce_Sienkiewicza_33_fasada_pln_10-scaled.jpg\"><img loading=\"lazy\" decoding=\"async\" width=\"2560\" height=\"1459\" data-id=\"9455\" src=\"http:\/\/lapidarium.fundacja-hereditas.pl\/wp-content\/uploads\/2022\/09\/Rob_Mar_Siedlce_Sienkiewicza_33_fasada_pln_10-scaled.jpg\" alt=\"Elewacja frontowa. Fryz nad oknami balkonowymi. Fot. Robert Marcinkowski 2022 r., \u017ar\u00f3d\u0142o: Res in Ornamento II.\" class=\"wp-image-9455\" srcset=\"http:\/\/lapidarium.fundacja-hereditas.pl\/wp-content\/uploads\/2022\/09\/Rob_Mar_Siedlce_Sienkiewicza_33_fasada_pln_10-scaled.jpg 2560w, http:\/\/lapidarium.fundacja-hereditas.pl\/wp-content\/uploads\/2022\/09\/Rob_Mar_Siedlce_Sienkiewicza_33_fasada_pln_10-300x171.jpg 300w, http:\/\/lapidarium.fundacja-hereditas.pl\/wp-content\/uploads\/2022\/09\/Rob_Mar_Siedlce_Sienkiewicza_33_fasada_pln_10-1024x583.jpg 1024w, http:\/\/lapidarium.fundacja-hereditas.pl\/wp-content\/uploads\/2022\/09\/Rob_Mar_Siedlce_Sienkiewicza_33_fasada_pln_10-768x438.jpg 768w, http:\/\/lapidarium.fundacja-hereditas.pl\/wp-content\/uploads\/2022\/09\/Rob_Mar_Siedlce_Sienkiewicza_33_fasada_pln_10-1536x875.jpg 1536w, http:\/\/lapidarium.fundacja-hereditas.pl\/wp-content\/uploads\/2022\/09\/Rob_Mar_Siedlce_Sienkiewicza_33_fasada_pln_10-2048x1167.jpg 2048w, http:\/\/lapidarium.fundacja-hereditas.pl\/wp-content\/uploads\/2022\/09\/Rob_Mar_Siedlce_Sienkiewicza_33_fasada_pln_10-150x85.jpg 150w, http:\/\/lapidarium.fundacja-hereditas.pl\/wp-content\/uploads\/2022\/09\/Rob_Mar_Siedlce_Sienkiewicza_33_fasada_pln_10-696x397.jpg 696w, http:\/\/lapidarium.fundacja-hereditas.pl\/wp-content\/uploads\/2022\/09\/Rob_Mar_Siedlce_Sienkiewicza_33_fasada_pln_10-1068x608.jpg 1068w, http:\/\/lapidarium.fundacja-hereditas.pl\/wp-content\/uploads\/2022\/09\/Rob_Mar_Siedlce_Sienkiewicza_33_fasada_pln_10-1920x1094.jpg 1920w\" sizes=\"auto, (max-width: 2560px) 100vw, 2560px\" \/><\/a><figcaption>Elewacja frontowa. Fryz nad oknami balkonowymi. Fot. Robert Marcinkowski 2022 r., \u017ar\u00f3d\u0142o: Res in Ornamento II.<\/figcaption><\/figure>\n\n\n\n<figure class=\"wp-block-image size-large\"><a href=\"http:\/\/lapidarium.fundacja-hereditas.pl\/wp-content\/uploads\/2022\/09\/Rob_Mar_Siedlce_Sienkiewicza_33_fasada_pln_12aa.jpg\"><img loading=\"lazy\" decoding=\"async\" width=\"2207\" height=\"1188\" data-id=\"9459\" src=\"http:\/\/lapidarium.fundacja-hereditas.pl\/wp-content\/uploads\/2022\/09\/Rob_Mar_Siedlce_Sienkiewicza_33_fasada_pln_12aa.jpg\" alt=\"Elewacja frontowa. Fryz nad oknami balkonowymi. Fot. Robert Marcinkowski 2022 r., \u017ar\u00f3d\u0142o: Res in Ornamento II.\" class=\"wp-image-9459\" srcset=\"http:\/\/lapidarium.fundacja-hereditas.pl\/wp-content\/uploads\/2022\/09\/Rob_Mar_Siedlce_Sienkiewicza_33_fasada_pln_12aa.jpg 2207w, http:\/\/lapidarium.fundacja-hereditas.pl\/wp-content\/uploads\/2022\/09\/Rob_Mar_Siedlce_Sienkiewicza_33_fasada_pln_12aa-300x161.jpg 300w, http:\/\/lapidarium.fundacja-hereditas.pl\/wp-content\/uploads\/2022\/09\/Rob_Mar_Siedlce_Sienkiewicza_33_fasada_pln_12aa-1024x551.jpg 1024w, http:\/\/lapidarium.fundacja-hereditas.pl\/wp-content\/uploads\/2022\/09\/Rob_Mar_Siedlce_Sienkiewicza_33_fasada_pln_12aa-768x413.jpg 768w, http:\/\/lapidarium.fundacja-hereditas.pl\/wp-content\/uploads\/2022\/09\/Rob_Mar_Siedlce_Sienkiewicza_33_fasada_pln_12aa-1536x827.jpg 1536w, http:\/\/lapidarium.fundacja-hereditas.pl\/wp-content\/uploads\/2022\/09\/Rob_Mar_Siedlce_Sienkiewicza_33_fasada_pln_12aa-2048x1102.jpg 2048w, http:\/\/lapidarium.fundacja-hereditas.pl\/wp-content\/uploads\/2022\/09\/Rob_Mar_Siedlce_Sienkiewicza_33_fasada_pln_12aa-150x81.jpg 150w, http:\/\/lapidarium.fundacja-hereditas.pl\/wp-content\/uploads\/2022\/09\/Rob_Mar_Siedlce_Sienkiewicza_33_fasada_pln_12aa-696x375.jpg 696w, http:\/\/lapidarium.fundacja-hereditas.pl\/wp-content\/uploads\/2022\/09\/Rob_Mar_Siedlce_Sienkiewicza_33_fasada_pln_12aa-1068x575.jpg 1068w, http:\/\/lapidarium.fundacja-hereditas.pl\/wp-content\/uploads\/2022\/09\/Rob_Mar_Siedlce_Sienkiewicza_33_fasada_pln_12aa-1920x1034.jpg 1920w\" sizes=\"auto, (max-width: 2207px) 100vw, 2207px\" \/><\/a><figcaption>Elewacja frontowa. Fryz nad oknami balkonowymi. Fot. Robert Marcinkowski 2022 r., \u017ar\u00f3d\u0142o: Res in Ornamento II.<\/figcaption><\/figure>\n\n\n\n<figure class=\"wp-block-image size-large\"><a href=\"http:\/\/lapidarium.fundacja-hereditas.pl\/wp-content\/uploads\/2022\/09\/Siedlce_Sienkiewicza_33_elewacja_przednia_okno__fot_Bozena_Rudzisz_2022-scaled.jpg\"><img loading=\"lazy\" decoding=\"async\" width=\"1933\" height=\"2560\" data-id=\"9472\" src=\"http:\/\/lapidarium.fundacja-hereditas.pl\/wp-content\/uploads\/2022\/09\/Siedlce_Sienkiewicza_33_elewacja_przednia_okno__fot_Bozena_Rudzisz_2022-scaled.jpg\" alt=\"Elewacja frontowa. Okno po prawej stronie balkonu I pi\u0119tra i fragment fryzu. Fot. Bo\u017cena Rudzisz 2022 r., \u017ar\u00f3d\u0142o: Res in Ornamento II.\" class=\"wp-image-9472\" srcset=\"http:\/\/lapidarium.fundacja-hereditas.pl\/wp-content\/uploads\/2022\/09\/Siedlce_Sienkiewicza_33_elewacja_przednia_okno__fot_Bozena_Rudzisz_2022-scaled.jpg 1933w, http:\/\/lapidarium.fundacja-hereditas.pl\/wp-content\/uploads\/2022\/09\/Siedlce_Sienkiewicza_33_elewacja_przednia_okno__fot_Bozena_Rudzisz_2022-226x300.jpg 226w, http:\/\/lapidarium.fundacja-hereditas.pl\/wp-content\/uploads\/2022\/09\/Siedlce_Sienkiewicza_33_elewacja_przednia_okno__fot_Bozena_Rudzisz_2022-773x1024.jpg 773w, http:\/\/lapidarium.fundacja-hereditas.pl\/wp-content\/uploads\/2022\/09\/Siedlce_Sienkiewicza_33_elewacja_przednia_okno__fot_Bozena_Rudzisz_2022-768x1017.jpg 768w, http:\/\/lapidarium.fundacja-hereditas.pl\/wp-content\/uploads\/2022\/09\/Siedlce_Sienkiewicza_33_elewacja_przednia_okno__fot_Bozena_Rudzisz_2022-1160x1536.jpg 1160w, http:\/\/lapidarium.fundacja-hereditas.pl\/wp-content\/uploads\/2022\/09\/Siedlce_Sienkiewicza_33_elewacja_przednia_okno__fot_Bozena_Rudzisz_2022-1546x2048.jpg 1546w, http:\/\/lapidarium.fundacja-hereditas.pl\/wp-content\/uploads\/2022\/09\/Siedlce_Sienkiewicza_33_elewacja_przednia_okno__fot_Bozena_Rudzisz_2022-150x199.jpg 150w, http:\/\/lapidarium.fundacja-hereditas.pl\/wp-content\/uploads\/2022\/09\/Siedlce_Sienkiewicza_33_elewacja_przednia_okno__fot_Bozena_Rudzisz_2022-300x397.jpg 300w, http:\/\/lapidarium.fundacja-hereditas.pl\/wp-content\/uploads\/2022\/09\/Siedlce_Sienkiewicza_33_elewacja_przednia_okno__fot_Bozena_Rudzisz_2022-696x922.jpg 696w, http:\/\/lapidarium.fundacja-hereditas.pl\/wp-content\/uploads\/2022\/09\/Siedlce_Sienkiewicza_33_elewacja_przednia_okno__fot_Bozena_Rudzisz_2022-1068x1415.jpg 1068w, http:\/\/lapidarium.fundacja-hereditas.pl\/wp-content\/uploads\/2022\/09\/Siedlce_Sienkiewicza_33_elewacja_przednia_okno__fot_Bozena_Rudzisz_2022-1920x2543.jpg 1920w\" sizes=\"auto, (max-width: 1933px) 100vw, 1933px\" \/><\/a><figcaption>Elewacja frontowa. Okno po prawej stronie balkonu I pi\u0119tra i fragment fryzu. Fot. Bo\u017cena Rudzisz 2022 r., \u017ar\u00f3d\u0142o: Res in Ornamento II.<\/figcaption><\/figure>\n\n\n\n<figure class=\"wp-block-image size-large\"><a href=\"http:\/\/lapidarium.fundacja-hereditas.pl\/wp-content\/uploads\/2022\/09\/Rob_Mar_Siedlce_Sienkiewicza_33_fasada_pln_12a.jpg\"><img loading=\"lazy\" decoding=\"async\" width=\"1761\" height=\"1128\" data-id=\"9458\" src=\"http:\/\/lapidarium.fundacja-hereditas.pl\/wp-content\/uploads\/2022\/09\/Rob_Mar_Siedlce_Sienkiewicza_33_fasada_pln_12a.jpg\" alt=\"Elewacja frontowa. Akroterion nad tympanonem facjaty. Fot. Robert Marcinkowski 2022 r., \u017ar\u00f3d\u0142o: Res in Ornamento II.\" class=\"wp-image-9458\" srcset=\"http:\/\/lapidarium.fundacja-hereditas.pl\/wp-content\/uploads\/2022\/09\/Rob_Mar_Siedlce_Sienkiewicza_33_fasada_pln_12a.jpg 1761w, http:\/\/lapidarium.fundacja-hereditas.pl\/wp-content\/uploads\/2022\/09\/Rob_Mar_Siedlce_Sienkiewicza_33_fasada_pln_12a-300x192.jpg 300w, http:\/\/lapidarium.fundacja-hereditas.pl\/wp-content\/uploads\/2022\/09\/Rob_Mar_Siedlce_Sienkiewicza_33_fasada_pln_12a-1024x656.jpg 1024w, http:\/\/lapidarium.fundacja-hereditas.pl\/wp-content\/uploads\/2022\/09\/Rob_Mar_Siedlce_Sienkiewicza_33_fasada_pln_12a-768x492.jpg 768w, http:\/\/lapidarium.fundacja-hereditas.pl\/wp-content\/uploads\/2022\/09\/Rob_Mar_Siedlce_Sienkiewicza_33_fasada_pln_12a-1536x984.jpg 1536w, http:\/\/lapidarium.fundacja-hereditas.pl\/wp-content\/uploads\/2022\/09\/Rob_Mar_Siedlce_Sienkiewicza_33_fasada_pln_12a-150x96.jpg 150w, http:\/\/lapidarium.fundacja-hereditas.pl\/wp-content\/uploads\/2022\/09\/Rob_Mar_Siedlce_Sienkiewicza_33_fasada_pln_12a-696x446.jpg 696w, http:\/\/lapidarium.fundacja-hereditas.pl\/wp-content\/uploads\/2022\/09\/Rob_Mar_Siedlce_Sienkiewicza_33_fasada_pln_12a-1068x684.jpg 1068w\" sizes=\"auto, (max-width: 1761px) 100vw, 1761px\" \/><\/a><figcaption>Elewacja frontowa. Akroterion nad tympanonem facjaty. Fot. Robert Marcinkowski 2022 r., \u017ar\u00f3d\u0142o: Res in Ornamento II.<\/figcaption><\/figure>\n\n\n\n<figure class=\"wp-block-image size-large\"><a href=\"http:\/\/lapidarium.fundacja-hereditas.pl\/wp-content\/uploads\/2022\/09\/Rob_Mar_Siedlce_Sienkiewicza_33_fasada_pln_01aa.jpg\"><img loading=\"lazy\" decoding=\"async\" width=\"477\" height=\"377\" data-id=\"9476\" src=\"http:\/\/lapidarium.fundacja-hereditas.pl\/wp-content\/uploads\/2022\/09\/Rob_Mar_Siedlce_Sienkiewicza_33_fasada_pln_01aa.jpg\" alt=\"Elewacja frontowa. Akroterion nad tympanonem facjaty. Fot. Robert Marcinkowski 2022 r., \u017ar\u00f3d\u0142o: Res in Ornamento II.\" class=\"wp-image-9476\" srcset=\"http:\/\/lapidarium.fundacja-hereditas.pl\/wp-content\/uploads\/2022\/09\/Rob_Mar_Siedlce_Sienkiewicza_33_fasada_pln_01aa.jpg 477w, http:\/\/lapidarium.fundacja-hereditas.pl\/wp-content\/uploads\/2022\/09\/Rob_Mar_Siedlce_Sienkiewicza_33_fasada_pln_01aa-300x237.jpg 300w, http:\/\/lapidarium.fundacja-hereditas.pl\/wp-content\/uploads\/2022\/09\/Rob_Mar_Siedlce_Sienkiewicza_33_fasada_pln_01aa-150x119.jpg 150w\" sizes=\"auto, (max-width: 477px) 100vw, 477px\" \/><\/a><figcaption>Elewacja frontowa. Akroterion nad tympanonem facjaty. Fot. Robert Marcinkowski 2022 r., \u017ar\u00f3d\u0142o: Res in Ornamento II.<\/figcaption><\/figure>\n\n\n\n<figure class=\"wp-block-image size-large\"><a href=\"http:\/\/lapidarium.fundacja-hereditas.pl\/wp-content\/uploads\/2022\/09\/Rob_Mar_Siedlce_Sienkiewicza_33_fasada_pln_03-scaled.jpg\"><img loading=\"lazy\" decoding=\"async\" width=\"1459\" height=\"2560\" data-id=\"9451\" src=\"http:\/\/lapidarium.fundacja-hereditas.pl\/wp-content\/uploads\/2022\/09\/Rob_Mar_Siedlce_Sienkiewicza_33_fasada_pln_03-scaled.jpg\" alt=\"Elewacja frontowa. Szczyt lizeny wraz z gzymsem. Fot. Robert Marcinkowski 2022 r., \u017ar\u00f3d\u0142o: Res in Ornamento II.\" class=\"wp-image-9451\" srcset=\"http:\/\/lapidarium.fundacja-hereditas.pl\/wp-content\/uploads\/2022\/09\/Rob_Mar_Siedlce_Sienkiewicza_33_fasada_pln_03-scaled.jpg 1459w, http:\/\/lapidarium.fundacja-hereditas.pl\/wp-content\/uploads\/2022\/09\/Rob_Mar_Siedlce_Sienkiewicza_33_fasada_pln_03-171x300.jpg 171w, http:\/\/lapidarium.fundacja-hereditas.pl\/wp-content\/uploads\/2022\/09\/Rob_Mar_Siedlce_Sienkiewicza_33_fasada_pln_03-583x1024.jpg 583w, http:\/\/lapidarium.fundacja-hereditas.pl\/wp-content\/uploads\/2022\/09\/Rob_Mar_Siedlce_Sienkiewicza_33_fasada_pln_03-768x1348.jpg 768w, http:\/\/lapidarium.fundacja-hereditas.pl\/wp-content\/uploads\/2022\/09\/Rob_Mar_Siedlce_Sienkiewicza_33_fasada_pln_03-875x1536.jpg 875w, http:\/\/lapidarium.fundacja-hereditas.pl\/wp-content\/uploads\/2022\/09\/Rob_Mar_Siedlce_Sienkiewicza_33_fasada_pln_03-1167x2048.jpg 1167w, http:\/\/lapidarium.fundacja-hereditas.pl\/wp-content\/uploads\/2022\/09\/Rob_Mar_Siedlce_Sienkiewicza_33_fasada_pln_03-150x263.jpg 150w, http:\/\/lapidarium.fundacja-hereditas.pl\/wp-content\/uploads\/2022\/09\/Rob_Mar_Siedlce_Sienkiewicza_33_fasada_pln_03-300x527.jpg 300w, http:\/\/lapidarium.fundacja-hereditas.pl\/wp-content\/uploads\/2022\/09\/Rob_Mar_Siedlce_Sienkiewicza_33_fasada_pln_03-696x1222.jpg 696w, http:\/\/lapidarium.fundacja-hereditas.pl\/wp-content\/uploads\/2022\/09\/Rob_Mar_Siedlce_Sienkiewicza_33_fasada_pln_03-1068x1875.jpg 1068w\" sizes=\"auto, (max-width: 1459px) 100vw, 1459px\" \/><\/a><figcaption>Elewacja frontowa. Szczyt lizeny wraz z gzymsem. Fot. Robert Marcinkowski 2022 r., \u017ar\u00f3d\u0142o: Res in Ornamento II.<\/figcaption><\/figure>\n<\/figure>\n","protected":false},"excerpt":{"rendered":"<p>Sienkiewicza 33 &#8211; Wolnostoj\u0105cy parterowy obiekt, z pi\u0119trem w cz\u0119\u015bci \u015brodkowej. Przypomina raczej will\u0119, ni\u017c kamienic\u0119. Dodatkowe zdj\u0119cia obiekt\u00f3w udost\u0119pniamy na \u017cyczenie. Osoby zainteresowane prosimy o kontakt z Fundacj\u0105 Hereditas.<\/p>\n","protected":false},"author":6,"featured_media":9449,"comment_status":"open","ping_status":"open","sticky":false,"template":"","format":"standard","meta":{"footnotes":""},"categories":[132,141],"tags":[],"class_list":{"0":"post-9447","1":"post","2":"type-post","3":"status-publish","4":"format-standard","5":"has-post-thumbnail","7":"category-siedlce","8":"category-sienkiewicza-siedlce"},"_links":{"self":[{"href":"http:\/\/lapidarium.fundacja-hereditas.pl\/index.php\/wp-json\/wp\/v2\/posts\/9447","targetHints":{"allow":["GET"]}}],"collection":[{"href":"http:\/\/lapidarium.fundacja-hereditas.pl\/index.php\/wp-json\/wp\/v2\/posts"}],"about":[{"href":"http:\/\/lapidarium.fundacja-hereditas.pl\/index.php\/wp-json\/wp\/v2\/types\/post"}],"author":[{"embeddable":true,"href":"http:\/\/lapidarium.fundacja-hereditas.pl\/index.php\/wp-json\/wp\/v2\/users\/6"}],"replies":[{"embeddable":true,"href":"http:\/\/lapidarium.fundacja-hereditas.pl\/index.php\/wp-json\/wp\/v2\/comments?post=9447"}],"version-history":[{"count":5,"href":"http:\/\/lapidarium.fundacja-hereditas.pl\/index.php\/wp-json\/wp\/v2\/posts\/9447\/revisions"}],"predecessor-version":[{"id":9900,"href":"http:\/\/lapidarium.fundacja-hereditas.pl\/index.php\/wp-json\/wp\/v2\/posts\/9447\/revisions\/9900"}],"wp:featuredmedia":[{"embeddable":true,"href":"http:\/\/lapidarium.fundacja-hereditas.pl\/index.php\/wp-json\/wp\/v2\/media\/9449"}],"wp:attachment":[{"href":"http:\/\/lapidarium.fundacja-hereditas.pl\/index.php\/wp-json\/wp\/v2\/media?parent=9447"}],"wp:term":[{"taxonomy":"category","embeddable":true,"href":"http:\/\/lapidarium.fundacja-hereditas.pl\/index.php\/wp-json\/wp\/v2\/categories?post=9447"},{"taxonomy":"post_tag","embeddable":true,"href":"http:\/\/lapidarium.fundacja-hereditas.pl\/index.php\/wp-json\/wp\/v2\/tags?post=9447"}],"curies":[{"name":"wp","href":"https:\/\/api.w.org\/{rel}","templated":true}]}}