{"id":92,"date":"2021-08-25T22:50:25","date_gmt":"2021-08-25T20:50:25","guid":{"rendered":"https:\/\/inwentaryzacja.fundacja-hereditas.pl\/?p=92"},"modified":"2021-10-26T18:36:33","modified_gmt":"2021-10-26T16:36:33","slug":"kamienica-ul-bialostocka-36","status":"publish","type":"post","link":"http:\/\/lapidarium.fundacja-hereditas.pl\/index.php\/2021\/08\/25\/kamienica-ul-bialostocka-36\/","title":{"rendered":"Kamienica ul. Bia\u0142ostocka 36, Warszawa"},"content":{"rendered":"\n<p>Pi\u0119trowy dom wybudowany zapewne w l. 90. XIX w., z mieszkalnym poddaszem, w parterze pierwotnie zapewne lokal handlowy\/us\u0142ugowy. Interesuj\u0105ce podkre\u015blenie naro\u017cnik\u00f3w i \u015brodkowej cz\u0119\u015bci szczytu \u2013 rodzajem sterczyn. W 3. osi kondygnacji poddasza zachowany balkon. W podw\u00f3rzu kapliczka. Schody, balustrada, podesty klatki schodowej drewniane.<\/p>\n\n\n\n<figure class=\"wp-block-gallery columns-3 is-cropped wp-block-gallery-1 is-layout-flex wp-block-gallery-is-layout-flex\"><ul class=\"blocks-gallery-grid\"><li class=\"blocks-gallery-item\"><figure><a href=\"http:\/\/lapidarium.fundacja-hereditas.pl\/wp-content\/uploads\/2021\/08\/PSX_20210207_151525.jpg\"><img loading=\"lazy\" decoding=\"async\" width=\"681\" height=\"625\" src=\"http:\/\/lapidarium.fundacja-hereditas.pl\/wp-content\/uploads\/2021\/08\/PSX_20210207_151525.jpg\" alt=\"Elewacja frontowa. Fot. Anna Szwa\u0142kiewicz, 2020, \u017ar\u00f3d\u0142o: lapidarium detalu.\" data-id=\"54\" data-full-url=\"http:\/\/lapidarium.fundacja-hereditas.pl\/wp-content\/uploads\/2021\/08\/PSX_20210207_151525.jpg\" data-link=\"https:\/\/lapidarium.fundacja-hereditas.pl\/psx_20210207_151525\/\" class=\"wp-image-54\" srcset=\"http:\/\/lapidarium.fundacja-hereditas.pl\/wp-content\/uploads\/2021\/08\/PSX_20210207_151525.jpg 681w, http:\/\/lapidarium.fundacja-hereditas.pl\/wp-content\/uploads\/2021\/08\/PSX_20210207_151525-300x275.jpg 300w, http:\/\/lapidarium.fundacja-hereditas.pl\/wp-content\/uploads\/2021\/08\/PSX_20210207_151525-150x138.jpg 150w\" sizes=\"auto, (max-width: 681px) 100vw, 681px\" \/><\/a><figcaption class=\"blocks-gallery-item__caption\">Elewacja frontowa. Fot. Anna Szwa\u0142kiewicz, 2020, \u017ar\u00f3d\u0142o: lapidarium detalu.<\/figcaption><\/figure><\/li><li class=\"blocks-gallery-item\"><figure><a href=\"http:\/\/lapidarium.fundacja-hereditas.pl\/wp-content\/uploads\/2021\/08\/IMG_0522_a.jpg\"><img loading=\"lazy\" decoding=\"async\" width=\"667\" height=\"1000\" src=\"http:\/\/lapidarium.fundacja-hereditas.pl\/wp-content\/uploads\/2021\/08\/IMG_0522_a.jpg\" alt=\"Balustrada schod\u00f3w, klatka schodowa. Fot. Anna Szwa\u0142kiewicz, 2020, \u017ar\u00f3d\u0142o: lapidarium detalu.\" data-id=\"49\" data-full-url=\"http:\/\/lapidarium.fundacja-hereditas.pl\/wp-content\/uploads\/2021\/08\/IMG_0522_a.jpg\" data-link=\"https:\/\/lapidarium.fundacja-hereditas.pl\/img_0522_a\/\" class=\"wp-image-49\" srcset=\"http:\/\/lapidarium.fundacja-hereditas.pl\/wp-content\/uploads\/2021\/08\/IMG_0522_a.jpg 667w, http:\/\/lapidarium.fundacja-hereditas.pl\/wp-content\/uploads\/2021\/08\/IMG_0522_a-200x300.jpg 200w, http:\/\/lapidarium.fundacja-hereditas.pl\/wp-content\/uploads\/2021\/08\/IMG_0522_a-150x225.jpg 150w, http:\/\/lapidarium.fundacja-hereditas.pl\/wp-content\/uploads\/2021\/08\/IMG_0522_a-300x450.jpg 300w\" sizes=\"auto, (max-width: 667px) 100vw, 667px\" \/><\/a><figcaption class=\"blocks-gallery-item__caption\">Balustrada schod\u00f3w, klatka schodowa. Fot. Anna Szwa\u0142kiewicz, 2020, \u017ar\u00f3d\u0142o: lapidarium detalu.<\/figcaption><\/figure><\/li><li class=\"blocks-gallery-item\"><figure><a href=\"http:\/\/lapidarium.fundacja-hereditas.pl\/wp-content\/uploads\/2021\/08\/IMG_0534_a.jpg\"><img loading=\"lazy\" decoding=\"async\" width=\"1000\" height=\"667\" src=\"http:\/\/lapidarium.fundacja-hereditas.pl\/wp-content\/uploads\/2021\/08\/IMG_0534_a.jpg\" alt=\"Klatka schodowa. Fot. Anna Szwa\u0142kiewicz, 2020, \u017ar\u00f3d\u0142o: lapidarium detalu.\" data-id=\"51\" data-full-url=\"http:\/\/lapidarium.fundacja-hereditas.pl\/wp-content\/uploads\/2021\/08\/IMG_0534_a.jpg\" data-link=\"https:\/\/lapidarium.fundacja-hereditas.pl\/img_0534_a\/\" class=\"wp-image-51\" srcset=\"http:\/\/lapidarium.fundacja-hereditas.pl\/wp-content\/uploads\/2021\/08\/IMG_0534_a.jpg 1000w, http:\/\/lapidarium.fundacja-hereditas.pl\/wp-content\/uploads\/2021\/08\/IMG_0534_a-300x200.jpg 300w, http:\/\/lapidarium.fundacja-hereditas.pl\/wp-content\/uploads\/2021\/08\/IMG_0534_a-768x512.jpg 768w, http:\/\/lapidarium.fundacja-hereditas.pl\/wp-content\/uploads\/2021\/08\/IMG_0534_a-150x100.jpg 150w, http:\/\/lapidarium.fundacja-hereditas.pl\/wp-content\/uploads\/2021\/08\/IMG_0534_a-696x464.jpg 696w\" sizes=\"auto, (max-width: 1000px) 100vw, 1000px\" \/><\/a><figcaption class=\"blocks-gallery-item__caption\">Klatka schodowa. Fot. Anna Szwa\u0142kiewicz, 2020, \u017ar\u00f3d\u0142o: lapidarium detalu.<\/figcaption><\/figure><\/li><li class=\"blocks-gallery-item\"><figure><a href=\"http:\/\/lapidarium.fundacja-hereditas.pl\/wp-content\/uploads\/2021\/08\/IMG_0523_a.jpg\"><img loading=\"lazy\" decoding=\"async\" width=\"667\" height=\"1000\" src=\"http:\/\/lapidarium.fundacja-hereditas.pl\/wp-content\/uploads\/2021\/08\/IMG_0523_a.jpg\" alt=\"Drzwi oryginalne (po lewej) i wt\u00f3rne (wsp\u00f3\u0142czesne, po prawej), klatka schodowa. Fot. Anna Szwa\u0142kiewicz, 2020, \u017ar\u00f3d\u0142o: lapidarium detalu.\" data-id=\"50\" data-full-url=\"http:\/\/lapidarium.fundacja-hereditas.pl\/wp-content\/uploads\/2021\/08\/IMG_0523_a.jpg\" data-link=\"https:\/\/lapidarium.fundacja-hereditas.pl\/img_0523_a\/\" class=\"wp-image-50\" srcset=\"http:\/\/lapidarium.fundacja-hereditas.pl\/wp-content\/uploads\/2021\/08\/IMG_0523_a.jpg 667w, http:\/\/lapidarium.fundacja-hereditas.pl\/wp-content\/uploads\/2021\/08\/IMG_0523_a-200x300.jpg 200w, http:\/\/lapidarium.fundacja-hereditas.pl\/wp-content\/uploads\/2021\/08\/IMG_0523_a-150x225.jpg 150w, http:\/\/lapidarium.fundacja-hereditas.pl\/wp-content\/uploads\/2021\/08\/IMG_0523_a-300x450.jpg 300w\" sizes=\"auto, (max-width: 667px) 100vw, 667px\" \/><\/a><figcaption class=\"blocks-gallery-item__caption\">Drzwi oryginalne (po lewej) i wt\u00f3rne (wsp\u00f3\u0142czesne, po prawej), klatka schodowa. Fot. Anna Szwa\u0142kiewicz, 2020, \u017ar\u00f3d\u0142o: lapidarium detalu.<\/figcaption><\/figure><\/li><li class=\"blocks-gallery-item\"><figure><a href=\"http:\/\/lapidarium.fundacja-hereditas.pl\/wp-content\/uploads\/2021\/08\/IMG_3561_a.jpg\"><img loading=\"lazy\" decoding=\"async\" width=\"667\" height=\"1000\" src=\"http:\/\/lapidarium.fundacja-hereditas.pl\/wp-content\/uploads\/2021\/08\/IMG_3561_a.jpg\" alt=\"Kapliczka w podw\u00f3rzu. Fot. Anna Szwa\u0142kiewicz, 2020, \u017ar\u00f3d\u0142o: lapidarium detalu.\" data-id=\"53\" data-full-url=\"http:\/\/lapidarium.fundacja-hereditas.pl\/wp-content\/uploads\/2021\/08\/IMG_3561_a.jpg\" data-link=\"https:\/\/lapidarium.fundacja-hereditas.pl\/img_3561_a\/\" class=\"wp-image-53\" srcset=\"http:\/\/lapidarium.fundacja-hereditas.pl\/wp-content\/uploads\/2021\/08\/IMG_3561_a.jpg 667w, http:\/\/lapidarium.fundacja-hereditas.pl\/wp-content\/uploads\/2021\/08\/IMG_3561_a-200x300.jpg 200w, http:\/\/lapidarium.fundacja-hereditas.pl\/wp-content\/uploads\/2021\/08\/IMG_3561_a-150x225.jpg 150w, http:\/\/lapidarium.fundacja-hereditas.pl\/wp-content\/uploads\/2021\/08\/IMG_3561_a-300x450.jpg 300w\" sizes=\"auto, (max-width: 667px) 100vw, 667px\" \/><\/a><figcaption class=\"blocks-gallery-item__caption\">Kapliczka w podw\u00f3rzu. Fot. Anna Szwa\u0142kiewicz, 2020, \u017ar\u00f3d\u0142o: lapidarium detalu.<\/figcaption><\/figure><\/li><li class=\"blocks-gallery-item\"><figure><a href=\"http:\/\/lapidarium.fundacja-hereditas.pl\/wp-content\/uploads\/2021\/08\/IMG_3560_a.jpg\"><img loading=\"lazy\" decoding=\"async\" width=\"1000\" height=\"667\" src=\"http:\/\/lapidarium.fundacja-hereditas.pl\/wp-content\/uploads\/2021\/08\/IMG_3560_a.jpg\" alt=\"Podw\u00f3rze z kapliczk\u0105. Fot. Anna Szwa\u0142kiewicz, 2020, \u017ar\u00f3d\u0142o: lapidarium detalu.\" data-id=\"52\" data-full-url=\"http:\/\/lapidarium.fundacja-hereditas.pl\/wp-content\/uploads\/2021\/08\/IMG_3560_a.jpg\" data-link=\"https:\/\/lapidarium.fundacja-hereditas.pl\/img_3560_a\/\" class=\"wp-image-52\" srcset=\"http:\/\/lapidarium.fundacja-hereditas.pl\/wp-content\/uploads\/2021\/08\/IMG_3560_a.jpg 1000w, http:\/\/lapidarium.fundacja-hereditas.pl\/wp-content\/uploads\/2021\/08\/IMG_3560_a-300x200.jpg 300w, http:\/\/lapidarium.fundacja-hereditas.pl\/wp-content\/uploads\/2021\/08\/IMG_3560_a-768x512.jpg 768w, http:\/\/lapidarium.fundacja-hereditas.pl\/wp-content\/uploads\/2021\/08\/IMG_3560_a-150x100.jpg 150w, http:\/\/lapidarium.fundacja-hereditas.pl\/wp-content\/uploads\/2021\/08\/IMG_3560_a-696x464.jpg 696w\" sizes=\"auto, (max-width: 1000px) 100vw, 1000px\" \/><\/a><figcaption class=\"blocks-gallery-item__caption\">Podw\u00f3rze z kapliczk\u0105. Fot. Anna Szwa\u0142kiewicz, 2020, \u017ar\u00f3d\u0142o: lapidarium detalu.<\/figcaption><\/figure><\/li><\/ul><\/figure>\n","protected":false},"excerpt":{"rendered":"<p>Kamienica ul. Bia\u0142ostocka 36. Pi\u0119trowy dom wybudowany zapewne w l. 90. XIX w.<\/p>\n","protected":false},"author":2,"featured_media":54,"comment_status":"open","ping_status":"open","sticky":false,"template":"","format":"standard","meta":{"footnotes":""},"categories":[9,4],"tags":[],"class_list":{"0":"post-92","1":"post","2":"type-post","3":"status-publish","4":"format-standard","5":"has-post-thumbnail","7":"category-bialostocka","8":"category-warszawa"},"_links":{"self":[{"href":"http:\/\/lapidarium.fundacja-hereditas.pl\/index.php\/wp-json\/wp\/v2\/posts\/92","targetHints":{"allow":["GET"]}}],"collection":[{"href":"http:\/\/lapidarium.fundacja-hereditas.pl\/index.php\/wp-json\/wp\/v2\/posts"}],"about":[{"href":"http:\/\/lapidarium.fundacja-hereditas.pl\/index.php\/wp-json\/wp\/v2\/types\/post"}],"author":[{"embeddable":true,"href":"http:\/\/lapidarium.fundacja-hereditas.pl\/index.php\/wp-json\/wp\/v2\/users\/2"}],"replies":[{"embeddable":true,"href":"http:\/\/lapidarium.fundacja-hereditas.pl\/index.php\/wp-json\/wp\/v2\/comments?post=92"}],"version-history":[{"count":5,"href":"http:\/\/lapidarium.fundacja-hereditas.pl\/index.php\/wp-json\/wp\/v2\/posts\/92\/revisions"}],"predecessor-version":[{"id":5568,"href":"http:\/\/lapidarium.fundacja-hereditas.pl\/index.php\/wp-json\/wp\/v2\/posts\/92\/revisions\/5568"}],"wp:featuredmedia":[{"embeddable":true,"href":"http:\/\/lapidarium.fundacja-hereditas.pl\/index.php\/wp-json\/wp\/v2\/media\/54"}],"wp:attachment":[{"href":"http:\/\/lapidarium.fundacja-hereditas.pl\/index.php\/wp-json\/wp\/v2\/media?parent=92"}],"wp:term":[{"taxonomy":"category","embeddable":true,"href":"http:\/\/lapidarium.fundacja-hereditas.pl\/index.php\/wp-json\/wp\/v2\/categories?post=92"},{"taxonomy":"post_tag","embeddable":true,"href":"http:\/\/lapidarium.fundacja-hereditas.pl\/index.php\/wp-json\/wp\/v2\/tags?post=92"}],"curies":[{"name":"wp","href":"https:\/\/api.w.org\/{rel}","templated":true}]}}