{"id":8754,"date":"2022-08-26T12:50:09","date_gmt":"2022-08-26T10:50:09","guid":{"rendered":"http:\/\/lapidarium.fundacja-hereditas.pl\/?p=8754"},"modified":"2022-08-30T16:19:06","modified_gmt":"2022-08-30T14:19:06","slug":"kamienica-ul-kolejowa-18-siedlce","status":"publish","type":"post","link":"http:\/\/lapidarium.fundacja-hereditas.pl\/index.php\/2022\/08\/26\/kamienica-ul-kolejowa-18-siedlce\/","title":{"rendered":"Kamienica &#8211; ul. Kolejowa 18, Siedlce."},"content":{"rendered":"\n<p>Kolejowa 18 &#8211; Pi\u0119trowa kamienica wielorodzinna. Dom z du\u017cym prawdopodobie\u0144stwem by\u0142 przeznaczony dla pracownik\u00f3w pobliskiej Kolei Warszawsko-Terespolskiej.<\/p>\n\n\n\n<p>Dodatkowe zdj\u0119cia obiekt\u00f3w udost\u0119pniamy na \u017cyczenie. Osoby zainteresowane prosimy o kontakt z Fundacj\u0105 Hereditas.<\/p>\n\n\n\n<div class=\"wp-block-columns is-layout-flex wp-container-core-columns-is-layout-9d6595d7 wp-block-columns-is-layout-flex\">\n<div class=\"wp-block-column is-layout-flow wp-block-column-is-layout-flow\" style=\"flex-basis:100%\">\n<div class=\"wp-block-columns is-layout-flex wp-container-core-columns-is-layout-9d6595d7 wp-block-columns-is-layout-flex\">\n<div class=\"wp-block-column is-layout-flow wp-block-column-is-layout-flow\"><\/div>\n\n\n\n<div class=\"wp-block-column is-layout-flow wp-block-column-is-layout-flow\"><\/div>\n<\/div>\n<\/div>\n<\/div>\n\n\n\n<p><\/p>\n\n\n\n<figure class=\"wp-block-gallery has-nested-images columns-3 is-cropped wp-block-gallery-1 is-layout-flex wp-block-gallery-is-layout-flex\">\n<figure class=\"wp-block-image size-large\"><a href=\"http:\/\/lapidarium.fundacja-hereditas.pl\/wp-content\/uploads\/2022\/08\/Rob_Mar_Siedlce_Kolejowa_18_fasada_pld_01-scaled.jpg\"><img loading=\"lazy\" decoding=\"async\" width=\"1733\" height=\"2560\" data-id=\"8756\" src=\"http:\/\/lapidarium.fundacja-hereditas.pl\/wp-content\/uploads\/2022\/08\/Rob_Mar_Siedlce_Kolejowa_18_fasada_pld_01-scaled.jpg\" alt=\"Elewacja po\u0142udniowo - zachodnia. Przejazd bramny. Fot. Robert Marcinkowski 2022 r., \u017ar\u00f3d\u0142o: Res in Ornamento II.\" class=\"wp-image-8756\" srcset=\"http:\/\/lapidarium.fundacja-hereditas.pl\/wp-content\/uploads\/2022\/08\/Rob_Mar_Siedlce_Kolejowa_18_fasada_pld_01-scaled.jpg 1733w, http:\/\/lapidarium.fundacja-hereditas.pl\/wp-content\/uploads\/2022\/08\/Rob_Mar_Siedlce_Kolejowa_18_fasada_pld_01-203x300.jpg 203w, http:\/\/lapidarium.fundacja-hereditas.pl\/wp-content\/uploads\/2022\/08\/Rob_Mar_Siedlce_Kolejowa_18_fasada_pld_01-693x1024.jpg 693w, http:\/\/lapidarium.fundacja-hereditas.pl\/wp-content\/uploads\/2022\/08\/Rob_Mar_Siedlce_Kolejowa_18_fasada_pld_01-768x1135.jpg 768w, http:\/\/lapidarium.fundacja-hereditas.pl\/wp-content\/uploads\/2022\/08\/Rob_Mar_Siedlce_Kolejowa_18_fasada_pld_01-1040x1536.jpg 1040w, http:\/\/lapidarium.fundacja-hereditas.pl\/wp-content\/uploads\/2022\/08\/Rob_Mar_Siedlce_Kolejowa_18_fasada_pld_01-1386x2048.jpg 1386w, http:\/\/lapidarium.fundacja-hereditas.pl\/wp-content\/uploads\/2022\/08\/Rob_Mar_Siedlce_Kolejowa_18_fasada_pld_01-150x222.jpg 150w, http:\/\/lapidarium.fundacja-hereditas.pl\/wp-content\/uploads\/2022\/08\/Rob_Mar_Siedlce_Kolejowa_18_fasada_pld_01-300x443.jpg 300w, http:\/\/lapidarium.fundacja-hereditas.pl\/wp-content\/uploads\/2022\/08\/Rob_Mar_Siedlce_Kolejowa_18_fasada_pld_01-696x1028.jpg 696w, http:\/\/lapidarium.fundacja-hereditas.pl\/wp-content\/uploads\/2022\/08\/Rob_Mar_Siedlce_Kolejowa_18_fasada_pld_01-1068x1578.jpg 1068w, http:\/\/lapidarium.fundacja-hereditas.pl\/wp-content\/uploads\/2022\/08\/Rob_Mar_Siedlce_Kolejowa_18_fasada_pld_01-1920x2837.jpg 1920w\" sizes=\"auto, (max-width: 1733px) 100vw, 1733px\" \/><\/a><figcaption>Elewacja po\u0142udniowo &#8211; zachodnia. Przejazd bramny. Fot. Robert Marcinkowski 2022 r., \u017ar\u00f3d\u0142o: Res in Ornamento II.<\/figcaption><\/figure>\n\n\n\n<figure class=\"wp-block-image size-large\"><a href=\"http:\/\/lapidarium.fundacja-hereditas.pl\/wp-content\/uploads\/2022\/08\/Rob_Mar_Siedlce_Kolejowa_18_fasada_pld_02.jpg\"><img loading=\"lazy\" decoding=\"async\" width=\"617\" height=\"979\" data-id=\"8757\" src=\"http:\/\/lapidarium.fundacja-hereditas.pl\/wp-content\/uploads\/2022\/08\/Rob_Mar_Siedlce_Kolejowa_18_fasada_pld_02.jpg\" alt=\"Elewacja po\u0142udniowo - zachodnia. Przejazd bramny. Fot. Robert Marcinkowski 2022 r., \u017ar\u00f3d\u0142o: Res in Ornamento II.\" class=\"wp-image-8757\" srcset=\"http:\/\/lapidarium.fundacja-hereditas.pl\/wp-content\/uploads\/2022\/08\/Rob_Mar_Siedlce_Kolejowa_18_fasada_pld_02.jpg 617w, http:\/\/lapidarium.fundacja-hereditas.pl\/wp-content\/uploads\/2022\/08\/Rob_Mar_Siedlce_Kolejowa_18_fasada_pld_02-189x300.jpg 189w, http:\/\/lapidarium.fundacja-hereditas.pl\/wp-content\/uploads\/2022\/08\/Rob_Mar_Siedlce_Kolejowa_18_fasada_pld_02-150x238.jpg 150w, http:\/\/lapidarium.fundacja-hereditas.pl\/wp-content\/uploads\/2022\/08\/Rob_Mar_Siedlce_Kolejowa_18_fasada_pld_02-300x476.jpg 300w\" sizes=\"auto, (max-width: 617px) 100vw, 617px\" \/><\/a><figcaption>Elewacja po\u0142udniowo &#8211; zachodnia. Przejazd bramny. Fot. Robert Marcinkowski 2022 r., \u017ar\u00f3d\u0142o: Res in Ornamento II.<\/figcaption><\/figure>\n\n\n\n<figure class=\"wp-block-image size-large\"><a href=\"http:\/\/lapidarium.fundacja-hereditas.pl\/wp-content\/uploads\/2022\/08\/Rob_Mar_Siedlce_Kolejowa_18_fasada_pld_03-scaled.jpg\"><img loading=\"lazy\" decoding=\"async\" width=\"2306\" height=\"2560\" data-id=\"8758\" src=\"http:\/\/lapidarium.fundacja-hereditas.pl\/wp-content\/uploads\/2022\/08\/Rob_Mar_Siedlce_Kolejowa_18_fasada_pld_03-scaled.jpg\" alt=\"Elewacja po\u0142udniowo - zachodnia. Balkon. Fot. Robert Marcinkowski 2022 r., \u017ar\u00f3d\u0142o: Res in Ornamento II.\" class=\"wp-image-8758\" srcset=\"http:\/\/lapidarium.fundacja-hereditas.pl\/wp-content\/uploads\/2022\/08\/Rob_Mar_Siedlce_Kolejowa_18_fasada_pld_03-scaled.jpg 2306w, http:\/\/lapidarium.fundacja-hereditas.pl\/wp-content\/uploads\/2022\/08\/Rob_Mar_Siedlce_Kolejowa_18_fasada_pld_03-270x300.jpg 270w, http:\/\/lapidarium.fundacja-hereditas.pl\/wp-content\/uploads\/2022\/08\/Rob_Mar_Siedlce_Kolejowa_18_fasada_pld_03-922x1024.jpg 922w, http:\/\/lapidarium.fundacja-hereditas.pl\/wp-content\/uploads\/2022\/08\/Rob_Mar_Siedlce_Kolejowa_18_fasada_pld_03-768x853.jpg 768w, http:\/\/lapidarium.fundacja-hereditas.pl\/wp-content\/uploads\/2022\/08\/Rob_Mar_Siedlce_Kolejowa_18_fasada_pld_03-1384x1536.jpg 1384w, http:\/\/lapidarium.fundacja-hereditas.pl\/wp-content\/uploads\/2022\/08\/Rob_Mar_Siedlce_Kolejowa_18_fasada_pld_03-1845x2048.jpg 1845w, http:\/\/lapidarium.fundacja-hereditas.pl\/wp-content\/uploads\/2022\/08\/Rob_Mar_Siedlce_Kolejowa_18_fasada_pld_03-150x167.jpg 150w, http:\/\/lapidarium.fundacja-hereditas.pl\/wp-content\/uploads\/2022\/08\/Rob_Mar_Siedlce_Kolejowa_18_fasada_pld_03-300x333.jpg 300w, http:\/\/lapidarium.fundacja-hereditas.pl\/wp-content\/uploads\/2022\/08\/Rob_Mar_Siedlce_Kolejowa_18_fasada_pld_03-696x773.jpg 696w, http:\/\/lapidarium.fundacja-hereditas.pl\/wp-content\/uploads\/2022\/08\/Rob_Mar_Siedlce_Kolejowa_18_fasada_pld_03-1068x1186.jpg 1068w, http:\/\/lapidarium.fundacja-hereditas.pl\/wp-content\/uploads\/2022\/08\/Rob_Mar_Siedlce_Kolejowa_18_fasada_pld_03-1920x2131.jpg 1920w\" sizes=\"auto, (max-width: 2306px) 100vw, 2306px\" \/><\/a><figcaption>Elewacja po\u0142udniowo &#8211; zachodnia. Balkon. Fot. Robert Marcinkowski 2022 r., \u017ar\u00f3d\u0142o: Res in Ornamento II.<\/figcaption><\/figure>\n\n\n\n<figure class=\"wp-block-image size-large\"><a href=\"http:\/\/lapidarium.fundacja-hereditas.pl\/wp-content\/uploads\/2022\/08\/Rob_Mar_Siedlce_Kolejowa_18_fasada_pld_04-scaled.jpg\"><img loading=\"lazy\" decoding=\"async\" width=\"2560\" height=\"1573\" data-id=\"8759\" src=\"http:\/\/lapidarium.fundacja-hereditas.pl\/wp-content\/uploads\/2022\/08\/Rob_Mar_Siedlce_Kolejowa_18_fasada_pld_04-scaled.jpg\" alt=\"Elewacja po\u0142udniowo - zachodnia. \u017beliwne wsporniki balkonu. Fot. Robert Marcinkowski 2022 r., \u017ar\u00f3d\u0142o: Res in Ornamento II.\" class=\"wp-image-8759\" srcset=\"http:\/\/lapidarium.fundacja-hereditas.pl\/wp-content\/uploads\/2022\/08\/Rob_Mar_Siedlce_Kolejowa_18_fasada_pld_04-scaled.jpg 2560w, http:\/\/lapidarium.fundacja-hereditas.pl\/wp-content\/uploads\/2022\/08\/Rob_Mar_Siedlce_Kolejowa_18_fasada_pld_04-300x184.jpg 300w, http:\/\/lapidarium.fundacja-hereditas.pl\/wp-content\/uploads\/2022\/08\/Rob_Mar_Siedlce_Kolejowa_18_fasada_pld_04-1024x629.jpg 1024w, http:\/\/lapidarium.fundacja-hereditas.pl\/wp-content\/uploads\/2022\/08\/Rob_Mar_Siedlce_Kolejowa_18_fasada_pld_04-768x472.jpg 768w, http:\/\/lapidarium.fundacja-hereditas.pl\/wp-content\/uploads\/2022\/08\/Rob_Mar_Siedlce_Kolejowa_18_fasada_pld_04-1536x944.jpg 1536w, http:\/\/lapidarium.fundacja-hereditas.pl\/wp-content\/uploads\/2022\/08\/Rob_Mar_Siedlce_Kolejowa_18_fasada_pld_04-2048x1259.jpg 2048w, http:\/\/lapidarium.fundacja-hereditas.pl\/wp-content\/uploads\/2022\/08\/Rob_Mar_Siedlce_Kolejowa_18_fasada_pld_04-150x92.jpg 150w, http:\/\/lapidarium.fundacja-hereditas.pl\/wp-content\/uploads\/2022\/08\/Rob_Mar_Siedlce_Kolejowa_18_fasada_pld_04-696x428.jpg 696w, http:\/\/lapidarium.fundacja-hereditas.pl\/wp-content\/uploads\/2022\/08\/Rob_Mar_Siedlce_Kolejowa_18_fasada_pld_04-1068x656.jpg 1068w, http:\/\/lapidarium.fundacja-hereditas.pl\/wp-content\/uploads\/2022\/08\/Rob_Mar_Siedlce_Kolejowa_18_fasada_pld_04-1920x1180.jpg 1920w\" sizes=\"auto, (max-width: 2560px) 100vw, 2560px\" \/><\/a><figcaption>Elewacja po\u0142udniowo &#8211; zachodnia. \u017beliwne wsporniki balkonu. Fot. Robert Marcinkowski 2022 r., \u017ar\u00f3d\u0142o: Res in Ornamento II.<\/figcaption><\/figure>\n<\/figure>\n","protected":false},"excerpt":{"rendered":"<p>Kolejowa 18 &#8211; Pi\u0119trowa kamienica wielorodzinna. Dom z du\u017cym prawdopodobie\u0144stwem by\u0142 przeznaczony dla pracownik\u00f3w pobliskiej Kolei Warszawsko-Terespolskiej. Dodatkowe zdj\u0119cia obiekt\u00f3w udost\u0119pniamy na \u017cyczenie. Osoby zainteresowane prosimy o kontakt z Fundacj\u0105 Hereditas.<\/p>\n","protected":false},"author":6,"featured_media":8756,"comment_status":"open","ping_status":"open","sticky":false,"template":"","format":"standard","meta":{"footnotes":""},"categories":[137,132],"tags":[],"class_list":{"0":"post-8754","1":"post","2":"type-post","3":"status-publish","4":"format-standard","5":"has-post-thumbnail","7":"category-kolejowa","8":"category-siedlce"},"_links":{"self":[{"href":"http:\/\/lapidarium.fundacja-hereditas.pl\/index.php\/wp-json\/wp\/v2\/posts\/8754","targetHints":{"allow":["GET"]}}],"collection":[{"href":"http:\/\/lapidarium.fundacja-hereditas.pl\/index.php\/wp-json\/wp\/v2\/posts"}],"about":[{"href":"http:\/\/lapidarium.fundacja-hereditas.pl\/index.php\/wp-json\/wp\/v2\/types\/post"}],"author":[{"embeddable":true,"href":"http:\/\/lapidarium.fundacja-hereditas.pl\/index.php\/wp-json\/wp\/v2\/users\/6"}],"replies":[{"embeddable":true,"href":"http:\/\/lapidarium.fundacja-hereditas.pl\/index.php\/wp-json\/wp\/v2\/comments?post=8754"}],"version-history":[{"count":8,"href":"http:\/\/lapidarium.fundacja-hereditas.pl\/index.php\/wp-json\/wp\/v2\/posts\/8754\/revisions"}],"predecessor-version":[{"id":8962,"href":"http:\/\/lapidarium.fundacja-hereditas.pl\/index.php\/wp-json\/wp\/v2\/posts\/8754\/revisions\/8962"}],"wp:featuredmedia":[{"embeddable":true,"href":"http:\/\/lapidarium.fundacja-hereditas.pl\/index.php\/wp-json\/wp\/v2\/media\/8756"}],"wp:attachment":[{"href":"http:\/\/lapidarium.fundacja-hereditas.pl\/index.php\/wp-json\/wp\/v2\/media?parent=8754"}],"wp:term":[{"taxonomy":"category","embeddable":true,"href":"http:\/\/lapidarium.fundacja-hereditas.pl\/index.php\/wp-json\/wp\/v2\/categories?post=8754"},{"taxonomy":"post_tag","embeddable":true,"href":"http:\/\/lapidarium.fundacja-hereditas.pl\/index.php\/wp-json\/wp\/v2\/tags?post=8754"}],"curies":[{"name":"wp","href":"https:\/\/api.w.org\/{rel}","templated":true}]}}