{"id":8060,"date":"2022-01-03T04:55:02","date_gmt":"2022-01-03T03:55:02","guid":{"rendered":"http:\/\/lapidarium.fundacja-hereditas.pl\/?p=8060"},"modified":"2022-01-03T04:57:50","modified_gmt":"2022-01-03T03:57:50","slug":"kamienica-ul-kazimierzowska-11-warszawa","status":"publish","type":"post","link":"http:\/\/lapidarium.fundacja-hereditas.pl\/index.php\/2022\/01\/03\/kamienica-ul-kazimierzowska-11-warszawa\/","title":{"rendered":"Kamienica ul. Kazimierzowska 11, Warszawa"},"content":{"rendered":"\n<p>Kamienica wielorodzinna.<\/p>\n\n\n\n<p>Dodatkowe zdj\u0119cia obiekt\u00f3w udost\u0119pniamy na \u017cyczenie. Osoby zainteresowane prosimy o kontakt z Fundacj\u0105 Hereditas.<\/p>\n\n\n\n<figure class=\"wp-block-gallery columns-3 is-cropped wp-block-gallery-1 is-layout-flex wp-block-gallery-is-layout-flex\"><ul class=\"blocks-gallery-grid\"><li class=\"blocks-gallery-item\"><figure><a href=\"http:\/\/lapidarium.fundacja-hereditas.pl\/wp-content\/uploads\/2022\/01\/1_20211002_TAdamiak_1417_Wwa_Kazimierzowska_11-scaled.jpg\"><img loading=\"lazy\" decoding=\"async\" width=\"593\" height=\"1024\" src=\"http:\/\/lapidarium.fundacja-hereditas.pl\/wp-content\/uploads\/2022\/01\/1_20211002_TAdamiak_1417_Wwa_Kazimierzowska_11-593x1024.jpg\" alt=\"Elewacja frontowa. Fot. Teresa Adamiak, 2021, \u017ar\u00f3d\u0142o: Studeo et Conservo\" data-id=\"8058\" data-full-url=\"http:\/\/lapidarium.fundacja-hereditas.pl\/wp-content\/uploads\/2022\/01\/1_20211002_TAdamiak_1417_Wwa_Kazimierzowska_11-scaled.jpg\" data-link=\"http:\/\/lapidarium.fundacja-hereditas.pl\/1_20211002_tadamiak_1417_wwa_kazimierzowska_11\/\" class=\"wp-image-8058\" srcset=\"http:\/\/lapidarium.fundacja-hereditas.pl\/wp-content\/uploads\/2022\/01\/1_20211002_TAdamiak_1417_Wwa_Kazimierzowska_11-593x1024.jpg 593w, http:\/\/lapidarium.fundacja-hereditas.pl\/wp-content\/uploads\/2022\/01\/1_20211002_TAdamiak_1417_Wwa_Kazimierzowska_11-174x300.jpg 174w, http:\/\/lapidarium.fundacja-hereditas.pl\/wp-content\/uploads\/2022\/01\/1_20211002_TAdamiak_1417_Wwa_Kazimierzowska_11-768x1327.jpg 768w, http:\/\/lapidarium.fundacja-hereditas.pl\/wp-content\/uploads\/2022\/01\/1_20211002_TAdamiak_1417_Wwa_Kazimierzowska_11-889x1536.jpg 889w, http:\/\/lapidarium.fundacja-hereditas.pl\/wp-content\/uploads\/2022\/01\/1_20211002_TAdamiak_1417_Wwa_Kazimierzowska_11-1185x2048.jpg 1185w, http:\/\/lapidarium.fundacja-hereditas.pl\/wp-content\/uploads\/2022\/01\/1_20211002_TAdamiak_1417_Wwa_Kazimierzowska_11-150x259.jpg 150w, http:\/\/lapidarium.fundacja-hereditas.pl\/wp-content\/uploads\/2022\/01\/1_20211002_TAdamiak_1417_Wwa_Kazimierzowska_11-300x518.jpg 300w, http:\/\/lapidarium.fundacja-hereditas.pl\/wp-content\/uploads\/2022\/01\/1_20211002_TAdamiak_1417_Wwa_Kazimierzowska_11-696x1203.jpg 696w, http:\/\/lapidarium.fundacja-hereditas.pl\/wp-content\/uploads\/2022\/01\/1_20211002_TAdamiak_1417_Wwa_Kazimierzowska_11-1068x1845.jpg 1068w, http:\/\/lapidarium.fundacja-hereditas.pl\/wp-content\/uploads\/2022\/01\/1_20211002_TAdamiak_1417_Wwa_Kazimierzowska_11-1920x3318.jpg 1920w, http:\/\/lapidarium.fundacja-hereditas.pl\/wp-content\/uploads\/2022\/01\/1_20211002_TAdamiak_1417_Wwa_Kazimierzowska_11-scaled.jpg 1482w\" sizes=\"auto, (max-width: 593px) 100vw, 593px\" \/><\/a><figcaption class=\"blocks-gallery-item__caption\">Elewacja frontowa. Fot. Teresa Adamiak, 2021, \u017ar\u00f3d\u0142o: Studeo et Conservo<\/figcaption><\/figure><\/li><li class=\"blocks-gallery-item\"><figure><a href=\"http:\/\/lapidarium.fundacja-hereditas.pl\/wp-content\/uploads\/2022\/01\/2_20211002_TAdamiak_1416_Wwa_Kazimierzowska_11-scaled.jpg\"><img loading=\"lazy\" decoding=\"async\" width=\"680\" height=\"1024\" src=\"http:\/\/lapidarium.fundacja-hereditas.pl\/wp-content\/uploads\/2022\/01\/2_20211002_TAdamiak_1416_Wwa_Kazimierzowska_11-680x1024.jpg\" alt=\"Balkony, elewacja frontowa. Fot. Teresa Adamiak, 2021, \u017ar\u00f3d\u0142o: Studeo et Conservo\" data-id=\"8059\" data-full-url=\"http:\/\/lapidarium.fundacja-hereditas.pl\/wp-content\/uploads\/2022\/01\/2_20211002_TAdamiak_1416_Wwa_Kazimierzowska_11-scaled.jpg\" data-link=\"http:\/\/lapidarium.fundacja-hereditas.pl\/2_20211002_tadamiak_1416_wwa_kazimierzowska_11\/\" class=\"wp-image-8059\" srcset=\"http:\/\/lapidarium.fundacja-hereditas.pl\/wp-content\/uploads\/2022\/01\/2_20211002_TAdamiak_1416_Wwa_Kazimierzowska_11-680x1024.jpg 680w, http:\/\/lapidarium.fundacja-hereditas.pl\/wp-content\/uploads\/2022\/01\/2_20211002_TAdamiak_1416_Wwa_Kazimierzowska_11-199x300.jpg 199w, http:\/\/lapidarium.fundacja-hereditas.pl\/wp-content\/uploads\/2022\/01\/2_20211002_TAdamiak_1416_Wwa_Kazimierzowska_11-768x1157.jpg 768w, http:\/\/lapidarium.fundacja-hereditas.pl\/wp-content\/uploads\/2022\/01\/2_20211002_TAdamiak_1416_Wwa_Kazimierzowska_11-1020x1536.jpg 1020w, http:\/\/lapidarium.fundacja-hereditas.pl\/wp-content\/uploads\/2022\/01\/2_20211002_TAdamiak_1416_Wwa_Kazimierzowska_11-1360x2048.jpg 1360w, http:\/\/lapidarium.fundacja-hereditas.pl\/wp-content\/uploads\/2022\/01\/2_20211002_TAdamiak_1416_Wwa_Kazimierzowska_11-150x226.jpg 150w, http:\/\/lapidarium.fundacja-hereditas.pl\/wp-content\/uploads\/2022\/01\/2_20211002_TAdamiak_1416_Wwa_Kazimierzowska_11-300x452.jpg 300w, http:\/\/lapidarium.fundacja-hereditas.pl\/wp-content\/uploads\/2022\/01\/2_20211002_TAdamiak_1416_Wwa_Kazimierzowska_11-696x1048.jpg 696w, http:\/\/lapidarium.fundacja-hereditas.pl\/wp-content\/uploads\/2022\/01\/2_20211002_TAdamiak_1416_Wwa_Kazimierzowska_11-1068x1608.jpg 1068w, http:\/\/lapidarium.fundacja-hereditas.pl\/wp-content\/uploads\/2022\/01\/2_20211002_TAdamiak_1416_Wwa_Kazimierzowska_11-1920x2891.jpg 1920w, http:\/\/lapidarium.fundacja-hereditas.pl\/wp-content\/uploads\/2022\/01\/2_20211002_TAdamiak_1416_Wwa_Kazimierzowska_11-scaled.jpg 1700w\" sizes=\"auto, (max-width: 680px) 100vw, 680px\" \/><\/a><figcaption class=\"blocks-gallery-item__caption\">Balkony, elewacja frontowa. Fot. Teresa Adamiak, 2021, \u017ar\u00f3d\u0142o: Studeo et Conservo<\/figcaption><\/figure><\/li><li class=\"blocks-gallery-item\"><figure><a href=\"http:\/\/lapidarium.fundacja-hereditas.pl\/wp-content\/uploads\/2022\/01\/3_20211002_TAdamiak_1420_Wwa_Kazimierzowska_11-scaled.jpg\"><img loading=\"lazy\" decoding=\"async\" width=\"680\" height=\"1024\" src=\"http:\/\/lapidarium.fundacja-hereditas.pl\/wp-content\/uploads\/2022\/01\/3_20211002_TAdamiak_1420_Wwa_Kazimierzowska_11-680x1024.jpg\" alt=\"Okna klatki schodowej, elewacja frontowa. Fot. Teresa Adamiak, 2021, \u017ar\u00f3d\u0142o: Studeo et Conservo\" data-id=\"8057\" data-full-url=\"http:\/\/lapidarium.fundacja-hereditas.pl\/wp-content\/uploads\/2022\/01\/3_20211002_TAdamiak_1420_Wwa_Kazimierzowska_11-scaled.jpg\" data-link=\"http:\/\/lapidarium.fundacja-hereditas.pl\/3_20211002_tadamiak_1420_wwa_kazimierzowska_11\/\" class=\"wp-image-8057\" srcset=\"http:\/\/lapidarium.fundacja-hereditas.pl\/wp-content\/uploads\/2022\/01\/3_20211002_TAdamiak_1420_Wwa_Kazimierzowska_11-680x1024.jpg 680w, http:\/\/lapidarium.fundacja-hereditas.pl\/wp-content\/uploads\/2022\/01\/3_20211002_TAdamiak_1420_Wwa_Kazimierzowska_11-199x300.jpg 199w, http:\/\/lapidarium.fundacja-hereditas.pl\/wp-content\/uploads\/2022\/01\/3_20211002_TAdamiak_1420_Wwa_Kazimierzowska_11-768x1156.jpg 768w, http:\/\/lapidarium.fundacja-hereditas.pl\/wp-content\/uploads\/2022\/01\/3_20211002_TAdamiak_1420_Wwa_Kazimierzowska_11-1020x1536.jpg 1020w, http:\/\/lapidarium.fundacja-hereditas.pl\/wp-content\/uploads\/2022\/01\/3_20211002_TAdamiak_1420_Wwa_Kazimierzowska_11-1360x2048.jpg 1360w, http:\/\/lapidarium.fundacja-hereditas.pl\/wp-content\/uploads\/2022\/01\/3_20211002_TAdamiak_1420_Wwa_Kazimierzowska_11-150x226.jpg 150w, http:\/\/lapidarium.fundacja-hereditas.pl\/wp-content\/uploads\/2022\/01\/3_20211002_TAdamiak_1420_Wwa_Kazimierzowska_11-300x452.jpg 300w, http:\/\/lapidarium.fundacja-hereditas.pl\/wp-content\/uploads\/2022\/01\/3_20211002_TAdamiak_1420_Wwa_Kazimierzowska_11-696x1048.jpg 696w, http:\/\/lapidarium.fundacja-hereditas.pl\/wp-content\/uploads\/2022\/01\/3_20211002_TAdamiak_1420_Wwa_Kazimierzowska_11-1068x1608.jpg 1068w, http:\/\/lapidarium.fundacja-hereditas.pl\/wp-content\/uploads\/2022\/01\/3_20211002_TAdamiak_1420_Wwa_Kazimierzowska_11-scaled.jpg 1700w\" sizes=\"auto, (max-width: 680px) 100vw, 680px\" \/><\/a><figcaption class=\"blocks-gallery-item__caption\">Okna klatki schodowej, elewacja frontowa. Fot. Teresa Adamiak, 2021, \u017ar\u00f3d\u0142o: Studeo et Conservo<\/figcaption><\/figure><\/li><\/ul><\/figure>\n","protected":false},"excerpt":{"rendered":"<p>Kamienica wielorodzinna.<\/p>\n","protected":false},"author":3,"featured_media":8058,"comment_status":"open","ping_status":"open","sticky":false,"template":"","format":"standard","meta":{"footnotes":""},"categories":[114,4],"tags":[],"class_list":{"0":"post-8060","1":"post","2":"type-post","3":"status-publish","4":"format-standard","5":"has-post-thumbnail","7":"category-kazimierzowska","8":"category-warszawa"},"_links":{"self":[{"href":"http:\/\/lapidarium.fundacja-hereditas.pl\/index.php\/wp-json\/wp\/v2\/posts\/8060","targetHints":{"allow":["GET"]}}],"collection":[{"href":"http:\/\/lapidarium.fundacja-hereditas.pl\/index.php\/wp-json\/wp\/v2\/posts"}],"about":[{"href":"http:\/\/lapidarium.fundacja-hereditas.pl\/index.php\/wp-json\/wp\/v2\/types\/post"}],"author":[{"embeddable":true,"href":"http:\/\/lapidarium.fundacja-hereditas.pl\/index.php\/wp-json\/wp\/v2\/users\/3"}],"replies":[{"embeddable":true,"href":"http:\/\/lapidarium.fundacja-hereditas.pl\/index.php\/wp-json\/wp\/v2\/comments?post=8060"}],"version-history":[{"count":2,"href":"http:\/\/lapidarium.fundacja-hereditas.pl\/index.php\/wp-json\/wp\/v2\/posts\/8060\/revisions"}],"predecessor-version":[{"id":8062,"href":"http:\/\/lapidarium.fundacja-hereditas.pl\/index.php\/wp-json\/wp\/v2\/posts\/8060\/revisions\/8062"}],"wp:featuredmedia":[{"embeddable":true,"href":"http:\/\/lapidarium.fundacja-hereditas.pl\/index.php\/wp-json\/wp\/v2\/media\/8058"}],"wp:attachment":[{"href":"http:\/\/lapidarium.fundacja-hereditas.pl\/index.php\/wp-json\/wp\/v2\/media?parent=8060"}],"wp:term":[{"taxonomy":"category","embeddable":true,"href":"http:\/\/lapidarium.fundacja-hereditas.pl\/index.php\/wp-json\/wp\/v2\/categories?post=8060"},{"taxonomy":"post_tag","embeddable":true,"href":"http:\/\/lapidarium.fundacja-hereditas.pl\/index.php\/wp-json\/wp\/v2\/tags?post=8060"}],"curies":[{"name":"wp","href":"https:\/\/api.w.org\/{rel}","templated":true}]}}