{"id":80,"date":"2021-08-25T22:29:04","date_gmt":"2021-08-25T20:29:04","guid":{"rendered":"https:\/\/inwentaryzacja.fundacja-hereditas.pl\/?p=80"},"modified":"2021-10-26T18:34:32","modified_gmt":"2021-10-26T16:34:32","slug":"kamienica-ul-bialostocka-22","status":"publish","type":"post","link":"http:\/\/lapidarium.fundacja-hereditas.pl\/index.php\/2021\/08\/25\/kamienica-ul-bialostocka-22\/","title":{"rendered":"Kamienica ul. Bia\u0142ostocka 22, Warszawa"},"content":{"rendered":"\n<p><br>Sk\u0142ad firmy \u201cKrzysztof Brun i Syn\u201d, zabudowania wzniesione w l. 1913-1914, w pi\u0119ciopi\u0119trowym budynku frontowym mie\u015bci\u0142y si\u0119 biura. Od strony wschodniej tr\u00f3josiowy segment o trzech pi\u0119trach, wcze\u015bniej po tej stronie sta\u0142y jeszcze trzy budynki magazynowe (rozebrane w l. 80. i 90. XX w., wtedy te\u017c wyburzono cz\u0119\u015b\u0107 hali magazynowej w podw\u00f3rzu) [na podst. J. Zieli\u0144ski, Atlas dawnej architektury ulic i plac\u00f3w Warszawy, t. 1, Warszawa 1995]<\/p>\n\n\n\n<figure class=\"wp-block-gallery columns-3 is-cropped wp-block-gallery-1 is-layout-flex wp-block-gallery-is-layout-flex\"><ul class=\"blocks-gallery-grid\"><li class=\"blocks-gallery-item\"><figure><a href=\"http:\/\/lapidarium.fundacja-hereditas.pl\/wp-content\/uploads\/2021\/09\/IMG_0825_2.jpg\"><img loading=\"lazy\" decoding=\"async\" width=\"1000\" height=\"669\" src=\"http:\/\/lapidarium.fundacja-hereditas.pl\/wp-content\/uploads\/2021\/09\/IMG_0825_2.jpg\" alt=\"Elewacja frontowa. Fot. Anna Szwa\u0142kiewicz, 2020, \u017ar\u00f3d\u0142o: lapidarium detalu.\" data-id=\"3890\" data-full-url=\"http:\/\/lapidarium.fundacja-hereditas.pl\/wp-content\/uploads\/2021\/09\/IMG_0825_2.jpg\" data-link=\"https:\/\/lapidarium.fundacja-hereditas.pl\/img_0825_2\/\" class=\"wp-image-3890\" srcset=\"http:\/\/lapidarium.fundacja-hereditas.pl\/wp-content\/uploads\/2021\/09\/IMG_0825_2.jpg 1000w, http:\/\/lapidarium.fundacja-hereditas.pl\/wp-content\/uploads\/2021\/09\/IMG_0825_2-300x201.jpg 300w, http:\/\/lapidarium.fundacja-hereditas.pl\/wp-content\/uploads\/2021\/09\/IMG_0825_2-768x514.jpg 768w, http:\/\/lapidarium.fundacja-hereditas.pl\/wp-content\/uploads\/2021\/09\/IMG_0825_2-150x100.jpg 150w, http:\/\/lapidarium.fundacja-hereditas.pl\/wp-content\/uploads\/2021\/09\/IMG_0825_2-696x466.jpg 696w\" sizes=\"auto, (max-width: 1000px) 100vw, 1000px\" \/><\/a><figcaption class=\"blocks-gallery-item__caption\">Elewacja frontowa. Fot. Anna Szwa\u0142kiewicz, 2020, \u017ar\u00f3d\u0142o: lapidarium detalu.<\/figcaption><\/figure><\/li><li class=\"blocks-gallery-item\"><figure><a href=\"http:\/\/lapidarium.fundacja-hereditas.pl\/wp-content\/uploads\/2021\/09\/b_863_1593946614dsc07532.jpg\"><img loading=\"lazy\" decoding=\"async\" width=\"600\" height=\"364\" src=\"http:\/\/lapidarium.fundacja-hereditas.pl\/wp-content\/uploads\/2021\/09\/b_863_1593946614dsc07532.jpg\" alt=\"Elewacja frontowa fot. Piotr Stryczy\u0144ski czerwiec 2020, \u017ar\u00f3d\u0142o: zabytek.co\" data-id=\"3891\" data-full-url=\"http:\/\/lapidarium.fundacja-hereditas.pl\/wp-content\/uploads\/2021\/09\/b_863_1593946614dsc07532.jpg\" data-link=\"https:\/\/lapidarium.fundacja-hereditas.pl\/b_863_1593946614dsc07532\/\" class=\"wp-image-3891\" srcset=\"http:\/\/lapidarium.fundacja-hereditas.pl\/wp-content\/uploads\/2021\/09\/b_863_1593946614dsc07532.jpg 600w, http:\/\/lapidarium.fundacja-hereditas.pl\/wp-content\/uploads\/2021\/09\/b_863_1593946614dsc07532-300x182.jpg 300w, http:\/\/lapidarium.fundacja-hereditas.pl\/wp-content\/uploads\/2021\/09\/b_863_1593946614dsc07532-150x91.jpg 150w\" sizes=\"auto, (max-width: 600px) 100vw, 600px\" \/><\/a><figcaption class=\"blocks-gallery-item__caption\">Elewacja frontowa fot. Piotr Stryczy\u0144ski czerwiec 2020, \u017ar\u00f3d\u0142o: zabytek.co<\/figcaption><\/figure><\/li><li class=\"blocks-gallery-item\"><figure><a href=\"http:\/\/lapidarium.fundacja-hereditas.pl\/wp-content\/uploads\/2021\/09\/b_863_1593951103dsc07676.jpg\"><img loading=\"lazy\" decoding=\"async\" width=\"600\" height=\"338\" src=\"http:\/\/lapidarium.fundacja-hereditas.pl\/wp-content\/uploads\/2021\/09\/b_863_1593951103dsc07676.jpg\" alt=\"Widok na dziedziniec fot. Piotr Stryczy\u0144ski czerwiec 2020, \u017ar\u00f3d\u0142o: zabytek.co\" data-id=\"3878\" data-full-url=\"http:\/\/lapidarium.fundacja-hereditas.pl\/wp-content\/uploads\/2021\/09\/b_863_1593951103dsc07676.jpg\" data-link=\"https:\/\/lapidarium.fundacja-hereditas.pl\/b_863_1593951103dsc07676\/\" class=\"wp-image-3878\" srcset=\"http:\/\/lapidarium.fundacja-hereditas.pl\/wp-content\/uploads\/2021\/09\/b_863_1593951103dsc07676.jpg 600w, http:\/\/lapidarium.fundacja-hereditas.pl\/wp-content\/uploads\/2021\/09\/b_863_1593951103dsc07676-300x169.jpg 300w, http:\/\/lapidarium.fundacja-hereditas.pl\/wp-content\/uploads\/2021\/09\/b_863_1593951103dsc07676-150x85.jpg 150w\" sizes=\"auto, (max-width: 600px) 100vw, 600px\" \/><\/a><figcaption class=\"blocks-gallery-item__caption\">Widok na dziedziniec fot. Piotr Stryczy\u0144ski czerwiec 2020, \u017ar\u00f3d\u0142o: zabytek.co<\/figcaption><\/figure><\/li><li class=\"blocks-gallery-item\"><figure><a href=\"http:\/\/lapidarium.fundacja-hereditas.pl\/wp-content\/uploads\/2021\/09\/b_863_1593946783dsc07536.jpg\"><img loading=\"lazy\" decoding=\"async\" width=\"338\" height=\"600\" src=\"http:\/\/lapidarium.fundacja-hereditas.pl\/wp-content\/uploads\/2021\/09\/b_863_1593946783dsc07536.jpg\" alt=\"Zachowana oryginalba latarenka adresowa i uchwyt na flagi fot. Piotr Stryczy\u0144ski czerwiec 2020, \u017ar\u00f3d\u0142o: zabytek.co\" data-id=\"3894\" data-full-url=\"http:\/\/lapidarium.fundacja-hereditas.pl\/wp-content\/uploads\/2021\/09\/b_863_1593946783dsc07536.jpg\" data-link=\"https:\/\/lapidarium.fundacja-hereditas.pl\/b_863_1593946783dsc07536\/\" class=\"wp-image-3894\" srcset=\"http:\/\/lapidarium.fundacja-hereditas.pl\/wp-content\/uploads\/2021\/09\/b_863_1593946783dsc07536.jpg 338w, http:\/\/lapidarium.fundacja-hereditas.pl\/wp-content\/uploads\/2021\/09\/b_863_1593946783dsc07536-169x300.jpg 169w, http:\/\/lapidarium.fundacja-hereditas.pl\/wp-content\/uploads\/2021\/09\/b_863_1593946783dsc07536-150x266.jpg 150w, http:\/\/lapidarium.fundacja-hereditas.pl\/wp-content\/uploads\/2021\/09\/b_863_1593946783dsc07536-300x533.jpg 300w\" sizes=\"auto, (max-width: 338px) 100vw, 338px\" \/><\/a><figcaption class=\"blocks-gallery-item__caption\">Zachowana oryginalba latarenka adresowa i uchwyt na flagi fot. Piotr Stryczy\u0144ski czerwiec 2020, \u017ar\u00f3d\u0142o: zabytek.co<\/figcaption><\/figure><\/li><li class=\"blocks-gallery-item\"><figure><a href=\"http:\/\/lapidarium.fundacja-hereditas.pl\/wp-content\/uploads\/2021\/09\/b_863_1593947281dsc07558.jpg\"><img loading=\"lazy\" decoding=\"async\" width=\"338\" height=\"600\" src=\"http:\/\/lapidarium.fundacja-hereditas.pl\/wp-content\/uploads\/2021\/09\/b_863_1593947281dsc07558.jpg\" alt=\"Oryginala stolarka drzwiowa, fot. Piotr Stryczy\u0144ski czerwiec 2020, \u017ar\u00f3d\u0142o: zabytek.co\" data-id=\"3900\" data-full-url=\"http:\/\/lapidarium.fundacja-hereditas.pl\/wp-content\/uploads\/2021\/09\/b_863_1593947281dsc07558.jpg\" data-link=\"https:\/\/lapidarium.fundacja-hereditas.pl\/b_863_1593947281dsc07558\/\" class=\"wp-image-3900\" srcset=\"http:\/\/lapidarium.fundacja-hereditas.pl\/wp-content\/uploads\/2021\/09\/b_863_1593947281dsc07558.jpg 338w, http:\/\/lapidarium.fundacja-hereditas.pl\/wp-content\/uploads\/2021\/09\/b_863_1593947281dsc07558-169x300.jpg 169w, http:\/\/lapidarium.fundacja-hereditas.pl\/wp-content\/uploads\/2021\/09\/b_863_1593947281dsc07558-150x266.jpg 150w, http:\/\/lapidarium.fundacja-hereditas.pl\/wp-content\/uploads\/2021\/09\/b_863_1593947281dsc07558-300x533.jpg 300w\" sizes=\"auto, (max-width: 338px) 100vw, 338px\" \/><\/a><figcaption class=\"blocks-gallery-item__caption\">Oryginala stolarka drzwiowa, fot. Piotr Stryczy\u0144ski czerwiec 2020, \u017ar\u00f3d\u0142o: zabytek.co<\/figcaption><\/figure><\/li><li class=\"blocks-gallery-item\"><figure><a href=\"http:\/\/lapidarium.fundacja-hereditas.pl\/wp-content\/uploads\/2021\/09\/b_863_1593946943dsc07548.jpg\"><img loading=\"lazy\" decoding=\"async\" width=\"338\" height=\"600\" src=\"http:\/\/lapidarium.fundacja-hereditas.pl\/wp-content\/uploads\/2021\/09\/b_863_1593946943dsc07548.jpg\" alt=\"Oryginalna stolarka drzwiowa, fot. Piotr Stryczy\u0144ski czerwiec 2020, \u017ar\u00f3d\u0142o: zabytek.co\" data-id=\"3898\" data-full-url=\"http:\/\/lapidarium.fundacja-hereditas.pl\/wp-content\/uploads\/2021\/09\/b_863_1593946943dsc07548.jpg\" data-link=\"https:\/\/lapidarium.fundacja-hereditas.pl\/b_863_1593946943dsc07548\/\" class=\"wp-image-3898\" srcset=\"http:\/\/lapidarium.fundacja-hereditas.pl\/wp-content\/uploads\/2021\/09\/b_863_1593946943dsc07548.jpg 338w, http:\/\/lapidarium.fundacja-hereditas.pl\/wp-content\/uploads\/2021\/09\/b_863_1593946943dsc07548-169x300.jpg 169w, http:\/\/lapidarium.fundacja-hereditas.pl\/wp-content\/uploads\/2021\/09\/b_863_1593946943dsc07548-150x266.jpg 150w, http:\/\/lapidarium.fundacja-hereditas.pl\/wp-content\/uploads\/2021\/09\/b_863_1593946943dsc07548-300x533.jpg 300w\" sizes=\"auto, (max-width: 338px) 100vw, 338px\" \/><\/a><figcaption class=\"blocks-gallery-item__caption\">Oryginalna stolarka drzwiowa, fot. Piotr Stryczy\u0144ski czerwiec 2020, \u017ar\u00f3d\u0142o: zabytek.co<\/figcaption><\/figure><\/li><li class=\"blocks-gallery-item\"><figure><a href=\"http:\/\/lapidarium.fundacja-hereditas.pl\/wp-content\/uploads\/2021\/09\/b_863_1593946616dsc07534.jpg\"><img loading=\"lazy\" decoding=\"async\" width=\"600\" height=\"338\" src=\"http:\/\/lapidarium.fundacja-hereditas.pl\/wp-content\/uploads\/2021\/09\/b_863_1593946616dsc07534.jpg\" alt=\"Przejazd bramny fot. Piotr Stryczy\u0144ski czerwiec 2020, \u017ar\u00f3d\u0142o: zabytek.co\" data-id=\"3892\" data-full-url=\"http:\/\/lapidarium.fundacja-hereditas.pl\/wp-content\/uploads\/2021\/09\/b_863_1593946616dsc07534.jpg\" data-link=\"https:\/\/lapidarium.fundacja-hereditas.pl\/b_863_1593946616dsc07534\/\" class=\"wp-image-3892\" srcset=\"http:\/\/lapidarium.fundacja-hereditas.pl\/wp-content\/uploads\/2021\/09\/b_863_1593946616dsc07534.jpg 600w, http:\/\/lapidarium.fundacja-hereditas.pl\/wp-content\/uploads\/2021\/09\/b_863_1593946616dsc07534-300x169.jpg 300w, http:\/\/lapidarium.fundacja-hereditas.pl\/wp-content\/uploads\/2021\/09\/b_863_1593946616dsc07534-150x85.jpg 150w\" sizes=\"auto, (max-width: 600px) 100vw, 600px\" \/><\/a><figcaption class=\"blocks-gallery-item__caption\">Przejazd bramny fot. Piotr Stryczy\u0144ski czerwiec 2020, \u017ar\u00f3d\u0142o: zabytek.co<\/figcaption><\/figure><\/li><li class=\"blocks-gallery-item\"><figure><a href=\"http:\/\/lapidarium.fundacja-hereditas.pl\/wp-content\/uploads\/2021\/09\/IMG_0443_2.jpg\"><img loading=\"lazy\" decoding=\"async\" width=\"1000\" height=\"667\" src=\"http:\/\/lapidarium.fundacja-hereditas.pl\/wp-content\/uploads\/2021\/09\/IMG_0443_2.jpg\" alt=\"Przejazd bramny. Fot. Anna Szwa\u0142kiewicz, 2020, \u017ar\u00f3d\u0142o: lapidarium detalu.\" data-id=\"3882\" data-full-url=\"http:\/\/lapidarium.fundacja-hereditas.pl\/wp-content\/uploads\/2021\/09\/IMG_0443_2.jpg\" data-link=\"https:\/\/lapidarium.fundacja-hereditas.pl\/img_0443_2\/\" class=\"wp-image-3882\" srcset=\"http:\/\/lapidarium.fundacja-hereditas.pl\/wp-content\/uploads\/2021\/09\/IMG_0443_2.jpg 1000w, http:\/\/lapidarium.fundacja-hereditas.pl\/wp-content\/uploads\/2021\/09\/IMG_0443_2-300x200.jpg 300w, http:\/\/lapidarium.fundacja-hereditas.pl\/wp-content\/uploads\/2021\/09\/IMG_0443_2-768x512.jpg 768w, http:\/\/lapidarium.fundacja-hereditas.pl\/wp-content\/uploads\/2021\/09\/IMG_0443_2-150x100.jpg 150w, http:\/\/lapidarium.fundacja-hereditas.pl\/wp-content\/uploads\/2021\/09\/IMG_0443_2-696x464.jpg 696w\" sizes=\"auto, (max-width: 1000px) 100vw, 1000px\" \/><\/a><figcaption class=\"blocks-gallery-item__caption\">Przejazd bramny. Fot. Anna Szwa\u0142kiewicz, 2020, \u017ar\u00f3d\u0142o: lapidarium detalu.<\/figcaption><\/figure><\/li><li class=\"blocks-gallery-item\"><figure><a href=\"http:\/\/lapidarium.fundacja-hereditas.pl\/wp-content\/uploads\/2021\/09\/IMG_0557_2.jpg\"><img loading=\"lazy\" decoding=\"async\" width=\"667\" height=\"1000\" src=\"http:\/\/lapidarium.fundacja-hereditas.pl\/wp-content\/uploads\/2021\/09\/IMG_0557_2.jpg\" alt=\"Odboje wlotowe. Fot. Anna Szwa\u0142kiewicz, 2020, \u017ar\u00f3d\u0142o: lapidarium detalu.\" data-id=\"3889\" data-full-url=\"http:\/\/lapidarium.fundacja-hereditas.pl\/wp-content\/uploads\/2021\/09\/IMG_0557_2.jpg\" data-link=\"https:\/\/lapidarium.fundacja-hereditas.pl\/img_0557_2\/\" class=\"wp-image-3889\" srcset=\"http:\/\/lapidarium.fundacja-hereditas.pl\/wp-content\/uploads\/2021\/09\/IMG_0557_2.jpg 667w, http:\/\/lapidarium.fundacja-hereditas.pl\/wp-content\/uploads\/2021\/09\/IMG_0557_2-200x300.jpg 200w, http:\/\/lapidarium.fundacja-hereditas.pl\/wp-content\/uploads\/2021\/09\/IMG_0557_2-150x225.jpg 150w, http:\/\/lapidarium.fundacja-hereditas.pl\/wp-content\/uploads\/2021\/09\/IMG_0557_2-300x450.jpg 300w\" sizes=\"auto, (max-width: 667px) 100vw, 667px\" \/><\/a><figcaption class=\"blocks-gallery-item__caption\">Odboje wlotowe. Fot. Anna Szwa\u0142kiewicz, 2020, \u017ar\u00f3d\u0142o: lapidarium detalu.<\/figcaption><\/figure><\/li><li class=\"blocks-gallery-item\"><figure><a href=\"http:\/\/lapidarium.fundacja-hereditas.pl\/wp-content\/uploads\/2021\/09\/b_863_1593946788dsc07541.jpg\"><img loading=\"lazy\" decoding=\"async\" width=\"600\" height=\"338\" src=\"http:\/\/lapidarium.fundacja-hereditas.pl\/wp-content\/uploads\/2021\/09\/b_863_1593946788dsc07541.jpg\" alt=\"Dwa \u017celiwne, kopulaste odboje fot. Piotr Stryczy\u0144ski czerwiec 2020, \u017ar\u00f3d\u0142o: zabytek.co\" data-id=\"3896\" data-full-url=\"http:\/\/lapidarium.fundacja-hereditas.pl\/wp-content\/uploads\/2021\/09\/b_863_1593946788dsc07541.jpg\" data-link=\"https:\/\/lapidarium.fundacja-hereditas.pl\/b_863_1593946788dsc07541\/\" class=\"wp-image-3896\" srcset=\"http:\/\/lapidarium.fundacja-hereditas.pl\/wp-content\/uploads\/2021\/09\/b_863_1593946788dsc07541.jpg 600w, http:\/\/lapidarium.fundacja-hereditas.pl\/wp-content\/uploads\/2021\/09\/b_863_1593946788dsc07541-300x169.jpg 300w, http:\/\/lapidarium.fundacja-hereditas.pl\/wp-content\/uploads\/2021\/09\/b_863_1593946788dsc07541-150x85.jpg 150w\" sizes=\"auto, (max-width: 600px) 100vw, 600px\" \/><\/a><figcaption class=\"blocks-gallery-item__caption\">Dwa \u017celiwne, kopulaste odboje fot. Piotr Stryczy\u0144ski czerwiec 2020, \u017ar\u00f3d\u0142o: zabytek.co<\/figcaption><\/figure><\/li><li class=\"blocks-gallery-item\"><figure><a href=\"http:\/\/lapidarium.fundacja-hereditas.pl\/wp-content\/uploads\/2021\/09\/b_863_1593946939dsc07547.jpg\"><img loading=\"lazy\" decoding=\"async\" width=\"600\" height=\"338\" src=\"http:\/\/lapidarium.fundacja-hereditas.pl\/wp-content\/uploads\/2021\/09\/b_863_1593946939dsc07547.jpg\" alt=\"Zachowane \u201ekocie \u0142by\u201d od strony podw\u00f3rza fot. Piotr Stryczy\u0144ski czerwiec 2020, \u017ar\u00f3d\u0142o: zabytek.co\" data-id=\"3897\" data-full-url=\"http:\/\/lapidarium.fundacja-hereditas.pl\/wp-content\/uploads\/2021\/09\/b_863_1593946939dsc07547.jpg\" data-link=\"https:\/\/lapidarium.fundacja-hereditas.pl\/b_863_1593946939dsc07547\/\" class=\"wp-image-3897\" srcset=\"http:\/\/lapidarium.fundacja-hereditas.pl\/wp-content\/uploads\/2021\/09\/b_863_1593946939dsc07547.jpg 600w, http:\/\/lapidarium.fundacja-hereditas.pl\/wp-content\/uploads\/2021\/09\/b_863_1593946939dsc07547-300x169.jpg 300w, http:\/\/lapidarium.fundacja-hereditas.pl\/wp-content\/uploads\/2021\/09\/b_863_1593946939dsc07547-150x85.jpg 150w\" sizes=\"auto, (max-width: 600px) 100vw, 600px\" \/><\/a><figcaption class=\"blocks-gallery-item__caption\">Zachowane \u201ekocie \u0142by\u201d od strony podw\u00f3rza fot. Piotr Stryczy\u0144ski czerwiec 2020, \u017ar\u00f3d\u0142o: zabytek.co<\/figcaption><\/figure><\/li><li class=\"blocks-gallery-item\"><figure><a href=\"http:\/\/lapidarium.fundacja-hereditas.pl\/wp-content\/uploads\/2021\/09\/b_863_1593946619dsc07535.jpg\"><img loading=\"lazy\" decoding=\"async\" width=\"600\" height=\"338\" src=\"http:\/\/lapidarium.fundacja-hereditas.pl\/wp-content\/uploads\/2021\/09\/b_863_1593946619dsc07535.jpg\" alt=\"Kostka \u201eskandynawka\u201d zachowana przed przejazdem bramnym fot. Piotr Stryczy\u0144ski czerwiec 2020, \u017ar\u00f3d\u0142o: zabytek.co\" data-id=\"3893\" data-full-url=\"http:\/\/lapidarium.fundacja-hereditas.pl\/wp-content\/uploads\/2021\/09\/b_863_1593946619dsc07535.jpg\" data-link=\"https:\/\/lapidarium.fundacja-hereditas.pl\/b_863_1593946619dsc07535\/\" class=\"wp-image-3893\" srcset=\"http:\/\/lapidarium.fundacja-hereditas.pl\/wp-content\/uploads\/2021\/09\/b_863_1593946619dsc07535.jpg 600w, http:\/\/lapidarium.fundacja-hereditas.pl\/wp-content\/uploads\/2021\/09\/b_863_1593946619dsc07535-300x169.jpg 300w, http:\/\/lapidarium.fundacja-hereditas.pl\/wp-content\/uploads\/2021\/09\/b_863_1593946619dsc07535-150x85.jpg 150w\" sizes=\"auto, (max-width: 600px) 100vw, 600px\" \/><\/a><figcaption class=\"blocks-gallery-item__caption\">Kostka \u201eskandynawka\u201d zachowana przed przejazdem bramnym fot. Piotr Stryczy\u0144ski czerwiec 2020, \u017ar\u00f3d\u0142o: zabytek.co<\/figcaption><\/figure><\/li><li class=\"blocks-gallery-item\"><figure><a href=\"http:\/\/lapidarium.fundacja-hereditas.pl\/wp-content\/uploads\/2021\/09\/b_863_1593946945dsc07553.jpg\"><img loading=\"lazy\" decoding=\"async\" width=\"600\" height=\"338\" src=\"http:\/\/lapidarium.fundacja-hereditas.pl\/wp-content\/uploads\/2021\/09\/b_863_1593946945dsc07553.jpg\" alt=\"Zachowane wyposa\u017cenie element\u00f3w fabrycznych (kratownica, suwnica, i hak z \u0142a\u0144cuchem) fot. Piotr Stryczy\u0144ski czerwiec 2020, \u017ar\u00f3d\u0142o: zabytek.co\" data-id=\"3899\" data-full-url=\"http:\/\/lapidarium.fundacja-hereditas.pl\/wp-content\/uploads\/2021\/09\/b_863_1593946945dsc07553.jpg\" data-link=\"https:\/\/lapidarium.fundacja-hereditas.pl\/b_863_1593946945dsc07553\/\" class=\"wp-image-3899\" srcset=\"http:\/\/lapidarium.fundacja-hereditas.pl\/wp-content\/uploads\/2021\/09\/b_863_1593946945dsc07553.jpg 600w, http:\/\/lapidarium.fundacja-hereditas.pl\/wp-content\/uploads\/2021\/09\/b_863_1593946945dsc07553-300x169.jpg 300w, http:\/\/lapidarium.fundacja-hereditas.pl\/wp-content\/uploads\/2021\/09\/b_863_1593946945dsc07553-150x85.jpg 150w\" sizes=\"auto, (max-width: 600px) 100vw, 600px\" \/><\/a><figcaption class=\"blocks-gallery-item__caption\">Zachowane wyposa\u017cenie element\u00f3w fabrycznych (kratownica, suwnica, i hak z \u0142a\u0144cuchem) fot. Piotr Stryczy\u0144ski czerwiec 2020, \u017ar\u00f3d\u0142o: zabytek.co<\/figcaption><\/figure><\/li><li class=\"blocks-gallery-item\"><figure><a href=\"http:\/\/lapidarium.fundacja-hereditas.pl\/wp-content\/uploads\/2021\/09\/b_863_1593946785dsc07538.jpg\"><img loading=\"lazy\" decoding=\"async\" width=\"338\" height=\"600\" src=\"http:\/\/lapidarium.fundacja-hereditas.pl\/wp-content\/uploads\/2021\/09\/b_863_1593946785dsc07538.jpg\" alt=\"Oryginalny zawias od wr\u00f3t bramnych fot. Piotr Stryczy\u0144ski czerwiec 2020, \u017ar\u00f3d\u0142o: zabytek.co\" data-id=\"3895\" data-full-url=\"http:\/\/lapidarium.fundacja-hereditas.pl\/wp-content\/uploads\/2021\/09\/b_863_1593946785dsc07538.jpg\" data-link=\"https:\/\/lapidarium.fundacja-hereditas.pl\/b_863_1593946785dsc07538\/\" class=\"wp-image-3895\" srcset=\"http:\/\/lapidarium.fundacja-hereditas.pl\/wp-content\/uploads\/2021\/09\/b_863_1593946785dsc07538.jpg 338w, http:\/\/lapidarium.fundacja-hereditas.pl\/wp-content\/uploads\/2021\/09\/b_863_1593946785dsc07538-169x300.jpg 169w, http:\/\/lapidarium.fundacja-hereditas.pl\/wp-content\/uploads\/2021\/09\/b_863_1593946785dsc07538-150x266.jpg 150w, http:\/\/lapidarium.fundacja-hereditas.pl\/wp-content\/uploads\/2021\/09\/b_863_1593946785dsc07538-300x533.jpg 300w\" sizes=\"auto, (max-width: 338px) 100vw, 338px\" \/><\/a><figcaption class=\"blocks-gallery-item__caption\">Oryginalny zawias od wr\u00f3t bramnych fot. Piotr Stryczy\u0144ski czerwiec 2020, \u017ar\u00f3d\u0142o: zabytek.co<\/figcaption><\/figure><\/li><li class=\"blocks-gallery-item\"><figure><a href=\"http:\/\/lapidarium.fundacja-hereditas.pl\/wp-content\/uploads\/2021\/09\/b_863_1593948498dsc07609.jpg\"><img loading=\"lazy\" decoding=\"async\" width=\"338\" height=\"600\" src=\"http:\/\/lapidarium.fundacja-hereditas.pl\/wp-content\/uploads\/2021\/09\/b_863_1593948498dsc07609.jpg\" alt=\"Podest p\u00f3lpi\u0119tra wy\u0142o\u017cony ok\u0142\u0105dzina ceramiczn\u0105 w uk\u0142adzie szachownicy z czarno \u2013 bia\u0142ymi, kwadratowymi p\u0142ytkami. fot. Piotr Stryczy\u0144ski czerwiec 2020, \u017ar\u00f3d\u0142o: zabytek.co\" data-id=\"3906\" data-full-url=\"http:\/\/lapidarium.fundacja-hereditas.pl\/wp-content\/uploads\/2021\/09\/b_863_1593948498dsc07609.jpg\" data-link=\"https:\/\/lapidarium.fundacja-hereditas.pl\/b_863_1593948498dsc07609\/\" class=\"wp-image-3906\" srcset=\"http:\/\/lapidarium.fundacja-hereditas.pl\/wp-content\/uploads\/2021\/09\/b_863_1593948498dsc07609.jpg 338w, http:\/\/lapidarium.fundacja-hereditas.pl\/wp-content\/uploads\/2021\/09\/b_863_1593948498dsc07609-169x300.jpg 169w, http:\/\/lapidarium.fundacja-hereditas.pl\/wp-content\/uploads\/2021\/09\/b_863_1593948498dsc07609-150x266.jpg 150w, http:\/\/lapidarium.fundacja-hereditas.pl\/wp-content\/uploads\/2021\/09\/b_863_1593948498dsc07609-300x533.jpg 300w\" sizes=\"auto, (max-width: 338px) 100vw, 338px\" \/><\/a><figcaption class=\"blocks-gallery-item__caption\">Podest p\u00f3lpi\u0119tra wy\u0142o\u017cony ok\u0142\u0105dzina ceramiczn\u0105 w uk\u0142adzie szachownicy z czarno \u2013 bia\u0142ymi, kwadratowymi p\u0142ytkami. fot. Piotr Stryczy\u0144ski czerwiec 2020, \u017ar\u00f3d\u0142o: zabytek.co<\/figcaption><\/figure><\/li><li class=\"blocks-gallery-item\"><figure><a href=\"http:\/\/lapidarium.fundacja-hereditas.pl\/wp-content\/uploads\/2021\/09\/IMG_0480_2.jpg\"><img loading=\"lazy\" decoding=\"async\" width=\"667\" height=\"1000\" src=\"http:\/\/lapidarium.fundacja-hereditas.pl\/wp-content\/uploads\/2021\/09\/IMG_0480_2.jpg\" alt=\"Klatka schodowa. Fot. Anna Szwa\u0142kiewicz, 2020, \u017ar\u00f3d\u0142o: lapidarium detalu, \u017ar\u00f3d\u0142o: zabytek.co\" data-id=\"3887\" data-full-url=\"http:\/\/lapidarium.fundacja-hereditas.pl\/wp-content\/uploads\/2021\/09\/IMG_0480_2.jpg\" data-link=\"https:\/\/lapidarium.fundacja-hereditas.pl\/img_0480_2\/\" class=\"wp-image-3887\" srcset=\"http:\/\/lapidarium.fundacja-hereditas.pl\/wp-content\/uploads\/2021\/09\/IMG_0480_2.jpg 667w, http:\/\/lapidarium.fundacja-hereditas.pl\/wp-content\/uploads\/2021\/09\/IMG_0480_2-200x300.jpg 200w, http:\/\/lapidarium.fundacja-hereditas.pl\/wp-content\/uploads\/2021\/09\/IMG_0480_2-150x225.jpg 150w, http:\/\/lapidarium.fundacja-hereditas.pl\/wp-content\/uploads\/2021\/09\/IMG_0480_2-300x450.jpg 300w\" sizes=\"auto, (max-width: 667px) 100vw, 667px\" \/><\/a><figcaption class=\"blocks-gallery-item__caption\">Klatka schodowa. Fot. Anna Szwa\u0142kiewicz, 2020, \u017ar\u00f3d\u0142o: lapidarium detalu, \u017ar\u00f3d\u0142o: zabytek.co<\/figcaption><\/figure><\/li><li class=\"blocks-gallery-item\"><figure><a href=\"http:\/\/lapidarium.fundacja-hereditas.pl\/wp-content\/uploads\/2021\/09\/IMG_0477_2.jpg\"><img loading=\"lazy\" decoding=\"async\" width=\"1000\" height=\"667\" src=\"http:\/\/lapidarium.fundacja-hereditas.pl\/wp-content\/uploads\/2021\/09\/IMG_0477_2.jpg\" alt=\"Stopnie schod\u00f3w, klatka schodowa. Fot. Anna Szwa\u0142kiewicz, 2020, \u017ar\u00f3d\u0142o: lapidarium detalu.\" data-id=\"3886\" data-full-url=\"http:\/\/lapidarium.fundacja-hereditas.pl\/wp-content\/uploads\/2021\/09\/IMG_0477_2.jpg\" data-link=\"https:\/\/lapidarium.fundacja-hereditas.pl\/img_0477_2\/\" class=\"wp-image-3886\" srcset=\"http:\/\/lapidarium.fundacja-hereditas.pl\/wp-content\/uploads\/2021\/09\/IMG_0477_2.jpg 1000w, http:\/\/lapidarium.fundacja-hereditas.pl\/wp-content\/uploads\/2021\/09\/IMG_0477_2-300x200.jpg 300w, http:\/\/lapidarium.fundacja-hereditas.pl\/wp-content\/uploads\/2021\/09\/IMG_0477_2-768x512.jpg 768w, http:\/\/lapidarium.fundacja-hereditas.pl\/wp-content\/uploads\/2021\/09\/IMG_0477_2-150x100.jpg 150w, http:\/\/lapidarium.fundacja-hereditas.pl\/wp-content\/uploads\/2021\/09\/IMG_0477_2-696x464.jpg 696w\" sizes=\"auto, (max-width: 1000px) 100vw, 1000px\" \/><\/a><figcaption class=\"blocks-gallery-item__caption\">Stopnie schod\u00f3w, klatka schodowa. Fot. Anna Szwa\u0142kiewicz, 2020, \u017ar\u00f3d\u0142o: lapidarium detalu.<\/figcaption><\/figure><\/li><li class=\"blocks-gallery-item\"><figure><a href=\"http:\/\/lapidarium.fundacja-hereditas.pl\/wp-content\/uploads\/2021\/09\/b_863_1593948247dsc07606.jpg\"><img loading=\"lazy\" decoding=\"async\" width=\"338\" height=\"600\" src=\"http:\/\/lapidarium.fundacja-hereditas.pl\/wp-content\/uploads\/2021\/09\/b_863_1593948247dsc07606.jpg\" alt=\"Drewniane dwubiegowe, powrotne schody fot. Piotr Stryczy\u0144ski czerwiec 2020, \u017ar\u00f3d\u0142o: zabytek.co\" data-id=\"3905\" data-full-url=\"http:\/\/lapidarium.fundacja-hereditas.pl\/wp-content\/uploads\/2021\/09\/b_863_1593948247dsc07606.jpg\" data-link=\"https:\/\/lapidarium.fundacja-hereditas.pl\/b_863_1593948247dsc07606\/\" class=\"wp-image-3905\" srcset=\"http:\/\/lapidarium.fundacja-hereditas.pl\/wp-content\/uploads\/2021\/09\/b_863_1593948247dsc07606.jpg 338w, http:\/\/lapidarium.fundacja-hereditas.pl\/wp-content\/uploads\/2021\/09\/b_863_1593948247dsc07606-169x300.jpg 169w, http:\/\/lapidarium.fundacja-hereditas.pl\/wp-content\/uploads\/2021\/09\/b_863_1593948247dsc07606-150x266.jpg 150w, http:\/\/lapidarium.fundacja-hereditas.pl\/wp-content\/uploads\/2021\/09\/b_863_1593948247dsc07606-300x533.jpg 300w\" sizes=\"auto, (max-width: 338px) 100vw, 338px\" \/><\/a><figcaption class=\"blocks-gallery-item__caption\">Drewniane dwubiegowe, powrotne schody fot. Piotr Stryczy\u0144ski czerwiec 2020, \u017ar\u00f3d\u0142o: zabytek.co<\/figcaption><\/figure><\/li><li class=\"blocks-gallery-item\"><figure><a href=\"http:\/\/lapidarium.fundacja-hereditas.pl\/wp-content\/uploads\/2021\/09\/b_863_1593949155dsc07621.jpg\"><img loading=\"lazy\" decoding=\"async\" width=\"600\" height=\"338\" src=\"http:\/\/lapidarium.fundacja-hereditas.pl\/wp-content\/uploads\/2021\/09\/b_863_1593949155dsc07621.jpg\" alt=\"Oryginalne szerokie, profilowane stopnice schod\u00f3w fot. Piotr Stryczy\u0144ski czerwiec 2020, \u017ar\u00f3d\u0142o: zabytek.co\" data-id=\"3867\" data-full-url=\"http:\/\/lapidarium.fundacja-hereditas.pl\/wp-content\/uploads\/2021\/09\/b_863_1593949155dsc07621.jpg\" data-link=\"https:\/\/lapidarium.fundacja-hereditas.pl\/b_863_1593949155dsc07621\/\" class=\"wp-image-3867\" srcset=\"http:\/\/lapidarium.fundacja-hereditas.pl\/wp-content\/uploads\/2021\/09\/b_863_1593949155dsc07621.jpg 600w, http:\/\/lapidarium.fundacja-hereditas.pl\/wp-content\/uploads\/2021\/09\/b_863_1593949155dsc07621-300x169.jpg 300w, http:\/\/lapidarium.fundacja-hereditas.pl\/wp-content\/uploads\/2021\/09\/b_863_1593949155dsc07621-150x85.jpg 150w\" sizes=\"auto, (max-width: 600px) 100vw, 600px\" \/><\/a><figcaption class=\"blocks-gallery-item__caption\">Oryginalne szerokie, profilowane stopnice schod\u00f3w fot. Piotr Stryczy\u0144ski czerwiec 2020, \u017ar\u00f3d\u0142o: zabytek.co<\/figcaption><\/figure><\/li><li class=\"blocks-gallery-item\"><figure><a href=\"http:\/\/lapidarium.fundacja-hereditas.pl\/wp-content\/uploads\/2021\/09\/b_863_1593948244dsc07598.jpg\"><img loading=\"lazy\" decoding=\"async\" width=\"338\" height=\"600\" src=\"http:\/\/lapidarium.fundacja-hereditas.pl\/wp-content\/uploads\/2021\/09\/b_863_1593948244dsc07598.jpg\" alt=\"Balustrada schod\u00f3w wraz ze s\u0142upkiem na pode\u015bcie sieni. fot. Piotr Stryczy\u0144ski czerwiec 2020, \u017ar\u00f3d\u0142o: zabytek.co\" data-id=\"3904\" data-full-url=\"http:\/\/lapidarium.fundacja-hereditas.pl\/wp-content\/uploads\/2021\/09\/b_863_1593948244dsc07598.jpg\" data-link=\"https:\/\/lapidarium.fundacja-hereditas.pl\/b_863_1593948244dsc07598\/\" class=\"wp-image-3904\" srcset=\"http:\/\/lapidarium.fundacja-hereditas.pl\/wp-content\/uploads\/2021\/09\/b_863_1593948244dsc07598.jpg 338w, http:\/\/lapidarium.fundacja-hereditas.pl\/wp-content\/uploads\/2021\/09\/b_863_1593948244dsc07598-169x300.jpg 169w, http:\/\/lapidarium.fundacja-hereditas.pl\/wp-content\/uploads\/2021\/09\/b_863_1593948244dsc07598-150x266.jpg 150w, http:\/\/lapidarium.fundacja-hereditas.pl\/wp-content\/uploads\/2021\/09\/b_863_1593948244dsc07598-300x533.jpg 300w\" sizes=\"auto, (max-width: 338px) 100vw, 338px\" \/><\/a><figcaption class=\"blocks-gallery-item__caption\">Balustrada schod\u00f3w wraz ze s\u0142upkiem na pode\u015bcie sieni. fot. Piotr Stryczy\u0144ski czerwiec 2020, \u017ar\u00f3d\u0142o: zabytek.co<\/figcaption><\/figure><\/li><li class=\"blocks-gallery-item\"><figure><a href=\"http:\/\/lapidarium.fundacja-hereditas.pl\/wp-content\/uploads\/2021\/09\/b_863_1593947287dsc07593.jpg\"><img loading=\"lazy\" decoding=\"async\" width=\"338\" height=\"600\" src=\"http:\/\/lapidarium.fundacja-hereditas.pl\/wp-content\/uploads\/2021\/09\/b_863_1593947287dsc07593.jpg\" alt=\"Podest sieni, wy\u0142o\u017cony ok\u0142adzin\u0105 ceramiczn\u0105 w uk\u0142adzie szachownicy z czarnymi i bia\u0142ymi, kwadratowymi p\u0142ytkami fot. Piotr Stryczy\u0144ski czerwiec 2020, \u017ar\u00f3d\u0142o: zabytek.co\" data-id=\"3902\" data-full-url=\"http:\/\/lapidarium.fundacja-hereditas.pl\/wp-content\/uploads\/2021\/09\/b_863_1593947287dsc07593.jpg\" data-link=\"https:\/\/lapidarium.fundacja-hereditas.pl\/b_863_1593947287dsc07593\/\" class=\"wp-image-3902\" srcset=\"http:\/\/lapidarium.fundacja-hereditas.pl\/wp-content\/uploads\/2021\/09\/b_863_1593947287dsc07593.jpg 338w, http:\/\/lapidarium.fundacja-hereditas.pl\/wp-content\/uploads\/2021\/09\/b_863_1593947287dsc07593-169x300.jpg 169w, http:\/\/lapidarium.fundacja-hereditas.pl\/wp-content\/uploads\/2021\/09\/b_863_1593947287dsc07593-150x266.jpg 150w, http:\/\/lapidarium.fundacja-hereditas.pl\/wp-content\/uploads\/2021\/09\/b_863_1593947287dsc07593-300x533.jpg 300w\" sizes=\"auto, (max-width: 338px) 100vw, 338px\" \/><\/a><figcaption class=\"blocks-gallery-item__caption\">Podest sieni, wy\u0142o\u017cony ok\u0142adzin\u0105 ceramiczn\u0105 w uk\u0142adzie szachownicy z czarnymi i bia\u0142ymi, kwadratowymi p\u0142ytkami fot. Piotr Stryczy\u0144ski czerwiec 2020, \u017ar\u00f3d\u0142o: zabytek.co<\/figcaption><\/figure><\/li><li class=\"blocks-gallery-item\"><figure><a href=\"http:\/\/lapidarium.fundacja-hereditas.pl\/wp-content\/uploads\/2021\/09\/IMG_0500_2.jpg\"><img loading=\"lazy\" decoding=\"async\" width=\"667\" height=\"1000\" src=\"http:\/\/lapidarium.fundacja-hereditas.pl\/wp-content\/uploads\/2021\/09\/IMG_0500_2.jpg\" alt=\"Klatka schodowa. Fot. Anna Szwa\u0142kiewicz, 2020, \u017ar\u00f3d\u0142o: lapidarium detalu.\" data-id=\"3888\" data-full-url=\"http:\/\/lapidarium.fundacja-hereditas.pl\/wp-content\/uploads\/2021\/09\/IMG_0500_2.jpg\" data-link=\"https:\/\/lapidarium.fundacja-hereditas.pl\/img_0500_2\/\" class=\"wp-image-3888\" srcset=\"http:\/\/lapidarium.fundacja-hereditas.pl\/wp-content\/uploads\/2021\/09\/IMG_0500_2.jpg 667w, http:\/\/lapidarium.fundacja-hereditas.pl\/wp-content\/uploads\/2021\/09\/IMG_0500_2-200x300.jpg 200w, http:\/\/lapidarium.fundacja-hereditas.pl\/wp-content\/uploads\/2021\/09\/IMG_0500_2-150x225.jpg 150w, http:\/\/lapidarium.fundacja-hereditas.pl\/wp-content\/uploads\/2021\/09\/IMG_0500_2-300x450.jpg 300w\" sizes=\"auto, (max-width: 667px) 100vw, 667px\" \/><\/a><figcaption class=\"blocks-gallery-item__caption\">Klatka schodowa. Fot. Anna Szwa\u0142kiewicz, 2020, \u017ar\u00f3d\u0142o: lapidarium detalu.<\/figcaption><\/figure><\/li><li class=\"blocks-gallery-item\"><figure><a href=\"http:\/\/lapidarium.fundacja-hereditas.pl\/wp-content\/uploads\/2021\/09\/b_863_1593948825dsc07616.jpg\"><img loading=\"lazy\" decoding=\"async\" width=\"338\" height=\"600\" src=\"http:\/\/lapidarium.fundacja-hereditas.pl\/wp-content\/uploads\/2021\/09\/b_863_1593948825dsc07616.jpg\" alt=\"Podest pi\u0119tra z ok\u0142\u0105dzin\u0105 ceramiczn\u0105 i drewnianym wyposa\u017ceniem klatki schodowej fot. Piotr Stryczy\u0144ski czerwiec 2020, \u017ar\u00f3d\u0142o: zabytek.co\" data-id=\"3865\" data-full-url=\"http:\/\/lapidarium.fundacja-hereditas.pl\/wp-content\/uploads\/2021\/09\/b_863_1593948825dsc07616.jpg\" data-link=\"https:\/\/lapidarium.fundacja-hereditas.pl\/b_863_1593948825dsc07616\/\" class=\"wp-image-3865\" srcset=\"http:\/\/lapidarium.fundacja-hereditas.pl\/wp-content\/uploads\/2021\/09\/b_863_1593948825dsc07616.jpg 338w, http:\/\/lapidarium.fundacja-hereditas.pl\/wp-content\/uploads\/2021\/09\/b_863_1593948825dsc07616-169x300.jpg 169w, http:\/\/lapidarium.fundacja-hereditas.pl\/wp-content\/uploads\/2021\/09\/b_863_1593948825dsc07616-150x266.jpg 150w, http:\/\/lapidarium.fundacja-hereditas.pl\/wp-content\/uploads\/2021\/09\/b_863_1593948825dsc07616-300x533.jpg 300w\" sizes=\"auto, (max-width: 338px) 100vw, 338px\" \/><\/a><figcaption class=\"blocks-gallery-item__caption\">Podest pi\u0119tra z ok\u0142\u0105dzin\u0105 ceramiczn\u0105 i drewnianym wyposa\u017ceniem klatki schodowej fot. Piotr Stryczy\u0144ski czerwiec 2020, \u017ar\u00f3d\u0142o: zabytek.co<\/figcaption><\/figure><\/li><li class=\"blocks-gallery-item\"><figure><a href=\"http:\/\/lapidarium.fundacja-hereditas.pl\/wp-content\/uploads\/2021\/09\/b_863_1593951291dsc07678.jpg\"><img loading=\"lazy\" decoding=\"async\" width=\"600\" height=\"338\" src=\"http:\/\/lapidarium.fundacja-hereditas.pl\/wp-content\/uploads\/2021\/09\/b_863_1593951291dsc07678.jpg\" alt=\"Drewniana balustrada schod\u00f3w fot. Piotr Stryczy\u0144ski czerwiec 2020, \u017ar\u00f3d\u0142o: zabytek.co\" data-id=\"3879\" data-full-url=\"http:\/\/lapidarium.fundacja-hereditas.pl\/wp-content\/uploads\/2021\/09\/b_863_1593951291dsc07678.jpg\" data-link=\"https:\/\/lapidarium.fundacja-hereditas.pl\/b_863_1593951291dsc07678\/\" class=\"wp-image-3879\" srcset=\"http:\/\/lapidarium.fundacja-hereditas.pl\/wp-content\/uploads\/2021\/09\/b_863_1593951291dsc07678.jpg 600w, http:\/\/lapidarium.fundacja-hereditas.pl\/wp-content\/uploads\/2021\/09\/b_863_1593951291dsc07678-300x169.jpg 300w, http:\/\/lapidarium.fundacja-hereditas.pl\/wp-content\/uploads\/2021\/09\/b_863_1593951291dsc07678-150x85.jpg 150w\" sizes=\"auto, (max-width: 600px) 100vw, 600px\" \/><\/a><figcaption class=\"blocks-gallery-item__caption\">Drewniana balustrada schod\u00f3w fot. Piotr Stryczy\u0144ski czerwiec 2020, \u017ar\u00f3d\u0142o: zabytek.co<\/figcaption><\/figure><\/li><li class=\"blocks-gallery-item\"><figure><a href=\"http:\/\/lapidarium.fundacja-hereditas.pl\/wp-content\/uploads\/2021\/09\/b_863_1593949158dsc07626.jpg\"><img loading=\"lazy\" decoding=\"async\" width=\"600\" height=\"338\" src=\"http:\/\/lapidarium.fundacja-hereditas.pl\/wp-content\/uploads\/2021\/09\/b_863_1593949158dsc07626.jpg\" alt=\"Drewniana balustrada schod\u00f3w fot. Piotr Stryczy\u0144ski czerwiec 2020, \u017ar\u00f3d\u0142o: zabytek.co\" data-id=\"3868\" data-full-url=\"http:\/\/lapidarium.fundacja-hereditas.pl\/wp-content\/uploads\/2021\/09\/b_863_1593949158dsc07626.jpg\" data-link=\"https:\/\/lapidarium.fundacja-hereditas.pl\/b_863_1593949158dsc07626\/\" class=\"wp-image-3868\" srcset=\"http:\/\/lapidarium.fundacja-hereditas.pl\/wp-content\/uploads\/2021\/09\/b_863_1593949158dsc07626.jpg 600w, http:\/\/lapidarium.fundacja-hereditas.pl\/wp-content\/uploads\/2021\/09\/b_863_1593949158dsc07626-300x169.jpg 300w, http:\/\/lapidarium.fundacja-hereditas.pl\/wp-content\/uploads\/2021\/09\/b_863_1593949158dsc07626-150x85.jpg 150w\" sizes=\"auto, (max-width: 600px) 100vw, 600px\" \/><\/a><figcaption class=\"blocks-gallery-item__caption\">Drewniana balustrada schod\u00f3w fot. Piotr Stryczy\u0144ski czerwiec 2020, \u017ar\u00f3d\u0142o: zabytek.co<\/figcaption><\/figure><\/li><li class=\"blocks-gallery-item\"><figure><a href=\"http:\/\/lapidarium.fundacja-hereditas.pl\/wp-content\/uploads\/2021\/09\/b_863_1593951294dsc07685.jpg\"><img loading=\"lazy\" decoding=\"async\" width=\"600\" height=\"338\" src=\"http:\/\/lapidarium.fundacja-hereditas.pl\/wp-content\/uploads\/2021\/09\/b_863_1593951294dsc07685.jpg\" alt=\"Orygnalna stolarka okienna o drzwiowa w pomieszczeniu str\u00f3\u017c\u00f3wki, fot. Piotr Stryczy\u0144ski czerwiec 2020, \u017ar\u00f3d\u0142o: zabytek.co\" data-id=\"3880\" data-full-url=\"http:\/\/lapidarium.fundacja-hereditas.pl\/wp-content\/uploads\/2021\/09\/b_863_1593951294dsc07685.jpg\" data-link=\"https:\/\/lapidarium.fundacja-hereditas.pl\/b_863_1593951294dsc07685\/\" class=\"wp-image-3880\" srcset=\"http:\/\/lapidarium.fundacja-hereditas.pl\/wp-content\/uploads\/2021\/09\/b_863_1593951294dsc07685.jpg 600w, http:\/\/lapidarium.fundacja-hereditas.pl\/wp-content\/uploads\/2021\/09\/b_863_1593951294dsc07685-300x169.jpg 300w, http:\/\/lapidarium.fundacja-hereditas.pl\/wp-content\/uploads\/2021\/09\/b_863_1593951294dsc07685-150x85.jpg 150w\" sizes=\"auto, (max-width: 600px) 100vw, 600px\" \/><\/a><figcaption class=\"blocks-gallery-item__caption\">Orygnalna stolarka okienna o drzwiowa w pomieszczeniu str\u00f3\u017c\u00f3wki, fot. Piotr Stryczy\u0144ski czerwiec 2020, \u017ar\u00f3d\u0142o: zabytek.co<\/figcaption><\/figure><\/li><li class=\"blocks-gallery-item\"><figure><a href=\"http:\/\/lapidarium.fundacja-hereditas.pl\/wp-content\/uploads\/2021\/09\/b_863_1593948504dsc07614.jpg\"><img loading=\"lazy\" decoding=\"async\" width=\"338\" height=\"600\" src=\"http:\/\/lapidarium.fundacja-hereditas.pl\/wp-content\/uploads\/2021\/09\/b_863_1593948504dsc07614.jpg\" alt=\"Podest pi\u0119tra z ok\u0142\u0105dzina ceramiczn\u0105 i oryginalnymi drzwiami, dwuskrzd\u0142owymi, z trzema wyd\u0142u\u017conymi kwaterami p\u0142ycinowo-p\u0142ytowymi w ka\u017cdym ze skrzyde\u0142 fot. Piotr Stryczy\u0144ski czerwiec 2020, \u017ar\u00f3d\u0142o: zabytek.co\" data-id=\"3907\" data-full-url=\"http:\/\/lapidarium.fundacja-hereditas.pl\/wp-content\/uploads\/2021\/09\/b_863_1593948504dsc07614.jpg\" data-link=\"https:\/\/lapidarium.fundacja-hereditas.pl\/b_863_1593948504dsc07614\/\" class=\"wp-image-3907\" srcset=\"http:\/\/lapidarium.fundacja-hereditas.pl\/wp-content\/uploads\/2021\/09\/b_863_1593948504dsc07614.jpg 338w, http:\/\/lapidarium.fundacja-hereditas.pl\/wp-content\/uploads\/2021\/09\/b_863_1593948504dsc07614-169x300.jpg 169w, http:\/\/lapidarium.fundacja-hereditas.pl\/wp-content\/uploads\/2021\/09\/b_863_1593948504dsc07614-150x266.jpg 150w, http:\/\/lapidarium.fundacja-hereditas.pl\/wp-content\/uploads\/2021\/09\/b_863_1593948504dsc07614-300x533.jpg 300w\" sizes=\"auto, (max-width: 338px) 100vw, 338px\" \/><\/a><figcaption class=\"blocks-gallery-item__caption\">Podest pi\u0119tra z ok\u0142\u0105dzina ceramiczn\u0105 i oryginalnymi drzwiami, dwuskrzd\u0142owymi, z trzema wyd\u0142u\u017conymi kwaterami p\u0142ycinowo-p\u0142ytowymi w ka\u017cdym ze skrzyde\u0142 fot. Piotr Stryczy\u0144ski czerwiec 2020, \u017ar\u00f3d\u0142o: zabytek.co<\/figcaption><\/figure><\/li><li class=\"blocks-gallery-item\"><figure><a href=\"http:\/\/lapidarium.fundacja-hereditas.pl\/wp-content\/uploads\/2021\/09\/b_863_1593948241dsc07594.jpg\"><img loading=\"lazy\" decoding=\"async\" width=\"338\" height=\"600\" src=\"http:\/\/lapidarium.fundacja-hereditas.pl\/wp-content\/uploads\/2021\/09\/b_863_1593948241dsc07594.jpg\" alt=\"Drzwi wej\u015bciowe do piwnicy, fot. Piotr Stryczy\u0144ski czerwiec 2020, \u017ar\u00f3d\u0142o: zabytek.co\" data-id=\"3903\" data-full-url=\"http:\/\/lapidarium.fundacja-hereditas.pl\/wp-content\/uploads\/2021\/09\/b_863_1593948241dsc07594.jpg\" data-link=\"https:\/\/lapidarium.fundacja-hereditas.pl\/b_863_1593948241dsc07594\/\" class=\"wp-image-3903\" srcset=\"http:\/\/lapidarium.fundacja-hereditas.pl\/wp-content\/uploads\/2021\/09\/b_863_1593948241dsc07594.jpg 338w, http:\/\/lapidarium.fundacja-hereditas.pl\/wp-content\/uploads\/2021\/09\/b_863_1593948241dsc07594-169x300.jpg 169w, http:\/\/lapidarium.fundacja-hereditas.pl\/wp-content\/uploads\/2021\/09\/b_863_1593948241dsc07594-150x266.jpg 150w, http:\/\/lapidarium.fundacja-hereditas.pl\/wp-content\/uploads\/2021\/09\/b_863_1593948241dsc07594-300x533.jpg 300w\" sizes=\"auto, (max-width: 338px) 100vw, 338px\" \/><\/a><figcaption class=\"blocks-gallery-item__caption\">Drzwi wej\u015bciowe do piwnicy, fot. Piotr Stryczy\u0144ski czerwiec 2020, \u017ar\u00f3d\u0142o: zabytek.co<\/figcaption><\/figure><\/li><li class=\"blocks-gallery-item\"><figure><a href=\"http:\/\/lapidarium.fundacja-hereditas.pl\/wp-content\/uploads\/2021\/09\/b_863_1593948828dsc07618.jpg\"><img loading=\"lazy\" decoding=\"async\" width=\"600\" height=\"338\" src=\"http:\/\/lapidarium.fundacja-hereditas.pl\/wp-content\/uploads\/2021\/09\/b_863_1593948828dsc07618.jpg\" alt=\"Korytarz z ok\u0142adzin\u0105 ceramiczn\u0105 i oryginaln\u0105 stolark\u0105 drzwiow\u0105 fot. Piotr Stryczy\u0144ski czerwiec 2020, \u017ar\u00f3d\u0142o: zabytek.co\" data-id=\"3866\" data-full-url=\"http:\/\/lapidarium.fundacja-hereditas.pl\/wp-content\/uploads\/2021\/09\/b_863_1593948828dsc07618.jpg\" data-link=\"https:\/\/lapidarium.fundacja-hereditas.pl\/b_863_1593948828dsc07618\/\" class=\"wp-image-3866\" srcset=\"http:\/\/lapidarium.fundacja-hereditas.pl\/wp-content\/uploads\/2021\/09\/b_863_1593948828dsc07618.jpg 600w, http:\/\/lapidarium.fundacja-hereditas.pl\/wp-content\/uploads\/2021\/09\/b_863_1593948828dsc07618-300x169.jpg 300w, http:\/\/lapidarium.fundacja-hereditas.pl\/wp-content\/uploads\/2021\/09\/b_863_1593948828dsc07618-150x85.jpg 150w\" sizes=\"auto, (max-width: 600px) 100vw, 600px\" \/><\/a><figcaption class=\"blocks-gallery-item__caption\">Korytarz z ok\u0142adzin\u0105 ceramiczn\u0105 i oryginaln\u0105 stolark\u0105 drzwiow\u0105 fot. Piotr Stryczy\u0144ski czerwiec 2020, \u017ar\u00f3d\u0142o: zabytek.co<\/figcaption><\/figure><\/li><li class=\"blocks-gallery-item\"><figure><a href=\"http:\/\/lapidarium.fundacja-hereditas.pl\/wp-content\/uploads\/2021\/09\/b_863_1593948822dsc07615.jpg\"><img loading=\"lazy\" decoding=\"async\" width=\"338\" height=\"600\" src=\"http:\/\/lapidarium.fundacja-hereditas.pl\/wp-content\/uploads\/2021\/09\/b_863_1593948822dsc07615.jpg\" alt=\"odest pi\u0119tra z ok\u0142\u0105dzina ceramiczn\u0105 i oryginalnymi drzwiami, dwuskrzd\u0142owymi, z trzema wyd\u0142u\u017conymi kwaterami p\u0142ycinowo-p\u0142ytowymi w ka\u017cdym ze skrzyde\u0142 fot. Piotr Stryczy\u0144ski czerwiec 2020, \u017ar\u00f3d\u0142o: zabytek.co\" data-id=\"3864\" data-full-url=\"http:\/\/lapidarium.fundacja-hereditas.pl\/wp-content\/uploads\/2021\/09\/b_863_1593948822dsc07615.jpg\" data-link=\"https:\/\/lapidarium.fundacja-hereditas.pl\/b_863_1593948822dsc07615\/\" class=\"wp-image-3864\" srcset=\"http:\/\/lapidarium.fundacja-hereditas.pl\/wp-content\/uploads\/2021\/09\/b_863_1593948822dsc07615.jpg 338w, http:\/\/lapidarium.fundacja-hereditas.pl\/wp-content\/uploads\/2021\/09\/b_863_1593948822dsc07615-169x300.jpg 169w, http:\/\/lapidarium.fundacja-hereditas.pl\/wp-content\/uploads\/2021\/09\/b_863_1593948822dsc07615-150x266.jpg 150w, http:\/\/lapidarium.fundacja-hereditas.pl\/wp-content\/uploads\/2021\/09\/b_863_1593948822dsc07615-300x533.jpg 300w\" sizes=\"auto, (max-width: 338px) 100vw, 338px\" \/><\/a><figcaption class=\"blocks-gallery-item__caption\">odest pi\u0119tra z ok\u0142\u0105dzina ceramiczn\u0105 i oryginalnymi drzwiami, dwuskrzd\u0142owymi, z trzema wyd\u0142u\u017conymi kwaterami p\u0142ycinowo-p\u0142ytowymi w ka\u017cdym ze skrzyde\u0142 fot. Piotr Stryczy\u0144ski czerwiec 2020, \u017ar\u00f3d\u0142o: zabytek.co<\/figcaption><\/figure><\/li><li class=\"blocks-gallery-item\"><figure><a href=\"http:\/\/lapidarium.fundacja-hereditas.pl\/wp-content\/uploads\/2021\/09\/b_863_1593951101dsc07669.jpg\"><img loading=\"lazy\" decoding=\"async\" width=\"600\" height=\"338\" src=\"http:\/\/lapidarium.fundacja-hereditas.pl\/wp-content\/uploads\/2021\/09\/b_863_1593951101dsc07669.jpg\" alt=\"Podest ostatniego pi\u0119tra z zachowan\u0105 drewniana balustrad\u0105 i trzema parami drzwi \u2013 dwoma jednoskrzyd\u0142owymi i jedn\u0105 par\u0105 dwuskrzyd\u0142ow\u0105 fot. Piotr Stryczy\u0144ski czerwiec 2020, \u017ar\u00f3d\u0142o: zabytek.co\" data-id=\"3877\" data-full-url=\"http:\/\/lapidarium.fundacja-hereditas.pl\/wp-content\/uploads\/2021\/09\/b_863_1593951101dsc07669.jpg\" data-link=\"https:\/\/lapidarium.fundacja-hereditas.pl\/b_863_1593951101dsc07669\/\" class=\"wp-image-3877\" srcset=\"http:\/\/lapidarium.fundacja-hereditas.pl\/wp-content\/uploads\/2021\/09\/b_863_1593951101dsc07669.jpg 600w, http:\/\/lapidarium.fundacja-hereditas.pl\/wp-content\/uploads\/2021\/09\/b_863_1593951101dsc07669-300x169.jpg 300w, http:\/\/lapidarium.fundacja-hereditas.pl\/wp-content\/uploads\/2021\/09\/b_863_1593951101dsc07669-150x85.jpg 150w\" sizes=\"auto, (max-width: 600px) 100vw, 600px\" \/><\/a><figcaption class=\"blocks-gallery-item__caption\">Podest ostatniego pi\u0119tra z zachowan\u0105 drewniana balustrad\u0105 i trzema parami drzwi \u2013 dwoma jednoskrzyd\u0142owymi i jedn\u0105 par\u0105 dwuskrzyd\u0142ow\u0105 fot. Piotr Stryczy\u0144ski czerwiec 2020, \u017ar\u00f3d\u0142o: zabytek.co<\/figcaption><\/figure><\/li><li class=\"blocks-gallery-item\"><figure><a href=\"http:\/\/lapidarium.fundacja-hereditas.pl\/wp-content\/uploads\/2021\/09\/b_863_1593951097dsc07662.jpg\"><img loading=\"lazy\" decoding=\"async\" width=\"338\" height=\"600\" src=\"http:\/\/lapidarium.fundacja-hereditas.pl\/wp-content\/uploads\/2021\/09\/b_863_1593951097dsc07662.jpg\" alt=\"Podest ostatniego p\u00f3lpi\u0119tra z zachowan\u0105 oryginaln\u0105 drewnian\u0105 balustrad\u0105. fot. Piotr Stryczy\u0144ski czerwiec 2020, \u017ar\u00f3d\u0142o: zabytek.co\" data-id=\"3876\" data-full-url=\"http:\/\/lapidarium.fundacja-hereditas.pl\/wp-content\/uploads\/2021\/09\/b_863_1593951097dsc07662.jpg\" data-link=\"https:\/\/lapidarium.fundacja-hereditas.pl\/b_863_1593951097dsc07662\/\" class=\"wp-image-3876\" srcset=\"http:\/\/lapidarium.fundacja-hereditas.pl\/wp-content\/uploads\/2021\/09\/b_863_1593951097dsc07662.jpg 338w, http:\/\/lapidarium.fundacja-hereditas.pl\/wp-content\/uploads\/2021\/09\/b_863_1593951097dsc07662-169x300.jpg 169w, http:\/\/lapidarium.fundacja-hereditas.pl\/wp-content\/uploads\/2021\/09\/b_863_1593951097dsc07662-150x266.jpg 150w, http:\/\/lapidarium.fundacja-hereditas.pl\/wp-content\/uploads\/2021\/09\/b_863_1593951097dsc07662-300x533.jpg 300w\" sizes=\"auto, (max-width: 338px) 100vw, 338px\" \/><\/a><figcaption class=\"blocks-gallery-item__caption\">Podest ostatniego p\u00f3lpi\u0119tra z zachowan\u0105 oryginaln\u0105 drewnian\u0105 balustrad\u0105. fot. Piotr Stryczy\u0144ski czerwiec 2020, \u017ar\u00f3d\u0142o: zabytek.co<\/figcaption><\/figure><\/li><li class=\"blocks-gallery-item\"><figure><a href=\"http:\/\/lapidarium.fundacja-hereditas.pl\/wp-content\/uploads\/2021\/09\/b_863_1593949907dsc07639.jpg\"><img loading=\"lazy\" decoding=\"async\" width=\"600\" height=\"338\" src=\"http:\/\/lapidarium.fundacja-hereditas.pl\/wp-content\/uploads\/2021\/09\/b_863_1593949907dsc07639.jpg\" alt=\"Zachowany fragment (jedna kwadratowa p\u0142ytka) oryginalnej ok\u0142adziny ceramicznej z ornamentowym wzorem fot. Piotr Stryczy\u0144ski czerwiec 2020, \u017ar\u00f3d\u0142o: zabytek.co\" data-id=\"3871\" data-full-url=\"http:\/\/lapidarium.fundacja-hereditas.pl\/wp-content\/uploads\/2021\/09\/b_863_1593949907dsc07639.jpg\" data-link=\"https:\/\/lapidarium.fundacja-hereditas.pl\/b_863_1593949907dsc07639\/\" class=\"wp-image-3871\" srcset=\"http:\/\/lapidarium.fundacja-hereditas.pl\/wp-content\/uploads\/2021\/09\/b_863_1593949907dsc07639.jpg 600w, http:\/\/lapidarium.fundacja-hereditas.pl\/wp-content\/uploads\/2021\/09\/b_863_1593949907dsc07639-300x169.jpg 300w, http:\/\/lapidarium.fundacja-hereditas.pl\/wp-content\/uploads\/2021\/09\/b_863_1593949907dsc07639-150x85.jpg 150w\" sizes=\"auto, (max-width: 600px) 100vw, 600px\" \/><\/a><figcaption class=\"blocks-gallery-item__caption\">Zachowany fragment (jedna kwadratowa p\u0142ytka) oryginalnej ok\u0142adziny ceramicznej z ornamentowym wzorem fot. Piotr Stryczy\u0144ski czerwiec 2020, \u017ar\u00f3d\u0142o: zabytek.co<\/figcaption><\/figure><\/li><li class=\"blocks-gallery-item\"><figure><a href=\"http:\/\/lapidarium.fundacja-hereditas.pl\/wp-content\/uploads\/2021\/09\/b_863_1593949904dsc07638.jpg\"><img loading=\"lazy\" decoding=\"async\" width=\"338\" height=\"600\" src=\"http:\/\/lapidarium.fundacja-hereditas.pl\/wp-content\/uploads\/2021\/09\/b_863_1593949904dsc07638.jpg\" alt=\"Fragmenty zachowanej oryginalnej ok\u0142adziny ceramicznej wpasowane w nowe p\u0142ytki fot. Piotr Stryczy\u0144ski czerwiec 2020, \u017ar\u00f3d\u0142o: zabytek.co\" data-id=\"3870\" data-full-url=\"http:\/\/lapidarium.fundacja-hereditas.pl\/wp-content\/uploads\/2021\/09\/b_863_1593949904dsc07638.jpg\" data-link=\"https:\/\/lapidarium.fundacja-hereditas.pl\/b_863_1593949904dsc07638\/\" class=\"wp-image-3870\" srcset=\"http:\/\/lapidarium.fundacja-hereditas.pl\/wp-content\/uploads\/2021\/09\/b_863_1593949904dsc07638.jpg 338w, http:\/\/lapidarium.fundacja-hereditas.pl\/wp-content\/uploads\/2021\/09\/b_863_1593949904dsc07638-169x300.jpg 169w, http:\/\/lapidarium.fundacja-hereditas.pl\/wp-content\/uploads\/2021\/09\/b_863_1593949904dsc07638-150x266.jpg 150w, http:\/\/lapidarium.fundacja-hereditas.pl\/wp-content\/uploads\/2021\/09\/b_863_1593949904dsc07638-300x533.jpg 300w\" sizes=\"auto, (max-width: 338px) 100vw, 338px\" \/><\/a><figcaption class=\"blocks-gallery-item__caption\">Fragmenty zachowanej oryginalnej ok\u0142adziny ceramicznej wpasowane w nowe p\u0142ytki fot. Piotr Stryczy\u0144ski czerwiec 2020, \u017ar\u00f3d\u0142o: zabytek.co<\/figcaption><\/figure><\/li><li class=\"blocks-gallery-item\"><figure><a href=\"http:\/\/lapidarium.fundacja-hereditas.pl\/wp-content\/uploads\/2021\/09\/b_863_1593950474dsc07647.jpg\"><img loading=\"lazy\" decoding=\"async\" width=\"600\" height=\"338\" src=\"http:\/\/lapidarium.fundacja-hereditas.pl\/wp-content\/uploads\/2021\/09\/b_863_1593950474dsc07647.jpg\" alt=\"Zachowane dwa pasy (po trzy p\u0142ytki) orginalnej ok\u0142adziny cermicznej ze wzorem geometryczno \u2013 roslinnym fot. Piotr Stryczy\u0144ski czerwiec 2020, \u017ar\u00f3d\u0142o: zabytek.co\" data-id=\"3874\" data-full-url=\"http:\/\/lapidarium.fundacja-hereditas.pl\/wp-content\/uploads\/2021\/09\/b_863_1593950474dsc07647.jpg\" data-link=\"https:\/\/lapidarium.fundacja-hereditas.pl\/b_863_1593950474dsc07647\/\" class=\"wp-image-3874\" srcset=\"http:\/\/lapidarium.fundacja-hereditas.pl\/wp-content\/uploads\/2021\/09\/b_863_1593950474dsc07647.jpg 600w, http:\/\/lapidarium.fundacja-hereditas.pl\/wp-content\/uploads\/2021\/09\/b_863_1593950474dsc07647-300x169.jpg 300w, http:\/\/lapidarium.fundacja-hereditas.pl\/wp-content\/uploads\/2021\/09\/b_863_1593950474dsc07647-150x85.jpg 150w\" sizes=\"auto, (max-width: 600px) 100vw, 600px\" \/><\/a><figcaption class=\"blocks-gallery-item__caption\">Zachowane dwa pasy (po trzy p\u0142ytki) orginalnej ok\u0142adziny cermicznej ze wzorem geometryczno \u2013 roslinnym fot. Piotr Stryczy\u0144ski czerwiec 2020, \u017ar\u00f3d\u0142o: zabytek.co<\/figcaption><\/figure><\/li><li class=\"blocks-gallery-item\"><figure><a href=\"http:\/\/lapidarium.fundacja-hereditas.pl\/wp-content\/uploads\/2021\/09\/b_863_1593950471dsc07645.jpg\"><img loading=\"lazy\" decoding=\"async\" width=\"600\" height=\"338\" src=\"http:\/\/lapidarium.fundacja-hereditas.pl\/wp-content\/uploads\/2021\/09\/b_863_1593950471dsc07645.jpg\" alt=\"Zachowane dwa pasy (sze\u015b\u0107 p\u0142ytek) orginalnej ok\u0142adziny cermicznej ze wzorem geometrycznym fot. Piotr Stryczy\u0144ski czerwiec 2020, \u017ar\u00f3d\u0142o: zabytek.co\" data-id=\"3873\" data-full-url=\"http:\/\/lapidarium.fundacja-hereditas.pl\/wp-content\/uploads\/2021\/09\/b_863_1593950471dsc07645.jpg\" data-link=\"https:\/\/lapidarium.fundacja-hereditas.pl\/b_863_1593950471dsc07645\/\" class=\"wp-image-3873\" srcset=\"http:\/\/lapidarium.fundacja-hereditas.pl\/wp-content\/uploads\/2021\/09\/b_863_1593950471dsc07645.jpg 600w, http:\/\/lapidarium.fundacja-hereditas.pl\/wp-content\/uploads\/2021\/09\/b_863_1593950471dsc07645-300x169.jpg 300w, http:\/\/lapidarium.fundacja-hereditas.pl\/wp-content\/uploads\/2021\/09\/b_863_1593950471dsc07645-150x85.jpg 150w\" sizes=\"auto, (max-width: 600px) 100vw, 600px\" \/><\/a><figcaption class=\"blocks-gallery-item__caption\">Zachowane dwa pasy (sze\u015b\u0107 p\u0142ytek) orginalnej ok\u0142adziny cermicznej ze wzorem geometrycznym fot. Piotr Stryczy\u0144ski czerwiec 2020, \u017ar\u00f3d\u0142o: zabytek.co<\/figcaption><\/figure><\/li><li class=\"blocks-gallery-item\"><figure><a href=\"http:\/\/lapidarium.fundacja-hereditas.pl\/wp-content\/uploads\/2021\/09\/b_863_1593949160dsc07637.jpg\"><img loading=\"lazy\" decoding=\"async\" width=\"600\" height=\"338\" src=\"http:\/\/lapidarium.fundacja-hereditas.pl\/wp-content\/uploads\/2021\/09\/b_863_1593949160dsc07637.jpg\" alt=\"Zachowany fragmnet oryginalnej ok\u0142adziny ceramicznej \u2013 6 , kwadratowych p\u0142ytek, ze wzorem geometrycznym w kolorach: kremowy, jasna umbra i jasnoniebieski fot. Piotr Stryczy\u0144ski czerwiec 2020, \u017ar\u00f3d\u0142o: zabytek.co\" data-id=\"3869\" data-full-url=\"http:\/\/lapidarium.fundacja-hereditas.pl\/wp-content\/uploads\/2021\/09\/b_863_1593949160dsc07637.jpg\" data-link=\"https:\/\/lapidarium.fundacja-hereditas.pl\/b_863_1593949160dsc07637\/\" class=\"wp-image-3869\" srcset=\"http:\/\/lapidarium.fundacja-hereditas.pl\/wp-content\/uploads\/2021\/09\/b_863_1593949160dsc07637.jpg 600w, http:\/\/lapidarium.fundacja-hereditas.pl\/wp-content\/uploads\/2021\/09\/b_863_1593949160dsc07637-300x169.jpg 300w, http:\/\/lapidarium.fundacja-hereditas.pl\/wp-content\/uploads\/2021\/09\/b_863_1593949160dsc07637-150x85.jpg 150w\" sizes=\"auto, (max-width: 600px) 100vw, 600px\" \/><\/a><figcaption class=\"blocks-gallery-item__caption\">Zachowany fragmnet oryginalnej ok\u0142adziny ceramicznej \u2013 6 , kwadratowych p\u0142ytek, ze wzorem geometrycznym w kolorach: kremowy, jasna umbra i jasnoniebieski fot. Piotr Stryczy\u0144ski czerwiec 2020, \u017ar\u00f3d\u0142o: zabytek.co<\/figcaption><\/figure><\/li><li class=\"blocks-gallery-item\"><figure><a href=\"http:\/\/lapidarium.fundacja-hereditas.pl\/wp-content\/uploads\/2021\/09\/IMG_0469_2.jpg\"><img loading=\"lazy\" decoding=\"async\" width=\"1000\" height=\"667\" src=\"http:\/\/lapidarium.fundacja-hereditas.pl\/wp-content\/uploads\/2021\/09\/IMG_0469_2.jpg\" alt=\"Tabliczka firmowa na obudowie windy. Fot. Anna Szwa\u0142kiewicz, 2020, \u017ar\u00f3d\u0142o: lapidarium detalu.\" data-id=\"3885\" data-full-url=\"http:\/\/lapidarium.fundacja-hereditas.pl\/wp-content\/uploads\/2021\/09\/IMG_0469_2.jpg\" data-link=\"https:\/\/lapidarium.fundacja-hereditas.pl\/img_0469_2\/\" class=\"wp-image-3885\" srcset=\"http:\/\/lapidarium.fundacja-hereditas.pl\/wp-content\/uploads\/2021\/09\/IMG_0469_2.jpg 1000w, http:\/\/lapidarium.fundacja-hereditas.pl\/wp-content\/uploads\/2021\/09\/IMG_0469_2-300x200.jpg 300w, http:\/\/lapidarium.fundacja-hereditas.pl\/wp-content\/uploads\/2021\/09\/IMG_0469_2-768x512.jpg 768w, http:\/\/lapidarium.fundacja-hereditas.pl\/wp-content\/uploads\/2021\/09\/IMG_0469_2-150x100.jpg 150w, http:\/\/lapidarium.fundacja-hereditas.pl\/wp-content\/uploads\/2021\/09\/IMG_0469_2-696x464.jpg 696w\" sizes=\"auto, (max-width: 1000px) 100vw, 1000px\" \/><\/a><figcaption class=\"blocks-gallery-item__caption\">Tabliczka firmowa na obudowie windy. Fot. Anna Szwa\u0142kiewicz, 2020, \u017ar\u00f3d\u0142o: lapidarium detalu.<\/figcaption><\/figure><\/li><li class=\"blocks-gallery-item\"><figure><a href=\"http:\/\/lapidarium.fundacja-hereditas.pl\/wp-content\/uploads\/2021\/09\/b_863_1593947285dsc07574.jpg\"><img loading=\"lazy\" decoding=\"async\" width=\"600\" height=\"338\" src=\"http:\/\/lapidarium.fundacja-hereditas.pl\/wp-content\/uploads\/2021\/09\/b_863_1593947285dsc07574.jpg\" alt=\"Oryginalny szyld, klamka i ozdobna rozeta fot. Piotr Stryczy\u0144ski czerwiec 2020, \u017ar\u00f3d\u0142o: zabytek.co\" data-id=\"3901\" data-full-url=\"http:\/\/lapidarium.fundacja-hereditas.pl\/wp-content\/uploads\/2021\/09\/b_863_1593947285dsc07574.jpg\" data-link=\"https:\/\/lapidarium.fundacja-hereditas.pl\/b_863_1593947285dsc07574\/\" class=\"wp-image-3901\" srcset=\"http:\/\/lapidarium.fundacja-hereditas.pl\/wp-content\/uploads\/2021\/09\/b_863_1593947285dsc07574.jpg 600w, http:\/\/lapidarium.fundacja-hereditas.pl\/wp-content\/uploads\/2021\/09\/b_863_1593947285dsc07574-300x169.jpg 300w, http:\/\/lapidarium.fundacja-hereditas.pl\/wp-content\/uploads\/2021\/09\/b_863_1593947285dsc07574-150x85.jpg 150w\" sizes=\"auto, (max-width: 600px) 100vw, 600px\" \/><\/a><figcaption class=\"blocks-gallery-item__caption\">Oryginalny szyld, klamka i ozdobna rozeta fot. Piotr Stryczy\u0144ski czerwiec 2020, \u017ar\u00f3d\u0142o: zabytek.co<\/figcaption><\/figure><\/li><li class=\"blocks-gallery-item\"><figure><a href=\"http:\/\/lapidarium.fundacja-hereditas.pl\/wp-content\/uploads\/2021\/09\/b_863_1593949910dsc07643.jpg\"><img loading=\"lazy\" decoding=\"async\" width=\"338\" height=\"600\" src=\"http:\/\/lapidarium.fundacja-hereditas.pl\/wp-content\/uploads\/2021\/09\/b_863_1593949910dsc07643.jpg\" alt=\"Zachowany, oryginalny piec z bogatym ornamentowym wzorem fot. Piotr Stryczy\u0144ski czerwiec 2020, \u017ar\u00f3d\u0142o: zabytek.co\" data-id=\"3872\" data-full-url=\"http:\/\/lapidarium.fundacja-hereditas.pl\/wp-content\/uploads\/2021\/09\/b_863_1593949910dsc07643.jpg\" data-link=\"https:\/\/lapidarium.fundacja-hereditas.pl\/b_863_1593949910dsc07643\/\" class=\"wp-image-3872\" srcset=\"http:\/\/lapidarium.fundacja-hereditas.pl\/wp-content\/uploads\/2021\/09\/b_863_1593949910dsc07643.jpg 338w, http:\/\/lapidarium.fundacja-hereditas.pl\/wp-content\/uploads\/2021\/09\/b_863_1593949910dsc07643-169x300.jpg 169w, http:\/\/lapidarium.fundacja-hereditas.pl\/wp-content\/uploads\/2021\/09\/b_863_1593949910dsc07643-150x266.jpg 150w, http:\/\/lapidarium.fundacja-hereditas.pl\/wp-content\/uploads\/2021\/09\/b_863_1593949910dsc07643-300x533.jpg 300w\" sizes=\"auto, (max-width: 338px) 100vw, 338px\" \/><\/a><figcaption class=\"blocks-gallery-item__caption\">Zachowany, oryginalny piec z bogatym ornamentowym wzorem fot. Piotr Stryczy\u0144ski czerwiec 2020, \u017ar\u00f3d\u0142o: zabytek.co<\/figcaption><\/figure><\/li><li class=\"blocks-gallery-item\"><figure><a href=\"http:\/\/lapidarium.fundacja-hereditas.pl\/wp-content\/uploads\/2021\/09\/IMG_0457_2.jpg\"><img loading=\"lazy\" decoding=\"async\" width=\"667\" height=\"1000\" src=\"http:\/\/lapidarium.fundacja-hereditas.pl\/wp-content\/uploads\/2021\/09\/IMG_0457_2.jpg\" alt=\"Wspornik por\u0119czy przy schodach, przejazd bramny. Fot. Anna Szwa\u0142kiewicz, 2020, \u017ar\u00f3d\u0142o: lapidarium detalu.\" data-id=\"3884\" data-full-url=\"http:\/\/lapidarium.fundacja-hereditas.pl\/wp-content\/uploads\/2021\/09\/IMG_0457_2.jpg\" data-link=\"https:\/\/lapidarium.fundacja-hereditas.pl\/img_0457_2\/\" class=\"wp-image-3884\" srcset=\"http:\/\/lapidarium.fundacja-hereditas.pl\/wp-content\/uploads\/2021\/09\/IMG_0457_2.jpg 667w, http:\/\/lapidarium.fundacja-hereditas.pl\/wp-content\/uploads\/2021\/09\/IMG_0457_2-200x300.jpg 200w, http:\/\/lapidarium.fundacja-hereditas.pl\/wp-content\/uploads\/2021\/09\/IMG_0457_2-150x225.jpg 150w, http:\/\/lapidarium.fundacja-hereditas.pl\/wp-content\/uploads\/2021\/09\/IMG_0457_2-300x450.jpg 300w\" sizes=\"auto, (max-width: 667px) 100vw, 667px\" \/><\/a><figcaption class=\"blocks-gallery-item__caption\">Wspornik por\u0119czy przy schodach, przejazd bramny. Fot. Anna Szwa\u0142kiewicz, 2020, \u017ar\u00f3d\u0142o: lapidarium detalu.<\/figcaption><\/figure><\/li><li class=\"blocks-gallery-item\"><figure><a href=\"http:\/\/lapidarium.fundacja-hereditas.pl\/wp-content\/uploads\/2021\/09\/IMG_0454_2.jpg\"><img loading=\"lazy\" decoding=\"async\" width=\"1000\" height=\"508\" src=\"http:\/\/lapidarium.fundacja-hereditas.pl\/wp-content\/uploads\/2021\/09\/IMG_0454_2.jpg\" alt=\"Witryna firmowa na \u015bcianie przejazdu bramnego. Fot. Anna Szwa\u0142kiewicz, 2020, \u017ar\u00f3d\u0142o: lapidarium detalu.\" data-id=\"3883\" data-full-url=\"http:\/\/lapidarium.fundacja-hereditas.pl\/wp-content\/uploads\/2021\/09\/IMG_0454_2.jpg\" data-link=\"https:\/\/lapidarium.fundacja-hereditas.pl\/img_0454_2\/\" class=\"wp-image-3883\" srcset=\"http:\/\/lapidarium.fundacja-hereditas.pl\/wp-content\/uploads\/2021\/09\/IMG_0454_2.jpg 1000w, http:\/\/lapidarium.fundacja-hereditas.pl\/wp-content\/uploads\/2021\/09\/IMG_0454_2-300x152.jpg 300w, http:\/\/lapidarium.fundacja-hereditas.pl\/wp-content\/uploads\/2021\/09\/IMG_0454_2-768x390.jpg 768w, http:\/\/lapidarium.fundacja-hereditas.pl\/wp-content\/uploads\/2021\/09\/IMG_0454_2-150x76.jpg 150w, http:\/\/lapidarium.fundacja-hereditas.pl\/wp-content\/uploads\/2021\/09\/IMG_0454_2-696x354.jpg 696w\" sizes=\"auto, (max-width: 1000px) 100vw, 1000px\" \/><\/a><figcaption class=\"blocks-gallery-item__caption\">Witryna firmowa na \u015bcianie przejazdu bramnego. Fot. Anna Szwa\u0142kiewicz, 2020, \u017ar\u00f3d\u0142o: lapidarium detalu.<\/figcaption><\/figure><\/li><li class=\"blocks-gallery-item\"><figure><a href=\"http:\/\/lapidarium.fundacja-hereditas.pl\/wp-content\/uploads\/2021\/09\/b_863_1593951297dsc07687.jpg\"><img loading=\"lazy\" decoding=\"async\" width=\"600\" height=\"338\" src=\"http:\/\/lapidarium.fundacja-hereditas.pl\/wp-content\/uploads\/2021\/09\/b_863_1593951297dsc07687.jpg\" alt=\"Zachowany dawny szyld reklamowy w przej\u017adzie bramnym fot. Piotr Stryczy\u0144ski czerwiec 2020, \u017ar\u00f3d\u0142o: zabytek.co\" data-id=\"3881\" data-full-url=\"http:\/\/lapidarium.fundacja-hereditas.pl\/wp-content\/uploads\/2021\/09\/b_863_1593951297dsc07687.jpg\" data-link=\"https:\/\/lapidarium.fundacja-hereditas.pl\/b_863_1593951297dsc07687\/\" class=\"wp-image-3881\" srcset=\"http:\/\/lapidarium.fundacja-hereditas.pl\/wp-content\/uploads\/2021\/09\/b_863_1593951297dsc07687.jpg 600w, http:\/\/lapidarium.fundacja-hereditas.pl\/wp-content\/uploads\/2021\/09\/b_863_1593951297dsc07687-300x169.jpg 300w, http:\/\/lapidarium.fundacja-hereditas.pl\/wp-content\/uploads\/2021\/09\/b_863_1593951297dsc07687-150x85.jpg 150w\" sizes=\"auto, (max-width: 600px) 100vw, 600px\" \/><\/a><figcaption class=\"blocks-gallery-item__caption\">Zachowany dawny szyld reklamowy w przej\u017adzie bramnym fot. Piotr Stryczy\u0144ski czerwiec 2020, \u017ar\u00f3d\u0142o: zabytek.co<\/figcaption><\/figure><\/li><\/ul><\/figure>\n","protected":false},"excerpt":{"rendered":"<p>Kamienica ul. Bia\u0142ostocka 22.<br \/>\nSk\u0142ad firmy \u201cKrzysztof Brun i Syn\u201d, zabudowania wzniesione w l. 1913-1914<\/p>\n","protected":false},"author":2,"featured_media":3890,"comment_status":"open","ping_status":"open","sticky":false,"template":"","format":"standard","meta":{"footnotes":""},"categories":[9,4],"tags":[],"class_list":{"0":"post-80","1":"post","2":"type-post","3":"status-publish","4":"format-standard","5":"has-post-thumbnail","7":"category-bialostocka","8":"category-warszawa"},"_links":{"self":[{"href":"http:\/\/lapidarium.fundacja-hereditas.pl\/index.php\/wp-json\/wp\/v2\/posts\/80","targetHints":{"allow":["GET"]}}],"collection":[{"href":"http:\/\/lapidarium.fundacja-hereditas.pl\/index.php\/wp-json\/wp\/v2\/posts"}],"about":[{"href":"http:\/\/lapidarium.fundacja-hereditas.pl\/index.php\/wp-json\/wp\/v2\/types\/post"}],"author":[{"embeddable":true,"href":"http:\/\/lapidarium.fundacja-hereditas.pl\/index.php\/wp-json\/wp\/v2\/users\/2"}],"replies":[{"embeddable":true,"href":"http:\/\/lapidarium.fundacja-hereditas.pl\/index.php\/wp-json\/wp\/v2\/comments?post=80"}],"version-history":[{"count":6,"href":"http:\/\/lapidarium.fundacja-hereditas.pl\/index.php\/wp-json\/wp\/v2\/posts\/80\/revisions"}],"predecessor-version":[{"id":5549,"href":"http:\/\/lapidarium.fundacja-hereditas.pl\/index.php\/wp-json\/wp\/v2\/posts\/80\/revisions\/5549"}],"wp:featuredmedia":[{"embeddable":true,"href":"http:\/\/lapidarium.fundacja-hereditas.pl\/index.php\/wp-json\/wp\/v2\/media\/3890"}],"wp:attachment":[{"href":"http:\/\/lapidarium.fundacja-hereditas.pl\/index.php\/wp-json\/wp\/v2\/media?parent=80"}],"wp:term":[{"taxonomy":"category","embeddable":true,"href":"http:\/\/lapidarium.fundacja-hereditas.pl\/index.php\/wp-json\/wp\/v2\/categories?post=80"},{"taxonomy":"post_tag","embeddable":true,"href":"http:\/\/lapidarium.fundacja-hereditas.pl\/index.php\/wp-json\/wp\/v2\/tags?post=80"}],"curies":[{"name":"wp","href":"https:\/\/api.w.org\/{rel}","templated":true}]}}