{"id":7988,"date":"2022-01-03T03:40:26","date_gmt":"2022-01-03T02:40:26","guid":{"rendered":"http:\/\/lapidarium.fundacja-hereditas.pl\/?p=7988"},"modified":"2022-01-03T03:47:48","modified_gmt":"2022-01-03T02:47:48","slug":"dom-ul-belwederska-32-warszawa","status":"publish","type":"post","link":"http:\/\/lapidarium.fundacja-hereditas.pl\/index.php\/2022\/01\/03\/dom-ul-belwederska-32-warszawa\/","title":{"rendered":"Dom ul. Belwederska 32, Warszawa"},"content":{"rendered":"\n<p>Dom Szymona Steinberga, proj. J\u00f3zefa Steinberga, 1938.<\/p>\n\n\n\n<p>Dodatkowe zdj\u0119cia obiekt\u00f3w udost\u0119pniamy na \u017cyczenie. Osoby zainteresowane prosimy o kontakt z Fundacj\u0105 Hereditas.<\/p>\n\n\n\n<figure class=\"wp-block-gallery columns-3 is-cropped wp-block-gallery-1 is-layout-flex wp-block-gallery-is-layout-flex\"><ul class=\"blocks-gallery-grid\"><li class=\"blocks-gallery-item\"><figure><a href=\"http:\/\/lapidarium.fundacja-hereditas.pl\/wp-content\/uploads\/2022\/01\/1_WAW_Belwederska32_front_BDabkowska-scaled.jpg\"><img loading=\"lazy\" decoding=\"async\" width=\"925\" height=\"1024\" src=\"http:\/\/lapidarium.fundacja-hereditas.pl\/wp-content\/uploads\/2022\/01\/1_WAW_Belwederska32_front_BDabkowska-925x1024.jpg\" alt=\"Elewacja frontowa. Fot. B. D\u0105bkowska, 2021, \u017ar\u00f3d\u0142o: Studeo et Conservo\" data-id=\"7964\" data-full-url=\"http:\/\/lapidarium.fundacja-hereditas.pl\/wp-content\/uploads\/2022\/01\/1_WAW_Belwederska32_front_BDabkowska-scaled.jpg\" data-link=\"http:\/\/lapidarium.fundacja-hereditas.pl\/1_waw_belwederska32_front_bdabkowska\/\" class=\"wp-image-7964\" srcset=\"http:\/\/lapidarium.fundacja-hereditas.pl\/wp-content\/uploads\/2022\/01\/1_WAW_Belwederska32_front_BDabkowska-925x1024.jpg 925w, http:\/\/lapidarium.fundacja-hereditas.pl\/wp-content\/uploads\/2022\/01\/1_WAW_Belwederska32_front_BDabkowska-271x300.jpg 271w, http:\/\/lapidarium.fundacja-hereditas.pl\/wp-content\/uploads\/2022\/01\/1_WAW_Belwederska32_front_BDabkowska-768x851.jpg 768w, http:\/\/lapidarium.fundacja-hereditas.pl\/wp-content\/uploads\/2022\/01\/1_WAW_Belwederska32_front_BDabkowska-1387x1536.jpg 1387w, http:\/\/lapidarium.fundacja-hereditas.pl\/wp-content\/uploads\/2022\/01\/1_WAW_Belwederska32_front_BDabkowska-1849x2048.jpg 1849w, http:\/\/lapidarium.fundacja-hereditas.pl\/wp-content\/uploads\/2022\/01\/1_WAW_Belwederska32_front_BDabkowska-150x166.jpg 150w, http:\/\/lapidarium.fundacja-hereditas.pl\/wp-content\/uploads\/2022\/01\/1_WAW_Belwederska32_front_BDabkowska-300x332.jpg 300w, http:\/\/lapidarium.fundacja-hereditas.pl\/wp-content\/uploads\/2022\/01\/1_WAW_Belwederska32_front_BDabkowska-696x771.jpg 696w, http:\/\/lapidarium.fundacja-hereditas.pl\/wp-content\/uploads\/2022\/01\/1_WAW_Belwederska32_front_BDabkowska-1068x1183.jpg 1068w, http:\/\/lapidarium.fundacja-hereditas.pl\/wp-content\/uploads\/2022\/01\/1_WAW_Belwederska32_front_BDabkowska-1920x2126.jpg 1920w\" sizes=\"auto, (max-width: 925px) 100vw, 925px\" \/><\/a><figcaption class=\"blocks-gallery-item__caption\">Elewacja frontowa. Fot. B. D\u0105bkowska, 2021, \u017ar\u00f3d\u0142o: Studeo et Conservo<\/figcaption><\/figure><\/li><li class=\"blocks-gallery-item\"><figure><a href=\"http:\/\/lapidarium.fundacja-hereditas.pl\/wp-content\/uploads\/2022\/01\/2_WAW_Belwederska32_ASienkiewicz_balustrada_front-scaled.jpg\"><img loading=\"lazy\" decoding=\"async\" width=\"1024\" height=\"768\" src=\"http:\/\/lapidarium.fundacja-hereditas.pl\/wp-content\/uploads\/2022\/01\/2_WAW_Belwederska32_ASienkiewicz_balustrada_front-1024x768.jpg\" alt=\"Balkon, elewacja frontowa. Fot. Agnieszka Sienkiewicz, 2021, \u017ar\u00f3d\u0142o: Studeo et Conservo\" data-id=\"7965\" data-full-url=\"http:\/\/lapidarium.fundacja-hereditas.pl\/wp-content\/uploads\/2022\/01\/2_WAW_Belwederska32_ASienkiewicz_balustrada_front-scaled.jpg\" data-link=\"http:\/\/lapidarium.fundacja-hereditas.pl\/2_waw_belwederska32_asienkiewicz_balustrada_front\/\" class=\"wp-image-7965\" srcset=\"http:\/\/lapidarium.fundacja-hereditas.pl\/wp-content\/uploads\/2022\/01\/2_WAW_Belwederska32_ASienkiewicz_balustrada_front-1024x768.jpg 1024w, http:\/\/lapidarium.fundacja-hereditas.pl\/wp-content\/uploads\/2022\/01\/2_WAW_Belwederska32_ASienkiewicz_balustrada_front-300x225.jpg 300w, http:\/\/lapidarium.fundacja-hereditas.pl\/wp-content\/uploads\/2022\/01\/2_WAW_Belwederska32_ASienkiewicz_balustrada_front-768x576.jpg 768w, http:\/\/lapidarium.fundacja-hereditas.pl\/wp-content\/uploads\/2022\/01\/2_WAW_Belwederska32_ASienkiewicz_balustrada_front-1536x1152.jpg 1536w, http:\/\/lapidarium.fundacja-hereditas.pl\/wp-content\/uploads\/2022\/01\/2_WAW_Belwederska32_ASienkiewicz_balustrada_front-2048x1536.jpg 2048w, http:\/\/lapidarium.fundacja-hereditas.pl\/wp-content\/uploads\/2022\/01\/2_WAW_Belwederska32_ASienkiewicz_balustrada_front-150x112.jpg 150w, http:\/\/lapidarium.fundacja-hereditas.pl\/wp-content\/uploads\/2022\/01\/2_WAW_Belwederska32_ASienkiewicz_balustrada_front-696x522.jpg 696w, http:\/\/lapidarium.fundacja-hereditas.pl\/wp-content\/uploads\/2022\/01\/2_WAW_Belwederska32_ASienkiewicz_balustrada_front-1068x801.jpg 1068w, http:\/\/lapidarium.fundacja-hereditas.pl\/wp-content\/uploads\/2022\/01\/2_WAW_Belwederska32_ASienkiewicz_balustrada_front-1920x1440.jpg 1920w\" sizes=\"auto, (max-width: 1024px) 100vw, 1024px\" \/><\/a><figcaption class=\"blocks-gallery-item__caption\">Balkon, elewacja frontowa. Fot. Agnieszka Sienkiewicz, 2021, \u017ar\u00f3d\u0142o: Studeo et Conservo<\/figcaption><\/figure><\/li><li class=\"blocks-gallery-item\"><figure><a href=\"http:\/\/lapidarium.fundacja-hereditas.pl\/wp-content\/uploads\/2022\/01\/3_WAW_Belwederska32_ASienkiewicz_elewacja_frontowa-scaled.jpg\"><img loading=\"lazy\" decoding=\"async\" width=\"1024\" height=\"768\" src=\"http:\/\/lapidarium.fundacja-hereditas.pl\/wp-content\/uploads\/2022\/01\/3_WAW_Belwederska32_ASienkiewicz_elewacja_frontowa-1024x768.jpg\" alt=\"Elewacja frontowa. Fot. Agnieszka Sienkiewicz, 2021, \u017ar\u00f3d\u0142o: Studeo et Conservo\" data-id=\"7966\" data-full-url=\"http:\/\/lapidarium.fundacja-hereditas.pl\/wp-content\/uploads\/2022\/01\/3_WAW_Belwederska32_ASienkiewicz_elewacja_frontowa-scaled.jpg\" data-link=\"http:\/\/lapidarium.fundacja-hereditas.pl\/3_waw_belwederska32_asienkiewicz_elewacja_frontowa\/\" class=\"wp-image-7966\" srcset=\"http:\/\/lapidarium.fundacja-hereditas.pl\/wp-content\/uploads\/2022\/01\/3_WAW_Belwederska32_ASienkiewicz_elewacja_frontowa-1024x768.jpg 1024w, http:\/\/lapidarium.fundacja-hereditas.pl\/wp-content\/uploads\/2022\/01\/3_WAW_Belwederska32_ASienkiewicz_elewacja_frontowa-300x225.jpg 300w, http:\/\/lapidarium.fundacja-hereditas.pl\/wp-content\/uploads\/2022\/01\/3_WAW_Belwederska32_ASienkiewicz_elewacja_frontowa-768x576.jpg 768w, http:\/\/lapidarium.fundacja-hereditas.pl\/wp-content\/uploads\/2022\/01\/3_WAW_Belwederska32_ASienkiewicz_elewacja_frontowa-1536x1152.jpg 1536w, http:\/\/lapidarium.fundacja-hereditas.pl\/wp-content\/uploads\/2022\/01\/3_WAW_Belwederska32_ASienkiewicz_elewacja_frontowa-2048x1536.jpg 2048w, http:\/\/lapidarium.fundacja-hereditas.pl\/wp-content\/uploads\/2022\/01\/3_WAW_Belwederska32_ASienkiewicz_elewacja_frontowa-150x113.jpg 150w, http:\/\/lapidarium.fundacja-hereditas.pl\/wp-content\/uploads\/2022\/01\/3_WAW_Belwederska32_ASienkiewicz_elewacja_frontowa-696x522.jpg 696w, http:\/\/lapidarium.fundacja-hereditas.pl\/wp-content\/uploads\/2022\/01\/3_WAW_Belwederska32_ASienkiewicz_elewacja_frontowa-1068x801.jpg 1068w, http:\/\/lapidarium.fundacja-hereditas.pl\/wp-content\/uploads\/2022\/01\/3_WAW_Belwederska32_ASienkiewicz_elewacja_frontowa-1920x1440.jpg 1920w\" sizes=\"auto, (max-width: 1024px) 100vw, 1024px\" \/><\/a><figcaption class=\"blocks-gallery-item__caption\">Elewacja frontowa. Fot. Agnieszka Sienkiewicz, 2021, \u017ar\u00f3d\u0142o: Studeo et Conservo<\/figcaption><\/figure><\/li><li class=\"blocks-gallery-item\"><figure><a href=\"http:\/\/lapidarium.fundacja-hereditas.pl\/wp-content\/uploads\/2022\/01\/4_WAW_Belwederska32_klatka2_drzwi_MonikaWesolowska-scaled.jpg\"><img loading=\"lazy\" decoding=\"async\" width=\"575\" height=\"1024\" src=\"http:\/\/lapidarium.fundacja-hereditas.pl\/wp-content\/uploads\/2022\/01\/4_WAW_Belwederska32_klatka2_drzwi_MonikaWesolowska-575x1024.jpg\" alt=\"Klatka schodowa (II), parter. Fot. Monika Weso\u0142owska, 2021, \u017ar\u00f3d\u0142o: Studeo et Conservo\" data-id=\"7967\" data-full-url=\"http:\/\/lapidarium.fundacja-hereditas.pl\/wp-content\/uploads\/2022\/01\/4_WAW_Belwederska32_klatka2_drzwi_MonikaWesolowska-scaled.jpg\" data-link=\"http:\/\/lapidarium.fundacja-hereditas.pl\/sony-dsc-435\/\" class=\"wp-image-7967\" srcset=\"http:\/\/lapidarium.fundacja-hereditas.pl\/wp-content\/uploads\/2022\/01\/4_WAW_Belwederska32_klatka2_drzwi_MonikaWesolowska-575x1024.jpg 575w, http:\/\/lapidarium.fundacja-hereditas.pl\/wp-content\/uploads\/2022\/01\/4_WAW_Belwederska32_klatka2_drzwi_MonikaWesolowska-169x300.jpg 169w, http:\/\/lapidarium.fundacja-hereditas.pl\/wp-content\/uploads\/2022\/01\/4_WAW_Belwederska32_klatka2_drzwi_MonikaWesolowska-768x1367.jpg 768w, http:\/\/lapidarium.fundacja-hereditas.pl\/wp-content\/uploads\/2022\/01\/4_WAW_Belwederska32_klatka2_drzwi_MonikaWesolowska-863x1536.jpg 863w, http:\/\/lapidarium.fundacja-hereditas.pl\/wp-content\/uploads\/2022\/01\/4_WAW_Belwederska32_klatka2_drzwi_MonikaWesolowska-1151x2048.jpg 1151w, http:\/\/lapidarium.fundacja-hereditas.pl\/wp-content\/uploads\/2022\/01\/4_WAW_Belwederska32_klatka2_drzwi_MonikaWesolowska-150x267.jpg 150w, http:\/\/lapidarium.fundacja-hereditas.pl\/wp-content\/uploads\/2022\/01\/4_WAW_Belwederska32_klatka2_drzwi_MonikaWesolowska-300x534.jpg 300w, http:\/\/lapidarium.fundacja-hereditas.pl\/wp-content\/uploads\/2022\/01\/4_WAW_Belwederska32_klatka2_drzwi_MonikaWesolowska-scaled.jpg 1439w\" sizes=\"auto, (max-width: 575px) 100vw, 575px\" \/><\/a><figcaption class=\"blocks-gallery-item__caption\">Klatka schodowa (II), parter. Fot. Monika Weso\u0142owska, 2021, \u017ar\u00f3d\u0142o: Studeo et Conservo<\/figcaption><\/figure><\/li><li class=\"blocks-gallery-item\"><figure><a href=\"http:\/\/lapidarium.fundacja-hereditas.pl\/wp-content\/uploads\/2022\/01\/5_WAW_Belwederska32_ASienkiewicz_2klatka_schodowa_klamka_glowne_wejscie-scaled.jpg\"><img loading=\"lazy\" decoding=\"async\" width=\"768\" height=\"1024\" src=\"http:\/\/lapidarium.fundacja-hereditas.pl\/wp-content\/uploads\/2022\/01\/5_WAW_Belwederska32_ASienkiewicz_2klatka_schodowa_klamka_glowne_wejscie-768x1024.jpg\" alt=\"Klamka, II klatka schodowa, parter. Fot. Agnieszka Sienkiewicz, 2021, \u017ar\u00f3d\u0142o: Studeo et Conservo\" data-id=\"7968\" data-full-url=\"http:\/\/lapidarium.fundacja-hereditas.pl\/wp-content\/uploads\/2022\/01\/5_WAW_Belwederska32_ASienkiewicz_2klatka_schodowa_klamka_glowne_wejscie-scaled.jpg\" data-link=\"http:\/\/lapidarium.fundacja-hereditas.pl\/5_waw_belwederska32_asienkiewicz_2klatka_schodowa_klamka_glowne_wejscie\/\" class=\"wp-image-7968\" srcset=\"http:\/\/lapidarium.fundacja-hereditas.pl\/wp-content\/uploads\/2022\/01\/5_WAW_Belwederska32_ASienkiewicz_2klatka_schodowa_klamka_glowne_wejscie-768x1024.jpg 768w, http:\/\/lapidarium.fundacja-hereditas.pl\/wp-content\/uploads\/2022\/01\/5_WAW_Belwederska32_ASienkiewicz_2klatka_schodowa_klamka_glowne_wejscie-225x300.jpg 225w, http:\/\/lapidarium.fundacja-hereditas.pl\/wp-content\/uploads\/2022\/01\/5_WAW_Belwederska32_ASienkiewicz_2klatka_schodowa_klamka_glowne_wejscie-1152x1536.jpg 1152w, http:\/\/lapidarium.fundacja-hereditas.pl\/wp-content\/uploads\/2022\/01\/5_WAW_Belwederska32_ASienkiewicz_2klatka_schodowa_klamka_glowne_wejscie-1537x2048.jpg 1537w, http:\/\/lapidarium.fundacja-hereditas.pl\/wp-content\/uploads\/2022\/01\/5_WAW_Belwederska32_ASienkiewicz_2klatka_schodowa_klamka_glowne_wejscie-150x200.jpg 150w, http:\/\/lapidarium.fundacja-hereditas.pl\/wp-content\/uploads\/2022\/01\/5_WAW_Belwederska32_ASienkiewicz_2klatka_schodowa_klamka_glowne_wejscie-300x400.jpg 300w, http:\/\/lapidarium.fundacja-hereditas.pl\/wp-content\/uploads\/2022\/01\/5_WAW_Belwederska32_ASienkiewicz_2klatka_schodowa_klamka_glowne_wejscie-696x928.jpg 696w, http:\/\/lapidarium.fundacja-hereditas.pl\/wp-content\/uploads\/2022\/01\/5_WAW_Belwederska32_ASienkiewicz_2klatka_schodowa_klamka_glowne_wejscie-1068x1423.jpg 1068w, http:\/\/lapidarium.fundacja-hereditas.pl\/wp-content\/uploads\/2022\/01\/5_WAW_Belwederska32_ASienkiewicz_2klatka_schodowa_klamka_glowne_wejscie-1920x2559.jpg 1920w, http:\/\/lapidarium.fundacja-hereditas.pl\/wp-content\/uploads\/2022\/01\/5_WAW_Belwederska32_ASienkiewicz_2klatka_schodowa_klamka_glowne_wejscie-scaled.jpg 1921w\" sizes=\"auto, (max-width: 768px) 100vw, 768px\" \/><\/a><figcaption class=\"blocks-gallery-item__caption\">Klamka, II klatka schodowa, parter. Fot. Agnieszka Sienkiewicz, 2021, \u017ar\u00f3d\u0142o: Studeo et Conservo<\/figcaption><\/figure><\/li><li class=\"blocks-gallery-item\"><figure><a href=\"http:\/\/lapidarium.fundacja-hereditas.pl\/wp-content\/uploads\/2022\/01\/6_WAW_Belwederska32_ASienkiewicz_2klatka_schodowa_hol_glowne_wejscie_lustro_w_ramie_z_marmuru-scaled.jpg\"><img loading=\"lazy\" decoding=\"async\" width=\"768\" height=\"1024\" src=\"http:\/\/lapidarium.fundacja-hereditas.pl\/wp-content\/uploads\/2022\/01\/6_WAW_Belwederska32_ASienkiewicz_2klatka_schodowa_hol_glowne_wejscie_lustro_w_ramie_z_marmuru-768x1024.jpg\" alt=\"Lustro, II klatka schodowa, parter. Fot. Agnieszka Sienkiewicz, 2021, \u017ar\u00f3d\u0142o: Studeo et Conservo\" data-id=\"7969\" data-full-url=\"http:\/\/lapidarium.fundacja-hereditas.pl\/wp-content\/uploads\/2022\/01\/6_WAW_Belwederska32_ASienkiewicz_2klatka_schodowa_hol_glowne_wejscie_lustro_w_ramie_z_marmuru-scaled.jpg\" data-link=\"http:\/\/lapidarium.fundacja-hereditas.pl\/6_waw_belwederska32_asienkiewicz_2klatka_schodowa_hol_glowne_wejscie_lustro_w_ramie_z_marmuru\/\" class=\"wp-image-7969\" srcset=\"http:\/\/lapidarium.fundacja-hereditas.pl\/wp-content\/uploads\/2022\/01\/6_WAW_Belwederska32_ASienkiewicz_2klatka_schodowa_hol_glowne_wejscie_lustro_w_ramie_z_marmuru-768x1024.jpg 768w, http:\/\/lapidarium.fundacja-hereditas.pl\/wp-content\/uploads\/2022\/01\/6_WAW_Belwederska32_ASienkiewicz_2klatka_schodowa_hol_glowne_wejscie_lustro_w_ramie_z_marmuru-225x300.jpg 225w, http:\/\/lapidarium.fundacja-hereditas.pl\/wp-content\/uploads\/2022\/01\/6_WAW_Belwederska32_ASienkiewicz_2klatka_schodowa_hol_glowne_wejscie_lustro_w_ramie_z_marmuru-1152x1536.jpg 1152w, http:\/\/lapidarium.fundacja-hereditas.pl\/wp-content\/uploads\/2022\/01\/6_WAW_Belwederska32_ASienkiewicz_2klatka_schodowa_hol_glowne_wejscie_lustro_w_ramie_z_marmuru-1535x2048.jpg 1535w, http:\/\/lapidarium.fundacja-hereditas.pl\/wp-content\/uploads\/2022\/01\/6_WAW_Belwederska32_ASienkiewicz_2klatka_schodowa_hol_glowne_wejscie_lustro_w_ramie_z_marmuru-150x200.jpg 150w, http:\/\/lapidarium.fundacja-hereditas.pl\/wp-content\/uploads\/2022\/01\/6_WAW_Belwederska32_ASienkiewicz_2klatka_schodowa_hol_glowne_wejscie_lustro_w_ramie_z_marmuru-300x400.jpg 300w, http:\/\/lapidarium.fundacja-hereditas.pl\/wp-content\/uploads\/2022\/01\/6_WAW_Belwederska32_ASienkiewicz_2klatka_schodowa_hol_glowne_wejscie_lustro_w_ramie_z_marmuru-696x928.jpg 696w, http:\/\/lapidarium.fundacja-hereditas.pl\/wp-content\/uploads\/2022\/01\/6_WAW_Belwederska32_ASienkiewicz_2klatka_schodowa_hol_glowne_wejscie_lustro_w_ramie_z_marmuru-1068x1425.jpg 1068w, http:\/\/lapidarium.fundacja-hereditas.pl\/wp-content\/uploads\/2022\/01\/6_WAW_Belwederska32_ASienkiewicz_2klatka_schodowa_hol_glowne_wejscie_lustro_w_ramie_z_marmuru-1920x2561.jpg 1920w, http:\/\/lapidarium.fundacja-hereditas.pl\/wp-content\/uploads\/2022\/01\/6_WAW_Belwederska32_ASienkiewicz_2klatka_schodowa_hol_glowne_wejscie_lustro_w_ramie_z_marmuru-scaled.jpg 1919w\" sizes=\"auto, (max-width: 768px) 100vw, 768px\" \/><\/a><figcaption class=\"blocks-gallery-item__caption\">Lustro, II klatka schodowa, parter. Fot. Agnieszka Sienkiewicz, 2021, \u017ar\u00f3d\u0142o: Studeo et Conservo<\/figcaption><\/figure><\/li><li class=\"blocks-gallery-item\"><figure><a href=\"http:\/\/lapidarium.fundacja-hereditas.pl\/wp-content\/uploads\/2022\/01\/7_WAW_Belwederska32_ASienkiewicz_2klatka_schodowa_podloga_holu_glownego-scaled.jpg\"><img loading=\"lazy\" decoding=\"async\" width=\"768\" height=\"1024\" src=\"http:\/\/lapidarium.fundacja-hereditas.pl\/wp-content\/uploads\/2022\/01\/7_WAW_Belwederska32_ASienkiewicz_2klatka_schodowa_podloga_holu_glownego-768x1024.jpg\" alt=\"Posadzka, II klatka schodowa. Fot. Agnieszka Sienkiewicz, 2021, \u017ar\u00f3d\u0142o: Studeo et Conservo\" data-id=\"7970\" data-full-url=\"http:\/\/lapidarium.fundacja-hereditas.pl\/wp-content\/uploads\/2022\/01\/7_WAW_Belwederska32_ASienkiewicz_2klatka_schodowa_podloga_holu_glownego-scaled.jpg\" data-link=\"http:\/\/lapidarium.fundacja-hereditas.pl\/7_waw_belwederska32_asienkiewicz_2klatka_schodowa_podloga_holu_glownego\/\" class=\"wp-image-7970\" srcset=\"http:\/\/lapidarium.fundacja-hereditas.pl\/wp-content\/uploads\/2022\/01\/7_WAW_Belwederska32_ASienkiewicz_2klatka_schodowa_podloga_holu_glownego-768x1024.jpg 768w, http:\/\/lapidarium.fundacja-hereditas.pl\/wp-content\/uploads\/2022\/01\/7_WAW_Belwederska32_ASienkiewicz_2klatka_schodowa_podloga_holu_glownego-225x300.jpg 225w, http:\/\/lapidarium.fundacja-hereditas.pl\/wp-content\/uploads\/2022\/01\/7_WAW_Belwederska32_ASienkiewicz_2klatka_schodowa_podloga_holu_glownego-1152x1536.jpg 1152w, http:\/\/lapidarium.fundacja-hereditas.pl\/wp-content\/uploads\/2022\/01\/7_WAW_Belwederska32_ASienkiewicz_2klatka_schodowa_podloga_holu_glownego-1536x2048.jpg 1536w, http:\/\/lapidarium.fundacja-hereditas.pl\/wp-content\/uploads\/2022\/01\/7_WAW_Belwederska32_ASienkiewicz_2klatka_schodowa_podloga_holu_glownego-150x200.jpg 150w, http:\/\/lapidarium.fundacja-hereditas.pl\/wp-content\/uploads\/2022\/01\/7_WAW_Belwederska32_ASienkiewicz_2klatka_schodowa_podloga_holu_glownego-300x400.jpg 300w, http:\/\/lapidarium.fundacja-hereditas.pl\/wp-content\/uploads\/2022\/01\/7_WAW_Belwederska32_ASienkiewicz_2klatka_schodowa_podloga_holu_glownego-696x928.jpg 696w, http:\/\/lapidarium.fundacja-hereditas.pl\/wp-content\/uploads\/2022\/01\/7_WAW_Belwederska32_ASienkiewicz_2klatka_schodowa_podloga_holu_glownego-1068x1424.jpg 1068w, http:\/\/lapidarium.fundacja-hereditas.pl\/wp-content\/uploads\/2022\/01\/7_WAW_Belwederska32_ASienkiewicz_2klatka_schodowa_podloga_holu_glownego-scaled.jpg 1920w\" sizes=\"auto, (max-width: 768px) 100vw, 768px\" \/><\/a><figcaption class=\"blocks-gallery-item__caption\">Posadzka, II klatka schodowa. Fot. Agnieszka Sienkiewicz, 2021, \u017ar\u00f3d\u0142o: Studeo et Conservo<\/figcaption><\/figure><\/li><li class=\"blocks-gallery-item\"><figure><a href=\"http:\/\/lapidarium.fundacja-hereditas.pl\/wp-content\/uploads\/2022\/01\/8_WAW_Belwederska32_ASienkiewicz_1klatka_schodowa_balustrada_parter-scaled.jpg\"><img loading=\"lazy\" decoding=\"async\" width=\"768\" height=\"1024\" src=\"http:\/\/lapidarium.fundacja-hereditas.pl\/wp-content\/uploads\/2022\/01\/8_WAW_Belwederska32_ASienkiewicz_1klatka_schodowa_balustrada_parter-768x1024.jpg\" alt=\"Balustrada, I klatka schodowa. Fot. Agnieszka Sienkiewicz, 2021, \u017ar\u00f3d\u0142o: Studeo et Conservo\" data-id=\"7971\" data-full-url=\"http:\/\/lapidarium.fundacja-hereditas.pl\/wp-content\/uploads\/2022\/01\/8_WAW_Belwederska32_ASienkiewicz_1klatka_schodowa_balustrada_parter-scaled.jpg\" data-link=\"http:\/\/lapidarium.fundacja-hereditas.pl\/8_waw_belwederska32_asienkiewicz_1klatka_schodowa_balustrada_parter\/\" class=\"wp-image-7971\" srcset=\"http:\/\/lapidarium.fundacja-hereditas.pl\/wp-content\/uploads\/2022\/01\/8_WAW_Belwederska32_ASienkiewicz_1klatka_schodowa_balustrada_parter-768x1024.jpg 768w, http:\/\/lapidarium.fundacja-hereditas.pl\/wp-content\/uploads\/2022\/01\/8_WAW_Belwederska32_ASienkiewicz_1klatka_schodowa_balustrada_parter-225x300.jpg 225w, http:\/\/lapidarium.fundacja-hereditas.pl\/wp-content\/uploads\/2022\/01\/8_WAW_Belwederska32_ASienkiewicz_1klatka_schodowa_balustrada_parter-1152x1536.jpg 1152w, http:\/\/lapidarium.fundacja-hereditas.pl\/wp-content\/uploads\/2022\/01\/8_WAW_Belwederska32_ASienkiewicz_1klatka_schodowa_balustrada_parter-1536x2048.jpg 1536w, http:\/\/lapidarium.fundacja-hereditas.pl\/wp-content\/uploads\/2022\/01\/8_WAW_Belwederska32_ASienkiewicz_1klatka_schodowa_balustrada_parter-150x200.jpg 150w, http:\/\/lapidarium.fundacja-hereditas.pl\/wp-content\/uploads\/2022\/01\/8_WAW_Belwederska32_ASienkiewicz_1klatka_schodowa_balustrada_parter-300x400.jpg 300w, http:\/\/lapidarium.fundacja-hereditas.pl\/wp-content\/uploads\/2022\/01\/8_WAW_Belwederska32_ASienkiewicz_1klatka_schodowa_balustrada_parter-696x928.jpg 696w, http:\/\/lapidarium.fundacja-hereditas.pl\/wp-content\/uploads\/2022\/01\/8_WAW_Belwederska32_ASienkiewicz_1klatka_schodowa_balustrada_parter-1068x1424.jpg 1068w, http:\/\/lapidarium.fundacja-hereditas.pl\/wp-content\/uploads\/2022\/01\/8_WAW_Belwederska32_ASienkiewicz_1klatka_schodowa_balustrada_parter-scaled.jpg 1920w\" sizes=\"auto, (max-width: 768px) 100vw, 768px\" \/><\/a><figcaption class=\"blocks-gallery-item__caption\">Balustrada, I klatka schodowa. Fot. Agnieszka Sienkiewicz, 2021, \u017ar\u00f3d\u0142o: Studeo et Conservo<\/figcaption><\/figure><\/li><li class=\"blocks-gallery-item\"><figure><a href=\"http:\/\/lapidarium.fundacja-hereditas.pl\/wp-content\/uploads\/2022\/01\/9_WAW_Belwederska32_ASienkiewicz_1klatka_schodowa_lastryko_polpietro-scaled.jpg\"><img loading=\"lazy\" decoding=\"async\" width=\"768\" height=\"1024\" src=\"http:\/\/lapidarium.fundacja-hereditas.pl\/wp-content\/uploads\/2022\/01\/9_WAW_Belwederska32_ASienkiewicz_1klatka_schodowa_lastryko_polpietro-768x1024.jpg\" alt=\"Posadzka, I klatka schodowa. Fot. Agnieszka Sienkiewicz, 2021, \u017ar\u00f3d\u0142o: Studeo et Conservo\" data-id=\"7972\" data-full-url=\"http:\/\/lapidarium.fundacja-hereditas.pl\/wp-content\/uploads\/2022\/01\/9_WAW_Belwederska32_ASienkiewicz_1klatka_schodowa_lastryko_polpietro-scaled.jpg\" data-link=\"http:\/\/lapidarium.fundacja-hereditas.pl\/9_waw_belwederska32_asienkiewicz_1klatka_schodowa_lastryko_polpietro\/\" class=\"wp-image-7972\" srcset=\"http:\/\/lapidarium.fundacja-hereditas.pl\/wp-content\/uploads\/2022\/01\/9_WAW_Belwederska32_ASienkiewicz_1klatka_schodowa_lastryko_polpietro-768x1024.jpg 768w, http:\/\/lapidarium.fundacja-hereditas.pl\/wp-content\/uploads\/2022\/01\/9_WAW_Belwederska32_ASienkiewicz_1klatka_schodowa_lastryko_polpietro-225x300.jpg 225w, http:\/\/lapidarium.fundacja-hereditas.pl\/wp-content\/uploads\/2022\/01\/9_WAW_Belwederska32_ASienkiewicz_1klatka_schodowa_lastryko_polpietro-1152x1536.jpg 1152w, http:\/\/lapidarium.fundacja-hereditas.pl\/wp-content\/uploads\/2022\/01\/9_WAW_Belwederska32_ASienkiewicz_1klatka_schodowa_lastryko_polpietro-1536x2048.jpg 1536w, http:\/\/lapidarium.fundacja-hereditas.pl\/wp-content\/uploads\/2022\/01\/9_WAW_Belwederska32_ASienkiewicz_1klatka_schodowa_lastryko_polpietro-150x200.jpg 150w, http:\/\/lapidarium.fundacja-hereditas.pl\/wp-content\/uploads\/2022\/01\/9_WAW_Belwederska32_ASienkiewicz_1klatka_schodowa_lastryko_polpietro-300x400.jpg 300w, http:\/\/lapidarium.fundacja-hereditas.pl\/wp-content\/uploads\/2022\/01\/9_WAW_Belwederska32_ASienkiewicz_1klatka_schodowa_lastryko_polpietro-696x928.jpg 696w, http:\/\/lapidarium.fundacja-hereditas.pl\/wp-content\/uploads\/2022\/01\/9_WAW_Belwederska32_ASienkiewicz_1klatka_schodowa_lastryko_polpietro-1068x1424.jpg 1068w, http:\/\/lapidarium.fundacja-hereditas.pl\/wp-content\/uploads\/2022\/01\/9_WAW_Belwederska32_ASienkiewicz_1klatka_schodowa_lastryko_polpietro-scaled.jpg 1920w\" sizes=\"auto, (max-width: 768px) 100vw, 768px\" \/><\/a><figcaption class=\"blocks-gallery-item__caption\">Posadzka, I klatka schodowa. Fot. Agnieszka Sienkiewicz, 2021, \u017ar\u00f3d\u0142o: Studeo et Conservo<\/figcaption><\/figure><\/li><li class=\"blocks-gallery-item\"><figure><a href=\"http:\/\/lapidarium.fundacja-hereditas.pl\/wp-content\/uploads\/2022\/01\/10_WAW_Belwederska32_ASienkiewicz_1klatka_schodowa_ozdobny_pasek_pod_drzwiami_do_piwnicy-scaled.jpg\"><img loading=\"lazy\" decoding=\"async\" width=\"768\" height=\"1024\" src=\"http:\/\/lapidarium.fundacja-hereditas.pl\/wp-content\/uploads\/2022\/01\/10_WAW_Belwederska32_ASienkiewicz_1klatka_schodowa_ozdobny_pasek_pod_drzwiami_do_piwnicy-768x1024.jpg\" alt=\"Posadzka przy drzwiach do piwnicy, I klatka schodowa. Fot. Agnieszka Sienkiewicz, 2021, \u017ar\u00f3d\u0142o: Studeo et Conservo\" data-id=\"7973\" data-full-url=\"http:\/\/lapidarium.fundacja-hereditas.pl\/wp-content\/uploads\/2022\/01\/10_WAW_Belwederska32_ASienkiewicz_1klatka_schodowa_ozdobny_pasek_pod_drzwiami_do_piwnicy-scaled.jpg\" data-link=\"http:\/\/lapidarium.fundacja-hereditas.pl\/10_waw_belwederska32_asienkiewicz_1klatka_schodowa_ozdobny_pasek_pod_drzwiami_do_piwnicy\/\" class=\"wp-image-7973\" srcset=\"http:\/\/lapidarium.fundacja-hereditas.pl\/wp-content\/uploads\/2022\/01\/10_WAW_Belwederska32_ASienkiewicz_1klatka_schodowa_ozdobny_pasek_pod_drzwiami_do_piwnicy-768x1024.jpg 768w, http:\/\/lapidarium.fundacja-hereditas.pl\/wp-content\/uploads\/2022\/01\/10_WAW_Belwederska32_ASienkiewicz_1klatka_schodowa_ozdobny_pasek_pod_drzwiami_do_piwnicy-225x300.jpg 225w, http:\/\/lapidarium.fundacja-hereditas.pl\/wp-content\/uploads\/2022\/01\/10_WAW_Belwederska32_ASienkiewicz_1klatka_schodowa_ozdobny_pasek_pod_drzwiami_do_piwnicy-1152x1536.jpg 1152w, http:\/\/lapidarium.fundacja-hereditas.pl\/wp-content\/uploads\/2022\/01\/10_WAW_Belwederska32_ASienkiewicz_1klatka_schodowa_ozdobny_pasek_pod_drzwiami_do_piwnicy-1536x2048.jpg 1536w, http:\/\/lapidarium.fundacja-hereditas.pl\/wp-content\/uploads\/2022\/01\/10_WAW_Belwederska32_ASienkiewicz_1klatka_schodowa_ozdobny_pasek_pod_drzwiami_do_piwnicy-150x200.jpg 150w, http:\/\/lapidarium.fundacja-hereditas.pl\/wp-content\/uploads\/2022\/01\/10_WAW_Belwederska32_ASienkiewicz_1klatka_schodowa_ozdobny_pasek_pod_drzwiami_do_piwnicy-300x400.jpg 300w, http:\/\/lapidarium.fundacja-hereditas.pl\/wp-content\/uploads\/2022\/01\/10_WAW_Belwederska32_ASienkiewicz_1klatka_schodowa_ozdobny_pasek_pod_drzwiami_do_piwnicy-696x928.jpg 696w, http:\/\/lapidarium.fundacja-hereditas.pl\/wp-content\/uploads\/2022\/01\/10_WAW_Belwederska32_ASienkiewicz_1klatka_schodowa_ozdobny_pasek_pod_drzwiami_do_piwnicy-1068x1424.jpg 1068w, http:\/\/lapidarium.fundacja-hereditas.pl\/wp-content\/uploads\/2022\/01\/10_WAW_Belwederska32_ASienkiewicz_1klatka_schodowa_ozdobny_pasek_pod_drzwiami_do_piwnicy-scaled.jpg 1920w\" sizes=\"auto, (max-width: 768px) 100vw, 768px\" \/><\/a><figcaption class=\"blocks-gallery-item__caption\">Posadzka przy drzwiach do piwnicy, I klatka schodowa. Fot. Agnieszka Sienkiewicz, 2021, \u017ar\u00f3d\u0142o: Studeo et Conservo<\/figcaption><\/figure><\/li><li class=\"blocks-gallery-item\"><figure><a href=\"http:\/\/lapidarium.fundacja-hereditas.pl\/wp-content\/uploads\/2022\/01\/11_WAW_Belwederska32_ASienkiewicz_2klatka_schodowa_balustrada_parter-scaled.jpg\"><img loading=\"lazy\" decoding=\"async\" width=\"768\" height=\"1024\" src=\"http:\/\/lapidarium.fundacja-hereditas.pl\/wp-content\/uploads\/2022\/01\/11_WAW_Belwederska32_ASienkiewicz_2klatka_schodowa_balustrada_parter-768x1024.jpg\" alt=\"Klatka schodowa (II). Fot. Agnieszka Sienkiewicz, 2021, \u017ar\u00f3d\u0142o: Studeo et Conservo\" data-id=\"7974\" data-full-url=\"http:\/\/lapidarium.fundacja-hereditas.pl\/wp-content\/uploads\/2022\/01\/11_WAW_Belwederska32_ASienkiewicz_2klatka_schodowa_balustrada_parter-scaled.jpg\" data-link=\"http:\/\/lapidarium.fundacja-hereditas.pl\/11_waw_belwederska32_asienkiewicz_2klatka_schodowa_balustrada_parter\/\" class=\"wp-image-7974\" srcset=\"http:\/\/lapidarium.fundacja-hereditas.pl\/wp-content\/uploads\/2022\/01\/11_WAW_Belwederska32_ASienkiewicz_2klatka_schodowa_balustrada_parter-768x1024.jpg 768w, http:\/\/lapidarium.fundacja-hereditas.pl\/wp-content\/uploads\/2022\/01\/11_WAW_Belwederska32_ASienkiewicz_2klatka_schodowa_balustrada_parter-225x300.jpg 225w, http:\/\/lapidarium.fundacja-hereditas.pl\/wp-content\/uploads\/2022\/01\/11_WAW_Belwederska32_ASienkiewicz_2klatka_schodowa_balustrada_parter-1152x1536.jpg 1152w, http:\/\/lapidarium.fundacja-hereditas.pl\/wp-content\/uploads\/2022\/01\/11_WAW_Belwederska32_ASienkiewicz_2klatka_schodowa_balustrada_parter-1536x2048.jpg 1536w, http:\/\/lapidarium.fundacja-hereditas.pl\/wp-content\/uploads\/2022\/01\/11_WAW_Belwederska32_ASienkiewicz_2klatka_schodowa_balustrada_parter-150x200.jpg 150w, http:\/\/lapidarium.fundacja-hereditas.pl\/wp-content\/uploads\/2022\/01\/11_WAW_Belwederska32_ASienkiewicz_2klatka_schodowa_balustrada_parter-300x400.jpg 300w, http:\/\/lapidarium.fundacja-hereditas.pl\/wp-content\/uploads\/2022\/01\/11_WAW_Belwederska32_ASienkiewicz_2klatka_schodowa_balustrada_parter-696x928.jpg 696w, http:\/\/lapidarium.fundacja-hereditas.pl\/wp-content\/uploads\/2022\/01\/11_WAW_Belwederska32_ASienkiewicz_2klatka_schodowa_balustrada_parter-1068x1424.jpg 1068w, http:\/\/lapidarium.fundacja-hereditas.pl\/wp-content\/uploads\/2022\/01\/11_WAW_Belwederska32_ASienkiewicz_2klatka_schodowa_balustrada_parter-scaled.jpg 1920w\" sizes=\"auto, (max-width: 768px) 100vw, 768px\" \/><\/a><figcaption class=\"blocks-gallery-item__caption\">Klatka schodowa (II). Fot. Agnieszka Sienkiewicz, 2021, \u017ar\u00f3d\u0142o: Studeo et Conservo<\/figcaption><\/figure><\/li><li class=\"blocks-gallery-item\"><figure><a href=\"http:\/\/lapidarium.fundacja-hereditas.pl\/wp-content\/uploads\/2022\/01\/12_WAW_Belwederska32_klatka-2_okno_MonikaWesolowska-scaled.jpg\"><img loading=\"lazy\" decoding=\"async\" width=\"575\" height=\"1024\" src=\"http:\/\/lapidarium.fundacja-hereditas.pl\/wp-content\/uploads\/2022\/01\/12_WAW_Belwederska32_klatka-2_okno_MonikaWesolowska-575x1024.jpg\" alt=\"Okno, II klatka schodowa. Fot. Monika Weso\u0142owska, 2021, \u017ar\u00f3d\u0142o: Studeo et Conservo\" data-id=\"7975\" data-full-url=\"http:\/\/lapidarium.fundacja-hereditas.pl\/wp-content\/uploads\/2022\/01\/12_WAW_Belwederska32_klatka-2_okno_MonikaWesolowska-scaled.jpg\" data-link=\"http:\/\/lapidarium.fundacja-hereditas.pl\/sony-dsc-436\/\" class=\"wp-image-7975\" srcset=\"http:\/\/lapidarium.fundacja-hereditas.pl\/wp-content\/uploads\/2022\/01\/12_WAW_Belwederska32_klatka-2_okno_MonikaWesolowska-575x1024.jpg 575w, http:\/\/lapidarium.fundacja-hereditas.pl\/wp-content\/uploads\/2022\/01\/12_WAW_Belwederska32_klatka-2_okno_MonikaWesolowska-169x300.jpg 169w, http:\/\/lapidarium.fundacja-hereditas.pl\/wp-content\/uploads\/2022\/01\/12_WAW_Belwederska32_klatka-2_okno_MonikaWesolowska-768x1367.jpg 768w, http:\/\/lapidarium.fundacja-hereditas.pl\/wp-content\/uploads\/2022\/01\/12_WAW_Belwederska32_klatka-2_okno_MonikaWesolowska-863x1536.jpg 863w, http:\/\/lapidarium.fundacja-hereditas.pl\/wp-content\/uploads\/2022\/01\/12_WAW_Belwederska32_klatka-2_okno_MonikaWesolowska-1151x2048.jpg 1151w, http:\/\/lapidarium.fundacja-hereditas.pl\/wp-content\/uploads\/2022\/01\/12_WAW_Belwederska32_klatka-2_okno_MonikaWesolowska-150x267.jpg 150w, http:\/\/lapidarium.fundacja-hereditas.pl\/wp-content\/uploads\/2022\/01\/12_WAW_Belwederska32_klatka-2_okno_MonikaWesolowska-300x534.jpg 300w, http:\/\/lapidarium.fundacja-hereditas.pl\/wp-content\/uploads\/2022\/01\/12_WAW_Belwederska32_klatka-2_okno_MonikaWesolowska-696x1238.jpg 696w, http:\/\/lapidarium.fundacja-hereditas.pl\/wp-content\/uploads\/2022\/01\/12_WAW_Belwederska32_klatka-2_okno_MonikaWesolowska-1068x1900.jpg 1068w, http:\/\/lapidarium.fundacja-hereditas.pl\/wp-content\/uploads\/2022\/01\/12_WAW_Belwederska32_klatka-2_okno_MonikaWesolowska-1920x3416.jpg 1920w, http:\/\/lapidarium.fundacja-hereditas.pl\/wp-content\/uploads\/2022\/01\/12_WAW_Belwederska32_klatka-2_okno_MonikaWesolowska-scaled.jpg 1439w\" sizes=\"auto, (max-width: 575px) 100vw, 575px\" \/><\/a><figcaption class=\"blocks-gallery-item__caption\">Okno, II klatka schodowa. Fot. Monika Weso\u0142owska, 2021, \u017ar\u00f3d\u0142o: Studeo et Conservo<\/figcaption><\/figure><\/li><li class=\"blocks-gallery-item\"><figure><a href=\"http:\/\/lapidarium.fundacja-hereditas.pl\/wp-content\/uploads\/2022\/01\/13_Belwederska-32_klatka2_okladzina_scienna_MonikaWesolowska-scaled.jpg\"><img loading=\"lazy\" decoding=\"async\" width=\"576\" height=\"1024\" src=\"http:\/\/lapidarium.fundacja-hereditas.pl\/wp-content\/uploads\/2022\/01\/13_Belwederska-32_klatka2_okladzina_scienna_MonikaWesolowska-576x1024.jpg\" alt=\"Ok\u0142adzina \u015bcienna, II klatka schodowa. Fot. Monika Weso\u0142owska, 2021, \u017ar\u00f3d\u0142o: Studeo et Conservo\" data-id=\"7976\" data-full-url=\"http:\/\/lapidarium.fundacja-hereditas.pl\/wp-content\/uploads\/2022\/01\/13_Belwederska-32_klatka2_okladzina_scienna_MonikaWesolowska-scaled.jpg\" data-link=\"http:\/\/lapidarium.fundacja-hereditas.pl\/sony-dsc-437\/\" class=\"wp-image-7976\" srcset=\"http:\/\/lapidarium.fundacja-hereditas.pl\/wp-content\/uploads\/2022\/01\/13_Belwederska-32_klatka2_okladzina_scienna_MonikaWesolowska-576x1024.jpg 576w, http:\/\/lapidarium.fundacja-hereditas.pl\/wp-content\/uploads\/2022\/01\/13_Belwederska-32_klatka2_okladzina_scienna_MonikaWesolowska-169x300.jpg 169w, http:\/\/lapidarium.fundacja-hereditas.pl\/wp-content\/uploads\/2022\/01\/13_Belwederska-32_klatka2_okladzina_scienna_MonikaWesolowska-768x1366.jpg 768w, http:\/\/lapidarium.fundacja-hereditas.pl\/wp-content\/uploads\/2022\/01\/13_Belwederska-32_klatka2_okladzina_scienna_MonikaWesolowska-scaled.jpg 1439w\" sizes=\"auto, (max-width: 576px) 100vw, 576px\" \/><\/a><figcaption class=\"blocks-gallery-item__caption\">Ok\u0142adzina \u015bcienna, II klatka schodowa. Fot. Monika Weso\u0142owska, 2021, \u017ar\u00f3d\u0142o: Studeo et Conservo<\/figcaption><\/figure><\/li><li class=\"blocks-gallery-item\"><figure><a href=\"http:\/\/lapidarium.fundacja-hereditas.pl\/wp-content\/uploads\/2022\/01\/14_WAW_Belwederska32_ASienkiewicz_1klatka_schodowa_drzwi-scaled.jpg\"><img loading=\"lazy\" decoding=\"async\" width=\"768\" height=\"1024\" src=\"http:\/\/lapidarium.fundacja-hereditas.pl\/wp-content\/uploads\/2022\/01\/14_WAW_Belwederska32_ASienkiewicz_1klatka_schodowa_drzwi-768x1024.jpg\" alt=\"Drzwi, I klatka schodowa. Fot. Agnieszka Sienkiewicz, 2021, \u017ar\u00f3d\u0142o: Studeo et Conservo\" data-id=\"7977\" data-full-url=\"http:\/\/lapidarium.fundacja-hereditas.pl\/wp-content\/uploads\/2022\/01\/14_WAW_Belwederska32_ASienkiewicz_1klatka_schodowa_drzwi-scaled.jpg\" data-link=\"http:\/\/lapidarium.fundacja-hereditas.pl\/14_waw_belwederska32_asienkiewicz_1klatka_schodowa_drzwi\/\" class=\"wp-image-7977\" srcset=\"http:\/\/lapidarium.fundacja-hereditas.pl\/wp-content\/uploads\/2022\/01\/14_WAW_Belwederska32_ASienkiewicz_1klatka_schodowa_drzwi-768x1024.jpg 768w, http:\/\/lapidarium.fundacja-hereditas.pl\/wp-content\/uploads\/2022\/01\/14_WAW_Belwederska32_ASienkiewicz_1klatka_schodowa_drzwi-225x300.jpg 225w, http:\/\/lapidarium.fundacja-hereditas.pl\/wp-content\/uploads\/2022\/01\/14_WAW_Belwederska32_ASienkiewicz_1klatka_schodowa_drzwi-1152x1536.jpg 1152w, http:\/\/lapidarium.fundacja-hereditas.pl\/wp-content\/uploads\/2022\/01\/14_WAW_Belwederska32_ASienkiewicz_1klatka_schodowa_drzwi-1536x2048.jpg 1536w, http:\/\/lapidarium.fundacja-hereditas.pl\/wp-content\/uploads\/2022\/01\/14_WAW_Belwederska32_ASienkiewicz_1klatka_schodowa_drzwi-150x200.jpg 150w, http:\/\/lapidarium.fundacja-hereditas.pl\/wp-content\/uploads\/2022\/01\/14_WAW_Belwederska32_ASienkiewicz_1klatka_schodowa_drzwi-300x400.jpg 300w, http:\/\/lapidarium.fundacja-hereditas.pl\/wp-content\/uploads\/2022\/01\/14_WAW_Belwederska32_ASienkiewicz_1klatka_schodowa_drzwi-696x928.jpg 696w, http:\/\/lapidarium.fundacja-hereditas.pl\/wp-content\/uploads\/2022\/01\/14_WAW_Belwederska32_ASienkiewicz_1klatka_schodowa_drzwi-1068x1424.jpg 1068w, http:\/\/lapidarium.fundacja-hereditas.pl\/wp-content\/uploads\/2022\/01\/14_WAW_Belwederska32_ASienkiewicz_1klatka_schodowa_drzwi-scaled.jpg 1920w\" sizes=\"auto, (max-width: 768px) 100vw, 768px\" \/><\/a><figcaption class=\"blocks-gallery-item__caption\">Drzwi, I klatka schodowa. Fot. Agnieszka Sienkiewicz, 2021, \u017ar\u00f3d\u0142o: Studeo et Conservo<\/figcaption><\/figure><\/li><li class=\"blocks-gallery-item\"><figure><a href=\"http:\/\/lapidarium.fundacja-hereditas.pl\/wp-content\/uploads\/2022\/01\/15_WAW_Belwederska32_ASienkiewicz_1klatka_schodowa_tabliczka_z_numerem-scaled.jpg\"><img loading=\"lazy\" decoding=\"async\" width=\"768\" height=\"1024\" src=\"http:\/\/lapidarium.fundacja-hereditas.pl\/wp-content\/uploads\/2022\/01\/15_WAW_Belwederska32_ASienkiewicz_1klatka_schodowa_tabliczka_z_numerem-768x1024.jpg\" alt=\"Tabliczka z numerem, I klatka schodowa. Fot. Agnieszka Sienkiewicz, 2021, \u017ar\u00f3d\u0142o: Studeo et Conservo\" data-id=\"7978\" data-full-url=\"http:\/\/lapidarium.fundacja-hereditas.pl\/wp-content\/uploads\/2022\/01\/15_WAW_Belwederska32_ASienkiewicz_1klatka_schodowa_tabliczka_z_numerem-scaled.jpg\" data-link=\"http:\/\/lapidarium.fundacja-hereditas.pl\/15_waw_belwederska32_asienkiewicz_1klatka_schodowa_tabliczka_z_numerem\/\" class=\"wp-image-7978\" srcset=\"http:\/\/lapidarium.fundacja-hereditas.pl\/wp-content\/uploads\/2022\/01\/15_WAW_Belwederska32_ASienkiewicz_1klatka_schodowa_tabliczka_z_numerem-768x1024.jpg 768w, http:\/\/lapidarium.fundacja-hereditas.pl\/wp-content\/uploads\/2022\/01\/15_WAW_Belwederska32_ASienkiewicz_1klatka_schodowa_tabliczka_z_numerem-225x300.jpg 225w, http:\/\/lapidarium.fundacja-hereditas.pl\/wp-content\/uploads\/2022\/01\/15_WAW_Belwederska32_ASienkiewicz_1klatka_schodowa_tabliczka_z_numerem-1152x1536.jpg 1152w, http:\/\/lapidarium.fundacja-hereditas.pl\/wp-content\/uploads\/2022\/01\/15_WAW_Belwederska32_ASienkiewicz_1klatka_schodowa_tabliczka_z_numerem-1536x2048.jpg 1536w, http:\/\/lapidarium.fundacja-hereditas.pl\/wp-content\/uploads\/2022\/01\/15_WAW_Belwederska32_ASienkiewicz_1klatka_schodowa_tabliczka_z_numerem-150x200.jpg 150w, http:\/\/lapidarium.fundacja-hereditas.pl\/wp-content\/uploads\/2022\/01\/15_WAW_Belwederska32_ASienkiewicz_1klatka_schodowa_tabliczka_z_numerem-300x400.jpg 300w, http:\/\/lapidarium.fundacja-hereditas.pl\/wp-content\/uploads\/2022\/01\/15_WAW_Belwederska32_ASienkiewicz_1klatka_schodowa_tabliczka_z_numerem-696x928.jpg 696w, http:\/\/lapidarium.fundacja-hereditas.pl\/wp-content\/uploads\/2022\/01\/15_WAW_Belwederska32_ASienkiewicz_1klatka_schodowa_tabliczka_z_numerem-1068x1424.jpg 1068w, http:\/\/lapidarium.fundacja-hereditas.pl\/wp-content\/uploads\/2022\/01\/15_WAW_Belwederska32_ASienkiewicz_1klatka_schodowa_tabliczka_z_numerem-scaled.jpg 1920w\" sizes=\"auto, (max-width: 768px) 100vw, 768px\" \/><\/a><figcaption class=\"blocks-gallery-item__caption\">Tabliczka z numerem, I klatka schodowa. Fot. Agnieszka Sienkiewicz, 2021, \u017ar\u00f3d\u0142o: Studeo et Conservo<\/figcaption><\/figure><\/li><li class=\"blocks-gallery-item\"><figure><a href=\"http:\/\/lapidarium.fundacja-hereditas.pl\/wp-content\/uploads\/2022\/01\/16_WAW_Belwederska32_ASienkiewicz_1klatka_schodowa_klamka-scaled.jpg\"><img loading=\"lazy\" decoding=\"async\" width=\"768\" height=\"1024\" src=\"http:\/\/lapidarium.fundacja-hereditas.pl\/wp-content\/uploads\/2022\/01\/16_WAW_Belwederska32_ASienkiewicz_1klatka_schodowa_klamka-768x1024.jpg\" alt=\"Ga\u0142ka drzwi mieszkania, I klatka schodowa. Fot. Agnieszka Sienkiewicz, 2021, \u017ar\u00f3d\u0142o: Studeo et Conservo\" data-id=\"7987\" data-full-url=\"http:\/\/lapidarium.fundacja-hereditas.pl\/wp-content\/uploads\/2022\/01\/16_WAW_Belwederska32_ASienkiewicz_1klatka_schodowa_klamka-scaled.jpg\" data-link=\"http:\/\/lapidarium.fundacja-hereditas.pl\/16_waw_belwederska32_asienkiewicz_1klatka_schodowa_klamka\/\" class=\"wp-image-7987\" srcset=\"http:\/\/lapidarium.fundacja-hereditas.pl\/wp-content\/uploads\/2022\/01\/16_WAW_Belwederska32_ASienkiewicz_1klatka_schodowa_klamka-768x1024.jpg 768w, http:\/\/lapidarium.fundacja-hereditas.pl\/wp-content\/uploads\/2022\/01\/16_WAW_Belwederska32_ASienkiewicz_1klatka_schodowa_klamka-225x300.jpg 225w, http:\/\/lapidarium.fundacja-hereditas.pl\/wp-content\/uploads\/2022\/01\/16_WAW_Belwederska32_ASienkiewicz_1klatka_schodowa_klamka-1152x1536.jpg 1152w, http:\/\/lapidarium.fundacja-hereditas.pl\/wp-content\/uploads\/2022\/01\/16_WAW_Belwederska32_ASienkiewicz_1klatka_schodowa_klamka-1536x2048.jpg 1536w, http:\/\/lapidarium.fundacja-hereditas.pl\/wp-content\/uploads\/2022\/01\/16_WAW_Belwederska32_ASienkiewicz_1klatka_schodowa_klamka-150x200.jpg 150w, http:\/\/lapidarium.fundacja-hereditas.pl\/wp-content\/uploads\/2022\/01\/16_WAW_Belwederska32_ASienkiewicz_1klatka_schodowa_klamka-300x400.jpg 300w, http:\/\/lapidarium.fundacja-hereditas.pl\/wp-content\/uploads\/2022\/01\/16_WAW_Belwederska32_ASienkiewicz_1klatka_schodowa_klamka-696x928.jpg 696w, http:\/\/lapidarium.fundacja-hereditas.pl\/wp-content\/uploads\/2022\/01\/16_WAW_Belwederska32_ASienkiewicz_1klatka_schodowa_klamka-1068x1424.jpg 1068w, http:\/\/lapidarium.fundacja-hereditas.pl\/wp-content\/uploads\/2022\/01\/16_WAW_Belwederska32_ASienkiewicz_1klatka_schodowa_klamka-scaled.jpg 1920w\" sizes=\"auto, (max-width: 768px) 100vw, 768px\" \/><\/a><figcaption class=\"blocks-gallery-item__caption\">Ga\u0142ka drzwi mieszkania, I klatka schodowa. Fot. Agnieszka Sienkiewicz, 2021, \u017ar\u00f3d\u0142o: Studeo et Conservo<\/figcaption><\/figure><\/li><li class=\"blocks-gallery-item\"><figure><a href=\"http:\/\/lapidarium.fundacja-hereditas.pl\/wp-content\/uploads\/2022\/01\/17_WAW_Belwederska32_ASienkiewicz_1klatka_schodowa_dzwonek-scaled.jpg\"><img loading=\"lazy\" decoding=\"async\" width=\"768\" height=\"1024\" src=\"http:\/\/lapidarium.fundacja-hereditas.pl\/wp-content\/uploads\/2022\/01\/17_WAW_Belwederska32_ASienkiewicz_1klatka_schodowa_dzwonek-768x1024.jpg\" alt=\"Dzwonek, I klatka schodowa. Fot. Agnieszka Sienkiewicz, 2021, \u017ar\u00f3d\u0142o: Studeo et Conservo\" data-id=\"7979\" data-full-url=\"http:\/\/lapidarium.fundacja-hereditas.pl\/wp-content\/uploads\/2022\/01\/17_WAW_Belwederska32_ASienkiewicz_1klatka_schodowa_dzwonek-scaled.jpg\" data-link=\"http:\/\/lapidarium.fundacja-hereditas.pl\/17_waw_belwederska32_asienkiewicz_1klatka_schodowa_dzwonek\/\" class=\"wp-image-7979\" srcset=\"http:\/\/lapidarium.fundacja-hereditas.pl\/wp-content\/uploads\/2022\/01\/17_WAW_Belwederska32_ASienkiewicz_1klatka_schodowa_dzwonek-768x1024.jpg 768w, http:\/\/lapidarium.fundacja-hereditas.pl\/wp-content\/uploads\/2022\/01\/17_WAW_Belwederska32_ASienkiewicz_1klatka_schodowa_dzwonek-225x300.jpg 225w, http:\/\/lapidarium.fundacja-hereditas.pl\/wp-content\/uploads\/2022\/01\/17_WAW_Belwederska32_ASienkiewicz_1klatka_schodowa_dzwonek-1152x1536.jpg 1152w, http:\/\/lapidarium.fundacja-hereditas.pl\/wp-content\/uploads\/2022\/01\/17_WAW_Belwederska32_ASienkiewicz_1klatka_schodowa_dzwonek-1536x2048.jpg 1536w, http:\/\/lapidarium.fundacja-hereditas.pl\/wp-content\/uploads\/2022\/01\/17_WAW_Belwederska32_ASienkiewicz_1klatka_schodowa_dzwonek-150x200.jpg 150w, http:\/\/lapidarium.fundacja-hereditas.pl\/wp-content\/uploads\/2022\/01\/17_WAW_Belwederska32_ASienkiewicz_1klatka_schodowa_dzwonek-300x400.jpg 300w, http:\/\/lapidarium.fundacja-hereditas.pl\/wp-content\/uploads\/2022\/01\/17_WAW_Belwederska32_ASienkiewicz_1klatka_schodowa_dzwonek-696x928.jpg 696w, http:\/\/lapidarium.fundacja-hereditas.pl\/wp-content\/uploads\/2022\/01\/17_WAW_Belwederska32_ASienkiewicz_1klatka_schodowa_dzwonek-1068x1424.jpg 1068w, http:\/\/lapidarium.fundacja-hereditas.pl\/wp-content\/uploads\/2022\/01\/17_WAW_Belwederska32_ASienkiewicz_1klatka_schodowa_dzwonek-scaled.jpg 1920w\" sizes=\"auto, (max-width: 768px) 100vw, 768px\" \/><\/a><figcaption class=\"blocks-gallery-item__caption\">Dzwonek, I klatka schodowa. Fot. Agnieszka Sienkiewicz, 2021, \u017ar\u00f3d\u0142o: Studeo et Conservo<\/figcaption><\/figure><\/li><li class=\"blocks-gallery-item\"><figure><a href=\"http:\/\/lapidarium.fundacja-hereditas.pl\/wp-content\/uploads\/2022\/01\/18_WAW_Belwederska32_ASienkiewicz_1klatka_schodowa_drzwi_do_mieszkania_obok_do_sluzbowki_pietro-scaled.jpg\"><img loading=\"lazy\" decoding=\"async\" width=\"768\" height=\"1024\" src=\"http:\/\/lapidarium.fundacja-hereditas.pl\/wp-content\/uploads\/2022\/01\/18_WAW_Belwederska32_ASienkiewicz_1klatka_schodowa_drzwi_do_mieszkania_obok_do_sluzbowki_pietro-768x1024.jpg\" alt=\"Drzwi mieszkania i dawnej s\u0142u\u017cb\u00f3wki, I klatka schodowa. Fot. Agnieszka Sienkiewicz, 2021, \u017ar\u00f3d\u0142o: Studeo et Conservo\" data-id=\"7980\" data-full-url=\"http:\/\/lapidarium.fundacja-hereditas.pl\/wp-content\/uploads\/2022\/01\/18_WAW_Belwederska32_ASienkiewicz_1klatka_schodowa_drzwi_do_mieszkania_obok_do_sluzbowki_pietro-scaled.jpg\" data-link=\"http:\/\/lapidarium.fundacja-hereditas.pl\/18_waw_belwederska32_asienkiewicz_1klatka_schodowa_drzwi_do_mieszkania_obok_do_sluzbowki_pietro\/\" class=\"wp-image-7980\" srcset=\"http:\/\/lapidarium.fundacja-hereditas.pl\/wp-content\/uploads\/2022\/01\/18_WAW_Belwederska32_ASienkiewicz_1klatka_schodowa_drzwi_do_mieszkania_obok_do_sluzbowki_pietro-768x1024.jpg 768w, http:\/\/lapidarium.fundacja-hereditas.pl\/wp-content\/uploads\/2022\/01\/18_WAW_Belwederska32_ASienkiewicz_1klatka_schodowa_drzwi_do_mieszkania_obok_do_sluzbowki_pietro-225x300.jpg 225w, http:\/\/lapidarium.fundacja-hereditas.pl\/wp-content\/uploads\/2022\/01\/18_WAW_Belwederska32_ASienkiewicz_1klatka_schodowa_drzwi_do_mieszkania_obok_do_sluzbowki_pietro-1152x1536.jpg 1152w, http:\/\/lapidarium.fundacja-hereditas.pl\/wp-content\/uploads\/2022\/01\/18_WAW_Belwederska32_ASienkiewicz_1klatka_schodowa_drzwi_do_mieszkania_obok_do_sluzbowki_pietro-1536x2048.jpg 1536w, http:\/\/lapidarium.fundacja-hereditas.pl\/wp-content\/uploads\/2022\/01\/18_WAW_Belwederska32_ASienkiewicz_1klatka_schodowa_drzwi_do_mieszkania_obok_do_sluzbowki_pietro-150x200.jpg 150w, http:\/\/lapidarium.fundacja-hereditas.pl\/wp-content\/uploads\/2022\/01\/18_WAW_Belwederska32_ASienkiewicz_1klatka_schodowa_drzwi_do_mieszkania_obok_do_sluzbowki_pietro-300x400.jpg 300w, http:\/\/lapidarium.fundacja-hereditas.pl\/wp-content\/uploads\/2022\/01\/18_WAW_Belwederska32_ASienkiewicz_1klatka_schodowa_drzwi_do_mieszkania_obok_do_sluzbowki_pietro-696x928.jpg 696w, http:\/\/lapidarium.fundacja-hereditas.pl\/wp-content\/uploads\/2022\/01\/18_WAW_Belwederska32_ASienkiewicz_1klatka_schodowa_drzwi_do_mieszkania_obok_do_sluzbowki_pietro-1068x1424.jpg 1068w, http:\/\/lapidarium.fundacja-hereditas.pl\/wp-content\/uploads\/2022\/01\/18_WAW_Belwederska32_ASienkiewicz_1klatka_schodowa_drzwi_do_mieszkania_obok_do_sluzbowki_pietro-scaled.jpg 1920w\" sizes=\"auto, (max-width: 768px) 100vw, 768px\" \/><\/a><figcaption class=\"blocks-gallery-item__caption\">Drzwi mieszkania i dawnej s\u0142u\u017cb\u00f3wki, I klatka schodowa. Fot. Agnieszka Sienkiewicz, 2021, \u017ar\u00f3d\u0142o: Studeo et Conservo<\/figcaption><\/figure><\/li><li class=\"blocks-gallery-item\"><figure><a href=\"http:\/\/lapidarium.fundacja-hereditas.pl\/wp-content\/uploads\/2022\/01\/19_WAW_Belwederska32_ASienkiewicz_1klatka_schodowa_dzwonek-scaled.jpg\"><img loading=\"lazy\" decoding=\"async\" width=\"768\" height=\"1024\" src=\"http:\/\/lapidarium.fundacja-hereditas.pl\/wp-content\/uploads\/2022\/01\/19_WAW_Belwederska32_ASienkiewicz_1klatka_schodowa_dzwonek-768x1024.jpg\" alt=\"Dzwonek, I klatka schodowa. Fot. Agnieszka Sienkiewicz, 2021, \u017ar\u00f3d\u0142o: Studeo et Conservo\" data-id=\"7981\" data-full-url=\"http:\/\/lapidarium.fundacja-hereditas.pl\/wp-content\/uploads\/2022\/01\/19_WAW_Belwederska32_ASienkiewicz_1klatka_schodowa_dzwonek-scaled.jpg\" data-link=\"http:\/\/lapidarium.fundacja-hereditas.pl\/19_waw_belwederska32_asienkiewicz_1klatka_schodowa_dzwonek\/\" class=\"wp-image-7981\" srcset=\"http:\/\/lapidarium.fundacja-hereditas.pl\/wp-content\/uploads\/2022\/01\/19_WAW_Belwederska32_ASienkiewicz_1klatka_schodowa_dzwonek-768x1024.jpg 768w, http:\/\/lapidarium.fundacja-hereditas.pl\/wp-content\/uploads\/2022\/01\/19_WAW_Belwederska32_ASienkiewicz_1klatka_schodowa_dzwonek-225x300.jpg 225w, http:\/\/lapidarium.fundacja-hereditas.pl\/wp-content\/uploads\/2022\/01\/19_WAW_Belwederska32_ASienkiewicz_1klatka_schodowa_dzwonek-1152x1536.jpg 1152w, http:\/\/lapidarium.fundacja-hereditas.pl\/wp-content\/uploads\/2022\/01\/19_WAW_Belwederska32_ASienkiewicz_1klatka_schodowa_dzwonek-1536x2048.jpg 1536w, http:\/\/lapidarium.fundacja-hereditas.pl\/wp-content\/uploads\/2022\/01\/19_WAW_Belwederska32_ASienkiewicz_1klatka_schodowa_dzwonek-150x200.jpg 150w, http:\/\/lapidarium.fundacja-hereditas.pl\/wp-content\/uploads\/2022\/01\/19_WAW_Belwederska32_ASienkiewicz_1klatka_schodowa_dzwonek-300x400.jpg 300w, http:\/\/lapidarium.fundacja-hereditas.pl\/wp-content\/uploads\/2022\/01\/19_WAW_Belwederska32_ASienkiewicz_1klatka_schodowa_dzwonek-696x928.jpg 696w, http:\/\/lapidarium.fundacja-hereditas.pl\/wp-content\/uploads\/2022\/01\/19_WAW_Belwederska32_ASienkiewicz_1klatka_schodowa_dzwonek-1068x1424.jpg 1068w, http:\/\/lapidarium.fundacja-hereditas.pl\/wp-content\/uploads\/2022\/01\/19_WAW_Belwederska32_ASienkiewicz_1klatka_schodowa_dzwonek-scaled.jpg 1920w\" sizes=\"auto, (max-width: 768px) 100vw, 768px\" \/><\/a><figcaption class=\"blocks-gallery-item__caption\">Dzwonek, I klatka schodowa. Fot. Agnieszka Sienkiewicz, 2021, \u017ar\u00f3d\u0142o: Studeo et Conservo<\/figcaption><\/figure><\/li><li class=\"blocks-gallery-item\"><figure><a href=\"http:\/\/lapidarium.fundacja-hereditas.pl\/wp-content\/uploads\/2022\/01\/20_WAW_Belwederska32_ASienkiewicz_1klatka_schodowa_wizjer-scaled.jpg\"><img loading=\"lazy\" decoding=\"async\" width=\"768\" height=\"1024\" src=\"http:\/\/lapidarium.fundacja-hereditas.pl\/wp-content\/uploads\/2022\/01\/20_WAW_Belwederska32_ASienkiewicz_1klatka_schodowa_wizjer-768x1024.jpg\" alt=\"Wizjer, I klatka schodowa. Fot. Agnieszka Sienkiewicz, 2021, \u017ar\u00f3d\u0142o: Studeo et Conservo\" data-id=\"7982\" data-full-url=\"http:\/\/lapidarium.fundacja-hereditas.pl\/wp-content\/uploads\/2022\/01\/20_WAW_Belwederska32_ASienkiewicz_1klatka_schodowa_wizjer-scaled.jpg\" data-link=\"http:\/\/lapidarium.fundacja-hereditas.pl\/20_waw_belwederska32_asienkiewicz_1klatka_schodowa_wizjer\/\" class=\"wp-image-7982\" srcset=\"http:\/\/lapidarium.fundacja-hereditas.pl\/wp-content\/uploads\/2022\/01\/20_WAW_Belwederska32_ASienkiewicz_1klatka_schodowa_wizjer-768x1024.jpg 768w, http:\/\/lapidarium.fundacja-hereditas.pl\/wp-content\/uploads\/2022\/01\/20_WAW_Belwederska32_ASienkiewicz_1klatka_schodowa_wizjer-225x300.jpg 225w, http:\/\/lapidarium.fundacja-hereditas.pl\/wp-content\/uploads\/2022\/01\/20_WAW_Belwederska32_ASienkiewicz_1klatka_schodowa_wizjer-1152x1536.jpg 1152w, http:\/\/lapidarium.fundacja-hereditas.pl\/wp-content\/uploads\/2022\/01\/20_WAW_Belwederska32_ASienkiewicz_1klatka_schodowa_wizjer-1536x2048.jpg 1536w, http:\/\/lapidarium.fundacja-hereditas.pl\/wp-content\/uploads\/2022\/01\/20_WAW_Belwederska32_ASienkiewicz_1klatka_schodowa_wizjer-150x200.jpg 150w, http:\/\/lapidarium.fundacja-hereditas.pl\/wp-content\/uploads\/2022\/01\/20_WAW_Belwederska32_ASienkiewicz_1klatka_schodowa_wizjer-300x400.jpg 300w, http:\/\/lapidarium.fundacja-hereditas.pl\/wp-content\/uploads\/2022\/01\/20_WAW_Belwederska32_ASienkiewicz_1klatka_schodowa_wizjer-696x928.jpg 696w, http:\/\/lapidarium.fundacja-hereditas.pl\/wp-content\/uploads\/2022\/01\/20_WAW_Belwederska32_ASienkiewicz_1klatka_schodowa_wizjer-1068x1424.jpg 1068w, http:\/\/lapidarium.fundacja-hereditas.pl\/wp-content\/uploads\/2022\/01\/20_WAW_Belwederska32_ASienkiewicz_1klatka_schodowa_wizjer-scaled.jpg 1920w\" sizes=\"auto, (max-width: 768px) 100vw, 768px\" \/><\/a><figcaption class=\"blocks-gallery-item__caption\">Wizjer, I klatka schodowa. Fot. Agnieszka Sienkiewicz, 2021, \u017ar\u00f3d\u0142o: Studeo et Conservo<\/figcaption><\/figure><\/li><li class=\"blocks-gallery-item\"><figure><a href=\"http:\/\/lapidarium.fundacja-hereditas.pl\/wp-content\/uploads\/2022\/01\/21_WAW_Belwederska32_ASienkiewicz_1klatka_schodowa_dzwonek_z_domofonem-scaled.jpg\"><img loading=\"lazy\" decoding=\"async\" width=\"768\" height=\"1024\" src=\"http:\/\/lapidarium.fundacja-hereditas.pl\/wp-content\/uploads\/2022\/01\/21_WAW_Belwederska32_ASienkiewicz_1klatka_schodowa_dzwonek_z_domofonem-768x1024.jpg\" alt=\"Dzwonek z domofonem, I klatka schodowa. Fot. Agnieszka Sienkiewicz, 2021, \u017ar\u00f3d\u0142o: Studeo et Conservo\" data-id=\"7983\" data-full-url=\"http:\/\/lapidarium.fundacja-hereditas.pl\/wp-content\/uploads\/2022\/01\/21_WAW_Belwederska32_ASienkiewicz_1klatka_schodowa_dzwonek_z_domofonem-scaled.jpg\" data-link=\"http:\/\/lapidarium.fundacja-hereditas.pl\/21_waw_belwederska32_asienkiewicz_1klatka_schodowa_dzwonek_z_domofonem\/\" class=\"wp-image-7983\" srcset=\"http:\/\/lapidarium.fundacja-hereditas.pl\/wp-content\/uploads\/2022\/01\/21_WAW_Belwederska32_ASienkiewicz_1klatka_schodowa_dzwonek_z_domofonem-768x1024.jpg 768w, http:\/\/lapidarium.fundacja-hereditas.pl\/wp-content\/uploads\/2022\/01\/21_WAW_Belwederska32_ASienkiewicz_1klatka_schodowa_dzwonek_z_domofonem-225x300.jpg 225w, http:\/\/lapidarium.fundacja-hereditas.pl\/wp-content\/uploads\/2022\/01\/21_WAW_Belwederska32_ASienkiewicz_1klatka_schodowa_dzwonek_z_domofonem-1152x1536.jpg 1152w, http:\/\/lapidarium.fundacja-hereditas.pl\/wp-content\/uploads\/2022\/01\/21_WAW_Belwederska32_ASienkiewicz_1klatka_schodowa_dzwonek_z_domofonem-1536x2048.jpg 1536w, http:\/\/lapidarium.fundacja-hereditas.pl\/wp-content\/uploads\/2022\/01\/21_WAW_Belwederska32_ASienkiewicz_1klatka_schodowa_dzwonek_z_domofonem-150x200.jpg 150w, http:\/\/lapidarium.fundacja-hereditas.pl\/wp-content\/uploads\/2022\/01\/21_WAW_Belwederska32_ASienkiewicz_1klatka_schodowa_dzwonek_z_domofonem-300x400.jpg 300w, http:\/\/lapidarium.fundacja-hereditas.pl\/wp-content\/uploads\/2022\/01\/21_WAW_Belwederska32_ASienkiewicz_1klatka_schodowa_dzwonek_z_domofonem-696x928.jpg 696w, http:\/\/lapidarium.fundacja-hereditas.pl\/wp-content\/uploads\/2022\/01\/21_WAW_Belwederska32_ASienkiewicz_1klatka_schodowa_dzwonek_z_domofonem-1068x1424.jpg 1068w, http:\/\/lapidarium.fundacja-hereditas.pl\/wp-content\/uploads\/2022\/01\/21_WAW_Belwederska32_ASienkiewicz_1klatka_schodowa_dzwonek_z_domofonem-scaled.jpg 1920w\" sizes=\"auto, (max-width: 768px) 100vw, 768px\" \/><\/a><figcaption class=\"blocks-gallery-item__caption\">Dzwonek z domofonem, I klatka schodowa. Fot. Agnieszka Sienkiewicz, 2021, \u017ar\u00f3d\u0142o: Studeo et Conservo<\/figcaption><\/figure><\/li><li class=\"blocks-gallery-item\"><figure><a href=\"http:\/\/lapidarium.fundacja-hereditas.pl\/wp-content\/uploads\/2022\/01\/22_WAW_Belwederska32_ASienkiewicz_2klatka_schodowa_dzwonek-scaled.jpg\"><img loading=\"lazy\" decoding=\"async\" width=\"768\" height=\"1024\" src=\"http:\/\/lapidarium.fundacja-hereditas.pl\/wp-content\/uploads\/2022\/01\/22_WAW_Belwederska32_ASienkiewicz_2klatka_schodowa_dzwonek-768x1024.jpg\" alt=\"Dzwonek, II klatka schodowa. Fot. Agnieszka Sienkiewicz, 2021, \u017ar\u00f3d\u0142o: Studeo et Conservo\" data-id=\"7984\" data-full-url=\"http:\/\/lapidarium.fundacja-hereditas.pl\/wp-content\/uploads\/2022\/01\/22_WAW_Belwederska32_ASienkiewicz_2klatka_schodowa_dzwonek-scaled.jpg\" data-link=\"http:\/\/lapidarium.fundacja-hereditas.pl\/22_waw_belwederska32_asienkiewicz_2klatka_schodowa_dzwonek\/\" class=\"wp-image-7984\" srcset=\"http:\/\/lapidarium.fundacja-hereditas.pl\/wp-content\/uploads\/2022\/01\/22_WAW_Belwederska32_ASienkiewicz_2klatka_schodowa_dzwonek-768x1024.jpg 768w, http:\/\/lapidarium.fundacja-hereditas.pl\/wp-content\/uploads\/2022\/01\/22_WAW_Belwederska32_ASienkiewicz_2klatka_schodowa_dzwonek-225x300.jpg 225w, http:\/\/lapidarium.fundacja-hereditas.pl\/wp-content\/uploads\/2022\/01\/22_WAW_Belwederska32_ASienkiewicz_2klatka_schodowa_dzwonek-1152x1536.jpg 1152w, http:\/\/lapidarium.fundacja-hereditas.pl\/wp-content\/uploads\/2022\/01\/22_WAW_Belwederska32_ASienkiewicz_2klatka_schodowa_dzwonek-1536x2048.jpg 1536w, http:\/\/lapidarium.fundacja-hereditas.pl\/wp-content\/uploads\/2022\/01\/22_WAW_Belwederska32_ASienkiewicz_2klatka_schodowa_dzwonek-150x200.jpg 150w, http:\/\/lapidarium.fundacja-hereditas.pl\/wp-content\/uploads\/2022\/01\/22_WAW_Belwederska32_ASienkiewicz_2klatka_schodowa_dzwonek-300x400.jpg 300w, http:\/\/lapidarium.fundacja-hereditas.pl\/wp-content\/uploads\/2022\/01\/22_WAW_Belwederska32_ASienkiewicz_2klatka_schodowa_dzwonek-696x928.jpg 696w, http:\/\/lapidarium.fundacja-hereditas.pl\/wp-content\/uploads\/2022\/01\/22_WAW_Belwederska32_ASienkiewicz_2klatka_schodowa_dzwonek-1068x1424.jpg 1068w, http:\/\/lapidarium.fundacja-hereditas.pl\/wp-content\/uploads\/2022\/01\/22_WAW_Belwederska32_ASienkiewicz_2klatka_schodowa_dzwonek-scaled.jpg 1920w\" sizes=\"auto, (max-width: 768px) 100vw, 768px\" \/><\/a><figcaption class=\"blocks-gallery-item__caption\">Dzwonek, II klatka schodowa. Fot. Agnieszka Sienkiewicz, 2021, \u017ar\u00f3d\u0142o: Studeo et Conservo<\/figcaption><\/figure><\/li><li class=\"blocks-gallery-item\"><figure><a href=\"http:\/\/lapidarium.fundacja-hereditas.pl\/wp-content\/uploads\/2022\/01\/23_WAW_Belwederska32_ASienkiewicz_2klatka_schodowa_drewniana_tabliczka_z_numerem-scaled.jpg\"><img loading=\"lazy\" decoding=\"async\" width=\"768\" height=\"1024\" src=\"http:\/\/lapidarium.fundacja-hereditas.pl\/wp-content\/uploads\/2022\/01\/23_WAW_Belwederska32_ASienkiewicz_2klatka_schodowa_drewniana_tabliczka_z_numerem-768x1024.jpg\" alt=\"Tabliczka z numerem, II klatka schodowa. Fot. Agnieszka Sienkiewicz, 2021, \u017ar\u00f3d\u0142o: Studeo et Conservo\" data-id=\"7985\" data-full-url=\"http:\/\/lapidarium.fundacja-hereditas.pl\/wp-content\/uploads\/2022\/01\/23_WAW_Belwederska32_ASienkiewicz_2klatka_schodowa_drewniana_tabliczka_z_numerem-scaled.jpg\" data-link=\"http:\/\/lapidarium.fundacja-hereditas.pl\/23_waw_belwederska32_asienkiewicz_2klatka_schodowa_drewniana_tabliczka_z_numerem\/\" class=\"wp-image-7985\" srcset=\"http:\/\/lapidarium.fundacja-hereditas.pl\/wp-content\/uploads\/2022\/01\/23_WAW_Belwederska32_ASienkiewicz_2klatka_schodowa_drewniana_tabliczka_z_numerem-768x1024.jpg 768w, http:\/\/lapidarium.fundacja-hereditas.pl\/wp-content\/uploads\/2022\/01\/23_WAW_Belwederska32_ASienkiewicz_2klatka_schodowa_drewniana_tabliczka_z_numerem-225x300.jpg 225w, http:\/\/lapidarium.fundacja-hereditas.pl\/wp-content\/uploads\/2022\/01\/23_WAW_Belwederska32_ASienkiewicz_2klatka_schodowa_drewniana_tabliczka_z_numerem-1152x1536.jpg 1152w, http:\/\/lapidarium.fundacja-hereditas.pl\/wp-content\/uploads\/2022\/01\/23_WAW_Belwederska32_ASienkiewicz_2klatka_schodowa_drewniana_tabliczka_z_numerem-1536x2048.jpg 1536w, http:\/\/lapidarium.fundacja-hereditas.pl\/wp-content\/uploads\/2022\/01\/23_WAW_Belwederska32_ASienkiewicz_2klatka_schodowa_drewniana_tabliczka_z_numerem-150x200.jpg 150w, http:\/\/lapidarium.fundacja-hereditas.pl\/wp-content\/uploads\/2022\/01\/23_WAW_Belwederska32_ASienkiewicz_2klatka_schodowa_drewniana_tabliczka_z_numerem-scaled.jpg 1920w\" sizes=\"auto, (max-width: 768px) 100vw, 768px\" \/><\/a><figcaption class=\"blocks-gallery-item__caption\">Tabliczka z numerem, II klatka schodowa. Fot. Agnieszka Sienkiewicz, 2021, \u017ar\u00f3d\u0142o: Studeo et Conservo<\/figcaption><\/figure><\/li><li class=\"blocks-gallery-item\"><figure><a href=\"http:\/\/lapidarium.fundacja-hereditas.pl\/wp-content\/uploads\/2022\/01\/24_WAW_Belwederska32_podworko_BDabkowska-scaled.jpg\"><img loading=\"lazy\" decoding=\"async\" width=\"768\" height=\"1024\" src=\"http:\/\/lapidarium.fundacja-hereditas.pl\/wp-content\/uploads\/2022\/01\/24_WAW_Belwederska32_podworko_BDabkowska-768x1024.jpg\" alt=\"Elewacja tylna. Fot. B. D\u0105bkowska, 2021, \u017ar\u00f3d\u0142o: Studeo et Conservo\" data-id=\"7986\" data-full-url=\"http:\/\/lapidarium.fundacja-hereditas.pl\/wp-content\/uploads\/2022\/01\/24_WAW_Belwederska32_podworko_BDabkowska-scaled.jpg\" data-link=\"http:\/\/lapidarium.fundacja-hereditas.pl\/24_waw_belwederska32_podworko_bdabkowska\/\" class=\"wp-image-7986\" srcset=\"http:\/\/lapidarium.fundacja-hereditas.pl\/wp-content\/uploads\/2022\/01\/24_WAW_Belwederska32_podworko_BDabkowska-768x1024.jpg 768w, http:\/\/lapidarium.fundacja-hereditas.pl\/wp-content\/uploads\/2022\/01\/24_WAW_Belwederska32_podworko_BDabkowska-225x300.jpg 225w, http:\/\/lapidarium.fundacja-hereditas.pl\/wp-content\/uploads\/2022\/01\/24_WAW_Belwederska32_podworko_BDabkowska-1152x1536.jpg 1152w, http:\/\/lapidarium.fundacja-hereditas.pl\/wp-content\/uploads\/2022\/01\/24_WAW_Belwederska32_podworko_BDabkowska-1536x2048.jpg 1536w, http:\/\/lapidarium.fundacja-hereditas.pl\/wp-content\/uploads\/2022\/01\/24_WAW_Belwederska32_podworko_BDabkowska-150x200.jpg 150w, http:\/\/lapidarium.fundacja-hereditas.pl\/wp-content\/uploads\/2022\/01\/24_WAW_Belwederska32_podworko_BDabkowska-300x400.jpg 300w, http:\/\/lapidarium.fundacja-hereditas.pl\/wp-content\/uploads\/2022\/01\/24_WAW_Belwederska32_podworko_BDabkowska-696x928.jpg 696w, http:\/\/lapidarium.fundacja-hereditas.pl\/wp-content\/uploads\/2022\/01\/24_WAW_Belwederska32_podworko_BDabkowska-1068x1424.jpg 1068w, http:\/\/lapidarium.fundacja-hereditas.pl\/wp-content\/uploads\/2022\/01\/24_WAW_Belwederska32_podworko_BDabkowska-scaled.jpg 1920w\" sizes=\"auto, (max-width: 768px) 100vw, 768px\" \/><\/a><figcaption class=\"blocks-gallery-item__caption\">Elewacja tylna. Fot. B. D\u0105bkowska, 2021, \u017ar\u00f3d\u0142o: Studeo et Conservo<\/figcaption><\/figure><\/li><\/ul><\/figure>\n","protected":false},"excerpt":{"rendered":"<p>Modernistyczny budynek, 1938.<\/p>\n","protected":false},"author":3,"featured_media":7964,"comment_status":"open","ping_status":"open","sticky":false,"template":"","format":"standard","meta":{"footnotes":""},"categories":[111,4],"tags":[],"class_list":{"0":"post-7988","1":"post","2":"type-post","3":"status-publish","4":"format-standard","5":"has-post-thumbnail","7":"category-belwederska","8":"category-warszawa"},"_links":{"self":[{"href":"http:\/\/lapidarium.fundacja-hereditas.pl\/index.php\/wp-json\/wp\/v2\/posts\/7988","targetHints":{"allow":["GET"]}}],"collection":[{"href":"http:\/\/lapidarium.fundacja-hereditas.pl\/index.php\/wp-json\/wp\/v2\/posts"}],"about":[{"href":"http:\/\/lapidarium.fundacja-hereditas.pl\/index.php\/wp-json\/wp\/v2\/types\/post"}],"author":[{"embeddable":true,"href":"http:\/\/lapidarium.fundacja-hereditas.pl\/index.php\/wp-json\/wp\/v2\/users\/3"}],"replies":[{"embeddable":true,"href":"http:\/\/lapidarium.fundacja-hereditas.pl\/index.php\/wp-json\/wp\/v2\/comments?post=7988"}],"version-history":[{"count":2,"href":"http:\/\/lapidarium.fundacja-hereditas.pl\/index.php\/wp-json\/wp\/v2\/posts\/7988\/revisions"}],"predecessor-version":[{"id":7990,"href":"http:\/\/lapidarium.fundacja-hereditas.pl\/index.php\/wp-json\/wp\/v2\/posts\/7988\/revisions\/7990"}],"wp:featuredmedia":[{"embeddable":true,"href":"http:\/\/lapidarium.fundacja-hereditas.pl\/index.php\/wp-json\/wp\/v2\/media\/7964"}],"wp:attachment":[{"href":"http:\/\/lapidarium.fundacja-hereditas.pl\/index.php\/wp-json\/wp\/v2\/media?parent=7988"}],"wp:term":[{"taxonomy":"category","embeddable":true,"href":"http:\/\/lapidarium.fundacja-hereditas.pl\/index.php\/wp-json\/wp\/v2\/categories?post=7988"},{"taxonomy":"post_tag","embeddable":true,"href":"http:\/\/lapidarium.fundacja-hereditas.pl\/index.php\/wp-json\/wp\/v2\/tags?post=7988"}],"curies":[{"name":"wp","href":"https:\/\/api.w.org\/{rel}","templated":true}]}}