{"id":7599,"date":"2021-12-30T20:38:09","date_gmt":"2021-12-30T19:38:09","guid":{"rendered":"http:\/\/lapidarium.fundacja-hereditas.pl\/?p=7599"},"modified":"2021-12-30T20:41:45","modified_gmt":"2021-12-30T19:41:45","slug":"kamienica-ul-skargi-5-pultusk","status":"publish","type":"post","link":"http:\/\/lapidarium.fundacja-hereditas.pl\/index.php\/2021\/12\/30\/kamienica-ul-skargi-5-pultusk\/","title":{"rendered":"Kamienica, ul. Skargi 5, Pu\u0142tusk"},"content":{"rendered":"\n<p>Dom wielorodzinny.<\/p>\n\n\n\n<p>Dodatkowe zdj\u0119cia obiekt\u00f3w udost\u0119pniamy na \u017cyczenie. Osoby zainteresowane prosimy o kontakt z Fundacj\u0105 Hereditas.<\/p>\n\n\n\n<figure class=\"wp-block-gallery columns-3 is-cropped wp-block-gallery-1 is-layout-flex wp-block-gallery-is-layout-flex\"><ul class=\"blocks-gallery-grid\"><li class=\"blocks-gallery-item\"><figure><a href=\"http:\/\/lapidarium.fundacja-hereditas.pl\/wp-content\/uploads\/2021\/12\/1_Pultusk_Skargi5_Elewacja_frontowa_Cecylia_Rotter-scaled.jpg\"><img loading=\"lazy\" decoding=\"async\" width=\"1024\" height=\"683\" src=\"http:\/\/lapidarium.fundacja-hereditas.pl\/wp-content\/uploads\/2021\/12\/1_Pultusk_Skargi5_Elewacja_frontowa_Cecylia_Rotter-1024x683.jpg\" alt=\"Elewacja frontowa. Fot. Cecylia Rotter, 2021, \u017ar\u00f3d\u0142o: Res in Ornamento\" data-id=\"7587\" data-full-url=\"http:\/\/lapidarium.fundacja-hereditas.pl\/wp-content\/uploads\/2021\/12\/1_Pultusk_Skargi5_Elewacja_frontowa_Cecylia_Rotter-scaled.jpg\" data-link=\"http:\/\/lapidarium.fundacja-hereditas.pl\/1_pultusk_skargi5_elewacja_frontowa_cecylia_rotter\/\" class=\"wp-image-7587\" srcset=\"http:\/\/lapidarium.fundacja-hereditas.pl\/wp-content\/uploads\/2021\/12\/1_Pultusk_Skargi5_Elewacja_frontowa_Cecylia_Rotter-1024x683.jpg 1024w, http:\/\/lapidarium.fundacja-hereditas.pl\/wp-content\/uploads\/2021\/12\/1_Pultusk_Skargi5_Elewacja_frontowa_Cecylia_Rotter-300x200.jpg 300w, http:\/\/lapidarium.fundacja-hereditas.pl\/wp-content\/uploads\/2021\/12\/1_Pultusk_Skargi5_Elewacja_frontowa_Cecylia_Rotter-768x512.jpg 768w, http:\/\/lapidarium.fundacja-hereditas.pl\/wp-content\/uploads\/2021\/12\/1_Pultusk_Skargi5_Elewacja_frontowa_Cecylia_Rotter-1536x1024.jpg 1536w, http:\/\/lapidarium.fundacja-hereditas.pl\/wp-content\/uploads\/2021\/12\/1_Pultusk_Skargi5_Elewacja_frontowa_Cecylia_Rotter-2048x1365.jpg 2048w, http:\/\/lapidarium.fundacja-hereditas.pl\/wp-content\/uploads\/2021\/12\/1_Pultusk_Skargi5_Elewacja_frontowa_Cecylia_Rotter-150x100.jpg 150w, http:\/\/lapidarium.fundacja-hereditas.pl\/wp-content\/uploads\/2021\/12\/1_Pultusk_Skargi5_Elewacja_frontowa_Cecylia_Rotter-696x464.jpg 696w, http:\/\/lapidarium.fundacja-hereditas.pl\/wp-content\/uploads\/2021\/12\/1_Pultusk_Skargi5_Elewacja_frontowa_Cecylia_Rotter-1068x712.jpg 1068w, http:\/\/lapidarium.fundacja-hereditas.pl\/wp-content\/uploads\/2021\/12\/1_Pultusk_Skargi5_Elewacja_frontowa_Cecylia_Rotter-1920x1280.jpg 1920w\" sizes=\"auto, (max-width: 1024px) 100vw, 1024px\" \/><\/a><figcaption class=\"blocks-gallery-item__caption\">Elewacja frontowa. Fot. Cecylia Rotter, 2021, \u017ar\u00f3d\u0142o: Res in Ornamento<\/figcaption><\/figure><\/li><li class=\"blocks-gallery-item\"><figure><a href=\"http:\/\/lapidarium.fundacja-hereditas.pl\/wp-content\/uploads\/2021\/12\/2_Pultusk_Balkon_Skargi5_BRudzisz-scaled.jpg\"><img loading=\"lazy\" decoding=\"async\" width=\"1024\" height=\"768\" src=\"http:\/\/lapidarium.fundacja-hereditas.pl\/wp-content\/uploads\/2021\/12\/2_Pultusk_Balkon_Skargi5_BRudzisz-1024x768.jpg\" alt=\"Balkon, elewacja frontowa. Fot. Bo\u017cena Rudzisz, 2021, \u017ar\u00f3d\u0142o: Res in Ornamento\" data-id=\"7588\" data-full-url=\"http:\/\/lapidarium.fundacja-hereditas.pl\/wp-content\/uploads\/2021\/12\/2_Pultusk_Balkon_Skargi5_BRudzisz-scaled.jpg\" data-link=\"http:\/\/lapidarium.fundacja-hereditas.pl\/2_pultusk_balkon_skargi5_brudzisz\/\" class=\"wp-image-7588\" srcset=\"http:\/\/lapidarium.fundacja-hereditas.pl\/wp-content\/uploads\/2021\/12\/2_Pultusk_Balkon_Skargi5_BRudzisz-1024x768.jpg 1024w, http:\/\/lapidarium.fundacja-hereditas.pl\/wp-content\/uploads\/2021\/12\/2_Pultusk_Balkon_Skargi5_BRudzisz-300x225.jpg 300w, http:\/\/lapidarium.fundacja-hereditas.pl\/wp-content\/uploads\/2021\/12\/2_Pultusk_Balkon_Skargi5_BRudzisz-768x576.jpg 768w, http:\/\/lapidarium.fundacja-hereditas.pl\/wp-content\/uploads\/2021\/12\/2_Pultusk_Balkon_Skargi5_BRudzisz-1536x1152.jpg 1536w, http:\/\/lapidarium.fundacja-hereditas.pl\/wp-content\/uploads\/2021\/12\/2_Pultusk_Balkon_Skargi5_BRudzisz-2048x1536.jpg 2048w, http:\/\/lapidarium.fundacja-hereditas.pl\/wp-content\/uploads\/2021\/12\/2_Pultusk_Balkon_Skargi5_BRudzisz-150x113.jpg 150w, http:\/\/lapidarium.fundacja-hereditas.pl\/wp-content\/uploads\/2021\/12\/2_Pultusk_Balkon_Skargi5_BRudzisz-696x522.jpg 696w, http:\/\/lapidarium.fundacja-hereditas.pl\/wp-content\/uploads\/2021\/12\/2_Pultusk_Balkon_Skargi5_BRudzisz-1068x801.jpg 1068w, http:\/\/lapidarium.fundacja-hereditas.pl\/wp-content\/uploads\/2021\/12\/2_Pultusk_Balkon_Skargi5_BRudzisz-1920x1440.jpg 1920w\" sizes=\"auto, (max-width: 1024px) 100vw, 1024px\" \/><\/a><figcaption class=\"blocks-gallery-item__caption\">Balkon, elewacja frontowa. Fot. Bo\u017cena Rudzisz, 2021, \u017ar\u00f3d\u0142o: Res in Ornamento<\/figcaption><\/figure><\/li><li class=\"blocks-gallery-item\"><figure><a href=\"http:\/\/lapidarium.fundacja-hereditas.pl\/wp-content\/uploads\/2021\/12\/3_Pultusk_balkon_Skargi5_BRudzisz-scaled.jpg\"><img loading=\"lazy\" decoding=\"async\" width=\"1920\" height=\"2560\" src=\"http:\/\/lapidarium.fundacja-hereditas.pl\/wp-content\/uploads\/2021\/12\/3_Pultusk_balkon_Skargi5_BRudzisz-scaled.jpg\" alt=\"Balustrada balkonu, elewacja frontowa. Fot. Bo\u017cena Rudzisz, 2021, \u017ar\u00f3d\u0142o: Res in Ornamento\" data-id=\"7589\" data-full-url=\"http:\/\/lapidarium.fundacja-hereditas.pl\/wp-content\/uploads\/2021\/12\/3_Pultusk_balkon_Skargi5_BRudzisz-scaled.jpg\" data-link=\"http:\/\/lapidarium.fundacja-hereditas.pl\/3_pultusk_balkon_skargi5_brudzisz\/\" class=\"wp-image-7589\" srcset=\"http:\/\/lapidarium.fundacja-hereditas.pl\/wp-content\/uploads\/2021\/12\/3_Pultusk_balkon_Skargi5_BRudzisz-scaled.jpg 1920w, http:\/\/lapidarium.fundacja-hereditas.pl\/wp-content\/uploads\/2021\/12\/3_Pultusk_balkon_Skargi5_BRudzisz-225x300.jpg 225w\" sizes=\"auto, (max-width: 1920px) 100vw, 1920px\" \/><\/a><figcaption class=\"blocks-gallery-item__caption\">Balustrada balkonu, elewacja frontowa. Fot. Bo\u017cena Rudzisz, 2021, \u017ar\u00f3d\u0142o: Res in Ornamento<\/figcaption><\/figure><\/li><li class=\"blocks-gallery-item\"><figure><a href=\"http:\/\/lapidarium.fundacja-hereditas.pl\/wp-content\/uploads\/2021\/12\/4_Pultusk_Skargi5_wspornika_balkonowy_Cecylia_Rotter-scaled.jpg\"><img loading=\"lazy\" decoding=\"async\" width=\"1024\" height=\"683\" src=\"http:\/\/lapidarium.fundacja-hereditas.pl\/wp-content\/uploads\/2021\/12\/4_Pultusk_Skargi5_wspornika_balkonowy_Cecylia_Rotter-1024x683.jpg\" alt=\"Wspornik balkonu, elewacja frontowa. Fot. Cecylia Rotter, 2021, \u017ar\u00f3d\u0142o: Res in Ornamento\" data-id=\"7590\" data-full-url=\"http:\/\/lapidarium.fundacja-hereditas.pl\/wp-content\/uploads\/2021\/12\/4_Pultusk_Skargi5_wspornika_balkonowy_Cecylia_Rotter-scaled.jpg\" data-link=\"http:\/\/lapidarium.fundacja-hereditas.pl\/4_pultusk_skargi5_wspornika_balkonowy_cecylia_rotter\/\" class=\"wp-image-7590\" srcset=\"http:\/\/lapidarium.fundacja-hereditas.pl\/wp-content\/uploads\/2021\/12\/4_Pultusk_Skargi5_wspornika_balkonowy_Cecylia_Rotter-1024x683.jpg 1024w, http:\/\/lapidarium.fundacja-hereditas.pl\/wp-content\/uploads\/2021\/12\/4_Pultusk_Skargi5_wspornika_balkonowy_Cecylia_Rotter-300x200.jpg 300w, http:\/\/lapidarium.fundacja-hereditas.pl\/wp-content\/uploads\/2021\/12\/4_Pultusk_Skargi5_wspornika_balkonowy_Cecylia_Rotter-768x512.jpg 768w, http:\/\/lapidarium.fundacja-hereditas.pl\/wp-content\/uploads\/2021\/12\/4_Pultusk_Skargi5_wspornika_balkonowy_Cecylia_Rotter-1536x1024.jpg 1536w, http:\/\/lapidarium.fundacja-hereditas.pl\/wp-content\/uploads\/2021\/12\/4_Pultusk_Skargi5_wspornika_balkonowy_Cecylia_Rotter-2048x1365.jpg 2048w, http:\/\/lapidarium.fundacja-hereditas.pl\/wp-content\/uploads\/2021\/12\/4_Pultusk_Skargi5_wspornika_balkonowy_Cecylia_Rotter-150x100.jpg 150w, http:\/\/lapidarium.fundacja-hereditas.pl\/wp-content\/uploads\/2021\/12\/4_Pultusk_Skargi5_wspornika_balkonowy_Cecylia_Rotter-696x464.jpg 696w, http:\/\/lapidarium.fundacja-hereditas.pl\/wp-content\/uploads\/2021\/12\/4_Pultusk_Skargi5_wspornika_balkonowy_Cecylia_Rotter-1068x712.jpg 1068w, http:\/\/lapidarium.fundacja-hereditas.pl\/wp-content\/uploads\/2021\/12\/4_Pultusk_Skargi5_wspornika_balkonowy_Cecylia_Rotter-1920x1280.jpg 1920w\" sizes=\"auto, (max-width: 1024px) 100vw, 1024px\" \/><\/a><figcaption class=\"blocks-gallery-item__caption\">Wspornik balkonu, elewacja frontowa. Fot. Cecylia Rotter, 2021, \u017ar\u00f3d\u0142o: Res in Ornamento<\/figcaption><\/figure><\/li><li class=\"blocks-gallery-item\"><figure><a href=\"http:\/\/lapidarium.fundacja-hereditas.pl\/wp-content\/uploads\/2021\/12\/5_Pultusk_Skargi5_Okna_elewacji_frontowej1pietro_Cecylia_Rotter-scaled.jpg\"><img loading=\"lazy\" decoding=\"async\" width=\"1024\" height=\"682\" src=\"http:\/\/lapidarium.fundacja-hereditas.pl\/wp-content\/uploads\/2021\/12\/5_Pultusk_Skargi5_Okna_elewacji_frontowej1pietro_Cecylia_Rotter-1024x682.jpg\" alt=\"Okna, I pi\u0119tro, elewacja frontowa. Fot. Cecylia Rotter, 2021, \u017ar\u00f3d\u0142o: Res in Ornamento\" data-id=\"7591\" data-full-url=\"http:\/\/lapidarium.fundacja-hereditas.pl\/wp-content\/uploads\/2021\/12\/5_Pultusk_Skargi5_Okna_elewacji_frontowej1pietro_Cecylia_Rotter-scaled.jpg\" data-link=\"http:\/\/lapidarium.fundacja-hereditas.pl\/5_pultusk_skargi5_okna_elewacji_frontowej1pietro_cecylia_rotter\/\" class=\"wp-image-7591\" srcset=\"http:\/\/lapidarium.fundacja-hereditas.pl\/wp-content\/uploads\/2021\/12\/5_Pultusk_Skargi5_Okna_elewacji_frontowej1pietro_Cecylia_Rotter-1024x682.jpg 1024w, http:\/\/lapidarium.fundacja-hereditas.pl\/wp-content\/uploads\/2021\/12\/5_Pultusk_Skargi5_Okna_elewacji_frontowej1pietro_Cecylia_Rotter-300x200.jpg 300w, http:\/\/lapidarium.fundacja-hereditas.pl\/wp-content\/uploads\/2021\/12\/5_Pultusk_Skargi5_Okna_elewacji_frontowej1pietro_Cecylia_Rotter-768x512.jpg 768w, http:\/\/lapidarium.fundacja-hereditas.pl\/wp-content\/uploads\/2021\/12\/5_Pultusk_Skargi5_Okna_elewacji_frontowej1pietro_Cecylia_Rotter-1536x1024.jpg 1536w, http:\/\/lapidarium.fundacja-hereditas.pl\/wp-content\/uploads\/2021\/12\/5_Pultusk_Skargi5_Okna_elewacji_frontowej1pietro_Cecylia_Rotter-2048x1365.jpg 2048w, http:\/\/lapidarium.fundacja-hereditas.pl\/wp-content\/uploads\/2021\/12\/5_Pultusk_Skargi5_Okna_elewacji_frontowej1pietro_Cecylia_Rotter-150x100.jpg 150w, http:\/\/lapidarium.fundacja-hereditas.pl\/wp-content\/uploads\/2021\/12\/5_Pultusk_Skargi5_Okna_elewacji_frontowej1pietro_Cecylia_Rotter-696x464.jpg 696w, http:\/\/lapidarium.fundacja-hereditas.pl\/wp-content\/uploads\/2021\/12\/5_Pultusk_Skargi5_Okna_elewacji_frontowej1pietro_Cecylia_Rotter-1068x712.jpg 1068w\" sizes=\"auto, (max-width: 1024px) 100vw, 1024px\" \/><\/a><figcaption class=\"blocks-gallery-item__caption\">Okna, I pi\u0119tro, elewacja frontowa. Fot. Cecylia Rotter, 2021, \u017ar\u00f3d\u0142o: Res in Ornamento<\/figcaption><\/figure><\/li><li class=\"blocks-gallery-item\"><figure><a href=\"http:\/\/lapidarium.fundacja-hereditas.pl\/wp-content\/uploads\/2021\/12\/6_Pultusk_Skargi5_elewacjaboczna_Cecylia_Rotter-scaled.jpg\"><img loading=\"lazy\" decoding=\"async\" width=\"814\" height=\"1024\" src=\"http:\/\/lapidarium.fundacja-hereditas.pl\/wp-content\/uploads\/2021\/12\/6_Pultusk_Skargi5_elewacjaboczna_Cecylia_Rotter-814x1024.jpg\" alt=\"Elewacja boczna. Fot. Cecylia Rotter, 2021, \u017ar\u00f3d\u0142o: Res in Ornamento\" data-id=\"7592\" data-full-url=\"http:\/\/lapidarium.fundacja-hereditas.pl\/wp-content\/uploads\/2021\/12\/6_Pultusk_Skargi5_elewacjaboczna_Cecylia_Rotter-scaled.jpg\" data-link=\"http:\/\/lapidarium.fundacja-hereditas.pl\/6_pultusk_skargi5_elewacjaboczna_cecylia_rotter\/\" class=\"wp-image-7592\" srcset=\"http:\/\/lapidarium.fundacja-hereditas.pl\/wp-content\/uploads\/2021\/12\/6_Pultusk_Skargi5_elewacjaboczna_Cecylia_Rotter-814x1024.jpg 814w, http:\/\/lapidarium.fundacja-hereditas.pl\/wp-content\/uploads\/2021\/12\/6_Pultusk_Skargi5_elewacjaboczna_Cecylia_Rotter-238x300.jpg 238w, http:\/\/lapidarium.fundacja-hereditas.pl\/wp-content\/uploads\/2021\/12\/6_Pultusk_Skargi5_elewacjaboczna_Cecylia_Rotter-768x966.jpg 768w, http:\/\/lapidarium.fundacja-hereditas.pl\/wp-content\/uploads\/2021\/12\/6_Pultusk_Skargi5_elewacjaboczna_Cecylia_Rotter-1221x1536.jpg 1221w, http:\/\/lapidarium.fundacja-hereditas.pl\/wp-content\/uploads\/2021\/12\/6_Pultusk_Skargi5_elewacjaboczna_Cecylia_Rotter-1628x2048.jpg 1628w, http:\/\/lapidarium.fundacja-hereditas.pl\/wp-content\/uploads\/2021\/12\/6_Pultusk_Skargi5_elewacjaboczna_Cecylia_Rotter-150x189.jpg 150w, http:\/\/lapidarium.fundacja-hereditas.pl\/wp-content\/uploads\/2021\/12\/6_Pultusk_Skargi5_elewacjaboczna_Cecylia_Rotter-300x377.jpg 300w, http:\/\/lapidarium.fundacja-hereditas.pl\/wp-content\/uploads\/2021\/12\/6_Pultusk_Skargi5_elewacjaboczna_Cecylia_Rotter-696x876.jpg 696w, http:\/\/lapidarium.fundacja-hereditas.pl\/wp-content\/uploads\/2021\/12\/6_Pultusk_Skargi5_elewacjaboczna_Cecylia_Rotter-1068x1344.jpg 1068w, http:\/\/lapidarium.fundacja-hereditas.pl\/wp-content\/uploads\/2021\/12\/6_Pultusk_Skargi5_elewacjaboczna_Cecylia_Rotter-1920x2416.jpg 1920w, http:\/\/lapidarium.fundacja-hereditas.pl\/wp-content\/uploads\/2021\/12\/6_Pultusk_Skargi5_elewacjaboczna_Cecylia_Rotter-scaled.jpg 2034w\" sizes=\"auto, (max-width: 814px) 100vw, 814px\" \/><\/a><figcaption class=\"blocks-gallery-item__caption\">Elewacja boczna. Fot. Cecylia Rotter, 2021, \u017ar\u00f3d\u0142o: Res in Ornamento<\/figcaption><\/figure><\/li><li class=\"blocks-gallery-item\"><figure><a href=\"http:\/\/lapidarium.fundacja-hereditas.pl\/wp-content\/uploads\/2021\/12\/7_Pultusk_Skargi5_przejazd_bramny_Cecylia_Rotter-scaled.jpg\"><img loading=\"lazy\" decoding=\"async\" width=\"683\" height=\"1024\" src=\"http:\/\/lapidarium.fundacja-hereditas.pl\/wp-content\/uploads\/2021\/12\/7_Pultusk_Skargi5_przejazd_bramny_Cecylia_Rotter-683x1024.jpg\" alt=\"Przejazd bramny. Fot. Cecylia Rotter, 2021, \u017ar\u00f3d\u0142o: Res in Ornamento\" data-id=\"7593\" data-full-url=\"http:\/\/lapidarium.fundacja-hereditas.pl\/wp-content\/uploads\/2021\/12\/7_Pultusk_Skargi5_przejazd_bramny_Cecylia_Rotter-scaled.jpg\" data-link=\"http:\/\/lapidarium.fundacja-hereditas.pl\/7_pultusk_skargi5_przejazd_bramny_cecylia_rotter\/\" class=\"wp-image-7593\" srcset=\"http:\/\/lapidarium.fundacja-hereditas.pl\/wp-content\/uploads\/2021\/12\/7_Pultusk_Skargi5_przejazd_bramny_Cecylia_Rotter-683x1024.jpg 683w, http:\/\/lapidarium.fundacja-hereditas.pl\/wp-content\/uploads\/2021\/12\/7_Pultusk_Skargi5_przejazd_bramny_Cecylia_Rotter-200x300.jpg 200w, http:\/\/lapidarium.fundacja-hereditas.pl\/wp-content\/uploads\/2021\/12\/7_Pultusk_Skargi5_przejazd_bramny_Cecylia_Rotter-768x1152.jpg 768w, http:\/\/lapidarium.fundacja-hereditas.pl\/wp-content\/uploads\/2021\/12\/7_Pultusk_Skargi5_przejazd_bramny_Cecylia_Rotter-1024x1536.jpg 1024w, http:\/\/lapidarium.fundacja-hereditas.pl\/wp-content\/uploads\/2021\/12\/7_Pultusk_Skargi5_przejazd_bramny_Cecylia_Rotter-1365x2048.jpg 1365w, http:\/\/lapidarium.fundacja-hereditas.pl\/wp-content\/uploads\/2021\/12\/7_Pultusk_Skargi5_przejazd_bramny_Cecylia_Rotter-150x225.jpg 150w, http:\/\/lapidarium.fundacja-hereditas.pl\/wp-content\/uploads\/2021\/12\/7_Pultusk_Skargi5_przejazd_bramny_Cecylia_Rotter-300x450.jpg 300w, http:\/\/lapidarium.fundacja-hereditas.pl\/wp-content\/uploads\/2021\/12\/7_Pultusk_Skargi5_przejazd_bramny_Cecylia_Rotter-696x1044.jpg 696w, http:\/\/lapidarium.fundacja-hereditas.pl\/wp-content\/uploads\/2021\/12\/7_Pultusk_Skargi5_przejazd_bramny_Cecylia_Rotter-scaled.jpg 1707w\" sizes=\"auto, (max-width: 683px) 100vw, 683px\" \/><\/a><figcaption class=\"blocks-gallery-item__caption\">Przejazd bramny. Fot. Cecylia Rotter, 2021, \u017ar\u00f3d\u0142o: Res in Ornamento<\/figcaption><\/figure><\/li><li class=\"blocks-gallery-item\"><figure><a href=\"http:\/\/lapidarium.fundacja-hereditas.pl\/wp-content\/uploads\/2021\/12\/8_Pultusk_Skargi5_Klatka_schodowa_parter_Cecylia_Rotter-scaled.jpg\"><img loading=\"lazy\" decoding=\"async\" width=\"683\" height=\"1024\" src=\"http:\/\/lapidarium.fundacja-hereditas.pl\/wp-content\/uploads\/2021\/12\/8_Pultusk_Skargi5_Klatka_schodowa_parter_Cecylia_Rotter-683x1024.jpg\" alt=\"Klatka schodowa, parter. Fot. Cecylia Rotter, 2021, \u017ar\u00f3d\u0142o: Res in Ornamento\" data-id=\"7594\" data-full-url=\"http:\/\/lapidarium.fundacja-hereditas.pl\/wp-content\/uploads\/2021\/12\/8_Pultusk_Skargi5_Klatka_schodowa_parter_Cecylia_Rotter-scaled.jpg\" data-link=\"http:\/\/lapidarium.fundacja-hereditas.pl\/8_pultusk_skargi5_klatka_schodowa_parter_cecylia_rotter\/\" class=\"wp-image-7594\" srcset=\"http:\/\/lapidarium.fundacja-hereditas.pl\/wp-content\/uploads\/2021\/12\/8_Pultusk_Skargi5_Klatka_schodowa_parter_Cecylia_Rotter-683x1024.jpg 683w, http:\/\/lapidarium.fundacja-hereditas.pl\/wp-content\/uploads\/2021\/12\/8_Pultusk_Skargi5_Klatka_schodowa_parter_Cecylia_Rotter-200x300.jpg 200w, http:\/\/lapidarium.fundacja-hereditas.pl\/wp-content\/uploads\/2021\/12\/8_Pultusk_Skargi5_Klatka_schodowa_parter_Cecylia_Rotter-768x1152.jpg 768w, http:\/\/lapidarium.fundacja-hereditas.pl\/wp-content\/uploads\/2021\/12\/8_Pultusk_Skargi5_Klatka_schodowa_parter_Cecylia_Rotter-1024x1536.jpg 1024w, http:\/\/lapidarium.fundacja-hereditas.pl\/wp-content\/uploads\/2021\/12\/8_Pultusk_Skargi5_Klatka_schodowa_parter_Cecylia_Rotter-1365x2048.jpg 1365w, http:\/\/lapidarium.fundacja-hereditas.pl\/wp-content\/uploads\/2021\/12\/8_Pultusk_Skargi5_Klatka_schodowa_parter_Cecylia_Rotter-150x225.jpg 150w, http:\/\/lapidarium.fundacja-hereditas.pl\/wp-content\/uploads\/2021\/12\/8_Pultusk_Skargi5_Klatka_schodowa_parter_Cecylia_Rotter-300x450.jpg 300w, http:\/\/lapidarium.fundacja-hereditas.pl\/wp-content\/uploads\/2021\/12\/8_Pultusk_Skargi5_Klatka_schodowa_parter_Cecylia_Rotter-696x1044.jpg 696w, http:\/\/lapidarium.fundacja-hereditas.pl\/wp-content\/uploads\/2021\/12\/8_Pultusk_Skargi5_Klatka_schodowa_parter_Cecylia_Rotter-1068x1602.jpg 1068w, http:\/\/lapidarium.fundacja-hereditas.pl\/wp-content\/uploads\/2021\/12\/8_Pultusk_Skargi5_Klatka_schodowa_parter_Cecylia_Rotter-1920x2880.jpg 1920w, http:\/\/lapidarium.fundacja-hereditas.pl\/wp-content\/uploads\/2021\/12\/8_Pultusk_Skargi5_Klatka_schodowa_parter_Cecylia_Rotter-scaled.jpg 1707w\" sizes=\"auto, (max-width: 683px) 100vw, 683px\" \/><\/a><figcaption class=\"blocks-gallery-item__caption\">Klatka schodowa, parter. Fot. Cecylia Rotter, 2021, \u017ar\u00f3d\u0142o: Res in Ornamento<\/figcaption><\/figure><\/li><li class=\"blocks-gallery-item\"><figure><a href=\"http:\/\/lapidarium.fundacja-hereditas.pl\/wp-content\/uploads\/2021\/12\/9_Pultusk_Skargi5_Klatka_schodowa_balustraca_Cecylia_Rotter-scaled.jpg\"><img loading=\"lazy\" decoding=\"async\" width=\"683\" height=\"1024\" src=\"http:\/\/lapidarium.fundacja-hereditas.pl\/wp-content\/uploads\/2021\/12\/9_Pultusk_Skargi5_Klatka_schodowa_balustraca_Cecylia_Rotter-683x1024.jpg\" alt=\"Balustrada, klatka schodowa. Fot. Cecylia Rotter, 2021, \u017ar\u00f3d\u0142o: Res in Ornamento\" data-id=\"7595\" data-full-url=\"http:\/\/lapidarium.fundacja-hereditas.pl\/wp-content\/uploads\/2021\/12\/9_Pultusk_Skargi5_Klatka_schodowa_balustraca_Cecylia_Rotter-scaled.jpg\" data-link=\"http:\/\/lapidarium.fundacja-hereditas.pl\/9_pultusk_skargi5_klatka_schodowa_balustraca_cecylia_rotter\/\" class=\"wp-image-7595\" srcset=\"http:\/\/lapidarium.fundacja-hereditas.pl\/wp-content\/uploads\/2021\/12\/9_Pultusk_Skargi5_Klatka_schodowa_balustraca_Cecylia_Rotter-683x1024.jpg 683w, http:\/\/lapidarium.fundacja-hereditas.pl\/wp-content\/uploads\/2021\/12\/9_Pultusk_Skargi5_Klatka_schodowa_balustraca_Cecylia_Rotter-200x300.jpg 200w, http:\/\/lapidarium.fundacja-hereditas.pl\/wp-content\/uploads\/2021\/12\/9_Pultusk_Skargi5_Klatka_schodowa_balustraca_Cecylia_Rotter-768x1152.jpg 768w, http:\/\/lapidarium.fundacja-hereditas.pl\/wp-content\/uploads\/2021\/12\/9_Pultusk_Skargi5_Klatka_schodowa_balustraca_Cecylia_Rotter-1024x1536.jpg 1024w, http:\/\/lapidarium.fundacja-hereditas.pl\/wp-content\/uploads\/2021\/12\/9_Pultusk_Skargi5_Klatka_schodowa_balustraca_Cecylia_Rotter-1365x2048.jpg 1365w, http:\/\/lapidarium.fundacja-hereditas.pl\/wp-content\/uploads\/2021\/12\/9_Pultusk_Skargi5_Klatka_schodowa_balustraca_Cecylia_Rotter-150x225.jpg 150w, http:\/\/lapidarium.fundacja-hereditas.pl\/wp-content\/uploads\/2021\/12\/9_Pultusk_Skargi5_Klatka_schodowa_balustraca_Cecylia_Rotter-300x450.jpg 300w, http:\/\/lapidarium.fundacja-hereditas.pl\/wp-content\/uploads\/2021\/12\/9_Pultusk_Skargi5_Klatka_schodowa_balustraca_Cecylia_Rotter-scaled.jpg 1707w\" sizes=\"auto, (max-width: 683px) 100vw, 683px\" \/><\/a><figcaption class=\"blocks-gallery-item__caption\">Balustrada, klatka schodowa. Fot. Cecylia Rotter, 2021, \u017ar\u00f3d\u0142o: Res in Ornamento<\/figcaption><\/figure><\/li><li class=\"blocks-gallery-item\"><figure><a href=\"http:\/\/lapidarium.fundacja-hereditas.pl\/wp-content\/uploads\/2021\/12\/10_Pultusk_Skargi5_klatka_schodowa_polpietro_Cecylia_Rotter-scaled.jpg\"><img loading=\"lazy\" decoding=\"async\" width=\"1024\" height=\"683\" src=\"http:\/\/lapidarium.fundacja-hereditas.pl\/wp-content\/uploads\/2021\/12\/10_Pultusk_Skargi5_klatka_schodowa_polpietro_Cecylia_Rotter-1024x683.jpg\" alt=\"S\u0142upek balustrady, klatka schodowa. Fot. Cecylia Rotter, 2021, \u017ar\u00f3d\u0142o: Res in Ornamento\" data-id=\"7596\" data-full-url=\"http:\/\/lapidarium.fundacja-hereditas.pl\/wp-content\/uploads\/2021\/12\/10_Pultusk_Skargi5_klatka_schodowa_polpietro_Cecylia_Rotter-scaled.jpg\" data-link=\"http:\/\/lapidarium.fundacja-hereditas.pl\/10_pultusk_skargi5_klatka_schodowa_polpietro_cecylia_rotter\/\" class=\"wp-image-7596\" srcset=\"http:\/\/lapidarium.fundacja-hereditas.pl\/wp-content\/uploads\/2021\/12\/10_Pultusk_Skargi5_klatka_schodowa_polpietro_Cecylia_Rotter-1024x683.jpg 1024w, http:\/\/lapidarium.fundacja-hereditas.pl\/wp-content\/uploads\/2021\/12\/10_Pultusk_Skargi5_klatka_schodowa_polpietro_Cecylia_Rotter-300x200.jpg 300w, http:\/\/lapidarium.fundacja-hereditas.pl\/wp-content\/uploads\/2021\/12\/10_Pultusk_Skargi5_klatka_schodowa_polpietro_Cecylia_Rotter-768x512.jpg 768w, http:\/\/lapidarium.fundacja-hereditas.pl\/wp-content\/uploads\/2021\/12\/10_Pultusk_Skargi5_klatka_schodowa_polpietro_Cecylia_Rotter-1536x1024.jpg 1536w, http:\/\/lapidarium.fundacja-hereditas.pl\/wp-content\/uploads\/2021\/12\/10_Pultusk_Skargi5_klatka_schodowa_polpietro_Cecylia_Rotter-2048x1365.jpg 2048w, http:\/\/lapidarium.fundacja-hereditas.pl\/wp-content\/uploads\/2021\/12\/10_Pultusk_Skargi5_klatka_schodowa_polpietro_Cecylia_Rotter-150x100.jpg 150w, http:\/\/lapidarium.fundacja-hereditas.pl\/wp-content\/uploads\/2021\/12\/10_Pultusk_Skargi5_klatka_schodowa_polpietro_Cecylia_Rotter-696x464.jpg 696w, http:\/\/lapidarium.fundacja-hereditas.pl\/wp-content\/uploads\/2021\/12\/10_Pultusk_Skargi5_klatka_schodowa_polpietro_Cecylia_Rotter-1068x712.jpg 1068w, http:\/\/lapidarium.fundacja-hereditas.pl\/wp-content\/uploads\/2021\/12\/10_Pultusk_Skargi5_klatka_schodowa_polpietro_Cecylia_Rotter-1920x1280.jpg 1920w\" sizes=\"auto, (max-width: 1024px) 100vw, 1024px\" \/><\/a><figcaption class=\"blocks-gallery-item__caption\">S\u0142upek balustrady, klatka schodowa. Fot. Cecylia Rotter, 2021, \u017ar\u00f3d\u0142o: Res in Ornamento<\/figcaption><\/figure><\/li><li class=\"blocks-gallery-item\"><figure><a href=\"http:\/\/lapidarium.fundacja-hereditas.pl\/wp-content\/uploads\/2021\/12\/11_20210912_Pultusk_TAdamiak_9144_Skargi_5-scaled.jpg\"><img loading=\"lazy\" decoding=\"async\" width=\"680\" height=\"1024\" src=\"http:\/\/lapidarium.fundacja-hereditas.pl\/wp-content\/uploads\/2021\/12\/11_20210912_Pultusk_TAdamiak_9144_Skargi_5-680x1024.jpg\" alt=\"Klatka schodowa. Fot. Teresa Adamiak, 2021, \u017ar\u00f3d\u0142o: Res in Ornamento\" data-id=\"7597\" data-full-url=\"http:\/\/lapidarium.fundacja-hereditas.pl\/wp-content\/uploads\/2021\/12\/11_20210912_Pultusk_TAdamiak_9144_Skargi_5-scaled.jpg\" data-link=\"http:\/\/lapidarium.fundacja-hereditas.pl\/11_20210912_pultusk_tadamiak_9144_skargi_5\/\" class=\"wp-image-7597\" srcset=\"http:\/\/lapidarium.fundacja-hereditas.pl\/wp-content\/uploads\/2021\/12\/11_20210912_Pultusk_TAdamiak_9144_Skargi_5-680x1024.jpg 680w, http:\/\/lapidarium.fundacja-hereditas.pl\/wp-content\/uploads\/2021\/12\/11_20210912_Pultusk_TAdamiak_9144_Skargi_5-199x300.jpg 199w, http:\/\/lapidarium.fundacja-hereditas.pl\/wp-content\/uploads\/2021\/12\/11_20210912_Pultusk_TAdamiak_9144_Skargi_5-768x1156.jpg 768w, http:\/\/lapidarium.fundacja-hereditas.pl\/wp-content\/uploads\/2021\/12\/11_20210912_Pultusk_TAdamiak_9144_Skargi_5-1020x1536.jpg 1020w, http:\/\/lapidarium.fundacja-hereditas.pl\/wp-content\/uploads\/2021\/12\/11_20210912_Pultusk_TAdamiak_9144_Skargi_5-1360x2048.jpg 1360w, http:\/\/lapidarium.fundacja-hereditas.pl\/wp-content\/uploads\/2021\/12\/11_20210912_Pultusk_TAdamiak_9144_Skargi_5-150x226.jpg 150w, http:\/\/lapidarium.fundacja-hereditas.pl\/wp-content\/uploads\/2021\/12\/11_20210912_Pultusk_TAdamiak_9144_Skargi_5-300x452.jpg 300w, http:\/\/lapidarium.fundacja-hereditas.pl\/wp-content\/uploads\/2021\/12\/11_20210912_Pultusk_TAdamiak_9144_Skargi_5-696x1048.jpg 696w, http:\/\/lapidarium.fundacja-hereditas.pl\/wp-content\/uploads\/2021\/12\/11_20210912_Pultusk_TAdamiak_9144_Skargi_5-1068x1608.jpg 1068w, http:\/\/lapidarium.fundacja-hereditas.pl\/wp-content\/uploads\/2021\/12\/11_20210912_Pultusk_TAdamiak_9144_Skargi_5-1920x2891.jpg 1920w, http:\/\/lapidarium.fundacja-hereditas.pl\/wp-content\/uploads\/2021\/12\/11_20210912_Pultusk_TAdamiak_9144_Skargi_5-scaled.jpg 1700w\" sizes=\"auto, (max-width: 680px) 100vw, 680px\" \/><\/a><figcaption class=\"blocks-gallery-item__caption\">Klatka schodowa. Fot. Teresa Adamiak, 2021, \u017ar\u00f3d\u0142o: Res in Ornamento<\/figcaption><\/figure><\/li><li class=\"blocks-gallery-item\"><figure><a href=\"http:\/\/lapidarium.fundacja-hereditas.pl\/wp-content\/uploads\/2021\/12\/12_Pultusk_Skargi5_Drzwi_mieszkania_1pietro_Cecylia_Rotter-scaled.jpg\"><img loading=\"lazy\" decoding=\"async\" width=\"683\" height=\"1024\" src=\"http:\/\/lapidarium.fundacja-hereditas.pl\/wp-content\/uploads\/2021\/12\/12_Pultusk_Skargi5_Drzwi_mieszkania_1pietro_Cecylia_Rotter-683x1024.jpg\" alt=\"Drzwi do mieszkania, I pi\u0119tro. Fot. Cecylia Rotter, 2021, \u017ar\u00f3d\u0142o: Res in Ornamento\" data-id=\"7598\" data-full-url=\"http:\/\/lapidarium.fundacja-hereditas.pl\/wp-content\/uploads\/2021\/12\/12_Pultusk_Skargi5_Drzwi_mieszkania_1pietro_Cecylia_Rotter-scaled.jpg\" data-link=\"http:\/\/lapidarium.fundacja-hereditas.pl\/12_pultusk_skargi5_drzwi_mieszkania_1pietro_cecylia_rotter\/\" class=\"wp-image-7598\" srcset=\"http:\/\/lapidarium.fundacja-hereditas.pl\/wp-content\/uploads\/2021\/12\/12_Pultusk_Skargi5_Drzwi_mieszkania_1pietro_Cecylia_Rotter-683x1024.jpg 683w, http:\/\/lapidarium.fundacja-hereditas.pl\/wp-content\/uploads\/2021\/12\/12_Pultusk_Skargi5_Drzwi_mieszkania_1pietro_Cecylia_Rotter-200x300.jpg 200w, http:\/\/lapidarium.fundacja-hereditas.pl\/wp-content\/uploads\/2021\/12\/12_Pultusk_Skargi5_Drzwi_mieszkania_1pietro_Cecylia_Rotter-768x1152.jpg 768w, http:\/\/lapidarium.fundacja-hereditas.pl\/wp-content\/uploads\/2021\/12\/12_Pultusk_Skargi5_Drzwi_mieszkania_1pietro_Cecylia_Rotter-1024x1536.jpg 1024w, http:\/\/lapidarium.fundacja-hereditas.pl\/wp-content\/uploads\/2021\/12\/12_Pultusk_Skargi5_Drzwi_mieszkania_1pietro_Cecylia_Rotter-1365x2048.jpg 1365w, http:\/\/lapidarium.fundacja-hereditas.pl\/wp-content\/uploads\/2021\/12\/12_Pultusk_Skargi5_Drzwi_mieszkania_1pietro_Cecylia_Rotter-150x225.jpg 150w, http:\/\/lapidarium.fundacja-hereditas.pl\/wp-content\/uploads\/2021\/12\/12_Pultusk_Skargi5_Drzwi_mieszkania_1pietro_Cecylia_Rotter-300x450.jpg 300w, http:\/\/lapidarium.fundacja-hereditas.pl\/wp-content\/uploads\/2021\/12\/12_Pultusk_Skargi5_Drzwi_mieszkania_1pietro_Cecylia_Rotter-696x1044.jpg 696w, http:\/\/lapidarium.fundacja-hereditas.pl\/wp-content\/uploads\/2021\/12\/12_Pultusk_Skargi5_Drzwi_mieszkania_1pietro_Cecylia_Rotter-scaled.jpg 1707w\" sizes=\"auto, (max-width: 683px) 100vw, 683px\" \/><\/a><figcaption class=\"blocks-gallery-item__caption\">Drzwi do mieszkania, I pi\u0119tro. Fot. Cecylia Rotter, 2021, \u017ar\u00f3d\u0142o: Res in Ornamento<\/figcaption><\/figure><\/li><\/ul><\/figure>\n","protected":false},"excerpt":{"rendered":"<p>Dom wielorodzinny.<\/p>\n","protected":false},"author":3,"featured_media":7587,"comment_status":"open","ping_status":"open","sticky":false,"template":"","format":"standard","meta":{"footnotes":""},"categories":[6,101],"tags":[],"class_list":{"0":"post-7599","1":"post","2":"type-post","3":"status-publish","4":"format-standard","5":"has-post-thumbnail","7":"category-pultusk","8":"category-skargi"},"_links":{"self":[{"href":"http:\/\/lapidarium.fundacja-hereditas.pl\/index.php\/wp-json\/wp\/v2\/posts\/7599","targetHints":{"allow":["GET"]}}],"collection":[{"href":"http:\/\/lapidarium.fundacja-hereditas.pl\/index.php\/wp-json\/wp\/v2\/posts"}],"about":[{"href":"http:\/\/lapidarium.fundacja-hereditas.pl\/index.php\/wp-json\/wp\/v2\/types\/post"}],"author":[{"embeddable":true,"href":"http:\/\/lapidarium.fundacja-hereditas.pl\/index.php\/wp-json\/wp\/v2\/users\/3"}],"replies":[{"embeddable":true,"href":"http:\/\/lapidarium.fundacja-hereditas.pl\/index.php\/wp-json\/wp\/v2\/comments?post=7599"}],"version-history":[{"count":2,"href":"http:\/\/lapidarium.fundacja-hereditas.pl\/index.php\/wp-json\/wp\/v2\/posts\/7599\/revisions"}],"predecessor-version":[{"id":7601,"href":"http:\/\/lapidarium.fundacja-hereditas.pl\/index.php\/wp-json\/wp\/v2\/posts\/7599\/revisions\/7601"}],"wp:featuredmedia":[{"embeddable":true,"href":"http:\/\/lapidarium.fundacja-hereditas.pl\/index.php\/wp-json\/wp\/v2\/media\/7587"}],"wp:attachment":[{"href":"http:\/\/lapidarium.fundacja-hereditas.pl\/index.php\/wp-json\/wp\/v2\/media?parent=7599"}],"wp:term":[{"taxonomy":"category","embeddable":true,"href":"http:\/\/lapidarium.fundacja-hereditas.pl\/index.php\/wp-json\/wp\/v2\/categories?post=7599"},{"taxonomy":"post_tag","embeddable":true,"href":"http:\/\/lapidarium.fundacja-hereditas.pl\/index.php\/wp-json\/wp\/v2\/tags?post=7599"}],"curies":[{"name":"wp","href":"https:\/\/api.w.org\/{rel}","templated":true}]}}