{"id":7230,"date":"2021-12-27T20:30:29","date_gmt":"2021-12-27T19:30:29","guid":{"rendered":"http:\/\/lapidarium.fundacja-hereditas.pl\/?p=7230"},"modified":"2021-12-27T20:34:08","modified_gmt":"2021-12-27T19:34:08","slug":"kamienica-ul-joteyki-6-warszawa","status":"publish","type":"post","link":"http:\/\/lapidarium.fundacja-hereditas.pl\/index.php\/2021\/12\/27\/kamienica-ul-joteyki-6-warszawa\/","title":{"rendered":"Kamienica ul. Joteyki 6, Warszawa"},"content":{"rendered":"\n<p>Budynek wielorodzinny.<\/p>\n\n\n\n<p>Dodatkowe zdj\u0119cia obiekt\u00f3w udost\u0119pniamy na \u017cyczenie. Osoby zainteresowane prosimy o kontakt z Fundacj\u0105 Hereditas.<\/p>\n\n\n\n<figure class=\"wp-block-gallery columns-3 is-cropped wp-block-gallery-1 is-layout-flex wp-block-gallery-is-layout-flex\"><ul class=\"blocks-gallery-grid\"><li class=\"blocks-gallery-item\"><figure><a href=\"http:\/\/lapidarium.fundacja-hereditas.pl\/wp-content\/uploads\/2021\/12\/1_TAdamiak_1079_Joteyki_6-scaled.jpg\"><img loading=\"lazy\" decoding=\"async\" width=\"1024\" height=\"680\" src=\"http:\/\/lapidarium.fundacja-hereditas.pl\/wp-content\/uploads\/2021\/12\/1_TAdamiak_1079_Joteyki_6-1024x680.jpg\" alt=\"Elewacja frontowa. Fot. Teresa Adamiak, 2021, \u017ar\u00f3d\u0142o: Studeo et Conservo\" data-id=\"7222\" data-full-url=\"http:\/\/lapidarium.fundacja-hereditas.pl\/wp-content\/uploads\/2021\/12\/1_TAdamiak_1079_Joteyki_6-scaled.jpg\" data-link=\"http:\/\/lapidarium.fundacja-hereditas.pl\/1_tadamiak_1079_joteyki_6\/\" class=\"wp-image-7222\" srcset=\"http:\/\/lapidarium.fundacja-hereditas.pl\/wp-content\/uploads\/2021\/12\/1_TAdamiak_1079_Joteyki_6-1024x680.jpg 1024w, http:\/\/lapidarium.fundacja-hereditas.pl\/wp-content\/uploads\/2021\/12\/1_TAdamiak_1079_Joteyki_6-300x199.jpg 300w, http:\/\/lapidarium.fundacja-hereditas.pl\/wp-content\/uploads\/2021\/12\/1_TAdamiak_1079_Joteyki_6-768x510.jpg 768w, http:\/\/lapidarium.fundacja-hereditas.pl\/wp-content\/uploads\/2021\/12\/1_TAdamiak_1079_Joteyki_6-1536x1020.jpg 1536w, http:\/\/lapidarium.fundacja-hereditas.pl\/wp-content\/uploads\/2021\/12\/1_TAdamiak_1079_Joteyki_6-2048x1360.jpg 2048w, http:\/\/lapidarium.fundacja-hereditas.pl\/wp-content\/uploads\/2021\/12\/1_TAdamiak_1079_Joteyki_6-150x100.jpg 150w, http:\/\/lapidarium.fundacja-hereditas.pl\/wp-content\/uploads\/2021\/12\/1_TAdamiak_1079_Joteyki_6-696x462.jpg 696w, http:\/\/lapidarium.fundacja-hereditas.pl\/wp-content\/uploads\/2021\/12\/1_TAdamiak_1079_Joteyki_6-1068x709.jpg 1068w, http:\/\/lapidarium.fundacja-hereditas.pl\/wp-content\/uploads\/2021\/12\/1_TAdamiak_1079_Joteyki_6-1920x1275.jpg 1920w\" sizes=\"auto, (max-width: 1024px) 100vw, 1024px\" \/><\/a><figcaption class=\"blocks-gallery-item__caption\">Elewacja frontowa. Fot. Teresa Adamiak, 2021, \u017ar\u00f3d\u0142o: Studeo et Conservo<\/figcaption><\/figure><\/li><li class=\"blocks-gallery-item\"><figure><a href=\"http:\/\/lapidarium.fundacja-hereditas.pl\/wp-content\/uploads\/2021\/12\/2_TAdamiak_1121_Joteyki_6-scaled.jpg\"><img loading=\"lazy\" decoding=\"async\" width=\"1024\" height=\"680\" src=\"http:\/\/lapidarium.fundacja-hereditas.pl\/wp-content\/uploads\/2021\/12\/2_TAdamiak_1121_Joteyki_6-1024x680.jpg\" alt=\"Balkony, elewacja frontowa. Fot. Teresa Adamiak, 2021, \u017ar\u00f3d\u0142o: Studeo et Conservo\" data-id=\"7223\" data-full-url=\"http:\/\/lapidarium.fundacja-hereditas.pl\/wp-content\/uploads\/2021\/12\/2_TAdamiak_1121_Joteyki_6-scaled.jpg\" data-link=\"http:\/\/lapidarium.fundacja-hereditas.pl\/2_tadamiak_1121_joteyki_6\/\" class=\"wp-image-7223\" srcset=\"http:\/\/lapidarium.fundacja-hereditas.pl\/wp-content\/uploads\/2021\/12\/2_TAdamiak_1121_Joteyki_6-1024x680.jpg 1024w, http:\/\/lapidarium.fundacja-hereditas.pl\/wp-content\/uploads\/2021\/12\/2_TAdamiak_1121_Joteyki_6-300x199.jpg 300w, http:\/\/lapidarium.fundacja-hereditas.pl\/wp-content\/uploads\/2021\/12\/2_TAdamiak_1121_Joteyki_6-768x510.jpg 768w, http:\/\/lapidarium.fundacja-hereditas.pl\/wp-content\/uploads\/2021\/12\/2_TAdamiak_1121_Joteyki_6-1536x1020.jpg 1536w, http:\/\/lapidarium.fundacja-hereditas.pl\/wp-content\/uploads\/2021\/12\/2_TAdamiak_1121_Joteyki_6-2048x1360.jpg 2048w, http:\/\/lapidarium.fundacja-hereditas.pl\/wp-content\/uploads\/2021\/12\/2_TAdamiak_1121_Joteyki_6-150x100.jpg 150w, http:\/\/lapidarium.fundacja-hereditas.pl\/wp-content\/uploads\/2021\/12\/2_TAdamiak_1121_Joteyki_6-696x462.jpg 696w, http:\/\/lapidarium.fundacja-hereditas.pl\/wp-content\/uploads\/2021\/12\/2_TAdamiak_1121_Joteyki_6-1068x709.jpg 1068w, http:\/\/lapidarium.fundacja-hereditas.pl\/wp-content\/uploads\/2021\/12\/2_TAdamiak_1121_Joteyki_6-1920x1275.jpg 1920w\" sizes=\"auto, (max-width: 1024px) 100vw, 1024px\" \/><\/a><figcaption class=\"blocks-gallery-item__caption\">Balkony, elewacja frontowa. Fot. Teresa Adamiak, 2021, \u017ar\u00f3d\u0142o: Studeo et Conservo<\/figcaption><\/figure><\/li><li class=\"blocks-gallery-item\"><figure><a href=\"http:\/\/lapidarium.fundacja-hereditas.pl\/wp-content\/uploads\/2021\/12\/3_Joteyki_6_kraty_okna_piwnicy_Bozena_Rudzisz_2021_09_19-scaled.jpg\"><img loading=\"lazy\" decoding=\"async\" width=\"1024\" height=\"768\" src=\"http:\/\/lapidarium.fundacja-hereditas.pl\/wp-content\/uploads\/2021\/12\/3_Joteyki_6_kraty_okna_piwnicy_Bozena_Rudzisz_2021_09_19-1024x768.jpg\" alt=\"Okienka piwniczne. Fot. Bo\u017cena Rudzisz, 2021, \u017ar\u00f3d\u0142o: Studeo et Conservo\" data-id=\"7224\" data-full-url=\"http:\/\/lapidarium.fundacja-hereditas.pl\/wp-content\/uploads\/2021\/12\/3_Joteyki_6_kraty_okna_piwnicy_Bozena_Rudzisz_2021_09_19-scaled.jpg\" data-link=\"http:\/\/lapidarium.fundacja-hereditas.pl\/3_joteyki_6_kraty_okna_piwnicy_bozena_rudzisz_2021_09_19\/\" class=\"wp-image-7224\" srcset=\"http:\/\/lapidarium.fundacja-hereditas.pl\/wp-content\/uploads\/2021\/12\/3_Joteyki_6_kraty_okna_piwnicy_Bozena_Rudzisz_2021_09_19-1024x768.jpg 1024w, http:\/\/lapidarium.fundacja-hereditas.pl\/wp-content\/uploads\/2021\/12\/3_Joteyki_6_kraty_okna_piwnicy_Bozena_Rudzisz_2021_09_19-300x225.jpg 300w, http:\/\/lapidarium.fundacja-hereditas.pl\/wp-content\/uploads\/2021\/12\/3_Joteyki_6_kraty_okna_piwnicy_Bozena_Rudzisz_2021_09_19-768x576.jpg 768w, http:\/\/lapidarium.fundacja-hereditas.pl\/wp-content\/uploads\/2021\/12\/3_Joteyki_6_kraty_okna_piwnicy_Bozena_Rudzisz_2021_09_19-1536x1152.jpg 1536w, http:\/\/lapidarium.fundacja-hereditas.pl\/wp-content\/uploads\/2021\/12\/3_Joteyki_6_kraty_okna_piwnicy_Bozena_Rudzisz_2021_09_19-2048x1536.jpg 2048w, http:\/\/lapidarium.fundacja-hereditas.pl\/wp-content\/uploads\/2021\/12\/3_Joteyki_6_kraty_okna_piwnicy_Bozena_Rudzisz_2021_09_19-150x113.jpg 150w, http:\/\/lapidarium.fundacja-hereditas.pl\/wp-content\/uploads\/2021\/12\/3_Joteyki_6_kraty_okna_piwnicy_Bozena_Rudzisz_2021_09_19-696x522.jpg 696w, http:\/\/lapidarium.fundacja-hereditas.pl\/wp-content\/uploads\/2021\/12\/3_Joteyki_6_kraty_okna_piwnicy_Bozena_Rudzisz_2021_09_19-1068x801.jpg 1068w, http:\/\/lapidarium.fundacja-hereditas.pl\/wp-content\/uploads\/2021\/12\/3_Joteyki_6_kraty_okna_piwnicy_Bozena_Rudzisz_2021_09_19-1920x1440.jpg 1920w\" sizes=\"auto, (max-width: 1024px) 100vw, 1024px\" \/><\/a><figcaption class=\"blocks-gallery-item__caption\">Okienka piwniczne. Fot. Bo\u017cena Rudzisz, 2021, \u017ar\u00f3d\u0142o: Studeo et Conservo<\/figcaption><\/figure><\/li><li class=\"blocks-gallery-item\"><figure><a href=\"http:\/\/lapidarium.fundacja-hereditas.pl\/wp-content\/uploads\/2021\/12\/4_TAdamiak_1124_Joteyki_6-scaled.jpg\"><img loading=\"lazy\" decoding=\"async\" width=\"680\" height=\"1024\" src=\"http:\/\/lapidarium.fundacja-hereditas.pl\/wp-content\/uploads\/2021\/12\/4_TAdamiak_1124_Joteyki_6-680x1024.jpg\" alt=\"Skrzynki pocztowe, klatka schodowa. Fot. Teresa Adamiak, 2021, \u017ar\u00f3d\u0142o: Studeo et Conservo\" data-id=\"7225\" data-full-url=\"http:\/\/lapidarium.fundacja-hereditas.pl\/wp-content\/uploads\/2021\/12\/4_TAdamiak_1124_Joteyki_6-scaled.jpg\" data-link=\"http:\/\/lapidarium.fundacja-hereditas.pl\/4_tadamiak_1124_joteyki_6\/\" class=\"wp-image-7225\" srcset=\"http:\/\/lapidarium.fundacja-hereditas.pl\/wp-content\/uploads\/2021\/12\/4_TAdamiak_1124_Joteyki_6-680x1024.jpg 680w, http:\/\/lapidarium.fundacja-hereditas.pl\/wp-content\/uploads\/2021\/12\/4_TAdamiak_1124_Joteyki_6-199x300.jpg 199w, http:\/\/lapidarium.fundacja-hereditas.pl\/wp-content\/uploads\/2021\/12\/4_TAdamiak_1124_Joteyki_6-768x1156.jpg 768w, http:\/\/lapidarium.fundacja-hereditas.pl\/wp-content\/uploads\/2021\/12\/4_TAdamiak_1124_Joteyki_6-1020x1536.jpg 1020w, http:\/\/lapidarium.fundacja-hereditas.pl\/wp-content\/uploads\/2021\/12\/4_TAdamiak_1124_Joteyki_6-1360x2048.jpg 1360w, http:\/\/lapidarium.fundacja-hereditas.pl\/wp-content\/uploads\/2021\/12\/4_TAdamiak_1124_Joteyki_6-150x226.jpg 150w, http:\/\/lapidarium.fundacja-hereditas.pl\/wp-content\/uploads\/2021\/12\/4_TAdamiak_1124_Joteyki_6-300x452.jpg 300w, http:\/\/lapidarium.fundacja-hereditas.pl\/wp-content\/uploads\/2021\/12\/4_TAdamiak_1124_Joteyki_6-696x1048.jpg 696w, http:\/\/lapidarium.fundacja-hereditas.pl\/wp-content\/uploads\/2021\/12\/4_TAdamiak_1124_Joteyki_6-1068x1608.jpg 1068w, http:\/\/lapidarium.fundacja-hereditas.pl\/wp-content\/uploads\/2021\/12\/4_TAdamiak_1124_Joteyki_6-1920x2891.jpg 1920w, http:\/\/lapidarium.fundacja-hereditas.pl\/wp-content\/uploads\/2021\/12\/4_TAdamiak_1124_Joteyki_6-scaled.jpg 1700w\" sizes=\"auto, (max-width: 680px) 100vw, 680px\" \/><\/a><figcaption class=\"blocks-gallery-item__caption\">Skrzynki pocztowe, klatka schodowa. Fot. Teresa Adamiak, 2021, \u017ar\u00f3d\u0142o: Studeo et Conservo<\/figcaption><\/figure><\/li><li class=\"blocks-gallery-item\"><figure><a href=\"http:\/\/lapidarium.fundacja-hereditas.pl\/wp-content\/uploads\/2021\/12\/5_TAdamiak_1127_Joteyki_6-scaled.jpg\"><img loading=\"lazy\" decoding=\"async\" width=\"680\" height=\"1024\" src=\"http:\/\/lapidarium.fundacja-hereditas.pl\/wp-content\/uploads\/2021\/12\/5_TAdamiak_1127_Joteyki_6-680x1024.jpg\" alt=\"Klatka schodowa. Fot. Teresa Adamiak, 2021, \u017ar\u00f3d\u0142o: Studeo et Conservo\" data-id=\"7226\" data-full-url=\"http:\/\/lapidarium.fundacja-hereditas.pl\/wp-content\/uploads\/2021\/12\/5_TAdamiak_1127_Joteyki_6-scaled.jpg\" data-link=\"http:\/\/lapidarium.fundacja-hereditas.pl\/5_tadamiak_1127_joteyki_6\/\" class=\"wp-image-7226\" srcset=\"http:\/\/lapidarium.fundacja-hereditas.pl\/wp-content\/uploads\/2021\/12\/5_TAdamiak_1127_Joteyki_6-680x1024.jpg 680w, http:\/\/lapidarium.fundacja-hereditas.pl\/wp-content\/uploads\/2021\/12\/5_TAdamiak_1127_Joteyki_6-199x300.jpg 199w, http:\/\/lapidarium.fundacja-hereditas.pl\/wp-content\/uploads\/2021\/12\/5_TAdamiak_1127_Joteyki_6-768x1156.jpg 768w, http:\/\/lapidarium.fundacja-hereditas.pl\/wp-content\/uploads\/2021\/12\/5_TAdamiak_1127_Joteyki_6-1020x1536.jpg 1020w, http:\/\/lapidarium.fundacja-hereditas.pl\/wp-content\/uploads\/2021\/12\/5_TAdamiak_1127_Joteyki_6-1360x2048.jpg 1360w, http:\/\/lapidarium.fundacja-hereditas.pl\/wp-content\/uploads\/2021\/12\/5_TAdamiak_1127_Joteyki_6-150x226.jpg 150w, http:\/\/lapidarium.fundacja-hereditas.pl\/wp-content\/uploads\/2021\/12\/5_TAdamiak_1127_Joteyki_6-300x452.jpg 300w, http:\/\/lapidarium.fundacja-hereditas.pl\/wp-content\/uploads\/2021\/12\/5_TAdamiak_1127_Joteyki_6-696x1048.jpg 696w, http:\/\/lapidarium.fundacja-hereditas.pl\/wp-content\/uploads\/2021\/12\/5_TAdamiak_1127_Joteyki_6-1068x1608.jpg 1068w, http:\/\/lapidarium.fundacja-hereditas.pl\/wp-content\/uploads\/2021\/12\/5_TAdamiak_1127_Joteyki_6-1920x2891.jpg 1920w, http:\/\/lapidarium.fundacja-hereditas.pl\/wp-content\/uploads\/2021\/12\/5_TAdamiak_1127_Joteyki_6-scaled.jpg 1700w\" sizes=\"auto, (max-width: 680px) 100vw, 680px\" \/><\/a><figcaption class=\"blocks-gallery-item__caption\">Klatka schodowa. Fot. Teresa Adamiak, 2021, \u017ar\u00f3d\u0142o: Studeo et Conservo<\/figcaption><\/figure><\/li><li class=\"blocks-gallery-item\"><figure><a href=\"http:\/\/lapidarium.fundacja-hereditas.pl\/wp-content\/uploads\/2021\/12\/6_Joteyki_6_balustrada_fragment_Bozena_Rudzisz_2021_09_19-scaled.jpg\"><img loading=\"lazy\" decoding=\"async\" width=\"768\" height=\"1024\" src=\"http:\/\/lapidarium.fundacja-hereditas.pl\/wp-content\/uploads\/2021\/12\/6_Joteyki_6_balustrada_fragment_Bozena_Rudzisz_2021_09_19-768x1024.jpg\" alt=\"Por\u0119cz balustrady, klatka schodowa. Fot. Bo\u017cena Rudzisz, 2021, \u017ar\u00f3d\u0142o: Studeo et Conservo\" data-id=\"7227\" data-full-url=\"http:\/\/lapidarium.fundacja-hereditas.pl\/wp-content\/uploads\/2021\/12\/6_Joteyki_6_balustrada_fragment_Bozena_Rudzisz_2021_09_19-scaled.jpg\" data-link=\"http:\/\/lapidarium.fundacja-hereditas.pl\/6_joteyki_6_balustrada_fragment_bozena_rudzisz_2021_09_19\/\" class=\"wp-image-7227\" srcset=\"http:\/\/lapidarium.fundacja-hereditas.pl\/wp-content\/uploads\/2021\/12\/6_Joteyki_6_balustrada_fragment_Bozena_Rudzisz_2021_09_19-768x1024.jpg 768w, http:\/\/lapidarium.fundacja-hereditas.pl\/wp-content\/uploads\/2021\/12\/6_Joteyki_6_balustrada_fragment_Bozena_Rudzisz_2021_09_19-225x300.jpg 225w, http:\/\/lapidarium.fundacja-hereditas.pl\/wp-content\/uploads\/2021\/12\/6_Joteyki_6_balustrada_fragment_Bozena_Rudzisz_2021_09_19-1152x1536.jpg 1152w, http:\/\/lapidarium.fundacja-hereditas.pl\/wp-content\/uploads\/2021\/12\/6_Joteyki_6_balustrada_fragment_Bozena_Rudzisz_2021_09_19-1536x2048.jpg 1536w, http:\/\/lapidarium.fundacja-hereditas.pl\/wp-content\/uploads\/2021\/12\/6_Joteyki_6_balustrada_fragment_Bozena_Rudzisz_2021_09_19-150x200.jpg 150w, http:\/\/lapidarium.fundacja-hereditas.pl\/wp-content\/uploads\/2021\/12\/6_Joteyki_6_balustrada_fragment_Bozena_Rudzisz_2021_09_19-300x400.jpg 300w, http:\/\/lapidarium.fundacja-hereditas.pl\/wp-content\/uploads\/2021\/12\/6_Joteyki_6_balustrada_fragment_Bozena_Rudzisz_2021_09_19-696x928.jpg 696w, http:\/\/lapidarium.fundacja-hereditas.pl\/wp-content\/uploads\/2021\/12\/6_Joteyki_6_balustrada_fragment_Bozena_Rudzisz_2021_09_19-1068x1424.jpg 1068w, http:\/\/lapidarium.fundacja-hereditas.pl\/wp-content\/uploads\/2021\/12\/6_Joteyki_6_balustrada_fragment_Bozena_Rudzisz_2021_09_19-scaled.jpg 1920w\" sizes=\"auto, (max-width: 768px) 100vw, 768px\" \/><\/a><figcaption class=\"blocks-gallery-item__caption\">Por\u0119cz balustrady, klatka schodowa. Fot. Bo\u017cena Rudzisz, 2021, \u017ar\u00f3d\u0142o: Studeo et Conservo<\/figcaption><\/figure><\/li><li class=\"blocks-gallery-item\"><figure><a href=\"http:\/\/lapidarium.fundacja-hereditas.pl\/wp-content\/uploads\/2021\/12\/7_Joteyki_6_detal_balustrada_Bozena_Rudzisz_2021_09_19-scaled.jpg\"><img loading=\"lazy\" decoding=\"async\" width=\"768\" height=\"1024\" src=\"http:\/\/lapidarium.fundacja-hereditas.pl\/wp-content\/uploads\/2021\/12\/7_Joteyki_6_detal_balustrada_Bozena_Rudzisz_2021_09_19-768x1024.jpg\" alt=\"Fragment balustrady, klatka schodowa, parter. Fot. Bo\u017cena Rudzisz, 2021, \u017ar\u00f3d\u0142o: Studeo et Conservo\" data-id=\"7228\" data-full-url=\"http:\/\/lapidarium.fundacja-hereditas.pl\/wp-content\/uploads\/2021\/12\/7_Joteyki_6_detal_balustrada_Bozena_Rudzisz_2021_09_19-scaled.jpg\" data-link=\"http:\/\/lapidarium.fundacja-hereditas.pl\/7_joteyki_6_detal_balustrada_bozena_rudzisz_2021_09_19\/\" class=\"wp-image-7228\" srcset=\"http:\/\/lapidarium.fundacja-hereditas.pl\/wp-content\/uploads\/2021\/12\/7_Joteyki_6_detal_balustrada_Bozena_Rudzisz_2021_09_19-768x1024.jpg 768w, http:\/\/lapidarium.fundacja-hereditas.pl\/wp-content\/uploads\/2021\/12\/7_Joteyki_6_detal_balustrada_Bozena_Rudzisz_2021_09_19-225x300.jpg 225w, http:\/\/lapidarium.fundacja-hereditas.pl\/wp-content\/uploads\/2021\/12\/7_Joteyki_6_detal_balustrada_Bozena_Rudzisz_2021_09_19-1152x1536.jpg 1152w, http:\/\/lapidarium.fundacja-hereditas.pl\/wp-content\/uploads\/2021\/12\/7_Joteyki_6_detal_balustrada_Bozena_Rudzisz_2021_09_19-1536x2048.jpg 1536w, http:\/\/lapidarium.fundacja-hereditas.pl\/wp-content\/uploads\/2021\/12\/7_Joteyki_6_detal_balustrada_Bozena_Rudzisz_2021_09_19-150x200.jpg 150w, http:\/\/lapidarium.fundacja-hereditas.pl\/wp-content\/uploads\/2021\/12\/7_Joteyki_6_detal_balustrada_Bozena_Rudzisz_2021_09_19-300x400.jpg 300w, http:\/\/lapidarium.fundacja-hereditas.pl\/wp-content\/uploads\/2021\/12\/7_Joteyki_6_detal_balustrada_Bozena_Rudzisz_2021_09_19-696x928.jpg 696w, http:\/\/lapidarium.fundacja-hereditas.pl\/wp-content\/uploads\/2021\/12\/7_Joteyki_6_detal_balustrada_Bozena_Rudzisz_2021_09_19-1068x1424.jpg 1068w, http:\/\/lapidarium.fundacja-hereditas.pl\/wp-content\/uploads\/2021\/12\/7_Joteyki_6_detal_balustrada_Bozena_Rudzisz_2021_09_19-scaled.jpg 1920w\" sizes=\"auto, (max-width: 768px) 100vw, 768px\" \/><\/a><figcaption class=\"blocks-gallery-item__caption\">Fragment balustrady, klatka schodowa, parter. Fot. Bo\u017cena Rudzisz, 2021, \u017ar\u00f3d\u0142o: Studeo et Conservo<\/figcaption><\/figure><\/li><li class=\"blocks-gallery-item\"><figure><a href=\"http:\/\/lapidarium.fundacja-hereditas.pl\/wp-content\/uploads\/2021\/12\/8_TAdamiak_1128_Joteyki_6-scaled.jpg\"><img loading=\"lazy\" decoding=\"async\" width=\"680\" height=\"1024\" src=\"http:\/\/lapidarium.fundacja-hereditas.pl\/wp-content\/uploads\/2021\/12\/8_TAdamiak_1128_Joteyki_6-680x1024.jpg\" alt=\"Okno, klatka schodowa. Fot. Teresa Adamiak, 2021, \u017ar\u00f3d\u0142o: Studeo et Conservo\" data-id=\"7229\" data-full-url=\"http:\/\/lapidarium.fundacja-hereditas.pl\/wp-content\/uploads\/2021\/12\/8_TAdamiak_1128_Joteyki_6-scaled.jpg\" data-link=\"http:\/\/lapidarium.fundacja-hereditas.pl\/8_tadamiak_1128_joteyki_6\/\" class=\"wp-image-7229\" srcset=\"http:\/\/lapidarium.fundacja-hereditas.pl\/wp-content\/uploads\/2021\/12\/8_TAdamiak_1128_Joteyki_6-680x1024.jpg 680w, http:\/\/lapidarium.fundacja-hereditas.pl\/wp-content\/uploads\/2021\/12\/8_TAdamiak_1128_Joteyki_6-199x300.jpg 199w, http:\/\/lapidarium.fundacja-hereditas.pl\/wp-content\/uploads\/2021\/12\/8_TAdamiak_1128_Joteyki_6-768x1156.jpg 768w, http:\/\/lapidarium.fundacja-hereditas.pl\/wp-content\/uploads\/2021\/12\/8_TAdamiak_1128_Joteyki_6-1020x1536.jpg 1020w, http:\/\/lapidarium.fundacja-hereditas.pl\/wp-content\/uploads\/2021\/12\/8_TAdamiak_1128_Joteyki_6-1360x2048.jpg 1360w, http:\/\/lapidarium.fundacja-hereditas.pl\/wp-content\/uploads\/2021\/12\/8_TAdamiak_1128_Joteyki_6-150x226.jpg 150w, http:\/\/lapidarium.fundacja-hereditas.pl\/wp-content\/uploads\/2021\/12\/8_TAdamiak_1128_Joteyki_6-300x452.jpg 300w, http:\/\/lapidarium.fundacja-hereditas.pl\/wp-content\/uploads\/2021\/12\/8_TAdamiak_1128_Joteyki_6-696x1048.jpg 696w, http:\/\/lapidarium.fundacja-hereditas.pl\/wp-content\/uploads\/2021\/12\/8_TAdamiak_1128_Joteyki_6-1068x1608.jpg 1068w, http:\/\/lapidarium.fundacja-hereditas.pl\/wp-content\/uploads\/2021\/12\/8_TAdamiak_1128_Joteyki_6-1920x2891.jpg 1920w, http:\/\/lapidarium.fundacja-hereditas.pl\/wp-content\/uploads\/2021\/12\/8_TAdamiak_1128_Joteyki_6-scaled.jpg 1700w\" sizes=\"auto, (max-width: 680px) 100vw, 680px\" \/><\/a><figcaption class=\"blocks-gallery-item__caption\">Okno, klatka schodowa. Fot. Teresa Adamiak, 2021, \u017ar\u00f3d\u0142o: Studeo et Conservo<\/figcaption><\/figure><\/li><li class=\"blocks-gallery-item\"><figure><a href=\"http:\/\/lapidarium.fundacja-hereditas.pl\/wp-content\/uploads\/2021\/12\/9_TAdamiak_1083_Joteyki_6-scaled.jpg\"><img loading=\"lazy\" decoding=\"async\" width=\"768\" height=\"1024\" src=\"http:\/\/lapidarium.fundacja-hereditas.pl\/wp-content\/uploads\/2021\/12\/9_TAdamiak_1083_Joteyki_6-768x1024.jpg\" alt=\"Elewacja tylna. Fot. Teresa Adamiak, 2021, \u017ar\u00f3d\u0142o: Studeo et Conservo\" data-id=\"7221\" data-full-url=\"http:\/\/lapidarium.fundacja-hereditas.pl\/wp-content\/uploads\/2021\/12\/9_TAdamiak_1083_Joteyki_6-scaled.jpg\" data-link=\"http:\/\/lapidarium.fundacja-hereditas.pl\/9_tadamiak_1083_joteyki_6\/\" class=\"wp-image-7221\" srcset=\"http:\/\/lapidarium.fundacja-hereditas.pl\/wp-content\/uploads\/2021\/12\/9_TAdamiak_1083_Joteyki_6-768x1024.jpg 768w, http:\/\/lapidarium.fundacja-hereditas.pl\/wp-content\/uploads\/2021\/12\/9_TAdamiak_1083_Joteyki_6-225x300.jpg 225w, http:\/\/lapidarium.fundacja-hereditas.pl\/wp-content\/uploads\/2021\/12\/9_TAdamiak_1083_Joteyki_6-1152x1536.jpg 1152w, http:\/\/lapidarium.fundacja-hereditas.pl\/wp-content\/uploads\/2021\/12\/9_TAdamiak_1083_Joteyki_6-1536x2048.jpg 1536w, http:\/\/lapidarium.fundacja-hereditas.pl\/wp-content\/uploads\/2021\/12\/9_TAdamiak_1083_Joteyki_6-150x200.jpg 150w, http:\/\/lapidarium.fundacja-hereditas.pl\/wp-content\/uploads\/2021\/12\/9_TAdamiak_1083_Joteyki_6-300x400.jpg 300w, http:\/\/lapidarium.fundacja-hereditas.pl\/wp-content\/uploads\/2021\/12\/9_TAdamiak_1083_Joteyki_6-696x928.jpg 696w, http:\/\/lapidarium.fundacja-hereditas.pl\/wp-content\/uploads\/2021\/12\/9_TAdamiak_1083_Joteyki_6-1068x1424.jpg 1068w, http:\/\/lapidarium.fundacja-hereditas.pl\/wp-content\/uploads\/2021\/12\/9_TAdamiak_1083_Joteyki_6-scaled.jpg 1920w\" sizes=\"auto, (max-width: 768px) 100vw, 768px\" \/><\/a><figcaption class=\"blocks-gallery-item__caption\">Elewacja tylna. Fot. Teresa Adamiak, 2021, \u017ar\u00f3d\u0142o: Studeo et Conservo<\/figcaption><\/figure><\/li><\/ul><\/figure>\n","protected":false},"excerpt":{"rendered":"<p>Budynek wielorodzinny.<\/p>\n","protected":false},"author":3,"featured_media":7222,"comment_status":"open","ping_status":"open","sticky":false,"template":"","format":"standard","meta":{"footnotes":""},"categories":[98,4],"tags":[],"class_list":{"0":"post-7230","1":"post","2":"type-post","3":"status-publish","4":"format-standard","5":"has-post-thumbnail","7":"category-joteyki","8":"category-warszawa"},"_links":{"self":[{"href":"http:\/\/lapidarium.fundacja-hereditas.pl\/index.php\/wp-json\/wp\/v2\/posts\/7230","targetHints":{"allow":["GET"]}}],"collection":[{"href":"http:\/\/lapidarium.fundacja-hereditas.pl\/index.php\/wp-json\/wp\/v2\/posts"}],"about":[{"href":"http:\/\/lapidarium.fundacja-hereditas.pl\/index.php\/wp-json\/wp\/v2\/types\/post"}],"author":[{"embeddable":true,"href":"http:\/\/lapidarium.fundacja-hereditas.pl\/index.php\/wp-json\/wp\/v2\/users\/3"}],"replies":[{"embeddable":true,"href":"http:\/\/lapidarium.fundacja-hereditas.pl\/index.php\/wp-json\/wp\/v2\/comments?post=7230"}],"version-history":[{"count":2,"href":"http:\/\/lapidarium.fundacja-hereditas.pl\/index.php\/wp-json\/wp\/v2\/posts\/7230\/revisions"}],"predecessor-version":[{"id":7232,"href":"http:\/\/lapidarium.fundacja-hereditas.pl\/index.php\/wp-json\/wp\/v2\/posts\/7230\/revisions\/7232"}],"wp:featuredmedia":[{"embeddable":true,"href":"http:\/\/lapidarium.fundacja-hereditas.pl\/index.php\/wp-json\/wp\/v2\/media\/7222"}],"wp:attachment":[{"href":"http:\/\/lapidarium.fundacja-hereditas.pl\/index.php\/wp-json\/wp\/v2\/media?parent=7230"}],"wp:term":[{"taxonomy":"category","embeddable":true,"href":"http:\/\/lapidarium.fundacja-hereditas.pl\/index.php\/wp-json\/wp\/v2\/categories?post=7230"},{"taxonomy":"post_tag","embeddable":true,"href":"http:\/\/lapidarium.fundacja-hereditas.pl\/index.php\/wp-json\/wp\/v2\/tags?post=7230"}],"curies":[{"name":"wp","href":"https:\/\/api.w.org\/{rel}","templated":true}]}}