{"id":7191,"date":"2021-12-23T23:16:19","date_gmt":"2021-12-23T22:16:19","guid":{"rendered":"http:\/\/lapidarium.fundacja-hereditas.pl\/?p=7191"},"modified":"2021-12-27T19:25:15","modified_gmt":"2021-12-27T18:25:15","slug":"kamienica-ul-tyniecka-40-warszawa","status":"publish","type":"post","link":"http:\/\/lapidarium.fundacja-hereditas.pl\/index.php\/2021\/12\/23\/kamienica-ul-tyniecka-40-warszawa\/","title":{"rendered":"Kamienica ul. Tyniecka 40, Warszawa"},"content":{"rendered":"\n<p>Budynek wielorodzinny, lata 30. XX w.<\/p>\n\n\n\n<p>Dodatkowe zdj\u0119cia obiekt\u00f3w udost\u0119pniamy na \u017cyczenie. Osoby zainteresowane prosimy o kontakt z Fundacj\u0105 Hereditas.<\/p>\n\n\n\n<figure class=\"wp-block-gallery columns-3 is-cropped wp-block-gallery-1 is-layout-flex wp-block-gallery-is-layout-flex\"><ul class=\"blocks-gallery-grid\"><li class=\"blocks-gallery-item\"><figure><a href=\"http:\/\/lapidarium.fundacja-hereditas.pl\/wp-content\/uploads\/2021\/12\/1_MM_Wierzbno_Tyniecka40_01_caly_budynek-scaled.jpg\"><img loading=\"lazy\" decoding=\"async\" width=\"1024\" height=\"866\" src=\"http:\/\/lapidarium.fundacja-hereditas.pl\/wp-content\/uploads\/2021\/12\/1_MM_Wierzbno_Tyniecka40_01_caly_budynek-1024x866.jpg\" alt=\"Elewacja frontowa. Fot. Mariusz Majewski, 2021, \u017ar\u00f3d\u0142o: Studeo et Conservo\" data-id=\"7175\" data-full-url=\"http:\/\/lapidarium.fundacja-hereditas.pl\/wp-content\/uploads\/2021\/12\/1_MM_Wierzbno_Tyniecka40_01_caly_budynek-scaled.jpg\" data-link=\"http:\/\/lapidarium.fundacja-hereditas.pl\/1_mm_wierzbno_tyniecka40_01_caly_budynek\/\" class=\"wp-image-7175\" srcset=\"http:\/\/lapidarium.fundacja-hereditas.pl\/wp-content\/uploads\/2021\/12\/1_MM_Wierzbno_Tyniecka40_01_caly_budynek-1024x866.jpg 1024w, http:\/\/lapidarium.fundacja-hereditas.pl\/wp-content\/uploads\/2021\/12\/1_MM_Wierzbno_Tyniecka40_01_caly_budynek-300x254.jpg 300w, http:\/\/lapidarium.fundacja-hereditas.pl\/wp-content\/uploads\/2021\/12\/1_MM_Wierzbno_Tyniecka40_01_caly_budynek-768x649.jpg 768w, http:\/\/lapidarium.fundacja-hereditas.pl\/wp-content\/uploads\/2021\/12\/1_MM_Wierzbno_Tyniecka40_01_caly_budynek-1536x1298.jpg 1536w, http:\/\/lapidarium.fundacja-hereditas.pl\/wp-content\/uploads\/2021\/12\/1_MM_Wierzbno_Tyniecka40_01_caly_budynek-2048x1731.jpg 2048w, http:\/\/lapidarium.fundacja-hereditas.pl\/wp-content\/uploads\/2021\/12\/1_MM_Wierzbno_Tyniecka40_01_caly_budynek-150x127.jpg 150w, http:\/\/lapidarium.fundacja-hereditas.pl\/wp-content\/uploads\/2021\/12\/1_MM_Wierzbno_Tyniecka40_01_caly_budynek-696x588.jpg 696w, http:\/\/lapidarium.fundacja-hereditas.pl\/wp-content\/uploads\/2021\/12\/1_MM_Wierzbno_Tyniecka40_01_caly_budynek-1068x903.jpg 1068w, http:\/\/lapidarium.fundacja-hereditas.pl\/wp-content\/uploads\/2021\/12\/1_MM_Wierzbno_Tyniecka40_01_caly_budynek-1920x1623.jpg 1920w\" sizes=\"auto, (max-width: 1024px) 100vw, 1024px\" \/><\/a><figcaption class=\"blocks-gallery-item__caption\">Elewacja frontowa. Fot. Mariusz Majewski, 2021, \u017ar\u00f3d\u0142o: Studeo et Conservo<\/figcaption><\/figure><\/li><li class=\"blocks-gallery-item\"><figure><a href=\"http:\/\/lapidarium.fundacja-hereditas.pl\/wp-content\/uploads\/2021\/12\/2_MM_Wierzbno_Tyniecka40_02_elewacja_boczna1_frontowa-scaled.jpg\"><img loading=\"lazy\" decoding=\"async\" width=\"937\" height=\"1024\" src=\"http:\/\/lapidarium.fundacja-hereditas.pl\/wp-content\/uploads\/2021\/12\/2_MM_Wierzbno_Tyniecka40_02_elewacja_boczna1_frontowa-937x1024.jpg\" alt=\"Elewacja boczna. Fot. Mariusz Majewski, 2021, \u017ar\u00f3d\u0142o: Studeo et Conservo\" data-id=\"7176\" data-full-url=\"http:\/\/lapidarium.fundacja-hereditas.pl\/wp-content\/uploads\/2021\/12\/2_MM_Wierzbno_Tyniecka40_02_elewacja_boczna1_frontowa-scaled.jpg\" data-link=\"http:\/\/lapidarium.fundacja-hereditas.pl\/2_mm_wierzbno_tyniecka40_02_elewacja_boczna1_frontowa\/\" class=\"wp-image-7176\" srcset=\"http:\/\/lapidarium.fundacja-hereditas.pl\/wp-content\/uploads\/2021\/12\/2_MM_Wierzbno_Tyniecka40_02_elewacja_boczna1_frontowa-937x1024.jpg 937w, http:\/\/lapidarium.fundacja-hereditas.pl\/wp-content\/uploads\/2021\/12\/2_MM_Wierzbno_Tyniecka40_02_elewacja_boczna1_frontowa-274x300.jpg 274w, http:\/\/lapidarium.fundacja-hereditas.pl\/wp-content\/uploads\/2021\/12\/2_MM_Wierzbno_Tyniecka40_02_elewacja_boczna1_frontowa-768x840.jpg 768w, http:\/\/lapidarium.fundacja-hereditas.pl\/wp-content\/uploads\/2021\/12\/2_MM_Wierzbno_Tyniecka40_02_elewacja_boczna1_frontowa-1405x1536.jpg 1405w, http:\/\/lapidarium.fundacja-hereditas.pl\/wp-content\/uploads\/2021\/12\/2_MM_Wierzbno_Tyniecka40_02_elewacja_boczna1_frontowa-1873x2048.jpg 1873w, http:\/\/lapidarium.fundacja-hereditas.pl\/wp-content\/uploads\/2021\/12\/2_MM_Wierzbno_Tyniecka40_02_elewacja_boczna1_frontowa-150x164.jpg 150w, http:\/\/lapidarium.fundacja-hereditas.pl\/wp-content\/uploads\/2021\/12\/2_MM_Wierzbno_Tyniecka40_02_elewacja_boczna1_frontowa-300x328.jpg 300w, http:\/\/lapidarium.fundacja-hereditas.pl\/wp-content\/uploads\/2021\/12\/2_MM_Wierzbno_Tyniecka40_02_elewacja_boczna1_frontowa-696x761.jpg 696w, http:\/\/lapidarium.fundacja-hereditas.pl\/wp-content\/uploads\/2021\/12\/2_MM_Wierzbno_Tyniecka40_02_elewacja_boczna1_frontowa-1068x1167.jpg 1068w, http:\/\/lapidarium.fundacja-hereditas.pl\/wp-content\/uploads\/2021\/12\/2_MM_Wierzbno_Tyniecka40_02_elewacja_boczna1_frontowa-1920x2099.jpg 1920w\" sizes=\"auto, (max-width: 937px) 100vw, 937px\" \/><\/a><figcaption class=\"blocks-gallery-item__caption\">Elewacja boczna. Fot. Mariusz Majewski, 2021, \u017ar\u00f3d\u0142o: Studeo et Conservo<\/figcaption><\/figure><\/li><li class=\"blocks-gallery-item\"><figure><a href=\"http:\/\/lapidarium.fundacja-hereditas.pl\/wp-content\/uploads\/2021\/12\/3_MM_Wierzbno_Tyniecka40_04_elewacja_frontowa_boczna2-scaled.jpg\"><img loading=\"lazy\" decoding=\"async\" width=\"1024\" height=\"1017\" src=\"http:\/\/lapidarium.fundacja-hereditas.pl\/wp-content\/uploads\/2021\/12\/3_MM_Wierzbno_Tyniecka40_04_elewacja_frontowa_boczna2-1024x1017.jpg\" alt=\"Wjazd na posesj\u0119. Fot. Mariusz Majewski, 2021, \u017ar\u00f3d\u0142o: Studeo et Conservo\" data-id=\"7177\" data-full-url=\"http:\/\/lapidarium.fundacja-hereditas.pl\/wp-content\/uploads\/2021\/12\/3_MM_Wierzbno_Tyniecka40_04_elewacja_frontowa_boczna2-scaled.jpg\" data-link=\"http:\/\/lapidarium.fundacja-hereditas.pl\/3_mm_wierzbno_tyniecka40_04_elewacja_frontowa_boczna2\/\" class=\"wp-image-7177\" srcset=\"http:\/\/lapidarium.fundacja-hereditas.pl\/wp-content\/uploads\/2021\/12\/3_MM_Wierzbno_Tyniecka40_04_elewacja_frontowa_boczna2-1024x1017.jpg 1024w, http:\/\/lapidarium.fundacja-hereditas.pl\/wp-content\/uploads\/2021\/12\/3_MM_Wierzbno_Tyniecka40_04_elewacja_frontowa_boczna2-300x298.jpg 300w, http:\/\/lapidarium.fundacja-hereditas.pl\/wp-content\/uploads\/2021\/12\/3_MM_Wierzbno_Tyniecka40_04_elewacja_frontowa_boczna2-150x149.jpg 150w, http:\/\/lapidarium.fundacja-hereditas.pl\/wp-content\/uploads\/2021\/12\/3_MM_Wierzbno_Tyniecka40_04_elewacja_frontowa_boczna2-768x762.jpg 768w, http:\/\/lapidarium.fundacja-hereditas.pl\/wp-content\/uploads\/2021\/12\/3_MM_Wierzbno_Tyniecka40_04_elewacja_frontowa_boczna2-1536x1525.jpg 1536w, http:\/\/lapidarium.fundacja-hereditas.pl\/wp-content\/uploads\/2021\/12\/3_MM_Wierzbno_Tyniecka40_04_elewacja_frontowa_boczna2-2048x2033.jpg 2048w, http:\/\/lapidarium.fundacja-hereditas.pl\/wp-content\/uploads\/2021\/12\/3_MM_Wierzbno_Tyniecka40_04_elewacja_frontowa_boczna2-696x691.jpg 696w, http:\/\/lapidarium.fundacja-hereditas.pl\/wp-content\/uploads\/2021\/12\/3_MM_Wierzbno_Tyniecka40_04_elewacja_frontowa_boczna2-1068x1060.jpg 1068w, http:\/\/lapidarium.fundacja-hereditas.pl\/wp-content\/uploads\/2021\/12\/3_MM_Wierzbno_Tyniecka40_04_elewacja_frontowa_boczna2-1920x1906.jpg 1920w\" sizes=\"auto, (max-width: 1024px) 100vw, 1024px\" \/><\/a><figcaption class=\"blocks-gallery-item__caption\">Wjazd na posesj\u0119. Fot. Mariusz Majewski, 2021, \u017ar\u00f3d\u0142o: Studeo et Conservo<\/figcaption><\/figure><\/li><li class=\"blocks-gallery-item\"><figure><a href=\"http:\/\/lapidarium.fundacja-hereditas.pl\/wp-content\/uploads\/2021\/12\/4_MM_Wierzbno_Tyniecka40_30_slupek_ogrodzenia-scaled.jpg\"><img loading=\"lazy\" decoding=\"async\" width=\"768\" height=\"1024\" src=\"http:\/\/lapidarium.fundacja-hereditas.pl\/wp-content\/uploads\/2021\/12\/4_MM_Wierzbno_Tyniecka40_30_slupek_ogrodzenia-768x1024.jpg\" alt=\"S\u0142upek ogrodzenia z ceg\u0142\u0105 klinkierow\u0105. Fot. Mariusz Majewski, 2021, \u017ar\u00f3d\u0142o: Studeo et Conservo\" data-id=\"7178\" data-full-url=\"http:\/\/lapidarium.fundacja-hereditas.pl\/wp-content\/uploads\/2021\/12\/4_MM_Wierzbno_Tyniecka40_30_slupek_ogrodzenia-scaled.jpg\" data-link=\"http:\/\/lapidarium.fundacja-hereditas.pl\/4_mm_wierzbno_tyniecka40_30_slupek_ogrodzenia\/\" class=\"wp-image-7178\" srcset=\"http:\/\/lapidarium.fundacja-hereditas.pl\/wp-content\/uploads\/2021\/12\/4_MM_Wierzbno_Tyniecka40_30_slupek_ogrodzenia-768x1024.jpg 768w, http:\/\/lapidarium.fundacja-hereditas.pl\/wp-content\/uploads\/2021\/12\/4_MM_Wierzbno_Tyniecka40_30_slupek_ogrodzenia-225x300.jpg 225w, http:\/\/lapidarium.fundacja-hereditas.pl\/wp-content\/uploads\/2021\/12\/4_MM_Wierzbno_Tyniecka40_30_slupek_ogrodzenia-1152x1536.jpg 1152w, http:\/\/lapidarium.fundacja-hereditas.pl\/wp-content\/uploads\/2021\/12\/4_MM_Wierzbno_Tyniecka40_30_slupek_ogrodzenia-1536x2048.jpg 1536w, http:\/\/lapidarium.fundacja-hereditas.pl\/wp-content\/uploads\/2021\/12\/4_MM_Wierzbno_Tyniecka40_30_slupek_ogrodzenia-150x200.jpg 150w, http:\/\/lapidarium.fundacja-hereditas.pl\/wp-content\/uploads\/2021\/12\/4_MM_Wierzbno_Tyniecka40_30_slupek_ogrodzenia-300x400.jpg 300w, http:\/\/lapidarium.fundacja-hereditas.pl\/wp-content\/uploads\/2021\/12\/4_MM_Wierzbno_Tyniecka40_30_slupek_ogrodzenia-696x928.jpg 696w, http:\/\/lapidarium.fundacja-hereditas.pl\/wp-content\/uploads\/2021\/12\/4_MM_Wierzbno_Tyniecka40_30_slupek_ogrodzenia-1068x1424.jpg 1068w, http:\/\/lapidarium.fundacja-hereditas.pl\/wp-content\/uploads\/2021\/12\/4_MM_Wierzbno_Tyniecka40_30_slupek_ogrodzenia-scaled.jpg 1920w\" sizes=\"auto, (max-width: 768px) 100vw, 768px\" \/><\/a><figcaption class=\"blocks-gallery-item__caption\">S\u0142upek ogrodzenia z ceg\u0142\u0105 klinkierow\u0105. Fot. Mariusz Majewski, 2021, \u017ar\u00f3d\u0142o: Studeo et Conservo<\/figcaption><\/figure><\/li><li class=\"blocks-gallery-item\"><figure><a href=\"http:\/\/lapidarium.fundacja-hereditas.pl\/wp-content\/uploads\/2021\/12\/5_MM_Wierzbno_Tyniecka40_05_elewacja_frontowa_balkony-scaled.jpg\"><img loading=\"lazy\" decoding=\"async\" width=\"1024\" height=\"1002\" src=\"http:\/\/lapidarium.fundacja-hereditas.pl\/wp-content\/uploads\/2021\/12\/5_MM_Wierzbno_Tyniecka40_05_elewacja_frontowa_balkony-1024x1002.jpg\" alt=\"Balkony, elewacja frontowa. Fot. Mariusz Majewski, 2021, \u017ar\u00f3d\u0142o: Studeo et Conservo\" data-id=\"7179\" data-full-url=\"http:\/\/lapidarium.fundacja-hereditas.pl\/wp-content\/uploads\/2021\/12\/5_MM_Wierzbno_Tyniecka40_05_elewacja_frontowa_balkony-scaled.jpg\" data-link=\"http:\/\/lapidarium.fundacja-hereditas.pl\/5_mm_wierzbno_tyniecka40_05_elewacja_frontowa_balkony\/\" class=\"wp-image-7179\" srcset=\"http:\/\/lapidarium.fundacja-hereditas.pl\/wp-content\/uploads\/2021\/12\/5_MM_Wierzbno_Tyniecka40_05_elewacja_frontowa_balkony-1024x1002.jpg 1024w, http:\/\/lapidarium.fundacja-hereditas.pl\/wp-content\/uploads\/2021\/12\/5_MM_Wierzbno_Tyniecka40_05_elewacja_frontowa_balkony-300x294.jpg 300w, http:\/\/lapidarium.fundacja-hereditas.pl\/wp-content\/uploads\/2021\/12\/5_MM_Wierzbno_Tyniecka40_05_elewacja_frontowa_balkony-768x752.jpg 768w, http:\/\/lapidarium.fundacja-hereditas.pl\/wp-content\/uploads\/2021\/12\/5_MM_Wierzbno_Tyniecka40_05_elewacja_frontowa_balkony-1536x1503.jpg 1536w, http:\/\/lapidarium.fundacja-hereditas.pl\/wp-content\/uploads\/2021\/12\/5_MM_Wierzbno_Tyniecka40_05_elewacja_frontowa_balkony-2048x2005.jpg 2048w, http:\/\/lapidarium.fundacja-hereditas.pl\/wp-content\/uploads\/2021\/12\/5_MM_Wierzbno_Tyniecka40_05_elewacja_frontowa_balkony-150x147.jpg 150w, http:\/\/lapidarium.fundacja-hereditas.pl\/wp-content\/uploads\/2021\/12\/5_MM_Wierzbno_Tyniecka40_05_elewacja_frontowa_balkony-696x681.jpg 696w, http:\/\/lapidarium.fundacja-hereditas.pl\/wp-content\/uploads\/2021\/12\/5_MM_Wierzbno_Tyniecka40_05_elewacja_frontowa_balkony-1068x1045.jpg 1068w, http:\/\/lapidarium.fundacja-hereditas.pl\/wp-content\/uploads\/2021\/12\/5_MM_Wierzbno_Tyniecka40_05_elewacja_frontowa_balkony-1920x1879.jpg 1920w\" sizes=\"auto, (max-width: 1024px) 100vw, 1024px\" \/><\/a><figcaption class=\"blocks-gallery-item__caption\">Balkony, elewacja frontowa. Fot. Mariusz Majewski, 2021, \u017ar\u00f3d\u0142o: Studeo et Conservo<\/figcaption><\/figure><\/li><li class=\"blocks-gallery-item\"><figure><a href=\"http:\/\/lapidarium.fundacja-hereditas.pl\/wp-content\/uploads\/2021\/12\/6_MM_Wierzbno_Tyniecka40_08_elewacja_frontowa_balkon_dolny-scaled.jpg\"><img loading=\"lazy\" decoding=\"async\" width=\"768\" height=\"1024\" src=\"http:\/\/lapidarium.fundacja-hereditas.pl\/wp-content\/uploads\/2021\/12\/6_MM_Wierzbno_Tyniecka40_08_elewacja_frontowa_balkon_dolny-768x1024.jpg\" alt=\"Balustrada i wspornik balkonu, parter. Fot. Mariusz Majewski, 2021, \u017ar\u00f3d\u0142o: Studeo et Conservo\" data-id=\"7180\" data-full-url=\"http:\/\/lapidarium.fundacja-hereditas.pl\/wp-content\/uploads\/2021\/12\/6_MM_Wierzbno_Tyniecka40_08_elewacja_frontowa_balkon_dolny-scaled.jpg\" data-link=\"http:\/\/lapidarium.fundacja-hereditas.pl\/6_mm_wierzbno_tyniecka40_08_elewacja_frontowa_balkon_dolny\/\" class=\"wp-image-7180\" srcset=\"http:\/\/lapidarium.fundacja-hereditas.pl\/wp-content\/uploads\/2021\/12\/6_MM_Wierzbno_Tyniecka40_08_elewacja_frontowa_balkon_dolny-768x1024.jpg 768w, http:\/\/lapidarium.fundacja-hereditas.pl\/wp-content\/uploads\/2021\/12\/6_MM_Wierzbno_Tyniecka40_08_elewacja_frontowa_balkon_dolny-225x300.jpg 225w, http:\/\/lapidarium.fundacja-hereditas.pl\/wp-content\/uploads\/2021\/12\/6_MM_Wierzbno_Tyniecka40_08_elewacja_frontowa_balkon_dolny-1152x1536.jpg 1152w, http:\/\/lapidarium.fundacja-hereditas.pl\/wp-content\/uploads\/2021\/12\/6_MM_Wierzbno_Tyniecka40_08_elewacja_frontowa_balkon_dolny-1536x2048.jpg 1536w, http:\/\/lapidarium.fundacja-hereditas.pl\/wp-content\/uploads\/2021\/12\/6_MM_Wierzbno_Tyniecka40_08_elewacja_frontowa_balkon_dolny-150x200.jpg 150w, http:\/\/lapidarium.fundacja-hereditas.pl\/wp-content\/uploads\/2021\/12\/6_MM_Wierzbno_Tyniecka40_08_elewacja_frontowa_balkon_dolny-300x400.jpg 300w, http:\/\/lapidarium.fundacja-hereditas.pl\/wp-content\/uploads\/2021\/12\/6_MM_Wierzbno_Tyniecka40_08_elewacja_frontowa_balkon_dolny-696x928.jpg 696w, http:\/\/lapidarium.fundacja-hereditas.pl\/wp-content\/uploads\/2021\/12\/6_MM_Wierzbno_Tyniecka40_08_elewacja_frontowa_balkon_dolny-1068x1424.jpg 1068w, http:\/\/lapidarium.fundacja-hereditas.pl\/wp-content\/uploads\/2021\/12\/6_MM_Wierzbno_Tyniecka40_08_elewacja_frontowa_balkon_dolny-scaled.jpg 1920w\" sizes=\"auto, (max-width: 768px) 100vw, 768px\" \/><\/a><figcaption class=\"blocks-gallery-item__caption\">Balustrada i wspornik balkonu, parter. Fot. Mariusz Majewski, 2021, \u017ar\u00f3d\u0142o: Studeo et Conservo<\/figcaption><\/figure><\/li><li class=\"blocks-gallery-item\"><figure><a href=\"http:\/\/lapidarium.fundacja-hereditas.pl\/wp-content\/uploads\/2021\/12\/7_MM_Wierzbno_Tyniecka40_10_elewacja_boczna2_puszki-scaled.jpg\"><img loading=\"lazy\" decoding=\"async\" width=\"768\" height=\"1024\" src=\"http:\/\/lapidarium.fundacja-hereditas.pl\/wp-content\/uploads\/2021\/12\/7_MM_Wierzbno_Tyniecka40_10_elewacja_boczna2_puszki-768x1024.jpg\" alt=\"Puszki elektryczne, elewacja boczna. Fot. Mariusz Majewski, 2021, \u017ar\u00f3d\u0142o: Studeo et Conservo\" data-id=\"7181\" data-full-url=\"http:\/\/lapidarium.fundacja-hereditas.pl\/wp-content\/uploads\/2021\/12\/7_MM_Wierzbno_Tyniecka40_10_elewacja_boczna2_puszki-scaled.jpg\" data-link=\"http:\/\/lapidarium.fundacja-hereditas.pl\/7_mm_wierzbno_tyniecka40_10_elewacja_boczna2_puszki\/\" class=\"wp-image-7181\" srcset=\"http:\/\/lapidarium.fundacja-hereditas.pl\/wp-content\/uploads\/2021\/12\/7_MM_Wierzbno_Tyniecka40_10_elewacja_boczna2_puszki-768x1024.jpg 768w, http:\/\/lapidarium.fundacja-hereditas.pl\/wp-content\/uploads\/2021\/12\/7_MM_Wierzbno_Tyniecka40_10_elewacja_boczna2_puszki-225x300.jpg 225w, http:\/\/lapidarium.fundacja-hereditas.pl\/wp-content\/uploads\/2021\/12\/7_MM_Wierzbno_Tyniecka40_10_elewacja_boczna2_puszki-1152x1536.jpg 1152w, http:\/\/lapidarium.fundacja-hereditas.pl\/wp-content\/uploads\/2021\/12\/7_MM_Wierzbno_Tyniecka40_10_elewacja_boczna2_puszki-1536x2048.jpg 1536w, http:\/\/lapidarium.fundacja-hereditas.pl\/wp-content\/uploads\/2021\/12\/7_MM_Wierzbno_Tyniecka40_10_elewacja_boczna2_puszki-150x200.jpg 150w, http:\/\/lapidarium.fundacja-hereditas.pl\/wp-content\/uploads\/2021\/12\/7_MM_Wierzbno_Tyniecka40_10_elewacja_boczna2_puszki-300x400.jpg 300w, http:\/\/lapidarium.fundacja-hereditas.pl\/wp-content\/uploads\/2021\/12\/7_MM_Wierzbno_Tyniecka40_10_elewacja_boczna2_puszki-696x928.jpg 696w, http:\/\/lapidarium.fundacja-hereditas.pl\/wp-content\/uploads\/2021\/12\/7_MM_Wierzbno_Tyniecka40_10_elewacja_boczna2_puszki-1068x1424.jpg 1068w, http:\/\/lapidarium.fundacja-hereditas.pl\/wp-content\/uploads\/2021\/12\/7_MM_Wierzbno_Tyniecka40_10_elewacja_boczna2_puszki-scaled.jpg 1920w\" sizes=\"auto, (max-width: 768px) 100vw, 768px\" \/><\/a><figcaption class=\"blocks-gallery-item__caption\">Puszki elektryczne, elewacja boczna. Fot. Mariusz Majewski, 2021, \u017ar\u00f3d\u0142o: Studeo et Conservo<\/figcaption><\/figure><\/li><li class=\"blocks-gallery-item\"><figure><a href=\"http:\/\/lapidarium.fundacja-hereditas.pl\/wp-content\/uploads\/2021\/12\/8_MM_Wierzbno_Tyniecka40_13_elewacja_tylna-scaled.jpg\"><img loading=\"lazy\" decoding=\"async\" width=\"768\" height=\"1024\" src=\"http:\/\/lapidarium.fundacja-hereditas.pl\/wp-content\/uploads\/2021\/12\/8_MM_Wierzbno_Tyniecka40_13_elewacja_tylna-768x1024.jpg\" alt=\"Elewacja tylna. Fot. Mariusz Majewski, 2021, \u017ar\u00f3d\u0142o: Studeo et Conservo\" data-id=\"7182\" data-full-url=\"http:\/\/lapidarium.fundacja-hereditas.pl\/wp-content\/uploads\/2021\/12\/8_MM_Wierzbno_Tyniecka40_13_elewacja_tylna-scaled.jpg\" data-link=\"http:\/\/lapidarium.fundacja-hereditas.pl\/8_mm_wierzbno_tyniecka40_13_elewacja_tylna\/\" class=\"wp-image-7182\" srcset=\"http:\/\/lapidarium.fundacja-hereditas.pl\/wp-content\/uploads\/2021\/12\/8_MM_Wierzbno_Tyniecka40_13_elewacja_tylna-768x1024.jpg 768w, http:\/\/lapidarium.fundacja-hereditas.pl\/wp-content\/uploads\/2021\/12\/8_MM_Wierzbno_Tyniecka40_13_elewacja_tylna-225x300.jpg 225w, http:\/\/lapidarium.fundacja-hereditas.pl\/wp-content\/uploads\/2021\/12\/8_MM_Wierzbno_Tyniecka40_13_elewacja_tylna-1152x1536.jpg 1152w, http:\/\/lapidarium.fundacja-hereditas.pl\/wp-content\/uploads\/2021\/12\/8_MM_Wierzbno_Tyniecka40_13_elewacja_tylna-1536x2048.jpg 1536w, http:\/\/lapidarium.fundacja-hereditas.pl\/wp-content\/uploads\/2021\/12\/8_MM_Wierzbno_Tyniecka40_13_elewacja_tylna-150x200.jpg 150w, http:\/\/lapidarium.fundacja-hereditas.pl\/wp-content\/uploads\/2021\/12\/8_MM_Wierzbno_Tyniecka40_13_elewacja_tylna-300x400.jpg 300w, http:\/\/lapidarium.fundacja-hereditas.pl\/wp-content\/uploads\/2021\/12\/8_MM_Wierzbno_Tyniecka40_13_elewacja_tylna-696x928.jpg 696w, http:\/\/lapidarium.fundacja-hereditas.pl\/wp-content\/uploads\/2021\/12\/8_MM_Wierzbno_Tyniecka40_13_elewacja_tylna-1068x1424.jpg 1068w, http:\/\/lapidarium.fundacja-hereditas.pl\/wp-content\/uploads\/2021\/12\/8_MM_Wierzbno_Tyniecka40_13_elewacja_tylna-scaled.jpg 1920w\" sizes=\"auto, (max-width: 768px) 100vw, 768px\" \/><\/a><figcaption class=\"blocks-gallery-item__caption\">Elewacja tylna. Fot. Mariusz Majewski, 2021, \u017ar\u00f3d\u0142o: Studeo et Conservo<\/figcaption><\/figure><\/li><li class=\"blocks-gallery-item\"><figure><a href=\"http:\/\/lapidarium.fundacja-hereditas.pl\/wp-content\/uploads\/2021\/12\/9_MM_Wierzbno_Tyniecka40_18_elewacja_tylna_loggia-scaled.jpg\"><img loading=\"lazy\" decoding=\"async\" width=\"768\" height=\"1024\" src=\"http:\/\/lapidarium.fundacja-hereditas.pl\/wp-content\/uploads\/2021\/12\/9_MM_Wierzbno_Tyniecka40_18_elewacja_tylna_loggia-768x1024.jpg\" alt=\"Loggia, elewacja tylna. Fot. Mariusz Majewski, 2021, \u017ar\u00f3d\u0142o: Studeo et Conservo\" data-id=\"7183\" data-full-url=\"http:\/\/lapidarium.fundacja-hereditas.pl\/wp-content\/uploads\/2021\/12\/9_MM_Wierzbno_Tyniecka40_18_elewacja_tylna_loggia-scaled.jpg\" data-link=\"http:\/\/lapidarium.fundacja-hereditas.pl\/9_mm_wierzbno_tyniecka40_18_elewacja_tylna_loggia\/\" class=\"wp-image-7183\" srcset=\"http:\/\/lapidarium.fundacja-hereditas.pl\/wp-content\/uploads\/2021\/12\/9_MM_Wierzbno_Tyniecka40_18_elewacja_tylna_loggia-768x1024.jpg 768w, http:\/\/lapidarium.fundacja-hereditas.pl\/wp-content\/uploads\/2021\/12\/9_MM_Wierzbno_Tyniecka40_18_elewacja_tylna_loggia-225x300.jpg 225w, http:\/\/lapidarium.fundacja-hereditas.pl\/wp-content\/uploads\/2021\/12\/9_MM_Wierzbno_Tyniecka40_18_elewacja_tylna_loggia-1152x1536.jpg 1152w, http:\/\/lapidarium.fundacja-hereditas.pl\/wp-content\/uploads\/2021\/12\/9_MM_Wierzbno_Tyniecka40_18_elewacja_tylna_loggia-1536x2048.jpg 1536w, http:\/\/lapidarium.fundacja-hereditas.pl\/wp-content\/uploads\/2021\/12\/9_MM_Wierzbno_Tyniecka40_18_elewacja_tylna_loggia-150x200.jpg 150w, http:\/\/lapidarium.fundacja-hereditas.pl\/wp-content\/uploads\/2021\/12\/9_MM_Wierzbno_Tyniecka40_18_elewacja_tylna_loggia-300x400.jpg 300w, http:\/\/lapidarium.fundacja-hereditas.pl\/wp-content\/uploads\/2021\/12\/9_MM_Wierzbno_Tyniecka40_18_elewacja_tylna_loggia-696x928.jpg 696w, http:\/\/lapidarium.fundacja-hereditas.pl\/wp-content\/uploads\/2021\/12\/9_MM_Wierzbno_Tyniecka40_18_elewacja_tylna_loggia-1068x1424.jpg 1068w, http:\/\/lapidarium.fundacja-hereditas.pl\/wp-content\/uploads\/2021\/12\/9_MM_Wierzbno_Tyniecka40_18_elewacja_tylna_loggia-scaled.jpg 1920w\" sizes=\"auto, (max-width: 768px) 100vw, 768px\" \/><\/a><figcaption class=\"blocks-gallery-item__caption\">Loggia, elewacja tylna. Fot. Mariusz Majewski, 2021, \u017ar\u00f3d\u0142o: Studeo et Conservo<\/figcaption><\/figure><\/li><li class=\"blocks-gallery-item\"><figure><a href=\"http:\/\/lapidarium.fundacja-hereditas.pl\/wp-content\/uploads\/2021\/12\/10_MM_Wierzbno_Tyniecka40_15_elewacja_tylna_wejscie-scaled.jpg\"><img loading=\"lazy\" decoding=\"async\" width=\"768\" height=\"1024\" src=\"http:\/\/lapidarium.fundacja-hereditas.pl\/wp-content\/uploads\/2021\/12\/10_MM_Wierzbno_Tyniecka40_15_elewacja_tylna_wejscie-768x1024.jpg\" alt=\"Wej\u015bcie g\u0142\u00f3wne, elewacja tylna. Fot. Mariusz Majewski, 2021, \u017ar\u00f3d\u0142o: Studeo et Conservo\" data-id=\"7184\" data-full-url=\"http:\/\/lapidarium.fundacja-hereditas.pl\/wp-content\/uploads\/2021\/12\/10_MM_Wierzbno_Tyniecka40_15_elewacja_tylna_wejscie-scaled.jpg\" data-link=\"http:\/\/lapidarium.fundacja-hereditas.pl\/10_mm_wierzbno_tyniecka40_15_elewacja_tylna_wejscie\/\" class=\"wp-image-7184\" srcset=\"http:\/\/lapidarium.fundacja-hereditas.pl\/wp-content\/uploads\/2021\/12\/10_MM_Wierzbno_Tyniecka40_15_elewacja_tylna_wejscie-768x1024.jpg 768w, http:\/\/lapidarium.fundacja-hereditas.pl\/wp-content\/uploads\/2021\/12\/10_MM_Wierzbno_Tyniecka40_15_elewacja_tylna_wejscie-225x300.jpg 225w, http:\/\/lapidarium.fundacja-hereditas.pl\/wp-content\/uploads\/2021\/12\/10_MM_Wierzbno_Tyniecka40_15_elewacja_tylna_wejscie-1152x1536.jpg 1152w, http:\/\/lapidarium.fundacja-hereditas.pl\/wp-content\/uploads\/2021\/12\/10_MM_Wierzbno_Tyniecka40_15_elewacja_tylna_wejscie-1536x2048.jpg 1536w, http:\/\/lapidarium.fundacja-hereditas.pl\/wp-content\/uploads\/2021\/12\/10_MM_Wierzbno_Tyniecka40_15_elewacja_tylna_wejscie-150x200.jpg 150w, http:\/\/lapidarium.fundacja-hereditas.pl\/wp-content\/uploads\/2021\/12\/10_MM_Wierzbno_Tyniecka40_15_elewacja_tylna_wejscie-300x400.jpg 300w, http:\/\/lapidarium.fundacja-hereditas.pl\/wp-content\/uploads\/2021\/12\/10_MM_Wierzbno_Tyniecka40_15_elewacja_tylna_wejscie-696x928.jpg 696w, http:\/\/lapidarium.fundacja-hereditas.pl\/wp-content\/uploads\/2021\/12\/10_MM_Wierzbno_Tyniecka40_15_elewacja_tylna_wejscie-1068x1424.jpg 1068w, http:\/\/lapidarium.fundacja-hereditas.pl\/wp-content\/uploads\/2021\/12\/10_MM_Wierzbno_Tyniecka40_15_elewacja_tylna_wejscie-scaled.jpg 1920w\" sizes=\"auto, (max-width: 768px) 100vw, 768px\" \/><\/a><figcaption class=\"blocks-gallery-item__caption\">Wej\u015bcie g\u0142\u00f3wne, elewacja tylna. Fot. Mariusz Majewski, 2021, \u017ar\u00f3d\u0142o: Studeo et Conservo<\/figcaption><\/figure><\/li><li class=\"blocks-gallery-item\"><figure><a href=\"http:\/\/lapidarium.fundacja-hereditas.pl\/wp-content\/uploads\/2021\/12\/11_MM_Wierzbno_Tyniecka40_20_Ipietro-scaled.jpg\"><img loading=\"lazy\" decoding=\"async\" width=\"768\" height=\"1024\" src=\"http:\/\/lapidarium.fundacja-hereditas.pl\/wp-content\/uploads\/2021\/12\/11_MM_Wierzbno_Tyniecka40_20_Ipietro-768x1024.jpg\" alt=\"Klatka schodowa, I pi\u0119tro. Fot. Mariusz Majewski, 2021, \u017ar\u00f3d\u0142o: Studeo et Conservo\" data-id=\"7189\" data-full-url=\"http:\/\/lapidarium.fundacja-hereditas.pl\/wp-content\/uploads\/2021\/12\/11_MM_Wierzbno_Tyniecka40_20_Ipietro-scaled.jpg\" data-link=\"http:\/\/lapidarium.fundacja-hereditas.pl\/11_mm_wierzbno_tyniecka40_20_ipietro\/\" class=\"wp-image-7189\" srcset=\"http:\/\/lapidarium.fundacja-hereditas.pl\/wp-content\/uploads\/2021\/12\/11_MM_Wierzbno_Tyniecka40_20_Ipietro-768x1024.jpg 768w, http:\/\/lapidarium.fundacja-hereditas.pl\/wp-content\/uploads\/2021\/12\/11_MM_Wierzbno_Tyniecka40_20_Ipietro-225x300.jpg 225w, http:\/\/lapidarium.fundacja-hereditas.pl\/wp-content\/uploads\/2021\/12\/11_MM_Wierzbno_Tyniecka40_20_Ipietro-1152x1536.jpg 1152w, http:\/\/lapidarium.fundacja-hereditas.pl\/wp-content\/uploads\/2021\/12\/11_MM_Wierzbno_Tyniecka40_20_Ipietro-1536x2048.jpg 1536w, http:\/\/lapidarium.fundacja-hereditas.pl\/wp-content\/uploads\/2021\/12\/11_MM_Wierzbno_Tyniecka40_20_Ipietro-150x200.jpg 150w, http:\/\/lapidarium.fundacja-hereditas.pl\/wp-content\/uploads\/2021\/12\/11_MM_Wierzbno_Tyniecka40_20_Ipietro-300x400.jpg 300w, http:\/\/lapidarium.fundacja-hereditas.pl\/wp-content\/uploads\/2021\/12\/11_MM_Wierzbno_Tyniecka40_20_Ipietro-696x928.jpg 696w, http:\/\/lapidarium.fundacja-hereditas.pl\/wp-content\/uploads\/2021\/12\/11_MM_Wierzbno_Tyniecka40_20_Ipietro-1068x1424.jpg 1068w, http:\/\/lapidarium.fundacja-hereditas.pl\/wp-content\/uploads\/2021\/12\/11_MM_Wierzbno_Tyniecka40_20_Ipietro-scaled.jpg 1920w\" sizes=\"auto, (max-width: 768px) 100vw, 768px\" \/><\/a><figcaption class=\"blocks-gallery-item__caption\">Klatka schodowa, I pi\u0119tro. Fot. Mariusz Majewski, 2021, \u017ar\u00f3d\u0142o: Studeo et Conservo<\/figcaption><\/figure><\/li><li class=\"blocks-gallery-item\"><figure><a href=\"http:\/\/lapidarium.fundacja-hereditas.pl\/wp-content\/uploads\/2021\/12\/12_MM_Wierzbno_Tyniecka40_21_Ipietro_drzwi-scaled.jpg\"><img loading=\"lazy\" decoding=\"async\" width=\"768\" height=\"1024\" src=\"http:\/\/lapidarium.fundacja-hereditas.pl\/wp-content\/uploads\/2021\/12\/12_MM_Wierzbno_Tyniecka40_21_Ipietro_drzwi-768x1024.jpg\" alt=\"Drzwi, klatka schodowa, I pi\u0119tro. Fot. Mariusz Majewski, 2021, \u017ar\u00f3d\u0142o: Studeo et Conservo\" data-id=\"7185\" data-full-url=\"http:\/\/lapidarium.fundacja-hereditas.pl\/wp-content\/uploads\/2021\/12\/12_MM_Wierzbno_Tyniecka40_21_Ipietro_drzwi-scaled.jpg\" data-link=\"http:\/\/lapidarium.fundacja-hereditas.pl\/12_mm_wierzbno_tyniecka40_21_ipietro_drzwi\/\" class=\"wp-image-7185\" srcset=\"http:\/\/lapidarium.fundacja-hereditas.pl\/wp-content\/uploads\/2021\/12\/12_MM_Wierzbno_Tyniecka40_21_Ipietro_drzwi-768x1024.jpg 768w, http:\/\/lapidarium.fundacja-hereditas.pl\/wp-content\/uploads\/2021\/12\/12_MM_Wierzbno_Tyniecka40_21_Ipietro_drzwi-225x300.jpg 225w, http:\/\/lapidarium.fundacja-hereditas.pl\/wp-content\/uploads\/2021\/12\/12_MM_Wierzbno_Tyniecka40_21_Ipietro_drzwi-1152x1536.jpg 1152w, http:\/\/lapidarium.fundacja-hereditas.pl\/wp-content\/uploads\/2021\/12\/12_MM_Wierzbno_Tyniecka40_21_Ipietro_drzwi-1536x2048.jpg 1536w, http:\/\/lapidarium.fundacja-hereditas.pl\/wp-content\/uploads\/2021\/12\/12_MM_Wierzbno_Tyniecka40_21_Ipietro_drzwi-150x200.jpg 150w, http:\/\/lapidarium.fundacja-hereditas.pl\/wp-content\/uploads\/2021\/12\/12_MM_Wierzbno_Tyniecka40_21_Ipietro_drzwi-300x400.jpg 300w, http:\/\/lapidarium.fundacja-hereditas.pl\/wp-content\/uploads\/2021\/12\/12_MM_Wierzbno_Tyniecka40_21_Ipietro_drzwi-696x928.jpg 696w, http:\/\/lapidarium.fundacja-hereditas.pl\/wp-content\/uploads\/2021\/12\/12_MM_Wierzbno_Tyniecka40_21_Ipietro_drzwi-1068x1424.jpg 1068w, http:\/\/lapidarium.fundacja-hereditas.pl\/wp-content\/uploads\/2021\/12\/12_MM_Wierzbno_Tyniecka40_21_Ipietro_drzwi-scaled.jpg 1920w\" sizes=\"auto, (max-width: 768px) 100vw, 768px\" \/><\/a><figcaption class=\"blocks-gallery-item__caption\">Drzwi, klatka schodowa, I pi\u0119tro. Fot. Mariusz Majewski, 2021, \u017ar\u00f3d\u0142o: Studeo et Conservo<\/figcaption><\/figure><\/li><li class=\"blocks-gallery-item\"><figure><a href=\"http:\/\/lapidarium.fundacja-hereditas.pl\/wp-content\/uploads\/2021\/12\/13_MM_Wierzbno_Tyniecka40_23_IIpolpietro_balustrada-scaled.jpg\"><img loading=\"lazy\" decoding=\"async\" width=\"768\" height=\"1024\" src=\"http:\/\/lapidarium.fundacja-hereditas.pl\/wp-content\/uploads\/2021\/12\/13_MM_Wierzbno_Tyniecka40_23_IIpolpietro_balustrada-768x1024.jpg\" alt=\"Por\u0119cz balustrady, klatka schodowa. Fot. Mariusz Majewski, 2021, \u017ar\u00f3d\u0142o: Studeo et Conservo\" data-id=\"7186\" data-full-url=\"http:\/\/lapidarium.fundacja-hereditas.pl\/wp-content\/uploads\/2021\/12\/13_MM_Wierzbno_Tyniecka40_23_IIpolpietro_balustrada-scaled.jpg\" data-link=\"http:\/\/lapidarium.fundacja-hereditas.pl\/13_mm_wierzbno_tyniecka40_23_iipolpietro_balustrada\/\" class=\"wp-image-7186\" srcset=\"http:\/\/lapidarium.fundacja-hereditas.pl\/wp-content\/uploads\/2021\/12\/13_MM_Wierzbno_Tyniecka40_23_IIpolpietro_balustrada-768x1024.jpg 768w, http:\/\/lapidarium.fundacja-hereditas.pl\/wp-content\/uploads\/2021\/12\/13_MM_Wierzbno_Tyniecka40_23_IIpolpietro_balustrada-225x300.jpg 225w, http:\/\/lapidarium.fundacja-hereditas.pl\/wp-content\/uploads\/2021\/12\/13_MM_Wierzbno_Tyniecka40_23_IIpolpietro_balustrada-1152x1536.jpg 1152w, http:\/\/lapidarium.fundacja-hereditas.pl\/wp-content\/uploads\/2021\/12\/13_MM_Wierzbno_Tyniecka40_23_IIpolpietro_balustrada-1536x2048.jpg 1536w, http:\/\/lapidarium.fundacja-hereditas.pl\/wp-content\/uploads\/2021\/12\/13_MM_Wierzbno_Tyniecka40_23_IIpolpietro_balustrada-150x200.jpg 150w, http:\/\/lapidarium.fundacja-hereditas.pl\/wp-content\/uploads\/2021\/12\/13_MM_Wierzbno_Tyniecka40_23_IIpolpietro_balustrada-300x400.jpg 300w, http:\/\/lapidarium.fundacja-hereditas.pl\/wp-content\/uploads\/2021\/12\/13_MM_Wierzbno_Tyniecka40_23_IIpolpietro_balustrada-696x928.jpg 696w, http:\/\/lapidarium.fundacja-hereditas.pl\/wp-content\/uploads\/2021\/12\/13_MM_Wierzbno_Tyniecka40_23_IIpolpietro_balustrada-1068x1424.jpg 1068w, http:\/\/lapidarium.fundacja-hereditas.pl\/wp-content\/uploads\/2021\/12\/13_MM_Wierzbno_Tyniecka40_23_IIpolpietro_balustrada-scaled.jpg 1920w\" sizes=\"auto, (max-width: 768px) 100vw, 768px\" \/><\/a><figcaption class=\"blocks-gallery-item__caption\">Por\u0119cz balustrady, klatka schodowa. Fot. Mariusz Majewski, 2021, \u017ar\u00f3d\u0142o: Studeo et Conservo<\/figcaption><\/figure><\/li><li class=\"blocks-gallery-item\"><figure><a href=\"http:\/\/lapidarium.fundacja-hereditas.pl\/wp-content\/uploads\/2021\/12\/14_MM_Wierzbno_Tyniecka40_25_IIIpolpietro_balustrada-scaled.jpg\"><img loading=\"lazy\" decoding=\"async\" width=\"768\" height=\"1024\" src=\"http:\/\/lapidarium.fundacja-hereditas.pl\/wp-content\/uploads\/2021\/12\/14_MM_Wierzbno_Tyniecka40_25_IIIpolpietro_balustrada-768x1024.jpg\" alt=\"Balustrada, klatka schodowa, III p\u00f3\u0142pi\u0119tro. Fot. Mariusz Majewski, 2021, \u017ar\u00f3d\u0142o: Studeo et Conservo\" data-id=\"7190\" data-full-url=\"http:\/\/lapidarium.fundacja-hereditas.pl\/wp-content\/uploads\/2021\/12\/14_MM_Wierzbno_Tyniecka40_25_IIIpolpietro_balustrada-scaled.jpg\" data-link=\"http:\/\/lapidarium.fundacja-hereditas.pl\/14_mm_wierzbno_tyniecka40_25_iiipolpietro_balustrada\/\" class=\"wp-image-7190\" srcset=\"http:\/\/lapidarium.fundacja-hereditas.pl\/wp-content\/uploads\/2021\/12\/14_MM_Wierzbno_Tyniecka40_25_IIIpolpietro_balustrada-768x1024.jpg 768w, http:\/\/lapidarium.fundacja-hereditas.pl\/wp-content\/uploads\/2021\/12\/14_MM_Wierzbno_Tyniecka40_25_IIIpolpietro_balustrada-225x300.jpg 225w, http:\/\/lapidarium.fundacja-hereditas.pl\/wp-content\/uploads\/2021\/12\/14_MM_Wierzbno_Tyniecka40_25_IIIpolpietro_balustrada-1152x1536.jpg 1152w, http:\/\/lapidarium.fundacja-hereditas.pl\/wp-content\/uploads\/2021\/12\/14_MM_Wierzbno_Tyniecka40_25_IIIpolpietro_balustrada-1536x2048.jpg 1536w, http:\/\/lapidarium.fundacja-hereditas.pl\/wp-content\/uploads\/2021\/12\/14_MM_Wierzbno_Tyniecka40_25_IIIpolpietro_balustrada-150x200.jpg 150w, http:\/\/lapidarium.fundacja-hereditas.pl\/wp-content\/uploads\/2021\/12\/14_MM_Wierzbno_Tyniecka40_25_IIIpolpietro_balustrada-300x400.jpg 300w, http:\/\/lapidarium.fundacja-hereditas.pl\/wp-content\/uploads\/2021\/12\/14_MM_Wierzbno_Tyniecka40_25_IIIpolpietro_balustrada-696x928.jpg 696w, http:\/\/lapidarium.fundacja-hereditas.pl\/wp-content\/uploads\/2021\/12\/14_MM_Wierzbno_Tyniecka40_25_IIIpolpietro_balustrada-1068x1424.jpg 1068w, http:\/\/lapidarium.fundacja-hereditas.pl\/wp-content\/uploads\/2021\/12\/14_MM_Wierzbno_Tyniecka40_25_IIIpolpietro_balustrada-scaled.jpg 1920w\" sizes=\"auto, (max-width: 768px) 100vw, 768px\" \/><\/a><figcaption class=\"blocks-gallery-item__caption\">Balustrada, klatka schodowa, III p\u00f3\u0142pi\u0119tro. Fot. Mariusz Majewski, 2021, \u017ar\u00f3d\u0142o: Studeo et Conservo<\/figcaption><\/figure><\/li><li class=\"blocks-gallery-item\"><figure><a href=\"http:\/\/lapidarium.fundacja-hereditas.pl\/wp-content\/uploads\/2021\/12\/15_MM_Wierzbno_Tyniecka40_26_IIIpolpietro_balustrada-scaled.jpg\"><img loading=\"lazy\" decoding=\"async\" width=\"768\" height=\"1024\" src=\"http:\/\/lapidarium.fundacja-hereditas.pl\/wp-content\/uploads\/2021\/12\/15_MM_Wierzbno_Tyniecka40_26_IIIpolpietro_balustrada-768x1024.jpg\" alt=\"Fragment balustrady, klatka schodowa, III p\u00f3\u0142pi\u0119tro. Fot. Mariusz Majewski, 2021, \u017ar\u00f3d\u0142o: Studeo et Conservo\" data-id=\"7188\" data-full-url=\"http:\/\/lapidarium.fundacja-hereditas.pl\/wp-content\/uploads\/2021\/12\/15_MM_Wierzbno_Tyniecka40_26_IIIpolpietro_balustrada-scaled.jpg\" data-link=\"http:\/\/lapidarium.fundacja-hereditas.pl\/15_mm_wierzbno_tyniecka40_26_iiipolpietro_balustrada\/\" class=\"wp-image-7188\" srcset=\"http:\/\/lapidarium.fundacja-hereditas.pl\/wp-content\/uploads\/2021\/12\/15_MM_Wierzbno_Tyniecka40_26_IIIpolpietro_balustrada-768x1024.jpg 768w, http:\/\/lapidarium.fundacja-hereditas.pl\/wp-content\/uploads\/2021\/12\/15_MM_Wierzbno_Tyniecka40_26_IIIpolpietro_balustrada-225x300.jpg 225w, http:\/\/lapidarium.fundacja-hereditas.pl\/wp-content\/uploads\/2021\/12\/15_MM_Wierzbno_Tyniecka40_26_IIIpolpietro_balustrada-1152x1536.jpg 1152w, http:\/\/lapidarium.fundacja-hereditas.pl\/wp-content\/uploads\/2021\/12\/15_MM_Wierzbno_Tyniecka40_26_IIIpolpietro_balustrada-1536x2048.jpg 1536w, http:\/\/lapidarium.fundacja-hereditas.pl\/wp-content\/uploads\/2021\/12\/15_MM_Wierzbno_Tyniecka40_26_IIIpolpietro_balustrada-150x200.jpg 150w, http:\/\/lapidarium.fundacja-hereditas.pl\/wp-content\/uploads\/2021\/12\/15_MM_Wierzbno_Tyniecka40_26_IIIpolpietro_balustrada-300x400.jpg 300w, http:\/\/lapidarium.fundacja-hereditas.pl\/wp-content\/uploads\/2021\/12\/15_MM_Wierzbno_Tyniecka40_26_IIIpolpietro_balustrada-696x928.jpg 696w, http:\/\/lapidarium.fundacja-hereditas.pl\/wp-content\/uploads\/2021\/12\/15_MM_Wierzbno_Tyniecka40_26_IIIpolpietro_balustrada-1068x1424.jpg 1068w, http:\/\/lapidarium.fundacja-hereditas.pl\/wp-content\/uploads\/2021\/12\/15_MM_Wierzbno_Tyniecka40_26_IIIpolpietro_balustrada-scaled.jpg 1920w\" sizes=\"auto, (max-width: 768px) 100vw, 768px\" \/><\/a><figcaption class=\"blocks-gallery-item__caption\">Fragment balustrady, klatka schodowa, III p\u00f3\u0142pi\u0119tro. Fot. Mariusz Majewski, 2021, \u017ar\u00f3d\u0142o: Studeo et Conservo<\/figcaption><\/figure><\/li><\/ul><\/figure>\n","protected":false},"excerpt":{"rendered":"<p>Budynek wielorodzinny, lata 30. XX w.<\/p>\n","protected":false},"author":3,"featured_media":7175,"comment_status":"open","ping_status":"open","sticky":false,"template":"","format":"standard","meta":{"footnotes":""},"categories":[96,4],"tags":[],"class_list":{"0":"post-7191","1":"post","2":"type-post","3":"status-publish","4":"format-standard","5":"has-post-thumbnail","7":"category-tyniecka","8":"category-warszawa"},"_links":{"self":[{"href":"http:\/\/lapidarium.fundacja-hereditas.pl\/index.php\/wp-json\/wp\/v2\/posts\/7191","targetHints":{"allow":["GET"]}}],"collection":[{"href":"http:\/\/lapidarium.fundacja-hereditas.pl\/index.php\/wp-json\/wp\/v2\/posts"}],"about":[{"href":"http:\/\/lapidarium.fundacja-hereditas.pl\/index.php\/wp-json\/wp\/v2\/types\/post"}],"author":[{"embeddable":true,"href":"http:\/\/lapidarium.fundacja-hereditas.pl\/index.php\/wp-json\/wp\/v2\/users\/3"}],"replies":[{"embeddable":true,"href":"http:\/\/lapidarium.fundacja-hereditas.pl\/index.php\/wp-json\/wp\/v2\/comments?post=7191"}],"version-history":[{"count":4,"href":"http:\/\/lapidarium.fundacja-hereditas.pl\/index.php\/wp-json\/wp\/v2\/posts\/7191\/revisions"}],"predecessor-version":[{"id":7195,"href":"http:\/\/lapidarium.fundacja-hereditas.pl\/index.php\/wp-json\/wp\/v2\/posts\/7191\/revisions\/7195"}],"wp:featuredmedia":[{"embeddable":true,"href":"http:\/\/lapidarium.fundacja-hereditas.pl\/index.php\/wp-json\/wp\/v2\/media\/7175"}],"wp:attachment":[{"href":"http:\/\/lapidarium.fundacja-hereditas.pl\/index.php\/wp-json\/wp\/v2\/media?parent=7191"}],"wp:term":[{"taxonomy":"category","embeddable":true,"href":"http:\/\/lapidarium.fundacja-hereditas.pl\/index.php\/wp-json\/wp\/v2\/categories?post=7191"},{"taxonomy":"post_tag","embeddable":true,"href":"http:\/\/lapidarium.fundacja-hereditas.pl\/index.php\/wp-json\/wp\/v2\/tags?post=7191"}],"curies":[{"name":"wp","href":"https:\/\/api.w.org\/{rel}","templated":true}]}}