{"id":5950,"date":"2021-10-28T00:55:18","date_gmt":"2021-10-27T22:55:18","guid":{"rendered":"http:\/\/lapidarium.fundacja-hereditas.pl\/?p=5950"},"modified":"2021-12-22T22:56:38","modified_gmt":"2021-12-22T21:56:38","slug":"cukrownia-ul-fabryczna-19","status":"publish","type":"post","link":"http:\/\/lapidarium.fundacja-hereditas.pl\/index.php\/2021\/10\/28\/cukrownia-ul-fabryczna-19\/","title":{"rendered":"Cukrownia ul. Fabryczna 19, Ciechan\u00f3w"},"content":{"rendered":"\n<p>Zabudowania dawnej cukrowni, 1880-82.<\/p>\n\n\n\n<p>Rozleg\u0142y teren dawnego zak\u0142adu. Do zespo\u0142u zabudowa\u0144 przy ul. Fabryczna 19 nale\u017ca\u0142y: murowane budynki cukrowni, gara\u017ce (ob. magazyny), produktownia.<\/p>\n\n\n\n<p>Dodatkowe zdj\u0119cia obiekt\u00f3w udost\u0119pniamy na \u017cyczenie. Osoby zainteresowane prosimy o kontakt z Fundacj\u0105 Hereditas.<\/p>\n\n\n\n<figure class=\"wp-block-gallery columns-3 is-cropped wp-block-gallery-1 is-layout-flex wp-block-gallery-is-layout-flex\"><ul class=\"blocks-gallery-grid\"><li class=\"blocks-gallery-item\"><figure><a href=\"http:\/\/lapidarium.fundacja-hereditas.pl\/wp-content\/uploads\/2021\/10\/1_TAdamiak_Ciechanow_0558_cukrownia-scaled.jpg\"><img loading=\"lazy\" decoding=\"async\" width=\"1024\" height=\"680\" src=\"http:\/\/lapidarium.fundacja-hereditas.pl\/wp-content\/uploads\/2021\/10\/1_TAdamiak_Ciechanow_0558_cukrownia-1024x680.jpg\" alt=\"Zabudowania dawnego zak\u0142adu. Fot. Teresa Adamiak, 2021, \u017ar\u00f3d\u0142o: Res in Ornamento\" data-id=\"5948\" data-full-url=\"http:\/\/lapidarium.fundacja-hereditas.pl\/wp-content\/uploads\/2021\/10\/1_TAdamiak_Ciechanow_0558_cukrownia-scaled.jpg\" data-link=\"http:\/\/lapidarium.fundacja-hereditas.pl\/1_tadamiak_ciechanow_0558_cukrownia\/\" class=\"wp-image-5948\" srcset=\"http:\/\/lapidarium.fundacja-hereditas.pl\/wp-content\/uploads\/2021\/10\/1_TAdamiak_Ciechanow_0558_cukrownia-1024x680.jpg 1024w, http:\/\/lapidarium.fundacja-hereditas.pl\/wp-content\/uploads\/2021\/10\/1_TAdamiak_Ciechanow_0558_cukrownia-300x199.jpg 300w, http:\/\/lapidarium.fundacja-hereditas.pl\/wp-content\/uploads\/2021\/10\/1_TAdamiak_Ciechanow_0558_cukrownia-768x510.jpg 768w, http:\/\/lapidarium.fundacja-hereditas.pl\/wp-content\/uploads\/2021\/10\/1_TAdamiak_Ciechanow_0558_cukrownia-1536x1020.jpg 1536w, http:\/\/lapidarium.fundacja-hereditas.pl\/wp-content\/uploads\/2021\/10\/1_TAdamiak_Ciechanow_0558_cukrownia-2048x1360.jpg 2048w, http:\/\/lapidarium.fundacja-hereditas.pl\/wp-content\/uploads\/2021\/10\/1_TAdamiak_Ciechanow_0558_cukrownia-150x100.jpg 150w, http:\/\/lapidarium.fundacja-hereditas.pl\/wp-content\/uploads\/2021\/10\/1_TAdamiak_Ciechanow_0558_cukrownia-696x462.jpg 696w, http:\/\/lapidarium.fundacja-hereditas.pl\/wp-content\/uploads\/2021\/10\/1_TAdamiak_Ciechanow_0558_cukrownia-1068x709.jpg 1068w, http:\/\/lapidarium.fundacja-hereditas.pl\/wp-content\/uploads\/2021\/10\/1_TAdamiak_Ciechanow_0558_cukrownia-1920x1275.jpg 1920w\" sizes=\"auto, (max-width: 1024px) 100vw, 1024px\" \/><\/a><figcaption class=\"blocks-gallery-item__caption\">Zabudowania dawnego zak\u0142adu. Fot. Teresa Adamiak, 2021, \u017ar\u00f3d\u0142o: Res in Ornamento<\/figcaption><\/figure><\/li><li class=\"blocks-gallery-item\"><figure><a href=\"http:\/\/lapidarium.fundacja-hereditas.pl\/wp-content\/uploads\/2021\/10\/2_MM_Ciechanow_Cukrownia_01-scaled.jpg\"><img loading=\"lazy\" decoding=\"async\" width=\"994\" height=\"1024\" src=\"http:\/\/lapidarium.fundacja-hereditas.pl\/wp-content\/uploads\/2021\/10\/2_MM_Ciechanow_Cukrownia_01-994x1024.jpg\" alt=\"Komin fabryczny. Fot. Mariusz Majewski, 2021, \u017ar\u00f3d\u0142o: Res in Ornamento\" data-id=\"5949\" data-full-url=\"http:\/\/lapidarium.fundacja-hereditas.pl\/wp-content\/uploads\/2021\/10\/2_MM_Ciechanow_Cukrownia_01-scaled.jpg\" data-link=\"http:\/\/lapidarium.fundacja-hereditas.pl\/2_mm_ciechanow_cukrownia_01\/\" class=\"wp-image-5949\" srcset=\"http:\/\/lapidarium.fundacja-hereditas.pl\/wp-content\/uploads\/2021\/10\/2_MM_Ciechanow_Cukrownia_01-994x1024.jpg 994w, http:\/\/lapidarium.fundacja-hereditas.pl\/wp-content\/uploads\/2021\/10\/2_MM_Ciechanow_Cukrownia_01-291x300.jpg 291w, http:\/\/lapidarium.fundacja-hereditas.pl\/wp-content\/uploads\/2021\/10\/2_MM_Ciechanow_Cukrownia_01-768x791.jpg 768w, http:\/\/lapidarium.fundacja-hereditas.pl\/wp-content\/uploads\/2021\/10\/2_MM_Ciechanow_Cukrownia_01-1491x1536.jpg 1491w, http:\/\/lapidarium.fundacja-hereditas.pl\/wp-content\/uploads\/2021\/10\/2_MM_Ciechanow_Cukrownia_01-1988x2048.jpg 1988w, http:\/\/lapidarium.fundacja-hereditas.pl\/wp-content\/uploads\/2021\/10\/2_MM_Ciechanow_Cukrownia_01-150x155.jpg 150w, http:\/\/lapidarium.fundacja-hereditas.pl\/wp-content\/uploads\/2021\/10\/2_MM_Ciechanow_Cukrownia_01-300x309.jpg 300w, http:\/\/lapidarium.fundacja-hereditas.pl\/wp-content\/uploads\/2021\/10\/2_MM_Ciechanow_Cukrownia_01-696x717.jpg 696w, http:\/\/lapidarium.fundacja-hereditas.pl\/wp-content\/uploads\/2021\/10\/2_MM_Ciechanow_Cukrownia_01-1068x1100.jpg 1068w, http:\/\/lapidarium.fundacja-hereditas.pl\/wp-content\/uploads\/2021\/10\/2_MM_Ciechanow_Cukrownia_01-1920x1978.jpg 1920w\" sizes=\"auto, (max-width: 994px) 100vw, 994px\" \/><\/a><figcaption class=\"blocks-gallery-item__caption\">Komin fabryczny. Fot. Mariusz Majewski, 2021, \u017ar\u00f3d\u0142o: Res in Ornamento<\/figcaption><\/figure><\/li><li class=\"blocks-gallery-item\"><figure><a href=\"http:\/\/lapidarium.fundacja-hereditas.pl\/wp-content\/uploads\/2021\/10\/3_MM_Ciechanow_Cukrownia_03-scaled.jpg\"><img loading=\"lazy\" decoding=\"async\" width=\"1024\" height=\"974\" src=\"http:\/\/lapidarium.fundacja-hereditas.pl\/wp-content\/uploads\/2021\/10\/3_MM_Ciechanow_Cukrownia_03-1024x974.jpg\" alt=\"Zabudowania dawnego zak\u0142adu. Fot. Mariusz Majewski, 2021, \u017ar\u00f3d\u0142o: Res in Ornamento\" data-id=\"5947\" data-full-url=\"http:\/\/lapidarium.fundacja-hereditas.pl\/wp-content\/uploads\/2021\/10\/3_MM_Ciechanow_Cukrownia_03-scaled.jpg\" data-link=\"http:\/\/lapidarium.fundacja-hereditas.pl\/3_mm_ciechanow_cukrownia_03\/\" class=\"wp-image-5947\" srcset=\"http:\/\/lapidarium.fundacja-hereditas.pl\/wp-content\/uploads\/2021\/10\/3_MM_Ciechanow_Cukrownia_03-1024x974.jpg 1024w, http:\/\/lapidarium.fundacja-hereditas.pl\/wp-content\/uploads\/2021\/10\/3_MM_Ciechanow_Cukrownia_03-300x285.jpg 300w, http:\/\/lapidarium.fundacja-hereditas.pl\/wp-content\/uploads\/2021\/10\/3_MM_Ciechanow_Cukrownia_03-768x730.jpg 768w, http:\/\/lapidarium.fundacja-hereditas.pl\/wp-content\/uploads\/2021\/10\/3_MM_Ciechanow_Cukrownia_03-1536x1460.jpg 1536w, http:\/\/lapidarium.fundacja-hereditas.pl\/wp-content\/uploads\/2021\/10\/3_MM_Ciechanow_Cukrownia_03-2048x1947.jpg 2048w, http:\/\/lapidarium.fundacja-hereditas.pl\/wp-content\/uploads\/2021\/10\/3_MM_Ciechanow_Cukrownia_03-150x143.jpg 150w, http:\/\/lapidarium.fundacja-hereditas.pl\/wp-content\/uploads\/2021\/10\/3_MM_Ciechanow_Cukrownia_03-696x662.jpg 696w, http:\/\/lapidarium.fundacja-hereditas.pl\/wp-content\/uploads\/2021\/10\/3_MM_Ciechanow_Cukrownia_03-1068x1015.jpg 1068w, http:\/\/lapidarium.fundacja-hereditas.pl\/wp-content\/uploads\/2021\/10\/3_MM_Ciechanow_Cukrownia_03-1920x1825.jpg 1920w\" sizes=\"auto, (max-width: 1024px) 100vw, 1024px\" \/><\/a><figcaption class=\"blocks-gallery-item__caption\">Zabudowania dawnego zak\u0142adu. Fot. Mariusz Majewski, 2021, \u017ar\u00f3d\u0142o: Res in Ornamento<\/figcaption><\/figure><\/li><\/ul><\/figure>\n","protected":false},"excerpt":{"rendered":"<p>Zabudowania dawnej cukrowni, 1880-82.<\/p>\n","protected":false},"author":3,"featured_media":5947,"comment_status":"open","ping_status":"open","sticky":false,"template":"","format":"standard","meta":{"footnotes":""},"categories":[7,89],"tags":[],"class_list":{"0":"post-5950","1":"post","2":"type-post","3":"status-publish","4":"format-standard","5":"has-post-thumbnail","7":"category-ciechanow","8":"category-fabryczna"},"_links":{"self":[{"href":"http:\/\/lapidarium.fundacja-hereditas.pl\/index.php\/wp-json\/wp\/v2\/posts\/5950","targetHints":{"allow":["GET"]}}],"collection":[{"href":"http:\/\/lapidarium.fundacja-hereditas.pl\/index.php\/wp-json\/wp\/v2\/posts"}],"about":[{"href":"http:\/\/lapidarium.fundacja-hereditas.pl\/index.php\/wp-json\/wp\/v2\/types\/post"}],"author":[{"embeddable":true,"href":"http:\/\/lapidarium.fundacja-hereditas.pl\/index.php\/wp-json\/wp\/v2\/users\/3"}],"replies":[{"embeddable":true,"href":"http:\/\/lapidarium.fundacja-hereditas.pl\/index.php\/wp-json\/wp\/v2\/comments?post=5950"}],"version-history":[{"count":5,"href":"http:\/\/lapidarium.fundacja-hereditas.pl\/index.php\/wp-json\/wp\/v2\/posts\/5950\/revisions"}],"predecessor-version":[{"id":6971,"href":"http:\/\/lapidarium.fundacja-hereditas.pl\/index.php\/wp-json\/wp\/v2\/posts\/5950\/revisions\/6971"}],"wp:featuredmedia":[{"embeddable":true,"href":"http:\/\/lapidarium.fundacja-hereditas.pl\/index.php\/wp-json\/wp\/v2\/media\/5947"}],"wp:attachment":[{"href":"http:\/\/lapidarium.fundacja-hereditas.pl\/index.php\/wp-json\/wp\/v2\/media?parent=5950"}],"wp:term":[{"taxonomy":"category","embeddable":true,"href":"http:\/\/lapidarium.fundacja-hereditas.pl\/index.php\/wp-json\/wp\/v2\/categories?post=5950"},{"taxonomy":"post_tag","embeddable":true,"href":"http:\/\/lapidarium.fundacja-hereditas.pl\/index.php\/wp-json\/wp\/v2\/tags?post=5950"}],"curies":[{"name":"wp","href":"https:\/\/api.w.org\/{rel}","templated":true}]}}