{"id":590,"date":"2021-08-27T12:16:30","date_gmt":"2021-08-27T10:16:30","guid":{"rendered":"https:\/\/lapidarium.fundacja-hereditas.pl\/?p=590"},"modified":"2021-10-26T18:35:28","modified_gmt":"2021-10-26T16:35:28","slug":"kamienica-szlamy-brzozy-i-moszka-nachszterna-ul-jagiellonska-18","status":"publish","type":"post","link":"http:\/\/lapidarium.fundacja-hereditas.pl\/index.php\/2021\/08\/27\/kamienica-szlamy-brzozy-i-moszka-nachszterna-ul-jagiellonska-18\/","title":{"rendered":"Kamienica Szlamy Brzozy i Moszka Nachszterna ul. Jagiello\u0144ska 18, Warszawa"},"content":{"rendered":"\n<p>Dom wzniesiony w latach 1878-1879 pod kierunkiem Edwarda Ruci\u0144skiego, pierwotnie trzykondygnacyjny, nadbudowany o dwie kolejne kondygnacje po 1898 r. W czasie wojny w\u0142a\u015bcicielami byli Silberbergowie i Cukierowie (za: J. Zieli\u0144ski, Atlas dawnej architektury ulic i plac\u00f3w Warszawy, t. 5, Warszawa 1999).<\/p>\n\n\n\n<p>Opis architektury i stan zachowania; detal architektoniczny<\/p>\n\n\n\n<p>Elewacja frontowa o\u015bmioosiowa. Sklepiony prosto przejazd bramny w pseudoryzalicie pi\u0105tej osi, nad nim na drugiej i trzeciej kondygnacji balkony o wt\u00f3rnych balustradach. Poza tym elewacja pozbawiona obecnie detalu. W podw\u00f3rzu czterokondygnacyjna, o\u015bmioosiowa oficyna poprzeczna, kt\u00f3rej przejazd bramny sklepiony odcinkowo, o sklepieniach \u017caglastych. Klatka schodowa w oficynie o drewnianym wystroju. Druga oficyna poprzeczna nie zachowana (rozebrana po wojnie; za: J. Zieli\u0144ski, Atlas\u2026).<\/p>\n\n\n\n<figure class=\"wp-block-gallery columns-3 is-cropped wp-block-gallery-1 is-layout-flex wp-block-gallery-is-layout-flex\"><ul class=\"blocks-gallery-grid\"><li class=\"blocks-gallery-item\"><figure><a href=\"http:\/\/lapidarium.fundacja-hereditas.pl\/wp-content\/uploads\/2021\/08\/djagiellonska18_1.jpg\"><img loading=\"lazy\" decoding=\"async\" width=\"825\" height=\"550\" src=\"http:\/\/lapidarium.fundacja-hereditas.pl\/wp-content\/uploads\/2021\/08\/djagiellonska18_1.jpg\" alt=\"Elewacja frontowa. Fot. Anna Szwa\u0142kiewicz, 2019, \u017ar\u00f3d\u0142o: lapidarium detalu.\" data-id=\"504\" data-full-url=\"http:\/\/lapidarium.fundacja-hereditas.pl\/wp-content\/uploads\/2021\/08\/djagiellonska18_1.jpg\" data-link=\"https:\/\/lapidarium.fundacja-hereditas.pl\/djagiellonska18_1\/\" class=\"wp-image-504\" srcset=\"http:\/\/lapidarium.fundacja-hereditas.pl\/wp-content\/uploads\/2021\/08\/djagiellonska18_1.jpg 825w, http:\/\/lapidarium.fundacja-hereditas.pl\/wp-content\/uploads\/2021\/08\/djagiellonska18_1-300x200.jpg 300w, http:\/\/lapidarium.fundacja-hereditas.pl\/wp-content\/uploads\/2021\/08\/djagiellonska18_1-768x512.jpg 768w, http:\/\/lapidarium.fundacja-hereditas.pl\/wp-content\/uploads\/2021\/08\/djagiellonska18_1-150x100.jpg 150w, http:\/\/lapidarium.fundacja-hereditas.pl\/wp-content\/uploads\/2021\/08\/djagiellonska18_1-696x464.jpg 696w\" sizes=\"auto, (max-width: 825px) 100vw, 825px\" \/><\/a><figcaption class=\"blocks-gallery-item__caption\">Elewacja frontowa. Fot. Anna Szwa\u0142kiewicz, 2019, \u017ar\u00f3d\u0142o: lapidarium detalu.<\/figcaption><\/figure><\/li><li class=\"blocks-gallery-item\"><figure><a href=\"http:\/\/lapidarium.fundacja-hereditas.pl\/wp-content\/uploads\/2021\/08\/d1577378459_galeria104.jpg\"><img loading=\"lazy\" decoding=\"async\" width=\"824\" height=\"550\" src=\"http:\/\/lapidarium.fundacja-hereditas.pl\/wp-content\/uploads\/2021\/08\/d1577378459_galeria104.jpg\" alt=\"Widok z przejazdu bramnego w oficynie poprzecznej na tyln\u0105 elewacj\u0119 kamienicy frontowej. Fot. Kaja Diks, 2019, \u017ar\u00f3d\u0142o: lapidarium detalu.\" data-id=\"502\" data-full-url=\"http:\/\/lapidarium.fundacja-hereditas.pl\/wp-content\/uploads\/2021\/08\/d1577378459_galeria104.jpg\" data-link=\"https:\/\/lapidarium.fundacja-hereditas.pl\/d1577378459_galeria104\/\" class=\"wp-image-502\" srcset=\"http:\/\/lapidarium.fundacja-hereditas.pl\/wp-content\/uploads\/2021\/08\/d1577378459_galeria104.jpg 824w, http:\/\/lapidarium.fundacja-hereditas.pl\/wp-content\/uploads\/2021\/08\/d1577378459_galeria104-300x200.jpg 300w, http:\/\/lapidarium.fundacja-hereditas.pl\/wp-content\/uploads\/2021\/08\/d1577378459_galeria104-768x513.jpg 768w, http:\/\/lapidarium.fundacja-hereditas.pl\/wp-content\/uploads\/2021\/08\/d1577378459_galeria104-150x100.jpg 150w, http:\/\/lapidarium.fundacja-hereditas.pl\/wp-content\/uploads\/2021\/08\/d1577378459_galeria104-696x465.jpg 696w\" sizes=\"auto, (max-width: 824px) 100vw, 824px\" \/><\/a><figcaption class=\"blocks-gallery-item__caption\">Widok z przejazdu bramnego w oficynie poprzecznej na tyln\u0105 elewacj\u0119 kamienicy frontowej. Fot. Kaja Diks, 2019, \u017ar\u00f3d\u0142o: lapidarium detalu.<\/figcaption><\/figure><\/li><li class=\"blocks-gallery-item\"><figure><a href=\"http:\/\/lapidarium.fundacja-hereditas.pl\/wp-content\/uploads\/2021\/08\/d1577378341_galeria104.jpg\"><img loading=\"lazy\" decoding=\"async\" width=\"824\" height=\"550\" src=\"http:\/\/lapidarium.fundacja-hereditas.pl\/wp-content\/uploads\/2021\/08\/d1577378341_galeria104.jpg\" alt=\"Przejazd bramny w oficynie poprzecznej. Fot. Kaja Diks, 2019, \u017ar\u00f3d\u0142o: lapidarium detalu.\" data-id=\"501\" data-full-url=\"http:\/\/lapidarium.fundacja-hereditas.pl\/wp-content\/uploads\/2021\/08\/d1577378341_galeria104.jpg\" data-link=\"https:\/\/lapidarium.fundacja-hereditas.pl\/d1577378341_galeria104\/\" class=\"wp-image-501\" srcset=\"http:\/\/lapidarium.fundacja-hereditas.pl\/wp-content\/uploads\/2021\/08\/d1577378341_galeria104.jpg 824w, http:\/\/lapidarium.fundacja-hereditas.pl\/wp-content\/uploads\/2021\/08\/d1577378341_galeria104-300x200.jpg 300w, http:\/\/lapidarium.fundacja-hereditas.pl\/wp-content\/uploads\/2021\/08\/d1577378341_galeria104-768x513.jpg 768w, http:\/\/lapidarium.fundacja-hereditas.pl\/wp-content\/uploads\/2021\/08\/d1577378341_galeria104-150x100.jpg 150w, http:\/\/lapidarium.fundacja-hereditas.pl\/wp-content\/uploads\/2021\/08\/d1577378341_galeria104-696x465.jpg 696w\" sizes=\"auto, (max-width: 824px) 100vw, 824px\" \/><\/a><figcaption class=\"blocks-gallery-item__caption\">Przejazd bramny w oficynie poprzecznej. Fot. Kaja Diks, 2019, \u017ar\u00f3d\u0142o: lapidarium detalu.<\/figcaption><\/figure><\/li><li class=\"blocks-gallery-item\"><figure><a href=\"http:\/\/lapidarium.fundacja-hereditas.pl\/wp-content\/uploads\/2021\/08\/d1577378331_galeria104.jpg\"><img loading=\"lazy\" decoding=\"async\" width=\"824\" height=\"550\" src=\"http:\/\/lapidarium.fundacja-hereditas.pl\/wp-content\/uploads\/2021\/08\/d1577378331_galeria104.jpg\" alt=\"Przejazd bramny w oficynie poprzecznej. Fot. Kaja Diks, 2019, \u017ar\u00f3d\u0142o: lapidarium detalu.\" data-id=\"500\" data-full-url=\"http:\/\/lapidarium.fundacja-hereditas.pl\/wp-content\/uploads\/2021\/08\/d1577378331_galeria104.jpg\" data-link=\"https:\/\/lapidarium.fundacja-hereditas.pl\/d1577378331_galeria104\/\" class=\"wp-image-500\" srcset=\"http:\/\/lapidarium.fundacja-hereditas.pl\/wp-content\/uploads\/2021\/08\/d1577378331_galeria104.jpg 824w, http:\/\/lapidarium.fundacja-hereditas.pl\/wp-content\/uploads\/2021\/08\/d1577378331_galeria104-300x200.jpg 300w, http:\/\/lapidarium.fundacja-hereditas.pl\/wp-content\/uploads\/2021\/08\/d1577378331_galeria104-768x513.jpg 768w, http:\/\/lapidarium.fundacja-hereditas.pl\/wp-content\/uploads\/2021\/08\/d1577378331_galeria104-150x100.jpg 150w, http:\/\/lapidarium.fundacja-hereditas.pl\/wp-content\/uploads\/2021\/08\/d1577378331_galeria104-696x465.jpg 696w\" sizes=\"auto, (max-width: 824px) 100vw, 824px\" \/><\/a><figcaption class=\"blocks-gallery-item__caption\">Przejazd bramny w oficynie poprzecznej. Fot. Kaja Diks, 2019, \u017ar\u00f3d\u0142o: lapidarium detalu.<\/figcaption><\/figure><\/li><li class=\"blocks-gallery-item\"><figure><a href=\"http:\/\/lapidarium.fundacja-hereditas.pl\/wp-content\/uploads\/2021\/08\/d1577378318_galeria104.jpg\"><img loading=\"lazy\" decoding=\"async\" width=\"824\" height=\"550\" src=\"http:\/\/lapidarium.fundacja-hereditas.pl\/wp-content\/uploads\/2021\/08\/d1577378318_galeria104.jpg\" alt=\"Balustrada schod\u00f3w w oficynie poprzecznej. Fot. Kaja Diks, 2019, \u017ar\u00f3d\u0142o: lapidarium detalu.\" data-id=\"499\" data-full-url=\"http:\/\/lapidarium.fundacja-hereditas.pl\/wp-content\/uploads\/2021\/08\/d1577378318_galeria104.jpg\" data-link=\"https:\/\/lapidarium.fundacja-hereditas.pl\/d1577378318_galeria104\/\" class=\"wp-image-499\" srcset=\"http:\/\/lapidarium.fundacja-hereditas.pl\/wp-content\/uploads\/2021\/08\/d1577378318_galeria104.jpg 824w, http:\/\/lapidarium.fundacja-hereditas.pl\/wp-content\/uploads\/2021\/08\/d1577378318_galeria104-300x200.jpg 300w, http:\/\/lapidarium.fundacja-hereditas.pl\/wp-content\/uploads\/2021\/08\/d1577378318_galeria104-768x513.jpg 768w, http:\/\/lapidarium.fundacja-hereditas.pl\/wp-content\/uploads\/2021\/08\/d1577378318_galeria104-150x100.jpg 150w, http:\/\/lapidarium.fundacja-hereditas.pl\/wp-content\/uploads\/2021\/08\/d1577378318_galeria104-696x465.jpg 696w\" sizes=\"auto, (max-width: 824px) 100vw, 824px\" \/><\/a><figcaption class=\"blocks-gallery-item__caption\">Balustrada schod\u00f3w w oficynie poprzecznej. Fot. Kaja Diks, 2019, \u017ar\u00f3d\u0142o: lapidarium detalu.<\/figcaption><\/figure><\/li><li class=\"blocks-gallery-item\"><figure><a href=\"http:\/\/lapidarium.fundacja-hereditas.pl\/wp-content\/uploads\/2021\/08\/d1577378203_galeria104.jpg\"><img loading=\"lazy\" decoding=\"async\" width=\"824\" height=\"550\" src=\"http:\/\/lapidarium.fundacja-hereditas.pl\/wp-content\/uploads\/2021\/08\/d1577378203_galeria104.jpg\" alt=\"Balustrada schod\u00f3w w oficynie poprzecznej. Fot. Kaja Diks, 2019, \u017ar\u00f3d\u0142o: lapidarium detalu.\" data-id=\"495\" data-full-url=\"http:\/\/lapidarium.fundacja-hereditas.pl\/wp-content\/uploads\/2021\/08\/d1577378203_galeria104.jpg\" data-link=\"https:\/\/lapidarium.fundacja-hereditas.pl\/d1577378203_galeria104\/\" class=\"wp-image-495\" srcset=\"http:\/\/lapidarium.fundacja-hereditas.pl\/wp-content\/uploads\/2021\/08\/d1577378203_galeria104.jpg 824w, http:\/\/lapidarium.fundacja-hereditas.pl\/wp-content\/uploads\/2021\/08\/d1577378203_galeria104-300x200.jpg 300w, http:\/\/lapidarium.fundacja-hereditas.pl\/wp-content\/uploads\/2021\/08\/d1577378203_galeria104-768x513.jpg 768w, http:\/\/lapidarium.fundacja-hereditas.pl\/wp-content\/uploads\/2021\/08\/d1577378203_galeria104-150x100.jpg 150w, http:\/\/lapidarium.fundacja-hereditas.pl\/wp-content\/uploads\/2021\/08\/d1577378203_galeria104-696x465.jpg 696w\" sizes=\"auto, (max-width: 824px) 100vw, 824px\" \/><\/a><figcaption class=\"blocks-gallery-item__caption\">Balustrada schod\u00f3w w oficynie poprzecznej. Fot. Kaja Diks, 2019, \u017ar\u00f3d\u0142o: lapidarium detalu.<\/figcaption><\/figure><\/li><li class=\"blocks-gallery-item\"><figure><a href=\"http:\/\/lapidarium.fundacja-hereditas.pl\/wp-content\/uploads\/2021\/08\/d1577378014_galeria104.jpg\"><img loading=\"lazy\" decoding=\"async\" width=\"824\" height=\"550\" src=\"http:\/\/lapidarium.fundacja-hereditas.pl\/wp-content\/uploads\/2021\/08\/d1577378014_galeria104.jpg\" alt=\"Balustrada schod\u00f3w w oficynie poprzecznej. Fot. Kaja Diks, 2019, \u017ar\u00f3d\u0142o: lapidarium detalu.\" data-id=\"494\" data-full-url=\"http:\/\/lapidarium.fundacja-hereditas.pl\/wp-content\/uploads\/2021\/08\/d1577378014_galeria104.jpg\" data-link=\"https:\/\/lapidarium.fundacja-hereditas.pl\/d1577378014_galeria104\/\" class=\"wp-image-494\" srcset=\"http:\/\/lapidarium.fundacja-hereditas.pl\/wp-content\/uploads\/2021\/08\/d1577378014_galeria104.jpg 824w, http:\/\/lapidarium.fundacja-hereditas.pl\/wp-content\/uploads\/2021\/08\/d1577378014_galeria104-300x200.jpg 300w, http:\/\/lapidarium.fundacja-hereditas.pl\/wp-content\/uploads\/2021\/08\/d1577378014_galeria104-768x513.jpg 768w, http:\/\/lapidarium.fundacja-hereditas.pl\/wp-content\/uploads\/2021\/08\/d1577378014_galeria104-150x100.jpg 150w, http:\/\/lapidarium.fundacja-hereditas.pl\/wp-content\/uploads\/2021\/08\/d1577378014_galeria104-696x465.jpg 696w\" sizes=\"auto, (max-width: 824px) 100vw, 824px\" \/><\/a><figcaption class=\"blocks-gallery-item__caption\">Balustrada schod\u00f3w w oficynie poprzecznej. Fot. Kaja Diks, 2019, \u017ar\u00f3d\u0142o: lapidarium detalu.<\/figcaption><\/figure><\/li><li class=\"blocks-gallery-item\"><figure><a href=\"http:\/\/lapidarium.fundacja-hereditas.pl\/wp-content\/uploads\/2021\/08\/d1577378215_galeria104.jpg\"><img loading=\"lazy\" decoding=\"async\" width=\"824\" height=\"550\" src=\"http:\/\/lapidarium.fundacja-hereditas.pl\/wp-content\/uploads\/2021\/08\/d1577378215_galeria104.jpg\" alt=\"Balustrada schod\u00f3w w oficynie poprzecznej. Fot. Kaja Diks, 2019, \u017ar\u00f3d\u0142o: lapidarium detalu.\" data-id=\"496\" data-full-url=\"http:\/\/lapidarium.fundacja-hereditas.pl\/wp-content\/uploads\/2021\/08\/d1577378215_galeria104.jpg\" data-link=\"https:\/\/lapidarium.fundacja-hereditas.pl\/d1577378215_galeria104\/\" class=\"wp-image-496\" srcset=\"http:\/\/lapidarium.fundacja-hereditas.pl\/wp-content\/uploads\/2021\/08\/d1577378215_galeria104.jpg 824w, http:\/\/lapidarium.fundacja-hereditas.pl\/wp-content\/uploads\/2021\/08\/d1577378215_galeria104-300x200.jpg 300w, http:\/\/lapidarium.fundacja-hereditas.pl\/wp-content\/uploads\/2021\/08\/d1577378215_galeria104-768x513.jpg 768w, http:\/\/lapidarium.fundacja-hereditas.pl\/wp-content\/uploads\/2021\/08\/d1577378215_galeria104-150x100.jpg 150w, http:\/\/lapidarium.fundacja-hereditas.pl\/wp-content\/uploads\/2021\/08\/d1577378215_galeria104-696x465.jpg 696w\" sizes=\"auto, (max-width: 824px) 100vw, 824px\" \/><\/a><figcaption class=\"blocks-gallery-item__caption\">Balustrada schod\u00f3w w oficynie poprzecznej. Fot. Kaja Diks, 2019, \u017ar\u00f3d\u0142o: lapidarium detalu.<\/figcaption><\/figure><\/li><li class=\"blocks-gallery-item\"><figure><a href=\"http:\/\/lapidarium.fundacja-hereditas.pl\/wp-content\/uploads\/2021\/08\/d1577378307_galeria104.jpg\"><img loading=\"lazy\" decoding=\"async\" width=\"824\" height=\"550\" src=\"http:\/\/lapidarium.fundacja-hereditas.pl\/wp-content\/uploads\/2021\/08\/d1577378307_galeria104.jpg\" alt=\"Balustrada schod\u00f3w w oficynie poprzecznej. Fot. Kaja Diks, 2019, \u017ar\u00f3d\u0142o: lapidarium detalu.\" data-id=\"498\" data-full-url=\"http:\/\/lapidarium.fundacja-hereditas.pl\/wp-content\/uploads\/2021\/08\/d1577378307_galeria104.jpg\" data-link=\"https:\/\/lapidarium.fundacja-hereditas.pl\/d1577378307_galeria104\/\" class=\"wp-image-498\" srcset=\"http:\/\/lapidarium.fundacja-hereditas.pl\/wp-content\/uploads\/2021\/08\/d1577378307_galeria104.jpg 824w, http:\/\/lapidarium.fundacja-hereditas.pl\/wp-content\/uploads\/2021\/08\/d1577378307_galeria104-300x200.jpg 300w, http:\/\/lapidarium.fundacja-hereditas.pl\/wp-content\/uploads\/2021\/08\/d1577378307_galeria104-768x513.jpg 768w, http:\/\/lapidarium.fundacja-hereditas.pl\/wp-content\/uploads\/2021\/08\/d1577378307_galeria104-150x100.jpg 150w, http:\/\/lapidarium.fundacja-hereditas.pl\/wp-content\/uploads\/2021\/08\/d1577378307_galeria104-696x465.jpg 696w\" sizes=\"auto, (max-width: 824px) 100vw, 824px\" \/><\/a><figcaption class=\"blocks-gallery-item__caption\">Balustrada schod\u00f3w w oficynie poprzecznej. Fot. Kaja Diks, 2019, \u017ar\u00f3d\u0142o: lapidarium detalu.<\/figcaption><\/figure><\/li><li class=\"blocks-gallery-item\"><figure><a href=\"http:\/\/lapidarium.fundacja-hereditas.pl\/wp-content\/uploads\/2021\/08\/d1577378469_galeria104.jpg\"><img loading=\"lazy\" decoding=\"async\" width=\"824\" height=\"550\" src=\"http:\/\/lapidarium.fundacja-hereditas.pl\/wp-content\/uploads\/2021\/08\/d1577378469_galeria104.jpg\" alt=\"Klatka schodowa w oficynie poprzecznej. Fot. Kaja Diks, 2019, \u017ar\u00f3d\u0142o: lapidarium detalu.\" data-id=\"503\" data-full-url=\"http:\/\/lapidarium.fundacja-hereditas.pl\/wp-content\/uploads\/2021\/08\/d1577378469_galeria104.jpg\" data-link=\"https:\/\/lapidarium.fundacja-hereditas.pl\/d1577378469_galeria104\/\" class=\"wp-image-503\" srcset=\"http:\/\/lapidarium.fundacja-hereditas.pl\/wp-content\/uploads\/2021\/08\/d1577378469_galeria104.jpg 824w, http:\/\/lapidarium.fundacja-hereditas.pl\/wp-content\/uploads\/2021\/08\/d1577378469_galeria104-300x200.jpg 300w, http:\/\/lapidarium.fundacja-hereditas.pl\/wp-content\/uploads\/2021\/08\/d1577378469_galeria104-768x513.jpg 768w, http:\/\/lapidarium.fundacja-hereditas.pl\/wp-content\/uploads\/2021\/08\/d1577378469_galeria104-150x100.jpg 150w, http:\/\/lapidarium.fundacja-hereditas.pl\/wp-content\/uploads\/2021\/08\/d1577378469_galeria104-696x465.jpg 696w\" sizes=\"auto, (max-width: 824px) 100vw, 824px\" \/><\/a><figcaption class=\"blocks-gallery-item__caption\">Klatka schodowa w oficynie poprzecznej. Fot. Kaja Diks, 2019, \u017ar\u00f3d\u0142o: lapidarium detalu.<\/figcaption><\/figure><\/li><li class=\"blocks-gallery-item\"><figure><a href=\"http:\/\/lapidarium.fundacja-hereditas.pl\/wp-content\/uploads\/2021\/08\/d1577378232_galeria104.jpg\"><img loading=\"lazy\" decoding=\"async\" width=\"824\" height=\"550\" src=\"http:\/\/lapidarium.fundacja-hereditas.pl\/wp-content\/uploads\/2021\/08\/d1577378232_galeria104.jpg\" alt=\"Drzwi do mieszkania, klatka schodowa w oficynie poprzecznej. Fot. Kaja Diks, 2019, \u017ar\u00f3d\u0142o: lapidarium detalu.\" data-id=\"497\" data-full-url=\"http:\/\/lapidarium.fundacja-hereditas.pl\/wp-content\/uploads\/2021\/08\/d1577378232_galeria104.jpg\" data-link=\"https:\/\/lapidarium.fundacja-hereditas.pl\/d1577378232_galeria104\/\" class=\"wp-image-497\" srcset=\"http:\/\/lapidarium.fundacja-hereditas.pl\/wp-content\/uploads\/2021\/08\/d1577378232_galeria104.jpg 824w, http:\/\/lapidarium.fundacja-hereditas.pl\/wp-content\/uploads\/2021\/08\/d1577378232_galeria104-300x200.jpg 300w, http:\/\/lapidarium.fundacja-hereditas.pl\/wp-content\/uploads\/2021\/08\/d1577378232_galeria104-768x513.jpg 768w, http:\/\/lapidarium.fundacja-hereditas.pl\/wp-content\/uploads\/2021\/08\/d1577378232_galeria104-150x100.jpg 150w, http:\/\/lapidarium.fundacja-hereditas.pl\/wp-content\/uploads\/2021\/08\/d1577378232_galeria104-696x465.jpg 696w\" sizes=\"auto, (max-width: 824px) 100vw, 824px\" \/><\/a><figcaption class=\"blocks-gallery-item__caption\">Drzwi do mieszkania, klatka schodowa w oficynie poprzecznej. Fot. Kaja Diks, 2019, \u017ar\u00f3d\u0142o: lapidarium detalu.<\/figcaption><\/figure><\/li><li class=\"blocks-gallery-item\"><figure><a href=\"http:\/\/lapidarium.fundacja-hereditas.pl\/wp-content\/uploads\/2021\/08\/djagiellonska18_3.jpg\"><img loading=\"lazy\" decoding=\"async\" width=\"367\" height=\"550\" src=\"http:\/\/lapidarium.fundacja-hereditas.pl\/wp-content\/uploads\/2021\/08\/djagiellonska18_3.jpg\" alt=\"Kapliczka w podw\u00f3rzu. Fot. Anna Szwa\u0142kiewicz, 2019, \u017ar\u00f3d\u0142o: lapidarium detalu.\" data-id=\"505\" data-full-url=\"http:\/\/lapidarium.fundacja-hereditas.pl\/wp-content\/uploads\/2021\/08\/djagiellonska18_3.jpg\" data-link=\"https:\/\/lapidarium.fundacja-hereditas.pl\/djagiellonska18_3\/\" class=\"wp-image-505\" srcset=\"http:\/\/lapidarium.fundacja-hereditas.pl\/wp-content\/uploads\/2021\/08\/djagiellonska18_3.jpg 367w, http:\/\/lapidarium.fundacja-hereditas.pl\/wp-content\/uploads\/2021\/08\/djagiellonska18_3-200x300.jpg 200w, http:\/\/lapidarium.fundacja-hereditas.pl\/wp-content\/uploads\/2021\/08\/djagiellonska18_3-150x225.jpg 150w, http:\/\/lapidarium.fundacja-hereditas.pl\/wp-content\/uploads\/2021\/08\/djagiellonska18_3-300x450.jpg 300w\" sizes=\"auto, (max-width: 367px) 100vw, 367px\" \/><\/a><figcaption class=\"blocks-gallery-item__caption\">Kapliczka w podw\u00f3rzu. Fot. Anna Szwa\u0142kiewicz, 2019, \u017ar\u00f3d\u0142o: lapidarium detalu.<\/figcaption><\/figure><\/li><\/ul><\/figure>\n","protected":false},"excerpt":{"rendered":"<p>Kamienica Szlamy Brzozy i Moszka Nachszterna ul. Jagiello\u0144ska 18. Dom wzniesiony w latach 1878-1879 pod kierunkiem Edwarda Ruci\u0144skiego<\/p>\n","protected":false},"author":2,"featured_media":504,"comment_status":"open","ping_status":"open","sticky":false,"template":"","format":"standard","meta":{"footnotes":""},"categories":[12,4],"tags":[],"class_list":{"0":"post-590","1":"post","2":"type-post","3":"status-publish","4":"format-standard","5":"has-post-thumbnail","7":"category-jagiellonska","8":"category-warszawa"},"_links":{"self":[{"href":"http:\/\/lapidarium.fundacja-hereditas.pl\/index.php\/wp-json\/wp\/v2\/posts\/590","targetHints":{"allow":["GET"]}}],"collection":[{"href":"http:\/\/lapidarium.fundacja-hereditas.pl\/index.php\/wp-json\/wp\/v2\/posts"}],"about":[{"href":"http:\/\/lapidarium.fundacja-hereditas.pl\/index.php\/wp-json\/wp\/v2\/types\/post"}],"author":[{"embeddable":true,"href":"http:\/\/lapidarium.fundacja-hereditas.pl\/index.php\/wp-json\/wp\/v2\/users\/2"}],"replies":[{"embeddable":true,"href":"http:\/\/lapidarium.fundacja-hereditas.pl\/index.php\/wp-json\/wp\/v2\/comments?post=590"}],"version-history":[{"count":6,"href":"http:\/\/lapidarium.fundacja-hereditas.pl\/index.php\/wp-json\/wp\/v2\/posts\/590\/revisions"}],"predecessor-version":[{"id":5558,"href":"http:\/\/lapidarium.fundacja-hereditas.pl\/index.php\/wp-json\/wp\/v2\/posts\/590\/revisions\/5558"}],"wp:featuredmedia":[{"embeddable":true,"href":"http:\/\/lapidarium.fundacja-hereditas.pl\/index.php\/wp-json\/wp\/v2\/media\/504"}],"wp:attachment":[{"href":"http:\/\/lapidarium.fundacja-hereditas.pl\/index.php\/wp-json\/wp\/v2\/media?parent=590"}],"wp:term":[{"taxonomy":"category","embeddable":true,"href":"http:\/\/lapidarium.fundacja-hereditas.pl\/index.php\/wp-json\/wp\/v2\/categories?post=590"},{"taxonomy":"post_tag","embeddable":true,"href":"http:\/\/lapidarium.fundacja-hereditas.pl\/index.php\/wp-json\/wp\/v2\/tags?post=590"}],"curies":[{"name":"wp","href":"https:\/\/api.w.org\/{rel}","templated":true}]}}