{"id":5831,"date":"2021-10-27T17:07:55","date_gmt":"2021-10-27T15:07:55","guid":{"rendered":"http:\/\/lapidarium.fundacja-hereditas.pl\/?p=5831"},"modified":"2021-12-22T23:02:18","modified_gmt":"2021-12-22T22:02:18","slug":"kamienica-ul-rejonowa-5","status":"publish","type":"post","link":"http:\/\/lapidarium.fundacja-hereditas.pl\/index.php\/2021\/10\/27\/kamienica-ul-rejonowa-5\/","title":{"rendered":"Kamienica ul. Rejonowa 5, Warszawa"},"content":{"rendered":"\n<p>Kamienica wielorodzinna.<\/p>\n\n\n\n<p>Dodatkowe zdj\u0119cia obiekt\u00f3w udost\u0119pniamy na \u017cyczenie. Osoby zainteresowane prosimy o kontakt z Fundacj\u0105 Hereditas.<\/p>\n\n\n\n<figure class=\"wp-block-gallery columns-3 is-cropped wp-block-gallery-1 is-layout-flex wp-block-gallery-is-layout-flex\"><ul class=\"blocks-gallery-grid\"><li class=\"blocks-gallery-item\"><figure><a href=\"http:\/\/lapidarium.fundacja-hereditas.pl\/wp-content\/uploads\/2021\/10\/1_Rejonowa5_elewacja_frontowa_M.Dobosz-scaled.jpg\"><img loading=\"lazy\" decoding=\"async\" width=\"1024\" height=\"804\" src=\"http:\/\/lapidarium.fundacja-hereditas.pl\/wp-content\/uploads\/2021\/10\/1_Rejonowa5_elewacja_frontowa_M.Dobosz-1024x804.jpg\" alt=\"Elewacja frontowa. Fot. Magdalena Dobosz, 2021.\" data-id=\"5828\" data-full-url=\"http:\/\/lapidarium.fundacja-hereditas.pl\/wp-content\/uploads\/2021\/10\/1_Rejonowa5_elewacja_frontowa_M.Dobosz-scaled.jpg\" data-link=\"http:\/\/lapidarium.fundacja-hereditas.pl\/cof-40\/\" class=\"wp-image-5828\" srcset=\"http:\/\/lapidarium.fundacja-hereditas.pl\/wp-content\/uploads\/2021\/10\/1_Rejonowa5_elewacja_frontowa_M.Dobosz-1024x804.jpg 1024w, http:\/\/lapidarium.fundacja-hereditas.pl\/wp-content\/uploads\/2021\/10\/1_Rejonowa5_elewacja_frontowa_M.Dobosz-300x235.jpg 300w, http:\/\/lapidarium.fundacja-hereditas.pl\/wp-content\/uploads\/2021\/10\/1_Rejonowa5_elewacja_frontowa_M.Dobosz-768x603.jpg 768w, http:\/\/lapidarium.fundacja-hereditas.pl\/wp-content\/uploads\/2021\/10\/1_Rejonowa5_elewacja_frontowa_M.Dobosz-1536x1206.jpg 1536w, http:\/\/lapidarium.fundacja-hereditas.pl\/wp-content\/uploads\/2021\/10\/1_Rejonowa5_elewacja_frontowa_M.Dobosz-2048x1608.jpg 2048w, http:\/\/lapidarium.fundacja-hereditas.pl\/wp-content\/uploads\/2021\/10\/1_Rejonowa5_elewacja_frontowa_M.Dobosz-150x118.jpg 150w, http:\/\/lapidarium.fundacja-hereditas.pl\/wp-content\/uploads\/2021\/10\/1_Rejonowa5_elewacja_frontowa_M.Dobosz-696x546.jpg 696w, http:\/\/lapidarium.fundacja-hereditas.pl\/wp-content\/uploads\/2021\/10\/1_Rejonowa5_elewacja_frontowa_M.Dobosz-1068x838.jpg 1068w, http:\/\/lapidarium.fundacja-hereditas.pl\/wp-content\/uploads\/2021\/10\/1_Rejonowa5_elewacja_frontowa_M.Dobosz-1920x1507.jpg 1920w\" sizes=\"auto, (max-width: 1024px) 100vw, 1024px\" \/><\/a><figcaption class=\"blocks-gallery-item__caption\">Elewacja frontowa. Fot. Magdalena Dobosz, 2021,  \u017ar\u00f3d\u0142o: Res in Ornamento <\/figcaption><\/figure><\/li><li class=\"blocks-gallery-item\"><figure><a href=\"http:\/\/lapidarium.fundacja-hereditas.pl\/wp-content\/uploads\/2021\/10\/2_Rejonowa5_elewacja_frontowa_boczna_M.Dobosz-scaled.jpg\"><img loading=\"lazy\" decoding=\"async\" width=\"1024\" height=\"838\" src=\"http:\/\/lapidarium.fundacja-hereditas.pl\/wp-content\/uploads\/2021\/10\/2_Rejonowa5_elewacja_frontowa_boczna_M.Dobosz-1024x838.jpg\" alt=\"Elewacja boczna. Fot. Magdalena Dobosz, 2021.\" data-id=\"5829\" data-full-url=\"http:\/\/lapidarium.fundacja-hereditas.pl\/wp-content\/uploads\/2021\/10\/2_Rejonowa5_elewacja_frontowa_boczna_M.Dobosz-scaled.jpg\" data-link=\"http:\/\/lapidarium.fundacja-hereditas.pl\/sdr-30\/\" class=\"wp-image-5829\" srcset=\"http:\/\/lapidarium.fundacja-hereditas.pl\/wp-content\/uploads\/2021\/10\/2_Rejonowa5_elewacja_frontowa_boczna_M.Dobosz-1024x838.jpg 1024w, http:\/\/lapidarium.fundacja-hereditas.pl\/wp-content\/uploads\/2021\/10\/2_Rejonowa5_elewacja_frontowa_boczna_M.Dobosz-300x246.jpg 300w, http:\/\/lapidarium.fundacja-hereditas.pl\/wp-content\/uploads\/2021\/10\/2_Rejonowa5_elewacja_frontowa_boczna_M.Dobosz-768x629.jpg 768w, http:\/\/lapidarium.fundacja-hereditas.pl\/wp-content\/uploads\/2021\/10\/2_Rejonowa5_elewacja_frontowa_boczna_M.Dobosz-1536x1258.jpg 1536w, http:\/\/lapidarium.fundacja-hereditas.pl\/wp-content\/uploads\/2021\/10\/2_Rejonowa5_elewacja_frontowa_boczna_M.Dobosz-2048x1677.jpg 2048w, http:\/\/lapidarium.fundacja-hereditas.pl\/wp-content\/uploads\/2021\/10\/2_Rejonowa5_elewacja_frontowa_boczna_M.Dobosz-150x123.jpg 150w, http:\/\/lapidarium.fundacja-hereditas.pl\/wp-content\/uploads\/2021\/10\/2_Rejonowa5_elewacja_frontowa_boczna_M.Dobosz-696x570.jpg 696w, http:\/\/lapidarium.fundacja-hereditas.pl\/wp-content\/uploads\/2021\/10\/2_Rejonowa5_elewacja_frontowa_boczna_M.Dobosz-1068x874.jpg 1068w, http:\/\/lapidarium.fundacja-hereditas.pl\/wp-content\/uploads\/2021\/10\/2_Rejonowa5_elewacja_frontowa_boczna_M.Dobosz-1920x1572.jpg 1920w\" sizes=\"auto, (max-width: 1024px) 100vw, 1024px\" \/><\/a><figcaption class=\"blocks-gallery-item__caption\">Elewacja boczna. Fot. Magdalena Dobosz, 2021,  \u017ar\u00f3d\u0142o: Res in Ornamento <\/figcaption><\/figure><\/li><li class=\"blocks-gallery-item\"><figure><a href=\"http:\/\/lapidarium.fundacja-hereditas.pl\/wp-content\/uploads\/2021\/10\/3_Rejonowa5_elewacja_tylna_M.Dobosz-scaled.jpg\"><img loading=\"lazy\" decoding=\"async\" width=\"768\" height=\"1024\" src=\"http:\/\/lapidarium.fundacja-hereditas.pl\/wp-content\/uploads\/2021\/10\/3_Rejonowa5_elewacja_tylna_M.Dobosz-768x1024.jpg\" alt=\"Elewacja tylna. Fot. Magdalena Dobosz, 2021.\" data-id=\"5830\" data-full-url=\"http:\/\/lapidarium.fundacja-hereditas.pl\/wp-content\/uploads\/2021\/10\/3_Rejonowa5_elewacja_tylna_M.Dobosz-scaled.jpg\" data-link=\"http:\/\/lapidarium.fundacja-hereditas.pl\/sdr-31\/\" class=\"wp-image-5830\" srcset=\"http:\/\/lapidarium.fundacja-hereditas.pl\/wp-content\/uploads\/2021\/10\/3_Rejonowa5_elewacja_tylna_M.Dobosz-768x1024.jpg 768w, http:\/\/lapidarium.fundacja-hereditas.pl\/wp-content\/uploads\/2021\/10\/3_Rejonowa5_elewacja_tylna_M.Dobosz-225x300.jpg 225w, http:\/\/lapidarium.fundacja-hereditas.pl\/wp-content\/uploads\/2021\/10\/3_Rejonowa5_elewacja_tylna_M.Dobosz-1152x1536.jpg 1152w, http:\/\/lapidarium.fundacja-hereditas.pl\/wp-content\/uploads\/2021\/10\/3_Rejonowa5_elewacja_tylna_M.Dobosz-1536x2048.jpg 1536w, http:\/\/lapidarium.fundacja-hereditas.pl\/wp-content\/uploads\/2021\/10\/3_Rejonowa5_elewacja_tylna_M.Dobosz-150x200.jpg 150w, http:\/\/lapidarium.fundacja-hereditas.pl\/wp-content\/uploads\/2021\/10\/3_Rejonowa5_elewacja_tylna_M.Dobosz-300x400.jpg 300w, http:\/\/lapidarium.fundacja-hereditas.pl\/wp-content\/uploads\/2021\/10\/3_Rejonowa5_elewacja_tylna_M.Dobosz-696x928.jpg 696w, http:\/\/lapidarium.fundacja-hereditas.pl\/wp-content\/uploads\/2021\/10\/3_Rejonowa5_elewacja_tylna_M.Dobosz-1068x1424.jpg 1068w, http:\/\/lapidarium.fundacja-hereditas.pl\/wp-content\/uploads\/2021\/10\/3_Rejonowa5_elewacja_tylna_M.Dobosz-scaled.jpg 1920w\" sizes=\"auto, (max-width: 768px) 100vw, 768px\" \/><\/a><figcaption class=\"blocks-gallery-item__caption\">Elewacja tylna. Fot. Magdalena Dobosz, 2021,  \u017ar\u00f3d\u0142o: Res in Ornamento <\/figcaption><\/figure><\/li><\/ul><\/figure>\n","protected":false},"excerpt":{"rendered":"<p>Kamienica wielorodzinna.<\/p>\n","protected":false},"author":3,"featured_media":5828,"comment_status":"open","ping_status":"open","sticky":false,"template":"","format":"standard","meta":{"footnotes":""},"categories":[83,4],"tags":[],"class_list":{"0":"post-5831","1":"post","2":"type-post","3":"status-publish","4":"format-standard","5":"has-post-thumbnail","7":"category-rejonowa","8":"category-warszawa"},"_links":{"self":[{"href":"http:\/\/lapidarium.fundacja-hereditas.pl\/index.php\/wp-json\/wp\/v2\/posts\/5831","targetHints":{"allow":["GET"]}}],"collection":[{"href":"http:\/\/lapidarium.fundacja-hereditas.pl\/index.php\/wp-json\/wp\/v2\/posts"}],"about":[{"href":"http:\/\/lapidarium.fundacja-hereditas.pl\/index.php\/wp-json\/wp\/v2\/types\/post"}],"author":[{"embeddable":true,"href":"http:\/\/lapidarium.fundacja-hereditas.pl\/index.php\/wp-json\/wp\/v2\/users\/3"}],"replies":[{"embeddable":true,"href":"http:\/\/lapidarium.fundacja-hereditas.pl\/index.php\/wp-json\/wp\/v2\/comments?post=5831"}],"version-history":[{"count":4,"href":"http:\/\/lapidarium.fundacja-hereditas.pl\/index.php\/wp-json\/wp\/v2\/posts\/5831\/revisions"}],"predecessor-version":[{"id":6980,"href":"http:\/\/lapidarium.fundacja-hereditas.pl\/index.php\/wp-json\/wp\/v2\/posts\/5831\/revisions\/6980"}],"wp:featuredmedia":[{"embeddable":true,"href":"http:\/\/lapidarium.fundacja-hereditas.pl\/index.php\/wp-json\/wp\/v2\/media\/5828"}],"wp:attachment":[{"href":"http:\/\/lapidarium.fundacja-hereditas.pl\/index.php\/wp-json\/wp\/v2\/media?parent=5831"}],"wp:term":[{"taxonomy":"category","embeddable":true,"href":"http:\/\/lapidarium.fundacja-hereditas.pl\/index.php\/wp-json\/wp\/v2\/categories?post=5831"},{"taxonomy":"post_tag","embeddable":true,"href":"http:\/\/lapidarium.fundacja-hereditas.pl\/index.php\/wp-json\/wp\/v2\/tags?post=5831"}],"curies":[{"name":"wp","href":"https:\/\/api.w.org\/{rel}","templated":true}]}}