{"id":5804,"date":"2021-10-27T16:39:16","date_gmt":"2021-10-27T14:39:16","guid":{"rendered":"http:\/\/lapidarium.fundacja-hereditas.pl\/?p=5804"},"modified":"2021-12-28T01:09:29","modified_gmt":"2021-12-28T00:09:29","slug":"kamienica-ul-ciszewska-16-18","status":"publish","type":"post","link":"http:\/\/lapidarium.fundacja-hereditas.pl\/index.php\/2021\/10\/27\/kamienica-ul-ciszewska-16-18\/","title":{"rendered":"Kamienica ul. Ciszewska 16\/18, Warszawa"},"content":{"rendered":"\n<p>Kamienica modernistyczna.<\/p>\n\n\n\n<p>Dodatkowe zdj\u0119cia obiekt\u00f3w udost\u0119pniamy na \u017cyczenie. Osoby zainteresowane prosimy o kontakt z Fundacj\u0105 Hereditas.<\/p>\n\n\n\n<figure class=\"wp-block-gallery columns-3 is-cropped wp-block-gallery-1 is-layout-flex wp-block-gallery-is-layout-flex\"><ul class=\"blocks-gallery-grid\"><li class=\"blocks-gallery-item\"><figure><a href=\"http:\/\/lapidarium.fundacja-hereditas.pl\/wp-content\/uploads\/2021\/10\/1_Ciszewska16_18_elewacja_frontowa_M.Dobosz-scaled.jpg\"><img loading=\"lazy\" decoding=\"async\" width=\"1024\" height=\"768\" src=\"http:\/\/lapidarium.fundacja-hereditas.pl\/wp-content\/uploads\/2021\/10\/1_Ciszewska16_18_elewacja_frontowa_M.Dobosz-1024x768.jpg\" alt=\"Elewacja frontowa. Fot. Magdalena Dobosz, 2021, \u017ar\u00f3d\u0142o: Res in Ornamento\" data-id=\"5794\" data-full-url=\"http:\/\/lapidarium.fundacja-hereditas.pl\/wp-content\/uploads\/2021\/10\/1_Ciszewska16_18_elewacja_frontowa_M.Dobosz-scaled.jpg\" data-link=\"http:\/\/lapidarium.fundacja-hereditas.pl\/cof-24\/\" class=\"wp-image-5794\" srcset=\"http:\/\/lapidarium.fundacja-hereditas.pl\/wp-content\/uploads\/2021\/10\/1_Ciszewska16_18_elewacja_frontowa_M.Dobosz-1024x768.jpg 1024w, http:\/\/lapidarium.fundacja-hereditas.pl\/wp-content\/uploads\/2021\/10\/1_Ciszewska16_18_elewacja_frontowa_M.Dobosz-300x225.jpg 300w, http:\/\/lapidarium.fundacja-hereditas.pl\/wp-content\/uploads\/2021\/10\/1_Ciszewska16_18_elewacja_frontowa_M.Dobosz-768x576.jpg 768w, http:\/\/lapidarium.fundacja-hereditas.pl\/wp-content\/uploads\/2021\/10\/1_Ciszewska16_18_elewacja_frontowa_M.Dobosz-1536x1152.jpg 1536w, http:\/\/lapidarium.fundacja-hereditas.pl\/wp-content\/uploads\/2021\/10\/1_Ciszewska16_18_elewacja_frontowa_M.Dobosz-2048x1536.jpg 2048w, http:\/\/lapidarium.fundacja-hereditas.pl\/wp-content\/uploads\/2021\/10\/1_Ciszewska16_18_elewacja_frontowa_M.Dobosz-150x113.jpg 150w, http:\/\/lapidarium.fundacja-hereditas.pl\/wp-content\/uploads\/2021\/10\/1_Ciszewska16_18_elewacja_frontowa_M.Dobosz-696x522.jpg 696w, http:\/\/lapidarium.fundacja-hereditas.pl\/wp-content\/uploads\/2021\/10\/1_Ciszewska16_18_elewacja_frontowa_M.Dobosz-1068x801.jpg 1068w, http:\/\/lapidarium.fundacja-hereditas.pl\/wp-content\/uploads\/2021\/10\/1_Ciszewska16_18_elewacja_frontowa_M.Dobosz-1920x1440.jpg 1920w\" sizes=\"auto, (max-width: 1024px) 100vw, 1024px\" \/><\/a><figcaption class=\"blocks-gallery-item__caption\">Elewacja frontowa. Fot. Magdalena Dobosz, 2021, \u017ar\u00f3d\u0142o: Res in Ornamento\n<\/figcaption><\/figure><\/li><li class=\"blocks-gallery-item\"><figure><a href=\"http:\/\/lapidarium.fundacja-hereditas.pl\/wp-content\/uploads\/2021\/10\/2_Ciszewska16_18_klatka_schodowa_M.Dobosz-scaled.jpg\"><img loading=\"lazy\" decoding=\"async\" width=\"768\" height=\"1024\" src=\"http:\/\/lapidarium.fundacja-hereditas.pl\/wp-content\/uploads\/2021\/10\/2_Ciszewska16_18_klatka_schodowa_M.Dobosz-768x1024.jpg\" alt=\"Klatka schodowa. Fot. Magdalena Dobosz, 2021, \u017ar\u00f3d\u0142o: Res in Ornamento\" data-id=\"5795\" data-full-url=\"http:\/\/lapidarium.fundacja-hereditas.pl\/wp-content\/uploads\/2021\/10\/2_Ciszewska16_18_klatka_schodowa_M.Dobosz-scaled.jpg\" data-link=\"http:\/\/lapidarium.fundacja-hereditas.pl\/cof-25\/\" class=\"wp-image-5795\" srcset=\"http:\/\/lapidarium.fundacja-hereditas.pl\/wp-content\/uploads\/2021\/10\/2_Ciszewska16_18_klatka_schodowa_M.Dobosz-768x1024.jpg 768w, http:\/\/lapidarium.fundacja-hereditas.pl\/wp-content\/uploads\/2021\/10\/2_Ciszewska16_18_klatka_schodowa_M.Dobosz-225x300.jpg 225w, http:\/\/lapidarium.fundacja-hereditas.pl\/wp-content\/uploads\/2021\/10\/2_Ciszewska16_18_klatka_schodowa_M.Dobosz-1152x1536.jpg 1152w, http:\/\/lapidarium.fundacja-hereditas.pl\/wp-content\/uploads\/2021\/10\/2_Ciszewska16_18_klatka_schodowa_M.Dobosz-scaled.jpg 1920w\" sizes=\"auto, (max-width: 768px) 100vw, 768px\" \/><\/a><figcaption class=\"blocks-gallery-item__caption\">Klatka schodowa. Fot. Magdalena Dobosz, 2021, \u017ar\u00f3d\u0142o: Res in Ornamento\n<\/figcaption><\/figure><\/li><li class=\"blocks-gallery-item\"><figure><a href=\"http:\/\/lapidarium.fundacja-hereditas.pl\/wp-content\/uploads\/2021\/10\/3_Ciszewska_16_18_stopnie_balustrada_M.Dobosz-scaled.jpg\"><img loading=\"lazy\" decoding=\"async\" width=\"768\" height=\"1024\" src=\"http:\/\/lapidarium.fundacja-hereditas.pl\/wp-content\/uploads\/2021\/10\/3_Ciszewska_16_18_stopnie_balustrada_M.Dobosz-768x1024.jpg\" alt=\"Stopnie schod\u00f3w. Fot. Magdalena Dobosz, 2021, \u017ar\u00f3d\u0142o: Res in Ornamento\" data-id=\"5796\" data-full-url=\"http:\/\/lapidarium.fundacja-hereditas.pl\/wp-content\/uploads\/2021\/10\/3_Ciszewska_16_18_stopnie_balustrada_M.Dobosz-scaled.jpg\" data-link=\"http:\/\/lapidarium.fundacja-hereditas.pl\/cof-26\/\" class=\"wp-image-5796\" srcset=\"http:\/\/lapidarium.fundacja-hereditas.pl\/wp-content\/uploads\/2021\/10\/3_Ciszewska_16_18_stopnie_balustrada_M.Dobosz-768x1024.jpg 768w, http:\/\/lapidarium.fundacja-hereditas.pl\/wp-content\/uploads\/2021\/10\/3_Ciszewska_16_18_stopnie_balustrada_M.Dobosz-225x300.jpg 225w, http:\/\/lapidarium.fundacja-hereditas.pl\/wp-content\/uploads\/2021\/10\/3_Ciszewska_16_18_stopnie_balustrada_M.Dobosz-1152x1536.jpg 1152w, http:\/\/lapidarium.fundacja-hereditas.pl\/wp-content\/uploads\/2021\/10\/3_Ciszewska_16_18_stopnie_balustrada_M.Dobosz-1536x2048.jpg 1536w, http:\/\/lapidarium.fundacja-hereditas.pl\/wp-content\/uploads\/2021\/10\/3_Ciszewska_16_18_stopnie_balustrada_M.Dobosz-150x200.jpg 150w, http:\/\/lapidarium.fundacja-hereditas.pl\/wp-content\/uploads\/2021\/10\/3_Ciszewska_16_18_stopnie_balustrada_M.Dobosz-300x400.jpg 300w, http:\/\/lapidarium.fundacja-hereditas.pl\/wp-content\/uploads\/2021\/10\/3_Ciszewska_16_18_stopnie_balustrada_M.Dobosz-696x928.jpg 696w, http:\/\/lapidarium.fundacja-hereditas.pl\/wp-content\/uploads\/2021\/10\/3_Ciszewska_16_18_stopnie_balustrada_M.Dobosz-1068x1424.jpg 1068w, http:\/\/lapidarium.fundacja-hereditas.pl\/wp-content\/uploads\/2021\/10\/3_Ciszewska_16_18_stopnie_balustrada_M.Dobosz-scaled.jpg 1920w\" sizes=\"auto, (max-width: 768px) 100vw, 768px\" \/><\/a><figcaption class=\"blocks-gallery-item__caption\">Stopnie schod\u00f3w. Fot. Magdalena Dobosz, 2021, \u017ar\u00f3d\u0142o: Res in Ornamento\n<\/figcaption><\/figure><\/li><li class=\"blocks-gallery-item\"><figure><a href=\"http:\/\/lapidarium.fundacja-hereditas.pl\/wp-content\/uploads\/2021\/10\/4_Ciszewska_16_18_drzwi_mieszkania_M.Dobosz-scaled.jpg\"><img loading=\"lazy\" decoding=\"async\" width=\"768\" height=\"1024\" src=\"http:\/\/lapidarium.fundacja-hereditas.pl\/wp-content\/uploads\/2021\/10\/4_Ciszewska_16_18_drzwi_mieszkania_M.Dobosz-768x1024.jpg\" alt=\"Drzwi mieszkania, klatka schodowa. Fot. Magdalena Dobosz, 2021, \u017ar\u00f3d\u0142o: Res in Ornamento\" data-id=\"5797\" data-full-url=\"http:\/\/lapidarium.fundacja-hereditas.pl\/wp-content\/uploads\/2021\/10\/4_Ciszewska_16_18_drzwi_mieszkania_M.Dobosz-scaled.jpg\" data-link=\"http:\/\/lapidarium.fundacja-hereditas.pl\/cof-27\/\" class=\"wp-image-5797\" srcset=\"http:\/\/lapidarium.fundacja-hereditas.pl\/wp-content\/uploads\/2021\/10\/4_Ciszewska_16_18_drzwi_mieszkania_M.Dobosz-768x1024.jpg 768w, http:\/\/lapidarium.fundacja-hereditas.pl\/wp-content\/uploads\/2021\/10\/4_Ciszewska_16_18_drzwi_mieszkania_M.Dobosz-225x300.jpg 225w, http:\/\/lapidarium.fundacja-hereditas.pl\/wp-content\/uploads\/2021\/10\/4_Ciszewska_16_18_drzwi_mieszkania_M.Dobosz-1152x1536.jpg 1152w, http:\/\/lapidarium.fundacja-hereditas.pl\/wp-content\/uploads\/2021\/10\/4_Ciszewska_16_18_drzwi_mieszkania_M.Dobosz-1536x2048.jpg 1536w, http:\/\/lapidarium.fundacja-hereditas.pl\/wp-content\/uploads\/2021\/10\/4_Ciszewska_16_18_drzwi_mieszkania_M.Dobosz-150x200.jpg 150w, http:\/\/lapidarium.fundacja-hereditas.pl\/wp-content\/uploads\/2021\/10\/4_Ciszewska_16_18_drzwi_mieszkania_M.Dobosz-300x400.jpg 300w, http:\/\/lapidarium.fundacja-hereditas.pl\/wp-content\/uploads\/2021\/10\/4_Ciszewska_16_18_drzwi_mieszkania_M.Dobosz-696x928.jpg 696w, http:\/\/lapidarium.fundacja-hereditas.pl\/wp-content\/uploads\/2021\/10\/4_Ciszewska_16_18_drzwi_mieszkania_M.Dobosz-1068x1424.jpg 1068w, http:\/\/lapidarium.fundacja-hereditas.pl\/wp-content\/uploads\/2021\/10\/4_Ciszewska_16_18_drzwi_mieszkania_M.Dobosz-scaled.jpg 1920w\" sizes=\"auto, (max-width: 768px) 100vw, 768px\" \/><\/a><figcaption class=\"blocks-gallery-item__caption\">Drzwi mieszkania, klatka schodowa. Fot. Magdalena Dobosz, 2021, \u017ar\u00f3d\u0142o: Res in Ornamento\n<\/figcaption><\/figure><\/li><li class=\"blocks-gallery-item\"><figure><a href=\"http:\/\/lapidarium.fundacja-hereditas.pl\/wp-content\/uploads\/2021\/10\/5_Ciszewska16_18_klamka_M.Dobosz-scaled.jpg\"><img loading=\"lazy\" decoding=\"async\" width=\"768\" height=\"1024\" src=\"http:\/\/lapidarium.fundacja-hereditas.pl\/wp-content\/uploads\/2021\/10\/5_Ciszewska16_18_klamka_M.Dobosz-768x1024.jpg\" alt=\"Klamka, klatka schodowa. Fot. Magdalena Dobosz, 2021, \u017ar\u00f3d\u0142o: Res in Ornamento\" data-id=\"5798\" data-full-url=\"http:\/\/lapidarium.fundacja-hereditas.pl\/wp-content\/uploads\/2021\/10\/5_Ciszewska16_18_klamka_M.Dobosz-scaled.jpg\" data-link=\"http:\/\/lapidarium.fundacja-hereditas.pl\/mde-6\/\" class=\"wp-image-5798\" srcset=\"http:\/\/lapidarium.fundacja-hereditas.pl\/wp-content\/uploads\/2021\/10\/5_Ciszewska16_18_klamka_M.Dobosz-768x1024.jpg 768w, http:\/\/lapidarium.fundacja-hereditas.pl\/wp-content\/uploads\/2021\/10\/5_Ciszewska16_18_klamka_M.Dobosz-225x300.jpg 225w, http:\/\/lapidarium.fundacja-hereditas.pl\/wp-content\/uploads\/2021\/10\/5_Ciszewska16_18_klamka_M.Dobosz-1152x1536.jpg 1152w, http:\/\/lapidarium.fundacja-hereditas.pl\/wp-content\/uploads\/2021\/10\/5_Ciszewska16_18_klamka_M.Dobosz-1536x2048.jpg 1536w, http:\/\/lapidarium.fundacja-hereditas.pl\/wp-content\/uploads\/2021\/10\/5_Ciszewska16_18_klamka_M.Dobosz-150x200.jpg 150w, http:\/\/lapidarium.fundacja-hereditas.pl\/wp-content\/uploads\/2021\/10\/5_Ciszewska16_18_klamka_M.Dobosz-300x400.jpg 300w, http:\/\/lapidarium.fundacja-hereditas.pl\/wp-content\/uploads\/2021\/10\/5_Ciszewska16_18_klamka_M.Dobosz-696x928.jpg 696w, http:\/\/lapidarium.fundacja-hereditas.pl\/wp-content\/uploads\/2021\/10\/5_Ciszewska16_18_klamka_M.Dobosz-1068x1424.jpg 1068w, http:\/\/lapidarium.fundacja-hereditas.pl\/wp-content\/uploads\/2021\/10\/5_Ciszewska16_18_klamka_M.Dobosz-scaled.jpg 1920w\" sizes=\"auto, (max-width: 768px) 100vw, 768px\" \/><\/a><figcaption class=\"blocks-gallery-item__caption\">Klamka, klatka schodowa. Fot. Magdalena Dobosz, 2021, \u017ar\u00f3d\u0142o: Res in Ornamento\n<\/figcaption><\/figure><\/li><li class=\"blocks-gallery-item\"><figure><a href=\"http:\/\/lapidarium.fundacja-hereditas.pl\/wp-content\/uploads\/2021\/10\/6_Ciszewska_16_18_stolarka_okienna_klatka_schodowa_M.Dobosz-scaled.jpg\"><img loading=\"lazy\" decoding=\"async\" width=\"768\" height=\"1024\" src=\"http:\/\/lapidarium.fundacja-hereditas.pl\/wp-content\/uploads\/2021\/10\/6_Ciszewska_16_18_stolarka_okienna_klatka_schodowa_M.Dobosz-768x1024.jpg\" alt=\"Okno, klatka schodowa. Fot. Magdalena Dobosz, 2021, \u017ar\u00f3d\u0142o: Res in Ornamento\" data-id=\"5799\" data-full-url=\"http:\/\/lapidarium.fundacja-hereditas.pl\/wp-content\/uploads\/2021\/10\/6_Ciszewska_16_18_stolarka_okienna_klatka_schodowa_M.Dobosz-scaled.jpg\" data-link=\"http:\/\/lapidarium.fundacja-hereditas.pl\/sdr-25\/\" class=\"wp-image-5799\" srcset=\"http:\/\/lapidarium.fundacja-hereditas.pl\/wp-content\/uploads\/2021\/10\/6_Ciszewska_16_18_stolarka_okienna_klatka_schodowa_M.Dobosz-768x1024.jpg 768w, http:\/\/lapidarium.fundacja-hereditas.pl\/wp-content\/uploads\/2021\/10\/6_Ciszewska_16_18_stolarka_okienna_klatka_schodowa_M.Dobosz-225x300.jpg 225w, http:\/\/lapidarium.fundacja-hereditas.pl\/wp-content\/uploads\/2021\/10\/6_Ciszewska_16_18_stolarka_okienna_klatka_schodowa_M.Dobosz-1152x1536.jpg 1152w, http:\/\/lapidarium.fundacja-hereditas.pl\/wp-content\/uploads\/2021\/10\/6_Ciszewska_16_18_stolarka_okienna_klatka_schodowa_M.Dobosz-1536x2048.jpg 1536w, http:\/\/lapidarium.fundacja-hereditas.pl\/wp-content\/uploads\/2021\/10\/6_Ciszewska_16_18_stolarka_okienna_klatka_schodowa_M.Dobosz-150x200.jpg 150w, http:\/\/lapidarium.fundacja-hereditas.pl\/wp-content\/uploads\/2021\/10\/6_Ciszewska_16_18_stolarka_okienna_klatka_schodowa_M.Dobosz-300x400.jpg 300w, http:\/\/lapidarium.fundacja-hereditas.pl\/wp-content\/uploads\/2021\/10\/6_Ciszewska_16_18_stolarka_okienna_klatka_schodowa_M.Dobosz-696x928.jpg 696w, http:\/\/lapidarium.fundacja-hereditas.pl\/wp-content\/uploads\/2021\/10\/6_Ciszewska_16_18_stolarka_okienna_klatka_schodowa_M.Dobosz-1068x1424.jpg 1068w, http:\/\/lapidarium.fundacja-hereditas.pl\/wp-content\/uploads\/2021\/10\/6_Ciszewska_16_18_stolarka_okienna_klatka_schodowa_M.Dobosz-scaled.jpg 1920w\" sizes=\"auto, (max-width: 768px) 100vw, 768px\" \/><\/a><figcaption class=\"blocks-gallery-item__caption\">Okno, klatka schodowa. Fot. Magdalena Dobosz, 2021, \u017ar\u00f3d\u0142o: Res in Ornamento\n<\/figcaption><\/figure><\/li><li class=\"blocks-gallery-item\"><figure><a href=\"http:\/\/lapidarium.fundacja-hereditas.pl\/wp-content\/uploads\/2021\/10\/7_Ciszewska16_18_balkony1i2p_elewacja_tyl_M.Dobosz-scaled.jpg\"><img loading=\"lazy\" decoding=\"async\" width=\"1024\" height=\"768\" src=\"http:\/\/lapidarium.fundacja-hereditas.pl\/wp-content\/uploads\/2021\/10\/7_Ciszewska16_18_balkony1i2p_elewacja_tyl_M.Dobosz-1024x768.jpg\" alt=\"Balkony pierwszego i drugiego pi\u0119tra, elewacja tylna. Fot. Magdalena Dobosz, 2021, \u017ar\u00f3d\u0142o: Res in Ornamento\" data-id=\"5803\" data-full-url=\"http:\/\/lapidarium.fundacja-hereditas.pl\/wp-content\/uploads\/2021\/10\/7_Ciszewska16_18_balkony1i2p_elewacja_tyl_M.Dobosz-scaled.jpg\" data-link=\"http:\/\/lapidarium.fundacja-hereditas.pl\/sdr-26\/\" class=\"wp-image-5803\" srcset=\"http:\/\/lapidarium.fundacja-hereditas.pl\/wp-content\/uploads\/2021\/10\/7_Ciszewska16_18_balkony1i2p_elewacja_tyl_M.Dobosz-1024x768.jpg 1024w, http:\/\/lapidarium.fundacja-hereditas.pl\/wp-content\/uploads\/2021\/10\/7_Ciszewska16_18_balkony1i2p_elewacja_tyl_M.Dobosz-300x225.jpg 300w, http:\/\/lapidarium.fundacja-hereditas.pl\/wp-content\/uploads\/2021\/10\/7_Ciszewska16_18_balkony1i2p_elewacja_tyl_M.Dobosz-768x576.jpg 768w, http:\/\/lapidarium.fundacja-hereditas.pl\/wp-content\/uploads\/2021\/10\/7_Ciszewska16_18_balkony1i2p_elewacja_tyl_M.Dobosz-1536x1152.jpg 1536w, http:\/\/lapidarium.fundacja-hereditas.pl\/wp-content\/uploads\/2021\/10\/7_Ciszewska16_18_balkony1i2p_elewacja_tyl_M.Dobosz-2048x1536.jpg 2048w, http:\/\/lapidarium.fundacja-hereditas.pl\/wp-content\/uploads\/2021\/10\/7_Ciszewska16_18_balkony1i2p_elewacja_tyl_M.Dobosz-150x113.jpg 150w, http:\/\/lapidarium.fundacja-hereditas.pl\/wp-content\/uploads\/2021\/10\/7_Ciszewska16_18_balkony1i2p_elewacja_tyl_M.Dobosz-696x522.jpg 696w, http:\/\/lapidarium.fundacja-hereditas.pl\/wp-content\/uploads\/2021\/10\/7_Ciszewska16_18_balkony1i2p_elewacja_tyl_M.Dobosz-1068x801.jpg 1068w, http:\/\/lapidarium.fundacja-hereditas.pl\/wp-content\/uploads\/2021\/10\/7_Ciszewska16_18_balkony1i2p_elewacja_tyl_M.Dobosz-1920x1440.jpg 1920w\" sizes=\"auto, (max-width: 1024px) 100vw, 1024px\" \/><\/a><figcaption class=\"blocks-gallery-item__caption\">Balkony pierwszego i drugiego pi\u0119tra, elewacja tylna. Fot. Magdalena Dobosz, 2021, \u017ar\u00f3d\u0142o: Res in Ornamento\n<\/figcaption><\/figure><\/li><li class=\"blocks-gallery-item\"><figure><a href=\"http:\/\/lapidarium.fundacja-hereditas.pl\/wp-content\/uploads\/2021\/10\/8_Ciszewska16_18_przejazd_bramny_tyl_M.Dobosz-scaled.jpg\"><img loading=\"lazy\" decoding=\"async\" width=\"768\" height=\"1024\" src=\"http:\/\/lapidarium.fundacja-hereditas.pl\/wp-content\/uploads\/2021\/10\/8_Ciszewska16_18_przejazd_bramny_tyl_M.Dobosz-768x1024.jpg\" alt=\"Przejazd bramny, elewacja tylna. Fot. Magdalena Dobosz, 2021, \u017ar\u00f3d\u0142o: Res in Ornamento\" data-id=\"5801\" data-full-url=\"http:\/\/lapidarium.fundacja-hereditas.pl\/wp-content\/uploads\/2021\/10\/8_Ciszewska16_18_przejazd_bramny_tyl_M.Dobosz-scaled.jpg\" data-link=\"http:\/\/lapidarium.fundacja-hereditas.pl\/cof-28\/\" class=\"wp-image-5801\" srcset=\"http:\/\/lapidarium.fundacja-hereditas.pl\/wp-content\/uploads\/2021\/10\/8_Ciszewska16_18_przejazd_bramny_tyl_M.Dobosz-768x1024.jpg 768w, http:\/\/lapidarium.fundacja-hereditas.pl\/wp-content\/uploads\/2021\/10\/8_Ciszewska16_18_przejazd_bramny_tyl_M.Dobosz-225x300.jpg 225w, http:\/\/lapidarium.fundacja-hereditas.pl\/wp-content\/uploads\/2021\/10\/8_Ciszewska16_18_przejazd_bramny_tyl_M.Dobosz-1152x1536.jpg 1152w, http:\/\/lapidarium.fundacja-hereditas.pl\/wp-content\/uploads\/2021\/10\/8_Ciszewska16_18_przejazd_bramny_tyl_M.Dobosz-1536x2048.jpg 1536w, http:\/\/lapidarium.fundacja-hereditas.pl\/wp-content\/uploads\/2021\/10\/8_Ciszewska16_18_przejazd_bramny_tyl_M.Dobosz-150x200.jpg 150w, http:\/\/lapidarium.fundacja-hereditas.pl\/wp-content\/uploads\/2021\/10\/8_Ciszewska16_18_przejazd_bramny_tyl_M.Dobosz-300x400.jpg 300w, http:\/\/lapidarium.fundacja-hereditas.pl\/wp-content\/uploads\/2021\/10\/8_Ciszewska16_18_przejazd_bramny_tyl_M.Dobosz-696x928.jpg 696w, http:\/\/lapidarium.fundacja-hereditas.pl\/wp-content\/uploads\/2021\/10\/8_Ciszewska16_18_przejazd_bramny_tyl_M.Dobosz-1068x1424.jpg 1068w, http:\/\/lapidarium.fundacja-hereditas.pl\/wp-content\/uploads\/2021\/10\/8_Ciszewska16_18_przejazd_bramny_tyl_M.Dobosz-scaled.jpg 1920w\" sizes=\"auto, (max-width: 768px) 100vw, 768px\" \/><\/a><figcaption class=\"blocks-gallery-item__caption\">Przejazd bramny, elewacja tylna. Fot. Magdalena Dobosz, 2021, \u017ar\u00f3d\u0142o: Res in Ornamento\n<\/figcaption><\/figure><\/li><li class=\"blocks-gallery-item\"><figure><a href=\"http:\/\/lapidarium.fundacja-hereditas.pl\/wp-content\/uploads\/2021\/10\/9_Ciszewska16_18_elewacja_tyl_M.Dobosz-scaled.jpg\"><img loading=\"lazy\" decoding=\"async\" width=\"695\" height=\"1024\" src=\"http:\/\/lapidarium.fundacja-hereditas.pl\/wp-content\/uploads\/2021\/10\/9_Ciszewska16_18_elewacja_tyl_M.Dobosz-695x1024.jpg\" alt=\"Elewacja tylna. Fot. Magdalena Dobosz, 2021, \u017ar\u00f3d\u0142o: Res in Ornamento\" data-id=\"5802\" data-full-url=\"http:\/\/lapidarium.fundacja-hereditas.pl\/wp-content\/uploads\/2021\/10\/9_Ciszewska16_18_elewacja_tyl_M.Dobosz-scaled.jpg\" data-link=\"http:\/\/lapidarium.fundacja-hereditas.pl\/sdr-27\/\" class=\"wp-image-5802\" srcset=\"http:\/\/lapidarium.fundacja-hereditas.pl\/wp-content\/uploads\/2021\/10\/9_Ciszewska16_18_elewacja_tyl_M.Dobosz-695x1024.jpg 695w, http:\/\/lapidarium.fundacja-hereditas.pl\/wp-content\/uploads\/2021\/10\/9_Ciszewska16_18_elewacja_tyl_M.Dobosz-204x300.jpg 204w, http:\/\/lapidarium.fundacja-hereditas.pl\/wp-content\/uploads\/2021\/10\/9_Ciszewska16_18_elewacja_tyl_M.Dobosz-768x1132.jpg 768w, http:\/\/lapidarium.fundacja-hereditas.pl\/wp-content\/uploads\/2021\/10\/9_Ciszewska16_18_elewacja_tyl_M.Dobosz-1042x1536.jpg 1042w, http:\/\/lapidarium.fundacja-hereditas.pl\/wp-content\/uploads\/2021\/10\/9_Ciszewska16_18_elewacja_tyl_M.Dobosz-1389x2048.jpg 1389w, http:\/\/lapidarium.fundacja-hereditas.pl\/wp-content\/uploads\/2021\/10\/9_Ciszewska16_18_elewacja_tyl_M.Dobosz-150x221.jpg 150w, http:\/\/lapidarium.fundacja-hereditas.pl\/wp-content\/uploads\/2021\/10\/9_Ciszewska16_18_elewacja_tyl_M.Dobosz-300x442.jpg 300w, http:\/\/lapidarium.fundacja-hereditas.pl\/wp-content\/uploads\/2021\/10\/9_Ciszewska16_18_elewacja_tyl_M.Dobosz-696x1026.jpg 696w, http:\/\/lapidarium.fundacja-hereditas.pl\/wp-content\/uploads\/2021\/10\/9_Ciszewska16_18_elewacja_tyl_M.Dobosz-1068x1574.jpg 1068w, http:\/\/lapidarium.fundacja-hereditas.pl\/wp-content\/uploads\/2021\/10\/9_Ciszewska16_18_elewacja_tyl_M.Dobosz-1920x2830.jpg 1920w, http:\/\/lapidarium.fundacja-hereditas.pl\/wp-content\/uploads\/2021\/10\/9_Ciszewska16_18_elewacja_tyl_M.Dobosz-scaled.jpg 1737w\" sizes=\"auto, (max-width: 695px) 100vw, 695px\" \/><\/a><figcaption class=\"blocks-gallery-item__caption\">Elewacja tylna. Fot. Magdalena Dobosz, 2021, \u017ar\u00f3d\u0142o: Res in Ornamento\n<\/figcaption><\/figure><\/li><\/ul><\/figure>\n","protected":false},"excerpt":{"rendered":"<p>Kamienica modernistyczna.<\/p>\n","protected":false},"author":3,"featured_media":5794,"comment_status":"open","ping_status":"open","sticky":false,"template":"","format":"standard","meta":{"footnotes":""},"categories":[81,4],"tags":[],"class_list":{"0":"post-5804","1":"post","2":"type-post","3":"status-publish","4":"format-standard","5":"has-post-thumbnail","7":"category-ciszewska","8":"category-warszawa"},"_links":{"self":[{"href":"http:\/\/lapidarium.fundacja-hereditas.pl\/index.php\/wp-json\/wp\/v2\/posts\/5804","targetHints":{"allow":["GET"]}}],"collection":[{"href":"http:\/\/lapidarium.fundacja-hereditas.pl\/index.php\/wp-json\/wp\/v2\/posts"}],"about":[{"href":"http:\/\/lapidarium.fundacja-hereditas.pl\/index.php\/wp-json\/wp\/v2\/types\/post"}],"author":[{"embeddable":true,"href":"http:\/\/lapidarium.fundacja-hereditas.pl\/index.php\/wp-json\/wp\/v2\/users\/3"}],"replies":[{"embeddable":true,"href":"http:\/\/lapidarium.fundacja-hereditas.pl\/index.php\/wp-json\/wp\/v2\/comments?post=5804"}],"version-history":[{"count":5,"href":"http:\/\/lapidarium.fundacja-hereditas.pl\/index.php\/wp-json\/wp\/v2\/posts\/5804\/revisions"}],"predecessor-version":[{"id":7457,"href":"http:\/\/lapidarium.fundacja-hereditas.pl\/index.php\/wp-json\/wp\/v2\/posts\/5804\/revisions\/7457"}],"wp:featuredmedia":[{"embeddable":true,"href":"http:\/\/lapidarium.fundacja-hereditas.pl\/index.php\/wp-json\/wp\/v2\/media\/5794"}],"wp:attachment":[{"href":"http:\/\/lapidarium.fundacja-hereditas.pl\/index.php\/wp-json\/wp\/v2\/media?parent=5804"}],"wp:term":[{"taxonomy":"category","embeddable":true,"href":"http:\/\/lapidarium.fundacja-hereditas.pl\/index.php\/wp-json\/wp\/v2\/categories?post=5804"},{"taxonomy":"post_tag","embeddable":true,"href":"http:\/\/lapidarium.fundacja-hereditas.pl\/index.php\/wp-json\/wp\/v2\/tags?post=5804"}],"curies":[{"name":"wp","href":"https:\/\/api.w.org\/{rel}","templated":true}]}}