{"id":5366,"date":"2021-10-25T14:21:26","date_gmt":"2021-10-25T12:21:26","guid":{"rendered":"http:\/\/lapidarium.fundacja-hereditas.pl\/?p=5366"},"modified":"2021-12-28T00:47:32","modified_gmt":"2021-12-27T23:47:32","slug":"budynek-ul-jachowicza-40","status":"publish","type":"post","link":"http:\/\/lapidarium.fundacja-hereditas.pl\/index.php\/2021\/10\/25\/budynek-ul-jachowicza-40\/","title":{"rendered":"Budynek ul. Jachowicza 40, P\u0142ock"},"content":{"rendered":"\n<p>Modernistyczny budynek dawnego dworca autobusowego, 30. XX w.<\/p>\n\n\n\n<p>Budynek zaprojektowali Dionizy Kowalski i in\u017c. Henryk Szenwic dla P\u0142ockich Linii Autobusowych jako dworzec autobusowy ze sklepami i lokalami mieszkalnymi.<\/p>\n\n\n\n<p>Dodatkowe zdj\u0119cia obiekt\u00f3w udost\u0119pniamy na \u017cyczenie. Osoby zainteresowane prosimy o kontakt z Fundacj\u0105 Hereditas.<\/p>\n\n\n\n<figure class=\"wp-block-gallery columns-3 is-cropped wp-block-gallery-1 is-layout-flex wp-block-gallery-is-layout-flex\"><ul class=\"blocks-gallery-grid\"><li class=\"blocks-gallery-item\"><figure><a href=\"http:\/\/lapidarium.fundacja-hereditas.pl\/wp-content\/uploads\/2021\/10\/1_TAdamiak_3347_Plock_Jachowicza_40-scaled.jpg\"><img loading=\"lazy\" decoding=\"async\" width=\"1024\" height=\"517\" src=\"http:\/\/lapidarium.fundacja-hereditas.pl\/wp-content\/uploads\/2021\/10\/1_TAdamiak_3347_Plock_Jachowicza_40-1024x517.jpg\" alt=\"Elewacja frontowa. Fot. Teresa Adamiak, 2021, \u017ar\u00f3d\u0142o: Res in Ornamento\" data-id=\"5354\" data-full-url=\"http:\/\/lapidarium.fundacja-hereditas.pl\/wp-content\/uploads\/2021\/10\/1_TAdamiak_3347_Plock_Jachowicza_40-scaled.jpg\" data-link=\"http:\/\/lapidarium.fundacja-hereditas.pl\/1_tadamiak_3347_plock_jachowicza_40\/\" class=\"wp-image-5354\" srcset=\"http:\/\/lapidarium.fundacja-hereditas.pl\/wp-content\/uploads\/2021\/10\/1_TAdamiak_3347_Plock_Jachowicza_40-1024x517.jpg 1024w, http:\/\/lapidarium.fundacja-hereditas.pl\/wp-content\/uploads\/2021\/10\/1_TAdamiak_3347_Plock_Jachowicza_40-300x151.jpg 300w, http:\/\/lapidarium.fundacja-hereditas.pl\/wp-content\/uploads\/2021\/10\/1_TAdamiak_3347_Plock_Jachowicza_40-768x388.jpg 768w, http:\/\/lapidarium.fundacja-hereditas.pl\/wp-content\/uploads\/2021\/10\/1_TAdamiak_3347_Plock_Jachowicza_40-1536x775.jpg 1536w, http:\/\/lapidarium.fundacja-hereditas.pl\/wp-content\/uploads\/2021\/10\/1_TAdamiak_3347_Plock_Jachowicza_40-2048x1034.jpg 2048w, http:\/\/lapidarium.fundacja-hereditas.pl\/wp-content\/uploads\/2021\/10\/1_TAdamiak_3347_Plock_Jachowicza_40-150x76.jpg 150w, http:\/\/lapidarium.fundacja-hereditas.pl\/wp-content\/uploads\/2021\/10\/1_TAdamiak_3347_Plock_Jachowicza_40-696x351.jpg 696w, http:\/\/lapidarium.fundacja-hereditas.pl\/wp-content\/uploads\/2021\/10\/1_TAdamiak_3347_Plock_Jachowicza_40-1068x539.jpg 1068w, http:\/\/lapidarium.fundacja-hereditas.pl\/wp-content\/uploads\/2021\/10\/1_TAdamiak_3347_Plock_Jachowicza_40-1920x969.jpg 1920w\" sizes=\"auto, (max-width: 1024px) 100vw, 1024px\" \/><\/a><figcaption class=\"blocks-gallery-item__caption\">Elewacja frontowa. Fot. Teresa Adamiak, 2021, \u017ar\u00f3d\u0142o: Res in Ornamento<\/figcaption><\/figure><\/li><li class=\"blocks-gallery-item\"><figure><a href=\"http:\/\/lapidarium.fundacja-hereditas.pl\/wp-content\/uploads\/2021\/10\/2_TAdamiak_3352_Plock_Jachowicza_40-scaled.jpg\"><img loading=\"lazy\" decoding=\"async\" width=\"1024\" height=\"680\" src=\"http:\/\/lapidarium.fundacja-hereditas.pl\/wp-content\/uploads\/2021\/10\/2_TAdamiak_3352_Plock_Jachowicza_40-1024x680.jpg\" alt=\"Balkony i okna korpusu g\u0142\u00f3wnego. Fot. Teresa Adamiak, 2021, \u017ar\u00f3d\u0142o: Res in Ornamento\" data-id=\"5355\" data-full-url=\"http:\/\/lapidarium.fundacja-hereditas.pl\/wp-content\/uploads\/2021\/10\/2_TAdamiak_3352_Plock_Jachowicza_40-scaled.jpg\" data-link=\"http:\/\/lapidarium.fundacja-hereditas.pl\/2_tadamiak_3352_plock_jachowicza_40\/\" class=\"wp-image-5355\" srcset=\"http:\/\/lapidarium.fundacja-hereditas.pl\/wp-content\/uploads\/2021\/10\/2_TAdamiak_3352_Plock_Jachowicza_40-1024x680.jpg 1024w, http:\/\/lapidarium.fundacja-hereditas.pl\/wp-content\/uploads\/2021\/10\/2_TAdamiak_3352_Plock_Jachowicza_40-300x199.jpg 300w, http:\/\/lapidarium.fundacja-hereditas.pl\/wp-content\/uploads\/2021\/10\/2_TAdamiak_3352_Plock_Jachowicza_40-768x510.jpg 768w, http:\/\/lapidarium.fundacja-hereditas.pl\/wp-content\/uploads\/2021\/10\/2_TAdamiak_3352_Plock_Jachowicza_40-1536x1021.jpg 1536w, http:\/\/lapidarium.fundacja-hereditas.pl\/wp-content\/uploads\/2021\/10\/2_TAdamiak_3352_Plock_Jachowicza_40-2048x1361.jpg 2048w, http:\/\/lapidarium.fundacja-hereditas.pl\/wp-content\/uploads\/2021\/10\/2_TAdamiak_3352_Plock_Jachowicza_40-150x100.jpg 150w, http:\/\/lapidarium.fundacja-hereditas.pl\/wp-content\/uploads\/2021\/10\/2_TAdamiak_3352_Plock_Jachowicza_40-696x462.jpg 696w, http:\/\/lapidarium.fundacja-hereditas.pl\/wp-content\/uploads\/2021\/10\/2_TAdamiak_3352_Plock_Jachowicza_40-1068x710.jpg 1068w, http:\/\/lapidarium.fundacja-hereditas.pl\/wp-content\/uploads\/2021\/10\/2_TAdamiak_3352_Plock_Jachowicza_40-1920x1276.jpg 1920w\" sizes=\"auto, (max-width: 1024px) 100vw, 1024px\" \/><\/a><figcaption class=\"blocks-gallery-item__caption\">Balkony i okna korpusu g\u0142\u00f3wnego. Fot. Teresa Adamiak, 2021, \u017ar\u00f3d\u0142o: Res in Ornamento<\/figcaption><\/figure><\/li><li class=\"blocks-gallery-item\"><figure><a href=\"http:\/\/lapidarium.fundacja-hereditas.pl\/wp-content\/uploads\/2021\/10\/3_TAdamiak_3349_Plock_Jachowicza_40-scaled.jpg\"><img loading=\"lazy\" decoding=\"async\" width=\"680\" height=\"1024\" src=\"http:\/\/lapidarium.fundacja-hereditas.pl\/wp-content\/uploads\/2021\/10\/3_TAdamiak_3349_Plock_Jachowicza_40-680x1024.jpg\" alt=\"Okna klatki schodowej, elewacja frontowa. Fot. Teresa Adamiak, 2021, \u017ar\u00f3d\u0142o: Res in Ornamento\" data-id=\"5356\" data-full-url=\"http:\/\/lapidarium.fundacja-hereditas.pl\/wp-content\/uploads\/2021\/10\/3_TAdamiak_3349_Plock_Jachowicza_40-scaled.jpg\" data-link=\"http:\/\/lapidarium.fundacja-hereditas.pl\/3_tadamiak_3349_plock_jachowicza_40\/\" class=\"wp-image-5356\" srcset=\"http:\/\/lapidarium.fundacja-hereditas.pl\/wp-content\/uploads\/2021\/10\/3_TAdamiak_3349_Plock_Jachowicza_40-680x1024.jpg 680w, http:\/\/lapidarium.fundacja-hereditas.pl\/wp-content\/uploads\/2021\/10\/3_TAdamiak_3349_Plock_Jachowicza_40-199x300.jpg 199w, http:\/\/lapidarium.fundacja-hereditas.pl\/wp-content\/uploads\/2021\/10\/3_TAdamiak_3349_Plock_Jachowicza_40-768x1156.jpg 768w, http:\/\/lapidarium.fundacja-hereditas.pl\/wp-content\/uploads\/2021\/10\/3_TAdamiak_3349_Plock_Jachowicza_40-1020x1536.jpg 1020w, http:\/\/lapidarium.fundacja-hereditas.pl\/wp-content\/uploads\/2021\/10\/3_TAdamiak_3349_Plock_Jachowicza_40-1360x2048.jpg 1360w, http:\/\/lapidarium.fundacja-hereditas.pl\/wp-content\/uploads\/2021\/10\/3_TAdamiak_3349_Plock_Jachowicza_40-150x226.jpg 150w, http:\/\/lapidarium.fundacja-hereditas.pl\/wp-content\/uploads\/2021\/10\/3_TAdamiak_3349_Plock_Jachowicza_40-300x452.jpg 300w, http:\/\/lapidarium.fundacja-hereditas.pl\/wp-content\/uploads\/2021\/10\/3_TAdamiak_3349_Plock_Jachowicza_40-696x1048.jpg 696w, http:\/\/lapidarium.fundacja-hereditas.pl\/wp-content\/uploads\/2021\/10\/3_TAdamiak_3349_Plock_Jachowicza_40-scaled.jpg 1700w\" sizes=\"auto, (max-width: 680px) 100vw, 680px\" \/><\/a><figcaption class=\"blocks-gallery-item__caption\">Okna klatki schodowej, elewacja frontowa. Fot. Teresa Adamiak, 2021, \u017ar\u00f3d\u0142o: Res in Ornamento<\/figcaption><\/figure><\/li><li class=\"blocks-gallery-item\"><figure><a href=\"http:\/\/lapidarium.fundacja-hereditas.pl\/wp-content\/uploads\/2021\/10\/4_TAdamiak_3351_Plock_Jachowicza_40-scaled.jpg\"><img loading=\"lazy\" decoding=\"async\" width=\"1024\" height=\"680\" src=\"http:\/\/lapidarium.fundacja-hereditas.pl\/wp-content\/uploads\/2021\/10\/4_TAdamiak_3351_Plock_Jachowicza_40-1024x680.jpg\" alt=\"Ok\u0142adzina elewacji. Fot. Teresa Adamiak, 2021, \u017ar\u00f3d\u0142o: Res in Ornamento\" data-id=\"5357\" data-full-url=\"http:\/\/lapidarium.fundacja-hereditas.pl\/wp-content\/uploads\/2021\/10\/4_TAdamiak_3351_Plock_Jachowicza_40-scaled.jpg\" data-link=\"http:\/\/lapidarium.fundacja-hereditas.pl\/4_tadamiak_3351_plock_jachowicza_40\/\" class=\"wp-image-5357\" srcset=\"http:\/\/lapidarium.fundacja-hereditas.pl\/wp-content\/uploads\/2021\/10\/4_TAdamiak_3351_Plock_Jachowicza_40-1024x680.jpg 1024w, http:\/\/lapidarium.fundacja-hereditas.pl\/wp-content\/uploads\/2021\/10\/4_TAdamiak_3351_Plock_Jachowicza_40-300x199.jpg 300w, http:\/\/lapidarium.fundacja-hereditas.pl\/wp-content\/uploads\/2021\/10\/4_TAdamiak_3351_Plock_Jachowicza_40-768x510.jpg 768w, http:\/\/lapidarium.fundacja-hereditas.pl\/wp-content\/uploads\/2021\/10\/4_TAdamiak_3351_Plock_Jachowicza_40-1536x1020.jpg 1536w, http:\/\/lapidarium.fundacja-hereditas.pl\/wp-content\/uploads\/2021\/10\/4_TAdamiak_3351_Plock_Jachowicza_40-2048x1360.jpg 2048w, http:\/\/lapidarium.fundacja-hereditas.pl\/wp-content\/uploads\/2021\/10\/4_TAdamiak_3351_Plock_Jachowicza_40-150x100.jpg 150w, http:\/\/lapidarium.fundacja-hereditas.pl\/wp-content\/uploads\/2021\/10\/4_TAdamiak_3351_Plock_Jachowicza_40-696x462.jpg 696w, http:\/\/lapidarium.fundacja-hereditas.pl\/wp-content\/uploads\/2021\/10\/4_TAdamiak_3351_Plock_Jachowicza_40-1068x709.jpg 1068w, http:\/\/lapidarium.fundacja-hereditas.pl\/wp-content\/uploads\/2021\/10\/4_TAdamiak_3351_Plock_Jachowicza_40-1920x1275.jpg 1920w\" sizes=\"auto, (max-width: 1024px) 100vw, 1024px\" \/><\/a><figcaption class=\"blocks-gallery-item__caption\">Ok\u0142adzina elewacji. Fot. Teresa Adamiak, 2021, \u017ar\u00f3d\u0142o: Res in Ornamento<\/figcaption><\/figure><\/li><li class=\"blocks-gallery-item\"><figure><a href=\"http:\/\/lapidarium.fundacja-hereditas.pl\/wp-content\/uploads\/2021\/10\/5_TAdamiak_3354_Plock_Jachowicza_40-scaled.jpg\"><img loading=\"lazy\" decoding=\"async\" width=\"1024\" height=\"680\" src=\"http:\/\/lapidarium.fundacja-hereditas.pl\/wp-content\/uploads\/2021\/10\/5_TAdamiak_3354_Plock_Jachowicza_40-1024x680.jpg\" alt=\"Lico elewacji. Fot. Teresa Adamiak, 2021, \u017ar\u00f3d\u0142o: Res in Ornamento\" data-id=\"5358\" data-full-url=\"http:\/\/lapidarium.fundacja-hereditas.pl\/wp-content\/uploads\/2021\/10\/5_TAdamiak_3354_Plock_Jachowicza_40-scaled.jpg\" data-link=\"http:\/\/lapidarium.fundacja-hereditas.pl\/5_tadamiak_3354_plock_jachowicza_40\/\" class=\"wp-image-5358\" srcset=\"http:\/\/lapidarium.fundacja-hereditas.pl\/wp-content\/uploads\/2021\/10\/5_TAdamiak_3354_Plock_Jachowicza_40-1024x680.jpg 1024w, http:\/\/lapidarium.fundacja-hereditas.pl\/wp-content\/uploads\/2021\/10\/5_TAdamiak_3354_Plock_Jachowicza_40-300x199.jpg 300w, http:\/\/lapidarium.fundacja-hereditas.pl\/wp-content\/uploads\/2021\/10\/5_TAdamiak_3354_Plock_Jachowicza_40-768x510.jpg 768w, http:\/\/lapidarium.fundacja-hereditas.pl\/wp-content\/uploads\/2021\/10\/5_TAdamiak_3354_Plock_Jachowicza_40-1536x1020.jpg 1536w, http:\/\/lapidarium.fundacja-hereditas.pl\/wp-content\/uploads\/2021\/10\/5_TAdamiak_3354_Plock_Jachowicza_40-2048x1360.jpg 2048w, http:\/\/lapidarium.fundacja-hereditas.pl\/wp-content\/uploads\/2021\/10\/5_TAdamiak_3354_Plock_Jachowicza_40-150x100.jpg 150w, http:\/\/lapidarium.fundacja-hereditas.pl\/wp-content\/uploads\/2021\/10\/5_TAdamiak_3354_Plock_Jachowicza_40-696x462.jpg 696w, http:\/\/lapidarium.fundacja-hereditas.pl\/wp-content\/uploads\/2021\/10\/5_TAdamiak_3354_Plock_Jachowicza_40-1068x709.jpg 1068w, http:\/\/lapidarium.fundacja-hereditas.pl\/wp-content\/uploads\/2021\/10\/5_TAdamiak_3354_Plock_Jachowicza_40-1920x1275.jpg 1920w\" sizes=\"auto, (max-width: 1024px) 100vw, 1024px\" \/><\/a><figcaption class=\"blocks-gallery-item__caption\">Lico elewacji. Fot. Teresa Adamiak, 2021, \u017ar\u00f3d\u0142o: Res in Ornamento<\/figcaption><\/figure><\/li><li class=\"blocks-gallery-item\"><figure><a href=\"http:\/\/lapidarium.fundacja-hereditas.pl\/wp-content\/uploads\/2021\/10\/6_TAdamiak_3362_Plock_Jachowicza_40-scaled.jpg\"><img loading=\"lazy\" decoding=\"async\" width=\"680\" height=\"1024\" src=\"http:\/\/lapidarium.fundacja-hereditas.pl\/wp-content\/uploads\/2021\/10\/6_TAdamiak_3362_Plock_Jachowicza_40-680x1024.jpg\" alt=\"Klatka schodowa. Fot. Teresa Adamiak, 2021, \u017ar\u00f3d\u0142o: Res in Ornamento\" data-id=\"5359\" data-full-url=\"http:\/\/lapidarium.fundacja-hereditas.pl\/wp-content\/uploads\/2021\/10\/6_TAdamiak_3362_Plock_Jachowicza_40-scaled.jpg\" data-link=\"http:\/\/lapidarium.fundacja-hereditas.pl\/6_tadamiak_3362_plock_jachowicza_40\/\" class=\"wp-image-5359\" srcset=\"http:\/\/lapidarium.fundacja-hereditas.pl\/wp-content\/uploads\/2021\/10\/6_TAdamiak_3362_Plock_Jachowicza_40-680x1024.jpg 680w, http:\/\/lapidarium.fundacja-hereditas.pl\/wp-content\/uploads\/2021\/10\/6_TAdamiak_3362_Plock_Jachowicza_40-199x300.jpg 199w, http:\/\/lapidarium.fundacja-hereditas.pl\/wp-content\/uploads\/2021\/10\/6_TAdamiak_3362_Plock_Jachowicza_40-768x1156.jpg 768w, http:\/\/lapidarium.fundacja-hereditas.pl\/wp-content\/uploads\/2021\/10\/6_TAdamiak_3362_Plock_Jachowicza_40-1020x1536.jpg 1020w, http:\/\/lapidarium.fundacja-hereditas.pl\/wp-content\/uploads\/2021\/10\/6_TAdamiak_3362_Plock_Jachowicza_40-1360x2048.jpg 1360w, http:\/\/lapidarium.fundacja-hereditas.pl\/wp-content\/uploads\/2021\/10\/6_TAdamiak_3362_Plock_Jachowicza_40-150x226.jpg 150w, http:\/\/lapidarium.fundacja-hereditas.pl\/wp-content\/uploads\/2021\/10\/6_TAdamiak_3362_Plock_Jachowicza_40-300x452.jpg 300w, http:\/\/lapidarium.fundacja-hereditas.pl\/wp-content\/uploads\/2021\/10\/6_TAdamiak_3362_Plock_Jachowicza_40-696x1048.jpg 696w, http:\/\/lapidarium.fundacja-hereditas.pl\/wp-content\/uploads\/2021\/10\/6_TAdamiak_3362_Plock_Jachowicza_40-1068x1608.jpg 1068w, http:\/\/lapidarium.fundacja-hereditas.pl\/wp-content\/uploads\/2021\/10\/6_TAdamiak_3362_Plock_Jachowicza_40-1920x2891.jpg 1920w, http:\/\/lapidarium.fundacja-hereditas.pl\/wp-content\/uploads\/2021\/10\/6_TAdamiak_3362_Plock_Jachowicza_40-scaled.jpg 1700w\" sizes=\"auto, (max-width: 680px) 100vw, 680px\" \/><\/a><figcaption class=\"blocks-gallery-item__caption\">Klatka schodowa. Fot. Teresa Adamiak, 2021, \u017ar\u00f3d\u0142o: Res in Ornamento<\/figcaption><\/figure><\/li><li class=\"blocks-gallery-item\"><figure><a href=\"http:\/\/lapidarium.fundacja-hereditas.pl\/wp-content\/uploads\/2021\/10\/7_TAdamiak_3366_Plock_Jachowicza_40-scaled.jpg\"><img loading=\"lazy\" decoding=\"async\" width=\"1024\" height=\"680\" src=\"http:\/\/lapidarium.fundacja-hereditas.pl\/wp-content\/uploads\/2021\/10\/7_TAdamiak_3366_Plock_Jachowicza_40-1024x680.jpg\" alt=\"Por\u0119cz balustrady, klatka schodowa. Fot. Teresa Adamiak, 2021, \u017ar\u00f3d\u0142o: Res in Ornamento\" data-id=\"5360\" data-full-url=\"http:\/\/lapidarium.fundacja-hereditas.pl\/wp-content\/uploads\/2021\/10\/7_TAdamiak_3366_Plock_Jachowicza_40-scaled.jpg\" data-link=\"http:\/\/lapidarium.fundacja-hereditas.pl\/7_tadamiak_3366_plock_jachowicza_40\/\" class=\"wp-image-5360\" srcset=\"http:\/\/lapidarium.fundacja-hereditas.pl\/wp-content\/uploads\/2021\/10\/7_TAdamiak_3366_Plock_Jachowicza_40-1024x680.jpg 1024w, http:\/\/lapidarium.fundacja-hereditas.pl\/wp-content\/uploads\/2021\/10\/7_TAdamiak_3366_Plock_Jachowicza_40-300x199.jpg 300w, http:\/\/lapidarium.fundacja-hereditas.pl\/wp-content\/uploads\/2021\/10\/7_TAdamiak_3366_Plock_Jachowicza_40-768x510.jpg 768w, http:\/\/lapidarium.fundacja-hereditas.pl\/wp-content\/uploads\/2021\/10\/7_TAdamiak_3366_Plock_Jachowicza_40-1536x1020.jpg 1536w, http:\/\/lapidarium.fundacja-hereditas.pl\/wp-content\/uploads\/2021\/10\/7_TAdamiak_3366_Plock_Jachowicza_40-2048x1360.jpg 2048w, http:\/\/lapidarium.fundacja-hereditas.pl\/wp-content\/uploads\/2021\/10\/7_TAdamiak_3366_Plock_Jachowicza_40-150x100.jpg 150w, http:\/\/lapidarium.fundacja-hereditas.pl\/wp-content\/uploads\/2021\/10\/7_TAdamiak_3366_Plock_Jachowicza_40-696x462.jpg 696w, http:\/\/lapidarium.fundacja-hereditas.pl\/wp-content\/uploads\/2021\/10\/7_TAdamiak_3366_Plock_Jachowicza_40-1068x709.jpg 1068w, http:\/\/lapidarium.fundacja-hereditas.pl\/wp-content\/uploads\/2021\/10\/7_TAdamiak_3366_Plock_Jachowicza_40-1920x1275.jpg 1920w\" sizes=\"auto, (max-width: 1024px) 100vw, 1024px\" \/><\/a><figcaption class=\"blocks-gallery-item__caption\">Por\u0119cz balustrady, klatka schodowa. Fot. Teresa Adamiak, 2021, \u017ar\u00f3d\u0142o: Res in Ornamento<\/figcaption><\/figure><\/li><li class=\"blocks-gallery-item\"><figure><a href=\"http:\/\/lapidarium.fundacja-hereditas.pl\/wp-content\/uploads\/2021\/10\/8_TAdamiak_3397_Plock_Jachowicza_40-scaled.jpg\"><img loading=\"lazy\" decoding=\"async\" width=\"680\" height=\"1024\" src=\"http:\/\/lapidarium.fundacja-hereditas.pl\/wp-content\/uploads\/2021\/10\/8_TAdamiak_3397_Plock_Jachowicza_40-680x1024.jpg\" alt=\"Balustrada, klatka schodowa. Fot. Teresa Adamiak, 2021, \u017ar\u00f3d\u0142o: Res in Ornamento\" data-id=\"5361\" data-full-url=\"http:\/\/lapidarium.fundacja-hereditas.pl\/wp-content\/uploads\/2021\/10\/8_TAdamiak_3397_Plock_Jachowicza_40-scaled.jpg\" data-link=\"http:\/\/lapidarium.fundacja-hereditas.pl\/8_tadamiak_3397_plock_jachowicza_40\/\" class=\"wp-image-5361\" srcset=\"http:\/\/lapidarium.fundacja-hereditas.pl\/wp-content\/uploads\/2021\/10\/8_TAdamiak_3397_Plock_Jachowicza_40-680x1024.jpg 680w, http:\/\/lapidarium.fundacja-hereditas.pl\/wp-content\/uploads\/2021\/10\/8_TAdamiak_3397_Plock_Jachowicza_40-199x300.jpg 199w, http:\/\/lapidarium.fundacja-hereditas.pl\/wp-content\/uploads\/2021\/10\/8_TAdamiak_3397_Plock_Jachowicza_40-768x1156.jpg 768w, http:\/\/lapidarium.fundacja-hereditas.pl\/wp-content\/uploads\/2021\/10\/8_TAdamiak_3397_Plock_Jachowicza_40-scaled.jpg 1701w\" sizes=\"auto, (max-width: 680px) 100vw, 680px\" \/><\/a><figcaption class=\"blocks-gallery-item__caption\">Balustrada, klatka schodowa. Fot. Teresa Adamiak, 2021, \u017ar\u00f3d\u0142o: Res in Ornamento<\/figcaption><\/figure><\/li><li class=\"blocks-gallery-item\"><figure><a href=\"http:\/\/lapidarium.fundacja-hereditas.pl\/wp-content\/uploads\/2021\/10\/9_TAdamiak_3358_Plock_Jachowicza_40-scaled.jpg\"><img loading=\"lazy\" decoding=\"async\" width=\"680\" height=\"1024\" src=\"http:\/\/lapidarium.fundacja-hereditas.pl\/wp-content\/uploads\/2021\/10\/9_TAdamiak_3358_Plock_Jachowicza_40-680x1024.jpg\" alt=\"Posadzka. Fot. Teresa Adamiak, 2021, \u017ar\u00f3d\u0142o: Res in Ornamento\" data-id=\"5362\" data-full-url=\"http:\/\/lapidarium.fundacja-hereditas.pl\/wp-content\/uploads\/2021\/10\/9_TAdamiak_3358_Plock_Jachowicza_40-scaled.jpg\" data-link=\"http:\/\/lapidarium.fundacja-hereditas.pl\/9_tadamiak_3358_plock_jachowicza_40\/\" class=\"wp-image-5362\" srcset=\"http:\/\/lapidarium.fundacja-hereditas.pl\/wp-content\/uploads\/2021\/10\/9_TAdamiak_3358_Plock_Jachowicza_40-680x1024.jpg 680w, http:\/\/lapidarium.fundacja-hereditas.pl\/wp-content\/uploads\/2021\/10\/9_TAdamiak_3358_Plock_Jachowicza_40-199x300.jpg 199w, http:\/\/lapidarium.fundacja-hereditas.pl\/wp-content\/uploads\/2021\/10\/9_TAdamiak_3358_Plock_Jachowicza_40-768x1156.jpg 768w, http:\/\/lapidarium.fundacja-hereditas.pl\/wp-content\/uploads\/2021\/10\/9_TAdamiak_3358_Plock_Jachowicza_40-1020x1536.jpg 1020w, http:\/\/lapidarium.fundacja-hereditas.pl\/wp-content\/uploads\/2021\/10\/9_TAdamiak_3358_Plock_Jachowicza_40-1360x2048.jpg 1360w, http:\/\/lapidarium.fundacja-hereditas.pl\/wp-content\/uploads\/2021\/10\/9_TAdamiak_3358_Plock_Jachowicza_40-150x226.jpg 150w, http:\/\/lapidarium.fundacja-hereditas.pl\/wp-content\/uploads\/2021\/10\/9_TAdamiak_3358_Plock_Jachowicza_40-300x452.jpg 300w, http:\/\/lapidarium.fundacja-hereditas.pl\/wp-content\/uploads\/2021\/10\/9_TAdamiak_3358_Plock_Jachowicza_40-696x1048.jpg 696w, http:\/\/lapidarium.fundacja-hereditas.pl\/wp-content\/uploads\/2021\/10\/9_TAdamiak_3358_Plock_Jachowicza_40-1068x1608.jpg 1068w, http:\/\/lapidarium.fundacja-hereditas.pl\/wp-content\/uploads\/2021\/10\/9_TAdamiak_3358_Plock_Jachowicza_40-1920x2891.jpg 1920w, http:\/\/lapidarium.fundacja-hereditas.pl\/wp-content\/uploads\/2021\/10\/9_TAdamiak_3358_Plock_Jachowicza_40-scaled.jpg 1700w\" sizes=\"auto, (max-width: 680px) 100vw, 680px\" \/><\/a><figcaption class=\"blocks-gallery-item__caption\">Posadzka. Fot. Teresa Adamiak, 2021, \u017ar\u00f3d\u0142o: Res in Ornamento<\/figcaption><\/figure><\/li><li class=\"blocks-gallery-item\"><figure><a href=\"http:\/\/lapidarium.fundacja-hereditas.pl\/wp-content\/uploads\/2021\/10\/10_TAdamiak_3373_Plock_Jachowicza_40-scaled.jpg\"><img loading=\"lazy\" decoding=\"async\" width=\"798\" height=\"1024\" src=\"http:\/\/lapidarium.fundacja-hereditas.pl\/wp-content\/uploads\/2021\/10\/10_TAdamiak_3373_Plock_Jachowicza_40-798x1024.jpg\" alt=\"Elewacja boczna. Fot. Teresa Adamiak, 2021, \u017ar\u00f3d\u0142o: Res in Ornamento\" data-id=\"5363\" data-full-url=\"http:\/\/lapidarium.fundacja-hereditas.pl\/wp-content\/uploads\/2021\/10\/10_TAdamiak_3373_Plock_Jachowicza_40-scaled.jpg\" data-link=\"http:\/\/lapidarium.fundacja-hereditas.pl\/10_tadamiak_3373_plock_jachowicza_40\/\" class=\"wp-image-5363\" srcset=\"http:\/\/lapidarium.fundacja-hereditas.pl\/wp-content\/uploads\/2021\/10\/10_TAdamiak_3373_Plock_Jachowicza_40-798x1024.jpg 798w, http:\/\/lapidarium.fundacja-hereditas.pl\/wp-content\/uploads\/2021\/10\/10_TAdamiak_3373_Plock_Jachowicza_40-234x300.jpg 234w, http:\/\/lapidarium.fundacja-hereditas.pl\/wp-content\/uploads\/2021\/10\/10_TAdamiak_3373_Plock_Jachowicza_40-768x985.jpg 768w, http:\/\/lapidarium.fundacja-hereditas.pl\/wp-content\/uploads\/2021\/10\/10_TAdamiak_3373_Plock_Jachowicza_40-1197x1536.jpg 1197w, http:\/\/lapidarium.fundacja-hereditas.pl\/wp-content\/uploads\/2021\/10\/10_TAdamiak_3373_Plock_Jachowicza_40-1597x2048.jpg 1597w, http:\/\/lapidarium.fundacja-hereditas.pl\/wp-content\/uploads\/2021\/10\/10_TAdamiak_3373_Plock_Jachowicza_40-150x192.jpg 150w, http:\/\/lapidarium.fundacja-hereditas.pl\/wp-content\/uploads\/2021\/10\/10_TAdamiak_3373_Plock_Jachowicza_40-300x385.jpg 300w, http:\/\/lapidarium.fundacja-hereditas.pl\/wp-content\/uploads\/2021\/10\/10_TAdamiak_3373_Plock_Jachowicza_40-696x893.jpg 696w, http:\/\/lapidarium.fundacja-hereditas.pl\/wp-content\/uploads\/2021\/10\/10_TAdamiak_3373_Plock_Jachowicza_40-1068x1370.jpg 1068w, http:\/\/lapidarium.fundacja-hereditas.pl\/wp-content\/uploads\/2021\/10\/10_TAdamiak_3373_Plock_Jachowicza_40-1920x2463.jpg 1920w, http:\/\/lapidarium.fundacja-hereditas.pl\/wp-content\/uploads\/2021\/10\/10_TAdamiak_3373_Plock_Jachowicza_40-scaled.jpg 1996w\" sizes=\"auto, (max-width: 798px) 100vw, 798px\" \/><\/a><figcaption class=\"blocks-gallery-item__caption\">Elewacja boczna. Fot. Teresa Adamiak, 2021, \u017ar\u00f3d\u0142o: Res in Ornamento<\/figcaption><\/figure><\/li><li class=\"blocks-gallery-item\"><figure><a href=\"http:\/\/lapidarium.fundacja-hereditas.pl\/wp-content\/uploads\/2021\/10\/11_TAdamiak_3377_Plock_Jachowicza_40-scaled.jpg\"><img loading=\"lazy\" decoding=\"async\" width=\"1024\" height=\"574\" src=\"http:\/\/lapidarium.fundacja-hereditas.pl\/wp-content\/uploads\/2021\/10\/11_TAdamiak_3377_Plock_Jachowicza_40-1024x574.jpg\" alt=\"Elewacja tylna. Fot. Teresa Adamiak, 2021, \u017ar\u00f3d\u0142o: Res in Ornamento\" data-id=\"5364\" data-full-url=\"http:\/\/lapidarium.fundacja-hereditas.pl\/wp-content\/uploads\/2021\/10\/11_TAdamiak_3377_Plock_Jachowicza_40-scaled.jpg\" data-link=\"http:\/\/lapidarium.fundacja-hereditas.pl\/11_tadamiak_3377_plock_jachowicza_40\/\" class=\"wp-image-5364\" srcset=\"http:\/\/lapidarium.fundacja-hereditas.pl\/wp-content\/uploads\/2021\/10\/11_TAdamiak_3377_Plock_Jachowicza_40-1024x574.jpg 1024w, http:\/\/lapidarium.fundacja-hereditas.pl\/wp-content\/uploads\/2021\/10\/11_TAdamiak_3377_Plock_Jachowicza_40-300x168.jpg 300w, http:\/\/lapidarium.fundacja-hereditas.pl\/wp-content\/uploads\/2021\/10\/11_TAdamiak_3377_Plock_Jachowicza_40-768x431.jpg 768w, http:\/\/lapidarium.fundacja-hereditas.pl\/wp-content\/uploads\/2021\/10\/11_TAdamiak_3377_Plock_Jachowicza_40-1536x862.jpg 1536w, http:\/\/lapidarium.fundacja-hereditas.pl\/wp-content\/uploads\/2021\/10\/11_TAdamiak_3377_Plock_Jachowicza_40-2048x1149.jpg 2048w, http:\/\/lapidarium.fundacja-hereditas.pl\/wp-content\/uploads\/2021\/10\/11_TAdamiak_3377_Plock_Jachowicza_40-150x84.jpg 150w, http:\/\/lapidarium.fundacja-hereditas.pl\/wp-content\/uploads\/2021\/10\/11_TAdamiak_3377_Plock_Jachowicza_40-696x390.jpg 696w, http:\/\/lapidarium.fundacja-hereditas.pl\/wp-content\/uploads\/2021\/10\/11_TAdamiak_3377_Plock_Jachowicza_40-1068x599.jpg 1068w, http:\/\/lapidarium.fundacja-hereditas.pl\/wp-content\/uploads\/2021\/10\/11_TAdamiak_3377_Plock_Jachowicza_40-1920x1077.jpg 1920w\" sizes=\"auto, (max-width: 1024px) 100vw, 1024px\" \/><\/a><figcaption class=\"blocks-gallery-item__caption\">Elewacja tylna. Fot. Teresa Adamiak, 2021, \u017ar\u00f3d\u0142o: Res in Ornamento<\/figcaption><\/figure><\/li><li class=\"blocks-gallery-item\"><figure><a href=\"http:\/\/lapidarium.fundacja-hereditas.pl\/wp-content\/uploads\/2021\/10\/12_TAdamiak_3378_Plock_Jachowicza_40-scaled.jpg\"><img loading=\"lazy\" decoding=\"async\" width=\"1024\" height=\"680\" src=\"http:\/\/lapidarium.fundacja-hereditas.pl\/wp-content\/uploads\/2021\/10\/12_TAdamiak_3378_Plock_Jachowicza_40-1024x680.jpg\" alt=\"Fragment ok\u0142adziny klinkierowej, elewacja tylna. Fot. Teresa Adamiak, 2021, \u017ar\u00f3d\u0142o: Res in Ornamento\" data-id=\"5365\" data-full-url=\"http:\/\/lapidarium.fundacja-hereditas.pl\/wp-content\/uploads\/2021\/10\/12_TAdamiak_3378_Plock_Jachowicza_40-scaled.jpg\" data-link=\"http:\/\/lapidarium.fundacja-hereditas.pl\/12_tadamiak_3378_plock_jachowicza_40\/\" class=\"wp-image-5365\" srcset=\"http:\/\/lapidarium.fundacja-hereditas.pl\/wp-content\/uploads\/2021\/10\/12_TAdamiak_3378_Plock_Jachowicza_40-1024x680.jpg 1024w, http:\/\/lapidarium.fundacja-hereditas.pl\/wp-content\/uploads\/2021\/10\/12_TAdamiak_3378_Plock_Jachowicza_40-300x199.jpg 300w, http:\/\/lapidarium.fundacja-hereditas.pl\/wp-content\/uploads\/2021\/10\/12_TAdamiak_3378_Plock_Jachowicza_40-768x510.jpg 768w, http:\/\/lapidarium.fundacja-hereditas.pl\/wp-content\/uploads\/2021\/10\/12_TAdamiak_3378_Plock_Jachowicza_40-1536x1020.jpg 1536w, http:\/\/lapidarium.fundacja-hereditas.pl\/wp-content\/uploads\/2021\/10\/12_TAdamiak_3378_Plock_Jachowicza_40-2048x1360.jpg 2048w, http:\/\/lapidarium.fundacja-hereditas.pl\/wp-content\/uploads\/2021\/10\/12_TAdamiak_3378_Plock_Jachowicza_40-150x100.jpg 150w, http:\/\/lapidarium.fundacja-hereditas.pl\/wp-content\/uploads\/2021\/10\/12_TAdamiak_3378_Plock_Jachowicza_40-696x462.jpg 696w, http:\/\/lapidarium.fundacja-hereditas.pl\/wp-content\/uploads\/2021\/10\/12_TAdamiak_3378_Plock_Jachowicza_40-1068x709.jpg 1068w, http:\/\/lapidarium.fundacja-hereditas.pl\/wp-content\/uploads\/2021\/10\/12_TAdamiak_3378_Plock_Jachowicza_40-1920x1275.jpg 1920w\" sizes=\"auto, (max-width: 1024px) 100vw, 1024px\" \/><\/a><figcaption class=\"blocks-gallery-item__caption\">Fragment ok\u0142adziny klinkierowej, elewacja tylna. Fot. Teresa Adamiak, 2021, \u017ar\u00f3d\u0142o: Res in Ornamento<\/figcaption><\/figure><\/li><\/ul><\/figure>\n","protected":false},"excerpt":{"rendered":"<p>Modernistyczny budynek dawnego dworca autobusowego, 30. XX w.<\/p>\n","protected":false},"author":3,"featured_media":5354,"comment_status":"open","ping_status":"open","sticky":false,"template":"","format":"standard","meta":{"footnotes":""},"categories":[75,5],"tags":[],"class_list":{"0":"post-5366","1":"post","2":"type-post","3":"status-publish","4":"format-standard","5":"has-post-thumbnail","7":"category-jachowicza","8":"category-plock"},"_links":{"self":[{"href":"http:\/\/lapidarium.fundacja-hereditas.pl\/index.php\/wp-json\/wp\/v2\/posts\/5366","targetHints":{"allow":["GET"]}}],"collection":[{"href":"http:\/\/lapidarium.fundacja-hereditas.pl\/index.php\/wp-json\/wp\/v2\/posts"}],"about":[{"href":"http:\/\/lapidarium.fundacja-hereditas.pl\/index.php\/wp-json\/wp\/v2\/types\/post"}],"author":[{"embeddable":true,"href":"http:\/\/lapidarium.fundacja-hereditas.pl\/index.php\/wp-json\/wp\/v2\/users\/3"}],"replies":[{"embeddable":true,"href":"http:\/\/lapidarium.fundacja-hereditas.pl\/index.php\/wp-json\/wp\/v2\/comments?post=5366"}],"version-history":[{"count":6,"href":"http:\/\/lapidarium.fundacja-hereditas.pl\/index.php\/wp-json\/wp\/v2\/posts\/5366\/revisions"}],"predecessor-version":[{"id":7434,"href":"http:\/\/lapidarium.fundacja-hereditas.pl\/index.php\/wp-json\/wp\/v2\/posts\/5366\/revisions\/7434"}],"wp:featuredmedia":[{"embeddable":true,"href":"http:\/\/lapidarium.fundacja-hereditas.pl\/index.php\/wp-json\/wp\/v2\/media\/5354"}],"wp:attachment":[{"href":"http:\/\/lapidarium.fundacja-hereditas.pl\/index.php\/wp-json\/wp\/v2\/media?parent=5366"}],"wp:term":[{"taxonomy":"category","embeddable":true,"href":"http:\/\/lapidarium.fundacja-hereditas.pl\/index.php\/wp-json\/wp\/v2\/categories?post=5366"},{"taxonomy":"post_tag","embeddable":true,"href":"http:\/\/lapidarium.fundacja-hereditas.pl\/index.php\/wp-json\/wp\/v2\/tags?post=5366"}],"curies":[{"name":"wp","href":"https:\/\/api.w.org\/{rel}","templated":true}]}}