{"id":5202,"date":"2021-10-25T03:10:47","date_gmt":"2021-10-25T01:10:47","guid":{"rendered":"http:\/\/lapidarium.fundacja-hereditas.pl\/?p=5202"},"modified":"2021-12-27T23:26:51","modified_gmt":"2021-12-27T22:26:51","slug":"kamienica-ul-stary-rynek-11","status":"publish","type":"post","link":"http:\/\/lapidarium.fundacja-hereditas.pl\/index.php\/2021\/10\/25\/kamienica-ul-stary-rynek-11\/","title":{"rendered":"Kamienica ul. Stary Rynek 11, M\u0142awa"},"content":{"rendered":"\n<p>Kamienica z pocz\u0105tku XX w.<\/p>\n\n\n\n<p>Dodatkowe zdj\u0119cia obiekt\u00f3w udost\u0119pniamy na \u017cyczenie. Osoby zainteresowane prosimy o kontakt z Fundacj\u0105 Hereditas.<\/p>\n\n\n\n<figure class=\"wp-block-gallery columns-3 is-cropped wp-block-gallery-1 is-layout-flex wp-block-gallery-is-layout-flex\"><ul class=\"blocks-gallery-grid\"><li class=\"blocks-gallery-item\"><figure><a href=\"http:\/\/lapidarium.fundacja-hereditas.pl\/wp-content\/uploads\/2021\/10\/1_TAdamiak_2950_Mlawa_Stary_Rynek_11-scaled.jpg\"><img loading=\"lazy\" decoding=\"async\" width=\"864\" height=\"1024\" src=\"http:\/\/lapidarium.fundacja-hereditas.pl\/wp-content\/uploads\/2021\/10\/1_TAdamiak_2950_Mlawa_Stary_Rynek_11-864x1024.jpg\" alt=\"Elewacja frontowa. Fot. Teresa Adamiak, 2021, \u017ar\u00f3d\u0142o: Res in Ornamento\" data-id=\"5192\" data-full-url=\"http:\/\/lapidarium.fundacja-hereditas.pl\/wp-content\/uploads\/2021\/10\/1_TAdamiak_2950_Mlawa_Stary_Rynek_11-scaled.jpg\" data-link=\"http:\/\/lapidarium.fundacja-hereditas.pl\/1_tadamiak_2950_mlawa_stary_rynek_11\/\" class=\"wp-image-5192\" srcset=\"http:\/\/lapidarium.fundacja-hereditas.pl\/wp-content\/uploads\/2021\/10\/1_TAdamiak_2950_Mlawa_Stary_Rynek_11-864x1024.jpg 864w, http:\/\/lapidarium.fundacja-hereditas.pl\/wp-content\/uploads\/2021\/10\/1_TAdamiak_2950_Mlawa_Stary_Rynek_11-253x300.jpg 253w, http:\/\/lapidarium.fundacja-hereditas.pl\/wp-content\/uploads\/2021\/10\/1_TAdamiak_2950_Mlawa_Stary_Rynek_11-768x910.jpg 768w, http:\/\/lapidarium.fundacja-hereditas.pl\/wp-content\/uploads\/2021\/10\/1_TAdamiak_2950_Mlawa_Stary_Rynek_11-1296x1536.jpg 1296w, http:\/\/lapidarium.fundacja-hereditas.pl\/wp-content\/uploads\/2021\/10\/1_TAdamiak_2950_Mlawa_Stary_Rynek_11-1728x2048.jpg 1728w, http:\/\/lapidarium.fundacja-hereditas.pl\/wp-content\/uploads\/2021\/10\/1_TAdamiak_2950_Mlawa_Stary_Rynek_11-150x178.jpg 150w, http:\/\/lapidarium.fundacja-hereditas.pl\/wp-content\/uploads\/2021\/10\/1_TAdamiak_2950_Mlawa_Stary_Rynek_11-300x356.jpg 300w, http:\/\/lapidarium.fundacja-hereditas.pl\/wp-content\/uploads\/2021\/10\/1_TAdamiak_2950_Mlawa_Stary_Rynek_11-696x825.jpg 696w, http:\/\/lapidarium.fundacja-hereditas.pl\/wp-content\/uploads\/2021\/10\/1_TAdamiak_2950_Mlawa_Stary_Rynek_11-1068x1266.jpg 1068w, http:\/\/lapidarium.fundacja-hereditas.pl\/wp-content\/uploads\/2021\/10\/1_TAdamiak_2950_Mlawa_Stary_Rynek_11-1920x2276.jpg 1920w\" sizes=\"auto, (max-width: 864px) 100vw, 864px\" \/><\/a><figcaption class=\"blocks-gallery-item__caption\">Elewacja frontowa. Fot. Teresa Adamiak, 2021, \u017ar\u00f3d\u0142o: Res in Ornamento<\/figcaption><\/figure><\/li><li class=\"blocks-gallery-item\"><figure><a href=\"http:\/\/lapidarium.fundacja-hereditas.pl\/wp-content\/uploads\/2021\/10\/2_TAdamiak_2960_Mlawa_Stary_Rynek_11-scaled.jpg\"><img loading=\"lazy\" decoding=\"async\" width=\"1024\" height=\"680\" src=\"http:\/\/lapidarium.fundacja-hereditas.pl\/wp-content\/uploads\/2021\/10\/2_TAdamiak_2960_Mlawa_Stary_Rynek_11-1024x680.jpg\" alt=\"Balustrada balkonu. Fot. Teresa Adamiak, 2021, \u017ar\u00f3d\u0142o: Res in Ornamento\" data-id=\"5193\" data-full-url=\"http:\/\/lapidarium.fundacja-hereditas.pl\/wp-content\/uploads\/2021\/10\/2_TAdamiak_2960_Mlawa_Stary_Rynek_11-scaled.jpg\" data-link=\"http:\/\/lapidarium.fundacja-hereditas.pl\/2_tadamiak_2960_mlawa_stary_rynek_11\/\" class=\"wp-image-5193\" srcset=\"http:\/\/lapidarium.fundacja-hereditas.pl\/wp-content\/uploads\/2021\/10\/2_TAdamiak_2960_Mlawa_Stary_Rynek_11-1024x680.jpg 1024w, http:\/\/lapidarium.fundacja-hereditas.pl\/wp-content\/uploads\/2021\/10\/2_TAdamiak_2960_Mlawa_Stary_Rynek_11-300x199.jpg 300w, http:\/\/lapidarium.fundacja-hereditas.pl\/wp-content\/uploads\/2021\/10\/2_TAdamiak_2960_Mlawa_Stary_Rynek_11-768x510.jpg 768w, http:\/\/lapidarium.fundacja-hereditas.pl\/wp-content\/uploads\/2021\/10\/2_TAdamiak_2960_Mlawa_Stary_Rynek_11-1536x1020.jpg 1536w, http:\/\/lapidarium.fundacja-hereditas.pl\/wp-content\/uploads\/2021\/10\/2_TAdamiak_2960_Mlawa_Stary_Rynek_11-2048x1360.jpg 2048w, http:\/\/lapidarium.fundacja-hereditas.pl\/wp-content\/uploads\/2021\/10\/2_TAdamiak_2960_Mlawa_Stary_Rynek_11-150x100.jpg 150w, http:\/\/lapidarium.fundacja-hereditas.pl\/wp-content\/uploads\/2021\/10\/2_TAdamiak_2960_Mlawa_Stary_Rynek_11-696x462.jpg 696w, http:\/\/lapidarium.fundacja-hereditas.pl\/wp-content\/uploads\/2021\/10\/2_TAdamiak_2960_Mlawa_Stary_Rynek_11-1068x709.jpg 1068w, http:\/\/lapidarium.fundacja-hereditas.pl\/wp-content\/uploads\/2021\/10\/2_TAdamiak_2960_Mlawa_Stary_Rynek_11-1920x1275.jpg 1920w\" sizes=\"auto, (max-width: 1024px) 100vw, 1024px\" \/><\/a><figcaption class=\"blocks-gallery-item__caption\">Balustrada balkonu. Fot. Teresa Adamiak, 2021, \u017ar\u00f3d\u0142o: Res in Ornamento<\/figcaption><\/figure><\/li><li class=\"blocks-gallery-item\"><figure><a href=\"http:\/\/lapidarium.fundacja-hereditas.pl\/wp-content\/uploads\/2021\/10\/3_TAdamiak_2966_Mlawa_Stary_Rynek_11-scaled.jpg\"><img loading=\"lazy\" decoding=\"async\" width=\"680\" height=\"1024\" src=\"http:\/\/lapidarium.fundacja-hereditas.pl\/wp-content\/uploads\/2021\/10\/3_TAdamiak_2966_Mlawa_Stary_Rynek_11-680x1024.jpg\" alt=\"Klatka schodowa, parter. Fot. Teresa Adamiak, 2021, \u017ar\u00f3d\u0142o: Res in Ornamento\" data-id=\"5194\" data-full-url=\"http:\/\/lapidarium.fundacja-hereditas.pl\/wp-content\/uploads\/2021\/10\/3_TAdamiak_2966_Mlawa_Stary_Rynek_11-scaled.jpg\" data-link=\"http:\/\/lapidarium.fundacja-hereditas.pl\/3_tadamiak_2966_mlawa_stary_rynek_11\/\" class=\"wp-image-5194\" srcset=\"http:\/\/lapidarium.fundacja-hereditas.pl\/wp-content\/uploads\/2021\/10\/3_TAdamiak_2966_Mlawa_Stary_Rynek_11-680x1024.jpg 680w, http:\/\/lapidarium.fundacja-hereditas.pl\/wp-content\/uploads\/2021\/10\/3_TAdamiak_2966_Mlawa_Stary_Rynek_11-199x300.jpg 199w, http:\/\/lapidarium.fundacja-hereditas.pl\/wp-content\/uploads\/2021\/10\/3_TAdamiak_2966_Mlawa_Stary_Rynek_11-768x1156.jpg 768w, http:\/\/lapidarium.fundacja-hereditas.pl\/wp-content\/uploads\/2021\/10\/3_TAdamiak_2966_Mlawa_Stary_Rynek_11-1020x1536.jpg 1020w, http:\/\/lapidarium.fundacja-hereditas.pl\/wp-content\/uploads\/2021\/10\/3_TAdamiak_2966_Mlawa_Stary_Rynek_11-1360x2048.jpg 1360w, http:\/\/lapidarium.fundacja-hereditas.pl\/wp-content\/uploads\/2021\/10\/3_TAdamiak_2966_Mlawa_Stary_Rynek_11-150x226.jpg 150w, http:\/\/lapidarium.fundacja-hereditas.pl\/wp-content\/uploads\/2021\/10\/3_TAdamiak_2966_Mlawa_Stary_Rynek_11-300x452.jpg 300w, http:\/\/lapidarium.fundacja-hereditas.pl\/wp-content\/uploads\/2021\/10\/3_TAdamiak_2966_Mlawa_Stary_Rynek_11-696x1048.jpg 696w, http:\/\/lapidarium.fundacja-hereditas.pl\/wp-content\/uploads\/2021\/10\/3_TAdamiak_2966_Mlawa_Stary_Rynek_11-1068x1608.jpg 1068w, http:\/\/lapidarium.fundacja-hereditas.pl\/wp-content\/uploads\/2021\/10\/3_TAdamiak_2966_Mlawa_Stary_Rynek_11-1920x2891.jpg 1920w, http:\/\/lapidarium.fundacja-hereditas.pl\/wp-content\/uploads\/2021\/10\/3_TAdamiak_2966_Mlawa_Stary_Rynek_11-scaled.jpg 1700w\" sizes=\"auto, (max-width: 680px) 100vw, 680px\" \/><\/a><figcaption class=\"blocks-gallery-item__caption\">Klatka schodowa, parter. Fot. Teresa Adamiak, 2021, \u017ar\u00f3d\u0142o: Res in Ornamento<\/figcaption><\/figure><\/li><li class=\"blocks-gallery-item\"><figure><a href=\"http:\/\/lapidarium.fundacja-hereditas.pl\/wp-content\/uploads\/2021\/10\/4_TAdamiak_2977_Mlawa_Stary_Rynek_11-scaled.jpg\"><img loading=\"lazy\" decoding=\"async\" width=\"680\" height=\"1024\" src=\"http:\/\/lapidarium.fundacja-hereditas.pl\/wp-content\/uploads\/2021\/10\/4_TAdamiak_2977_Mlawa_Stary_Rynek_11-680x1024.jpg\" alt=\"Balustrada, klatka schodowa. Fot. Teresa Adamiak, 2021, \u017ar\u00f3d\u0142o: Res in Ornamento\" data-id=\"5201\" data-full-url=\"http:\/\/lapidarium.fundacja-hereditas.pl\/wp-content\/uploads\/2021\/10\/4_TAdamiak_2977_Mlawa_Stary_Rynek_11-scaled.jpg\" data-link=\"http:\/\/lapidarium.fundacja-hereditas.pl\/4_tadamiak_2977_mlawa_stary_rynek_11\/\" class=\"wp-image-5201\" srcset=\"http:\/\/lapidarium.fundacja-hereditas.pl\/wp-content\/uploads\/2021\/10\/4_TAdamiak_2977_Mlawa_Stary_Rynek_11-680x1024.jpg 680w, http:\/\/lapidarium.fundacja-hereditas.pl\/wp-content\/uploads\/2021\/10\/4_TAdamiak_2977_Mlawa_Stary_Rynek_11-199x300.jpg 199w, http:\/\/lapidarium.fundacja-hereditas.pl\/wp-content\/uploads\/2021\/10\/4_TAdamiak_2977_Mlawa_Stary_Rynek_11-768x1156.jpg 768w, http:\/\/lapidarium.fundacja-hereditas.pl\/wp-content\/uploads\/2021\/10\/4_TAdamiak_2977_Mlawa_Stary_Rynek_11-1020x1536.jpg 1020w, http:\/\/lapidarium.fundacja-hereditas.pl\/wp-content\/uploads\/2021\/10\/4_TAdamiak_2977_Mlawa_Stary_Rynek_11-1360x2048.jpg 1360w, http:\/\/lapidarium.fundacja-hereditas.pl\/wp-content\/uploads\/2021\/10\/4_TAdamiak_2977_Mlawa_Stary_Rynek_11-150x226.jpg 150w, http:\/\/lapidarium.fundacja-hereditas.pl\/wp-content\/uploads\/2021\/10\/4_TAdamiak_2977_Mlawa_Stary_Rynek_11-300x452.jpg 300w, http:\/\/lapidarium.fundacja-hereditas.pl\/wp-content\/uploads\/2021\/10\/4_TAdamiak_2977_Mlawa_Stary_Rynek_11-696x1048.jpg 696w, http:\/\/lapidarium.fundacja-hereditas.pl\/wp-content\/uploads\/2021\/10\/4_TAdamiak_2977_Mlawa_Stary_Rynek_11-1068x1608.jpg 1068w, http:\/\/lapidarium.fundacja-hereditas.pl\/wp-content\/uploads\/2021\/10\/4_TAdamiak_2977_Mlawa_Stary_Rynek_11-1920x2891.jpg 1920w, http:\/\/lapidarium.fundacja-hereditas.pl\/wp-content\/uploads\/2021\/10\/4_TAdamiak_2977_Mlawa_Stary_Rynek_11-scaled.jpg 1700w\" sizes=\"auto, (max-width: 680px) 100vw, 680px\" \/><\/a><figcaption class=\"blocks-gallery-item__caption\">Balustrada, klatka schodowa. Fot. Teresa Adamiak, 2021, \u017ar\u00f3d\u0142o: Res in Ornamento<\/figcaption><\/figure><\/li><li class=\"blocks-gallery-item\"><figure><a href=\"http:\/\/lapidarium.fundacja-hereditas.pl\/wp-content\/uploads\/2021\/10\/5_TAdamiak_2986_Mlawa_Stary_Rynek_11-scaled.jpg\"><img loading=\"lazy\" decoding=\"async\" width=\"680\" height=\"1024\" src=\"http:\/\/lapidarium.fundacja-hereditas.pl\/wp-content\/uploads\/2021\/10\/5_TAdamiak_2986_Mlawa_Stary_Rynek_11-680x1024.jpg\" alt=\"Klatka schodowa. Fot. Teresa Adamiak, 2021, \u017ar\u00f3d\u0142o: Res in Ornamento\" data-id=\"5196\" data-full-url=\"http:\/\/lapidarium.fundacja-hereditas.pl\/wp-content\/uploads\/2021\/10\/5_TAdamiak_2986_Mlawa_Stary_Rynek_11-scaled.jpg\" data-link=\"http:\/\/lapidarium.fundacja-hereditas.pl\/5_tadamiak_2986_mlawa_stary_rynek_11\/\" class=\"wp-image-5196\" srcset=\"http:\/\/lapidarium.fundacja-hereditas.pl\/wp-content\/uploads\/2021\/10\/5_TAdamiak_2986_Mlawa_Stary_Rynek_11-680x1024.jpg 680w, http:\/\/lapidarium.fundacja-hereditas.pl\/wp-content\/uploads\/2021\/10\/5_TAdamiak_2986_Mlawa_Stary_Rynek_11-199x300.jpg 199w, http:\/\/lapidarium.fundacja-hereditas.pl\/wp-content\/uploads\/2021\/10\/5_TAdamiak_2986_Mlawa_Stary_Rynek_11-768x1156.jpg 768w, http:\/\/lapidarium.fundacja-hereditas.pl\/wp-content\/uploads\/2021\/10\/5_TAdamiak_2986_Mlawa_Stary_Rynek_11-1020x1536.jpg 1020w, http:\/\/lapidarium.fundacja-hereditas.pl\/wp-content\/uploads\/2021\/10\/5_TAdamiak_2986_Mlawa_Stary_Rynek_11-1360x2048.jpg 1360w, http:\/\/lapidarium.fundacja-hereditas.pl\/wp-content\/uploads\/2021\/10\/5_TAdamiak_2986_Mlawa_Stary_Rynek_11-150x226.jpg 150w, http:\/\/lapidarium.fundacja-hereditas.pl\/wp-content\/uploads\/2021\/10\/5_TAdamiak_2986_Mlawa_Stary_Rynek_11-300x452.jpg 300w, http:\/\/lapidarium.fundacja-hereditas.pl\/wp-content\/uploads\/2021\/10\/5_TAdamiak_2986_Mlawa_Stary_Rynek_11-696x1048.jpg 696w, http:\/\/lapidarium.fundacja-hereditas.pl\/wp-content\/uploads\/2021\/10\/5_TAdamiak_2986_Mlawa_Stary_Rynek_11-1068x1608.jpg 1068w, http:\/\/lapidarium.fundacja-hereditas.pl\/wp-content\/uploads\/2021\/10\/5_TAdamiak_2986_Mlawa_Stary_Rynek_11-1920x2891.jpg 1920w, http:\/\/lapidarium.fundacja-hereditas.pl\/wp-content\/uploads\/2021\/10\/5_TAdamiak_2986_Mlawa_Stary_Rynek_11-scaled.jpg 1700w\" sizes=\"auto, (max-width: 680px) 100vw, 680px\" \/><\/a><figcaption class=\"blocks-gallery-item__caption\">Klatka schodowa. Fot. Teresa Adamiak, 2021, \u017ar\u00f3d\u0142o: Res in Ornamento<\/figcaption><\/figure><\/li><li class=\"blocks-gallery-item\"><figure><a href=\"http:\/\/lapidarium.fundacja-hereditas.pl\/wp-content\/uploads\/2021\/10\/6_TAdamiak_2982_Mlawa_Stary_Rynek_11-scaled.jpg\"><img loading=\"lazy\" decoding=\"async\" width=\"1024\" height=\"680\" src=\"http:\/\/lapidarium.fundacja-hereditas.pl\/wp-content\/uploads\/2021\/10\/6_TAdamiak_2982_Mlawa_Stary_Rynek_11-1024x680.jpg\" alt=\"Por\u0119cz balustrady. Fot. Teresa Adamiak, 2021, \u017ar\u00f3d\u0142o: Res in Ornamento\" data-id=\"5197\" data-full-url=\"http:\/\/lapidarium.fundacja-hereditas.pl\/wp-content\/uploads\/2021\/10\/6_TAdamiak_2982_Mlawa_Stary_Rynek_11-scaled.jpg\" data-link=\"http:\/\/lapidarium.fundacja-hereditas.pl\/6_tadamiak_2982_mlawa_stary_rynek_11\/\" class=\"wp-image-5197\" srcset=\"http:\/\/lapidarium.fundacja-hereditas.pl\/wp-content\/uploads\/2021\/10\/6_TAdamiak_2982_Mlawa_Stary_Rynek_11-1024x680.jpg 1024w, http:\/\/lapidarium.fundacja-hereditas.pl\/wp-content\/uploads\/2021\/10\/6_TAdamiak_2982_Mlawa_Stary_Rynek_11-300x199.jpg 300w, http:\/\/lapidarium.fundacja-hereditas.pl\/wp-content\/uploads\/2021\/10\/6_TAdamiak_2982_Mlawa_Stary_Rynek_11-768x510.jpg 768w, http:\/\/lapidarium.fundacja-hereditas.pl\/wp-content\/uploads\/2021\/10\/6_TAdamiak_2982_Mlawa_Stary_Rynek_11-1536x1020.jpg 1536w, http:\/\/lapidarium.fundacja-hereditas.pl\/wp-content\/uploads\/2021\/10\/6_TAdamiak_2982_Mlawa_Stary_Rynek_11-2048x1360.jpg 2048w, http:\/\/lapidarium.fundacja-hereditas.pl\/wp-content\/uploads\/2021\/10\/6_TAdamiak_2982_Mlawa_Stary_Rynek_11-150x100.jpg 150w, http:\/\/lapidarium.fundacja-hereditas.pl\/wp-content\/uploads\/2021\/10\/6_TAdamiak_2982_Mlawa_Stary_Rynek_11-696x462.jpg 696w, http:\/\/lapidarium.fundacja-hereditas.pl\/wp-content\/uploads\/2021\/10\/6_TAdamiak_2982_Mlawa_Stary_Rynek_11-1068x709.jpg 1068w, http:\/\/lapidarium.fundacja-hereditas.pl\/wp-content\/uploads\/2021\/10\/6_TAdamiak_2982_Mlawa_Stary_Rynek_11-1920x1275.jpg 1920w\" sizes=\"auto, (max-width: 1024px) 100vw, 1024px\" \/><\/a><figcaption class=\"blocks-gallery-item__caption\">Por\u0119cz balustrady. Fot. Teresa Adamiak, 2021, \u017ar\u00f3d\u0142o: Res in Ornamento<\/figcaption><\/figure><\/li><li class=\"blocks-gallery-item\"><figure><a href=\"http:\/\/lapidarium.fundacja-hereditas.pl\/wp-content\/uploads\/2021\/10\/7_TAdamiak_2985_Mlawa_Stary_Rynek_11-scaled.jpg\"><img loading=\"lazy\" decoding=\"async\" width=\"680\" height=\"1024\" src=\"http:\/\/lapidarium.fundacja-hereditas.pl\/wp-content\/uploads\/2021\/10\/7_TAdamiak_2985_Mlawa_Stary_Rynek_11-680x1024.jpg\" alt=\"S\u0142upek balustrady. Fot. Teresa Adamiak, 2021, \u017ar\u00f3d\u0142o: Res in Ornamento\" data-id=\"5198\" data-full-url=\"http:\/\/lapidarium.fundacja-hereditas.pl\/wp-content\/uploads\/2021\/10\/7_TAdamiak_2985_Mlawa_Stary_Rynek_11-scaled.jpg\" data-link=\"http:\/\/lapidarium.fundacja-hereditas.pl\/7_tadamiak_2985_mlawa_stary_rynek_11\/\" class=\"wp-image-5198\" srcset=\"http:\/\/lapidarium.fundacja-hereditas.pl\/wp-content\/uploads\/2021\/10\/7_TAdamiak_2985_Mlawa_Stary_Rynek_11-680x1024.jpg 680w, http:\/\/lapidarium.fundacja-hereditas.pl\/wp-content\/uploads\/2021\/10\/7_TAdamiak_2985_Mlawa_Stary_Rynek_11-199x300.jpg 199w, http:\/\/lapidarium.fundacja-hereditas.pl\/wp-content\/uploads\/2021\/10\/7_TAdamiak_2985_Mlawa_Stary_Rynek_11-768x1156.jpg 768w, http:\/\/lapidarium.fundacja-hereditas.pl\/wp-content\/uploads\/2021\/10\/7_TAdamiak_2985_Mlawa_Stary_Rynek_11-1020x1536.jpg 1020w, http:\/\/lapidarium.fundacja-hereditas.pl\/wp-content\/uploads\/2021\/10\/7_TAdamiak_2985_Mlawa_Stary_Rynek_11-1360x2048.jpg 1360w, http:\/\/lapidarium.fundacja-hereditas.pl\/wp-content\/uploads\/2021\/10\/7_TAdamiak_2985_Mlawa_Stary_Rynek_11-150x226.jpg 150w, http:\/\/lapidarium.fundacja-hereditas.pl\/wp-content\/uploads\/2021\/10\/7_TAdamiak_2985_Mlawa_Stary_Rynek_11-300x452.jpg 300w, http:\/\/lapidarium.fundacja-hereditas.pl\/wp-content\/uploads\/2021\/10\/7_TAdamiak_2985_Mlawa_Stary_Rynek_11-696x1048.jpg 696w, http:\/\/lapidarium.fundacja-hereditas.pl\/wp-content\/uploads\/2021\/10\/7_TAdamiak_2985_Mlawa_Stary_Rynek_11-1068x1608.jpg 1068w, http:\/\/lapidarium.fundacja-hereditas.pl\/wp-content\/uploads\/2021\/10\/7_TAdamiak_2985_Mlawa_Stary_Rynek_11-1920x2891.jpg 1920w, http:\/\/lapidarium.fundacja-hereditas.pl\/wp-content\/uploads\/2021\/10\/7_TAdamiak_2985_Mlawa_Stary_Rynek_11-scaled.jpg 1700w\" sizes=\"auto, (max-width: 680px) 100vw, 680px\" \/><\/a><figcaption class=\"blocks-gallery-item__caption\">S\u0142upek balustrady. Fot. Teresa Adamiak, 2021, \u017ar\u00f3d\u0142o: Res in Ornamento<\/figcaption><\/figure><\/li><li class=\"blocks-gallery-item\"><figure><a href=\"http:\/\/lapidarium.fundacja-hereditas.pl\/wp-content\/uploads\/2021\/10\/8_TAdamiak_2979_Mlawa_Stary_Rynek_11-scaled.jpg\"><img loading=\"lazy\" decoding=\"async\" width=\"1024\" height=\"680\" src=\"http:\/\/lapidarium.fundacja-hereditas.pl\/wp-content\/uploads\/2021\/10\/8_TAdamiak_2979_Mlawa_Stary_Rynek_11-1024x680.jpg\" alt=\"Klatka schodowa. Fot. Teresa Adamiak, 2021, \u017ar\u00f3d\u0142o: Res in Ornamento\" data-id=\"5199\" data-full-url=\"http:\/\/lapidarium.fundacja-hereditas.pl\/wp-content\/uploads\/2021\/10\/8_TAdamiak_2979_Mlawa_Stary_Rynek_11-scaled.jpg\" data-link=\"http:\/\/lapidarium.fundacja-hereditas.pl\/8_tadamiak_2979_mlawa_stary_rynek_11\/\" class=\"wp-image-5199\" srcset=\"http:\/\/lapidarium.fundacja-hereditas.pl\/wp-content\/uploads\/2021\/10\/8_TAdamiak_2979_Mlawa_Stary_Rynek_11-1024x680.jpg 1024w, http:\/\/lapidarium.fundacja-hereditas.pl\/wp-content\/uploads\/2021\/10\/8_TAdamiak_2979_Mlawa_Stary_Rynek_11-300x199.jpg 300w, http:\/\/lapidarium.fundacja-hereditas.pl\/wp-content\/uploads\/2021\/10\/8_TAdamiak_2979_Mlawa_Stary_Rynek_11-768x510.jpg 768w, http:\/\/lapidarium.fundacja-hereditas.pl\/wp-content\/uploads\/2021\/10\/8_TAdamiak_2979_Mlawa_Stary_Rynek_11-1536x1020.jpg 1536w, http:\/\/lapidarium.fundacja-hereditas.pl\/wp-content\/uploads\/2021\/10\/8_TAdamiak_2979_Mlawa_Stary_Rynek_11-2048x1360.jpg 2048w, http:\/\/lapidarium.fundacja-hereditas.pl\/wp-content\/uploads\/2021\/10\/8_TAdamiak_2979_Mlawa_Stary_Rynek_11-150x100.jpg 150w, http:\/\/lapidarium.fundacja-hereditas.pl\/wp-content\/uploads\/2021\/10\/8_TAdamiak_2979_Mlawa_Stary_Rynek_11-696x462.jpg 696w, http:\/\/lapidarium.fundacja-hereditas.pl\/wp-content\/uploads\/2021\/10\/8_TAdamiak_2979_Mlawa_Stary_Rynek_11-1068x709.jpg 1068w, http:\/\/lapidarium.fundacja-hereditas.pl\/wp-content\/uploads\/2021\/10\/8_TAdamiak_2979_Mlawa_Stary_Rynek_11-1920x1275.jpg 1920w\" sizes=\"auto, (max-width: 1024px) 100vw, 1024px\" \/><\/a><figcaption class=\"blocks-gallery-item__caption\">Klatka schodowa. Fot. Teresa Adamiak, 2021, \u017ar\u00f3d\u0142o: Res in Ornamento<\/figcaption><\/figure><\/li><li class=\"blocks-gallery-item\"><figure><a href=\"http:\/\/lapidarium.fundacja-hereditas.pl\/wp-content\/uploads\/2021\/10\/9_TAdamiak_2978_Mlawa_Stary_Rynek_11-scaled.jpg\"><img loading=\"lazy\" decoding=\"async\" width=\"680\" height=\"1024\" src=\"http:\/\/lapidarium.fundacja-hereditas.pl\/wp-content\/uploads\/2021\/10\/9_TAdamiak_2978_Mlawa_Stary_Rynek_11-680x1024.jpg\" alt=\"Balustrada ostatniej kondygnacji klatki schodowej. Fot. Teresa Adamiak, 2021, \u017ar\u00f3d\u0142o: Res in Ornamento\" data-id=\"5200\" data-full-url=\"http:\/\/lapidarium.fundacja-hereditas.pl\/wp-content\/uploads\/2021\/10\/9_TAdamiak_2978_Mlawa_Stary_Rynek_11-scaled.jpg\" data-link=\"http:\/\/lapidarium.fundacja-hereditas.pl\/9_tadamiak_2978_mlawa_stary_rynek_11\/\" class=\"wp-image-5200\" srcset=\"http:\/\/lapidarium.fundacja-hereditas.pl\/wp-content\/uploads\/2021\/10\/9_TAdamiak_2978_Mlawa_Stary_Rynek_11-680x1024.jpg 680w, http:\/\/lapidarium.fundacja-hereditas.pl\/wp-content\/uploads\/2021\/10\/9_TAdamiak_2978_Mlawa_Stary_Rynek_11-199x300.jpg 199w, http:\/\/lapidarium.fundacja-hereditas.pl\/wp-content\/uploads\/2021\/10\/9_TAdamiak_2978_Mlawa_Stary_Rynek_11-768x1156.jpg 768w, http:\/\/lapidarium.fundacja-hereditas.pl\/wp-content\/uploads\/2021\/10\/9_TAdamiak_2978_Mlawa_Stary_Rynek_11-1020x1536.jpg 1020w, http:\/\/lapidarium.fundacja-hereditas.pl\/wp-content\/uploads\/2021\/10\/9_TAdamiak_2978_Mlawa_Stary_Rynek_11-1360x2048.jpg 1360w, http:\/\/lapidarium.fundacja-hereditas.pl\/wp-content\/uploads\/2021\/10\/9_TAdamiak_2978_Mlawa_Stary_Rynek_11-150x226.jpg 150w, http:\/\/lapidarium.fundacja-hereditas.pl\/wp-content\/uploads\/2021\/10\/9_TAdamiak_2978_Mlawa_Stary_Rynek_11-300x452.jpg 300w, http:\/\/lapidarium.fundacja-hereditas.pl\/wp-content\/uploads\/2021\/10\/9_TAdamiak_2978_Mlawa_Stary_Rynek_11-696x1048.jpg 696w, http:\/\/lapidarium.fundacja-hereditas.pl\/wp-content\/uploads\/2021\/10\/9_TAdamiak_2978_Mlawa_Stary_Rynek_11-1068x1608.jpg 1068w, http:\/\/lapidarium.fundacja-hereditas.pl\/wp-content\/uploads\/2021\/10\/9_TAdamiak_2978_Mlawa_Stary_Rynek_11-1920x2891.jpg 1920w, http:\/\/lapidarium.fundacja-hereditas.pl\/wp-content\/uploads\/2021\/10\/9_TAdamiak_2978_Mlawa_Stary_Rynek_11-scaled.jpg 1700w\" sizes=\"auto, (max-width: 680px) 100vw, 680px\" \/><\/a><figcaption class=\"blocks-gallery-item__caption\">Balustrada ostatniej kondygnacji klatki schodowej. Fot. Teresa Adamiak, 2021, \u017ar\u00f3d\u0142o: Res in Ornamento<\/figcaption><\/figure><\/li><\/ul><\/figure>\n","protected":false},"excerpt":{"rendered":"<p>Kamienica z pocz\u0105tku XX w.<\/p>\n","protected":false},"author":3,"featured_media":5192,"comment_status":"open","ping_status":"open","sticky":false,"template":"","format":"standard","meta":{"footnotes":""},"categories":[8,70],"tags":[],"class_list":{"0":"post-5202","1":"post","2":"type-post","3":"status-publish","4":"format-standard","5":"has-post-thumbnail","7":"category-mlawa","8":"category-stary-rynek"},"_links":{"self":[{"href":"http:\/\/lapidarium.fundacja-hereditas.pl\/index.php\/wp-json\/wp\/v2\/posts\/5202","targetHints":{"allow":["GET"]}}],"collection":[{"href":"http:\/\/lapidarium.fundacja-hereditas.pl\/index.php\/wp-json\/wp\/v2\/posts"}],"about":[{"href":"http:\/\/lapidarium.fundacja-hereditas.pl\/index.php\/wp-json\/wp\/v2\/types\/post"}],"author":[{"embeddable":true,"href":"http:\/\/lapidarium.fundacja-hereditas.pl\/index.php\/wp-json\/wp\/v2\/users\/3"}],"replies":[{"embeddable":true,"href":"http:\/\/lapidarium.fundacja-hereditas.pl\/index.php\/wp-json\/wp\/v2\/comments?post=5202"}],"version-history":[{"count":6,"href":"http:\/\/lapidarium.fundacja-hereditas.pl\/index.php\/wp-json\/wp\/v2\/posts\/5202\/revisions"}],"predecessor-version":[{"id":7375,"href":"http:\/\/lapidarium.fundacja-hereditas.pl\/index.php\/wp-json\/wp\/v2\/posts\/5202\/revisions\/7375"}],"wp:featuredmedia":[{"embeddable":true,"href":"http:\/\/lapidarium.fundacja-hereditas.pl\/index.php\/wp-json\/wp\/v2\/media\/5192"}],"wp:attachment":[{"href":"http:\/\/lapidarium.fundacja-hereditas.pl\/index.php\/wp-json\/wp\/v2\/media?parent=5202"}],"wp:term":[{"taxonomy":"category","embeddable":true,"href":"http:\/\/lapidarium.fundacja-hereditas.pl\/index.php\/wp-json\/wp\/v2\/categories?post=5202"},{"taxonomy":"post_tag","embeddable":true,"href":"http:\/\/lapidarium.fundacja-hereditas.pl\/index.php\/wp-json\/wp\/v2\/tags?post=5202"}],"curies":[{"name":"wp","href":"https:\/\/api.w.org\/{rel}","templated":true}]}}