{"id":4707,"date":"2021-09-26T10:52:07","date_gmt":"2021-09-26T08:52:07","guid":{"rendered":"https:\/\/lapidarium.fundacja-hereditas.pl\/?p=4707"},"modified":"2021-10-26T13:43:36","modified_gmt":"2021-10-26T11:43:36","slug":"kamienica-ul-kaweczynska-12","status":"publish","type":"post","link":"http:\/\/lapidarium.fundacja-hereditas.pl\/index.php\/2021\/09\/26\/kamienica-ul-kaweczynska-12\/","title":{"rendered":"Kamienica ul. Kaw\u0119czy\u0144ska 12, Warszawa"},"content":{"rendered":"\n<figure class=\"wp-block-gallery columns-3 is-cropped wp-block-gallery-1 is-layout-flex wp-block-gallery-is-layout-flex\"><ul class=\"blocks-gallery-grid\"><li class=\"blocks-gallery-item\"><figure><a href=\"http:\/\/lapidarium.fundacja-hereditas.pl\/wp-content\/uploads\/2021\/08\/b_DSCN0253.jpg\"><img loading=\"lazy\" decoding=\"async\" width=\"768\" height=\"1024\" src=\"http:\/\/lapidarium.fundacja-hereditas.pl\/wp-content\/uploads\/2021\/08\/b_DSCN0253-768x1024.jpg\" alt=\"Budynek pofabryczny (p\u00f3\u017aniej szkolny), ul Kaw\u0119czy\u0144ska 12. Fot. Daniel Bogacki, 2017, \u017ar\u00f3d\u0142o: zabytek.co\" data-id=\"2997\" data-full-url=\"http:\/\/lapidarium.fundacja-hereditas.pl\/wp-content\/uploads\/2021\/08\/b_DSCN0253.jpg\" data-link=\"https:\/\/lapidarium.fundacja-hereditas.pl\/b_dscn0253\/\" class=\"wp-image-2997\" srcset=\"http:\/\/lapidarium.fundacja-hereditas.pl\/wp-content\/uploads\/2021\/08\/b_DSCN0253-768x1024.jpg 768w, http:\/\/lapidarium.fundacja-hereditas.pl\/wp-content\/uploads\/2021\/08\/b_DSCN0253-225x300.jpg 225w, http:\/\/lapidarium.fundacja-hereditas.pl\/wp-content\/uploads\/2021\/08\/b_DSCN0253-150x200.jpg 150w, http:\/\/lapidarium.fundacja-hereditas.pl\/wp-content\/uploads\/2021\/08\/b_DSCN0253-300x400.jpg 300w, http:\/\/lapidarium.fundacja-hereditas.pl\/wp-content\/uploads\/2021\/08\/b_DSCN0253-696x928.jpg 696w, http:\/\/lapidarium.fundacja-hereditas.pl\/wp-content\/uploads\/2021\/08\/b_DSCN0253.jpg 800w\" sizes=\"auto, (max-width: 768px) 100vw, 768px\" \/><\/a><figcaption class=\"blocks-gallery-item__caption\">Budynek pofabryczny (p\u00f3\u017aniej szkolny), ul Kaw\u0119czy\u0144ska 12. Fot. Daniel Bogacki, 2017, \u017ar\u00f3d\u0142o: zabytek.co<\/figcaption><\/figure><\/li><li class=\"blocks-gallery-item\"><figure><a href=\"http:\/\/lapidarium.fundacja-hereditas.pl\/wp-content\/uploads\/2021\/08\/b_DSCN0249.jpg\"><img loading=\"lazy\" decoding=\"async\" width=\"800\" height=\"600\" src=\"http:\/\/lapidarium.fundacja-hereditas.pl\/wp-content\/uploads\/2021\/08\/b_DSCN0249.jpg\" alt=\"Brama wjazdowa, budynek, ul Kaw\u0119czy\u0144ska 12. Fot. Daniel Bogacki, 2017, \u017ar\u00f3d\u0142o: zabytek.co\" data-id=\"2996\" data-full-url=\"http:\/\/lapidarium.fundacja-hereditas.pl\/wp-content\/uploads\/2021\/08\/b_DSCN0249.jpg\" data-link=\"https:\/\/lapidarium.fundacja-hereditas.pl\/b_dscn0249\/\" class=\"wp-image-2996\" srcset=\"http:\/\/lapidarium.fundacja-hereditas.pl\/wp-content\/uploads\/2021\/08\/b_DSCN0249.jpg 800w, http:\/\/lapidarium.fundacja-hereditas.pl\/wp-content\/uploads\/2021\/08\/b_DSCN0249-300x225.jpg 300w, http:\/\/lapidarium.fundacja-hereditas.pl\/wp-content\/uploads\/2021\/08\/b_DSCN0249-768x576.jpg 768w, http:\/\/lapidarium.fundacja-hereditas.pl\/wp-content\/uploads\/2021\/08\/b_DSCN0249-150x113.jpg 150w, http:\/\/lapidarium.fundacja-hereditas.pl\/wp-content\/uploads\/2021\/08\/b_DSCN0249-696x522.jpg 696w\" sizes=\"auto, (max-width: 800px) 100vw, 800px\" \/><\/a><figcaption class=\"blocks-gallery-item__caption\">Brama wjazdowa, budynek, ul Kaw\u0119czy\u0144ska 12. Fot. Daniel Bogacki, 2017, \u017ar\u00f3d\u0142o: zabytek.co<\/figcaption><\/figure><\/li><li class=\"blocks-gallery-item\"><figure><a href=\"http:\/\/lapidarium.fundacja-hereditas.pl\/wp-content\/uploads\/2021\/08\/b_DSCN0247.jpg\"><img loading=\"lazy\" decoding=\"async\" width=\"800\" height=\"600\" src=\"http:\/\/lapidarium.fundacja-hereditas.pl\/wp-content\/uploads\/2021\/08\/b_DSCN0247.jpg\" alt=\"Odb\u00f3j bramny wlotowy (prawy), budynek, ul Kaw\u0119czy\u0144ska 12. Fot. Daniel Bogacki, 2017, \u017ar\u00f3d\u0142o: zabytek.co\" data-id=\"2995\" data-full-url=\"http:\/\/lapidarium.fundacja-hereditas.pl\/wp-content\/uploads\/2021\/08\/b_DSCN0247.jpg\" data-link=\"https:\/\/lapidarium.fundacja-hereditas.pl\/b_dscn0247\/\" class=\"wp-image-2995\" srcset=\"http:\/\/lapidarium.fundacja-hereditas.pl\/wp-content\/uploads\/2021\/08\/b_DSCN0247.jpg 800w, http:\/\/lapidarium.fundacja-hereditas.pl\/wp-content\/uploads\/2021\/08\/b_DSCN0247-300x225.jpg 300w, http:\/\/lapidarium.fundacja-hereditas.pl\/wp-content\/uploads\/2021\/08\/b_DSCN0247-768x576.jpg 768w, http:\/\/lapidarium.fundacja-hereditas.pl\/wp-content\/uploads\/2021\/08\/b_DSCN0247-150x113.jpg 150w, http:\/\/lapidarium.fundacja-hereditas.pl\/wp-content\/uploads\/2021\/08\/b_DSCN0247-696x522.jpg 696w\" sizes=\"auto, (max-width: 800px) 100vw, 800px\" \/><\/a><figcaption class=\"blocks-gallery-item__caption\">Odb\u00f3j bramny wlotowy (prawy), budynek, ul Kaw\u0119czy\u0144ska 12. Fot. Daniel Bogacki, 2017, \u017ar\u00f3d\u0142o: zabytek.co<\/figcaption><\/figure><\/li><li class=\"blocks-gallery-item\"><figure><a href=\"http:\/\/lapidarium.fundacja-hereditas.pl\/wp-content\/uploads\/2021\/08\/b_DSCN0245.jpg\"><img loading=\"lazy\" decoding=\"async\" width=\"800\" height=\"600\" src=\"http:\/\/lapidarium.fundacja-hereditas.pl\/wp-content\/uploads\/2021\/08\/b_DSCN0245.jpg\" alt=\"Odb\u00f3j bramny wlotowy (lewy), budynek, ul Kaw\u0119czy\u0144ska 12. Fot. Daniel Bogacki, 2017, \u017ar\u00f3d\u0142o: zabytek.co\" data-id=\"2994\" data-full-url=\"http:\/\/lapidarium.fundacja-hereditas.pl\/wp-content\/uploads\/2021\/08\/b_DSCN0245.jpg\" data-link=\"https:\/\/lapidarium.fundacja-hereditas.pl\/b_dscn0245\/\" class=\"wp-image-2994\" srcset=\"http:\/\/lapidarium.fundacja-hereditas.pl\/wp-content\/uploads\/2021\/08\/b_DSCN0245.jpg 800w, http:\/\/lapidarium.fundacja-hereditas.pl\/wp-content\/uploads\/2021\/08\/b_DSCN0245-300x225.jpg 300w, http:\/\/lapidarium.fundacja-hereditas.pl\/wp-content\/uploads\/2021\/08\/b_DSCN0245-768x576.jpg 768w, http:\/\/lapidarium.fundacja-hereditas.pl\/wp-content\/uploads\/2021\/08\/b_DSCN0245-150x113.jpg 150w, http:\/\/lapidarium.fundacja-hereditas.pl\/wp-content\/uploads\/2021\/08\/b_DSCN0245-696x522.jpg 696w\" sizes=\"auto, (max-width: 800px) 100vw, 800px\" \/><\/a><figcaption class=\"blocks-gallery-item__caption\">Odb\u00f3j bramny wlotowy (lewy), budynek, ul Kaw\u0119czy\u0144ska 12. Fot. Daniel Bogacki, 2017, \u017ar\u00f3d\u0142o: zabytek.co<\/figcaption><\/figure><\/li><\/ul><\/figure>\n","protected":false},"excerpt":{"rendered":"<p>Kamienica przy ul. Kaw\u0119czy\u0144skiej 12.<\/p>\n","protected":false},"author":2,"featured_media":2997,"comment_status":"open","ping_status":"open","sticky":false,"template":"","format":"standard","meta":{"footnotes":""},"categories":[14,4],"tags":[],"class_list":{"0":"post-4707","1":"post","2":"type-post","3":"status-publish","4":"format-standard","5":"has-post-thumbnail","7":"category-kaweczynska","8":"category-warszawa"},"_links":{"self":[{"href":"http:\/\/lapidarium.fundacja-hereditas.pl\/index.php\/wp-json\/wp\/v2\/posts\/4707","targetHints":{"allow":["GET"]}}],"collection":[{"href":"http:\/\/lapidarium.fundacja-hereditas.pl\/index.php\/wp-json\/wp\/v2\/posts"}],"about":[{"href":"http:\/\/lapidarium.fundacja-hereditas.pl\/index.php\/wp-json\/wp\/v2\/types\/post"}],"author":[{"embeddable":true,"href":"http:\/\/lapidarium.fundacja-hereditas.pl\/index.php\/wp-json\/wp\/v2\/users\/2"}],"replies":[{"embeddable":true,"href":"http:\/\/lapidarium.fundacja-hereditas.pl\/index.php\/wp-json\/wp\/v2\/comments?post=4707"}],"version-history":[{"count":4,"href":"http:\/\/lapidarium.fundacja-hereditas.pl\/index.php\/wp-json\/wp\/v2\/posts\/4707\/revisions"}],"predecessor-version":[{"id":5413,"href":"http:\/\/lapidarium.fundacja-hereditas.pl\/index.php\/wp-json\/wp\/v2\/posts\/4707\/revisions\/5413"}],"wp:featuredmedia":[{"embeddable":true,"href":"http:\/\/lapidarium.fundacja-hereditas.pl\/index.php\/wp-json\/wp\/v2\/media\/2997"}],"wp:attachment":[{"href":"http:\/\/lapidarium.fundacja-hereditas.pl\/index.php\/wp-json\/wp\/v2\/media?parent=4707"}],"wp:term":[{"taxonomy":"category","embeddable":true,"href":"http:\/\/lapidarium.fundacja-hereditas.pl\/index.php\/wp-json\/wp\/v2\/categories?post=4707"},{"taxonomy":"post_tag","embeddable":true,"href":"http:\/\/lapidarium.fundacja-hereditas.pl\/index.php\/wp-json\/wp\/v2\/tags?post=4707"}],"curies":[{"name":"wp","href":"https:\/\/api.w.org\/{rel}","templated":true}]}}