{"id":4101,"date":"2021-09-06T22:17:28","date_gmt":"2021-09-06T20:17:28","guid":{"rendered":"https:\/\/lapidarium.fundacja-hereditas.pl\/?p=4101"},"modified":"2022-11-16T05:10:33","modified_gmt":"2022-11-16T04:10:33","slug":"kamienica-ul-marcinkowskiego-2","status":"publish","type":"post","link":"http:\/\/lapidarium.fundacja-hereditas.pl\/index.php\/2021\/09\/06\/kamienica-ul-marcinkowskiego-2\/","title":{"rendered":"Kamienica ul. Marcinkowskiego 2, Warszawa"},"content":{"rendered":"\n<p>Zabudowania dawnego V Oddz. Warszawskiej Stra\u017cy Ogniowej.<\/p>\n\n\n\n<figure class=\"wp-block-gallery columns-3 is-cropped wp-block-gallery-1 is-layout-flex wp-block-gallery-is-layout-flex\"><ul class=\"blocks-gallery-grid\"><li class=\"blocks-gallery-item\"><figure><a href=\"http:\/\/lapidarium.fundacja-hereditas.pl\/wp-content\/uploads\/2021\/09\/b_448_1540737647dsc07902.jpg\"><img loading=\"lazy\" decoding=\"async\" width=\"600\" height=\"450\" src=\"http:\/\/lapidarium.fundacja-hereditas.pl\/wp-content\/uploads\/2021\/09\/b_448_1540737647dsc07902.jpg\" alt=\"Zabudowania d. V Oddz. Warszawskiej Stra\u017cy Ogniowej, ul. Marcinkowskiego 2. Fot. Katarzyna Komar-Michalczyk, 2018, \u017ar\u00f3d\u0142o: zabytek.co\" data-id=\"3755\" data-full-url=\"http:\/\/lapidarium.fundacja-hereditas.pl\/wp-content\/uploads\/2021\/09\/b_448_1540737647dsc07902.jpg\" data-link=\"https:\/\/lapidarium.fundacja-hereditas.pl\/b_448_1540737647dsc07902\/\" class=\"wp-image-3755\" srcset=\"http:\/\/lapidarium.fundacja-hereditas.pl\/wp-content\/uploads\/2021\/09\/b_448_1540737647dsc07902.jpg 600w, http:\/\/lapidarium.fundacja-hereditas.pl\/wp-content\/uploads\/2021\/09\/b_448_1540737647dsc07902-300x225.jpg 300w, http:\/\/lapidarium.fundacja-hereditas.pl\/wp-content\/uploads\/2021\/09\/b_448_1540737647dsc07902-150x113.jpg 150w\" sizes=\"auto, (max-width: 600px) 100vw, 600px\" \/><\/a><figcaption class=\"blocks-gallery-item__caption\">Zabudowania d. V Oddz. Warszawskiej Stra\u017cy Ogniowej, ul. Marcinkowskiego 2. Fot. Katarzyna Komar-Michalczyk, 2018, \u017ar\u00f3d\u0142o: zabytek.co<\/figcaption><\/figure><\/li><li class=\"blocks-gallery-item\"><figure><a href=\"http:\/\/lapidarium.fundacja-hereditas.pl\/wp-content\/uploads\/2021\/09\/b_448_1540737601dsc07878.jpg\"><img loading=\"lazy\" decoding=\"async\" width=\"600\" height=\"450\" src=\"http:\/\/lapidarium.fundacja-hereditas.pl\/wp-content\/uploads\/2021\/09\/b_448_1540737601dsc07878.jpg\" alt=\"Zabudowania d. V Oddz. Warszawskiej Stra\u017cy Ogniowej, ul. Marcinkowskiego 2. Fot. Katarzyna Komar-Michalczyk, 2018, \u017ar\u00f3d\u0142o: zabytek.co\" data-id=\"3754\" data-full-url=\"http:\/\/lapidarium.fundacja-hereditas.pl\/wp-content\/uploads\/2021\/09\/b_448_1540737601dsc07878.jpg\" data-link=\"https:\/\/lapidarium.fundacja-hereditas.pl\/b_448_1540737601dsc07878\/\" class=\"wp-image-3754\" srcset=\"http:\/\/lapidarium.fundacja-hereditas.pl\/wp-content\/uploads\/2021\/09\/b_448_1540737601dsc07878.jpg 600w, http:\/\/lapidarium.fundacja-hereditas.pl\/wp-content\/uploads\/2021\/09\/b_448_1540737601dsc07878-300x225.jpg 300w, http:\/\/lapidarium.fundacja-hereditas.pl\/wp-content\/uploads\/2021\/09\/b_448_1540737601dsc07878-150x113.jpg 150w\" sizes=\"auto, (max-width: 600px) 100vw, 600px\" \/><\/a><figcaption class=\"blocks-gallery-item__caption\">Zabudowania d. V Oddz. Warszawskiej Stra\u017cy Ogniowej, ul. Marcinkowskiego 2. Fot. Katarzyna Komar-Michalczyk, 2018, \u017ar\u00f3d\u0142o: zabytek.co<\/figcaption><\/figure><\/li><li class=\"blocks-gallery-item\"><figure><a href=\"http:\/\/lapidarium.fundacja-hereditas.pl\/wp-content\/uploads\/2021\/09\/b_449_1540738244dsc07879.jpg\"><img loading=\"lazy\" decoding=\"async\" width=\"600\" height=\"450\" src=\"http:\/\/lapidarium.fundacja-hereditas.pl\/wp-content\/uploads\/2021\/09\/b_449_1540738244dsc07879.jpg\" alt=\"Nacz\u00f3\u0142ek z herbem Warszawy, zabudowania d. V Oddz. Warszawskiej Stra\u017cy Ogniowej, ul. Marcinkowskiego 2. Fot. Katarzyna Komar-Michalczyk, 2018, \u017ar\u00f3d\u0142o: zabytek.co\" data-id=\"3756\" data-full-url=\"http:\/\/lapidarium.fundacja-hereditas.pl\/wp-content\/uploads\/2021\/09\/b_449_1540738244dsc07879.jpg\" data-link=\"https:\/\/lapidarium.fundacja-hereditas.pl\/b_449_1540738244dsc07879\/\" class=\"wp-image-3756\" srcset=\"http:\/\/lapidarium.fundacja-hereditas.pl\/wp-content\/uploads\/2021\/09\/b_449_1540738244dsc07879.jpg 600w, http:\/\/lapidarium.fundacja-hereditas.pl\/wp-content\/uploads\/2021\/09\/b_449_1540738244dsc07879-300x225.jpg 300w, http:\/\/lapidarium.fundacja-hereditas.pl\/wp-content\/uploads\/2021\/09\/b_449_1540738244dsc07879-150x113.jpg 150w\" sizes=\"auto, (max-width: 600px) 100vw, 600px\" \/><\/a><figcaption class=\"blocks-gallery-item__caption\">Nacz\u00f3\u0142ek z herbem Warszawy, zabudowania d. V Oddz. Warszawskiej Stra\u017cy Ogniowej, ul. Marcinkowskiego 2. Fot. Katarzyna Komar-Michalczyk, 2018, \u017ar\u00f3d\u0142o: zabytek.co<\/figcaption><\/figure><\/li><li class=\"blocks-gallery-item\"><figure><a href=\"http:\/\/lapidarium.fundacja-hereditas.pl\/wp-content\/uploads\/2021\/09\/b_450_1540738770dsc07884.jpg\"><img loading=\"lazy\" decoding=\"async\" width=\"600\" height=\"450\" src=\"http:\/\/lapidarium.fundacja-hereditas.pl\/wp-content\/uploads\/2021\/09\/b_450_1540738770dsc07884.jpg\" alt=\"nawierzchnia dziedzi\u0144ca, zabudowania d. V Oddz. Warszawskiej Stra\u017cy Ogniowej, ul. Marcinkowskiego 2. Fot. Katarzyna Komar-Michalczyk, 2018, \u017ar\u00f3d\u0142o: zabytek.co\" data-id=\"3759\" data-full-url=\"http:\/\/lapidarium.fundacja-hereditas.pl\/wp-content\/uploads\/2021\/09\/b_450_1540738770dsc07884.jpg\" data-link=\"https:\/\/lapidarium.fundacja-hereditas.pl\/b_450_1540738770dsc07884\/\" class=\"wp-image-3759\" srcset=\"http:\/\/lapidarium.fundacja-hereditas.pl\/wp-content\/uploads\/2021\/09\/b_450_1540738770dsc07884.jpg 600w, http:\/\/lapidarium.fundacja-hereditas.pl\/wp-content\/uploads\/2021\/09\/b_450_1540738770dsc07884-300x225.jpg 300w, http:\/\/lapidarium.fundacja-hereditas.pl\/wp-content\/uploads\/2021\/09\/b_450_1540738770dsc07884-150x113.jpg 150w\" sizes=\"auto, (max-width: 600px) 100vw, 600px\" \/><\/a><figcaption class=\"blocks-gallery-item__caption\">nawierzchnia dziedzi\u0144ca, zabudowania d. V Oddz. Warszawskiej Stra\u017cy Ogniowej, ul. Marcinkowskiego 2. Fot. Katarzyna Komar-Michalczyk, 2018, \u017ar\u00f3d\u0142o: zabytek.co<\/figcaption><\/figure><\/li><li class=\"blocks-gallery-item\"><figure><a href=\"http:\/\/lapidarium.fundacja-hereditas.pl\/wp-content\/uploads\/2021\/09\/b_450_1540738754dsc07883.jpg\"><img loading=\"lazy\" decoding=\"async\" width=\"600\" height=\"450\" src=\"http:\/\/lapidarium.fundacja-hereditas.pl\/wp-content\/uploads\/2021\/09\/b_450_1540738754dsc07883.jpg\" alt=\"nawierzchnia dziedzi\u0144ca, zabudowania d. V Oddz. Warszawskiej Stra\u017cy Ogniowej, ul. Marcinkowskiego 2. Fot. Katarzyna Komar-Michalczyk, 2018, \u017ar\u00f3d\u0142o: zabytek.co\" data-id=\"3758\" data-full-url=\"http:\/\/lapidarium.fundacja-hereditas.pl\/wp-content\/uploads\/2021\/09\/b_450_1540738754dsc07883.jpg\" data-link=\"https:\/\/lapidarium.fundacja-hereditas.pl\/b_450_1540738754dsc07883\/\" class=\"wp-image-3758\" srcset=\"http:\/\/lapidarium.fundacja-hereditas.pl\/wp-content\/uploads\/2021\/09\/b_450_1540738754dsc07883.jpg 600w, http:\/\/lapidarium.fundacja-hereditas.pl\/wp-content\/uploads\/2021\/09\/b_450_1540738754dsc07883-300x225.jpg 300w, http:\/\/lapidarium.fundacja-hereditas.pl\/wp-content\/uploads\/2021\/09\/b_450_1540738754dsc07883-150x113.jpg 150w\" sizes=\"auto, (max-width: 600px) 100vw, 600px\" \/><\/a><figcaption class=\"blocks-gallery-item__caption\">nawierzchnia dziedzi\u0144ca, zabudowania d. V Oddz. Warszawskiej Stra\u017cy Ogniowej, ul. Marcinkowskiego 2. Fot. Katarzyna Komar-Michalczyk, 2018, \u017ar\u00f3d\u0142o: zabytek.co<\/figcaption><\/figure><\/li><li class=\"blocks-gallery-item\"><figure><a href=\"http:\/\/lapidarium.fundacja-hereditas.pl\/wp-content\/uploads\/2021\/09\/b_450_1540738736dsc07881.jpg\"><img loading=\"lazy\" decoding=\"async\" width=\"600\" height=\"450\" src=\"http:\/\/lapidarium.fundacja-hereditas.pl\/wp-content\/uploads\/2021\/09\/b_450_1540738736dsc07881.jpg\" alt=\"nawierzchnia dziedzi\u0144ca, zabudowania d. V Oddz. Warszawskiej Stra\u017cy Ogniowej, ul. Marcinkowskiego 2. Fot. Katarzyna Komar-Michalczyk, 2018, \u017ar\u00f3d\u0142o: zabytek.co\" data-id=\"3757\" data-full-url=\"http:\/\/lapidarium.fundacja-hereditas.pl\/wp-content\/uploads\/2021\/09\/b_450_1540738736dsc07881.jpg\" data-link=\"https:\/\/lapidarium.fundacja-hereditas.pl\/b_450_1540738736dsc07881\/\" class=\"wp-image-3757\" srcset=\"http:\/\/lapidarium.fundacja-hereditas.pl\/wp-content\/uploads\/2021\/09\/b_450_1540738736dsc07881.jpg 600w, http:\/\/lapidarium.fundacja-hereditas.pl\/wp-content\/uploads\/2021\/09\/b_450_1540738736dsc07881-300x225.jpg 300w, http:\/\/lapidarium.fundacja-hereditas.pl\/wp-content\/uploads\/2021\/09\/b_450_1540738736dsc07881-150x113.jpg 150w\" sizes=\"auto, (max-width: 600px) 100vw, 600px\" \/><\/a><figcaption class=\"blocks-gallery-item__caption\">nawierzchnia dziedzi\u0144ca, zabudowania d. V Oddz. Warszawskiej Stra\u017cy Ogniowej, ul. Marcinkowskiego 2. Fot. Katarzyna Komar-Michalczyk, 2018, \u017ar\u00f3d\u0142o: zabytek.co<\/figcaption><\/figure><\/li><li class=\"blocks-gallery-item\"><figure><a href=\"http:\/\/lapidarium.fundacja-hereditas.pl\/wp-content\/uploads\/2021\/09\/b_452_1540740194dsc07895.png\"><img loading=\"lazy\" decoding=\"async\" width=\"450\" height=\"600\" src=\"http:\/\/lapidarium.fundacja-hereditas.pl\/wp-content\/uploads\/2021\/09\/b_452_1540740194dsc07895.png\" alt=\"Schody, zabudowania d. V Oddz. Warszawskiej Stra\u017cy Ogniowej, ul. Marcinkowskiego 2. Fot. Katarzyna Komar-Michalczyk, 2018, \u017ar\u00f3d\u0142o: zabytek.co\" data-id=\"3764\" data-full-url=\"http:\/\/lapidarium.fundacja-hereditas.pl\/wp-content\/uploads\/2021\/09\/b_452_1540740194dsc07895.png\" data-link=\"https:\/\/lapidarium.fundacja-hereditas.pl\/b_452_1540740194dsc07895\/\" class=\"wp-image-3764\" srcset=\"http:\/\/lapidarium.fundacja-hereditas.pl\/wp-content\/uploads\/2021\/09\/b_452_1540740194dsc07895.png 450w, http:\/\/lapidarium.fundacja-hereditas.pl\/wp-content\/uploads\/2021\/09\/b_452_1540740194dsc07895-225x300.png 225w, http:\/\/lapidarium.fundacja-hereditas.pl\/wp-content\/uploads\/2021\/09\/b_452_1540740194dsc07895-150x200.png 150w, http:\/\/lapidarium.fundacja-hereditas.pl\/wp-content\/uploads\/2021\/09\/b_452_1540740194dsc07895-300x400.png 300w\" sizes=\"auto, (max-width: 450px) 100vw, 450px\" \/><\/a><figcaption class=\"blocks-gallery-item__caption\">Schody, zabudowania d. V Oddz. Warszawskiej Stra\u017cy Ogniowej, ul. Marcinkowskiego 2. Fot. Katarzyna Komar-Michalczyk, 2018, \u017ar\u00f3d\u0142o: zabytek.co<\/figcaption><\/figure><\/li><li class=\"blocks-gallery-item\"><figure><a href=\"http:\/\/lapidarium.fundacja-hereditas.pl\/wp-content\/uploads\/2021\/09\/b_452_1540740234dsc07899.png\"><img loading=\"lazy\" decoding=\"async\" width=\"450\" height=\"600\" src=\"http:\/\/lapidarium.fundacja-hereditas.pl\/wp-content\/uploads\/2021\/09\/b_452_1540740234dsc07899.png\" alt=\"Schody, zabudowania d. V Oddz. Warszawskiej Stra\u017cy Ogniowej, ul. Marcinkowskiego 2. Fot. Katarzyna Komar-Michalczyk, 2018, \u017ar\u00f3d\u0142o: zabytek.co\" data-id=\"3765\" data-full-url=\"http:\/\/lapidarium.fundacja-hereditas.pl\/wp-content\/uploads\/2021\/09\/b_452_1540740234dsc07899.png\" data-link=\"https:\/\/lapidarium.fundacja-hereditas.pl\/b_452_1540740234dsc07899\/\" class=\"wp-image-3765\" srcset=\"http:\/\/lapidarium.fundacja-hereditas.pl\/wp-content\/uploads\/2021\/09\/b_452_1540740234dsc07899.png 450w, http:\/\/lapidarium.fundacja-hereditas.pl\/wp-content\/uploads\/2021\/09\/b_452_1540740234dsc07899-225x300.png 225w, http:\/\/lapidarium.fundacja-hereditas.pl\/wp-content\/uploads\/2021\/09\/b_452_1540740234dsc07899-150x200.png 150w, http:\/\/lapidarium.fundacja-hereditas.pl\/wp-content\/uploads\/2021\/09\/b_452_1540740234dsc07899-300x400.png 300w\" sizes=\"auto, (max-width: 450px) 100vw, 450px\" \/><\/a><figcaption class=\"blocks-gallery-item__caption\">Schody, zabudowania d. V Oddz. Warszawskiej Stra\u017cy Ogniowej, ul. Marcinkowskiego 2. Fot. Katarzyna Komar-Michalczyk, 2018, \u017ar\u00f3d\u0142o: zabytek.co<\/figcaption><\/figure><\/li><li class=\"blocks-gallery-item\"><figure><a href=\"http:\/\/lapidarium.fundacja-hereditas.pl\/wp-content\/uploads\/2021\/09\/b_452_1540740160dsc07893.png\"><img loading=\"lazy\" decoding=\"async\" width=\"450\" height=\"600\" src=\"http:\/\/lapidarium.fundacja-hereditas.pl\/wp-content\/uploads\/2021\/09\/b_452_1540740160dsc07893.png\" alt=\"Schody, zabudowania d. V Oddz. Warszawskiej Stra\u017cy Ogniowej, ul. Marcinkowskiego 2. Fot. Katarzyna Komar-Michalczyk, 2018, \u017ar\u00f3d\u0142o: zabytek.co\" data-id=\"3763\" data-full-url=\"http:\/\/lapidarium.fundacja-hereditas.pl\/wp-content\/uploads\/2021\/09\/b_452_1540740160dsc07893.png\" data-link=\"https:\/\/lapidarium.fundacja-hereditas.pl\/b_452_1540740160dsc07893\/\" class=\"wp-image-3763\" srcset=\"http:\/\/lapidarium.fundacja-hereditas.pl\/wp-content\/uploads\/2021\/09\/b_452_1540740160dsc07893.png 450w, http:\/\/lapidarium.fundacja-hereditas.pl\/wp-content\/uploads\/2021\/09\/b_452_1540740160dsc07893-225x300.png 225w, http:\/\/lapidarium.fundacja-hereditas.pl\/wp-content\/uploads\/2021\/09\/b_452_1540740160dsc07893-150x200.png 150w, http:\/\/lapidarium.fundacja-hereditas.pl\/wp-content\/uploads\/2021\/09\/b_452_1540740160dsc07893-300x400.png 300w\" sizes=\"auto, (max-width: 450px) 100vw, 450px\" \/><\/a><figcaption class=\"blocks-gallery-item__caption\">Schody, zabudowania d. V Oddz. Warszawskiej Stra\u017cy Ogniowej, ul. Marcinkowskiego 2. Fot. Katarzyna Komar-Michalczyk, 2018, \u017ar\u00f3d\u0142o: zabytek.co<\/figcaption><\/figure><\/li><li class=\"blocks-gallery-item\"><figure><a href=\"http:\/\/lapidarium.fundacja-hereditas.pl\/wp-content\/uploads\/2021\/09\/b_452_1540739580dsc07894.jpg\"><img loading=\"lazy\" decoding=\"async\" width=\"600\" height=\"450\" src=\"http:\/\/lapidarium.fundacja-hereditas.pl\/wp-content\/uploads\/2021\/09\/b_452_1540739580dsc07894.jpg\" alt=\"Balustrada schod\u00f3w, zabudowania d. V Oddz. Warszawskiej Stra\u017cy Ogniowej, ul. Marcinkowskiego 2. Fot. Katarzyna Komar-Michalczyk, 2018, \u017ar\u00f3d\u0142o: zabytek.co\" data-id=\"3762\" data-full-url=\"http:\/\/lapidarium.fundacja-hereditas.pl\/wp-content\/uploads\/2021\/09\/b_452_1540739580dsc07894.jpg\" data-link=\"https:\/\/lapidarium.fundacja-hereditas.pl\/b_452_1540739580dsc07894\/\" class=\"wp-image-3762\" srcset=\"http:\/\/lapidarium.fundacja-hereditas.pl\/wp-content\/uploads\/2021\/09\/b_452_1540739580dsc07894.jpg 600w, http:\/\/lapidarium.fundacja-hereditas.pl\/wp-content\/uploads\/2021\/09\/b_452_1540739580dsc07894-300x225.jpg 300w, http:\/\/lapidarium.fundacja-hereditas.pl\/wp-content\/uploads\/2021\/09\/b_452_1540739580dsc07894-150x113.jpg 150w\" sizes=\"auto, (max-width: 600px) 100vw, 600px\" \/><\/a><figcaption class=\"blocks-gallery-item__caption\">Balustrada schod\u00f3w, zabudowania d. V Oddz. Warszawskiej Stra\u017cy Ogniowej, ul. Marcinkowskiego 2. Fot. Katarzyna Komar-Michalczyk, 2018, \u017ar\u00f3d\u0142o: zabytek.co<\/figcaption><\/figure><\/li><li class=\"blocks-gallery-item\"><figure><a href=\"http:\/\/lapidarium.fundacja-hereditas.pl\/wp-content\/uploads\/2021\/09\/b_451_1540739376dsc07889.png\"><img loading=\"lazy\" decoding=\"async\" width=\"450\" height=\"600\" src=\"http:\/\/lapidarium.fundacja-hereditas.pl\/wp-content\/uploads\/2021\/09\/b_451_1540739376dsc07889.png\" alt=\"Piec, zabudowania d. V Oddz. Warszawskiej Stra\u017cy Ogniowej, ul. Marcinkowskiego 2. Fot. Katarzyna Komar-Michalczyk, 2018, \u017ar\u00f3d\u0142o: zabytek.co\" data-id=\"3761\" data-full-url=\"http:\/\/lapidarium.fundacja-hereditas.pl\/wp-content\/uploads\/2021\/09\/b_451_1540739376dsc07889.png\" data-link=\"https:\/\/lapidarium.fundacja-hereditas.pl\/b_451_1540739376dsc07889\/\" class=\"wp-image-3761\" srcset=\"http:\/\/lapidarium.fundacja-hereditas.pl\/wp-content\/uploads\/2021\/09\/b_451_1540739376dsc07889.png 450w, http:\/\/lapidarium.fundacja-hereditas.pl\/wp-content\/uploads\/2021\/09\/b_451_1540739376dsc07889-225x300.png 225w, http:\/\/lapidarium.fundacja-hereditas.pl\/wp-content\/uploads\/2021\/09\/b_451_1540739376dsc07889-150x200.png 150w, http:\/\/lapidarium.fundacja-hereditas.pl\/wp-content\/uploads\/2021\/09\/b_451_1540739376dsc07889-300x400.png 300w\" sizes=\"auto, (max-width: 450px) 100vw, 450px\" \/><\/a><figcaption class=\"blocks-gallery-item__caption\">Piec, zabudowania d. V Oddz. Warszawskiej Stra\u017cy Ogniowej, ul. Marcinkowskiego 2. Fot. Katarzyna Komar-Michalczyk, 2018, \u017ar\u00f3d\u0142o: zabytek.co<\/figcaption><\/figure><\/li><li class=\"blocks-gallery-item\"><figure><a href=\"http:\/\/lapidarium.fundacja-hereditas.pl\/wp-content\/uploads\/2021\/09\/b_451_1540739345dsc07887.png\"><img loading=\"lazy\" decoding=\"async\" width=\"450\" height=\"600\" src=\"http:\/\/lapidarium.fundacja-hereditas.pl\/wp-content\/uploads\/2021\/09\/b_451_1540739345dsc07887.png\" alt=\"Piec, zabudowania d. V Oddz. Warszawskiej Stra\u017cy Ogniowej, ul. Marcinkowskiego 2. Fot. Katarzyna Komar-Michalczyk, 2018, \u017ar\u00f3d\u0142o: zabytek.co\" data-id=\"3760\" data-full-url=\"http:\/\/lapidarium.fundacja-hereditas.pl\/wp-content\/uploads\/2021\/09\/b_451_1540739345dsc07887.png\" data-link=\"https:\/\/lapidarium.fundacja-hereditas.pl\/b_451_1540739345dsc07887\/\" class=\"wp-image-3760\" srcset=\"http:\/\/lapidarium.fundacja-hereditas.pl\/wp-content\/uploads\/2021\/09\/b_451_1540739345dsc07887.png 450w, http:\/\/lapidarium.fundacja-hereditas.pl\/wp-content\/uploads\/2021\/09\/b_451_1540739345dsc07887-225x300.png 225w, http:\/\/lapidarium.fundacja-hereditas.pl\/wp-content\/uploads\/2021\/09\/b_451_1540739345dsc07887-150x200.png 150w, http:\/\/lapidarium.fundacja-hereditas.pl\/wp-content\/uploads\/2021\/09\/b_451_1540739345dsc07887-300x400.png 300w\" sizes=\"auto, (max-width: 450px) 100vw, 450px\" \/><\/a><figcaption class=\"blocks-gallery-item__caption\">Piec, zabudowania d. V Oddz. Warszawskiej Stra\u017cy Ogniowej, ul. Marcinkowskiego 2. Fot. Katarzyna Komar-Michalczyk, 2018, \u017ar\u00f3d\u0142o: zabytek.co<\/figcaption><\/figure><\/li><li class=\"blocks-gallery-item\"><figure><a href=\"http:\/\/lapidarium.fundacja-hereditas.pl\/wp-content\/uploads\/2021\/09\/b_453_1540741129dsc07885.jpg\"><img loading=\"lazy\" decoding=\"async\" width=\"600\" height=\"450\" src=\"http:\/\/lapidarium.fundacja-hereditas.pl\/wp-content\/uploads\/2021\/09\/b_453_1540741129dsc07885.jpg\" alt=\"Posadzka parteru g\u0142\u00f3wnego budynku (wsp\u00f3\u0142czesna), zabudowania d. V Oddz. Warszawskiej Stra\u017cy Ogniowej, ul. Marcinkowskiego 2. Fot. Katarzyna Komar-Michalczyk, 2018, \u017ar\u00f3d\u0142o: zabytek.co\" data-id=\"3767\" data-full-url=\"http:\/\/lapidarium.fundacja-hereditas.pl\/wp-content\/uploads\/2021\/09\/b_453_1540741129dsc07885.jpg\" data-link=\"https:\/\/lapidarium.fundacja-hereditas.pl\/b_453_1540741129dsc07885\/\" class=\"wp-image-3767\" srcset=\"http:\/\/lapidarium.fundacja-hereditas.pl\/wp-content\/uploads\/2021\/09\/b_453_1540741129dsc07885.jpg 600w, http:\/\/lapidarium.fundacja-hereditas.pl\/wp-content\/uploads\/2021\/09\/b_453_1540741129dsc07885-300x225.jpg 300w, http:\/\/lapidarium.fundacja-hereditas.pl\/wp-content\/uploads\/2021\/09\/b_453_1540741129dsc07885-150x113.jpg 150w\" sizes=\"auto, (max-width: 600px) 100vw, 600px\" \/><\/a><figcaption class=\"blocks-gallery-item__caption\">Posadzka parteru g\u0142\u00f3wnego budynku (wsp\u00f3\u0142czesna), zabudowania d. V Oddz. Warszawskiej Stra\u017cy Ogniowej, ul. Marcinkowskiego 2. Fot. Katarzyna Komar-Michalczyk, 2018, \u017ar\u00f3d\u0142o: zabytek.co<\/figcaption><\/figure><\/li><li class=\"blocks-gallery-item\"><figure><a href=\"http:\/\/lapidarium.fundacja-hereditas.pl\/wp-content\/uploads\/2021\/09\/b_453_1540741182dsc07898.jpg\"><img loading=\"lazy\" decoding=\"async\" width=\"600\" height=\"450\" src=\"http:\/\/lapidarium.fundacja-hereditas.pl\/wp-content\/uploads\/2021\/09\/b_453_1540741182dsc07898.jpg\" alt=\"Fragment ekspozycji Muzeum Po\u017carnictwa na 1. pi\u0119trze - w\u015br\u00f3d gruzu fragmenty oryginalnej posadzki firmy Dziewulski i Lange, zabudowania d. V Oddz. Warszawskiej Stra\u017cy Ogniowej, ul. Marcinkowskiego 2. Fot. Katarzyna Komar-Michalczyk, 2018, \u017ar\u00f3d\u0142o: zabytek.co\" data-id=\"3769\" data-full-url=\"http:\/\/lapidarium.fundacja-hereditas.pl\/wp-content\/uploads\/2021\/09\/b_453_1540741182dsc07898.jpg\" data-link=\"https:\/\/lapidarium.fundacja-hereditas.pl\/b_453_1540741182dsc07898\/\" class=\"wp-image-3769\" srcset=\"http:\/\/lapidarium.fundacja-hereditas.pl\/wp-content\/uploads\/2021\/09\/b_453_1540741182dsc07898.jpg 600w, http:\/\/lapidarium.fundacja-hereditas.pl\/wp-content\/uploads\/2021\/09\/b_453_1540741182dsc07898-300x225.jpg 300w, http:\/\/lapidarium.fundacja-hereditas.pl\/wp-content\/uploads\/2021\/09\/b_453_1540741182dsc07898-150x113.jpg 150w\" sizes=\"auto, (max-width: 600px) 100vw, 600px\" \/><\/a><figcaption class=\"blocks-gallery-item__caption\">Fragment ekspozycji Muzeum Po\u017carnictwa na 1. pi\u0119trze &#8211; w\u015br\u00f3d gruzu fragmenty oryginalnej posadzki firmy Dziewulski i Lange, zabudowania d. V Oddz. Warszawskiej Stra\u017cy Ogniowej, ul. Marcinkowskiego 2. Fot. Katarzyna Komar-Michalczyk, 2018, \u017ar\u00f3d\u0142o: zabytek.co<\/figcaption><\/figure><\/li><li class=\"blocks-gallery-item\"><figure><a href=\"http:\/\/lapidarium.fundacja-hereditas.pl\/wp-content\/uploads\/2021\/09\/b_453_1540741089dsc07897.png\"><img loading=\"lazy\" decoding=\"async\" width=\"450\" height=\"600\" src=\"http:\/\/lapidarium.fundacja-hereditas.pl\/wp-content\/uploads\/2021\/09\/b_453_1540741089dsc07897.png\" alt=\"Fragment ekspozycji Muzeum Po\u017carnictwa na 1. pi\u0119trze - w\u015br\u00f3d gruzu fragmenty oryginalnej posadzki firmy Dziewulski i Lange, zabudowania d. V Oddz. Warszawskiej Stra\u017cy Ogniowej, ul. Marcinkowskiego 2. Fot. Katarzyna Komar-Michalczyk, 2018, \u017ar\u00f3d\u0142o: zabytek.co\" data-id=\"3766\" data-full-url=\"http:\/\/lapidarium.fundacja-hereditas.pl\/wp-content\/uploads\/2021\/09\/b_453_1540741089dsc07897.png\" data-link=\"https:\/\/lapidarium.fundacja-hereditas.pl\/b_453_1540741089dsc07897\/\" class=\"wp-image-3766\" srcset=\"http:\/\/lapidarium.fundacja-hereditas.pl\/wp-content\/uploads\/2021\/09\/b_453_1540741089dsc07897.png 450w, http:\/\/lapidarium.fundacja-hereditas.pl\/wp-content\/uploads\/2021\/09\/b_453_1540741089dsc07897-225x300.png 225w, http:\/\/lapidarium.fundacja-hereditas.pl\/wp-content\/uploads\/2021\/09\/b_453_1540741089dsc07897-150x200.png 150w, http:\/\/lapidarium.fundacja-hereditas.pl\/wp-content\/uploads\/2021\/09\/b_453_1540741089dsc07897-300x400.png 300w\" sizes=\"auto, (max-width: 450px) 100vw, 450px\" \/><\/a><figcaption class=\"blocks-gallery-item__caption\">Fragment ekspozycji Muzeum Po\u017carnictwa na 1. pi\u0119trze &#8211; w\u015br\u00f3d gruzu fragmenty oryginalnej posadzki firmy Dziewulski i Lange, zabudowania d. V Oddz. Warszawskiej Stra\u017cy Ogniowej, ul. Marcinkowskiego 2. Fot. Katarzyna Komar-Michalczyk, 2018, \u017ar\u00f3d\u0142o: zabytek.co<\/figcaption><\/figure><\/li><li class=\"blocks-gallery-item\"><figure><a href=\"http:\/\/lapidarium.fundacja-hereditas.pl\/wp-content\/uploads\/2021\/09\/b_453_1540741151dsc07896.jpg\"><img loading=\"lazy\" decoding=\"async\" width=\"600\" height=\"450\" src=\"http:\/\/lapidarium.fundacja-hereditas.pl\/wp-content\/uploads\/2021\/09\/b_453_1540741151dsc07896.jpg\" alt=\"Fragment ekspozycji Muzeum Po\u017carnictwa na 1. pi\u0119trze - w\u015br\u00f3d gruzu fragmenty oryginalnej posadzki firmy Dziewulski i Lange, zabudowania d. V Oddz. Warszawskiej Stra\u017cy Ogniowej, ul. Marcinkowskiego 2. Fot. Katarzyna Komar-Michalczyk, 2018, \u017ar\u00f3d\u0142o: zabytek.co\" data-id=\"3768\" data-full-url=\"http:\/\/lapidarium.fundacja-hereditas.pl\/wp-content\/uploads\/2021\/09\/b_453_1540741151dsc07896.jpg\" data-link=\"https:\/\/lapidarium.fundacja-hereditas.pl\/b_453_1540741151dsc07896\/\" class=\"wp-image-3768\" srcset=\"http:\/\/lapidarium.fundacja-hereditas.pl\/wp-content\/uploads\/2021\/09\/b_453_1540741151dsc07896.jpg 600w, http:\/\/lapidarium.fundacja-hereditas.pl\/wp-content\/uploads\/2021\/09\/b_453_1540741151dsc07896-300x225.jpg 300w, http:\/\/lapidarium.fundacja-hereditas.pl\/wp-content\/uploads\/2021\/09\/b_453_1540741151dsc07896-150x113.jpg 150w\" sizes=\"auto, (max-width: 600px) 100vw, 600px\" \/><\/a><figcaption class=\"blocks-gallery-item__caption\">Fragment ekspozycji Muzeum Po\u017carnictwa na 1. pi\u0119trze &#8211; w\u015br\u00f3d gruzu fragmenty oryginalnej posadzki firmy Dziewulski i Lange, zabudowania d. V Oddz. Warszawskiej Stra\u017cy Ogniowej, ul. Marcinkowskiego 2. Fot. Katarzyna Komar-Michalczyk, 2018, \u017ar\u00f3d\u0142o: zabytek.co<\/figcaption><\/figure><\/li><\/ul><\/figure>\n","protected":false},"excerpt":{"rendered":"<p>Zabudowania ul. Marcinkowskiego 2. Zabudowania dawnego V Oddz. Warszawskiej Stra\u017cy Ogniowej.<\/p>\n","protected":false},"author":2,"featured_media":3754,"comment_status":"open","ping_status":"open","sticky":false,"template":"","format":"standard","meta":{"footnotes":""},"categories":[47,4],"tags":[],"class_list":{"0":"post-4101","1":"post","2":"type-post","3":"status-publish","4":"format-standard","5":"has-post-thumbnail","7":"category-marcinkowskiego","8":"category-warszawa"},"_links":{"self":[{"href":"http:\/\/lapidarium.fundacja-hereditas.pl\/index.php\/wp-json\/wp\/v2\/posts\/4101","targetHints":{"allow":["GET"]}}],"collection":[{"href":"http:\/\/lapidarium.fundacja-hereditas.pl\/index.php\/wp-json\/wp\/v2\/posts"}],"about":[{"href":"http:\/\/lapidarium.fundacja-hereditas.pl\/index.php\/wp-json\/wp\/v2\/types\/post"}],"author":[{"embeddable":true,"href":"http:\/\/lapidarium.fundacja-hereditas.pl\/index.php\/wp-json\/wp\/v2\/users\/2"}],"replies":[{"embeddable":true,"href":"http:\/\/lapidarium.fundacja-hereditas.pl\/index.php\/wp-json\/wp\/v2\/comments?post=4101"}],"version-history":[{"count":6,"href":"http:\/\/lapidarium.fundacja-hereditas.pl\/index.php\/wp-json\/wp\/v2\/posts\/4101\/revisions"}],"predecessor-version":[{"id":12776,"href":"http:\/\/lapidarium.fundacja-hereditas.pl\/index.php\/wp-json\/wp\/v2\/posts\/4101\/revisions\/12776"}],"wp:featuredmedia":[{"embeddable":true,"href":"http:\/\/lapidarium.fundacja-hereditas.pl\/index.php\/wp-json\/wp\/v2\/media\/3754"}],"wp:attachment":[{"href":"http:\/\/lapidarium.fundacja-hereditas.pl\/index.php\/wp-json\/wp\/v2\/media?parent=4101"}],"wp:term":[{"taxonomy":"category","embeddable":true,"href":"http:\/\/lapidarium.fundacja-hereditas.pl\/index.php\/wp-json\/wp\/v2\/categories?post=4101"},{"taxonomy":"post_tag","embeddable":true,"href":"http:\/\/lapidarium.fundacja-hereditas.pl\/index.php\/wp-json\/wp\/v2\/tags?post=4101"}],"curies":[{"name":"wp","href":"https:\/\/api.w.org\/{rel}","templated":true}]}}