{"id":3705,"date":"2021-09-05T13:07:06","date_gmt":"2021-09-05T11:07:06","guid":{"rendered":"https:\/\/lapidarium.fundacja-hereditas.pl\/?p=3705"},"modified":"2021-10-26T13:47:45","modified_gmt":"2021-10-26T11:47:45","slug":"kamienica-al-solidarnosci-67","status":"publish","type":"post","link":"http:\/\/lapidarium.fundacja-hereditas.pl\/index.php\/2021\/09\/05\/kamienica-al-solidarnosci-67\/","title":{"rendered":"Kamienica al. Solidarno\u015bci 67, Warszawa"},"content":{"rendered":"\n<p>Szpital Praski pw. Przemienienia Pa\u0144skiego.<\/p>\n\n\n\n<figure class=\"wp-block-gallery columns-3 is-cropped wp-block-gallery-1 is-layout-flex wp-block-gallery-is-layout-flex\"><ul class=\"blocks-gallery-grid\"><li class=\"blocks-gallery-item\"><figure><a href=\"http:\/\/lapidarium.fundacja-hereditas.pl\/wp-content\/uploads\/2021\/09\/b_433_15406682212008-06-15_szpital_praski_w_warszawie.jpg\"><img loading=\"lazy\" decoding=\"async\" width=\"600\" height=\"400\" src=\"http:\/\/lapidarium.fundacja-hereditas.pl\/wp-content\/uploads\/2021\/09\/b_433_15406682212008-06-15_szpital_praski_w_warszawie.jpg\" alt=\"Szpital Praski pw. Przemienienia Pa\u0144skiego, al. 'Solidarno\u015bci' 67. Fot. Wikimedia Commons, \u017ar\u00f3d\u0142o: zabytek.co\" data-id=\"3716\" data-full-url=\"http:\/\/lapidarium.fundacja-hereditas.pl\/wp-content\/uploads\/2021\/09\/b_433_15406682212008-06-15_szpital_praski_w_warszawie.jpg\" data-link=\"https:\/\/lapidarium.fundacja-hereditas.pl\/b_433_15406682212008-06-15_szpital_praski_w_warszawie\/\" class=\"wp-image-3716\" srcset=\"http:\/\/lapidarium.fundacja-hereditas.pl\/wp-content\/uploads\/2021\/09\/b_433_15406682212008-06-15_szpital_praski_w_warszawie.jpg 600w, http:\/\/lapidarium.fundacja-hereditas.pl\/wp-content\/uploads\/2021\/09\/b_433_15406682212008-06-15_szpital_praski_w_warszawie-300x200.jpg 300w, http:\/\/lapidarium.fundacja-hereditas.pl\/wp-content\/uploads\/2021\/09\/b_433_15406682212008-06-15_szpital_praski_w_warszawie-150x100.jpg 150w\" sizes=\"auto, (max-width: 600px) 100vw, 600px\" \/><\/a><figcaption class=\"blocks-gallery-item__caption\">Szpital Praski pw. Przemienienia Pa\u0144skiego, al. 'Solidarno\u015bci&#8217; 67. Fot. Wikimedia Commons, \u017ar\u00f3d\u0142o: zabytek.co<\/figcaption><\/figure><\/li><li class=\"blocks-gallery-item\"><figure><a href=\"http:\/\/lapidarium.fundacja-hereditas.pl\/wp-content\/uploads\/2021\/09\/b_434_1540669016img_0189_a.jpg\"><img loading=\"lazy\" decoding=\"async\" width=\"400\" height=\"600\" src=\"http:\/\/lapidarium.fundacja-hereditas.pl\/wp-content\/uploads\/2021\/09\/b_434_1540669016img_0189_a.jpg\" alt=\"G\u0142\u00f3wna klatka schodowa, budynek B, Szpital Praski pw. Przemienienia Pa\u0144skiego, al. 'Solidarno\u015bci' 67. Fot. Anna Szwa\u0142kiewicz, 2018, \u017ar\u00f3d\u0142o: zabytek.co\" data-id=\"3720\" data-full-url=\"http:\/\/lapidarium.fundacja-hereditas.pl\/wp-content\/uploads\/2021\/09\/b_434_1540669016img_0189_a.jpg\" data-link=\"https:\/\/lapidarium.fundacja-hereditas.pl\/b_434_1540669016img_0189_a\/\" class=\"wp-image-3720\" srcset=\"http:\/\/lapidarium.fundacja-hereditas.pl\/wp-content\/uploads\/2021\/09\/b_434_1540669016img_0189_a.jpg 400w, http:\/\/lapidarium.fundacja-hereditas.pl\/wp-content\/uploads\/2021\/09\/b_434_1540669016img_0189_a-200x300.jpg 200w, http:\/\/lapidarium.fundacja-hereditas.pl\/wp-content\/uploads\/2021\/09\/b_434_1540669016img_0189_a-150x225.jpg 150w, http:\/\/lapidarium.fundacja-hereditas.pl\/wp-content\/uploads\/2021\/09\/b_434_1540669016img_0189_a-300x450.jpg 300w\" sizes=\"auto, (max-width: 400px) 100vw, 400px\" \/><\/a><figcaption class=\"blocks-gallery-item__caption\">G\u0142\u00f3wna klatka schodowa, budynek B, Szpital Praski pw. Przemienienia Pa\u0144skiego, al. 'Solidarno\u015bci&#8217; 67. Fot. Anna Szwa\u0142kiewicz, 2018, \u017ar\u00f3d\u0142o: zabytek.co<\/figcaption><\/figure><\/li><li class=\"blocks-gallery-item\"><figure><a href=\"http:\/\/lapidarium.fundacja-hereditas.pl\/wp-content\/uploads\/2021\/09\/b_434_1540669002img_0088_a.jpg\"><img loading=\"lazy\" decoding=\"async\" width=\"400\" height=\"600\" src=\"http:\/\/lapidarium.fundacja-hereditas.pl\/wp-content\/uploads\/2021\/09\/b_434_1540669002img_0088_a.jpg\" alt=\"G\u0142\u00f3wna klatka schodowa, budynek B, Szpital Praski pw. Przemienienia Pa\u0144skiego, al. 'Solidarno\u015bci' 67. Fot. Anna Szwa\u0142kiewicz, 2018, \u017ar\u00f3d\u0142o: zabytek.co\" data-id=\"3719\" data-full-url=\"http:\/\/lapidarium.fundacja-hereditas.pl\/wp-content\/uploads\/2021\/09\/b_434_1540669002img_0088_a.jpg\" data-link=\"https:\/\/lapidarium.fundacja-hereditas.pl\/b_434_1540669002img_0088_a\/\" class=\"wp-image-3719\" srcset=\"http:\/\/lapidarium.fundacja-hereditas.pl\/wp-content\/uploads\/2021\/09\/b_434_1540669002img_0088_a.jpg 400w, http:\/\/lapidarium.fundacja-hereditas.pl\/wp-content\/uploads\/2021\/09\/b_434_1540669002img_0088_a-200x300.jpg 200w, http:\/\/lapidarium.fundacja-hereditas.pl\/wp-content\/uploads\/2021\/09\/b_434_1540669002img_0088_a-150x225.jpg 150w, http:\/\/lapidarium.fundacja-hereditas.pl\/wp-content\/uploads\/2021\/09\/b_434_1540669002img_0088_a-300x450.jpg 300w\" sizes=\"auto, (max-width: 400px) 100vw, 400px\" \/><\/a><figcaption class=\"blocks-gallery-item__caption\">G\u0142\u00f3wna klatka schodowa, budynek B, Szpital Praski pw. Przemienienia Pa\u0144skiego, al. 'Solidarno\u015bci&#8217; 67. Fot. Anna Szwa\u0142kiewicz, 2018, \u017ar\u00f3d\u0142o: zabytek.co<\/figcaption><\/figure><\/li><li class=\"blocks-gallery-item\"><figure><a href=\"http:\/\/lapidarium.fundacja-hereditas.pl\/wp-content\/uploads\/2021\/09\/b_434_1540668989img_0048_a.jpg\"><img loading=\"lazy\" decoding=\"async\" width=\"400\" height=\"600\" src=\"http:\/\/lapidarium.fundacja-hereditas.pl\/wp-content\/uploads\/2021\/09\/b_434_1540668989img_0048_a.jpg\" alt=\"G\u0142\u00f3wna klatka schodowa, budynek B, Szpital Praski pw. Przemienienia Pa\u0144skiego, al. 'Solidarno\u015bci' 67. Fot. Anna Szwa\u0142kiewicz, 2018, \u017ar\u00f3d\u0142o: zabytek.co\" data-id=\"3718\" data-full-url=\"http:\/\/lapidarium.fundacja-hereditas.pl\/wp-content\/uploads\/2021\/09\/b_434_1540668989img_0048_a.jpg\" data-link=\"https:\/\/lapidarium.fundacja-hereditas.pl\/b_434_1540668989img_0048_a\/\" class=\"wp-image-3718\" srcset=\"http:\/\/lapidarium.fundacja-hereditas.pl\/wp-content\/uploads\/2021\/09\/b_434_1540668989img_0048_a.jpg 400w, http:\/\/lapidarium.fundacja-hereditas.pl\/wp-content\/uploads\/2021\/09\/b_434_1540668989img_0048_a-200x300.jpg 200w, http:\/\/lapidarium.fundacja-hereditas.pl\/wp-content\/uploads\/2021\/09\/b_434_1540668989img_0048_a-150x225.jpg 150w, http:\/\/lapidarium.fundacja-hereditas.pl\/wp-content\/uploads\/2021\/09\/b_434_1540668989img_0048_a-300x450.jpg 300w\" sizes=\"auto, (max-width: 400px) 100vw, 400px\" \/><\/a><figcaption class=\"blocks-gallery-item__caption\">G\u0142\u00f3wna klatka schodowa, budynek B, Szpital Praski pw. Przemienienia Pa\u0144skiego, al. 'Solidarno\u015bci&#8217; 67. Fot. Anna Szwa\u0142kiewicz, 2018, \u017ar\u00f3d\u0142o: zabytek.co<\/figcaption><\/figure><\/li><li class=\"blocks-gallery-item\"><figure><a href=\"http:\/\/lapidarium.fundacja-hereditas.pl\/wp-content\/uploads\/2021\/09\/b_439_1540673819szpitalpraski-balustrada-schodow-budynek-szpitalaokulistyki-glowna-klatka-schodowa-2.jpg\"><img loading=\"lazy\" decoding=\"async\" width=\"600\" height=\"384\" src=\"http:\/\/lapidarium.fundacja-hereditas.pl\/wp-content\/uploads\/2021\/09\/b_439_1540673819szpitalpraski-balustrada-schodow-budynek-szpitalaokulistyki-glowna-klatka-schodowa-2.jpg\" alt=\"Balustrada schod\u00f3w w budynku okulistyki, Szpital Praski pw. Przemienienia Pa\u0144skiego, al. 'Solidarno\u015bci' 67. Fot. Jolanta Wojciechowska, 2018, \u017ar\u00f3d\u0142o: zabytek.co\" data-id=\"3714\" data-full-url=\"http:\/\/lapidarium.fundacja-hereditas.pl\/wp-content\/uploads\/2021\/09\/b_439_1540673819szpitalpraski-balustrada-schodow-budynek-szpitalaokulistyki-glowna-klatka-schodowa-2.jpg\" data-link=\"https:\/\/lapidarium.fundacja-hereditas.pl\/b_439_1540673819szpitalpraski-balustrada-schodow-budynek-szpitalaokulistyki-glowna-klatka-schodowa-2\/\" class=\"wp-image-3714\" srcset=\"http:\/\/lapidarium.fundacja-hereditas.pl\/wp-content\/uploads\/2021\/09\/b_439_1540673819szpitalpraski-balustrada-schodow-budynek-szpitalaokulistyki-glowna-klatka-schodowa-2.jpg 600w, http:\/\/lapidarium.fundacja-hereditas.pl\/wp-content\/uploads\/2021\/09\/b_439_1540673819szpitalpraski-balustrada-schodow-budynek-szpitalaokulistyki-glowna-klatka-schodowa-2-300x192.jpg 300w, http:\/\/lapidarium.fundacja-hereditas.pl\/wp-content\/uploads\/2021\/09\/b_439_1540673819szpitalpraski-balustrada-schodow-budynek-szpitalaokulistyki-glowna-klatka-schodowa-2-150x96.jpg 150w\" sizes=\"auto, (max-width: 600px) 100vw, 600px\" \/><\/a><figcaption class=\"blocks-gallery-item__caption\">Balustrada schod\u00f3w w budynku okulistyki, Szpital Praski pw. Przemienienia Pa\u0144skiego, al. 'Solidarno\u015bci&#8217; 67. Fot. Jolanta Wojciechowska, 2018, \u017ar\u00f3d\u0142o: zabytek.co<\/figcaption><\/figure><\/li><li class=\"blocks-gallery-item\"><figure><a href=\"http:\/\/lapidarium.fundacja-hereditas.pl\/wp-content\/uploads\/2021\/09\/b_439_1540673772img_0219_a.jpg\"><img loading=\"lazy\" decoding=\"async\" width=\"400\" height=\"600\" src=\"http:\/\/lapidarium.fundacja-hereditas.pl\/wp-content\/uploads\/2021\/09\/b_439_1540673772img_0219_a.jpg\" alt=\"Balustrada schod\u00f3w w budynku okulistyki, Szpital Praski pw. Przemienienia Pa\u0144skiego, al. 'Solidarno\u015bci' 67. Fot. Anna Szwa\u0142kiewicz, 2018, \u017ar\u00f3d\u0142o: zabytek.co\" data-id=\"3713\" data-full-url=\"http:\/\/lapidarium.fundacja-hereditas.pl\/wp-content\/uploads\/2021\/09\/b_439_1540673772img_0219_a.jpg\" data-link=\"https:\/\/lapidarium.fundacja-hereditas.pl\/b_439_1540673772img_0219_a\/\" class=\"wp-image-3713\" srcset=\"http:\/\/lapidarium.fundacja-hereditas.pl\/wp-content\/uploads\/2021\/09\/b_439_1540673772img_0219_a.jpg 400w, http:\/\/lapidarium.fundacja-hereditas.pl\/wp-content\/uploads\/2021\/09\/b_439_1540673772img_0219_a-200x300.jpg 200w, http:\/\/lapidarium.fundacja-hereditas.pl\/wp-content\/uploads\/2021\/09\/b_439_1540673772img_0219_a-150x225.jpg 150w, http:\/\/lapidarium.fundacja-hereditas.pl\/wp-content\/uploads\/2021\/09\/b_439_1540673772img_0219_a-300x450.jpg 300w\" sizes=\"auto, (max-width: 400px) 100vw, 400px\" \/><\/a><figcaption class=\"blocks-gallery-item__caption\">Balustrada schod\u00f3w w budynku okulistyki, Szpital Praski pw. Przemienienia Pa\u0144skiego, al. 'Solidarno\u015bci&#8217; 67. Fot. Anna Szwa\u0142kiewicz, 2018, \u017ar\u00f3d\u0142o: zabytek.co<\/figcaption><\/figure><\/li><li class=\"blocks-gallery-item\"><figure><a href=\"http:\/\/lapidarium.fundacja-hereditas.pl\/wp-content\/uploads\/2021\/09\/b_439_1540673910szpitalpraski-balustrada-schodow-budynek-szpitalaokulistyki-glowna-klatka-schodowa-5.jpg\"><img loading=\"lazy\" decoding=\"async\" width=\"600\" height=\"515\" src=\"http:\/\/lapidarium.fundacja-hereditas.pl\/wp-content\/uploads\/2021\/09\/b_439_1540673910szpitalpraski-balustrada-schodow-budynek-szpitalaokulistyki-glowna-klatka-schodowa-5.jpg\" alt=\"Balustrada schod\u00f3w w budynku okulistyki, Szpital Praski pw. Przemienienia Pa\u0144skiego, al. 'Solidarno\u015bci' 67. Fot. Jolanta Wojciechowska, 2018, \u017ar\u00f3d\u0142o: zabytek.co\" data-id=\"3715\" data-full-url=\"http:\/\/lapidarium.fundacja-hereditas.pl\/wp-content\/uploads\/2021\/09\/b_439_1540673910szpitalpraski-balustrada-schodow-budynek-szpitalaokulistyki-glowna-klatka-schodowa-5.jpg\" data-link=\"https:\/\/lapidarium.fundacja-hereditas.pl\/b_439_1540673910szpitalpraski-balustrada-schodow-budynek-szpitalaokulistyki-glowna-klatka-schodowa-5\/\" class=\"wp-image-3715\" srcset=\"http:\/\/lapidarium.fundacja-hereditas.pl\/wp-content\/uploads\/2021\/09\/b_439_1540673910szpitalpraski-balustrada-schodow-budynek-szpitalaokulistyki-glowna-klatka-schodowa-5.jpg 600w, http:\/\/lapidarium.fundacja-hereditas.pl\/wp-content\/uploads\/2021\/09\/b_439_1540673910szpitalpraski-balustrada-schodow-budynek-szpitalaokulistyki-glowna-klatka-schodowa-5-300x258.jpg 300w, http:\/\/lapidarium.fundacja-hereditas.pl\/wp-content\/uploads\/2021\/09\/b_439_1540673910szpitalpraski-balustrada-schodow-budynek-szpitalaokulistyki-glowna-klatka-schodowa-5-150x129.jpg 150w\" sizes=\"auto, (max-width: 600px) 100vw, 600px\" \/><\/a><figcaption class=\"blocks-gallery-item__caption\">Balustrada schod\u00f3w w budynku okulistyki, Szpital Praski pw. Przemienienia Pa\u0144skiego, al. 'Solidarno\u015bci&#8217; 67. Fot. Jolanta Wojciechowska, 2018, \u017ar\u00f3d\u0142o: zabytek.co<\/figcaption><\/figure><\/li><li class=\"blocks-gallery-item\"><figure><a href=\"http:\/\/lapidarium.fundacja-hereditas.pl\/wp-content\/uploads\/2021\/09\/b_436_1540671857img_0172_a.jpg\"><img loading=\"lazy\" decoding=\"async\" width=\"400\" height=\"600\" src=\"http:\/\/lapidarium.fundacja-hereditas.pl\/wp-content\/uploads\/2021\/09\/b_436_1540671857img_0172_a.jpg\" alt=\"Balustrada schod\u00f3w w budynku B, Szpital Praski pw. Przemienienia Pa\u0144skiego, al. Solidarno\u015bci 67. Fot. Anna Szwa\u0142kiewicz, 2018, \u017ar\u00f3d\u0142o: zabytek.co\" data-id=\"3709\" data-full-url=\"http:\/\/lapidarium.fundacja-hereditas.pl\/wp-content\/uploads\/2021\/09\/b_436_1540671857img_0172_a.jpg\" data-link=\"https:\/\/lapidarium.fundacja-hereditas.pl\/b_436_1540671857img_0172_a\/\" class=\"wp-image-3709\" srcset=\"http:\/\/lapidarium.fundacja-hereditas.pl\/wp-content\/uploads\/2021\/09\/b_436_1540671857img_0172_a.jpg 400w, http:\/\/lapidarium.fundacja-hereditas.pl\/wp-content\/uploads\/2021\/09\/b_436_1540671857img_0172_a-200x300.jpg 200w, http:\/\/lapidarium.fundacja-hereditas.pl\/wp-content\/uploads\/2021\/09\/b_436_1540671857img_0172_a-150x225.jpg 150w, http:\/\/lapidarium.fundacja-hereditas.pl\/wp-content\/uploads\/2021\/09\/b_436_1540671857img_0172_a-300x450.jpg 300w\" sizes=\"auto, (max-width: 400px) 100vw, 400px\" \/><\/a><figcaption class=\"blocks-gallery-item__caption\">Balustrada schod\u00f3w w budynku B, Szpital Praski pw. Przemienienia Pa\u0144skiego, al. Solidarno\u015bci 67. Fot. Anna Szwa\u0142kiewicz, 2018, \u017ar\u00f3d\u0142o: zabytek.co<\/figcaption><\/figure><\/li><li class=\"blocks-gallery-item\"><figure><a href=\"http:\/\/lapidarium.fundacja-hereditas.pl\/wp-content\/uploads\/2021\/09\/b_436_1540671843img_0181_a.jpg\"><img loading=\"lazy\" decoding=\"async\" width=\"600\" height=\"400\" src=\"http:\/\/lapidarium.fundacja-hereditas.pl\/wp-content\/uploads\/2021\/09\/b_436_1540671843img_0181_a.jpg\" alt=\"Balustrada schod\u00f3w w budynku B, Szpital Praski pw. Przemienienia Pa\u0144skiego, al. Solidarno\u015bci 67. Fot. Anna Szwa\u0142kiewicz, 2018, \u017ar\u00f3d\u0142o: zabytek.co\" data-id=\"3708\" data-full-url=\"http:\/\/lapidarium.fundacja-hereditas.pl\/wp-content\/uploads\/2021\/09\/b_436_1540671843img_0181_a.jpg\" data-link=\"https:\/\/lapidarium.fundacja-hereditas.pl\/b_436_1540671843img_0181_a\/\" class=\"wp-image-3708\" srcset=\"http:\/\/lapidarium.fundacja-hereditas.pl\/wp-content\/uploads\/2021\/09\/b_436_1540671843img_0181_a.jpg 600w, http:\/\/lapidarium.fundacja-hereditas.pl\/wp-content\/uploads\/2021\/09\/b_436_1540671843img_0181_a-300x200.jpg 300w, http:\/\/lapidarium.fundacja-hereditas.pl\/wp-content\/uploads\/2021\/09\/b_436_1540671843img_0181_a-150x100.jpg 150w\" sizes=\"auto, (max-width: 600px) 100vw, 600px\" \/><\/a><figcaption class=\"blocks-gallery-item__caption\">Balustrada schod\u00f3w w budynku B, Szpital Praski pw. Przemienienia Pa\u0144skiego, al. Solidarno\u015bci 67. Fot. Anna Szwa\u0142kiewicz, 2018, \u017ar\u00f3d\u0142o: zabytek.co<\/figcaption><\/figure><\/li><li class=\"blocks-gallery-item\"><figure><a href=\"http:\/\/lapidarium.fundacja-hereditas.pl\/wp-content\/uploads\/2021\/09\/b_436_1540671777szpitalpraski-balistrada-glownej-klatki-schodowej-3.jpg\"><img loading=\"lazy\" decoding=\"async\" width=\"286\" height=\"600\" src=\"http:\/\/lapidarium.fundacja-hereditas.pl\/wp-content\/uploads\/2021\/09\/b_436_1540671777szpitalpraski-balistrada-glownej-klatki-schodowej-3.jpg\" alt=\"Balustrada schod\u00f3w w budynku B, Szpital Praski pw. Przemienienia Pa\u0144skiego, al. Solidarno\u015bci 67. Fot. Jolanta Wojciechowska, 2018, \u017ar\u00f3d\u0142o: zabytek.co\" data-id=\"3706\" data-full-url=\"http:\/\/lapidarium.fundacja-hereditas.pl\/wp-content\/uploads\/2021\/09\/b_436_1540671777szpitalpraski-balistrada-glownej-klatki-schodowej-3.jpg\" data-link=\"https:\/\/lapidarium.fundacja-hereditas.pl\/b_436_1540671777szpitalpraski-balistrada-glownej-klatki-schodowej-3\/\" class=\"wp-image-3706\" srcset=\"http:\/\/lapidarium.fundacja-hereditas.pl\/wp-content\/uploads\/2021\/09\/b_436_1540671777szpitalpraski-balistrada-glownej-klatki-schodowej-3.jpg 286w, http:\/\/lapidarium.fundacja-hereditas.pl\/wp-content\/uploads\/2021\/09\/b_436_1540671777szpitalpraski-balistrada-glownej-klatki-schodowej-3-143x300.jpg 143w, http:\/\/lapidarium.fundacja-hereditas.pl\/wp-content\/uploads\/2021\/09\/b_436_1540671777szpitalpraski-balistrada-glownej-klatki-schodowej-3-150x315.jpg 150w\" sizes=\"auto, (max-width: 286px) 100vw, 286px\" \/><\/a><figcaption class=\"blocks-gallery-item__caption\">Balustrada schod\u00f3w w budynku B, Szpital Praski pw. Przemienienia Pa\u0144skiego, al. Solidarno\u015bci 67. Fot. Jolanta Wojciechowska, 2018, \u017ar\u00f3d\u0142o: zabytek.co<\/figcaption><\/figure><\/li><li class=\"blocks-gallery-item\"><figure><a href=\"http:\/\/lapidarium.fundacja-hereditas.pl\/wp-content\/uploads\/2021\/09\/b_436_1540671765szpitalpraski-balistrada-glownej-klatki-schodowej-1.jpg\"><img loading=\"lazy\" decoding=\"async\" width=\"421\" height=\"600\" src=\"http:\/\/lapidarium.fundacja-hereditas.pl\/wp-content\/uploads\/2021\/09\/b_436_1540671765szpitalpraski-balistrada-glownej-klatki-schodowej-1.jpg\" alt=\"Balustrada schod\u00f3w w budynku B, Szpital Praski pw. Przemienienia Pa\u0144skiego, al. Solidarno\u015bci 67. Fot. Jolanta Wojciechowska, 2018, \u017ar\u00f3d\u0142o: zabytek.co\" data-id=\"3704\" data-full-url=\"http:\/\/lapidarium.fundacja-hereditas.pl\/wp-content\/uploads\/2021\/09\/b_436_1540671765szpitalpraski-balistrada-glownej-klatki-schodowej-1.jpg\" data-link=\"https:\/\/lapidarium.fundacja-hereditas.pl\/b_436_1540671765szpitalpraski-balistrada-glownej-klatki-schodowej-1\/\" class=\"wp-image-3704\" srcset=\"http:\/\/lapidarium.fundacja-hereditas.pl\/wp-content\/uploads\/2021\/09\/b_436_1540671765szpitalpraski-balistrada-glownej-klatki-schodowej-1.jpg 421w, http:\/\/lapidarium.fundacja-hereditas.pl\/wp-content\/uploads\/2021\/09\/b_436_1540671765szpitalpraski-balistrada-glownej-klatki-schodowej-1-211x300.jpg 211w, http:\/\/lapidarium.fundacja-hereditas.pl\/wp-content\/uploads\/2021\/09\/b_436_1540671765szpitalpraski-balistrada-glownej-klatki-schodowej-1-150x214.jpg 150w, http:\/\/lapidarium.fundacja-hereditas.pl\/wp-content\/uploads\/2021\/09\/b_436_1540671765szpitalpraski-balistrada-glownej-klatki-schodowej-1-300x428.jpg 300w\" sizes=\"auto, (max-width: 421px) 100vw, 421px\" \/><\/a><figcaption class=\"blocks-gallery-item__caption\">Balustrada schod\u00f3w w budynku B, Szpital Praski pw. Przemienienia Pa\u0144skiego, al. Solidarno\u015bci 67. Fot. Jolanta Wojciechowska, 2018, \u017ar\u00f3d\u0142o: zabytek.co<\/figcaption><\/figure><\/li><li class=\"blocks-gallery-item\"><figure><a href=\"http:\/\/lapidarium.fundacja-hereditas.pl\/wp-content\/uploads\/2021\/09\/b_436_1540671752szpitalpraski-balistrada-glownej-klatki-schodowej-5.jpg\"><img loading=\"lazy\" decoding=\"async\" width=\"450\" height=\"600\" src=\"http:\/\/lapidarium.fundacja-hereditas.pl\/wp-content\/uploads\/2021\/09\/b_436_1540671752szpitalpraski-balistrada-glownej-klatki-schodowej-5.jpg\" alt=\"Balustrada schod\u00f3w w budynku B, Szpital Praski pw. Przemienienia Pa\u0144skiego, al. Solidarno\u015bci 67. Fot. Jolanta Wojciechowska, 2018, \u017ar\u00f3d\u0142o: zabytek.co\" data-id=\"3703\" data-full-url=\"http:\/\/lapidarium.fundacja-hereditas.pl\/wp-content\/uploads\/2021\/09\/b_436_1540671752szpitalpraski-balistrada-glownej-klatki-schodowej-5.jpg\" data-link=\"https:\/\/lapidarium.fundacja-hereditas.pl\/b_436_1540671752szpitalpraski-balistrada-glownej-klatki-schodowej-5\/\" class=\"wp-image-3703\" srcset=\"http:\/\/lapidarium.fundacja-hereditas.pl\/wp-content\/uploads\/2021\/09\/b_436_1540671752szpitalpraski-balistrada-glownej-klatki-schodowej-5.jpg 450w, http:\/\/lapidarium.fundacja-hereditas.pl\/wp-content\/uploads\/2021\/09\/b_436_1540671752szpitalpraski-balistrada-glownej-klatki-schodowej-5-225x300.jpg 225w, http:\/\/lapidarium.fundacja-hereditas.pl\/wp-content\/uploads\/2021\/09\/b_436_1540671752szpitalpraski-balistrada-glownej-klatki-schodowej-5-150x200.jpg 150w, http:\/\/lapidarium.fundacja-hereditas.pl\/wp-content\/uploads\/2021\/09\/b_436_1540671752szpitalpraski-balistrada-glownej-klatki-schodowej-5-300x400.jpg 300w\" sizes=\"auto, (max-width: 450px) 100vw, 450px\" \/><\/a><figcaption class=\"blocks-gallery-item__caption\">Balustrada schod\u00f3w w budynku B, Szpital Praski pw. Przemienienia Pa\u0144skiego, al. Solidarno\u015bci 67. Fot. Jolanta Wojciechowska, 2018, \u017ar\u00f3d\u0142o: zabytek.co<\/figcaption><\/figure><\/li><li class=\"blocks-gallery-item\"><figure><a href=\"http:\/\/lapidarium.fundacja-hereditas.pl\/wp-content\/uploads\/2021\/09\/b_436_1540671795szpitalpraski-balistrada-glownej-klatki-schodowej-6.jpg\"><img loading=\"lazy\" decoding=\"async\" width=\"450\" height=\"600\" src=\"http:\/\/lapidarium.fundacja-hereditas.pl\/wp-content\/uploads\/2021\/09\/b_436_1540671795szpitalpraski-balistrada-glownej-klatki-schodowej-6.jpg\" alt=\"Balustrada schod\u00f3w w budynku B, Szpital Praski pw. Przemienienia Pa\u0144skiego, al. Solidarno\u015bci 67. Fot. Jolanta Wojciechowska, 2018, \u017ar\u00f3d\u0142o: zabytek.co\" data-id=\"3707\" data-full-url=\"http:\/\/lapidarium.fundacja-hereditas.pl\/wp-content\/uploads\/2021\/09\/b_436_1540671795szpitalpraski-balistrada-glownej-klatki-schodowej-6.jpg\" data-link=\"https:\/\/lapidarium.fundacja-hereditas.pl\/b_436_1540671795szpitalpraski-balistrada-glownej-klatki-schodowej-6\/\" class=\"wp-image-3707\" srcset=\"http:\/\/lapidarium.fundacja-hereditas.pl\/wp-content\/uploads\/2021\/09\/b_436_1540671795szpitalpraski-balistrada-glownej-klatki-schodowej-6.jpg 450w, http:\/\/lapidarium.fundacja-hereditas.pl\/wp-content\/uploads\/2021\/09\/b_436_1540671795szpitalpraski-balistrada-glownej-klatki-schodowej-6-225x300.jpg 225w, http:\/\/lapidarium.fundacja-hereditas.pl\/wp-content\/uploads\/2021\/09\/b_436_1540671795szpitalpraski-balistrada-glownej-klatki-schodowej-6-150x200.jpg 150w, http:\/\/lapidarium.fundacja-hereditas.pl\/wp-content\/uploads\/2021\/09\/b_436_1540671795szpitalpraski-balistrada-glownej-klatki-schodowej-6-300x400.jpg 300w\" sizes=\"auto, (max-width: 450px) 100vw, 450px\" \/><\/a><figcaption class=\"blocks-gallery-item__caption\">Balustrada schod\u00f3w w budynku B, Szpital Praski pw. Przemienienia Pa\u0144skiego, al. Solidarno\u015bci 67. Fot. Jolanta Wojciechowska, 2018, \u017ar\u00f3d\u0142o: zabytek.co<\/figcaption><\/figure><\/li><li class=\"blocks-gallery-item\"><figure><a href=\"http:\/\/lapidarium.fundacja-hereditas.pl\/wp-content\/uploads\/2021\/09\/b_438_1540673146img_0157_a.jpg\"><img loading=\"lazy\" decoding=\"async\" width=\"400\" height=\"600\" src=\"http:\/\/lapidarium.fundacja-hereditas.pl\/wp-content\/uploads\/2021\/09\/b_438_1540673146img_0157_a.jpg\" alt=\"Wmurowana w \u015bcian\u0119 kolumna, budynek B, Szpital Praski pw. Przemienienia Pa\u0144skiego, al. 'Solidarno\u015bci' 67. Fot. Anna Szwa\u0142kiewicz, 2018, \u017ar\u00f3d\u0142o: zabytek.co\" data-id=\"3711\" data-full-url=\"http:\/\/lapidarium.fundacja-hereditas.pl\/wp-content\/uploads\/2021\/09\/b_438_1540673146img_0157_a.jpg\" data-link=\"https:\/\/lapidarium.fundacja-hereditas.pl\/b_438_1540673146img_0157_a\/\" class=\"wp-image-3711\" srcset=\"http:\/\/lapidarium.fundacja-hereditas.pl\/wp-content\/uploads\/2021\/09\/b_438_1540673146img_0157_a.jpg 400w, http:\/\/lapidarium.fundacja-hereditas.pl\/wp-content\/uploads\/2021\/09\/b_438_1540673146img_0157_a-200x300.jpg 200w, http:\/\/lapidarium.fundacja-hereditas.pl\/wp-content\/uploads\/2021\/09\/b_438_1540673146img_0157_a-150x225.jpg 150w, http:\/\/lapidarium.fundacja-hereditas.pl\/wp-content\/uploads\/2021\/09\/b_438_1540673146img_0157_a-300x450.jpg 300w\" sizes=\"auto, (max-width: 400px) 100vw, 400px\" \/><\/a><figcaption class=\"blocks-gallery-item__caption\">Wmurowana w \u015bcian\u0119 kolumna, budynek B, Szpital Praski pw. Przemienienia Pa\u0144skiego, al. 'Solidarno\u015bci&#8217; 67. Fot. Anna Szwa\u0142kiewicz, 2018, \u017ar\u00f3d\u0142o: zabytek.co<\/figcaption><\/figure><\/li><li class=\"blocks-gallery-item\"><figure><a href=\"http:\/\/lapidarium.fundacja-hereditas.pl\/wp-content\/uploads\/2021\/09\/b_437_1540672578img_0212_a.jpg\"><img loading=\"lazy\" decoding=\"async\" width=\"400\" height=\"600\" src=\"http:\/\/lapidarium.fundacja-hereditas.pl\/wp-content\/uploads\/2021\/09\/b_437_1540672578img_0212_a.jpg\" alt=\"Zabudowany filar, budynek okulistyki (dawne stajnie), Szpital Praski pw. Przemienienia Pa\u0144skiego, al. 'Solidarno\u015bci' 67. Fot. Anna Szwa\u0142kiewicz, 2018, \u017ar\u00f3d\u0142o: zabytek.co\" data-id=\"3710\" data-full-url=\"http:\/\/lapidarium.fundacja-hereditas.pl\/wp-content\/uploads\/2021\/09\/b_437_1540672578img_0212_a.jpg\" data-link=\"https:\/\/lapidarium.fundacja-hereditas.pl\/b_437_1540672578img_0212_a\/\" class=\"wp-image-3710\" srcset=\"http:\/\/lapidarium.fundacja-hereditas.pl\/wp-content\/uploads\/2021\/09\/b_437_1540672578img_0212_a.jpg 400w, http:\/\/lapidarium.fundacja-hereditas.pl\/wp-content\/uploads\/2021\/09\/b_437_1540672578img_0212_a-200x300.jpg 200w, http:\/\/lapidarium.fundacja-hereditas.pl\/wp-content\/uploads\/2021\/09\/b_437_1540672578img_0212_a-150x225.jpg 150w, http:\/\/lapidarium.fundacja-hereditas.pl\/wp-content\/uploads\/2021\/09\/b_437_1540672578img_0212_a-300x450.jpg 300w\" sizes=\"auto, (max-width: 400px) 100vw, 400px\" \/><\/a><figcaption class=\"blocks-gallery-item__caption\">Zabudowany filar, budynek okulistyki (dawne stajnie), Szpital Praski pw. Przemienienia Pa\u0144skiego, al. 'Solidarno\u015bci&#8217; 67. Fot. Anna Szwa\u0142kiewicz, 2018, \u017ar\u00f3d\u0142o: zabytek.co<\/figcaption><\/figure><\/li><li class=\"blocks-gallery-item\"><figure><a href=\"http:\/\/lapidarium.fundacja-hereditas.pl\/wp-content\/uploads\/2021\/09\/b_435_1540669775dsc07390.jpg\"><img loading=\"lazy\" decoding=\"async\" width=\"600\" height=\"450\" src=\"http:\/\/lapidarium.fundacja-hereditas.pl\/wp-content\/uploads\/2021\/09\/b_435_1540669775dsc07390.jpg\" alt=\"Posadzka, g\u0142\u00f3wna klatka schodowa, budynek B, Szpital Praski pw. Przemienienia Pa\u0144skiego, al. 'Solidarno\u015bci' 67. Fot. Katarzyna Komar-Michalczyk, 2018, \u017ar\u00f3d\u0142o: zabytek.co\" data-id=\"3721\" data-full-url=\"http:\/\/lapidarium.fundacja-hereditas.pl\/wp-content\/uploads\/2021\/09\/b_435_1540669775dsc07390.jpg\" data-link=\"https:\/\/lapidarium.fundacja-hereditas.pl\/b_435_1540669775dsc07390\/\" class=\"wp-image-3721\" srcset=\"http:\/\/lapidarium.fundacja-hereditas.pl\/wp-content\/uploads\/2021\/09\/b_435_1540669775dsc07390.jpg 600w, http:\/\/lapidarium.fundacja-hereditas.pl\/wp-content\/uploads\/2021\/09\/b_435_1540669775dsc07390-300x225.jpg 300w, http:\/\/lapidarium.fundacja-hereditas.pl\/wp-content\/uploads\/2021\/09\/b_435_1540669775dsc07390-150x113.jpg 150w\" sizes=\"auto, (max-width: 600px) 100vw, 600px\" \/><\/a><figcaption class=\"blocks-gallery-item__caption\">Posadzka, g\u0142\u00f3wna klatka schodowa, budynek B, Szpital Praski pw. Przemienienia Pa\u0144skiego, al. 'Solidarno\u015bci&#8217; 67. Fot. Katarzyna Komar-Michalczyk, 2018, \u017ar\u00f3d\u0142o: zabytek.co<\/figcaption><\/figure><\/li><li class=\"blocks-gallery-item\"><figure><a href=\"http:\/\/lapidarium.fundacja-hereditas.pl\/wp-content\/uploads\/2021\/09\/b_434_1540668900dsc07392.jpg\"><img loading=\"lazy\" decoding=\"async\" width=\"600\" height=\"450\" src=\"http:\/\/lapidarium.fundacja-hereditas.pl\/wp-content\/uploads\/2021\/09\/b_434_1540668900dsc07392.jpg\" alt=\"Schody, g\u0142\u00f3wna klatka schodowa, budynek B, Szpital Praski pw. Przemienienia Pa\u0144skiego, al. 'Solidarno\u015bci' 67. Fot. Katarzyna Komar-Michalczyk, 2018, \u017ar\u00f3d\u0142o: zabytek.co\" data-id=\"3717\" data-full-url=\"http:\/\/lapidarium.fundacja-hereditas.pl\/wp-content\/uploads\/2021\/09\/b_434_1540668900dsc07392.jpg\" data-link=\"https:\/\/lapidarium.fundacja-hereditas.pl\/b_434_1540668900dsc07392\/\" class=\"wp-image-3717\" srcset=\"http:\/\/lapidarium.fundacja-hereditas.pl\/wp-content\/uploads\/2021\/09\/b_434_1540668900dsc07392.jpg 600w, http:\/\/lapidarium.fundacja-hereditas.pl\/wp-content\/uploads\/2021\/09\/b_434_1540668900dsc07392-300x225.jpg 300w, http:\/\/lapidarium.fundacja-hereditas.pl\/wp-content\/uploads\/2021\/09\/b_434_1540668900dsc07392-150x113.jpg 150w\" sizes=\"auto, (max-width: 600px) 100vw, 600px\" \/><\/a><figcaption class=\"blocks-gallery-item__caption\">Schody, g\u0142\u00f3wna klatka schodowa, budynek B, Szpital Praski pw. Przemienienia Pa\u0144skiego, al. 'Solidarno\u015bci&#8217; 67. Fot. Katarzyna Komar-Michalczyk, 2018, \u017ar\u00f3d\u0142o: zabytek.co<\/figcaption><\/figure><\/li><li class=\"blocks-gallery-item\"><figure><a href=\"http:\/\/lapidarium.fundacja-hereditas.pl\/wp-content\/uploads\/2021\/09\/b_435_1540670102img_0085_a.jpg\"><img loading=\"lazy\" decoding=\"async\" width=\"600\" height=\"400\" src=\"http:\/\/lapidarium.fundacja-hereditas.pl\/wp-content\/uploads\/2021\/09\/b_435_1540670102img_0085_a.jpg\" alt=\"G\u0142\u00f3wna klatka schodowa, budynek B, Szpital Praski pw. Przemienienia Pa\u0144skiego, al. 'Solidarno\u015bci' 67. Fot. Anna Szwa\u0142kiewicz, 2018, \u017ar\u00f3d\u0142o: zabytek.co\" data-id=\"3699\" data-full-url=\"http:\/\/lapidarium.fundacja-hereditas.pl\/wp-content\/uploads\/2021\/09\/b_435_1540670102img_0085_a.jpg\" data-link=\"https:\/\/lapidarium.fundacja-hereditas.pl\/b_435_1540670102img_0085_a\/\" class=\"wp-image-3699\" srcset=\"http:\/\/lapidarium.fundacja-hereditas.pl\/wp-content\/uploads\/2021\/09\/b_435_1540670102img_0085_a.jpg 600w, http:\/\/lapidarium.fundacja-hereditas.pl\/wp-content\/uploads\/2021\/09\/b_435_1540670102img_0085_a-300x200.jpg 300w, http:\/\/lapidarium.fundacja-hereditas.pl\/wp-content\/uploads\/2021\/09\/b_435_1540670102img_0085_a-150x100.jpg 150w\" sizes=\"auto, (max-width: 600px) 100vw, 600px\" \/><\/a><figcaption class=\"blocks-gallery-item__caption\">G\u0142\u00f3wna klatka schodowa, budynek B, Szpital Praski pw. Przemienienia Pa\u0144skiego, al. 'Solidarno\u015bci&#8217; 67. Fot. Anna Szwa\u0142kiewicz, 2018, \u017ar\u00f3d\u0142o: zabytek.co<\/figcaption><\/figure><\/li><li class=\"blocks-gallery-item\"><figure><a href=\"http:\/\/lapidarium.fundacja-hereditas.pl\/wp-content\/uploads\/2021\/09\/b_435_1540670772szpitalpraski-budynekb-posadzka-w-pomieszczeniu-na-3pietrze-2.jpg\"><img loading=\"lazy\" decoding=\"async\" width=\"410\" height=\"600\" src=\"http:\/\/lapidarium.fundacja-hereditas.pl\/wp-content\/uploads\/2021\/09\/b_435_1540670772szpitalpraski-budynekb-posadzka-w-pomieszczeniu-na-3pietrze-2.jpg\" alt=\"Posadzka, sala szpitalna, budynek B, Szpital Praski pw. Przemienienia Pa\u0144skiego, al. 'Solidarno\u015bci' 67. Fot. Jolanta Wojciechowska, 2018, \u017ar\u00f3d\u0142o: zabytek.co\" data-id=\"3701\" data-full-url=\"http:\/\/lapidarium.fundacja-hereditas.pl\/wp-content\/uploads\/2021\/09\/b_435_1540670772szpitalpraski-budynekb-posadzka-w-pomieszczeniu-na-3pietrze-2.jpg\" data-link=\"https:\/\/lapidarium.fundacja-hereditas.pl\/b_435_1540670772szpitalpraski-budynekb-posadzka-w-pomieszczeniu-na-3pietrze-2\/\" class=\"wp-image-3701\" srcset=\"http:\/\/lapidarium.fundacja-hereditas.pl\/wp-content\/uploads\/2021\/09\/b_435_1540670772szpitalpraski-budynekb-posadzka-w-pomieszczeniu-na-3pietrze-2.jpg 410w, http:\/\/lapidarium.fundacja-hereditas.pl\/wp-content\/uploads\/2021\/09\/b_435_1540670772szpitalpraski-budynekb-posadzka-w-pomieszczeniu-na-3pietrze-2-205x300.jpg 205w, http:\/\/lapidarium.fundacja-hereditas.pl\/wp-content\/uploads\/2021\/09\/b_435_1540670772szpitalpraski-budynekb-posadzka-w-pomieszczeniu-na-3pietrze-2-150x220.jpg 150w, http:\/\/lapidarium.fundacja-hereditas.pl\/wp-content\/uploads\/2021\/09\/b_435_1540670772szpitalpraski-budynekb-posadzka-w-pomieszczeniu-na-3pietrze-2-300x439.jpg 300w\" sizes=\"auto, (max-width: 410px) 100vw, 410px\" \/><\/a><figcaption class=\"blocks-gallery-item__caption\">Posadzka, sala szpitalna, budynek B, Szpital Praski pw. Przemienienia Pa\u0144skiego, al. 'Solidarno\u015bci&#8217; 67. Fot. Jolanta Wojciechowska, 2018, \u017ar\u00f3d\u0142o: zabytek.co<\/figcaption><\/figure><\/li><li class=\"blocks-gallery-item\"><figure><a href=\"http:\/\/lapidarium.fundacja-hereditas.pl\/wp-content\/uploads\/2021\/09\/b_435_1540670739img_0122_a.jpg\"><img loading=\"lazy\" decoding=\"async\" width=\"400\" height=\"600\" src=\"http:\/\/lapidarium.fundacja-hereditas.pl\/wp-content\/uploads\/2021\/09\/b_435_1540670739img_0122_a.jpg\" alt=\"Posadzka, sala szpitalna, budynek B, Szpital Praski pw. Przemienienia Pa\u0144skiego, al. 'Solidarno\u015bci' 67. Fot. Anna Szwa\u0142kiewicz, 2018, \u017ar\u00f3d\u0142o: zabytek.co\" data-id=\"3700\" data-full-url=\"http:\/\/lapidarium.fundacja-hereditas.pl\/wp-content\/uploads\/2021\/09\/b_435_1540670739img_0122_a.jpg\" data-link=\"https:\/\/lapidarium.fundacja-hereditas.pl\/b_435_1540670739img_0122_a\/\" class=\"wp-image-3700\" srcset=\"http:\/\/lapidarium.fundacja-hereditas.pl\/wp-content\/uploads\/2021\/09\/b_435_1540670739img_0122_a.jpg 400w, http:\/\/lapidarium.fundacja-hereditas.pl\/wp-content\/uploads\/2021\/09\/b_435_1540670739img_0122_a-200x300.jpg 200w, http:\/\/lapidarium.fundacja-hereditas.pl\/wp-content\/uploads\/2021\/09\/b_435_1540670739img_0122_a-150x225.jpg 150w, http:\/\/lapidarium.fundacja-hereditas.pl\/wp-content\/uploads\/2021\/09\/b_435_1540670739img_0122_a-300x450.jpg 300w\" sizes=\"auto, (max-width: 400px) 100vw, 400px\" \/><\/a><figcaption class=\"blocks-gallery-item__caption\">Posadzka, sala szpitalna, budynek B, Szpital Praski pw. Przemienienia Pa\u0144skiego, al. 'Solidarno\u015bci&#8217; 67. Fot. Anna Szwa\u0142kiewicz, 2018, \u017ar\u00f3d\u0142o: zabytek.co<\/figcaption><\/figure><\/li><li class=\"blocks-gallery-item\"><figure><a href=\"http:\/\/lapidarium.fundacja-hereditas.pl\/wp-content\/uploads\/2021\/09\/b_435_1540670794szpitalpraski-budynekb-posadzka-w-pomieszczeniu-na-3pietrze-4.jpg\"><img loading=\"lazy\" decoding=\"async\" width=\"600\" height=\"419\" src=\"http:\/\/lapidarium.fundacja-hereditas.pl\/wp-content\/uploads\/2021\/09\/b_435_1540670794szpitalpraski-budynekb-posadzka-w-pomieszczeniu-na-3pietrze-4.jpg\" alt=\"Posadzka, pomieszczenie na 3. pi\u0119trze, budynek B, Szpital Praski pw. Przemienienia Pa\u0144skiego, al. 'Solidarno\u015bci' 67. Fot. Jolanta Wojciechowska, 2018, \u017ar\u00f3d\u0142o: zabytek.co\" data-id=\"3702\" data-full-url=\"http:\/\/lapidarium.fundacja-hereditas.pl\/wp-content\/uploads\/2021\/09\/b_435_1540670794szpitalpraski-budynekb-posadzka-w-pomieszczeniu-na-3pietrze-4.jpg\" data-link=\"https:\/\/lapidarium.fundacja-hereditas.pl\/b_435_1540670794szpitalpraski-budynekb-posadzka-w-pomieszczeniu-na-3pietrze-4\/\" class=\"wp-image-3702\" srcset=\"http:\/\/lapidarium.fundacja-hereditas.pl\/wp-content\/uploads\/2021\/09\/b_435_1540670794szpitalpraski-budynekb-posadzka-w-pomieszczeniu-na-3pietrze-4.jpg 600w, http:\/\/lapidarium.fundacja-hereditas.pl\/wp-content\/uploads\/2021\/09\/b_435_1540670794szpitalpraski-budynekb-posadzka-w-pomieszczeniu-na-3pietrze-4-300x210.jpg 300w, http:\/\/lapidarium.fundacja-hereditas.pl\/wp-content\/uploads\/2021\/09\/b_435_1540670794szpitalpraski-budynekb-posadzka-w-pomieszczeniu-na-3pietrze-4-150x105.jpg 150w\" sizes=\"auto, (max-width: 600px) 100vw, 600px\" \/><\/a><figcaption class=\"blocks-gallery-item__caption\">Posadzka, pomieszczenie na 3. pi\u0119trze, budynek B, Szpital Praski pw. Przemienienia Pa\u0144skiego, al. 'Solidarno\u015bci&#8217; 67. Fot. Jolanta Wojciechowska, 2018, \u017ar\u00f3d\u0142o: zabytek.co<\/figcaption><\/figure><\/li><\/ul><\/figure>\n","protected":false},"excerpt":{"rendered":"<p>al. Solidarno\u015bci 67. Szpital Praski pw. Przemienienia Pa\u0144skiego.<\/p>\n","protected":false},"author":2,"featured_media":3716,"comment_status":"open","ping_status":"open","sticky":false,"template":"","format":"standard","meta":{"footnotes":""},"categories":[44,4],"tags":[],"class_list":{"0":"post-3705","1":"post","2":"type-post","3":"status-publish","4":"format-standard","5":"has-post-thumbnail","7":"category-al-solidarnosci","8":"category-warszawa"},"_links":{"self":[{"href":"http:\/\/lapidarium.fundacja-hereditas.pl\/index.php\/wp-json\/wp\/v2\/posts\/3705","targetHints":{"allow":["GET"]}}],"collection":[{"href":"http:\/\/lapidarium.fundacja-hereditas.pl\/index.php\/wp-json\/wp\/v2\/posts"}],"about":[{"href":"http:\/\/lapidarium.fundacja-hereditas.pl\/index.php\/wp-json\/wp\/v2\/types\/post"}],"author":[{"embeddable":true,"href":"http:\/\/lapidarium.fundacja-hereditas.pl\/index.php\/wp-json\/wp\/v2\/users\/2"}],"replies":[{"embeddable":true,"href":"http:\/\/lapidarium.fundacja-hereditas.pl\/index.php\/wp-json\/wp\/v2\/comments?post=3705"}],"version-history":[{"count":4,"href":"http:\/\/lapidarium.fundacja-hereditas.pl\/index.php\/wp-json\/wp\/v2\/posts\/3705\/revisions"}],"predecessor-version":[{"id":5428,"href":"http:\/\/lapidarium.fundacja-hereditas.pl\/index.php\/wp-json\/wp\/v2\/posts\/3705\/revisions\/5428"}],"wp:featuredmedia":[{"embeddable":true,"href":"http:\/\/lapidarium.fundacja-hereditas.pl\/index.php\/wp-json\/wp\/v2\/media\/3716"}],"wp:attachment":[{"href":"http:\/\/lapidarium.fundacja-hereditas.pl\/index.php\/wp-json\/wp\/v2\/media?parent=3705"}],"wp:term":[{"taxonomy":"category","embeddable":true,"href":"http:\/\/lapidarium.fundacja-hereditas.pl\/index.php\/wp-json\/wp\/v2\/categories?post=3705"},{"taxonomy":"post_tag","embeddable":true,"href":"http:\/\/lapidarium.fundacja-hereditas.pl\/index.php\/wp-json\/wp\/v2\/tags?post=3705"}],"curies":[{"name":"wp","href":"https:\/\/api.w.org\/{rel}","templated":true}]}}