{"id":36456,"date":"2025-12-31T21:11:39","date_gmt":"2025-12-31T20:11:39","guid":{"rendered":"https:\/\/lapidarium.fundacja-hereditas.pl\/?p=36456"},"modified":"2026-01-23T23:53:29","modified_gmt":"2026-01-23T22:53:29","slug":"kamienica-ul-brzeska-20-warszawa","status":"publish","type":"post","link":"http:\/\/lapidarium.fundacja-hereditas.pl\/index.php\/2025\/12\/31\/kamienica-ul-brzeska-20-warszawa\/","title":{"rendered":"Kamienica ul. Brzeska 20, Warszawa"},"content":{"rendered":"\n<p><\/p>\n\n\n\n<p><\/p>\n\n\n\n<p>::: W\u0142\u0105czono do bazy w ramach projektu: &#8222;Studeo et Conservo 2025&#8221; &#8211; (XXI edycja), dofinansowanego przez Miasto Sto\u0142eczne Warszawa.<\/p>\n\n\n\n<figure class=\"wp-block-gallery has-nested-images columns-default is-cropped wp-block-gallery-1 is-layout-flex wp-block-gallery-is-layout-flex\">\n<figure class=\"wp-block-image size-large\"><img loading=\"lazy\" decoding=\"async\" width=\"683\" height=\"1024\" data-id=\"36457\" src=\"https:\/\/lapidarium.fundacja-hereditas.pl\/wp-content\/uploads\/2025\/12\/Ilowiecki_Piotr_Wawa_Brzeska-20_01_fasada_01_odpoludnia-1-683x1024.jpg\" alt=\"\" class=\"wp-image-36457\" srcset=\"http:\/\/lapidarium.fundacja-hereditas.pl\/wp-content\/uploads\/2025\/12\/Ilowiecki_Piotr_Wawa_Brzeska-20_01_fasada_01_odpoludnia-1-683x1024.jpg 683w, http:\/\/lapidarium.fundacja-hereditas.pl\/wp-content\/uploads\/2025\/12\/Ilowiecki_Piotr_Wawa_Brzeska-20_01_fasada_01_odpoludnia-1-200x300.jpg 200w, http:\/\/lapidarium.fundacja-hereditas.pl\/wp-content\/uploads\/2025\/12\/Ilowiecki_Piotr_Wawa_Brzeska-20_01_fasada_01_odpoludnia-1-768x1152.jpg 768w, http:\/\/lapidarium.fundacja-hereditas.pl\/wp-content\/uploads\/2025\/12\/Ilowiecki_Piotr_Wawa_Brzeska-20_01_fasada_01_odpoludnia-1-1024x1536.jpg 1024w, http:\/\/lapidarium.fundacja-hereditas.pl\/wp-content\/uploads\/2025\/12\/Ilowiecki_Piotr_Wawa_Brzeska-20_01_fasada_01_odpoludnia-1-1365x2048.jpg 1365w, http:\/\/lapidarium.fundacja-hereditas.pl\/wp-content\/uploads\/2025\/12\/Ilowiecki_Piotr_Wawa_Brzeska-20_01_fasada_01_odpoludnia-1-150x225.jpg 150w, http:\/\/lapidarium.fundacja-hereditas.pl\/wp-content\/uploads\/2025\/12\/Ilowiecki_Piotr_Wawa_Brzeska-20_01_fasada_01_odpoludnia-1-300x450.jpg 300w, http:\/\/lapidarium.fundacja-hereditas.pl\/wp-content\/uploads\/2025\/12\/Ilowiecki_Piotr_Wawa_Brzeska-20_01_fasada_01_odpoludnia-1-696x1044.jpg 696w, http:\/\/lapidarium.fundacja-hereditas.pl\/wp-content\/uploads\/2025\/12\/Ilowiecki_Piotr_Wawa_Brzeska-20_01_fasada_01_odpoludnia-1-1068x1602.jpg 1068w, http:\/\/lapidarium.fundacja-hereditas.pl\/wp-content\/uploads\/2025\/12\/Ilowiecki_Piotr_Wawa_Brzeska-20_01_fasada_01_odpoludnia-1-1920x2880.jpg 1920w, http:\/\/lapidarium.fundacja-hereditas.pl\/wp-content\/uploads\/2025\/12\/Ilowiecki_Piotr_Wawa_Brzeska-20_01_fasada_01_odpoludnia-1-scaled.jpg 1707w\" sizes=\"auto, (max-width: 683px) 100vw, 683px\" \/><figcaption class=\"wp-element-caption\">Warszawa. Kamienica Brzeska 20. Prawdopodobnie z roku 1914 z elementami secesyjnymi.<\/figcaption><\/figure>\n\n\n\n<figure class=\"wp-block-image size-large\"><img loading=\"lazy\" decoding=\"async\" width=\"819\" height=\"1024\" data-id=\"36458\" src=\"https:\/\/lapidarium.fundacja-hereditas.pl\/wp-content\/uploads\/2025\/12\/Ilowiecki_Piotr_Wawa_Brzeska-20_01_fasada_02_odzachodu-1-819x1024.jpg\" alt=\"\" class=\"wp-image-36458\" srcset=\"http:\/\/lapidarium.fundacja-hereditas.pl\/wp-content\/uploads\/2025\/12\/Ilowiecki_Piotr_Wawa_Brzeska-20_01_fasada_02_odzachodu-1-819x1024.jpg 819w, http:\/\/lapidarium.fundacja-hereditas.pl\/wp-content\/uploads\/2025\/12\/Ilowiecki_Piotr_Wawa_Brzeska-20_01_fasada_02_odzachodu-1-240x300.jpg 240w, http:\/\/lapidarium.fundacja-hereditas.pl\/wp-content\/uploads\/2025\/12\/Ilowiecki_Piotr_Wawa_Brzeska-20_01_fasada_02_odzachodu-1-768x960.jpg 768w, http:\/\/lapidarium.fundacja-hereditas.pl\/wp-content\/uploads\/2025\/12\/Ilowiecki_Piotr_Wawa_Brzeska-20_01_fasada_02_odzachodu-1-1229x1536.jpg 1229w, http:\/\/lapidarium.fundacja-hereditas.pl\/wp-content\/uploads\/2025\/12\/Ilowiecki_Piotr_Wawa_Brzeska-20_01_fasada_02_odzachodu-1-1638x2048.jpg 1638w, http:\/\/lapidarium.fundacja-hereditas.pl\/wp-content\/uploads\/2025\/12\/Ilowiecki_Piotr_Wawa_Brzeska-20_01_fasada_02_odzachodu-1-150x188.jpg 150w, http:\/\/lapidarium.fundacja-hereditas.pl\/wp-content\/uploads\/2025\/12\/Ilowiecki_Piotr_Wawa_Brzeska-20_01_fasada_02_odzachodu-1-300x375.jpg 300w, http:\/\/lapidarium.fundacja-hereditas.pl\/wp-content\/uploads\/2025\/12\/Ilowiecki_Piotr_Wawa_Brzeska-20_01_fasada_02_odzachodu-1-696x870.jpg 696w, http:\/\/lapidarium.fundacja-hereditas.pl\/wp-content\/uploads\/2025\/12\/Ilowiecki_Piotr_Wawa_Brzeska-20_01_fasada_02_odzachodu-1-1068x1335.jpg 1068w, http:\/\/lapidarium.fundacja-hereditas.pl\/wp-content\/uploads\/2025\/12\/Ilowiecki_Piotr_Wawa_Brzeska-20_01_fasada_02_odzachodu-1-1920x2400.jpg 1920w, http:\/\/lapidarium.fundacja-hereditas.pl\/wp-content\/uploads\/2025\/12\/Ilowiecki_Piotr_Wawa_Brzeska-20_01_fasada_02_odzachodu-1.jpg 2000w\" sizes=\"auto, (max-width: 819px) 100vw, 819px\" \/><figcaption class=\"wp-element-caption\">Warszawa. Kamienica Brzeska 20. Prawdopodobnie z roku 1914 z elementami secesyjnymi.<\/figcaption><\/figure>\n\n\n\n<figure class=\"wp-block-image size-large\"><img loading=\"lazy\" decoding=\"async\" width=\"819\" height=\"1024\" data-id=\"36459\" src=\"https:\/\/lapidarium.fundacja-hereditas.pl\/wp-content\/uploads\/2025\/12\/Ilowiecki_Piotr_Wawa_Brzeska-20_01_fasada_02_odzachodu-2-819x1024.jpg\" alt=\"\" class=\"wp-image-36459\" srcset=\"http:\/\/lapidarium.fundacja-hereditas.pl\/wp-content\/uploads\/2025\/12\/Ilowiecki_Piotr_Wawa_Brzeska-20_01_fasada_02_odzachodu-2-819x1024.jpg 819w, http:\/\/lapidarium.fundacja-hereditas.pl\/wp-content\/uploads\/2025\/12\/Ilowiecki_Piotr_Wawa_Brzeska-20_01_fasada_02_odzachodu-2-240x300.jpg 240w, http:\/\/lapidarium.fundacja-hereditas.pl\/wp-content\/uploads\/2025\/12\/Ilowiecki_Piotr_Wawa_Brzeska-20_01_fasada_02_odzachodu-2-768x960.jpg 768w, http:\/\/lapidarium.fundacja-hereditas.pl\/wp-content\/uploads\/2025\/12\/Ilowiecki_Piotr_Wawa_Brzeska-20_01_fasada_02_odzachodu-2-1229x1536.jpg 1229w, http:\/\/lapidarium.fundacja-hereditas.pl\/wp-content\/uploads\/2025\/12\/Ilowiecki_Piotr_Wawa_Brzeska-20_01_fasada_02_odzachodu-2-1638x2048.jpg 1638w, http:\/\/lapidarium.fundacja-hereditas.pl\/wp-content\/uploads\/2025\/12\/Ilowiecki_Piotr_Wawa_Brzeska-20_01_fasada_02_odzachodu-2-150x188.jpg 150w, http:\/\/lapidarium.fundacja-hereditas.pl\/wp-content\/uploads\/2025\/12\/Ilowiecki_Piotr_Wawa_Brzeska-20_01_fasada_02_odzachodu-2-300x375.jpg 300w, http:\/\/lapidarium.fundacja-hereditas.pl\/wp-content\/uploads\/2025\/12\/Ilowiecki_Piotr_Wawa_Brzeska-20_01_fasada_02_odzachodu-2-696x870.jpg 696w, http:\/\/lapidarium.fundacja-hereditas.pl\/wp-content\/uploads\/2025\/12\/Ilowiecki_Piotr_Wawa_Brzeska-20_01_fasada_02_odzachodu-2-1068x1335.jpg 1068w, http:\/\/lapidarium.fundacja-hereditas.pl\/wp-content\/uploads\/2025\/12\/Ilowiecki_Piotr_Wawa_Brzeska-20_01_fasada_02_odzachodu-2-1920x2400.jpg 1920w, http:\/\/lapidarium.fundacja-hereditas.pl\/wp-content\/uploads\/2025\/12\/Ilowiecki_Piotr_Wawa_Brzeska-20_01_fasada_02_odzachodu-2.jpg 2000w\" sizes=\"auto, (max-width: 819px) 100vw, 819px\" \/><figcaption class=\"wp-element-caption\">Warszawa. Kamienica Brzeska 20. Prawdopodobnie z roku 1914 z elementami secesyjnymi.<\/figcaption><\/figure>\n\n\n\n<figure class=\"wp-block-image size-large\"><img loading=\"lazy\" decoding=\"async\" width=\"683\" height=\"1024\" data-id=\"36460\" src=\"https:\/\/lapidarium.fundacja-hereditas.pl\/wp-content\/uploads\/2025\/12\/Ilowiecki_Piotr_Wawa_Brzeska-20_01_fasada_03_odzachodu-3_stronaprawa-1-683x1024.jpg\" alt=\"\" class=\"wp-image-36460\" srcset=\"http:\/\/lapidarium.fundacja-hereditas.pl\/wp-content\/uploads\/2025\/12\/Ilowiecki_Piotr_Wawa_Brzeska-20_01_fasada_03_odzachodu-3_stronaprawa-1-683x1024.jpg 683w, http:\/\/lapidarium.fundacja-hereditas.pl\/wp-content\/uploads\/2025\/12\/Ilowiecki_Piotr_Wawa_Brzeska-20_01_fasada_03_odzachodu-3_stronaprawa-1-200x300.jpg 200w, http:\/\/lapidarium.fundacja-hereditas.pl\/wp-content\/uploads\/2025\/12\/Ilowiecki_Piotr_Wawa_Brzeska-20_01_fasada_03_odzachodu-3_stronaprawa-1-768x1152.jpg 768w, http:\/\/lapidarium.fundacja-hereditas.pl\/wp-content\/uploads\/2025\/12\/Ilowiecki_Piotr_Wawa_Brzeska-20_01_fasada_03_odzachodu-3_stronaprawa-1-1024x1536.jpg 1024w, http:\/\/lapidarium.fundacja-hereditas.pl\/wp-content\/uploads\/2025\/12\/Ilowiecki_Piotr_Wawa_Brzeska-20_01_fasada_03_odzachodu-3_stronaprawa-1-1365x2048.jpg 1365w, http:\/\/lapidarium.fundacja-hereditas.pl\/wp-content\/uploads\/2025\/12\/Ilowiecki_Piotr_Wawa_Brzeska-20_01_fasada_03_odzachodu-3_stronaprawa-1-150x225.jpg 150w, http:\/\/lapidarium.fundacja-hereditas.pl\/wp-content\/uploads\/2025\/12\/Ilowiecki_Piotr_Wawa_Brzeska-20_01_fasada_03_odzachodu-3_stronaprawa-1-300x450.jpg 300w, http:\/\/lapidarium.fundacja-hereditas.pl\/wp-content\/uploads\/2025\/12\/Ilowiecki_Piotr_Wawa_Brzeska-20_01_fasada_03_odzachodu-3_stronaprawa-1-696x1044.jpg 696w, http:\/\/lapidarium.fundacja-hereditas.pl\/wp-content\/uploads\/2025\/12\/Ilowiecki_Piotr_Wawa_Brzeska-20_01_fasada_03_odzachodu-3_stronaprawa-1-1068x1602.jpg 1068w, http:\/\/lapidarium.fundacja-hereditas.pl\/wp-content\/uploads\/2025\/12\/Ilowiecki_Piotr_Wawa_Brzeska-20_01_fasada_03_odzachodu-3_stronaprawa-1-1920x2880.jpg 1920w, http:\/\/lapidarium.fundacja-hereditas.pl\/wp-content\/uploads\/2025\/12\/Ilowiecki_Piotr_Wawa_Brzeska-20_01_fasada_03_odzachodu-3_stronaprawa-1-scaled.jpg 1707w\" sizes=\"auto, (max-width: 683px) 100vw, 683px\" \/><figcaption class=\"wp-element-caption\">Warszawa. Kamienica Brzeska 20. Prawdopodobnie z roku 1914 z elementami secesyjnymi.<\/figcaption><\/figure>\n\n\n\n<figure class=\"wp-block-image size-large\"><img loading=\"lazy\" decoding=\"async\" width=\"819\" height=\"1024\" data-id=\"36461\" src=\"https:\/\/lapidarium.fundacja-hereditas.pl\/wp-content\/uploads\/2025\/12\/Ilowiecki_Piotr_Wawa_Brzeska-20_01_fasada_04_odzachodu-4_stronalewa-1-819x1024.jpg\" alt=\"\" class=\"wp-image-36461\" srcset=\"http:\/\/lapidarium.fundacja-hereditas.pl\/wp-content\/uploads\/2025\/12\/Ilowiecki_Piotr_Wawa_Brzeska-20_01_fasada_04_odzachodu-4_stronalewa-1-819x1024.jpg 819w, http:\/\/lapidarium.fundacja-hereditas.pl\/wp-content\/uploads\/2025\/12\/Ilowiecki_Piotr_Wawa_Brzeska-20_01_fasada_04_odzachodu-4_stronalewa-1-240x300.jpg 240w, http:\/\/lapidarium.fundacja-hereditas.pl\/wp-content\/uploads\/2025\/12\/Ilowiecki_Piotr_Wawa_Brzeska-20_01_fasada_04_odzachodu-4_stronalewa-1-768x960.jpg 768w, http:\/\/lapidarium.fundacja-hereditas.pl\/wp-content\/uploads\/2025\/12\/Ilowiecki_Piotr_Wawa_Brzeska-20_01_fasada_04_odzachodu-4_stronalewa-1-1229x1536.jpg 1229w, http:\/\/lapidarium.fundacja-hereditas.pl\/wp-content\/uploads\/2025\/12\/Ilowiecki_Piotr_Wawa_Brzeska-20_01_fasada_04_odzachodu-4_stronalewa-1-1638x2048.jpg 1638w, http:\/\/lapidarium.fundacja-hereditas.pl\/wp-content\/uploads\/2025\/12\/Ilowiecki_Piotr_Wawa_Brzeska-20_01_fasada_04_odzachodu-4_stronalewa-1-150x188.jpg 150w, http:\/\/lapidarium.fundacja-hereditas.pl\/wp-content\/uploads\/2025\/12\/Ilowiecki_Piotr_Wawa_Brzeska-20_01_fasada_04_odzachodu-4_stronalewa-1-300x375.jpg 300w, http:\/\/lapidarium.fundacja-hereditas.pl\/wp-content\/uploads\/2025\/12\/Ilowiecki_Piotr_Wawa_Brzeska-20_01_fasada_04_odzachodu-4_stronalewa-1-696x870.jpg 696w, http:\/\/lapidarium.fundacja-hereditas.pl\/wp-content\/uploads\/2025\/12\/Ilowiecki_Piotr_Wawa_Brzeska-20_01_fasada_04_odzachodu-4_stronalewa-1-1068x1335.jpg 1068w, http:\/\/lapidarium.fundacja-hereditas.pl\/wp-content\/uploads\/2025\/12\/Ilowiecki_Piotr_Wawa_Brzeska-20_01_fasada_04_odzachodu-4_stronalewa-1-1920x2400.jpg 1920w, http:\/\/lapidarium.fundacja-hereditas.pl\/wp-content\/uploads\/2025\/12\/Ilowiecki_Piotr_Wawa_Brzeska-20_01_fasada_04_odzachodu-4_stronalewa-1.jpg 2000w\" sizes=\"auto, (max-width: 819px) 100vw, 819px\" \/><figcaption class=\"wp-element-caption\">Warszawa. Kamienica Brzeska 20. Prawdopodobnie z roku 1914 z elementami secesyjnymi.<\/figcaption><\/figure>\n\n\n\n<figure class=\"wp-block-image size-large\"><img loading=\"lazy\" decoding=\"async\" width=\"1024\" height=\"683\" data-id=\"36462\" src=\"https:\/\/lapidarium.fundacja-hereditas.pl\/wp-content\/uploads\/2025\/12\/Ilowiecki_Piotr_Wawa_Brzeska-20_01_fasada_05_nadbrama-1-1024x683.jpg\" alt=\"\" class=\"wp-image-36462\" srcset=\"http:\/\/lapidarium.fundacja-hereditas.pl\/wp-content\/uploads\/2025\/12\/Ilowiecki_Piotr_Wawa_Brzeska-20_01_fasada_05_nadbrama-1-1024x683.jpg 1024w, http:\/\/lapidarium.fundacja-hereditas.pl\/wp-content\/uploads\/2025\/12\/Ilowiecki_Piotr_Wawa_Brzeska-20_01_fasada_05_nadbrama-1-300x200.jpg 300w, http:\/\/lapidarium.fundacja-hereditas.pl\/wp-content\/uploads\/2025\/12\/Ilowiecki_Piotr_Wawa_Brzeska-20_01_fasada_05_nadbrama-1-768x512.jpg 768w, http:\/\/lapidarium.fundacja-hereditas.pl\/wp-content\/uploads\/2025\/12\/Ilowiecki_Piotr_Wawa_Brzeska-20_01_fasada_05_nadbrama-1-1536x1024.jpg 1536w, http:\/\/lapidarium.fundacja-hereditas.pl\/wp-content\/uploads\/2025\/12\/Ilowiecki_Piotr_Wawa_Brzeska-20_01_fasada_05_nadbrama-1-2048x1365.jpg 2048w, http:\/\/lapidarium.fundacja-hereditas.pl\/wp-content\/uploads\/2025\/12\/Ilowiecki_Piotr_Wawa_Brzeska-20_01_fasada_05_nadbrama-1-150x100.jpg 150w, http:\/\/lapidarium.fundacja-hereditas.pl\/wp-content\/uploads\/2025\/12\/Ilowiecki_Piotr_Wawa_Brzeska-20_01_fasada_05_nadbrama-1-696x464.jpg 696w, http:\/\/lapidarium.fundacja-hereditas.pl\/wp-content\/uploads\/2025\/12\/Ilowiecki_Piotr_Wawa_Brzeska-20_01_fasada_05_nadbrama-1-1068x712.jpg 1068w, http:\/\/lapidarium.fundacja-hereditas.pl\/wp-content\/uploads\/2025\/12\/Ilowiecki_Piotr_Wawa_Brzeska-20_01_fasada_05_nadbrama-1-1920x1280.jpg 1920w\" sizes=\"auto, (max-width: 1024px) 100vw, 1024px\" \/><figcaption class=\"wp-element-caption\">Warszawa. Kamienica Brzeska 20. Prawdopodobnie z roku 1914 z elementami secesyjnymi. Balkon nad bram\u0105.<\/figcaption><\/figure>\n\n\n\n<figure class=\"wp-block-image size-large\"><img loading=\"lazy\" decoding=\"async\" width=\"683\" height=\"1024\" data-id=\"36463\" src=\"https:\/\/lapidarium.fundacja-hereditas.pl\/wp-content\/uploads\/2025\/12\/Ilowiecki_Piotr_Wawa_Brzeska-20_02_brama-1_widoknapodworze-1-683x1024.jpg\" alt=\"\" class=\"wp-image-36463\" srcset=\"http:\/\/lapidarium.fundacja-hereditas.pl\/wp-content\/uploads\/2025\/12\/Ilowiecki_Piotr_Wawa_Brzeska-20_02_brama-1_widoknapodworze-1-683x1024.jpg 683w, http:\/\/lapidarium.fundacja-hereditas.pl\/wp-content\/uploads\/2025\/12\/Ilowiecki_Piotr_Wawa_Brzeska-20_02_brama-1_widoknapodworze-1-200x300.jpg 200w, http:\/\/lapidarium.fundacja-hereditas.pl\/wp-content\/uploads\/2025\/12\/Ilowiecki_Piotr_Wawa_Brzeska-20_02_brama-1_widoknapodworze-1-768x1152.jpg 768w, http:\/\/lapidarium.fundacja-hereditas.pl\/wp-content\/uploads\/2025\/12\/Ilowiecki_Piotr_Wawa_Brzeska-20_02_brama-1_widoknapodworze-1-1024x1536.jpg 1024w, http:\/\/lapidarium.fundacja-hereditas.pl\/wp-content\/uploads\/2025\/12\/Ilowiecki_Piotr_Wawa_Brzeska-20_02_brama-1_widoknapodworze-1-1365x2048.jpg 1365w, http:\/\/lapidarium.fundacja-hereditas.pl\/wp-content\/uploads\/2025\/12\/Ilowiecki_Piotr_Wawa_Brzeska-20_02_brama-1_widoknapodworze-1-150x225.jpg 150w, http:\/\/lapidarium.fundacja-hereditas.pl\/wp-content\/uploads\/2025\/12\/Ilowiecki_Piotr_Wawa_Brzeska-20_02_brama-1_widoknapodworze-1-300x450.jpg 300w, http:\/\/lapidarium.fundacja-hereditas.pl\/wp-content\/uploads\/2025\/12\/Ilowiecki_Piotr_Wawa_Brzeska-20_02_brama-1_widoknapodworze-1-696x1044.jpg 696w, http:\/\/lapidarium.fundacja-hereditas.pl\/wp-content\/uploads\/2025\/12\/Ilowiecki_Piotr_Wawa_Brzeska-20_02_brama-1_widoknapodworze-1-1068x1602.jpg 1068w, http:\/\/lapidarium.fundacja-hereditas.pl\/wp-content\/uploads\/2025\/12\/Ilowiecki_Piotr_Wawa_Brzeska-20_02_brama-1_widoknapodworze-1-1920x2880.jpg 1920w, http:\/\/lapidarium.fundacja-hereditas.pl\/wp-content\/uploads\/2025\/12\/Ilowiecki_Piotr_Wawa_Brzeska-20_02_brama-1_widoknapodworze-1-scaled.jpg 1707w\" sizes=\"auto, (max-width: 683px) 100vw, 683px\" \/><figcaption class=\"wp-element-caption\">Warszawa. Kamienica Brzeska 20. Prawdopodobnie z roku 1914 z elementami secesyjnymi. Brama<\/figcaption><\/figure>\n\n\n\n<figure class=\"wp-block-image size-large\"><img loading=\"lazy\" decoding=\"async\" width=\"683\" height=\"1024\" data-id=\"36464\" src=\"https:\/\/lapidarium.fundacja-hereditas.pl\/wp-content\/uploads\/2025\/12\/Ilowiecki_Piotr_Wawa_Brzeska-20_02_brama-2_strop-1-683x1024.jpg\" alt=\"\" class=\"wp-image-36464\" srcset=\"http:\/\/lapidarium.fundacja-hereditas.pl\/wp-content\/uploads\/2025\/12\/Ilowiecki_Piotr_Wawa_Brzeska-20_02_brama-2_strop-1-683x1024.jpg 683w, http:\/\/lapidarium.fundacja-hereditas.pl\/wp-content\/uploads\/2025\/12\/Ilowiecki_Piotr_Wawa_Brzeska-20_02_brama-2_strop-1-200x300.jpg 200w, http:\/\/lapidarium.fundacja-hereditas.pl\/wp-content\/uploads\/2025\/12\/Ilowiecki_Piotr_Wawa_Brzeska-20_02_brama-2_strop-1-768x1152.jpg 768w, http:\/\/lapidarium.fundacja-hereditas.pl\/wp-content\/uploads\/2025\/12\/Ilowiecki_Piotr_Wawa_Brzeska-20_02_brama-2_strop-1-1024x1536.jpg 1024w, http:\/\/lapidarium.fundacja-hereditas.pl\/wp-content\/uploads\/2025\/12\/Ilowiecki_Piotr_Wawa_Brzeska-20_02_brama-2_strop-1-1365x2048.jpg 1365w, http:\/\/lapidarium.fundacja-hereditas.pl\/wp-content\/uploads\/2025\/12\/Ilowiecki_Piotr_Wawa_Brzeska-20_02_brama-2_strop-1-150x225.jpg 150w, http:\/\/lapidarium.fundacja-hereditas.pl\/wp-content\/uploads\/2025\/12\/Ilowiecki_Piotr_Wawa_Brzeska-20_02_brama-2_strop-1-300x450.jpg 300w, http:\/\/lapidarium.fundacja-hereditas.pl\/wp-content\/uploads\/2025\/12\/Ilowiecki_Piotr_Wawa_Brzeska-20_02_brama-2_strop-1-696x1044.jpg 696w, http:\/\/lapidarium.fundacja-hereditas.pl\/wp-content\/uploads\/2025\/12\/Ilowiecki_Piotr_Wawa_Brzeska-20_02_brama-2_strop-1-1068x1602.jpg 1068w, http:\/\/lapidarium.fundacja-hereditas.pl\/wp-content\/uploads\/2025\/12\/Ilowiecki_Piotr_Wawa_Brzeska-20_02_brama-2_strop-1-1920x2880.jpg 1920w, http:\/\/lapidarium.fundacja-hereditas.pl\/wp-content\/uploads\/2025\/12\/Ilowiecki_Piotr_Wawa_Brzeska-20_02_brama-2_strop-1-scaled.jpg 1707w\" sizes=\"auto, (max-width: 683px) 100vw, 683px\" \/><figcaption class=\"wp-element-caption\">Warszawa. Kamienica Brzeska 20. Prawdopodobnie z roku 1914 z elementami secesyjnymi. Strop nad bram\u0105<\/figcaption><\/figure>\n\n\n\n<figure class=\"wp-block-image size-large\"><img loading=\"lazy\" decoding=\"async\" width=\"1024\" height=\"683\" data-id=\"36465\" src=\"https:\/\/lapidarium.fundacja-hereditas.pl\/wp-content\/uploads\/2025\/12\/Ilowiecki_Piotr_Wawa_Brzeska-20_02_brama-2_strop-2-1024x683.jpg\" alt=\"\" class=\"wp-image-36465\" srcset=\"http:\/\/lapidarium.fundacja-hereditas.pl\/wp-content\/uploads\/2025\/12\/Ilowiecki_Piotr_Wawa_Brzeska-20_02_brama-2_strop-2-1024x683.jpg 1024w, http:\/\/lapidarium.fundacja-hereditas.pl\/wp-content\/uploads\/2025\/12\/Ilowiecki_Piotr_Wawa_Brzeska-20_02_brama-2_strop-2-300x200.jpg 300w, http:\/\/lapidarium.fundacja-hereditas.pl\/wp-content\/uploads\/2025\/12\/Ilowiecki_Piotr_Wawa_Brzeska-20_02_brama-2_strop-2-768x512.jpg 768w, http:\/\/lapidarium.fundacja-hereditas.pl\/wp-content\/uploads\/2025\/12\/Ilowiecki_Piotr_Wawa_Brzeska-20_02_brama-2_strop-2-1536x1024.jpg 1536w, http:\/\/lapidarium.fundacja-hereditas.pl\/wp-content\/uploads\/2025\/12\/Ilowiecki_Piotr_Wawa_Brzeska-20_02_brama-2_strop-2-2048x1365.jpg 2048w, http:\/\/lapidarium.fundacja-hereditas.pl\/wp-content\/uploads\/2025\/12\/Ilowiecki_Piotr_Wawa_Brzeska-20_02_brama-2_strop-2-150x100.jpg 150w, http:\/\/lapidarium.fundacja-hereditas.pl\/wp-content\/uploads\/2025\/12\/Ilowiecki_Piotr_Wawa_Brzeska-20_02_brama-2_strop-2-696x464.jpg 696w, http:\/\/lapidarium.fundacja-hereditas.pl\/wp-content\/uploads\/2025\/12\/Ilowiecki_Piotr_Wawa_Brzeska-20_02_brama-2_strop-2-1068x712.jpg 1068w, http:\/\/lapidarium.fundacja-hereditas.pl\/wp-content\/uploads\/2025\/12\/Ilowiecki_Piotr_Wawa_Brzeska-20_02_brama-2_strop-2-1920x1280.jpg 1920w\" sizes=\"auto, (max-width: 1024px) 100vw, 1024px\" \/><figcaption class=\"wp-element-caption\">Warszawa. Kamienica Brzeska 20. Prawdopodobnie z roku 1914 z elementami secesyjnymi. Strop bramy.<\/figcaption><\/figure>\n\n\n\n<figure class=\"wp-block-image size-large\"><img loading=\"lazy\" decoding=\"async\" width=\"683\" height=\"1024\" data-id=\"36466\" src=\"https:\/\/lapidarium.fundacja-hereditas.pl\/wp-content\/uploads\/2025\/12\/Ilowiecki_Piotr_Wawa_Brzeska-20_02_brama-3_skrzynkanalisty-1-683x1024.jpg\" alt=\"\" class=\"wp-image-36466\" srcset=\"http:\/\/lapidarium.fundacja-hereditas.pl\/wp-content\/uploads\/2025\/12\/Ilowiecki_Piotr_Wawa_Brzeska-20_02_brama-3_skrzynkanalisty-1-683x1024.jpg 683w, http:\/\/lapidarium.fundacja-hereditas.pl\/wp-content\/uploads\/2025\/12\/Ilowiecki_Piotr_Wawa_Brzeska-20_02_brama-3_skrzynkanalisty-1-200x300.jpg 200w, http:\/\/lapidarium.fundacja-hereditas.pl\/wp-content\/uploads\/2025\/12\/Ilowiecki_Piotr_Wawa_Brzeska-20_02_brama-3_skrzynkanalisty-1-768x1152.jpg 768w, http:\/\/lapidarium.fundacja-hereditas.pl\/wp-content\/uploads\/2025\/12\/Ilowiecki_Piotr_Wawa_Brzeska-20_02_brama-3_skrzynkanalisty-1-1024x1536.jpg 1024w, http:\/\/lapidarium.fundacja-hereditas.pl\/wp-content\/uploads\/2025\/12\/Ilowiecki_Piotr_Wawa_Brzeska-20_02_brama-3_skrzynkanalisty-1-1365x2048.jpg 1365w, http:\/\/lapidarium.fundacja-hereditas.pl\/wp-content\/uploads\/2025\/12\/Ilowiecki_Piotr_Wawa_Brzeska-20_02_brama-3_skrzynkanalisty-1-150x225.jpg 150w, http:\/\/lapidarium.fundacja-hereditas.pl\/wp-content\/uploads\/2025\/12\/Ilowiecki_Piotr_Wawa_Brzeska-20_02_brama-3_skrzynkanalisty-1-300x450.jpg 300w, http:\/\/lapidarium.fundacja-hereditas.pl\/wp-content\/uploads\/2025\/12\/Ilowiecki_Piotr_Wawa_Brzeska-20_02_brama-3_skrzynkanalisty-1-696x1044.jpg 696w, http:\/\/lapidarium.fundacja-hereditas.pl\/wp-content\/uploads\/2025\/12\/Ilowiecki_Piotr_Wawa_Brzeska-20_02_brama-3_skrzynkanalisty-1-1068x1602.jpg 1068w, http:\/\/lapidarium.fundacja-hereditas.pl\/wp-content\/uploads\/2025\/12\/Ilowiecki_Piotr_Wawa_Brzeska-20_02_brama-3_skrzynkanalisty-1-1920x2880.jpg 1920w, http:\/\/lapidarium.fundacja-hereditas.pl\/wp-content\/uploads\/2025\/12\/Ilowiecki_Piotr_Wawa_Brzeska-20_02_brama-3_skrzynkanalisty-1-scaled.jpg 1707w\" sizes=\"auto, (max-width: 683px) 100vw, 683px\" \/><figcaption class=\"wp-element-caption\">Warszawa. Kamienica Brzeska 20. Prawdopodobnie z roku 1914 z elementami secesyjnymi. Skrzynka na listy.<\/figcaption><\/figure>\n\n\n\n<figure class=\"wp-block-image size-large\"><img loading=\"lazy\" decoding=\"async\" width=\"683\" height=\"1024\" data-id=\"36467\" src=\"https:\/\/lapidarium.fundacja-hereditas.pl\/wp-content\/uploads\/2025\/12\/Ilowiecki_Piotr_Wawa_Brzeska-20_02_brama-4_detalsciany-1-683x1024.jpg\" alt=\"\" class=\"wp-image-36467\" srcset=\"http:\/\/lapidarium.fundacja-hereditas.pl\/wp-content\/uploads\/2025\/12\/Ilowiecki_Piotr_Wawa_Brzeska-20_02_brama-4_detalsciany-1-683x1024.jpg 683w, http:\/\/lapidarium.fundacja-hereditas.pl\/wp-content\/uploads\/2025\/12\/Ilowiecki_Piotr_Wawa_Brzeska-20_02_brama-4_detalsciany-1-200x300.jpg 200w, http:\/\/lapidarium.fundacja-hereditas.pl\/wp-content\/uploads\/2025\/12\/Ilowiecki_Piotr_Wawa_Brzeska-20_02_brama-4_detalsciany-1-768x1152.jpg 768w, http:\/\/lapidarium.fundacja-hereditas.pl\/wp-content\/uploads\/2025\/12\/Ilowiecki_Piotr_Wawa_Brzeska-20_02_brama-4_detalsciany-1-1024x1536.jpg 1024w, http:\/\/lapidarium.fundacja-hereditas.pl\/wp-content\/uploads\/2025\/12\/Ilowiecki_Piotr_Wawa_Brzeska-20_02_brama-4_detalsciany-1-1365x2048.jpg 1365w, http:\/\/lapidarium.fundacja-hereditas.pl\/wp-content\/uploads\/2025\/12\/Ilowiecki_Piotr_Wawa_Brzeska-20_02_brama-4_detalsciany-1-150x225.jpg 150w, http:\/\/lapidarium.fundacja-hereditas.pl\/wp-content\/uploads\/2025\/12\/Ilowiecki_Piotr_Wawa_Brzeska-20_02_brama-4_detalsciany-1-300x450.jpg 300w, http:\/\/lapidarium.fundacja-hereditas.pl\/wp-content\/uploads\/2025\/12\/Ilowiecki_Piotr_Wawa_Brzeska-20_02_brama-4_detalsciany-1-696x1044.jpg 696w, http:\/\/lapidarium.fundacja-hereditas.pl\/wp-content\/uploads\/2025\/12\/Ilowiecki_Piotr_Wawa_Brzeska-20_02_brama-4_detalsciany-1-1068x1602.jpg 1068w, http:\/\/lapidarium.fundacja-hereditas.pl\/wp-content\/uploads\/2025\/12\/Ilowiecki_Piotr_Wawa_Brzeska-20_02_brama-4_detalsciany-1-1920x2880.jpg 1920w, http:\/\/lapidarium.fundacja-hereditas.pl\/wp-content\/uploads\/2025\/12\/Ilowiecki_Piotr_Wawa_Brzeska-20_02_brama-4_detalsciany-1-scaled.jpg 1707w\" sizes=\"auto, (max-width: 683px) 100vw, 683px\" \/><figcaption class=\"wp-element-caption\">Warszawa. Kamienica Brzeska 20. Prawdopodobnie z roku 1914 z elementami secesyjnymi. W bramie<\/figcaption><\/figure>\n\n\n\n<figure class=\"wp-block-image size-large\"><img loading=\"lazy\" decoding=\"async\" width=\"683\" height=\"1024\" data-id=\"36468\" src=\"https:\/\/lapidarium.fundacja-hereditas.pl\/wp-content\/uploads\/2025\/12\/Ilowiecki_Piotr_Wawa_Brzeska-20_02_brama-4_detalsciany-2-683x1024.jpg\" alt=\"\" class=\"wp-image-36468\" srcset=\"http:\/\/lapidarium.fundacja-hereditas.pl\/wp-content\/uploads\/2025\/12\/Ilowiecki_Piotr_Wawa_Brzeska-20_02_brama-4_detalsciany-2-683x1024.jpg 683w, http:\/\/lapidarium.fundacja-hereditas.pl\/wp-content\/uploads\/2025\/12\/Ilowiecki_Piotr_Wawa_Brzeska-20_02_brama-4_detalsciany-2-200x300.jpg 200w, http:\/\/lapidarium.fundacja-hereditas.pl\/wp-content\/uploads\/2025\/12\/Ilowiecki_Piotr_Wawa_Brzeska-20_02_brama-4_detalsciany-2-768x1152.jpg 768w, http:\/\/lapidarium.fundacja-hereditas.pl\/wp-content\/uploads\/2025\/12\/Ilowiecki_Piotr_Wawa_Brzeska-20_02_brama-4_detalsciany-2-1024x1536.jpg 1024w, http:\/\/lapidarium.fundacja-hereditas.pl\/wp-content\/uploads\/2025\/12\/Ilowiecki_Piotr_Wawa_Brzeska-20_02_brama-4_detalsciany-2-1365x2048.jpg 1365w, http:\/\/lapidarium.fundacja-hereditas.pl\/wp-content\/uploads\/2025\/12\/Ilowiecki_Piotr_Wawa_Brzeska-20_02_brama-4_detalsciany-2-150x225.jpg 150w, http:\/\/lapidarium.fundacja-hereditas.pl\/wp-content\/uploads\/2025\/12\/Ilowiecki_Piotr_Wawa_Brzeska-20_02_brama-4_detalsciany-2-300x450.jpg 300w, http:\/\/lapidarium.fundacja-hereditas.pl\/wp-content\/uploads\/2025\/12\/Ilowiecki_Piotr_Wawa_Brzeska-20_02_brama-4_detalsciany-2-696x1044.jpg 696w, http:\/\/lapidarium.fundacja-hereditas.pl\/wp-content\/uploads\/2025\/12\/Ilowiecki_Piotr_Wawa_Brzeska-20_02_brama-4_detalsciany-2-1068x1602.jpg 1068w, http:\/\/lapidarium.fundacja-hereditas.pl\/wp-content\/uploads\/2025\/12\/Ilowiecki_Piotr_Wawa_Brzeska-20_02_brama-4_detalsciany-2-1920x2880.jpg 1920w, http:\/\/lapidarium.fundacja-hereditas.pl\/wp-content\/uploads\/2025\/12\/Ilowiecki_Piotr_Wawa_Brzeska-20_02_brama-4_detalsciany-2-scaled.jpg 1707w\" sizes=\"auto, (max-width: 683px) 100vw, 683px\" \/><figcaption class=\"wp-element-caption\">Warszawa. Kamienica Brzeska 20. Prawdopodobnie z roku 1914 z elementami secesyjnymi. W bramie<\/figcaption><\/figure>\n\n\n\n<figure class=\"wp-block-image size-large\"><img loading=\"lazy\" decoding=\"async\" width=\"683\" height=\"1024\" data-id=\"36469\" src=\"https:\/\/lapidarium.fundacja-hereditas.pl\/wp-content\/uploads\/2025\/12\/Ilowiecki_Piotr_Wawa_Brzeska-20_02_brama-4_detalsciany-3-683x1024.jpg\" alt=\"\" class=\"wp-image-36469\" srcset=\"http:\/\/lapidarium.fundacja-hereditas.pl\/wp-content\/uploads\/2025\/12\/Ilowiecki_Piotr_Wawa_Brzeska-20_02_brama-4_detalsciany-3-683x1024.jpg 683w, http:\/\/lapidarium.fundacja-hereditas.pl\/wp-content\/uploads\/2025\/12\/Ilowiecki_Piotr_Wawa_Brzeska-20_02_brama-4_detalsciany-3-200x300.jpg 200w, http:\/\/lapidarium.fundacja-hereditas.pl\/wp-content\/uploads\/2025\/12\/Ilowiecki_Piotr_Wawa_Brzeska-20_02_brama-4_detalsciany-3-768x1152.jpg 768w, http:\/\/lapidarium.fundacja-hereditas.pl\/wp-content\/uploads\/2025\/12\/Ilowiecki_Piotr_Wawa_Brzeska-20_02_brama-4_detalsciany-3-1024x1536.jpg 1024w, http:\/\/lapidarium.fundacja-hereditas.pl\/wp-content\/uploads\/2025\/12\/Ilowiecki_Piotr_Wawa_Brzeska-20_02_brama-4_detalsciany-3-1365x2048.jpg 1365w, http:\/\/lapidarium.fundacja-hereditas.pl\/wp-content\/uploads\/2025\/12\/Ilowiecki_Piotr_Wawa_Brzeska-20_02_brama-4_detalsciany-3-150x225.jpg 150w, http:\/\/lapidarium.fundacja-hereditas.pl\/wp-content\/uploads\/2025\/12\/Ilowiecki_Piotr_Wawa_Brzeska-20_02_brama-4_detalsciany-3-300x450.jpg 300w, http:\/\/lapidarium.fundacja-hereditas.pl\/wp-content\/uploads\/2025\/12\/Ilowiecki_Piotr_Wawa_Brzeska-20_02_brama-4_detalsciany-3-696x1044.jpg 696w, http:\/\/lapidarium.fundacja-hereditas.pl\/wp-content\/uploads\/2025\/12\/Ilowiecki_Piotr_Wawa_Brzeska-20_02_brama-4_detalsciany-3-1068x1602.jpg 1068w, http:\/\/lapidarium.fundacja-hereditas.pl\/wp-content\/uploads\/2025\/12\/Ilowiecki_Piotr_Wawa_Brzeska-20_02_brama-4_detalsciany-3-1920x2880.jpg 1920w, http:\/\/lapidarium.fundacja-hereditas.pl\/wp-content\/uploads\/2025\/12\/Ilowiecki_Piotr_Wawa_Brzeska-20_02_brama-4_detalsciany-3-scaled.jpg 1707w\" sizes=\"auto, (max-width: 683px) 100vw, 683px\" \/><figcaption class=\"wp-element-caption\">Warszawa. Kamienica Brzeska 20. Prawdopodobnie z roku 1914 z elementami secesyjnymi. \u015aciana w bramie<\/figcaption><\/figure>\n\n\n\n<figure class=\"wp-block-image size-large\"><img loading=\"lazy\" decoding=\"async\" width=\"1024\" height=\"683\" data-id=\"36470\" src=\"https:\/\/lapidarium.fundacja-hereditas.pl\/wp-content\/uploads\/2025\/12\/Ilowiecki_Piotr_Wawa_Brzeska-20_02_brama-4_detalsciany-4-1024x683.jpg\" alt=\"\" class=\"wp-image-36470\" srcset=\"http:\/\/lapidarium.fundacja-hereditas.pl\/wp-content\/uploads\/2025\/12\/Ilowiecki_Piotr_Wawa_Brzeska-20_02_brama-4_detalsciany-4-1024x683.jpg 1024w, http:\/\/lapidarium.fundacja-hereditas.pl\/wp-content\/uploads\/2025\/12\/Ilowiecki_Piotr_Wawa_Brzeska-20_02_brama-4_detalsciany-4-300x200.jpg 300w, http:\/\/lapidarium.fundacja-hereditas.pl\/wp-content\/uploads\/2025\/12\/Ilowiecki_Piotr_Wawa_Brzeska-20_02_brama-4_detalsciany-4-768x512.jpg 768w, http:\/\/lapidarium.fundacja-hereditas.pl\/wp-content\/uploads\/2025\/12\/Ilowiecki_Piotr_Wawa_Brzeska-20_02_brama-4_detalsciany-4-1536x1024.jpg 1536w, http:\/\/lapidarium.fundacja-hereditas.pl\/wp-content\/uploads\/2025\/12\/Ilowiecki_Piotr_Wawa_Brzeska-20_02_brama-4_detalsciany-4-2048x1365.jpg 2048w, http:\/\/lapidarium.fundacja-hereditas.pl\/wp-content\/uploads\/2025\/12\/Ilowiecki_Piotr_Wawa_Brzeska-20_02_brama-4_detalsciany-4-150x100.jpg 150w, http:\/\/lapidarium.fundacja-hereditas.pl\/wp-content\/uploads\/2025\/12\/Ilowiecki_Piotr_Wawa_Brzeska-20_02_brama-4_detalsciany-4-696x464.jpg 696w, http:\/\/lapidarium.fundacja-hereditas.pl\/wp-content\/uploads\/2025\/12\/Ilowiecki_Piotr_Wawa_Brzeska-20_02_brama-4_detalsciany-4-1068x712.jpg 1068w, http:\/\/lapidarium.fundacja-hereditas.pl\/wp-content\/uploads\/2025\/12\/Ilowiecki_Piotr_Wawa_Brzeska-20_02_brama-4_detalsciany-4-1920x1280.jpg 1920w\" sizes=\"auto, (max-width: 1024px) 100vw, 1024px\" \/><figcaption class=\"wp-element-caption\">Warszawa. Kamienica Brzeska 20. Prawdopodobnie z roku 1914 z elementami secesyjnymi.<\/figcaption><\/figure>\n\n\n\n<figure class=\"wp-block-image size-large\"><img loading=\"lazy\" decoding=\"async\" width=\"683\" height=\"1024\" data-id=\"36471\" src=\"https:\/\/lapidarium.fundacja-hereditas.pl\/wp-content\/uploads\/2025\/12\/Ilowiecki_Piotr_Wawa_Brzeska-20_03_podworko-napolnoc-1_domyprzyzabkowskiej-1-683x1024.jpg\" alt=\"\" class=\"wp-image-36471\" srcset=\"http:\/\/lapidarium.fundacja-hereditas.pl\/wp-content\/uploads\/2025\/12\/Ilowiecki_Piotr_Wawa_Brzeska-20_03_podworko-napolnoc-1_domyprzyzabkowskiej-1-683x1024.jpg 683w, http:\/\/lapidarium.fundacja-hereditas.pl\/wp-content\/uploads\/2025\/12\/Ilowiecki_Piotr_Wawa_Brzeska-20_03_podworko-napolnoc-1_domyprzyzabkowskiej-1-200x300.jpg 200w, http:\/\/lapidarium.fundacja-hereditas.pl\/wp-content\/uploads\/2025\/12\/Ilowiecki_Piotr_Wawa_Brzeska-20_03_podworko-napolnoc-1_domyprzyzabkowskiej-1-768x1152.jpg 768w, http:\/\/lapidarium.fundacja-hereditas.pl\/wp-content\/uploads\/2025\/12\/Ilowiecki_Piotr_Wawa_Brzeska-20_03_podworko-napolnoc-1_domyprzyzabkowskiej-1-1024x1536.jpg 1024w, http:\/\/lapidarium.fundacja-hereditas.pl\/wp-content\/uploads\/2025\/12\/Ilowiecki_Piotr_Wawa_Brzeska-20_03_podworko-napolnoc-1_domyprzyzabkowskiej-1-1365x2048.jpg 1365w, http:\/\/lapidarium.fundacja-hereditas.pl\/wp-content\/uploads\/2025\/12\/Ilowiecki_Piotr_Wawa_Brzeska-20_03_podworko-napolnoc-1_domyprzyzabkowskiej-1-150x225.jpg 150w, http:\/\/lapidarium.fundacja-hereditas.pl\/wp-content\/uploads\/2025\/12\/Ilowiecki_Piotr_Wawa_Brzeska-20_03_podworko-napolnoc-1_domyprzyzabkowskiej-1-300x450.jpg 300w, http:\/\/lapidarium.fundacja-hereditas.pl\/wp-content\/uploads\/2025\/12\/Ilowiecki_Piotr_Wawa_Brzeska-20_03_podworko-napolnoc-1_domyprzyzabkowskiej-1-696x1044.jpg 696w, http:\/\/lapidarium.fundacja-hereditas.pl\/wp-content\/uploads\/2025\/12\/Ilowiecki_Piotr_Wawa_Brzeska-20_03_podworko-napolnoc-1_domyprzyzabkowskiej-1-1068x1602.jpg 1068w, http:\/\/lapidarium.fundacja-hereditas.pl\/wp-content\/uploads\/2025\/12\/Ilowiecki_Piotr_Wawa_Brzeska-20_03_podworko-napolnoc-1_domyprzyzabkowskiej-1-1920x2880.jpg 1920w, http:\/\/lapidarium.fundacja-hereditas.pl\/wp-content\/uploads\/2025\/12\/Ilowiecki_Piotr_Wawa_Brzeska-20_03_podworko-napolnoc-1_domyprzyzabkowskiej-1-scaled.jpg 1707w\" sizes=\"auto, (max-width: 683px) 100vw, 683px\" \/><figcaption class=\"wp-element-caption\">Warszawa. Kamienica Brzeska 20. Prawdopodobnie z roku 1914 z elementami secesyjnymi. Widok na domy &#8211; Z\u0105bkowska 18.<\/figcaption><\/figure>\n\n\n\n<figure class=\"wp-block-image size-large\"><img loading=\"lazy\" decoding=\"async\" width=\"1024\" height=\"683\" data-id=\"36472\" src=\"https:\/\/lapidarium.fundacja-hereditas.pl\/wp-content\/uploads\/2025\/12\/Ilowiecki_Piotr_Wawa_Brzeska-20_03_podworko-napoludnie-1-1024x683.jpg\" alt=\"\" class=\"wp-image-36472\" srcset=\"http:\/\/lapidarium.fundacja-hereditas.pl\/wp-content\/uploads\/2025\/12\/Ilowiecki_Piotr_Wawa_Brzeska-20_03_podworko-napoludnie-1-1024x683.jpg 1024w, http:\/\/lapidarium.fundacja-hereditas.pl\/wp-content\/uploads\/2025\/12\/Ilowiecki_Piotr_Wawa_Brzeska-20_03_podworko-napoludnie-1-300x200.jpg 300w, http:\/\/lapidarium.fundacja-hereditas.pl\/wp-content\/uploads\/2025\/12\/Ilowiecki_Piotr_Wawa_Brzeska-20_03_podworko-napoludnie-1-768x512.jpg 768w, http:\/\/lapidarium.fundacja-hereditas.pl\/wp-content\/uploads\/2025\/12\/Ilowiecki_Piotr_Wawa_Brzeska-20_03_podworko-napoludnie-1-1536x1024.jpg 1536w, http:\/\/lapidarium.fundacja-hereditas.pl\/wp-content\/uploads\/2025\/12\/Ilowiecki_Piotr_Wawa_Brzeska-20_03_podworko-napoludnie-1-2048x1365.jpg 2048w, http:\/\/lapidarium.fundacja-hereditas.pl\/wp-content\/uploads\/2025\/12\/Ilowiecki_Piotr_Wawa_Brzeska-20_03_podworko-napoludnie-1-150x100.jpg 150w, http:\/\/lapidarium.fundacja-hereditas.pl\/wp-content\/uploads\/2025\/12\/Ilowiecki_Piotr_Wawa_Brzeska-20_03_podworko-napoludnie-1-696x464.jpg 696w, http:\/\/lapidarium.fundacja-hereditas.pl\/wp-content\/uploads\/2025\/12\/Ilowiecki_Piotr_Wawa_Brzeska-20_03_podworko-napoludnie-1-1068x712.jpg 1068w, http:\/\/lapidarium.fundacja-hereditas.pl\/wp-content\/uploads\/2025\/12\/Ilowiecki_Piotr_Wawa_Brzeska-20_03_podworko-napoludnie-1-1920x1280.jpg 1920w\" sizes=\"auto, (max-width: 1024px) 100vw, 1024px\" \/><figcaption class=\"wp-element-caption\">Warszawa. Kamienica Brzeska 20. Prawdopodobnie z roku 1914 z elementami secesyjnymi. Podw\u00f3rko.<\/figcaption><\/figure>\n\n\n\n<figure class=\"wp-block-image size-large\"><img loading=\"lazy\" decoding=\"async\" width=\"683\" height=\"1024\" data-id=\"36473\" src=\"https:\/\/lapidarium.fundacja-hereditas.pl\/wp-content\/uploads\/2025\/12\/Ilowiecki_Piotr_Wawa_Brzeska-20_03_podworko-napoludnie-2-683x1024.jpg\" alt=\"\" class=\"wp-image-36473\" srcset=\"http:\/\/lapidarium.fundacja-hereditas.pl\/wp-content\/uploads\/2025\/12\/Ilowiecki_Piotr_Wawa_Brzeska-20_03_podworko-napoludnie-2-683x1024.jpg 683w, http:\/\/lapidarium.fundacja-hereditas.pl\/wp-content\/uploads\/2025\/12\/Ilowiecki_Piotr_Wawa_Brzeska-20_03_podworko-napoludnie-2-200x300.jpg 200w, http:\/\/lapidarium.fundacja-hereditas.pl\/wp-content\/uploads\/2025\/12\/Ilowiecki_Piotr_Wawa_Brzeska-20_03_podworko-napoludnie-2-768x1152.jpg 768w, http:\/\/lapidarium.fundacja-hereditas.pl\/wp-content\/uploads\/2025\/12\/Ilowiecki_Piotr_Wawa_Brzeska-20_03_podworko-napoludnie-2-1024x1536.jpg 1024w, http:\/\/lapidarium.fundacja-hereditas.pl\/wp-content\/uploads\/2025\/12\/Ilowiecki_Piotr_Wawa_Brzeska-20_03_podworko-napoludnie-2-1365x2048.jpg 1365w, http:\/\/lapidarium.fundacja-hereditas.pl\/wp-content\/uploads\/2025\/12\/Ilowiecki_Piotr_Wawa_Brzeska-20_03_podworko-napoludnie-2-150x225.jpg 150w, http:\/\/lapidarium.fundacja-hereditas.pl\/wp-content\/uploads\/2025\/12\/Ilowiecki_Piotr_Wawa_Brzeska-20_03_podworko-napoludnie-2-300x450.jpg 300w, http:\/\/lapidarium.fundacja-hereditas.pl\/wp-content\/uploads\/2025\/12\/Ilowiecki_Piotr_Wawa_Brzeska-20_03_podworko-napoludnie-2-696x1044.jpg 696w, http:\/\/lapidarium.fundacja-hereditas.pl\/wp-content\/uploads\/2025\/12\/Ilowiecki_Piotr_Wawa_Brzeska-20_03_podworko-napoludnie-2-1068x1602.jpg 1068w, http:\/\/lapidarium.fundacja-hereditas.pl\/wp-content\/uploads\/2025\/12\/Ilowiecki_Piotr_Wawa_Brzeska-20_03_podworko-napoludnie-2-1920x2880.jpg 1920w, http:\/\/lapidarium.fundacja-hereditas.pl\/wp-content\/uploads\/2025\/12\/Ilowiecki_Piotr_Wawa_Brzeska-20_03_podworko-napoludnie-2-scaled.jpg 1707w\" sizes=\"auto, (max-width: 683px) 100vw, 683px\" \/><figcaption class=\"wp-element-caption\">Warszawa. Kamienica Brzeska 20. Prawdopodobnie z roku 1914 z elementami secesyjnymi. Podw\u00f3rko.<\/figcaption><\/figure>\n\n\n\n<figure class=\"wp-block-image size-large\"><img loading=\"lazy\" decoding=\"async\" width=\"683\" height=\"1024\" data-id=\"36474\" src=\"https:\/\/lapidarium.fundacja-hereditas.pl\/wp-content\/uploads\/2025\/12\/Ilowiecki_Piotr_Wawa_Brzeska-20_04_klatkapolnocna-01_parter-01_widoknaspocznik-1-683x1024.jpg\" alt=\"\" class=\"wp-image-36474\" srcset=\"http:\/\/lapidarium.fundacja-hereditas.pl\/wp-content\/uploads\/2025\/12\/Ilowiecki_Piotr_Wawa_Brzeska-20_04_klatkapolnocna-01_parter-01_widoknaspocznik-1-683x1024.jpg 683w, http:\/\/lapidarium.fundacja-hereditas.pl\/wp-content\/uploads\/2025\/12\/Ilowiecki_Piotr_Wawa_Brzeska-20_04_klatkapolnocna-01_parter-01_widoknaspocznik-1-200x300.jpg 200w, http:\/\/lapidarium.fundacja-hereditas.pl\/wp-content\/uploads\/2025\/12\/Ilowiecki_Piotr_Wawa_Brzeska-20_04_klatkapolnocna-01_parter-01_widoknaspocznik-1-768x1152.jpg 768w, http:\/\/lapidarium.fundacja-hereditas.pl\/wp-content\/uploads\/2025\/12\/Ilowiecki_Piotr_Wawa_Brzeska-20_04_klatkapolnocna-01_parter-01_widoknaspocznik-1-1024x1536.jpg 1024w, http:\/\/lapidarium.fundacja-hereditas.pl\/wp-content\/uploads\/2025\/12\/Ilowiecki_Piotr_Wawa_Brzeska-20_04_klatkapolnocna-01_parter-01_widoknaspocznik-1-1365x2048.jpg 1365w, http:\/\/lapidarium.fundacja-hereditas.pl\/wp-content\/uploads\/2025\/12\/Ilowiecki_Piotr_Wawa_Brzeska-20_04_klatkapolnocna-01_parter-01_widoknaspocznik-1-150x225.jpg 150w, http:\/\/lapidarium.fundacja-hereditas.pl\/wp-content\/uploads\/2025\/12\/Ilowiecki_Piotr_Wawa_Brzeska-20_04_klatkapolnocna-01_parter-01_widoknaspocznik-1-300x450.jpg 300w, http:\/\/lapidarium.fundacja-hereditas.pl\/wp-content\/uploads\/2025\/12\/Ilowiecki_Piotr_Wawa_Brzeska-20_04_klatkapolnocna-01_parter-01_widoknaspocznik-1-696x1044.jpg 696w, http:\/\/lapidarium.fundacja-hereditas.pl\/wp-content\/uploads\/2025\/12\/Ilowiecki_Piotr_Wawa_Brzeska-20_04_klatkapolnocna-01_parter-01_widoknaspocznik-1-1068x1602.jpg 1068w, http:\/\/lapidarium.fundacja-hereditas.pl\/wp-content\/uploads\/2025\/12\/Ilowiecki_Piotr_Wawa_Brzeska-20_04_klatkapolnocna-01_parter-01_widoknaspocznik-1-1920x2880.jpg 1920w, http:\/\/lapidarium.fundacja-hereditas.pl\/wp-content\/uploads\/2025\/12\/Ilowiecki_Piotr_Wawa_Brzeska-20_04_klatkapolnocna-01_parter-01_widoknaspocznik-1-scaled.jpg 1707w\" sizes=\"auto, (max-width: 683px) 100vw, 683px\" \/><figcaption class=\"wp-element-caption\">Warszawa. Kamienica Brzeska 20. Prawdopodobnie z roku 1914 z elementami secesyjnymi. Klatka p\u00f3\u0142nocna na lewo od bramy. Widok z parteru na spocznik.<\/figcaption><\/figure>\n\n\n\n<figure class=\"wp-block-image size-large\"><img loading=\"lazy\" decoding=\"async\" width=\"683\" height=\"1024\" data-id=\"36475\" src=\"https:\/\/lapidarium.fundacja-hereditas.pl\/wp-content\/uploads\/2025\/12\/Ilowiecki_Piotr_Wawa_Brzeska-20_04_klatkapolnocna-02_pietropierwsze-1-683x1024.jpg\" alt=\"\" class=\"wp-image-36475\" srcset=\"http:\/\/lapidarium.fundacja-hereditas.pl\/wp-content\/uploads\/2025\/12\/Ilowiecki_Piotr_Wawa_Brzeska-20_04_klatkapolnocna-02_pietropierwsze-1-683x1024.jpg 683w, http:\/\/lapidarium.fundacja-hereditas.pl\/wp-content\/uploads\/2025\/12\/Ilowiecki_Piotr_Wawa_Brzeska-20_04_klatkapolnocna-02_pietropierwsze-1-200x300.jpg 200w, http:\/\/lapidarium.fundacja-hereditas.pl\/wp-content\/uploads\/2025\/12\/Ilowiecki_Piotr_Wawa_Brzeska-20_04_klatkapolnocna-02_pietropierwsze-1-768x1152.jpg 768w, http:\/\/lapidarium.fundacja-hereditas.pl\/wp-content\/uploads\/2025\/12\/Ilowiecki_Piotr_Wawa_Brzeska-20_04_klatkapolnocna-02_pietropierwsze-1-1024x1536.jpg 1024w, http:\/\/lapidarium.fundacja-hereditas.pl\/wp-content\/uploads\/2025\/12\/Ilowiecki_Piotr_Wawa_Brzeska-20_04_klatkapolnocna-02_pietropierwsze-1-1365x2048.jpg 1365w, http:\/\/lapidarium.fundacja-hereditas.pl\/wp-content\/uploads\/2025\/12\/Ilowiecki_Piotr_Wawa_Brzeska-20_04_klatkapolnocna-02_pietropierwsze-1-150x225.jpg 150w, http:\/\/lapidarium.fundacja-hereditas.pl\/wp-content\/uploads\/2025\/12\/Ilowiecki_Piotr_Wawa_Brzeska-20_04_klatkapolnocna-02_pietropierwsze-1-300x450.jpg 300w, http:\/\/lapidarium.fundacja-hereditas.pl\/wp-content\/uploads\/2025\/12\/Ilowiecki_Piotr_Wawa_Brzeska-20_04_klatkapolnocna-02_pietropierwsze-1-696x1044.jpg 696w, http:\/\/lapidarium.fundacja-hereditas.pl\/wp-content\/uploads\/2025\/12\/Ilowiecki_Piotr_Wawa_Brzeska-20_04_klatkapolnocna-02_pietropierwsze-1-1068x1602.jpg 1068w, http:\/\/lapidarium.fundacja-hereditas.pl\/wp-content\/uploads\/2025\/12\/Ilowiecki_Piotr_Wawa_Brzeska-20_04_klatkapolnocna-02_pietropierwsze-1-1920x2880.jpg 1920w, http:\/\/lapidarium.fundacja-hereditas.pl\/wp-content\/uploads\/2025\/12\/Ilowiecki_Piotr_Wawa_Brzeska-20_04_klatkapolnocna-02_pietropierwsze-1-scaled.jpg 1707w\" sizes=\"auto, (max-width: 683px) 100vw, 683px\" \/><figcaption class=\"wp-element-caption\">Warszawa. Kamienica Brzeska 20. Prawdopodobnie z roku 1914 z elementami secesyjnymi. Klatka p\u00f3\u0142nocna na lewo od bramy. Pi\u0119tro 1.<\/figcaption><\/figure>\n\n\n\n<figure class=\"wp-block-image size-large\"><img loading=\"lazy\" decoding=\"async\" width=\"683\" height=\"1024\" data-id=\"36476\" src=\"https:\/\/lapidarium.fundacja-hereditas.pl\/wp-content\/uploads\/2025\/12\/Ilowiecki_Piotr_Wawa_Brzeska-20_04_klatkapolnocna-03_spoczniknadpietrem1-01-683x1024.jpg\" alt=\"\" class=\"wp-image-36476\" srcset=\"http:\/\/lapidarium.fundacja-hereditas.pl\/wp-content\/uploads\/2025\/12\/Ilowiecki_Piotr_Wawa_Brzeska-20_04_klatkapolnocna-03_spoczniknadpietrem1-01-683x1024.jpg 683w, http:\/\/lapidarium.fundacja-hereditas.pl\/wp-content\/uploads\/2025\/12\/Ilowiecki_Piotr_Wawa_Brzeska-20_04_klatkapolnocna-03_spoczniknadpietrem1-01-200x300.jpg 200w, http:\/\/lapidarium.fundacja-hereditas.pl\/wp-content\/uploads\/2025\/12\/Ilowiecki_Piotr_Wawa_Brzeska-20_04_klatkapolnocna-03_spoczniknadpietrem1-01-768x1152.jpg 768w, http:\/\/lapidarium.fundacja-hereditas.pl\/wp-content\/uploads\/2025\/12\/Ilowiecki_Piotr_Wawa_Brzeska-20_04_klatkapolnocna-03_spoczniknadpietrem1-01-1024x1536.jpg 1024w, http:\/\/lapidarium.fundacja-hereditas.pl\/wp-content\/uploads\/2025\/12\/Ilowiecki_Piotr_Wawa_Brzeska-20_04_klatkapolnocna-03_spoczniknadpietrem1-01-1365x2048.jpg 1365w, http:\/\/lapidarium.fundacja-hereditas.pl\/wp-content\/uploads\/2025\/12\/Ilowiecki_Piotr_Wawa_Brzeska-20_04_klatkapolnocna-03_spoczniknadpietrem1-01-150x225.jpg 150w, http:\/\/lapidarium.fundacja-hereditas.pl\/wp-content\/uploads\/2025\/12\/Ilowiecki_Piotr_Wawa_Brzeska-20_04_klatkapolnocna-03_spoczniknadpietrem1-01-300x450.jpg 300w, http:\/\/lapidarium.fundacja-hereditas.pl\/wp-content\/uploads\/2025\/12\/Ilowiecki_Piotr_Wawa_Brzeska-20_04_klatkapolnocna-03_spoczniknadpietrem1-01-696x1044.jpg 696w, http:\/\/lapidarium.fundacja-hereditas.pl\/wp-content\/uploads\/2025\/12\/Ilowiecki_Piotr_Wawa_Brzeska-20_04_klatkapolnocna-03_spoczniknadpietrem1-01-1068x1602.jpg 1068w, http:\/\/lapidarium.fundacja-hereditas.pl\/wp-content\/uploads\/2025\/12\/Ilowiecki_Piotr_Wawa_Brzeska-20_04_klatkapolnocna-03_spoczniknadpietrem1-01-1920x2880.jpg 1920w, http:\/\/lapidarium.fundacja-hereditas.pl\/wp-content\/uploads\/2025\/12\/Ilowiecki_Piotr_Wawa_Brzeska-20_04_klatkapolnocna-03_spoczniknadpietrem1-01-scaled.jpg 1707w\" sizes=\"auto, (max-width: 683px) 100vw, 683px\" \/><figcaption class=\"wp-element-caption\">Warszawa. Kamienica Brzeska 20. Prawdopodobnie z roku 1914 z elementami secesyjnymi. Klatka p\u00f3\u0142nocna na lewo od bramy. Spocznik pom 1 i 2 pietrem.<\/figcaption><\/figure>\n\n\n\n<figure class=\"wp-block-image size-large\"><img loading=\"lazy\" decoding=\"async\" width=\"683\" height=\"1024\" data-id=\"36477\" src=\"https:\/\/lapidarium.fundacja-hereditas.pl\/wp-content\/uploads\/2025\/12\/Ilowiecki_Piotr_Wawa_Brzeska-20_04_klatkapolnocna-04_biegnapietro2-01-683x1024.jpg\" alt=\"\" class=\"wp-image-36477\" srcset=\"http:\/\/lapidarium.fundacja-hereditas.pl\/wp-content\/uploads\/2025\/12\/Ilowiecki_Piotr_Wawa_Brzeska-20_04_klatkapolnocna-04_biegnapietro2-01-683x1024.jpg 683w, http:\/\/lapidarium.fundacja-hereditas.pl\/wp-content\/uploads\/2025\/12\/Ilowiecki_Piotr_Wawa_Brzeska-20_04_klatkapolnocna-04_biegnapietro2-01-200x300.jpg 200w, http:\/\/lapidarium.fundacja-hereditas.pl\/wp-content\/uploads\/2025\/12\/Ilowiecki_Piotr_Wawa_Brzeska-20_04_klatkapolnocna-04_biegnapietro2-01-768x1152.jpg 768w, http:\/\/lapidarium.fundacja-hereditas.pl\/wp-content\/uploads\/2025\/12\/Ilowiecki_Piotr_Wawa_Brzeska-20_04_klatkapolnocna-04_biegnapietro2-01-1024x1536.jpg 1024w, http:\/\/lapidarium.fundacja-hereditas.pl\/wp-content\/uploads\/2025\/12\/Ilowiecki_Piotr_Wawa_Brzeska-20_04_klatkapolnocna-04_biegnapietro2-01-1365x2048.jpg 1365w, http:\/\/lapidarium.fundacja-hereditas.pl\/wp-content\/uploads\/2025\/12\/Ilowiecki_Piotr_Wawa_Brzeska-20_04_klatkapolnocna-04_biegnapietro2-01-150x225.jpg 150w, http:\/\/lapidarium.fundacja-hereditas.pl\/wp-content\/uploads\/2025\/12\/Ilowiecki_Piotr_Wawa_Brzeska-20_04_klatkapolnocna-04_biegnapietro2-01-300x450.jpg 300w, http:\/\/lapidarium.fundacja-hereditas.pl\/wp-content\/uploads\/2025\/12\/Ilowiecki_Piotr_Wawa_Brzeska-20_04_klatkapolnocna-04_biegnapietro2-01-696x1044.jpg 696w, http:\/\/lapidarium.fundacja-hereditas.pl\/wp-content\/uploads\/2025\/12\/Ilowiecki_Piotr_Wawa_Brzeska-20_04_klatkapolnocna-04_biegnapietro2-01-1068x1602.jpg 1068w, http:\/\/lapidarium.fundacja-hereditas.pl\/wp-content\/uploads\/2025\/12\/Ilowiecki_Piotr_Wawa_Brzeska-20_04_klatkapolnocna-04_biegnapietro2-01-1920x2880.jpg 1920w, http:\/\/lapidarium.fundacja-hereditas.pl\/wp-content\/uploads\/2025\/12\/Ilowiecki_Piotr_Wawa_Brzeska-20_04_klatkapolnocna-04_biegnapietro2-01-scaled.jpg 1707w\" sizes=\"auto, (max-width: 683px) 100vw, 683px\" \/><figcaption class=\"wp-element-caption\">Warszawa. Kamienica Brzeska 20. Prawdopodobnie z roku 1914 z elementami secesyjnymi. Klatka p\u00f3\u0142nocna na lewo od bramy. Bieg na 2 pietro.<\/figcaption><\/figure>\n\n\n\n<figure class=\"wp-block-image size-large\"><img loading=\"lazy\" decoding=\"async\" width=\"683\" height=\"1024\" data-id=\"36478\" src=\"https:\/\/lapidarium.fundacja-hereditas.pl\/wp-content\/uploads\/2025\/12\/Ilowiecki_Piotr_Wawa_Brzeska-20_04_klatkapolnocna-05_biegnapietro3-01-683x1024.jpg\" alt=\"\" class=\"wp-image-36478\" srcset=\"http:\/\/lapidarium.fundacja-hereditas.pl\/wp-content\/uploads\/2025\/12\/Ilowiecki_Piotr_Wawa_Brzeska-20_04_klatkapolnocna-05_biegnapietro3-01-683x1024.jpg 683w, http:\/\/lapidarium.fundacja-hereditas.pl\/wp-content\/uploads\/2025\/12\/Ilowiecki_Piotr_Wawa_Brzeska-20_04_klatkapolnocna-05_biegnapietro3-01-200x300.jpg 200w, http:\/\/lapidarium.fundacja-hereditas.pl\/wp-content\/uploads\/2025\/12\/Ilowiecki_Piotr_Wawa_Brzeska-20_04_klatkapolnocna-05_biegnapietro3-01-768x1152.jpg 768w, http:\/\/lapidarium.fundacja-hereditas.pl\/wp-content\/uploads\/2025\/12\/Ilowiecki_Piotr_Wawa_Brzeska-20_04_klatkapolnocna-05_biegnapietro3-01-1024x1536.jpg 1024w, http:\/\/lapidarium.fundacja-hereditas.pl\/wp-content\/uploads\/2025\/12\/Ilowiecki_Piotr_Wawa_Brzeska-20_04_klatkapolnocna-05_biegnapietro3-01-1365x2048.jpg 1365w, http:\/\/lapidarium.fundacja-hereditas.pl\/wp-content\/uploads\/2025\/12\/Ilowiecki_Piotr_Wawa_Brzeska-20_04_klatkapolnocna-05_biegnapietro3-01-150x225.jpg 150w, http:\/\/lapidarium.fundacja-hereditas.pl\/wp-content\/uploads\/2025\/12\/Ilowiecki_Piotr_Wawa_Brzeska-20_04_klatkapolnocna-05_biegnapietro3-01-300x450.jpg 300w, http:\/\/lapidarium.fundacja-hereditas.pl\/wp-content\/uploads\/2025\/12\/Ilowiecki_Piotr_Wawa_Brzeska-20_04_klatkapolnocna-05_biegnapietro3-01-696x1044.jpg 696w, http:\/\/lapidarium.fundacja-hereditas.pl\/wp-content\/uploads\/2025\/12\/Ilowiecki_Piotr_Wawa_Brzeska-20_04_klatkapolnocna-05_biegnapietro3-01-1068x1602.jpg 1068w, http:\/\/lapidarium.fundacja-hereditas.pl\/wp-content\/uploads\/2025\/12\/Ilowiecki_Piotr_Wawa_Brzeska-20_04_klatkapolnocna-05_biegnapietro3-01-1920x2880.jpg 1920w, http:\/\/lapidarium.fundacja-hereditas.pl\/wp-content\/uploads\/2025\/12\/Ilowiecki_Piotr_Wawa_Brzeska-20_04_klatkapolnocna-05_biegnapietro3-01-scaled.jpg 1707w\" sizes=\"auto, (max-width: 683px) 100vw, 683px\" \/><figcaption class=\"wp-element-caption\">Warszawa. Kamienica Brzeska 20. Prawdopodobnie z roku 1914 z elementami secesyjnymi. Klatka p\u00f3\u0142nocna na lewo od bramy. Bieg na 3 pi\u0119tro<\/figcaption><\/figure>\n\n\n\n<figure class=\"wp-block-image size-large\"><img loading=\"lazy\" decoding=\"async\" width=\"683\" height=\"1024\" data-id=\"36479\" src=\"https:\/\/lapidarium.fundacja-hereditas.pl\/wp-content\/uploads\/2025\/12\/Ilowiecki_Piotr_Wawa_Brzeska-20_04_klatkapolnocna-05_biegnapietro3-02-683x1024.jpg\" alt=\"\" class=\"wp-image-36479\" srcset=\"http:\/\/lapidarium.fundacja-hereditas.pl\/wp-content\/uploads\/2025\/12\/Ilowiecki_Piotr_Wawa_Brzeska-20_04_klatkapolnocna-05_biegnapietro3-02-683x1024.jpg 683w, http:\/\/lapidarium.fundacja-hereditas.pl\/wp-content\/uploads\/2025\/12\/Ilowiecki_Piotr_Wawa_Brzeska-20_04_klatkapolnocna-05_biegnapietro3-02-200x300.jpg 200w, http:\/\/lapidarium.fundacja-hereditas.pl\/wp-content\/uploads\/2025\/12\/Ilowiecki_Piotr_Wawa_Brzeska-20_04_klatkapolnocna-05_biegnapietro3-02-768x1152.jpg 768w, http:\/\/lapidarium.fundacja-hereditas.pl\/wp-content\/uploads\/2025\/12\/Ilowiecki_Piotr_Wawa_Brzeska-20_04_klatkapolnocna-05_biegnapietro3-02-1024x1536.jpg 1024w, http:\/\/lapidarium.fundacja-hereditas.pl\/wp-content\/uploads\/2025\/12\/Ilowiecki_Piotr_Wawa_Brzeska-20_04_klatkapolnocna-05_biegnapietro3-02-1365x2048.jpg 1365w, http:\/\/lapidarium.fundacja-hereditas.pl\/wp-content\/uploads\/2025\/12\/Ilowiecki_Piotr_Wawa_Brzeska-20_04_klatkapolnocna-05_biegnapietro3-02-150x225.jpg 150w, http:\/\/lapidarium.fundacja-hereditas.pl\/wp-content\/uploads\/2025\/12\/Ilowiecki_Piotr_Wawa_Brzeska-20_04_klatkapolnocna-05_biegnapietro3-02-300x450.jpg 300w, http:\/\/lapidarium.fundacja-hereditas.pl\/wp-content\/uploads\/2025\/12\/Ilowiecki_Piotr_Wawa_Brzeska-20_04_klatkapolnocna-05_biegnapietro3-02-696x1044.jpg 696w, http:\/\/lapidarium.fundacja-hereditas.pl\/wp-content\/uploads\/2025\/12\/Ilowiecki_Piotr_Wawa_Brzeska-20_04_klatkapolnocna-05_biegnapietro3-02-1068x1602.jpg 1068w, http:\/\/lapidarium.fundacja-hereditas.pl\/wp-content\/uploads\/2025\/12\/Ilowiecki_Piotr_Wawa_Brzeska-20_04_klatkapolnocna-05_biegnapietro3-02-1920x2880.jpg 1920w, http:\/\/lapidarium.fundacja-hereditas.pl\/wp-content\/uploads\/2025\/12\/Ilowiecki_Piotr_Wawa_Brzeska-20_04_klatkapolnocna-05_biegnapietro3-02-scaled.jpg 1707w\" sizes=\"auto, (max-width: 683px) 100vw, 683px\" \/><figcaption class=\"wp-element-caption\">Warszawa. Kamienica Brzeska 20. Prawdopodobnie z roku 1914 z elementami secesyjnymi. Klatka p\u00f3\u0142nocna na lewo od bramy. Bieg na 3 pi\u0119tro.<\/figcaption><\/figure>\n\n\n\n<figure class=\"wp-block-image size-large\"><img loading=\"lazy\" decoding=\"async\" width=\"683\" height=\"1024\" data-id=\"36480\" src=\"https:\/\/lapidarium.fundacja-hereditas.pl\/wp-content\/uploads\/2025\/12\/Ilowiecki_Piotr_Wawa_Brzeska-20_04_klatkapolnocna-06_pietro3-01-683x1024.jpg\" alt=\"\" class=\"wp-image-36480\" srcset=\"http:\/\/lapidarium.fundacja-hereditas.pl\/wp-content\/uploads\/2025\/12\/Ilowiecki_Piotr_Wawa_Brzeska-20_04_klatkapolnocna-06_pietro3-01-683x1024.jpg 683w, http:\/\/lapidarium.fundacja-hereditas.pl\/wp-content\/uploads\/2025\/12\/Ilowiecki_Piotr_Wawa_Brzeska-20_04_klatkapolnocna-06_pietro3-01-200x300.jpg 200w, http:\/\/lapidarium.fundacja-hereditas.pl\/wp-content\/uploads\/2025\/12\/Ilowiecki_Piotr_Wawa_Brzeska-20_04_klatkapolnocna-06_pietro3-01-768x1152.jpg 768w, http:\/\/lapidarium.fundacja-hereditas.pl\/wp-content\/uploads\/2025\/12\/Ilowiecki_Piotr_Wawa_Brzeska-20_04_klatkapolnocna-06_pietro3-01-1024x1536.jpg 1024w, http:\/\/lapidarium.fundacja-hereditas.pl\/wp-content\/uploads\/2025\/12\/Ilowiecki_Piotr_Wawa_Brzeska-20_04_klatkapolnocna-06_pietro3-01-1365x2048.jpg 1365w, http:\/\/lapidarium.fundacja-hereditas.pl\/wp-content\/uploads\/2025\/12\/Ilowiecki_Piotr_Wawa_Brzeska-20_04_klatkapolnocna-06_pietro3-01-150x225.jpg 150w, http:\/\/lapidarium.fundacja-hereditas.pl\/wp-content\/uploads\/2025\/12\/Ilowiecki_Piotr_Wawa_Brzeska-20_04_klatkapolnocna-06_pietro3-01-300x450.jpg 300w, http:\/\/lapidarium.fundacja-hereditas.pl\/wp-content\/uploads\/2025\/12\/Ilowiecki_Piotr_Wawa_Brzeska-20_04_klatkapolnocna-06_pietro3-01-696x1044.jpg 696w, http:\/\/lapidarium.fundacja-hereditas.pl\/wp-content\/uploads\/2025\/12\/Ilowiecki_Piotr_Wawa_Brzeska-20_04_klatkapolnocna-06_pietro3-01-1068x1602.jpg 1068w, http:\/\/lapidarium.fundacja-hereditas.pl\/wp-content\/uploads\/2025\/12\/Ilowiecki_Piotr_Wawa_Brzeska-20_04_klatkapolnocna-06_pietro3-01-1920x2880.jpg 1920w, http:\/\/lapidarium.fundacja-hereditas.pl\/wp-content\/uploads\/2025\/12\/Ilowiecki_Piotr_Wawa_Brzeska-20_04_klatkapolnocna-06_pietro3-01-scaled.jpg 1707w\" sizes=\"auto, (max-width: 683px) 100vw, 683px\" \/><figcaption class=\"wp-element-caption\">Warszawa. Kamienica Brzeska 20. Prawdopodobnie z roku 1914 z elementami secesyjnymi. Klatka p\u00f3\u0142nocna na lewo od bramy. Drzwi na 3 pietrze<\/figcaption><\/figure>\n\n\n\n<figure class=\"wp-block-image size-large\"><img loading=\"lazy\" decoding=\"async\" width=\"1024\" height=\"683\" data-id=\"36481\" src=\"https:\/\/lapidarium.fundacja-hereditas.pl\/wp-content\/uploads\/2025\/12\/Ilowiecki_Piotr_Wawa_Brzeska-20_04_klatkapolnocna-06_pietro3-02-1024x683.jpg\" alt=\"\" class=\"wp-image-36481\" srcset=\"http:\/\/lapidarium.fundacja-hereditas.pl\/wp-content\/uploads\/2025\/12\/Ilowiecki_Piotr_Wawa_Brzeska-20_04_klatkapolnocna-06_pietro3-02-1024x683.jpg 1024w, http:\/\/lapidarium.fundacja-hereditas.pl\/wp-content\/uploads\/2025\/12\/Ilowiecki_Piotr_Wawa_Brzeska-20_04_klatkapolnocna-06_pietro3-02-300x200.jpg 300w, http:\/\/lapidarium.fundacja-hereditas.pl\/wp-content\/uploads\/2025\/12\/Ilowiecki_Piotr_Wawa_Brzeska-20_04_klatkapolnocna-06_pietro3-02-768x512.jpg 768w, http:\/\/lapidarium.fundacja-hereditas.pl\/wp-content\/uploads\/2025\/12\/Ilowiecki_Piotr_Wawa_Brzeska-20_04_klatkapolnocna-06_pietro3-02-1536x1024.jpg 1536w, http:\/\/lapidarium.fundacja-hereditas.pl\/wp-content\/uploads\/2025\/12\/Ilowiecki_Piotr_Wawa_Brzeska-20_04_klatkapolnocna-06_pietro3-02-2048x1365.jpg 2048w, http:\/\/lapidarium.fundacja-hereditas.pl\/wp-content\/uploads\/2025\/12\/Ilowiecki_Piotr_Wawa_Brzeska-20_04_klatkapolnocna-06_pietro3-02-150x100.jpg 150w, http:\/\/lapidarium.fundacja-hereditas.pl\/wp-content\/uploads\/2025\/12\/Ilowiecki_Piotr_Wawa_Brzeska-20_04_klatkapolnocna-06_pietro3-02-696x464.jpg 696w, http:\/\/lapidarium.fundacja-hereditas.pl\/wp-content\/uploads\/2025\/12\/Ilowiecki_Piotr_Wawa_Brzeska-20_04_klatkapolnocna-06_pietro3-02-1068x712.jpg 1068w, http:\/\/lapidarium.fundacja-hereditas.pl\/wp-content\/uploads\/2025\/12\/Ilowiecki_Piotr_Wawa_Brzeska-20_04_klatkapolnocna-06_pietro3-02-1920x1280.jpg 1920w\" sizes=\"auto, (max-width: 1024px) 100vw, 1024px\" \/><figcaption class=\"wp-element-caption\">Warszawa. Kamienica Brzeska 20. Prawdopodobnie z roku 1914 z elementami secesyjnymi. Klatka p\u00f3\u0142nocna na lewo od bramy. Pietro 3.<\/figcaption><\/figure>\n\n\n\n<figure class=\"wp-block-image size-large\"><img loading=\"lazy\" decoding=\"async\" width=\"683\" height=\"1024\" data-id=\"36482\" src=\"https:\/\/lapidarium.fundacja-hereditas.pl\/wp-content\/uploads\/2025\/12\/Ilowiecki_Piotr_Wawa_Brzeska-20_04_klatkapolnocna-07_pietro4-01-683x1024.jpg\" alt=\"\" class=\"wp-image-36482\" srcset=\"http:\/\/lapidarium.fundacja-hereditas.pl\/wp-content\/uploads\/2025\/12\/Ilowiecki_Piotr_Wawa_Brzeska-20_04_klatkapolnocna-07_pietro4-01-683x1024.jpg 683w, http:\/\/lapidarium.fundacja-hereditas.pl\/wp-content\/uploads\/2025\/12\/Ilowiecki_Piotr_Wawa_Brzeska-20_04_klatkapolnocna-07_pietro4-01-200x300.jpg 200w, http:\/\/lapidarium.fundacja-hereditas.pl\/wp-content\/uploads\/2025\/12\/Ilowiecki_Piotr_Wawa_Brzeska-20_04_klatkapolnocna-07_pietro4-01-768x1152.jpg 768w, http:\/\/lapidarium.fundacja-hereditas.pl\/wp-content\/uploads\/2025\/12\/Ilowiecki_Piotr_Wawa_Brzeska-20_04_klatkapolnocna-07_pietro4-01-1024x1536.jpg 1024w, http:\/\/lapidarium.fundacja-hereditas.pl\/wp-content\/uploads\/2025\/12\/Ilowiecki_Piotr_Wawa_Brzeska-20_04_klatkapolnocna-07_pietro4-01-1365x2048.jpg 1365w, http:\/\/lapidarium.fundacja-hereditas.pl\/wp-content\/uploads\/2025\/12\/Ilowiecki_Piotr_Wawa_Brzeska-20_04_klatkapolnocna-07_pietro4-01-150x225.jpg 150w, http:\/\/lapidarium.fundacja-hereditas.pl\/wp-content\/uploads\/2025\/12\/Ilowiecki_Piotr_Wawa_Brzeska-20_04_klatkapolnocna-07_pietro4-01-300x450.jpg 300w, http:\/\/lapidarium.fundacja-hereditas.pl\/wp-content\/uploads\/2025\/12\/Ilowiecki_Piotr_Wawa_Brzeska-20_04_klatkapolnocna-07_pietro4-01-696x1044.jpg 696w, http:\/\/lapidarium.fundacja-hereditas.pl\/wp-content\/uploads\/2025\/12\/Ilowiecki_Piotr_Wawa_Brzeska-20_04_klatkapolnocna-07_pietro4-01-1068x1602.jpg 1068w, http:\/\/lapidarium.fundacja-hereditas.pl\/wp-content\/uploads\/2025\/12\/Ilowiecki_Piotr_Wawa_Brzeska-20_04_klatkapolnocna-07_pietro4-01-1920x2880.jpg 1920w, http:\/\/lapidarium.fundacja-hereditas.pl\/wp-content\/uploads\/2025\/12\/Ilowiecki_Piotr_Wawa_Brzeska-20_04_klatkapolnocna-07_pietro4-01-scaled.jpg 1707w\" sizes=\"auto, (max-width: 683px) 100vw, 683px\" \/><figcaption class=\"wp-element-caption\">Warszawa. Kamienica Brzeska 20. Prawdopodobnie z roku 1914 z elementami secesyjnymi. Klatka p\u00f3\u0142nocna na lewo od bramy. 4 pi\u0119tro<\/figcaption><\/figure>\n\n\n\n<figure class=\"wp-block-image size-large\"><img loading=\"lazy\" decoding=\"async\" width=\"683\" height=\"1024\" data-id=\"36483\" src=\"https:\/\/lapidarium.fundacja-hereditas.pl\/wp-content\/uploads\/2025\/12\/Ilowiecki_Piotr_Wawa_Brzeska-20_04_klatkapolnocna-08_spoczniknad3pietrem-1_widokwgore-1-683x1024.jpg\" alt=\"\" class=\"wp-image-36483\" srcset=\"http:\/\/lapidarium.fundacja-hereditas.pl\/wp-content\/uploads\/2025\/12\/Ilowiecki_Piotr_Wawa_Brzeska-20_04_klatkapolnocna-08_spoczniknad3pietrem-1_widokwgore-1-683x1024.jpg 683w, http:\/\/lapidarium.fundacja-hereditas.pl\/wp-content\/uploads\/2025\/12\/Ilowiecki_Piotr_Wawa_Brzeska-20_04_klatkapolnocna-08_spoczniknad3pietrem-1_widokwgore-1-200x300.jpg 200w, http:\/\/lapidarium.fundacja-hereditas.pl\/wp-content\/uploads\/2025\/12\/Ilowiecki_Piotr_Wawa_Brzeska-20_04_klatkapolnocna-08_spoczniknad3pietrem-1_widokwgore-1-768x1152.jpg 768w, http:\/\/lapidarium.fundacja-hereditas.pl\/wp-content\/uploads\/2025\/12\/Ilowiecki_Piotr_Wawa_Brzeska-20_04_klatkapolnocna-08_spoczniknad3pietrem-1_widokwgore-1-1024x1536.jpg 1024w, http:\/\/lapidarium.fundacja-hereditas.pl\/wp-content\/uploads\/2025\/12\/Ilowiecki_Piotr_Wawa_Brzeska-20_04_klatkapolnocna-08_spoczniknad3pietrem-1_widokwgore-1-1365x2048.jpg 1365w, http:\/\/lapidarium.fundacja-hereditas.pl\/wp-content\/uploads\/2025\/12\/Ilowiecki_Piotr_Wawa_Brzeska-20_04_klatkapolnocna-08_spoczniknad3pietrem-1_widokwgore-1-150x225.jpg 150w, http:\/\/lapidarium.fundacja-hereditas.pl\/wp-content\/uploads\/2025\/12\/Ilowiecki_Piotr_Wawa_Brzeska-20_04_klatkapolnocna-08_spoczniknad3pietrem-1_widokwgore-1-300x450.jpg 300w, http:\/\/lapidarium.fundacja-hereditas.pl\/wp-content\/uploads\/2025\/12\/Ilowiecki_Piotr_Wawa_Brzeska-20_04_klatkapolnocna-08_spoczniknad3pietrem-1_widokwgore-1-696x1044.jpg 696w, http:\/\/lapidarium.fundacja-hereditas.pl\/wp-content\/uploads\/2025\/12\/Ilowiecki_Piotr_Wawa_Brzeska-20_04_klatkapolnocna-08_spoczniknad3pietrem-1_widokwgore-1-1068x1602.jpg 1068w, http:\/\/lapidarium.fundacja-hereditas.pl\/wp-content\/uploads\/2025\/12\/Ilowiecki_Piotr_Wawa_Brzeska-20_04_klatkapolnocna-08_spoczniknad3pietrem-1_widokwgore-1-1920x2880.jpg 1920w, http:\/\/lapidarium.fundacja-hereditas.pl\/wp-content\/uploads\/2025\/12\/Ilowiecki_Piotr_Wawa_Brzeska-20_04_klatkapolnocna-08_spoczniknad3pietrem-1_widokwgore-1-scaled.jpg 1707w\" sizes=\"auto, (max-width: 683px) 100vw, 683px\" \/><figcaption class=\"wp-element-caption\">Warszawa. Kamienica Brzeska 20. Prawdopodobnie z roku 1914 z elementami secesyjnymi. Klatka p\u00f3\u0142nocna na lewo od bramy. Widok w g\u00f3r\u0119 ze spocznika pom 3 i 4 pi\u0119trem.<\/figcaption><\/figure>\n\n\n\n<figure class=\"wp-block-image size-large\"><img loading=\"lazy\" decoding=\"async\" width=\"683\" height=\"1024\" data-id=\"36484\" src=\"https:\/\/lapidarium.fundacja-hereditas.pl\/wp-content\/uploads\/2025\/12\/Ilowiecki_Piotr_Wawa_Brzeska-20_04_klatkapolnocna-09_spoczniknad4pietrem-1_widokwgore-1-683x1024.jpg\" alt=\"\" class=\"wp-image-36484\" srcset=\"http:\/\/lapidarium.fundacja-hereditas.pl\/wp-content\/uploads\/2025\/12\/Ilowiecki_Piotr_Wawa_Brzeska-20_04_klatkapolnocna-09_spoczniknad4pietrem-1_widokwgore-1-683x1024.jpg 683w, http:\/\/lapidarium.fundacja-hereditas.pl\/wp-content\/uploads\/2025\/12\/Ilowiecki_Piotr_Wawa_Brzeska-20_04_klatkapolnocna-09_spoczniknad4pietrem-1_widokwgore-1-200x300.jpg 200w, http:\/\/lapidarium.fundacja-hereditas.pl\/wp-content\/uploads\/2025\/12\/Ilowiecki_Piotr_Wawa_Brzeska-20_04_klatkapolnocna-09_spoczniknad4pietrem-1_widokwgore-1-768x1152.jpg 768w, http:\/\/lapidarium.fundacja-hereditas.pl\/wp-content\/uploads\/2025\/12\/Ilowiecki_Piotr_Wawa_Brzeska-20_04_klatkapolnocna-09_spoczniknad4pietrem-1_widokwgore-1-1024x1536.jpg 1024w, http:\/\/lapidarium.fundacja-hereditas.pl\/wp-content\/uploads\/2025\/12\/Ilowiecki_Piotr_Wawa_Brzeska-20_04_klatkapolnocna-09_spoczniknad4pietrem-1_widokwgore-1-1365x2048.jpg 1365w, http:\/\/lapidarium.fundacja-hereditas.pl\/wp-content\/uploads\/2025\/12\/Ilowiecki_Piotr_Wawa_Brzeska-20_04_klatkapolnocna-09_spoczniknad4pietrem-1_widokwgore-1-150x225.jpg 150w, http:\/\/lapidarium.fundacja-hereditas.pl\/wp-content\/uploads\/2025\/12\/Ilowiecki_Piotr_Wawa_Brzeska-20_04_klatkapolnocna-09_spoczniknad4pietrem-1_widokwgore-1-300x450.jpg 300w, http:\/\/lapidarium.fundacja-hereditas.pl\/wp-content\/uploads\/2025\/12\/Ilowiecki_Piotr_Wawa_Brzeska-20_04_klatkapolnocna-09_spoczniknad4pietrem-1_widokwgore-1-696x1044.jpg 696w, http:\/\/lapidarium.fundacja-hereditas.pl\/wp-content\/uploads\/2025\/12\/Ilowiecki_Piotr_Wawa_Brzeska-20_04_klatkapolnocna-09_spoczniknad4pietrem-1_widokwgore-1-1068x1602.jpg 1068w, http:\/\/lapidarium.fundacja-hereditas.pl\/wp-content\/uploads\/2025\/12\/Ilowiecki_Piotr_Wawa_Brzeska-20_04_klatkapolnocna-09_spoczniknad4pietrem-1_widokwgore-1-1920x2880.jpg 1920w, http:\/\/lapidarium.fundacja-hereditas.pl\/wp-content\/uploads\/2025\/12\/Ilowiecki_Piotr_Wawa_Brzeska-20_04_klatkapolnocna-09_spoczniknad4pietrem-1_widokwgore-1-scaled.jpg 1707w\" sizes=\"auto, (max-width: 683px) 100vw, 683px\" \/><figcaption class=\"wp-element-caption\">Warszawa. Kamienica Brzeska 20. Prawdopodobnie z roku 1914 z elementami secesyjnymi. Klatka p\u00f3\u0142nocna na lewo od bramy. Spocznik pom. 4 i 5 pietrem<\/figcaption><\/figure>\n\n\n\n<figure class=\"wp-block-image size-large\"><img loading=\"lazy\" decoding=\"async\" width=\"683\" height=\"1024\" data-id=\"36485\" src=\"https:\/\/lapidarium.fundacja-hereditas.pl\/wp-content\/uploads\/2025\/12\/Ilowiecki_Piotr_Wawa_Brzeska-20_05_polnocna-01_parter-01-683x1024.jpg\" alt=\"\" class=\"wp-image-36485\" srcset=\"http:\/\/lapidarium.fundacja-hereditas.pl\/wp-content\/uploads\/2025\/12\/Ilowiecki_Piotr_Wawa_Brzeska-20_05_polnocna-01_parter-01-683x1024.jpg 683w, http:\/\/lapidarium.fundacja-hereditas.pl\/wp-content\/uploads\/2025\/12\/Ilowiecki_Piotr_Wawa_Brzeska-20_05_polnocna-01_parter-01-200x300.jpg 200w, http:\/\/lapidarium.fundacja-hereditas.pl\/wp-content\/uploads\/2025\/12\/Ilowiecki_Piotr_Wawa_Brzeska-20_05_polnocna-01_parter-01-768x1152.jpg 768w, http:\/\/lapidarium.fundacja-hereditas.pl\/wp-content\/uploads\/2025\/12\/Ilowiecki_Piotr_Wawa_Brzeska-20_05_polnocna-01_parter-01-1024x1536.jpg 1024w, http:\/\/lapidarium.fundacja-hereditas.pl\/wp-content\/uploads\/2025\/12\/Ilowiecki_Piotr_Wawa_Brzeska-20_05_polnocna-01_parter-01-1365x2048.jpg 1365w, http:\/\/lapidarium.fundacja-hereditas.pl\/wp-content\/uploads\/2025\/12\/Ilowiecki_Piotr_Wawa_Brzeska-20_05_polnocna-01_parter-01-150x225.jpg 150w, http:\/\/lapidarium.fundacja-hereditas.pl\/wp-content\/uploads\/2025\/12\/Ilowiecki_Piotr_Wawa_Brzeska-20_05_polnocna-01_parter-01-300x450.jpg 300w, http:\/\/lapidarium.fundacja-hereditas.pl\/wp-content\/uploads\/2025\/12\/Ilowiecki_Piotr_Wawa_Brzeska-20_05_polnocna-01_parter-01-696x1044.jpg 696w, http:\/\/lapidarium.fundacja-hereditas.pl\/wp-content\/uploads\/2025\/12\/Ilowiecki_Piotr_Wawa_Brzeska-20_05_polnocna-01_parter-01-1068x1602.jpg 1068w, http:\/\/lapidarium.fundacja-hereditas.pl\/wp-content\/uploads\/2025\/12\/Ilowiecki_Piotr_Wawa_Brzeska-20_05_polnocna-01_parter-01-1920x2880.jpg 1920w, http:\/\/lapidarium.fundacja-hereditas.pl\/wp-content\/uploads\/2025\/12\/Ilowiecki_Piotr_Wawa_Brzeska-20_05_polnocna-01_parter-01-scaled.jpg 1707w\" sizes=\"auto, (max-width: 683px) 100vw, 683px\" \/><figcaption class=\"wp-element-caption\">Warszawa. Kamienica Brzeska 20. Prawdopodobnie z roku 1914 z elementami secesyjnymi. Klatka po\u0142udniowa, na prawo od bramy. Parter.<\/figcaption><\/figure>\n\n\n\n<figure class=\"wp-block-image size-large\"><img loading=\"lazy\" decoding=\"async\" width=\"683\" height=\"1024\" data-id=\"36486\" src=\"https:\/\/lapidarium.fundacja-hereditas.pl\/wp-content\/uploads\/2025\/12\/Ilowiecki_Piotr_Wawa_Brzeska-20_05_polnocna-01_parter-02-683x1024.jpg\" alt=\"\" class=\"wp-image-36486\" srcset=\"http:\/\/lapidarium.fundacja-hereditas.pl\/wp-content\/uploads\/2025\/12\/Ilowiecki_Piotr_Wawa_Brzeska-20_05_polnocna-01_parter-02-683x1024.jpg 683w, http:\/\/lapidarium.fundacja-hereditas.pl\/wp-content\/uploads\/2025\/12\/Ilowiecki_Piotr_Wawa_Brzeska-20_05_polnocna-01_parter-02-200x300.jpg 200w, http:\/\/lapidarium.fundacja-hereditas.pl\/wp-content\/uploads\/2025\/12\/Ilowiecki_Piotr_Wawa_Brzeska-20_05_polnocna-01_parter-02-768x1152.jpg 768w, http:\/\/lapidarium.fundacja-hereditas.pl\/wp-content\/uploads\/2025\/12\/Ilowiecki_Piotr_Wawa_Brzeska-20_05_polnocna-01_parter-02-1024x1536.jpg 1024w, http:\/\/lapidarium.fundacja-hereditas.pl\/wp-content\/uploads\/2025\/12\/Ilowiecki_Piotr_Wawa_Brzeska-20_05_polnocna-01_parter-02-1365x2048.jpg 1365w, http:\/\/lapidarium.fundacja-hereditas.pl\/wp-content\/uploads\/2025\/12\/Ilowiecki_Piotr_Wawa_Brzeska-20_05_polnocna-01_parter-02-150x225.jpg 150w, http:\/\/lapidarium.fundacja-hereditas.pl\/wp-content\/uploads\/2025\/12\/Ilowiecki_Piotr_Wawa_Brzeska-20_05_polnocna-01_parter-02-300x450.jpg 300w, http:\/\/lapidarium.fundacja-hereditas.pl\/wp-content\/uploads\/2025\/12\/Ilowiecki_Piotr_Wawa_Brzeska-20_05_polnocna-01_parter-02-696x1044.jpg 696w, http:\/\/lapidarium.fundacja-hereditas.pl\/wp-content\/uploads\/2025\/12\/Ilowiecki_Piotr_Wawa_Brzeska-20_05_polnocna-01_parter-02-1068x1602.jpg 1068w, http:\/\/lapidarium.fundacja-hereditas.pl\/wp-content\/uploads\/2025\/12\/Ilowiecki_Piotr_Wawa_Brzeska-20_05_polnocna-01_parter-02-1920x2880.jpg 1920w, http:\/\/lapidarium.fundacja-hereditas.pl\/wp-content\/uploads\/2025\/12\/Ilowiecki_Piotr_Wawa_Brzeska-20_05_polnocna-01_parter-02-scaled.jpg 1707w\" sizes=\"auto, (max-width: 683px) 100vw, 683px\" \/><figcaption class=\"wp-element-caption\">Warszawa. Kamienica Brzeska 20. Prawdopodobnie z roku 1914 z elementami secesyjnymi. Klatka po\u0142udniowa, na prawo od bramy. Parter.<\/figcaption><\/figure>\n\n\n\n<figure class=\"wp-block-image size-large\"><img loading=\"lazy\" decoding=\"async\" width=\"683\" height=\"1024\" data-id=\"36487\" src=\"https:\/\/lapidarium.fundacja-hereditas.pl\/wp-content\/uploads\/2025\/12\/Ilowiecki_Piotr_Wawa_Brzeska-20_05_polnocna-01_parter-03-683x1024.jpg\" alt=\"\" class=\"wp-image-36487\" srcset=\"http:\/\/lapidarium.fundacja-hereditas.pl\/wp-content\/uploads\/2025\/12\/Ilowiecki_Piotr_Wawa_Brzeska-20_05_polnocna-01_parter-03-683x1024.jpg 683w, http:\/\/lapidarium.fundacja-hereditas.pl\/wp-content\/uploads\/2025\/12\/Ilowiecki_Piotr_Wawa_Brzeska-20_05_polnocna-01_parter-03-200x300.jpg 200w, http:\/\/lapidarium.fundacja-hereditas.pl\/wp-content\/uploads\/2025\/12\/Ilowiecki_Piotr_Wawa_Brzeska-20_05_polnocna-01_parter-03-768x1152.jpg 768w, http:\/\/lapidarium.fundacja-hereditas.pl\/wp-content\/uploads\/2025\/12\/Ilowiecki_Piotr_Wawa_Brzeska-20_05_polnocna-01_parter-03-1024x1536.jpg 1024w, http:\/\/lapidarium.fundacja-hereditas.pl\/wp-content\/uploads\/2025\/12\/Ilowiecki_Piotr_Wawa_Brzeska-20_05_polnocna-01_parter-03-1365x2048.jpg 1365w, http:\/\/lapidarium.fundacja-hereditas.pl\/wp-content\/uploads\/2025\/12\/Ilowiecki_Piotr_Wawa_Brzeska-20_05_polnocna-01_parter-03-150x225.jpg 150w, http:\/\/lapidarium.fundacja-hereditas.pl\/wp-content\/uploads\/2025\/12\/Ilowiecki_Piotr_Wawa_Brzeska-20_05_polnocna-01_parter-03-300x450.jpg 300w, http:\/\/lapidarium.fundacja-hereditas.pl\/wp-content\/uploads\/2025\/12\/Ilowiecki_Piotr_Wawa_Brzeska-20_05_polnocna-01_parter-03-696x1044.jpg 696w, http:\/\/lapidarium.fundacja-hereditas.pl\/wp-content\/uploads\/2025\/12\/Ilowiecki_Piotr_Wawa_Brzeska-20_05_polnocna-01_parter-03-1068x1602.jpg 1068w, http:\/\/lapidarium.fundacja-hereditas.pl\/wp-content\/uploads\/2025\/12\/Ilowiecki_Piotr_Wawa_Brzeska-20_05_polnocna-01_parter-03-1920x2880.jpg 1920w, http:\/\/lapidarium.fundacja-hereditas.pl\/wp-content\/uploads\/2025\/12\/Ilowiecki_Piotr_Wawa_Brzeska-20_05_polnocna-01_parter-03-scaled.jpg 1707w\" sizes=\"auto, (max-width: 683px) 100vw, 683px\" \/><figcaption class=\"wp-element-caption\">Warszawa. Kamienica Brzeska 20. Prawdopodobnie z roku 1914 z elementami secesyjnymi. Klatka po\u0142udniowa, na prawo od bramy. Parter.<\/figcaption><\/figure>\n\n\n\n<figure class=\"wp-block-image size-large\"><img loading=\"lazy\" decoding=\"async\" width=\"683\" height=\"1024\" data-id=\"36488\" src=\"https:\/\/lapidarium.fundacja-hereditas.pl\/wp-content\/uploads\/2025\/12\/Ilowiecki_Piotr_Wawa_Brzeska-20_05_polnocna-01_parter-04-683x1024.jpg\" alt=\"\" class=\"wp-image-36488\" srcset=\"http:\/\/lapidarium.fundacja-hereditas.pl\/wp-content\/uploads\/2025\/12\/Ilowiecki_Piotr_Wawa_Brzeska-20_05_polnocna-01_parter-04-683x1024.jpg 683w, http:\/\/lapidarium.fundacja-hereditas.pl\/wp-content\/uploads\/2025\/12\/Ilowiecki_Piotr_Wawa_Brzeska-20_05_polnocna-01_parter-04-200x300.jpg 200w, http:\/\/lapidarium.fundacja-hereditas.pl\/wp-content\/uploads\/2025\/12\/Ilowiecki_Piotr_Wawa_Brzeska-20_05_polnocna-01_parter-04-768x1152.jpg 768w, http:\/\/lapidarium.fundacja-hereditas.pl\/wp-content\/uploads\/2025\/12\/Ilowiecki_Piotr_Wawa_Brzeska-20_05_polnocna-01_parter-04-1024x1536.jpg 1024w, http:\/\/lapidarium.fundacja-hereditas.pl\/wp-content\/uploads\/2025\/12\/Ilowiecki_Piotr_Wawa_Brzeska-20_05_polnocna-01_parter-04-1365x2048.jpg 1365w, http:\/\/lapidarium.fundacja-hereditas.pl\/wp-content\/uploads\/2025\/12\/Ilowiecki_Piotr_Wawa_Brzeska-20_05_polnocna-01_parter-04-150x225.jpg 150w, http:\/\/lapidarium.fundacja-hereditas.pl\/wp-content\/uploads\/2025\/12\/Ilowiecki_Piotr_Wawa_Brzeska-20_05_polnocna-01_parter-04-300x450.jpg 300w, http:\/\/lapidarium.fundacja-hereditas.pl\/wp-content\/uploads\/2025\/12\/Ilowiecki_Piotr_Wawa_Brzeska-20_05_polnocna-01_parter-04-696x1044.jpg 696w, http:\/\/lapidarium.fundacja-hereditas.pl\/wp-content\/uploads\/2025\/12\/Ilowiecki_Piotr_Wawa_Brzeska-20_05_polnocna-01_parter-04-1068x1602.jpg 1068w, http:\/\/lapidarium.fundacja-hereditas.pl\/wp-content\/uploads\/2025\/12\/Ilowiecki_Piotr_Wawa_Brzeska-20_05_polnocna-01_parter-04-1920x2880.jpg 1920w, http:\/\/lapidarium.fundacja-hereditas.pl\/wp-content\/uploads\/2025\/12\/Ilowiecki_Piotr_Wawa_Brzeska-20_05_polnocna-01_parter-04-scaled.jpg 1707w\" sizes=\"auto, (max-width: 683px) 100vw, 683px\" \/><figcaption class=\"wp-element-caption\">Warszawa. Kamienica Brzeska 20. Prawdopodobnie z roku 1914 z elementami secesyjnymi. Klatka po\u0142udniowa, na prawo od bramy. Parter.<\/figcaption><\/figure>\n\n\n\n<figure class=\"wp-block-image size-large\"><img loading=\"lazy\" decoding=\"async\" width=\"683\" height=\"1024\" data-id=\"36489\" src=\"https:\/\/lapidarium.fundacja-hereditas.pl\/wp-content\/uploads\/2025\/12\/Ilowiecki_Piotr_Wawa_Brzeska-20_05_polnocna-02_pietro1-01-683x1024.jpg\" alt=\"\" class=\"wp-image-36489\" srcset=\"http:\/\/lapidarium.fundacja-hereditas.pl\/wp-content\/uploads\/2025\/12\/Ilowiecki_Piotr_Wawa_Brzeska-20_05_polnocna-02_pietro1-01-683x1024.jpg 683w, http:\/\/lapidarium.fundacja-hereditas.pl\/wp-content\/uploads\/2025\/12\/Ilowiecki_Piotr_Wawa_Brzeska-20_05_polnocna-02_pietro1-01-200x300.jpg 200w, http:\/\/lapidarium.fundacja-hereditas.pl\/wp-content\/uploads\/2025\/12\/Ilowiecki_Piotr_Wawa_Brzeska-20_05_polnocna-02_pietro1-01-768x1152.jpg 768w, http:\/\/lapidarium.fundacja-hereditas.pl\/wp-content\/uploads\/2025\/12\/Ilowiecki_Piotr_Wawa_Brzeska-20_05_polnocna-02_pietro1-01-1024x1536.jpg 1024w, http:\/\/lapidarium.fundacja-hereditas.pl\/wp-content\/uploads\/2025\/12\/Ilowiecki_Piotr_Wawa_Brzeska-20_05_polnocna-02_pietro1-01-1365x2048.jpg 1365w, http:\/\/lapidarium.fundacja-hereditas.pl\/wp-content\/uploads\/2025\/12\/Ilowiecki_Piotr_Wawa_Brzeska-20_05_polnocna-02_pietro1-01-150x225.jpg 150w, http:\/\/lapidarium.fundacja-hereditas.pl\/wp-content\/uploads\/2025\/12\/Ilowiecki_Piotr_Wawa_Brzeska-20_05_polnocna-02_pietro1-01-300x450.jpg 300w, http:\/\/lapidarium.fundacja-hereditas.pl\/wp-content\/uploads\/2025\/12\/Ilowiecki_Piotr_Wawa_Brzeska-20_05_polnocna-02_pietro1-01-696x1044.jpg 696w, http:\/\/lapidarium.fundacja-hereditas.pl\/wp-content\/uploads\/2025\/12\/Ilowiecki_Piotr_Wawa_Brzeska-20_05_polnocna-02_pietro1-01-1068x1602.jpg 1068w, http:\/\/lapidarium.fundacja-hereditas.pl\/wp-content\/uploads\/2025\/12\/Ilowiecki_Piotr_Wawa_Brzeska-20_05_polnocna-02_pietro1-01-1920x2880.jpg 1920w, http:\/\/lapidarium.fundacja-hereditas.pl\/wp-content\/uploads\/2025\/12\/Ilowiecki_Piotr_Wawa_Brzeska-20_05_polnocna-02_pietro1-01-scaled.jpg 1707w\" sizes=\"auto, (max-width: 683px) 100vw, 683px\" \/><figcaption class=\"wp-element-caption\">Warszawa. Kamienica Brzeska 20. Prawdopodobnie z roku 1914 z elementami secesyjnymi. Klatka po\u0142udniowa, na prawo od bramy. Pi\u0119tro 1.<\/figcaption><\/figure>\n\n\n\n<figure class=\"wp-block-image size-large\"><img loading=\"lazy\" decoding=\"async\" width=\"683\" height=\"1024\" data-id=\"36490\" src=\"https:\/\/lapidarium.fundacja-hereditas.pl\/wp-content\/uploads\/2025\/12\/Ilowiecki_Piotr_Wawa_Brzeska-20_05_polnocna-02_pietro1-02-683x1024.jpg\" alt=\"\" class=\"wp-image-36490\" srcset=\"http:\/\/lapidarium.fundacja-hereditas.pl\/wp-content\/uploads\/2025\/12\/Ilowiecki_Piotr_Wawa_Brzeska-20_05_polnocna-02_pietro1-02-683x1024.jpg 683w, http:\/\/lapidarium.fundacja-hereditas.pl\/wp-content\/uploads\/2025\/12\/Ilowiecki_Piotr_Wawa_Brzeska-20_05_polnocna-02_pietro1-02-200x300.jpg 200w, http:\/\/lapidarium.fundacja-hereditas.pl\/wp-content\/uploads\/2025\/12\/Ilowiecki_Piotr_Wawa_Brzeska-20_05_polnocna-02_pietro1-02-768x1152.jpg 768w, http:\/\/lapidarium.fundacja-hereditas.pl\/wp-content\/uploads\/2025\/12\/Ilowiecki_Piotr_Wawa_Brzeska-20_05_polnocna-02_pietro1-02-1024x1536.jpg 1024w, http:\/\/lapidarium.fundacja-hereditas.pl\/wp-content\/uploads\/2025\/12\/Ilowiecki_Piotr_Wawa_Brzeska-20_05_polnocna-02_pietro1-02-1365x2048.jpg 1365w, http:\/\/lapidarium.fundacja-hereditas.pl\/wp-content\/uploads\/2025\/12\/Ilowiecki_Piotr_Wawa_Brzeska-20_05_polnocna-02_pietro1-02-150x225.jpg 150w, http:\/\/lapidarium.fundacja-hereditas.pl\/wp-content\/uploads\/2025\/12\/Ilowiecki_Piotr_Wawa_Brzeska-20_05_polnocna-02_pietro1-02-300x450.jpg 300w, http:\/\/lapidarium.fundacja-hereditas.pl\/wp-content\/uploads\/2025\/12\/Ilowiecki_Piotr_Wawa_Brzeska-20_05_polnocna-02_pietro1-02-696x1044.jpg 696w, http:\/\/lapidarium.fundacja-hereditas.pl\/wp-content\/uploads\/2025\/12\/Ilowiecki_Piotr_Wawa_Brzeska-20_05_polnocna-02_pietro1-02-1068x1602.jpg 1068w, http:\/\/lapidarium.fundacja-hereditas.pl\/wp-content\/uploads\/2025\/12\/Ilowiecki_Piotr_Wawa_Brzeska-20_05_polnocna-02_pietro1-02-1920x2880.jpg 1920w, http:\/\/lapidarium.fundacja-hereditas.pl\/wp-content\/uploads\/2025\/12\/Ilowiecki_Piotr_Wawa_Brzeska-20_05_polnocna-02_pietro1-02-scaled.jpg 1707w\" sizes=\"auto, (max-width: 683px) 100vw, 683px\" \/><figcaption class=\"wp-element-caption\">Warszawa. Kamienica Brzeska 20. Prawdopodobnie z roku 1914 z elementami secesyjnymi. Klatka po\u0142udniowa, na prawo od bramy. Bieg na 1 pi\u0119tro.<\/figcaption><\/figure>\n\n\n\n<figure class=\"wp-block-image size-large\"><img loading=\"lazy\" decoding=\"async\" width=\"683\" height=\"1024\" data-id=\"36491\" src=\"https:\/\/lapidarium.fundacja-hereditas.pl\/wp-content\/uploads\/2025\/12\/Ilowiecki_Piotr_Wawa_Brzeska-20_05_polnocna-02_pietro1-03-683x1024.jpg\" alt=\"\" class=\"wp-image-36491\" srcset=\"http:\/\/lapidarium.fundacja-hereditas.pl\/wp-content\/uploads\/2025\/12\/Ilowiecki_Piotr_Wawa_Brzeska-20_05_polnocna-02_pietro1-03-683x1024.jpg 683w, http:\/\/lapidarium.fundacja-hereditas.pl\/wp-content\/uploads\/2025\/12\/Ilowiecki_Piotr_Wawa_Brzeska-20_05_polnocna-02_pietro1-03-200x300.jpg 200w, http:\/\/lapidarium.fundacja-hereditas.pl\/wp-content\/uploads\/2025\/12\/Ilowiecki_Piotr_Wawa_Brzeska-20_05_polnocna-02_pietro1-03-768x1152.jpg 768w, http:\/\/lapidarium.fundacja-hereditas.pl\/wp-content\/uploads\/2025\/12\/Ilowiecki_Piotr_Wawa_Brzeska-20_05_polnocna-02_pietro1-03-1024x1536.jpg 1024w, http:\/\/lapidarium.fundacja-hereditas.pl\/wp-content\/uploads\/2025\/12\/Ilowiecki_Piotr_Wawa_Brzeska-20_05_polnocna-02_pietro1-03-1365x2048.jpg 1365w, http:\/\/lapidarium.fundacja-hereditas.pl\/wp-content\/uploads\/2025\/12\/Ilowiecki_Piotr_Wawa_Brzeska-20_05_polnocna-02_pietro1-03-150x225.jpg 150w, http:\/\/lapidarium.fundacja-hereditas.pl\/wp-content\/uploads\/2025\/12\/Ilowiecki_Piotr_Wawa_Brzeska-20_05_polnocna-02_pietro1-03-300x450.jpg 300w, http:\/\/lapidarium.fundacja-hereditas.pl\/wp-content\/uploads\/2025\/12\/Ilowiecki_Piotr_Wawa_Brzeska-20_05_polnocna-02_pietro1-03-696x1044.jpg 696w, http:\/\/lapidarium.fundacja-hereditas.pl\/wp-content\/uploads\/2025\/12\/Ilowiecki_Piotr_Wawa_Brzeska-20_05_polnocna-02_pietro1-03-1068x1602.jpg 1068w, http:\/\/lapidarium.fundacja-hereditas.pl\/wp-content\/uploads\/2025\/12\/Ilowiecki_Piotr_Wawa_Brzeska-20_05_polnocna-02_pietro1-03-1920x2880.jpg 1920w, http:\/\/lapidarium.fundacja-hereditas.pl\/wp-content\/uploads\/2025\/12\/Ilowiecki_Piotr_Wawa_Brzeska-20_05_polnocna-02_pietro1-03-scaled.jpg 1707w\" sizes=\"auto, (max-width: 683px) 100vw, 683px\" \/><figcaption class=\"wp-element-caption\">Warszawa. Kamienica Brzeska 20. Prawdopodobnie z roku 1914 z elementami secesyjnymi. Klatka po\u0142udniowa, na prawo od bramy. 1p<\/figcaption><\/figure>\n\n\n\n<figure class=\"wp-block-image size-large\"><img loading=\"lazy\" decoding=\"async\" width=\"683\" height=\"1024\" data-id=\"36492\" src=\"https:\/\/lapidarium.fundacja-hereditas.pl\/wp-content\/uploads\/2025\/12\/Ilowiecki_Piotr_Wawa_Brzeska-20_05_polnocna-02_pietro1-04-widokwdol-01-683x1024.jpg\" alt=\"\" class=\"wp-image-36492\" srcset=\"http:\/\/lapidarium.fundacja-hereditas.pl\/wp-content\/uploads\/2025\/12\/Ilowiecki_Piotr_Wawa_Brzeska-20_05_polnocna-02_pietro1-04-widokwdol-01-683x1024.jpg 683w, http:\/\/lapidarium.fundacja-hereditas.pl\/wp-content\/uploads\/2025\/12\/Ilowiecki_Piotr_Wawa_Brzeska-20_05_polnocna-02_pietro1-04-widokwdol-01-200x300.jpg 200w, http:\/\/lapidarium.fundacja-hereditas.pl\/wp-content\/uploads\/2025\/12\/Ilowiecki_Piotr_Wawa_Brzeska-20_05_polnocna-02_pietro1-04-widokwdol-01-768x1151.jpg 768w, http:\/\/lapidarium.fundacja-hereditas.pl\/wp-content\/uploads\/2025\/12\/Ilowiecki_Piotr_Wawa_Brzeska-20_05_polnocna-02_pietro1-04-widokwdol-01-1025x1536.jpg 1025w, http:\/\/lapidarium.fundacja-hereditas.pl\/wp-content\/uploads\/2025\/12\/Ilowiecki_Piotr_Wawa_Brzeska-20_05_polnocna-02_pietro1-04-widokwdol-01-1366x2048.jpg 1366w, http:\/\/lapidarium.fundacja-hereditas.pl\/wp-content\/uploads\/2025\/12\/Ilowiecki_Piotr_Wawa_Brzeska-20_05_polnocna-02_pietro1-04-widokwdol-01-150x225.jpg 150w, http:\/\/lapidarium.fundacja-hereditas.pl\/wp-content\/uploads\/2025\/12\/Ilowiecki_Piotr_Wawa_Brzeska-20_05_polnocna-02_pietro1-04-widokwdol-01-300x450.jpg 300w, http:\/\/lapidarium.fundacja-hereditas.pl\/wp-content\/uploads\/2025\/12\/Ilowiecki_Piotr_Wawa_Brzeska-20_05_polnocna-02_pietro1-04-widokwdol-01-696x1043.jpg 696w, http:\/\/lapidarium.fundacja-hereditas.pl\/wp-content\/uploads\/2025\/12\/Ilowiecki_Piotr_Wawa_Brzeska-20_05_polnocna-02_pietro1-04-widokwdol-01-1068x1601.jpg 1068w, http:\/\/lapidarium.fundacja-hereditas.pl\/wp-content\/uploads\/2025\/12\/Ilowiecki_Piotr_Wawa_Brzeska-20_05_polnocna-02_pietro1-04-widokwdol-01-1920x2878.jpg 1920w, http:\/\/lapidarium.fundacja-hereditas.pl\/wp-content\/uploads\/2025\/12\/Ilowiecki_Piotr_Wawa_Brzeska-20_05_polnocna-02_pietro1-04-widokwdol-01-scaled.jpg 1708w\" sizes=\"auto, (max-width: 683px) 100vw, 683px\" \/><figcaption class=\"wp-element-caption\">Warszawa. Kamienica Brzeska 20. Prawdopodobnie z roku 1914 z elementami secesyjnymi. Klatka po\u0142udniowa, na prawo od bramy. Widok na parter w d\u00f3\u0142.<\/figcaption><\/figure>\n\n\n\n<figure class=\"wp-block-image size-large\"><img loading=\"lazy\" decoding=\"async\" width=\"716\" height=\"1024\" data-id=\"36494\" src=\"https:\/\/lapidarium.fundacja-hereditas.pl\/wp-content\/uploads\/2025\/12\/M_Wasilewska_Warszawa_Brzeska_20_oficyna_poludniowa_fasada_IIp_balkon-159-716x1024.jpg\" alt=\"\" class=\"wp-image-36494\" srcset=\"http:\/\/lapidarium.fundacja-hereditas.pl\/wp-content\/uploads\/2025\/12\/M_Wasilewska_Warszawa_Brzeska_20_oficyna_poludniowa_fasada_IIp_balkon-159-716x1024.jpg 716w, http:\/\/lapidarium.fundacja-hereditas.pl\/wp-content\/uploads\/2025\/12\/M_Wasilewska_Warszawa_Brzeska_20_oficyna_poludniowa_fasada_IIp_balkon-159-210x300.jpg 210w, http:\/\/lapidarium.fundacja-hereditas.pl\/wp-content\/uploads\/2025\/12\/M_Wasilewska_Warszawa_Brzeska_20_oficyna_poludniowa_fasada_IIp_balkon-159-768x1099.jpg 768w, http:\/\/lapidarium.fundacja-hereditas.pl\/wp-content\/uploads\/2025\/12\/M_Wasilewska_Warszawa_Brzeska_20_oficyna_poludniowa_fasada_IIp_balkon-159-1074x1536.jpg 1074w, http:\/\/lapidarium.fundacja-hereditas.pl\/wp-content\/uploads\/2025\/12\/M_Wasilewska_Warszawa_Brzeska_20_oficyna_poludniowa_fasada_IIp_balkon-159-1432x2048.jpg 1432w, http:\/\/lapidarium.fundacja-hereditas.pl\/wp-content\/uploads\/2025\/12\/M_Wasilewska_Warszawa_Brzeska_20_oficyna_poludniowa_fasada_IIp_balkon-159-150x215.jpg 150w, http:\/\/lapidarium.fundacja-hereditas.pl\/wp-content\/uploads\/2025\/12\/M_Wasilewska_Warszawa_Brzeska_20_oficyna_poludniowa_fasada_IIp_balkon-159-300x429.jpg 300w, http:\/\/lapidarium.fundacja-hereditas.pl\/wp-content\/uploads\/2025\/12\/M_Wasilewska_Warszawa_Brzeska_20_oficyna_poludniowa_fasada_IIp_balkon-159-696x996.jpg 696w, http:\/\/lapidarium.fundacja-hereditas.pl\/wp-content\/uploads\/2025\/12\/M_Wasilewska_Warszawa_Brzeska_20_oficyna_poludniowa_fasada_IIp_balkon-159-1068x1528.jpg 1068w, http:\/\/lapidarium.fundacja-hereditas.pl\/wp-content\/uploads\/2025\/12\/M_Wasilewska_Warszawa_Brzeska_20_oficyna_poludniowa_fasada_IIp_balkon-159-1920x2746.jpg 1920w, http:\/\/lapidarium.fundacja-hereditas.pl\/wp-content\/uploads\/2025\/12\/M_Wasilewska_Warszawa_Brzeska_20_oficyna_poludniowa_fasada_IIp_balkon-159-scaled.jpg 1790w\" sizes=\"auto, (max-width: 716px) 100vw, 716px\" \/><\/figure>\n\n\n\n<figure class=\"wp-block-image size-large\"><img loading=\"lazy\" decoding=\"async\" width=\"768\" height=\"1024\" data-id=\"36495\" src=\"https:\/\/lapidarium.fundacja-hereditas.pl\/wp-content\/uploads\/2025\/12\/M_Wasilewska_Warszawa_Brzeska_20_oficyna_poludniowa_fasada_wejscie_do_klatki-13-768x1024.jpg\" alt=\"\" class=\"wp-image-36495\" srcset=\"http:\/\/lapidarium.fundacja-hereditas.pl\/wp-content\/uploads\/2025\/12\/M_Wasilewska_Warszawa_Brzeska_20_oficyna_poludniowa_fasada_wejscie_do_klatki-13-768x1024.jpg 768w, http:\/\/lapidarium.fundacja-hereditas.pl\/wp-content\/uploads\/2025\/12\/M_Wasilewska_Warszawa_Brzeska_20_oficyna_poludniowa_fasada_wejscie_do_klatki-13-225x300.jpg 225w, http:\/\/lapidarium.fundacja-hereditas.pl\/wp-content\/uploads\/2025\/12\/M_Wasilewska_Warszawa_Brzeska_20_oficyna_poludniowa_fasada_wejscie_do_klatki-13-1152x1536.jpg 1152w, http:\/\/lapidarium.fundacja-hereditas.pl\/wp-content\/uploads\/2025\/12\/M_Wasilewska_Warszawa_Brzeska_20_oficyna_poludniowa_fasada_wejscie_do_klatki-13-1536x2048.jpg 1536w, http:\/\/lapidarium.fundacja-hereditas.pl\/wp-content\/uploads\/2025\/12\/M_Wasilewska_Warszawa_Brzeska_20_oficyna_poludniowa_fasada_wejscie_do_klatki-13-150x200.jpg 150w, http:\/\/lapidarium.fundacja-hereditas.pl\/wp-content\/uploads\/2025\/12\/M_Wasilewska_Warszawa_Brzeska_20_oficyna_poludniowa_fasada_wejscie_do_klatki-13-300x400.jpg 300w, http:\/\/lapidarium.fundacja-hereditas.pl\/wp-content\/uploads\/2025\/12\/M_Wasilewska_Warszawa_Brzeska_20_oficyna_poludniowa_fasada_wejscie_do_klatki-13-696x928.jpg 696w, http:\/\/lapidarium.fundacja-hereditas.pl\/wp-content\/uploads\/2025\/12\/M_Wasilewska_Warszawa_Brzeska_20_oficyna_poludniowa_fasada_wejscie_do_klatki-13-1068x1424.jpg 1068w, http:\/\/lapidarium.fundacja-hereditas.pl\/wp-content\/uploads\/2025\/12\/M_Wasilewska_Warszawa_Brzeska_20_oficyna_poludniowa_fasada_wejscie_do_klatki-13-scaled.jpg 1920w\" sizes=\"auto, (max-width: 768px) 100vw, 768px\" \/><\/figure>\n\n\n\n<figure class=\"wp-block-image size-large\"><img loading=\"lazy\" decoding=\"async\" width=\"768\" height=\"1024\" data-id=\"36496\" src=\"https:\/\/lapidarium.fundacja-hereditas.pl\/wp-content\/uploads\/2025\/12\/M_Wasilewska_Warszawa_Brzeska_20_oficyna_poludniowa_klatka_elewacja-768x1024.jpg\" alt=\"\" class=\"wp-image-36496\" srcset=\"http:\/\/lapidarium.fundacja-hereditas.pl\/wp-content\/uploads\/2025\/12\/M_Wasilewska_Warszawa_Brzeska_20_oficyna_poludniowa_klatka_elewacja-768x1024.jpg 768w, http:\/\/lapidarium.fundacja-hereditas.pl\/wp-content\/uploads\/2025\/12\/M_Wasilewska_Warszawa_Brzeska_20_oficyna_poludniowa_klatka_elewacja-225x300.jpg 225w, http:\/\/lapidarium.fundacja-hereditas.pl\/wp-content\/uploads\/2025\/12\/M_Wasilewska_Warszawa_Brzeska_20_oficyna_poludniowa_klatka_elewacja-1152x1536.jpg 1152w, http:\/\/lapidarium.fundacja-hereditas.pl\/wp-content\/uploads\/2025\/12\/M_Wasilewska_Warszawa_Brzeska_20_oficyna_poludniowa_klatka_elewacja-1536x2048.jpg 1536w, http:\/\/lapidarium.fundacja-hereditas.pl\/wp-content\/uploads\/2025\/12\/M_Wasilewska_Warszawa_Brzeska_20_oficyna_poludniowa_klatka_elewacja-150x200.jpg 150w, http:\/\/lapidarium.fundacja-hereditas.pl\/wp-content\/uploads\/2025\/12\/M_Wasilewska_Warszawa_Brzeska_20_oficyna_poludniowa_klatka_elewacja-300x400.jpg 300w, http:\/\/lapidarium.fundacja-hereditas.pl\/wp-content\/uploads\/2025\/12\/M_Wasilewska_Warszawa_Brzeska_20_oficyna_poludniowa_klatka_elewacja-696x928.jpg 696w, http:\/\/lapidarium.fundacja-hereditas.pl\/wp-content\/uploads\/2025\/12\/M_Wasilewska_Warszawa_Brzeska_20_oficyna_poludniowa_klatka_elewacja-1068x1424.jpg 1068w, http:\/\/lapidarium.fundacja-hereditas.pl\/wp-content\/uploads\/2025\/12\/M_Wasilewska_Warszawa_Brzeska_20_oficyna_poludniowa_klatka_elewacja-scaled.jpg 1920w\" sizes=\"auto, (max-width: 768px) 100vw, 768px\" \/><\/figure>\n\n\n\n<figure class=\"wp-block-image size-large\"><img loading=\"lazy\" decoding=\"async\" width=\"768\" height=\"1024\" data-id=\"36497\" src=\"https:\/\/lapidarium.fundacja-hereditas.pl\/wp-content\/uploads\/2025\/12\/M_Wasilewska_Warszawa_Brzeska_20_oficyna_poludniowa_klatka_fasada-768x1024.jpg\" alt=\"\" class=\"wp-image-36497\" srcset=\"http:\/\/lapidarium.fundacja-hereditas.pl\/wp-content\/uploads\/2025\/12\/M_Wasilewska_Warszawa_Brzeska_20_oficyna_poludniowa_klatka_fasada-768x1024.jpg 768w, http:\/\/lapidarium.fundacja-hereditas.pl\/wp-content\/uploads\/2025\/12\/M_Wasilewska_Warszawa_Brzeska_20_oficyna_poludniowa_klatka_fasada-225x300.jpg 225w, http:\/\/lapidarium.fundacja-hereditas.pl\/wp-content\/uploads\/2025\/12\/M_Wasilewska_Warszawa_Brzeska_20_oficyna_poludniowa_klatka_fasada-1152x1536.jpg 1152w, http:\/\/lapidarium.fundacja-hereditas.pl\/wp-content\/uploads\/2025\/12\/M_Wasilewska_Warszawa_Brzeska_20_oficyna_poludniowa_klatka_fasada-1536x2048.jpg 1536w, http:\/\/lapidarium.fundacja-hereditas.pl\/wp-content\/uploads\/2025\/12\/M_Wasilewska_Warszawa_Brzeska_20_oficyna_poludniowa_klatka_fasada-150x200.jpg 150w, http:\/\/lapidarium.fundacja-hereditas.pl\/wp-content\/uploads\/2025\/12\/M_Wasilewska_Warszawa_Brzeska_20_oficyna_poludniowa_klatka_fasada-300x400.jpg 300w, http:\/\/lapidarium.fundacja-hereditas.pl\/wp-content\/uploads\/2025\/12\/M_Wasilewska_Warszawa_Brzeska_20_oficyna_poludniowa_klatka_fasada-696x928.jpg 696w, http:\/\/lapidarium.fundacja-hereditas.pl\/wp-content\/uploads\/2025\/12\/M_Wasilewska_Warszawa_Brzeska_20_oficyna_poludniowa_klatka_fasada-1068x1424.jpg 1068w, http:\/\/lapidarium.fundacja-hereditas.pl\/wp-content\/uploads\/2025\/12\/M_Wasilewska_Warszawa_Brzeska_20_oficyna_poludniowa_klatka_fasada-scaled.jpg 1920w\" sizes=\"auto, (max-width: 768px) 100vw, 768px\" \/><\/figure>\n<\/figure>\n","protected":false},"excerpt":{"rendered":"<p>::: W\u0142\u0105czono do bazy w ramach projektu: &#8222;Studeo et Conservo 2025&#8221; &#8211; (XXI edycja), dofinansowanego przez Miasto Sto\u0142eczne Warszawa.<\/p>\n","protected":false},"author":6,"featured_media":36498,"comment_status":"open","ping_status":"open","sticky":false,"template":"","format":"standard","meta":{"footnotes":""},"categories":[4,241],"tags":[],"class_list":{"0":"post-36456","1":"post","2":"type-post","3":"status-publish","4":"format-standard","5":"has-post-thumbnail","7":"category-warszawa","8":"category-wawerska"},"_links":{"self":[{"href":"http:\/\/lapidarium.fundacja-hereditas.pl\/index.php\/wp-json\/wp\/v2\/posts\/36456","targetHints":{"allow":["GET"]}}],"collection":[{"href":"http:\/\/lapidarium.fundacja-hereditas.pl\/index.php\/wp-json\/wp\/v2\/posts"}],"about":[{"href":"http:\/\/lapidarium.fundacja-hereditas.pl\/index.php\/wp-json\/wp\/v2\/types\/post"}],"author":[{"embeddable":true,"href":"http:\/\/lapidarium.fundacja-hereditas.pl\/index.php\/wp-json\/wp\/v2\/users\/6"}],"replies":[{"embeddable":true,"href":"http:\/\/lapidarium.fundacja-hereditas.pl\/index.php\/wp-json\/wp\/v2\/comments?post=36456"}],"version-history":[{"count":4,"href":"http:\/\/lapidarium.fundacja-hereditas.pl\/index.php\/wp-json\/wp\/v2\/posts\/36456\/revisions"}],"predecessor-version":[{"id":37564,"href":"http:\/\/lapidarium.fundacja-hereditas.pl\/index.php\/wp-json\/wp\/v2\/posts\/36456\/revisions\/37564"}],"wp:featuredmedia":[{"embeddable":true,"href":"http:\/\/lapidarium.fundacja-hereditas.pl\/index.php\/wp-json\/wp\/v2\/media\/36498"}],"wp:attachment":[{"href":"http:\/\/lapidarium.fundacja-hereditas.pl\/index.php\/wp-json\/wp\/v2\/media?parent=36456"}],"wp:term":[{"taxonomy":"category","embeddable":true,"href":"http:\/\/lapidarium.fundacja-hereditas.pl\/index.php\/wp-json\/wp\/v2\/categories?post=36456"},{"taxonomy":"post_tag","embeddable":true,"href":"http:\/\/lapidarium.fundacja-hereditas.pl\/index.php\/wp-json\/wp\/v2\/tags?post=36456"}],"curies":[{"name":"wp","href":"https:\/\/api.w.org\/{rel}","templated":true}]}}