{"id":3596,"date":"2021-09-05T12:35:54","date_gmt":"2021-09-05T10:35:54","guid":{"rendered":"https:\/\/lapidarium.fundacja-hereditas.pl\/?p=3596"},"modified":"2021-10-26T13:47:12","modified_gmt":"2021-10-26T11:47:12","slug":"kamienica-al-solidarnosci-28","status":"publish","type":"post","link":"http:\/\/lapidarium.fundacja-hereditas.pl\/index.php\/2021\/09\/05\/kamienica-al-solidarnosci-28\/","title":{"rendered":"Kamienica al. Solidarno\u015bci 28, Warszawa"},"content":{"rendered":"\n<p>Zak\u0142ad Wychowawczy Warszawskiej Gminy Starozakonnych im. Micha\u0142a Bergsona.<\/p>\n\n\n\n<figure class=\"wp-block-gallery columns-3 is-cropped wp-block-gallery-1 is-layout-flex wp-block-gallery-is-layout-flex\"><ul class=\"blocks-gallery-grid\"><li class=\"blocks-gallery-item\"><figure><a href=\"http:\/\/lapidarium.fundacja-hereditas.pl\/wp-content\/uploads\/2021\/09\/b_409_1540567596dscn5139.jpg\"><img loading=\"lazy\" decoding=\"async\" width=\"600\" height=\"381\" src=\"http:\/\/lapidarium.fundacja-hereditas.pl\/wp-content\/uploads\/2021\/09\/b_409_1540567596dscn5139.jpg\" alt=\"Zak\u0142ad Wychowawczy Warszawskiej Gminy Starozakonnych im. Micha\u0142a Bergsona, ul. Jagiello\u0144ska 28. Fot. Anna Laskowska, 2018, \u017ar\u00f3d\u0142o: zabytek.co\" data-id=\"3590\" data-full-url=\"http:\/\/lapidarium.fundacja-hereditas.pl\/wp-content\/uploads\/2021\/09\/b_409_1540567596dscn5139.jpg\" data-link=\"https:\/\/lapidarium.fundacja-hereditas.pl\/b_409_1540567596dscn5139\/\" class=\"wp-image-3590\" srcset=\"http:\/\/lapidarium.fundacja-hereditas.pl\/wp-content\/uploads\/2021\/09\/b_409_1540567596dscn5139.jpg 600w, http:\/\/lapidarium.fundacja-hereditas.pl\/wp-content\/uploads\/2021\/09\/b_409_1540567596dscn5139-300x191.jpg 300w, http:\/\/lapidarium.fundacja-hereditas.pl\/wp-content\/uploads\/2021\/09\/b_409_1540567596dscn5139-150x95.jpg 150w\" sizes=\"auto, (max-width: 600px) 100vw, 600px\" \/><\/a><figcaption class=\"blocks-gallery-item__caption\">Zak\u0142ad Wychowawczy Warszawskiej Gminy Starozakonnych im. Micha\u0142a Bergsona, ul. Jagiello\u0144ska 28. Fot. Anna Laskowska, 2018, \u017ar\u00f3d\u0142o: zabytek.co<\/figcaption><\/figure><\/li><li class=\"blocks-gallery-item\"><figure><a href=\"http:\/\/lapidarium.fundacja-hereditas.pl\/wp-content\/uploads\/2021\/09\/b_410_1540569029obraz-552.jpg\"><img loading=\"lazy\" decoding=\"async\" width=\"450\" height=\"600\" src=\"http:\/\/lapidarium.fundacja-hereditas.pl\/wp-content\/uploads\/2021\/09\/b_410_1540569029obraz-552.jpg\" alt=\"Skrzyd\u0142o lewe, Zak\u0142ad Wychowawczy Warszawskiej Gminy Starozakonnych im. Micha\u0142a Bergsona, ul. Jagiello\u0144ska 28, Fot. Daniel Bogacki, 2018, \u017ar\u00f3d\u0142o: zabytek.co\" data-id=\"3600\" data-full-url=\"http:\/\/lapidarium.fundacja-hereditas.pl\/wp-content\/uploads\/2021\/09\/b_410_1540569029obraz-552.jpg\" data-link=\"https:\/\/lapidarium.fundacja-hereditas.pl\/b_410_1540569029obraz-552\/\" class=\"wp-image-3600\" srcset=\"http:\/\/lapidarium.fundacja-hereditas.pl\/wp-content\/uploads\/2021\/09\/b_410_1540569029obraz-552.jpg 450w, http:\/\/lapidarium.fundacja-hereditas.pl\/wp-content\/uploads\/2021\/09\/b_410_1540569029obraz-552-225x300.jpg 225w, http:\/\/lapidarium.fundacja-hereditas.pl\/wp-content\/uploads\/2021\/09\/b_410_1540569029obraz-552-150x200.jpg 150w, http:\/\/lapidarium.fundacja-hereditas.pl\/wp-content\/uploads\/2021\/09\/b_410_1540569029obraz-552-300x400.jpg 300w\" sizes=\"auto, (max-width: 450px) 100vw, 450px\" \/><\/a><figcaption class=\"blocks-gallery-item__caption\">Skrzyd\u0142o lewe, Zak\u0142ad Wychowawczy Warszawskiej Gminy Starozakonnych im. Micha\u0142a Bergsona, ul. Jagiello\u0144ska 28, Fot. Daniel Bogacki, 2018, \u017ar\u00f3d\u0142o: zabytek.co<\/figcaption><\/figure><\/li><li class=\"blocks-gallery-item\"><figure><a href=\"http:\/\/lapidarium.fundacja-hereditas.pl\/wp-content\/uploads\/2021\/09\/b_410_1540569005obraz-551.jpg\"><img loading=\"lazy\" decoding=\"async\" width=\"600\" height=\"450\" src=\"http:\/\/lapidarium.fundacja-hereditas.pl\/wp-content\/uploads\/2021\/09\/b_410_1540569005obraz-551.jpg\" alt=\"Szczyt skrzyd\u0142a lewego, Zak\u0142ad Wychowawczy Warszawskiej Gminy Starozakonnych im. Micha\u0142a Bergsona, ul. Jagiello\u0144ska 28, Fot. Daniel Bogacki, 2018\" data-id=\"3599\" data-full-url=\"http:\/\/lapidarium.fundacja-hereditas.pl\/wp-content\/uploads\/2021\/09\/b_410_1540569005obraz-551.jpg\" data-link=\"https:\/\/lapidarium.fundacja-hereditas.pl\/b_410_1540569005obraz-551\/\" class=\"wp-image-3599\" srcset=\"http:\/\/lapidarium.fundacja-hereditas.pl\/wp-content\/uploads\/2021\/09\/b_410_1540569005obraz-551.jpg 600w, http:\/\/lapidarium.fundacja-hereditas.pl\/wp-content\/uploads\/2021\/09\/b_410_1540569005obraz-551-300x225.jpg 300w, http:\/\/lapidarium.fundacja-hereditas.pl\/wp-content\/uploads\/2021\/09\/b_410_1540569005obraz-551-150x113.jpg 150w\" sizes=\"auto, (max-width: 600px) 100vw, 600px\" \/><\/a><figcaption class=\"blocks-gallery-item__caption\">Szczyt skrzyd\u0142a lewego, Zak\u0142ad Wychowawczy Warszawskiej Gminy Starozakonnych im. Micha\u0142a Bergsona, ul. Jagiello\u0144ska 28, Fot. Daniel Bogacki, 2018, \u017ar\u00f3d\u0142o: zabytek.co<\/figcaption><\/figure><\/li><li class=\"blocks-gallery-item\"><figure><a href=\"http:\/\/lapidarium.fundacja-hereditas.pl\/wp-content\/uploads\/2021\/09\/b_409_1540568030dscn5158.jpg\"><img loading=\"lazy\" decoding=\"async\" width=\"600\" height=\"450\" src=\"http:\/\/lapidarium.fundacja-hereditas.pl\/wp-content\/uploads\/2021\/09\/b_409_1540568030dscn5158.jpg\" alt=\"Zak\u0142ad Wychowawczy Warszawskiej Gminy Starozakonnych im. Micha\u0142a Bergsona, ul. Jagiello\u0144ska 28. Fot. Anna Laskowska, 2018, \u017ar\u00f3d\u0142o: zabytek.co\" data-id=\"3592\" data-full-url=\"http:\/\/lapidarium.fundacja-hereditas.pl\/wp-content\/uploads\/2021\/09\/b_409_1540568030dscn5158.jpg\" data-link=\"https:\/\/lapidarium.fundacja-hereditas.pl\/b_409_1540568030dscn5158\/\" class=\"wp-image-3592\" srcset=\"http:\/\/lapidarium.fundacja-hereditas.pl\/wp-content\/uploads\/2021\/09\/b_409_1540568030dscn5158.jpg 600w, http:\/\/lapidarium.fundacja-hereditas.pl\/wp-content\/uploads\/2021\/09\/b_409_1540568030dscn5158-300x225.jpg 300w, http:\/\/lapidarium.fundacja-hereditas.pl\/wp-content\/uploads\/2021\/09\/b_409_1540568030dscn5158-150x113.jpg 150w\" sizes=\"auto, (max-width: 600px) 100vw, 600px\" \/><\/a><figcaption class=\"blocks-gallery-item__caption\">Zak\u0142ad Wychowawczy Warszawskiej Gminy Starozakonnych im. Micha\u0142a Bergsona, ul. Jagiello\u0144ska 28. Fot. Anna Laskowska, 2018, \u017ar\u00f3d\u0142o: zabytek.co<\/figcaption><\/figure><\/li><li class=\"blocks-gallery-item\"><figure><a href=\"http:\/\/lapidarium.fundacja-hereditas.pl\/wp-content\/uploads\/2021\/09\/b_409_15405745201.jagiellonska_28_fasada_przednia.jpg\"><img loading=\"lazy\" decoding=\"async\" width=\"600\" height=\"400\" src=\"http:\/\/lapidarium.fundacja-hereditas.pl\/wp-content\/uploads\/2021\/09\/b_409_15405745201.jagiellonska_28_fasada_przednia.jpg\" alt=\"Zak\u0142ad Wychowawczy Warszawskiej Gminy Starozakonnych im. Micha\u0142a Bergsona, ul. Jagiello\u0144ska 28. Fot. Cecylia Rotter, 2018, \u017ar\u00f3d\u0142o: zabytek.co\" data-id=\"3597\" data-full-url=\"http:\/\/lapidarium.fundacja-hereditas.pl\/wp-content\/uploads\/2021\/09\/b_409_15405745201.jagiellonska_28_fasada_przednia.jpg\" data-link=\"https:\/\/lapidarium.fundacja-hereditas.pl\/b_409_15405745201-jagiellonska_28_fasada_przednia\/\" class=\"wp-image-3597\" srcset=\"http:\/\/lapidarium.fundacja-hereditas.pl\/wp-content\/uploads\/2021\/09\/b_409_15405745201.jagiellonska_28_fasada_przednia.jpg 600w, http:\/\/lapidarium.fundacja-hereditas.pl\/wp-content\/uploads\/2021\/09\/b_409_15405745201.jagiellonska_28_fasada_przednia-300x200.jpg 300w, http:\/\/lapidarium.fundacja-hereditas.pl\/wp-content\/uploads\/2021\/09\/b_409_15405745201.jagiellonska_28_fasada_przednia-150x100.jpg 150w\" sizes=\"auto, (max-width: 600px) 100vw, 600px\" \/><\/a><figcaption class=\"blocks-gallery-item__caption\">Zak\u0142ad Wychowawczy Warszawskiej Gminy Starozakonnych im. Micha\u0142a Bergsona, ul. Jagiello\u0144ska 28. Fot. Cecylia Rotter, 2018, \u017ar\u00f3d\u0142o: zabytek.co<\/figcaption><\/figure><\/li><li class=\"blocks-gallery-item\"><figure><a href=\"http:\/\/lapidarium.fundacja-hereditas.pl\/wp-content\/uploads\/2021\/09\/b_409_1540567573dscn5177.jpg\"><img loading=\"lazy\" decoding=\"async\" width=\"600\" height=\"366\" src=\"http:\/\/lapidarium.fundacja-hereditas.pl\/wp-content\/uploads\/2021\/09\/b_409_1540567573dscn5177.jpg\" alt=\"Zak\u0142ad Wychowawczy Warszawskiej Gminy Starozakonnych im. Micha\u0142a Bergsona, ul. Jagiello\u0144ska 28. Fot. Anna Laskowska, 2018, \u017ar\u00f3d\u0142o: zabytek.co\" data-id=\"3589\" data-full-url=\"http:\/\/lapidarium.fundacja-hereditas.pl\/wp-content\/uploads\/2021\/09\/b_409_1540567573dscn5177.jpg\" data-link=\"https:\/\/lapidarium.fundacja-hereditas.pl\/b_409_1540567573dscn5177\/\" class=\"wp-image-3589\" srcset=\"http:\/\/lapidarium.fundacja-hereditas.pl\/wp-content\/uploads\/2021\/09\/b_409_1540567573dscn5177.jpg 600w, http:\/\/lapidarium.fundacja-hereditas.pl\/wp-content\/uploads\/2021\/09\/b_409_1540567573dscn5177-300x183.jpg 300w, http:\/\/lapidarium.fundacja-hereditas.pl\/wp-content\/uploads\/2021\/09\/b_409_1540567573dscn5177-150x92.jpg 150w\" sizes=\"auto, (max-width: 600px) 100vw, 600px\" \/><\/a><figcaption class=\"blocks-gallery-item__caption\">Zak\u0142ad Wychowawczy Warszawskiej Gminy Starozakonnych im. Micha\u0142a Bergsona, ul. Jagiello\u0144ska 28. Fot. Anna Laskowska, 2018, \u017ar\u00f3d\u0142o: zabytek.co<\/figcaption><\/figure><\/li><li class=\"blocks-gallery-item\"><figure><a href=\"http:\/\/lapidarium.fundacja-hereditas.pl\/wp-content\/uploads\/2021\/09\/b_409_1540567824pict0091.jpg\"><img loading=\"lazy\" decoding=\"async\" width=\"600\" height=\"450\" src=\"http:\/\/lapidarium.fundacja-hereditas.pl\/wp-content\/uploads\/2021\/09\/b_409_1540567824pict0091.jpg\" alt=\"Zak\u0142ad Wychowawczy Warszawskiej Gminy Starozakonnych im. Micha\u0142a Bergsona, ul. Jagiello\u0144ska 28. Fot. Katarzyna Komar-Michalczyk, 2006, \u017ar\u00f3d\u0142o: zabytek.co\" data-id=\"3591\" data-full-url=\"http:\/\/lapidarium.fundacja-hereditas.pl\/wp-content\/uploads\/2021\/09\/b_409_1540567824pict0091.jpg\" data-link=\"https:\/\/lapidarium.fundacja-hereditas.pl\/b_409_1540567824pict0091\/\" class=\"wp-image-3591\" srcset=\"http:\/\/lapidarium.fundacja-hereditas.pl\/wp-content\/uploads\/2021\/09\/b_409_1540567824pict0091.jpg 600w, http:\/\/lapidarium.fundacja-hereditas.pl\/wp-content\/uploads\/2021\/09\/b_409_1540567824pict0091-300x225.jpg 300w, http:\/\/lapidarium.fundacja-hereditas.pl\/wp-content\/uploads\/2021\/09\/b_409_1540567824pict0091-150x113.jpg 150w\" sizes=\"auto, (max-width: 600px) 100vw, 600px\" \/><\/a><figcaption class=\"blocks-gallery-item__caption\">Zak\u0142ad Wychowawczy Warszawskiej Gminy Starozakonnych im. Micha\u0142a Bergsona, ul. Jagiello\u0144ska 28. Fot. Katarzyna Komar-Michalczyk, 2006, \u017ar\u00f3d\u0142o: zabytek.co\n\n<\/figcaption><\/figure><\/li><li class=\"blocks-gallery-item\"><figure><a href=\"http:\/\/lapidarium.fundacja-hereditas.pl\/wp-content\/uploads\/2021\/09\/b_412_1540574793img_1801.jpg\"><img loading=\"lazy\" decoding=\"async\" width=\"600\" height=\"400\" src=\"http:\/\/lapidarium.fundacja-hereditas.pl\/wp-content\/uploads\/2021\/09\/b_412_1540574793img_1801.jpg\" alt=\"Szczyt cz\u0119\u015bci centralnej, Zak\u0142ad Wychowawczy Warszawskiej Gminy Starozakonnych im. Micha\u0142a Bergsona, ul. Jagiello\u0144ska 28. Fot. Daniel Bogacki, 2018, \u017ar\u00f3d\u0142o: zabytek.co\" data-id=\"3618\" data-full-url=\"http:\/\/lapidarium.fundacja-hereditas.pl\/wp-content\/uploads\/2021\/09\/b_412_1540574793img_1801.jpg\" data-link=\"https:\/\/lapidarium.fundacja-hereditas.pl\/b_412_1540574793img_1801\/\" class=\"wp-image-3618\" srcset=\"http:\/\/lapidarium.fundacja-hereditas.pl\/wp-content\/uploads\/2021\/09\/b_412_1540574793img_1801.jpg 600w, http:\/\/lapidarium.fundacja-hereditas.pl\/wp-content\/uploads\/2021\/09\/b_412_1540574793img_1801-300x200.jpg 300w, http:\/\/lapidarium.fundacja-hereditas.pl\/wp-content\/uploads\/2021\/09\/b_412_1540574793img_1801-150x100.jpg 150w\" sizes=\"auto, (max-width: 600px) 100vw, 600px\" \/><\/a><figcaption class=\"blocks-gallery-item__caption\">Szczyt cz\u0119\u015bci centralnej, Zak\u0142ad Wychowawczy Warszawskiej Gminy Starozakonnych im. Micha\u0142a Bergsona, ul. Jagiello\u0144ska 28. Fot. Daniel Bogacki, 2018, \u017ar\u00f3d\u0142o: zabytek.co<\/figcaption><\/figure><\/li><li class=\"blocks-gallery-item\"><figure><a href=\"http:\/\/lapidarium.fundacja-hereditas.pl\/wp-content\/uploads\/2021\/09\/b_412_1540575120obraz-650.jpg\"><img loading=\"lazy\" decoding=\"async\" width=\"450\" height=\"600\" src=\"http:\/\/lapidarium.fundacja-hereditas.pl\/wp-content\/uploads\/2021\/09\/b_412_1540575120obraz-650.jpg\" alt=\"Cz\u0119\u015b\u0107 centralna, Zak\u0142ad Wychowawczy Warszawskiej Gminy Starozakonnych im. Micha\u0142a Bergsona, ul. Jagiello\u0144ska 28. Fot. Daniel Bogacki, 2018, \u017ar\u00f3d\u0142o: zabytek.co\" data-id=\"3621\" data-full-url=\"http:\/\/lapidarium.fundacja-hereditas.pl\/wp-content\/uploads\/2021\/09\/b_412_1540575120obraz-650.jpg\" data-link=\"https:\/\/lapidarium.fundacja-hereditas.pl\/b_412_1540575120obraz-650\/\" class=\"wp-image-3621\" srcset=\"http:\/\/lapidarium.fundacja-hereditas.pl\/wp-content\/uploads\/2021\/09\/b_412_1540575120obraz-650.jpg 450w, http:\/\/lapidarium.fundacja-hereditas.pl\/wp-content\/uploads\/2021\/09\/b_412_1540575120obraz-650-225x300.jpg 225w, http:\/\/lapidarium.fundacja-hereditas.pl\/wp-content\/uploads\/2021\/09\/b_412_1540575120obraz-650-150x200.jpg 150w, http:\/\/lapidarium.fundacja-hereditas.pl\/wp-content\/uploads\/2021\/09\/b_412_1540575120obraz-650-300x400.jpg 300w\" sizes=\"auto, (max-width: 450px) 100vw, 450px\" \/><\/a><figcaption class=\"blocks-gallery-item__caption\">Cz\u0119\u015b\u0107 centralna, Zak\u0142ad Wychowawczy Warszawskiej Gminy Starozakonnych im. Micha\u0142a Bergsona, ul. Jagiello\u0144ska 28. Fot. Daniel Bogacki, 2018, \u017ar\u00f3d\u0142o: zabytek.co<\/figcaption><\/figure><\/li><li class=\"blocks-gallery-item\"><figure><a href=\"http:\/\/lapidarium.fundacja-hereditas.pl\/wp-content\/uploads\/2021\/09\/b_411_1540571076obraz-657.jpg\"><img loading=\"lazy\" decoding=\"async\" width=\"450\" height=\"600\" src=\"http:\/\/lapidarium.fundacja-hereditas.pl\/wp-content\/uploads\/2021\/09\/b_411_1540571076obraz-657.jpg\" alt=\"Skrzyd\u0142o prawe, Zak\u0142ad Wychowawczy Warszawskiej Gminy Starozakonnych im. Micha\u0142a Bergsona, ul. Jagiello\u0144ska 28. Fot. Daniel Bogacki, 2018, \u017ar\u00f3d\u0142o: zabytek.co\" data-id=\"3613\" data-full-url=\"http:\/\/lapidarium.fundacja-hereditas.pl\/wp-content\/uploads\/2021\/09\/b_411_1540571076obraz-657.jpg\" data-link=\"https:\/\/lapidarium.fundacja-hereditas.pl\/b_411_1540571076obraz-657\/\" class=\"wp-image-3613\" srcset=\"http:\/\/lapidarium.fundacja-hereditas.pl\/wp-content\/uploads\/2021\/09\/b_411_1540571076obraz-657.jpg 450w, http:\/\/lapidarium.fundacja-hereditas.pl\/wp-content\/uploads\/2021\/09\/b_411_1540571076obraz-657-225x300.jpg 225w, http:\/\/lapidarium.fundacja-hereditas.pl\/wp-content\/uploads\/2021\/09\/b_411_1540571076obraz-657-150x200.jpg 150w, http:\/\/lapidarium.fundacja-hereditas.pl\/wp-content\/uploads\/2021\/09\/b_411_1540571076obraz-657-300x400.jpg 300w\" sizes=\"auto, (max-width: 450px) 100vw, 450px\" \/><\/a><figcaption class=\"blocks-gallery-item__caption\">Skrzyd\u0142o prawe, Zak\u0142ad Wychowawczy Warszawskiej Gminy Starozakonnych im. Micha\u0142a Bergsona, ul. Jagiello\u0144ska 28. Fot. Daniel Bogacki, 2018, \u017ar\u00f3d\u0142o: zabytek.co<\/figcaption><\/figure><\/li><li class=\"blocks-gallery-item\"><figure><a href=\"http:\/\/lapidarium.fundacja-hereditas.pl\/wp-content\/uploads\/2021\/09\/b_411_1540571059obraz-656.jpg\"><img loading=\"lazy\" decoding=\"async\" width=\"600\" height=\"450\" src=\"http:\/\/lapidarium.fundacja-hereditas.pl\/wp-content\/uploads\/2021\/09\/b_411_1540571059obraz-656.jpg\" alt=\"Szczyt skrzyd\u0142a prawego, Zak\u0142ad Wychowawczy Warszawskiej Gminy Starozakonnych im. Micha\u0142a Bergsona, ul. Jagiello\u0144ska 28. Fot. Daniel Bogacki, 201, \u017ar\u00f3d\u0142o: zabytek.co\" data-id=\"3612\" data-full-url=\"http:\/\/lapidarium.fundacja-hereditas.pl\/wp-content\/uploads\/2021\/09\/b_411_1540571059obraz-656.jpg\" data-link=\"https:\/\/lapidarium.fundacja-hereditas.pl\/b_411_1540571059obraz-656\/\" class=\"wp-image-3612\" srcset=\"http:\/\/lapidarium.fundacja-hereditas.pl\/wp-content\/uploads\/2021\/09\/b_411_1540571059obraz-656.jpg 600w, http:\/\/lapidarium.fundacja-hereditas.pl\/wp-content\/uploads\/2021\/09\/b_411_1540571059obraz-656-300x225.jpg 300w, http:\/\/lapidarium.fundacja-hereditas.pl\/wp-content\/uploads\/2021\/09\/b_411_1540571059obraz-656-150x113.jpg 150w\" sizes=\"auto, (max-width: 600px) 100vw, 600px\" \/><\/a><figcaption class=\"blocks-gallery-item__caption\">Szczyt skrzyd\u0142a prawego, Zak\u0142ad Wychowawczy Warszawskiej Gminy Starozakonnych im. Micha\u0142a Bergsona, ul. Jagiello\u0144ska 28. Fot. Daniel Bogacki, 201, \u017ar\u00f3d\u0142o: zabytek.co<\/figcaption><\/figure><\/li><li class=\"blocks-gallery-item\"><figure><a href=\"http:\/\/lapidarium.fundacja-hereditas.pl\/wp-content\/uploads\/2021\/09\/b_411_15405711681-dscn5136.jpg\"><img loading=\"lazy\" decoding=\"async\" width=\"600\" height=\"450\" src=\"http:\/\/lapidarium.fundacja-hereditas.pl\/wp-content\/uploads\/2021\/09\/b_411_15405711681-dscn5136.jpg\" alt=\"Skrzyd\u0142o prawe, Zak\u0142ad Wychowawczy Warszawskiej Gminy Starozakonnych im. Micha\u0142a Bergsona, ul. Jagiello\u0144ska 28. Fot. Anna Laskowska, 2018, \u017ar\u00f3d\u0142o: zabytek.co\" data-id=\"3616\" data-full-url=\"http:\/\/lapidarium.fundacja-hereditas.pl\/wp-content\/uploads\/2021\/09\/b_411_15405711681-dscn5136.jpg\" data-link=\"https:\/\/lapidarium.fundacja-hereditas.pl\/b_411_15405711681-dscn5136\/\" class=\"wp-image-3616\" srcset=\"http:\/\/lapidarium.fundacja-hereditas.pl\/wp-content\/uploads\/2021\/09\/b_411_15405711681-dscn5136.jpg 600w, http:\/\/lapidarium.fundacja-hereditas.pl\/wp-content\/uploads\/2021\/09\/b_411_15405711681-dscn5136-300x225.jpg 300w, http:\/\/lapidarium.fundacja-hereditas.pl\/wp-content\/uploads\/2021\/09\/b_411_15405711681-dscn5136-150x113.jpg 150w\" sizes=\"auto, (max-width: 600px) 100vw, 600px\" \/><\/a><figcaption class=\"blocks-gallery-item__caption\">Skrzyd\u0142o prawe, Zak\u0142ad Wychowawczy Warszawskiej Gminy Starozakonnych im. Micha\u0142a Bergsona, ul. Jagiello\u0144ska 28. Fot. Anna Laskowska, 2018, \u017ar\u00f3d\u0142o: zabytek.co<\/figcaption><\/figure><\/li><li class=\"blocks-gallery-item\"><figure><a href=\"http:\/\/lapidarium.fundacja-hereditas.pl\/wp-content\/uploads\/2021\/09\/b_411_1540570438obraz-545.jpg\"><img loading=\"lazy\" decoding=\"async\" width=\"450\" height=\"600\" src=\"http:\/\/lapidarium.fundacja-hereditas.pl\/wp-content\/uploads\/2021\/09\/b_411_1540570438obraz-545.jpg\" alt=\"Fragment cz\u0119\u015bci \u015brodkowej i skrzyd\u0142a prawego, Zak\u0142ad Wychowawczy Warszawskiej Gminy Starozakonnych im. Micha\u0142a Bergsona, ul. Jagiello\u0144ska 28. Fot. Daniel Bogacki, 2018, \u017ar\u00f3d\u0142o: zabytek.co\" data-id=\"3608\" data-full-url=\"http:\/\/lapidarium.fundacja-hereditas.pl\/wp-content\/uploads\/2021\/09\/b_411_1540570438obraz-545.jpg\" data-link=\"https:\/\/lapidarium.fundacja-hereditas.pl\/b_411_1540570438obraz-545\/\" class=\"wp-image-3608\" srcset=\"http:\/\/lapidarium.fundacja-hereditas.pl\/wp-content\/uploads\/2021\/09\/b_411_1540570438obraz-545.jpg 450w, http:\/\/lapidarium.fundacja-hereditas.pl\/wp-content\/uploads\/2021\/09\/b_411_1540570438obraz-545-225x300.jpg 225w, http:\/\/lapidarium.fundacja-hereditas.pl\/wp-content\/uploads\/2021\/09\/b_411_1540570438obraz-545-150x200.jpg 150w, http:\/\/lapidarium.fundacja-hereditas.pl\/wp-content\/uploads\/2021\/09\/b_411_1540570438obraz-545-300x400.jpg 300w\" sizes=\"auto, (max-width: 450px) 100vw, 450px\" \/><\/a><figcaption class=\"blocks-gallery-item__caption\">Fragment cz\u0119\u015bci \u015brodkowej i skrzyd\u0142a prawego, Zak\u0142ad Wychowawczy Warszawskiej Gminy Starozakonnych im. Micha\u0142a Bergsona, ul. Jagiello\u0144ska 28. Fot. Daniel Bogacki, 2018, \u017ar\u00f3d\u0142o: zabytek.co<\/figcaption><\/figure><\/li><li class=\"blocks-gallery-item\"><figure><a href=\"http:\/\/lapidarium.fundacja-hereditas.pl\/wp-content\/uploads\/2021\/09\/b_409_1540568154obraz-538.jpg\"><img loading=\"lazy\" decoding=\"async\" width=\"450\" height=\"600\" src=\"http:\/\/lapidarium.fundacja-hereditas.pl\/wp-content\/uploads\/2021\/09\/b_409_1540568154obraz-538.jpg\" alt=\"Zak\u0142ad Wychowawczy Warszawskiej Gminy Starozakonnych im. Micha\u0142a Bergsona, ul. Jagiello\u0144ska 28. Fot. Daniel Bogacki, 2018, \u017ar\u00f3d\u0142o: zabytek.co\" data-id=\"3593\" data-full-url=\"http:\/\/lapidarium.fundacja-hereditas.pl\/wp-content\/uploads\/2021\/09\/b_409_1540568154obraz-538.jpg\" data-link=\"https:\/\/lapidarium.fundacja-hereditas.pl\/b_409_1540568154obraz-538\/\" class=\"wp-image-3593\" srcset=\"http:\/\/lapidarium.fundacja-hereditas.pl\/wp-content\/uploads\/2021\/09\/b_409_1540568154obraz-538.jpg 450w, http:\/\/lapidarium.fundacja-hereditas.pl\/wp-content\/uploads\/2021\/09\/b_409_1540568154obraz-538-225x300.jpg 225w, http:\/\/lapidarium.fundacja-hereditas.pl\/wp-content\/uploads\/2021\/09\/b_409_1540568154obraz-538-150x200.jpg 150w, http:\/\/lapidarium.fundacja-hereditas.pl\/wp-content\/uploads\/2021\/09\/b_409_1540568154obraz-538-300x400.jpg 300w\" sizes=\"auto, (max-width: 450px) 100vw, 450px\" \/><\/a><figcaption class=\"blocks-gallery-item__caption\">Zak\u0142ad Wychowawczy Warszawskiej Gminy Starozakonnych im. Micha\u0142a Bergsona, ul. Jagiello\u0144ska 28. Fot. Daniel Bogacki, 2018, \u017ar\u00f3d\u0142o: zabytek.co<\/figcaption><\/figure><\/li><li class=\"blocks-gallery-item\"><figure><a href=\"http:\/\/lapidarium.fundacja-hereditas.pl\/wp-content\/uploads\/2021\/09\/b_413_1540575831jagiellonska_28_drzwi_wejsciowe_2.jpg\"><img loading=\"lazy\" decoding=\"async\" width=\"600\" height=\"400\" src=\"http:\/\/lapidarium.fundacja-hereditas.pl\/wp-content\/uploads\/2021\/09\/b_413_1540575831jagiellonska_28_drzwi_wejsciowe_2.jpg\" alt=\"Zwie\u0144czenie drzwi do skrzyd\u0142a mieszkalnego, Zak\u0142ad Wychowawczy Warszawskiej Gminy Starozakonnych im. Micha\u0142a Bergsona, ul. Jagiello\u0144ska 28, Fot. Cecylia Rotter, 2018, \u017ar\u00f3d\u0142o: zabytek.co\" data-id=\"3624\" data-full-url=\"http:\/\/lapidarium.fundacja-hereditas.pl\/wp-content\/uploads\/2021\/09\/b_413_1540575831jagiellonska_28_drzwi_wejsciowe_2.jpg\" data-link=\"https:\/\/lapidarium.fundacja-hereditas.pl\/b_413_1540575831jagiellonska_28_drzwi_wejsciowe_2\/\" class=\"wp-image-3624\" srcset=\"http:\/\/lapidarium.fundacja-hereditas.pl\/wp-content\/uploads\/2021\/09\/b_413_1540575831jagiellonska_28_drzwi_wejsciowe_2.jpg 600w, http:\/\/lapidarium.fundacja-hereditas.pl\/wp-content\/uploads\/2021\/09\/b_413_1540575831jagiellonska_28_drzwi_wejsciowe_2-300x200.jpg 300w, http:\/\/lapidarium.fundacja-hereditas.pl\/wp-content\/uploads\/2021\/09\/b_413_1540575831jagiellonska_28_drzwi_wejsciowe_2-150x100.jpg 150w\" sizes=\"auto, (max-width: 600px) 100vw, 600px\" \/><\/a><figcaption class=\"blocks-gallery-item__caption\">Zwie\u0144czenie drzwi do skrzyd\u0142a mieszkalnego, Zak\u0142ad Wychowawczy Warszawskiej Gminy Starozakonnych im. Micha\u0142a Bergsona, ul. Jagiello\u0144ska 28, Fot. Cecylia Rotter, 2018, \u017ar\u00f3d\u0142o: zabytek.co<\/figcaption><\/figure><\/li><li class=\"blocks-gallery-item\"><figure><a href=\"http:\/\/lapidarium.fundacja-hereditas.pl\/wp-content\/uploads\/2021\/09\/b_412_1540574934obraz-532.jpg\"><img loading=\"lazy\" decoding=\"async\" width=\"600\" height=\"450\" src=\"http:\/\/lapidarium.fundacja-hereditas.pl\/wp-content\/uploads\/2021\/09\/b_412_1540574934obraz-532.jpg\" alt=\"Okna 5. kondygnacji cz\u0119\u015bci centralnej, Zak\u0142ad Wychowawczy Warszawskiej Gminy Starozakonnych im. Micha\u0142a Bergsona, ul. Jagiello\u0144ska 28. Fot. Daniel Bogacki, 2018, \u017ar\u00f3d\u0142o: zabytek.co\" data-id=\"3620\" data-full-url=\"http:\/\/lapidarium.fundacja-hereditas.pl\/wp-content\/uploads\/2021\/09\/b_412_1540574934obraz-532.jpg\" data-link=\"https:\/\/lapidarium.fundacja-hereditas.pl\/b_412_1540574934obraz-532\/\" class=\"wp-image-3620\" srcset=\"http:\/\/lapidarium.fundacja-hereditas.pl\/wp-content\/uploads\/2021\/09\/b_412_1540574934obraz-532.jpg 600w, http:\/\/lapidarium.fundacja-hereditas.pl\/wp-content\/uploads\/2021\/09\/b_412_1540574934obraz-532-300x225.jpg 300w, http:\/\/lapidarium.fundacja-hereditas.pl\/wp-content\/uploads\/2021\/09\/b_412_1540574934obraz-532-150x113.jpg 150w\" sizes=\"auto, (max-width: 600px) 100vw, 600px\" \/><\/a><figcaption class=\"blocks-gallery-item__caption\">Okna 5. kondygnacji cz\u0119\u015bci centralnej, Zak\u0142ad Wychowawczy Warszawskiej Gminy Starozakonnych im. Micha\u0142a Bergsona, ul. Jagiello\u0144ska 28. Fot. Daniel Bogacki, 2018, \u017ar\u00f3d\u0142o: zabytek.co<\/figcaption><\/figure><\/li><li class=\"blocks-gallery-item\"><figure><a href=\"http:\/\/lapidarium.fundacja-hereditas.pl\/wp-content\/uploads\/2021\/09\/b_412_1540574881obraz-531.jpg\"><img loading=\"lazy\" decoding=\"async\" width=\"600\" height=\"450\" src=\"http:\/\/lapidarium.fundacja-hereditas.pl\/wp-content\/uploads\/2021\/09\/b_412_1540574881obraz-531.jpg\" alt=\"Okna 4. kondygnacji cz\u0119\u015bci centralnej, Zak\u0142ad Wychowawczy Warszawskiej Gminy Starozakonnych im. Micha\u0142a Bergsona, ul. Jagiello\u0144ska 28. Fot. Daniel Bogacki, 2018, \u017ar\u00f3d\u0142o: zabytek.co\" data-id=\"3619\" data-full-url=\"http:\/\/lapidarium.fundacja-hereditas.pl\/wp-content\/uploads\/2021\/09\/b_412_1540574881obraz-531.jpg\" data-link=\"https:\/\/lapidarium.fundacja-hereditas.pl\/b_412_1540574881obraz-531\/\" class=\"wp-image-3619\" srcset=\"http:\/\/lapidarium.fundacja-hereditas.pl\/wp-content\/uploads\/2021\/09\/b_412_1540574881obraz-531.jpg 600w, http:\/\/lapidarium.fundacja-hereditas.pl\/wp-content\/uploads\/2021\/09\/b_412_1540574881obraz-531-300x225.jpg 300w, http:\/\/lapidarium.fundacja-hereditas.pl\/wp-content\/uploads\/2021\/09\/b_412_1540574881obraz-531-150x113.jpg 150w\" sizes=\"auto, (max-width: 600px) 100vw, 600px\" \/><\/a><figcaption class=\"blocks-gallery-item__caption\">Okna 4. kondygnacji cz\u0119\u015bci centralnej, Zak\u0142ad Wychowawczy Warszawskiej Gminy Starozakonnych im. Micha\u0142a Bergsona, ul. Jagiello\u0144ska 28. Fot. Daniel Bogacki, 2018, \u017ar\u00f3d\u0142o: zabytek.co<\/figcaption><\/figure><\/li><li class=\"blocks-gallery-item\"><figure><a href=\"http:\/\/lapidarium.fundacja-hereditas.pl\/wp-content\/uploads\/2021\/09\/b_410_1540569259dscn5164.jpg\"><img loading=\"lazy\" decoding=\"async\" width=\"600\" height=\"450\" src=\"http:\/\/lapidarium.fundacja-hereditas.pl\/wp-content\/uploads\/2021\/09\/b_410_1540569259dscn5164.jpg\" alt=\"Detal szczytu skrzyd\u0142a lewego, Zak\u0142ad Wychowawczy Warszawskiej Gminy Starozakonnych im. Micha\u0142a Bergsona, ul. Jagiello\u0144ska 28. Fot. Anna Laskowska, 2018, \u017ar\u00f3d\u0142o: zabytek.co\" data-id=\"3602\" data-full-url=\"http:\/\/lapidarium.fundacja-hereditas.pl\/wp-content\/uploads\/2021\/09\/b_410_1540569259dscn5164.jpg\" data-link=\"https:\/\/lapidarium.fundacja-hereditas.pl\/b_410_1540569259dscn5164\/\" class=\"wp-image-3602\" srcset=\"http:\/\/lapidarium.fundacja-hereditas.pl\/wp-content\/uploads\/2021\/09\/b_410_1540569259dscn5164.jpg 600w, http:\/\/lapidarium.fundacja-hereditas.pl\/wp-content\/uploads\/2021\/09\/b_410_1540569259dscn5164-300x225.jpg 300w, http:\/\/lapidarium.fundacja-hereditas.pl\/wp-content\/uploads\/2021\/09\/b_410_1540569259dscn5164-150x113.jpg 150w\" sizes=\"auto, (max-width: 600px) 100vw, 600px\" \/><\/a><figcaption class=\"blocks-gallery-item__caption\">Detal szczytu skrzyd\u0142a lewego, Zak\u0142ad Wychowawczy Warszawskiej Gminy Starozakonnych im. Micha\u0142a Bergsona, ul. Jagiello\u0144ska 28. Fot. Anna Laskowska, 2018, \u017ar\u00f3d\u0142o: zabytek.co<\/figcaption><\/figure><\/li><li class=\"blocks-gallery-item\"><figure><a href=\"http:\/\/lapidarium.fundacja-hereditas.pl\/wp-content\/uploads\/2021\/09\/b_410_1540568966obraz-662.jpg\"><img loading=\"lazy\" decoding=\"async\" width=\"450\" height=\"600\" src=\"http:\/\/lapidarium.fundacja-hereditas.pl\/wp-content\/uploads\/2021\/09\/b_410_1540568966obraz-662.jpg\" alt=\"Szczyt skrzyd\u0142a lewego, Zak\u0142ad Wychowawczy Warszawskiej Gminy Starozakonnych im. Micha\u0142a Bergsona, ul. Jagiello\u0144ska 28, Fot. Daniel Bogacki, 2018, \u017ar\u00f3d\u0142o: zabytek.co\" data-id=\"3598\" data-full-url=\"http:\/\/lapidarium.fundacja-hereditas.pl\/wp-content\/uploads\/2021\/09\/b_410_1540568966obraz-662.jpg\" data-link=\"https:\/\/lapidarium.fundacja-hereditas.pl\/b_410_1540568966obraz-662\/\" class=\"wp-image-3598\" srcset=\"http:\/\/lapidarium.fundacja-hereditas.pl\/wp-content\/uploads\/2021\/09\/b_410_1540568966obraz-662.jpg 450w, http:\/\/lapidarium.fundacja-hereditas.pl\/wp-content\/uploads\/2021\/09\/b_410_1540568966obraz-662-225x300.jpg 225w, http:\/\/lapidarium.fundacja-hereditas.pl\/wp-content\/uploads\/2021\/09\/b_410_1540568966obraz-662-150x200.jpg 150w, http:\/\/lapidarium.fundacja-hereditas.pl\/wp-content\/uploads\/2021\/09\/b_410_1540568966obraz-662-300x400.jpg 300w\" sizes=\"auto, (max-width: 450px) 100vw, 450px\" \/><\/a><figcaption class=\"blocks-gallery-item__caption\">Szczyt skrzyd\u0142a lewego, Zak\u0142ad Wychowawczy Warszawskiej Gminy Starozakonnych im. Micha\u0142a Bergsona, ul. Jagiello\u0144ska 28, Fot. Daniel Bogacki, 2018<\/figcaption><\/figure><\/li><li class=\"blocks-gallery-item\"><figure><a href=\"http:\/\/lapidarium.fundacja-hereditas.pl\/wp-content\/uploads\/2021\/09\/b_411_1540571010obraz-543.jpg\"><img loading=\"lazy\" decoding=\"async\" width=\"600\" height=\"450\" src=\"http:\/\/lapidarium.fundacja-hereditas.pl\/wp-content\/uploads\/2021\/09\/b_411_1540571010obraz-543.jpg\" alt=\"Detal szczytu skrzyd\u0142a prawego, Zak\u0142ad Wychowawczy Warszawskiej Gminy Starozakonnych im. Micha\u0142a Bergsona, ul. Jagiello\u0144ska 28. Fot. Daniel Bogacki, 2018, \u017ar\u00f3d\u0142o: zabytek.co\" data-id=\"3611\" data-full-url=\"http:\/\/lapidarium.fundacja-hereditas.pl\/wp-content\/uploads\/2021\/09\/b_411_1540571010obraz-543.jpg\" data-link=\"https:\/\/lapidarium.fundacja-hereditas.pl\/b_411_1540571010obraz-543\/\" class=\"wp-image-3611\" srcset=\"http:\/\/lapidarium.fundacja-hereditas.pl\/wp-content\/uploads\/2021\/09\/b_411_1540571010obraz-543.jpg 600w, http:\/\/lapidarium.fundacja-hereditas.pl\/wp-content\/uploads\/2021\/09\/b_411_1540571010obraz-543-300x225.jpg 300w, http:\/\/lapidarium.fundacja-hereditas.pl\/wp-content\/uploads\/2021\/09\/b_411_1540571010obraz-543-150x113.jpg 150w\" sizes=\"auto, (max-width: 600px) 100vw, 600px\" \/><\/a><figcaption class=\"blocks-gallery-item__caption\">Detal szczytu skrzyd\u0142a prawego, Zak\u0142ad Wychowawczy Warszawskiej Gminy Starozakonnych im. Micha\u0142a Bergsona, ul. Jagiello\u0144ska 28. Fot. Daniel Bogacki, 2018, \u017ar\u00f3d\u0142o: zabytek.co<\/figcaption><\/figure><\/li><li class=\"blocks-gallery-item\"><figure><a href=\"http:\/\/lapidarium.fundacja-hereditas.pl\/wp-content\/uploads\/2021\/09\/b_411_1540570634obraz-540.jpg\"><img loading=\"lazy\" decoding=\"async\" width=\"600\" height=\"450\" src=\"http:\/\/lapidarium.fundacja-hereditas.pl\/wp-content\/uploads\/2021\/09\/b_411_1540570634obraz-540.jpg\" alt=\"Detal elewacji skrzyd\u0142a prawego, Zak\u0142ad Wychowawczy Warszawskiej Gminy Starozakonnych im. Micha\u0142a Bergsona, ul. Jagiello\u0144ska 28. Fot. Daniel Bogacki, 2018, \u017ar\u00f3d\u0142o: zabytek.co\" data-id=\"3610\" data-full-url=\"http:\/\/lapidarium.fundacja-hereditas.pl\/wp-content\/uploads\/2021\/09\/b_411_1540570634obraz-540.jpg\" data-link=\"https:\/\/lapidarium.fundacja-hereditas.pl\/b_411_1540570634obraz-540\/\" class=\"wp-image-3610\" srcset=\"http:\/\/lapidarium.fundacja-hereditas.pl\/wp-content\/uploads\/2021\/09\/b_411_1540570634obraz-540.jpg 600w, http:\/\/lapidarium.fundacja-hereditas.pl\/wp-content\/uploads\/2021\/09\/b_411_1540570634obraz-540-300x225.jpg 300w, http:\/\/lapidarium.fundacja-hereditas.pl\/wp-content\/uploads\/2021\/09\/b_411_1540570634obraz-540-150x113.jpg 150w\" sizes=\"auto, (max-width: 600px) 100vw, 600px\" \/><\/a><figcaption class=\"blocks-gallery-item__caption\">Detal elewacji skrzyd\u0142a prawego, Zak\u0142ad Wychowawczy Warszawskiej Gminy Starozakonnych im. Micha\u0142a Bergsona, ul. Jagiello\u0144ska 28. Fot. Daniel Bogacki, 2018, \u017ar\u00f3d\u0142o: zabytek.co<\/figcaption><\/figure><\/li><li class=\"blocks-gallery-item\"><figure><a href=\"http:\/\/lapidarium.fundacja-hereditas.pl\/wp-content\/uploads\/2021\/09\/b_411_1540570473obraz-643.jpg\"><img loading=\"lazy\" decoding=\"async\" width=\"600\" height=\"450\" src=\"http:\/\/lapidarium.fundacja-hereditas.pl\/wp-content\/uploads\/2021\/09\/b_411_1540570473obraz-643.jpg\" alt=\"Detal elewacji skrzyd\u0142a prawego, Zak\u0142ad Wychowawczy Warszawskiej Gminy Starozakonnych im. Micha\u0142a Bergsona, ul. Jagiello\u0144ska 28. Fot. Daniel Bogacki, 2018, \u017ar\u00f3d\u0142o: zabytek.co\" data-id=\"3609\" data-full-url=\"http:\/\/lapidarium.fundacja-hereditas.pl\/wp-content\/uploads\/2021\/09\/b_411_1540570473obraz-643.jpg\" data-link=\"https:\/\/lapidarium.fundacja-hereditas.pl\/b_411_1540570473obraz-643\/\" class=\"wp-image-3609\" srcset=\"http:\/\/lapidarium.fundacja-hereditas.pl\/wp-content\/uploads\/2021\/09\/b_411_1540570473obraz-643.jpg 600w, http:\/\/lapidarium.fundacja-hereditas.pl\/wp-content\/uploads\/2021\/09\/b_411_1540570473obraz-643-300x225.jpg 300w, http:\/\/lapidarium.fundacja-hereditas.pl\/wp-content\/uploads\/2021\/09\/b_411_1540570473obraz-643-150x113.jpg 150w\" sizes=\"auto, (max-width: 600px) 100vw, 600px\" \/><\/a><figcaption class=\"blocks-gallery-item__caption\">Detal elewacji skrzyd\u0142a prawego, Zak\u0142ad Wychowawczy Warszawskiej Gminy Starozakonnych im. Micha\u0142a Bergsona, ul. Jagiello\u0144ska 28. Fot. Daniel Bogacki, 2018, \u017ar\u00f3d\u0142o: zabytek.co<\/figcaption><\/figure><\/li><li class=\"blocks-gallery-item\"><figure><a href=\"http:\/\/lapidarium.fundacja-hereditas.pl\/wp-content\/uploads\/2021\/09\/b_410_1540569645dscn5161.jpg\"><img loading=\"lazy\" decoding=\"async\" width=\"600\" height=\"450\" src=\"http:\/\/lapidarium.fundacja-hereditas.pl\/wp-content\/uploads\/2021\/09\/b_410_1540569645dscn5161.jpg\" alt=\"Detal szczytu skrzyd\u0142a lewego, Zak\u0142ad Wychowawczy Warszawskiej Gminy Starozakonnych im. Micha\u0142a Bergsona, ul. Jagiello\u0144ska 28. Fot. Anna Laskowska, 2018, \u017ar\u00f3d\u0142o: zabytek.co\" data-id=\"3605\" data-full-url=\"http:\/\/lapidarium.fundacja-hereditas.pl\/wp-content\/uploads\/2021\/09\/b_410_1540569645dscn5161.jpg\" data-link=\"https:\/\/lapidarium.fundacja-hereditas.pl\/b_410_1540569645dscn5161\/\" class=\"wp-image-3605\" srcset=\"http:\/\/lapidarium.fundacja-hereditas.pl\/wp-content\/uploads\/2021\/09\/b_410_1540569645dscn5161.jpg 600w, http:\/\/lapidarium.fundacja-hereditas.pl\/wp-content\/uploads\/2021\/09\/b_410_1540569645dscn5161-300x225.jpg 300w, http:\/\/lapidarium.fundacja-hereditas.pl\/wp-content\/uploads\/2021\/09\/b_410_1540569645dscn5161-150x113.jpg 150w\" sizes=\"auto, (max-width: 600px) 100vw, 600px\" \/><\/a><figcaption class=\"blocks-gallery-item__caption\">Detal szczytu skrzyd\u0142a lewego, Zak\u0142ad Wychowawczy Warszawskiej Gminy Starozakonnych im. Micha\u0142a Bergsona, ul. Jagiello\u0144ska 28. Fot. Anna Laskowska, 2018, \u017ar\u00f3d\u0142o: zabytek.co<\/figcaption><\/figure><\/li><li class=\"blocks-gallery-item\"><figure><a href=\"http:\/\/lapidarium.fundacja-hereditas.pl\/wp-content\/uploads\/2021\/09\/b_410_1540569190obraz-659.jpg\"><img loading=\"lazy\" decoding=\"async\" width=\"450\" height=\"600\" src=\"http:\/\/lapidarium.fundacja-hereditas.pl\/wp-content\/uploads\/2021\/09\/b_410_1540569190obraz-659.jpg\" alt=\"Detal szczytu skrzyd\u0142a lewego, Zak\u0142ad Wychowawczy Warszawskiej Gminy Starozakonnych im. Micha\u0142a Bergsona, ul. Jagiello\u0144ska 28. Fot. Daniel Bogacki, 2018, \u017ar\u00f3d\u0142o: zabytek.co\" data-id=\"3601\" data-full-url=\"http:\/\/lapidarium.fundacja-hereditas.pl\/wp-content\/uploads\/2021\/09\/b_410_1540569190obraz-659.jpg\" data-link=\"https:\/\/lapidarium.fundacja-hereditas.pl\/b_410_1540569190obraz-659\/\" class=\"wp-image-3601\" srcset=\"http:\/\/lapidarium.fundacja-hereditas.pl\/wp-content\/uploads\/2021\/09\/b_410_1540569190obraz-659.jpg 450w, http:\/\/lapidarium.fundacja-hereditas.pl\/wp-content\/uploads\/2021\/09\/b_410_1540569190obraz-659-225x300.jpg 225w, http:\/\/lapidarium.fundacja-hereditas.pl\/wp-content\/uploads\/2021\/09\/b_410_1540569190obraz-659-150x200.jpg 150w, http:\/\/lapidarium.fundacja-hereditas.pl\/wp-content\/uploads\/2021\/09\/b_410_1540569190obraz-659-300x400.jpg 300w\" sizes=\"auto, (max-width: 450px) 100vw, 450px\" \/><\/a><figcaption class=\"blocks-gallery-item__caption\">Detal szczytu skrzyd\u0142a lewego, Zak\u0142ad Wychowawczy Warszawskiej Gminy Starozakonnych im. Micha\u0142a Bergsona, ul. Jagiello\u0144ska 28. Fot. Daniel Bogacki, 2018, \u017ar\u00f3d\u0142o: zabytek.co<\/figcaption><\/figure><\/li><li class=\"blocks-gallery-item\"><figure><a href=\"http:\/\/lapidarium.fundacja-hereditas.pl\/wp-content\/uploads\/2021\/09\/b_411_1540570419obraz-655.jpg\"><img loading=\"lazy\" decoding=\"async\" width=\"600\" height=\"450\" src=\"http:\/\/lapidarium.fundacja-hereditas.pl\/wp-content\/uploads\/2021\/09\/b_411_1540570419obraz-655.jpg\" alt=\"Detal szczytu skrzyd\u0142a prawego, Zak\u0142ad Wychowawczy Warszawskiej Gminy Starozakonnych im. Micha\u0142a Bergsona, ul. Jagiello\u0144ska 28. Fot. Daniel Bogacki, 2018, \u017ar\u00f3d\u0142o: zabytek.co\" data-id=\"3607\" data-full-url=\"http:\/\/lapidarium.fundacja-hereditas.pl\/wp-content\/uploads\/2021\/09\/b_411_1540570419obraz-655.jpg\" data-link=\"https:\/\/lapidarium.fundacja-hereditas.pl\/b_411_1540570419obraz-655\/\" class=\"wp-image-3607\" srcset=\"http:\/\/lapidarium.fundacja-hereditas.pl\/wp-content\/uploads\/2021\/09\/b_411_1540570419obraz-655.jpg 600w, http:\/\/lapidarium.fundacja-hereditas.pl\/wp-content\/uploads\/2021\/09\/b_411_1540570419obraz-655-300x225.jpg 300w, http:\/\/lapidarium.fundacja-hereditas.pl\/wp-content\/uploads\/2021\/09\/b_411_1540570419obraz-655-150x113.jpg 150w\" sizes=\"auto, (max-width: 600px) 100vw, 600px\" \/><\/a><figcaption class=\"blocks-gallery-item__caption\">Detal szczytu skrzyd\u0142a prawego, Zak\u0142ad Wychowawczy Warszawskiej Gminy Starozakonnych im. Micha\u0142a Bergsona, ul. Jagiello\u0144ska 28. Fot. Daniel Bogacki, 2018, \u017ar\u00f3d\u0142o: zabytek.co<\/figcaption><\/figure><\/li><li class=\"blocks-gallery-item\"><figure><a href=\"http:\/\/lapidarium.fundacja-hereditas.pl\/wp-content\/uploads\/2021\/09\/b_411_1540570375obraz-542.jpg\"><img loading=\"lazy\" decoding=\"async\" width=\"600\" height=\"450\" src=\"http:\/\/lapidarium.fundacja-hereditas.pl\/wp-content\/uploads\/2021\/09\/b_411_1540570375obraz-542.jpg\" alt=\"Detal szczytu skrzyd\u0142a prawego, Zak\u0142ad Wychowawczy Warszawskiej Gminy Starozakonnych im. Micha\u0142a Bergsona, ul. Jagiello\u0144ska 28. Fot. Daniel Bogacki, 2018, \u017ar\u00f3d\u0142o: zabytek.co\" data-id=\"3606\" data-full-url=\"http:\/\/lapidarium.fundacja-hereditas.pl\/wp-content\/uploads\/2021\/09\/b_411_1540570375obraz-542.jpg\" data-link=\"https:\/\/lapidarium.fundacja-hereditas.pl\/b_411_1540570375obraz-542\/\" class=\"wp-image-3606\" srcset=\"http:\/\/lapidarium.fundacja-hereditas.pl\/wp-content\/uploads\/2021\/09\/b_411_1540570375obraz-542.jpg 600w, http:\/\/lapidarium.fundacja-hereditas.pl\/wp-content\/uploads\/2021\/09\/b_411_1540570375obraz-542-300x225.jpg 300w, http:\/\/lapidarium.fundacja-hereditas.pl\/wp-content\/uploads\/2021\/09\/b_411_1540570375obraz-542-150x113.jpg 150w\" sizes=\"auto, (max-width: 600px) 100vw, 600px\" \/><\/a><figcaption class=\"blocks-gallery-item__caption\">Detal szczytu skrzyd\u0142a prawego, Zak\u0142ad Wychowawczy Warszawskiej Gminy Starozakonnych im. Micha\u0142a Bergsona, ul. Jagiello\u0144ska 28. Fot. Daniel Bogacki, 2018, \u017ar\u00f3d\u0142o: zabytek.co<\/figcaption><\/figure><\/li><li class=\"blocks-gallery-item\"><figure><a href=\"http:\/\/lapidarium.fundacja-hereditas.pl\/wp-content\/uploads\/2021\/09\/b_411_15405701601-dscn5186.jpg\"><img loading=\"lazy\" decoding=\"async\" width=\"600\" height=\"450\" src=\"http:\/\/lapidarium.fundacja-hereditas.pl\/wp-content\/uploads\/2021\/09\/b_411_15405701601-dscn5186.jpg\" alt=\"Detal szczytu skrzyd\u0142a prawego, Zak\u0142ad Wychowawczy Warszawskiej Gminy Starozakonnych im. Micha\u0142a Bergsona, ul. Jagiello\u0144ska 28. Fot. Anna Laskowska, 2018, \u017ar\u00f3d\u0142o: zabytek.co\" data-id=\"3614\" data-full-url=\"http:\/\/lapidarium.fundacja-hereditas.pl\/wp-content\/uploads\/2021\/09\/b_411_15405701601-dscn5186.jpg\" data-link=\"https:\/\/lapidarium.fundacja-hereditas.pl\/b_411_15405701601-dscn5186\/\" class=\"wp-image-3614\" srcset=\"http:\/\/lapidarium.fundacja-hereditas.pl\/wp-content\/uploads\/2021\/09\/b_411_15405701601-dscn5186.jpg 600w, http:\/\/lapidarium.fundacja-hereditas.pl\/wp-content\/uploads\/2021\/09\/b_411_15405701601-dscn5186-300x225.jpg 300w, http:\/\/lapidarium.fundacja-hereditas.pl\/wp-content\/uploads\/2021\/09\/b_411_15405701601-dscn5186-150x113.jpg 150w\" sizes=\"auto, (max-width: 600px) 100vw, 600px\" \/><\/a><figcaption class=\"blocks-gallery-item__caption\">Detal szczytu skrzyd\u0142a prawego, Zak\u0142ad Wychowawczy Warszawskiej Gminy Starozakonnych im. Micha\u0142a Bergsona, ul. Jagiello\u0144ska 28. Fot. Anna Laskowska, 2018, \u017ar\u00f3d\u0142o: zabytek.co<\/figcaption><\/figure><\/li><li class=\"blocks-gallery-item\"><figure><a href=\"http:\/\/lapidarium.fundacja-hereditas.pl\/wp-content\/uploads\/2021\/09\/b_410_1540569286dscn5165.jpg\"><img loading=\"lazy\" decoding=\"async\" width=\"600\" height=\"450\" src=\"http:\/\/lapidarium.fundacja-hereditas.pl\/wp-content\/uploads\/2021\/09\/b_410_1540569286dscn5165.jpg\" alt=\"Detal szczytu skrzyd\u0142a lewego, Zak\u0142ad Wychowawczy Warszawskiej Gminy Starozakonnych im. Micha\u0142a Bergsona, ul. Jagiello\u0144ska 28. Fot. Anna Laskowska, 2018, \u017ar\u00f3d\u0142o: zabytek.co\" data-id=\"3603\" data-full-url=\"http:\/\/lapidarium.fundacja-hereditas.pl\/wp-content\/uploads\/2021\/09\/b_410_1540569286dscn5165.jpg\" data-link=\"https:\/\/lapidarium.fundacja-hereditas.pl\/b_410_1540569286dscn5165\/\" class=\"wp-image-3603\" srcset=\"http:\/\/lapidarium.fundacja-hereditas.pl\/wp-content\/uploads\/2021\/09\/b_410_1540569286dscn5165.jpg 600w, http:\/\/lapidarium.fundacja-hereditas.pl\/wp-content\/uploads\/2021\/09\/b_410_1540569286dscn5165-300x225.jpg 300w, http:\/\/lapidarium.fundacja-hereditas.pl\/wp-content\/uploads\/2021\/09\/b_410_1540569286dscn5165-150x113.jpg 150w\" sizes=\"auto, (max-width: 600px) 100vw, 600px\" \/><\/a><figcaption class=\"blocks-gallery-item__caption\">Detal szczytu skrzyd\u0142a lewego, Zak\u0142ad Wychowawczy Warszawskiej Gminy Starozakonnych im. Micha\u0142a Bergsona, ul. Jagiello\u0144ska 28. Fot. Anna Laskowska, 2018, \u017ar\u00f3d\u0142o: zabytek.co<\/figcaption><\/figure><\/li><li class=\"blocks-gallery-item\"><figure><a href=\"http:\/\/lapidarium.fundacja-hereditas.pl\/wp-content\/uploads\/2021\/09\/b_410_1540569322dscn5167.jpg\"><img loading=\"lazy\" decoding=\"async\" width=\"600\" height=\"450\" src=\"http:\/\/lapidarium.fundacja-hereditas.pl\/wp-content\/uploads\/2021\/09\/b_410_1540569322dscn5167.jpg\" alt=\"Detal szczytu skrzyd\u0142a lewego, Zak\u0142ad Wychowawczy Warszawskiej Gminy Starozakonnych im. Micha\u0142a Bergsona, ul. Jagiello\u0144ska 28. Fot. Anna Laskowska, 2018, \u017ar\u00f3d\u0142o: zabytek.co\" data-id=\"3604\" data-full-url=\"http:\/\/lapidarium.fundacja-hereditas.pl\/wp-content\/uploads\/2021\/09\/b_410_1540569322dscn5167.jpg\" data-link=\"https:\/\/lapidarium.fundacja-hereditas.pl\/b_410_1540569322dscn5167\/\" class=\"wp-image-3604\" srcset=\"http:\/\/lapidarium.fundacja-hereditas.pl\/wp-content\/uploads\/2021\/09\/b_410_1540569322dscn5167.jpg 600w, http:\/\/lapidarium.fundacja-hereditas.pl\/wp-content\/uploads\/2021\/09\/b_410_1540569322dscn5167-300x225.jpg 300w, http:\/\/lapidarium.fundacja-hereditas.pl\/wp-content\/uploads\/2021\/09\/b_410_1540569322dscn5167-150x113.jpg 150w\" sizes=\"auto, (max-width: 600px) 100vw, 600px\" \/><\/a><figcaption class=\"blocks-gallery-item__caption\">Detal szczytu skrzyd\u0142a lewego, Zak\u0142ad Wychowawczy Warszawskiej Gminy Starozakonnych im. Micha\u0142a Bergsona, ul. Jagiello\u0144ska 28. Fot. Anna Laskowska, 2018, \u017ar\u00f3d\u0142o: zabytek.co<\/figcaption><\/figure><\/li><li class=\"blocks-gallery-item\"><figure><a href=\"http:\/\/lapidarium.fundacja-hereditas.pl\/wp-content\/uploads\/2021\/09\/b_412_1540574178dscn5173.jpg\"><img loading=\"lazy\" decoding=\"async\" width=\"600\" height=\"450\" src=\"http:\/\/lapidarium.fundacja-hereditas.pl\/wp-content\/uploads\/2021\/09\/b_412_1540574178dscn5173.jpg\" alt=\"Detal szczytu cz\u0119\u015bci centralnej, Zak\u0142ad Wychowawczy Warszawskiej Gminy Starozakonnych im. Micha\u0142a Bergsona, ul. Jagiello\u0144ska 28. Fot. Anna Laskowska, 2018, \u017ar\u00f3d\u0142o: zabytek.co\" data-id=\"3617\" data-full-url=\"http:\/\/lapidarium.fundacja-hereditas.pl\/wp-content\/uploads\/2021\/09\/b_412_1540574178dscn5173.jpg\" data-link=\"https:\/\/lapidarium.fundacja-hereditas.pl\/b_412_1540574178dscn5173\/\" class=\"wp-image-3617\" srcset=\"http:\/\/lapidarium.fundacja-hereditas.pl\/wp-content\/uploads\/2021\/09\/b_412_1540574178dscn5173.jpg 600w, http:\/\/lapidarium.fundacja-hereditas.pl\/wp-content\/uploads\/2021\/09\/b_412_1540574178dscn5173-300x225.jpg 300w, http:\/\/lapidarium.fundacja-hereditas.pl\/wp-content\/uploads\/2021\/09\/b_412_1540574178dscn5173-150x113.jpg 150w\" sizes=\"auto, (max-width: 600px) 100vw, 600px\" \/><\/a><figcaption class=\"blocks-gallery-item__caption\">Detal szczytu cz\u0119\u015bci centralnej, Zak\u0142ad Wychowawczy Warszawskiej Gminy Starozakonnych im. Micha\u0142a Bergsona, ul. Jagiello\u0144ska 28. Fot. Anna Laskowska, 2018, \u017ar\u00f3d\u0142o: zabytek.co<\/figcaption><\/figure><\/li><li class=\"blocks-gallery-item\"><figure><a href=\"http:\/\/lapidarium.fundacja-hereditas.pl\/wp-content\/uploads\/2021\/09\/b_411_15405701791-dscn5189.jpg\"><img loading=\"lazy\" decoding=\"async\" width=\"600\" height=\"450\" src=\"http:\/\/lapidarium.fundacja-hereditas.pl\/wp-content\/uploads\/2021\/09\/b_411_15405701791-dscn5189.jpg\" alt=\"Detal szczytu skrzyd\u0142a prawego, Zak\u0142ad Wychowawczy Warszawskiej Gminy Starozakonnych im. Micha\u0142a Bergsona, ul. Jagiello\u0144ska 28. Fot. Anna Laskowska, 2018, \u017ar\u00f3d\u0142o: zabytek.co\" data-id=\"3615\" data-full-url=\"http:\/\/lapidarium.fundacja-hereditas.pl\/wp-content\/uploads\/2021\/09\/b_411_15405701791-dscn5189.jpg\" data-link=\"https:\/\/lapidarium.fundacja-hereditas.pl\/b_411_15405701791-dscn5189\/\" class=\"wp-image-3615\" srcset=\"http:\/\/lapidarium.fundacja-hereditas.pl\/wp-content\/uploads\/2021\/09\/b_411_15405701791-dscn5189.jpg 600w, http:\/\/lapidarium.fundacja-hereditas.pl\/wp-content\/uploads\/2021\/09\/b_411_15405701791-dscn5189-300x225.jpg 300w, http:\/\/lapidarium.fundacja-hereditas.pl\/wp-content\/uploads\/2021\/09\/b_411_15405701791-dscn5189-150x113.jpg 150w\" sizes=\"auto, (max-width: 600px) 100vw, 600px\" \/><\/a><figcaption class=\"blocks-gallery-item__caption\">Detal szczytu skrzyd\u0142a prawego, Zak\u0142ad Wychowawczy Warszawskiej Gminy Starozakonnych im. Micha\u0142a Bergsona, ul. Jagiello\u0144ska 28. Fot. Anna Laskowska, 2018, \u017ar\u00f3d\u0142o: zabytek.co<\/figcaption><\/figure><\/li><li class=\"blocks-gallery-item\"><figure><a href=\"http:\/\/lapidarium.fundacja-hereditas.pl\/wp-content\/uploads\/2021\/09\/b_413_1540575804jagiellonska_28_drzwi_wejsciowe.jpg\"><img loading=\"lazy\" decoding=\"async\" width=\"361\" height=\"600\" src=\"http:\/\/lapidarium.fundacja-hereditas.pl\/wp-content\/uploads\/2021\/09\/b_413_1540575804jagiellonska_28_drzwi_wejsciowe.jpg\" alt=\"Drzwi do skrzyd\u0142a mieszkalnego, Zak\u0142ad Wychowawczy Warszawskiej Gminy Starozakonnych im. Micha\u0142a Bergsona, ul. Jagiello\u0144ska 28, Fot. Cecylia Rotter, 2018, \u017ar\u00f3d\u0142o: zabytek.co\" data-id=\"3622\" data-full-url=\"http:\/\/lapidarium.fundacja-hereditas.pl\/wp-content\/uploads\/2021\/09\/b_413_1540575804jagiellonska_28_drzwi_wejsciowe.jpg\" data-link=\"https:\/\/lapidarium.fundacja-hereditas.pl\/b_413_1540575804jagiellonska_28_drzwi_wejsciowe\/\" class=\"wp-image-3622\" srcset=\"http:\/\/lapidarium.fundacja-hereditas.pl\/wp-content\/uploads\/2021\/09\/b_413_1540575804jagiellonska_28_drzwi_wejsciowe.jpg 361w, http:\/\/lapidarium.fundacja-hereditas.pl\/wp-content\/uploads\/2021\/09\/b_413_1540575804jagiellonska_28_drzwi_wejsciowe-181x300.jpg 181w, http:\/\/lapidarium.fundacja-hereditas.pl\/wp-content\/uploads\/2021\/09\/b_413_1540575804jagiellonska_28_drzwi_wejsciowe-150x249.jpg 150w, http:\/\/lapidarium.fundacja-hereditas.pl\/wp-content\/uploads\/2021\/09\/b_413_1540575804jagiellonska_28_drzwi_wejsciowe-300x499.jpg 300w\" sizes=\"auto, (max-width: 361px) 100vw, 361px\" \/><\/a><figcaption class=\"blocks-gallery-item__caption\">Drzwi do skrzyd\u0142a mieszkalnego, Zak\u0142ad Wychowawczy Warszawskiej Gminy Starozakonnych im. Micha\u0142a Bergsona, ul. Jagiello\u0144ska 28, Fot. Cecylia Rotter, 2018, \u017ar\u00f3d\u0142o: zabytek.co<\/figcaption><\/figure><\/li><li class=\"blocks-gallery-item\"><figure><a href=\"http:\/\/lapidarium.fundacja-hereditas.pl\/wp-content\/uploads\/2021\/09\/b_413_1540575819jagiellonska_28_drzwi_wejsciowe_1.jpg\"><img loading=\"lazy\" decoding=\"async\" width=\"400\" height=\"600\" src=\"http:\/\/lapidarium.fundacja-hereditas.pl\/wp-content\/uploads\/2021\/09\/b_413_1540575819jagiellonska_28_drzwi_wejsciowe_1.jpg\" alt=\"Drzwi do skrzyd\u0142a mieszkalnego, Zak\u0142ad Wychowawczy Warszawskiej Gminy Starozakonnych im. Micha\u0142a Bergsona, ul. Jagiello\u0144ska 28, Fot. Cecylia Rotter, 2018, \u017ar\u00f3d\u0142o: zabytek.co\" data-id=\"3623\" data-full-url=\"http:\/\/lapidarium.fundacja-hereditas.pl\/wp-content\/uploads\/2021\/09\/b_413_1540575819jagiellonska_28_drzwi_wejsciowe_1.jpg\" data-link=\"https:\/\/lapidarium.fundacja-hereditas.pl\/b_413_1540575819jagiellonska_28_drzwi_wejsciowe_1\/\" class=\"wp-image-3623\" srcset=\"http:\/\/lapidarium.fundacja-hereditas.pl\/wp-content\/uploads\/2021\/09\/b_413_1540575819jagiellonska_28_drzwi_wejsciowe_1.jpg 400w, http:\/\/lapidarium.fundacja-hereditas.pl\/wp-content\/uploads\/2021\/09\/b_413_1540575819jagiellonska_28_drzwi_wejsciowe_1-200x300.jpg 200w, http:\/\/lapidarium.fundacja-hereditas.pl\/wp-content\/uploads\/2021\/09\/b_413_1540575819jagiellonska_28_drzwi_wejsciowe_1-150x225.jpg 150w, http:\/\/lapidarium.fundacja-hereditas.pl\/wp-content\/uploads\/2021\/09\/b_413_1540575819jagiellonska_28_drzwi_wejsciowe_1-300x450.jpg 300w\" sizes=\"auto, (max-width: 400px) 100vw, 400px\" \/><\/a><figcaption class=\"blocks-gallery-item__caption\">Drzwi do skrzyd\u0142a mieszkalnego, Zak\u0142ad Wychowawczy Warszawskiej Gminy Starozakonnych im. Micha\u0142a Bergsona, ul. Jagiello\u0144ska 28, Fot. Cecylia Rotter, 2018, \u017ar\u00f3d\u0142o: zabytek.co<\/figcaption><\/figure><\/li><li class=\"blocks-gallery-item\"><figure><a href=\"http:\/\/lapidarium.fundacja-hereditas.pl\/wp-content\/uploads\/2021\/09\/b_409_15405675181.jagiellonska_28_tablica.jpg\"><img loading=\"lazy\" decoding=\"async\" width=\"600\" height=\"400\" src=\"http:\/\/lapidarium.fundacja-hereditas.pl\/wp-content\/uploads\/2021\/09\/b_409_15405675181.jagiellonska_28_tablica.jpg\" alt=\"Tablica fundacyjna, zak\u0142ad Wychowawczy Warszawskiej Gminy Starozakonnych im. Micha\u0142a Bergsona, ul. Jagiello\u0144ska 28. Fot. Cecylia Rotter, 2018, \u017ar\u00f3d\u0142o: zabytek.co\" data-id=\"3595\" data-full-url=\"http:\/\/lapidarium.fundacja-hereditas.pl\/wp-content\/uploads\/2021\/09\/b_409_15405675181.jagiellonska_28_tablica.jpg\" data-link=\"https:\/\/lapidarium.fundacja-hereditas.pl\/b_409_15405675181-jagiellonska_28_tablica\/\" class=\"wp-image-3595\" srcset=\"http:\/\/lapidarium.fundacja-hereditas.pl\/wp-content\/uploads\/2021\/09\/b_409_15405675181.jagiellonska_28_tablica.jpg 600w, http:\/\/lapidarium.fundacja-hereditas.pl\/wp-content\/uploads\/2021\/09\/b_409_15405675181.jagiellonska_28_tablica-300x200.jpg 300w, http:\/\/lapidarium.fundacja-hereditas.pl\/wp-content\/uploads\/2021\/09\/b_409_15405675181.jagiellonska_28_tablica-150x100.jpg 150w\" sizes=\"auto, (max-width: 600px) 100vw, 600px\" \/><\/a><figcaption class=\"blocks-gallery-item__caption\">Tablica fundacyjna, zak\u0142ad Wychowawczy Warszawskiej Gminy Starozakonnych im. Micha\u0142a Bergsona, ul. Jagiello\u0144ska 28. Fot. Cecylia Rotter, 2018, \u017ar\u00f3d\u0142o: zabytek.co<\/figcaption><\/figure><\/li><li class=\"blocks-gallery-item\"><figure><a href=\"http:\/\/lapidarium.fundacja-hereditas.pl\/wp-content\/uploads\/2021\/09\/b_414_1540578200fot._a._laskowska_2016-2.jpg\"><img loading=\"lazy\" decoding=\"async\" width=\"600\" height=\"450\" src=\"http:\/\/lapidarium.fundacja-hereditas.pl\/wp-content\/uploads\/2021\/09\/b_414_1540578200fot._a._laskowska_2016-2.jpg\" alt=\"Balustrada, klatka schodowa skrzyd\u0142a szkolnego, Zak\u0142ad Wychowawczy Warszawskiej Gminy Starozakonnych im. Micha\u0142a Bergsona, ul. Jagiello\u0144ska 28. Fot. Anna Laskowska, 2016, \u017ar\u00f3d\u0142o: zabytek.co\" data-id=\"3626\" data-full-url=\"http:\/\/lapidarium.fundacja-hereditas.pl\/wp-content\/uploads\/2021\/09\/b_414_1540578200fot._a._laskowska_2016-2.jpg\" data-link=\"https:\/\/lapidarium.fundacja-hereditas.pl\/b_414_1540578200fot-_a-_laskowska_2016-2\/\" class=\"wp-image-3626\" srcset=\"http:\/\/lapidarium.fundacja-hereditas.pl\/wp-content\/uploads\/2021\/09\/b_414_1540578200fot._a._laskowska_2016-2.jpg 600w, http:\/\/lapidarium.fundacja-hereditas.pl\/wp-content\/uploads\/2021\/09\/b_414_1540578200fot._a._laskowska_2016-2-300x225.jpg 300w, http:\/\/lapidarium.fundacja-hereditas.pl\/wp-content\/uploads\/2021\/09\/b_414_1540578200fot._a._laskowska_2016-2-150x113.jpg 150w\" sizes=\"auto, (max-width: 600px) 100vw, 600px\" \/><\/a><figcaption class=\"blocks-gallery-item__caption\">Balustrada, klatka schodowa skrzyd\u0142a szkolnego, Zak\u0142ad Wychowawczy Warszawskiej Gminy Starozakonnych im. Micha\u0142a Bergsona, ul. Jagiello\u0144ska 28. Fot. Anna Laskowska, 2016, \u017ar\u00f3d\u0142o: zabytek.co<\/figcaption><\/figure><\/li><li class=\"blocks-gallery-item\"><figure><a href=\"http:\/\/lapidarium.fundacja-hereditas.pl\/wp-content\/uploads\/2021\/09\/b_414_154057826128001509_1612230938869248_2086993940_n.jpg\"><img loading=\"lazy\" decoding=\"async\" width=\"600\" height=\"450\" src=\"http:\/\/lapidarium.fundacja-hereditas.pl\/wp-content\/uploads\/2021\/09\/b_414_154057826128001509_1612230938869248_2086993940_n.jpg\" alt=\"Balustrada, klatka schodowa skrzyd\u0142a szkolnego, Zak\u0142ad Wychowawczy Warszawskiej Gminy Starozakonnych im. Micha\u0142a Bergsona, ul. Jagiello\u0144ska 28. Fot. Anna Laskowska, 2016, \u017ar\u00f3d\u0142o: zabytek.co\" data-id=\"3582\" data-full-url=\"http:\/\/lapidarium.fundacja-hereditas.pl\/wp-content\/uploads\/2021\/09\/b_414_154057826128001509_1612230938869248_2086993940_n.jpg\" data-link=\"https:\/\/lapidarium.fundacja-hereditas.pl\/b_414_154057826128001509_1612230938869248_2086993940_n\/\" class=\"wp-image-3582\" srcset=\"http:\/\/lapidarium.fundacja-hereditas.pl\/wp-content\/uploads\/2021\/09\/b_414_154057826128001509_1612230938869248_2086993940_n.jpg 600w, http:\/\/lapidarium.fundacja-hereditas.pl\/wp-content\/uploads\/2021\/09\/b_414_154057826128001509_1612230938869248_2086993940_n-300x225.jpg 300w, http:\/\/lapidarium.fundacja-hereditas.pl\/wp-content\/uploads\/2021\/09\/b_414_154057826128001509_1612230938869248_2086993940_n-150x113.jpg 150w\" sizes=\"auto, (max-width: 600px) 100vw, 600px\" \/><\/a><figcaption class=\"blocks-gallery-item__caption\">Balustrada, klatka schodowa skrzyd\u0142a szkolnego, Zak\u0142ad Wychowawczy Warszawskiej Gminy Starozakonnych im. Micha\u0142a Bergsona, ul. Jagiello\u0144ska 28. Fot. Anna Laskowska, 2016, \u017ar\u00f3d\u0142o: zabytek.co<\/figcaption><\/figure><\/li><li class=\"blocks-gallery-item\"><figure><a href=\"http:\/\/lapidarium.fundacja-hereditas.pl\/wp-content\/uploads\/2021\/09\/b_414_1540578183fot._a._laskowska_2016-1.jpg\"><img loading=\"lazy\" decoding=\"async\" width=\"600\" height=\"450\" src=\"http:\/\/lapidarium.fundacja-hereditas.pl\/wp-content\/uploads\/2021\/09\/b_414_1540578183fot._a._laskowska_2016-1.jpg\" alt=\"Balustrada, klatka schodowa skrzyd\u0142a szkolnego, Zak\u0142ad Wychowawczy Warszawskiej Gminy Starozakonnych im. Micha\u0142a Bergsona, ul. Jagiello\u0144ska 28. Fot. Anna Laskowska, 2016, \u017ar\u00f3d\u0142o: zabytek.co\" data-id=\"3625\" data-full-url=\"http:\/\/lapidarium.fundacja-hereditas.pl\/wp-content\/uploads\/2021\/09\/b_414_1540578183fot._a._laskowska_2016-1.jpg\" data-link=\"https:\/\/lapidarium.fundacja-hereditas.pl\/b_414_1540578183fot-_a-_laskowska_2016-1\/\" class=\"wp-image-3625\" srcset=\"http:\/\/lapidarium.fundacja-hereditas.pl\/wp-content\/uploads\/2021\/09\/b_414_1540578183fot._a._laskowska_2016-1.jpg 600w, http:\/\/lapidarium.fundacja-hereditas.pl\/wp-content\/uploads\/2021\/09\/b_414_1540578183fot._a._laskowska_2016-1-300x225.jpg 300w, http:\/\/lapidarium.fundacja-hereditas.pl\/wp-content\/uploads\/2021\/09\/b_414_1540578183fot._a._laskowska_2016-1-150x113.jpg 150w\" sizes=\"auto, (max-width: 600px) 100vw, 600px\" \/><\/a><figcaption class=\"blocks-gallery-item__caption\">Balustrada, klatka schodowa skrzyd\u0142a szkolnego, Zak\u0142ad Wychowawczy Warszawskiej Gminy Starozakonnych im. Micha\u0142a Bergsona, ul. Jagiello\u0144ska 28. Fot. Anna Laskowska, 2016, \u017ar\u00f3d\u0142o: zabytek.co<\/figcaption><\/figure><\/li><li class=\"blocks-gallery-item\"><figure><a href=\"http:\/\/lapidarium.fundacja-hereditas.pl\/wp-content\/uploads\/2021\/09\/b_414_154057821828000733_1612229078869434_1628005648_n.jpg\"><img loading=\"lazy\" decoding=\"async\" width=\"600\" height=\"450\" src=\"http:\/\/lapidarium.fundacja-hereditas.pl\/wp-content\/uploads\/2021\/09\/b_414_154057821828000733_1612229078869434_1628005648_n.jpg\" alt=\"Balustrada, klatka schodowa skrzyd\u0142a szkolnego, Zak\u0142ad Wychowawczy Warszawskiej Gminy Starozakonnych im. Micha\u0142a Bergsona, ul. Jagiello\u0144ska 28. Fot. Anna Laskowska, 2016, \u017ar\u00f3d\u0142o: zabytek.co\" data-id=\"3580\" data-full-url=\"http:\/\/lapidarium.fundacja-hereditas.pl\/wp-content\/uploads\/2021\/09\/b_414_154057821828000733_1612229078869434_1628005648_n.jpg\" data-link=\"https:\/\/lapidarium.fundacja-hereditas.pl\/b_414_154057821828000733_1612229078869434_1628005648_n\/\" class=\"wp-image-3580\" srcset=\"http:\/\/lapidarium.fundacja-hereditas.pl\/wp-content\/uploads\/2021\/09\/b_414_154057821828000733_1612229078869434_1628005648_n.jpg 600w, http:\/\/lapidarium.fundacja-hereditas.pl\/wp-content\/uploads\/2021\/09\/b_414_154057821828000733_1612229078869434_1628005648_n-300x225.jpg 300w, http:\/\/lapidarium.fundacja-hereditas.pl\/wp-content\/uploads\/2021\/09\/b_414_154057821828000733_1612229078869434_1628005648_n-150x113.jpg 150w\" sizes=\"auto, (max-width: 600px) 100vw, 600px\" \/><\/a><figcaption class=\"blocks-gallery-item__caption\">Balustrada, klatka schodowa skrzyd\u0142a szkolnego, Zak\u0142ad Wychowawczy Warszawskiej Gminy Starozakonnych im. Micha\u0142a Bergsona, ul. Jagiello\u0144ska 28. Fot. Anna Laskowska, 2016, \u017ar\u00f3d\u0142o: zabytek.co<\/figcaption><\/figure><\/li><li class=\"blocks-gallery-item\"><figure><a href=\"http:\/\/lapidarium.fundacja-hereditas.pl\/wp-content\/uploads\/2021\/09\/b_414_154057840020161029_141050.jpg\"><img loading=\"lazy\" decoding=\"async\" width=\"600\" height=\"338\" src=\"http:\/\/lapidarium.fundacja-hereditas.pl\/wp-content\/uploads\/2021\/09\/b_414_154057840020161029_141050.jpg\" alt=\"Klatka schodowa skrzyd\u0142a szkolnego, Zak\u0142ad Wychowawczy Warszawskiej Gminy Starozakonnych im. Micha\u0142a Bergsona, ul. Jagiello\u0144ska 28. Fot. Monika Weso\u0142owska, 2016, \u017ar\u00f3d\u0142o: zabytek.co\" data-id=\"3584\" data-full-url=\"http:\/\/lapidarium.fundacja-hereditas.pl\/wp-content\/uploads\/2021\/09\/b_414_154057840020161029_141050.jpg\" data-link=\"https:\/\/lapidarium.fundacja-hereditas.pl\/b_414_154057840020161029_141050\/\" class=\"wp-image-3584\" srcset=\"http:\/\/lapidarium.fundacja-hereditas.pl\/wp-content\/uploads\/2021\/09\/b_414_154057840020161029_141050.jpg 600w, http:\/\/lapidarium.fundacja-hereditas.pl\/wp-content\/uploads\/2021\/09\/b_414_154057840020161029_141050-300x169.jpg 300w, http:\/\/lapidarium.fundacja-hereditas.pl\/wp-content\/uploads\/2021\/09\/b_414_154057840020161029_141050-150x85.jpg 150w\" sizes=\"auto, (max-width: 600px) 100vw, 600px\" \/><\/a><figcaption class=\"blocks-gallery-item__caption\">Klatka schodowa skrzyd\u0142a szkolnego, Zak\u0142ad Wychowawczy Warszawskiej Gminy Starozakonnych im. Micha\u0142a Bergsona, ul. Jagiello\u0144ska 28. Fot. Monika Weso\u0142owska, 2016, \u017ar\u00f3d\u0142o: zabytek.co<\/figcaption><\/figure><\/li><li class=\"blocks-gallery-item\"><figure><a href=\"http:\/\/lapidarium.fundacja-hereditas.pl\/wp-content\/uploads\/2021\/09\/b_415_154057917028001314_1612230622202613_1487585266_n.jpg\"><img loading=\"lazy\" decoding=\"async\" width=\"450\" height=\"600\" src=\"http:\/\/lapidarium.fundacja-hereditas.pl\/wp-content\/uploads\/2021\/09\/b_415_154057917028001314_1612230622202613_1487585266_n.jpg\" alt=\"Posadzka w skrzydle szkolnym, Zak\u0142ad Wychowawczy Warszawskiej Gminy Starozakonnych im. Micha\u0142a Bergsona, ul. Jagiello\u0144ska 28. Fot. Anna Laskowska, 2016, \u017ar\u00f3d\u0142o: zabytek.co\" data-id=\"3586\" data-full-url=\"http:\/\/lapidarium.fundacja-hereditas.pl\/wp-content\/uploads\/2021\/09\/b_415_154057917028001314_1612230622202613_1487585266_n.jpg\" data-link=\"https:\/\/lapidarium.fundacja-hereditas.pl\/b_415_154057917028001314_1612230622202613_1487585266_n\/\" class=\"wp-image-3586\" srcset=\"http:\/\/lapidarium.fundacja-hereditas.pl\/wp-content\/uploads\/2021\/09\/b_415_154057917028001314_1612230622202613_1487585266_n.jpg 450w, http:\/\/lapidarium.fundacja-hereditas.pl\/wp-content\/uploads\/2021\/09\/b_415_154057917028001314_1612230622202613_1487585266_n-225x300.jpg 225w, http:\/\/lapidarium.fundacja-hereditas.pl\/wp-content\/uploads\/2021\/09\/b_415_154057917028001314_1612230622202613_1487585266_n-150x200.jpg 150w, http:\/\/lapidarium.fundacja-hereditas.pl\/wp-content\/uploads\/2021\/09\/b_415_154057917028001314_1612230622202613_1487585266_n-300x400.jpg 300w\" sizes=\"auto, (max-width: 450px) 100vw, 450px\" \/><\/a><figcaption class=\"blocks-gallery-item__caption\">Posadzka w skrzydle szkolnym, Zak\u0142ad Wychowawczy Warszawskiej Gminy Starozakonnych im. Micha\u0142a Bergsona, ul. Jagiello\u0144ska 28. Fot. Anna Laskowska, 2016, \u017ar\u00f3d\u0142o: zabytek.co<\/figcaption><\/figure><\/li><li class=\"blocks-gallery-item\"><figure><a href=\"http:\/\/lapidarium.fundacja-hereditas.pl\/wp-content\/uploads\/2021\/09\/b_414_154057823728001122_1612232145535794_1746095959_n.jpg\"><img loading=\"lazy\" decoding=\"async\" width=\"600\" height=\"450\" src=\"http:\/\/lapidarium.fundacja-hereditas.pl\/wp-content\/uploads\/2021\/09\/b_414_154057823728001122_1612232145535794_1746095959_n.jpg\" alt=\"Balustrada, klatka schodowa skrzyd\u0142a szkolnego, Zak\u0142ad Wychowawczy Warszawskiej Gminy Starozakonnych im. Micha\u0142a Bergsona, ul. Jagiello\u0144ska 28. Fot. Anna Laskowska, 2016, \u017ar\u00f3d\u0142o: zabytek.co\" data-id=\"3581\" data-full-url=\"http:\/\/lapidarium.fundacja-hereditas.pl\/wp-content\/uploads\/2021\/09\/b_414_154057823728001122_1612232145535794_1746095959_n.jpg\" data-link=\"https:\/\/lapidarium.fundacja-hereditas.pl\/b_414_154057823728001122_1612232145535794_1746095959_n\/\" class=\"wp-image-3581\" srcset=\"http:\/\/lapidarium.fundacja-hereditas.pl\/wp-content\/uploads\/2021\/09\/b_414_154057823728001122_1612232145535794_1746095959_n.jpg 600w, http:\/\/lapidarium.fundacja-hereditas.pl\/wp-content\/uploads\/2021\/09\/b_414_154057823728001122_1612232145535794_1746095959_n-300x225.jpg 300w, http:\/\/lapidarium.fundacja-hereditas.pl\/wp-content\/uploads\/2021\/09\/b_414_154057823728001122_1612232145535794_1746095959_n-150x113.jpg 150w\" sizes=\"auto, (max-width: 600px) 100vw, 600px\" \/><\/a><figcaption class=\"blocks-gallery-item__caption\">Balustrada, klatka schodowa skrzyd\u0142a szkolnego, Zak\u0142ad Wychowawczy Warszawskiej Gminy Starozakonnych im. Micha\u0142a Bergsona, ul. Jagiello\u0144ska 28. Fot. Anna Laskowska, 2016, \u017ar\u00f3d\u0142o: zabytek.co<\/figcaption><\/figure><\/li><li class=\"blocks-gallery-item\"><figure><a href=\"http:\/\/lapidarium.fundacja-hereditas.pl\/wp-content\/uploads\/2021\/09\/b_414_154057831228052838_1612226642203011_352593153_n.jpg\"><img loading=\"lazy\" decoding=\"async\" width=\"600\" height=\"450\" src=\"http:\/\/lapidarium.fundacja-hereditas.pl\/wp-content\/uploads\/2021\/09\/b_414_154057831228052838_1612226642203011_352593153_n.jpg\" alt=\"Klatka schodowa skrzyd\u0142a szkolnego, Zak\u0142ad Wychowawczy Warszawskiej Gminy Starozakonnych im. Micha\u0142a Bergsona, ul. Jagiello\u0144ska 28. Fot. Anna Laskowska, 2016, \u017ar\u00f3d\u0142o: zabytek.co\" data-id=\"3583\" data-full-url=\"http:\/\/lapidarium.fundacja-hereditas.pl\/wp-content\/uploads\/2021\/09\/b_414_154057831228052838_1612226642203011_352593153_n.jpg\" data-link=\"https:\/\/lapidarium.fundacja-hereditas.pl\/b_414_154057831228052838_1612226642203011_352593153_n\/\" class=\"wp-image-3583\" srcset=\"http:\/\/lapidarium.fundacja-hereditas.pl\/wp-content\/uploads\/2021\/09\/b_414_154057831228052838_1612226642203011_352593153_n.jpg 600w, http:\/\/lapidarium.fundacja-hereditas.pl\/wp-content\/uploads\/2021\/09\/b_414_154057831228052838_1612226642203011_352593153_n-300x225.jpg 300w, http:\/\/lapidarium.fundacja-hereditas.pl\/wp-content\/uploads\/2021\/09\/b_414_154057831228052838_1612226642203011_352593153_n-150x113.jpg 150w\" sizes=\"auto, (max-width: 600px) 100vw, 600px\" \/><\/a><figcaption class=\"blocks-gallery-item__caption\">Klatka schodowa skrzyd\u0142a szkolnego, Zak\u0142ad Wychowawczy Warszawskiej Gminy Starozakonnych im. Micha\u0142a Bergsona, ul. Jagiello\u0144ska 28. Fot. Anna Laskowska, 2016, \u017ar\u00f3d\u0142o: zabytek.co<\/figcaption><\/figure><\/li><li class=\"blocks-gallery-item\"><figure><a href=\"http:\/\/lapidarium.fundacja-hereditas.pl\/wp-content\/uploads\/2021\/09\/b_415_154057921128109532_1612227285536280_467932634_n.jpg\"><img loading=\"lazy\" decoding=\"async\" width=\"450\" height=\"600\" src=\"http:\/\/lapidarium.fundacja-hereditas.pl\/wp-content\/uploads\/2021\/09\/b_415_154057921128109532_1612227285536280_467932634_n.jpg\" alt=\"Posadzka w skrzydle szkolnym, Zak\u0142ad Wychowawczy Warszawskiej Gminy Starozakonnych im. Micha\u0142a Bergsona, ul. Jagiello\u0144ska 28. Fot. Anna Laskowska, 2016, \u017ar\u00f3d\u0142o: zabytek.co\" data-id=\"3587\" data-full-url=\"http:\/\/lapidarium.fundacja-hereditas.pl\/wp-content\/uploads\/2021\/09\/b_415_154057921128109532_1612227285536280_467932634_n.jpg\" data-link=\"https:\/\/lapidarium.fundacja-hereditas.pl\/b_415_154057921128109532_1612227285536280_467932634_n\/\" class=\"wp-image-3587\" srcset=\"http:\/\/lapidarium.fundacja-hereditas.pl\/wp-content\/uploads\/2021\/09\/b_415_154057921128109532_1612227285536280_467932634_n.jpg 450w, http:\/\/lapidarium.fundacja-hereditas.pl\/wp-content\/uploads\/2021\/09\/b_415_154057921128109532_1612227285536280_467932634_n-225x300.jpg 225w, http:\/\/lapidarium.fundacja-hereditas.pl\/wp-content\/uploads\/2021\/09\/b_415_154057921128109532_1612227285536280_467932634_n-150x200.jpg 150w, http:\/\/lapidarium.fundacja-hereditas.pl\/wp-content\/uploads\/2021\/09\/b_415_154057921128109532_1612227285536280_467932634_n-300x400.jpg 300w\" sizes=\"auto, (max-width: 450px) 100vw, 450px\" \/><\/a><figcaption class=\"blocks-gallery-item__caption\">Posadzka w skrzydle szkolnym, Zak\u0142ad Wychowawczy Warszawskiej Gminy Starozakonnych im. Micha\u0142a Bergsona, ul. Jagiello\u0144ska 28. Fot. Anna Laskowska, 2016, \u017ar\u00f3d\u0142o: zabytek.co<\/figcaption><\/figure><\/li><li class=\"blocks-gallery-item\"><figure><a href=\"http:\/\/lapidarium.fundacja-hereditas.pl\/wp-content\/uploads\/2021\/09\/b_415_154057916028001298_1612230568869285_1135215142_n.jpg\"><img loading=\"lazy\" decoding=\"async\" width=\"600\" height=\"450\" src=\"http:\/\/lapidarium.fundacja-hereditas.pl\/wp-content\/uploads\/2021\/09\/b_415_154057916028001298_1612230568869285_1135215142_n.jpg\" alt=\"Posadzka w skrzydle szkolnym, Zak\u0142ad Wychowawczy Warszawskiej Gminy Starozakonnych im. Micha\u0142a Bergsona, ul. Jagiello\u0144ska 28. Fot. Anna Laskowska, 2016, \u017ar\u00f3d\u0142o: zabytek.co\" data-id=\"3585\" data-full-url=\"http:\/\/lapidarium.fundacja-hereditas.pl\/wp-content\/uploads\/2021\/09\/b_415_154057916028001298_1612230568869285_1135215142_n.jpg\" data-link=\"https:\/\/lapidarium.fundacja-hereditas.pl\/b_415_154057916028001298_1612230568869285_1135215142_n\/\" class=\"wp-image-3585\" srcset=\"http:\/\/lapidarium.fundacja-hereditas.pl\/wp-content\/uploads\/2021\/09\/b_415_154057916028001298_1612230568869285_1135215142_n.jpg 600w, http:\/\/lapidarium.fundacja-hereditas.pl\/wp-content\/uploads\/2021\/09\/b_415_154057916028001298_1612230568869285_1135215142_n-300x225.jpg 300w, http:\/\/lapidarium.fundacja-hereditas.pl\/wp-content\/uploads\/2021\/09\/b_415_154057916028001298_1612230568869285_1135215142_n-150x113.jpg 150w\" sizes=\"auto, (max-width: 600px) 100vw, 600px\" \/><\/a><figcaption class=\"blocks-gallery-item__caption\">Posadzka w skrzydle szkolnym, Zak\u0142ad Wychowawczy Warszawskiej Gminy Starozakonnych im. Micha\u0142a Bergsona, ul. Jagiello\u0144ska 28. Fot. Anna Laskowska, 2016, \u017ar\u00f3d\u0142o: zabytek.co<\/figcaption><\/figure><\/li><li class=\"blocks-gallery-item\"><figure><a href=\"http:\/\/lapidarium.fundacja-hereditas.pl\/wp-content\/uploads\/2021\/09\/b_415_154057924028109410_1612230612202614_1640209059_n.jpg\"><img loading=\"lazy\" decoding=\"async\" width=\"600\" height=\"450\" src=\"http:\/\/lapidarium.fundacja-hereditas.pl\/wp-content\/uploads\/2021\/09\/b_415_154057924028109410_1612230612202614_1640209059_n.jpg\" alt=\"Posadzka w skrzydle szkolnym, Zak\u0142ad Wychowawczy Warszawskiej Gminy Starozakonnych im. Micha\u0142a Bergsona, ul. Jagiello\u0144ska 28. Fot. Anna Laskowska, 2016, \u017ar\u00f3d\u0142o: zabytek.co\" data-id=\"3588\" data-full-url=\"http:\/\/lapidarium.fundacja-hereditas.pl\/wp-content\/uploads\/2021\/09\/b_415_154057924028109410_1612230612202614_1640209059_n.jpg\" data-link=\"https:\/\/lapidarium.fundacja-hereditas.pl\/b_415_154057924028109410_1612230612202614_1640209059_n\/\" class=\"wp-image-3588\" srcset=\"http:\/\/lapidarium.fundacja-hereditas.pl\/wp-content\/uploads\/2021\/09\/b_415_154057924028109410_1612230612202614_1640209059_n.jpg 600w, http:\/\/lapidarium.fundacja-hereditas.pl\/wp-content\/uploads\/2021\/09\/b_415_154057924028109410_1612230612202614_1640209059_n-300x225.jpg 300w, http:\/\/lapidarium.fundacja-hereditas.pl\/wp-content\/uploads\/2021\/09\/b_415_154057924028109410_1612230612202614_1640209059_n-150x113.jpg 150w\" sizes=\"auto, (max-width: 600px) 100vw, 600px\" \/><\/a><figcaption class=\"blocks-gallery-item__caption\">Posadzka w skrzydle szkolnym, Zak\u0142ad Wychowawczy Warszawskiej Gminy Starozakonnych im. Micha\u0142a Bergsona, ul. Jagiello\u0144ska 28. Fot. Anna Laskowska, 2016, \u017ar\u00f3d\u0142o: zabytek.co<\/figcaption><\/figure><\/li><\/ul><\/figure>\n","protected":false},"excerpt":{"rendered":"<p>al. Solidarno\u015bci 28. Zak\u0142ad Wychowawczy Warszawskiej Gminy Starozakonnych im. Micha\u0142a Bergsona.<\/p>\n","protected":false},"author":2,"featured_media":3590,"comment_status":"open","ping_status":"open","sticky":false,"template":"","format":"standard","meta":{"footnotes":""},"categories":[44,4],"tags":[],"class_list":{"0":"post-3596","1":"post","2":"type-post","3":"status-publish","4":"format-standard","5":"has-post-thumbnail","7":"category-al-solidarnosci","8":"category-warszawa"},"_links":{"self":[{"href":"http:\/\/lapidarium.fundacja-hereditas.pl\/index.php\/wp-json\/wp\/v2\/posts\/3596","targetHints":{"allow":["GET"]}}],"collection":[{"href":"http:\/\/lapidarium.fundacja-hereditas.pl\/index.php\/wp-json\/wp\/v2\/posts"}],"about":[{"href":"http:\/\/lapidarium.fundacja-hereditas.pl\/index.php\/wp-json\/wp\/v2\/types\/post"}],"author":[{"embeddable":true,"href":"http:\/\/lapidarium.fundacja-hereditas.pl\/index.php\/wp-json\/wp\/v2\/users\/2"}],"replies":[{"embeddable":true,"href":"http:\/\/lapidarium.fundacja-hereditas.pl\/index.php\/wp-json\/wp\/v2\/comments?post=3596"}],"version-history":[{"count":3,"href":"http:\/\/lapidarium.fundacja-hereditas.pl\/index.php\/wp-json\/wp\/v2\/posts\/3596\/revisions"}],"predecessor-version":[{"id":5422,"href":"http:\/\/lapidarium.fundacja-hereditas.pl\/index.php\/wp-json\/wp\/v2\/posts\/3596\/revisions\/5422"}],"wp:featuredmedia":[{"embeddable":true,"href":"http:\/\/lapidarium.fundacja-hereditas.pl\/index.php\/wp-json\/wp\/v2\/media\/3590"}],"wp:attachment":[{"href":"http:\/\/lapidarium.fundacja-hereditas.pl\/index.php\/wp-json\/wp\/v2\/media?parent=3596"}],"wp:term":[{"taxonomy":"category","embeddable":true,"href":"http:\/\/lapidarium.fundacja-hereditas.pl\/index.php\/wp-json\/wp\/v2\/categories?post=3596"},{"taxonomy":"post_tag","embeddable":true,"href":"http:\/\/lapidarium.fundacja-hereditas.pl\/index.php\/wp-json\/wp\/v2\/tags?post=3596"}],"curies":[{"name":"wp","href":"https:\/\/api.w.org\/{rel}","templated":true}]}}