{"id":3522,"date":"2021-09-05T11:54:46","date_gmt":"2021-09-05T09:54:46","guid":{"rendered":"https:\/\/lapidarium.fundacja-hereditas.pl\/?p=3522"},"modified":"2021-10-26T13:48:31","modified_gmt":"2021-10-26T11:48:31","slug":"kamienica-ul-okrzei-1","status":"publish","type":"post","link":"http:\/\/lapidarium.fundacja-hereditas.pl\/index.php\/2021\/09\/05\/kamienica-ul-okrzei-1\/","title":{"rendered":"Kamienica ul. Okrzei 1, Warszawa"},"content":{"rendered":"\n<p>Dawna w\u0142a\u015bcicielka Klara Skoryna.<\/p>\n\n\n\n<figure class=\"wp-block-gallery columns-3 is-cropped wp-block-gallery-1 is-layout-flex wp-block-gallery-is-layout-flex\"><ul class=\"blocks-gallery-grid\"><li class=\"blocks-gallery-item\"><figure><a href=\"http:\/\/lapidarium.fundacja-hereditas.pl\/wp-content\/uploads\/2021\/09\/b_387_1540326752img_0712_a.jpg\"><img loading=\"lazy\" decoding=\"async\" width=\"600\" height=\"400\" src=\"http:\/\/lapidarium.fundacja-hereditas.pl\/wp-content\/uploads\/2021\/09\/b_387_1540326752img_0712_a.jpg\" alt=\"Kamienica, ul. Okrzei 1 (widok od ulicy Panie\u0144skiej). Fot. Anna Szwa\u0142kiewicz, 2018, \u017ar\u00f3d\u0142o: zabytek.co\" data-id=\"3518\" data-full-url=\"http:\/\/lapidarium.fundacja-hereditas.pl\/wp-content\/uploads\/2021\/09\/b_387_1540326752img_0712_a.jpg\" data-link=\"https:\/\/lapidarium.fundacja-hereditas.pl\/b_387_1540326752img_0712_a\/\" class=\"wp-image-3518\" srcset=\"http:\/\/lapidarium.fundacja-hereditas.pl\/wp-content\/uploads\/2021\/09\/b_387_1540326752img_0712_a.jpg 600w, http:\/\/lapidarium.fundacja-hereditas.pl\/wp-content\/uploads\/2021\/09\/b_387_1540326752img_0712_a-300x200.jpg 300w, http:\/\/lapidarium.fundacja-hereditas.pl\/wp-content\/uploads\/2021\/09\/b_387_1540326752img_0712_a-150x100.jpg 150w\" sizes=\"auto, (max-width: 600px) 100vw, 600px\" \/><\/a><figcaption class=\"blocks-gallery-item__caption\">Kamienica, ul. Okrzei 1 (widok od ulicy Panie\u0144skiej). Fot. Anna Szwa\u0142kiewicz, 2018, \u017ar\u00f3d\u0142o: zabytek.co<\/figcaption><\/figure><\/li><li class=\"blocks-gallery-item\"><figure><a href=\"http:\/\/lapidarium.fundacja-hereditas.pl\/wp-content\/uploads\/2021\/09\/b_387_1540326737img_0707_a.jpg\"><img loading=\"lazy\" decoding=\"async\" width=\"600\" height=\"400\" src=\"http:\/\/lapidarium.fundacja-hereditas.pl\/wp-content\/uploads\/2021\/09\/b_387_1540326737img_0707_a.jpg\" alt=\"Kamienica, ul. Okrzei 1 (widok od ulicy Okrzei). Fot. Anna Szwa\u0142kiewicz, 2018, \u017ar\u00f3d\u0142o: zabytek.co\" data-id=\"3538\" data-full-url=\"http:\/\/lapidarium.fundacja-hereditas.pl\/wp-content\/uploads\/2021\/09\/b_387_1540326737img_0707_a.jpg\" data-link=\"https:\/\/lapidarium.fundacja-hereditas.pl\/b_387_1540326737img_0707_a\/\" class=\"wp-image-3538\" srcset=\"http:\/\/lapidarium.fundacja-hereditas.pl\/wp-content\/uploads\/2021\/09\/b_387_1540326737img_0707_a.jpg 600w, http:\/\/lapidarium.fundacja-hereditas.pl\/wp-content\/uploads\/2021\/09\/b_387_1540326737img_0707_a-300x200.jpg 300w, http:\/\/lapidarium.fundacja-hereditas.pl\/wp-content\/uploads\/2021\/09\/b_387_1540326737img_0707_a-150x100.jpg 150w\" sizes=\"auto, (max-width: 600px) 100vw, 600px\" \/><\/a><figcaption class=\"blocks-gallery-item__caption\">Kamienica, ul. Okrzei 1 (widok od ulicy Okrzei). Fot. Anna Szwa\u0142kiewicz, 2018, \u017ar\u00f3d\u0142o: zabytek.co<\/figcaption><\/figure><\/li><li class=\"blocks-gallery-item\"><figure><a href=\"http:\/\/lapidarium.fundacja-hereditas.pl\/wp-content\/uploads\/2021\/09\/b_389_1540328590img_0660_a.jpg\"><img loading=\"lazy\" decoding=\"async\" width=\"400\" height=\"600\" src=\"http:\/\/lapidarium.fundacja-hereditas.pl\/wp-content\/uploads\/2021\/09\/b_389_1540328590img_0660_a.jpg\" alt=\"Balkon, kamienica, ul. Okrzei 1. Fot. Anna Szwa\u0142kiewicz, 2018, \u017ar\u00f3d\u0142o: zabytek.co\" data-id=\"3524\" data-full-url=\"http:\/\/lapidarium.fundacja-hereditas.pl\/wp-content\/uploads\/2021\/09\/b_389_1540328590img_0660_a.jpg\" data-link=\"https:\/\/lapidarium.fundacja-hereditas.pl\/b_389_1540328590img_0660_a\/\" class=\"wp-image-3524\" srcset=\"http:\/\/lapidarium.fundacja-hereditas.pl\/wp-content\/uploads\/2021\/09\/b_389_1540328590img_0660_a.jpg 400w, http:\/\/lapidarium.fundacja-hereditas.pl\/wp-content\/uploads\/2021\/09\/b_389_1540328590img_0660_a-200x300.jpg 200w, http:\/\/lapidarium.fundacja-hereditas.pl\/wp-content\/uploads\/2021\/09\/b_389_1540328590img_0660_a-150x225.jpg 150w, http:\/\/lapidarium.fundacja-hereditas.pl\/wp-content\/uploads\/2021\/09\/b_389_1540328590img_0660_a-300x450.jpg 300w\" sizes=\"auto, (max-width: 400px) 100vw, 400px\" \/><\/a><figcaption class=\"blocks-gallery-item__caption\">Balkon, kamienica, ul. Okrzei 1. Fot. Anna Szwa\u0142kiewicz, 2018, \u017ar\u00f3d\u0142o: zabytek.co<\/figcaption><\/figure><\/li><li class=\"blocks-gallery-item\"><figure><a href=\"http:\/\/lapidarium.fundacja-hereditas.pl\/wp-content\/uploads\/2021\/09\/b_389_1540328582img_0659_a.jpg\"><img loading=\"lazy\" decoding=\"async\" width=\"600\" height=\"400\" src=\"http:\/\/lapidarium.fundacja-hereditas.pl\/wp-content\/uploads\/2021\/09\/b_389_1540328582img_0659_a.jpg\" alt=\"Balkon, kamienica, ul. Okrzei 1. Fot. Anna Szwa\u0142kiewicz, 2018, \u017ar\u00f3d\u0142o: zabytek.co\" data-id=\"3523\" data-full-url=\"http:\/\/lapidarium.fundacja-hereditas.pl\/wp-content\/uploads\/2021\/09\/b_389_1540328582img_0659_a.jpg\" data-link=\"https:\/\/lapidarium.fundacja-hereditas.pl\/b_389_1540328582img_0659_a\/\" class=\"wp-image-3523\" srcset=\"http:\/\/lapidarium.fundacja-hereditas.pl\/wp-content\/uploads\/2021\/09\/b_389_1540328582img_0659_a.jpg 600w, http:\/\/lapidarium.fundacja-hereditas.pl\/wp-content\/uploads\/2021\/09\/b_389_1540328582img_0659_a-300x200.jpg 300w, http:\/\/lapidarium.fundacja-hereditas.pl\/wp-content\/uploads\/2021\/09\/b_389_1540328582img_0659_a-150x100.jpg 150w\" sizes=\"auto, (max-width: 600px) 100vw, 600px\" \/><\/a><figcaption class=\"blocks-gallery-item__caption\">Balkon, kamienica, ul. Okrzei 1. Fot. Anna Szwa\u0142kiewicz, 2018, \u017ar\u00f3d\u0142o: zabytek.co<\/figcaption><\/figure><\/li><li class=\"blocks-gallery-item\"><figure><a href=\"http:\/\/lapidarium.fundacja-hereditas.pl\/wp-content\/uploads\/2021\/09\/b_389_154032896620180909_133029.jpg\"><img loading=\"lazy\" decoding=\"async\" width=\"600\" height=\"338\" src=\"http:\/\/lapidarium.fundacja-hereditas.pl\/wp-content\/uploads\/2021\/09\/b_389_154032896620180909_133029.jpg\" alt=\"Balkon, kamienica, ul. Okrzei 1. Fot. Monika Weso\u0142owska, 2018, \u017ar\u00f3d\u0142o: zabytek.co\" data-id=\"3526\" data-full-url=\"http:\/\/lapidarium.fundacja-hereditas.pl\/wp-content\/uploads\/2021\/09\/b_389_154032896620180909_133029.jpg\" data-link=\"https:\/\/lapidarium.fundacja-hereditas.pl\/b_389_154032896620180909_133029\/\" class=\"wp-image-3526\" srcset=\"http:\/\/lapidarium.fundacja-hereditas.pl\/wp-content\/uploads\/2021\/09\/b_389_154032896620180909_133029.jpg 600w, http:\/\/lapidarium.fundacja-hereditas.pl\/wp-content\/uploads\/2021\/09\/b_389_154032896620180909_133029-300x169.jpg 300w, http:\/\/lapidarium.fundacja-hereditas.pl\/wp-content\/uploads\/2021\/09\/b_389_154032896620180909_133029-150x85.jpg 150w\" sizes=\"auto, (max-width: 600px) 100vw, 600px\" \/><\/a><figcaption class=\"blocks-gallery-item__caption\">Balkon, kamienica, ul. Okrzei 1. Fot. Monika Weso\u0142owska, 2018, \u017ar\u00f3d\u0142o: zabytek.co<\/figcaption><\/figure><\/li><li class=\"blocks-gallery-item\"><figure><a href=\"http:\/\/lapidarium.fundacja-hereditas.pl\/wp-content\/uploads\/2021\/09\/b_389_154032894920180909_133033.jpg\"><img loading=\"lazy\" decoding=\"async\" width=\"600\" height=\"338\" src=\"http:\/\/lapidarium.fundacja-hereditas.pl\/wp-content\/uploads\/2021\/09\/b_389_154032894920180909_133033.jpg\" alt=\"Balkon, kamienica, ul. Okrzei 1. Fot. Monika Weso\u0142owska, 2018, \u017ar\u00f3d\u0142o: zabytek.co\" data-id=\"3525\" data-full-url=\"http:\/\/lapidarium.fundacja-hereditas.pl\/wp-content\/uploads\/2021\/09\/b_389_154032894920180909_133033.jpg\" data-link=\"https:\/\/lapidarium.fundacja-hereditas.pl\/b_389_154032894920180909_133033\/\" class=\"wp-image-3525\" srcset=\"http:\/\/lapidarium.fundacja-hereditas.pl\/wp-content\/uploads\/2021\/09\/b_389_154032894920180909_133033.jpg 600w, http:\/\/lapidarium.fundacja-hereditas.pl\/wp-content\/uploads\/2021\/09\/b_389_154032894920180909_133033-300x169.jpg 300w, http:\/\/lapidarium.fundacja-hereditas.pl\/wp-content\/uploads\/2021\/09\/b_389_154032894920180909_133033-150x85.jpg 150w\" sizes=\"auto, (max-width: 600px) 100vw, 600px\" \/><\/a><figcaption class=\"blocks-gallery-item__caption\">Balkon, kamienica, ul. Okrzei 1. Fot. Monika Weso\u0142owska, 2018, \u017ar\u00f3d\u0142o: zabytek.co<\/figcaption><\/figure><\/li><li class=\"blocks-gallery-item\"><figure><a href=\"http:\/\/lapidarium.fundacja-hereditas.pl\/wp-content\/uploads\/2021\/09\/b_389_154032898520180909_133025.jpg\"><img loading=\"lazy\" decoding=\"async\" width=\"600\" height=\"338\" src=\"http:\/\/lapidarium.fundacja-hereditas.pl\/wp-content\/uploads\/2021\/09\/b_389_154032898520180909_133025.jpg\" alt=\"Ryflowany awers p\u0142yty balkonowej, kamienica, ul. Okrzei 1. Fot. Monika Weso\u0142owska, 2018, \u017ar\u00f3d\u0142o: zabytek.co\" data-id=\"3527\" data-full-url=\"http:\/\/lapidarium.fundacja-hereditas.pl\/wp-content\/uploads\/2021\/09\/b_389_154032898520180909_133025.jpg\" data-link=\"https:\/\/lapidarium.fundacja-hereditas.pl\/b_389_154032898520180909_133025\/\" class=\"wp-image-3527\" srcset=\"http:\/\/lapidarium.fundacja-hereditas.pl\/wp-content\/uploads\/2021\/09\/b_389_154032898520180909_133025.jpg 600w, http:\/\/lapidarium.fundacja-hereditas.pl\/wp-content\/uploads\/2021\/09\/b_389_154032898520180909_133025-300x169.jpg 300w, http:\/\/lapidarium.fundacja-hereditas.pl\/wp-content\/uploads\/2021\/09\/b_389_154032898520180909_133025-150x85.jpg 150w\" sizes=\"auto, (max-width: 600px) 100vw, 600px\" \/><\/a><figcaption class=\"blocks-gallery-item__caption\">Ryflowany awers p\u0142yty balkonowej, kamienica, ul. Okrzei 1. Fot. Monika Weso\u0142owska, 2018, \u017ar\u00f3d\u0142o: zabytek.co<\/figcaption><\/figure><\/li><li class=\"blocks-gallery-item\"><figure><a href=\"http:\/\/lapidarium.fundacja-hereditas.pl\/wp-content\/uploads\/2021\/09\/b_390_1540411409img_0703_a.jpg\"><img loading=\"lazy\" decoding=\"async\" width=\"400\" height=\"600\" src=\"http:\/\/lapidarium.fundacja-hereditas.pl\/wp-content\/uploads\/2021\/09\/b_390_1540411409img_0703_a.jpg\" alt=\"Drzwi wej\u015bciowe, kamienica, ul. Okrzei 1. Fot. Anna Szwa\u0142kiewicz, 2018, \u017ar\u00f3d\u0142o: zabytek.co\" data-id=\"3529\" data-full-url=\"http:\/\/lapidarium.fundacja-hereditas.pl\/wp-content\/uploads\/2021\/09\/b_390_1540411409img_0703_a.jpg\" data-link=\"https:\/\/lapidarium.fundacja-hereditas.pl\/b_390_1540411409img_0703_a\/\" class=\"wp-image-3529\" srcset=\"http:\/\/lapidarium.fundacja-hereditas.pl\/wp-content\/uploads\/2021\/09\/b_390_1540411409img_0703_a.jpg 400w, http:\/\/lapidarium.fundacja-hereditas.pl\/wp-content\/uploads\/2021\/09\/b_390_1540411409img_0703_a-200x300.jpg 200w, http:\/\/lapidarium.fundacja-hereditas.pl\/wp-content\/uploads\/2021\/09\/b_390_1540411409img_0703_a-150x225.jpg 150w, http:\/\/lapidarium.fundacja-hereditas.pl\/wp-content\/uploads\/2021\/09\/b_390_1540411409img_0703_a-300x450.jpg 300w\" sizes=\"auto, (max-width: 400px) 100vw, 400px\" \/><\/a><figcaption class=\"blocks-gallery-item__caption\">Drzwi wej\u015bciowe, kamienica, ul. Okrzei 1. Fot. Anna Szwa\u0142kiewicz, 2018, \u017ar\u00f3d\u0142o: zabytek.co<\/figcaption><\/figure><\/li><li class=\"blocks-gallery-item\"><figure><a href=\"http:\/\/lapidarium.fundacja-hereditas.pl\/wp-content\/uploads\/2021\/09\/b_390_1540411395img_0669_a.jpg\"><img loading=\"lazy\" decoding=\"async\" width=\"400\" height=\"600\" src=\"http:\/\/lapidarium.fundacja-hereditas.pl\/wp-content\/uploads\/2021\/09\/b_390_1540411395img_0669_a.jpg\" alt=\"Drzwi wej\u015bciowe, kamienica, ul. Okrzei 1. Fot. Anna Szwa\u0142kiewicz, 2018, \u017ar\u00f3d\u0142o: zabytek.co\" data-id=\"3528\" data-full-url=\"http:\/\/lapidarium.fundacja-hereditas.pl\/wp-content\/uploads\/2021\/09\/b_390_1540411395img_0669_a.jpg\" data-link=\"https:\/\/lapidarium.fundacja-hereditas.pl\/b_390_1540411395img_0669_a\/\" class=\"wp-image-3528\" srcset=\"http:\/\/lapidarium.fundacja-hereditas.pl\/wp-content\/uploads\/2021\/09\/b_390_1540411395img_0669_a.jpg 400w, http:\/\/lapidarium.fundacja-hereditas.pl\/wp-content\/uploads\/2021\/09\/b_390_1540411395img_0669_a-200x300.jpg 200w, http:\/\/lapidarium.fundacja-hereditas.pl\/wp-content\/uploads\/2021\/09\/b_390_1540411395img_0669_a-150x225.jpg 150w, http:\/\/lapidarium.fundacja-hereditas.pl\/wp-content\/uploads\/2021\/09\/b_390_1540411395img_0669_a-300x450.jpg 300w\" sizes=\"auto, (max-width: 400px) 100vw, 400px\" \/><\/a><figcaption class=\"blocks-gallery-item__caption\">Drzwi wej\u015bciowe, kamienica, ul. Okrzei 1. Fot. Anna Szwa\u0142kiewicz, 2018, \u017ar\u00f3d\u0142o: zabytek.co<\/figcaption><\/figure><\/li><li class=\"blocks-gallery-item\"><figure><a href=\"http:\/\/lapidarium.fundacja-hereditas.pl\/wp-content\/uploads\/2021\/09\/b_390_1540412842img_0701_a.jpg\"><img loading=\"lazy\" decoding=\"async\" width=\"400\" height=\"600\" src=\"http:\/\/lapidarium.fundacja-hereditas.pl\/wp-content\/uploads\/2021\/09\/b_390_1540412842img_0701_a.jpg\" alt=\"Drzwi wej\u015bciowe (od strony wn\u0119trza), kamienica, ul. Okrzei 1. Fot. Anna Szwa\u0142kiewicz, 2018, \u017ar\u00f3d\u0142o: zabytek.co\" data-id=\"3530\" data-full-url=\"http:\/\/lapidarium.fundacja-hereditas.pl\/wp-content\/uploads\/2021\/09\/b_390_1540412842img_0701_a.jpg\" data-link=\"https:\/\/lapidarium.fundacja-hereditas.pl\/b_390_1540412842img_0701_a\/\" class=\"wp-image-3530\" srcset=\"http:\/\/lapidarium.fundacja-hereditas.pl\/wp-content\/uploads\/2021\/09\/b_390_1540412842img_0701_a.jpg 400w, http:\/\/lapidarium.fundacja-hereditas.pl\/wp-content\/uploads\/2021\/09\/b_390_1540412842img_0701_a-200x300.jpg 200w, http:\/\/lapidarium.fundacja-hereditas.pl\/wp-content\/uploads\/2021\/09\/b_390_1540412842img_0701_a-150x225.jpg 150w, http:\/\/lapidarium.fundacja-hereditas.pl\/wp-content\/uploads\/2021\/09\/b_390_1540412842img_0701_a-300x450.jpg 300w\" sizes=\"auto, (max-width: 400px) 100vw, 400px\" \/><\/a><figcaption class=\"blocks-gallery-item__caption\">Drzwi wej\u015bciowe (od strony wn\u0119trza), kamienica, ul. Okrzei 1. Fot. Anna Szwa\u0142kiewicz, 2018, \u017ar\u00f3d\u0142o: zabytek.co<\/figcaption><\/figure><\/li><li class=\"blocks-gallery-item\"><figure><a href=\"http:\/\/lapidarium.fundacja-hereditas.pl\/wp-content\/uploads\/2021\/09\/b_388_1540327239img_0667_a.jpg\"><img loading=\"lazy\" decoding=\"async\" width=\"400\" height=\"600\" src=\"http:\/\/lapidarium.fundacja-hereditas.pl\/wp-content\/uploads\/2021\/09\/b_388_1540327239img_0667_a.jpg\" alt=\"Okno, kamienica, ul. Okrzei 1. Fot. Anna Szwa\u0142kiewicz, 2018, \u017ar\u00f3d\u0142o: zabytek.co\" data-id=\"3519\" data-full-url=\"http:\/\/lapidarium.fundacja-hereditas.pl\/wp-content\/uploads\/2021\/09\/b_388_1540327239img_0667_a.jpg\" data-link=\"https:\/\/lapidarium.fundacja-hereditas.pl\/b_388_1540327239img_0667_a\/\" class=\"wp-image-3519\" srcset=\"http:\/\/lapidarium.fundacja-hereditas.pl\/wp-content\/uploads\/2021\/09\/b_388_1540327239img_0667_a.jpg 400w, http:\/\/lapidarium.fundacja-hereditas.pl\/wp-content\/uploads\/2021\/09\/b_388_1540327239img_0667_a-200x300.jpg 200w, http:\/\/lapidarium.fundacja-hereditas.pl\/wp-content\/uploads\/2021\/09\/b_388_1540327239img_0667_a-150x225.jpg 150w, http:\/\/lapidarium.fundacja-hereditas.pl\/wp-content\/uploads\/2021\/09\/b_388_1540327239img_0667_a-300x450.jpg 300w\" sizes=\"auto, (max-width: 400px) 100vw, 400px\" \/><\/a><figcaption class=\"blocks-gallery-item__caption\">Okno, kamienica, ul. Okrzei 1. Fot. Anna Szwa\u0142kiewicz, 2018, \u017ar\u00f3d\u0142o: zabytek.co<\/figcaption><\/figure><\/li><li class=\"blocks-gallery-item\"><figure><a href=\"http:\/\/lapidarium.fundacja-hereditas.pl\/wp-content\/uploads\/2021\/09\/b_388_154032728720180909_132936.jpg\"><img loading=\"lazy\" decoding=\"async\" width=\"338\" height=\"600\" src=\"http:\/\/lapidarium.fundacja-hereditas.pl\/wp-content\/uploads\/2021\/09\/b_388_154032728720180909_132936.jpg\" alt=\"Okno, kamienica, ul. Okrzei 1. Fot. Monika Weso\u0142owska, 2018, \u017ar\u00f3d\u0142o: zabytek.co\" data-id=\"3521\" data-full-url=\"http:\/\/lapidarium.fundacja-hereditas.pl\/wp-content\/uploads\/2021\/09\/b_388_154032728720180909_132936.jpg\" data-link=\"https:\/\/lapidarium.fundacja-hereditas.pl\/b_388_154032728720180909_132936\/\" class=\"wp-image-3521\" srcset=\"http:\/\/lapidarium.fundacja-hereditas.pl\/wp-content\/uploads\/2021\/09\/b_388_154032728720180909_132936.jpg 338w, http:\/\/lapidarium.fundacja-hereditas.pl\/wp-content\/uploads\/2021\/09\/b_388_154032728720180909_132936-169x300.jpg 169w, http:\/\/lapidarium.fundacja-hereditas.pl\/wp-content\/uploads\/2021\/09\/b_388_154032728720180909_132936-150x266.jpg 150w, http:\/\/lapidarium.fundacja-hereditas.pl\/wp-content\/uploads\/2021\/09\/b_388_154032728720180909_132936-300x533.jpg 300w\" sizes=\"auto, (max-width: 338px) 100vw, 338px\" \/><\/a><figcaption class=\"blocks-gallery-item__caption\">Okno, kamienica, ul. Okrzei 1. Fot. Monika Weso\u0142owska, 2018, \u017ar\u00f3d\u0142o: zabytek.co<\/figcaption><\/figure><\/li><li class=\"blocks-gallery-item\"><figure><a href=\"http:\/\/lapidarium.fundacja-hereditas.pl\/wp-content\/uploads\/2021\/09\/b_388_1540327256img_0700_a.jpg\"><img loading=\"lazy\" decoding=\"async\" width=\"400\" height=\"600\" src=\"http:\/\/lapidarium.fundacja-hereditas.pl\/wp-content\/uploads\/2021\/09\/b_388_1540327256img_0700_a.jpg\" alt=\"Okno, kamienica, ul. Okrzei 1. Fot. Anna Szwa\u0142kiewicz, 2018, \u017ar\u00f3d\u0142o: zabytek.co\" data-id=\"3520\" data-full-url=\"http:\/\/lapidarium.fundacja-hereditas.pl\/wp-content\/uploads\/2021\/09\/b_388_1540327256img_0700_a.jpg\" data-link=\"https:\/\/lapidarium.fundacja-hereditas.pl\/b_388_1540327256img_0700_a\/\" class=\"wp-image-3520\" srcset=\"http:\/\/lapidarium.fundacja-hereditas.pl\/wp-content\/uploads\/2021\/09\/b_388_1540327256img_0700_a.jpg 400w, http:\/\/lapidarium.fundacja-hereditas.pl\/wp-content\/uploads\/2021\/09\/b_388_1540327256img_0700_a-200x300.jpg 200w, http:\/\/lapidarium.fundacja-hereditas.pl\/wp-content\/uploads\/2021\/09\/b_388_1540327256img_0700_a-150x225.jpg 150w, http:\/\/lapidarium.fundacja-hereditas.pl\/wp-content\/uploads\/2021\/09\/b_388_1540327256img_0700_a-300x450.jpg 300w\" sizes=\"auto, (max-width: 400px) 100vw, 400px\" \/><\/a><figcaption class=\"blocks-gallery-item__caption\">Okno, kamienica, ul. Okrzei 1. Fot. Anna Szwa\u0142kiewicz, 2018, \u017ar\u00f3d\u0142o: zabytek.co<\/figcaption><\/figure><\/li><li class=\"blocks-gallery-item\"><figure><a href=\"http:\/\/lapidarium.fundacja-hereditas.pl\/wp-content\/uploads\/2021\/09\/b_391_1540412496img_0694_a.jpg\"><img loading=\"lazy\" decoding=\"async\" width=\"400\" height=\"600\" src=\"http:\/\/lapidarium.fundacja-hereditas.pl\/wp-content\/uploads\/2021\/09\/b_391_1540412496img_0694_a.jpg\" alt=\"Schody, kamienica, ul. Okrzei 1. Fot. Anna Szwa\u0142kiewicz, 2018, \u017ar\u00f3d\u0142o: zabytek.co\" data-id=\"3536\" data-full-url=\"http:\/\/lapidarium.fundacja-hereditas.pl\/wp-content\/uploads\/2021\/09\/b_391_1540412496img_0694_a.jpg\" data-link=\"https:\/\/lapidarium.fundacja-hereditas.pl\/b_391_1540412496img_0694_a\/\" class=\"wp-image-3536\" srcset=\"http:\/\/lapidarium.fundacja-hereditas.pl\/wp-content\/uploads\/2021\/09\/b_391_1540412496img_0694_a.jpg 400w, http:\/\/lapidarium.fundacja-hereditas.pl\/wp-content\/uploads\/2021\/09\/b_391_1540412496img_0694_a-200x300.jpg 200w, http:\/\/lapidarium.fundacja-hereditas.pl\/wp-content\/uploads\/2021\/09\/b_391_1540412496img_0694_a-150x225.jpg 150w, http:\/\/lapidarium.fundacja-hereditas.pl\/wp-content\/uploads\/2021\/09\/b_391_1540412496img_0694_a-300x450.jpg 300w\" sizes=\"auto, (max-width: 400px) 100vw, 400px\" \/><\/a><figcaption class=\"blocks-gallery-item__caption\">Schody, kamienica, ul. Okrzei 1. Fot. Anna Szwa\u0142kiewicz, 2018, \u017ar\u00f3d\u0142o: zabytek.co<\/figcaption><\/figure><\/li><li class=\"blocks-gallery-item\"><figure><a href=\"http:\/\/lapidarium.fundacja-hereditas.pl\/wp-content\/uploads\/2021\/09\/b_391_1540412479img_0681_a.jpg\"><img loading=\"lazy\" decoding=\"async\" width=\"400\" height=\"600\" src=\"http:\/\/lapidarium.fundacja-hereditas.pl\/wp-content\/uploads\/2021\/09\/b_391_1540412479img_0681_a.jpg\" alt=\"Schody, kamienica, ul. Okrzei 1. Fot. Anna Szwa\u0142kiewicz, 2018, \u017ar\u00f3d\u0142o: zabytek.co\" data-id=\"3535\" data-full-url=\"http:\/\/lapidarium.fundacja-hereditas.pl\/wp-content\/uploads\/2021\/09\/b_391_1540412479img_0681_a.jpg\" data-link=\"https:\/\/lapidarium.fundacja-hereditas.pl\/b_391_1540412479img_0681_a\/\" class=\"wp-image-3535\" srcset=\"http:\/\/lapidarium.fundacja-hereditas.pl\/wp-content\/uploads\/2021\/09\/b_391_1540412479img_0681_a.jpg 400w, http:\/\/lapidarium.fundacja-hereditas.pl\/wp-content\/uploads\/2021\/09\/b_391_1540412479img_0681_a-200x300.jpg 200w, http:\/\/lapidarium.fundacja-hereditas.pl\/wp-content\/uploads\/2021\/09\/b_391_1540412479img_0681_a-150x225.jpg 150w, http:\/\/lapidarium.fundacja-hereditas.pl\/wp-content\/uploads\/2021\/09\/b_391_1540412479img_0681_a-300x450.jpg 300w\" sizes=\"auto, (max-width: 400px) 100vw, 400px\" \/><\/a><figcaption class=\"blocks-gallery-item__caption\">Schody, kamienica, ul. Okrzei 1. Fot. Anna Szwa\u0142kiewicz, 2018, \u017ar\u00f3d\u0142o: zabytek.co<\/figcaption><\/figure><\/li><li class=\"blocks-gallery-item\"><figure><a href=\"http:\/\/lapidarium.fundacja-hereditas.pl\/wp-content\/uploads\/2021\/09\/b_391_1540412467img_0674_a.jpg\"><img loading=\"lazy\" decoding=\"async\" width=\"400\" height=\"600\" src=\"http:\/\/lapidarium.fundacja-hereditas.pl\/wp-content\/uploads\/2021\/09\/b_391_1540412467img_0674_a.jpg\" alt=\"Schody, kamienica, ul. Okrzei 1. Fot. Anna Szwa\u0142kiewicz, 2018, \u017ar\u00f3d\u0142o: zabytek.co\" data-id=\"3533\" data-full-url=\"http:\/\/lapidarium.fundacja-hereditas.pl\/wp-content\/uploads\/2021\/09\/b_391_1540412467img_0674_a.jpg\" data-link=\"https:\/\/lapidarium.fundacja-hereditas.pl\/b_391_1540412467img_0674_a\/\" class=\"wp-image-3533\" srcset=\"http:\/\/lapidarium.fundacja-hereditas.pl\/wp-content\/uploads\/2021\/09\/b_391_1540412467img_0674_a.jpg 400w, http:\/\/lapidarium.fundacja-hereditas.pl\/wp-content\/uploads\/2021\/09\/b_391_1540412467img_0674_a-200x300.jpg 200w, http:\/\/lapidarium.fundacja-hereditas.pl\/wp-content\/uploads\/2021\/09\/b_391_1540412467img_0674_a-150x225.jpg 150w, http:\/\/lapidarium.fundacja-hereditas.pl\/wp-content\/uploads\/2021\/09\/b_391_1540412467img_0674_a-300x450.jpg 300w\" sizes=\"auto, (max-width: 400px) 100vw, 400px\" \/><\/a><figcaption class=\"blocks-gallery-item__caption\">Schody, kamienica, ul. Okrzei 1. Fot. Anna Szwa\u0142kiewicz, 2018, \u017ar\u00f3d\u0142o: zabytek.co<\/figcaption><\/figure><\/li><li class=\"blocks-gallery-item\"><figure><a href=\"http:\/\/lapidarium.fundacja-hereditas.pl\/wp-content\/uploads\/2021\/09\/b_391_1540412454img_0671_a.jpg\"><img loading=\"lazy\" decoding=\"async\" width=\"400\" height=\"600\" src=\"http:\/\/lapidarium.fundacja-hereditas.pl\/wp-content\/uploads\/2021\/09\/b_391_1540412454img_0671_a.jpg\" alt=\"Schody, kamienica, ul. Okrzei 1. Fot. Anna Szwa\u0142kiewicz, 2018, \u017ar\u00f3d\u0142o: zabytek.co\" data-id=\"3532\" data-full-url=\"http:\/\/lapidarium.fundacja-hereditas.pl\/wp-content\/uploads\/2021\/09\/b_391_1540412454img_0671_a.jpg\" data-link=\"https:\/\/lapidarium.fundacja-hereditas.pl\/b_391_1540412454img_0671_a\/\" class=\"wp-image-3532\" srcset=\"http:\/\/lapidarium.fundacja-hereditas.pl\/wp-content\/uploads\/2021\/09\/b_391_1540412454img_0671_a.jpg 400w, http:\/\/lapidarium.fundacja-hereditas.pl\/wp-content\/uploads\/2021\/09\/b_391_1540412454img_0671_a-200x300.jpg 200w, http:\/\/lapidarium.fundacja-hereditas.pl\/wp-content\/uploads\/2021\/09\/b_391_1540412454img_0671_a-150x225.jpg 150w, http:\/\/lapidarium.fundacja-hereditas.pl\/wp-content\/uploads\/2021\/09\/b_391_1540412454img_0671_a-300x450.jpg 300w\" sizes=\"auto, (max-width: 400px) 100vw, 400px\" \/><\/a><figcaption class=\"blocks-gallery-item__caption\">Schody, kamienica, ul. Okrzei 1. Fot. Anna Szwa\u0142kiewicz, 2018, \u017ar\u00f3d\u0142o: zabytek.co<\/figcaption><\/figure><\/li><li class=\"blocks-gallery-item\"><figure><a href=\"http:\/\/lapidarium.fundacja-hereditas.pl\/wp-content\/uploads\/2021\/09\/b_391_1540412431img_0676_a.jpg\"><img loading=\"lazy\" decoding=\"async\" width=\"600\" height=\"400\" src=\"http:\/\/lapidarium.fundacja-hereditas.pl\/wp-content\/uploads\/2021\/09\/b_391_1540412431img_0676_a.jpg\" alt=\"Schody, kamienica, ul. Okrzei 1. Fot. Anna Szwa\u0142kiewicz, 2018, \u017ar\u00f3d\u0142o: zabytek.co\" data-id=\"3531\" data-full-url=\"http:\/\/lapidarium.fundacja-hereditas.pl\/wp-content\/uploads\/2021\/09\/b_391_1540412431img_0676_a.jpg\" data-link=\"https:\/\/lapidarium.fundacja-hereditas.pl\/b_391_1540412431img_0676_a\/\" class=\"wp-image-3531\" srcset=\"http:\/\/lapidarium.fundacja-hereditas.pl\/wp-content\/uploads\/2021\/09\/b_391_1540412431img_0676_a.jpg 600w, http:\/\/lapidarium.fundacja-hereditas.pl\/wp-content\/uploads\/2021\/09\/b_391_1540412431img_0676_a-300x200.jpg 300w, http:\/\/lapidarium.fundacja-hereditas.pl\/wp-content\/uploads\/2021\/09\/b_391_1540412431img_0676_a-150x100.jpg 150w\" sizes=\"auto, (max-width: 600px) 100vw, 600px\" \/><\/a><figcaption class=\"blocks-gallery-item__caption\">Schody, kamienica, ul. Okrzei 1. Fot. Anna Szwa\u0142kiewicz, 2018, \u017ar\u00f3d\u0142o: zabytek.co<\/figcaption><\/figure><\/li><\/ul><\/figure>\n","protected":false},"excerpt":{"rendered":"<p>Kamienica ul. Okrzei 1. Dawna w\u0142a\u015bcicielka Klara Skoryna.<\/p>\n","protected":false},"author":2,"featured_media":3518,"comment_status":"open","ping_status":"open","sticky":false,"template":"","format":"standard","meta":{"footnotes":""},"categories":[43,4],"tags":[],"class_list":{"0":"post-3522","1":"post","2":"type-post","3":"status-publish","4":"format-standard","5":"has-post-thumbnail","7":"category-okrzei","8":"category-warszawa"},"_links":{"self":[{"href":"http:\/\/lapidarium.fundacja-hereditas.pl\/index.php\/wp-json\/wp\/v2\/posts\/3522","targetHints":{"allow":["GET"]}}],"collection":[{"href":"http:\/\/lapidarium.fundacja-hereditas.pl\/index.php\/wp-json\/wp\/v2\/posts"}],"about":[{"href":"http:\/\/lapidarium.fundacja-hereditas.pl\/index.php\/wp-json\/wp\/v2\/types\/post"}],"author":[{"embeddable":true,"href":"http:\/\/lapidarium.fundacja-hereditas.pl\/index.php\/wp-json\/wp\/v2\/users\/2"}],"replies":[{"embeddable":true,"href":"http:\/\/lapidarium.fundacja-hereditas.pl\/index.php\/wp-json\/wp\/v2\/comments?post=3522"}],"version-history":[{"count":6,"href":"http:\/\/lapidarium.fundacja-hereditas.pl\/index.php\/wp-json\/wp\/v2\/posts\/3522\/revisions"}],"predecessor-version":[{"id":5436,"href":"http:\/\/lapidarium.fundacja-hereditas.pl\/index.php\/wp-json\/wp\/v2\/posts\/3522\/revisions\/5436"}],"wp:featuredmedia":[{"embeddable":true,"href":"http:\/\/lapidarium.fundacja-hereditas.pl\/index.php\/wp-json\/wp\/v2\/media\/3518"}],"wp:attachment":[{"href":"http:\/\/lapidarium.fundacja-hereditas.pl\/index.php\/wp-json\/wp\/v2\/media?parent=3522"}],"wp:term":[{"taxonomy":"category","embeddable":true,"href":"http:\/\/lapidarium.fundacja-hereditas.pl\/index.php\/wp-json\/wp\/v2\/categories?post=3522"},{"taxonomy":"post_tag","embeddable":true,"href":"http:\/\/lapidarium.fundacja-hereditas.pl\/index.php\/wp-json\/wp\/v2\/tags?post=3522"}],"curies":[{"name":"wp","href":"https:\/\/api.w.org\/{rel}","templated":true}]}}