{"id":33058,"date":"2024-12-31T22:00:03","date_gmt":"2024-12-31T21:00:03","guid":{"rendered":"http:\/\/lapidarium.fundacja-hereditas.pl\/?p=33058"},"modified":"2025-05-27T13:07:04","modified_gmt":"2025-05-27T11:07:04","slug":"kamienica-ul-kollataja-92-otwock-willa-wedla-drewniak","status":"publish","type":"post","link":"http:\/\/lapidarium.fundacja-hereditas.pl\/index.php\/2024\/12\/31\/kamienica-ul-kollataja-92-otwock-willa-wedla-drewniak\/","title":{"rendered":"Kamienica ul. Ko\u0142\u0142\u0105taja 92, Otwock (willa Wedla &#8211; drewniak)"},"content":{"rendered":"\n<p>Drewniany parterowy dom wybudowany w zakolu dawnego brzegu \u015awidra, w miejscowo\u015bci okre\u015blanej w\u00f3wczas mianem Brzegi. Nazw\u0119 t\u0119 wymy\u015bli\u0142 i rozpropagowa\u0142 tw\u00f3rca powsta\u0142ej tu kolonii Micha\u0142 Andriolli. W 1880 r. zakupi\u0142 on 200-hektarowy folwark Anielin od Zygmunta Kutza, w\u0142a\u015bciciela maj\u0105tku Otwock Wielki. Nabyty obszar, poro\u015bni\u0119ty sosnowym lasem, ci\u0105gn\u0105\u0142 si\u0119 wzd\u0142u\u017c \u015awidra. Pocz\u0105tkowo Andriolli prawdopodobnie my\u015bla\u0142 tylko o zaszyciu si\u0119 na \u0142onie przyrody, z dala od miasta &#8211; szuka\u0142 wyciszenia po traumatycznych prze\u017cyciach: \u015bmierci matki oraz w zbli\u017conym czasie p\u00f3\u0142torarocznej c\u00f3reczki. Niebawem jednak zacz\u0105\u0142 tworzy\u0107 letnisko, daj\u0105c tym samym pocz\u0105tek trwaj\u0105cej potem przez ponad p\u00f3\u0142 wieku modzie na osadnictwo wypoczynkowo-sanatoryjne wzd\u0142u\u017c wschodniego brzegu Wis\u0142y, od Warszawy po Karczew. Obiekty, jakie zaprojektowa\u0142, uznaje si\u0119 za \u0142\u0105cz\u0105ce elementy architektury drewnianej Imperium Rosyjskiego z architektur\u0105 szwajcarskich uzdrowisk. Oryginalne formy przyj\u0119\u0142y si\u0119, po czym w kolejnych latach sta\u0142y si\u0119 elementem rozpoznawczym ca\u0142ego mikroregionu, okre\u015blane zwyczajowo jako &#8222;\u015bwidermajer&#8221;. Prezentowany tu obiekt pochodzi z 1887 r. i jest jednym z najstarszych tego typu dom\u00f3w na ca\u0142ej tzw. linii otwockiej. Wzniesiony zosta\u0142 zapewne z przeznaczeniem na wynajem ca\u0142oroczny, czemu sprzyja\u0142a blisko\u015b\u0107 stacji kolejowej. Z czasem Andriolli wyzby\u0142 si\u0119 cz\u0119\u015bci obiekt\u00f3w, a po jego \u015bmierci w 1893 r. wiele dom\u00f3w zacz\u0119\u0142o sw\u0105 w\u0142asn\u0105 histori\u0119. Tak by\u0142o i w tym przypadku. W 1910 r. s\u0142ynna rodzina cukiernik\u00f3w &#8211; Wedl\u00f3w &#8211; naby\u0142a cz\u0119\u015b\u0107 dawnego folwarku Andriollego od Edmunda Sikorskiego. Od tego czasu w willi bywali Wedlowie, przyjmowano go\u015bci, bawiono si\u0119. Wszystko to sko\u0144czy\u0142o si\u0119 po II wojnie, wraz z zasiedleniem podzielonej na mniejsze mieszkania willi przez lokator\u00f3w z kwaterunku. Taki status \u2013 wielorodzinnego domu komunalnego &#8211; willa utrzyma\u0142a do po\u0142owy lat -nastych XXI w., po czym zosta\u0142a opuszczona i w ci\u0105gu mniej ni\u017c 10 lat popad\u0142a w ruin\u0119. Na chwile obecn\u0105 (grudzie\u0144 2024) wypada chyba my\u015ble\u0107 wy\u0142\u0105cznie o zabezpieczeniu oryginalnych detali, kt\u00f3re mo\u017cna by w\u0142\u0105czy\u0107 w ewentualnie zrekonstruowany obiekt, bo z samej willi pozosta\u0142y w wi\u0119kszo\u015bci ju\u017c tylko \u015bciany obwodowe&nbsp;z reliktami dachu.<\/p>\n\n\n\n<p>::: W\u0142\u0105czono do bazy w ramach projektu: ,,FOCUS na detal \u2013 spo\u0142eczna dokumentacja detalu architektonicznego zabytk\u00f3w Warszawy i innych miast Mazowsza\u201d, realizowanego w ramach wsparcia ze \u015brodk\u00f3w planu rozwojowego (Krajowego Planu Odbudowy \/ KPO).<\/p>\n\n\n\n<figure class=\"wp-block-image size-full is-resized\"><img loading=\"lazy\" decoding=\"async\" width=\"1024\" height=\"131\" src=\"http:\/\/lapidarium.fundacja-hereditas.pl\/wp-content\/uploads\/2024\/12\/obraz-1.png\" alt=\"\" class=\"wp-image-33280\" style=\"width:458px;height:auto\" srcset=\"http:\/\/lapidarium.fundacja-hereditas.pl\/wp-content\/uploads\/2024\/12\/obraz-1.png 1024w, http:\/\/lapidarium.fundacja-hereditas.pl\/wp-content\/uploads\/2024\/12\/obraz-1-300x38.png 300w, http:\/\/lapidarium.fundacja-hereditas.pl\/wp-content\/uploads\/2024\/12\/obraz-1-768x98.png 768w, http:\/\/lapidarium.fundacja-hereditas.pl\/wp-content\/uploads\/2024\/12\/obraz-1-150x19.png 150w, http:\/\/lapidarium.fundacja-hereditas.pl\/wp-content\/uploads\/2024\/12\/obraz-1-696x89.png 696w\" sizes=\"auto, (max-width: 1024px) 100vw, 1024px\" \/><\/figure>\n\n\n\n<figure class=\"wp-block-gallery has-nested-images columns-default is-cropped wp-block-gallery-1 is-layout-flex wp-block-gallery-is-layout-flex\">\n<figure class=\"wp-block-image size-large\"><img loading=\"lazy\" decoding=\"async\" width=\"1024\" height=\"766\" data-id=\"33062\" src=\"http:\/\/lapidarium.fundacja-hereditas.pl\/wp-content\/uploads\/2024\/12\/IMG_20241222_110433-1024x766.jpg\" alt=\"\" class=\"wp-image-33062\" srcset=\"http:\/\/lapidarium.fundacja-hereditas.pl\/wp-content\/uploads\/2024\/12\/IMG_20241222_110433-1024x766.jpg 1024w, http:\/\/lapidarium.fundacja-hereditas.pl\/wp-content\/uploads\/2024\/12\/IMG_20241222_110433-300x224.jpg 300w, http:\/\/lapidarium.fundacja-hereditas.pl\/wp-content\/uploads\/2024\/12\/IMG_20241222_110433-768x575.jpg 768w, http:\/\/lapidarium.fundacja-hereditas.pl\/wp-content\/uploads\/2024\/12\/IMG_20241222_110433-1536x1149.jpg 1536w, http:\/\/lapidarium.fundacja-hereditas.pl\/wp-content\/uploads\/2024\/12\/IMG_20241222_110433-2048x1532.jpg 2048w, http:\/\/lapidarium.fundacja-hereditas.pl\/wp-content\/uploads\/2024\/12\/IMG_20241222_110433-150x112.jpg 150w, http:\/\/lapidarium.fundacja-hereditas.pl\/wp-content\/uploads\/2024\/12\/IMG_20241222_110433-696x521.jpg 696w, http:\/\/lapidarium.fundacja-hereditas.pl\/wp-content\/uploads\/2024\/12\/IMG_20241222_110433-1068x799.jpg 1068w, http:\/\/lapidarium.fundacja-hereditas.pl\/wp-content\/uploads\/2024\/12\/IMG_20241222_110433-1920x1437.jpg 1920w\" sizes=\"auto, (max-width: 1024px) 100vw, 1024px\" \/><figcaption class=\"wp-element-caption\">Widok og\u00f3lny od po\u0142udnia. Fot. El\u017cbieta Smole\u0144ska, 2024 r., \u017ar\u00f3d\u0142o: \u201eFocus na detal\u201d.<\/figcaption><\/figure>\n\n\n\n<figure class=\"wp-block-image size-large\"><img loading=\"lazy\" decoding=\"async\" width=\"1024\" height=\"766\" data-id=\"33066\" src=\"http:\/\/lapidarium.fundacja-hereditas.pl\/wp-content\/uploads\/2024\/12\/IMG_20241222_110632-1024x766.jpg\" alt=\"\" class=\"wp-image-33066\" srcset=\"http:\/\/lapidarium.fundacja-hereditas.pl\/wp-content\/uploads\/2024\/12\/IMG_20241222_110632-1024x766.jpg 1024w, http:\/\/lapidarium.fundacja-hereditas.pl\/wp-content\/uploads\/2024\/12\/IMG_20241222_110632-300x224.jpg 300w, http:\/\/lapidarium.fundacja-hereditas.pl\/wp-content\/uploads\/2024\/12\/IMG_20241222_110632-768x575.jpg 768w, http:\/\/lapidarium.fundacja-hereditas.pl\/wp-content\/uploads\/2024\/12\/IMG_20241222_110632-1536x1149.jpg 1536w, http:\/\/lapidarium.fundacja-hereditas.pl\/wp-content\/uploads\/2024\/12\/IMG_20241222_110632-2048x1532.jpg 2048w, http:\/\/lapidarium.fundacja-hereditas.pl\/wp-content\/uploads\/2024\/12\/IMG_20241222_110632-150x112.jpg 150w, http:\/\/lapidarium.fundacja-hereditas.pl\/wp-content\/uploads\/2024\/12\/IMG_20241222_110632-696x521.jpg 696w, http:\/\/lapidarium.fundacja-hereditas.pl\/wp-content\/uploads\/2024\/12\/IMG_20241222_110632-1068x799.jpg 1068w, http:\/\/lapidarium.fundacja-hereditas.pl\/wp-content\/uploads\/2024\/12\/IMG_20241222_110632-1920x1437.jpg 1920w\" sizes=\"auto, (max-width: 1024px) 100vw, 1024px\" \/><figcaption class=\"wp-element-caption\">Widok og\u00f3lny od po\u0142udnia &#8211; weranda. Fot. El\u017cbieta Smole\u0144ska, 2024 r., \u017ar\u00f3d\u0142o: \u201eFocus na detal\u201d.<\/figcaption><\/figure>\n\n\n\n<figure class=\"wp-block-image size-large\"><img loading=\"lazy\" decoding=\"async\" width=\"1024\" height=\"766\" data-id=\"33065\" src=\"http:\/\/lapidarium.fundacja-hereditas.pl\/wp-content\/uploads\/2024\/12\/IMG_20241222_110709-1024x766.jpg\" alt=\"\" class=\"wp-image-33065\" srcset=\"http:\/\/lapidarium.fundacja-hereditas.pl\/wp-content\/uploads\/2024\/12\/IMG_20241222_110709-1024x766.jpg 1024w, http:\/\/lapidarium.fundacja-hereditas.pl\/wp-content\/uploads\/2024\/12\/IMG_20241222_110709-300x224.jpg 300w, http:\/\/lapidarium.fundacja-hereditas.pl\/wp-content\/uploads\/2024\/12\/IMG_20241222_110709-768x575.jpg 768w, http:\/\/lapidarium.fundacja-hereditas.pl\/wp-content\/uploads\/2024\/12\/IMG_20241222_110709-1536x1149.jpg 1536w, http:\/\/lapidarium.fundacja-hereditas.pl\/wp-content\/uploads\/2024\/12\/IMG_20241222_110709-2048x1532.jpg 2048w, http:\/\/lapidarium.fundacja-hereditas.pl\/wp-content\/uploads\/2024\/12\/IMG_20241222_110709-150x112.jpg 150w, http:\/\/lapidarium.fundacja-hereditas.pl\/wp-content\/uploads\/2024\/12\/IMG_20241222_110709-696x521.jpg 696w, http:\/\/lapidarium.fundacja-hereditas.pl\/wp-content\/uploads\/2024\/12\/IMG_20241222_110709-1068x799.jpg 1068w, http:\/\/lapidarium.fundacja-hereditas.pl\/wp-content\/uploads\/2024\/12\/IMG_20241222_110709-1920x1437.jpg 1920w\" sizes=\"auto, (max-width: 1024px) 100vw, 1024px\" \/><figcaption class=\"wp-element-caption\">Widok od wchodu &#8211; weranda. Fot. El\u017cbieta Smole\u0144ska, 2024 r., \u017ar\u00f3d\u0142o: \u201eFocus na detal\u201d.<\/figcaption><\/figure>\n\n\n\n<figure class=\"wp-block-image size-large\"><img loading=\"lazy\" decoding=\"async\" width=\"1024\" height=\"766\" data-id=\"33067\" src=\"http:\/\/lapidarium.fundacja-hereditas.pl\/wp-content\/uploads\/2024\/12\/IMG_20241222_110740-1024x766.jpg\" alt=\"\" class=\"wp-image-33067\" srcset=\"http:\/\/lapidarium.fundacja-hereditas.pl\/wp-content\/uploads\/2024\/12\/IMG_20241222_110740-1024x766.jpg 1024w, http:\/\/lapidarium.fundacja-hereditas.pl\/wp-content\/uploads\/2024\/12\/IMG_20241222_110740-300x224.jpg 300w, http:\/\/lapidarium.fundacja-hereditas.pl\/wp-content\/uploads\/2024\/12\/IMG_20241222_110740-768x575.jpg 768w, http:\/\/lapidarium.fundacja-hereditas.pl\/wp-content\/uploads\/2024\/12\/IMG_20241222_110740-1536x1149.jpg 1536w, http:\/\/lapidarium.fundacja-hereditas.pl\/wp-content\/uploads\/2024\/12\/IMG_20241222_110740-2048x1532.jpg 2048w, http:\/\/lapidarium.fundacja-hereditas.pl\/wp-content\/uploads\/2024\/12\/IMG_20241222_110740-150x112.jpg 150w, http:\/\/lapidarium.fundacja-hereditas.pl\/wp-content\/uploads\/2024\/12\/IMG_20241222_110740-696x521.jpg 696w, http:\/\/lapidarium.fundacja-hereditas.pl\/wp-content\/uploads\/2024\/12\/IMG_20241222_110740-1068x799.jpg 1068w, http:\/\/lapidarium.fundacja-hereditas.pl\/wp-content\/uploads\/2024\/12\/IMG_20241222_110740-1920x1437.jpg 1920w\" sizes=\"auto, (max-width: 1024px) 100vw, 1024px\" \/><figcaption class=\"wp-element-caption\">Widok og\u00f3lny od po\u0142udnia &#8211; weranda. Fot. El\u017cbieta Smole\u0144ska, 2024 r., \u017ar\u00f3d\u0142o: \u201eFocus na detal\u201d.<\/figcaption><\/figure>\n\n\n\n<figure class=\"wp-block-image size-large\"><img loading=\"lazy\" decoding=\"async\" width=\"1024\" height=\"766\" data-id=\"33064\" src=\"http:\/\/lapidarium.fundacja-hereditas.pl\/wp-content\/uploads\/2024\/12\/IMG_20241222_110832-1024x766.jpg\" alt=\"\" class=\"wp-image-33064\" srcset=\"http:\/\/lapidarium.fundacja-hereditas.pl\/wp-content\/uploads\/2024\/12\/IMG_20241222_110832-1024x766.jpg 1024w, http:\/\/lapidarium.fundacja-hereditas.pl\/wp-content\/uploads\/2024\/12\/IMG_20241222_110832-300x224.jpg 300w, http:\/\/lapidarium.fundacja-hereditas.pl\/wp-content\/uploads\/2024\/12\/IMG_20241222_110832-768x575.jpg 768w, http:\/\/lapidarium.fundacja-hereditas.pl\/wp-content\/uploads\/2024\/12\/IMG_20241222_110832-1536x1149.jpg 1536w, http:\/\/lapidarium.fundacja-hereditas.pl\/wp-content\/uploads\/2024\/12\/IMG_20241222_110832-2048x1532.jpg 2048w, http:\/\/lapidarium.fundacja-hereditas.pl\/wp-content\/uploads\/2024\/12\/IMG_20241222_110832-150x112.jpg 150w, http:\/\/lapidarium.fundacja-hereditas.pl\/wp-content\/uploads\/2024\/12\/IMG_20241222_110832-696x521.jpg 696w, http:\/\/lapidarium.fundacja-hereditas.pl\/wp-content\/uploads\/2024\/12\/IMG_20241222_110832-1068x799.jpg 1068w, http:\/\/lapidarium.fundacja-hereditas.pl\/wp-content\/uploads\/2024\/12\/IMG_20241222_110832-1920x1437.jpg 1920w\" sizes=\"auto, (max-width: 1024px) 100vw, 1024px\" \/><figcaption class=\"wp-element-caption\">Posadzka. P\u0142d.-wsch. cz\u0119\u015b\u0107 domu. Fot. El\u017cbieta Smole\u0144ska, 2024 r., \u017ar\u00f3d\u0142o: \u201eFocus na detal\u201d.<\/figcaption><\/figure>\n\n\n\n<figure class=\"wp-block-image size-large\"><img loading=\"lazy\" decoding=\"async\" width=\"766\" height=\"1024\" data-id=\"33063\" src=\"http:\/\/lapidarium.fundacja-hereditas.pl\/wp-content\/uploads\/2024\/12\/IMG_20241222_110852-766x1024.jpg\" alt=\"\" class=\"wp-image-33063\" srcset=\"http:\/\/lapidarium.fundacja-hereditas.pl\/wp-content\/uploads\/2024\/12\/IMG_20241222_110852-766x1024.jpg 766w, http:\/\/lapidarium.fundacja-hereditas.pl\/wp-content\/uploads\/2024\/12\/IMG_20241222_110852-224x300.jpg 224w, http:\/\/lapidarium.fundacja-hereditas.pl\/wp-content\/uploads\/2024\/12\/IMG_20241222_110852-768x1026.jpg 768w, http:\/\/lapidarium.fundacja-hereditas.pl\/wp-content\/uploads\/2024\/12\/IMG_20241222_110852-1149x1536.jpg 1149w, http:\/\/lapidarium.fundacja-hereditas.pl\/wp-content\/uploads\/2024\/12\/IMG_20241222_110852-1532x2048.jpg 1532w, http:\/\/lapidarium.fundacja-hereditas.pl\/wp-content\/uploads\/2024\/12\/IMG_20241222_110852-150x200.jpg 150w, http:\/\/lapidarium.fundacja-hereditas.pl\/wp-content\/uploads\/2024\/12\/IMG_20241222_110852-300x401.jpg 300w, http:\/\/lapidarium.fundacja-hereditas.pl\/wp-content\/uploads\/2024\/12\/IMG_20241222_110852-696x930.jpg 696w, http:\/\/lapidarium.fundacja-hereditas.pl\/wp-content\/uploads\/2024\/12\/IMG_20241222_110852-1068x1427.jpg 1068w, http:\/\/lapidarium.fundacja-hereditas.pl\/wp-content\/uploads\/2024\/12\/IMG_20241222_110852-1920x2566.jpg 1920w, http:\/\/lapidarium.fundacja-hereditas.pl\/wp-content\/uploads\/2024\/12\/IMG_20241222_110852-scaled.jpg 1916w\" sizes=\"auto, (max-width: 766px) 100vw, 766px\" \/><figcaption class=\"wp-element-caption\">Toaleta. P\u0142d.-wsch. cz\u0119\u015b\u0107 domu. Fot. El\u017cbieta Smole\u0144ska, 2024 r., \u017ar\u00f3d\u0142o: \u201eFocus na detal\u201d.<\/figcaption><\/figure>\n\n\n\n<figure class=\"wp-block-image size-large\"><img loading=\"lazy\" decoding=\"async\" width=\"766\" height=\"1024\" data-id=\"33068\" src=\"http:\/\/lapidarium.fundacja-hereditas.pl\/wp-content\/uploads\/2024\/12\/IMG_20241222_110951-766x1024.jpg\" alt=\"\" class=\"wp-image-33068\" srcset=\"http:\/\/lapidarium.fundacja-hereditas.pl\/wp-content\/uploads\/2024\/12\/IMG_20241222_110951-766x1024.jpg 766w, http:\/\/lapidarium.fundacja-hereditas.pl\/wp-content\/uploads\/2024\/12\/IMG_20241222_110951-224x300.jpg 224w, http:\/\/lapidarium.fundacja-hereditas.pl\/wp-content\/uploads\/2024\/12\/IMG_20241222_110951-768x1026.jpg 768w, http:\/\/lapidarium.fundacja-hereditas.pl\/wp-content\/uploads\/2024\/12\/IMG_20241222_110951-1149x1536.jpg 1149w, http:\/\/lapidarium.fundacja-hereditas.pl\/wp-content\/uploads\/2024\/12\/IMG_20241222_110951-1532x2048.jpg 1532w, http:\/\/lapidarium.fundacja-hereditas.pl\/wp-content\/uploads\/2024\/12\/IMG_20241222_110951-150x200.jpg 150w, http:\/\/lapidarium.fundacja-hereditas.pl\/wp-content\/uploads\/2024\/12\/IMG_20241222_110951-300x401.jpg 300w, http:\/\/lapidarium.fundacja-hereditas.pl\/wp-content\/uploads\/2024\/12\/IMG_20241222_110951-696x930.jpg 696w, http:\/\/lapidarium.fundacja-hereditas.pl\/wp-content\/uploads\/2024\/12\/IMG_20241222_110951-1068x1427.jpg 1068w, http:\/\/lapidarium.fundacja-hereditas.pl\/wp-content\/uploads\/2024\/12\/IMG_20241222_110951-1920x2566.jpg 1920w, http:\/\/lapidarium.fundacja-hereditas.pl\/wp-content\/uploads\/2024\/12\/IMG_20241222_110951-scaled.jpg 1916w\" sizes=\"auto, (max-width: 766px) 100vw, 766px\" \/><figcaption class=\"wp-element-caption\">Widok z werandy. Fot. El\u017cbieta Smole\u0144ska, 2024 r., \u017ar\u00f3d\u0142o: \u201eFocus na detal\u201d.<\/figcaption><\/figure>\n\n\n\n<figure class=\"wp-block-image size-large\"><img loading=\"lazy\" decoding=\"async\" width=\"766\" height=\"1024\" data-id=\"33071\" src=\"http:\/\/lapidarium.fundacja-hereditas.pl\/wp-content\/uploads\/2024\/12\/IMG_20241222_111013-766x1024.jpg\" alt=\"\" class=\"wp-image-33071\" srcset=\"http:\/\/lapidarium.fundacja-hereditas.pl\/wp-content\/uploads\/2024\/12\/IMG_20241222_111013-766x1024.jpg 766w, http:\/\/lapidarium.fundacja-hereditas.pl\/wp-content\/uploads\/2024\/12\/IMG_20241222_111013-224x300.jpg 224w, http:\/\/lapidarium.fundacja-hereditas.pl\/wp-content\/uploads\/2024\/12\/IMG_20241222_111013-768x1026.jpg 768w, http:\/\/lapidarium.fundacja-hereditas.pl\/wp-content\/uploads\/2024\/12\/IMG_20241222_111013-1149x1536.jpg 1149w, http:\/\/lapidarium.fundacja-hereditas.pl\/wp-content\/uploads\/2024\/12\/IMG_20241222_111013-1532x2048.jpg 1532w, http:\/\/lapidarium.fundacja-hereditas.pl\/wp-content\/uploads\/2024\/12\/IMG_20241222_111013-150x200.jpg 150w, http:\/\/lapidarium.fundacja-hereditas.pl\/wp-content\/uploads\/2024\/12\/IMG_20241222_111013-300x401.jpg 300w, http:\/\/lapidarium.fundacja-hereditas.pl\/wp-content\/uploads\/2024\/12\/IMG_20241222_111013-696x930.jpg 696w, http:\/\/lapidarium.fundacja-hereditas.pl\/wp-content\/uploads\/2024\/12\/IMG_20241222_111013-1068x1427.jpg 1068w, http:\/\/lapidarium.fundacja-hereditas.pl\/wp-content\/uploads\/2024\/12\/IMG_20241222_111013-1920x2566.jpg 1920w, http:\/\/lapidarium.fundacja-hereditas.pl\/wp-content\/uploads\/2024\/12\/IMG_20241222_111013-scaled.jpg 1916w\" sizes=\"auto, (max-width: 766px) 100vw, 766px\" \/><figcaption class=\"wp-element-caption\">Widok z werandy. Fot. El\u017cbieta Smole\u0144ska, 2024 r., \u017ar\u00f3d\u0142o: \u201eFocus na detal\u201d.<\/figcaption><\/figure>\n\n\n\n<figure class=\"wp-block-image size-large\"><img loading=\"lazy\" decoding=\"async\" width=\"1024\" height=\"768\" data-id=\"33069\" src=\"http:\/\/lapidarium.fundacja-hereditas.pl\/wp-content\/uploads\/2024\/12\/IMG_20241222_111104-1024x768.jpg\" alt=\"\" class=\"wp-image-33069\" srcset=\"http:\/\/lapidarium.fundacja-hereditas.pl\/wp-content\/uploads\/2024\/12\/IMG_20241222_111104-1024x768.jpg 1024w, http:\/\/lapidarium.fundacja-hereditas.pl\/wp-content\/uploads\/2024\/12\/IMG_20241222_111104-300x225.jpg 300w, http:\/\/lapidarium.fundacja-hereditas.pl\/wp-content\/uploads\/2024\/12\/IMG_20241222_111104-768x576.jpg 768w, http:\/\/lapidarium.fundacja-hereditas.pl\/wp-content\/uploads\/2024\/12\/IMG_20241222_111104-1536x1152.jpg 1536w, http:\/\/lapidarium.fundacja-hereditas.pl\/wp-content\/uploads\/2024\/12\/IMG_20241222_111104-2048x1536.jpg 2048w, http:\/\/lapidarium.fundacja-hereditas.pl\/wp-content\/uploads\/2024\/12\/IMG_20241222_111104-150x113.jpg 150w, http:\/\/lapidarium.fundacja-hereditas.pl\/wp-content\/uploads\/2024\/12\/IMG_20241222_111104-696x522.jpg 696w, http:\/\/lapidarium.fundacja-hereditas.pl\/wp-content\/uploads\/2024\/12\/IMG_20241222_111104-1068x801.jpg 1068w, http:\/\/lapidarium.fundacja-hereditas.pl\/wp-content\/uploads\/2024\/12\/IMG_20241222_111104-1920x1440.jpg 1920w\" sizes=\"auto, (max-width: 1024px) 100vw, 1024px\" \/><figcaption class=\"wp-element-caption\">Widok z werandy. Fot. El\u017cbieta Smole\u0144ska, 2024 r., \u017ar\u00f3d\u0142o: \u201eFocus na detal\u201d.<\/figcaption><\/figure>\n\n\n\n<figure class=\"wp-block-image size-large\"><img loading=\"lazy\" decoding=\"async\" width=\"766\" height=\"1024\" data-id=\"33070\" src=\"http:\/\/lapidarium.fundacja-hereditas.pl\/wp-content\/uploads\/2024\/12\/IMG_20241222_111301-766x1024.jpg\" alt=\"\" class=\"wp-image-33070\" srcset=\"http:\/\/lapidarium.fundacja-hereditas.pl\/wp-content\/uploads\/2024\/12\/IMG_20241222_111301-766x1024.jpg 766w, http:\/\/lapidarium.fundacja-hereditas.pl\/wp-content\/uploads\/2024\/12\/IMG_20241222_111301-224x300.jpg 224w, http:\/\/lapidarium.fundacja-hereditas.pl\/wp-content\/uploads\/2024\/12\/IMG_20241222_111301-768x1026.jpg 768w, http:\/\/lapidarium.fundacja-hereditas.pl\/wp-content\/uploads\/2024\/12\/IMG_20241222_111301-1149x1536.jpg 1149w, http:\/\/lapidarium.fundacja-hereditas.pl\/wp-content\/uploads\/2024\/12\/IMG_20241222_111301-1532x2048.jpg 1532w, http:\/\/lapidarium.fundacja-hereditas.pl\/wp-content\/uploads\/2024\/12\/IMG_20241222_111301-150x200.jpg 150w, http:\/\/lapidarium.fundacja-hereditas.pl\/wp-content\/uploads\/2024\/12\/IMG_20241222_111301-300x401.jpg 300w, http:\/\/lapidarium.fundacja-hereditas.pl\/wp-content\/uploads\/2024\/12\/IMG_20241222_111301-696x930.jpg 696w, http:\/\/lapidarium.fundacja-hereditas.pl\/wp-content\/uploads\/2024\/12\/IMG_20241222_111301-1068x1427.jpg 1068w, http:\/\/lapidarium.fundacja-hereditas.pl\/wp-content\/uploads\/2024\/12\/IMG_20241222_111301-1920x2566.jpg 1920w, http:\/\/lapidarium.fundacja-hereditas.pl\/wp-content\/uploads\/2024\/12\/IMG_20241222_111301-scaled.jpg 1916w\" sizes=\"auto, (max-width: 766px) 100vw, 766px\" \/><figcaption class=\"wp-element-caption\">Widok z mieszkania na werand\u0119. Fot. El\u017cbieta Smole\u0144ska, 2024 r., \u017ar\u00f3d\u0142o: \u201eFocus na detal\u201d.<\/figcaption><\/figure>\n\n\n\n<figure class=\"wp-block-image size-large\"><img loading=\"lazy\" decoding=\"async\" width=\"766\" height=\"1024\" data-id=\"33072\" src=\"http:\/\/lapidarium.fundacja-hereditas.pl\/wp-content\/uploads\/2024\/12\/IMG_20241222_111349-766x1024.jpg\" alt=\"\" class=\"wp-image-33072\" srcset=\"http:\/\/lapidarium.fundacja-hereditas.pl\/wp-content\/uploads\/2024\/12\/IMG_20241222_111349-766x1024.jpg 766w, http:\/\/lapidarium.fundacja-hereditas.pl\/wp-content\/uploads\/2024\/12\/IMG_20241222_111349-224x300.jpg 224w, http:\/\/lapidarium.fundacja-hereditas.pl\/wp-content\/uploads\/2024\/12\/IMG_20241222_111349-768x1026.jpg 768w, http:\/\/lapidarium.fundacja-hereditas.pl\/wp-content\/uploads\/2024\/12\/IMG_20241222_111349-1149x1536.jpg 1149w, http:\/\/lapidarium.fundacja-hereditas.pl\/wp-content\/uploads\/2024\/12\/IMG_20241222_111349-1532x2048.jpg 1532w, http:\/\/lapidarium.fundacja-hereditas.pl\/wp-content\/uploads\/2024\/12\/IMG_20241222_111349-150x200.jpg 150w, http:\/\/lapidarium.fundacja-hereditas.pl\/wp-content\/uploads\/2024\/12\/IMG_20241222_111349-300x401.jpg 300w, http:\/\/lapidarium.fundacja-hereditas.pl\/wp-content\/uploads\/2024\/12\/IMG_20241222_111349-696x930.jpg 696w, http:\/\/lapidarium.fundacja-hereditas.pl\/wp-content\/uploads\/2024\/12\/IMG_20241222_111349-1068x1427.jpg 1068w, http:\/\/lapidarium.fundacja-hereditas.pl\/wp-content\/uploads\/2024\/12\/IMG_20241222_111349-1920x2566.jpg 1920w, http:\/\/lapidarium.fundacja-hereditas.pl\/wp-content\/uploads\/2024\/12\/IMG_20241222_111349-scaled.jpg 1916w\" sizes=\"auto, (max-width: 766px) 100vw, 766px\" \/><figcaption class=\"wp-element-caption\">Pok\u00f3j po\u0142udniowy z wyj\u015bciem na werand\u0119. Widok na wsch. Fot. El\u017cbieta Smole\u0144ska, 2024 r., \u017ar\u00f3d\u0142o: \u201eFocus na detal\u201d.<\/figcaption><\/figure>\n\n\n\n<figure class=\"wp-block-image size-large\"><img loading=\"lazy\" decoding=\"async\" width=\"766\" height=\"1024\" data-id=\"33073\" src=\"http:\/\/lapidarium.fundacja-hereditas.pl\/wp-content\/uploads\/2024\/12\/IMG_20241222_111539-766x1024.jpg\" alt=\"\" class=\"wp-image-33073\" srcset=\"http:\/\/lapidarium.fundacja-hereditas.pl\/wp-content\/uploads\/2024\/12\/IMG_20241222_111539-766x1024.jpg 766w, http:\/\/lapidarium.fundacja-hereditas.pl\/wp-content\/uploads\/2024\/12\/IMG_20241222_111539-224x300.jpg 224w, http:\/\/lapidarium.fundacja-hereditas.pl\/wp-content\/uploads\/2024\/12\/IMG_20241222_111539-768x1026.jpg 768w, http:\/\/lapidarium.fundacja-hereditas.pl\/wp-content\/uploads\/2024\/12\/IMG_20241222_111539-1149x1536.jpg 1149w, http:\/\/lapidarium.fundacja-hereditas.pl\/wp-content\/uploads\/2024\/12\/IMG_20241222_111539-1532x2048.jpg 1532w, http:\/\/lapidarium.fundacja-hereditas.pl\/wp-content\/uploads\/2024\/12\/IMG_20241222_111539-150x200.jpg 150w, http:\/\/lapidarium.fundacja-hereditas.pl\/wp-content\/uploads\/2024\/12\/IMG_20241222_111539-300x401.jpg 300w, http:\/\/lapidarium.fundacja-hereditas.pl\/wp-content\/uploads\/2024\/12\/IMG_20241222_111539-696x930.jpg 696w, http:\/\/lapidarium.fundacja-hereditas.pl\/wp-content\/uploads\/2024\/12\/IMG_20241222_111539-1068x1427.jpg 1068w, http:\/\/lapidarium.fundacja-hereditas.pl\/wp-content\/uploads\/2024\/12\/IMG_20241222_111539-1920x2566.jpg 1920w, http:\/\/lapidarium.fundacja-hereditas.pl\/wp-content\/uploads\/2024\/12\/IMG_20241222_111539-scaled.jpg 1916w\" sizes=\"auto, (max-width: 766px) 100vw, 766px\" \/><figcaption class=\"wp-element-caption\">Wyj\u015bcie boczne-wschodnie. Fot. El\u017cbieta Smole\u0144ska, 2024 r., \u017ar\u00f3d\u0142o: \u201eFocus na detal\u201d.<\/figcaption><\/figure>\n\n\n\n<figure class=\"wp-block-image size-large\"><img loading=\"lazy\" decoding=\"async\" width=\"766\" height=\"1024\" data-id=\"33074\" src=\"http:\/\/lapidarium.fundacja-hereditas.pl\/wp-content\/uploads\/2024\/12\/IMG_20241222_111615-766x1024.jpg\" alt=\"\" class=\"wp-image-33074\" srcset=\"http:\/\/lapidarium.fundacja-hereditas.pl\/wp-content\/uploads\/2024\/12\/IMG_20241222_111615-766x1024.jpg 766w, http:\/\/lapidarium.fundacja-hereditas.pl\/wp-content\/uploads\/2024\/12\/IMG_20241222_111615-224x300.jpg 224w, http:\/\/lapidarium.fundacja-hereditas.pl\/wp-content\/uploads\/2024\/12\/IMG_20241222_111615-768x1026.jpg 768w, http:\/\/lapidarium.fundacja-hereditas.pl\/wp-content\/uploads\/2024\/12\/IMG_20241222_111615-1149x1536.jpg 1149w, http:\/\/lapidarium.fundacja-hereditas.pl\/wp-content\/uploads\/2024\/12\/IMG_20241222_111615-1532x2048.jpg 1532w, http:\/\/lapidarium.fundacja-hereditas.pl\/wp-content\/uploads\/2024\/12\/IMG_20241222_111615-150x200.jpg 150w, http:\/\/lapidarium.fundacja-hereditas.pl\/wp-content\/uploads\/2024\/12\/IMG_20241222_111615-300x401.jpg 300w, http:\/\/lapidarium.fundacja-hereditas.pl\/wp-content\/uploads\/2024\/12\/IMG_20241222_111615-696x930.jpg 696w, http:\/\/lapidarium.fundacja-hereditas.pl\/wp-content\/uploads\/2024\/12\/IMG_20241222_111615-1068x1427.jpg 1068w, http:\/\/lapidarium.fundacja-hereditas.pl\/wp-content\/uploads\/2024\/12\/IMG_20241222_111615-1920x2566.jpg 1920w, http:\/\/lapidarium.fundacja-hereditas.pl\/wp-content\/uploads\/2024\/12\/IMG_20241222_111615-scaled.jpg 1916w\" sizes=\"auto, (max-width: 766px) 100vw, 766px\" \/><figcaption class=\"wp-element-caption\">Pok\u00f3j p\u0142n-wsch. Widok na p\u0142n-zach. Fot. El\u017cbieta Smole\u0144ska, 2024 r., \u017ar\u00f3d\u0142o: \u201eFocus na detal\u201d.<\/figcaption><\/figure>\n\n\n\n<figure class=\"wp-block-image size-large\"><img loading=\"lazy\" decoding=\"async\" width=\"766\" height=\"1024\" data-id=\"33075\" src=\"http:\/\/lapidarium.fundacja-hereditas.pl\/wp-content\/uploads\/2024\/12\/IMG_20241222_111912-766x1024.jpg\" alt=\"\" class=\"wp-image-33075\" srcset=\"http:\/\/lapidarium.fundacja-hereditas.pl\/wp-content\/uploads\/2024\/12\/IMG_20241222_111912-766x1024.jpg 766w, http:\/\/lapidarium.fundacja-hereditas.pl\/wp-content\/uploads\/2024\/12\/IMG_20241222_111912-224x300.jpg 224w, http:\/\/lapidarium.fundacja-hereditas.pl\/wp-content\/uploads\/2024\/12\/IMG_20241222_111912-768x1026.jpg 768w, http:\/\/lapidarium.fundacja-hereditas.pl\/wp-content\/uploads\/2024\/12\/IMG_20241222_111912-1149x1536.jpg 1149w, http:\/\/lapidarium.fundacja-hereditas.pl\/wp-content\/uploads\/2024\/12\/IMG_20241222_111912-1532x2048.jpg 1532w, http:\/\/lapidarium.fundacja-hereditas.pl\/wp-content\/uploads\/2024\/12\/IMG_20241222_111912-150x200.jpg 150w, http:\/\/lapidarium.fundacja-hereditas.pl\/wp-content\/uploads\/2024\/12\/IMG_20241222_111912-300x401.jpg 300w, http:\/\/lapidarium.fundacja-hereditas.pl\/wp-content\/uploads\/2024\/12\/IMG_20241222_111912-696x930.jpg 696w, http:\/\/lapidarium.fundacja-hereditas.pl\/wp-content\/uploads\/2024\/12\/IMG_20241222_111912-1068x1427.jpg 1068w, http:\/\/lapidarium.fundacja-hereditas.pl\/wp-content\/uploads\/2024\/12\/IMG_20241222_111912-1920x2566.jpg 1920w, http:\/\/lapidarium.fundacja-hereditas.pl\/wp-content\/uploads\/2024\/12\/IMG_20241222_111912-scaled.jpg 1916w\" sizes=\"auto, (max-width: 766px) 100vw, 766px\" \/><figcaption class=\"wp-element-caption\">Widok drzwi do pokoju p\u0142n-zach. Fot. El\u017cbieta Smole\u0144ska, 2024 r., \u017ar\u00f3d\u0142o: \u201eFocus na detal\u201d.<\/figcaption><\/figure>\n\n\n\n<figure class=\"wp-block-image size-large\"><img loading=\"lazy\" decoding=\"async\" width=\"1024\" height=\"768\" data-id=\"33076\" src=\"http:\/\/lapidarium.fundacja-hereditas.pl\/wp-content\/uploads\/2024\/12\/IMG_20241222_112015-1024x768.jpg\" alt=\"\" class=\"wp-image-33076\" srcset=\"http:\/\/lapidarium.fundacja-hereditas.pl\/wp-content\/uploads\/2024\/12\/IMG_20241222_112015-1024x768.jpg 1024w, http:\/\/lapidarium.fundacja-hereditas.pl\/wp-content\/uploads\/2024\/12\/IMG_20241222_112015-300x225.jpg 300w, http:\/\/lapidarium.fundacja-hereditas.pl\/wp-content\/uploads\/2024\/12\/IMG_20241222_112015-768x576.jpg 768w, http:\/\/lapidarium.fundacja-hereditas.pl\/wp-content\/uploads\/2024\/12\/IMG_20241222_112015-1536x1152.jpg 1536w, http:\/\/lapidarium.fundacja-hereditas.pl\/wp-content\/uploads\/2024\/12\/IMG_20241222_112015-2048x1536.jpg 2048w, http:\/\/lapidarium.fundacja-hereditas.pl\/wp-content\/uploads\/2024\/12\/IMG_20241222_112015-150x113.jpg 150w, http:\/\/lapidarium.fundacja-hereditas.pl\/wp-content\/uploads\/2024\/12\/IMG_20241222_112015-696x522.jpg 696w, http:\/\/lapidarium.fundacja-hereditas.pl\/wp-content\/uploads\/2024\/12\/IMG_20241222_112015-1068x801.jpg 1068w, http:\/\/lapidarium.fundacja-hereditas.pl\/wp-content\/uploads\/2024\/12\/IMG_20241222_112015-1920x1440.jpg 1920w\" sizes=\"auto, (max-width: 1024px) 100vw, 1024px\" \/><figcaption class=\"wp-element-caption\">Widok od p\u0142n. Fot. El\u017cbieta Smole\u0144ska, 2024 r., \u017ar\u00f3d\u0142o: \u201eFocus na detal\u201d.<\/figcaption><\/figure>\n\n\n\n<figure class=\"wp-block-image size-large\"><img loading=\"lazy\" decoding=\"async\" width=\"766\" height=\"1024\" data-id=\"33077\" src=\"http:\/\/lapidarium.fundacja-hereditas.pl\/wp-content\/uploads\/2024\/12\/IMG_20241222_112119-766x1024.jpg\" alt=\"\" class=\"wp-image-33077\" srcset=\"http:\/\/lapidarium.fundacja-hereditas.pl\/wp-content\/uploads\/2024\/12\/IMG_20241222_112119-766x1024.jpg 766w, http:\/\/lapidarium.fundacja-hereditas.pl\/wp-content\/uploads\/2024\/12\/IMG_20241222_112119-224x300.jpg 224w, http:\/\/lapidarium.fundacja-hereditas.pl\/wp-content\/uploads\/2024\/12\/IMG_20241222_112119-768x1026.jpg 768w, http:\/\/lapidarium.fundacja-hereditas.pl\/wp-content\/uploads\/2024\/12\/IMG_20241222_112119-1149x1536.jpg 1149w, http:\/\/lapidarium.fundacja-hereditas.pl\/wp-content\/uploads\/2024\/12\/IMG_20241222_112119-1532x2048.jpg 1532w, http:\/\/lapidarium.fundacja-hereditas.pl\/wp-content\/uploads\/2024\/12\/IMG_20241222_112119-150x200.jpg 150w, http:\/\/lapidarium.fundacja-hereditas.pl\/wp-content\/uploads\/2024\/12\/IMG_20241222_112119-300x401.jpg 300w, http:\/\/lapidarium.fundacja-hereditas.pl\/wp-content\/uploads\/2024\/12\/IMG_20241222_112119-696x930.jpg 696w, http:\/\/lapidarium.fundacja-hereditas.pl\/wp-content\/uploads\/2024\/12\/IMG_20241222_112119-1068x1427.jpg 1068w, http:\/\/lapidarium.fundacja-hereditas.pl\/wp-content\/uploads\/2024\/12\/IMG_20241222_112119-1920x2566.jpg 1920w, http:\/\/lapidarium.fundacja-hereditas.pl\/wp-content\/uploads\/2024\/12\/IMG_20241222_112119-scaled.jpg 1916w\" sizes=\"auto, (max-width: 766px) 100vw, 766px\" \/><figcaption class=\"wp-element-caption\">Widok od p\u0142n.-zach. Fot. El\u017cbieta Smole\u0144ska, 2024 r., \u017ar\u00f3d\u0142o: \u201eFocus na detal\u201d.<\/figcaption><\/figure>\n\n\n\n<figure class=\"wp-block-image size-large\"><img loading=\"lazy\" decoding=\"async\" width=\"1024\" height=\"766\" data-id=\"33079\" src=\"http:\/\/lapidarium.fundacja-hereditas.pl\/wp-content\/uploads\/2024\/12\/IMG_20241222_112133-1024x766.jpg\" alt=\"\" class=\"wp-image-33079\" srcset=\"http:\/\/lapidarium.fundacja-hereditas.pl\/wp-content\/uploads\/2024\/12\/IMG_20241222_112133-1024x766.jpg 1024w, http:\/\/lapidarium.fundacja-hereditas.pl\/wp-content\/uploads\/2024\/12\/IMG_20241222_112133-300x224.jpg 300w, http:\/\/lapidarium.fundacja-hereditas.pl\/wp-content\/uploads\/2024\/12\/IMG_20241222_112133-768x575.jpg 768w, http:\/\/lapidarium.fundacja-hereditas.pl\/wp-content\/uploads\/2024\/12\/IMG_20241222_112133-1536x1149.jpg 1536w, http:\/\/lapidarium.fundacja-hereditas.pl\/wp-content\/uploads\/2024\/12\/IMG_20241222_112133-2048x1532.jpg 2048w, http:\/\/lapidarium.fundacja-hereditas.pl\/wp-content\/uploads\/2024\/12\/IMG_20241222_112133-150x112.jpg 150w, http:\/\/lapidarium.fundacja-hereditas.pl\/wp-content\/uploads\/2024\/12\/IMG_20241222_112133-696x521.jpg 696w, http:\/\/lapidarium.fundacja-hereditas.pl\/wp-content\/uploads\/2024\/12\/IMG_20241222_112133-1068x799.jpg 1068w, http:\/\/lapidarium.fundacja-hereditas.pl\/wp-content\/uploads\/2024\/12\/IMG_20241222_112133-1920x1437.jpg 1920w\" sizes=\"auto, (max-width: 1024px) 100vw, 1024px\" \/><figcaption class=\"wp-element-caption\">Widok od p\u0142n.-zach. Fot. El\u017cbieta Smole\u0144ska, 2024 r., \u017ar\u00f3d\u0142o: \u201eFocus na detal\u201d.<\/figcaption><\/figure>\n\n\n\n<figure class=\"wp-block-image size-large\"><img loading=\"lazy\" decoding=\"async\" width=\"766\" height=\"1024\" data-id=\"33078\" src=\"http:\/\/lapidarium.fundacja-hereditas.pl\/wp-content\/uploads\/2024\/12\/IMG_20241222_113237-766x1024.jpg\" alt=\"\" class=\"wp-image-33078\" srcset=\"http:\/\/lapidarium.fundacja-hereditas.pl\/wp-content\/uploads\/2024\/12\/IMG_20241222_113237-766x1024.jpg 766w, http:\/\/lapidarium.fundacja-hereditas.pl\/wp-content\/uploads\/2024\/12\/IMG_20241222_113237-224x300.jpg 224w, http:\/\/lapidarium.fundacja-hereditas.pl\/wp-content\/uploads\/2024\/12\/IMG_20241222_113237-768x1026.jpg 768w, http:\/\/lapidarium.fundacja-hereditas.pl\/wp-content\/uploads\/2024\/12\/IMG_20241222_113237-1149x1536.jpg 1149w, http:\/\/lapidarium.fundacja-hereditas.pl\/wp-content\/uploads\/2024\/12\/IMG_20241222_113237-1532x2048.jpg 1532w, http:\/\/lapidarium.fundacja-hereditas.pl\/wp-content\/uploads\/2024\/12\/IMG_20241222_113237-150x200.jpg 150w, http:\/\/lapidarium.fundacja-hereditas.pl\/wp-content\/uploads\/2024\/12\/IMG_20241222_113237-300x401.jpg 300w, http:\/\/lapidarium.fundacja-hereditas.pl\/wp-content\/uploads\/2024\/12\/IMG_20241222_113237-696x930.jpg 696w, http:\/\/lapidarium.fundacja-hereditas.pl\/wp-content\/uploads\/2024\/12\/IMG_20241222_113237-1068x1427.jpg 1068w, http:\/\/lapidarium.fundacja-hereditas.pl\/wp-content\/uploads\/2024\/12\/IMG_20241222_113237-1920x2566.jpg 1920w, http:\/\/lapidarium.fundacja-hereditas.pl\/wp-content\/uploads\/2024\/12\/IMG_20241222_113237-scaled.jpg 1916w\" sizes=\"auto, (max-width: 766px) 100vw, 766px\" \/><figcaption class=\"wp-element-caption\">Cz\u0119\u015b\u0107 zach. Widok na p\u0142n.-zach. Fot. El\u017cbieta Smole\u0144ska, 2024 r., \u017ar\u00f3d\u0142o: \u201eFocus na detal\u201d.<\/figcaption><\/figure>\n\n\n\n<figure class=\"wp-block-image size-large\"><img loading=\"lazy\" decoding=\"async\" width=\"766\" height=\"1024\" data-id=\"33080\" src=\"http:\/\/lapidarium.fundacja-hereditas.pl\/wp-content\/uploads\/2024\/12\/IMG_20241222_113618-766x1024.jpg\" alt=\"\" class=\"wp-image-33080\" srcset=\"http:\/\/lapidarium.fundacja-hereditas.pl\/wp-content\/uploads\/2024\/12\/IMG_20241222_113618-766x1024.jpg 766w, http:\/\/lapidarium.fundacja-hereditas.pl\/wp-content\/uploads\/2024\/12\/IMG_20241222_113618-224x300.jpg 224w, http:\/\/lapidarium.fundacja-hereditas.pl\/wp-content\/uploads\/2024\/12\/IMG_20241222_113618-768x1026.jpg 768w, http:\/\/lapidarium.fundacja-hereditas.pl\/wp-content\/uploads\/2024\/12\/IMG_20241222_113618-1149x1536.jpg 1149w, http:\/\/lapidarium.fundacja-hereditas.pl\/wp-content\/uploads\/2024\/12\/IMG_20241222_113618-1532x2048.jpg 1532w, http:\/\/lapidarium.fundacja-hereditas.pl\/wp-content\/uploads\/2024\/12\/IMG_20241222_113618-150x200.jpg 150w, http:\/\/lapidarium.fundacja-hereditas.pl\/wp-content\/uploads\/2024\/12\/IMG_20241222_113618-300x401.jpg 300w, http:\/\/lapidarium.fundacja-hereditas.pl\/wp-content\/uploads\/2024\/12\/IMG_20241222_113618-696x930.jpg 696w, http:\/\/lapidarium.fundacja-hereditas.pl\/wp-content\/uploads\/2024\/12\/IMG_20241222_113618-1068x1427.jpg 1068w, http:\/\/lapidarium.fundacja-hereditas.pl\/wp-content\/uploads\/2024\/12\/IMG_20241222_113618-1920x2566.jpg 1920w, http:\/\/lapidarium.fundacja-hereditas.pl\/wp-content\/uploads\/2024\/12\/IMG_20241222_113618-scaled.jpg 1916w\" sizes=\"auto, (max-width: 766px) 100vw, 766px\" \/><figcaption class=\"wp-element-caption\">Pok\u00f3j p\u0142n., z wyj\u015bciem na taras. Widok na p\u0142d.-wch. Fot. El\u017cbieta Smole\u0144ska, 2024 r., \u017ar\u00f3d\u0142o: \u201eFocus na detal\u201d.<\/figcaption><\/figure>\n\n\n\n<figure class=\"wp-block-image size-large\"><img loading=\"lazy\" decoding=\"async\" width=\"766\" height=\"1024\" data-id=\"33082\" src=\"http:\/\/lapidarium.fundacja-hereditas.pl\/wp-content\/uploads\/2024\/12\/IMG_20241222_114236-766x1024.jpg\" alt=\"\" class=\"wp-image-33082\" srcset=\"http:\/\/lapidarium.fundacja-hereditas.pl\/wp-content\/uploads\/2024\/12\/IMG_20241222_114236-766x1024.jpg 766w, http:\/\/lapidarium.fundacja-hereditas.pl\/wp-content\/uploads\/2024\/12\/IMG_20241222_114236-224x300.jpg 224w, http:\/\/lapidarium.fundacja-hereditas.pl\/wp-content\/uploads\/2024\/12\/IMG_20241222_114236-768x1026.jpg 768w, http:\/\/lapidarium.fundacja-hereditas.pl\/wp-content\/uploads\/2024\/12\/IMG_20241222_114236-1149x1536.jpg 1149w, http:\/\/lapidarium.fundacja-hereditas.pl\/wp-content\/uploads\/2024\/12\/IMG_20241222_114236-1532x2048.jpg 1532w, http:\/\/lapidarium.fundacja-hereditas.pl\/wp-content\/uploads\/2024\/12\/IMG_20241222_114236-150x200.jpg 150w, http:\/\/lapidarium.fundacja-hereditas.pl\/wp-content\/uploads\/2024\/12\/IMG_20241222_114236-300x401.jpg 300w, http:\/\/lapidarium.fundacja-hereditas.pl\/wp-content\/uploads\/2024\/12\/IMG_20241222_114236-696x930.jpg 696w, http:\/\/lapidarium.fundacja-hereditas.pl\/wp-content\/uploads\/2024\/12\/IMG_20241222_114236-1068x1427.jpg 1068w, http:\/\/lapidarium.fundacja-hereditas.pl\/wp-content\/uploads\/2024\/12\/IMG_20241222_114236-1920x2566.jpg 1920w, http:\/\/lapidarium.fundacja-hereditas.pl\/wp-content\/uploads\/2024\/12\/IMG_20241222_114236-scaled.jpg 1916w\" sizes=\"auto, (max-width: 766px) 100vw, 766px\" \/><figcaption class=\"wp-element-caption\">Weranda. Fot. El\u017cbieta Smole\u0144ska, 2024 r., \u017ar\u00f3d\u0142o: \u201eFocus na detal\u201d.<\/figcaption><\/figure>\n\n\n\n<figure class=\"wp-block-image size-large\"><img loading=\"lazy\" decoding=\"async\" width=\"766\" height=\"1024\" data-id=\"33083\" src=\"http:\/\/lapidarium.fundacja-hereditas.pl\/wp-content\/uploads\/2024\/12\/IMG_20241222_114244-766x1024.jpg\" alt=\"\" class=\"wp-image-33083\" srcset=\"http:\/\/lapidarium.fundacja-hereditas.pl\/wp-content\/uploads\/2024\/12\/IMG_20241222_114244-766x1024.jpg 766w, http:\/\/lapidarium.fundacja-hereditas.pl\/wp-content\/uploads\/2024\/12\/IMG_20241222_114244-224x300.jpg 224w, http:\/\/lapidarium.fundacja-hereditas.pl\/wp-content\/uploads\/2024\/12\/IMG_20241222_114244-768x1026.jpg 768w, http:\/\/lapidarium.fundacja-hereditas.pl\/wp-content\/uploads\/2024\/12\/IMG_20241222_114244-1149x1536.jpg 1149w, http:\/\/lapidarium.fundacja-hereditas.pl\/wp-content\/uploads\/2024\/12\/IMG_20241222_114244-1532x2048.jpg 1532w, http:\/\/lapidarium.fundacja-hereditas.pl\/wp-content\/uploads\/2024\/12\/IMG_20241222_114244-150x200.jpg 150w, http:\/\/lapidarium.fundacja-hereditas.pl\/wp-content\/uploads\/2024\/12\/IMG_20241222_114244-300x401.jpg 300w, http:\/\/lapidarium.fundacja-hereditas.pl\/wp-content\/uploads\/2024\/12\/IMG_20241222_114244-696x930.jpg 696w, http:\/\/lapidarium.fundacja-hereditas.pl\/wp-content\/uploads\/2024\/12\/IMG_20241222_114244-1068x1427.jpg 1068w, http:\/\/lapidarium.fundacja-hereditas.pl\/wp-content\/uploads\/2024\/12\/IMG_20241222_114244-1920x2566.jpg 1920w, http:\/\/lapidarium.fundacja-hereditas.pl\/wp-content\/uploads\/2024\/12\/IMG_20241222_114244-scaled.jpg 1916w\" sizes=\"auto, (max-width: 766px) 100vw, 766px\" \/><figcaption class=\"wp-element-caption\">Weranda. Fot. El\u017cbieta Smole\u0144ska, 2024 r., \u017ar\u00f3d\u0142o: \u201eFocus na detal\u201d.<\/figcaption><\/figure>\n\n\n\n<figure class=\"wp-block-image size-large\"><img loading=\"lazy\" decoding=\"async\" width=\"576\" height=\"1024\" data-id=\"33084\" src=\"http:\/\/lapidarium.fundacja-hereditas.pl\/wp-content\/uploads\/2024\/12\/20241222_111055-576x1024.jpg\" alt=\"\" class=\"wp-image-33084\" srcset=\"http:\/\/lapidarium.fundacja-hereditas.pl\/wp-content\/uploads\/2024\/12\/20241222_111055-576x1024.jpg 576w, http:\/\/lapidarium.fundacja-hereditas.pl\/wp-content\/uploads\/2024\/12\/20241222_111055-169x300.jpg 169w, http:\/\/lapidarium.fundacja-hereditas.pl\/wp-content\/uploads\/2024\/12\/20241222_111055-768x1365.jpg 768w, http:\/\/lapidarium.fundacja-hereditas.pl\/wp-content\/uploads\/2024\/12\/20241222_111055-864x1536.jpg 864w, http:\/\/lapidarium.fundacja-hereditas.pl\/wp-content\/uploads\/2024\/12\/20241222_111055-1152x2048.jpg 1152w, http:\/\/lapidarium.fundacja-hereditas.pl\/wp-content\/uploads\/2024\/12\/20241222_111055-150x267.jpg 150w, http:\/\/lapidarium.fundacja-hereditas.pl\/wp-content\/uploads\/2024\/12\/20241222_111055-300x533.jpg 300w, http:\/\/lapidarium.fundacja-hereditas.pl\/wp-content\/uploads\/2024\/12\/20241222_111055-696x1237.jpg 696w, http:\/\/lapidarium.fundacja-hereditas.pl\/wp-content\/uploads\/2024\/12\/20241222_111055-1068x1899.jpg 1068w, http:\/\/lapidarium.fundacja-hereditas.pl\/wp-content\/uploads\/2024\/12\/20241222_111055-1920x3413.jpg 1920w, http:\/\/lapidarium.fundacja-hereditas.pl\/wp-content\/uploads\/2024\/12\/20241222_111055-scaled.jpg 1440w\" sizes=\"auto, (max-width: 576px) 100vw, 576px\" \/><figcaption class=\"wp-element-caption\">Widok od po\u0142udnia. okno na wsch. od werandy. Fot. Robert Marcinkowski, 2024 r., \u017ar\u00f3d\u0142o: \u201eFocus na detal\u201d.<\/figcaption><\/figure>\n\n\n\n<figure class=\"wp-block-image size-large\"><img loading=\"lazy\" decoding=\"async\" width=\"576\" height=\"1024\" data-id=\"33087\" src=\"http:\/\/lapidarium.fundacja-hereditas.pl\/wp-content\/uploads\/2024\/12\/20241222_111105-576x1024.jpg\" alt=\"\" class=\"wp-image-33087\" srcset=\"http:\/\/lapidarium.fundacja-hereditas.pl\/wp-content\/uploads\/2024\/12\/20241222_111105-576x1024.jpg 576w, http:\/\/lapidarium.fundacja-hereditas.pl\/wp-content\/uploads\/2024\/12\/20241222_111105-169x300.jpg 169w, http:\/\/lapidarium.fundacja-hereditas.pl\/wp-content\/uploads\/2024\/12\/20241222_111105-768x1365.jpg 768w, http:\/\/lapidarium.fundacja-hereditas.pl\/wp-content\/uploads\/2024\/12\/20241222_111105-864x1536.jpg 864w, http:\/\/lapidarium.fundacja-hereditas.pl\/wp-content\/uploads\/2024\/12\/20241222_111105-1152x2048.jpg 1152w, http:\/\/lapidarium.fundacja-hereditas.pl\/wp-content\/uploads\/2024\/12\/20241222_111105-150x267.jpg 150w, http:\/\/lapidarium.fundacja-hereditas.pl\/wp-content\/uploads\/2024\/12\/20241222_111105-300x533.jpg 300w, http:\/\/lapidarium.fundacja-hereditas.pl\/wp-content\/uploads\/2024\/12\/20241222_111105-696x1237.jpg 696w, http:\/\/lapidarium.fundacja-hereditas.pl\/wp-content\/uploads\/2024\/12\/20241222_111105-1068x1899.jpg 1068w, http:\/\/lapidarium.fundacja-hereditas.pl\/wp-content\/uploads\/2024\/12\/20241222_111105-1920x3413.jpg 1920w, http:\/\/lapidarium.fundacja-hereditas.pl\/wp-content\/uploads\/2024\/12\/20241222_111105-scaled.jpg 1440w\" sizes=\"auto, (max-width: 576px) 100vw, 576px\" \/><figcaption class=\"wp-element-caption\">Widok od po\u0142udnia. okno na wsch. od werandy. Bagnetsztanga. Fot. Robert Marcinkowski, 2024 r., \u017ar\u00f3d\u0142o: \u201eFocus na detal\u201d.<\/figcaption><\/figure>\n\n\n\n<figure class=\"wp-block-image size-large\"><img loading=\"lazy\" decoding=\"async\" width=\"576\" height=\"1024\" data-id=\"33089\" src=\"http:\/\/lapidarium.fundacja-hereditas.pl\/wp-content\/uploads\/2024\/12\/20241222_111113-576x1024.jpg\" alt=\"\" class=\"wp-image-33089\" srcset=\"http:\/\/lapidarium.fundacja-hereditas.pl\/wp-content\/uploads\/2024\/12\/20241222_111113-576x1024.jpg 576w, http:\/\/lapidarium.fundacja-hereditas.pl\/wp-content\/uploads\/2024\/12\/20241222_111113-169x300.jpg 169w, http:\/\/lapidarium.fundacja-hereditas.pl\/wp-content\/uploads\/2024\/12\/20241222_111113-768x1365.jpg 768w, http:\/\/lapidarium.fundacja-hereditas.pl\/wp-content\/uploads\/2024\/12\/20241222_111113-864x1536.jpg 864w, http:\/\/lapidarium.fundacja-hereditas.pl\/wp-content\/uploads\/2024\/12\/20241222_111113-1152x2048.jpg 1152w, http:\/\/lapidarium.fundacja-hereditas.pl\/wp-content\/uploads\/2024\/12\/20241222_111113-150x267.jpg 150w, http:\/\/lapidarium.fundacja-hereditas.pl\/wp-content\/uploads\/2024\/12\/20241222_111113-300x533.jpg 300w, http:\/\/lapidarium.fundacja-hereditas.pl\/wp-content\/uploads\/2024\/12\/20241222_111113-696x1237.jpg 696w, http:\/\/lapidarium.fundacja-hereditas.pl\/wp-content\/uploads\/2024\/12\/20241222_111113-1068x1899.jpg 1068w, http:\/\/lapidarium.fundacja-hereditas.pl\/wp-content\/uploads\/2024\/12\/20241222_111113-1920x3413.jpg 1920w, http:\/\/lapidarium.fundacja-hereditas.pl\/wp-content\/uploads\/2024\/12\/20241222_111113-scaled.jpg 1440w\" sizes=\"auto, (max-width: 576px) 100vw, 576px\" \/><figcaption class=\"wp-element-caption\">Widok od po\u0142udnia. okno na wsch. od werandy. Bagnetsztanga. Fot. Robert Marcinkowski, 2024 r., \u017ar\u00f3d\u0142o: \u201eFocus na detal\u201d.<\/figcaption><\/figure>\n\n\n\n<figure class=\"wp-block-image size-large\"><img loading=\"lazy\" decoding=\"async\" width=\"576\" height=\"1024\" data-id=\"33088\" src=\"http:\/\/lapidarium.fundacja-hereditas.pl\/wp-content\/uploads\/2024\/12\/20241222_111234-576x1024.jpg\" alt=\"\" class=\"wp-image-33088\" srcset=\"http:\/\/lapidarium.fundacja-hereditas.pl\/wp-content\/uploads\/2024\/12\/20241222_111234-576x1024.jpg 576w, http:\/\/lapidarium.fundacja-hereditas.pl\/wp-content\/uploads\/2024\/12\/20241222_111234-169x300.jpg 169w, http:\/\/lapidarium.fundacja-hereditas.pl\/wp-content\/uploads\/2024\/12\/20241222_111234-768x1365.jpg 768w, http:\/\/lapidarium.fundacja-hereditas.pl\/wp-content\/uploads\/2024\/12\/20241222_111234-864x1536.jpg 864w, http:\/\/lapidarium.fundacja-hereditas.pl\/wp-content\/uploads\/2024\/12\/20241222_111234-1152x2048.jpg 1152w, http:\/\/lapidarium.fundacja-hereditas.pl\/wp-content\/uploads\/2024\/12\/20241222_111234-150x267.jpg 150w, http:\/\/lapidarium.fundacja-hereditas.pl\/wp-content\/uploads\/2024\/12\/20241222_111234-300x533.jpg 300w, http:\/\/lapidarium.fundacja-hereditas.pl\/wp-content\/uploads\/2024\/12\/20241222_111234-696x1237.jpg 696w, http:\/\/lapidarium.fundacja-hereditas.pl\/wp-content\/uploads\/2024\/12\/20241222_111234-1068x1899.jpg 1068w, http:\/\/lapidarium.fundacja-hereditas.pl\/wp-content\/uploads\/2024\/12\/20241222_111234-1920x3413.jpg 1920w, http:\/\/lapidarium.fundacja-hereditas.pl\/wp-content\/uploads\/2024\/12\/20241222_111234-scaled.jpg 1440w\" sizes=\"auto, (max-width: 576px) 100vw, 576px\" \/><figcaption class=\"wp-element-caption\">Weranda &#8211; sufit. Fot. Robert Marcinkowski, 2024 r., \u017ar\u00f3d\u0142o: \u201eFocus na detal\u201d.<\/figcaption><\/figure>\n\n\n\n<figure class=\"wp-block-image size-large\"><img loading=\"lazy\" decoding=\"async\" width=\"576\" height=\"1024\" data-id=\"33086\" src=\"http:\/\/lapidarium.fundacja-hereditas.pl\/wp-content\/uploads\/2024\/12\/20241222_111253-576x1024.jpg\" alt=\"\" class=\"wp-image-33086\" srcset=\"http:\/\/lapidarium.fundacja-hereditas.pl\/wp-content\/uploads\/2024\/12\/20241222_111253-576x1024.jpg 576w, http:\/\/lapidarium.fundacja-hereditas.pl\/wp-content\/uploads\/2024\/12\/20241222_111253-169x300.jpg 169w, http:\/\/lapidarium.fundacja-hereditas.pl\/wp-content\/uploads\/2024\/12\/20241222_111253-768x1365.jpg 768w, http:\/\/lapidarium.fundacja-hereditas.pl\/wp-content\/uploads\/2024\/12\/20241222_111253-864x1536.jpg 864w, http:\/\/lapidarium.fundacja-hereditas.pl\/wp-content\/uploads\/2024\/12\/20241222_111253-1152x2048.jpg 1152w, http:\/\/lapidarium.fundacja-hereditas.pl\/wp-content\/uploads\/2024\/12\/20241222_111253-150x267.jpg 150w, http:\/\/lapidarium.fundacja-hereditas.pl\/wp-content\/uploads\/2024\/12\/20241222_111253-300x533.jpg 300w, http:\/\/lapidarium.fundacja-hereditas.pl\/wp-content\/uploads\/2024\/12\/20241222_111253-696x1237.jpg 696w, http:\/\/lapidarium.fundacja-hereditas.pl\/wp-content\/uploads\/2024\/12\/20241222_111253-1068x1899.jpg 1068w, http:\/\/lapidarium.fundacja-hereditas.pl\/wp-content\/uploads\/2024\/12\/20241222_111253-1920x3413.jpg 1920w, http:\/\/lapidarium.fundacja-hereditas.pl\/wp-content\/uploads\/2024\/12\/20241222_111253-scaled.jpg 1440w\" sizes=\"auto, (max-width: 576px) 100vw, 576px\" \/><figcaption class=\"wp-element-caption\">Weranda &#8211; filar. Fot. Robert Marcinkowski, 2024 r., \u017ar\u00f3d\u0142o: \u201eFocus na detal\u201d.<\/figcaption><\/figure>\n\n\n\n<figure class=\"wp-block-image size-large\"><img loading=\"lazy\" decoding=\"async\" width=\"576\" height=\"1024\" data-id=\"33085\" src=\"http:\/\/lapidarium.fundacja-hereditas.pl\/wp-content\/uploads\/2024\/12\/20241222_111304-576x1024.jpg\" alt=\"\" class=\"wp-image-33085\" srcset=\"http:\/\/lapidarium.fundacja-hereditas.pl\/wp-content\/uploads\/2024\/12\/20241222_111304-576x1024.jpg 576w, http:\/\/lapidarium.fundacja-hereditas.pl\/wp-content\/uploads\/2024\/12\/20241222_111304-169x300.jpg 169w, http:\/\/lapidarium.fundacja-hereditas.pl\/wp-content\/uploads\/2024\/12\/20241222_111304-768x1365.jpg 768w, http:\/\/lapidarium.fundacja-hereditas.pl\/wp-content\/uploads\/2024\/12\/20241222_111304-864x1536.jpg 864w, http:\/\/lapidarium.fundacja-hereditas.pl\/wp-content\/uploads\/2024\/12\/20241222_111304-1152x2048.jpg 1152w, http:\/\/lapidarium.fundacja-hereditas.pl\/wp-content\/uploads\/2024\/12\/20241222_111304-150x267.jpg 150w, http:\/\/lapidarium.fundacja-hereditas.pl\/wp-content\/uploads\/2024\/12\/20241222_111304-300x533.jpg 300w, http:\/\/lapidarium.fundacja-hereditas.pl\/wp-content\/uploads\/2024\/12\/20241222_111304-696x1237.jpg 696w, http:\/\/lapidarium.fundacja-hereditas.pl\/wp-content\/uploads\/2024\/12\/20241222_111304-1068x1899.jpg 1068w, http:\/\/lapidarium.fundacja-hereditas.pl\/wp-content\/uploads\/2024\/12\/20241222_111304-1920x3413.jpg 1920w, http:\/\/lapidarium.fundacja-hereditas.pl\/wp-content\/uploads\/2024\/12\/20241222_111304-scaled.jpg 1440w\" sizes=\"auto, (max-width: 576px) 100vw, 576px\" \/><figcaption class=\"wp-element-caption\">Drzwi na werand\u0119. Fot. Robert Marcinkowski, 2024 r., \u017ar\u00f3d\u0142o: \u201eFocus na detal\u201d.<\/figcaption><\/figure>\n\n\n\n<figure class=\"wp-block-image size-large\"><img loading=\"lazy\" decoding=\"async\" width=\"1024\" height=\"576\" data-id=\"33090\" src=\"http:\/\/lapidarium.fundacja-hereditas.pl\/wp-content\/uploads\/2024\/12\/20241222_111328-1024x576.jpg\" alt=\"\" class=\"wp-image-33090\" srcset=\"http:\/\/lapidarium.fundacja-hereditas.pl\/wp-content\/uploads\/2024\/12\/20241222_111328-1024x576.jpg 1024w, http:\/\/lapidarium.fundacja-hereditas.pl\/wp-content\/uploads\/2024\/12\/20241222_111328-300x169.jpg 300w, http:\/\/lapidarium.fundacja-hereditas.pl\/wp-content\/uploads\/2024\/12\/20241222_111328-768x432.jpg 768w, http:\/\/lapidarium.fundacja-hereditas.pl\/wp-content\/uploads\/2024\/12\/20241222_111328-1536x864.jpg 1536w, http:\/\/lapidarium.fundacja-hereditas.pl\/wp-content\/uploads\/2024\/12\/20241222_111328-2048x1152.jpg 2048w, http:\/\/lapidarium.fundacja-hereditas.pl\/wp-content\/uploads\/2024\/12\/20241222_111328-150x84.jpg 150w, http:\/\/lapidarium.fundacja-hereditas.pl\/wp-content\/uploads\/2024\/12\/20241222_111328-696x392.jpg 696w, http:\/\/lapidarium.fundacja-hereditas.pl\/wp-content\/uploads\/2024\/12\/20241222_111328-1068x601.jpg 1068w, http:\/\/lapidarium.fundacja-hereditas.pl\/wp-content\/uploads\/2024\/12\/20241222_111328-1920x1080.jpg 1920w\" sizes=\"auto, (max-width: 1024px) 100vw, 1024px\" \/><figcaption class=\"wp-element-caption\">Drzwi na werand\u0119. Nad\u015bwietle. Fot. Robert Marcinkowski, 2024 r., \u017ar\u00f3d\u0142o: \u201eFocus na detal\u201d.<\/figcaption><\/figure>\n\n\n\n<figure class=\"wp-block-image size-large\"><img loading=\"lazy\" decoding=\"async\" width=\"576\" height=\"1024\" data-id=\"33091\" src=\"http:\/\/lapidarium.fundacja-hereditas.pl\/wp-content\/uploads\/2024\/12\/20241222_111344-576x1024.jpg\" alt=\"\" class=\"wp-image-33091\" srcset=\"http:\/\/lapidarium.fundacja-hereditas.pl\/wp-content\/uploads\/2024\/12\/20241222_111344-576x1024.jpg 576w, http:\/\/lapidarium.fundacja-hereditas.pl\/wp-content\/uploads\/2024\/12\/20241222_111344-169x300.jpg 169w, http:\/\/lapidarium.fundacja-hereditas.pl\/wp-content\/uploads\/2024\/12\/20241222_111344-768x1365.jpg 768w, http:\/\/lapidarium.fundacja-hereditas.pl\/wp-content\/uploads\/2024\/12\/20241222_111344-864x1536.jpg 864w, http:\/\/lapidarium.fundacja-hereditas.pl\/wp-content\/uploads\/2024\/12\/20241222_111344-1152x2048.jpg 1152w, http:\/\/lapidarium.fundacja-hereditas.pl\/wp-content\/uploads\/2024\/12\/20241222_111344-150x267.jpg 150w, http:\/\/lapidarium.fundacja-hereditas.pl\/wp-content\/uploads\/2024\/12\/20241222_111344-300x533.jpg 300w, http:\/\/lapidarium.fundacja-hereditas.pl\/wp-content\/uploads\/2024\/12\/20241222_111344-696x1237.jpg 696w, http:\/\/lapidarium.fundacja-hereditas.pl\/wp-content\/uploads\/2024\/12\/20241222_111344-1068x1899.jpg 1068w, http:\/\/lapidarium.fundacja-hereditas.pl\/wp-content\/uploads\/2024\/12\/20241222_111344-1920x3413.jpg 1920w, http:\/\/lapidarium.fundacja-hereditas.pl\/wp-content\/uploads\/2024\/12\/20241222_111344-scaled.jpg 1440w\" sizes=\"auto, (max-width: 576px) 100vw, 576px\" \/><figcaption class=\"wp-element-caption\">Drzwi na werand\u0119. Nad\u015bwietle. Fot. Robert Marcinkowski, 2024 r., \u017ar\u00f3d\u0142o: \u201eFocus na detal\u201d.<\/figcaption><\/figure>\n\n\n\n<figure class=\"wp-block-image size-large\"><img loading=\"lazy\" decoding=\"async\" width=\"576\" height=\"1024\" data-id=\"33093\" src=\"http:\/\/lapidarium.fundacja-hereditas.pl\/wp-content\/uploads\/2024\/12\/20241222_111350-576x1024.jpg\" alt=\"\" class=\"wp-image-33093\" srcset=\"http:\/\/lapidarium.fundacja-hereditas.pl\/wp-content\/uploads\/2024\/12\/20241222_111350-576x1024.jpg 576w, http:\/\/lapidarium.fundacja-hereditas.pl\/wp-content\/uploads\/2024\/12\/20241222_111350-169x300.jpg 169w, http:\/\/lapidarium.fundacja-hereditas.pl\/wp-content\/uploads\/2024\/12\/20241222_111350-768x1365.jpg 768w, http:\/\/lapidarium.fundacja-hereditas.pl\/wp-content\/uploads\/2024\/12\/20241222_111350-864x1536.jpg 864w, http:\/\/lapidarium.fundacja-hereditas.pl\/wp-content\/uploads\/2024\/12\/20241222_111350-1152x2048.jpg 1152w, http:\/\/lapidarium.fundacja-hereditas.pl\/wp-content\/uploads\/2024\/12\/20241222_111350-150x267.jpg 150w, http:\/\/lapidarium.fundacja-hereditas.pl\/wp-content\/uploads\/2024\/12\/20241222_111350-300x533.jpg 300w, http:\/\/lapidarium.fundacja-hereditas.pl\/wp-content\/uploads\/2024\/12\/20241222_111350-696x1237.jpg 696w, http:\/\/lapidarium.fundacja-hereditas.pl\/wp-content\/uploads\/2024\/12\/20241222_111350-1068x1899.jpg 1068w, http:\/\/lapidarium.fundacja-hereditas.pl\/wp-content\/uploads\/2024\/12\/20241222_111350-1920x3413.jpg 1920w, http:\/\/lapidarium.fundacja-hereditas.pl\/wp-content\/uploads\/2024\/12\/20241222_111350-scaled.jpg 1440w\" sizes=\"auto, (max-width: 576px) 100vw, 576px\" \/><figcaption class=\"wp-element-caption\">Pok\u00f3j widziany z werandy. Fot. Robert Marcinkowski, 2024 r., \u017ar\u00f3d\u0142o: \u201eFocus na detal\u201d.<\/figcaption><\/figure>\n\n\n\n<figure class=\"wp-block-image size-large\"><img loading=\"lazy\" decoding=\"async\" width=\"576\" height=\"1024\" data-id=\"33094\" src=\"http:\/\/lapidarium.fundacja-hereditas.pl\/wp-content\/uploads\/2024\/12\/20241222_112024-576x1024.jpg\" alt=\"\" class=\"wp-image-33094\" srcset=\"http:\/\/lapidarium.fundacja-hereditas.pl\/wp-content\/uploads\/2024\/12\/20241222_112024-576x1024.jpg 576w, http:\/\/lapidarium.fundacja-hereditas.pl\/wp-content\/uploads\/2024\/12\/20241222_112024-169x300.jpg 169w, http:\/\/lapidarium.fundacja-hereditas.pl\/wp-content\/uploads\/2024\/12\/20241222_112024-768x1365.jpg 768w, http:\/\/lapidarium.fundacja-hereditas.pl\/wp-content\/uploads\/2024\/12\/20241222_112024-864x1536.jpg 864w, http:\/\/lapidarium.fundacja-hereditas.pl\/wp-content\/uploads\/2024\/12\/20241222_112024-1152x2048.jpg 1152w, http:\/\/lapidarium.fundacja-hereditas.pl\/wp-content\/uploads\/2024\/12\/20241222_112024-150x267.jpg 150w, http:\/\/lapidarium.fundacja-hereditas.pl\/wp-content\/uploads\/2024\/12\/20241222_112024-300x533.jpg 300w, http:\/\/lapidarium.fundacja-hereditas.pl\/wp-content\/uploads\/2024\/12\/20241222_112024-696x1237.jpg 696w, http:\/\/lapidarium.fundacja-hereditas.pl\/wp-content\/uploads\/2024\/12\/20241222_112024-1068x1899.jpg 1068w, http:\/\/lapidarium.fundacja-hereditas.pl\/wp-content\/uploads\/2024\/12\/20241222_112024-1920x3413.jpg 1920w, http:\/\/lapidarium.fundacja-hereditas.pl\/wp-content\/uploads\/2024\/12\/20241222_112024-scaled.jpg 1440w\" sizes=\"auto, (max-width: 576px) 100vw, 576px\" \/><figcaption class=\"wp-element-caption\">Drzwi boczne &#8211; widok od wschodu. Fot. Robert Marcinkowski, 2024 r., \u017ar\u00f3d\u0142o: \u201eFocus na detal\u201d.<\/figcaption><\/figure>\n\n\n\n<figure class=\"wp-block-image size-large\"><img loading=\"lazy\" decoding=\"async\" width=\"1024\" height=\"576\" data-id=\"33092\" src=\"http:\/\/lapidarium.fundacja-hereditas.pl\/wp-content\/uploads\/2024\/12\/20241222_112333-1024x576.jpg\" alt=\"\" class=\"wp-image-33092\" srcset=\"http:\/\/lapidarium.fundacja-hereditas.pl\/wp-content\/uploads\/2024\/12\/20241222_112333-1024x576.jpg 1024w, http:\/\/lapidarium.fundacja-hereditas.pl\/wp-content\/uploads\/2024\/12\/20241222_112333-300x169.jpg 300w, http:\/\/lapidarium.fundacja-hereditas.pl\/wp-content\/uploads\/2024\/12\/20241222_112333-768x432.jpg 768w, http:\/\/lapidarium.fundacja-hereditas.pl\/wp-content\/uploads\/2024\/12\/20241222_112333-1536x864.jpg 1536w, http:\/\/lapidarium.fundacja-hereditas.pl\/wp-content\/uploads\/2024\/12\/20241222_112333-2048x1152.jpg 2048w, http:\/\/lapidarium.fundacja-hereditas.pl\/wp-content\/uploads\/2024\/12\/20241222_112333-150x84.jpg 150w, http:\/\/lapidarium.fundacja-hereditas.pl\/wp-content\/uploads\/2024\/12\/20241222_112333-696x392.jpg 696w, http:\/\/lapidarium.fundacja-hereditas.pl\/wp-content\/uploads\/2024\/12\/20241222_112333-1068x601.jpg 1068w, http:\/\/lapidarium.fundacja-hereditas.pl\/wp-content\/uploads\/2024\/12\/20241222_112333-1920x1080.jpg 1920w\" sizes=\"auto, (max-width: 1024px) 100vw, 1024px\" \/><figcaption class=\"wp-element-caption\">Schodki z tarasu &#8211; widok od p\u00f3\u0142nocy. Fot. Robert Marcinkowski, 2024 r., \u017ar\u00f3d\u0142o: \u201eFocus na detal\u201d.<\/figcaption><\/figure>\n\n\n\n<figure class=\"wp-block-image size-large\"><img loading=\"lazy\" decoding=\"async\" width=\"1024\" height=\"576\" data-id=\"33095\" src=\"http:\/\/lapidarium.fundacja-hereditas.pl\/wp-content\/uploads\/2024\/12\/20241222_112341-1024x576.jpg\" alt=\"\" class=\"wp-image-33095\" srcset=\"http:\/\/lapidarium.fundacja-hereditas.pl\/wp-content\/uploads\/2024\/12\/20241222_112341-1024x576.jpg 1024w, http:\/\/lapidarium.fundacja-hereditas.pl\/wp-content\/uploads\/2024\/12\/20241222_112341-300x169.jpg 300w, http:\/\/lapidarium.fundacja-hereditas.pl\/wp-content\/uploads\/2024\/12\/20241222_112341-768x432.jpg 768w, http:\/\/lapidarium.fundacja-hereditas.pl\/wp-content\/uploads\/2024\/12\/20241222_112341-1536x864.jpg 1536w, http:\/\/lapidarium.fundacja-hereditas.pl\/wp-content\/uploads\/2024\/12\/20241222_112341-2048x1152.jpg 2048w, http:\/\/lapidarium.fundacja-hereditas.pl\/wp-content\/uploads\/2024\/12\/20241222_112341-150x84.jpg 150w, http:\/\/lapidarium.fundacja-hereditas.pl\/wp-content\/uploads\/2024\/12\/20241222_112341-696x392.jpg 696w, http:\/\/lapidarium.fundacja-hereditas.pl\/wp-content\/uploads\/2024\/12\/20241222_112341-1068x601.jpg 1068w, http:\/\/lapidarium.fundacja-hereditas.pl\/wp-content\/uploads\/2024\/12\/20241222_112341-1920x1080.jpg 1920w\" sizes=\"auto, (max-width: 1024px) 100vw, 1024px\" \/><figcaption class=\"wp-element-caption\">Schodki z tarasu &#8211; widok od p\u00f3\u0142nocy. Fot. Robert Marcinkowski, 2024 r., \u017ar\u00f3d\u0142o: \u201eFocus na detal\u201d.<\/figcaption><\/figure>\n\n\n\n<figure class=\"wp-block-image size-large\"><img loading=\"lazy\" decoding=\"async\" width=\"576\" height=\"1024\" data-id=\"33096\" src=\"http:\/\/lapidarium.fundacja-hereditas.pl\/wp-content\/uploads\/2024\/12\/20241222_112352-576x1024.jpg\" alt=\"\" class=\"wp-image-33096\" srcset=\"http:\/\/lapidarium.fundacja-hereditas.pl\/wp-content\/uploads\/2024\/12\/20241222_112352-576x1024.jpg 576w, http:\/\/lapidarium.fundacja-hereditas.pl\/wp-content\/uploads\/2024\/12\/20241222_112352-169x300.jpg 169w, http:\/\/lapidarium.fundacja-hereditas.pl\/wp-content\/uploads\/2024\/12\/20241222_112352-768x1365.jpg 768w, http:\/\/lapidarium.fundacja-hereditas.pl\/wp-content\/uploads\/2024\/12\/20241222_112352-864x1536.jpg 864w, http:\/\/lapidarium.fundacja-hereditas.pl\/wp-content\/uploads\/2024\/12\/20241222_112352-1152x2048.jpg 1152w, http:\/\/lapidarium.fundacja-hereditas.pl\/wp-content\/uploads\/2024\/12\/20241222_112352-150x267.jpg 150w, http:\/\/lapidarium.fundacja-hereditas.pl\/wp-content\/uploads\/2024\/12\/20241222_112352-300x533.jpg 300w, http:\/\/lapidarium.fundacja-hereditas.pl\/wp-content\/uploads\/2024\/12\/20241222_112352-696x1237.jpg 696w, http:\/\/lapidarium.fundacja-hereditas.pl\/wp-content\/uploads\/2024\/12\/20241222_112352-1068x1899.jpg 1068w, http:\/\/lapidarium.fundacja-hereditas.pl\/wp-content\/uploads\/2024\/12\/20241222_112352-1920x3413.jpg 1920w, http:\/\/lapidarium.fundacja-hereditas.pl\/wp-content\/uploads\/2024\/12\/20241222_112352-scaled.jpg 1440w\" sizes=\"auto, (max-width: 576px) 100vw, 576px\" \/><figcaption class=\"wp-element-caption\">Schodki z tarasu &#8211; widok od wsch. Fot. Robert Marcinkowski, 2024 r., \u017ar\u00f3d\u0142o: \u201eFocus na detal\u201d.<\/figcaption><\/figure>\n\n\n\n<figure class=\"wp-block-image size-large\"><img loading=\"lazy\" decoding=\"async\" width=\"1024\" height=\"576\" data-id=\"33097\" src=\"http:\/\/lapidarium.fundacja-hereditas.pl\/wp-content\/uploads\/2024\/12\/20241222_112901-1024x576.jpg\" alt=\"\" class=\"wp-image-33097\" srcset=\"http:\/\/lapidarium.fundacja-hereditas.pl\/wp-content\/uploads\/2024\/12\/20241222_112901-1024x576.jpg 1024w, http:\/\/lapidarium.fundacja-hereditas.pl\/wp-content\/uploads\/2024\/12\/20241222_112901-300x169.jpg 300w, http:\/\/lapidarium.fundacja-hereditas.pl\/wp-content\/uploads\/2024\/12\/20241222_112901-768x432.jpg 768w, http:\/\/lapidarium.fundacja-hereditas.pl\/wp-content\/uploads\/2024\/12\/20241222_112901-1536x864.jpg 1536w, http:\/\/lapidarium.fundacja-hereditas.pl\/wp-content\/uploads\/2024\/12\/20241222_112901-2048x1152.jpg 2048w, http:\/\/lapidarium.fundacja-hereditas.pl\/wp-content\/uploads\/2024\/12\/20241222_112901-150x84.jpg 150w, http:\/\/lapidarium.fundacja-hereditas.pl\/wp-content\/uploads\/2024\/12\/20241222_112901-696x392.jpg 696w, http:\/\/lapidarium.fundacja-hereditas.pl\/wp-content\/uploads\/2024\/12\/20241222_112901-1068x601.jpg 1068w, http:\/\/lapidarium.fundacja-hereditas.pl\/wp-content\/uploads\/2024\/12\/20241222_112901-1920x1080.jpg 1920w\" sizes=\"auto, (max-width: 1024px) 100vw, 1024px\" \/><figcaption class=\"wp-element-caption\">Widok od zachodu. Fot. Robert Marcinkowski, 2024 r., \u017ar\u00f3d\u0142o: \u201eFocus na detal\u201d.<\/figcaption><\/figure>\n\n\n\n<figure class=\"wp-block-image size-large\"><img loading=\"lazy\" decoding=\"async\" width=\"576\" height=\"1024\" data-id=\"33098\" src=\"http:\/\/lapidarium.fundacja-hereditas.pl\/wp-content\/uploads\/2024\/12\/20241222_112911-576x1024.jpg\" alt=\"\" class=\"wp-image-33098\" srcset=\"http:\/\/lapidarium.fundacja-hereditas.pl\/wp-content\/uploads\/2024\/12\/20241222_112911-576x1024.jpg 576w, http:\/\/lapidarium.fundacja-hereditas.pl\/wp-content\/uploads\/2024\/12\/20241222_112911-169x300.jpg 169w, http:\/\/lapidarium.fundacja-hereditas.pl\/wp-content\/uploads\/2024\/12\/20241222_112911-768x1365.jpg 768w, http:\/\/lapidarium.fundacja-hereditas.pl\/wp-content\/uploads\/2024\/12\/20241222_112911-864x1536.jpg 864w, http:\/\/lapidarium.fundacja-hereditas.pl\/wp-content\/uploads\/2024\/12\/20241222_112911-1152x2048.jpg 1152w, http:\/\/lapidarium.fundacja-hereditas.pl\/wp-content\/uploads\/2024\/12\/20241222_112911-150x267.jpg 150w, http:\/\/lapidarium.fundacja-hereditas.pl\/wp-content\/uploads\/2024\/12\/20241222_112911-300x533.jpg 300w, http:\/\/lapidarium.fundacja-hereditas.pl\/wp-content\/uploads\/2024\/12\/20241222_112911-696x1237.jpg 696w, http:\/\/lapidarium.fundacja-hereditas.pl\/wp-content\/uploads\/2024\/12\/20241222_112911-1068x1899.jpg 1068w, http:\/\/lapidarium.fundacja-hereditas.pl\/wp-content\/uploads\/2024\/12\/20241222_112911-1920x3413.jpg 1920w, http:\/\/lapidarium.fundacja-hereditas.pl\/wp-content\/uploads\/2024\/12\/20241222_112911-scaled.jpg 1440w\" sizes=\"auto, (max-width: 576px) 100vw, 576px\" \/><figcaption class=\"wp-element-caption\">Widok od zachodu. Fot. Robert Marcinkowski, 2024 r., \u017ar\u00f3d\u0142o: \u201eFocus na detal\u201d.<\/figcaption><\/figure>\n\n\n\n<figure class=\"wp-block-image size-large\"><img loading=\"lazy\" decoding=\"async\" width=\"576\" height=\"1024\" data-id=\"33099\" src=\"http:\/\/lapidarium.fundacja-hereditas.pl\/wp-content\/uploads\/2024\/12\/20241222_112923-576x1024.jpg\" alt=\"\" class=\"wp-image-33099\" srcset=\"http:\/\/lapidarium.fundacja-hereditas.pl\/wp-content\/uploads\/2024\/12\/20241222_112923-576x1024.jpg 576w, http:\/\/lapidarium.fundacja-hereditas.pl\/wp-content\/uploads\/2024\/12\/20241222_112923-169x300.jpg 169w, http:\/\/lapidarium.fundacja-hereditas.pl\/wp-content\/uploads\/2024\/12\/20241222_112923-768x1365.jpg 768w, http:\/\/lapidarium.fundacja-hereditas.pl\/wp-content\/uploads\/2024\/12\/20241222_112923-864x1536.jpg 864w, http:\/\/lapidarium.fundacja-hereditas.pl\/wp-content\/uploads\/2024\/12\/20241222_112923-1152x2048.jpg 1152w, http:\/\/lapidarium.fundacja-hereditas.pl\/wp-content\/uploads\/2024\/12\/20241222_112923-150x267.jpg 150w, http:\/\/lapidarium.fundacja-hereditas.pl\/wp-content\/uploads\/2024\/12\/20241222_112923-300x533.jpg 300w, http:\/\/lapidarium.fundacja-hereditas.pl\/wp-content\/uploads\/2024\/12\/20241222_112923-696x1237.jpg 696w, http:\/\/lapidarium.fundacja-hereditas.pl\/wp-content\/uploads\/2024\/12\/20241222_112923-1068x1899.jpg 1068w, http:\/\/lapidarium.fundacja-hereditas.pl\/wp-content\/uploads\/2024\/12\/20241222_112923-1920x3413.jpg 1920w, http:\/\/lapidarium.fundacja-hereditas.pl\/wp-content\/uploads\/2024\/12\/20241222_112923-scaled.jpg 1440w\" sizes=\"auto, (max-width: 576px) 100vw, 576px\" \/><figcaption class=\"wp-element-caption\">Widok od zachodu. Stolarka okienna. Fot. Robert Marcinkowski, 2024 r., \u017ar\u00f3d\u0142o: \u201eFocus na detal\u201d.<\/figcaption><\/figure>\n\n\n\n<figure class=\"wp-block-image size-large\"><img loading=\"lazy\" decoding=\"async\" width=\"576\" height=\"1024\" data-id=\"33100\" src=\"http:\/\/lapidarium.fundacja-hereditas.pl\/wp-content\/uploads\/2024\/12\/20241222_112942-576x1024.jpg\" alt=\"\" class=\"wp-image-33100\" srcset=\"http:\/\/lapidarium.fundacja-hereditas.pl\/wp-content\/uploads\/2024\/12\/20241222_112942-576x1024.jpg 576w, http:\/\/lapidarium.fundacja-hereditas.pl\/wp-content\/uploads\/2024\/12\/20241222_112942-169x300.jpg 169w, http:\/\/lapidarium.fundacja-hereditas.pl\/wp-content\/uploads\/2024\/12\/20241222_112942-768x1365.jpg 768w, http:\/\/lapidarium.fundacja-hereditas.pl\/wp-content\/uploads\/2024\/12\/20241222_112942-864x1536.jpg 864w, http:\/\/lapidarium.fundacja-hereditas.pl\/wp-content\/uploads\/2024\/12\/20241222_112942-1152x2048.jpg 1152w, http:\/\/lapidarium.fundacja-hereditas.pl\/wp-content\/uploads\/2024\/12\/20241222_112942-150x267.jpg 150w, http:\/\/lapidarium.fundacja-hereditas.pl\/wp-content\/uploads\/2024\/12\/20241222_112942-300x533.jpg 300w, http:\/\/lapidarium.fundacja-hereditas.pl\/wp-content\/uploads\/2024\/12\/20241222_112942-696x1237.jpg 696w, http:\/\/lapidarium.fundacja-hereditas.pl\/wp-content\/uploads\/2024\/12\/20241222_112942-1068x1899.jpg 1068w, http:\/\/lapidarium.fundacja-hereditas.pl\/wp-content\/uploads\/2024\/12\/20241222_112942-1920x3413.jpg 1920w, http:\/\/lapidarium.fundacja-hereditas.pl\/wp-content\/uploads\/2024\/12\/20241222_112942-scaled.jpg 1440w\" sizes=\"auto, (max-width: 576px) 100vw, 576px\" \/><figcaption class=\"wp-element-caption\">Widok od zachodu. Szczyt budynku. Fot. Robert Marcinkowski, 2024 r., \u017ar\u00f3d\u0142o: \u201eFocus na detal\u201d.<\/figcaption><\/figure>\n\n\n\n<figure class=\"wp-block-image size-large\"><img loading=\"lazy\" decoding=\"async\" width=\"576\" height=\"1024\" data-id=\"33101\" src=\"http:\/\/lapidarium.fundacja-hereditas.pl\/wp-content\/uploads\/2024\/12\/20241222_112957-576x1024.jpg\" alt=\"\" class=\"wp-image-33101\" srcset=\"http:\/\/lapidarium.fundacja-hereditas.pl\/wp-content\/uploads\/2024\/12\/20241222_112957-576x1024.jpg 576w, http:\/\/lapidarium.fundacja-hereditas.pl\/wp-content\/uploads\/2024\/12\/20241222_112957-169x300.jpg 169w, http:\/\/lapidarium.fundacja-hereditas.pl\/wp-content\/uploads\/2024\/12\/20241222_112957-768x1365.jpg 768w, http:\/\/lapidarium.fundacja-hereditas.pl\/wp-content\/uploads\/2024\/12\/20241222_112957-864x1536.jpg 864w, http:\/\/lapidarium.fundacja-hereditas.pl\/wp-content\/uploads\/2024\/12\/20241222_112957-1152x2048.jpg 1152w, http:\/\/lapidarium.fundacja-hereditas.pl\/wp-content\/uploads\/2024\/12\/20241222_112957-150x267.jpg 150w, http:\/\/lapidarium.fundacja-hereditas.pl\/wp-content\/uploads\/2024\/12\/20241222_112957-300x533.jpg 300w, http:\/\/lapidarium.fundacja-hereditas.pl\/wp-content\/uploads\/2024\/12\/20241222_112957-696x1237.jpg 696w, http:\/\/lapidarium.fundacja-hereditas.pl\/wp-content\/uploads\/2024\/12\/20241222_112957-1068x1899.jpg 1068w, http:\/\/lapidarium.fundacja-hereditas.pl\/wp-content\/uploads\/2024\/12\/20241222_112957-1920x3413.jpg 1920w, http:\/\/lapidarium.fundacja-hereditas.pl\/wp-content\/uploads\/2024\/12\/20241222_112957-scaled.jpg 1440w\" sizes=\"auto, (max-width: 576px) 100vw, 576px\" \/><figcaption class=\"wp-element-caption\">Widok od zachodu. Wej\u015bcie boczne. Fot. Robert Marcinkowski, 2024 r., \u017ar\u00f3d\u0142o: \u201eFocus na detal\u201d.<\/figcaption><\/figure>\n\n\n\n<figure class=\"wp-block-image size-large\"><img loading=\"lazy\" decoding=\"async\" width=\"576\" height=\"1024\" data-id=\"33102\" src=\"http:\/\/lapidarium.fundacja-hereditas.pl\/wp-content\/uploads\/2024\/12\/20241222_114133-576x1024.jpg\" alt=\"\" class=\"wp-image-33102\" srcset=\"http:\/\/lapidarium.fundacja-hereditas.pl\/wp-content\/uploads\/2024\/12\/20241222_114133-576x1024.jpg 576w, http:\/\/lapidarium.fundacja-hereditas.pl\/wp-content\/uploads\/2024\/12\/20241222_114133-169x300.jpg 169w, http:\/\/lapidarium.fundacja-hereditas.pl\/wp-content\/uploads\/2024\/12\/20241222_114133-768x1365.jpg 768w, http:\/\/lapidarium.fundacja-hereditas.pl\/wp-content\/uploads\/2024\/12\/20241222_114133-864x1536.jpg 864w, http:\/\/lapidarium.fundacja-hereditas.pl\/wp-content\/uploads\/2024\/12\/20241222_114133-1152x2048.jpg 1152w, http:\/\/lapidarium.fundacja-hereditas.pl\/wp-content\/uploads\/2024\/12\/20241222_114133-150x267.jpg 150w, http:\/\/lapidarium.fundacja-hereditas.pl\/wp-content\/uploads\/2024\/12\/20241222_114133-300x533.jpg 300w, http:\/\/lapidarium.fundacja-hereditas.pl\/wp-content\/uploads\/2024\/12\/20241222_114133-696x1237.jpg 696w, http:\/\/lapidarium.fundacja-hereditas.pl\/wp-content\/uploads\/2024\/12\/20241222_114133-1068x1899.jpg 1068w, http:\/\/lapidarium.fundacja-hereditas.pl\/wp-content\/uploads\/2024\/12\/20241222_114133-1920x3413.jpg 1920w, http:\/\/lapidarium.fundacja-hereditas.pl\/wp-content\/uploads\/2024\/12\/20241222_114133-scaled.jpg 1440w\" sizes=\"auto, (max-width: 576px) 100vw, 576px\" \/><figcaption class=\"wp-element-caption\">Rygiel w drzwiach na p\u00f3\u0142nocny taras. Fot. Robert Marcinkowski, 2024 r., \u017ar\u00f3d\u0142o: \u201eFocus na detal\u201d.<\/figcaption><\/figure>\n\n\n\n<figure class=\"wp-block-image size-large\"><img loading=\"lazy\" decoding=\"async\" width=\"1024\" height=\"576\" data-id=\"33103\" src=\"http:\/\/lapidarium.fundacja-hereditas.pl\/wp-content\/uploads\/2024\/12\/20241222_114218-1024x576.jpg\" alt=\"\" class=\"wp-image-33103\" srcset=\"http:\/\/lapidarium.fundacja-hereditas.pl\/wp-content\/uploads\/2024\/12\/20241222_114218-1024x576.jpg 1024w, http:\/\/lapidarium.fundacja-hereditas.pl\/wp-content\/uploads\/2024\/12\/20241222_114218-300x169.jpg 300w, http:\/\/lapidarium.fundacja-hereditas.pl\/wp-content\/uploads\/2024\/12\/20241222_114218-768x432.jpg 768w, http:\/\/lapidarium.fundacja-hereditas.pl\/wp-content\/uploads\/2024\/12\/20241222_114218-1536x864.jpg 1536w, http:\/\/lapidarium.fundacja-hereditas.pl\/wp-content\/uploads\/2024\/12\/20241222_114218-2048x1152.jpg 2048w, http:\/\/lapidarium.fundacja-hereditas.pl\/wp-content\/uploads\/2024\/12\/20241222_114218-150x84.jpg 150w, http:\/\/lapidarium.fundacja-hereditas.pl\/wp-content\/uploads\/2024\/12\/20241222_114218-696x392.jpg 696w, http:\/\/lapidarium.fundacja-hereditas.pl\/wp-content\/uploads\/2024\/12\/20241222_114218-1068x601.jpg 1068w, http:\/\/lapidarium.fundacja-hereditas.pl\/wp-content\/uploads\/2024\/12\/20241222_114218-1920x1080.jpg 1920w\" sizes=\"auto, (max-width: 1024px) 100vw, 1024px\" \/><figcaption class=\"wp-element-caption\">\u015aciana p\u00f3\u0142nocna &#8211; parapet. Fot. Robert Marcinkowski, 2024 r., \u017ar\u00f3d\u0142o: \u201eFocus na detal\u201d.<\/figcaption><\/figure>\n<\/figure>\n","protected":false},"excerpt":{"rendered":"<p>Drewniany parterowy dom wybudowany w zakolu dawnego brzegu \u015awidra, w miejscowo\u015bci okre\u015blanej w\u00f3wczas mianem Brzegi. Nazw\u0119 t\u0119 wymy\u015bli\u0142 i rozpropagowa\u0142 tw\u00f3rca powsta\u0142ej tu kolonii Micha\u0142 Andriolli. W 1880 r. zakupi\u0142 on 200-hektarowy folwark Anielin od Zygmunta Kutza, w\u0142a\u015bciciela maj\u0105tku Otwock Wielki. Nabyty obszar, poro\u015bni\u0119ty sosnowym lasem, ci\u0105gn\u0105\u0142 si\u0119 wzd\u0142u\u017c \u015awidra. Pocz\u0105tkowo Andriolli prawdopodobnie my\u015bla\u0142 tylko [&hellip;]<\/p>\n","protected":false},"author":6,"featured_media":33059,"comment_status":"open","ping_status":"open","sticky":false,"template":"","format":"standard","meta":{"footnotes":""},"categories":[260,259],"tags":[],"class_list":{"0":"post-33058","1":"post","2":"type-post","3":"status-publish","4":"format-standard","5":"has-post-thumbnail","7":"category-kollataja","8":"category-otwock"},"_links":{"self":[{"href":"http:\/\/lapidarium.fundacja-hereditas.pl\/index.php\/wp-json\/wp\/v2\/posts\/33058","targetHints":{"allow":["GET"]}}],"collection":[{"href":"http:\/\/lapidarium.fundacja-hereditas.pl\/index.php\/wp-json\/wp\/v2\/posts"}],"about":[{"href":"http:\/\/lapidarium.fundacja-hereditas.pl\/index.php\/wp-json\/wp\/v2\/types\/post"}],"author":[{"embeddable":true,"href":"http:\/\/lapidarium.fundacja-hereditas.pl\/index.php\/wp-json\/wp\/v2\/users\/6"}],"replies":[{"embeddable":true,"href":"http:\/\/lapidarium.fundacja-hereditas.pl\/index.php\/wp-json\/wp\/v2\/comments?post=33058"}],"version-history":[{"count":21,"href":"http:\/\/lapidarium.fundacja-hereditas.pl\/index.php\/wp-json\/wp\/v2\/posts\/33058\/revisions"}],"predecessor-version":[{"id":34206,"href":"http:\/\/lapidarium.fundacja-hereditas.pl\/index.php\/wp-json\/wp\/v2\/posts\/33058\/revisions\/34206"}],"wp:featuredmedia":[{"embeddable":true,"href":"http:\/\/lapidarium.fundacja-hereditas.pl\/index.php\/wp-json\/wp\/v2\/media\/33059"}],"wp:attachment":[{"href":"http:\/\/lapidarium.fundacja-hereditas.pl\/index.php\/wp-json\/wp\/v2\/media?parent=33058"}],"wp:term":[{"taxonomy":"category","embeddable":true,"href":"http:\/\/lapidarium.fundacja-hereditas.pl\/index.php\/wp-json\/wp\/v2\/categories?post=33058"},{"taxonomy":"post_tag","embeddable":true,"href":"http:\/\/lapidarium.fundacja-hereditas.pl\/index.php\/wp-json\/wp\/v2\/tags?post=33058"}],"curies":[{"name":"wp","href":"https:\/\/api.w.org\/{rel}","templated":true}]}}