{"id":32897,"date":"2024-12-31T22:32:46","date_gmt":"2024-12-31T21:32:46","guid":{"rendered":"http:\/\/lapidarium.fundacja-hereditas.pl\/?p=32897"},"modified":"2025-02-09T20:33:38","modified_gmt":"2025-02-09T19:33:38","slug":"kamienica-ul-skaryszewska-13-warszawa","status":"publish","type":"post","link":"http:\/\/lapidarium.fundacja-hereditas.pl\/index.php\/2024\/12\/31\/kamienica-ul-skaryszewska-13-warszawa\/","title":{"rendered":"Kamienica ul. Skaryszewska 13, Warszawa"},"content":{"rendered":"\n<p>Modernistyczna czteropi\u0119trowa kamienica z przejazdem bramnym i interesuj\u0105co uformowan\u0105 fasad\u0105, wzniesiona na kr\u00f3tko przed 1934 r., od kt\u00f3rego zaczynaj\u0105 si\u0119 dost\u0119pne ksi\u0119gi lokator\u00f3w. Fakt ten, w po\u0142\u0105czeniu z formami architektury kamienicy, daje podstawy do datowania jej budowy w\u0142a\u015bnie na pierwsz\u0105 po\u0142ow\u0119 lat 30. XX w. Wystaj\u0105ce na d\u0142ugo\u015b\u0107 jednej osi skrzyd\u0142a boczne mog\u0142y by\u0107 w fazie projektowania pomy\u015blane jako \u0142\u0105czniki przysz\u0142ych oficyn. Oficyny boczne nigdy jednak tu nie powsta\u0142y, a w miejscu, gdzie mia\u0142yby si\u0119 styka\u0107 z domem frontowym, s\u0105 obecnie balkony o balustradach takich jak na balkonach od frontu. Balkony s\u0105 zapewne oryginalne lub zosta\u0142y dodane bezpo\u015brednio po II wojnie, w czasie powojennej adaptacji kamienicy na dom komunalny. W przededniu II wojny dom by\u0142 wsp\u00f3\u0142w\u0142asno\u015bci\u0105 Arona Goldkorna, Racheli Rogozi\u0144skiej i Sury Roj. Wojn\u0119 kamienica przetrwa\u0142a w dobrym stanie, dach nie by\u0142 uszkodzony. W ostatnich latach, pomi\u0119dzy 2009 a 2010 r., dom ocieplono. Warto zwr\u00f3ci\u0107 uwag\u0119 na zachowane we wn\u0119trzach posadzki spocznik\u00f3w czy balustrady. \u015aciany klatki schodowej wschodniej wsp\u00f3\u0142cze\u015bnie pokryto niemaj\u0105c\u0105 nic wsp\u00f3lnego z pierwotnym wystrojem ok\u0142adzin\u0105.<\/p>\n\n\n\n<p>::: W\u0142\u0105czono do bazy w ramach projektu: &#8222;Studeo et Conservo 2024&#8221; &#8211; (XIX edycja), dofinansowanego przez Miasto Sto\u0142eczne Warszawa.<\/p>\n\n\n\n<figure class=\"wp-block-gallery has-nested-images columns-default is-cropped wp-block-gallery-1 is-layout-flex wp-block-gallery-is-layout-flex\">\n<figure class=\"wp-block-image size-large\"><img loading=\"lazy\" decoding=\"async\" width=\"1024\" height=\"768\" data-id=\"33350\" src=\"http:\/\/lapidarium.fundacja-hereditas.pl\/wp-content\/uploads\/2024\/12\/M_Sajko_Wwa_Skaryszewska_13_fasada_frontowa_1-1024x768.jpg\" alt=\"\" class=\"wp-image-33350\" srcset=\"http:\/\/lapidarium.fundacja-hereditas.pl\/wp-content\/uploads\/2024\/12\/M_Sajko_Wwa_Skaryszewska_13_fasada_frontowa_1-1024x768.jpg 1024w, http:\/\/lapidarium.fundacja-hereditas.pl\/wp-content\/uploads\/2024\/12\/M_Sajko_Wwa_Skaryszewska_13_fasada_frontowa_1-300x225.jpg 300w, http:\/\/lapidarium.fundacja-hereditas.pl\/wp-content\/uploads\/2024\/12\/M_Sajko_Wwa_Skaryszewska_13_fasada_frontowa_1-768x576.jpg 768w, http:\/\/lapidarium.fundacja-hereditas.pl\/wp-content\/uploads\/2024\/12\/M_Sajko_Wwa_Skaryszewska_13_fasada_frontowa_1-1536x1152.jpg 1536w, http:\/\/lapidarium.fundacja-hereditas.pl\/wp-content\/uploads\/2024\/12\/M_Sajko_Wwa_Skaryszewska_13_fasada_frontowa_1-2048x1536.jpg 2048w, http:\/\/lapidarium.fundacja-hereditas.pl\/wp-content\/uploads\/2024\/12\/M_Sajko_Wwa_Skaryszewska_13_fasada_frontowa_1-150x113.jpg 150w, http:\/\/lapidarium.fundacja-hereditas.pl\/wp-content\/uploads\/2024\/12\/M_Sajko_Wwa_Skaryszewska_13_fasada_frontowa_1-696x522.jpg 696w, http:\/\/lapidarium.fundacja-hereditas.pl\/wp-content\/uploads\/2024\/12\/M_Sajko_Wwa_Skaryszewska_13_fasada_frontowa_1-1068x801.jpg 1068w, http:\/\/lapidarium.fundacja-hereditas.pl\/wp-content\/uploads\/2024\/12\/M_Sajko_Wwa_Skaryszewska_13_fasada_frontowa_1-1920x1440.jpg 1920w\" sizes=\"auto, (max-width: 1024px) 100vw, 1024px\" \/><figcaption class=\"wp-element-caption\">Widok og\u00f3lny od ulicy. Fot. Marceli Sajko, 2024 r., \u017ar\u00f3d\u0142o: \u201eStudeo et Conservo\u201d \u2013 (XIX edycja).<\/figcaption><\/figure>\n\n\n\n<figure class=\"wp-block-image size-large\"><img loading=\"lazy\" decoding=\"async\" width=\"683\" height=\"1024\" data-id=\"32902\" src=\"http:\/\/lapidarium.fundacja-hereditas.pl\/wp-content\/uploads\/2024\/12\/Marta_Wasilewska_Wwa_Skaryszewska13_brama-683x1024.jpg\" alt=\"\" class=\"wp-image-32902\" srcset=\"http:\/\/lapidarium.fundacja-hereditas.pl\/wp-content\/uploads\/2024\/12\/Marta_Wasilewska_Wwa_Skaryszewska13_brama-683x1024.jpg 683w, http:\/\/lapidarium.fundacja-hereditas.pl\/wp-content\/uploads\/2024\/12\/Marta_Wasilewska_Wwa_Skaryszewska13_brama-200x300.jpg 200w, http:\/\/lapidarium.fundacja-hereditas.pl\/wp-content\/uploads\/2024\/12\/Marta_Wasilewska_Wwa_Skaryszewska13_brama-768x1152.jpg 768w, http:\/\/lapidarium.fundacja-hereditas.pl\/wp-content\/uploads\/2024\/12\/Marta_Wasilewska_Wwa_Skaryszewska13_brama-1024x1536.jpg 1024w, http:\/\/lapidarium.fundacja-hereditas.pl\/wp-content\/uploads\/2024\/12\/Marta_Wasilewska_Wwa_Skaryszewska13_brama-1365x2048.jpg 1365w, http:\/\/lapidarium.fundacja-hereditas.pl\/wp-content\/uploads\/2024\/12\/Marta_Wasilewska_Wwa_Skaryszewska13_brama-150x225.jpg 150w, http:\/\/lapidarium.fundacja-hereditas.pl\/wp-content\/uploads\/2024\/12\/Marta_Wasilewska_Wwa_Skaryszewska13_brama-300x450.jpg 300w, http:\/\/lapidarium.fundacja-hereditas.pl\/wp-content\/uploads\/2024\/12\/Marta_Wasilewska_Wwa_Skaryszewska13_brama-696x1044.jpg 696w, http:\/\/lapidarium.fundacja-hereditas.pl\/wp-content\/uploads\/2024\/12\/Marta_Wasilewska_Wwa_Skaryszewska13_brama-1068x1602.jpg 1068w, http:\/\/lapidarium.fundacja-hereditas.pl\/wp-content\/uploads\/2024\/12\/Marta_Wasilewska_Wwa_Skaryszewska13_brama-1920x2880.jpg 1920w, http:\/\/lapidarium.fundacja-hereditas.pl\/wp-content\/uploads\/2024\/12\/Marta_Wasilewska_Wwa_Skaryszewska13_brama-scaled.jpg 1707w\" sizes=\"auto, (max-width: 683px) 100vw, 683px\" \/><figcaption class=\"wp-element-caption\">Przejazd bramny z zamurowanym wej\u015bciem na klatk\u0119 (do str\u00f3\u017c\u00f3wki?). Fot. Marta Wasilewska, 2024 r., \u017ar\u00f3d\u0142o: \u201eStudeo et Conservo\u201d \u2013 (XIX edycja).<\/figcaption><\/figure>\n\n\n\n<figure class=\"wp-block-image size-large\"><img loading=\"lazy\" decoding=\"async\" width=\"683\" height=\"1024\" data-id=\"32899\" src=\"http:\/\/lapidarium.fundacja-hereditas.pl\/wp-content\/uploads\/2024\/12\/Marta_Wasilewska_Wwa_Skaryszewska13_klatkaI_IIIp_balustrada-683x1024.jpg\" alt=\"\" class=\"wp-image-32899\" srcset=\"http:\/\/lapidarium.fundacja-hereditas.pl\/wp-content\/uploads\/2024\/12\/Marta_Wasilewska_Wwa_Skaryszewska13_klatkaI_IIIp_balustrada-683x1024.jpg 683w, http:\/\/lapidarium.fundacja-hereditas.pl\/wp-content\/uploads\/2024\/12\/Marta_Wasilewska_Wwa_Skaryszewska13_klatkaI_IIIp_balustrada-200x300.jpg 200w, http:\/\/lapidarium.fundacja-hereditas.pl\/wp-content\/uploads\/2024\/12\/Marta_Wasilewska_Wwa_Skaryszewska13_klatkaI_IIIp_balustrada-768x1152.jpg 768w, http:\/\/lapidarium.fundacja-hereditas.pl\/wp-content\/uploads\/2024\/12\/Marta_Wasilewska_Wwa_Skaryszewska13_klatkaI_IIIp_balustrada-1024x1536.jpg 1024w, http:\/\/lapidarium.fundacja-hereditas.pl\/wp-content\/uploads\/2024\/12\/Marta_Wasilewska_Wwa_Skaryszewska13_klatkaI_IIIp_balustrada-1365x2048.jpg 1365w, http:\/\/lapidarium.fundacja-hereditas.pl\/wp-content\/uploads\/2024\/12\/Marta_Wasilewska_Wwa_Skaryszewska13_klatkaI_IIIp_balustrada-150x225.jpg 150w, http:\/\/lapidarium.fundacja-hereditas.pl\/wp-content\/uploads\/2024\/12\/Marta_Wasilewska_Wwa_Skaryszewska13_klatkaI_IIIp_balustrada-300x450.jpg 300w, http:\/\/lapidarium.fundacja-hereditas.pl\/wp-content\/uploads\/2024\/12\/Marta_Wasilewska_Wwa_Skaryszewska13_klatkaI_IIIp_balustrada-696x1044.jpg 696w, http:\/\/lapidarium.fundacja-hereditas.pl\/wp-content\/uploads\/2024\/12\/Marta_Wasilewska_Wwa_Skaryszewska13_klatkaI_IIIp_balustrada-1068x1602.jpg 1068w, http:\/\/lapidarium.fundacja-hereditas.pl\/wp-content\/uploads\/2024\/12\/Marta_Wasilewska_Wwa_Skaryszewska13_klatkaI_IIIp_balustrada-1920x2880.jpg 1920w, http:\/\/lapidarium.fundacja-hereditas.pl\/wp-content\/uploads\/2024\/12\/Marta_Wasilewska_Wwa_Skaryszewska13_klatkaI_IIIp_balustrada-scaled.jpg 1707w\" sizes=\"auto, (max-width: 683px) 100vw, 683px\" \/><figcaption class=\"wp-element-caption\">Klatka zachodnia &#8211; pi\u0119tro III-cie. Fot. Marta Wasilewska, 2024 r., \u017ar\u00f3d\u0142o: \u201eStudeo et Conservo\u201d \u2013 (XIX edycja).<\/figcaption><\/figure>\n\n\n\n<figure class=\"wp-block-image size-large\"><img loading=\"lazy\" decoding=\"async\" width=\"683\" height=\"1024\" data-id=\"32903\" src=\"http:\/\/lapidarium.fundacja-hereditas.pl\/wp-content\/uploads\/2024\/12\/Marta_Wasilewska_Wwa_Skaryszewska13_klatkaI_IIp-683x1024.jpg\" alt=\"\" class=\"wp-image-32903\" srcset=\"http:\/\/lapidarium.fundacja-hereditas.pl\/wp-content\/uploads\/2024\/12\/Marta_Wasilewska_Wwa_Skaryszewska13_klatkaI_IIp-683x1024.jpg 683w, http:\/\/lapidarium.fundacja-hereditas.pl\/wp-content\/uploads\/2024\/12\/Marta_Wasilewska_Wwa_Skaryszewska13_klatkaI_IIp-200x300.jpg 200w, http:\/\/lapidarium.fundacja-hereditas.pl\/wp-content\/uploads\/2024\/12\/Marta_Wasilewska_Wwa_Skaryszewska13_klatkaI_IIp-768x1152.jpg 768w, http:\/\/lapidarium.fundacja-hereditas.pl\/wp-content\/uploads\/2024\/12\/Marta_Wasilewska_Wwa_Skaryszewska13_klatkaI_IIp-1024x1536.jpg 1024w, http:\/\/lapidarium.fundacja-hereditas.pl\/wp-content\/uploads\/2024\/12\/Marta_Wasilewska_Wwa_Skaryszewska13_klatkaI_IIp-1365x2048.jpg 1365w, http:\/\/lapidarium.fundacja-hereditas.pl\/wp-content\/uploads\/2024\/12\/Marta_Wasilewska_Wwa_Skaryszewska13_klatkaI_IIp-150x225.jpg 150w, http:\/\/lapidarium.fundacja-hereditas.pl\/wp-content\/uploads\/2024\/12\/Marta_Wasilewska_Wwa_Skaryszewska13_klatkaI_IIp-300x450.jpg 300w, http:\/\/lapidarium.fundacja-hereditas.pl\/wp-content\/uploads\/2024\/12\/Marta_Wasilewska_Wwa_Skaryszewska13_klatkaI_IIp-696x1044.jpg 696w, http:\/\/lapidarium.fundacja-hereditas.pl\/wp-content\/uploads\/2024\/12\/Marta_Wasilewska_Wwa_Skaryszewska13_klatkaI_IIp-1068x1602.jpg 1068w, http:\/\/lapidarium.fundacja-hereditas.pl\/wp-content\/uploads\/2024\/12\/Marta_Wasilewska_Wwa_Skaryszewska13_klatkaI_IIp-1920x2880.jpg 1920w, http:\/\/lapidarium.fundacja-hereditas.pl\/wp-content\/uploads\/2024\/12\/Marta_Wasilewska_Wwa_Skaryszewska13_klatkaI_IIp-scaled.jpg 1707w\" sizes=\"auto, (max-width: 683px) 100vw, 683px\" \/><figcaption class=\"wp-element-caption\">Klatka zachodnia &#8211; pi\u0119tro II-gie. Fot. Marta Wasilewska, 2024 r., \u017ar\u00f3d\u0142o: \u201eStudeo et Conservo\u201d \u2013 (XIX edycja).<\/figcaption><\/figure>\n\n\n\n<figure class=\"wp-block-image size-large\"><img loading=\"lazy\" decoding=\"async\" width=\"683\" height=\"1024\" data-id=\"32901\" src=\"http:\/\/lapidarium.fundacja-hereditas.pl\/wp-content\/uploads\/2024\/12\/Marta_Wasilewska_Wwa_Skaryszewska13_klatkaI_Ip_balustrada-683x1024.jpg\" alt=\"\" class=\"wp-image-32901\" srcset=\"http:\/\/lapidarium.fundacja-hereditas.pl\/wp-content\/uploads\/2024\/12\/Marta_Wasilewska_Wwa_Skaryszewska13_klatkaI_Ip_balustrada-683x1024.jpg 683w, http:\/\/lapidarium.fundacja-hereditas.pl\/wp-content\/uploads\/2024\/12\/Marta_Wasilewska_Wwa_Skaryszewska13_klatkaI_Ip_balustrada-200x300.jpg 200w, http:\/\/lapidarium.fundacja-hereditas.pl\/wp-content\/uploads\/2024\/12\/Marta_Wasilewska_Wwa_Skaryszewska13_klatkaI_Ip_balustrada-768x1152.jpg 768w, http:\/\/lapidarium.fundacja-hereditas.pl\/wp-content\/uploads\/2024\/12\/Marta_Wasilewska_Wwa_Skaryszewska13_klatkaI_Ip_balustrada-1024x1536.jpg 1024w, http:\/\/lapidarium.fundacja-hereditas.pl\/wp-content\/uploads\/2024\/12\/Marta_Wasilewska_Wwa_Skaryszewska13_klatkaI_Ip_balustrada-1365x2048.jpg 1365w, http:\/\/lapidarium.fundacja-hereditas.pl\/wp-content\/uploads\/2024\/12\/Marta_Wasilewska_Wwa_Skaryszewska13_klatkaI_Ip_balustrada-150x225.jpg 150w, http:\/\/lapidarium.fundacja-hereditas.pl\/wp-content\/uploads\/2024\/12\/Marta_Wasilewska_Wwa_Skaryszewska13_klatkaI_Ip_balustrada-300x450.jpg 300w, http:\/\/lapidarium.fundacja-hereditas.pl\/wp-content\/uploads\/2024\/12\/Marta_Wasilewska_Wwa_Skaryszewska13_klatkaI_Ip_balustrada-696x1044.jpg 696w, http:\/\/lapidarium.fundacja-hereditas.pl\/wp-content\/uploads\/2024\/12\/Marta_Wasilewska_Wwa_Skaryszewska13_klatkaI_Ip_balustrada-1068x1602.jpg 1068w, http:\/\/lapidarium.fundacja-hereditas.pl\/wp-content\/uploads\/2024\/12\/Marta_Wasilewska_Wwa_Skaryszewska13_klatkaI_Ip_balustrada-1920x2880.jpg 1920w, http:\/\/lapidarium.fundacja-hereditas.pl\/wp-content\/uploads\/2024\/12\/Marta_Wasilewska_Wwa_Skaryszewska13_klatkaI_Ip_balustrada-scaled.jpg 1707w\" sizes=\"auto, (max-width: 683px) 100vw, 683px\" \/><figcaption class=\"wp-element-caption\">Klatka zachodnia &#8211; pi\u0119tro I-sze. Fot. Marta Wasilewska, 2024 r., \u017ar\u00f3d\u0142o: \u201eStudeo et Conservo\u201d \u2013 (XIX edycja).<\/figcaption><\/figure>\n\n\n\n<figure class=\"wp-block-image size-large\"><img loading=\"lazy\" decoding=\"async\" width=\"683\" height=\"1024\" data-id=\"32904\" src=\"http:\/\/lapidarium.fundacja-hereditas.pl\/wp-content\/uploads\/2024\/12\/Marta_Wasilewska_Wwa_Skaryszewska13_klatkaI_IVp-683x1024.jpg\" alt=\"\" class=\"wp-image-32904\" srcset=\"http:\/\/lapidarium.fundacja-hereditas.pl\/wp-content\/uploads\/2024\/12\/Marta_Wasilewska_Wwa_Skaryszewska13_klatkaI_IVp-683x1024.jpg 683w, http:\/\/lapidarium.fundacja-hereditas.pl\/wp-content\/uploads\/2024\/12\/Marta_Wasilewska_Wwa_Skaryszewska13_klatkaI_IVp-200x300.jpg 200w, http:\/\/lapidarium.fundacja-hereditas.pl\/wp-content\/uploads\/2024\/12\/Marta_Wasilewska_Wwa_Skaryszewska13_klatkaI_IVp-768x1152.jpg 768w, http:\/\/lapidarium.fundacja-hereditas.pl\/wp-content\/uploads\/2024\/12\/Marta_Wasilewska_Wwa_Skaryszewska13_klatkaI_IVp-1024x1536.jpg 1024w, http:\/\/lapidarium.fundacja-hereditas.pl\/wp-content\/uploads\/2024\/12\/Marta_Wasilewska_Wwa_Skaryszewska13_klatkaI_IVp-1365x2048.jpg 1365w, http:\/\/lapidarium.fundacja-hereditas.pl\/wp-content\/uploads\/2024\/12\/Marta_Wasilewska_Wwa_Skaryszewska13_klatkaI_IVp-150x225.jpg 150w, http:\/\/lapidarium.fundacja-hereditas.pl\/wp-content\/uploads\/2024\/12\/Marta_Wasilewska_Wwa_Skaryszewska13_klatkaI_IVp-300x450.jpg 300w, http:\/\/lapidarium.fundacja-hereditas.pl\/wp-content\/uploads\/2024\/12\/Marta_Wasilewska_Wwa_Skaryszewska13_klatkaI_IVp-696x1044.jpg 696w, http:\/\/lapidarium.fundacja-hereditas.pl\/wp-content\/uploads\/2024\/12\/Marta_Wasilewska_Wwa_Skaryszewska13_klatkaI_IVp-1068x1602.jpg 1068w, http:\/\/lapidarium.fundacja-hereditas.pl\/wp-content\/uploads\/2024\/12\/Marta_Wasilewska_Wwa_Skaryszewska13_klatkaI_IVp-1920x2880.jpg 1920w, http:\/\/lapidarium.fundacja-hereditas.pl\/wp-content\/uploads\/2024\/12\/Marta_Wasilewska_Wwa_Skaryszewska13_klatkaI_IVp-scaled.jpg 1707w\" sizes=\"auto, (max-width: 683px) 100vw, 683px\" \/><figcaption class=\"wp-element-caption\">Klatka zachodnia &#8211; ostatnie pi\u0119tro. Fot. Marta Wasilewska, 2024 r., \u017ar\u00f3d\u0142o: \u201eStudeo et Conservo\u201d \u2013 (XIX edycja).<\/figcaption><\/figure>\n\n\n\n<figure class=\"wp-block-image size-large\"><img loading=\"lazy\" decoding=\"async\" width=\"683\" height=\"1024\" data-id=\"32900\" src=\"http:\/\/lapidarium.fundacja-hereditas.pl\/wp-content\/uploads\/2024\/12\/Marta_Wasilewska_Wwa_Skaryszewska13_klatkaI_parter_porecz-683x1024.jpg\" alt=\"\" class=\"wp-image-32900\" srcset=\"http:\/\/lapidarium.fundacja-hereditas.pl\/wp-content\/uploads\/2024\/12\/Marta_Wasilewska_Wwa_Skaryszewska13_klatkaI_parter_porecz-683x1024.jpg 683w, http:\/\/lapidarium.fundacja-hereditas.pl\/wp-content\/uploads\/2024\/12\/Marta_Wasilewska_Wwa_Skaryszewska13_klatkaI_parter_porecz-200x300.jpg 200w, http:\/\/lapidarium.fundacja-hereditas.pl\/wp-content\/uploads\/2024\/12\/Marta_Wasilewska_Wwa_Skaryszewska13_klatkaI_parter_porecz-768x1152.jpg 768w, http:\/\/lapidarium.fundacja-hereditas.pl\/wp-content\/uploads\/2024\/12\/Marta_Wasilewska_Wwa_Skaryszewska13_klatkaI_parter_porecz-1024x1536.jpg 1024w, http:\/\/lapidarium.fundacja-hereditas.pl\/wp-content\/uploads\/2024\/12\/Marta_Wasilewska_Wwa_Skaryszewska13_klatkaI_parter_porecz-1365x2048.jpg 1365w, http:\/\/lapidarium.fundacja-hereditas.pl\/wp-content\/uploads\/2024\/12\/Marta_Wasilewska_Wwa_Skaryszewska13_klatkaI_parter_porecz-150x225.jpg 150w, http:\/\/lapidarium.fundacja-hereditas.pl\/wp-content\/uploads\/2024\/12\/Marta_Wasilewska_Wwa_Skaryszewska13_klatkaI_parter_porecz-300x450.jpg 300w, http:\/\/lapidarium.fundacja-hereditas.pl\/wp-content\/uploads\/2024\/12\/Marta_Wasilewska_Wwa_Skaryszewska13_klatkaI_parter_porecz-696x1044.jpg 696w, http:\/\/lapidarium.fundacja-hereditas.pl\/wp-content\/uploads\/2024\/12\/Marta_Wasilewska_Wwa_Skaryszewska13_klatkaI_parter_porecz-1068x1602.jpg 1068w, http:\/\/lapidarium.fundacja-hereditas.pl\/wp-content\/uploads\/2024\/12\/Marta_Wasilewska_Wwa_Skaryszewska13_klatkaI_parter_porecz-1920x2880.jpg 1920w, http:\/\/lapidarium.fundacja-hereditas.pl\/wp-content\/uploads\/2024\/12\/Marta_Wasilewska_Wwa_Skaryszewska13_klatkaI_parter_porecz-scaled.jpg 1707w\" sizes=\"auto, (max-width: 683px) 100vw, 683px\" \/><figcaption class=\"wp-element-caption\">Klatka zachodnia &#8211; parter. Fot. Marta Wasilewska, 2024 r., \u017ar\u00f3d\u0142o: \u201eStudeo et Conservo\u201d \u2013 (XIX edycja).<\/figcaption><\/figure>\n\n\n\n<figure class=\"wp-block-image size-large\"><img loading=\"lazy\" decoding=\"async\" width=\"683\" height=\"1024\" data-id=\"32905\" src=\"http:\/\/lapidarium.fundacja-hereditas.pl\/wp-content\/uploads\/2024\/12\/Marta_Wasilewska_Wwa_Skaryszewska13_klatkaI_spocznik_przed_IIIp_balustrada-683x1024.jpg\" alt=\"\" class=\"wp-image-32905\" srcset=\"http:\/\/lapidarium.fundacja-hereditas.pl\/wp-content\/uploads\/2024\/12\/Marta_Wasilewska_Wwa_Skaryszewska13_klatkaI_spocznik_przed_IIIp_balustrada-683x1024.jpg 683w, http:\/\/lapidarium.fundacja-hereditas.pl\/wp-content\/uploads\/2024\/12\/Marta_Wasilewska_Wwa_Skaryszewska13_klatkaI_spocznik_przed_IIIp_balustrada-200x300.jpg 200w, http:\/\/lapidarium.fundacja-hereditas.pl\/wp-content\/uploads\/2024\/12\/Marta_Wasilewska_Wwa_Skaryszewska13_klatkaI_spocznik_przed_IIIp_balustrada-768x1152.jpg 768w, http:\/\/lapidarium.fundacja-hereditas.pl\/wp-content\/uploads\/2024\/12\/Marta_Wasilewska_Wwa_Skaryszewska13_klatkaI_spocznik_przed_IIIp_balustrada-1024x1536.jpg 1024w, http:\/\/lapidarium.fundacja-hereditas.pl\/wp-content\/uploads\/2024\/12\/Marta_Wasilewska_Wwa_Skaryszewska13_klatkaI_spocznik_przed_IIIp_balustrada-1365x2048.jpg 1365w, http:\/\/lapidarium.fundacja-hereditas.pl\/wp-content\/uploads\/2024\/12\/Marta_Wasilewska_Wwa_Skaryszewska13_klatkaI_spocznik_przed_IIIp_balustrada-150x225.jpg 150w, http:\/\/lapidarium.fundacja-hereditas.pl\/wp-content\/uploads\/2024\/12\/Marta_Wasilewska_Wwa_Skaryszewska13_klatkaI_spocznik_przed_IIIp_balustrada-300x450.jpg 300w, http:\/\/lapidarium.fundacja-hereditas.pl\/wp-content\/uploads\/2024\/12\/Marta_Wasilewska_Wwa_Skaryszewska13_klatkaI_spocznik_przed_IIIp_balustrada-696x1044.jpg 696w, http:\/\/lapidarium.fundacja-hereditas.pl\/wp-content\/uploads\/2024\/12\/Marta_Wasilewska_Wwa_Skaryszewska13_klatkaI_spocznik_przed_IIIp_balustrada-1068x1602.jpg 1068w, http:\/\/lapidarium.fundacja-hereditas.pl\/wp-content\/uploads\/2024\/12\/Marta_Wasilewska_Wwa_Skaryszewska13_klatkaI_spocznik_przed_IIIp_balustrada-1920x2880.jpg 1920w, http:\/\/lapidarium.fundacja-hereditas.pl\/wp-content\/uploads\/2024\/12\/Marta_Wasilewska_Wwa_Skaryszewska13_klatkaI_spocznik_przed_IIIp_balustrada-scaled.jpg 1707w\" sizes=\"auto, (max-width: 683px) 100vw, 683px\" \/><figcaption class=\"wp-element-caption\">Klatka zachodnia &#8211; spocznik po I-szym pi\u0119trze. Fot. Marta Wasilewska, 2024 r., \u017ar\u00f3d\u0142o: \u201eStudeo et Conservo\u201d \u2013 (XIX edycja).<\/figcaption><\/figure>\n\n\n\n<figure class=\"wp-block-image size-large\"><img loading=\"lazy\" decoding=\"async\" width=\"683\" height=\"1024\" data-id=\"32906\" src=\"http:\/\/lapidarium.fundacja-hereditas.pl\/wp-content\/uploads\/2024\/12\/Marta_Wasilewska_Wwa_Skaryszewska13_klatkaI_spocznik_przed_IIp_balustrada-683x1024.jpg\" alt=\"\" class=\"wp-image-32906\" srcset=\"http:\/\/lapidarium.fundacja-hereditas.pl\/wp-content\/uploads\/2024\/12\/Marta_Wasilewska_Wwa_Skaryszewska13_klatkaI_spocznik_przed_IIp_balustrada-683x1024.jpg 683w, http:\/\/lapidarium.fundacja-hereditas.pl\/wp-content\/uploads\/2024\/12\/Marta_Wasilewska_Wwa_Skaryszewska13_klatkaI_spocznik_przed_IIp_balustrada-200x300.jpg 200w, http:\/\/lapidarium.fundacja-hereditas.pl\/wp-content\/uploads\/2024\/12\/Marta_Wasilewska_Wwa_Skaryszewska13_klatkaI_spocznik_przed_IIp_balustrada-768x1152.jpg 768w, http:\/\/lapidarium.fundacja-hereditas.pl\/wp-content\/uploads\/2024\/12\/Marta_Wasilewska_Wwa_Skaryszewska13_klatkaI_spocznik_przed_IIp_balustrada-1024x1536.jpg 1024w, http:\/\/lapidarium.fundacja-hereditas.pl\/wp-content\/uploads\/2024\/12\/Marta_Wasilewska_Wwa_Skaryszewska13_klatkaI_spocznik_przed_IIp_balustrada-1365x2048.jpg 1365w, http:\/\/lapidarium.fundacja-hereditas.pl\/wp-content\/uploads\/2024\/12\/Marta_Wasilewska_Wwa_Skaryszewska13_klatkaI_spocznik_przed_IIp_balustrada-150x225.jpg 150w, http:\/\/lapidarium.fundacja-hereditas.pl\/wp-content\/uploads\/2024\/12\/Marta_Wasilewska_Wwa_Skaryszewska13_klatkaI_spocznik_przed_IIp_balustrada-300x450.jpg 300w, http:\/\/lapidarium.fundacja-hereditas.pl\/wp-content\/uploads\/2024\/12\/Marta_Wasilewska_Wwa_Skaryszewska13_klatkaI_spocznik_przed_IIp_balustrada-696x1044.jpg 696w, http:\/\/lapidarium.fundacja-hereditas.pl\/wp-content\/uploads\/2024\/12\/Marta_Wasilewska_Wwa_Skaryszewska13_klatkaI_spocznik_przed_IIp_balustrada-1068x1602.jpg 1068w, http:\/\/lapidarium.fundacja-hereditas.pl\/wp-content\/uploads\/2024\/12\/Marta_Wasilewska_Wwa_Skaryszewska13_klatkaI_spocznik_przed_IIp_balustrada-1920x2880.jpg 1920w, http:\/\/lapidarium.fundacja-hereditas.pl\/wp-content\/uploads\/2024\/12\/Marta_Wasilewska_Wwa_Skaryszewska13_klatkaI_spocznik_przed_IIp_balustrada-scaled.jpg 1707w\" sizes=\"auto, (max-width: 683px) 100vw, 683px\" \/><figcaption class=\"wp-element-caption\">Klatka zachodnia &#8211; spocznik po parterze. Fot. Marta Wasilewska, 2024 r., \u017ar\u00f3d\u0142o: \u201eStudeo et Conservo\u201d \u2013 (XIX edycja).<\/figcaption><\/figure>\n\n\n\n<figure class=\"wp-block-image size-large\"><img loading=\"lazy\" decoding=\"async\" width=\"683\" height=\"1024\" data-id=\"32910\" src=\"http:\/\/lapidarium.fundacja-hereditas.pl\/wp-content\/uploads\/2024\/12\/Marta_Wasilewska_Wwa_Skaryszewska13_klatkaII_IIIp_baustrada-683x1024.jpg\" alt=\"\" class=\"wp-image-32910\" srcset=\"http:\/\/lapidarium.fundacja-hereditas.pl\/wp-content\/uploads\/2024\/12\/Marta_Wasilewska_Wwa_Skaryszewska13_klatkaII_IIIp_baustrada-683x1024.jpg 683w, http:\/\/lapidarium.fundacja-hereditas.pl\/wp-content\/uploads\/2024\/12\/Marta_Wasilewska_Wwa_Skaryszewska13_klatkaII_IIIp_baustrada-200x300.jpg 200w, http:\/\/lapidarium.fundacja-hereditas.pl\/wp-content\/uploads\/2024\/12\/Marta_Wasilewska_Wwa_Skaryszewska13_klatkaII_IIIp_baustrada-768x1152.jpg 768w, http:\/\/lapidarium.fundacja-hereditas.pl\/wp-content\/uploads\/2024\/12\/Marta_Wasilewska_Wwa_Skaryszewska13_klatkaII_IIIp_baustrada-1024x1536.jpg 1024w, http:\/\/lapidarium.fundacja-hereditas.pl\/wp-content\/uploads\/2024\/12\/Marta_Wasilewska_Wwa_Skaryszewska13_klatkaII_IIIp_baustrada-1365x2048.jpg 1365w, http:\/\/lapidarium.fundacja-hereditas.pl\/wp-content\/uploads\/2024\/12\/Marta_Wasilewska_Wwa_Skaryszewska13_klatkaII_IIIp_baustrada-150x225.jpg 150w, http:\/\/lapidarium.fundacja-hereditas.pl\/wp-content\/uploads\/2024\/12\/Marta_Wasilewska_Wwa_Skaryszewska13_klatkaII_IIIp_baustrada-300x450.jpg 300w, http:\/\/lapidarium.fundacja-hereditas.pl\/wp-content\/uploads\/2024\/12\/Marta_Wasilewska_Wwa_Skaryszewska13_klatkaII_IIIp_baustrada-696x1044.jpg 696w, http:\/\/lapidarium.fundacja-hereditas.pl\/wp-content\/uploads\/2024\/12\/Marta_Wasilewska_Wwa_Skaryszewska13_klatkaII_IIIp_baustrada-1068x1602.jpg 1068w, http:\/\/lapidarium.fundacja-hereditas.pl\/wp-content\/uploads\/2024\/12\/Marta_Wasilewska_Wwa_Skaryszewska13_klatkaII_IIIp_baustrada-1920x2880.jpg 1920w, http:\/\/lapidarium.fundacja-hereditas.pl\/wp-content\/uploads\/2024\/12\/Marta_Wasilewska_Wwa_Skaryszewska13_klatkaII_IIIp_baustrada-scaled.jpg 1707w\" sizes=\"auto, (max-width: 683px) 100vw, 683px\" \/><figcaption class=\"wp-element-caption\">Klatka wschodnia &#8211; Pi\u0119tro II-gie. Fot. Marta Wasilewska, 2024 r., \u017ar\u00f3d\u0142o: \u201eStudeo et Conservo\u201d \u2013 (XIX edycja).<\/figcaption><\/figure>\n\n\n\n<figure class=\"wp-block-image size-large\"><img loading=\"lazy\" decoding=\"async\" width=\"683\" height=\"1024\" data-id=\"32907\" src=\"http:\/\/lapidarium.fundacja-hereditas.pl\/wp-content\/uploads\/2024\/12\/Marta_Wasilewska_Wwa_Skaryszewska13_klatkaII_IIIp_drzwi-683x1024.jpg\" alt=\"\" class=\"wp-image-32907\" srcset=\"http:\/\/lapidarium.fundacja-hereditas.pl\/wp-content\/uploads\/2024\/12\/Marta_Wasilewska_Wwa_Skaryszewska13_klatkaII_IIIp_drzwi-683x1024.jpg 683w, http:\/\/lapidarium.fundacja-hereditas.pl\/wp-content\/uploads\/2024\/12\/Marta_Wasilewska_Wwa_Skaryszewska13_klatkaII_IIIp_drzwi-200x300.jpg 200w, http:\/\/lapidarium.fundacja-hereditas.pl\/wp-content\/uploads\/2024\/12\/Marta_Wasilewska_Wwa_Skaryszewska13_klatkaII_IIIp_drzwi-768x1152.jpg 768w, http:\/\/lapidarium.fundacja-hereditas.pl\/wp-content\/uploads\/2024\/12\/Marta_Wasilewska_Wwa_Skaryszewska13_klatkaII_IIIp_drzwi-1024x1536.jpg 1024w, http:\/\/lapidarium.fundacja-hereditas.pl\/wp-content\/uploads\/2024\/12\/Marta_Wasilewska_Wwa_Skaryszewska13_klatkaII_IIIp_drzwi-1365x2048.jpg 1365w, http:\/\/lapidarium.fundacja-hereditas.pl\/wp-content\/uploads\/2024\/12\/Marta_Wasilewska_Wwa_Skaryszewska13_klatkaII_IIIp_drzwi-150x225.jpg 150w, http:\/\/lapidarium.fundacja-hereditas.pl\/wp-content\/uploads\/2024\/12\/Marta_Wasilewska_Wwa_Skaryszewska13_klatkaII_IIIp_drzwi-300x450.jpg 300w, http:\/\/lapidarium.fundacja-hereditas.pl\/wp-content\/uploads\/2024\/12\/Marta_Wasilewska_Wwa_Skaryszewska13_klatkaII_IIIp_drzwi-696x1044.jpg 696w, http:\/\/lapidarium.fundacja-hereditas.pl\/wp-content\/uploads\/2024\/12\/Marta_Wasilewska_Wwa_Skaryszewska13_klatkaII_IIIp_drzwi-1068x1602.jpg 1068w, http:\/\/lapidarium.fundacja-hereditas.pl\/wp-content\/uploads\/2024\/12\/Marta_Wasilewska_Wwa_Skaryszewska13_klatkaII_IIIp_drzwi-1920x2880.jpg 1920w, http:\/\/lapidarium.fundacja-hereditas.pl\/wp-content\/uploads\/2024\/12\/Marta_Wasilewska_Wwa_Skaryszewska13_klatkaII_IIIp_drzwi-scaled.jpg 1707w\" sizes=\"auto, (max-width: 683px) 100vw, 683px\" \/><figcaption class=\"wp-element-caption\">Klatka wschodnia &#8211; pi\u0119tro II-gie. Fot. Marta Wasilewska, 2024 r., \u017ar\u00f3d\u0142o: \u201eStudeo et Conservo\u201d \u2013 (XIX edycja).<\/figcaption><\/figure>\n\n\n\n<figure class=\"wp-block-image size-large\"><img loading=\"lazy\" decoding=\"async\" width=\"683\" height=\"1024\" data-id=\"32909\" src=\"http:\/\/lapidarium.fundacja-hereditas.pl\/wp-content\/uploads\/2024\/12\/Marta_Wasilewska_Wwa_Skaryszewska13_klatkaII_IIp_balustrada-1-683x1024.jpg\" alt=\"\" class=\"wp-image-32909\" srcset=\"http:\/\/lapidarium.fundacja-hereditas.pl\/wp-content\/uploads\/2024\/12\/Marta_Wasilewska_Wwa_Skaryszewska13_klatkaII_IIp_balustrada-1-683x1024.jpg 683w, http:\/\/lapidarium.fundacja-hereditas.pl\/wp-content\/uploads\/2024\/12\/Marta_Wasilewska_Wwa_Skaryszewska13_klatkaII_IIp_balustrada-1-200x300.jpg 200w, http:\/\/lapidarium.fundacja-hereditas.pl\/wp-content\/uploads\/2024\/12\/Marta_Wasilewska_Wwa_Skaryszewska13_klatkaII_IIp_balustrada-1-768x1152.jpg 768w, http:\/\/lapidarium.fundacja-hereditas.pl\/wp-content\/uploads\/2024\/12\/Marta_Wasilewska_Wwa_Skaryszewska13_klatkaII_IIp_balustrada-1-1024x1536.jpg 1024w, http:\/\/lapidarium.fundacja-hereditas.pl\/wp-content\/uploads\/2024\/12\/Marta_Wasilewska_Wwa_Skaryszewska13_klatkaII_IIp_balustrada-1-1365x2048.jpg 1365w, http:\/\/lapidarium.fundacja-hereditas.pl\/wp-content\/uploads\/2024\/12\/Marta_Wasilewska_Wwa_Skaryszewska13_klatkaII_IIp_balustrada-1-150x225.jpg 150w, http:\/\/lapidarium.fundacja-hereditas.pl\/wp-content\/uploads\/2024\/12\/Marta_Wasilewska_Wwa_Skaryszewska13_klatkaII_IIp_balustrada-1-300x450.jpg 300w, http:\/\/lapidarium.fundacja-hereditas.pl\/wp-content\/uploads\/2024\/12\/Marta_Wasilewska_Wwa_Skaryszewska13_klatkaII_IIp_balustrada-1-696x1044.jpg 696w, http:\/\/lapidarium.fundacja-hereditas.pl\/wp-content\/uploads\/2024\/12\/Marta_Wasilewska_Wwa_Skaryszewska13_klatkaII_IIp_balustrada-1-1068x1602.jpg 1068w, http:\/\/lapidarium.fundacja-hereditas.pl\/wp-content\/uploads\/2024\/12\/Marta_Wasilewska_Wwa_Skaryszewska13_klatkaII_IIp_balustrada-1-1920x2880.jpg 1920w, http:\/\/lapidarium.fundacja-hereditas.pl\/wp-content\/uploads\/2024\/12\/Marta_Wasilewska_Wwa_Skaryszewska13_klatkaII_IIp_balustrada-1-scaled.jpg 1707w\" sizes=\"auto, (max-width: 683px) 100vw, 683px\" \/><figcaption class=\"wp-element-caption\">Klatka wschodnia &#8211; pi\u0119tro I-sze. Fot. Marta Wasilewska, 2024 r., \u017ar\u00f3d\u0142o: \u201eStudeo et Conservo\u201d \u2013 (XIX edycja).<\/figcaption><\/figure>\n\n\n\n<figure class=\"wp-block-image size-large\"><img loading=\"lazy\" decoding=\"async\" width=\"1024\" height=\"683\" data-id=\"32908\" src=\"http:\/\/lapidarium.fundacja-hereditas.pl\/wp-content\/uploads\/2024\/12\/Marta_Wasilewska_Wwa_Skaryszewska13_klatkaII_IIp_balustrada-1024x683.jpg\" alt=\"\" class=\"wp-image-32908\" srcset=\"http:\/\/lapidarium.fundacja-hereditas.pl\/wp-content\/uploads\/2024\/12\/Marta_Wasilewska_Wwa_Skaryszewska13_klatkaII_IIp_balustrada-1024x683.jpg 1024w, http:\/\/lapidarium.fundacja-hereditas.pl\/wp-content\/uploads\/2024\/12\/Marta_Wasilewska_Wwa_Skaryszewska13_klatkaII_IIp_balustrada-300x200.jpg 300w, http:\/\/lapidarium.fundacja-hereditas.pl\/wp-content\/uploads\/2024\/12\/Marta_Wasilewska_Wwa_Skaryszewska13_klatkaII_IIp_balustrada-768x512.jpg 768w, http:\/\/lapidarium.fundacja-hereditas.pl\/wp-content\/uploads\/2024\/12\/Marta_Wasilewska_Wwa_Skaryszewska13_klatkaII_IIp_balustrada-1536x1024.jpg 1536w, http:\/\/lapidarium.fundacja-hereditas.pl\/wp-content\/uploads\/2024\/12\/Marta_Wasilewska_Wwa_Skaryszewska13_klatkaII_IIp_balustrada-2048x1365.jpg 2048w, http:\/\/lapidarium.fundacja-hereditas.pl\/wp-content\/uploads\/2024\/12\/Marta_Wasilewska_Wwa_Skaryszewska13_klatkaII_IIp_balustrada-150x100.jpg 150w, http:\/\/lapidarium.fundacja-hereditas.pl\/wp-content\/uploads\/2024\/12\/Marta_Wasilewska_Wwa_Skaryszewska13_klatkaII_IIp_balustrada-696x464.jpg 696w, http:\/\/lapidarium.fundacja-hereditas.pl\/wp-content\/uploads\/2024\/12\/Marta_Wasilewska_Wwa_Skaryszewska13_klatkaII_IIp_balustrada-1068x712.jpg 1068w, http:\/\/lapidarium.fundacja-hereditas.pl\/wp-content\/uploads\/2024\/12\/Marta_Wasilewska_Wwa_Skaryszewska13_klatkaII_IIp_balustrada-1920x1280.jpg 1920w\" sizes=\"auto, (max-width: 1024px) 100vw, 1024px\" \/><figcaption class=\"wp-element-caption\">Klatka wschodnia &#8211; policzki schod\u00f3w. Fot. Marta Wasilewska, 2024 r., \u017ar\u00f3d\u0142o: \u201eStudeo et Conservo\u201d \u2013 (XIX edycja).<\/figcaption><\/figure>\n\n\n\n<figure class=\"wp-block-image size-large\"><img loading=\"lazy\" decoding=\"async\" width=\"683\" height=\"1024\" data-id=\"32911\" src=\"http:\/\/lapidarium.fundacja-hereditas.pl\/wp-content\/uploads\/2024\/12\/Marta_Wasilewska_Wwa_Skaryszewska13_klatkaII_IIp_drzwi-683x1024.jpg\" alt=\"\" class=\"wp-image-32911\" srcset=\"http:\/\/lapidarium.fundacja-hereditas.pl\/wp-content\/uploads\/2024\/12\/Marta_Wasilewska_Wwa_Skaryszewska13_klatkaII_IIp_drzwi-683x1024.jpg 683w, http:\/\/lapidarium.fundacja-hereditas.pl\/wp-content\/uploads\/2024\/12\/Marta_Wasilewska_Wwa_Skaryszewska13_klatkaII_IIp_drzwi-200x300.jpg 200w, http:\/\/lapidarium.fundacja-hereditas.pl\/wp-content\/uploads\/2024\/12\/Marta_Wasilewska_Wwa_Skaryszewska13_klatkaII_IIp_drzwi-768x1152.jpg 768w, http:\/\/lapidarium.fundacja-hereditas.pl\/wp-content\/uploads\/2024\/12\/Marta_Wasilewska_Wwa_Skaryszewska13_klatkaII_IIp_drzwi-1024x1536.jpg 1024w, http:\/\/lapidarium.fundacja-hereditas.pl\/wp-content\/uploads\/2024\/12\/Marta_Wasilewska_Wwa_Skaryszewska13_klatkaII_IIp_drzwi-1365x2048.jpg 1365w, http:\/\/lapidarium.fundacja-hereditas.pl\/wp-content\/uploads\/2024\/12\/Marta_Wasilewska_Wwa_Skaryszewska13_klatkaII_IIp_drzwi-150x225.jpg 150w, http:\/\/lapidarium.fundacja-hereditas.pl\/wp-content\/uploads\/2024\/12\/Marta_Wasilewska_Wwa_Skaryszewska13_klatkaII_IIp_drzwi-300x450.jpg 300w, http:\/\/lapidarium.fundacja-hereditas.pl\/wp-content\/uploads\/2024\/12\/Marta_Wasilewska_Wwa_Skaryszewska13_klatkaII_IIp_drzwi-696x1044.jpg 696w, http:\/\/lapidarium.fundacja-hereditas.pl\/wp-content\/uploads\/2024\/12\/Marta_Wasilewska_Wwa_Skaryszewska13_klatkaII_IIp_drzwi-1068x1602.jpg 1068w, http:\/\/lapidarium.fundacja-hereditas.pl\/wp-content\/uploads\/2024\/12\/Marta_Wasilewska_Wwa_Skaryszewska13_klatkaII_IIp_drzwi-1920x2880.jpg 1920w, http:\/\/lapidarium.fundacja-hereditas.pl\/wp-content\/uploads\/2024\/12\/Marta_Wasilewska_Wwa_Skaryszewska13_klatkaII_IIp_drzwi-scaled.jpg 1707w\" sizes=\"auto, (max-width: 683px) 100vw, 683px\" \/><figcaption class=\"wp-element-caption\">Klatka wschodnia &#8211; pi\u0119tro I-sze. Fot. Marta Wasilewska, 2024 r., \u017ar\u00f3d\u0142o: \u201eStudeo et Conservo\u201d \u2013 (XIX edycja).<\/figcaption><\/figure>\n\n\n\n<figure class=\"wp-block-image size-large\"><img loading=\"lazy\" decoding=\"async\" width=\"683\" height=\"1024\" data-id=\"32914\" src=\"http:\/\/lapidarium.fundacja-hereditas.pl\/wp-content\/uploads\/2024\/12\/Marta_Wasilewska_Wwa_Skaryszewska13_klatkaII_parter_balustrada-683x1024.jpg\" alt=\"\" class=\"wp-image-32914\" srcset=\"http:\/\/lapidarium.fundacja-hereditas.pl\/wp-content\/uploads\/2024\/12\/Marta_Wasilewska_Wwa_Skaryszewska13_klatkaII_parter_balustrada-683x1024.jpg 683w, http:\/\/lapidarium.fundacja-hereditas.pl\/wp-content\/uploads\/2024\/12\/Marta_Wasilewska_Wwa_Skaryszewska13_klatkaII_parter_balustrada-200x300.jpg 200w, http:\/\/lapidarium.fundacja-hereditas.pl\/wp-content\/uploads\/2024\/12\/Marta_Wasilewska_Wwa_Skaryszewska13_klatkaII_parter_balustrada-768x1152.jpg 768w, http:\/\/lapidarium.fundacja-hereditas.pl\/wp-content\/uploads\/2024\/12\/Marta_Wasilewska_Wwa_Skaryszewska13_klatkaII_parter_balustrada-1024x1536.jpg 1024w, http:\/\/lapidarium.fundacja-hereditas.pl\/wp-content\/uploads\/2024\/12\/Marta_Wasilewska_Wwa_Skaryszewska13_klatkaII_parter_balustrada-1365x2048.jpg 1365w, http:\/\/lapidarium.fundacja-hereditas.pl\/wp-content\/uploads\/2024\/12\/Marta_Wasilewska_Wwa_Skaryszewska13_klatkaII_parter_balustrada-150x225.jpg 150w, http:\/\/lapidarium.fundacja-hereditas.pl\/wp-content\/uploads\/2024\/12\/Marta_Wasilewska_Wwa_Skaryszewska13_klatkaII_parter_balustrada-300x450.jpg 300w, http:\/\/lapidarium.fundacja-hereditas.pl\/wp-content\/uploads\/2024\/12\/Marta_Wasilewska_Wwa_Skaryszewska13_klatkaII_parter_balustrada-696x1044.jpg 696w, http:\/\/lapidarium.fundacja-hereditas.pl\/wp-content\/uploads\/2024\/12\/Marta_Wasilewska_Wwa_Skaryszewska13_klatkaII_parter_balustrada-1068x1602.jpg 1068w, http:\/\/lapidarium.fundacja-hereditas.pl\/wp-content\/uploads\/2024\/12\/Marta_Wasilewska_Wwa_Skaryszewska13_klatkaII_parter_balustrada-1920x2880.jpg 1920w, http:\/\/lapidarium.fundacja-hereditas.pl\/wp-content\/uploads\/2024\/12\/Marta_Wasilewska_Wwa_Skaryszewska13_klatkaII_parter_balustrada-scaled.jpg 1707w\" sizes=\"auto, (max-width: 683px) 100vw, 683px\" \/><figcaption class=\"wp-element-caption\">Klatka wschodnia &#8211; pi\u0119tro I-sze. Fot. Marta Wasilewska, 2024 r., \u017ar\u00f3d\u0142o: \u201eStudeo et Conservo\u201d \u2013 (XIX edycja).<\/figcaption><\/figure>\n\n\n\n<figure class=\"wp-block-image size-large\"><img loading=\"lazy\" decoding=\"async\" width=\"683\" height=\"1024\" data-id=\"32912\" src=\"http:\/\/lapidarium.fundacja-hereditas.pl\/wp-content\/uploads\/2024\/12\/Marta_Wasilewska_Wwa_Skaryszewska13_klatkaII_spocznik_przed_IIIp_balustrada-683x1024.jpg\" alt=\"\" class=\"wp-image-32912\" srcset=\"http:\/\/lapidarium.fundacja-hereditas.pl\/wp-content\/uploads\/2024\/12\/Marta_Wasilewska_Wwa_Skaryszewska13_klatkaII_spocznik_przed_IIIp_balustrada-683x1024.jpg 683w, http:\/\/lapidarium.fundacja-hereditas.pl\/wp-content\/uploads\/2024\/12\/Marta_Wasilewska_Wwa_Skaryszewska13_klatkaII_spocznik_przed_IIIp_balustrada-200x300.jpg 200w, http:\/\/lapidarium.fundacja-hereditas.pl\/wp-content\/uploads\/2024\/12\/Marta_Wasilewska_Wwa_Skaryszewska13_klatkaII_spocznik_przed_IIIp_balustrada-768x1152.jpg 768w, http:\/\/lapidarium.fundacja-hereditas.pl\/wp-content\/uploads\/2024\/12\/Marta_Wasilewska_Wwa_Skaryszewska13_klatkaII_spocznik_przed_IIIp_balustrada-1024x1536.jpg 1024w, http:\/\/lapidarium.fundacja-hereditas.pl\/wp-content\/uploads\/2024\/12\/Marta_Wasilewska_Wwa_Skaryszewska13_klatkaII_spocznik_przed_IIIp_balustrada-1365x2048.jpg 1365w, http:\/\/lapidarium.fundacja-hereditas.pl\/wp-content\/uploads\/2024\/12\/Marta_Wasilewska_Wwa_Skaryszewska13_klatkaII_spocznik_przed_IIIp_balustrada-150x225.jpg 150w, http:\/\/lapidarium.fundacja-hereditas.pl\/wp-content\/uploads\/2024\/12\/Marta_Wasilewska_Wwa_Skaryszewska13_klatkaII_spocznik_przed_IIIp_balustrada-300x450.jpg 300w, http:\/\/lapidarium.fundacja-hereditas.pl\/wp-content\/uploads\/2024\/12\/Marta_Wasilewska_Wwa_Skaryszewska13_klatkaII_spocznik_przed_IIIp_balustrada-696x1044.jpg 696w, http:\/\/lapidarium.fundacja-hereditas.pl\/wp-content\/uploads\/2024\/12\/Marta_Wasilewska_Wwa_Skaryszewska13_klatkaII_spocznik_przed_IIIp_balustrada-1068x1602.jpg 1068w, http:\/\/lapidarium.fundacja-hereditas.pl\/wp-content\/uploads\/2024\/12\/Marta_Wasilewska_Wwa_Skaryszewska13_klatkaII_spocznik_przed_IIIp_balustrada-1920x2880.jpg 1920w, http:\/\/lapidarium.fundacja-hereditas.pl\/wp-content\/uploads\/2024\/12\/Marta_Wasilewska_Wwa_Skaryszewska13_klatkaII_spocznik_przed_IIIp_balustrada-scaled.jpg 1707w\" sizes=\"auto, (max-width: 683px) 100vw, 683px\" \/><figcaption class=\"wp-element-caption\">Klatka wschodnia &#8211; spocznik. Fot. Marta Wasilewska, 2024 r., \u017ar\u00f3d\u0142o: \u201eStudeo et Conservo\u201d \u2013 (XIX edycja).<\/figcaption><\/figure>\n\n\n\n<figure class=\"wp-block-image size-large\"><img loading=\"lazy\" decoding=\"async\" width=\"683\" height=\"1024\" data-id=\"32913\" src=\"http:\/\/lapidarium.fundacja-hereditas.pl\/wp-content\/uploads\/2024\/12\/Marta_Wasilewska_Wwa_Skaryszewska13_klatkaII_spocznik_przed_IIIp_porecz-683x1024.jpg\" alt=\"\" class=\"wp-image-32913\" srcset=\"http:\/\/lapidarium.fundacja-hereditas.pl\/wp-content\/uploads\/2024\/12\/Marta_Wasilewska_Wwa_Skaryszewska13_klatkaII_spocznik_przed_IIIp_porecz-683x1024.jpg 683w, http:\/\/lapidarium.fundacja-hereditas.pl\/wp-content\/uploads\/2024\/12\/Marta_Wasilewska_Wwa_Skaryszewska13_klatkaII_spocznik_przed_IIIp_porecz-200x300.jpg 200w, http:\/\/lapidarium.fundacja-hereditas.pl\/wp-content\/uploads\/2024\/12\/Marta_Wasilewska_Wwa_Skaryszewska13_klatkaII_spocznik_przed_IIIp_porecz-768x1152.jpg 768w, http:\/\/lapidarium.fundacja-hereditas.pl\/wp-content\/uploads\/2024\/12\/Marta_Wasilewska_Wwa_Skaryszewska13_klatkaII_spocznik_przed_IIIp_porecz-1024x1536.jpg 1024w, http:\/\/lapidarium.fundacja-hereditas.pl\/wp-content\/uploads\/2024\/12\/Marta_Wasilewska_Wwa_Skaryszewska13_klatkaII_spocznik_przed_IIIp_porecz-1365x2048.jpg 1365w, http:\/\/lapidarium.fundacja-hereditas.pl\/wp-content\/uploads\/2024\/12\/Marta_Wasilewska_Wwa_Skaryszewska13_klatkaII_spocznik_przed_IIIp_porecz-150x225.jpg 150w, http:\/\/lapidarium.fundacja-hereditas.pl\/wp-content\/uploads\/2024\/12\/Marta_Wasilewska_Wwa_Skaryszewska13_klatkaII_spocznik_przed_IIIp_porecz-300x450.jpg 300w, http:\/\/lapidarium.fundacja-hereditas.pl\/wp-content\/uploads\/2024\/12\/Marta_Wasilewska_Wwa_Skaryszewska13_klatkaII_spocznik_przed_IIIp_porecz-696x1044.jpg 696w, http:\/\/lapidarium.fundacja-hereditas.pl\/wp-content\/uploads\/2024\/12\/Marta_Wasilewska_Wwa_Skaryszewska13_klatkaII_spocznik_przed_IIIp_porecz-1068x1602.jpg 1068w, http:\/\/lapidarium.fundacja-hereditas.pl\/wp-content\/uploads\/2024\/12\/Marta_Wasilewska_Wwa_Skaryszewska13_klatkaII_spocznik_przed_IIIp_porecz-1920x2880.jpg 1920w, http:\/\/lapidarium.fundacja-hereditas.pl\/wp-content\/uploads\/2024\/12\/Marta_Wasilewska_Wwa_Skaryszewska13_klatkaII_spocznik_przed_IIIp_porecz-scaled.jpg 1707w\" sizes=\"auto, (max-width: 683px) 100vw, 683px\" \/><figcaption class=\"wp-element-caption\">Klatka wschodnia &#8211; spocznik po I-szym pi\u0119trze. Fot. Marta Wasilewska, 2024 r., \u017ar\u00f3d\u0142o: \u201eStudeo et Conservo\u201d \u2013 (XIX edycja).<\/figcaption><\/figure>\n\n\n\n<figure class=\"wp-block-image size-large\"><img loading=\"lazy\" decoding=\"async\" width=\"1024\" height=\"683\" data-id=\"32915\" src=\"http:\/\/lapidarium.fundacja-hereditas.pl\/wp-content\/uploads\/2024\/12\/Marta_Wasilewska_Wwa_Skaryszewska13_klatkaII_spocznik_przed_IIp_posadzka-1024x683.jpg\" alt=\"\" class=\"wp-image-32915\" srcset=\"http:\/\/lapidarium.fundacja-hereditas.pl\/wp-content\/uploads\/2024\/12\/Marta_Wasilewska_Wwa_Skaryszewska13_klatkaII_spocznik_przed_IIp_posadzka-1024x683.jpg 1024w, http:\/\/lapidarium.fundacja-hereditas.pl\/wp-content\/uploads\/2024\/12\/Marta_Wasilewska_Wwa_Skaryszewska13_klatkaII_spocznik_przed_IIp_posadzka-300x200.jpg 300w, http:\/\/lapidarium.fundacja-hereditas.pl\/wp-content\/uploads\/2024\/12\/Marta_Wasilewska_Wwa_Skaryszewska13_klatkaII_spocznik_przed_IIp_posadzka-768x512.jpg 768w, http:\/\/lapidarium.fundacja-hereditas.pl\/wp-content\/uploads\/2024\/12\/Marta_Wasilewska_Wwa_Skaryszewska13_klatkaII_spocznik_przed_IIp_posadzka-1536x1024.jpg 1536w, http:\/\/lapidarium.fundacja-hereditas.pl\/wp-content\/uploads\/2024\/12\/Marta_Wasilewska_Wwa_Skaryszewska13_klatkaII_spocznik_przed_IIp_posadzka-2048x1365.jpg 2048w, http:\/\/lapidarium.fundacja-hereditas.pl\/wp-content\/uploads\/2024\/12\/Marta_Wasilewska_Wwa_Skaryszewska13_klatkaII_spocznik_przed_IIp_posadzka-150x100.jpg 150w, http:\/\/lapidarium.fundacja-hereditas.pl\/wp-content\/uploads\/2024\/12\/Marta_Wasilewska_Wwa_Skaryszewska13_klatkaII_spocznik_przed_IIp_posadzka-696x464.jpg 696w, http:\/\/lapidarium.fundacja-hereditas.pl\/wp-content\/uploads\/2024\/12\/Marta_Wasilewska_Wwa_Skaryszewska13_klatkaII_spocznik_przed_IIp_posadzka-1068x712.jpg 1068w, http:\/\/lapidarium.fundacja-hereditas.pl\/wp-content\/uploads\/2024\/12\/Marta_Wasilewska_Wwa_Skaryszewska13_klatkaII_spocznik_przed_IIp_posadzka-1920x1280.jpg 1920w\" sizes=\"auto, (max-width: 1024px) 100vw, 1024px\" \/><figcaption class=\"wp-element-caption\">Klatka wschodnia &#8211; spocznik po parterze. Fot. Marta Wasilewska, 2024 r., \u017ar\u00f3d\u0142o: \u201eStudeo et Conservo\u201d \u2013 (XIX edycja).<\/figcaption><\/figure>\n\n\n\n<figure class=\"wp-block-image size-large\"><img loading=\"lazy\" decoding=\"async\" width=\"768\" height=\"1024\" data-id=\"32916\" src=\"http:\/\/lapidarium.fundacja-hereditas.pl\/wp-content\/uploads\/2024\/12\/M_Sajko_Wwa_Skaryszewska_13_fasada_od_podworka_2-768x1024.jpg\" alt=\"\" class=\"wp-image-32916\" srcset=\"http:\/\/lapidarium.fundacja-hereditas.pl\/wp-content\/uploads\/2024\/12\/M_Sajko_Wwa_Skaryszewska_13_fasada_od_podworka_2-768x1024.jpg 768w, http:\/\/lapidarium.fundacja-hereditas.pl\/wp-content\/uploads\/2024\/12\/M_Sajko_Wwa_Skaryszewska_13_fasada_od_podworka_2-225x300.jpg 225w, http:\/\/lapidarium.fundacja-hereditas.pl\/wp-content\/uploads\/2024\/12\/M_Sajko_Wwa_Skaryszewska_13_fasada_od_podworka_2-1152x1536.jpg 1152w, http:\/\/lapidarium.fundacja-hereditas.pl\/wp-content\/uploads\/2024\/12\/M_Sajko_Wwa_Skaryszewska_13_fasada_od_podworka_2-1536x2048.jpg 1536w, http:\/\/lapidarium.fundacja-hereditas.pl\/wp-content\/uploads\/2024\/12\/M_Sajko_Wwa_Skaryszewska_13_fasada_od_podworka_2-150x200.jpg 150w, http:\/\/lapidarium.fundacja-hereditas.pl\/wp-content\/uploads\/2024\/12\/M_Sajko_Wwa_Skaryszewska_13_fasada_od_podworka_2-300x400.jpg 300w, http:\/\/lapidarium.fundacja-hereditas.pl\/wp-content\/uploads\/2024\/12\/M_Sajko_Wwa_Skaryszewska_13_fasada_od_podworka_2-696x928.jpg 696w, http:\/\/lapidarium.fundacja-hereditas.pl\/wp-content\/uploads\/2024\/12\/M_Sajko_Wwa_Skaryszewska_13_fasada_od_podworka_2-1068x1424.jpg 1068w, http:\/\/lapidarium.fundacja-hereditas.pl\/wp-content\/uploads\/2024\/12\/M_Sajko_Wwa_Skaryszewska_13_fasada_od_podworka_2-scaled.jpg 1920w\" sizes=\"auto, (max-width: 768px) 100vw, 768px\" \/><figcaption class=\"wp-element-caption\">Elewacja podw\u00f3rzowa. Fot. Marceli Sajko, 2024 r., \u017ar\u00f3d\u0142o: \u201eStudeo et Conservo\u201d \u2013 (XIX edycja).<\/figcaption><\/figure>\n\n\n\n<figure class=\"wp-block-image size-large\"><img loading=\"lazy\" decoding=\"async\" width=\"1024\" height=\"685\" data-id=\"32921\" src=\"http:\/\/lapidarium.fundacja-hereditas.pl\/wp-content\/uploads\/2024\/12\/M_Sajko_Wwa_Skaryszewska_13_fasada_od_podworka_balkon_Ipietre-1024x685.jpg\" alt=\"\" class=\"wp-image-32921\" srcset=\"http:\/\/lapidarium.fundacja-hereditas.pl\/wp-content\/uploads\/2024\/12\/M_Sajko_Wwa_Skaryszewska_13_fasada_od_podworka_balkon_Ipietre-1024x685.jpg 1024w, http:\/\/lapidarium.fundacja-hereditas.pl\/wp-content\/uploads\/2024\/12\/M_Sajko_Wwa_Skaryszewska_13_fasada_od_podworka_balkon_Ipietre-300x201.jpg 300w, http:\/\/lapidarium.fundacja-hereditas.pl\/wp-content\/uploads\/2024\/12\/M_Sajko_Wwa_Skaryszewska_13_fasada_od_podworka_balkon_Ipietre-768x514.jpg 768w, http:\/\/lapidarium.fundacja-hereditas.pl\/wp-content\/uploads\/2024\/12\/M_Sajko_Wwa_Skaryszewska_13_fasada_od_podworka_balkon_Ipietre-1536x1028.jpg 1536w, http:\/\/lapidarium.fundacja-hereditas.pl\/wp-content\/uploads\/2024\/12\/M_Sajko_Wwa_Skaryszewska_13_fasada_od_podworka_balkon_Ipietre-2048x1371.jpg 2048w, http:\/\/lapidarium.fundacja-hereditas.pl\/wp-content\/uploads\/2024\/12\/M_Sajko_Wwa_Skaryszewska_13_fasada_od_podworka_balkon_Ipietre-150x100.jpg 150w, http:\/\/lapidarium.fundacja-hereditas.pl\/wp-content\/uploads\/2024\/12\/M_Sajko_Wwa_Skaryszewska_13_fasada_od_podworka_balkon_Ipietre-696x466.jpg 696w, http:\/\/lapidarium.fundacja-hereditas.pl\/wp-content\/uploads\/2024\/12\/M_Sajko_Wwa_Skaryszewska_13_fasada_od_podworka_balkon_Ipietre-1068x715.jpg 1068w, http:\/\/lapidarium.fundacja-hereditas.pl\/wp-content\/uploads\/2024\/12\/M_Sajko_Wwa_Skaryszewska_13_fasada_od_podworka_balkon_Ipietre-1920x1285.jpg 1920w\" sizes=\"auto, (max-width: 1024px) 100vw, 1024px\" \/><figcaption class=\"wp-element-caption\">Elewacja podw\u00f3rzowa &#8211; balkon pi\u0119tra I-go. Fot. Marceli Sajko, 2024 r., \u017ar\u00f3d\u0142o: \u201eStudeo et Conservo\u201d \u2013 (XIX edycja).<\/figcaption><\/figure>\n\n\n\n<figure class=\"wp-block-image size-large\"><img loading=\"lazy\" decoding=\"async\" width=\"1024\" height=\"685\" data-id=\"32918\" src=\"http:\/\/lapidarium.fundacja-hereditas.pl\/wp-content\/uploads\/2024\/12\/M_Sajko_Wwa_Skaryszewska_13_fasada_od_podworka_widok_na_strone_Zach-1024x685.jpg\" alt=\"\" class=\"wp-image-32918\" srcset=\"http:\/\/lapidarium.fundacja-hereditas.pl\/wp-content\/uploads\/2024\/12\/M_Sajko_Wwa_Skaryszewska_13_fasada_od_podworka_widok_na_strone_Zach-1024x685.jpg 1024w, http:\/\/lapidarium.fundacja-hereditas.pl\/wp-content\/uploads\/2024\/12\/M_Sajko_Wwa_Skaryszewska_13_fasada_od_podworka_widok_na_strone_Zach-300x201.jpg 300w, http:\/\/lapidarium.fundacja-hereditas.pl\/wp-content\/uploads\/2024\/12\/M_Sajko_Wwa_Skaryszewska_13_fasada_od_podworka_widok_na_strone_Zach-768x514.jpg 768w, http:\/\/lapidarium.fundacja-hereditas.pl\/wp-content\/uploads\/2024\/12\/M_Sajko_Wwa_Skaryszewska_13_fasada_od_podworka_widok_na_strone_Zach-1536x1028.jpg 1536w, http:\/\/lapidarium.fundacja-hereditas.pl\/wp-content\/uploads\/2024\/12\/M_Sajko_Wwa_Skaryszewska_13_fasada_od_podworka_widok_na_strone_Zach-2048x1371.jpg 2048w, http:\/\/lapidarium.fundacja-hereditas.pl\/wp-content\/uploads\/2024\/12\/M_Sajko_Wwa_Skaryszewska_13_fasada_od_podworka_widok_na_strone_Zach-150x100.jpg 150w, http:\/\/lapidarium.fundacja-hereditas.pl\/wp-content\/uploads\/2024\/12\/M_Sajko_Wwa_Skaryszewska_13_fasada_od_podworka_widok_na_strone_Zach-696x466.jpg 696w, http:\/\/lapidarium.fundacja-hereditas.pl\/wp-content\/uploads\/2024\/12\/M_Sajko_Wwa_Skaryszewska_13_fasada_od_podworka_widok_na_strone_Zach-1068x715.jpg 1068w, http:\/\/lapidarium.fundacja-hereditas.pl\/wp-content\/uploads\/2024\/12\/M_Sajko_Wwa_Skaryszewska_13_fasada_od_podworka_widok_na_strone_Zach-1920x1285.jpg 1920w\" sizes=\"auto, (max-width: 1024px) 100vw, 1024px\" \/><figcaption class=\"wp-element-caption\">Elewacja podw\u00f3rzowa &#8211; partia wschodnia. Fot. Marceli Sajko, 2024 r., \u017ar\u00f3d\u0142o: \u201eStudeo et Conservo\u201d \u2013 (XIX edycja).<\/figcaption><\/figure>\n\n\n\n<figure class=\"wp-block-image size-large\"><img loading=\"lazy\" decoding=\"async\" width=\"1024\" height=\"685\" data-id=\"32917\" src=\"http:\/\/lapidarium.fundacja-hereditas.pl\/wp-content\/uploads\/2024\/12\/M_Sajko_Wwa_Skaryszewska_13_klatka_Wsch_balustrada_IIpietro_1-1024x685.jpg\" alt=\"\" class=\"wp-image-32917\" srcset=\"http:\/\/lapidarium.fundacja-hereditas.pl\/wp-content\/uploads\/2024\/12\/M_Sajko_Wwa_Skaryszewska_13_klatka_Wsch_balustrada_IIpietro_1-1024x685.jpg 1024w, http:\/\/lapidarium.fundacja-hereditas.pl\/wp-content\/uploads\/2024\/12\/M_Sajko_Wwa_Skaryszewska_13_klatka_Wsch_balustrada_IIpietro_1-300x201.jpg 300w, http:\/\/lapidarium.fundacja-hereditas.pl\/wp-content\/uploads\/2024\/12\/M_Sajko_Wwa_Skaryszewska_13_klatka_Wsch_balustrada_IIpietro_1-768x514.jpg 768w, http:\/\/lapidarium.fundacja-hereditas.pl\/wp-content\/uploads\/2024\/12\/M_Sajko_Wwa_Skaryszewska_13_klatka_Wsch_balustrada_IIpietro_1-1536x1028.jpg 1536w, http:\/\/lapidarium.fundacja-hereditas.pl\/wp-content\/uploads\/2024\/12\/M_Sajko_Wwa_Skaryszewska_13_klatka_Wsch_balustrada_IIpietro_1-2048x1371.jpg 2048w, http:\/\/lapidarium.fundacja-hereditas.pl\/wp-content\/uploads\/2024\/12\/M_Sajko_Wwa_Skaryszewska_13_klatka_Wsch_balustrada_IIpietro_1-150x100.jpg 150w, http:\/\/lapidarium.fundacja-hereditas.pl\/wp-content\/uploads\/2024\/12\/M_Sajko_Wwa_Skaryszewska_13_klatka_Wsch_balustrada_IIpietro_1-696x466.jpg 696w, http:\/\/lapidarium.fundacja-hereditas.pl\/wp-content\/uploads\/2024\/12\/M_Sajko_Wwa_Skaryszewska_13_klatka_Wsch_balustrada_IIpietro_1-1068x715.jpg 1068w, http:\/\/lapidarium.fundacja-hereditas.pl\/wp-content\/uploads\/2024\/12\/M_Sajko_Wwa_Skaryszewska_13_klatka_Wsch_balustrada_IIpietro_1-1920x1285.jpg 1920w\" sizes=\"auto, (max-width: 1024px) 100vw, 1024px\" \/><figcaption class=\"wp-element-caption\">Klatka wschodnia &#8211; widok z pi\u0119tra II-go. Fot. Marceli Sajko, 2024 r., \u017ar\u00f3d\u0142o: \u201eStudeo et Conservo\u201d \u2013 (XIX edycja).<\/figcaption><\/figure>\n\n\n\n<figure class=\"wp-block-image size-large\"><img loading=\"lazy\" decoding=\"async\" width=\"1024\" height=\"685\" data-id=\"32920\" src=\"http:\/\/lapidarium.fundacja-hereditas.pl\/wp-content\/uploads\/2024\/12\/M_Sajko_Wwa_Skaryszewska_13_klatka_Wsch_balustrada_IIpietro_3-1024x685.jpg\" alt=\"\" class=\"wp-image-32920\" srcset=\"http:\/\/lapidarium.fundacja-hereditas.pl\/wp-content\/uploads\/2024\/12\/M_Sajko_Wwa_Skaryszewska_13_klatka_Wsch_balustrada_IIpietro_3-1024x685.jpg 1024w, http:\/\/lapidarium.fundacja-hereditas.pl\/wp-content\/uploads\/2024\/12\/M_Sajko_Wwa_Skaryszewska_13_klatka_Wsch_balustrada_IIpietro_3-300x201.jpg 300w, http:\/\/lapidarium.fundacja-hereditas.pl\/wp-content\/uploads\/2024\/12\/M_Sajko_Wwa_Skaryszewska_13_klatka_Wsch_balustrada_IIpietro_3-768x514.jpg 768w, http:\/\/lapidarium.fundacja-hereditas.pl\/wp-content\/uploads\/2024\/12\/M_Sajko_Wwa_Skaryszewska_13_klatka_Wsch_balustrada_IIpietro_3-1536x1028.jpg 1536w, http:\/\/lapidarium.fundacja-hereditas.pl\/wp-content\/uploads\/2024\/12\/M_Sajko_Wwa_Skaryszewska_13_klatka_Wsch_balustrada_IIpietro_3-2048x1371.jpg 2048w, http:\/\/lapidarium.fundacja-hereditas.pl\/wp-content\/uploads\/2024\/12\/M_Sajko_Wwa_Skaryszewska_13_klatka_Wsch_balustrada_IIpietro_3-150x100.jpg 150w, http:\/\/lapidarium.fundacja-hereditas.pl\/wp-content\/uploads\/2024\/12\/M_Sajko_Wwa_Skaryszewska_13_klatka_Wsch_balustrada_IIpietro_3-696x466.jpg 696w, http:\/\/lapidarium.fundacja-hereditas.pl\/wp-content\/uploads\/2024\/12\/M_Sajko_Wwa_Skaryszewska_13_klatka_Wsch_balustrada_IIpietro_3-1068x715.jpg 1068w, http:\/\/lapidarium.fundacja-hereditas.pl\/wp-content\/uploads\/2024\/12\/M_Sajko_Wwa_Skaryszewska_13_klatka_Wsch_balustrada_IIpietro_3-1920x1285.jpg 1920w\" sizes=\"auto, (max-width: 1024px) 100vw, 1024px\" \/><figcaption class=\"wp-element-caption\">Klatka wschodnia &#8211; widok z pi\u0119tra II-go. Fot. Marceli Sajko, 2024 r., \u017ar\u00f3d\u0142o: \u201eStudeo et Conservo\u201d \u2013 (XIX edycja).<\/figcaption><\/figure>\n\n\n\n<figure class=\"wp-block-image size-large\"><img loading=\"lazy\" decoding=\"async\" width=\"768\" height=\"1024\" data-id=\"32919\" src=\"http:\/\/lapidarium.fundacja-hereditas.pl\/wp-content\/uploads\/2024\/12\/M_Sajko_Wwa_Skaryszewska_13_klatka_Wsch_balustrada_przeslo_1-768x1024.jpg\" alt=\"\" class=\"wp-image-32919\" srcset=\"http:\/\/lapidarium.fundacja-hereditas.pl\/wp-content\/uploads\/2024\/12\/M_Sajko_Wwa_Skaryszewska_13_klatka_Wsch_balustrada_przeslo_1-768x1024.jpg 768w, http:\/\/lapidarium.fundacja-hereditas.pl\/wp-content\/uploads\/2024\/12\/M_Sajko_Wwa_Skaryszewska_13_klatka_Wsch_balustrada_przeslo_1-225x300.jpg 225w, http:\/\/lapidarium.fundacja-hereditas.pl\/wp-content\/uploads\/2024\/12\/M_Sajko_Wwa_Skaryszewska_13_klatka_Wsch_balustrada_przeslo_1-1152x1536.jpg 1152w, http:\/\/lapidarium.fundacja-hereditas.pl\/wp-content\/uploads\/2024\/12\/M_Sajko_Wwa_Skaryszewska_13_klatka_Wsch_balustrada_przeslo_1-1536x2048.jpg 1536w, http:\/\/lapidarium.fundacja-hereditas.pl\/wp-content\/uploads\/2024\/12\/M_Sajko_Wwa_Skaryszewska_13_klatka_Wsch_balustrada_przeslo_1-150x200.jpg 150w, http:\/\/lapidarium.fundacja-hereditas.pl\/wp-content\/uploads\/2024\/12\/M_Sajko_Wwa_Skaryszewska_13_klatka_Wsch_balustrada_przeslo_1-300x400.jpg 300w, http:\/\/lapidarium.fundacja-hereditas.pl\/wp-content\/uploads\/2024\/12\/M_Sajko_Wwa_Skaryszewska_13_klatka_Wsch_balustrada_przeslo_1-696x928.jpg 696w, http:\/\/lapidarium.fundacja-hereditas.pl\/wp-content\/uploads\/2024\/12\/M_Sajko_Wwa_Skaryszewska_13_klatka_Wsch_balustrada_przeslo_1-1068x1424.jpg 1068w, http:\/\/lapidarium.fundacja-hereditas.pl\/wp-content\/uploads\/2024\/12\/M_Sajko_Wwa_Skaryszewska_13_klatka_Wsch_balustrada_przeslo_1-scaled.jpg 1920w\" sizes=\"auto, (max-width: 768px) 100vw, 768px\" \/><figcaption class=\"wp-element-caption\">Klatka wschodnia &#8211; parter. Fot. Marceli Sajko, 2024 r., \u017ar\u00f3d\u0142o: \u201eStudeo et Conservo\u201d \u2013 (XIX edycja).<\/figcaption><\/figure>\n\n\n\n<figure class=\"wp-block-image size-large\"><img loading=\"lazy\" decoding=\"async\" width=\"768\" height=\"1024\" data-id=\"32922\" src=\"http:\/\/lapidarium.fundacja-hereditas.pl\/wp-content\/uploads\/2024\/12\/M_Sajko_Wwa_Skaryszewska_13_klatka_Wsch_balustrada_przeslo_koncowki-768x1024.jpg\" alt=\"\" class=\"wp-image-32922\" srcset=\"http:\/\/lapidarium.fundacja-hereditas.pl\/wp-content\/uploads\/2024\/12\/M_Sajko_Wwa_Skaryszewska_13_klatka_Wsch_balustrada_przeslo_koncowki-768x1024.jpg 768w, http:\/\/lapidarium.fundacja-hereditas.pl\/wp-content\/uploads\/2024\/12\/M_Sajko_Wwa_Skaryszewska_13_klatka_Wsch_balustrada_przeslo_koncowki-225x300.jpg 225w, http:\/\/lapidarium.fundacja-hereditas.pl\/wp-content\/uploads\/2024\/12\/M_Sajko_Wwa_Skaryszewska_13_klatka_Wsch_balustrada_przeslo_koncowki-1152x1536.jpg 1152w, http:\/\/lapidarium.fundacja-hereditas.pl\/wp-content\/uploads\/2024\/12\/M_Sajko_Wwa_Skaryszewska_13_klatka_Wsch_balustrada_przeslo_koncowki-1536x2048.jpg 1536w, http:\/\/lapidarium.fundacja-hereditas.pl\/wp-content\/uploads\/2024\/12\/M_Sajko_Wwa_Skaryszewska_13_klatka_Wsch_balustrada_przeslo_koncowki-150x200.jpg 150w, http:\/\/lapidarium.fundacja-hereditas.pl\/wp-content\/uploads\/2024\/12\/M_Sajko_Wwa_Skaryszewska_13_klatka_Wsch_balustrada_przeslo_koncowki-300x400.jpg 300w, http:\/\/lapidarium.fundacja-hereditas.pl\/wp-content\/uploads\/2024\/12\/M_Sajko_Wwa_Skaryszewska_13_klatka_Wsch_balustrada_przeslo_koncowki-696x928.jpg 696w, http:\/\/lapidarium.fundacja-hereditas.pl\/wp-content\/uploads\/2024\/12\/M_Sajko_Wwa_Skaryszewska_13_klatka_Wsch_balustrada_przeslo_koncowki-1068x1424.jpg 1068w, http:\/\/lapidarium.fundacja-hereditas.pl\/wp-content\/uploads\/2024\/12\/M_Sajko_Wwa_Skaryszewska_13_klatka_Wsch_balustrada_przeslo_koncowki-scaled.jpg 1920w\" sizes=\"auto, (max-width: 768px) 100vw, 768px\" \/><figcaption class=\"wp-element-caption\">Klatka wschodnia &#8211; uszkodzenia balustrady przy spoczniku. Fot. Marceli Sajko, 2024 r., \u017ar\u00f3d\u0142o: \u201eStudeo et Conservo\u201d \u2013 (XIX edycja).<\/figcaption><\/figure>\n\n\n\n<figure class=\"wp-block-image size-large\"><img loading=\"lazy\" decoding=\"async\" width=\"1024\" height=\"685\" data-id=\"32924\" src=\"http:\/\/lapidarium.fundacja-hereditas.pl\/wp-content\/uploads\/2024\/12\/M_Sajko_Wwa_Skaryszewska_13_klatka_Wsch_balustrada_widok_na_poddasze-1024x685.jpg\" alt=\"\" class=\"wp-image-32924\" srcset=\"http:\/\/lapidarium.fundacja-hereditas.pl\/wp-content\/uploads\/2024\/12\/M_Sajko_Wwa_Skaryszewska_13_klatka_Wsch_balustrada_widok_na_poddasze-1024x685.jpg 1024w, http:\/\/lapidarium.fundacja-hereditas.pl\/wp-content\/uploads\/2024\/12\/M_Sajko_Wwa_Skaryszewska_13_klatka_Wsch_balustrada_widok_na_poddasze-300x201.jpg 300w, http:\/\/lapidarium.fundacja-hereditas.pl\/wp-content\/uploads\/2024\/12\/M_Sajko_Wwa_Skaryszewska_13_klatka_Wsch_balustrada_widok_na_poddasze-768x514.jpg 768w, http:\/\/lapidarium.fundacja-hereditas.pl\/wp-content\/uploads\/2024\/12\/M_Sajko_Wwa_Skaryszewska_13_klatka_Wsch_balustrada_widok_na_poddasze-1536x1028.jpg 1536w, http:\/\/lapidarium.fundacja-hereditas.pl\/wp-content\/uploads\/2024\/12\/M_Sajko_Wwa_Skaryszewska_13_klatka_Wsch_balustrada_widok_na_poddasze-2048x1371.jpg 2048w, http:\/\/lapidarium.fundacja-hereditas.pl\/wp-content\/uploads\/2024\/12\/M_Sajko_Wwa_Skaryszewska_13_klatka_Wsch_balustrada_widok_na_poddasze-150x100.jpg 150w, http:\/\/lapidarium.fundacja-hereditas.pl\/wp-content\/uploads\/2024\/12\/M_Sajko_Wwa_Skaryszewska_13_klatka_Wsch_balustrada_widok_na_poddasze-696x466.jpg 696w, http:\/\/lapidarium.fundacja-hereditas.pl\/wp-content\/uploads\/2024\/12\/M_Sajko_Wwa_Skaryszewska_13_klatka_Wsch_balustrada_widok_na_poddasze-1068x715.jpg 1068w, http:\/\/lapidarium.fundacja-hereditas.pl\/wp-content\/uploads\/2024\/12\/M_Sajko_Wwa_Skaryszewska_13_klatka_Wsch_balustrada_widok_na_poddasze-1920x1285.jpg 1920w\" sizes=\"auto, (max-width: 1024px) 100vw, 1024px\" \/><figcaption class=\"wp-element-caption\">Klatka wschodnia &#8211; ostatnie pi\u0119tro. Fot. Marceli Sajko, 2024 r., \u017ar\u00f3d\u0142o: \u201eStudeo et Conservo\u201d \u2013 (XIX edycja).<\/figcaption><\/figure>\n\n\n\n<figure class=\"wp-block-image size-large\"><img loading=\"lazy\" decoding=\"async\" width=\"768\" height=\"1024\" data-id=\"32926\" src=\"http:\/\/lapidarium.fundacja-hereditas.pl\/wp-content\/uploads\/2024\/12\/M_Sajko_Wwa_Skaryszewska_13_klatka_Zach_balustrada_Ipietro-768x1024.jpg\" alt=\"\" class=\"wp-image-32926\" srcset=\"http:\/\/lapidarium.fundacja-hereditas.pl\/wp-content\/uploads\/2024\/12\/M_Sajko_Wwa_Skaryszewska_13_klatka_Zach_balustrada_Ipietro-768x1024.jpg 768w, http:\/\/lapidarium.fundacja-hereditas.pl\/wp-content\/uploads\/2024\/12\/M_Sajko_Wwa_Skaryszewska_13_klatka_Zach_balustrada_Ipietro-225x300.jpg 225w, http:\/\/lapidarium.fundacja-hereditas.pl\/wp-content\/uploads\/2024\/12\/M_Sajko_Wwa_Skaryszewska_13_klatka_Zach_balustrada_Ipietro-1152x1536.jpg 1152w, http:\/\/lapidarium.fundacja-hereditas.pl\/wp-content\/uploads\/2024\/12\/M_Sajko_Wwa_Skaryszewska_13_klatka_Zach_balustrada_Ipietro-1536x2048.jpg 1536w, http:\/\/lapidarium.fundacja-hereditas.pl\/wp-content\/uploads\/2024\/12\/M_Sajko_Wwa_Skaryszewska_13_klatka_Zach_balustrada_Ipietro-150x200.jpg 150w, http:\/\/lapidarium.fundacja-hereditas.pl\/wp-content\/uploads\/2024\/12\/M_Sajko_Wwa_Skaryszewska_13_klatka_Zach_balustrada_Ipietro-300x400.jpg 300w, http:\/\/lapidarium.fundacja-hereditas.pl\/wp-content\/uploads\/2024\/12\/M_Sajko_Wwa_Skaryszewska_13_klatka_Zach_balustrada_Ipietro-696x928.jpg 696w, http:\/\/lapidarium.fundacja-hereditas.pl\/wp-content\/uploads\/2024\/12\/M_Sajko_Wwa_Skaryszewska_13_klatka_Zach_balustrada_Ipietro-1068x1424.jpg 1068w, http:\/\/lapidarium.fundacja-hereditas.pl\/wp-content\/uploads\/2024\/12\/M_Sajko_Wwa_Skaryszewska_13_klatka_Zach_balustrada_Ipietro-scaled.jpg 1920w\" sizes=\"auto, (max-width: 768px) 100vw, 768px\" \/><figcaption class=\"wp-element-caption\">Klatka zachodnia &#8211; pi\u0119tro I-sze. Fot. Marceli Sajko, 2024 r., \u017ar\u00f3d\u0142o: \u201eStudeo et Conservo\u201d \u2013 (XIX edycja).<\/figcaption><\/figure>\n\n\n\n<figure class=\"wp-block-image size-large\"><img loading=\"lazy\" decoding=\"async\" width=\"1024\" height=\"685\" data-id=\"32923\" src=\"http:\/\/lapidarium.fundacja-hereditas.pl\/wp-content\/uploads\/2024\/12\/M_Sajko_Wwa_Skaryszewska_13_klatka_Zach_balustrada_widok_na_poddasze_1-1024x685.jpg\" alt=\"\" class=\"wp-image-32923\" srcset=\"http:\/\/lapidarium.fundacja-hereditas.pl\/wp-content\/uploads\/2024\/12\/M_Sajko_Wwa_Skaryszewska_13_klatka_Zach_balustrada_widok_na_poddasze_1-1024x685.jpg 1024w, http:\/\/lapidarium.fundacja-hereditas.pl\/wp-content\/uploads\/2024\/12\/M_Sajko_Wwa_Skaryszewska_13_klatka_Zach_balustrada_widok_na_poddasze_1-300x201.jpg 300w, http:\/\/lapidarium.fundacja-hereditas.pl\/wp-content\/uploads\/2024\/12\/M_Sajko_Wwa_Skaryszewska_13_klatka_Zach_balustrada_widok_na_poddasze_1-768x514.jpg 768w, http:\/\/lapidarium.fundacja-hereditas.pl\/wp-content\/uploads\/2024\/12\/M_Sajko_Wwa_Skaryszewska_13_klatka_Zach_balustrada_widok_na_poddasze_1-1536x1028.jpg 1536w, http:\/\/lapidarium.fundacja-hereditas.pl\/wp-content\/uploads\/2024\/12\/M_Sajko_Wwa_Skaryszewska_13_klatka_Zach_balustrada_widok_na_poddasze_1-2048x1371.jpg 2048w, http:\/\/lapidarium.fundacja-hereditas.pl\/wp-content\/uploads\/2024\/12\/M_Sajko_Wwa_Skaryszewska_13_klatka_Zach_balustrada_widok_na_poddasze_1-150x100.jpg 150w, http:\/\/lapidarium.fundacja-hereditas.pl\/wp-content\/uploads\/2024\/12\/M_Sajko_Wwa_Skaryszewska_13_klatka_Zach_balustrada_widok_na_poddasze_1-696x466.jpg 696w, http:\/\/lapidarium.fundacja-hereditas.pl\/wp-content\/uploads\/2024\/12\/M_Sajko_Wwa_Skaryszewska_13_klatka_Zach_balustrada_widok_na_poddasze_1-1068x715.jpg 1068w, http:\/\/lapidarium.fundacja-hereditas.pl\/wp-content\/uploads\/2024\/12\/M_Sajko_Wwa_Skaryszewska_13_klatka_Zach_balustrada_widok_na_poddasze_1-1920x1285.jpg 1920w\" sizes=\"auto, (max-width: 1024px) 100vw, 1024px\" \/><figcaption class=\"wp-element-caption\">Klatka zachodnia &#8211; ostatnie pi\u0119tro. Fot. Marceli Sajko, 2024 r., \u017ar\u00f3d\u0142o: \u201eStudeo et Conservo\u201d \u2013 (XIX edycja).<\/figcaption><\/figure>\n\n\n\n<figure class=\"wp-block-image size-large\"><img loading=\"lazy\" decoding=\"async\" width=\"768\" height=\"1024\" data-id=\"32925\" src=\"http:\/\/lapidarium.fundacja-hereditas.pl\/wp-content\/uploads\/2024\/12\/M_Sajko_Wwa_Skaryszewska_13_klatka_Zach_drzwi_na_II_pietrze_dzwonek_2-768x1024.jpg\" alt=\"\" class=\"wp-image-32925\" srcset=\"http:\/\/lapidarium.fundacja-hereditas.pl\/wp-content\/uploads\/2024\/12\/M_Sajko_Wwa_Skaryszewska_13_klatka_Zach_drzwi_na_II_pietrze_dzwonek_2-768x1024.jpg 768w, http:\/\/lapidarium.fundacja-hereditas.pl\/wp-content\/uploads\/2024\/12\/M_Sajko_Wwa_Skaryszewska_13_klatka_Zach_drzwi_na_II_pietrze_dzwonek_2-225x300.jpg 225w, http:\/\/lapidarium.fundacja-hereditas.pl\/wp-content\/uploads\/2024\/12\/M_Sajko_Wwa_Skaryszewska_13_klatka_Zach_drzwi_na_II_pietrze_dzwonek_2-1152x1536.jpg 1152w, http:\/\/lapidarium.fundacja-hereditas.pl\/wp-content\/uploads\/2024\/12\/M_Sajko_Wwa_Skaryszewska_13_klatka_Zach_drzwi_na_II_pietrze_dzwonek_2-1536x2048.jpg 1536w, http:\/\/lapidarium.fundacja-hereditas.pl\/wp-content\/uploads\/2024\/12\/M_Sajko_Wwa_Skaryszewska_13_klatka_Zach_drzwi_na_II_pietrze_dzwonek_2-150x200.jpg 150w, http:\/\/lapidarium.fundacja-hereditas.pl\/wp-content\/uploads\/2024\/12\/M_Sajko_Wwa_Skaryszewska_13_klatka_Zach_drzwi_na_II_pietrze_dzwonek_2-300x400.jpg 300w, http:\/\/lapidarium.fundacja-hereditas.pl\/wp-content\/uploads\/2024\/12\/M_Sajko_Wwa_Skaryszewska_13_klatka_Zach_drzwi_na_II_pietrze_dzwonek_2-696x928.jpg 696w, http:\/\/lapidarium.fundacja-hereditas.pl\/wp-content\/uploads\/2024\/12\/M_Sajko_Wwa_Skaryszewska_13_klatka_Zach_drzwi_na_II_pietrze_dzwonek_2-1068x1424.jpg 1068w, http:\/\/lapidarium.fundacja-hereditas.pl\/wp-content\/uploads\/2024\/12\/M_Sajko_Wwa_Skaryszewska_13_klatka_Zach_drzwi_na_II_pietrze_dzwonek_2-scaled.jpg 1920w\" sizes=\"auto, (max-width: 768px) 100vw, 768px\" \/><figcaption class=\"wp-element-caption\">Klatka zachodnia &#8211; pi\u0119tro II-gie. Fot. Marceli Sajko, 2024 r., \u017ar\u00f3d\u0142o: \u201eStudeo et Conservo\u201d \u2013 (XIX edycja).<\/figcaption><\/figure>\n\n\n\n<figure class=\"wp-block-image size-large\"><img loading=\"lazy\" decoding=\"async\" width=\"1024\" height=\"768\" data-id=\"32927\" src=\"http:\/\/lapidarium.fundacja-hereditas.pl\/wp-content\/uploads\/2024\/12\/M_Sajko_Wwa_Skaryszewska_13_klatka_Zach_posadzka_parter-1024x768.jpg\" alt=\"\" class=\"wp-image-32927\" srcset=\"http:\/\/lapidarium.fundacja-hereditas.pl\/wp-content\/uploads\/2024\/12\/M_Sajko_Wwa_Skaryszewska_13_klatka_Zach_posadzka_parter-1024x768.jpg 1024w, http:\/\/lapidarium.fundacja-hereditas.pl\/wp-content\/uploads\/2024\/12\/M_Sajko_Wwa_Skaryszewska_13_klatka_Zach_posadzka_parter-300x225.jpg 300w, http:\/\/lapidarium.fundacja-hereditas.pl\/wp-content\/uploads\/2024\/12\/M_Sajko_Wwa_Skaryszewska_13_klatka_Zach_posadzka_parter-768x576.jpg 768w, http:\/\/lapidarium.fundacja-hereditas.pl\/wp-content\/uploads\/2024\/12\/M_Sajko_Wwa_Skaryszewska_13_klatka_Zach_posadzka_parter-1536x1152.jpg 1536w, http:\/\/lapidarium.fundacja-hereditas.pl\/wp-content\/uploads\/2024\/12\/M_Sajko_Wwa_Skaryszewska_13_klatka_Zach_posadzka_parter-2048x1536.jpg 2048w, http:\/\/lapidarium.fundacja-hereditas.pl\/wp-content\/uploads\/2024\/12\/M_Sajko_Wwa_Skaryszewska_13_klatka_Zach_posadzka_parter-150x113.jpg 150w, http:\/\/lapidarium.fundacja-hereditas.pl\/wp-content\/uploads\/2024\/12\/M_Sajko_Wwa_Skaryszewska_13_klatka_Zach_posadzka_parter-696x522.jpg 696w, http:\/\/lapidarium.fundacja-hereditas.pl\/wp-content\/uploads\/2024\/12\/M_Sajko_Wwa_Skaryszewska_13_klatka_Zach_posadzka_parter-1068x801.jpg 1068w, http:\/\/lapidarium.fundacja-hereditas.pl\/wp-content\/uploads\/2024\/12\/M_Sajko_Wwa_Skaryszewska_13_klatka_Zach_posadzka_parter-1920x1440.jpg 1920w\" sizes=\"auto, (max-width: 1024px) 100vw, 1024px\" \/><figcaption class=\"wp-element-caption\">Klatka zachodnia &#8211; spocznik po I-szym pi\u0119trze. Fot. Marceli Sajko, 2024 r., \u017ar\u00f3d\u0142o: \u201eStudeo et Conservo\u201d \u2013 (XIX edycja).<\/figcaption><\/figure>\n\n\n\n<figure class=\"wp-block-image size-large\"><img loading=\"lazy\" decoding=\"async\" width=\"685\" height=\"1024\" data-id=\"32928\" src=\"http:\/\/lapidarium.fundacja-hereditas.pl\/wp-content\/uploads\/2024\/12\/M_Sajko_Wwa_Skaryszewska_13_klatka_Zach_widok_na_spocznik_po_Ipietrze_2-685x1024.jpg\" alt=\"\" class=\"wp-image-32928\" srcset=\"http:\/\/lapidarium.fundacja-hereditas.pl\/wp-content\/uploads\/2024\/12\/M_Sajko_Wwa_Skaryszewska_13_klatka_Zach_widok_na_spocznik_po_Ipietrze_2-685x1024.jpg 685w, http:\/\/lapidarium.fundacja-hereditas.pl\/wp-content\/uploads\/2024\/12\/M_Sajko_Wwa_Skaryszewska_13_klatka_Zach_widok_na_spocznik_po_Ipietrze_2-201x300.jpg 201w, http:\/\/lapidarium.fundacja-hereditas.pl\/wp-content\/uploads\/2024\/12\/M_Sajko_Wwa_Skaryszewska_13_klatka_Zach_widok_na_spocznik_po_Ipietrze_2-768x1147.jpg 768w, http:\/\/lapidarium.fundacja-hereditas.pl\/wp-content\/uploads\/2024\/12\/M_Sajko_Wwa_Skaryszewska_13_klatka_Zach_widok_na_spocznik_po_Ipietrze_2-1028x1536.jpg 1028w, http:\/\/lapidarium.fundacja-hereditas.pl\/wp-content\/uploads\/2024\/12\/M_Sajko_Wwa_Skaryszewska_13_klatka_Zach_widok_na_spocznik_po_Ipietrze_2-1371x2048.jpg 1371w, http:\/\/lapidarium.fundacja-hereditas.pl\/wp-content\/uploads\/2024\/12\/M_Sajko_Wwa_Skaryszewska_13_klatka_Zach_widok_na_spocznik_po_Ipietrze_2-150x224.jpg 150w, http:\/\/lapidarium.fundacja-hereditas.pl\/wp-content\/uploads\/2024\/12\/M_Sajko_Wwa_Skaryszewska_13_klatka_Zach_widok_na_spocznik_po_Ipietrze_2-300x448.jpg 300w, http:\/\/lapidarium.fundacja-hereditas.pl\/wp-content\/uploads\/2024\/12\/M_Sajko_Wwa_Skaryszewska_13_klatka_Zach_widok_na_spocznik_po_Ipietrze_2-696x1040.jpg 696w, http:\/\/lapidarium.fundacja-hereditas.pl\/wp-content\/uploads\/2024\/12\/M_Sajko_Wwa_Skaryszewska_13_klatka_Zach_widok_na_spocznik_po_Ipietrze_2-1068x1595.jpg 1068w, http:\/\/lapidarium.fundacja-hereditas.pl\/wp-content\/uploads\/2024\/12\/M_Sajko_Wwa_Skaryszewska_13_klatka_Zach_widok_na_spocznik_po_Ipietrze_2-1920x2868.jpg 1920w, http:\/\/lapidarium.fundacja-hereditas.pl\/wp-content\/uploads\/2024\/12\/M_Sajko_Wwa_Skaryszewska_13_klatka_Zach_widok_na_spocznik_po_Ipietrze_2-scaled.jpg 1714w\" sizes=\"auto, (max-width: 685px) 100vw, 685px\" \/><figcaption class=\"wp-element-caption\">Klatka zachodnia &#8211; spocznik po I-szym pi\u0119trze. Fot. Marceli Sajko, 2024 r., \u017ar\u00f3d\u0142o: \u201eStudeo et Conservo\u201d \u2013 (XIX edycja).<\/figcaption><\/figure>\n\n\n\n<figure class=\"wp-block-image size-large\"><img loading=\"lazy\" decoding=\"async\" width=\"1024\" height=\"685\" data-id=\"32929\" src=\"http:\/\/lapidarium.fundacja-hereditas.pl\/wp-content\/uploads\/2024\/12\/M_Sajko_Wwa_Skaryszewska_13_przejazd_zamurowane_wejscie_na_klatke_Zach_2-1024x685.jpg\" alt=\"\" class=\"wp-image-32929\" srcset=\"http:\/\/lapidarium.fundacja-hereditas.pl\/wp-content\/uploads\/2024\/12\/M_Sajko_Wwa_Skaryszewska_13_przejazd_zamurowane_wejscie_na_klatke_Zach_2-1024x685.jpg 1024w, http:\/\/lapidarium.fundacja-hereditas.pl\/wp-content\/uploads\/2024\/12\/M_Sajko_Wwa_Skaryszewska_13_przejazd_zamurowane_wejscie_na_klatke_Zach_2-300x201.jpg 300w, http:\/\/lapidarium.fundacja-hereditas.pl\/wp-content\/uploads\/2024\/12\/M_Sajko_Wwa_Skaryszewska_13_przejazd_zamurowane_wejscie_na_klatke_Zach_2-768x514.jpg 768w, http:\/\/lapidarium.fundacja-hereditas.pl\/wp-content\/uploads\/2024\/12\/M_Sajko_Wwa_Skaryszewska_13_przejazd_zamurowane_wejscie_na_klatke_Zach_2-1536x1028.jpg 1536w, http:\/\/lapidarium.fundacja-hereditas.pl\/wp-content\/uploads\/2024\/12\/M_Sajko_Wwa_Skaryszewska_13_przejazd_zamurowane_wejscie_na_klatke_Zach_2-2048x1371.jpg 2048w, http:\/\/lapidarium.fundacja-hereditas.pl\/wp-content\/uploads\/2024\/12\/M_Sajko_Wwa_Skaryszewska_13_przejazd_zamurowane_wejscie_na_klatke_Zach_2-150x100.jpg 150w, http:\/\/lapidarium.fundacja-hereditas.pl\/wp-content\/uploads\/2024\/12\/M_Sajko_Wwa_Skaryszewska_13_przejazd_zamurowane_wejscie_na_klatke_Zach_2-696x466.jpg 696w, http:\/\/lapidarium.fundacja-hereditas.pl\/wp-content\/uploads\/2024\/12\/M_Sajko_Wwa_Skaryszewska_13_przejazd_zamurowane_wejscie_na_klatke_Zach_2-1068x715.jpg 1068w, http:\/\/lapidarium.fundacja-hereditas.pl\/wp-content\/uploads\/2024\/12\/M_Sajko_Wwa_Skaryszewska_13_przejazd_zamurowane_wejscie_na_klatke_Zach_2-1920x1285.jpg 1920w\" sizes=\"auto, (max-width: 1024px) 100vw, 1024px\" \/><figcaption class=\"wp-element-caption\">Przejazd bramny z zamurowanym wej\u015bciem na klatk\u0119 (do str\u00f3\u017c\u00f3wki?). Fot. Marceli Sajko, 2024 r., \u017ar\u00f3d\u0142o: \u201eStudeo et Conservo\u201d \u2013 (XIX edycja).<\/figcaption><\/figure>\n<\/figure>\n\n\n\n<p><\/p>\n","protected":false},"excerpt":{"rendered":"<p>Modernistyczna czteropi\u0119trowa kamienica z przejazdem bramnym i interesuj\u0105co uformowan\u0105 fasad\u0105, wzniesiona na kr\u00f3tko przed 1934 r., od kt\u00f3rego zaczynaj\u0105 si\u0119 dost\u0119pne ksi\u0119gi lokator\u00f3w. Fakt ten, w po\u0142\u0105czeniu z formami architektury kamienicy, daje podstawy do datowania jej budowy w\u0142a\u015bnie na pierwsz\u0105 po\u0142ow\u0119 lat 30. XX w. Wystaj\u0105ce na d\u0142ugo\u015b\u0107 jednej osi skrzyd\u0142a boczne mog\u0142y by\u0107 w [&hellip;]<\/p>\n","protected":false},"author":6,"featured_media":32898,"comment_status":"open","ping_status":"open","sticky":false,"template":"","format":"standard","meta":{"footnotes":""},"categories":[256,4],"tags":[],"class_list":{"0":"post-32897","1":"post","2":"type-post","3":"status-publish","4":"format-standard","5":"has-post-thumbnail","7":"category-skaryszewska","8":"category-warszawa"},"_links":{"self":[{"href":"http:\/\/lapidarium.fundacja-hereditas.pl\/index.php\/wp-json\/wp\/v2\/posts\/32897","targetHints":{"allow":["GET"]}}],"collection":[{"href":"http:\/\/lapidarium.fundacja-hereditas.pl\/index.php\/wp-json\/wp\/v2\/posts"}],"about":[{"href":"http:\/\/lapidarium.fundacja-hereditas.pl\/index.php\/wp-json\/wp\/v2\/types\/post"}],"author":[{"embeddable":true,"href":"http:\/\/lapidarium.fundacja-hereditas.pl\/index.php\/wp-json\/wp\/v2\/users\/6"}],"replies":[{"embeddable":true,"href":"http:\/\/lapidarium.fundacja-hereditas.pl\/index.php\/wp-json\/wp\/v2\/comments?post=32897"}],"version-history":[{"count":8,"href":"http:\/\/lapidarium.fundacja-hereditas.pl\/index.php\/wp-json\/wp\/v2\/posts\/32897\/revisions"}],"predecessor-version":[{"id":33857,"href":"http:\/\/lapidarium.fundacja-hereditas.pl\/index.php\/wp-json\/wp\/v2\/posts\/32897\/revisions\/33857"}],"wp:featuredmedia":[{"embeddable":true,"href":"http:\/\/lapidarium.fundacja-hereditas.pl\/index.php\/wp-json\/wp\/v2\/media\/32898"}],"wp:attachment":[{"href":"http:\/\/lapidarium.fundacja-hereditas.pl\/index.php\/wp-json\/wp\/v2\/media?parent=32897"}],"wp:term":[{"taxonomy":"category","embeddable":true,"href":"http:\/\/lapidarium.fundacja-hereditas.pl\/index.php\/wp-json\/wp\/v2\/categories?post=32897"},{"taxonomy":"post_tag","embeddable":true,"href":"http:\/\/lapidarium.fundacja-hereditas.pl\/index.php\/wp-json\/wp\/v2\/tags?post=32897"}],"curies":[{"name":"wp","href":"https:\/\/api.w.org\/{rel}","templated":true}]}}