{"id":32735,"date":"2024-12-31T22:41:06","date_gmt":"2024-12-31T21:41:06","guid":{"rendered":"http:\/\/lapidarium.fundacja-hereditas.pl\/?p=32735"},"modified":"2025-02-09T19:25:38","modified_gmt":"2025-02-09T18:25:38","slug":"kamienica-ul-bema-91-warszawa","status":"publish","type":"post","link":"http:\/\/lapidarium.fundacja-hereditas.pl\/index.php\/2024\/12\/31\/kamienica-ul-bema-91-warszawa\/","title":{"rendered":"Kamienica ul. Bema 91, Warszawa"},"content":{"rendered":"\n<p>Kompleks mieszkalno-magazynowy zrealizowany dla holenderskiej firmy Solvay za\u0142o\u017conej w 1863 r. Obecnie ten \u015bwiatowy koncern, zatrudniaj\u0105cy bez ma\u0142a 30\u00a0tys. os\u00f3b, o wszechstronnym profilu dzia\u0142alno\u015bci, w czasie kiedy zajmowa\u0142 prezentowany tu obiekt, trudni\u0142 si\u0119 g\u0142\u00f3wnie wyrobem i sprzeda\u017c\u0105 sody (w tym amoniakalnej), a tak\u017ce pozyskiwaniem w\u0119glanu sodu wed\u0142ug w\u0142asnej autorskiej metody. Oddzia\u0142 w Polsce zorganizowano w roku 1908. Gmach sk\u0142ada si\u0119 z du\u017cej kamienicy, od frontu z mieszkaniami bardziej reprezentacyjnymi, a w podw\u00f3rzowych oficynach lokalami skromniejszymi. Zapewne w obiekcie mieszkali pracownicy zatrudnieni na r\u00f3\u017cnych szczeblach przedsi\u0119biorstwa. Budynek wniesiono na prze\u0142omie lat 20. i 30. XX w. \u2013 pozwolenie na budow\u0119 wydano w maju 1929 r. Od zachodu (od strony tor\u00f3w) podw\u00f3rze zamyka przedwojenny gmach, obecnie przebudowany. Pierwotnie m\u00f3g\u0142 pe\u0142ni\u0107 funkcj\u0119 biurow\u0105, zw\u0142aszcza \u017ce w bezpo\u015brednim jego s\u0105siedztwie znajdowa\u0142a si\u0119 bocznica kolejowa, specjalnie tu poprowadzona. W oficynie po\u0142udniowej przetrwa\u0142o kilkoro du\u017cych drzwi, by\u0107 mo\u017ce do dawnych magazyn\u00f3w lub gara\u017cy mieszcz\u0105cych flot\u0119 przedsi\u0119biorstwa.<\/p>\n\n\n\n<p>::: W\u0142\u0105czono do bazy w ramach projektu: &#8222;Studeo et Conservo 2024&#8221; &#8211; (XIX edycja), dofinansowanego przez Miasto Sto\u0142eczne Warszawa.<\/p>\n\n\n\n<figure class=\"wp-block-gallery has-nested-images columns-default is-cropped wp-block-gallery-1 is-layout-flex wp-block-gallery-is-layout-flex\">\n<figure class=\"wp-block-image size-large\"><img loading=\"lazy\" decoding=\"async\" width=\"1024\" height=\"759\" data-id=\"32744\" src=\"http:\/\/lapidarium.fundacja-hereditas.pl\/wp-content\/uploads\/2024\/12\/W_Kmiec_Wwa_Bema_91_fasada_a-1024x759.jpg\" alt=\"\" class=\"wp-image-32744\" srcset=\"http:\/\/lapidarium.fundacja-hereditas.pl\/wp-content\/uploads\/2024\/12\/W_Kmiec_Wwa_Bema_91_fasada_a-1024x759.jpg 1024w, http:\/\/lapidarium.fundacja-hereditas.pl\/wp-content\/uploads\/2024\/12\/W_Kmiec_Wwa_Bema_91_fasada_a-300x222.jpg 300w, http:\/\/lapidarium.fundacja-hereditas.pl\/wp-content\/uploads\/2024\/12\/W_Kmiec_Wwa_Bema_91_fasada_a-768x570.jpg 768w, http:\/\/lapidarium.fundacja-hereditas.pl\/wp-content\/uploads\/2024\/12\/W_Kmiec_Wwa_Bema_91_fasada_a-1536x1139.jpg 1536w, http:\/\/lapidarium.fundacja-hereditas.pl\/wp-content\/uploads\/2024\/12\/W_Kmiec_Wwa_Bema_91_fasada_a-2048x1519.jpg 2048w, http:\/\/lapidarium.fundacja-hereditas.pl\/wp-content\/uploads\/2024\/12\/W_Kmiec_Wwa_Bema_91_fasada_a-150x111.jpg 150w, http:\/\/lapidarium.fundacja-hereditas.pl\/wp-content\/uploads\/2024\/12\/W_Kmiec_Wwa_Bema_91_fasada_a-485x360.jpg 485w, http:\/\/lapidarium.fundacja-hereditas.pl\/wp-content\/uploads\/2024\/12\/W_Kmiec_Wwa_Bema_91_fasada_a-696x516.jpg 696w, http:\/\/lapidarium.fundacja-hereditas.pl\/wp-content\/uploads\/2024\/12\/W_Kmiec_Wwa_Bema_91_fasada_a-1068x792.jpg 1068w, http:\/\/lapidarium.fundacja-hereditas.pl\/wp-content\/uploads\/2024\/12\/W_Kmiec_Wwa_Bema_91_fasada_a-1920x1424.jpg 1920w\" sizes=\"auto, (max-width: 1024px) 100vw, 1024px\" \/><figcaption class=\"wp-element-caption\">Widok og\u00f3lny od strony ulicy. Fot. Wojciech Kmie\u0107, 2024 r., \u017ar\u00f3d\u0142o: \u201eStudeo et Conservo\u201d \u2013 (XIX edycja).<\/figcaption><\/figure>\n\n\n\n<figure class=\"wp-block-image size-large\"><img loading=\"lazy\" decoding=\"async\" width=\"737\" height=\"1024\" data-id=\"32745\" src=\"http:\/\/lapidarium.fundacja-hereditas.pl\/wp-content\/uploads\/2024\/12\/W_Kmiec_Wwa_Bema_91_fasada_pierwsze_okno_na_polnoc_od_bramy-737x1024.jpg\" alt=\"\" class=\"wp-image-32745\" srcset=\"http:\/\/lapidarium.fundacja-hereditas.pl\/wp-content\/uploads\/2024\/12\/W_Kmiec_Wwa_Bema_91_fasada_pierwsze_okno_na_polnoc_od_bramy-737x1024.jpg 737w, http:\/\/lapidarium.fundacja-hereditas.pl\/wp-content\/uploads\/2024\/12\/W_Kmiec_Wwa_Bema_91_fasada_pierwsze_okno_na_polnoc_od_bramy-216x300.jpg 216w, http:\/\/lapidarium.fundacja-hereditas.pl\/wp-content\/uploads\/2024\/12\/W_Kmiec_Wwa_Bema_91_fasada_pierwsze_okno_na_polnoc_od_bramy-768x1067.jpg 768w, http:\/\/lapidarium.fundacja-hereditas.pl\/wp-content\/uploads\/2024\/12\/W_Kmiec_Wwa_Bema_91_fasada_pierwsze_okno_na_polnoc_od_bramy-1106x1536.jpg 1106w, http:\/\/lapidarium.fundacja-hereditas.pl\/wp-content\/uploads\/2024\/12\/W_Kmiec_Wwa_Bema_91_fasada_pierwsze_okno_na_polnoc_od_bramy-1475x2048.jpg 1475w, http:\/\/lapidarium.fundacja-hereditas.pl\/wp-content\/uploads\/2024\/12\/W_Kmiec_Wwa_Bema_91_fasada_pierwsze_okno_na_polnoc_od_bramy-150x208.jpg 150w, http:\/\/lapidarium.fundacja-hereditas.pl\/wp-content\/uploads\/2024\/12\/W_Kmiec_Wwa_Bema_91_fasada_pierwsze_okno_na_polnoc_od_bramy-300x417.jpg 300w, http:\/\/lapidarium.fundacja-hereditas.pl\/wp-content\/uploads\/2024\/12\/W_Kmiec_Wwa_Bema_91_fasada_pierwsze_okno_na_polnoc_od_bramy-696x967.jpg 696w, http:\/\/lapidarium.fundacja-hereditas.pl\/wp-content\/uploads\/2024\/12\/W_Kmiec_Wwa_Bema_91_fasada_pierwsze_okno_na_polnoc_od_bramy-1068x1483.jpg 1068w, http:\/\/lapidarium.fundacja-hereditas.pl\/wp-content\/uploads\/2024\/12\/W_Kmiec_Wwa_Bema_91_fasada_pierwsze_okno_na_polnoc_od_bramy-1920x2667.jpg 1920w, http:\/\/lapidarium.fundacja-hereditas.pl\/wp-content\/uploads\/2024\/12\/W_Kmiec_Wwa_Bema_91_fasada_pierwsze_okno_na_polnoc_od_bramy-scaled.jpg 1843w\" sizes=\"auto, (max-width: 737px) 100vw, 737px\" \/><figcaption class=\"wp-element-caption\">Widok og\u00f3lny od strony ulicy. Krata okienna z liter\u0105 &#8222;S&#8221; jak SOLVAY. Fot. Wojciech Kmie\u0107, 2024 r., \u017ar\u00f3d\u0142o: \u201eStudeo et Conservo\u201d \u2013 (XIX edycja).<\/figcaption><\/figure>\n\n\n\n<figure class=\"wp-block-image size-large\"><img loading=\"lazy\" decoding=\"async\" width=\"1024\" height=\"896\" data-id=\"32746\" src=\"http:\/\/lapidarium.fundacja-hereditas.pl\/wp-content\/uploads\/2024\/12\/W_Kmiec_Wwa_Bema_91_fasada_pierwsze_okno_na_polnoc_od_bramy_2-1024x896.jpg\" alt=\"\" class=\"wp-image-32746\" srcset=\"http:\/\/lapidarium.fundacja-hereditas.pl\/wp-content\/uploads\/2024\/12\/W_Kmiec_Wwa_Bema_91_fasada_pierwsze_okno_na_polnoc_od_bramy_2-1024x896.jpg 1024w, http:\/\/lapidarium.fundacja-hereditas.pl\/wp-content\/uploads\/2024\/12\/W_Kmiec_Wwa_Bema_91_fasada_pierwsze_okno_na_polnoc_od_bramy_2-300x262.jpg 300w, http:\/\/lapidarium.fundacja-hereditas.pl\/wp-content\/uploads\/2024\/12\/W_Kmiec_Wwa_Bema_91_fasada_pierwsze_okno_na_polnoc_od_bramy_2-768x672.jpg 768w, http:\/\/lapidarium.fundacja-hereditas.pl\/wp-content\/uploads\/2024\/12\/W_Kmiec_Wwa_Bema_91_fasada_pierwsze_okno_na_polnoc_od_bramy_2-1536x1343.jpg 1536w, http:\/\/lapidarium.fundacja-hereditas.pl\/wp-content\/uploads\/2024\/12\/W_Kmiec_Wwa_Bema_91_fasada_pierwsze_okno_na_polnoc_od_bramy_2-2048x1791.jpg 2048w, http:\/\/lapidarium.fundacja-hereditas.pl\/wp-content\/uploads\/2024\/12\/W_Kmiec_Wwa_Bema_91_fasada_pierwsze_okno_na_polnoc_od_bramy_2-150x131.jpg 150w, http:\/\/lapidarium.fundacja-hereditas.pl\/wp-content\/uploads\/2024\/12\/W_Kmiec_Wwa_Bema_91_fasada_pierwsze_okno_na_polnoc_od_bramy_2-696x609.jpg 696w, http:\/\/lapidarium.fundacja-hereditas.pl\/wp-content\/uploads\/2024\/12\/W_Kmiec_Wwa_Bema_91_fasada_pierwsze_okno_na_polnoc_od_bramy_2-1068x934.jpg 1068w, http:\/\/lapidarium.fundacja-hereditas.pl\/wp-content\/uploads\/2024\/12\/W_Kmiec_Wwa_Bema_91_fasada_pierwsze_okno_na_polnoc_od_bramy_2-1920x1679.jpg 1920w\" sizes=\"auto, (max-width: 1024px) 100vw, 1024px\" \/><figcaption class=\"wp-element-caption\">Widok og\u00f3lny od strony ulicy. Krata okienna z liter\u0105 &#8222;S&#8221; jak SOLVAY. Fot. Wojciech Kmie\u0107, 2024 r., \u017ar\u00f3d\u0142o: \u201eStudeo et Conservo\u201d \u2013 (XIX edycja).<\/figcaption><\/figure>\n\n\n\n<figure class=\"wp-block-image size-large\"><img loading=\"lazy\" decoding=\"async\" width=\"774\" height=\"1024\" data-id=\"32737\" src=\"http:\/\/lapidarium.fundacja-hereditas.pl\/wp-content\/uploads\/2024\/12\/W_Kmiec_Wwa_Bema_91_brama-774x1024.jpg\" alt=\"\" class=\"wp-image-32737\" srcset=\"http:\/\/lapidarium.fundacja-hereditas.pl\/wp-content\/uploads\/2024\/12\/W_Kmiec_Wwa_Bema_91_brama-774x1024.jpg 774w, http:\/\/lapidarium.fundacja-hereditas.pl\/wp-content\/uploads\/2024\/12\/W_Kmiec_Wwa_Bema_91_brama-227x300.jpg 227w, http:\/\/lapidarium.fundacja-hereditas.pl\/wp-content\/uploads\/2024\/12\/W_Kmiec_Wwa_Bema_91_brama-768x1016.jpg 768w, http:\/\/lapidarium.fundacja-hereditas.pl\/wp-content\/uploads\/2024\/12\/W_Kmiec_Wwa_Bema_91_brama-1162x1536.jpg 1162w, http:\/\/lapidarium.fundacja-hereditas.pl\/wp-content\/uploads\/2024\/12\/W_Kmiec_Wwa_Bema_91_brama-1549x2048.jpg 1549w, http:\/\/lapidarium.fundacja-hereditas.pl\/wp-content\/uploads\/2024\/12\/W_Kmiec_Wwa_Bema_91_brama-150x198.jpg 150w, http:\/\/lapidarium.fundacja-hereditas.pl\/wp-content\/uploads\/2024\/12\/W_Kmiec_Wwa_Bema_91_brama-300x397.jpg 300w, http:\/\/lapidarium.fundacja-hereditas.pl\/wp-content\/uploads\/2024\/12\/W_Kmiec_Wwa_Bema_91_brama-696x920.jpg 696w, http:\/\/lapidarium.fundacja-hereditas.pl\/wp-content\/uploads\/2024\/12\/W_Kmiec_Wwa_Bema_91_brama-1068x1412.jpg 1068w, http:\/\/lapidarium.fundacja-hereditas.pl\/wp-content\/uploads\/2024\/12\/W_Kmiec_Wwa_Bema_91_brama-1920x2539.jpg 1920w, http:\/\/lapidarium.fundacja-hereditas.pl\/wp-content\/uploads\/2024\/12\/W_Kmiec_Wwa_Bema_91_brama-scaled.jpg 1936w\" sizes=\"auto, (max-width: 774px) 100vw, 774px\" \/><figcaption class=\"wp-element-caption\">Widok og\u00f3lny od strony ulicy. Przejazd bramny. Fot. Wojciech Kmie\u0107, 2024 r., \u017ar\u00f3d\u0142o: \u201eStudeo et Conservo\u201d \u2013 (XIX edycja).<\/figcaption><\/figure>\n\n\n\n<figure class=\"wp-block-image size-large\"><img loading=\"lazy\" decoding=\"async\" width=\"763\" height=\"1024\" data-id=\"32740\" src=\"http:\/\/lapidarium.fundacja-hereditas.pl\/wp-content\/uploads\/2024\/12\/W_Kmiec_Wwa_Bema_91_brama_3-763x1024.jpg\" alt=\"\" class=\"wp-image-32740\" srcset=\"http:\/\/lapidarium.fundacja-hereditas.pl\/wp-content\/uploads\/2024\/12\/W_Kmiec_Wwa_Bema_91_brama_3-763x1024.jpg 763w, http:\/\/lapidarium.fundacja-hereditas.pl\/wp-content\/uploads\/2024\/12\/W_Kmiec_Wwa_Bema_91_brama_3-224x300.jpg 224w, http:\/\/lapidarium.fundacja-hereditas.pl\/wp-content\/uploads\/2024\/12\/W_Kmiec_Wwa_Bema_91_brama_3-768x1031.jpg 768w, http:\/\/lapidarium.fundacja-hereditas.pl\/wp-content\/uploads\/2024\/12\/W_Kmiec_Wwa_Bema_91_brama_3-1144x1536.jpg 1144w, http:\/\/lapidarium.fundacja-hereditas.pl\/wp-content\/uploads\/2024\/12\/W_Kmiec_Wwa_Bema_91_brama_3-1526x2048.jpg 1526w, http:\/\/lapidarium.fundacja-hereditas.pl\/wp-content\/uploads\/2024\/12\/W_Kmiec_Wwa_Bema_91_brama_3-150x201.jpg 150w, http:\/\/lapidarium.fundacja-hereditas.pl\/wp-content\/uploads\/2024\/12\/W_Kmiec_Wwa_Bema_91_brama_3-300x403.jpg 300w, http:\/\/lapidarium.fundacja-hereditas.pl\/wp-content\/uploads\/2024\/12\/W_Kmiec_Wwa_Bema_91_brama_3-696x934.jpg 696w, http:\/\/lapidarium.fundacja-hereditas.pl\/wp-content\/uploads\/2024\/12\/W_Kmiec_Wwa_Bema_91_brama_3-1068x1433.jpg 1068w, http:\/\/lapidarium.fundacja-hereditas.pl\/wp-content\/uploads\/2024\/12\/W_Kmiec_Wwa_Bema_91_brama_3-1920x2577.jpg 1920w, http:\/\/lapidarium.fundacja-hereditas.pl\/wp-content\/uploads\/2024\/12\/W_Kmiec_Wwa_Bema_91_brama_3-scaled.jpg 1907w\" sizes=\"auto, (max-width: 763px) 100vw, 763px\" \/><figcaption class=\"wp-element-caption\">Widok og\u00f3lny od strony ulicy. Przejazd bramny &#8211; krata. Fot. Wojciech Kmie\u0107, 2024 r., \u017ar\u00f3d\u0142o: \u201eStudeo et Conservo\u201d \u2013 (XIX edycja).<\/figcaption><\/figure>\n\n\n\n<figure class=\"wp-block-image size-large\"><img loading=\"lazy\" decoding=\"async\" width=\"776\" height=\"1024\" data-id=\"32766\" src=\"http:\/\/lapidarium.fundacja-hereditas.pl\/wp-content\/uploads\/2024\/12\/W_Kmiec_Wwa_Bema_91_przejazd_bramny_3-776x1024.jpg\" alt=\"\" class=\"wp-image-32766\" srcset=\"http:\/\/lapidarium.fundacja-hereditas.pl\/wp-content\/uploads\/2024\/12\/W_Kmiec_Wwa_Bema_91_przejazd_bramny_3-776x1024.jpg 776w, http:\/\/lapidarium.fundacja-hereditas.pl\/wp-content\/uploads\/2024\/12\/W_Kmiec_Wwa_Bema_91_przejazd_bramny_3-227x300.jpg 227w, http:\/\/lapidarium.fundacja-hereditas.pl\/wp-content\/uploads\/2024\/12\/W_Kmiec_Wwa_Bema_91_przejazd_bramny_3-768x1014.jpg 768w, http:\/\/lapidarium.fundacja-hereditas.pl\/wp-content\/uploads\/2024\/12\/W_Kmiec_Wwa_Bema_91_przejazd_bramny_3-1164x1536.jpg 1164w, http:\/\/lapidarium.fundacja-hereditas.pl\/wp-content\/uploads\/2024\/12\/W_Kmiec_Wwa_Bema_91_przejazd_bramny_3-1552x2048.jpg 1552w, http:\/\/lapidarium.fundacja-hereditas.pl\/wp-content\/uploads\/2024\/12\/W_Kmiec_Wwa_Bema_91_przejazd_bramny_3-150x198.jpg 150w, http:\/\/lapidarium.fundacja-hereditas.pl\/wp-content\/uploads\/2024\/12\/W_Kmiec_Wwa_Bema_91_przejazd_bramny_3-300x396.jpg 300w, http:\/\/lapidarium.fundacja-hereditas.pl\/wp-content\/uploads\/2024\/12\/W_Kmiec_Wwa_Bema_91_przejazd_bramny_3-696x919.jpg 696w, http:\/\/lapidarium.fundacja-hereditas.pl\/wp-content\/uploads\/2024\/12\/W_Kmiec_Wwa_Bema_91_przejazd_bramny_3-1068x1410.jpg 1068w, http:\/\/lapidarium.fundacja-hereditas.pl\/wp-content\/uploads\/2024\/12\/W_Kmiec_Wwa_Bema_91_przejazd_bramny_3-1920x2534.jpg 1920w, http:\/\/lapidarium.fundacja-hereditas.pl\/wp-content\/uploads\/2024\/12\/W_Kmiec_Wwa_Bema_91_przejazd_bramny_3-scaled.jpg 1940w\" sizes=\"auto, (max-width: 776px) 100vw, 776px\" \/><figcaption class=\"wp-element-caption\">Przejazd bramny &#8211; odb\u00f3j od podw\u00f3rza. Fot. Wojciech Kmie\u0107, 2024 r., \u017ar\u00f3d\u0142o: \u201eStudeo et Conservo\u201d \u2013 (XIX edycja).<\/figcaption><\/figure>\n\n\n\n<figure class=\"wp-block-image size-large\"><img loading=\"lazy\" decoding=\"async\" width=\"772\" height=\"1024\" data-id=\"32767\" src=\"http:\/\/lapidarium.fundacja-hereditas.pl\/wp-content\/uploads\/2024\/12\/W_Kmiec_Wwa_Bema_91_przejazd_bramny_4-772x1024.jpg\" alt=\"\" class=\"wp-image-32767\" srcset=\"http:\/\/lapidarium.fundacja-hereditas.pl\/wp-content\/uploads\/2024\/12\/W_Kmiec_Wwa_Bema_91_przejazd_bramny_4-772x1024.jpg 772w, http:\/\/lapidarium.fundacja-hereditas.pl\/wp-content\/uploads\/2024\/12\/W_Kmiec_Wwa_Bema_91_przejazd_bramny_4-226x300.jpg 226w, http:\/\/lapidarium.fundacja-hereditas.pl\/wp-content\/uploads\/2024\/12\/W_Kmiec_Wwa_Bema_91_przejazd_bramny_4-768x1019.jpg 768w, http:\/\/lapidarium.fundacja-hereditas.pl\/wp-content\/uploads\/2024\/12\/W_Kmiec_Wwa_Bema_91_przejazd_bramny_4-1158x1536.jpg 1158w, http:\/\/lapidarium.fundacja-hereditas.pl\/wp-content\/uploads\/2024\/12\/W_Kmiec_Wwa_Bema_91_przejazd_bramny_4-1544x2048.jpg 1544w, http:\/\/lapidarium.fundacja-hereditas.pl\/wp-content\/uploads\/2024\/12\/W_Kmiec_Wwa_Bema_91_przejazd_bramny_4-150x199.jpg 150w, http:\/\/lapidarium.fundacja-hereditas.pl\/wp-content\/uploads\/2024\/12\/W_Kmiec_Wwa_Bema_91_przejazd_bramny_4-300x398.jpg 300w, http:\/\/lapidarium.fundacja-hereditas.pl\/wp-content\/uploads\/2024\/12\/W_Kmiec_Wwa_Bema_91_przejazd_bramny_4-696x923.jpg 696w, http:\/\/lapidarium.fundacja-hereditas.pl\/wp-content\/uploads\/2024\/12\/W_Kmiec_Wwa_Bema_91_przejazd_bramny_4-1068x1417.jpg 1068w, http:\/\/lapidarium.fundacja-hereditas.pl\/wp-content\/uploads\/2024\/12\/W_Kmiec_Wwa_Bema_91_przejazd_bramny_4-1920x2547.jpg 1920w, http:\/\/lapidarium.fundacja-hereditas.pl\/wp-content\/uploads\/2024\/12\/W_Kmiec_Wwa_Bema_91_przejazd_bramny_4-scaled.jpg 1930w\" sizes=\"auto, (max-width: 772px) 100vw, 772px\" \/><figcaption class=\"wp-element-caption\">Przejazd bramny &#8211; bankiet. Fot. Wojciech Kmie\u0107, 2024 r., \u017ar\u00f3d\u0142o: \u201eStudeo et Conservo\u201d \u2013 (XIX edycja).<\/figcaption><\/figure>\n\n\n\n<figure class=\"wp-block-image size-large\"><img loading=\"lazy\" decoding=\"async\" width=\"1024\" height=\"931\" data-id=\"32769\" src=\"http:\/\/lapidarium.fundacja-hereditas.pl\/wp-content\/uploads\/2024\/12\/W_Kmiec_Wwa_Bema_91_przejazd_bramny_detal_po_prawej_od_drzwi_klatki-1024x931.jpg\" alt=\"\" class=\"wp-image-32769\" srcset=\"http:\/\/lapidarium.fundacja-hereditas.pl\/wp-content\/uploads\/2024\/12\/W_Kmiec_Wwa_Bema_91_przejazd_bramny_detal_po_prawej_od_drzwi_klatki-1024x931.jpg 1024w, http:\/\/lapidarium.fundacja-hereditas.pl\/wp-content\/uploads\/2024\/12\/W_Kmiec_Wwa_Bema_91_przejazd_bramny_detal_po_prawej_od_drzwi_klatki-300x273.jpg 300w, http:\/\/lapidarium.fundacja-hereditas.pl\/wp-content\/uploads\/2024\/12\/W_Kmiec_Wwa_Bema_91_przejazd_bramny_detal_po_prawej_od_drzwi_klatki-768x698.jpg 768w, http:\/\/lapidarium.fundacja-hereditas.pl\/wp-content\/uploads\/2024\/12\/W_Kmiec_Wwa_Bema_91_przejazd_bramny_detal_po_prawej_od_drzwi_klatki-1536x1396.jpg 1536w, http:\/\/lapidarium.fundacja-hereditas.pl\/wp-content\/uploads\/2024\/12\/W_Kmiec_Wwa_Bema_91_przejazd_bramny_detal_po_prawej_od_drzwi_klatki-150x136.jpg 150w, http:\/\/lapidarium.fundacja-hereditas.pl\/wp-content\/uploads\/2024\/12\/W_Kmiec_Wwa_Bema_91_przejazd_bramny_detal_po_prawej_od_drzwi_klatki-696x633.jpg 696w, http:\/\/lapidarium.fundacja-hereditas.pl\/wp-content\/uploads\/2024\/12\/W_Kmiec_Wwa_Bema_91_przejazd_bramny_detal_po_prawej_od_drzwi_klatki-1068x971.jpg 1068w, http:\/\/lapidarium.fundacja-hereditas.pl\/wp-content\/uploads\/2024\/12\/W_Kmiec_Wwa_Bema_91_przejazd_bramny_detal_po_prawej_od_drzwi_klatki.jpg 1627w\" sizes=\"auto, (max-width: 1024px) 100vw, 1024px\" \/><figcaption class=\"wp-element-caption\">Przejazd bramny &#8211; konsola. Fot. Wojciech Kmie\u0107, 2024 r., \u017ar\u00f3d\u0142o: \u201eStudeo et Conservo\u201d \u2013 (XIX edycja).<\/figcaption><\/figure>\n\n\n\n<figure class=\"wp-block-image size-large\"><img loading=\"lazy\" decoding=\"async\" width=\"777\" height=\"1024\" data-id=\"32768\" src=\"http:\/\/lapidarium.fundacja-hereditas.pl\/wp-content\/uploads\/2024\/12\/W_Kmiec_Wwa_Bema_91_przejazd_bramny_5-777x1024.jpg\" alt=\"\" class=\"wp-image-32768\" srcset=\"http:\/\/lapidarium.fundacja-hereditas.pl\/wp-content\/uploads\/2024\/12\/W_Kmiec_Wwa_Bema_91_przejazd_bramny_5-777x1024.jpg 777w, http:\/\/lapidarium.fundacja-hereditas.pl\/wp-content\/uploads\/2024\/12\/W_Kmiec_Wwa_Bema_91_przejazd_bramny_5-228x300.jpg 228w, http:\/\/lapidarium.fundacja-hereditas.pl\/wp-content\/uploads\/2024\/12\/W_Kmiec_Wwa_Bema_91_przejazd_bramny_5-768x1012.jpg 768w, http:\/\/lapidarium.fundacja-hereditas.pl\/wp-content\/uploads\/2024\/12\/W_Kmiec_Wwa_Bema_91_przejazd_bramny_5-1166x1536.jpg 1166w, http:\/\/lapidarium.fundacja-hereditas.pl\/wp-content\/uploads\/2024\/12\/W_Kmiec_Wwa_Bema_91_przejazd_bramny_5-1555x2048.jpg 1555w, http:\/\/lapidarium.fundacja-hereditas.pl\/wp-content\/uploads\/2024\/12\/W_Kmiec_Wwa_Bema_91_przejazd_bramny_5-150x198.jpg 150w, http:\/\/lapidarium.fundacja-hereditas.pl\/wp-content\/uploads\/2024\/12\/W_Kmiec_Wwa_Bema_91_przejazd_bramny_5-300x395.jpg 300w, http:\/\/lapidarium.fundacja-hereditas.pl\/wp-content\/uploads\/2024\/12\/W_Kmiec_Wwa_Bema_91_przejazd_bramny_5-696x917.jpg 696w, http:\/\/lapidarium.fundacja-hereditas.pl\/wp-content\/uploads\/2024\/12\/W_Kmiec_Wwa_Bema_91_przejazd_bramny_5-1068x1407.jpg 1068w, http:\/\/lapidarium.fundacja-hereditas.pl\/wp-content\/uploads\/2024\/12\/W_Kmiec_Wwa_Bema_91_przejazd_bramny_5-1920x2530.jpg 1920w, http:\/\/lapidarium.fundacja-hereditas.pl\/wp-content\/uploads\/2024\/12\/W_Kmiec_Wwa_Bema_91_przejazd_bramny_5-scaled.jpg 1943w\" sizes=\"auto, (max-width: 777px) 100vw, 777px\" \/><figcaption class=\"wp-element-caption\">Przejazd bramny &#8211; oryginalna kostka brukowa. Fot. Wojciech Kmie\u0107, 2024 r., \u017ar\u00f3d\u0142o: \u201eStudeo et Conservo\u201d \u2013 (XIX edycja).<\/figcaption><\/figure>\n\n\n\n<figure class=\"wp-block-image size-large\"><img loading=\"lazy\" decoding=\"async\" width=\"1024\" height=\"686\" data-id=\"32738\" src=\"http:\/\/lapidarium.fundacja-hereditas.pl\/wp-content\/uploads\/2024\/12\/W_Kmiec_Wwa_Bema_91_elewacja_podworzowa_widok_na_pln_wsch-1024x686.jpg\" alt=\"\" class=\"wp-image-32738\" srcset=\"http:\/\/lapidarium.fundacja-hereditas.pl\/wp-content\/uploads\/2024\/12\/W_Kmiec_Wwa_Bema_91_elewacja_podworzowa_widok_na_pln_wsch-1024x686.jpg 1024w, http:\/\/lapidarium.fundacja-hereditas.pl\/wp-content\/uploads\/2024\/12\/W_Kmiec_Wwa_Bema_91_elewacja_podworzowa_widok_na_pln_wsch-300x201.jpg 300w, http:\/\/lapidarium.fundacja-hereditas.pl\/wp-content\/uploads\/2024\/12\/W_Kmiec_Wwa_Bema_91_elewacja_podworzowa_widok_na_pln_wsch-768x514.jpg 768w, http:\/\/lapidarium.fundacja-hereditas.pl\/wp-content\/uploads\/2024\/12\/W_Kmiec_Wwa_Bema_91_elewacja_podworzowa_widok_na_pln_wsch-1536x1028.jpg 1536w, http:\/\/lapidarium.fundacja-hereditas.pl\/wp-content\/uploads\/2024\/12\/W_Kmiec_Wwa_Bema_91_elewacja_podworzowa_widok_na_pln_wsch-2048x1371.jpg 2048w, http:\/\/lapidarium.fundacja-hereditas.pl\/wp-content\/uploads\/2024\/12\/W_Kmiec_Wwa_Bema_91_elewacja_podworzowa_widok_na_pln_wsch-150x100.jpg 150w, http:\/\/lapidarium.fundacja-hereditas.pl\/wp-content\/uploads\/2024\/12\/W_Kmiec_Wwa_Bema_91_elewacja_podworzowa_widok_na_pln_wsch-696x466.jpg 696w, http:\/\/lapidarium.fundacja-hereditas.pl\/wp-content\/uploads\/2024\/12\/W_Kmiec_Wwa_Bema_91_elewacja_podworzowa_widok_na_pln_wsch-1068x715.jpg 1068w, http:\/\/lapidarium.fundacja-hereditas.pl\/wp-content\/uploads\/2024\/12\/W_Kmiec_Wwa_Bema_91_elewacja_podworzowa_widok_na_pln_wsch-1920x1285.jpg 1920w\" sizes=\"auto, (max-width: 1024px) 100vw, 1024px\" \/><figcaption class=\"wp-element-caption\">Podw\u00f3rze &#8211; widok na p\u00f3\u0142noc. Fot. Wojciech Kmie\u0107, 2024 r., \u017ar\u00f3d\u0142o: \u201eStudeo et Conservo\u201d \u2013 (XIX edycja).<\/figcaption><\/figure>\n\n\n\n<figure class=\"wp-block-image size-large\"><img loading=\"lazy\" decoding=\"async\" width=\"1024\" height=\"734\" data-id=\"32739\" src=\"http:\/\/lapidarium.fundacja-hereditas.pl\/wp-content\/uploads\/2024\/12\/W_Kmiec_Wwa_Bema_91_elewacja_podworzowa_widok_na_wschod-1024x734.jpg\" alt=\"\" class=\"wp-image-32739\" srcset=\"http:\/\/lapidarium.fundacja-hereditas.pl\/wp-content\/uploads\/2024\/12\/W_Kmiec_Wwa_Bema_91_elewacja_podworzowa_widok_na_wschod-1024x734.jpg 1024w, http:\/\/lapidarium.fundacja-hereditas.pl\/wp-content\/uploads\/2024\/12\/W_Kmiec_Wwa_Bema_91_elewacja_podworzowa_widok_na_wschod-300x215.jpg 300w, http:\/\/lapidarium.fundacja-hereditas.pl\/wp-content\/uploads\/2024\/12\/W_Kmiec_Wwa_Bema_91_elewacja_podworzowa_widok_na_wschod-768x550.jpg 768w, http:\/\/lapidarium.fundacja-hereditas.pl\/wp-content\/uploads\/2024\/12\/W_Kmiec_Wwa_Bema_91_elewacja_podworzowa_widok_na_wschod-1536x1100.jpg 1536w, http:\/\/lapidarium.fundacja-hereditas.pl\/wp-content\/uploads\/2024\/12\/W_Kmiec_Wwa_Bema_91_elewacja_podworzowa_widok_na_wschod-2048x1467.jpg 2048w, http:\/\/lapidarium.fundacja-hereditas.pl\/wp-content\/uploads\/2024\/12\/W_Kmiec_Wwa_Bema_91_elewacja_podworzowa_widok_na_wschod-150x107.jpg 150w, http:\/\/lapidarium.fundacja-hereditas.pl\/wp-content\/uploads\/2024\/12\/W_Kmiec_Wwa_Bema_91_elewacja_podworzowa_widok_na_wschod-696x499.jpg 696w, http:\/\/lapidarium.fundacja-hereditas.pl\/wp-content\/uploads\/2024\/12\/W_Kmiec_Wwa_Bema_91_elewacja_podworzowa_widok_na_wschod-1068x765.jpg 1068w, http:\/\/lapidarium.fundacja-hereditas.pl\/wp-content\/uploads\/2024\/12\/W_Kmiec_Wwa_Bema_91_elewacja_podworzowa_widok_na_wschod-1920x1376.jpg 1920w\" sizes=\"auto, (max-width: 1024px) 100vw, 1024px\" \/><figcaption class=\"wp-element-caption\">Podw\u00f3rze &#8211; widok na wsch\u00f3d. Fot. Wojciech Kmie\u0107, 2024 r., \u017ar\u00f3d\u0142o: \u201eStudeo et Conservo\u201d \u2013 (XIX edycja).<\/figcaption><\/figure>\n\n\n\n<figure class=\"wp-block-image size-large\"><img loading=\"lazy\" decoding=\"async\" width=\"1024\" height=\"780\" data-id=\"32742\" src=\"http:\/\/lapidarium.fundacja-hereditas.pl\/wp-content\/uploads\/2024\/12\/W_Kmiec_Wwa_Bema_91_elewacja_podworzowa_widok_na_wschod_2-1024x780.jpg\" alt=\"\" class=\"wp-image-32742\" srcset=\"http:\/\/lapidarium.fundacja-hereditas.pl\/wp-content\/uploads\/2024\/12\/W_Kmiec_Wwa_Bema_91_elewacja_podworzowa_widok_na_wschod_2-1024x780.jpg 1024w, http:\/\/lapidarium.fundacja-hereditas.pl\/wp-content\/uploads\/2024\/12\/W_Kmiec_Wwa_Bema_91_elewacja_podworzowa_widok_na_wschod_2-300x228.jpg 300w, http:\/\/lapidarium.fundacja-hereditas.pl\/wp-content\/uploads\/2024\/12\/W_Kmiec_Wwa_Bema_91_elewacja_podworzowa_widok_na_wschod_2-768x585.jpg 768w, http:\/\/lapidarium.fundacja-hereditas.pl\/wp-content\/uploads\/2024\/12\/W_Kmiec_Wwa_Bema_91_elewacja_podworzowa_widok_na_wschod_2-1536x1170.jpg 1536w, http:\/\/lapidarium.fundacja-hereditas.pl\/wp-content\/uploads\/2024\/12\/W_Kmiec_Wwa_Bema_91_elewacja_podworzowa_widok_na_wschod_2-2048x1559.jpg 2048w, http:\/\/lapidarium.fundacja-hereditas.pl\/wp-content\/uploads\/2024\/12\/W_Kmiec_Wwa_Bema_91_elewacja_podworzowa_widok_na_wschod_2-150x114.jpg 150w, http:\/\/lapidarium.fundacja-hereditas.pl\/wp-content\/uploads\/2024\/12\/W_Kmiec_Wwa_Bema_91_elewacja_podworzowa_widok_na_wschod_2-696x530.jpg 696w, http:\/\/lapidarium.fundacja-hereditas.pl\/wp-content\/uploads\/2024\/12\/W_Kmiec_Wwa_Bema_91_elewacja_podworzowa_widok_na_wschod_2-1068x813.jpg 1068w, http:\/\/lapidarium.fundacja-hereditas.pl\/wp-content\/uploads\/2024\/12\/W_Kmiec_Wwa_Bema_91_elewacja_podworzowa_widok_na_wschod_2-1920x1462.jpg 1920w\" sizes=\"auto, (max-width: 1024px) 100vw, 1024px\" \/><figcaption class=\"wp-element-caption\">Podw\u00f3rze &#8211; widok na wsch\u00f3d. Fot. Wojciech Kmie\u0107, 2024 r., \u017ar\u00f3d\u0142o: \u201eStudeo et Conservo\u201d \u2013 (XIX edycja).<\/figcaption><\/figure>\n\n\n\n<figure class=\"wp-block-image size-large\"><img loading=\"lazy\" decoding=\"async\" width=\"770\" height=\"1024\" data-id=\"32741\" src=\"http:\/\/lapidarium.fundacja-hereditas.pl\/wp-content\/uploads\/2024\/12\/W_Kmiec_Wwa_Bema_91_elewacja_podworzowa_widok_z_oficyny_polnocnej-770x1024.jpg\" alt=\"\" class=\"wp-image-32741\" srcset=\"http:\/\/lapidarium.fundacja-hereditas.pl\/wp-content\/uploads\/2024\/12\/W_Kmiec_Wwa_Bema_91_elewacja_podworzowa_widok_z_oficyny_polnocnej-770x1024.jpg 770w, http:\/\/lapidarium.fundacja-hereditas.pl\/wp-content\/uploads\/2024\/12\/W_Kmiec_Wwa_Bema_91_elewacja_podworzowa_widok_z_oficyny_polnocnej-226x300.jpg 226w, http:\/\/lapidarium.fundacja-hereditas.pl\/wp-content\/uploads\/2024\/12\/W_Kmiec_Wwa_Bema_91_elewacja_podworzowa_widok_z_oficyny_polnocnej-768x1021.jpg 768w, http:\/\/lapidarium.fundacja-hereditas.pl\/wp-content\/uploads\/2024\/12\/W_Kmiec_Wwa_Bema_91_elewacja_podworzowa_widok_z_oficyny_polnocnej-1156x1536.jpg 1156w, http:\/\/lapidarium.fundacja-hereditas.pl\/wp-content\/uploads\/2024\/12\/W_Kmiec_Wwa_Bema_91_elewacja_podworzowa_widok_z_oficyny_polnocnej-1541x2048.jpg 1541w, http:\/\/lapidarium.fundacja-hereditas.pl\/wp-content\/uploads\/2024\/12\/W_Kmiec_Wwa_Bema_91_elewacja_podworzowa_widok_z_oficyny_polnocnej-150x199.jpg 150w, http:\/\/lapidarium.fundacja-hereditas.pl\/wp-content\/uploads\/2024\/12\/W_Kmiec_Wwa_Bema_91_elewacja_podworzowa_widok_z_oficyny_polnocnej-300x399.jpg 300w, http:\/\/lapidarium.fundacja-hereditas.pl\/wp-content\/uploads\/2024\/12\/W_Kmiec_Wwa_Bema_91_elewacja_podworzowa_widok_z_oficyny_polnocnej-696x925.jpg 696w, http:\/\/lapidarium.fundacja-hereditas.pl\/wp-content\/uploads\/2024\/12\/W_Kmiec_Wwa_Bema_91_elewacja_podworzowa_widok_z_oficyny_polnocnej-1068x1419.jpg 1068w, http:\/\/lapidarium.fundacja-hereditas.pl\/wp-content\/uploads\/2024\/12\/W_Kmiec_Wwa_Bema_91_elewacja_podworzowa_widok_z_oficyny_polnocnej-1920x2552.jpg 1920w, http:\/\/lapidarium.fundacja-hereditas.pl\/wp-content\/uploads\/2024\/12\/W_Kmiec_Wwa_Bema_91_elewacja_podworzowa_widok_z_oficyny_polnocnej-scaled.jpg 1926w\" sizes=\"auto, (max-width: 770px) 100vw, 770px\" \/><figcaption class=\"wp-element-caption\">Podw\u00f3rze &#8211; widok na po\u0142udnie. Fot. Wojciech Kmie\u0107, 2024 r., \u017ar\u00f3d\u0142o: \u201eStudeo et Conservo\u201d \u2013 (XIX edycja).<\/figcaption><\/figure>\n\n\n\n<figure class=\"wp-block-image size-large\"><img loading=\"lazy\" decoding=\"async\" width=\"1024\" height=\"861\" data-id=\"32743\" src=\"http:\/\/lapidarium.fundacja-hereditas.pl\/wp-content\/uploads\/2024\/12\/W_Kmiec_Wwa_Bema_91_elewacja_podworzowa_widok_z_oficyny_polnocnej_2-1024x861.jpg\" alt=\"\" class=\"wp-image-32743\" srcset=\"http:\/\/lapidarium.fundacja-hereditas.pl\/wp-content\/uploads\/2024\/12\/W_Kmiec_Wwa_Bema_91_elewacja_podworzowa_widok_z_oficyny_polnocnej_2-1024x861.jpg 1024w, http:\/\/lapidarium.fundacja-hereditas.pl\/wp-content\/uploads\/2024\/12\/W_Kmiec_Wwa_Bema_91_elewacja_podworzowa_widok_z_oficyny_polnocnej_2-300x252.jpg 300w, http:\/\/lapidarium.fundacja-hereditas.pl\/wp-content\/uploads\/2024\/12\/W_Kmiec_Wwa_Bema_91_elewacja_podworzowa_widok_z_oficyny_polnocnej_2-768x646.jpg 768w, http:\/\/lapidarium.fundacja-hereditas.pl\/wp-content\/uploads\/2024\/12\/W_Kmiec_Wwa_Bema_91_elewacja_podworzowa_widok_z_oficyny_polnocnej_2-1536x1292.jpg 1536w, http:\/\/lapidarium.fundacja-hereditas.pl\/wp-content\/uploads\/2024\/12\/W_Kmiec_Wwa_Bema_91_elewacja_podworzowa_widok_z_oficyny_polnocnej_2-2048x1722.jpg 2048w, http:\/\/lapidarium.fundacja-hereditas.pl\/wp-content\/uploads\/2024\/12\/W_Kmiec_Wwa_Bema_91_elewacja_podworzowa_widok_z_oficyny_polnocnej_2-150x126.jpg 150w, http:\/\/lapidarium.fundacja-hereditas.pl\/wp-content\/uploads\/2024\/12\/W_Kmiec_Wwa_Bema_91_elewacja_podworzowa_widok_z_oficyny_polnocnej_2-696x585.jpg 696w, http:\/\/lapidarium.fundacja-hereditas.pl\/wp-content\/uploads\/2024\/12\/W_Kmiec_Wwa_Bema_91_elewacja_podworzowa_widok_z_oficyny_polnocnej_2-1068x898.jpg 1068w, http:\/\/lapidarium.fundacja-hereditas.pl\/wp-content\/uploads\/2024\/12\/W_Kmiec_Wwa_Bema_91_elewacja_podworzowa_widok_z_oficyny_polnocnej_2-1920x1615.jpg 1920w\" sizes=\"auto, (max-width: 1024px) 100vw, 1024px\" \/><figcaption class=\"wp-element-caption\">Podw\u00f3rze &#8211; widok na po\u0142udnie. Fot. Wojciech Kmie\u0107, 2024 r., \u017ar\u00f3d\u0142o: \u201eStudeo et Conservo\u201d \u2013 (XIX edycja).<\/figcaption><\/figure>\n\n\n\n<figure class=\"wp-block-image size-large\"><img loading=\"lazy\" decoding=\"async\" width=\"880\" height=\"1024\" data-id=\"32747\" src=\"http:\/\/lapidarium.fundacja-hereditas.pl\/wp-content\/uploads\/2024\/12\/W_Kmiec_Wwa_Bema_91_klatka_czwarta_pochwyt-880x1024.jpg\" alt=\"\" class=\"wp-image-32747\" srcset=\"http:\/\/lapidarium.fundacja-hereditas.pl\/wp-content\/uploads\/2024\/12\/W_Kmiec_Wwa_Bema_91_klatka_czwarta_pochwyt-880x1024.jpg 880w, http:\/\/lapidarium.fundacja-hereditas.pl\/wp-content\/uploads\/2024\/12\/W_Kmiec_Wwa_Bema_91_klatka_czwarta_pochwyt-258x300.jpg 258w, http:\/\/lapidarium.fundacja-hereditas.pl\/wp-content\/uploads\/2024\/12\/W_Kmiec_Wwa_Bema_91_klatka_czwarta_pochwyt-768x894.jpg 768w, http:\/\/lapidarium.fundacja-hereditas.pl\/wp-content\/uploads\/2024\/12\/W_Kmiec_Wwa_Bema_91_klatka_czwarta_pochwyt-1320x1536.jpg 1320w, http:\/\/lapidarium.fundacja-hereditas.pl\/wp-content\/uploads\/2024\/12\/W_Kmiec_Wwa_Bema_91_klatka_czwarta_pochwyt-1760x2048.jpg 1760w, http:\/\/lapidarium.fundacja-hereditas.pl\/wp-content\/uploads\/2024\/12\/W_Kmiec_Wwa_Bema_91_klatka_czwarta_pochwyt-150x175.jpg 150w, http:\/\/lapidarium.fundacja-hereditas.pl\/wp-content\/uploads\/2024\/12\/W_Kmiec_Wwa_Bema_91_klatka_czwarta_pochwyt-300x349.jpg 300w, http:\/\/lapidarium.fundacja-hereditas.pl\/wp-content\/uploads\/2024\/12\/W_Kmiec_Wwa_Bema_91_klatka_czwarta_pochwyt-696x810.jpg 696w, http:\/\/lapidarium.fundacja-hereditas.pl\/wp-content\/uploads\/2024\/12\/W_Kmiec_Wwa_Bema_91_klatka_czwarta_pochwyt-1068x1243.jpg 1068w, http:\/\/lapidarium.fundacja-hereditas.pl\/wp-content\/uploads\/2024\/12\/W_Kmiec_Wwa_Bema_91_klatka_czwarta_pochwyt-1920x2234.jpg 1920w\" sizes=\"auto, (max-width: 880px) 100vw, 880px\" \/><figcaption class=\"wp-element-caption\">Klatka zachodnia oficyna p\u0142n. Pochwyt balustrady. Fot. Wojciech Kmie\u0107, 2024 r., \u017ar\u00f3d\u0142o: \u201eStudeo et Conservo\u201d \u2013 (XIX edycja).<\/figcaption><\/figure>\n\n\n\n<figure class=\"wp-block-image size-large\"><img loading=\"lazy\" decoding=\"async\" width=\"771\" height=\"1024\" data-id=\"32748\" src=\"http:\/\/lapidarium.fundacja-hereditas.pl\/wp-content\/uploads\/2024\/12\/W_Kmiec_Wwa_Bema_91_klatka_czwarta_schody-771x1024.jpg\" alt=\"\" class=\"wp-image-32748\" srcset=\"http:\/\/lapidarium.fundacja-hereditas.pl\/wp-content\/uploads\/2024\/12\/W_Kmiec_Wwa_Bema_91_klatka_czwarta_schody-771x1024.jpg 771w, http:\/\/lapidarium.fundacja-hereditas.pl\/wp-content\/uploads\/2024\/12\/W_Kmiec_Wwa_Bema_91_klatka_czwarta_schody-226x300.jpg 226w, http:\/\/lapidarium.fundacja-hereditas.pl\/wp-content\/uploads\/2024\/12\/W_Kmiec_Wwa_Bema_91_klatka_czwarta_schody-768x1020.jpg 768w, http:\/\/lapidarium.fundacja-hereditas.pl\/wp-content\/uploads\/2024\/12\/W_Kmiec_Wwa_Bema_91_klatka_czwarta_schody-1156x1536.jpg 1156w, http:\/\/lapidarium.fundacja-hereditas.pl\/wp-content\/uploads\/2024\/12\/W_Kmiec_Wwa_Bema_91_klatka_czwarta_schody-1541x2048.jpg 1541w, http:\/\/lapidarium.fundacja-hereditas.pl\/wp-content\/uploads\/2024\/12\/W_Kmiec_Wwa_Bema_91_klatka_czwarta_schody-150x199.jpg 150w, http:\/\/lapidarium.fundacja-hereditas.pl\/wp-content\/uploads\/2024\/12\/W_Kmiec_Wwa_Bema_91_klatka_czwarta_schody-300x399.jpg 300w, http:\/\/lapidarium.fundacja-hereditas.pl\/wp-content\/uploads\/2024\/12\/W_Kmiec_Wwa_Bema_91_klatka_czwarta_schody-696x925.jpg 696w, http:\/\/lapidarium.fundacja-hereditas.pl\/wp-content\/uploads\/2024\/12\/W_Kmiec_Wwa_Bema_91_klatka_czwarta_schody-1068x1419.jpg 1068w, http:\/\/lapidarium.fundacja-hereditas.pl\/wp-content\/uploads\/2024\/12\/W_Kmiec_Wwa_Bema_91_klatka_czwarta_schody-1920x2551.jpg 1920w, http:\/\/lapidarium.fundacja-hereditas.pl\/wp-content\/uploads\/2024\/12\/W_Kmiec_Wwa_Bema_91_klatka_czwarta_schody-scaled.jpg 1927w\" sizes=\"auto, (max-width: 771px) 100vw, 771px\" \/><figcaption class=\"wp-element-caption\">Klatka zachodnia oficyna p\u0142n. Balustrada i policzki schod\u00f3w. Fot. Wojciech Kmie\u0107, 2024 r., \u017ar\u00f3d\u0142o: \u201eStudeo et Conservo\u201d \u2013 (XIX edycja).<\/figcaption><\/figure>\n\n\n\n<figure class=\"wp-block-image size-large\"><img loading=\"lazy\" decoding=\"async\" width=\"769\" height=\"1024\" data-id=\"32749\" src=\"http:\/\/lapidarium.fundacja-hereditas.pl\/wp-content\/uploads\/2024\/12\/W_Kmiec_Wwa_Bema_91_klatka_druga_piwnica-769x1024.jpg\" alt=\"\" class=\"wp-image-32749\" srcset=\"http:\/\/lapidarium.fundacja-hereditas.pl\/wp-content\/uploads\/2024\/12\/W_Kmiec_Wwa_Bema_91_klatka_druga_piwnica-769x1024.jpg 769w, http:\/\/lapidarium.fundacja-hereditas.pl\/wp-content\/uploads\/2024\/12\/W_Kmiec_Wwa_Bema_91_klatka_druga_piwnica-225x300.jpg 225w, http:\/\/lapidarium.fundacja-hereditas.pl\/wp-content\/uploads\/2024\/12\/W_Kmiec_Wwa_Bema_91_klatka_druga_piwnica-768x1022.jpg 768w, http:\/\/lapidarium.fundacja-hereditas.pl\/wp-content\/uploads\/2024\/12\/W_Kmiec_Wwa_Bema_91_klatka_druga_piwnica-1154x1536.jpg 1154w, http:\/\/lapidarium.fundacja-hereditas.pl\/wp-content\/uploads\/2024\/12\/W_Kmiec_Wwa_Bema_91_klatka_druga_piwnica-1539x2048.jpg 1539w, http:\/\/lapidarium.fundacja-hereditas.pl\/wp-content\/uploads\/2024\/12\/W_Kmiec_Wwa_Bema_91_klatka_druga_piwnica-150x200.jpg 150w, http:\/\/lapidarium.fundacja-hereditas.pl\/wp-content\/uploads\/2024\/12\/W_Kmiec_Wwa_Bema_91_klatka_druga_piwnica-300x399.jpg 300w, http:\/\/lapidarium.fundacja-hereditas.pl\/wp-content\/uploads\/2024\/12\/W_Kmiec_Wwa_Bema_91_klatka_druga_piwnica-696x926.jpg 696w, http:\/\/lapidarium.fundacja-hereditas.pl\/wp-content\/uploads\/2024\/12\/W_Kmiec_Wwa_Bema_91_klatka_druga_piwnica-1068x1422.jpg 1068w, http:\/\/lapidarium.fundacja-hereditas.pl\/wp-content\/uploads\/2024\/12\/W_Kmiec_Wwa_Bema_91_klatka_druga_piwnica-1920x2556.jpg 1920w, http:\/\/lapidarium.fundacja-hereditas.pl\/wp-content\/uploads\/2024\/12\/W_Kmiec_Wwa_Bema_91_klatka_druga_piwnica-scaled.jpg 1923w\" sizes=\"auto, (max-width: 769px) 100vw, 769px\" \/><figcaption class=\"wp-element-caption\">Piwnica &#8211; dom frontowy. Fot. Wojciech Kmie\u0107, 2024 r., \u017ar\u00f3d\u0142o: \u201eStudeo et Conservo\u201d \u2013 (XIX edycja).<\/figcaption><\/figure>\n\n\n\n<figure class=\"wp-block-image size-large\"><img loading=\"lazy\" decoding=\"async\" width=\"760\" height=\"1024\" data-id=\"32750\" src=\"http:\/\/lapidarium.fundacja-hereditas.pl\/wp-content\/uploads\/2024\/12\/W_Kmiec_Wwa_Bema_91_klatka_druga_schody-760x1024.jpg\" alt=\"\" class=\"wp-image-32750\" srcset=\"http:\/\/lapidarium.fundacja-hereditas.pl\/wp-content\/uploads\/2024\/12\/W_Kmiec_Wwa_Bema_91_klatka_druga_schody-760x1024.jpg 760w, http:\/\/lapidarium.fundacja-hereditas.pl\/wp-content\/uploads\/2024\/12\/W_Kmiec_Wwa_Bema_91_klatka_druga_schody-223x300.jpg 223w, http:\/\/lapidarium.fundacja-hereditas.pl\/wp-content\/uploads\/2024\/12\/W_Kmiec_Wwa_Bema_91_klatka_druga_schody-768x1035.jpg 768w, http:\/\/lapidarium.fundacja-hereditas.pl\/wp-content\/uploads\/2024\/12\/W_Kmiec_Wwa_Bema_91_klatka_druga_schody-1139x1536.jpg 1139w, http:\/\/lapidarium.fundacja-hereditas.pl\/wp-content\/uploads\/2024\/12\/W_Kmiec_Wwa_Bema_91_klatka_druga_schody-1519x2048.jpg 1519w, http:\/\/lapidarium.fundacja-hereditas.pl\/wp-content\/uploads\/2024\/12\/W_Kmiec_Wwa_Bema_91_klatka_druga_schody-150x202.jpg 150w, http:\/\/lapidarium.fundacja-hereditas.pl\/wp-content\/uploads\/2024\/12\/W_Kmiec_Wwa_Bema_91_klatka_druga_schody-300x404.jpg 300w, http:\/\/lapidarium.fundacja-hereditas.pl\/wp-content\/uploads\/2024\/12\/W_Kmiec_Wwa_Bema_91_klatka_druga_schody-696x938.jpg 696w, http:\/\/lapidarium.fundacja-hereditas.pl\/wp-content\/uploads\/2024\/12\/W_Kmiec_Wwa_Bema_91_klatka_druga_schody-1068x1440.jpg 1068w, http:\/\/lapidarium.fundacja-hereditas.pl\/wp-content\/uploads\/2024\/12\/W_Kmiec_Wwa_Bema_91_klatka_druga_schody-1920x2588.jpg 1920w, http:\/\/lapidarium.fundacja-hereditas.pl\/wp-content\/uploads\/2024\/12\/W_Kmiec_Wwa_Bema_91_klatka_druga_schody-scaled.jpg 1899w\" sizes=\"auto, (max-width: 760px) 100vw, 760px\" \/><figcaption class=\"wp-element-caption\">Klatka p\u00f3\u0142nocna &#8211; dom frontowy. Wyj\u015bcie z piwnicy. Fot. Wojciech Kmie\u0107, 2024 r., \u017ar\u00f3d\u0142o: \u201eStudeo et Conservo\u201d \u2013 (XIX edycja).<\/figcaption><\/figure>\n\n\n\n<figure class=\"wp-block-image size-large\"><img loading=\"lazy\" decoding=\"async\" width=\"886\" height=\"1024\" data-id=\"32751\" src=\"http:\/\/lapidarium.fundacja-hereditas.pl\/wp-content\/uploads\/2024\/12\/W_Kmiec_Wwa_Bema_91_klatka_druga_schody_2-886x1024.jpg\" alt=\"\" class=\"wp-image-32751\" srcset=\"http:\/\/lapidarium.fundacja-hereditas.pl\/wp-content\/uploads\/2024\/12\/W_Kmiec_Wwa_Bema_91_klatka_druga_schody_2-886x1024.jpg 886w, http:\/\/lapidarium.fundacja-hereditas.pl\/wp-content\/uploads\/2024\/12\/W_Kmiec_Wwa_Bema_91_klatka_druga_schody_2-260x300.jpg 260w, http:\/\/lapidarium.fundacja-hereditas.pl\/wp-content\/uploads\/2024\/12\/W_Kmiec_Wwa_Bema_91_klatka_druga_schody_2-768x888.jpg 768w, http:\/\/lapidarium.fundacja-hereditas.pl\/wp-content\/uploads\/2024\/12\/W_Kmiec_Wwa_Bema_91_klatka_druga_schody_2-1329x1536.jpg 1329w, http:\/\/lapidarium.fundacja-hereditas.pl\/wp-content\/uploads\/2024\/12\/W_Kmiec_Wwa_Bema_91_klatka_druga_schody_2-1772x2048.jpg 1772w, http:\/\/lapidarium.fundacja-hereditas.pl\/wp-content\/uploads\/2024\/12\/W_Kmiec_Wwa_Bema_91_klatka_druga_schody_2-150x173.jpg 150w, http:\/\/lapidarium.fundacja-hereditas.pl\/wp-content\/uploads\/2024\/12\/W_Kmiec_Wwa_Bema_91_klatka_druga_schody_2-300x347.jpg 300w, http:\/\/lapidarium.fundacja-hereditas.pl\/wp-content\/uploads\/2024\/12\/W_Kmiec_Wwa_Bema_91_klatka_druga_schody_2-696x804.jpg 696w, http:\/\/lapidarium.fundacja-hereditas.pl\/wp-content\/uploads\/2024\/12\/W_Kmiec_Wwa_Bema_91_klatka_druga_schody_2-1068x1234.jpg 1068w, http:\/\/lapidarium.fundacja-hereditas.pl\/wp-content\/uploads\/2024\/12\/W_Kmiec_Wwa_Bema_91_klatka_druga_schody_2-1920x2219.jpg 1920w\" sizes=\"auto, (max-width: 886px) 100vw, 886px\" \/><figcaption class=\"wp-element-caption\">Klatka p\u00f3\u0142nocna &#8211; dom frontowy. Stopnie schod\u00f3w i posadzka. Fot. Wojciech Kmie\u0107, 2024 r., \u017ar\u00f3d\u0142o: \u201eStudeo et Conservo\u201d \u2013 (XIX edycja).<\/figcaption><\/figure>\n\n\n\n<figure class=\"wp-block-image size-large\"><img loading=\"lazy\" decoding=\"async\" width=\"778\" height=\"1024\" data-id=\"32752\" src=\"http:\/\/lapidarium.fundacja-hereditas.pl\/wp-content\/uploads\/2024\/12\/W_Kmiec_Wwa_Bema_91_klatka_druga_schody_3-778x1024.jpg\" alt=\"\" class=\"wp-image-32752\" srcset=\"http:\/\/lapidarium.fundacja-hereditas.pl\/wp-content\/uploads\/2024\/12\/W_Kmiec_Wwa_Bema_91_klatka_druga_schody_3-778x1024.jpg 778w, http:\/\/lapidarium.fundacja-hereditas.pl\/wp-content\/uploads\/2024\/12\/W_Kmiec_Wwa_Bema_91_klatka_druga_schody_3-228x300.jpg 228w, http:\/\/lapidarium.fundacja-hereditas.pl\/wp-content\/uploads\/2024\/12\/W_Kmiec_Wwa_Bema_91_klatka_druga_schody_3-768x1010.jpg 768w, http:\/\/lapidarium.fundacja-hereditas.pl\/wp-content\/uploads\/2024\/12\/W_Kmiec_Wwa_Bema_91_klatka_druga_schody_3-1168x1536.jpg 1168w, http:\/\/lapidarium.fundacja-hereditas.pl\/wp-content\/uploads\/2024\/12\/W_Kmiec_Wwa_Bema_91_klatka_druga_schody_3-1557x2048.jpg 1557w, http:\/\/lapidarium.fundacja-hereditas.pl\/wp-content\/uploads\/2024\/12\/W_Kmiec_Wwa_Bema_91_klatka_druga_schody_3-150x197.jpg 150w, http:\/\/lapidarium.fundacja-hereditas.pl\/wp-content\/uploads\/2024\/12\/W_Kmiec_Wwa_Bema_91_klatka_druga_schody_3-300x395.jpg 300w, http:\/\/lapidarium.fundacja-hereditas.pl\/wp-content\/uploads\/2024\/12\/W_Kmiec_Wwa_Bema_91_klatka_druga_schody_3-696x916.jpg 696w, http:\/\/lapidarium.fundacja-hereditas.pl\/wp-content\/uploads\/2024\/12\/W_Kmiec_Wwa_Bema_91_klatka_druga_schody_3-1068x1405.jpg 1068w, http:\/\/lapidarium.fundacja-hereditas.pl\/wp-content\/uploads\/2024\/12\/W_Kmiec_Wwa_Bema_91_klatka_druga_schody_3-1920x2526.jpg 1920w, http:\/\/lapidarium.fundacja-hereditas.pl\/wp-content\/uploads\/2024\/12\/W_Kmiec_Wwa_Bema_91_klatka_druga_schody_3-scaled.jpg 1946w\" sizes=\"auto, (max-width: 778px) 100vw, 778px\" \/><figcaption class=\"wp-element-caption\">Klatka p\u00f3\u0142nocna &#8211; dom frontowy. Widok og\u00f3lny. Fot. Wojciech Kmie\u0107, 2024 r., \u017ar\u00f3d\u0142o: \u201eStudeo et Conservo\u201d \u2013 (XIX edycja).<\/figcaption><\/figure>\n\n\n\n<figure class=\"wp-block-image size-large\"><img loading=\"lazy\" decoding=\"async\" width=\"751\" height=\"1024\" data-id=\"32753\" src=\"http:\/\/lapidarium.fundacja-hereditas.pl\/wp-content\/uploads\/2024\/12\/W_Kmiec_Wwa_Bema_91_klatka_piata_drzwi-751x1024.jpg\" alt=\"\" class=\"wp-image-32753\" srcset=\"http:\/\/lapidarium.fundacja-hereditas.pl\/wp-content\/uploads\/2024\/12\/W_Kmiec_Wwa_Bema_91_klatka_piata_drzwi-751x1024.jpg 751w, http:\/\/lapidarium.fundacja-hereditas.pl\/wp-content\/uploads\/2024\/12\/W_Kmiec_Wwa_Bema_91_klatka_piata_drzwi-220x300.jpg 220w, http:\/\/lapidarium.fundacja-hereditas.pl\/wp-content\/uploads\/2024\/12\/W_Kmiec_Wwa_Bema_91_klatka_piata_drzwi-768x1047.jpg 768w, http:\/\/lapidarium.fundacja-hereditas.pl\/wp-content\/uploads\/2024\/12\/W_Kmiec_Wwa_Bema_91_klatka_piata_drzwi-1126x1536.jpg 1126w, http:\/\/lapidarium.fundacja-hereditas.pl\/wp-content\/uploads\/2024\/12\/W_Kmiec_Wwa_Bema_91_klatka_piata_drzwi-1502x2048.jpg 1502w, http:\/\/lapidarium.fundacja-hereditas.pl\/wp-content\/uploads\/2024\/12\/W_Kmiec_Wwa_Bema_91_klatka_piata_drzwi-150x205.jpg 150w, http:\/\/lapidarium.fundacja-hereditas.pl\/wp-content\/uploads\/2024\/12\/W_Kmiec_Wwa_Bema_91_klatka_piata_drzwi-300x409.jpg 300w, http:\/\/lapidarium.fundacja-hereditas.pl\/wp-content\/uploads\/2024\/12\/W_Kmiec_Wwa_Bema_91_klatka_piata_drzwi-696x949.jpg 696w, http:\/\/lapidarium.fundacja-hereditas.pl\/wp-content\/uploads\/2024\/12\/W_Kmiec_Wwa_Bema_91_klatka_piata_drzwi-1068x1456.jpg 1068w, http:\/\/lapidarium.fundacja-hereditas.pl\/wp-content\/uploads\/2024\/12\/W_Kmiec_Wwa_Bema_91_klatka_piata_drzwi-1920x2618.jpg 1920w, http:\/\/lapidarium.fundacja-hereditas.pl\/wp-content\/uploads\/2024\/12\/W_Kmiec_Wwa_Bema_91_klatka_piata_drzwi-scaled.jpg 1877w\" sizes=\"auto, (max-width: 751px) 100vw, 751px\" \/><figcaption class=\"wp-element-caption\">Klatka kuchenna &#8211; oficyna p\u0142d. Drzwi do mieszkania. Fot. Wojciech Kmie\u0107, 2024 r., \u017ar\u00f3d\u0142o: \u201eStudeo et Conservo\u201d \u2013 (XIX edycja).<\/figcaption><\/figure>\n\n\n\n<figure class=\"wp-block-image size-large\"><img loading=\"lazy\" decoding=\"async\" width=\"765\" height=\"1024\" data-id=\"32754\" src=\"http:\/\/lapidarium.fundacja-hereditas.pl\/wp-content\/uploads\/2024\/12\/W_Kmiec_Wwa_Bema_91_klatka_piata_drzwi_2-765x1024.jpg\" alt=\"\" class=\"wp-image-32754\" srcset=\"http:\/\/lapidarium.fundacja-hereditas.pl\/wp-content\/uploads\/2024\/12\/W_Kmiec_Wwa_Bema_91_klatka_piata_drzwi_2-765x1024.jpg 765w, http:\/\/lapidarium.fundacja-hereditas.pl\/wp-content\/uploads\/2024\/12\/W_Kmiec_Wwa_Bema_91_klatka_piata_drzwi_2-224x300.jpg 224w, http:\/\/lapidarium.fundacja-hereditas.pl\/wp-content\/uploads\/2024\/12\/W_Kmiec_Wwa_Bema_91_klatka_piata_drzwi_2-768x1028.jpg 768w, http:\/\/lapidarium.fundacja-hereditas.pl\/wp-content\/uploads\/2024\/12\/W_Kmiec_Wwa_Bema_91_klatka_piata_drzwi_2-1147x1536.jpg 1147w, http:\/\/lapidarium.fundacja-hereditas.pl\/wp-content\/uploads\/2024\/12\/W_Kmiec_Wwa_Bema_91_klatka_piata_drzwi_2-1529x2048.jpg 1529w, http:\/\/lapidarium.fundacja-hereditas.pl\/wp-content\/uploads\/2024\/12\/W_Kmiec_Wwa_Bema_91_klatka_piata_drzwi_2-150x201.jpg 150w, http:\/\/lapidarium.fundacja-hereditas.pl\/wp-content\/uploads\/2024\/12\/W_Kmiec_Wwa_Bema_91_klatka_piata_drzwi_2-300x402.jpg 300w, http:\/\/lapidarium.fundacja-hereditas.pl\/wp-content\/uploads\/2024\/12\/W_Kmiec_Wwa_Bema_91_klatka_piata_drzwi_2-696x932.jpg 696w, http:\/\/lapidarium.fundacja-hereditas.pl\/wp-content\/uploads\/2024\/12\/W_Kmiec_Wwa_Bema_91_klatka_piata_drzwi_2-1068x1430.jpg 1068w, http:\/\/lapidarium.fundacja-hereditas.pl\/wp-content\/uploads\/2024\/12\/W_Kmiec_Wwa_Bema_91_klatka_piata_drzwi_2-1920x2571.jpg 1920w, http:\/\/lapidarium.fundacja-hereditas.pl\/wp-content\/uploads\/2024\/12\/W_Kmiec_Wwa_Bema_91_klatka_piata_drzwi_2-scaled.jpg 1912w\" sizes=\"auto, (max-width: 765px) 100vw, 765px\" \/><figcaption class=\"wp-element-caption\">Klatka kuchenna &#8211; oficyna p\u0142d. Drzwi do mieszkania. Fot. Wojciech Kmie\u0107, 2024 r., \u017ar\u00f3d\u0142o: \u201eStudeo et Conservo\u201d \u2013 (XIX edycja).<\/figcaption><\/figure>\n\n\n\n<figure class=\"wp-block-image size-large\"><img loading=\"lazy\" decoding=\"async\" width=\"770\" height=\"1024\" data-id=\"32755\" src=\"http:\/\/lapidarium.fundacja-hereditas.pl\/wp-content\/uploads\/2024\/12\/W_Kmiec_Wwa_Bema_91_klatka_piata_klamka-770x1024.jpg\" alt=\"\" class=\"wp-image-32755\" srcset=\"http:\/\/lapidarium.fundacja-hereditas.pl\/wp-content\/uploads\/2024\/12\/W_Kmiec_Wwa_Bema_91_klatka_piata_klamka-770x1024.jpg 770w, http:\/\/lapidarium.fundacja-hereditas.pl\/wp-content\/uploads\/2024\/12\/W_Kmiec_Wwa_Bema_91_klatka_piata_klamka-226x300.jpg 226w, http:\/\/lapidarium.fundacja-hereditas.pl\/wp-content\/uploads\/2024\/12\/W_Kmiec_Wwa_Bema_91_klatka_piata_klamka-768x1021.jpg 768w, http:\/\/lapidarium.fundacja-hereditas.pl\/wp-content\/uploads\/2024\/12\/W_Kmiec_Wwa_Bema_91_klatka_piata_klamka-1156x1536.jpg 1156w, http:\/\/lapidarium.fundacja-hereditas.pl\/wp-content\/uploads\/2024\/12\/W_Kmiec_Wwa_Bema_91_klatka_piata_klamka-1541x2048.jpg 1541w, http:\/\/lapidarium.fundacja-hereditas.pl\/wp-content\/uploads\/2024\/12\/W_Kmiec_Wwa_Bema_91_klatka_piata_klamka-150x199.jpg 150w, http:\/\/lapidarium.fundacja-hereditas.pl\/wp-content\/uploads\/2024\/12\/W_Kmiec_Wwa_Bema_91_klatka_piata_klamka-300x399.jpg 300w, http:\/\/lapidarium.fundacja-hereditas.pl\/wp-content\/uploads\/2024\/12\/W_Kmiec_Wwa_Bema_91_klatka_piata_klamka-696x925.jpg 696w, http:\/\/lapidarium.fundacja-hereditas.pl\/wp-content\/uploads\/2024\/12\/W_Kmiec_Wwa_Bema_91_klatka_piata_klamka-1068x1419.jpg 1068w, http:\/\/lapidarium.fundacja-hereditas.pl\/wp-content\/uploads\/2024\/12\/W_Kmiec_Wwa_Bema_91_klatka_piata_klamka-1920x2552.jpg 1920w, http:\/\/lapidarium.fundacja-hereditas.pl\/wp-content\/uploads\/2024\/12\/W_Kmiec_Wwa_Bema_91_klatka_piata_klamka-scaled.jpg 1926w\" sizes=\"auto, (max-width: 770px) 100vw, 770px\" \/><figcaption class=\"wp-element-caption\">Klatka kuchenna &#8211; oficyna p\u0142d. Drzwi do mieszkania. Fot. Wojciech Kmie\u0107, 2024 r., \u017ar\u00f3d\u0142o: \u201eStudeo et Conservo\u201d \u2013 (XIX edycja).<\/figcaption><\/figure>\n\n\n\n<figure class=\"wp-block-image size-large\"><img loading=\"lazy\" decoding=\"async\" width=\"1024\" height=\"763\" data-id=\"32756\" src=\"http:\/\/lapidarium.fundacja-hereditas.pl\/wp-content\/uploads\/2024\/12\/W_Kmiec_Wwa_Bema_91_klatka_piata_korytarz-1024x763.jpg\" alt=\"\" class=\"wp-image-32756\" srcset=\"http:\/\/lapidarium.fundacja-hereditas.pl\/wp-content\/uploads\/2024\/12\/W_Kmiec_Wwa_Bema_91_klatka_piata_korytarz-1024x763.jpg 1024w, http:\/\/lapidarium.fundacja-hereditas.pl\/wp-content\/uploads\/2024\/12\/W_Kmiec_Wwa_Bema_91_klatka_piata_korytarz-300x224.jpg 300w, http:\/\/lapidarium.fundacja-hereditas.pl\/wp-content\/uploads\/2024\/12\/W_Kmiec_Wwa_Bema_91_klatka_piata_korytarz-768x572.jpg 768w, http:\/\/lapidarium.fundacja-hereditas.pl\/wp-content\/uploads\/2024\/12\/W_Kmiec_Wwa_Bema_91_klatka_piata_korytarz-1536x1145.jpg 1536w, http:\/\/lapidarium.fundacja-hereditas.pl\/wp-content\/uploads\/2024\/12\/W_Kmiec_Wwa_Bema_91_klatka_piata_korytarz-2048x1526.jpg 2048w, http:\/\/lapidarium.fundacja-hereditas.pl\/wp-content\/uploads\/2024\/12\/W_Kmiec_Wwa_Bema_91_klatka_piata_korytarz-150x112.jpg 150w, http:\/\/lapidarium.fundacja-hereditas.pl\/wp-content\/uploads\/2024\/12\/W_Kmiec_Wwa_Bema_91_klatka_piata_korytarz-485x360.jpg 485w, http:\/\/lapidarium.fundacja-hereditas.pl\/wp-content\/uploads\/2024\/12\/W_Kmiec_Wwa_Bema_91_klatka_piata_korytarz-696x519.jpg 696w, http:\/\/lapidarium.fundacja-hereditas.pl\/wp-content\/uploads\/2024\/12\/W_Kmiec_Wwa_Bema_91_klatka_piata_korytarz-1068x796.jpg 1068w, http:\/\/lapidarium.fundacja-hereditas.pl\/wp-content\/uploads\/2024\/12\/W_Kmiec_Wwa_Bema_91_klatka_piata_korytarz-1920x1431.jpg 1920w\" sizes=\"auto, (max-width: 1024px) 100vw, 1024px\" \/><figcaption class=\"wp-element-caption\">Klatka kuchenna &#8211; oficyna p\u0142d. Pod\u0142oga korytarzyka. Fot. Wojciech Kmie\u0107, 2024 r., \u017ar\u00f3d\u0142o: \u201eStudeo et Conservo\u201d \u2013 (XIX edycja).<\/figcaption><\/figure>\n\n\n\n<figure class=\"wp-block-image size-large\"><img loading=\"lazy\" decoding=\"async\" width=\"776\" height=\"1024\" data-id=\"32757\" src=\"http:\/\/lapidarium.fundacja-hereditas.pl\/wp-content\/uploads\/2024\/12\/W_Kmiec_Wwa_Bema_91_klatka_piata_korytarz_2-776x1024.jpg\" alt=\"\" class=\"wp-image-32757\" srcset=\"http:\/\/lapidarium.fundacja-hereditas.pl\/wp-content\/uploads\/2024\/12\/W_Kmiec_Wwa_Bema_91_klatka_piata_korytarz_2-776x1024.jpg 776w, http:\/\/lapidarium.fundacja-hereditas.pl\/wp-content\/uploads\/2024\/12\/W_Kmiec_Wwa_Bema_91_klatka_piata_korytarz_2-227x300.jpg 227w, http:\/\/lapidarium.fundacja-hereditas.pl\/wp-content\/uploads\/2024\/12\/W_Kmiec_Wwa_Bema_91_klatka_piata_korytarz_2-768x1014.jpg 768w, http:\/\/lapidarium.fundacja-hereditas.pl\/wp-content\/uploads\/2024\/12\/W_Kmiec_Wwa_Bema_91_klatka_piata_korytarz_2-1164x1536.jpg 1164w, http:\/\/lapidarium.fundacja-hereditas.pl\/wp-content\/uploads\/2024\/12\/W_Kmiec_Wwa_Bema_91_klatka_piata_korytarz_2-1551x2048.jpg 1551w, http:\/\/lapidarium.fundacja-hereditas.pl\/wp-content\/uploads\/2024\/12\/W_Kmiec_Wwa_Bema_91_klatka_piata_korytarz_2-150x198.jpg 150w, http:\/\/lapidarium.fundacja-hereditas.pl\/wp-content\/uploads\/2024\/12\/W_Kmiec_Wwa_Bema_91_klatka_piata_korytarz_2-300x396.jpg 300w, http:\/\/lapidarium.fundacja-hereditas.pl\/wp-content\/uploads\/2024\/12\/W_Kmiec_Wwa_Bema_91_klatka_piata_korytarz_2-696x919.jpg 696w, http:\/\/lapidarium.fundacja-hereditas.pl\/wp-content\/uploads\/2024\/12\/W_Kmiec_Wwa_Bema_91_klatka_piata_korytarz_2-1068x1410.jpg 1068w, http:\/\/lapidarium.fundacja-hereditas.pl\/wp-content\/uploads\/2024\/12\/W_Kmiec_Wwa_Bema_91_klatka_piata_korytarz_2-1920x2535.jpg 1920w, http:\/\/lapidarium.fundacja-hereditas.pl\/wp-content\/uploads\/2024\/12\/W_Kmiec_Wwa_Bema_91_klatka_piata_korytarz_2-scaled.jpg 1939w\" sizes=\"auto, (max-width: 776px) 100vw, 776px\" \/><figcaption class=\"wp-element-caption\">Klatka kuchenna &#8211; oficyna p\u0142d. Korytarzyk. Fot. Wojciech Kmie\u0107, 2024 r., \u017ar\u00f3d\u0142o: \u201eStudeo et Conservo\u201d \u2013 (XIX edycja).<\/figcaption><\/figure>\n\n\n\n<figure class=\"wp-block-image size-large\"><img loading=\"lazy\" decoding=\"async\" width=\"769\" height=\"1024\" data-id=\"32758\" src=\"http:\/\/lapidarium.fundacja-hereditas.pl\/wp-content\/uploads\/2024\/12\/W_Kmiec_Wwa_Bema_91_klatka_piata_schody-769x1024.jpg\" alt=\"\" class=\"wp-image-32758\" srcset=\"http:\/\/lapidarium.fundacja-hereditas.pl\/wp-content\/uploads\/2024\/12\/W_Kmiec_Wwa_Bema_91_klatka_piata_schody-769x1024.jpg 769w, http:\/\/lapidarium.fundacja-hereditas.pl\/wp-content\/uploads\/2024\/12\/W_Kmiec_Wwa_Bema_91_klatka_piata_schody-225x300.jpg 225w, http:\/\/lapidarium.fundacja-hereditas.pl\/wp-content\/uploads\/2024\/12\/W_Kmiec_Wwa_Bema_91_klatka_piata_schody-768x1022.jpg 768w, http:\/\/lapidarium.fundacja-hereditas.pl\/wp-content\/uploads\/2024\/12\/W_Kmiec_Wwa_Bema_91_klatka_piata_schody-1154x1536.jpg 1154w, http:\/\/lapidarium.fundacja-hereditas.pl\/wp-content\/uploads\/2024\/12\/W_Kmiec_Wwa_Bema_91_klatka_piata_schody-1539x2048.jpg 1539w, http:\/\/lapidarium.fundacja-hereditas.pl\/wp-content\/uploads\/2024\/12\/W_Kmiec_Wwa_Bema_91_klatka_piata_schody-150x200.jpg 150w, http:\/\/lapidarium.fundacja-hereditas.pl\/wp-content\/uploads\/2024\/12\/W_Kmiec_Wwa_Bema_91_klatka_piata_schody-300x399.jpg 300w, http:\/\/lapidarium.fundacja-hereditas.pl\/wp-content\/uploads\/2024\/12\/W_Kmiec_Wwa_Bema_91_klatka_piata_schody-696x926.jpg 696w, http:\/\/lapidarium.fundacja-hereditas.pl\/wp-content\/uploads\/2024\/12\/W_Kmiec_Wwa_Bema_91_klatka_piata_schody-1068x1422.jpg 1068w, http:\/\/lapidarium.fundacja-hereditas.pl\/wp-content\/uploads\/2024\/12\/W_Kmiec_Wwa_Bema_91_klatka_piata_schody-1920x2556.jpg 1920w, http:\/\/lapidarium.fundacja-hereditas.pl\/wp-content\/uploads\/2024\/12\/W_Kmiec_Wwa_Bema_91_klatka_piata_schody-scaled.jpg 1923w\" sizes=\"auto, (max-width: 769px) 100vw, 769px\" \/><figcaption class=\"wp-element-caption\">Klatka kuchenna &#8211; oficyna p\u0142d. Policzki schod\u00f3w i balustrada. Fot. Wojciech Kmie\u0107, 2024 r., \u017ar\u00f3d\u0142o: \u201eStudeo et Conservo\u201d \u2013 (XIX edycja).<\/figcaption><\/figure>\n\n\n\n<figure class=\"wp-block-image size-large\"><img loading=\"lazy\" decoding=\"async\" width=\"769\" height=\"1024\" data-id=\"32759\" src=\"http:\/\/lapidarium.fundacja-hereditas.pl\/wp-content\/uploads\/2024\/12\/W_Kmiec_Wwa_Bema_91_klatka_piata_schody_2-769x1024.jpg\" alt=\"\" class=\"wp-image-32759\" srcset=\"http:\/\/lapidarium.fundacja-hereditas.pl\/wp-content\/uploads\/2024\/12\/W_Kmiec_Wwa_Bema_91_klatka_piata_schody_2-769x1024.jpg 769w, http:\/\/lapidarium.fundacja-hereditas.pl\/wp-content\/uploads\/2024\/12\/W_Kmiec_Wwa_Bema_91_klatka_piata_schody_2-225x300.jpg 225w, http:\/\/lapidarium.fundacja-hereditas.pl\/wp-content\/uploads\/2024\/12\/W_Kmiec_Wwa_Bema_91_klatka_piata_schody_2-768x1023.jpg 768w, http:\/\/lapidarium.fundacja-hereditas.pl\/wp-content\/uploads\/2024\/12\/W_Kmiec_Wwa_Bema_91_klatka_piata_schody_2-1153x1536.jpg 1153w, http:\/\/lapidarium.fundacja-hereditas.pl\/wp-content\/uploads\/2024\/12\/W_Kmiec_Wwa_Bema_91_klatka_piata_schody_2-1538x2048.jpg 1538w, http:\/\/lapidarium.fundacja-hereditas.pl\/wp-content\/uploads\/2024\/12\/W_Kmiec_Wwa_Bema_91_klatka_piata_schody_2-150x200.jpg 150w, http:\/\/lapidarium.fundacja-hereditas.pl\/wp-content\/uploads\/2024\/12\/W_Kmiec_Wwa_Bema_91_klatka_piata_schody_2-300x400.jpg 300w, http:\/\/lapidarium.fundacja-hereditas.pl\/wp-content\/uploads\/2024\/12\/W_Kmiec_Wwa_Bema_91_klatka_piata_schody_2-696x927.jpg 696w, http:\/\/lapidarium.fundacja-hereditas.pl\/wp-content\/uploads\/2024\/12\/W_Kmiec_Wwa_Bema_91_klatka_piata_schody_2-1068x1422.jpg 1068w, http:\/\/lapidarium.fundacja-hereditas.pl\/wp-content\/uploads\/2024\/12\/W_Kmiec_Wwa_Bema_91_klatka_piata_schody_2-1920x2557.jpg 1920w, http:\/\/lapidarium.fundacja-hereditas.pl\/wp-content\/uploads\/2024\/12\/W_Kmiec_Wwa_Bema_91_klatka_piata_schody_2-scaled.jpg 1922w\" sizes=\"auto, (max-width: 769px) 100vw, 769px\" \/><figcaption class=\"wp-element-caption\">Klatka kuchenna &#8211; oficyna p\u0142d. Schody. Fot. Wojciech Kmie\u0107, 2024 r., \u017ar\u00f3d\u0142o: \u201eStudeo et Conservo\u201d \u2013 (XIX edycja).<\/figcaption><\/figure>\n\n\n\n<figure class=\"wp-block-image size-large\"><img loading=\"lazy\" decoding=\"async\" width=\"831\" height=\"1024\" data-id=\"32760\" src=\"http:\/\/lapidarium.fundacja-hereditas.pl\/wp-content\/uploads\/2024\/12\/W_Kmiec_Wwa_Bema_91_klatka_piata_schody_4-831x1024.jpg\" alt=\"\" class=\"wp-image-32760\" srcset=\"http:\/\/lapidarium.fundacja-hereditas.pl\/wp-content\/uploads\/2024\/12\/W_Kmiec_Wwa_Bema_91_klatka_piata_schody_4-831x1024.jpg 831w, http:\/\/lapidarium.fundacja-hereditas.pl\/wp-content\/uploads\/2024\/12\/W_Kmiec_Wwa_Bema_91_klatka_piata_schody_4-244x300.jpg 244w, http:\/\/lapidarium.fundacja-hereditas.pl\/wp-content\/uploads\/2024\/12\/W_Kmiec_Wwa_Bema_91_klatka_piata_schody_4-768x946.jpg 768w, http:\/\/lapidarium.fundacja-hereditas.pl\/wp-content\/uploads\/2024\/12\/W_Kmiec_Wwa_Bema_91_klatka_piata_schody_4-1247x1536.jpg 1247w, http:\/\/lapidarium.fundacja-hereditas.pl\/wp-content\/uploads\/2024\/12\/W_Kmiec_Wwa_Bema_91_klatka_piata_schody_4-1663x2048.jpg 1663w, http:\/\/lapidarium.fundacja-hereditas.pl\/wp-content\/uploads\/2024\/12\/W_Kmiec_Wwa_Bema_91_klatka_piata_schody_4-150x185.jpg 150w, http:\/\/lapidarium.fundacja-hereditas.pl\/wp-content\/uploads\/2024\/12\/W_Kmiec_Wwa_Bema_91_klatka_piata_schody_4-300x369.jpg 300w, http:\/\/lapidarium.fundacja-hereditas.pl\/wp-content\/uploads\/2024\/12\/W_Kmiec_Wwa_Bema_91_klatka_piata_schody_4-324x400.jpg 324w, http:\/\/lapidarium.fundacja-hereditas.pl\/wp-content\/uploads\/2024\/12\/W_Kmiec_Wwa_Bema_91_klatka_piata_schody_4-696x857.jpg 696w, http:\/\/lapidarium.fundacja-hereditas.pl\/wp-content\/uploads\/2024\/12\/W_Kmiec_Wwa_Bema_91_klatka_piata_schody_4-1068x1315.jpg 1068w, http:\/\/lapidarium.fundacja-hereditas.pl\/wp-content\/uploads\/2024\/12\/W_Kmiec_Wwa_Bema_91_klatka_piata_schody_4-1920x2365.jpg 1920w\" sizes=\"auto, (max-width: 831px) 100vw, 831px\" \/><figcaption class=\"wp-element-caption\">Klatka kuchenna &#8211; oficyna p\u0142d. Balustrada. Fot. Wojciech Kmie\u0107, 2024 r., \u017ar\u00f3d\u0142o: \u201eStudeo et Conservo\u201d \u2013 (XIX edycja).<\/figcaption><\/figure>\n\n\n\n<figure class=\"wp-block-image size-large\"><img loading=\"lazy\" decoding=\"async\" width=\"771\" height=\"1024\" data-id=\"32761\" src=\"http:\/\/lapidarium.fundacja-hereditas.pl\/wp-content\/uploads\/2024\/12\/W_Kmiec_Wwa_Bema_91_klatka_piata_schody3-771x1024.jpg\" alt=\"\" class=\"wp-image-32761\" srcset=\"http:\/\/lapidarium.fundacja-hereditas.pl\/wp-content\/uploads\/2024\/12\/W_Kmiec_Wwa_Bema_91_klatka_piata_schody3-771x1024.jpg 771w, http:\/\/lapidarium.fundacja-hereditas.pl\/wp-content\/uploads\/2024\/12\/W_Kmiec_Wwa_Bema_91_klatka_piata_schody3-226x300.jpg 226w, http:\/\/lapidarium.fundacja-hereditas.pl\/wp-content\/uploads\/2024\/12\/W_Kmiec_Wwa_Bema_91_klatka_piata_schody3-768x1020.jpg 768w, http:\/\/lapidarium.fundacja-hereditas.pl\/wp-content\/uploads\/2024\/12\/W_Kmiec_Wwa_Bema_91_klatka_piata_schody3-1156x1536.jpg 1156w, http:\/\/lapidarium.fundacja-hereditas.pl\/wp-content\/uploads\/2024\/12\/W_Kmiec_Wwa_Bema_91_klatka_piata_schody3-1541x2048.jpg 1541w, http:\/\/lapidarium.fundacja-hereditas.pl\/wp-content\/uploads\/2024\/12\/W_Kmiec_Wwa_Bema_91_klatka_piata_schody3-150x199.jpg 150w, http:\/\/lapidarium.fundacja-hereditas.pl\/wp-content\/uploads\/2024\/12\/W_Kmiec_Wwa_Bema_91_klatka_piata_schody3-300x399.jpg 300w, http:\/\/lapidarium.fundacja-hereditas.pl\/wp-content\/uploads\/2024\/12\/W_Kmiec_Wwa_Bema_91_klatka_piata_schody3-696x925.jpg 696w, http:\/\/lapidarium.fundacja-hereditas.pl\/wp-content\/uploads\/2024\/12\/W_Kmiec_Wwa_Bema_91_klatka_piata_schody3-1068x1419.jpg 1068w, http:\/\/lapidarium.fundacja-hereditas.pl\/wp-content\/uploads\/2024\/12\/W_Kmiec_Wwa_Bema_91_klatka_piata_schody3-1920x2551.jpg 1920w, http:\/\/lapidarium.fundacja-hereditas.pl\/wp-content\/uploads\/2024\/12\/W_Kmiec_Wwa_Bema_91_klatka_piata_schody3-scaled.jpg 1927w\" sizes=\"auto, (max-width: 771px) 100vw, 771px\" \/><figcaption class=\"wp-element-caption\">Klatka kuchenna &#8211; dom frontowy. Balustrada. Fot. Wojciech Kmie\u0107, 2024 r., \u017ar\u00f3d\u0142o: \u201eStudeo et Conservo\u201d \u2013 (XIX edycja).<\/figcaption><\/figure>\n\n\n\n<figure class=\"wp-block-image size-large\"><img loading=\"lazy\" decoding=\"async\" width=\"772\" height=\"1024\" data-id=\"32764\" src=\"http:\/\/lapidarium.fundacja-hereditas.pl\/wp-content\/uploads\/2024\/12\/W_Kmiec_Wwa_Bema_91_klatka_pierwsza_schody-772x1024.jpg\" alt=\"\" class=\"wp-image-32764\" srcset=\"http:\/\/lapidarium.fundacja-hereditas.pl\/wp-content\/uploads\/2024\/12\/W_Kmiec_Wwa_Bema_91_klatka_pierwsza_schody-772x1024.jpg 772w, http:\/\/lapidarium.fundacja-hereditas.pl\/wp-content\/uploads\/2024\/12\/W_Kmiec_Wwa_Bema_91_klatka_pierwsza_schody-226x300.jpg 226w, http:\/\/lapidarium.fundacja-hereditas.pl\/wp-content\/uploads\/2024\/12\/W_Kmiec_Wwa_Bema_91_klatka_pierwsza_schody-768x1019.jpg 768w, http:\/\/lapidarium.fundacja-hereditas.pl\/wp-content\/uploads\/2024\/12\/W_Kmiec_Wwa_Bema_91_klatka_pierwsza_schody-1157x1536.jpg 1157w, http:\/\/lapidarium.fundacja-hereditas.pl\/wp-content\/uploads\/2024\/12\/W_Kmiec_Wwa_Bema_91_klatka_pierwsza_schody-1543x2048.jpg 1543w, http:\/\/lapidarium.fundacja-hereditas.pl\/wp-content\/uploads\/2024\/12\/W_Kmiec_Wwa_Bema_91_klatka_pierwsza_schody-150x199.jpg 150w, http:\/\/lapidarium.fundacja-hereditas.pl\/wp-content\/uploads\/2024\/12\/W_Kmiec_Wwa_Bema_91_klatka_pierwsza_schody-300x398.jpg 300w, http:\/\/lapidarium.fundacja-hereditas.pl\/wp-content\/uploads\/2024\/12\/W_Kmiec_Wwa_Bema_91_klatka_pierwsza_schody-696x924.jpg 696w, http:\/\/lapidarium.fundacja-hereditas.pl\/wp-content\/uploads\/2024\/12\/W_Kmiec_Wwa_Bema_91_klatka_pierwsza_schody-1068x1418.jpg 1068w, http:\/\/lapidarium.fundacja-hereditas.pl\/wp-content\/uploads\/2024\/12\/W_Kmiec_Wwa_Bema_91_klatka_pierwsza_schody-1920x2548.jpg 1920w, http:\/\/lapidarium.fundacja-hereditas.pl\/wp-content\/uploads\/2024\/12\/W_Kmiec_Wwa_Bema_91_klatka_pierwsza_schody-scaled.jpg 1929w\" sizes=\"auto, (max-width: 772px) 100vw, 772px\" \/><figcaption class=\"wp-element-caption\">Klatka g\u0142\u00f3wna &#8211; dom frontowy. Parter. Fot. Wojciech Kmie\u0107, 2024 r., \u017ar\u00f3d\u0142o: \u201eStudeo et Conservo\u201d \u2013 (XIX edycja).<\/figcaption><\/figure>\n\n\n\n<figure class=\"wp-block-image size-large\"><img loading=\"lazy\" decoding=\"async\" width=\"784\" height=\"1024\" data-id=\"32765\" src=\"http:\/\/lapidarium.fundacja-hereditas.pl\/wp-content\/uploads\/2024\/12\/W_Kmiec_Wwa_Bema_91_klatka_pierwsza_schody_2-784x1024.jpg\" alt=\"\" class=\"wp-image-32765\" srcset=\"http:\/\/lapidarium.fundacja-hereditas.pl\/wp-content\/uploads\/2024\/12\/W_Kmiec_Wwa_Bema_91_klatka_pierwsza_schody_2-784x1024.jpg 784w, http:\/\/lapidarium.fundacja-hereditas.pl\/wp-content\/uploads\/2024\/12\/W_Kmiec_Wwa_Bema_91_klatka_pierwsza_schody_2-230x300.jpg 230w, http:\/\/lapidarium.fundacja-hereditas.pl\/wp-content\/uploads\/2024\/12\/W_Kmiec_Wwa_Bema_91_klatka_pierwsza_schody_2-768x1003.jpg 768w, http:\/\/lapidarium.fundacja-hereditas.pl\/wp-content\/uploads\/2024\/12\/W_Kmiec_Wwa_Bema_91_klatka_pierwsza_schody_2-1177x1536.jpg 1177w, http:\/\/lapidarium.fundacja-hereditas.pl\/wp-content\/uploads\/2024\/12\/W_Kmiec_Wwa_Bema_91_klatka_pierwsza_schody_2-1569x2048.jpg 1569w, http:\/\/lapidarium.fundacja-hereditas.pl\/wp-content\/uploads\/2024\/12\/W_Kmiec_Wwa_Bema_91_klatka_pierwsza_schody_2-150x196.jpg 150w, http:\/\/lapidarium.fundacja-hereditas.pl\/wp-content\/uploads\/2024\/12\/W_Kmiec_Wwa_Bema_91_klatka_pierwsza_schody_2-300x392.jpg 300w, http:\/\/lapidarium.fundacja-hereditas.pl\/wp-content\/uploads\/2024\/12\/W_Kmiec_Wwa_Bema_91_klatka_pierwsza_schody_2-696x909.jpg 696w, http:\/\/lapidarium.fundacja-hereditas.pl\/wp-content\/uploads\/2024\/12\/W_Kmiec_Wwa_Bema_91_klatka_pierwsza_schody_2-1068x1394.jpg 1068w, http:\/\/lapidarium.fundacja-hereditas.pl\/wp-content\/uploads\/2024\/12\/W_Kmiec_Wwa_Bema_91_klatka_pierwsza_schody_2-1920x2507.jpg 1920w, http:\/\/lapidarium.fundacja-hereditas.pl\/wp-content\/uploads\/2024\/12\/W_Kmiec_Wwa_Bema_91_klatka_pierwsza_schody_2-scaled.jpg 1961w\" sizes=\"auto, (max-width: 784px) 100vw, 784px\" \/><figcaption class=\"wp-element-caption\">Klatka g\u0142\u00f3wna &#8211; dom frontowy. Segment balustrady. Fot. Wojciech Kmie\u0107, 2024 r., \u017ar\u00f3d\u0142o: \u201eStudeo et Conservo\u201d \u2013 (XIX edycja).<\/figcaption><\/figure>\n\n\n\n<figure class=\"wp-block-image size-large\"><img loading=\"lazy\" decoding=\"async\" width=\"1024\" height=\"764\" data-id=\"32763\" src=\"http:\/\/lapidarium.fundacja-hereditas.pl\/wp-content\/uploads\/2024\/12\/W_Kmiec_Wwa_Bema_91_klatka_pierwsza_posadzka-1024x764.jpg\" alt=\"\" class=\"wp-image-32763\" srcset=\"http:\/\/lapidarium.fundacja-hereditas.pl\/wp-content\/uploads\/2024\/12\/W_Kmiec_Wwa_Bema_91_klatka_pierwsza_posadzka-1024x764.jpg 1024w, http:\/\/lapidarium.fundacja-hereditas.pl\/wp-content\/uploads\/2024\/12\/W_Kmiec_Wwa_Bema_91_klatka_pierwsza_posadzka-300x224.jpg 300w, http:\/\/lapidarium.fundacja-hereditas.pl\/wp-content\/uploads\/2024\/12\/W_Kmiec_Wwa_Bema_91_klatka_pierwsza_posadzka-768x573.jpg 768w, http:\/\/lapidarium.fundacja-hereditas.pl\/wp-content\/uploads\/2024\/12\/W_Kmiec_Wwa_Bema_91_klatka_pierwsza_posadzka-1536x1146.jpg 1536w, http:\/\/lapidarium.fundacja-hereditas.pl\/wp-content\/uploads\/2024\/12\/W_Kmiec_Wwa_Bema_91_klatka_pierwsza_posadzka-2048x1528.jpg 2048w, http:\/\/lapidarium.fundacja-hereditas.pl\/wp-content\/uploads\/2024\/12\/W_Kmiec_Wwa_Bema_91_klatka_pierwsza_posadzka-150x112.jpg 150w, http:\/\/lapidarium.fundacja-hereditas.pl\/wp-content\/uploads\/2024\/12\/W_Kmiec_Wwa_Bema_91_klatka_pierwsza_posadzka-696x519.jpg 696w, http:\/\/lapidarium.fundacja-hereditas.pl\/wp-content\/uploads\/2024\/12\/W_Kmiec_Wwa_Bema_91_klatka_pierwsza_posadzka-1068x797.jpg 1068w, http:\/\/lapidarium.fundacja-hereditas.pl\/wp-content\/uploads\/2024\/12\/W_Kmiec_Wwa_Bema_91_klatka_pierwsza_posadzka-1920x1432.jpg 1920w\" sizes=\"auto, (max-width: 1024px) 100vw, 1024px\" \/><figcaption class=\"wp-element-caption\">Klatka g\u0142\u00f3wna &#8211; dom frontowy. Posadzka. Fot. Wojciech Kmie\u0107, 2024 r., \u017ar\u00f3d\u0142o: \u201eStudeo et Conservo\u201d \u2013 (XIX edycja).<\/figcaption><\/figure>\n\n\n\n<figure class=\"wp-block-image size-large\"><img loading=\"lazy\" decoding=\"async\" width=\"734\" height=\"1024\" data-id=\"32762\" src=\"http:\/\/lapidarium.fundacja-hereditas.pl\/wp-content\/uploads\/2024\/12\/W_Kmiec_Wwa_Bema_91_klatka_pierwsza_drzwi-734x1024.jpg\" alt=\"\" class=\"wp-image-32762\" srcset=\"http:\/\/lapidarium.fundacja-hereditas.pl\/wp-content\/uploads\/2024\/12\/W_Kmiec_Wwa_Bema_91_klatka_pierwsza_drzwi-734x1024.jpg 734w, http:\/\/lapidarium.fundacja-hereditas.pl\/wp-content\/uploads\/2024\/12\/W_Kmiec_Wwa_Bema_91_klatka_pierwsza_drzwi-215x300.jpg 215w, http:\/\/lapidarium.fundacja-hereditas.pl\/wp-content\/uploads\/2024\/12\/W_Kmiec_Wwa_Bema_91_klatka_pierwsza_drzwi-768x1071.jpg 768w, http:\/\/lapidarium.fundacja-hereditas.pl\/wp-content\/uploads\/2024\/12\/W_Kmiec_Wwa_Bema_91_klatka_pierwsza_drzwi-1101x1536.jpg 1101w, http:\/\/lapidarium.fundacja-hereditas.pl\/wp-content\/uploads\/2024\/12\/W_Kmiec_Wwa_Bema_91_klatka_pierwsza_drzwi-1468x2048.jpg 1468w, http:\/\/lapidarium.fundacja-hereditas.pl\/wp-content\/uploads\/2024\/12\/W_Kmiec_Wwa_Bema_91_klatka_pierwsza_drzwi-150x209.jpg 150w, http:\/\/lapidarium.fundacja-hereditas.pl\/wp-content\/uploads\/2024\/12\/W_Kmiec_Wwa_Bema_91_klatka_pierwsza_drzwi-300x418.jpg 300w, http:\/\/lapidarium.fundacja-hereditas.pl\/wp-content\/uploads\/2024\/12\/W_Kmiec_Wwa_Bema_91_klatka_pierwsza_drzwi-696x971.jpg 696w, http:\/\/lapidarium.fundacja-hereditas.pl\/wp-content\/uploads\/2024\/12\/W_Kmiec_Wwa_Bema_91_klatka_pierwsza_drzwi-1068x1490.jpg 1068w, http:\/\/lapidarium.fundacja-hereditas.pl\/wp-content\/uploads\/2024\/12\/W_Kmiec_Wwa_Bema_91_klatka_pierwsza_drzwi-1920x2678.jpg 1920w, http:\/\/lapidarium.fundacja-hereditas.pl\/wp-content\/uploads\/2024\/12\/W_Kmiec_Wwa_Bema_91_klatka_pierwsza_drzwi-scaled.jpg 1835w\" sizes=\"auto, (max-width: 734px) 100vw, 734px\" \/><figcaption class=\"wp-element-caption\">Klatka g\u0142\u00f3wna &#8211; dom frontowy. Drzwi do mieszkania. Fot. Wojciech Kmie\u0107, 2024 r., \u017ar\u00f3d\u0142o: \u201eStudeo et Conservo\u201d \u2013 (XIX edycja).<\/figcaption><\/figure>\n\n\n\n<figure class=\"wp-block-image size-large\"><img loading=\"lazy\" decoding=\"async\" width=\"1024\" height=\"691\" data-id=\"32770\" src=\"http:\/\/lapidarium.fundacja-hereditas.pl\/wp-content\/uploads\/2024\/12\/W_Kmiec_Wwa_Bema_91_slepa_sciana_boczna_7a-1024x691.jpg\" alt=\"\" class=\"wp-image-32770\" srcset=\"http:\/\/lapidarium.fundacja-hereditas.pl\/wp-content\/uploads\/2024\/12\/W_Kmiec_Wwa_Bema_91_slepa_sciana_boczna_7a-1024x691.jpg 1024w, http:\/\/lapidarium.fundacja-hereditas.pl\/wp-content\/uploads\/2024\/12\/W_Kmiec_Wwa_Bema_91_slepa_sciana_boczna_7a-300x203.jpg 300w, http:\/\/lapidarium.fundacja-hereditas.pl\/wp-content\/uploads\/2024\/12\/W_Kmiec_Wwa_Bema_91_slepa_sciana_boczna_7a-768x519.jpg 768w, http:\/\/lapidarium.fundacja-hereditas.pl\/wp-content\/uploads\/2024\/12\/W_Kmiec_Wwa_Bema_91_slepa_sciana_boczna_7a-1536x1037.jpg 1536w, http:\/\/lapidarium.fundacja-hereditas.pl\/wp-content\/uploads\/2024\/12\/W_Kmiec_Wwa_Bema_91_slepa_sciana_boczna_7a-2048x1383.jpg 2048w, http:\/\/lapidarium.fundacja-hereditas.pl\/wp-content\/uploads\/2024\/12\/W_Kmiec_Wwa_Bema_91_slepa_sciana_boczna_7a-150x101.jpg 150w, http:\/\/lapidarium.fundacja-hereditas.pl\/wp-content\/uploads\/2024\/12\/W_Kmiec_Wwa_Bema_91_slepa_sciana_boczna_7a-696x470.jpg 696w, http:\/\/lapidarium.fundacja-hereditas.pl\/wp-content\/uploads\/2024\/12\/W_Kmiec_Wwa_Bema_91_slepa_sciana_boczna_7a-1068x721.jpg 1068w, http:\/\/lapidarium.fundacja-hereditas.pl\/wp-content\/uploads\/2024\/12\/W_Kmiec_Wwa_Bema_91_slepa_sciana_boczna_7a-1920x1297.jpg 1920w\" sizes=\"auto, (max-width: 1024px) 100vw, 1024px\" \/><figcaption class=\"wp-element-caption\">Elewacja p\u00f3\u0142nocna &#8211; widok og\u00f3lny. Fot. Wojciech Kmie\u0107, 2024 r., \u017ar\u00f3d\u0142o: \u201eStudeo et Conservo\u201d \u2013 (XIX edycja).<\/figcaption><\/figure>\n<\/figure>\n","protected":false},"excerpt":{"rendered":"<p>Kompleks mieszkalno-magazynowy zrealizowany dla holenderskiej firmy Solvay za\u0142o\u017conej w 1863 r. Obecnie ten \u015bwiatowy koncern, zatrudniaj\u0105cy bez ma\u0142a 30\u00a0tys. os\u00f3b, o wszechstronnym profilu dzia\u0142alno\u015bci, w czasie kiedy zajmowa\u0142 prezentowany tu obiekt, trudni\u0142 si\u0119 g\u0142\u00f3wnie wyrobem i sprzeda\u017c\u0105 sody (w tym amoniakalnej), a tak\u017ce pozyskiwaniem w\u0119glanu sodu wed\u0142ug w\u0142asnej autorskiej metody. Oddzia\u0142 w Polsce zorganizowano w [&hellip;]<\/p>\n","protected":false},"author":6,"featured_media":32736,"comment_status":"open","ping_status":"open","sticky":false,"template":"","format":"standard","meta":{"footnotes":""},"categories":[251,4],"tags":[],"class_list":{"0":"post-32735","1":"post","2":"type-post","3":"status-publish","4":"format-standard","5":"has-post-thumbnail","7":"category-bema","8":"category-warszawa"},"_links":{"self":[{"href":"http:\/\/lapidarium.fundacja-hereditas.pl\/index.php\/wp-json\/wp\/v2\/posts\/32735","targetHints":{"allow":["GET"]}}],"collection":[{"href":"http:\/\/lapidarium.fundacja-hereditas.pl\/index.php\/wp-json\/wp\/v2\/posts"}],"about":[{"href":"http:\/\/lapidarium.fundacja-hereditas.pl\/index.php\/wp-json\/wp\/v2\/types\/post"}],"author":[{"embeddable":true,"href":"http:\/\/lapidarium.fundacja-hereditas.pl\/index.php\/wp-json\/wp\/v2\/users\/6"}],"replies":[{"embeddable":true,"href":"http:\/\/lapidarium.fundacja-hereditas.pl\/index.php\/wp-json\/wp\/v2\/comments?post=32735"}],"version-history":[{"count":9,"href":"http:\/\/lapidarium.fundacja-hereditas.pl\/index.php\/wp-json\/wp\/v2\/posts\/32735\/revisions"}],"predecessor-version":[{"id":33813,"href":"http:\/\/lapidarium.fundacja-hereditas.pl\/index.php\/wp-json\/wp\/v2\/posts\/32735\/revisions\/33813"}],"wp:featuredmedia":[{"embeddable":true,"href":"http:\/\/lapidarium.fundacja-hereditas.pl\/index.php\/wp-json\/wp\/v2\/media\/32736"}],"wp:attachment":[{"href":"http:\/\/lapidarium.fundacja-hereditas.pl\/index.php\/wp-json\/wp\/v2\/media?parent=32735"}],"wp:term":[{"taxonomy":"category","embeddable":true,"href":"http:\/\/lapidarium.fundacja-hereditas.pl\/index.php\/wp-json\/wp\/v2\/categories?post=32735"},{"taxonomy":"post_tag","embeddable":true,"href":"http:\/\/lapidarium.fundacja-hereditas.pl\/index.php\/wp-json\/wp\/v2\/tags?post=32735"}],"curies":[{"name":"wp","href":"https:\/\/api.w.org\/{rel}","templated":true}]}}