{"id":32620,"date":"2024-12-31T22:36:09","date_gmt":"2024-12-31T21:36:09","guid":{"rendered":"http:\/\/lapidarium.fundacja-hereditas.pl\/?p=32620"},"modified":"2025-02-09T19:57:44","modified_gmt":"2025-02-09T18:57:44","slug":"kamienica-ul-plocka-11-warszawa","status":"publish","type":"post","link":"http:\/\/lapidarium.fundacja-hereditas.pl\/index.php\/2024\/12\/31\/kamienica-ul-plocka-11-warszawa\/","title":{"rendered":"Kamienica ul. P\u0142ocka 11, Warszawa"},"content":{"rendered":"\n<p>Kameralna pi\u0119trowa kamienica o rozcz\u0142onkowanej bryle, zwr\u00f3cona elewacj\u0105 boczn\u0105 do ulicy. Kszta\u0142tem swym przypomina raczej will\u0119 z Konstancina czy Milan\u00f3wka, a nie dom uprzemys\u0142owionej pod\u00f3wczas Woli. Budynek powsta\u0142 w pocz\u0105tkach lat 20. XX w. dla przemys\u0142owca Emiliana Kowalskiego, na do\u015b\u0107 obszernej dzia\u0142ce, kt\u00f3rej tyln\u0105 cz\u0119\u015b\u0107 zajmowa\u0142a garbarnia. Teren zak\u0142adu i cz\u0119\u015b\u0107 mieszkalna\u00a0 by\u0142y rozdzielone. Od p\u00f3\u0142nocy zaprojektowano ogr\u00f3d \u2013 st\u0105d na parterze willi taras nakryty obszernym p\u00f3\u0142kolistym balkonem wspartym na kolumnach. Po II wojnie will\u0119 przemys\u0142owca pa\u0144stwo polskie zasiedli\u0142o lokatorami komunalnymi, z kt\u00f3rych ostatni mieszkaj\u0105 tu po dzi\u015b dzie\u0144 (lato\/jesie\u0144 2024 r.). W okresie PRL-u opr\u00f3cz funkcji mieszkaniowych budynek pe\u0142ni\u0142 funkcje biurowe. Ciekawostk\u0105 jest, \u017ce podczas inwentaryzacji w ramach niniejszego projektu w mieszkaniach na poddaszu natkni\u0119to si\u0119 na ocieplenie poddachowe w postaci \u015bcink\u00f3w sk\u00f3rek \u2013 odpad\u00f3w poprodukcyjnych pochodz\u0105cych zapewne ze zlokalizowanej po s\u0105siedzku garbarni. Wydane w 1939 r. pozwolenie wskazuje, \u017ce na tej w\u0142a\u015bnie posesji (P\u0142ocka 11) mia\u0142 by\u0107 wzniesiony trzypi\u0119trowy dom, kt\u00f3rego inwestorem mia\u0142a by\u0107 \u017cona w\u0142a\u015bciciela \u2013 J\u00f3zefa Kowalska. Projektantem mia\u0142 by\u0107 in\u017c.-arch. M. Che\u0142mi\u0144ski. Inwestycja nie dosz\u0142a jednak do skutku, zapewne w wyniku komplikacji, jakie przyni\u00f3s\u0142 wybuch II wojny \u015bwiatowej. Budynki garbarni przetrwa\u0142y d\u0142ugo. Cz\u0119\u015b\u0107 p\u00f3\u0142nocn\u0105 rozebrano w ostatnim pi\u0119cioleciu XX w., a cz\u0119\u015b\u0107 po\u0142udniow\u0105 pomi\u0119dzy 2001 a 2003 r.<\/p>\n\n\n\n<p>::: W\u0142\u0105czono do bazy w ramach projektu: &#8222;Studeo et Conservo 2024&#8221; &#8211; (XIX edycja), dofinansowanego przez Miasto Sto\u0142eczne Warszawa.<\/p>\n\n\n\n<figure class=\"wp-block-gallery has-nested-images columns-default is-cropped wp-block-gallery-1 is-layout-flex wp-block-gallery-is-layout-flex\">\n<figure class=\"wp-block-image size-large\"><img loading=\"lazy\" decoding=\"async\" width=\"683\" height=\"1024\" data-id=\"32630\" src=\"http:\/\/lapidarium.fundacja-hereditas.pl\/wp-content\/uploads\/2024\/12\/A_Stefaniak_Wwa_Plocka_11_elewacja_polnocna_balkon-683x1024.jpg\" alt=\"\" class=\"wp-image-32630\" srcset=\"http:\/\/lapidarium.fundacja-hereditas.pl\/wp-content\/uploads\/2024\/12\/A_Stefaniak_Wwa_Plocka_11_elewacja_polnocna_balkon-683x1024.jpg 683w, http:\/\/lapidarium.fundacja-hereditas.pl\/wp-content\/uploads\/2024\/12\/A_Stefaniak_Wwa_Plocka_11_elewacja_polnocna_balkon-200x300.jpg 200w, http:\/\/lapidarium.fundacja-hereditas.pl\/wp-content\/uploads\/2024\/12\/A_Stefaniak_Wwa_Plocka_11_elewacja_polnocna_balkon-768x1151.jpg 768w, http:\/\/lapidarium.fundacja-hereditas.pl\/wp-content\/uploads\/2024\/12\/A_Stefaniak_Wwa_Plocka_11_elewacja_polnocna_balkon-1025x1536.jpg 1025w, http:\/\/lapidarium.fundacja-hereditas.pl\/wp-content\/uploads\/2024\/12\/A_Stefaniak_Wwa_Plocka_11_elewacja_polnocna_balkon-1367x2048.jpg 1367w, http:\/\/lapidarium.fundacja-hereditas.pl\/wp-content\/uploads\/2024\/12\/A_Stefaniak_Wwa_Plocka_11_elewacja_polnocna_balkon-150x225.jpg 150w, http:\/\/lapidarium.fundacja-hereditas.pl\/wp-content\/uploads\/2024\/12\/A_Stefaniak_Wwa_Plocka_11_elewacja_polnocna_balkon-300x450.jpg 300w, http:\/\/lapidarium.fundacja-hereditas.pl\/wp-content\/uploads\/2024\/12\/A_Stefaniak_Wwa_Plocka_11_elewacja_polnocna_balkon-696x1043.jpg 696w, http:\/\/lapidarium.fundacja-hereditas.pl\/wp-content\/uploads\/2024\/12\/A_Stefaniak_Wwa_Plocka_11_elewacja_polnocna_balkon-1068x1601.jpg 1068w, http:\/\/lapidarium.fundacja-hereditas.pl\/wp-content\/uploads\/2024\/12\/A_Stefaniak_Wwa_Plocka_11_elewacja_polnocna_balkon-1920x2877.jpg 1920w, http:\/\/lapidarium.fundacja-hereditas.pl\/wp-content\/uploads\/2024\/12\/A_Stefaniak_Wwa_Plocka_11_elewacja_polnocna_balkon-scaled.jpg 1708w\" sizes=\"auto, (max-width: 683px) 100vw, 683px\" \/><figcaption class=\"wp-element-caption\">Elewacja p\u00f3\u0142nocna. Fot. Aleksandra Stefaniak, 2024 r., \u017ar\u00f3d\u0142o: \u201eStudeo et Conservo\u201d \u2013 (XIX edycja).<\/figcaption><\/figure>\n\n\n\n<figure class=\"wp-block-image size-large\"><img loading=\"lazy\" decoding=\"async\" width=\"683\" height=\"1024\" data-id=\"32627\" src=\"http:\/\/lapidarium.fundacja-hereditas.pl\/wp-content\/uploads\/2024\/12\/A_Stefaniak_Wwa_Plocka_11_elewacja_poludniowa_Ipietro_ryzalit_detal-683x1024.jpg\" alt=\"\" class=\"wp-image-32627\" srcset=\"http:\/\/lapidarium.fundacja-hereditas.pl\/wp-content\/uploads\/2024\/12\/A_Stefaniak_Wwa_Plocka_11_elewacja_poludniowa_Ipietro_ryzalit_detal-683x1024.jpg 683w, http:\/\/lapidarium.fundacja-hereditas.pl\/wp-content\/uploads\/2024\/12\/A_Stefaniak_Wwa_Plocka_11_elewacja_poludniowa_Ipietro_ryzalit_detal-200x300.jpg 200w, http:\/\/lapidarium.fundacja-hereditas.pl\/wp-content\/uploads\/2024\/12\/A_Stefaniak_Wwa_Plocka_11_elewacja_poludniowa_Ipietro_ryzalit_detal-768x1151.jpg 768w, http:\/\/lapidarium.fundacja-hereditas.pl\/wp-content\/uploads\/2024\/12\/A_Stefaniak_Wwa_Plocka_11_elewacja_poludniowa_Ipietro_ryzalit_detal-1025x1536.jpg 1025w, http:\/\/lapidarium.fundacja-hereditas.pl\/wp-content\/uploads\/2024\/12\/A_Stefaniak_Wwa_Plocka_11_elewacja_poludniowa_Ipietro_ryzalit_detal-1367x2048.jpg 1367w, http:\/\/lapidarium.fundacja-hereditas.pl\/wp-content\/uploads\/2024\/12\/A_Stefaniak_Wwa_Plocka_11_elewacja_poludniowa_Ipietro_ryzalit_detal-150x225.jpg 150w, http:\/\/lapidarium.fundacja-hereditas.pl\/wp-content\/uploads\/2024\/12\/A_Stefaniak_Wwa_Plocka_11_elewacja_poludniowa_Ipietro_ryzalit_detal-300x450.jpg 300w, http:\/\/lapidarium.fundacja-hereditas.pl\/wp-content\/uploads\/2024\/12\/A_Stefaniak_Wwa_Plocka_11_elewacja_poludniowa_Ipietro_ryzalit_detal-696x1043.jpg 696w, http:\/\/lapidarium.fundacja-hereditas.pl\/wp-content\/uploads\/2024\/12\/A_Stefaniak_Wwa_Plocka_11_elewacja_poludniowa_Ipietro_ryzalit_detal-1068x1601.jpg 1068w, http:\/\/lapidarium.fundacja-hereditas.pl\/wp-content\/uploads\/2024\/12\/A_Stefaniak_Wwa_Plocka_11_elewacja_poludniowa_Ipietro_ryzalit_detal-1920x2877.jpg 1920w, http:\/\/lapidarium.fundacja-hereditas.pl\/wp-content\/uploads\/2024\/12\/A_Stefaniak_Wwa_Plocka_11_elewacja_poludniowa_Ipietro_ryzalit_detal-scaled.jpg 1708w\" sizes=\"auto, (max-width: 683px) 100vw, 683px\" \/><figcaption class=\"wp-element-caption\">Elewacja po\u0142udniowa. Fot. Aleksandra Stefaniak, 2024 r., \u017ar\u00f3d\u0142o: \u201eStudeo et Conservo\u201d \u2013 (XIX edycja).<\/figcaption><\/figure>\n\n\n\n<figure class=\"wp-block-image size-large\"><img loading=\"lazy\" decoding=\"async\" width=\"683\" height=\"1024\" data-id=\"32626\" src=\"http:\/\/lapidarium.fundacja-hereditas.pl\/wp-content\/uploads\/2024\/12\/A_Stefaniak_Wwa_Plocka_11_elewacja_poludniowa_Ipietro_balkon_wspornik-683x1024.jpg\" alt=\"\" class=\"wp-image-32626\" srcset=\"http:\/\/lapidarium.fundacja-hereditas.pl\/wp-content\/uploads\/2024\/12\/A_Stefaniak_Wwa_Plocka_11_elewacja_poludniowa_Ipietro_balkon_wspornik-683x1024.jpg 683w, http:\/\/lapidarium.fundacja-hereditas.pl\/wp-content\/uploads\/2024\/12\/A_Stefaniak_Wwa_Plocka_11_elewacja_poludniowa_Ipietro_balkon_wspornik-200x300.jpg 200w, http:\/\/lapidarium.fundacja-hereditas.pl\/wp-content\/uploads\/2024\/12\/A_Stefaniak_Wwa_Plocka_11_elewacja_poludniowa_Ipietro_balkon_wspornik-768x1151.jpg 768w, http:\/\/lapidarium.fundacja-hereditas.pl\/wp-content\/uploads\/2024\/12\/A_Stefaniak_Wwa_Plocka_11_elewacja_poludniowa_Ipietro_balkon_wspornik-1025x1536.jpg 1025w, http:\/\/lapidarium.fundacja-hereditas.pl\/wp-content\/uploads\/2024\/12\/A_Stefaniak_Wwa_Plocka_11_elewacja_poludniowa_Ipietro_balkon_wspornik-1367x2048.jpg 1367w, http:\/\/lapidarium.fundacja-hereditas.pl\/wp-content\/uploads\/2024\/12\/A_Stefaniak_Wwa_Plocka_11_elewacja_poludniowa_Ipietro_balkon_wspornik-150x225.jpg 150w, http:\/\/lapidarium.fundacja-hereditas.pl\/wp-content\/uploads\/2024\/12\/A_Stefaniak_Wwa_Plocka_11_elewacja_poludniowa_Ipietro_balkon_wspornik-300x450.jpg 300w, http:\/\/lapidarium.fundacja-hereditas.pl\/wp-content\/uploads\/2024\/12\/A_Stefaniak_Wwa_Plocka_11_elewacja_poludniowa_Ipietro_balkon_wspornik-696x1043.jpg 696w, http:\/\/lapidarium.fundacja-hereditas.pl\/wp-content\/uploads\/2024\/12\/A_Stefaniak_Wwa_Plocka_11_elewacja_poludniowa_Ipietro_balkon_wspornik-1068x1601.jpg 1068w, http:\/\/lapidarium.fundacja-hereditas.pl\/wp-content\/uploads\/2024\/12\/A_Stefaniak_Wwa_Plocka_11_elewacja_poludniowa_Ipietro_balkon_wspornik-1920x2877.jpg 1920w, http:\/\/lapidarium.fundacja-hereditas.pl\/wp-content\/uploads\/2024\/12\/A_Stefaniak_Wwa_Plocka_11_elewacja_poludniowa_Ipietro_balkon_wspornik-scaled.jpg 1708w\" sizes=\"auto, (max-width: 683px) 100vw, 683px\" \/><figcaption class=\"wp-element-caption\">Elewacja po\u0142udniowa. Fot. Aleksandra Stefaniak, 2024 r., \u017ar\u00f3d\u0142o: \u201eStudeo et Conservo\u201d \u2013 (XIX edycja).<\/figcaption><\/figure>\n\n\n\n<figure class=\"wp-block-image size-large\"><img loading=\"lazy\" decoding=\"async\" width=\"1024\" height=\"683\" data-id=\"32623\" src=\"http:\/\/lapidarium.fundacja-hereditas.pl\/wp-content\/uploads\/2024\/12\/A_Stefaniak_Wwa_Plocka_11_elewacja_frontowa_dach_powieka-1024x683.jpg\" alt=\"\" class=\"wp-image-32623\" srcset=\"http:\/\/lapidarium.fundacja-hereditas.pl\/wp-content\/uploads\/2024\/12\/A_Stefaniak_Wwa_Plocka_11_elewacja_frontowa_dach_powieka-1024x683.jpg 1024w, http:\/\/lapidarium.fundacja-hereditas.pl\/wp-content\/uploads\/2024\/12\/A_Stefaniak_Wwa_Plocka_11_elewacja_frontowa_dach_powieka-300x200.jpg 300w, http:\/\/lapidarium.fundacja-hereditas.pl\/wp-content\/uploads\/2024\/12\/A_Stefaniak_Wwa_Plocka_11_elewacja_frontowa_dach_powieka-768x513.jpg 768w, http:\/\/lapidarium.fundacja-hereditas.pl\/wp-content\/uploads\/2024\/12\/A_Stefaniak_Wwa_Plocka_11_elewacja_frontowa_dach_powieka-1536x1025.jpg 1536w, http:\/\/lapidarium.fundacja-hereditas.pl\/wp-content\/uploads\/2024\/12\/A_Stefaniak_Wwa_Plocka_11_elewacja_frontowa_dach_powieka-2048x1367.jpg 2048w, http:\/\/lapidarium.fundacja-hereditas.pl\/wp-content\/uploads\/2024\/12\/A_Stefaniak_Wwa_Plocka_11_elewacja_frontowa_dach_powieka-150x100.jpg 150w, http:\/\/lapidarium.fundacja-hereditas.pl\/wp-content\/uploads\/2024\/12\/A_Stefaniak_Wwa_Plocka_11_elewacja_frontowa_dach_powieka-696x465.jpg 696w, http:\/\/lapidarium.fundacja-hereditas.pl\/wp-content\/uploads\/2024\/12\/A_Stefaniak_Wwa_Plocka_11_elewacja_frontowa_dach_powieka-1068x713.jpg 1068w, http:\/\/lapidarium.fundacja-hereditas.pl\/wp-content\/uploads\/2024\/12\/A_Stefaniak_Wwa_Plocka_11_elewacja_frontowa_dach_powieka-1920x1281.jpg 1920w\" sizes=\"auto, (max-width: 1024px) 100vw, 1024px\" \/><figcaption class=\"wp-element-caption\">Elewacja frontowa &#8211; okienko strychowe. Fot. Aleksandra Stefaniak, 2024 r., \u017ar\u00f3d\u0142o: \u201eStudeo et Conservo\u201d \u2013 (XIX edycja).<\/figcaption><\/figure>\n\n\n\n<figure class=\"wp-block-image size-large\"><img loading=\"lazy\" decoding=\"async\" width=\"683\" height=\"1024\" data-id=\"32624\" src=\"http:\/\/lapidarium.fundacja-hereditas.pl\/wp-content\/uploads\/2024\/12\/A_Stefaniak_Wwa_Plocka_11_elewacja_frontowa_parter_okno-683x1024.jpg\" alt=\"\" class=\"wp-image-32624\" srcset=\"http:\/\/lapidarium.fundacja-hereditas.pl\/wp-content\/uploads\/2024\/12\/A_Stefaniak_Wwa_Plocka_11_elewacja_frontowa_parter_okno-683x1024.jpg 683w, http:\/\/lapidarium.fundacja-hereditas.pl\/wp-content\/uploads\/2024\/12\/A_Stefaniak_Wwa_Plocka_11_elewacja_frontowa_parter_okno-200x300.jpg 200w, http:\/\/lapidarium.fundacja-hereditas.pl\/wp-content\/uploads\/2024\/12\/A_Stefaniak_Wwa_Plocka_11_elewacja_frontowa_parter_okno-768x1151.jpg 768w, http:\/\/lapidarium.fundacja-hereditas.pl\/wp-content\/uploads\/2024\/12\/A_Stefaniak_Wwa_Plocka_11_elewacja_frontowa_parter_okno-1025x1536.jpg 1025w, http:\/\/lapidarium.fundacja-hereditas.pl\/wp-content\/uploads\/2024\/12\/A_Stefaniak_Wwa_Plocka_11_elewacja_frontowa_parter_okno-1366x2048.jpg 1366w, http:\/\/lapidarium.fundacja-hereditas.pl\/wp-content\/uploads\/2024\/12\/A_Stefaniak_Wwa_Plocka_11_elewacja_frontowa_parter_okno-150x225.jpg 150w, http:\/\/lapidarium.fundacja-hereditas.pl\/wp-content\/uploads\/2024\/12\/A_Stefaniak_Wwa_Plocka_11_elewacja_frontowa_parter_okno-300x450.jpg 300w, http:\/\/lapidarium.fundacja-hereditas.pl\/wp-content\/uploads\/2024\/12\/A_Stefaniak_Wwa_Plocka_11_elewacja_frontowa_parter_okno-696x1043.jpg 696w, http:\/\/lapidarium.fundacja-hereditas.pl\/wp-content\/uploads\/2024\/12\/A_Stefaniak_Wwa_Plocka_11_elewacja_frontowa_parter_okno-1068x1601.jpg 1068w, http:\/\/lapidarium.fundacja-hereditas.pl\/wp-content\/uploads\/2024\/12\/A_Stefaniak_Wwa_Plocka_11_elewacja_frontowa_parter_okno-1920x2878.jpg 1920w, http:\/\/lapidarium.fundacja-hereditas.pl\/wp-content\/uploads\/2024\/12\/A_Stefaniak_Wwa_Plocka_11_elewacja_frontowa_parter_okno-scaled.jpg 1708w\" sizes=\"auto, (max-width: 683px) 100vw, 683px\" \/><figcaption class=\"wp-element-caption\">Elewacja frontowa &#8211; parter. Fot. Aleksandra Stefaniak, 2024 r., \u017ar\u00f3d\u0142o: \u201eStudeo et Conservo\u201d \u2013 (XIX edycja).<\/figcaption><\/figure>\n\n\n\n<figure class=\"wp-block-image size-large\"><img loading=\"lazy\" decoding=\"async\" width=\"1024\" height=\"683\" data-id=\"32628\" src=\"http:\/\/lapidarium.fundacja-hereditas.pl\/wp-content\/uploads\/2024\/12\/A_Stefaniak_Wwa_Plocka_11_elewacja_poludniowa_podest_detal-1024x683.jpg\" alt=\"\" class=\"wp-image-32628\" srcset=\"http:\/\/lapidarium.fundacja-hereditas.pl\/wp-content\/uploads\/2024\/12\/A_Stefaniak_Wwa_Plocka_11_elewacja_poludniowa_podest_detal-1024x683.jpg 1024w, http:\/\/lapidarium.fundacja-hereditas.pl\/wp-content\/uploads\/2024\/12\/A_Stefaniak_Wwa_Plocka_11_elewacja_poludniowa_podest_detal-300x200.jpg 300w, http:\/\/lapidarium.fundacja-hereditas.pl\/wp-content\/uploads\/2024\/12\/A_Stefaniak_Wwa_Plocka_11_elewacja_poludniowa_podest_detal-768x512.jpg 768w, http:\/\/lapidarium.fundacja-hereditas.pl\/wp-content\/uploads\/2024\/12\/A_Stefaniak_Wwa_Plocka_11_elewacja_poludniowa_podest_detal-1536x1025.jpg 1536w, http:\/\/lapidarium.fundacja-hereditas.pl\/wp-content\/uploads\/2024\/12\/A_Stefaniak_Wwa_Plocka_11_elewacja_poludniowa_podest_detal-2048x1367.jpg 2048w, http:\/\/lapidarium.fundacja-hereditas.pl\/wp-content\/uploads\/2024\/12\/A_Stefaniak_Wwa_Plocka_11_elewacja_poludniowa_podest_detal-150x100.jpg 150w, http:\/\/lapidarium.fundacja-hereditas.pl\/wp-content\/uploads\/2024\/12\/A_Stefaniak_Wwa_Plocka_11_elewacja_poludniowa_podest_detal-696x464.jpg 696w, http:\/\/lapidarium.fundacja-hereditas.pl\/wp-content\/uploads\/2024\/12\/A_Stefaniak_Wwa_Plocka_11_elewacja_poludniowa_podest_detal-1068x713.jpg 1068w, http:\/\/lapidarium.fundacja-hereditas.pl\/wp-content\/uploads\/2024\/12\/A_Stefaniak_Wwa_Plocka_11_elewacja_poludniowa_podest_detal-1920x1281.jpg 1920w\" sizes=\"auto, (max-width: 1024px) 100vw, 1024px\" \/><figcaption class=\"wp-element-caption\">Elewacja frontowa &#8211; zniszczona skrobaczka do but\u00f3w. Fot. Aleksandra Stefaniak, 2024 r., \u017ar\u00f3d\u0142o: \u201eStudeo et Conservo\u201d \u2013 (XIX edycja).<\/figcaption><\/figure>\n\n\n\n<figure class=\"wp-block-image size-large\"><img loading=\"lazy\" decoding=\"async\" width=\"1024\" height=\"683\" data-id=\"32625\" src=\"http:\/\/lapidarium.fundacja-hereditas.pl\/wp-content\/uploads\/2024\/12\/A_Stefaniak_Wwa_Plocka_11_elewacja_poludniowa_wyjscie_boczne-1024x683.jpg\" alt=\"\" class=\"wp-image-32625\" srcset=\"http:\/\/lapidarium.fundacja-hereditas.pl\/wp-content\/uploads\/2024\/12\/A_Stefaniak_Wwa_Plocka_11_elewacja_poludniowa_wyjscie_boczne-1024x683.jpg 1024w, http:\/\/lapidarium.fundacja-hereditas.pl\/wp-content\/uploads\/2024\/12\/A_Stefaniak_Wwa_Plocka_11_elewacja_poludniowa_wyjscie_boczne-300x200.jpg 300w, http:\/\/lapidarium.fundacja-hereditas.pl\/wp-content\/uploads\/2024\/12\/A_Stefaniak_Wwa_Plocka_11_elewacja_poludniowa_wyjscie_boczne-768x512.jpg 768w, http:\/\/lapidarium.fundacja-hereditas.pl\/wp-content\/uploads\/2024\/12\/A_Stefaniak_Wwa_Plocka_11_elewacja_poludniowa_wyjscie_boczne-1536x1025.jpg 1536w, http:\/\/lapidarium.fundacja-hereditas.pl\/wp-content\/uploads\/2024\/12\/A_Stefaniak_Wwa_Plocka_11_elewacja_poludniowa_wyjscie_boczne-2048x1367.jpg 2048w, http:\/\/lapidarium.fundacja-hereditas.pl\/wp-content\/uploads\/2024\/12\/A_Stefaniak_Wwa_Plocka_11_elewacja_poludniowa_wyjscie_boczne-150x100.jpg 150w, http:\/\/lapidarium.fundacja-hereditas.pl\/wp-content\/uploads\/2024\/12\/A_Stefaniak_Wwa_Plocka_11_elewacja_poludniowa_wyjscie_boczne-696x464.jpg 696w, http:\/\/lapidarium.fundacja-hereditas.pl\/wp-content\/uploads\/2024\/12\/A_Stefaniak_Wwa_Plocka_11_elewacja_poludniowa_wyjscie_boczne-1068x713.jpg 1068w, http:\/\/lapidarium.fundacja-hereditas.pl\/wp-content\/uploads\/2024\/12\/A_Stefaniak_Wwa_Plocka_11_elewacja_poludniowa_wyjscie_boczne-1920x1281.jpg 1920w\" sizes=\"auto, (max-width: 1024px) 100vw, 1024px\" \/><figcaption class=\"wp-element-caption\">Elewacja po\u0142udniowa &#8211; wyj\u015bcie. Fot. Aleksandra Stefaniak, 2024 r., \u017ar\u00f3d\u0142o: \u201eStudeo et Conservo\u201d \u2013 (XIX edycja).<\/figcaption><\/figure>\n\n\n\n<figure class=\"wp-block-image size-large\"><img loading=\"lazy\" decoding=\"async\" width=\"1024\" height=\"683\" data-id=\"32629\" src=\"http:\/\/lapidarium.fundacja-hereditas.pl\/wp-content\/uploads\/2024\/12\/A_Stefaniak_Wwa_Plocka_11_elewacja_poludniowa_wyjscie_boczne_detal-1024x683.jpg\" alt=\"\" class=\"wp-image-32629\" srcset=\"http:\/\/lapidarium.fundacja-hereditas.pl\/wp-content\/uploads\/2024\/12\/A_Stefaniak_Wwa_Plocka_11_elewacja_poludniowa_wyjscie_boczne_detal-1024x683.jpg 1024w, http:\/\/lapidarium.fundacja-hereditas.pl\/wp-content\/uploads\/2024\/12\/A_Stefaniak_Wwa_Plocka_11_elewacja_poludniowa_wyjscie_boczne_detal-300x200.jpg 300w, http:\/\/lapidarium.fundacja-hereditas.pl\/wp-content\/uploads\/2024\/12\/A_Stefaniak_Wwa_Plocka_11_elewacja_poludniowa_wyjscie_boczne_detal-768x512.jpg 768w, http:\/\/lapidarium.fundacja-hereditas.pl\/wp-content\/uploads\/2024\/12\/A_Stefaniak_Wwa_Plocka_11_elewacja_poludniowa_wyjscie_boczne_detal-1536x1025.jpg 1536w, http:\/\/lapidarium.fundacja-hereditas.pl\/wp-content\/uploads\/2024\/12\/A_Stefaniak_Wwa_Plocka_11_elewacja_poludniowa_wyjscie_boczne_detal-2048x1367.jpg 2048w, http:\/\/lapidarium.fundacja-hereditas.pl\/wp-content\/uploads\/2024\/12\/A_Stefaniak_Wwa_Plocka_11_elewacja_poludniowa_wyjscie_boczne_detal-150x100.jpg 150w, http:\/\/lapidarium.fundacja-hereditas.pl\/wp-content\/uploads\/2024\/12\/A_Stefaniak_Wwa_Plocka_11_elewacja_poludniowa_wyjscie_boczne_detal-696x464.jpg 696w, http:\/\/lapidarium.fundacja-hereditas.pl\/wp-content\/uploads\/2024\/12\/A_Stefaniak_Wwa_Plocka_11_elewacja_poludniowa_wyjscie_boczne_detal-1068x713.jpg 1068w, http:\/\/lapidarium.fundacja-hereditas.pl\/wp-content\/uploads\/2024\/12\/A_Stefaniak_Wwa_Plocka_11_elewacja_poludniowa_wyjscie_boczne_detal-1920x1281.jpg 1920w\" sizes=\"auto, (max-width: 1024px) 100vw, 1024px\" \/><figcaption class=\"wp-element-caption\">Elewacja po\u0142udniowa &#8211; skrobaczka do but\u00f3w. Fot. Aleksandra Stefaniak, 2024 r., \u017ar\u00f3d\u0142o: \u201eStudeo et Conservo\u201d \u2013 (XIX edycja).<\/figcaption><\/figure>\n\n\n\n<figure class=\"wp-block-image size-large\"><img loading=\"lazy\" decoding=\"async\" width=\"683\" height=\"1024\" data-id=\"32632\" src=\"http:\/\/lapidarium.fundacja-hereditas.pl\/wp-content\/uploads\/2024\/12\/A_Stefaniak_Wwa_Plocka_11_elewacja_polnocna_wejscie-683x1024.jpg\" alt=\"\" class=\"wp-image-32632\" srcset=\"http:\/\/lapidarium.fundacja-hereditas.pl\/wp-content\/uploads\/2024\/12\/A_Stefaniak_Wwa_Plocka_11_elewacja_polnocna_wejscie-683x1024.jpg 683w, http:\/\/lapidarium.fundacja-hereditas.pl\/wp-content\/uploads\/2024\/12\/A_Stefaniak_Wwa_Plocka_11_elewacja_polnocna_wejscie-200x300.jpg 200w, http:\/\/lapidarium.fundacja-hereditas.pl\/wp-content\/uploads\/2024\/12\/A_Stefaniak_Wwa_Plocka_11_elewacja_polnocna_wejscie-768x1151.jpg 768w, http:\/\/lapidarium.fundacja-hereditas.pl\/wp-content\/uploads\/2024\/12\/A_Stefaniak_Wwa_Plocka_11_elewacja_polnocna_wejscie-1025x1536.jpg 1025w, http:\/\/lapidarium.fundacja-hereditas.pl\/wp-content\/uploads\/2024\/12\/A_Stefaniak_Wwa_Plocka_11_elewacja_polnocna_wejscie-1367x2048.jpg 1367w, http:\/\/lapidarium.fundacja-hereditas.pl\/wp-content\/uploads\/2024\/12\/A_Stefaniak_Wwa_Plocka_11_elewacja_polnocna_wejscie-150x225.jpg 150w, http:\/\/lapidarium.fundacja-hereditas.pl\/wp-content\/uploads\/2024\/12\/A_Stefaniak_Wwa_Plocka_11_elewacja_polnocna_wejscie-300x450.jpg 300w, http:\/\/lapidarium.fundacja-hereditas.pl\/wp-content\/uploads\/2024\/12\/A_Stefaniak_Wwa_Plocka_11_elewacja_polnocna_wejscie-696x1043.jpg 696w, http:\/\/lapidarium.fundacja-hereditas.pl\/wp-content\/uploads\/2024\/12\/A_Stefaniak_Wwa_Plocka_11_elewacja_polnocna_wejscie-1068x1601.jpg 1068w, http:\/\/lapidarium.fundacja-hereditas.pl\/wp-content\/uploads\/2024\/12\/A_Stefaniak_Wwa_Plocka_11_elewacja_polnocna_wejscie-1920x2877.jpg 1920w, http:\/\/lapidarium.fundacja-hereditas.pl\/wp-content\/uploads\/2024\/12\/A_Stefaniak_Wwa_Plocka_11_elewacja_polnocna_wejscie-scaled.jpg 1708w\" sizes=\"auto, (max-width: 683px) 100vw, 683px\" \/><figcaption class=\"wp-element-caption\">Elewacja po\u0142udniowa &#8211; wyj\u015bcie. Fot. Aleksandra Stefaniak, 2024 r., \u017ar\u00f3d\u0142o: \u201eStudeo et Conservo\u201d \u2013 (XIX edycja).<\/figcaption><\/figure>\n\n\n\n<figure class=\"wp-block-image size-large\"><img loading=\"lazy\" decoding=\"async\" width=\"683\" height=\"1024\" data-id=\"32631\" src=\"http:\/\/lapidarium.fundacja-hereditas.pl\/wp-content\/uploads\/2024\/12\/A_Stefaniak_Wwa_Plocka_11_glowna_klatka_schodowa_Ipietro_schody-683x1024.jpg\" alt=\"\" class=\"wp-image-32631\" srcset=\"http:\/\/lapidarium.fundacja-hereditas.pl\/wp-content\/uploads\/2024\/12\/A_Stefaniak_Wwa_Plocka_11_glowna_klatka_schodowa_Ipietro_schody-683x1024.jpg 683w, http:\/\/lapidarium.fundacja-hereditas.pl\/wp-content\/uploads\/2024\/12\/A_Stefaniak_Wwa_Plocka_11_glowna_klatka_schodowa_Ipietro_schody-200x300.jpg 200w, http:\/\/lapidarium.fundacja-hereditas.pl\/wp-content\/uploads\/2024\/12\/A_Stefaniak_Wwa_Plocka_11_glowna_klatka_schodowa_Ipietro_schody-768x1151.jpg 768w, http:\/\/lapidarium.fundacja-hereditas.pl\/wp-content\/uploads\/2024\/12\/A_Stefaniak_Wwa_Plocka_11_glowna_klatka_schodowa_Ipietro_schody-1025x1536.jpg 1025w, http:\/\/lapidarium.fundacja-hereditas.pl\/wp-content\/uploads\/2024\/12\/A_Stefaniak_Wwa_Plocka_11_glowna_klatka_schodowa_Ipietro_schody-1367x2048.jpg 1367w, http:\/\/lapidarium.fundacja-hereditas.pl\/wp-content\/uploads\/2024\/12\/A_Stefaniak_Wwa_Plocka_11_glowna_klatka_schodowa_Ipietro_schody-150x225.jpg 150w, http:\/\/lapidarium.fundacja-hereditas.pl\/wp-content\/uploads\/2024\/12\/A_Stefaniak_Wwa_Plocka_11_glowna_klatka_schodowa_Ipietro_schody-300x450.jpg 300w, http:\/\/lapidarium.fundacja-hereditas.pl\/wp-content\/uploads\/2024\/12\/A_Stefaniak_Wwa_Plocka_11_glowna_klatka_schodowa_Ipietro_schody-696x1043.jpg 696w, http:\/\/lapidarium.fundacja-hereditas.pl\/wp-content\/uploads\/2024\/12\/A_Stefaniak_Wwa_Plocka_11_glowna_klatka_schodowa_Ipietro_schody-1068x1601.jpg 1068w, http:\/\/lapidarium.fundacja-hereditas.pl\/wp-content\/uploads\/2024\/12\/A_Stefaniak_Wwa_Plocka_11_glowna_klatka_schodowa_Ipietro_schody-1920x2877.jpg 1920w, http:\/\/lapidarium.fundacja-hereditas.pl\/wp-content\/uploads\/2024\/12\/A_Stefaniak_Wwa_Plocka_11_glowna_klatka_schodowa_Ipietro_schody-scaled.jpg 1708w\" sizes=\"auto, (max-width: 683px) 100vw, 683px\" \/><figcaption class=\"wp-element-caption\">Klatka g\u0142\u00f3wna &#8211; widok z ostatniego pi\u0119tra. Fot. Aleksandra Stefaniak, 2024 r., \u017ar\u00f3d\u0142o: \u201eStudeo et Conservo\u201d \u2013 (XIX edycja).<\/figcaption><\/figure>\n\n\n\n<figure class=\"wp-block-image size-large\"><img loading=\"lazy\" decoding=\"async\" width=\"1024\" height=\"683\" data-id=\"32633\" src=\"http:\/\/lapidarium.fundacja-hereditas.pl\/wp-content\/uploads\/2024\/12\/A_Stefaniak_Wwa_Plocka_11_glowna_klatka_schodowa_Ipietro_sufit_sztukateria_detal-1024x683.jpg\" alt=\"\" class=\"wp-image-32633\" srcset=\"http:\/\/lapidarium.fundacja-hereditas.pl\/wp-content\/uploads\/2024\/12\/A_Stefaniak_Wwa_Plocka_11_glowna_klatka_schodowa_Ipietro_sufit_sztukateria_detal-1024x683.jpg 1024w, http:\/\/lapidarium.fundacja-hereditas.pl\/wp-content\/uploads\/2024\/12\/A_Stefaniak_Wwa_Plocka_11_glowna_klatka_schodowa_Ipietro_sufit_sztukateria_detal-300x200.jpg 300w, http:\/\/lapidarium.fundacja-hereditas.pl\/wp-content\/uploads\/2024\/12\/A_Stefaniak_Wwa_Plocka_11_glowna_klatka_schodowa_Ipietro_sufit_sztukateria_detal-768x512.jpg 768w, http:\/\/lapidarium.fundacja-hereditas.pl\/wp-content\/uploads\/2024\/12\/A_Stefaniak_Wwa_Plocka_11_glowna_klatka_schodowa_Ipietro_sufit_sztukateria_detal-1536x1025.jpg 1536w, http:\/\/lapidarium.fundacja-hereditas.pl\/wp-content\/uploads\/2024\/12\/A_Stefaniak_Wwa_Plocka_11_glowna_klatka_schodowa_Ipietro_sufit_sztukateria_detal-2048x1367.jpg 2048w, http:\/\/lapidarium.fundacja-hereditas.pl\/wp-content\/uploads\/2024\/12\/A_Stefaniak_Wwa_Plocka_11_glowna_klatka_schodowa_Ipietro_sufit_sztukateria_detal-150x100.jpg 150w, http:\/\/lapidarium.fundacja-hereditas.pl\/wp-content\/uploads\/2024\/12\/A_Stefaniak_Wwa_Plocka_11_glowna_klatka_schodowa_Ipietro_sufit_sztukateria_detal-696x464.jpg 696w, http:\/\/lapidarium.fundacja-hereditas.pl\/wp-content\/uploads\/2024\/12\/A_Stefaniak_Wwa_Plocka_11_glowna_klatka_schodowa_Ipietro_sufit_sztukateria_detal-1068x713.jpg 1068w, http:\/\/lapidarium.fundacja-hereditas.pl\/wp-content\/uploads\/2024\/12\/A_Stefaniak_Wwa_Plocka_11_glowna_klatka_schodowa_Ipietro_sufit_sztukateria_detal-1920x1281.jpg 1920w\" sizes=\"auto, (max-width: 1024px) 100vw, 1024px\" \/><figcaption class=\"wp-element-caption\">Klatka g\u0142\u00f3wna &#8211; strop ostatniej kondygnacji. Fot. Aleksandra Stefaniak, 2024 r., \u017ar\u00f3d\u0142o: \u201eStudeo et Conservo\u201d \u2013 (XIX edycja).<\/figcaption><\/figure>\n\n\n\n<figure class=\"wp-block-image size-large\"><img loading=\"lazy\" decoding=\"async\" width=\"1024\" height=\"683\" data-id=\"32634\" src=\"http:\/\/lapidarium.fundacja-hereditas.pl\/wp-content\/uploads\/2024\/12\/A_Stefaniak_Wwa_Plocka_11_glowna_klatka_schodowa_parter_drzwi_prog-1024x683.jpg\" alt=\"\" class=\"wp-image-32634\" srcset=\"http:\/\/lapidarium.fundacja-hereditas.pl\/wp-content\/uploads\/2024\/12\/A_Stefaniak_Wwa_Plocka_11_glowna_klatka_schodowa_parter_drzwi_prog-1024x683.jpg 1024w, http:\/\/lapidarium.fundacja-hereditas.pl\/wp-content\/uploads\/2024\/12\/A_Stefaniak_Wwa_Plocka_11_glowna_klatka_schodowa_parter_drzwi_prog-300x200.jpg 300w, http:\/\/lapidarium.fundacja-hereditas.pl\/wp-content\/uploads\/2024\/12\/A_Stefaniak_Wwa_Plocka_11_glowna_klatka_schodowa_parter_drzwi_prog-768x512.jpg 768w, http:\/\/lapidarium.fundacja-hereditas.pl\/wp-content\/uploads\/2024\/12\/A_Stefaniak_Wwa_Plocka_11_glowna_klatka_schodowa_parter_drzwi_prog-1536x1025.jpg 1536w, http:\/\/lapidarium.fundacja-hereditas.pl\/wp-content\/uploads\/2024\/12\/A_Stefaniak_Wwa_Plocka_11_glowna_klatka_schodowa_parter_drzwi_prog-2048x1367.jpg 2048w, http:\/\/lapidarium.fundacja-hereditas.pl\/wp-content\/uploads\/2024\/12\/A_Stefaniak_Wwa_Plocka_11_glowna_klatka_schodowa_parter_drzwi_prog-150x100.jpg 150w, http:\/\/lapidarium.fundacja-hereditas.pl\/wp-content\/uploads\/2024\/12\/A_Stefaniak_Wwa_Plocka_11_glowna_klatka_schodowa_parter_drzwi_prog-696x464.jpg 696w, http:\/\/lapidarium.fundacja-hereditas.pl\/wp-content\/uploads\/2024\/12\/A_Stefaniak_Wwa_Plocka_11_glowna_klatka_schodowa_parter_drzwi_prog-1068x713.jpg 1068w, http:\/\/lapidarium.fundacja-hereditas.pl\/wp-content\/uploads\/2024\/12\/A_Stefaniak_Wwa_Plocka_11_glowna_klatka_schodowa_parter_drzwi_prog-1920x1281.jpg 1920w\" sizes=\"auto, (max-width: 1024px) 100vw, 1024px\" \/><figcaption class=\"wp-element-caption\">Klatka g\u0142\u00f3wna &#8211; parter. Posadzka. Fot. Aleksandra Stefaniak, 2024 r., \u017ar\u00f3d\u0142o: \u201eStudeo et Conservo\u201d \u2013 (XIX edycja).<\/figcaption><\/figure>\n\n\n\n<figure class=\"wp-block-image size-large\"><img loading=\"lazy\" decoding=\"async\" width=\"683\" height=\"1024\" data-id=\"32635\" src=\"http:\/\/lapidarium.fundacja-hereditas.pl\/wp-content\/uploads\/2024\/12\/A_Stefaniak_Wwa_Plocka_11_glowna_klatka_schodowa_schodowa_parter_schody_ku_Ipietru-683x1024.jpg\" alt=\"\" class=\"wp-image-32635\" srcset=\"http:\/\/lapidarium.fundacja-hereditas.pl\/wp-content\/uploads\/2024\/12\/A_Stefaniak_Wwa_Plocka_11_glowna_klatka_schodowa_schodowa_parter_schody_ku_Ipietru-683x1024.jpg 683w, http:\/\/lapidarium.fundacja-hereditas.pl\/wp-content\/uploads\/2024\/12\/A_Stefaniak_Wwa_Plocka_11_glowna_klatka_schodowa_schodowa_parter_schody_ku_Ipietru-200x300.jpg 200w, http:\/\/lapidarium.fundacja-hereditas.pl\/wp-content\/uploads\/2024\/12\/A_Stefaniak_Wwa_Plocka_11_glowna_klatka_schodowa_schodowa_parter_schody_ku_Ipietru-768x1151.jpg 768w, http:\/\/lapidarium.fundacja-hereditas.pl\/wp-content\/uploads\/2024\/12\/A_Stefaniak_Wwa_Plocka_11_glowna_klatka_schodowa_schodowa_parter_schody_ku_Ipietru-1025x1536.jpg 1025w, http:\/\/lapidarium.fundacja-hereditas.pl\/wp-content\/uploads\/2024\/12\/A_Stefaniak_Wwa_Plocka_11_glowna_klatka_schodowa_schodowa_parter_schody_ku_Ipietru-1367x2048.jpg 1367w, http:\/\/lapidarium.fundacja-hereditas.pl\/wp-content\/uploads\/2024\/12\/A_Stefaniak_Wwa_Plocka_11_glowna_klatka_schodowa_schodowa_parter_schody_ku_Ipietru-150x225.jpg 150w, http:\/\/lapidarium.fundacja-hereditas.pl\/wp-content\/uploads\/2024\/12\/A_Stefaniak_Wwa_Plocka_11_glowna_klatka_schodowa_schodowa_parter_schody_ku_Ipietru-300x450.jpg 300w, http:\/\/lapidarium.fundacja-hereditas.pl\/wp-content\/uploads\/2024\/12\/A_Stefaniak_Wwa_Plocka_11_glowna_klatka_schodowa_schodowa_parter_schody_ku_Ipietru-696x1043.jpg 696w, http:\/\/lapidarium.fundacja-hereditas.pl\/wp-content\/uploads\/2024\/12\/A_Stefaniak_Wwa_Plocka_11_glowna_klatka_schodowa_schodowa_parter_schody_ku_Ipietru-1068x1601.jpg 1068w, http:\/\/lapidarium.fundacja-hereditas.pl\/wp-content\/uploads\/2024\/12\/A_Stefaniak_Wwa_Plocka_11_glowna_klatka_schodowa_schodowa_parter_schody_ku_Ipietru-1920x2877.jpg 1920w, http:\/\/lapidarium.fundacja-hereditas.pl\/wp-content\/uploads\/2024\/12\/A_Stefaniak_Wwa_Plocka_11_glowna_klatka_schodowa_schodowa_parter_schody_ku_Ipietru-scaled.jpg 1708w\" sizes=\"auto, (max-width: 683px) 100vw, 683px\" \/><figcaption class=\"wp-element-caption\">Klatka g\u0142\u00f3wna &#8211; widok z parteru. Fot. Aleksandra Stefaniak, 2024 r., \u017ar\u00f3d\u0142o: \u201eStudeo et Conservo\u201d \u2013 (XIX edycja).<\/figcaption><\/figure>\n\n\n\n<figure class=\"wp-block-image size-large\"><img loading=\"lazy\" decoding=\"async\" width=\"683\" height=\"1024\" data-id=\"32636\" src=\"http:\/\/lapidarium.fundacja-hereditas.pl\/wp-content\/uploads\/2024\/12\/A_Stefaniak_Wwa_Plocka_11_glowna_klatka_schodowa_schodowa_parter_schody_ku_Ipietru_balutrada_na_wysokosci_spocznika-683x1024.jpg\" alt=\"\" class=\"wp-image-32636\" srcset=\"http:\/\/lapidarium.fundacja-hereditas.pl\/wp-content\/uploads\/2024\/12\/A_Stefaniak_Wwa_Plocka_11_glowna_klatka_schodowa_schodowa_parter_schody_ku_Ipietru_balutrada_na_wysokosci_spocznika-683x1024.jpg 683w, http:\/\/lapidarium.fundacja-hereditas.pl\/wp-content\/uploads\/2024\/12\/A_Stefaniak_Wwa_Plocka_11_glowna_klatka_schodowa_schodowa_parter_schody_ku_Ipietru_balutrada_na_wysokosci_spocznika-200x300.jpg 200w, http:\/\/lapidarium.fundacja-hereditas.pl\/wp-content\/uploads\/2024\/12\/A_Stefaniak_Wwa_Plocka_11_glowna_klatka_schodowa_schodowa_parter_schody_ku_Ipietru_balutrada_na_wysokosci_spocznika-768x1151.jpg 768w, http:\/\/lapidarium.fundacja-hereditas.pl\/wp-content\/uploads\/2024\/12\/A_Stefaniak_Wwa_Plocka_11_glowna_klatka_schodowa_schodowa_parter_schody_ku_Ipietru_balutrada_na_wysokosci_spocznika-1025x1536.jpg 1025w, http:\/\/lapidarium.fundacja-hereditas.pl\/wp-content\/uploads\/2024\/12\/A_Stefaniak_Wwa_Plocka_11_glowna_klatka_schodowa_schodowa_parter_schody_ku_Ipietru_balutrada_na_wysokosci_spocznika-1367x2048.jpg 1367w, http:\/\/lapidarium.fundacja-hereditas.pl\/wp-content\/uploads\/2024\/12\/A_Stefaniak_Wwa_Plocka_11_glowna_klatka_schodowa_schodowa_parter_schody_ku_Ipietru_balutrada_na_wysokosci_spocznika-150x225.jpg 150w, http:\/\/lapidarium.fundacja-hereditas.pl\/wp-content\/uploads\/2024\/12\/A_Stefaniak_Wwa_Plocka_11_glowna_klatka_schodowa_schodowa_parter_schody_ku_Ipietru_balutrada_na_wysokosci_spocznika-300x450.jpg 300w, http:\/\/lapidarium.fundacja-hereditas.pl\/wp-content\/uploads\/2024\/12\/A_Stefaniak_Wwa_Plocka_11_glowna_klatka_schodowa_schodowa_parter_schody_ku_Ipietru_balutrada_na_wysokosci_spocznika-696x1043.jpg 696w, http:\/\/lapidarium.fundacja-hereditas.pl\/wp-content\/uploads\/2024\/12\/A_Stefaniak_Wwa_Plocka_11_glowna_klatka_schodowa_schodowa_parter_schody_ku_Ipietru_balutrada_na_wysokosci_spocznika-1068x1601.jpg 1068w, http:\/\/lapidarium.fundacja-hereditas.pl\/wp-content\/uploads\/2024\/12\/A_Stefaniak_Wwa_Plocka_11_glowna_klatka_schodowa_schodowa_parter_schody_ku_Ipietru_balutrada_na_wysokosci_spocznika-1920x2877.jpg 1920w, http:\/\/lapidarium.fundacja-hereditas.pl\/wp-content\/uploads\/2024\/12\/A_Stefaniak_Wwa_Plocka_11_glowna_klatka_schodowa_schodowa_parter_schody_ku_Ipietru_balutrada_na_wysokosci_spocznika-scaled.jpg 1708w\" sizes=\"auto, (max-width: 683px) 100vw, 683px\" \/><figcaption class=\"wp-element-caption\">Klatka g\u0142\u00f3wna &#8211; spocznik przed I-szym pi\u0119trem. Fot. Aleksandra Stefaniak, 2024 r., \u017ar\u00f3d\u0142o: \u201eStudeo et Conservo\u201d \u2013 (XIX edycja).<\/figcaption><\/figure>\n\n\n\n<figure class=\"wp-block-image size-large\"><img loading=\"lazy\" decoding=\"async\" width=\"683\" height=\"1024\" data-id=\"32637\" src=\"http:\/\/lapidarium.fundacja-hereditas.pl\/wp-content\/uploads\/2024\/12\/A_Stefaniak_Wwa_Plocka_11_klatka_polnocna_schody_z_piwnicy_ku_parterowi-683x1024.jpg\" alt=\"\" class=\"wp-image-32637\" srcset=\"http:\/\/lapidarium.fundacja-hereditas.pl\/wp-content\/uploads\/2024\/12\/A_Stefaniak_Wwa_Plocka_11_klatka_polnocna_schody_z_piwnicy_ku_parterowi-683x1024.jpg 683w, http:\/\/lapidarium.fundacja-hereditas.pl\/wp-content\/uploads\/2024\/12\/A_Stefaniak_Wwa_Plocka_11_klatka_polnocna_schody_z_piwnicy_ku_parterowi-200x300.jpg 200w, http:\/\/lapidarium.fundacja-hereditas.pl\/wp-content\/uploads\/2024\/12\/A_Stefaniak_Wwa_Plocka_11_klatka_polnocna_schody_z_piwnicy_ku_parterowi-768x1151.jpg 768w, http:\/\/lapidarium.fundacja-hereditas.pl\/wp-content\/uploads\/2024\/12\/A_Stefaniak_Wwa_Plocka_11_klatka_polnocna_schody_z_piwnicy_ku_parterowi-1025x1536.jpg 1025w, http:\/\/lapidarium.fundacja-hereditas.pl\/wp-content\/uploads\/2024\/12\/A_Stefaniak_Wwa_Plocka_11_klatka_polnocna_schody_z_piwnicy_ku_parterowi-1367x2048.jpg 1367w, http:\/\/lapidarium.fundacja-hereditas.pl\/wp-content\/uploads\/2024\/12\/A_Stefaniak_Wwa_Plocka_11_klatka_polnocna_schody_z_piwnicy_ku_parterowi-150x225.jpg 150w, http:\/\/lapidarium.fundacja-hereditas.pl\/wp-content\/uploads\/2024\/12\/A_Stefaniak_Wwa_Plocka_11_klatka_polnocna_schody_z_piwnicy_ku_parterowi-300x450.jpg 300w, http:\/\/lapidarium.fundacja-hereditas.pl\/wp-content\/uploads\/2024\/12\/A_Stefaniak_Wwa_Plocka_11_klatka_polnocna_schody_z_piwnicy_ku_parterowi-696x1043.jpg 696w, http:\/\/lapidarium.fundacja-hereditas.pl\/wp-content\/uploads\/2024\/12\/A_Stefaniak_Wwa_Plocka_11_klatka_polnocna_schody_z_piwnicy_ku_parterowi-1068x1601.jpg 1068w, http:\/\/lapidarium.fundacja-hereditas.pl\/wp-content\/uploads\/2024\/12\/A_Stefaniak_Wwa_Plocka_11_klatka_polnocna_schody_z_piwnicy_ku_parterowi-1920x2877.jpg 1920w, http:\/\/lapidarium.fundacja-hereditas.pl\/wp-content\/uploads\/2024\/12\/A_Stefaniak_Wwa_Plocka_11_klatka_polnocna_schody_z_piwnicy_ku_parterowi-scaled.jpg 1708w\" sizes=\"auto, (max-width: 683px) 100vw, 683px\" \/><figcaption class=\"wp-element-caption\">Klatka s\u0142u\u017cbowa &#8211; widok z piwnicy. Fot. Aleksandra Stefaniak, 2024 r., \u017ar\u00f3d\u0142o: \u201eStudeo et Conservo\u201d \u2013 (XIX edycja).<\/figcaption><\/figure>\n\n\n\n<figure class=\"wp-block-image size-large\"><img loading=\"lazy\" decoding=\"async\" width=\"1024\" height=\"683\" data-id=\"32638\" src=\"http:\/\/lapidarium.fundacja-hereditas.pl\/wp-content\/uploads\/2024\/12\/A_Stefaniak_Wwa_Plocka_11_klatka_polnocna_strych_konstrukcja_dachu-1024x683.jpg\" alt=\"\" class=\"wp-image-32638\" srcset=\"http:\/\/lapidarium.fundacja-hereditas.pl\/wp-content\/uploads\/2024\/12\/A_Stefaniak_Wwa_Plocka_11_klatka_polnocna_strych_konstrukcja_dachu-1024x683.jpg 1024w, http:\/\/lapidarium.fundacja-hereditas.pl\/wp-content\/uploads\/2024\/12\/A_Stefaniak_Wwa_Plocka_11_klatka_polnocna_strych_konstrukcja_dachu-300x200.jpg 300w, http:\/\/lapidarium.fundacja-hereditas.pl\/wp-content\/uploads\/2024\/12\/A_Stefaniak_Wwa_Plocka_11_klatka_polnocna_strych_konstrukcja_dachu-768x512.jpg 768w, http:\/\/lapidarium.fundacja-hereditas.pl\/wp-content\/uploads\/2024\/12\/A_Stefaniak_Wwa_Plocka_11_klatka_polnocna_strych_konstrukcja_dachu-1536x1025.jpg 1536w, http:\/\/lapidarium.fundacja-hereditas.pl\/wp-content\/uploads\/2024\/12\/A_Stefaniak_Wwa_Plocka_11_klatka_polnocna_strych_konstrukcja_dachu-2048x1367.jpg 2048w, http:\/\/lapidarium.fundacja-hereditas.pl\/wp-content\/uploads\/2024\/12\/A_Stefaniak_Wwa_Plocka_11_klatka_polnocna_strych_konstrukcja_dachu-150x100.jpg 150w, http:\/\/lapidarium.fundacja-hereditas.pl\/wp-content\/uploads\/2024\/12\/A_Stefaniak_Wwa_Plocka_11_klatka_polnocna_strych_konstrukcja_dachu-696x464.jpg 696w, http:\/\/lapidarium.fundacja-hereditas.pl\/wp-content\/uploads\/2024\/12\/A_Stefaniak_Wwa_Plocka_11_klatka_polnocna_strych_konstrukcja_dachu-1068x713.jpg 1068w, http:\/\/lapidarium.fundacja-hereditas.pl\/wp-content\/uploads\/2024\/12\/A_Stefaniak_Wwa_Plocka_11_klatka_polnocna_strych_konstrukcja_dachu-1920x1281.jpg 1920w\" sizes=\"auto, (max-width: 1024px) 100vw, 1024px\" \/><figcaption class=\"wp-element-caption\">Klatka s\u0142u\u017cbowa &#8211; poddasze &#8211; bojler\/cysterna (?). Fot. Aleksandra Stefaniak, 2024 r., \u017ar\u00f3d\u0142o: \u201eStudeo et Conservo\u201d \u2013 (XIX edycja).<\/figcaption><\/figure>\n\n\n\n<figure class=\"wp-block-image size-large\"><img loading=\"lazy\" decoding=\"async\" width=\"1024\" height=\"683\" data-id=\"32639\" src=\"http:\/\/lapidarium.fundacja-hereditas.pl\/wp-content\/uploads\/2024\/12\/A_Stefaniak_Wwa_Plocka_11_klatka_polnocna_strych_ocieplenie-1024x683.jpg\" alt=\"\" class=\"wp-image-32639\" srcset=\"http:\/\/lapidarium.fundacja-hereditas.pl\/wp-content\/uploads\/2024\/12\/A_Stefaniak_Wwa_Plocka_11_klatka_polnocna_strych_ocieplenie-1024x683.jpg 1024w, http:\/\/lapidarium.fundacja-hereditas.pl\/wp-content\/uploads\/2024\/12\/A_Stefaniak_Wwa_Plocka_11_klatka_polnocna_strych_ocieplenie-300x200.jpg 300w, http:\/\/lapidarium.fundacja-hereditas.pl\/wp-content\/uploads\/2024\/12\/A_Stefaniak_Wwa_Plocka_11_klatka_polnocna_strych_ocieplenie-768x512.jpg 768w, http:\/\/lapidarium.fundacja-hereditas.pl\/wp-content\/uploads\/2024\/12\/A_Stefaniak_Wwa_Plocka_11_klatka_polnocna_strych_ocieplenie-1536x1025.jpg 1536w, http:\/\/lapidarium.fundacja-hereditas.pl\/wp-content\/uploads\/2024\/12\/A_Stefaniak_Wwa_Plocka_11_klatka_polnocna_strych_ocieplenie-2048x1367.jpg 2048w, http:\/\/lapidarium.fundacja-hereditas.pl\/wp-content\/uploads\/2024\/12\/A_Stefaniak_Wwa_Plocka_11_klatka_polnocna_strych_ocieplenie-150x100.jpg 150w, http:\/\/lapidarium.fundacja-hereditas.pl\/wp-content\/uploads\/2024\/12\/A_Stefaniak_Wwa_Plocka_11_klatka_polnocna_strych_ocieplenie-696x464.jpg 696w, http:\/\/lapidarium.fundacja-hereditas.pl\/wp-content\/uploads\/2024\/12\/A_Stefaniak_Wwa_Plocka_11_klatka_polnocna_strych_ocieplenie-1068x713.jpg 1068w, http:\/\/lapidarium.fundacja-hereditas.pl\/wp-content\/uploads\/2024\/12\/A_Stefaniak_Wwa_Plocka_11_klatka_polnocna_strych_ocieplenie-1920x1281.jpg 1920w\" sizes=\"auto, (max-width: 1024px) 100vw, 1024px\" \/><figcaption class=\"wp-element-caption\">Poddasze &#8211; ocieplenie z odpad\u00f3w kaletniczych. Fot. Aleksandra Stefaniak, 2024 r., \u017ar\u00f3d\u0142o: \u201eStudeo et Conservo\u201d \u2013 (XIX edycja).<\/figcaption><\/figure>\n\n\n\n<figure class=\"wp-block-image size-large\"><img loading=\"lazy\" decoding=\"async\" width=\"728\" height=\"1024\" data-id=\"32641\" src=\"http:\/\/lapidarium.fundacja-hereditas.pl\/wp-content\/uploads\/2024\/12\/W_Kmiec_Wwa_Plocka_11_drzwi_z_klatki_sluzbowej_na_korytarz-728x1024.jpg\" alt=\"\" class=\"wp-image-32641\" srcset=\"http:\/\/lapidarium.fundacja-hereditas.pl\/wp-content\/uploads\/2024\/12\/W_Kmiec_Wwa_Plocka_11_drzwi_z_klatki_sluzbowej_na_korytarz-728x1024.jpg 728w, http:\/\/lapidarium.fundacja-hereditas.pl\/wp-content\/uploads\/2024\/12\/W_Kmiec_Wwa_Plocka_11_drzwi_z_klatki_sluzbowej_na_korytarz-213x300.jpg 213w, http:\/\/lapidarium.fundacja-hereditas.pl\/wp-content\/uploads\/2024\/12\/W_Kmiec_Wwa_Plocka_11_drzwi_z_klatki_sluzbowej_na_korytarz-768x1080.jpg 768w, http:\/\/lapidarium.fundacja-hereditas.pl\/wp-content\/uploads\/2024\/12\/W_Kmiec_Wwa_Plocka_11_drzwi_z_klatki_sluzbowej_na_korytarz-1093x1536.jpg 1093w, http:\/\/lapidarium.fundacja-hereditas.pl\/wp-content\/uploads\/2024\/12\/W_Kmiec_Wwa_Plocka_11_drzwi_z_klatki_sluzbowej_na_korytarz-1457x2048.jpg 1457w, http:\/\/lapidarium.fundacja-hereditas.pl\/wp-content\/uploads\/2024\/12\/W_Kmiec_Wwa_Plocka_11_drzwi_z_klatki_sluzbowej_na_korytarz-150x211.jpg 150w, http:\/\/lapidarium.fundacja-hereditas.pl\/wp-content\/uploads\/2024\/12\/W_Kmiec_Wwa_Plocka_11_drzwi_z_klatki_sluzbowej_na_korytarz-300x422.jpg 300w, http:\/\/lapidarium.fundacja-hereditas.pl\/wp-content\/uploads\/2024\/12\/W_Kmiec_Wwa_Plocka_11_drzwi_z_klatki_sluzbowej_na_korytarz-696x979.jpg 696w, http:\/\/lapidarium.fundacja-hereditas.pl\/wp-content\/uploads\/2024\/12\/W_Kmiec_Wwa_Plocka_11_drzwi_z_klatki_sluzbowej_na_korytarz-1068x1502.jpg 1068w, http:\/\/lapidarium.fundacja-hereditas.pl\/wp-content\/uploads\/2024\/12\/W_Kmiec_Wwa_Plocka_11_drzwi_z_klatki_sluzbowej_na_korytarz-1920x2699.jpg 1920w, http:\/\/lapidarium.fundacja-hereditas.pl\/wp-content\/uploads\/2024\/12\/W_Kmiec_Wwa_Plocka_11_drzwi_z_klatki_sluzbowej_na_korytarz-scaled.jpg 1821w\" sizes=\"auto, (max-width: 728px) 100vw, 728px\" \/><figcaption class=\"wp-element-caption\">Klatka s\u0142u\u017cbowa &#8211; drzwi. Fot. Wojciech Kmie\u0107, 2024 r., \u017ar\u00f3d\u0142o: \u201eStudeo et Conservo\u201d \u2013 (XIX edycja).<\/figcaption><\/figure>\n\n\n\n<figure class=\"wp-block-image size-large\"><img loading=\"lazy\" decoding=\"async\" width=\"776\" height=\"1024\" data-id=\"32643\" src=\"http:\/\/lapidarium.fundacja-hereditas.pl\/wp-content\/uploads\/2024\/12\/W_Kmiec_Wwa_Plocka_11_drzwi_z_klatki_sluzbowej_na_korytarz_3-776x1024.jpg\" alt=\"\" class=\"wp-image-32643\" srcset=\"http:\/\/lapidarium.fundacja-hereditas.pl\/wp-content\/uploads\/2024\/12\/W_Kmiec_Wwa_Plocka_11_drzwi_z_klatki_sluzbowej_na_korytarz_3-776x1024.jpg 776w, http:\/\/lapidarium.fundacja-hereditas.pl\/wp-content\/uploads\/2024\/12\/W_Kmiec_Wwa_Plocka_11_drzwi_z_klatki_sluzbowej_na_korytarz_3-227x300.jpg 227w, http:\/\/lapidarium.fundacja-hereditas.pl\/wp-content\/uploads\/2024\/12\/W_Kmiec_Wwa_Plocka_11_drzwi_z_klatki_sluzbowej_na_korytarz_3-768x1014.jpg 768w, http:\/\/lapidarium.fundacja-hereditas.pl\/wp-content\/uploads\/2024\/12\/W_Kmiec_Wwa_Plocka_11_drzwi_z_klatki_sluzbowej_na_korytarz_3-1164x1536.jpg 1164w, http:\/\/lapidarium.fundacja-hereditas.pl\/wp-content\/uploads\/2024\/12\/W_Kmiec_Wwa_Plocka_11_drzwi_z_klatki_sluzbowej_na_korytarz_3-1551x2048.jpg 1551w, http:\/\/lapidarium.fundacja-hereditas.pl\/wp-content\/uploads\/2024\/12\/W_Kmiec_Wwa_Plocka_11_drzwi_z_klatki_sluzbowej_na_korytarz_3-150x198.jpg 150w, http:\/\/lapidarium.fundacja-hereditas.pl\/wp-content\/uploads\/2024\/12\/W_Kmiec_Wwa_Plocka_11_drzwi_z_klatki_sluzbowej_na_korytarz_3-300x396.jpg 300w, http:\/\/lapidarium.fundacja-hereditas.pl\/wp-content\/uploads\/2024\/12\/W_Kmiec_Wwa_Plocka_11_drzwi_z_klatki_sluzbowej_na_korytarz_3-696x919.jpg 696w, http:\/\/lapidarium.fundacja-hereditas.pl\/wp-content\/uploads\/2024\/12\/W_Kmiec_Wwa_Plocka_11_drzwi_z_klatki_sluzbowej_na_korytarz_3-1068x1410.jpg 1068w, http:\/\/lapidarium.fundacja-hereditas.pl\/wp-content\/uploads\/2024\/12\/W_Kmiec_Wwa_Plocka_11_drzwi_z_klatki_sluzbowej_na_korytarz_3-1920x2535.jpg 1920w, http:\/\/lapidarium.fundacja-hereditas.pl\/wp-content\/uploads\/2024\/12\/W_Kmiec_Wwa_Plocka_11_drzwi_z_klatki_sluzbowej_na_korytarz_3-scaled.jpg 1939w\" sizes=\"auto, (max-width: 776px) 100vw, 776px\" \/><figcaption class=\"wp-element-caption\">Klatka s\u0142u\u017cbowa &#8211; klamka do drzwi mieszkania. Fot. Wojciech Kmie\u0107, 2024 r., \u017ar\u00f3d\u0142o: \u201eStudeo et Conservo\u201d \u2013 (XIX edycja).<\/figcaption><\/figure>\n\n\n\n<figure class=\"wp-block-image size-large\"><img loading=\"lazy\" decoding=\"async\" width=\"1024\" height=\"740\" data-id=\"32644\" src=\"http:\/\/lapidarium.fundacja-hereditas.pl\/wp-content\/uploads\/2024\/12\/W_Kmiec_Wwa_Plocka_11_fasada_2-1024x740.jpg\" alt=\"\" class=\"wp-image-32644\" srcset=\"http:\/\/lapidarium.fundacja-hereditas.pl\/wp-content\/uploads\/2024\/12\/W_Kmiec_Wwa_Plocka_11_fasada_2-1024x740.jpg 1024w, http:\/\/lapidarium.fundacja-hereditas.pl\/wp-content\/uploads\/2024\/12\/W_Kmiec_Wwa_Plocka_11_fasada_2-300x217.jpg 300w, http:\/\/lapidarium.fundacja-hereditas.pl\/wp-content\/uploads\/2024\/12\/W_Kmiec_Wwa_Plocka_11_fasada_2-768x555.jpg 768w, http:\/\/lapidarium.fundacja-hereditas.pl\/wp-content\/uploads\/2024\/12\/W_Kmiec_Wwa_Plocka_11_fasada_2-1536x1110.jpg 1536w, http:\/\/lapidarium.fundacja-hereditas.pl\/wp-content\/uploads\/2024\/12\/W_Kmiec_Wwa_Plocka_11_fasada_2-2048x1481.jpg 2048w, http:\/\/lapidarium.fundacja-hereditas.pl\/wp-content\/uploads\/2024\/12\/W_Kmiec_Wwa_Plocka_11_fasada_2-150x108.jpg 150w, http:\/\/lapidarium.fundacja-hereditas.pl\/wp-content\/uploads\/2024\/12\/W_Kmiec_Wwa_Plocka_11_fasada_2-696x503.jpg 696w, http:\/\/lapidarium.fundacja-hereditas.pl\/wp-content\/uploads\/2024\/12\/W_Kmiec_Wwa_Plocka_11_fasada_2-1068x772.jpg 1068w, http:\/\/lapidarium.fundacja-hereditas.pl\/wp-content\/uploads\/2024\/12\/W_Kmiec_Wwa_Plocka_11_fasada_2-1920x1388.jpg 1920w\" sizes=\"auto, (max-width: 1024px) 100vw, 1024px\" \/><figcaption class=\"wp-element-caption\">Elewacja po\u0142udniowa. Fot. Wojciech Kmie\u0107, 2024 r., \u017ar\u00f3d\u0142o: \u201eStudeo et Conservo\u201d \u2013 (XIX edycja).<\/figcaption><\/figure>\n\n\n\n<figure class=\"wp-block-image size-large\"><img loading=\"lazy\" decoding=\"async\" width=\"823\" height=\"1024\" data-id=\"32640\" src=\"http:\/\/lapidarium.fundacja-hereditas.pl\/wp-content\/uploads\/2024\/12\/W_Kmiec_Wwa_Plocka_11_fasada_3-823x1024.jpg\" alt=\"\" class=\"wp-image-32640\" srcset=\"http:\/\/lapidarium.fundacja-hereditas.pl\/wp-content\/uploads\/2024\/12\/W_Kmiec_Wwa_Plocka_11_fasada_3-823x1024.jpg 823w, http:\/\/lapidarium.fundacja-hereditas.pl\/wp-content\/uploads\/2024\/12\/W_Kmiec_Wwa_Plocka_11_fasada_3-241x300.jpg 241w, http:\/\/lapidarium.fundacja-hereditas.pl\/wp-content\/uploads\/2024\/12\/W_Kmiec_Wwa_Plocka_11_fasada_3-768x955.jpg 768w, http:\/\/lapidarium.fundacja-hereditas.pl\/wp-content\/uploads\/2024\/12\/W_Kmiec_Wwa_Plocka_11_fasada_3-1235x1536.jpg 1235w, http:\/\/lapidarium.fundacja-hereditas.pl\/wp-content\/uploads\/2024\/12\/W_Kmiec_Wwa_Plocka_11_fasada_3-1646x2048.jpg 1646w, http:\/\/lapidarium.fundacja-hereditas.pl\/wp-content\/uploads\/2024\/12\/W_Kmiec_Wwa_Plocka_11_fasada_3-150x187.jpg 150w, http:\/\/lapidarium.fundacja-hereditas.pl\/wp-content\/uploads\/2024\/12\/W_Kmiec_Wwa_Plocka_11_fasada_3-300x373.jpg 300w, http:\/\/lapidarium.fundacja-hereditas.pl\/wp-content\/uploads\/2024\/12\/W_Kmiec_Wwa_Plocka_11_fasada_3-696x866.jpg 696w, http:\/\/lapidarium.fundacja-hereditas.pl\/wp-content\/uploads\/2024\/12\/W_Kmiec_Wwa_Plocka_11_fasada_3-1068x1329.jpg 1068w, http:\/\/lapidarium.fundacja-hereditas.pl\/wp-content\/uploads\/2024\/12\/W_Kmiec_Wwa_Plocka_11_fasada_3-1920x2388.jpg 1920w\" sizes=\"auto, (max-width: 823px) 100vw, 823px\" \/><figcaption class=\"wp-element-caption\">Elewacja po\u0142udniowa. Fot. Wojciech Kmie\u0107, 2024 r., \u017ar\u00f3d\u0142o: \u201eStudeo et Conservo\u201d \u2013 (XIX edycja).<\/figcaption><\/figure>\n\n\n\n<figure class=\"wp-block-image size-large\"><img loading=\"lazy\" decoding=\"async\" width=\"975\" height=\"1024\" data-id=\"32642\" src=\"http:\/\/lapidarium.fundacja-hereditas.pl\/wp-content\/uploads\/2024\/12\/W_Kmiec_Wwa_Plocka_11_fasada_4-975x1024.jpg\" alt=\"\" class=\"wp-image-32642\" srcset=\"http:\/\/lapidarium.fundacja-hereditas.pl\/wp-content\/uploads\/2024\/12\/W_Kmiec_Wwa_Plocka_11_fasada_4-975x1024.jpg 975w, http:\/\/lapidarium.fundacja-hereditas.pl\/wp-content\/uploads\/2024\/12\/W_Kmiec_Wwa_Plocka_11_fasada_4-286x300.jpg 286w, http:\/\/lapidarium.fundacja-hereditas.pl\/wp-content\/uploads\/2024\/12\/W_Kmiec_Wwa_Plocka_11_fasada_4-768x806.jpg 768w, http:\/\/lapidarium.fundacja-hereditas.pl\/wp-content\/uploads\/2024\/12\/W_Kmiec_Wwa_Plocka_11_fasada_4-1463x1536.jpg 1463w, http:\/\/lapidarium.fundacja-hereditas.pl\/wp-content\/uploads\/2024\/12\/W_Kmiec_Wwa_Plocka_11_fasada_4-1951x2048.jpg 1951w, http:\/\/lapidarium.fundacja-hereditas.pl\/wp-content\/uploads\/2024\/12\/W_Kmiec_Wwa_Plocka_11_fasada_4-150x157.jpg 150w, http:\/\/lapidarium.fundacja-hereditas.pl\/wp-content\/uploads\/2024\/12\/W_Kmiec_Wwa_Plocka_11_fasada_4-300x315.jpg 300w, http:\/\/lapidarium.fundacja-hereditas.pl\/wp-content\/uploads\/2024\/12\/W_Kmiec_Wwa_Plocka_11_fasada_4-696x731.jpg 696w, http:\/\/lapidarium.fundacja-hereditas.pl\/wp-content\/uploads\/2024\/12\/W_Kmiec_Wwa_Plocka_11_fasada_4-1068x1121.jpg 1068w, http:\/\/lapidarium.fundacja-hereditas.pl\/wp-content\/uploads\/2024\/12\/W_Kmiec_Wwa_Plocka_11_fasada_4-1920x2016.jpg 1920w\" sizes=\"auto, (max-width: 975px) 100vw, 975px\" \/><figcaption class=\"wp-element-caption\">Elewacja po\u0142udniowa. Fot. Wojciech Kmie\u0107, 2024 r., \u017ar\u00f3d\u0142o: \u201eStudeo et Conservo\u201d \u2013 (XIX edycja).<\/figcaption><\/figure>\n\n\n\n<figure class=\"wp-block-image size-large\"><img loading=\"lazy\" decoding=\"async\" width=\"1024\" height=\"769\" data-id=\"32645\" src=\"http:\/\/lapidarium.fundacja-hereditas.pl\/wp-content\/uploads\/2024\/12\/W_Kmiec_Wwa_Plocka_11_fasada_poluniowa_pierwsze_okno_od_wschodu_2-1024x769.jpg\" alt=\"\" class=\"wp-image-32645\" srcset=\"http:\/\/lapidarium.fundacja-hereditas.pl\/wp-content\/uploads\/2024\/12\/W_Kmiec_Wwa_Plocka_11_fasada_poluniowa_pierwsze_okno_od_wschodu_2-1024x769.jpg 1024w, http:\/\/lapidarium.fundacja-hereditas.pl\/wp-content\/uploads\/2024\/12\/W_Kmiec_Wwa_Plocka_11_fasada_poluniowa_pierwsze_okno_od_wschodu_2-300x225.jpg 300w, http:\/\/lapidarium.fundacja-hereditas.pl\/wp-content\/uploads\/2024\/12\/W_Kmiec_Wwa_Plocka_11_fasada_poluniowa_pierwsze_okno_od_wschodu_2-768x577.jpg 768w, http:\/\/lapidarium.fundacja-hereditas.pl\/wp-content\/uploads\/2024\/12\/W_Kmiec_Wwa_Plocka_11_fasada_poluniowa_pierwsze_okno_od_wschodu_2-1536x1154.jpg 1536w, http:\/\/lapidarium.fundacja-hereditas.pl\/wp-content\/uploads\/2024\/12\/W_Kmiec_Wwa_Plocka_11_fasada_poluniowa_pierwsze_okno_od_wschodu_2-2048x1539.jpg 2048w, http:\/\/lapidarium.fundacja-hereditas.pl\/wp-content\/uploads\/2024\/12\/W_Kmiec_Wwa_Plocka_11_fasada_poluniowa_pierwsze_okno_od_wschodu_2-150x113.jpg 150w, http:\/\/lapidarium.fundacja-hereditas.pl\/wp-content\/uploads\/2024\/12\/W_Kmiec_Wwa_Plocka_11_fasada_poluniowa_pierwsze_okno_od_wschodu_2-696x523.jpg 696w, http:\/\/lapidarium.fundacja-hereditas.pl\/wp-content\/uploads\/2024\/12\/W_Kmiec_Wwa_Plocka_11_fasada_poluniowa_pierwsze_okno_od_wschodu_2-1068x802.jpg 1068w, http:\/\/lapidarium.fundacja-hereditas.pl\/wp-content\/uploads\/2024\/12\/W_Kmiec_Wwa_Plocka_11_fasada_poluniowa_pierwsze_okno_od_wschodu_2-1920x1443.jpg 1920w\" sizes=\"auto, (max-width: 1024px) 100vw, 1024px\" \/><figcaption class=\"wp-element-caption\">Elewacja po\u0142udniowa. Uchwyt na donic\u0119. Fot. Wojciech Kmie\u0107, 2024 r., \u017ar\u00f3d\u0142o: \u201eStudeo et Conservo\u201d \u2013 (XIX edycja).<\/figcaption><\/figure>\n\n\n\n<figure class=\"wp-block-image size-large\"><img loading=\"lazy\" decoding=\"async\" width=\"761\" height=\"1024\" data-id=\"32646\" src=\"http:\/\/lapidarium.fundacja-hereditas.pl\/wp-content\/uploads\/2024\/12\/W_Kmiec_Wwa_Plocka_11_klatka_glowna-761x1024.jpg\" alt=\"\" class=\"wp-image-32646\" srcset=\"http:\/\/lapidarium.fundacja-hereditas.pl\/wp-content\/uploads\/2024\/12\/W_Kmiec_Wwa_Plocka_11_klatka_glowna-761x1024.jpg 761w, http:\/\/lapidarium.fundacja-hereditas.pl\/wp-content\/uploads\/2024\/12\/W_Kmiec_Wwa_Plocka_11_klatka_glowna-223x300.jpg 223w, http:\/\/lapidarium.fundacja-hereditas.pl\/wp-content\/uploads\/2024\/12\/W_Kmiec_Wwa_Plocka_11_klatka_glowna-768x1033.jpg 768w, http:\/\/lapidarium.fundacja-hereditas.pl\/wp-content\/uploads\/2024\/12\/W_Kmiec_Wwa_Plocka_11_klatka_glowna-1142x1536.jpg 1142w, http:\/\/lapidarium.fundacja-hereditas.pl\/wp-content\/uploads\/2024\/12\/W_Kmiec_Wwa_Plocka_11_klatka_glowna-1522x2048.jpg 1522w, http:\/\/lapidarium.fundacja-hereditas.pl\/wp-content\/uploads\/2024\/12\/W_Kmiec_Wwa_Plocka_11_klatka_glowna-150x202.jpg 150w, http:\/\/lapidarium.fundacja-hereditas.pl\/wp-content\/uploads\/2024\/12\/W_Kmiec_Wwa_Plocka_11_klatka_glowna-300x404.jpg 300w, http:\/\/lapidarium.fundacja-hereditas.pl\/wp-content\/uploads\/2024\/12\/W_Kmiec_Wwa_Plocka_11_klatka_glowna-696x936.jpg 696w, http:\/\/lapidarium.fundacja-hereditas.pl\/wp-content\/uploads\/2024\/12\/W_Kmiec_Wwa_Plocka_11_klatka_glowna-1068x1437.jpg 1068w, http:\/\/lapidarium.fundacja-hereditas.pl\/wp-content\/uploads\/2024\/12\/W_Kmiec_Wwa_Plocka_11_klatka_glowna-1920x2583.jpg 1920w, http:\/\/lapidarium.fundacja-hereditas.pl\/wp-content\/uploads\/2024\/12\/W_Kmiec_Wwa_Plocka_11_klatka_glowna-scaled.jpg 1903w\" sizes=\"auto, (max-width: 761px) 100vw, 761px\" \/><figcaption class=\"wp-element-caption\">Klatka g\u0142\u00f3wna &#8211; ostatnie pi\u0119tro. Fot. Wojciech Kmie\u0107, 2024 r., \u017ar\u00f3d\u0142o: \u201eStudeo et Conservo\u201d \u2013 (XIX edycja).<\/figcaption><\/figure>\n\n\n\n<figure class=\"wp-block-image size-large\"><img loading=\"lazy\" decoding=\"async\" width=\"769\" height=\"1024\" data-id=\"32647\" src=\"http:\/\/lapidarium.fundacja-hereditas.pl\/wp-content\/uploads\/2024\/12\/W_Kmiec_Wwa_Plocka_11_klatka_glowna_2-769x1024.jpg\" alt=\"\" class=\"wp-image-32647\" srcset=\"http:\/\/lapidarium.fundacja-hereditas.pl\/wp-content\/uploads\/2024\/12\/W_Kmiec_Wwa_Plocka_11_klatka_glowna_2-769x1024.jpg 769w, http:\/\/lapidarium.fundacja-hereditas.pl\/wp-content\/uploads\/2024\/12\/W_Kmiec_Wwa_Plocka_11_klatka_glowna_2-225x300.jpg 225w, http:\/\/lapidarium.fundacja-hereditas.pl\/wp-content\/uploads\/2024\/12\/W_Kmiec_Wwa_Plocka_11_klatka_glowna_2-768x1022.jpg 768w, http:\/\/lapidarium.fundacja-hereditas.pl\/wp-content\/uploads\/2024\/12\/W_Kmiec_Wwa_Plocka_11_klatka_glowna_2-1154x1536.jpg 1154w, http:\/\/lapidarium.fundacja-hereditas.pl\/wp-content\/uploads\/2024\/12\/W_Kmiec_Wwa_Plocka_11_klatka_glowna_2-1539x2048.jpg 1539w, http:\/\/lapidarium.fundacja-hereditas.pl\/wp-content\/uploads\/2024\/12\/W_Kmiec_Wwa_Plocka_11_klatka_glowna_2-150x200.jpg 150w, http:\/\/lapidarium.fundacja-hereditas.pl\/wp-content\/uploads\/2024\/12\/W_Kmiec_Wwa_Plocka_11_klatka_glowna_2-300x399.jpg 300w, http:\/\/lapidarium.fundacja-hereditas.pl\/wp-content\/uploads\/2024\/12\/W_Kmiec_Wwa_Plocka_11_klatka_glowna_2-696x926.jpg 696w, http:\/\/lapidarium.fundacja-hereditas.pl\/wp-content\/uploads\/2024\/12\/W_Kmiec_Wwa_Plocka_11_klatka_glowna_2-1068x1422.jpg 1068w, http:\/\/lapidarium.fundacja-hereditas.pl\/wp-content\/uploads\/2024\/12\/W_Kmiec_Wwa_Plocka_11_klatka_glowna_2-1920x2556.jpg 1920w, http:\/\/lapidarium.fundacja-hereditas.pl\/wp-content\/uploads\/2024\/12\/W_Kmiec_Wwa_Plocka_11_klatka_glowna_2-scaled.jpg 1923w\" sizes=\"auto, (max-width: 769px) 100vw, 769px\" \/><figcaption class=\"wp-element-caption\">Klatka g\u0142\u00f3wna &#8211; ostatnie pi\u0119tro. Fot. Wojciech Kmie\u0107, 2024 r., \u017ar\u00f3d\u0142o: \u201eStudeo et Conservo\u201d \u2013 (XIX edycja).<\/figcaption><\/figure>\n\n\n\n<figure class=\"wp-block-image size-large\"><img loading=\"lazy\" decoding=\"async\" width=\"748\" height=\"1024\" data-id=\"32648\" src=\"http:\/\/lapidarium.fundacja-hereditas.pl\/wp-content\/uploads\/2024\/12\/W_Kmiec_Wwa_Plocka_11_klatka_glowna_4-748x1024.jpg\" alt=\"\" class=\"wp-image-32648\" srcset=\"http:\/\/lapidarium.fundacja-hereditas.pl\/wp-content\/uploads\/2024\/12\/W_Kmiec_Wwa_Plocka_11_klatka_glowna_4-748x1024.jpg 748w, http:\/\/lapidarium.fundacja-hereditas.pl\/wp-content\/uploads\/2024\/12\/W_Kmiec_Wwa_Plocka_11_klatka_glowna_4-219x300.jpg 219w, http:\/\/lapidarium.fundacja-hereditas.pl\/wp-content\/uploads\/2024\/12\/W_Kmiec_Wwa_Plocka_11_klatka_glowna_4-768x1051.jpg 768w, http:\/\/lapidarium.fundacja-hereditas.pl\/wp-content\/uploads\/2024\/12\/W_Kmiec_Wwa_Plocka_11_klatka_glowna_4-1122x1536.jpg 1122w, http:\/\/lapidarium.fundacja-hereditas.pl\/wp-content\/uploads\/2024\/12\/W_Kmiec_Wwa_Plocka_11_klatka_glowna_4-1496x2048.jpg 1496w, http:\/\/lapidarium.fundacja-hereditas.pl\/wp-content\/uploads\/2024\/12\/W_Kmiec_Wwa_Plocka_11_klatka_glowna_4-150x205.jpg 150w, http:\/\/lapidarium.fundacja-hereditas.pl\/wp-content\/uploads\/2024\/12\/W_Kmiec_Wwa_Plocka_11_klatka_glowna_4-300x411.jpg 300w, http:\/\/lapidarium.fundacja-hereditas.pl\/wp-content\/uploads\/2024\/12\/W_Kmiec_Wwa_Plocka_11_klatka_glowna_4-696x953.jpg 696w, http:\/\/lapidarium.fundacja-hereditas.pl\/wp-content\/uploads\/2024\/12\/W_Kmiec_Wwa_Plocka_11_klatka_glowna_4-1068x1462.jpg 1068w, http:\/\/lapidarium.fundacja-hereditas.pl\/wp-content\/uploads\/2024\/12\/W_Kmiec_Wwa_Plocka_11_klatka_glowna_4-1920x2628.jpg 1920w, http:\/\/lapidarium.fundacja-hereditas.pl\/wp-content\/uploads\/2024\/12\/W_Kmiec_Wwa_Plocka_11_klatka_glowna_4-scaled.jpg 1870w\" sizes=\"auto, (max-width: 748px) 100vw, 748px\" \/><figcaption class=\"wp-element-caption\">Klatka g\u0142\u00f3wna &#8211; policzki i balustrada schod\u00f3w. Fot. Wojciech Kmie\u0107, 2024 r., \u017ar\u00f3d\u0142o: \u201eStudeo et Conservo\u201d \u2013 (XIX edycja).<\/figcaption><\/figure>\n\n\n\n<figure class=\"wp-block-image size-large\"><img loading=\"lazy\" decoding=\"async\" width=\"1024\" height=\"791\" data-id=\"32649\" src=\"http:\/\/lapidarium.fundacja-hereditas.pl\/wp-content\/uploads\/2024\/12\/W_Kmiec_Wwa_Plocka_11_klatka_glowna_5-1024x791.jpg\" alt=\"\" class=\"wp-image-32649\" srcset=\"http:\/\/lapidarium.fundacja-hereditas.pl\/wp-content\/uploads\/2024\/12\/W_Kmiec_Wwa_Plocka_11_klatka_glowna_5-1024x791.jpg 1024w, http:\/\/lapidarium.fundacja-hereditas.pl\/wp-content\/uploads\/2024\/12\/W_Kmiec_Wwa_Plocka_11_klatka_glowna_5-300x232.jpg 300w, http:\/\/lapidarium.fundacja-hereditas.pl\/wp-content\/uploads\/2024\/12\/W_Kmiec_Wwa_Plocka_11_klatka_glowna_5-768x593.jpg 768w, http:\/\/lapidarium.fundacja-hereditas.pl\/wp-content\/uploads\/2024\/12\/W_Kmiec_Wwa_Plocka_11_klatka_glowna_5-1536x1186.jpg 1536w, http:\/\/lapidarium.fundacja-hereditas.pl\/wp-content\/uploads\/2024\/12\/W_Kmiec_Wwa_Plocka_11_klatka_glowna_5-2048x1582.jpg 2048w, http:\/\/lapidarium.fundacja-hereditas.pl\/wp-content\/uploads\/2024\/12\/W_Kmiec_Wwa_Plocka_11_klatka_glowna_5-150x116.jpg 150w, http:\/\/lapidarium.fundacja-hereditas.pl\/wp-content\/uploads\/2024\/12\/W_Kmiec_Wwa_Plocka_11_klatka_glowna_5-696x538.jpg 696w, http:\/\/lapidarium.fundacja-hereditas.pl\/wp-content\/uploads\/2024\/12\/W_Kmiec_Wwa_Plocka_11_klatka_glowna_5-1068x825.jpg 1068w, http:\/\/lapidarium.fundacja-hereditas.pl\/wp-content\/uploads\/2024\/12\/W_Kmiec_Wwa_Plocka_11_klatka_glowna_5-1920x1483.jpg 1920w\" sizes=\"auto, (max-width: 1024px) 100vw, 1024px\" \/><figcaption class=\"wp-element-caption\">Klatka g\u0142\u00f3wna &#8211; marmurowe ok\u0142adziny stopni. Fot. Wojciech Kmie\u0107, 2024 r., \u017ar\u00f3d\u0142o: \u201eStudeo et Conservo\u201d \u2013 (XIX edycja).<\/figcaption><\/figure>\n\n\n\n<figure class=\"wp-block-image size-large\"><img loading=\"lazy\" decoding=\"async\" width=\"769\" height=\"1024\" data-id=\"32651\" src=\"http:\/\/lapidarium.fundacja-hereditas.pl\/wp-content\/uploads\/2024\/12\/W_Kmiec_Wwa_Plocka_11_klatka_sluzbowa-769x1024.jpg\" alt=\"\" class=\"wp-image-32651\" srcset=\"http:\/\/lapidarium.fundacja-hereditas.pl\/wp-content\/uploads\/2024\/12\/W_Kmiec_Wwa_Plocka_11_klatka_sluzbowa-769x1024.jpg 769w, http:\/\/lapidarium.fundacja-hereditas.pl\/wp-content\/uploads\/2024\/12\/W_Kmiec_Wwa_Plocka_11_klatka_sluzbowa-225x300.jpg 225w, http:\/\/lapidarium.fundacja-hereditas.pl\/wp-content\/uploads\/2024\/12\/W_Kmiec_Wwa_Plocka_11_klatka_sluzbowa-768x1022.jpg 768w, http:\/\/lapidarium.fundacja-hereditas.pl\/wp-content\/uploads\/2024\/12\/W_Kmiec_Wwa_Plocka_11_klatka_sluzbowa-1154x1536.jpg 1154w, http:\/\/lapidarium.fundacja-hereditas.pl\/wp-content\/uploads\/2024\/12\/W_Kmiec_Wwa_Plocka_11_klatka_sluzbowa-1539x2048.jpg 1539w, http:\/\/lapidarium.fundacja-hereditas.pl\/wp-content\/uploads\/2024\/12\/W_Kmiec_Wwa_Plocka_11_klatka_sluzbowa-150x200.jpg 150w, http:\/\/lapidarium.fundacja-hereditas.pl\/wp-content\/uploads\/2024\/12\/W_Kmiec_Wwa_Plocka_11_klatka_sluzbowa-300x399.jpg 300w, http:\/\/lapidarium.fundacja-hereditas.pl\/wp-content\/uploads\/2024\/12\/W_Kmiec_Wwa_Plocka_11_klatka_sluzbowa-696x926.jpg 696w, http:\/\/lapidarium.fundacja-hereditas.pl\/wp-content\/uploads\/2024\/12\/W_Kmiec_Wwa_Plocka_11_klatka_sluzbowa-1068x1422.jpg 1068w, http:\/\/lapidarium.fundacja-hereditas.pl\/wp-content\/uploads\/2024\/12\/W_Kmiec_Wwa_Plocka_11_klatka_sluzbowa-1920x2556.jpg 1920w, http:\/\/lapidarium.fundacja-hereditas.pl\/wp-content\/uploads\/2024\/12\/W_Kmiec_Wwa_Plocka_11_klatka_sluzbowa-scaled.jpg 1923w\" sizes=\"auto, (max-width: 769px) 100vw, 769px\" \/><figcaption class=\"wp-element-caption\">Klatka s\u0142u\u017cbowa. Parter. Fot. Wojciech Kmie\u0107, 2024 r., \u017ar\u00f3d\u0142o: \u201eStudeo et Conservo\u201d \u2013 (XIX edycja).<\/figcaption><\/figure>\n\n\n\n<figure class=\"wp-block-image size-large\"><img loading=\"lazy\" decoding=\"async\" width=\"769\" height=\"1024\" data-id=\"32650\" src=\"http:\/\/lapidarium.fundacja-hereditas.pl\/wp-content\/uploads\/2024\/12\/W_Kmiec_Wwa_Plocka_11_klatka_sluzbowa_drzwi-769x1024.jpg\" alt=\"\" class=\"wp-image-32650\" srcset=\"http:\/\/lapidarium.fundacja-hereditas.pl\/wp-content\/uploads\/2024\/12\/W_Kmiec_Wwa_Plocka_11_klatka_sluzbowa_drzwi-769x1024.jpg 769w, http:\/\/lapidarium.fundacja-hereditas.pl\/wp-content\/uploads\/2024\/12\/W_Kmiec_Wwa_Plocka_11_klatka_sluzbowa_drzwi-225x300.jpg 225w, http:\/\/lapidarium.fundacja-hereditas.pl\/wp-content\/uploads\/2024\/12\/W_Kmiec_Wwa_Plocka_11_klatka_sluzbowa_drzwi-768x1022.jpg 768w, http:\/\/lapidarium.fundacja-hereditas.pl\/wp-content\/uploads\/2024\/12\/W_Kmiec_Wwa_Plocka_11_klatka_sluzbowa_drzwi-1154x1536.jpg 1154w, http:\/\/lapidarium.fundacja-hereditas.pl\/wp-content\/uploads\/2024\/12\/W_Kmiec_Wwa_Plocka_11_klatka_sluzbowa_drzwi-1539x2048.jpg 1539w, http:\/\/lapidarium.fundacja-hereditas.pl\/wp-content\/uploads\/2024\/12\/W_Kmiec_Wwa_Plocka_11_klatka_sluzbowa_drzwi-150x200.jpg 150w, http:\/\/lapidarium.fundacja-hereditas.pl\/wp-content\/uploads\/2024\/12\/W_Kmiec_Wwa_Plocka_11_klatka_sluzbowa_drzwi-300x399.jpg 300w, http:\/\/lapidarium.fundacja-hereditas.pl\/wp-content\/uploads\/2024\/12\/W_Kmiec_Wwa_Plocka_11_klatka_sluzbowa_drzwi-696x926.jpg 696w, http:\/\/lapidarium.fundacja-hereditas.pl\/wp-content\/uploads\/2024\/12\/W_Kmiec_Wwa_Plocka_11_klatka_sluzbowa_drzwi-1068x1422.jpg 1068w, http:\/\/lapidarium.fundacja-hereditas.pl\/wp-content\/uploads\/2024\/12\/W_Kmiec_Wwa_Plocka_11_klatka_sluzbowa_drzwi-1920x2556.jpg 1920w, http:\/\/lapidarium.fundacja-hereditas.pl\/wp-content\/uploads\/2024\/12\/W_Kmiec_Wwa_Plocka_11_klatka_sluzbowa_drzwi-scaled.jpg 1923w\" sizes=\"auto, (max-width: 769px) 100vw, 769px\" \/><figcaption class=\"wp-element-caption\">Klatka s\u0142u\u017cbowa. Wej\u015bcie od p\u00f3\u0142nocy. Fot. Wojciech Kmie\u0107, 2024 r., \u017ar\u00f3d\u0142o: \u201eStudeo et Conservo\u201d \u2013 (XIX edycja).<\/figcaption><\/figure>\n\n\n\n<figure class=\"wp-block-image size-large\"><img loading=\"lazy\" decoding=\"async\" width=\"879\" height=\"1024\" data-id=\"32652\" src=\"http:\/\/lapidarium.fundacja-hereditas.pl\/wp-content\/uploads\/2024\/12\/W_Kmiec_Wwa_Plocka_11_klatka_sluzbowa_pochwyt-879x1024.jpg\" alt=\"\" class=\"wp-image-32652\" srcset=\"http:\/\/lapidarium.fundacja-hereditas.pl\/wp-content\/uploads\/2024\/12\/W_Kmiec_Wwa_Plocka_11_klatka_sluzbowa_pochwyt-879x1024.jpg 879w, http:\/\/lapidarium.fundacja-hereditas.pl\/wp-content\/uploads\/2024\/12\/W_Kmiec_Wwa_Plocka_11_klatka_sluzbowa_pochwyt-257x300.jpg 257w, http:\/\/lapidarium.fundacja-hereditas.pl\/wp-content\/uploads\/2024\/12\/W_Kmiec_Wwa_Plocka_11_klatka_sluzbowa_pochwyt-768x895.jpg 768w, http:\/\/lapidarium.fundacja-hereditas.pl\/wp-content\/uploads\/2024\/12\/W_Kmiec_Wwa_Plocka_11_klatka_sluzbowa_pochwyt-1318x1536.jpg 1318w, http:\/\/lapidarium.fundacja-hereditas.pl\/wp-content\/uploads\/2024\/12\/W_Kmiec_Wwa_Plocka_11_klatka_sluzbowa_pochwyt-1757x2048.jpg 1757w, http:\/\/lapidarium.fundacja-hereditas.pl\/wp-content\/uploads\/2024\/12\/W_Kmiec_Wwa_Plocka_11_klatka_sluzbowa_pochwyt-150x175.jpg 150w, http:\/\/lapidarium.fundacja-hereditas.pl\/wp-content\/uploads\/2024\/12\/W_Kmiec_Wwa_Plocka_11_klatka_sluzbowa_pochwyt-300x350.jpg 300w, http:\/\/lapidarium.fundacja-hereditas.pl\/wp-content\/uploads\/2024\/12\/W_Kmiec_Wwa_Plocka_11_klatka_sluzbowa_pochwyt-696x811.jpg 696w, http:\/\/lapidarium.fundacja-hereditas.pl\/wp-content\/uploads\/2024\/12\/W_Kmiec_Wwa_Plocka_11_klatka_sluzbowa_pochwyt-1068x1245.jpg 1068w, http:\/\/lapidarium.fundacja-hereditas.pl\/wp-content\/uploads\/2024\/12\/W_Kmiec_Wwa_Plocka_11_klatka_sluzbowa_pochwyt-1920x2238.jpg 1920w\" sizes=\"auto, (max-width: 879px) 100vw, 879px\" \/><figcaption class=\"wp-element-caption\">Klatka s\u0142u\u017cbowa. Parter. Fot. Wojciech Kmie\u0107, 2024 r., \u017ar\u00f3d\u0142o: \u201eStudeo et Conservo\u201d \u2013 (XIX edycja).<\/figcaption><\/figure>\n\n\n\n<figure class=\"wp-block-image size-large\"><img loading=\"lazy\" decoding=\"async\" width=\"1024\" height=\"755\" data-id=\"32653\" src=\"http:\/\/lapidarium.fundacja-hereditas.pl\/wp-content\/uploads\/2024\/12\/W_Kmiec_Wwa_Plocka_11_klatka_sluzbowa_poddasze_5-1024x755.jpg\" alt=\"\" class=\"wp-image-32653\" srcset=\"http:\/\/lapidarium.fundacja-hereditas.pl\/wp-content\/uploads\/2024\/12\/W_Kmiec_Wwa_Plocka_11_klatka_sluzbowa_poddasze_5-1024x755.jpg 1024w, http:\/\/lapidarium.fundacja-hereditas.pl\/wp-content\/uploads\/2024\/12\/W_Kmiec_Wwa_Plocka_11_klatka_sluzbowa_poddasze_5-300x221.jpg 300w, http:\/\/lapidarium.fundacja-hereditas.pl\/wp-content\/uploads\/2024\/12\/W_Kmiec_Wwa_Plocka_11_klatka_sluzbowa_poddasze_5-768x566.jpg 768w, http:\/\/lapidarium.fundacja-hereditas.pl\/wp-content\/uploads\/2024\/12\/W_Kmiec_Wwa_Plocka_11_klatka_sluzbowa_poddasze_5-1536x1132.jpg 1536w, http:\/\/lapidarium.fundacja-hereditas.pl\/wp-content\/uploads\/2024\/12\/W_Kmiec_Wwa_Plocka_11_klatka_sluzbowa_poddasze_5-2048x1510.jpg 2048w, http:\/\/lapidarium.fundacja-hereditas.pl\/wp-content\/uploads\/2024\/12\/W_Kmiec_Wwa_Plocka_11_klatka_sluzbowa_poddasze_5-150x111.jpg 150w, http:\/\/lapidarium.fundacja-hereditas.pl\/wp-content\/uploads\/2024\/12\/W_Kmiec_Wwa_Plocka_11_klatka_sluzbowa_poddasze_5-696x513.jpg 696w, http:\/\/lapidarium.fundacja-hereditas.pl\/wp-content\/uploads\/2024\/12\/W_Kmiec_Wwa_Plocka_11_klatka_sluzbowa_poddasze_5-1068x787.jpg 1068w, http:\/\/lapidarium.fundacja-hereditas.pl\/wp-content\/uploads\/2024\/12\/W_Kmiec_Wwa_Plocka_11_klatka_sluzbowa_poddasze_5-1920x1415.jpg 1920w\" sizes=\"auto, (max-width: 1024px) 100vw, 1024px\" \/><figcaption class=\"wp-element-caption\">Poddasze &#8211; ocieplenie z odpad\u00f3w kaletniczych. Fot. Wojciech Kmie\u0107, 2024 r., \u017ar\u00f3d\u0142o: \u201eStudeo et Conservo\u201d \u2013 (XIX edycja).<\/figcaption><\/figure>\n\n\n\n<figure class=\"wp-block-image size-large\"><img loading=\"lazy\" decoding=\"async\" width=\"774\" height=\"1024\" data-id=\"32654\" src=\"http:\/\/lapidarium.fundacja-hereditas.pl\/wp-content\/uploads\/2024\/12\/W_Kmiec_Wwa_Plocka_11_klatka_sluzbowa_poddasze_7-774x1024.jpg\" alt=\"\" class=\"wp-image-32654\" srcset=\"http:\/\/lapidarium.fundacja-hereditas.pl\/wp-content\/uploads\/2024\/12\/W_Kmiec_Wwa_Plocka_11_klatka_sluzbowa_poddasze_7-774x1024.jpg 774w, http:\/\/lapidarium.fundacja-hereditas.pl\/wp-content\/uploads\/2024\/12\/W_Kmiec_Wwa_Plocka_11_klatka_sluzbowa_poddasze_7-227x300.jpg 227w, http:\/\/lapidarium.fundacja-hereditas.pl\/wp-content\/uploads\/2024\/12\/W_Kmiec_Wwa_Plocka_11_klatka_sluzbowa_poddasze_7-768x1016.jpg 768w, http:\/\/lapidarium.fundacja-hereditas.pl\/wp-content\/uploads\/2024\/12\/W_Kmiec_Wwa_Plocka_11_klatka_sluzbowa_poddasze_7-1161x1536.jpg 1161w, http:\/\/lapidarium.fundacja-hereditas.pl\/wp-content\/uploads\/2024\/12\/W_Kmiec_Wwa_Plocka_11_klatka_sluzbowa_poddasze_7-1548x2048.jpg 1548w, http:\/\/lapidarium.fundacja-hereditas.pl\/wp-content\/uploads\/2024\/12\/W_Kmiec_Wwa_Plocka_11_klatka_sluzbowa_poddasze_7-150x199.jpg 150w, http:\/\/lapidarium.fundacja-hereditas.pl\/wp-content\/uploads\/2024\/12\/W_Kmiec_Wwa_Plocka_11_klatka_sluzbowa_poddasze_7-300x397.jpg 300w, http:\/\/lapidarium.fundacja-hereditas.pl\/wp-content\/uploads\/2024\/12\/W_Kmiec_Wwa_Plocka_11_klatka_sluzbowa_poddasze_7-696x921.jpg 696w, http:\/\/lapidarium.fundacja-hereditas.pl\/wp-content\/uploads\/2024\/12\/W_Kmiec_Wwa_Plocka_11_klatka_sluzbowa_poddasze_7-1068x1413.jpg 1068w, http:\/\/lapidarium.fundacja-hereditas.pl\/wp-content\/uploads\/2024\/12\/W_Kmiec_Wwa_Plocka_11_klatka_sluzbowa_poddasze_7-1920x2541.jpg 1920w, http:\/\/lapidarium.fundacja-hereditas.pl\/wp-content\/uploads\/2024\/12\/W_Kmiec_Wwa_Plocka_11_klatka_sluzbowa_poddasze_7-scaled.jpg 1934w\" sizes=\"auto, (max-width: 774px) 100vw, 774px\" \/><figcaption class=\"wp-element-caption\">Poddasze &#8211; ocieplenie z odpad\u00f3w kaletniczych, kt\u00f3re wypad\u0142o z powa\u0142y. Fot. Wojciech Kmie\u0107, 2024 r., \u017ar\u00f3d\u0142o: \u201eStudeo et Conservo\u201d \u2013 (XIX edycja).<\/figcaption><\/figure>\n\n\n\n<figure class=\"wp-block-image size-large\"><img loading=\"lazy\" decoding=\"async\" width=\"1024\" height=\"771\" data-id=\"32657\" src=\"http:\/\/lapidarium.fundacja-hereditas.pl\/wp-content\/uploads\/2024\/12\/W_Kmiec_Wwa_Plocka_11_klatka_sluzbowa_posadzka-1024x771.jpg\" alt=\"\" class=\"wp-image-32657\" srcset=\"http:\/\/lapidarium.fundacja-hereditas.pl\/wp-content\/uploads\/2024\/12\/W_Kmiec_Wwa_Plocka_11_klatka_sluzbowa_posadzka-1024x771.jpg 1024w, http:\/\/lapidarium.fundacja-hereditas.pl\/wp-content\/uploads\/2024\/12\/W_Kmiec_Wwa_Plocka_11_klatka_sluzbowa_posadzka-300x226.jpg 300w, http:\/\/lapidarium.fundacja-hereditas.pl\/wp-content\/uploads\/2024\/12\/W_Kmiec_Wwa_Plocka_11_klatka_sluzbowa_posadzka-768x578.jpg 768w, http:\/\/lapidarium.fundacja-hereditas.pl\/wp-content\/uploads\/2024\/12\/W_Kmiec_Wwa_Plocka_11_klatka_sluzbowa_posadzka-1536x1156.jpg 1536w, http:\/\/lapidarium.fundacja-hereditas.pl\/wp-content\/uploads\/2024\/12\/W_Kmiec_Wwa_Plocka_11_klatka_sluzbowa_posadzka-2048x1541.jpg 2048w, http:\/\/lapidarium.fundacja-hereditas.pl\/wp-content\/uploads\/2024\/12\/W_Kmiec_Wwa_Plocka_11_klatka_sluzbowa_posadzka-150x113.jpg 150w, http:\/\/lapidarium.fundacja-hereditas.pl\/wp-content\/uploads\/2024\/12\/W_Kmiec_Wwa_Plocka_11_klatka_sluzbowa_posadzka-696x524.jpg 696w, http:\/\/lapidarium.fundacja-hereditas.pl\/wp-content\/uploads\/2024\/12\/W_Kmiec_Wwa_Plocka_11_klatka_sluzbowa_posadzka-1068x804.jpg 1068w, http:\/\/lapidarium.fundacja-hereditas.pl\/wp-content\/uploads\/2024\/12\/W_Kmiec_Wwa_Plocka_11_klatka_sluzbowa_posadzka-1920x1445.jpg 1920w\" sizes=\"auto, (max-width: 1024px) 100vw, 1024px\" \/><figcaption class=\"wp-element-caption\">Klatka s\u0142u\u017cbowa. Posadzka. Fot. Wojciech Kmie\u0107, 2024 r., \u017ar\u00f3d\u0142o: \u201eStudeo et Conservo\u201d \u2013 (XIX edycja).<\/figcaption><\/figure>\n\n\n\n<figure class=\"wp-block-image size-large\"><img loading=\"lazy\" decoding=\"async\" width=\"774\" height=\"1024\" data-id=\"32656\" src=\"http:\/\/lapidarium.fundacja-hereditas.pl\/wp-content\/uploads\/2024\/12\/W_Kmiec_Wwa_Plocka_11_korytarz_na_parterze_drzwi_mieszkanie_wschodnie-774x1024.jpg\" alt=\"\" class=\"wp-image-32656\" srcset=\"http:\/\/lapidarium.fundacja-hereditas.pl\/wp-content\/uploads\/2024\/12\/W_Kmiec_Wwa_Plocka_11_korytarz_na_parterze_drzwi_mieszkanie_wschodnie-774x1024.jpg 774w, http:\/\/lapidarium.fundacja-hereditas.pl\/wp-content\/uploads\/2024\/12\/W_Kmiec_Wwa_Plocka_11_korytarz_na_parterze_drzwi_mieszkanie_wschodnie-227x300.jpg 227w, http:\/\/lapidarium.fundacja-hereditas.pl\/wp-content\/uploads\/2024\/12\/W_Kmiec_Wwa_Plocka_11_korytarz_na_parterze_drzwi_mieszkanie_wschodnie-768x1016.jpg 768w, http:\/\/lapidarium.fundacja-hereditas.pl\/wp-content\/uploads\/2024\/12\/W_Kmiec_Wwa_Plocka_11_korytarz_na_parterze_drzwi_mieszkanie_wschodnie-1161x1536.jpg 1161w, http:\/\/lapidarium.fundacja-hereditas.pl\/wp-content\/uploads\/2024\/12\/W_Kmiec_Wwa_Plocka_11_korytarz_na_parterze_drzwi_mieszkanie_wschodnie-1548x2048.jpg 1548w, http:\/\/lapidarium.fundacja-hereditas.pl\/wp-content\/uploads\/2024\/12\/W_Kmiec_Wwa_Plocka_11_korytarz_na_parterze_drzwi_mieszkanie_wschodnie-150x198.jpg 150w, http:\/\/lapidarium.fundacja-hereditas.pl\/wp-content\/uploads\/2024\/12\/W_Kmiec_Wwa_Plocka_11_korytarz_na_parterze_drzwi_mieszkanie_wschodnie-300x397.jpg 300w, http:\/\/lapidarium.fundacja-hereditas.pl\/wp-content\/uploads\/2024\/12\/W_Kmiec_Wwa_Plocka_11_korytarz_na_parterze_drzwi_mieszkanie_wschodnie-696x921.jpg 696w, http:\/\/lapidarium.fundacja-hereditas.pl\/wp-content\/uploads\/2024\/12\/W_Kmiec_Wwa_Plocka_11_korytarz_na_parterze_drzwi_mieszkanie_wschodnie-1068x1413.jpg 1068w, http:\/\/lapidarium.fundacja-hereditas.pl\/wp-content\/uploads\/2024\/12\/W_Kmiec_Wwa_Plocka_11_korytarz_na_parterze_drzwi_mieszkanie_wschodnie-1920x2540.jpg 1920w, http:\/\/lapidarium.fundacja-hereditas.pl\/wp-content\/uploads\/2024\/12\/W_Kmiec_Wwa_Plocka_11_korytarz_na_parterze_drzwi_mieszkanie_wschodnie-scaled.jpg 1935w\" sizes=\"auto, (max-width: 774px) 100vw, 774px\" \/><figcaption class=\"wp-element-caption\">Klatka s\u0142u\u017cbowa. Parter. Fot. Wojciech Kmie\u0107, 2024 r., \u017ar\u00f3d\u0142o: \u201eStudeo et Conservo\u201d \u2013 (XIX edycja).<\/figcaption><\/figure>\n\n\n\n<figure class=\"wp-block-image size-large\"><img loading=\"lazy\" decoding=\"async\" width=\"811\" height=\"1024\" data-id=\"32655\" src=\"http:\/\/lapidarium.fundacja-hereditas.pl\/wp-content\/uploads\/2024\/12\/W_Kmiec_Wwa_Plocka_11_korytarz_na_parterze_widok_na_zachod-811x1024.jpg\" alt=\"\" class=\"wp-image-32655\" srcset=\"http:\/\/lapidarium.fundacja-hereditas.pl\/wp-content\/uploads\/2024\/12\/W_Kmiec_Wwa_Plocka_11_korytarz_na_parterze_widok_na_zachod-811x1024.jpg 811w, http:\/\/lapidarium.fundacja-hereditas.pl\/wp-content\/uploads\/2024\/12\/W_Kmiec_Wwa_Plocka_11_korytarz_na_parterze_widok_na_zachod-238x300.jpg 238w, http:\/\/lapidarium.fundacja-hereditas.pl\/wp-content\/uploads\/2024\/12\/W_Kmiec_Wwa_Plocka_11_korytarz_na_parterze_widok_na_zachod-768x969.jpg 768w, http:\/\/lapidarium.fundacja-hereditas.pl\/wp-content\/uploads\/2024\/12\/W_Kmiec_Wwa_Plocka_11_korytarz_na_parterze_widok_na_zachod-1217x1536.jpg 1217w, http:\/\/lapidarium.fundacja-hereditas.pl\/wp-content\/uploads\/2024\/12\/W_Kmiec_Wwa_Plocka_11_korytarz_na_parterze_widok_na_zachod-1623x2048.jpg 1623w, http:\/\/lapidarium.fundacja-hereditas.pl\/wp-content\/uploads\/2024\/12\/W_Kmiec_Wwa_Plocka_11_korytarz_na_parterze_widok_na_zachod-150x189.jpg 150w, http:\/\/lapidarium.fundacja-hereditas.pl\/wp-content\/uploads\/2024\/12\/W_Kmiec_Wwa_Plocka_11_korytarz_na_parterze_widok_na_zachod-300x379.jpg 300w, http:\/\/lapidarium.fundacja-hereditas.pl\/wp-content\/uploads\/2024\/12\/W_Kmiec_Wwa_Plocka_11_korytarz_na_parterze_widok_na_zachod-696x878.jpg 696w, http:\/\/lapidarium.fundacja-hereditas.pl\/wp-content\/uploads\/2024\/12\/W_Kmiec_Wwa_Plocka_11_korytarz_na_parterze_widok_na_zachod-1068x1348.jpg 1068w, http:\/\/lapidarium.fundacja-hereditas.pl\/wp-content\/uploads\/2024\/12\/W_Kmiec_Wwa_Plocka_11_korytarz_na_parterze_widok_na_zachod-1920x2423.jpg 1920w, http:\/\/lapidarium.fundacja-hereditas.pl\/wp-content\/uploads\/2024\/12\/W_Kmiec_Wwa_Plocka_11_korytarz_na_parterze_widok_na_zachod-scaled.jpg 2029w\" sizes=\"auto, (max-width: 811px) 100vw, 811px\" \/><figcaption class=\"wp-element-caption\">Klatka s\u0142u\u017cbowa. Parter &#8211; korytarz. Fot. Wojciech Kmie\u0107, 2024 r., \u017ar\u00f3d\u0142o: \u201eStudeo et Conservo\u201d \u2013 (XIX edycja).<\/figcaption><\/figure>\n<\/figure>\n","protected":false},"excerpt":{"rendered":"<p>Kameralna pi\u0119trowa kamienica o rozcz\u0142onkowanej bryle, zwr\u00f3cona elewacj\u0105 boczn\u0105 do ulicy. Kszta\u0142tem swym przypomina raczej will\u0119 z Konstancina czy Milan\u00f3wka, a nie dom uprzemys\u0142owionej pod\u00f3wczas Woli. Budynek powsta\u0142 w pocz\u0105tkach lat 20. XX w. dla przemys\u0142owca Emiliana Kowalskiego, na do\u015b\u0107 obszernej dzia\u0142ce, kt\u00f3rej tyln\u0105 cz\u0119\u015b\u0107 zajmowa\u0142a garbarnia. Teren zak\u0142adu i cz\u0119\u015b\u0107 mieszkalna\u00a0 by\u0142y rozdzielone. Od [&hellip;]<\/p>\n","protected":false},"author":6,"featured_media":32622,"comment_status":"open","ping_status":"open","sticky":false,"template":"","format":"standard","meta":{"footnotes":""},"categories":[258,4],"tags":[],"class_list":{"0":"post-32620","1":"post","2":"type-post","3":"status-publish","4":"format-standard","5":"has-post-thumbnail","7":"category-plocka-warszawa","8":"category-warszawa"},"_links":{"self":[{"href":"http:\/\/lapidarium.fundacja-hereditas.pl\/index.php\/wp-json\/wp\/v2\/posts\/32620","targetHints":{"allow":["GET"]}}],"collection":[{"href":"http:\/\/lapidarium.fundacja-hereditas.pl\/index.php\/wp-json\/wp\/v2\/posts"}],"about":[{"href":"http:\/\/lapidarium.fundacja-hereditas.pl\/index.php\/wp-json\/wp\/v2\/types\/post"}],"author":[{"embeddable":true,"href":"http:\/\/lapidarium.fundacja-hereditas.pl\/index.php\/wp-json\/wp\/v2\/users\/6"}],"replies":[{"embeddable":true,"href":"http:\/\/lapidarium.fundacja-hereditas.pl\/index.php\/wp-json\/wp\/v2\/comments?post=32620"}],"version-history":[{"count":9,"href":"http:\/\/lapidarium.fundacja-hereditas.pl\/index.php\/wp-json\/wp\/v2\/posts\/32620\/revisions"}],"predecessor-version":[{"id":33831,"href":"http:\/\/lapidarium.fundacja-hereditas.pl\/index.php\/wp-json\/wp\/v2\/posts\/32620\/revisions\/33831"}],"wp:featuredmedia":[{"embeddable":true,"href":"http:\/\/lapidarium.fundacja-hereditas.pl\/index.php\/wp-json\/wp\/v2\/media\/32622"}],"wp:attachment":[{"href":"http:\/\/lapidarium.fundacja-hereditas.pl\/index.php\/wp-json\/wp\/v2\/media?parent=32620"}],"wp:term":[{"taxonomy":"category","embeddable":true,"href":"http:\/\/lapidarium.fundacja-hereditas.pl\/index.php\/wp-json\/wp\/v2\/categories?post=32620"},{"taxonomy":"post_tag","embeddable":true,"href":"http:\/\/lapidarium.fundacja-hereditas.pl\/index.php\/wp-json\/wp\/v2\/tags?post=32620"}],"curies":[{"name":"wp","href":"https:\/\/api.w.org\/{rel}","templated":true}]}}