{"id":32032,"date":"2024-12-31T22:06:15","date_gmt":"2024-12-31T21:06:15","guid":{"rendered":"http:\/\/lapidarium.fundacja-hereditas.pl\/?p=32032"},"modified":"2025-02-26T20:17:35","modified_gmt":"2025-02-26T19:17:35","slug":"kamienica-pl-przymierza-3-warszawa","status":"publish","type":"post","link":"http:\/\/lapidarium.fundacja-hereditas.pl\/index.php\/2024\/12\/31\/kamienica-pl-przymierza-3-warszawa\/","title":{"rendered":"Kamienica pl. Przymierza 3, Warszawa"},"content":{"rendered":"\n<p>Minimalistyczna w swych formach kamienica, od frontu bez detali, je\u015bli nie liczy\u0107 oprawy okna klatki schodowe. Niemal identyczna z dwoma s\u0105siednimi domami. Tylna elewacja jest urozmaicona przez dwa piony balkon\u00f3w. Pozwolenie na budow\u0119 uzyskano w po\u0142owie 1936 r., zatem najwcze\u015bniej dom m\u00f3g\u0142 by\u0107 sko\u0144czony w roku 1937. Wzniesiono go dla M. Kobrynera, jednak w przededniu II wojny \u015bwiatowej w\u0142a\u015bcicielem by\u0142 ju\u017c inny cz\u0142onek tej samej rodziny &#8211; Boles\u0142aw Kobryner. Dom zaprojektowa\u0142 i kierowa\u0142 pracami budowlanymi in\u017c. arch. M. Kon. Po wojnie obiekt mia\u0142 uszkodzony dach (w po\u0142udniowo-zachodniej cz\u0119\u015bci). Pomi\u0119dzy 1987 a 1994 r. dokonano adaptacji po\u0142udniowej cz\u0119\u015bci strychu na mieszkanie. Podniesiono dach od ulicy, przebito dodatkowe okna. Wszystko to nieodwracalnie zmieni\u0142o proporcje budynku, zniekszta\u0142caj\u0105c go. Od frontu zmiany, cho\u0107 widoczne, s\u0105 bardziej zachowawcze. Pomi\u0119dzy 2019 a 2022 r. kamienic\u0119 ob\u0142o\u017cono styropianem.Do najciekawszych element\u00f3w wystroju klatki schodowej nale\u017c\u0105 posadzki spocznik\u00f3w wy\u0142o\u017cone ma\u0142ymi ceramicznymi p\u0142ytkami, tzw. gorsecikami, w kolorach szarym, bia\u0142ym i czarnym, pasowa balustrada schod\u00f3w o drewnianym pochwycie, stolarka drzwiowa z klamkami i ga\u0142kami czy wizytownikami \/ tabliczkami z numerami mieszka\u0144 oraz ok\u0142adziny \u015bcian hallu w parterze &#8211; z p\u0142yt alabastrowych.<\/p>\n\n\n\n<p>::: W\u0142\u0105czono do bazy w ramach projektu: ,,FOCUS na detal \u2013 spo\u0142eczna dokumentacja detalu architektonicznego zabytk\u00f3w Warszawy i innych miast Mazowsza\u201d, realizowanego w ramach wsparcia ze \u015brodk\u00f3w planu rozwojowego (Krajowego Planu Odbudowy \/ KPO).<\/p>\n\n\n\n<figure class=\"wp-block-image size-full is-resized\"><img loading=\"lazy\" decoding=\"async\" width=\"1024\" height=\"131\" src=\"http:\/\/lapidarium.fundacja-hereditas.pl\/wp-content\/uploads\/2024\/12\/obraz-1.png\" alt=\"\" class=\"wp-image-33280\" style=\"width:458px;height:auto\" srcset=\"http:\/\/lapidarium.fundacja-hereditas.pl\/wp-content\/uploads\/2024\/12\/obraz-1.png 1024w, http:\/\/lapidarium.fundacja-hereditas.pl\/wp-content\/uploads\/2024\/12\/obraz-1-300x38.png 300w, http:\/\/lapidarium.fundacja-hereditas.pl\/wp-content\/uploads\/2024\/12\/obraz-1-768x98.png 768w, http:\/\/lapidarium.fundacja-hereditas.pl\/wp-content\/uploads\/2024\/12\/obraz-1-150x19.png 150w, http:\/\/lapidarium.fundacja-hereditas.pl\/wp-content\/uploads\/2024\/12\/obraz-1-696x89.png 696w\" sizes=\"auto, (max-width: 1024px) 100vw, 1024px\" \/><\/figure>\n\n\n\n<figure class=\"wp-block-gallery has-nested-images columns-default is-cropped wp-block-gallery-1 is-layout-flex wp-block-gallery-is-layout-flex\">\n<figure class=\"wp-block-image size-large\"><img loading=\"lazy\" decoding=\"async\" width=\"1024\" height=\"931\" data-id=\"32034\" src=\"http:\/\/lapidarium.fundacja-hereditas.pl\/wp-content\/uploads\/2024\/12\/Marta_Wasilewska_Wwa_Plac_Przymierza_3_fasada-1-1024x931.jpg\" alt=\"\" class=\"wp-image-32034\" srcset=\"http:\/\/lapidarium.fundacja-hereditas.pl\/wp-content\/uploads\/2024\/12\/Marta_Wasilewska_Wwa_Plac_Przymierza_3_fasada-1-1024x931.jpg 1024w, http:\/\/lapidarium.fundacja-hereditas.pl\/wp-content\/uploads\/2024\/12\/Marta_Wasilewska_Wwa_Plac_Przymierza_3_fasada-1-300x273.jpg 300w, http:\/\/lapidarium.fundacja-hereditas.pl\/wp-content\/uploads\/2024\/12\/Marta_Wasilewska_Wwa_Plac_Przymierza_3_fasada-1-768x699.jpg 768w, http:\/\/lapidarium.fundacja-hereditas.pl\/wp-content\/uploads\/2024\/12\/Marta_Wasilewska_Wwa_Plac_Przymierza_3_fasada-1-1536x1397.jpg 1536w, http:\/\/lapidarium.fundacja-hereditas.pl\/wp-content\/uploads\/2024\/12\/Marta_Wasilewska_Wwa_Plac_Przymierza_3_fasada-1-2048x1863.jpg 2048w, http:\/\/lapidarium.fundacja-hereditas.pl\/wp-content\/uploads\/2024\/12\/Marta_Wasilewska_Wwa_Plac_Przymierza_3_fasada-1-150x136.jpg 150w, http:\/\/lapidarium.fundacja-hereditas.pl\/wp-content\/uploads\/2024\/12\/Marta_Wasilewska_Wwa_Plac_Przymierza_3_fasada-1-696x633.jpg 696w, http:\/\/lapidarium.fundacja-hereditas.pl\/wp-content\/uploads\/2024\/12\/Marta_Wasilewska_Wwa_Plac_Przymierza_3_fasada-1-1068x971.jpg 1068w, http:\/\/lapidarium.fundacja-hereditas.pl\/wp-content\/uploads\/2024\/12\/Marta_Wasilewska_Wwa_Plac_Przymierza_3_fasada-1-1920x1746.jpg 1920w\" sizes=\"auto, (max-width: 1024px) 100vw, 1024px\" \/><figcaption class=\"wp-element-caption\">Elewacja oduliczna. Fot. Marta Wasilewska, 2024 r., \u017ar\u00f3d\u0142o: &#8222;Focus na detal&#8221;.<\/figcaption><\/figure>\n\n\n\n<figure class=\"wp-block-image size-large\"><img loading=\"lazy\" decoding=\"async\" width=\"759\" height=\"1024\" data-id=\"32036\" src=\"http:\/\/lapidarium.fundacja-hereditas.pl\/wp-content\/uploads\/2024\/12\/Marta_Wasilewska_Wwa_Plac_Przymierza_3_fasada_wejscie-759x1024.jpg\" alt=\"\" class=\"wp-image-32036\" srcset=\"http:\/\/lapidarium.fundacja-hereditas.pl\/wp-content\/uploads\/2024\/12\/Marta_Wasilewska_Wwa_Plac_Przymierza_3_fasada_wejscie-759x1024.jpg 759w, http:\/\/lapidarium.fundacja-hereditas.pl\/wp-content\/uploads\/2024\/12\/Marta_Wasilewska_Wwa_Plac_Przymierza_3_fasada_wejscie-222x300.jpg 222w, http:\/\/lapidarium.fundacja-hereditas.pl\/wp-content\/uploads\/2024\/12\/Marta_Wasilewska_Wwa_Plac_Przymierza_3_fasada_wejscie-768x1036.jpg 768w, http:\/\/lapidarium.fundacja-hereditas.pl\/wp-content\/uploads\/2024\/12\/Marta_Wasilewska_Wwa_Plac_Przymierza_3_fasada_wejscie-1138x1536.jpg 1138w, http:\/\/lapidarium.fundacja-hereditas.pl\/wp-content\/uploads\/2024\/12\/Marta_Wasilewska_Wwa_Plac_Przymierza_3_fasada_wejscie-1518x2048.jpg 1518w, http:\/\/lapidarium.fundacja-hereditas.pl\/wp-content\/uploads\/2024\/12\/Marta_Wasilewska_Wwa_Plac_Przymierza_3_fasada_wejscie-150x202.jpg 150w, http:\/\/lapidarium.fundacja-hereditas.pl\/wp-content\/uploads\/2024\/12\/Marta_Wasilewska_Wwa_Plac_Przymierza_3_fasada_wejscie-300x405.jpg 300w, http:\/\/lapidarium.fundacja-hereditas.pl\/wp-content\/uploads\/2024\/12\/Marta_Wasilewska_Wwa_Plac_Przymierza_3_fasada_wejscie-696x939.jpg 696w, http:\/\/lapidarium.fundacja-hereditas.pl\/wp-content\/uploads\/2024\/12\/Marta_Wasilewska_Wwa_Plac_Przymierza_3_fasada_wejscie-1068x1441.jpg 1068w, http:\/\/lapidarium.fundacja-hereditas.pl\/wp-content\/uploads\/2024\/12\/Marta_Wasilewska_Wwa_Plac_Przymierza_3_fasada_wejscie-1920x2591.jpg 1920w, http:\/\/lapidarium.fundacja-hereditas.pl\/wp-content\/uploads\/2024\/12\/Marta_Wasilewska_Wwa_Plac_Przymierza_3_fasada_wejscie-scaled.jpg 1897w\" sizes=\"auto, (max-width: 759px) 100vw, 759px\" \/><figcaption class=\"wp-element-caption\">Elewacja oduliczna &#8211; wej\u015bcie na klatk\u0119. Fot. Marta Wasilewska, 2024 r., \u017ar\u00f3d\u0142o: &#8222;Focus na detal&#8221;.<\/figcaption><\/figure>\n\n\n\n<figure class=\"wp-block-image size-large\"><img loading=\"lazy\" decoding=\"async\" width=\"652\" height=\"1024\" data-id=\"32035\" src=\"http:\/\/lapidarium.fundacja-hereditas.pl\/wp-content\/uploads\/2024\/12\/Marta_Wasilewska_Wwa_Plac_Przymierza_3_klatka-4-652x1024.jpg\" alt=\"\" class=\"wp-image-32035\" srcset=\"http:\/\/lapidarium.fundacja-hereditas.pl\/wp-content\/uploads\/2024\/12\/Marta_Wasilewska_Wwa_Plac_Przymierza_3_klatka-4-652x1024.jpg 652w, http:\/\/lapidarium.fundacja-hereditas.pl\/wp-content\/uploads\/2024\/12\/Marta_Wasilewska_Wwa_Plac_Przymierza_3_klatka-4-191x300.jpg 191w, http:\/\/lapidarium.fundacja-hereditas.pl\/wp-content\/uploads\/2024\/12\/Marta_Wasilewska_Wwa_Plac_Przymierza_3_klatka-4-768x1207.jpg 768w, http:\/\/lapidarium.fundacja-hereditas.pl\/wp-content\/uploads\/2024\/12\/Marta_Wasilewska_Wwa_Plac_Przymierza_3_klatka-4-978x1536.jpg 978w, http:\/\/lapidarium.fundacja-hereditas.pl\/wp-content\/uploads\/2024\/12\/Marta_Wasilewska_Wwa_Plac_Przymierza_3_klatka-4-1303x2048.jpg 1303w, http:\/\/lapidarium.fundacja-hereditas.pl\/wp-content\/uploads\/2024\/12\/Marta_Wasilewska_Wwa_Plac_Przymierza_3_klatka-4-150x236.jpg 150w, http:\/\/lapidarium.fundacja-hereditas.pl\/wp-content\/uploads\/2024\/12\/Marta_Wasilewska_Wwa_Plac_Przymierza_3_klatka-4-300x471.jpg 300w, http:\/\/lapidarium.fundacja-hereditas.pl\/wp-content\/uploads\/2024\/12\/Marta_Wasilewska_Wwa_Plac_Przymierza_3_klatka-4-696x1094.jpg 696w, http:\/\/lapidarium.fundacja-hereditas.pl\/wp-content\/uploads\/2024\/12\/Marta_Wasilewska_Wwa_Plac_Przymierza_3_klatka-4-1068x1678.jpg 1068w, http:\/\/lapidarium.fundacja-hereditas.pl\/wp-content\/uploads\/2024\/12\/Marta_Wasilewska_Wwa_Plac_Przymierza_3_klatka-4-1920x3017.jpg 1920w, http:\/\/lapidarium.fundacja-hereditas.pl\/wp-content\/uploads\/2024\/12\/Marta_Wasilewska_Wwa_Plac_Przymierza_3_klatka-4-scaled.jpg 1629w\" sizes=\"auto, (max-width: 652px) 100vw, 652px\" \/><figcaption class=\"wp-element-caption\">Klatka &#8211; dzwonek u drzwi. Fot. Marta Wasilewska, 2024 r., \u017ar\u00f3d\u0142o: &#8222;Focus na detal&#8221;.<\/figcaption><\/figure>\n\n\n\n<figure class=\"wp-block-image size-large\"><img loading=\"lazy\" decoding=\"async\" width=\"1024\" height=\"683\" data-id=\"32038\" src=\"http:\/\/lapidarium.fundacja-hereditas.pl\/wp-content\/uploads\/2024\/12\/Marta_Wasilewska_Wwa_Plac_Przymierza_3_klatka-22-1024x683.jpg\" alt=\"\" class=\"wp-image-32038\" srcset=\"http:\/\/lapidarium.fundacja-hereditas.pl\/wp-content\/uploads\/2024\/12\/Marta_Wasilewska_Wwa_Plac_Przymierza_3_klatka-22-1024x683.jpg 1024w, http:\/\/lapidarium.fundacja-hereditas.pl\/wp-content\/uploads\/2024\/12\/Marta_Wasilewska_Wwa_Plac_Przymierza_3_klatka-22-300x200.jpg 300w, http:\/\/lapidarium.fundacja-hereditas.pl\/wp-content\/uploads\/2024\/12\/Marta_Wasilewska_Wwa_Plac_Przymierza_3_klatka-22-768x512.jpg 768w, http:\/\/lapidarium.fundacja-hereditas.pl\/wp-content\/uploads\/2024\/12\/Marta_Wasilewska_Wwa_Plac_Przymierza_3_klatka-22-1536x1024.jpg 1536w, http:\/\/lapidarium.fundacja-hereditas.pl\/wp-content\/uploads\/2024\/12\/Marta_Wasilewska_Wwa_Plac_Przymierza_3_klatka-22-2048x1365.jpg 2048w, http:\/\/lapidarium.fundacja-hereditas.pl\/wp-content\/uploads\/2024\/12\/Marta_Wasilewska_Wwa_Plac_Przymierza_3_klatka-22-150x100.jpg 150w, http:\/\/lapidarium.fundacja-hereditas.pl\/wp-content\/uploads\/2024\/12\/Marta_Wasilewska_Wwa_Plac_Przymierza_3_klatka-22-696x464.jpg 696w, http:\/\/lapidarium.fundacja-hereditas.pl\/wp-content\/uploads\/2024\/12\/Marta_Wasilewska_Wwa_Plac_Przymierza_3_klatka-22-1068x712.jpg 1068w, http:\/\/lapidarium.fundacja-hereditas.pl\/wp-content\/uploads\/2024\/12\/Marta_Wasilewska_Wwa_Plac_Przymierza_3_klatka-22-1920x1280.jpg 1920w\" sizes=\"auto, (max-width: 1024px) 100vw, 1024px\" \/><figcaption class=\"wp-element-caption\">Klatka &#8211; spocznik. Fot. Marta Wasilewska, 2024 r., \u017ar\u00f3d\u0142o: &#8222;Focus na detal&#8221;.<\/figcaption><\/figure>\n\n\n\n<figure class=\"wp-block-image size-large\"><img loading=\"lazy\" decoding=\"async\" width=\"1024\" height=\"745\" data-id=\"32037\" src=\"http:\/\/lapidarium.fundacja-hereditas.pl\/wp-content\/uploads\/2024\/12\/Marta_Wasilewska_Wwa_Plac_Przymierza_3_klatka__spocznik_przed_IVp_porecz-1024x745.jpg\" alt=\"\" class=\"wp-image-32037\" srcset=\"http:\/\/lapidarium.fundacja-hereditas.pl\/wp-content\/uploads\/2024\/12\/Marta_Wasilewska_Wwa_Plac_Przymierza_3_klatka__spocznik_przed_IVp_porecz-1024x745.jpg 1024w, http:\/\/lapidarium.fundacja-hereditas.pl\/wp-content\/uploads\/2024\/12\/Marta_Wasilewska_Wwa_Plac_Przymierza_3_klatka__spocznik_przed_IVp_porecz-300x218.jpg 300w, http:\/\/lapidarium.fundacja-hereditas.pl\/wp-content\/uploads\/2024\/12\/Marta_Wasilewska_Wwa_Plac_Przymierza_3_klatka__spocznik_przed_IVp_porecz-768x558.jpg 768w, http:\/\/lapidarium.fundacja-hereditas.pl\/wp-content\/uploads\/2024\/12\/Marta_Wasilewska_Wwa_Plac_Przymierza_3_klatka__spocznik_przed_IVp_porecz-1536x1117.jpg 1536w, http:\/\/lapidarium.fundacja-hereditas.pl\/wp-content\/uploads\/2024\/12\/Marta_Wasilewska_Wwa_Plac_Przymierza_3_klatka__spocznik_przed_IVp_porecz-2048x1489.jpg 2048w, http:\/\/lapidarium.fundacja-hereditas.pl\/wp-content\/uploads\/2024\/12\/Marta_Wasilewska_Wwa_Plac_Przymierza_3_klatka__spocznik_przed_IVp_porecz-150x109.jpg 150w, http:\/\/lapidarium.fundacja-hereditas.pl\/wp-content\/uploads\/2024\/12\/Marta_Wasilewska_Wwa_Plac_Przymierza_3_klatka__spocznik_przed_IVp_porecz-696x506.jpg 696w, http:\/\/lapidarium.fundacja-hereditas.pl\/wp-content\/uploads\/2024\/12\/Marta_Wasilewska_Wwa_Plac_Przymierza_3_klatka__spocznik_przed_IVp_porecz-1068x777.jpg 1068w, http:\/\/lapidarium.fundacja-hereditas.pl\/wp-content\/uploads\/2024\/12\/Marta_Wasilewska_Wwa_Plac_Przymierza_3_klatka__spocznik_przed_IVp_porecz-1920x1396.jpg 1920w\" sizes=\"auto, (max-width: 1024px) 100vw, 1024px\" \/><figcaption class=\"wp-element-caption\">Klatka &#8211; balustrada. Fot. Marta Wasilewska, 2024 r., \u017ar\u00f3d\u0142o: &#8222;Focus na detal&#8221;.<\/figcaption><\/figure>\n\n\n\n<figure class=\"wp-block-image size-large\"><img loading=\"lazy\" decoding=\"async\" width=\"683\" height=\"1024\" data-id=\"32039\" src=\"http:\/\/lapidarium.fundacja-hereditas.pl\/wp-content\/uploads\/2024\/12\/Marta_Wasilewska_Wwa_Plac_Przymierza_3_klatka_IIIp_balustrada-683x1024.jpg\" alt=\"\" class=\"wp-image-32039\" srcset=\"http:\/\/lapidarium.fundacja-hereditas.pl\/wp-content\/uploads\/2024\/12\/Marta_Wasilewska_Wwa_Plac_Przymierza_3_klatka_IIIp_balustrada-683x1024.jpg 683w, http:\/\/lapidarium.fundacja-hereditas.pl\/wp-content\/uploads\/2024\/12\/Marta_Wasilewska_Wwa_Plac_Przymierza_3_klatka_IIIp_balustrada-200x300.jpg 200w, http:\/\/lapidarium.fundacja-hereditas.pl\/wp-content\/uploads\/2024\/12\/Marta_Wasilewska_Wwa_Plac_Przymierza_3_klatka_IIIp_balustrada-768x1152.jpg 768w, http:\/\/lapidarium.fundacja-hereditas.pl\/wp-content\/uploads\/2024\/12\/Marta_Wasilewska_Wwa_Plac_Przymierza_3_klatka_IIIp_balustrada-1024x1536.jpg 1024w, http:\/\/lapidarium.fundacja-hereditas.pl\/wp-content\/uploads\/2024\/12\/Marta_Wasilewska_Wwa_Plac_Przymierza_3_klatka_IIIp_balustrada-1365x2048.jpg 1365w, http:\/\/lapidarium.fundacja-hereditas.pl\/wp-content\/uploads\/2024\/12\/Marta_Wasilewska_Wwa_Plac_Przymierza_3_klatka_IIIp_balustrada-150x225.jpg 150w, http:\/\/lapidarium.fundacja-hereditas.pl\/wp-content\/uploads\/2024\/12\/Marta_Wasilewska_Wwa_Plac_Przymierza_3_klatka_IIIp_balustrada-300x450.jpg 300w, http:\/\/lapidarium.fundacja-hereditas.pl\/wp-content\/uploads\/2024\/12\/Marta_Wasilewska_Wwa_Plac_Przymierza_3_klatka_IIIp_balustrada-696x1044.jpg 696w, http:\/\/lapidarium.fundacja-hereditas.pl\/wp-content\/uploads\/2024\/12\/Marta_Wasilewska_Wwa_Plac_Przymierza_3_klatka_IIIp_balustrada-1068x1602.jpg 1068w, http:\/\/lapidarium.fundacja-hereditas.pl\/wp-content\/uploads\/2024\/12\/Marta_Wasilewska_Wwa_Plac_Przymierza_3_klatka_IIIp_balustrada-1920x2880.jpg 1920w, http:\/\/lapidarium.fundacja-hereditas.pl\/wp-content\/uploads\/2024\/12\/Marta_Wasilewska_Wwa_Plac_Przymierza_3_klatka_IIIp_balustrada-scaled.jpg 1707w\" sizes=\"auto, (max-width: 683px) 100vw, 683px\" \/><figcaption class=\"wp-element-caption\">Klatka &#8211; pi\u0119tro III-cie. Fot. Marta Wasilewska, 2024 r., \u017ar\u00f3d\u0142o: &#8222;Focus na detal&#8221;.<\/figcaption><\/figure>\n\n\n\n<figure class=\"wp-block-image size-large\"><img loading=\"lazy\" decoding=\"async\" width=\"683\" height=\"1024\" data-id=\"32040\" src=\"http:\/\/lapidarium.fundacja-hereditas.pl\/wp-content\/uploads\/2024\/12\/Marta_Wasilewska_Wwa_Plac_Przymierza_3_klatka_IIIp_drzwi-2-683x1024.jpg\" alt=\"\" class=\"wp-image-32040\" srcset=\"http:\/\/lapidarium.fundacja-hereditas.pl\/wp-content\/uploads\/2024\/12\/Marta_Wasilewska_Wwa_Plac_Przymierza_3_klatka_IIIp_drzwi-2-683x1024.jpg 683w, http:\/\/lapidarium.fundacja-hereditas.pl\/wp-content\/uploads\/2024\/12\/Marta_Wasilewska_Wwa_Plac_Przymierza_3_klatka_IIIp_drzwi-2-200x300.jpg 200w, http:\/\/lapidarium.fundacja-hereditas.pl\/wp-content\/uploads\/2024\/12\/Marta_Wasilewska_Wwa_Plac_Przymierza_3_klatka_IIIp_drzwi-2-768x1152.jpg 768w, http:\/\/lapidarium.fundacja-hereditas.pl\/wp-content\/uploads\/2024\/12\/Marta_Wasilewska_Wwa_Plac_Przymierza_3_klatka_IIIp_drzwi-2-1024x1536.jpg 1024w, http:\/\/lapidarium.fundacja-hereditas.pl\/wp-content\/uploads\/2024\/12\/Marta_Wasilewska_Wwa_Plac_Przymierza_3_klatka_IIIp_drzwi-2-1365x2048.jpg 1365w, http:\/\/lapidarium.fundacja-hereditas.pl\/wp-content\/uploads\/2024\/12\/Marta_Wasilewska_Wwa_Plac_Przymierza_3_klatka_IIIp_drzwi-2-150x225.jpg 150w, http:\/\/lapidarium.fundacja-hereditas.pl\/wp-content\/uploads\/2024\/12\/Marta_Wasilewska_Wwa_Plac_Przymierza_3_klatka_IIIp_drzwi-2-300x450.jpg 300w, http:\/\/lapidarium.fundacja-hereditas.pl\/wp-content\/uploads\/2024\/12\/Marta_Wasilewska_Wwa_Plac_Przymierza_3_klatka_IIIp_drzwi-2-696x1044.jpg 696w, http:\/\/lapidarium.fundacja-hereditas.pl\/wp-content\/uploads\/2024\/12\/Marta_Wasilewska_Wwa_Plac_Przymierza_3_klatka_IIIp_drzwi-2-1068x1602.jpg 1068w, http:\/\/lapidarium.fundacja-hereditas.pl\/wp-content\/uploads\/2024\/12\/Marta_Wasilewska_Wwa_Plac_Przymierza_3_klatka_IIIp_drzwi-2-1920x2880.jpg 1920w, http:\/\/lapidarium.fundacja-hereditas.pl\/wp-content\/uploads\/2024\/12\/Marta_Wasilewska_Wwa_Plac_Przymierza_3_klatka_IIIp_drzwi-2-scaled.jpg 1707w\" sizes=\"auto, (max-width: 683px) 100vw, 683px\" \/><figcaption class=\"wp-element-caption\">Klatka &#8211; pi\u0119tro III-cie. Fot. Marta Wasilewska, 2024 r., \u017ar\u00f3d\u0142o: &#8222;Focus na detal&#8221;.<\/figcaption><\/figure>\n\n\n\n<figure class=\"wp-block-image size-large\"><img loading=\"lazy\" decoding=\"async\" width=\"683\" height=\"1024\" data-id=\"32043\" src=\"http:\/\/lapidarium.fundacja-hereditas.pl\/wp-content\/uploads\/2024\/12\/Marta_Wasilewska_Wwa_Plac_Przymierza_3_klatka_IIIp_drzwi-683x1024.jpg\" alt=\"\" class=\"wp-image-32043\" srcset=\"http:\/\/lapidarium.fundacja-hereditas.pl\/wp-content\/uploads\/2024\/12\/Marta_Wasilewska_Wwa_Plac_Przymierza_3_klatka_IIIp_drzwi-683x1024.jpg 683w, http:\/\/lapidarium.fundacja-hereditas.pl\/wp-content\/uploads\/2024\/12\/Marta_Wasilewska_Wwa_Plac_Przymierza_3_klatka_IIIp_drzwi-200x300.jpg 200w, http:\/\/lapidarium.fundacja-hereditas.pl\/wp-content\/uploads\/2024\/12\/Marta_Wasilewska_Wwa_Plac_Przymierza_3_klatka_IIIp_drzwi-768x1152.jpg 768w, http:\/\/lapidarium.fundacja-hereditas.pl\/wp-content\/uploads\/2024\/12\/Marta_Wasilewska_Wwa_Plac_Przymierza_3_klatka_IIIp_drzwi-1024x1536.jpg 1024w, http:\/\/lapidarium.fundacja-hereditas.pl\/wp-content\/uploads\/2024\/12\/Marta_Wasilewska_Wwa_Plac_Przymierza_3_klatka_IIIp_drzwi-1365x2048.jpg 1365w, http:\/\/lapidarium.fundacja-hereditas.pl\/wp-content\/uploads\/2024\/12\/Marta_Wasilewska_Wwa_Plac_Przymierza_3_klatka_IIIp_drzwi-150x225.jpg 150w, http:\/\/lapidarium.fundacja-hereditas.pl\/wp-content\/uploads\/2024\/12\/Marta_Wasilewska_Wwa_Plac_Przymierza_3_klatka_IIIp_drzwi-300x450.jpg 300w, http:\/\/lapidarium.fundacja-hereditas.pl\/wp-content\/uploads\/2024\/12\/Marta_Wasilewska_Wwa_Plac_Przymierza_3_klatka_IIIp_drzwi-696x1044.jpg 696w, http:\/\/lapidarium.fundacja-hereditas.pl\/wp-content\/uploads\/2024\/12\/Marta_Wasilewska_Wwa_Plac_Przymierza_3_klatka_IIIp_drzwi-1068x1602.jpg 1068w, http:\/\/lapidarium.fundacja-hereditas.pl\/wp-content\/uploads\/2024\/12\/Marta_Wasilewska_Wwa_Plac_Przymierza_3_klatka_IIIp_drzwi-1920x2880.jpg 1920w, http:\/\/lapidarium.fundacja-hereditas.pl\/wp-content\/uploads\/2024\/12\/Marta_Wasilewska_Wwa_Plac_Przymierza_3_klatka_IIIp_drzwi-scaled.jpg 1707w\" sizes=\"auto, (max-width: 683px) 100vw, 683px\" \/><figcaption class=\"wp-element-caption\">Klatka &#8211; pi\u0119tro III-cie. Fot. Marta Wasilewska, 2024 r., \u017ar\u00f3d\u0142o: &#8222;Focus na detal&#8221;.<\/figcaption><\/figure>\n\n\n\n<figure class=\"wp-block-image size-large\"><img loading=\"lazy\" decoding=\"async\" width=\"872\" height=\"1024\" data-id=\"32041\" src=\"http:\/\/lapidarium.fundacja-hereditas.pl\/wp-content\/uploads\/2024\/12\/Marta_Wasilewska_Wwa_Plac_Przymierza_3_klatka_IIIp_klamka-872x1024.jpg\" alt=\"\" class=\"wp-image-32041\" srcset=\"http:\/\/lapidarium.fundacja-hereditas.pl\/wp-content\/uploads\/2024\/12\/Marta_Wasilewska_Wwa_Plac_Przymierza_3_klatka_IIIp_klamka-872x1024.jpg 872w, http:\/\/lapidarium.fundacja-hereditas.pl\/wp-content\/uploads\/2024\/12\/Marta_Wasilewska_Wwa_Plac_Przymierza_3_klatka_IIIp_klamka-255x300.jpg 255w, http:\/\/lapidarium.fundacja-hereditas.pl\/wp-content\/uploads\/2024\/12\/Marta_Wasilewska_Wwa_Plac_Przymierza_3_klatka_IIIp_klamka-768x902.jpg 768w, http:\/\/lapidarium.fundacja-hereditas.pl\/wp-content\/uploads\/2024\/12\/Marta_Wasilewska_Wwa_Plac_Przymierza_3_klatka_IIIp_klamka-1307x1536.jpg 1307w, http:\/\/lapidarium.fundacja-hereditas.pl\/wp-content\/uploads\/2024\/12\/Marta_Wasilewska_Wwa_Plac_Przymierza_3_klatka_IIIp_klamka-1743x2048.jpg 1743w, http:\/\/lapidarium.fundacja-hereditas.pl\/wp-content\/uploads\/2024\/12\/Marta_Wasilewska_Wwa_Plac_Przymierza_3_klatka_IIIp_klamka-150x176.jpg 150w, http:\/\/lapidarium.fundacja-hereditas.pl\/wp-content\/uploads\/2024\/12\/Marta_Wasilewska_Wwa_Plac_Przymierza_3_klatka_IIIp_klamka-300x352.jpg 300w, http:\/\/lapidarium.fundacja-hereditas.pl\/wp-content\/uploads\/2024\/12\/Marta_Wasilewska_Wwa_Plac_Przymierza_3_klatka_IIIp_klamka-696x818.jpg 696w, http:\/\/lapidarium.fundacja-hereditas.pl\/wp-content\/uploads\/2024\/12\/Marta_Wasilewska_Wwa_Plac_Przymierza_3_klatka_IIIp_klamka-1068x1255.jpg 1068w, http:\/\/lapidarium.fundacja-hereditas.pl\/wp-content\/uploads\/2024\/12\/Marta_Wasilewska_Wwa_Plac_Przymierza_3_klatka_IIIp_klamka-1920x2256.jpg 1920w\" sizes=\"auto, (max-width: 872px) 100vw, 872px\" \/><figcaption class=\"wp-element-caption\">Klatka &#8211; pi\u0119tro III-cie. Fot. Marta Wasilewska, 2024 r., \u017ar\u00f3d\u0142o: &#8222;Focus na detal&#8221;.<\/figcaption><\/figure>\n\n\n\n<figure class=\"wp-block-image size-large\"><img loading=\"lazy\" decoding=\"async\" width=\"683\" height=\"1024\" data-id=\"32044\" src=\"http:\/\/lapidarium.fundacja-hereditas.pl\/wp-content\/uploads\/2024\/12\/Marta_Wasilewska_Wwa_Plac_Przymierza_3_klatka_IIIp_schody-683x1024.jpg\" alt=\"\" class=\"wp-image-32044\" srcset=\"http:\/\/lapidarium.fundacja-hereditas.pl\/wp-content\/uploads\/2024\/12\/Marta_Wasilewska_Wwa_Plac_Przymierza_3_klatka_IIIp_schody-683x1024.jpg 683w, http:\/\/lapidarium.fundacja-hereditas.pl\/wp-content\/uploads\/2024\/12\/Marta_Wasilewska_Wwa_Plac_Przymierza_3_klatka_IIIp_schody-200x300.jpg 200w, http:\/\/lapidarium.fundacja-hereditas.pl\/wp-content\/uploads\/2024\/12\/Marta_Wasilewska_Wwa_Plac_Przymierza_3_klatka_IIIp_schody-768x1152.jpg 768w, http:\/\/lapidarium.fundacja-hereditas.pl\/wp-content\/uploads\/2024\/12\/Marta_Wasilewska_Wwa_Plac_Przymierza_3_klatka_IIIp_schody-1024x1536.jpg 1024w, http:\/\/lapidarium.fundacja-hereditas.pl\/wp-content\/uploads\/2024\/12\/Marta_Wasilewska_Wwa_Plac_Przymierza_3_klatka_IIIp_schody-1365x2048.jpg 1365w, http:\/\/lapidarium.fundacja-hereditas.pl\/wp-content\/uploads\/2024\/12\/Marta_Wasilewska_Wwa_Plac_Przymierza_3_klatka_IIIp_schody-150x225.jpg 150w, http:\/\/lapidarium.fundacja-hereditas.pl\/wp-content\/uploads\/2024\/12\/Marta_Wasilewska_Wwa_Plac_Przymierza_3_klatka_IIIp_schody-300x450.jpg 300w, http:\/\/lapidarium.fundacja-hereditas.pl\/wp-content\/uploads\/2024\/12\/Marta_Wasilewska_Wwa_Plac_Przymierza_3_klatka_IIIp_schody-696x1044.jpg 696w, http:\/\/lapidarium.fundacja-hereditas.pl\/wp-content\/uploads\/2024\/12\/Marta_Wasilewska_Wwa_Plac_Przymierza_3_klatka_IIIp_schody-1068x1602.jpg 1068w, http:\/\/lapidarium.fundacja-hereditas.pl\/wp-content\/uploads\/2024\/12\/Marta_Wasilewska_Wwa_Plac_Przymierza_3_klatka_IIIp_schody-1920x2880.jpg 1920w, http:\/\/lapidarium.fundacja-hereditas.pl\/wp-content\/uploads\/2024\/12\/Marta_Wasilewska_Wwa_Plac_Przymierza_3_klatka_IIIp_schody-scaled.jpg 1707w\" sizes=\"auto, (max-width: 683px) 100vw, 683px\" \/><figcaption class=\"wp-element-caption\">Klatka &#8211; widok z pi\u0119tra III-go. Fot. Marta Wasilewska, 2024 r., \u017ar\u00f3d\u0142o: &#8222;Focus na detal&#8221;.<\/figcaption><\/figure>\n\n\n\n<figure class=\"wp-block-image size-large\"><img loading=\"lazy\" decoding=\"async\" width=\"683\" height=\"1024\" data-id=\"32042\" src=\"http:\/\/lapidarium.fundacja-hereditas.pl\/wp-content\/uploads\/2024\/12\/Marta_Wasilewska_Wwa_Plac_Przymierza_3_klatka_IIp_balustrada-2-683x1024.jpg\" alt=\"\" class=\"wp-image-32042\" srcset=\"http:\/\/lapidarium.fundacja-hereditas.pl\/wp-content\/uploads\/2024\/12\/Marta_Wasilewska_Wwa_Plac_Przymierza_3_klatka_IIp_balustrada-2-683x1024.jpg 683w, http:\/\/lapidarium.fundacja-hereditas.pl\/wp-content\/uploads\/2024\/12\/Marta_Wasilewska_Wwa_Plac_Przymierza_3_klatka_IIp_balustrada-2-200x300.jpg 200w, http:\/\/lapidarium.fundacja-hereditas.pl\/wp-content\/uploads\/2024\/12\/Marta_Wasilewska_Wwa_Plac_Przymierza_3_klatka_IIp_balustrada-2-768x1152.jpg 768w, http:\/\/lapidarium.fundacja-hereditas.pl\/wp-content\/uploads\/2024\/12\/Marta_Wasilewska_Wwa_Plac_Przymierza_3_klatka_IIp_balustrada-2-1024x1536.jpg 1024w, http:\/\/lapidarium.fundacja-hereditas.pl\/wp-content\/uploads\/2024\/12\/Marta_Wasilewska_Wwa_Plac_Przymierza_3_klatka_IIp_balustrada-2-1365x2048.jpg 1365w, http:\/\/lapidarium.fundacja-hereditas.pl\/wp-content\/uploads\/2024\/12\/Marta_Wasilewska_Wwa_Plac_Przymierza_3_klatka_IIp_balustrada-2-150x225.jpg 150w, http:\/\/lapidarium.fundacja-hereditas.pl\/wp-content\/uploads\/2024\/12\/Marta_Wasilewska_Wwa_Plac_Przymierza_3_klatka_IIp_balustrada-2-300x450.jpg 300w, http:\/\/lapidarium.fundacja-hereditas.pl\/wp-content\/uploads\/2024\/12\/Marta_Wasilewska_Wwa_Plac_Przymierza_3_klatka_IIp_balustrada-2-696x1044.jpg 696w, http:\/\/lapidarium.fundacja-hereditas.pl\/wp-content\/uploads\/2024\/12\/Marta_Wasilewska_Wwa_Plac_Przymierza_3_klatka_IIp_balustrada-2-1068x1602.jpg 1068w, http:\/\/lapidarium.fundacja-hereditas.pl\/wp-content\/uploads\/2024\/12\/Marta_Wasilewska_Wwa_Plac_Przymierza_3_klatka_IIp_balustrada-2-1920x2880.jpg 1920w, http:\/\/lapidarium.fundacja-hereditas.pl\/wp-content\/uploads\/2024\/12\/Marta_Wasilewska_Wwa_Plac_Przymierza_3_klatka_IIp_balustrada-2-scaled.jpg 1707w\" sizes=\"auto, (max-width: 683px) 100vw, 683px\" \/><figcaption class=\"wp-element-caption\">Klatka &#8211; pi\u0119tro II-gie. Fot. Marta Wasilewska, 2024 r., \u017ar\u00f3d\u0142o: &#8222;Focus na detal&#8221;.<\/figcaption><\/figure>\n\n\n\n<figure class=\"wp-block-image size-large\"><img loading=\"lazy\" decoding=\"async\" width=\"683\" height=\"1024\" data-id=\"32045\" src=\"http:\/\/lapidarium.fundacja-hereditas.pl\/wp-content\/uploads\/2024\/12\/Marta_Wasilewska_Wwa_Plac_Przymierza_3_klatka_IIp_balustrada-683x1024.jpg\" alt=\"\" class=\"wp-image-32045\" srcset=\"http:\/\/lapidarium.fundacja-hereditas.pl\/wp-content\/uploads\/2024\/12\/Marta_Wasilewska_Wwa_Plac_Przymierza_3_klatka_IIp_balustrada-683x1024.jpg 683w, http:\/\/lapidarium.fundacja-hereditas.pl\/wp-content\/uploads\/2024\/12\/Marta_Wasilewska_Wwa_Plac_Przymierza_3_klatka_IIp_balustrada-200x300.jpg 200w, http:\/\/lapidarium.fundacja-hereditas.pl\/wp-content\/uploads\/2024\/12\/Marta_Wasilewska_Wwa_Plac_Przymierza_3_klatka_IIp_balustrada-768x1152.jpg 768w, http:\/\/lapidarium.fundacja-hereditas.pl\/wp-content\/uploads\/2024\/12\/Marta_Wasilewska_Wwa_Plac_Przymierza_3_klatka_IIp_balustrada-1024x1536.jpg 1024w, http:\/\/lapidarium.fundacja-hereditas.pl\/wp-content\/uploads\/2024\/12\/Marta_Wasilewska_Wwa_Plac_Przymierza_3_klatka_IIp_balustrada-1365x2048.jpg 1365w, http:\/\/lapidarium.fundacja-hereditas.pl\/wp-content\/uploads\/2024\/12\/Marta_Wasilewska_Wwa_Plac_Przymierza_3_klatka_IIp_balustrada-150x225.jpg 150w, http:\/\/lapidarium.fundacja-hereditas.pl\/wp-content\/uploads\/2024\/12\/Marta_Wasilewska_Wwa_Plac_Przymierza_3_klatka_IIp_balustrada-300x450.jpg 300w, http:\/\/lapidarium.fundacja-hereditas.pl\/wp-content\/uploads\/2024\/12\/Marta_Wasilewska_Wwa_Plac_Przymierza_3_klatka_IIp_balustrada-696x1044.jpg 696w, http:\/\/lapidarium.fundacja-hereditas.pl\/wp-content\/uploads\/2024\/12\/Marta_Wasilewska_Wwa_Plac_Przymierza_3_klatka_IIp_balustrada-1068x1602.jpg 1068w, http:\/\/lapidarium.fundacja-hereditas.pl\/wp-content\/uploads\/2024\/12\/Marta_Wasilewska_Wwa_Plac_Przymierza_3_klatka_IIp_balustrada-1920x2880.jpg 1920w, http:\/\/lapidarium.fundacja-hereditas.pl\/wp-content\/uploads\/2024\/12\/Marta_Wasilewska_Wwa_Plac_Przymierza_3_klatka_IIp_balustrada-scaled.jpg 1707w\" sizes=\"auto, (max-width: 683px) 100vw, 683px\" \/><figcaption class=\"wp-element-caption\">Klatka &#8211; widok z pi\u0119tra II-go &#8211; balustrada. Fot. Marta Wasilewska, 2024 r., \u017ar\u00f3d\u0142o: &#8222;Focus na detal&#8221;.<\/figcaption><\/figure>\n\n\n\n<figure class=\"wp-block-image size-large\"><img loading=\"lazy\" decoding=\"async\" width=\"680\" height=\"1024\" data-id=\"32046\" src=\"http:\/\/lapidarium.fundacja-hereditas.pl\/wp-content\/uploads\/2024\/12\/Marta_Wasilewska_Wwa_Plac_Przymierza_3_klatka_IIp_drzwi-2-680x1024.jpg\" alt=\"\" class=\"wp-image-32046\" srcset=\"http:\/\/lapidarium.fundacja-hereditas.pl\/wp-content\/uploads\/2024\/12\/Marta_Wasilewska_Wwa_Plac_Przymierza_3_klatka_IIp_drzwi-2-680x1024.jpg 680w, http:\/\/lapidarium.fundacja-hereditas.pl\/wp-content\/uploads\/2024\/12\/Marta_Wasilewska_Wwa_Plac_Przymierza_3_klatka_IIp_drzwi-2-199x300.jpg 199w, http:\/\/lapidarium.fundacja-hereditas.pl\/wp-content\/uploads\/2024\/12\/Marta_Wasilewska_Wwa_Plac_Przymierza_3_klatka_IIp_drzwi-2-768x1156.jpg 768w, http:\/\/lapidarium.fundacja-hereditas.pl\/wp-content\/uploads\/2024\/12\/Marta_Wasilewska_Wwa_Plac_Przymierza_3_klatka_IIp_drzwi-2-1020x1536.jpg 1020w, http:\/\/lapidarium.fundacja-hereditas.pl\/wp-content\/uploads\/2024\/12\/Marta_Wasilewska_Wwa_Plac_Przymierza_3_klatka_IIp_drzwi-2-1360x2048.jpg 1360w, http:\/\/lapidarium.fundacja-hereditas.pl\/wp-content\/uploads\/2024\/12\/Marta_Wasilewska_Wwa_Plac_Przymierza_3_klatka_IIp_drzwi-2-150x226.jpg 150w, http:\/\/lapidarium.fundacja-hereditas.pl\/wp-content\/uploads\/2024\/12\/Marta_Wasilewska_Wwa_Plac_Przymierza_3_klatka_IIp_drzwi-2-300x452.jpg 300w, http:\/\/lapidarium.fundacja-hereditas.pl\/wp-content\/uploads\/2024\/12\/Marta_Wasilewska_Wwa_Plac_Przymierza_3_klatka_IIp_drzwi-2-696x1048.jpg 696w, http:\/\/lapidarium.fundacja-hereditas.pl\/wp-content\/uploads\/2024\/12\/Marta_Wasilewska_Wwa_Plac_Przymierza_3_klatka_IIp_drzwi-2-1068x1608.jpg 1068w, http:\/\/lapidarium.fundacja-hereditas.pl\/wp-content\/uploads\/2024\/12\/Marta_Wasilewska_Wwa_Plac_Przymierza_3_klatka_IIp_drzwi-2-1920x2891.jpg 1920w, http:\/\/lapidarium.fundacja-hereditas.pl\/wp-content\/uploads\/2024\/12\/Marta_Wasilewska_Wwa_Plac_Przymierza_3_klatka_IIp_drzwi-2-scaled.jpg 1700w\" sizes=\"auto, (max-width: 680px) 100vw, 680px\" \/><figcaption class=\"wp-element-caption\">Klatka &#8211; pi\u0119tro II-gie. Drzwi. Fot. Marta Wasilewska, 2024 r., \u017ar\u00f3d\u0142o: &#8222;Focus na detal&#8221;.<\/figcaption><\/figure>\n\n\n\n<figure class=\"wp-block-image size-large\"><img loading=\"lazy\" decoding=\"async\" width=\"710\" height=\"1024\" data-id=\"32047\" src=\"http:\/\/lapidarium.fundacja-hereditas.pl\/wp-content\/uploads\/2024\/12\/Marta_Wasilewska_Wwa_Plac_Przymierza_3_klatka_IIp_drzwi-710x1024.jpg\" alt=\"\" class=\"wp-image-32047\" srcset=\"http:\/\/lapidarium.fundacja-hereditas.pl\/wp-content\/uploads\/2024\/12\/Marta_Wasilewska_Wwa_Plac_Przymierza_3_klatka_IIp_drzwi-710x1024.jpg 710w, http:\/\/lapidarium.fundacja-hereditas.pl\/wp-content\/uploads\/2024\/12\/Marta_Wasilewska_Wwa_Plac_Przymierza_3_klatka_IIp_drzwi-208x300.jpg 208w, http:\/\/lapidarium.fundacja-hereditas.pl\/wp-content\/uploads\/2024\/12\/Marta_Wasilewska_Wwa_Plac_Przymierza_3_klatka_IIp_drzwi-768x1107.jpg 768w, http:\/\/lapidarium.fundacja-hereditas.pl\/wp-content\/uploads\/2024\/12\/Marta_Wasilewska_Wwa_Plac_Przymierza_3_klatka_IIp_drzwi-1065x1536.jpg 1065w, http:\/\/lapidarium.fundacja-hereditas.pl\/wp-content\/uploads\/2024\/12\/Marta_Wasilewska_Wwa_Plac_Przymierza_3_klatka_IIp_drzwi-1420x2048.jpg 1420w, http:\/\/lapidarium.fundacja-hereditas.pl\/wp-content\/uploads\/2024\/12\/Marta_Wasilewska_Wwa_Plac_Przymierza_3_klatka_IIp_drzwi-150x216.jpg 150w, http:\/\/lapidarium.fundacja-hereditas.pl\/wp-content\/uploads\/2024\/12\/Marta_Wasilewska_Wwa_Plac_Przymierza_3_klatka_IIp_drzwi-300x433.jpg 300w, http:\/\/lapidarium.fundacja-hereditas.pl\/wp-content\/uploads\/2024\/12\/Marta_Wasilewska_Wwa_Plac_Przymierza_3_klatka_IIp_drzwi-696x1003.jpg 696w, http:\/\/lapidarium.fundacja-hereditas.pl\/wp-content\/uploads\/2024\/12\/Marta_Wasilewska_Wwa_Plac_Przymierza_3_klatka_IIp_drzwi-1068x1540.jpg 1068w, http:\/\/lapidarium.fundacja-hereditas.pl\/wp-content\/uploads\/2024\/12\/Marta_Wasilewska_Wwa_Plac_Przymierza_3_klatka_IIp_drzwi-1920x2768.jpg 1920w, http:\/\/lapidarium.fundacja-hereditas.pl\/wp-content\/uploads\/2024\/12\/Marta_Wasilewska_Wwa_Plac_Przymierza_3_klatka_IIp_drzwi-scaled.jpg 1776w\" sizes=\"auto, (max-width: 710px) 100vw, 710px\" \/><figcaption class=\"wp-element-caption\">Klatka &#8211; pi\u0119tro II-gie. Drzwi. Fot. Marta Wasilewska, 2024 r., \u017ar\u00f3d\u0142o: &#8222;Focus na detal&#8221;.<\/figcaption><\/figure>\n\n\n\n<figure class=\"wp-block-image size-large\"><img loading=\"lazy\" decoding=\"async\" width=\"683\" height=\"1024\" data-id=\"32050\" src=\"http:\/\/lapidarium.fundacja-hereditas.pl\/wp-content\/uploads\/2024\/12\/Marta_Wasilewska_Wwa_Plac_Przymierza_3_klatka_IIp_dzwonek-2-683x1024.jpg\" alt=\"\" class=\"wp-image-32050\" srcset=\"http:\/\/lapidarium.fundacja-hereditas.pl\/wp-content\/uploads\/2024\/12\/Marta_Wasilewska_Wwa_Plac_Przymierza_3_klatka_IIp_dzwonek-2-683x1024.jpg 683w, http:\/\/lapidarium.fundacja-hereditas.pl\/wp-content\/uploads\/2024\/12\/Marta_Wasilewska_Wwa_Plac_Przymierza_3_klatka_IIp_dzwonek-2-200x300.jpg 200w, http:\/\/lapidarium.fundacja-hereditas.pl\/wp-content\/uploads\/2024\/12\/Marta_Wasilewska_Wwa_Plac_Przymierza_3_klatka_IIp_dzwonek-2-768x1152.jpg 768w, http:\/\/lapidarium.fundacja-hereditas.pl\/wp-content\/uploads\/2024\/12\/Marta_Wasilewska_Wwa_Plac_Przymierza_3_klatka_IIp_dzwonek-2-1024x1536.jpg 1024w, http:\/\/lapidarium.fundacja-hereditas.pl\/wp-content\/uploads\/2024\/12\/Marta_Wasilewska_Wwa_Plac_Przymierza_3_klatka_IIp_dzwonek-2-1365x2048.jpg 1365w, http:\/\/lapidarium.fundacja-hereditas.pl\/wp-content\/uploads\/2024\/12\/Marta_Wasilewska_Wwa_Plac_Przymierza_3_klatka_IIp_dzwonek-2-150x225.jpg 150w, http:\/\/lapidarium.fundacja-hereditas.pl\/wp-content\/uploads\/2024\/12\/Marta_Wasilewska_Wwa_Plac_Przymierza_3_klatka_IIp_dzwonek-2-300x450.jpg 300w, http:\/\/lapidarium.fundacja-hereditas.pl\/wp-content\/uploads\/2024\/12\/Marta_Wasilewska_Wwa_Plac_Przymierza_3_klatka_IIp_dzwonek-2-696x1044.jpg 696w, http:\/\/lapidarium.fundacja-hereditas.pl\/wp-content\/uploads\/2024\/12\/Marta_Wasilewska_Wwa_Plac_Przymierza_3_klatka_IIp_dzwonek-2-1068x1602.jpg 1068w, http:\/\/lapidarium.fundacja-hereditas.pl\/wp-content\/uploads\/2024\/12\/Marta_Wasilewska_Wwa_Plac_Przymierza_3_klatka_IIp_dzwonek-2-1920x2880.jpg 1920w, http:\/\/lapidarium.fundacja-hereditas.pl\/wp-content\/uploads\/2024\/12\/Marta_Wasilewska_Wwa_Plac_Przymierza_3_klatka_IIp_dzwonek-2-scaled.jpg 1707w\" sizes=\"auto, (max-width: 683px) 100vw, 683px\" \/><figcaption class=\"wp-element-caption\">Klatka &#8211; pi\u0119tro II-gie. Dzwonek u drzwi. Fot. Marta Wasilewska, 2024 r., \u017ar\u00f3d\u0142o: &#8222;Focus na detal&#8221;.<\/figcaption><\/figure>\n\n\n\n<figure class=\"wp-block-image size-large\"><img loading=\"lazy\" decoding=\"async\" width=\"683\" height=\"1024\" data-id=\"32051\" src=\"http:\/\/lapidarium.fundacja-hereditas.pl\/wp-content\/uploads\/2024\/12\/Marta_Wasilewska_Wwa_Plac_Przymierza_3_klatka_IIp_dzwonek-683x1024.jpg\" alt=\"\" class=\"wp-image-32051\" srcset=\"http:\/\/lapidarium.fundacja-hereditas.pl\/wp-content\/uploads\/2024\/12\/Marta_Wasilewska_Wwa_Plac_Przymierza_3_klatka_IIp_dzwonek-683x1024.jpg 683w, http:\/\/lapidarium.fundacja-hereditas.pl\/wp-content\/uploads\/2024\/12\/Marta_Wasilewska_Wwa_Plac_Przymierza_3_klatka_IIp_dzwonek-200x300.jpg 200w, http:\/\/lapidarium.fundacja-hereditas.pl\/wp-content\/uploads\/2024\/12\/Marta_Wasilewska_Wwa_Plac_Przymierza_3_klatka_IIp_dzwonek-768x1152.jpg 768w, http:\/\/lapidarium.fundacja-hereditas.pl\/wp-content\/uploads\/2024\/12\/Marta_Wasilewska_Wwa_Plac_Przymierza_3_klatka_IIp_dzwonek-1024x1536.jpg 1024w, http:\/\/lapidarium.fundacja-hereditas.pl\/wp-content\/uploads\/2024\/12\/Marta_Wasilewska_Wwa_Plac_Przymierza_3_klatka_IIp_dzwonek-1365x2048.jpg 1365w, http:\/\/lapidarium.fundacja-hereditas.pl\/wp-content\/uploads\/2024\/12\/Marta_Wasilewska_Wwa_Plac_Przymierza_3_klatka_IIp_dzwonek-150x225.jpg 150w, http:\/\/lapidarium.fundacja-hereditas.pl\/wp-content\/uploads\/2024\/12\/Marta_Wasilewska_Wwa_Plac_Przymierza_3_klatka_IIp_dzwonek-300x450.jpg 300w, http:\/\/lapidarium.fundacja-hereditas.pl\/wp-content\/uploads\/2024\/12\/Marta_Wasilewska_Wwa_Plac_Przymierza_3_klatka_IIp_dzwonek-696x1044.jpg 696w, http:\/\/lapidarium.fundacja-hereditas.pl\/wp-content\/uploads\/2024\/12\/Marta_Wasilewska_Wwa_Plac_Przymierza_3_klatka_IIp_dzwonek-1068x1602.jpg 1068w, http:\/\/lapidarium.fundacja-hereditas.pl\/wp-content\/uploads\/2024\/12\/Marta_Wasilewska_Wwa_Plac_Przymierza_3_klatka_IIp_dzwonek-1920x2880.jpg 1920w, http:\/\/lapidarium.fundacja-hereditas.pl\/wp-content\/uploads\/2024\/12\/Marta_Wasilewska_Wwa_Plac_Przymierza_3_klatka_IIp_dzwonek-scaled.jpg 1707w\" sizes=\"auto, (max-width: 683px) 100vw, 683px\" \/><figcaption class=\"wp-element-caption\">Klatka &#8211; pi\u0119tro II-gie. Dzwonek u drzwi. Fot. Marta Wasilewska, 2024 r., \u017ar\u00f3d\u0142o: &#8222;Focus na detal&#8221;.<\/figcaption><\/figure>\n\n\n\n<figure class=\"wp-block-image size-large\"><img loading=\"lazy\" decoding=\"async\" width=\"698\" height=\"1024\" data-id=\"32049\" src=\"http:\/\/lapidarium.fundacja-hereditas.pl\/wp-content\/uploads\/2024\/12\/Marta_Wasilewska_Wwa_Plac_Przymierza_3_klatka_IIp_klamka-2-698x1024.jpg\" alt=\"\" class=\"wp-image-32049\" srcset=\"http:\/\/lapidarium.fundacja-hereditas.pl\/wp-content\/uploads\/2024\/12\/Marta_Wasilewska_Wwa_Plac_Przymierza_3_klatka_IIp_klamka-2-698x1024.jpg 698w, http:\/\/lapidarium.fundacja-hereditas.pl\/wp-content\/uploads\/2024\/12\/Marta_Wasilewska_Wwa_Plac_Przymierza_3_klatka_IIp_klamka-2-205x300.jpg 205w, http:\/\/lapidarium.fundacja-hereditas.pl\/wp-content\/uploads\/2024\/12\/Marta_Wasilewska_Wwa_Plac_Przymierza_3_klatka_IIp_klamka-2-768x1126.jpg 768w, http:\/\/lapidarium.fundacja-hereditas.pl\/wp-content\/uploads\/2024\/12\/Marta_Wasilewska_Wwa_Plac_Przymierza_3_klatka_IIp_klamka-2-1048x1536.jpg 1048w, http:\/\/lapidarium.fundacja-hereditas.pl\/wp-content\/uploads\/2024\/12\/Marta_Wasilewska_Wwa_Plac_Przymierza_3_klatka_IIp_klamka-2-1397x2048.jpg 1397w, http:\/\/lapidarium.fundacja-hereditas.pl\/wp-content\/uploads\/2024\/12\/Marta_Wasilewska_Wwa_Plac_Przymierza_3_klatka_IIp_klamka-2-150x220.jpg 150w, http:\/\/lapidarium.fundacja-hereditas.pl\/wp-content\/uploads\/2024\/12\/Marta_Wasilewska_Wwa_Plac_Przymierza_3_klatka_IIp_klamka-2-300x440.jpg 300w, http:\/\/lapidarium.fundacja-hereditas.pl\/wp-content\/uploads\/2024\/12\/Marta_Wasilewska_Wwa_Plac_Przymierza_3_klatka_IIp_klamka-2-696x1020.jpg 696w, http:\/\/lapidarium.fundacja-hereditas.pl\/wp-content\/uploads\/2024\/12\/Marta_Wasilewska_Wwa_Plac_Przymierza_3_klatka_IIp_klamka-2-1068x1566.jpg 1068w, http:\/\/lapidarium.fundacja-hereditas.pl\/wp-content\/uploads\/2024\/12\/Marta_Wasilewska_Wwa_Plac_Przymierza_3_klatka_IIp_klamka-2-1920x2815.jpg 1920w, http:\/\/lapidarium.fundacja-hereditas.pl\/wp-content\/uploads\/2024\/12\/Marta_Wasilewska_Wwa_Plac_Przymierza_3_klatka_IIp_klamka-2-scaled.jpg 1746w\" sizes=\"auto, (max-width: 698px) 100vw, 698px\" \/><figcaption class=\"wp-element-caption\">Klatka &#8211; pi\u0119tro II-gie. Dzwonek u drzwi. Fot. Marta Wasilewska, 2024 r., \u017ar\u00f3d\u0142o: &#8222;Focus na detal&#8221;.<\/figcaption><\/figure>\n\n\n\n<figure class=\"wp-block-image size-large\"><img loading=\"lazy\" decoding=\"async\" width=\"647\" height=\"1024\" data-id=\"32048\" src=\"http:\/\/lapidarium.fundacja-hereditas.pl\/wp-content\/uploads\/2024\/12\/Marta_Wasilewska_Wwa_Plac_Przymierza_3_klatka_IIp_klamka-647x1024.jpg\" alt=\"\" class=\"wp-image-32048\" srcset=\"http:\/\/lapidarium.fundacja-hereditas.pl\/wp-content\/uploads\/2024\/12\/Marta_Wasilewska_Wwa_Plac_Przymierza_3_klatka_IIp_klamka-647x1024.jpg 647w, http:\/\/lapidarium.fundacja-hereditas.pl\/wp-content\/uploads\/2024\/12\/Marta_Wasilewska_Wwa_Plac_Przymierza_3_klatka_IIp_klamka-190x300.jpg 190w, http:\/\/lapidarium.fundacja-hereditas.pl\/wp-content\/uploads\/2024\/12\/Marta_Wasilewska_Wwa_Plac_Przymierza_3_klatka_IIp_klamka-768x1216.jpg 768w, http:\/\/lapidarium.fundacja-hereditas.pl\/wp-content\/uploads\/2024\/12\/Marta_Wasilewska_Wwa_Plac_Przymierza_3_klatka_IIp_klamka-970x1536.jpg 970w, http:\/\/lapidarium.fundacja-hereditas.pl\/wp-content\/uploads\/2024\/12\/Marta_Wasilewska_Wwa_Plac_Przymierza_3_klatka_IIp_klamka-1294x2048.jpg 1294w, http:\/\/lapidarium.fundacja-hereditas.pl\/wp-content\/uploads\/2024\/12\/Marta_Wasilewska_Wwa_Plac_Przymierza_3_klatka_IIp_klamka-150x237.jpg 150w, http:\/\/lapidarium.fundacja-hereditas.pl\/wp-content\/uploads\/2024\/12\/Marta_Wasilewska_Wwa_Plac_Przymierza_3_klatka_IIp_klamka-300x475.jpg 300w, http:\/\/lapidarium.fundacja-hereditas.pl\/wp-content\/uploads\/2024\/12\/Marta_Wasilewska_Wwa_Plac_Przymierza_3_klatka_IIp_klamka-696x1102.jpg 696w, http:\/\/lapidarium.fundacja-hereditas.pl\/wp-content\/uploads\/2024\/12\/Marta_Wasilewska_Wwa_Plac_Przymierza_3_klatka_IIp_klamka-1068x1691.jpg 1068w, http:\/\/lapidarium.fundacja-hereditas.pl\/wp-content\/uploads\/2024\/12\/Marta_Wasilewska_Wwa_Plac_Przymierza_3_klatka_IIp_klamka-1920x3039.jpg 1920w, http:\/\/lapidarium.fundacja-hereditas.pl\/wp-content\/uploads\/2024\/12\/Marta_Wasilewska_Wwa_Plac_Przymierza_3_klatka_IIp_klamka-scaled.jpg 1617w\" sizes=\"auto, (max-width: 647px) 100vw, 647px\" \/><figcaption class=\"wp-element-caption\">Klatka &#8211; pi\u0119tro II-gie. Ga\u0142ka u drzwi. Fot. Marta Wasilewska, 2024 r., \u017ar\u00f3d\u0142o: &#8222;Focus na detal&#8221;.<\/figcaption><\/figure>\n\n\n\n<figure class=\"wp-block-image size-large\"><img loading=\"lazy\" decoding=\"async\" width=\"1024\" height=\"683\" data-id=\"32052\" src=\"http:\/\/lapidarium.fundacja-hereditas.pl\/wp-content\/uploads\/2024\/12\/Marta_Wasilewska_Wwa_Plac_Przymierza_3_klatka_IIp_wizjer-1024x683.jpg\" alt=\"\" class=\"wp-image-32052\" srcset=\"http:\/\/lapidarium.fundacja-hereditas.pl\/wp-content\/uploads\/2024\/12\/Marta_Wasilewska_Wwa_Plac_Przymierza_3_klatka_IIp_wizjer-1024x683.jpg 1024w, http:\/\/lapidarium.fundacja-hereditas.pl\/wp-content\/uploads\/2024\/12\/Marta_Wasilewska_Wwa_Plac_Przymierza_3_klatka_IIp_wizjer-300x200.jpg 300w, http:\/\/lapidarium.fundacja-hereditas.pl\/wp-content\/uploads\/2024\/12\/Marta_Wasilewska_Wwa_Plac_Przymierza_3_klatka_IIp_wizjer-768x512.jpg 768w, http:\/\/lapidarium.fundacja-hereditas.pl\/wp-content\/uploads\/2024\/12\/Marta_Wasilewska_Wwa_Plac_Przymierza_3_klatka_IIp_wizjer-1536x1024.jpg 1536w, http:\/\/lapidarium.fundacja-hereditas.pl\/wp-content\/uploads\/2024\/12\/Marta_Wasilewska_Wwa_Plac_Przymierza_3_klatka_IIp_wizjer-2048x1365.jpg 2048w, http:\/\/lapidarium.fundacja-hereditas.pl\/wp-content\/uploads\/2024\/12\/Marta_Wasilewska_Wwa_Plac_Przymierza_3_klatka_IIp_wizjer-150x100.jpg 150w, http:\/\/lapidarium.fundacja-hereditas.pl\/wp-content\/uploads\/2024\/12\/Marta_Wasilewska_Wwa_Plac_Przymierza_3_klatka_IIp_wizjer-696x464.jpg 696w, http:\/\/lapidarium.fundacja-hereditas.pl\/wp-content\/uploads\/2024\/12\/Marta_Wasilewska_Wwa_Plac_Przymierza_3_klatka_IIp_wizjer-1068x712.jpg 1068w, http:\/\/lapidarium.fundacja-hereditas.pl\/wp-content\/uploads\/2024\/12\/Marta_Wasilewska_Wwa_Plac_Przymierza_3_klatka_IIp_wizjer-1920x1280.jpg 1920w\" sizes=\"auto, (max-width: 1024px) 100vw, 1024px\" \/><figcaption class=\"wp-element-caption\">Klatka &#8211; pi\u0119tro II-gie. Wizjer. Fot. Marta Wasilewska, 2024 r., \u017ar\u00f3d\u0142o: &#8222;Focus na detal&#8221;.<\/figcaption><\/figure>\n\n\n\n<figure class=\"wp-block-image size-large\"><img loading=\"lazy\" decoding=\"async\" width=\"1024\" height=\"683\" data-id=\"32053\" src=\"http:\/\/lapidarium.fundacja-hereditas.pl\/wp-content\/uploads\/2024\/12\/Marta_Wasilewska_Wwa_Plac_Przymierza_3_klatka_Ip_balustrada-2-1024x683.jpg\" alt=\"\" class=\"wp-image-32053\" srcset=\"http:\/\/lapidarium.fundacja-hereditas.pl\/wp-content\/uploads\/2024\/12\/Marta_Wasilewska_Wwa_Plac_Przymierza_3_klatka_Ip_balustrada-2-1024x683.jpg 1024w, http:\/\/lapidarium.fundacja-hereditas.pl\/wp-content\/uploads\/2024\/12\/Marta_Wasilewska_Wwa_Plac_Przymierza_3_klatka_Ip_balustrada-2-300x200.jpg 300w, http:\/\/lapidarium.fundacja-hereditas.pl\/wp-content\/uploads\/2024\/12\/Marta_Wasilewska_Wwa_Plac_Przymierza_3_klatka_Ip_balustrada-2-768x512.jpg 768w, http:\/\/lapidarium.fundacja-hereditas.pl\/wp-content\/uploads\/2024\/12\/Marta_Wasilewska_Wwa_Plac_Przymierza_3_klatka_Ip_balustrada-2-1536x1024.jpg 1536w, http:\/\/lapidarium.fundacja-hereditas.pl\/wp-content\/uploads\/2024\/12\/Marta_Wasilewska_Wwa_Plac_Przymierza_3_klatka_Ip_balustrada-2-2048x1365.jpg 2048w, http:\/\/lapidarium.fundacja-hereditas.pl\/wp-content\/uploads\/2024\/12\/Marta_Wasilewska_Wwa_Plac_Przymierza_3_klatka_Ip_balustrada-2-150x100.jpg 150w, http:\/\/lapidarium.fundacja-hereditas.pl\/wp-content\/uploads\/2024\/12\/Marta_Wasilewska_Wwa_Plac_Przymierza_3_klatka_Ip_balustrada-2-696x464.jpg 696w, http:\/\/lapidarium.fundacja-hereditas.pl\/wp-content\/uploads\/2024\/12\/Marta_Wasilewska_Wwa_Plac_Przymierza_3_klatka_Ip_balustrada-2-1068x712.jpg 1068w, http:\/\/lapidarium.fundacja-hereditas.pl\/wp-content\/uploads\/2024\/12\/Marta_Wasilewska_Wwa_Plac_Przymierza_3_klatka_Ip_balustrada-2-1920x1280.jpg 1920w\" sizes=\"auto, (max-width: 1024px) 100vw, 1024px\" \/><figcaption class=\"wp-element-caption\">Klatka &#8211; widok z pi\u0119tra I-go. Balustrada. Fot. Marta Wasilewska, 2024 r., \u017ar\u00f3d\u0142o: &#8222;Focus na detal&#8221;.<\/figcaption><\/figure>\n\n\n\n<figure class=\"wp-block-image size-large\"><img loading=\"lazy\" decoding=\"async\" width=\"683\" height=\"1024\" data-id=\"32054\" src=\"http:\/\/lapidarium.fundacja-hereditas.pl\/wp-content\/uploads\/2024\/12\/Marta_Wasilewska_Wwa_Plac_Przymierza_3_klatka_Ip_balustrada-683x1024.jpg\" alt=\"\" class=\"wp-image-32054\" srcset=\"http:\/\/lapidarium.fundacja-hereditas.pl\/wp-content\/uploads\/2024\/12\/Marta_Wasilewska_Wwa_Plac_Przymierza_3_klatka_Ip_balustrada-683x1024.jpg 683w, http:\/\/lapidarium.fundacja-hereditas.pl\/wp-content\/uploads\/2024\/12\/Marta_Wasilewska_Wwa_Plac_Przymierza_3_klatka_Ip_balustrada-200x300.jpg 200w, http:\/\/lapidarium.fundacja-hereditas.pl\/wp-content\/uploads\/2024\/12\/Marta_Wasilewska_Wwa_Plac_Przymierza_3_klatka_Ip_balustrada-768x1152.jpg 768w, http:\/\/lapidarium.fundacja-hereditas.pl\/wp-content\/uploads\/2024\/12\/Marta_Wasilewska_Wwa_Plac_Przymierza_3_klatka_Ip_balustrada-1024x1536.jpg 1024w, http:\/\/lapidarium.fundacja-hereditas.pl\/wp-content\/uploads\/2024\/12\/Marta_Wasilewska_Wwa_Plac_Przymierza_3_klatka_Ip_balustrada-1365x2048.jpg 1365w, http:\/\/lapidarium.fundacja-hereditas.pl\/wp-content\/uploads\/2024\/12\/Marta_Wasilewska_Wwa_Plac_Przymierza_3_klatka_Ip_balustrada-150x225.jpg 150w, http:\/\/lapidarium.fundacja-hereditas.pl\/wp-content\/uploads\/2024\/12\/Marta_Wasilewska_Wwa_Plac_Przymierza_3_klatka_Ip_balustrada-300x450.jpg 300w, http:\/\/lapidarium.fundacja-hereditas.pl\/wp-content\/uploads\/2024\/12\/Marta_Wasilewska_Wwa_Plac_Przymierza_3_klatka_Ip_balustrada-696x1044.jpg 696w, http:\/\/lapidarium.fundacja-hereditas.pl\/wp-content\/uploads\/2024\/12\/Marta_Wasilewska_Wwa_Plac_Przymierza_3_klatka_Ip_balustrada-1068x1602.jpg 1068w, http:\/\/lapidarium.fundacja-hereditas.pl\/wp-content\/uploads\/2024\/12\/Marta_Wasilewska_Wwa_Plac_Przymierza_3_klatka_Ip_balustrada-1920x2880.jpg 1920w, http:\/\/lapidarium.fundacja-hereditas.pl\/wp-content\/uploads\/2024\/12\/Marta_Wasilewska_Wwa_Plac_Przymierza_3_klatka_Ip_balustrada-scaled.jpg 1707w\" sizes=\"auto, (max-width: 683px) 100vw, 683px\" \/><figcaption class=\"wp-element-caption\">Klatka &#8211; widok z pi\u0119tra I-go. Fot. Marta Wasilewska, 2024 r., \u017ar\u00f3d\u0142o: &#8222;Focus na detal&#8221;.<\/figcaption><\/figure>\n\n\n\n<figure class=\"wp-block-image size-large\"><img loading=\"lazy\" decoding=\"async\" width=\"587\" height=\"1024\" data-id=\"32055\" src=\"http:\/\/lapidarium.fundacja-hereditas.pl\/wp-content\/uploads\/2024\/12\/Marta_Wasilewska_Wwa_Plac_Przymierza_3_klatka_Ip_klamka-1-587x1024.jpg\" alt=\"\" class=\"wp-image-32055\" srcset=\"http:\/\/lapidarium.fundacja-hereditas.pl\/wp-content\/uploads\/2024\/12\/Marta_Wasilewska_Wwa_Plac_Przymierza_3_klatka_Ip_klamka-1-587x1024.jpg 587w, http:\/\/lapidarium.fundacja-hereditas.pl\/wp-content\/uploads\/2024\/12\/Marta_Wasilewska_Wwa_Plac_Przymierza_3_klatka_Ip_klamka-1-172x300.jpg 172w, http:\/\/lapidarium.fundacja-hereditas.pl\/wp-content\/uploads\/2024\/12\/Marta_Wasilewska_Wwa_Plac_Przymierza_3_klatka_Ip_klamka-1-768x1339.jpg 768w, http:\/\/lapidarium.fundacja-hereditas.pl\/wp-content\/uploads\/2024\/12\/Marta_Wasilewska_Wwa_Plac_Przymierza_3_klatka_Ip_klamka-1-881x1536.jpg 881w, http:\/\/lapidarium.fundacja-hereditas.pl\/wp-content\/uploads\/2024\/12\/Marta_Wasilewska_Wwa_Plac_Przymierza_3_klatka_Ip_klamka-1-1175x2048.jpg 1175w, http:\/\/lapidarium.fundacja-hereditas.pl\/wp-content\/uploads\/2024\/12\/Marta_Wasilewska_Wwa_Plac_Przymierza_3_klatka_Ip_klamka-1-150x262.jpg 150w, http:\/\/lapidarium.fundacja-hereditas.pl\/wp-content\/uploads\/2024\/12\/Marta_Wasilewska_Wwa_Plac_Przymierza_3_klatka_Ip_klamka-1-300x523.jpg 300w, http:\/\/lapidarium.fundacja-hereditas.pl\/wp-content\/uploads\/2024\/12\/Marta_Wasilewska_Wwa_Plac_Przymierza_3_klatka_Ip_klamka-1-696x1214.jpg 696w, http:\/\/lapidarium.fundacja-hereditas.pl\/wp-content\/uploads\/2024\/12\/Marta_Wasilewska_Wwa_Plac_Przymierza_3_klatka_Ip_klamka-1-1068x1862.jpg 1068w, http:\/\/lapidarium.fundacja-hereditas.pl\/wp-content\/uploads\/2024\/12\/Marta_Wasilewska_Wwa_Plac_Przymierza_3_klatka_Ip_klamka-1-1920x3348.jpg 1920w, http:\/\/lapidarium.fundacja-hereditas.pl\/wp-content\/uploads\/2024\/12\/Marta_Wasilewska_Wwa_Plac_Przymierza_3_klatka_Ip_klamka-1-scaled.jpg 1468w\" sizes=\"auto, (max-width: 587px) 100vw, 587px\" \/><figcaption class=\"wp-element-caption\">Klatka &#8211; pi\u0119tro I-sze. Ga\u0142ka u drzwi. Fot. Marta Wasilewska, 2024 r., \u017ar\u00f3d\u0142o: &#8222;Focus na detal&#8221;.<\/figcaption><\/figure>\n\n\n\n<figure class=\"wp-block-image size-large\"><img loading=\"lazy\" decoding=\"async\" width=\"782\" height=\"1024\" data-id=\"32056\" src=\"http:\/\/lapidarium.fundacja-hereditas.pl\/wp-content\/uploads\/2024\/12\/Marta_Wasilewska_Wwa_Plac_Przymierza_3_klatka_Ip_klamka-2-782x1024.jpg\" alt=\"\" class=\"wp-image-32056\" srcset=\"http:\/\/lapidarium.fundacja-hereditas.pl\/wp-content\/uploads\/2024\/12\/Marta_Wasilewska_Wwa_Plac_Przymierza_3_klatka_Ip_klamka-2-782x1024.jpg 782w, http:\/\/lapidarium.fundacja-hereditas.pl\/wp-content\/uploads\/2024\/12\/Marta_Wasilewska_Wwa_Plac_Przymierza_3_klatka_Ip_klamka-2-229x300.jpg 229w, http:\/\/lapidarium.fundacja-hereditas.pl\/wp-content\/uploads\/2024\/12\/Marta_Wasilewska_Wwa_Plac_Przymierza_3_klatka_Ip_klamka-2-768x1006.jpg 768w, http:\/\/lapidarium.fundacja-hereditas.pl\/wp-content\/uploads\/2024\/12\/Marta_Wasilewska_Wwa_Plac_Przymierza_3_klatka_Ip_klamka-2-1173x1536.jpg 1173w, http:\/\/lapidarium.fundacja-hereditas.pl\/wp-content\/uploads\/2024\/12\/Marta_Wasilewska_Wwa_Plac_Przymierza_3_klatka_Ip_klamka-2-1563x2048.jpg 1563w, http:\/\/lapidarium.fundacja-hereditas.pl\/wp-content\/uploads\/2024\/12\/Marta_Wasilewska_Wwa_Plac_Przymierza_3_klatka_Ip_klamka-2-150x196.jpg 150w, http:\/\/lapidarium.fundacja-hereditas.pl\/wp-content\/uploads\/2024\/12\/Marta_Wasilewska_Wwa_Plac_Przymierza_3_klatka_Ip_klamka-2-300x393.jpg 300w, http:\/\/lapidarium.fundacja-hereditas.pl\/wp-content\/uploads\/2024\/12\/Marta_Wasilewska_Wwa_Plac_Przymierza_3_klatka_Ip_klamka-2-696x912.jpg 696w, http:\/\/lapidarium.fundacja-hereditas.pl\/wp-content\/uploads\/2024\/12\/Marta_Wasilewska_Wwa_Plac_Przymierza_3_klatka_Ip_klamka-2-1068x1399.jpg 1068w, http:\/\/lapidarium.fundacja-hereditas.pl\/wp-content\/uploads\/2024\/12\/Marta_Wasilewska_Wwa_Plac_Przymierza_3_klatka_Ip_klamka-2-1920x2515.jpg 1920w, http:\/\/lapidarium.fundacja-hereditas.pl\/wp-content\/uploads\/2024\/12\/Marta_Wasilewska_Wwa_Plac_Przymierza_3_klatka_Ip_klamka-2-scaled.jpg 1954w\" sizes=\"auto, (max-width: 782px) 100vw, 782px\" \/><figcaption class=\"wp-element-caption\">Klatka &#8211; pi\u0119tro I-sze. Ga\u0142ka u drzwi. Fot. Marta Wasilewska, 2024 r., \u017ar\u00f3d\u0142o: &#8222;Focus na detal&#8221;.<\/figcaption><\/figure>\n\n\n\n<figure class=\"wp-block-image size-large\"><img loading=\"lazy\" decoding=\"async\" width=\"654\" height=\"1024\" data-id=\"32057\" src=\"http:\/\/lapidarium.fundacja-hereditas.pl\/wp-content\/uploads\/2024\/12\/Marta_Wasilewska_Wwa_Plac_Przymierza_3_klatka_Ip_klamka-654x1024.jpg\" alt=\"\" class=\"wp-image-32057\" srcset=\"http:\/\/lapidarium.fundacja-hereditas.pl\/wp-content\/uploads\/2024\/12\/Marta_Wasilewska_Wwa_Plac_Przymierza_3_klatka_Ip_klamka-654x1024.jpg 654w, http:\/\/lapidarium.fundacja-hereditas.pl\/wp-content\/uploads\/2024\/12\/Marta_Wasilewska_Wwa_Plac_Przymierza_3_klatka_Ip_klamka-192x300.jpg 192w, http:\/\/lapidarium.fundacja-hereditas.pl\/wp-content\/uploads\/2024\/12\/Marta_Wasilewska_Wwa_Plac_Przymierza_3_klatka_Ip_klamka-768x1202.jpg 768w, http:\/\/lapidarium.fundacja-hereditas.pl\/wp-content\/uploads\/2024\/12\/Marta_Wasilewska_Wwa_Plac_Przymierza_3_klatka_Ip_klamka-981x1536.jpg 981w, http:\/\/lapidarium.fundacja-hereditas.pl\/wp-content\/uploads\/2024\/12\/Marta_Wasilewska_Wwa_Plac_Przymierza_3_klatka_Ip_klamka-1308x2048.jpg 1308w, http:\/\/lapidarium.fundacja-hereditas.pl\/wp-content\/uploads\/2024\/12\/Marta_Wasilewska_Wwa_Plac_Przymierza_3_klatka_Ip_klamka-150x235.jpg 150w, http:\/\/lapidarium.fundacja-hereditas.pl\/wp-content\/uploads\/2024\/12\/Marta_Wasilewska_Wwa_Plac_Przymierza_3_klatka_Ip_klamka-300x470.jpg 300w, http:\/\/lapidarium.fundacja-hereditas.pl\/wp-content\/uploads\/2024\/12\/Marta_Wasilewska_Wwa_Plac_Przymierza_3_klatka_Ip_klamka-696x1090.jpg 696w, http:\/\/lapidarium.fundacja-hereditas.pl\/wp-content\/uploads\/2024\/12\/Marta_Wasilewska_Wwa_Plac_Przymierza_3_klatka_Ip_klamka-1068x1672.jpg 1068w, http:\/\/lapidarium.fundacja-hereditas.pl\/wp-content\/uploads\/2024\/12\/Marta_Wasilewska_Wwa_Plac_Przymierza_3_klatka_Ip_klamka-1920x3006.jpg 1920w, http:\/\/lapidarium.fundacja-hereditas.pl\/wp-content\/uploads\/2024\/12\/Marta_Wasilewska_Wwa_Plac_Przymierza_3_klatka_Ip_klamka-scaled.jpg 1635w\" sizes=\"auto, (max-width: 654px) 100vw, 654px\" \/><figcaption class=\"wp-element-caption\">Klatka &#8211; pi\u0119tro I-sze. Ga\u0142ka u drzwi. Fot. Marta Wasilewska, 2024 r., \u017ar\u00f3d\u0142o: &#8222;Focus na detal&#8221;.<\/figcaption><\/figure>\n\n\n\n<figure class=\"wp-block-image size-large\"><img loading=\"lazy\" decoding=\"async\" width=\"683\" height=\"1024\" data-id=\"32059\" src=\"http:\/\/lapidarium.fundacja-hereditas.pl\/wp-content\/uploads\/2024\/12\/Marta_Wasilewska_Wwa_Plac_Przymierza_3_klatka_IVp-683x1024.jpg\" alt=\"\" class=\"wp-image-32059\" srcset=\"http:\/\/lapidarium.fundacja-hereditas.pl\/wp-content\/uploads\/2024\/12\/Marta_Wasilewska_Wwa_Plac_Przymierza_3_klatka_IVp-683x1024.jpg 683w, http:\/\/lapidarium.fundacja-hereditas.pl\/wp-content\/uploads\/2024\/12\/Marta_Wasilewska_Wwa_Plac_Przymierza_3_klatka_IVp-200x300.jpg 200w, http:\/\/lapidarium.fundacja-hereditas.pl\/wp-content\/uploads\/2024\/12\/Marta_Wasilewska_Wwa_Plac_Przymierza_3_klatka_IVp-768x1152.jpg 768w, http:\/\/lapidarium.fundacja-hereditas.pl\/wp-content\/uploads\/2024\/12\/Marta_Wasilewska_Wwa_Plac_Przymierza_3_klatka_IVp-1024x1536.jpg 1024w, http:\/\/lapidarium.fundacja-hereditas.pl\/wp-content\/uploads\/2024\/12\/Marta_Wasilewska_Wwa_Plac_Przymierza_3_klatka_IVp-1365x2048.jpg 1365w, http:\/\/lapidarium.fundacja-hereditas.pl\/wp-content\/uploads\/2024\/12\/Marta_Wasilewska_Wwa_Plac_Przymierza_3_klatka_IVp-150x225.jpg 150w, http:\/\/lapidarium.fundacja-hereditas.pl\/wp-content\/uploads\/2024\/12\/Marta_Wasilewska_Wwa_Plac_Przymierza_3_klatka_IVp-300x450.jpg 300w, http:\/\/lapidarium.fundacja-hereditas.pl\/wp-content\/uploads\/2024\/12\/Marta_Wasilewska_Wwa_Plac_Przymierza_3_klatka_IVp-696x1044.jpg 696w, http:\/\/lapidarium.fundacja-hereditas.pl\/wp-content\/uploads\/2024\/12\/Marta_Wasilewska_Wwa_Plac_Przymierza_3_klatka_IVp-1068x1602.jpg 1068w, http:\/\/lapidarium.fundacja-hereditas.pl\/wp-content\/uploads\/2024\/12\/Marta_Wasilewska_Wwa_Plac_Przymierza_3_klatka_IVp-1920x2880.jpg 1920w, http:\/\/lapidarium.fundacja-hereditas.pl\/wp-content\/uploads\/2024\/12\/Marta_Wasilewska_Wwa_Plac_Przymierza_3_klatka_IVp-scaled.jpg 1707w\" sizes=\"auto, (max-width: 683px) 100vw, 683px\" \/><figcaption class=\"wp-element-caption\">Klatka &#8211; widok z ostatniego spocznika. Fot. Marta Wasilewska, 2024 r., \u017ar\u00f3d\u0142o: &#8222;Focus na detal&#8221;.<\/figcaption><\/figure>\n\n\n\n<figure class=\"wp-block-image size-large\"><img loading=\"lazy\" decoding=\"async\" width=\"683\" height=\"1024\" data-id=\"32058\" src=\"http:\/\/lapidarium.fundacja-hereditas.pl\/wp-content\/uploads\/2024\/12\/Marta_Wasilewska_Wwa_Plac_Przymierza_3_klatka_parter-683x1024.jpg\" alt=\"\" class=\"wp-image-32058\" srcset=\"http:\/\/lapidarium.fundacja-hereditas.pl\/wp-content\/uploads\/2024\/12\/Marta_Wasilewska_Wwa_Plac_Przymierza_3_klatka_parter-683x1024.jpg 683w, http:\/\/lapidarium.fundacja-hereditas.pl\/wp-content\/uploads\/2024\/12\/Marta_Wasilewska_Wwa_Plac_Przymierza_3_klatka_parter-200x300.jpg 200w, http:\/\/lapidarium.fundacja-hereditas.pl\/wp-content\/uploads\/2024\/12\/Marta_Wasilewska_Wwa_Plac_Przymierza_3_klatka_parter-768x1152.jpg 768w, http:\/\/lapidarium.fundacja-hereditas.pl\/wp-content\/uploads\/2024\/12\/Marta_Wasilewska_Wwa_Plac_Przymierza_3_klatka_parter-1024x1536.jpg 1024w, http:\/\/lapidarium.fundacja-hereditas.pl\/wp-content\/uploads\/2024\/12\/Marta_Wasilewska_Wwa_Plac_Przymierza_3_klatka_parter-1365x2048.jpg 1365w, http:\/\/lapidarium.fundacja-hereditas.pl\/wp-content\/uploads\/2024\/12\/Marta_Wasilewska_Wwa_Plac_Przymierza_3_klatka_parter-150x225.jpg 150w, http:\/\/lapidarium.fundacja-hereditas.pl\/wp-content\/uploads\/2024\/12\/Marta_Wasilewska_Wwa_Plac_Przymierza_3_klatka_parter-300x450.jpg 300w, http:\/\/lapidarium.fundacja-hereditas.pl\/wp-content\/uploads\/2024\/12\/Marta_Wasilewska_Wwa_Plac_Przymierza_3_klatka_parter-696x1044.jpg 696w, http:\/\/lapidarium.fundacja-hereditas.pl\/wp-content\/uploads\/2024\/12\/Marta_Wasilewska_Wwa_Plac_Przymierza_3_klatka_parter-1068x1602.jpg 1068w, http:\/\/lapidarium.fundacja-hereditas.pl\/wp-content\/uploads\/2024\/12\/Marta_Wasilewska_Wwa_Plac_Przymierza_3_klatka_parter-1920x2880.jpg 1920w, http:\/\/lapidarium.fundacja-hereditas.pl\/wp-content\/uploads\/2024\/12\/Marta_Wasilewska_Wwa_Plac_Przymierza_3_klatka_parter-scaled.jpg 1707w\" sizes=\"auto, (max-width: 683px) 100vw, 683px\" \/><figcaption class=\"wp-element-caption\">Klatka &#8211; parter. Fot. Marta Wasilewska, 2024 r., \u017ar\u00f3d\u0142o: &#8222;Focus na detal&#8221;.<\/figcaption><\/figure>\n\n\n\n<figure class=\"wp-block-image size-large\"><img loading=\"lazy\" decoding=\"async\" width=\"652\" height=\"1024\" data-id=\"32060\" src=\"http:\/\/lapidarium.fundacja-hereditas.pl\/wp-content\/uploads\/2024\/12\/Marta_Wasilewska_Wwa_Plac_Przymierza_3_klatka_parter_balustrada-652x1024.jpg\" alt=\"\" class=\"wp-image-32060\" srcset=\"http:\/\/lapidarium.fundacja-hereditas.pl\/wp-content\/uploads\/2024\/12\/Marta_Wasilewska_Wwa_Plac_Przymierza_3_klatka_parter_balustrada-652x1024.jpg 652w, http:\/\/lapidarium.fundacja-hereditas.pl\/wp-content\/uploads\/2024\/12\/Marta_Wasilewska_Wwa_Plac_Przymierza_3_klatka_parter_balustrada-191x300.jpg 191w, http:\/\/lapidarium.fundacja-hereditas.pl\/wp-content\/uploads\/2024\/12\/Marta_Wasilewska_Wwa_Plac_Przymierza_3_klatka_parter_balustrada-768x1206.jpg 768w, http:\/\/lapidarium.fundacja-hereditas.pl\/wp-content\/uploads\/2024\/12\/Marta_Wasilewska_Wwa_Plac_Przymierza_3_klatka_parter_balustrada-978x1536.jpg 978w, http:\/\/lapidarium.fundacja-hereditas.pl\/wp-content\/uploads\/2024\/12\/Marta_Wasilewska_Wwa_Plac_Przymierza_3_klatka_parter_balustrada-1304x2048.jpg 1304w, http:\/\/lapidarium.fundacja-hereditas.pl\/wp-content\/uploads\/2024\/12\/Marta_Wasilewska_Wwa_Plac_Przymierza_3_klatka_parter_balustrada-150x236.jpg 150w, http:\/\/lapidarium.fundacja-hereditas.pl\/wp-content\/uploads\/2024\/12\/Marta_Wasilewska_Wwa_Plac_Przymierza_3_klatka_parter_balustrada-300x471.jpg 300w, http:\/\/lapidarium.fundacja-hereditas.pl\/wp-content\/uploads\/2024\/12\/Marta_Wasilewska_Wwa_Plac_Przymierza_3_klatka_parter_balustrada-696x1093.jpg 696w, http:\/\/lapidarium.fundacja-hereditas.pl\/wp-content\/uploads\/2024\/12\/Marta_Wasilewska_Wwa_Plac_Przymierza_3_klatka_parter_balustrada-1068x1677.jpg 1068w, http:\/\/lapidarium.fundacja-hereditas.pl\/wp-content\/uploads\/2024\/12\/Marta_Wasilewska_Wwa_Plac_Przymierza_3_klatka_parter_balustrada-1920x3015.jpg 1920w, http:\/\/lapidarium.fundacja-hereditas.pl\/wp-content\/uploads\/2024\/12\/Marta_Wasilewska_Wwa_Plac_Przymierza_3_klatka_parter_balustrada-scaled.jpg 1630w\" sizes=\"auto, (max-width: 652px) 100vw, 652px\" \/><figcaption class=\"wp-element-caption\">Klatka &#8211; widok z ostatniego spocznika. Fot. Marta Wasilewska, 2024 r., \u017ar\u00f3d\u0142o: &#8222;Focus na detal&#8221;.<\/figcaption><\/figure>\n\n\n\n<figure class=\"wp-block-image size-large\"><img loading=\"lazy\" decoding=\"async\" width=\"683\" height=\"1024\" data-id=\"32062\" src=\"http:\/\/lapidarium.fundacja-hereditas.pl\/wp-content\/uploads\/2024\/12\/Marta_Wasilewska_Wwa_Plac_Przymierza_3_klatka_parter_wyjscie_do_ogrodu_posadzka-683x1024.jpg\" alt=\"\" class=\"wp-image-32062\" srcset=\"http:\/\/lapidarium.fundacja-hereditas.pl\/wp-content\/uploads\/2024\/12\/Marta_Wasilewska_Wwa_Plac_Przymierza_3_klatka_parter_wyjscie_do_ogrodu_posadzka-683x1024.jpg 683w, http:\/\/lapidarium.fundacja-hereditas.pl\/wp-content\/uploads\/2024\/12\/Marta_Wasilewska_Wwa_Plac_Przymierza_3_klatka_parter_wyjscie_do_ogrodu_posadzka-200x300.jpg 200w, http:\/\/lapidarium.fundacja-hereditas.pl\/wp-content\/uploads\/2024\/12\/Marta_Wasilewska_Wwa_Plac_Przymierza_3_klatka_parter_wyjscie_do_ogrodu_posadzka-768x1152.jpg 768w, http:\/\/lapidarium.fundacja-hereditas.pl\/wp-content\/uploads\/2024\/12\/Marta_Wasilewska_Wwa_Plac_Przymierza_3_klatka_parter_wyjscie_do_ogrodu_posadzka-1024x1536.jpg 1024w, http:\/\/lapidarium.fundacja-hereditas.pl\/wp-content\/uploads\/2024\/12\/Marta_Wasilewska_Wwa_Plac_Przymierza_3_klatka_parter_wyjscie_do_ogrodu_posadzka-1365x2048.jpg 1365w, http:\/\/lapidarium.fundacja-hereditas.pl\/wp-content\/uploads\/2024\/12\/Marta_Wasilewska_Wwa_Plac_Przymierza_3_klatka_parter_wyjscie_do_ogrodu_posadzka-150x225.jpg 150w, http:\/\/lapidarium.fundacja-hereditas.pl\/wp-content\/uploads\/2024\/12\/Marta_Wasilewska_Wwa_Plac_Przymierza_3_klatka_parter_wyjscie_do_ogrodu_posadzka-300x450.jpg 300w, http:\/\/lapidarium.fundacja-hereditas.pl\/wp-content\/uploads\/2024\/12\/Marta_Wasilewska_Wwa_Plac_Przymierza_3_klatka_parter_wyjscie_do_ogrodu_posadzka-696x1044.jpg 696w, http:\/\/lapidarium.fundacja-hereditas.pl\/wp-content\/uploads\/2024\/12\/Marta_Wasilewska_Wwa_Plac_Przymierza_3_klatka_parter_wyjscie_do_ogrodu_posadzka-1068x1602.jpg 1068w, http:\/\/lapidarium.fundacja-hereditas.pl\/wp-content\/uploads\/2024\/12\/Marta_Wasilewska_Wwa_Plac_Przymierza_3_klatka_parter_wyjscie_do_ogrodu_posadzka-1920x2880.jpg 1920w, http:\/\/lapidarium.fundacja-hereditas.pl\/wp-content\/uploads\/2024\/12\/Marta_Wasilewska_Wwa_Plac_Przymierza_3_klatka_parter_wyjscie_do_ogrodu_posadzka-scaled.jpg 1707w\" sizes=\"auto, (max-width: 683px) 100vw, 683px\" \/><figcaption class=\"wp-element-caption\">Klatka &#8211; widok z ostatniego spocznika. Fot. Marta Wasilewska, 2024 r., \u017ar\u00f3d\u0142o: &#8222;Focus na detal&#8221;.<\/figcaption><\/figure>\n\n\n\n<figure class=\"wp-block-image size-large\"><img loading=\"lazy\" decoding=\"async\" width=\"1024\" height=\"683\" data-id=\"32061\" src=\"http:\/\/lapidarium.fundacja-hereditas.pl\/wp-content\/uploads\/2024\/12\/Marta_Wasilewska_Wwa_Plac_Przymierza_3_klatka_spocznik_przed_IIIp-1024x683.jpg\" alt=\"\" class=\"wp-image-32061\" srcset=\"http:\/\/lapidarium.fundacja-hereditas.pl\/wp-content\/uploads\/2024\/12\/Marta_Wasilewska_Wwa_Plac_Przymierza_3_klatka_spocznik_przed_IIIp-1024x683.jpg 1024w, http:\/\/lapidarium.fundacja-hereditas.pl\/wp-content\/uploads\/2024\/12\/Marta_Wasilewska_Wwa_Plac_Przymierza_3_klatka_spocznik_przed_IIIp-300x200.jpg 300w, http:\/\/lapidarium.fundacja-hereditas.pl\/wp-content\/uploads\/2024\/12\/Marta_Wasilewska_Wwa_Plac_Przymierza_3_klatka_spocznik_przed_IIIp-768x512.jpg 768w, http:\/\/lapidarium.fundacja-hereditas.pl\/wp-content\/uploads\/2024\/12\/Marta_Wasilewska_Wwa_Plac_Przymierza_3_klatka_spocznik_przed_IIIp-1536x1024.jpg 1536w, http:\/\/lapidarium.fundacja-hereditas.pl\/wp-content\/uploads\/2024\/12\/Marta_Wasilewska_Wwa_Plac_Przymierza_3_klatka_spocznik_przed_IIIp-2048x1365.jpg 2048w, http:\/\/lapidarium.fundacja-hereditas.pl\/wp-content\/uploads\/2024\/12\/Marta_Wasilewska_Wwa_Plac_Przymierza_3_klatka_spocznik_przed_IIIp-150x100.jpg 150w, http:\/\/lapidarium.fundacja-hereditas.pl\/wp-content\/uploads\/2024\/12\/Marta_Wasilewska_Wwa_Plac_Przymierza_3_klatka_spocznik_przed_IIIp-696x464.jpg 696w, http:\/\/lapidarium.fundacja-hereditas.pl\/wp-content\/uploads\/2024\/12\/Marta_Wasilewska_Wwa_Plac_Przymierza_3_klatka_spocznik_przed_IIIp-1068x712.jpg 1068w, http:\/\/lapidarium.fundacja-hereditas.pl\/wp-content\/uploads\/2024\/12\/Marta_Wasilewska_Wwa_Plac_Przymierza_3_klatka_spocznik_przed_IIIp-1920x1280.jpg 1920w\" sizes=\"auto, (max-width: 1024px) 100vw, 1024px\" \/><figcaption class=\"wp-element-caption\">Klatka &#8211; spocznik po II-gim pi\u0119trze. Fot. Marta Wasilewska, 2024 r., \u017ar\u00f3d\u0142o: &#8222;Focus na detal&#8221;.<\/figcaption><\/figure>\n\n\n\n<figure class=\"wp-block-image size-large\"><img loading=\"lazy\" decoding=\"async\" width=\"683\" height=\"1024\" data-id=\"32063\" src=\"http:\/\/lapidarium.fundacja-hereditas.pl\/wp-content\/uploads\/2024\/12\/Marta_Wasilewska_Wwa_Plac_Przymierza_3_klatka_spocznik_przed_IIIp_balustrada-683x1024.jpg\" alt=\"\" class=\"wp-image-32063\" srcset=\"http:\/\/lapidarium.fundacja-hereditas.pl\/wp-content\/uploads\/2024\/12\/Marta_Wasilewska_Wwa_Plac_Przymierza_3_klatka_spocznik_przed_IIIp_balustrada-683x1024.jpg 683w, http:\/\/lapidarium.fundacja-hereditas.pl\/wp-content\/uploads\/2024\/12\/Marta_Wasilewska_Wwa_Plac_Przymierza_3_klatka_spocznik_przed_IIIp_balustrada-200x300.jpg 200w, http:\/\/lapidarium.fundacja-hereditas.pl\/wp-content\/uploads\/2024\/12\/Marta_Wasilewska_Wwa_Plac_Przymierza_3_klatka_spocznik_przed_IIIp_balustrada-768x1152.jpg 768w, http:\/\/lapidarium.fundacja-hereditas.pl\/wp-content\/uploads\/2024\/12\/Marta_Wasilewska_Wwa_Plac_Przymierza_3_klatka_spocznik_przed_IIIp_balustrada-1024x1536.jpg 1024w, http:\/\/lapidarium.fundacja-hereditas.pl\/wp-content\/uploads\/2024\/12\/Marta_Wasilewska_Wwa_Plac_Przymierza_3_klatka_spocznik_przed_IIIp_balustrada-1365x2048.jpg 1365w, http:\/\/lapidarium.fundacja-hereditas.pl\/wp-content\/uploads\/2024\/12\/Marta_Wasilewska_Wwa_Plac_Przymierza_3_klatka_spocznik_przed_IIIp_balustrada-150x225.jpg 150w, http:\/\/lapidarium.fundacja-hereditas.pl\/wp-content\/uploads\/2024\/12\/Marta_Wasilewska_Wwa_Plac_Przymierza_3_klatka_spocznik_przed_IIIp_balustrada-300x450.jpg 300w, http:\/\/lapidarium.fundacja-hereditas.pl\/wp-content\/uploads\/2024\/12\/Marta_Wasilewska_Wwa_Plac_Przymierza_3_klatka_spocznik_przed_IIIp_balustrada-696x1044.jpg 696w, http:\/\/lapidarium.fundacja-hereditas.pl\/wp-content\/uploads\/2024\/12\/Marta_Wasilewska_Wwa_Plac_Przymierza_3_klatka_spocznik_przed_IIIp_balustrada-1068x1602.jpg 1068w, http:\/\/lapidarium.fundacja-hereditas.pl\/wp-content\/uploads\/2024\/12\/Marta_Wasilewska_Wwa_Plac_Przymierza_3_klatka_spocznik_przed_IIIp_balustrada-1920x2880.jpg 1920w, http:\/\/lapidarium.fundacja-hereditas.pl\/wp-content\/uploads\/2024\/12\/Marta_Wasilewska_Wwa_Plac_Przymierza_3_klatka_spocznik_przed_IIIp_balustrada-scaled.jpg 1707w\" sizes=\"auto, (max-width: 683px) 100vw, 683px\" \/><figcaption class=\"wp-element-caption\">Klatka &#8211; spocznik po II-gim pi\u0119trze. Fot. Marta Wasilewska, 2024 r., \u017ar\u00f3d\u0142o: &#8222;Focus na detal&#8221;.<\/figcaption><\/figure>\n\n\n\n<figure class=\"wp-block-image size-large\"><img loading=\"lazy\" decoding=\"async\" width=\"1024\" height=\"927\" data-id=\"32064\" src=\"http:\/\/lapidarium.fundacja-hereditas.pl\/wp-content\/uploads\/2024\/12\/Marta_Wasilewska_Wwa_Plac_Przymierza_3_klatka_spocznik_przed_IIIp_posadzka-1024x927.jpg\" alt=\"\" class=\"wp-image-32064\" srcset=\"http:\/\/lapidarium.fundacja-hereditas.pl\/wp-content\/uploads\/2024\/12\/Marta_Wasilewska_Wwa_Plac_Przymierza_3_klatka_spocznik_przed_IIIp_posadzka-1024x927.jpg 1024w, http:\/\/lapidarium.fundacja-hereditas.pl\/wp-content\/uploads\/2024\/12\/Marta_Wasilewska_Wwa_Plac_Przymierza_3_klatka_spocznik_przed_IIIp_posadzka-300x271.jpg 300w, http:\/\/lapidarium.fundacja-hereditas.pl\/wp-content\/uploads\/2024\/12\/Marta_Wasilewska_Wwa_Plac_Przymierza_3_klatka_spocznik_przed_IIIp_posadzka-768x695.jpg 768w, http:\/\/lapidarium.fundacja-hereditas.pl\/wp-content\/uploads\/2024\/12\/Marta_Wasilewska_Wwa_Plac_Przymierza_3_klatka_spocznik_przed_IIIp_posadzka-1536x1390.jpg 1536w, http:\/\/lapidarium.fundacja-hereditas.pl\/wp-content\/uploads\/2024\/12\/Marta_Wasilewska_Wwa_Plac_Przymierza_3_klatka_spocznik_przed_IIIp_posadzka-2048x1853.jpg 2048w, http:\/\/lapidarium.fundacja-hereditas.pl\/wp-content\/uploads\/2024\/12\/Marta_Wasilewska_Wwa_Plac_Przymierza_3_klatka_spocznik_przed_IIIp_posadzka-150x136.jpg 150w, http:\/\/lapidarium.fundacja-hereditas.pl\/wp-content\/uploads\/2024\/12\/Marta_Wasilewska_Wwa_Plac_Przymierza_3_klatka_spocznik_przed_IIIp_posadzka-696x630.jpg 696w, http:\/\/lapidarium.fundacja-hereditas.pl\/wp-content\/uploads\/2024\/12\/Marta_Wasilewska_Wwa_Plac_Przymierza_3_klatka_spocznik_przed_IIIp_posadzka-1068x966.jpg 1068w, http:\/\/lapidarium.fundacja-hereditas.pl\/wp-content\/uploads\/2024\/12\/Marta_Wasilewska_Wwa_Plac_Przymierza_3_klatka_spocznik_przed_IIIp_posadzka-1920x1737.jpg 1920w\" sizes=\"auto, (max-width: 1024px) 100vw, 1024px\" \/><figcaption class=\"wp-element-caption\">Klatka &#8211; spocznik po II-gim pi\u0119trze. Fot. Marta Wasilewska, 2024 r., \u017ar\u00f3d\u0142o: &#8222;Focus na detal&#8221;.<\/figcaption><\/figure>\n\n\n\n<figure class=\"wp-block-image size-large\"><img loading=\"lazy\" decoding=\"async\" width=\"800\" height=\"1024\" data-id=\"32281\" src=\"http:\/\/lapidarium.fundacja-hereditas.pl\/wp-content\/uploads\/2024\/12\/Marta_Wasilewska_Wwa_Plac_Przymierza_3_klatka_parter_korytarz_w_strone_ogrodu_posadzka-800x1024.jpg\" alt=\"\" class=\"wp-image-32281\" srcset=\"http:\/\/lapidarium.fundacja-hereditas.pl\/wp-content\/uploads\/2024\/12\/Marta_Wasilewska_Wwa_Plac_Przymierza_3_klatka_parter_korytarz_w_strone_ogrodu_posadzka-800x1024.jpg 800w, http:\/\/lapidarium.fundacja-hereditas.pl\/wp-content\/uploads\/2024\/12\/Marta_Wasilewska_Wwa_Plac_Przymierza_3_klatka_parter_korytarz_w_strone_ogrodu_posadzka-234x300.jpg 234w, http:\/\/lapidarium.fundacja-hereditas.pl\/wp-content\/uploads\/2024\/12\/Marta_Wasilewska_Wwa_Plac_Przymierza_3_klatka_parter_korytarz_w_strone_ogrodu_posadzka-768x983.jpg 768w, http:\/\/lapidarium.fundacja-hereditas.pl\/wp-content\/uploads\/2024\/12\/Marta_Wasilewska_Wwa_Plac_Przymierza_3_klatka_parter_korytarz_w_strone_ogrodu_posadzka-1200x1536.jpg 1200w, http:\/\/lapidarium.fundacja-hereditas.pl\/wp-content\/uploads\/2024\/12\/Marta_Wasilewska_Wwa_Plac_Przymierza_3_klatka_parter_korytarz_w_strone_ogrodu_posadzka-1600x2048.jpg 1600w, http:\/\/lapidarium.fundacja-hereditas.pl\/wp-content\/uploads\/2024\/12\/Marta_Wasilewska_Wwa_Plac_Przymierza_3_klatka_parter_korytarz_w_strone_ogrodu_posadzka-150x192.jpg 150w, http:\/\/lapidarium.fundacja-hereditas.pl\/wp-content\/uploads\/2024\/12\/Marta_Wasilewska_Wwa_Plac_Przymierza_3_klatka_parter_korytarz_w_strone_ogrodu_posadzka-300x384.jpg 300w, http:\/\/lapidarium.fundacja-hereditas.pl\/wp-content\/uploads\/2024\/12\/Marta_Wasilewska_Wwa_Plac_Przymierza_3_klatka_parter_korytarz_w_strone_ogrodu_posadzka-696x891.jpg 696w, http:\/\/lapidarium.fundacja-hereditas.pl\/wp-content\/uploads\/2024\/12\/Marta_Wasilewska_Wwa_Plac_Przymierza_3_klatka_parter_korytarz_w_strone_ogrodu_posadzka-1068x1367.jpg 1068w, http:\/\/lapidarium.fundacja-hereditas.pl\/wp-content\/uploads\/2024\/12\/Marta_Wasilewska_Wwa_Plac_Przymierza_3_klatka_parter_korytarz_w_strone_ogrodu_posadzka-1920x2458.jpg 1920w, http:\/\/lapidarium.fundacja-hereditas.pl\/wp-content\/uploads\/2024\/12\/Marta_Wasilewska_Wwa_Plac_Przymierza_3_klatka_parter_korytarz_w_strone_ogrodu_posadzka-scaled.jpg 2000w\" sizes=\"auto, (max-width: 800px) 100vw, 800px\" \/><figcaption class=\"wp-element-caption\">Klatka &#8211; parter. Posadzka przy wyj\u015bciu na podw\u00f3rko. Fot. Marta Wasilewska, 2024 r., \u017ar\u00f3d\u0142o: &#8222;Focus na detal&#8221;.<\/figcaption><\/figure>\n\n\n\n<figure class=\"wp-block-image size-large\"><img loading=\"lazy\" decoding=\"async\" width=\"683\" height=\"1024\" data-id=\"32282\" src=\"http:\/\/lapidarium.fundacja-hereditas.pl\/wp-content\/uploads\/2024\/12\/Marta_Wasilewska_Wwa_Plac_Przymierza_3_klatka_parter-1-683x1024.jpg\" alt=\"\" class=\"wp-image-32282\" srcset=\"http:\/\/lapidarium.fundacja-hereditas.pl\/wp-content\/uploads\/2024\/12\/Marta_Wasilewska_Wwa_Plac_Przymierza_3_klatka_parter-1-683x1024.jpg 683w, http:\/\/lapidarium.fundacja-hereditas.pl\/wp-content\/uploads\/2024\/12\/Marta_Wasilewska_Wwa_Plac_Przymierza_3_klatka_parter-1-200x300.jpg 200w, http:\/\/lapidarium.fundacja-hereditas.pl\/wp-content\/uploads\/2024\/12\/Marta_Wasilewska_Wwa_Plac_Przymierza_3_klatka_parter-1-768x1152.jpg 768w, http:\/\/lapidarium.fundacja-hereditas.pl\/wp-content\/uploads\/2024\/12\/Marta_Wasilewska_Wwa_Plac_Przymierza_3_klatka_parter-1-1024x1536.jpg 1024w, http:\/\/lapidarium.fundacja-hereditas.pl\/wp-content\/uploads\/2024\/12\/Marta_Wasilewska_Wwa_Plac_Przymierza_3_klatka_parter-1-1365x2048.jpg 1365w, http:\/\/lapidarium.fundacja-hereditas.pl\/wp-content\/uploads\/2024\/12\/Marta_Wasilewska_Wwa_Plac_Przymierza_3_klatka_parter-1-150x225.jpg 150w, http:\/\/lapidarium.fundacja-hereditas.pl\/wp-content\/uploads\/2024\/12\/Marta_Wasilewska_Wwa_Plac_Przymierza_3_klatka_parter-1-300x450.jpg 300w, http:\/\/lapidarium.fundacja-hereditas.pl\/wp-content\/uploads\/2024\/12\/Marta_Wasilewska_Wwa_Plac_Przymierza_3_klatka_parter-1-696x1044.jpg 696w, http:\/\/lapidarium.fundacja-hereditas.pl\/wp-content\/uploads\/2024\/12\/Marta_Wasilewska_Wwa_Plac_Przymierza_3_klatka_parter-1-1068x1602.jpg 1068w, http:\/\/lapidarium.fundacja-hereditas.pl\/wp-content\/uploads\/2024\/12\/Marta_Wasilewska_Wwa_Plac_Przymierza_3_klatka_parter-1-1920x2880.jpg 1920w, http:\/\/lapidarium.fundacja-hereditas.pl\/wp-content\/uploads\/2024\/12\/Marta_Wasilewska_Wwa_Plac_Przymierza_3_klatka_parter-1-scaled.jpg 1707w\" sizes=\"auto, (max-width: 683px) 100vw, 683px\" \/><figcaption class=\"wp-element-caption\">Klatka &#8211; parter. Fot. Marta Wasilewska, 2024 r., \u017ar\u00f3d\u0142o: &#8222;Focus na detal&#8221;.<\/figcaption><\/figure>\n\n\n\n<figure class=\"wp-block-image size-large\"><img loading=\"lazy\" decoding=\"async\" width=\"683\" height=\"1024\" data-id=\"32283\" src=\"http:\/\/lapidarium.fundacja-hereditas.pl\/wp-content\/uploads\/2024\/12\/Marta_Wasilewska_Wwa_Plac_Przymierza_3_klatka_Ip_balustrada-1-683x1024.jpg\" alt=\"\" class=\"wp-image-32283\" srcset=\"http:\/\/lapidarium.fundacja-hereditas.pl\/wp-content\/uploads\/2024\/12\/Marta_Wasilewska_Wwa_Plac_Przymierza_3_klatka_Ip_balustrada-1-683x1024.jpg 683w, http:\/\/lapidarium.fundacja-hereditas.pl\/wp-content\/uploads\/2024\/12\/Marta_Wasilewska_Wwa_Plac_Przymierza_3_klatka_Ip_balustrada-1-200x300.jpg 200w, http:\/\/lapidarium.fundacja-hereditas.pl\/wp-content\/uploads\/2024\/12\/Marta_Wasilewska_Wwa_Plac_Przymierza_3_klatka_Ip_balustrada-1-768x1152.jpg 768w, http:\/\/lapidarium.fundacja-hereditas.pl\/wp-content\/uploads\/2024\/12\/Marta_Wasilewska_Wwa_Plac_Przymierza_3_klatka_Ip_balustrada-1-1024x1536.jpg 1024w, http:\/\/lapidarium.fundacja-hereditas.pl\/wp-content\/uploads\/2024\/12\/Marta_Wasilewska_Wwa_Plac_Przymierza_3_klatka_Ip_balustrada-1-1365x2048.jpg 1365w, http:\/\/lapidarium.fundacja-hereditas.pl\/wp-content\/uploads\/2024\/12\/Marta_Wasilewska_Wwa_Plac_Przymierza_3_klatka_Ip_balustrada-1-150x225.jpg 150w, http:\/\/lapidarium.fundacja-hereditas.pl\/wp-content\/uploads\/2024\/12\/Marta_Wasilewska_Wwa_Plac_Przymierza_3_klatka_Ip_balustrada-1-300x450.jpg 300w, http:\/\/lapidarium.fundacja-hereditas.pl\/wp-content\/uploads\/2024\/12\/Marta_Wasilewska_Wwa_Plac_Przymierza_3_klatka_Ip_balustrada-1-696x1044.jpg 696w, http:\/\/lapidarium.fundacja-hereditas.pl\/wp-content\/uploads\/2024\/12\/Marta_Wasilewska_Wwa_Plac_Przymierza_3_klatka_Ip_balustrada-1-1068x1602.jpg 1068w, http:\/\/lapidarium.fundacja-hereditas.pl\/wp-content\/uploads\/2024\/12\/Marta_Wasilewska_Wwa_Plac_Przymierza_3_klatka_Ip_balustrada-1-1920x2880.jpg 1920w, http:\/\/lapidarium.fundacja-hereditas.pl\/wp-content\/uploads\/2024\/12\/Marta_Wasilewska_Wwa_Plac_Przymierza_3_klatka_Ip_balustrada-1-scaled.jpg 1707w\" sizes=\"auto, (max-width: 683px) 100vw, 683px\" \/><figcaption class=\"wp-element-caption\">Klatka &#8211; parter. Fot. Marta Wasilewska, 2024 r., \u017ar\u00f3d\u0142o: &#8222;Focus na detal&#8221;.<\/figcaption><\/figure>\n\n\n\n<figure class=\"wp-block-image size-large\"><img loading=\"lazy\" decoding=\"async\" width=\"683\" height=\"1024\" data-id=\"32284\" src=\"http:\/\/lapidarium.fundacja-hereditas.pl\/wp-content\/uploads\/2024\/12\/Marta_Wasilewska_Wwa_Plac_Przymierza_3_klatka_parter_balustrada-4-683x1024.jpg\" alt=\"\" class=\"wp-image-32284\" srcset=\"http:\/\/lapidarium.fundacja-hereditas.pl\/wp-content\/uploads\/2024\/12\/Marta_Wasilewska_Wwa_Plac_Przymierza_3_klatka_parter_balustrada-4-683x1024.jpg 683w, http:\/\/lapidarium.fundacja-hereditas.pl\/wp-content\/uploads\/2024\/12\/Marta_Wasilewska_Wwa_Plac_Przymierza_3_klatka_parter_balustrada-4-200x300.jpg 200w, http:\/\/lapidarium.fundacja-hereditas.pl\/wp-content\/uploads\/2024\/12\/Marta_Wasilewska_Wwa_Plac_Przymierza_3_klatka_parter_balustrada-4-768x1152.jpg 768w, http:\/\/lapidarium.fundacja-hereditas.pl\/wp-content\/uploads\/2024\/12\/Marta_Wasilewska_Wwa_Plac_Przymierza_3_klatka_parter_balustrada-4-1024x1536.jpg 1024w, http:\/\/lapidarium.fundacja-hereditas.pl\/wp-content\/uploads\/2024\/12\/Marta_Wasilewska_Wwa_Plac_Przymierza_3_klatka_parter_balustrada-4-1365x2048.jpg 1365w, http:\/\/lapidarium.fundacja-hereditas.pl\/wp-content\/uploads\/2024\/12\/Marta_Wasilewska_Wwa_Plac_Przymierza_3_klatka_parter_balustrada-4-150x225.jpg 150w, http:\/\/lapidarium.fundacja-hereditas.pl\/wp-content\/uploads\/2024\/12\/Marta_Wasilewska_Wwa_Plac_Przymierza_3_klatka_parter_balustrada-4-300x450.jpg 300w, http:\/\/lapidarium.fundacja-hereditas.pl\/wp-content\/uploads\/2024\/12\/Marta_Wasilewska_Wwa_Plac_Przymierza_3_klatka_parter_balustrada-4-696x1044.jpg 696w, http:\/\/lapidarium.fundacja-hereditas.pl\/wp-content\/uploads\/2024\/12\/Marta_Wasilewska_Wwa_Plac_Przymierza_3_klatka_parter_balustrada-4-1068x1602.jpg 1068w, http:\/\/lapidarium.fundacja-hereditas.pl\/wp-content\/uploads\/2024\/12\/Marta_Wasilewska_Wwa_Plac_Przymierza_3_klatka_parter_balustrada-4-1920x2880.jpg 1920w, http:\/\/lapidarium.fundacja-hereditas.pl\/wp-content\/uploads\/2024\/12\/Marta_Wasilewska_Wwa_Plac_Przymierza_3_klatka_parter_balustrada-4-scaled.jpg 1707w\" sizes=\"auto, (max-width: 683px) 100vw, 683px\" \/><figcaption class=\"wp-element-caption\">Klatka &#8211; parter. Ok\u0142adzina \u015bciany. Fot. Marta Wasilewska, 2024 r., \u017ar\u00f3d\u0142o: &#8222;Focus na detal&#8221;.<\/figcaption><\/figure>\n\n\n\n<figure class=\"wp-block-image size-large\"><img loading=\"lazy\" decoding=\"async\" width=\"683\" height=\"1024\" data-id=\"32285\" src=\"http:\/\/lapidarium.fundacja-hereditas.pl\/wp-content\/uploads\/2024\/12\/Marta_Wasilewska_Wwa_Plac_Przymierza_3_klatka_parter_okladzina-683x1024.jpg\" alt=\"\" class=\"wp-image-32285\" srcset=\"http:\/\/lapidarium.fundacja-hereditas.pl\/wp-content\/uploads\/2024\/12\/Marta_Wasilewska_Wwa_Plac_Przymierza_3_klatka_parter_okladzina-683x1024.jpg 683w, http:\/\/lapidarium.fundacja-hereditas.pl\/wp-content\/uploads\/2024\/12\/Marta_Wasilewska_Wwa_Plac_Przymierza_3_klatka_parter_okladzina-200x300.jpg 200w, http:\/\/lapidarium.fundacja-hereditas.pl\/wp-content\/uploads\/2024\/12\/Marta_Wasilewska_Wwa_Plac_Przymierza_3_klatka_parter_okladzina-768x1152.jpg 768w, http:\/\/lapidarium.fundacja-hereditas.pl\/wp-content\/uploads\/2024\/12\/Marta_Wasilewska_Wwa_Plac_Przymierza_3_klatka_parter_okladzina-1024x1536.jpg 1024w, http:\/\/lapidarium.fundacja-hereditas.pl\/wp-content\/uploads\/2024\/12\/Marta_Wasilewska_Wwa_Plac_Przymierza_3_klatka_parter_okladzina-1365x2048.jpg 1365w, http:\/\/lapidarium.fundacja-hereditas.pl\/wp-content\/uploads\/2024\/12\/Marta_Wasilewska_Wwa_Plac_Przymierza_3_klatka_parter_okladzina-150x225.jpg 150w, http:\/\/lapidarium.fundacja-hereditas.pl\/wp-content\/uploads\/2024\/12\/Marta_Wasilewska_Wwa_Plac_Przymierza_3_klatka_parter_okladzina-300x450.jpg 300w, http:\/\/lapidarium.fundacja-hereditas.pl\/wp-content\/uploads\/2024\/12\/Marta_Wasilewska_Wwa_Plac_Przymierza_3_klatka_parter_okladzina-696x1044.jpg 696w, http:\/\/lapidarium.fundacja-hereditas.pl\/wp-content\/uploads\/2024\/12\/Marta_Wasilewska_Wwa_Plac_Przymierza_3_klatka_parter_okladzina-1068x1602.jpg 1068w, http:\/\/lapidarium.fundacja-hereditas.pl\/wp-content\/uploads\/2024\/12\/Marta_Wasilewska_Wwa_Plac_Przymierza_3_klatka_parter_okladzina-1920x2880.jpg 1920w, http:\/\/lapidarium.fundacja-hereditas.pl\/wp-content\/uploads\/2024\/12\/Marta_Wasilewska_Wwa_Plac_Przymierza_3_klatka_parter_okladzina-scaled.jpg 1707w\" sizes=\"auto, (max-width: 683px) 100vw, 683px\" \/><figcaption class=\"wp-element-caption\">Klatka &#8211; parter. Ok\u0142adzina \u015bciany. Fot. Marta Wasilewska, 2024 r., \u017ar\u00f3d\u0142o: &#8222;Focus na detal&#8221;.<\/figcaption><\/figure>\n<\/figure>\n","protected":false},"excerpt":{"rendered":"<p>Minimalistyczna w swych formach kamienica, od frontu bez detali, je\u015bli nie liczy\u0107 oprawy okna klatki schodowe. Niemal identyczna z dwoma s\u0105siednimi domami. Tylna elewacja jest urozmaicona przez dwa piony balkon\u00f3w. Pozwolenie na budow\u0119 uzyskano w po\u0142owie 1936 r., zatem najwcze\u015bniej dom m\u00f3g\u0142 by\u0107 sko\u0144czony w roku 1937. Wzniesiono go dla M. Kobrynera, jednak w przededniu [&hellip;]<\/p>\n","protected":false},"author":6,"featured_media":32033,"comment_status":"open","ping_status":"open","sticky":false,"template":"","format":"standard","meta":{"footnotes":""},"categories":[247,4],"tags":[],"class_list":{"0":"post-32032","1":"post","2":"type-post","3":"status-publish","4":"format-standard","5":"has-post-thumbnail","7":"category-pl-przymierza","8":"category-warszawa"},"_links":{"self":[{"href":"http:\/\/lapidarium.fundacja-hereditas.pl\/index.php\/wp-json\/wp\/v2\/posts\/32032","targetHints":{"allow":["GET"]}}],"collection":[{"href":"http:\/\/lapidarium.fundacja-hereditas.pl\/index.php\/wp-json\/wp\/v2\/posts"}],"about":[{"href":"http:\/\/lapidarium.fundacja-hereditas.pl\/index.php\/wp-json\/wp\/v2\/types\/post"}],"author":[{"embeddable":true,"href":"http:\/\/lapidarium.fundacja-hereditas.pl\/index.php\/wp-json\/wp\/v2\/users\/6"}],"replies":[{"embeddable":true,"href":"http:\/\/lapidarium.fundacja-hereditas.pl\/index.php\/wp-json\/wp\/v2\/comments?post=32032"}],"version-history":[{"count":10,"href":"http:\/\/lapidarium.fundacja-hereditas.pl\/index.php\/wp-json\/wp\/v2\/posts\/32032\/revisions"}],"predecessor-version":[{"id":34247,"href":"http:\/\/lapidarium.fundacja-hereditas.pl\/index.php\/wp-json\/wp\/v2\/posts\/32032\/revisions\/34247"}],"wp:featuredmedia":[{"embeddable":true,"href":"http:\/\/lapidarium.fundacja-hereditas.pl\/index.php\/wp-json\/wp\/v2\/media\/32033"}],"wp:attachment":[{"href":"http:\/\/lapidarium.fundacja-hereditas.pl\/index.php\/wp-json\/wp\/v2\/media?parent=32032"}],"wp:term":[{"taxonomy":"category","embeddable":true,"href":"http:\/\/lapidarium.fundacja-hereditas.pl\/index.php\/wp-json\/wp\/v2\/categories?post=32032"},{"taxonomy":"post_tag","embeddable":true,"href":"http:\/\/lapidarium.fundacja-hereditas.pl\/index.php\/wp-json\/wp\/v2\/tags?post=32032"}],"curies":[{"name":"wp","href":"https:\/\/api.w.org\/{rel}","templated":true}]}}