{"id":31776,"date":"2024-12-31T22:22:52","date_gmt":"2024-12-31T21:22:52","guid":{"rendered":"http:\/\/lapidarium.fundacja-hereditas.pl\/?p=31776"},"modified":"2025-02-24T19:25:00","modified_gmt":"2025-02-24T18:25:00","slug":"kamienica-pl-jana-pawla-ii-n-er-3-zyrardow","status":"publish","type":"post","link":"http:\/\/lapidarium.fundacja-hereditas.pl\/index.php\/2024\/12\/31\/kamienica-pl-jana-pawla-ii-n-er-3-zyrardow\/","title":{"rendered":"Kamienica pl. Jana Paw\u0142a II nr 3, \u017byrard\u00f3w"},"content":{"rendered":"\n<p>Dom Ludowy, zwany popularnie Ludowcem, wznoszono w latach 1910-1912, a do u\u017cytku oddano z pocz\u0105tkiem 1913 r. (26 stycznia). Oficjalna nazwa obiektu brzmia\u0142a &#8222;Carl Dittrichs Haus&#8221;, pochodzi\u0142a od nazwiska fundatora gmachu Carla [Karola] Augusta Dittricha m\u0142., przemys\u0142owca, kt\u00f3remu \u017byrard\u00f3w zawdzi\u0119cza\u0142 rozw\u00f3j swej pot\u0119gi jako miasta produkcji lnu. Obiekt by\u0142 przewidziany dla lokalnej spo\u0142eczno\u015bci, funkcjonowa\u0142 przede wszystkim jako sala widowiskowo-teatralna. Z racji zmiany sytuacji spowodowanej wybuchem I wojny \u015bwiatowej i blisko\u015bci\u0105 frontu niemiecko-rosyjskiego gmach zamieniono na szpital polowy, co doprowadzi\u0142 do jego dewastacji. W dwudziestoleciu mi\u0119dzywojennym budynek wyremontowano i zacz\u0105\u0142 on ponownie s\u0142u\u017cy\u0107 zgodnie ze swoim przeznaczeniem &#8211; jako miejsce wszelkiego rodzaju spotka\u0144 i szerzenia kultury. Co znamienne, podczas II wojny \u015bwiatowej znowu zaprowadzono tu szpital polowy. Po wyzwoleniu spod niemieckiej okupacji, w nowej socjalistycznej rzeczywisto\u015bci, obiekt ponownie pe\u0142ni\u0142 swe pierwotne funkcje, tyle \u017ce pozostawa\u0142 pod wp\u0142ywem i na us\u0142ugach jedynie wtedy s\u0142usznej ideologii. Zmieniono te\u017c jego nazw\u0119 z Domu Ludowego na Mi\u0119dzyzak\u0142adowy Dom Kultury. W okresie PRL zacz\u0119\u0142o tu dzia\u0142a\u0107 kino i nale\u017cy przypuszcza\u0107, \u017ce w\u0142a\u015bnie wtedy zamurowano boczne okna do\u015bwietlaj\u0105ce sal\u0119. Kolejna zmiana nazwy nast\u0105pi\u0142a wraz z upadkiem komunizmu. Obecnie obiekt jest Miejskim Domem Kultury. Warto wspomnie\u0107 o formie samego budynku. Wzniesiono go w stylu wczesnomodernistycznym, z wp\u0142ywami secesji niemieckiej b\u0105d\u017a skandynawskiej. Jego detal jest oszcz\u0119dny. Nazwisko projektanta na obecnym stanie bada\u0144 nie jest znane. Opr\u00f3cz charakterystycznie rozcz\u0142onkowanej bry\u0142y zwracaj\u0105 uwag\u0119 kute pokryte zielon\u0105 patyn\u0105 kraty, posadzka w hallu g\u0142\u00f3wnym, z ma\u0142ych heksagonalnych p\u0142ytek u\u0142o\u017conych w tzw. plaster miodu i tworz\u0105cych wzory oraz napisy. Interesuj\u0105co prezentuje si\u0119 p\u00f3\u0142kolista klatka schodowa z balustrad\u0105 nawi\u0105zuj\u0105c\u0105 do wzoru zewn\u0119trznych krat, sala kinowa o ciekawie rozwi\u0105zanym sklepieniu (konstrukcja z \u017celazobetonu, u\u017cyta pono\u0107 po raz pierwszy w Kr\u00f3lestwie Polskim przy budowie omawianego gmachu). Dzi\u015b opr\u00f3cz plac\u00f3wek kulturalnych mie\u015bci si\u0119 w budynku kino pod wymown\u0105 nazw\u0105 Len.<\/p>\n\n\n\n<p>::: W\u0142\u0105czono do bazy w ramach projektu: ,,FOCUS na detal \u2013 spo\u0142eczna dokumentacja detalu architektonicznego zabytk\u00f3w Warszawy i innych miast Mazowsza\u201d, realizowanego w ramach wsparcia ze \u015brodk\u00f3w planu rozwojowego (Krajowego Planu Odbudowy \/ KPO).<\/p>\n\n\n\n<figure class=\"wp-block-image size-full is-resized\"><img loading=\"lazy\" decoding=\"async\" width=\"1024\" height=\"131\" src=\"http:\/\/lapidarium.fundacja-hereditas.pl\/wp-content\/uploads\/2024\/12\/obraz-1.png\" alt=\"\" class=\"wp-image-33280\" style=\"width:458px;height:auto\" srcset=\"http:\/\/lapidarium.fundacja-hereditas.pl\/wp-content\/uploads\/2024\/12\/obraz-1.png 1024w, http:\/\/lapidarium.fundacja-hereditas.pl\/wp-content\/uploads\/2024\/12\/obraz-1-300x38.png 300w, http:\/\/lapidarium.fundacja-hereditas.pl\/wp-content\/uploads\/2024\/12\/obraz-1-768x98.png 768w, http:\/\/lapidarium.fundacja-hereditas.pl\/wp-content\/uploads\/2024\/12\/obraz-1-150x19.png 150w, http:\/\/lapidarium.fundacja-hereditas.pl\/wp-content\/uploads\/2024\/12\/obraz-1-696x89.png 696w\" sizes=\"auto, (max-width: 1024px) 100vw, 1024px\" \/><\/figure>\n\n\n\n<figure class=\"wp-block-gallery has-nested-images columns-default is-cropped wp-block-gallery-1 is-layout-flex wp-block-gallery-is-layout-flex\">\n<figure class=\"wp-block-image size-large\"><img loading=\"lazy\" decoding=\"async\" width=\"1024\" height=\"768\" data-id=\"31779\" src=\"http:\/\/lapidarium.fundacja-hereditas.pl\/wp-content\/uploads\/2024\/12\/01_M_Bosek_Zyrardow_Dom_Ludowy_widok_od_placu_JP_II_-1024x768.jpg\" alt=\"\" class=\"wp-image-31779\" srcset=\"http:\/\/lapidarium.fundacja-hereditas.pl\/wp-content\/uploads\/2024\/12\/01_M_Bosek_Zyrardow_Dom_Ludowy_widok_od_placu_JP_II_-1024x768.jpg 1024w, http:\/\/lapidarium.fundacja-hereditas.pl\/wp-content\/uploads\/2024\/12\/01_M_Bosek_Zyrardow_Dom_Ludowy_widok_od_placu_JP_II_-300x225.jpg 300w, http:\/\/lapidarium.fundacja-hereditas.pl\/wp-content\/uploads\/2024\/12\/01_M_Bosek_Zyrardow_Dom_Ludowy_widok_od_placu_JP_II_-768x576.jpg 768w, http:\/\/lapidarium.fundacja-hereditas.pl\/wp-content\/uploads\/2024\/12\/01_M_Bosek_Zyrardow_Dom_Ludowy_widok_od_placu_JP_II_-1536x1152.jpg 1536w, http:\/\/lapidarium.fundacja-hereditas.pl\/wp-content\/uploads\/2024\/12\/01_M_Bosek_Zyrardow_Dom_Ludowy_widok_od_placu_JP_II_-2048x1536.jpg 2048w, http:\/\/lapidarium.fundacja-hereditas.pl\/wp-content\/uploads\/2024\/12\/01_M_Bosek_Zyrardow_Dom_Ludowy_widok_od_placu_JP_II_-150x113.jpg 150w, http:\/\/lapidarium.fundacja-hereditas.pl\/wp-content\/uploads\/2024\/12\/01_M_Bosek_Zyrardow_Dom_Ludowy_widok_od_placu_JP_II_-696x522.jpg 696w, http:\/\/lapidarium.fundacja-hereditas.pl\/wp-content\/uploads\/2024\/12\/01_M_Bosek_Zyrardow_Dom_Ludowy_widok_od_placu_JP_II_-1068x801.jpg 1068w, http:\/\/lapidarium.fundacja-hereditas.pl\/wp-content\/uploads\/2024\/12\/01_M_Bosek_Zyrardow_Dom_Ludowy_widok_od_placu_JP_II_-1920x1440.jpg 1920w\" sizes=\"auto, (max-width: 1024px) 100vw, 1024px\" \/><figcaption class=\"wp-element-caption\">Widok og\u00f3lny od strony placu. Fot. Ma\u0142gorzata Bosek, 2024 r., \u017ar\u00f3d\u0142o: \u201eFocus na detal\u201d.<\/figcaption><\/figure>\n\n\n\n<figure class=\"wp-block-image size-large\"><img loading=\"lazy\" decoding=\"async\" width=\"1024\" height=\"768\" data-id=\"31781\" src=\"http:\/\/lapidarium.fundacja-hereditas.pl\/wp-content\/uploads\/2024\/12\/04_M_Bosek_Zyrardow_Dom_Ludowy_widok_od_placu_JP_II_kopula_kurek-1024x768.jpg\" alt=\"\" class=\"wp-image-31781\" srcset=\"http:\/\/lapidarium.fundacja-hereditas.pl\/wp-content\/uploads\/2024\/12\/04_M_Bosek_Zyrardow_Dom_Ludowy_widok_od_placu_JP_II_kopula_kurek-1024x768.jpg 1024w, http:\/\/lapidarium.fundacja-hereditas.pl\/wp-content\/uploads\/2024\/12\/04_M_Bosek_Zyrardow_Dom_Ludowy_widok_od_placu_JP_II_kopula_kurek-300x225.jpg 300w, http:\/\/lapidarium.fundacja-hereditas.pl\/wp-content\/uploads\/2024\/12\/04_M_Bosek_Zyrardow_Dom_Ludowy_widok_od_placu_JP_II_kopula_kurek-768x576.jpg 768w, http:\/\/lapidarium.fundacja-hereditas.pl\/wp-content\/uploads\/2024\/12\/04_M_Bosek_Zyrardow_Dom_Ludowy_widok_od_placu_JP_II_kopula_kurek-1536x1152.jpg 1536w, http:\/\/lapidarium.fundacja-hereditas.pl\/wp-content\/uploads\/2024\/12\/04_M_Bosek_Zyrardow_Dom_Ludowy_widok_od_placu_JP_II_kopula_kurek-2048x1536.jpg 2048w, http:\/\/lapidarium.fundacja-hereditas.pl\/wp-content\/uploads\/2024\/12\/04_M_Bosek_Zyrardow_Dom_Ludowy_widok_od_placu_JP_II_kopula_kurek-150x113.jpg 150w, http:\/\/lapidarium.fundacja-hereditas.pl\/wp-content\/uploads\/2024\/12\/04_M_Bosek_Zyrardow_Dom_Ludowy_widok_od_placu_JP_II_kopula_kurek-696x522.jpg 696w, http:\/\/lapidarium.fundacja-hereditas.pl\/wp-content\/uploads\/2024\/12\/04_M_Bosek_Zyrardow_Dom_Ludowy_widok_od_placu_JP_II_kopula_kurek-1068x801.jpg 1068w, http:\/\/lapidarium.fundacja-hereditas.pl\/wp-content\/uploads\/2024\/12\/04_M_Bosek_Zyrardow_Dom_Ludowy_widok_od_placu_JP_II_kopula_kurek-1920x1440.jpg 1920w\" sizes=\"auto, (max-width: 1024px) 100vw, 1024px\" \/><figcaption class=\"wp-element-caption\">Kopu\u0142a nad wie\u017c\u0105. Fot. Ma\u0142gorzata Bosek, 2024 r., \u017ar\u00f3d\u0142o: \u201eFocus na detal\u201d.<\/figcaption><\/figure>\n\n\n\n<figure class=\"wp-block-image size-large\"><img loading=\"lazy\" decoding=\"async\" width=\"1024\" height=\"768\" data-id=\"31782\" src=\"http:\/\/lapidarium.fundacja-hereditas.pl\/wp-content\/uploads\/2024\/12\/05_M_Bosek_Zyrardow_Dom_Ludowy_widok_od_placu_JP_II_okno_krata-1024x768.jpg\" alt=\"\" class=\"wp-image-31782\" srcset=\"http:\/\/lapidarium.fundacja-hereditas.pl\/wp-content\/uploads\/2024\/12\/05_M_Bosek_Zyrardow_Dom_Ludowy_widok_od_placu_JP_II_okno_krata-1024x768.jpg 1024w, http:\/\/lapidarium.fundacja-hereditas.pl\/wp-content\/uploads\/2024\/12\/05_M_Bosek_Zyrardow_Dom_Ludowy_widok_od_placu_JP_II_okno_krata-300x225.jpg 300w, http:\/\/lapidarium.fundacja-hereditas.pl\/wp-content\/uploads\/2024\/12\/05_M_Bosek_Zyrardow_Dom_Ludowy_widok_od_placu_JP_II_okno_krata-768x576.jpg 768w, http:\/\/lapidarium.fundacja-hereditas.pl\/wp-content\/uploads\/2024\/12\/05_M_Bosek_Zyrardow_Dom_Ludowy_widok_od_placu_JP_II_okno_krata-1536x1152.jpg 1536w, http:\/\/lapidarium.fundacja-hereditas.pl\/wp-content\/uploads\/2024\/12\/05_M_Bosek_Zyrardow_Dom_Ludowy_widok_od_placu_JP_II_okno_krata-2048x1536.jpg 2048w, http:\/\/lapidarium.fundacja-hereditas.pl\/wp-content\/uploads\/2024\/12\/05_M_Bosek_Zyrardow_Dom_Ludowy_widok_od_placu_JP_II_okno_krata-150x113.jpg 150w, http:\/\/lapidarium.fundacja-hereditas.pl\/wp-content\/uploads\/2024\/12\/05_M_Bosek_Zyrardow_Dom_Ludowy_widok_od_placu_JP_II_okno_krata-696x522.jpg 696w, http:\/\/lapidarium.fundacja-hereditas.pl\/wp-content\/uploads\/2024\/12\/05_M_Bosek_Zyrardow_Dom_Ludowy_widok_od_placu_JP_II_okno_krata-1068x801.jpg 1068w, http:\/\/lapidarium.fundacja-hereditas.pl\/wp-content\/uploads\/2024\/12\/05_M_Bosek_Zyrardow_Dom_Ludowy_widok_od_placu_JP_II_okno_krata-1920x1440.jpg 1920w\" sizes=\"auto, (max-width: 1024px) 100vw, 1024px\" \/><figcaption class=\"wp-element-caption\">Elewacja po\u0142udniowa. Krata okna. Fot. Ma\u0142gorzata Bosek, 2024 r., \u017ar\u00f3d\u0142o: \u201eFocus na detal\u201d.<\/figcaption><\/figure>\n\n\n\n<figure class=\"wp-block-image size-large\"><img loading=\"lazy\" decoding=\"async\" width=\"1024\" height=\"723\" data-id=\"31780\" src=\"http:\/\/lapidarium.fundacja-hereditas.pl\/wp-content\/uploads\/2024\/12\/06_M_Bosek_Zyrardow_Dom_Ludowy_widok_od_placu_JP_II_okno_krata-1024x723.jpg\" alt=\"\" class=\"wp-image-31780\" srcset=\"http:\/\/lapidarium.fundacja-hereditas.pl\/wp-content\/uploads\/2024\/12\/06_M_Bosek_Zyrardow_Dom_Ludowy_widok_od_placu_JP_II_okno_krata-1024x723.jpg 1024w, http:\/\/lapidarium.fundacja-hereditas.pl\/wp-content\/uploads\/2024\/12\/06_M_Bosek_Zyrardow_Dom_Ludowy_widok_od_placu_JP_II_okno_krata-300x212.jpg 300w, http:\/\/lapidarium.fundacja-hereditas.pl\/wp-content\/uploads\/2024\/12\/06_M_Bosek_Zyrardow_Dom_Ludowy_widok_od_placu_JP_II_okno_krata-768x542.jpg 768w, http:\/\/lapidarium.fundacja-hereditas.pl\/wp-content\/uploads\/2024\/12\/06_M_Bosek_Zyrardow_Dom_Ludowy_widok_od_placu_JP_II_okno_krata-1536x1084.jpg 1536w, http:\/\/lapidarium.fundacja-hereditas.pl\/wp-content\/uploads\/2024\/12\/06_M_Bosek_Zyrardow_Dom_Ludowy_widok_od_placu_JP_II_okno_krata-2048x1446.jpg 2048w, http:\/\/lapidarium.fundacja-hereditas.pl\/wp-content\/uploads\/2024\/12\/06_M_Bosek_Zyrardow_Dom_Ludowy_widok_od_placu_JP_II_okno_krata-150x106.jpg 150w, http:\/\/lapidarium.fundacja-hereditas.pl\/wp-content\/uploads\/2024\/12\/06_M_Bosek_Zyrardow_Dom_Ludowy_widok_od_placu_JP_II_okno_krata-696x491.jpg 696w, http:\/\/lapidarium.fundacja-hereditas.pl\/wp-content\/uploads\/2024\/12\/06_M_Bosek_Zyrardow_Dom_Ludowy_widok_od_placu_JP_II_okno_krata-1068x754.jpg 1068w, http:\/\/lapidarium.fundacja-hereditas.pl\/wp-content\/uploads\/2024\/12\/06_M_Bosek_Zyrardow_Dom_Ludowy_widok_od_placu_JP_II_okno_krata-1920x1355.jpg 1920w\" sizes=\"auto, (max-width: 1024px) 100vw, 1024px\" \/><figcaption class=\"wp-element-caption\">Elewacja po\u0142udniowa. Krata okna. Fot. Ma\u0142gorzata Bosek, 2024 r., \u017ar\u00f3d\u0142o: \u201eFocus na detal\u201d.<\/figcaption><\/figure>\n\n\n\n<figure class=\"wp-block-image size-large\"><img loading=\"lazy\" decoding=\"async\" width=\"1024\" height=\"768\" data-id=\"31783\" src=\"http:\/\/lapidarium.fundacja-hereditas.pl\/wp-content\/uploads\/2024\/12\/07_M_Bosek_Zyrardow_Dom_Ludowy_widok_od_placu_JP_II_okno_krata-1024x768.jpg\" alt=\"\" class=\"wp-image-31783\" srcset=\"http:\/\/lapidarium.fundacja-hereditas.pl\/wp-content\/uploads\/2024\/12\/07_M_Bosek_Zyrardow_Dom_Ludowy_widok_od_placu_JP_II_okno_krata-1024x768.jpg 1024w, http:\/\/lapidarium.fundacja-hereditas.pl\/wp-content\/uploads\/2024\/12\/07_M_Bosek_Zyrardow_Dom_Ludowy_widok_od_placu_JP_II_okno_krata-300x225.jpg 300w, http:\/\/lapidarium.fundacja-hereditas.pl\/wp-content\/uploads\/2024\/12\/07_M_Bosek_Zyrardow_Dom_Ludowy_widok_od_placu_JP_II_okno_krata-768x576.jpg 768w, http:\/\/lapidarium.fundacja-hereditas.pl\/wp-content\/uploads\/2024\/12\/07_M_Bosek_Zyrardow_Dom_Ludowy_widok_od_placu_JP_II_okno_krata-1536x1152.jpg 1536w, http:\/\/lapidarium.fundacja-hereditas.pl\/wp-content\/uploads\/2024\/12\/07_M_Bosek_Zyrardow_Dom_Ludowy_widok_od_placu_JP_II_okno_krata-2048x1536.jpg 2048w, http:\/\/lapidarium.fundacja-hereditas.pl\/wp-content\/uploads\/2024\/12\/07_M_Bosek_Zyrardow_Dom_Ludowy_widok_od_placu_JP_II_okno_krata-150x113.jpg 150w, http:\/\/lapidarium.fundacja-hereditas.pl\/wp-content\/uploads\/2024\/12\/07_M_Bosek_Zyrardow_Dom_Ludowy_widok_od_placu_JP_II_okno_krata-696x522.jpg 696w, http:\/\/lapidarium.fundacja-hereditas.pl\/wp-content\/uploads\/2024\/12\/07_M_Bosek_Zyrardow_Dom_Ludowy_widok_od_placu_JP_II_okno_krata-1068x801.jpg 1068w, http:\/\/lapidarium.fundacja-hereditas.pl\/wp-content\/uploads\/2024\/12\/07_M_Bosek_Zyrardow_Dom_Ludowy_widok_od_placu_JP_II_okno_krata-1920x1440.jpg 1920w\" sizes=\"auto, (max-width: 1024px) 100vw, 1024px\" \/><figcaption class=\"wp-element-caption\">Elewacja po\u0142udniowa. Krata okna &#8211; detal. Fot. Ma\u0142gorzata Bosek, 2024 r., \u017ar\u00f3d\u0142o: \u201eFocus na detal\u201d.<\/figcaption><\/figure>\n\n\n\n<figure class=\"wp-block-image size-large\"><img loading=\"lazy\" decoding=\"async\" width=\"662\" height=\"1024\" data-id=\"31784\" src=\"http:\/\/lapidarium.fundacja-hereditas.pl\/wp-content\/uploads\/2024\/12\/08_M_Bosek_Zyrardow_Dom_Ludowy_widok_od_placu_JP_II_okno_krata_detal-662x1024.jpg\" alt=\"\" class=\"wp-image-31784\" srcset=\"http:\/\/lapidarium.fundacja-hereditas.pl\/wp-content\/uploads\/2024\/12\/08_M_Bosek_Zyrardow_Dom_Ludowy_widok_od_placu_JP_II_okno_krata_detal-662x1024.jpg 662w, http:\/\/lapidarium.fundacja-hereditas.pl\/wp-content\/uploads\/2024\/12\/08_M_Bosek_Zyrardow_Dom_Ludowy_widok_od_placu_JP_II_okno_krata_detal-194x300.jpg 194w, http:\/\/lapidarium.fundacja-hereditas.pl\/wp-content\/uploads\/2024\/12\/08_M_Bosek_Zyrardow_Dom_Ludowy_widok_od_placu_JP_II_okno_krata_detal-768x1188.jpg 768w, http:\/\/lapidarium.fundacja-hereditas.pl\/wp-content\/uploads\/2024\/12\/08_M_Bosek_Zyrardow_Dom_Ludowy_widok_od_placu_JP_II_okno_krata_detal-993x1536.jpg 993w, http:\/\/lapidarium.fundacja-hereditas.pl\/wp-content\/uploads\/2024\/12\/08_M_Bosek_Zyrardow_Dom_Ludowy_widok_od_placu_JP_II_okno_krata_detal-1324x2048.jpg 1324w, http:\/\/lapidarium.fundacja-hereditas.pl\/wp-content\/uploads\/2024\/12\/08_M_Bosek_Zyrardow_Dom_Ludowy_widok_od_placu_JP_II_okno_krata_detal-150x232.jpg 150w, http:\/\/lapidarium.fundacja-hereditas.pl\/wp-content\/uploads\/2024\/12\/08_M_Bosek_Zyrardow_Dom_Ludowy_widok_od_placu_JP_II_okno_krata_detal-300x464.jpg 300w, http:\/\/lapidarium.fundacja-hereditas.pl\/wp-content\/uploads\/2024\/12\/08_M_Bosek_Zyrardow_Dom_Ludowy_widok_od_placu_JP_II_okno_krata_detal-696x1077.jpg 696w, http:\/\/lapidarium.fundacja-hereditas.pl\/wp-content\/uploads\/2024\/12\/08_M_Bosek_Zyrardow_Dom_Ludowy_widok_od_placu_JP_II_okno_krata_detal-1068x1653.jpg 1068w, http:\/\/lapidarium.fundacja-hereditas.pl\/wp-content\/uploads\/2024\/12\/08_M_Bosek_Zyrardow_Dom_Ludowy_widok_od_placu_JP_II_okno_krata_detal-1920x2971.jpg 1920w, http:\/\/lapidarium.fundacja-hereditas.pl\/wp-content\/uploads\/2024\/12\/08_M_Bosek_Zyrardow_Dom_Ludowy_widok_od_placu_JP_II_okno_krata_detal-scaled.jpg 1654w\" sizes=\"auto, (max-width: 662px) 100vw, 662px\" \/><figcaption class=\"wp-element-caption\">Elewacja po\u0142udniowa. Krata okna &#8211; detal. Fot. Ma\u0142gorzata Bosek, 2024 r., \u017ar\u00f3d\u0142o: \u201eFocus na detal\u201d.<\/figcaption><\/figure>\n\n\n\n<figure class=\"wp-block-image size-large\"><img loading=\"lazy\" decoding=\"async\" width=\"768\" height=\"1024\" data-id=\"31785\" src=\"http:\/\/lapidarium.fundacja-hereditas.pl\/wp-content\/uploads\/2024\/12\/09_M_Bosek_Zyrardow_Dom_Ludowy_str_zach-768x1024.jpg\" alt=\"\" class=\"wp-image-31785\" srcset=\"http:\/\/lapidarium.fundacja-hereditas.pl\/wp-content\/uploads\/2024\/12\/09_M_Bosek_Zyrardow_Dom_Ludowy_str_zach-768x1024.jpg 768w, http:\/\/lapidarium.fundacja-hereditas.pl\/wp-content\/uploads\/2024\/12\/09_M_Bosek_Zyrardow_Dom_Ludowy_str_zach-225x300.jpg 225w, http:\/\/lapidarium.fundacja-hereditas.pl\/wp-content\/uploads\/2024\/12\/09_M_Bosek_Zyrardow_Dom_Ludowy_str_zach-1152x1536.jpg 1152w, http:\/\/lapidarium.fundacja-hereditas.pl\/wp-content\/uploads\/2024\/12\/09_M_Bosek_Zyrardow_Dom_Ludowy_str_zach-1536x2048.jpg 1536w, http:\/\/lapidarium.fundacja-hereditas.pl\/wp-content\/uploads\/2024\/12\/09_M_Bosek_Zyrardow_Dom_Ludowy_str_zach-150x200.jpg 150w, http:\/\/lapidarium.fundacja-hereditas.pl\/wp-content\/uploads\/2024\/12\/09_M_Bosek_Zyrardow_Dom_Ludowy_str_zach-300x400.jpg 300w, http:\/\/lapidarium.fundacja-hereditas.pl\/wp-content\/uploads\/2024\/12\/09_M_Bosek_Zyrardow_Dom_Ludowy_str_zach-696x928.jpg 696w, http:\/\/lapidarium.fundacja-hereditas.pl\/wp-content\/uploads\/2024\/12\/09_M_Bosek_Zyrardow_Dom_Ludowy_str_zach-1068x1424.jpg 1068w, http:\/\/lapidarium.fundacja-hereditas.pl\/wp-content\/uploads\/2024\/12\/09_M_Bosek_Zyrardow_Dom_Ludowy_str_zach-scaled.jpg 1920w\" sizes=\"auto, (max-width: 768px) 100vw, 768px\" \/><figcaption class=\"wp-element-caption\">Elewacja zachodnia. Fot. Ma\u0142gorzata Bosek, 2024 r., \u017ar\u00f3d\u0142o: \u201eFocus na detal\u201d.<\/figcaption><\/figure>\n\n\n\n<figure class=\"wp-block-image size-large\"><img loading=\"lazy\" decoding=\"async\" width=\"768\" height=\"1024\" data-id=\"31786\" src=\"http:\/\/lapidarium.fundacja-hereditas.pl\/wp-content\/uploads\/2024\/12\/12_M_Bosek_Zyrardow_Dom_Ludowy_str_zach_wejscie-768x1024.jpg\" alt=\"\" class=\"wp-image-31786\" srcset=\"http:\/\/lapidarium.fundacja-hereditas.pl\/wp-content\/uploads\/2024\/12\/12_M_Bosek_Zyrardow_Dom_Ludowy_str_zach_wejscie-768x1024.jpg 768w, http:\/\/lapidarium.fundacja-hereditas.pl\/wp-content\/uploads\/2024\/12\/12_M_Bosek_Zyrardow_Dom_Ludowy_str_zach_wejscie-225x300.jpg 225w, http:\/\/lapidarium.fundacja-hereditas.pl\/wp-content\/uploads\/2024\/12\/12_M_Bosek_Zyrardow_Dom_Ludowy_str_zach_wejscie-1152x1536.jpg 1152w, http:\/\/lapidarium.fundacja-hereditas.pl\/wp-content\/uploads\/2024\/12\/12_M_Bosek_Zyrardow_Dom_Ludowy_str_zach_wejscie-1536x2048.jpg 1536w, http:\/\/lapidarium.fundacja-hereditas.pl\/wp-content\/uploads\/2024\/12\/12_M_Bosek_Zyrardow_Dom_Ludowy_str_zach_wejscie-150x200.jpg 150w, http:\/\/lapidarium.fundacja-hereditas.pl\/wp-content\/uploads\/2024\/12\/12_M_Bosek_Zyrardow_Dom_Ludowy_str_zach_wejscie-300x400.jpg 300w, http:\/\/lapidarium.fundacja-hereditas.pl\/wp-content\/uploads\/2024\/12\/12_M_Bosek_Zyrardow_Dom_Ludowy_str_zach_wejscie-696x928.jpg 696w, http:\/\/lapidarium.fundacja-hereditas.pl\/wp-content\/uploads\/2024\/12\/12_M_Bosek_Zyrardow_Dom_Ludowy_str_zach_wejscie-1068x1424.jpg 1068w, http:\/\/lapidarium.fundacja-hereditas.pl\/wp-content\/uploads\/2024\/12\/12_M_Bosek_Zyrardow_Dom_Ludowy_str_zach_wejscie-scaled.jpg 1920w\" sizes=\"auto, (max-width: 768px) 100vw, 768px\" \/><figcaption class=\"wp-element-caption\">Elewacja zachodnia &#8211; wej\u015bcie boczne. Fot. Ma\u0142gorzata Bosek, 2024 r., \u017ar\u00f3d\u0142o: \u201eFocus na detal\u201d.<\/figcaption><\/figure>\n\n\n\n<figure class=\"wp-block-image size-large\"><img loading=\"lazy\" decoding=\"async\" width=\"1024\" height=\"775\" data-id=\"31787\" src=\"http:\/\/lapidarium.fundacja-hereditas.pl\/wp-content\/uploads\/2024\/12\/14_M_Bosek_Zyrardow_Dom_Ludowy_str_pln_zach-1024x775.jpg\" alt=\"\" class=\"wp-image-31787\" srcset=\"http:\/\/lapidarium.fundacja-hereditas.pl\/wp-content\/uploads\/2024\/12\/14_M_Bosek_Zyrardow_Dom_Ludowy_str_pln_zach-1024x775.jpg 1024w, http:\/\/lapidarium.fundacja-hereditas.pl\/wp-content\/uploads\/2024\/12\/14_M_Bosek_Zyrardow_Dom_Ludowy_str_pln_zach-300x227.jpg 300w, http:\/\/lapidarium.fundacja-hereditas.pl\/wp-content\/uploads\/2024\/12\/14_M_Bosek_Zyrardow_Dom_Ludowy_str_pln_zach-768x582.jpg 768w, http:\/\/lapidarium.fundacja-hereditas.pl\/wp-content\/uploads\/2024\/12\/14_M_Bosek_Zyrardow_Dom_Ludowy_str_pln_zach-1536x1163.jpg 1536w, http:\/\/lapidarium.fundacja-hereditas.pl\/wp-content\/uploads\/2024\/12\/14_M_Bosek_Zyrardow_Dom_Ludowy_str_pln_zach-2048x1551.jpg 2048w, http:\/\/lapidarium.fundacja-hereditas.pl\/wp-content\/uploads\/2024\/12\/14_M_Bosek_Zyrardow_Dom_Ludowy_str_pln_zach-150x114.jpg 150w, http:\/\/lapidarium.fundacja-hereditas.pl\/wp-content\/uploads\/2024\/12\/14_M_Bosek_Zyrardow_Dom_Ludowy_str_pln_zach-696x527.jpg 696w, http:\/\/lapidarium.fundacja-hereditas.pl\/wp-content\/uploads\/2024\/12\/14_M_Bosek_Zyrardow_Dom_Ludowy_str_pln_zach-1068x809.jpg 1068w, http:\/\/lapidarium.fundacja-hereditas.pl\/wp-content\/uploads\/2024\/12\/14_M_Bosek_Zyrardow_Dom_Ludowy_str_pln_zach-1920x1454.jpg 1920w\" sizes=\"auto, (max-width: 1024px) 100vw, 1024px\" \/><figcaption class=\"wp-element-caption\">Elewacja p\u00f3\u0142nocna. Fot. Ma\u0142gorzata Bosek, 2024 r., \u017ar\u00f3d\u0142o: \u201eFocus na detal\u201d.<\/figcaption><\/figure>\n\n\n\n<figure class=\"wp-block-image size-large\"><img loading=\"lazy\" decoding=\"async\" width=\"768\" height=\"1024\" data-id=\"31788\" src=\"http:\/\/lapidarium.fundacja-hereditas.pl\/wp-content\/uploads\/2024\/12\/15_M_Bosek_Zyrardow_Dom_Ludowy_str_pln_zach-768x1024.jpg\" alt=\"\" class=\"wp-image-31788\" srcset=\"http:\/\/lapidarium.fundacja-hereditas.pl\/wp-content\/uploads\/2024\/12\/15_M_Bosek_Zyrardow_Dom_Ludowy_str_pln_zach-768x1024.jpg 768w, http:\/\/lapidarium.fundacja-hereditas.pl\/wp-content\/uploads\/2024\/12\/15_M_Bosek_Zyrardow_Dom_Ludowy_str_pln_zach-225x300.jpg 225w, http:\/\/lapidarium.fundacja-hereditas.pl\/wp-content\/uploads\/2024\/12\/15_M_Bosek_Zyrardow_Dom_Ludowy_str_pln_zach-1152x1536.jpg 1152w, http:\/\/lapidarium.fundacja-hereditas.pl\/wp-content\/uploads\/2024\/12\/15_M_Bosek_Zyrardow_Dom_Ludowy_str_pln_zach-1536x2048.jpg 1536w, http:\/\/lapidarium.fundacja-hereditas.pl\/wp-content\/uploads\/2024\/12\/15_M_Bosek_Zyrardow_Dom_Ludowy_str_pln_zach-150x200.jpg 150w, http:\/\/lapidarium.fundacja-hereditas.pl\/wp-content\/uploads\/2024\/12\/15_M_Bosek_Zyrardow_Dom_Ludowy_str_pln_zach-300x400.jpg 300w, http:\/\/lapidarium.fundacja-hereditas.pl\/wp-content\/uploads\/2024\/12\/15_M_Bosek_Zyrardow_Dom_Ludowy_str_pln_zach-696x928.jpg 696w, http:\/\/lapidarium.fundacja-hereditas.pl\/wp-content\/uploads\/2024\/12\/15_M_Bosek_Zyrardow_Dom_Ludowy_str_pln_zach-1068x1424.jpg 1068w, http:\/\/lapidarium.fundacja-hereditas.pl\/wp-content\/uploads\/2024\/12\/15_M_Bosek_Zyrardow_Dom_Ludowy_str_pln_zach-scaled.jpg 1920w\" sizes=\"auto, (max-width: 768px) 100vw, 768px\" \/><figcaption class=\"wp-element-caption\">Elewacja p\u00f3\u0142nocna. Fot. Ma\u0142gorzata Bosek, 2024 r., \u017ar\u00f3d\u0142o: \u201eFocus na detal\u201d.<\/figcaption><\/figure>\n\n\n\n<figure class=\"wp-block-image size-large\"><img loading=\"lazy\" decoding=\"async\" width=\"768\" height=\"1024\" data-id=\"31789\" src=\"http:\/\/lapidarium.fundacja-hereditas.pl\/wp-content\/uploads\/2024\/12\/16_M_Bosek_Zyrardow_Dom_Ludowy_str_zach_drzwi_wysoko-768x1024.jpg\" alt=\"\" class=\"wp-image-31789\" srcset=\"http:\/\/lapidarium.fundacja-hereditas.pl\/wp-content\/uploads\/2024\/12\/16_M_Bosek_Zyrardow_Dom_Ludowy_str_zach_drzwi_wysoko-768x1024.jpg 768w, http:\/\/lapidarium.fundacja-hereditas.pl\/wp-content\/uploads\/2024\/12\/16_M_Bosek_Zyrardow_Dom_Ludowy_str_zach_drzwi_wysoko-225x300.jpg 225w, http:\/\/lapidarium.fundacja-hereditas.pl\/wp-content\/uploads\/2024\/12\/16_M_Bosek_Zyrardow_Dom_Ludowy_str_zach_drzwi_wysoko-1152x1536.jpg 1152w, http:\/\/lapidarium.fundacja-hereditas.pl\/wp-content\/uploads\/2024\/12\/16_M_Bosek_Zyrardow_Dom_Ludowy_str_zach_drzwi_wysoko-1536x2048.jpg 1536w, http:\/\/lapidarium.fundacja-hereditas.pl\/wp-content\/uploads\/2024\/12\/16_M_Bosek_Zyrardow_Dom_Ludowy_str_zach_drzwi_wysoko-150x200.jpg 150w, http:\/\/lapidarium.fundacja-hereditas.pl\/wp-content\/uploads\/2024\/12\/16_M_Bosek_Zyrardow_Dom_Ludowy_str_zach_drzwi_wysoko-300x400.jpg 300w, http:\/\/lapidarium.fundacja-hereditas.pl\/wp-content\/uploads\/2024\/12\/16_M_Bosek_Zyrardow_Dom_Ludowy_str_zach_drzwi_wysoko-696x928.jpg 696w, http:\/\/lapidarium.fundacja-hereditas.pl\/wp-content\/uploads\/2024\/12\/16_M_Bosek_Zyrardow_Dom_Ludowy_str_zach_drzwi_wysoko-1068x1424.jpg 1068w, http:\/\/lapidarium.fundacja-hereditas.pl\/wp-content\/uploads\/2024\/12\/16_M_Bosek_Zyrardow_Dom_Ludowy_str_zach_drzwi_wysoko-scaled.jpg 1920w\" sizes=\"auto, (max-width: 768px) 100vw, 768px\" \/><figcaption class=\"wp-element-caption\">Elewacja zachodnia &#8211; drzwi towarowe\/techniczne (?). Fot. Ma\u0142gorzata Bosek, 2024 r., \u017ar\u00f3d\u0142o: \u201eFocus na detal\u201d.<\/figcaption><\/figure>\n\n\n\n<figure class=\"wp-block-image size-large\"><img loading=\"lazy\" decoding=\"async\" width=\"1024\" height=\"768\" data-id=\"31790\" src=\"http:\/\/lapidarium.fundacja-hereditas.pl\/wp-content\/uploads\/2024\/12\/17_M_Bosek_Zyrardow_Dom_Ludowy_str_pln-1024x768.jpg\" alt=\"\" class=\"wp-image-31790\" srcset=\"http:\/\/lapidarium.fundacja-hereditas.pl\/wp-content\/uploads\/2024\/12\/17_M_Bosek_Zyrardow_Dom_Ludowy_str_pln-1024x768.jpg 1024w, http:\/\/lapidarium.fundacja-hereditas.pl\/wp-content\/uploads\/2024\/12\/17_M_Bosek_Zyrardow_Dom_Ludowy_str_pln-300x225.jpg 300w, http:\/\/lapidarium.fundacja-hereditas.pl\/wp-content\/uploads\/2024\/12\/17_M_Bosek_Zyrardow_Dom_Ludowy_str_pln-768x576.jpg 768w, http:\/\/lapidarium.fundacja-hereditas.pl\/wp-content\/uploads\/2024\/12\/17_M_Bosek_Zyrardow_Dom_Ludowy_str_pln-1536x1152.jpg 1536w, http:\/\/lapidarium.fundacja-hereditas.pl\/wp-content\/uploads\/2024\/12\/17_M_Bosek_Zyrardow_Dom_Ludowy_str_pln-2048x1536.jpg 2048w, http:\/\/lapidarium.fundacja-hereditas.pl\/wp-content\/uploads\/2024\/12\/17_M_Bosek_Zyrardow_Dom_Ludowy_str_pln-150x113.jpg 150w, http:\/\/lapidarium.fundacja-hereditas.pl\/wp-content\/uploads\/2024\/12\/17_M_Bosek_Zyrardow_Dom_Ludowy_str_pln-696x522.jpg 696w, http:\/\/lapidarium.fundacja-hereditas.pl\/wp-content\/uploads\/2024\/12\/17_M_Bosek_Zyrardow_Dom_Ludowy_str_pln-1068x801.jpg 1068w, http:\/\/lapidarium.fundacja-hereditas.pl\/wp-content\/uploads\/2024\/12\/17_M_Bosek_Zyrardow_Dom_Ludowy_str_pln-1920x1440.jpg 1920w\" sizes=\"auto, (max-width: 1024px) 100vw, 1024px\" \/><figcaption class=\"wp-element-caption\">Elewacja p\u00f3\u0142nocna &#8211; lizeny. Fot. Ma\u0142gorzata Bosek, 2024 r., \u017ar\u00f3d\u0142o: \u201eFocus na detal\u201d.<\/figcaption><\/figure>\n\n\n\n<figure class=\"wp-block-image size-large\"><img loading=\"lazy\" decoding=\"async\" width=\"1024\" height=\"768\" data-id=\"31791\" src=\"http:\/\/lapidarium.fundacja-hereditas.pl\/wp-content\/uploads\/2024\/12\/19_M_Bosek_Zyrardow_Dom_Ludowy_str_pln_okienko_piwniczne-1024x768.jpg\" alt=\"\" class=\"wp-image-31791\" srcset=\"http:\/\/lapidarium.fundacja-hereditas.pl\/wp-content\/uploads\/2024\/12\/19_M_Bosek_Zyrardow_Dom_Ludowy_str_pln_okienko_piwniczne-1024x768.jpg 1024w, http:\/\/lapidarium.fundacja-hereditas.pl\/wp-content\/uploads\/2024\/12\/19_M_Bosek_Zyrardow_Dom_Ludowy_str_pln_okienko_piwniczne-300x225.jpg 300w, http:\/\/lapidarium.fundacja-hereditas.pl\/wp-content\/uploads\/2024\/12\/19_M_Bosek_Zyrardow_Dom_Ludowy_str_pln_okienko_piwniczne-768x576.jpg 768w, http:\/\/lapidarium.fundacja-hereditas.pl\/wp-content\/uploads\/2024\/12\/19_M_Bosek_Zyrardow_Dom_Ludowy_str_pln_okienko_piwniczne-1536x1152.jpg 1536w, http:\/\/lapidarium.fundacja-hereditas.pl\/wp-content\/uploads\/2024\/12\/19_M_Bosek_Zyrardow_Dom_Ludowy_str_pln_okienko_piwniczne-2048x1536.jpg 2048w, http:\/\/lapidarium.fundacja-hereditas.pl\/wp-content\/uploads\/2024\/12\/19_M_Bosek_Zyrardow_Dom_Ludowy_str_pln_okienko_piwniczne-150x113.jpg 150w, http:\/\/lapidarium.fundacja-hereditas.pl\/wp-content\/uploads\/2024\/12\/19_M_Bosek_Zyrardow_Dom_Ludowy_str_pln_okienko_piwniczne-696x522.jpg 696w, http:\/\/lapidarium.fundacja-hereditas.pl\/wp-content\/uploads\/2024\/12\/19_M_Bosek_Zyrardow_Dom_Ludowy_str_pln_okienko_piwniczne-1068x801.jpg 1068w, http:\/\/lapidarium.fundacja-hereditas.pl\/wp-content\/uploads\/2024\/12\/19_M_Bosek_Zyrardow_Dom_Ludowy_str_pln_okienko_piwniczne-1920x1440.jpg 1920w\" sizes=\"auto, (max-width: 1024px) 100vw, 1024px\" \/><figcaption class=\"wp-element-caption\">Elewacja p\u00f3\u0142nocna &#8211; okienko piwniczne. Fot. Ma\u0142gorzata Bosek, 2024 r., \u017ar\u00f3d\u0142o: \u201eFocus na detal\u201d.<\/figcaption><\/figure>\n\n\n\n<figure class=\"wp-block-image size-large\"><img loading=\"lazy\" decoding=\"async\" width=\"1024\" height=\"768\" data-id=\"31793\" src=\"http:\/\/lapidarium.fundacja-hereditas.pl\/wp-content\/uploads\/2024\/12\/22_M_Bosek_Zyrardow_Dom_Ludowy_str_wsch-1024x768.jpg\" alt=\"\" class=\"wp-image-31793\" srcset=\"http:\/\/lapidarium.fundacja-hereditas.pl\/wp-content\/uploads\/2024\/12\/22_M_Bosek_Zyrardow_Dom_Ludowy_str_wsch-1024x768.jpg 1024w, http:\/\/lapidarium.fundacja-hereditas.pl\/wp-content\/uploads\/2024\/12\/22_M_Bosek_Zyrardow_Dom_Ludowy_str_wsch-300x225.jpg 300w, http:\/\/lapidarium.fundacja-hereditas.pl\/wp-content\/uploads\/2024\/12\/22_M_Bosek_Zyrardow_Dom_Ludowy_str_wsch-768x576.jpg 768w, http:\/\/lapidarium.fundacja-hereditas.pl\/wp-content\/uploads\/2024\/12\/22_M_Bosek_Zyrardow_Dom_Ludowy_str_wsch-1536x1152.jpg 1536w, http:\/\/lapidarium.fundacja-hereditas.pl\/wp-content\/uploads\/2024\/12\/22_M_Bosek_Zyrardow_Dom_Ludowy_str_wsch-2048x1536.jpg 2048w, http:\/\/lapidarium.fundacja-hereditas.pl\/wp-content\/uploads\/2024\/12\/22_M_Bosek_Zyrardow_Dom_Ludowy_str_wsch-150x113.jpg 150w, http:\/\/lapidarium.fundacja-hereditas.pl\/wp-content\/uploads\/2024\/12\/22_M_Bosek_Zyrardow_Dom_Ludowy_str_wsch-696x522.jpg 696w, http:\/\/lapidarium.fundacja-hereditas.pl\/wp-content\/uploads\/2024\/12\/22_M_Bosek_Zyrardow_Dom_Ludowy_str_wsch-1068x801.jpg 1068w, http:\/\/lapidarium.fundacja-hereditas.pl\/wp-content\/uploads\/2024\/12\/22_M_Bosek_Zyrardow_Dom_Ludowy_str_wsch-1920x1440.jpg 1920w\" sizes=\"auto, (max-width: 1024px) 100vw, 1024px\" \/><figcaption class=\"wp-element-caption\">Elewacja wschodnia. Fot. Ma\u0142gorzata Bosek, 2024 r., \u017ar\u00f3d\u0142o: \u201eFocus na detal\u201d.<\/figcaption><\/figure>\n\n\n\n<figure class=\"wp-block-image size-large\"><img loading=\"lazy\" decoding=\"async\" width=\"1024\" height=\"768\" data-id=\"31792\" src=\"http:\/\/lapidarium.fundacja-hereditas.pl\/wp-content\/uploads\/2024\/12\/23_M_Bosek_Zyrardow_Dom_Ludowy_str_wsch_dach-1024x768.jpg\" alt=\"\" class=\"wp-image-31792\" srcset=\"http:\/\/lapidarium.fundacja-hereditas.pl\/wp-content\/uploads\/2024\/12\/23_M_Bosek_Zyrardow_Dom_Ludowy_str_wsch_dach-1024x768.jpg 1024w, http:\/\/lapidarium.fundacja-hereditas.pl\/wp-content\/uploads\/2024\/12\/23_M_Bosek_Zyrardow_Dom_Ludowy_str_wsch_dach-300x225.jpg 300w, http:\/\/lapidarium.fundacja-hereditas.pl\/wp-content\/uploads\/2024\/12\/23_M_Bosek_Zyrardow_Dom_Ludowy_str_wsch_dach-768x576.jpg 768w, http:\/\/lapidarium.fundacja-hereditas.pl\/wp-content\/uploads\/2024\/12\/23_M_Bosek_Zyrardow_Dom_Ludowy_str_wsch_dach-1536x1152.jpg 1536w, http:\/\/lapidarium.fundacja-hereditas.pl\/wp-content\/uploads\/2024\/12\/23_M_Bosek_Zyrardow_Dom_Ludowy_str_wsch_dach-2048x1536.jpg 2048w, http:\/\/lapidarium.fundacja-hereditas.pl\/wp-content\/uploads\/2024\/12\/23_M_Bosek_Zyrardow_Dom_Ludowy_str_wsch_dach-150x113.jpg 150w, http:\/\/lapidarium.fundacja-hereditas.pl\/wp-content\/uploads\/2024\/12\/23_M_Bosek_Zyrardow_Dom_Ludowy_str_wsch_dach-696x522.jpg 696w, http:\/\/lapidarium.fundacja-hereditas.pl\/wp-content\/uploads\/2024\/12\/23_M_Bosek_Zyrardow_Dom_Ludowy_str_wsch_dach-1068x801.jpg 1068w, http:\/\/lapidarium.fundacja-hereditas.pl\/wp-content\/uploads\/2024\/12\/23_M_Bosek_Zyrardow_Dom_Ludowy_str_wsch_dach-1920x1440.jpg 1920w\" sizes=\"auto, (max-width: 1024px) 100vw, 1024px\" \/><figcaption class=\"wp-element-caption\">Belwederek na dachu &#8211; wywietrznik (?). Fot. Ma\u0142gorzata Bosek, 2024 r., \u017ar\u00f3d\u0142o: \u201eFocus na detal\u201d.<\/figcaption><\/figure>\n\n\n\n<figure class=\"wp-block-image size-large\"><img loading=\"lazy\" decoding=\"async\" width=\"1024\" height=\"768\" data-id=\"31794\" src=\"http:\/\/lapidarium.fundacja-hereditas.pl\/wp-content\/uploads\/2024\/12\/24_M_Bosek_Zyrardow_Dom_Ludowy_str_wsch_barierka-1024x768.jpg\" alt=\"\" class=\"wp-image-31794\" srcset=\"http:\/\/lapidarium.fundacja-hereditas.pl\/wp-content\/uploads\/2024\/12\/24_M_Bosek_Zyrardow_Dom_Ludowy_str_wsch_barierka-1024x768.jpg 1024w, http:\/\/lapidarium.fundacja-hereditas.pl\/wp-content\/uploads\/2024\/12\/24_M_Bosek_Zyrardow_Dom_Ludowy_str_wsch_barierka-300x225.jpg 300w, http:\/\/lapidarium.fundacja-hereditas.pl\/wp-content\/uploads\/2024\/12\/24_M_Bosek_Zyrardow_Dom_Ludowy_str_wsch_barierka-768x576.jpg 768w, http:\/\/lapidarium.fundacja-hereditas.pl\/wp-content\/uploads\/2024\/12\/24_M_Bosek_Zyrardow_Dom_Ludowy_str_wsch_barierka-1536x1152.jpg 1536w, http:\/\/lapidarium.fundacja-hereditas.pl\/wp-content\/uploads\/2024\/12\/24_M_Bosek_Zyrardow_Dom_Ludowy_str_wsch_barierka-2048x1536.jpg 2048w, http:\/\/lapidarium.fundacja-hereditas.pl\/wp-content\/uploads\/2024\/12\/24_M_Bosek_Zyrardow_Dom_Ludowy_str_wsch_barierka-150x113.jpg 150w, http:\/\/lapidarium.fundacja-hereditas.pl\/wp-content\/uploads\/2024\/12\/24_M_Bosek_Zyrardow_Dom_Ludowy_str_wsch_barierka-696x522.jpg 696w, http:\/\/lapidarium.fundacja-hereditas.pl\/wp-content\/uploads\/2024\/12\/24_M_Bosek_Zyrardow_Dom_Ludowy_str_wsch_barierka-1068x801.jpg 1068w, http:\/\/lapidarium.fundacja-hereditas.pl\/wp-content\/uploads\/2024\/12\/24_M_Bosek_Zyrardow_Dom_Ludowy_str_wsch_barierka-1920x1440.jpg 1920w\" sizes=\"auto, (max-width: 1024px) 100vw, 1024px\" \/><figcaption class=\"wp-element-caption\">Elewacja wschodnia &#8211; barierka. Fot. Ma\u0142gorzata Bosek, 2024 r., \u017ar\u00f3d\u0142o: \u201eFocus na detal\u201d.<\/figcaption><\/figure>\n\n\n\n<figure class=\"wp-block-image size-large\"><img loading=\"lazy\" decoding=\"async\" width=\"1024\" height=\"768\" data-id=\"31795\" src=\"http:\/\/lapidarium.fundacja-hereditas.pl\/wp-content\/uploads\/2024\/12\/25_M_Bosek_Zyrardow_Dom_Ludowy_str_wsch_barierka-1024x768.jpg\" alt=\"\" class=\"wp-image-31795\" srcset=\"http:\/\/lapidarium.fundacja-hereditas.pl\/wp-content\/uploads\/2024\/12\/25_M_Bosek_Zyrardow_Dom_Ludowy_str_wsch_barierka-1024x768.jpg 1024w, http:\/\/lapidarium.fundacja-hereditas.pl\/wp-content\/uploads\/2024\/12\/25_M_Bosek_Zyrardow_Dom_Ludowy_str_wsch_barierka-300x225.jpg 300w, http:\/\/lapidarium.fundacja-hereditas.pl\/wp-content\/uploads\/2024\/12\/25_M_Bosek_Zyrardow_Dom_Ludowy_str_wsch_barierka-768x576.jpg 768w, http:\/\/lapidarium.fundacja-hereditas.pl\/wp-content\/uploads\/2024\/12\/25_M_Bosek_Zyrardow_Dom_Ludowy_str_wsch_barierka-1536x1152.jpg 1536w, http:\/\/lapidarium.fundacja-hereditas.pl\/wp-content\/uploads\/2024\/12\/25_M_Bosek_Zyrardow_Dom_Ludowy_str_wsch_barierka-2048x1536.jpg 2048w, http:\/\/lapidarium.fundacja-hereditas.pl\/wp-content\/uploads\/2024\/12\/25_M_Bosek_Zyrardow_Dom_Ludowy_str_wsch_barierka-150x113.jpg 150w, http:\/\/lapidarium.fundacja-hereditas.pl\/wp-content\/uploads\/2024\/12\/25_M_Bosek_Zyrardow_Dom_Ludowy_str_wsch_barierka-696x522.jpg 696w, http:\/\/lapidarium.fundacja-hereditas.pl\/wp-content\/uploads\/2024\/12\/25_M_Bosek_Zyrardow_Dom_Ludowy_str_wsch_barierka-1068x801.jpg 1068w, http:\/\/lapidarium.fundacja-hereditas.pl\/wp-content\/uploads\/2024\/12\/25_M_Bosek_Zyrardow_Dom_Ludowy_str_wsch_barierka-1920x1440.jpg 1920w\" sizes=\"auto, (max-width: 1024px) 100vw, 1024px\" \/><figcaption class=\"wp-element-caption\">Elewacja wschodnia &#8211; barierka. Fot. Ma\u0142gorzata Bosek, 2024 r., \u017ar\u00f3d\u0142o: \u201eFocus na detal\u201d.<\/figcaption><\/figure>\n\n\n\n<figure class=\"wp-block-image size-large\"><img loading=\"lazy\" decoding=\"async\" width=\"1024\" height=\"680\" data-id=\"31796\" src=\"http:\/\/lapidarium.fundacja-hereditas.pl\/wp-content\/uploads\/2024\/12\/TAdamiak_Zyrardow_J_Pawla_II_elewacja_241130_9849-1024x680.jpg\" alt=\"\" class=\"wp-image-31796\" srcset=\"http:\/\/lapidarium.fundacja-hereditas.pl\/wp-content\/uploads\/2024\/12\/TAdamiak_Zyrardow_J_Pawla_II_elewacja_241130_9849-1024x680.jpg 1024w, http:\/\/lapidarium.fundacja-hereditas.pl\/wp-content\/uploads\/2024\/12\/TAdamiak_Zyrardow_J_Pawla_II_elewacja_241130_9849-300x199.jpg 300w, http:\/\/lapidarium.fundacja-hereditas.pl\/wp-content\/uploads\/2024\/12\/TAdamiak_Zyrardow_J_Pawla_II_elewacja_241130_9849-768x510.jpg 768w, http:\/\/lapidarium.fundacja-hereditas.pl\/wp-content\/uploads\/2024\/12\/TAdamiak_Zyrardow_J_Pawla_II_elewacja_241130_9849-1536x1020.jpg 1536w, http:\/\/lapidarium.fundacja-hereditas.pl\/wp-content\/uploads\/2024\/12\/TAdamiak_Zyrardow_J_Pawla_II_elewacja_241130_9849-2048x1360.jpg 2048w, http:\/\/lapidarium.fundacja-hereditas.pl\/wp-content\/uploads\/2024\/12\/TAdamiak_Zyrardow_J_Pawla_II_elewacja_241130_9849-150x100.jpg 150w, http:\/\/lapidarium.fundacja-hereditas.pl\/wp-content\/uploads\/2024\/12\/TAdamiak_Zyrardow_J_Pawla_II_elewacja_241130_9849-696x462.jpg 696w, http:\/\/lapidarium.fundacja-hereditas.pl\/wp-content\/uploads\/2024\/12\/TAdamiak_Zyrardow_J_Pawla_II_elewacja_241130_9849-1068x709.jpg 1068w, http:\/\/lapidarium.fundacja-hereditas.pl\/wp-content\/uploads\/2024\/12\/TAdamiak_Zyrardow_J_Pawla_II_elewacja_241130_9849-1920x1275.jpg 1920w\" sizes=\"auto, (max-width: 1024px) 100vw, 1024px\" \/><figcaption class=\"wp-element-caption\">Widok og\u00f3lny od strony placu. Fot. Teresa Adamiak, 2024 r., \u017ar\u00f3d\u0142o: \u201eFocus na detal\u201d.<\/figcaption><\/figure>\n\n\n\n<figure class=\"wp-block-image size-large\"><img loading=\"lazy\" decoding=\"async\" width=\"1024\" height=\"680\" data-id=\"31799\" src=\"http:\/\/lapidarium.fundacja-hereditas.pl\/wp-content\/uploads\/2024\/12\/TAdamiak_Zyrardow_J_Pawla_II_elewacja_241130_9850-1024x680.jpg\" alt=\"\" class=\"wp-image-31799\" srcset=\"http:\/\/lapidarium.fundacja-hereditas.pl\/wp-content\/uploads\/2024\/12\/TAdamiak_Zyrardow_J_Pawla_II_elewacja_241130_9850-1024x680.jpg 1024w, http:\/\/lapidarium.fundacja-hereditas.pl\/wp-content\/uploads\/2024\/12\/TAdamiak_Zyrardow_J_Pawla_II_elewacja_241130_9850-300x199.jpg 300w, http:\/\/lapidarium.fundacja-hereditas.pl\/wp-content\/uploads\/2024\/12\/TAdamiak_Zyrardow_J_Pawla_II_elewacja_241130_9850-768x510.jpg 768w, http:\/\/lapidarium.fundacja-hereditas.pl\/wp-content\/uploads\/2024\/12\/TAdamiak_Zyrardow_J_Pawla_II_elewacja_241130_9850-1536x1020.jpg 1536w, http:\/\/lapidarium.fundacja-hereditas.pl\/wp-content\/uploads\/2024\/12\/TAdamiak_Zyrardow_J_Pawla_II_elewacja_241130_9850-2048x1360.jpg 2048w, http:\/\/lapidarium.fundacja-hereditas.pl\/wp-content\/uploads\/2024\/12\/TAdamiak_Zyrardow_J_Pawla_II_elewacja_241130_9850-150x100.jpg 150w, http:\/\/lapidarium.fundacja-hereditas.pl\/wp-content\/uploads\/2024\/12\/TAdamiak_Zyrardow_J_Pawla_II_elewacja_241130_9850-696x462.jpg 696w, http:\/\/lapidarium.fundacja-hereditas.pl\/wp-content\/uploads\/2024\/12\/TAdamiak_Zyrardow_J_Pawla_II_elewacja_241130_9850-1068x709.jpg 1068w, http:\/\/lapidarium.fundacja-hereditas.pl\/wp-content\/uploads\/2024\/12\/TAdamiak_Zyrardow_J_Pawla_II_elewacja_241130_9850-1920x1275.jpg 1920w\" sizes=\"auto, (max-width: 1024px) 100vw, 1024px\" \/><figcaption class=\"wp-element-caption\">Widok og\u00f3lny od strony placu. Fot. Teresa Adamiak, 2024 r., \u017ar\u00f3d\u0142o: \u201eFocus na detal\u201d.<\/figcaption><\/figure>\n\n\n\n<figure class=\"wp-block-image size-large\"><img loading=\"lazy\" decoding=\"async\" width=\"1024\" height=\"680\" data-id=\"31798\" src=\"http:\/\/lapidarium.fundacja-hereditas.pl\/wp-content\/uploads\/2024\/12\/TAdamiak_Zyrardow_J_Pawla_II_elewacja_241130_9851-1024x680.jpg\" alt=\"\" class=\"wp-image-31798\" srcset=\"http:\/\/lapidarium.fundacja-hereditas.pl\/wp-content\/uploads\/2024\/12\/TAdamiak_Zyrardow_J_Pawla_II_elewacja_241130_9851-1024x680.jpg 1024w, http:\/\/lapidarium.fundacja-hereditas.pl\/wp-content\/uploads\/2024\/12\/TAdamiak_Zyrardow_J_Pawla_II_elewacja_241130_9851-300x199.jpg 300w, http:\/\/lapidarium.fundacja-hereditas.pl\/wp-content\/uploads\/2024\/12\/TAdamiak_Zyrardow_J_Pawla_II_elewacja_241130_9851-768x510.jpg 768w, http:\/\/lapidarium.fundacja-hereditas.pl\/wp-content\/uploads\/2024\/12\/TAdamiak_Zyrardow_J_Pawla_II_elewacja_241130_9851-1536x1020.jpg 1536w, http:\/\/lapidarium.fundacja-hereditas.pl\/wp-content\/uploads\/2024\/12\/TAdamiak_Zyrardow_J_Pawla_II_elewacja_241130_9851-2048x1360.jpg 2048w, http:\/\/lapidarium.fundacja-hereditas.pl\/wp-content\/uploads\/2024\/12\/TAdamiak_Zyrardow_J_Pawla_II_elewacja_241130_9851-150x100.jpg 150w, http:\/\/lapidarium.fundacja-hereditas.pl\/wp-content\/uploads\/2024\/12\/TAdamiak_Zyrardow_J_Pawla_II_elewacja_241130_9851-696x462.jpg 696w, http:\/\/lapidarium.fundacja-hereditas.pl\/wp-content\/uploads\/2024\/12\/TAdamiak_Zyrardow_J_Pawla_II_elewacja_241130_9851-1068x709.jpg 1068w, http:\/\/lapidarium.fundacja-hereditas.pl\/wp-content\/uploads\/2024\/12\/TAdamiak_Zyrardow_J_Pawla_II_elewacja_241130_9851-1920x1275.jpg 1920w\" sizes=\"auto, (max-width: 1024px) 100vw, 1024px\" \/><figcaption class=\"wp-element-caption\">Elewacja zachodnia. Fot. Teresa Adamiak, 2024 r., \u017ar\u00f3d\u0142o: \u201eFocus na detal\u201d.<\/figcaption><\/figure>\n\n\n\n<figure class=\"wp-block-image size-large\"><img loading=\"lazy\" decoding=\"async\" width=\"680\" height=\"1024\" data-id=\"31801\" src=\"http:\/\/lapidarium.fundacja-hereditas.pl\/wp-content\/uploads\/2024\/12\/TAdamiak_Zyrardow_J_Pawla_II_elewacja_241130_9852-680x1024.jpg\" alt=\"\" class=\"wp-image-31801\" srcset=\"http:\/\/lapidarium.fundacja-hereditas.pl\/wp-content\/uploads\/2024\/12\/TAdamiak_Zyrardow_J_Pawla_II_elewacja_241130_9852-680x1024.jpg 680w, http:\/\/lapidarium.fundacja-hereditas.pl\/wp-content\/uploads\/2024\/12\/TAdamiak_Zyrardow_J_Pawla_II_elewacja_241130_9852-199x300.jpg 199w, http:\/\/lapidarium.fundacja-hereditas.pl\/wp-content\/uploads\/2024\/12\/TAdamiak_Zyrardow_J_Pawla_II_elewacja_241130_9852-768x1156.jpg 768w, http:\/\/lapidarium.fundacja-hereditas.pl\/wp-content\/uploads\/2024\/12\/TAdamiak_Zyrardow_J_Pawla_II_elewacja_241130_9852-1020x1536.jpg 1020w, http:\/\/lapidarium.fundacja-hereditas.pl\/wp-content\/uploads\/2024\/12\/TAdamiak_Zyrardow_J_Pawla_II_elewacja_241130_9852-1360x2048.jpg 1360w, http:\/\/lapidarium.fundacja-hereditas.pl\/wp-content\/uploads\/2024\/12\/TAdamiak_Zyrardow_J_Pawla_II_elewacja_241130_9852-150x226.jpg 150w, http:\/\/lapidarium.fundacja-hereditas.pl\/wp-content\/uploads\/2024\/12\/TAdamiak_Zyrardow_J_Pawla_II_elewacja_241130_9852-300x452.jpg 300w, http:\/\/lapidarium.fundacja-hereditas.pl\/wp-content\/uploads\/2024\/12\/TAdamiak_Zyrardow_J_Pawla_II_elewacja_241130_9852-696x1048.jpg 696w, http:\/\/lapidarium.fundacja-hereditas.pl\/wp-content\/uploads\/2024\/12\/TAdamiak_Zyrardow_J_Pawla_II_elewacja_241130_9852-1068x1608.jpg 1068w, http:\/\/lapidarium.fundacja-hereditas.pl\/wp-content\/uploads\/2024\/12\/TAdamiak_Zyrardow_J_Pawla_II_elewacja_241130_9852-1920x2891.jpg 1920w, http:\/\/lapidarium.fundacja-hereditas.pl\/wp-content\/uploads\/2024\/12\/TAdamiak_Zyrardow_J_Pawla_II_elewacja_241130_9852-scaled.jpg 1700w\" sizes=\"auto, (max-width: 680px) 100vw, 680px\" \/><figcaption class=\"wp-element-caption\">Elewacja zachodnia. Fot. Teresa Adamiak, 2024 r., \u017ar\u00f3d\u0142o: \u201eFocus na detal\u201d.<\/figcaption><\/figure>\n\n\n\n<figure class=\"wp-block-image size-large\"><img loading=\"lazy\" decoding=\"async\" width=\"1024\" height=\"680\" data-id=\"31797\" src=\"http:\/\/lapidarium.fundacja-hereditas.pl\/wp-content\/uploads\/2024\/12\/TAdamiak_Zyrardow_J_Pawla_II_elewacja_241130_9853-1024x680.jpg\" alt=\"\" class=\"wp-image-31797\" srcset=\"http:\/\/lapidarium.fundacja-hereditas.pl\/wp-content\/uploads\/2024\/12\/TAdamiak_Zyrardow_J_Pawla_II_elewacja_241130_9853-1024x680.jpg 1024w, http:\/\/lapidarium.fundacja-hereditas.pl\/wp-content\/uploads\/2024\/12\/TAdamiak_Zyrardow_J_Pawla_II_elewacja_241130_9853-300x199.jpg 300w, http:\/\/lapidarium.fundacja-hereditas.pl\/wp-content\/uploads\/2024\/12\/TAdamiak_Zyrardow_J_Pawla_II_elewacja_241130_9853-768x510.jpg 768w, http:\/\/lapidarium.fundacja-hereditas.pl\/wp-content\/uploads\/2024\/12\/TAdamiak_Zyrardow_J_Pawla_II_elewacja_241130_9853-1536x1020.jpg 1536w, http:\/\/lapidarium.fundacja-hereditas.pl\/wp-content\/uploads\/2024\/12\/TAdamiak_Zyrardow_J_Pawla_II_elewacja_241130_9853-2048x1360.jpg 2048w, http:\/\/lapidarium.fundacja-hereditas.pl\/wp-content\/uploads\/2024\/12\/TAdamiak_Zyrardow_J_Pawla_II_elewacja_241130_9853-150x100.jpg 150w, http:\/\/lapidarium.fundacja-hereditas.pl\/wp-content\/uploads\/2024\/12\/TAdamiak_Zyrardow_J_Pawla_II_elewacja_241130_9853-696x462.jpg 696w, http:\/\/lapidarium.fundacja-hereditas.pl\/wp-content\/uploads\/2024\/12\/TAdamiak_Zyrardow_J_Pawla_II_elewacja_241130_9853-1068x709.jpg 1068w, http:\/\/lapidarium.fundacja-hereditas.pl\/wp-content\/uploads\/2024\/12\/TAdamiak_Zyrardow_J_Pawla_II_elewacja_241130_9853-1920x1275.jpg 1920w\" sizes=\"auto, (max-width: 1024px) 100vw, 1024px\" \/><figcaption class=\"wp-element-caption\">Widok od p\u00f3\u0142nocy. Fot. Teresa Adamiak, 2024 r., \u017ar\u00f3d\u0142o: \u201eFocus na detal\u201d.<\/figcaption><\/figure>\n\n\n\n<figure class=\"wp-block-image size-large\"><img loading=\"lazy\" decoding=\"async\" width=\"680\" height=\"1024\" data-id=\"31800\" src=\"http:\/\/lapidarium.fundacja-hereditas.pl\/wp-content\/uploads\/2024\/12\/TAdamiak_Zyrardow_J_Pawla_II_elewacja_241130_9854-680x1024.jpg\" alt=\"\" class=\"wp-image-31800\" srcset=\"http:\/\/lapidarium.fundacja-hereditas.pl\/wp-content\/uploads\/2024\/12\/TAdamiak_Zyrardow_J_Pawla_II_elewacja_241130_9854-680x1024.jpg 680w, http:\/\/lapidarium.fundacja-hereditas.pl\/wp-content\/uploads\/2024\/12\/TAdamiak_Zyrardow_J_Pawla_II_elewacja_241130_9854-199x300.jpg 199w, http:\/\/lapidarium.fundacja-hereditas.pl\/wp-content\/uploads\/2024\/12\/TAdamiak_Zyrardow_J_Pawla_II_elewacja_241130_9854-768x1156.jpg 768w, http:\/\/lapidarium.fundacja-hereditas.pl\/wp-content\/uploads\/2024\/12\/TAdamiak_Zyrardow_J_Pawla_II_elewacja_241130_9854-1020x1536.jpg 1020w, http:\/\/lapidarium.fundacja-hereditas.pl\/wp-content\/uploads\/2024\/12\/TAdamiak_Zyrardow_J_Pawla_II_elewacja_241130_9854-1360x2048.jpg 1360w, http:\/\/lapidarium.fundacja-hereditas.pl\/wp-content\/uploads\/2024\/12\/TAdamiak_Zyrardow_J_Pawla_II_elewacja_241130_9854-150x226.jpg 150w, http:\/\/lapidarium.fundacja-hereditas.pl\/wp-content\/uploads\/2024\/12\/TAdamiak_Zyrardow_J_Pawla_II_elewacja_241130_9854-300x452.jpg 300w, http:\/\/lapidarium.fundacja-hereditas.pl\/wp-content\/uploads\/2024\/12\/TAdamiak_Zyrardow_J_Pawla_II_elewacja_241130_9854-696x1048.jpg 696w, http:\/\/lapidarium.fundacja-hereditas.pl\/wp-content\/uploads\/2024\/12\/TAdamiak_Zyrardow_J_Pawla_II_elewacja_241130_9854-1068x1608.jpg 1068w, http:\/\/lapidarium.fundacja-hereditas.pl\/wp-content\/uploads\/2024\/12\/TAdamiak_Zyrardow_J_Pawla_II_elewacja_241130_9854-1920x2891.jpg 1920w, http:\/\/lapidarium.fundacja-hereditas.pl\/wp-content\/uploads\/2024\/12\/TAdamiak_Zyrardow_J_Pawla_II_elewacja_241130_9854-scaled.jpg 1700w\" sizes=\"auto, (max-width: 680px) 100vw, 680px\" \/><figcaption class=\"wp-element-caption\">Elewacja wschodnia. Fot. Teresa Adamiak, 2024 r., \u017ar\u00f3d\u0142o: \u201eFocus na detal\u201d.<\/figcaption><\/figure>\n\n\n\n<figure class=\"wp-block-image size-large\"><img loading=\"lazy\" decoding=\"async\" width=\"1024\" height=\"680\" data-id=\"31802\" src=\"http:\/\/lapidarium.fundacja-hereditas.pl\/wp-content\/uploads\/2024\/12\/TAdamiak_Zyrardow_J_Pawla_II_elewacja_241130_9855-1024x680.jpg\" alt=\"\" class=\"wp-image-31802\" srcset=\"http:\/\/lapidarium.fundacja-hereditas.pl\/wp-content\/uploads\/2024\/12\/TAdamiak_Zyrardow_J_Pawla_II_elewacja_241130_9855-1024x680.jpg 1024w, http:\/\/lapidarium.fundacja-hereditas.pl\/wp-content\/uploads\/2024\/12\/TAdamiak_Zyrardow_J_Pawla_II_elewacja_241130_9855-300x199.jpg 300w, http:\/\/lapidarium.fundacja-hereditas.pl\/wp-content\/uploads\/2024\/12\/TAdamiak_Zyrardow_J_Pawla_II_elewacja_241130_9855-768x510.jpg 768w, http:\/\/lapidarium.fundacja-hereditas.pl\/wp-content\/uploads\/2024\/12\/TAdamiak_Zyrardow_J_Pawla_II_elewacja_241130_9855-1536x1020.jpg 1536w, http:\/\/lapidarium.fundacja-hereditas.pl\/wp-content\/uploads\/2024\/12\/TAdamiak_Zyrardow_J_Pawla_II_elewacja_241130_9855-2048x1360.jpg 2048w, http:\/\/lapidarium.fundacja-hereditas.pl\/wp-content\/uploads\/2024\/12\/TAdamiak_Zyrardow_J_Pawla_II_elewacja_241130_9855-150x100.jpg 150w, http:\/\/lapidarium.fundacja-hereditas.pl\/wp-content\/uploads\/2024\/12\/TAdamiak_Zyrardow_J_Pawla_II_elewacja_241130_9855-696x462.jpg 696w, http:\/\/lapidarium.fundacja-hereditas.pl\/wp-content\/uploads\/2024\/12\/TAdamiak_Zyrardow_J_Pawla_II_elewacja_241130_9855-1068x709.jpg 1068w, http:\/\/lapidarium.fundacja-hereditas.pl\/wp-content\/uploads\/2024\/12\/TAdamiak_Zyrardow_J_Pawla_II_elewacja_241130_9855-1920x1275.jpg 1920w\" sizes=\"auto, (max-width: 1024px) 100vw, 1024px\" \/><figcaption class=\"wp-element-caption\">Elewacja wschodnia. Fot. Teresa Adamiak, 2024 r., \u017ar\u00f3d\u0142o: \u201eFocus na detal\u201d.<\/figcaption><\/figure>\n\n\n\n<figure class=\"wp-block-image size-large\"><img loading=\"lazy\" decoding=\"async\" width=\"680\" height=\"1024\" data-id=\"31803\" src=\"http:\/\/lapidarium.fundacja-hereditas.pl\/wp-content\/uploads\/2024\/12\/TAdamiak_Zyrardow_J_Pawla_II_elewacja_241130_9856-680x1024.jpg\" alt=\"\" class=\"wp-image-31803\" srcset=\"http:\/\/lapidarium.fundacja-hereditas.pl\/wp-content\/uploads\/2024\/12\/TAdamiak_Zyrardow_J_Pawla_II_elewacja_241130_9856-680x1024.jpg 680w, http:\/\/lapidarium.fundacja-hereditas.pl\/wp-content\/uploads\/2024\/12\/TAdamiak_Zyrardow_J_Pawla_II_elewacja_241130_9856-199x300.jpg 199w, http:\/\/lapidarium.fundacja-hereditas.pl\/wp-content\/uploads\/2024\/12\/TAdamiak_Zyrardow_J_Pawla_II_elewacja_241130_9856-768x1156.jpg 768w, http:\/\/lapidarium.fundacja-hereditas.pl\/wp-content\/uploads\/2024\/12\/TAdamiak_Zyrardow_J_Pawla_II_elewacja_241130_9856-1020x1536.jpg 1020w, http:\/\/lapidarium.fundacja-hereditas.pl\/wp-content\/uploads\/2024\/12\/TAdamiak_Zyrardow_J_Pawla_II_elewacja_241130_9856-1360x2048.jpg 1360w, http:\/\/lapidarium.fundacja-hereditas.pl\/wp-content\/uploads\/2024\/12\/TAdamiak_Zyrardow_J_Pawla_II_elewacja_241130_9856-150x226.jpg 150w, http:\/\/lapidarium.fundacja-hereditas.pl\/wp-content\/uploads\/2024\/12\/TAdamiak_Zyrardow_J_Pawla_II_elewacja_241130_9856-300x452.jpg 300w, http:\/\/lapidarium.fundacja-hereditas.pl\/wp-content\/uploads\/2024\/12\/TAdamiak_Zyrardow_J_Pawla_II_elewacja_241130_9856-696x1048.jpg 696w, http:\/\/lapidarium.fundacja-hereditas.pl\/wp-content\/uploads\/2024\/12\/TAdamiak_Zyrardow_J_Pawla_II_elewacja_241130_9856-1068x1608.jpg 1068w, http:\/\/lapidarium.fundacja-hereditas.pl\/wp-content\/uploads\/2024\/12\/TAdamiak_Zyrardow_J_Pawla_II_elewacja_241130_9856-1920x2891.jpg 1920w, http:\/\/lapidarium.fundacja-hereditas.pl\/wp-content\/uploads\/2024\/12\/TAdamiak_Zyrardow_J_Pawla_II_elewacja_241130_9856-scaled.jpg 1700w\" sizes=\"auto, (max-width: 680px) 100vw, 680px\" \/><figcaption class=\"wp-element-caption\">Elewacja wschodnia. Fot. Teresa Adamiak, 2024 r., \u017ar\u00f3d\u0142o: \u201eFocus na detal\u201d.<\/figcaption><\/figure>\n\n\n\n<figure class=\"wp-block-image size-large\"><img loading=\"lazy\" decoding=\"async\" width=\"680\" height=\"1024\" data-id=\"31804\" src=\"http:\/\/lapidarium.fundacja-hereditas.pl\/wp-content\/uploads\/2024\/12\/TAdamiak_Zyrardow_J_Pawla_II_elewacja_241130_9857-680x1024.jpg\" alt=\"\" class=\"wp-image-31804\" srcset=\"http:\/\/lapidarium.fundacja-hereditas.pl\/wp-content\/uploads\/2024\/12\/TAdamiak_Zyrardow_J_Pawla_II_elewacja_241130_9857-680x1024.jpg 680w, http:\/\/lapidarium.fundacja-hereditas.pl\/wp-content\/uploads\/2024\/12\/TAdamiak_Zyrardow_J_Pawla_II_elewacja_241130_9857-199x300.jpg 199w, http:\/\/lapidarium.fundacja-hereditas.pl\/wp-content\/uploads\/2024\/12\/TAdamiak_Zyrardow_J_Pawla_II_elewacja_241130_9857-768x1156.jpg 768w, http:\/\/lapidarium.fundacja-hereditas.pl\/wp-content\/uploads\/2024\/12\/TAdamiak_Zyrardow_J_Pawla_II_elewacja_241130_9857-1020x1536.jpg 1020w, http:\/\/lapidarium.fundacja-hereditas.pl\/wp-content\/uploads\/2024\/12\/TAdamiak_Zyrardow_J_Pawla_II_elewacja_241130_9857-1360x2048.jpg 1360w, http:\/\/lapidarium.fundacja-hereditas.pl\/wp-content\/uploads\/2024\/12\/TAdamiak_Zyrardow_J_Pawla_II_elewacja_241130_9857-150x226.jpg 150w, http:\/\/lapidarium.fundacja-hereditas.pl\/wp-content\/uploads\/2024\/12\/TAdamiak_Zyrardow_J_Pawla_II_elewacja_241130_9857-300x452.jpg 300w, http:\/\/lapidarium.fundacja-hereditas.pl\/wp-content\/uploads\/2024\/12\/TAdamiak_Zyrardow_J_Pawla_II_elewacja_241130_9857-696x1048.jpg 696w, http:\/\/lapidarium.fundacja-hereditas.pl\/wp-content\/uploads\/2024\/12\/TAdamiak_Zyrardow_J_Pawla_II_elewacja_241130_9857-1068x1608.jpg 1068w, http:\/\/lapidarium.fundacja-hereditas.pl\/wp-content\/uploads\/2024\/12\/TAdamiak_Zyrardow_J_Pawla_II_elewacja_241130_9857-1920x2891.jpg 1920w, http:\/\/lapidarium.fundacja-hereditas.pl\/wp-content\/uploads\/2024\/12\/TAdamiak_Zyrardow_J_Pawla_II_elewacja_241130_9857-scaled.jpg 1700w\" sizes=\"auto, (max-width: 680px) 100vw, 680px\" \/><figcaption class=\"wp-element-caption\">Elewacja wschodnia. Fot. Teresa Adamiak, 2024 r., \u017ar\u00f3d\u0142o: \u201eFocus na detal\u201d.<\/figcaption><\/figure>\n\n\n\n<figure class=\"wp-block-image size-large\"><img loading=\"lazy\" decoding=\"async\" width=\"1024\" height=\"680\" data-id=\"31805\" src=\"http:\/\/lapidarium.fundacja-hereditas.pl\/wp-content\/uploads\/2024\/12\/TAdamiak_Zyrardow_J_Pawla_II_elewacja_241130_9858-1024x680.jpg\" alt=\"\" class=\"wp-image-31805\" srcset=\"http:\/\/lapidarium.fundacja-hereditas.pl\/wp-content\/uploads\/2024\/12\/TAdamiak_Zyrardow_J_Pawla_II_elewacja_241130_9858-1024x680.jpg 1024w, http:\/\/lapidarium.fundacja-hereditas.pl\/wp-content\/uploads\/2024\/12\/TAdamiak_Zyrardow_J_Pawla_II_elewacja_241130_9858-300x199.jpg 300w, http:\/\/lapidarium.fundacja-hereditas.pl\/wp-content\/uploads\/2024\/12\/TAdamiak_Zyrardow_J_Pawla_II_elewacja_241130_9858-768x510.jpg 768w, http:\/\/lapidarium.fundacja-hereditas.pl\/wp-content\/uploads\/2024\/12\/TAdamiak_Zyrardow_J_Pawla_II_elewacja_241130_9858-1536x1020.jpg 1536w, http:\/\/lapidarium.fundacja-hereditas.pl\/wp-content\/uploads\/2024\/12\/TAdamiak_Zyrardow_J_Pawla_II_elewacja_241130_9858-2048x1360.jpg 2048w, http:\/\/lapidarium.fundacja-hereditas.pl\/wp-content\/uploads\/2024\/12\/TAdamiak_Zyrardow_J_Pawla_II_elewacja_241130_9858-150x100.jpg 150w, http:\/\/lapidarium.fundacja-hereditas.pl\/wp-content\/uploads\/2024\/12\/TAdamiak_Zyrardow_J_Pawla_II_elewacja_241130_9858-696x462.jpg 696w, http:\/\/lapidarium.fundacja-hereditas.pl\/wp-content\/uploads\/2024\/12\/TAdamiak_Zyrardow_J_Pawla_II_elewacja_241130_9858-1068x709.jpg 1068w, http:\/\/lapidarium.fundacja-hereditas.pl\/wp-content\/uploads\/2024\/12\/TAdamiak_Zyrardow_J_Pawla_II_elewacja_241130_9858-1920x1275.jpg 1920w\" sizes=\"auto, (max-width: 1024px) 100vw, 1024px\" \/><figcaption class=\"wp-element-caption\">Elewacja wschodnia. Fot. Teresa Adamiak, 2024 r., \u017ar\u00f3d\u0142o: \u201eFocus na detal\u201d.<\/figcaption><\/figure>\n\n\n\n<figure class=\"wp-block-image size-large\"><img loading=\"lazy\" decoding=\"async\" width=\"1024\" height=\"680\" data-id=\"31807\" src=\"http:\/\/lapidarium.fundacja-hereditas.pl\/wp-content\/uploads\/2024\/12\/TAdamiak_Zyrardow_J_Pawla_II_elewacja_241130_9859-1024x680.jpg\" alt=\"\" class=\"wp-image-31807\" srcset=\"http:\/\/lapidarium.fundacja-hereditas.pl\/wp-content\/uploads\/2024\/12\/TAdamiak_Zyrardow_J_Pawla_II_elewacja_241130_9859-1024x680.jpg 1024w, http:\/\/lapidarium.fundacja-hereditas.pl\/wp-content\/uploads\/2024\/12\/TAdamiak_Zyrardow_J_Pawla_II_elewacja_241130_9859-300x199.jpg 300w, http:\/\/lapidarium.fundacja-hereditas.pl\/wp-content\/uploads\/2024\/12\/TAdamiak_Zyrardow_J_Pawla_II_elewacja_241130_9859-768x510.jpg 768w, http:\/\/lapidarium.fundacja-hereditas.pl\/wp-content\/uploads\/2024\/12\/TAdamiak_Zyrardow_J_Pawla_II_elewacja_241130_9859-1536x1020.jpg 1536w, http:\/\/lapidarium.fundacja-hereditas.pl\/wp-content\/uploads\/2024\/12\/TAdamiak_Zyrardow_J_Pawla_II_elewacja_241130_9859-2048x1360.jpg 2048w, http:\/\/lapidarium.fundacja-hereditas.pl\/wp-content\/uploads\/2024\/12\/TAdamiak_Zyrardow_J_Pawla_II_elewacja_241130_9859-150x100.jpg 150w, http:\/\/lapidarium.fundacja-hereditas.pl\/wp-content\/uploads\/2024\/12\/TAdamiak_Zyrardow_J_Pawla_II_elewacja_241130_9859-696x462.jpg 696w, http:\/\/lapidarium.fundacja-hereditas.pl\/wp-content\/uploads\/2024\/12\/TAdamiak_Zyrardow_J_Pawla_II_elewacja_241130_9859-1068x709.jpg 1068w, http:\/\/lapidarium.fundacja-hereditas.pl\/wp-content\/uploads\/2024\/12\/TAdamiak_Zyrardow_J_Pawla_II_elewacja_241130_9859-1920x1275.jpg 1920w\" sizes=\"auto, (max-width: 1024px) 100vw, 1024px\" \/><figcaption class=\"wp-element-caption\">Elewacja wschodnia. Fot. Teresa Adamiak, 2024 r., \u017ar\u00f3d\u0142o: \u201eFocus na detal\u201d.<\/figcaption><\/figure>\n\n\n\n<figure class=\"wp-block-image size-large\"><img loading=\"lazy\" decoding=\"async\" width=\"1024\" height=\"680\" data-id=\"31806\" src=\"http:\/\/lapidarium.fundacja-hereditas.pl\/wp-content\/uploads\/2024\/12\/TAdamiak_Zyrardow_J_Pawla_II_elewacja_241130_9865-1024x680.jpg\" alt=\"\" class=\"wp-image-31806\" srcset=\"http:\/\/lapidarium.fundacja-hereditas.pl\/wp-content\/uploads\/2024\/12\/TAdamiak_Zyrardow_J_Pawla_II_elewacja_241130_9865-1024x680.jpg 1024w, http:\/\/lapidarium.fundacja-hereditas.pl\/wp-content\/uploads\/2024\/12\/TAdamiak_Zyrardow_J_Pawla_II_elewacja_241130_9865-300x199.jpg 300w, http:\/\/lapidarium.fundacja-hereditas.pl\/wp-content\/uploads\/2024\/12\/TAdamiak_Zyrardow_J_Pawla_II_elewacja_241130_9865-768x510.jpg 768w, http:\/\/lapidarium.fundacja-hereditas.pl\/wp-content\/uploads\/2024\/12\/TAdamiak_Zyrardow_J_Pawla_II_elewacja_241130_9865-1536x1020.jpg 1536w, http:\/\/lapidarium.fundacja-hereditas.pl\/wp-content\/uploads\/2024\/12\/TAdamiak_Zyrardow_J_Pawla_II_elewacja_241130_9865-2048x1360.jpg 2048w, http:\/\/lapidarium.fundacja-hereditas.pl\/wp-content\/uploads\/2024\/12\/TAdamiak_Zyrardow_J_Pawla_II_elewacja_241130_9865-150x100.jpg 150w, http:\/\/lapidarium.fundacja-hereditas.pl\/wp-content\/uploads\/2024\/12\/TAdamiak_Zyrardow_J_Pawla_II_elewacja_241130_9865-696x462.jpg 696w, http:\/\/lapidarium.fundacja-hereditas.pl\/wp-content\/uploads\/2024\/12\/TAdamiak_Zyrardow_J_Pawla_II_elewacja_241130_9865-1068x709.jpg 1068w, http:\/\/lapidarium.fundacja-hereditas.pl\/wp-content\/uploads\/2024\/12\/TAdamiak_Zyrardow_J_Pawla_II_elewacja_241130_9865-1920x1275.jpg 1920w\" sizes=\"auto, (max-width: 1024px) 100vw, 1024px\" \/><figcaption class=\"wp-element-caption\">Elewacja p\u00f3\u0142nocna. Fot. Teresa Adamiak, 2024 r., \u017ar\u00f3d\u0142o: \u201eFocus na detal\u201d.<\/figcaption><\/figure>\n\n\n\n<figure class=\"wp-block-image size-large\"><img loading=\"lazy\" decoding=\"async\" width=\"768\" height=\"1024\" data-id=\"31808\" src=\"http:\/\/lapidarium.fundacja-hereditas.pl\/wp-content\/uploads\/2024\/12\/TAdamiak_Zyrardow_J_Pawla_II_kino_241130_20241130121419-768x1024.jpg\" alt=\"\" class=\"wp-image-31808\" srcset=\"http:\/\/lapidarium.fundacja-hereditas.pl\/wp-content\/uploads\/2024\/12\/TAdamiak_Zyrardow_J_Pawla_II_kino_241130_20241130121419-768x1024.jpg 768w, http:\/\/lapidarium.fundacja-hereditas.pl\/wp-content\/uploads\/2024\/12\/TAdamiak_Zyrardow_J_Pawla_II_kino_241130_20241130121419-225x300.jpg 225w, http:\/\/lapidarium.fundacja-hereditas.pl\/wp-content\/uploads\/2024\/12\/TAdamiak_Zyrardow_J_Pawla_II_kino_241130_20241130121419-1152x1536.jpg 1152w, http:\/\/lapidarium.fundacja-hereditas.pl\/wp-content\/uploads\/2024\/12\/TAdamiak_Zyrardow_J_Pawla_II_kino_241130_20241130121419-1536x2048.jpg 1536w, http:\/\/lapidarium.fundacja-hereditas.pl\/wp-content\/uploads\/2024\/12\/TAdamiak_Zyrardow_J_Pawla_II_kino_241130_20241130121419-150x200.jpg 150w, http:\/\/lapidarium.fundacja-hereditas.pl\/wp-content\/uploads\/2024\/12\/TAdamiak_Zyrardow_J_Pawla_II_kino_241130_20241130121419-300x400.jpg 300w, http:\/\/lapidarium.fundacja-hereditas.pl\/wp-content\/uploads\/2024\/12\/TAdamiak_Zyrardow_J_Pawla_II_kino_241130_20241130121419-696x928.jpg 696w, http:\/\/lapidarium.fundacja-hereditas.pl\/wp-content\/uploads\/2024\/12\/TAdamiak_Zyrardow_J_Pawla_II_kino_241130_20241130121419-1068x1424.jpg 1068w, http:\/\/lapidarium.fundacja-hereditas.pl\/wp-content\/uploads\/2024\/12\/TAdamiak_Zyrardow_J_Pawla_II_kino_241130_20241130121419-scaled.jpg 1920w\" sizes=\"auto, (max-width: 768px) 100vw, 768px\" \/><figcaption class=\"wp-element-caption\">Wn\u0119trze sali kinowej. Fot. Teresa Adamiak, 2024 r., \u017ar\u00f3d\u0142o: \u201eFocus na detal\u201d.<\/figcaption><\/figure>\n\n\n\n<figure class=\"wp-block-image size-large\"><img loading=\"lazy\" decoding=\"async\" width=\"1024\" height=\"768\" data-id=\"31809\" src=\"http:\/\/lapidarium.fundacja-hereditas.pl\/wp-content\/uploads\/2024\/12\/TAdamiak_Zyrardow_J_Pawla_II_kino_241130_20241130121424-1024x768.jpg\" alt=\"\" class=\"wp-image-31809\" srcset=\"http:\/\/lapidarium.fundacja-hereditas.pl\/wp-content\/uploads\/2024\/12\/TAdamiak_Zyrardow_J_Pawla_II_kino_241130_20241130121424-1024x768.jpg 1024w, http:\/\/lapidarium.fundacja-hereditas.pl\/wp-content\/uploads\/2024\/12\/TAdamiak_Zyrardow_J_Pawla_II_kino_241130_20241130121424-300x225.jpg 300w, http:\/\/lapidarium.fundacja-hereditas.pl\/wp-content\/uploads\/2024\/12\/TAdamiak_Zyrardow_J_Pawla_II_kino_241130_20241130121424-768x576.jpg 768w, http:\/\/lapidarium.fundacja-hereditas.pl\/wp-content\/uploads\/2024\/12\/TAdamiak_Zyrardow_J_Pawla_II_kino_241130_20241130121424-1536x1152.jpg 1536w, http:\/\/lapidarium.fundacja-hereditas.pl\/wp-content\/uploads\/2024\/12\/TAdamiak_Zyrardow_J_Pawla_II_kino_241130_20241130121424-2048x1536.jpg 2048w, http:\/\/lapidarium.fundacja-hereditas.pl\/wp-content\/uploads\/2024\/12\/TAdamiak_Zyrardow_J_Pawla_II_kino_241130_20241130121424-150x113.jpg 150w, http:\/\/lapidarium.fundacja-hereditas.pl\/wp-content\/uploads\/2024\/12\/TAdamiak_Zyrardow_J_Pawla_II_kino_241130_20241130121424-696x522.jpg 696w, http:\/\/lapidarium.fundacja-hereditas.pl\/wp-content\/uploads\/2024\/12\/TAdamiak_Zyrardow_J_Pawla_II_kino_241130_20241130121424-1068x801.jpg 1068w, http:\/\/lapidarium.fundacja-hereditas.pl\/wp-content\/uploads\/2024\/12\/TAdamiak_Zyrardow_J_Pawla_II_kino_241130_20241130121424-1920x1440.jpg 1920w\" sizes=\"auto, (max-width: 1024px) 100vw, 1024px\" \/><figcaption class=\"wp-element-caption\">Wn\u0119trze sali kinowej. Fot. Teresa Adamiak, 2024 r., \u017ar\u00f3d\u0142o: \u201eFocus na detal\u201d.<\/figcaption><\/figure>\n\n\n\n<figure class=\"wp-block-image size-large\"><img loading=\"lazy\" decoding=\"async\" width=\"768\" height=\"1024\" data-id=\"31810\" src=\"http:\/\/lapidarium.fundacja-hereditas.pl\/wp-content\/uploads\/2024\/12\/TAdamiak_Zyrardow_J_Pawla_II_kino_241130_20241130121426-768x1024.jpg\" alt=\"\" class=\"wp-image-31810\" srcset=\"http:\/\/lapidarium.fundacja-hereditas.pl\/wp-content\/uploads\/2024\/12\/TAdamiak_Zyrardow_J_Pawla_II_kino_241130_20241130121426-768x1024.jpg 768w, http:\/\/lapidarium.fundacja-hereditas.pl\/wp-content\/uploads\/2024\/12\/TAdamiak_Zyrardow_J_Pawla_II_kino_241130_20241130121426-225x300.jpg 225w, http:\/\/lapidarium.fundacja-hereditas.pl\/wp-content\/uploads\/2024\/12\/TAdamiak_Zyrardow_J_Pawla_II_kino_241130_20241130121426-1152x1536.jpg 1152w, http:\/\/lapidarium.fundacja-hereditas.pl\/wp-content\/uploads\/2024\/12\/TAdamiak_Zyrardow_J_Pawla_II_kino_241130_20241130121426-1536x2048.jpg 1536w, http:\/\/lapidarium.fundacja-hereditas.pl\/wp-content\/uploads\/2024\/12\/TAdamiak_Zyrardow_J_Pawla_II_kino_241130_20241130121426-150x200.jpg 150w, http:\/\/lapidarium.fundacja-hereditas.pl\/wp-content\/uploads\/2024\/12\/TAdamiak_Zyrardow_J_Pawla_II_kino_241130_20241130121426-300x400.jpg 300w, http:\/\/lapidarium.fundacja-hereditas.pl\/wp-content\/uploads\/2024\/12\/TAdamiak_Zyrardow_J_Pawla_II_kino_241130_20241130121426-696x928.jpg 696w, http:\/\/lapidarium.fundacja-hereditas.pl\/wp-content\/uploads\/2024\/12\/TAdamiak_Zyrardow_J_Pawla_II_kino_241130_20241130121426-1068x1424.jpg 1068w, http:\/\/lapidarium.fundacja-hereditas.pl\/wp-content\/uploads\/2024\/12\/TAdamiak_Zyrardow_J_Pawla_II_kino_241130_20241130121426-scaled.jpg 1920w\" sizes=\"auto, (max-width: 768px) 100vw, 768px\" \/><figcaption class=\"wp-element-caption\">Wn\u0119trze sali kinowej. Fot. Teresa Adamiak, 2024 r., \u017ar\u00f3d\u0142o: \u201eFocus na detal\u201d.<\/figcaption><\/figure>\n\n\n\n<figure class=\"wp-block-image size-large\"><img loading=\"lazy\" decoding=\"async\" width=\"1024\" height=\"768\" data-id=\"31812\" src=\"http:\/\/lapidarium.fundacja-hereditas.pl\/wp-content\/uploads\/2024\/12\/TAdamiak_Zyrardow_J_Pawla_II_kino_241130_20241130121546-1024x768.jpg\" alt=\"\" class=\"wp-image-31812\" srcset=\"http:\/\/lapidarium.fundacja-hereditas.pl\/wp-content\/uploads\/2024\/12\/TAdamiak_Zyrardow_J_Pawla_II_kino_241130_20241130121546-1024x768.jpg 1024w, http:\/\/lapidarium.fundacja-hereditas.pl\/wp-content\/uploads\/2024\/12\/TAdamiak_Zyrardow_J_Pawla_II_kino_241130_20241130121546-300x225.jpg 300w, http:\/\/lapidarium.fundacja-hereditas.pl\/wp-content\/uploads\/2024\/12\/TAdamiak_Zyrardow_J_Pawla_II_kino_241130_20241130121546-768x576.jpg 768w, http:\/\/lapidarium.fundacja-hereditas.pl\/wp-content\/uploads\/2024\/12\/TAdamiak_Zyrardow_J_Pawla_II_kino_241130_20241130121546-1536x1152.jpg 1536w, http:\/\/lapidarium.fundacja-hereditas.pl\/wp-content\/uploads\/2024\/12\/TAdamiak_Zyrardow_J_Pawla_II_kino_241130_20241130121546-2048x1536.jpg 2048w, http:\/\/lapidarium.fundacja-hereditas.pl\/wp-content\/uploads\/2024\/12\/TAdamiak_Zyrardow_J_Pawla_II_kino_241130_20241130121546-150x113.jpg 150w, http:\/\/lapidarium.fundacja-hereditas.pl\/wp-content\/uploads\/2024\/12\/TAdamiak_Zyrardow_J_Pawla_II_kino_241130_20241130121546-696x522.jpg 696w, http:\/\/lapidarium.fundacja-hereditas.pl\/wp-content\/uploads\/2024\/12\/TAdamiak_Zyrardow_J_Pawla_II_kino_241130_20241130121546-1068x801.jpg 1068w, http:\/\/lapidarium.fundacja-hereditas.pl\/wp-content\/uploads\/2024\/12\/TAdamiak_Zyrardow_J_Pawla_II_kino_241130_20241130121546-1920x1440.jpg 1920w\" sizes=\"auto, (max-width: 1024px) 100vw, 1024px\" \/><figcaption class=\"wp-element-caption\">Wn\u0119trze sali kinowej. Fot. Teresa Adamiak, 2024 r., \u017ar\u00f3d\u0142o: \u201eFocus na detal\u201d.<\/figcaption><\/figure>\n\n\n\n<figure class=\"wp-block-image size-large\"><img loading=\"lazy\" decoding=\"async\" width=\"768\" height=\"1024\" data-id=\"31811\" src=\"http:\/\/lapidarium.fundacja-hereditas.pl\/wp-content\/uploads\/2024\/12\/TAdamiak_Zyrardow_J_Pawla_II_mozaika_241130_20241130122403-768x1024.jpg\" alt=\"\" class=\"wp-image-31811\" srcset=\"http:\/\/lapidarium.fundacja-hereditas.pl\/wp-content\/uploads\/2024\/12\/TAdamiak_Zyrardow_J_Pawla_II_mozaika_241130_20241130122403-768x1024.jpg 768w, http:\/\/lapidarium.fundacja-hereditas.pl\/wp-content\/uploads\/2024\/12\/TAdamiak_Zyrardow_J_Pawla_II_mozaika_241130_20241130122403-225x300.jpg 225w, http:\/\/lapidarium.fundacja-hereditas.pl\/wp-content\/uploads\/2024\/12\/TAdamiak_Zyrardow_J_Pawla_II_mozaika_241130_20241130122403-1152x1536.jpg 1152w, http:\/\/lapidarium.fundacja-hereditas.pl\/wp-content\/uploads\/2024\/12\/TAdamiak_Zyrardow_J_Pawla_II_mozaika_241130_20241130122403-1536x2048.jpg 1536w, http:\/\/lapidarium.fundacja-hereditas.pl\/wp-content\/uploads\/2024\/12\/TAdamiak_Zyrardow_J_Pawla_II_mozaika_241130_20241130122403-150x200.jpg 150w, http:\/\/lapidarium.fundacja-hereditas.pl\/wp-content\/uploads\/2024\/12\/TAdamiak_Zyrardow_J_Pawla_II_mozaika_241130_20241130122403-300x400.jpg 300w, http:\/\/lapidarium.fundacja-hereditas.pl\/wp-content\/uploads\/2024\/12\/TAdamiak_Zyrardow_J_Pawla_II_mozaika_241130_20241130122403-696x928.jpg 696w, http:\/\/lapidarium.fundacja-hereditas.pl\/wp-content\/uploads\/2024\/12\/TAdamiak_Zyrardow_J_Pawla_II_mozaika_241130_20241130122403-1068x1424.jpg 1068w, http:\/\/lapidarium.fundacja-hereditas.pl\/wp-content\/uploads\/2024\/12\/TAdamiak_Zyrardow_J_Pawla_II_mozaika_241130_20241130122403-scaled.jpg 1920w\" sizes=\"auto, (max-width: 768px) 100vw, 768px\" \/><figcaption class=\"wp-element-caption\">Hall &#8211; posadzka. Fot. Teresa Adamiak, 2024 r., \u017ar\u00f3d\u0142o: \u201eFocus na detal\u201d.<\/figcaption><\/figure>\n\n\n\n<figure class=\"wp-block-image size-large\"><img loading=\"lazy\" decoding=\"async\" width=\"768\" height=\"1024\" data-id=\"31813\" src=\"http:\/\/lapidarium.fundacja-hereditas.pl\/wp-content\/uploads\/2024\/12\/TAdamiak_Zyrardow_J_Pawla_II_mozaika_241130_20241130122413-768x1024.jpg\" alt=\"\" class=\"wp-image-31813\" srcset=\"http:\/\/lapidarium.fundacja-hereditas.pl\/wp-content\/uploads\/2024\/12\/TAdamiak_Zyrardow_J_Pawla_II_mozaika_241130_20241130122413-768x1024.jpg 768w, http:\/\/lapidarium.fundacja-hereditas.pl\/wp-content\/uploads\/2024\/12\/TAdamiak_Zyrardow_J_Pawla_II_mozaika_241130_20241130122413-225x300.jpg 225w, http:\/\/lapidarium.fundacja-hereditas.pl\/wp-content\/uploads\/2024\/12\/TAdamiak_Zyrardow_J_Pawla_II_mozaika_241130_20241130122413-1152x1536.jpg 1152w, http:\/\/lapidarium.fundacja-hereditas.pl\/wp-content\/uploads\/2024\/12\/TAdamiak_Zyrardow_J_Pawla_II_mozaika_241130_20241130122413-1536x2048.jpg 1536w, http:\/\/lapidarium.fundacja-hereditas.pl\/wp-content\/uploads\/2024\/12\/TAdamiak_Zyrardow_J_Pawla_II_mozaika_241130_20241130122413-150x200.jpg 150w, http:\/\/lapidarium.fundacja-hereditas.pl\/wp-content\/uploads\/2024\/12\/TAdamiak_Zyrardow_J_Pawla_II_mozaika_241130_20241130122413-300x400.jpg 300w, http:\/\/lapidarium.fundacja-hereditas.pl\/wp-content\/uploads\/2024\/12\/TAdamiak_Zyrardow_J_Pawla_II_mozaika_241130_20241130122413-696x928.jpg 696w, http:\/\/lapidarium.fundacja-hereditas.pl\/wp-content\/uploads\/2024\/12\/TAdamiak_Zyrardow_J_Pawla_II_mozaika_241130_20241130122413-1068x1424.jpg 1068w, http:\/\/lapidarium.fundacja-hereditas.pl\/wp-content\/uploads\/2024\/12\/TAdamiak_Zyrardow_J_Pawla_II_mozaika_241130_20241130122413-scaled.jpg 1920w\" sizes=\"auto, (max-width: 768px) 100vw, 768px\" \/><figcaption class=\"wp-element-caption\">Hall &#8211; posadzka. Fot. Teresa Adamiak, 2024 r., \u017ar\u00f3d\u0142o: \u201eFocus na detal\u201d.<\/figcaption><\/figure>\n\n\n\n<figure class=\"wp-block-image size-large\"><img loading=\"lazy\" decoding=\"async\" width=\"768\" height=\"1024\" data-id=\"31814\" src=\"http:\/\/lapidarium.fundacja-hereditas.pl\/wp-content\/uploads\/2024\/12\/TAdamiak_Zyrardow_J_Pawla_II_mozaika_241130_20241130122430-768x1024.jpg\" alt=\"\" class=\"wp-image-31814\" srcset=\"http:\/\/lapidarium.fundacja-hereditas.pl\/wp-content\/uploads\/2024\/12\/TAdamiak_Zyrardow_J_Pawla_II_mozaika_241130_20241130122430-768x1024.jpg 768w, http:\/\/lapidarium.fundacja-hereditas.pl\/wp-content\/uploads\/2024\/12\/TAdamiak_Zyrardow_J_Pawla_II_mozaika_241130_20241130122430-225x300.jpg 225w, http:\/\/lapidarium.fundacja-hereditas.pl\/wp-content\/uploads\/2024\/12\/TAdamiak_Zyrardow_J_Pawla_II_mozaika_241130_20241130122430-1152x1536.jpg 1152w, http:\/\/lapidarium.fundacja-hereditas.pl\/wp-content\/uploads\/2024\/12\/TAdamiak_Zyrardow_J_Pawla_II_mozaika_241130_20241130122430-1536x2048.jpg 1536w, http:\/\/lapidarium.fundacja-hereditas.pl\/wp-content\/uploads\/2024\/12\/TAdamiak_Zyrardow_J_Pawla_II_mozaika_241130_20241130122430-150x200.jpg 150w, http:\/\/lapidarium.fundacja-hereditas.pl\/wp-content\/uploads\/2024\/12\/TAdamiak_Zyrardow_J_Pawla_II_mozaika_241130_20241130122430-300x400.jpg 300w, http:\/\/lapidarium.fundacja-hereditas.pl\/wp-content\/uploads\/2024\/12\/TAdamiak_Zyrardow_J_Pawla_II_mozaika_241130_20241130122430-696x928.jpg 696w, http:\/\/lapidarium.fundacja-hereditas.pl\/wp-content\/uploads\/2024\/12\/TAdamiak_Zyrardow_J_Pawla_II_mozaika_241130_20241130122430-1068x1424.jpg 1068w, http:\/\/lapidarium.fundacja-hereditas.pl\/wp-content\/uploads\/2024\/12\/TAdamiak_Zyrardow_J_Pawla_II_mozaika_241130_20241130122430-scaled.jpg 1920w\" sizes=\"auto, (max-width: 768px) 100vw, 768px\" \/><figcaption class=\"wp-element-caption\">Hall &#8211; posadzka. Fot. Teresa Adamiak, 2024 r., \u017ar\u00f3d\u0142o: \u201eFocus na detal\u201d.<\/figcaption><\/figure>\n\n\n\n<figure class=\"wp-block-image size-large\"><img loading=\"lazy\" decoding=\"async\" width=\"768\" height=\"1024\" data-id=\"31815\" src=\"http:\/\/lapidarium.fundacja-hereditas.pl\/wp-content\/uploads\/2024\/12\/TAdamiak_Zyrardow_J_Pawla_II_mozaika_241130_20241130122438-768x1024.jpg\" alt=\"\" class=\"wp-image-31815\" srcset=\"http:\/\/lapidarium.fundacja-hereditas.pl\/wp-content\/uploads\/2024\/12\/TAdamiak_Zyrardow_J_Pawla_II_mozaika_241130_20241130122438-768x1024.jpg 768w, http:\/\/lapidarium.fundacja-hereditas.pl\/wp-content\/uploads\/2024\/12\/TAdamiak_Zyrardow_J_Pawla_II_mozaika_241130_20241130122438-225x300.jpg 225w, http:\/\/lapidarium.fundacja-hereditas.pl\/wp-content\/uploads\/2024\/12\/TAdamiak_Zyrardow_J_Pawla_II_mozaika_241130_20241130122438-1152x1536.jpg 1152w, http:\/\/lapidarium.fundacja-hereditas.pl\/wp-content\/uploads\/2024\/12\/TAdamiak_Zyrardow_J_Pawla_II_mozaika_241130_20241130122438-1536x2048.jpg 1536w, http:\/\/lapidarium.fundacja-hereditas.pl\/wp-content\/uploads\/2024\/12\/TAdamiak_Zyrardow_J_Pawla_II_mozaika_241130_20241130122438-150x200.jpg 150w, http:\/\/lapidarium.fundacja-hereditas.pl\/wp-content\/uploads\/2024\/12\/TAdamiak_Zyrardow_J_Pawla_II_mozaika_241130_20241130122438-300x400.jpg 300w, http:\/\/lapidarium.fundacja-hereditas.pl\/wp-content\/uploads\/2024\/12\/TAdamiak_Zyrardow_J_Pawla_II_mozaika_241130_20241130122438-696x928.jpg 696w, http:\/\/lapidarium.fundacja-hereditas.pl\/wp-content\/uploads\/2024\/12\/TAdamiak_Zyrardow_J_Pawla_II_mozaika_241130_20241130122438-1068x1424.jpg 1068w, http:\/\/lapidarium.fundacja-hereditas.pl\/wp-content\/uploads\/2024\/12\/TAdamiak_Zyrardow_J_Pawla_II_mozaika_241130_20241130122438-scaled.jpg 1920w\" sizes=\"auto, (max-width: 768px) 100vw, 768px\" \/><figcaption class=\"wp-element-caption\">Hall &#8211; posadzka. Fot. Teresa Adamiak, 2024 r., \u017ar\u00f3d\u0142o: \u201eFocus na detal\u201d.<\/figcaption><\/figure>\n\n\n\n<figure class=\"wp-block-image size-large\"><img loading=\"lazy\" decoding=\"async\" width=\"768\" height=\"1024\" data-id=\"31816\" src=\"http:\/\/lapidarium.fundacja-hereditas.pl\/wp-content\/uploads\/2024\/12\/TAdamiak_Zyrardow_J_Pawla_II_mozaika_241130_20241130122637-768x1024.jpg\" alt=\"\" class=\"wp-image-31816\" srcset=\"http:\/\/lapidarium.fundacja-hereditas.pl\/wp-content\/uploads\/2024\/12\/TAdamiak_Zyrardow_J_Pawla_II_mozaika_241130_20241130122637-768x1024.jpg 768w, http:\/\/lapidarium.fundacja-hereditas.pl\/wp-content\/uploads\/2024\/12\/TAdamiak_Zyrardow_J_Pawla_II_mozaika_241130_20241130122637-225x300.jpg 225w, http:\/\/lapidarium.fundacja-hereditas.pl\/wp-content\/uploads\/2024\/12\/TAdamiak_Zyrardow_J_Pawla_II_mozaika_241130_20241130122637-1152x1536.jpg 1152w, http:\/\/lapidarium.fundacja-hereditas.pl\/wp-content\/uploads\/2024\/12\/TAdamiak_Zyrardow_J_Pawla_II_mozaika_241130_20241130122637-1536x2048.jpg 1536w, http:\/\/lapidarium.fundacja-hereditas.pl\/wp-content\/uploads\/2024\/12\/TAdamiak_Zyrardow_J_Pawla_II_mozaika_241130_20241130122637-150x200.jpg 150w, http:\/\/lapidarium.fundacja-hereditas.pl\/wp-content\/uploads\/2024\/12\/TAdamiak_Zyrardow_J_Pawla_II_mozaika_241130_20241130122637-300x400.jpg 300w, http:\/\/lapidarium.fundacja-hereditas.pl\/wp-content\/uploads\/2024\/12\/TAdamiak_Zyrardow_J_Pawla_II_mozaika_241130_20241130122637-696x928.jpg 696w, http:\/\/lapidarium.fundacja-hereditas.pl\/wp-content\/uploads\/2024\/12\/TAdamiak_Zyrardow_J_Pawla_II_mozaika_241130_20241130122637-1068x1424.jpg 1068w, http:\/\/lapidarium.fundacja-hereditas.pl\/wp-content\/uploads\/2024\/12\/TAdamiak_Zyrardow_J_Pawla_II_mozaika_241130_20241130122637-scaled.jpg 1920w\" sizes=\"auto, (max-width: 768px) 100vw, 768px\" \/><figcaption class=\"wp-element-caption\">Hall &#8211; posadzka i schody na I-sze pi\u0119tro. Balustrada. Fot. Teresa Adamiak, 2024 r., \u017ar\u00f3d\u0142o: \u201eFocus na detal\u201d.<\/figcaption><\/figure>\n\n\n\n<figure class=\"wp-block-image size-large\"><img loading=\"lazy\" decoding=\"async\" width=\"768\" height=\"1024\" data-id=\"31817\" src=\"http:\/\/lapidarium.fundacja-hereditas.pl\/wp-content\/uploads\/2024\/12\/TAdamiak_Zyrardow_J_Pawla_II_mozaika_241130_20241130122730-768x1024.jpg\" alt=\"\" class=\"wp-image-31817\" srcset=\"http:\/\/lapidarium.fundacja-hereditas.pl\/wp-content\/uploads\/2024\/12\/TAdamiak_Zyrardow_J_Pawla_II_mozaika_241130_20241130122730-768x1024.jpg 768w, http:\/\/lapidarium.fundacja-hereditas.pl\/wp-content\/uploads\/2024\/12\/TAdamiak_Zyrardow_J_Pawla_II_mozaika_241130_20241130122730-225x300.jpg 225w, http:\/\/lapidarium.fundacja-hereditas.pl\/wp-content\/uploads\/2024\/12\/TAdamiak_Zyrardow_J_Pawla_II_mozaika_241130_20241130122730-1152x1536.jpg 1152w, http:\/\/lapidarium.fundacja-hereditas.pl\/wp-content\/uploads\/2024\/12\/TAdamiak_Zyrardow_J_Pawla_II_mozaika_241130_20241130122730-1536x2048.jpg 1536w, http:\/\/lapidarium.fundacja-hereditas.pl\/wp-content\/uploads\/2024\/12\/TAdamiak_Zyrardow_J_Pawla_II_mozaika_241130_20241130122730-150x200.jpg 150w, http:\/\/lapidarium.fundacja-hereditas.pl\/wp-content\/uploads\/2024\/12\/TAdamiak_Zyrardow_J_Pawla_II_mozaika_241130_20241130122730-300x400.jpg 300w, http:\/\/lapidarium.fundacja-hereditas.pl\/wp-content\/uploads\/2024\/12\/TAdamiak_Zyrardow_J_Pawla_II_mozaika_241130_20241130122730-696x928.jpg 696w, http:\/\/lapidarium.fundacja-hereditas.pl\/wp-content\/uploads\/2024\/12\/TAdamiak_Zyrardow_J_Pawla_II_mozaika_241130_20241130122730-1068x1424.jpg 1068w, http:\/\/lapidarium.fundacja-hereditas.pl\/wp-content\/uploads\/2024\/12\/TAdamiak_Zyrardow_J_Pawla_II_mozaika_241130_20241130122730-scaled.jpg 1920w\" sizes=\"auto, (max-width: 768px) 100vw, 768px\" \/><figcaption class=\"wp-element-caption\">Hall &#8211; posadzka. Fot. Teresa Adamiak, 2024 r., \u017ar\u00f3d\u0142o: \u201eFocus na detal\u201d.<\/figcaption><\/figure>\n<\/figure>\n","protected":false},"excerpt":{"rendered":"<p>Dom Ludowy, zwany popularnie Ludowcem, wznoszono w latach 1910-1912, a do u\u017cytku oddano z pocz\u0105tkiem 1913 r. (26 stycznia). Oficjalna nazwa obiektu brzmia\u0142a &#8222;Carl Dittrichs Haus&#8221;, pochodzi\u0142a od nazwiska fundatora gmachu Carla [Karola] Augusta Dittricha m\u0142., przemys\u0142owca, kt\u00f3remu \u017byrard\u00f3w zawdzi\u0119cza\u0142 rozw\u00f3j swej pot\u0119gi jako miasta produkcji lnu. Obiekt by\u0142 przewidziany dla lokalnej spo\u0142eczno\u015bci, funkcjonowa\u0142 przede [&hellip;]<\/p>\n","protected":false},"author":6,"featured_media":31777,"comment_status":"open","ping_status":"open","sticky":false,"template":"","format":"standard","meta":{"footnotes":""},"categories":[272,233],"tags":[],"class_list":{"0":"post-31776","1":"post","2":"type-post","3":"status-publish","4":"format-standard","5":"has-post-thumbnail","7":"category-pl-jana-pawla-ii-go","8":"category-zyrardow"},"_links":{"self":[{"href":"http:\/\/lapidarium.fundacja-hereditas.pl\/index.php\/wp-json\/wp\/v2\/posts\/31776","targetHints":{"allow":["GET"]}}],"collection":[{"href":"http:\/\/lapidarium.fundacja-hereditas.pl\/index.php\/wp-json\/wp\/v2\/posts"}],"about":[{"href":"http:\/\/lapidarium.fundacja-hereditas.pl\/index.php\/wp-json\/wp\/v2\/types\/post"}],"author":[{"embeddable":true,"href":"http:\/\/lapidarium.fundacja-hereditas.pl\/index.php\/wp-json\/wp\/v2\/users\/6"}],"replies":[{"embeddable":true,"href":"http:\/\/lapidarium.fundacja-hereditas.pl\/index.php\/wp-json\/wp\/v2\/comments?post=31776"}],"version-history":[{"count":12,"href":"http:\/\/lapidarium.fundacja-hereditas.pl\/index.php\/wp-json\/wp\/v2\/posts\/31776\/revisions"}],"predecessor-version":[{"id":34011,"href":"http:\/\/lapidarium.fundacja-hereditas.pl\/index.php\/wp-json\/wp\/v2\/posts\/31776\/revisions\/34011"}],"wp:featuredmedia":[{"embeddable":true,"href":"http:\/\/lapidarium.fundacja-hereditas.pl\/index.php\/wp-json\/wp\/v2\/media\/31777"}],"wp:attachment":[{"href":"http:\/\/lapidarium.fundacja-hereditas.pl\/index.php\/wp-json\/wp\/v2\/media?parent=31776"}],"wp:term":[{"taxonomy":"category","embeddable":true,"href":"http:\/\/lapidarium.fundacja-hereditas.pl\/index.php\/wp-json\/wp\/v2\/categories?post=31776"},{"taxonomy":"post_tag","embeddable":true,"href":"http:\/\/lapidarium.fundacja-hereditas.pl\/index.php\/wp-json\/wp\/v2\/tags?post=31776"}],"curies":[{"name":"wp","href":"https:\/\/api.w.org\/{rel}","templated":true}]}}