{"id":29836,"date":"2024-12-15T18:57:01","date_gmt":"2024-12-15T17:57:01","guid":{"rendered":"http:\/\/lapidarium.fundacja-hereditas.pl\/?p=29836"},"modified":"2025-01-15T12:58:39","modified_gmt":"2025-01-15T11:58:39","slug":"kamienica-ul-kleczewska-54-warszawa","status":"publish","type":"post","link":"http:\/\/lapidarium.fundacja-hereditas.pl\/index.php\/2024\/12\/15\/kamienica-ul-kleczewska-54-warszawa\/","title":{"rendered":"Kamienica ul. Kleczewska 54, Warszawa"},"content":{"rendered":"\n<p>Kameralny, wielorodzinny budynek, powsta\u0142 zapewne ok. 1935 r. Mimo i\u017c ma dwie do trzech kondygnacji, to zachowuje wszystkie cechy bli\u017aniaka wraz z kamienic\u0105 stoj\u0105c\u0105 na po\u0142udnie od niego, zapewne nieznacznie m\u0142odsz\u0105. Jego bry\u0142a zosta\u0142a do\u015b\u0107 dynamicznie uformowana, sk\u0142ada si\u0119 jakby z kilku zespolonych ze sob\u0105 cz\u0119\u015bci. Z ostatniej wojny obiekt wyszed\u0142 obronn\u0105 r\u0119k\u0105, jednak wydaje si\u0119, \u017ce klatka schodowa ma obecnie wystr\u00f3j powojenny. \u015awiadczy o tym np. wygl\u0105d balustrady, kt\u00f3rej por\u0119cz na spoczniku nie wygina si\u0119 w \u0142uk, a zakr\u0119ca dwa razy pod k\u0105tem prostym \u2013 to \u0142atwiejsze i szybsze rozwi\u0105zanie (cho\u0107 znacznie mniej estetyczne) cz\u0119sto stosowane by\u0142o w\u0142a\u015bnie po wojnie. Kolejny dow\u00f3d na powojenne przearan\u017cowanie wn\u0119trz znajdziemy nad obramieniem jednego z otwor\u00f3w drzwiowych do mieszka\u0144, gdzie wisz\u0105 a\u017c trzy numerki nad wsp\u00f3lnymi wej\u015bciowymi drzwiami, co \u015bwiadczy o wt\u00f3rnych podzia\u0142ach mieszka\u0144, cz\u0119stych w okresie powojennych niedobor\u00f3w. Same drzwi do tego mieszkania r\u00f3wnie\u017c prawdopodobnie zosta\u0142y przyniesione spod innego adresu, bowiem uk\u0142adem p\u0142ycin (poziom, pion, pion, poziom) kojarz\u0105 si\u0119 raczej z czasem sprzed I wojny \u015bwiatowej. Od strony ulicy zwraca uwag\u0119 oryginalnie uformowana os\u0142ona okna sutereny, w postaci \u0142ukowato wygi\u0119tej kraty posadowionej na murowanej cembrowinie z jednej strony, a opartej o \u015bcian\u0119 frontow\u0105 z drugiej.<\/p>\n\n\n\n<p>::: W\u0142\u0105czono do bazy w ramach projektu \u201e,Na szlaku dziedzictwa Bielan\u201d,&nbsp;realizowanego w 2024 r.,&nbsp;dofinansowanego ze&nbsp;\u015brodk\u00f3w&nbsp;Miasta Sto\u0142ecznego Warszawy Dzielnicy Bielany.<\/p>\n\n\n\n<figure class=\"wp-block-gallery has-nested-images columns-default is-cropped wp-block-gallery-1 is-layout-flex wp-block-gallery-is-layout-flex\">\n<figure class=\"wp-block-image size-large\"><img loading=\"lazy\" decoding=\"async\" width=\"576\" height=\"1024\" data-id=\"29871\" src=\"http:\/\/lapidarium.fundacja-hereditas.pl\/wp-content\/uploads\/2024\/12\/Danuta_Chodowiec_Wawa_Kleczewska_54_elewacja_wejscie-576x1024.jpg\" alt=\"\" class=\"wp-image-29871\" srcset=\"http:\/\/lapidarium.fundacja-hereditas.pl\/wp-content\/uploads\/2024\/12\/Danuta_Chodowiec_Wawa_Kleczewska_54_elewacja_wejscie-576x1024.jpg 576w, http:\/\/lapidarium.fundacja-hereditas.pl\/wp-content\/uploads\/2024\/12\/Danuta_Chodowiec_Wawa_Kleczewska_54_elewacja_wejscie-169x300.jpg 169w, http:\/\/lapidarium.fundacja-hereditas.pl\/wp-content\/uploads\/2024\/12\/Danuta_Chodowiec_Wawa_Kleczewska_54_elewacja_wejscie-768x1365.jpg 768w, http:\/\/lapidarium.fundacja-hereditas.pl\/wp-content\/uploads\/2024\/12\/Danuta_Chodowiec_Wawa_Kleczewska_54_elewacja_wejscie-864x1536.jpg 864w, http:\/\/lapidarium.fundacja-hereditas.pl\/wp-content\/uploads\/2024\/12\/Danuta_Chodowiec_Wawa_Kleczewska_54_elewacja_wejscie-1152x2048.jpg 1152w, http:\/\/lapidarium.fundacja-hereditas.pl\/wp-content\/uploads\/2024\/12\/Danuta_Chodowiec_Wawa_Kleczewska_54_elewacja_wejscie-150x267.jpg 150w, http:\/\/lapidarium.fundacja-hereditas.pl\/wp-content\/uploads\/2024\/12\/Danuta_Chodowiec_Wawa_Kleczewska_54_elewacja_wejscie-300x533.jpg 300w, http:\/\/lapidarium.fundacja-hereditas.pl\/wp-content\/uploads\/2024\/12\/Danuta_Chodowiec_Wawa_Kleczewska_54_elewacja_wejscie-696x1237.jpg 696w, http:\/\/lapidarium.fundacja-hereditas.pl\/wp-content\/uploads\/2024\/12\/Danuta_Chodowiec_Wawa_Kleczewska_54_elewacja_wejscie-1068x1898.jpg 1068w, http:\/\/lapidarium.fundacja-hereditas.pl\/wp-content\/uploads\/2024\/12\/Danuta_Chodowiec_Wawa_Kleczewska_54_elewacja_wejscie-1920x3412.jpg 1920w, http:\/\/lapidarium.fundacja-hereditas.pl\/wp-content\/uploads\/2024\/12\/Danuta_Chodowiec_Wawa_Kleczewska_54_elewacja_wejscie-scaled.jpg 1441w\" sizes=\"auto, (max-width: 576px) 100vw, 576px\" \/><figcaption class=\"wp-element-caption\">Wej\u015bcie na klatk\u0119 &#8211; widok od p\u00f3\u0142nocy. Fot. Danuta Chodowiec, 2024 r., \u017ar\u00f3d\u0142o: &#8222;Na szlaku Dziedzictwa Bielan&#8221;.<\/figcaption><\/figure>\n\n\n\n<figure class=\"wp-block-image size-large\"><img loading=\"lazy\" decoding=\"async\" width=\"576\" height=\"1024\" data-id=\"29872\" src=\"http:\/\/lapidarium.fundacja-hereditas.pl\/wp-content\/uploads\/2024\/12\/Danuta_Chodowiec_Wawa_Kleczewska_54_koniec_schodow-576x1024.jpg\" alt=\"\" class=\"wp-image-29872\" srcset=\"http:\/\/lapidarium.fundacja-hereditas.pl\/wp-content\/uploads\/2024\/12\/Danuta_Chodowiec_Wawa_Kleczewska_54_koniec_schodow-576x1024.jpg 576w, http:\/\/lapidarium.fundacja-hereditas.pl\/wp-content\/uploads\/2024\/12\/Danuta_Chodowiec_Wawa_Kleczewska_54_koniec_schodow-169x300.jpg 169w, http:\/\/lapidarium.fundacja-hereditas.pl\/wp-content\/uploads\/2024\/12\/Danuta_Chodowiec_Wawa_Kleczewska_54_koniec_schodow-768x1365.jpg 768w, http:\/\/lapidarium.fundacja-hereditas.pl\/wp-content\/uploads\/2024\/12\/Danuta_Chodowiec_Wawa_Kleczewska_54_koniec_schodow-864x1536.jpg 864w, http:\/\/lapidarium.fundacja-hereditas.pl\/wp-content\/uploads\/2024\/12\/Danuta_Chodowiec_Wawa_Kleczewska_54_koniec_schodow-1152x2048.jpg 1152w, http:\/\/lapidarium.fundacja-hereditas.pl\/wp-content\/uploads\/2024\/12\/Danuta_Chodowiec_Wawa_Kleczewska_54_koniec_schodow-150x267.jpg 150w, http:\/\/lapidarium.fundacja-hereditas.pl\/wp-content\/uploads\/2024\/12\/Danuta_Chodowiec_Wawa_Kleczewska_54_koniec_schodow-300x533.jpg 300w, http:\/\/lapidarium.fundacja-hereditas.pl\/wp-content\/uploads\/2024\/12\/Danuta_Chodowiec_Wawa_Kleczewska_54_koniec_schodow-696x1237.jpg 696w, http:\/\/lapidarium.fundacja-hereditas.pl\/wp-content\/uploads\/2024\/12\/Danuta_Chodowiec_Wawa_Kleczewska_54_koniec_schodow-1068x1898.jpg 1068w, http:\/\/lapidarium.fundacja-hereditas.pl\/wp-content\/uploads\/2024\/12\/Danuta_Chodowiec_Wawa_Kleczewska_54_koniec_schodow-1920x3412.jpg 1920w, http:\/\/lapidarium.fundacja-hereditas.pl\/wp-content\/uploads\/2024\/12\/Danuta_Chodowiec_Wawa_Kleczewska_54_koniec_schodow-scaled.jpg 1441w\" sizes=\"auto, (max-width: 576px) 100vw, 576px\" \/><figcaption class=\"wp-element-caption\">Klatka &#8211; widok ostatniej kondygnacji. Fot. Danuta Chodowiec, 2024 r., \u017ar\u00f3d\u0142o: &#8222;Na szlaku Dziedzictwa Bielan&#8221;.<\/figcaption><\/figure>\n\n\n\n<figure class=\"wp-block-image size-large\"><img loading=\"lazy\" decoding=\"async\" width=\"1024\" height=\"576\" data-id=\"29873\" src=\"http:\/\/lapidarium.fundacja-hereditas.pl\/wp-content\/uploads\/2024\/12\/Danuta_Chodowiec_Wawa_Kleczewska_54_numer_lokalu-1024x576.jpg\" alt=\"\" class=\"wp-image-29873\" srcset=\"http:\/\/lapidarium.fundacja-hereditas.pl\/wp-content\/uploads\/2024\/12\/Danuta_Chodowiec_Wawa_Kleczewska_54_numer_lokalu-1024x576.jpg 1024w, http:\/\/lapidarium.fundacja-hereditas.pl\/wp-content\/uploads\/2024\/12\/Danuta_Chodowiec_Wawa_Kleczewska_54_numer_lokalu-300x169.jpg 300w, http:\/\/lapidarium.fundacja-hereditas.pl\/wp-content\/uploads\/2024\/12\/Danuta_Chodowiec_Wawa_Kleczewska_54_numer_lokalu-768x432.jpg 768w, http:\/\/lapidarium.fundacja-hereditas.pl\/wp-content\/uploads\/2024\/12\/Danuta_Chodowiec_Wawa_Kleczewska_54_numer_lokalu-1536x864.jpg 1536w, http:\/\/lapidarium.fundacja-hereditas.pl\/wp-content\/uploads\/2024\/12\/Danuta_Chodowiec_Wawa_Kleczewska_54_numer_lokalu-2048x1152.jpg 2048w, http:\/\/lapidarium.fundacja-hereditas.pl\/wp-content\/uploads\/2024\/12\/Danuta_Chodowiec_Wawa_Kleczewska_54_numer_lokalu-150x84.jpg 150w, http:\/\/lapidarium.fundacja-hereditas.pl\/wp-content\/uploads\/2024\/12\/Danuta_Chodowiec_Wawa_Kleczewska_54_numer_lokalu-696x392.jpg 696w, http:\/\/lapidarium.fundacja-hereditas.pl\/wp-content\/uploads\/2024\/12\/Danuta_Chodowiec_Wawa_Kleczewska_54_numer_lokalu-1068x601.jpg 1068w, http:\/\/lapidarium.fundacja-hereditas.pl\/wp-content\/uploads\/2024\/12\/Danuta_Chodowiec_Wawa_Kleczewska_54_numer_lokalu-1920x1080.jpg 1920w\" sizes=\"auto, (max-width: 1024px) 100vw, 1024px\" \/><figcaption class=\"wp-element-caption\">Klatka &#8211; drzwi do mieszkania podzielonego po wojnie. Fot. Danuta Chodowiec, 2024 r., \u017ar\u00f3d\u0142o: &#8222;Na szlaku Dziedzictwa Bielan&#8221;.<\/figcaption><\/figure>\n\n\n\n<figure class=\"wp-block-image size-large\"><img loading=\"lazy\" decoding=\"async\" width=\"576\" height=\"1024\" data-id=\"29875\" src=\"http:\/\/lapidarium.fundacja-hereditas.pl\/wp-content\/uploads\/2024\/12\/Danuta_Chodowiec_Wawa_Kleczewska_54_poczatek_balustrady-576x1024.jpg\" alt=\"\" class=\"wp-image-29875\" srcset=\"http:\/\/lapidarium.fundacja-hereditas.pl\/wp-content\/uploads\/2024\/12\/Danuta_Chodowiec_Wawa_Kleczewska_54_poczatek_balustrady-576x1024.jpg 576w, http:\/\/lapidarium.fundacja-hereditas.pl\/wp-content\/uploads\/2024\/12\/Danuta_Chodowiec_Wawa_Kleczewska_54_poczatek_balustrady-169x300.jpg 169w, http:\/\/lapidarium.fundacja-hereditas.pl\/wp-content\/uploads\/2024\/12\/Danuta_Chodowiec_Wawa_Kleczewska_54_poczatek_balustrady-768x1365.jpg 768w, http:\/\/lapidarium.fundacja-hereditas.pl\/wp-content\/uploads\/2024\/12\/Danuta_Chodowiec_Wawa_Kleczewska_54_poczatek_balustrady-864x1536.jpg 864w, http:\/\/lapidarium.fundacja-hereditas.pl\/wp-content\/uploads\/2024\/12\/Danuta_Chodowiec_Wawa_Kleczewska_54_poczatek_balustrady-1152x2048.jpg 1152w, http:\/\/lapidarium.fundacja-hereditas.pl\/wp-content\/uploads\/2024\/12\/Danuta_Chodowiec_Wawa_Kleczewska_54_poczatek_balustrady-150x267.jpg 150w, http:\/\/lapidarium.fundacja-hereditas.pl\/wp-content\/uploads\/2024\/12\/Danuta_Chodowiec_Wawa_Kleczewska_54_poczatek_balustrady-300x533.jpg 300w, http:\/\/lapidarium.fundacja-hereditas.pl\/wp-content\/uploads\/2024\/12\/Danuta_Chodowiec_Wawa_Kleczewska_54_poczatek_balustrady-696x1237.jpg 696w, http:\/\/lapidarium.fundacja-hereditas.pl\/wp-content\/uploads\/2024\/12\/Danuta_Chodowiec_Wawa_Kleczewska_54_poczatek_balustrady-1068x1899.jpg 1068w, http:\/\/lapidarium.fundacja-hereditas.pl\/wp-content\/uploads\/2024\/12\/Danuta_Chodowiec_Wawa_Kleczewska_54_poczatek_balustrady-1920x3413.jpg 1920w, http:\/\/lapidarium.fundacja-hereditas.pl\/wp-content\/uploads\/2024\/12\/Danuta_Chodowiec_Wawa_Kleczewska_54_poczatek_balustrady-scaled.jpg 1440w\" sizes=\"auto, (max-width: 576px) 100vw, 576px\" \/><figcaption class=\"wp-element-caption\">Klatka &#8211; pocz\u0105tek balustrady. Fot. Danuta Chodowiec, 2024 r., \u017ar\u00f3d\u0142o: &#8222;Na szlaku Dziedzictwa Bielan&#8221;.<\/figcaption><\/figure>\n\n\n\n<figure class=\"wp-block-image size-large\"><img loading=\"lazy\" decoding=\"async\" width=\"576\" height=\"1024\" data-id=\"29876\" src=\"http:\/\/lapidarium.fundacja-hereditas.pl\/wp-content\/uploads\/2024\/12\/Danuta_Chodowiec_Wawa_Kleczewska_54_poczatek_schodow-576x1024.jpg\" alt=\"\" class=\"wp-image-29876\" srcset=\"http:\/\/lapidarium.fundacja-hereditas.pl\/wp-content\/uploads\/2024\/12\/Danuta_Chodowiec_Wawa_Kleczewska_54_poczatek_schodow-576x1024.jpg 576w, http:\/\/lapidarium.fundacja-hereditas.pl\/wp-content\/uploads\/2024\/12\/Danuta_Chodowiec_Wawa_Kleczewska_54_poczatek_schodow-169x300.jpg 169w, http:\/\/lapidarium.fundacja-hereditas.pl\/wp-content\/uploads\/2024\/12\/Danuta_Chodowiec_Wawa_Kleczewska_54_poczatek_schodow-768x1365.jpg 768w, http:\/\/lapidarium.fundacja-hereditas.pl\/wp-content\/uploads\/2024\/12\/Danuta_Chodowiec_Wawa_Kleczewska_54_poczatek_schodow-864x1536.jpg 864w, http:\/\/lapidarium.fundacja-hereditas.pl\/wp-content\/uploads\/2024\/12\/Danuta_Chodowiec_Wawa_Kleczewska_54_poczatek_schodow-1152x2048.jpg 1152w, http:\/\/lapidarium.fundacja-hereditas.pl\/wp-content\/uploads\/2024\/12\/Danuta_Chodowiec_Wawa_Kleczewska_54_poczatek_schodow-150x267.jpg 150w, http:\/\/lapidarium.fundacja-hereditas.pl\/wp-content\/uploads\/2024\/12\/Danuta_Chodowiec_Wawa_Kleczewska_54_poczatek_schodow-300x533.jpg 300w, http:\/\/lapidarium.fundacja-hereditas.pl\/wp-content\/uploads\/2024\/12\/Danuta_Chodowiec_Wawa_Kleczewska_54_poczatek_schodow-696x1237.jpg 696w, http:\/\/lapidarium.fundacja-hereditas.pl\/wp-content\/uploads\/2024\/12\/Danuta_Chodowiec_Wawa_Kleczewska_54_poczatek_schodow-1068x1899.jpg 1068w, http:\/\/lapidarium.fundacja-hereditas.pl\/wp-content\/uploads\/2024\/12\/Danuta_Chodowiec_Wawa_Kleczewska_54_poczatek_schodow-1920x3413.jpg 1920w, http:\/\/lapidarium.fundacja-hereditas.pl\/wp-content\/uploads\/2024\/12\/Danuta_Chodowiec_Wawa_Kleczewska_54_poczatek_schodow-scaled.jpg 1440w\" sizes=\"auto, (max-width: 576px) 100vw, 576px\" \/><figcaption class=\"wp-element-caption\">Klatka &#8211; widok spod wej\u015bcia. Fot. Danuta Chodowiec, 2024 r., \u017ar\u00f3d\u0142o: &#8222;Na szlaku Dziedzictwa Bielan&#8221;.<\/figcaption><\/figure>\n\n\n\n<figure class=\"wp-block-image size-large\"><img loading=\"lazy\" decoding=\"async\" width=\"576\" height=\"1024\" data-id=\"29877\" src=\"http:\/\/lapidarium.fundacja-hereditas.pl\/wp-content\/uploads\/2024\/12\/Danuta_Chodowiec_Wawa_Kleczewska_54_schody_miedzy_parterem_a_pierwszym_pietrem-576x1024.jpg\" alt=\"\" class=\"wp-image-29877\" srcset=\"http:\/\/lapidarium.fundacja-hereditas.pl\/wp-content\/uploads\/2024\/12\/Danuta_Chodowiec_Wawa_Kleczewska_54_schody_miedzy_parterem_a_pierwszym_pietrem-576x1024.jpg 576w, http:\/\/lapidarium.fundacja-hereditas.pl\/wp-content\/uploads\/2024\/12\/Danuta_Chodowiec_Wawa_Kleczewska_54_schody_miedzy_parterem_a_pierwszym_pietrem-169x300.jpg 169w, http:\/\/lapidarium.fundacja-hereditas.pl\/wp-content\/uploads\/2024\/12\/Danuta_Chodowiec_Wawa_Kleczewska_54_schody_miedzy_parterem_a_pierwszym_pietrem-768x1365.jpg 768w, http:\/\/lapidarium.fundacja-hereditas.pl\/wp-content\/uploads\/2024\/12\/Danuta_Chodowiec_Wawa_Kleczewska_54_schody_miedzy_parterem_a_pierwszym_pietrem-864x1536.jpg 864w, http:\/\/lapidarium.fundacja-hereditas.pl\/wp-content\/uploads\/2024\/12\/Danuta_Chodowiec_Wawa_Kleczewska_54_schody_miedzy_parterem_a_pierwszym_pietrem-1152x2048.jpg 1152w, http:\/\/lapidarium.fundacja-hereditas.pl\/wp-content\/uploads\/2024\/12\/Danuta_Chodowiec_Wawa_Kleczewska_54_schody_miedzy_parterem_a_pierwszym_pietrem-150x267.jpg 150w, http:\/\/lapidarium.fundacja-hereditas.pl\/wp-content\/uploads\/2024\/12\/Danuta_Chodowiec_Wawa_Kleczewska_54_schody_miedzy_parterem_a_pierwszym_pietrem-300x533.jpg 300w, http:\/\/lapidarium.fundacja-hereditas.pl\/wp-content\/uploads\/2024\/12\/Danuta_Chodowiec_Wawa_Kleczewska_54_schody_miedzy_parterem_a_pierwszym_pietrem-696x1237.jpg 696w, http:\/\/lapidarium.fundacja-hereditas.pl\/wp-content\/uploads\/2024\/12\/Danuta_Chodowiec_Wawa_Kleczewska_54_schody_miedzy_parterem_a_pierwszym_pietrem-1068x1898.jpg 1068w, http:\/\/lapidarium.fundacja-hereditas.pl\/wp-content\/uploads\/2024\/12\/Danuta_Chodowiec_Wawa_Kleczewska_54_schody_miedzy_parterem_a_pierwszym_pietrem-1920x3412.jpg 1920w, http:\/\/lapidarium.fundacja-hereditas.pl\/wp-content\/uploads\/2024\/12\/Danuta_Chodowiec_Wawa_Kleczewska_54_schody_miedzy_parterem_a_pierwszym_pietrem-scaled.jpg 1441w\" sizes=\"auto, (max-width: 576px) 100vw, 576px\" \/><figcaption class=\"wp-element-caption\">Klatka &#8211; widok z parteru. Fot. Danuta Chodowiec, 2024 r., \u017ar\u00f3d\u0142o: &#8222;Na szlaku Dziedzictwa Bielan&#8221;.<\/figcaption><\/figure>\n\n\n\n<figure class=\"wp-block-image size-large\"><img loading=\"lazy\" decoding=\"async\" width=\"576\" height=\"1024\" data-id=\"29878\" src=\"http:\/\/lapidarium.fundacja-hereditas.pl\/wp-content\/uploads\/2024\/12\/Danuta_Chodowiec_Wawa_Kleczewska_54_zakret_balustrady-576x1024.jpg\" alt=\"\" class=\"wp-image-29878\" srcset=\"http:\/\/lapidarium.fundacja-hereditas.pl\/wp-content\/uploads\/2024\/12\/Danuta_Chodowiec_Wawa_Kleczewska_54_zakret_balustrady-576x1024.jpg 576w, http:\/\/lapidarium.fundacja-hereditas.pl\/wp-content\/uploads\/2024\/12\/Danuta_Chodowiec_Wawa_Kleczewska_54_zakret_balustrady-169x300.jpg 169w, http:\/\/lapidarium.fundacja-hereditas.pl\/wp-content\/uploads\/2024\/12\/Danuta_Chodowiec_Wawa_Kleczewska_54_zakret_balustrady-768x1365.jpg 768w, http:\/\/lapidarium.fundacja-hereditas.pl\/wp-content\/uploads\/2024\/12\/Danuta_Chodowiec_Wawa_Kleczewska_54_zakret_balustrady-864x1536.jpg 864w, http:\/\/lapidarium.fundacja-hereditas.pl\/wp-content\/uploads\/2024\/12\/Danuta_Chodowiec_Wawa_Kleczewska_54_zakret_balustrady-1152x2048.jpg 1152w, http:\/\/lapidarium.fundacja-hereditas.pl\/wp-content\/uploads\/2024\/12\/Danuta_Chodowiec_Wawa_Kleczewska_54_zakret_balustrady-150x267.jpg 150w, http:\/\/lapidarium.fundacja-hereditas.pl\/wp-content\/uploads\/2024\/12\/Danuta_Chodowiec_Wawa_Kleczewska_54_zakret_balustrady-300x533.jpg 300w, http:\/\/lapidarium.fundacja-hereditas.pl\/wp-content\/uploads\/2024\/12\/Danuta_Chodowiec_Wawa_Kleczewska_54_zakret_balustrady-696x1237.jpg 696w, http:\/\/lapidarium.fundacja-hereditas.pl\/wp-content\/uploads\/2024\/12\/Danuta_Chodowiec_Wawa_Kleczewska_54_zakret_balustrady-1068x1898.jpg 1068w, http:\/\/lapidarium.fundacja-hereditas.pl\/wp-content\/uploads\/2024\/12\/Danuta_Chodowiec_Wawa_Kleczewska_54_zakret_balustrady-1920x3412.jpg 1920w, http:\/\/lapidarium.fundacja-hereditas.pl\/wp-content\/uploads\/2024\/12\/Danuta_Chodowiec_Wawa_Kleczewska_54_zakret_balustrady-scaled.jpg 1441w\" sizes=\"auto, (max-width: 576px) 100vw, 576px\" \/><figcaption class=\"wp-element-caption\">Klatka &#8211; zakr\u0119t balustrady na spoczniku. Fot. Danuta Chodowiec, 2024 r., \u017ar\u00f3d\u0142o: &#8222;Na szlaku Dziedzictwa Bielan&#8221;.<\/figcaption><\/figure>\n\n\n\n<figure class=\"wp-block-image size-large\"><img loading=\"lazy\" decoding=\"async\" width=\"576\" height=\"1024\" data-id=\"29879\" src=\"http:\/\/lapidarium.fundacja-hereditas.pl\/wp-content\/uploads\/2024\/12\/Danuta_Chodowiec_Wawa_Kleczewska_54_zakret_balustrady_miedzy_parterem_a_pierwszym_pietrem-576x1024.jpg\" alt=\"\" class=\"wp-image-29879\" srcset=\"http:\/\/lapidarium.fundacja-hereditas.pl\/wp-content\/uploads\/2024\/12\/Danuta_Chodowiec_Wawa_Kleczewska_54_zakret_balustrady_miedzy_parterem_a_pierwszym_pietrem-576x1024.jpg 576w, http:\/\/lapidarium.fundacja-hereditas.pl\/wp-content\/uploads\/2024\/12\/Danuta_Chodowiec_Wawa_Kleczewska_54_zakret_balustrady_miedzy_parterem_a_pierwszym_pietrem-169x300.jpg 169w, http:\/\/lapidarium.fundacja-hereditas.pl\/wp-content\/uploads\/2024\/12\/Danuta_Chodowiec_Wawa_Kleczewska_54_zakret_balustrady_miedzy_parterem_a_pierwszym_pietrem-768x1365.jpg 768w, http:\/\/lapidarium.fundacja-hereditas.pl\/wp-content\/uploads\/2024\/12\/Danuta_Chodowiec_Wawa_Kleczewska_54_zakret_balustrady_miedzy_parterem_a_pierwszym_pietrem-864x1536.jpg 864w, http:\/\/lapidarium.fundacja-hereditas.pl\/wp-content\/uploads\/2024\/12\/Danuta_Chodowiec_Wawa_Kleczewska_54_zakret_balustrady_miedzy_parterem_a_pierwszym_pietrem-1152x2048.jpg 1152w, http:\/\/lapidarium.fundacja-hereditas.pl\/wp-content\/uploads\/2024\/12\/Danuta_Chodowiec_Wawa_Kleczewska_54_zakret_balustrady_miedzy_parterem_a_pierwszym_pietrem-150x267.jpg 150w, http:\/\/lapidarium.fundacja-hereditas.pl\/wp-content\/uploads\/2024\/12\/Danuta_Chodowiec_Wawa_Kleczewska_54_zakret_balustrady_miedzy_parterem_a_pierwszym_pietrem-300x533.jpg 300w, http:\/\/lapidarium.fundacja-hereditas.pl\/wp-content\/uploads\/2024\/12\/Danuta_Chodowiec_Wawa_Kleczewska_54_zakret_balustrady_miedzy_parterem_a_pierwszym_pietrem-696x1237.jpg 696w, http:\/\/lapidarium.fundacja-hereditas.pl\/wp-content\/uploads\/2024\/12\/Danuta_Chodowiec_Wawa_Kleczewska_54_zakret_balustrady_miedzy_parterem_a_pierwszym_pietrem-1068x1898.jpg 1068w, http:\/\/lapidarium.fundacja-hereditas.pl\/wp-content\/uploads\/2024\/12\/Danuta_Chodowiec_Wawa_Kleczewska_54_zakret_balustrady_miedzy_parterem_a_pierwszym_pietrem-1920x3412.jpg 1920w, http:\/\/lapidarium.fundacja-hereditas.pl\/wp-content\/uploads\/2024\/12\/Danuta_Chodowiec_Wawa_Kleczewska_54_zakret_balustrady_miedzy_parterem_a_pierwszym_pietrem-scaled.jpg 1441w\" sizes=\"auto, (max-width: 576px) 100vw, 576px\" \/><figcaption class=\"wp-element-caption\">Klatka &#8211; zakr\u0119t balustrady na spoczniku. Fot. Danuta Chodowiec, 2024 r., \u017ar\u00f3d\u0142o: &#8222;Na szlaku Dziedzictwa Bielan&#8221;.<\/figcaption><\/figure>\n\n\n\n<figure class=\"wp-block-image size-large\"><img loading=\"lazy\" decoding=\"async\" width=\"576\" height=\"1024\" data-id=\"29880\" src=\"http:\/\/lapidarium.fundacja-hereditas.pl\/wp-content\/uploads\/2024\/12\/Danuta_Chodowiec_Wawa_Kleczewska_54_zakret_balustrady_parter-2-576x1024.jpg\" alt=\"\" class=\"wp-image-29880\" srcset=\"http:\/\/lapidarium.fundacja-hereditas.pl\/wp-content\/uploads\/2024\/12\/Danuta_Chodowiec_Wawa_Kleczewska_54_zakret_balustrady_parter-2-576x1024.jpg 576w, http:\/\/lapidarium.fundacja-hereditas.pl\/wp-content\/uploads\/2024\/12\/Danuta_Chodowiec_Wawa_Kleczewska_54_zakret_balustrady_parter-2-169x300.jpg 169w, http:\/\/lapidarium.fundacja-hereditas.pl\/wp-content\/uploads\/2024\/12\/Danuta_Chodowiec_Wawa_Kleczewska_54_zakret_balustrady_parter-2-768x1365.jpg 768w, http:\/\/lapidarium.fundacja-hereditas.pl\/wp-content\/uploads\/2024\/12\/Danuta_Chodowiec_Wawa_Kleczewska_54_zakret_balustrady_parter-2-864x1536.jpg 864w, http:\/\/lapidarium.fundacja-hereditas.pl\/wp-content\/uploads\/2024\/12\/Danuta_Chodowiec_Wawa_Kleczewska_54_zakret_balustrady_parter-2-1152x2048.jpg 1152w, http:\/\/lapidarium.fundacja-hereditas.pl\/wp-content\/uploads\/2024\/12\/Danuta_Chodowiec_Wawa_Kleczewska_54_zakret_balustrady_parter-2-150x267.jpg 150w, http:\/\/lapidarium.fundacja-hereditas.pl\/wp-content\/uploads\/2024\/12\/Danuta_Chodowiec_Wawa_Kleczewska_54_zakret_balustrady_parter-2-300x533.jpg 300w, http:\/\/lapidarium.fundacja-hereditas.pl\/wp-content\/uploads\/2024\/12\/Danuta_Chodowiec_Wawa_Kleczewska_54_zakret_balustrady_parter-2-696x1237.jpg 696w, http:\/\/lapidarium.fundacja-hereditas.pl\/wp-content\/uploads\/2024\/12\/Danuta_Chodowiec_Wawa_Kleczewska_54_zakret_balustrady_parter-2-1068x1898.jpg 1068w, http:\/\/lapidarium.fundacja-hereditas.pl\/wp-content\/uploads\/2024\/12\/Danuta_Chodowiec_Wawa_Kleczewska_54_zakret_balustrady_parter-2-1920x3412.jpg 1920w, http:\/\/lapidarium.fundacja-hereditas.pl\/wp-content\/uploads\/2024\/12\/Danuta_Chodowiec_Wawa_Kleczewska_54_zakret_balustrady_parter-2-scaled.jpg 1441w\" sizes=\"auto, (max-width: 576px) 100vw, 576px\" \/><figcaption class=\"wp-element-caption\">Klatka &#8211; widok ku wyj\u015bciu. Fot. Danuta Chodowiec, 2024 r., \u017ar\u00f3d\u0142o: &#8222;Na szlaku Dziedzictwa Bielan&#8221;.<\/figcaption><\/figure>\n\n\n\n<figure class=\"wp-block-image size-large\"><img loading=\"lazy\" decoding=\"async\" width=\"576\" height=\"1024\" data-id=\"29881\" src=\"http:\/\/lapidarium.fundacja-hereditas.pl\/wp-content\/uploads\/2024\/12\/Danuta_Chodowiec_Wawa_Kleczewska_54_zakret_balustrady_parter-576x1024.jpg\" alt=\"\" class=\"wp-image-29881\" srcset=\"http:\/\/lapidarium.fundacja-hereditas.pl\/wp-content\/uploads\/2024\/12\/Danuta_Chodowiec_Wawa_Kleczewska_54_zakret_balustrady_parter-576x1024.jpg 576w, http:\/\/lapidarium.fundacja-hereditas.pl\/wp-content\/uploads\/2024\/12\/Danuta_Chodowiec_Wawa_Kleczewska_54_zakret_balustrady_parter-169x300.jpg 169w, http:\/\/lapidarium.fundacja-hereditas.pl\/wp-content\/uploads\/2024\/12\/Danuta_Chodowiec_Wawa_Kleczewska_54_zakret_balustrady_parter-768x1365.jpg 768w, http:\/\/lapidarium.fundacja-hereditas.pl\/wp-content\/uploads\/2024\/12\/Danuta_Chodowiec_Wawa_Kleczewska_54_zakret_balustrady_parter-864x1536.jpg 864w, http:\/\/lapidarium.fundacja-hereditas.pl\/wp-content\/uploads\/2024\/12\/Danuta_Chodowiec_Wawa_Kleczewska_54_zakret_balustrady_parter-1152x2048.jpg 1152w, http:\/\/lapidarium.fundacja-hereditas.pl\/wp-content\/uploads\/2024\/12\/Danuta_Chodowiec_Wawa_Kleczewska_54_zakret_balustrady_parter-150x267.jpg 150w, http:\/\/lapidarium.fundacja-hereditas.pl\/wp-content\/uploads\/2024\/12\/Danuta_Chodowiec_Wawa_Kleczewska_54_zakret_balustrady_parter-300x533.jpg 300w, http:\/\/lapidarium.fundacja-hereditas.pl\/wp-content\/uploads\/2024\/12\/Danuta_Chodowiec_Wawa_Kleczewska_54_zakret_balustrady_parter-696x1237.jpg 696w, http:\/\/lapidarium.fundacja-hereditas.pl\/wp-content\/uploads\/2024\/12\/Danuta_Chodowiec_Wawa_Kleczewska_54_zakret_balustrady_parter-1068x1898.jpg 1068w, http:\/\/lapidarium.fundacja-hereditas.pl\/wp-content\/uploads\/2024\/12\/Danuta_Chodowiec_Wawa_Kleczewska_54_zakret_balustrady_parter-1920x3412.jpg 1920w, http:\/\/lapidarium.fundacja-hereditas.pl\/wp-content\/uploads\/2024\/12\/Danuta_Chodowiec_Wawa_Kleczewska_54_zakret_balustrady_parter-scaled.jpg 1441w\" sizes=\"auto, (max-width: 576px) 100vw, 576px\" \/><figcaption class=\"wp-element-caption\">Klatka &#8211; parter. Fot. Danuta Chodowiec, 2024 r., \u017ar\u00f3d\u0142o: &#8222;Na szlaku Dziedzictwa Bielan&#8221;.<\/figcaption><\/figure>\n\n\n\n<figure class=\"wp-block-image size-large\"><img loading=\"lazy\" decoding=\"async\" width=\"596\" height=\"1024\" data-id=\"29882\" src=\"http:\/\/lapidarium.fundacja-hereditas.pl\/wp-content\/uploads\/2024\/12\/Danuta_Chodowiec_Wawa_Kleczewska_54_zakret_schodow-596x1024.jpg\" alt=\"\" class=\"wp-image-29882\" srcset=\"http:\/\/lapidarium.fundacja-hereditas.pl\/wp-content\/uploads\/2024\/12\/Danuta_Chodowiec_Wawa_Kleczewska_54_zakret_schodow-596x1024.jpg 596w, http:\/\/lapidarium.fundacja-hereditas.pl\/wp-content\/uploads\/2024\/12\/Danuta_Chodowiec_Wawa_Kleczewska_54_zakret_schodow-175x300.jpg 175w, http:\/\/lapidarium.fundacja-hereditas.pl\/wp-content\/uploads\/2024\/12\/Danuta_Chodowiec_Wawa_Kleczewska_54_zakret_schodow-768x1319.jpg 768w, http:\/\/lapidarium.fundacja-hereditas.pl\/wp-content\/uploads\/2024\/12\/Danuta_Chodowiec_Wawa_Kleczewska_54_zakret_schodow-894x1536.jpg 894w, http:\/\/lapidarium.fundacja-hereditas.pl\/wp-content\/uploads\/2024\/12\/Danuta_Chodowiec_Wawa_Kleczewska_54_zakret_schodow-1192x2048.jpg 1192w, http:\/\/lapidarium.fundacja-hereditas.pl\/wp-content\/uploads\/2024\/12\/Danuta_Chodowiec_Wawa_Kleczewska_54_zakret_schodow-150x258.jpg 150w, http:\/\/lapidarium.fundacja-hereditas.pl\/wp-content\/uploads\/2024\/12\/Danuta_Chodowiec_Wawa_Kleczewska_54_zakret_schodow-300x515.jpg 300w, http:\/\/lapidarium.fundacja-hereditas.pl\/wp-content\/uploads\/2024\/12\/Danuta_Chodowiec_Wawa_Kleczewska_54_zakret_schodow-696x1196.jpg 696w, http:\/\/lapidarium.fundacja-hereditas.pl\/wp-content\/uploads\/2024\/12\/Danuta_Chodowiec_Wawa_Kleczewska_54_zakret_schodow-1068x1835.jpg 1068w, http:\/\/lapidarium.fundacja-hereditas.pl\/wp-content\/uploads\/2024\/12\/Danuta_Chodowiec_Wawa_Kleczewska_54_zakret_schodow-1920x3298.jpg 1920w, http:\/\/lapidarium.fundacja-hereditas.pl\/wp-content\/uploads\/2024\/12\/Danuta_Chodowiec_Wawa_Kleczewska_54_zakret_schodow-scaled.jpg 1490w\" sizes=\"auto, (max-width: 596px) 100vw, 596px\" \/><figcaption class=\"wp-element-caption\">Klatka &#8211; widok na I-sze pi\u0119tro. Fot. Danuta Chodowiec, 2024 r., \u017ar\u00f3d\u0142o: &#8222;Na szlaku Dziedzictwa Bielan&#8221;.<\/figcaption><\/figure>\n\n\n\n<figure class=\"wp-block-image size-large\"><img loading=\"lazy\" decoding=\"async\" width=\"1024\" height=\"576\" data-id=\"29883\" src=\"http:\/\/lapidarium.fundacja-hereditas.pl\/wp-content\/uploads\/2024\/12\/Danuta_Chodowiec_Wawa_Kleczewska_54_zsyp_na_wegiel-1024x576.jpg\" alt=\"\" class=\"wp-image-29883\" srcset=\"http:\/\/lapidarium.fundacja-hereditas.pl\/wp-content\/uploads\/2024\/12\/Danuta_Chodowiec_Wawa_Kleczewska_54_zsyp_na_wegiel-1024x576.jpg 1024w, http:\/\/lapidarium.fundacja-hereditas.pl\/wp-content\/uploads\/2024\/12\/Danuta_Chodowiec_Wawa_Kleczewska_54_zsyp_na_wegiel-300x169.jpg 300w, http:\/\/lapidarium.fundacja-hereditas.pl\/wp-content\/uploads\/2024\/12\/Danuta_Chodowiec_Wawa_Kleczewska_54_zsyp_na_wegiel-768x432.jpg 768w, http:\/\/lapidarium.fundacja-hereditas.pl\/wp-content\/uploads\/2024\/12\/Danuta_Chodowiec_Wawa_Kleczewska_54_zsyp_na_wegiel-1536x864.jpg 1536w, http:\/\/lapidarium.fundacja-hereditas.pl\/wp-content\/uploads\/2024\/12\/Danuta_Chodowiec_Wawa_Kleczewska_54_zsyp_na_wegiel-2048x1152.jpg 2048w, http:\/\/lapidarium.fundacja-hereditas.pl\/wp-content\/uploads\/2024\/12\/Danuta_Chodowiec_Wawa_Kleczewska_54_zsyp_na_wegiel-150x84.jpg 150w, http:\/\/lapidarium.fundacja-hereditas.pl\/wp-content\/uploads\/2024\/12\/Danuta_Chodowiec_Wawa_Kleczewska_54_zsyp_na_wegiel-696x392.jpg 696w, http:\/\/lapidarium.fundacja-hereditas.pl\/wp-content\/uploads\/2024\/12\/Danuta_Chodowiec_Wawa_Kleczewska_54_zsyp_na_wegiel-1068x601.jpg 1068w, http:\/\/lapidarium.fundacja-hereditas.pl\/wp-content\/uploads\/2024\/12\/Danuta_Chodowiec_Wawa_Kleczewska_54_zsyp_na_wegiel-1920x1080.jpg 1920w\" sizes=\"auto, (max-width: 1024px) 100vw, 1024px\" \/><figcaption class=\"wp-element-caption\">Os\u0142ona okna sutereny od strony ulicy. Fot. Danuta Chodowiec, 2024 r., \u017ar\u00f3d\u0142o: &#8222;Na szlaku Dziedzictwa Bielan&#8221;.<\/figcaption><\/figure>\n\n\n\n<figure class=\"wp-block-image size-large\"><img loading=\"lazy\" decoding=\"async\" width=\"819\" height=\"1024\" data-id=\"29885\" src=\"http:\/\/lapidarium.fundacja-hereditas.pl\/wp-content\/uploads\/2024\/12\/Ilowiecki_Piotr_Wwa_Kleczewska_54_01_widok-1_pn-zach-1-819x1024.jpg\" alt=\"\" class=\"wp-image-29885\" srcset=\"http:\/\/lapidarium.fundacja-hereditas.pl\/wp-content\/uploads\/2024\/12\/Ilowiecki_Piotr_Wwa_Kleczewska_54_01_widok-1_pn-zach-1-819x1024.jpg 819w, http:\/\/lapidarium.fundacja-hereditas.pl\/wp-content\/uploads\/2024\/12\/Ilowiecki_Piotr_Wwa_Kleczewska_54_01_widok-1_pn-zach-1-240x300.jpg 240w, http:\/\/lapidarium.fundacja-hereditas.pl\/wp-content\/uploads\/2024\/12\/Ilowiecki_Piotr_Wwa_Kleczewska_54_01_widok-1_pn-zach-1-768x960.jpg 768w, http:\/\/lapidarium.fundacja-hereditas.pl\/wp-content\/uploads\/2024\/12\/Ilowiecki_Piotr_Wwa_Kleczewska_54_01_widok-1_pn-zach-1-1229x1536.jpg 1229w, http:\/\/lapidarium.fundacja-hereditas.pl\/wp-content\/uploads\/2024\/12\/Ilowiecki_Piotr_Wwa_Kleczewska_54_01_widok-1_pn-zach-1-1638x2048.jpg 1638w, http:\/\/lapidarium.fundacja-hereditas.pl\/wp-content\/uploads\/2024\/12\/Ilowiecki_Piotr_Wwa_Kleczewska_54_01_widok-1_pn-zach-1-150x188.jpg 150w, http:\/\/lapidarium.fundacja-hereditas.pl\/wp-content\/uploads\/2024\/12\/Ilowiecki_Piotr_Wwa_Kleczewska_54_01_widok-1_pn-zach-1-300x375.jpg 300w, http:\/\/lapidarium.fundacja-hereditas.pl\/wp-content\/uploads\/2024\/12\/Ilowiecki_Piotr_Wwa_Kleczewska_54_01_widok-1_pn-zach-1-696x870.jpg 696w, http:\/\/lapidarium.fundacja-hereditas.pl\/wp-content\/uploads\/2024\/12\/Ilowiecki_Piotr_Wwa_Kleczewska_54_01_widok-1_pn-zach-1-1068x1335.jpg 1068w, http:\/\/lapidarium.fundacja-hereditas.pl\/wp-content\/uploads\/2024\/12\/Ilowiecki_Piotr_Wwa_Kleczewska_54_01_widok-1_pn-zach-1-1920x2400.jpg 1920w, http:\/\/lapidarium.fundacja-hereditas.pl\/wp-content\/uploads\/2024\/12\/Ilowiecki_Piotr_Wwa_Kleczewska_54_01_widok-1_pn-zach-1.jpg 2000w\" sizes=\"auto, (max-width: 819px) 100vw, 819px\" \/><figcaption class=\"wp-element-caption\">Widok og\u00f3lny od strony ulicy. Fot. Piotr I\u0142owiecki, 2024 r., \u017ar\u00f3d\u0142o: &#8222;Na szlaku Dziedzictwa Bielan&#8221;.<\/figcaption><\/figure>\n\n\n\n<figure class=\"wp-block-image size-large\"><img loading=\"lazy\" decoding=\"async\" width=\"819\" height=\"1024\" data-id=\"29887\" src=\"http:\/\/lapidarium.fundacja-hereditas.pl\/wp-content\/uploads\/2024\/12\/Ilowiecki_Piotr_Wwa_Kleczewska_54_01_widok-3_zachodni-1-819x1024.jpg\" alt=\"\" class=\"wp-image-29887\" srcset=\"http:\/\/lapidarium.fundacja-hereditas.pl\/wp-content\/uploads\/2024\/12\/Ilowiecki_Piotr_Wwa_Kleczewska_54_01_widok-3_zachodni-1-819x1024.jpg 819w, http:\/\/lapidarium.fundacja-hereditas.pl\/wp-content\/uploads\/2024\/12\/Ilowiecki_Piotr_Wwa_Kleczewska_54_01_widok-3_zachodni-1-240x300.jpg 240w, http:\/\/lapidarium.fundacja-hereditas.pl\/wp-content\/uploads\/2024\/12\/Ilowiecki_Piotr_Wwa_Kleczewska_54_01_widok-3_zachodni-1-768x960.jpg 768w, http:\/\/lapidarium.fundacja-hereditas.pl\/wp-content\/uploads\/2024\/12\/Ilowiecki_Piotr_Wwa_Kleczewska_54_01_widok-3_zachodni-1-1229x1536.jpg 1229w, http:\/\/lapidarium.fundacja-hereditas.pl\/wp-content\/uploads\/2024\/12\/Ilowiecki_Piotr_Wwa_Kleczewska_54_01_widok-3_zachodni-1-1638x2048.jpg 1638w, http:\/\/lapidarium.fundacja-hereditas.pl\/wp-content\/uploads\/2024\/12\/Ilowiecki_Piotr_Wwa_Kleczewska_54_01_widok-3_zachodni-1-150x188.jpg 150w, http:\/\/lapidarium.fundacja-hereditas.pl\/wp-content\/uploads\/2024\/12\/Ilowiecki_Piotr_Wwa_Kleczewska_54_01_widok-3_zachodni-1-300x375.jpg 300w, http:\/\/lapidarium.fundacja-hereditas.pl\/wp-content\/uploads\/2024\/12\/Ilowiecki_Piotr_Wwa_Kleczewska_54_01_widok-3_zachodni-1-696x870.jpg 696w, http:\/\/lapidarium.fundacja-hereditas.pl\/wp-content\/uploads\/2024\/12\/Ilowiecki_Piotr_Wwa_Kleczewska_54_01_widok-3_zachodni-1-1068x1335.jpg 1068w, http:\/\/lapidarium.fundacja-hereditas.pl\/wp-content\/uploads\/2024\/12\/Ilowiecki_Piotr_Wwa_Kleczewska_54_01_widok-3_zachodni-1-1920x2400.jpg 1920w, http:\/\/lapidarium.fundacja-hereditas.pl\/wp-content\/uploads\/2024\/12\/Ilowiecki_Piotr_Wwa_Kleczewska_54_01_widok-3_zachodni-1.jpg 2000w\" sizes=\"auto, (max-width: 819px) 100vw, 819px\" \/><figcaption class=\"wp-element-caption\">Widok og\u00f3lny od strony ulicy. Fot. Piotr I\u0142owiecki, 2024 r., \u017ar\u00f3d\u0142o: &#8222;Na szlaku Dziedzictwa Bielan&#8221;.<\/figcaption><\/figure>\n\n\n\n<figure class=\"wp-block-image size-large\"><img loading=\"lazy\" decoding=\"async\" width=\"683\" height=\"1024\" data-id=\"29888\" src=\"http:\/\/lapidarium.fundacja-hereditas.pl\/wp-content\/uploads\/2024\/12\/Ilowiecki_Piotr_Wwa_Kleczewska_54_01_widok-5_pld-zac-1-683x1024.jpg\" alt=\"\" class=\"wp-image-29888\" srcset=\"http:\/\/lapidarium.fundacja-hereditas.pl\/wp-content\/uploads\/2024\/12\/Ilowiecki_Piotr_Wwa_Kleczewska_54_01_widok-5_pld-zac-1-683x1024.jpg 683w, http:\/\/lapidarium.fundacja-hereditas.pl\/wp-content\/uploads\/2024\/12\/Ilowiecki_Piotr_Wwa_Kleczewska_54_01_widok-5_pld-zac-1-200x300.jpg 200w, http:\/\/lapidarium.fundacja-hereditas.pl\/wp-content\/uploads\/2024\/12\/Ilowiecki_Piotr_Wwa_Kleczewska_54_01_widok-5_pld-zac-1-768x1152.jpg 768w, http:\/\/lapidarium.fundacja-hereditas.pl\/wp-content\/uploads\/2024\/12\/Ilowiecki_Piotr_Wwa_Kleczewska_54_01_widok-5_pld-zac-1-1024x1536.jpg 1024w, http:\/\/lapidarium.fundacja-hereditas.pl\/wp-content\/uploads\/2024\/12\/Ilowiecki_Piotr_Wwa_Kleczewska_54_01_widok-5_pld-zac-1-1365x2048.jpg 1365w, http:\/\/lapidarium.fundacja-hereditas.pl\/wp-content\/uploads\/2024\/12\/Ilowiecki_Piotr_Wwa_Kleczewska_54_01_widok-5_pld-zac-1-150x225.jpg 150w, http:\/\/lapidarium.fundacja-hereditas.pl\/wp-content\/uploads\/2024\/12\/Ilowiecki_Piotr_Wwa_Kleczewska_54_01_widok-5_pld-zac-1-300x450.jpg 300w, http:\/\/lapidarium.fundacja-hereditas.pl\/wp-content\/uploads\/2024\/12\/Ilowiecki_Piotr_Wwa_Kleczewska_54_01_widok-5_pld-zac-1-696x1044.jpg 696w, http:\/\/lapidarium.fundacja-hereditas.pl\/wp-content\/uploads\/2024\/12\/Ilowiecki_Piotr_Wwa_Kleczewska_54_01_widok-5_pld-zac-1-1068x1602.jpg 1068w, http:\/\/lapidarium.fundacja-hereditas.pl\/wp-content\/uploads\/2024\/12\/Ilowiecki_Piotr_Wwa_Kleczewska_54_01_widok-5_pld-zac-1-1920x2880.jpg 1920w, http:\/\/lapidarium.fundacja-hereditas.pl\/wp-content\/uploads\/2024\/12\/Ilowiecki_Piotr_Wwa_Kleczewska_54_01_widok-5_pld-zac-1-scaled.jpg 1707w\" sizes=\"auto, (max-width: 683px) 100vw, 683px\" \/><figcaption class=\"wp-element-caption\">Widok parteru od strony ulicy. Fot. Piotr I\u0142owiecki, 2024 r., \u017ar\u00f3d\u0142o: &#8222;Na szlaku Dziedzictwa Bielan&#8221;.<\/figcaption><\/figure>\n\n\n\n<figure class=\"wp-block-image size-large\"><img loading=\"lazy\" decoding=\"async\" width=\"683\" height=\"1024\" data-id=\"29884\" src=\"http:\/\/lapidarium.fundacja-hereditas.pl\/wp-content\/uploads\/2024\/12\/Ilowiecki_Piotr_Wwa_Kleczewska_54_02_parter-1-683x1024.jpg\" alt=\"\" class=\"wp-image-29884\" srcset=\"http:\/\/lapidarium.fundacja-hereditas.pl\/wp-content\/uploads\/2024\/12\/Ilowiecki_Piotr_Wwa_Kleczewska_54_02_parter-1-683x1024.jpg 683w, http:\/\/lapidarium.fundacja-hereditas.pl\/wp-content\/uploads\/2024\/12\/Ilowiecki_Piotr_Wwa_Kleczewska_54_02_parter-1-200x300.jpg 200w, http:\/\/lapidarium.fundacja-hereditas.pl\/wp-content\/uploads\/2024\/12\/Ilowiecki_Piotr_Wwa_Kleczewska_54_02_parter-1-768x1152.jpg 768w, http:\/\/lapidarium.fundacja-hereditas.pl\/wp-content\/uploads\/2024\/12\/Ilowiecki_Piotr_Wwa_Kleczewska_54_02_parter-1-1024x1536.jpg 1024w, http:\/\/lapidarium.fundacja-hereditas.pl\/wp-content\/uploads\/2024\/12\/Ilowiecki_Piotr_Wwa_Kleczewska_54_02_parter-1-1365x2048.jpg 1365w, http:\/\/lapidarium.fundacja-hereditas.pl\/wp-content\/uploads\/2024\/12\/Ilowiecki_Piotr_Wwa_Kleczewska_54_02_parter-1-150x225.jpg 150w, http:\/\/lapidarium.fundacja-hereditas.pl\/wp-content\/uploads\/2024\/12\/Ilowiecki_Piotr_Wwa_Kleczewska_54_02_parter-1-300x450.jpg 300w, http:\/\/lapidarium.fundacja-hereditas.pl\/wp-content\/uploads\/2024\/12\/Ilowiecki_Piotr_Wwa_Kleczewska_54_02_parter-1-696x1044.jpg 696w, http:\/\/lapidarium.fundacja-hereditas.pl\/wp-content\/uploads\/2024\/12\/Ilowiecki_Piotr_Wwa_Kleczewska_54_02_parter-1-1068x1602.jpg 1068w, http:\/\/lapidarium.fundacja-hereditas.pl\/wp-content\/uploads\/2024\/12\/Ilowiecki_Piotr_Wwa_Kleczewska_54_02_parter-1-1920x2880.jpg 1920w, http:\/\/lapidarium.fundacja-hereditas.pl\/wp-content\/uploads\/2024\/12\/Ilowiecki_Piotr_Wwa_Kleczewska_54_02_parter-1-scaled.jpg 1707w\" sizes=\"auto, (max-width: 683px) 100vw, 683px\" \/><figcaption class=\"wp-element-caption\">Klatka &#8211; parter. Fot. Piotr I\u0142owiecki, 2024 r., \u017ar\u00f3d\u0142o: &#8222;Na szlaku Dziedzictwa Bielan&#8221;.<\/figcaption><\/figure>\n\n\n\n<figure class=\"wp-block-image size-large\"><img loading=\"lazy\" decoding=\"async\" width=\"683\" height=\"1024\" data-id=\"29886\" src=\"http:\/\/lapidarium.fundacja-hereditas.pl\/wp-content\/uploads\/2024\/12\/Ilowiecki_Piotr_Wwa_Kleczewska_54_03_spocznikpoparterze-1-683x1024.jpg\" alt=\"\" class=\"wp-image-29886\" srcset=\"http:\/\/lapidarium.fundacja-hereditas.pl\/wp-content\/uploads\/2024\/12\/Ilowiecki_Piotr_Wwa_Kleczewska_54_03_spocznikpoparterze-1-683x1024.jpg 683w, http:\/\/lapidarium.fundacja-hereditas.pl\/wp-content\/uploads\/2024\/12\/Ilowiecki_Piotr_Wwa_Kleczewska_54_03_spocznikpoparterze-1-200x300.jpg 200w, http:\/\/lapidarium.fundacja-hereditas.pl\/wp-content\/uploads\/2024\/12\/Ilowiecki_Piotr_Wwa_Kleczewska_54_03_spocznikpoparterze-1-768x1152.jpg 768w, http:\/\/lapidarium.fundacja-hereditas.pl\/wp-content\/uploads\/2024\/12\/Ilowiecki_Piotr_Wwa_Kleczewska_54_03_spocznikpoparterze-1-1024x1536.jpg 1024w, http:\/\/lapidarium.fundacja-hereditas.pl\/wp-content\/uploads\/2024\/12\/Ilowiecki_Piotr_Wwa_Kleczewska_54_03_spocznikpoparterze-1-1365x2048.jpg 1365w, http:\/\/lapidarium.fundacja-hereditas.pl\/wp-content\/uploads\/2024\/12\/Ilowiecki_Piotr_Wwa_Kleczewska_54_03_spocznikpoparterze-1-150x225.jpg 150w, http:\/\/lapidarium.fundacja-hereditas.pl\/wp-content\/uploads\/2024\/12\/Ilowiecki_Piotr_Wwa_Kleczewska_54_03_spocznikpoparterze-1-300x450.jpg 300w, http:\/\/lapidarium.fundacja-hereditas.pl\/wp-content\/uploads\/2024\/12\/Ilowiecki_Piotr_Wwa_Kleczewska_54_03_spocznikpoparterze-1-696x1044.jpg 696w, http:\/\/lapidarium.fundacja-hereditas.pl\/wp-content\/uploads\/2024\/12\/Ilowiecki_Piotr_Wwa_Kleczewska_54_03_spocznikpoparterze-1-1068x1602.jpg 1068w, http:\/\/lapidarium.fundacja-hereditas.pl\/wp-content\/uploads\/2024\/12\/Ilowiecki_Piotr_Wwa_Kleczewska_54_03_spocznikpoparterze-1-1920x2880.jpg 1920w, http:\/\/lapidarium.fundacja-hereditas.pl\/wp-content\/uploads\/2024\/12\/Ilowiecki_Piotr_Wwa_Kleczewska_54_03_spocznikpoparterze-1-scaled.jpg 1707w\" sizes=\"auto, (max-width: 683px) 100vw, 683px\" \/><figcaption class=\"wp-element-caption\">Klatka &#8211; widok na I-szy spocznik. Fot. Piotr I\u0142owiecki, 2024 r., \u017ar\u00f3d\u0142o: &#8222;Na szlaku Dziedzictwa Bielan&#8221;.<\/figcaption><\/figure>\n\n\n\n<figure class=\"wp-block-image size-large\"><img loading=\"lazy\" decoding=\"async\" width=\"683\" height=\"1024\" data-id=\"29889\" src=\"http:\/\/lapidarium.fundacja-hereditas.pl\/wp-content\/uploads\/2024\/12\/Ilowiecki_Piotr_Wwa_Kleczewska_54_03_spocznikpoparterze-2-683x1024.jpg\" alt=\"\" class=\"wp-image-29889\" srcset=\"http:\/\/lapidarium.fundacja-hereditas.pl\/wp-content\/uploads\/2024\/12\/Ilowiecki_Piotr_Wwa_Kleczewska_54_03_spocznikpoparterze-2-683x1024.jpg 683w, http:\/\/lapidarium.fundacja-hereditas.pl\/wp-content\/uploads\/2024\/12\/Ilowiecki_Piotr_Wwa_Kleczewska_54_03_spocznikpoparterze-2-200x300.jpg 200w, http:\/\/lapidarium.fundacja-hereditas.pl\/wp-content\/uploads\/2024\/12\/Ilowiecki_Piotr_Wwa_Kleczewska_54_03_spocznikpoparterze-2-768x1152.jpg 768w, http:\/\/lapidarium.fundacja-hereditas.pl\/wp-content\/uploads\/2024\/12\/Ilowiecki_Piotr_Wwa_Kleczewska_54_03_spocznikpoparterze-2-1024x1536.jpg 1024w, http:\/\/lapidarium.fundacja-hereditas.pl\/wp-content\/uploads\/2024\/12\/Ilowiecki_Piotr_Wwa_Kleczewska_54_03_spocznikpoparterze-2-1365x2048.jpg 1365w, http:\/\/lapidarium.fundacja-hereditas.pl\/wp-content\/uploads\/2024\/12\/Ilowiecki_Piotr_Wwa_Kleczewska_54_03_spocznikpoparterze-2-150x225.jpg 150w, http:\/\/lapidarium.fundacja-hereditas.pl\/wp-content\/uploads\/2024\/12\/Ilowiecki_Piotr_Wwa_Kleczewska_54_03_spocznikpoparterze-2-300x450.jpg 300w, http:\/\/lapidarium.fundacja-hereditas.pl\/wp-content\/uploads\/2024\/12\/Ilowiecki_Piotr_Wwa_Kleczewska_54_03_spocznikpoparterze-2-696x1044.jpg 696w, http:\/\/lapidarium.fundacja-hereditas.pl\/wp-content\/uploads\/2024\/12\/Ilowiecki_Piotr_Wwa_Kleczewska_54_03_spocznikpoparterze-2-1068x1602.jpg 1068w, http:\/\/lapidarium.fundacja-hereditas.pl\/wp-content\/uploads\/2024\/12\/Ilowiecki_Piotr_Wwa_Kleczewska_54_03_spocznikpoparterze-2-1920x2880.jpg 1920w, http:\/\/lapidarium.fundacja-hereditas.pl\/wp-content\/uploads\/2024\/12\/Ilowiecki_Piotr_Wwa_Kleczewska_54_03_spocznikpoparterze-2-scaled.jpg 1707w\" sizes=\"auto, (max-width: 683px) 100vw, 683px\" \/><figcaption class=\"wp-element-caption\">Klatka &#8211; pr\u0119ty balustrady. Fot. Piotr I\u0142owiecki, 2024 r., \u017ar\u00f3d\u0142o: &#8222;Na szlaku Dziedzictwa Bielan&#8221;.<\/figcaption><\/figure>\n\n\n\n<figure class=\"wp-block-image size-large\"><img loading=\"lazy\" decoding=\"async\" width=\"683\" height=\"1024\" data-id=\"29890\" src=\"http:\/\/lapidarium.fundacja-hereditas.pl\/wp-content\/uploads\/2024\/12\/Ilowiecki_Piotr_Wwa_Kleczewska_54_03_spocznikpoparterze-3_biegnapietro2-1-683x1024.jpg\" alt=\"\" class=\"wp-image-29890\" srcset=\"http:\/\/lapidarium.fundacja-hereditas.pl\/wp-content\/uploads\/2024\/12\/Ilowiecki_Piotr_Wwa_Kleczewska_54_03_spocznikpoparterze-3_biegnapietro2-1-683x1024.jpg 683w, http:\/\/lapidarium.fundacja-hereditas.pl\/wp-content\/uploads\/2024\/12\/Ilowiecki_Piotr_Wwa_Kleczewska_54_03_spocznikpoparterze-3_biegnapietro2-1-200x300.jpg 200w, http:\/\/lapidarium.fundacja-hereditas.pl\/wp-content\/uploads\/2024\/12\/Ilowiecki_Piotr_Wwa_Kleczewska_54_03_spocznikpoparterze-3_biegnapietro2-1-768x1152.jpg 768w, http:\/\/lapidarium.fundacja-hereditas.pl\/wp-content\/uploads\/2024\/12\/Ilowiecki_Piotr_Wwa_Kleczewska_54_03_spocznikpoparterze-3_biegnapietro2-1-1024x1536.jpg 1024w, http:\/\/lapidarium.fundacja-hereditas.pl\/wp-content\/uploads\/2024\/12\/Ilowiecki_Piotr_Wwa_Kleczewska_54_03_spocznikpoparterze-3_biegnapietro2-1-1365x2048.jpg 1365w, http:\/\/lapidarium.fundacja-hereditas.pl\/wp-content\/uploads\/2024\/12\/Ilowiecki_Piotr_Wwa_Kleczewska_54_03_spocznikpoparterze-3_biegnapietro2-1-150x225.jpg 150w, http:\/\/lapidarium.fundacja-hereditas.pl\/wp-content\/uploads\/2024\/12\/Ilowiecki_Piotr_Wwa_Kleczewska_54_03_spocznikpoparterze-3_biegnapietro2-1-300x450.jpg 300w, http:\/\/lapidarium.fundacja-hereditas.pl\/wp-content\/uploads\/2024\/12\/Ilowiecki_Piotr_Wwa_Kleczewska_54_03_spocznikpoparterze-3_biegnapietro2-1-696x1044.jpg 696w, http:\/\/lapidarium.fundacja-hereditas.pl\/wp-content\/uploads\/2024\/12\/Ilowiecki_Piotr_Wwa_Kleczewska_54_03_spocznikpoparterze-3_biegnapietro2-1-1068x1602.jpg 1068w, http:\/\/lapidarium.fundacja-hereditas.pl\/wp-content\/uploads\/2024\/12\/Ilowiecki_Piotr_Wwa_Kleczewska_54_03_spocznikpoparterze-3_biegnapietro2-1-1920x2880.jpg 1920w, http:\/\/lapidarium.fundacja-hereditas.pl\/wp-content\/uploads\/2024\/12\/Ilowiecki_Piotr_Wwa_Kleczewska_54_03_spocznikpoparterze-3_biegnapietro2-1-scaled.jpg 1707w\" sizes=\"auto, (max-width: 683px) 100vw, 683px\" \/><figcaption class=\"wp-element-caption\">Klatka &#8211; pr\u0119ty balustrady. Fot. Piotr I\u0142owiecki, 2024 r., \u017ar\u00f3d\u0142o: &#8222;Na szlaku Dziedzictwa Bielan&#8221;.<\/figcaption><\/figure>\n\n\n\n<figure class=\"wp-block-image size-large\"><img loading=\"lazy\" decoding=\"async\" width=\"683\" height=\"1024\" data-id=\"29891\" src=\"http:\/\/lapidarium.fundacja-hereditas.pl\/wp-content\/uploads\/2024\/12\/Ilowiecki_Piotr_Wwa_Kleczewska_54_04_pietro1_01_widoknaspocznikpopietrze1-683x1024.jpg\" alt=\"\" class=\"wp-image-29891\" srcset=\"http:\/\/lapidarium.fundacja-hereditas.pl\/wp-content\/uploads\/2024\/12\/Ilowiecki_Piotr_Wwa_Kleczewska_54_04_pietro1_01_widoknaspocznikpopietrze1-683x1024.jpg 683w, http:\/\/lapidarium.fundacja-hereditas.pl\/wp-content\/uploads\/2024\/12\/Ilowiecki_Piotr_Wwa_Kleczewska_54_04_pietro1_01_widoknaspocznikpopietrze1-200x300.jpg 200w, http:\/\/lapidarium.fundacja-hereditas.pl\/wp-content\/uploads\/2024\/12\/Ilowiecki_Piotr_Wwa_Kleczewska_54_04_pietro1_01_widoknaspocznikpopietrze1-768x1152.jpg 768w, http:\/\/lapidarium.fundacja-hereditas.pl\/wp-content\/uploads\/2024\/12\/Ilowiecki_Piotr_Wwa_Kleczewska_54_04_pietro1_01_widoknaspocznikpopietrze1-1024x1536.jpg 1024w, http:\/\/lapidarium.fundacja-hereditas.pl\/wp-content\/uploads\/2024\/12\/Ilowiecki_Piotr_Wwa_Kleczewska_54_04_pietro1_01_widoknaspocznikpopietrze1-1365x2048.jpg 1365w, http:\/\/lapidarium.fundacja-hereditas.pl\/wp-content\/uploads\/2024\/12\/Ilowiecki_Piotr_Wwa_Kleczewska_54_04_pietro1_01_widoknaspocznikpopietrze1-150x225.jpg 150w, http:\/\/lapidarium.fundacja-hereditas.pl\/wp-content\/uploads\/2024\/12\/Ilowiecki_Piotr_Wwa_Kleczewska_54_04_pietro1_01_widoknaspocznikpopietrze1-300x450.jpg 300w, http:\/\/lapidarium.fundacja-hereditas.pl\/wp-content\/uploads\/2024\/12\/Ilowiecki_Piotr_Wwa_Kleczewska_54_04_pietro1_01_widoknaspocznikpopietrze1-696x1044.jpg 696w, http:\/\/lapidarium.fundacja-hereditas.pl\/wp-content\/uploads\/2024\/12\/Ilowiecki_Piotr_Wwa_Kleczewska_54_04_pietro1_01_widoknaspocznikpopietrze1-1068x1602.jpg 1068w, http:\/\/lapidarium.fundacja-hereditas.pl\/wp-content\/uploads\/2024\/12\/Ilowiecki_Piotr_Wwa_Kleczewska_54_04_pietro1_01_widoknaspocznikpopietrze1-1920x2880.jpg 1920w, http:\/\/lapidarium.fundacja-hereditas.pl\/wp-content\/uploads\/2024\/12\/Ilowiecki_Piotr_Wwa_Kleczewska_54_04_pietro1_01_widoknaspocznikpopietrze1-scaled.jpg 1707w\" sizes=\"auto, (max-width: 683px) 100vw, 683px\" \/><figcaption class=\"wp-element-caption\">Klatka &#8211; widok na II-gi spocznik. Fot. Piotr I\u0142owiecki, 2024 r., \u017ar\u00f3d\u0142o: &#8222;Na szlaku Dziedzictwa Bielan&#8221;.<\/figcaption><\/figure>\n\n\n\n<figure class=\"wp-block-image size-large\"><img loading=\"lazy\" decoding=\"async\" width=\"683\" height=\"1024\" data-id=\"29892\" src=\"http:\/\/lapidarium.fundacja-hereditas.pl\/wp-content\/uploads\/2024\/12\/Ilowiecki_Piotr_Wwa_Kleczewska_54_04_pietro1_02_schodyna_P2-01-683x1024.jpg\" alt=\"\" class=\"wp-image-29892\" srcset=\"http:\/\/lapidarium.fundacja-hereditas.pl\/wp-content\/uploads\/2024\/12\/Ilowiecki_Piotr_Wwa_Kleczewska_54_04_pietro1_02_schodyna_P2-01-683x1024.jpg 683w, http:\/\/lapidarium.fundacja-hereditas.pl\/wp-content\/uploads\/2024\/12\/Ilowiecki_Piotr_Wwa_Kleczewska_54_04_pietro1_02_schodyna_P2-01-200x300.jpg 200w, http:\/\/lapidarium.fundacja-hereditas.pl\/wp-content\/uploads\/2024\/12\/Ilowiecki_Piotr_Wwa_Kleczewska_54_04_pietro1_02_schodyna_P2-01-768x1152.jpg 768w, http:\/\/lapidarium.fundacja-hereditas.pl\/wp-content\/uploads\/2024\/12\/Ilowiecki_Piotr_Wwa_Kleczewska_54_04_pietro1_02_schodyna_P2-01-1024x1536.jpg 1024w, http:\/\/lapidarium.fundacja-hereditas.pl\/wp-content\/uploads\/2024\/12\/Ilowiecki_Piotr_Wwa_Kleczewska_54_04_pietro1_02_schodyna_P2-01-1365x2048.jpg 1365w, http:\/\/lapidarium.fundacja-hereditas.pl\/wp-content\/uploads\/2024\/12\/Ilowiecki_Piotr_Wwa_Kleczewska_54_04_pietro1_02_schodyna_P2-01-150x225.jpg 150w, http:\/\/lapidarium.fundacja-hereditas.pl\/wp-content\/uploads\/2024\/12\/Ilowiecki_Piotr_Wwa_Kleczewska_54_04_pietro1_02_schodyna_P2-01-300x450.jpg 300w, http:\/\/lapidarium.fundacja-hereditas.pl\/wp-content\/uploads\/2024\/12\/Ilowiecki_Piotr_Wwa_Kleczewska_54_04_pietro1_02_schodyna_P2-01-696x1044.jpg 696w, http:\/\/lapidarium.fundacja-hereditas.pl\/wp-content\/uploads\/2024\/12\/Ilowiecki_Piotr_Wwa_Kleczewska_54_04_pietro1_02_schodyna_P2-01-1068x1602.jpg 1068w, http:\/\/lapidarium.fundacja-hereditas.pl\/wp-content\/uploads\/2024\/12\/Ilowiecki_Piotr_Wwa_Kleczewska_54_04_pietro1_02_schodyna_P2-01-1920x2880.jpg 1920w, http:\/\/lapidarium.fundacja-hereditas.pl\/wp-content\/uploads\/2024\/12\/Ilowiecki_Piotr_Wwa_Kleczewska_54_04_pietro1_02_schodyna_P2-01-scaled.jpg 1707w\" sizes=\"auto, (max-width: 683px) 100vw, 683px\" \/><figcaption class=\"wp-element-caption\">Klatka &#8211; widok I-go pi\u0119tra. Fot. Piotr I\u0142owiecki, 2024 r., \u017ar\u00f3d\u0142o: &#8222;Na szlaku Dziedzictwa Bielan&#8221;.<\/figcaption><\/figure>\n<\/figure>\n","protected":false},"excerpt":{"rendered":"<p>Kameralny, wielorodzinny budynek, powsta\u0142 zapewne ok. 1935 r. Mimo i\u017c ma dwie do trzech kondygnacji, to zachowuje wszystkie cechy bli\u017aniaka wraz z kamienic\u0105 stoj\u0105c\u0105 na po\u0142udnie od niego, zapewne nieznacznie m\u0142odsz\u0105. Jego bry\u0142a zosta\u0142a do\u015b\u0107 dynamicznie uformowana, sk\u0142ada si\u0119 jakby z kilku zespolonych ze sob\u0105 cz\u0119\u015bci. Z ostatniej wojny obiekt wyszed\u0142 obronn\u0105 r\u0119k\u0105, jednak wydaje [&hellip;]<\/p>\n","protected":false},"author":6,"featured_media":29894,"comment_status":"open","ping_status":"open","sticky":false,"template":"","format":"standard","meta":{"footnotes":""},"categories":[129,4],"tags":[],"class_list":{"0":"post-29836","1":"post","2":"type-post","3":"status-publish","4":"format-standard","5":"has-post-thumbnail","7":"category-kleczewska","8":"category-warszawa"},"_links":{"self":[{"href":"http:\/\/lapidarium.fundacja-hereditas.pl\/index.php\/wp-json\/wp\/v2\/posts\/29836","targetHints":{"allow":["GET"]}}],"collection":[{"href":"http:\/\/lapidarium.fundacja-hereditas.pl\/index.php\/wp-json\/wp\/v2\/posts"}],"about":[{"href":"http:\/\/lapidarium.fundacja-hereditas.pl\/index.php\/wp-json\/wp\/v2\/types\/post"}],"author":[{"embeddable":true,"href":"http:\/\/lapidarium.fundacja-hereditas.pl\/index.php\/wp-json\/wp\/v2\/users\/6"}],"replies":[{"embeddable":true,"href":"http:\/\/lapidarium.fundacja-hereditas.pl\/index.php\/wp-json\/wp\/v2\/comments?post=29836"}],"version-history":[{"count":7,"href":"http:\/\/lapidarium.fundacja-hereditas.pl\/index.php\/wp-json\/wp\/v2\/posts\/29836\/revisions"}],"predecessor-version":[{"id":33613,"href":"http:\/\/lapidarium.fundacja-hereditas.pl\/index.php\/wp-json\/wp\/v2\/posts\/29836\/revisions\/33613"}],"wp:featuredmedia":[{"embeddable":true,"href":"http:\/\/lapidarium.fundacja-hereditas.pl\/index.php\/wp-json\/wp\/v2\/media\/29894"}],"wp:attachment":[{"href":"http:\/\/lapidarium.fundacja-hereditas.pl\/index.php\/wp-json\/wp\/v2\/media?parent=29836"}],"wp:term":[{"taxonomy":"category","embeddable":true,"href":"http:\/\/lapidarium.fundacja-hereditas.pl\/index.php\/wp-json\/wp\/v2\/categories?post=29836"},{"taxonomy":"post_tag","embeddable":true,"href":"http:\/\/lapidarium.fundacja-hereditas.pl\/index.php\/wp-json\/wp\/v2\/tags?post=29836"}],"curies":[{"name":"wp","href":"https:\/\/api.w.org\/{rel}","templated":true}]}}