{"id":2955,"date":"2021-08-31T17:44:11","date_gmt":"2021-08-31T15:44:11","guid":{"rendered":"https:\/\/lapidarium.fundacja-hereditas.pl\/?p=2955"},"modified":"2021-10-26T18:26:48","modified_gmt":"2021-10-26T16:26:48","slug":"kamienica-ul-bialostocka-20","status":"publish","type":"post","link":"http:\/\/lapidarium.fundacja-hereditas.pl\/index.php\/2021\/08\/31\/kamienica-ul-bialostocka-20\/","title":{"rendered":"Kamienica ul. Bia\u0142ostocka 20, Warszawa"},"content":{"rendered":"\n<figure class=\"wp-block-gallery columns-3 is-cropped wp-block-gallery-1 is-layout-flex wp-block-gallery-is-layout-flex\"><ul class=\"blocks-gallery-grid\"><li class=\"blocks-gallery-item\"><figure><a href=\"http:\/\/lapidarium.fundacja-hereditas.pl\/wp-content\/uploads\/2021\/08\/b_DSC_0226.jpg\"><img loading=\"lazy\" decoding=\"async\" width=\"800\" height=\"532\" src=\"http:\/\/lapidarium.fundacja-hereditas.pl\/wp-content\/uploads\/2021\/08\/b_DSC_0226.jpg\" alt=\"Kamienica, ul. Bia\u0142ostocka 20. Fot. Magdalena Bara\u0144ska, 2017, \u017ar\u00f3d\u0142o: zabytek.co\" data-id=\"2934\" data-full-url=\"http:\/\/lapidarium.fundacja-hereditas.pl\/wp-content\/uploads\/2021\/08\/b_DSC_0226.jpg\" data-link=\"https:\/\/lapidarium.fundacja-hereditas.pl\/b_dsc_0226\/\" class=\"wp-image-2934\" srcset=\"http:\/\/lapidarium.fundacja-hereditas.pl\/wp-content\/uploads\/2021\/08\/b_DSC_0226.jpg 800w, http:\/\/lapidarium.fundacja-hereditas.pl\/wp-content\/uploads\/2021\/08\/b_DSC_0226-300x200.jpg 300w, http:\/\/lapidarium.fundacja-hereditas.pl\/wp-content\/uploads\/2021\/08\/b_DSC_0226-768x511.jpg 768w, http:\/\/lapidarium.fundacja-hereditas.pl\/wp-content\/uploads\/2021\/08\/b_DSC_0226-150x100.jpg 150w, http:\/\/lapidarium.fundacja-hereditas.pl\/wp-content\/uploads\/2021\/08\/b_DSC_0226-696x463.jpg 696w\" sizes=\"auto, (max-width: 800px) 100vw, 800px\" \/><\/a><figcaption class=\"blocks-gallery-item__caption\">Kamienica, ul. Bia\u0142ostocka 20. Fot. Magdalena Bara\u0144ska, 2017, \u017ar\u00f3d\u0142o: zabytek.co<\/figcaption><\/figure><\/li><li class=\"blocks-gallery-item\"><figure><a href=\"http:\/\/lapidarium.fundacja-hereditas.pl\/wp-content\/uploads\/2021\/08\/b_Bialostocka20_Maciej-B_5.jpg\"><img loading=\"lazy\" decoding=\"async\" width=\"800\" height=\"532\" src=\"http:\/\/lapidarium.fundacja-hereditas.pl\/wp-content\/uploads\/2021\/08\/b_Bialostocka20_Maciej-B_5.jpg\" alt=\"Balkony, kamienica, ul. Bia\u0142ostocka 20. Fot. Maciej Bara\u0144ski, 2017, \u017ar\u00f3d\u0142o: zabytek.co\" data-id=\"2938\" data-full-url=\"http:\/\/lapidarium.fundacja-hereditas.pl\/wp-content\/uploads\/2021\/08\/b_Bialostocka20_Maciej-B_5.jpg\" data-link=\"https:\/\/lapidarium.fundacja-hereditas.pl\/b_bialostocka20_maciej-b_5\/\" class=\"wp-image-2938\" srcset=\"http:\/\/lapidarium.fundacja-hereditas.pl\/wp-content\/uploads\/2021\/08\/b_Bialostocka20_Maciej-B_5.jpg 800w, http:\/\/lapidarium.fundacja-hereditas.pl\/wp-content\/uploads\/2021\/08\/b_Bialostocka20_Maciej-B_5-300x200.jpg 300w, http:\/\/lapidarium.fundacja-hereditas.pl\/wp-content\/uploads\/2021\/08\/b_Bialostocka20_Maciej-B_5-768x511.jpg 768w, http:\/\/lapidarium.fundacja-hereditas.pl\/wp-content\/uploads\/2021\/08\/b_Bialostocka20_Maciej-B_5-150x100.jpg 150w, http:\/\/lapidarium.fundacja-hereditas.pl\/wp-content\/uploads\/2021\/08\/b_Bialostocka20_Maciej-B_5-696x463.jpg 696w\" sizes=\"auto, (max-width: 800px) 100vw, 800px\" \/><\/a><figcaption class=\"blocks-gallery-item__caption\">Balkony, kamienica, ul. Bia\u0142ostocka 20. Fot. Maciej Bara\u0144ski, 2017, \u017ar\u00f3d\u0142o: zabytek.co<\/figcaption><\/figure><\/li><li class=\"blocks-gallery-item\"><figure><a href=\"http:\/\/lapidarium.fundacja-hereditas.pl\/wp-content\/uploads\/2021\/08\/b_Bialostocka20_Maciej-B_4.jpg\"><img loading=\"lazy\" decoding=\"async\" width=\"800\" height=\"532\" src=\"http:\/\/lapidarium.fundacja-hereditas.pl\/wp-content\/uploads\/2021\/08\/b_Bialostocka20_Maciej-B_4.jpg\" alt=\"Balkony, kamienica, ul. Bia\u0142ostocka 20. Fot. Maciej Bara\u0144ski, 2017, \u017ar\u00f3d\u0142o: zabytek.co\" data-id=\"2937\" data-full-url=\"http:\/\/lapidarium.fundacja-hereditas.pl\/wp-content\/uploads\/2021\/08\/b_Bialostocka20_Maciej-B_4.jpg\" data-link=\"https:\/\/lapidarium.fundacja-hereditas.pl\/b_bialostocka20_maciej-b_4\/\" class=\"wp-image-2937\" srcset=\"http:\/\/lapidarium.fundacja-hereditas.pl\/wp-content\/uploads\/2021\/08\/b_Bialostocka20_Maciej-B_4.jpg 800w, http:\/\/lapidarium.fundacja-hereditas.pl\/wp-content\/uploads\/2021\/08\/b_Bialostocka20_Maciej-B_4-300x200.jpg 300w, http:\/\/lapidarium.fundacja-hereditas.pl\/wp-content\/uploads\/2021\/08\/b_Bialostocka20_Maciej-B_4-768x511.jpg 768w, http:\/\/lapidarium.fundacja-hereditas.pl\/wp-content\/uploads\/2021\/08\/b_Bialostocka20_Maciej-B_4-150x100.jpg 150w, http:\/\/lapidarium.fundacja-hereditas.pl\/wp-content\/uploads\/2021\/08\/b_Bialostocka20_Maciej-B_4-696x463.jpg 696w\" sizes=\"auto, (max-width: 800px) 100vw, 800px\" \/><\/a><figcaption class=\"blocks-gallery-item__caption\">Balkony, kamienica, ul. Bia\u0142ostocka 20. Fot. Maciej Bara\u0144ski, 2017, \u017ar\u00f3d\u0142o: zabytek.co<\/figcaption><\/figure><\/li><li class=\"blocks-gallery-item\"><figure><a href=\"http:\/\/lapidarium.fundacja-hereditas.pl\/wp-content\/uploads\/2021\/08\/b_Bialostocka20_MaciejB_1.jpg\"><img loading=\"lazy\" decoding=\"async\" width=\"800\" height=\"532\" src=\"http:\/\/lapidarium.fundacja-hereditas.pl\/wp-content\/uploads\/2021\/08\/b_Bialostocka20_MaciejB_1.jpg\" alt=\"Balkony, kamienica, ul. Bia\u0142ostocka 20. Fot. Maciej Bara\u0144ski, 2017, \u017ar\u00f3d\u0142o: zabytek.co\" data-id=\"2936\" data-full-url=\"http:\/\/lapidarium.fundacja-hereditas.pl\/wp-content\/uploads\/2021\/08\/b_Bialostocka20_MaciejB_1.jpg\" data-link=\"https:\/\/lapidarium.fundacja-hereditas.pl\/b_bialostocka20_maciejb_1\/\" class=\"wp-image-2936\" srcset=\"http:\/\/lapidarium.fundacja-hereditas.pl\/wp-content\/uploads\/2021\/08\/b_Bialostocka20_MaciejB_1.jpg 800w, http:\/\/lapidarium.fundacja-hereditas.pl\/wp-content\/uploads\/2021\/08\/b_Bialostocka20_MaciejB_1-300x200.jpg 300w, http:\/\/lapidarium.fundacja-hereditas.pl\/wp-content\/uploads\/2021\/08\/b_Bialostocka20_MaciejB_1-768x511.jpg 768w, http:\/\/lapidarium.fundacja-hereditas.pl\/wp-content\/uploads\/2021\/08\/b_Bialostocka20_MaciejB_1-150x100.jpg 150w, http:\/\/lapidarium.fundacja-hereditas.pl\/wp-content\/uploads\/2021\/08\/b_Bialostocka20_MaciejB_1-696x463.jpg 696w\" sizes=\"auto, (max-width: 800px) 100vw, 800px\" \/><\/a><figcaption class=\"blocks-gallery-item__caption\">Balkony, kamienica, ul. Bia\u0142ostocka 20. Fot. Maciej Bara\u0144ski, 2017, \u017ar\u00f3d\u0142o: zabytek.co<\/figcaption><\/figure><\/li><li class=\"blocks-gallery-item\"><figure><a href=\"http:\/\/lapidarium.fundacja-hereditas.pl\/wp-content\/uploads\/2021\/08\/b_Bialostocka20_tabliczka_z_numerem_korekta.jpg\"><img loading=\"lazy\" decoding=\"async\" width=\"666\" height=\"1024\" src=\"http:\/\/lapidarium.fundacja-hereditas.pl\/wp-content\/uploads\/2021\/08\/b_Bialostocka20_tabliczka_z_numerem_korekta-666x1024.jpg\" alt=\"Tabliczka adresowa i latarenka z numerem domu, kamienica, ul. Bia\u0142ostocka 20. Fot. Ma\u0142gorzata Kubicka, 2017, \u017ar\u00f3d\u0142o: zabytek.co\" data-id=\"2935\" data-full-url=\"http:\/\/lapidarium.fundacja-hereditas.pl\/wp-content\/uploads\/2021\/08\/b_Bialostocka20_tabliczka_z_numerem_korekta.jpg\" data-link=\"https:\/\/lapidarium.fundacja-hereditas.pl\/b_bialostocka20_tabliczka_z_numerem_korekta\/\" class=\"wp-image-2935\" srcset=\"http:\/\/lapidarium.fundacja-hereditas.pl\/wp-content\/uploads\/2021\/08\/b_Bialostocka20_tabliczka_z_numerem_korekta-666x1024.jpg 666w, http:\/\/lapidarium.fundacja-hereditas.pl\/wp-content\/uploads\/2021\/08\/b_Bialostocka20_tabliczka_z_numerem_korekta-195x300.jpg 195w, http:\/\/lapidarium.fundacja-hereditas.pl\/wp-content\/uploads\/2021\/08\/b_Bialostocka20_tabliczka_z_numerem_korekta-768x1181.jpg 768w, http:\/\/lapidarium.fundacja-hereditas.pl\/wp-content\/uploads\/2021\/08\/b_Bialostocka20_tabliczka_z_numerem_korekta-150x231.jpg 150w, http:\/\/lapidarium.fundacja-hereditas.pl\/wp-content\/uploads\/2021\/08\/b_Bialostocka20_tabliczka_z_numerem_korekta-300x461.jpg 300w, http:\/\/lapidarium.fundacja-hereditas.pl\/wp-content\/uploads\/2021\/08\/b_Bialostocka20_tabliczka_z_numerem_korekta-696x1070.jpg 696w, http:\/\/lapidarium.fundacja-hereditas.pl\/wp-content\/uploads\/2021\/08\/b_Bialostocka20_tabliczka_z_numerem_korekta.jpg 800w\" sizes=\"auto, (max-width: 666px) 100vw, 666px\" \/><\/a><figcaption class=\"blocks-gallery-item__caption\">Tabliczka adresowa i latarenka z numerem domu, kamienica, ul. Bia\u0142ostocka 20. Fot. Ma\u0142gorzata Kubicka, 2017, \u017ar\u00f3d\u0142o: zabytek.co<\/figcaption><\/figure><\/li><\/ul><\/figure>\n","protected":false},"excerpt":{"rendered":"<p>Kamienica ul. Bia\u0142ostocka 20.<\/p>\n","protected":false},"author":2,"featured_media":2934,"comment_status":"open","ping_status":"open","sticky":false,"template":"","format":"standard","meta":{"footnotes":""},"categories":[9,4],"tags":[],"class_list":{"0":"post-2955","1":"post","2":"type-post","3":"status-publish","4":"format-standard","5":"has-post-thumbnail","7":"category-bialostocka","8":"category-warszawa"},"_links":{"self":[{"href":"http:\/\/lapidarium.fundacja-hereditas.pl\/index.php\/wp-json\/wp\/v2\/posts\/2955","targetHints":{"allow":["GET"]}}],"collection":[{"href":"http:\/\/lapidarium.fundacja-hereditas.pl\/index.php\/wp-json\/wp\/v2\/posts"}],"about":[{"href":"http:\/\/lapidarium.fundacja-hereditas.pl\/index.php\/wp-json\/wp\/v2\/types\/post"}],"author":[{"embeddable":true,"href":"http:\/\/lapidarium.fundacja-hereditas.pl\/index.php\/wp-json\/wp\/v2\/users\/2"}],"replies":[{"embeddable":true,"href":"http:\/\/lapidarium.fundacja-hereditas.pl\/index.php\/wp-json\/wp\/v2\/comments?post=2955"}],"version-history":[{"count":4,"href":"http:\/\/lapidarium.fundacja-hereditas.pl\/index.php\/wp-json\/wp\/v2\/posts\/2955\/revisions"}],"predecessor-version":[{"id":5468,"href":"http:\/\/lapidarium.fundacja-hereditas.pl\/index.php\/wp-json\/wp\/v2\/posts\/2955\/revisions\/5468"}],"wp:featuredmedia":[{"embeddable":true,"href":"http:\/\/lapidarium.fundacja-hereditas.pl\/index.php\/wp-json\/wp\/v2\/media\/2934"}],"wp:attachment":[{"href":"http:\/\/lapidarium.fundacja-hereditas.pl\/index.php\/wp-json\/wp\/v2\/media?parent=2955"}],"wp:term":[{"taxonomy":"category","embeddable":true,"href":"http:\/\/lapidarium.fundacja-hereditas.pl\/index.php\/wp-json\/wp\/v2\/categories?post=2955"},{"taxonomy":"post_tag","embeddable":true,"href":"http:\/\/lapidarium.fundacja-hereditas.pl\/index.php\/wp-json\/wp\/v2\/tags?post=2955"}],"curies":[{"name":"wp","href":"https:\/\/api.w.org\/{rel}","templated":true}]}}