{"id":28497,"date":"2024-10-31T17:54:06","date_gmt":"2024-10-31T16:54:06","guid":{"rendered":"http:\/\/lapidarium.fundacja-hereditas.pl\/?p=28497"},"modified":"2024-10-31T17:54:08","modified_gmt":"2024-10-31T16:54:08","slug":"kamienica-ul-szwolezerow-7a-warszawa","status":"publish","type":"post","link":"http:\/\/lapidarium.fundacja-hereditas.pl\/index.php\/2024\/10\/31\/kamienica-ul-szwolezerow-7a-warszawa\/","title":{"rendered":"Kamienica ul. Szwole\u017cer\u00f3w 7a, Warszawa"},"content":{"rendered":"\n<p>Budynek koszarowy, ocala\u0142y jako jeden z niewielu obiekt\u00f3w niegdy\u015b licznej i r\u00f3\u017cnorodnej zabudowy koszarowej z czas\u00f3w carskich, rozlokowanej na rozleg\u0142ym terenie od ulicy \u0141azienkowskiej na Powi\u015blu po ulic\u0119 Podchor\u0105\u017cych na Czerniakowie, od parku \u0141azienkowskiego po ulic\u0119 Czerniakowsk\u0105 to\u017csam\u0105 z obecn\u0105 Wis\u0142ostrad\u0105. Opisywany obiekt powsta\u0142 pomi\u0119dzy 1897 a 1901 r. i by\u0142 miejscem zakwaterowania wojskowych \u015bredniego szczebla, pe\u0142ni\u0105cych s\u0142u\u017cb\u0119 w pobliskich koszarach. W rezultacie dzia\u0142a\u0144 II wojny obiekt zosta\u0142 uszkodzony &#8211; utraci\u0142 2\/3 dachu od strony wschodniej.\u00a0Po wojnie przeprowadzono modernizacj\u0119 ca\u0142ego obiektu, zapewne wymieniono m.in. stropy, ale mo\u017cliwe jest, \u017ce niekt\u00f3re prace modernizacyjne przeprowadzono jeszcze w 20-leciu mi\u0119dzywojennym, w ramach remontu starych ju\u017c w\u00f3wczas budynk\u00f3w carskich. Bry\u0142\u0119 gmachu od strony po\u0142udniowej urozmaicaj\u0105 dwa dwupi\u0119trowe aneksy po\u0142\u0105czone z budynkiem g\u0142\u00f3wnym. Aneksy mie\u015bci\u0142y na dole kot\u0142ownie, a na pi\u0119trze \u0142azienki dla mieszka\u0144c\u00f3w budynku. Na prze\u0142omie XX i XXI w. wymieniono dach. Dodatkowym walorem obiektu s\u0105 oryginalnie zachowane, nieprzykryte wt\u00f3rnie tynkiem elewacje. Na klatkach schodowych przetrwa\u0142y kute balustrady, posadzki z cementowo-lastrikowych p\u0142ytek posadzkowych 20 x 20 cm, w niekt\u00f3rych drzwiach zachowane s\u0105 pierwotne klamki.<\/p>\n\n\n\n<p>::: W\u0142\u0105czono do bazy w ramach projektu \u201eAkademia Opiekun\u00f3w Dziedzictwa V\u201d,&nbsp;realizowanego w 2024 r. z udzia\u0142em wolontariuszy,&nbsp;dofinansowanego ze&nbsp;\u015brodk\u00f3w Narodowego Instytutu Dziedzictwa \u2013 w ramach programu \u201eWsp\u00f3lnie&nbsp;dla dziedzictwa\u201d.<\/p>\n\n\n\n<figure class=\"wp-block-gallery has-nested-images columns-default is-cropped wp-block-gallery-1 is-layout-flex wp-block-gallery-is-layout-flex\">\n<figure class=\"wp-block-image size-large\"><a href=\"http:\/\/lapidarium.fundacja-hereditas.pl\/wp-content\/uploads\/2024\/10\/Cecylia_Rotter_Warszawa_ul_Szwolezerow_7A_elewacja_boczna-scaled.jpg\"><img loading=\"lazy\" decoding=\"async\" width=\"1024\" height=\"768\" data-id=\"28502\" src=\"http:\/\/lapidarium.fundacja-hereditas.pl\/wp-content\/uploads\/2024\/10\/Cecylia_Rotter_Warszawa_ul_Szwolezerow_7A_elewacja_boczna-1024x768.jpg\" alt=\"\" class=\"wp-image-28502\" srcset=\"http:\/\/lapidarium.fundacja-hereditas.pl\/wp-content\/uploads\/2024\/10\/Cecylia_Rotter_Warszawa_ul_Szwolezerow_7A_elewacja_boczna-1024x768.jpg 1024w, http:\/\/lapidarium.fundacja-hereditas.pl\/wp-content\/uploads\/2024\/10\/Cecylia_Rotter_Warszawa_ul_Szwolezerow_7A_elewacja_boczna-300x225.jpg 300w, http:\/\/lapidarium.fundacja-hereditas.pl\/wp-content\/uploads\/2024\/10\/Cecylia_Rotter_Warszawa_ul_Szwolezerow_7A_elewacja_boczna-768x576.jpg 768w, http:\/\/lapidarium.fundacja-hereditas.pl\/wp-content\/uploads\/2024\/10\/Cecylia_Rotter_Warszawa_ul_Szwolezerow_7A_elewacja_boczna-1536x1152.jpg 1536w, http:\/\/lapidarium.fundacja-hereditas.pl\/wp-content\/uploads\/2024\/10\/Cecylia_Rotter_Warszawa_ul_Szwolezerow_7A_elewacja_boczna-2048x1536.jpg 2048w, http:\/\/lapidarium.fundacja-hereditas.pl\/wp-content\/uploads\/2024\/10\/Cecylia_Rotter_Warszawa_ul_Szwolezerow_7A_elewacja_boczna-150x113.jpg 150w, http:\/\/lapidarium.fundacja-hereditas.pl\/wp-content\/uploads\/2024\/10\/Cecylia_Rotter_Warszawa_ul_Szwolezerow_7A_elewacja_boczna-696x522.jpg 696w, http:\/\/lapidarium.fundacja-hereditas.pl\/wp-content\/uploads\/2024\/10\/Cecylia_Rotter_Warszawa_ul_Szwolezerow_7A_elewacja_boczna-1068x801.jpg 1068w, http:\/\/lapidarium.fundacja-hereditas.pl\/wp-content\/uploads\/2024\/10\/Cecylia_Rotter_Warszawa_ul_Szwolezerow_7A_elewacja_boczna-1920x1440.jpg 1920w\" sizes=\"auto, (max-width: 1024px) 100vw, 1024px\" \/><\/a><figcaption class=\"wp-element-caption\">Widok od p\u00f3\u0142nocnego wschodu. Fot. Cecylia Rotter, 2024 r., \u017ar\u00f3d\u0142o: AOD V.<\/figcaption><\/figure>\n\n\n\n<figure class=\"wp-block-image size-large\"><a href=\"http:\/\/lapidarium.fundacja-hereditas.pl\/wp-content\/uploads\/2024\/10\/Cecylia_Rotter_Warszawa_ul_Szwolezerow_7A_elewacja_boczna_otwor_okiennyr-scaled.jpg\"><img loading=\"lazy\" decoding=\"async\" width=\"768\" height=\"1024\" data-id=\"28499\" src=\"http:\/\/lapidarium.fundacja-hereditas.pl\/wp-content\/uploads\/2024\/10\/Cecylia_Rotter_Warszawa_ul_Szwolezerow_7A_elewacja_boczna_otwor_okiennyr-768x1024.jpg\" alt=\"\" class=\"wp-image-28499\" srcset=\"http:\/\/lapidarium.fundacja-hereditas.pl\/wp-content\/uploads\/2024\/10\/Cecylia_Rotter_Warszawa_ul_Szwolezerow_7A_elewacja_boczna_otwor_okiennyr-768x1024.jpg 768w, http:\/\/lapidarium.fundacja-hereditas.pl\/wp-content\/uploads\/2024\/10\/Cecylia_Rotter_Warszawa_ul_Szwolezerow_7A_elewacja_boczna_otwor_okiennyr-225x300.jpg 225w, http:\/\/lapidarium.fundacja-hereditas.pl\/wp-content\/uploads\/2024\/10\/Cecylia_Rotter_Warszawa_ul_Szwolezerow_7A_elewacja_boczna_otwor_okiennyr-1152x1536.jpg 1152w, http:\/\/lapidarium.fundacja-hereditas.pl\/wp-content\/uploads\/2024\/10\/Cecylia_Rotter_Warszawa_ul_Szwolezerow_7A_elewacja_boczna_otwor_okiennyr-1536x2048.jpg 1536w, http:\/\/lapidarium.fundacja-hereditas.pl\/wp-content\/uploads\/2024\/10\/Cecylia_Rotter_Warszawa_ul_Szwolezerow_7A_elewacja_boczna_otwor_okiennyr-150x200.jpg 150w, http:\/\/lapidarium.fundacja-hereditas.pl\/wp-content\/uploads\/2024\/10\/Cecylia_Rotter_Warszawa_ul_Szwolezerow_7A_elewacja_boczna_otwor_okiennyr-300x400.jpg 300w, http:\/\/lapidarium.fundacja-hereditas.pl\/wp-content\/uploads\/2024\/10\/Cecylia_Rotter_Warszawa_ul_Szwolezerow_7A_elewacja_boczna_otwor_okiennyr-696x928.jpg 696w, http:\/\/lapidarium.fundacja-hereditas.pl\/wp-content\/uploads\/2024\/10\/Cecylia_Rotter_Warszawa_ul_Szwolezerow_7A_elewacja_boczna_otwor_okiennyr-1068x1424.jpg 1068w, http:\/\/lapidarium.fundacja-hereditas.pl\/wp-content\/uploads\/2024\/10\/Cecylia_Rotter_Warszawa_ul_Szwolezerow_7A_elewacja_boczna_otwor_okiennyr-scaled.jpg 1920w\" sizes=\"auto, (max-width: 768px) 100vw, 768px\" \/><\/a><figcaption class=\"wp-element-caption\">Elewacja zachodnia. Fot. Cecylia Rotter, 2024 r., \u017ar\u00f3d\u0142o: AOD V.<\/figcaption><\/figure>\n\n\n\n<figure class=\"wp-block-image size-large\"><a href=\"http:\/\/lapidarium.fundacja-hereditas.pl\/wp-content\/uploads\/2024\/10\/Cecylia_Rotter_Warszawa_ul_Szwolezerow_7A_elewacja_boczna_prawaa-strona-scaled.jpg\"><img loading=\"lazy\" decoding=\"async\" width=\"1024\" height=\"768\" data-id=\"28501\" src=\"http:\/\/lapidarium.fundacja-hereditas.pl\/wp-content\/uploads\/2024\/10\/Cecylia_Rotter_Warszawa_ul_Szwolezerow_7A_elewacja_boczna_prawaa-strona-1024x768.jpg\" alt=\"\" class=\"wp-image-28501\" srcset=\"http:\/\/lapidarium.fundacja-hereditas.pl\/wp-content\/uploads\/2024\/10\/Cecylia_Rotter_Warszawa_ul_Szwolezerow_7A_elewacja_boczna_prawaa-strona-1024x768.jpg 1024w, http:\/\/lapidarium.fundacja-hereditas.pl\/wp-content\/uploads\/2024\/10\/Cecylia_Rotter_Warszawa_ul_Szwolezerow_7A_elewacja_boczna_prawaa-strona-300x225.jpg 300w, http:\/\/lapidarium.fundacja-hereditas.pl\/wp-content\/uploads\/2024\/10\/Cecylia_Rotter_Warszawa_ul_Szwolezerow_7A_elewacja_boczna_prawaa-strona-768x576.jpg 768w, http:\/\/lapidarium.fundacja-hereditas.pl\/wp-content\/uploads\/2024\/10\/Cecylia_Rotter_Warszawa_ul_Szwolezerow_7A_elewacja_boczna_prawaa-strona-1536x1152.jpg 1536w, http:\/\/lapidarium.fundacja-hereditas.pl\/wp-content\/uploads\/2024\/10\/Cecylia_Rotter_Warszawa_ul_Szwolezerow_7A_elewacja_boczna_prawaa-strona-2048x1536.jpg 2048w, http:\/\/lapidarium.fundacja-hereditas.pl\/wp-content\/uploads\/2024\/10\/Cecylia_Rotter_Warszawa_ul_Szwolezerow_7A_elewacja_boczna_prawaa-strona-150x112.jpg 150w, http:\/\/lapidarium.fundacja-hereditas.pl\/wp-content\/uploads\/2024\/10\/Cecylia_Rotter_Warszawa_ul_Szwolezerow_7A_elewacja_boczna_prawaa-strona-696x522.jpg 696w, http:\/\/lapidarium.fundacja-hereditas.pl\/wp-content\/uploads\/2024\/10\/Cecylia_Rotter_Warszawa_ul_Szwolezerow_7A_elewacja_boczna_prawaa-strona-1068x801.jpg 1068w, http:\/\/lapidarium.fundacja-hereditas.pl\/wp-content\/uploads\/2024\/10\/Cecylia_Rotter_Warszawa_ul_Szwolezerow_7A_elewacja_boczna_prawaa-strona-1920x1440.jpg 1920w\" sizes=\"auto, (max-width: 1024px) 100vw, 1024px\" \/><\/a><figcaption class=\"wp-element-caption\">Elewacja zachodnia. Zamurowane otwory (drzwiowe? bramne?). Fot. Cecylia Rotter, 2024 r., \u017ar\u00f3d\u0142o: AOD V.<\/figcaption><\/figure>\n\n\n\n<figure class=\"wp-block-image size-large\"><a href=\"http:\/\/lapidarium.fundacja-hereditas.pl\/wp-content\/uploads\/2024\/10\/Cecylia_Rotter_Warszawa_ul_Szwolezerow_7A_elewacja_boczna_uskok-scaled.jpg\"><img loading=\"lazy\" decoding=\"async\" width=\"768\" height=\"1024\" data-id=\"28504\" src=\"http:\/\/lapidarium.fundacja-hereditas.pl\/wp-content\/uploads\/2024\/10\/Cecylia_Rotter_Warszawa_ul_Szwolezerow_7A_elewacja_boczna_uskok-768x1024.jpg\" alt=\"\" class=\"wp-image-28504\" srcset=\"http:\/\/lapidarium.fundacja-hereditas.pl\/wp-content\/uploads\/2024\/10\/Cecylia_Rotter_Warszawa_ul_Szwolezerow_7A_elewacja_boczna_uskok-768x1024.jpg 768w, http:\/\/lapidarium.fundacja-hereditas.pl\/wp-content\/uploads\/2024\/10\/Cecylia_Rotter_Warszawa_ul_Szwolezerow_7A_elewacja_boczna_uskok-225x300.jpg 225w, http:\/\/lapidarium.fundacja-hereditas.pl\/wp-content\/uploads\/2024\/10\/Cecylia_Rotter_Warszawa_ul_Szwolezerow_7A_elewacja_boczna_uskok-1152x1536.jpg 1152w, http:\/\/lapidarium.fundacja-hereditas.pl\/wp-content\/uploads\/2024\/10\/Cecylia_Rotter_Warszawa_ul_Szwolezerow_7A_elewacja_boczna_uskok-1536x2048.jpg 1536w, http:\/\/lapidarium.fundacja-hereditas.pl\/wp-content\/uploads\/2024\/10\/Cecylia_Rotter_Warszawa_ul_Szwolezerow_7A_elewacja_boczna_uskok-150x200.jpg 150w, http:\/\/lapidarium.fundacja-hereditas.pl\/wp-content\/uploads\/2024\/10\/Cecylia_Rotter_Warszawa_ul_Szwolezerow_7A_elewacja_boczna_uskok-300x400.jpg 300w, http:\/\/lapidarium.fundacja-hereditas.pl\/wp-content\/uploads\/2024\/10\/Cecylia_Rotter_Warszawa_ul_Szwolezerow_7A_elewacja_boczna_uskok-696x928.jpg 696w, http:\/\/lapidarium.fundacja-hereditas.pl\/wp-content\/uploads\/2024\/10\/Cecylia_Rotter_Warszawa_ul_Szwolezerow_7A_elewacja_boczna_uskok-1068x1424.jpg 1068w, http:\/\/lapidarium.fundacja-hereditas.pl\/wp-content\/uploads\/2024\/10\/Cecylia_Rotter_Warszawa_ul_Szwolezerow_7A_elewacja_boczna_uskok-scaled.jpg 1920w\" sizes=\"auto, (max-width: 768px) 100vw, 768px\" \/><\/a><figcaption class=\"wp-element-caption\">Aneks \u0142azienkowy, zachodni. Fot. Cecylia Rotter, 2024 r., \u017ar\u00f3d\u0142o: AOD V.<\/figcaption><\/figure>\n\n\n\n<figure class=\"wp-block-image size-large\"><a href=\"http:\/\/lapidarium.fundacja-hereditas.pl\/wp-content\/uploads\/2024\/10\/Cecylia_Rotter_Warszawa_ul_Szwolezerow_7A_elewacja_frontowa__przyziemie_kratka_wentylacyjna-scaled.jpg\"><img loading=\"lazy\" decoding=\"async\" width=\"1024\" height=\"768\" data-id=\"28500\" src=\"http:\/\/lapidarium.fundacja-hereditas.pl\/wp-content\/uploads\/2024\/10\/Cecylia_Rotter_Warszawa_ul_Szwolezerow_7A_elewacja_frontowa__przyziemie_kratka_wentylacyjna-1024x768.jpg\" alt=\"\" class=\"wp-image-28500\" srcset=\"http:\/\/lapidarium.fundacja-hereditas.pl\/wp-content\/uploads\/2024\/10\/Cecylia_Rotter_Warszawa_ul_Szwolezerow_7A_elewacja_frontowa__przyziemie_kratka_wentylacyjna-1024x768.jpg 1024w, http:\/\/lapidarium.fundacja-hereditas.pl\/wp-content\/uploads\/2024\/10\/Cecylia_Rotter_Warszawa_ul_Szwolezerow_7A_elewacja_frontowa__przyziemie_kratka_wentylacyjna-300x225.jpg 300w, http:\/\/lapidarium.fundacja-hereditas.pl\/wp-content\/uploads\/2024\/10\/Cecylia_Rotter_Warszawa_ul_Szwolezerow_7A_elewacja_frontowa__przyziemie_kratka_wentylacyjna-768x576.jpg 768w, http:\/\/lapidarium.fundacja-hereditas.pl\/wp-content\/uploads\/2024\/10\/Cecylia_Rotter_Warszawa_ul_Szwolezerow_7A_elewacja_frontowa__przyziemie_kratka_wentylacyjna-1536x1152.jpg 1536w, http:\/\/lapidarium.fundacja-hereditas.pl\/wp-content\/uploads\/2024\/10\/Cecylia_Rotter_Warszawa_ul_Szwolezerow_7A_elewacja_frontowa__przyziemie_kratka_wentylacyjna-2048x1536.jpg 2048w, http:\/\/lapidarium.fundacja-hereditas.pl\/wp-content\/uploads\/2024\/10\/Cecylia_Rotter_Warszawa_ul_Szwolezerow_7A_elewacja_frontowa__przyziemie_kratka_wentylacyjna-150x112.jpg 150w, http:\/\/lapidarium.fundacja-hereditas.pl\/wp-content\/uploads\/2024\/10\/Cecylia_Rotter_Warszawa_ul_Szwolezerow_7A_elewacja_frontowa__przyziemie_kratka_wentylacyjna-696x522.jpg 696w, http:\/\/lapidarium.fundacja-hereditas.pl\/wp-content\/uploads\/2024\/10\/Cecylia_Rotter_Warszawa_ul_Szwolezerow_7A_elewacja_frontowa__przyziemie_kratka_wentylacyjna-1068x801.jpg 1068w, http:\/\/lapidarium.fundacja-hereditas.pl\/wp-content\/uploads\/2024\/10\/Cecylia_Rotter_Warszawa_ul_Szwolezerow_7A_elewacja_frontowa__przyziemie_kratka_wentylacyjna-1920x1440.jpg 1920w\" sizes=\"auto, (max-width: 1024px) 100vw, 1024px\" \/><\/a><figcaption class=\"wp-element-caption\">Wywietrznik &#8211; przyziemie. Fot. Cecylia Rotter, 2024 r., \u017ar\u00f3d\u0142o: AOD V.<\/figcaption><\/figure>\n\n\n\n<figure class=\"wp-block-image size-large\"><a href=\"http:\/\/lapidarium.fundacja-hereditas.pl\/wp-content\/uploads\/2024\/10\/Cecylia_Rotter_Warszawa_ul_Szwolezerow_7A_elewacja_frontowa_drzwi_wejsciowe_na_klatke_III-scaled.jpg\"><img loading=\"lazy\" decoding=\"async\" width=\"768\" height=\"1024\" data-id=\"28503\" src=\"http:\/\/lapidarium.fundacja-hereditas.pl\/wp-content\/uploads\/2024\/10\/Cecylia_Rotter_Warszawa_ul_Szwolezerow_7A_elewacja_frontowa_drzwi_wejsciowe_na_klatke_III-768x1024.jpg\" alt=\"\" class=\"wp-image-28503\" srcset=\"http:\/\/lapidarium.fundacja-hereditas.pl\/wp-content\/uploads\/2024\/10\/Cecylia_Rotter_Warszawa_ul_Szwolezerow_7A_elewacja_frontowa_drzwi_wejsciowe_na_klatke_III-768x1024.jpg 768w, http:\/\/lapidarium.fundacja-hereditas.pl\/wp-content\/uploads\/2024\/10\/Cecylia_Rotter_Warszawa_ul_Szwolezerow_7A_elewacja_frontowa_drzwi_wejsciowe_na_klatke_III-225x300.jpg 225w, http:\/\/lapidarium.fundacja-hereditas.pl\/wp-content\/uploads\/2024\/10\/Cecylia_Rotter_Warszawa_ul_Szwolezerow_7A_elewacja_frontowa_drzwi_wejsciowe_na_klatke_III-1152x1536.jpg 1152w, http:\/\/lapidarium.fundacja-hereditas.pl\/wp-content\/uploads\/2024\/10\/Cecylia_Rotter_Warszawa_ul_Szwolezerow_7A_elewacja_frontowa_drzwi_wejsciowe_na_klatke_III-1536x2048.jpg 1536w, http:\/\/lapidarium.fundacja-hereditas.pl\/wp-content\/uploads\/2024\/10\/Cecylia_Rotter_Warszawa_ul_Szwolezerow_7A_elewacja_frontowa_drzwi_wejsciowe_na_klatke_III-150x200.jpg 150w, http:\/\/lapidarium.fundacja-hereditas.pl\/wp-content\/uploads\/2024\/10\/Cecylia_Rotter_Warszawa_ul_Szwolezerow_7A_elewacja_frontowa_drzwi_wejsciowe_na_klatke_III-300x400.jpg 300w, http:\/\/lapidarium.fundacja-hereditas.pl\/wp-content\/uploads\/2024\/10\/Cecylia_Rotter_Warszawa_ul_Szwolezerow_7A_elewacja_frontowa_drzwi_wejsciowe_na_klatke_III-696x928.jpg 696w, http:\/\/lapidarium.fundacja-hereditas.pl\/wp-content\/uploads\/2024\/10\/Cecylia_Rotter_Warszawa_ul_Szwolezerow_7A_elewacja_frontowa_drzwi_wejsciowe_na_klatke_III-1068x1424.jpg 1068w, http:\/\/lapidarium.fundacja-hereditas.pl\/wp-content\/uploads\/2024\/10\/Cecylia_Rotter_Warszawa_ul_Szwolezerow_7A_elewacja_frontowa_drzwi_wejsciowe_na_klatke_III-scaled.jpg 1920w\" sizes=\"auto, (max-width: 768px) 100vw, 768px\" \/><\/a><figcaption class=\"wp-element-caption\">Klatka III zachodnia &#8211; wej\u015bcie. Fot. Cecylia Rotter, 2024 r., \u017ar\u00f3d\u0142o: AOD V.<\/figcaption><\/figure>\n\n\n\n<figure class=\"wp-block-image size-large\"><a href=\"http:\/\/lapidarium.fundacja-hereditas.pl\/wp-content\/uploads\/2024\/10\/Cecylia_Rotter_Warszawa_ul_Szwolezerow_7A_elewacja_frontowa_drzwi_wejsciowe_na_klatke_IV-scaled.jpg\"><img loading=\"lazy\" decoding=\"async\" width=\"768\" height=\"1024\" data-id=\"28511\" src=\"http:\/\/lapidarium.fundacja-hereditas.pl\/wp-content\/uploads\/2024\/10\/Cecylia_Rotter_Warszawa_ul_Szwolezerow_7A_elewacja_frontowa_drzwi_wejsciowe_na_klatke_IV-768x1024.jpg\" alt=\"\" class=\"wp-image-28511\" srcset=\"http:\/\/lapidarium.fundacja-hereditas.pl\/wp-content\/uploads\/2024\/10\/Cecylia_Rotter_Warszawa_ul_Szwolezerow_7A_elewacja_frontowa_drzwi_wejsciowe_na_klatke_IV-768x1024.jpg 768w, http:\/\/lapidarium.fundacja-hereditas.pl\/wp-content\/uploads\/2024\/10\/Cecylia_Rotter_Warszawa_ul_Szwolezerow_7A_elewacja_frontowa_drzwi_wejsciowe_na_klatke_IV-225x300.jpg 225w, http:\/\/lapidarium.fundacja-hereditas.pl\/wp-content\/uploads\/2024\/10\/Cecylia_Rotter_Warszawa_ul_Szwolezerow_7A_elewacja_frontowa_drzwi_wejsciowe_na_klatke_IV-1152x1536.jpg 1152w, http:\/\/lapidarium.fundacja-hereditas.pl\/wp-content\/uploads\/2024\/10\/Cecylia_Rotter_Warszawa_ul_Szwolezerow_7A_elewacja_frontowa_drzwi_wejsciowe_na_klatke_IV-1536x2048.jpg 1536w, http:\/\/lapidarium.fundacja-hereditas.pl\/wp-content\/uploads\/2024\/10\/Cecylia_Rotter_Warszawa_ul_Szwolezerow_7A_elewacja_frontowa_drzwi_wejsciowe_na_klatke_IV-150x200.jpg 150w, http:\/\/lapidarium.fundacja-hereditas.pl\/wp-content\/uploads\/2024\/10\/Cecylia_Rotter_Warszawa_ul_Szwolezerow_7A_elewacja_frontowa_drzwi_wejsciowe_na_klatke_IV-300x400.jpg 300w, http:\/\/lapidarium.fundacja-hereditas.pl\/wp-content\/uploads\/2024\/10\/Cecylia_Rotter_Warszawa_ul_Szwolezerow_7A_elewacja_frontowa_drzwi_wejsciowe_na_klatke_IV-696x928.jpg 696w, http:\/\/lapidarium.fundacja-hereditas.pl\/wp-content\/uploads\/2024\/10\/Cecylia_Rotter_Warszawa_ul_Szwolezerow_7A_elewacja_frontowa_drzwi_wejsciowe_na_klatke_IV-1068x1424.jpg 1068w, http:\/\/lapidarium.fundacja-hereditas.pl\/wp-content\/uploads\/2024\/10\/Cecylia_Rotter_Warszawa_ul_Szwolezerow_7A_elewacja_frontowa_drzwi_wejsciowe_na_klatke_IV-scaled.jpg 1920w\" sizes=\"auto, (max-width: 768px) 100vw, 768px\" \/><\/a><figcaption class=\"wp-element-caption\">Elewacja IV zachodnia &#8211; wej\u015bcie. Fot. Cecylia Rotter, 2024 r., \u017ar\u00f3d\u0142o: AOD V.<\/figcaption><\/figure>\n\n\n\n<figure class=\"wp-block-image size-large\"><a href=\"http:\/\/lapidarium.fundacja-hereditas.pl\/wp-content\/uploads\/2024\/10\/Cecylia_Rotter_Warszawa_ul_Szwolezerow_7A_elewacja_frontowa_klatk_II_drzwi_wejsciowe-scaled.jpg\"><img loading=\"lazy\" decoding=\"async\" width=\"768\" height=\"1024\" data-id=\"28505\" src=\"http:\/\/lapidarium.fundacja-hereditas.pl\/wp-content\/uploads\/2024\/10\/Cecylia_Rotter_Warszawa_ul_Szwolezerow_7A_elewacja_frontowa_klatk_II_drzwi_wejsciowe-768x1024.jpg\" alt=\"\" class=\"wp-image-28505\" srcset=\"http:\/\/lapidarium.fundacja-hereditas.pl\/wp-content\/uploads\/2024\/10\/Cecylia_Rotter_Warszawa_ul_Szwolezerow_7A_elewacja_frontowa_klatk_II_drzwi_wejsciowe-768x1024.jpg 768w, http:\/\/lapidarium.fundacja-hereditas.pl\/wp-content\/uploads\/2024\/10\/Cecylia_Rotter_Warszawa_ul_Szwolezerow_7A_elewacja_frontowa_klatk_II_drzwi_wejsciowe-225x300.jpg 225w, http:\/\/lapidarium.fundacja-hereditas.pl\/wp-content\/uploads\/2024\/10\/Cecylia_Rotter_Warszawa_ul_Szwolezerow_7A_elewacja_frontowa_klatk_II_drzwi_wejsciowe-1152x1536.jpg 1152w, http:\/\/lapidarium.fundacja-hereditas.pl\/wp-content\/uploads\/2024\/10\/Cecylia_Rotter_Warszawa_ul_Szwolezerow_7A_elewacja_frontowa_klatk_II_drzwi_wejsciowe-1536x2048.jpg 1536w, http:\/\/lapidarium.fundacja-hereditas.pl\/wp-content\/uploads\/2024\/10\/Cecylia_Rotter_Warszawa_ul_Szwolezerow_7A_elewacja_frontowa_klatk_II_drzwi_wejsciowe-150x200.jpg 150w, http:\/\/lapidarium.fundacja-hereditas.pl\/wp-content\/uploads\/2024\/10\/Cecylia_Rotter_Warszawa_ul_Szwolezerow_7A_elewacja_frontowa_klatk_II_drzwi_wejsciowe-300x400.jpg 300w, http:\/\/lapidarium.fundacja-hereditas.pl\/wp-content\/uploads\/2024\/10\/Cecylia_Rotter_Warszawa_ul_Szwolezerow_7A_elewacja_frontowa_klatk_II_drzwi_wejsciowe-696x928.jpg 696w, http:\/\/lapidarium.fundacja-hereditas.pl\/wp-content\/uploads\/2024\/10\/Cecylia_Rotter_Warszawa_ul_Szwolezerow_7A_elewacja_frontowa_klatk_II_drzwi_wejsciowe-1068x1424.jpg 1068w, http:\/\/lapidarium.fundacja-hereditas.pl\/wp-content\/uploads\/2024\/10\/Cecylia_Rotter_Warszawa_ul_Szwolezerow_7A_elewacja_frontowa_klatk_II_drzwi_wejsciowe-scaled.jpg 1920w\" sizes=\"auto, (max-width: 768px) 100vw, 768px\" \/><\/a><figcaption class=\"wp-element-caption\">Klatka II wschodnia &#8211; wej\u015bcie. Fot. Cecylia Rotter, 2024 r., \u017ar\u00f3d\u0142o: AOD V.<\/figcaption><\/figure>\n\n\n\n<figure class=\"wp-block-image size-large\"><a href=\"http:\/\/lapidarium.fundacja-hereditas.pl\/wp-content\/uploads\/2024\/10\/Cecylia_Rotter_Warszawa_ul_Szwolezerow_7A_elewacja_frontowa_klatk_II_klatka_schodowa_korytarz_boczny-scaled.jpg\"><img loading=\"lazy\" decoding=\"async\" width=\"768\" height=\"1024\" data-id=\"28512\" src=\"http:\/\/lapidarium.fundacja-hereditas.pl\/wp-content\/uploads\/2024\/10\/Cecylia_Rotter_Warszawa_ul_Szwolezerow_7A_elewacja_frontowa_klatk_II_klatka_schodowa_korytarz_boczny-768x1024.jpg\" alt=\"\" class=\"wp-image-28512\" srcset=\"http:\/\/lapidarium.fundacja-hereditas.pl\/wp-content\/uploads\/2024\/10\/Cecylia_Rotter_Warszawa_ul_Szwolezerow_7A_elewacja_frontowa_klatk_II_klatka_schodowa_korytarz_boczny-768x1024.jpg 768w, http:\/\/lapidarium.fundacja-hereditas.pl\/wp-content\/uploads\/2024\/10\/Cecylia_Rotter_Warszawa_ul_Szwolezerow_7A_elewacja_frontowa_klatk_II_klatka_schodowa_korytarz_boczny-225x300.jpg 225w, http:\/\/lapidarium.fundacja-hereditas.pl\/wp-content\/uploads\/2024\/10\/Cecylia_Rotter_Warszawa_ul_Szwolezerow_7A_elewacja_frontowa_klatk_II_klatka_schodowa_korytarz_boczny-1152x1536.jpg 1152w, http:\/\/lapidarium.fundacja-hereditas.pl\/wp-content\/uploads\/2024\/10\/Cecylia_Rotter_Warszawa_ul_Szwolezerow_7A_elewacja_frontowa_klatk_II_klatka_schodowa_korytarz_boczny-1536x2048.jpg 1536w, http:\/\/lapidarium.fundacja-hereditas.pl\/wp-content\/uploads\/2024\/10\/Cecylia_Rotter_Warszawa_ul_Szwolezerow_7A_elewacja_frontowa_klatk_II_klatka_schodowa_korytarz_boczny-150x200.jpg 150w, http:\/\/lapidarium.fundacja-hereditas.pl\/wp-content\/uploads\/2024\/10\/Cecylia_Rotter_Warszawa_ul_Szwolezerow_7A_elewacja_frontowa_klatk_II_klatka_schodowa_korytarz_boczny-300x400.jpg 300w, http:\/\/lapidarium.fundacja-hereditas.pl\/wp-content\/uploads\/2024\/10\/Cecylia_Rotter_Warszawa_ul_Szwolezerow_7A_elewacja_frontowa_klatk_II_klatka_schodowa_korytarz_boczny-696x928.jpg 696w, http:\/\/lapidarium.fundacja-hereditas.pl\/wp-content\/uploads\/2024\/10\/Cecylia_Rotter_Warszawa_ul_Szwolezerow_7A_elewacja_frontowa_klatk_II_klatka_schodowa_korytarz_boczny-1068x1424.jpg 1068w, http:\/\/lapidarium.fundacja-hereditas.pl\/wp-content\/uploads\/2024\/10\/Cecylia_Rotter_Warszawa_ul_Szwolezerow_7A_elewacja_frontowa_klatk_II_klatka_schodowa_korytarz_boczny-scaled.jpg 1920w\" sizes=\"auto, (max-width: 768px) 100vw, 768px\" \/><\/a><figcaption class=\"wp-element-caption\">Klatka wschodnia &#8211; korytarz. Fot. Cecylia Rotter, 2024 r., \u017ar\u00f3d\u0142o: AOD V.<\/figcaption><\/figure>\n\n\n\n<figure class=\"wp-block-image size-large\"><a href=\"http:\/\/lapidarium.fundacja-hereditas.pl\/wp-content\/uploads\/2024\/10\/Cecylia_Rotter_Warszawa_ul_Szwolezerow_7A_elewacja_frontowa_klatk_II_klatka_schodowa_okno_na_polpietrze-scaled.jpg\"><img loading=\"lazy\" decoding=\"async\" width=\"1024\" height=\"768\" data-id=\"28506\" src=\"http:\/\/lapidarium.fundacja-hereditas.pl\/wp-content\/uploads\/2024\/10\/Cecylia_Rotter_Warszawa_ul_Szwolezerow_7A_elewacja_frontowa_klatk_II_klatka_schodowa_okno_na_polpietrze-1024x768.jpg\" alt=\"\" class=\"wp-image-28506\" srcset=\"http:\/\/lapidarium.fundacja-hereditas.pl\/wp-content\/uploads\/2024\/10\/Cecylia_Rotter_Warszawa_ul_Szwolezerow_7A_elewacja_frontowa_klatk_II_klatka_schodowa_okno_na_polpietrze-1024x768.jpg 1024w, http:\/\/lapidarium.fundacja-hereditas.pl\/wp-content\/uploads\/2024\/10\/Cecylia_Rotter_Warszawa_ul_Szwolezerow_7A_elewacja_frontowa_klatk_II_klatka_schodowa_okno_na_polpietrze-300x225.jpg 300w, http:\/\/lapidarium.fundacja-hereditas.pl\/wp-content\/uploads\/2024\/10\/Cecylia_Rotter_Warszawa_ul_Szwolezerow_7A_elewacja_frontowa_klatk_II_klatka_schodowa_okno_na_polpietrze-768x576.jpg 768w, http:\/\/lapidarium.fundacja-hereditas.pl\/wp-content\/uploads\/2024\/10\/Cecylia_Rotter_Warszawa_ul_Szwolezerow_7A_elewacja_frontowa_klatk_II_klatka_schodowa_okno_na_polpietrze-1536x1152.jpg 1536w, http:\/\/lapidarium.fundacja-hereditas.pl\/wp-content\/uploads\/2024\/10\/Cecylia_Rotter_Warszawa_ul_Szwolezerow_7A_elewacja_frontowa_klatk_II_klatka_schodowa_okno_na_polpietrze-2048x1536.jpg 2048w, http:\/\/lapidarium.fundacja-hereditas.pl\/wp-content\/uploads\/2024\/10\/Cecylia_Rotter_Warszawa_ul_Szwolezerow_7A_elewacja_frontowa_klatk_II_klatka_schodowa_okno_na_polpietrze-150x113.jpg 150w, http:\/\/lapidarium.fundacja-hereditas.pl\/wp-content\/uploads\/2024\/10\/Cecylia_Rotter_Warszawa_ul_Szwolezerow_7A_elewacja_frontowa_klatk_II_klatka_schodowa_okno_na_polpietrze-696x522.jpg 696w, http:\/\/lapidarium.fundacja-hereditas.pl\/wp-content\/uploads\/2024\/10\/Cecylia_Rotter_Warszawa_ul_Szwolezerow_7A_elewacja_frontowa_klatk_II_klatka_schodowa_okno_na_polpietrze-1068x801.jpg 1068w, http:\/\/lapidarium.fundacja-hereditas.pl\/wp-content\/uploads\/2024\/10\/Cecylia_Rotter_Warszawa_ul_Szwolezerow_7A_elewacja_frontowa_klatk_II_klatka_schodowa_okno_na_polpietrze-1920x1440.jpg 1920w\" sizes=\"auto, (max-width: 1024px) 100vw, 1024px\" \/><\/a><figcaption class=\"wp-element-caption\">Klatka wschodnia &#8211; spocznik. Fot. Cecylia Rotter, 2024 r., \u017ar\u00f3d\u0142o: AOD V.<\/figcaption><\/figure>\n\n\n\n<figure class=\"wp-block-image size-large\"><a href=\"http:\/\/lapidarium.fundacja-hereditas.pl\/wp-content\/uploads\/2024\/10\/Cecylia_Rotter_Warszawa_ul_Szwolezerow_7A_elewacja_frontowa_klatk_II_klatka_schodowa_parter-scaled.jpg\"><img loading=\"lazy\" decoding=\"async\" width=\"1024\" height=\"768\" data-id=\"28508\" src=\"http:\/\/lapidarium.fundacja-hereditas.pl\/wp-content\/uploads\/2024\/10\/Cecylia_Rotter_Warszawa_ul_Szwolezerow_7A_elewacja_frontowa_klatk_II_klatka_schodowa_parter-1024x768.jpg\" alt=\"\" class=\"wp-image-28508\" srcset=\"http:\/\/lapidarium.fundacja-hereditas.pl\/wp-content\/uploads\/2024\/10\/Cecylia_Rotter_Warszawa_ul_Szwolezerow_7A_elewacja_frontowa_klatk_II_klatka_schodowa_parter-1024x768.jpg 1024w, http:\/\/lapidarium.fundacja-hereditas.pl\/wp-content\/uploads\/2024\/10\/Cecylia_Rotter_Warszawa_ul_Szwolezerow_7A_elewacja_frontowa_klatk_II_klatka_schodowa_parter-300x225.jpg 300w, http:\/\/lapidarium.fundacja-hereditas.pl\/wp-content\/uploads\/2024\/10\/Cecylia_Rotter_Warszawa_ul_Szwolezerow_7A_elewacja_frontowa_klatk_II_klatka_schodowa_parter-768x576.jpg 768w, http:\/\/lapidarium.fundacja-hereditas.pl\/wp-content\/uploads\/2024\/10\/Cecylia_Rotter_Warszawa_ul_Szwolezerow_7A_elewacja_frontowa_klatk_II_klatka_schodowa_parter-1536x1152.jpg 1536w, http:\/\/lapidarium.fundacja-hereditas.pl\/wp-content\/uploads\/2024\/10\/Cecylia_Rotter_Warszawa_ul_Szwolezerow_7A_elewacja_frontowa_klatk_II_klatka_schodowa_parter-2048x1536.jpg 2048w, http:\/\/lapidarium.fundacja-hereditas.pl\/wp-content\/uploads\/2024\/10\/Cecylia_Rotter_Warszawa_ul_Szwolezerow_7A_elewacja_frontowa_klatk_II_klatka_schodowa_parter-150x113.jpg 150w, http:\/\/lapidarium.fundacja-hereditas.pl\/wp-content\/uploads\/2024\/10\/Cecylia_Rotter_Warszawa_ul_Szwolezerow_7A_elewacja_frontowa_klatk_II_klatka_schodowa_parter-696x522.jpg 696w, http:\/\/lapidarium.fundacja-hereditas.pl\/wp-content\/uploads\/2024\/10\/Cecylia_Rotter_Warszawa_ul_Szwolezerow_7A_elewacja_frontowa_klatk_II_klatka_schodowa_parter-1068x801.jpg 1068w, http:\/\/lapidarium.fundacja-hereditas.pl\/wp-content\/uploads\/2024\/10\/Cecylia_Rotter_Warszawa_ul_Szwolezerow_7A_elewacja_frontowa_klatk_II_klatka_schodowa_parter-1920x1440.jpg 1920w\" sizes=\"auto, (max-width: 1024px) 100vw, 1024px\" \/><\/a><figcaption class=\"wp-element-caption\">Klatka wschodnia &#8211; schody. Fot. Cecylia Rotter, 2024 r., \u017ar\u00f3d\u0142o: AOD V.<\/figcaption><\/figure>\n\n\n\n<figure class=\"wp-block-image size-large\"><a href=\"http:\/\/lapidarium.fundacja-hereditas.pl\/wp-content\/uploads\/2024\/10\/Cecylia_Rotter_Warszawa_ul_Szwolezerow_7A_elewacja_frontowa_klatk_II_klatka_schodowa_wejscie_na_ostatnie_pietro-scaled.jpg\"><img loading=\"lazy\" decoding=\"async\" width=\"1024\" height=\"768\" data-id=\"28510\" src=\"http:\/\/lapidarium.fundacja-hereditas.pl\/wp-content\/uploads\/2024\/10\/Cecylia_Rotter_Warszawa_ul_Szwolezerow_7A_elewacja_frontowa_klatk_II_klatka_schodowa_wejscie_na_ostatnie_pietro-1024x768.jpg\" alt=\"\" class=\"wp-image-28510\" srcset=\"http:\/\/lapidarium.fundacja-hereditas.pl\/wp-content\/uploads\/2024\/10\/Cecylia_Rotter_Warszawa_ul_Szwolezerow_7A_elewacja_frontowa_klatk_II_klatka_schodowa_wejscie_na_ostatnie_pietro-1024x768.jpg 1024w, http:\/\/lapidarium.fundacja-hereditas.pl\/wp-content\/uploads\/2024\/10\/Cecylia_Rotter_Warszawa_ul_Szwolezerow_7A_elewacja_frontowa_klatk_II_klatka_schodowa_wejscie_na_ostatnie_pietro-300x225.jpg 300w, http:\/\/lapidarium.fundacja-hereditas.pl\/wp-content\/uploads\/2024\/10\/Cecylia_Rotter_Warszawa_ul_Szwolezerow_7A_elewacja_frontowa_klatk_II_klatka_schodowa_wejscie_na_ostatnie_pietro-768x576.jpg 768w, http:\/\/lapidarium.fundacja-hereditas.pl\/wp-content\/uploads\/2024\/10\/Cecylia_Rotter_Warszawa_ul_Szwolezerow_7A_elewacja_frontowa_klatk_II_klatka_schodowa_wejscie_na_ostatnie_pietro-1536x1152.jpg 1536w, http:\/\/lapidarium.fundacja-hereditas.pl\/wp-content\/uploads\/2024\/10\/Cecylia_Rotter_Warszawa_ul_Szwolezerow_7A_elewacja_frontowa_klatk_II_klatka_schodowa_wejscie_na_ostatnie_pietro-2048x1536.jpg 2048w, http:\/\/lapidarium.fundacja-hereditas.pl\/wp-content\/uploads\/2024\/10\/Cecylia_Rotter_Warszawa_ul_Szwolezerow_7A_elewacja_frontowa_klatk_II_klatka_schodowa_wejscie_na_ostatnie_pietro-150x113.jpg 150w, http:\/\/lapidarium.fundacja-hereditas.pl\/wp-content\/uploads\/2024\/10\/Cecylia_Rotter_Warszawa_ul_Szwolezerow_7A_elewacja_frontowa_klatk_II_klatka_schodowa_wejscie_na_ostatnie_pietro-696x522.jpg 696w, http:\/\/lapidarium.fundacja-hereditas.pl\/wp-content\/uploads\/2024\/10\/Cecylia_Rotter_Warszawa_ul_Szwolezerow_7A_elewacja_frontowa_klatk_II_klatka_schodowa_wejscie_na_ostatnie_pietro-1068x801.jpg 1068w, http:\/\/lapidarium.fundacja-hereditas.pl\/wp-content\/uploads\/2024\/10\/Cecylia_Rotter_Warszawa_ul_Szwolezerow_7A_elewacja_frontowa_klatk_II_klatka_schodowa_wejscie_na_ostatnie_pietro-1920x1440.jpg 1920w\" sizes=\"auto, (max-width: 1024px) 100vw, 1024px\" \/><\/a><figcaption class=\"wp-element-caption\">Klatka wschodnia &#8211; schody. Fot. Cecylia Rotter, 2024 r., \u017ar\u00f3d\u0142o: AOD V.<\/figcaption><\/figure>\n\n\n\n<figure class=\"wp-block-image size-large\"><a href=\"http:\/\/lapidarium.fundacja-hereditas.pl\/wp-content\/uploads\/2024\/10\/Cecylia_Rotter_Warszawa_ul_Szwolezerow_7A_elewacja_frontowa_klatk_II_parter_wyjscie-scaled.jpg\"><img loading=\"lazy\" decoding=\"async\" width=\"1024\" height=\"768\" data-id=\"28509\" src=\"http:\/\/lapidarium.fundacja-hereditas.pl\/wp-content\/uploads\/2024\/10\/Cecylia_Rotter_Warszawa_ul_Szwolezerow_7A_elewacja_frontowa_klatk_II_parter_wyjscie-1024x768.jpg\" alt=\"\" class=\"wp-image-28509\" srcset=\"http:\/\/lapidarium.fundacja-hereditas.pl\/wp-content\/uploads\/2024\/10\/Cecylia_Rotter_Warszawa_ul_Szwolezerow_7A_elewacja_frontowa_klatk_II_parter_wyjscie-1024x768.jpg 1024w, http:\/\/lapidarium.fundacja-hereditas.pl\/wp-content\/uploads\/2024\/10\/Cecylia_Rotter_Warszawa_ul_Szwolezerow_7A_elewacja_frontowa_klatk_II_parter_wyjscie-300x225.jpg 300w, http:\/\/lapidarium.fundacja-hereditas.pl\/wp-content\/uploads\/2024\/10\/Cecylia_Rotter_Warszawa_ul_Szwolezerow_7A_elewacja_frontowa_klatk_II_parter_wyjscie-768x576.jpg 768w, http:\/\/lapidarium.fundacja-hereditas.pl\/wp-content\/uploads\/2024\/10\/Cecylia_Rotter_Warszawa_ul_Szwolezerow_7A_elewacja_frontowa_klatk_II_parter_wyjscie-1536x1152.jpg 1536w, http:\/\/lapidarium.fundacja-hereditas.pl\/wp-content\/uploads\/2024\/10\/Cecylia_Rotter_Warszawa_ul_Szwolezerow_7A_elewacja_frontowa_klatk_II_parter_wyjscie-2048x1536.jpg 2048w, http:\/\/lapidarium.fundacja-hereditas.pl\/wp-content\/uploads\/2024\/10\/Cecylia_Rotter_Warszawa_ul_Szwolezerow_7A_elewacja_frontowa_klatk_II_parter_wyjscie-150x112.jpg 150w, http:\/\/lapidarium.fundacja-hereditas.pl\/wp-content\/uploads\/2024\/10\/Cecylia_Rotter_Warszawa_ul_Szwolezerow_7A_elewacja_frontowa_klatk_II_parter_wyjscie-696x522.jpg 696w, http:\/\/lapidarium.fundacja-hereditas.pl\/wp-content\/uploads\/2024\/10\/Cecylia_Rotter_Warszawa_ul_Szwolezerow_7A_elewacja_frontowa_klatk_II_parter_wyjscie-1068x801.jpg 1068w, http:\/\/lapidarium.fundacja-hereditas.pl\/wp-content\/uploads\/2024\/10\/Cecylia_Rotter_Warszawa_ul_Szwolezerow_7A_elewacja_frontowa_klatk_II_parter_wyjscie-1920x1440.jpg 1920w\" sizes=\"auto, (max-width: 1024px) 100vw, 1024px\" \/><\/a><figcaption class=\"wp-element-caption\">Klatka wschodnia &#8211; wyj\u015bcie na ulic\u0119. Fot. Cecylia Rotter, 2024 r., \u017ar\u00f3d\u0142o: AOD V.<\/figcaption><\/figure>\n\n\n\n<figure class=\"wp-block-image size-large\"><a href=\"http:\/\/lapidarium.fundacja-hereditas.pl\/wp-content\/uploads\/2024\/10\/Cecylia_Rotter_Warszawa_ul_Szwolezerow_7A_elewacja_frontowa_klatk_III__strych_sklepienie_nad_oknem_dachowym-scaled.jpg\"><img loading=\"lazy\" decoding=\"async\" width=\"1024\" height=\"768\" data-id=\"28507\" src=\"http:\/\/lapidarium.fundacja-hereditas.pl\/wp-content\/uploads\/2024\/10\/Cecylia_Rotter_Warszawa_ul_Szwolezerow_7A_elewacja_frontowa_klatk_III__strych_sklepienie_nad_oknem_dachowym-1024x768.jpg\" alt=\"\" class=\"wp-image-28507\" srcset=\"http:\/\/lapidarium.fundacja-hereditas.pl\/wp-content\/uploads\/2024\/10\/Cecylia_Rotter_Warszawa_ul_Szwolezerow_7A_elewacja_frontowa_klatk_III__strych_sklepienie_nad_oknem_dachowym-1024x768.jpg 1024w, http:\/\/lapidarium.fundacja-hereditas.pl\/wp-content\/uploads\/2024\/10\/Cecylia_Rotter_Warszawa_ul_Szwolezerow_7A_elewacja_frontowa_klatk_III__strych_sklepienie_nad_oknem_dachowym-300x225.jpg 300w, http:\/\/lapidarium.fundacja-hereditas.pl\/wp-content\/uploads\/2024\/10\/Cecylia_Rotter_Warszawa_ul_Szwolezerow_7A_elewacja_frontowa_klatk_III__strych_sklepienie_nad_oknem_dachowym-768x576.jpg 768w, http:\/\/lapidarium.fundacja-hereditas.pl\/wp-content\/uploads\/2024\/10\/Cecylia_Rotter_Warszawa_ul_Szwolezerow_7A_elewacja_frontowa_klatk_III__strych_sklepienie_nad_oknem_dachowym-1536x1152.jpg 1536w, http:\/\/lapidarium.fundacja-hereditas.pl\/wp-content\/uploads\/2024\/10\/Cecylia_Rotter_Warszawa_ul_Szwolezerow_7A_elewacja_frontowa_klatk_III__strych_sklepienie_nad_oknem_dachowym-2048x1536.jpg 2048w, http:\/\/lapidarium.fundacja-hereditas.pl\/wp-content\/uploads\/2024\/10\/Cecylia_Rotter_Warszawa_ul_Szwolezerow_7A_elewacja_frontowa_klatk_III__strych_sklepienie_nad_oknem_dachowym-150x113.jpg 150w, http:\/\/lapidarium.fundacja-hereditas.pl\/wp-content\/uploads\/2024\/10\/Cecylia_Rotter_Warszawa_ul_Szwolezerow_7A_elewacja_frontowa_klatk_III__strych_sklepienie_nad_oknem_dachowym-696x522.jpg 696w, http:\/\/lapidarium.fundacja-hereditas.pl\/wp-content\/uploads\/2024\/10\/Cecylia_Rotter_Warszawa_ul_Szwolezerow_7A_elewacja_frontowa_klatk_III__strych_sklepienie_nad_oknem_dachowym-1068x801.jpg 1068w, http:\/\/lapidarium.fundacja-hereditas.pl\/wp-content\/uploads\/2024\/10\/Cecylia_Rotter_Warszawa_ul_Szwolezerow_7A_elewacja_frontowa_klatk_III__strych_sklepienie_nad_oknem_dachowym-1920x1440.jpg 1920w\" sizes=\"auto, (max-width: 1024px) 100vw, 1024px\" \/><\/a><figcaption class=\"wp-element-caption\">Strych &#8211; zasklepione okienko. Fot. Cecylia Rotter, 2024 r., \u017ar\u00f3d\u0142o: AOD V.<\/figcaption><\/figure>\n\n\n\n<figure class=\"wp-block-image size-large\"><a href=\"http:\/\/lapidarium.fundacja-hereditas.pl\/wp-content\/uploads\/2024\/10\/Cecylia_Rotter_Warszawa_ul_Szwolezerow_7A_elewacja_frontowa_klatk_III_klatka_schodowa_balustrada-scaled.jpg\"><img loading=\"lazy\" decoding=\"async\" width=\"768\" height=\"1024\" data-id=\"28535\" src=\"http:\/\/lapidarium.fundacja-hereditas.pl\/wp-content\/uploads\/2024\/10\/Cecylia_Rotter_Warszawa_ul_Szwolezerow_7A_elewacja_frontowa_klatk_III_klatka_schodowa_balustrada-768x1024.jpg\" alt=\"\" class=\"wp-image-28535\" srcset=\"http:\/\/lapidarium.fundacja-hereditas.pl\/wp-content\/uploads\/2024\/10\/Cecylia_Rotter_Warszawa_ul_Szwolezerow_7A_elewacja_frontowa_klatk_III_klatka_schodowa_balustrada-768x1024.jpg 768w, http:\/\/lapidarium.fundacja-hereditas.pl\/wp-content\/uploads\/2024\/10\/Cecylia_Rotter_Warszawa_ul_Szwolezerow_7A_elewacja_frontowa_klatk_III_klatka_schodowa_balustrada-225x300.jpg 225w, http:\/\/lapidarium.fundacja-hereditas.pl\/wp-content\/uploads\/2024\/10\/Cecylia_Rotter_Warszawa_ul_Szwolezerow_7A_elewacja_frontowa_klatk_III_klatka_schodowa_balustrada-1152x1536.jpg 1152w, http:\/\/lapidarium.fundacja-hereditas.pl\/wp-content\/uploads\/2024\/10\/Cecylia_Rotter_Warszawa_ul_Szwolezerow_7A_elewacja_frontowa_klatk_III_klatka_schodowa_balustrada-1536x2048.jpg 1536w, http:\/\/lapidarium.fundacja-hereditas.pl\/wp-content\/uploads\/2024\/10\/Cecylia_Rotter_Warszawa_ul_Szwolezerow_7A_elewacja_frontowa_klatk_III_klatka_schodowa_balustrada-150x200.jpg 150w, http:\/\/lapidarium.fundacja-hereditas.pl\/wp-content\/uploads\/2024\/10\/Cecylia_Rotter_Warszawa_ul_Szwolezerow_7A_elewacja_frontowa_klatk_III_klatka_schodowa_balustrada-300x400.jpg 300w, http:\/\/lapidarium.fundacja-hereditas.pl\/wp-content\/uploads\/2024\/10\/Cecylia_Rotter_Warszawa_ul_Szwolezerow_7A_elewacja_frontowa_klatk_III_klatka_schodowa_balustrada-696x928.jpg 696w, http:\/\/lapidarium.fundacja-hereditas.pl\/wp-content\/uploads\/2024\/10\/Cecylia_Rotter_Warszawa_ul_Szwolezerow_7A_elewacja_frontowa_klatk_III_klatka_schodowa_balustrada-1068x1424.jpg 1068w, http:\/\/lapidarium.fundacja-hereditas.pl\/wp-content\/uploads\/2024\/10\/Cecylia_Rotter_Warszawa_ul_Szwolezerow_7A_elewacja_frontowa_klatk_III_klatka_schodowa_balustrada-scaled.jpg 1920w\" sizes=\"auto, (max-width: 768px) 100vw, 768px\" \/><\/a><figcaption class=\"wp-element-caption\">Klatka III zachodnia &#8211; schody. Fot. Cecylia Rotter, 2024 r., \u017ar\u00f3d\u0142o: AOD V.<\/figcaption><\/figure>\n\n\n\n<figure class=\"wp-block-image size-large\"><a href=\"http:\/\/lapidarium.fundacja-hereditas.pl\/wp-content\/uploads\/2024\/10\/Cecylia_Rotter_Warszawa_ul_Szwolezerow_7A_elewacja_frontowa_klatk_III_klatka_schodowa_balustrada_policzki-scaled.jpg\"><img loading=\"lazy\" decoding=\"async\" width=\"768\" height=\"1024\" data-id=\"28536\" src=\"http:\/\/lapidarium.fundacja-hereditas.pl\/wp-content\/uploads\/2024\/10\/Cecylia_Rotter_Warszawa_ul_Szwolezerow_7A_elewacja_frontowa_klatk_III_klatka_schodowa_balustrada_policzki-768x1024.jpg\" alt=\"\" class=\"wp-image-28536\" srcset=\"http:\/\/lapidarium.fundacja-hereditas.pl\/wp-content\/uploads\/2024\/10\/Cecylia_Rotter_Warszawa_ul_Szwolezerow_7A_elewacja_frontowa_klatk_III_klatka_schodowa_balustrada_policzki-768x1024.jpg 768w, http:\/\/lapidarium.fundacja-hereditas.pl\/wp-content\/uploads\/2024\/10\/Cecylia_Rotter_Warszawa_ul_Szwolezerow_7A_elewacja_frontowa_klatk_III_klatka_schodowa_balustrada_policzki-225x300.jpg 225w, http:\/\/lapidarium.fundacja-hereditas.pl\/wp-content\/uploads\/2024\/10\/Cecylia_Rotter_Warszawa_ul_Szwolezerow_7A_elewacja_frontowa_klatk_III_klatka_schodowa_balustrada_policzki-1152x1536.jpg 1152w, http:\/\/lapidarium.fundacja-hereditas.pl\/wp-content\/uploads\/2024\/10\/Cecylia_Rotter_Warszawa_ul_Szwolezerow_7A_elewacja_frontowa_klatk_III_klatka_schodowa_balustrada_policzki-1536x2048.jpg 1536w, http:\/\/lapidarium.fundacja-hereditas.pl\/wp-content\/uploads\/2024\/10\/Cecylia_Rotter_Warszawa_ul_Szwolezerow_7A_elewacja_frontowa_klatk_III_klatka_schodowa_balustrada_policzki-150x200.jpg 150w, http:\/\/lapidarium.fundacja-hereditas.pl\/wp-content\/uploads\/2024\/10\/Cecylia_Rotter_Warszawa_ul_Szwolezerow_7A_elewacja_frontowa_klatk_III_klatka_schodowa_balustrada_policzki-300x400.jpg 300w, http:\/\/lapidarium.fundacja-hereditas.pl\/wp-content\/uploads\/2024\/10\/Cecylia_Rotter_Warszawa_ul_Szwolezerow_7A_elewacja_frontowa_klatk_III_klatka_schodowa_balustrada_policzki-696x928.jpg 696w, http:\/\/lapidarium.fundacja-hereditas.pl\/wp-content\/uploads\/2024\/10\/Cecylia_Rotter_Warszawa_ul_Szwolezerow_7A_elewacja_frontowa_klatk_III_klatka_schodowa_balustrada_policzki-1068x1424.jpg 1068w, http:\/\/lapidarium.fundacja-hereditas.pl\/wp-content\/uploads\/2024\/10\/Cecylia_Rotter_Warszawa_ul_Szwolezerow_7A_elewacja_frontowa_klatk_III_klatka_schodowa_balustrada_policzki-scaled.jpg 1920w\" sizes=\"auto, (max-width: 768px) 100vw, 768px\" \/><\/a><figcaption class=\"wp-element-caption\">Klatka wschodnia &#8211; schody. Fot. Cecylia Rotter, 2024 r., \u017ar\u00f3d\u0142o: AOD V.<\/figcaption><\/figure>\n\n\n\n<figure class=\"wp-block-image size-large\"><a href=\"http:\/\/lapidarium.fundacja-hereditas.pl\/wp-content\/uploads\/2024\/10\/Cecylia_Rotter_Warszawa_ul_Szwolezerow_7A_elewacja_frontowa_klatk_IV_posadzka_parter_klapa_do_zejscia_do_piwnicy-scaled.jpg\"><img loading=\"lazy\" decoding=\"async\" width=\"756\" height=\"1024\" data-id=\"28514\" src=\"http:\/\/lapidarium.fundacja-hereditas.pl\/wp-content\/uploads\/2024\/10\/Cecylia_Rotter_Warszawa_ul_Szwolezerow_7A_elewacja_frontowa_klatk_IV_posadzka_parter_klapa_do_zejscia_do_piwnicy-756x1024.jpg\" alt=\"\" class=\"wp-image-28514\" srcset=\"http:\/\/lapidarium.fundacja-hereditas.pl\/wp-content\/uploads\/2024\/10\/Cecylia_Rotter_Warszawa_ul_Szwolezerow_7A_elewacja_frontowa_klatk_IV_posadzka_parter_klapa_do_zejscia_do_piwnicy-756x1024.jpg 756w, http:\/\/lapidarium.fundacja-hereditas.pl\/wp-content\/uploads\/2024\/10\/Cecylia_Rotter_Warszawa_ul_Szwolezerow_7A_elewacja_frontowa_klatk_IV_posadzka_parter_klapa_do_zejscia_do_piwnicy-221x300.jpg 221w, http:\/\/lapidarium.fundacja-hereditas.pl\/wp-content\/uploads\/2024\/10\/Cecylia_Rotter_Warszawa_ul_Szwolezerow_7A_elewacja_frontowa_klatk_IV_posadzka_parter_klapa_do_zejscia_do_piwnicy-768x1040.jpg 768w, http:\/\/lapidarium.fundacja-hereditas.pl\/wp-content\/uploads\/2024\/10\/Cecylia_Rotter_Warszawa_ul_Szwolezerow_7A_elewacja_frontowa_klatk_IV_posadzka_parter_klapa_do_zejscia_do_piwnicy-1134x1536.jpg 1134w, http:\/\/lapidarium.fundacja-hereditas.pl\/wp-content\/uploads\/2024\/10\/Cecylia_Rotter_Warszawa_ul_Szwolezerow_7A_elewacja_frontowa_klatk_IV_posadzka_parter_klapa_do_zejscia_do_piwnicy-1512x2048.jpg 1512w, http:\/\/lapidarium.fundacja-hereditas.pl\/wp-content\/uploads\/2024\/10\/Cecylia_Rotter_Warszawa_ul_Szwolezerow_7A_elewacja_frontowa_klatk_IV_posadzka_parter_klapa_do_zejscia_do_piwnicy-150x203.jpg 150w, http:\/\/lapidarium.fundacja-hereditas.pl\/wp-content\/uploads\/2024\/10\/Cecylia_Rotter_Warszawa_ul_Szwolezerow_7A_elewacja_frontowa_klatk_IV_posadzka_parter_klapa_do_zejscia_do_piwnicy-300x406.jpg 300w, http:\/\/lapidarium.fundacja-hereditas.pl\/wp-content\/uploads\/2024\/10\/Cecylia_Rotter_Warszawa_ul_Szwolezerow_7A_elewacja_frontowa_klatk_IV_posadzka_parter_klapa_do_zejscia_do_piwnicy-696x943.jpg 696w, http:\/\/lapidarium.fundacja-hereditas.pl\/wp-content\/uploads\/2024\/10\/Cecylia_Rotter_Warszawa_ul_Szwolezerow_7A_elewacja_frontowa_klatk_IV_posadzka_parter_klapa_do_zejscia_do_piwnicy-1068x1447.jpg 1068w, http:\/\/lapidarium.fundacja-hereditas.pl\/wp-content\/uploads\/2024\/10\/Cecylia_Rotter_Warszawa_ul_Szwolezerow_7A_elewacja_frontowa_klatk_IV_posadzka_parter_klapa_do_zejscia_do_piwnicy-1920x2601.jpg 1920w, http:\/\/lapidarium.fundacja-hereditas.pl\/wp-content\/uploads\/2024\/10\/Cecylia_Rotter_Warszawa_ul_Szwolezerow_7A_elewacja_frontowa_klatk_IV_posadzka_parter_klapa_do_zejscia_do_piwnicy-scaled.jpg 1890w\" sizes=\"auto, (max-width: 756px) 100vw, 756px\" \/><\/a><figcaption class=\"wp-element-caption\">Klatka IV zachodnia &#8211; klapa w posadzce. Fot. Cecylia Rotter, 2024 r., \u017ar\u00f3d\u0142o: AOD V.<\/figcaption><\/figure>\n\n\n\n<figure class=\"wp-block-image size-large\"><a href=\"http:\/\/lapidarium.fundacja-hereditas.pl\/wp-content\/uploads\/2024\/10\/Cecylia_Rotter_Warszawa_ul_Szwolezerow_7A_elewacja_frontowa_klatka_III__parter_poczatek_balustrady_schodow-scaled.jpg\"><img loading=\"lazy\" decoding=\"async\" width=\"768\" height=\"1024\" data-id=\"28513\" src=\"http:\/\/lapidarium.fundacja-hereditas.pl\/wp-content\/uploads\/2024\/10\/Cecylia_Rotter_Warszawa_ul_Szwolezerow_7A_elewacja_frontowa_klatka_III__parter_poczatek_balustrady_schodow-768x1024.jpg\" alt=\"\" class=\"wp-image-28513\" srcset=\"http:\/\/lapidarium.fundacja-hereditas.pl\/wp-content\/uploads\/2024\/10\/Cecylia_Rotter_Warszawa_ul_Szwolezerow_7A_elewacja_frontowa_klatka_III__parter_poczatek_balustrady_schodow-768x1024.jpg 768w, http:\/\/lapidarium.fundacja-hereditas.pl\/wp-content\/uploads\/2024\/10\/Cecylia_Rotter_Warszawa_ul_Szwolezerow_7A_elewacja_frontowa_klatka_III__parter_poczatek_balustrady_schodow-225x300.jpg 225w, http:\/\/lapidarium.fundacja-hereditas.pl\/wp-content\/uploads\/2024\/10\/Cecylia_Rotter_Warszawa_ul_Szwolezerow_7A_elewacja_frontowa_klatka_III__parter_poczatek_balustrady_schodow-1152x1536.jpg 1152w, http:\/\/lapidarium.fundacja-hereditas.pl\/wp-content\/uploads\/2024\/10\/Cecylia_Rotter_Warszawa_ul_Szwolezerow_7A_elewacja_frontowa_klatka_III__parter_poczatek_balustrady_schodow-1536x2048.jpg 1536w, http:\/\/lapidarium.fundacja-hereditas.pl\/wp-content\/uploads\/2024\/10\/Cecylia_Rotter_Warszawa_ul_Szwolezerow_7A_elewacja_frontowa_klatka_III__parter_poczatek_balustrady_schodow-150x200.jpg 150w, http:\/\/lapidarium.fundacja-hereditas.pl\/wp-content\/uploads\/2024\/10\/Cecylia_Rotter_Warszawa_ul_Szwolezerow_7A_elewacja_frontowa_klatka_III__parter_poczatek_balustrady_schodow-300x400.jpg 300w, http:\/\/lapidarium.fundacja-hereditas.pl\/wp-content\/uploads\/2024\/10\/Cecylia_Rotter_Warszawa_ul_Szwolezerow_7A_elewacja_frontowa_klatka_III__parter_poczatek_balustrady_schodow-696x928.jpg 696w, http:\/\/lapidarium.fundacja-hereditas.pl\/wp-content\/uploads\/2024\/10\/Cecylia_Rotter_Warszawa_ul_Szwolezerow_7A_elewacja_frontowa_klatka_III__parter_poczatek_balustrady_schodow-1068x1424.jpg 1068w, http:\/\/lapidarium.fundacja-hereditas.pl\/wp-content\/uploads\/2024\/10\/Cecylia_Rotter_Warszawa_ul_Szwolezerow_7A_elewacja_frontowa_klatka_III__parter_poczatek_balustrady_schodow-scaled.jpg 1920w\" sizes=\"auto, (max-width: 768px) 100vw, 768px\" \/><\/a><figcaption class=\"wp-element-caption\">Klatka III zachodnia &#8211; schody. Fot. Cecylia Rotter, 2024 r., \u017ar\u00f3d\u0142o: AOD V.<\/figcaption><\/figure>\n\n\n\n<figure class=\"wp-block-image size-large\"><a href=\"http:\/\/lapidarium.fundacja-hereditas.pl\/wp-content\/uploads\/2024\/10\/Cecylia_Rotter_Warszawa_ul_Szwolezerow_7A_elewacja_frontowa_klatka_III_drzwi_do_lokalu_mieszkalnego_nr_10-scaled.jpg\"><img loading=\"lazy\" decoding=\"async\" width=\"768\" height=\"1024\" data-id=\"28515\" src=\"http:\/\/lapidarium.fundacja-hereditas.pl\/wp-content\/uploads\/2024\/10\/Cecylia_Rotter_Warszawa_ul_Szwolezerow_7A_elewacja_frontowa_klatka_III_drzwi_do_lokalu_mieszkalnego_nr_10-768x1024.jpg\" alt=\"\" class=\"wp-image-28515\" srcset=\"http:\/\/lapidarium.fundacja-hereditas.pl\/wp-content\/uploads\/2024\/10\/Cecylia_Rotter_Warszawa_ul_Szwolezerow_7A_elewacja_frontowa_klatka_III_drzwi_do_lokalu_mieszkalnego_nr_10-768x1024.jpg 768w, http:\/\/lapidarium.fundacja-hereditas.pl\/wp-content\/uploads\/2024\/10\/Cecylia_Rotter_Warszawa_ul_Szwolezerow_7A_elewacja_frontowa_klatka_III_drzwi_do_lokalu_mieszkalnego_nr_10-225x300.jpg 225w, http:\/\/lapidarium.fundacja-hereditas.pl\/wp-content\/uploads\/2024\/10\/Cecylia_Rotter_Warszawa_ul_Szwolezerow_7A_elewacja_frontowa_klatka_III_drzwi_do_lokalu_mieszkalnego_nr_10-1152x1536.jpg 1152w, http:\/\/lapidarium.fundacja-hereditas.pl\/wp-content\/uploads\/2024\/10\/Cecylia_Rotter_Warszawa_ul_Szwolezerow_7A_elewacja_frontowa_klatka_III_drzwi_do_lokalu_mieszkalnego_nr_10-1536x2048.jpg 1536w, http:\/\/lapidarium.fundacja-hereditas.pl\/wp-content\/uploads\/2024\/10\/Cecylia_Rotter_Warszawa_ul_Szwolezerow_7A_elewacja_frontowa_klatka_III_drzwi_do_lokalu_mieszkalnego_nr_10-150x200.jpg 150w, http:\/\/lapidarium.fundacja-hereditas.pl\/wp-content\/uploads\/2024\/10\/Cecylia_Rotter_Warszawa_ul_Szwolezerow_7A_elewacja_frontowa_klatka_III_drzwi_do_lokalu_mieszkalnego_nr_10-300x400.jpg 300w, http:\/\/lapidarium.fundacja-hereditas.pl\/wp-content\/uploads\/2024\/10\/Cecylia_Rotter_Warszawa_ul_Szwolezerow_7A_elewacja_frontowa_klatka_III_drzwi_do_lokalu_mieszkalnego_nr_10-696x928.jpg 696w, http:\/\/lapidarium.fundacja-hereditas.pl\/wp-content\/uploads\/2024\/10\/Cecylia_Rotter_Warszawa_ul_Szwolezerow_7A_elewacja_frontowa_klatka_III_drzwi_do_lokalu_mieszkalnego_nr_10-1068x1424.jpg 1068w, http:\/\/lapidarium.fundacja-hereditas.pl\/wp-content\/uploads\/2024\/10\/Cecylia_Rotter_Warszawa_ul_Szwolezerow_7A_elewacja_frontowa_klatka_III_drzwi_do_lokalu_mieszkalnego_nr_10-scaled.jpg 1920w\" sizes=\"auto, (max-width: 768px) 100vw, 768px\" \/><\/a><figcaption class=\"wp-element-caption\">Klatka III zachodnia &#8211; parter. Fot. Cecylia Rotter, 2024 r., \u017ar\u00f3d\u0142o: AOD V.<\/figcaption><\/figure>\n\n\n\n<figure class=\"wp-block-image size-large\"><a href=\"http:\/\/lapidarium.fundacja-hereditas.pl\/wp-content\/uploads\/2024\/10\/Cecylia_Rotter_Warszawa_ul_Szwolezerow_7A_elewacja_frontowa_klatka_III_drzwi_do_lokalu_nr_10_klamka_z_boku-scaled.jpg\"><img loading=\"lazy\" decoding=\"async\" width=\"1024\" height=\"768\" data-id=\"28516\" src=\"http:\/\/lapidarium.fundacja-hereditas.pl\/wp-content\/uploads\/2024\/10\/Cecylia_Rotter_Warszawa_ul_Szwolezerow_7A_elewacja_frontowa_klatka_III_drzwi_do_lokalu_nr_10_klamka_z_boku-1024x768.jpg\" alt=\"\" class=\"wp-image-28516\" srcset=\"http:\/\/lapidarium.fundacja-hereditas.pl\/wp-content\/uploads\/2024\/10\/Cecylia_Rotter_Warszawa_ul_Szwolezerow_7A_elewacja_frontowa_klatka_III_drzwi_do_lokalu_nr_10_klamka_z_boku-1024x768.jpg 1024w, http:\/\/lapidarium.fundacja-hereditas.pl\/wp-content\/uploads\/2024\/10\/Cecylia_Rotter_Warszawa_ul_Szwolezerow_7A_elewacja_frontowa_klatka_III_drzwi_do_lokalu_nr_10_klamka_z_boku-300x225.jpg 300w, http:\/\/lapidarium.fundacja-hereditas.pl\/wp-content\/uploads\/2024\/10\/Cecylia_Rotter_Warszawa_ul_Szwolezerow_7A_elewacja_frontowa_klatka_III_drzwi_do_lokalu_nr_10_klamka_z_boku-768x576.jpg 768w, http:\/\/lapidarium.fundacja-hereditas.pl\/wp-content\/uploads\/2024\/10\/Cecylia_Rotter_Warszawa_ul_Szwolezerow_7A_elewacja_frontowa_klatka_III_drzwi_do_lokalu_nr_10_klamka_z_boku-1536x1152.jpg 1536w, http:\/\/lapidarium.fundacja-hereditas.pl\/wp-content\/uploads\/2024\/10\/Cecylia_Rotter_Warszawa_ul_Szwolezerow_7A_elewacja_frontowa_klatka_III_drzwi_do_lokalu_nr_10_klamka_z_boku-2048x1536.jpg 2048w, http:\/\/lapidarium.fundacja-hereditas.pl\/wp-content\/uploads\/2024\/10\/Cecylia_Rotter_Warszawa_ul_Szwolezerow_7A_elewacja_frontowa_klatka_III_drzwi_do_lokalu_nr_10_klamka_z_boku-150x113.jpg 150w, http:\/\/lapidarium.fundacja-hereditas.pl\/wp-content\/uploads\/2024\/10\/Cecylia_Rotter_Warszawa_ul_Szwolezerow_7A_elewacja_frontowa_klatka_III_drzwi_do_lokalu_nr_10_klamka_z_boku-696x522.jpg 696w, http:\/\/lapidarium.fundacja-hereditas.pl\/wp-content\/uploads\/2024\/10\/Cecylia_Rotter_Warszawa_ul_Szwolezerow_7A_elewacja_frontowa_klatka_III_drzwi_do_lokalu_nr_10_klamka_z_boku-1068x801.jpg 1068w, http:\/\/lapidarium.fundacja-hereditas.pl\/wp-content\/uploads\/2024\/10\/Cecylia_Rotter_Warszawa_ul_Szwolezerow_7A_elewacja_frontowa_klatka_III_drzwi_do_lokalu_nr_10_klamka_z_boku-1920x1440.jpg 1920w\" sizes=\"auto, (max-width: 1024px) 100vw, 1024px\" \/><\/a><figcaption class=\"wp-element-caption\">Klatka III zachodnia &#8211; parter. Fot. Cecylia Rotter, 2024 r., \u017ar\u00f3d\u0142o: AOD V.<\/figcaption><\/figure>\n\n\n\n<figure class=\"wp-block-image size-large\"><a href=\"http:\/\/lapidarium.fundacja-hereditas.pl\/wp-content\/uploads\/2024\/10\/Cecylia_Rotter_Warszawa_ul_Szwolezerow_7A_elewacja_frontowa_klatka_III_drzwi_do_lokalu_nr_10_klamka_z_gory-scaled.jpg\"><img loading=\"lazy\" decoding=\"async\" width=\"768\" height=\"1024\" data-id=\"28517\" src=\"http:\/\/lapidarium.fundacja-hereditas.pl\/wp-content\/uploads\/2024\/10\/Cecylia_Rotter_Warszawa_ul_Szwolezerow_7A_elewacja_frontowa_klatka_III_drzwi_do_lokalu_nr_10_klamka_z_gory-768x1024.jpg\" alt=\"\" class=\"wp-image-28517\" srcset=\"http:\/\/lapidarium.fundacja-hereditas.pl\/wp-content\/uploads\/2024\/10\/Cecylia_Rotter_Warszawa_ul_Szwolezerow_7A_elewacja_frontowa_klatka_III_drzwi_do_lokalu_nr_10_klamka_z_gory-768x1024.jpg 768w, http:\/\/lapidarium.fundacja-hereditas.pl\/wp-content\/uploads\/2024\/10\/Cecylia_Rotter_Warszawa_ul_Szwolezerow_7A_elewacja_frontowa_klatka_III_drzwi_do_lokalu_nr_10_klamka_z_gory-225x300.jpg 225w, http:\/\/lapidarium.fundacja-hereditas.pl\/wp-content\/uploads\/2024\/10\/Cecylia_Rotter_Warszawa_ul_Szwolezerow_7A_elewacja_frontowa_klatka_III_drzwi_do_lokalu_nr_10_klamka_z_gory-1152x1536.jpg 1152w, http:\/\/lapidarium.fundacja-hereditas.pl\/wp-content\/uploads\/2024\/10\/Cecylia_Rotter_Warszawa_ul_Szwolezerow_7A_elewacja_frontowa_klatka_III_drzwi_do_lokalu_nr_10_klamka_z_gory-1536x2048.jpg 1536w, http:\/\/lapidarium.fundacja-hereditas.pl\/wp-content\/uploads\/2024\/10\/Cecylia_Rotter_Warszawa_ul_Szwolezerow_7A_elewacja_frontowa_klatka_III_drzwi_do_lokalu_nr_10_klamka_z_gory-150x200.jpg 150w, http:\/\/lapidarium.fundacja-hereditas.pl\/wp-content\/uploads\/2024\/10\/Cecylia_Rotter_Warszawa_ul_Szwolezerow_7A_elewacja_frontowa_klatka_III_drzwi_do_lokalu_nr_10_klamka_z_gory-300x400.jpg 300w, http:\/\/lapidarium.fundacja-hereditas.pl\/wp-content\/uploads\/2024\/10\/Cecylia_Rotter_Warszawa_ul_Szwolezerow_7A_elewacja_frontowa_klatka_III_drzwi_do_lokalu_nr_10_klamka_z_gory-696x928.jpg 696w, http:\/\/lapidarium.fundacja-hereditas.pl\/wp-content\/uploads\/2024\/10\/Cecylia_Rotter_Warszawa_ul_Szwolezerow_7A_elewacja_frontowa_klatka_III_drzwi_do_lokalu_nr_10_klamka_z_gory-1068x1424.jpg 1068w, http:\/\/lapidarium.fundacja-hereditas.pl\/wp-content\/uploads\/2024\/10\/Cecylia_Rotter_Warszawa_ul_Szwolezerow_7A_elewacja_frontowa_klatka_III_drzwi_do_lokalu_nr_10_klamka_z_gory-scaled.jpg 1920w\" sizes=\"auto, (max-width: 768px) 100vw, 768px\" \/><\/a><figcaption class=\"wp-element-caption\">Klatka III zachodnia &#8211; parter. Fot. Cecylia Rotter, 2024 r., \u017ar\u00f3d\u0142o: AOD V.<\/figcaption><\/figure>\n\n\n\n<figure class=\"wp-block-image size-large\"><a href=\"http:\/\/lapidarium.fundacja-hereditas.pl\/wp-content\/uploads\/2024\/10\/Cecylia_Rotter_Warszawa_ul_Szwolezerow_7A_elewacja_frontowa_klatka_III_pietro_I_schody_na_strych-scaled.jpg\"><img loading=\"lazy\" decoding=\"async\" width=\"1024\" height=\"768\" data-id=\"28518\" src=\"http:\/\/lapidarium.fundacja-hereditas.pl\/wp-content\/uploads\/2024\/10\/Cecylia_Rotter_Warszawa_ul_Szwolezerow_7A_elewacja_frontowa_klatka_III_pietro_I_schody_na_strych-1024x768.jpg\" alt=\"\" class=\"wp-image-28518\" srcset=\"http:\/\/lapidarium.fundacja-hereditas.pl\/wp-content\/uploads\/2024\/10\/Cecylia_Rotter_Warszawa_ul_Szwolezerow_7A_elewacja_frontowa_klatka_III_pietro_I_schody_na_strych-1024x768.jpg 1024w, http:\/\/lapidarium.fundacja-hereditas.pl\/wp-content\/uploads\/2024\/10\/Cecylia_Rotter_Warszawa_ul_Szwolezerow_7A_elewacja_frontowa_klatka_III_pietro_I_schody_na_strych-300x225.jpg 300w, http:\/\/lapidarium.fundacja-hereditas.pl\/wp-content\/uploads\/2024\/10\/Cecylia_Rotter_Warszawa_ul_Szwolezerow_7A_elewacja_frontowa_klatka_III_pietro_I_schody_na_strych-768x576.jpg 768w, http:\/\/lapidarium.fundacja-hereditas.pl\/wp-content\/uploads\/2024\/10\/Cecylia_Rotter_Warszawa_ul_Szwolezerow_7A_elewacja_frontowa_klatka_III_pietro_I_schody_na_strych-1536x1152.jpg 1536w, http:\/\/lapidarium.fundacja-hereditas.pl\/wp-content\/uploads\/2024\/10\/Cecylia_Rotter_Warszawa_ul_Szwolezerow_7A_elewacja_frontowa_klatka_III_pietro_I_schody_na_strych-2048x1536.jpg 2048w, http:\/\/lapidarium.fundacja-hereditas.pl\/wp-content\/uploads\/2024\/10\/Cecylia_Rotter_Warszawa_ul_Szwolezerow_7A_elewacja_frontowa_klatka_III_pietro_I_schody_na_strych-150x113.jpg 150w, http:\/\/lapidarium.fundacja-hereditas.pl\/wp-content\/uploads\/2024\/10\/Cecylia_Rotter_Warszawa_ul_Szwolezerow_7A_elewacja_frontowa_klatka_III_pietro_I_schody_na_strych-696x522.jpg 696w, http:\/\/lapidarium.fundacja-hereditas.pl\/wp-content\/uploads\/2024\/10\/Cecylia_Rotter_Warszawa_ul_Szwolezerow_7A_elewacja_frontowa_klatka_III_pietro_I_schody_na_strych-1068x801.jpg 1068w, http:\/\/lapidarium.fundacja-hereditas.pl\/wp-content\/uploads\/2024\/10\/Cecylia_Rotter_Warszawa_ul_Szwolezerow_7A_elewacja_frontowa_klatka_III_pietro_I_schody_na_strych-1920x1440.jpg 1920w\" sizes=\"auto, (max-width: 1024px) 100vw, 1024px\" \/><\/a><figcaption class=\"wp-element-caption\">Klatka III zachodnia &#8211; korytarz. Fot. Cecylia Rotter, 2024 r., \u017ar\u00f3d\u0142o: AOD V.<\/figcaption><\/figure>\n\n\n\n<figure class=\"wp-block-image size-large\"><a href=\"http:\/\/lapidarium.fundacja-hereditas.pl\/wp-content\/uploads\/2024\/10\/Cecylia_Rotter_Warszawa_ul_Szwolezerow_7A_elewacja_frontowa_klatka_III_strych-scaled.jpg\"><img loading=\"lazy\" decoding=\"async\" width=\"1024\" height=\"768\" data-id=\"28519\" src=\"http:\/\/lapidarium.fundacja-hereditas.pl\/wp-content\/uploads\/2024\/10\/Cecylia_Rotter_Warszawa_ul_Szwolezerow_7A_elewacja_frontowa_klatka_III_strych-1024x768.jpg\" alt=\"\" class=\"wp-image-28519\" srcset=\"http:\/\/lapidarium.fundacja-hereditas.pl\/wp-content\/uploads\/2024\/10\/Cecylia_Rotter_Warszawa_ul_Szwolezerow_7A_elewacja_frontowa_klatka_III_strych-1024x768.jpg 1024w, http:\/\/lapidarium.fundacja-hereditas.pl\/wp-content\/uploads\/2024\/10\/Cecylia_Rotter_Warszawa_ul_Szwolezerow_7A_elewacja_frontowa_klatka_III_strych-300x225.jpg 300w, http:\/\/lapidarium.fundacja-hereditas.pl\/wp-content\/uploads\/2024\/10\/Cecylia_Rotter_Warszawa_ul_Szwolezerow_7A_elewacja_frontowa_klatka_III_strych-768x576.jpg 768w, http:\/\/lapidarium.fundacja-hereditas.pl\/wp-content\/uploads\/2024\/10\/Cecylia_Rotter_Warszawa_ul_Szwolezerow_7A_elewacja_frontowa_klatka_III_strych-1536x1152.jpg 1536w, http:\/\/lapidarium.fundacja-hereditas.pl\/wp-content\/uploads\/2024\/10\/Cecylia_Rotter_Warszawa_ul_Szwolezerow_7A_elewacja_frontowa_klatka_III_strych-2048x1536.jpg 2048w, http:\/\/lapidarium.fundacja-hereditas.pl\/wp-content\/uploads\/2024\/10\/Cecylia_Rotter_Warszawa_ul_Szwolezerow_7A_elewacja_frontowa_klatka_III_strych-150x113.jpg 150w, http:\/\/lapidarium.fundacja-hereditas.pl\/wp-content\/uploads\/2024\/10\/Cecylia_Rotter_Warszawa_ul_Szwolezerow_7A_elewacja_frontowa_klatka_III_strych-696x522.jpg 696w, http:\/\/lapidarium.fundacja-hereditas.pl\/wp-content\/uploads\/2024\/10\/Cecylia_Rotter_Warszawa_ul_Szwolezerow_7A_elewacja_frontowa_klatka_III_strych-1068x801.jpg 1068w, http:\/\/lapidarium.fundacja-hereditas.pl\/wp-content\/uploads\/2024\/10\/Cecylia_Rotter_Warszawa_ul_Szwolezerow_7A_elewacja_frontowa_klatka_III_strych-1920x1440.jpg 1920w\" sizes=\"auto, (max-width: 1024px) 100vw, 1024px\" \/><\/a><figcaption class=\"wp-element-caption\">Strych. Fot. Cecylia Rotter, 2024 r., \u017ar\u00f3d\u0142o: AOD V.<\/figcaption><\/figure>\n\n\n\n<figure class=\"wp-block-image size-large\"><a href=\"http:\/\/lapidarium.fundacja-hereditas.pl\/wp-content\/uploads\/2024\/10\/Cecylia_Rotter_Warszawa_ul_Szwolezerow_7A_elewacja_frontowa_klatka_III_strych_drabina_na_dach-scaled.jpg\"><img loading=\"lazy\" decoding=\"async\" width=\"768\" height=\"1024\" data-id=\"28520\" src=\"http:\/\/lapidarium.fundacja-hereditas.pl\/wp-content\/uploads\/2024\/10\/Cecylia_Rotter_Warszawa_ul_Szwolezerow_7A_elewacja_frontowa_klatka_III_strych_drabina_na_dach-768x1024.jpg\" alt=\"\" class=\"wp-image-28520\" srcset=\"http:\/\/lapidarium.fundacja-hereditas.pl\/wp-content\/uploads\/2024\/10\/Cecylia_Rotter_Warszawa_ul_Szwolezerow_7A_elewacja_frontowa_klatka_III_strych_drabina_na_dach-768x1024.jpg 768w, http:\/\/lapidarium.fundacja-hereditas.pl\/wp-content\/uploads\/2024\/10\/Cecylia_Rotter_Warszawa_ul_Szwolezerow_7A_elewacja_frontowa_klatka_III_strych_drabina_na_dach-225x300.jpg 225w, http:\/\/lapidarium.fundacja-hereditas.pl\/wp-content\/uploads\/2024\/10\/Cecylia_Rotter_Warszawa_ul_Szwolezerow_7A_elewacja_frontowa_klatka_III_strych_drabina_na_dach-1152x1536.jpg 1152w, http:\/\/lapidarium.fundacja-hereditas.pl\/wp-content\/uploads\/2024\/10\/Cecylia_Rotter_Warszawa_ul_Szwolezerow_7A_elewacja_frontowa_klatka_III_strych_drabina_na_dach-1536x2048.jpg 1536w, http:\/\/lapidarium.fundacja-hereditas.pl\/wp-content\/uploads\/2024\/10\/Cecylia_Rotter_Warszawa_ul_Szwolezerow_7A_elewacja_frontowa_klatka_III_strych_drabina_na_dach-150x200.jpg 150w, http:\/\/lapidarium.fundacja-hereditas.pl\/wp-content\/uploads\/2024\/10\/Cecylia_Rotter_Warszawa_ul_Szwolezerow_7A_elewacja_frontowa_klatka_III_strych_drabina_na_dach-300x400.jpg 300w, http:\/\/lapidarium.fundacja-hereditas.pl\/wp-content\/uploads\/2024\/10\/Cecylia_Rotter_Warszawa_ul_Szwolezerow_7A_elewacja_frontowa_klatka_III_strych_drabina_na_dach-696x928.jpg 696w, http:\/\/lapidarium.fundacja-hereditas.pl\/wp-content\/uploads\/2024\/10\/Cecylia_Rotter_Warszawa_ul_Szwolezerow_7A_elewacja_frontowa_klatka_III_strych_drabina_na_dach-1068x1424.jpg 1068w, http:\/\/lapidarium.fundacja-hereditas.pl\/wp-content\/uploads\/2024\/10\/Cecylia_Rotter_Warszawa_ul_Szwolezerow_7A_elewacja_frontowa_klatka_III_strych_drabina_na_dach-scaled.jpg 1920w\" sizes=\"auto, (max-width: 768px) 100vw, 768px\" \/><\/a><figcaption class=\"wp-element-caption\">Strych. Fot. Cecylia Rotter, 2024 r., \u017ar\u00f3d\u0142o: AOD V.<\/figcaption><\/figure>\n\n\n\n<figure class=\"wp-block-image size-large\"><a href=\"http:\/\/lapidarium.fundacja-hereditas.pl\/wp-content\/uploads\/2024\/10\/Cecylia_Rotter_Warszawa_ul_Szwolezerow_7A_elewacja_frontowa_klatka_III_strych_otwor_drzwiowy-scaled.jpg\"><img loading=\"lazy\" decoding=\"async\" width=\"768\" height=\"1024\" data-id=\"28522\" src=\"http:\/\/lapidarium.fundacja-hereditas.pl\/wp-content\/uploads\/2024\/10\/Cecylia_Rotter_Warszawa_ul_Szwolezerow_7A_elewacja_frontowa_klatka_III_strych_otwor_drzwiowy-768x1024.jpg\" alt=\"\" class=\"wp-image-28522\" srcset=\"http:\/\/lapidarium.fundacja-hereditas.pl\/wp-content\/uploads\/2024\/10\/Cecylia_Rotter_Warszawa_ul_Szwolezerow_7A_elewacja_frontowa_klatka_III_strych_otwor_drzwiowy-768x1024.jpg 768w, http:\/\/lapidarium.fundacja-hereditas.pl\/wp-content\/uploads\/2024\/10\/Cecylia_Rotter_Warszawa_ul_Szwolezerow_7A_elewacja_frontowa_klatka_III_strych_otwor_drzwiowy-225x300.jpg 225w, http:\/\/lapidarium.fundacja-hereditas.pl\/wp-content\/uploads\/2024\/10\/Cecylia_Rotter_Warszawa_ul_Szwolezerow_7A_elewacja_frontowa_klatka_III_strych_otwor_drzwiowy-1152x1536.jpg 1152w, http:\/\/lapidarium.fundacja-hereditas.pl\/wp-content\/uploads\/2024\/10\/Cecylia_Rotter_Warszawa_ul_Szwolezerow_7A_elewacja_frontowa_klatka_III_strych_otwor_drzwiowy-1536x2048.jpg 1536w, http:\/\/lapidarium.fundacja-hereditas.pl\/wp-content\/uploads\/2024\/10\/Cecylia_Rotter_Warszawa_ul_Szwolezerow_7A_elewacja_frontowa_klatka_III_strych_otwor_drzwiowy-150x200.jpg 150w, http:\/\/lapidarium.fundacja-hereditas.pl\/wp-content\/uploads\/2024\/10\/Cecylia_Rotter_Warszawa_ul_Szwolezerow_7A_elewacja_frontowa_klatka_III_strych_otwor_drzwiowy-300x400.jpg 300w, http:\/\/lapidarium.fundacja-hereditas.pl\/wp-content\/uploads\/2024\/10\/Cecylia_Rotter_Warszawa_ul_Szwolezerow_7A_elewacja_frontowa_klatka_III_strych_otwor_drzwiowy-696x928.jpg 696w, http:\/\/lapidarium.fundacja-hereditas.pl\/wp-content\/uploads\/2024\/10\/Cecylia_Rotter_Warszawa_ul_Szwolezerow_7A_elewacja_frontowa_klatka_III_strych_otwor_drzwiowy-1068x1424.jpg 1068w, http:\/\/lapidarium.fundacja-hereditas.pl\/wp-content\/uploads\/2024\/10\/Cecylia_Rotter_Warszawa_ul_Szwolezerow_7A_elewacja_frontowa_klatka_III_strych_otwor_drzwiowy-scaled.jpg 1920w\" sizes=\"auto, (max-width: 768px) 100vw, 768px\" \/><\/a><figcaption class=\"wp-element-caption\">Strych. Fot. Cecylia Rotter, 2024 r., \u017ar\u00f3d\u0142o: AOD V.<\/figcaption><\/figure>\n\n\n\n<figure class=\"wp-block-image size-large\"><a href=\"http:\/\/lapidarium.fundacja-hereditas.pl\/wp-content\/uploads\/2024\/10\/Cecylia_Rotter_Warszawa_ul_Szwolezerow_7A_elewacja_frontowa_klatka_III_strych_otwor_drzwiowy_cegla-scaled.jpg\"><img loading=\"lazy\" decoding=\"async\" width=\"1024\" height=\"768\" data-id=\"28521\" src=\"http:\/\/lapidarium.fundacja-hereditas.pl\/wp-content\/uploads\/2024\/10\/Cecylia_Rotter_Warszawa_ul_Szwolezerow_7A_elewacja_frontowa_klatka_III_strych_otwor_drzwiowy_cegla-1024x768.jpg\" alt=\"\" class=\"wp-image-28521\" srcset=\"http:\/\/lapidarium.fundacja-hereditas.pl\/wp-content\/uploads\/2024\/10\/Cecylia_Rotter_Warszawa_ul_Szwolezerow_7A_elewacja_frontowa_klatka_III_strych_otwor_drzwiowy_cegla-1024x768.jpg 1024w, http:\/\/lapidarium.fundacja-hereditas.pl\/wp-content\/uploads\/2024\/10\/Cecylia_Rotter_Warszawa_ul_Szwolezerow_7A_elewacja_frontowa_klatka_III_strych_otwor_drzwiowy_cegla-300x225.jpg 300w, http:\/\/lapidarium.fundacja-hereditas.pl\/wp-content\/uploads\/2024\/10\/Cecylia_Rotter_Warszawa_ul_Szwolezerow_7A_elewacja_frontowa_klatka_III_strych_otwor_drzwiowy_cegla-768x576.jpg 768w, http:\/\/lapidarium.fundacja-hereditas.pl\/wp-content\/uploads\/2024\/10\/Cecylia_Rotter_Warszawa_ul_Szwolezerow_7A_elewacja_frontowa_klatka_III_strych_otwor_drzwiowy_cegla-1536x1152.jpg 1536w, http:\/\/lapidarium.fundacja-hereditas.pl\/wp-content\/uploads\/2024\/10\/Cecylia_Rotter_Warszawa_ul_Szwolezerow_7A_elewacja_frontowa_klatka_III_strych_otwor_drzwiowy_cegla-2048x1536.jpg 2048w, http:\/\/lapidarium.fundacja-hereditas.pl\/wp-content\/uploads\/2024\/10\/Cecylia_Rotter_Warszawa_ul_Szwolezerow_7A_elewacja_frontowa_klatka_III_strych_otwor_drzwiowy_cegla-150x113.jpg 150w, http:\/\/lapidarium.fundacja-hereditas.pl\/wp-content\/uploads\/2024\/10\/Cecylia_Rotter_Warszawa_ul_Szwolezerow_7A_elewacja_frontowa_klatka_III_strych_otwor_drzwiowy_cegla-696x522.jpg 696w, http:\/\/lapidarium.fundacja-hereditas.pl\/wp-content\/uploads\/2024\/10\/Cecylia_Rotter_Warszawa_ul_Szwolezerow_7A_elewacja_frontowa_klatka_III_strych_otwor_drzwiowy_cegla-1068x801.jpg 1068w, http:\/\/lapidarium.fundacja-hereditas.pl\/wp-content\/uploads\/2024\/10\/Cecylia_Rotter_Warszawa_ul_Szwolezerow_7A_elewacja_frontowa_klatka_III_strych_otwor_drzwiowy_cegla-1920x1440.jpg 1920w\" sizes=\"auto, (max-width: 1024px) 100vw, 1024px\" \/><\/a><figcaption class=\"wp-element-caption\">Strych &#8211; sygnowanie ceg\u0142y. Fot. Cecylia Rotter, 2024 r., \u017ar\u00f3d\u0142o: AOD V.<\/figcaption><\/figure>\n\n\n\n<figure class=\"wp-block-image size-large\"><a href=\"http:\/\/lapidarium.fundacja-hereditas.pl\/wp-content\/uploads\/2024\/10\/Cecylia_Rotter_Warszawa_ul_Szwolezerow_7A_elewacja_frontowa_klatka_III_strych_sklepienie_z_otworem_okiennym-scaled.jpg\"><img loading=\"lazy\" decoding=\"async\" width=\"768\" height=\"1024\" data-id=\"28523\" src=\"http:\/\/lapidarium.fundacja-hereditas.pl\/wp-content\/uploads\/2024\/10\/Cecylia_Rotter_Warszawa_ul_Szwolezerow_7A_elewacja_frontowa_klatka_III_strych_sklepienie_z_otworem_okiennym-768x1024.jpg\" alt=\"\" class=\"wp-image-28523\" srcset=\"http:\/\/lapidarium.fundacja-hereditas.pl\/wp-content\/uploads\/2024\/10\/Cecylia_Rotter_Warszawa_ul_Szwolezerow_7A_elewacja_frontowa_klatka_III_strych_sklepienie_z_otworem_okiennym-768x1024.jpg 768w, http:\/\/lapidarium.fundacja-hereditas.pl\/wp-content\/uploads\/2024\/10\/Cecylia_Rotter_Warszawa_ul_Szwolezerow_7A_elewacja_frontowa_klatka_III_strych_sklepienie_z_otworem_okiennym-225x300.jpg 225w, http:\/\/lapidarium.fundacja-hereditas.pl\/wp-content\/uploads\/2024\/10\/Cecylia_Rotter_Warszawa_ul_Szwolezerow_7A_elewacja_frontowa_klatka_III_strych_sklepienie_z_otworem_okiennym-1152x1536.jpg 1152w, http:\/\/lapidarium.fundacja-hereditas.pl\/wp-content\/uploads\/2024\/10\/Cecylia_Rotter_Warszawa_ul_Szwolezerow_7A_elewacja_frontowa_klatka_III_strych_sklepienie_z_otworem_okiennym-1536x2048.jpg 1536w, http:\/\/lapidarium.fundacja-hereditas.pl\/wp-content\/uploads\/2024\/10\/Cecylia_Rotter_Warszawa_ul_Szwolezerow_7A_elewacja_frontowa_klatka_III_strych_sklepienie_z_otworem_okiennym-150x200.jpg 150w, http:\/\/lapidarium.fundacja-hereditas.pl\/wp-content\/uploads\/2024\/10\/Cecylia_Rotter_Warszawa_ul_Szwolezerow_7A_elewacja_frontowa_klatka_III_strych_sklepienie_z_otworem_okiennym-300x400.jpg 300w, http:\/\/lapidarium.fundacja-hereditas.pl\/wp-content\/uploads\/2024\/10\/Cecylia_Rotter_Warszawa_ul_Szwolezerow_7A_elewacja_frontowa_klatka_III_strych_sklepienie_z_otworem_okiennym-696x928.jpg 696w, http:\/\/lapidarium.fundacja-hereditas.pl\/wp-content\/uploads\/2024\/10\/Cecylia_Rotter_Warszawa_ul_Szwolezerow_7A_elewacja_frontowa_klatka_III_strych_sklepienie_z_otworem_okiennym-1068x1424.jpg 1068w, http:\/\/lapidarium.fundacja-hereditas.pl\/wp-content\/uploads\/2024\/10\/Cecylia_Rotter_Warszawa_ul_Szwolezerow_7A_elewacja_frontowa_klatka_III_strych_sklepienie_z_otworem_okiennym-scaled.jpg 1920w\" sizes=\"auto, (max-width: 768px) 100vw, 768px\" \/><\/a><figcaption class=\"wp-element-caption\">Strych &#8211; okienko. Fot. Cecylia Rotter, 2024 r., \u017ar\u00f3d\u0142o: AOD V.<\/figcaption><\/figure>\n\n\n\n<figure class=\"wp-block-image size-large\"><a href=\"http:\/\/lapidarium.fundacja-hereditas.pl\/wp-content\/uploads\/2024\/10\/Cecylia_Rotter_Warszawa_ul_Szwolezerow_7A_elewacja_frontowa_klatkaIII_drzwi_do_lokalu_nr_10_klamka-scaled.jpg\"><img loading=\"lazy\" decoding=\"async\" width=\"768\" height=\"1024\" data-id=\"28524\" src=\"http:\/\/lapidarium.fundacja-hereditas.pl\/wp-content\/uploads\/2024\/10\/Cecylia_Rotter_Warszawa_ul_Szwolezerow_7A_elewacja_frontowa_klatkaIII_drzwi_do_lokalu_nr_10_klamka-768x1024.jpg\" alt=\"\" class=\"wp-image-28524\" srcset=\"http:\/\/lapidarium.fundacja-hereditas.pl\/wp-content\/uploads\/2024\/10\/Cecylia_Rotter_Warszawa_ul_Szwolezerow_7A_elewacja_frontowa_klatkaIII_drzwi_do_lokalu_nr_10_klamka-768x1024.jpg 768w, http:\/\/lapidarium.fundacja-hereditas.pl\/wp-content\/uploads\/2024\/10\/Cecylia_Rotter_Warszawa_ul_Szwolezerow_7A_elewacja_frontowa_klatkaIII_drzwi_do_lokalu_nr_10_klamka-225x300.jpg 225w, http:\/\/lapidarium.fundacja-hereditas.pl\/wp-content\/uploads\/2024\/10\/Cecylia_Rotter_Warszawa_ul_Szwolezerow_7A_elewacja_frontowa_klatkaIII_drzwi_do_lokalu_nr_10_klamka-1152x1536.jpg 1152w, http:\/\/lapidarium.fundacja-hereditas.pl\/wp-content\/uploads\/2024\/10\/Cecylia_Rotter_Warszawa_ul_Szwolezerow_7A_elewacja_frontowa_klatkaIII_drzwi_do_lokalu_nr_10_klamka-1536x2048.jpg 1536w, http:\/\/lapidarium.fundacja-hereditas.pl\/wp-content\/uploads\/2024\/10\/Cecylia_Rotter_Warszawa_ul_Szwolezerow_7A_elewacja_frontowa_klatkaIII_drzwi_do_lokalu_nr_10_klamka-150x200.jpg 150w, http:\/\/lapidarium.fundacja-hereditas.pl\/wp-content\/uploads\/2024\/10\/Cecylia_Rotter_Warszawa_ul_Szwolezerow_7A_elewacja_frontowa_klatkaIII_drzwi_do_lokalu_nr_10_klamka-300x400.jpg 300w, http:\/\/lapidarium.fundacja-hereditas.pl\/wp-content\/uploads\/2024\/10\/Cecylia_Rotter_Warszawa_ul_Szwolezerow_7A_elewacja_frontowa_klatkaIII_drzwi_do_lokalu_nr_10_klamka-696x928.jpg 696w, http:\/\/lapidarium.fundacja-hereditas.pl\/wp-content\/uploads\/2024\/10\/Cecylia_Rotter_Warszawa_ul_Szwolezerow_7A_elewacja_frontowa_klatkaIII_drzwi_do_lokalu_nr_10_klamka-1068x1424.jpg 1068w, http:\/\/lapidarium.fundacja-hereditas.pl\/wp-content\/uploads\/2024\/10\/Cecylia_Rotter_Warszawa_ul_Szwolezerow_7A_elewacja_frontowa_klatkaIII_drzwi_do_lokalu_nr_10_klamka-scaled.jpg 1920w\" sizes=\"auto, (max-width: 768px) 100vw, 768px\" \/><\/a><figcaption class=\"wp-element-caption\">Klatka III zachodnia &#8211; klamka u drzwi. Fot. Cecylia Rotter, 2024 r., \u017ar\u00f3d\u0142o: AOD V.<\/figcaption><\/figure>\n\n\n\n<figure class=\"wp-block-image size-large\"><a href=\"http:\/\/lapidarium.fundacja-hereditas.pl\/wp-content\/uploads\/2024\/10\/Cecylia_Rotter_Warszawa_ul_Szwolezerow_7A_elewacja_frontowa_os_6-scaled.jpg\"><img loading=\"lazy\" decoding=\"async\" width=\"683\" height=\"1024\" data-id=\"28526\" src=\"http:\/\/lapidarium.fundacja-hereditas.pl\/wp-content\/uploads\/2024\/10\/Cecylia_Rotter_Warszawa_ul_Szwolezerow_7A_elewacja_frontowa_os_6-683x1024.jpg\" alt=\"\" class=\"wp-image-28526\" srcset=\"http:\/\/lapidarium.fundacja-hereditas.pl\/wp-content\/uploads\/2024\/10\/Cecylia_Rotter_Warszawa_ul_Szwolezerow_7A_elewacja_frontowa_os_6-683x1024.jpg 683w, http:\/\/lapidarium.fundacja-hereditas.pl\/wp-content\/uploads\/2024\/10\/Cecylia_Rotter_Warszawa_ul_Szwolezerow_7A_elewacja_frontowa_os_6-200x300.jpg 200w, http:\/\/lapidarium.fundacja-hereditas.pl\/wp-content\/uploads\/2024\/10\/Cecylia_Rotter_Warszawa_ul_Szwolezerow_7A_elewacja_frontowa_os_6-768x1152.jpg 768w, http:\/\/lapidarium.fundacja-hereditas.pl\/wp-content\/uploads\/2024\/10\/Cecylia_Rotter_Warszawa_ul_Szwolezerow_7A_elewacja_frontowa_os_6-1024x1536.jpg 1024w, http:\/\/lapidarium.fundacja-hereditas.pl\/wp-content\/uploads\/2024\/10\/Cecylia_Rotter_Warszawa_ul_Szwolezerow_7A_elewacja_frontowa_os_6-1366x2048.jpg 1366w, http:\/\/lapidarium.fundacja-hereditas.pl\/wp-content\/uploads\/2024\/10\/Cecylia_Rotter_Warszawa_ul_Szwolezerow_7A_elewacja_frontowa_os_6-150x225.jpg 150w, http:\/\/lapidarium.fundacja-hereditas.pl\/wp-content\/uploads\/2024\/10\/Cecylia_Rotter_Warszawa_ul_Szwolezerow_7A_elewacja_frontowa_os_6-300x450.jpg 300w, http:\/\/lapidarium.fundacja-hereditas.pl\/wp-content\/uploads\/2024\/10\/Cecylia_Rotter_Warszawa_ul_Szwolezerow_7A_elewacja_frontowa_os_6-696x1044.jpg 696w, http:\/\/lapidarium.fundacja-hereditas.pl\/wp-content\/uploads\/2024\/10\/Cecylia_Rotter_Warszawa_ul_Szwolezerow_7A_elewacja_frontowa_os_6-1068x1602.jpg 1068w, http:\/\/lapidarium.fundacja-hereditas.pl\/wp-content\/uploads\/2024\/10\/Cecylia_Rotter_Warszawa_ul_Szwolezerow_7A_elewacja_frontowa_os_6-1920x2879.jpg 1920w, http:\/\/lapidarium.fundacja-hereditas.pl\/wp-content\/uploads\/2024\/10\/Cecylia_Rotter_Warszawa_ul_Szwolezerow_7A_elewacja_frontowa_os_6-scaled.jpg 1707w\" sizes=\"auto, (max-width: 683px) 100vw, 683px\" \/><\/a><figcaption class=\"wp-element-caption\">Klatka III zachodnia &#8211; wej\u015bcie. Fot. Cecylia Rotter, 2024 r., \u017ar\u00f3d\u0142o: AOD V.<\/figcaption><\/figure>\n\n\n\n<figure class=\"wp-block-image size-large\"><a href=\"http:\/\/lapidarium.fundacja-hereditas.pl\/wp-content\/uploads\/2024\/10\/Cecylia_Rotter_Warszawa_ul_Szwolezerow_7A_elewacja_frontowa_weiscie_na_klatke_IV_-scaled.jpg\"><img loading=\"lazy\" decoding=\"async\" width=\"768\" height=\"1024\" data-id=\"28525\" src=\"http:\/\/lapidarium.fundacja-hereditas.pl\/wp-content\/uploads\/2024\/10\/Cecylia_Rotter_Warszawa_ul_Szwolezerow_7A_elewacja_frontowa_weiscie_na_klatke_IV_-768x1024.jpg\" alt=\"\" class=\"wp-image-28525\" srcset=\"http:\/\/lapidarium.fundacja-hereditas.pl\/wp-content\/uploads\/2024\/10\/Cecylia_Rotter_Warszawa_ul_Szwolezerow_7A_elewacja_frontowa_weiscie_na_klatke_IV_-768x1024.jpg 768w, http:\/\/lapidarium.fundacja-hereditas.pl\/wp-content\/uploads\/2024\/10\/Cecylia_Rotter_Warszawa_ul_Szwolezerow_7A_elewacja_frontowa_weiscie_na_klatke_IV_-225x300.jpg 225w, http:\/\/lapidarium.fundacja-hereditas.pl\/wp-content\/uploads\/2024\/10\/Cecylia_Rotter_Warszawa_ul_Szwolezerow_7A_elewacja_frontowa_weiscie_na_klatke_IV_-1152x1536.jpg 1152w, http:\/\/lapidarium.fundacja-hereditas.pl\/wp-content\/uploads\/2024\/10\/Cecylia_Rotter_Warszawa_ul_Szwolezerow_7A_elewacja_frontowa_weiscie_na_klatke_IV_-1536x2048.jpg 1536w, http:\/\/lapidarium.fundacja-hereditas.pl\/wp-content\/uploads\/2024\/10\/Cecylia_Rotter_Warszawa_ul_Szwolezerow_7A_elewacja_frontowa_weiscie_na_klatke_IV_-150x200.jpg 150w, http:\/\/lapidarium.fundacja-hereditas.pl\/wp-content\/uploads\/2024\/10\/Cecylia_Rotter_Warszawa_ul_Szwolezerow_7A_elewacja_frontowa_weiscie_na_klatke_IV_-300x400.jpg 300w, http:\/\/lapidarium.fundacja-hereditas.pl\/wp-content\/uploads\/2024\/10\/Cecylia_Rotter_Warszawa_ul_Szwolezerow_7A_elewacja_frontowa_weiscie_na_klatke_IV_-696x928.jpg 696w, http:\/\/lapidarium.fundacja-hereditas.pl\/wp-content\/uploads\/2024\/10\/Cecylia_Rotter_Warszawa_ul_Szwolezerow_7A_elewacja_frontowa_weiscie_na_klatke_IV_-1068x1424.jpg 1068w, http:\/\/lapidarium.fundacja-hereditas.pl\/wp-content\/uploads\/2024\/10\/Cecylia_Rotter_Warszawa_ul_Szwolezerow_7A_elewacja_frontowa_weiscie_na_klatke_IV_-scaled.jpg 1920w\" sizes=\"auto, (max-width: 768px) 100vw, 768px\" \/><\/a><figcaption class=\"wp-element-caption\">Klatka IV zachodnia &#8211; wej\u015bcie. Fot. Cecylia Rotter, 2024 r., \u017ar\u00f3d\u0142o: AOD V.<\/figcaption><\/figure>\n\n\n\n<figure class=\"wp-block-image size-large\"><a href=\"http:\/\/lapidarium.fundacja-hereditas.pl\/wp-content\/uploads\/2024\/10\/Cecylia_Rotter_Warszawa_ul_Szwolezerow_7A_elewacja_frontowa_widok_z_prawego_boku-scaled.jpg\"><img loading=\"lazy\" decoding=\"async\" width=\"683\" height=\"1024\" data-id=\"28527\" src=\"http:\/\/lapidarium.fundacja-hereditas.pl\/wp-content\/uploads\/2024\/10\/Cecylia_Rotter_Warszawa_ul_Szwolezerow_7A_elewacja_frontowa_widok_z_prawego_boku-683x1024.jpg\" alt=\"\" class=\"wp-image-28527\" srcset=\"http:\/\/lapidarium.fundacja-hereditas.pl\/wp-content\/uploads\/2024\/10\/Cecylia_Rotter_Warszawa_ul_Szwolezerow_7A_elewacja_frontowa_widok_z_prawego_boku-683x1024.jpg 683w, http:\/\/lapidarium.fundacja-hereditas.pl\/wp-content\/uploads\/2024\/10\/Cecylia_Rotter_Warszawa_ul_Szwolezerow_7A_elewacja_frontowa_widok_z_prawego_boku-200x300.jpg 200w, http:\/\/lapidarium.fundacja-hereditas.pl\/wp-content\/uploads\/2024\/10\/Cecylia_Rotter_Warszawa_ul_Szwolezerow_7A_elewacja_frontowa_widok_z_prawego_boku-768x1152.jpg 768w, http:\/\/lapidarium.fundacja-hereditas.pl\/wp-content\/uploads\/2024\/10\/Cecylia_Rotter_Warszawa_ul_Szwolezerow_7A_elewacja_frontowa_widok_z_prawego_boku-1024x1536.jpg 1024w, http:\/\/lapidarium.fundacja-hereditas.pl\/wp-content\/uploads\/2024\/10\/Cecylia_Rotter_Warszawa_ul_Szwolezerow_7A_elewacja_frontowa_widok_z_prawego_boku-1365x2048.jpg 1365w, http:\/\/lapidarium.fundacja-hereditas.pl\/wp-content\/uploads\/2024\/10\/Cecylia_Rotter_Warszawa_ul_Szwolezerow_7A_elewacja_frontowa_widok_z_prawego_boku-150x225.jpg 150w, http:\/\/lapidarium.fundacja-hereditas.pl\/wp-content\/uploads\/2024\/10\/Cecylia_Rotter_Warszawa_ul_Szwolezerow_7A_elewacja_frontowa_widok_z_prawego_boku-300x450.jpg 300w, http:\/\/lapidarium.fundacja-hereditas.pl\/wp-content\/uploads\/2024\/10\/Cecylia_Rotter_Warszawa_ul_Szwolezerow_7A_elewacja_frontowa_widok_z_prawego_boku-696x1044.jpg 696w, http:\/\/lapidarium.fundacja-hereditas.pl\/wp-content\/uploads\/2024\/10\/Cecylia_Rotter_Warszawa_ul_Szwolezerow_7A_elewacja_frontowa_widok_z_prawego_boku-1068x1602.jpg 1068w, http:\/\/lapidarium.fundacja-hereditas.pl\/wp-content\/uploads\/2024\/10\/Cecylia_Rotter_Warszawa_ul_Szwolezerow_7A_elewacja_frontowa_widok_z_prawego_boku-1920x2880.jpg 1920w, http:\/\/lapidarium.fundacja-hereditas.pl\/wp-content\/uploads\/2024\/10\/Cecylia_Rotter_Warszawa_ul_Szwolezerow_7A_elewacja_frontowa_widok_z_prawego_boku-scaled.jpg 1707w\" sizes=\"auto, (max-width: 683px) 100vw, 683px\" \/><\/a><figcaption class=\"wp-element-caption\">Elewacja oduliczna &#8211; p\u00f3\u0142nocna. Fot. Cecylia Rotter, 2024 r., \u017ar\u00f3d\u0142o: AOD V.<\/figcaption><\/figure>\n\n\n\n<figure class=\"wp-block-image size-large\"><a href=\"http:\/\/lapidarium.fundacja-hereditas.pl\/wp-content\/uploads\/2024\/10\/Cecylia_Rotter_Warszawa_ul_Szwolezerow_7A_elewacja_tylna_komin-scaled.jpg\"><img loading=\"lazy\" decoding=\"async\" width=\"683\" height=\"1024\" data-id=\"28528\" src=\"http:\/\/lapidarium.fundacja-hereditas.pl\/wp-content\/uploads\/2024\/10\/Cecylia_Rotter_Warszawa_ul_Szwolezerow_7A_elewacja_tylna_komin-683x1024.jpg\" alt=\"\" class=\"wp-image-28528\" srcset=\"http:\/\/lapidarium.fundacja-hereditas.pl\/wp-content\/uploads\/2024\/10\/Cecylia_Rotter_Warszawa_ul_Szwolezerow_7A_elewacja_tylna_komin-683x1024.jpg 683w, http:\/\/lapidarium.fundacja-hereditas.pl\/wp-content\/uploads\/2024\/10\/Cecylia_Rotter_Warszawa_ul_Szwolezerow_7A_elewacja_tylna_komin-200x300.jpg 200w, http:\/\/lapidarium.fundacja-hereditas.pl\/wp-content\/uploads\/2024\/10\/Cecylia_Rotter_Warszawa_ul_Szwolezerow_7A_elewacja_tylna_komin-768x1152.jpg 768w, http:\/\/lapidarium.fundacja-hereditas.pl\/wp-content\/uploads\/2024\/10\/Cecylia_Rotter_Warszawa_ul_Szwolezerow_7A_elewacja_tylna_komin-1024x1536.jpg 1024w, http:\/\/lapidarium.fundacja-hereditas.pl\/wp-content\/uploads\/2024\/10\/Cecylia_Rotter_Warszawa_ul_Szwolezerow_7A_elewacja_tylna_komin-1365x2048.jpg 1365w, http:\/\/lapidarium.fundacja-hereditas.pl\/wp-content\/uploads\/2024\/10\/Cecylia_Rotter_Warszawa_ul_Szwolezerow_7A_elewacja_tylna_komin-150x225.jpg 150w, http:\/\/lapidarium.fundacja-hereditas.pl\/wp-content\/uploads\/2024\/10\/Cecylia_Rotter_Warszawa_ul_Szwolezerow_7A_elewacja_tylna_komin-300x450.jpg 300w, http:\/\/lapidarium.fundacja-hereditas.pl\/wp-content\/uploads\/2024\/10\/Cecylia_Rotter_Warszawa_ul_Szwolezerow_7A_elewacja_tylna_komin-696x1044.jpg 696w, http:\/\/lapidarium.fundacja-hereditas.pl\/wp-content\/uploads\/2024\/10\/Cecylia_Rotter_Warszawa_ul_Szwolezerow_7A_elewacja_tylna_komin-1068x1602.jpg 1068w, http:\/\/lapidarium.fundacja-hereditas.pl\/wp-content\/uploads\/2024\/10\/Cecylia_Rotter_Warszawa_ul_Szwolezerow_7A_elewacja_tylna_komin-1920x2880.jpg 1920w, http:\/\/lapidarium.fundacja-hereditas.pl\/wp-content\/uploads\/2024\/10\/Cecylia_Rotter_Warszawa_ul_Szwolezerow_7A_elewacja_tylna_komin-scaled.jpg 1707w\" sizes=\"auto, (max-width: 683px) 100vw, 683px\" \/><\/a><figcaption class=\"wp-element-caption\">Komin nad aneksem \u0142azienkowym. Fot. Cecylia Rotter, 2024 r., \u017ar\u00f3d\u0142o: AOD V.<\/figcaption><\/figure>\n\n\n\n<figure class=\"wp-block-image size-large\"><a href=\"http:\/\/lapidarium.fundacja-hereditas.pl\/wp-content\/uploads\/2024\/10\/Cecylia_Rotter_Warszawa_ul_Szwolezerow_7A_elewacja_tylna_Okno_parter_krata-scaled.jpg\"><img loading=\"lazy\" decoding=\"async\" width=\"768\" height=\"1024\" data-id=\"28529\" src=\"http:\/\/lapidarium.fundacja-hereditas.pl\/wp-content\/uploads\/2024\/10\/Cecylia_Rotter_Warszawa_ul_Szwolezerow_7A_elewacja_tylna_Okno_parter_krata-768x1024.jpg\" alt=\"\" class=\"wp-image-28529\" srcset=\"http:\/\/lapidarium.fundacja-hereditas.pl\/wp-content\/uploads\/2024\/10\/Cecylia_Rotter_Warszawa_ul_Szwolezerow_7A_elewacja_tylna_Okno_parter_krata-768x1024.jpg 768w, http:\/\/lapidarium.fundacja-hereditas.pl\/wp-content\/uploads\/2024\/10\/Cecylia_Rotter_Warszawa_ul_Szwolezerow_7A_elewacja_tylna_Okno_parter_krata-225x300.jpg 225w, http:\/\/lapidarium.fundacja-hereditas.pl\/wp-content\/uploads\/2024\/10\/Cecylia_Rotter_Warszawa_ul_Szwolezerow_7A_elewacja_tylna_Okno_parter_krata-1152x1536.jpg 1152w, http:\/\/lapidarium.fundacja-hereditas.pl\/wp-content\/uploads\/2024\/10\/Cecylia_Rotter_Warszawa_ul_Szwolezerow_7A_elewacja_tylna_Okno_parter_krata-1536x2048.jpg 1536w, http:\/\/lapidarium.fundacja-hereditas.pl\/wp-content\/uploads\/2024\/10\/Cecylia_Rotter_Warszawa_ul_Szwolezerow_7A_elewacja_tylna_Okno_parter_krata-150x200.jpg 150w, http:\/\/lapidarium.fundacja-hereditas.pl\/wp-content\/uploads\/2024\/10\/Cecylia_Rotter_Warszawa_ul_Szwolezerow_7A_elewacja_tylna_Okno_parter_krata-300x400.jpg 300w, http:\/\/lapidarium.fundacja-hereditas.pl\/wp-content\/uploads\/2024\/10\/Cecylia_Rotter_Warszawa_ul_Szwolezerow_7A_elewacja_tylna_Okno_parter_krata-696x928.jpg 696w, http:\/\/lapidarium.fundacja-hereditas.pl\/wp-content\/uploads\/2024\/10\/Cecylia_Rotter_Warszawa_ul_Szwolezerow_7A_elewacja_tylna_Okno_parter_krata-1068x1424.jpg 1068w, http:\/\/lapidarium.fundacja-hereditas.pl\/wp-content\/uploads\/2024\/10\/Cecylia_Rotter_Warszawa_ul_Szwolezerow_7A_elewacja_tylna_Okno_parter_krata-scaled.jpg 1920w\" sizes=\"auto, (max-width: 768px) 100vw, 768px\" \/><\/a><figcaption class=\"wp-element-caption\">Elewacja &#8211; po\u0142udniowa. Fot. Cecylia Rotter, 2024 r., \u017ar\u00f3d\u0142o: AOD V.<\/figcaption><\/figure>\n\n\n\n<figure class=\"wp-block-image size-large\"><a href=\"http:\/\/lapidarium.fundacja-hereditas.pl\/wp-content\/uploads\/2024\/10\/Cecylia_Rotter_Warszawa_ul_Szwolezerow_7A_elewacja_tylna_os_1-2-scaled.jpg\"><img loading=\"lazy\" decoding=\"async\" width=\"683\" height=\"1024\" data-id=\"28530\" src=\"http:\/\/lapidarium.fundacja-hereditas.pl\/wp-content\/uploads\/2024\/10\/Cecylia_Rotter_Warszawa_ul_Szwolezerow_7A_elewacja_tylna_os_1-2-683x1024.jpg\" alt=\"\" class=\"wp-image-28530\" srcset=\"http:\/\/lapidarium.fundacja-hereditas.pl\/wp-content\/uploads\/2024\/10\/Cecylia_Rotter_Warszawa_ul_Szwolezerow_7A_elewacja_tylna_os_1-2-683x1024.jpg 683w, http:\/\/lapidarium.fundacja-hereditas.pl\/wp-content\/uploads\/2024\/10\/Cecylia_Rotter_Warszawa_ul_Szwolezerow_7A_elewacja_tylna_os_1-2-200x300.jpg 200w, http:\/\/lapidarium.fundacja-hereditas.pl\/wp-content\/uploads\/2024\/10\/Cecylia_Rotter_Warszawa_ul_Szwolezerow_7A_elewacja_tylna_os_1-2-768x1152.jpg 768w, http:\/\/lapidarium.fundacja-hereditas.pl\/wp-content\/uploads\/2024\/10\/Cecylia_Rotter_Warszawa_ul_Szwolezerow_7A_elewacja_tylna_os_1-2-1024x1536.jpg 1024w, http:\/\/lapidarium.fundacja-hereditas.pl\/wp-content\/uploads\/2024\/10\/Cecylia_Rotter_Warszawa_ul_Szwolezerow_7A_elewacja_tylna_os_1-2-1365x2048.jpg 1365w, http:\/\/lapidarium.fundacja-hereditas.pl\/wp-content\/uploads\/2024\/10\/Cecylia_Rotter_Warszawa_ul_Szwolezerow_7A_elewacja_tylna_os_1-2-150x225.jpg 150w, http:\/\/lapidarium.fundacja-hereditas.pl\/wp-content\/uploads\/2024\/10\/Cecylia_Rotter_Warszawa_ul_Szwolezerow_7A_elewacja_tylna_os_1-2-300x450.jpg 300w, http:\/\/lapidarium.fundacja-hereditas.pl\/wp-content\/uploads\/2024\/10\/Cecylia_Rotter_Warszawa_ul_Szwolezerow_7A_elewacja_tylna_os_1-2-696x1044.jpg 696w, http:\/\/lapidarium.fundacja-hereditas.pl\/wp-content\/uploads\/2024\/10\/Cecylia_Rotter_Warszawa_ul_Szwolezerow_7A_elewacja_tylna_os_1-2-1068x1602.jpg 1068w, http:\/\/lapidarium.fundacja-hereditas.pl\/wp-content\/uploads\/2024\/10\/Cecylia_Rotter_Warszawa_ul_Szwolezerow_7A_elewacja_tylna_os_1-2-1920x2881.jpg 1920w, http:\/\/lapidarium.fundacja-hereditas.pl\/wp-content\/uploads\/2024\/10\/Cecylia_Rotter_Warszawa_ul_Szwolezerow_7A_elewacja_tylna_os_1-2-scaled.jpg 1706w\" sizes=\"auto, (max-width: 683px) 100vw, 683px\" \/><\/a><figcaption class=\"wp-element-caption\">Elewacja &#8211; po\u0142udniowa. Fot. Cecylia Rotter, 2024 r., \u017ar\u00f3d\u0142o: AOD V.<\/figcaption><\/figure>\n\n\n\n<figure class=\"wp-block-image size-large\"><a href=\"http:\/\/lapidarium.fundacja-hereditas.pl\/wp-content\/uploads\/2024\/10\/Cecylia_Rotter_Warszawa_ul_Szwolezerow_7A_elewacja_tylna_row_przyziemie-scaled.jpg\"><img loading=\"lazy\" decoding=\"async\" width=\"768\" height=\"1024\" data-id=\"28531\" src=\"http:\/\/lapidarium.fundacja-hereditas.pl\/wp-content\/uploads\/2024\/10\/Cecylia_Rotter_Warszawa_ul_Szwolezerow_7A_elewacja_tylna_row_przyziemie-768x1024.jpg\" alt=\"\" class=\"wp-image-28531\" srcset=\"http:\/\/lapidarium.fundacja-hereditas.pl\/wp-content\/uploads\/2024\/10\/Cecylia_Rotter_Warszawa_ul_Szwolezerow_7A_elewacja_tylna_row_przyziemie-768x1024.jpg 768w, http:\/\/lapidarium.fundacja-hereditas.pl\/wp-content\/uploads\/2024\/10\/Cecylia_Rotter_Warszawa_ul_Szwolezerow_7A_elewacja_tylna_row_przyziemie-225x300.jpg 225w, http:\/\/lapidarium.fundacja-hereditas.pl\/wp-content\/uploads\/2024\/10\/Cecylia_Rotter_Warszawa_ul_Szwolezerow_7A_elewacja_tylna_row_przyziemie-1152x1536.jpg 1152w, http:\/\/lapidarium.fundacja-hereditas.pl\/wp-content\/uploads\/2024\/10\/Cecylia_Rotter_Warszawa_ul_Szwolezerow_7A_elewacja_tylna_row_przyziemie-1536x2048.jpg 1536w, http:\/\/lapidarium.fundacja-hereditas.pl\/wp-content\/uploads\/2024\/10\/Cecylia_Rotter_Warszawa_ul_Szwolezerow_7A_elewacja_tylna_row_przyziemie-150x200.jpg 150w, http:\/\/lapidarium.fundacja-hereditas.pl\/wp-content\/uploads\/2024\/10\/Cecylia_Rotter_Warszawa_ul_Szwolezerow_7A_elewacja_tylna_row_przyziemie-300x400.jpg 300w, http:\/\/lapidarium.fundacja-hereditas.pl\/wp-content\/uploads\/2024\/10\/Cecylia_Rotter_Warszawa_ul_Szwolezerow_7A_elewacja_tylna_row_przyziemie-696x928.jpg 696w, http:\/\/lapidarium.fundacja-hereditas.pl\/wp-content\/uploads\/2024\/10\/Cecylia_Rotter_Warszawa_ul_Szwolezerow_7A_elewacja_tylna_row_przyziemie-1068x1424.jpg 1068w, http:\/\/lapidarium.fundacja-hereditas.pl\/wp-content\/uploads\/2024\/10\/Cecylia_Rotter_Warszawa_ul_Szwolezerow_7A_elewacja_tylna_row_przyziemie-scaled.jpg 1920w\" sizes=\"auto, (max-width: 768px) 100vw, 768px\" \/><\/a><figcaption class=\"wp-element-caption\">Elewacja &#8211; po\u0142udniowa. Obudowa okienek piwnicznych (od suteren?). Fot. Cecylia Rotter, 2024 r., \u017ar\u00f3d\u0142o: AOD V.<\/figcaption><\/figure>\n\n\n\n<figure class=\"wp-block-image size-large\"><a href=\"http:\/\/lapidarium.fundacja-hereditas.pl\/wp-content\/uploads\/2024\/10\/Cecylia_Rotter_Warszawa_ul_Szwolezerow_7A_elewacja_tylna_widok_z_boku_prawego-scaled.jpg\"><img loading=\"lazy\" decoding=\"async\" width=\"1024\" height=\"768\" data-id=\"28532\" src=\"http:\/\/lapidarium.fundacja-hereditas.pl\/wp-content\/uploads\/2024\/10\/Cecylia_Rotter_Warszawa_ul_Szwolezerow_7A_elewacja_tylna_widok_z_boku_prawego-1024x768.jpg\" alt=\"\" class=\"wp-image-28532\" srcset=\"http:\/\/lapidarium.fundacja-hereditas.pl\/wp-content\/uploads\/2024\/10\/Cecylia_Rotter_Warszawa_ul_Szwolezerow_7A_elewacja_tylna_widok_z_boku_prawego-1024x768.jpg 1024w, http:\/\/lapidarium.fundacja-hereditas.pl\/wp-content\/uploads\/2024\/10\/Cecylia_Rotter_Warszawa_ul_Szwolezerow_7A_elewacja_tylna_widok_z_boku_prawego-300x225.jpg 300w, http:\/\/lapidarium.fundacja-hereditas.pl\/wp-content\/uploads\/2024\/10\/Cecylia_Rotter_Warszawa_ul_Szwolezerow_7A_elewacja_tylna_widok_z_boku_prawego-768x576.jpg 768w, http:\/\/lapidarium.fundacja-hereditas.pl\/wp-content\/uploads\/2024\/10\/Cecylia_Rotter_Warszawa_ul_Szwolezerow_7A_elewacja_tylna_widok_z_boku_prawego-1536x1152.jpg 1536w, http:\/\/lapidarium.fundacja-hereditas.pl\/wp-content\/uploads\/2024\/10\/Cecylia_Rotter_Warszawa_ul_Szwolezerow_7A_elewacja_tylna_widok_z_boku_prawego-2048x1536.jpg 2048w, http:\/\/lapidarium.fundacja-hereditas.pl\/wp-content\/uploads\/2024\/10\/Cecylia_Rotter_Warszawa_ul_Szwolezerow_7A_elewacja_tylna_widok_z_boku_prawego-150x112.jpg 150w, http:\/\/lapidarium.fundacja-hereditas.pl\/wp-content\/uploads\/2024\/10\/Cecylia_Rotter_Warszawa_ul_Szwolezerow_7A_elewacja_tylna_widok_z_boku_prawego-696x522.jpg 696w, http:\/\/lapidarium.fundacja-hereditas.pl\/wp-content\/uploads\/2024\/10\/Cecylia_Rotter_Warszawa_ul_Szwolezerow_7A_elewacja_tylna_widok_z_boku_prawego-1068x801.jpg 1068w, http:\/\/lapidarium.fundacja-hereditas.pl\/wp-content\/uploads\/2024\/10\/Cecylia_Rotter_Warszawa_ul_Szwolezerow_7A_elewacja_tylna_widok_z_boku_prawego-1920x1440.jpg 1920w\" sizes=\"auto, (max-width: 1024px) 100vw, 1024px\" \/><\/a><figcaption class=\"wp-element-caption\">Elewacja &#8211; po\u0142udniowa. Fot. Cecylia Rotter, 2024 r., \u017ar\u00f3d\u0142o: AOD V.<\/figcaption><\/figure>\n<\/figure>\n","protected":false},"excerpt":{"rendered":"<p>Budynek koszarowy, ocala\u0142y jako jeden z niewielu obiekt\u00f3w niegdy\u015b licznej i r\u00f3\u017cnorodnej zabudowy koszarowej z czas\u00f3w carskich, rozlokowanej na rozleg\u0142ym terenie od ulicy \u0141azienkowskiej na Powi\u015blu po ulic\u0119 Podchor\u0105\u017cych na Czerniakowie, od parku \u0141azienkowskiego po ulic\u0119 Czerniakowsk\u0105 to\u017csam\u0105 z obecn\u0105 Wis\u0142ostrad\u0105. Opisywany obiekt powsta\u0142 pomi\u0119dzy 1897 a 1901 r. i by\u0142 miejscem zakwaterowania wojskowych \u015bredniego [&hellip;]<\/p>\n","protected":false},"author":6,"featured_media":28592,"comment_status":"open","ping_status":"open","sticky":false,"template":"","format":"standard","meta":{"footnotes":""},"categories":[229,4],"tags":[],"class_list":{"0":"post-28497","1":"post","2":"type-post","3":"status-publish","4":"format-standard","5":"has-post-thumbnail","7":"category-szwolezerow","8":"category-warszawa"},"_links":{"self":[{"href":"http:\/\/lapidarium.fundacja-hereditas.pl\/index.php\/wp-json\/wp\/v2\/posts\/28497","targetHints":{"allow":["GET"]}}],"collection":[{"href":"http:\/\/lapidarium.fundacja-hereditas.pl\/index.php\/wp-json\/wp\/v2\/posts"}],"about":[{"href":"http:\/\/lapidarium.fundacja-hereditas.pl\/index.php\/wp-json\/wp\/v2\/types\/post"}],"author":[{"embeddable":true,"href":"http:\/\/lapidarium.fundacja-hereditas.pl\/index.php\/wp-json\/wp\/v2\/users\/6"}],"replies":[{"embeddable":true,"href":"http:\/\/lapidarium.fundacja-hereditas.pl\/index.php\/wp-json\/wp\/v2\/comments?post=28497"}],"version-history":[{"count":10,"href":"http:\/\/lapidarium.fundacja-hereditas.pl\/index.php\/wp-json\/wp\/v2\/posts\/28497\/revisions"}],"predecessor-version":[{"id":28929,"href":"http:\/\/lapidarium.fundacja-hereditas.pl\/index.php\/wp-json\/wp\/v2\/posts\/28497\/revisions\/28929"}],"wp:featuredmedia":[{"embeddable":true,"href":"http:\/\/lapidarium.fundacja-hereditas.pl\/index.php\/wp-json\/wp\/v2\/media\/28592"}],"wp:attachment":[{"href":"http:\/\/lapidarium.fundacja-hereditas.pl\/index.php\/wp-json\/wp\/v2\/media?parent=28497"}],"wp:term":[{"taxonomy":"category","embeddable":true,"href":"http:\/\/lapidarium.fundacja-hereditas.pl\/index.php\/wp-json\/wp\/v2\/categories?post=28497"},{"taxonomy":"post_tag","embeddable":true,"href":"http:\/\/lapidarium.fundacja-hereditas.pl\/index.php\/wp-json\/wp\/v2\/tags?post=28497"}],"curies":[{"name":"wp","href":"https:\/\/api.w.org\/{rel}","templated":true}]}}