{"id":2753,"date":"2021-08-31T15:56:06","date_gmt":"2021-08-31T13:56:06","guid":{"rendered":"https:\/\/lapidarium.fundacja-hereditas.pl\/?p=2753"},"modified":"2021-10-26T18:27:50","modified_gmt":"2021-10-26T16:27:50","slug":"kamienica-ul-grochowska-272","status":"publish","type":"post","link":"http:\/\/lapidarium.fundacja-hereditas.pl\/index.php\/2021\/08\/31\/kamienica-ul-grochowska-272\/","title":{"rendered":"Kamienica ul. Grochowska 272, Warszawa"},"content":{"rendered":"\n<p>Zesp\u00f3\u0142 budynk\u00f3w powsta\u0142 wed\u0142ug projektu W\u0142odzimierza Nikolajewicza Pokrowskiego w latach 1899-1900, rozbudowany w 1930 roku. Do 2009 roku mie\u015bci\u0142 Instytut Weterynaryjny Szko\u0142y G\u0142\u00f3wnej Gospodarstwa Wiejskiego. Od 2009 roku siedziba orkiestry Sinfonia Varsovia.<\/p>\n\n\n\n<figure class=\"wp-block-gallery columns-3 is-cropped wp-block-gallery-1 is-layout-flex wp-block-gallery-is-layout-flex\"><ul class=\"blocks-gallery-grid\"><li class=\"blocks-gallery-item\"><figure><a href=\"http:\/\/lapidarium.fundacja-hereditas.pl\/wp-content\/uploads\/2021\/08\/b_845_15435169391-sinfonia-varsovia-fasada.jpg\"><img loading=\"lazy\" decoding=\"async\" width=\"600\" height=\"450\" src=\"http:\/\/lapidarium.fundacja-hereditas.pl\/wp-content\/uploads\/2021\/08\/b_845_15435169391-sinfonia-varsovia-fasada.jpg\" alt=\"Siedziba orkiestry Sinfonia Varsovia. Fot. Anna Poli\u0144ska, 2018, \u017ar\u00f3d\u0142o: zabytek.co\" data-id=\"2735\" data-full-url=\"http:\/\/lapidarium.fundacja-hereditas.pl\/wp-content\/uploads\/2021\/08\/b_845_15435169391-sinfonia-varsovia-fasada.jpg\" data-link=\"https:\/\/lapidarium.fundacja-hereditas.pl\/b_845_15435169391-sinfonia-varsovia-fasada\/\" class=\"wp-image-2735\" srcset=\"http:\/\/lapidarium.fundacja-hereditas.pl\/wp-content\/uploads\/2021\/08\/b_845_15435169391-sinfonia-varsovia-fasada.jpg 600w, http:\/\/lapidarium.fundacja-hereditas.pl\/wp-content\/uploads\/2021\/08\/b_845_15435169391-sinfonia-varsovia-fasada-300x225.jpg 300w, http:\/\/lapidarium.fundacja-hereditas.pl\/wp-content\/uploads\/2021\/08\/b_845_15435169391-sinfonia-varsovia-fasada-150x113.jpg 150w\" sizes=\"auto, (max-width: 600px) 100vw, 600px\" \/><\/a><figcaption class=\"blocks-gallery-item__caption\">Siedziba orkiestry Sinfonia Varsovia. Fot. Anna Poli\u0144ska, 2018, \u017ar\u00f3d\u0142o: zabytek.co<\/figcaption><\/figure><\/li><li class=\"blocks-gallery-item\"><figure><a href=\"http:\/\/lapidarium.fundacja-hereditas.pl\/wp-content\/uploads\/2021\/08\/b_846_15435173811-sinfonia-v-drzwi-wejsciowe.jpg\"><img loading=\"lazy\" decoding=\"async\" width=\"458\" height=\"600\" src=\"http:\/\/lapidarium.fundacja-hereditas.pl\/wp-content\/uploads\/2021\/08\/b_846_15435173811-sinfonia-v-drzwi-wejsciowe.jpg\" alt=\"Wej\u015bcie g\u0142\u00f3wne. Fot. Anna Poli\u0144ska, 2018, \u017ar\u00f3d\u0142o: zabytek.co\" data-id=\"2736\" data-full-url=\"http:\/\/lapidarium.fundacja-hereditas.pl\/wp-content\/uploads\/2021\/08\/b_846_15435173811-sinfonia-v-drzwi-wejsciowe.jpg\" data-link=\"https:\/\/lapidarium.fundacja-hereditas.pl\/b_846_15435173811-sinfonia-v-drzwi-wejsciowe\/\" class=\"wp-image-2736\" srcset=\"http:\/\/lapidarium.fundacja-hereditas.pl\/wp-content\/uploads\/2021\/08\/b_846_15435173811-sinfonia-v-drzwi-wejsciowe.jpg 458w, http:\/\/lapidarium.fundacja-hereditas.pl\/wp-content\/uploads\/2021\/08\/b_846_15435173811-sinfonia-v-drzwi-wejsciowe-229x300.jpg 229w, http:\/\/lapidarium.fundacja-hereditas.pl\/wp-content\/uploads\/2021\/08\/b_846_15435173811-sinfonia-v-drzwi-wejsciowe-150x197.jpg 150w, http:\/\/lapidarium.fundacja-hereditas.pl\/wp-content\/uploads\/2021\/08\/b_846_15435173811-sinfonia-v-drzwi-wejsciowe-300x393.jpg 300w\" sizes=\"auto, (max-width: 458px) 100vw, 458px\" \/><\/a><figcaption class=\"blocks-gallery-item__caption\">Wej\u015bcie g\u0142\u00f3wne. Fot. Anna Poli\u0144ska, 2018, \u017ar\u00f3d\u0142o: zabytek.co<\/figcaption><\/figure><\/li><li class=\"blocks-gallery-item\"><figure><a href=\"http:\/\/lapidarium.fundacja-hereditas.pl\/wp-content\/uploads\/2021\/08\/b_849_1543519367dsc00146.jpg\"><img loading=\"lazy\" decoding=\"async\" width=\"428\" height=\"600\" src=\"http:\/\/lapidarium.fundacja-hereditas.pl\/wp-content\/uploads\/2021\/08\/b_849_1543519367dsc00146.jpg\" alt=\"S\u0142upek bramy. Fot. Maria Radziszewska, 2018, \u017ar\u00f3d\u0142o: zabytek.co\" data-id=\"2732\" data-full-url=\"http:\/\/lapidarium.fundacja-hereditas.pl\/wp-content\/uploads\/2021\/08\/b_849_1543519367dsc00146.jpg\" data-link=\"https:\/\/lapidarium.fundacja-hereditas.pl\/b_849_1543519367dsc00146\/\" class=\"wp-image-2732\" srcset=\"http:\/\/lapidarium.fundacja-hereditas.pl\/wp-content\/uploads\/2021\/08\/b_849_1543519367dsc00146.jpg 428w, http:\/\/lapidarium.fundacja-hereditas.pl\/wp-content\/uploads\/2021\/08\/b_849_1543519367dsc00146-214x300.jpg 214w, http:\/\/lapidarium.fundacja-hereditas.pl\/wp-content\/uploads\/2021\/08\/b_849_1543519367dsc00146-150x210.jpg 150w, http:\/\/lapidarium.fundacja-hereditas.pl\/wp-content\/uploads\/2021\/08\/b_849_1543519367dsc00146-300x421.jpg 300w\" sizes=\"auto, (max-width: 428px) 100vw, 428px\" \/><\/a><figcaption class=\"blocks-gallery-item__caption\">S\u0142upek bramy. Fot. Maria Radziszewska, 2018, \u017ar\u00f3d\u0142o: zabytek.co<\/figcaption><\/figure><\/li><li class=\"blocks-gallery-item\"><figure><a href=\"http:\/\/lapidarium.fundacja-hereditas.pl\/wp-content\/uploads\/2021\/08\/b_849_1543519334dsc00142.jpg\"><img loading=\"lazy\" decoding=\"async\" width=\"440\" height=\"600\" src=\"http:\/\/lapidarium.fundacja-hereditas.pl\/wp-content\/uploads\/2021\/08\/b_849_1543519334dsc00142.jpg\" alt=\"S\u0142upek bramy. Fot. Maria Radziszewska, 2018, \u017ar\u00f3d\u0142o: zabytek.co\" data-id=\"2731\" data-full-url=\"http:\/\/lapidarium.fundacja-hereditas.pl\/wp-content\/uploads\/2021\/08\/b_849_1543519334dsc00142.jpg\" data-link=\"https:\/\/lapidarium.fundacja-hereditas.pl\/b_849_1543519334dsc00142\/\" class=\"wp-image-2731\" srcset=\"http:\/\/lapidarium.fundacja-hereditas.pl\/wp-content\/uploads\/2021\/08\/b_849_1543519334dsc00142.jpg 440w, http:\/\/lapidarium.fundacja-hereditas.pl\/wp-content\/uploads\/2021\/08\/b_849_1543519334dsc00142-220x300.jpg 220w, http:\/\/lapidarium.fundacja-hereditas.pl\/wp-content\/uploads\/2021\/08\/b_849_1543519334dsc00142-150x205.jpg 150w, http:\/\/lapidarium.fundacja-hereditas.pl\/wp-content\/uploads\/2021\/08\/b_849_1543519334dsc00142-300x409.jpg 300w\" sizes=\"auto, (max-width: 440px) 100vw, 440px\" \/><\/a><figcaption class=\"blocks-gallery-item__caption\">S\u0142upek bramy. Fot. Maria Radziszewska, 2018, \u017ar\u00f3d\u0142o: zabytek.co<\/figcaption><\/figure><\/li><li class=\"blocks-gallery-item\"><figure><a href=\"http:\/\/lapidarium.fundacja-hereditas.pl\/wp-content\/uploads\/2021\/08\/b_849_15435192881-sinfonia-v-slupek-detal.jpg\"><img loading=\"lazy\" decoding=\"async\" width=\"600\" height=\"450\" src=\"http:\/\/lapidarium.fundacja-hereditas.pl\/wp-content\/uploads\/2021\/08\/b_849_15435192881-sinfonia-v-slupek-detal.jpg\" alt=\"S\u0142upek bramy. Fot. Anna Poli\u0144ska, 2018, \u017ar\u00f3d\u0142o: zabytek.co\" data-id=\"2733\" data-full-url=\"http:\/\/lapidarium.fundacja-hereditas.pl\/wp-content\/uploads\/2021\/08\/b_849_15435192881-sinfonia-v-slupek-detal.jpg\" data-link=\"https:\/\/lapidarium.fundacja-hereditas.pl\/b_849_15435192881-sinfonia-v-slupek-detal\/\" class=\"wp-image-2733\" srcset=\"http:\/\/lapidarium.fundacja-hereditas.pl\/wp-content\/uploads\/2021\/08\/b_849_15435192881-sinfonia-v-slupek-detal.jpg 600w, http:\/\/lapidarium.fundacja-hereditas.pl\/wp-content\/uploads\/2021\/08\/b_849_15435192881-sinfonia-v-slupek-detal-300x225.jpg 300w, http:\/\/lapidarium.fundacja-hereditas.pl\/wp-content\/uploads\/2021\/08\/b_849_15435192881-sinfonia-v-slupek-detal-150x113.jpg 150w\" sizes=\"auto, (max-width: 600px) 100vw, 600px\" \/><\/a><figcaption class=\"blocks-gallery-item__caption\">S\u0142upek bramy. Fot. Anna Poli\u0144ska, 2018, \u017ar\u00f3d\u0142o: zabytek.co<\/figcaption><\/figure><\/li><li class=\"blocks-gallery-item\"><figure><a href=\"http:\/\/lapidarium.fundacja-hereditas.pl\/wp-content\/uploads\/2021\/08\/b_846_15435174421-sinfonia-v-drzwi-wejsciowe-okienka.jpg\"><img loading=\"lazy\" decoding=\"async\" width=\"600\" height=\"450\" src=\"http:\/\/lapidarium.fundacja-hereditas.pl\/wp-content\/uploads\/2021\/08\/b_846_15435174421-sinfonia-v-drzwi-wejsciowe-okienka.jpg\" alt=\"Wej\u015bcie g\u0142\u00f3wne. Fot. Anna Poli\u0144ska, 2018, \u017ar\u00f3d\u0142o: zabytek.co\" data-id=\"2738\" data-full-url=\"http:\/\/lapidarium.fundacja-hereditas.pl\/wp-content\/uploads\/2021\/08\/b_846_15435174421-sinfonia-v-drzwi-wejsciowe-okienka.jpg\" data-link=\"https:\/\/lapidarium.fundacja-hereditas.pl\/b_846_15435174421-sinfonia-v-drzwi-wejsciowe-okienka\/\" class=\"wp-image-2738\" srcset=\"http:\/\/lapidarium.fundacja-hereditas.pl\/wp-content\/uploads\/2021\/08\/b_846_15435174421-sinfonia-v-drzwi-wejsciowe-okienka.jpg 600w, http:\/\/lapidarium.fundacja-hereditas.pl\/wp-content\/uploads\/2021\/08\/b_846_15435174421-sinfonia-v-drzwi-wejsciowe-okienka-300x225.jpg 300w, http:\/\/lapidarium.fundacja-hereditas.pl\/wp-content\/uploads\/2021\/08\/b_846_15435174421-sinfonia-v-drzwi-wejsciowe-okienka-150x113.jpg 150w\" sizes=\"auto, (max-width: 600px) 100vw, 600px\" \/><\/a><figcaption class=\"blocks-gallery-item__caption\">Wej\u015bcie g\u0142\u00f3wne. Fot. Anna Poli\u0144ska, 2018, \u017ar\u00f3d\u0142o: zabytek.co<\/figcaption><\/figure><\/li><li class=\"blocks-gallery-item\"><figure><a href=\"http:\/\/lapidarium.fundacja-hereditas.pl\/wp-content\/uploads\/2021\/08\/b_846_15435174131-sinfonia-v-drzwi-od-wewnatrz.jpg\"><img loading=\"lazy\" decoding=\"async\" width=\"458\" height=\"600\" src=\"http:\/\/lapidarium.fundacja-hereditas.pl\/wp-content\/uploads\/2021\/08\/b_846_15435174131-sinfonia-v-drzwi-od-wewnatrz.jpg\" alt=\"Wej\u015bcie g\u0142\u00f3wne od wewn\u0105trz. Fot. Anna Poli\u0144ska, 2018, \u017ar\u00f3d\u0142o: zabytek.co\" data-id=\"2737\" data-full-url=\"http:\/\/lapidarium.fundacja-hereditas.pl\/wp-content\/uploads\/2021\/08\/b_846_15435174131-sinfonia-v-drzwi-od-wewnatrz.jpg\" data-link=\"https:\/\/lapidarium.fundacja-hereditas.pl\/b_846_15435174131-sinfonia-v-drzwi-od-wewnatrz\/\" class=\"wp-image-2737\" srcset=\"http:\/\/lapidarium.fundacja-hereditas.pl\/wp-content\/uploads\/2021\/08\/b_846_15435174131-sinfonia-v-drzwi-od-wewnatrz.jpg 458w, http:\/\/lapidarium.fundacja-hereditas.pl\/wp-content\/uploads\/2021\/08\/b_846_15435174131-sinfonia-v-drzwi-od-wewnatrz-229x300.jpg 229w, http:\/\/lapidarium.fundacja-hereditas.pl\/wp-content\/uploads\/2021\/08\/b_846_15435174131-sinfonia-v-drzwi-od-wewnatrz-150x197.jpg 150w, http:\/\/lapidarium.fundacja-hereditas.pl\/wp-content\/uploads\/2021\/08\/b_846_15435174131-sinfonia-v-drzwi-od-wewnatrz-300x393.jpg 300w\" sizes=\"auto, (max-width: 458px) 100vw, 458px\" \/><\/a><figcaption class=\"blocks-gallery-item__caption\">Wej\u015bcie g\u0142\u00f3wne od wewn\u0105trz. Fot. Anna Poli\u0144ska, 2018, \u017ar\u00f3d\u0142o: zabytek.co<\/figcaption><\/figure><\/li><li class=\"blocks-gallery-item\"><figure><a href=\"http:\/\/lapidarium.fundacja-hereditas.pl\/wp-content\/uploads\/2021\/08\/b_848_15435186441-sinfonia-klatka-schodowa.jpg\"><img loading=\"lazy\" decoding=\"async\" width=\"600\" height=\"450\" src=\"http:\/\/lapidarium.fundacja-hereditas.pl\/wp-content\/uploads\/2021\/08\/b_848_15435186441-sinfonia-klatka-schodowa.jpg\" alt=\"Schody. Fot. Anna Poli\u0144ska, 2018, \u017ar\u00f3d\u0142o: zabytek.co\" data-id=\"2730\" data-full-url=\"http:\/\/lapidarium.fundacja-hereditas.pl\/wp-content\/uploads\/2021\/08\/b_848_15435186441-sinfonia-klatka-schodowa.jpg\" data-link=\"https:\/\/lapidarium.fundacja-hereditas.pl\/b_848_15435186441-sinfonia-klatka-schodowa\/\" class=\"wp-image-2730\" srcset=\"http:\/\/lapidarium.fundacja-hereditas.pl\/wp-content\/uploads\/2021\/08\/b_848_15435186441-sinfonia-klatka-schodowa.jpg 600w, http:\/\/lapidarium.fundacja-hereditas.pl\/wp-content\/uploads\/2021\/08\/b_848_15435186441-sinfonia-klatka-schodowa-300x225.jpg 300w, http:\/\/lapidarium.fundacja-hereditas.pl\/wp-content\/uploads\/2021\/08\/b_848_15435186441-sinfonia-klatka-schodowa-150x113.jpg 150w\" sizes=\"auto, (max-width: 600px) 100vw, 600px\" \/><\/a><figcaption class=\"blocks-gallery-item__caption\">Schody. Fot. Anna Poli\u0144ska, 2018, \u017ar\u00f3d\u0142o: zabytek.co<\/figcaption><\/figure><\/li><li class=\"blocks-gallery-item\"><figure><a href=\"http:\/\/lapidarium.fundacja-hereditas.pl\/wp-content\/uploads\/2021\/08\/b_848_15435186001-sinfonia-kratav-detal-4.jpg\"><img loading=\"lazy\" decoding=\"async\" width=\"600\" height=\"450\" src=\"http:\/\/lapidarium.fundacja-hereditas.pl\/wp-content\/uploads\/2021\/08\/b_848_15435186001-sinfonia-kratav-detal-4.jpg\" alt=\"Balustrada schod\u00f3w. Fot. Anna Poli\u0144ska, 2018, \u017ar\u00f3d\u0142o: zabytek.co\" data-id=\"2729\" data-full-url=\"http:\/\/lapidarium.fundacja-hereditas.pl\/wp-content\/uploads\/2021\/08\/b_848_15435186001-sinfonia-kratav-detal-4.jpg\" data-link=\"https:\/\/lapidarium.fundacja-hereditas.pl\/b_848_15435186001-sinfonia-kratav-detal-4\/\" class=\"wp-image-2729\" srcset=\"http:\/\/lapidarium.fundacja-hereditas.pl\/wp-content\/uploads\/2021\/08\/b_848_15435186001-sinfonia-kratav-detal-4.jpg 600w, http:\/\/lapidarium.fundacja-hereditas.pl\/wp-content\/uploads\/2021\/08\/b_848_15435186001-sinfonia-kratav-detal-4-300x225.jpg 300w, http:\/\/lapidarium.fundacja-hereditas.pl\/wp-content\/uploads\/2021\/08\/b_848_15435186001-sinfonia-kratav-detal-4-150x113.jpg 150w\" sizes=\"auto, (max-width: 600px) 100vw, 600px\" \/><\/a><figcaption class=\"blocks-gallery-item__caption\">Balustrada schod\u00f3w. Fot. Anna Poli\u0144ska, 2018, \u017ar\u00f3d\u0142o: zabytek.co<\/figcaption><\/figure><\/li><li class=\"blocks-gallery-item\"><figure><a href=\"http:\/\/lapidarium.fundacja-hereditas.pl\/wp-content\/uploads\/2021\/08\/b_848_15435185591-sinfonia-v-krata-poreczy-fragment-3.jpg\"><img loading=\"lazy\" decoding=\"async\" width=\"600\" height=\"450\" src=\"http:\/\/lapidarium.fundacja-hereditas.pl\/wp-content\/uploads\/2021\/08\/b_848_15435185591-sinfonia-v-krata-poreczy-fragment-3.jpg\" alt=\"Balustrada schod\u00f3w. Fot. Anna Poli\u0144ska, 2018, \u017ar\u00f3d\u0142o: zabytek.co\" data-id=\"2728\" data-full-url=\"http:\/\/lapidarium.fundacja-hereditas.pl\/wp-content\/uploads\/2021\/08\/b_848_15435185591-sinfonia-v-krata-poreczy-fragment-3.jpg\" data-link=\"https:\/\/lapidarium.fundacja-hereditas.pl\/b_848_15435185591-sinfonia-v-krata-poreczy-fragment-3\/\" class=\"wp-image-2728\" srcset=\"http:\/\/lapidarium.fundacja-hereditas.pl\/wp-content\/uploads\/2021\/08\/b_848_15435185591-sinfonia-v-krata-poreczy-fragment-3.jpg 600w, http:\/\/lapidarium.fundacja-hereditas.pl\/wp-content\/uploads\/2021\/08\/b_848_15435185591-sinfonia-v-krata-poreczy-fragment-3-300x225.jpg 300w, http:\/\/lapidarium.fundacja-hereditas.pl\/wp-content\/uploads\/2021\/08\/b_848_15435185591-sinfonia-v-krata-poreczy-fragment-3-150x113.jpg 150w\" sizes=\"auto, (max-width: 600px) 100vw, 600px\" \/><\/a><figcaption class=\"blocks-gallery-item__caption\">Balustrada schod\u00f3w. Fot. Anna Poli\u0144ska, 2018, \u017ar\u00f3d\u0142o: zabytek.co<\/figcaption><\/figure><\/li><li class=\"blocks-gallery-item\"><figure><a href=\"http:\/\/lapidarium.fundacja-hereditas.pl\/wp-content\/uploads\/2021\/08\/b_850_15435197821-sinfonia-v-schody-ubytki-2.jpg\"><img loading=\"lazy\" decoding=\"async\" width=\"600\" height=\"450\" src=\"http:\/\/lapidarium.fundacja-hereditas.pl\/wp-content\/uploads\/2021\/08\/b_850_15435197821-sinfonia-v-schody-ubytki-2.jpg\" alt=\"Schody. Fot. Anna Poli\u0144ska, 2018, \u017ar\u00f3d\u0142o: zabytek.co\" data-id=\"2734\" data-full-url=\"http:\/\/lapidarium.fundacja-hereditas.pl\/wp-content\/uploads\/2021\/08\/b_850_15435197821-sinfonia-v-schody-ubytki-2.jpg\" data-link=\"https:\/\/lapidarium.fundacja-hereditas.pl\/b_850_15435197821-sinfonia-v-schody-ubytki-2\/\" class=\"wp-image-2734\" srcset=\"http:\/\/lapidarium.fundacja-hereditas.pl\/wp-content\/uploads\/2021\/08\/b_850_15435197821-sinfonia-v-schody-ubytki-2.jpg 600w, http:\/\/lapidarium.fundacja-hereditas.pl\/wp-content\/uploads\/2021\/08\/b_850_15435197821-sinfonia-v-schody-ubytki-2-300x225.jpg 300w, http:\/\/lapidarium.fundacja-hereditas.pl\/wp-content\/uploads\/2021\/08\/b_850_15435197821-sinfonia-v-schody-ubytki-2-150x113.jpg 150w\" sizes=\"auto, (max-width: 600px) 100vw, 600px\" \/><\/a><figcaption class=\"blocks-gallery-item__caption\">Schody. Fot. Anna Poli\u0144ska, 2018, \u017ar\u00f3d\u0142o: zabytek.co<\/figcaption><\/figure><\/li><li class=\"blocks-gallery-item\"><figure><a href=\"http:\/\/lapidarium.fundacja-hereditas.pl\/wp-content\/uploads\/2021\/08\/b_847_15435181391-sinfonia-varsovia-posadzka-wejscie.jpg\"><img loading=\"lazy\" decoding=\"async\" width=\"600\" height=\"450\" src=\"http:\/\/lapidarium.fundacja-hereditas.pl\/wp-content\/uploads\/2021\/08\/b_847_15435181391-sinfonia-varsovia-posadzka-wejscie.jpg\" alt=\"Posadzka przy drzwiach wej\u015bciowych. Fot. Anna Poli\u0144ska, 2018, \u017ar\u00f3d\u0142o: zabytek.co\" data-id=\"2724\" data-full-url=\"http:\/\/lapidarium.fundacja-hereditas.pl\/wp-content\/uploads\/2021\/08\/b_847_15435181391-sinfonia-varsovia-posadzka-wejscie.jpg\" data-link=\"https:\/\/lapidarium.fundacja-hereditas.pl\/b_847_15435181391-sinfonia-varsovia-posadzka-wejscie\/\" class=\"wp-image-2724\" srcset=\"http:\/\/lapidarium.fundacja-hereditas.pl\/wp-content\/uploads\/2021\/08\/b_847_15435181391-sinfonia-varsovia-posadzka-wejscie.jpg 600w, http:\/\/lapidarium.fundacja-hereditas.pl\/wp-content\/uploads\/2021\/08\/b_847_15435181391-sinfonia-varsovia-posadzka-wejscie-300x225.jpg 300w, http:\/\/lapidarium.fundacja-hereditas.pl\/wp-content\/uploads\/2021\/08\/b_847_15435181391-sinfonia-varsovia-posadzka-wejscie-150x113.jpg 150w\" sizes=\"auto, (max-width: 600px) 100vw, 600px\" \/><\/a><figcaption class=\"blocks-gallery-item__caption\">Posadzka przy drzwiach wej\u015bciowych. Fot. Anna Poli\u0144ska, 2018, \u017ar\u00f3d\u0142o: zabytek.co<\/figcaption><\/figure><\/li><li class=\"blocks-gallery-item\"><figure><a href=\"http:\/\/lapidarium.fundacja-hereditas.pl\/wp-content\/uploads\/2021\/08\/b_847_15435183141-sinfonia-v-posadzka-parter.jpg\"><img loading=\"lazy\" decoding=\"async\" width=\"443\" height=\"600\" src=\"http:\/\/lapidarium.fundacja-hereditas.pl\/wp-content\/uploads\/2021\/08\/b_847_15435183141-sinfonia-v-posadzka-parter.jpg\" alt=\"Posadzka. Fot. Anna Poli\u0144ska, 2018, \u017ar\u00f3d\u0142o: zabytek.co\" data-id=\"2727\" data-full-url=\"http:\/\/lapidarium.fundacja-hereditas.pl\/wp-content\/uploads\/2021\/08\/b_847_15435183141-sinfonia-v-posadzka-parter.jpg\" data-link=\"https:\/\/lapidarium.fundacja-hereditas.pl\/b_847_15435183141-sinfonia-v-posadzka-parter\/\" class=\"wp-image-2727\" srcset=\"http:\/\/lapidarium.fundacja-hereditas.pl\/wp-content\/uploads\/2021\/08\/b_847_15435183141-sinfonia-v-posadzka-parter.jpg 443w, http:\/\/lapidarium.fundacja-hereditas.pl\/wp-content\/uploads\/2021\/08\/b_847_15435183141-sinfonia-v-posadzka-parter-222x300.jpg 222w, http:\/\/lapidarium.fundacja-hereditas.pl\/wp-content\/uploads\/2021\/08\/b_847_15435183141-sinfonia-v-posadzka-parter-150x203.jpg 150w, http:\/\/lapidarium.fundacja-hereditas.pl\/wp-content\/uploads\/2021\/08\/b_847_15435183141-sinfonia-v-posadzka-parter-300x406.jpg 300w\" sizes=\"auto, (max-width: 443px) 100vw, 443px\" \/><\/a><figcaption class=\"blocks-gallery-item__caption\">Posadzka. Fot. Anna Poli\u0144ska, 2018, \u017ar\u00f3d\u0142o: zabytek.co<\/figcaption><\/figure><\/li><li class=\"blocks-gallery-item\"><figure><a href=\"http:\/\/lapidarium.fundacja-hereditas.pl\/wp-content\/uploads\/2021\/08\/b_847_15435182131-sinfonia-v-posadzka-fragment-1.jpg\"><img loading=\"lazy\" decoding=\"async\" width=\"600\" height=\"450\" src=\"http:\/\/lapidarium.fundacja-hereditas.pl\/wp-content\/uploads\/2021\/08\/b_847_15435182131-sinfonia-v-posadzka-fragment-1.jpg\" alt=\"Posadzka. Fot. Anna Poli\u0144ska, 2018, \u017ar\u00f3d\u0142o: zabytek.co\" data-id=\"2726\" data-full-url=\"http:\/\/lapidarium.fundacja-hereditas.pl\/wp-content\/uploads\/2021\/08\/b_847_15435182131-sinfonia-v-posadzka-fragment-1.jpg\" data-link=\"https:\/\/lapidarium.fundacja-hereditas.pl\/b_847_15435182131-sinfonia-v-posadzka-fragment-1\/\" class=\"wp-image-2726\" srcset=\"http:\/\/lapidarium.fundacja-hereditas.pl\/wp-content\/uploads\/2021\/08\/b_847_15435182131-sinfonia-v-posadzka-fragment-1.jpg 600w, http:\/\/lapidarium.fundacja-hereditas.pl\/wp-content\/uploads\/2021\/08\/b_847_15435182131-sinfonia-v-posadzka-fragment-1-300x225.jpg 300w, http:\/\/lapidarium.fundacja-hereditas.pl\/wp-content\/uploads\/2021\/08\/b_847_15435182131-sinfonia-v-posadzka-fragment-1-150x113.jpg 150w\" sizes=\"auto, (max-width: 600px) 100vw, 600px\" \/><\/a><figcaption class=\"blocks-gallery-item__caption\">Posadzka. Fot. Anna Poli\u0144ska, 2018, \u017ar\u00f3d\u0142o: zabytek.co<\/figcaption><\/figure><\/li><li class=\"blocks-gallery-item\"><figure><a href=\"http:\/\/lapidarium.fundacja-hereditas.pl\/wp-content\/uploads\/2021\/08\/b_847_15435181871-sinfonia-v-posadzka-fragment-3.jpg\"><img loading=\"lazy\" decoding=\"async\" width=\"600\" height=\"450\" src=\"http:\/\/lapidarium.fundacja-hereditas.pl\/wp-content\/uploads\/2021\/08\/b_847_15435181871-sinfonia-v-posadzka-fragment-3.jpg\" alt=\"Posadzka. Fot. Anna Poli\u0144ska, 2018, \u017ar\u00f3d\u0142o: zabytek.co\" data-id=\"2725\" data-full-url=\"http:\/\/lapidarium.fundacja-hereditas.pl\/wp-content\/uploads\/2021\/08\/b_847_15435181871-sinfonia-v-posadzka-fragment-3.jpg\" data-link=\"https:\/\/lapidarium.fundacja-hereditas.pl\/b_847_15435181871-sinfonia-v-posadzka-fragment-3\/\" class=\"wp-image-2725\" srcset=\"http:\/\/lapidarium.fundacja-hereditas.pl\/wp-content\/uploads\/2021\/08\/b_847_15435181871-sinfonia-v-posadzka-fragment-3.jpg 600w, http:\/\/lapidarium.fundacja-hereditas.pl\/wp-content\/uploads\/2021\/08\/b_847_15435181871-sinfonia-v-posadzka-fragment-3-300x225.jpg 300w, http:\/\/lapidarium.fundacja-hereditas.pl\/wp-content\/uploads\/2021\/08\/b_847_15435181871-sinfonia-v-posadzka-fragment-3-150x113.jpg 150w\" sizes=\"auto, (max-width: 600px) 100vw, 600px\" \/><\/a><figcaption class=\"blocks-gallery-item__caption\">Posadzka. Fot. Anna Poli\u0144ska, 2018, \u017ar\u00f3d\u0142o: zabytek.co<\/figcaption><\/figure><\/li><li class=\"blocks-gallery-item\"><figure><a href=\"http:\/\/lapidarium.fundacja-hereditas.pl\/wp-content\/uploads\/2021\/08\/b_847_15435181021-sinfonia-varsovia-posadzka-fragment-2.jpg\"><img loading=\"lazy\" decoding=\"async\" width=\"600\" height=\"450\" src=\"http:\/\/lapidarium.fundacja-hereditas.pl\/wp-content\/uploads\/2021\/08\/b_847_15435181021-sinfonia-varsovia-posadzka-fragment-2.jpg\" alt=\"Posadzka. Fot. Anna Poli\u0144ska, 2018, \u017ar\u00f3d\u0142o: zabytek.co\" data-id=\"2723\" data-full-url=\"http:\/\/lapidarium.fundacja-hereditas.pl\/wp-content\/uploads\/2021\/08\/b_847_15435181021-sinfonia-varsovia-posadzka-fragment-2.jpg\" data-link=\"https:\/\/lapidarium.fundacja-hereditas.pl\/b_847_15435181021-sinfonia-varsovia-posadzka-fragment-2\/\" class=\"wp-image-2723\" srcset=\"http:\/\/lapidarium.fundacja-hereditas.pl\/wp-content\/uploads\/2021\/08\/b_847_15435181021-sinfonia-varsovia-posadzka-fragment-2.jpg 600w, http:\/\/lapidarium.fundacja-hereditas.pl\/wp-content\/uploads\/2021\/08\/b_847_15435181021-sinfonia-varsovia-posadzka-fragment-2-300x225.jpg 300w, http:\/\/lapidarium.fundacja-hereditas.pl\/wp-content\/uploads\/2021\/08\/b_847_15435181021-sinfonia-varsovia-posadzka-fragment-2-150x113.jpg 150w\" sizes=\"auto, (max-width: 600px) 100vw, 600px\" \/><\/a><figcaption class=\"blocks-gallery-item__caption\">Posadzka. Fot. Anna Poli\u0144ska, 2018, \u017ar\u00f3d\u0142o: zabytek.co<\/figcaption><\/figure><\/li><\/ul><\/figure>\n","protected":false},"excerpt":{"rendered":"<p>Zesp\u00f3\u0142 budynk\u00f3w powsta\u0142 wed\u0142ug projektu W\u0142odzimierza Nikolajewicza Pokrowskiego w latach 1899-1900.<\/p>\n","protected":false},"author":2,"featured_media":2735,"comment_status":"open","ping_status":"open","sticky":false,"template":"","format":"standard","meta":{"footnotes":""},"categories":[33,4],"tags":[],"class_list":{"0":"post-2753","1":"post","2":"type-post","3":"status-publish","4":"format-standard","5":"has-post-thumbnail","7":"category-grochowska","8":"category-warszawa"},"_links":{"self":[{"href":"http:\/\/lapidarium.fundacja-hereditas.pl\/index.php\/wp-json\/wp\/v2\/posts\/2753","targetHints":{"allow":["GET"]}}],"collection":[{"href":"http:\/\/lapidarium.fundacja-hereditas.pl\/index.php\/wp-json\/wp\/v2\/posts"}],"about":[{"href":"http:\/\/lapidarium.fundacja-hereditas.pl\/index.php\/wp-json\/wp\/v2\/types\/post"}],"author":[{"embeddable":true,"href":"http:\/\/lapidarium.fundacja-hereditas.pl\/index.php\/wp-json\/wp\/v2\/users\/2"}],"replies":[{"embeddable":true,"href":"http:\/\/lapidarium.fundacja-hereditas.pl\/index.php\/wp-json\/wp\/v2\/comments?post=2753"}],"version-history":[{"count":3,"href":"http:\/\/lapidarium.fundacja-hereditas.pl\/index.php\/wp-json\/wp\/v2\/posts\/2753\/revisions"}],"predecessor-version":[{"id":5478,"href":"http:\/\/lapidarium.fundacja-hereditas.pl\/index.php\/wp-json\/wp\/v2\/posts\/2753\/revisions\/5478"}],"wp:featuredmedia":[{"embeddable":true,"href":"http:\/\/lapidarium.fundacja-hereditas.pl\/index.php\/wp-json\/wp\/v2\/media\/2735"}],"wp:attachment":[{"href":"http:\/\/lapidarium.fundacja-hereditas.pl\/index.php\/wp-json\/wp\/v2\/media?parent=2753"}],"wp:term":[{"taxonomy":"category","embeddable":true,"href":"http:\/\/lapidarium.fundacja-hereditas.pl\/index.php\/wp-json\/wp\/v2\/categories?post=2753"},{"taxonomy":"post_tag","embeddable":true,"href":"http:\/\/lapidarium.fundacja-hereditas.pl\/index.php\/wp-json\/wp\/v2\/tags?post=2753"}],"curies":[{"name":"wp","href":"https:\/\/api.w.org\/{rel}","templated":true}]}}