{"id":2380,"date":"2021-08-29T09:44:37","date_gmt":"2021-08-29T07:44:37","guid":{"rendered":"https:\/\/lapidarium.fundacja-hereditas.pl\/?p=2380"},"modified":"2021-10-26T18:31:56","modified_gmt":"2021-10-26T16:31:56","slug":"kamienica-ul-szpitalna-5","status":"publish","type":"post","link":"http:\/\/lapidarium.fundacja-hereditas.pl\/index.php\/2021\/08\/29\/kamienica-ul-szpitalna-5\/","title":{"rendered":"Kamienica ul. Szpitalna 5, Warszawa"},"content":{"rendered":"\n<p>Kamienica wzniesiona jako trzypi\u0119trowa w l. 1879-80, nadbudowana o dwa pi\u0119tra po 1910 r. W l. 60.\/70 XX w. z uwagi na z\u0142y stan techniczny skuto rozbudowany detal elewacji i usuni\u0119to balkony. W ostatnim czasie przeprowadzono remont obiektu, z przywr\u00f3ceniem detalu na elewacjach.<\/p>\n\n\n\n<figure class=\"wp-block-gallery columns-3 is-cropped wp-block-gallery-1 is-layout-flex wp-block-gallery-is-layout-flex\"><ul class=\"blocks-gallery-grid\"><li class=\"blocks-gallery-item\"><figure><a href=\"http:\/\/lapidarium.fundacja-hereditas.pl\/wp-content\/uploads\/2021\/08\/aszpitalna-5-5473_a-1024x734-1.jpg\"><img loading=\"lazy\" decoding=\"async\" width=\"1024\" height=\"734\" src=\"http:\/\/lapidarium.fundacja-hereditas.pl\/wp-content\/uploads\/2021\/08\/aszpitalna-5-5473_a-1024x734-1.jpg\" alt=\"Elewacje frontowe. Fot. Kaja Diks, 2020, \u017ar\u00f3d\u0142o: lapidarium detalu.\" data-id=\"1362\" data-full-url=\"http:\/\/lapidarium.fundacja-hereditas.pl\/wp-content\/uploads\/2021\/08\/aszpitalna-5-5473_a-1024x734-1.jpg\" data-link=\"https:\/\/lapidarium.fundacja-hereditas.pl\/aszpitalna-5-5473_a-1024x734\/\" class=\"wp-image-1362\" srcset=\"http:\/\/lapidarium.fundacja-hereditas.pl\/wp-content\/uploads\/2021\/08\/aszpitalna-5-5473_a-1024x734-1.jpg 1024w, http:\/\/lapidarium.fundacja-hereditas.pl\/wp-content\/uploads\/2021\/08\/aszpitalna-5-5473_a-1024x734-1-300x215.jpg 300w, http:\/\/lapidarium.fundacja-hereditas.pl\/wp-content\/uploads\/2021\/08\/aszpitalna-5-5473_a-1024x734-1-768x551.jpg 768w, http:\/\/lapidarium.fundacja-hereditas.pl\/wp-content\/uploads\/2021\/08\/aszpitalna-5-5473_a-1024x734-1-150x108.jpg 150w, http:\/\/lapidarium.fundacja-hereditas.pl\/wp-content\/uploads\/2021\/08\/aszpitalna-5-5473_a-1024x734-1-696x499.jpg 696w\" sizes=\"auto, (max-width: 1024px) 100vw, 1024px\" \/><\/a><figcaption class=\"blocks-gallery-item__caption\">Elewacje frontowe. Fot. Kaja Diks, 2020, \u017ar\u00f3d\u0142o: lapidarium detalu.<\/figcaption><\/figure><\/li><li class=\"blocks-gallery-item\"><figure><a href=\"http:\/\/lapidarium.fundacja-hereditas.pl\/wp-content\/uploads\/2021\/08\/aPSX_20210206_213542-1024x766-1.jpg\"><img loading=\"lazy\" decoding=\"async\" width=\"1024\" height=\"766\" src=\"http:\/\/lapidarium.fundacja-hereditas.pl\/wp-content\/uploads\/2021\/08\/aPSX_20210206_213542-1024x766-1.jpg\" alt=\"Sztukateria na stropie ostatniej kondygnacji g\u0142\u00f3wnej klatki schodowej. Fot. Katarzyna Komar-Michalczyk, 2020, \u017ar\u00f3d\u0142o: lapidarium detalu.\" data-id=\"1364\" data-full-url=\"http:\/\/lapidarium.fundacja-hereditas.pl\/wp-content\/uploads\/2021\/08\/aPSX_20210206_213542-1024x766-1.jpg\" data-link=\"https:\/\/lapidarium.fundacja-hereditas.pl\/apsx_20210206_213542-1024x766\/\" class=\"wp-image-1364\" srcset=\"http:\/\/lapidarium.fundacja-hereditas.pl\/wp-content\/uploads\/2021\/08\/aPSX_20210206_213542-1024x766-1.jpg 1024w, http:\/\/lapidarium.fundacja-hereditas.pl\/wp-content\/uploads\/2021\/08\/aPSX_20210206_213542-1024x766-1-300x224.jpg 300w, http:\/\/lapidarium.fundacja-hereditas.pl\/wp-content\/uploads\/2021\/08\/aPSX_20210206_213542-1024x766-1-768x575.jpg 768w, http:\/\/lapidarium.fundacja-hereditas.pl\/wp-content\/uploads\/2021\/08\/aPSX_20210206_213542-1024x766-1-150x112.jpg 150w, http:\/\/lapidarium.fundacja-hereditas.pl\/wp-content\/uploads\/2021\/08\/aPSX_20210206_213542-1024x766-1-696x521.jpg 696w\" sizes=\"auto, (max-width: 1024px) 100vw, 1024px\" \/><\/a><figcaption class=\"blocks-gallery-item__caption\">Sztukateria na stropie ostatniej kondygnacji g\u0142\u00f3wnej klatki schodowej. Fot. Katarzyna Komar-Michalczyk, 2020, \u017ar\u00f3d\u0142o: lapidarium detalu.<\/figcaption><\/figure><\/li><li class=\"blocks-gallery-item\"><figure><a href=\"http:\/\/lapidarium.fundacja-hereditas.pl\/wp-content\/uploads\/2021\/08\/aIMG_20201121_133438-768x1024-1.jpg\"><img loading=\"lazy\" decoding=\"async\" width=\"768\" height=\"1024\" src=\"http:\/\/lapidarium.fundacja-hereditas.pl\/wp-content\/uploads\/2021\/08\/aIMG_20201121_133438-768x1024-1.jpg\" alt=\"Okno i strop ostatniej kondygnacji g\u0142\u00f3wnej klatki schodowej. Fot. Katarzyna Komar-Michalczyk, 2020, \u017ar\u00f3d\u0142o: lapidarium detalu.\" data-id=\"1365\" data-full-url=\"http:\/\/lapidarium.fundacja-hereditas.pl\/wp-content\/uploads\/2021\/08\/aIMG_20201121_133438-768x1024-1.jpg\" data-link=\"https:\/\/lapidarium.fundacja-hereditas.pl\/aimg_20201121_133438-768x1024\/\" class=\"wp-image-1365\" srcset=\"http:\/\/lapidarium.fundacja-hereditas.pl\/wp-content\/uploads\/2021\/08\/aIMG_20201121_133438-768x1024-1.jpg 768w, http:\/\/lapidarium.fundacja-hereditas.pl\/wp-content\/uploads\/2021\/08\/aIMG_20201121_133438-768x1024-1-225x300.jpg 225w, http:\/\/lapidarium.fundacja-hereditas.pl\/wp-content\/uploads\/2021\/08\/aIMG_20201121_133438-768x1024-1-150x200.jpg 150w, http:\/\/lapidarium.fundacja-hereditas.pl\/wp-content\/uploads\/2021\/08\/aIMG_20201121_133438-768x1024-1-300x400.jpg 300w, http:\/\/lapidarium.fundacja-hereditas.pl\/wp-content\/uploads\/2021\/08\/aIMG_20201121_133438-768x1024-1-696x928.jpg 696w\" sizes=\"auto, (max-width: 768px) 100vw, 768px\" \/><\/a><figcaption class=\"blocks-gallery-item__caption\">Okno i strop ostatniej kondygnacji g\u0142\u00f3wnej klatki schodowej. Fot. Katarzyna Komar-Michalczyk, 2020, \u017ar\u00f3d\u0142o: lapidarium detalu.<\/figcaption><\/figure><\/li><li class=\"blocks-gallery-item\"><figure><a href=\"http:\/\/lapidarium.fundacja-hereditas.pl\/wp-content\/uploads\/2021\/08\/aIMG_20201121_133926-834x1024-1.jpg\"><img loading=\"lazy\" decoding=\"async\" width=\"834\" height=\"1024\" src=\"http:\/\/lapidarium.fundacja-hereditas.pl\/wp-content\/uploads\/2021\/08\/aIMG_20201121_133926-834x1024-1.jpg\" alt=\"G\u0142\u00f3wna klatka schodowa. Fot. Katarzyna Komar-Michalczyk, 2020, \u017ar\u00f3d\u0142o: lapidarium detalu.\" data-id=\"1367\" data-full-url=\"http:\/\/lapidarium.fundacja-hereditas.pl\/wp-content\/uploads\/2021\/08\/aIMG_20201121_133926-834x1024-1.jpg\" data-link=\"https:\/\/lapidarium.fundacja-hereditas.pl\/aimg_20201121_133926-834x1024\/\" class=\"wp-image-1367\" srcset=\"http:\/\/lapidarium.fundacja-hereditas.pl\/wp-content\/uploads\/2021\/08\/aIMG_20201121_133926-834x1024-1.jpg 834w, http:\/\/lapidarium.fundacja-hereditas.pl\/wp-content\/uploads\/2021\/08\/aIMG_20201121_133926-834x1024-1-244x300.jpg 244w, http:\/\/lapidarium.fundacja-hereditas.pl\/wp-content\/uploads\/2021\/08\/aIMG_20201121_133926-834x1024-1-768x943.jpg 768w, http:\/\/lapidarium.fundacja-hereditas.pl\/wp-content\/uploads\/2021\/08\/aIMG_20201121_133926-834x1024-1-150x184.jpg 150w, http:\/\/lapidarium.fundacja-hereditas.pl\/wp-content\/uploads\/2021\/08\/aIMG_20201121_133926-834x1024-1-300x368.jpg 300w, http:\/\/lapidarium.fundacja-hereditas.pl\/wp-content\/uploads\/2021\/08\/aIMG_20201121_133926-834x1024-1-696x855.jpg 696w\" sizes=\"auto, (max-width: 834px) 100vw, 834px\" \/><\/a><figcaption class=\"blocks-gallery-item__caption\">G\u0142\u00f3wna klatka schodowa. Fot. Katarzyna Komar-Michalczyk, 2020, \u017ar\u00f3d\u0142o: lapidarium detalu.<\/figcaption><\/figure><\/li><li class=\"blocks-gallery-item\"><figure><a href=\"http:\/\/lapidarium.fundacja-hereditas.pl\/wp-content\/uploads\/2021\/08\/aIMG_20201121_133814-714x1024-1.jpg\"><img loading=\"lazy\" decoding=\"async\" width=\"714\" height=\"1024\" src=\"http:\/\/lapidarium.fundacja-hereditas.pl\/wp-content\/uploads\/2021\/08\/aIMG_20201121_133814-714x1024-1.jpg\" alt=\"Supraporta drzwi do mieszkania na g\u0142\u00f3wnej klatce schodowej. Fot. Katarzyna Komar-Michalczyk, 2020, \u017ar\u00f3d\u0142o: lapidarium detalu.\" data-id=\"1366\" data-full-url=\"http:\/\/lapidarium.fundacja-hereditas.pl\/wp-content\/uploads\/2021\/08\/aIMG_20201121_133814-714x1024-1.jpg\" data-link=\"https:\/\/lapidarium.fundacja-hereditas.pl\/aimg_20201121_133814-714x1024\/\" class=\"wp-image-1366\" srcset=\"http:\/\/lapidarium.fundacja-hereditas.pl\/wp-content\/uploads\/2021\/08\/aIMG_20201121_133814-714x1024-1.jpg 714w, http:\/\/lapidarium.fundacja-hereditas.pl\/wp-content\/uploads\/2021\/08\/aIMG_20201121_133814-714x1024-1-209x300.jpg 209w, http:\/\/lapidarium.fundacja-hereditas.pl\/wp-content\/uploads\/2021\/08\/aIMG_20201121_133814-714x1024-1-150x215.jpg 150w, http:\/\/lapidarium.fundacja-hereditas.pl\/wp-content\/uploads\/2021\/08\/aIMG_20201121_133814-714x1024-1-300x430.jpg 300w, http:\/\/lapidarium.fundacja-hereditas.pl\/wp-content\/uploads\/2021\/08\/aIMG_20201121_133814-714x1024-1-696x998.jpg 696w\" sizes=\"auto, (max-width: 714px) 100vw, 714px\" \/><\/a><figcaption class=\"blocks-gallery-item__caption\">Supraporta drzwi do mieszkania na g\u0142\u00f3wnej klatce schodowej. Fot. Katarzyna Komar-Michalczyk, 2020, \u017ar\u00f3d\u0142o: lapidarium detalu.<\/figcaption><\/figure><\/li><li class=\"blocks-gallery-item\"><figure><a href=\"http:\/\/lapidarium.fundacja-hereditas.pl\/wp-content\/uploads\/2021\/08\/DSC01523-768x1024-1.jpg\"><img loading=\"lazy\" decoding=\"async\" width=\"768\" height=\"1024\" src=\"http:\/\/lapidarium.fundacja-hereditas.pl\/wp-content\/uploads\/2021\/08\/DSC01523-768x1024-1.jpg\" alt=\"Balustrada schod\u00f3w g\u0142\u00f3wnej klatki schodowej. Fot. Zbigniew Michalczyk, 2020, \u017ar\u00f3d\u0142o: lapidarium detalu.\" data-id=\"1363\" data-full-url=\"http:\/\/lapidarium.fundacja-hereditas.pl\/wp-content\/uploads\/2021\/08\/DSC01523-768x1024-1.jpg\" data-link=\"https:\/\/lapidarium.fundacja-hereditas.pl\/dsc01523-768x1024\/\" class=\"wp-image-1363\" srcset=\"http:\/\/lapidarium.fundacja-hereditas.pl\/wp-content\/uploads\/2021\/08\/DSC01523-768x1024-1.jpg 768w, http:\/\/lapidarium.fundacja-hereditas.pl\/wp-content\/uploads\/2021\/08\/DSC01523-768x1024-1-225x300.jpg 225w, http:\/\/lapidarium.fundacja-hereditas.pl\/wp-content\/uploads\/2021\/08\/DSC01523-768x1024-1-150x200.jpg 150w, http:\/\/lapidarium.fundacja-hereditas.pl\/wp-content\/uploads\/2021\/08\/DSC01523-768x1024-1-300x400.jpg 300w, http:\/\/lapidarium.fundacja-hereditas.pl\/wp-content\/uploads\/2021\/08\/DSC01523-768x1024-1-696x928.jpg 696w\" sizes=\"auto, (max-width: 768px) 100vw, 768px\" \/><\/a><figcaption class=\"blocks-gallery-item__caption\">Balustrada schod\u00f3w g\u0142\u00f3wnej klatki schodowej. Fot. Zbigniew Michalczyk, 2020, \u017ar\u00f3d\u0142o: lapidarium detalu.<\/figcaption><\/figure><\/li><\/ul><\/figure>\n","protected":false},"excerpt":{"rendered":"<p>Kamienica ul. Szpitalna 5. Kamienica wzniesiona jako trzypi\u0119trowa w l. 1879-80.<\/p>\n","protected":false},"author":2,"featured_media":1362,"comment_status":"open","ping_status":"open","sticky":false,"template":"","format":"standard","meta":{"footnotes":""},"categories":[23,4],"tags":[],"class_list":{"0":"post-2380","1":"post","2":"type-post","3":"status-publish","4":"format-standard","5":"has-post-thumbnail","7":"category-szpitalna","8":"category-warszawa"},"_links":{"self":[{"href":"http:\/\/lapidarium.fundacja-hereditas.pl\/index.php\/wp-json\/wp\/v2\/posts\/2380","targetHints":{"allow":["GET"]}}],"collection":[{"href":"http:\/\/lapidarium.fundacja-hereditas.pl\/index.php\/wp-json\/wp\/v2\/posts"}],"about":[{"href":"http:\/\/lapidarium.fundacja-hereditas.pl\/index.php\/wp-json\/wp\/v2\/types\/post"}],"author":[{"embeddable":true,"href":"http:\/\/lapidarium.fundacja-hereditas.pl\/index.php\/wp-json\/wp\/v2\/users\/2"}],"replies":[{"embeddable":true,"href":"http:\/\/lapidarium.fundacja-hereditas.pl\/index.php\/wp-json\/wp\/v2\/comments?post=2380"}],"version-history":[{"count":5,"href":"http:\/\/lapidarium.fundacja-hereditas.pl\/index.php\/wp-json\/wp\/v2\/posts\/2380\/revisions"}],"predecessor-version":[{"id":5523,"href":"http:\/\/lapidarium.fundacja-hereditas.pl\/index.php\/wp-json\/wp\/v2\/posts\/2380\/revisions\/5523"}],"wp:featuredmedia":[{"embeddable":true,"href":"http:\/\/lapidarium.fundacja-hereditas.pl\/index.php\/wp-json\/wp\/v2\/media\/1362"}],"wp:attachment":[{"href":"http:\/\/lapidarium.fundacja-hereditas.pl\/index.php\/wp-json\/wp\/v2\/media?parent=2380"}],"wp:term":[{"taxonomy":"category","embeddable":true,"href":"http:\/\/lapidarium.fundacja-hereditas.pl\/index.php\/wp-json\/wp\/v2\/categories?post=2380"},{"taxonomy":"post_tag","embeddable":true,"href":"http:\/\/lapidarium.fundacja-hereditas.pl\/index.php\/wp-json\/wp\/v2\/tags?post=2380"}],"curies":[{"name":"wp","href":"https:\/\/api.w.org\/{rel}","templated":true}]}}