{"id":2359,"date":"2021-08-28T23:26:22","date_gmt":"2021-08-28T21:26:22","guid":{"rendered":"https:\/\/lapidarium.fundacja-hereditas.pl\/?p=2359"},"modified":"2021-10-26T18:32:57","modified_gmt":"2021-10-26T16:32:57","slug":"kamienica-ul-krucza-13-ul-wilcza-17","status":"publish","type":"post","link":"http:\/\/lapidarium.fundacja-hereditas.pl\/index.php\/2021\/08\/28\/kamienica-ul-krucza-13-ul-wilcza-17\/","title":{"rendered":"Kamienica Stanis\u0142awa Siehena ul. Krucza 47a, Warszawa"},"content":{"rendered":"\n<p>Kamienica wzniesiona w latach ok. 1902-1903. Budynek frontowy czteropi\u0119trowy, dwutraktowy. Oficyny poprzeczna i tylna jednotraktowe. Elewacja frontowa pozbawiona po 1949 r. wystroju, ten zachowa\u0142 si\u0119 jednak \u2013 fragmentarycznie \u2013 na elewacjach oficyn (m.in. dekoracje wok\u00f3\u0142 otwor\u00f3w okiennych, \u017celiwne konsole balkon\u00f3w). Na klatkach schodowych zachowany detal: stolarka drzwiowa i okienna, supraporty, posadzki (ceramiczne\/cementowe), balustrady schod\u00f3w. [z wykorzystaniem informacji z: J. Zieli\u0144ski, Atlas dawnej architektury ulic i plac\u00f3w Warszawy, t. 8, Warszawa 2002]<\/p>\n\n\n\n<figure class=\"wp-block-gallery columns-3 is-cropped wp-block-gallery-1 is-layout-flex wp-block-gallery-is-layout-flex\"><ul class=\"blocks-gallery-grid\"><li class=\"blocks-gallery-item\"><figure><a href=\"http:\/\/lapidarium.fundacja-hereditas.pl\/wp-content\/uploads\/2021\/08\/aPSX_20210109_181643-1024x925-1.jpg\"><img loading=\"lazy\" decoding=\"async\" width=\"1024\" height=\"925\" src=\"http:\/\/lapidarium.fundacja-hereditas.pl\/wp-content\/uploads\/2021\/08\/aPSX_20210109_181643-1024x925-1.jpg\" alt=\"Elewacja frontowa., \u017ar\u00f3d\u0142o: lapidarium detalu.\" data-id=\"1230\" data-full-url=\"http:\/\/lapidarium.fundacja-hereditas.pl\/wp-content\/uploads\/2021\/08\/aPSX_20210109_181643-1024x925-1.jpg\" data-link=\"https:\/\/lapidarium.fundacja-hereditas.pl\/apsx_20210109_181643-1024x925\/\" class=\"wp-image-1230\" srcset=\"http:\/\/lapidarium.fundacja-hereditas.pl\/wp-content\/uploads\/2021\/08\/aPSX_20210109_181643-1024x925-1.jpg 1024w, http:\/\/lapidarium.fundacja-hereditas.pl\/wp-content\/uploads\/2021\/08\/aPSX_20210109_181643-1024x925-1-300x271.jpg 300w, http:\/\/lapidarium.fundacja-hereditas.pl\/wp-content\/uploads\/2021\/08\/aPSX_20210109_181643-1024x925-1-768x694.jpg 768w, http:\/\/lapidarium.fundacja-hereditas.pl\/wp-content\/uploads\/2021\/08\/aPSX_20210109_181643-1024x925-1-150x135.jpg 150w, http:\/\/lapidarium.fundacja-hereditas.pl\/wp-content\/uploads\/2021\/08\/aPSX_20210109_181643-1024x925-1-696x629.jpg 696w\" sizes=\"auto, (max-width: 1024px) 100vw, 1024px\" \/><\/a><figcaption class=\"blocks-gallery-item__caption\">Elewacja frontowa., \u017ar\u00f3d\u0142o: lapidarium detalu.<\/figcaption><\/figure><\/li><li class=\"blocks-gallery-item\"><figure><a href=\"http:\/\/lapidarium.fundacja-hereditas.pl\/wp-content\/uploads\/2021\/08\/DSC09277a-768x1024-1.jpg\"><img loading=\"lazy\" decoding=\"async\" width=\"768\" height=\"1024\" src=\"http:\/\/lapidarium.fundacja-hereditas.pl\/wp-content\/uploads\/2021\/08\/DSC09277a-768x1024-1.jpg\" alt=\"Przejazd bramny, odb\u00f3j wylotowy prawy. Fot. Katarzyna Komar-Michalczyk, 2020, \u017ar\u00f3d\u0142o: lapidarium detalu.\" data-id=\"1260\" data-full-url=\"http:\/\/lapidarium.fundacja-hereditas.pl\/wp-content\/uploads\/2021\/08\/DSC09277a-768x1024-1.jpg\" data-link=\"https:\/\/lapidarium.fundacja-hereditas.pl\/dsc09277a-768x1024\/\" class=\"wp-image-1260\" srcset=\"http:\/\/lapidarium.fundacja-hereditas.pl\/wp-content\/uploads\/2021\/08\/DSC09277a-768x1024-1.jpg 768w, http:\/\/lapidarium.fundacja-hereditas.pl\/wp-content\/uploads\/2021\/08\/DSC09277a-768x1024-1-225x300.jpg 225w, http:\/\/lapidarium.fundacja-hereditas.pl\/wp-content\/uploads\/2021\/08\/DSC09277a-768x1024-1-150x200.jpg 150w, http:\/\/lapidarium.fundacja-hereditas.pl\/wp-content\/uploads\/2021\/08\/DSC09277a-768x1024-1-300x400.jpg 300w, http:\/\/lapidarium.fundacja-hereditas.pl\/wp-content\/uploads\/2021\/08\/DSC09277a-768x1024-1-696x928.jpg 696w\" sizes=\"auto, (max-width: 768px) 100vw, 768px\" \/><\/a><figcaption class=\"blocks-gallery-item__caption\">Przejazd bramny, odb\u00f3j wylotowy prawy. Fot. Katarzyna Komar-Michalczyk, 2020, \u017ar\u00f3d\u0142o: lapidarium detalu.<\/figcaption><\/figure><\/li><li class=\"blocks-gallery-item\"><figure><a href=\"http:\/\/lapidarium.fundacja-hereditas.pl\/wp-content\/uploads\/2021\/08\/DSC09268a-1024x768-1.jpg\"><img loading=\"lazy\" decoding=\"async\" width=\"1024\" height=\"768\" src=\"http:\/\/lapidarium.fundacja-hereditas.pl\/wp-content\/uploads\/2021\/08\/DSC09268a-1024x768-1.jpg\" alt=\"Elewacje podw\u00f3rzowe frontu i dw\u00f3ch oficyn. Fot. Katarzyna Komar-Michalczyk, 2020, \u017ar\u00f3d\u0142o: lapidarium detalu.\" data-id=\"1252\" data-full-url=\"http:\/\/lapidarium.fundacja-hereditas.pl\/wp-content\/uploads\/2021\/08\/DSC09268a-1024x768-1.jpg\" data-link=\"https:\/\/lapidarium.fundacja-hereditas.pl\/dsc09268a-1024x768\/\" class=\"wp-image-1252\" srcset=\"http:\/\/lapidarium.fundacja-hereditas.pl\/wp-content\/uploads\/2021\/08\/DSC09268a-1024x768-1.jpg 1024w, http:\/\/lapidarium.fundacja-hereditas.pl\/wp-content\/uploads\/2021\/08\/DSC09268a-1024x768-1-300x225.jpg 300w, http:\/\/lapidarium.fundacja-hereditas.pl\/wp-content\/uploads\/2021\/08\/DSC09268a-1024x768-1-768x576.jpg 768w, http:\/\/lapidarium.fundacja-hereditas.pl\/wp-content\/uploads\/2021\/08\/DSC09268a-1024x768-1-150x113.jpg 150w, http:\/\/lapidarium.fundacja-hereditas.pl\/wp-content\/uploads\/2021\/08\/DSC09268a-1024x768-1-696x522.jpg 696w\" sizes=\"auto, (max-width: 1024px) 100vw, 1024px\" \/><\/a><figcaption class=\"blocks-gallery-item__caption\">Elewacje podw\u00f3rzowe frontu i dw\u00f3ch oficyn. Fot. Katarzyna Komar-Michalczyk, 2020, \u017ar\u00f3d\u0142o: lapidarium detalu.<\/figcaption><\/figure><\/li><li class=\"blocks-gallery-item\"><figure><a href=\"http:\/\/lapidarium.fundacja-hereditas.pl\/wp-content\/uploads\/2021\/08\/DSC09267a-768x1024-1.jpg\"><img loading=\"lazy\" decoding=\"async\" width=\"768\" height=\"1024\" src=\"http:\/\/lapidarium.fundacja-hereditas.pl\/wp-content\/uploads\/2021\/08\/DSC09267a-768x1024-1.jpg\" alt=\"Elewacje podw\u00f3rzowe. Fot. Katarzyna Komar-Michalczyk, 2020, \u017ar\u00f3d\u0142o: lapidarium detalu.\" data-id=\"1251\" data-full-url=\"http:\/\/lapidarium.fundacja-hereditas.pl\/wp-content\/uploads\/2021\/08\/DSC09267a-768x1024-1.jpg\" data-link=\"https:\/\/lapidarium.fundacja-hereditas.pl\/dsc09267a-768x1024\/\" class=\"wp-image-1251\" srcset=\"http:\/\/lapidarium.fundacja-hereditas.pl\/wp-content\/uploads\/2021\/08\/DSC09267a-768x1024-1.jpg 768w, http:\/\/lapidarium.fundacja-hereditas.pl\/wp-content\/uploads\/2021\/08\/DSC09267a-768x1024-1-225x300.jpg 225w, http:\/\/lapidarium.fundacja-hereditas.pl\/wp-content\/uploads\/2021\/08\/DSC09267a-768x1024-1-150x200.jpg 150w, http:\/\/lapidarium.fundacja-hereditas.pl\/wp-content\/uploads\/2021\/08\/DSC09267a-768x1024-1-300x400.jpg 300w, http:\/\/lapidarium.fundacja-hereditas.pl\/wp-content\/uploads\/2021\/08\/DSC09267a-768x1024-1-696x928.jpg 696w\" sizes=\"auto, (max-width: 768px) 100vw, 768px\" \/><\/a><figcaption class=\"blocks-gallery-item__caption\">Elewacje podw\u00f3rzowe. Fot. Katarzyna Komar-Michalczyk, 2020, \u017ar\u00f3d\u0142o: lapidarium detalu.<\/figcaption><\/figure><\/li><li class=\"blocks-gallery-item\"><figure><a href=\"http:\/\/lapidarium.fundacja-hereditas.pl\/wp-content\/uploads\/2021\/08\/DSC09272a-768x1024-1.jpg\"><img loading=\"lazy\" decoding=\"async\" width=\"768\" height=\"1024\" src=\"http:\/\/lapidarium.fundacja-hereditas.pl\/wp-content\/uploads\/2021\/08\/DSC09272a-768x1024-1.jpg\" alt=\"Elewacje podw\u00f3rzowe. Fot. Katarzyna Komar-Michalczyk, 2020, \u017ar\u00f3d\u0142o: lapidarium detalu.\" data-id=\"1255\" data-full-url=\"http:\/\/lapidarium.fundacja-hereditas.pl\/wp-content\/uploads\/2021\/08\/DSC09272a-768x1024-1.jpg\" data-link=\"https:\/\/lapidarium.fundacja-hereditas.pl\/dsc09272a-768x1024\/\" class=\"wp-image-1255\" srcset=\"http:\/\/lapidarium.fundacja-hereditas.pl\/wp-content\/uploads\/2021\/08\/DSC09272a-768x1024-1.jpg 768w, http:\/\/lapidarium.fundacja-hereditas.pl\/wp-content\/uploads\/2021\/08\/DSC09272a-768x1024-1-225x300.jpg 225w, http:\/\/lapidarium.fundacja-hereditas.pl\/wp-content\/uploads\/2021\/08\/DSC09272a-768x1024-1-150x200.jpg 150w, http:\/\/lapidarium.fundacja-hereditas.pl\/wp-content\/uploads\/2021\/08\/DSC09272a-768x1024-1-300x400.jpg 300w, http:\/\/lapidarium.fundacja-hereditas.pl\/wp-content\/uploads\/2021\/08\/DSC09272a-768x1024-1-696x928.jpg 696w\" sizes=\"auto, (max-width: 768px) 100vw, 768px\" \/><\/a><figcaption class=\"blocks-gallery-item__caption\">Elewacje podw\u00f3rzowe. Fot. Katarzyna Komar-Michalczyk, 2020, \u017ar\u00f3d\u0142o: lapidarium detalu.<\/figcaption><\/figure><\/li><li class=\"blocks-gallery-item\"><figure><a href=\"http:\/\/lapidarium.fundacja-hereditas.pl\/wp-content\/uploads\/2021\/08\/DSC09243-1024x768-1.jpg\"><img loading=\"lazy\" decoding=\"async\" width=\"1024\" height=\"768\" src=\"http:\/\/lapidarium.fundacja-hereditas.pl\/wp-content\/uploads\/2021\/08\/DSC09243-1024x768-1.jpg\" alt=\"Elewacje podw\u00f3rzowe frontu i oficyny bocznej. Fot. Katarzyna Komar-Michalczyk, 2020, \u017ar\u00f3d\u0142o: lapidarium detalu.\" data-id=\"1234\" data-full-url=\"http:\/\/lapidarium.fundacja-hereditas.pl\/wp-content\/uploads\/2021\/08\/DSC09243-1024x768-1.jpg\" data-link=\"https:\/\/lapidarium.fundacja-hereditas.pl\/dsc09243-1024x768\/\" class=\"wp-image-1234\" srcset=\"http:\/\/lapidarium.fundacja-hereditas.pl\/wp-content\/uploads\/2021\/08\/DSC09243-1024x768-1.jpg 1024w, http:\/\/lapidarium.fundacja-hereditas.pl\/wp-content\/uploads\/2021\/08\/DSC09243-1024x768-1-300x225.jpg 300w, http:\/\/lapidarium.fundacja-hereditas.pl\/wp-content\/uploads\/2021\/08\/DSC09243-1024x768-1-768x576.jpg 768w, http:\/\/lapidarium.fundacja-hereditas.pl\/wp-content\/uploads\/2021\/08\/DSC09243-1024x768-1-150x113.jpg 150w, http:\/\/lapidarium.fundacja-hereditas.pl\/wp-content\/uploads\/2021\/08\/DSC09243-1024x768-1-696x522.jpg 696w\" sizes=\"auto, (max-width: 1024px) 100vw, 1024px\" \/><\/a><figcaption class=\"blocks-gallery-item__caption\">Elewacje podw\u00f3rzowe frontu i oficyny bocznej. Fot. Katarzyna Komar-Michalczyk, 2020, \u017ar\u00f3d\u0142o: lapidarium detalu.<\/figcaption><\/figure><\/li><li class=\"blocks-gallery-item\"><figure><a href=\"http:\/\/lapidarium.fundacja-hereditas.pl\/wp-content\/uploads\/2021\/08\/DSC09271a-768x1024-1.jpg\"><img loading=\"lazy\" decoding=\"async\" width=\"768\" height=\"1024\" src=\"http:\/\/lapidarium.fundacja-hereditas.pl\/wp-content\/uploads\/2021\/08\/DSC09271a-768x1024-1.jpg\" alt=\"Fragm. \u015bciany \u2013 relikt przyleg\u0142ej kamienicy. Fot. Katarzyna Komar-Michalczyk, 2020, \u017ar\u00f3d\u0142o: lapidarium detalu.\" data-id=\"1254\" data-full-url=\"http:\/\/lapidarium.fundacja-hereditas.pl\/wp-content\/uploads\/2021\/08\/DSC09271a-768x1024-1.jpg\" data-link=\"https:\/\/lapidarium.fundacja-hereditas.pl\/dsc09271a-768x1024\/\" class=\"wp-image-1254\" srcset=\"http:\/\/lapidarium.fundacja-hereditas.pl\/wp-content\/uploads\/2021\/08\/DSC09271a-768x1024-1.jpg 768w, http:\/\/lapidarium.fundacja-hereditas.pl\/wp-content\/uploads\/2021\/08\/DSC09271a-768x1024-1-225x300.jpg 225w, http:\/\/lapidarium.fundacja-hereditas.pl\/wp-content\/uploads\/2021\/08\/DSC09271a-768x1024-1-150x200.jpg 150w, http:\/\/lapidarium.fundacja-hereditas.pl\/wp-content\/uploads\/2021\/08\/DSC09271a-768x1024-1-300x400.jpg 300w, http:\/\/lapidarium.fundacja-hereditas.pl\/wp-content\/uploads\/2021\/08\/DSC09271a-768x1024-1-696x928.jpg 696w\" sizes=\"auto, (max-width: 768px) 100vw, 768px\" \/><\/a><figcaption class=\"blocks-gallery-item__caption\">Fragm. \u015bciany \u2013 relikt przyleg\u0142ej kamienicy. Fot. Katarzyna Komar-Michalczyk, 2020, \u017ar\u00f3d\u0142o: lapidarium detalu.<\/figcaption><\/figure><\/li><li class=\"blocks-gallery-item\"><figure><a href=\"http:\/\/lapidarium.fundacja-hereditas.pl\/wp-content\/uploads\/2021\/08\/Krucza_47_A_Luc_Mar_2020-09-26_oficyna_zach_02_-1024x768-1.jpg\"><img loading=\"lazy\" decoding=\"async\" width=\"1024\" height=\"768\" src=\"http:\/\/lapidarium.fundacja-hereditas.pl\/wp-content\/uploads\/2021\/08\/Krucza_47_A_Luc_Mar_2020-09-26_oficyna_zach_02_-1024x768-1.jpg\" alt=\"Elewacja podw\u00f3rzowa oficyny poprzecznej. Fot. \u0141ucja Marcinkowska, 2020, \u017ar\u00f3d\u0142o: lapidarium detalu.\" data-id=\"1209\" data-full-url=\"http:\/\/lapidarium.fundacja-hereditas.pl\/wp-content\/uploads\/2021\/08\/Krucza_47_A_Luc_Mar_2020-09-26_oficyna_zach_02_-1024x768-1.jpg\" data-link=\"https:\/\/lapidarium.fundacja-hereditas.pl\/krucza_47_a_luc_mar_2020-09-26_oficyna_zach_02_-1024x768\/\" class=\"wp-image-1209\" srcset=\"http:\/\/lapidarium.fundacja-hereditas.pl\/wp-content\/uploads\/2021\/08\/Krucza_47_A_Luc_Mar_2020-09-26_oficyna_zach_02_-1024x768-1.jpg 1024w, http:\/\/lapidarium.fundacja-hereditas.pl\/wp-content\/uploads\/2021\/08\/Krucza_47_A_Luc_Mar_2020-09-26_oficyna_zach_02_-1024x768-1-300x225.jpg 300w, http:\/\/lapidarium.fundacja-hereditas.pl\/wp-content\/uploads\/2021\/08\/Krucza_47_A_Luc_Mar_2020-09-26_oficyna_zach_02_-1024x768-1-768x576.jpg 768w, http:\/\/lapidarium.fundacja-hereditas.pl\/wp-content\/uploads\/2021\/08\/Krucza_47_A_Luc_Mar_2020-09-26_oficyna_zach_02_-1024x768-1-150x113.jpg 150w, http:\/\/lapidarium.fundacja-hereditas.pl\/wp-content\/uploads\/2021\/08\/Krucza_47_A_Luc_Mar_2020-09-26_oficyna_zach_02_-1024x768-1-696x522.jpg 696w\" sizes=\"auto, (max-width: 1024px) 100vw, 1024px\" \/><\/a><figcaption class=\"blocks-gallery-item__caption\">Elewacja podw\u00f3rzowa oficyny poprzecznej. Fot. \u0141ucja Marcinkowska, 2020, \u017ar\u00f3d\u0142o: lapidarium detalu.<\/figcaption><\/figure><\/li><li class=\"blocks-gallery-item\"><figure><a href=\"http:\/\/lapidarium.fundacja-hereditas.pl\/wp-content\/uploads\/2021\/08\/Krucza_47_A_Luc_Mar_2020-09-26_oficyna_pld_01_-768x1024-1.jpg\"><img loading=\"lazy\" decoding=\"async\" width=\"768\" height=\"1024\" src=\"http:\/\/lapidarium.fundacja-hereditas.pl\/wp-content\/uploads\/2021\/08\/Krucza_47_A_Luc_Mar_2020-09-26_oficyna_pld_01_-768x1024-1.jpg\" alt=\"Elewacja oficyny bocznej. Fot. \u0141ucja Marcinkowska, 2020, \u017ar\u00f3d\u0142o: lapidarium detalu.\" data-id=\"1206\" data-full-url=\"http:\/\/lapidarium.fundacja-hereditas.pl\/wp-content\/uploads\/2021\/08\/Krucza_47_A_Luc_Mar_2020-09-26_oficyna_pld_01_-768x1024-1.jpg\" data-link=\"https:\/\/lapidarium.fundacja-hereditas.pl\/krucza_47_a_luc_mar_2020-09-26_oficyna_pld_01_-768x1024\/\" class=\"wp-image-1206\" srcset=\"http:\/\/lapidarium.fundacja-hereditas.pl\/wp-content\/uploads\/2021\/08\/Krucza_47_A_Luc_Mar_2020-09-26_oficyna_pld_01_-768x1024-1.jpg 768w, http:\/\/lapidarium.fundacja-hereditas.pl\/wp-content\/uploads\/2021\/08\/Krucza_47_A_Luc_Mar_2020-09-26_oficyna_pld_01_-768x1024-1-225x300.jpg 225w, http:\/\/lapidarium.fundacja-hereditas.pl\/wp-content\/uploads\/2021\/08\/Krucza_47_A_Luc_Mar_2020-09-26_oficyna_pld_01_-768x1024-1-150x200.jpg 150w, http:\/\/lapidarium.fundacja-hereditas.pl\/wp-content\/uploads\/2021\/08\/Krucza_47_A_Luc_Mar_2020-09-26_oficyna_pld_01_-768x1024-1-300x400.jpg 300w, http:\/\/lapidarium.fundacja-hereditas.pl\/wp-content\/uploads\/2021\/08\/Krucza_47_A_Luc_Mar_2020-09-26_oficyna_pld_01_-768x1024-1-696x928.jpg 696w\" sizes=\"auto, (max-width: 768px) 100vw, 768px\" \/><\/a><figcaption class=\"blocks-gallery-item__caption\">Elewacja oficyny bocznej. Fot. \u0141ucja Marcinkowska, 2020, \u017ar\u00f3d\u0142o: lapidarium detalu.<\/figcaption><\/figure><\/li><li class=\"blocks-gallery-item\"><figure><a href=\"http:\/\/lapidarium.fundacja-hereditas.pl\/wp-content\/uploads\/2021\/08\/Krucza_47_A_Luc_Mar_2020-09-26_oficyna_zach_01_-781x1024-1.jpg\"><img loading=\"lazy\" decoding=\"async\" width=\"781\" height=\"1024\" src=\"http:\/\/lapidarium.fundacja-hereditas.pl\/wp-content\/uploads\/2021\/08\/Krucza_47_A_Luc_Mar_2020-09-26_oficyna_zach_01_-781x1024-1.jpg\" alt=\"Elewacja podw\u00f3rzowa oficyny poprzecznej. Fot. \u0141ucja Marcinkowska, 2020, \u017ar\u00f3d\u0142o: lapidarium detalu.\" data-id=\"1208\" data-full-url=\"http:\/\/lapidarium.fundacja-hereditas.pl\/wp-content\/uploads\/2021\/08\/Krucza_47_A_Luc_Mar_2020-09-26_oficyna_zach_01_-781x1024-1.jpg\" data-link=\"https:\/\/lapidarium.fundacja-hereditas.pl\/krucza_47_a_luc_mar_2020-09-26_oficyna_zach_01_-781x1024\/\" class=\"wp-image-1208\" srcset=\"http:\/\/lapidarium.fundacja-hereditas.pl\/wp-content\/uploads\/2021\/08\/Krucza_47_A_Luc_Mar_2020-09-26_oficyna_zach_01_-781x1024-1.jpg 781w, http:\/\/lapidarium.fundacja-hereditas.pl\/wp-content\/uploads\/2021\/08\/Krucza_47_A_Luc_Mar_2020-09-26_oficyna_zach_01_-781x1024-1-229x300.jpg 229w, http:\/\/lapidarium.fundacja-hereditas.pl\/wp-content\/uploads\/2021\/08\/Krucza_47_A_Luc_Mar_2020-09-26_oficyna_zach_01_-781x1024-1-768x1007.jpg 768w, http:\/\/lapidarium.fundacja-hereditas.pl\/wp-content\/uploads\/2021\/08\/Krucza_47_A_Luc_Mar_2020-09-26_oficyna_zach_01_-781x1024-1-150x197.jpg 150w, http:\/\/lapidarium.fundacja-hereditas.pl\/wp-content\/uploads\/2021\/08\/Krucza_47_A_Luc_Mar_2020-09-26_oficyna_zach_01_-781x1024-1-300x393.jpg 300w, http:\/\/lapidarium.fundacja-hereditas.pl\/wp-content\/uploads\/2021\/08\/Krucza_47_A_Luc_Mar_2020-09-26_oficyna_zach_01_-781x1024-1-696x913.jpg 696w\" sizes=\"auto, (max-width: 781px) 100vw, 781px\" \/><\/a><figcaption class=\"blocks-gallery-item__caption\">Elewacja podw\u00f3rzowa oficyny poprzecznej. Fot. \u0141ucja Marcinkowska, 2020, \u017ar\u00f3d\u0142o: lapidarium detalu.<\/figcaption><\/figure><\/li><li class=\"blocks-gallery-item\"><figure><a href=\"http:\/\/lapidarium.fundacja-hereditas.pl\/wp-content\/uploads\/2021\/08\/Krucza_47_A_Rob_Mar_2020-09-26_Podworze_12_-763x1024-1.jpg\"><img loading=\"lazy\" decoding=\"async\" width=\"763\" height=\"1024\" src=\"http:\/\/lapidarium.fundacja-hereditas.pl\/wp-content\/uploads\/2021\/08\/Krucza_47_A_Rob_Mar_2020-09-26_Podworze_12_-763x1024-1.jpg\" alt=\"Okno, elewacja podw\u00f3rzowa. Fot. Robert Marcinkowski, 2020, \u017ar\u00f3d\u0142o: lapidarium detalu.\" data-id=\"1226\" data-full-url=\"http:\/\/lapidarium.fundacja-hereditas.pl\/wp-content\/uploads\/2021\/08\/Krucza_47_A_Rob_Mar_2020-09-26_Podworze_12_-763x1024-1.jpg\" data-link=\"https:\/\/lapidarium.fundacja-hereditas.pl\/krucza_47_a_rob_mar_2020-09-26_podworze_12_-763x1024\/\" class=\"wp-image-1226\" srcset=\"http:\/\/lapidarium.fundacja-hereditas.pl\/wp-content\/uploads\/2021\/08\/Krucza_47_A_Rob_Mar_2020-09-26_Podworze_12_-763x1024-1.jpg 763w, http:\/\/lapidarium.fundacja-hereditas.pl\/wp-content\/uploads\/2021\/08\/Krucza_47_A_Rob_Mar_2020-09-26_Podworze_12_-763x1024-1-224x300.jpg 224w, http:\/\/lapidarium.fundacja-hereditas.pl\/wp-content\/uploads\/2021\/08\/Krucza_47_A_Rob_Mar_2020-09-26_Podworze_12_-763x1024-1-150x201.jpg 150w, http:\/\/lapidarium.fundacja-hereditas.pl\/wp-content\/uploads\/2021\/08\/Krucza_47_A_Rob_Mar_2020-09-26_Podworze_12_-763x1024-1-300x403.jpg 300w, http:\/\/lapidarium.fundacja-hereditas.pl\/wp-content\/uploads\/2021\/08\/Krucza_47_A_Rob_Mar_2020-09-26_Podworze_12_-763x1024-1-696x934.jpg 696w\" sizes=\"auto, (max-width: 763px) 100vw, 763px\" \/><\/a><figcaption class=\"blocks-gallery-item__caption\">Okno, elewacja podw\u00f3rzowa. Fot. Robert Marcinkowski, 2020, \u017ar\u00f3d\u0142o: lapidarium detalu.<\/figcaption><\/figure><\/li><li class=\"blocks-gallery-item\"><figure><a href=\"http:\/\/lapidarium.fundacja-hereditas.pl\/wp-content\/uploads\/2021\/08\/Krucza_47_A_Rob_Mar_2020-09-26_Podworze_08_-1024x797-1.jpg\"><img loading=\"lazy\" decoding=\"async\" width=\"1024\" height=\"797\" src=\"http:\/\/lapidarium.fundacja-hereditas.pl\/wp-content\/uploads\/2021\/08\/Krucza_47_A_Rob_Mar_2020-09-26_Podworze_08_-1024x797-1.jpg\" alt=\"Balkon, elewacja podw\u00f3rzowa. Fot. Robert Marcinkowski, 2020, \u017ar\u00f3d\u0142o: lapidarium detalu.\" data-id=\"1224\" data-full-url=\"http:\/\/lapidarium.fundacja-hereditas.pl\/wp-content\/uploads\/2021\/08\/Krucza_47_A_Rob_Mar_2020-09-26_Podworze_08_-1024x797-1.jpg\" data-link=\"https:\/\/lapidarium.fundacja-hereditas.pl\/krucza_47_a_rob_mar_2020-09-26_podworze_08_-1024x797\/\" class=\"wp-image-1224\" srcset=\"http:\/\/lapidarium.fundacja-hereditas.pl\/wp-content\/uploads\/2021\/08\/Krucza_47_A_Rob_Mar_2020-09-26_Podworze_08_-1024x797-1.jpg 1024w, http:\/\/lapidarium.fundacja-hereditas.pl\/wp-content\/uploads\/2021\/08\/Krucza_47_A_Rob_Mar_2020-09-26_Podworze_08_-1024x797-1-300x233.jpg 300w, http:\/\/lapidarium.fundacja-hereditas.pl\/wp-content\/uploads\/2021\/08\/Krucza_47_A_Rob_Mar_2020-09-26_Podworze_08_-1024x797-1-768x598.jpg 768w, http:\/\/lapidarium.fundacja-hereditas.pl\/wp-content\/uploads\/2021\/08\/Krucza_47_A_Rob_Mar_2020-09-26_Podworze_08_-1024x797-1-150x117.jpg 150w, http:\/\/lapidarium.fundacja-hereditas.pl\/wp-content\/uploads\/2021\/08\/Krucza_47_A_Rob_Mar_2020-09-26_Podworze_08_-1024x797-1-696x542.jpg 696w\" sizes=\"auto, (max-width: 1024px) 100vw, 1024px\" \/><\/a><figcaption class=\"blocks-gallery-item__caption\">Balkon, elewacja podw\u00f3rzowa. Fot. Robert Marcinkowski, 2020, \u017ar\u00f3d\u0142o: lapidarium detalu.<\/figcaption><\/figure><\/li><li class=\"blocks-gallery-item\"><figure><a href=\"http:\/\/lapidarium.fundacja-hereditas.pl\/wp-content\/uploads\/2021\/08\/Krucza_47_A_Luc_Mar_2020-09-26_kat_pld_wsch_02_-1024x772-1.jpg\"><img loading=\"lazy\" decoding=\"async\" width=\"1024\" height=\"772\" src=\"http:\/\/lapidarium.fundacja-hereditas.pl\/wp-content\/uploads\/2021\/08\/Krucza_47_A_Luc_Mar_2020-09-26_kat_pld_wsch_02_-1024x772-1.jpg\" alt=\"Balkon, elewacja podw\u00f3rzowa. Fot. \u0141ucja Marcinkowska, 2020, \u017ar\u00f3d\u0142o: lapidarium detalu.\" data-id=\"1201\" data-full-url=\"http:\/\/lapidarium.fundacja-hereditas.pl\/wp-content\/uploads\/2021\/08\/Krucza_47_A_Luc_Mar_2020-09-26_kat_pld_wsch_02_-1024x772-1.jpg\" data-link=\"https:\/\/lapidarium.fundacja-hereditas.pl\/krucza_47_a_luc_mar_2020-09-26_kat_pld_wsch_02_-1024x772\/\" class=\"wp-image-1201\" srcset=\"http:\/\/lapidarium.fundacja-hereditas.pl\/wp-content\/uploads\/2021\/08\/Krucza_47_A_Luc_Mar_2020-09-26_kat_pld_wsch_02_-1024x772-1.jpg 1024w, http:\/\/lapidarium.fundacja-hereditas.pl\/wp-content\/uploads\/2021\/08\/Krucza_47_A_Luc_Mar_2020-09-26_kat_pld_wsch_02_-1024x772-1-300x226.jpg 300w, http:\/\/lapidarium.fundacja-hereditas.pl\/wp-content\/uploads\/2021\/08\/Krucza_47_A_Luc_Mar_2020-09-26_kat_pld_wsch_02_-1024x772-1-768x579.jpg 768w, http:\/\/lapidarium.fundacja-hereditas.pl\/wp-content\/uploads\/2021\/08\/Krucza_47_A_Luc_Mar_2020-09-26_kat_pld_wsch_02_-1024x772-1-150x113.jpg 150w, http:\/\/lapidarium.fundacja-hereditas.pl\/wp-content\/uploads\/2021\/08\/Krucza_47_A_Luc_Mar_2020-09-26_kat_pld_wsch_02_-1024x772-1-696x525.jpg 696w\" sizes=\"auto, (max-width: 1024px) 100vw, 1024px\" \/><\/a><figcaption class=\"blocks-gallery-item__caption\">Balkon, elewacja podw\u00f3rzowa. Fot. \u0141ucja Marcinkowska, 2020, \u017ar\u00f3d\u0142o: lapidarium detalu.<\/figcaption><\/figure><\/li><li class=\"blocks-gallery-item\"><figure><a href=\"http:\/\/lapidarium.fundacja-hereditas.pl\/wp-content\/uploads\/2021\/08\/DSC09265a-1024x768-1.jpg\"><img loading=\"lazy\" decoding=\"async\" width=\"1024\" height=\"768\" src=\"http:\/\/lapidarium.fundacja-hereditas.pl\/wp-content\/uploads\/2021\/08\/DSC09265a-1024x768-1.jpg\" alt=\"Balkon, elewacja podw\u00f3rzowa oficyny poprzecznej (zach.). Fot. Katarzyna Komar-Michalczyk, 2020, \u017ar\u00f3d\u0142o: lapidarium detalu.\" data-id=\"1249\" data-full-url=\"http:\/\/lapidarium.fundacja-hereditas.pl\/wp-content\/uploads\/2021\/08\/DSC09265a-1024x768-1.jpg\" data-link=\"https:\/\/lapidarium.fundacja-hereditas.pl\/dsc09265a-1024x768\/\" class=\"wp-image-1249\" srcset=\"http:\/\/lapidarium.fundacja-hereditas.pl\/wp-content\/uploads\/2021\/08\/DSC09265a-1024x768-1.jpg 1024w, http:\/\/lapidarium.fundacja-hereditas.pl\/wp-content\/uploads\/2021\/08\/DSC09265a-1024x768-1-300x225.jpg 300w, http:\/\/lapidarium.fundacja-hereditas.pl\/wp-content\/uploads\/2021\/08\/DSC09265a-1024x768-1-768x576.jpg 768w, http:\/\/lapidarium.fundacja-hereditas.pl\/wp-content\/uploads\/2021\/08\/DSC09265a-1024x768-1-150x113.jpg 150w, http:\/\/lapidarium.fundacja-hereditas.pl\/wp-content\/uploads\/2021\/08\/DSC09265a-1024x768-1-696x522.jpg 696w\" sizes=\"auto, (max-width: 1024px) 100vw, 1024px\" \/><\/a><figcaption class=\"blocks-gallery-item__caption\">Balkon, elewacja podw\u00f3rzowa oficyny poprzecznej (zach.). Fot. Katarzyna Komar-Michalczyk, 2020, \u017ar\u00f3d\u0142o: lapidarium detalu.<\/figcaption><\/figure><\/li><li class=\"blocks-gallery-item\"><figure><a href=\"http:\/\/lapidarium.fundacja-hereditas.pl\/wp-content\/uploads\/2021\/08\/DSC09244-1024x768-1.jpg\"><img loading=\"lazy\" decoding=\"async\" width=\"1024\" height=\"768\" src=\"http:\/\/lapidarium.fundacja-hereditas.pl\/wp-content\/uploads\/2021\/08\/DSC09244-1024x768-1.jpg\" alt=\"Konsole balkonu, elewacja podw\u00f3rzowa. Fot. Katarzyna Komar-Michalczyk, 2020, \u017ar\u00f3d\u0142o: lapidarium detalu.\" data-id=\"1235\" data-full-url=\"http:\/\/lapidarium.fundacja-hereditas.pl\/wp-content\/uploads\/2021\/08\/DSC09244-1024x768-1.jpg\" data-link=\"https:\/\/lapidarium.fundacja-hereditas.pl\/dsc09244-1024x768\/\" class=\"wp-image-1235\" srcset=\"http:\/\/lapidarium.fundacja-hereditas.pl\/wp-content\/uploads\/2021\/08\/DSC09244-1024x768-1.jpg 1024w, http:\/\/lapidarium.fundacja-hereditas.pl\/wp-content\/uploads\/2021\/08\/DSC09244-1024x768-1-300x225.jpg 300w, http:\/\/lapidarium.fundacja-hereditas.pl\/wp-content\/uploads\/2021\/08\/DSC09244-1024x768-1-768x576.jpg 768w, http:\/\/lapidarium.fundacja-hereditas.pl\/wp-content\/uploads\/2021\/08\/DSC09244-1024x768-1-150x113.jpg 150w, http:\/\/lapidarium.fundacja-hereditas.pl\/wp-content\/uploads\/2021\/08\/DSC09244-1024x768-1-696x522.jpg 696w\" sizes=\"auto, (max-width: 1024px) 100vw, 1024px\" \/><\/a><figcaption class=\"blocks-gallery-item__caption\">Konsole balkonu, elewacja podw\u00f3rzowa. Fot. Katarzyna Komar-Michalczyk, 2020, \u017ar\u00f3d\u0142o: lapidarium detalu.<\/figcaption><\/figure><\/li><li class=\"blocks-gallery-item\"><figure><a href=\"http:\/\/lapidarium.fundacja-hereditas.pl\/wp-content\/uploads\/2021\/08\/DSC09239-768x1024-1.jpg\"><img loading=\"lazy\" decoding=\"async\" width=\"768\" height=\"1024\" src=\"http:\/\/lapidarium.fundacja-hereditas.pl\/wp-content\/uploads\/2021\/08\/DSC09239-768x1024-1.jpg\" alt=\"Konsole balkonu, elewacja podw\u00f3rzowa. Fot. Katarzyna Komar-Michalczyk, 2020, \u017ar\u00f3d\u0142o: lapidarium detalu.\" data-id=\"1233\" data-full-url=\"http:\/\/lapidarium.fundacja-hereditas.pl\/wp-content\/uploads\/2021\/08\/DSC09239-768x1024-1.jpg\" data-link=\"https:\/\/lapidarium.fundacja-hereditas.pl\/dsc09239-768x1024\/\" class=\"wp-image-1233\" srcset=\"http:\/\/lapidarium.fundacja-hereditas.pl\/wp-content\/uploads\/2021\/08\/DSC09239-768x1024-1.jpg 768w, http:\/\/lapidarium.fundacja-hereditas.pl\/wp-content\/uploads\/2021\/08\/DSC09239-768x1024-1-225x300.jpg 225w, http:\/\/lapidarium.fundacja-hereditas.pl\/wp-content\/uploads\/2021\/08\/DSC09239-768x1024-1-150x200.jpg 150w, http:\/\/lapidarium.fundacja-hereditas.pl\/wp-content\/uploads\/2021\/08\/DSC09239-768x1024-1-300x400.jpg 300w, http:\/\/lapidarium.fundacja-hereditas.pl\/wp-content\/uploads\/2021\/08\/DSC09239-768x1024-1-696x928.jpg 696w\" sizes=\"auto, (max-width: 768px) 100vw, 768px\" \/><\/a><figcaption class=\"blocks-gallery-item__caption\">Konsole balkonu, elewacja podw\u00f3rzowa. Fot. Katarzyna Komar-Michalczyk, 2020, \u017ar\u00f3d\u0142o: lapidarium detalu.<\/figcaption><\/figure><\/li><li class=\"blocks-gallery-item\"><figure><a href=\"http:\/\/lapidarium.fundacja-hereditas.pl\/wp-content\/uploads\/2021\/08\/Krucza_47_A_Rob_Mar_2020-09-26_Podworze_09_-764x1024-1.jpg\"><img loading=\"lazy\" decoding=\"async\" width=\"764\" height=\"1024\" src=\"http:\/\/lapidarium.fundacja-hereditas.pl\/wp-content\/uploads\/2021\/08\/Krucza_47_A_Rob_Mar_2020-09-26_Podworze_09_-764x1024-1.jpg\" alt=\"Relikty balustrady balkonu, elewacja podw\u00f3rzowa. Fot. Robert Marcinkowski, 2020, \u017ar\u00f3d\u0142o: lapidarium detalu.\" data-id=\"1225\" data-full-url=\"http:\/\/lapidarium.fundacja-hereditas.pl\/wp-content\/uploads\/2021\/08\/Krucza_47_A_Rob_Mar_2020-09-26_Podworze_09_-764x1024-1.jpg\" data-link=\"https:\/\/lapidarium.fundacja-hereditas.pl\/krucza_47_a_rob_mar_2020-09-26_podworze_09_-764x1024\/\" class=\"wp-image-1225\" srcset=\"http:\/\/lapidarium.fundacja-hereditas.pl\/wp-content\/uploads\/2021\/08\/Krucza_47_A_Rob_Mar_2020-09-26_Podworze_09_-764x1024-1.jpg 764w, http:\/\/lapidarium.fundacja-hereditas.pl\/wp-content\/uploads\/2021\/08\/Krucza_47_A_Rob_Mar_2020-09-26_Podworze_09_-764x1024-1-224x300.jpg 224w, http:\/\/lapidarium.fundacja-hereditas.pl\/wp-content\/uploads\/2021\/08\/Krucza_47_A_Rob_Mar_2020-09-26_Podworze_09_-764x1024-1-150x201.jpg 150w, http:\/\/lapidarium.fundacja-hereditas.pl\/wp-content\/uploads\/2021\/08\/Krucza_47_A_Rob_Mar_2020-09-26_Podworze_09_-764x1024-1-300x402.jpg 300w, http:\/\/lapidarium.fundacja-hereditas.pl\/wp-content\/uploads\/2021\/08\/Krucza_47_A_Rob_Mar_2020-09-26_Podworze_09_-764x1024-1-696x933.jpg 696w\" sizes=\"auto, (max-width: 764px) 100vw, 764px\" \/><\/a><figcaption class=\"blocks-gallery-item__caption\">Relikty balustrady balkonu, elewacja podw\u00f3rzowa. Fot. Robert Marcinkowski, 2020, \u017ar\u00f3d\u0142o: lapidarium detalu.<\/figcaption><\/figure><\/li><li class=\"blocks-gallery-item\"><figure><a href=\"http:\/\/lapidarium.fundacja-hereditas.pl\/wp-content\/uploads\/2021\/08\/Krucza_47_A_Luc_Mar_2020-09-26_kat_pld_wsch_01_-765x1024-1.jpg\"><img loading=\"lazy\" decoding=\"async\" width=\"765\" height=\"1024\" src=\"http:\/\/lapidarium.fundacja-hereditas.pl\/wp-content\/uploads\/2021\/08\/Krucza_47_A_Luc_Mar_2020-09-26_kat_pld_wsch_01_-765x1024-1.jpg\" alt=\"Relikty wystroju elewacji podw\u00f3rzowych, po lewej wylot przejazdu bramnego. Fot. \u0141ucja Marcinkowska, 2020, \u017ar\u00f3d\u0142o: lapidarium detalu.\" data-id=\"1200\" data-full-url=\"http:\/\/lapidarium.fundacja-hereditas.pl\/wp-content\/uploads\/2021\/08\/Krucza_47_A_Luc_Mar_2020-09-26_kat_pld_wsch_01_-765x1024-1.jpg\" data-link=\"https:\/\/lapidarium.fundacja-hereditas.pl\/krucza_47_a_luc_mar_2020-09-26_kat_pld_wsch_01_-765x1024\/\" class=\"wp-image-1200\" srcset=\"http:\/\/lapidarium.fundacja-hereditas.pl\/wp-content\/uploads\/2021\/08\/Krucza_47_A_Luc_Mar_2020-09-26_kat_pld_wsch_01_-765x1024-1.jpg 765w, http:\/\/lapidarium.fundacja-hereditas.pl\/wp-content\/uploads\/2021\/08\/Krucza_47_A_Luc_Mar_2020-09-26_kat_pld_wsch_01_-765x1024-1-224x300.jpg 224w, http:\/\/lapidarium.fundacja-hereditas.pl\/wp-content\/uploads\/2021\/08\/Krucza_47_A_Luc_Mar_2020-09-26_kat_pld_wsch_01_-765x1024-1-150x201.jpg 150w, http:\/\/lapidarium.fundacja-hereditas.pl\/wp-content\/uploads\/2021\/08\/Krucza_47_A_Luc_Mar_2020-09-26_kat_pld_wsch_01_-765x1024-1-300x402.jpg 300w, http:\/\/lapidarium.fundacja-hereditas.pl\/wp-content\/uploads\/2021\/08\/Krucza_47_A_Luc_Mar_2020-09-26_kat_pld_wsch_01_-765x1024-1-696x932.jpg 696w\" sizes=\"auto, (max-width: 765px) 100vw, 765px\" \/><\/a><figcaption class=\"blocks-gallery-item__caption\">Relikty wystroju elewacji podw\u00f3rzowych, po lewej wylot przejazdu bramnego. Fot. \u0141ucja Marcinkowska, 2020, \u017ar\u00f3d\u0142o: lapidarium detalu.<\/figcaption><\/figure><\/li><li class=\"blocks-gallery-item\"><figure><a href=\"http:\/\/lapidarium.fundacja-hereditas.pl\/wp-content\/uploads\/2021\/08\/DSC09269a-1024x768-1.jpg\"><img loading=\"lazy\" decoding=\"async\" width=\"1024\" height=\"768\" src=\"http:\/\/lapidarium.fundacja-hereditas.pl\/wp-content\/uploads\/2021\/08\/DSC09269a-1024x768-1.jpg\" alt=\"Detal obramienia okna, elewacja podw\u00f3rzowa. Fot. Katarzyna Komar-Michalczyk, 2020, \u017ar\u00f3d\u0142o: lapidarium detalu.\" data-id=\"1253\" data-full-url=\"http:\/\/lapidarium.fundacja-hereditas.pl\/wp-content\/uploads\/2021\/08\/DSC09269a-1024x768-1.jpg\" data-link=\"https:\/\/lapidarium.fundacja-hereditas.pl\/dsc09269a-1024x768\/\" class=\"wp-image-1253\" srcset=\"http:\/\/lapidarium.fundacja-hereditas.pl\/wp-content\/uploads\/2021\/08\/DSC09269a-1024x768-1.jpg 1024w, http:\/\/lapidarium.fundacja-hereditas.pl\/wp-content\/uploads\/2021\/08\/DSC09269a-1024x768-1-300x225.jpg 300w, http:\/\/lapidarium.fundacja-hereditas.pl\/wp-content\/uploads\/2021\/08\/DSC09269a-1024x768-1-768x576.jpg 768w, http:\/\/lapidarium.fundacja-hereditas.pl\/wp-content\/uploads\/2021\/08\/DSC09269a-1024x768-1-150x113.jpg 150w, http:\/\/lapidarium.fundacja-hereditas.pl\/wp-content\/uploads\/2021\/08\/DSC09269a-1024x768-1-696x522.jpg 696w\" sizes=\"auto, (max-width: 1024px) 100vw, 1024px\" \/><\/a><figcaption class=\"blocks-gallery-item__caption\">Detal obramienia okna, elewacja podw\u00f3rzowa. Fot. Katarzyna Komar-Michalczyk, 2020, \u017ar\u00f3d\u0142o: lapidarium detalu.<\/figcaption><\/figure><\/li><li class=\"blocks-gallery-item\"><figure><a href=\"http:\/\/lapidarium.fundacja-hereditas.pl\/wp-content\/uploads\/2021\/08\/DSC09274a-1-1024x768-1.jpg\"><img loading=\"lazy\" decoding=\"async\" width=\"1024\" height=\"768\" src=\"http:\/\/lapidarium.fundacja-hereditas.pl\/wp-content\/uploads\/2021\/08\/DSC09274a-1-1024x768-1.jpg\" alt=\"Detal obramienia okna, elewacja podw\u00f3rzowa. Fot. Katarzyna Komar-Michalczyk, 2020, \u017ar\u00f3d\u0142o: lapidarium detalu.\" data-id=\"1257\" data-full-url=\"http:\/\/lapidarium.fundacja-hereditas.pl\/wp-content\/uploads\/2021\/08\/DSC09274a-1-1024x768-1.jpg\" data-link=\"https:\/\/lapidarium.fundacja-hereditas.pl\/dsc09274a-1-1024x768\/\" class=\"wp-image-1257\" srcset=\"http:\/\/lapidarium.fundacja-hereditas.pl\/wp-content\/uploads\/2021\/08\/DSC09274a-1-1024x768-1.jpg 1024w, http:\/\/lapidarium.fundacja-hereditas.pl\/wp-content\/uploads\/2021\/08\/DSC09274a-1-1024x768-1-300x225.jpg 300w, http:\/\/lapidarium.fundacja-hereditas.pl\/wp-content\/uploads\/2021\/08\/DSC09274a-1-1024x768-1-768x576.jpg 768w, http:\/\/lapidarium.fundacja-hereditas.pl\/wp-content\/uploads\/2021\/08\/DSC09274a-1-1024x768-1-150x113.jpg 150w, http:\/\/lapidarium.fundacja-hereditas.pl\/wp-content\/uploads\/2021\/08\/DSC09274a-1-1024x768-1-696x522.jpg 696w\" sizes=\"auto, (max-width: 1024px) 100vw, 1024px\" \/><\/a><figcaption class=\"blocks-gallery-item__caption\">Detal obramienia okna, elewacja podw\u00f3rzowa. Fot. Katarzyna Komar-Michalczyk, 2020, \u017ar\u00f3d\u0142o: lapidarium detalu.<\/figcaption><\/figure><\/li><li class=\"blocks-gallery-item\"><figure><a href=\"http:\/\/lapidarium.fundacja-hereditas.pl\/wp-content\/uploads\/2021\/08\/DSC09264a-1024x768-1.jpg\"><img loading=\"lazy\" decoding=\"async\" width=\"1024\" height=\"768\" src=\"http:\/\/lapidarium.fundacja-hereditas.pl\/wp-content\/uploads\/2021\/08\/DSC09264a-1024x768-1.jpg\" alt=\"Detal obramienia okna, konsole balkonu, elewacja podw\u00f3rzowa. Fot. Katarzyna Komar-Michalczyk, 2020, \u017ar\u00f3d\u0142o: lapidarium detalu.\" data-id=\"1248\" data-full-url=\"http:\/\/lapidarium.fundacja-hereditas.pl\/wp-content\/uploads\/2021\/08\/DSC09264a-1024x768-1.jpg\" data-link=\"https:\/\/lapidarium.fundacja-hereditas.pl\/dsc09264a-1024x768\/\" class=\"wp-image-1248\" srcset=\"http:\/\/lapidarium.fundacja-hereditas.pl\/wp-content\/uploads\/2021\/08\/DSC09264a-1024x768-1.jpg 1024w, http:\/\/lapidarium.fundacja-hereditas.pl\/wp-content\/uploads\/2021\/08\/DSC09264a-1024x768-1-300x225.jpg 300w, http:\/\/lapidarium.fundacja-hereditas.pl\/wp-content\/uploads\/2021\/08\/DSC09264a-1024x768-1-768x576.jpg 768w, http:\/\/lapidarium.fundacja-hereditas.pl\/wp-content\/uploads\/2021\/08\/DSC09264a-1024x768-1-150x113.jpg 150w, http:\/\/lapidarium.fundacja-hereditas.pl\/wp-content\/uploads\/2021\/08\/DSC09264a-1024x768-1-696x522.jpg 696w\" sizes=\"auto, (max-width: 1024px) 100vw, 1024px\" \/><\/a><figcaption class=\"blocks-gallery-item__caption\">Detal obramienia okna, konsole balkonu, elewacja podw\u00f3rzowa. Fot. Katarzyna Komar-Michalczyk, 2020, \u017ar\u00f3d\u0142o: lapidarium detalu.<\/figcaption><\/figure><\/li><li class=\"blocks-gallery-item\"><figure><a href=\"http:\/\/lapidarium.fundacja-hereditas.pl\/wp-content\/uploads\/2021\/08\/Krucza_47_A_Luc_Mar_2020-09-26_oficyna_pld_03_-1024x773-1.jpg\"><img loading=\"lazy\" decoding=\"async\" width=\"1024\" height=\"773\" src=\"http:\/\/lapidarium.fundacja-hereditas.pl\/wp-content\/uploads\/2021\/08\/Krucza_47_A_Luc_Mar_2020-09-26_oficyna_pld_03_-1024x773-1.jpg\" alt=\"Zwornik opaski okiennej, elewacja oficyny bocznej. Fot. \u0141ucja Marcinkowska, 2020, \u017ar\u00f3d\u0142o: lapidarium detalu.\" data-id=\"1207\" data-full-url=\"http:\/\/lapidarium.fundacja-hereditas.pl\/wp-content\/uploads\/2021\/08\/Krucza_47_A_Luc_Mar_2020-09-26_oficyna_pld_03_-1024x773-1.jpg\" data-link=\"https:\/\/lapidarium.fundacja-hereditas.pl\/krucza_47_a_luc_mar_2020-09-26_oficyna_pld_03_-1024x773\/\" class=\"wp-image-1207\" srcset=\"http:\/\/lapidarium.fundacja-hereditas.pl\/wp-content\/uploads\/2021\/08\/Krucza_47_A_Luc_Mar_2020-09-26_oficyna_pld_03_-1024x773-1.jpg 1024w, http:\/\/lapidarium.fundacja-hereditas.pl\/wp-content\/uploads\/2021\/08\/Krucza_47_A_Luc_Mar_2020-09-26_oficyna_pld_03_-1024x773-1-300x226.jpg 300w, http:\/\/lapidarium.fundacja-hereditas.pl\/wp-content\/uploads\/2021\/08\/Krucza_47_A_Luc_Mar_2020-09-26_oficyna_pld_03_-1024x773-1-768x580.jpg 768w, http:\/\/lapidarium.fundacja-hereditas.pl\/wp-content\/uploads\/2021\/08\/Krucza_47_A_Luc_Mar_2020-09-26_oficyna_pld_03_-1024x773-1-150x113.jpg 150w, http:\/\/lapidarium.fundacja-hereditas.pl\/wp-content\/uploads\/2021\/08\/Krucza_47_A_Luc_Mar_2020-09-26_oficyna_pld_03_-1024x773-1-696x525.jpg 696w\" sizes=\"auto, (max-width: 1024px) 100vw, 1024px\" \/><\/a><figcaption class=\"blocks-gallery-item__caption\">Zwornik opaski okiennej, elewacja oficyny bocznej. Fot. \u0141ucja Marcinkowska, 2020, \u017ar\u00f3d\u0142o: lapidarium detalu.<\/figcaption><\/figure><\/li><li class=\"blocks-gallery-item\"><figure><a href=\"http:\/\/lapidarium.fundacja-hereditas.pl\/wp-content\/uploads\/2021\/08\/DSC09273a-1024x768-1.jpg\"><img loading=\"lazy\" decoding=\"async\" width=\"1024\" height=\"768\" src=\"http:\/\/lapidarium.fundacja-hereditas.pl\/wp-content\/uploads\/2021\/08\/DSC09273a-1024x768-1.jpg\" alt=\"Okna elewacji podw\u00f3rzowej. Fot. Katarzyna Komar-Michalczyk, 2020, \u017ar\u00f3d\u0142o: lapidarium detalu.\" data-id=\"1256\" data-full-url=\"http:\/\/lapidarium.fundacja-hereditas.pl\/wp-content\/uploads\/2021\/08\/DSC09273a-1024x768-1.jpg\" data-link=\"https:\/\/lapidarium.fundacja-hereditas.pl\/dsc09273a-1024x768\/\" class=\"wp-image-1256\" srcset=\"http:\/\/lapidarium.fundacja-hereditas.pl\/wp-content\/uploads\/2021\/08\/DSC09273a-1024x768-1.jpg 1024w, http:\/\/lapidarium.fundacja-hereditas.pl\/wp-content\/uploads\/2021\/08\/DSC09273a-1024x768-1-300x225.jpg 300w, http:\/\/lapidarium.fundacja-hereditas.pl\/wp-content\/uploads\/2021\/08\/DSC09273a-1024x768-1-768x576.jpg 768w, http:\/\/lapidarium.fundacja-hereditas.pl\/wp-content\/uploads\/2021\/08\/DSC09273a-1024x768-1-150x113.jpg 150w, http:\/\/lapidarium.fundacja-hereditas.pl\/wp-content\/uploads\/2021\/08\/DSC09273a-1024x768-1-696x522.jpg 696w\" sizes=\"auto, (max-width: 1024px) 100vw, 1024px\" \/><\/a><figcaption class=\"blocks-gallery-item__caption\">Okna elewacji podw\u00f3rzowej. Fot. Katarzyna Komar-Michalczyk, 2020, \u017ar\u00f3d\u0142o: lapidarium detalu.<\/figcaption><\/figure><\/li><li class=\"blocks-gallery-item\"><figure><a href=\"http:\/\/lapidarium.fundacja-hereditas.pl\/wp-content\/uploads\/2021\/08\/DSC09263a-745x1024-1.jpg\"><img loading=\"lazy\" decoding=\"async\" width=\"745\" height=\"1024\" src=\"http:\/\/lapidarium.fundacja-hereditas.pl\/wp-content\/uploads\/2021\/08\/DSC09263a-745x1024-1.jpg\" alt=\"Okno, elewacja podw\u00f3rzowa. Fot. Katarzyna Komar-Michalczyk, 2020, \u017ar\u00f3d\u0142o: lapidarium detalu.\" data-id=\"1247\" data-full-url=\"http:\/\/lapidarium.fundacja-hereditas.pl\/wp-content\/uploads\/2021\/08\/DSC09263a-745x1024-1.jpg\" data-link=\"https:\/\/lapidarium.fundacja-hereditas.pl\/dsc09263a-745x1024\/\" class=\"wp-image-1247\" srcset=\"http:\/\/lapidarium.fundacja-hereditas.pl\/wp-content\/uploads\/2021\/08\/DSC09263a-745x1024-1.jpg 745w, http:\/\/lapidarium.fundacja-hereditas.pl\/wp-content\/uploads\/2021\/08\/DSC09263a-745x1024-1-218x300.jpg 218w, http:\/\/lapidarium.fundacja-hereditas.pl\/wp-content\/uploads\/2021\/08\/DSC09263a-745x1024-1-150x206.jpg 150w, http:\/\/lapidarium.fundacja-hereditas.pl\/wp-content\/uploads\/2021\/08\/DSC09263a-745x1024-1-300x412.jpg 300w, http:\/\/lapidarium.fundacja-hereditas.pl\/wp-content\/uploads\/2021\/08\/DSC09263a-745x1024-1-696x957.jpg 696w\" sizes=\"auto, (max-width: 745px) 100vw, 745px\" \/><\/a><figcaption class=\"blocks-gallery-item__caption\">Okno, elewacja podw\u00f3rzowa. Fot. Katarzyna Komar-Michalczyk, 2020, \u017ar\u00f3d\u0142o: lapidarium detalu.<\/figcaption><\/figure><\/li><li class=\"blocks-gallery-item\"><figure><a href=\"http:\/\/lapidarium.fundacja-hereditas.pl\/wp-content\/uploads\/2021\/08\/DSC09276a-1024x768-1.jpg\"><img loading=\"lazy\" decoding=\"async\" width=\"1024\" height=\"768\" src=\"http:\/\/lapidarium.fundacja-hereditas.pl\/wp-content\/uploads\/2021\/08\/DSC09276a-1024x768-1.jpg\" alt=\"Wylot przejazdu bramnego. Fot. Katarzyna Komar-Michalczyk, 2020, \u017ar\u00f3d\u0142o: lapidarium detalu.\" data-id=\"1259\" data-full-url=\"http:\/\/lapidarium.fundacja-hereditas.pl\/wp-content\/uploads\/2021\/08\/DSC09276a-1024x768-1.jpg\" data-link=\"https:\/\/lapidarium.fundacja-hereditas.pl\/dsc09276a-1024x768\/\" class=\"wp-image-1259\" srcset=\"http:\/\/lapidarium.fundacja-hereditas.pl\/wp-content\/uploads\/2021\/08\/DSC09276a-1024x768-1.jpg 1024w, http:\/\/lapidarium.fundacja-hereditas.pl\/wp-content\/uploads\/2021\/08\/DSC09276a-1024x768-1-300x225.jpg 300w, http:\/\/lapidarium.fundacja-hereditas.pl\/wp-content\/uploads\/2021\/08\/DSC09276a-1024x768-1-768x576.jpg 768w, http:\/\/lapidarium.fundacja-hereditas.pl\/wp-content\/uploads\/2021\/08\/DSC09276a-1024x768-1-150x113.jpg 150w, http:\/\/lapidarium.fundacja-hereditas.pl\/wp-content\/uploads\/2021\/08\/DSC09276a-1024x768-1-696x522.jpg 696w\" sizes=\"auto, (max-width: 1024px) 100vw, 1024px\" \/><\/a><figcaption class=\"blocks-gallery-item__caption\">Wylot przejazdu bramnego. Fot. Katarzyna Komar-Michalczyk, 2020, \u017ar\u00f3d\u0142o: lapidarium detalu.<\/figcaption><\/figure><\/li><li class=\"blocks-gallery-item\"><figure><a href=\"http:\/\/lapidarium.fundacja-hereditas.pl\/wp-content\/uploads\/2021\/08\/DSC09281a-1024x768-1.jpg\"><img loading=\"lazy\" decoding=\"async\" width=\"1024\" height=\"768\" src=\"http:\/\/lapidarium.fundacja-hereditas.pl\/wp-content\/uploads\/2021\/08\/DSC09281a-1024x768-1.jpg\" alt=\"Przejazd bramny, odboje wylotowe. Fot. Katarzyna Komar-Michalczyk, 2020, \u017ar\u00f3d\u0142o: lapidarium detalu.\" data-id=\"1192\" data-full-url=\"http:\/\/lapidarium.fundacja-hereditas.pl\/wp-content\/uploads\/2021\/08\/DSC09281a-1024x768-1.jpg\" data-link=\"https:\/\/lapidarium.fundacja-hereditas.pl\/dsc09281a-1024x768\/\" class=\"wp-image-1192\" srcset=\"http:\/\/lapidarium.fundacja-hereditas.pl\/wp-content\/uploads\/2021\/08\/DSC09281a-1024x768-1.jpg 1024w, http:\/\/lapidarium.fundacja-hereditas.pl\/wp-content\/uploads\/2021\/08\/DSC09281a-1024x768-1-300x225.jpg 300w, http:\/\/lapidarium.fundacja-hereditas.pl\/wp-content\/uploads\/2021\/08\/DSC09281a-1024x768-1-768x576.jpg 768w, http:\/\/lapidarium.fundacja-hereditas.pl\/wp-content\/uploads\/2021\/08\/DSC09281a-1024x768-1-150x113.jpg 150w, http:\/\/lapidarium.fundacja-hereditas.pl\/wp-content\/uploads\/2021\/08\/DSC09281a-1024x768-1-696x522.jpg 696w\" sizes=\"auto, (max-width: 1024px) 100vw, 1024px\" \/><\/a><figcaption class=\"blocks-gallery-item__caption\">Przejazd bramny, odboje wylotowe. Fot. Katarzyna Komar-Michalczyk, 2020, \u017ar\u00f3d\u0142o: lapidarium detalu.<\/figcaption><\/figure><\/li><li class=\"blocks-gallery-item\"><figure><a href=\"http:\/\/lapidarium.fundacja-hereditas.pl\/wp-content\/uploads\/2021\/08\/Krucza_47_A_Rob_Mar_2020-09-26_Brama_12_-764x1024-1.jpg\"><img loading=\"lazy\" decoding=\"async\" width=\"764\" height=\"1024\" src=\"http:\/\/lapidarium.fundacja-hereditas.pl\/wp-content\/uploads\/2021\/08\/Krucza_47_A_Rob_Mar_2020-09-26_Brama_12_-764x1024-1.jpg\" alt=\"Przejazd bramny. Fot. Robert Marcinkowski, 2020, \u017ar\u00f3d\u0142o: lapidarium detalu.\" data-id=\"1213\" data-full-url=\"http:\/\/lapidarium.fundacja-hereditas.pl\/wp-content\/uploads\/2021\/08\/Krucza_47_A_Rob_Mar_2020-09-26_Brama_12_-764x1024-1.jpg\" data-link=\"https:\/\/lapidarium.fundacja-hereditas.pl\/krucza_47_a_rob_mar_2020-09-26_brama_12_-764x1024\/\" class=\"wp-image-1213\" srcset=\"http:\/\/lapidarium.fundacja-hereditas.pl\/wp-content\/uploads\/2021\/08\/Krucza_47_A_Rob_Mar_2020-09-26_Brama_12_-764x1024-1.jpg 764w, http:\/\/lapidarium.fundacja-hereditas.pl\/wp-content\/uploads\/2021\/08\/Krucza_47_A_Rob_Mar_2020-09-26_Brama_12_-764x1024-1-224x300.jpg 224w, http:\/\/lapidarium.fundacja-hereditas.pl\/wp-content\/uploads\/2021\/08\/Krucza_47_A_Rob_Mar_2020-09-26_Brama_12_-764x1024-1-150x201.jpg 150w, http:\/\/lapidarium.fundacja-hereditas.pl\/wp-content\/uploads\/2021\/08\/Krucza_47_A_Rob_Mar_2020-09-26_Brama_12_-764x1024-1-300x402.jpg 300w, http:\/\/lapidarium.fundacja-hereditas.pl\/wp-content\/uploads\/2021\/08\/Krucza_47_A_Rob_Mar_2020-09-26_Brama_12_-764x1024-1-696x933.jpg 696w\" sizes=\"auto, (max-width: 764px) 100vw, 764px\" \/><\/a><figcaption class=\"blocks-gallery-item__caption\">Przejazd bramny. Fot. Robert Marcinkowski, 2020, \u017ar\u00f3d\u0142o: lapidarium detalu.<\/figcaption><\/figure><\/li><li class=\"blocks-gallery-item\"><figure><a href=\"http:\/\/lapidarium.fundacja-hereditas.pl\/wp-content\/uploads\/2021\/08\/DSC09286-1024x768-1.jpg\"><img loading=\"lazy\" decoding=\"async\" width=\"1024\" height=\"768\" src=\"http:\/\/lapidarium.fundacja-hereditas.pl\/wp-content\/uploads\/2021\/08\/DSC09286-1024x768-1.jpg\" alt=\"Brama, widok od wn\u0119trza przejazdu. Fot. Katarzyna Komar-Michalczyk, 2020, \u017ar\u00f3d\u0142o: lapidarium detalu.\" data-id=\"1195\" data-full-url=\"http:\/\/lapidarium.fundacja-hereditas.pl\/wp-content\/uploads\/2021\/08\/DSC09286-1024x768-1.jpg\" data-link=\"https:\/\/lapidarium.fundacja-hereditas.pl\/dsc09286-1024x768\/\" class=\"wp-image-1195\" srcset=\"http:\/\/lapidarium.fundacja-hereditas.pl\/wp-content\/uploads\/2021\/08\/DSC09286-1024x768-1.jpg 1024w, http:\/\/lapidarium.fundacja-hereditas.pl\/wp-content\/uploads\/2021\/08\/DSC09286-1024x768-1-300x225.jpg 300w, http:\/\/lapidarium.fundacja-hereditas.pl\/wp-content\/uploads\/2021\/08\/DSC09286-1024x768-1-768x576.jpg 768w, http:\/\/lapidarium.fundacja-hereditas.pl\/wp-content\/uploads\/2021\/08\/DSC09286-1024x768-1-150x113.jpg 150w, http:\/\/lapidarium.fundacja-hereditas.pl\/wp-content\/uploads\/2021\/08\/DSC09286-1024x768-1-696x522.jpg 696w\" sizes=\"auto, (max-width: 1024px) 100vw, 1024px\" \/><\/a><figcaption class=\"blocks-gallery-item__caption\">Brama, widok od wn\u0119trza przejazdu. Fot. Katarzyna Komar-Michalczyk, 2020, \u017ar\u00f3d\u0142o: lapidarium detalu.<\/figcaption><\/figure><\/li><li class=\"blocks-gallery-item\"><figure><a href=\"http:\/\/lapidarium.fundacja-hereditas.pl\/wp-content\/uploads\/2021\/08\/Krucza_47_A_Rob_Mar_2020-09-26_Brama_10_-1024x725-1.jpg\"><img loading=\"lazy\" decoding=\"async\" width=\"1024\" height=\"725\" src=\"http:\/\/lapidarium.fundacja-hereditas.pl\/wp-content\/uploads\/2021\/08\/Krucza_47_A_Rob_Mar_2020-09-26_Brama_10_-1024x725-1.jpg\" alt=\"Nad\u015bwietle bramy. Fot. Robert Marcinkowski, 2020, \u017ar\u00f3d\u0142o: lapidarium detalu.\" data-id=\"1212\" data-full-url=\"http:\/\/lapidarium.fundacja-hereditas.pl\/wp-content\/uploads\/2021\/08\/Krucza_47_A_Rob_Mar_2020-09-26_Brama_10_-1024x725-1.jpg\" data-link=\"https:\/\/lapidarium.fundacja-hereditas.pl\/krucza_47_a_rob_mar_2020-09-26_brama_10_-1024x725\/\" class=\"wp-image-1212\" srcset=\"http:\/\/lapidarium.fundacja-hereditas.pl\/wp-content\/uploads\/2021\/08\/Krucza_47_A_Rob_Mar_2020-09-26_Brama_10_-1024x725-1.jpg 1024w, http:\/\/lapidarium.fundacja-hereditas.pl\/wp-content\/uploads\/2021\/08\/Krucza_47_A_Rob_Mar_2020-09-26_Brama_10_-1024x725-1-300x212.jpg 300w, http:\/\/lapidarium.fundacja-hereditas.pl\/wp-content\/uploads\/2021\/08\/Krucza_47_A_Rob_Mar_2020-09-26_Brama_10_-1024x725-1-768x544.jpg 768w, http:\/\/lapidarium.fundacja-hereditas.pl\/wp-content\/uploads\/2021\/08\/Krucza_47_A_Rob_Mar_2020-09-26_Brama_10_-1024x725-1-150x106.jpg 150w, http:\/\/lapidarium.fundacja-hereditas.pl\/wp-content\/uploads\/2021\/08\/Krucza_47_A_Rob_Mar_2020-09-26_Brama_10_-1024x725-1-696x493.jpg 696w\" sizes=\"auto, (max-width: 1024px) 100vw, 1024px\" \/><\/a><figcaption class=\"blocks-gallery-item__caption\">Nad\u015bwietle bramy. Fot. Robert Marcinkowski, 2020, \u017ar\u00f3d\u0142o: lapidarium detalu.<\/figcaption><\/figure><\/li><li class=\"blocks-gallery-item\"><figure><a href=\"http:\/\/lapidarium.fundacja-hereditas.pl\/wp-content\/uploads\/2021\/08\/Krucza_47_A_Rob_Mar_2020-09-26_Brama_08_-1024x771-1.jpg\"><img loading=\"lazy\" decoding=\"async\" width=\"1024\" height=\"771\" src=\"http:\/\/lapidarium.fundacja-hereditas.pl\/wp-content\/uploads\/2021\/08\/Krucza_47_A_Rob_Mar_2020-09-26_Brama_08_-1024x771-1.jpg\" alt=\"Skrzyd\u0142o (fragm.) bramy. Fot. Robert Marcinkowski, 2020, \u017ar\u00f3d\u0142o: lapidarium detalu.\" data-id=\"1211\" data-full-url=\"http:\/\/lapidarium.fundacja-hereditas.pl\/wp-content\/uploads\/2021\/08\/Krucza_47_A_Rob_Mar_2020-09-26_Brama_08_-1024x771-1.jpg\" data-link=\"https:\/\/lapidarium.fundacja-hereditas.pl\/krucza_47_a_rob_mar_2020-09-26_brama_08_-1024x771\/\" class=\"wp-image-1211\" srcset=\"http:\/\/lapidarium.fundacja-hereditas.pl\/wp-content\/uploads\/2021\/08\/Krucza_47_A_Rob_Mar_2020-09-26_Brama_08_-1024x771-1.jpg 1024w, http:\/\/lapidarium.fundacja-hereditas.pl\/wp-content\/uploads\/2021\/08\/Krucza_47_A_Rob_Mar_2020-09-26_Brama_08_-1024x771-1-300x226.jpg 300w, http:\/\/lapidarium.fundacja-hereditas.pl\/wp-content\/uploads\/2021\/08\/Krucza_47_A_Rob_Mar_2020-09-26_Brama_08_-1024x771-1-768x578.jpg 768w, http:\/\/lapidarium.fundacja-hereditas.pl\/wp-content\/uploads\/2021\/08\/Krucza_47_A_Rob_Mar_2020-09-26_Brama_08_-1024x771-1-150x113.jpg 150w, http:\/\/lapidarium.fundacja-hereditas.pl\/wp-content\/uploads\/2021\/08\/Krucza_47_A_Rob_Mar_2020-09-26_Brama_08_-1024x771-1-696x524.jpg 696w\" sizes=\"auto, (max-width: 1024px) 100vw, 1024px\" \/><\/a><figcaption class=\"blocks-gallery-item__caption\">Skrzyd\u0142o (fragm.) bramy. Fot. Robert Marcinkowski, 2020, \u017ar\u00f3d\u0142o: lapidarium detalu.<\/figcaption><\/figure><\/li><li class=\"blocks-gallery-item\"><figure><a href=\"http:\/\/lapidarium.fundacja-hereditas.pl\/wp-content\/uploads\/2021\/08\/Krucza_47_A_Luc_Mar_2020-09-26_Podworze_01_-1024x781-1.jpg\"><img loading=\"lazy\" decoding=\"async\" width=\"1024\" height=\"781\" src=\"http:\/\/lapidarium.fundacja-hereditas.pl\/wp-content\/uploads\/2021\/08\/Krucza_47_A_Luc_Mar_2020-09-26_Podworze_01_-1024x781-1.jpg\" alt=\"Kratka otworu wentylacyjnego., elewacja podw\u00f3rzowa. Fot. \u0141ucja Marcinkowska, 2020, \u017ar\u00f3d\u0142o: lapidarium detalu.\" data-id=\"1210\" data-full-url=\"http:\/\/lapidarium.fundacja-hereditas.pl\/wp-content\/uploads\/2021\/08\/Krucza_47_A_Luc_Mar_2020-09-26_Podworze_01_-1024x781-1.jpg\" data-link=\"https:\/\/lapidarium.fundacja-hereditas.pl\/krucza_47_a_luc_mar_2020-09-26_podworze_01_-1024x781\/\" class=\"wp-image-1210\" srcset=\"http:\/\/lapidarium.fundacja-hereditas.pl\/wp-content\/uploads\/2021\/08\/Krucza_47_A_Luc_Mar_2020-09-26_Podworze_01_-1024x781-1.jpg 1024w, http:\/\/lapidarium.fundacja-hereditas.pl\/wp-content\/uploads\/2021\/08\/Krucza_47_A_Luc_Mar_2020-09-26_Podworze_01_-1024x781-1-300x229.jpg 300w, http:\/\/lapidarium.fundacja-hereditas.pl\/wp-content\/uploads\/2021\/08\/Krucza_47_A_Luc_Mar_2020-09-26_Podworze_01_-1024x781-1-768x586.jpg 768w, http:\/\/lapidarium.fundacja-hereditas.pl\/wp-content\/uploads\/2021\/08\/Krucza_47_A_Luc_Mar_2020-09-26_Podworze_01_-1024x781-1-150x114.jpg 150w, http:\/\/lapidarium.fundacja-hereditas.pl\/wp-content\/uploads\/2021\/08\/Krucza_47_A_Luc_Mar_2020-09-26_Podworze_01_-1024x781-1-696x531.jpg 696w\" sizes=\"auto, (max-width: 1024px) 100vw, 1024px\" \/><\/a><figcaption class=\"blocks-gallery-item__caption\">Kratka otworu wentylacyjnego., elewacja podw\u00f3rzowa. Fot. \u0141ucja Marcinkowska, 2020, \u017ar\u00f3d\u0142o: lapidarium detalu.<\/figcaption><\/figure><\/li><li class=\"blocks-gallery-item\"><figure><a href=\"http:\/\/lapidarium.fundacja-hereditas.pl\/wp-content\/uploads\/2021\/08\/DSC09275a-1024x768-1.jpg\"><img loading=\"lazy\" decoding=\"async\" width=\"1024\" height=\"768\" src=\"http:\/\/lapidarium.fundacja-hereditas.pl\/wp-content\/uploads\/2021\/08\/DSC09275a-1024x768-1.jpg\" alt=\"Tabliczka z numerami mieszka\u0144 nad wej\u015bciem do klatki II. Fot. Katarzyna Komar-Michalczyk, 2020, \u017ar\u00f3d\u0142o: lapidarium detalu.\" data-id=\"1258\" data-full-url=\"http:\/\/lapidarium.fundacja-hereditas.pl\/wp-content\/uploads\/2021\/08\/DSC09275a-1024x768-1.jpg\" data-link=\"https:\/\/lapidarium.fundacja-hereditas.pl\/dsc09275a-1024x768\/\" class=\"wp-image-1258\" srcset=\"http:\/\/lapidarium.fundacja-hereditas.pl\/wp-content\/uploads\/2021\/08\/DSC09275a-1024x768-1.jpg 1024w, http:\/\/lapidarium.fundacja-hereditas.pl\/wp-content\/uploads\/2021\/08\/DSC09275a-1024x768-1-300x225.jpg 300w, http:\/\/lapidarium.fundacja-hereditas.pl\/wp-content\/uploads\/2021\/08\/DSC09275a-1024x768-1-768x576.jpg 768w, http:\/\/lapidarium.fundacja-hereditas.pl\/wp-content\/uploads\/2021\/08\/DSC09275a-1024x768-1-150x113.jpg 150w, http:\/\/lapidarium.fundacja-hereditas.pl\/wp-content\/uploads\/2021\/08\/DSC09275a-1024x768-1-696x522.jpg 696w\" sizes=\"auto, (max-width: 1024px) 100vw, 1024px\" \/><\/a><figcaption class=\"blocks-gallery-item__caption\">Tabliczka z numerami mieszka\u0144 nad wej\u015bciem do klatki II. Fot. Katarzyna Komar-Michalczyk, 2020, \u017ar\u00f3d\u0142o: lapidarium detalu.<\/figcaption><\/figure><\/li><li class=\"blocks-gallery-item\"><figure><a href=\"http:\/\/lapidarium.fundacja-hereditas.pl\/wp-content\/uploads\/2021\/08\/DSC09266a-1024x768-1.jpg\"><img loading=\"lazy\" decoding=\"async\" width=\"1024\" height=\"768\" src=\"http:\/\/lapidarium.fundacja-hereditas.pl\/wp-content\/uploads\/2021\/08\/DSC09266a-1024x768-1.jpg\" alt=\"Detal obramienia okna, elewacja podw\u00f3rzowa. Fot. Katarzyna Komar-Michalczyk, 2020, \u017ar\u00f3d\u0142o: lapidarium detalu.\" data-id=\"1250\" data-full-url=\"http:\/\/lapidarium.fundacja-hereditas.pl\/wp-content\/uploads\/2021\/08\/DSC09266a-1024x768-1.jpg\" data-link=\"https:\/\/lapidarium.fundacja-hereditas.pl\/dsc09266a-1024x768\/\" class=\"wp-image-1250\" srcset=\"http:\/\/lapidarium.fundacja-hereditas.pl\/wp-content\/uploads\/2021\/08\/DSC09266a-1024x768-1.jpg 1024w, http:\/\/lapidarium.fundacja-hereditas.pl\/wp-content\/uploads\/2021\/08\/DSC09266a-1024x768-1-300x225.jpg 300w, http:\/\/lapidarium.fundacja-hereditas.pl\/wp-content\/uploads\/2021\/08\/DSC09266a-1024x768-1-768x576.jpg 768w, http:\/\/lapidarium.fundacja-hereditas.pl\/wp-content\/uploads\/2021\/08\/DSC09266a-1024x768-1-150x113.jpg 150w, http:\/\/lapidarium.fundacja-hereditas.pl\/wp-content\/uploads\/2021\/08\/DSC09266a-1024x768-1-696x522.jpg 696w\" sizes=\"auto, (max-width: 1024px) 100vw, 1024px\" \/><\/a><figcaption class=\"blocks-gallery-item__caption\">Detal obramienia okna, elewacja podw\u00f3rzowa. Fot. Katarzyna Komar-Michalczyk, 2020, \u017ar\u00f3d\u0142o: lapidarium detalu.<\/figcaption><\/figure><\/li><li class=\"blocks-gallery-item\"><figure><a href=\"http:\/\/lapidarium.fundacja-hereditas.pl\/wp-content\/uploads\/2021\/08\/Krucza_47_A_Rob_Mar_2020-09-26_Brama_13_-772x1024-1.jpg\"><img loading=\"lazy\" decoding=\"async\" width=\"772\" height=\"1024\" src=\"http:\/\/lapidarium.fundacja-hereditas.pl\/wp-content\/uploads\/2021\/08\/Krucza_47_A_Rob_Mar_2020-09-26_Brama_13_-772x1024-1.jpg\" alt=\"\u015aciana przejazdu bramnego (fragm.). Fot. Robert Marcinkowski, 2020, \u017ar\u00f3d\u0142o: lapidarium detalu.\" data-id=\"1214\" data-full-url=\"http:\/\/lapidarium.fundacja-hereditas.pl\/wp-content\/uploads\/2021\/08\/Krucza_47_A_Rob_Mar_2020-09-26_Brama_13_-772x1024-1.jpg\" data-link=\"https:\/\/lapidarium.fundacja-hereditas.pl\/krucza_47_a_rob_mar_2020-09-26_brama_13_-772x1024\/\" class=\"wp-image-1214\" srcset=\"http:\/\/lapidarium.fundacja-hereditas.pl\/wp-content\/uploads\/2021\/08\/Krucza_47_A_Rob_Mar_2020-09-26_Brama_13_-772x1024-1.jpg 772w, http:\/\/lapidarium.fundacja-hereditas.pl\/wp-content\/uploads\/2021\/08\/Krucza_47_A_Rob_Mar_2020-09-26_Brama_13_-772x1024-1-226x300.jpg 226w, http:\/\/lapidarium.fundacja-hereditas.pl\/wp-content\/uploads\/2021\/08\/Krucza_47_A_Rob_Mar_2020-09-26_Brama_13_-772x1024-1-768x1019.jpg 768w, http:\/\/lapidarium.fundacja-hereditas.pl\/wp-content\/uploads\/2021\/08\/Krucza_47_A_Rob_Mar_2020-09-26_Brama_13_-772x1024-1-150x199.jpg 150w, http:\/\/lapidarium.fundacja-hereditas.pl\/wp-content\/uploads\/2021\/08\/Krucza_47_A_Rob_Mar_2020-09-26_Brama_13_-772x1024-1-300x398.jpg 300w, http:\/\/lapidarium.fundacja-hereditas.pl\/wp-content\/uploads\/2021\/08\/Krucza_47_A_Rob_Mar_2020-09-26_Brama_13_-772x1024-1-696x923.jpg 696w\" sizes=\"auto, (max-width: 772px) 100vw, 772px\" \/><\/a><figcaption class=\"blocks-gallery-item__caption\">\u015aciana przejazdu bramnego (fragm.). Fot. Robert Marcinkowski, 2020, \u017ar\u00f3d\u0142o: lapidarium detalu.<\/figcaption><\/figure><\/li><li class=\"blocks-gallery-item\"><figure><a href=\"http:\/\/lapidarium.fundacja-hereditas.pl\/wp-content\/uploads\/2021\/08\/DSC09247-1024x768-1.jpg\"><img loading=\"lazy\" decoding=\"async\" width=\"1024\" height=\"768\" src=\"http:\/\/lapidarium.fundacja-hereditas.pl\/wp-content\/uploads\/2021\/08\/DSC09247-1024x768-1.jpg\" alt=\"Detal supraporty drzwi do mieszkania w oficynie poprzecznej (zach.). Fot. Katarzyna Komar-Michalczyk, 2020, \u017ar\u00f3d\u0142o: lapidarium detalu.\" data-id=\"1238\" data-full-url=\"http:\/\/lapidarium.fundacja-hereditas.pl\/wp-content\/uploads\/2021\/08\/DSC09247-1024x768-1.jpg\" data-link=\"https:\/\/lapidarium.fundacja-hereditas.pl\/dsc09247-1024x768\/\" class=\"wp-image-1238\" srcset=\"http:\/\/lapidarium.fundacja-hereditas.pl\/wp-content\/uploads\/2021\/08\/DSC09247-1024x768-1.jpg 1024w, http:\/\/lapidarium.fundacja-hereditas.pl\/wp-content\/uploads\/2021\/08\/DSC09247-1024x768-1-300x225.jpg 300w, http:\/\/lapidarium.fundacja-hereditas.pl\/wp-content\/uploads\/2021\/08\/DSC09247-1024x768-1-768x576.jpg 768w, http:\/\/lapidarium.fundacja-hereditas.pl\/wp-content\/uploads\/2021\/08\/DSC09247-1024x768-1-150x113.jpg 150w, http:\/\/lapidarium.fundacja-hereditas.pl\/wp-content\/uploads\/2021\/08\/DSC09247-1024x768-1-696x522.jpg 696w\" sizes=\"auto, (max-width: 1024px) 100vw, 1024px\" \/><\/a><figcaption class=\"blocks-gallery-item__caption\">Detal supraporty drzwi do mieszkania w oficynie poprzecznej (zach.). Fot. Katarzyna Komar-Michalczyk, 2020, \u017ar\u00f3d\u0142o: lapidarium detalu.<\/figcaption><\/figure><\/li><li class=\"blocks-gallery-item\"><figure><a href=\"http:\/\/lapidarium.fundacja-hereditas.pl\/wp-content\/uploads\/2021\/08\/DSC09236-1024x768-1.jpg\"><img loading=\"lazy\" decoding=\"async\" width=\"1024\" height=\"768\" src=\"http:\/\/lapidarium.fundacja-hereditas.pl\/wp-content\/uploads\/2021\/08\/DSC09236-1024x768-1.jpg\" alt=\"Detal supraporty drzwi do mieszkania w oficynie poprzecznej (zach.). Fot. Katarzyna Komar-Michalczyk, 2020, \u017ar\u00f3d\u0142o: lapidarium detalu.\" data-id=\"1231\" data-full-url=\"http:\/\/lapidarium.fundacja-hereditas.pl\/wp-content\/uploads\/2021\/08\/DSC09236-1024x768-1.jpg\" data-link=\"https:\/\/lapidarium.fundacja-hereditas.pl\/dsc09236-1024x768\/\" class=\"wp-image-1231\" srcset=\"http:\/\/lapidarium.fundacja-hereditas.pl\/wp-content\/uploads\/2021\/08\/DSC09236-1024x768-1.jpg 1024w, http:\/\/lapidarium.fundacja-hereditas.pl\/wp-content\/uploads\/2021\/08\/DSC09236-1024x768-1-300x225.jpg 300w, http:\/\/lapidarium.fundacja-hereditas.pl\/wp-content\/uploads\/2021\/08\/DSC09236-1024x768-1-768x576.jpg 768w, http:\/\/lapidarium.fundacja-hereditas.pl\/wp-content\/uploads\/2021\/08\/DSC09236-1024x768-1-150x113.jpg 150w, http:\/\/lapidarium.fundacja-hereditas.pl\/wp-content\/uploads\/2021\/08\/DSC09236-1024x768-1-696x522.jpg 696w\" sizes=\"auto, (max-width: 1024px) 100vw, 1024px\" \/><\/a><figcaption class=\"blocks-gallery-item__caption\">Detal supraporty drzwi do mieszkania w oficynie poprzecznej (zach.). Fot. Katarzyna Komar-Michalczyk, 2020, \u017ar\u00f3d\u0142o: lapidarium detalu.<\/figcaption><\/figure><\/li><li class=\"blocks-gallery-item\"><figure><a href=\"http:\/\/lapidarium.fundacja-hereditas.pl\/wp-content\/uploads\/2021\/08\/DSC09238-1024x561-1.jpg\"><img loading=\"lazy\" decoding=\"async\" width=\"1024\" height=\"561\" src=\"http:\/\/lapidarium.fundacja-hereditas.pl\/wp-content\/uploads\/2021\/08\/DSC09238-1024x561-1.jpg\" alt=\"Drzwi do mieszkania w oficynie poprzecznej (zach.). Fot. Katarzyna Komar-Michalczyk, 2020, \u017ar\u00f3d\u0142o: lapidarium detalu.\" data-id=\"1232\" data-full-url=\"http:\/\/lapidarium.fundacja-hereditas.pl\/wp-content\/uploads\/2021\/08\/DSC09238-1024x561-1.jpg\" data-link=\"https:\/\/lapidarium.fundacja-hereditas.pl\/dsc09238-1024x561\/\" class=\"wp-image-1232\" srcset=\"http:\/\/lapidarium.fundacja-hereditas.pl\/wp-content\/uploads\/2021\/08\/DSC09238-1024x561-1.jpg 1024w, http:\/\/lapidarium.fundacja-hereditas.pl\/wp-content\/uploads\/2021\/08\/DSC09238-1024x561-1-300x164.jpg 300w, http:\/\/lapidarium.fundacja-hereditas.pl\/wp-content\/uploads\/2021\/08\/DSC09238-1024x561-1-768x421.jpg 768w, http:\/\/lapidarium.fundacja-hereditas.pl\/wp-content\/uploads\/2021\/08\/DSC09238-1024x561-1-150x82.jpg 150w, http:\/\/lapidarium.fundacja-hereditas.pl\/wp-content\/uploads\/2021\/08\/DSC09238-1024x561-1-696x381.jpg 696w\" sizes=\"auto, (max-width: 1024px) 100vw, 1024px\" \/><\/a><figcaption class=\"blocks-gallery-item__caption\">Drzwi do mieszkania w oficynie poprzecznej (zach.). Fot. Katarzyna Komar-Michalczyk, 2020, \u017ar\u00f3d\u0142o: lapidarium detalu.<\/figcaption><\/figure><\/li><li class=\"blocks-gallery-item\"><figure><a href=\"http:\/\/lapidarium.fundacja-hereditas.pl\/wp-content\/uploads\/2021\/08\/Krucza_47_A_Rob_Mar_2020-09-26_Podworze_17_-773x1024-1.jpg\"><img loading=\"lazy\" decoding=\"async\" width=\"773\" height=\"1024\" src=\"http:\/\/lapidarium.fundacja-hereditas.pl\/wp-content\/uploads\/2021\/08\/Krucza_47_A_Rob_Mar_2020-09-26_Podworze_17_-773x1024-1.jpg\" alt=\"Wspornik wiaty nad drzwiami wej\u015bciowymi na klatk\u0119 schodow\u0105 oficyny zach. Fot. Robert Marcinkowski, 2020, \u017ar\u00f3d\u0142o: lapidarium detalu.\" data-id=\"1227\" data-full-url=\"http:\/\/lapidarium.fundacja-hereditas.pl\/wp-content\/uploads\/2021\/08\/Krucza_47_A_Rob_Mar_2020-09-26_Podworze_17_-773x1024-1.jpg\" data-link=\"https:\/\/lapidarium.fundacja-hereditas.pl\/krucza_47_a_rob_mar_2020-09-26_podworze_17_-773x1024\/\" class=\"wp-image-1227\" srcset=\"http:\/\/lapidarium.fundacja-hereditas.pl\/wp-content\/uploads\/2021\/08\/Krucza_47_A_Rob_Mar_2020-09-26_Podworze_17_-773x1024-1.jpg 773w, http:\/\/lapidarium.fundacja-hereditas.pl\/wp-content\/uploads\/2021\/08\/Krucza_47_A_Rob_Mar_2020-09-26_Podworze_17_-773x1024-1-226x300.jpg 226w, http:\/\/lapidarium.fundacja-hereditas.pl\/wp-content\/uploads\/2021\/08\/Krucza_47_A_Rob_Mar_2020-09-26_Podworze_17_-773x1024-1-768x1017.jpg 768w, http:\/\/lapidarium.fundacja-hereditas.pl\/wp-content\/uploads\/2021\/08\/Krucza_47_A_Rob_Mar_2020-09-26_Podworze_17_-773x1024-1-150x199.jpg 150w, http:\/\/lapidarium.fundacja-hereditas.pl\/wp-content\/uploads\/2021\/08\/Krucza_47_A_Rob_Mar_2020-09-26_Podworze_17_-773x1024-1-300x397.jpg 300w, http:\/\/lapidarium.fundacja-hereditas.pl\/wp-content\/uploads\/2021\/08\/Krucza_47_A_Rob_Mar_2020-09-26_Podworze_17_-773x1024-1-696x922.jpg 696w\" sizes=\"auto, (max-width: 773px) 100vw, 773px\" \/><\/a><figcaption class=\"blocks-gallery-item__caption\">Wspornik wiaty nad drzwiami wej\u015bciowymi na klatk\u0119 schodow\u0105 oficyny zach. Fot. Robert Marcinkowski, 2020, \u017ar\u00f3d\u0142o: lapidarium detalu.<\/figcaption><\/figure><\/li><li class=\"blocks-gallery-item\"><figure><a href=\"http:\/\/lapidarium.fundacja-hereditas.pl\/wp-content\/uploads\/2021\/08\/DSC09285a-1024x768-1.jpg\"><img loading=\"lazy\" decoding=\"async\" width=\"1024\" height=\"768\" src=\"http:\/\/lapidarium.fundacja-hereditas.pl\/wp-content\/uploads\/2021\/08\/DSC09285a-1024x768-1.jpg\" alt=\"Wysi\u0119gnik do zawieszenia lampy (?), przejazd bramny. Fot. Katarzyna Komar-Michalczyk, 2020, \u017ar\u00f3d\u0142o: lapidarium detalu.\" data-id=\"1194\" data-full-url=\"http:\/\/lapidarium.fundacja-hereditas.pl\/wp-content\/uploads\/2021\/08\/DSC09285a-1024x768-1.jpg\" data-link=\"https:\/\/lapidarium.fundacja-hereditas.pl\/dsc09285a-1024x768\/\" class=\"wp-image-1194\" srcset=\"http:\/\/lapidarium.fundacja-hereditas.pl\/wp-content\/uploads\/2021\/08\/DSC09285a-1024x768-1.jpg 1024w, http:\/\/lapidarium.fundacja-hereditas.pl\/wp-content\/uploads\/2021\/08\/DSC09285a-1024x768-1-300x225.jpg 300w, http:\/\/lapidarium.fundacja-hereditas.pl\/wp-content\/uploads\/2021\/08\/DSC09285a-1024x768-1-768x576.jpg 768w, http:\/\/lapidarium.fundacja-hereditas.pl\/wp-content\/uploads\/2021\/08\/DSC09285a-1024x768-1-150x113.jpg 150w, http:\/\/lapidarium.fundacja-hereditas.pl\/wp-content\/uploads\/2021\/08\/DSC09285a-1024x768-1-696x522.jpg 696w\" sizes=\"auto, (max-width: 1024px) 100vw, 1024px\" \/><\/a><figcaption class=\"blocks-gallery-item__caption\">Wysi\u0119gnik do zawieszenia lampy (?), przejazd bramny. Fot. Katarzyna Komar-Michalczyk, 2020, \u017ar\u00f3d\u0142o: lapidarium detalu.<\/figcaption><\/figure><\/li><li class=\"blocks-gallery-item\"><figure><a href=\"http:\/\/lapidarium.fundacja-hereditas.pl\/wp-content\/uploads\/2021\/08\/DSC09284a-scaled-1.jpg\"><img loading=\"lazy\" decoding=\"async\" width=\"1024\" height=\"768\" src=\"http:\/\/lapidarium.fundacja-hereditas.pl\/wp-content\/uploads\/2021\/08\/DSC09284a-scaled-1-1024x768.jpg\" alt=\"Artykulacja \u015bcian przejazdu bramnego. Fot. Katarzyna Komar-Michalczyk, 2020, \u017ar\u00f3d\u0142o: lapidarium detalu.\" data-id=\"1193\" data-full-url=\"http:\/\/lapidarium.fundacja-hereditas.pl\/wp-content\/uploads\/2021\/08\/DSC09284a-scaled-1.jpg\" data-link=\"https:\/\/lapidarium.fundacja-hereditas.pl\/dsc09284a-scaled\/\" class=\"wp-image-1193\" srcset=\"http:\/\/lapidarium.fundacja-hereditas.pl\/wp-content\/uploads\/2021\/08\/DSC09284a-scaled-1-1024x768.jpg 1024w, http:\/\/lapidarium.fundacja-hereditas.pl\/wp-content\/uploads\/2021\/08\/DSC09284a-scaled-1-300x225.jpg 300w, http:\/\/lapidarium.fundacja-hereditas.pl\/wp-content\/uploads\/2021\/08\/DSC09284a-scaled-1-768x576.jpg 768w, http:\/\/lapidarium.fundacja-hereditas.pl\/wp-content\/uploads\/2021\/08\/DSC09284a-scaled-1-1536x1152.jpg 1536w, http:\/\/lapidarium.fundacja-hereditas.pl\/wp-content\/uploads\/2021\/08\/DSC09284a-scaled-1-2048x1536.jpg 2048w, http:\/\/lapidarium.fundacja-hereditas.pl\/wp-content\/uploads\/2021\/08\/DSC09284a-scaled-1-150x113.jpg 150w, http:\/\/lapidarium.fundacja-hereditas.pl\/wp-content\/uploads\/2021\/08\/DSC09284a-scaled-1-696x522.jpg 696w, http:\/\/lapidarium.fundacja-hereditas.pl\/wp-content\/uploads\/2021\/08\/DSC09284a-scaled-1-1068x801.jpg 1068w, http:\/\/lapidarium.fundacja-hereditas.pl\/wp-content\/uploads\/2021\/08\/DSC09284a-scaled-1-1920x1440.jpg 1920w\" sizes=\"auto, (max-width: 1024px) 100vw, 1024px\" \/><\/a><figcaption class=\"blocks-gallery-item__caption\">Artykulacja \u015bcian przejazdu bramnego. Fot. Katarzyna Komar-Michalczyk, 2020, \u017ar\u00f3d\u0142o: lapidarium detalu.<\/figcaption><\/figure><\/li><li class=\"blocks-gallery-item\"><figure><a href=\"http:\/\/lapidarium.fundacja-hereditas.pl\/wp-content\/uploads\/2021\/08\/DSC09293a-745x1024-1.jpg\"><img loading=\"lazy\" decoding=\"async\" width=\"745\" height=\"1024\" src=\"http:\/\/lapidarium.fundacja-hereditas.pl\/wp-content\/uploads\/2021\/08\/DSC09293a-745x1024-1.jpg\" alt=\"Odb\u00f3j wlotowy prawy. Fot. Katarzyna Komar-Michalczyk, 2020, \u017ar\u00f3d\u0142o: lapidarium detalu.\" data-id=\"1199\" data-full-url=\"http:\/\/lapidarium.fundacja-hereditas.pl\/wp-content\/uploads\/2021\/08\/DSC09293a-745x1024-1.jpg\" data-link=\"https:\/\/lapidarium.fundacja-hereditas.pl\/dsc09293a-745x1024\/\" class=\"wp-image-1199\" srcset=\"http:\/\/lapidarium.fundacja-hereditas.pl\/wp-content\/uploads\/2021\/08\/DSC09293a-745x1024-1.jpg 745w, http:\/\/lapidarium.fundacja-hereditas.pl\/wp-content\/uploads\/2021\/08\/DSC09293a-745x1024-1-218x300.jpg 218w, http:\/\/lapidarium.fundacja-hereditas.pl\/wp-content\/uploads\/2021\/08\/DSC09293a-745x1024-1-150x206.jpg 150w, http:\/\/lapidarium.fundacja-hereditas.pl\/wp-content\/uploads\/2021\/08\/DSC09293a-745x1024-1-300x412.jpg 300w, http:\/\/lapidarium.fundacja-hereditas.pl\/wp-content\/uploads\/2021\/08\/DSC09293a-745x1024-1-696x957.jpg 696w\" sizes=\"auto, (max-width: 745px) 100vw, 745px\" \/><\/a><figcaption class=\"blocks-gallery-item__caption\">Odb\u00f3j wlotowy prawy. Fot. Katarzyna Komar-Michalczyk, 2020, \u017ar\u00f3d\u0142o: lapidarium detalu.<\/figcaption><\/figure><\/li><li class=\"blocks-gallery-item\"><figure><a href=\"http:\/\/lapidarium.fundacja-hereditas.pl\/wp-content\/uploads\/2021\/08\/DSC09292a-811x1024-1.jpg\"><img loading=\"lazy\" decoding=\"async\" width=\"811\" height=\"1024\" src=\"http:\/\/lapidarium.fundacja-hereditas.pl\/wp-content\/uploads\/2021\/08\/DSC09292a-811x1024-1.jpg\" alt=\"Odb\u00f3j wlotowy lewy. Fot. Katarzyna Komar-Michalczyk, 2020, \u017ar\u00f3d\u0142o: lapidarium detalu.\" data-id=\"1198\" data-full-url=\"http:\/\/lapidarium.fundacja-hereditas.pl\/wp-content\/uploads\/2021\/08\/DSC09292a-811x1024-1.jpg\" data-link=\"https:\/\/lapidarium.fundacja-hereditas.pl\/dsc09292a-811x1024\/\" class=\"wp-image-1198\" srcset=\"http:\/\/lapidarium.fundacja-hereditas.pl\/wp-content\/uploads\/2021\/08\/DSC09292a-811x1024-1.jpg 811w, http:\/\/lapidarium.fundacja-hereditas.pl\/wp-content\/uploads\/2021\/08\/DSC09292a-811x1024-1-238x300.jpg 238w, http:\/\/lapidarium.fundacja-hereditas.pl\/wp-content\/uploads\/2021\/08\/DSC09292a-811x1024-1-768x970.jpg 768w, http:\/\/lapidarium.fundacja-hereditas.pl\/wp-content\/uploads\/2021\/08\/DSC09292a-811x1024-1-150x189.jpg 150w, http:\/\/lapidarium.fundacja-hereditas.pl\/wp-content\/uploads\/2021\/08\/DSC09292a-811x1024-1-300x379.jpg 300w, http:\/\/lapidarium.fundacja-hereditas.pl\/wp-content\/uploads\/2021\/08\/DSC09292a-811x1024-1-696x879.jpg 696w\" sizes=\"auto, (max-width: 811px) 100vw, 811px\" \/><\/a><figcaption class=\"blocks-gallery-item__caption\">Odb\u00f3j wlotowy lewy. Fot. Katarzyna Komar-Michalczyk, 2020, \u017ar\u00f3d\u0142o: lapidarium detalu.<\/figcaption><\/figure><\/li><li class=\"blocks-gallery-item\"><figure><a href=\"http:\/\/lapidarium.fundacja-hereditas.pl\/wp-content\/uploads\/2021\/08\/DSC09256-1024x768-1.jpg\"><img loading=\"lazy\" decoding=\"async\" width=\"1024\" height=\"768\" src=\"http:\/\/lapidarium.fundacja-hereditas.pl\/wp-content\/uploads\/2021\/08\/DSC09256-1024x768-1.jpg\" alt=\"Wiata nad drzwiami na klatk\u0119 schodow\u0105 oficyny zach. Fot. Katarzyna Komar-Michalczyk, 2020, \u017ar\u00f3d\u0142o: lapidarium detalu.\" data-id=\"1244\" data-full-url=\"http:\/\/lapidarium.fundacja-hereditas.pl\/wp-content\/uploads\/2021\/08\/DSC09256-1024x768-1.jpg\" data-link=\"https:\/\/lapidarium.fundacja-hereditas.pl\/dsc09256-1024x768\/\" class=\"wp-image-1244\" srcset=\"http:\/\/lapidarium.fundacja-hereditas.pl\/wp-content\/uploads\/2021\/08\/DSC09256-1024x768-1.jpg 1024w, http:\/\/lapidarium.fundacja-hereditas.pl\/wp-content\/uploads\/2021\/08\/DSC09256-1024x768-1-300x225.jpg 300w, http:\/\/lapidarium.fundacja-hereditas.pl\/wp-content\/uploads\/2021\/08\/DSC09256-1024x768-1-768x576.jpg 768w, http:\/\/lapidarium.fundacja-hereditas.pl\/wp-content\/uploads\/2021\/08\/DSC09256-1024x768-1-150x113.jpg 150w, http:\/\/lapidarium.fundacja-hereditas.pl\/wp-content\/uploads\/2021\/08\/DSC09256-1024x768-1-696x522.jpg 696w\" sizes=\"auto, (max-width: 1024px) 100vw, 1024px\" \/><\/a><figcaption class=\"blocks-gallery-item__caption\">Wiata nad drzwiami na klatk\u0119 schodow\u0105 oficyny zach. Fot. Katarzyna Komar-Michalczyk, 2020, \u017ar\u00f3d\u0142o: lapidarium detalu.<\/figcaption><\/figure><\/li><li class=\"blocks-gallery-item\"><figure><a href=\"http:\/\/lapidarium.fundacja-hereditas.pl\/wp-content\/uploads\/2021\/08\/DSC09255-768x1024-1.jpg\"><img loading=\"lazy\" decoding=\"async\" width=\"768\" height=\"1024\" src=\"http:\/\/lapidarium.fundacja-hereditas.pl\/wp-content\/uploads\/2021\/08\/DSC09255-768x1024-1.jpg\" alt=\"Drzwi na klatk\u0119 schodow\u0105 oficyny zach. Fot. Katarzyna Komar-Michalczyk, 2020Fot. Katarzyna Komar-Michalczyk, 2020, \u017ar\u00f3d\u0142o: lapidarium detalu.\" data-id=\"1243\" data-full-url=\"http:\/\/lapidarium.fundacja-hereditas.pl\/wp-content\/uploads\/2021\/08\/DSC09255-768x1024-1.jpg\" data-link=\"https:\/\/lapidarium.fundacja-hereditas.pl\/dsc09255-768x1024\/\" class=\"wp-image-1243\" srcset=\"http:\/\/lapidarium.fundacja-hereditas.pl\/wp-content\/uploads\/2021\/08\/DSC09255-768x1024-1.jpg 768w, http:\/\/lapidarium.fundacja-hereditas.pl\/wp-content\/uploads\/2021\/08\/DSC09255-768x1024-1-225x300.jpg 225w, http:\/\/lapidarium.fundacja-hereditas.pl\/wp-content\/uploads\/2021\/08\/DSC09255-768x1024-1-150x200.jpg 150w, http:\/\/lapidarium.fundacja-hereditas.pl\/wp-content\/uploads\/2021\/08\/DSC09255-768x1024-1-300x400.jpg 300w, http:\/\/lapidarium.fundacja-hereditas.pl\/wp-content\/uploads\/2021\/08\/DSC09255-768x1024-1-696x928.jpg 696w\" sizes=\"auto, (max-width: 768px) 100vw, 768px\" \/><\/a><figcaption class=\"blocks-gallery-item__caption\">Drzwi na klatk\u0119 schodow\u0105 oficyny zach. Fot. Katarzyna Komar-Michalczyk, 2020Fot. Katarzyna Komar-Michalczyk, 2020, \u017ar\u00f3d\u0142o: lapidarium detalu.<\/figcaption><\/figure><\/li><li class=\"blocks-gallery-item\"><figure><a href=\"http:\/\/lapidarium.fundacja-hereditas.pl\/wp-content\/uploads\/2021\/08\/DSC09253-1024x768-1.jpg\"><img loading=\"lazy\" decoding=\"async\" width=\"1024\" height=\"768\" src=\"http:\/\/lapidarium.fundacja-hereditas.pl\/wp-content\/uploads\/2021\/08\/DSC09253-1024x768-1.jpg\" alt=\"Klatka schodowa oficyny poprzecznej (zach.). Fot. Katarzyna Komar-Michalczyk, 2020, \u017ar\u00f3d\u0142o: lapidarium detalu.\" data-id=\"1242\" data-full-url=\"http:\/\/lapidarium.fundacja-hereditas.pl\/wp-content\/uploads\/2021\/08\/DSC09253-1024x768-1.jpg\" data-link=\"https:\/\/lapidarium.fundacja-hereditas.pl\/dsc09253-1024x768\/\" class=\"wp-image-1242\" srcset=\"http:\/\/lapidarium.fundacja-hereditas.pl\/wp-content\/uploads\/2021\/08\/DSC09253-1024x768-1.jpg 1024w, http:\/\/lapidarium.fundacja-hereditas.pl\/wp-content\/uploads\/2021\/08\/DSC09253-1024x768-1-300x225.jpg 300w, http:\/\/lapidarium.fundacja-hereditas.pl\/wp-content\/uploads\/2021\/08\/DSC09253-1024x768-1-768x576.jpg 768w, http:\/\/lapidarium.fundacja-hereditas.pl\/wp-content\/uploads\/2021\/08\/DSC09253-1024x768-1-150x113.jpg 150w, http:\/\/lapidarium.fundacja-hereditas.pl\/wp-content\/uploads\/2021\/08\/DSC09253-1024x768-1-696x522.jpg 696w\" sizes=\"auto, (max-width: 1024px) 100vw, 1024px\" \/><\/a><figcaption class=\"blocks-gallery-item__caption\">Klatka schodowa oficyny poprzecznej (zach.). Fot. Katarzyna Komar-Michalczyk, 2020, \u017ar\u00f3d\u0142o: lapidarium detalu.<\/figcaption><\/figure><\/li><li class=\"blocks-gallery-item\"><figure><a href=\"http:\/\/lapidarium.fundacja-hereditas.pl\/wp-content\/uploads\/2021\/08\/DSC09252-1024x768-1.jpg\"><img loading=\"lazy\" decoding=\"async\" width=\"1024\" height=\"768\" src=\"http:\/\/lapidarium.fundacja-hereditas.pl\/wp-content\/uploads\/2021\/08\/DSC09252-1024x768-1.jpg\" alt=\"Klatka schodowa oficyny poprzecznej (zach.). Fot. Katarzyna Komar-Michalczyk, 2020, \u017ar\u00f3d\u0142o: lapidarium detalu.\" data-id=\"1241\" data-full-url=\"http:\/\/lapidarium.fundacja-hereditas.pl\/wp-content\/uploads\/2021\/08\/DSC09252-1024x768-1.jpg\" data-link=\"https:\/\/lapidarium.fundacja-hereditas.pl\/dsc09252-1024x768\/\" class=\"wp-image-1241\" srcset=\"http:\/\/lapidarium.fundacja-hereditas.pl\/wp-content\/uploads\/2021\/08\/DSC09252-1024x768-1.jpg 1024w, http:\/\/lapidarium.fundacja-hereditas.pl\/wp-content\/uploads\/2021\/08\/DSC09252-1024x768-1-300x225.jpg 300w, http:\/\/lapidarium.fundacja-hereditas.pl\/wp-content\/uploads\/2021\/08\/DSC09252-1024x768-1-768x576.jpg 768w, http:\/\/lapidarium.fundacja-hereditas.pl\/wp-content\/uploads\/2021\/08\/DSC09252-1024x768-1-150x113.jpg 150w, http:\/\/lapidarium.fundacja-hereditas.pl\/wp-content\/uploads\/2021\/08\/DSC09252-1024x768-1-696x522.jpg 696w\" sizes=\"auto, (max-width: 1024px) 100vw, 1024px\" \/><\/a><figcaption class=\"blocks-gallery-item__caption\">Klatka schodowa oficyny poprzecznej (zach.). Fot. Katarzyna Komar-Michalczyk, 2020, \u017ar\u00f3d\u0142o: lapidarium detalu.<\/figcaption><\/figure><\/li><li class=\"blocks-gallery-item\"><figure><a href=\"http:\/\/lapidarium.fundacja-hereditas.pl\/wp-content\/uploads\/2021\/08\/Krucza_47_A_Luc_Mar_2020-09-26_klatka_oficyna_zach_01_-761x1024-1.jpg\"><img loading=\"lazy\" decoding=\"async\" width=\"761\" height=\"1024\" src=\"http:\/\/lapidarium.fundacja-hereditas.pl\/wp-content\/uploads\/2021\/08\/Krucza_47_A_Luc_Mar_2020-09-26_klatka_oficyna_zach_01_-761x1024-1.jpg\" alt=\"Klatka schodowa w oficynie poprzecznej, parter. Fot. \u0141ucja Marcinkowska, 2020, \u017ar\u00f3d\u0142o: lapidarium detalu.\" data-id=\"1204\" data-full-url=\"http:\/\/lapidarium.fundacja-hereditas.pl\/wp-content\/uploads\/2021\/08\/Krucza_47_A_Luc_Mar_2020-09-26_klatka_oficyna_zach_01_-761x1024-1.jpg\" data-link=\"https:\/\/lapidarium.fundacja-hereditas.pl\/krucza_47_a_luc_mar_2020-09-26_klatka_oficyna_zach_01_-761x1024\/\" class=\"wp-image-1204\" srcset=\"http:\/\/lapidarium.fundacja-hereditas.pl\/wp-content\/uploads\/2021\/08\/Krucza_47_A_Luc_Mar_2020-09-26_klatka_oficyna_zach_01_-761x1024-1.jpg 761w, http:\/\/lapidarium.fundacja-hereditas.pl\/wp-content\/uploads\/2021\/08\/Krucza_47_A_Luc_Mar_2020-09-26_klatka_oficyna_zach_01_-761x1024-1-223x300.jpg 223w, http:\/\/lapidarium.fundacja-hereditas.pl\/wp-content\/uploads\/2021\/08\/Krucza_47_A_Luc_Mar_2020-09-26_klatka_oficyna_zach_01_-761x1024-1-150x202.jpg 150w, http:\/\/lapidarium.fundacja-hereditas.pl\/wp-content\/uploads\/2021\/08\/Krucza_47_A_Luc_Mar_2020-09-26_klatka_oficyna_zach_01_-761x1024-1-300x404.jpg 300w, http:\/\/lapidarium.fundacja-hereditas.pl\/wp-content\/uploads\/2021\/08\/Krucza_47_A_Luc_Mar_2020-09-26_klatka_oficyna_zach_01_-761x1024-1-696x937.jpg 696w\" sizes=\"auto, (max-width: 761px) 100vw, 761px\" \/><\/a><figcaption class=\"blocks-gallery-item__caption\">Klatka schodowa w oficynie poprzecznej, parter. Fot. \u0141ucja Marcinkowska, 2020, \u017ar\u00f3d\u0142o: lapidarium detalu.<\/figcaption><\/figure><\/li><li class=\"blocks-gallery-item\"><figure><a href=\"http:\/\/lapidarium.fundacja-hereditas.pl\/wp-content\/uploads\/2021\/08\/DSC09245-1024x768-1.jpg\"><img loading=\"lazy\" decoding=\"async\" width=\"1024\" height=\"768\" src=\"http:\/\/lapidarium.fundacja-hereditas.pl\/wp-content\/uploads\/2021\/08\/DSC09245-1024x768-1.jpg\" alt=\"Klatka schodowa oficyny poprzecznej (zach.). Fot. Katarzyna Komar-Michalczyk, 2020, \u017ar\u00f3d\u0142o: lapidarium detalu.\" data-id=\"1236\" data-full-url=\"http:\/\/lapidarium.fundacja-hereditas.pl\/wp-content\/uploads\/2021\/08\/DSC09245-1024x768-1.jpg\" data-link=\"https:\/\/lapidarium.fundacja-hereditas.pl\/dsc09245-1024x768\/\" class=\"wp-image-1236\" srcset=\"http:\/\/lapidarium.fundacja-hereditas.pl\/wp-content\/uploads\/2021\/08\/DSC09245-1024x768-1.jpg 1024w, http:\/\/lapidarium.fundacja-hereditas.pl\/wp-content\/uploads\/2021\/08\/DSC09245-1024x768-1-300x225.jpg 300w, http:\/\/lapidarium.fundacja-hereditas.pl\/wp-content\/uploads\/2021\/08\/DSC09245-1024x768-1-768x576.jpg 768w, http:\/\/lapidarium.fundacja-hereditas.pl\/wp-content\/uploads\/2021\/08\/DSC09245-1024x768-1-150x113.jpg 150w, http:\/\/lapidarium.fundacja-hereditas.pl\/wp-content\/uploads\/2021\/08\/DSC09245-1024x768-1-696x522.jpg 696w\" sizes=\"auto, (max-width: 1024px) 100vw, 1024px\" \/><\/a><figcaption class=\"blocks-gallery-item__caption\">Klatka schodowa oficyny poprzecznej (zach.). Fot. Katarzyna Komar-Michalczyk, 2020, \u017ar\u00f3d\u0142o: lapidarium detalu.<\/figcaption><\/figure><\/li><li class=\"blocks-gallery-item\"><figure><a href=\"http:\/\/lapidarium.fundacja-hereditas.pl\/wp-content\/uploads\/2021\/08\/DSC09262-1024x768-1.jpg\"><img loading=\"lazy\" decoding=\"async\" width=\"1024\" height=\"768\" src=\"http:\/\/lapidarium.fundacja-hereditas.pl\/wp-content\/uploads\/2021\/08\/DSC09262-1024x768-1.jpg\" alt=\"Klatka schodowa oficyny bocznej (p\u0142d.). Fot. Katarzyna Komar-Michalczyk, 2020, \u017ar\u00f3d\u0142o: lapidarium detalu.\" data-id=\"1246\" data-full-url=\"http:\/\/lapidarium.fundacja-hereditas.pl\/wp-content\/uploads\/2021\/08\/DSC09262-1024x768-1.jpg\" data-link=\"https:\/\/lapidarium.fundacja-hereditas.pl\/dsc09262-1024x768\/\" class=\"wp-image-1246\" srcset=\"http:\/\/lapidarium.fundacja-hereditas.pl\/wp-content\/uploads\/2021\/08\/DSC09262-1024x768-1.jpg 1024w, http:\/\/lapidarium.fundacja-hereditas.pl\/wp-content\/uploads\/2021\/08\/DSC09262-1024x768-1-300x225.jpg 300w, http:\/\/lapidarium.fundacja-hereditas.pl\/wp-content\/uploads\/2021\/08\/DSC09262-1024x768-1-768x576.jpg 768w, http:\/\/lapidarium.fundacja-hereditas.pl\/wp-content\/uploads\/2021\/08\/DSC09262-1024x768-1-150x113.jpg 150w, http:\/\/lapidarium.fundacja-hereditas.pl\/wp-content\/uploads\/2021\/08\/DSC09262-1024x768-1-696x522.jpg 696w\" sizes=\"auto, (max-width: 1024px) 100vw, 1024px\" \/><\/a><figcaption class=\"blocks-gallery-item__caption\">Klatka schodowa oficyny bocznej (p\u0142d.). Fot. Katarzyna Komar-Michalczyk, 2020, \u017ar\u00f3d\u0142o: lapidarium detalu.<\/figcaption><\/figure><\/li><li class=\"blocks-gallery-item\"><figure><a href=\"http:\/\/lapidarium.fundacja-hereditas.pl\/wp-content\/uploads\/2021\/08\/DSC09248-1024x768-1.jpg\"><img loading=\"lazy\" decoding=\"async\" width=\"1024\" height=\"768\" src=\"http:\/\/lapidarium.fundacja-hereditas.pl\/wp-content\/uploads\/2021\/08\/DSC09248-1024x768-1.jpg\" alt=\"Klatka schodowa oficyny poprzecznej (zach.). Fot. Katarzyna Komar-Michalczyk, 2020, \u017ar\u00f3d\u0142o: lapidarium detalu.\" data-id=\"1239\" data-full-url=\"http:\/\/lapidarium.fundacja-hereditas.pl\/wp-content\/uploads\/2021\/08\/DSC09248-1024x768-1.jpg\" data-link=\"https:\/\/lapidarium.fundacja-hereditas.pl\/dsc09248-1024x768\/\" class=\"wp-image-1239\" srcset=\"http:\/\/lapidarium.fundacja-hereditas.pl\/wp-content\/uploads\/2021\/08\/DSC09248-1024x768-1.jpg 1024w, http:\/\/lapidarium.fundacja-hereditas.pl\/wp-content\/uploads\/2021\/08\/DSC09248-1024x768-1-300x225.jpg 300w, http:\/\/lapidarium.fundacja-hereditas.pl\/wp-content\/uploads\/2021\/08\/DSC09248-1024x768-1-768x576.jpg 768w, http:\/\/lapidarium.fundacja-hereditas.pl\/wp-content\/uploads\/2021\/08\/DSC09248-1024x768-1-150x113.jpg 150w, http:\/\/lapidarium.fundacja-hereditas.pl\/wp-content\/uploads\/2021\/08\/DSC09248-1024x768-1-696x522.jpg 696w\" sizes=\"auto, (max-width: 1024px) 100vw, 1024px\" \/><\/a><figcaption class=\"blocks-gallery-item__caption\">Klatka schodowa oficyny poprzecznej (zach.). Fot. Katarzyna Komar-Michalczyk, 2020, \u017ar\u00f3d\u0142o: lapidarium detalu.<\/figcaption><\/figure><\/li><li class=\"blocks-gallery-item\"><figure><a href=\"http:\/\/lapidarium.fundacja-hereditas.pl\/wp-content\/uploads\/2021\/08\/rbl.jpg\"><img loading=\"lazy\" decoding=\"async\" width=\"474\" height=\"640\" src=\"http:\/\/lapidarium.fundacja-hereditas.pl\/wp-content\/uploads\/2021\/08\/rbl.jpg\" alt=\"Okno ostatniej kondygnacji oficyny poprzecznej (zach.). Fot. Robert Marcinkowski, 2020, \u017ar\u00f3d\u0142o: lapidarium detalu.\" data-id=\"1228\" data-full-url=\"http:\/\/lapidarium.fundacja-hereditas.pl\/wp-content\/uploads\/2021\/08\/rbl.jpg\" data-link=\"https:\/\/lapidarium.fundacja-hereditas.pl\/rbl\/\" class=\"wp-image-1228\" srcset=\"http:\/\/lapidarium.fundacja-hereditas.pl\/wp-content\/uploads\/2021\/08\/rbl.jpg 474w, http:\/\/lapidarium.fundacja-hereditas.pl\/wp-content\/uploads\/2021\/08\/rbl-222x300.jpg 222w, http:\/\/lapidarium.fundacja-hereditas.pl\/wp-content\/uploads\/2021\/08\/rbl-150x203.jpg 150w, http:\/\/lapidarium.fundacja-hereditas.pl\/wp-content\/uploads\/2021\/08\/rbl-300x405.jpg 300w\" sizes=\"auto, (max-width: 474px) 100vw, 474px\" \/><\/a><figcaption class=\"blocks-gallery-item__caption\">Okno ostatniej kondygnacji oficyny poprzecznej (zach.). Fot. Robert Marcinkowski, 2020, \u017ar\u00f3d\u0142o: lapidarium detalu.<\/figcaption><\/figure><\/li><li class=\"blocks-gallery-item\"><figure><a href=\"http:\/\/lapidarium.fundacja-hereditas.pl\/wp-content\/uploads\/2021\/08\/Krucza_47_A_Rob_Mar_2020-09-26_klatka_Ofic_Pld_17_-1024x772-1.jpg\"><img loading=\"lazy\" decoding=\"async\" width=\"1024\" height=\"772\" src=\"http:\/\/lapidarium.fundacja-hereditas.pl\/wp-content\/uploads\/2021\/08\/Krucza_47_A_Rob_Mar_2020-09-26_klatka_Ofic_Pld_17_-1024x772-1.jpg\" alt=\"Okno klatki schodowej oficyny p\u0142d. Fot. Robert Marcinkowski, 2020, \u017ar\u00f3d\u0142o: lapidarium detalu.\" data-id=\"1219\" data-full-url=\"http:\/\/lapidarium.fundacja-hereditas.pl\/wp-content\/uploads\/2021\/08\/Krucza_47_A_Rob_Mar_2020-09-26_klatka_Ofic_Pld_17_-1024x772-1.jpg\" data-link=\"https:\/\/lapidarium.fundacja-hereditas.pl\/krucza_47_a_rob_mar_2020-09-26_klatka_ofic_pld_17_-1024x772\/\" class=\"wp-image-1219\" srcset=\"http:\/\/lapidarium.fundacja-hereditas.pl\/wp-content\/uploads\/2021\/08\/Krucza_47_A_Rob_Mar_2020-09-26_klatka_Ofic_Pld_17_-1024x772-1.jpg 1024w, http:\/\/lapidarium.fundacja-hereditas.pl\/wp-content\/uploads\/2021\/08\/Krucza_47_A_Rob_Mar_2020-09-26_klatka_Ofic_Pld_17_-1024x772-1-300x226.jpg 300w, http:\/\/lapidarium.fundacja-hereditas.pl\/wp-content\/uploads\/2021\/08\/Krucza_47_A_Rob_Mar_2020-09-26_klatka_Ofic_Pld_17_-1024x772-1-768x579.jpg 768w, http:\/\/lapidarium.fundacja-hereditas.pl\/wp-content\/uploads\/2021\/08\/Krucza_47_A_Rob_Mar_2020-09-26_klatka_Ofic_Pld_17_-1024x772-1-150x113.jpg 150w, http:\/\/lapidarium.fundacja-hereditas.pl\/wp-content\/uploads\/2021\/08\/Krucza_47_A_Rob_Mar_2020-09-26_klatka_Ofic_Pld_17_-1024x772-1-696x525.jpg 696w\" sizes=\"auto, (max-width: 1024px) 100vw, 1024px\" \/><\/a><figcaption class=\"blocks-gallery-item__caption\">Okno klatki schodowej oficyny p\u0142d. Fot. Robert Marcinkowski, 2020, \u017ar\u00f3d\u0142o: lapidarium detalu.<\/figcaption><\/figure><\/li><li class=\"blocks-gallery-item\"><figure><a href=\"http:\/\/lapidarium.fundacja-hereditas.pl\/wp-content\/uploads\/2021\/08\/Krucza_47_A_Rob_Mar_2020-09-26_klatka_Ofic_Pld_11_-751x1024-1.jpg\"><img loading=\"lazy\" decoding=\"async\" width=\"751\" height=\"1024\" src=\"http:\/\/lapidarium.fundacja-hereditas.pl\/wp-content\/uploads\/2021\/08\/Krucza_47_A_Rob_Mar_2020-09-26_klatka_Ofic_Pld_11_-751x1024-1.jpg\" alt=\"Parapet okna klatki schodowej oficyny p\u0142d. Fot. Robert Marcinkowski, 2020, \u017ar\u00f3d\u0142o: lapidarium detalu.\" data-id=\"1218\" data-full-url=\"http:\/\/lapidarium.fundacja-hereditas.pl\/wp-content\/uploads\/2021\/08\/Krucza_47_A_Rob_Mar_2020-09-26_klatka_Ofic_Pld_11_-751x1024-1.jpg\" data-link=\"https:\/\/lapidarium.fundacja-hereditas.pl\/krucza_47_a_rob_mar_2020-09-26_klatka_ofic_pld_11_-751x1024\/\" class=\"wp-image-1218\" srcset=\"http:\/\/lapidarium.fundacja-hereditas.pl\/wp-content\/uploads\/2021\/08\/Krucza_47_A_Rob_Mar_2020-09-26_klatka_Ofic_Pld_11_-751x1024-1.jpg 751w, http:\/\/lapidarium.fundacja-hereditas.pl\/wp-content\/uploads\/2021\/08\/Krucza_47_A_Rob_Mar_2020-09-26_klatka_Ofic_Pld_11_-751x1024-1-220x300.jpg 220w, http:\/\/lapidarium.fundacja-hereditas.pl\/wp-content\/uploads\/2021\/08\/Krucza_47_A_Rob_Mar_2020-09-26_klatka_Ofic_Pld_11_-751x1024-1-150x205.jpg 150w, http:\/\/lapidarium.fundacja-hereditas.pl\/wp-content\/uploads\/2021\/08\/Krucza_47_A_Rob_Mar_2020-09-26_klatka_Ofic_Pld_11_-751x1024-1-300x409.jpg 300w, http:\/\/lapidarium.fundacja-hereditas.pl\/wp-content\/uploads\/2021\/08\/Krucza_47_A_Rob_Mar_2020-09-26_klatka_Ofic_Pld_11_-751x1024-1-696x949.jpg 696w\" sizes=\"auto, (max-width: 751px) 100vw, 751px\" \/><\/a><figcaption class=\"blocks-gallery-item__caption\">Parapet okna klatki schodowej oficyny p\u0142d. Fot. Robert Marcinkowski, 2020, \u017ar\u00f3d\u0142o: lapidarium detalu.<\/figcaption><\/figure><\/li><li class=\"blocks-gallery-item\"><figure><a href=\"http:\/\/lapidarium.fundacja-hereditas.pl\/wp-content\/uploads\/2021\/08\/Krucza_47_A_Rob_Mar_2020-09-26_klatka_Ofic_Pld_18_-1024x771-1.jpg\"><img loading=\"lazy\" decoding=\"async\" width=\"1024\" height=\"771\" src=\"http:\/\/lapidarium.fundacja-hereditas.pl\/wp-content\/uploads\/2021\/08\/Krucza_47_A_Rob_Mar_2020-09-26_klatka_Ofic_Pld_18_-1024x771-1.jpg\" alt=\"Balustrada schod\u00f3w ostatniej kondygnacji klatki schodowej oficyny p\u0142d. Fot. Robert Marcinkowski, 2020, \u017ar\u00f3d\u0142o: lapidarium detalu.\" data-id=\"1220\" data-full-url=\"http:\/\/lapidarium.fundacja-hereditas.pl\/wp-content\/uploads\/2021\/08\/Krucza_47_A_Rob_Mar_2020-09-26_klatka_Ofic_Pld_18_-1024x771-1.jpg\" data-link=\"https:\/\/lapidarium.fundacja-hereditas.pl\/krucza_47_a_rob_mar_2020-09-26_klatka_ofic_pld_18_-1024x771\/\" class=\"wp-image-1220\" srcset=\"http:\/\/lapidarium.fundacja-hereditas.pl\/wp-content\/uploads\/2021\/08\/Krucza_47_A_Rob_Mar_2020-09-26_klatka_Ofic_Pld_18_-1024x771-1.jpg 1024w, http:\/\/lapidarium.fundacja-hereditas.pl\/wp-content\/uploads\/2021\/08\/Krucza_47_A_Rob_Mar_2020-09-26_klatka_Ofic_Pld_18_-1024x771-1-300x226.jpg 300w, http:\/\/lapidarium.fundacja-hereditas.pl\/wp-content\/uploads\/2021\/08\/Krucza_47_A_Rob_Mar_2020-09-26_klatka_Ofic_Pld_18_-1024x771-1-768x578.jpg 768w, http:\/\/lapidarium.fundacja-hereditas.pl\/wp-content\/uploads\/2021\/08\/Krucza_47_A_Rob_Mar_2020-09-26_klatka_Ofic_Pld_18_-1024x771-1-150x113.jpg 150w, http:\/\/lapidarium.fundacja-hereditas.pl\/wp-content\/uploads\/2021\/08\/Krucza_47_A_Rob_Mar_2020-09-26_klatka_Ofic_Pld_18_-1024x771-1-696x524.jpg 696w\" sizes=\"auto, (max-width: 1024px) 100vw, 1024px\" \/><\/a><figcaption class=\"blocks-gallery-item__caption\">Balustrada schod\u00f3w ostatniej kondygnacji klatki schodowej oficyny p\u0142d. Fot. Robert Marcinkowski, 2020, \u017ar\u00f3d\u0142o: lapidarium detalu.<\/figcaption><\/figure><\/li><li class=\"blocks-gallery-item\"><figure><a href=\"http:\/\/lapidarium.fundacja-hereditas.pl\/wp-content\/uploads\/2021\/08\/Krucza_47_A_Rob_Mar_2020-09-26_klatka_Ofic_Pld_10_-760x1024-1.jpg\"><img loading=\"lazy\" decoding=\"async\" width=\"760\" height=\"1024\" src=\"http:\/\/lapidarium.fundacja-hereditas.pl\/wp-content\/uploads\/2021\/08\/Krucza_47_A_Rob_Mar_2020-09-26_klatka_Ofic_Pld_10_-760x1024-1.jpg\" alt=\"Balustrada schod\u00f3w klatki schodowej oficyny p\u0142d. Fot. Robert Marcinkowski, 2020, \u017ar\u00f3d\u0142o: lapidarium detalu.\" data-id=\"1217\" data-full-url=\"http:\/\/lapidarium.fundacja-hereditas.pl\/wp-content\/uploads\/2021\/08\/Krucza_47_A_Rob_Mar_2020-09-26_klatka_Ofic_Pld_10_-760x1024-1.jpg\" data-link=\"https:\/\/lapidarium.fundacja-hereditas.pl\/krucza_47_a_rob_mar_2020-09-26_klatka_ofic_pld_10_-760x1024\/\" class=\"wp-image-1217\" srcset=\"http:\/\/lapidarium.fundacja-hereditas.pl\/wp-content\/uploads\/2021\/08\/Krucza_47_A_Rob_Mar_2020-09-26_klatka_Ofic_Pld_10_-760x1024-1.jpg 760w, http:\/\/lapidarium.fundacja-hereditas.pl\/wp-content\/uploads\/2021\/08\/Krucza_47_A_Rob_Mar_2020-09-26_klatka_Ofic_Pld_10_-760x1024-1-223x300.jpg 223w, http:\/\/lapidarium.fundacja-hereditas.pl\/wp-content\/uploads\/2021\/08\/Krucza_47_A_Rob_Mar_2020-09-26_klatka_Ofic_Pld_10_-760x1024-1-150x202.jpg 150w, http:\/\/lapidarium.fundacja-hereditas.pl\/wp-content\/uploads\/2021\/08\/Krucza_47_A_Rob_Mar_2020-09-26_klatka_Ofic_Pld_10_-760x1024-1-300x404.jpg 300w, http:\/\/lapidarium.fundacja-hereditas.pl\/wp-content\/uploads\/2021\/08\/Krucza_47_A_Rob_Mar_2020-09-26_klatka_Ofic_Pld_10_-760x1024-1-696x938.jpg 696w\" sizes=\"auto, (max-width: 760px) 100vw, 760px\" \/><\/a><figcaption class=\"blocks-gallery-item__caption\">Balustrada schod\u00f3w klatki schodowej oficyny p\u0142d. Fot. Robert Marcinkowski, 2020, \u017ar\u00f3d\u0142o: lapidarium detalu.<\/figcaption><\/figure><\/li><li class=\"blocks-gallery-item\"><figure><a href=\"http:\/\/lapidarium.fundacja-hereditas.pl\/wp-content\/uploads\/2021\/08\/Krucza_47_A_Luc_Mar_2020-09-26_klatka_oficyna_pld_02_-1024x760-1.jpg\"><img loading=\"lazy\" decoding=\"async\" width=\"1024\" height=\"760\" src=\"http:\/\/lapidarium.fundacja-hereditas.pl\/wp-content\/uploads\/2021\/08\/Krucza_47_A_Luc_Mar_2020-09-26_klatka_oficyna_pld_02_-1024x760-1.jpg\" alt=\"Policzki schod\u00f3w, klatka schodowa w oficynie bocznej. Fot. \u0141ucja Marcinkowska, 2020, \u017ar\u00f3d\u0142o: lapidarium detalu.\" data-id=\"1203\" data-full-url=\"http:\/\/lapidarium.fundacja-hereditas.pl\/wp-content\/uploads\/2021\/08\/Krucza_47_A_Luc_Mar_2020-09-26_klatka_oficyna_pld_02_-1024x760-1.jpg\" data-link=\"https:\/\/lapidarium.fundacja-hereditas.pl\/krucza_47_a_luc_mar_2020-09-26_klatka_oficyna_pld_02_-1024x760\/\" class=\"wp-image-1203\" srcset=\"http:\/\/lapidarium.fundacja-hereditas.pl\/wp-content\/uploads\/2021\/08\/Krucza_47_A_Luc_Mar_2020-09-26_klatka_oficyna_pld_02_-1024x760-1.jpg 1024w, http:\/\/lapidarium.fundacja-hereditas.pl\/wp-content\/uploads\/2021\/08\/Krucza_47_A_Luc_Mar_2020-09-26_klatka_oficyna_pld_02_-1024x760-1-300x223.jpg 300w, http:\/\/lapidarium.fundacja-hereditas.pl\/wp-content\/uploads\/2021\/08\/Krucza_47_A_Luc_Mar_2020-09-26_klatka_oficyna_pld_02_-1024x760-1-768x570.jpg 768w, http:\/\/lapidarium.fundacja-hereditas.pl\/wp-content\/uploads\/2021\/08\/Krucza_47_A_Luc_Mar_2020-09-26_klatka_oficyna_pld_02_-1024x760-1-150x111.jpg 150w, http:\/\/lapidarium.fundacja-hereditas.pl\/wp-content\/uploads\/2021\/08\/Krucza_47_A_Luc_Mar_2020-09-26_klatka_oficyna_pld_02_-1024x760-1-485x360.jpg 485w, http:\/\/lapidarium.fundacja-hereditas.pl\/wp-content\/uploads\/2021\/08\/Krucza_47_A_Luc_Mar_2020-09-26_klatka_oficyna_pld_02_-1024x760-1-696x517.jpg 696w\" sizes=\"auto, (max-width: 1024px) 100vw, 1024px\" \/><\/a><figcaption class=\"blocks-gallery-item__caption\">Policzki schod\u00f3w, klatka schodowa w oficynie bocznej. Fot. \u0141ucja Marcinkowska, 2020, \u017ar\u00f3d\u0142o: lapidarium detalu.<\/figcaption><\/figure><\/li><li class=\"blocks-gallery-item\"><figure><a href=\"http:\/\/lapidarium.fundacja-hereditas.pl\/wp-content\/uploads\/2021\/08\/Krucza_47_A_Rob_Mar_2020-09-26_klatka_Ofic_Pld_02_-649x1024-1.jpg\"><img loading=\"lazy\" decoding=\"async\" width=\"649\" height=\"1024\" src=\"http:\/\/lapidarium.fundacja-hereditas.pl\/wp-content\/uploads\/2021\/08\/Krucza_47_A_Rob_Mar_2020-09-26_klatka_Ofic_Pld_02_-649x1024-1.jpg\" alt=\"\u201cS\u0142upek\u201d balustrady schod\u00f3w klatki schodowej oficyny p\u0142d. Fot. Robert Marcinkowski, 2020, \u017ar\u00f3d\u0142o: lapidarium detalu.\" data-id=\"1215\" data-full-url=\"http:\/\/lapidarium.fundacja-hereditas.pl\/wp-content\/uploads\/2021\/08\/Krucza_47_A_Rob_Mar_2020-09-26_klatka_Ofic_Pld_02_-649x1024-1.jpg\" data-link=\"https:\/\/lapidarium.fundacja-hereditas.pl\/krucza_47_a_rob_mar_2020-09-26_klatka_ofic_pld_02_-649x1024\/\" class=\"wp-image-1215\" srcset=\"http:\/\/lapidarium.fundacja-hereditas.pl\/wp-content\/uploads\/2021\/08\/Krucza_47_A_Rob_Mar_2020-09-26_klatka_Ofic_Pld_02_-649x1024-1.jpg 649w, http:\/\/lapidarium.fundacja-hereditas.pl\/wp-content\/uploads\/2021\/08\/Krucza_47_A_Rob_Mar_2020-09-26_klatka_Ofic_Pld_02_-649x1024-1-190x300.jpg 190w, http:\/\/lapidarium.fundacja-hereditas.pl\/wp-content\/uploads\/2021\/08\/Krucza_47_A_Rob_Mar_2020-09-26_klatka_Ofic_Pld_02_-649x1024-1-150x237.jpg 150w, http:\/\/lapidarium.fundacja-hereditas.pl\/wp-content\/uploads\/2021\/08\/Krucza_47_A_Rob_Mar_2020-09-26_klatka_Ofic_Pld_02_-649x1024-1-300x473.jpg 300w\" sizes=\"auto, (max-width: 649px) 100vw, 649px\" \/><\/a><figcaption class=\"blocks-gallery-item__caption\">\u201cS\u0142upek\u201d balustrady schod\u00f3w klatki schodowej oficyny p\u0142d. Fot. Robert Marcinkowski, 2020<\/figcaption><\/figure><\/li><li class=\"blocks-gallery-item\"><figure><a href=\"http:\/\/lapidarium.fundacja-hereditas.pl\/wp-content\/uploads\/2021\/08\/Krucza_47_A_Rob_Mar_2020-09-26_klatka_Ofic_Pld_22_-645x1024-1.jpg\"><img loading=\"lazy\" decoding=\"async\" width=\"645\" height=\"1024\" src=\"http:\/\/lapidarium.fundacja-hereditas.pl\/wp-content\/uploads\/2021\/08\/Krucza_47_A_Rob_Mar_2020-09-26_klatka_Ofic_Pld_22_-645x1024-1.jpg\" alt=\"Pochwyt balustrady schod\u00f3w klatki schodowej oficyny p\u0142d. Fot. Robert Marcinkowski, 2020, \u017ar\u00f3d\u0142o: lapidarium detalu.\" data-id=\"1221\" data-full-url=\"http:\/\/lapidarium.fundacja-hereditas.pl\/wp-content\/uploads\/2021\/08\/Krucza_47_A_Rob_Mar_2020-09-26_klatka_Ofic_Pld_22_-645x1024-1.jpg\" data-link=\"https:\/\/lapidarium.fundacja-hereditas.pl\/krucza_47_a_rob_mar_2020-09-26_klatka_ofic_pld_22_-645x1024\/\" class=\"wp-image-1221\" srcset=\"http:\/\/lapidarium.fundacja-hereditas.pl\/wp-content\/uploads\/2021\/08\/Krucza_47_A_Rob_Mar_2020-09-26_klatka_Ofic_Pld_22_-645x1024-1.jpg 645w, http:\/\/lapidarium.fundacja-hereditas.pl\/wp-content\/uploads\/2021\/08\/Krucza_47_A_Rob_Mar_2020-09-26_klatka_Ofic_Pld_22_-645x1024-1-189x300.jpg 189w, http:\/\/lapidarium.fundacja-hereditas.pl\/wp-content\/uploads\/2021\/08\/Krucza_47_A_Rob_Mar_2020-09-26_klatka_Ofic_Pld_22_-645x1024-1-150x238.jpg 150w, http:\/\/lapidarium.fundacja-hereditas.pl\/wp-content\/uploads\/2021\/08\/Krucza_47_A_Rob_Mar_2020-09-26_klatka_Ofic_Pld_22_-645x1024-1-300x476.jpg 300w\" sizes=\"auto, (max-width: 645px) 100vw, 645px\" \/><\/a><figcaption class=\"blocks-gallery-item__caption\">Pochwyt balustrady schod\u00f3w klatki schodowej oficyny p\u0142d. Fot. Robert Marcinkowski, 2020, \u017ar\u00f3d\u0142o: lapidarium detalu.<\/figcaption><\/figure><\/li><li class=\"blocks-gallery-item\"><figure><a href=\"http:\/\/lapidarium.fundacja-hereditas.pl\/wp-content\/uploads\/2021\/08\/DSC09246-1024x651-1.jpg\"><img loading=\"lazy\" decoding=\"async\" width=\"1024\" height=\"651\" src=\"http:\/\/lapidarium.fundacja-hereditas.pl\/wp-content\/uploads\/2021\/08\/DSC09246-1024x651-1.jpg\" alt=\"Drzwi do mieszkania w oficynie poprzecznej (zach.). Fot. Katarzyna Komar-Michalczyk, 2020, \u017ar\u00f3d\u0142o: lapidarium detalu.\" data-id=\"1237\" data-full-url=\"http:\/\/lapidarium.fundacja-hereditas.pl\/wp-content\/uploads\/2021\/08\/DSC09246-1024x651-1.jpg\" data-link=\"https:\/\/lapidarium.fundacja-hereditas.pl\/dsc09246-1024x651\/\" class=\"wp-image-1237\" srcset=\"http:\/\/lapidarium.fundacja-hereditas.pl\/wp-content\/uploads\/2021\/08\/DSC09246-1024x651-1.jpg 1024w, http:\/\/lapidarium.fundacja-hereditas.pl\/wp-content\/uploads\/2021\/08\/DSC09246-1024x651-1-300x191.jpg 300w, http:\/\/lapidarium.fundacja-hereditas.pl\/wp-content\/uploads\/2021\/08\/DSC09246-1024x651-1-768x488.jpg 768w, http:\/\/lapidarium.fundacja-hereditas.pl\/wp-content\/uploads\/2021\/08\/DSC09246-1024x651-1-150x95.jpg 150w, http:\/\/lapidarium.fundacja-hereditas.pl\/wp-content\/uploads\/2021\/08\/DSC09246-1024x651-1-696x442.jpg 696w\" sizes=\"auto, (max-width: 1024px) 100vw, 1024px\" \/><\/a><figcaption class=\"blocks-gallery-item__caption\">Drzwi do mieszkania w oficynie poprzecznej (zach.). Fot. Katarzyna Komar-Michalczyk, 2020, \u017ar\u00f3d\u0142o: lapidarium detalu.<\/figcaption><\/figure><\/li><li class=\"blocks-gallery-item\"><figure><a href=\"http:\/\/lapidarium.fundacja-hereditas.pl\/wp-content\/uploads\/2021\/08\/Krucza_47_A_Rob_Mar_2020-09-26_klatka_Ofic_Pld_06_-751x1024-1.jpg\"><img loading=\"lazy\" decoding=\"async\" width=\"751\" height=\"1024\" src=\"http:\/\/lapidarium.fundacja-hereditas.pl\/wp-content\/uploads\/2021\/08\/Krucza_47_A_Rob_Mar_2020-09-26_klatka_Ofic_Pld_06_-751x1024-1.jpg\" alt=\"Drzwi na klatce schodowej oficyny p\u0142d. Fot. Robert Marcinkowski, 2020, \u017ar\u00f3d\u0142o: lapidarium detalu.\" data-id=\"1216\" data-full-url=\"http:\/\/lapidarium.fundacja-hereditas.pl\/wp-content\/uploads\/2021\/08\/Krucza_47_A_Rob_Mar_2020-09-26_klatka_Ofic_Pld_06_-751x1024-1.jpg\" data-link=\"https:\/\/lapidarium.fundacja-hereditas.pl\/krucza_47_a_rob_mar_2020-09-26_klatka_ofic_pld_06_-751x1024\/\" class=\"wp-image-1216\" srcset=\"http:\/\/lapidarium.fundacja-hereditas.pl\/wp-content\/uploads\/2021\/08\/Krucza_47_A_Rob_Mar_2020-09-26_klatka_Ofic_Pld_06_-751x1024-1.jpg 751w, http:\/\/lapidarium.fundacja-hereditas.pl\/wp-content\/uploads\/2021\/08\/Krucza_47_A_Rob_Mar_2020-09-26_klatka_Ofic_Pld_06_-751x1024-1-220x300.jpg 220w, http:\/\/lapidarium.fundacja-hereditas.pl\/wp-content\/uploads\/2021\/08\/Krucza_47_A_Rob_Mar_2020-09-26_klatka_Ofic_Pld_06_-751x1024-1-150x205.jpg 150w, http:\/\/lapidarium.fundacja-hereditas.pl\/wp-content\/uploads\/2021\/08\/Krucza_47_A_Rob_Mar_2020-09-26_klatka_Ofic_Pld_06_-751x1024-1-300x409.jpg 300w, http:\/\/lapidarium.fundacja-hereditas.pl\/wp-content\/uploads\/2021\/08\/Krucza_47_A_Rob_Mar_2020-09-26_klatka_Ofic_Pld_06_-751x1024-1-696x949.jpg 696w\" sizes=\"auto, (max-width: 751px) 100vw, 751px\" \/><\/a><figcaption class=\"blocks-gallery-item__caption\">Drzwi na klatce schodowej oficyny p\u0142d. Fot. Robert Marcinkowski, 2020, \u017ar\u00f3d\u0142o: lapidarium detalu.<\/figcaption><\/figure><\/li><li class=\"blocks-gallery-item\"><figure><a href=\"http:\/\/lapidarium.fundacja-hereditas.pl\/wp-content\/uploads\/2021\/08\/Krucza_47_A_Rob_Mar_2020-09-26_klatka_Ofic_Zach_11_-757x1024-1.jpg\"><img loading=\"lazy\" decoding=\"async\" width=\"757\" height=\"1024\" src=\"http:\/\/lapidarium.fundacja-hereditas.pl\/wp-content\/uploads\/2021\/08\/Krucza_47_A_Rob_Mar_2020-09-26_klatka_Ofic_Zach_11_-757x1024-1.jpg\" alt=\"Drzwi do mieszkania na klatce schodowej oficyny zach. Fot. Robert Marcinkowski, 2020, \u017ar\u00f3d\u0142o: lapidarium detalu.\" data-id=\"1222\" data-full-url=\"http:\/\/lapidarium.fundacja-hereditas.pl\/wp-content\/uploads\/2021\/08\/Krucza_47_A_Rob_Mar_2020-09-26_klatka_Ofic_Zach_11_-757x1024-1.jpg\" data-link=\"https:\/\/lapidarium.fundacja-hereditas.pl\/krucza_47_a_rob_mar_2020-09-26_klatka_ofic_zach_11_-757x1024\/\" class=\"wp-image-1222\" srcset=\"http:\/\/lapidarium.fundacja-hereditas.pl\/wp-content\/uploads\/2021\/08\/Krucza_47_A_Rob_Mar_2020-09-26_klatka_Ofic_Zach_11_-757x1024-1.jpg 757w, http:\/\/lapidarium.fundacja-hereditas.pl\/wp-content\/uploads\/2021\/08\/Krucza_47_A_Rob_Mar_2020-09-26_klatka_Ofic_Zach_11_-757x1024-1-222x300.jpg 222w, http:\/\/lapidarium.fundacja-hereditas.pl\/wp-content\/uploads\/2021\/08\/Krucza_47_A_Rob_Mar_2020-09-26_klatka_Ofic_Zach_11_-757x1024-1-150x203.jpg 150w, http:\/\/lapidarium.fundacja-hereditas.pl\/wp-content\/uploads\/2021\/08\/Krucza_47_A_Rob_Mar_2020-09-26_klatka_Ofic_Zach_11_-757x1024-1-300x406.jpg 300w, http:\/\/lapidarium.fundacja-hereditas.pl\/wp-content\/uploads\/2021\/08\/Krucza_47_A_Rob_Mar_2020-09-26_klatka_Ofic_Zach_11_-757x1024-1-696x941.jpg 696w\" sizes=\"auto, (max-width: 757px) 100vw, 757px\" \/><\/a><figcaption class=\"blocks-gallery-item__caption\">Drzwi do mieszkania na klatce schodowej oficyny zach. Fot. Robert Marcinkowski, 2020, \u017ar\u00f3d\u0142o: lapidarium detalu.<\/figcaption><\/figure><\/li><li class=\"blocks-gallery-item\"><figure><a href=\"http:\/\/lapidarium.fundacja-hereditas.pl\/wp-content\/uploads\/2021\/08\/Krucza_47_A_Luc_Mar_2020-09-26_klatka_oficyna_zach_04_-1024x806-1.jpg\"><img loading=\"lazy\" decoding=\"async\" width=\"1024\" height=\"806\" src=\"http:\/\/lapidarium.fundacja-hereditas.pl\/wp-content\/uploads\/2021\/08\/Krucza_47_A_Luc_Mar_2020-09-26_klatka_oficyna_zach_04_-1024x806-1.jpg\" alt=\"Klamka u drzwi do mieszkania w oficynie poprzecznej. Fot. \u0141ucja Marcinkowska, 2020, \u017ar\u00f3d\u0142o: lapidarium detalu.\" data-id=\"1205\" data-full-url=\"http:\/\/lapidarium.fundacja-hereditas.pl\/wp-content\/uploads\/2021\/08\/Krucza_47_A_Luc_Mar_2020-09-26_klatka_oficyna_zach_04_-1024x806-1.jpg\" data-link=\"https:\/\/lapidarium.fundacja-hereditas.pl\/krucza_47_a_luc_mar_2020-09-26_klatka_oficyna_zach_04_-1024x806\/\" class=\"wp-image-1205\" srcset=\"http:\/\/lapidarium.fundacja-hereditas.pl\/wp-content\/uploads\/2021\/08\/Krucza_47_A_Luc_Mar_2020-09-26_klatka_oficyna_zach_04_-1024x806-1.jpg 1024w, http:\/\/lapidarium.fundacja-hereditas.pl\/wp-content\/uploads\/2021\/08\/Krucza_47_A_Luc_Mar_2020-09-26_klatka_oficyna_zach_04_-1024x806-1-300x236.jpg 300w, http:\/\/lapidarium.fundacja-hereditas.pl\/wp-content\/uploads\/2021\/08\/Krucza_47_A_Luc_Mar_2020-09-26_klatka_oficyna_zach_04_-1024x806-1-768x605.jpg 768w, http:\/\/lapidarium.fundacja-hereditas.pl\/wp-content\/uploads\/2021\/08\/Krucza_47_A_Luc_Mar_2020-09-26_klatka_oficyna_zach_04_-1024x806-1-150x118.jpg 150w, http:\/\/lapidarium.fundacja-hereditas.pl\/wp-content\/uploads\/2021\/08\/Krucza_47_A_Luc_Mar_2020-09-26_klatka_oficyna_zach_04_-1024x806-1-696x548.jpg 696w\" sizes=\"auto, (max-width: 1024px) 100vw, 1024px\" \/><\/a><figcaption class=\"blocks-gallery-item__caption\">Klamka u drzwi do mieszkania w oficynie poprzecznej. Fot. \u0141ucja Marcinkowska, 2020, \u017ar\u00f3d\u0142o: lapidarium detalu.<\/figcaption><\/figure><\/li><li class=\"blocks-gallery-item\"><figure><a href=\"http:\/\/lapidarium.fundacja-hereditas.pl\/wp-content\/uploads\/2021\/08\/Krucza_47_A_Rob_Mar_2020-09-26_klatka_Ofic_Zach_07_-1024x772-1.jpg\"><img loading=\"lazy\" decoding=\"async\" width=\"1024\" height=\"772\" src=\"http:\/\/lapidarium.fundacja-hereditas.pl\/wp-content\/uploads\/2021\/08\/Krucza_47_A_Rob_Mar_2020-09-26_klatka_Ofic_Zach_07_-1024x772-1.jpg\" alt=\"Zamalowany dzwonek na drzwiach do mieszkania, klatka schodowa w oficynie zach. Fot. Robert Marcinkowski, 2020, \u017ar\u00f3d\u0142o: lapidarium detalu.\" data-id=\"1229\" data-full-url=\"http:\/\/lapidarium.fundacja-hereditas.pl\/wp-content\/uploads\/2021\/08\/Krucza_47_A_Rob_Mar_2020-09-26_klatka_Ofic_Zach_07_-1024x772-1.jpg\" data-link=\"https:\/\/lapidarium.fundacja-hereditas.pl\/krucza_47_a_rob_mar_2020-09-26_klatka_ofic_zach_07_-1024x772\/\" class=\"wp-image-1229\" srcset=\"http:\/\/lapidarium.fundacja-hereditas.pl\/wp-content\/uploads\/2021\/08\/Krucza_47_A_Rob_Mar_2020-09-26_klatka_Ofic_Zach_07_-1024x772-1.jpg 1024w, http:\/\/lapidarium.fundacja-hereditas.pl\/wp-content\/uploads\/2021\/08\/Krucza_47_A_Rob_Mar_2020-09-26_klatka_Ofic_Zach_07_-1024x772-1-300x226.jpg 300w, http:\/\/lapidarium.fundacja-hereditas.pl\/wp-content\/uploads\/2021\/08\/Krucza_47_A_Rob_Mar_2020-09-26_klatka_Ofic_Zach_07_-1024x772-1-768x579.jpg 768w, http:\/\/lapidarium.fundacja-hereditas.pl\/wp-content\/uploads\/2021\/08\/Krucza_47_A_Rob_Mar_2020-09-26_klatka_Ofic_Zach_07_-1024x772-1-150x113.jpg 150w, http:\/\/lapidarium.fundacja-hereditas.pl\/wp-content\/uploads\/2021\/08\/Krucza_47_A_Rob_Mar_2020-09-26_klatka_Ofic_Zach_07_-1024x772-1-696x525.jpg 696w\" sizes=\"auto, (max-width: 1024px) 100vw, 1024px\" \/><\/a><figcaption class=\"blocks-gallery-item__caption\">Zamalowany dzwonek na drzwiach do mieszkania, klatka schodowa w oficynie zach. Fot. Robert Marcinkowski, 2020, \u017ar\u00f3d\u0142o: lapidarium detalu.<\/figcaption><\/figure><\/li><li class=\"blocks-gallery-item\"><figure><a href=\"http:\/\/lapidarium.fundacja-hereditas.pl\/wp-content\/uploads\/2021\/08\/Krucza_47_A_Rob_Mar_2020-09-26_klatka_Ofic_Zach_24_-599x1024-1.jpg\"><img loading=\"lazy\" decoding=\"async\" width=\"599\" height=\"1024\" src=\"http:\/\/lapidarium.fundacja-hereditas.pl\/wp-content\/uploads\/2021\/08\/Krucza_47_A_Rob_Mar_2020-09-26_klatka_Ofic_Zach_24_-599x1024-1.jpg\" alt=\"Otw\u00f3r na listy na drzwiach do mieszkania na klatce schodowej oficyny zach. Fot. Robert Marcinkowski, 2020, \u017ar\u00f3d\u0142o: lapidarium detalu.\" data-id=\"1223\" data-full-url=\"http:\/\/lapidarium.fundacja-hereditas.pl\/wp-content\/uploads\/2021\/08\/Krucza_47_A_Rob_Mar_2020-09-26_klatka_Ofic_Zach_24_-599x1024-1.jpg\" data-link=\"https:\/\/lapidarium.fundacja-hereditas.pl\/krucza_47_a_rob_mar_2020-09-26_klatka_ofic_zach_24_-599x1024\/\" class=\"wp-image-1223\" srcset=\"http:\/\/lapidarium.fundacja-hereditas.pl\/wp-content\/uploads\/2021\/08\/Krucza_47_A_Rob_Mar_2020-09-26_klatka_Ofic_Zach_24_-599x1024-1.jpg 599w, http:\/\/lapidarium.fundacja-hereditas.pl\/wp-content\/uploads\/2021\/08\/Krucza_47_A_Rob_Mar_2020-09-26_klatka_Ofic_Zach_24_-599x1024-1-175x300.jpg 175w, http:\/\/lapidarium.fundacja-hereditas.pl\/wp-content\/uploads\/2021\/08\/Krucza_47_A_Rob_Mar_2020-09-26_klatka_Ofic_Zach_24_-599x1024-1-150x256.jpg 150w, http:\/\/lapidarium.fundacja-hereditas.pl\/wp-content\/uploads\/2021\/08\/Krucza_47_A_Rob_Mar_2020-09-26_klatka_Ofic_Zach_24_-599x1024-1-300x513.jpg 300w\" sizes=\"auto, (max-width: 599px) 100vw, 599px\" \/><\/a><figcaption class=\"blocks-gallery-item__caption\">Otw\u00f3r na listy na drzwiach do mieszkania na klatce schodowej oficyny zach. Fot. Robert Marcinkowski, 2020, \u017ar\u00f3d\u0142o: lapidarium detalu.<\/figcaption><\/figure><\/li><li class=\"blocks-gallery-item\"><figure><a href=\"http:\/\/lapidarium.fundacja-hereditas.pl\/wp-content\/uploads\/2021\/08\/DSC09261a-1024x768-1.jpg\"><img loading=\"lazy\" decoding=\"async\" width=\"1024\" height=\"768\" src=\"http:\/\/lapidarium.fundacja-hereditas.pl\/wp-content\/uploads\/2021\/08\/DSC09261a-1024x768-1.jpg\" alt=\"P\u0142ytki podestu klatki schodowej oficyny bocznej (p\u0142d.). Fot. Katarzyna Komar-Michalczyk, 2020, \u017ar\u00f3d\u0142o: lapidarium detalu.\" data-id=\"1245\" data-full-url=\"http:\/\/lapidarium.fundacja-hereditas.pl\/wp-content\/uploads\/2021\/08\/DSC09261a-1024x768-1.jpg\" data-link=\"https:\/\/lapidarium.fundacja-hereditas.pl\/dsc09261a-1024x768\/\" class=\"wp-image-1245\" srcset=\"http:\/\/lapidarium.fundacja-hereditas.pl\/wp-content\/uploads\/2021\/08\/DSC09261a-1024x768-1.jpg 1024w, http:\/\/lapidarium.fundacja-hereditas.pl\/wp-content\/uploads\/2021\/08\/DSC09261a-1024x768-1-300x225.jpg 300w, http:\/\/lapidarium.fundacja-hereditas.pl\/wp-content\/uploads\/2021\/08\/DSC09261a-1024x768-1-768x576.jpg 768w, http:\/\/lapidarium.fundacja-hereditas.pl\/wp-content\/uploads\/2021\/08\/DSC09261a-1024x768-1-150x113.jpg 150w, http:\/\/lapidarium.fundacja-hereditas.pl\/wp-content\/uploads\/2021\/08\/DSC09261a-1024x768-1-696x522.jpg 696w\" sizes=\"auto, (max-width: 1024px) 100vw, 1024px\" \/><\/a><figcaption class=\"blocks-gallery-item__caption\">P\u0142ytki podestu klatki schodowej oficyny bocznej (p\u0142d.). Fot. Katarzyna Komar-Michalczyk, 2020, \u017ar\u00f3d\u0142o: lapidarium detalu.<\/figcaption><\/figure><\/li><li class=\"blocks-gallery-item\"><figure><a href=\"http:\/\/lapidarium.fundacja-hereditas.pl\/wp-content\/uploads\/2021\/08\/Krucza_47_A_Luc_Mar_2020-09-26_klatka_oficyna_pld_01_-1024x774-1.jpg\"><img loading=\"lazy\" decoding=\"async\" width=\"1024\" height=\"774\" src=\"http:\/\/lapidarium.fundacja-hereditas.pl\/wp-content\/uploads\/2021\/08\/Krucza_47_A_Luc_Mar_2020-09-26_klatka_oficyna_pld_01_-1024x774-1.jpg\" alt=\"Klatka schodowa w oficynie bocznej. Fot. \u0141ucja Marcinkowska, 2020, \u017ar\u00f3d\u0142o: lapidarium detalu.\" data-id=\"1202\" data-full-url=\"http:\/\/lapidarium.fundacja-hereditas.pl\/wp-content\/uploads\/2021\/08\/Krucza_47_A_Luc_Mar_2020-09-26_klatka_oficyna_pld_01_-1024x774-1.jpg\" data-link=\"https:\/\/lapidarium.fundacja-hereditas.pl\/krucza_47_a_luc_mar_2020-09-26_klatka_oficyna_pld_01_-1024x774\/\" class=\"wp-image-1202\" srcset=\"http:\/\/lapidarium.fundacja-hereditas.pl\/wp-content\/uploads\/2021\/08\/Krucza_47_A_Luc_Mar_2020-09-26_klatka_oficyna_pld_01_-1024x774-1.jpg 1024w, http:\/\/lapidarium.fundacja-hereditas.pl\/wp-content\/uploads\/2021\/08\/Krucza_47_A_Luc_Mar_2020-09-26_klatka_oficyna_pld_01_-1024x774-1-300x227.jpg 300w, http:\/\/lapidarium.fundacja-hereditas.pl\/wp-content\/uploads\/2021\/08\/Krucza_47_A_Luc_Mar_2020-09-26_klatka_oficyna_pld_01_-1024x774-1-768x581.jpg 768w, http:\/\/lapidarium.fundacja-hereditas.pl\/wp-content\/uploads\/2021\/08\/Krucza_47_A_Luc_Mar_2020-09-26_klatka_oficyna_pld_01_-1024x774-1-150x113.jpg 150w, http:\/\/lapidarium.fundacja-hereditas.pl\/wp-content\/uploads\/2021\/08\/Krucza_47_A_Luc_Mar_2020-09-26_klatka_oficyna_pld_01_-1024x774-1-696x526.jpg 696w\" sizes=\"auto, (max-width: 1024px) 100vw, 1024px\" \/><\/a><figcaption class=\"blocks-gallery-item__caption\">Klatka schodowa w oficynie bocznej. Fot. \u0141ucja Marcinkowska, 2020, \u017ar\u00f3d\u0142o: lapidarium detalu.<\/figcaption><\/figure><\/li><li class=\"blocks-gallery-item\"><figure><a href=\"http:\/\/lapidarium.fundacja-hereditas.pl\/wp-content\/uploads\/2021\/08\/DSC09250-1024x768-1.jpg\"><img loading=\"lazy\" decoding=\"async\" width=\"1024\" height=\"768\" src=\"http:\/\/lapidarium.fundacja-hereditas.pl\/wp-content\/uploads\/2021\/08\/DSC09250-1024x768-1.jpg\" alt=\"P\u0142ytki podestu klatki schodowej oficyny poprzecznej (zach.). Fot. Katarzyna Komar-Michalczyk, 2020, \u017ar\u00f3d\u0142o: lapidarium detalu.\" data-id=\"1240\" data-full-url=\"http:\/\/lapidarium.fundacja-hereditas.pl\/wp-content\/uploads\/2021\/08\/DSC09250-1024x768-1.jpg\" data-link=\"https:\/\/lapidarium.fundacja-hereditas.pl\/dsc09250-1024x768\/\" class=\"wp-image-1240\" srcset=\"http:\/\/lapidarium.fundacja-hereditas.pl\/wp-content\/uploads\/2021\/08\/DSC09250-1024x768-1.jpg 1024w, http:\/\/lapidarium.fundacja-hereditas.pl\/wp-content\/uploads\/2021\/08\/DSC09250-1024x768-1-300x225.jpg 300w, http:\/\/lapidarium.fundacja-hereditas.pl\/wp-content\/uploads\/2021\/08\/DSC09250-1024x768-1-768x576.jpg 768w, http:\/\/lapidarium.fundacja-hereditas.pl\/wp-content\/uploads\/2021\/08\/DSC09250-1024x768-1-150x113.jpg 150w, http:\/\/lapidarium.fundacja-hereditas.pl\/wp-content\/uploads\/2021\/08\/DSC09250-1024x768-1-696x522.jpg 696w\" sizes=\"auto, (max-width: 1024px) 100vw, 1024px\" \/><\/a><figcaption class=\"blocks-gallery-item__caption\">P\u0142ytki podestu klatki schodowej oficyny poprzecznej (zach.). Fot. Katarzyna Komar-Michalczyk, 2020, \u017ar\u00f3d\u0142o: lapidarium detalu.<\/figcaption><\/figure><\/li><li class=\"blocks-gallery-item\"><figure><a href=\"http:\/\/lapidarium.fundacja-hereditas.pl\/wp-content\/uploads\/2021\/08\/DSC09291a-1024x768-1.jpg\"><img loading=\"lazy\" decoding=\"async\" width=\"1024\" height=\"768\" src=\"http:\/\/lapidarium.fundacja-hereditas.pl\/wp-content\/uploads\/2021\/08\/DSC09291a-1024x768-1.jpg\" alt=\"Posadzka przejazdu bramnego. Fot. Katarzyna Komar-Michalczyk, 2020, \u017ar\u00f3d\u0142o: lapidarium detalu.\" data-id=\"1197\" data-full-url=\"http:\/\/lapidarium.fundacja-hereditas.pl\/wp-content\/uploads\/2021\/08\/DSC09291a-1024x768-1.jpg\" data-link=\"https:\/\/lapidarium.fundacja-hereditas.pl\/dsc09291a-1024x768\/\" class=\"wp-image-1197\" srcset=\"http:\/\/lapidarium.fundacja-hereditas.pl\/wp-content\/uploads\/2021\/08\/DSC09291a-1024x768-1.jpg 1024w, http:\/\/lapidarium.fundacja-hereditas.pl\/wp-content\/uploads\/2021\/08\/DSC09291a-1024x768-1-300x225.jpg 300w, http:\/\/lapidarium.fundacja-hereditas.pl\/wp-content\/uploads\/2021\/08\/DSC09291a-1024x768-1-768x576.jpg 768w, http:\/\/lapidarium.fundacja-hereditas.pl\/wp-content\/uploads\/2021\/08\/DSC09291a-1024x768-1-150x113.jpg 150w, http:\/\/lapidarium.fundacja-hereditas.pl\/wp-content\/uploads\/2021\/08\/DSC09291a-1024x768-1-696x522.jpg 696w\" sizes=\"auto, (max-width: 1024px) 100vw, 1024px\" \/><\/a><figcaption class=\"blocks-gallery-item__caption\">Posadzka przejazdu bramnego. Fot. Katarzyna Komar-Michalczyk, 2020, \u017ar\u00f3d\u0142o: lapidarium detalu.<\/figcaption><\/figure><\/li><li class=\"blocks-gallery-item\"><figure><a href=\"http:\/\/lapidarium.fundacja-hereditas.pl\/wp-content\/uploads\/2021\/08\/DSC09290a-1024x768-1.jpg\"><img loading=\"lazy\" decoding=\"async\" width=\"1024\" height=\"768\" src=\"http:\/\/lapidarium.fundacja-hereditas.pl\/wp-content\/uploads\/2021\/08\/DSC09290a-1024x768-1.jpg\" alt=\"Posadzka przejazdu bramnego. Fot. Katarzyna Komar-Michalczyk, 2020, \u017ar\u00f3d\u0142o: lapidarium detalu.\" data-id=\"1196\" data-full-url=\"http:\/\/lapidarium.fundacja-hereditas.pl\/wp-content\/uploads\/2021\/08\/DSC09290a-1024x768-1.jpg\" data-link=\"https:\/\/lapidarium.fundacja-hereditas.pl\/dsc09290a-1024x768\/\" class=\"wp-image-1196\" srcset=\"http:\/\/lapidarium.fundacja-hereditas.pl\/wp-content\/uploads\/2021\/08\/DSC09290a-1024x768-1.jpg 1024w, http:\/\/lapidarium.fundacja-hereditas.pl\/wp-content\/uploads\/2021\/08\/DSC09290a-1024x768-1-300x225.jpg 300w, http:\/\/lapidarium.fundacja-hereditas.pl\/wp-content\/uploads\/2021\/08\/DSC09290a-1024x768-1-768x576.jpg 768w, http:\/\/lapidarium.fundacja-hereditas.pl\/wp-content\/uploads\/2021\/08\/DSC09290a-1024x768-1-150x113.jpg 150w, http:\/\/lapidarium.fundacja-hereditas.pl\/wp-content\/uploads\/2021\/08\/DSC09290a-1024x768-1-696x522.jpg 696w\" sizes=\"auto, (max-width: 1024px) 100vw, 1024px\" \/><\/a><figcaption class=\"blocks-gallery-item__caption\">Posadzka przejazdu bramnego. Fot. Katarzyna Komar-Michalczyk, 2020, \u017ar\u00f3d\u0142o: lapidarium detalu.<\/figcaption><\/figure><\/li><\/ul><\/figure>\n","protected":false},"excerpt":{"rendered":"<p>Kamienica Stanis\u0142awa Siehena ul. Krucza 47a. Kamienica wzniesiona w latach ok. 1902-1903.<\/p>\n","protected":false},"author":2,"featured_media":1230,"comment_status":"open","ping_status":"open","sticky":false,"template":"","format":"standard","meta":{"footnotes":""},"categories":[19,4],"tags":[],"class_list":{"0":"post-2359","1":"post","2":"type-post","3":"status-publish","4":"format-standard","5":"has-post-thumbnail","7":"category-krucza","8":"category-warszawa"},"_links":{"self":[{"href":"http:\/\/lapidarium.fundacja-hereditas.pl\/index.php\/wp-json\/wp\/v2\/posts\/2359","targetHints":{"allow":["GET"]}}],"collection":[{"href":"http:\/\/lapidarium.fundacja-hereditas.pl\/index.php\/wp-json\/wp\/v2\/posts"}],"about":[{"href":"http:\/\/lapidarium.fundacja-hereditas.pl\/index.php\/wp-json\/wp\/v2\/types\/post"}],"author":[{"embeddable":true,"href":"http:\/\/lapidarium.fundacja-hereditas.pl\/index.php\/wp-json\/wp\/v2\/users\/2"}],"replies":[{"embeddable":true,"href":"http:\/\/lapidarium.fundacja-hereditas.pl\/index.php\/wp-json\/wp\/v2\/comments?post=2359"}],"version-history":[{"count":5,"href":"http:\/\/lapidarium.fundacja-hereditas.pl\/index.php\/wp-json\/wp\/v2\/posts\/2359\/revisions"}],"predecessor-version":[{"id":5531,"href":"http:\/\/lapidarium.fundacja-hereditas.pl\/index.php\/wp-json\/wp\/v2\/posts\/2359\/revisions\/5531"}],"wp:featuredmedia":[{"embeddable":true,"href":"http:\/\/lapidarium.fundacja-hereditas.pl\/index.php\/wp-json\/wp\/v2\/media\/1230"}],"wp:attachment":[{"href":"http:\/\/lapidarium.fundacja-hereditas.pl\/index.php\/wp-json\/wp\/v2\/media?parent=2359"}],"wp:term":[{"taxonomy":"category","embeddable":true,"href":"http:\/\/lapidarium.fundacja-hereditas.pl\/index.php\/wp-json\/wp\/v2\/categories?post=2359"},{"taxonomy":"post_tag","embeddable":true,"href":"http:\/\/lapidarium.fundacja-hereditas.pl\/index.php\/wp-json\/wp\/v2\/tags?post=2359"}],"curies":[{"name":"wp","href":"https:\/\/api.w.org\/{rel}","templated":true}]}}