{"id":2357,"date":"2021-08-28T23:25:56","date_gmt":"2021-08-28T21:25:56","guid":{"rendered":"https:\/\/lapidarium.fundacja-hereditas.pl\/?p=2357"},"modified":"2021-10-26T18:32:55","modified_gmt":"2021-10-26T16:32:55","slug":"kamienica-ul-krakowskie-przedmiescie-17","status":"publish","type":"post","link":"http:\/\/lapidarium.fundacja-hereditas.pl\/index.php\/2021\/08\/28\/kamienica-ul-krakowskie-przedmiescie-17\/","title":{"rendered":"Kamienica ul. Krakowskie Przedmie\u015bcie 17, Warszawa"},"content":{"rendered":"\n<p>Kamienica frontowa wybudowana w l. 1846-47 wg proj. Franciszka Marii Lanciego dla hr. Stanis\u0142awa Potockiego; prawdopodobne jest, \u017ce przy budowie wykorzystano fragmenty mur\u00f3w tylnej elewacji oraz oficyny p\u00f3\u0142nocnej wcze\u015bniejszego budynku [na podst. J. Zieli\u0144ski, Atlas dawnej architektury ulic i plac\u00f3w Warszawy, t. 7, Warszawa 2001].<\/p>\n\n\n\n<figure class=\"wp-block-gallery columns-3 is-cropped wp-block-gallery-1 is-layout-flex wp-block-gallery-is-layout-flex\"><ul class=\"blocks-gallery-grid\"><li class=\"blocks-gallery-item\"><figure><a href=\"http:\/\/lapidarium.fundacja-hereditas.pl\/wp-content\/uploads\/2021\/08\/aDSC00846-1-1024x599-1.jpg\"><img loading=\"lazy\" decoding=\"async\" width=\"1024\" height=\"599\" src=\"http:\/\/lapidarium.fundacja-hereditas.pl\/wp-content\/uploads\/2021\/08\/aDSC00846-1-1024x599-1.jpg\" alt=\"Elewacja frontowa. Fot. Hanna Laskowska, 2020, \u017ar\u00f3d\u0142o: lapidarium detalu.\" data-id=\"1129\" data-full-url=\"http:\/\/lapidarium.fundacja-hereditas.pl\/wp-content\/uploads\/2021\/08\/aDSC00846-1-1024x599-1.jpg\" data-link=\"https:\/\/lapidarium.fundacja-hereditas.pl\/adsc00846-1-1024x599\/\" class=\"wp-image-1129\" srcset=\"http:\/\/lapidarium.fundacja-hereditas.pl\/wp-content\/uploads\/2021\/08\/aDSC00846-1-1024x599-1.jpg 1024w, http:\/\/lapidarium.fundacja-hereditas.pl\/wp-content\/uploads\/2021\/08\/aDSC00846-1-1024x599-1-300x175.jpg 300w, http:\/\/lapidarium.fundacja-hereditas.pl\/wp-content\/uploads\/2021\/08\/aDSC00846-1-1024x599-1-768x449.jpg 768w, http:\/\/lapidarium.fundacja-hereditas.pl\/wp-content\/uploads\/2021\/08\/aDSC00846-1-1024x599-1-150x88.jpg 150w, http:\/\/lapidarium.fundacja-hereditas.pl\/wp-content\/uploads\/2021\/08\/aDSC00846-1-1024x599-1-696x407.jpg 696w\" sizes=\"auto, (max-width: 1024px) 100vw, 1024px\" \/><\/a><figcaption class=\"blocks-gallery-item__caption\">Elewacja frontowa. Fot. Hanna Laskowska, 2020, \u017ar\u00f3d\u0142o: lapidarium detalu.<\/figcaption><\/figure><\/li><li class=\"blocks-gallery-item\"><figure><a href=\"http:\/\/lapidarium.fundacja-hereditas.pl\/wp-content\/uploads\/2021\/08\/aDSC00780-1024x683-1.jpg\"><img loading=\"lazy\" decoding=\"async\" width=\"1024\" height=\"683\" src=\"http:\/\/lapidarium.fundacja-hereditas.pl\/wp-content\/uploads\/2021\/08\/aDSC00780-1024x683-1.jpg\" alt=\"Balkon elewacji frontowej. Fot. Hanna Laskowska, 2020, \u017ar\u00f3d\u0142o: lapidarium detalu.\" data-id=\"1131\" data-full-url=\"http:\/\/lapidarium.fundacja-hereditas.pl\/wp-content\/uploads\/2021\/08\/aDSC00780-1024x683-1.jpg\" data-link=\"https:\/\/lapidarium.fundacja-hereditas.pl\/adsc00780-1024x683\/\" class=\"wp-image-1131\" srcset=\"http:\/\/lapidarium.fundacja-hereditas.pl\/wp-content\/uploads\/2021\/08\/aDSC00780-1024x683-1.jpg 1024w, http:\/\/lapidarium.fundacja-hereditas.pl\/wp-content\/uploads\/2021\/08\/aDSC00780-1024x683-1-300x200.jpg 300w, http:\/\/lapidarium.fundacja-hereditas.pl\/wp-content\/uploads\/2021\/08\/aDSC00780-1024x683-1-768x512.jpg 768w, http:\/\/lapidarium.fundacja-hereditas.pl\/wp-content\/uploads\/2021\/08\/aDSC00780-1024x683-1-150x100.jpg 150w, http:\/\/lapidarium.fundacja-hereditas.pl\/wp-content\/uploads\/2021\/08\/aDSC00780-1024x683-1-696x464.jpg 696w\" sizes=\"auto, (max-width: 1024px) 100vw, 1024px\" \/><\/a><figcaption class=\"blocks-gallery-item__caption\">Balkon elewacji frontowej. Fot. Hanna Laskowska, 2020, \u017ar\u00f3d\u0142o: lapidarium detalu.<\/figcaption><\/figure><\/li><li class=\"blocks-gallery-item\"><figure><a href=\"http:\/\/lapidarium.fundacja-hereditas.pl\/wp-content\/uploads\/2021\/08\/aDSC00778-1024x683-1.jpg\"><img loading=\"lazy\" decoding=\"async\" width=\"1024\" height=\"683\" src=\"http:\/\/lapidarium.fundacja-hereditas.pl\/wp-content\/uploads\/2021\/08\/aDSC00778-1024x683-1.jpg\" alt=\"Balkon elewacji frontowej. Fot. Hanna Laskowska, 2020, \u017ar\u00f3d\u0142o: lapidarium detalu.\" data-id=\"1130\" data-full-url=\"http:\/\/lapidarium.fundacja-hereditas.pl\/wp-content\/uploads\/2021\/08\/aDSC00778-1024x683-1.jpg\" data-link=\"https:\/\/lapidarium.fundacja-hereditas.pl\/adsc00778-1024x683\/\" class=\"wp-image-1130\" srcset=\"http:\/\/lapidarium.fundacja-hereditas.pl\/wp-content\/uploads\/2021\/08\/aDSC00778-1024x683-1.jpg 1024w, http:\/\/lapidarium.fundacja-hereditas.pl\/wp-content\/uploads\/2021\/08\/aDSC00778-1024x683-1-300x200.jpg 300w, http:\/\/lapidarium.fundacja-hereditas.pl\/wp-content\/uploads\/2021\/08\/aDSC00778-1024x683-1-768x512.jpg 768w, http:\/\/lapidarium.fundacja-hereditas.pl\/wp-content\/uploads\/2021\/08\/aDSC00778-1024x683-1-150x100.jpg 150w, http:\/\/lapidarium.fundacja-hereditas.pl\/wp-content\/uploads\/2021\/08\/aDSC00778-1024x683-1-696x464.jpg 696w\" sizes=\"auto, (max-width: 1024px) 100vw, 1024px\" \/><\/a><figcaption class=\"blocks-gallery-item__caption\">Balkon elewacji frontowej. Fot. Hanna Laskowska, 2020, \u017ar\u00f3d\u0142o: lapidarium detalu.<\/figcaption><\/figure><\/li><li class=\"blocks-gallery-item\"><figure><a href=\"http:\/\/lapidarium.fundacja-hereditas.pl\/wp-content\/uploads\/2021\/08\/aDSC00836-1024x683-1.jpg\"><img loading=\"lazy\" decoding=\"async\" width=\"1024\" height=\"683\" src=\"http:\/\/lapidarium.fundacja-hereditas.pl\/wp-content\/uploads\/2021\/08\/aDSC00836-1024x683-1.jpg\" alt=\"Balkon elewacji frontowej. Fot. Hanna Laskowska, 2020, \u017ar\u00f3d\u0142o: lapidarium detalu.\" data-id=\"1128\" data-full-url=\"http:\/\/lapidarium.fundacja-hereditas.pl\/wp-content\/uploads\/2021\/08\/aDSC00836-1024x683-1.jpg\" data-link=\"https:\/\/lapidarium.fundacja-hereditas.pl\/adsc00836-1024x683\/\" class=\"wp-image-1128\" srcset=\"http:\/\/lapidarium.fundacja-hereditas.pl\/wp-content\/uploads\/2021\/08\/aDSC00836-1024x683-1.jpg 1024w, http:\/\/lapidarium.fundacja-hereditas.pl\/wp-content\/uploads\/2021\/08\/aDSC00836-1024x683-1-300x200.jpg 300w, http:\/\/lapidarium.fundacja-hereditas.pl\/wp-content\/uploads\/2021\/08\/aDSC00836-1024x683-1-768x512.jpg 768w, http:\/\/lapidarium.fundacja-hereditas.pl\/wp-content\/uploads\/2021\/08\/aDSC00836-1024x683-1-150x100.jpg 150w, http:\/\/lapidarium.fundacja-hereditas.pl\/wp-content\/uploads\/2021\/08\/aDSC00836-1024x683-1-696x464.jpg 696w\" sizes=\"auto, (max-width: 1024px) 100vw, 1024px\" \/><\/a><figcaption class=\"blocks-gallery-item__caption\">Balkon elewacji frontowej. Fot. Hanna Laskowska, 2020, \u017ar\u00f3d\u0142o: lapidarium detalu.<\/figcaption><\/figure><\/li><li class=\"blocks-gallery-item\"><figure><a href=\"http:\/\/lapidarium.fundacja-hereditas.pl\/wp-content\/uploads\/2021\/08\/aDSC00811-1024x683-1.jpg\"><img loading=\"lazy\" decoding=\"async\" width=\"1024\" height=\"683\" src=\"http:\/\/lapidarium.fundacja-hereditas.pl\/wp-content\/uploads\/2021\/08\/aDSC00811-1024x683-1.jpg\" alt=\"Balkon elewacji frontowej. Fot. Hanna Laskowska, 2020, \u017ar\u00f3d\u0142o: lapidarium detalu.\" data-id=\"1124\" data-full-url=\"http:\/\/lapidarium.fundacja-hereditas.pl\/wp-content\/uploads\/2021\/08\/aDSC00811-1024x683-1.jpg\" data-link=\"https:\/\/lapidarium.fundacja-hereditas.pl\/adsc00811-1024x683\/\" class=\"wp-image-1124\" srcset=\"http:\/\/lapidarium.fundacja-hereditas.pl\/wp-content\/uploads\/2021\/08\/aDSC00811-1024x683-1.jpg 1024w, http:\/\/lapidarium.fundacja-hereditas.pl\/wp-content\/uploads\/2021\/08\/aDSC00811-1024x683-1-300x200.jpg 300w, http:\/\/lapidarium.fundacja-hereditas.pl\/wp-content\/uploads\/2021\/08\/aDSC00811-1024x683-1-768x512.jpg 768w, http:\/\/lapidarium.fundacja-hereditas.pl\/wp-content\/uploads\/2021\/08\/aDSC00811-1024x683-1-150x100.jpg 150w, http:\/\/lapidarium.fundacja-hereditas.pl\/wp-content\/uploads\/2021\/08\/aDSC00811-1024x683-1-696x464.jpg 696w\" sizes=\"auto, (max-width: 1024px) 100vw, 1024px\" \/><\/a><figcaption class=\"blocks-gallery-item__caption\">Balkon elewacji frontowej. Fot. Hanna Laskowska, 2020, \u017ar\u00f3d\u0142o: lapidarium detalu.<\/figcaption><\/figure><\/li><li class=\"blocks-gallery-item\"><figure><a href=\"http:\/\/lapidarium.fundacja-hereditas.pl\/wp-content\/uploads\/2021\/08\/aDSC00831-1024x659-1.jpg\"><img loading=\"lazy\" decoding=\"async\" width=\"1024\" height=\"659\" src=\"http:\/\/lapidarium.fundacja-hereditas.pl\/wp-content\/uploads\/2021\/08\/aDSC00831-1024x659-1.jpg\" alt=\"Przyziemie elewacji frontowej. Fot. Hanna Laskowska, 2020, \u017ar\u00f3d\u0142o: lapidarium detalu.\" data-id=\"1126\" data-full-url=\"http:\/\/lapidarium.fundacja-hereditas.pl\/wp-content\/uploads\/2021\/08\/aDSC00831-1024x659-1.jpg\" data-link=\"https:\/\/lapidarium.fundacja-hereditas.pl\/adsc00831-1024x659\/\" class=\"wp-image-1126\" srcset=\"http:\/\/lapidarium.fundacja-hereditas.pl\/wp-content\/uploads\/2021\/08\/aDSC00831-1024x659-1.jpg 1024w, http:\/\/lapidarium.fundacja-hereditas.pl\/wp-content\/uploads\/2021\/08\/aDSC00831-1024x659-1-300x193.jpg 300w, http:\/\/lapidarium.fundacja-hereditas.pl\/wp-content\/uploads\/2021\/08\/aDSC00831-1024x659-1-768x494.jpg 768w, http:\/\/lapidarium.fundacja-hereditas.pl\/wp-content\/uploads\/2021\/08\/aDSC00831-1024x659-1-150x97.jpg 150w, http:\/\/lapidarium.fundacja-hereditas.pl\/wp-content\/uploads\/2021\/08\/aDSC00831-1024x659-1-696x448.jpg 696w\" sizes=\"auto, (max-width: 1024px) 100vw, 1024px\" \/><\/a><figcaption class=\"blocks-gallery-item__caption\">Przyziemie elewacji frontowej. Fot. Hanna Laskowska, 2020, \u017ar\u00f3d\u0142o: lapidarium detalu.<\/figcaption><\/figure><\/li><li class=\"blocks-gallery-item\"><figure><a href=\"http:\/\/lapidarium.fundacja-hereditas.pl\/wp-content\/uploads\/2021\/08\/aDSC00832-1024x683-1.jpg\"><img loading=\"lazy\" decoding=\"async\" width=\"1024\" height=\"683\" src=\"http:\/\/lapidarium.fundacja-hereditas.pl\/wp-content\/uploads\/2021\/08\/aDSC00832-1024x683-1.jpg\" alt=\"Wlot przejazdu bramnego. Fot. Hanna Laskowska, 2020, \u017ar\u00f3d\u0142o: lapidarium detalu.\" data-id=\"1127\" data-full-url=\"http:\/\/lapidarium.fundacja-hereditas.pl\/wp-content\/uploads\/2021\/08\/aDSC00832-1024x683-1.jpg\" data-link=\"https:\/\/lapidarium.fundacja-hereditas.pl\/adsc00832-1024x683\/\" class=\"wp-image-1127\" srcset=\"http:\/\/lapidarium.fundacja-hereditas.pl\/wp-content\/uploads\/2021\/08\/aDSC00832-1024x683-1.jpg 1024w, http:\/\/lapidarium.fundacja-hereditas.pl\/wp-content\/uploads\/2021\/08\/aDSC00832-1024x683-1-300x200.jpg 300w, http:\/\/lapidarium.fundacja-hereditas.pl\/wp-content\/uploads\/2021\/08\/aDSC00832-1024x683-1-768x512.jpg 768w, http:\/\/lapidarium.fundacja-hereditas.pl\/wp-content\/uploads\/2021\/08\/aDSC00832-1024x683-1-150x100.jpg 150w, http:\/\/lapidarium.fundacja-hereditas.pl\/wp-content\/uploads\/2021\/08\/aDSC00832-1024x683-1-696x464.jpg 696w\" sizes=\"auto, (max-width: 1024px) 100vw, 1024px\" \/><\/a><figcaption class=\"blocks-gallery-item__caption\">Wlot przejazdu bramnego. Fot. Hanna Laskowska, 2020, \u017ar\u00f3d\u0142o: lapidarium detalu.<\/figcaption><\/figure><\/li><li class=\"blocks-gallery-item\"><figure><a href=\"http:\/\/lapidarium.fundacja-hereditas.pl\/wp-content\/uploads\/2021\/08\/aDSC00829-696x1024-1.jpg\"><img loading=\"lazy\" decoding=\"async\" width=\"696\" height=\"1024\" src=\"http:\/\/lapidarium.fundacja-hereditas.pl\/wp-content\/uploads\/2021\/08\/aDSC00829-696x1024-1.jpg\" alt=\"Przyziemie elewacji frontowej (fragm.). Fot. Hanna Laskowska, 2020, \u017ar\u00f3d\u0142o: lapidarium detalu.\" data-id=\"1125\" data-full-url=\"http:\/\/lapidarium.fundacja-hereditas.pl\/wp-content\/uploads\/2021\/08\/aDSC00829-696x1024-1.jpg\" data-link=\"https:\/\/lapidarium.fundacja-hereditas.pl\/adsc00829-696x1024\/\" class=\"wp-image-1125\" srcset=\"http:\/\/lapidarium.fundacja-hereditas.pl\/wp-content\/uploads\/2021\/08\/aDSC00829-696x1024-1.jpg 696w, http:\/\/lapidarium.fundacja-hereditas.pl\/wp-content\/uploads\/2021\/08\/aDSC00829-696x1024-1-204x300.jpg 204w, http:\/\/lapidarium.fundacja-hereditas.pl\/wp-content\/uploads\/2021\/08\/aDSC00829-696x1024-1-150x221.jpg 150w, http:\/\/lapidarium.fundacja-hereditas.pl\/wp-content\/uploads\/2021\/08\/aDSC00829-696x1024-1-300x441.jpg 300w\" sizes=\"auto, (max-width: 696px) 100vw, 696px\" \/><\/a><figcaption class=\"blocks-gallery-item__caption\">Przyziemie elewacji frontowej (fragm.). Fot. Hanna Laskowska, 2020, \u017ar\u00f3d\u0142o: lapidarium detalu.<\/figcaption><\/figure><\/li><li class=\"blocks-gallery-item\"><figure><a href=\"http:\/\/lapidarium.fundacja-hereditas.pl\/wp-content\/uploads\/2021\/08\/aDSC00807-1024x540-1.jpg\"><img loading=\"lazy\" decoding=\"async\" width=\"1024\" height=\"540\" src=\"http:\/\/lapidarium.fundacja-hereditas.pl\/wp-content\/uploads\/2021\/08\/aDSC00807-1024x540-1.jpg\" alt=\"Nacz\u00f3\u0142ek okna elewacji frontowej. Fot. Hanna Laskowska, 2020, \u017ar\u00f3d\u0142o: lapidarium detalu.\" data-id=\"1123\" data-full-url=\"http:\/\/lapidarium.fundacja-hereditas.pl\/wp-content\/uploads\/2021\/08\/aDSC00807-1024x540-1.jpg\" data-link=\"https:\/\/lapidarium.fundacja-hereditas.pl\/adsc00807-1024x540\/\" class=\"wp-image-1123\" srcset=\"http:\/\/lapidarium.fundacja-hereditas.pl\/wp-content\/uploads\/2021\/08\/aDSC00807-1024x540-1.jpg 1024w, http:\/\/lapidarium.fundacja-hereditas.pl\/wp-content\/uploads\/2021\/08\/aDSC00807-1024x540-1-300x158.jpg 300w, http:\/\/lapidarium.fundacja-hereditas.pl\/wp-content\/uploads\/2021\/08\/aDSC00807-1024x540-1-768x405.jpg 768w, http:\/\/lapidarium.fundacja-hereditas.pl\/wp-content\/uploads\/2021\/08\/aDSC00807-1024x540-1-150x79.jpg 150w, http:\/\/lapidarium.fundacja-hereditas.pl\/wp-content\/uploads\/2021\/08\/aDSC00807-1024x540-1-696x367.jpg 696w\" sizes=\"auto, (max-width: 1024px) 100vw, 1024px\" \/><\/a><figcaption class=\"blocks-gallery-item__caption\">Nacz\u00f3\u0142ek okna elewacji frontowej. Fot. Hanna Laskowska, 2020, \u017ar\u00f3d\u0142o: lapidarium detalu.<\/figcaption><\/figure><\/li><li class=\"blocks-gallery-item\"><figure><a href=\"http:\/\/lapidarium.fundacja-hereditas.pl\/wp-content\/uploads\/2021\/08\/aDSC00797-1024x683-1.jpg\"><img loading=\"lazy\" decoding=\"async\" width=\"1024\" height=\"683\" src=\"http:\/\/lapidarium.fundacja-hereditas.pl\/wp-content\/uploads\/2021\/08\/aDSC00797-1024x683-1.jpg\" alt=\"Detal nacz\u00f3\u0142ka okna elewacji frontowej. Fot. Hanna Laskowska, 2020, \u017ar\u00f3d\u0142o: lapidarium detalu.\" data-id=\"1137\" data-full-url=\"http:\/\/lapidarium.fundacja-hereditas.pl\/wp-content\/uploads\/2021\/08\/aDSC00797-1024x683-1.jpg\" data-link=\"https:\/\/lapidarium.fundacja-hereditas.pl\/adsc00797-1024x683\/\" class=\"wp-image-1137\" srcset=\"http:\/\/lapidarium.fundacja-hereditas.pl\/wp-content\/uploads\/2021\/08\/aDSC00797-1024x683-1.jpg 1024w, http:\/\/lapidarium.fundacja-hereditas.pl\/wp-content\/uploads\/2021\/08\/aDSC00797-1024x683-1-300x200.jpg 300w, http:\/\/lapidarium.fundacja-hereditas.pl\/wp-content\/uploads\/2021\/08\/aDSC00797-1024x683-1-768x512.jpg 768w, http:\/\/lapidarium.fundacja-hereditas.pl\/wp-content\/uploads\/2021\/08\/aDSC00797-1024x683-1-150x100.jpg 150w, http:\/\/lapidarium.fundacja-hereditas.pl\/wp-content\/uploads\/2021\/08\/aDSC00797-1024x683-1-696x464.jpg 696w\" sizes=\"auto, (max-width: 1024px) 100vw, 1024px\" \/><\/a><figcaption class=\"blocks-gallery-item__caption\">Detal nacz\u00f3\u0142ka okna elewacji frontowej. Fot. Hanna Laskowska, 2020, \u017ar\u00f3d\u0142o: lapidarium detalu.<\/figcaption><\/figure><\/li><li class=\"blocks-gallery-item\"><figure><a href=\"http:\/\/lapidarium.fundacja-hereditas.pl\/wp-content\/uploads\/2021\/08\/aDSC00796-1024x682-1.jpg\"><img loading=\"lazy\" decoding=\"async\" width=\"1024\" height=\"682\" src=\"http:\/\/lapidarium.fundacja-hereditas.pl\/wp-content\/uploads\/2021\/08\/aDSC00796-1024x682-1.jpg\" alt=\"Detal nacz\u00f3\u0142ka okna elewacji frontowej. Fot. Hanna Laskowska, 2020, \u017ar\u00f3d\u0142o: lapidarium detalu.\" data-id=\"1136\" data-full-url=\"http:\/\/lapidarium.fundacja-hereditas.pl\/wp-content\/uploads\/2021\/08\/aDSC00796-1024x682-1.jpg\" data-link=\"https:\/\/lapidarium.fundacja-hereditas.pl\/adsc00796-1024x682\/\" class=\"wp-image-1136\" srcset=\"http:\/\/lapidarium.fundacja-hereditas.pl\/wp-content\/uploads\/2021\/08\/aDSC00796-1024x682-1.jpg 1024w, http:\/\/lapidarium.fundacja-hereditas.pl\/wp-content\/uploads\/2021\/08\/aDSC00796-1024x682-1-300x200.jpg 300w, http:\/\/lapidarium.fundacja-hereditas.pl\/wp-content\/uploads\/2021\/08\/aDSC00796-1024x682-1-768x512.jpg 768w, http:\/\/lapidarium.fundacja-hereditas.pl\/wp-content\/uploads\/2021\/08\/aDSC00796-1024x682-1-150x100.jpg 150w, http:\/\/lapidarium.fundacja-hereditas.pl\/wp-content\/uploads\/2021\/08\/aDSC00796-1024x682-1-696x464.jpg 696w\" sizes=\"auto, (max-width: 1024px) 100vw, 1024px\" \/><\/a><figcaption class=\"blocks-gallery-item__caption\">Detal nacz\u00f3\u0142ka okna elewacji frontowej. Fot. Hanna Laskowska, 2020, \u017ar\u00f3d\u0142o: lapidarium detalu.<\/figcaption><\/figure><\/li><li class=\"blocks-gallery-item\"><figure><a href=\"http:\/\/lapidarium.fundacja-hereditas.pl\/wp-content\/uploads\/2021\/08\/aDSC00795-1024x683-1.jpg\"><img loading=\"lazy\" decoding=\"async\" width=\"1024\" height=\"683\" src=\"http:\/\/lapidarium.fundacja-hereditas.pl\/wp-content\/uploads\/2021\/08\/aDSC00795-1024x683-1.jpg\" alt=\"Detal nacz\u00f3\u0142ka okna elewacji frontowej. Fot. Hanna Laskowska, 2020, \u017ar\u00f3d\u0142o: lapidarium detalu.\" data-id=\"1135\" data-full-url=\"http:\/\/lapidarium.fundacja-hereditas.pl\/wp-content\/uploads\/2021\/08\/aDSC00795-1024x683-1.jpg\" data-link=\"https:\/\/lapidarium.fundacja-hereditas.pl\/adsc00795-1024x683\/\" class=\"wp-image-1135\" srcset=\"http:\/\/lapidarium.fundacja-hereditas.pl\/wp-content\/uploads\/2021\/08\/aDSC00795-1024x683-1.jpg 1024w, http:\/\/lapidarium.fundacja-hereditas.pl\/wp-content\/uploads\/2021\/08\/aDSC00795-1024x683-1-300x200.jpg 300w, http:\/\/lapidarium.fundacja-hereditas.pl\/wp-content\/uploads\/2021\/08\/aDSC00795-1024x683-1-768x512.jpg 768w, http:\/\/lapidarium.fundacja-hereditas.pl\/wp-content\/uploads\/2021\/08\/aDSC00795-1024x683-1-150x100.jpg 150w, http:\/\/lapidarium.fundacja-hereditas.pl\/wp-content\/uploads\/2021\/08\/aDSC00795-1024x683-1-696x464.jpg 696w\" sizes=\"auto, (max-width: 1024px) 100vw, 1024px\" \/><\/a><figcaption class=\"blocks-gallery-item__caption\">Detal nacz\u00f3\u0142ka okna elewacji frontowej. Fot. Hanna Laskowska, 2020, \u017ar\u00f3d\u0142o: lapidarium detalu.<\/figcaption><\/figure><\/li><li class=\"blocks-gallery-item\"><figure><a href=\"http:\/\/lapidarium.fundacja-hereditas.pl\/wp-content\/uploads\/2021\/08\/aDSC00794-1024x682-1.jpg\"><img loading=\"lazy\" decoding=\"async\" width=\"1024\" height=\"682\" src=\"http:\/\/lapidarium.fundacja-hereditas.pl\/wp-content\/uploads\/2021\/08\/aDSC00794-1024x682-1.jpg\" alt=\"Detal nacz\u00f3\u0142ka okna elewacji frontowej. Fot. Hanna Laskowska, 2020, \u017ar\u00f3d\u0142o: lapidarium detalu.\" data-id=\"1134\" data-full-url=\"http:\/\/lapidarium.fundacja-hereditas.pl\/wp-content\/uploads\/2021\/08\/aDSC00794-1024x682-1.jpg\" data-link=\"https:\/\/lapidarium.fundacja-hereditas.pl\/adsc00794-1024x682\/\" class=\"wp-image-1134\" srcset=\"http:\/\/lapidarium.fundacja-hereditas.pl\/wp-content\/uploads\/2021\/08\/aDSC00794-1024x682-1.jpg 1024w, http:\/\/lapidarium.fundacja-hereditas.pl\/wp-content\/uploads\/2021\/08\/aDSC00794-1024x682-1-300x200.jpg 300w, http:\/\/lapidarium.fundacja-hereditas.pl\/wp-content\/uploads\/2021\/08\/aDSC00794-1024x682-1-768x512.jpg 768w, http:\/\/lapidarium.fundacja-hereditas.pl\/wp-content\/uploads\/2021\/08\/aDSC00794-1024x682-1-150x100.jpg 150w, http:\/\/lapidarium.fundacja-hereditas.pl\/wp-content\/uploads\/2021\/08\/aDSC00794-1024x682-1-696x464.jpg 696w\" sizes=\"auto, (max-width: 1024px) 100vw, 1024px\" \/><\/a><figcaption class=\"blocks-gallery-item__caption\">Detal nacz\u00f3\u0142ka okna elewacji frontowej. Fot. Hanna Laskowska, 2020, \u017ar\u00f3d\u0142o: lapidarium detalu.<\/figcaption><\/figure><\/li><li class=\"blocks-gallery-item\"><figure><a href=\"http:\/\/lapidarium.fundacja-hereditas.pl\/wp-content\/uploads\/2021\/08\/aDSC00793-1024x683-1.jpg\"><img loading=\"lazy\" decoding=\"async\" width=\"1024\" height=\"683\" src=\"http:\/\/lapidarium.fundacja-hereditas.pl\/wp-content\/uploads\/2021\/08\/aDSC00793-1024x683-1.jpg\" alt=\"Detal nacz\u00f3\u0142ka okna elewacji frontowej. Fot. Hanna Laskowska, 2020, \u017ar\u00f3d\u0142o: lapidarium detalu.\" data-id=\"1133\" data-full-url=\"http:\/\/lapidarium.fundacja-hereditas.pl\/wp-content\/uploads\/2021\/08\/aDSC00793-1024x683-1.jpg\" data-link=\"https:\/\/lapidarium.fundacja-hereditas.pl\/adsc00793-1024x683\/\" class=\"wp-image-1133\" srcset=\"http:\/\/lapidarium.fundacja-hereditas.pl\/wp-content\/uploads\/2021\/08\/aDSC00793-1024x683-1.jpg 1024w, http:\/\/lapidarium.fundacja-hereditas.pl\/wp-content\/uploads\/2021\/08\/aDSC00793-1024x683-1-300x200.jpg 300w, http:\/\/lapidarium.fundacja-hereditas.pl\/wp-content\/uploads\/2021\/08\/aDSC00793-1024x683-1-768x512.jpg 768w, http:\/\/lapidarium.fundacja-hereditas.pl\/wp-content\/uploads\/2021\/08\/aDSC00793-1024x683-1-150x100.jpg 150w, http:\/\/lapidarium.fundacja-hereditas.pl\/wp-content\/uploads\/2021\/08\/aDSC00793-1024x683-1-696x464.jpg 696w\" sizes=\"auto, (max-width: 1024px) 100vw, 1024px\" \/><\/a><figcaption class=\"blocks-gallery-item__caption\">Detal nacz\u00f3\u0142ka okna elewacji frontowej. Fot. Hanna Laskowska, 2020, \u017ar\u00f3d\u0142o: lapidarium detalu.<\/figcaption><\/figure><\/li><li class=\"blocks-gallery-item\"><figure><a href=\"http:\/\/lapidarium.fundacja-hereditas.pl\/wp-content\/uploads\/2021\/08\/aDSC00792-Od-lewej-1024x683-1.jpg\"><img loading=\"lazy\" decoding=\"async\" width=\"1024\" height=\"683\" src=\"http:\/\/lapidarium.fundacja-hereditas.pl\/wp-content\/uploads\/2021\/08\/aDSC00792-Od-lewej-1024x683-1.jpg\" alt=\"Detal nacz\u00f3\u0142ka okna elewacji frontowej. Fot. Hanna Laskowska, 2020, \u017ar\u00f3d\u0142o: lapidarium detalu.\" data-id=\"1132\" data-full-url=\"http:\/\/lapidarium.fundacja-hereditas.pl\/wp-content\/uploads\/2021\/08\/aDSC00792-Od-lewej-1024x683-1.jpg\" data-link=\"https:\/\/lapidarium.fundacja-hereditas.pl\/adsc00792-od-lewej-1024x683\/\" class=\"wp-image-1132\" srcset=\"http:\/\/lapidarium.fundacja-hereditas.pl\/wp-content\/uploads\/2021\/08\/aDSC00792-Od-lewej-1024x683-1.jpg 1024w, http:\/\/lapidarium.fundacja-hereditas.pl\/wp-content\/uploads\/2021\/08\/aDSC00792-Od-lewej-1024x683-1-300x200.jpg 300w, http:\/\/lapidarium.fundacja-hereditas.pl\/wp-content\/uploads\/2021\/08\/aDSC00792-Od-lewej-1024x683-1-768x512.jpg 768w, http:\/\/lapidarium.fundacja-hereditas.pl\/wp-content\/uploads\/2021\/08\/aDSC00792-Od-lewej-1024x683-1-150x100.jpg 150w, http:\/\/lapidarium.fundacja-hereditas.pl\/wp-content\/uploads\/2021\/08\/aDSC00792-Od-lewej-1024x683-1-696x464.jpg 696w\" sizes=\"auto, (max-width: 1024px) 100vw, 1024px\" \/><\/a><figcaption class=\"blocks-gallery-item__caption\">Detal nacz\u00f3\u0142ka okna elewacji frontowej. Fot. Hanna Laskowska, 2020, \u017ar\u00f3d\u0142o: lapidarium detalu.<\/figcaption><\/figure><\/li><li class=\"blocks-gallery-item\"><figure><a href=\"http:\/\/lapidarium.fundacja-hereditas.pl\/wp-content\/uploads\/2021\/08\/aDSC00801-1024x683-1.jpg\"><img loading=\"lazy\" decoding=\"async\" width=\"1024\" height=\"683\" src=\"http:\/\/lapidarium.fundacja-hereditas.pl\/wp-content\/uploads\/2021\/08\/aDSC00801-1024x683-1.jpg\" alt=\"Detal nacz\u00f3\u0142ka okna elewacji frontowej. Fot. Hanna Laskowska, 2020, \u017ar\u00f3d\u0142o: lapidarium detalu.\" data-id=\"1122\" data-full-url=\"http:\/\/lapidarium.fundacja-hereditas.pl\/wp-content\/uploads\/2021\/08\/aDSC00801-1024x683-1.jpg\" data-link=\"https:\/\/lapidarium.fundacja-hereditas.pl\/adsc00801-1024x683\/\" class=\"wp-image-1122\" srcset=\"http:\/\/lapidarium.fundacja-hereditas.pl\/wp-content\/uploads\/2021\/08\/aDSC00801-1024x683-1.jpg 1024w, http:\/\/lapidarium.fundacja-hereditas.pl\/wp-content\/uploads\/2021\/08\/aDSC00801-1024x683-1-300x200.jpg 300w, http:\/\/lapidarium.fundacja-hereditas.pl\/wp-content\/uploads\/2021\/08\/aDSC00801-1024x683-1-768x512.jpg 768w, http:\/\/lapidarium.fundacja-hereditas.pl\/wp-content\/uploads\/2021\/08\/aDSC00801-1024x683-1-150x100.jpg 150w, http:\/\/lapidarium.fundacja-hereditas.pl\/wp-content\/uploads\/2021\/08\/aDSC00801-1024x683-1-696x464.jpg 696w\" sizes=\"auto, (max-width: 1024px) 100vw, 1024px\" \/><\/a><figcaption class=\"blocks-gallery-item__caption\">Detal nacz\u00f3\u0142ka okna elewacji frontowej. Fot. Hanna Laskowska, 2020, \u017ar\u00f3d\u0142o: lapidarium detalu.<\/figcaption><\/figure><\/li><li class=\"blocks-gallery-item\"><figure><a href=\"http:\/\/lapidarium.fundacja-hereditas.pl\/wp-content\/uploads\/2021\/08\/aDSC00799-1024x683-1.jpg\"><img loading=\"lazy\" decoding=\"async\" width=\"1024\" height=\"683\" src=\"http:\/\/lapidarium.fundacja-hereditas.pl\/wp-content\/uploads\/2021\/08\/aDSC00799-1024x683-1.jpg\" alt=\"Detal nacz\u00f3\u0142ka okna elewacji frontowej. Fot. Hanna Laskowska, 2020, \u017ar\u00f3d\u0142o: lapidarium detalu.\" data-id=\"1121\" data-full-url=\"http:\/\/lapidarium.fundacja-hereditas.pl\/wp-content\/uploads\/2021\/08\/aDSC00799-1024x683-1.jpg\" data-link=\"https:\/\/lapidarium.fundacja-hereditas.pl\/adsc00799-1024x683\/\" class=\"wp-image-1121\" srcset=\"http:\/\/lapidarium.fundacja-hereditas.pl\/wp-content\/uploads\/2021\/08\/aDSC00799-1024x683-1.jpg 1024w, http:\/\/lapidarium.fundacja-hereditas.pl\/wp-content\/uploads\/2021\/08\/aDSC00799-1024x683-1-300x200.jpg 300w, http:\/\/lapidarium.fundacja-hereditas.pl\/wp-content\/uploads\/2021\/08\/aDSC00799-1024x683-1-768x512.jpg 768w, http:\/\/lapidarium.fundacja-hereditas.pl\/wp-content\/uploads\/2021\/08\/aDSC00799-1024x683-1-150x100.jpg 150w, http:\/\/lapidarium.fundacja-hereditas.pl\/wp-content\/uploads\/2021\/08\/aDSC00799-1024x683-1-696x464.jpg 696w\" sizes=\"auto, (max-width: 1024px) 100vw, 1024px\" \/><\/a><figcaption class=\"blocks-gallery-item__caption\">Detal nacz\u00f3\u0142ka okna elewacji frontowej. Fot. Hanna Laskowska, 2020, \u017ar\u00f3d\u0142o: lapidarium detalu.<\/figcaption><\/figure><\/li><li class=\"blocks-gallery-item\"><figure><a href=\"http:\/\/lapidarium.fundacja-hereditas.pl\/wp-content\/uploads\/2021\/08\/aDSC00798-1024x683-1.jpg\"><img loading=\"lazy\" decoding=\"async\" width=\"1024\" height=\"683\" src=\"http:\/\/lapidarium.fundacja-hereditas.pl\/wp-content\/uploads\/2021\/08\/aDSC00798-1024x683-1.jpg\" alt=\"Detal nacz\u00f3\u0142ka okna elewacji frontowej. Fot. Hanna Laskowska, 2020, \u017ar\u00f3d\u0142o: lapidarium detalu.\" data-id=\"1120\" data-full-url=\"http:\/\/lapidarium.fundacja-hereditas.pl\/wp-content\/uploads\/2021\/08\/aDSC00798-1024x683-1.jpg\" data-link=\"https:\/\/lapidarium.fundacja-hereditas.pl\/adsc00798-1024x683\/\" class=\"wp-image-1120\" srcset=\"http:\/\/lapidarium.fundacja-hereditas.pl\/wp-content\/uploads\/2021\/08\/aDSC00798-1024x683-1.jpg 1024w, http:\/\/lapidarium.fundacja-hereditas.pl\/wp-content\/uploads\/2021\/08\/aDSC00798-1024x683-1-300x200.jpg 300w, http:\/\/lapidarium.fundacja-hereditas.pl\/wp-content\/uploads\/2021\/08\/aDSC00798-1024x683-1-768x512.jpg 768w, http:\/\/lapidarium.fundacja-hereditas.pl\/wp-content\/uploads\/2021\/08\/aDSC00798-1024x683-1-150x100.jpg 150w, http:\/\/lapidarium.fundacja-hereditas.pl\/wp-content\/uploads\/2021\/08\/aDSC00798-1024x683-1-696x464.jpg 696w\" sizes=\"auto, (max-width: 1024px) 100vw, 1024px\" \/><\/a><figcaption class=\"blocks-gallery-item__caption\">Detal nacz\u00f3\u0142ka okna elewacji frontowej. Fot. Hanna Laskowska, 2020, \u017ar\u00f3d\u0142o: lapidarium detalu.<\/figcaption><\/figure><\/li><\/ul><\/figure>\n","protected":false},"excerpt":{"rendered":"<p>Kamienica ul. Krakowskie Przedmie\u015bcie 17. Kamienica frontowa wybudowana w l. 1846-47<\/p>\n","protected":false},"author":2,"featured_media":1129,"comment_status":"open","ping_status":"open","sticky":false,"template":"","format":"standard","meta":{"footnotes":""},"categories":[18,4],"tags":[],"class_list":{"0":"post-2357","1":"post","2":"type-post","3":"status-publish","4":"format-standard","5":"has-post-thumbnail","7":"category-krakowskie-przedmiescie","8":"category-warszawa"},"_links":{"self":[{"href":"http:\/\/lapidarium.fundacja-hereditas.pl\/index.php\/wp-json\/wp\/v2\/posts\/2357","targetHints":{"allow":["GET"]}}],"collection":[{"href":"http:\/\/lapidarium.fundacja-hereditas.pl\/index.php\/wp-json\/wp\/v2\/posts"}],"about":[{"href":"http:\/\/lapidarium.fundacja-hereditas.pl\/index.php\/wp-json\/wp\/v2\/types\/post"}],"author":[{"embeddable":true,"href":"http:\/\/lapidarium.fundacja-hereditas.pl\/index.php\/wp-json\/wp\/v2\/users\/2"}],"replies":[{"embeddable":true,"href":"http:\/\/lapidarium.fundacja-hereditas.pl\/index.php\/wp-json\/wp\/v2\/comments?post=2357"}],"version-history":[{"count":3,"href":"http:\/\/lapidarium.fundacja-hereditas.pl\/index.php\/wp-json\/wp\/v2\/posts\/2357\/revisions"}],"predecessor-version":[{"id":5530,"href":"http:\/\/lapidarium.fundacja-hereditas.pl\/index.php\/wp-json\/wp\/v2\/posts\/2357\/revisions\/5530"}],"wp:featuredmedia":[{"embeddable":true,"href":"http:\/\/lapidarium.fundacja-hereditas.pl\/index.php\/wp-json\/wp\/v2\/media\/1129"}],"wp:attachment":[{"href":"http:\/\/lapidarium.fundacja-hereditas.pl\/index.php\/wp-json\/wp\/v2\/media?parent=2357"}],"wp:term":[{"taxonomy":"category","embeddable":true,"href":"http:\/\/lapidarium.fundacja-hereditas.pl\/index.php\/wp-json\/wp\/v2\/categories?post=2357"},{"taxonomy":"post_tag","embeddable":true,"href":"http:\/\/lapidarium.fundacja-hereditas.pl\/index.php\/wp-json\/wp\/v2\/tags?post=2357"}],"curies":[{"name":"wp","href":"https:\/\/api.w.org\/{rel}","templated":true}]}}