{"id":2350,"date":"2021-08-28T23:14:33","date_gmt":"2021-08-28T21:14:33","guid":{"rendered":"https:\/\/lapidarium.fundacja-hereditas.pl\/?p=2350"},"modified":"2021-10-26T18:33:03","modified_gmt":"2021-10-26T16:33:03","slug":"kamienica-marii-i-wiktora-lineburgow-ul-kowienska-23","status":"publish","type":"post","link":"http:\/\/lapidarium.fundacja-hereditas.pl\/index.php\/2021\/08\/28\/kamienica-marii-i-wiktora-lineburgow-ul-kowienska-23\/","title":{"rendered":"Kamienica Marii i Wiktora Lineburg\u00f3w ul. Kowie\u0144ska 23, Warszawa"},"content":{"rendered":"\n<p>Dom wybudowany ok. 1910 r. (za: J. Zieli\u0144ski, Atlas dawnej architektury ulic i plac\u00f3w Warszawy, t. 5, Warszawa 1999).<\/p>\n\n\n\n<p>Opis architektury i stan zachowania; detal architektoniczny<\/p>\n\n\n\n<p>Obiekt czterokondygnacyjny, siedmioosiowy, murowany, na cokole, pozbawiony obecnie tynk\u00f3w. Ponad parterem gzyms kordonowy, gzymsy parapetowe pod 2. i 4. kondygnacj\u0105. Na 2. i 6. osi (kondygnacje 2.-4.) pierwotnie balkony, obecnie wi\u0119kszo\u015b\u0107 pierwotnych portfenetr\u00f3w przemurowana na otwory okienne. Na 5. osi odcinkowy wlot do przejazdu bramnego. Sklepienie przejazdu kolebkowe. Po lewej stronie przejazdu wej\u015bcie na klatk\u0119 schodow\u0105. Stopnie pokryte wylewk\u0105 betonow\u0105, zabezpieczone na kraw\u0119dzi stopnia metalow\u0105 listw\u0105. Balustrada o trzech rodzajach (!) a\u017curowych wype\u0142nie\u0144, pochwyt drewniany, g\u0142adki. Kamienica frontowa zespolona od podw\u00f3rza z oficynami.<\/p>\n\n\n\n<figure class=\"wp-block-gallery columns-3 is-cropped wp-block-gallery-1 is-layout-flex wp-block-gallery-is-layout-flex\"><ul class=\"blocks-gallery-grid\"><li class=\"blocks-gallery-item\"><figure><a href=\"http:\/\/lapidarium.fundacja-hereditas.pl\/wp-content\/uploads\/2021\/08\/dkowienska23_7_1576434288.jpg\"><img loading=\"lazy\" decoding=\"async\" width=\"823\" height=\"550\" src=\"http:\/\/lapidarium.fundacja-hereditas.pl\/wp-content\/uploads\/2021\/08\/dkowienska23_7_1576434288.jpg\" alt=\"Elewacja frontowa. Fot. Alicja \u0141aszcz, 2019, \u017ar\u00f3d\u0142o: lapidarium detalu.\" data-id=\"1028\" data-full-url=\"http:\/\/lapidarium.fundacja-hereditas.pl\/wp-content\/uploads\/2021\/08\/dkowienska23_7_1576434288.jpg\" data-link=\"https:\/\/lapidarium.fundacja-hereditas.pl\/dkowienska23_7_1576434288\/\" class=\"wp-image-1028\" srcset=\"http:\/\/lapidarium.fundacja-hereditas.pl\/wp-content\/uploads\/2021\/08\/dkowienska23_7_1576434288.jpg 823w, http:\/\/lapidarium.fundacja-hereditas.pl\/wp-content\/uploads\/2021\/08\/dkowienska23_7_1576434288-300x200.jpg 300w, http:\/\/lapidarium.fundacja-hereditas.pl\/wp-content\/uploads\/2021\/08\/dkowienska23_7_1576434288-768x513.jpg 768w, http:\/\/lapidarium.fundacja-hereditas.pl\/wp-content\/uploads\/2021\/08\/dkowienska23_7_1576434288-150x100.jpg 150w, http:\/\/lapidarium.fundacja-hereditas.pl\/wp-content\/uploads\/2021\/08\/dkowienska23_7_1576434288-696x465.jpg 696w\" sizes=\"auto, (max-width: 823px) 100vw, 823px\" \/><\/a><figcaption class=\"blocks-gallery-item__caption\">Elewacja frontowa. Fot. Alicja \u0141aszcz, 2019, \u017ar\u00f3d\u0142o: lapidarium detalu.<\/figcaption><\/figure><\/li><li class=\"blocks-gallery-item\"><figure><a href=\"http:\/\/lapidarium.fundacja-hereditas.pl\/wp-content\/uploads\/2021\/08\/d1577812478_galeria115.jpg\"><img loading=\"lazy\" decoding=\"async\" width=\"824\" height=\"550\" src=\"http:\/\/lapidarium.fundacja-hereditas.pl\/wp-content\/uploads\/2021\/08\/d1577812478_galeria115.jpg\" alt=\"Widok og\u00f3lny. Fot. Kaja Diks, 2019, \u017ar\u00f3d\u0142o: lapidarium detalu.\" data-id=\"1031\" data-full-url=\"http:\/\/lapidarium.fundacja-hereditas.pl\/wp-content\/uploads\/2021\/08\/d1577812478_galeria115.jpg\" data-link=\"https:\/\/lapidarium.fundacja-hereditas.pl\/d1577812478_galeria115\/\" class=\"wp-image-1031\" srcset=\"http:\/\/lapidarium.fundacja-hereditas.pl\/wp-content\/uploads\/2021\/08\/d1577812478_galeria115.jpg 824w, http:\/\/lapidarium.fundacja-hereditas.pl\/wp-content\/uploads\/2021\/08\/d1577812478_galeria115-300x200.jpg 300w, http:\/\/lapidarium.fundacja-hereditas.pl\/wp-content\/uploads\/2021\/08\/d1577812478_galeria115-768x513.jpg 768w, http:\/\/lapidarium.fundacja-hereditas.pl\/wp-content\/uploads\/2021\/08\/d1577812478_galeria115-150x100.jpg 150w, http:\/\/lapidarium.fundacja-hereditas.pl\/wp-content\/uploads\/2021\/08\/d1577812478_galeria115-696x465.jpg 696w\" sizes=\"auto, (max-width: 824px) 100vw, 824px\" \/><\/a><figcaption class=\"blocks-gallery-item__caption\">Widok og\u00f3lny. Fot. Kaja Diks, 2019, \u017ar\u00f3d\u0142o: lapidarium detalu.<\/figcaption><\/figure><\/li><li class=\"blocks-gallery-item\"><figure><a href=\"http:\/\/lapidarium.fundacja-hereditas.pl\/wp-content\/uploads\/2021\/08\/d1577812569_galeria115.jpg\"><img loading=\"lazy\" decoding=\"async\" width=\"824\" height=\"550\" src=\"http:\/\/lapidarium.fundacja-hereditas.pl\/wp-content\/uploads\/2021\/08\/d1577812569_galeria115.jpg\" alt=\"Elewacja tylna. Fot. Kaja Diks, 2019, \u017ar\u00f3d\u0142o: lapidarium detalu.\" data-id=\"1033\" data-full-url=\"http:\/\/lapidarium.fundacja-hereditas.pl\/wp-content\/uploads\/2021\/08\/d1577812569_galeria115.jpg\" data-link=\"https:\/\/lapidarium.fundacja-hereditas.pl\/d1577812569_galeria115\/\" class=\"wp-image-1033\" srcset=\"http:\/\/lapidarium.fundacja-hereditas.pl\/wp-content\/uploads\/2021\/08\/d1577812569_galeria115.jpg 824w, http:\/\/lapidarium.fundacja-hereditas.pl\/wp-content\/uploads\/2021\/08\/d1577812569_galeria115-300x200.jpg 300w, http:\/\/lapidarium.fundacja-hereditas.pl\/wp-content\/uploads\/2021\/08\/d1577812569_galeria115-768x513.jpg 768w, http:\/\/lapidarium.fundacja-hereditas.pl\/wp-content\/uploads\/2021\/08\/d1577812569_galeria115-150x100.jpg 150w, http:\/\/lapidarium.fundacja-hereditas.pl\/wp-content\/uploads\/2021\/08\/d1577812569_galeria115-696x465.jpg 696w\" sizes=\"auto, (max-width: 824px) 100vw, 824px\" \/><\/a><figcaption class=\"blocks-gallery-item__caption\">Elewacja tylna. Fot. Kaja Diks, 2019, \u017ar\u00f3d\u0142o: lapidarium detalu.<\/figcaption><\/figure><\/li><li class=\"blocks-gallery-item\"><figure><a href=\"http:\/\/lapidarium.fundacja-hereditas.pl\/wp-content\/uploads\/2021\/08\/d1577812713_galeria115.jpg\"><img loading=\"lazy\" decoding=\"async\" width=\"824\" height=\"550\" src=\"http:\/\/lapidarium.fundacja-hereditas.pl\/wp-content\/uploads\/2021\/08\/d1577812713_galeria115.jpg\" alt=\"Przejazd bramny. Fot. Kaja Diks, 2019, \u017ar\u00f3d\u0142o: lapidarium detalu.\" data-id=\"1037\" data-full-url=\"http:\/\/lapidarium.fundacja-hereditas.pl\/wp-content\/uploads\/2021\/08\/d1577812713_galeria115.jpg\" data-link=\"https:\/\/lapidarium.fundacja-hereditas.pl\/d1577812713_galeria115\/\" class=\"wp-image-1037\" srcset=\"http:\/\/lapidarium.fundacja-hereditas.pl\/wp-content\/uploads\/2021\/08\/d1577812713_galeria115.jpg 824w, http:\/\/lapidarium.fundacja-hereditas.pl\/wp-content\/uploads\/2021\/08\/d1577812713_galeria115-300x200.jpg 300w, http:\/\/lapidarium.fundacja-hereditas.pl\/wp-content\/uploads\/2021\/08\/d1577812713_galeria115-768x513.jpg 768w, http:\/\/lapidarium.fundacja-hereditas.pl\/wp-content\/uploads\/2021\/08\/d1577812713_galeria115-150x100.jpg 150w, http:\/\/lapidarium.fundacja-hereditas.pl\/wp-content\/uploads\/2021\/08\/d1577812713_galeria115-696x465.jpg 696w\" sizes=\"auto, (max-width: 824px) 100vw, 824px\" \/><\/a><figcaption class=\"blocks-gallery-item__caption\">Przejazd bramny. Fot. Kaja Diks, 2019, \u017ar\u00f3d\u0142o: lapidarium detalu.<\/figcaption><\/figure><\/li><li class=\"blocks-gallery-item\"><figure><a href=\"http:\/\/lapidarium.fundacja-hereditas.pl\/wp-content\/uploads\/2021\/08\/dkowienska23_2_1576434285.jpg\"><img loading=\"lazy\" decoding=\"async\" width=\"823\" height=\"550\" src=\"http:\/\/lapidarium.fundacja-hereditas.pl\/wp-content\/uploads\/2021\/08\/dkowienska23_2_1576434285.jpg\" alt=\"Przejazd bramny. Fot. Alicja \u0141aszcz, 2019, \u017ar\u00f3d\u0142o: lapidarium detalu.\" data-id=\"1025\" data-full-url=\"http:\/\/lapidarium.fundacja-hereditas.pl\/wp-content\/uploads\/2021\/08\/dkowienska23_2_1576434285.jpg\" data-link=\"https:\/\/lapidarium.fundacja-hereditas.pl\/dkowienska23_2_1576434285\/\" class=\"wp-image-1025\" srcset=\"http:\/\/lapidarium.fundacja-hereditas.pl\/wp-content\/uploads\/2021\/08\/dkowienska23_2_1576434285.jpg 823w, http:\/\/lapidarium.fundacja-hereditas.pl\/wp-content\/uploads\/2021\/08\/dkowienska23_2_1576434285-300x200.jpg 300w, http:\/\/lapidarium.fundacja-hereditas.pl\/wp-content\/uploads\/2021\/08\/dkowienska23_2_1576434285-768x513.jpg 768w, http:\/\/lapidarium.fundacja-hereditas.pl\/wp-content\/uploads\/2021\/08\/dkowienska23_2_1576434285-150x100.jpg 150w, http:\/\/lapidarium.fundacja-hereditas.pl\/wp-content\/uploads\/2021\/08\/dkowienska23_2_1576434285-696x465.jpg 696w\" sizes=\"auto, (max-width: 823px) 100vw, 823px\" \/><\/a><figcaption class=\"blocks-gallery-item__caption\">Przejazd bramny. Fot. Alicja \u0141aszcz, 2019, \u017ar\u00f3d\u0142o: lapidarium detalu.<\/figcaption><\/figure><\/li><li class=\"blocks-gallery-item\"><figure><a href=\"http:\/\/lapidarium.fundacja-hereditas.pl\/wp-content\/uploads\/2021\/08\/d1578172183_galeria115.jpg\"><img loading=\"lazy\" decoding=\"async\" width=\"413\" height=\"550\" src=\"http:\/\/lapidarium.fundacja-hereditas.pl\/wp-content\/uploads\/2021\/08\/d1578172183_galeria115.jpg\" alt=\"Stopnie schod\u00f3w, g\u0142\u00f3wna klatka schodowa. Fot. Monika Weso\u0142owska, 2019, \u017ar\u00f3d\u0142o: lapidarium detalu.\" data-id=\"1043\" data-full-url=\"http:\/\/lapidarium.fundacja-hereditas.pl\/wp-content\/uploads\/2021\/08\/d1578172183_galeria115.jpg\" data-link=\"https:\/\/lapidarium.fundacja-hereditas.pl\/d1578172183_galeria115\/\" class=\"wp-image-1043\" srcset=\"http:\/\/lapidarium.fundacja-hereditas.pl\/wp-content\/uploads\/2021\/08\/d1578172183_galeria115.jpg 413w, http:\/\/lapidarium.fundacja-hereditas.pl\/wp-content\/uploads\/2021\/08\/d1578172183_galeria115-225x300.jpg 225w, http:\/\/lapidarium.fundacja-hereditas.pl\/wp-content\/uploads\/2021\/08\/d1578172183_galeria115-150x200.jpg 150w, http:\/\/lapidarium.fundacja-hereditas.pl\/wp-content\/uploads\/2021\/08\/d1578172183_galeria115-300x400.jpg 300w\" sizes=\"auto, (max-width: 413px) 100vw, 413px\" \/><\/a><figcaption class=\"blocks-gallery-item__caption\">Stopnie schod\u00f3w, g\u0142\u00f3wna klatka schodowa. Fot. Monika Weso\u0142owska, 2019, \u017ar\u00f3d\u0142o: lapidarium detalu.<\/figcaption><\/figure><\/li><li class=\"blocks-gallery-item\"><figure><a href=\"http:\/\/lapidarium.fundacja-hereditas.pl\/wp-content\/uploads\/2021\/08\/d1578172198_galeria115.jpg\"><img loading=\"lazy\" decoding=\"async\" width=\"413\" height=\"550\" src=\"http:\/\/lapidarium.fundacja-hereditas.pl\/wp-content\/uploads\/2021\/08\/d1578172198_galeria115.jpg\" alt=\"Balustrada schod\u00f3w, g\u0142\u00f3wna klatka schodowa. Fot. Monika Weso\u0142owska, 2019, \u017ar\u00f3d\u0142o: lapidarium detalu.\" data-id=\"1044\" data-full-url=\"http:\/\/lapidarium.fundacja-hereditas.pl\/wp-content\/uploads\/2021\/08\/d1578172198_galeria115.jpg\" data-link=\"https:\/\/lapidarium.fundacja-hereditas.pl\/d1578172198_galeria115\/\" class=\"wp-image-1044\" srcset=\"http:\/\/lapidarium.fundacja-hereditas.pl\/wp-content\/uploads\/2021\/08\/d1578172198_galeria115.jpg 413w, http:\/\/lapidarium.fundacja-hereditas.pl\/wp-content\/uploads\/2021\/08\/d1578172198_galeria115-225x300.jpg 225w, http:\/\/lapidarium.fundacja-hereditas.pl\/wp-content\/uploads\/2021\/08\/d1578172198_galeria115-150x200.jpg 150w, http:\/\/lapidarium.fundacja-hereditas.pl\/wp-content\/uploads\/2021\/08\/d1578172198_galeria115-300x400.jpg 300w\" sizes=\"auto, (max-width: 413px) 100vw, 413px\" \/><\/a><figcaption class=\"blocks-gallery-item__caption\">Balustrada schod\u00f3w, g\u0142\u00f3wna klatka schodowa. Fot. Monika Weso\u0142owska, 2019, \u017ar\u00f3d\u0142o: lapidarium detalu.<\/figcaption><\/figure><\/li><li class=\"blocks-gallery-item\"><figure><a href=\"http:\/\/lapidarium.fundacja-hereditas.pl\/wp-content\/uploads\/2021\/08\/dkowienska23_5_1576434287.jpg\"><img loading=\"lazy\" decoding=\"async\" width=\"368\" height=\"550\" src=\"http:\/\/lapidarium.fundacja-hereditas.pl\/wp-content\/uploads\/2021\/08\/dkowienska23_5_1576434287.jpg\" alt=\"Balustrada schod\u00f3w, g\u0142\u00f3wna klatka schodowa. Fot. Alicja \u0141aszcz, 2019, \u017ar\u00f3d\u0142o: lapidarium detalu.\" data-id=\"1026\" data-full-url=\"http:\/\/lapidarium.fundacja-hereditas.pl\/wp-content\/uploads\/2021\/08\/dkowienska23_5_1576434287.jpg\" data-link=\"https:\/\/lapidarium.fundacja-hereditas.pl\/dkowienska23_5_1576434287\/\" class=\"wp-image-1026\" srcset=\"http:\/\/lapidarium.fundacja-hereditas.pl\/wp-content\/uploads\/2021\/08\/dkowienska23_5_1576434287.jpg 368w, http:\/\/lapidarium.fundacja-hereditas.pl\/wp-content\/uploads\/2021\/08\/dkowienska23_5_1576434287-201x300.jpg 201w, http:\/\/lapidarium.fundacja-hereditas.pl\/wp-content\/uploads\/2021\/08\/dkowienska23_5_1576434287-150x224.jpg 150w, http:\/\/lapidarium.fundacja-hereditas.pl\/wp-content\/uploads\/2021\/08\/dkowienska23_5_1576434287-300x448.jpg 300w\" sizes=\"auto, (max-width: 368px) 100vw, 368px\" \/><\/a><figcaption class=\"blocks-gallery-item__caption\">Balustrada schod\u00f3w, g\u0142\u00f3wna klatka schodowa. Fot. Alicja \u0141aszcz, 2019, \u017ar\u00f3d\u0142o: lapidarium detalu.<\/figcaption><\/figure><\/li><li class=\"blocks-gallery-item\"><figure><a href=\"http:\/\/lapidarium.fundacja-hereditas.pl\/wp-content\/uploads\/2021\/08\/dkowienska23_1_1576434284.jpg\"><img loading=\"lazy\" decoding=\"async\" width=\"823\" height=\"550\" src=\"http:\/\/lapidarium.fundacja-hereditas.pl\/wp-content\/uploads\/2021\/08\/dkowienska23_1_1576434284.jpg\" alt=\"Balustrada schod\u00f3w, g\u0142\u00f3wna klatka schodowa. Fot. Alicja \u0141aszcz, 2019, \u017ar\u00f3d\u0142o: lapidarium detalu.\" data-id=\"1024\" data-full-url=\"http:\/\/lapidarium.fundacja-hereditas.pl\/wp-content\/uploads\/2021\/08\/dkowienska23_1_1576434284.jpg\" data-link=\"https:\/\/lapidarium.fundacja-hereditas.pl\/dkowienska23_1_1576434284\/\" class=\"wp-image-1024\" srcset=\"http:\/\/lapidarium.fundacja-hereditas.pl\/wp-content\/uploads\/2021\/08\/dkowienska23_1_1576434284.jpg 823w, http:\/\/lapidarium.fundacja-hereditas.pl\/wp-content\/uploads\/2021\/08\/dkowienska23_1_1576434284-300x200.jpg 300w, http:\/\/lapidarium.fundacja-hereditas.pl\/wp-content\/uploads\/2021\/08\/dkowienska23_1_1576434284-768x513.jpg 768w, http:\/\/lapidarium.fundacja-hereditas.pl\/wp-content\/uploads\/2021\/08\/dkowienska23_1_1576434284-150x100.jpg 150w, http:\/\/lapidarium.fundacja-hereditas.pl\/wp-content\/uploads\/2021\/08\/dkowienska23_1_1576434284-696x465.jpg 696w\" sizes=\"auto, (max-width: 823px) 100vw, 823px\" \/><\/a><figcaption class=\"blocks-gallery-item__caption\">Balustrada schod\u00f3w, g\u0142\u00f3wna klatka schodowa. Fot. Alicja \u0141aszcz, 2019, \u017ar\u00f3d\u0142o: lapidarium detalu.<\/figcaption><\/figure><\/li><li class=\"blocks-gallery-item\"><figure><a href=\"http:\/\/lapidarium.fundacja-hereditas.pl\/wp-content\/uploads\/2021\/08\/d1578172167_galeria115.jpg\"><img loading=\"lazy\" decoding=\"async\" width=\"413\" height=\"550\" src=\"http:\/\/lapidarium.fundacja-hereditas.pl\/wp-content\/uploads\/2021\/08\/d1578172167_galeria115.jpg\" alt=\"Balustrada schod\u00f3w, g\u0142\u00f3wna klatka schodowa. Fot. Monika Weso\u0142owska, 2019, \u017ar\u00f3d\u0142o: lapidarium detalu.\" data-id=\"1042\" data-full-url=\"http:\/\/lapidarium.fundacja-hereditas.pl\/wp-content\/uploads\/2021\/08\/d1578172167_galeria115.jpg\" data-link=\"https:\/\/lapidarium.fundacja-hereditas.pl\/d1578172167_galeria115\/\" class=\"wp-image-1042\" srcset=\"http:\/\/lapidarium.fundacja-hereditas.pl\/wp-content\/uploads\/2021\/08\/d1578172167_galeria115.jpg 413w, http:\/\/lapidarium.fundacja-hereditas.pl\/wp-content\/uploads\/2021\/08\/d1578172167_galeria115-225x300.jpg 225w, http:\/\/lapidarium.fundacja-hereditas.pl\/wp-content\/uploads\/2021\/08\/d1578172167_galeria115-150x200.jpg 150w, http:\/\/lapidarium.fundacja-hereditas.pl\/wp-content\/uploads\/2021\/08\/d1578172167_galeria115-300x400.jpg 300w\" sizes=\"auto, (max-width: 413px) 100vw, 413px\" \/><\/a><figcaption class=\"blocks-gallery-item__caption\">Balustrada schod\u00f3w, g\u0142\u00f3wna klatka schodowa. Fot. Monika Weso\u0142owska, 2019, \u017ar\u00f3d\u0142o: lapidarium detalu.<\/figcaption><\/figure><\/li><li class=\"blocks-gallery-item\"><figure><a href=\"http:\/\/lapidarium.fundacja-hereditas.pl\/wp-content\/uploads\/2021\/08\/d1578172128_galeria115.jpg\"><img loading=\"lazy\" decoding=\"async\" width=\"413\" height=\"550\" src=\"http:\/\/lapidarium.fundacja-hereditas.pl\/wp-content\/uploads\/2021\/08\/d1578172128_galeria115.jpg\" alt=\"Balustrada schod\u00f3w, g\u0142\u00f3wna klatka schodowa. Fot. Monika Weso\u0142owska, 2019, \u017ar\u00f3d\u0142o: lapidarium detalu.\" data-id=\"1040\" data-full-url=\"http:\/\/lapidarium.fundacja-hereditas.pl\/wp-content\/uploads\/2021\/08\/d1578172128_galeria115.jpg\" data-link=\"https:\/\/lapidarium.fundacja-hereditas.pl\/d1578172128_galeria115\/\" class=\"wp-image-1040\" srcset=\"http:\/\/lapidarium.fundacja-hereditas.pl\/wp-content\/uploads\/2021\/08\/d1578172128_galeria115.jpg 413w, http:\/\/lapidarium.fundacja-hereditas.pl\/wp-content\/uploads\/2021\/08\/d1578172128_galeria115-225x300.jpg 225w, http:\/\/lapidarium.fundacja-hereditas.pl\/wp-content\/uploads\/2021\/08\/d1578172128_galeria115-150x200.jpg 150w, http:\/\/lapidarium.fundacja-hereditas.pl\/wp-content\/uploads\/2021\/08\/d1578172128_galeria115-300x400.jpg 300w\" sizes=\"auto, (max-width: 413px) 100vw, 413px\" \/><\/a><figcaption class=\"blocks-gallery-item__caption\">Balustrada schod\u00f3w, g\u0142\u00f3wna klatka schodowa. Fot. Monika Weso\u0142owska, 2019, \u017ar\u00f3d\u0142o: lapidarium detalu.<\/figcaption><\/figure><\/li><li class=\"blocks-gallery-item\"><figure><a href=\"http:\/\/lapidarium.fundacja-hereditas.pl\/wp-content\/uploads\/2021\/08\/d1578172113_galeria115.jpg\"><img loading=\"lazy\" decoding=\"async\" width=\"732\" height=\"550\" src=\"http:\/\/lapidarium.fundacja-hereditas.pl\/wp-content\/uploads\/2021\/08\/d1578172113_galeria115.jpg\" alt=\"Balustrada schod\u00f3w, g\u0142\u00f3wna klatka schodowa. Fot. Monika Weso\u0142owska, 2019, \u017ar\u00f3d\u0142o: lapidarium detalu.\" data-id=\"1039\" data-full-url=\"http:\/\/lapidarium.fundacja-hereditas.pl\/wp-content\/uploads\/2021\/08\/d1578172113_galeria115.jpg\" data-link=\"https:\/\/lapidarium.fundacja-hereditas.pl\/d1578172113_galeria115\/\" class=\"wp-image-1039\" srcset=\"http:\/\/lapidarium.fundacja-hereditas.pl\/wp-content\/uploads\/2021\/08\/d1578172113_galeria115.jpg 732w, http:\/\/lapidarium.fundacja-hereditas.pl\/wp-content\/uploads\/2021\/08\/d1578172113_galeria115-300x225.jpg 300w, http:\/\/lapidarium.fundacja-hereditas.pl\/wp-content\/uploads\/2021\/08\/d1578172113_galeria115-150x113.jpg 150w, http:\/\/lapidarium.fundacja-hereditas.pl\/wp-content\/uploads\/2021\/08\/d1578172113_galeria115-696x523.jpg 696w\" sizes=\"auto, (max-width: 732px) 100vw, 732px\" \/><\/a><figcaption class=\"blocks-gallery-item__caption\">Balustrada schod\u00f3w, g\u0142\u00f3wna klatka schodowa. Fot. Monika Weso\u0142owska, 2019, \u017ar\u00f3d\u0142o: lapidarium detalu.<\/figcaption><\/figure><\/li><li class=\"blocks-gallery-item\"><figure><a href=\"http:\/\/lapidarium.fundacja-hereditas.pl\/wp-content\/uploads\/2021\/08\/d1578172079_galeria115.jpg\"><img loading=\"lazy\" decoding=\"async\" width=\"732\" height=\"550\" src=\"http:\/\/lapidarium.fundacja-hereditas.pl\/wp-content\/uploads\/2021\/08\/d1578172079_galeria115.jpg\" alt=\"Balustrada schod\u00f3w, g\u0142\u00f3wna klatka schodowa. Fot. Monika Weso\u0142owska, 2019, \u017ar\u00f3d\u0142o: lapidarium detalu.\" data-id=\"1038\" data-full-url=\"http:\/\/lapidarium.fundacja-hereditas.pl\/wp-content\/uploads\/2021\/08\/d1578172079_galeria115.jpg\" data-link=\"https:\/\/lapidarium.fundacja-hereditas.pl\/d1578172079_galeria115\/\" class=\"wp-image-1038\" srcset=\"http:\/\/lapidarium.fundacja-hereditas.pl\/wp-content\/uploads\/2021\/08\/d1578172079_galeria115.jpg 732w, http:\/\/lapidarium.fundacja-hereditas.pl\/wp-content\/uploads\/2021\/08\/d1578172079_galeria115-300x225.jpg 300w, http:\/\/lapidarium.fundacja-hereditas.pl\/wp-content\/uploads\/2021\/08\/d1578172079_galeria115-150x113.jpg 150w, http:\/\/lapidarium.fundacja-hereditas.pl\/wp-content\/uploads\/2021\/08\/d1578172079_galeria115-696x523.jpg 696w\" sizes=\"auto, (max-width: 732px) 100vw, 732px\" \/><\/a><figcaption class=\"blocks-gallery-item__caption\">Balustrada schod\u00f3w, g\u0142\u00f3wna klatka schodowa. Fot. Monika Weso\u0142owska, 2019, \u017ar\u00f3d\u0142o: lapidarium detalu.<\/figcaption><\/figure><\/li><li class=\"blocks-gallery-item\"><figure><a href=\"http:\/\/lapidarium.fundacja-hereditas.pl\/wp-content\/uploads\/2021\/08\/d1577812679_galeria115.jpg\"><img loading=\"lazy\" decoding=\"async\" width=\"824\" height=\"550\" src=\"http:\/\/lapidarium.fundacja-hereditas.pl\/wp-content\/uploads\/2021\/08\/d1577812679_galeria115.jpg\" alt=\"Balustrada schod\u00f3w, g\u0142\u00f3wna klatka schodowa. Fot. Kaja Diks, 2019, \u017ar\u00f3d\u0142o: lapidarium detalu.\" data-id=\"1035\" data-full-url=\"http:\/\/lapidarium.fundacja-hereditas.pl\/wp-content\/uploads\/2021\/08\/d1577812679_galeria115.jpg\" data-link=\"https:\/\/lapidarium.fundacja-hereditas.pl\/d1577812679_galeria115\/\" class=\"wp-image-1035\" srcset=\"http:\/\/lapidarium.fundacja-hereditas.pl\/wp-content\/uploads\/2021\/08\/d1577812679_galeria115.jpg 824w, http:\/\/lapidarium.fundacja-hereditas.pl\/wp-content\/uploads\/2021\/08\/d1577812679_galeria115-300x200.jpg 300w, http:\/\/lapidarium.fundacja-hereditas.pl\/wp-content\/uploads\/2021\/08\/d1577812679_galeria115-768x513.jpg 768w, http:\/\/lapidarium.fundacja-hereditas.pl\/wp-content\/uploads\/2021\/08\/d1577812679_galeria115-150x100.jpg 150w, http:\/\/lapidarium.fundacja-hereditas.pl\/wp-content\/uploads\/2021\/08\/d1577812679_galeria115-696x465.jpg 696w\" sizes=\"auto, (max-width: 824px) 100vw, 824px\" \/><\/a><figcaption class=\"blocks-gallery-item__caption\">Balustrada schod\u00f3w, g\u0142\u00f3wna klatka schodowa. Fot. Kaja Diks, 2019, \u017ar\u00f3d\u0142o: lapidarium detalu.<\/figcaption><\/figure><\/li><li class=\"blocks-gallery-item\"><figure><a href=\"http:\/\/lapidarium.fundacja-hereditas.pl\/wp-content\/uploads\/2021\/08\/dkowienska23_6_1576434288.jpg\"><img loading=\"lazy\" decoding=\"async\" width=\"368\" height=\"550\" src=\"http:\/\/lapidarium.fundacja-hereditas.pl\/wp-content\/uploads\/2021\/08\/dkowienska23_6_1576434288.jpg\" alt=\"Balustrada schod\u00f3w, g\u0142\u00f3wna klatka schodowa. Fot. Alicja \u0141aszcz, 2019, \u017ar\u00f3d\u0142o: lapidarium detalu.\" data-id=\"1027\" data-full-url=\"http:\/\/lapidarium.fundacja-hereditas.pl\/wp-content\/uploads\/2021\/08\/dkowienska23_6_1576434288.jpg\" data-link=\"https:\/\/lapidarium.fundacja-hereditas.pl\/dkowienska23_6_1576434288\/\" class=\"wp-image-1027\" srcset=\"http:\/\/lapidarium.fundacja-hereditas.pl\/wp-content\/uploads\/2021\/08\/dkowienska23_6_1576434288.jpg 368w, http:\/\/lapidarium.fundacja-hereditas.pl\/wp-content\/uploads\/2021\/08\/dkowienska23_6_1576434288-201x300.jpg 201w, http:\/\/lapidarium.fundacja-hereditas.pl\/wp-content\/uploads\/2021\/08\/dkowienska23_6_1576434288-150x224.jpg 150w, http:\/\/lapidarium.fundacja-hereditas.pl\/wp-content\/uploads\/2021\/08\/dkowienska23_6_1576434288-300x448.jpg 300w\" sizes=\"auto, (max-width: 368px) 100vw, 368px\" \/><\/a><figcaption class=\"blocks-gallery-item__caption\">Balustrada schod\u00f3w, g\u0142\u00f3wna klatka schodowa. Fot. Alicja \u0141aszcz, 2019, \u017ar\u00f3d\u0142o: lapidarium detalu.<\/figcaption><\/figure><\/li><li class=\"blocks-gallery-item\"><figure><a href=\"http:\/\/lapidarium.fundacja-hereditas.pl\/wp-content\/uploads\/2021\/08\/d1577812467_galeria115.jpg\"><img loading=\"lazy\" decoding=\"async\" width=\"824\" height=\"550\" src=\"http:\/\/lapidarium.fundacja-hereditas.pl\/wp-content\/uploads\/2021\/08\/d1577812467_galeria115.jpg\" alt=\"Balustrada schod\u00f3w, g\u0142\u00f3wna klatka schodowa. Fot. Kaja Diks, 2019, \u017ar\u00f3d\u0142o: lapidarium detalu.\" data-id=\"1030\" data-full-url=\"http:\/\/lapidarium.fundacja-hereditas.pl\/wp-content\/uploads\/2021\/08\/d1577812467_galeria115.jpg\" data-link=\"https:\/\/lapidarium.fundacja-hereditas.pl\/d1577812467_galeria115\/\" class=\"wp-image-1030\" srcset=\"http:\/\/lapidarium.fundacja-hereditas.pl\/wp-content\/uploads\/2021\/08\/d1577812467_galeria115.jpg 824w, http:\/\/lapidarium.fundacja-hereditas.pl\/wp-content\/uploads\/2021\/08\/d1577812467_galeria115-300x200.jpg 300w, http:\/\/lapidarium.fundacja-hereditas.pl\/wp-content\/uploads\/2021\/08\/d1577812467_galeria115-768x513.jpg 768w, http:\/\/lapidarium.fundacja-hereditas.pl\/wp-content\/uploads\/2021\/08\/d1577812467_galeria115-150x100.jpg 150w, http:\/\/lapidarium.fundacja-hereditas.pl\/wp-content\/uploads\/2021\/08\/d1577812467_galeria115-696x465.jpg 696w\" sizes=\"auto, (max-width: 824px) 100vw, 824px\" \/><\/a><figcaption class=\"blocks-gallery-item__caption\">Balustrada schod\u00f3w, g\u0142\u00f3wna klatka schodowa. Fot. Kaja Diks, 2019, \u017ar\u00f3d\u0142o: lapidarium detalu.<\/figcaption><\/figure><\/li><li class=\"blocks-gallery-item\"><figure><a href=\"http:\/\/lapidarium.fundacja-hereditas.pl\/wp-content\/uploads\/2021\/08\/d1577122160_galeria115.jpg\"><img loading=\"lazy\" decoding=\"async\" width=\"733\" height=\"550\" src=\"http:\/\/lapidarium.fundacja-hereditas.pl\/wp-content\/uploads\/2021\/08\/d1577122160_galeria115.jpg\" alt=\"Balustrada schod\u00f3w, ostatnia kondygnacja. Fot. Katarzyna Komar-Michalczyk, 2019, \u017ar\u00f3d\u0142o: lapidarium detalu.\" data-id=\"1029\" data-full-url=\"http:\/\/lapidarium.fundacja-hereditas.pl\/wp-content\/uploads\/2021\/08\/d1577122160_galeria115.jpg\" data-link=\"https:\/\/lapidarium.fundacja-hereditas.pl\/d1577122160_galeria115\/\" class=\"wp-image-1029\" srcset=\"http:\/\/lapidarium.fundacja-hereditas.pl\/wp-content\/uploads\/2021\/08\/d1577122160_galeria115.jpg 733w, http:\/\/lapidarium.fundacja-hereditas.pl\/wp-content\/uploads\/2021\/08\/d1577122160_galeria115-300x225.jpg 300w, http:\/\/lapidarium.fundacja-hereditas.pl\/wp-content\/uploads\/2021\/08\/d1577122160_galeria115-150x113.jpg 150w, http:\/\/lapidarium.fundacja-hereditas.pl\/wp-content\/uploads\/2021\/08\/d1577122160_galeria115-696x522.jpg 696w\" sizes=\"auto, (max-width: 733px) 100vw, 733px\" \/><\/a><figcaption class=\"blocks-gallery-item__caption\">Balustrada schod\u00f3w, ostatnia kondygnacja. Fot. Katarzyna Komar-Michalczyk, 2019, \u017ar\u00f3d\u0142o: lapidarium detalu.<\/figcaption><\/figure><\/li><li class=\"blocks-gallery-item\"><figure><a href=\"http:\/\/lapidarium.fundacja-hereditas.pl\/wp-content\/uploads\/2021\/08\/d1577812697_galeria115.jpg\"><img loading=\"lazy\" decoding=\"async\" width=\"824\" height=\"550\" src=\"http:\/\/lapidarium.fundacja-hereditas.pl\/wp-content\/uploads\/2021\/08\/d1577812697_galeria115.jpg\" alt=\"Balustrada schod\u00f3w, g\u0142\u00f3wna klatka schodowa. Fot. Kaja Diks, 2019, \u017ar\u00f3d\u0142o: lapidarium detalu.\" data-id=\"1036\" data-full-url=\"http:\/\/lapidarium.fundacja-hereditas.pl\/wp-content\/uploads\/2021\/08\/d1577812697_galeria115.jpg\" data-link=\"https:\/\/lapidarium.fundacja-hereditas.pl\/d1577812697_galeria115\/\" class=\"wp-image-1036\" srcset=\"http:\/\/lapidarium.fundacja-hereditas.pl\/wp-content\/uploads\/2021\/08\/d1577812697_galeria115.jpg 824w, http:\/\/lapidarium.fundacja-hereditas.pl\/wp-content\/uploads\/2021\/08\/d1577812697_galeria115-300x200.jpg 300w, http:\/\/lapidarium.fundacja-hereditas.pl\/wp-content\/uploads\/2021\/08\/d1577812697_galeria115-768x513.jpg 768w, http:\/\/lapidarium.fundacja-hereditas.pl\/wp-content\/uploads\/2021\/08\/d1577812697_galeria115-150x100.jpg 150w, http:\/\/lapidarium.fundacja-hereditas.pl\/wp-content\/uploads\/2021\/08\/d1577812697_galeria115-696x465.jpg 696w\" sizes=\"auto, (max-width: 824px) 100vw, 824px\" \/><\/a><figcaption class=\"blocks-gallery-item__caption\">Balustrada schod\u00f3w, g\u0142\u00f3wna klatka schodowa. Fot. Kaja Diks, 2019, \u017ar\u00f3d\u0142o: lapidarium detalu.<\/figcaption><\/figure><\/li><li class=\"blocks-gallery-item\"><figure><a href=\"http:\/\/lapidarium.fundacja-hereditas.pl\/wp-content\/uploads\/2021\/08\/d1577812585_galeria115.jpg\"><img loading=\"lazy\" decoding=\"async\" width=\"367\" height=\"550\" src=\"http:\/\/lapidarium.fundacja-hereditas.pl\/wp-content\/uploads\/2021\/08\/d1577812585_galeria115.jpg\" alt=\"Drzwi do mieszkania, g\u0142\u00f3wna klatka schodowa. Fot. Kaja Diks, 2019, \u017ar\u00f3d\u0142o: lapidarium detalu.\" data-id=\"1034\" data-full-url=\"http:\/\/lapidarium.fundacja-hereditas.pl\/wp-content\/uploads\/2021\/08\/d1577812585_galeria115.jpg\" data-link=\"https:\/\/lapidarium.fundacja-hereditas.pl\/d1577812585_galeria115\/\" class=\"wp-image-1034\" srcset=\"http:\/\/lapidarium.fundacja-hereditas.pl\/wp-content\/uploads\/2021\/08\/d1577812585_galeria115.jpg 367w, http:\/\/lapidarium.fundacja-hereditas.pl\/wp-content\/uploads\/2021\/08\/d1577812585_galeria115-200x300.jpg 200w, http:\/\/lapidarium.fundacja-hereditas.pl\/wp-content\/uploads\/2021\/08\/d1577812585_galeria115-150x225.jpg 150w, http:\/\/lapidarium.fundacja-hereditas.pl\/wp-content\/uploads\/2021\/08\/d1577812585_galeria115-300x450.jpg 300w\" sizes=\"auto, (max-width: 367px) 100vw, 367px\" \/><\/a><figcaption class=\"blocks-gallery-item__caption\">Drzwi do mieszkania, g\u0142\u00f3wna klatka schodowa. Fot. Kaja Diks, 2019, \u017ar\u00f3d\u0142o: lapidarium detalu.<\/figcaption><\/figure><\/li><li class=\"blocks-gallery-item\"><figure><a href=\"http:\/\/lapidarium.fundacja-hereditas.pl\/wp-content\/uploads\/2021\/08\/d1578172149_galeria115.jpg\"><img loading=\"lazy\" decoding=\"async\" width=\"413\" height=\"550\" src=\"http:\/\/lapidarium.fundacja-hereditas.pl\/wp-content\/uploads\/2021\/08\/d1578172149_galeria115.jpg\" alt=\"Drzwi do mieszkania, g\u0142\u00f3wna klatka schodowa. Fot. Monika Weso\u0142owska, 2019, \u017ar\u00f3d\u0142o: lapidarium detalu.\" data-id=\"1041\" data-full-url=\"http:\/\/lapidarium.fundacja-hereditas.pl\/wp-content\/uploads\/2021\/08\/d1578172149_galeria115.jpg\" data-link=\"https:\/\/lapidarium.fundacja-hereditas.pl\/d1578172149_galeria115\/\" class=\"wp-image-1041\" srcset=\"http:\/\/lapidarium.fundacja-hereditas.pl\/wp-content\/uploads\/2021\/08\/d1578172149_galeria115.jpg 413w, http:\/\/lapidarium.fundacja-hereditas.pl\/wp-content\/uploads\/2021\/08\/d1578172149_galeria115-225x300.jpg 225w, http:\/\/lapidarium.fundacja-hereditas.pl\/wp-content\/uploads\/2021\/08\/d1578172149_galeria115-150x200.jpg 150w, http:\/\/lapidarium.fundacja-hereditas.pl\/wp-content\/uploads\/2021\/08\/d1578172149_galeria115-300x400.jpg 300w\" sizes=\"auto, (max-width: 413px) 100vw, 413px\" \/><\/a><figcaption class=\"blocks-gallery-item__caption\">Drzwi do mieszkania, g\u0142\u00f3wna klatka schodowa. Fot. Monika Weso\u0142owska, 2019, \u017ar\u00f3d\u0142o: lapidarium detalu.<\/figcaption><\/figure><\/li><li class=\"blocks-gallery-item\"><figure><a href=\"http:\/\/lapidarium.fundacja-hereditas.pl\/wp-content\/uploads\/2021\/08\/d1577812502_galeria115.jpg\"><img loading=\"lazy\" decoding=\"async\" width=\"824\" height=\"550\" src=\"http:\/\/lapidarium.fundacja-hereditas.pl\/wp-content\/uploads\/2021\/08\/d1577812502_galeria115.jpg\" alt=\"Dzwonek do drzwi, g\u0142\u00f3wna klatka schodowa. Fot. Kaja Diks, 2019, \u017ar\u00f3d\u0142o: lapidarium detalu.\" data-id=\"1032\" data-full-url=\"http:\/\/lapidarium.fundacja-hereditas.pl\/wp-content\/uploads\/2021\/08\/d1577812502_galeria115.jpg\" data-link=\"https:\/\/lapidarium.fundacja-hereditas.pl\/d1577812502_galeria115\/\" class=\"wp-image-1032\" srcset=\"http:\/\/lapidarium.fundacja-hereditas.pl\/wp-content\/uploads\/2021\/08\/d1577812502_galeria115.jpg 824w, http:\/\/lapidarium.fundacja-hereditas.pl\/wp-content\/uploads\/2021\/08\/d1577812502_galeria115-300x200.jpg 300w, http:\/\/lapidarium.fundacja-hereditas.pl\/wp-content\/uploads\/2021\/08\/d1577812502_galeria115-768x513.jpg 768w, http:\/\/lapidarium.fundacja-hereditas.pl\/wp-content\/uploads\/2021\/08\/d1577812502_galeria115-150x100.jpg 150w, http:\/\/lapidarium.fundacja-hereditas.pl\/wp-content\/uploads\/2021\/08\/d1577812502_galeria115-696x465.jpg 696w\" sizes=\"auto, (max-width: 824px) 100vw, 824px\" \/><\/a><figcaption class=\"blocks-gallery-item__caption\">Dzwonek do drzwi, g\u0142\u00f3wna klatka schodowa. Fot. Kaja Diks, 2019, \u017ar\u00f3d\u0142o: lapidarium detalu.<\/figcaption><\/figure><\/li><\/ul><\/figure>\n","protected":false},"excerpt":{"rendered":"<p>Kamienica Marii i Wiktora Lineburg\u00f3w ul. Kowie\u0144ska 23. Dom wybudowany ok. 1910 r.<\/p>\n","protected":false},"author":2,"featured_media":1031,"comment_status":"open","ping_status":"open","sticky":false,"template":"","format":"standard","meta":{"footnotes":""},"categories":[17,4],"tags":[],"class_list":{"0":"post-2350","1":"post","2":"type-post","3":"status-publish","4":"format-standard","5":"has-post-thumbnail","7":"category-kowienska","8":"category-warszawa"},"_links":{"self":[{"href":"http:\/\/lapidarium.fundacja-hereditas.pl\/index.php\/wp-json\/wp\/v2\/posts\/2350","targetHints":{"allow":["GET"]}}],"collection":[{"href":"http:\/\/lapidarium.fundacja-hereditas.pl\/index.php\/wp-json\/wp\/v2\/posts"}],"about":[{"href":"http:\/\/lapidarium.fundacja-hereditas.pl\/index.php\/wp-json\/wp\/v2\/types\/post"}],"author":[{"embeddable":true,"href":"http:\/\/lapidarium.fundacja-hereditas.pl\/index.php\/wp-json\/wp\/v2\/users\/2"}],"replies":[{"embeddable":true,"href":"http:\/\/lapidarium.fundacja-hereditas.pl\/index.php\/wp-json\/wp\/v2\/comments?post=2350"}],"version-history":[{"count":3,"href":"http:\/\/lapidarium.fundacja-hereditas.pl\/index.php\/wp-json\/wp\/v2\/posts\/2350\/revisions"}],"predecessor-version":[{"id":5533,"href":"http:\/\/lapidarium.fundacja-hereditas.pl\/index.php\/wp-json\/wp\/v2\/posts\/2350\/revisions\/5533"}],"wp:featuredmedia":[{"embeddable":true,"href":"http:\/\/lapidarium.fundacja-hereditas.pl\/index.php\/wp-json\/wp\/v2\/media\/1031"}],"wp:attachment":[{"href":"http:\/\/lapidarium.fundacja-hereditas.pl\/index.php\/wp-json\/wp\/v2\/media?parent=2350"}],"wp:term":[{"taxonomy":"category","embeddable":true,"href":"http:\/\/lapidarium.fundacja-hereditas.pl\/index.php\/wp-json\/wp\/v2\/categories?post=2350"},{"taxonomy":"post_tag","embeddable":true,"href":"http:\/\/lapidarium.fundacja-hereditas.pl\/index.php\/wp-json\/wp\/v2\/tags?post=2350"}],"curies":[{"name":"wp","href":"https:\/\/api.w.org\/{rel}","templated":true}]}}