{"id":21509,"date":"2024-01-15T04:38:39","date_gmt":"2024-01-15T03:38:39","guid":{"rendered":"http:\/\/lapidarium.fundacja-hereditas.pl\/?p=21509"},"modified":"2024-09-21T15:05:11","modified_gmt":"2024-09-21T13:05:11","slug":"kamienica-ul-filtrowa-61-warszawa","status":"publish","type":"post","link":"http:\/\/lapidarium.fundacja-hereditas.pl\/index.php\/2024\/01\/15\/kamienica-ul-filtrowa-61-warszawa\/","title":{"rendered":"Kamienica ul. Filtrowa 61, Warszawa"},"content":{"rendered":"\n<p>Okaza\u0142a kamienica rozplanowana na kszta\u0142cie litery \u201ec\u201d, zosta\u0142a wzniesiona ok. 1925 r., pod\u0142ug projektu Antoniego Dygata (1886-1949 r.) na terenie tzw. \u201eKolonii Lubeckiego\u201d. Obszar tego ogromnego obecnie osiedla wpisany jest w ca\u0142o\u015bci jako uk\u0142ad urbanistyczny, do rejestru zabytk\u00f3w (n-er: 1535-A z 20.12.1993), ponadto wiele ze znajduj\u0105cych si\u0119 na nim obiekt\u00f3w znajduje si\u0119 w gminnej ewidencji zabytk\u00f3w. Sama nazwa pochodzi od pierwszej w tym miejscu sp\u00f3\u0142dzielni ustanowionej na by\u0142ych, carskich terenach powojskowych. Sp\u00f3\u0142dzielnia owa otrzyma\u0142a nazw\u0119: \u201eKoloni Lubeckiego\u201d. Samo u\u017cycie sformu\u0142owania \u201ekolonia\u201d kojarzy si\u0119 z zasiedlaniem, zagospodarowywaniem i oswajaniem teren\u00f3w dotychczas dzikich i niedost\u0119pnych. Tak te\u017c poniek\u0105d by\u0142o. Przez d\u0142ugie lata zabor\u00f3w obszary wok\u00f3\u0142 miasta (tzw. esplanada), by\u0142y wy\u0142\u0105czone z u\u017cytkowania stanowi\u0105c szeroki pas ja\u0142owej przestrzeni, niezabudowanej, niezalesionej \u2013 po prostu pustej. Opisywany tu obiekt znajduje si\u0119 we wschodniej cz\u0119\u015bci tej\u017ce kolonii i wchodzi w sk\u0142ad zespo\u0142u dw\u00f3ch bli\u017aniaczych dom\u00f3w zwr\u00f3conych g\u0142\u00f3wnymi fasadami W kierunku ul. Filtrowej a wzgl\u0119dem siebie, zlokalizowanych po obu stronach ul. Rudawskiej. Oba powsta\u0142y w podobny czasie dla wojskowej Sp\u00f3\u0142dzielni Mieszkaniowej Oficer\u00f3w WIG , co jednoznacznie przes\u0105dza\u0142o przynajmniej przed wojn\u0105 o sk\u0142adzie osobowym lokator\u00f3w. Ot\u00f3\u017c byli to w du\u017cej mierze wojskowi (ale nie tylko) zatrudnieni w Wojskowym Instytucie Geograficznym, zajmuj\u0105cym si\u0119 przede wszystkim opracowaniem aktualnych map, co zaraz po odzyskaniu niepodleg\u0142o\u015bci stanowi\u0142o niezmiernie trudne zadanie. Nie by\u0142o bowiem w rozbitym przez dziesi\u0119ciolecia na trzy cz\u0119\u015bci kraju jednego systemu opracowa\u0144 kartograficznych. Mimo kr\u00f3tkiego czasu uda\u0142o si\u0119 osi\u0105gn\u0105\u0107 w tej dziedzinie bardzo wiele. Wydawane w\u00f3wczas mapy by\u0142y bardzo wysoko oceniane zar\u00f3wno w Polsce jak i poza granicami naszego kraju. W obu domach sp\u00f3\u0142dzielni mieszkali pracownicy takiej w\u0142a\u015bnie szacownej instytucji. Jako, \u017ce znali si\u0119 z pracy i \u017cyli po s\u0105siedzku, na osiedlu panowa\u0142y do\u015b\u0107 familiarne stosunki ma\u0142ej, z\u017cytej spo\u0142eczno\u015bci. Niestety wszystko to mia\u0142o si\u0119 sko\u0144czy\u0107 wraz z nadej\u015bciem wojny. Zmieni\u0142 si\u0119 te\u017c w\u00f3wczas wygl\u0105d samych obiekt\u00f3w. W wyniku dzia\u0142a\u0144 wojennych potraci\u0142y one dachy, a po powojennej odbudowie tak\u017ce pierwotne proporcje. Zlikwidowano bowiem mansardy, a ukryte w nich ostatnie pi\u0119tro, w obu przypadkach, po prostu nadbudowano, odtwarzaj\u0105c w do\u015b\u0107 prostej formie. Po likwidacji mansardowego dachu znik\u0142y te\u017c sko\u015bne ostre nacz\u00f3\u0142ki ponad klatkami schodowymi od strony front\u00f3w, a by\u0142y takie nacz\u00f3\u0142ki po trzy w ka\u017cdym domu, czyli po jednym na ka\u017cdy front oduliczny. Dzia\u0142ania te spowodowa\u0142y, \u017ce mimo i\u017c domy sta\u0142y si\u0119 pok\u0105d nico wy\u017csze (przy takiej jednak samej, jak przed wojn\u0105 ilo\u015bci kondygnacji), to wizualnie wydaj\u0105 si\u0119 dzi\u015b znacznie bardziej przysadziste i kr\u0119pe.<\/p>\n\n\n\n<p>::: Sfinansowano ze \u015brodk\u00f3w Mazowieckiego Wojew\u00f3dzkiego Konserwatora Zabytk\u00f3w.<\/p>\n\n\n\n<figure class=\"wp-block-gallery has-nested-images columns-default is-cropped wp-block-gallery-1 is-layout-flex wp-block-gallery-is-layout-flex\">\n<figure class=\"wp-block-image size-large\"><img loading=\"lazy\" decoding=\"async\" width=\"1024\" height=\"818\" data-id=\"27375\" src=\"http:\/\/lapidarium.fundacja-hereditas.pl\/wp-content\/uploads\/2024\/09\/E_Dziedziniewicz-Rapca_Warszawa_Filtrowa_61_naroznik_od_zachodu-1024x818.jpg\" alt=\"\" class=\"wp-image-27375\" srcset=\"http:\/\/lapidarium.fundacja-hereditas.pl\/wp-content\/uploads\/2024\/09\/E_Dziedziniewicz-Rapca_Warszawa_Filtrowa_61_naroznik_od_zachodu-1024x818.jpg 1024w, http:\/\/lapidarium.fundacja-hereditas.pl\/wp-content\/uploads\/2024\/09\/E_Dziedziniewicz-Rapca_Warszawa_Filtrowa_61_naroznik_od_zachodu-300x240.jpg 300w, http:\/\/lapidarium.fundacja-hereditas.pl\/wp-content\/uploads\/2024\/09\/E_Dziedziniewicz-Rapca_Warszawa_Filtrowa_61_naroznik_od_zachodu-768x614.jpg 768w, http:\/\/lapidarium.fundacja-hereditas.pl\/wp-content\/uploads\/2024\/09\/E_Dziedziniewicz-Rapca_Warszawa_Filtrowa_61_naroznik_od_zachodu-1536x1227.jpg 1536w, http:\/\/lapidarium.fundacja-hereditas.pl\/wp-content\/uploads\/2024\/09\/E_Dziedziniewicz-Rapca_Warszawa_Filtrowa_61_naroznik_od_zachodu-2048x1636.jpg 2048w, http:\/\/lapidarium.fundacja-hereditas.pl\/wp-content\/uploads\/2024\/09\/E_Dziedziniewicz-Rapca_Warszawa_Filtrowa_61_naroznik_od_zachodu-150x120.jpg 150w, http:\/\/lapidarium.fundacja-hereditas.pl\/wp-content\/uploads\/2024\/09\/E_Dziedziniewicz-Rapca_Warszawa_Filtrowa_61_naroznik_od_zachodu-696x556.jpg 696w, http:\/\/lapidarium.fundacja-hereditas.pl\/wp-content\/uploads\/2024\/09\/E_Dziedziniewicz-Rapca_Warszawa_Filtrowa_61_naroznik_od_zachodu-1068x853.jpg 1068w, http:\/\/lapidarium.fundacja-hereditas.pl\/wp-content\/uploads\/2024\/09\/E_Dziedziniewicz-Rapca_Warszawa_Filtrowa_61_naroznik_od_zachodu-1920x1534.jpg 1920w\" sizes=\"auto, (max-width: 1024px) 100vw, 1024px\" \/><figcaption class=\"wp-element-caption\">Naro\u017cnik p\u00f3\u0142nocno zachodni. Widok od Filtowej. Fot. Ewa Dziedziniewicz-R\u0105pca, 2023 r., \u017ar\u00f3d\u0142o: MWKZ.<\/figcaption><\/figure>\n\n\n\n<figure class=\"wp-block-image size-large\"><img loading=\"lazy\" decoding=\"async\" width=\"777\" height=\"1024\" data-id=\"27369\" src=\"http:\/\/lapidarium.fundacja-hereditas.pl\/wp-content\/uploads\/2024\/09\/E_Dziedziniewicz-Rapca_Warszawa_Filtrowa_61_elewacja_od_Filtrowej_skos-777x1024.jpg\" alt=\"\" class=\"wp-image-27369\" srcset=\"http:\/\/lapidarium.fundacja-hereditas.pl\/wp-content\/uploads\/2024\/09\/E_Dziedziniewicz-Rapca_Warszawa_Filtrowa_61_elewacja_od_Filtrowej_skos-777x1024.jpg 777w, http:\/\/lapidarium.fundacja-hereditas.pl\/wp-content\/uploads\/2024\/09\/E_Dziedziniewicz-Rapca_Warszawa_Filtrowa_61_elewacja_od_Filtrowej_skos-228x300.jpg 228w, http:\/\/lapidarium.fundacja-hereditas.pl\/wp-content\/uploads\/2024\/09\/E_Dziedziniewicz-Rapca_Warszawa_Filtrowa_61_elewacja_od_Filtrowej_skos-768x1012.jpg 768w, http:\/\/lapidarium.fundacja-hereditas.pl\/wp-content\/uploads\/2024\/09\/E_Dziedziniewicz-Rapca_Warszawa_Filtrowa_61_elewacja_od_Filtrowej_skos-1166x1536.jpg 1166w, http:\/\/lapidarium.fundacja-hereditas.pl\/wp-content\/uploads\/2024\/09\/E_Dziedziniewicz-Rapca_Warszawa_Filtrowa_61_elewacja_od_Filtrowej_skos-1555x2048.jpg 1555w, http:\/\/lapidarium.fundacja-hereditas.pl\/wp-content\/uploads\/2024\/09\/E_Dziedziniewicz-Rapca_Warszawa_Filtrowa_61_elewacja_od_Filtrowej_skos-150x198.jpg 150w, http:\/\/lapidarium.fundacja-hereditas.pl\/wp-content\/uploads\/2024\/09\/E_Dziedziniewicz-Rapca_Warszawa_Filtrowa_61_elewacja_od_Filtrowej_skos-300x395.jpg 300w, http:\/\/lapidarium.fundacja-hereditas.pl\/wp-content\/uploads\/2024\/09\/E_Dziedziniewicz-Rapca_Warszawa_Filtrowa_61_elewacja_od_Filtrowej_skos-696x917.jpg 696w, http:\/\/lapidarium.fundacja-hereditas.pl\/wp-content\/uploads\/2024\/09\/E_Dziedziniewicz-Rapca_Warszawa_Filtrowa_61_elewacja_od_Filtrowej_skos-1068x1407.jpg 1068w, http:\/\/lapidarium.fundacja-hereditas.pl\/wp-content\/uploads\/2024\/09\/E_Dziedziniewicz-Rapca_Warszawa_Filtrowa_61_elewacja_od_Filtrowej_skos-1920x2529.jpg 1920w, http:\/\/lapidarium.fundacja-hereditas.pl\/wp-content\/uploads\/2024\/09\/E_Dziedziniewicz-Rapca_Warszawa_Filtrowa_61_elewacja_od_Filtrowej_skos-scaled.jpg 1943w\" sizes=\"auto, (max-width: 777px) 100vw, 777px\" \/><figcaption class=\"wp-element-caption\">Elewacja P\u00f3\u0142nocna. Widok od ul. Filtrowej. Fot. Ewa Dziedziniewicz-R\u0105pca, 2023 r., \u017ar\u00f3d\u0142o: MWKZ.<\/figcaption><\/figure>\n\n\n\n<figure class=\"wp-block-image size-large\"><img loading=\"lazy\" decoding=\"async\" width=\"773\" height=\"1024\" data-id=\"27371\" src=\"http:\/\/lapidarium.fundacja-hereditas.pl\/wp-content\/uploads\/2024\/09\/E_Dziedziniewicz-Rapca_Warszawa_Filtrowa_61_elewacja_od_Filtrowejwejscie-773x1024.jpg\" alt=\"\" class=\"wp-image-27371\" srcset=\"http:\/\/lapidarium.fundacja-hereditas.pl\/wp-content\/uploads\/2024\/09\/E_Dziedziniewicz-Rapca_Warszawa_Filtrowa_61_elewacja_od_Filtrowejwejscie-773x1024.jpg 773w, http:\/\/lapidarium.fundacja-hereditas.pl\/wp-content\/uploads\/2024\/09\/E_Dziedziniewicz-Rapca_Warszawa_Filtrowa_61_elewacja_od_Filtrowejwejscie-226x300.jpg 226w, http:\/\/lapidarium.fundacja-hereditas.pl\/wp-content\/uploads\/2024\/09\/E_Dziedziniewicz-Rapca_Warszawa_Filtrowa_61_elewacja_od_Filtrowejwejscie-768x1017.jpg 768w, http:\/\/lapidarium.fundacja-hereditas.pl\/wp-content\/uploads\/2024\/09\/E_Dziedziniewicz-Rapca_Warszawa_Filtrowa_61_elewacja_od_Filtrowejwejscie-1160x1536.jpg 1160w, http:\/\/lapidarium.fundacja-hereditas.pl\/wp-content\/uploads\/2024\/09\/E_Dziedziniewicz-Rapca_Warszawa_Filtrowa_61_elewacja_od_Filtrowejwejscie-1546x2048.jpg 1546w, http:\/\/lapidarium.fundacja-hereditas.pl\/wp-content\/uploads\/2024\/09\/E_Dziedziniewicz-Rapca_Warszawa_Filtrowa_61_elewacja_od_Filtrowejwejscie-150x199.jpg 150w, http:\/\/lapidarium.fundacja-hereditas.pl\/wp-content\/uploads\/2024\/09\/E_Dziedziniewicz-Rapca_Warszawa_Filtrowa_61_elewacja_od_Filtrowejwejscie-300x397.jpg 300w, http:\/\/lapidarium.fundacja-hereditas.pl\/wp-content\/uploads\/2024\/09\/E_Dziedziniewicz-Rapca_Warszawa_Filtrowa_61_elewacja_od_Filtrowejwejscie-696x922.jpg 696w, http:\/\/lapidarium.fundacja-hereditas.pl\/wp-content\/uploads\/2024\/09\/E_Dziedziniewicz-Rapca_Warszawa_Filtrowa_61_elewacja_od_Filtrowejwejscie-1068x1415.jpg 1068w, http:\/\/lapidarium.fundacja-hereditas.pl\/wp-content\/uploads\/2024\/09\/E_Dziedziniewicz-Rapca_Warszawa_Filtrowa_61_elewacja_od_Filtrowejwejscie-1920x2543.jpg 1920w, http:\/\/lapidarium.fundacja-hereditas.pl\/wp-content\/uploads\/2024\/09\/E_Dziedziniewicz-Rapca_Warszawa_Filtrowa_61_elewacja_od_Filtrowejwejscie-scaled.jpg 1933w\" sizes=\"auto, (max-width: 773px) 100vw, 773px\" \/><figcaption class=\"wp-element-caption\">Elewacja P\u00f3\u0142nocna. Widok od ul. Filtrowej. Fot. Ewa Dziedziniewicz-R\u0105pca, 2023 r., \u017ar\u00f3d\u0142o: MWKZ.<\/figcaption><\/figure>\n\n\n\n<figure class=\"wp-block-image size-large\"><img loading=\"lazy\" decoding=\"async\" width=\"773\" height=\"1024\" data-id=\"27370\" src=\"http:\/\/lapidarium.fundacja-hereditas.pl\/wp-content\/uploads\/2024\/09\/E_Dziedziniewicz-Rapca_Warszawa_Filtrowa_61_elewacja_od_Filtrowej_zaczep_trakcja-773x1024.jpg\" alt=\"\" class=\"wp-image-27370\" srcset=\"http:\/\/lapidarium.fundacja-hereditas.pl\/wp-content\/uploads\/2024\/09\/E_Dziedziniewicz-Rapca_Warszawa_Filtrowa_61_elewacja_od_Filtrowej_zaczep_trakcja-773x1024.jpg 773w, http:\/\/lapidarium.fundacja-hereditas.pl\/wp-content\/uploads\/2024\/09\/E_Dziedziniewicz-Rapca_Warszawa_Filtrowa_61_elewacja_od_Filtrowej_zaczep_trakcja-226x300.jpg 226w, http:\/\/lapidarium.fundacja-hereditas.pl\/wp-content\/uploads\/2024\/09\/E_Dziedziniewicz-Rapca_Warszawa_Filtrowa_61_elewacja_od_Filtrowej_zaczep_trakcja-768x1017.jpg 768w, http:\/\/lapidarium.fundacja-hereditas.pl\/wp-content\/uploads\/2024\/09\/E_Dziedziniewicz-Rapca_Warszawa_Filtrowa_61_elewacja_od_Filtrowej_zaczep_trakcja-1160x1536.jpg 1160w, http:\/\/lapidarium.fundacja-hereditas.pl\/wp-content\/uploads\/2024\/09\/E_Dziedziniewicz-Rapca_Warszawa_Filtrowa_61_elewacja_od_Filtrowej_zaczep_trakcja-1546x2048.jpg 1546w, http:\/\/lapidarium.fundacja-hereditas.pl\/wp-content\/uploads\/2024\/09\/E_Dziedziniewicz-Rapca_Warszawa_Filtrowa_61_elewacja_od_Filtrowej_zaczep_trakcja-150x199.jpg 150w, http:\/\/lapidarium.fundacja-hereditas.pl\/wp-content\/uploads\/2024\/09\/E_Dziedziniewicz-Rapca_Warszawa_Filtrowa_61_elewacja_od_Filtrowej_zaczep_trakcja-300x397.jpg 300w, http:\/\/lapidarium.fundacja-hereditas.pl\/wp-content\/uploads\/2024\/09\/E_Dziedziniewicz-Rapca_Warszawa_Filtrowa_61_elewacja_od_Filtrowej_zaczep_trakcja-696x922.jpg 696w, http:\/\/lapidarium.fundacja-hereditas.pl\/wp-content\/uploads\/2024\/09\/E_Dziedziniewicz-Rapca_Warszawa_Filtrowa_61_elewacja_od_Filtrowej_zaczep_trakcja-1068x1415.jpg 1068w, http:\/\/lapidarium.fundacja-hereditas.pl\/wp-content\/uploads\/2024\/09\/E_Dziedziniewicz-Rapca_Warszawa_Filtrowa_61_elewacja_od_Filtrowej_zaczep_trakcja-1920x2543.jpg 1920w, http:\/\/lapidarium.fundacja-hereditas.pl\/wp-content\/uploads\/2024\/09\/E_Dziedziniewicz-Rapca_Warszawa_Filtrowa_61_elewacja_od_Filtrowej_zaczep_trakcja-scaled.jpg 1933w\" sizes=\"auto, (max-width: 773px) 100vw, 773px\" \/><figcaption class=\"wp-element-caption\">Elewacja P\u00f3\u0142nocna. Widok od ul. Filtrowej. Zaczep trakcji tramwajowej (?). Fot. Ewa Dziedziniewicz-R\u0105pca, 2023 r., \u017ar\u00f3d\u0142o: MWKZ.<\/figcaption><\/figure>\n\n\n\n<figure class=\"wp-block-image size-large\"><img loading=\"lazy\" decoding=\"async\" width=\"787\" height=\"1024\" data-id=\"27365\" src=\"http:\/\/lapidarium.fundacja-hereditas.pl\/wp-content\/uploads\/2024\/09\/E_Dziedziniewicz-Rapca_Warszawa_Filtrowa_61_elewacja_od_Filtrowej_balkon_pierwsze_pietro-787x1024.jpg\" alt=\"\" class=\"wp-image-27365\" srcset=\"http:\/\/lapidarium.fundacja-hereditas.pl\/wp-content\/uploads\/2024\/09\/E_Dziedziniewicz-Rapca_Warszawa_Filtrowa_61_elewacja_od_Filtrowej_balkon_pierwsze_pietro-787x1024.jpg 787w, http:\/\/lapidarium.fundacja-hereditas.pl\/wp-content\/uploads\/2024\/09\/E_Dziedziniewicz-Rapca_Warszawa_Filtrowa_61_elewacja_od_Filtrowej_balkon_pierwsze_pietro-231x300.jpg 231w, http:\/\/lapidarium.fundacja-hereditas.pl\/wp-content\/uploads\/2024\/09\/E_Dziedziniewicz-Rapca_Warszawa_Filtrowa_61_elewacja_od_Filtrowej_balkon_pierwsze_pietro-768x999.jpg 768w, http:\/\/lapidarium.fundacja-hereditas.pl\/wp-content\/uploads\/2024\/09\/E_Dziedziniewicz-Rapca_Warszawa_Filtrowa_61_elewacja_od_Filtrowej_balkon_pierwsze_pietro-1181x1536.jpg 1181w, http:\/\/lapidarium.fundacja-hereditas.pl\/wp-content\/uploads\/2024\/09\/E_Dziedziniewicz-Rapca_Warszawa_Filtrowa_61_elewacja_od_Filtrowej_balkon_pierwsze_pietro-1575x2048.jpg 1575w, http:\/\/lapidarium.fundacja-hereditas.pl\/wp-content\/uploads\/2024\/09\/E_Dziedziniewicz-Rapca_Warszawa_Filtrowa_61_elewacja_od_Filtrowej_balkon_pierwsze_pietro-150x195.jpg 150w, http:\/\/lapidarium.fundacja-hereditas.pl\/wp-content\/uploads\/2024\/09\/E_Dziedziniewicz-Rapca_Warszawa_Filtrowa_61_elewacja_od_Filtrowej_balkon_pierwsze_pietro-300x390.jpg 300w, http:\/\/lapidarium.fundacja-hereditas.pl\/wp-content\/uploads\/2024\/09\/E_Dziedziniewicz-Rapca_Warszawa_Filtrowa_61_elewacja_od_Filtrowej_balkon_pierwsze_pietro-696x905.jpg 696w, http:\/\/lapidarium.fundacja-hereditas.pl\/wp-content\/uploads\/2024\/09\/E_Dziedziniewicz-Rapca_Warszawa_Filtrowa_61_elewacja_od_Filtrowej_balkon_pierwsze_pietro-1068x1389.jpg 1068w, http:\/\/lapidarium.fundacja-hereditas.pl\/wp-content\/uploads\/2024\/09\/E_Dziedziniewicz-Rapca_Warszawa_Filtrowa_61_elewacja_od_Filtrowej_balkon_pierwsze_pietro-1920x2497.jpg 1920w, http:\/\/lapidarium.fundacja-hereditas.pl\/wp-content\/uploads\/2024\/09\/E_Dziedziniewicz-Rapca_Warszawa_Filtrowa_61_elewacja_od_Filtrowej_balkon_pierwsze_pietro-scaled.jpg 1969w\" sizes=\"auto, (max-width: 787px) 100vw, 787px\" \/><figcaption class=\"wp-element-caption\">Elewacja P\u00f3\u0142nocna. Widok od ul. Filtrowej. Balkony. Fot. Ewa Dziedziniewicz-R\u0105pca, 2023 r., \u017ar\u00f3d\u0142o: MWKZ.<\/figcaption><\/figure>\n\n\n\n<figure class=\"wp-block-image size-large\"><img loading=\"lazy\" decoding=\"async\" width=\"803\" height=\"1024\" data-id=\"27368\" src=\"http:\/\/lapidarium.fundacja-hereditas.pl\/wp-content\/uploads\/2024\/09\/E_Dziedziniewicz-Rapca_Warszawa_Filtrowa_61_elewacja_od_Filtrowej_okno_parter_i_balkon-803x1024.jpg\" alt=\"\" class=\"wp-image-27368\" srcset=\"http:\/\/lapidarium.fundacja-hereditas.pl\/wp-content\/uploads\/2024\/09\/E_Dziedziniewicz-Rapca_Warszawa_Filtrowa_61_elewacja_od_Filtrowej_okno_parter_i_balkon-803x1024.jpg 803w, http:\/\/lapidarium.fundacja-hereditas.pl\/wp-content\/uploads\/2024\/09\/E_Dziedziniewicz-Rapca_Warszawa_Filtrowa_61_elewacja_od_Filtrowej_okno_parter_i_balkon-235x300.jpg 235w, http:\/\/lapidarium.fundacja-hereditas.pl\/wp-content\/uploads\/2024\/09\/E_Dziedziniewicz-Rapca_Warszawa_Filtrowa_61_elewacja_od_Filtrowej_okno_parter_i_balkon-768x979.jpg 768w, http:\/\/lapidarium.fundacja-hereditas.pl\/wp-content\/uploads\/2024\/09\/E_Dziedziniewicz-Rapca_Warszawa_Filtrowa_61_elewacja_od_Filtrowej_okno_parter_i_balkon-1205x1536.jpg 1205w, http:\/\/lapidarium.fundacja-hereditas.pl\/wp-content\/uploads\/2024\/09\/E_Dziedziniewicz-Rapca_Warszawa_Filtrowa_61_elewacja_od_Filtrowej_okno_parter_i_balkon-1606x2048.jpg 1606w, http:\/\/lapidarium.fundacja-hereditas.pl\/wp-content\/uploads\/2024\/09\/E_Dziedziniewicz-Rapca_Warszawa_Filtrowa_61_elewacja_od_Filtrowej_okno_parter_i_balkon-150x191.jpg 150w, http:\/\/lapidarium.fundacja-hereditas.pl\/wp-content\/uploads\/2024\/09\/E_Dziedziniewicz-Rapca_Warszawa_Filtrowa_61_elewacja_od_Filtrowej_okno_parter_i_balkon-300x382.jpg 300w, http:\/\/lapidarium.fundacja-hereditas.pl\/wp-content\/uploads\/2024\/09\/E_Dziedziniewicz-Rapca_Warszawa_Filtrowa_61_elewacja_od_Filtrowej_okno_parter_i_balkon-696x887.jpg 696w, http:\/\/lapidarium.fundacja-hereditas.pl\/wp-content\/uploads\/2024\/09\/E_Dziedziniewicz-Rapca_Warszawa_Filtrowa_61_elewacja_od_Filtrowej_okno_parter_i_balkon-1068x1362.jpg 1068w, http:\/\/lapidarium.fundacja-hereditas.pl\/wp-content\/uploads\/2024\/09\/E_Dziedziniewicz-Rapca_Warszawa_Filtrowa_61_elewacja_od_Filtrowej_okno_parter_i_balkon-scaled.jpg 2008w\" sizes=\"auto, (max-width: 803px) 100vw, 803px\" \/><figcaption class=\"wp-element-caption\">Elewacja P\u00f3\u0142nocna. Widok od ul. Filtrowej. Parter i balkon I-go pi\u0119tra. Fot. Ewa Dziedziniewicz-R\u0105pca, 2023 r., \u017ar\u00f3d\u0142o: MWKZ.<\/figcaption><\/figure>\n\n\n\n<figure class=\"wp-block-image size-large\"><img loading=\"lazy\" decoding=\"async\" width=\"777\" height=\"1024\" data-id=\"27367\" src=\"http:\/\/lapidarium.fundacja-hereditas.pl\/wp-content\/uploads\/2024\/09\/E_Dziedziniewicz-Rapca_Warszawa_Filtrowa_61_elewacja_od_Filtrowej_okno_oberluft-777x1024.jpg\" alt=\"\" class=\"wp-image-27367\" srcset=\"http:\/\/lapidarium.fundacja-hereditas.pl\/wp-content\/uploads\/2024\/09\/E_Dziedziniewicz-Rapca_Warszawa_Filtrowa_61_elewacja_od_Filtrowej_okno_oberluft-777x1024.jpg 777w, http:\/\/lapidarium.fundacja-hereditas.pl\/wp-content\/uploads\/2024\/09\/E_Dziedziniewicz-Rapca_Warszawa_Filtrowa_61_elewacja_od_Filtrowej_okno_oberluft-228x300.jpg 228w, http:\/\/lapidarium.fundacja-hereditas.pl\/wp-content\/uploads\/2024\/09\/E_Dziedziniewicz-Rapca_Warszawa_Filtrowa_61_elewacja_od_Filtrowej_okno_oberluft-768x1012.jpg 768w, http:\/\/lapidarium.fundacja-hereditas.pl\/wp-content\/uploads\/2024\/09\/E_Dziedziniewicz-Rapca_Warszawa_Filtrowa_61_elewacja_od_Filtrowej_okno_oberluft-1166x1536.jpg 1166w, http:\/\/lapidarium.fundacja-hereditas.pl\/wp-content\/uploads\/2024\/09\/E_Dziedziniewicz-Rapca_Warszawa_Filtrowa_61_elewacja_od_Filtrowej_okno_oberluft-1555x2048.jpg 1555w, http:\/\/lapidarium.fundacja-hereditas.pl\/wp-content\/uploads\/2024\/09\/E_Dziedziniewicz-Rapca_Warszawa_Filtrowa_61_elewacja_od_Filtrowej_okno_oberluft-150x198.jpg 150w, http:\/\/lapidarium.fundacja-hereditas.pl\/wp-content\/uploads\/2024\/09\/E_Dziedziniewicz-Rapca_Warszawa_Filtrowa_61_elewacja_od_Filtrowej_okno_oberluft-300x395.jpg 300w, http:\/\/lapidarium.fundacja-hereditas.pl\/wp-content\/uploads\/2024\/09\/E_Dziedziniewicz-Rapca_Warszawa_Filtrowa_61_elewacja_od_Filtrowej_okno_oberluft-696x917.jpg 696w, http:\/\/lapidarium.fundacja-hereditas.pl\/wp-content\/uploads\/2024\/09\/E_Dziedziniewicz-Rapca_Warszawa_Filtrowa_61_elewacja_od_Filtrowej_okno_oberluft-1068x1407.jpg 1068w, http:\/\/lapidarium.fundacja-hereditas.pl\/wp-content\/uploads\/2024\/09\/E_Dziedziniewicz-Rapca_Warszawa_Filtrowa_61_elewacja_od_Filtrowej_okno_oberluft-1920x2529.jpg 1920w, http:\/\/lapidarium.fundacja-hereditas.pl\/wp-content\/uploads\/2024\/09\/E_Dziedziniewicz-Rapca_Warszawa_Filtrowa_61_elewacja_od_Filtrowej_okno_oberluft-scaled.jpg 1943w\" sizes=\"auto, (max-width: 777px) 100vw, 777px\" \/><figcaption class=\"wp-element-caption\">Elewacja P\u00f3\u0142nocna. Widok od ul. Filtrowej. Okno parteru. Fot. Ewa Dziedziniewicz-R\u0105pca, 2023 r., \u017ar\u00f3d\u0142o: MWKZ.<\/figcaption><\/figure>\n\n\n\n<figure class=\"wp-block-image size-large\"><img loading=\"lazy\" decoding=\"async\" width=\"773\" height=\"1024\" data-id=\"27366\" src=\"http:\/\/lapidarium.fundacja-hereditas.pl\/wp-content\/uploads\/2024\/09\/E_Dziedziniewicz-Rapca_Warszawa_Filtrowa_61_elewacja_od_Filtrowej_okno_oberluf_detal-773x1024.jpg\" alt=\"\" class=\"wp-image-27366\" srcset=\"http:\/\/lapidarium.fundacja-hereditas.pl\/wp-content\/uploads\/2024\/09\/E_Dziedziniewicz-Rapca_Warszawa_Filtrowa_61_elewacja_od_Filtrowej_okno_oberluf_detal-773x1024.jpg 773w, http:\/\/lapidarium.fundacja-hereditas.pl\/wp-content\/uploads\/2024\/09\/E_Dziedziniewicz-Rapca_Warszawa_Filtrowa_61_elewacja_od_Filtrowej_okno_oberluf_detal-226x300.jpg 226w, http:\/\/lapidarium.fundacja-hereditas.pl\/wp-content\/uploads\/2024\/09\/E_Dziedziniewicz-Rapca_Warszawa_Filtrowa_61_elewacja_od_Filtrowej_okno_oberluf_detal-768x1017.jpg 768w, http:\/\/lapidarium.fundacja-hereditas.pl\/wp-content\/uploads\/2024\/09\/E_Dziedziniewicz-Rapca_Warszawa_Filtrowa_61_elewacja_od_Filtrowej_okno_oberluf_detal-1160x1536.jpg 1160w, http:\/\/lapidarium.fundacja-hereditas.pl\/wp-content\/uploads\/2024\/09\/E_Dziedziniewicz-Rapca_Warszawa_Filtrowa_61_elewacja_od_Filtrowej_okno_oberluf_detal-1546x2048.jpg 1546w, http:\/\/lapidarium.fundacja-hereditas.pl\/wp-content\/uploads\/2024\/09\/E_Dziedziniewicz-Rapca_Warszawa_Filtrowa_61_elewacja_od_Filtrowej_okno_oberluf_detal-150x199.jpg 150w, http:\/\/lapidarium.fundacja-hereditas.pl\/wp-content\/uploads\/2024\/09\/E_Dziedziniewicz-Rapca_Warszawa_Filtrowa_61_elewacja_od_Filtrowej_okno_oberluf_detal-300x397.jpg 300w, http:\/\/lapidarium.fundacja-hereditas.pl\/wp-content\/uploads\/2024\/09\/E_Dziedziniewicz-Rapca_Warszawa_Filtrowa_61_elewacja_od_Filtrowej_okno_oberluf_detal-696x922.jpg 696w, http:\/\/lapidarium.fundacja-hereditas.pl\/wp-content\/uploads\/2024\/09\/E_Dziedziniewicz-Rapca_Warszawa_Filtrowa_61_elewacja_od_Filtrowej_okno_oberluf_detal-1068x1415.jpg 1068w, http:\/\/lapidarium.fundacja-hereditas.pl\/wp-content\/uploads\/2024\/09\/E_Dziedziniewicz-Rapca_Warszawa_Filtrowa_61_elewacja_od_Filtrowej_okno_oberluf_detal-1920x2543.jpg 1920w, http:\/\/lapidarium.fundacja-hereditas.pl\/wp-content\/uploads\/2024\/09\/E_Dziedziniewicz-Rapca_Warszawa_Filtrowa_61_elewacja_od_Filtrowej_okno_oberluf_detal-scaled.jpg 1933w\" sizes=\"auto, (max-width: 773px) 100vw, 773px\" \/><figcaption class=\"wp-element-caption\">Elewacja P\u00f3\u0142nocna. Widok od ul. Filtrowej. Okno parteru &#8211; lufcik. Fot. Ewa Dziedziniewicz-R\u0105pca, 2023 r., \u017ar\u00f3d\u0142o: MWKZ.<\/figcaption><\/figure>\n\n\n\n<figure class=\"wp-block-image size-large\"><img loading=\"lazy\" decoding=\"async\" width=\"1024\" height=\"800\" data-id=\"27363\" src=\"http:\/\/lapidarium.fundacja-hereditas.pl\/wp-content\/uploads\/2024\/09\/E_Dziedziniewicz-Rapca_Warszawa_Filtrowa_61_elewacja_od_Filtrowej-1024x800.jpg\" alt=\"\" class=\"wp-image-27363\" srcset=\"http:\/\/lapidarium.fundacja-hereditas.pl\/wp-content\/uploads\/2024\/09\/E_Dziedziniewicz-Rapca_Warszawa_Filtrowa_61_elewacja_od_Filtrowej-1024x800.jpg 1024w, http:\/\/lapidarium.fundacja-hereditas.pl\/wp-content\/uploads\/2024\/09\/E_Dziedziniewicz-Rapca_Warszawa_Filtrowa_61_elewacja_od_Filtrowej-300x234.jpg 300w, http:\/\/lapidarium.fundacja-hereditas.pl\/wp-content\/uploads\/2024\/09\/E_Dziedziniewicz-Rapca_Warszawa_Filtrowa_61_elewacja_od_Filtrowej-768x600.jpg 768w, http:\/\/lapidarium.fundacja-hereditas.pl\/wp-content\/uploads\/2024\/09\/E_Dziedziniewicz-Rapca_Warszawa_Filtrowa_61_elewacja_od_Filtrowej-1536x1199.jpg 1536w, http:\/\/lapidarium.fundacja-hereditas.pl\/wp-content\/uploads\/2024\/09\/E_Dziedziniewicz-Rapca_Warszawa_Filtrowa_61_elewacja_od_Filtrowej-2048x1599.jpg 2048w, http:\/\/lapidarium.fundacja-hereditas.pl\/wp-content\/uploads\/2024\/09\/E_Dziedziniewicz-Rapca_Warszawa_Filtrowa_61_elewacja_od_Filtrowej-150x117.jpg 150w, http:\/\/lapidarium.fundacja-hereditas.pl\/wp-content\/uploads\/2024\/09\/E_Dziedziniewicz-Rapca_Warszawa_Filtrowa_61_elewacja_od_Filtrowej-696x543.jpg 696w, http:\/\/lapidarium.fundacja-hereditas.pl\/wp-content\/uploads\/2024\/09\/E_Dziedziniewicz-Rapca_Warszawa_Filtrowa_61_elewacja_od_Filtrowej-1068x834.jpg 1068w, http:\/\/lapidarium.fundacja-hereditas.pl\/wp-content\/uploads\/2024\/09\/E_Dziedziniewicz-Rapca_Warszawa_Filtrowa_61_elewacja_od_Filtrowej-1920x1499.jpg 1920w\" sizes=\"auto, (max-width: 1024px) 100vw, 1024px\" \/><figcaption class=\"wp-element-caption\">Widok od p\u00f3\u0142nocnego wschodu. Fot. Ewa Dziedziniewicz-R\u0105pca, 2023 r., \u017ar\u00f3d\u0142o: MWKZ.<\/figcaption><\/figure>\n\n\n\n<figure class=\"wp-block-image size-large\"><img loading=\"lazy\" decoding=\"async\" width=\"770\" height=\"1024\" data-id=\"27374\" src=\"http:\/\/lapidarium.fundacja-hereditas.pl\/wp-content\/uploads\/2024\/09\/E_Dziedziniewicz-Rapca_Warszawa_Filtrowa_61_naroznik_od_wschodu_balkony_detal-770x1024.jpg\" alt=\"\" class=\"wp-image-27374\" srcset=\"http:\/\/lapidarium.fundacja-hereditas.pl\/wp-content\/uploads\/2024\/09\/E_Dziedziniewicz-Rapca_Warszawa_Filtrowa_61_naroznik_od_wschodu_balkony_detal-770x1024.jpg 770w, http:\/\/lapidarium.fundacja-hereditas.pl\/wp-content\/uploads\/2024\/09\/E_Dziedziniewicz-Rapca_Warszawa_Filtrowa_61_naroznik_od_wschodu_balkony_detal-226x300.jpg 226w, http:\/\/lapidarium.fundacja-hereditas.pl\/wp-content\/uploads\/2024\/09\/E_Dziedziniewicz-Rapca_Warszawa_Filtrowa_61_naroznik_od_wschodu_balkony_detal-768x1021.jpg 768w, http:\/\/lapidarium.fundacja-hereditas.pl\/wp-content\/uploads\/2024\/09\/E_Dziedziniewicz-Rapca_Warszawa_Filtrowa_61_naroznik_od_wschodu_balkony_detal-1155x1536.jpg 1155w, http:\/\/lapidarium.fundacja-hereditas.pl\/wp-content\/uploads\/2024\/09\/E_Dziedziniewicz-Rapca_Warszawa_Filtrowa_61_naroznik_od_wschodu_balkony_detal-1540x2048.jpg 1540w, http:\/\/lapidarium.fundacja-hereditas.pl\/wp-content\/uploads\/2024\/09\/E_Dziedziniewicz-Rapca_Warszawa_Filtrowa_61_naroznik_od_wschodu_balkony_detal-150x199.jpg 150w, http:\/\/lapidarium.fundacja-hereditas.pl\/wp-content\/uploads\/2024\/09\/E_Dziedziniewicz-Rapca_Warszawa_Filtrowa_61_naroznik_od_wschodu_balkony_detal-300x399.jpg 300w, http:\/\/lapidarium.fundacja-hereditas.pl\/wp-content\/uploads\/2024\/09\/E_Dziedziniewicz-Rapca_Warszawa_Filtrowa_61_naroznik_od_wschodu_balkony_detal-696x925.jpg 696w, http:\/\/lapidarium.fundacja-hereditas.pl\/wp-content\/uploads\/2024\/09\/E_Dziedziniewicz-Rapca_Warszawa_Filtrowa_61_naroznik_od_wschodu_balkony_detal-1068x1420.jpg 1068w, http:\/\/lapidarium.fundacja-hereditas.pl\/wp-content\/uploads\/2024\/09\/E_Dziedziniewicz-Rapca_Warszawa_Filtrowa_61_naroznik_od_wschodu_balkony_detal-1920x2553.jpg 1920w, http:\/\/lapidarium.fundacja-hereditas.pl\/wp-content\/uploads\/2024\/09\/E_Dziedziniewicz-Rapca_Warszawa_Filtrowa_61_naroznik_od_wschodu_balkony_detal-scaled.jpg 1926w\" sizes=\"auto, (max-width: 770px) 100vw, 770px\" \/><figcaption class=\"wp-element-caption\">Naro\u017cnik p\u00f3\u0142nocno wschodni. Balkony. Fot. Ewa Dziedziniewicz-R\u0105pca, 2023 r., \u017ar\u00f3d\u0142o: MWKZ.<\/figcaption><\/figure>\n\n\n\n<figure class=\"wp-block-image size-large\"><img loading=\"lazy\" decoding=\"async\" width=\"1024\" height=\"801\" data-id=\"27373\" src=\"http:\/\/lapidarium.fundacja-hereditas.pl\/wp-content\/uploads\/2024\/09\/E_Dziedziniewicz-Rapca_Warszawa_Filtrowa_61_naroznik_od_wschodu_balkony-1024x801.jpg\" alt=\"\" class=\"wp-image-27373\" srcset=\"http:\/\/lapidarium.fundacja-hereditas.pl\/wp-content\/uploads\/2024\/09\/E_Dziedziniewicz-Rapca_Warszawa_Filtrowa_61_naroznik_od_wschodu_balkony-1024x801.jpg 1024w, http:\/\/lapidarium.fundacja-hereditas.pl\/wp-content\/uploads\/2024\/09\/E_Dziedziniewicz-Rapca_Warszawa_Filtrowa_61_naroznik_od_wschodu_balkony-300x235.jpg 300w, http:\/\/lapidarium.fundacja-hereditas.pl\/wp-content\/uploads\/2024\/09\/E_Dziedziniewicz-Rapca_Warszawa_Filtrowa_61_naroznik_od_wschodu_balkony-768x600.jpg 768w, http:\/\/lapidarium.fundacja-hereditas.pl\/wp-content\/uploads\/2024\/09\/E_Dziedziniewicz-Rapca_Warszawa_Filtrowa_61_naroznik_od_wschodu_balkony-1536x1201.jpg 1536w, http:\/\/lapidarium.fundacja-hereditas.pl\/wp-content\/uploads\/2024\/09\/E_Dziedziniewicz-Rapca_Warszawa_Filtrowa_61_naroznik_od_wschodu_balkony-2048x1601.jpg 2048w, http:\/\/lapidarium.fundacja-hereditas.pl\/wp-content\/uploads\/2024\/09\/E_Dziedziniewicz-Rapca_Warszawa_Filtrowa_61_naroznik_od_wschodu_balkony-150x117.jpg 150w, http:\/\/lapidarium.fundacja-hereditas.pl\/wp-content\/uploads\/2024\/09\/E_Dziedziniewicz-Rapca_Warszawa_Filtrowa_61_naroznik_od_wschodu_balkony-696x544.jpg 696w, http:\/\/lapidarium.fundacja-hereditas.pl\/wp-content\/uploads\/2024\/09\/E_Dziedziniewicz-Rapca_Warszawa_Filtrowa_61_naroznik_od_wschodu_balkony-1068x835.jpg 1068w, http:\/\/lapidarium.fundacja-hereditas.pl\/wp-content\/uploads\/2024\/09\/E_Dziedziniewicz-Rapca_Warszawa_Filtrowa_61_naroznik_od_wschodu_balkony-1920x1501.jpg 1920w\" sizes=\"auto, (max-width: 1024px) 100vw, 1024px\" \/><figcaption class=\"wp-element-caption\">Naro\u017cnik p\u00f3\u0142nocno wschodni. Balkony. Fot. Ewa Dziedziniewicz-R\u0105pca, 2023 r., \u017ar\u00f3d\u0142o: MWKZ.<\/figcaption><\/figure>\n\n\n\n<figure class=\"wp-block-image size-large\"><img loading=\"lazy\" decoding=\"async\" width=\"1024\" height=\"756\" data-id=\"27372\" src=\"http:\/\/lapidarium.fundacja-hereditas.pl\/wp-content\/uploads\/2024\/09\/E_Dziedziniewicz-Rapca_Warszawa_Filtrowa_61_elewacja_od_wschodu-1024x756.jpg\" alt=\"\" class=\"wp-image-27372\" srcset=\"http:\/\/lapidarium.fundacja-hereditas.pl\/wp-content\/uploads\/2024\/09\/E_Dziedziniewicz-Rapca_Warszawa_Filtrowa_61_elewacja_od_wschodu-1024x756.jpg 1024w, http:\/\/lapidarium.fundacja-hereditas.pl\/wp-content\/uploads\/2024\/09\/E_Dziedziniewicz-Rapca_Warszawa_Filtrowa_61_elewacja_od_wschodu-300x221.jpg 300w, http:\/\/lapidarium.fundacja-hereditas.pl\/wp-content\/uploads\/2024\/09\/E_Dziedziniewicz-Rapca_Warszawa_Filtrowa_61_elewacja_od_wschodu-768x567.jpg 768w, http:\/\/lapidarium.fundacja-hereditas.pl\/wp-content\/uploads\/2024\/09\/E_Dziedziniewicz-Rapca_Warszawa_Filtrowa_61_elewacja_od_wschodu-1536x1133.jpg 1536w, http:\/\/lapidarium.fundacja-hereditas.pl\/wp-content\/uploads\/2024\/09\/E_Dziedziniewicz-Rapca_Warszawa_Filtrowa_61_elewacja_od_wschodu-2048x1511.jpg 2048w, http:\/\/lapidarium.fundacja-hereditas.pl\/wp-content\/uploads\/2024\/09\/E_Dziedziniewicz-Rapca_Warszawa_Filtrowa_61_elewacja_od_wschodu-150x111.jpg 150w, http:\/\/lapidarium.fundacja-hereditas.pl\/wp-content\/uploads\/2024\/09\/E_Dziedziniewicz-Rapca_Warszawa_Filtrowa_61_elewacja_od_wschodu-696x514.jpg 696w, http:\/\/lapidarium.fundacja-hereditas.pl\/wp-content\/uploads\/2024\/09\/E_Dziedziniewicz-Rapca_Warszawa_Filtrowa_61_elewacja_od_wschodu-1068x788.jpg 1068w, http:\/\/lapidarium.fundacja-hereditas.pl\/wp-content\/uploads\/2024\/09\/E_Dziedziniewicz-Rapca_Warszawa_Filtrowa_61_elewacja_od_wschodu-1920x1417.jpg 1920w\" sizes=\"auto, (max-width: 1024px) 100vw, 1024px\" \/><figcaption class=\"wp-element-caption\">Elewacja wschodnia. Widok od ul. Rudawskiej. Fot. Ewa Dziedziniewicz-R\u0105pca, 2023 r., \u017ar\u00f3d\u0142o: MWKZ.<\/figcaption><\/figure>\n\n\n\n<figure class=\"wp-block-image size-large\"><img loading=\"lazy\" decoding=\"async\" width=\"774\" height=\"1024\" data-id=\"27336\" src=\"http:\/\/lapidarium.fundacja-hereditas.pl\/wp-content\/uploads\/2024\/09\/E_Dziedziniewicz-Rapca_Warszawa_Filtrowa_61_glowne_wejscie_drzwi_wejsciowe_uchwyt_zewnetrzny-774x1024.jpg\" alt=\"\" class=\"wp-image-27336\" srcset=\"http:\/\/lapidarium.fundacja-hereditas.pl\/wp-content\/uploads\/2024\/09\/E_Dziedziniewicz-Rapca_Warszawa_Filtrowa_61_glowne_wejscie_drzwi_wejsciowe_uchwyt_zewnetrzny-774x1024.jpg 774w, http:\/\/lapidarium.fundacja-hereditas.pl\/wp-content\/uploads\/2024\/09\/E_Dziedziniewicz-Rapca_Warszawa_Filtrowa_61_glowne_wejscie_drzwi_wejsciowe_uchwyt_zewnetrzny-227x300.jpg 227w, http:\/\/lapidarium.fundacja-hereditas.pl\/wp-content\/uploads\/2024\/09\/E_Dziedziniewicz-Rapca_Warszawa_Filtrowa_61_glowne_wejscie_drzwi_wejsciowe_uchwyt_zewnetrzny-768x1015.jpg 768w, http:\/\/lapidarium.fundacja-hereditas.pl\/wp-content\/uploads\/2024\/09\/E_Dziedziniewicz-Rapca_Warszawa_Filtrowa_61_glowne_wejscie_drzwi_wejsciowe_uchwyt_zewnetrzny-1162x1536.jpg 1162w, http:\/\/lapidarium.fundacja-hereditas.pl\/wp-content\/uploads\/2024\/09\/E_Dziedziniewicz-Rapca_Warszawa_Filtrowa_61_glowne_wejscie_drzwi_wejsciowe_uchwyt_zewnetrzny-1549x2048.jpg 1549w, http:\/\/lapidarium.fundacja-hereditas.pl\/wp-content\/uploads\/2024\/09\/E_Dziedziniewicz-Rapca_Warszawa_Filtrowa_61_glowne_wejscie_drzwi_wejsciowe_uchwyt_zewnetrzny-150x198.jpg 150w, http:\/\/lapidarium.fundacja-hereditas.pl\/wp-content\/uploads\/2024\/09\/E_Dziedziniewicz-Rapca_Warszawa_Filtrowa_61_glowne_wejscie_drzwi_wejsciowe_uchwyt_zewnetrzny-300x397.jpg 300w, http:\/\/lapidarium.fundacja-hereditas.pl\/wp-content\/uploads\/2024\/09\/E_Dziedziniewicz-Rapca_Warszawa_Filtrowa_61_glowne_wejscie_drzwi_wejsciowe_uchwyt_zewnetrzny-696x920.jpg 696w, http:\/\/lapidarium.fundacja-hereditas.pl\/wp-content\/uploads\/2024\/09\/E_Dziedziniewicz-Rapca_Warszawa_Filtrowa_61_glowne_wejscie_drzwi_wejsciowe_uchwyt_zewnetrzny-1068x1412.jpg 1068w, http:\/\/lapidarium.fundacja-hereditas.pl\/wp-content\/uploads\/2024\/09\/E_Dziedziniewicz-Rapca_Warszawa_Filtrowa_61_glowne_wejscie_drzwi_wejsciowe_uchwyt_zewnetrzny-1920x2539.jpg 1920w, http:\/\/lapidarium.fundacja-hereditas.pl\/wp-content\/uploads\/2024\/09\/E_Dziedziniewicz-Rapca_Warszawa_Filtrowa_61_glowne_wejscie_drzwi_wejsciowe_uchwyt_zewnetrzny-scaled.jpg 1936w\" sizes=\"auto, (max-width: 774px) 100vw, 774px\" \/><figcaption class=\"wp-element-caption\">Klatka g\u0142\u00f3wna od Filtrowej. Antaba u drzwi zewn\u0119trznych. Fot. Ewa Dziedziniewicz-R\u0105pca, 2023 r., \u017ar\u00f3d\u0142o: MWKZ.<\/figcaption><\/figure>\n\n\n\n<figure class=\"wp-block-image size-large\"><img loading=\"lazy\" decoding=\"async\" width=\"1024\" height=\"751\" data-id=\"27335\" src=\"http:\/\/lapidarium.fundacja-hereditas.pl\/wp-content\/uploads\/2024\/09\/E_Dziedziniewicz-Rapca_Warszawa_Filtrowa_61_glowne_wejscie_drzwi_wejsciowe_klamka_od_wewnatrz-1024x751.jpg\" alt=\"\" class=\"wp-image-27335\" srcset=\"http:\/\/lapidarium.fundacja-hereditas.pl\/wp-content\/uploads\/2024\/09\/E_Dziedziniewicz-Rapca_Warszawa_Filtrowa_61_glowne_wejscie_drzwi_wejsciowe_klamka_od_wewnatrz-1024x751.jpg 1024w, http:\/\/lapidarium.fundacja-hereditas.pl\/wp-content\/uploads\/2024\/09\/E_Dziedziniewicz-Rapca_Warszawa_Filtrowa_61_glowne_wejscie_drzwi_wejsciowe_klamka_od_wewnatrz-300x220.jpg 300w, http:\/\/lapidarium.fundacja-hereditas.pl\/wp-content\/uploads\/2024\/09\/E_Dziedziniewicz-Rapca_Warszawa_Filtrowa_61_glowne_wejscie_drzwi_wejsciowe_klamka_od_wewnatrz-768x563.jpg 768w, http:\/\/lapidarium.fundacja-hereditas.pl\/wp-content\/uploads\/2024\/09\/E_Dziedziniewicz-Rapca_Warszawa_Filtrowa_61_glowne_wejscie_drzwi_wejsciowe_klamka_od_wewnatrz-1536x1127.jpg 1536w, http:\/\/lapidarium.fundacja-hereditas.pl\/wp-content\/uploads\/2024\/09\/E_Dziedziniewicz-Rapca_Warszawa_Filtrowa_61_glowne_wejscie_drzwi_wejsciowe_klamka_od_wewnatrz-2048x1502.jpg 2048w, http:\/\/lapidarium.fundacja-hereditas.pl\/wp-content\/uploads\/2024\/09\/E_Dziedziniewicz-Rapca_Warszawa_Filtrowa_61_glowne_wejscie_drzwi_wejsciowe_klamka_od_wewnatrz-150x110.jpg 150w, http:\/\/lapidarium.fundacja-hereditas.pl\/wp-content\/uploads\/2024\/09\/E_Dziedziniewicz-Rapca_Warszawa_Filtrowa_61_glowne_wejscie_drzwi_wejsciowe_klamka_od_wewnatrz-696x510.jpg 696w, http:\/\/lapidarium.fundacja-hereditas.pl\/wp-content\/uploads\/2024\/09\/E_Dziedziniewicz-Rapca_Warszawa_Filtrowa_61_glowne_wejscie_drzwi_wejsciowe_klamka_od_wewnatrz-1068x783.jpg 1068w, http:\/\/lapidarium.fundacja-hereditas.pl\/wp-content\/uploads\/2024\/09\/E_Dziedziniewicz-Rapca_Warszawa_Filtrowa_61_glowne_wejscie_drzwi_wejsciowe_klamka_od_wewnatrz-1920x1408.jpg 1920w\" sizes=\"auto, (max-width: 1024px) 100vw, 1024px\" \/><figcaption class=\"wp-element-caption\">Klatka g\u0142\u00f3wna od Filtrowej. Klamka u drzwi wyj\u015bciowych. Fot. Ewa Dziedziniewicz-R\u0105pca, 2023 r., \u017ar\u00f3d\u0142o: MWKZ.<\/figcaption><\/figure>\n\n\n\n<figure class=\"wp-block-image size-large\"><img loading=\"lazy\" decoding=\"async\" width=\"745\" height=\"1024\" data-id=\"27333\" src=\"http:\/\/lapidarium.fundacja-hereditas.pl\/wp-content\/uploads\/2024\/09\/E_Dziedziniewicz-Rapca_Warszawa_Filtrowa_61_glowne_wejscie_drzwi_do_piwnicy-745x1024.jpg\" alt=\"\" class=\"wp-image-27333\" srcset=\"http:\/\/lapidarium.fundacja-hereditas.pl\/wp-content\/uploads\/2024\/09\/E_Dziedziniewicz-Rapca_Warszawa_Filtrowa_61_glowne_wejscie_drzwi_do_piwnicy-745x1024.jpg 745w, http:\/\/lapidarium.fundacja-hereditas.pl\/wp-content\/uploads\/2024\/09\/E_Dziedziniewicz-Rapca_Warszawa_Filtrowa_61_glowne_wejscie_drzwi_do_piwnicy-218x300.jpg 218w, http:\/\/lapidarium.fundacja-hereditas.pl\/wp-content\/uploads\/2024\/09\/E_Dziedziniewicz-Rapca_Warszawa_Filtrowa_61_glowne_wejscie_drzwi_do_piwnicy-768x1056.jpg 768w, http:\/\/lapidarium.fundacja-hereditas.pl\/wp-content\/uploads\/2024\/09\/E_Dziedziniewicz-Rapca_Warszawa_Filtrowa_61_glowne_wejscie_drzwi_do_piwnicy-1117x1536.jpg 1117w, http:\/\/lapidarium.fundacja-hereditas.pl\/wp-content\/uploads\/2024\/09\/E_Dziedziniewicz-Rapca_Warszawa_Filtrowa_61_glowne_wejscie_drzwi_do_piwnicy-1490x2048.jpg 1490w, http:\/\/lapidarium.fundacja-hereditas.pl\/wp-content\/uploads\/2024\/09\/E_Dziedziniewicz-Rapca_Warszawa_Filtrowa_61_glowne_wejscie_drzwi_do_piwnicy-150x206.jpg 150w, http:\/\/lapidarium.fundacja-hereditas.pl\/wp-content\/uploads\/2024\/09\/E_Dziedziniewicz-Rapca_Warszawa_Filtrowa_61_glowne_wejscie_drzwi_do_piwnicy-300x412.jpg 300w, http:\/\/lapidarium.fundacja-hereditas.pl\/wp-content\/uploads\/2024\/09\/E_Dziedziniewicz-Rapca_Warszawa_Filtrowa_61_glowne_wejscie_drzwi_do_piwnicy-696x957.jpg 696w, http:\/\/lapidarium.fundacja-hereditas.pl\/wp-content\/uploads\/2024\/09\/E_Dziedziniewicz-Rapca_Warszawa_Filtrowa_61_glowne_wejscie_drzwi_do_piwnicy-1068x1468.jpg 1068w, http:\/\/lapidarium.fundacja-hereditas.pl\/wp-content\/uploads\/2024\/09\/E_Dziedziniewicz-Rapca_Warszawa_Filtrowa_61_glowne_wejscie_drzwi_do_piwnicy-1920x2640.jpg 1920w, http:\/\/lapidarium.fundacja-hereditas.pl\/wp-content\/uploads\/2024\/09\/E_Dziedziniewicz-Rapca_Warszawa_Filtrowa_61_glowne_wejscie_drzwi_do_piwnicy-scaled.jpg 1862w\" sizes=\"auto, (max-width: 745px) 100vw, 745px\" \/><figcaption class=\"wp-element-caption\">Klatka g\u0142\u00f3wna od Filtrowej. Drzwi do piwnicy. Fot. Ewa Dziedziniewicz-R\u0105pca, 2023 r., \u017ar\u00f3d\u0142o: MWKZ.<\/figcaption><\/figure>\n\n\n\n<figure class=\"wp-block-image size-large\"><img loading=\"lazy\" decoding=\"async\" width=\"777\" height=\"1024\" data-id=\"27334\" src=\"http:\/\/lapidarium.fundacja-hereditas.pl\/wp-content\/uploads\/2024\/09\/E_Dziedziniewicz-Rapca_Warszawa_Filtrowa_61_glowne_wejscie_drzwi_do_piwnicy_klamka-777x1024.jpg\" alt=\"\" class=\"wp-image-27334\" srcset=\"http:\/\/lapidarium.fundacja-hereditas.pl\/wp-content\/uploads\/2024\/09\/E_Dziedziniewicz-Rapca_Warszawa_Filtrowa_61_glowne_wejscie_drzwi_do_piwnicy_klamka-777x1024.jpg 777w, http:\/\/lapidarium.fundacja-hereditas.pl\/wp-content\/uploads\/2024\/09\/E_Dziedziniewicz-Rapca_Warszawa_Filtrowa_61_glowne_wejscie_drzwi_do_piwnicy_klamka-228x300.jpg 228w, http:\/\/lapidarium.fundacja-hereditas.pl\/wp-content\/uploads\/2024\/09\/E_Dziedziniewicz-Rapca_Warszawa_Filtrowa_61_glowne_wejscie_drzwi_do_piwnicy_klamka-768x1012.jpg 768w, http:\/\/lapidarium.fundacja-hereditas.pl\/wp-content\/uploads\/2024\/09\/E_Dziedziniewicz-Rapca_Warszawa_Filtrowa_61_glowne_wejscie_drzwi_do_piwnicy_klamka-1166x1536.jpg 1166w, http:\/\/lapidarium.fundacja-hereditas.pl\/wp-content\/uploads\/2024\/09\/E_Dziedziniewicz-Rapca_Warszawa_Filtrowa_61_glowne_wejscie_drzwi_do_piwnicy_klamka-1555x2048.jpg 1555w, http:\/\/lapidarium.fundacja-hereditas.pl\/wp-content\/uploads\/2024\/09\/E_Dziedziniewicz-Rapca_Warszawa_Filtrowa_61_glowne_wejscie_drzwi_do_piwnicy_klamka-150x198.jpg 150w, http:\/\/lapidarium.fundacja-hereditas.pl\/wp-content\/uploads\/2024\/09\/E_Dziedziniewicz-Rapca_Warszawa_Filtrowa_61_glowne_wejscie_drzwi_do_piwnicy_klamka-300x395.jpg 300w, http:\/\/lapidarium.fundacja-hereditas.pl\/wp-content\/uploads\/2024\/09\/E_Dziedziniewicz-Rapca_Warszawa_Filtrowa_61_glowne_wejscie_drzwi_do_piwnicy_klamka-696x917.jpg 696w, http:\/\/lapidarium.fundacja-hereditas.pl\/wp-content\/uploads\/2024\/09\/E_Dziedziniewicz-Rapca_Warszawa_Filtrowa_61_glowne_wejscie_drzwi_do_piwnicy_klamka-1068x1407.jpg 1068w, http:\/\/lapidarium.fundacja-hereditas.pl\/wp-content\/uploads\/2024\/09\/E_Dziedziniewicz-Rapca_Warszawa_Filtrowa_61_glowne_wejscie_drzwi_do_piwnicy_klamka-1920x2529.jpg 1920w, http:\/\/lapidarium.fundacja-hereditas.pl\/wp-content\/uploads\/2024\/09\/E_Dziedziniewicz-Rapca_Warszawa_Filtrowa_61_glowne_wejscie_drzwi_do_piwnicy_klamka-scaled.jpg 1943w\" sizes=\"auto, (max-width: 777px) 100vw, 777px\" \/><figcaption class=\"wp-element-caption\">Klatka g\u0142\u00f3wna od Filtrowej. Ga\u0142ka u drzwi do piwnicy. Fot. Ewa Dziedziniewicz-R\u0105pca, 2023 r., \u017ar\u00f3d\u0142o: MWKZ.<\/figcaption><\/figure>\n\n\n\n<figure class=\"wp-block-image size-large\"><img loading=\"lazy\" decoding=\"async\" width=\"760\" height=\"1024\" data-id=\"27337\" src=\"http:\/\/lapidarium.fundacja-hereditas.pl\/wp-content\/uploads\/2024\/09\/E_Dziedziniewicz-Rapca_Warszawa_Filtrowa_61_glowne_wejscie_drzwi_wewnetrzne-760x1024.jpg\" alt=\"\" class=\"wp-image-27337\" srcset=\"http:\/\/lapidarium.fundacja-hereditas.pl\/wp-content\/uploads\/2024\/09\/E_Dziedziniewicz-Rapca_Warszawa_Filtrowa_61_glowne_wejscie_drzwi_wewnetrzne-760x1024.jpg 760w, http:\/\/lapidarium.fundacja-hereditas.pl\/wp-content\/uploads\/2024\/09\/E_Dziedziniewicz-Rapca_Warszawa_Filtrowa_61_glowne_wejscie_drzwi_wewnetrzne-223x300.jpg 223w, http:\/\/lapidarium.fundacja-hereditas.pl\/wp-content\/uploads\/2024\/09\/E_Dziedziniewicz-Rapca_Warszawa_Filtrowa_61_glowne_wejscie_drzwi_wewnetrzne-768x1035.jpg 768w, http:\/\/lapidarium.fundacja-hereditas.pl\/wp-content\/uploads\/2024\/09\/E_Dziedziniewicz-Rapca_Warszawa_Filtrowa_61_glowne_wejscie_drzwi_wewnetrzne-1140x1536.jpg 1140w, http:\/\/lapidarium.fundacja-hereditas.pl\/wp-content\/uploads\/2024\/09\/E_Dziedziniewicz-Rapca_Warszawa_Filtrowa_61_glowne_wejscie_drzwi_wewnetrzne-1519x2048.jpg 1519w, http:\/\/lapidarium.fundacja-hereditas.pl\/wp-content\/uploads\/2024\/09\/E_Dziedziniewicz-Rapca_Warszawa_Filtrowa_61_glowne_wejscie_drzwi_wewnetrzne-150x202.jpg 150w, http:\/\/lapidarium.fundacja-hereditas.pl\/wp-content\/uploads\/2024\/09\/E_Dziedziniewicz-Rapca_Warszawa_Filtrowa_61_glowne_wejscie_drzwi_wewnetrzne-300x404.jpg 300w, http:\/\/lapidarium.fundacja-hereditas.pl\/wp-content\/uploads\/2024\/09\/E_Dziedziniewicz-Rapca_Warszawa_Filtrowa_61_glowne_wejscie_drzwi_wewnetrzne-696x938.jpg 696w, http:\/\/lapidarium.fundacja-hereditas.pl\/wp-content\/uploads\/2024\/09\/E_Dziedziniewicz-Rapca_Warszawa_Filtrowa_61_glowne_wejscie_drzwi_wewnetrzne-1068x1439.jpg 1068w, http:\/\/lapidarium.fundacja-hereditas.pl\/wp-content\/uploads\/2024\/09\/E_Dziedziniewicz-Rapca_Warszawa_Filtrowa_61_glowne_wejscie_drzwi_wewnetrzne-1920x2588.jpg 1920w, http:\/\/lapidarium.fundacja-hereditas.pl\/wp-content\/uploads\/2024\/09\/E_Dziedziniewicz-Rapca_Warszawa_Filtrowa_61_glowne_wejscie_drzwi_wewnetrzne-scaled.jpg 1899w\" sizes=\"auto, (max-width: 760px) 100vw, 760px\" \/><figcaption class=\"wp-element-caption\">Klatka g\u0142\u00f3wna od Filtrowej. Widok spod wyj\u015bcia na ulic\u0119. Fot. Ewa Dziedziniewicz-R\u0105pca, 2023 r., \u017ar\u00f3d\u0142o: MWKZ.<\/figcaption><\/figure>\n\n\n\n<figure class=\"wp-block-image size-large\"><img loading=\"lazy\" decoding=\"async\" width=\"773\" height=\"1024\" data-id=\"27340\" src=\"http:\/\/lapidarium.fundacja-hereditas.pl\/wp-content\/uploads\/2024\/09\/E_Dziedziniewicz-Rapca_Warszawa_Filtrowa_61_glowne_wejscie_drzwi_wewnetrzne_schody-773x1024.jpg\" alt=\"\" class=\"wp-image-27340\" srcset=\"http:\/\/lapidarium.fundacja-hereditas.pl\/wp-content\/uploads\/2024\/09\/E_Dziedziniewicz-Rapca_Warszawa_Filtrowa_61_glowne_wejscie_drzwi_wewnetrzne_schody-773x1024.jpg 773w, http:\/\/lapidarium.fundacja-hereditas.pl\/wp-content\/uploads\/2024\/09\/E_Dziedziniewicz-Rapca_Warszawa_Filtrowa_61_glowne_wejscie_drzwi_wewnetrzne_schody-226x300.jpg 226w, http:\/\/lapidarium.fundacja-hereditas.pl\/wp-content\/uploads\/2024\/09\/E_Dziedziniewicz-Rapca_Warszawa_Filtrowa_61_glowne_wejscie_drzwi_wewnetrzne_schody-768x1017.jpg 768w, http:\/\/lapidarium.fundacja-hereditas.pl\/wp-content\/uploads\/2024\/09\/E_Dziedziniewicz-Rapca_Warszawa_Filtrowa_61_glowne_wejscie_drzwi_wewnetrzne_schody-1160x1536.jpg 1160w, http:\/\/lapidarium.fundacja-hereditas.pl\/wp-content\/uploads\/2024\/09\/E_Dziedziniewicz-Rapca_Warszawa_Filtrowa_61_glowne_wejscie_drzwi_wewnetrzne_schody-1546x2048.jpg 1546w, http:\/\/lapidarium.fundacja-hereditas.pl\/wp-content\/uploads\/2024\/09\/E_Dziedziniewicz-Rapca_Warszawa_Filtrowa_61_glowne_wejscie_drzwi_wewnetrzne_schody-150x199.jpg 150w, http:\/\/lapidarium.fundacja-hereditas.pl\/wp-content\/uploads\/2024\/09\/E_Dziedziniewicz-Rapca_Warszawa_Filtrowa_61_glowne_wejscie_drzwi_wewnetrzne_schody-300x397.jpg 300w, http:\/\/lapidarium.fundacja-hereditas.pl\/wp-content\/uploads\/2024\/09\/E_Dziedziniewicz-Rapca_Warszawa_Filtrowa_61_glowne_wejscie_drzwi_wewnetrzne_schody-696x922.jpg 696w, http:\/\/lapidarium.fundacja-hereditas.pl\/wp-content\/uploads\/2024\/09\/E_Dziedziniewicz-Rapca_Warszawa_Filtrowa_61_glowne_wejscie_drzwi_wewnetrzne_schody-1068x1415.jpg 1068w, http:\/\/lapidarium.fundacja-hereditas.pl\/wp-content\/uploads\/2024\/09\/E_Dziedziniewicz-Rapca_Warszawa_Filtrowa_61_glowne_wejscie_drzwi_wewnetrzne_schody-1920x2543.jpg 1920w, http:\/\/lapidarium.fundacja-hereditas.pl\/wp-content\/uploads\/2024\/09\/E_Dziedziniewicz-Rapca_Warszawa_Filtrowa_61_glowne_wejscie_drzwi_wewnetrzne_schody-scaled.jpg 1933w\" sizes=\"auto, (max-width: 773px) 100vw, 773px\" \/><figcaption class=\"wp-element-caption\">Klatka g\u0142\u00f3wna od Filtrowej. Widok spod wyj\u015bcia na ulic\u0119. Fot. Ewa Dziedziniewicz-R\u0105pca, 2023 r., \u017ar\u00f3d\u0142o: MWKZ.<\/figcaption><\/figure>\n\n\n\n<figure class=\"wp-block-image size-large\"><img loading=\"lazy\" decoding=\"async\" width=\"786\" height=\"1024\" data-id=\"27342\" src=\"http:\/\/lapidarium.fundacja-hereditas.pl\/wp-content\/uploads\/2024\/09\/E_Dziedziniewicz-Rapca_Warszawa_Filtrowa_61_glowne_wejscie_drzwi_wewnetrzne_zawiasy-786x1024.jpg\" alt=\"\" class=\"wp-image-27342\" srcset=\"http:\/\/lapidarium.fundacja-hereditas.pl\/wp-content\/uploads\/2024\/09\/E_Dziedziniewicz-Rapca_Warszawa_Filtrowa_61_glowne_wejscie_drzwi_wewnetrzne_zawiasy-786x1024.jpg 786w, http:\/\/lapidarium.fundacja-hereditas.pl\/wp-content\/uploads\/2024\/09\/E_Dziedziniewicz-Rapca_Warszawa_Filtrowa_61_glowne_wejscie_drzwi_wewnetrzne_zawiasy-230x300.jpg 230w, http:\/\/lapidarium.fundacja-hereditas.pl\/wp-content\/uploads\/2024\/09\/E_Dziedziniewicz-Rapca_Warszawa_Filtrowa_61_glowne_wejscie_drzwi_wewnetrzne_zawiasy-768x1000.jpg 768w, http:\/\/lapidarium.fundacja-hereditas.pl\/wp-content\/uploads\/2024\/09\/E_Dziedziniewicz-Rapca_Warszawa_Filtrowa_61_glowne_wejscie_drzwi_wewnetrzne_zawiasy-1179x1536.jpg 1179w, http:\/\/lapidarium.fundacja-hereditas.pl\/wp-content\/uploads\/2024\/09\/E_Dziedziniewicz-Rapca_Warszawa_Filtrowa_61_glowne_wejscie_drzwi_wewnetrzne_zawiasy-1572x2048.jpg 1572w, http:\/\/lapidarium.fundacja-hereditas.pl\/wp-content\/uploads\/2024\/09\/E_Dziedziniewicz-Rapca_Warszawa_Filtrowa_61_glowne_wejscie_drzwi_wewnetrzne_zawiasy-150x195.jpg 150w, http:\/\/lapidarium.fundacja-hereditas.pl\/wp-content\/uploads\/2024\/09\/E_Dziedziniewicz-Rapca_Warszawa_Filtrowa_61_glowne_wejscie_drzwi_wewnetrzne_zawiasy-300x391.jpg 300w, http:\/\/lapidarium.fundacja-hereditas.pl\/wp-content\/uploads\/2024\/09\/E_Dziedziniewicz-Rapca_Warszawa_Filtrowa_61_glowne_wejscie_drzwi_wewnetrzne_zawiasy-696x907.jpg 696w, http:\/\/lapidarium.fundacja-hereditas.pl\/wp-content\/uploads\/2024\/09\/E_Dziedziniewicz-Rapca_Warszawa_Filtrowa_61_glowne_wejscie_drzwi_wewnetrzne_zawiasy-1068x1391.jpg 1068w, http:\/\/lapidarium.fundacja-hereditas.pl\/wp-content\/uploads\/2024\/09\/E_Dziedziniewicz-Rapca_Warszawa_Filtrowa_61_glowne_wejscie_drzwi_wewnetrzne_zawiasy-1920x2501.jpg 1920w, http:\/\/lapidarium.fundacja-hereditas.pl\/wp-content\/uploads\/2024\/09\/E_Dziedziniewicz-Rapca_Warszawa_Filtrowa_61_glowne_wejscie_drzwi_wewnetrzne_zawiasy-scaled.jpg 1965w\" sizes=\"auto, (max-width: 786px) 100vw, 786px\" \/><figcaption class=\"wp-element-caption\">Klatka g\u0142\u00f3wna od Filtrowej. Zawias u drzwi wej\u015bciowych (wewn\u0119trznych). Fot. Ewa Dziedziniewicz-R\u0105pca, 2023 r., \u017ar\u00f3d\u0142o: MWKZ.<\/figcaption><\/figure>\n\n\n\n<figure class=\"wp-block-image size-large\"><img loading=\"lazy\" decoding=\"async\" width=\"774\" height=\"1024\" data-id=\"27341\" src=\"http:\/\/lapidarium.fundacja-hereditas.pl\/wp-content\/uploads\/2024\/09\/E_Dziedziniewicz-Rapca_Warszawa_Filtrowa_61_glowne_wejscie_drzwi_wewnetrzne_zaczep-774x1024.jpg\" alt=\"\" class=\"wp-image-27341\" srcset=\"http:\/\/lapidarium.fundacja-hereditas.pl\/wp-content\/uploads\/2024\/09\/E_Dziedziniewicz-Rapca_Warszawa_Filtrowa_61_glowne_wejscie_drzwi_wewnetrzne_zaczep-774x1024.jpg 774w, http:\/\/lapidarium.fundacja-hereditas.pl\/wp-content\/uploads\/2024\/09\/E_Dziedziniewicz-Rapca_Warszawa_Filtrowa_61_glowne_wejscie_drzwi_wewnetrzne_zaczep-227x300.jpg 227w, http:\/\/lapidarium.fundacja-hereditas.pl\/wp-content\/uploads\/2024\/09\/E_Dziedziniewicz-Rapca_Warszawa_Filtrowa_61_glowne_wejscie_drzwi_wewnetrzne_zaczep-768x1015.jpg 768w, http:\/\/lapidarium.fundacja-hereditas.pl\/wp-content\/uploads\/2024\/09\/E_Dziedziniewicz-Rapca_Warszawa_Filtrowa_61_glowne_wejscie_drzwi_wewnetrzne_zaczep-1162x1536.jpg 1162w, http:\/\/lapidarium.fundacja-hereditas.pl\/wp-content\/uploads\/2024\/09\/E_Dziedziniewicz-Rapca_Warszawa_Filtrowa_61_glowne_wejscie_drzwi_wewnetrzne_zaczep-1549x2048.jpg 1549w, http:\/\/lapidarium.fundacja-hereditas.pl\/wp-content\/uploads\/2024\/09\/E_Dziedziniewicz-Rapca_Warszawa_Filtrowa_61_glowne_wejscie_drzwi_wewnetrzne_zaczep-150x198.jpg 150w, http:\/\/lapidarium.fundacja-hereditas.pl\/wp-content\/uploads\/2024\/09\/E_Dziedziniewicz-Rapca_Warszawa_Filtrowa_61_glowne_wejscie_drzwi_wewnetrzne_zaczep-300x397.jpg 300w, http:\/\/lapidarium.fundacja-hereditas.pl\/wp-content\/uploads\/2024\/09\/E_Dziedziniewicz-Rapca_Warszawa_Filtrowa_61_glowne_wejscie_drzwi_wewnetrzne_zaczep-696x920.jpg 696w, http:\/\/lapidarium.fundacja-hereditas.pl\/wp-content\/uploads\/2024\/09\/E_Dziedziniewicz-Rapca_Warszawa_Filtrowa_61_glowne_wejscie_drzwi_wewnetrzne_zaczep-1068x1412.jpg 1068w, http:\/\/lapidarium.fundacja-hereditas.pl\/wp-content\/uploads\/2024\/09\/E_Dziedziniewicz-Rapca_Warszawa_Filtrowa_61_glowne_wejscie_drzwi_wewnetrzne_zaczep-1920x2539.jpg 1920w, http:\/\/lapidarium.fundacja-hereditas.pl\/wp-content\/uploads\/2024\/09\/E_Dziedziniewicz-Rapca_Warszawa_Filtrowa_61_glowne_wejscie_drzwi_wewnetrzne_zaczep-scaled.jpg 1936w\" sizes=\"auto, (max-width: 774px) 100vw, 774px\" \/><figcaption class=\"wp-element-caption\">Klatka g\u0142\u00f3wna od Filtrowej. Zaczep blokady u drzwi wej\u015bciowych (wewn\u0119trznych). Fot. Ewa Dziedziniewicz-R\u0105pca, 2023 r., \u017ar\u00f3d\u0142o: MWKZ.<\/figcaption><\/figure>\n\n\n\n<figure class=\"wp-block-image size-large\"><img loading=\"lazy\" decoding=\"async\" width=\"1024\" height=\"774\" data-id=\"27339\" src=\"http:\/\/lapidarium.fundacja-hereditas.pl\/wp-content\/uploads\/2024\/09\/E_Dziedziniewicz-Rapca_Warszawa_Filtrowa_61_glowne_wejscie_drzwi_wewnetrzne_haczyk_na_scianie_A-1024x774.jpg\" alt=\"\" class=\"wp-image-27339\" srcset=\"http:\/\/lapidarium.fundacja-hereditas.pl\/wp-content\/uploads\/2024\/09\/E_Dziedziniewicz-Rapca_Warszawa_Filtrowa_61_glowne_wejscie_drzwi_wewnetrzne_haczyk_na_scianie_A-1024x774.jpg 1024w, http:\/\/lapidarium.fundacja-hereditas.pl\/wp-content\/uploads\/2024\/09\/E_Dziedziniewicz-Rapca_Warszawa_Filtrowa_61_glowne_wejscie_drzwi_wewnetrzne_haczyk_na_scianie_A-300x227.jpg 300w, http:\/\/lapidarium.fundacja-hereditas.pl\/wp-content\/uploads\/2024\/09\/E_Dziedziniewicz-Rapca_Warszawa_Filtrowa_61_glowne_wejscie_drzwi_wewnetrzne_haczyk_na_scianie_A-768x580.jpg 768w, http:\/\/lapidarium.fundacja-hereditas.pl\/wp-content\/uploads\/2024\/09\/E_Dziedziniewicz-Rapca_Warszawa_Filtrowa_61_glowne_wejscie_drzwi_wewnetrzne_haczyk_na_scianie_A-1536x1161.jpg 1536w, http:\/\/lapidarium.fundacja-hereditas.pl\/wp-content\/uploads\/2024\/09\/E_Dziedziniewicz-Rapca_Warszawa_Filtrowa_61_glowne_wejscie_drzwi_wewnetrzne_haczyk_na_scianie_A-2048x1548.jpg 2048w, http:\/\/lapidarium.fundacja-hereditas.pl\/wp-content\/uploads\/2024\/09\/E_Dziedziniewicz-Rapca_Warszawa_Filtrowa_61_glowne_wejscie_drzwi_wewnetrzne_haczyk_na_scianie_A-150x113.jpg 150w, http:\/\/lapidarium.fundacja-hereditas.pl\/wp-content\/uploads\/2024\/09\/E_Dziedziniewicz-Rapca_Warszawa_Filtrowa_61_glowne_wejscie_drzwi_wewnetrzne_haczyk_na_scianie_A-696x526.jpg 696w, http:\/\/lapidarium.fundacja-hereditas.pl\/wp-content\/uploads\/2024\/09\/E_Dziedziniewicz-Rapca_Warszawa_Filtrowa_61_glowne_wejscie_drzwi_wewnetrzne_haczyk_na_scianie_A-1068x807.jpg 1068w, http:\/\/lapidarium.fundacja-hereditas.pl\/wp-content\/uploads\/2024\/09\/E_Dziedziniewicz-Rapca_Warszawa_Filtrowa_61_glowne_wejscie_drzwi_wewnetrzne_haczyk_na_scianie_A-1920x1451.jpg 1920w\" sizes=\"auto, (max-width: 1024px) 100vw, 1024px\" \/><figcaption class=\"wp-element-caption\">Klatka g\u0142\u00f3wna od Filtrowej. Wiatro\u0142ap &#8211; zaczep do wewn\u0119trznych drzwi. Fot. Ewa Dziedziniewicz-R\u0105pca, 2023 r., \u017ar\u00f3d\u0142o: MWKZ.<\/figcaption><\/figure>\n\n\n\n<figure class=\"wp-block-image size-large\"><img loading=\"lazy\" decoding=\"async\" width=\"1024\" height=\"774\" data-id=\"27338\" src=\"http:\/\/lapidarium.fundacja-hereditas.pl\/wp-content\/uploads\/2024\/09\/E_Dziedziniewicz-Rapca_Warszawa_Filtrowa_61_glowne_wejscie_drzwi_wewnetrzne_haczyk_na_scianie-1024x774.jpg\" alt=\"\" class=\"wp-image-27338\" srcset=\"http:\/\/lapidarium.fundacja-hereditas.pl\/wp-content\/uploads\/2024\/09\/E_Dziedziniewicz-Rapca_Warszawa_Filtrowa_61_glowne_wejscie_drzwi_wewnetrzne_haczyk_na_scianie-1024x774.jpg 1024w, http:\/\/lapidarium.fundacja-hereditas.pl\/wp-content\/uploads\/2024\/09\/E_Dziedziniewicz-Rapca_Warszawa_Filtrowa_61_glowne_wejscie_drzwi_wewnetrzne_haczyk_na_scianie-300x227.jpg 300w, http:\/\/lapidarium.fundacja-hereditas.pl\/wp-content\/uploads\/2024\/09\/E_Dziedziniewicz-Rapca_Warszawa_Filtrowa_61_glowne_wejscie_drzwi_wewnetrzne_haczyk_na_scianie-768x580.jpg 768w, http:\/\/lapidarium.fundacja-hereditas.pl\/wp-content\/uploads\/2024\/09\/E_Dziedziniewicz-Rapca_Warszawa_Filtrowa_61_glowne_wejscie_drzwi_wewnetrzne_haczyk_na_scianie-1536x1161.jpg 1536w, http:\/\/lapidarium.fundacja-hereditas.pl\/wp-content\/uploads\/2024\/09\/E_Dziedziniewicz-Rapca_Warszawa_Filtrowa_61_glowne_wejscie_drzwi_wewnetrzne_haczyk_na_scianie-2048x1548.jpg 2048w, http:\/\/lapidarium.fundacja-hereditas.pl\/wp-content\/uploads\/2024\/09\/E_Dziedziniewicz-Rapca_Warszawa_Filtrowa_61_glowne_wejscie_drzwi_wewnetrzne_haczyk_na_scianie-150x113.jpg 150w, http:\/\/lapidarium.fundacja-hereditas.pl\/wp-content\/uploads\/2024\/09\/E_Dziedziniewicz-Rapca_Warszawa_Filtrowa_61_glowne_wejscie_drzwi_wewnetrzne_haczyk_na_scianie-696x526.jpg 696w, http:\/\/lapidarium.fundacja-hereditas.pl\/wp-content\/uploads\/2024\/09\/E_Dziedziniewicz-Rapca_Warszawa_Filtrowa_61_glowne_wejscie_drzwi_wewnetrzne_haczyk_na_scianie-1068x807.jpg 1068w, http:\/\/lapidarium.fundacja-hereditas.pl\/wp-content\/uploads\/2024\/09\/E_Dziedziniewicz-Rapca_Warszawa_Filtrowa_61_glowne_wejscie_drzwi_wewnetrzne_haczyk_na_scianie-1920x1451.jpg 1920w\" sizes=\"auto, (max-width: 1024px) 100vw, 1024px\" \/><figcaption class=\"wp-element-caption\">Klatka g\u0142\u00f3wna od Filtrowej. Wiatro\u0142ap &#8211; zaczep do wewn\u0119trznych drzwi. Fot. Ewa Dziedziniewicz-R\u0105pca, 2023 r., \u017ar\u00f3d\u0142o: MWKZ.<\/figcaption><\/figure>\n\n\n\n<figure class=\"wp-block-image size-large\"><img loading=\"lazy\" decoding=\"async\" width=\"774\" height=\"1024\" data-id=\"27361\" src=\"http:\/\/lapidarium.fundacja-hereditas.pl\/wp-content\/uploads\/2024\/09\/E_Dziedziniewicz-Rapca_Warszawa_Filtrowa_61_glowne_wejscie_wysoki_parter_widok_na_wejscie-774x1024.jpg\" alt=\"\" class=\"wp-image-27361\" srcset=\"http:\/\/lapidarium.fundacja-hereditas.pl\/wp-content\/uploads\/2024\/09\/E_Dziedziniewicz-Rapca_Warszawa_Filtrowa_61_glowne_wejscie_wysoki_parter_widok_na_wejscie-774x1024.jpg 774w, http:\/\/lapidarium.fundacja-hereditas.pl\/wp-content\/uploads\/2024\/09\/E_Dziedziniewicz-Rapca_Warszawa_Filtrowa_61_glowne_wejscie_wysoki_parter_widok_na_wejscie-227x300.jpg 227w, http:\/\/lapidarium.fundacja-hereditas.pl\/wp-content\/uploads\/2024\/09\/E_Dziedziniewicz-Rapca_Warszawa_Filtrowa_61_glowne_wejscie_wysoki_parter_widok_na_wejscie-768x1015.jpg 768w, http:\/\/lapidarium.fundacja-hereditas.pl\/wp-content\/uploads\/2024\/09\/E_Dziedziniewicz-Rapca_Warszawa_Filtrowa_61_glowne_wejscie_wysoki_parter_widok_na_wejscie-1162x1536.jpg 1162w, http:\/\/lapidarium.fundacja-hereditas.pl\/wp-content\/uploads\/2024\/09\/E_Dziedziniewicz-Rapca_Warszawa_Filtrowa_61_glowne_wejscie_wysoki_parter_widok_na_wejscie-1549x2048.jpg 1549w, http:\/\/lapidarium.fundacja-hereditas.pl\/wp-content\/uploads\/2024\/09\/E_Dziedziniewicz-Rapca_Warszawa_Filtrowa_61_glowne_wejscie_wysoki_parter_widok_na_wejscie-150x198.jpg 150w, http:\/\/lapidarium.fundacja-hereditas.pl\/wp-content\/uploads\/2024\/09\/E_Dziedziniewicz-Rapca_Warszawa_Filtrowa_61_glowne_wejscie_wysoki_parter_widok_na_wejscie-300x397.jpg 300w, http:\/\/lapidarium.fundacja-hereditas.pl\/wp-content\/uploads\/2024\/09\/E_Dziedziniewicz-Rapca_Warszawa_Filtrowa_61_glowne_wejscie_wysoki_parter_widok_na_wejscie-696x920.jpg 696w, http:\/\/lapidarium.fundacja-hereditas.pl\/wp-content\/uploads\/2024\/09\/E_Dziedziniewicz-Rapca_Warszawa_Filtrowa_61_glowne_wejscie_wysoki_parter_widok_na_wejscie-1068x1412.jpg 1068w, http:\/\/lapidarium.fundacja-hereditas.pl\/wp-content\/uploads\/2024\/09\/E_Dziedziniewicz-Rapca_Warszawa_Filtrowa_61_glowne_wejscie_wysoki_parter_widok_na_wejscie-1920x2539.jpg 1920w, http:\/\/lapidarium.fundacja-hereditas.pl\/wp-content\/uploads\/2024\/09\/E_Dziedziniewicz-Rapca_Warszawa_Filtrowa_61_glowne_wejscie_wysoki_parter_widok_na_wejscie-scaled.jpg 1936w\" sizes=\"auto, (max-width: 774px) 100vw, 774px\" \/><figcaption class=\"wp-element-caption\">Klatka g\u0142\u00f3wna od Filtrowej. Parter. Widok ku wyj\u015bciu na Filtrow\u0105. Fot. Ewa Dziedziniewicz-R\u0105pca, 2023 r., \u017ar\u00f3d\u0142o: MWKZ.<\/figcaption><\/figure>\n\n\n\n<figure class=\"wp-block-image size-large\"><img loading=\"lazy\" decoding=\"async\" width=\"763\" height=\"1024\" data-id=\"27346\" src=\"http:\/\/lapidarium.fundacja-hereditas.pl\/wp-content\/uploads\/2024\/09\/E_Dziedziniewicz-Rapca_Warszawa_Filtrowa_61_glowne_wejscie_schody-763x1024.jpg\" alt=\"\" class=\"wp-image-27346\" srcset=\"http:\/\/lapidarium.fundacja-hereditas.pl\/wp-content\/uploads\/2024\/09\/E_Dziedziniewicz-Rapca_Warszawa_Filtrowa_61_glowne_wejscie_schody-763x1024.jpg 763w, http:\/\/lapidarium.fundacja-hereditas.pl\/wp-content\/uploads\/2024\/09\/E_Dziedziniewicz-Rapca_Warszawa_Filtrowa_61_glowne_wejscie_schody-224x300.jpg 224w, http:\/\/lapidarium.fundacja-hereditas.pl\/wp-content\/uploads\/2024\/09\/E_Dziedziniewicz-Rapca_Warszawa_Filtrowa_61_glowne_wejscie_schody-768x1030.jpg 768w, http:\/\/lapidarium.fundacja-hereditas.pl\/wp-content\/uploads\/2024\/09\/E_Dziedziniewicz-Rapca_Warszawa_Filtrowa_61_glowne_wejscie_schody-1145x1536.jpg 1145w, http:\/\/lapidarium.fundacja-hereditas.pl\/wp-content\/uploads\/2024\/09\/E_Dziedziniewicz-Rapca_Warszawa_Filtrowa_61_glowne_wejscie_schody-1527x2048.jpg 1527w, http:\/\/lapidarium.fundacja-hereditas.pl\/wp-content\/uploads\/2024\/09\/E_Dziedziniewicz-Rapca_Warszawa_Filtrowa_61_glowne_wejscie_schody-150x201.jpg 150w, http:\/\/lapidarium.fundacja-hereditas.pl\/wp-content\/uploads\/2024\/09\/E_Dziedziniewicz-Rapca_Warszawa_Filtrowa_61_glowne_wejscie_schody-300x402.jpg 300w, http:\/\/lapidarium.fundacja-hereditas.pl\/wp-content\/uploads\/2024\/09\/E_Dziedziniewicz-Rapca_Warszawa_Filtrowa_61_glowne_wejscie_schody-696x934.jpg 696w, http:\/\/lapidarium.fundacja-hereditas.pl\/wp-content\/uploads\/2024\/09\/E_Dziedziniewicz-Rapca_Warszawa_Filtrowa_61_glowne_wejscie_schody-1068x1433.jpg 1068w, http:\/\/lapidarium.fundacja-hereditas.pl\/wp-content\/uploads\/2024\/09\/E_Dziedziniewicz-Rapca_Warszawa_Filtrowa_61_glowne_wejscie_schody-1920x2576.jpg 1920w, http:\/\/lapidarium.fundacja-hereditas.pl\/wp-content\/uploads\/2024\/09\/E_Dziedziniewicz-Rapca_Warszawa_Filtrowa_61_glowne_wejscie_schody-scaled.jpg 1908w\" sizes=\"auto, (max-width: 763px) 100vw, 763px\" \/><figcaption class=\"wp-element-caption\">Klatka g\u0142\u00f3wna od Filtrowej. Zakr\u0119t balustrady na parterze. Fot. Ewa Dziedziniewicz-R\u0105pca, 2023 r., \u017ar\u00f3d\u0142o: MWKZ.<\/figcaption><\/figure>\n\n\n\n<figure class=\"wp-block-image size-large\"><img loading=\"lazy\" decoding=\"async\" width=\"1024\" height=\"787\" data-id=\"27345\" src=\"http:\/\/lapidarium.fundacja-hereditas.pl\/wp-content\/uploads\/2024\/09\/E_Dziedziniewicz-Rapca_Warszawa_Filtrowa_61_glowne_wejscie_porecz-1024x787.jpg\" alt=\"\" class=\"wp-image-27345\" srcset=\"http:\/\/lapidarium.fundacja-hereditas.pl\/wp-content\/uploads\/2024\/09\/E_Dziedziniewicz-Rapca_Warszawa_Filtrowa_61_glowne_wejscie_porecz-1024x787.jpg 1024w, http:\/\/lapidarium.fundacja-hereditas.pl\/wp-content\/uploads\/2024\/09\/E_Dziedziniewicz-Rapca_Warszawa_Filtrowa_61_glowne_wejscie_porecz-300x231.jpg 300w, http:\/\/lapidarium.fundacja-hereditas.pl\/wp-content\/uploads\/2024\/09\/E_Dziedziniewicz-Rapca_Warszawa_Filtrowa_61_glowne_wejscie_porecz-768x590.jpg 768w, http:\/\/lapidarium.fundacja-hereditas.pl\/wp-content\/uploads\/2024\/09\/E_Dziedziniewicz-Rapca_Warszawa_Filtrowa_61_glowne_wejscie_porecz-1536x1180.jpg 1536w, http:\/\/lapidarium.fundacja-hereditas.pl\/wp-content\/uploads\/2024\/09\/E_Dziedziniewicz-Rapca_Warszawa_Filtrowa_61_glowne_wejscie_porecz-2048x1574.jpg 2048w, http:\/\/lapidarium.fundacja-hereditas.pl\/wp-content\/uploads\/2024\/09\/E_Dziedziniewicz-Rapca_Warszawa_Filtrowa_61_glowne_wejscie_porecz-150x115.jpg 150w, http:\/\/lapidarium.fundacja-hereditas.pl\/wp-content\/uploads\/2024\/09\/E_Dziedziniewicz-Rapca_Warszawa_Filtrowa_61_glowne_wejscie_porecz-696x535.jpg 696w, http:\/\/lapidarium.fundacja-hereditas.pl\/wp-content\/uploads\/2024\/09\/E_Dziedziniewicz-Rapca_Warszawa_Filtrowa_61_glowne_wejscie_porecz-1068x821.jpg 1068w, http:\/\/lapidarium.fundacja-hereditas.pl\/wp-content\/uploads\/2024\/09\/E_Dziedziniewicz-Rapca_Warszawa_Filtrowa_61_glowne_wejscie_porecz-1920x1476.jpg 1920w\" sizes=\"auto, (max-width: 1024px) 100vw, 1024px\" \/><figcaption class=\"wp-element-caption\">Klatka g\u0142\u00f3wna od Filtrowej. Pocz\u0105tek balustrady na parterze. Fot. Ewa Dziedziniewicz-R\u0105pca, 2023 r., \u017ar\u00f3d\u0142o: MWKZ.<\/figcaption><\/figure>\n\n\n\n<figure class=\"wp-block-image size-large\"><img loading=\"lazy\" decoding=\"async\" width=\"1024\" height=\"755\" data-id=\"27357\" src=\"http:\/\/lapidarium.fundacja-hereditas.pl\/wp-content\/uploads\/2024\/09\/E_Dziedziniewicz-Rapca_Warszawa_Filtrowa_61_glowne_wejscie_wysoki_parter-1024x755.jpg\" alt=\"\" class=\"wp-image-27357\" srcset=\"http:\/\/lapidarium.fundacja-hereditas.pl\/wp-content\/uploads\/2024\/09\/E_Dziedziniewicz-Rapca_Warszawa_Filtrowa_61_glowne_wejscie_wysoki_parter-1024x755.jpg 1024w, http:\/\/lapidarium.fundacja-hereditas.pl\/wp-content\/uploads\/2024\/09\/E_Dziedziniewicz-Rapca_Warszawa_Filtrowa_61_glowne_wejscie_wysoki_parter-300x221.jpg 300w, http:\/\/lapidarium.fundacja-hereditas.pl\/wp-content\/uploads\/2024\/09\/E_Dziedziniewicz-Rapca_Warszawa_Filtrowa_61_glowne_wejscie_wysoki_parter-768x567.jpg 768w, http:\/\/lapidarium.fundacja-hereditas.pl\/wp-content\/uploads\/2024\/09\/E_Dziedziniewicz-Rapca_Warszawa_Filtrowa_61_glowne_wejscie_wysoki_parter-1536x1133.jpg 1536w, http:\/\/lapidarium.fundacja-hereditas.pl\/wp-content\/uploads\/2024\/09\/E_Dziedziniewicz-Rapca_Warszawa_Filtrowa_61_glowne_wejscie_wysoki_parter-2048x1511.jpg 2048w, http:\/\/lapidarium.fundacja-hereditas.pl\/wp-content\/uploads\/2024\/09\/E_Dziedziniewicz-Rapca_Warszawa_Filtrowa_61_glowne_wejscie_wysoki_parter-150x111.jpg 150w, http:\/\/lapidarium.fundacja-hereditas.pl\/wp-content\/uploads\/2024\/09\/E_Dziedziniewicz-Rapca_Warszawa_Filtrowa_61_glowne_wejscie_wysoki_parter-696x513.jpg 696w, http:\/\/lapidarium.fundacja-hereditas.pl\/wp-content\/uploads\/2024\/09\/E_Dziedziniewicz-Rapca_Warszawa_Filtrowa_61_glowne_wejscie_wysoki_parter-1068x788.jpg 1068w, http:\/\/lapidarium.fundacja-hereditas.pl\/wp-content\/uploads\/2024\/09\/E_Dziedziniewicz-Rapca_Warszawa_Filtrowa_61_glowne_wejscie_wysoki_parter-1920x1416.jpg 1920w\" sizes=\"auto, (max-width: 1024px) 100vw, 1024px\" \/><figcaption class=\"wp-element-caption\">Klatka g\u0142\u00f3wna od Filtrowej. Wysoki parter. Fot. Ewa Dziedziniewicz-R\u0105pca, 2023 r., \u017ar\u00f3d\u0142o: MWKZ.<\/figcaption><\/figure>\n\n\n\n<figure class=\"wp-block-image size-large\"><img loading=\"lazy\" decoding=\"async\" width=\"754\" height=\"1024\" data-id=\"27358\" src=\"http:\/\/lapidarium.fundacja-hereditas.pl\/wp-content\/uploads\/2024\/09\/E_Dziedziniewicz-Rapca_Warszawa_Filtrowa_61_glowne_wejscie_wysoki_parter_lokal_9-754x1024.jpg\" alt=\"\" class=\"wp-image-27358\" srcset=\"http:\/\/lapidarium.fundacja-hereditas.pl\/wp-content\/uploads\/2024\/09\/E_Dziedziniewicz-Rapca_Warszawa_Filtrowa_61_glowne_wejscie_wysoki_parter_lokal_9-754x1024.jpg 754w, http:\/\/lapidarium.fundacja-hereditas.pl\/wp-content\/uploads\/2024\/09\/E_Dziedziniewicz-Rapca_Warszawa_Filtrowa_61_glowne_wejscie_wysoki_parter_lokal_9-221x300.jpg 221w, http:\/\/lapidarium.fundacja-hereditas.pl\/wp-content\/uploads\/2024\/09\/E_Dziedziniewicz-Rapca_Warszawa_Filtrowa_61_glowne_wejscie_wysoki_parter_lokal_9-768x1043.jpg 768w, http:\/\/lapidarium.fundacja-hereditas.pl\/wp-content\/uploads\/2024\/09\/E_Dziedziniewicz-Rapca_Warszawa_Filtrowa_61_glowne_wejscie_wysoki_parter_lokal_9-1131x1536.jpg 1131w, http:\/\/lapidarium.fundacja-hereditas.pl\/wp-content\/uploads\/2024\/09\/E_Dziedziniewicz-Rapca_Warszawa_Filtrowa_61_glowne_wejscie_wysoki_parter_lokal_9-1508x2048.jpg 1508w, http:\/\/lapidarium.fundacja-hereditas.pl\/wp-content\/uploads\/2024\/09\/E_Dziedziniewicz-Rapca_Warszawa_Filtrowa_61_glowne_wejscie_wysoki_parter_lokal_9-150x204.jpg 150w, http:\/\/lapidarium.fundacja-hereditas.pl\/wp-content\/uploads\/2024\/09\/E_Dziedziniewicz-Rapca_Warszawa_Filtrowa_61_glowne_wejscie_wysoki_parter_lokal_9-300x407.jpg 300w, http:\/\/lapidarium.fundacja-hereditas.pl\/wp-content\/uploads\/2024\/09\/E_Dziedziniewicz-Rapca_Warszawa_Filtrowa_61_glowne_wejscie_wysoki_parter_lokal_9-696x945.jpg 696w, http:\/\/lapidarium.fundacja-hereditas.pl\/wp-content\/uploads\/2024\/09\/E_Dziedziniewicz-Rapca_Warszawa_Filtrowa_61_glowne_wejscie_wysoki_parter_lokal_9-1068x1450.jpg 1068w, http:\/\/lapidarium.fundacja-hereditas.pl\/wp-content\/uploads\/2024\/09\/E_Dziedziniewicz-Rapca_Warszawa_Filtrowa_61_glowne_wejscie_wysoki_parter_lokal_9-1920x2607.jpg 1920w, http:\/\/lapidarium.fundacja-hereditas.pl\/wp-content\/uploads\/2024\/09\/E_Dziedziniewicz-Rapca_Warszawa_Filtrowa_61_glowne_wejscie_wysoki_parter_lokal_9-scaled.jpg 1885w\" sizes=\"auto, (max-width: 754px) 100vw, 754px\" \/><figcaption class=\"wp-element-caption\">Klatka g\u0142\u00f3wna od Filtrowej. Wysoki parter. Drzwi do mieszkania. Fot. Ewa Dziedziniewicz-R\u0105pca, 2023 r., \u017ar\u00f3d\u0142o: MWKZ.<\/figcaption><\/figure>\n\n\n\n<figure class=\"wp-block-image size-large\"><img loading=\"lazy\" decoding=\"async\" width=\"777\" height=\"1024\" data-id=\"27360\" src=\"http:\/\/lapidarium.fundacja-hereditas.pl\/wp-content\/uploads\/2024\/09\/E_Dziedziniewicz-Rapca_Warszawa_Filtrowa_61_glowne_wejscie_wysoki_parter_lokal_9_uchwyt-777x1024.jpg\" alt=\"\" class=\"wp-image-27360\" srcset=\"http:\/\/lapidarium.fundacja-hereditas.pl\/wp-content\/uploads\/2024\/09\/E_Dziedziniewicz-Rapca_Warszawa_Filtrowa_61_glowne_wejscie_wysoki_parter_lokal_9_uchwyt-777x1024.jpg 777w, http:\/\/lapidarium.fundacja-hereditas.pl\/wp-content\/uploads\/2024\/09\/E_Dziedziniewicz-Rapca_Warszawa_Filtrowa_61_glowne_wejscie_wysoki_parter_lokal_9_uchwyt-228x300.jpg 228w, http:\/\/lapidarium.fundacja-hereditas.pl\/wp-content\/uploads\/2024\/09\/E_Dziedziniewicz-Rapca_Warszawa_Filtrowa_61_glowne_wejscie_wysoki_parter_lokal_9_uchwyt-768x1012.jpg 768w, http:\/\/lapidarium.fundacja-hereditas.pl\/wp-content\/uploads\/2024\/09\/E_Dziedziniewicz-Rapca_Warszawa_Filtrowa_61_glowne_wejscie_wysoki_parter_lokal_9_uchwyt-1166x1536.jpg 1166w, http:\/\/lapidarium.fundacja-hereditas.pl\/wp-content\/uploads\/2024\/09\/E_Dziedziniewicz-Rapca_Warszawa_Filtrowa_61_glowne_wejscie_wysoki_parter_lokal_9_uchwyt-1555x2048.jpg 1555w, http:\/\/lapidarium.fundacja-hereditas.pl\/wp-content\/uploads\/2024\/09\/E_Dziedziniewicz-Rapca_Warszawa_Filtrowa_61_glowne_wejscie_wysoki_parter_lokal_9_uchwyt-150x198.jpg 150w, http:\/\/lapidarium.fundacja-hereditas.pl\/wp-content\/uploads\/2024\/09\/E_Dziedziniewicz-Rapca_Warszawa_Filtrowa_61_glowne_wejscie_wysoki_parter_lokal_9_uchwyt-300x395.jpg 300w, http:\/\/lapidarium.fundacja-hereditas.pl\/wp-content\/uploads\/2024\/09\/E_Dziedziniewicz-Rapca_Warszawa_Filtrowa_61_glowne_wejscie_wysoki_parter_lokal_9_uchwyt-696x917.jpg 696w, http:\/\/lapidarium.fundacja-hereditas.pl\/wp-content\/uploads\/2024\/09\/E_Dziedziniewicz-Rapca_Warszawa_Filtrowa_61_glowne_wejscie_wysoki_parter_lokal_9_uchwyt-1068x1407.jpg 1068w, http:\/\/lapidarium.fundacja-hereditas.pl\/wp-content\/uploads\/2024\/09\/E_Dziedziniewicz-Rapca_Warszawa_Filtrowa_61_glowne_wejscie_wysoki_parter_lokal_9_uchwyt-1920x2529.jpg 1920w, http:\/\/lapidarium.fundacja-hereditas.pl\/wp-content\/uploads\/2024\/09\/E_Dziedziniewicz-Rapca_Warszawa_Filtrowa_61_glowne_wejscie_wysoki_parter_lokal_9_uchwyt-scaled.jpg 1943w\" sizes=\"auto, (max-width: 777px) 100vw, 777px\" \/><figcaption class=\"wp-element-caption\">Klatka g\u0142\u00f3wna od Filtrowej. Wysoki parter. Antaba u drzwi do mieszkania. Fot. Ewa Dziedziniewicz-R\u0105pca, 2023 r., \u017ar\u00f3d\u0142o: MWKZ.<\/figcaption><\/figure>\n\n\n\n<figure class=\"wp-block-image size-large\"><img loading=\"lazy\" decoding=\"async\" width=\"762\" height=\"1024\" data-id=\"27359\" src=\"http:\/\/lapidarium.fundacja-hereditas.pl\/wp-content\/uploads\/2024\/09\/E_Dziedziniewicz-Rapca_Warszawa_Filtrowa_61_glowne_wejscie_wysoki_parter_lokal_9_posadzka-762x1024.jpg\" alt=\"\" class=\"wp-image-27359\" srcset=\"http:\/\/lapidarium.fundacja-hereditas.pl\/wp-content\/uploads\/2024\/09\/E_Dziedziniewicz-Rapca_Warszawa_Filtrowa_61_glowne_wejscie_wysoki_parter_lokal_9_posadzka-762x1024.jpg 762w, http:\/\/lapidarium.fundacja-hereditas.pl\/wp-content\/uploads\/2024\/09\/E_Dziedziniewicz-Rapca_Warszawa_Filtrowa_61_glowne_wejscie_wysoki_parter_lokal_9_posadzka-223x300.jpg 223w, http:\/\/lapidarium.fundacja-hereditas.pl\/wp-content\/uploads\/2024\/09\/E_Dziedziniewicz-Rapca_Warszawa_Filtrowa_61_glowne_wejscie_wysoki_parter_lokal_9_posadzka-768x1033.jpg 768w, http:\/\/lapidarium.fundacja-hereditas.pl\/wp-content\/uploads\/2024\/09\/E_Dziedziniewicz-Rapca_Warszawa_Filtrowa_61_glowne_wejscie_wysoki_parter_lokal_9_posadzka-1142x1536.jpg 1142w, http:\/\/lapidarium.fundacja-hereditas.pl\/wp-content\/uploads\/2024\/09\/E_Dziedziniewicz-Rapca_Warszawa_Filtrowa_61_glowne_wejscie_wysoki_parter_lokal_9_posadzka-1523x2048.jpg 1523w, http:\/\/lapidarium.fundacja-hereditas.pl\/wp-content\/uploads\/2024\/09\/E_Dziedziniewicz-Rapca_Warszawa_Filtrowa_61_glowne_wejscie_wysoki_parter_lokal_9_posadzka-150x202.jpg 150w, http:\/\/lapidarium.fundacja-hereditas.pl\/wp-content\/uploads\/2024\/09\/E_Dziedziniewicz-Rapca_Warszawa_Filtrowa_61_glowne_wejscie_wysoki_parter_lokal_9_posadzka-300x403.jpg 300w, http:\/\/lapidarium.fundacja-hereditas.pl\/wp-content\/uploads\/2024\/09\/E_Dziedziniewicz-Rapca_Warszawa_Filtrowa_61_glowne_wejscie_wysoki_parter_lokal_9_posadzka-696x936.jpg 696w, http:\/\/lapidarium.fundacja-hereditas.pl\/wp-content\/uploads\/2024\/09\/E_Dziedziniewicz-Rapca_Warszawa_Filtrowa_61_glowne_wejscie_wysoki_parter_lokal_9_posadzka-1068x1436.jpg 1068w, http:\/\/lapidarium.fundacja-hereditas.pl\/wp-content\/uploads\/2024\/09\/E_Dziedziniewicz-Rapca_Warszawa_Filtrowa_61_glowne_wejscie_wysoki_parter_lokal_9_posadzka-1920x2582.jpg 1920w, http:\/\/lapidarium.fundacja-hereditas.pl\/wp-content\/uploads\/2024\/09\/E_Dziedziniewicz-Rapca_Warszawa_Filtrowa_61_glowne_wejscie_wysoki_parter_lokal_9_posadzka-scaled.jpg 1904w\" sizes=\"auto, (max-width: 762px) 100vw, 762px\" \/><figcaption class=\"wp-element-caption\">Klatka g\u0142\u00f3wna od Filtrowej. Wysoki parter. Posadzka. Fot. Ewa Dziedziniewicz-R\u0105pca, 2023 r., \u017ar\u00f3d\u0142o: MWKZ.<\/figcaption><\/figure>\n\n\n\n<figure class=\"wp-block-image size-large\"><img loading=\"lazy\" decoding=\"async\" width=\"676\" height=\"1024\" data-id=\"27362\" src=\"http:\/\/lapidarium.fundacja-hereditas.pl\/wp-content\/uploads\/2024\/09\/E_Dziedziniewicz-Rapca_Warszawa_Filtrowa_61_glowne_wejscie_wysoki_parter_widok_z_gory-676x1024.jpg\" alt=\"\" class=\"wp-image-27362\" srcset=\"http:\/\/lapidarium.fundacja-hereditas.pl\/wp-content\/uploads\/2024\/09\/E_Dziedziniewicz-Rapca_Warszawa_Filtrowa_61_glowne_wejscie_wysoki_parter_widok_z_gory-676x1024.jpg 676w, http:\/\/lapidarium.fundacja-hereditas.pl\/wp-content\/uploads\/2024\/09\/E_Dziedziniewicz-Rapca_Warszawa_Filtrowa_61_glowne_wejscie_wysoki_parter_widok_z_gory-198x300.jpg 198w, http:\/\/lapidarium.fundacja-hereditas.pl\/wp-content\/uploads\/2024\/09\/E_Dziedziniewicz-Rapca_Warszawa_Filtrowa_61_glowne_wejscie_wysoki_parter_widok_z_gory-768x1163.jpg 768w, http:\/\/lapidarium.fundacja-hereditas.pl\/wp-content\/uploads\/2024\/09\/E_Dziedziniewicz-Rapca_Warszawa_Filtrowa_61_glowne_wejscie_wysoki_parter_widok_z_gory-1014x1536.jpg 1014w, http:\/\/lapidarium.fundacja-hereditas.pl\/wp-content\/uploads\/2024\/09\/E_Dziedziniewicz-Rapca_Warszawa_Filtrowa_61_glowne_wejscie_wysoki_parter_widok_z_gory-1352x2048.jpg 1352w, http:\/\/lapidarium.fundacja-hereditas.pl\/wp-content\/uploads\/2024\/09\/E_Dziedziniewicz-Rapca_Warszawa_Filtrowa_61_glowne_wejscie_wysoki_parter_widok_z_gory-150x227.jpg 150w, http:\/\/lapidarium.fundacja-hereditas.pl\/wp-content\/uploads\/2024\/09\/E_Dziedziniewicz-Rapca_Warszawa_Filtrowa_61_glowne_wejscie_wysoki_parter_widok_z_gory-300x454.jpg 300w, http:\/\/lapidarium.fundacja-hereditas.pl\/wp-content\/uploads\/2024\/09\/E_Dziedziniewicz-Rapca_Warszawa_Filtrowa_61_glowne_wejscie_wysoki_parter_widok_z_gory-696x1054.jpg 696w, http:\/\/lapidarium.fundacja-hereditas.pl\/wp-content\/uploads\/2024\/09\/E_Dziedziniewicz-Rapca_Warszawa_Filtrowa_61_glowne_wejscie_wysoki_parter_widok_z_gory-1068x1618.jpg 1068w, http:\/\/lapidarium.fundacja-hereditas.pl\/wp-content\/uploads\/2024\/09\/E_Dziedziniewicz-Rapca_Warszawa_Filtrowa_61_glowne_wejscie_wysoki_parter_widok_z_gory-1920x2909.jpg 1920w, http:\/\/lapidarium.fundacja-hereditas.pl\/wp-content\/uploads\/2024\/09\/E_Dziedziniewicz-Rapca_Warszawa_Filtrowa_61_glowne_wejscie_wysoki_parter_widok_z_gory-scaled.jpg 1690w\" sizes=\"auto, (max-width: 676px) 100vw, 676px\" \/><figcaption class=\"wp-element-caption\">Klatka g\u0142\u00f3wna od Filtrowej. Widok na parter z I-go spocznika. Fot. Ewa Dziedziniewicz-R\u0105pca, 2023 r., \u017ar\u00f3d\u0142o: MWKZ.<\/figcaption><\/figure>\n\n\n\n<figure class=\"wp-block-image size-large\"><img loading=\"lazy\" decoding=\"async\" width=\"776\" height=\"1024\" data-id=\"27355\" src=\"http:\/\/lapidarium.fundacja-hereditas.pl\/wp-content\/uploads\/2024\/09\/E_Dziedziniewicz-Rapca_Warszawa_Filtrowa_61_glowne_wejscie_schody_na_pierwsze_pietro_polpietro_balustrada-776x1024.jpg\" alt=\"\" class=\"wp-image-27355\" srcset=\"http:\/\/lapidarium.fundacja-hereditas.pl\/wp-content\/uploads\/2024\/09\/E_Dziedziniewicz-Rapca_Warszawa_Filtrowa_61_glowne_wejscie_schody_na_pierwsze_pietro_polpietro_balustrada-776x1024.jpg 776w, http:\/\/lapidarium.fundacja-hereditas.pl\/wp-content\/uploads\/2024\/09\/E_Dziedziniewicz-Rapca_Warszawa_Filtrowa_61_glowne_wejscie_schody_na_pierwsze_pietro_polpietro_balustrada-227x300.jpg 227w, http:\/\/lapidarium.fundacja-hereditas.pl\/wp-content\/uploads\/2024\/09\/E_Dziedziniewicz-Rapca_Warszawa_Filtrowa_61_glowne_wejscie_schody_na_pierwsze_pietro_polpietro_balustrada-768x1014.jpg 768w, http:\/\/lapidarium.fundacja-hereditas.pl\/wp-content\/uploads\/2024\/09\/E_Dziedziniewicz-Rapca_Warszawa_Filtrowa_61_glowne_wejscie_schody_na_pierwsze_pietro_polpietro_balustrada-1164x1536.jpg 1164w, http:\/\/lapidarium.fundacja-hereditas.pl\/wp-content\/uploads\/2024\/09\/E_Dziedziniewicz-Rapca_Warszawa_Filtrowa_61_glowne_wejscie_schody_na_pierwsze_pietro_polpietro_balustrada-1552x2048.jpg 1552w, http:\/\/lapidarium.fundacja-hereditas.pl\/wp-content\/uploads\/2024\/09\/E_Dziedziniewicz-Rapca_Warszawa_Filtrowa_61_glowne_wejscie_schody_na_pierwsze_pietro_polpietro_balustrada-150x198.jpg 150w, http:\/\/lapidarium.fundacja-hereditas.pl\/wp-content\/uploads\/2024\/09\/E_Dziedziniewicz-Rapca_Warszawa_Filtrowa_61_glowne_wejscie_schody_na_pierwsze_pietro_polpietro_balustrada-300x396.jpg 300w, http:\/\/lapidarium.fundacja-hereditas.pl\/wp-content\/uploads\/2024\/09\/E_Dziedziniewicz-Rapca_Warszawa_Filtrowa_61_glowne_wejscie_schody_na_pierwsze_pietro_polpietro_balustrada-696x919.jpg 696w, http:\/\/lapidarium.fundacja-hereditas.pl\/wp-content\/uploads\/2024\/09\/E_Dziedziniewicz-Rapca_Warszawa_Filtrowa_61_glowne_wejscie_schody_na_pierwsze_pietro_polpietro_balustrada-1068x1410.jpg 1068w, http:\/\/lapidarium.fundacja-hereditas.pl\/wp-content\/uploads\/2024\/09\/E_Dziedziniewicz-Rapca_Warszawa_Filtrowa_61_glowne_wejscie_schody_na_pierwsze_pietro_polpietro_balustrada-1920x2534.jpg 1920w, http:\/\/lapidarium.fundacja-hereditas.pl\/wp-content\/uploads\/2024\/09\/E_Dziedziniewicz-Rapca_Warszawa_Filtrowa_61_glowne_wejscie_schody_na_pierwsze_pietro_polpietro_balustrada-scaled.jpg 1940w\" sizes=\"auto, (max-width: 776px) 100vw, 776px\" \/><figcaption class=\"wp-element-caption\">Klatka g\u0142\u00f3wna od Filtrowej. Zakr\u0119t balustrady na spoczniku przed I-szym pi\u0119trem. Fot. Ewa Dziedziniewicz-R\u0105pca, 2023 r., \u017ar\u00f3d\u0142o: MWKZ.<\/figcaption><\/figure>\n\n\n\n<figure class=\"wp-block-image size-large\"><img loading=\"lazy\" decoding=\"async\" width=\"777\" height=\"1024\" data-id=\"27354\" src=\"http:\/\/lapidarium.fundacja-hereditas.pl\/wp-content\/uploads\/2024\/09\/E_Dziedziniewicz-Rapca_Warszawa_Filtrowa_61_glowne_wejscie_schody_na_pierwsze_pietro_polpietro-777x1024.jpg\" alt=\"\" class=\"wp-image-27354\" srcset=\"http:\/\/lapidarium.fundacja-hereditas.pl\/wp-content\/uploads\/2024\/09\/E_Dziedziniewicz-Rapca_Warszawa_Filtrowa_61_glowne_wejscie_schody_na_pierwsze_pietro_polpietro-777x1024.jpg 777w, http:\/\/lapidarium.fundacja-hereditas.pl\/wp-content\/uploads\/2024\/09\/E_Dziedziniewicz-Rapca_Warszawa_Filtrowa_61_glowne_wejscie_schody_na_pierwsze_pietro_polpietro-228x300.jpg 228w, http:\/\/lapidarium.fundacja-hereditas.pl\/wp-content\/uploads\/2024\/09\/E_Dziedziniewicz-Rapca_Warszawa_Filtrowa_61_glowne_wejscie_schody_na_pierwsze_pietro_polpietro-768x1012.jpg 768w, http:\/\/lapidarium.fundacja-hereditas.pl\/wp-content\/uploads\/2024\/09\/E_Dziedziniewicz-Rapca_Warszawa_Filtrowa_61_glowne_wejscie_schody_na_pierwsze_pietro_polpietro-1166x1536.jpg 1166w, http:\/\/lapidarium.fundacja-hereditas.pl\/wp-content\/uploads\/2024\/09\/E_Dziedziniewicz-Rapca_Warszawa_Filtrowa_61_glowne_wejscie_schody_na_pierwsze_pietro_polpietro-1555x2048.jpg 1555w, http:\/\/lapidarium.fundacja-hereditas.pl\/wp-content\/uploads\/2024\/09\/E_Dziedziniewicz-Rapca_Warszawa_Filtrowa_61_glowne_wejscie_schody_na_pierwsze_pietro_polpietro-150x198.jpg 150w, http:\/\/lapidarium.fundacja-hereditas.pl\/wp-content\/uploads\/2024\/09\/E_Dziedziniewicz-Rapca_Warszawa_Filtrowa_61_glowne_wejscie_schody_na_pierwsze_pietro_polpietro-300x395.jpg 300w, http:\/\/lapidarium.fundacja-hereditas.pl\/wp-content\/uploads\/2024\/09\/E_Dziedziniewicz-Rapca_Warszawa_Filtrowa_61_glowne_wejscie_schody_na_pierwsze_pietro_polpietro-696x917.jpg 696w, http:\/\/lapidarium.fundacja-hereditas.pl\/wp-content\/uploads\/2024\/09\/E_Dziedziniewicz-Rapca_Warszawa_Filtrowa_61_glowne_wejscie_schody_na_pierwsze_pietro_polpietro-1068x1407.jpg 1068w, http:\/\/lapidarium.fundacja-hereditas.pl\/wp-content\/uploads\/2024\/09\/E_Dziedziniewicz-Rapca_Warszawa_Filtrowa_61_glowne_wejscie_schody_na_pierwsze_pietro_polpietro-1920x2529.jpg 1920w, http:\/\/lapidarium.fundacja-hereditas.pl\/wp-content\/uploads\/2024\/09\/E_Dziedziniewicz-Rapca_Warszawa_Filtrowa_61_glowne_wejscie_schody_na_pierwsze_pietro_polpietro-scaled.jpg 1943w\" sizes=\"auto, (max-width: 777px) 100vw, 777px\" \/><figcaption class=\"wp-element-caption\">Klatka g\u0142\u00f3wna od Filtrowej. Spocznik przed I-szym pi\u0119trem. Fot. Ewa Dziedziniewicz-R\u0105pca, 2023 r., \u017ar\u00f3d\u0142o: MWKZ.<\/figcaption><\/figure>\n\n\n\n<figure class=\"wp-block-image size-large\"><img loading=\"lazy\" decoding=\"async\" width=\"772\" height=\"1024\" data-id=\"27347\" src=\"http:\/\/lapidarium.fundacja-hereditas.pl\/wp-content\/uploads\/2024\/09\/E_Dziedziniewicz-Rapca_Warszawa_Filtrowa_61_glowne_wejscie_schody_na_drugie_pietro_balustrada-772x1024.jpg\" alt=\"\" class=\"wp-image-27347\" srcset=\"http:\/\/lapidarium.fundacja-hereditas.pl\/wp-content\/uploads\/2024\/09\/E_Dziedziniewicz-Rapca_Warszawa_Filtrowa_61_glowne_wejscie_schody_na_drugie_pietro_balustrada-772x1024.jpg 772w, http:\/\/lapidarium.fundacja-hereditas.pl\/wp-content\/uploads\/2024\/09\/E_Dziedziniewicz-Rapca_Warszawa_Filtrowa_61_glowne_wejscie_schody_na_drugie_pietro_balustrada-226x300.jpg 226w, http:\/\/lapidarium.fundacja-hereditas.pl\/wp-content\/uploads\/2024\/09\/E_Dziedziniewicz-Rapca_Warszawa_Filtrowa_61_glowne_wejscie_schody_na_drugie_pietro_balustrada-768x1019.jpg 768w, http:\/\/lapidarium.fundacja-hereditas.pl\/wp-content\/uploads\/2024\/09\/E_Dziedziniewicz-Rapca_Warszawa_Filtrowa_61_glowne_wejscie_schody_na_drugie_pietro_balustrada-1158x1536.jpg 1158w, http:\/\/lapidarium.fundacja-hereditas.pl\/wp-content\/uploads\/2024\/09\/E_Dziedziniewicz-Rapca_Warszawa_Filtrowa_61_glowne_wejscie_schody_na_drugie_pietro_balustrada-1544x2048.jpg 1544w, http:\/\/lapidarium.fundacja-hereditas.pl\/wp-content\/uploads\/2024\/09\/E_Dziedziniewicz-Rapca_Warszawa_Filtrowa_61_glowne_wejscie_schody_na_drugie_pietro_balustrada-150x199.jpg 150w, http:\/\/lapidarium.fundacja-hereditas.pl\/wp-content\/uploads\/2024\/09\/E_Dziedziniewicz-Rapca_Warszawa_Filtrowa_61_glowne_wejscie_schody_na_drugie_pietro_balustrada-300x398.jpg 300w, http:\/\/lapidarium.fundacja-hereditas.pl\/wp-content\/uploads\/2024\/09\/E_Dziedziniewicz-Rapca_Warszawa_Filtrowa_61_glowne_wejscie_schody_na_drugie_pietro_balustrada-696x923.jpg 696w, http:\/\/lapidarium.fundacja-hereditas.pl\/wp-content\/uploads\/2024\/09\/E_Dziedziniewicz-Rapca_Warszawa_Filtrowa_61_glowne_wejscie_schody_na_drugie_pietro_balustrada-1068x1417.jpg 1068w, http:\/\/lapidarium.fundacja-hereditas.pl\/wp-content\/uploads\/2024\/09\/E_Dziedziniewicz-Rapca_Warszawa_Filtrowa_61_glowne_wejscie_schody_na_drugie_pietro_balustrada-1920x2548.jpg 1920w, http:\/\/lapidarium.fundacja-hereditas.pl\/wp-content\/uploads\/2024\/09\/E_Dziedziniewicz-Rapca_Warszawa_Filtrowa_61_glowne_wejscie_schody_na_drugie_pietro_balustrada-scaled.jpg 1929w\" sizes=\"auto, (max-width: 772px) 100vw, 772px\" \/><figcaption class=\"wp-element-caption\">Klatka g\u0142\u00f3wna od Filtrowej. Spocznik przed I-szym pi\u0119trem. Fot. Ewa Dziedziniewicz-R\u0105pca, 2023 r., \u017ar\u00f3d\u0142o: MWKZ.<\/figcaption><\/figure>\n\n\n\n<figure class=\"wp-block-image size-large\"><img loading=\"lazy\" decoding=\"async\" width=\"773\" height=\"1024\" data-id=\"27350\" src=\"http:\/\/lapidarium.fundacja-hereditas.pl\/wp-content\/uploads\/2024\/09\/E_Dziedziniewicz-Rapca_Warszawa_Filtrowa_61_glowne_wejscie_schody_na_pierwsze_pietro-773x1024.jpg\" alt=\"\" class=\"wp-image-27350\" srcset=\"http:\/\/lapidarium.fundacja-hereditas.pl\/wp-content\/uploads\/2024\/09\/E_Dziedziniewicz-Rapca_Warszawa_Filtrowa_61_glowne_wejscie_schody_na_pierwsze_pietro-773x1024.jpg 773w, http:\/\/lapidarium.fundacja-hereditas.pl\/wp-content\/uploads\/2024\/09\/E_Dziedziniewicz-Rapca_Warszawa_Filtrowa_61_glowne_wejscie_schody_na_pierwsze_pietro-226x300.jpg 226w, http:\/\/lapidarium.fundacja-hereditas.pl\/wp-content\/uploads\/2024\/09\/E_Dziedziniewicz-Rapca_Warszawa_Filtrowa_61_glowne_wejscie_schody_na_pierwsze_pietro-768x1017.jpg 768w, http:\/\/lapidarium.fundacja-hereditas.pl\/wp-content\/uploads\/2024\/09\/E_Dziedziniewicz-Rapca_Warszawa_Filtrowa_61_glowne_wejscie_schody_na_pierwsze_pietro-1160x1536.jpg 1160w, http:\/\/lapidarium.fundacja-hereditas.pl\/wp-content\/uploads\/2024\/09\/E_Dziedziniewicz-Rapca_Warszawa_Filtrowa_61_glowne_wejscie_schody_na_pierwsze_pietro-1546x2048.jpg 1546w, http:\/\/lapidarium.fundacja-hereditas.pl\/wp-content\/uploads\/2024\/09\/E_Dziedziniewicz-Rapca_Warszawa_Filtrowa_61_glowne_wejscie_schody_na_pierwsze_pietro-150x199.jpg 150w, http:\/\/lapidarium.fundacja-hereditas.pl\/wp-content\/uploads\/2024\/09\/E_Dziedziniewicz-Rapca_Warszawa_Filtrowa_61_glowne_wejscie_schody_na_pierwsze_pietro-300x397.jpg 300w, http:\/\/lapidarium.fundacja-hereditas.pl\/wp-content\/uploads\/2024\/09\/E_Dziedziniewicz-Rapca_Warszawa_Filtrowa_61_glowne_wejscie_schody_na_pierwsze_pietro-696x922.jpg 696w, http:\/\/lapidarium.fundacja-hereditas.pl\/wp-content\/uploads\/2024\/09\/E_Dziedziniewicz-Rapca_Warszawa_Filtrowa_61_glowne_wejscie_schody_na_pierwsze_pietro-1068x1415.jpg 1068w, http:\/\/lapidarium.fundacja-hereditas.pl\/wp-content\/uploads\/2024\/09\/E_Dziedziniewicz-Rapca_Warszawa_Filtrowa_61_glowne_wejscie_schody_na_pierwsze_pietro-1920x2543.jpg 1920w, http:\/\/lapidarium.fundacja-hereditas.pl\/wp-content\/uploads\/2024\/09\/E_Dziedziniewicz-Rapca_Warszawa_Filtrowa_61_glowne_wejscie_schody_na_pierwsze_pietro-scaled.jpg 1933w\" sizes=\"auto, (max-width: 773px) 100vw, 773px\" \/><figcaption class=\"wp-element-caption\">Klatka g\u0142\u00f3wna od Filtrowej. Zakr\u0119t balustrady na spoczniku przed I-szym pi\u0119trem. Fot. Ewa Dziedziniewicz-R\u0105pca, 2023 r., \u017ar\u00f3d\u0142o: MWKZ.<\/figcaption><\/figure>\n\n\n\n<figure class=\"wp-block-image size-large\"><img loading=\"lazy\" decoding=\"async\" width=\"776\" height=\"1024\" data-id=\"27351\" src=\"http:\/\/lapidarium.fundacja-hereditas.pl\/wp-content\/uploads\/2024\/09\/E_Dziedziniewicz-Rapca_Warszawa_Filtrowa_61_glowne_wejscie_schody_na_pierwsze_pietro_detal-776x1024.jpg\" alt=\"\" class=\"wp-image-27351\" srcset=\"http:\/\/lapidarium.fundacja-hereditas.pl\/wp-content\/uploads\/2024\/09\/E_Dziedziniewicz-Rapca_Warszawa_Filtrowa_61_glowne_wejscie_schody_na_pierwsze_pietro_detal-776x1024.jpg 776w, http:\/\/lapidarium.fundacja-hereditas.pl\/wp-content\/uploads\/2024\/09\/E_Dziedziniewicz-Rapca_Warszawa_Filtrowa_61_glowne_wejscie_schody_na_pierwsze_pietro_detal-227x300.jpg 227w, http:\/\/lapidarium.fundacja-hereditas.pl\/wp-content\/uploads\/2024\/09\/E_Dziedziniewicz-Rapca_Warszawa_Filtrowa_61_glowne_wejscie_schody_na_pierwsze_pietro_detal-768x1014.jpg 768w, http:\/\/lapidarium.fundacja-hereditas.pl\/wp-content\/uploads\/2024\/09\/E_Dziedziniewicz-Rapca_Warszawa_Filtrowa_61_glowne_wejscie_schody_na_pierwsze_pietro_detal-1164x1536.jpg 1164w, http:\/\/lapidarium.fundacja-hereditas.pl\/wp-content\/uploads\/2024\/09\/E_Dziedziniewicz-Rapca_Warszawa_Filtrowa_61_glowne_wejscie_schody_na_pierwsze_pietro_detal-1552x2048.jpg 1552w, http:\/\/lapidarium.fundacja-hereditas.pl\/wp-content\/uploads\/2024\/09\/E_Dziedziniewicz-Rapca_Warszawa_Filtrowa_61_glowne_wejscie_schody_na_pierwsze_pietro_detal-150x198.jpg 150w, http:\/\/lapidarium.fundacja-hereditas.pl\/wp-content\/uploads\/2024\/09\/E_Dziedziniewicz-Rapca_Warszawa_Filtrowa_61_glowne_wejscie_schody_na_pierwsze_pietro_detal-300x396.jpg 300w, http:\/\/lapidarium.fundacja-hereditas.pl\/wp-content\/uploads\/2024\/09\/E_Dziedziniewicz-Rapca_Warszawa_Filtrowa_61_glowne_wejscie_schody_na_pierwsze_pietro_detal-696x919.jpg 696w, http:\/\/lapidarium.fundacja-hereditas.pl\/wp-content\/uploads\/2024\/09\/E_Dziedziniewicz-Rapca_Warszawa_Filtrowa_61_glowne_wejscie_schody_na_pierwsze_pietro_detal-1068x1410.jpg 1068w, http:\/\/lapidarium.fundacja-hereditas.pl\/wp-content\/uploads\/2024\/09\/E_Dziedziniewicz-Rapca_Warszawa_Filtrowa_61_glowne_wejscie_schody_na_pierwsze_pietro_detal-1920x2534.jpg 1920w, http:\/\/lapidarium.fundacja-hereditas.pl\/wp-content\/uploads\/2024\/09\/E_Dziedziniewicz-Rapca_Warszawa_Filtrowa_61_glowne_wejscie_schody_na_pierwsze_pietro_detal-scaled.jpg 1940w\" sizes=\"auto, (max-width: 776px) 100vw, 776px\" \/><figcaption class=\"wp-element-caption\">Klatka g\u0142\u00f3wna od Filtrowej. Policzki schod\u00f3w. Bieg schod\u00f3w w kierunku I-go pi\u0119tra. Fot. Ewa Dziedziniewicz-R\u0105pca, 2023 r., \u017ar\u00f3d\u0142o: MWKZ.<\/figcaption><\/figure>\n\n\n\n<figure class=\"wp-block-image size-large\"><img loading=\"lazy\" decoding=\"async\" width=\"753\" height=\"1024\" data-id=\"27356\" src=\"http:\/\/lapidarium.fundacja-hereditas.pl\/wp-content\/uploads\/2024\/09\/E_Dziedziniewicz-Rapca_Warszawa_Filtrowa_61_glowne_wejscie_schody_na_pierwsze_pietro_porecze-753x1024.jpg\" alt=\"\" class=\"wp-image-27356\" srcset=\"http:\/\/lapidarium.fundacja-hereditas.pl\/wp-content\/uploads\/2024\/09\/E_Dziedziniewicz-Rapca_Warszawa_Filtrowa_61_glowne_wejscie_schody_na_pierwsze_pietro_porecze-753x1024.jpg 753w, http:\/\/lapidarium.fundacja-hereditas.pl\/wp-content\/uploads\/2024\/09\/E_Dziedziniewicz-Rapca_Warszawa_Filtrowa_61_glowne_wejscie_schody_na_pierwsze_pietro_porecze-221x300.jpg 221w, http:\/\/lapidarium.fundacja-hereditas.pl\/wp-content\/uploads\/2024\/09\/E_Dziedziniewicz-Rapca_Warszawa_Filtrowa_61_glowne_wejscie_schody_na_pierwsze_pietro_porecze-768x1045.jpg 768w, http:\/\/lapidarium.fundacja-hereditas.pl\/wp-content\/uploads\/2024\/09\/E_Dziedziniewicz-Rapca_Warszawa_Filtrowa_61_glowne_wejscie_schody_na_pierwsze_pietro_porecze-1129x1536.jpg 1129w, http:\/\/lapidarium.fundacja-hereditas.pl\/wp-content\/uploads\/2024\/09\/E_Dziedziniewicz-Rapca_Warszawa_Filtrowa_61_glowne_wejscie_schody_na_pierwsze_pietro_porecze-1505x2048.jpg 1505w, http:\/\/lapidarium.fundacja-hereditas.pl\/wp-content\/uploads\/2024\/09\/E_Dziedziniewicz-Rapca_Warszawa_Filtrowa_61_glowne_wejscie_schody_na_pierwsze_pietro_porecze-150x204.jpg 150w, http:\/\/lapidarium.fundacja-hereditas.pl\/wp-content\/uploads\/2024\/09\/E_Dziedziniewicz-Rapca_Warszawa_Filtrowa_61_glowne_wejscie_schody_na_pierwsze_pietro_porecze-300x408.jpg 300w, http:\/\/lapidarium.fundacja-hereditas.pl\/wp-content\/uploads\/2024\/09\/E_Dziedziniewicz-Rapca_Warszawa_Filtrowa_61_glowne_wejscie_schody_na_pierwsze_pietro_porecze-696x947.jpg 696w, http:\/\/lapidarium.fundacja-hereditas.pl\/wp-content\/uploads\/2024\/09\/E_Dziedziniewicz-Rapca_Warszawa_Filtrowa_61_glowne_wejscie_schody_na_pierwsze_pietro_porecze-1068x1453.jpg 1068w, http:\/\/lapidarium.fundacja-hereditas.pl\/wp-content\/uploads\/2024\/09\/E_Dziedziniewicz-Rapca_Warszawa_Filtrowa_61_glowne_wejscie_schody_na_pierwsze_pietro_porecze-1920x2612.jpg 1920w, http:\/\/lapidarium.fundacja-hereditas.pl\/wp-content\/uploads\/2024\/09\/E_Dziedziniewicz-Rapca_Warszawa_Filtrowa_61_glowne_wejscie_schody_na_pierwsze_pietro_porecze-scaled.jpg 1882w\" sizes=\"auto, (max-width: 753px) 100vw, 753px\" \/><figcaption class=\"wp-element-caption\">Klatka g\u0142\u00f3wna od Filtrowej. Widok ze spocznika na I-sze pi\u0119tro. Fot. Ewa Dziedziniewicz-R\u0105pca, 2023 r., \u017ar\u00f3d\u0142o: MWKZ.<\/figcaption><\/figure>\n\n\n\n<figure class=\"wp-block-image size-large\"><img loading=\"lazy\" decoding=\"async\" width=\"773\" height=\"1024\" data-id=\"27349\" src=\"http:\/\/lapidarium.fundacja-hereditas.pl\/wp-content\/uploads\/2024\/09\/E_Dziedziniewicz-Rapca_Warszawa_Filtrowa_61_glowne_wejscie_schody_na_drugie_pietro_detal-773x1024.jpg\" alt=\"\" class=\"wp-image-27349\" srcset=\"http:\/\/lapidarium.fundacja-hereditas.pl\/wp-content\/uploads\/2024\/09\/E_Dziedziniewicz-Rapca_Warszawa_Filtrowa_61_glowne_wejscie_schody_na_drugie_pietro_detal-773x1024.jpg 773w, http:\/\/lapidarium.fundacja-hereditas.pl\/wp-content\/uploads\/2024\/09\/E_Dziedziniewicz-Rapca_Warszawa_Filtrowa_61_glowne_wejscie_schody_na_drugie_pietro_detal-226x300.jpg 226w, http:\/\/lapidarium.fundacja-hereditas.pl\/wp-content\/uploads\/2024\/09\/E_Dziedziniewicz-Rapca_Warszawa_Filtrowa_61_glowne_wejscie_schody_na_drugie_pietro_detal-768x1017.jpg 768w, http:\/\/lapidarium.fundacja-hereditas.pl\/wp-content\/uploads\/2024\/09\/E_Dziedziniewicz-Rapca_Warszawa_Filtrowa_61_glowne_wejscie_schody_na_drugie_pietro_detal-1160x1536.jpg 1160w, http:\/\/lapidarium.fundacja-hereditas.pl\/wp-content\/uploads\/2024\/09\/E_Dziedziniewicz-Rapca_Warszawa_Filtrowa_61_glowne_wejscie_schody_na_drugie_pietro_detal-1546x2048.jpg 1546w, http:\/\/lapidarium.fundacja-hereditas.pl\/wp-content\/uploads\/2024\/09\/E_Dziedziniewicz-Rapca_Warszawa_Filtrowa_61_glowne_wejscie_schody_na_drugie_pietro_detal-150x199.jpg 150w, http:\/\/lapidarium.fundacja-hereditas.pl\/wp-content\/uploads\/2024\/09\/E_Dziedziniewicz-Rapca_Warszawa_Filtrowa_61_glowne_wejscie_schody_na_drugie_pietro_detal-300x397.jpg 300w, http:\/\/lapidarium.fundacja-hereditas.pl\/wp-content\/uploads\/2024\/09\/E_Dziedziniewicz-Rapca_Warszawa_Filtrowa_61_glowne_wejscie_schody_na_drugie_pietro_detal-696x922.jpg 696w, http:\/\/lapidarium.fundacja-hereditas.pl\/wp-content\/uploads\/2024\/09\/E_Dziedziniewicz-Rapca_Warszawa_Filtrowa_61_glowne_wejscie_schody_na_drugie_pietro_detal-1068x1415.jpg 1068w, http:\/\/lapidarium.fundacja-hereditas.pl\/wp-content\/uploads\/2024\/09\/E_Dziedziniewicz-Rapca_Warszawa_Filtrowa_61_glowne_wejscie_schody_na_drugie_pietro_detal-1920x2543.jpg 1920w, http:\/\/lapidarium.fundacja-hereditas.pl\/wp-content\/uploads\/2024\/09\/E_Dziedziniewicz-Rapca_Warszawa_Filtrowa_61_glowne_wejscie_schody_na_drugie_pietro_detal-scaled.jpg 1933w\" sizes=\"auto, (max-width: 773px) 100vw, 773px\" \/><figcaption class=\"wp-element-caption\">Klatka g\u0142\u00f3wna od Filtrowej. Schody na II-gie pi\u0119tro. Fot. Ewa Dziedziniewicz-R\u0105pca, 2023 r., \u017ar\u00f3d\u0142o: MWKZ.<\/figcaption><\/figure>\n\n\n\n<figure class=\"wp-block-image size-large\"><img loading=\"lazy\" decoding=\"async\" width=\"704\" height=\"1024\" data-id=\"27343\" src=\"http:\/\/lapidarium.fundacja-hereditas.pl\/wp-content\/uploads\/2024\/09\/E_Dziedziniewicz-Rapca_Warszawa_Filtrowa_61_glowne_wejscie_pierwsze_pietro_drzwi-704x1024.jpg\" alt=\"\" class=\"wp-image-27343\" srcset=\"http:\/\/lapidarium.fundacja-hereditas.pl\/wp-content\/uploads\/2024\/09\/E_Dziedziniewicz-Rapca_Warszawa_Filtrowa_61_glowne_wejscie_pierwsze_pietro_drzwi-704x1024.jpg 704w, http:\/\/lapidarium.fundacja-hereditas.pl\/wp-content\/uploads\/2024\/09\/E_Dziedziniewicz-Rapca_Warszawa_Filtrowa_61_glowne_wejscie_pierwsze_pietro_drzwi-206x300.jpg 206w, http:\/\/lapidarium.fundacja-hereditas.pl\/wp-content\/uploads\/2024\/09\/E_Dziedziniewicz-Rapca_Warszawa_Filtrowa_61_glowne_wejscie_pierwsze_pietro_drzwi-768x1117.jpg 768w, http:\/\/lapidarium.fundacja-hereditas.pl\/wp-content\/uploads\/2024\/09\/E_Dziedziniewicz-Rapca_Warszawa_Filtrowa_61_glowne_wejscie_pierwsze_pietro_drzwi-1056x1536.jpg 1056w, http:\/\/lapidarium.fundacja-hereditas.pl\/wp-content\/uploads\/2024\/09\/E_Dziedziniewicz-Rapca_Warszawa_Filtrowa_61_glowne_wejscie_pierwsze_pietro_drzwi-1408x2048.jpg 1408w, http:\/\/lapidarium.fundacja-hereditas.pl\/wp-content\/uploads\/2024\/09\/E_Dziedziniewicz-Rapca_Warszawa_Filtrowa_61_glowne_wejscie_pierwsze_pietro_drzwi-150x218.jpg 150w, http:\/\/lapidarium.fundacja-hereditas.pl\/wp-content\/uploads\/2024\/09\/E_Dziedziniewicz-Rapca_Warszawa_Filtrowa_61_glowne_wejscie_pierwsze_pietro_drzwi-300x436.jpg 300w, http:\/\/lapidarium.fundacja-hereditas.pl\/wp-content\/uploads\/2024\/09\/E_Dziedziniewicz-Rapca_Warszawa_Filtrowa_61_glowne_wejscie_pierwsze_pietro_drzwi-696x1013.jpg 696w, http:\/\/lapidarium.fundacja-hereditas.pl\/wp-content\/uploads\/2024\/09\/E_Dziedziniewicz-Rapca_Warszawa_Filtrowa_61_glowne_wejscie_pierwsze_pietro_drzwi-1068x1554.jpg 1068w, http:\/\/lapidarium.fundacja-hereditas.pl\/wp-content\/uploads\/2024\/09\/E_Dziedziniewicz-Rapca_Warszawa_Filtrowa_61_glowne_wejscie_pierwsze_pietro_drzwi-1920x2793.jpg 1920w, http:\/\/lapidarium.fundacja-hereditas.pl\/wp-content\/uploads\/2024\/09\/E_Dziedziniewicz-Rapca_Warszawa_Filtrowa_61_glowne_wejscie_pierwsze_pietro_drzwi-scaled.jpg 1760w\" sizes=\"auto, (max-width: 704px) 100vw, 704px\" \/><figcaption class=\"wp-element-caption\">Klatka g\u0142\u00f3wna od Filtrowej. Drzwi do mieszkania na I-szym pi\u0119trze. Fot. Ewa Dziedziniewicz-R\u0105pca, 2023 r., \u017ar\u00f3d\u0142o: MWKZ.<\/figcaption><\/figure>\n\n\n\n<figure class=\"wp-block-image size-large\"><img loading=\"lazy\" decoding=\"async\" width=\"773\" height=\"1024\" data-id=\"27353\" src=\"http:\/\/lapidarium.fundacja-hereditas.pl\/wp-content\/uploads\/2024\/09\/E_Dziedziniewicz-Rapca_Warszawa_Filtrowa_61_glowne_wejscie_schody_na_pierwsze_pietro_lokal_12_i_12A-773x1024.jpg\" alt=\"\" class=\"wp-image-27353\" srcset=\"http:\/\/lapidarium.fundacja-hereditas.pl\/wp-content\/uploads\/2024\/09\/E_Dziedziniewicz-Rapca_Warszawa_Filtrowa_61_glowne_wejscie_schody_na_pierwsze_pietro_lokal_12_i_12A-773x1024.jpg 773w, http:\/\/lapidarium.fundacja-hereditas.pl\/wp-content\/uploads\/2024\/09\/E_Dziedziniewicz-Rapca_Warszawa_Filtrowa_61_glowne_wejscie_schody_na_pierwsze_pietro_lokal_12_i_12A-226x300.jpg 226w, http:\/\/lapidarium.fundacja-hereditas.pl\/wp-content\/uploads\/2024\/09\/E_Dziedziniewicz-Rapca_Warszawa_Filtrowa_61_glowne_wejscie_schody_na_pierwsze_pietro_lokal_12_i_12A-768x1017.jpg 768w, http:\/\/lapidarium.fundacja-hereditas.pl\/wp-content\/uploads\/2024\/09\/E_Dziedziniewicz-Rapca_Warszawa_Filtrowa_61_glowne_wejscie_schody_na_pierwsze_pietro_lokal_12_i_12A-1160x1536.jpg 1160w, http:\/\/lapidarium.fundacja-hereditas.pl\/wp-content\/uploads\/2024\/09\/E_Dziedziniewicz-Rapca_Warszawa_Filtrowa_61_glowne_wejscie_schody_na_pierwsze_pietro_lokal_12_i_12A-1546x2048.jpg 1546w, http:\/\/lapidarium.fundacja-hereditas.pl\/wp-content\/uploads\/2024\/09\/E_Dziedziniewicz-Rapca_Warszawa_Filtrowa_61_glowne_wejscie_schody_na_pierwsze_pietro_lokal_12_i_12A-150x199.jpg 150w, http:\/\/lapidarium.fundacja-hereditas.pl\/wp-content\/uploads\/2024\/09\/E_Dziedziniewicz-Rapca_Warszawa_Filtrowa_61_glowne_wejscie_schody_na_pierwsze_pietro_lokal_12_i_12A-300x397.jpg 300w, http:\/\/lapidarium.fundacja-hereditas.pl\/wp-content\/uploads\/2024\/09\/E_Dziedziniewicz-Rapca_Warszawa_Filtrowa_61_glowne_wejscie_schody_na_pierwsze_pietro_lokal_12_i_12A-696x922.jpg 696w, http:\/\/lapidarium.fundacja-hereditas.pl\/wp-content\/uploads\/2024\/09\/E_Dziedziniewicz-Rapca_Warszawa_Filtrowa_61_glowne_wejscie_schody_na_pierwsze_pietro_lokal_12_i_12A-1068x1415.jpg 1068w, http:\/\/lapidarium.fundacja-hereditas.pl\/wp-content\/uploads\/2024\/09\/E_Dziedziniewicz-Rapca_Warszawa_Filtrowa_61_glowne_wejscie_schody_na_pierwsze_pietro_lokal_12_i_12A-1920x2543.jpg 1920w, http:\/\/lapidarium.fundacja-hereditas.pl\/wp-content\/uploads\/2024\/09\/E_Dziedziniewicz-Rapca_Warszawa_Filtrowa_61_glowne_wejscie_schody_na_pierwsze_pietro_lokal_12_i_12A-scaled.jpg 1933w\" sizes=\"auto, (max-width: 773px) 100vw, 773px\" \/><figcaption class=\"wp-element-caption\">Klatka g\u0142\u00f3wna od Filtrowej. Drzwi do mieszkania na I-szym pi\u0119trze. Fot. Ewa Dziedziniewicz-R\u0105pca, 2023 r., \u017ar\u00f3d\u0142o: MWKZ.<\/figcaption><\/figure>\n\n\n\n<figure class=\"wp-block-image size-large\"><img loading=\"lazy\" decoding=\"async\" width=\"1024\" height=\"819\" data-id=\"27352\" src=\"http:\/\/lapidarium.fundacja-hereditas.pl\/wp-content\/uploads\/2024\/09\/E_Dziedziniewicz-Rapca_Warszawa_Filtrowa_61_glowne_wejscie_schody_na_pierwsze_pietro_drzwi-1024x819.jpg\" alt=\"\" class=\"wp-image-27352\" srcset=\"http:\/\/lapidarium.fundacja-hereditas.pl\/wp-content\/uploads\/2024\/09\/E_Dziedziniewicz-Rapca_Warszawa_Filtrowa_61_glowne_wejscie_schody_na_pierwsze_pietro_drzwi-1024x819.jpg 1024w, http:\/\/lapidarium.fundacja-hereditas.pl\/wp-content\/uploads\/2024\/09\/E_Dziedziniewicz-Rapca_Warszawa_Filtrowa_61_glowne_wejscie_schody_na_pierwsze_pietro_drzwi-300x240.jpg 300w, http:\/\/lapidarium.fundacja-hereditas.pl\/wp-content\/uploads\/2024\/09\/E_Dziedziniewicz-Rapca_Warszawa_Filtrowa_61_glowne_wejscie_schody_na_pierwsze_pietro_drzwi-768x614.jpg 768w, http:\/\/lapidarium.fundacja-hereditas.pl\/wp-content\/uploads\/2024\/09\/E_Dziedziniewicz-Rapca_Warszawa_Filtrowa_61_glowne_wejscie_schody_na_pierwsze_pietro_drzwi-1536x1229.jpg 1536w, http:\/\/lapidarium.fundacja-hereditas.pl\/wp-content\/uploads\/2024\/09\/E_Dziedziniewicz-Rapca_Warszawa_Filtrowa_61_glowne_wejscie_schody_na_pierwsze_pietro_drzwi-2048x1639.jpg 2048w, http:\/\/lapidarium.fundacja-hereditas.pl\/wp-content\/uploads\/2024\/09\/E_Dziedziniewicz-Rapca_Warszawa_Filtrowa_61_glowne_wejscie_schody_na_pierwsze_pietro_drzwi-150x120.jpg 150w, http:\/\/lapidarium.fundacja-hereditas.pl\/wp-content\/uploads\/2024\/09\/E_Dziedziniewicz-Rapca_Warszawa_Filtrowa_61_glowne_wejscie_schody_na_pierwsze_pietro_drzwi-696x557.jpg 696w, http:\/\/lapidarium.fundacja-hereditas.pl\/wp-content\/uploads\/2024\/09\/E_Dziedziniewicz-Rapca_Warszawa_Filtrowa_61_glowne_wejscie_schody_na_pierwsze_pietro_drzwi-1068x854.jpg 1068w, http:\/\/lapidarium.fundacja-hereditas.pl\/wp-content\/uploads\/2024\/09\/E_Dziedziniewicz-Rapca_Warszawa_Filtrowa_61_glowne_wejscie_schody_na_pierwsze_pietro_drzwi-1920x1536.jpg 1920w\" sizes=\"auto, (max-width: 1024px) 100vw, 1024px\" \/><figcaption class=\"wp-element-caption\">Klatka g\u0142\u00f3wna od Filtrowej. Drzwi do mieszka\u0144 na I-szym pi\u0119trze. Fot. Ewa Dziedziniewicz-R\u0105pca, 2023 r., \u017ar\u00f3d\u0142o: MWKZ.<\/figcaption><\/figure>\n\n\n\n<figure class=\"wp-block-image size-large\"><img loading=\"lazy\" decoding=\"async\" width=\"760\" height=\"1024\" data-id=\"27344\" src=\"http:\/\/lapidarium.fundacja-hereditas.pl\/wp-content\/uploads\/2024\/09\/E_Dziedziniewicz-Rapca_Warszawa_Filtrowa_61_glowne_wejscie_pierwsze_pietro_z_gory-760x1024.jpg\" alt=\"\" class=\"wp-image-27344\" srcset=\"http:\/\/lapidarium.fundacja-hereditas.pl\/wp-content\/uploads\/2024\/09\/E_Dziedziniewicz-Rapca_Warszawa_Filtrowa_61_glowne_wejscie_pierwsze_pietro_z_gory-760x1024.jpg 760w, http:\/\/lapidarium.fundacja-hereditas.pl\/wp-content\/uploads\/2024\/09\/E_Dziedziniewicz-Rapca_Warszawa_Filtrowa_61_glowne_wejscie_pierwsze_pietro_z_gory-223x300.jpg 223w, http:\/\/lapidarium.fundacja-hereditas.pl\/wp-content\/uploads\/2024\/09\/E_Dziedziniewicz-Rapca_Warszawa_Filtrowa_61_glowne_wejscie_pierwsze_pietro_z_gory-768x1035.jpg 768w, http:\/\/lapidarium.fundacja-hereditas.pl\/wp-content\/uploads\/2024\/09\/E_Dziedziniewicz-Rapca_Warszawa_Filtrowa_61_glowne_wejscie_pierwsze_pietro_z_gory-1140x1536.jpg 1140w, http:\/\/lapidarium.fundacja-hereditas.pl\/wp-content\/uploads\/2024\/09\/E_Dziedziniewicz-Rapca_Warszawa_Filtrowa_61_glowne_wejscie_pierwsze_pietro_z_gory-1519x2048.jpg 1519w, http:\/\/lapidarium.fundacja-hereditas.pl\/wp-content\/uploads\/2024\/09\/E_Dziedziniewicz-Rapca_Warszawa_Filtrowa_61_glowne_wejscie_pierwsze_pietro_z_gory-150x202.jpg 150w, http:\/\/lapidarium.fundacja-hereditas.pl\/wp-content\/uploads\/2024\/09\/E_Dziedziniewicz-Rapca_Warszawa_Filtrowa_61_glowne_wejscie_pierwsze_pietro_z_gory-300x404.jpg 300w, http:\/\/lapidarium.fundacja-hereditas.pl\/wp-content\/uploads\/2024\/09\/E_Dziedziniewicz-Rapca_Warszawa_Filtrowa_61_glowne_wejscie_pierwsze_pietro_z_gory-696x938.jpg 696w, http:\/\/lapidarium.fundacja-hereditas.pl\/wp-content\/uploads\/2024\/09\/E_Dziedziniewicz-Rapca_Warszawa_Filtrowa_61_glowne_wejscie_pierwsze_pietro_z_gory-1068x1439.jpg 1068w, http:\/\/lapidarium.fundacja-hereditas.pl\/wp-content\/uploads\/2024\/09\/E_Dziedziniewicz-Rapca_Warszawa_Filtrowa_61_glowne_wejscie_pierwsze_pietro_z_gory-1920x2588.jpg 1920w, http:\/\/lapidarium.fundacja-hereditas.pl\/wp-content\/uploads\/2024\/09\/E_Dziedziniewicz-Rapca_Warszawa_Filtrowa_61_glowne_wejscie_pierwsze_pietro_z_gory-scaled.jpg 1899w\" sizes=\"auto, (max-width: 760px) 100vw, 760px\" \/><figcaption class=\"wp-element-caption\">Klatka g\u0142\u00f3wna od Filtrowej. Widok I-go pi\u0119tra z g\u00f3ry. Fot. Ewa Dziedziniewicz-R\u0105pca, 2023 r., \u017ar\u00f3d\u0142o: MWKZ.<\/figcaption><\/figure>\n\n\n\n<figure class=\"wp-block-image size-large\"><img loading=\"lazy\" decoding=\"async\" width=\"772\" height=\"1024\" data-id=\"27348\" src=\"http:\/\/lapidarium.fundacja-hereditas.pl\/wp-content\/uploads\/2024\/09\/E_Dziedziniewicz-Rapca_Warszawa_Filtrowa_61_glowne_wejscie_schody_na_drugie_pietro_balustrada_detal-772x1024.jpg\" alt=\"\" class=\"wp-image-27348\" srcset=\"http:\/\/lapidarium.fundacja-hereditas.pl\/wp-content\/uploads\/2024\/09\/E_Dziedziniewicz-Rapca_Warszawa_Filtrowa_61_glowne_wejscie_schody_na_drugie_pietro_balustrada_detal-772x1024.jpg 772w, http:\/\/lapidarium.fundacja-hereditas.pl\/wp-content\/uploads\/2024\/09\/E_Dziedziniewicz-Rapca_Warszawa_Filtrowa_61_glowne_wejscie_schody_na_drugie_pietro_balustrada_detal-226x300.jpg 226w, http:\/\/lapidarium.fundacja-hereditas.pl\/wp-content\/uploads\/2024\/09\/E_Dziedziniewicz-Rapca_Warszawa_Filtrowa_61_glowne_wejscie_schody_na_drugie_pietro_balustrada_detal-768x1019.jpg 768w, http:\/\/lapidarium.fundacja-hereditas.pl\/wp-content\/uploads\/2024\/09\/E_Dziedziniewicz-Rapca_Warszawa_Filtrowa_61_glowne_wejscie_schody_na_drugie_pietro_balustrada_detal-1157x1536.jpg 1157w, http:\/\/lapidarium.fundacja-hereditas.pl\/wp-content\/uploads\/2024\/09\/E_Dziedziniewicz-Rapca_Warszawa_Filtrowa_61_glowne_wejscie_schody_na_drugie_pietro_balustrada_detal-1543x2048.jpg 1543w, http:\/\/lapidarium.fundacja-hereditas.pl\/wp-content\/uploads\/2024\/09\/E_Dziedziniewicz-Rapca_Warszawa_Filtrowa_61_glowne_wejscie_schody_na_drugie_pietro_balustrada_detal-150x199.jpg 150w, http:\/\/lapidarium.fundacja-hereditas.pl\/wp-content\/uploads\/2024\/09\/E_Dziedziniewicz-Rapca_Warszawa_Filtrowa_61_glowne_wejscie_schody_na_drugie_pietro_balustrada_detal-300x398.jpg 300w, http:\/\/lapidarium.fundacja-hereditas.pl\/wp-content\/uploads\/2024\/09\/E_Dziedziniewicz-Rapca_Warszawa_Filtrowa_61_glowne_wejscie_schody_na_drugie_pietro_balustrada_detal-696x924.jpg 696w, http:\/\/lapidarium.fundacja-hereditas.pl\/wp-content\/uploads\/2024\/09\/E_Dziedziniewicz-Rapca_Warszawa_Filtrowa_61_glowne_wejscie_schody_na_drugie_pietro_balustrada_detal-1068x1417.jpg 1068w, http:\/\/lapidarium.fundacja-hereditas.pl\/wp-content\/uploads\/2024\/09\/E_Dziedziniewicz-Rapca_Warszawa_Filtrowa_61_glowne_wejscie_schody_na_drugie_pietro_balustrada_detal-1920x2548.jpg 1920w, http:\/\/lapidarium.fundacja-hereditas.pl\/wp-content\/uploads\/2024\/09\/E_Dziedziniewicz-Rapca_Warszawa_Filtrowa_61_glowne_wejscie_schody_na_drugie_pietro_balustrada_detal-scaled.jpg 1929w\" sizes=\"auto, (max-width: 772px) 100vw, 772px\" \/><figcaption class=\"wp-element-caption\">Klatka g\u0142\u00f3wna od Filtrowej. Zakr\u0119t balustrady na spoczniku przed II-gim pi\u0119trem. Fot. Ewa Dziedziniewicz-R\u0105pca, 2023 r., \u017ar\u00f3d\u0142o: MWKZ.<\/figcaption><\/figure>\n\n\n\n<figure class=\"wp-block-image size-large\"><img loading=\"lazy\" decoding=\"async\" width=\"750\" height=\"1024\" data-id=\"27332\" src=\"http:\/\/lapidarium.fundacja-hereditas.pl\/wp-content\/uploads\/2024\/09\/E_Dziedziniewicz-Rapca_Warszawa_Filtrowa_61_glowne_wejscie_drugie_pietro-750x1024.jpg\" alt=\"\" class=\"wp-image-27332\" srcset=\"http:\/\/lapidarium.fundacja-hereditas.pl\/wp-content\/uploads\/2024\/09\/E_Dziedziniewicz-Rapca_Warszawa_Filtrowa_61_glowne_wejscie_drugie_pietro-750x1024.jpg 750w, http:\/\/lapidarium.fundacja-hereditas.pl\/wp-content\/uploads\/2024\/09\/E_Dziedziniewicz-Rapca_Warszawa_Filtrowa_61_glowne_wejscie_drugie_pietro-220x300.jpg 220w, http:\/\/lapidarium.fundacja-hereditas.pl\/wp-content\/uploads\/2024\/09\/E_Dziedziniewicz-Rapca_Warszawa_Filtrowa_61_glowne_wejscie_drugie_pietro-768x1049.jpg 768w, http:\/\/lapidarium.fundacja-hereditas.pl\/wp-content\/uploads\/2024\/09\/E_Dziedziniewicz-Rapca_Warszawa_Filtrowa_61_glowne_wejscie_drugie_pietro-1125x1536.jpg 1125w, http:\/\/lapidarium.fundacja-hereditas.pl\/wp-content\/uploads\/2024\/09\/E_Dziedziniewicz-Rapca_Warszawa_Filtrowa_61_glowne_wejscie_drugie_pietro-1500x2048.jpg 1500w, http:\/\/lapidarium.fundacja-hereditas.pl\/wp-content\/uploads\/2024\/09\/E_Dziedziniewicz-Rapca_Warszawa_Filtrowa_61_glowne_wejscie_drugie_pietro-150x205.jpg 150w, http:\/\/lapidarium.fundacja-hereditas.pl\/wp-content\/uploads\/2024\/09\/E_Dziedziniewicz-Rapca_Warszawa_Filtrowa_61_glowne_wejscie_drugie_pietro-300x410.jpg 300w, http:\/\/lapidarium.fundacja-hereditas.pl\/wp-content\/uploads\/2024\/09\/E_Dziedziniewicz-Rapca_Warszawa_Filtrowa_61_glowne_wejscie_drugie_pietro-696x951.jpg 696w, http:\/\/lapidarium.fundacja-hereditas.pl\/wp-content\/uploads\/2024\/09\/E_Dziedziniewicz-Rapca_Warszawa_Filtrowa_61_glowne_wejscie_drugie_pietro-1068x1459.jpg 1068w, http:\/\/lapidarium.fundacja-hereditas.pl\/wp-content\/uploads\/2024\/09\/E_Dziedziniewicz-Rapca_Warszawa_Filtrowa_61_glowne_wejscie_drugie_pietro-1920x2622.jpg 1920w, http:\/\/lapidarium.fundacja-hereditas.pl\/wp-content\/uploads\/2024\/09\/E_Dziedziniewicz-Rapca_Warszawa_Filtrowa_61_glowne_wejscie_drugie_pietro-scaled.jpg 1874w\" sizes=\"auto, (max-width: 750px) 100vw, 750px\" \/><figcaption class=\"wp-element-caption\">Klatka g\u0142\u00f3wna od Filtrowej. Widok II-go pi\u0119tra ze spocznika. Fot. Ewa Dziedziniewicz-R\u0105pca, 2023 r., \u017ar\u00f3d\u0142o: MWKZ.<\/figcaption><\/figure>\n<\/figure>\n","protected":false},"excerpt":{"rendered":"<p>Okaza\u0142a kamienica rozplanowana na kszta\u0142cie litery \u201ec\u201d, zosta\u0142a wzniesiona ok. 1925 r., pod\u0142ug projektu Antoniego Dygata (1886-1949 r.) na terenie tzw. \u201eKolonii Lubeckiego\u201d. Obszar tego ogromnego obecnie osiedla wpisany jest w ca\u0142o\u015bci jako uk\u0142ad urbanistyczny, do rejestru zabytk\u00f3w (n-er: 1535-A z 20.12.1993), ponadto wiele ze znajduj\u0105cych si\u0119 na nim obiekt\u00f3w znajduje si\u0119 w gminnej ewidencji [&hellip;]<\/p>\n","protected":false},"author":6,"featured_media":27364,"comment_status":"open","ping_status":"open","sticky":false,"template":"","format":"standard","meta":{"footnotes":""},"categories":[218,4],"tags":[],"class_list":{"0":"post-21509","1":"post","2":"type-post","3":"status-publish","4":"format-standard","5":"has-post-thumbnail","7":"category-filtrowa","8":"category-warszawa"},"_links":{"self":[{"href":"http:\/\/lapidarium.fundacja-hereditas.pl\/index.php\/wp-json\/wp\/v2\/posts\/21509","targetHints":{"allow":["GET"]}}],"collection":[{"href":"http:\/\/lapidarium.fundacja-hereditas.pl\/index.php\/wp-json\/wp\/v2\/posts"}],"about":[{"href":"http:\/\/lapidarium.fundacja-hereditas.pl\/index.php\/wp-json\/wp\/v2\/types\/post"}],"author":[{"embeddable":true,"href":"http:\/\/lapidarium.fundacja-hereditas.pl\/index.php\/wp-json\/wp\/v2\/users\/6"}],"replies":[{"embeddable":true,"href":"http:\/\/lapidarium.fundacja-hereditas.pl\/index.php\/wp-json\/wp\/v2\/comments?post=21509"}],"version-history":[{"count":8,"href":"http:\/\/lapidarium.fundacja-hereditas.pl\/index.php\/wp-json\/wp\/v2\/posts\/21509\/revisions"}],"predecessor-version":[{"id":27394,"href":"http:\/\/lapidarium.fundacja-hereditas.pl\/index.php\/wp-json\/wp\/v2\/posts\/21509\/revisions\/27394"}],"wp:featuredmedia":[{"embeddable":true,"href":"http:\/\/lapidarium.fundacja-hereditas.pl\/index.php\/wp-json\/wp\/v2\/media\/27364"}],"wp:attachment":[{"href":"http:\/\/lapidarium.fundacja-hereditas.pl\/index.php\/wp-json\/wp\/v2\/media?parent=21509"}],"wp:term":[{"taxonomy":"category","embeddable":true,"href":"http:\/\/lapidarium.fundacja-hereditas.pl\/index.php\/wp-json\/wp\/v2\/categories?post=21509"},{"taxonomy":"post_tag","embeddable":true,"href":"http:\/\/lapidarium.fundacja-hereditas.pl\/index.php\/wp-json\/wp\/v2\/tags?post=21509"}],"curies":[{"name":"wp","href":"https:\/\/api.w.org\/{rel}","templated":true}]}}