{"id":21282,"date":"2024-01-15T04:42:35","date_gmt":"2024-01-15T03:42:35","guid":{"rendered":"http:\/\/lapidarium.fundacja-hereditas.pl\/?p=21282"},"modified":"2024-09-19T14:00:20","modified_gmt":"2024-09-19T12:00:20","slug":"kamienica-ul-filtrowa-81-warszawa","status":"publish","type":"post","link":"http:\/\/lapidarium.fundacja-hereditas.pl\/index.php\/2024\/01\/15\/kamienica-ul-filtrowa-81-warszawa\/","title":{"rendered":"Kamienica ul. Filtrowa 81, Warszawa"},"content":{"rendered":"\n<p>Ogromna tr\u00f3jskrzyd\u0142owa i czteropi\u0119trowa kamienica o kubaturze dor\u00f3wnuj\u0105cej trzem \u015bredniej wielko\u015bci obiektom. Gmach powsta\u0142 dla Wsp\u00f3lnoty Mieszkaniowej Urz\u0119dnik\u00f3w Ministerstwa Przemys\u0142u i Handlu, oko\u0142o 1925 r. a projektantem by\u0142 architekt W\u0142adys\u0142aw Na\u0142\u0119cz-Raczy\u0144ski. Obiekt domyka od wschodu kwarta\u0142 otoczony kamienicami o podobnych gabarytach i wsp\u00f3lnym zielonym podw\u00f3rzu. Kwarta\u0142 \u00f3w wyznaczaj\u0105 ulice: Filtrowa, Mochnackiego, Supi\u0144skiego i Akademicka, kt\u00f3ra stanowi po\u0142udniowo-wschodni\u0105 granic\u0119 placu Naruszewicza. Mimo, i\u017c budynek ma adres od ul. Filtrowej do g\u0142\u00f3wna okaza\u0142a pi\u0119tnastoosiowa elewacja zosta\u0142a zaprojektowana od bocznej uliczki Mochnackiego. Aby uatrakcyjni\u0107 jej wygl\u0105d zastosowano szereg rozwi\u0105za\u0144 prze\u0142amuj\u0105cych monotonno\u015b\u0107 tak rozleg\u0142ej powierzchni. Pojawiaj\u0105 si\u0119 tu zatem lizeny, dwudzia\u0142owe balkony, czy kilkukondygnacyjne wykusze. Elementem najbardziej charakterystycznym, wyr\u00f3\u017cniaj\u0105cym ten gmach na tle okolicznej zabudowy s\u0105 niew\u0105tpliwie cylindryczne wykusze naro\u017cne, na planie \u00be ko\u0142a, przywodz\u0105ce na my\u015bl \u015bredniowieczne baszty obronnej twierdzy. Tylko elewacja od filtrowej znajduje si\u0119 w bezpo\u015brednim s\u0105siedztwie chodnika. Elewacje: wschodnia i po\u0142udniowa, zosta\u0142y nieco cofni\u0119te wzgl\u0119dem przylegaj\u0105cych do nich ulic i odgrodzone p\u0142otkiem, za kt\u00f3rym wydzielono przestrze\u0144 przeznaczon\u0105 na ziele\u0144. Zabieg \u00f3w, stosowany wcale nie tak rzadko w dwudziestoleciu mi\u0119dzywojennym, znacznie podnosi\u0142 zar\u00f3wno standard, jak i komfort mieszka\u0144 parteru. W czasie ostatniej wojny obiekt mia\u0142 uszkodzon\u0105 jedynie g\u00f3rn\u0105 kondygnacj\u0119, t\u0119 zawieraj\u0105c\u0105 po cz\u0119\u015bci mieszkania pod wynajem znajduj\u0105ce si\u0119 w mansardzie i strychy. Do naszych czas\u00f3w dotrwa\u0142 zatem w stanie niemal\u017ce oryginalnym.<\/p>\n\n\n\n<p>::: Sfinansowano ze \u015brodk\u00f3w Mazowieckiego Wojew\u00f3dzkiego Konserwatora Zabytk\u00f3w.<\/p>\n\n\n\n<figure class=\"wp-block-gallery has-nested-images columns-default is-cropped wp-block-gallery-1 is-layout-flex wp-block-gallery-is-layout-flex\">\n<figure class=\"wp-block-image size-large\"><a href=\"http:\/\/lapidarium.fundacja-hereditas.pl\/wp-content\/uploads\/2024\/09\/E_Dziedziniewicz-Rapca_Warszawa_Filtrowa_81_naroznik_od_Filtrowej-scaled.jpg\"><img loading=\"lazy\" decoding=\"async\" width=\"1024\" height=\"763\" data-id=\"27079\" src=\"http:\/\/lapidarium.fundacja-hereditas.pl\/wp-content\/uploads\/2024\/09\/E_Dziedziniewicz-Rapca_Warszawa_Filtrowa_81_naroznik_od_Filtrowej-1024x763.jpg\" alt=\"\" class=\"wp-image-27079\" srcset=\"http:\/\/lapidarium.fundacja-hereditas.pl\/wp-content\/uploads\/2024\/09\/E_Dziedziniewicz-Rapca_Warszawa_Filtrowa_81_naroznik_od_Filtrowej-1024x763.jpg 1024w, http:\/\/lapidarium.fundacja-hereditas.pl\/wp-content\/uploads\/2024\/09\/E_Dziedziniewicz-Rapca_Warszawa_Filtrowa_81_naroznik_od_Filtrowej-300x223.jpg 300w, http:\/\/lapidarium.fundacja-hereditas.pl\/wp-content\/uploads\/2024\/09\/E_Dziedziniewicz-Rapca_Warszawa_Filtrowa_81_naroznik_od_Filtrowej-768x572.jpg 768w, http:\/\/lapidarium.fundacja-hereditas.pl\/wp-content\/uploads\/2024\/09\/E_Dziedziniewicz-Rapca_Warszawa_Filtrowa_81_naroznik_od_Filtrowej-1536x1144.jpg 1536w, http:\/\/lapidarium.fundacja-hereditas.pl\/wp-content\/uploads\/2024\/09\/E_Dziedziniewicz-Rapca_Warszawa_Filtrowa_81_naroznik_od_Filtrowej-2048x1525.jpg 2048w, http:\/\/lapidarium.fundacja-hereditas.pl\/wp-content\/uploads\/2024\/09\/E_Dziedziniewicz-Rapca_Warszawa_Filtrowa_81_naroznik_od_Filtrowej-150x112.jpg 150w, http:\/\/lapidarium.fundacja-hereditas.pl\/wp-content\/uploads\/2024\/09\/E_Dziedziniewicz-Rapca_Warszawa_Filtrowa_81_naroznik_od_Filtrowej-485x360.jpg 485w, http:\/\/lapidarium.fundacja-hereditas.pl\/wp-content\/uploads\/2024\/09\/E_Dziedziniewicz-Rapca_Warszawa_Filtrowa_81_naroznik_od_Filtrowej-696x518.jpg 696w, http:\/\/lapidarium.fundacja-hereditas.pl\/wp-content\/uploads\/2024\/09\/E_Dziedziniewicz-Rapca_Warszawa_Filtrowa_81_naroznik_od_Filtrowej-1068x795.jpg 1068w, http:\/\/lapidarium.fundacja-hereditas.pl\/wp-content\/uploads\/2024\/09\/E_Dziedziniewicz-Rapca_Warszawa_Filtrowa_81_naroznik_od_Filtrowej-1920x1430.jpg 1920w\" sizes=\"auto, (max-width: 1024px) 100vw, 1024px\" \/><\/a><figcaption class=\"wp-element-caption\">Widok naro\u017cnika od strony skrzy\u017cowania ulic: Filtrowej i Mochnackiego. Fot. Ewa Dziedziniewicz-R\u0105pca, 2023 r., \u017ar\u00f3d\u0142o: MWKZ.<\/figcaption><\/figure>\n\n\n\n<figure class=\"wp-block-image size-large\"><a href=\"http:\/\/lapidarium.fundacja-hereditas.pl\/wp-content\/uploads\/2024\/09\/E_Dziedziniewicz-Rapca_Warszawa_Filtrowa_81_naroznik_od_Filtrowej_caly-scaled.jpg\"><img loading=\"lazy\" decoding=\"async\" width=\"1024\" height=\"823\" data-id=\"27080\" src=\"http:\/\/lapidarium.fundacja-hereditas.pl\/wp-content\/uploads\/2024\/09\/E_Dziedziniewicz-Rapca_Warszawa_Filtrowa_81_naroznik_od_Filtrowej_caly-1024x823.jpg\" alt=\"\" class=\"wp-image-27080\" srcset=\"http:\/\/lapidarium.fundacja-hereditas.pl\/wp-content\/uploads\/2024\/09\/E_Dziedziniewicz-Rapca_Warszawa_Filtrowa_81_naroznik_od_Filtrowej_caly-1024x823.jpg 1024w, http:\/\/lapidarium.fundacja-hereditas.pl\/wp-content\/uploads\/2024\/09\/E_Dziedziniewicz-Rapca_Warszawa_Filtrowa_81_naroznik_od_Filtrowej_caly-300x241.jpg 300w, http:\/\/lapidarium.fundacja-hereditas.pl\/wp-content\/uploads\/2024\/09\/E_Dziedziniewicz-Rapca_Warszawa_Filtrowa_81_naroznik_od_Filtrowej_caly-768x618.jpg 768w, http:\/\/lapidarium.fundacja-hereditas.pl\/wp-content\/uploads\/2024\/09\/E_Dziedziniewicz-Rapca_Warszawa_Filtrowa_81_naroznik_od_Filtrowej_caly-1536x1235.jpg 1536w, http:\/\/lapidarium.fundacja-hereditas.pl\/wp-content\/uploads\/2024\/09\/E_Dziedziniewicz-Rapca_Warszawa_Filtrowa_81_naroznik_od_Filtrowej_caly-2048x1647.jpg 2048w, http:\/\/lapidarium.fundacja-hereditas.pl\/wp-content\/uploads\/2024\/09\/E_Dziedziniewicz-Rapca_Warszawa_Filtrowa_81_naroznik_od_Filtrowej_caly-150x121.jpg 150w, http:\/\/lapidarium.fundacja-hereditas.pl\/wp-content\/uploads\/2024\/09\/E_Dziedziniewicz-Rapca_Warszawa_Filtrowa_81_naroznik_od_Filtrowej_caly-696x560.jpg 696w, http:\/\/lapidarium.fundacja-hereditas.pl\/wp-content\/uploads\/2024\/09\/E_Dziedziniewicz-Rapca_Warszawa_Filtrowa_81_naroznik_od_Filtrowej_caly-1068x859.jpg 1068w, http:\/\/lapidarium.fundacja-hereditas.pl\/wp-content\/uploads\/2024\/09\/E_Dziedziniewicz-Rapca_Warszawa_Filtrowa_81_naroznik_od_Filtrowej_caly-1920x1544.jpg 1920w\" sizes=\"auto, (max-width: 1024px) 100vw, 1024px\" \/><\/a><figcaption class=\"wp-element-caption\">Widok naro\u017cnika od strony skrzy\u017cowania ulic: Filtrowej i Mochnackiego. Fot. Ewa Dziedziniewicz-R\u0105pca, 2023 r., \u017ar\u00f3d\u0142o: MWKZ.<\/figcaption><\/figure>\n\n\n\n<figure class=\"wp-block-image size-large\"><a href=\"http:\/\/lapidarium.fundacja-hereditas.pl\/wp-content\/uploads\/2024\/09\/E_Dziedziniewicz-Rapca_Warszawa_Filtrowa_81_elewacja_od_Filtrowej_prawa_strona-scaled.jpg\"><img loading=\"lazy\" decoding=\"async\" width=\"1024\" height=\"746\" data-id=\"27077\" src=\"http:\/\/lapidarium.fundacja-hereditas.pl\/wp-content\/uploads\/2024\/09\/E_Dziedziniewicz-Rapca_Warszawa_Filtrowa_81_elewacja_od_Filtrowej_prawa_strona-1024x746.jpg\" alt=\"\" class=\"wp-image-27077\" srcset=\"http:\/\/lapidarium.fundacja-hereditas.pl\/wp-content\/uploads\/2024\/09\/E_Dziedziniewicz-Rapca_Warszawa_Filtrowa_81_elewacja_od_Filtrowej_prawa_strona-1024x746.jpg 1024w, http:\/\/lapidarium.fundacja-hereditas.pl\/wp-content\/uploads\/2024\/09\/E_Dziedziniewicz-Rapca_Warszawa_Filtrowa_81_elewacja_od_Filtrowej_prawa_strona-300x219.jpg 300w, http:\/\/lapidarium.fundacja-hereditas.pl\/wp-content\/uploads\/2024\/09\/E_Dziedziniewicz-Rapca_Warszawa_Filtrowa_81_elewacja_od_Filtrowej_prawa_strona-768x560.jpg 768w, http:\/\/lapidarium.fundacja-hereditas.pl\/wp-content\/uploads\/2024\/09\/E_Dziedziniewicz-Rapca_Warszawa_Filtrowa_81_elewacja_od_Filtrowej_prawa_strona-1536x1119.jpg 1536w, http:\/\/lapidarium.fundacja-hereditas.pl\/wp-content\/uploads\/2024\/09\/E_Dziedziniewicz-Rapca_Warszawa_Filtrowa_81_elewacja_od_Filtrowej_prawa_strona-2048x1492.jpg 2048w, http:\/\/lapidarium.fundacja-hereditas.pl\/wp-content\/uploads\/2024\/09\/E_Dziedziniewicz-Rapca_Warszawa_Filtrowa_81_elewacja_od_Filtrowej_prawa_strona-150x109.jpg 150w, http:\/\/lapidarium.fundacja-hereditas.pl\/wp-content\/uploads\/2024\/09\/E_Dziedziniewicz-Rapca_Warszawa_Filtrowa_81_elewacja_od_Filtrowej_prawa_strona-696x507.jpg 696w, http:\/\/lapidarium.fundacja-hereditas.pl\/wp-content\/uploads\/2024\/09\/E_Dziedziniewicz-Rapca_Warszawa_Filtrowa_81_elewacja_od_Filtrowej_prawa_strona-1068x778.jpg 1068w, http:\/\/lapidarium.fundacja-hereditas.pl\/wp-content\/uploads\/2024\/09\/E_Dziedziniewicz-Rapca_Warszawa_Filtrowa_81_elewacja_od_Filtrowej_prawa_strona-1920x1399.jpg 1920w\" sizes=\"auto, (max-width: 1024px) 100vw, 1024px\" \/><\/a><figcaption class=\"wp-element-caption\">Elewacja od strony ul. Filtrowej. Cze\u015b\u0107 zachodnia. Fot. Ewa Dziedziniewicz-R\u0105pca, 2023 r., \u017ar\u00f3d\u0142o: MWKZ.<\/figcaption><\/figure>\n\n\n\n<figure class=\"wp-block-image size-large\"><a href=\"http:\/\/lapidarium.fundacja-hereditas.pl\/wp-content\/uploads\/2024\/09\/E_Dziedziniewicz-Rapca_Warszawa_Filtrowa_81_elewacja_od_Filtrowej_strona_lewa-scaled.jpg\"><img loading=\"lazy\" decoding=\"async\" width=\"1024\" height=\"766\" data-id=\"27078\" src=\"http:\/\/lapidarium.fundacja-hereditas.pl\/wp-content\/uploads\/2024\/09\/E_Dziedziniewicz-Rapca_Warszawa_Filtrowa_81_elewacja_od_Filtrowej_strona_lewa-1024x766.jpg\" alt=\"\" class=\"wp-image-27078\" srcset=\"http:\/\/lapidarium.fundacja-hereditas.pl\/wp-content\/uploads\/2024\/09\/E_Dziedziniewicz-Rapca_Warszawa_Filtrowa_81_elewacja_od_Filtrowej_strona_lewa-1024x766.jpg 1024w, http:\/\/lapidarium.fundacja-hereditas.pl\/wp-content\/uploads\/2024\/09\/E_Dziedziniewicz-Rapca_Warszawa_Filtrowa_81_elewacja_od_Filtrowej_strona_lewa-300x224.jpg 300w, http:\/\/lapidarium.fundacja-hereditas.pl\/wp-content\/uploads\/2024\/09\/E_Dziedziniewicz-Rapca_Warszawa_Filtrowa_81_elewacja_od_Filtrowej_strona_lewa-768x575.jpg 768w, http:\/\/lapidarium.fundacja-hereditas.pl\/wp-content\/uploads\/2024\/09\/E_Dziedziniewicz-Rapca_Warszawa_Filtrowa_81_elewacja_od_Filtrowej_strona_lewa-1536x1149.jpg 1536w, http:\/\/lapidarium.fundacja-hereditas.pl\/wp-content\/uploads\/2024\/09\/E_Dziedziniewicz-Rapca_Warszawa_Filtrowa_81_elewacja_od_Filtrowej_strona_lewa-2048x1532.jpg 2048w, http:\/\/lapidarium.fundacja-hereditas.pl\/wp-content\/uploads\/2024\/09\/E_Dziedziniewicz-Rapca_Warszawa_Filtrowa_81_elewacja_od_Filtrowej_strona_lewa-150x112.jpg 150w, http:\/\/lapidarium.fundacja-hereditas.pl\/wp-content\/uploads\/2024\/09\/E_Dziedziniewicz-Rapca_Warszawa_Filtrowa_81_elewacja_od_Filtrowej_strona_lewa-696x521.jpg 696w, http:\/\/lapidarium.fundacja-hereditas.pl\/wp-content\/uploads\/2024\/09\/E_Dziedziniewicz-Rapca_Warszawa_Filtrowa_81_elewacja_od_Filtrowej_strona_lewa-1068x799.jpg 1068w, http:\/\/lapidarium.fundacja-hereditas.pl\/wp-content\/uploads\/2024\/09\/E_Dziedziniewicz-Rapca_Warszawa_Filtrowa_81_elewacja_od_Filtrowej_strona_lewa-1920x1436.jpg 1920w\" sizes=\"auto, (max-width: 1024px) 100vw, 1024px\" \/><\/a><figcaption class=\"wp-element-caption\">Elewacja od strony ul. Filtrowej. Balkony bli\u017aniacze. Fot. Ewa Dziedziniewicz-R\u0105pca, 2023 r., \u017ar\u00f3d\u0142o: MWKZ.<\/figcaption><\/figure>\n\n\n\n<figure class=\"wp-block-image size-large\"><a href=\"http:\/\/lapidarium.fundacja-hereditas.pl\/wp-content\/uploads\/2024\/09\/E_Dziedziniewicz-Rapca_Warszawa_Filtrowa_81_elewacja_od_Filtrowej_balkony-scaled.jpg\"><img loading=\"lazy\" decoding=\"async\" width=\"751\" height=\"1024\" data-id=\"27076\" src=\"http:\/\/lapidarium.fundacja-hereditas.pl\/wp-content\/uploads\/2024\/09\/E_Dziedziniewicz-Rapca_Warszawa_Filtrowa_81_elewacja_od_Filtrowej_balkony-751x1024.jpg\" alt=\"\" class=\"wp-image-27076\" srcset=\"http:\/\/lapidarium.fundacja-hereditas.pl\/wp-content\/uploads\/2024\/09\/E_Dziedziniewicz-Rapca_Warszawa_Filtrowa_81_elewacja_od_Filtrowej_balkony-751x1024.jpg 751w, http:\/\/lapidarium.fundacja-hereditas.pl\/wp-content\/uploads\/2024\/09\/E_Dziedziniewicz-Rapca_Warszawa_Filtrowa_81_elewacja_od_Filtrowej_balkony-220x300.jpg 220w, http:\/\/lapidarium.fundacja-hereditas.pl\/wp-content\/uploads\/2024\/09\/E_Dziedziniewicz-Rapca_Warszawa_Filtrowa_81_elewacja_od_Filtrowej_balkony-768x1048.jpg 768w, http:\/\/lapidarium.fundacja-hereditas.pl\/wp-content\/uploads\/2024\/09\/E_Dziedziniewicz-Rapca_Warszawa_Filtrowa_81_elewacja_od_Filtrowej_balkony-1126x1536.jpg 1126w, http:\/\/lapidarium.fundacja-hereditas.pl\/wp-content\/uploads\/2024\/09\/E_Dziedziniewicz-Rapca_Warszawa_Filtrowa_81_elewacja_od_Filtrowej_balkony-1501x2048.jpg 1501w, http:\/\/lapidarium.fundacja-hereditas.pl\/wp-content\/uploads\/2024\/09\/E_Dziedziniewicz-Rapca_Warszawa_Filtrowa_81_elewacja_od_Filtrowej_balkony-150x205.jpg 150w, http:\/\/lapidarium.fundacja-hereditas.pl\/wp-content\/uploads\/2024\/09\/E_Dziedziniewicz-Rapca_Warszawa_Filtrowa_81_elewacja_od_Filtrowej_balkony-300x409.jpg 300w, http:\/\/lapidarium.fundacja-hereditas.pl\/wp-content\/uploads\/2024\/09\/E_Dziedziniewicz-Rapca_Warszawa_Filtrowa_81_elewacja_od_Filtrowej_balkony-696x949.jpg 696w, http:\/\/lapidarium.fundacja-hereditas.pl\/wp-content\/uploads\/2024\/09\/E_Dziedziniewicz-Rapca_Warszawa_Filtrowa_81_elewacja_od_Filtrowej_balkony-1068x1457.jpg 1068w, http:\/\/lapidarium.fundacja-hereditas.pl\/wp-content\/uploads\/2024\/09\/E_Dziedziniewicz-Rapca_Warszawa_Filtrowa_81_elewacja_od_Filtrowej_balkony-1920x2619.jpg 1920w, http:\/\/lapidarium.fundacja-hereditas.pl\/wp-content\/uploads\/2024\/09\/E_Dziedziniewicz-Rapca_Warszawa_Filtrowa_81_elewacja_od_Filtrowej_balkony-scaled.jpg 1877w\" sizes=\"auto, (max-width: 751px) 100vw, 751px\" \/><\/a><figcaption class=\"wp-element-caption\">Elewacja od strony ul. Filtrowej. Cze\u015b\u0107 wschodnia. Fot. Ewa Dziedziniewicz-R\u0105pca, 2023 r., \u017ar\u00f3d\u0142o: MWKZ.<\/figcaption><\/figure>\n\n\n\n<figure class=\"wp-block-image size-large\"><a href=\"http:\/\/lapidarium.fundacja-hereditas.pl\/wp-content\/uploads\/2024\/09\/E_Dziedziniewicz-Rapca_Warszawa_Filtrowa_81_glowna_brama_od_Filtrowej_ukosem-scaled.jpg\"><img loading=\"lazy\" decoding=\"async\" width=\"799\" height=\"1024\" data-id=\"27070\" src=\"http:\/\/lapidarium.fundacja-hereditas.pl\/wp-content\/uploads\/2024\/09\/E_Dziedziniewicz-Rapca_Warszawa_Filtrowa_81_glowna_brama_od_Filtrowej_ukosem-799x1024.jpg\" alt=\"\" class=\"wp-image-27070\" srcset=\"http:\/\/lapidarium.fundacja-hereditas.pl\/wp-content\/uploads\/2024\/09\/E_Dziedziniewicz-Rapca_Warszawa_Filtrowa_81_glowna_brama_od_Filtrowej_ukosem-799x1024.jpg 799w, http:\/\/lapidarium.fundacja-hereditas.pl\/wp-content\/uploads\/2024\/09\/E_Dziedziniewicz-Rapca_Warszawa_Filtrowa_81_glowna_brama_od_Filtrowej_ukosem-234x300.jpg 234w, http:\/\/lapidarium.fundacja-hereditas.pl\/wp-content\/uploads\/2024\/09\/E_Dziedziniewicz-Rapca_Warszawa_Filtrowa_81_glowna_brama_od_Filtrowej_ukosem-768x985.jpg 768w, http:\/\/lapidarium.fundacja-hereditas.pl\/wp-content\/uploads\/2024\/09\/E_Dziedziniewicz-Rapca_Warszawa_Filtrowa_81_glowna_brama_od_Filtrowej_ukosem-1198x1536.jpg 1198w, http:\/\/lapidarium.fundacja-hereditas.pl\/wp-content\/uploads\/2024\/09\/E_Dziedziniewicz-Rapca_Warszawa_Filtrowa_81_glowna_brama_od_Filtrowej_ukosem-1597x2048.jpg 1597w, http:\/\/lapidarium.fundacja-hereditas.pl\/wp-content\/uploads\/2024\/09\/E_Dziedziniewicz-Rapca_Warszawa_Filtrowa_81_glowna_brama_od_Filtrowej_ukosem-150x192.jpg 150w, http:\/\/lapidarium.fundacja-hereditas.pl\/wp-content\/uploads\/2024\/09\/E_Dziedziniewicz-Rapca_Warszawa_Filtrowa_81_glowna_brama_od_Filtrowej_ukosem-300x385.jpg 300w, http:\/\/lapidarium.fundacja-hereditas.pl\/wp-content\/uploads\/2024\/09\/E_Dziedziniewicz-Rapca_Warszawa_Filtrowa_81_glowna_brama_od_Filtrowej_ukosem-696x892.jpg 696w, http:\/\/lapidarium.fundacja-hereditas.pl\/wp-content\/uploads\/2024\/09\/E_Dziedziniewicz-Rapca_Warszawa_Filtrowa_81_glowna_brama_od_Filtrowej_ukosem-1068x1369.jpg 1068w, http:\/\/lapidarium.fundacja-hereditas.pl\/wp-content\/uploads\/2024\/09\/E_Dziedziniewicz-Rapca_Warszawa_Filtrowa_81_glowna_brama_od_Filtrowej_ukosem-1920x2462.jpg 1920w, http:\/\/lapidarium.fundacja-hereditas.pl\/wp-content\/uploads\/2024\/09\/E_Dziedziniewicz-Rapca_Warszawa_Filtrowa_81_glowna_brama_od_Filtrowej_ukosem-scaled.jpg 1997w\" sizes=\"auto, (max-width: 799px) 100vw, 799px\" \/><\/a><figcaption class=\"wp-element-caption\">Przejazd bramny od ul. Filtrowej. Widok od ulicy. Fot. Ewa Dziedziniewicz-R\u0105pca, 2023 r., \u017ar\u00f3d\u0142o: MWKZ.<\/figcaption><\/figure>\n\n\n\n<figure class=\"wp-block-image size-large\"><a href=\"http:\/\/lapidarium.fundacja-hereditas.pl\/wp-content\/uploads\/2024\/09\/E_Dziedziniewicz-Rapca_Warszawa_Filtrowa_81_glowna_brama_od_Filtrowej_wprost-scaled.jpg\"><img loading=\"lazy\" decoding=\"async\" width=\"823\" height=\"1024\" data-id=\"27071\" src=\"http:\/\/lapidarium.fundacja-hereditas.pl\/wp-content\/uploads\/2024\/09\/E_Dziedziniewicz-Rapca_Warszawa_Filtrowa_81_glowna_brama_od_Filtrowej_wprost-823x1024.jpg\" alt=\"\" class=\"wp-image-27071\" srcset=\"http:\/\/lapidarium.fundacja-hereditas.pl\/wp-content\/uploads\/2024\/09\/E_Dziedziniewicz-Rapca_Warszawa_Filtrowa_81_glowna_brama_od_Filtrowej_wprost-823x1024.jpg 823w, http:\/\/lapidarium.fundacja-hereditas.pl\/wp-content\/uploads\/2024\/09\/E_Dziedziniewicz-Rapca_Warszawa_Filtrowa_81_glowna_brama_od_Filtrowej_wprost-241x300.jpg 241w, http:\/\/lapidarium.fundacja-hereditas.pl\/wp-content\/uploads\/2024\/09\/E_Dziedziniewicz-Rapca_Warszawa_Filtrowa_81_glowna_brama_od_Filtrowej_wprost-768x955.jpg 768w, http:\/\/lapidarium.fundacja-hereditas.pl\/wp-content\/uploads\/2024\/09\/E_Dziedziniewicz-Rapca_Warszawa_Filtrowa_81_glowna_brama_od_Filtrowej_wprost-1235x1536.jpg 1235w, http:\/\/lapidarium.fundacja-hereditas.pl\/wp-content\/uploads\/2024\/09\/E_Dziedziniewicz-Rapca_Warszawa_Filtrowa_81_glowna_brama_od_Filtrowej_wprost-1646x2048.jpg 1646w, http:\/\/lapidarium.fundacja-hereditas.pl\/wp-content\/uploads\/2024\/09\/E_Dziedziniewicz-Rapca_Warszawa_Filtrowa_81_glowna_brama_od_Filtrowej_wprost-150x187.jpg 150w, http:\/\/lapidarium.fundacja-hereditas.pl\/wp-content\/uploads\/2024\/09\/E_Dziedziniewicz-Rapca_Warszawa_Filtrowa_81_glowna_brama_od_Filtrowej_wprost-300x373.jpg 300w, http:\/\/lapidarium.fundacja-hereditas.pl\/wp-content\/uploads\/2024\/09\/E_Dziedziniewicz-Rapca_Warszawa_Filtrowa_81_glowna_brama_od_Filtrowej_wprost-696x866.jpg 696w, http:\/\/lapidarium.fundacja-hereditas.pl\/wp-content\/uploads\/2024\/09\/E_Dziedziniewicz-Rapca_Warszawa_Filtrowa_81_glowna_brama_od_Filtrowej_wprost-1068x1328.jpg 1068w, http:\/\/lapidarium.fundacja-hereditas.pl\/wp-content\/uploads\/2024\/09\/E_Dziedziniewicz-Rapca_Warszawa_Filtrowa_81_glowna_brama_od_Filtrowej_wprost-1920x2388.jpg 1920w\" sizes=\"auto, (max-width: 823px) 100vw, 823px\" \/><\/a><figcaption class=\"wp-element-caption\">Przejazd bramny od ul. Filtrowej. Widok od ulicy. Fot. Ewa Dziedziniewicz-R\u0105pca, 2023 r., \u017ar\u00f3d\u0142o: MWKZ.<\/figcaption><\/figure>\n\n\n\n<figure class=\"wp-block-image size-large\"><a href=\"http:\/\/lapidarium.fundacja-hereditas.pl\/wp-content\/uploads\/2024\/09\/E_Dziedziniewicz-Rapca_Warszawa_Filtrowa_81_glowna_brama_od_Filtrowej_skos-scaled.jpg\"><img loading=\"lazy\" decoding=\"async\" width=\"807\" height=\"1024\" data-id=\"27068\" src=\"http:\/\/lapidarium.fundacja-hereditas.pl\/wp-content\/uploads\/2024\/09\/E_Dziedziniewicz-Rapca_Warszawa_Filtrowa_81_glowna_brama_od_Filtrowej_skos-807x1024.jpg\" alt=\"\" class=\"wp-image-27068\" srcset=\"http:\/\/lapidarium.fundacja-hereditas.pl\/wp-content\/uploads\/2024\/09\/E_Dziedziniewicz-Rapca_Warszawa_Filtrowa_81_glowna_brama_od_Filtrowej_skos-807x1024.jpg 807w, http:\/\/lapidarium.fundacja-hereditas.pl\/wp-content\/uploads\/2024\/09\/E_Dziedziniewicz-Rapca_Warszawa_Filtrowa_81_glowna_brama_od_Filtrowej_skos-236x300.jpg 236w, http:\/\/lapidarium.fundacja-hereditas.pl\/wp-content\/uploads\/2024\/09\/E_Dziedziniewicz-Rapca_Warszawa_Filtrowa_81_glowna_brama_od_Filtrowej_skos-768x974.jpg 768w, http:\/\/lapidarium.fundacja-hereditas.pl\/wp-content\/uploads\/2024\/09\/E_Dziedziniewicz-Rapca_Warszawa_Filtrowa_81_glowna_brama_od_Filtrowej_skos-1211x1536.jpg 1211w, http:\/\/lapidarium.fundacja-hereditas.pl\/wp-content\/uploads\/2024\/09\/E_Dziedziniewicz-Rapca_Warszawa_Filtrowa_81_glowna_brama_od_Filtrowej_skos-1614x2048.jpg 1614w, http:\/\/lapidarium.fundacja-hereditas.pl\/wp-content\/uploads\/2024\/09\/E_Dziedziniewicz-Rapca_Warszawa_Filtrowa_81_glowna_brama_od_Filtrowej_skos-150x190.jpg 150w, http:\/\/lapidarium.fundacja-hereditas.pl\/wp-content\/uploads\/2024\/09\/E_Dziedziniewicz-Rapca_Warszawa_Filtrowa_81_glowna_brama_od_Filtrowej_skos-300x381.jpg 300w, http:\/\/lapidarium.fundacja-hereditas.pl\/wp-content\/uploads\/2024\/09\/E_Dziedziniewicz-Rapca_Warszawa_Filtrowa_81_glowna_brama_od_Filtrowej_skos-696x883.jpg 696w, http:\/\/lapidarium.fundacja-hereditas.pl\/wp-content\/uploads\/2024\/09\/E_Dziedziniewicz-Rapca_Warszawa_Filtrowa_81_glowna_brama_od_Filtrowej_skos-1068x1355.jpg 1068w, http:\/\/lapidarium.fundacja-hereditas.pl\/wp-content\/uploads\/2024\/09\/E_Dziedziniewicz-Rapca_Warszawa_Filtrowa_81_glowna_brama_od_Filtrowej_skos-1920x2436.jpg 1920w, http:\/\/lapidarium.fundacja-hereditas.pl\/wp-content\/uploads\/2024\/09\/E_Dziedziniewicz-Rapca_Warszawa_Filtrowa_81_glowna_brama_od_Filtrowej_skos-scaled.jpg 2018w\" sizes=\"auto, (max-width: 807px) 100vw, 807px\" \/><\/a><figcaption class=\"wp-element-caption\">Przejazd bramny od ul. Filtrowej. Widok od ulicy. Fot. Ewa Dziedziniewicz-R\u0105pca, 2023 r., \u017ar\u00f3d\u0142o: MWKZ.<\/figcaption><\/figure>\n\n\n\n<figure class=\"wp-block-image size-large\"><a href=\"http:\/\/lapidarium.fundacja-hereditas.pl\/wp-content\/uploads\/2024\/09\/E_Dziedziniewicz-Rapca_Warszawa_Filtrowa_81_glowna_brama_od_Filtrowej_uchwyt-scaled.jpg\"><img loading=\"lazy\" decoding=\"async\" width=\"765\" height=\"1024\" data-id=\"27069\" src=\"http:\/\/lapidarium.fundacja-hereditas.pl\/wp-content\/uploads\/2024\/09\/E_Dziedziniewicz-Rapca_Warszawa_Filtrowa_81_glowna_brama_od_Filtrowej_uchwyt-765x1024.jpg\" alt=\"\" class=\"wp-image-27069\" srcset=\"http:\/\/lapidarium.fundacja-hereditas.pl\/wp-content\/uploads\/2024\/09\/E_Dziedziniewicz-Rapca_Warszawa_Filtrowa_81_glowna_brama_od_Filtrowej_uchwyt-765x1024.jpg 765w, http:\/\/lapidarium.fundacja-hereditas.pl\/wp-content\/uploads\/2024\/09\/E_Dziedziniewicz-Rapca_Warszawa_Filtrowa_81_glowna_brama_od_Filtrowej_uchwyt-224x300.jpg 224w, http:\/\/lapidarium.fundacja-hereditas.pl\/wp-content\/uploads\/2024\/09\/E_Dziedziniewicz-Rapca_Warszawa_Filtrowa_81_glowna_brama_od_Filtrowej_uchwyt-768x1028.jpg 768w, http:\/\/lapidarium.fundacja-hereditas.pl\/wp-content\/uploads\/2024\/09\/E_Dziedziniewicz-Rapca_Warszawa_Filtrowa_81_glowna_brama_od_Filtrowej_uchwyt-1148x1536.jpg 1148w, http:\/\/lapidarium.fundacja-hereditas.pl\/wp-content\/uploads\/2024\/09\/E_Dziedziniewicz-Rapca_Warszawa_Filtrowa_81_glowna_brama_od_Filtrowej_uchwyt-1531x2048.jpg 1531w, http:\/\/lapidarium.fundacja-hereditas.pl\/wp-content\/uploads\/2024\/09\/E_Dziedziniewicz-Rapca_Warszawa_Filtrowa_81_glowna_brama_od_Filtrowej_uchwyt-150x201.jpg 150w, http:\/\/lapidarium.fundacja-hereditas.pl\/wp-content\/uploads\/2024\/09\/E_Dziedziniewicz-Rapca_Warszawa_Filtrowa_81_glowna_brama_od_Filtrowej_uchwyt-300x401.jpg 300w, http:\/\/lapidarium.fundacja-hereditas.pl\/wp-content\/uploads\/2024\/09\/E_Dziedziniewicz-Rapca_Warszawa_Filtrowa_81_glowna_brama_od_Filtrowej_uchwyt-696x931.jpg 696w, http:\/\/lapidarium.fundacja-hereditas.pl\/wp-content\/uploads\/2024\/09\/E_Dziedziniewicz-Rapca_Warszawa_Filtrowa_81_glowna_brama_od_Filtrowej_uchwyt-1068x1429.jpg 1068w, http:\/\/lapidarium.fundacja-hereditas.pl\/wp-content\/uploads\/2024\/09\/E_Dziedziniewicz-Rapca_Warszawa_Filtrowa_81_glowna_brama_od_Filtrowej_uchwyt-1920x2569.jpg 1920w, http:\/\/lapidarium.fundacja-hereditas.pl\/wp-content\/uploads\/2024\/09\/E_Dziedziniewicz-Rapca_Warszawa_Filtrowa_81_glowna_brama_od_Filtrowej_uchwyt-scaled.jpg 1913w\" sizes=\"auto, (max-width: 765px) 100vw, 765px\" \/><\/a><figcaption class=\"wp-element-caption\">Przejazd bramny od ul. Filtrowej. Widok od ulicy na uchwyty mosi\u0119\u017cne odrzwi bramnych. Fot. Ewa Dziedziniewicz-R\u0105pca, 2023 r., \u017ar\u00f3d\u0142o: MWKZ.<\/figcaption><\/figure>\n\n\n\n<figure class=\"wp-block-image size-large\"><a href=\"http:\/\/lapidarium.fundacja-hereditas.pl\/wp-content\/uploads\/2024\/09\/E_Dziedziniewicz-Rapca_Warszawa_Filtrowa_81_glowna_brama_od_Filtrowej_rynsztok-scaled.jpg\"><img loading=\"lazy\" decoding=\"async\" width=\"527\" height=\"1024\" data-id=\"27067\" src=\"http:\/\/lapidarium.fundacja-hereditas.pl\/wp-content\/uploads\/2024\/09\/E_Dziedziniewicz-Rapca_Warszawa_Filtrowa_81_glowna_brama_od_Filtrowej_rynsztok-527x1024.jpg\" alt=\"\" class=\"wp-image-27067\" srcset=\"http:\/\/lapidarium.fundacja-hereditas.pl\/wp-content\/uploads\/2024\/09\/E_Dziedziniewicz-Rapca_Warszawa_Filtrowa_81_glowna_brama_od_Filtrowej_rynsztok-527x1024.jpg 527w, http:\/\/lapidarium.fundacja-hereditas.pl\/wp-content\/uploads\/2024\/09\/E_Dziedziniewicz-Rapca_Warszawa_Filtrowa_81_glowna_brama_od_Filtrowej_rynsztok-154x300.jpg 154w, http:\/\/lapidarium.fundacja-hereditas.pl\/wp-content\/uploads\/2024\/09\/E_Dziedziniewicz-Rapca_Warszawa_Filtrowa_81_glowna_brama_od_Filtrowej_rynsztok-768x1494.jpg 768w, http:\/\/lapidarium.fundacja-hereditas.pl\/wp-content\/uploads\/2024\/09\/E_Dziedziniewicz-Rapca_Warszawa_Filtrowa_81_glowna_brama_od_Filtrowej_rynsztok-790x1536.jpg 790w, http:\/\/lapidarium.fundacja-hereditas.pl\/wp-content\/uploads\/2024\/09\/E_Dziedziniewicz-Rapca_Warszawa_Filtrowa_81_glowna_brama_od_Filtrowej_rynsztok-1053x2048.jpg 1053w, http:\/\/lapidarium.fundacja-hereditas.pl\/wp-content\/uploads\/2024\/09\/E_Dziedziniewicz-Rapca_Warszawa_Filtrowa_81_glowna_brama_od_Filtrowej_rynsztok-150x292.jpg 150w, http:\/\/lapidarium.fundacja-hereditas.pl\/wp-content\/uploads\/2024\/09\/E_Dziedziniewicz-Rapca_Warszawa_Filtrowa_81_glowna_brama_od_Filtrowej_rynsztok-300x583.jpg 300w, http:\/\/lapidarium.fundacja-hereditas.pl\/wp-content\/uploads\/2024\/09\/E_Dziedziniewicz-Rapca_Warszawa_Filtrowa_81_glowna_brama_od_Filtrowej_rynsztok-696x1354.jpg 696w, http:\/\/lapidarium.fundacja-hereditas.pl\/wp-content\/uploads\/2024\/09\/E_Dziedziniewicz-Rapca_Warszawa_Filtrowa_81_glowna_brama_od_Filtrowej_rynsztok-1068x2077.jpg 1068w, http:\/\/lapidarium.fundacja-hereditas.pl\/wp-content\/uploads\/2024\/09\/E_Dziedziniewicz-Rapca_Warszawa_Filtrowa_81_glowna_brama_od_Filtrowej_rynsztok-1920x3734.jpg 1920w, http:\/\/lapidarium.fundacja-hereditas.pl\/wp-content\/uploads\/2024\/09\/E_Dziedziniewicz-Rapca_Warszawa_Filtrowa_81_glowna_brama_od_Filtrowej_rynsztok-scaled.jpg 1316w\" sizes=\"auto, (max-width: 527px) 100vw, 527px\" \/><\/a><figcaption class=\"wp-element-caption\">Boniowanie od ul. Filtrowej. Po lewej przejazd bramny. Fot. Ewa Dziedziniewicz-R\u0105pca, 2023 r., \u017ar\u00f3d\u0142o: MWKZ.<\/figcaption><\/figure>\n\n\n\n<figure class=\"wp-block-image size-large\"><a href=\"http:\/\/lapidarium.fundacja-hereditas.pl\/wp-content\/uploads\/2024\/09\/E_Dziedziniewicz-Rapca_Warszawa_Filtrowa_81_wewnetrzne_podworze_przejazd_bramny_na_Filtrowa_brama-scaled.jpg\"><img loading=\"lazy\" decoding=\"async\" width=\"744\" height=\"1024\" data-id=\"27073\" src=\"http:\/\/lapidarium.fundacja-hereditas.pl\/wp-content\/uploads\/2024\/09\/E_Dziedziniewicz-Rapca_Warszawa_Filtrowa_81_wewnetrzne_podworze_przejazd_bramny_na_Filtrowa_brama-744x1024.jpg\" alt=\"\" class=\"wp-image-27073\" srcset=\"http:\/\/lapidarium.fundacja-hereditas.pl\/wp-content\/uploads\/2024\/09\/E_Dziedziniewicz-Rapca_Warszawa_Filtrowa_81_wewnetrzne_podworze_przejazd_bramny_na_Filtrowa_brama-744x1024.jpg 744w, http:\/\/lapidarium.fundacja-hereditas.pl\/wp-content\/uploads\/2024\/09\/E_Dziedziniewicz-Rapca_Warszawa_Filtrowa_81_wewnetrzne_podworze_przejazd_bramny_na_Filtrowa_brama-218x300.jpg 218w, http:\/\/lapidarium.fundacja-hereditas.pl\/wp-content\/uploads\/2024\/09\/E_Dziedziniewicz-Rapca_Warszawa_Filtrowa_81_wewnetrzne_podworze_przejazd_bramny_na_Filtrowa_brama-768x1057.jpg 768w, http:\/\/lapidarium.fundacja-hereditas.pl\/wp-content\/uploads\/2024\/09\/E_Dziedziniewicz-Rapca_Warszawa_Filtrowa_81_wewnetrzne_podworze_przejazd_bramny_na_Filtrowa_brama-1116x1536.jpg 1116w, http:\/\/lapidarium.fundacja-hereditas.pl\/wp-content\/uploads\/2024\/09\/E_Dziedziniewicz-Rapca_Warszawa_Filtrowa_81_wewnetrzne_podworze_przejazd_bramny_na_Filtrowa_brama-1488x2048.jpg 1488w, http:\/\/lapidarium.fundacja-hereditas.pl\/wp-content\/uploads\/2024\/09\/E_Dziedziniewicz-Rapca_Warszawa_Filtrowa_81_wewnetrzne_podworze_przejazd_bramny_na_Filtrowa_brama-150x206.jpg 150w, http:\/\/lapidarium.fundacja-hereditas.pl\/wp-content\/uploads\/2024\/09\/E_Dziedziniewicz-Rapca_Warszawa_Filtrowa_81_wewnetrzne_podworze_przejazd_bramny_na_Filtrowa_brama-300x413.jpg 300w, http:\/\/lapidarium.fundacja-hereditas.pl\/wp-content\/uploads\/2024\/09\/E_Dziedziniewicz-Rapca_Warszawa_Filtrowa_81_wewnetrzne_podworze_przejazd_bramny_na_Filtrowa_brama-696x958.jpg 696w, http:\/\/lapidarium.fundacja-hereditas.pl\/wp-content\/uploads\/2024\/09\/E_Dziedziniewicz-Rapca_Warszawa_Filtrowa_81_wewnetrzne_podworze_przejazd_bramny_na_Filtrowa_brama-1068x1469.jpg 1068w, http:\/\/lapidarium.fundacja-hereditas.pl\/wp-content\/uploads\/2024\/09\/E_Dziedziniewicz-Rapca_Warszawa_Filtrowa_81_wewnetrzne_podworze_przejazd_bramny_na_Filtrowa_brama-1920x2642.jpg 1920w, http:\/\/lapidarium.fundacja-hereditas.pl\/wp-content\/uploads\/2024\/09\/E_Dziedziniewicz-Rapca_Warszawa_Filtrowa_81_wewnetrzne_podworze_przejazd_bramny_na_Filtrowa_brama-scaled.jpg 1861w\" sizes=\"auto, (max-width: 744px) 100vw, 744px\" \/><\/a><figcaption class=\"wp-element-caption\">Przejazd bramny od ul. Filtrowej. Odrzwia. Fot. Ewa Dziedziniewicz-R\u0105pca, 2023 r., \u017ar\u00f3d\u0142o: MWKZ.<\/figcaption><\/figure>\n\n\n\n<figure class=\"wp-block-image size-large\"><a href=\"http:\/\/lapidarium.fundacja-hereditas.pl\/wp-content\/uploads\/2024\/09\/E_Dziedziniewicz-Rapca_Warszawa_Filtrowa_81_wewnetrzne_podworze_przejazd_bramny_na_Filtrowa_posadzka_1-scaled.jpg\"><img loading=\"lazy\" decoding=\"async\" width=\"1024\" height=\"991\" data-id=\"27075\" src=\"http:\/\/lapidarium.fundacja-hereditas.pl\/wp-content\/uploads\/2024\/09\/E_Dziedziniewicz-Rapca_Warszawa_Filtrowa_81_wewnetrzne_podworze_przejazd_bramny_na_Filtrowa_posadzka_1-1024x991.jpg\" alt=\"\" class=\"wp-image-27075\" srcset=\"http:\/\/lapidarium.fundacja-hereditas.pl\/wp-content\/uploads\/2024\/09\/E_Dziedziniewicz-Rapca_Warszawa_Filtrowa_81_wewnetrzne_podworze_przejazd_bramny_na_Filtrowa_posadzka_1-1024x991.jpg 1024w, http:\/\/lapidarium.fundacja-hereditas.pl\/wp-content\/uploads\/2024\/09\/E_Dziedziniewicz-Rapca_Warszawa_Filtrowa_81_wewnetrzne_podworze_przejazd_bramny_na_Filtrowa_posadzka_1-300x290.jpg 300w, http:\/\/lapidarium.fundacja-hereditas.pl\/wp-content\/uploads\/2024\/09\/E_Dziedziniewicz-Rapca_Warszawa_Filtrowa_81_wewnetrzne_podworze_przejazd_bramny_na_Filtrowa_posadzka_1-768x743.jpg 768w, http:\/\/lapidarium.fundacja-hereditas.pl\/wp-content\/uploads\/2024\/09\/E_Dziedziniewicz-Rapca_Warszawa_Filtrowa_81_wewnetrzne_podworze_przejazd_bramny_na_Filtrowa_posadzka_1-1536x1487.jpg 1536w, http:\/\/lapidarium.fundacja-hereditas.pl\/wp-content\/uploads\/2024\/09\/E_Dziedziniewicz-Rapca_Warszawa_Filtrowa_81_wewnetrzne_podworze_przejazd_bramny_na_Filtrowa_posadzka_1-2048x1982.jpg 2048w, http:\/\/lapidarium.fundacja-hereditas.pl\/wp-content\/uploads\/2024\/09\/E_Dziedziniewicz-Rapca_Warszawa_Filtrowa_81_wewnetrzne_podworze_przejazd_bramny_na_Filtrowa_posadzka_1-150x145.jpg 150w, http:\/\/lapidarium.fundacja-hereditas.pl\/wp-content\/uploads\/2024\/09\/E_Dziedziniewicz-Rapca_Warszawa_Filtrowa_81_wewnetrzne_podworze_przejazd_bramny_na_Filtrowa_posadzka_1-696x674.jpg 696w, http:\/\/lapidarium.fundacja-hereditas.pl\/wp-content\/uploads\/2024\/09\/E_Dziedziniewicz-Rapca_Warszawa_Filtrowa_81_wewnetrzne_podworze_przejazd_bramny_na_Filtrowa_posadzka_1-1068x1034.jpg 1068w, http:\/\/lapidarium.fundacja-hereditas.pl\/wp-content\/uploads\/2024\/09\/E_Dziedziniewicz-Rapca_Warszawa_Filtrowa_81_wewnetrzne_podworze_przejazd_bramny_na_Filtrowa_posadzka_1-1920x1858.jpg 1920w\" sizes=\"auto, (max-width: 1024px) 100vw, 1024px\" \/><\/a><figcaption class=\"wp-element-caption\">Przejazd bramny od ul. Filtrowej. Widok ku ulicy. Fot. Ewa Dziedziniewicz-R\u0105pca, 2023 r., \u017ar\u00f3d\u0142o: MWKZ.<\/figcaption><\/figure>\n\n\n\n<figure class=\"wp-block-image size-large\"><a href=\"http:\/\/lapidarium.fundacja-hereditas.pl\/wp-content\/uploads\/2024\/09\/E_Dziedziniewicz-Rapca_Warszawa_Filtrowa_81_wewnetrzne_podworze_przejazd_bramny_na_Filtrowa_posadzka-scaled.jpg\"><img loading=\"lazy\" decoding=\"async\" width=\"630\" height=\"1024\" data-id=\"27074\" src=\"http:\/\/lapidarium.fundacja-hereditas.pl\/wp-content\/uploads\/2024\/09\/E_Dziedziniewicz-Rapca_Warszawa_Filtrowa_81_wewnetrzne_podworze_przejazd_bramny_na_Filtrowa_posadzka-630x1024.jpg\" alt=\"\" class=\"wp-image-27074\" srcset=\"http:\/\/lapidarium.fundacja-hereditas.pl\/wp-content\/uploads\/2024\/09\/E_Dziedziniewicz-Rapca_Warszawa_Filtrowa_81_wewnetrzne_podworze_przejazd_bramny_na_Filtrowa_posadzka-630x1024.jpg 630w, http:\/\/lapidarium.fundacja-hereditas.pl\/wp-content\/uploads\/2024\/09\/E_Dziedziniewicz-Rapca_Warszawa_Filtrowa_81_wewnetrzne_podworze_przejazd_bramny_na_Filtrowa_posadzka-185x300.jpg 185w, http:\/\/lapidarium.fundacja-hereditas.pl\/wp-content\/uploads\/2024\/09\/E_Dziedziniewicz-Rapca_Warszawa_Filtrowa_81_wewnetrzne_podworze_przejazd_bramny_na_Filtrowa_posadzka-768x1248.jpg 768w, http:\/\/lapidarium.fundacja-hereditas.pl\/wp-content\/uploads\/2024\/09\/E_Dziedziniewicz-Rapca_Warszawa_Filtrowa_81_wewnetrzne_podworze_przejazd_bramny_na_Filtrowa_posadzka-945x1536.jpg 945w, http:\/\/lapidarium.fundacja-hereditas.pl\/wp-content\/uploads\/2024\/09\/E_Dziedziniewicz-Rapca_Warszawa_Filtrowa_81_wewnetrzne_podworze_przejazd_bramny_na_Filtrowa_posadzka-1260x2048.jpg 1260w, http:\/\/lapidarium.fundacja-hereditas.pl\/wp-content\/uploads\/2024\/09\/E_Dziedziniewicz-Rapca_Warszawa_Filtrowa_81_wewnetrzne_podworze_przejazd_bramny_na_Filtrowa_posadzka-150x244.jpg 150w, http:\/\/lapidarium.fundacja-hereditas.pl\/wp-content\/uploads\/2024\/09\/E_Dziedziniewicz-Rapca_Warszawa_Filtrowa_81_wewnetrzne_podworze_przejazd_bramny_na_Filtrowa_posadzka-300x488.jpg 300w, http:\/\/lapidarium.fundacja-hereditas.pl\/wp-content\/uploads\/2024\/09\/E_Dziedziniewicz-Rapca_Warszawa_Filtrowa_81_wewnetrzne_podworze_przejazd_bramny_na_Filtrowa_posadzka-696x1131.jpg 696w, http:\/\/lapidarium.fundacja-hereditas.pl\/wp-content\/uploads\/2024\/09\/E_Dziedziniewicz-Rapca_Warszawa_Filtrowa_81_wewnetrzne_podworze_przejazd_bramny_na_Filtrowa_posadzka-1068x1736.jpg 1068w, http:\/\/lapidarium.fundacja-hereditas.pl\/wp-content\/uploads\/2024\/09\/E_Dziedziniewicz-Rapca_Warszawa_Filtrowa_81_wewnetrzne_podworze_przejazd_bramny_na_Filtrowa_posadzka-1920x3120.jpg 1920w, http:\/\/lapidarium.fundacja-hereditas.pl\/wp-content\/uploads\/2024\/09\/E_Dziedziniewicz-Rapca_Warszawa_Filtrowa_81_wewnetrzne_podworze_przejazd_bramny_na_Filtrowa_posadzka-scaled.jpg 1575w\" sizes=\"auto, (max-width: 630px) 100vw, 630px\" \/><\/a><figcaption class=\"wp-element-caption\">Przejazd bramny od ul. Filtrowej. Widok ku ulicy. Fot. Ewa Dziedziniewicz-R\u0105pca, 2023 r., \u017ar\u00f3d\u0142o: MWKZ.<\/figcaption><\/figure>\n\n\n\n<figure class=\"wp-block-image size-large\"><a href=\"http:\/\/lapidarium.fundacja-hereditas.pl\/wp-content\/uploads\/2024\/09\/E_Dziedziniewicz-Rapca_Warszawa_Filtrowa_81_wewnetrzne_podworze_przejazd_bramny_na_Filtrowa-scaled.jpg\"><img loading=\"lazy\" decoding=\"async\" width=\"801\" height=\"1024\" data-id=\"27072\" src=\"http:\/\/lapidarium.fundacja-hereditas.pl\/wp-content\/uploads\/2024\/09\/E_Dziedziniewicz-Rapca_Warszawa_Filtrowa_81_wewnetrzne_podworze_przejazd_bramny_na_Filtrowa-801x1024.jpg\" alt=\"\" class=\"wp-image-27072\" srcset=\"http:\/\/lapidarium.fundacja-hereditas.pl\/wp-content\/uploads\/2024\/09\/E_Dziedziniewicz-Rapca_Warszawa_Filtrowa_81_wewnetrzne_podworze_przejazd_bramny_na_Filtrowa-801x1024.jpg 801w, http:\/\/lapidarium.fundacja-hereditas.pl\/wp-content\/uploads\/2024\/09\/E_Dziedziniewicz-Rapca_Warszawa_Filtrowa_81_wewnetrzne_podworze_przejazd_bramny_na_Filtrowa-235x300.jpg 235w, http:\/\/lapidarium.fundacja-hereditas.pl\/wp-content\/uploads\/2024\/09\/E_Dziedziniewicz-Rapca_Warszawa_Filtrowa_81_wewnetrzne_podworze_przejazd_bramny_na_Filtrowa-768x982.jpg 768w, http:\/\/lapidarium.fundacja-hereditas.pl\/wp-content\/uploads\/2024\/09\/E_Dziedziniewicz-Rapca_Warszawa_Filtrowa_81_wewnetrzne_podworze_przejazd_bramny_na_Filtrowa-1201x1536.jpg 1201w, http:\/\/lapidarium.fundacja-hereditas.pl\/wp-content\/uploads\/2024\/09\/E_Dziedziniewicz-Rapca_Warszawa_Filtrowa_81_wewnetrzne_podworze_przejazd_bramny_na_Filtrowa-1602x2048.jpg 1602w, http:\/\/lapidarium.fundacja-hereditas.pl\/wp-content\/uploads\/2024\/09\/E_Dziedziniewicz-Rapca_Warszawa_Filtrowa_81_wewnetrzne_podworze_przejazd_bramny_na_Filtrowa-150x192.jpg 150w, http:\/\/lapidarium.fundacja-hereditas.pl\/wp-content\/uploads\/2024\/09\/E_Dziedziniewicz-Rapca_Warszawa_Filtrowa_81_wewnetrzne_podworze_przejazd_bramny_na_Filtrowa-300x384.jpg 300w, http:\/\/lapidarium.fundacja-hereditas.pl\/wp-content\/uploads\/2024\/09\/E_Dziedziniewicz-Rapca_Warszawa_Filtrowa_81_wewnetrzne_podworze_przejazd_bramny_na_Filtrowa-696x890.jpg 696w, http:\/\/lapidarium.fundacja-hereditas.pl\/wp-content\/uploads\/2024\/09\/E_Dziedziniewicz-Rapca_Warszawa_Filtrowa_81_wewnetrzne_podworze_przejazd_bramny_na_Filtrowa-1068x1366.jpg 1068w, http:\/\/lapidarium.fundacja-hereditas.pl\/wp-content\/uploads\/2024\/09\/E_Dziedziniewicz-Rapca_Warszawa_Filtrowa_81_wewnetrzne_podworze_przejazd_bramny_na_Filtrowa-1920x2455.jpg 1920w, http:\/\/lapidarium.fundacja-hereditas.pl\/wp-content\/uploads\/2024\/09\/E_Dziedziniewicz-Rapca_Warszawa_Filtrowa_81_wewnetrzne_podworze_przejazd_bramny_na_Filtrowa-scaled.jpg 2002w\" sizes=\"auto, (max-width: 801px) 100vw, 801px\" \/><\/a><figcaption class=\"wp-element-caption\">Przejazd bramny od ul. Filtrowej. Widok od podw\u00f3rza. Fot. Ewa Dziedziniewicz-R\u0105pca, 2023 r., \u017ar\u00f3d\u0142o: MWKZ.<\/figcaption><\/figure>\n\n\n\n<figure class=\"wp-block-image size-large\"><a href=\"http:\/\/lapidarium.fundacja-hereditas.pl\/wp-content\/uploads\/2024\/09\/E_Dziedziniewicz-Rapca_Warszawa_Filtrowa_81_wewnetrzne_podworze_fasada_od_Filtrowej_-scaled.jpg\"><img loading=\"lazy\" decoding=\"async\" width=\"1024\" height=\"762\" data-id=\"27048\" src=\"http:\/\/lapidarium.fundacja-hereditas.pl\/wp-content\/uploads\/2024\/09\/E_Dziedziniewicz-Rapca_Warszawa_Filtrowa_81_wewnetrzne_podworze_fasada_od_Filtrowej_-1024x762.jpg\" alt=\"\" class=\"wp-image-27048\" srcset=\"http:\/\/lapidarium.fundacja-hereditas.pl\/wp-content\/uploads\/2024\/09\/E_Dziedziniewicz-Rapca_Warszawa_Filtrowa_81_wewnetrzne_podworze_fasada_od_Filtrowej_-1024x762.jpg 1024w, http:\/\/lapidarium.fundacja-hereditas.pl\/wp-content\/uploads\/2024\/09\/E_Dziedziniewicz-Rapca_Warszawa_Filtrowa_81_wewnetrzne_podworze_fasada_od_Filtrowej_-300x223.jpg 300w, http:\/\/lapidarium.fundacja-hereditas.pl\/wp-content\/uploads\/2024\/09\/E_Dziedziniewicz-Rapca_Warszawa_Filtrowa_81_wewnetrzne_podworze_fasada_od_Filtrowej_-768x572.jpg 768w, http:\/\/lapidarium.fundacja-hereditas.pl\/wp-content\/uploads\/2024\/09\/E_Dziedziniewicz-Rapca_Warszawa_Filtrowa_81_wewnetrzne_podworze_fasada_od_Filtrowej_-1536x1143.jpg 1536w, http:\/\/lapidarium.fundacja-hereditas.pl\/wp-content\/uploads\/2024\/09\/E_Dziedziniewicz-Rapca_Warszawa_Filtrowa_81_wewnetrzne_podworze_fasada_od_Filtrowej_-2048x1524.jpg 2048w, http:\/\/lapidarium.fundacja-hereditas.pl\/wp-content\/uploads\/2024\/09\/E_Dziedziniewicz-Rapca_Warszawa_Filtrowa_81_wewnetrzne_podworze_fasada_od_Filtrowej_-150x112.jpg 150w, http:\/\/lapidarium.fundacja-hereditas.pl\/wp-content\/uploads\/2024\/09\/E_Dziedziniewicz-Rapca_Warszawa_Filtrowa_81_wewnetrzne_podworze_fasada_od_Filtrowej_-485x360.jpg 485w, http:\/\/lapidarium.fundacja-hereditas.pl\/wp-content\/uploads\/2024\/09\/E_Dziedziniewicz-Rapca_Warszawa_Filtrowa_81_wewnetrzne_podworze_fasada_od_Filtrowej_-696x518.jpg 696w, http:\/\/lapidarium.fundacja-hereditas.pl\/wp-content\/uploads\/2024\/09\/E_Dziedziniewicz-Rapca_Warszawa_Filtrowa_81_wewnetrzne_podworze_fasada_od_Filtrowej_-1068x795.jpg 1068w, http:\/\/lapidarium.fundacja-hereditas.pl\/wp-content\/uploads\/2024\/09\/E_Dziedziniewicz-Rapca_Warszawa_Filtrowa_81_wewnetrzne_podworze_fasada_od_Filtrowej_-1920x1429.jpg 1920w\" sizes=\"auto, (max-width: 1024px) 100vw, 1024px\" \/><\/a><figcaption class=\"wp-element-caption\">Podw\u00f3rze. Okna wy\u017cszych kondygnacji skrzyd\u0142a od ul. Filtrowej. Widok na p\u00f3\u0142noc. Fot. Ewa Dziedziniewicz-R\u0105pca, 2023 r., \u017ar\u00f3d\u0142o: MWKZ.<\/figcaption><\/figure>\n\n\n\n<figure class=\"wp-block-image size-large\"><a href=\"http:\/\/lapidarium.fundacja-hereditas.pl\/wp-content\/uploads\/2024\/09\/E_Dziedziniewicz-Rapca_Warszawa_Filtrowa_81_wewnetrzne_podworze_fasada_polnocna_okna-scaled.jpg\"><img loading=\"lazy\" decoding=\"async\" width=\"1024\" height=\"774\" data-id=\"27052\" src=\"http:\/\/lapidarium.fundacja-hereditas.pl\/wp-content\/uploads\/2024\/09\/E_Dziedziniewicz-Rapca_Warszawa_Filtrowa_81_wewnetrzne_podworze_fasada_polnocna_okna-1024x774.jpg\" alt=\"\" class=\"wp-image-27052\" srcset=\"http:\/\/lapidarium.fundacja-hereditas.pl\/wp-content\/uploads\/2024\/09\/E_Dziedziniewicz-Rapca_Warszawa_Filtrowa_81_wewnetrzne_podworze_fasada_polnocna_okna-1024x774.jpg 1024w, http:\/\/lapidarium.fundacja-hereditas.pl\/wp-content\/uploads\/2024\/09\/E_Dziedziniewicz-Rapca_Warszawa_Filtrowa_81_wewnetrzne_podworze_fasada_polnocna_okna-300x227.jpg 300w, http:\/\/lapidarium.fundacja-hereditas.pl\/wp-content\/uploads\/2024\/09\/E_Dziedziniewicz-Rapca_Warszawa_Filtrowa_81_wewnetrzne_podworze_fasada_polnocna_okna-768x580.jpg 768w\" sizes=\"auto, (max-width: 1024px) 100vw, 1024px\" \/><\/a><figcaption class=\"wp-element-caption\">Podw\u00f3rze. Okna wy\u017cszych kondygnacji skrzyd\u0142a od ul. Filtrowej. Widok na p\u00f3\u0142noc. Fot. Ewa Dziedziniewicz-R\u0105pca, 2023 r., \u017ar\u00f3d\u0142o: MWKZ.<\/figcaption><\/figure>\n\n\n\n<figure class=\"wp-block-image size-large\"><a href=\"http:\/\/lapidarium.fundacja-hereditas.pl\/wp-content\/uploads\/2024\/09\/E_Dziedziniewicz-Rapca_Warszawa_Filtrowa_81_wewnetrzne_podworze_fasada_polnocna_pion-scaled.jpg\"><img loading=\"lazy\" decoding=\"async\" width=\"772\" height=\"1024\" data-id=\"27053\" src=\"http:\/\/lapidarium.fundacja-hereditas.pl\/wp-content\/uploads\/2024\/09\/E_Dziedziniewicz-Rapca_Warszawa_Filtrowa_81_wewnetrzne_podworze_fasada_polnocna_pion-772x1024.jpg\" alt=\"\" class=\"wp-image-27053\" srcset=\"http:\/\/lapidarium.fundacja-hereditas.pl\/wp-content\/uploads\/2024\/09\/E_Dziedziniewicz-Rapca_Warszawa_Filtrowa_81_wewnetrzne_podworze_fasada_polnocna_pion-772x1024.jpg 772w, http:\/\/lapidarium.fundacja-hereditas.pl\/wp-content\/uploads\/2024\/09\/E_Dziedziniewicz-Rapca_Warszawa_Filtrowa_81_wewnetrzne_podworze_fasada_polnocna_pion-226x300.jpg 226w, http:\/\/lapidarium.fundacja-hereditas.pl\/wp-content\/uploads\/2024\/09\/E_Dziedziniewicz-Rapca_Warszawa_Filtrowa_81_wewnetrzne_podworze_fasada_polnocna_pion-768x1018.jpg 768w, http:\/\/lapidarium.fundacja-hereditas.pl\/wp-content\/uploads\/2024\/09\/E_Dziedziniewicz-Rapca_Warszawa_Filtrowa_81_wewnetrzne_podworze_fasada_polnocna_pion-1159x1536.jpg 1159w, http:\/\/lapidarium.fundacja-hereditas.pl\/wp-content\/uploads\/2024\/09\/E_Dziedziniewicz-Rapca_Warszawa_Filtrowa_81_wewnetrzne_podworze_fasada_polnocna_pion-1545x2048.jpg 1545w, http:\/\/lapidarium.fundacja-hereditas.pl\/wp-content\/uploads\/2024\/09\/E_Dziedziniewicz-Rapca_Warszawa_Filtrowa_81_wewnetrzne_podworze_fasada_polnocna_pion-150x199.jpg 150w, http:\/\/lapidarium.fundacja-hereditas.pl\/wp-content\/uploads\/2024\/09\/E_Dziedziniewicz-Rapca_Warszawa_Filtrowa_81_wewnetrzne_podworze_fasada_polnocna_pion-300x398.jpg 300w, http:\/\/lapidarium.fundacja-hereditas.pl\/wp-content\/uploads\/2024\/09\/E_Dziedziniewicz-Rapca_Warszawa_Filtrowa_81_wewnetrzne_podworze_fasada_polnocna_pion-696x923.jpg 696w, http:\/\/lapidarium.fundacja-hereditas.pl\/wp-content\/uploads\/2024\/09\/E_Dziedziniewicz-Rapca_Warszawa_Filtrowa_81_wewnetrzne_podworze_fasada_polnocna_pion-1068x1416.jpg 1068w, http:\/\/lapidarium.fundacja-hereditas.pl\/wp-content\/uploads\/2024\/09\/E_Dziedziniewicz-Rapca_Warszawa_Filtrowa_81_wewnetrzne_podworze_fasada_polnocna_pion-1920x2545.jpg 1920w, http:\/\/lapidarium.fundacja-hereditas.pl\/wp-content\/uploads\/2024\/09\/E_Dziedziniewicz-Rapca_Warszawa_Filtrowa_81_wewnetrzne_podworze_fasada_polnocna_pion-scaled.jpg 1931w\" sizes=\"auto, (max-width: 772px) 100vw, 772px\" \/><\/a><figcaption class=\"wp-element-caption\">Podw\u00f3rze. Widok na p\u00f3\u0142noc. Kapliczka i przejazd bramny. Fot. Ewa Dziedziniewicz-R\u0105pca, 2023 r., \u017ar\u00f3d\u0142o: MWKZ.<\/figcaption><\/figure>\n\n\n\n<figure class=\"wp-block-image size-large\"><a href=\"http:\/\/lapidarium.fundacja-hereditas.pl\/wp-content\/uploads\/2024\/09\/E_Dziedziniewicz-Rapca_Warszawa_Filtrowa_81_wewnetrzne_podworze_kapliczka_na_scianie_od_Filtrowej-scaled.jpg\"><img loading=\"lazy\" decoding=\"async\" width=\"777\" height=\"1024\" data-id=\"27061\" src=\"http:\/\/lapidarium.fundacja-hereditas.pl\/wp-content\/uploads\/2024\/09\/E_Dziedziniewicz-Rapca_Warszawa_Filtrowa_81_wewnetrzne_podworze_kapliczka_na_scianie_od_Filtrowej-777x1024.jpg\" alt=\"\" class=\"wp-image-27061\" srcset=\"http:\/\/lapidarium.fundacja-hereditas.pl\/wp-content\/uploads\/2024\/09\/E_Dziedziniewicz-Rapca_Warszawa_Filtrowa_81_wewnetrzne_podworze_kapliczka_na_scianie_od_Filtrowej-777x1024.jpg 777w, http:\/\/lapidarium.fundacja-hereditas.pl\/wp-content\/uploads\/2024\/09\/E_Dziedziniewicz-Rapca_Warszawa_Filtrowa_81_wewnetrzne_podworze_kapliczka_na_scianie_od_Filtrowej-228x300.jpg 228w, http:\/\/lapidarium.fundacja-hereditas.pl\/wp-content\/uploads\/2024\/09\/E_Dziedziniewicz-Rapca_Warszawa_Filtrowa_81_wewnetrzne_podworze_kapliczka_na_scianie_od_Filtrowej-768x1012.jpg 768w, http:\/\/lapidarium.fundacja-hereditas.pl\/wp-content\/uploads\/2024\/09\/E_Dziedziniewicz-Rapca_Warszawa_Filtrowa_81_wewnetrzne_podworze_kapliczka_na_scianie_od_Filtrowej-1166x1536.jpg 1166w, http:\/\/lapidarium.fundacja-hereditas.pl\/wp-content\/uploads\/2024\/09\/E_Dziedziniewicz-Rapca_Warszawa_Filtrowa_81_wewnetrzne_podworze_kapliczka_na_scianie_od_Filtrowej-1555x2048.jpg 1555w, http:\/\/lapidarium.fundacja-hereditas.pl\/wp-content\/uploads\/2024\/09\/E_Dziedziniewicz-Rapca_Warszawa_Filtrowa_81_wewnetrzne_podworze_kapliczka_na_scianie_od_Filtrowej-150x198.jpg 150w, http:\/\/lapidarium.fundacja-hereditas.pl\/wp-content\/uploads\/2024\/09\/E_Dziedziniewicz-Rapca_Warszawa_Filtrowa_81_wewnetrzne_podworze_kapliczka_na_scianie_od_Filtrowej-300x395.jpg 300w, http:\/\/lapidarium.fundacja-hereditas.pl\/wp-content\/uploads\/2024\/09\/E_Dziedziniewicz-Rapca_Warszawa_Filtrowa_81_wewnetrzne_podworze_kapliczka_na_scianie_od_Filtrowej-696x917.jpg 696w, http:\/\/lapidarium.fundacja-hereditas.pl\/wp-content\/uploads\/2024\/09\/E_Dziedziniewicz-Rapca_Warszawa_Filtrowa_81_wewnetrzne_podworze_kapliczka_na_scianie_od_Filtrowej-1068x1407.jpg 1068w, http:\/\/lapidarium.fundacja-hereditas.pl\/wp-content\/uploads\/2024\/09\/E_Dziedziniewicz-Rapca_Warszawa_Filtrowa_81_wewnetrzne_podworze_kapliczka_na_scianie_od_Filtrowej-1920x2529.jpg 1920w, http:\/\/lapidarium.fundacja-hereditas.pl\/wp-content\/uploads\/2024\/09\/E_Dziedziniewicz-Rapca_Warszawa_Filtrowa_81_wewnetrzne_podworze_kapliczka_na_scianie_od_Filtrowej-scaled.jpg 1943w\" sizes=\"auto, (max-width: 777px) 100vw, 777px\" \/><\/a><figcaption class=\"wp-element-caption\">Kapliczka w p\u00f3\u0142nocnej cz\u0119\u015bci podw\u00f3rza. Widok na p\u00f3\u0142noc. Fot. Ewa Dziedziniewicz-R\u0105pca, 2023 r., \u017ar\u00f3d\u0142o: MWKZ.<\/figcaption><\/figure>\n\n\n\n<figure class=\"wp-block-image size-large\"><a href=\"http:\/\/lapidarium.fundacja-hereditas.pl\/wp-content\/uploads\/2024\/09\/E_Dziedziniewicz-Rapca_Warszawa_Filtrowa_81_wewnetrzne_podworze_kapliczka_na_scianie_od_Filtrowej_cala-scaled.jpg\"><img loading=\"lazy\" decoding=\"async\" width=\"871\" height=\"1024\" data-id=\"27062\" src=\"http:\/\/lapidarium.fundacja-hereditas.pl\/wp-content\/uploads\/2024\/09\/E_Dziedziniewicz-Rapca_Warszawa_Filtrowa_81_wewnetrzne_podworze_kapliczka_na_scianie_od_Filtrowej_cala-871x1024.jpg\" alt=\"\" class=\"wp-image-27062\" srcset=\"http:\/\/lapidarium.fundacja-hereditas.pl\/wp-content\/uploads\/2024\/09\/E_Dziedziniewicz-Rapca_Warszawa_Filtrowa_81_wewnetrzne_podworze_kapliczka_na_scianie_od_Filtrowej_cala-871x1024.jpg 871w, http:\/\/lapidarium.fundacja-hereditas.pl\/wp-content\/uploads\/2024\/09\/E_Dziedziniewicz-Rapca_Warszawa_Filtrowa_81_wewnetrzne_podworze_kapliczka_na_scianie_od_Filtrowej_cala-255x300.jpg 255w, http:\/\/lapidarium.fundacja-hereditas.pl\/wp-content\/uploads\/2024\/09\/E_Dziedziniewicz-Rapca_Warszawa_Filtrowa_81_wewnetrzne_podworze_kapliczka_na_scianie_od_Filtrowej_cala-768x903.jpg 768w, http:\/\/lapidarium.fundacja-hereditas.pl\/wp-content\/uploads\/2024\/09\/E_Dziedziniewicz-Rapca_Warszawa_Filtrowa_81_wewnetrzne_podworze_kapliczka_na_scianie_od_Filtrowej_cala-1306x1536.jpg 1306w, http:\/\/lapidarium.fundacja-hereditas.pl\/wp-content\/uploads\/2024\/09\/E_Dziedziniewicz-Rapca_Warszawa_Filtrowa_81_wewnetrzne_podworze_kapliczka_na_scianie_od_Filtrowej_cala-1742x2048.jpg 1742w, http:\/\/lapidarium.fundacja-hereditas.pl\/wp-content\/uploads\/2024\/09\/E_Dziedziniewicz-Rapca_Warszawa_Filtrowa_81_wewnetrzne_podworze_kapliczka_na_scianie_od_Filtrowej_cala-150x176.jpg 150w, http:\/\/lapidarium.fundacja-hereditas.pl\/wp-content\/uploads\/2024\/09\/E_Dziedziniewicz-Rapca_Warszawa_Filtrowa_81_wewnetrzne_podworze_kapliczka_na_scianie_od_Filtrowej_cala-300x353.jpg 300w, http:\/\/lapidarium.fundacja-hereditas.pl\/wp-content\/uploads\/2024\/09\/E_Dziedziniewicz-Rapca_Warszawa_Filtrowa_81_wewnetrzne_podworze_kapliczka_na_scianie_od_Filtrowej_cala-696x818.jpg 696w, http:\/\/lapidarium.fundacja-hereditas.pl\/wp-content\/uploads\/2024\/09\/E_Dziedziniewicz-Rapca_Warszawa_Filtrowa_81_wewnetrzne_podworze_kapliczka_na_scianie_od_Filtrowej_cala-1068x1256.jpg 1068w, http:\/\/lapidarium.fundacja-hereditas.pl\/wp-content\/uploads\/2024\/09\/E_Dziedziniewicz-Rapca_Warszawa_Filtrowa_81_wewnetrzne_podworze_kapliczka_na_scianie_od_Filtrowej_cala-1920x2258.jpg 1920w\" sizes=\"auto, (max-width: 871px) 100vw, 871px\" \/><\/a><figcaption class=\"wp-element-caption\">Kapliczka w p\u00f3\u0142nocnej cz\u0119\u015bci podw\u00f3rza. Fot. Ewa Dziedziniewicz-R\u0105pca, 2023 r., \u017ar\u00f3d\u0142o: MWKZ.<\/figcaption><\/figure>\n\n\n\n<figure class=\"wp-block-image size-large\"><a href=\"http:\/\/lapidarium.fundacja-hereditas.pl\/wp-content\/uploads\/2024\/09\/E_Dziedziniewicz-Rapca_Warszawa_Filtrowa_81_wewnetrzne_podworze_naroznik_od_Filtrowej-scaled.jpg\"><img loading=\"lazy\" decoding=\"async\" width=\"1024\" height=\"768\" data-id=\"27063\" src=\"http:\/\/lapidarium.fundacja-hereditas.pl\/wp-content\/uploads\/2024\/09\/E_Dziedziniewicz-Rapca_Warszawa_Filtrowa_81_wewnetrzne_podworze_naroznik_od_Filtrowej-1024x768.jpg\" alt=\"\" class=\"wp-image-27063\" srcset=\"http:\/\/lapidarium.fundacja-hereditas.pl\/wp-content\/uploads\/2024\/09\/E_Dziedziniewicz-Rapca_Warszawa_Filtrowa_81_wewnetrzne_podworze_naroznik_od_Filtrowej-1024x768.jpg 1024w, http:\/\/lapidarium.fundacja-hereditas.pl\/wp-content\/uploads\/2024\/09\/E_Dziedziniewicz-Rapca_Warszawa_Filtrowa_81_wewnetrzne_podworze_naroznik_od_Filtrowej-300x225.jpg 300w, http:\/\/lapidarium.fundacja-hereditas.pl\/wp-content\/uploads\/2024\/09\/E_Dziedziniewicz-Rapca_Warszawa_Filtrowa_81_wewnetrzne_podworze_naroznik_od_Filtrowej-768x576.jpg 768w, http:\/\/lapidarium.fundacja-hereditas.pl\/wp-content\/uploads\/2024\/09\/E_Dziedziniewicz-Rapca_Warszawa_Filtrowa_81_wewnetrzne_podworze_naroznik_od_Filtrowej-1536x1152.jpg 1536w, http:\/\/lapidarium.fundacja-hereditas.pl\/wp-content\/uploads\/2024\/09\/E_Dziedziniewicz-Rapca_Warszawa_Filtrowa_81_wewnetrzne_podworze_naroznik_od_Filtrowej-2048x1536.jpg 2048w, http:\/\/lapidarium.fundacja-hereditas.pl\/wp-content\/uploads\/2024\/09\/E_Dziedziniewicz-Rapca_Warszawa_Filtrowa_81_wewnetrzne_podworze_naroznik_od_Filtrowej-150x113.jpg 150w, http:\/\/lapidarium.fundacja-hereditas.pl\/wp-content\/uploads\/2024\/09\/E_Dziedziniewicz-Rapca_Warszawa_Filtrowa_81_wewnetrzne_podworze_naroznik_od_Filtrowej-696x522.jpg 696w, http:\/\/lapidarium.fundacja-hereditas.pl\/wp-content\/uploads\/2024\/09\/E_Dziedziniewicz-Rapca_Warszawa_Filtrowa_81_wewnetrzne_podworze_naroznik_od_Filtrowej-1068x801.jpg 1068w, http:\/\/lapidarium.fundacja-hereditas.pl\/wp-content\/uploads\/2024\/09\/E_Dziedziniewicz-Rapca_Warszawa_Filtrowa_81_wewnetrzne_podworze_naroznik_od_Filtrowej-1920x1440.jpg 1920w\" sizes=\"auto, (max-width: 1024px) 100vw, 1024px\" \/><\/a><figcaption class=\"wp-element-caption\">P\u00f3\u0142nocno wschodni naro\u017cnik podw\u00f3rza. Fot. Ewa Dziedziniewicz-R\u0105pca, 2023 r., \u017ar\u00f3d\u0142o: MWKZ.<\/figcaption><\/figure>\n\n\n\n<figure class=\"wp-block-image size-large\"><a href=\"http:\/\/lapidarium.fundacja-hereditas.pl\/wp-content\/uploads\/2024\/09\/E_Dziedziniewicz-Rapca_Warszawa_Filtrowa_81_wewnetrzne_podworze_naroznik_od_Filtrowej_caly-scaled.jpg\"><img loading=\"lazy\" decoding=\"async\" width=\"773\" height=\"1024\" data-id=\"27064\" src=\"http:\/\/lapidarium.fundacja-hereditas.pl\/wp-content\/uploads\/2024\/09\/E_Dziedziniewicz-Rapca_Warszawa_Filtrowa_81_wewnetrzne_podworze_naroznik_od_Filtrowej_caly-773x1024.jpg\" alt=\"\" class=\"wp-image-27064\" srcset=\"http:\/\/lapidarium.fundacja-hereditas.pl\/wp-content\/uploads\/2024\/09\/E_Dziedziniewicz-Rapca_Warszawa_Filtrowa_81_wewnetrzne_podworze_naroznik_od_Filtrowej_caly-773x1024.jpg 773w, http:\/\/lapidarium.fundacja-hereditas.pl\/wp-content\/uploads\/2024\/09\/E_Dziedziniewicz-Rapca_Warszawa_Filtrowa_81_wewnetrzne_podworze_naroznik_od_Filtrowej_caly-226x300.jpg 226w, http:\/\/lapidarium.fundacja-hereditas.pl\/wp-content\/uploads\/2024\/09\/E_Dziedziniewicz-Rapca_Warszawa_Filtrowa_81_wewnetrzne_podworze_naroznik_od_Filtrowej_caly-768x1017.jpg 768w, http:\/\/lapidarium.fundacja-hereditas.pl\/wp-content\/uploads\/2024\/09\/E_Dziedziniewicz-Rapca_Warszawa_Filtrowa_81_wewnetrzne_podworze_naroznik_od_Filtrowej_caly-1160x1536.jpg 1160w, http:\/\/lapidarium.fundacja-hereditas.pl\/wp-content\/uploads\/2024\/09\/E_Dziedziniewicz-Rapca_Warszawa_Filtrowa_81_wewnetrzne_podworze_naroznik_od_Filtrowej_caly-1546x2048.jpg 1546w, http:\/\/lapidarium.fundacja-hereditas.pl\/wp-content\/uploads\/2024\/09\/E_Dziedziniewicz-Rapca_Warszawa_Filtrowa_81_wewnetrzne_podworze_naroznik_od_Filtrowej_caly-150x199.jpg 150w, http:\/\/lapidarium.fundacja-hereditas.pl\/wp-content\/uploads\/2024\/09\/E_Dziedziniewicz-Rapca_Warszawa_Filtrowa_81_wewnetrzne_podworze_naroznik_od_Filtrowej_caly-300x397.jpg 300w, http:\/\/lapidarium.fundacja-hereditas.pl\/wp-content\/uploads\/2024\/09\/E_Dziedziniewicz-Rapca_Warszawa_Filtrowa_81_wewnetrzne_podworze_naroznik_od_Filtrowej_caly-696x922.jpg 696w, http:\/\/lapidarium.fundacja-hereditas.pl\/wp-content\/uploads\/2024\/09\/E_Dziedziniewicz-Rapca_Warszawa_Filtrowa_81_wewnetrzne_podworze_naroznik_od_Filtrowej_caly-1068x1415.jpg 1068w, http:\/\/lapidarium.fundacja-hereditas.pl\/wp-content\/uploads\/2024\/09\/E_Dziedziniewicz-Rapca_Warszawa_Filtrowa_81_wewnetrzne_podworze_naroznik_od_Filtrowej_caly-1920x2543.jpg 1920w, http:\/\/lapidarium.fundacja-hereditas.pl\/wp-content\/uploads\/2024\/09\/E_Dziedziniewicz-Rapca_Warszawa_Filtrowa_81_wewnetrzne_podworze_naroznik_od_Filtrowej_caly-scaled.jpg 1933w\" sizes=\"auto, (max-width: 773px) 100vw, 773px\" \/><\/a><figcaption class=\"wp-element-caption\">P\u00f3\u0142nocno wschodni naro\u017cnik podw\u00f3rza. Fot. Ewa Dziedziniewicz-R\u0105pca, 2023 r., \u017ar\u00f3d\u0142o: MWKZ.<\/figcaption><\/figure>\n\n\n\n<figure class=\"wp-block-image size-large\"><a href=\"http:\/\/lapidarium.fundacja-hereditas.pl\/wp-content\/uploads\/2024\/09\/E_Dziedziniewicz-Rapca_Warszawa_Filtrowa_81_wewnetrzne_podworze_fasada_polnocna_naroznik_od_Filtrowej-scaled.jpg\"><img loading=\"lazy\" decoding=\"async\" width=\"778\" height=\"1024\" data-id=\"27051\" src=\"http:\/\/lapidarium.fundacja-hereditas.pl\/wp-content\/uploads\/2024\/09\/E_Dziedziniewicz-Rapca_Warszawa_Filtrowa_81_wewnetrzne_podworze_fasada_polnocna_naroznik_od_Filtrowej-778x1024.jpg\" alt=\"\" class=\"wp-image-27051\" srcset=\"http:\/\/lapidarium.fundacja-hereditas.pl\/wp-content\/uploads\/2024\/09\/E_Dziedziniewicz-Rapca_Warszawa_Filtrowa_81_wewnetrzne_podworze_fasada_polnocna_naroznik_od_Filtrowej-778x1024.jpg 778w, http:\/\/lapidarium.fundacja-hereditas.pl\/wp-content\/uploads\/2024\/09\/E_Dziedziniewicz-Rapca_Warszawa_Filtrowa_81_wewnetrzne_podworze_fasada_polnocna_naroznik_od_Filtrowej-228x300.jpg 228w, http:\/\/lapidarium.fundacja-hereditas.pl\/wp-content\/uploads\/2024\/09\/E_Dziedziniewicz-Rapca_Warszawa_Filtrowa_81_wewnetrzne_podworze_fasada_polnocna_naroznik_od_Filtrowej-768x1011.jpg 768w, http:\/\/lapidarium.fundacja-hereditas.pl\/wp-content\/uploads\/2024\/09\/E_Dziedziniewicz-Rapca_Warszawa_Filtrowa_81_wewnetrzne_podworze_fasada_polnocna_naroznik_od_Filtrowej-1167x1536.jpg 1167w, http:\/\/lapidarium.fundacja-hereditas.pl\/wp-content\/uploads\/2024\/09\/E_Dziedziniewicz-Rapca_Warszawa_Filtrowa_81_wewnetrzne_podworze_fasada_polnocna_naroznik_od_Filtrowej-1556x2048.jpg 1556w, http:\/\/lapidarium.fundacja-hereditas.pl\/wp-content\/uploads\/2024\/09\/E_Dziedziniewicz-Rapca_Warszawa_Filtrowa_81_wewnetrzne_podworze_fasada_polnocna_naroznik_od_Filtrowej-150x197.jpg 150w, http:\/\/lapidarium.fundacja-hereditas.pl\/wp-content\/uploads\/2024\/09\/E_Dziedziniewicz-Rapca_Warszawa_Filtrowa_81_wewnetrzne_podworze_fasada_polnocna_naroznik_od_Filtrowej-300x395.jpg 300w, http:\/\/lapidarium.fundacja-hereditas.pl\/wp-content\/uploads\/2024\/09\/E_Dziedziniewicz-Rapca_Warszawa_Filtrowa_81_wewnetrzne_podworze_fasada_polnocna_naroznik_od_Filtrowej-696x916.jpg 696w, http:\/\/lapidarium.fundacja-hereditas.pl\/wp-content\/uploads\/2024\/09\/E_Dziedziniewicz-Rapca_Warszawa_Filtrowa_81_wewnetrzne_podworze_fasada_polnocna_naroznik_od_Filtrowej-1068x1406.jpg 1068w, http:\/\/lapidarium.fundacja-hereditas.pl\/wp-content\/uploads\/2024\/09\/E_Dziedziniewicz-Rapca_Warszawa_Filtrowa_81_wewnetrzne_podworze_fasada_polnocna_naroznik_od_Filtrowej-1920x2527.jpg 1920w, http:\/\/lapidarium.fundacja-hereditas.pl\/wp-content\/uploads\/2024\/09\/E_Dziedziniewicz-Rapca_Warszawa_Filtrowa_81_wewnetrzne_podworze_fasada_polnocna_naroznik_od_Filtrowej-scaled.jpg 1945w\" sizes=\"auto, (max-width: 778px) 100vw, 778px\" \/><\/a><figcaption class=\"wp-element-caption\">P\u00f3\u0142nocno wschodni naro\u017cnik podw\u00f3rza. Fot. Ewa Dziedziniewicz-R\u0105pca, 2023 r., \u017ar\u00f3d\u0142o: MWKZ.<\/figcaption><\/figure>\n\n\n\n<figure class=\"wp-block-image size-large\"><a href=\"http:\/\/lapidarium.fundacja-hereditas.pl\/wp-content\/uploads\/2024\/09\/E_Dziedziniewicz-Rapca_Warszawa_Filtrowa_81_wewnetrzne_podworze_fasada_polnocna_i_wschodnia-scaled.jpg\"><img loading=\"lazy\" decoding=\"async\" width=\"805\" height=\"1024\" data-id=\"27049\" src=\"http:\/\/lapidarium.fundacja-hereditas.pl\/wp-content\/uploads\/2024\/09\/E_Dziedziniewicz-Rapca_Warszawa_Filtrowa_81_wewnetrzne_podworze_fasada_polnocna_i_wschodnia-805x1024.jpg\" alt=\"\" class=\"wp-image-27049\" srcset=\"http:\/\/lapidarium.fundacja-hereditas.pl\/wp-content\/uploads\/2024\/09\/E_Dziedziniewicz-Rapca_Warszawa_Filtrowa_81_wewnetrzne_podworze_fasada_polnocna_i_wschodnia-805x1024.jpg 805w, http:\/\/lapidarium.fundacja-hereditas.pl\/wp-content\/uploads\/2024\/09\/E_Dziedziniewicz-Rapca_Warszawa_Filtrowa_81_wewnetrzne_podworze_fasada_polnocna_i_wschodnia-236x300.jpg 236w, http:\/\/lapidarium.fundacja-hereditas.pl\/wp-content\/uploads\/2024\/09\/E_Dziedziniewicz-Rapca_Warszawa_Filtrowa_81_wewnetrzne_podworze_fasada_polnocna_i_wschodnia-768x977.jpg 768w, http:\/\/lapidarium.fundacja-hereditas.pl\/wp-content\/uploads\/2024\/09\/E_Dziedziniewicz-Rapca_Warszawa_Filtrowa_81_wewnetrzne_podworze_fasada_polnocna_i_wschodnia-1208x1536.jpg 1208w, http:\/\/lapidarium.fundacja-hereditas.pl\/wp-content\/uploads\/2024\/09\/E_Dziedziniewicz-Rapca_Warszawa_Filtrowa_81_wewnetrzne_podworze_fasada_polnocna_i_wschodnia-1610x2048.jpg 1610w, http:\/\/lapidarium.fundacja-hereditas.pl\/wp-content\/uploads\/2024\/09\/E_Dziedziniewicz-Rapca_Warszawa_Filtrowa_81_wewnetrzne_podworze_fasada_polnocna_i_wschodnia-150x191.jpg 150w, http:\/\/lapidarium.fundacja-hereditas.pl\/wp-content\/uploads\/2024\/09\/E_Dziedziniewicz-Rapca_Warszawa_Filtrowa_81_wewnetrzne_podworze_fasada_polnocna_i_wschodnia-300x382.jpg 300w, http:\/\/lapidarium.fundacja-hereditas.pl\/wp-content\/uploads\/2024\/09\/E_Dziedziniewicz-Rapca_Warszawa_Filtrowa_81_wewnetrzne_podworze_fasada_polnocna_i_wschodnia-696x885.jpg 696w, http:\/\/lapidarium.fundacja-hereditas.pl\/wp-content\/uploads\/2024\/09\/E_Dziedziniewicz-Rapca_Warszawa_Filtrowa_81_wewnetrzne_podworze_fasada_polnocna_i_wschodnia-1068x1359.jpg 1068w, http:\/\/lapidarium.fundacja-hereditas.pl\/wp-content\/uploads\/2024\/09\/E_Dziedziniewicz-Rapca_Warszawa_Filtrowa_81_wewnetrzne_podworze_fasada_polnocna_i_wschodnia-1920x2442.jpg 1920w, http:\/\/lapidarium.fundacja-hereditas.pl\/wp-content\/uploads\/2024\/09\/E_Dziedziniewicz-Rapca_Warszawa_Filtrowa_81_wewnetrzne_podworze_fasada_polnocna_i_wschodnia-scaled.jpg 2013w\" sizes=\"auto, (max-width: 805px) 100vw, 805px\" \/><\/a><figcaption class=\"wp-element-caption\">Podw\u00f3rze. Widok na p\u00f3\u0142noc ku ul. Filtrowej. Fot. Ewa Dziedziniewicz-R\u0105pca, 2023 r., \u017ar\u00f3d\u0142o: MWKZ.<\/figcaption><\/figure>\n\n\n\n<figure class=\"wp-block-image size-large\"><a href=\"http:\/\/lapidarium.fundacja-hereditas.pl\/wp-content\/uploads\/2024\/09\/E_Dziedziniewicz-Rapca_Warszawa_Filtrowa_81_wewnetrzne_podworze_fasada_polnocna_i_wschodnia_parter-scaled.jpg\"><img loading=\"lazy\" decoding=\"async\" width=\"1024\" height=\"817\" data-id=\"27050\" src=\"http:\/\/lapidarium.fundacja-hereditas.pl\/wp-content\/uploads\/2024\/09\/E_Dziedziniewicz-Rapca_Warszawa_Filtrowa_81_wewnetrzne_podworze_fasada_polnocna_i_wschodnia_parter-1024x817.jpg\" alt=\"\" class=\"wp-image-27050\" srcset=\"http:\/\/lapidarium.fundacja-hereditas.pl\/wp-content\/uploads\/2024\/09\/E_Dziedziniewicz-Rapca_Warszawa_Filtrowa_81_wewnetrzne_podworze_fasada_polnocna_i_wschodnia_parter-1024x817.jpg 1024w, http:\/\/lapidarium.fundacja-hereditas.pl\/wp-content\/uploads\/2024\/09\/E_Dziedziniewicz-Rapca_Warszawa_Filtrowa_81_wewnetrzne_podworze_fasada_polnocna_i_wschodnia_parter-300x239.jpg 300w, http:\/\/lapidarium.fundacja-hereditas.pl\/wp-content\/uploads\/2024\/09\/E_Dziedziniewicz-Rapca_Warszawa_Filtrowa_81_wewnetrzne_podworze_fasada_polnocna_i_wschodnia_parter-768x613.jpg 768w, http:\/\/lapidarium.fundacja-hereditas.pl\/wp-content\/uploads\/2024\/09\/E_Dziedziniewicz-Rapca_Warszawa_Filtrowa_81_wewnetrzne_podworze_fasada_polnocna_i_wschodnia_parter-1536x1226.jpg 1536w, http:\/\/lapidarium.fundacja-hereditas.pl\/wp-content\/uploads\/2024\/09\/E_Dziedziniewicz-Rapca_Warszawa_Filtrowa_81_wewnetrzne_podworze_fasada_polnocna_i_wschodnia_parter-2048x1634.jpg 2048w, http:\/\/lapidarium.fundacja-hereditas.pl\/wp-content\/uploads\/2024\/09\/E_Dziedziniewicz-Rapca_Warszawa_Filtrowa_81_wewnetrzne_podworze_fasada_polnocna_i_wschodnia_parter-150x120.jpg 150w, http:\/\/lapidarium.fundacja-hereditas.pl\/wp-content\/uploads\/2024\/09\/E_Dziedziniewicz-Rapca_Warszawa_Filtrowa_81_wewnetrzne_podworze_fasada_polnocna_i_wschodnia_parter-696x555.jpg 696w, http:\/\/lapidarium.fundacja-hereditas.pl\/wp-content\/uploads\/2024\/09\/E_Dziedziniewicz-Rapca_Warszawa_Filtrowa_81_wewnetrzne_podworze_fasada_polnocna_i_wschodnia_parter-1068x852.jpg 1068w, http:\/\/lapidarium.fundacja-hereditas.pl\/wp-content\/uploads\/2024\/09\/E_Dziedziniewicz-Rapca_Warszawa_Filtrowa_81_wewnetrzne_podworze_fasada_polnocna_i_wschodnia_parter-1920x1532.jpg 1920w\" sizes=\"auto, (max-width: 1024px) 100vw, 1024px\" \/><\/a><figcaption class=\"wp-element-caption\">Podw\u00f3rze. Widok na p\u00f3\u0142noc ku ul. Filtrowej. Fot. Ewa Dziedziniewicz-R\u0105pca, 2023 r., \u017ar\u00f3d\u0142o: MWKZ.<\/figcaption><\/figure>\n\n\n\n<figure class=\"wp-block-image size-large\"><a href=\"http:\/\/lapidarium.fundacja-hereditas.pl\/wp-content\/uploads\/2024\/09\/E_Dziedziniewicz-Rapca_Warszawa_Filtrowa_81_wewnetrzne_podworze_fasada_polnocna_i_wschodnia_przez_brame-scaled.jpg\"><img loading=\"lazy\" decoding=\"async\" width=\"816\" height=\"1024\" data-id=\"27042\" src=\"http:\/\/lapidarium.fundacja-hereditas.pl\/wp-content\/uploads\/2024\/09\/E_Dziedziniewicz-Rapca_Warszawa_Filtrowa_81_wewnetrzne_podworze_fasada_polnocna_i_wschodnia_przez_brame-816x1024.jpg\" alt=\"\" class=\"wp-image-27042\" srcset=\"http:\/\/lapidarium.fundacja-hereditas.pl\/wp-content\/uploads\/2024\/09\/E_Dziedziniewicz-Rapca_Warszawa_Filtrowa_81_wewnetrzne_podworze_fasada_polnocna_i_wschodnia_przez_brame-816x1024.jpg 816w, http:\/\/lapidarium.fundacja-hereditas.pl\/wp-content\/uploads\/2024\/09\/E_Dziedziniewicz-Rapca_Warszawa_Filtrowa_81_wewnetrzne_podworze_fasada_polnocna_i_wschodnia_przez_brame-239x300.jpg 239w, http:\/\/lapidarium.fundacja-hereditas.pl\/wp-content\/uploads\/2024\/09\/E_Dziedziniewicz-Rapca_Warszawa_Filtrowa_81_wewnetrzne_podworze_fasada_polnocna_i_wschodnia_przez_brame-768x963.jpg 768w, http:\/\/lapidarium.fundacja-hereditas.pl\/wp-content\/uploads\/2024\/09\/E_Dziedziniewicz-Rapca_Warszawa_Filtrowa_81_wewnetrzne_podworze_fasada_polnocna_i_wschodnia_przez_brame-1225x1536.jpg 1225w, http:\/\/lapidarium.fundacja-hereditas.pl\/wp-content\/uploads\/2024\/09\/E_Dziedziniewicz-Rapca_Warszawa_Filtrowa_81_wewnetrzne_podworze_fasada_polnocna_i_wschodnia_przez_brame-1633x2048.jpg 1633w, http:\/\/lapidarium.fundacja-hereditas.pl\/wp-content\/uploads\/2024\/09\/E_Dziedziniewicz-Rapca_Warszawa_Filtrowa_81_wewnetrzne_podworze_fasada_polnocna_i_wschodnia_przez_brame-150x188.jpg 150w, http:\/\/lapidarium.fundacja-hereditas.pl\/wp-content\/uploads\/2024\/09\/E_Dziedziniewicz-Rapca_Warszawa_Filtrowa_81_wewnetrzne_podworze_fasada_polnocna_i_wschodnia_przez_brame-300x376.jpg 300w, http:\/\/lapidarium.fundacja-hereditas.pl\/wp-content\/uploads\/2024\/09\/E_Dziedziniewicz-Rapca_Warszawa_Filtrowa_81_wewnetrzne_podworze_fasada_polnocna_i_wschodnia_przez_brame-696x873.jpg 696w, http:\/\/lapidarium.fundacja-hereditas.pl\/wp-content\/uploads\/2024\/09\/E_Dziedziniewicz-Rapca_Warszawa_Filtrowa_81_wewnetrzne_podworze_fasada_polnocna_i_wschodnia_przez_brame-1068x1339.jpg 1068w, http:\/\/lapidarium.fundacja-hereditas.pl\/wp-content\/uploads\/2024\/09\/E_Dziedziniewicz-Rapca_Warszawa_Filtrowa_81_wewnetrzne_podworze_fasada_polnocna_i_wschodnia_przez_brame-1920x2408.jpg 1920w, http:\/\/lapidarium.fundacja-hereditas.pl\/wp-content\/uploads\/2024\/09\/E_Dziedziniewicz-Rapca_Warszawa_Filtrowa_81_wewnetrzne_podworze_fasada_polnocna_i_wschodnia_przez_brame-scaled.jpg 2041w\" sizes=\"auto, (max-width: 816px) 100vw, 816px\" \/><\/a><figcaption class=\"wp-element-caption\">Podw\u00f3rze. Widok ku ul. Filtrowej, z nieu\u017cywanej bramy od ul. Supi\u0144skiego. Fot. Ewa Dziedziniewicz-R\u0105pca, 2023 r., \u017ar\u00f3d\u0142o: MWKZ.<\/figcaption><\/figure>\n\n\n\n<figure class=\"wp-block-image size-large\"><a href=\"http:\/\/lapidarium.fundacja-hereditas.pl\/wp-content\/uploads\/2024\/09\/E_Dziedziniewicz-Rapca_Warszawa_Filtrowa_81_wewnetrzne_podworze_okno_parter-scaled.jpg\"><img loading=\"lazy\" decoding=\"async\" width=\"783\" height=\"1024\" data-id=\"27066\" src=\"http:\/\/lapidarium.fundacja-hereditas.pl\/wp-content\/uploads\/2024\/09\/E_Dziedziniewicz-Rapca_Warszawa_Filtrowa_81_wewnetrzne_podworze_okno_parter-783x1024.jpg\" alt=\"\" class=\"wp-image-27066\" srcset=\"http:\/\/lapidarium.fundacja-hereditas.pl\/wp-content\/uploads\/2024\/09\/E_Dziedziniewicz-Rapca_Warszawa_Filtrowa_81_wewnetrzne_podworze_okno_parter-783x1024.jpg 783w, http:\/\/lapidarium.fundacja-hereditas.pl\/wp-content\/uploads\/2024\/09\/E_Dziedziniewicz-Rapca_Warszawa_Filtrowa_81_wewnetrzne_podworze_okno_parter-229x300.jpg 229w, http:\/\/lapidarium.fundacja-hereditas.pl\/wp-content\/uploads\/2024\/09\/E_Dziedziniewicz-Rapca_Warszawa_Filtrowa_81_wewnetrzne_podworze_okno_parter-768x1004.jpg 768w, http:\/\/lapidarium.fundacja-hereditas.pl\/wp-content\/uploads\/2024\/09\/E_Dziedziniewicz-Rapca_Warszawa_Filtrowa_81_wewnetrzne_podworze_okno_parter-1175x1536.jpg 1175w, http:\/\/lapidarium.fundacja-hereditas.pl\/wp-content\/uploads\/2024\/09\/E_Dziedziniewicz-Rapca_Warszawa_Filtrowa_81_wewnetrzne_podworze_okno_parter-1566x2048.jpg 1566w, http:\/\/lapidarium.fundacja-hereditas.pl\/wp-content\/uploads\/2024\/09\/E_Dziedziniewicz-Rapca_Warszawa_Filtrowa_81_wewnetrzne_podworze_okno_parter-150x196.jpg 150w, http:\/\/lapidarium.fundacja-hereditas.pl\/wp-content\/uploads\/2024\/09\/E_Dziedziniewicz-Rapca_Warszawa_Filtrowa_81_wewnetrzne_podworze_okno_parter-300x392.jpg 300w, http:\/\/lapidarium.fundacja-hereditas.pl\/wp-content\/uploads\/2024\/09\/E_Dziedziniewicz-Rapca_Warszawa_Filtrowa_81_wewnetrzne_podworze_okno_parter-696x910.jpg 696w, http:\/\/lapidarium.fundacja-hereditas.pl\/wp-content\/uploads\/2024\/09\/E_Dziedziniewicz-Rapca_Warszawa_Filtrowa_81_wewnetrzne_podworze_okno_parter-1068x1397.jpg 1068w, http:\/\/lapidarium.fundacja-hereditas.pl\/wp-content\/uploads\/2024\/09\/E_Dziedziniewicz-Rapca_Warszawa_Filtrowa_81_wewnetrzne_podworze_okno_parter-1920x2511.jpg 1920w, http:\/\/lapidarium.fundacja-hereditas.pl\/wp-content\/uploads\/2024\/09\/E_Dziedziniewicz-Rapca_Warszawa_Filtrowa_81_wewnetrzne_podworze_okno_parter-scaled.jpg 1958w\" sizes=\"auto, (max-width: 783px) 100vw, 783px\" \/><\/a><figcaption class=\"wp-element-caption\">Podw\u00f3rze &#8211; okno parteru. Fot. Ewa Dziedziniewicz-R\u0105pca, 2023 r., \u017ar\u00f3d\u0142o: MWKZ.<\/figcaption><\/figure>\n\n\n\n<figure class=\"wp-block-image size-large\"><a href=\"http:\/\/lapidarium.fundacja-hereditas.pl\/wp-content\/uploads\/2024\/09\/E_Dziedziniewicz-Rapca_Warszawa_Filtrowa_81_wewnetrzne_podworze_okna-scaled.jpg\"><img loading=\"lazy\" decoding=\"async\" width=\"1024\" height=\"763\" data-id=\"27065\" src=\"http:\/\/lapidarium.fundacja-hereditas.pl\/wp-content\/uploads\/2024\/09\/E_Dziedziniewicz-Rapca_Warszawa_Filtrowa_81_wewnetrzne_podworze_okna-1024x763.jpg\" alt=\"\" class=\"wp-image-27065\" srcset=\"http:\/\/lapidarium.fundacja-hereditas.pl\/wp-content\/uploads\/2024\/09\/E_Dziedziniewicz-Rapca_Warszawa_Filtrowa_81_wewnetrzne_podworze_okna-1024x763.jpg 1024w, http:\/\/lapidarium.fundacja-hereditas.pl\/wp-content\/uploads\/2024\/09\/E_Dziedziniewicz-Rapca_Warszawa_Filtrowa_81_wewnetrzne_podworze_okna-300x224.jpg 300w, http:\/\/lapidarium.fundacja-hereditas.pl\/wp-content\/uploads\/2024\/09\/E_Dziedziniewicz-Rapca_Warszawa_Filtrowa_81_wewnetrzne_podworze_okna-768x572.jpg 768w, http:\/\/lapidarium.fundacja-hereditas.pl\/wp-content\/uploads\/2024\/09\/E_Dziedziniewicz-Rapca_Warszawa_Filtrowa_81_wewnetrzne_podworze_okna-1536x1145.jpg 1536w, http:\/\/lapidarium.fundacja-hereditas.pl\/wp-content\/uploads\/2024\/09\/E_Dziedziniewicz-Rapca_Warszawa_Filtrowa_81_wewnetrzne_podworze_okna-2048x1526.jpg 2048w, http:\/\/lapidarium.fundacja-hereditas.pl\/wp-content\/uploads\/2024\/09\/E_Dziedziniewicz-Rapca_Warszawa_Filtrowa_81_wewnetrzne_podworze_okna-150x112.jpg 150w, http:\/\/lapidarium.fundacja-hereditas.pl\/wp-content\/uploads\/2024\/09\/E_Dziedziniewicz-Rapca_Warszawa_Filtrowa_81_wewnetrzne_podworze_okna-485x360.jpg 485w, http:\/\/lapidarium.fundacja-hereditas.pl\/wp-content\/uploads\/2024\/09\/E_Dziedziniewicz-Rapca_Warszawa_Filtrowa_81_wewnetrzne_podworze_okna-696x519.jpg 696w, http:\/\/lapidarium.fundacja-hereditas.pl\/wp-content\/uploads\/2024\/09\/E_Dziedziniewicz-Rapca_Warszawa_Filtrowa_81_wewnetrzne_podworze_okna-1068x796.jpg 1068w, http:\/\/lapidarium.fundacja-hereditas.pl\/wp-content\/uploads\/2024\/09\/E_Dziedziniewicz-Rapca_Warszawa_Filtrowa_81_wewnetrzne_podworze_okna-1920x1431.jpg 1920w\" sizes=\"auto, (max-width: 1024px) 100vw, 1024px\" \/><\/a><figcaption class=\"wp-element-caption\">Podw\u00f3rze &#8211; okna ostatnich kondygnacji. Fot. Ewa Dziedziniewicz-R\u0105pca, 2023 r., \u017ar\u00f3d\u0142o: MWKZ.<\/figcaption><\/figure>\n\n\n\n<figure class=\"wp-block-image size-large\"><a href=\"http:\/\/lapidarium.fundacja-hereditas.pl\/wp-content\/uploads\/2024\/09\/E_Dziedziniewicz-Rapca_Warszawa_Filtrowa_81_wewnetrzne_podworze_fasada-wschodnia-scaled.jpg\"><img loading=\"lazy\" decoding=\"async\" width=\"774\" height=\"1024\" data-id=\"27046\" src=\"http:\/\/lapidarium.fundacja-hereditas.pl\/wp-content\/uploads\/2024\/09\/E_Dziedziniewicz-Rapca_Warszawa_Filtrowa_81_wewnetrzne_podworze_fasada-wschodnia-774x1024.jpg\" alt=\"\" class=\"wp-image-27046\" srcset=\"http:\/\/lapidarium.fundacja-hereditas.pl\/wp-content\/uploads\/2024\/09\/E_Dziedziniewicz-Rapca_Warszawa_Filtrowa_81_wewnetrzne_podworze_fasada-wschodnia-774x1024.jpg 774w, http:\/\/lapidarium.fundacja-hereditas.pl\/wp-content\/uploads\/2024\/09\/E_Dziedziniewicz-Rapca_Warszawa_Filtrowa_81_wewnetrzne_podworze_fasada-wschodnia-227x300.jpg 227w, http:\/\/lapidarium.fundacja-hereditas.pl\/wp-content\/uploads\/2024\/09\/E_Dziedziniewicz-Rapca_Warszawa_Filtrowa_81_wewnetrzne_podworze_fasada-wschodnia-768x1015.jpg 768w, http:\/\/lapidarium.fundacja-hereditas.pl\/wp-content\/uploads\/2024\/09\/E_Dziedziniewicz-Rapca_Warszawa_Filtrowa_81_wewnetrzne_podworze_fasada-wschodnia-1162x1536.jpg 1162w, http:\/\/lapidarium.fundacja-hereditas.pl\/wp-content\/uploads\/2024\/09\/E_Dziedziniewicz-Rapca_Warszawa_Filtrowa_81_wewnetrzne_podworze_fasada-wschodnia-1549x2048.jpg 1549w, http:\/\/lapidarium.fundacja-hereditas.pl\/wp-content\/uploads\/2024\/09\/E_Dziedziniewicz-Rapca_Warszawa_Filtrowa_81_wewnetrzne_podworze_fasada-wschodnia-150x198.jpg 150w, http:\/\/lapidarium.fundacja-hereditas.pl\/wp-content\/uploads\/2024\/09\/E_Dziedziniewicz-Rapca_Warszawa_Filtrowa_81_wewnetrzne_podworze_fasada-wschodnia-300x397.jpg 300w, http:\/\/lapidarium.fundacja-hereditas.pl\/wp-content\/uploads\/2024\/09\/E_Dziedziniewicz-Rapca_Warszawa_Filtrowa_81_wewnetrzne_podworze_fasada-wschodnia-696x920.jpg 696w, http:\/\/lapidarium.fundacja-hereditas.pl\/wp-content\/uploads\/2024\/09\/E_Dziedziniewicz-Rapca_Warszawa_Filtrowa_81_wewnetrzne_podworze_fasada-wschodnia-1068x1412.jpg 1068w, http:\/\/lapidarium.fundacja-hereditas.pl\/wp-content\/uploads\/2024\/09\/E_Dziedziniewicz-Rapca_Warszawa_Filtrowa_81_wewnetrzne_podworze_fasada-wschodnia-1920x2539.jpg 1920w, http:\/\/lapidarium.fundacja-hereditas.pl\/wp-content\/uploads\/2024\/09\/E_Dziedziniewicz-Rapca_Warszawa_Filtrowa_81_wewnetrzne_podworze_fasada-wschodnia-scaled.jpg 1936w\" sizes=\"auto, (max-width: 774px) 100vw, 774px\" \/><\/a><figcaption class=\"wp-element-caption\">Podw\u00f3rze. Skrzyd\u0142o od ul. Mochnackiego. Widok na wsch\u00f3d. Fot. Ewa Dziedziniewicz-R\u0105pca, 2023 r., \u017ar\u00f3d\u0142o: MWKZ.<\/figcaption><\/figure>\n\n\n\n<figure class=\"wp-block-image size-large\"><a href=\"http:\/\/lapidarium.fundacja-hereditas.pl\/wp-content\/uploads\/2024\/09\/E_Dziedziniewicz-Rapca_Warszawa_Filtrowa_81_wewnetrzne_podworze_fasada-wschodnia_skos-scaled.jpg\"><img loading=\"lazy\" decoding=\"async\" width=\"784\" height=\"1024\" data-id=\"27047\" src=\"http:\/\/lapidarium.fundacja-hereditas.pl\/wp-content\/uploads\/2024\/09\/E_Dziedziniewicz-Rapca_Warszawa_Filtrowa_81_wewnetrzne_podworze_fasada-wschodnia_skos-784x1024.jpg\" alt=\"\" class=\"wp-image-27047\" srcset=\"http:\/\/lapidarium.fundacja-hereditas.pl\/wp-content\/uploads\/2024\/09\/E_Dziedziniewicz-Rapca_Warszawa_Filtrowa_81_wewnetrzne_podworze_fasada-wschodnia_skos-784x1024.jpg 784w, http:\/\/lapidarium.fundacja-hereditas.pl\/wp-content\/uploads\/2024\/09\/E_Dziedziniewicz-Rapca_Warszawa_Filtrowa_81_wewnetrzne_podworze_fasada-wschodnia_skos-230x300.jpg 230w, http:\/\/lapidarium.fundacja-hereditas.pl\/wp-content\/uploads\/2024\/09\/E_Dziedziniewicz-Rapca_Warszawa_Filtrowa_81_wewnetrzne_podworze_fasada-wschodnia_skos-768x1003.jpg 768w, http:\/\/lapidarium.fundacja-hereditas.pl\/wp-content\/uploads\/2024\/09\/E_Dziedziniewicz-Rapca_Warszawa_Filtrowa_81_wewnetrzne_podworze_fasada-wschodnia_skos-1176x1536.jpg 1176w, http:\/\/lapidarium.fundacja-hereditas.pl\/wp-content\/uploads\/2024\/09\/E_Dziedziniewicz-Rapca_Warszawa_Filtrowa_81_wewnetrzne_podworze_fasada-wschodnia_skos-1567x2048.jpg 1567w, http:\/\/lapidarium.fundacja-hereditas.pl\/wp-content\/uploads\/2024\/09\/E_Dziedziniewicz-Rapca_Warszawa_Filtrowa_81_wewnetrzne_podworze_fasada-wschodnia_skos-150x196.jpg 150w, http:\/\/lapidarium.fundacja-hereditas.pl\/wp-content\/uploads\/2024\/09\/E_Dziedziniewicz-Rapca_Warszawa_Filtrowa_81_wewnetrzne_podworze_fasada-wschodnia_skos-300x392.jpg 300w, http:\/\/lapidarium.fundacja-hereditas.pl\/wp-content\/uploads\/2024\/09\/E_Dziedziniewicz-Rapca_Warszawa_Filtrowa_81_wewnetrzne_podworze_fasada-wschodnia_skos-696x909.jpg 696w, http:\/\/lapidarium.fundacja-hereditas.pl\/wp-content\/uploads\/2024\/09\/E_Dziedziniewicz-Rapca_Warszawa_Filtrowa_81_wewnetrzne_podworze_fasada-wschodnia_skos-1068x1395.jpg 1068w, http:\/\/lapidarium.fundacja-hereditas.pl\/wp-content\/uploads\/2024\/09\/E_Dziedziniewicz-Rapca_Warszawa_Filtrowa_81_wewnetrzne_podworze_fasada-wschodnia_skos-1920x2509.jpg 1920w, http:\/\/lapidarium.fundacja-hereditas.pl\/wp-content\/uploads\/2024\/09\/E_Dziedziniewicz-Rapca_Warszawa_Filtrowa_81_wewnetrzne_podworze_fasada-wschodnia_skos-scaled.jpg 1959w\" sizes=\"auto, (max-width: 784px) 100vw, 784px\" \/><\/a><figcaption class=\"wp-element-caption\">Podw\u00f3rze. Skrzyd\u0142o od ul. Mochnackiego. Widok na po\u0142udnie. Fot. Ewa Dziedziniewicz-R\u0105pca, 2023 r., \u017ar\u00f3d\u0142o: MWKZ.<\/figcaption><\/figure>\n\n\n\n<figure class=\"wp-block-image size-large\"><a href=\"http:\/\/lapidarium.fundacja-hereditas.pl\/wp-content\/uploads\/2024\/09\/E_Dziedziniewicz-Rapca_Warszawa_Filtrowa_81_wewnetrzne_podworze_fasada_wschodnia-scaled.jpg\"><img loading=\"lazy\" decoding=\"async\" width=\"1024\" height=\"750\" data-id=\"27059\" src=\"http:\/\/lapidarium.fundacja-hereditas.pl\/wp-content\/uploads\/2024\/09\/E_Dziedziniewicz-Rapca_Warszawa_Filtrowa_81_wewnetrzne_podworze_fasada_wschodnia-1024x750.jpg\" alt=\"\" class=\"wp-image-27059\" srcset=\"http:\/\/lapidarium.fundacja-hereditas.pl\/wp-content\/uploads\/2024\/09\/E_Dziedziniewicz-Rapca_Warszawa_Filtrowa_81_wewnetrzne_podworze_fasada_wschodnia-1024x750.jpg 1024w, http:\/\/lapidarium.fundacja-hereditas.pl\/wp-content\/uploads\/2024\/09\/E_Dziedziniewicz-Rapca_Warszawa_Filtrowa_81_wewnetrzne_podworze_fasada_wschodnia-300x220.jpg 300w, http:\/\/lapidarium.fundacja-hereditas.pl\/wp-content\/uploads\/2024\/09\/E_Dziedziniewicz-Rapca_Warszawa_Filtrowa_81_wewnetrzne_podworze_fasada_wschodnia-768x562.jpg 768w, http:\/\/lapidarium.fundacja-hereditas.pl\/wp-content\/uploads\/2024\/09\/E_Dziedziniewicz-Rapca_Warszawa_Filtrowa_81_wewnetrzne_podworze_fasada_wschodnia-1536x1124.jpg 1536w, http:\/\/lapidarium.fundacja-hereditas.pl\/wp-content\/uploads\/2024\/09\/E_Dziedziniewicz-Rapca_Warszawa_Filtrowa_81_wewnetrzne_podworze_fasada_wschodnia-2048x1499.jpg 2048w, http:\/\/lapidarium.fundacja-hereditas.pl\/wp-content\/uploads\/2024\/09\/E_Dziedziniewicz-Rapca_Warszawa_Filtrowa_81_wewnetrzne_podworze_fasada_wschodnia-150x110.jpg 150w, http:\/\/lapidarium.fundacja-hereditas.pl\/wp-content\/uploads\/2024\/09\/E_Dziedziniewicz-Rapca_Warszawa_Filtrowa_81_wewnetrzne_podworze_fasada_wschodnia-696x509.jpg 696w, http:\/\/lapidarium.fundacja-hereditas.pl\/wp-content\/uploads\/2024\/09\/E_Dziedziniewicz-Rapca_Warszawa_Filtrowa_81_wewnetrzne_podworze_fasada_wschodnia-1068x782.jpg 1068w, http:\/\/lapidarium.fundacja-hereditas.pl\/wp-content\/uploads\/2024\/09\/E_Dziedziniewicz-Rapca_Warszawa_Filtrowa_81_wewnetrzne_podworze_fasada_wschodnia-1920x1405.jpg 1920w\" sizes=\"auto, (max-width: 1024px) 100vw, 1024px\" \/><\/a><figcaption class=\"wp-element-caption\">Podw\u00f3rze &#8211; okna wy\u017cszych kondygnacji skrzyd\u0142a od ul. Mochnackiego. Widok na wsch\u00f3d. Fot. Ewa Dziedziniewicz-R\u0105pca, 2023 r., \u017ar\u00f3d\u0142o: MWKZ.<\/figcaption><\/figure>\n\n\n\n<figure class=\"wp-block-image size-large\"><a href=\"http:\/\/lapidarium.fundacja-hereditas.pl\/wp-content\/uploads\/2024\/09\/E_Dziedziniewicz-Rapca_Warszawa_Filtrowa_81_wewnetrzne_podworze_fasada_wschodnia_okna_parter-scaled.jpg\"><img loading=\"lazy\" decoding=\"async\" width=\"1024\" height=\"776\" data-id=\"27060\" src=\"http:\/\/lapidarium.fundacja-hereditas.pl\/wp-content\/uploads\/2024\/09\/E_Dziedziniewicz-Rapca_Warszawa_Filtrowa_81_wewnetrzne_podworze_fasada_wschodnia_okna_parter-1024x776.jpg\" alt=\"\" class=\"wp-image-27060\" srcset=\"http:\/\/lapidarium.fundacja-hereditas.pl\/wp-content\/uploads\/2024\/09\/E_Dziedziniewicz-Rapca_Warszawa_Filtrowa_81_wewnetrzne_podworze_fasada_wschodnia_okna_parter-1024x776.jpg 1024w, http:\/\/lapidarium.fundacja-hereditas.pl\/wp-content\/uploads\/2024\/09\/E_Dziedziniewicz-Rapca_Warszawa_Filtrowa_81_wewnetrzne_podworze_fasada_wschodnia_okna_parter-300x227.jpg 300w, http:\/\/lapidarium.fundacja-hereditas.pl\/wp-content\/uploads\/2024\/09\/E_Dziedziniewicz-Rapca_Warszawa_Filtrowa_81_wewnetrzne_podworze_fasada_wschodnia_okna_parter-768x582.jpg 768w, http:\/\/lapidarium.fundacja-hereditas.pl\/wp-content\/uploads\/2024\/09\/E_Dziedziniewicz-Rapca_Warszawa_Filtrowa_81_wewnetrzne_podworze_fasada_wschodnia_okna_parter-1536x1164.jpg 1536w, http:\/\/lapidarium.fundacja-hereditas.pl\/wp-content\/uploads\/2024\/09\/E_Dziedziniewicz-Rapca_Warszawa_Filtrowa_81_wewnetrzne_podworze_fasada_wschodnia_okna_parter-2048x1551.jpg 2048w, http:\/\/lapidarium.fundacja-hereditas.pl\/wp-content\/uploads\/2024\/09\/E_Dziedziniewicz-Rapca_Warszawa_Filtrowa_81_wewnetrzne_podworze_fasada_wschodnia_okna_parter-150x114.jpg 150w, http:\/\/lapidarium.fundacja-hereditas.pl\/wp-content\/uploads\/2024\/09\/E_Dziedziniewicz-Rapca_Warszawa_Filtrowa_81_wewnetrzne_podworze_fasada_wschodnia_okna_parter-696x527.jpg 696w, http:\/\/lapidarium.fundacja-hereditas.pl\/wp-content\/uploads\/2024\/09\/E_Dziedziniewicz-Rapca_Warszawa_Filtrowa_81_wewnetrzne_podworze_fasada_wschodnia_okna_parter-1068x809.jpg 1068w, http:\/\/lapidarium.fundacja-hereditas.pl\/wp-content\/uploads\/2024\/09\/E_Dziedziniewicz-Rapca_Warszawa_Filtrowa_81_wewnetrzne_podworze_fasada_wschodnia_okna_parter-1920x1454.jpg 1920w\" sizes=\"auto, (max-width: 1024px) 100vw, 1024px\" \/><\/a><figcaption class=\"wp-element-caption\">Podw\u00f3rze okna parteru skrzyd\u0142a od ul. Mochnackiego. Widok na wsch\u00f3d. Fot. Ewa Dziedziniewicz-R\u0105pca, 2023 r., \u017ar\u00f3d\u0142o: MWKZ.<\/figcaption><\/figure>\n\n\n\n<figure class=\"wp-block-image size-large\"><a href=\"http:\/\/lapidarium.fundacja-hereditas.pl\/wp-content\/uploads\/2024\/09\/E_Dziedziniewicz-Rapca_Warszawa_Filtrowa_81_wewnetrzne_podworze_fasada_poludniowa_pion-scaled.jpg\"><img loading=\"lazy\" decoding=\"async\" width=\"774\" height=\"1024\" data-id=\"27057\" src=\"http:\/\/lapidarium.fundacja-hereditas.pl\/wp-content\/uploads\/2024\/09\/E_Dziedziniewicz-Rapca_Warszawa_Filtrowa_81_wewnetrzne_podworze_fasada_poludniowa_pion-774x1024.jpg\" alt=\"\" class=\"wp-image-27057\" srcset=\"http:\/\/lapidarium.fundacja-hereditas.pl\/wp-content\/uploads\/2024\/09\/E_Dziedziniewicz-Rapca_Warszawa_Filtrowa_81_wewnetrzne_podworze_fasada_poludniowa_pion-774x1024.jpg 774w, http:\/\/lapidarium.fundacja-hereditas.pl\/wp-content\/uploads\/2024\/09\/E_Dziedziniewicz-Rapca_Warszawa_Filtrowa_81_wewnetrzne_podworze_fasada_poludniowa_pion-227x300.jpg 227w, http:\/\/lapidarium.fundacja-hereditas.pl\/wp-content\/uploads\/2024\/09\/E_Dziedziniewicz-Rapca_Warszawa_Filtrowa_81_wewnetrzne_podworze_fasada_poludniowa_pion-768x1016.jpg 768w, http:\/\/lapidarium.fundacja-hereditas.pl\/wp-content\/uploads\/2024\/09\/E_Dziedziniewicz-Rapca_Warszawa_Filtrowa_81_wewnetrzne_podworze_fasada_poludniowa_pion-1161x1536.jpg 1161w, http:\/\/lapidarium.fundacja-hereditas.pl\/wp-content\/uploads\/2024\/09\/E_Dziedziniewicz-Rapca_Warszawa_Filtrowa_81_wewnetrzne_podworze_fasada_poludniowa_pion-1548x2048.jpg 1548w, http:\/\/lapidarium.fundacja-hereditas.pl\/wp-content\/uploads\/2024\/09\/E_Dziedziniewicz-Rapca_Warszawa_Filtrowa_81_wewnetrzne_podworze_fasada_poludniowa_pion-150x199.jpg 150w, http:\/\/lapidarium.fundacja-hereditas.pl\/wp-content\/uploads\/2024\/09\/E_Dziedziniewicz-Rapca_Warszawa_Filtrowa_81_wewnetrzne_podworze_fasada_poludniowa_pion-300x397.jpg 300w, http:\/\/lapidarium.fundacja-hereditas.pl\/wp-content\/uploads\/2024\/09\/E_Dziedziniewicz-Rapca_Warszawa_Filtrowa_81_wewnetrzne_podworze_fasada_poludniowa_pion-696x921.jpg 696w, http:\/\/lapidarium.fundacja-hereditas.pl\/wp-content\/uploads\/2024\/09\/E_Dziedziniewicz-Rapca_Warszawa_Filtrowa_81_wewnetrzne_podworze_fasada_poludniowa_pion-1068x1413.jpg 1068w, http:\/\/lapidarium.fundacja-hereditas.pl\/wp-content\/uploads\/2024\/09\/E_Dziedziniewicz-Rapca_Warszawa_Filtrowa_81_wewnetrzne_podworze_fasada_poludniowa_pion-1920x2541.jpg 1920w, http:\/\/lapidarium.fundacja-hereditas.pl\/wp-content\/uploads\/2024\/09\/E_Dziedziniewicz-Rapca_Warszawa_Filtrowa_81_wewnetrzne_podworze_fasada_poludniowa_pion-scaled.jpg 1934w\" sizes=\"auto, (max-width: 774px) 100vw, 774px\" \/><\/a><figcaption class=\"wp-element-caption\">Podw\u00f3rze. Widok na po\u0142udnie. Nieczynny przejazd bramny na ul. S\u0142upi\u0144skiego. Fot. Ewa Dziedziniewicz-R\u0105pca, 2023 r., \u017ar\u00f3d\u0142o: MWKZ.<\/figcaption><\/figure>\n\n\n\n<figure class=\"wp-block-image size-large\"><a href=\"http:\/\/lapidarium.fundacja-hereditas.pl\/wp-content\/uploads\/2024\/09\/E_Dziedziniewicz-Rapca_Warszawa_Filtrowa_81_wewnetrzne_podworze_fasada_poludniowa_widok_z-nr_83-scaled.jpg\"><img loading=\"lazy\" decoding=\"async\" width=\"1024\" height=\"768\" data-id=\"27058\" src=\"http:\/\/lapidarium.fundacja-hereditas.pl\/wp-content\/uploads\/2024\/09\/E_Dziedziniewicz-Rapca_Warszawa_Filtrowa_81_wewnetrzne_podworze_fasada_poludniowa_widok_z-nr_83-1024x768.jpg\" alt=\"\" class=\"wp-image-27058\" srcset=\"http:\/\/lapidarium.fundacja-hereditas.pl\/wp-content\/uploads\/2024\/09\/E_Dziedziniewicz-Rapca_Warszawa_Filtrowa_81_wewnetrzne_podworze_fasada_poludniowa_widok_z-nr_83-1024x768.jpg 1024w, http:\/\/lapidarium.fundacja-hereditas.pl\/wp-content\/uploads\/2024\/09\/E_Dziedziniewicz-Rapca_Warszawa_Filtrowa_81_wewnetrzne_podworze_fasada_poludniowa_widok_z-nr_83-300x225.jpg 300w, http:\/\/lapidarium.fundacja-hereditas.pl\/wp-content\/uploads\/2024\/09\/E_Dziedziniewicz-Rapca_Warszawa_Filtrowa_81_wewnetrzne_podworze_fasada_poludniowa_widok_z-nr_83-768x576.jpg 768w, http:\/\/lapidarium.fundacja-hereditas.pl\/wp-content\/uploads\/2024\/09\/E_Dziedziniewicz-Rapca_Warszawa_Filtrowa_81_wewnetrzne_podworze_fasada_poludniowa_widok_z-nr_83-1536x1153.jpg 1536w, http:\/\/lapidarium.fundacja-hereditas.pl\/wp-content\/uploads\/2024\/09\/E_Dziedziniewicz-Rapca_Warszawa_Filtrowa_81_wewnetrzne_podworze_fasada_poludniowa_widok_z-nr_83-2048x1537.jpg 2048w, http:\/\/lapidarium.fundacja-hereditas.pl\/wp-content\/uploads\/2024\/09\/E_Dziedziniewicz-Rapca_Warszawa_Filtrowa_81_wewnetrzne_podworze_fasada_poludniowa_widok_z-nr_83-150x113.jpg 150w, http:\/\/lapidarium.fundacja-hereditas.pl\/wp-content\/uploads\/2024\/09\/E_Dziedziniewicz-Rapca_Warszawa_Filtrowa_81_wewnetrzne_podworze_fasada_poludniowa_widok_z-nr_83-696x522.jpg 696w, http:\/\/lapidarium.fundacja-hereditas.pl\/wp-content\/uploads\/2024\/09\/E_Dziedziniewicz-Rapca_Warszawa_Filtrowa_81_wewnetrzne_podworze_fasada_poludniowa_widok_z-nr_83-1068x801.jpg 1068w, http:\/\/lapidarium.fundacja-hereditas.pl\/wp-content\/uploads\/2024\/09\/E_Dziedziniewicz-Rapca_Warszawa_Filtrowa_81_wewnetrzne_podworze_fasada_poludniowa_widok_z-nr_83-1920x1441.jpg 1920w\" sizes=\"auto, (max-width: 1024px) 100vw, 1024px\" \/><\/a><figcaption class=\"wp-element-caption\">Podw\u00f3rze &#8211; okna wy\u017cszych kondygnacji skrzyd\u0142a od ul. Mochnackiego. Widok na p\u00f3\u0142nocny wsch\u00f3d. Fot. Ewa Dziedziniewicz-R\u0105pca, 2023 r., \u017ar\u00f3d\u0142o: MWKZ.<\/figcaption><\/figure>\n\n\n\n<figure class=\"wp-block-image size-large\"><a href=\"http:\/\/lapidarium.fundacja-hereditas.pl\/wp-content\/uploads\/2024\/09\/E_Dziedziniewicz-Rapca_Warszawa_Filtrowa_81_wewnetrzne_podworze_fasada_poludniowa-scaled.jpg\"><img loading=\"lazy\" decoding=\"async\" width=\"1024\" height=\"649\" data-id=\"27054\" src=\"http:\/\/lapidarium.fundacja-hereditas.pl\/wp-content\/uploads\/2024\/09\/E_Dziedziniewicz-Rapca_Warszawa_Filtrowa_81_wewnetrzne_podworze_fasada_poludniowa-1024x649.jpg\" alt=\"\" class=\"wp-image-27054\" srcset=\"http:\/\/lapidarium.fundacja-hereditas.pl\/wp-content\/uploads\/2024\/09\/E_Dziedziniewicz-Rapca_Warszawa_Filtrowa_81_wewnetrzne_podworze_fasada_poludniowa-1024x649.jpg 1024w, http:\/\/lapidarium.fundacja-hereditas.pl\/wp-content\/uploads\/2024\/09\/E_Dziedziniewicz-Rapca_Warszawa_Filtrowa_81_wewnetrzne_podworze_fasada_poludniowa-300x190.jpg 300w, http:\/\/lapidarium.fundacja-hereditas.pl\/wp-content\/uploads\/2024\/09\/E_Dziedziniewicz-Rapca_Warszawa_Filtrowa_81_wewnetrzne_podworze_fasada_poludniowa-768x487.jpg 768w, http:\/\/lapidarium.fundacja-hereditas.pl\/wp-content\/uploads\/2024\/09\/E_Dziedziniewicz-Rapca_Warszawa_Filtrowa_81_wewnetrzne_podworze_fasada_poludniowa-1536x974.jpg 1536w, http:\/\/lapidarium.fundacja-hereditas.pl\/wp-content\/uploads\/2024\/09\/E_Dziedziniewicz-Rapca_Warszawa_Filtrowa_81_wewnetrzne_podworze_fasada_poludniowa-2048x1298.jpg 2048w, http:\/\/lapidarium.fundacja-hereditas.pl\/wp-content\/uploads\/2024\/09\/E_Dziedziniewicz-Rapca_Warszawa_Filtrowa_81_wewnetrzne_podworze_fasada_poludniowa-150x95.jpg 150w, http:\/\/lapidarium.fundacja-hereditas.pl\/wp-content\/uploads\/2024\/09\/E_Dziedziniewicz-Rapca_Warszawa_Filtrowa_81_wewnetrzne_podworze_fasada_poludniowa-696x441.jpg 696w, http:\/\/lapidarium.fundacja-hereditas.pl\/wp-content\/uploads\/2024\/09\/E_Dziedziniewicz-Rapca_Warszawa_Filtrowa_81_wewnetrzne_podworze_fasada_poludniowa-1068x677.jpg 1068w, http:\/\/lapidarium.fundacja-hereditas.pl\/wp-content\/uploads\/2024\/09\/E_Dziedziniewicz-Rapca_Warszawa_Filtrowa_81_wewnetrzne_podworze_fasada_poludniowa-1920x1217.jpg 1920w\" sizes=\"auto, (max-width: 1024px) 100vw, 1024px\" \/><\/a><figcaption class=\"wp-element-caption\">Podw\u00f3rze. Okna wy\u017cszych kondygnacji skrzyd\u0142a od ul. Supi\u0144skiego. Widok na po\u0142udnie. Fot. Ewa Dziedziniewicz-R\u0105pca, 2023 r., \u017ar\u00f3d\u0142o: MWKZ.<\/figcaption><\/figure>\n\n\n\n<figure class=\"wp-block-image size-large\"><a href=\"http:\/\/lapidarium.fundacja-hereditas.pl\/wp-content\/uploads\/2024\/09\/E_Dziedziniewicz-Rapca_Warszawa_Filtrowa_81_wewnetrzne_podworze_fasada_poludniowa_okna-scaled.jpg\"><img loading=\"lazy\" decoding=\"async\" width=\"1024\" height=\"764\" data-id=\"27056\" src=\"http:\/\/lapidarium.fundacja-hereditas.pl\/wp-content\/uploads\/2024\/09\/E_Dziedziniewicz-Rapca_Warszawa_Filtrowa_81_wewnetrzne_podworze_fasada_poludniowa_okna-1024x764.jpg\" alt=\"\" class=\"wp-image-27056\" srcset=\"http:\/\/lapidarium.fundacja-hereditas.pl\/wp-content\/uploads\/2024\/09\/E_Dziedziniewicz-Rapca_Warszawa_Filtrowa_81_wewnetrzne_podworze_fasada_poludniowa_okna-1024x764.jpg 1024w, http:\/\/lapidarium.fundacja-hereditas.pl\/wp-content\/uploads\/2024\/09\/E_Dziedziniewicz-Rapca_Warszawa_Filtrowa_81_wewnetrzne_podworze_fasada_poludniowa_okna-300x224.jpg 300w, http:\/\/lapidarium.fundacja-hereditas.pl\/wp-content\/uploads\/2024\/09\/E_Dziedziniewicz-Rapca_Warszawa_Filtrowa_81_wewnetrzne_podworze_fasada_poludniowa_okna-768x573.jpg 768w, http:\/\/lapidarium.fundacja-hereditas.pl\/wp-content\/uploads\/2024\/09\/E_Dziedziniewicz-Rapca_Warszawa_Filtrowa_81_wewnetrzne_podworze_fasada_poludniowa_okna-1536x1146.jpg 1536w, http:\/\/lapidarium.fundacja-hereditas.pl\/wp-content\/uploads\/2024\/09\/E_Dziedziniewicz-Rapca_Warszawa_Filtrowa_81_wewnetrzne_podworze_fasada_poludniowa_okna-2048x1528.jpg 2048w, http:\/\/lapidarium.fundacja-hereditas.pl\/wp-content\/uploads\/2024\/09\/E_Dziedziniewicz-Rapca_Warszawa_Filtrowa_81_wewnetrzne_podworze_fasada_poludniowa_okna-150x112.jpg 150w, http:\/\/lapidarium.fundacja-hereditas.pl\/wp-content\/uploads\/2024\/09\/E_Dziedziniewicz-Rapca_Warszawa_Filtrowa_81_wewnetrzne_podworze_fasada_poludniowa_okna-696x519.jpg 696w, http:\/\/lapidarium.fundacja-hereditas.pl\/wp-content\/uploads\/2024\/09\/E_Dziedziniewicz-Rapca_Warszawa_Filtrowa_81_wewnetrzne_podworze_fasada_poludniowa_okna-1068x797.jpg 1068w, http:\/\/lapidarium.fundacja-hereditas.pl\/wp-content\/uploads\/2024\/09\/E_Dziedziniewicz-Rapca_Warszawa_Filtrowa_81_wewnetrzne_podworze_fasada_poludniowa_okna-1920x1433.jpg 1920w\" sizes=\"auto, (max-width: 1024px) 100vw, 1024px\" \/><\/a><figcaption class=\"wp-element-caption\">Podw\u00f3rze. Okna wy\u017cszych kondygnacji skrzyd\u0142a od ul. Supi\u0144skiego. Widok na po\u0142udnie. Fot. Ewa Dziedziniewicz-R\u0105pca, 2023 r., \u017ar\u00f3d\u0142o: MWKZ.<\/figcaption><\/figure>\n\n\n\n<figure class=\"wp-block-image size-large\"><a href=\"http:\/\/lapidarium.fundacja-hereditas.pl\/wp-content\/uploads\/2024\/09\/E_Dziedziniewicz-Rapca_Warszawa_Filtrowa_81_wewnetrzne_podworze_fasada_poludniowa_brama-scaled.jpg\"><img loading=\"lazy\" decoding=\"async\" width=\"798\" height=\"1024\" data-id=\"27043\" src=\"http:\/\/lapidarium.fundacja-hereditas.pl\/wp-content\/uploads\/2024\/09\/E_Dziedziniewicz-Rapca_Warszawa_Filtrowa_81_wewnetrzne_podworze_fasada_poludniowa_brama-798x1024.jpg\" alt=\"\" class=\"wp-image-27043\" srcset=\"http:\/\/lapidarium.fundacja-hereditas.pl\/wp-content\/uploads\/2024\/09\/E_Dziedziniewicz-Rapca_Warszawa_Filtrowa_81_wewnetrzne_podworze_fasada_poludniowa_brama-798x1024.jpg 798w, http:\/\/lapidarium.fundacja-hereditas.pl\/wp-content\/uploads\/2024\/09\/E_Dziedziniewicz-Rapca_Warszawa_Filtrowa_81_wewnetrzne_podworze_fasada_poludniowa_brama-234x300.jpg 234w, http:\/\/lapidarium.fundacja-hereditas.pl\/wp-content\/uploads\/2024\/09\/E_Dziedziniewicz-Rapca_Warszawa_Filtrowa_81_wewnetrzne_podworze_fasada_poludniowa_brama-768x986.jpg 768w, http:\/\/lapidarium.fundacja-hereditas.pl\/wp-content\/uploads\/2024\/09\/E_Dziedziniewicz-Rapca_Warszawa_Filtrowa_81_wewnetrzne_podworze_fasada_poludniowa_brama-1197x1536.jpg 1197w, http:\/\/lapidarium.fundacja-hereditas.pl\/wp-content\/uploads\/2024\/09\/E_Dziedziniewicz-Rapca_Warszawa_Filtrowa_81_wewnetrzne_podworze_fasada_poludniowa_brama-1595x2048.jpg 1595w, http:\/\/lapidarium.fundacja-hereditas.pl\/wp-content\/uploads\/2024\/09\/E_Dziedziniewicz-Rapca_Warszawa_Filtrowa_81_wewnetrzne_podworze_fasada_poludniowa_brama-150x193.jpg 150w, http:\/\/lapidarium.fundacja-hereditas.pl\/wp-content\/uploads\/2024\/09\/E_Dziedziniewicz-Rapca_Warszawa_Filtrowa_81_wewnetrzne_podworze_fasada_poludniowa_brama-300x385.jpg 300w, http:\/\/lapidarium.fundacja-hereditas.pl\/wp-content\/uploads\/2024\/09\/E_Dziedziniewicz-Rapca_Warszawa_Filtrowa_81_wewnetrzne_podworze_fasada_poludniowa_brama-696x893.jpg 696w, http:\/\/lapidarium.fundacja-hereditas.pl\/wp-content\/uploads\/2024\/09\/E_Dziedziniewicz-Rapca_Warszawa_Filtrowa_81_wewnetrzne_podworze_fasada_poludniowa_brama-1068x1371.jpg 1068w, http:\/\/lapidarium.fundacja-hereditas.pl\/wp-content\/uploads\/2024\/09\/E_Dziedziniewicz-Rapca_Warszawa_Filtrowa_81_wewnetrzne_podworze_fasada_poludniowa_brama-1920x2465.jpg 1920w, http:\/\/lapidarium.fundacja-hereditas.pl\/wp-content\/uploads\/2024\/09\/E_Dziedziniewicz-Rapca_Warszawa_Filtrowa_81_wewnetrzne_podworze_fasada_poludniowa_brama-scaled.jpg 1994w\" sizes=\"auto, (max-width: 798px) 100vw, 798px\" \/><\/a><figcaption class=\"wp-element-caption\">Podw\u00f3rze. Drzwi do mieszkania z nieu\u017cywanej bramy na ul. Supi\u0144skiego. Fot. Ewa Dziedziniewicz-R\u0105pca, 2023 r., \u017ar\u00f3d\u0142o: MWKZ.<\/figcaption><\/figure>\n\n\n\n<figure class=\"wp-block-image size-large\"><a href=\"http:\/\/lapidarium.fundacja-hereditas.pl\/wp-content\/uploads\/2024\/09\/E_Dziedziniewicz-Rapca_Warszawa_Filtrowa_81_wewnetrzne_podworze_fasada_poludniowa_brama_1.jpg\"><img loading=\"lazy\" decoding=\"async\" width=\"888\" height=\"1024\" data-id=\"27044\" src=\"http:\/\/lapidarium.fundacja-hereditas.pl\/wp-content\/uploads\/2024\/09\/E_Dziedziniewicz-Rapca_Warszawa_Filtrowa_81_wewnetrzne_podworze_fasada_poludniowa_brama_1-888x1024.jpg\" alt=\"\" class=\"wp-image-27044\" srcset=\"http:\/\/lapidarium.fundacja-hereditas.pl\/wp-content\/uploads\/2024\/09\/E_Dziedziniewicz-Rapca_Warszawa_Filtrowa_81_wewnetrzne_podworze_fasada_poludniowa_brama_1-888x1024.jpg 888w, http:\/\/lapidarium.fundacja-hereditas.pl\/wp-content\/uploads\/2024\/09\/E_Dziedziniewicz-Rapca_Warszawa_Filtrowa_81_wewnetrzne_podworze_fasada_poludniowa_brama_1-260x300.jpg 260w, http:\/\/lapidarium.fundacja-hereditas.pl\/wp-content\/uploads\/2024\/09\/E_Dziedziniewicz-Rapca_Warszawa_Filtrowa_81_wewnetrzne_podworze_fasada_poludniowa_brama_1-768x886.jpg 768w, http:\/\/lapidarium.fundacja-hereditas.pl\/wp-content\/uploads\/2024\/09\/E_Dziedziniewicz-Rapca_Warszawa_Filtrowa_81_wewnetrzne_podworze_fasada_poludniowa_brama_1-1332x1536.jpg 1332w, http:\/\/lapidarium.fundacja-hereditas.pl\/wp-content\/uploads\/2024\/09\/E_Dziedziniewicz-Rapca_Warszawa_Filtrowa_81_wewnetrzne_podworze_fasada_poludniowa_brama_1-150x173.jpg 150w, http:\/\/lapidarium.fundacja-hereditas.pl\/wp-content\/uploads\/2024\/09\/E_Dziedziniewicz-Rapca_Warszawa_Filtrowa_81_wewnetrzne_podworze_fasada_poludniowa_brama_1-300x346.jpg 300w, http:\/\/lapidarium.fundacja-hereditas.pl\/wp-content\/uploads\/2024\/09\/E_Dziedziniewicz-Rapca_Warszawa_Filtrowa_81_wewnetrzne_podworze_fasada_poludniowa_brama_1-696x803.jpg 696w, http:\/\/lapidarium.fundacja-hereditas.pl\/wp-content\/uploads\/2024\/09\/E_Dziedziniewicz-Rapca_Warszawa_Filtrowa_81_wewnetrzne_podworze_fasada_poludniowa_brama_1-1068x1232.jpg 1068w, http:\/\/lapidarium.fundacja-hereditas.pl\/wp-content\/uploads\/2024\/09\/E_Dziedziniewicz-Rapca_Warszawa_Filtrowa_81_wewnetrzne_podworze_fasada_poludniowa_brama_1.jpg 1625w\" sizes=\"auto, (max-width: 888px) 100vw, 888px\" \/><\/a><figcaption class=\"wp-element-caption\">Podw\u00f3rze. Drzwi do mieszkania z nieu\u017cywanej bramy na ul. Supi\u0144skiego. Fot. Ewa Dziedziniewicz-R\u0105pca, 2023 r., \u017ar\u00f3d\u0142o: MWKZ.<\/figcaption><\/figure>\n\n\n\n<figure class=\"wp-block-image size-large\"><a href=\"http:\/\/lapidarium.fundacja-hereditas.pl\/wp-content\/uploads\/2024\/09\/E_Dziedziniewicz-Rapca_Warszawa_Filtrowa_81_wewnetrzne_podworze_fasada_poludniowa_przejazd_bramny_lokale-scaled.jpg\"><img loading=\"lazy\" decoding=\"async\" width=\"622\" height=\"1024\" data-id=\"27045\" src=\"http:\/\/lapidarium.fundacja-hereditas.pl\/wp-content\/uploads\/2024\/09\/E_Dziedziniewicz-Rapca_Warszawa_Filtrowa_81_wewnetrzne_podworze_fasada_poludniowa_przejazd_bramny_lokale-622x1024.jpg\" alt=\"\" class=\"wp-image-27045\" srcset=\"http:\/\/lapidarium.fundacja-hereditas.pl\/wp-content\/uploads\/2024\/09\/E_Dziedziniewicz-Rapca_Warszawa_Filtrowa_81_wewnetrzne_podworze_fasada_poludniowa_przejazd_bramny_lokale-622x1024.jpg 622w, http:\/\/lapidarium.fundacja-hereditas.pl\/wp-content\/uploads\/2024\/09\/E_Dziedziniewicz-Rapca_Warszawa_Filtrowa_81_wewnetrzne_podworze_fasada_poludniowa_przejazd_bramny_lokale-182x300.jpg 182w, http:\/\/lapidarium.fundacja-hereditas.pl\/wp-content\/uploads\/2024\/09\/E_Dziedziniewicz-Rapca_Warszawa_Filtrowa_81_wewnetrzne_podworze_fasada_poludniowa_przejazd_bramny_lokale-768x1264.jpg 768w, http:\/\/lapidarium.fundacja-hereditas.pl\/wp-content\/uploads\/2024\/09\/E_Dziedziniewicz-Rapca_Warszawa_Filtrowa_81_wewnetrzne_podworze_fasada_poludniowa_przejazd_bramny_lokale-933x1536.jpg 933w, http:\/\/lapidarium.fundacja-hereditas.pl\/wp-content\/uploads\/2024\/09\/E_Dziedziniewicz-Rapca_Warszawa_Filtrowa_81_wewnetrzne_podworze_fasada_poludniowa_przejazd_bramny_lokale-1244x2048.jpg 1244w, http:\/\/lapidarium.fundacja-hereditas.pl\/wp-content\/uploads\/2024\/09\/E_Dziedziniewicz-Rapca_Warszawa_Filtrowa_81_wewnetrzne_podworze_fasada_poludniowa_przejazd_bramny_lokale-150x247.jpg 150w, http:\/\/lapidarium.fundacja-hereditas.pl\/wp-content\/uploads\/2024\/09\/E_Dziedziniewicz-Rapca_Warszawa_Filtrowa_81_wewnetrzne_podworze_fasada_poludniowa_przejazd_bramny_lokale-300x494.jpg 300w, http:\/\/lapidarium.fundacja-hereditas.pl\/wp-content\/uploads\/2024\/09\/E_Dziedziniewicz-Rapca_Warszawa_Filtrowa_81_wewnetrzne_podworze_fasada_poludniowa_przejazd_bramny_lokale-696x1146.jpg 696w, http:\/\/lapidarium.fundacja-hereditas.pl\/wp-content\/uploads\/2024\/09\/E_Dziedziniewicz-Rapca_Warszawa_Filtrowa_81_wewnetrzne_podworze_fasada_poludniowa_przejazd_bramny_lokale-1068x1758.jpg 1068w, http:\/\/lapidarium.fundacja-hereditas.pl\/wp-content\/uploads\/2024\/09\/E_Dziedziniewicz-Rapca_Warszawa_Filtrowa_81_wewnetrzne_podworze_fasada_poludniowa_przejazd_bramny_lokale-1920x3160.jpg 1920w, http:\/\/lapidarium.fundacja-hereditas.pl\/wp-content\/uploads\/2024\/09\/E_Dziedziniewicz-Rapca_Warszawa_Filtrowa_81_wewnetrzne_podworze_fasada_poludniowa_przejazd_bramny_lokale-scaled.jpg 1555w\" sizes=\"auto, (max-width: 622px) 100vw, 622px\" \/><\/a><figcaption class=\"wp-element-caption\">Podw\u00f3rze. Drzwi do mieszkania z nieu\u017cywanej bramy na ul. Supi\u0144skiego. Fot. Ewa Dziedziniewicz-R\u0105pca, 2023 r., \u017ar\u00f3d\u0142o: MWKZ.<\/figcaption><\/figure>\n\n\n\n<figure class=\"wp-block-image size-large\"><a href=\"http:\/\/lapidarium.fundacja-hereditas.pl\/wp-content\/uploads\/2024\/09\/E_Dziedziniewicz-Rapca_Warszawa_Filtrowa_81_wewnetrzne_podworze_fasada_poludniowa_naroznik-scaled.jpg\"><img loading=\"lazy\" decoding=\"async\" width=\"756\" height=\"1024\" data-id=\"27055\" src=\"http:\/\/lapidarium.fundacja-hereditas.pl\/wp-content\/uploads\/2024\/09\/E_Dziedziniewicz-Rapca_Warszawa_Filtrowa_81_wewnetrzne_podworze_fasada_poludniowa_naroznik-756x1024.jpg\" alt=\"\" class=\"wp-image-27055\" srcset=\"http:\/\/lapidarium.fundacja-hereditas.pl\/wp-content\/uploads\/2024\/09\/E_Dziedziniewicz-Rapca_Warszawa_Filtrowa_81_wewnetrzne_podworze_fasada_poludniowa_naroznik-756x1024.jpg 756w, http:\/\/lapidarium.fundacja-hereditas.pl\/wp-content\/uploads\/2024\/09\/E_Dziedziniewicz-Rapca_Warszawa_Filtrowa_81_wewnetrzne_podworze_fasada_poludniowa_naroznik-221x300.jpg 221w, http:\/\/lapidarium.fundacja-hereditas.pl\/wp-content\/uploads\/2024\/09\/E_Dziedziniewicz-Rapca_Warszawa_Filtrowa_81_wewnetrzne_podworze_fasada_poludniowa_naroznik-768x1040.jpg 768w, http:\/\/lapidarium.fundacja-hereditas.pl\/wp-content\/uploads\/2024\/09\/E_Dziedziniewicz-Rapca_Warszawa_Filtrowa_81_wewnetrzne_podworze_fasada_poludniowa_naroznik-1134x1536.jpg 1134w, http:\/\/lapidarium.fundacja-hereditas.pl\/wp-content\/uploads\/2024\/09\/E_Dziedziniewicz-Rapca_Warszawa_Filtrowa_81_wewnetrzne_podworze_fasada_poludniowa_naroznik-1512x2048.jpg 1512w, http:\/\/lapidarium.fundacja-hereditas.pl\/wp-content\/uploads\/2024\/09\/E_Dziedziniewicz-Rapca_Warszawa_Filtrowa_81_wewnetrzne_podworze_fasada_poludniowa_naroznik-150x203.jpg 150w, http:\/\/lapidarium.fundacja-hereditas.pl\/wp-content\/uploads\/2024\/09\/E_Dziedziniewicz-Rapca_Warszawa_Filtrowa_81_wewnetrzne_podworze_fasada_poludniowa_naroznik-300x406.jpg 300w, http:\/\/lapidarium.fundacja-hereditas.pl\/wp-content\/uploads\/2024\/09\/E_Dziedziniewicz-Rapca_Warszawa_Filtrowa_81_wewnetrzne_podworze_fasada_poludniowa_naroznik-696x943.jpg 696w, http:\/\/lapidarium.fundacja-hereditas.pl\/wp-content\/uploads\/2024\/09\/E_Dziedziniewicz-Rapca_Warszawa_Filtrowa_81_wewnetrzne_podworze_fasada_poludniowa_naroznik-1068x1447.jpg 1068w, http:\/\/lapidarium.fundacja-hereditas.pl\/wp-content\/uploads\/2024\/09\/E_Dziedziniewicz-Rapca_Warszawa_Filtrowa_81_wewnetrzne_podworze_fasada_poludniowa_naroznik-1920x2601.jpg 1920w, http:\/\/lapidarium.fundacja-hereditas.pl\/wp-content\/uploads\/2024\/09\/E_Dziedziniewicz-Rapca_Warszawa_Filtrowa_81_wewnetrzne_podworze_fasada_poludniowa_naroznik-scaled.jpg 1890w\" sizes=\"auto, (max-width: 756px) 100vw, 756px\" \/><\/a><figcaption class=\"wp-element-caption\">Po\u0142udniowo wschodni naro\u017cnik podw\u00f3rza. Fot. Ewa Dziedziniewicz-R\u0105pca, 2023 r., \u017ar\u00f3d\u0142o: MWKZ.<\/figcaption><\/figure>\n\n\n\n<figure class=\"wp-block-image size-large\"><a href=\"http:\/\/lapidarium.fundacja-hereditas.pl\/wp-content\/uploads\/2024\/09\/E_Dziedziniewicz-Rapca_Warszawa_Filtrowa_81_wewnetrzne_podworze_fasada_poludniowa_klatka_drzwi_wejsciowe_cale-scaled.jpg\"><img loading=\"lazy\" decoding=\"async\" width=\"738\" height=\"1024\" data-id=\"27012\" src=\"http:\/\/lapidarium.fundacja-hereditas.pl\/wp-content\/uploads\/2024\/09\/E_Dziedziniewicz-Rapca_Warszawa_Filtrowa_81_wewnetrzne_podworze_fasada_poludniowa_klatka_drzwi_wejsciowe_cale-738x1024.jpg\" alt=\"\" class=\"wp-image-27012\" srcset=\"http:\/\/lapidarium.fundacja-hereditas.pl\/wp-content\/uploads\/2024\/09\/E_Dziedziniewicz-Rapca_Warszawa_Filtrowa_81_wewnetrzne_podworze_fasada_poludniowa_klatka_drzwi_wejsciowe_cale-738x1024.jpg 738w, http:\/\/lapidarium.fundacja-hereditas.pl\/wp-content\/uploads\/2024\/09\/E_Dziedziniewicz-Rapca_Warszawa_Filtrowa_81_wewnetrzne_podworze_fasada_poludniowa_klatka_drzwi_wejsciowe_cale-216x300.jpg 216w, http:\/\/lapidarium.fundacja-hereditas.pl\/wp-content\/uploads\/2024\/09\/E_Dziedziniewicz-Rapca_Warszawa_Filtrowa_81_wewnetrzne_podworze_fasada_poludniowa_klatka_drzwi_wejsciowe_cale-768x1066.jpg 768w, http:\/\/lapidarium.fundacja-hereditas.pl\/wp-content\/uploads\/2024\/09\/E_Dziedziniewicz-Rapca_Warszawa_Filtrowa_81_wewnetrzne_podworze_fasada_poludniowa_klatka_drzwi_wejsciowe_cale-1106x1536.jpg 1106w, http:\/\/lapidarium.fundacja-hereditas.pl\/wp-content\/uploads\/2024\/09\/E_Dziedziniewicz-Rapca_Warszawa_Filtrowa_81_wewnetrzne_podworze_fasada_poludniowa_klatka_drzwi_wejsciowe_cale-1475x2048.jpg 1475w, http:\/\/lapidarium.fundacja-hereditas.pl\/wp-content\/uploads\/2024\/09\/E_Dziedziniewicz-Rapca_Warszawa_Filtrowa_81_wewnetrzne_podworze_fasada_poludniowa_klatka_drzwi_wejsciowe_cale-150x208.jpg 150w, http:\/\/lapidarium.fundacja-hereditas.pl\/wp-content\/uploads\/2024\/09\/E_Dziedziniewicz-Rapca_Warszawa_Filtrowa_81_wewnetrzne_podworze_fasada_poludniowa_klatka_drzwi_wejsciowe_cale-300x417.jpg 300w, http:\/\/lapidarium.fundacja-hereditas.pl\/wp-content\/uploads\/2024\/09\/E_Dziedziniewicz-Rapca_Warszawa_Filtrowa_81_wewnetrzne_podworze_fasada_poludniowa_klatka_drzwi_wejsciowe_cale-696x966.jpg 696w, http:\/\/lapidarium.fundacja-hereditas.pl\/wp-content\/uploads\/2024\/09\/E_Dziedziniewicz-Rapca_Warszawa_Filtrowa_81_wewnetrzne_podworze_fasada_poludniowa_klatka_drzwi_wejsciowe_cale-1068x1483.jpg 1068w, http:\/\/lapidarium.fundacja-hereditas.pl\/wp-content\/uploads\/2024\/09\/E_Dziedziniewicz-Rapca_Warszawa_Filtrowa_81_wewnetrzne_podworze_fasada_poludniowa_klatka_drzwi_wejsciowe_cale-1920x2666.jpg 1920w, http:\/\/lapidarium.fundacja-hereditas.pl\/wp-content\/uploads\/2024\/09\/E_Dziedziniewicz-Rapca_Warszawa_Filtrowa_81_wewnetrzne_podworze_fasada_poludniowa_klatka_drzwi_wejsciowe_cale-scaled.jpg 1844w\" sizes=\"auto, (max-width: 738px) 100vw, 738px\" \/><\/a><figcaption class=\"wp-element-caption\">Klatka w skrzydle po\u0142udniowym. Stolarka drzwi wej\u015bciowych. Fot. Ewa Dziedziniewicz-R\u0105pca, 2023 r., \u017ar\u00f3d\u0142o: MWKZ.<\/figcaption><\/figure>\n\n\n\n<figure class=\"wp-block-image size-large\"><a href=\"http:\/\/lapidarium.fundacja-hereditas.pl\/wp-content\/uploads\/2024\/09\/E_Dziedziniewicz-Rapca_Warszawa_Filtrowa_81_wewnetrzne_podworze_fasada_poludniowa_klatka_drzwi_wejsciowe_klamka-scaled.jpg\"><img loading=\"lazy\" decoding=\"async\" width=\"750\" height=\"1024\" data-id=\"27013\" src=\"http:\/\/lapidarium.fundacja-hereditas.pl\/wp-content\/uploads\/2024\/09\/E_Dziedziniewicz-Rapca_Warszawa_Filtrowa_81_wewnetrzne_podworze_fasada_poludniowa_klatka_drzwi_wejsciowe_klamka-750x1024.jpg\" alt=\"\" class=\"wp-image-27013\" srcset=\"http:\/\/lapidarium.fundacja-hereditas.pl\/wp-content\/uploads\/2024\/09\/E_Dziedziniewicz-Rapca_Warszawa_Filtrowa_81_wewnetrzne_podworze_fasada_poludniowa_klatka_drzwi_wejsciowe_klamka-750x1024.jpg 750w, http:\/\/lapidarium.fundacja-hereditas.pl\/wp-content\/uploads\/2024\/09\/E_Dziedziniewicz-Rapca_Warszawa_Filtrowa_81_wewnetrzne_podworze_fasada_poludniowa_klatka_drzwi_wejsciowe_klamka-220x300.jpg 220w, http:\/\/lapidarium.fundacja-hereditas.pl\/wp-content\/uploads\/2024\/09\/E_Dziedziniewicz-Rapca_Warszawa_Filtrowa_81_wewnetrzne_podworze_fasada_poludniowa_klatka_drzwi_wejsciowe_klamka-768x1048.jpg 768w, http:\/\/lapidarium.fundacja-hereditas.pl\/wp-content\/uploads\/2024\/09\/E_Dziedziniewicz-Rapca_Warszawa_Filtrowa_81_wewnetrzne_podworze_fasada_poludniowa_klatka_drzwi_wejsciowe_klamka-1126x1536.jpg 1126w, http:\/\/lapidarium.fundacja-hereditas.pl\/wp-content\/uploads\/2024\/09\/E_Dziedziniewicz-Rapca_Warszawa_Filtrowa_81_wewnetrzne_podworze_fasada_poludniowa_klatka_drzwi_wejsciowe_klamka-1501x2048.jpg 1501w, http:\/\/lapidarium.fundacja-hereditas.pl\/wp-content\/uploads\/2024\/09\/E_Dziedziniewicz-Rapca_Warszawa_Filtrowa_81_wewnetrzne_podworze_fasada_poludniowa_klatka_drzwi_wejsciowe_klamka-150x205.jpg 150w, http:\/\/lapidarium.fundacja-hereditas.pl\/wp-content\/uploads\/2024\/09\/E_Dziedziniewicz-Rapca_Warszawa_Filtrowa_81_wewnetrzne_podworze_fasada_poludniowa_klatka_drzwi_wejsciowe_klamka-300x409.jpg 300w, http:\/\/lapidarium.fundacja-hereditas.pl\/wp-content\/uploads\/2024\/09\/E_Dziedziniewicz-Rapca_Warszawa_Filtrowa_81_wewnetrzne_podworze_fasada_poludniowa_klatka_drzwi_wejsciowe_klamka-696x950.jpg 696w, http:\/\/lapidarium.fundacja-hereditas.pl\/wp-content\/uploads\/2024\/09\/E_Dziedziniewicz-Rapca_Warszawa_Filtrowa_81_wewnetrzne_podworze_fasada_poludniowa_klatka_drzwi_wejsciowe_klamka-1068x1457.jpg 1068w, http:\/\/lapidarium.fundacja-hereditas.pl\/wp-content\/uploads\/2024\/09\/E_Dziedziniewicz-Rapca_Warszawa_Filtrowa_81_wewnetrzne_podworze_fasada_poludniowa_klatka_drzwi_wejsciowe_klamka-1920x2620.jpg 1920w, http:\/\/lapidarium.fundacja-hereditas.pl\/wp-content\/uploads\/2024\/09\/E_Dziedziniewicz-Rapca_Warszawa_Filtrowa_81_wewnetrzne_podworze_fasada_poludniowa_klatka_drzwi_wejsciowe_klamka-scaled.jpg 1876w\" sizes=\"auto, (max-width: 750px) 100vw, 750px\" \/><\/a><figcaption class=\"wp-element-caption\">Klatka w skrzydle po\u0142udniowym. Stolarka drzwi wej\u015bciowych. Fot. Ewa Dziedziniewicz-R\u0105pca, 2023 r., \u017ar\u00f3d\u0142o: MWKZ.<\/figcaption><\/figure>\n\n\n\n<figure class=\"wp-block-image size-large\"><a href=\"http:\/\/lapidarium.fundacja-hereditas.pl\/wp-content\/uploads\/2024\/09\/E_Dziedziniewicz-Rapca_Warszawa_Filtrowa_81_wewnetrzne_podworze_fasada_poludniowa_klatka_drzwi_wejsciowe-scaled.jpg\"><img loading=\"lazy\" decoding=\"async\" width=\"776\" height=\"1024\" data-id=\"27011\" src=\"http:\/\/lapidarium.fundacja-hereditas.pl\/wp-content\/uploads\/2024\/09\/E_Dziedziniewicz-Rapca_Warszawa_Filtrowa_81_wewnetrzne_podworze_fasada_poludniowa_klatka_drzwi_wejsciowe-776x1024.jpg\" alt=\"\" class=\"wp-image-27011\" srcset=\"http:\/\/lapidarium.fundacja-hereditas.pl\/wp-content\/uploads\/2024\/09\/E_Dziedziniewicz-Rapca_Warszawa_Filtrowa_81_wewnetrzne_podworze_fasada_poludniowa_klatka_drzwi_wejsciowe-776x1024.jpg 776w, http:\/\/lapidarium.fundacja-hereditas.pl\/wp-content\/uploads\/2024\/09\/E_Dziedziniewicz-Rapca_Warszawa_Filtrowa_81_wewnetrzne_podworze_fasada_poludniowa_klatka_drzwi_wejsciowe-227x300.jpg 227w, http:\/\/lapidarium.fundacja-hereditas.pl\/wp-content\/uploads\/2024\/09\/E_Dziedziniewicz-Rapca_Warszawa_Filtrowa_81_wewnetrzne_podworze_fasada_poludniowa_klatka_drzwi_wejsciowe-768x1014.jpg 768w, http:\/\/lapidarium.fundacja-hereditas.pl\/wp-content\/uploads\/2024\/09\/E_Dziedziniewicz-Rapca_Warszawa_Filtrowa_81_wewnetrzne_podworze_fasada_poludniowa_klatka_drzwi_wejsciowe-1164x1536.jpg 1164w, http:\/\/lapidarium.fundacja-hereditas.pl\/wp-content\/uploads\/2024\/09\/E_Dziedziniewicz-Rapca_Warszawa_Filtrowa_81_wewnetrzne_podworze_fasada_poludniowa_klatka_drzwi_wejsciowe-1552x2048.jpg 1552w, http:\/\/lapidarium.fundacja-hereditas.pl\/wp-content\/uploads\/2024\/09\/E_Dziedziniewicz-Rapca_Warszawa_Filtrowa_81_wewnetrzne_podworze_fasada_poludniowa_klatka_drzwi_wejsciowe-150x198.jpg 150w, http:\/\/lapidarium.fundacja-hereditas.pl\/wp-content\/uploads\/2024\/09\/E_Dziedziniewicz-Rapca_Warszawa_Filtrowa_81_wewnetrzne_podworze_fasada_poludniowa_klatka_drzwi_wejsciowe-300x396.jpg 300w, http:\/\/lapidarium.fundacja-hereditas.pl\/wp-content\/uploads\/2024\/09\/E_Dziedziniewicz-Rapca_Warszawa_Filtrowa_81_wewnetrzne_podworze_fasada_poludniowa_klatka_drzwi_wejsciowe-696x919.jpg 696w, http:\/\/lapidarium.fundacja-hereditas.pl\/wp-content\/uploads\/2024\/09\/E_Dziedziniewicz-Rapca_Warszawa_Filtrowa_81_wewnetrzne_podworze_fasada_poludniowa_klatka_drzwi_wejsciowe-1068x1410.jpg 1068w, http:\/\/lapidarium.fundacja-hereditas.pl\/wp-content\/uploads\/2024\/09\/E_Dziedziniewicz-Rapca_Warszawa_Filtrowa_81_wewnetrzne_podworze_fasada_poludniowa_klatka_drzwi_wejsciowe-1920x2534.jpg 1920w, http:\/\/lapidarium.fundacja-hereditas.pl\/wp-content\/uploads\/2024\/09\/E_Dziedziniewicz-Rapca_Warszawa_Filtrowa_81_wewnetrzne_podworze_fasada_poludniowa_klatka_drzwi_wejsciowe-scaled.jpg 1940w\" sizes=\"auto, (max-width: 776px) 100vw, 776px\" \/><\/a><figcaption class=\"wp-element-caption\">Klatka w skrzydle po\u0142udniowym. Stolarka drzwi wej\u015bciowych. Fot. Ewa Dziedziniewicz-R\u0105pca, 2023 r., \u017ar\u00f3d\u0142o: MWKZ.<\/figcaption><\/figure>\n\n\n\n<figure class=\"wp-block-image size-large\"><a href=\"http:\/\/lapidarium.fundacja-hereditas.pl\/wp-content\/uploads\/2024\/09\/E_Dziedziniewicz-Rapca_Warszawa_Filtrowa_81_wewnetrzne_podworze_fasada_poludniowa_klatka_wejscie-scaled.jpg\"><img loading=\"lazy\" decoding=\"async\" width=\"1024\" height=\"772\" data-id=\"27038\" src=\"http:\/\/lapidarium.fundacja-hereditas.pl\/wp-content\/uploads\/2024\/09\/E_Dziedziniewicz-Rapca_Warszawa_Filtrowa_81_wewnetrzne_podworze_fasada_poludniowa_klatka_wejscie-1024x772.jpg\" alt=\"\" class=\"wp-image-27038\" srcset=\"http:\/\/lapidarium.fundacja-hereditas.pl\/wp-content\/uploads\/2024\/09\/E_Dziedziniewicz-Rapca_Warszawa_Filtrowa_81_wewnetrzne_podworze_fasada_poludniowa_klatka_wejscie-1024x772.jpg 1024w, http:\/\/lapidarium.fundacja-hereditas.pl\/wp-content\/uploads\/2024\/09\/E_Dziedziniewicz-Rapca_Warszawa_Filtrowa_81_wewnetrzne_podworze_fasada_poludniowa_klatka_wejscie-300x226.jpg 300w, http:\/\/lapidarium.fundacja-hereditas.pl\/wp-content\/uploads\/2024\/09\/E_Dziedziniewicz-Rapca_Warszawa_Filtrowa_81_wewnetrzne_podworze_fasada_poludniowa_klatka_wejscie-768x579.jpg 768w, http:\/\/lapidarium.fundacja-hereditas.pl\/wp-content\/uploads\/2024\/09\/E_Dziedziniewicz-Rapca_Warszawa_Filtrowa_81_wewnetrzne_podworze_fasada_poludniowa_klatka_wejscie-1536x1158.jpg 1536w, http:\/\/lapidarium.fundacja-hereditas.pl\/wp-content\/uploads\/2024\/09\/E_Dziedziniewicz-Rapca_Warszawa_Filtrowa_81_wewnetrzne_podworze_fasada_poludniowa_klatka_wejscie-2048x1544.jpg 2048w, http:\/\/lapidarium.fundacja-hereditas.pl\/wp-content\/uploads\/2024\/09\/E_Dziedziniewicz-Rapca_Warszawa_Filtrowa_81_wewnetrzne_podworze_fasada_poludniowa_klatka_wejscie-150x113.jpg 150w, http:\/\/lapidarium.fundacja-hereditas.pl\/wp-content\/uploads\/2024\/09\/E_Dziedziniewicz-Rapca_Warszawa_Filtrowa_81_wewnetrzne_podworze_fasada_poludniowa_klatka_wejscie-696x525.jpg 696w, http:\/\/lapidarium.fundacja-hereditas.pl\/wp-content\/uploads\/2024\/09\/E_Dziedziniewicz-Rapca_Warszawa_Filtrowa_81_wewnetrzne_podworze_fasada_poludniowa_klatka_wejscie-1068x805.jpg 1068w, http:\/\/lapidarium.fundacja-hereditas.pl\/wp-content\/uploads\/2024\/09\/E_Dziedziniewicz-Rapca_Warszawa_Filtrowa_81_wewnetrzne_podworze_fasada_poludniowa_klatka_wejscie-1920x1447.jpg 1920w\" sizes=\"auto, (max-width: 1024px) 100vw, 1024px\" \/><\/a><figcaption class=\"wp-element-caption\">Klatka w skrzydle po\u0142udniowym. Posadzka przy wej\u015bciu. Fot. Ewa Dziedziniewicz-R\u0105pca, 2023 r., \u017ar\u00f3d\u0142o: MWKZ.<\/figcaption><\/figure>\n\n\n\n<figure class=\"wp-block-image size-large\"><a href=\"http:\/\/lapidarium.fundacja-hereditas.pl\/wp-content\/uploads\/2024\/09\/E_Dziedziniewicz-Rapca_Warszawa_Filtrowa_81_wewnetrzne_podworze_fasada_poludniowa_klatka_schody_do_wyjscia-scaled.jpg\"><img loading=\"lazy\" decoding=\"async\" width=\"717\" height=\"1024\" data-id=\"27022\" src=\"http:\/\/lapidarium.fundacja-hereditas.pl\/wp-content\/uploads\/2024\/09\/E_Dziedziniewicz-Rapca_Warszawa_Filtrowa_81_wewnetrzne_podworze_fasada_poludniowa_klatka_schody_do_wyjscia-717x1024.jpg\" alt=\"\" class=\"wp-image-27022\" srcset=\"http:\/\/lapidarium.fundacja-hereditas.pl\/wp-content\/uploads\/2024\/09\/E_Dziedziniewicz-Rapca_Warszawa_Filtrowa_81_wewnetrzne_podworze_fasada_poludniowa_klatka_schody_do_wyjscia-717x1024.jpg 717w, http:\/\/lapidarium.fundacja-hereditas.pl\/wp-content\/uploads\/2024\/09\/E_Dziedziniewicz-Rapca_Warszawa_Filtrowa_81_wewnetrzne_podworze_fasada_poludniowa_klatka_schody_do_wyjscia-210x300.jpg 210w, http:\/\/lapidarium.fundacja-hereditas.pl\/wp-content\/uploads\/2024\/09\/E_Dziedziniewicz-Rapca_Warszawa_Filtrowa_81_wewnetrzne_podworze_fasada_poludniowa_klatka_schody_do_wyjscia-768x1097.jpg 768w, http:\/\/lapidarium.fundacja-hereditas.pl\/wp-content\/uploads\/2024\/09\/E_Dziedziniewicz-Rapca_Warszawa_Filtrowa_81_wewnetrzne_podworze_fasada_poludniowa_klatka_schody_do_wyjscia-1075x1536.jpg 1075w, http:\/\/lapidarium.fundacja-hereditas.pl\/wp-content\/uploads\/2024\/09\/E_Dziedziniewicz-Rapca_Warszawa_Filtrowa_81_wewnetrzne_podworze_fasada_poludniowa_klatka_schody_do_wyjscia-1434x2048.jpg 1434w, http:\/\/lapidarium.fundacja-hereditas.pl\/wp-content\/uploads\/2024\/09\/E_Dziedziniewicz-Rapca_Warszawa_Filtrowa_81_wewnetrzne_podworze_fasada_poludniowa_klatka_schody_do_wyjscia-150x214.jpg 150w, http:\/\/lapidarium.fundacja-hereditas.pl\/wp-content\/uploads\/2024\/09\/E_Dziedziniewicz-Rapca_Warszawa_Filtrowa_81_wewnetrzne_podworze_fasada_poludniowa_klatka_schody_do_wyjscia-300x429.jpg 300w, http:\/\/lapidarium.fundacja-hereditas.pl\/wp-content\/uploads\/2024\/09\/E_Dziedziniewicz-Rapca_Warszawa_Filtrowa_81_wewnetrzne_podworze_fasada_poludniowa_klatka_schody_do_wyjscia-696x994.jpg 696w, http:\/\/lapidarium.fundacja-hereditas.pl\/wp-content\/uploads\/2024\/09\/E_Dziedziniewicz-Rapca_Warszawa_Filtrowa_81_wewnetrzne_podworze_fasada_poludniowa_klatka_schody_do_wyjscia-1068x1526.jpg 1068w, http:\/\/lapidarium.fundacja-hereditas.pl\/wp-content\/uploads\/2024\/09\/E_Dziedziniewicz-Rapca_Warszawa_Filtrowa_81_wewnetrzne_podworze_fasada_poludniowa_klatka_schody_do_wyjscia-1920x2743.jpg 1920w, http:\/\/lapidarium.fundacja-hereditas.pl\/wp-content\/uploads\/2024\/09\/E_Dziedziniewicz-Rapca_Warszawa_Filtrowa_81_wewnetrzne_podworze_fasada_poludniowa_klatka_schody_do_wyjscia-scaled.jpg 1792w\" sizes=\"auto, (max-width: 717px) 100vw, 717px\" \/><\/a><figcaption class=\"wp-element-caption\">Klatka w skrzydle po\u0142udniowym. Widok z wysokiego parteru ku wyj\u015bciu. Fot. Ewa Dziedziniewicz-R\u0105pca, 2023 r., \u017ar\u00f3d\u0142o: MWKZ.<\/figcaption><\/figure>\n\n\n\n<figure class=\"wp-block-image size-large\"><a href=\"http:\/\/lapidarium.fundacja-hereditas.pl\/wp-content\/uploads\/2024\/09\/E_Dziedziniewicz-Rapca_Warszawa_Filtrowa_81_wewnetrzne_podworze_fasada_poludniowa_klatka_schody_wejscie-scaled.jpg\"><img loading=\"lazy\" decoding=\"async\" width=\"696\" height=\"1024\" data-id=\"27036\" src=\"http:\/\/lapidarium.fundacja-hereditas.pl\/wp-content\/uploads\/2024\/09\/E_Dziedziniewicz-Rapca_Warszawa_Filtrowa_81_wewnetrzne_podworze_fasada_poludniowa_klatka_schody_wejscie-696x1024.jpg\" alt=\"\" class=\"wp-image-27036\" srcset=\"http:\/\/lapidarium.fundacja-hereditas.pl\/wp-content\/uploads\/2024\/09\/E_Dziedziniewicz-Rapca_Warszawa_Filtrowa_81_wewnetrzne_podworze_fasada_poludniowa_klatka_schody_wejscie-696x1025.jpg 696w, http:\/\/lapidarium.fundacja-hereditas.pl\/wp-content\/uploads\/2024\/09\/E_Dziedziniewicz-Rapca_Warszawa_Filtrowa_81_wewnetrzne_podworze_fasada_poludniowa_klatka_schody_wejscie-204x300.jpg 204w, http:\/\/lapidarium.fundacja-hereditas.pl\/wp-content\/uploads\/2024\/09\/E_Dziedziniewicz-Rapca_Warszawa_Filtrowa_81_wewnetrzne_podworze_fasada_poludniowa_klatka_schody_wejscie-768x1131.jpg 768w, http:\/\/lapidarium.fundacja-hereditas.pl\/wp-content\/uploads\/2024\/09\/E_Dziedziniewicz-Rapca_Warszawa_Filtrowa_81_wewnetrzne_podworze_fasada_poludniowa_klatka_schody_wejscie-1043x1536.jpg 1043w, http:\/\/lapidarium.fundacja-hereditas.pl\/wp-content\/uploads\/2024\/09\/E_Dziedziniewicz-Rapca_Warszawa_Filtrowa_81_wewnetrzne_podworze_fasada_poludniowa_klatka_schody_wejscie-1391x2048.jpg 1391w, http:\/\/lapidarium.fundacja-hereditas.pl\/wp-content\/uploads\/2024\/09\/E_Dziedziniewicz-Rapca_Warszawa_Filtrowa_81_wewnetrzne_podworze_fasada_poludniowa_klatka_schody_wejscie-150x221.jpg 150w, http:\/\/lapidarium.fundacja-hereditas.pl\/wp-content\/uploads\/2024\/09\/E_Dziedziniewicz-Rapca_Warszawa_Filtrowa_81_wewnetrzne_podworze_fasada_poludniowa_klatka_schody_wejscie-300x442.jpg 300w, http:\/\/lapidarium.fundacja-hereditas.pl\/wp-content\/uploads\/2024\/09\/E_Dziedziniewicz-Rapca_Warszawa_Filtrowa_81_wewnetrzne_podworze_fasada_poludniowa_klatka_schody_wejscie-1068x1572.jpg 1068w, http:\/\/lapidarium.fundacja-hereditas.pl\/wp-content\/uploads\/2024\/09\/E_Dziedziniewicz-Rapca_Warszawa_Filtrowa_81_wewnetrzne_podworze_fasada_poludniowa_klatka_schody_wejscie-1920x2827.jpg 1920w, http:\/\/lapidarium.fundacja-hereditas.pl\/wp-content\/uploads\/2024\/09\/E_Dziedziniewicz-Rapca_Warszawa_Filtrowa_81_wewnetrzne_podworze_fasada_poludniowa_klatka_schody_wejscie-scaled.jpg 1739w\" sizes=\"auto, (max-width: 696px) 100vw, 696px\" \/><\/a><figcaption class=\"wp-element-caption\">Klatka w skrzydle po\u0142udniowym. Widok z wysokiego parteru ku wyj\u015bciu. Fot. Ewa Dziedziniewicz-R\u0105pca, 2023 r., \u017ar\u00f3d\u0142o: MWKZ.<\/figcaption><\/figure>\n\n\n\n<figure class=\"wp-block-image size-large\"><a href=\"http:\/\/lapidarium.fundacja-hereditas.pl\/wp-content\/uploads\/2024\/09\/E_Dziedziniewicz-Rapca_Warszawa_Filtrowa_81_wewnetrzne_podworze_fasada_poludniowa_klatka_wejscie_schody-scaled.jpg\"><img loading=\"lazy\" decoding=\"async\" width=\"773\" height=\"1024\" data-id=\"27039\" src=\"http:\/\/lapidarium.fundacja-hereditas.pl\/wp-content\/uploads\/2024\/09\/E_Dziedziniewicz-Rapca_Warszawa_Filtrowa_81_wewnetrzne_podworze_fasada_poludniowa_klatka_wejscie_schody-773x1024.jpg\" alt=\"\" class=\"wp-image-27039\" srcset=\"http:\/\/lapidarium.fundacja-hereditas.pl\/wp-content\/uploads\/2024\/09\/E_Dziedziniewicz-Rapca_Warszawa_Filtrowa_81_wewnetrzne_podworze_fasada_poludniowa_klatka_wejscie_schody-773x1024.jpg 773w, http:\/\/lapidarium.fundacja-hereditas.pl\/wp-content\/uploads\/2024\/09\/E_Dziedziniewicz-Rapca_Warszawa_Filtrowa_81_wewnetrzne_podworze_fasada_poludniowa_klatka_wejscie_schody-226x300.jpg 226w, http:\/\/lapidarium.fundacja-hereditas.pl\/wp-content\/uploads\/2024\/09\/E_Dziedziniewicz-Rapca_Warszawa_Filtrowa_81_wewnetrzne_podworze_fasada_poludniowa_klatka_wejscie_schody-768x1017.jpg 768w, http:\/\/lapidarium.fundacja-hereditas.pl\/wp-content\/uploads\/2024\/09\/E_Dziedziniewicz-Rapca_Warszawa_Filtrowa_81_wewnetrzne_podworze_fasada_poludniowa_klatka_wejscie_schody-1160x1536.jpg 1160w, http:\/\/lapidarium.fundacja-hereditas.pl\/wp-content\/uploads\/2024\/09\/E_Dziedziniewicz-Rapca_Warszawa_Filtrowa_81_wewnetrzne_podworze_fasada_poludniowa_klatka_wejscie_schody-1546x2048.jpg 1546w, http:\/\/lapidarium.fundacja-hereditas.pl\/wp-content\/uploads\/2024\/09\/E_Dziedziniewicz-Rapca_Warszawa_Filtrowa_81_wewnetrzne_podworze_fasada_poludniowa_klatka_wejscie_schody-150x199.jpg 150w, http:\/\/lapidarium.fundacja-hereditas.pl\/wp-content\/uploads\/2024\/09\/E_Dziedziniewicz-Rapca_Warszawa_Filtrowa_81_wewnetrzne_podworze_fasada_poludniowa_klatka_wejscie_schody-300x397.jpg 300w, http:\/\/lapidarium.fundacja-hereditas.pl\/wp-content\/uploads\/2024\/09\/E_Dziedziniewicz-Rapca_Warszawa_Filtrowa_81_wewnetrzne_podworze_fasada_poludniowa_klatka_wejscie_schody-696x922.jpg 696w, http:\/\/lapidarium.fundacja-hereditas.pl\/wp-content\/uploads\/2024\/09\/E_Dziedziniewicz-Rapca_Warszawa_Filtrowa_81_wewnetrzne_podworze_fasada_poludniowa_klatka_wejscie_schody-1068x1415.jpg 1068w, http:\/\/lapidarium.fundacja-hereditas.pl\/wp-content\/uploads\/2024\/09\/E_Dziedziniewicz-Rapca_Warszawa_Filtrowa_81_wewnetrzne_podworze_fasada_poludniowa_klatka_wejscie_schody-1920x2543.jpg 1920w, http:\/\/lapidarium.fundacja-hereditas.pl\/wp-content\/uploads\/2024\/09\/E_Dziedziniewicz-Rapca_Warszawa_Filtrowa_81_wewnetrzne_podworze_fasada_poludniowa_klatka_wejscie_schody-scaled.jpg 1933w\" sizes=\"auto, (max-width: 773px) 100vw, 773px\" \/><\/a><figcaption class=\"wp-element-caption\">Klatka w skrzydle po\u0142udniowym. Wysoki parter. Widok spod drzwi. Fot. Ewa Dziedziniewicz-R\u0105pca, 2023 r., \u017ar\u00f3d\u0142o: MWKZ.<\/figcaption><\/figure>\n\n\n\n<figure class=\"wp-block-image size-large\"><a href=\"http:\/\/lapidarium.fundacja-hereditas.pl\/wp-content\/uploads\/2024\/09\/E_Dziedziniewicz-Rapca_Warszawa_Filtrowa_81_wewnetrzne_podworze_fasada_poludniowa_klatka_wysoki_parter_drzwi-scaled.jpg\"><img loading=\"lazy\" decoding=\"async\" width=\"774\" height=\"1024\" data-id=\"27041\" src=\"http:\/\/lapidarium.fundacja-hereditas.pl\/wp-content\/uploads\/2024\/09\/E_Dziedziniewicz-Rapca_Warszawa_Filtrowa_81_wewnetrzne_podworze_fasada_poludniowa_klatka_wysoki_parter_drzwi-774x1024.jpg\" alt=\"\" class=\"wp-image-27041\" srcset=\"http:\/\/lapidarium.fundacja-hereditas.pl\/wp-content\/uploads\/2024\/09\/E_Dziedziniewicz-Rapca_Warszawa_Filtrowa_81_wewnetrzne_podworze_fasada_poludniowa_klatka_wysoki_parter_drzwi-774x1024.jpg 774w, http:\/\/lapidarium.fundacja-hereditas.pl\/wp-content\/uploads\/2024\/09\/E_Dziedziniewicz-Rapca_Warszawa_Filtrowa_81_wewnetrzne_podworze_fasada_poludniowa_klatka_wysoki_parter_drzwi-227x300.jpg 227w, http:\/\/lapidarium.fundacja-hereditas.pl\/wp-content\/uploads\/2024\/09\/E_Dziedziniewicz-Rapca_Warszawa_Filtrowa_81_wewnetrzne_podworze_fasada_poludniowa_klatka_wysoki_parter_drzwi-768x1015.jpg 768w, http:\/\/lapidarium.fundacja-hereditas.pl\/wp-content\/uploads\/2024\/09\/E_Dziedziniewicz-Rapca_Warszawa_Filtrowa_81_wewnetrzne_podworze_fasada_poludniowa_klatka_wysoki_parter_drzwi-1162x1536.jpg 1162w, http:\/\/lapidarium.fundacja-hereditas.pl\/wp-content\/uploads\/2024\/09\/E_Dziedziniewicz-Rapca_Warszawa_Filtrowa_81_wewnetrzne_podworze_fasada_poludniowa_klatka_wysoki_parter_drzwi-1549x2048.jpg 1549w, http:\/\/lapidarium.fundacja-hereditas.pl\/wp-content\/uploads\/2024\/09\/E_Dziedziniewicz-Rapca_Warszawa_Filtrowa_81_wewnetrzne_podworze_fasada_poludniowa_klatka_wysoki_parter_drzwi-150x198.jpg 150w, http:\/\/lapidarium.fundacja-hereditas.pl\/wp-content\/uploads\/2024\/09\/E_Dziedziniewicz-Rapca_Warszawa_Filtrowa_81_wewnetrzne_podworze_fasada_poludniowa_klatka_wysoki_parter_drzwi-300x397.jpg 300w, http:\/\/lapidarium.fundacja-hereditas.pl\/wp-content\/uploads\/2024\/09\/E_Dziedziniewicz-Rapca_Warszawa_Filtrowa_81_wewnetrzne_podworze_fasada_poludniowa_klatka_wysoki_parter_drzwi-696x920.jpg 696w, http:\/\/lapidarium.fundacja-hereditas.pl\/wp-content\/uploads\/2024\/09\/E_Dziedziniewicz-Rapca_Warszawa_Filtrowa_81_wewnetrzne_podworze_fasada_poludniowa_klatka_wysoki_parter_drzwi-1068x1412.jpg 1068w, http:\/\/lapidarium.fundacja-hereditas.pl\/wp-content\/uploads\/2024\/09\/E_Dziedziniewicz-Rapca_Warszawa_Filtrowa_81_wewnetrzne_podworze_fasada_poludniowa_klatka_wysoki_parter_drzwi-1920x2539.jpg 1920w, http:\/\/lapidarium.fundacja-hereditas.pl\/wp-content\/uploads\/2024\/09\/E_Dziedziniewicz-Rapca_Warszawa_Filtrowa_81_wewnetrzne_podworze_fasada_poludniowa_klatka_wysoki_parter_drzwi-scaled.jpg 1936w\" sizes=\"auto, (max-width: 774px) 100vw, 774px\" \/><\/a><figcaption class=\"wp-element-caption\">Klatka w skrzydle po\u0142udniowym. Wysoki parter. Fot. Ewa Dziedziniewicz-R\u0105pca, 2023 r., \u017ar\u00f3d\u0142o: MWKZ.<\/figcaption><\/figure>\n\n\n\n<figure class=\"wp-block-image size-large\"><a href=\"http:\/\/lapidarium.fundacja-hereditas.pl\/wp-content\/uploads\/2024\/09\/E_Dziedziniewicz-Rapca_Warszawa_Filtrowa_81_wewnetrzne_podworze_fasada_poludniowa_klatka_wysoki_parter-scaled.jpg\"><img loading=\"lazy\" decoding=\"async\" width=\"734\" height=\"1024\" data-id=\"27040\" src=\"http:\/\/lapidarium.fundacja-hereditas.pl\/wp-content\/uploads\/2024\/09\/E_Dziedziniewicz-Rapca_Warszawa_Filtrowa_81_wewnetrzne_podworze_fasada_poludniowa_klatka_wysoki_parter-734x1024.jpg\" alt=\"\" class=\"wp-image-27040\" srcset=\"http:\/\/lapidarium.fundacja-hereditas.pl\/wp-content\/uploads\/2024\/09\/E_Dziedziniewicz-Rapca_Warszawa_Filtrowa_81_wewnetrzne_podworze_fasada_poludniowa_klatka_wysoki_parter-734x1024.jpg 734w, http:\/\/lapidarium.fundacja-hereditas.pl\/wp-content\/uploads\/2024\/09\/E_Dziedziniewicz-Rapca_Warszawa_Filtrowa_81_wewnetrzne_podworze_fasada_poludniowa_klatka_wysoki_parter-215x300.jpg 215w, http:\/\/lapidarium.fundacja-hereditas.pl\/wp-content\/uploads\/2024\/09\/E_Dziedziniewicz-Rapca_Warszawa_Filtrowa_81_wewnetrzne_podworze_fasada_poludniowa_klatka_wysoki_parter-768x1071.jpg 768w, http:\/\/lapidarium.fundacja-hereditas.pl\/wp-content\/uploads\/2024\/09\/E_Dziedziniewicz-Rapca_Warszawa_Filtrowa_81_wewnetrzne_podworze_fasada_poludniowa_klatka_wysoki_parter-1101x1536.jpg 1101w, http:\/\/lapidarium.fundacja-hereditas.pl\/wp-content\/uploads\/2024\/09\/E_Dziedziniewicz-Rapca_Warszawa_Filtrowa_81_wewnetrzne_podworze_fasada_poludniowa_klatka_wysoki_parter-1468x2048.jpg 1468w, http:\/\/lapidarium.fundacja-hereditas.pl\/wp-content\/uploads\/2024\/09\/E_Dziedziniewicz-Rapca_Warszawa_Filtrowa_81_wewnetrzne_podworze_fasada_poludniowa_klatka_wysoki_parter-150x209.jpg 150w, http:\/\/lapidarium.fundacja-hereditas.pl\/wp-content\/uploads\/2024\/09\/E_Dziedziniewicz-Rapca_Warszawa_Filtrowa_81_wewnetrzne_podworze_fasada_poludniowa_klatka_wysoki_parter-300x418.jpg 300w, http:\/\/lapidarium.fundacja-hereditas.pl\/wp-content\/uploads\/2024\/09\/E_Dziedziniewicz-Rapca_Warszawa_Filtrowa_81_wewnetrzne_podworze_fasada_poludniowa_klatka_wysoki_parter-696x971.jpg 696w, http:\/\/lapidarium.fundacja-hereditas.pl\/wp-content\/uploads\/2024\/09\/E_Dziedziniewicz-Rapca_Warszawa_Filtrowa_81_wewnetrzne_podworze_fasada_poludniowa_klatka_wysoki_parter-1068x1490.jpg 1068w, http:\/\/lapidarium.fundacja-hereditas.pl\/wp-content\/uploads\/2024\/09\/E_Dziedziniewicz-Rapca_Warszawa_Filtrowa_81_wewnetrzne_podworze_fasada_poludniowa_klatka_wysoki_parter-1920x2678.jpg 1920w, http:\/\/lapidarium.fundacja-hereditas.pl\/wp-content\/uploads\/2024\/09\/E_Dziedziniewicz-Rapca_Warszawa_Filtrowa_81_wewnetrzne_podworze_fasada_poludniowa_klatka_wysoki_parter-scaled.jpg 1835w\" sizes=\"auto, (max-width: 734px) 100vw, 734px\" \/><\/a><figcaption class=\"wp-element-caption\">Klatka w skrzydle po\u0142udniowym. Wysoki parter. Fot. Ewa Dziedziniewicz-R\u0105pca, 2023 r., \u017ar\u00f3d\u0142o: MWKZ.<\/figcaption><\/figure>\n\n\n\n<figure class=\"wp-block-image size-large\"><a href=\"http:\/\/lapidarium.fundacja-hereditas.pl\/wp-content\/uploads\/2024\/09\/E_Dziedziniewicz-Rapca_Warszawa_Filtrowa_81_wewnetrzne_podworze_fasada_poludniowa_klatka_szyb_windy-scaled.jpg\"><img loading=\"lazy\" decoding=\"async\" width=\"773\" height=\"1024\" data-id=\"27037\" src=\"http:\/\/lapidarium.fundacja-hereditas.pl\/wp-content\/uploads\/2024\/09\/E_Dziedziniewicz-Rapca_Warszawa_Filtrowa_81_wewnetrzne_podworze_fasada_poludniowa_klatka_szyb_windy-773x1024.jpg\" alt=\"\" class=\"wp-image-27037\" srcset=\"http:\/\/lapidarium.fundacja-hereditas.pl\/wp-content\/uploads\/2024\/09\/E_Dziedziniewicz-Rapca_Warszawa_Filtrowa_81_wewnetrzne_podworze_fasada_poludniowa_klatka_szyb_windy-773x1024.jpg 773w, http:\/\/lapidarium.fundacja-hereditas.pl\/wp-content\/uploads\/2024\/09\/E_Dziedziniewicz-Rapca_Warszawa_Filtrowa_81_wewnetrzne_podworze_fasada_poludniowa_klatka_szyb_windy-226x300.jpg 226w, http:\/\/lapidarium.fundacja-hereditas.pl\/wp-content\/uploads\/2024\/09\/E_Dziedziniewicz-Rapca_Warszawa_Filtrowa_81_wewnetrzne_podworze_fasada_poludniowa_klatka_szyb_windy-768x1017.jpg 768w, http:\/\/lapidarium.fundacja-hereditas.pl\/wp-content\/uploads\/2024\/09\/E_Dziedziniewicz-Rapca_Warszawa_Filtrowa_81_wewnetrzne_podworze_fasada_poludniowa_klatka_szyb_windy-1160x1536.jpg 1160w, http:\/\/lapidarium.fundacja-hereditas.pl\/wp-content\/uploads\/2024\/09\/E_Dziedziniewicz-Rapca_Warszawa_Filtrowa_81_wewnetrzne_podworze_fasada_poludniowa_klatka_szyb_windy-1546x2048.jpg 1546w, http:\/\/lapidarium.fundacja-hereditas.pl\/wp-content\/uploads\/2024\/09\/E_Dziedziniewicz-Rapca_Warszawa_Filtrowa_81_wewnetrzne_podworze_fasada_poludniowa_klatka_szyb_windy-150x199.jpg 150w, http:\/\/lapidarium.fundacja-hereditas.pl\/wp-content\/uploads\/2024\/09\/E_Dziedziniewicz-Rapca_Warszawa_Filtrowa_81_wewnetrzne_podworze_fasada_poludniowa_klatka_szyb_windy-300x397.jpg 300w, http:\/\/lapidarium.fundacja-hereditas.pl\/wp-content\/uploads\/2024\/09\/E_Dziedziniewicz-Rapca_Warszawa_Filtrowa_81_wewnetrzne_podworze_fasada_poludniowa_klatka_szyb_windy-696x922.jpg 696w, http:\/\/lapidarium.fundacja-hereditas.pl\/wp-content\/uploads\/2024\/09\/E_Dziedziniewicz-Rapca_Warszawa_Filtrowa_81_wewnetrzne_podworze_fasada_poludniowa_klatka_szyb_windy-1068x1415.jpg 1068w, http:\/\/lapidarium.fundacja-hereditas.pl\/wp-content\/uploads\/2024\/09\/E_Dziedziniewicz-Rapca_Warszawa_Filtrowa_81_wewnetrzne_podworze_fasada_poludniowa_klatka_szyb_windy-1920x2543.jpg 1920w, http:\/\/lapidarium.fundacja-hereditas.pl\/wp-content\/uploads\/2024\/09\/E_Dziedziniewicz-Rapca_Warszawa_Filtrowa_81_wewnetrzne_podworze_fasada_poludniowa_klatka_szyb_windy-scaled.jpg 1933w\" sizes=\"auto, (max-width: 773px) 100vw, 773px\" \/><\/a><figcaption class=\"wp-element-caption\">Klatka w skrzydle po\u0142udniowym. Detal szybu widny. Fot. Ewa Dziedziniewicz-R\u0105pca, 2023 r., \u017ar\u00f3d\u0142o: MWKZ.<\/figcaption><\/figure>\n\n\n\n<figure class=\"wp-block-image size-large\"><a href=\"http:\/\/lapidarium.fundacja-hereditas.pl\/wp-content\/uploads\/2024\/09\/E_Dziedziniewicz-Rapca_Warszawa_Filtrowa_81_wewnetrzne_podworze_fasada_poludniowa_klatka_pierwsze_pietro_schody-scaled.jpg\"><img loading=\"lazy\" decoding=\"async\" width=\"699\" height=\"1024\" data-id=\"27020\" src=\"http:\/\/lapidarium.fundacja-hereditas.pl\/wp-content\/uploads\/2024\/09\/E_Dziedziniewicz-Rapca_Warszawa_Filtrowa_81_wewnetrzne_podworze_fasada_poludniowa_klatka_pierwsze_pietro_schody-699x1024.jpg\" alt=\"\" class=\"wp-image-27020\" srcset=\"http:\/\/lapidarium.fundacja-hereditas.pl\/wp-content\/uploads\/2024\/09\/E_Dziedziniewicz-Rapca_Warszawa_Filtrowa_81_wewnetrzne_podworze_fasada_poludniowa_klatka_pierwsze_pietro_schody-699x1024.jpg 699w, http:\/\/lapidarium.fundacja-hereditas.pl\/wp-content\/uploads\/2024\/09\/E_Dziedziniewicz-Rapca_Warszawa_Filtrowa_81_wewnetrzne_podworze_fasada_poludniowa_klatka_pierwsze_pietro_schody-205x300.jpg 205w, http:\/\/lapidarium.fundacja-hereditas.pl\/wp-content\/uploads\/2024\/09\/E_Dziedziniewicz-Rapca_Warszawa_Filtrowa_81_wewnetrzne_podworze_fasada_poludniowa_klatka_pierwsze_pietro_schody-768x1125.jpg 768w, http:\/\/lapidarium.fundacja-hereditas.pl\/wp-content\/uploads\/2024\/09\/E_Dziedziniewicz-Rapca_Warszawa_Filtrowa_81_wewnetrzne_podworze_fasada_poludniowa_klatka_pierwsze_pietro_schody-1048x1536.jpg 1048w, http:\/\/lapidarium.fundacja-hereditas.pl\/wp-content\/uploads\/2024\/09\/E_Dziedziniewicz-Rapca_Warszawa_Filtrowa_81_wewnetrzne_podworze_fasada_poludniowa_klatka_pierwsze_pietro_schody-1398x2048.jpg 1398w, http:\/\/lapidarium.fundacja-hereditas.pl\/wp-content\/uploads\/2024\/09\/E_Dziedziniewicz-Rapca_Warszawa_Filtrowa_81_wewnetrzne_podworze_fasada_poludniowa_klatka_pierwsze_pietro_schody-150x220.jpg 150w, http:\/\/lapidarium.fundacja-hereditas.pl\/wp-content\/uploads\/2024\/09\/E_Dziedziniewicz-Rapca_Warszawa_Filtrowa_81_wewnetrzne_podworze_fasada_poludniowa_klatka_pierwsze_pietro_schody-300x440.jpg 300w, http:\/\/lapidarium.fundacja-hereditas.pl\/wp-content\/uploads\/2024\/09\/E_Dziedziniewicz-Rapca_Warszawa_Filtrowa_81_wewnetrzne_podworze_fasada_poludniowa_klatka_pierwsze_pietro_schody-696x1020.jpg 696w, http:\/\/lapidarium.fundacja-hereditas.pl\/wp-content\/uploads\/2024\/09\/E_Dziedziniewicz-Rapca_Warszawa_Filtrowa_81_wewnetrzne_podworze_fasada_poludniowa_klatka_pierwsze_pietro_schody-1068x1565.jpg 1068w, http:\/\/lapidarium.fundacja-hereditas.pl\/wp-content\/uploads\/2024\/09\/E_Dziedziniewicz-Rapca_Warszawa_Filtrowa_81_wewnetrzne_podworze_fasada_poludniowa_klatka_pierwsze_pietro_schody-1920x2813.jpg 1920w, http:\/\/lapidarium.fundacja-hereditas.pl\/wp-content\/uploads\/2024\/09\/E_Dziedziniewicz-Rapca_Warszawa_Filtrowa_81_wewnetrzne_podworze_fasada_poludniowa_klatka_pierwsze_pietro_schody-scaled.jpg 1747w\" sizes=\"auto, (max-width: 699px) 100vw, 699px\" \/><\/a><figcaption class=\"wp-element-caption\">Klatka w skrzydle po\u0142udniowym. Spocznik przed I-szym pi\u0119trem. Fot. Ewa Dziedziniewicz-R\u0105pca, 2023 r., \u017ar\u00f3d\u0142o: MWKZ.<\/figcaption><\/figure>\n\n\n\n<figure class=\"wp-block-image size-large\"><a href=\"http:\/\/lapidarium.fundacja-hereditas.pl\/wp-content\/uploads\/2024\/09\/E_Dziedziniewicz-Rapca_Warszawa_Filtrowa_81_wewnetrzne_podworze_fasada_poludniowa_klatka_schody_na_pierwsze_pietro-scaled.jpg\"><img loading=\"lazy\" decoding=\"async\" width=\"737\" height=\"1024\" data-id=\"27031\" src=\"http:\/\/lapidarium.fundacja-hereditas.pl\/wp-content\/uploads\/2024\/09\/E_Dziedziniewicz-Rapca_Warszawa_Filtrowa_81_wewnetrzne_podworze_fasada_poludniowa_klatka_schody_na_pierwsze_pietro-737x1024.jpg\" alt=\"\" class=\"wp-image-27031\" srcset=\"http:\/\/lapidarium.fundacja-hereditas.pl\/wp-content\/uploads\/2024\/09\/E_Dziedziniewicz-Rapca_Warszawa_Filtrowa_81_wewnetrzne_podworze_fasada_poludniowa_klatka_schody_na_pierwsze_pietro-737x1024.jpg 737w, http:\/\/lapidarium.fundacja-hereditas.pl\/wp-content\/uploads\/2024\/09\/E_Dziedziniewicz-Rapca_Warszawa_Filtrowa_81_wewnetrzne_podworze_fasada_poludniowa_klatka_schody_na_pierwsze_pietro-216x300.jpg 216w, http:\/\/lapidarium.fundacja-hereditas.pl\/wp-content\/uploads\/2024\/09\/E_Dziedziniewicz-Rapca_Warszawa_Filtrowa_81_wewnetrzne_podworze_fasada_poludniowa_klatka_schody_na_pierwsze_pietro-768x1067.jpg 768w, http:\/\/lapidarium.fundacja-hereditas.pl\/wp-content\/uploads\/2024\/09\/E_Dziedziniewicz-Rapca_Warszawa_Filtrowa_81_wewnetrzne_podworze_fasada_poludniowa_klatka_schody_na_pierwsze_pietro-1106x1536.jpg 1106w, http:\/\/lapidarium.fundacja-hereditas.pl\/wp-content\/uploads\/2024\/09\/E_Dziedziniewicz-Rapca_Warszawa_Filtrowa_81_wewnetrzne_podworze_fasada_poludniowa_klatka_schody_na_pierwsze_pietro-1474x2048.jpg 1474w, http:\/\/lapidarium.fundacja-hereditas.pl\/wp-content\/uploads\/2024\/09\/E_Dziedziniewicz-Rapca_Warszawa_Filtrowa_81_wewnetrzne_podworze_fasada_poludniowa_klatka_schody_na_pierwsze_pietro-150x208.jpg 150w, http:\/\/lapidarium.fundacja-hereditas.pl\/wp-content\/uploads\/2024\/09\/E_Dziedziniewicz-Rapca_Warszawa_Filtrowa_81_wewnetrzne_podworze_fasada_poludniowa_klatka_schody_na_pierwsze_pietro-300x417.jpg 300w, http:\/\/lapidarium.fundacja-hereditas.pl\/wp-content\/uploads\/2024\/09\/E_Dziedziniewicz-Rapca_Warszawa_Filtrowa_81_wewnetrzne_podworze_fasada_poludniowa_klatka_schody_na_pierwsze_pietro-696x967.jpg 696w, http:\/\/lapidarium.fundacja-hereditas.pl\/wp-content\/uploads\/2024\/09\/E_Dziedziniewicz-Rapca_Warszawa_Filtrowa_81_wewnetrzne_podworze_fasada_poludniowa_klatka_schody_na_pierwsze_pietro-1068x1484.jpg 1068w, http:\/\/lapidarium.fundacja-hereditas.pl\/wp-content\/uploads\/2024\/09\/E_Dziedziniewicz-Rapca_Warszawa_Filtrowa_81_wewnetrzne_podworze_fasada_poludniowa_klatka_schody_na_pierwsze_pietro-1920x2667.jpg 1920w, http:\/\/lapidarium.fundacja-hereditas.pl\/wp-content\/uploads\/2024\/09\/E_Dziedziniewicz-Rapca_Warszawa_Filtrowa_81_wewnetrzne_podworze_fasada_poludniowa_klatka_schody_na_pierwsze_pietro-scaled.jpg 1843w\" sizes=\"auto, (max-width: 737px) 100vw, 737px\" \/><\/a><figcaption class=\"wp-element-caption\">Klatka w skrzydle po\u0142udniowym. Spocznik przed I-szym pietrem. Fot. Ewa Dziedziniewicz-R\u0105pca, 2023 r., \u017ar\u00f3d\u0142o: MWKZ.<\/figcaption><\/figure>\n\n\n\n<figure class=\"wp-block-image size-large\"><a href=\"http:\/\/lapidarium.fundacja-hereditas.pl\/wp-content\/uploads\/2024\/09\/E_Dziedziniewicz-Rapca_Warszawa_Filtrowa_81_wewnetrzne_podworze_fasada_poludniowa_klatka_schody_na_parter_A-scaled.jpg\"><img loading=\"lazy\" decoding=\"async\" width=\"1024\" height=\"772\" data-id=\"27029\" src=\"http:\/\/lapidarium.fundacja-hereditas.pl\/wp-content\/uploads\/2024\/09\/E_Dziedziniewicz-Rapca_Warszawa_Filtrowa_81_wewnetrzne_podworze_fasada_poludniowa_klatka_schody_na_parter_A-1024x772.jpg\" alt=\"\" class=\"wp-image-27029\" srcset=\"http:\/\/lapidarium.fundacja-hereditas.pl\/wp-content\/uploads\/2024\/09\/E_Dziedziniewicz-Rapca_Warszawa_Filtrowa_81_wewnetrzne_podworze_fasada_poludniowa_klatka_schody_na_parter_A-1024x772.jpg 1024w, http:\/\/lapidarium.fundacja-hereditas.pl\/wp-content\/uploads\/2024\/09\/E_Dziedziniewicz-Rapca_Warszawa_Filtrowa_81_wewnetrzne_podworze_fasada_poludniowa_klatka_schody_na_parter_A-300x226.jpg 300w, http:\/\/lapidarium.fundacja-hereditas.pl\/wp-content\/uploads\/2024\/09\/E_Dziedziniewicz-Rapca_Warszawa_Filtrowa_81_wewnetrzne_podworze_fasada_poludniowa_klatka_schody_na_parter_A-768x579.jpg 768w, http:\/\/lapidarium.fundacja-hereditas.pl\/wp-content\/uploads\/2024\/09\/E_Dziedziniewicz-Rapca_Warszawa_Filtrowa_81_wewnetrzne_podworze_fasada_poludniowa_klatka_schody_na_parter_A-1536x1158.jpg 1536w, http:\/\/lapidarium.fundacja-hereditas.pl\/wp-content\/uploads\/2024\/09\/E_Dziedziniewicz-Rapca_Warszawa_Filtrowa_81_wewnetrzne_podworze_fasada_poludniowa_klatka_schody_na_parter_A-2048x1544.jpg 2048w, http:\/\/lapidarium.fundacja-hereditas.pl\/wp-content\/uploads\/2024\/09\/E_Dziedziniewicz-Rapca_Warszawa_Filtrowa_81_wewnetrzne_podworze_fasada_poludniowa_klatka_schody_na_parter_A-150x113.jpg 150w, http:\/\/lapidarium.fundacja-hereditas.pl\/wp-content\/uploads\/2024\/09\/E_Dziedziniewicz-Rapca_Warszawa_Filtrowa_81_wewnetrzne_podworze_fasada_poludniowa_klatka_schody_na_parter_A-696x525.jpg 696w, http:\/\/lapidarium.fundacja-hereditas.pl\/wp-content\/uploads\/2024\/09\/E_Dziedziniewicz-Rapca_Warszawa_Filtrowa_81_wewnetrzne_podworze_fasada_poludniowa_klatka_schody_na_parter_A-1068x805.jpg 1068w, http:\/\/lapidarium.fundacja-hereditas.pl\/wp-content\/uploads\/2024\/09\/E_Dziedziniewicz-Rapca_Warszawa_Filtrowa_81_wewnetrzne_podworze_fasada_poludniowa_klatka_schody_na_parter_A-1920x1447.jpg 1920w\" sizes=\"auto, (max-width: 1024px) 100vw, 1024px\" \/><\/a><figcaption class=\"wp-element-caption\">Klatka w skrzydle po\u0142udniowym. Spocznik przed I-szym pietrem. Fot. Ewa Dziedziniewicz-R\u0105pca, 2023 r., \u017ar\u00f3d\u0142o: MWKZ.<\/figcaption><\/figure>\n\n\n\n<figure class=\"wp-block-image size-large\"><a href=\"http:\/\/lapidarium.fundacja-hereditas.pl\/wp-content\/uploads\/2024\/09\/E_Dziedziniewicz-Rapca_Warszawa_Filtrowa_81_wewnetrzne_podworze_fasada_poludniowa_klatka_schody_na_pierwsze_pietro_naroznik-scaled.jpg\"><img loading=\"lazy\" decoding=\"async\" width=\"772\" height=\"1024\" data-id=\"27034\" src=\"http:\/\/lapidarium.fundacja-hereditas.pl\/wp-content\/uploads\/2024\/09\/E_Dziedziniewicz-Rapca_Warszawa_Filtrowa_81_wewnetrzne_podworze_fasada_poludniowa_klatka_schody_na_pierwsze_pietro_naroznik-772x1024.jpg\" alt=\"\" class=\"wp-image-27034\" srcset=\"http:\/\/lapidarium.fundacja-hereditas.pl\/wp-content\/uploads\/2024\/09\/E_Dziedziniewicz-Rapca_Warszawa_Filtrowa_81_wewnetrzne_podworze_fasada_poludniowa_klatka_schody_na_pierwsze_pietro_naroznik-772x1024.jpg 772w, http:\/\/lapidarium.fundacja-hereditas.pl\/wp-content\/uploads\/2024\/09\/E_Dziedziniewicz-Rapca_Warszawa_Filtrowa_81_wewnetrzne_podworze_fasada_poludniowa_klatka_schody_na_pierwsze_pietro_naroznik-226x300.jpg 226w, http:\/\/lapidarium.fundacja-hereditas.pl\/wp-content\/uploads\/2024\/09\/E_Dziedziniewicz-Rapca_Warszawa_Filtrowa_81_wewnetrzne_podworze_fasada_poludniowa_klatka_schody_na_pierwsze_pietro_naroznik-768x1019.jpg 768w, http:\/\/lapidarium.fundacja-hereditas.pl\/wp-content\/uploads\/2024\/09\/E_Dziedziniewicz-Rapca_Warszawa_Filtrowa_81_wewnetrzne_podworze_fasada_poludniowa_klatka_schody_na_pierwsze_pietro_naroznik-1157x1536.jpg 1157w, http:\/\/lapidarium.fundacja-hereditas.pl\/wp-content\/uploads\/2024\/09\/E_Dziedziniewicz-Rapca_Warszawa_Filtrowa_81_wewnetrzne_podworze_fasada_poludniowa_klatka_schody_na_pierwsze_pietro_naroznik-1543x2048.jpg 1543w, http:\/\/lapidarium.fundacja-hereditas.pl\/wp-content\/uploads\/2024\/09\/E_Dziedziniewicz-Rapca_Warszawa_Filtrowa_81_wewnetrzne_podworze_fasada_poludniowa_klatka_schody_na_pierwsze_pietro_naroznik-150x199.jpg 150w, http:\/\/lapidarium.fundacja-hereditas.pl\/wp-content\/uploads\/2024\/09\/E_Dziedziniewicz-Rapca_Warszawa_Filtrowa_81_wewnetrzne_podworze_fasada_poludniowa_klatka_schody_na_pierwsze_pietro_naroznik-300x398.jpg 300w, http:\/\/lapidarium.fundacja-hereditas.pl\/wp-content\/uploads\/2024\/09\/E_Dziedziniewicz-Rapca_Warszawa_Filtrowa_81_wewnetrzne_podworze_fasada_poludniowa_klatka_schody_na_pierwsze_pietro_naroznik-696x924.jpg 696w, http:\/\/lapidarium.fundacja-hereditas.pl\/wp-content\/uploads\/2024\/09\/E_Dziedziniewicz-Rapca_Warszawa_Filtrowa_81_wewnetrzne_podworze_fasada_poludniowa_klatka_schody_na_pierwsze_pietro_naroznik-1068x1417.jpg 1068w, http:\/\/lapidarium.fundacja-hereditas.pl\/wp-content\/uploads\/2024\/09\/E_Dziedziniewicz-Rapca_Warszawa_Filtrowa_81_wewnetrzne_podworze_fasada_poludniowa_klatka_schody_na_pierwsze_pietro_naroznik-1920x2548.jpg 1920w, http:\/\/lapidarium.fundacja-hereditas.pl\/wp-content\/uploads\/2024\/09\/E_Dziedziniewicz-Rapca_Warszawa_Filtrowa_81_wewnetrzne_podworze_fasada_poludniowa_klatka_schody_na_pierwsze_pietro_naroznik-scaled.jpg 1929w\" sizes=\"auto, (max-width: 772px) 100vw, 772px\" \/><\/a><figcaption class=\"wp-element-caption\">Klatka w skrzydle po\u0142udniowym. Zakr\u0119t schod\u00f3w przed I-szym pietrem. Fot. Ewa Dziedziniewicz-R\u0105pca, 2023 r., \u017ar\u00f3d\u0142o: MWKZ.<\/figcaption><\/figure>\n\n\n\n<figure class=\"wp-block-image size-large\"><a href=\"http:\/\/lapidarium.fundacja-hereditas.pl\/wp-content\/uploads\/2024\/09\/E_Dziedziniewicz-Rapca_Warszawa_Filtrowa_81_wewnetrzne_podworze_fasada_poludniowa_klatka_schody_na_pierwsze_pietro_zakret_A-scaled.jpg\"><img loading=\"lazy\" decoding=\"async\" width=\"772\" height=\"1024\" data-id=\"27035\" src=\"http:\/\/lapidarium.fundacja-hereditas.pl\/wp-content\/uploads\/2024\/09\/E_Dziedziniewicz-Rapca_Warszawa_Filtrowa_81_wewnetrzne_podworze_fasada_poludniowa_klatka_schody_na_pierwsze_pietro_zakret_A-772x1024.jpg\" alt=\"\" class=\"wp-image-27035\" srcset=\"http:\/\/lapidarium.fundacja-hereditas.pl\/wp-content\/uploads\/2024\/09\/E_Dziedziniewicz-Rapca_Warszawa_Filtrowa_81_wewnetrzne_podworze_fasada_poludniowa_klatka_schody_na_pierwsze_pietro_zakret_A-772x1024.jpg 772w, http:\/\/lapidarium.fundacja-hereditas.pl\/wp-content\/uploads\/2024\/09\/E_Dziedziniewicz-Rapca_Warszawa_Filtrowa_81_wewnetrzne_podworze_fasada_poludniowa_klatka_schody_na_pierwsze_pietro_zakret_A-226x300.jpg 226w, http:\/\/lapidarium.fundacja-hereditas.pl\/wp-content\/uploads\/2024\/09\/E_Dziedziniewicz-Rapca_Warszawa_Filtrowa_81_wewnetrzne_podworze_fasada_poludniowa_klatka_schody_na_pierwsze_pietro_zakret_A-768x1019.jpg 768w, http:\/\/lapidarium.fundacja-hereditas.pl\/wp-content\/uploads\/2024\/09\/E_Dziedziniewicz-Rapca_Warszawa_Filtrowa_81_wewnetrzne_podworze_fasada_poludniowa_klatka_schody_na_pierwsze_pietro_zakret_A-1157x1536.jpg 1157w, http:\/\/lapidarium.fundacja-hereditas.pl\/wp-content\/uploads\/2024\/09\/E_Dziedziniewicz-Rapca_Warszawa_Filtrowa_81_wewnetrzne_podworze_fasada_poludniowa_klatka_schody_na_pierwsze_pietro_zakret_A-1543x2048.jpg 1543w, http:\/\/lapidarium.fundacja-hereditas.pl\/wp-content\/uploads\/2024\/09\/E_Dziedziniewicz-Rapca_Warszawa_Filtrowa_81_wewnetrzne_podworze_fasada_poludniowa_klatka_schody_na_pierwsze_pietro_zakret_A-150x199.jpg 150w, http:\/\/lapidarium.fundacja-hereditas.pl\/wp-content\/uploads\/2024\/09\/E_Dziedziniewicz-Rapca_Warszawa_Filtrowa_81_wewnetrzne_podworze_fasada_poludniowa_klatka_schody_na_pierwsze_pietro_zakret_A-300x398.jpg 300w, http:\/\/lapidarium.fundacja-hereditas.pl\/wp-content\/uploads\/2024\/09\/E_Dziedziniewicz-Rapca_Warszawa_Filtrowa_81_wewnetrzne_podworze_fasada_poludniowa_klatka_schody_na_pierwsze_pietro_zakret_A-696x924.jpg 696w, http:\/\/lapidarium.fundacja-hereditas.pl\/wp-content\/uploads\/2024\/09\/E_Dziedziniewicz-Rapca_Warszawa_Filtrowa_81_wewnetrzne_podworze_fasada_poludniowa_klatka_schody_na_pierwsze_pietro_zakret_A-1068x1417.jpg 1068w, http:\/\/lapidarium.fundacja-hereditas.pl\/wp-content\/uploads\/2024\/09\/E_Dziedziniewicz-Rapca_Warszawa_Filtrowa_81_wewnetrzne_podworze_fasada_poludniowa_klatka_schody_na_pierwsze_pietro_zakret_A-1920x2548.jpg 1920w, http:\/\/lapidarium.fundacja-hereditas.pl\/wp-content\/uploads\/2024\/09\/E_Dziedziniewicz-Rapca_Warszawa_Filtrowa_81_wewnetrzne_podworze_fasada_poludniowa_klatka_schody_na_pierwsze_pietro_zakret_A-scaled.jpg 1929w\" sizes=\"auto, (max-width: 772px) 100vw, 772px\" \/><\/a><figcaption class=\"wp-element-caption\">Klatka w skrzydle po\u0142udniowym. Zakr\u0119t schod\u00f3w przed I-szym pietrem. Fot. Ewa Dziedziniewicz-R\u0105pca, 2023 r., \u017ar\u00f3d\u0142o: MWKZ.<\/figcaption><\/figure>\n\n\n\n<figure class=\"wp-block-image size-large\"><a href=\"http:\/\/lapidarium.fundacja-hereditas.pl\/wp-content\/uploads\/2024\/09\/E_Dziedziniewicz-Rapca_Warszawa_Filtrowa_81_wewnetrzne_podworze_fasada_poludniowa_klatka_schody_na_pierwsze_pietro_i_drugie-scaled.jpg\"><img loading=\"lazy\" decoding=\"async\" width=\"779\" height=\"1024\" data-id=\"27033\" src=\"http:\/\/lapidarium.fundacja-hereditas.pl\/wp-content\/uploads\/2024\/09\/E_Dziedziniewicz-Rapca_Warszawa_Filtrowa_81_wewnetrzne_podworze_fasada_poludniowa_klatka_schody_na_pierwsze_pietro_i_drugie-779x1024.jpg\" alt=\"\" class=\"wp-image-27033\" srcset=\"http:\/\/lapidarium.fundacja-hereditas.pl\/wp-content\/uploads\/2024\/09\/E_Dziedziniewicz-Rapca_Warszawa_Filtrowa_81_wewnetrzne_podworze_fasada_poludniowa_klatka_schody_na_pierwsze_pietro_i_drugie-779x1024.jpg 779w, http:\/\/lapidarium.fundacja-hereditas.pl\/wp-content\/uploads\/2024\/09\/E_Dziedziniewicz-Rapca_Warszawa_Filtrowa_81_wewnetrzne_podworze_fasada_poludniowa_klatka_schody_na_pierwsze_pietro_i_drugie-228x300.jpg 228w, http:\/\/lapidarium.fundacja-hereditas.pl\/wp-content\/uploads\/2024\/09\/E_Dziedziniewicz-Rapca_Warszawa_Filtrowa_81_wewnetrzne_podworze_fasada_poludniowa_klatka_schody_na_pierwsze_pietro_i_drugie-768x1010.jpg 768w, http:\/\/lapidarium.fundacja-hereditas.pl\/wp-content\/uploads\/2024\/09\/E_Dziedziniewicz-Rapca_Warszawa_Filtrowa_81_wewnetrzne_podworze_fasada_poludniowa_klatka_schody_na_pierwsze_pietro_i_drugie-1168x1536.jpg 1168w, http:\/\/lapidarium.fundacja-hereditas.pl\/wp-content\/uploads\/2024\/09\/E_Dziedziniewicz-Rapca_Warszawa_Filtrowa_81_wewnetrzne_podworze_fasada_poludniowa_klatka_schody_na_pierwsze_pietro_i_drugie-1557x2048.jpg 1557w, http:\/\/lapidarium.fundacja-hereditas.pl\/wp-content\/uploads\/2024\/09\/E_Dziedziniewicz-Rapca_Warszawa_Filtrowa_81_wewnetrzne_podworze_fasada_poludniowa_klatka_schody_na_pierwsze_pietro_i_drugie-150x197.jpg 150w, http:\/\/lapidarium.fundacja-hereditas.pl\/wp-content\/uploads\/2024\/09\/E_Dziedziniewicz-Rapca_Warszawa_Filtrowa_81_wewnetrzne_podworze_fasada_poludniowa_klatka_schody_na_pierwsze_pietro_i_drugie-300x394.jpg 300w, http:\/\/lapidarium.fundacja-hereditas.pl\/wp-content\/uploads\/2024\/09\/E_Dziedziniewicz-Rapca_Warszawa_Filtrowa_81_wewnetrzne_podworze_fasada_poludniowa_klatka_schody_na_pierwsze_pietro_i_drugie-696x915.jpg 696w, http:\/\/lapidarium.fundacja-hereditas.pl\/wp-content\/uploads\/2024\/09\/E_Dziedziniewicz-Rapca_Warszawa_Filtrowa_81_wewnetrzne_podworze_fasada_poludniowa_klatka_schody_na_pierwsze_pietro_i_drugie-1068x1404.jpg 1068w, http:\/\/lapidarium.fundacja-hereditas.pl\/wp-content\/uploads\/2024\/09\/E_Dziedziniewicz-Rapca_Warszawa_Filtrowa_81_wewnetrzne_podworze_fasada_poludniowa_klatka_schody_na_pierwsze_pietro_i_drugie-1920x2525.jpg 1920w, http:\/\/lapidarium.fundacja-hereditas.pl\/wp-content\/uploads\/2024\/09\/E_Dziedziniewicz-Rapca_Warszawa_Filtrowa_81_wewnetrzne_podworze_fasada_poludniowa_klatka_schody_na_pierwsze_pietro_i_drugie-scaled.jpg 1947w\" sizes=\"auto, (max-width: 779px) 100vw, 779px\" \/><\/a><figcaption class=\"wp-element-caption\">Klatka w skrzydle po\u0142udniowym. Schody przed I-szym pietrem. Fot. Ewa Dziedziniewicz-R\u0105pca, 2023 r., \u017ar\u00f3d\u0142o: MWKZ.<\/figcaption><\/figure>\n\n\n\n<figure class=\"wp-block-image size-large\"><a href=\"http:\/\/lapidarium.fundacja-hereditas.pl\/wp-content\/uploads\/2024\/09\/E_Dziedziniewicz-Rapca_Warszawa_Filtrowa_81_wewnetrzne_podworze_fasada_poludniowa_klatka_schody_na_pierwsze_pietro_balustrada-scaled.jpg\"><img loading=\"lazy\" decoding=\"async\" width=\"777\" height=\"1024\" data-id=\"27032\" src=\"http:\/\/lapidarium.fundacja-hereditas.pl\/wp-content\/uploads\/2024\/09\/E_Dziedziniewicz-Rapca_Warszawa_Filtrowa_81_wewnetrzne_podworze_fasada_poludniowa_klatka_schody_na_pierwsze_pietro_balustrada-777x1024.jpg\" alt=\"\" class=\"wp-image-27032\" srcset=\"http:\/\/lapidarium.fundacja-hereditas.pl\/wp-content\/uploads\/2024\/09\/E_Dziedziniewicz-Rapca_Warszawa_Filtrowa_81_wewnetrzne_podworze_fasada_poludniowa_klatka_schody_na_pierwsze_pietro_balustrada-777x1024.jpg 777w, http:\/\/lapidarium.fundacja-hereditas.pl\/wp-content\/uploads\/2024\/09\/E_Dziedziniewicz-Rapca_Warszawa_Filtrowa_81_wewnetrzne_podworze_fasada_poludniowa_klatka_schody_na_pierwsze_pietro_balustrada-228x300.jpg 228w, http:\/\/lapidarium.fundacja-hereditas.pl\/wp-content\/uploads\/2024\/09\/E_Dziedziniewicz-Rapca_Warszawa_Filtrowa_81_wewnetrzne_podworze_fasada_poludniowa_klatka_schody_na_pierwsze_pietro_balustrada-768x1012.jpg 768w, http:\/\/lapidarium.fundacja-hereditas.pl\/wp-content\/uploads\/2024\/09\/E_Dziedziniewicz-Rapca_Warszawa_Filtrowa_81_wewnetrzne_podworze_fasada_poludniowa_klatka_schody_na_pierwsze_pietro_balustrada-1166x1536.jpg 1166w, http:\/\/lapidarium.fundacja-hereditas.pl\/wp-content\/uploads\/2024\/09\/E_Dziedziniewicz-Rapca_Warszawa_Filtrowa_81_wewnetrzne_podworze_fasada_poludniowa_klatka_schody_na_pierwsze_pietro_balustrada-1555x2048.jpg 1555w, http:\/\/lapidarium.fundacja-hereditas.pl\/wp-content\/uploads\/2024\/09\/E_Dziedziniewicz-Rapca_Warszawa_Filtrowa_81_wewnetrzne_podworze_fasada_poludniowa_klatka_schody_na_pierwsze_pietro_balustrada-150x198.jpg 150w, http:\/\/lapidarium.fundacja-hereditas.pl\/wp-content\/uploads\/2024\/09\/E_Dziedziniewicz-Rapca_Warszawa_Filtrowa_81_wewnetrzne_podworze_fasada_poludniowa_klatka_schody_na_pierwsze_pietro_balustrada-300x395.jpg 300w, http:\/\/lapidarium.fundacja-hereditas.pl\/wp-content\/uploads\/2024\/09\/E_Dziedziniewicz-Rapca_Warszawa_Filtrowa_81_wewnetrzne_podworze_fasada_poludniowa_klatka_schody_na_pierwsze_pietro_balustrada-696x917.jpg 696w, http:\/\/lapidarium.fundacja-hereditas.pl\/wp-content\/uploads\/2024\/09\/E_Dziedziniewicz-Rapca_Warszawa_Filtrowa_81_wewnetrzne_podworze_fasada_poludniowa_klatka_schody_na_pierwsze_pietro_balustrada-1068x1407.jpg 1068w, http:\/\/lapidarium.fundacja-hereditas.pl\/wp-content\/uploads\/2024\/09\/E_Dziedziniewicz-Rapca_Warszawa_Filtrowa_81_wewnetrzne_podworze_fasada_poludniowa_klatka_schody_na_pierwsze_pietro_balustrada-1920x2529.jpg 1920w, http:\/\/lapidarium.fundacja-hereditas.pl\/wp-content\/uploads\/2024\/09\/E_Dziedziniewicz-Rapca_Warszawa_Filtrowa_81_wewnetrzne_podworze_fasada_poludniowa_klatka_schody_na_pierwsze_pietro_balustrada-scaled.jpg 1943w\" sizes=\"auto, (max-width: 777px) 100vw, 777px\" \/><\/a><figcaption class=\"wp-element-caption\">Klatka w skrzydle po\u0142udniowym. Schody przed I-szym pietrem. Fot. Ewa Dziedziniewicz-R\u0105pca, 2023 r., \u017ar\u00f3d\u0142o: MWKZ.<\/figcaption><\/figure>\n\n\n\n<figure class=\"wp-block-image size-large\"><a href=\"http:\/\/lapidarium.fundacja-hereditas.pl\/wp-content\/uploads\/2024\/09\/E_Dziedziniewicz-Rapca_Warszawa_Filtrowa_81_wewnetrzne_podworze_fasada_poludniowa_klatka_schody_na_parter_zakret-scaled.jpg\"><img loading=\"lazy\" decoding=\"async\" width=\"1024\" height=\"766\" data-id=\"27030\" src=\"http:\/\/lapidarium.fundacja-hereditas.pl\/wp-content\/uploads\/2024\/09\/E_Dziedziniewicz-Rapca_Warszawa_Filtrowa_81_wewnetrzne_podworze_fasada_poludniowa_klatka_schody_na_parter_zakret-1024x766.jpg\" alt=\"\" class=\"wp-image-27030\" srcset=\"http:\/\/lapidarium.fundacja-hereditas.pl\/wp-content\/uploads\/2024\/09\/E_Dziedziniewicz-Rapca_Warszawa_Filtrowa_81_wewnetrzne_podworze_fasada_poludniowa_klatka_schody_na_parter_zakret-1024x766.jpg 1024w, http:\/\/lapidarium.fundacja-hereditas.pl\/wp-content\/uploads\/2024\/09\/E_Dziedziniewicz-Rapca_Warszawa_Filtrowa_81_wewnetrzne_podworze_fasada_poludniowa_klatka_schody_na_parter_zakret-300x224.jpg 300w, http:\/\/lapidarium.fundacja-hereditas.pl\/wp-content\/uploads\/2024\/09\/E_Dziedziniewicz-Rapca_Warszawa_Filtrowa_81_wewnetrzne_podworze_fasada_poludniowa_klatka_schody_na_parter_zakret-768x575.jpg 768w, http:\/\/lapidarium.fundacja-hereditas.pl\/wp-content\/uploads\/2024\/09\/E_Dziedziniewicz-Rapca_Warszawa_Filtrowa_81_wewnetrzne_podworze_fasada_poludniowa_klatka_schody_na_parter_zakret-1536x1149.jpg 1536w, http:\/\/lapidarium.fundacja-hereditas.pl\/wp-content\/uploads\/2024\/09\/E_Dziedziniewicz-Rapca_Warszawa_Filtrowa_81_wewnetrzne_podworze_fasada_poludniowa_klatka_schody_na_parter_zakret-2048x1532.jpg 2048w, http:\/\/lapidarium.fundacja-hereditas.pl\/wp-content\/uploads\/2024\/09\/E_Dziedziniewicz-Rapca_Warszawa_Filtrowa_81_wewnetrzne_podworze_fasada_poludniowa_klatka_schody_na_parter_zakret-150x112.jpg 150w, http:\/\/lapidarium.fundacja-hereditas.pl\/wp-content\/uploads\/2024\/09\/E_Dziedziniewicz-Rapca_Warszawa_Filtrowa_81_wewnetrzne_podworze_fasada_poludniowa_klatka_schody_na_parter_zakret-696x521.jpg 696w, http:\/\/lapidarium.fundacja-hereditas.pl\/wp-content\/uploads\/2024\/09\/E_Dziedziniewicz-Rapca_Warszawa_Filtrowa_81_wewnetrzne_podworze_fasada_poludniowa_klatka_schody_na_parter_zakret-1068x799.jpg 1068w, http:\/\/lapidarium.fundacja-hereditas.pl\/wp-content\/uploads\/2024\/09\/E_Dziedziniewicz-Rapca_Warszawa_Filtrowa_81_wewnetrzne_podworze_fasada_poludniowa_klatka_schody_na_parter_zakret-1920x1436.jpg 1920w\" sizes=\"auto, (max-width: 1024px) 100vw, 1024px\" \/><\/a><figcaption class=\"wp-element-caption\">Klatka w skrzydle po\u0142udniowym. Spocznik przed I-szym pietrem. Fot. Ewa Dziedziniewicz-R\u0105pca, 2023 r., \u017ar\u00f3d\u0142o: MWKZ.<\/figcaption><\/figure>\n\n\n\n<figure class=\"wp-block-image size-large\"><a href=\"http:\/\/lapidarium.fundacja-hereditas.pl\/wp-content\/uploads\/2024\/09\/E_Dziedziniewicz-Rapca_Warszawa_Filtrowa_81_wewnetrzne_podworze_fasada_poludniowa_klatka_schody_na_parter-scaled.jpg\"><img loading=\"lazy\" decoding=\"async\" width=\"1024\" height=\"784\" data-id=\"27028\" src=\"http:\/\/lapidarium.fundacja-hereditas.pl\/wp-content\/uploads\/2024\/09\/E_Dziedziniewicz-Rapca_Warszawa_Filtrowa_81_wewnetrzne_podworze_fasada_poludniowa_klatka_schody_na_parter-1024x784.jpg\" alt=\"\" class=\"wp-image-27028\" srcset=\"http:\/\/lapidarium.fundacja-hereditas.pl\/wp-content\/uploads\/2024\/09\/E_Dziedziniewicz-Rapca_Warszawa_Filtrowa_81_wewnetrzne_podworze_fasada_poludniowa_klatka_schody_na_parter-1024x784.jpg 1024w, http:\/\/lapidarium.fundacja-hereditas.pl\/wp-content\/uploads\/2024\/09\/E_Dziedziniewicz-Rapca_Warszawa_Filtrowa_81_wewnetrzne_podworze_fasada_poludniowa_klatka_schody_na_parter-300x230.jpg 300w, http:\/\/lapidarium.fundacja-hereditas.pl\/wp-content\/uploads\/2024\/09\/E_Dziedziniewicz-Rapca_Warszawa_Filtrowa_81_wewnetrzne_podworze_fasada_poludniowa_klatka_schody_na_parter-768x588.jpg 768w, http:\/\/lapidarium.fundacja-hereditas.pl\/wp-content\/uploads\/2024\/09\/E_Dziedziniewicz-Rapca_Warszawa_Filtrowa_81_wewnetrzne_podworze_fasada_poludniowa_klatka_schody_na_parter-1536x1177.jpg 1536w, http:\/\/lapidarium.fundacja-hereditas.pl\/wp-content\/uploads\/2024\/09\/E_Dziedziniewicz-Rapca_Warszawa_Filtrowa_81_wewnetrzne_podworze_fasada_poludniowa_klatka_schody_na_parter-2048x1569.jpg 2048w, http:\/\/lapidarium.fundacja-hereditas.pl\/wp-content\/uploads\/2024\/09\/E_Dziedziniewicz-Rapca_Warszawa_Filtrowa_81_wewnetrzne_podworze_fasada_poludniowa_klatka_schody_na_parter-150x115.jpg 150w, http:\/\/lapidarium.fundacja-hereditas.pl\/wp-content\/uploads\/2024\/09\/E_Dziedziniewicz-Rapca_Warszawa_Filtrowa_81_wewnetrzne_podworze_fasada_poludniowa_klatka_schody_na_parter-696x533.jpg 696w, http:\/\/lapidarium.fundacja-hereditas.pl\/wp-content\/uploads\/2024\/09\/E_Dziedziniewicz-Rapca_Warszawa_Filtrowa_81_wewnetrzne_podworze_fasada_poludniowa_klatka_schody_na_parter-1068x818.jpg 1068w, http:\/\/lapidarium.fundacja-hereditas.pl\/wp-content\/uploads\/2024\/09\/E_Dziedziniewicz-Rapca_Warszawa_Filtrowa_81_wewnetrzne_podworze_fasada_poludniowa_klatka_schody_na_parter-1920x1471.jpg 1920w\" sizes=\"auto, (max-width: 1024px) 100vw, 1024px\" \/><\/a><figcaption class=\"wp-element-caption\">Klatka w skrzydle po\u0142udniowym. Spocznik przed I-szym pietrem. Fot. Ewa Dziedziniewicz-R\u0105pca, 2023 r., \u017ar\u00f3d\u0142o: MWKZ.<\/figcaption><\/figure>\n\n\n\n<figure class=\"wp-block-image size-large\"><a href=\"http:\/\/lapidarium.fundacja-hereditas.pl\/wp-content\/uploads\/2024\/09\/E_Dziedziniewicz-Rapca_Warszawa_Filtrowa_81_wewnetrzne_podworze_fasada_poludniowa_klatka_pierwsze_pietro_balustrada-scaled.jpg\"><img loading=\"lazy\" decoding=\"async\" width=\"776\" height=\"1024\" data-id=\"27017\" src=\"http:\/\/lapidarium.fundacja-hereditas.pl\/wp-content\/uploads\/2024\/09\/E_Dziedziniewicz-Rapca_Warszawa_Filtrowa_81_wewnetrzne_podworze_fasada_poludniowa_klatka_pierwsze_pietro_balustrada-776x1024.jpg\" alt=\"\" class=\"wp-image-27017\" srcset=\"http:\/\/lapidarium.fundacja-hereditas.pl\/wp-content\/uploads\/2024\/09\/E_Dziedziniewicz-Rapca_Warszawa_Filtrowa_81_wewnetrzne_podworze_fasada_poludniowa_klatka_pierwsze_pietro_balustrada-776x1024.jpg 776w, http:\/\/lapidarium.fundacja-hereditas.pl\/wp-content\/uploads\/2024\/09\/E_Dziedziniewicz-Rapca_Warszawa_Filtrowa_81_wewnetrzne_podworze_fasada_poludniowa_klatka_pierwsze_pietro_balustrada-227x300.jpg 227w, http:\/\/lapidarium.fundacja-hereditas.pl\/wp-content\/uploads\/2024\/09\/E_Dziedziniewicz-Rapca_Warszawa_Filtrowa_81_wewnetrzne_podworze_fasada_poludniowa_klatka_pierwsze_pietro_balustrada-768x1014.jpg 768w, http:\/\/lapidarium.fundacja-hereditas.pl\/wp-content\/uploads\/2024\/09\/E_Dziedziniewicz-Rapca_Warszawa_Filtrowa_81_wewnetrzne_podworze_fasada_poludniowa_klatka_pierwsze_pietro_balustrada-1164x1536.jpg 1164w, http:\/\/lapidarium.fundacja-hereditas.pl\/wp-content\/uploads\/2024\/09\/E_Dziedziniewicz-Rapca_Warszawa_Filtrowa_81_wewnetrzne_podworze_fasada_poludniowa_klatka_pierwsze_pietro_balustrada-1552x2048.jpg 1552w, http:\/\/lapidarium.fundacja-hereditas.pl\/wp-content\/uploads\/2024\/09\/E_Dziedziniewicz-Rapca_Warszawa_Filtrowa_81_wewnetrzne_podworze_fasada_poludniowa_klatka_pierwsze_pietro_balustrada-150x198.jpg 150w, http:\/\/lapidarium.fundacja-hereditas.pl\/wp-content\/uploads\/2024\/09\/E_Dziedziniewicz-Rapca_Warszawa_Filtrowa_81_wewnetrzne_podworze_fasada_poludniowa_klatka_pierwsze_pietro_balustrada-300x396.jpg 300w, http:\/\/lapidarium.fundacja-hereditas.pl\/wp-content\/uploads\/2024\/09\/E_Dziedziniewicz-Rapca_Warszawa_Filtrowa_81_wewnetrzne_podworze_fasada_poludniowa_klatka_pierwsze_pietro_balustrada-696x919.jpg 696w, http:\/\/lapidarium.fundacja-hereditas.pl\/wp-content\/uploads\/2024\/09\/E_Dziedziniewicz-Rapca_Warszawa_Filtrowa_81_wewnetrzne_podworze_fasada_poludniowa_klatka_pierwsze_pietro_balustrada-1068x1410.jpg 1068w, http:\/\/lapidarium.fundacja-hereditas.pl\/wp-content\/uploads\/2024\/09\/E_Dziedziniewicz-Rapca_Warszawa_Filtrowa_81_wewnetrzne_podworze_fasada_poludniowa_klatka_pierwsze_pietro_balustrada-1920x2534.jpg 1920w, http:\/\/lapidarium.fundacja-hereditas.pl\/wp-content\/uploads\/2024\/09\/E_Dziedziniewicz-Rapca_Warszawa_Filtrowa_81_wewnetrzne_podworze_fasada_poludniowa_klatka_pierwsze_pietro_balustrada-scaled.jpg 1940w\" sizes=\"auto, (max-width: 776px) 100vw, 776px\" \/><\/a><figcaption class=\"wp-element-caption\">Klatka w skrzydle po\u0142udniowym. Balustrada przed I-szym pietrem. Fot. Ewa Dziedziniewicz-R\u0105pca, 2023 r., \u017ar\u00f3d\u0142o: MWKZ.<\/figcaption><\/figure>\n\n\n\n<figure class=\"wp-block-image size-large\"><a href=\"http:\/\/lapidarium.fundacja-hereditas.pl\/wp-content\/uploads\/2024\/09\/E_Dziedziniewicz-Rapca_Warszawa_Filtrowa_81_wewnetrzne_podworze_fasada_poludniowa_klatka_pierwsze_pietro_drzwi_dwa-scaled.jpg\"><img loading=\"lazy\" decoding=\"async\" width=\"776\" height=\"1024\" data-id=\"27019\" src=\"http:\/\/lapidarium.fundacja-hereditas.pl\/wp-content\/uploads\/2024\/09\/E_Dziedziniewicz-Rapca_Warszawa_Filtrowa_81_wewnetrzne_podworze_fasada_poludniowa_klatka_pierwsze_pietro_drzwi_dwa-776x1024.jpg\" alt=\"\" class=\"wp-image-27019\" srcset=\"http:\/\/lapidarium.fundacja-hereditas.pl\/wp-content\/uploads\/2024\/09\/E_Dziedziniewicz-Rapca_Warszawa_Filtrowa_81_wewnetrzne_podworze_fasada_poludniowa_klatka_pierwsze_pietro_drzwi_dwa-776x1024.jpg 776w, http:\/\/lapidarium.fundacja-hereditas.pl\/wp-content\/uploads\/2024\/09\/E_Dziedziniewicz-Rapca_Warszawa_Filtrowa_81_wewnetrzne_podworze_fasada_poludniowa_klatka_pierwsze_pietro_drzwi_dwa-227x300.jpg 227w, http:\/\/lapidarium.fundacja-hereditas.pl\/wp-content\/uploads\/2024\/09\/E_Dziedziniewicz-Rapca_Warszawa_Filtrowa_81_wewnetrzne_podworze_fasada_poludniowa_klatka_pierwsze_pietro_drzwi_dwa-768x1014.jpg 768w, http:\/\/lapidarium.fundacja-hereditas.pl\/wp-content\/uploads\/2024\/09\/E_Dziedziniewicz-Rapca_Warszawa_Filtrowa_81_wewnetrzne_podworze_fasada_poludniowa_klatka_pierwsze_pietro_drzwi_dwa-1164x1536.jpg 1164w, http:\/\/lapidarium.fundacja-hereditas.pl\/wp-content\/uploads\/2024\/09\/E_Dziedziniewicz-Rapca_Warszawa_Filtrowa_81_wewnetrzne_podworze_fasada_poludniowa_klatka_pierwsze_pietro_drzwi_dwa-1552x2048.jpg 1552w, http:\/\/lapidarium.fundacja-hereditas.pl\/wp-content\/uploads\/2024\/09\/E_Dziedziniewicz-Rapca_Warszawa_Filtrowa_81_wewnetrzne_podworze_fasada_poludniowa_klatka_pierwsze_pietro_drzwi_dwa-150x198.jpg 150w, http:\/\/lapidarium.fundacja-hereditas.pl\/wp-content\/uploads\/2024\/09\/E_Dziedziniewicz-Rapca_Warszawa_Filtrowa_81_wewnetrzne_podworze_fasada_poludniowa_klatka_pierwsze_pietro_drzwi_dwa-300x396.jpg 300w, http:\/\/lapidarium.fundacja-hereditas.pl\/wp-content\/uploads\/2024\/09\/E_Dziedziniewicz-Rapca_Warszawa_Filtrowa_81_wewnetrzne_podworze_fasada_poludniowa_klatka_pierwsze_pietro_drzwi_dwa-696x919.jpg 696w, http:\/\/lapidarium.fundacja-hereditas.pl\/wp-content\/uploads\/2024\/09\/E_Dziedziniewicz-Rapca_Warszawa_Filtrowa_81_wewnetrzne_podworze_fasada_poludniowa_klatka_pierwsze_pietro_drzwi_dwa-1068x1410.jpg 1068w, http:\/\/lapidarium.fundacja-hereditas.pl\/wp-content\/uploads\/2024\/09\/E_Dziedziniewicz-Rapca_Warszawa_Filtrowa_81_wewnetrzne_podworze_fasada_poludniowa_klatka_pierwsze_pietro_drzwi_dwa-1920x2534.jpg 1920w, http:\/\/lapidarium.fundacja-hereditas.pl\/wp-content\/uploads\/2024\/09\/E_Dziedziniewicz-Rapca_Warszawa_Filtrowa_81_wewnetrzne_podworze_fasada_poludniowa_klatka_pierwsze_pietro_drzwi_dwa-scaled.jpg 1940w\" sizes=\"auto, (max-width: 776px) 100vw, 776px\" \/><\/a><figcaption class=\"wp-element-caption\">Klatka w skrzydle po\u0142udniowym. Drzwi do mieszka\u0144 I-szego pietra. Fot. Ewa Dziedziniewicz-R\u0105pca, 2023 r., \u017ar\u00f3d\u0142o: MWKZ.<\/figcaption><\/figure>\n\n\n\n<figure class=\"wp-block-image size-large\"><a href=\"http:\/\/lapidarium.fundacja-hereditas.pl\/wp-content\/uploads\/2024\/09\/E_Dziedziniewicz-Rapca_Warszawa_Filtrowa_81_wewnetrzne_podworze_fasada_poludniowa_klatka_schody_drzwi_trzy-scaled.jpg\"><img loading=\"lazy\" decoding=\"async\" width=\"778\" height=\"1024\" data-id=\"27025\" src=\"http:\/\/lapidarium.fundacja-hereditas.pl\/wp-content\/uploads\/2024\/09\/E_Dziedziniewicz-Rapca_Warszawa_Filtrowa_81_wewnetrzne_podworze_fasada_poludniowa_klatka_schody_drzwi_trzy-778x1024.jpg\" alt=\"\" class=\"wp-image-27025\" srcset=\"http:\/\/lapidarium.fundacja-hereditas.pl\/wp-content\/uploads\/2024\/09\/E_Dziedziniewicz-Rapca_Warszawa_Filtrowa_81_wewnetrzne_podworze_fasada_poludniowa_klatka_schody_drzwi_trzy-778x1024.jpg 778w, http:\/\/lapidarium.fundacja-hereditas.pl\/wp-content\/uploads\/2024\/09\/E_Dziedziniewicz-Rapca_Warszawa_Filtrowa_81_wewnetrzne_podworze_fasada_poludniowa_klatka_schody_drzwi_trzy-228x300.jpg 228w, http:\/\/lapidarium.fundacja-hereditas.pl\/wp-content\/uploads\/2024\/09\/E_Dziedziniewicz-Rapca_Warszawa_Filtrowa_81_wewnetrzne_podworze_fasada_poludniowa_klatka_schody_drzwi_trzy-768x1011.jpg 768w, http:\/\/lapidarium.fundacja-hereditas.pl\/wp-content\/uploads\/2024\/09\/E_Dziedziniewicz-Rapca_Warszawa_Filtrowa_81_wewnetrzne_podworze_fasada_poludniowa_klatka_schody_drzwi_trzy-1167x1536.jpg 1167w, http:\/\/lapidarium.fundacja-hereditas.pl\/wp-content\/uploads\/2024\/09\/E_Dziedziniewicz-Rapca_Warszawa_Filtrowa_81_wewnetrzne_podworze_fasada_poludniowa_klatka_schody_drzwi_trzy-1556x2048.jpg 1556w, http:\/\/lapidarium.fundacja-hereditas.pl\/wp-content\/uploads\/2024\/09\/E_Dziedziniewicz-Rapca_Warszawa_Filtrowa_81_wewnetrzne_podworze_fasada_poludniowa_klatka_schody_drzwi_trzy-150x197.jpg 150w, http:\/\/lapidarium.fundacja-hereditas.pl\/wp-content\/uploads\/2024\/09\/E_Dziedziniewicz-Rapca_Warszawa_Filtrowa_81_wewnetrzne_podworze_fasada_poludniowa_klatka_schody_drzwi_trzy-300x395.jpg 300w, http:\/\/lapidarium.fundacja-hereditas.pl\/wp-content\/uploads\/2024\/09\/E_Dziedziniewicz-Rapca_Warszawa_Filtrowa_81_wewnetrzne_podworze_fasada_poludniowa_klatka_schody_drzwi_trzy-696x916.jpg 696w, http:\/\/lapidarium.fundacja-hereditas.pl\/wp-content\/uploads\/2024\/09\/E_Dziedziniewicz-Rapca_Warszawa_Filtrowa_81_wewnetrzne_podworze_fasada_poludniowa_klatka_schody_drzwi_trzy-1068x1406.jpg 1068w, http:\/\/lapidarium.fundacja-hereditas.pl\/wp-content\/uploads\/2024\/09\/E_Dziedziniewicz-Rapca_Warszawa_Filtrowa_81_wewnetrzne_podworze_fasada_poludniowa_klatka_schody_drzwi_trzy-1920x2527.jpg 1920w, http:\/\/lapidarium.fundacja-hereditas.pl\/wp-content\/uploads\/2024\/09\/E_Dziedziniewicz-Rapca_Warszawa_Filtrowa_81_wewnetrzne_podworze_fasada_poludniowa_klatka_schody_drzwi_trzy-scaled.jpg 1945w\" sizes=\"auto, (max-width: 778px) 100vw, 778px\" \/><\/a><figcaption class=\"wp-element-caption\">Klatka w skrzydle po\u0142udniowym. Drzwi do mieszka\u0144. Fot. Ewa Dziedziniewicz-R\u0105pca, 2023 r., \u017ar\u00f3d\u0142o: MWKZ.<\/figcaption><\/figure>\n\n\n\n<figure class=\"wp-block-image size-large\"><a href=\"http:\/\/lapidarium.fundacja-hereditas.pl\/wp-content\/uploads\/2024\/09\/E_Dziedziniewicz-Rapca_Warszawa_Filtrowa_81_wewnetrzne_podworze_fasada_poludniowa_klatka_pierwsze_pietro_drzwi-scaled.jpg\"><img loading=\"lazy\" decoding=\"async\" width=\"758\" height=\"1024\" data-id=\"27018\" src=\"http:\/\/lapidarium.fundacja-hereditas.pl\/wp-content\/uploads\/2024\/09\/E_Dziedziniewicz-Rapca_Warszawa_Filtrowa_81_wewnetrzne_podworze_fasada_poludniowa_klatka_pierwsze_pietro_drzwi-758x1024.jpg\" alt=\"\" class=\"wp-image-27018\" srcset=\"http:\/\/lapidarium.fundacja-hereditas.pl\/wp-content\/uploads\/2024\/09\/E_Dziedziniewicz-Rapca_Warszawa_Filtrowa_81_wewnetrzne_podworze_fasada_poludniowa_klatka_pierwsze_pietro_drzwi-758x1024.jpg 758w, http:\/\/lapidarium.fundacja-hereditas.pl\/wp-content\/uploads\/2024\/09\/E_Dziedziniewicz-Rapca_Warszawa_Filtrowa_81_wewnetrzne_podworze_fasada_poludniowa_klatka_pierwsze_pietro_drzwi-222x300.jpg 222w, http:\/\/lapidarium.fundacja-hereditas.pl\/wp-content\/uploads\/2024\/09\/E_Dziedziniewicz-Rapca_Warszawa_Filtrowa_81_wewnetrzne_podworze_fasada_poludniowa_klatka_pierwsze_pietro_drzwi-768x1038.jpg 768w, http:\/\/lapidarium.fundacja-hereditas.pl\/wp-content\/uploads\/2024\/09\/E_Dziedziniewicz-Rapca_Warszawa_Filtrowa_81_wewnetrzne_podworze_fasada_poludniowa_klatka_pierwsze_pietro_drzwi-1137x1536.jpg 1137w, http:\/\/lapidarium.fundacja-hereditas.pl\/wp-content\/uploads\/2024\/09\/E_Dziedziniewicz-Rapca_Warszawa_Filtrowa_81_wewnetrzne_podworze_fasada_poludniowa_klatka_pierwsze_pietro_drzwi-1515x2048.jpg 1515w, http:\/\/lapidarium.fundacja-hereditas.pl\/wp-content\/uploads\/2024\/09\/E_Dziedziniewicz-Rapca_Warszawa_Filtrowa_81_wewnetrzne_podworze_fasada_poludniowa_klatka_pierwsze_pietro_drzwi-150x203.jpg 150w, http:\/\/lapidarium.fundacja-hereditas.pl\/wp-content\/uploads\/2024\/09\/E_Dziedziniewicz-Rapca_Warszawa_Filtrowa_81_wewnetrzne_podworze_fasada_poludniowa_klatka_pierwsze_pietro_drzwi-300x405.jpg 300w, http:\/\/lapidarium.fundacja-hereditas.pl\/wp-content\/uploads\/2024\/09\/E_Dziedziniewicz-Rapca_Warszawa_Filtrowa_81_wewnetrzne_podworze_fasada_poludniowa_klatka_pierwsze_pietro_drzwi-696x941.jpg 696w, http:\/\/lapidarium.fundacja-hereditas.pl\/wp-content\/uploads\/2024\/09\/E_Dziedziniewicz-Rapca_Warszawa_Filtrowa_81_wewnetrzne_podworze_fasada_poludniowa_klatka_pierwsze_pietro_drzwi-1068x1443.jpg 1068w, http:\/\/lapidarium.fundacja-hereditas.pl\/wp-content\/uploads\/2024\/09\/E_Dziedziniewicz-Rapca_Warszawa_Filtrowa_81_wewnetrzne_podworze_fasada_poludniowa_klatka_pierwsze_pietro_drzwi-1920x2595.jpg 1920w, http:\/\/lapidarium.fundacja-hereditas.pl\/wp-content\/uploads\/2024\/09\/E_Dziedziniewicz-Rapca_Warszawa_Filtrowa_81_wewnetrzne_podworze_fasada_poludniowa_klatka_pierwsze_pietro_drzwi-scaled.jpg 1894w\" sizes=\"auto, (max-width: 758px) 100vw, 758px\" \/><\/a><figcaption class=\"wp-element-caption\">Klatka w skrzydle po\u0142udniowym. Drzwi do mieszka\u0144 I-szego pietra. Fot. Ewa Dziedziniewicz-R\u0105pca, 2023 r., \u017ar\u00f3d\u0142o: MWKZ.<\/figcaption><\/figure>\n\n\n\n<figure class=\"wp-block-image size-large\"><a href=\"http:\/\/lapidarium.fundacja-hereditas.pl\/wp-content\/uploads\/2024\/09\/E_Dziedziniewicz-Rapca_Warszawa_Filtrowa_81_wewnetrzne_podworze_fasada_poludniowa_klatka_schody_drzwi_posadzka-scaled.jpg\"><img loading=\"lazy\" decoding=\"async\" width=\"814\" height=\"1024\" data-id=\"27024\" src=\"http:\/\/lapidarium.fundacja-hereditas.pl\/wp-content\/uploads\/2024\/09\/E_Dziedziniewicz-Rapca_Warszawa_Filtrowa_81_wewnetrzne_podworze_fasada_poludniowa_klatka_schody_drzwi_posadzka-814x1024.jpg\" alt=\"\" class=\"wp-image-27024\" srcset=\"http:\/\/lapidarium.fundacja-hereditas.pl\/wp-content\/uploads\/2024\/09\/E_Dziedziniewicz-Rapca_Warszawa_Filtrowa_81_wewnetrzne_podworze_fasada_poludniowa_klatka_schody_drzwi_posadzka-814x1024.jpg 814w, http:\/\/lapidarium.fundacja-hereditas.pl\/wp-content\/uploads\/2024\/09\/E_Dziedziniewicz-Rapca_Warszawa_Filtrowa_81_wewnetrzne_podworze_fasada_poludniowa_klatka_schody_drzwi_posadzka-238x300.jpg 238w, http:\/\/lapidarium.fundacja-hereditas.pl\/wp-content\/uploads\/2024\/09\/E_Dziedziniewicz-Rapca_Warszawa_Filtrowa_81_wewnetrzne_podworze_fasada_poludniowa_klatka_schody_drzwi_posadzka-768x966.jpg 768w, http:\/\/lapidarium.fundacja-hereditas.pl\/wp-content\/uploads\/2024\/09\/E_Dziedziniewicz-Rapca_Warszawa_Filtrowa_81_wewnetrzne_podworze_fasada_poludniowa_klatka_schody_drzwi_posadzka-1221x1536.jpg 1221w, http:\/\/lapidarium.fundacja-hereditas.pl\/wp-content\/uploads\/2024\/09\/E_Dziedziniewicz-Rapca_Warszawa_Filtrowa_81_wewnetrzne_podworze_fasada_poludniowa_klatka_schody_drzwi_posadzka-1628x2048.jpg 1628w, http:\/\/lapidarium.fundacja-hereditas.pl\/wp-content\/uploads\/2024\/09\/E_Dziedziniewicz-Rapca_Warszawa_Filtrowa_81_wewnetrzne_podworze_fasada_poludniowa_klatka_schody_drzwi_posadzka-150x189.jpg 150w, http:\/\/lapidarium.fundacja-hereditas.pl\/wp-content\/uploads\/2024\/09\/E_Dziedziniewicz-Rapca_Warszawa_Filtrowa_81_wewnetrzne_podworze_fasada_poludniowa_klatka_schody_drzwi_posadzka-300x377.jpg 300w, http:\/\/lapidarium.fundacja-hereditas.pl\/wp-content\/uploads\/2024\/09\/E_Dziedziniewicz-Rapca_Warszawa_Filtrowa_81_wewnetrzne_podworze_fasada_poludniowa_klatka_schody_drzwi_posadzka-696x876.jpg 696w, http:\/\/lapidarium.fundacja-hereditas.pl\/wp-content\/uploads\/2024\/09\/E_Dziedziniewicz-Rapca_Warszawa_Filtrowa_81_wewnetrzne_podworze_fasada_poludniowa_klatka_schody_drzwi_posadzka-1068x1344.jpg 1068w, http:\/\/lapidarium.fundacja-hereditas.pl\/wp-content\/uploads\/2024\/09\/E_Dziedziniewicz-Rapca_Warszawa_Filtrowa_81_wewnetrzne_podworze_fasada_poludniowa_klatka_schody_drzwi_posadzka-1920x2416.jpg 1920w, http:\/\/lapidarium.fundacja-hereditas.pl\/wp-content\/uploads\/2024\/09\/E_Dziedziniewicz-Rapca_Warszawa_Filtrowa_81_wewnetrzne_podworze_fasada_poludniowa_klatka_schody_drzwi_posadzka-scaled.jpg 2035w\" sizes=\"auto, (max-width: 814px) 100vw, 814px\" \/><\/a><figcaption class=\"wp-element-caption\">Klatka w skrzydle po\u0142udniowym. Drzwi do mieszka\u0144. Fot. Ewa Dziedziniewicz-R\u0105pca, 2023 r., \u017ar\u00f3d\u0142o: MWKZ.<\/figcaption><\/figure>\n\n\n\n<figure class=\"wp-block-image size-large\"><a href=\"http:\/\/lapidarium.fundacja-hereditas.pl\/wp-content\/uploads\/2024\/09\/E_Dziedziniewicz-Rapca_Warszawa_Filtrowa_81_wewnetrzne_podworze_fasada_poludniowa_klatka_schody_drzwi_numer-scaled.jpg\"><img loading=\"lazy\" decoding=\"async\" width=\"1024\" height=\"851\" data-id=\"27023\" src=\"http:\/\/lapidarium.fundacja-hereditas.pl\/wp-content\/uploads\/2024\/09\/E_Dziedziniewicz-Rapca_Warszawa_Filtrowa_81_wewnetrzne_podworze_fasada_poludniowa_klatka_schody_drzwi_numer-1024x851.jpg\" alt=\"\" class=\"wp-image-27023\" srcset=\"http:\/\/lapidarium.fundacja-hereditas.pl\/wp-content\/uploads\/2024\/09\/E_Dziedziniewicz-Rapca_Warszawa_Filtrowa_81_wewnetrzne_podworze_fasada_poludniowa_klatka_schody_drzwi_numer-1024x851.jpg 1024w, http:\/\/lapidarium.fundacja-hereditas.pl\/wp-content\/uploads\/2024\/09\/E_Dziedziniewicz-Rapca_Warszawa_Filtrowa_81_wewnetrzne_podworze_fasada_poludniowa_klatka_schody_drzwi_numer-300x249.jpg 300w, http:\/\/lapidarium.fundacja-hereditas.pl\/wp-content\/uploads\/2024\/09\/E_Dziedziniewicz-Rapca_Warszawa_Filtrowa_81_wewnetrzne_podworze_fasada_poludniowa_klatka_schody_drzwi_numer-768x638.jpg 768w, http:\/\/lapidarium.fundacja-hereditas.pl\/wp-content\/uploads\/2024\/09\/E_Dziedziniewicz-Rapca_Warszawa_Filtrowa_81_wewnetrzne_podworze_fasada_poludniowa_klatka_schody_drzwi_numer-1536x1276.jpg 1536w, http:\/\/lapidarium.fundacja-hereditas.pl\/wp-content\/uploads\/2024\/09\/E_Dziedziniewicz-Rapca_Warszawa_Filtrowa_81_wewnetrzne_podworze_fasada_poludniowa_klatka_schody_drzwi_numer-2048x1702.jpg 2048w, http:\/\/lapidarium.fundacja-hereditas.pl\/wp-content\/uploads\/2024\/09\/E_Dziedziniewicz-Rapca_Warszawa_Filtrowa_81_wewnetrzne_podworze_fasada_poludniowa_klatka_schody_drzwi_numer-150x125.jpg 150w, http:\/\/lapidarium.fundacja-hereditas.pl\/wp-content\/uploads\/2024\/09\/E_Dziedziniewicz-Rapca_Warszawa_Filtrowa_81_wewnetrzne_podworze_fasada_poludniowa_klatka_schody_drzwi_numer-696x578.jpg 696w, http:\/\/lapidarium.fundacja-hereditas.pl\/wp-content\/uploads\/2024\/09\/E_Dziedziniewicz-Rapca_Warszawa_Filtrowa_81_wewnetrzne_podworze_fasada_poludniowa_klatka_schody_drzwi_numer-1068x888.jpg 1068w, http:\/\/lapidarium.fundacja-hereditas.pl\/wp-content\/uploads\/2024\/09\/E_Dziedziniewicz-Rapca_Warszawa_Filtrowa_81_wewnetrzne_podworze_fasada_poludniowa_klatka_schody_drzwi_numer-1920x1596.jpg 1920w\" sizes=\"auto, (max-width: 1024px) 100vw, 1024px\" \/><\/a><figcaption class=\"wp-element-caption\">Klatka w skrzydle po\u0142udniowym. Numerek nad drzwiami do mieszkania. Fot. Ewa Dziedziniewicz-R\u0105pca, 2023 r., \u017ar\u00f3d\u0142o: MWKZ.<\/figcaption><\/figure>\n\n\n\n<figure class=\"wp-block-image size-large\"><a href=\"http:\/\/lapidarium.fundacja-hereditas.pl\/wp-content\/uploads\/2024\/09\/E_Dziedziniewicz-Rapca_Warszawa_Filtrowa_81_wewnetrzne_podworze_fasada_poludniowa_klatka_schody_na_drugie_pietr_zakret-scaled.jpg\"><img loading=\"lazy\" decoding=\"async\" width=\"779\" height=\"1024\" data-id=\"27026\" src=\"http:\/\/lapidarium.fundacja-hereditas.pl\/wp-content\/uploads\/2024\/09\/E_Dziedziniewicz-Rapca_Warszawa_Filtrowa_81_wewnetrzne_podworze_fasada_poludniowa_klatka_schody_na_drugie_pietr_zakret-779x1024.jpg\" alt=\"\" class=\"wp-image-27026\" srcset=\"http:\/\/lapidarium.fundacja-hereditas.pl\/wp-content\/uploads\/2024\/09\/E_Dziedziniewicz-Rapca_Warszawa_Filtrowa_81_wewnetrzne_podworze_fasada_poludniowa_klatka_schody_na_drugie_pietr_zakret-779x1024.jpg 779w, http:\/\/lapidarium.fundacja-hereditas.pl\/wp-content\/uploads\/2024\/09\/E_Dziedziniewicz-Rapca_Warszawa_Filtrowa_81_wewnetrzne_podworze_fasada_poludniowa_klatka_schody_na_drugie_pietr_zakret-228x300.jpg 228w, http:\/\/lapidarium.fundacja-hereditas.pl\/wp-content\/uploads\/2024\/09\/E_Dziedziniewicz-Rapca_Warszawa_Filtrowa_81_wewnetrzne_podworze_fasada_poludniowa_klatka_schody_na_drugie_pietr_zakret-768x1009.jpg 768w, http:\/\/lapidarium.fundacja-hereditas.pl\/wp-content\/uploads\/2024\/09\/E_Dziedziniewicz-Rapca_Warszawa_Filtrowa_81_wewnetrzne_podworze_fasada_poludniowa_klatka_schody_na_drugie_pietr_zakret-1169x1536.jpg 1169w, http:\/\/lapidarium.fundacja-hereditas.pl\/wp-content\/uploads\/2024\/09\/E_Dziedziniewicz-Rapca_Warszawa_Filtrowa_81_wewnetrzne_podworze_fasada_poludniowa_klatka_schody_na_drugie_pietr_zakret-1559x2048.jpg 1559w, http:\/\/lapidarium.fundacja-hereditas.pl\/wp-content\/uploads\/2024\/09\/E_Dziedziniewicz-Rapca_Warszawa_Filtrowa_81_wewnetrzne_podworze_fasada_poludniowa_klatka_schody_na_drugie_pietr_zakret-150x197.jpg 150w, http:\/\/lapidarium.fundacja-hereditas.pl\/wp-content\/uploads\/2024\/09\/E_Dziedziniewicz-Rapca_Warszawa_Filtrowa_81_wewnetrzne_podworze_fasada_poludniowa_klatka_schody_na_drugie_pietr_zakret-300x394.jpg 300w, http:\/\/lapidarium.fundacja-hereditas.pl\/wp-content\/uploads\/2024\/09\/E_Dziedziniewicz-Rapca_Warszawa_Filtrowa_81_wewnetrzne_podworze_fasada_poludniowa_klatka_schody_na_drugie_pietr_zakret-696x914.jpg 696w, http:\/\/lapidarium.fundacja-hereditas.pl\/wp-content\/uploads\/2024\/09\/E_Dziedziniewicz-Rapca_Warszawa_Filtrowa_81_wewnetrzne_podworze_fasada_poludniowa_klatka_schody_na_drugie_pietr_zakret-1068x1403.jpg 1068w, http:\/\/lapidarium.fundacja-hereditas.pl\/wp-content\/uploads\/2024\/09\/E_Dziedziniewicz-Rapca_Warszawa_Filtrowa_81_wewnetrzne_podworze_fasada_poludniowa_klatka_schody_na_drugie_pietr_zakret-1920x2523.jpg 1920w, http:\/\/lapidarium.fundacja-hereditas.pl\/wp-content\/uploads\/2024\/09\/E_Dziedziniewicz-Rapca_Warszawa_Filtrowa_81_wewnetrzne_podworze_fasada_poludniowa_klatka_schody_na_drugie_pietr_zakret-scaled.jpg 1949w\" sizes=\"auto, (max-width: 779px) 100vw, 779px\" \/><\/a><figcaption class=\"wp-element-caption\">Klatka w skrzydle po\u0142udniowym. Zakr\u0119t schod\u00f3w przed II-gim pietrem. Widok na pi\u0119tro I-sze. Fot. Ewa Dziedziniewicz-R\u0105pca, 2023 r., \u017ar\u00f3d\u0142o: MWKZ.<\/figcaption><\/figure>\n\n\n\n<figure class=\"wp-block-image size-large\"><a href=\"http:\/\/lapidarium.fundacja-hereditas.pl\/wp-content\/uploads\/2024\/09\/E_Dziedziniewicz-Rapca_Warszawa_Filtrowa_81_wewnetrzne_podworze_fasada_poludniowa_klatka_schody_na_drugie_pietro-scaled.jpg\"><img loading=\"lazy\" decoding=\"async\" width=\"773\" height=\"1024\" data-id=\"27027\" src=\"http:\/\/lapidarium.fundacja-hereditas.pl\/wp-content\/uploads\/2024\/09\/E_Dziedziniewicz-Rapca_Warszawa_Filtrowa_81_wewnetrzne_podworze_fasada_poludniowa_klatka_schody_na_drugie_pietro-773x1024.jpg\" alt=\"\" class=\"wp-image-27027\" srcset=\"http:\/\/lapidarium.fundacja-hereditas.pl\/wp-content\/uploads\/2024\/09\/E_Dziedziniewicz-Rapca_Warszawa_Filtrowa_81_wewnetrzne_podworze_fasada_poludniowa_klatka_schody_na_drugie_pietro-773x1024.jpg 773w, http:\/\/lapidarium.fundacja-hereditas.pl\/wp-content\/uploads\/2024\/09\/E_Dziedziniewicz-Rapca_Warszawa_Filtrowa_81_wewnetrzne_podworze_fasada_poludniowa_klatka_schody_na_drugie_pietro-226x300.jpg 226w, http:\/\/lapidarium.fundacja-hereditas.pl\/wp-content\/uploads\/2024\/09\/E_Dziedziniewicz-Rapca_Warszawa_Filtrowa_81_wewnetrzne_podworze_fasada_poludniowa_klatka_schody_na_drugie_pietro-768x1017.jpg 768w, http:\/\/lapidarium.fundacja-hereditas.pl\/wp-content\/uploads\/2024\/09\/E_Dziedziniewicz-Rapca_Warszawa_Filtrowa_81_wewnetrzne_podworze_fasada_poludniowa_klatka_schody_na_drugie_pietro-1160x1536.jpg 1160w, http:\/\/lapidarium.fundacja-hereditas.pl\/wp-content\/uploads\/2024\/09\/E_Dziedziniewicz-Rapca_Warszawa_Filtrowa_81_wewnetrzne_podworze_fasada_poludniowa_klatka_schody_na_drugie_pietro-1546x2048.jpg 1546w, http:\/\/lapidarium.fundacja-hereditas.pl\/wp-content\/uploads\/2024\/09\/E_Dziedziniewicz-Rapca_Warszawa_Filtrowa_81_wewnetrzne_podworze_fasada_poludniowa_klatka_schody_na_drugie_pietro-150x199.jpg 150w, http:\/\/lapidarium.fundacja-hereditas.pl\/wp-content\/uploads\/2024\/09\/E_Dziedziniewicz-Rapca_Warszawa_Filtrowa_81_wewnetrzne_podworze_fasada_poludniowa_klatka_schody_na_drugie_pietro-300x397.jpg 300w, http:\/\/lapidarium.fundacja-hereditas.pl\/wp-content\/uploads\/2024\/09\/E_Dziedziniewicz-Rapca_Warszawa_Filtrowa_81_wewnetrzne_podworze_fasada_poludniowa_klatka_schody_na_drugie_pietro-696x922.jpg 696w, http:\/\/lapidarium.fundacja-hereditas.pl\/wp-content\/uploads\/2024\/09\/E_Dziedziniewicz-Rapca_Warszawa_Filtrowa_81_wewnetrzne_podworze_fasada_poludniowa_klatka_schody_na_drugie_pietro-1068x1415.jpg 1068w, http:\/\/lapidarium.fundacja-hereditas.pl\/wp-content\/uploads\/2024\/09\/E_Dziedziniewicz-Rapca_Warszawa_Filtrowa_81_wewnetrzne_podworze_fasada_poludniowa_klatka_schody_na_drugie_pietro-1920x2543.jpg 1920w, http:\/\/lapidarium.fundacja-hereditas.pl\/wp-content\/uploads\/2024\/09\/E_Dziedziniewicz-Rapca_Warszawa_Filtrowa_81_wewnetrzne_podworze_fasada_poludniowa_klatka_schody_na_drugie_pietro-scaled.jpg 1933w\" sizes=\"auto, (max-width: 773px) 100vw, 773px\" \/><\/a><figcaption class=\"wp-element-caption\">Klatka w skrzydle po\u0142udniowym. Zakr\u0119t schod\u00f3w przed II-gim pietrem. Fot. Ewa Dziedziniewicz-R\u0105pca, 2023 r., \u017ar\u00f3d\u0142o: MWKZ.<\/figcaption><\/figure>\n\n\n\n<figure class=\"wp-block-image size-large\"><a href=\"http:\/\/lapidarium.fundacja-hereditas.pl\/wp-content\/uploads\/2024\/09\/E_Dziedziniewicz-Rapca_Warszawa_Filtrowa_81_wewnetrzne_podworze_fasada_poludniowa_klatka_parter_szyb_windy_drzwi-scaled.jpg\"><img loading=\"lazy\" decoding=\"async\" width=\"774\" height=\"1024\" data-id=\"27016\" src=\"http:\/\/lapidarium.fundacja-hereditas.pl\/wp-content\/uploads\/2024\/09\/E_Dziedziniewicz-Rapca_Warszawa_Filtrowa_81_wewnetrzne_podworze_fasada_poludniowa_klatka_parter_szyb_windy_drzwi-774x1024.jpg\" alt=\"\" class=\"wp-image-27016\" srcset=\"http:\/\/lapidarium.fundacja-hereditas.pl\/wp-content\/uploads\/2024\/09\/E_Dziedziniewicz-Rapca_Warszawa_Filtrowa_81_wewnetrzne_podworze_fasada_poludniowa_klatka_parter_szyb_windy_drzwi-774x1024.jpg 774w, http:\/\/lapidarium.fundacja-hereditas.pl\/wp-content\/uploads\/2024\/09\/E_Dziedziniewicz-Rapca_Warszawa_Filtrowa_81_wewnetrzne_podworze_fasada_poludniowa_klatka_parter_szyb_windy_drzwi-227x300.jpg 227w, http:\/\/lapidarium.fundacja-hereditas.pl\/wp-content\/uploads\/2024\/09\/E_Dziedziniewicz-Rapca_Warszawa_Filtrowa_81_wewnetrzne_podworze_fasada_poludniowa_klatka_parter_szyb_windy_drzwi-768x1015.jpg 768w, http:\/\/lapidarium.fundacja-hereditas.pl\/wp-content\/uploads\/2024\/09\/E_Dziedziniewicz-Rapca_Warszawa_Filtrowa_81_wewnetrzne_podworze_fasada_poludniowa_klatka_parter_szyb_windy_drzwi-1162x1536.jpg 1162w, http:\/\/lapidarium.fundacja-hereditas.pl\/wp-content\/uploads\/2024\/09\/E_Dziedziniewicz-Rapca_Warszawa_Filtrowa_81_wewnetrzne_podworze_fasada_poludniowa_klatka_parter_szyb_windy_drzwi-1549x2048.jpg 1549w, http:\/\/lapidarium.fundacja-hereditas.pl\/wp-content\/uploads\/2024\/09\/E_Dziedziniewicz-Rapca_Warszawa_Filtrowa_81_wewnetrzne_podworze_fasada_poludniowa_klatka_parter_szyb_windy_drzwi-150x198.jpg 150w, http:\/\/lapidarium.fundacja-hereditas.pl\/wp-content\/uploads\/2024\/09\/E_Dziedziniewicz-Rapca_Warszawa_Filtrowa_81_wewnetrzne_podworze_fasada_poludniowa_klatka_parter_szyb_windy_drzwi-300x397.jpg 300w, http:\/\/lapidarium.fundacja-hereditas.pl\/wp-content\/uploads\/2024\/09\/E_Dziedziniewicz-Rapca_Warszawa_Filtrowa_81_wewnetrzne_podworze_fasada_poludniowa_klatka_parter_szyb_windy_drzwi-696x920.jpg 696w, http:\/\/lapidarium.fundacja-hereditas.pl\/wp-content\/uploads\/2024\/09\/E_Dziedziniewicz-Rapca_Warszawa_Filtrowa_81_wewnetrzne_podworze_fasada_poludniowa_klatka_parter_szyb_windy_drzwi-1068x1412.jpg 1068w, http:\/\/lapidarium.fundacja-hereditas.pl\/wp-content\/uploads\/2024\/09\/E_Dziedziniewicz-Rapca_Warszawa_Filtrowa_81_wewnetrzne_podworze_fasada_poludniowa_klatka_parter_szyb_windy_drzwi-1920x2539.jpg 1920w, http:\/\/lapidarium.fundacja-hereditas.pl\/wp-content\/uploads\/2024\/09\/E_Dziedziniewicz-Rapca_Warszawa_Filtrowa_81_wewnetrzne_podworze_fasada_poludniowa_klatka_parter_szyb_windy_drzwi-scaled.jpg 1936w\" sizes=\"auto, (max-width: 774px) 100vw, 774px\" \/><\/a><figcaption class=\"wp-element-caption\">Klatka w skrzydle po\u0142udniowym. Drzwi do mieszkania i szyb windy. Fot. Ewa Dziedziniewicz-R\u0105pca, 2023 r., \u017ar\u00f3d\u0142o: MWKZ.<\/figcaption><\/figure>\n\n\n\n<figure class=\"wp-block-image size-large\"><a href=\"http:\/\/lapidarium.fundacja-hereditas.pl\/wp-content\/uploads\/2024\/09\/E_Dziedziniewicz-Rapca_Warszawa_Filtrowa_81_wewnetrzne_podworze_fasada_poludniowa_klatka_parter_drzwi_klamka-scaled.jpg\"><img loading=\"lazy\" decoding=\"async\" width=\"756\" height=\"1024\" data-id=\"27015\" src=\"http:\/\/lapidarium.fundacja-hereditas.pl\/wp-content\/uploads\/2024\/09\/E_Dziedziniewicz-Rapca_Warszawa_Filtrowa_81_wewnetrzne_podworze_fasada_poludniowa_klatka_parter_drzwi_klamka-756x1024.jpg\" alt=\"\" class=\"wp-image-27015\" srcset=\"http:\/\/lapidarium.fundacja-hereditas.pl\/wp-content\/uploads\/2024\/09\/E_Dziedziniewicz-Rapca_Warszawa_Filtrowa_81_wewnetrzne_podworze_fasada_poludniowa_klatka_parter_drzwi_klamka-756x1024.jpg 756w, http:\/\/lapidarium.fundacja-hereditas.pl\/wp-content\/uploads\/2024\/09\/E_Dziedziniewicz-Rapca_Warszawa_Filtrowa_81_wewnetrzne_podworze_fasada_poludniowa_klatka_parter_drzwi_klamka-221x300.jpg 221w, http:\/\/lapidarium.fundacja-hereditas.pl\/wp-content\/uploads\/2024\/09\/E_Dziedziniewicz-Rapca_Warszawa_Filtrowa_81_wewnetrzne_podworze_fasada_poludniowa_klatka_parter_drzwi_klamka-768x1041.jpg 768w, http:\/\/lapidarium.fundacja-hereditas.pl\/wp-content\/uploads\/2024\/09\/E_Dziedziniewicz-Rapca_Warszawa_Filtrowa_81_wewnetrzne_podworze_fasada_poludniowa_klatka_parter_drzwi_klamka-1133x1536.jpg 1133w, http:\/\/lapidarium.fundacja-hereditas.pl\/wp-content\/uploads\/2024\/09\/E_Dziedziniewicz-Rapca_Warszawa_Filtrowa_81_wewnetrzne_podworze_fasada_poludniowa_klatka_parter_drzwi_klamka-1511x2048.jpg 1511w, http:\/\/lapidarium.fundacja-hereditas.pl\/wp-content\/uploads\/2024\/09\/E_Dziedziniewicz-Rapca_Warszawa_Filtrowa_81_wewnetrzne_podworze_fasada_poludniowa_klatka_parter_drzwi_klamka-150x203.jpg 150w, http:\/\/lapidarium.fundacja-hereditas.pl\/wp-content\/uploads\/2024\/09\/E_Dziedziniewicz-Rapca_Warszawa_Filtrowa_81_wewnetrzne_podworze_fasada_poludniowa_klatka_parter_drzwi_klamka-300x407.jpg 300w, http:\/\/lapidarium.fundacja-hereditas.pl\/wp-content\/uploads\/2024\/09\/E_Dziedziniewicz-Rapca_Warszawa_Filtrowa_81_wewnetrzne_podworze_fasada_poludniowa_klatka_parter_drzwi_klamka-696x943.jpg 696w, http:\/\/lapidarium.fundacja-hereditas.pl\/wp-content\/uploads\/2024\/09\/E_Dziedziniewicz-Rapca_Warszawa_Filtrowa_81_wewnetrzne_podworze_fasada_poludniowa_klatka_parter_drzwi_klamka-1068x1447.jpg 1068w, http:\/\/lapidarium.fundacja-hereditas.pl\/wp-content\/uploads\/2024\/09\/E_Dziedziniewicz-Rapca_Warszawa_Filtrowa_81_wewnetrzne_podworze_fasada_poludniowa_klatka_parter_drzwi_klamka-1920x2602.jpg 1920w, http:\/\/lapidarium.fundacja-hereditas.pl\/wp-content\/uploads\/2024\/09\/E_Dziedziniewicz-Rapca_Warszawa_Filtrowa_81_wewnetrzne_podworze_fasada_poludniowa_klatka_parter_drzwi_klamka-scaled.jpg 1889w\" sizes=\"auto, (max-width: 756px) 100vw, 756px\" \/><\/a><figcaption class=\"wp-element-caption\">Klatka w skrzydle po\u0142udniowym. Klamka u drzwi do mieszkania. Fot. Ewa Dziedziniewicz-R\u0105pca, 2023 r., \u017ar\u00f3d\u0142o: MWKZ.<\/figcaption><\/figure>\n\n\n\n<figure class=\"wp-block-image size-large\"><a href=\"http:\/\/lapidarium.fundacja-hereditas.pl\/wp-content\/uploads\/2024\/09\/E_Dziedziniewicz-Rapca_Warszawa_Filtrowa_81_wewnetrzne_podworze_fasada_poludniowa_klatka_posadzka-scaled.jpg\"><img loading=\"lazy\" decoding=\"async\" width=\"928\" height=\"1024\" data-id=\"27021\" src=\"http:\/\/lapidarium.fundacja-hereditas.pl\/wp-content\/uploads\/2024\/09\/E_Dziedziniewicz-Rapca_Warszawa_Filtrowa_81_wewnetrzne_podworze_fasada_poludniowa_klatka_posadzka-928x1024.jpg\" alt=\"\" class=\"wp-image-27021\" srcset=\"http:\/\/lapidarium.fundacja-hereditas.pl\/wp-content\/uploads\/2024\/09\/E_Dziedziniewicz-Rapca_Warszawa_Filtrowa_81_wewnetrzne_podworze_fasada_poludniowa_klatka_posadzka-928x1024.jpg 928w, http:\/\/lapidarium.fundacja-hereditas.pl\/wp-content\/uploads\/2024\/09\/E_Dziedziniewicz-Rapca_Warszawa_Filtrowa_81_wewnetrzne_podworze_fasada_poludniowa_klatka_posadzka-272x300.jpg 272w, http:\/\/lapidarium.fundacja-hereditas.pl\/wp-content\/uploads\/2024\/09\/E_Dziedziniewicz-Rapca_Warszawa_Filtrowa_81_wewnetrzne_podworze_fasada_poludniowa_klatka_posadzka-768x847.jpg 768w, http:\/\/lapidarium.fundacja-hereditas.pl\/wp-content\/uploads\/2024\/09\/E_Dziedziniewicz-Rapca_Warszawa_Filtrowa_81_wewnetrzne_podworze_fasada_poludniowa_klatka_posadzka-1392x1536.jpg 1392w, http:\/\/lapidarium.fundacja-hereditas.pl\/wp-content\/uploads\/2024\/09\/E_Dziedziniewicz-Rapca_Warszawa_Filtrowa_81_wewnetrzne_podworze_fasada_poludniowa_klatka_posadzka-1856x2048.jpg 1856w, http:\/\/lapidarium.fundacja-hereditas.pl\/wp-content\/uploads\/2024\/09\/E_Dziedziniewicz-Rapca_Warszawa_Filtrowa_81_wewnetrzne_podworze_fasada_poludniowa_klatka_posadzka-150x165.jpg 150w, http:\/\/lapidarium.fundacja-hereditas.pl\/wp-content\/uploads\/2024\/09\/E_Dziedziniewicz-Rapca_Warszawa_Filtrowa_81_wewnetrzne_podworze_fasada_poludniowa_klatka_posadzka-300x331.jpg 300w, http:\/\/lapidarium.fundacja-hereditas.pl\/wp-content\/uploads\/2024\/09\/E_Dziedziniewicz-Rapca_Warszawa_Filtrowa_81_wewnetrzne_podworze_fasada_poludniowa_klatka_posadzka-696x768.jpg 696w, http:\/\/lapidarium.fundacja-hereditas.pl\/wp-content\/uploads\/2024\/09\/E_Dziedziniewicz-Rapca_Warszawa_Filtrowa_81_wewnetrzne_podworze_fasada_poludniowa_klatka_posadzka-1068x1178.jpg 1068w, http:\/\/lapidarium.fundacja-hereditas.pl\/wp-content\/uploads\/2024\/09\/E_Dziedziniewicz-Rapca_Warszawa_Filtrowa_81_wewnetrzne_podworze_fasada_poludniowa_klatka_posadzka-1920x2118.jpg 1920w\" sizes=\"auto, (max-width: 928px) 100vw, 928px\" \/><\/a><figcaption class=\"wp-element-caption\">Klatka w skrzydle po\u0142udniowym. Posadzka spocznika. Fot. Ewa Dziedziniewicz-R\u0105pca, 2023 r., \u017ar\u00f3d\u0142o: MWKZ.<\/figcaption><\/figure>\n\n\n\n<figure class=\"wp-block-image size-large\"><a href=\"http:\/\/lapidarium.fundacja-hereditas.pl\/wp-content\/uploads\/2024\/09\/E_Dziedziniewicz-Rapca_Warszawa_Filtrowa_81_wewnetrzne_podworze_fasada_poludniowa_klatka_okno-scaled.jpg\"><img loading=\"lazy\" decoding=\"async\" width=\"774\" height=\"1024\" data-id=\"27014\" src=\"http:\/\/lapidarium.fundacja-hereditas.pl\/wp-content\/uploads\/2024\/09\/E_Dziedziniewicz-Rapca_Warszawa_Filtrowa_81_wewnetrzne_podworze_fasada_poludniowa_klatka_okno-774x1024.jpg\" alt=\"\" class=\"wp-image-27014\" srcset=\"http:\/\/lapidarium.fundacja-hereditas.pl\/wp-content\/uploads\/2024\/09\/E_Dziedziniewicz-Rapca_Warszawa_Filtrowa_81_wewnetrzne_podworze_fasada_poludniowa_klatka_okno-774x1024.jpg 774w, http:\/\/lapidarium.fundacja-hereditas.pl\/wp-content\/uploads\/2024\/09\/E_Dziedziniewicz-Rapca_Warszawa_Filtrowa_81_wewnetrzne_podworze_fasada_poludniowa_klatka_okno-227x300.jpg 227w, http:\/\/lapidarium.fundacja-hereditas.pl\/wp-content\/uploads\/2024\/09\/E_Dziedziniewicz-Rapca_Warszawa_Filtrowa_81_wewnetrzne_podworze_fasada_poludniowa_klatka_okno-768x1015.jpg 768w, http:\/\/lapidarium.fundacja-hereditas.pl\/wp-content\/uploads\/2024\/09\/E_Dziedziniewicz-Rapca_Warszawa_Filtrowa_81_wewnetrzne_podworze_fasada_poludniowa_klatka_okno-1162x1536.jpg 1162w, http:\/\/lapidarium.fundacja-hereditas.pl\/wp-content\/uploads\/2024\/09\/E_Dziedziniewicz-Rapca_Warszawa_Filtrowa_81_wewnetrzne_podworze_fasada_poludniowa_klatka_okno-1549x2048.jpg 1549w, http:\/\/lapidarium.fundacja-hereditas.pl\/wp-content\/uploads\/2024\/09\/E_Dziedziniewicz-Rapca_Warszawa_Filtrowa_81_wewnetrzne_podworze_fasada_poludniowa_klatka_okno-150x198.jpg 150w, http:\/\/lapidarium.fundacja-hereditas.pl\/wp-content\/uploads\/2024\/09\/E_Dziedziniewicz-Rapca_Warszawa_Filtrowa_81_wewnetrzne_podworze_fasada_poludniowa_klatka_okno-300x397.jpg 300w, http:\/\/lapidarium.fundacja-hereditas.pl\/wp-content\/uploads\/2024\/09\/E_Dziedziniewicz-Rapca_Warszawa_Filtrowa_81_wewnetrzne_podworze_fasada_poludniowa_klatka_okno-696x920.jpg 696w, http:\/\/lapidarium.fundacja-hereditas.pl\/wp-content\/uploads\/2024\/09\/E_Dziedziniewicz-Rapca_Warszawa_Filtrowa_81_wewnetrzne_podworze_fasada_poludniowa_klatka_okno-1068x1412.jpg 1068w, http:\/\/lapidarium.fundacja-hereditas.pl\/wp-content\/uploads\/2024\/09\/E_Dziedziniewicz-Rapca_Warszawa_Filtrowa_81_wewnetrzne_podworze_fasada_poludniowa_klatka_okno-1920x2539.jpg 1920w, http:\/\/lapidarium.fundacja-hereditas.pl\/wp-content\/uploads\/2024\/09\/E_Dziedziniewicz-Rapca_Warszawa_Filtrowa_81_wewnetrzne_podworze_fasada_poludniowa_klatka_okno-scaled.jpg 1936w\" sizes=\"auto, (max-width: 774px) 100vw, 774px\" \/><\/a><figcaption class=\"wp-element-caption\">Klatka w skrzydle po\u0142udniowym. Okno przy spoczniku. Fot. Ewa Dziedziniewicz-R\u0105pca, 2023 r., \u017ar\u00f3d\u0142o: MWKZ.<\/figcaption><\/figure>\n<\/figure>\n","protected":false},"excerpt":{"rendered":"<p>Ogromna tr\u00f3jskrzyd\u0142owa i czteropi\u0119trowa kamienica o kubaturze dor\u00f3wnuj\u0105cej trzem \u015bredniej wielko\u015bci obiektom. Gmach powsta\u0142 dla Wsp\u00f3lnoty Mieszkaniowej Urz\u0119dnik\u00f3w Ministerstwa Przemys\u0142u i Handlu, oko\u0142o 1925 r. a projektantem by\u0142 architekt W\u0142adys\u0142aw Na\u0142\u0119cz-Raczy\u0144ski. Obiekt domyka od wschodu kwarta\u0142 otoczony kamienicami o podobnych gabarytach i wsp\u00f3lnym zielonym podw\u00f3rzu. Kwarta\u0142 \u00f3w wyznaczaj\u0105 ulice: Filtrowa, Mochnackiego, Supi\u0144skiego i Akademicka, kt\u00f3ra [&hellip;]<\/p>\n","protected":false},"author":6,"featured_media":27080,"comment_status":"open","ping_status":"open","sticky":false,"template":"","format":"standard","meta":{"footnotes":""},"categories":[218,4],"tags":[],"class_list":{"0":"post-21282","1":"post","2":"type-post","3":"status-publish","4":"format-standard","5":"has-post-thumbnail","7":"category-filtrowa","8":"category-warszawa"},"_links":{"self":[{"href":"http:\/\/lapidarium.fundacja-hereditas.pl\/index.php\/wp-json\/wp\/v2\/posts\/21282","targetHints":{"allow":["GET"]}}],"collection":[{"href":"http:\/\/lapidarium.fundacja-hereditas.pl\/index.php\/wp-json\/wp\/v2\/posts"}],"about":[{"href":"http:\/\/lapidarium.fundacja-hereditas.pl\/index.php\/wp-json\/wp\/v2\/types\/post"}],"author":[{"embeddable":true,"href":"http:\/\/lapidarium.fundacja-hereditas.pl\/index.php\/wp-json\/wp\/v2\/users\/6"}],"replies":[{"embeddable":true,"href":"http:\/\/lapidarium.fundacja-hereditas.pl\/index.php\/wp-json\/wp\/v2\/comments?post=21282"}],"version-history":[{"count":10,"href":"http:\/\/lapidarium.fundacja-hereditas.pl\/index.php\/wp-json\/wp\/v2\/posts\/21282\/revisions"}],"predecessor-version":[{"id":27088,"href":"http:\/\/lapidarium.fundacja-hereditas.pl\/index.php\/wp-json\/wp\/v2\/posts\/21282\/revisions\/27088"}],"wp:featuredmedia":[{"embeddable":true,"href":"http:\/\/lapidarium.fundacja-hereditas.pl\/index.php\/wp-json\/wp\/v2\/media\/27080"}],"wp:attachment":[{"href":"http:\/\/lapidarium.fundacja-hereditas.pl\/index.php\/wp-json\/wp\/v2\/media?parent=21282"}],"wp:term":[{"taxonomy":"category","embeddable":true,"href":"http:\/\/lapidarium.fundacja-hereditas.pl\/index.php\/wp-json\/wp\/v2\/categories?post=21282"},{"taxonomy":"post_tag","embeddable":true,"href":"http:\/\/lapidarium.fundacja-hereditas.pl\/index.php\/wp-json\/wp\/v2\/tags?post=21282"}],"curies":[{"name":"wp","href":"https:\/\/api.w.org\/{rel}","templated":true}]}}