{"id":21170,"date":"2024-01-15T04:44:32","date_gmt":"2024-01-15T03:44:32","guid":{"rendered":"http:\/\/lapidarium.fundacja-hereditas.pl\/?p=21170"},"modified":"2024-08-31T02:50:39","modified_gmt":"2024-08-31T00:50:39","slug":"kamienica-ul-joteyki-12-warszawa","status":"publish","type":"post","link":"http:\/\/lapidarium.fundacja-hereditas.pl\/index.php\/2024\/01\/15\/kamienica-ul-joteyki-12-warszawa\/","title":{"rendered":"Kamienica ul. Joteyki 12, Warszawa"},"content":{"rendered":"\n<p>Modernistyczna trzypi\u0119trowa kamienica z ko\u0144ca lat 30. XX w., posta\u0142a w czasie formowania si\u0119&nbsp; pierzeiowej zabudowy ulicy, pod koniec dwudziestolecia mi\u0119dzywojennego. Dom wzniesiono dla Konrada Wereszczy\u0144skiego pe\u0142ni\u0105cego do po\u0142owy 1946 r. funkcj\u0119 G\u0142\u00f3wnego inspektora kontroli Przemys\u0142u Cukrowniczego w Polsce. Odwo\u0142anie go z niniejszego stanowiska zaraz po wojnie mo\u017ce \u015bwiadczy\u0107 o przedwojennych jego zwi\u0105zkach z t\u0105 bran\u017c\u0105. Projekt budynku z\u0142o\u017cono 18-IX-1937 r. Po oko\u0142o dw\u00f3ch miesi\u0105cach (21-XI-1937 r.), podpisem architekta Kazimierza Mieszkisa (1882-1963 r.) zatwierdzono go do realizacji, a dopuszczono do niej z dniem 13-XII-1937 r. decyzj\u0105 Wydzia\u0142u Nadzoru Budownictwa. Kamienica by\u0142a zatem wznoszona najpewniej na prze\u0142omie lat 1938-39. Autorem projektu by\u0142 Witold Matuszewski (1879-1950 r.). Kamienica od strony ulicy, jako g\u0142\u00f3wny akcent elewacji mia\u0142a przewidziane jedynie tr\u00f3jcz\u0142onowe balkony na ka\u017cdym z pi\u0119ter, ci\u0105gn\u0105ce si\u0119 na przestrzeni trzech \u015brodkowych osi. Ty\u0142 zosta\u0142 ozdobiony dwoma trapezowymi wykuszami. Jest to o tyle charakterystyczne, \u017ce wykuszy b\u0119d\u0105ce elementami nader atrakcyjnymi, przypisywano zazwyczaj do fasady, ni\u017c elewacji podw\u00f3rkowych. Pierwotnie wykusze mia\u0142y mie\u0107 dodatkowo wychodz\u0105ce poza ich obr\u0119b balkony. Pomys\u0142u tego jednak nie zrealizowano w wyniku k\u0142opot\u00f3w techniczno-projektowych, co zosta\u0142o zweryfikowane przez sprawdzaj\u0105cego plany in\u017c. Kazimierza Kami\u0144skiego. W czasie wojny obiekt poni\u00f3s\u0142 niewielki straty \u2013 uszkodzeniu uleg\u0142 dach. Po 1945 r. odbudowano go z \u015brodk\u00f3w pa\u0144stwowych, ju\u017c po odebraniu kamienicy prawowitemu w\u0142a\u015bcicielowi przez komunistyczne w\u0142adze. Po wojnie rodzina w\u0142a\u015bciciela dalej mieszka\u0142a w jednym z mieszka\u0144 w\u0142asnego niegdy\u015b domu, wielkodusznie nie wyrzucona przez komunistyczn\u0105 w\u0142adz\u0119, co niestety cz\u0119sto mia\u0142o miejsce. Na prze\u0142omie lat 80. i 90. XX w. kamienic\u0119 nadbudowano, od strony ulicy o dyskretne mansardy, a od strony podw\u00f3rza o pe\u0142ne pi\u0119tro. Wtedy te\u017c na szczytach wykuszy urz\u0105dzono dwa trapezowe balkony. Budynek jest obecnie prawnie chroniony \u2013 wpisany do ewidencji zabytk\u00f3w pod n-erem: PL.1.9.ZIPOZ.NID_E_14_BK.39983.<\/p>\n\n\n\n<p>::: Sfinansowano ze \u015brodk\u00f3w Mazowieckiego Wojew\u00f3dzkiego Konserwatora Zabytk\u00f3w.<\/p>\n\n\n\n<figure class=\"wp-block-gallery has-nested-images columns-default is-cropped wp-block-gallery-1 is-layout-flex wp-block-gallery-is-layout-flex\">\n<figure class=\"wp-block-image size-large\"><a href=\"http:\/\/lapidarium.fundacja-hereditas.pl\/wp-content\/uploads\/2024\/08\/E_Dziedziniewicz-Rapca_Warszawa_Joteyki_12_fasada_skos-1-scaled.jpg\"><img loading=\"lazy\" decoding=\"async\" width=\"760\" height=\"1024\" data-id=\"26909\" src=\"http:\/\/lapidarium.fundacja-hereditas.pl\/wp-content\/uploads\/2024\/08\/E_Dziedziniewicz-Rapca_Warszawa_Joteyki_12_fasada_skos-1-760x1024.jpg\" alt=\"\" class=\"wp-image-26909\" srcset=\"http:\/\/lapidarium.fundacja-hereditas.pl\/wp-content\/uploads\/2024\/08\/E_Dziedziniewicz-Rapca_Warszawa_Joteyki_12_fasada_skos-1-760x1024.jpg 760w, http:\/\/lapidarium.fundacja-hereditas.pl\/wp-content\/uploads\/2024\/08\/E_Dziedziniewicz-Rapca_Warszawa_Joteyki_12_fasada_skos-1-223x300.jpg 223w, http:\/\/lapidarium.fundacja-hereditas.pl\/wp-content\/uploads\/2024\/08\/E_Dziedziniewicz-Rapca_Warszawa_Joteyki_12_fasada_skos-1-768x1035.jpg 768w, http:\/\/lapidarium.fundacja-hereditas.pl\/wp-content\/uploads\/2024\/08\/E_Dziedziniewicz-Rapca_Warszawa_Joteyki_12_fasada_skos-1-1140x1536.jpg 1140w, http:\/\/lapidarium.fundacja-hereditas.pl\/wp-content\/uploads\/2024\/08\/E_Dziedziniewicz-Rapca_Warszawa_Joteyki_12_fasada_skos-1-1519x2048.jpg 1519w, http:\/\/lapidarium.fundacja-hereditas.pl\/wp-content\/uploads\/2024\/08\/E_Dziedziniewicz-Rapca_Warszawa_Joteyki_12_fasada_skos-1-150x202.jpg 150w, http:\/\/lapidarium.fundacja-hereditas.pl\/wp-content\/uploads\/2024\/08\/E_Dziedziniewicz-Rapca_Warszawa_Joteyki_12_fasada_skos-1-300x404.jpg 300w, http:\/\/lapidarium.fundacja-hereditas.pl\/wp-content\/uploads\/2024\/08\/E_Dziedziniewicz-Rapca_Warszawa_Joteyki_12_fasada_skos-1-696x938.jpg 696w, http:\/\/lapidarium.fundacja-hereditas.pl\/wp-content\/uploads\/2024\/08\/E_Dziedziniewicz-Rapca_Warszawa_Joteyki_12_fasada_skos-1-1068x1439.jpg 1068w, http:\/\/lapidarium.fundacja-hereditas.pl\/wp-content\/uploads\/2024\/08\/E_Dziedziniewicz-Rapca_Warszawa_Joteyki_12_fasada_skos-1-1920x2588.jpg 1920w, http:\/\/lapidarium.fundacja-hereditas.pl\/wp-content\/uploads\/2024\/08\/E_Dziedziniewicz-Rapca_Warszawa_Joteyki_12_fasada_skos-1-scaled.jpg 1899w\" sizes=\"auto, (max-width: 760px) 100vw, 760px\" \/><\/a><figcaption class=\"wp-element-caption\">Elewacja od ul. Joteyki. Balkony. Fot. Ewa Dziedziniewicz-R\u0105pca, 2023 r., \u017ar\u00f3d\u0142o: MWKZ.<\/figcaption><\/figure>\n\n\n\n<figure class=\"wp-block-image size-large\"><a href=\"http:\/\/lapidarium.fundacja-hereditas.pl\/wp-content\/uploads\/2024\/08\/E_Dziedziniewicz-Rapca_Warszawa_Joteyki_12_ogrodzenie_przed_frontem-1-scaled.jpg\"><img loading=\"lazy\" decoding=\"async\" width=\"1024\" height=\"765\" data-id=\"26910\" src=\"http:\/\/lapidarium.fundacja-hereditas.pl\/wp-content\/uploads\/2024\/08\/E_Dziedziniewicz-Rapca_Warszawa_Joteyki_12_ogrodzenie_przed_frontem-1-1024x765.jpg\" alt=\"\" class=\"wp-image-26910\" srcset=\"http:\/\/lapidarium.fundacja-hereditas.pl\/wp-content\/uploads\/2024\/08\/E_Dziedziniewicz-Rapca_Warszawa_Joteyki_12_ogrodzenie_przed_frontem-1-1024x765.jpg 1024w, http:\/\/lapidarium.fundacja-hereditas.pl\/wp-content\/uploads\/2024\/08\/E_Dziedziniewicz-Rapca_Warszawa_Joteyki_12_ogrodzenie_przed_frontem-1-300x224.jpg 300w, http:\/\/lapidarium.fundacja-hereditas.pl\/wp-content\/uploads\/2024\/08\/E_Dziedziniewicz-Rapca_Warszawa_Joteyki_12_ogrodzenie_przed_frontem-1-768x574.jpg 768w, http:\/\/lapidarium.fundacja-hereditas.pl\/wp-content\/uploads\/2024\/08\/E_Dziedziniewicz-Rapca_Warszawa_Joteyki_12_ogrodzenie_przed_frontem-1-1536x1148.jpg 1536w, http:\/\/lapidarium.fundacja-hereditas.pl\/wp-content\/uploads\/2024\/08\/E_Dziedziniewicz-Rapca_Warszawa_Joteyki_12_ogrodzenie_przed_frontem-1-2048x1531.jpg 2048w, http:\/\/lapidarium.fundacja-hereditas.pl\/wp-content\/uploads\/2024\/08\/E_Dziedziniewicz-Rapca_Warszawa_Joteyki_12_ogrodzenie_przed_frontem-1-150x112.jpg 150w, http:\/\/lapidarium.fundacja-hereditas.pl\/wp-content\/uploads\/2024\/08\/E_Dziedziniewicz-Rapca_Warszawa_Joteyki_12_ogrodzenie_przed_frontem-1-696x520.jpg 696w, http:\/\/lapidarium.fundacja-hereditas.pl\/wp-content\/uploads\/2024\/08\/E_Dziedziniewicz-Rapca_Warszawa_Joteyki_12_ogrodzenie_przed_frontem-1-1068x798.jpg 1068w, http:\/\/lapidarium.fundacja-hereditas.pl\/wp-content\/uploads\/2024\/08\/E_Dziedziniewicz-Rapca_Warszawa_Joteyki_12_ogrodzenie_przed_frontem-1-1920x1435.jpg 1920w\" sizes=\"auto, (max-width: 1024px) 100vw, 1024px\" \/><\/a><figcaption class=\"wp-element-caption\">Elewacja od ul. Joteyki. Oryginalna siatka wok\u00f3\u0142 przedogr\u00f3dka. Fot. Ewa Dziedziniewicz-R\u0105pca, 2023 r., \u017ar\u00f3d\u0142o: MWKZ.<\/figcaption><\/figure>\n\n\n\n<figure class=\"wp-block-image size-large\"><a href=\"http:\/\/lapidarium.fundacja-hereditas.pl\/wp-content\/uploads\/2024\/08\/E_Dziedziniewicz-Rapca_Warszawa_Joteyki_12_fasada_bez_lisci-1-scaled.jpg\"><img loading=\"lazy\" decoding=\"async\" width=\"1024\" height=\"770\" data-id=\"26905\" src=\"http:\/\/lapidarium.fundacja-hereditas.pl\/wp-content\/uploads\/2024\/08\/E_Dziedziniewicz-Rapca_Warszawa_Joteyki_12_fasada_bez_lisci-1-1024x770.jpg\" alt=\"\" class=\"wp-image-26905\" srcset=\"http:\/\/lapidarium.fundacja-hereditas.pl\/wp-content\/uploads\/2024\/08\/E_Dziedziniewicz-Rapca_Warszawa_Joteyki_12_fasada_bez_lisci-1-1024x770.jpg 1024w, http:\/\/lapidarium.fundacja-hereditas.pl\/wp-content\/uploads\/2024\/08\/E_Dziedziniewicz-Rapca_Warszawa_Joteyki_12_fasada_bez_lisci-1-300x226.jpg 300w, http:\/\/lapidarium.fundacja-hereditas.pl\/wp-content\/uploads\/2024\/08\/E_Dziedziniewicz-Rapca_Warszawa_Joteyki_12_fasada_bez_lisci-1-768x577.jpg 768w, http:\/\/lapidarium.fundacja-hereditas.pl\/wp-content\/uploads\/2024\/08\/E_Dziedziniewicz-Rapca_Warszawa_Joteyki_12_fasada_bez_lisci-1-1536x1155.jpg 1536w, http:\/\/lapidarium.fundacja-hereditas.pl\/wp-content\/uploads\/2024\/08\/E_Dziedziniewicz-Rapca_Warszawa_Joteyki_12_fasada_bez_lisci-1-2048x1540.jpg 2048w, http:\/\/lapidarium.fundacja-hereditas.pl\/wp-content\/uploads\/2024\/08\/E_Dziedziniewicz-Rapca_Warszawa_Joteyki_12_fasada_bez_lisci-1-150x113.jpg 150w, http:\/\/lapidarium.fundacja-hereditas.pl\/wp-content\/uploads\/2024\/08\/E_Dziedziniewicz-Rapca_Warszawa_Joteyki_12_fasada_bez_lisci-1-696x523.jpg 696w, http:\/\/lapidarium.fundacja-hereditas.pl\/wp-content\/uploads\/2024\/08\/E_Dziedziniewicz-Rapca_Warszawa_Joteyki_12_fasada_bez_lisci-1-1068x803.jpg 1068w, http:\/\/lapidarium.fundacja-hereditas.pl\/wp-content\/uploads\/2024\/08\/E_Dziedziniewicz-Rapca_Warszawa_Joteyki_12_fasada_bez_lisci-1-1920x1443.jpg 1920w\" sizes=\"auto, (max-width: 1024px) 100vw, 1024px\" \/><\/a><figcaption class=\"wp-element-caption\">Elewacja od ul. Joteyki. Balkony. Fot. Ewa Dziedziniewicz-R\u0105pca, 2023 r., \u017ar\u00f3d\u0142o: MWKZ.<\/figcaption><\/figure>\n\n\n\n<figure class=\"wp-block-image size-large\"><a href=\"http:\/\/lapidarium.fundacja-hereditas.pl\/wp-content\/uploads\/2024\/08\/E_Dziedziniewicz-Rapca_Warszawa_Joteyki_12_fasada_dol-1-scaled.jpg\"><img loading=\"lazy\" decoding=\"async\" width=\"1024\" height=\"776\" data-id=\"26906\" src=\"http:\/\/lapidarium.fundacja-hereditas.pl\/wp-content\/uploads\/2024\/08\/E_Dziedziniewicz-Rapca_Warszawa_Joteyki_12_fasada_dol-1-1024x776.jpg\" alt=\"\" class=\"wp-image-26906\" srcset=\"http:\/\/lapidarium.fundacja-hereditas.pl\/wp-content\/uploads\/2024\/08\/E_Dziedziniewicz-Rapca_Warszawa_Joteyki_12_fasada_dol-1-1024x776.jpg 1024w, http:\/\/lapidarium.fundacja-hereditas.pl\/wp-content\/uploads\/2024\/08\/E_Dziedziniewicz-Rapca_Warszawa_Joteyki_12_fasada_dol-1-300x227.jpg 300w, http:\/\/lapidarium.fundacja-hereditas.pl\/wp-content\/uploads\/2024\/08\/E_Dziedziniewicz-Rapca_Warszawa_Joteyki_12_fasada_dol-1-768x582.jpg 768w, http:\/\/lapidarium.fundacja-hereditas.pl\/wp-content\/uploads\/2024\/08\/E_Dziedziniewicz-Rapca_Warszawa_Joteyki_12_fasada_dol-1-1536x1164.jpg 1536w, http:\/\/lapidarium.fundacja-hereditas.pl\/wp-content\/uploads\/2024\/08\/E_Dziedziniewicz-Rapca_Warszawa_Joteyki_12_fasada_dol-1-2048x1552.jpg 2048w, http:\/\/lapidarium.fundacja-hereditas.pl\/wp-content\/uploads\/2024\/08\/E_Dziedziniewicz-Rapca_Warszawa_Joteyki_12_fasada_dol-1-150x114.jpg 150w, http:\/\/lapidarium.fundacja-hereditas.pl\/wp-content\/uploads\/2024\/08\/E_Dziedziniewicz-Rapca_Warszawa_Joteyki_12_fasada_dol-1-696x527.jpg 696w, http:\/\/lapidarium.fundacja-hereditas.pl\/wp-content\/uploads\/2024\/08\/E_Dziedziniewicz-Rapca_Warszawa_Joteyki_12_fasada_dol-1-1068x809.jpg 1068w, http:\/\/lapidarium.fundacja-hereditas.pl\/wp-content\/uploads\/2024\/08\/E_Dziedziniewicz-Rapca_Warszawa_Joteyki_12_fasada_dol-1-1920x1455.jpg 1920w\" sizes=\"auto, (max-width: 1024px) 100vw, 1024px\" \/><\/a><figcaption class=\"wp-element-caption\">Elewacja od ul. Joteyki. Fot. Ewa Dziedziniewicz-R\u0105pca, 2023 r., \u017ar\u00f3d\u0142o: MWKZ.<\/figcaption><\/figure>\n\n\n\n<figure class=\"wp-block-image size-large\"><a href=\"http:\/\/lapidarium.fundacja-hereditas.pl\/wp-content\/uploads\/2024\/08\/E_Dziedziniewicz-Rapca_Warszawa_Joteyki_12_fasada_pion-1-scaled.jpg\"><img loading=\"lazy\" decoding=\"async\" width=\"776\" height=\"1024\" data-id=\"26908\" src=\"http:\/\/lapidarium.fundacja-hereditas.pl\/wp-content\/uploads\/2024\/08\/E_Dziedziniewicz-Rapca_Warszawa_Joteyki_12_fasada_pion-1-776x1024.jpg\" alt=\"\" class=\"wp-image-26908\" srcset=\"http:\/\/lapidarium.fundacja-hereditas.pl\/wp-content\/uploads\/2024\/08\/E_Dziedziniewicz-Rapca_Warszawa_Joteyki_12_fasada_pion-1-776x1024.jpg 776w, http:\/\/lapidarium.fundacja-hereditas.pl\/wp-content\/uploads\/2024\/08\/E_Dziedziniewicz-Rapca_Warszawa_Joteyki_12_fasada_pion-1-227x300.jpg 227w, http:\/\/lapidarium.fundacja-hereditas.pl\/wp-content\/uploads\/2024\/08\/E_Dziedziniewicz-Rapca_Warszawa_Joteyki_12_fasada_pion-1-768x1014.jpg 768w, http:\/\/lapidarium.fundacja-hereditas.pl\/wp-content\/uploads\/2024\/08\/E_Dziedziniewicz-Rapca_Warszawa_Joteyki_12_fasada_pion-1-1164x1536.jpg 1164w, http:\/\/lapidarium.fundacja-hereditas.pl\/wp-content\/uploads\/2024\/08\/E_Dziedziniewicz-Rapca_Warszawa_Joteyki_12_fasada_pion-1-1552x2048.jpg 1552w, http:\/\/lapidarium.fundacja-hereditas.pl\/wp-content\/uploads\/2024\/08\/E_Dziedziniewicz-Rapca_Warszawa_Joteyki_12_fasada_pion-1-150x198.jpg 150w, http:\/\/lapidarium.fundacja-hereditas.pl\/wp-content\/uploads\/2024\/08\/E_Dziedziniewicz-Rapca_Warszawa_Joteyki_12_fasada_pion-1-300x396.jpg 300w, http:\/\/lapidarium.fundacja-hereditas.pl\/wp-content\/uploads\/2024\/08\/E_Dziedziniewicz-Rapca_Warszawa_Joteyki_12_fasada_pion-1-696x919.jpg 696w, http:\/\/lapidarium.fundacja-hereditas.pl\/wp-content\/uploads\/2024\/08\/E_Dziedziniewicz-Rapca_Warszawa_Joteyki_12_fasada_pion-1-1068x1410.jpg 1068w, http:\/\/lapidarium.fundacja-hereditas.pl\/wp-content\/uploads\/2024\/08\/E_Dziedziniewicz-Rapca_Warszawa_Joteyki_12_fasada_pion-1-1920x2534.jpg 1920w, http:\/\/lapidarium.fundacja-hereditas.pl\/wp-content\/uploads\/2024\/08\/E_Dziedziniewicz-Rapca_Warszawa_Joteyki_12_fasada_pion-1-scaled.jpg 1940w\" sizes=\"auto, (max-width: 776px) 100vw, 776px\" \/><\/a><figcaption class=\"wp-element-caption\">Elewacja od ul. Joteyki. Wej\u015bcie na klatk\u0119. Fot. Ewa Dziedziniewicz-R\u0105pca, 2023 r., \u017ar\u00f3d\u0142o: MWKZ.<\/figcaption><\/figure>\n\n\n\n<figure class=\"wp-block-image size-large\"><a href=\"http:\/\/lapidarium.fundacja-hereditas.pl\/wp-content\/uploads\/2024\/08\/E_Dziedziniewicz-Rapca_Warszawa_Joteyki_12_fasada_drzwi_wejsciowe-1-scaled.jpg\"><img loading=\"lazy\" decoding=\"async\" width=\"1024\" height=\"780\" data-id=\"26907\" src=\"http:\/\/lapidarium.fundacja-hereditas.pl\/wp-content\/uploads\/2024\/08\/E_Dziedziniewicz-Rapca_Warszawa_Joteyki_12_fasada_drzwi_wejsciowe-1-1024x780.jpg\" alt=\"\" class=\"wp-image-26907\" srcset=\"http:\/\/lapidarium.fundacja-hereditas.pl\/wp-content\/uploads\/2024\/08\/E_Dziedziniewicz-Rapca_Warszawa_Joteyki_12_fasada_drzwi_wejsciowe-1-1024x780.jpg 1024w, http:\/\/lapidarium.fundacja-hereditas.pl\/wp-content\/uploads\/2024\/08\/E_Dziedziniewicz-Rapca_Warszawa_Joteyki_12_fasada_drzwi_wejsciowe-1-300x228.jpg 300w, http:\/\/lapidarium.fundacja-hereditas.pl\/wp-content\/uploads\/2024\/08\/E_Dziedziniewicz-Rapca_Warszawa_Joteyki_12_fasada_drzwi_wejsciowe-1-768x585.jpg 768w, http:\/\/lapidarium.fundacja-hereditas.pl\/wp-content\/uploads\/2024\/08\/E_Dziedziniewicz-Rapca_Warszawa_Joteyki_12_fasada_drzwi_wejsciowe-1-1536x1170.jpg 1536w, http:\/\/lapidarium.fundacja-hereditas.pl\/wp-content\/uploads\/2024\/08\/E_Dziedziniewicz-Rapca_Warszawa_Joteyki_12_fasada_drzwi_wejsciowe-1-2048x1560.jpg 2048w, http:\/\/lapidarium.fundacja-hereditas.pl\/wp-content\/uploads\/2024\/08\/E_Dziedziniewicz-Rapca_Warszawa_Joteyki_12_fasada_drzwi_wejsciowe-1-150x114.jpg 150w, http:\/\/lapidarium.fundacja-hereditas.pl\/wp-content\/uploads\/2024\/08\/E_Dziedziniewicz-Rapca_Warszawa_Joteyki_12_fasada_drzwi_wejsciowe-1-696x530.jpg 696w, http:\/\/lapidarium.fundacja-hereditas.pl\/wp-content\/uploads\/2024\/08\/E_Dziedziniewicz-Rapca_Warszawa_Joteyki_12_fasada_drzwi_wejsciowe-1-1068x813.jpg 1068w, http:\/\/lapidarium.fundacja-hereditas.pl\/wp-content\/uploads\/2024\/08\/E_Dziedziniewicz-Rapca_Warszawa_Joteyki_12_fasada_drzwi_wejsciowe-1-1920x1462.jpg 1920w\" sizes=\"auto, (max-width: 1024px) 100vw, 1024px\" \/><\/a><figcaption class=\"wp-element-caption\">Elewacja od ul. Joteyki. Wej\u015bcie na klatk\u0119. Fot. Ewa Dziedziniewicz-R\u0105pca, 2023 r., \u017ar\u00f3d\u0142o: MWKZ.<\/figcaption><\/figure>\n\n\n\n<figure class=\"wp-block-image size-large\"><a href=\"http:\/\/lapidarium.fundacja-hereditas.pl\/wp-content\/uploads\/2024\/08\/E_Dziedziniewicz-Rapca_Warszawa_Joteyki_12_wejscie_od_ulicy_prog_A-1-scaled.jpg\"><img loading=\"lazy\" decoding=\"async\" width=\"779\" height=\"1024\" data-id=\"26941\" src=\"http:\/\/lapidarium.fundacja-hereditas.pl\/wp-content\/uploads\/2024\/08\/E_Dziedziniewicz-Rapca_Warszawa_Joteyki_12_wejscie_od_ulicy_prog_A-1-779x1024.jpg\" alt=\"\" class=\"wp-image-26941\" srcset=\"http:\/\/lapidarium.fundacja-hereditas.pl\/wp-content\/uploads\/2024\/08\/E_Dziedziniewicz-Rapca_Warszawa_Joteyki_12_wejscie_od_ulicy_prog_A-1-779x1024.jpg 779w, http:\/\/lapidarium.fundacja-hereditas.pl\/wp-content\/uploads\/2024\/08\/E_Dziedziniewicz-Rapca_Warszawa_Joteyki_12_wejscie_od_ulicy_prog_A-1-228x300.jpg 228w, http:\/\/lapidarium.fundacja-hereditas.pl\/wp-content\/uploads\/2024\/08\/E_Dziedziniewicz-Rapca_Warszawa_Joteyki_12_wejscie_od_ulicy_prog_A-1-768x1010.jpg 768w, http:\/\/lapidarium.fundacja-hereditas.pl\/wp-content\/uploads\/2024\/08\/E_Dziedziniewicz-Rapca_Warszawa_Joteyki_12_wejscie_od_ulicy_prog_A-1-1168x1536.jpg 1168w, http:\/\/lapidarium.fundacja-hereditas.pl\/wp-content\/uploads\/2024\/08\/E_Dziedziniewicz-Rapca_Warszawa_Joteyki_12_wejscie_od_ulicy_prog_A-1-1557x2048.jpg 1557w, http:\/\/lapidarium.fundacja-hereditas.pl\/wp-content\/uploads\/2024\/08\/E_Dziedziniewicz-Rapca_Warszawa_Joteyki_12_wejscie_od_ulicy_prog_A-1-150x197.jpg 150w, http:\/\/lapidarium.fundacja-hereditas.pl\/wp-content\/uploads\/2024\/08\/E_Dziedziniewicz-Rapca_Warszawa_Joteyki_12_wejscie_od_ulicy_prog_A-1-300x394.jpg 300w, http:\/\/lapidarium.fundacja-hereditas.pl\/wp-content\/uploads\/2024\/08\/E_Dziedziniewicz-Rapca_Warszawa_Joteyki_12_wejscie_od_ulicy_prog_A-1-696x915.jpg 696w, http:\/\/lapidarium.fundacja-hereditas.pl\/wp-content\/uploads\/2024\/08\/E_Dziedziniewicz-Rapca_Warszawa_Joteyki_12_wejscie_od_ulicy_prog_A-1-1068x1404.jpg 1068w, http:\/\/lapidarium.fundacja-hereditas.pl\/wp-content\/uploads\/2024\/08\/E_Dziedziniewicz-Rapca_Warszawa_Joteyki_12_wejscie_od_ulicy_prog_A-1-1920x2525.jpg 1920w, http:\/\/lapidarium.fundacja-hereditas.pl\/wp-content\/uploads\/2024\/08\/E_Dziedziniewicz-Rapca_Warszawa_Joteyki_12_wejscie_od_ulicy_prog_A-1-scaled.jpg 1947w\" sizes=\"auto, (max-width: 779px) 100vw, 779px\" \/><\/a><figcaption class=\"wp-element-caption\">Wej\u015bcie na klatk\u0119 od ulicy &#8211; oryginalny pr\u00f3g. Fot. Ewa Dziedziniewicz-R\u0105pca, 2023 r., \u017ar\u00f3d\u0142o: MWKZ.<\/figcaption><\/figure>\n\n\n\n<figure class=\"wp-block-image size-large\"><a href=\"http:\/\/lapidarium.fundacja-hereditas.pl\/wp-content\/uploads\/2024\/08\/E_Dziedziniewicz-Rapca_Warszawa_Joteyki_12_wejscie_od_ulicy_przedsionek_A-1-scaled.jpg\"><img loading=\"lazy\" decoding=\"async\" width=\"1024\" height=\"777\" data-id=\"26943\" src=\"http:\/\/lapidarium.fundacja-hereditas.pl\/wp-content\/uploads\/2024\/08\/E_Dziedziniewicz-Rapca_Warszawa_Joteyki_12_wejscie_od_ulicy_przedsionek_A-1-1024x777.jpg\" alt=\"\" class=\"wp-image-26943\" srcset=\"http:\/\/lapidarium.fundacja-hereditas.pl\/wp-content\/uploads\/2024\/08\/E_Dziedziniewicz-Rapca_Warszawa_Joteyki_12_wejscie_od_ulicy_przedsionek_A-1-1024x777.jpg 1024w, http:\/\/lapidarium.fundacja-hereditas.pl\/wp-content\/uploads\/2024\/08\/E_Dziedziniewicz-Rapca_Warszawa_Joteyki_12_wejscie_od_ulicy_przedsionek_A-1-300x228.jpg 300w, http:\/\/lapidarium.fundacja-hereditas.pl\/wp-content\/uploads\/2024\/08\/E_Dziedziniewicz-Rapca_Warszawa_Joteyki_12_wejscie_od_ulicy_przedsionek_A-1-768x583.jpg 768w, http:\/\/lapidarium.fundacja-hereditas.pl\/wp-content\/uploads\/2024\/08\/E_Dziedziniewicz-Rapca_Warszawa_Joteyki_12_wejscie_od_ulicy_przedsionek_A-1-1536x1165.jpg 1536w, http:\/\/lapidarium.fundacja-hereditas.pl\/wp-content\/uploads\/2024\/08\/E_Dziedziniewicz-Rapca_Warszawa_Joteyki_12_wejscie_od_ulicy_przedsionek_A-1-2048x1554.jpg 2048w, http:\/\/lapidarium.fundacja-hereditas.pl\/wp-content\/uploads\/2024\/08\/E_Dziedziniewicz-Rapca_Warszawa_Joteyki_12_wejscie_od_ulicy_przedsionek_A-1-150x114.jpg 150w, http:\/\/lapidarium.fundacja-hereditas.pl\/wp-content\/uploads\/2024\/08\/E_Dziedziniewicz-Rapca_Warszawa_Joteyki_12_wejscie_od_ulicy_przedsionek_A-1-696x528.jpg 696w, http:\/\/lapidarium.fundacja-hereditas.pl\/wp-content\/uploads\/2024\/08\/E_Dziedziniewicz-Rapca_Warszawa_Joteyki_12_wejscie_od_ulicy_przedsionek_A-1-1068x810.jpg 1068w, http:\/\/lapidarium.fundacja-hereditas.pl\/wp-content\/uploads\/2024\/08\/E_Dziedziniewicz-Rapca_Warszawa_Joteyki_12_wejscie_od_ulicy_przedsionek_A-1-1920x1457.jpg 1920w\" sizes=\"auto, (max-width: 1024px) 100vw, 1024px\" \/><\/a><figcaption class=\"wp-element-caption\">Hall na parterze. Przedsionek. Posadzka z lastrico. Drzwi wewn\u0119trzne (po prawej). Fot. Ewa Dziedziniewicz-R\u0105pca, 2023 r., \u017ar\u00f3d\u0142o: MWKZ.<\/figcaption><\/figure>\n\n\n\n<figure class=\"wp-block-image size-large\"><a href=\"http:\/\/lapidarium.fundacja-hereditas.pl\/wp-content\/uploads\/2024\/08\/E_Dziedziniewicz-Rapca_Warszawa_Joteyki_12_wejscie_od_ulicy_przedsionek_wneka-1-scaled.jpg\"><img loading=\"lazy\" decoding=\"async\" width=\"776\" height=\"1024\" data-id=\"26944\" src=\"http:\/\/lapidarium.fundacja-hereditas.pl\/wp-content\/uploads\/2024\/08\/E_Dziedziniewicz-Rapca_Warszawa_Joteyki_12_wejscie_od_ulicy_przedsionek_wneka-1-776x1024.jpg\" alt=\"\" class=\"wp-image-26944\" srcset=\"http:\/\/lapidarium.fundacja-hereditas.pl\/wp-content\/uploads\/2024\/08\/E_Dziedziniewicz-Rapca_Warszawa_Joteyki_12_wejscie_od_ulicy_przedsionek_wneka-1-776x1024.jpg 776w, http:\/\/lapidarium.fundacja-hereditas.pl\/wp-content\/uploads\/2024\/08\/E_Dziedziniewicz-Rapca_Warszawa_Joteyki_12_wejscie_od_ulicy_przedsionek_wneka-1-227x300.jpg 227w, http:\/\/lapidarium.fundacja-hereditas.pl\/wp-content\/uploads\/2024\/08\/E_Dziedziniewicz-Rapca_Warszawa_Joteyki_12_wejscie_od_ulicy_przedsionek_wneka-1-768x1014.jpg 768w, http:\/\/lapidarium.fundacja-hereditas.pl\/wp-content\/uploads\/2024\/08\/E_Dziedziniewicz-Rapca_Warszawa_Joteyki_12_wejscie_od_ulicy_przedsionek_wneka-1-1164x1536.jpg 1164w, http:\/\/lapidarium.fundacja-hereditas.pl\/wp-content\/uploads\/2024\/08\/E_Dziedziniewicz-Rapca_Warszawa_Joteyki_12_wejscie_od_ulicy_przedsionek_wneka-1-1552x2048.jpg 1552w, http:\/\/lapidarium.fundacja-hereditas.pl\/wp-content\/uploads\/2024\/08\/E_Dziedziniewicz-Rapca_Warszawa_Joteyki_12_wejscie_od_ulicy_przedsionek_wneka-1-150x198.jpg 150w, http:\/\/lapidarium.fundacja-hereditas.pl\/wp-content\/uploads\/2024\/08\/E_Dziedziniewicz-Rapca_Warszawa_Joteyki_12_wejscie_od_ulicy_przedsionek_wneka-1-300x396.jpg 300w, http:\/\/lapidarium.fundacja-hereditas.pl\/wp-content\/uploads\/2024\/08\/E_Dziedziniewicz-Rapca_Warszawa_Joteyki_12_wejscie_od_ulicy_przedsionek_wneka-1-696x919.jpg 696w, http:\/\/lapidarium.fundacja-hereditas.pl\/wp-content\/uploads\/2024\/08\/E_Dziedziniewicz-Rapca_Warszawa_Joteyki_12_wejscie_od_ulicy_przedsionek_wneka-1-1068x1410.jpg 1068w, http:\/\/lapidarium.fundacja-hereditas.pl\/wp-content\/uploads\/2024\/08\/E_Dziedziniewicz-Rapca_Warszawa_Joteyki_12_wejscie_od_ulicy_przedsionek_wneka-1-1920x2534.jpg 1920w, http:\/\/lapidarium.fundacja-hereditas.pl\/wp-content\/uploads\/2024\/08\/E_Dziedziniewicz-Rapca_Warszawa_Joteyki_12_wejscie_od_ulicy_przedsionek_wneka-1-scaled.jpg 1940w\" sizes=\"auto, (max-width: 776px) 100vw, 776px\" \/><\/a><figcaption class=\"wp-element-caption\">Hall na parterze. Przedsionek. Wn\u0119ka po kaloryferze (?), li\u015bcie lokator\u00f3w (?). Fot. Ewa Dziedziniewicz-R\u0105pca, 2023 r., \u017ar\u00f3d\u0142o: MWKZ.<\/figcaption><\/figure>\n\n\n\n<figure class=\"wp-block-image size-large\"><a href=\"http:\/\/lapidarium.fundacja-hereditas.pl\/wp-content\/uploads\/2024\/08\/E_Dziedziniewicz-Rapca_Warszawa_Joteyki_12_wejscie_od_ulicy_przedsionek-1-scaled.jpg\"><img loading=\"lazy\" decoding=\"async\" width=\"777\" height=\"1024\" data-id=\"26942\" src=\"http:\/\/lapidarium.fundacja-hereditas.pl\/wp-content\/uploads\/2024\/08\/E_Dziedziniewicz-Rapca_Warszawa_Joteyki_12_wejscie_od_ulicy_przedsionek-1-777x1024.jpg\" alt=\"\" class=\"wp-image-26942\" srcset=\"http:\/\/lapidarium.fundacja-hereditas.pl\/wp-content\/uploads\/2024\/08\/E_Dziedziniewicz-Rapca_Warszawa_Joteyki_12_wejscie_od_ulicy_przedsionek-1-777x1024.jpg 777w, http:\/\/lapidarium.fundacja-hereditas.pl\/wp-content\/uploads\/2024\/08\/E_Dziedziniewicz-Rapca_Warszawa_Joteyki_12_wejscie_od_ulicy_przedsionek-1-228x300.jpg 228w, http:\/\/lapidarium.fundacja-hereditas.pl\/wp-content\/uploads\/2024\/08\/E_Dziedziniewicz-Rapca_Warszawa_Joteyki_12_wejscie_od_ulicy_przedsionek-1-768x1012.jpg 768w, http:\/\/lapidarium.fundacja-hereditas.pl\/wp-content\/uploads\/2024\/08\/E_Dziedziniewicz-Rapca_Warszawa_Joteyki_12_wejscie_od_ulicy_przedsionek-1-1166x1536.jpg 1166w, http:\/\/lapidarium.fundacja-hereditas.pl\/wp-content\/uploads\/2024\/08\/E_Dziedziniewicz-Rapca_Warszawa_Joteyki_12_wejscie_od_ulicy_przedsionek-1-1555x2048.jpg 1555w, http:\/\/lapidarium.fundacja-hereditas.pl\/wp-content\/uploads\/2024\/08\/E_Dziedziniewicz-Rapca_Warszawa_Joteyki_12_wejscie_od_ulicy_przedsionek-1-150x198.jpg 150w, http:\/\/lapidarium.fundacja-hereditas.pl\/wp-content\/uploads\/2024\/08\/E_Dziedziniewicz-Rapca_Warszawa_Joteyki_12_wejscie_od_ulicy_przedsionek-1-300x395.jpg 300w, http:\/\/lapidarium.fundacja-hereditas.pl\/wp-content\/uploads\/2024\/08\/E_Dziedziniewicz-Rapca_Warszawa_Joteyki_12_wejscie_od_ulicy_przedsionek-1-696x917.jpg 696w, http:\/\/lapidarium.fundacja-hereditas.pl\/wp-content\/uploads\/2024\/08\/E_Dziedziniewicz-Rapca_Warszawa_Joteyki_12_wejscie_od_ulicy_przedsionek-1-1068x1407.jpg 1068w, http:\/\/lapidarium.fundacja-hereditas.pl\/wp-content\/uploads\/2024\/08\/E_Dziedziniewicz-Rapca_Warszawa_Joteyki_12_wejscie_od_ulicy_przedsionek-1-1920x2529.jpg 1920w, http:\/\/lapidarium.fundacja-hereditas.pl\/wp-content\/uploads\/2024\/08\/E_Dziedziniewicz-Rapca_Warszawa_Joteyki_12_wejscie_od_ulicy_przedsionek-1-scaled.jpg 1943w\" sizes=\"auto, (max-width: 777px) 100vw, 777px\" \/><\/a><figcaption class=\"wp-element-caption\">Hall na parterze. Drzwi wewn\u0119trzne. Posadzka z lastrico. Fot. Ewa Dziedziniewicz-R\u0105pca, 2023 r., \u017ar\u00f3d\u0142o: MWKZ.<\/figcaption><\/figure>\n\n\n\n<figure class=\"wp-block-image size-large\"><a href=\"http:\/\/lapidarium.fundacja-hereditas.pl\/wp-content\/uploads\/2024\/08\/E_Dziedziniewicz-Rapca_Warszawa_Joteyki_12_wejscie_od_ulicy_drzwi_wewnatrz_skrzydlo-1-scaled.jpg\"><img loading=\"lazy\" decoding=\"async\" width=\"731\" height=\"1024\" data-id=\"26939\" src=\"http:\/\/lapidarium.fundacja-hereditas.pl\/wp-content\/uploads\/2024\/08\/E_Dziedziniewicz-Rapca_Warszawa_Joteyki_12_wejscie_od_ulicy_drzwi_wewnatrz_skrzydlo-1-731x1024.jpg\" alt=\"\" class=\"wp-image-26939\" srcset=\"http:\/\/lapidarium.fundacja-hereditas.pl\/wp-content\/uploads\/2024\/08\/E_Dziedziniewicz-Rapca_Warszawa_Joteyki_12_wejscie_od_ulicy_drzwi_wewnatrz_skrzydlo-1-731x1024.jpg 731w, http:\/\/lapidarium.fundacja-hereditas.pl\/wp-content\/uploads\/2024\/08\/E_Dziedziniewicz-Rapca_Warszawa_Joteyki_12_wejscie_od_ulicy_drzwi_wewnatrz_skrzydlo-1-214x300.jpg 214w, http:\/\/lapidarium.fundacja-hereditas.pl\/wp-content\/uploads\/2024\/08\/E_Dziedziniewicz-Rapca_Warszawa_Joteyki_12_wejscie_od_ulicy_drzwi_wewnatrz_skrzydlo-1-768x1076.jpg 768w, http:\/\/lapidarium.fundacja-hereditas.pl\/wp-content\/uploads\/2024\/08\/E_Dziedziniewicz-Rapca_Warszawa_Joteyki_12_wejscie_od_ulicy_drzwi_wewnatrz_skrzydlo-1-1097x1536.jpg 1097w, http:\/\/lapidarium.fundacja-hereditas.pl\/wp-content\/uploads\/2024\/08\/E_Dziedziniewicz-Rapca_Warszawa_Joteyki_12_wejscie_od_ulicy_drzwi_wewnatrz_skrzydlo-1-1462x2048.jpg 1462w, http:\/\/lapidarium.fundacja-hereditas.pl\/wp-content\/uploads\/2024\/08\/E_Dziedziniewicz-Rapca_Warszawa_Joteyki_12_wejscie_od_ulicy_drzwi_wewnatrz_skrzydlo-1-150x210.jpg 150w, http:\/\/lapidarium.fundacja-hereditas.pl\/wp-content\/uploads\/2024\/08\/E_Dziedziniewicz-Rapca_Warszawa_Joteyki_12_wejscie_od_ulicy_drzwi_wewnatrz_skrzydlo-1-300x420.jpg 300w, http:\/\/lapidarium.fundacja-hereditas.pl\/wp-content\/uploads\/2024\/08\/E_Dziedziniewicz-Rapca_Warszawa_Joteyki_12_wejscie_od_ulicy_drzwi_wewnatrz_skrzydlo-1-696x975.jpg 696w, http:\/\/lapidarium.fundacja-hereditas.pl\/wp-content\/uploads\/2024\/08\/E_Dziedziniewicz-Rapca_Warszawa_Joteyki_12_wejscie_od_ulicy_drzwi_wewnatrz_skrzydlo-1-1068x1496.jpg 1068w, http:\/\/lapidarium.fundacja-hereditas.pl\/wp-content\/uploads\/2024\/08\/E_Dziedziniewicz-Rapca_Warszawa_Joteyki_12_wejscie_od_ulicy_drzwi_wewnatrz_skrzydlo-1-1920x2689.jpg 1920w, http:\/\/lapidarium.fundacja-hereditas.pl\/wp-content\/uploads\/2024\/08\/E_Dziedziniewicz-Rapca_Warszawa_Joteyki_12_wejscie_od_ulicy_drzwi_wewnatrz_skrzydlo-1-scaled.jpg 1828w\" sizes=\"auto, (max-width: 731px) 100vw, 731px\" \/><\/a><figcaption class=\"wp-element-caption\">Hall na parterze. Drzwi wewn\u0119trzne. Fot. Ewa Dziedziniewicz-R\u0105pca, 2023 r., \u017ar\u00f3d\u0142o: MWKZ.<\/figcaption><\/figure>\n\n\n\n<figure class=\"wp-block-image size-large\"><a href=\"http:\/\/lapidarium.fundacja-hereditas.pl\/wp-content\/uploads\/2024\/08\/E_Dziedziniewicz-Rapca_Warszawa_Joteyki_12_wejscie_od_ulicy_drzwi_wewnatrz-1-scaled.jpg\"><img loading=\"lazy\" decoding=\"async\" width=\"1024\" height=\"776\" data-id=\"26938\" src=\"http:\/\/lapidarium.fundacja-hereditas.pl\/wp-content\/uploads\/2024\/08\/E_Dziedziniewicz-Rapca_Warszawa_Joteyki_12_wejscie_od_ulicy_drzwi_wewnatrz-1-1024x776.jpg\" alt=\"\" class=\"wp-image-26938\" srcset=\"http:\/\/lapidarium.fundacja-hereditas.pl\/wp-content\/uploads\/2024\/08\/E_Dziedziniewicz-Rapca_Warszawa_Joteyki_12_wejscie_od_ulicy_drzwi_wewnatrz-1-1024x776.jpg 1024w, http:\/\/lapidarium.fundacja-hereditas.pl\/wp-content\/uploads\/2024\/08\/E_Dziedziniewicz-Rapca_Warszawa_Joteyki_12_wejscie_od_ulicy_drzwi_wewnatrz-1-300x227.jpg 300w, http:\/\/lapidarium.fundacja-hereditas.pl\/wp-content\/uploads\/2024\/08\/E_Dziedziniewicz-Rapca_Warszawa_Joteyki_12_wejscie_od_ulicy_drzwi_wewnatrz-1-768x582.jpg 768w, http:\/\/lapidarium.fundacja-hereditas.pl\/wp-content\/uploads\/2024\/08\/E_Dziedziniewicz-Rapca_Warszawa_Joteyki_12_wejscie_od_ulicy_drzwi_wewnatrz-1-1536x1164.jpg 1536w, http:\/\/lapidarium.fundacja-hereditas.pl\/wp-content\/uploads\/2024\/08\/E_Dziedziniewicz-Rapca_Warszawa_Joteyki_12_wejscie_od_ulicy_drzwi_wewnatrz-1-2048x1552.jpg 2048w, http:\/\/lapidarium.fundacja-hereditas.pl\/wp-content\/uploads\/2024\/08\/E_Dziedziniewicz-Rapca_Warszawa_Joteyki_12_wejscie_od_ulicy_drzwi_wewnatrz-1-150x114.jpg 150w, http:\/\/lapidarium.fundacja-hereditas.pl\/wp-content\/uploads\/2024\/08\/E_Dziedziniewicz-Rapca_Warszawa_Joteyki_12_wejscie_od_ulicy_drzwi_wewnatrz-1-696x527.jpg 696w, http:\/\/lapidarium.fundacja-hereditas.pl\/wp-content\/uploads\/2024\/08\/E_Dziedziniewicz-Rapca_Warszawa_Joteyki_12_wejscie_od_ulicy_drzwi_wewnatrz-1-1068x809.jpg 1068w, http:\/\/lapidarium.fundacja-hereditas.pl\/wp-content\/uploads\/2024\/08\/E_Dziedziniewicz-Rapca_Warszawa_Joteyki_12_wejscie_od_ulicy_drzwi_wewnatrz-1-1920x1455.jpg 1920w\" sizes=\"auto, (max-width: 1024px) 100vw, 1024px\" \/><\/a><figcaption class=\"wp-element-caption\">Hall na parterze. Posadzka z lastrico. Fot. Ewa Dziedziniewicz-R\u0105pca, 2023 r., \u017ar\u00f3d\u0142o: MWKZ.<\/figcaption><\/figure>\n\n\n\n<figure class=\"wp-block-image size-large\"><a href=\"http:\/\/lapidarium.fundacja-hereditas.pl\/wp-content\/uploads\/2024\/08\/E_Dziedziniewicz-Rapca_Warszawa_Joteyki_12_wejscie_drzwi_wewnatrz_schody-1-scaled.jpg\"><img loading=\"lazy\" decoding=\"async\" width=\"816\" height=\"1024\" data-id=\"26937\" src=\"http:\/\/lapidarium.fundacja-hereditas.pl\/wp-content\/uploads\/2024\/08\/E_Dziedziniewicz-Rapca_Warszawa_Joteyki_12_wejscie_drzwi_wewnatrz_schody-1-816x1024.jpg\" alt=\"\" class=\"wp-image-26937\" srcset=\"http:\/\/lapidarium.fundacja-hereditas.pl\/wp-content\/uploads\/2024\/08\/E_Dziedziniewicz-Rapca_Warszawa_Joteyki_12_wejscie_drzwi_wewnatrz_schody-1-816x1024.jpg 816w, http:\/\/lapidarium.fundacja-hereditas.pl\/wp-content\/uploads\/2024\/08\/E_Dziedziniewicz-Rapca_Warszawa_Joteyki_12_wejscie_drzwi_wewnatrz_schody-1-239x300.jpg 239w, http:\/\/lapidarium.fundacja-hereditas.pl\/wp-content\/uploads\/2024\/08\/E_Dziedziniewicz-Rapca_Warszawa_Joteyki_12_wejscie_drzwi_wewnatrz_schody-1-768x963.jpg 768w, http:\/\/lapidarium.fundacja-hereditas.pl\/wp-content\/uploads\/2024\/08\/E_Dziedziniewicz-Rapca_Warszawa_Joteyki_12_wejscie_drzwi_wewnatrz_schody-1-1225x1536.jpg 1225w, http:\/\/lapidarium.fundacja-hereditas.pl\/wp-content\/uploads\/2024\/08\/E_Dziedziniewicz-Rapca_Warszawa_Joteyki_12_wejscie_drzwi_wewnatrz_schody-1-1633x2048.jpg 1633w, http:\/\/lapidarium.fundacja-hereditas.pl\/wp-content\/uploads\/2024\/08\/E_Dziedziniewicz-Rapca_Warszawa_Joteyki_12_wejscie_drzwi_wewnatrz_schody-1-150x188.jpg 150w, http:\/\/lapidarium.fundacja-hereditas.pl\/wp-content\/uploads\/2024\/08\/E_Dziedziniewicz-Rapca_Warszawa_Joteyki_12_wejscie_drzwi_wewnatrz_schody-1-300x376.jpg 300w, http:\/\/lapidarium.fundacja-hereditas.pl\/wp-content\/uploads\/2024\/08\/E_Dziedziniewicz-Rapca_Warszawa_Joteyki_12_wejscie_drzwi_wewnatrz_schody-1-696x873.jpg 696w, http:\/\/lapidarium.fundacja-hereditas.pl\/wp-content\/uploads\/2024\/08\/E_Dziedziniewicz-Rapca_Warszawa_Joteyki_12_wejscie_drzwi_wewnatrz_schody-1-1068x1339.jpg 1068w, http:\/\/lapidarium.fundacja-hereditas.pl\/wp-content\/uploads\/2024\/08\/E_Dziedziniewicz-Rapca_Warszawa_Joteyki_12_wejscie_drzwi_wewnatrz_schody-1-1920x2408.jpg 1920w, http:\/\/lapidarium.fundacja-hereditas.pl\/wp-content\/uploads\/2024\/08\/E_Dziedziniewicz-Rapca_Warszawa_Joteyki_12_wejscie_drzwi_wewnatrz_schody-1-scaled.jpg 2041w\" sizes=\"auto, (max-width: 816px) 100vw, 816px\" \/><\/a><figcaption class=\"wp-element-caption\">Hall na parterze. Oprawa schod\u00f3w. Fot. Ewa Dziedziniewicz-R\u0105pca, 2023 r., \u017ar\u00f3d\u0142o: MWKZ.<\/figcaption><\/figure>\n\n\n\n<figure class=\"wp-block-image size-large\"><a href=\"http:\/\/lapidarium.fundacja-hereditas.pl\/wp-content\/uploads\/2024\/08\/E_Dziedziniewicz-Rapca_Warszawa_Joteyki_12_parter_schody_wewnatrz_bok_A-1-scaled.jpg\"><img loading=\"lazy\" decoding=\"async\" width=\"777\" height=\"1024\" data-id=\"26918\" src=\"http:\/\/lapidarium.fundacja-hereditas.pl\/wp-content\/uploads\/2024\/08\/E_Dziedziniewicz-Rapca_Warszawa_Joteyki_12_parter_schody_wewnatrz_bok_A-1-777x1024.jpg\" alt=\"\" class=\"wp-image-26918\" srcset=\"http:\/\/lapidarium.fundacja-hereditas.pl\/wp-content\/uploads\/2024\/08\/E_Dziedziniewicz-Rapca_Warszawa_Joteyki_12_parter_schody_wewnatrz_bok_A-1-777x1024.jpg 777w, http:\/\/lapidarium.fundacja-hereditas.pl\/wp-content\/uploads\/2024\/08\/E_Dziedziniewicz-Rapca_Warszawa_Joteyki_12_parter_schody_wewnatrz_bok_A-1-228x300.jpg 228w, http:\/\/lapidarium.fundacja-hereditas.pl\/wp-content\/uploads\/2024\/08\/E_Dziedziniewicz-Rapca_Warszawa_Joteyki_12_parter_schody_wewnatrz_bok_A-1-768x1012.jpg 768w, http:\/\/lapidarium.fundacja-hereditas.pl\/wp-content\/uploads\/2024\/08\/E_Dziedziniewicz-Rapca_Warszawa_Joteyki_12_parter_schody_wewnatrz_bok_A-1-1166x1536.jpg 1166w, http:\/\/lapidarium.fundacja-hereditas.pl\/wp-content\/uploads\/2024\/08\/E_Dziedziniewicz-Rapca_Warszawa_Joteyki_12_parter_schody_wewnatrz_bok_A-1-1555x2048.jpg 1555w, http:\/\/lapidarium.fundacja-hereditas.pl\/wp-content\/uploads\/2024\/08\/E_Dziedziniewicz-Rapca_Warszawa_Joteyki_12_parter_schody_wewnatrz_bok_A-1-150x198.jpg 150w, http:\/\/lapidarium.fundacja-hereditas.pl\/wp-content\/uploads\/2024\/08\/E_Dziedziniewicz-Rapca_Warszawa_Joteyki_12_parter_schody_wewnatrz_bok_A-1-300x395.jpg 300w, http:\/\/lapidarium.fundacja-hereditas.pl\/wp-content\/uploads\/2024\/08\/E_Dziedziniewicz-Rapca_Warszawa_Joteyki_12_parter_schody_wewnatrz_bok_A-1-696x917.jpg 696w, http:\/\/lapidarium.fundacja-hereditas.pl\/wp-content\/uploads\/2024\/08\/E_Dziedziniewicz-Rapca_Warszawa_Joteyki_12_parter_schody_wewnatrz_bok_A-1-1068x1407.jpg 1068w, http:\/\/lapidarium.fundacja-hereditas.pl\/wp-content\/uploads\/2024\/08\/E_Dziedziniewicz-Rapca_Warszawa_Joteyki_12_parter_schody_wewnatrz_bok_A-1-1920x2529.jpg 1920w, http:\/\/lapidarium.fundacja-hereditas.pl\/wp-content\/uploads\/2024\/08\/E_Dziedziniewicz-Rapca_Warszawa_Joteyki_12_parter_schody_wewnatrz_bok_A-1-scaled.jpg 1943w\" sizes=\"auto, (max-width: 777px) 100vw, 777px\" \/><\/a><figcaption class=\"wp-element-caption\">Hall na parterze. Oprawa schod\u00f3w. Ok\u0142adziny \u015bcian. Fot. Ewa Dziedziniewicz-R\u0105pca, 2023 r., \u017ar\u00f3d\u0142o: MWKZ.<\/figcaption><\/figure>\n\n\n\n<figure class=\"wp-block-image size-large\"><a href=\"http:\/\/lapidarium.fundacja-hereditas.pl\/wp-content\/uploads\/2024\/08\/E_Dziedziniewicz-Rapca_Warszawa_Joteyki_12_parter_schody_wewnatrz-1-scaled.jpg\"><img loading=\"lazy\" decoding=\"async\" width=\"775\" height=\"1024\" data-id=\"26916\" src=\"http:\/\/lapidarium.fundacja-hereditas.pl\/wp-content\/uploads\/2024\/08\/E_Dziedziniewicz-Rapca_Warszawa_Joteyki_12_parter_schody_wewnatrz-1-775x1024.jpg\" alt=\"\" class=\"wp-image-26916\" srcset=\"http:\/\/lapidarium.fundacja-hereditas.pl\/wp-content\/uploads\/2024\/08\/E_Dziedziniewicz-Rapca_Warszawa_Joteyki_12_parter_schody_wewnatrz-1-775x1024.jpg 775w, http:\/\/lapidarium.fundacja-hereditas.pl\/wp-content\/uploads\/2024\/08\/E_Dziedziniewicz-Rapca_Warszawa_Joteyki_12_parter_schody_wewnatrz-1-227x300.jpg 227w, http:\/\/lapidarium.fundacja-hereditas.pl\/wp-content\/uploads\/2024\/08\/E_Dziedziniewicz-Rapca_Warszawa_Joteyki_12_parter_schody_wewnatrz-1-768x1015.jpg 768w, http:\/\/lapidarium.fundacja-hereditas.pl\/wp-content\/uploads\/2024\/08\/E_Dziedziniewicz-Rapca_Warszawa_Joteyki_12_parter_schody_wewnatrz-1-1163x1536.jpg 1163w, http:\/\/lapidarium.fundacja-hereditas.pl\/wp-content\/uploads\/2024\/08\/E_Dziedziniewicz-Rapca_Warszawa_Joteyki_12_parter_schody_wewnatrz-1-1550x2048.jpg 1550w, http:\/\/lapidarium.fundacja-hereditas.pl\/wp-content\/uploads\/2024\/08\/E_Dziedziniewicz-Rapca_Warszawa_Joteyki_12_parter_schody_wewnatrz-1-150x198.jpg 150w, http:\/\/lapidarium.fundacja-hereditas.pl\/wp-content\/uploads\/2024\/08\/E_Dziedziniewicz-Rapca_Warszawa_Joteyki_12_parter_schody_wewnatrz-1-300x396.jpg 300w, http:\/\/lapidarium.fundacja-hereditas.pl\/wp-content\/uploads\/2024\/08\/E_Dziedziniewicz-Rapca_Warszawa_Joteyki_12_parter_schody_wewnatrz-1-696x919.jpg 696w, http:\/\/lapidarium.fundacja-hereditas.pl\/wp-content\/uploads\/2024\/08\/E_Dziedziniewicz-Rapca_Warszawa_Joteyki_12_parter_schody_wewnatrz-1-1068x1411.jpg 1068w, http:\/\/lapidarium.fundacja-hereditas.pl\/wp-content\/uploads\/2024\/08\/E_Dziedziniewicz-Rapca_Warszawa_Joteyki_12_parter_schody_wewnatrz-1-1920x2536.jpg 1920w, http:\/\/lapidarium.fundacja-hereditas.pl\/wp-content\/uploads\/2024\/08\/E_Dziedziniewicz-Rapca_Warszawa_Joteyki_12_parter_schody_wewnatrz-1-scaled.jpg 1938w\" sizes=\"auto, (max-width: 775px) 100vw, 775px\" \/><\/a><figcaption class=\"wp-element-caption\">Hall na parterze. Oprawa schod\u00f3w. Fot. Ewa Dziedziniewicz-R\u0105pca, 2023 r., \u017ar\u00f3d\u0142o: MWKZ.<\/figcaption><\/figure>\n\n\n\n<figure class=\"wp-block-image size-large\"><a href=\"http:\/\/lapidarium.fundacja-hereditas.pl\/wp-content\/uploads\/2024\/08\/E_Dziedziniewicz-Rapca_Warszawa_Joteyki_12_parter_schody_wewnatrz_A-1-scaled.jpg\"><img loading=\"lazy\" decoding=\"async\" width=\"757\" height=\"1024\" data-id=\"26917\" src=\"http:\/\/lapidarium.fundacja-hereditas.pl\/wp-content\/uploads\/2024\/08\/E_Dziedziniewicz-Rapca_Warszawa_Joteyki_12_parter_schody_wewnatrz_A-1-757x1024.jpg\" alt=\"\" class=\"wp-image-26917\" srcset=\"http:\/\/lapidarium.fundacja-hereditas.pl\/wp-content\/uploads\/2024\/08\/E_Dziedziniewicz-Rapca_Warszawa_Joteyki_12_parter_schody_wewnatrz_A-1-757x1024.jpg 757w, http:\/\/lapidarium.fundacja-hereditas.pl\/wp-content\/uploads\/2024\/08\/E_Dziedziniewicz-Rapca_Warszawa_Joteyki_12_parter_schody_wewnatrz_A-1-222x300.jpg 222w, http:\/\/lapidarium.fundacja-hereditas.pl\/wp-content\/uploads\/2024\/08\/E_Dziedziniewicz-Rapca_Warszawa_Joteyki_12_parter_schody_wewnatrz_A-1-768x1039.jpg 768w, http:\/\/lapidarium.fundacja-hereditas.pl\/wp-content\/uploads\/2024\/08\/E_Dziedziniewicz-Rapca_Warszawa_Joteyki_12_parter_schody_wewnatrz_A-1-1136x1536.jpg 1136w, http:\/\/lapidarium.fundacja-hereditas.pl\/wp-content\/uploads\/2024\/08\/E_Dziedziniewicz-Rapca_Warszawa_Joteyki_12_parter_schody_wewnatrz_A-1-1514x2048.jpg 1514w, http:\/\/lapidarium.fundacja-hereditas.pl\/wp-content\/uploads\/2024\/08\/E_Dziedziniewicz-Rapca_Warszawa_Joteyki_12_parter_schody_wewnatrz_A-1-150x203.jpg 150w, http:\/\/lapidarium.fundacja-hereditas.pl\/wp-content\/uploads\/2024\/08\/E_Dziedziniewicz-Rapca_Warszawa_Joteyki_12_parter_schody_wewnatrz_A-1-300x406.jpg 300w, http:\/\/lapidarium.fundacja-hereditas.pl\/wp-content\/uploads\/2024\/08\/E_Dziedziniewicz-Rapca_Warszawa_Joteyki_12_parter_schody_wewnatrz_A-1-696x941.jpg 696w, http:\/\/lapidarium.fundacja-hereditas.pl\/wp-content\/uploads\/2024\/08\/E_Dziedziniewicz-Rapca_Warszawa_Joteyki_12_parter_schody_wewnatrz_A-1-1068x1444.jpg 1068w, http:\/\/lapidarium.fundacja-hereditas.pl\/wp-content\/uploads\/2024\/08\/E_Dziedziniewicz-Rapca_Warszawa_Joteyki_12_parter_schody_wewnatrz_A-1-1920x2597.jpg 1920w, http:\/\/lapidarium.fundacja-hereditas.pl\/wp-content\/uploads\/2024\/08\/E_Dziedziniewicz-Rapca_Warszawa_Joteyki_12_parter_schody_wewnatrz_A-1-scaled.jpg 1893w\" sizes=\"auto, (max-width: 757px) 100vw, 757px\" \/><\/a><figcaption class=\"wp-element-caption\">Hall na parterze. Oprawa schod\u00f3w. Fot. Ewa Dziedziniewicz-R\u0105pca, 2023 r., \u017ar\u00f3d\u0142o: MWKZ.<\/figcaption><\/figure>\n\n\n\n<figure class=\"wp-block-image size-large\"><a href=\"http:\/\/lapidarium.fundacja-hereditas.pl\/wp-content\/uploads\/2024\/08\/E_Dziedziniewicz-Rapca_Warszawa_Joteyki_12_parter_schody_wewnatrz_z_boku-1-scaled.jpg\"><img loading=\"lazy\" decoding=\"async\" width=\"1024\" height=\"773\" data-id=\"26920\" src=\"http:\/\/lapidarium.fundacja-hereditas.pl\/wp-content\/uploads\/2024\/08\/E_Dziedziniewicz-Rapca_Warszawa_Joteyki_12_parter_schody_wewnatrz_z_boku-1-1024x773.jpg\" alt=\"\" class=\"wp-image-26920\" srcset=\"http:\/\/lapidarium.fundacja-hereditas.pl\/wp-content\/uploads\/2024\/08\/E_Dziedziniewicz-Rapca_Warszawa_Joteyki_12_parter_schody_wewnatrz_z_boku-1-1024x773.jpg 1024w, http:\/\/lapidarium.fundacja-hereditas.pl\/wp-content\/uploads\/2024\/08\/E_Dziedziniewicz-Rapca_Warszawa_Joteyki_12_parter_schody_wewnatrz_z_boku-1-300x226.jpg 300w, http:\/\/lapidarium.fundacja-hereditas.pl\/wp-content\/uploads\/2024\/08\/E_Dziedziniewicz-Rapca_Warszawa_Joteyki_12_parter_schody_wewnatrz_z_boku-1-768x580.jpg 768w, http:\/\/lapidarium.fundacja-hereditas.pl\/wp-content\/uploads\/2024\/08\/E_Dziedziniewicz-Rapca_Warszawa_Joteyki_12_parter_schody_wewnatrz_z_boku-1-1536x1159.jpg 1536w, http:\/\/lapidarium.fundacja-hereditas.pl\/wp-content\/uploads\/2024\/08\/E_Dziedziniewicz-Rapca_Warszawa_Joteyki_12_parter_schody_wewnatrz_z_boku-1-2048x1546.jpg 2048w, http:\/\/lapidarium.fundacja-hereditas.pl\/wp-content\/uploads\/2024\/08\/E_Dziedziniewicz-Rapca_Warszawa_Joteyki_12_parter_schody_wewnatrz_z_boku-1-150x113.jpg 150w, http:\/\/lapidarium.fundacja-hereditas.pl\/wp-content\/uploads\/2024\/08\/E_Dziedziniewicz-Rapca_Warszawa_Joteyki_12_parter_schody_wewnatrz_z_boku-1-696x525.jpg 696w, http:\/\/lapidarium.fundacja-hereditas.pl\/wp-content\/uploads\/2024\/08\/E_Dziedziniewicz-Rapca_Warszawa_Joteyki_12_parter_schody_wewnatrz_z_boku-1-1068x806.jpg 1068w, http:\/\/lapidarium.fundacja-hereditas.pl\/wp-content\/uploads\/2024\/08\/E_Dziedziniewicz-Rapca_Warszawa_Joteyki_12_parter_schody_wewnatrz_z_boku-1-1920x1449.jpg 1920w\" sizes=\"auto, (max-width: 1024px) 100vw, 1024px\" \/><\/a><figcaption class=\"wp-element-caption\">Hall. Schody na wysoki parter. Lastrico. Fot. Ewa Dziedziniewicz-R\u0105pca, 2023 r., \u017ar\u00f3d\u0142o: MWKZ.<\/figcaption><\/figure>\n\n\n\n<figure class=\"wp-block-image size-large\"><a href=\"http:\/\/lapidarium.fundacja-hereditas.pl\/wp-content\/uploads\/2024\/08\/E_Dziedziniewicz-Rapca_Warszawa_Joteyki_12_parter_schody_wewnatrz_cale-1-scaled.jpg\"><img loading=\"lazy\" decoding=\"async\" width=\"1024\" height=\"774\" data-id=\"26919\" src=\"http:\/\/lapidarium.fundacja-hereditas.pl\/wp-content\/uploads\/2024\/08\/E_Dziedziniewicz-Rapca_Warszawa_Joteyki_12_parter_schody_wewnatrz_cale-1-1024x774.jpg\" alt=\"\" class=\"wp-image-26919\" srcset=\"http:\/\/lapidarium.fundacja-hereditas.pl\/wp-content\/uploads\/2024\/08\/E_Dziedziniewicz-Rapca_Warszawa_Joteyki_12_parter_schody_wewnatrz_cale-1-1024x774.jpg 1024w, http:\/\/lapidarium.fundacja-hereditas.pl\/wp-content\/uploads\/2024\/08\/E_Dziedziniewicz-Rapca_Warszawa_Joteyki_12_parter_schody_wewnatrz_cale-1-300x227.jpg 300w, http:\/\/lapidarium.fundacja-hereditas.pl\/wp-content\/uploads\/2024\/08\/E_Dziedziniewicz-Rapca_Warszawa_Joteyki_12_parter_schody_wewnatrz_cale-1-768x580.jpg 768w, http:\/\/lapidarium.fundacja-hereditas.pl\/wp-content\/uploads\/2024\/08\/E_Dziedziniewicz-Rapca_Warszawa_Joteyki_12_parter_schody_wewnatrz_cale-1-1536x1161.jpg 1536w, http:\/\/lapidarium.fundacja-hereditas.pl\/wp-content\/uploads\/2024\/08\/E_Dziedziniewicz-Rapca_Warszawa_Joteyki_12_parter_schody_wewnatrz_cale-1-2048x1548.jpg 2048w, http:\/\/lapidarium.fundacja-hereditas.pl\/wp-content\/uploads\/2024\/08\/E_Dziedziniewicz-Rapca_Warszawa_Joteyki_12_parter_schody_wewnatrz_cale-1-150x113.jpg 150w, http:\/\/lapidarium.fundacja-hereditas.pl\/wp-content\/uploads\/2024\/08\/E_Dziedziniewicz-Rapca_Warszawa_Joteyki_12_parter_schody_wewnatrz_cale-1-696x526.jpg 696w, http:\/\/lapidarium.fundacja-hereditas.pl\/wp-content\/uploads\/2024\/08\/E_Dziedziniewicz-Rapca_Warszawa_Joteyki_12_parter_schody_wewnatrz_cale-1-1068x807.jpg 1068w, http:\/\/lapidarium.fundacja-hereditas.pl\/wp-content\/uploads\/2024\/08\/E_Dziedziniewicz-Rapca_Warszawa_Joteyki_12_parter_schody_wewnatrz_cale-1-1920x1451.jpg 1920w\" sizes=\"auto, (max-width: 1024px) 100vw, 1024px\" \/><\/a><figcaption class=\"wp-element-caption\">Hall. Widok spod wyj\u015bcia na ulic\u0119 &#8211; schody na wysoki parter. Fot. Ewa Dziedziniewicz-R\u0105pca, 2023 r., \u017ar\u00f3d\u0142o: MWKZ.<\/figcaption><\/figure>\n\n\n\n<figure class=\"wp-block-image size-large\"><a href=\"http:\/\/lapidarium.fundacja-hereditas.pl\/wp-content\/uploads\/2024\/08\/E_Dziedziniewicz-Rapca_Warszawa_Joteyki_12_parter_sciana_hol_wejsciowy-1-scaled.jpg\"><img loading=\"lazy\" decoding=\"async\" width=\"773\" height=\"1024\" data-id=\"26921\" src=\"http:\/\/lapidarium.fundacja-hereditas.pl\/wp-content\/uploads\/2024\/08\/E_Dziedziniewicz-Rapca_Warszawa_Joteyki_12_parter_sciana_hol_wejsciowy-1-773x1024.jpg\" alt=\"\" class=\"wp-image-26921\" srcset=\"http:\/\/lapidarium.fundacja-hereditas.pl\/wp-content\/uploads\/2024\/08\/E_Dziedziniewicz-Rapca_Warszawa_Joteyki_12_parter_sciana_hol_wejsciowy-1-773x1024.jpg 773w, http:\/\/lapidarium.fundacja-hereditas.pl\/wp-content\/uploads\/2024\/08\/E_Dziedziniewicz-Rapca_Warszawa_Joteyki_12_parter_sciana_hol_wejsciowy-1-226x300.jpg 226w, http:\/\/lapidarium.fundacja-hereditas.pl\/wp-content\/uploads\/2024\/08\/E_Dziedziniewicz-Rapca_Warszawa_Joteyki_12_parter_sciana_hol_wejsciowy-1-768x1017.jpg 768w, http:\/\/lapidarium.fundacja-hereditas.pl\/wp-content\/uploads\/2024\/08\/E_Dziedziniewicz-Rapca_Warszawa_Joteyki_12_parter_sciana_hol_wejsciowy-1-1160x1536.jpg 1160w, http:\/\/lapidarium.fundacja-hereditas.pl\/wp-content\/uploads\/2024\/08\/E_Dziedziniewicz-Rapca_Warszawa_Joteyki_12_parter_sciana_hol_wejsciowy-1-1546x2048.jpg 1546w, http:\/\/lapidarium.fundacja-hereditas.pl\/wp-content\/uploads\/2024\/08\/E_Dziedziniewicz-Rapca_Warszawa_Joteyki_12_parter_sciana_hol_wejsciowy-1-150x199.jpg 150w, http:\/\/lapidarium.fundacja-hereditas.pl\/wp-content\/uploads\/2024\/08\/E_Dziedziniewicz-Rapca_Warszawa_Joteyki_12_parter_sciana_hol_wejsciowy-1-300x397.jpg 300w, http:\/\/lapidarium.fundacja-hereditas.pl\/wp-content\/uploads\/2024\/08\/E_Dziedziniewicz-Rapca_Warszawa_Joteyki_12_parter_sciana_hol_wejsciowy-1-696x922.jpg 696w, http:\/\/lapidarium.fundacja-hereditas.pl\/wp-content\/uploads\/2024\/08\/E_Dziedziniewicz-Rapca_Warszawa_Joteyki_12_parter_sciana_hol_wejsciowy-1-1068x1415.jpg 1068w, http:\/\/lapidarium.fundacja-hereditas.pl\/wp-content\/uploads\/2024\/08\/E_Dziedziniewicz-Rapca_Warszawa_Joteyki_12_parter_sciana_hol_wejsciowy-1-1920x2543.jpg 1920w, http:\/\/lapidarium.fundacja-hereditas.pl\/wp-content\/uploads\/2024\/08\/E_Dziedziniewicz-Rapca_Warszawa_Joteyki_12_parter_sciana_hol_wejsciowy-1-scaled.jpg 1933w\" sizes=\"auto, (max-width: 773px) 100vw, 773px\" \/><\/a><figcaption class=\"wp-element-caption\">Hall. Ok\u0142adzina \u015bciany. Fot. Ewa Dziedziniewicz-R\u0105pca, 2023 r., \u017ar\u00f3d\u0142o: MWKZ.<\/figcaption><\/figure>\n\n\n\n<figure class=\"wp-block-image size-large\"><a href=\"http:\/\/lapidarium.fundacja-hereditas.pl\/wp-content\/uploads\/2024\/08\/E_Dziedziniewicz-Rapca_Warszawa_Joteyki_12_parter_drzwi_od_ulicy_i_drzwi_wewnetrzne-1-scaled.jpg\"><img loading=\"lazy\" decoding=\"async\" width=\"758\" height=\"1024\" data-id=\"26914\" src=\"http:\/\/lapidarium.fundacja-hereditas.pl\/wp-content\/uploads\/2024\/08\/E_Dziedziniewicz-Rapca_Warszawa_Joteyki_12_parter_drzwi_od_ulicy_i_drzwi_wewnetrzne-1-758x1024.jpg\" alt=\"\" class=\"wp-image-26914\" srcset=\"http:\/\/lapidarium.fundacja-hereditas.pl\/wp-content\/uploads\/2024\/08\/E_Dziedziniewicz-Rapca_Warszawa_Joteyki_12_parter_drzwi_od_ulicy_i_drzwi_wewnetrzne-1-758x1024.jpg 758w, http:\/\/lapidarium.fundacja-hereditas.pl\/wp-content\/uploads\/2024\/08\/E_Dziedziniewicz-Rapca_Warszawa_Joteyki_12_parter_drzwi_od_ulicy_i_drzwi_wewnetrzne-1-222x300.jpg 222w, http:\/\/lapidarium.fundacja-hereditas.pl\/wp-content\/uploads\/2024\/08\/E_Dziedziniewicz-Rapca_Warszawa_Joteyki_12_parter_drzwi_od_ulicy_i_drzwi_wewnetrzne-1-768x1038.jpg 768w, http:\/\/lapidarium.fundacja-hereditas.pl\/wp-content\/uploads\/2024\/08\/E_Dziedziniewicz-Rapca_Warszawa_Joteyki_12_parter_drzwi_od_ulicy_i_drzwi_wewnetrzne-1-1137x1536.jpg 1137w, http:\/\/lapidarium.fundacja-hereditas.pl\/wp-content\/uploads\/2024\/08\/E_Dziedziniewicz-Rapca_Warszawa_Joteyki_12_parter_drzwi_od_ulicy_i_drzwi_wewnetrzne-1-1515x2048.jpg 1515w, http:\/\/lapidarium.fundacja-hereditas.pl\/wp-content\/uploads\/2024\/08\/E_Dziedziniewicz-Rapca_Warszawa_Joteyki_12_parter_drzwi_od_ulicy_i_drzwi_wewnetrzne-1-150x203.jpg 150w, http:\/\/lapidarium.fundacja-hereditas.pl\/wp-content\/uploads\/2024\/08\/E_Dziedziniewicz-Rapca_Warszawa_Joteyki_12_parter_drzwi_od_ulicy_i_drzwi_wewnetrzne-1-300x405.jpg 300w, http:\/\/lapidarium.fundacja-hereditas.pl\/wp-content\/uploads\/2024\/08\/E_Dziedziniewicz-Rapca_Warszawa_Joteyki_12_parter_drzwi_od_ulicy_i_drzwi_wewnetrzne-1-696x941.jpg 696w, http:\/\/lapidarium.fundacja-hereditas.pl\/wp-content\/uploads\/2024\/08\/E_Dziedziniewicz-Rapca_Warszawa_Joteyki_12_parter_drzwi_od_ulicy_i_drzwi_wewnetrzne-1-1068x1443.jpg 1068w, http:\/\/lapidarium.fundacja-hereditas.pl\/wp-content\/uploads\/2024\/08\/E_Dziedziniewicz-Rapca_Warszawa_Joteyki_12_parter_drzwi_od_ulicy_i_drzwi_wewnetrzne-1-1920x2595.jpg 1920w, http:\/\/lapidarium.fundacja-hereditas.pl\/wp-content\/uploads\/2024\/08\/E_Dziedziniewicz-Rapca_Warszawa_Joteyki_12_parter_drzwi_od_ulicy_i_drzwi_wewnetrzne-1-scaled.jpg 1894w\" sizes=\"auto, (max-width: 758px) 100vw, 758px\" \/><\/a><figcaption class=\"wp-element-caption\">Hall na parterze. Widok ku drzwiom na ulic\u0119. Fot. Ewa Dziedziniewicz-R\u0105pca, 2023 r., \u017ar\u00f3d\u0142o: MWKZ.<\/figcaption><\/figure>\n\n\n\n<figure class=\"wp-block-image size-large\"><a href=\"http:\/\/lapidarium.fundacja-hereditas.pl\/wp-content\/uploads\/2024\/08\/E_Dziedziniewicz-Rapca_Warszawa_Joteyki_12_parter_drzwi_od_ulicy-1-scaled.jpg\"><img loading=\"lazy\" decoding=\"async\" width=\"1024\" height=\"773\" data-id=\"26913\" src=\"http:\/\/lapidarium.fundacja-hereditas.pl\/wp-content\/uploads\/2024\/08\/E_Dziedziniewicz-Rapca_Warszawa_Joteyki_12_parter_drzwi_od_ulicy-1-1024x773.jpg\" alt=\"\" class=\"wp-image-26913\" srcset=\"http:\/\/lapidarium.fundacja-hereditas.pl\/wp-content\/uploads\/2024\/08\/E_Dziedziniewicz-Rapca_Warszawa_Joteyki_12_parter_drzwi_od_ulicy-1-1024x773.jpg 1024w, http:\/\/lapidarium.fundacja-hereditas.pl\/wp-content\/uploads\/2024\/08\/E_Dziedziniewicz-Rapca_Warszawa_Joteyki_12_parter_drzwi_od_ulicy-1-300x226.jpg 300w, http:\/\/lapidarium.fundacja-hereditas.pl\/wp-content\/uploads\/2024\/08\/E_Dziedziniewicz-Rapca_Warszawa_Joteyki_12_parter_drzwi_od_ulicy-1-768x580.jpg 768w, http:\/\/lapidarium.fundacja-hereditas.pl\/wp-content\/uploads\/2024\/08\/E_Dziedziniewicz-Rapca_Warszawa_Joteyki_12_parter_drzwi_od_ulicy-1-1536x1159.jpg 1536w, http:\/\/lapidarium.fundacja-hereditas.pl\/wp-content\/uploads\/2024\/08\/E_Dziedziniewicz-Rapca_Warszawa_Joteyki_12_parter_drzwi_od_ulicy-1-2048x1546.jpg 2048w, http:\/\/lapidarium.fundacja-hereditas.pl\/wp-content\/uploads\/2024\/08\/E_Dziedziniewicz-Rapca_Warszawa_Joteyki_12_parter_drzwi_od_ulicy-1-150x113.jpg 150w, http:\/\/lapidarium.fundacja-hereditas.pl\/wp-content\/uploads\/2024\/08\/E_Dziedziniewicz-Rapca_Warszawa_Joteyki_12_parter_drzwi_od_ulicy-1-696x525.jpg 696w, http:\/\/lapidarium.fundacja-hereditas.pl\/wp-content\/uploads\/2024\/08\/E_Dziedziniewicz-Rapca_Warszawa_Joteyki_12_parter_drzwi_od_ulicy-1-1068x806.jpg 1068w, http:\/\/lapidarium.fundacja-hereditas.pl\/wp-content\/uploads\/2024\/08\/E_Dziedziniewicz-Rapca_Warszawa_Joteyki_12_parter_drzwi_od_ulicy-1-1920x1449.jpg 1920w\" sizes=\"auto, (max-width: 1024px) 100vw, 1024px\" \/><\/a><figcaption class=\"wp-element-caption\">Hall na parterze. Widok ku drzwiom na ulic\u0119. Fot. Ewa Dziedziniewicz-R\u0105pca, 2023 r., \u017ar\u00f3d\u0142o: MWKZ.<\/figcaption><\/figure>\n\n\n\n<figure class=\"wp-block-image size-large\"><a href=\"http:\/\/lapidarium.fundacja-hereditas.pl\/wp-content\/uploads\/2024\/08\/E_Dziedziniewicz-Rapca_Warszawa_Joteyki_12_wysoki_parter_wejscie_frontowe-1-scaled.jpg\"><img loading=\"lazy\" decoding=\"async\" width=\"765\" height=\"1024\" data-id=\"26948\" src=\"http:\/\/lapidarium.fundacja-hereditas.pl\/wp-content\/uploads\/2024\/08\/E_Dziedziniewicz-Rapca_Warszawa_Joteyki_12_wysoki_parter_wejscie_frontowe-1-765x1024.jpg\" alt=\"\" class=\"wp-image-26948\" srcset=\"http:\/\/lapidarium.fundacja-hereditas.pl\/wp-content\/uploads\/2024\/08\/E_Dziedziniewicz-Rapca_Warszawa_Joteyki_12_wysoki_parter_wejscie_frontowe-1-765x1024.jpg 765w, http:\/\/lapidarium.fundacja-hereditas.pl\/wp-content\/uploads\/2024\/08\/E_Dziedziniewicz-Rapca_Warszawa_Joteyki_12_wysoki_parter_wejscie_frontowe-1-224x300.jpg 224w, http:\/\/lapidarium.fundacja-hereditas.pl\/wp-content\/uploads\/2024\/08\/E_Dziedziniewicz-Rapca_Warszawa_Joteyki_12_wysoki_parter_wejscie_frontowe-1-768x1028.jpg 768w, http:\/\/lapidarium.fundacja-hereditas.pl\/wp-content\/uploads\/2024\/08\/E_Dziedziniewicz-Rapca_Warszawa_Joteyki_12_wysoki_parter_wejscie_frontowe-1-1148x1536.jpg 1148w, http:\/\/lapidarium.fundacja-hereditas.pl\/wp-content\/uploads\/2024\/08\/E_Dziedziniewicz-Rapca_Warszawa_Joteyki_12_wysoki_parter_wejscie_frontowe-1-1531x2048.jpg 1531w, http:\/\/lapidarium.fundacja-hereditas.pl\/wp-content\/uploads\/2024\/08\/E_Dziedziniewicz-Rapca_Warszawa_Joteyki_12_wysoki_parter_wejscie_frontowe-1-150x201.jpg 150w, http:\/\/lapidarium.fundacja-hereditas.pl\/wp-content\/uploads\/2024\/08\/E_Dziedziniewicz-Rapca_Warszawa_Joteyki_12_wysoki_parter_wejscie_frontowe-1-300x401.jpg 300w, http:\/\/lapidarium.fundacja-hereditas.pl\/wp-content\/uploads\/2024\/08\/E_Dziedziniewicz-Rapca_Warszawa_Joteyki_12_wysoki_parter_wejscie_frontowe-1-696x931.jpg 696w, http:\/\/lapidarium.fundacja-hereditas.pl\/wp-content\/uploads\/2024\/08\/E_Dziedziniewicz-Rapca_Warszawa_Joteyki_12_wysoki_parter_wejscie_frontowe-1-1068x1429.jpg 1068w, http:\/\/lapidarium.fundacja-hereditas.pl\/wp-content\/uploads\/2024\/08\/E_Dziedziniewicz-Rapca_Warszawa_Joteyki_12_wysoki_parter_wejscie_frontowe-1-1920x2569.jpg 1920w, http:\/\/lapidarium.fundacja-hereditas.pl\/wp-content\/uploads\/2024\/08\/E_Dziedziniewicz-Rapca_Warszawa_Joteyki_12_wysoki_parter_wejscie_frontowe-1-scaled.jpg 1913w\" sizes=\"auto, (max-width: 765px) 100vw, 765px\" \/><\/a><figcaption class=\"wp-element-caption\">Wysoki parter. Widok ku wyj\u015bciu na ulic\u0119. Fot. Ewa Dziedziniewicz-R\u0105pca, 2023 r., \u017ar\u00f3d\u0142o: MWKZ.<\/figcaption><\/figure>\n\n\n\n<figure class=\"wp-block-image size-large\"><a href=\"http:\/\/lapidarium.fundacja-hereditas.pl\/wp-content\/uploads\/2024\/08\/E_Dziedziniewicz-Rapca_Warszawa_Joteyki_12_parter_drzwi-1-scaled.jpg\"><img loading=\"lazy\" decoding=\"async\" width=\"679\" height=\"1024\" data-id=\"26912\" src=\"http:\/\/lapidarium.fundacja-hereditas.pl\/wp-content\/uploads\/2024\/08\/E_Dziedziniewicz-Rapca_Warszawa_Joteyki_12_parter_drzwi-1-679x1024.jpg\" alt=\"\" class=\"wp-image-26912\" srcset=\"http:\/\/lapidarium.fundacja-hereditas.pl\/wp-content\/uploads\/2024\/08\/E_Dziedziniewicz-Rapca_Warszawa_Joteyki_12_parter_drzwi-1-679x1024.jpg 679w, http:\/\/lapidarium.fundacja-hereditas.pl\/wp-content\/uploads\/2024\/08\/E_Dziedziniewicz-Rapca_Warszawa_Joteyki_12_parter_drzwi-1-199x300.jpg 199w, http:\/\/lapidarium.fundacja-hereditas.pl\/wp-content\/uploads\/2024\/08\/E_Dziedziniewicz-Rapca_Warszawa_Joteyki_12_parter_drzwi-1-768x1159.jpg 768w, http:\/\/lapidarium.fundacja-hereditas.pl\/wp-content\/uploads\/2024\/08\/E_Dziedziniewicz-Rapca_Warszawa_Joteyki_12_parter_drzwi-1-1018x1536.jpg 1018w, http:\/\/lapidarium.fundacja-hereditas.pl\/wp-content\/uploads\/2024\/08\/E_Dziedziniewicz-Rapca_Warszawa_Joteyki_12_parter_drzwi-1-1357x2048.jpg 1357w, http:\/\/lapidarium.fundacja-hereditas.pl\/wp-content\/uploads\/2024\/08\/E_Dziedziniewicz-Rapca_Warszawa_Joteyki_12_parter_drzwi-1-150x226.jpg 150w, http:\/\/lapidarium.fundacja-hereditas.pl\/wp-content\/uploads\/2024\/08\/E_Dziedziniewicz-Rapca_Warszawa_Joteyki_12_parter_drzwi-1-300x453.jpg 300w, http:\/\/lapidarium.fundacja-hereditas.pl\/wp-content\/uploads\/2024\/08\/E_Dziedziniewicz-Rapca_Warszawa_Joteyki_12_parter_drzwi-1-696x1050.jpg 696w, http:\/\/lapidarium.fundacja-hereditas.pl\/wp-content\/uploads\/2024\/08\/E_Dziedziniewicz-Rapca_Warszawa_Joteyki_12_parter_drzwi-1-1068x1611.jpg 1068w, http:\/\/lapidarium.fundacja-hereditas.pl\/wp-content\/uploads\/2024\/08\/E_Dziedziniewicz-Rapca_Warszawa_Joteyki_12_parter_drzwi-1-1920x2897.jpg 1920w, http:\/\/lapidarium.fundacja-hereditas.pl\/wp-content\/uploads\/2024\/08\/E_Dziedziniewicz-Rapca_Warszawa_Joteyki_12_parter_drzwi-1-scaled.jpg 1697w\" sizes=\"auto, (max-width: 679px) 100vw, 679px\" \/><\/a><figcaption class=\"wp-element-caption\">Drzwi na parterze. Fot. Ewa Dziedziniewicz-R\u0105pca, 2023 r., \u017ar\u00f3d\u0142o: MWKZ.<\/figcaption><\/figure>\n\n\n\n<figure class=\"wp-block-image size-large\"><a href=\"http:\/\/lapidarium.fundacja-hereditas.pl\/wp-content\/uploads\/2024\/08\/E_Dziedziniewicz-Rapca_Warszawa_Joteyki_12_parter_wyjscie_na_podworze-1-scaled.jpg\"><img loading=\"lazy\" decoding=\"async\" width=\"770\" height=\"1024\" data-id=\"26922\" src=\"http:\/\/lapidarium.fundacja-hereditas.pl\/wp-content\/uploads\/2024\/08\/E_Dziedziniewicz-Rapca_Warszawa_Joteyki_12_parter_wyjscie_na_podworze-1-770x1024.jpg\" alt=\"\" class=\"wp-image-26922\" srcset=\"http:\/\/lapidarium.fundacja-hereditas.pl\/wp-content\/uploads\/2024\/08\/E_Dziedziniewicz-Rapca_Warszawa_Joteyki_12_parter_wyjscie_na_podworze-1-770x1024.jpg 770w, http:\/\/lapidarium.fundacja-hereditas.pl\/wp-content\/uploads\/2024\/08\/E_Dziedziniewicz-Rapca_Warszawa_Joteyki_12_parter_wyjscie_na_podworze-1-226x300.jpg 226w, http:\/\/lapidarium.fundacja-hereditas.pl\/wp-content\/uploads\/2024\/08\/E_Dziedziniewicz-Rapca_Warszawa_Joteyki_12_parter_wyjscie_na_podworze-1-768x1021.jpg 768w, http:\/\/lapidarium.fundacja-hereditas.pl\/wp-content\/uploads\/2024\/08\/E_Dziedziniewicz-Rapca_Warszawa_Joteyki_12_parter_wyjscie_na_podworze-1-1155x1536.jpg 1155w, http:\/\/lapidarium.fundacja-hereditas.pl\/wp-content\/uploads\/2024\/08\/E_Dziedziniewicz-Rapca_Warszawa_Joteyki_12_parter_wyjscie_na_podworze-1-1540x2048.jpg 1540w, http:\/\/lapidarium.fundacja-hereditas.pl\/wp-content\/uploads\/2024\/08\/E_Dziedziniewicz-Rapca_Warszawa_Joteyki_12_parter_wyjscie_na_podworze-1-150x199.jpg 150w, http:\/\/lapidarium.fundacja-hereditas.pl\/wp-content\/uploads\/2024\/08\/E_Dziedziniewicz-Rapca_Warszawa_Joteyki_12_parter_wyjscie_na_podworze-1-300x399.jpg 300w, http:\/\/lapidarium.fundacja-hereditas.pl\/wp-content\/uploads\/2024\/08\/E_Dziedziniewicz-Rapca_Warszawa_Joteyki_12_parter_wyjscie_na_podworze-1-696x925.jpg 696w, http:\/\/lapidarium.fundacja-hereditas.pl\/wp-content\/uploads\/2024\/08\/E_Dziedziniewicz-Rapca_Warszawa_Joteyki_12_parter_wyjscie_na_podworze-1-1068x1420.jpg 1068w, http:\/\/lapidarium.fundacja-hereditas.pl\/wp-content\/uploads\/2024\/08\/E_Dziedziniewicz-Rapca_Warszawa_Joteyki_12_parter_wyjscie_na_podworze-1-1920x2553.jpg 1920w, http:\/\/lapidarium.fundacja-hereditas.pl\/wp-content\/uploads\/2024\/08\/E_Dziedziniewicz-Rapca_Warszawa_Joteyki_12_parter_wyjscie_na_podworze-1-scaled.jpg 1926w\" sizes=\"auto, (max-width: 770px) 100vw, 770px\" \/><\/a><figcaption class=\"wp-element-caption\">Hall. Widok ku wyj\u015bciu na podw\u00f3rko. Fot. Ewa Dziedziniewicz-R\u0105pca, 2023 r., \u017ar\u00f3d\u0142o: MWKZ.<\/figcaption><\/figure>\n\n\n\n<figure class=\"wp-block-image size-large\"><a href=\"http:\/\/lapidarium.fundacja-hereditas.pl\/wp-content\/uploads\/2024\/08\/E_Dziedziniewicz-Rapca_Warszawa_Joteyki_12_wysoki_parter_wyyjscie_tylne-1-scaled.jpg\"><img loading=\"lazy\" decoding=\"async\" width=\"762\" height=\"1024\" data-id=\"26949\" src=\"http:\/\/lapidarium.fundacja-hereditas.pl\/wp-content\/uploads\/2024\/08\/E_Dziedziniewicz-Rapca_Warszawa_Joteyki_12_wysoki_parter_wyyjscie_tylne-1-762x1024.jpg\" alt=\"\" class=\"wp-image-26949\" srcset=\"http:\/\/lapidarium.fundacja-hereditas.pl\/wp-content\/uploads\/2024\/08\/E_Dziedziniewicz-Rapca_Warszawa_Joteyki_12_wysoki_parter_wyyjscie_tylne-1-762x1024.jpg 762w, http:\/\/lapidarium.fundacja-hereditas.pl\/wp-content\/uploads\/2024\/08\/E_Dziedziniewicz-Rapca_Warszawa_Joteyki_12_wysoki_parter_wyyjscie_tylne-1-223x300.jpg 223w, http:\/\/lapidarium.fundacja-hereditas.pl\/wp-content\/uploads\/2024\/08\/E_Dziedziniewicz-Rapca_Warszawa_Joteyki_12_wysoki_parter_wyyjscie_tylne-1-768x1033.jpg 768w, http:\/\/lapidarium.fundacja-hereditas.pl\/wp-content\/uploads\/2024\/08\/E_Dziedziniewicz-Rapca_Warszawa_Joteyki_12_wysoki_parter_wyyjscie_tylne-1-1142x1536.jpg 1142w, http:\/\/lapidarium.fundacja-hereditas.pl\/wp-content\/uploads\/2024\/08\/E_Dziedziniewicz-Rapca_Warszawa_Joteyki_12_wysoki_parter_wyyjscie_tylne-1-1523x2048.jpg 1523w, http:\/\/lapidarium.fundacja-hereditas.pl\/wp-content\/uploads\/2024\/08\/E_Dziedziniewicz-Rapca_Warszawa_Joteyki_12_wysoki_parter_wyyjscie_tylne-1-150x202.jpg 150w, http:\/\/lapidarium.fundacja-hereditas.pl\/wp-content\/uploads\/2024\/08\/E_Dziedziniewicz-Rapca_Warszawa_Joteyki_12_wysoki_parter_wyyjscie_tylne-1-300x403.jpg 300w, http:\/\/lapidarium.fundacja-hereditas.pl\/wp-content\/uploads\/2024\/08\/E_Dziedziniewicz-Rapca_Warszawa_Joteyki_12_wysoki_parter_wyyjscie_tylne-1-696x936.jpg 696w, http:\/\/lapidarium.fundacja-hereditas.pl\/wp-content\/uploads\/2024\/08\/E_Dziedziniewicz-Rapca_Warszawa_Joteyki_12_wysoki_parter_wyyjscie_tylne-1-1068x1436.jpg 1068w, http:\/\/lapidarium.fundacja-hereditas.pl\/wp-content\/uploads\/2024\/08\/E_Dziedziniewicz-Rapca_Warszawa_Joteyki_12_wysoki_parter_wyyjscie_tylne-1-1920x2582.jpg 1920w, http:\/\/lapidarium.fundacja-hereditas.pl\/wp-content\/uploads\/2024\/08\/E_Dziedziniewicz-Rapca_Warszawa_Joteyki_12_wysoki_parter_wyyjscie_tylne-1-scaled.jpg 1904w\" sizes=\"auto, (max-width: 762px) 100vw, 762px\" \/><\/a><figcaption class=\"wp-element-caption\">Wysoki parter. Widok ku wyj\u015bciu na podw\u00f3rze. Fot. Ewa Dziedziniewicz-R\u0105pca, 2023 r., \u017ar\u00f3d\u0142o: MWKZ.<\/figcaption><\/figure>\n\n\n\n<figure class=\"wp-block-image size-large\"><a href=\"http:\/\/lapidarium.fundacja-hereditas.pl\/wp-content\/uploads\/2024\/08\/E_Dziedziniewicz-Rapca_Warszawa_Joteyki_12_wysoki_parter_schody_do_tylnego_wejscia_A-1-scaled.jpg\"><img loading=\"lazy\" decoding=\"async\" width=\"773\" height=\"1024\" data-id=\"26946\" src=\"http:\/\/lapidarium.fundacja-hereditas.pl\/wp-content\/uploads\/2024\/08\/E_Dziedziniewicz-Rapca_Warszawa_Joteyki_12_wysoki_parter_schody_do_tylnego_wejscia_A-1-773x1024.jpg\" alt=\"\" class=\"wp-image-26946\" srcset=\"http:\/\/lapidarium.fundacja-hereditas.pl\/wp-content\/uploads\/2024\/08\/E_Dziedziniewicz-Rapca_Warszawa_Joteyki_12_wysoki_parter_schody_do_tylnego_wejscia_A-1-773x1024.jpg 773w, http:\/\/lapidarium.fundacja-hereditas.pl\/wp-content\/uploads\/2024\/08\/E_Dziedziniewicz-Rapca_Warszawa_Joteyki_12_wysoki_parter_schody_do_tylnego_wejscia_A-1-226x300.jpg 226w, http:\/\/lapidarium.fundacja-hereditas.pl\/wp-content\/uploads\/2024\/08\/E_Dziedziniewicz-Rapca_Warszawa_Joteyki_12_wysoki_parter_schody_do_tylnego_wejscia_A-1-768x1017.jpg 768w, http:\/\/lapidarium.fundacja-hereditas.pl\/wp-content\/uploads\/2024\/08\/E_Dziedziniewicz-Rapca_Warszawa_Joteyki_12_wysoki_parter_schody_do_tylnego_wejscia_A-1-1160x1536.jpg 1160w, http:\/\/lapidarium.fundacja-hereditas.pl\/wp-content\/uploads\/2024\/08\/E_Dziedziniewicz-Rapca_Warszawa_Joteyki_12_wysoki_parter_schody_do_tylnego_wejscia_A-1-1546x2048.jpg 1546w, http:\/\/lapidarium.fundacja-hereditas.pl\/wp-content\/uploads\/2024\/08\/E_Dziedziniewicz-Rapca_Warszawa_Joteyki_12_wysoki_parter_schody_do_tylnego_wejscia_A-1-150x199.jpg 150w, http:\/\/lapidarium.fundacja-hereditas.pl\/wp-content\/uploads\/2024\/08\/E_Dziedziniewicz-Rapca_Warszawa_Joteyki_12_wysoki_parter_schody_do_tylnego_wejscia_A-1-300x397.jpg 300w, http:\/\/lapidarium.fundacja-hereditas.pl\/wp-content\/uploads\/2024\/08\/E_Dziedziniewicz-Rapca_Warszawa_Joteyki_12_wysoki_parter_schody_do_tylnego_wejscia_A-1-696x922.jpg 696w, http:\/\/lapidarium.fundacja-hereditas.pl\/wp-content\/uploads\/2024\/08\/E_Dziedziniewicz-Rapca_Warszawa_Joteyki_12_wysoki_parter_schody_do_tylnego_wejscia_A-1-1068x1415.jpg 1068w, http:\/\/lapidarium.fundacja-hereditas.pl\/wp-content\/uploads\/2024\/08\/E_Dziedziniewicz-Rapca_Warszawa_Joteyki_12_wysoki_parter_schody_do_tylnego_wejscia_A-1-1920x2543.jpg 1920w, http:\/\/lapidarium.fundacja-hereditas.pl\/wp-content\/uploads\/2024\/08\/E_Dziedziniewicz-Rapca_Warszawa_Joteyki_12_wysoki_parter_schody_do_tylnego_wejscia_A-1-scaled.jpg 1933w\" sizes=\"auto, (max-width: 773px) 100vw, 773px\" \/><\/a><figcaption class=\"wp-element-caption\">Wysoki parter. Widok ku wyj\u015bciu na podw\u00f3rze. Fot. Ewa Dziedziniewicz-R\u0105pca, 2023 r., \u017ar\u00f3d\u0142o: MWKZ.<\/figcaption><\/figure>\n\n\n\n<figure class=\"wp-block-image size-large\"><a href=\"http:\/\/lapidarium.fundacja-hereditas.pl\/wp-content\/uploads\/2024\/08\/E_Dziedziniewicz-Rapca_Warszawa_Joteyki_12_wysoki_parter_schody_do_tylnego_wejscia-1-scaled.jpg\"><img loading=\"lazy\" decoding=\"async\" width=\"774\" height=\"1024\" data-id=\"26945\" src=\"http:\/\/lapidarium.fundacja-hereditas.pl\/wp-content\/uploads\/2024\/08\/E_Dziedziniewicz-Rapca_Warszawa_Joteyki_12_wysoki_parter_schody_do_tylnego_wejscia-1-774x1024.jpg\" alt=\"\" class=\"wp-image-26945\" srcset=\"http:\/\/lapidarium.fundacja-hereditas.pl\/wp-content\/uploads\/2024\/08\/E_Dziedziniewicz-Rapca_Warszawa_Joteyki_12_wysoki_parter_schody_do_tylnego_wejscia-1-774x1024.jpg 774w, http:\/\/lapidarium.fundacja-hereditas.pl\/wp-content\/uploads\/2024\/08\/E_Dziedziniewicz-Rapca_Warszawa_Joteyki_12_wysoki_parter_schody_do_tylnego_wejscia-1-227x300.jpg 227w, http:\/\/lapidarium.fundacja-hereditas.pl\/wp-content\/uploads\/2024\/08\/E_Dziedziniewicz-Rapca_Warszawa_Joteyki_12_wysoki_parter_schody_do_tylnego_wejscia-1-768x1015.jpg 768w, http:\/\/lapidarium.fundacja-hereditas.pl\/wp-content\/uploads\/2024\/08\/E_Dziedziniewicz-Rapca_Warszawa_Joteyki_12_wysoki_parter_schody_do_tylnego_wejscia-1-1162x1536.jpg 1162w, http:\/\/lapidarium.fundacja-hereditas.pl\/wp-content\/uploads\/2024\/08\/E_Dziedziniewicz-Rapca_Warszawa_Joteyki_12_wysoki_parter_schody_do_tylnego_wejscia-1-1549x2048.jpg 1549w, http:\/\/lapidarium.fundacja-hereditas.pl\/wp-content\/uploads\/2024\/08\/E_Dziedziniewicz-Rapca_Warszawa_Joteyki_12_wysoki_parter_schody_do_tylnego_wejscia-1-150x198.jpg 150w, http:\/\/lapidarium.fundacja-hereditas.pl\/wp-content\/uploads\/2024\/08\/E_Dziedziniewicz-Rapca_Warszawa_Joteyki_12_wysoki_parter_schody_do_tylnego_wejscia-1-300x397.jpg 300w, http:\/\/lapidarium.fundacja-hereditas.pl\/wp-content\/uploads\/2024\/08\/E_Dziedziniewicz-Rapca_Warszawa_Joteyki_12_wysoki_parter_schody_do_tylnego_wejscia-1-696x920.jpg 696w, http:\/\/lapidarium.fundacja-hereditas.pl\/wp-content\/uploads\/2024\/08\/E_Dziedziniewicz-Rapca_Warszawa_Joteyki_12_wysoki_parter_schody_do_tylnego_wejscia-1-1068x1412.jpg 1068w, http:\/\/lapidarium.fundacja-hereditas.pl\/wp-content\/uploads\/2024\/08\/E_Dziedziniewicz-Rapca_Warszawa_Joteyki_12_wysoki_parter_schody_do_tylnego_wejscia-1-1920x2539.jpg 1920w, http:\/\/lapidarium.fundacja-hereditas.pl\/wp-content\/uploads\/2024\/08\/E_Dziedziniewicz-Rapca_Warszawa_Joteyki_12_wysoki_parter_schody_do_tylnego_wejscia-1-scaled.jpg 1936w\" sizes=\"auto, (max-width: 774px) 100vw, 774px\" \/><\/a><figcaption class=\"wp-element-caption\">Wysoki parter. Widok ku wyj\u015bciu na podw\u00f3rze. Fot. Ewa Dziedziniewicz-R\u0105pca, 2023 r., \u017ar\u00f3d\u0142o: MWKZ.<\/figcaption><\/figure>\n\n\n\n<figure class=\"wp-block-image size-large\"><a href=\"http:\/\/lapidarium.fundacja-hereditas.pl\/wp-content\/uploads\/2024\/08\/E_Dziedziniewicz-Rapca_Warszawa_Joteyki_12_wysoki_parter_schody_na_gore_z_balustrada-1-scaled.jpg\"><img loading=\"lazy\" decoding=\"async\" width=\"779\" height=\"1024\" data-id=\"26947\" src=\"http:\/\/lapidarium.fundacja-hereditas.pl\/wp-content\/uploads\/2024\/08\/E_Dziedziniewicz-Rapca_Warszawa_Joteyki_12_wysoki_parter_schody_na_gore_z_balustrada-1-779x1024.jpg\" alt=\"\" class=\"wp-image-26947\" srcset=\"http:\/\/lapidarium.fundacja-hereditas.pl\/wp-content\/uploads\/2024\/08\/E_Dziedziniewicz-Rapca_Warszawa_Joteyki_12_wysoki_parter_schody_na_gore_z_balustrada-1-779x1024.jpg 779w, http:\/\/lapidarium.fundacja-hereditas.pl\/wp-content\/uploads\/2024\/08\/E_Dziedziniewicz-Rapca_Warszawa_Joteyki_12_wysoki_parter_schody_na_gore_z_balustrada-1-228x300.jpg 228w, http:\/\/lapidarium.fundacja-hereditas.pl\/wp-content\/uploads\/2024\/08\/E_Dziedziniewicz-Rapca_Warszawa_Joteyki_12_wysoki_parter_schody_na_gore_z_balustrada-1-768x1010.jpg 768w, http:\/\/lapidarium.fundacja-hereditas.pl\/wp-content\/uploads\/2024\/08\/E_Dziedziniewicz-Rapca_Warszawa_Joteyki_12_wysoki_parter_schody_na_gore_z_balustrada-1-1168x1536.jpg 1168w, http:\/\/lapidarium.fundacja-hereditas.pl\/wp-content\/uploads\/2024\/08\/E_Dziedziniewicz-Rapca_Warszawa_Joteyki_12_wysoki_parter_schody_na_gore_z_balustrada-1-1557x2048.jpg 1557w, http:\/\/lapidarium.fundacja-hereditas.pl\/wp-content\/uploads\/2024\/08\/E_Dziedziniewicz-Rapca_Warszawa_Joteyki_12_wysoki_parter_schody_na_gore_z_balustrada-1-150x197.jpg 150w, http:\/\/lapidarium.fundacja-hereditas.pl\/wp-content\/uploads\/2024\/08\/E_Dziedziniewicz-Rapca_Warszawa_Joteyki_12_wysoki_parter_schody_na_gore_z_balustrada-1-300x394.jpg 300w, http:\/\/lapidarium.fundacja-hereditas.pl\/wp-content\/uploads\/2024\/08\/E_Dziedziniewicz-Rapca_Warszawa_Joteyki_12_wysoki_parter_schody_na_gore_z_balustrada-1-696x915.jpg 696w, http:\/\/lapidarium.fundacja-hereditas.pl\/wp-content\/uploads\/2024\/08\/E_Dziedziniewicz-Rapca_Warszawa_Joteyki_12_wysoki_parter_schody_na_gore_z_balustrada-1-1068x1404.jpg 1068w, http:\/\/lapidarium.fundacja-hereditas.pl\/wp-content\/uploads\/2024\/08\/E_Dziedziniewicz-Rapca_Warszawa_Joteyki_12_wysoki_parter_schody_na_gore_z_balustrada-1-1920x2525.jpg 1920w, http:\/\/lapidarium.fundacja-hereditas.pl\/wp-content\/uploads\/2024\/08\/E_Dziedziniewicz-Rapca_Warszawa_Joteyki_12_wysoki_parter_schody_na_gore_z_balustrada-1-scaled.jpg 1947w\" sizes=\"auto, (max-width: 779px) 100vw, 779px\" \/><\/a><figcaption class=\"wp-element-caption\">Wysoki parter. Widok ku wyj\u015bciu na podw\u00f3rze. Fot. Ewa Dziedziniewicz-R\u0105pca, 2023 r., \u017ar\u00f3d\u0142o: MWKZ.<\/figcaption><\/figure>\n\n\n\n<figure class=\"wp-block-image size-large\"><a href=\"http:\/\/lapidarium.fundacja-hereditas.pl\/wp-content\/uploads\/2024\/08\/E_Dziedziniewicz-Rapca_Warszawa_Joteyki_12_parter_schody-1-scaled.jpg\"><img loading=\"lazy\" decoding=\"async\" width=\"733\" height=\"1024\" data-id=\"26915\" src=\"http:\/\/lapidarium.fundacja-hereditas.pl\/wp-content\/uploads\/2024\/08\/E_Dziedziniewicz-Rapca_Warszawa_Joteyki_12_parter_schody-1-733x1024.jpg\" alt=\"\" class=\"wp-image-26915\" srcset=\"http:\/\/lapidarium.fundacja-hereditas.pl\/wp-content\/uploads\/2024\/08\/E_Dziedziniewicz-Rapca_Warszawa_Joteyki_12_parter_schody-1-733x1024.jpg 733w, http:\/\/lapidarium.fundacja-hereditas.pl\/wp-content\/uploads\/2024\/08\/E_Dziedziniewicz-Rapca_Warszawa_Joteyki_12_parter_schody-1-215x300.jpg 215w, http:\/\/lapidarium.fundacja-hereditas.pl\/wp-content\/uploads\/2024\/08\/E_Dziedziniewicz-Rapca_Warszawa_Joteyki_12_parter_schody-1-768x1073.jpg 768w, http:\/\/lapidarium.fundacja-hereditas.pl\/wp-content\/uploads\/2024\/08\/E_Dziedziniewicz-Rapca_Warszawa_Joteyki_12_parter_schody-1-1099x1536.jpg 1099w, http:\/\/lapidarium.fundacja-hereditas.pl\/wp-content\/uploads\/2024\/08\/E_Dziedziniewicz-Rapca_Warszawa_Joteyki_12_parter_schody-1-1466x2048.jpg 1466w, http:\/\/lapidarium.fundacja-hereditas.pl\/wp-content\/uploads\/2024\/08\/E_Dziedziniewicz-Rapca_Warszawa_Joteyki_12_parter_schody-1-150x210.jpg 150w, http:\/\/lapidarium.fundacja-hereditas.pl\/wp-content\/uploads\/2024\/08\/E_Dziedziniewicz-Rapca_Warszawa_Joteyki_12_parter_schody-1-300x419.jpg 300w, http:\/\/lapidarium.fundacja-hereditas.pl\/wp-content\/uploads\/2024\/08\/E_Dziedziniewicz-Rapca_Warszawa_Joteyki_12_parter_schody-1-696x973.jpg 696w, http:\/\/lapidarium.fundacja-hereditas.pl\/wp-content\/uploads\/2024\/08\/E_Dziedziniewicz-Rapca_Warszawa_Joteyki_12_parter_schody-1-1068x1492.jpg 1068w, http:\/\/lapidarium.fundacja-hereditas.pl\/wp-content\/uploads\/2024\/08\/E_Dziedziniewicz-Rapca_Warszawa_Joteyki_12_parter_schody-1-1920x2683.jpg 1920w, http:\/\/lapidarium.fundacja-hereditas.pl\/wp-content\/uploads\/2024\/08\/E_Dziedziniewicz-Rapca_Warszawa_Joteyki_12_parter_schody-1-scaled.jpg 1832w\" sizes=\"auto, (max-width: 733px) 100vw, 733px\" \/><\/a><figcaption class=\"wp-element-caption\">Hall na parterze. Widok ku drzwiom na podw\u00f3rko. Fot. Ewa Dziedziniewicz-R\u0105pca, 2023 r., \u017ar\u00f3d\u0142o: MWKZ.<\/figcaption><\/figure>\n\n\n\n<figure class=\"wp-block-image size-large\"><a href=\"http:\/\/lapidarium.fundacja-hereditas.pl\/wp-content\/uploads\/2024\/08\/E_Dziedziniewicz-Rapca_Warszawa_Joteyki_12_pierwsze_pietro_polpietro-1-scaled.jpg\"><img loading=\"lazy\" decoding=\"async\" width=\"763\" height=\"1024\" data-id=\"26925\" src=\"http:\/\/lapidarium.fundacja-hereditas.pl\/wp-content\/uploads\/2024\/08\/E_Dziedziniewicz-Rapca_Warszawa_Joteyki_12_pierwsze_pietro_polpietro-1-763x1024.jpg\" alt=\"\" class=\"wp-image-26925\" srcset=\"http:\/\/lapidarium.fundacja-hereditas.pl\/wp-content\/uploads\/2024\/08\/E_Dziedziniewicz-Rapca_Warszawa_Joteyki_12_pierwsze_pietro_polpietro-1-763x1024.jpg 763w, http:\/\/lapidarium.fundacja-hereditas.pl\/wp-content\/uploads\/2024\/08\/E_Dziedziniewicz-Rapca_Warszawa_Joteyki_12_pierwsze_pietro_polpietro-1-224x300.jpg 224w, http:\/\/lapidarium.fundacja-hereditas.pl\/wp-content\/uploads\/2024\/08\/E_Dziedziniewicz-Rapca_Warszawa_Joteyki_12_pierwsze_pietro_polpietro-1-768x1030.jpg 768w, http:\/\/lapidarium.fundacja-hereditas.pl\/wp-content\/uploads\/2024\/08\/E_Dziedziniewicz-Rapca_Warszawa_Joteyki_12_pierwsze_pietro_polpietro-1-1145x1536.jpg 1145w, http:\/\/lapidarium.fundacja-hereditas.pl\/wp-content\/uploads\/2024\/08\/E_Dziedziniewicz-Rapca_Warszawa_Joteyki_12_pierwsze_pietro_polpietro-1-1527x2048.jpg 1527w, http:\/\/lapidarium.fundacja-hereditas.pl\/wp-content\/uploads\/2024\/08\/E_Dziedziniewicz-Rapca_Warszawa_Joteyki_12_pierwsze_pietro_polpietro-1-150x201.jpg 150w, http:\/\/lapidarium.fundacja-hereditas.pl\/wp-content\/uploads\/2024\/08\/E_Dziedziniewicz-Rapca_Warszawa_Joteyki_12_pierwsze_pietro_polpietro-1-300x402.jpg 300w, http:\/\/lapidarium.fundacja-hereditas.pl\/wp-content\/uploads\/2024\/08\/E_Dziedziniewicz-Rapca_Warszawa_Joteyki_12_pierwsze_pietro_polpietro-1-696x934.jpg 696w, http:\/\/lapidarium.fundacja-hereditas.pl\/wp-content\/uploads\/2024\/08\/E_Dziedziniewicz-Rapca_Warszawa_Joteyki_12_pierwsze_pietro_polpietro-1-1068x1433.jpg 1068w, http:\/\/lapidarium.fundacja-hereditas.pl\/wp-content\/uploads\/2024\/08\/E_Dziedziniewicz-Rapca_Warszawa_Joteyki_12_pierwsze_pietro_polpietro-1-1920x2576.jpg 1920w, http:\/\/lapidarium.fundacja-hereditas.pl\/wp-content\/uploads\/2024\/08\/E_Dziedziniewicz-Rapca_Warszawa_Joteyki_12_pierwsze_pietro_polpietro-1-scaled.jpg 1908w\" sizes=\"auto, (max-width: 763px) 100vw, 763px\" \/><\/a><figcaption class=\"wp-element-caption\">Widok z pi\u0119tra na spocznik. Fot. Ewa Dziedziniewicz-R\u0105pca, 2023 r., \u017ar\u00f3d\u0142o: MWKZ.<\/figcaption><\/figure>\n\n\n\n<figure class=\"wp-block-image size-large\"><a href=\"http:\/\/lapidarium.fundacja-hereditas.pl\/wp-content\/uploads\/2024\/08\/E_Dziedziniewicz-Rapca_Warszawa_Joteyki_12_polpietro_balustrada-1-scaled.jpg\"><img loading=\"lazy\" decoding=\"async\" width=\"777\" height=\"1024\" data-id=\"26934\" src=\"http:\/\/lapidarium.fundacja-hereditas.pl\/wp-content\/uploads\/2024\/08\/E_Dziedziniewicz-Rapca_Warszawa_Joteyki_12_polpietro_balustrada-1-777x1024.jpg\" alt=\"\" class=\"wp-image-26934\" srcset=\"http:\/\/lapidarium.fundacja-hereditas.pl\/wp-content\/uploads\/2024\/08\/E_Dziedziniewicz-Rapca_Warszawa_Joteyki_12_polpietro_balustrada-1-777x1024.jpg 777w, http:\/\/lapidarium.fundacja-hereditas.pl\/wp-content\/uploads\/2024\/08\/E_Dziedziniewicz-Rapca_Warszawa_Joteyki_12_polpietro_balustrada-1-228x300.jpg 228w, http:\/\/lapidarium.fundacja-hereditas.pl\/wp-content\/uploads\/2024\/08\/E_Dziedziniewicz-Rapca_Warszawa_Joteyki_12_polpietro_balustrada-1-768x1012.jpg 768w, http:\/\/lapidarium.fundacja-hereditas.pl\/wp-content\/uploads\/2024\/08\/E_Dziedziniewicz-Rapca_Warszawa_Joteyki_12_polpietro_balustrada-1-1166x1536.jpg 1166w, http:\/\/lapidarium.fundacja-hereditas.pl\/wp-content\/uploads\/2024\/08\/E_Dziedziniewicz-Rapca_Warszawa_Joteyki_12_polpietro_balustrada-1-1555x2048.jpg 1555w, http:\/\/lapidarium.fundacja-hereditas.pl\/wp-content\/uploads\/2024\/08\/E_Dziedziniewicz-Rapca_Warszawa_Joteyki_12_polpietro_balustrada-1-150x198.jpg 150w, http:\/\/lapidarium.fundacja-hereditas.pl\/wp-content\/uploads\/2024\/08\/E_Dziedziniewicz-Rapca_Warszawa_Joteyki_12_polpietro_balustrada-1-300x395.jpg 300w, http:\/\/lapidarium.fundacja-hereditas.pl\/wp-content\/uploads\/2024\/08\/E_Dziedziniewicz-Rapca_Warszawa_Joteyki_12_polpietro_balustrada-1-696x917.jpg 696w, http:\/\/lapidarium.fundacja-hereditas.pl\/wp-content\/uploads\/2024\/08\/E_Dziedziniewicz-Rapca_Warszawa_Joteyki_12_polpietro_balustrada-1-1068x1407.jpg 1068w, http:\/\/lapidarium.fundacja-hereditas.pl\/wp-content\/uploads\/2024\/08\/E_Dziedziniewicz-Rapca_Warszawa_Joteyki_12_polpietro_balustrada-1-1920x2529.jpg 1920w, http:\/\/lapidarium.fundacja-hereditas.pl\/wp-content\/uploads\/2024\/08\/E_Dziedziniewicz-Rapca_Warszawa_Joteyki_12_polpietro_balustrada-1-scaled.jpg 1943w\" sizes=\"auto, (max-width: 777px) 100vw, 777px\" \/><\/a><figcaption class=\"wp-element-caption\">Widok na spocznik. Balustrada. Fot. Ewa Dziedziniewicz-R\u0105pca, 2023 r., \u017ar\u00f3d\u0142o: MWKZ.<\/figcaption><\/figure>\n\n\n\n<figure class=\"wp-block-image size-large\"><a href=\"http:\/\/lapidarium.fundacja-hereditas.pl\/wp-content\/uploads\/2024\/08\/E_Dziedziniewicz-Rapca_Warszawa_Joteyki_12_polpietro_parapet-1-scaled.jpg\"><img loading=\"lazy\" decoding=\"async\" width=\"1024\" height=\"765\" data-id=\"26935\" src=\"http:\/\/lapidarium.fundacja-hereditas.pl\/wp-content\/uploads\/2024\/08\/E_Dziedziniewicz-Rapca_Warszawa_Joteyki_12_polpietro_parapet-1-1024x765.jpg\" alt=\"\" class=\"wp-image-26935\" srcset=\"http:\/\/lapidarium.fundacja-hereditas.pl\/wp-content\/uploads\/2024\/08\/E_Dziedziniewicz-Rapca_Warszawa_Joteyki_12_polpietro_parapet-1-1024x765.jpg 1024w, http:\/\/lapidarium.fundacja-hereditas.pl\/wp-content\/uploads\/2024\/08\/E_Dziedziniewicz-Rapca_Warszawa_Joteyki_12_polpietro_parapet-1-300x224.jpg 300w, http:\/\/lapidarium.fundacja-hereditas.pl\/wp-content\/uploads\/2024\/08\/E_Dziedziniewicz-Rapca_Warszawa_Joteyki_12_polpietro_parapet-1-768x574.jpg 768w, http:\/\/lapidarium.fundacja-hereditas.pl\/wp-content\/uploads\/2024\/08\/E_Dziedziniewicz-Rapca_Warszawa_Joteyki_12_polpietro_parapet-1-1536x1147.jpg 1536w, http:\/\/lapidarium.fundacja-hereditas.pl\/wp-content\/uploads\/2024\/08\/E_Dziedziniewicz-Rapca_Warszawa_Joteyki_12_polpietro_parapet-1-2048x1530.jpg 2048w, http:\/\/lapidarium.fundacja-hereditas.pl\/wp-content\/uploads\/2024\/08\/E_Dziedziniewicz-Rapca_Warszawa_Joteyki_12_polpietro_parapet-1-150x112.jpg 150w, http:\/\/lapidarium.fundacja-hereditas.pl\/wp-content\/uploads\/2024\/08\/E_Dziedziniewicz-Rapca_Warszawa_Joteyki_12_polpietro_parapet-1-696x520.jpg 696w, http:\/\/lapidarium.fundacja-hereditas.pl\/wp-content\/uploads\/2024\/08\/E_Dziedziniewicz-Rapca_Warszawa_Joteyki_12_polpietro_parapet-1-1068x798.jpg 1068w, http:\/\/lapidarium.fundacja-hereditas.pl\/wp-content\/uploads\/2024\/08\/E_Dziedziniewicz-Rapca_Warszawa_Joteyki_12_polpietro_parapet-1-1920x1434.jpg 1920w\" sizes=\"auto, (max-width: 1024px) 100vw, 1024px\" \/><\/a><figcaption class=\"wp-element-caption\">Parapet z czarnego lastrico przy spoczniku. Fot. Ewa Dziedziniewicz-R\u0105pca, 2023 r., \u017ar\u00f3d\u0142o: MWKZ.<\/figcaption><\/figure>\n\n\n\n<figure class=\"wp-block-image size-large\"><a href=\"http:\/\/lapidarium.fundacja-hereditas.pl\/wp-content\/uploads\/2024\/08\/E_Dziedziniewicz-Rapca_Warszawa_Joteyki_12_polpietro_posadzka-1-scaled.jpg\"><img loading=\"lazy\" decoding=\"async\" width=\"1024\" height=\"761\" data-id=\"26936\" src=\"http:\/\/lapidarium.fundacja-hereditas.pl\/wp-content\/uploads\/2024\/08\/E_Dziedziniewicz-Rapca_Warszawa_Joteyki_12_polpietro_posadzka-1-1024x761.jpg\" alt=\"\" class=\"wp-image-26936\" srcset=\"http:\/\/lapidarium.fundacja-hereditas.pl\/wp-content\/uploads\/2024\/08\/E_Dziedziniewicz-Rapca_Warszawa_Joteyki_12_polpietro_posadzka-1-1024x761.jpg 1024w, http:\/\/lapidarium.fundacja-hereditas.pl\/wp-content\/uploads\/2024\/08\/E_Dziedziniewicz-Rapca_Warszawa_Joteyki_12_polpietro_posadzka-1-300x223.jpg 300w, http:\/\/lapidarium.fundacja-hereditas.pl\/wp-content\/uploads\/2024\/08\/E_Dziedziniewicz-Rapca_Warszawa_Joteyki_12_polpietro_posadzka-1-768x571.jpg 768w, http:\/\/lapidarium.fundacja-hereditas.pl\/wp-content\/uploads\/2024\/08\/E_Dziedziniewicz-Rapca_Warszawa_Joteyki_12_polpietro_posadzka-1-1536x1141.jpg 1536w, http:\/\/lapidarium.fundacja-hereditas.pl\/wp-content\/uploads\/2024\/08\/E_Dziedziniewicz-Rapca_Warszawa_Joteyki_12_polpietro_posadzka-1-2048x1521.jpg 2048w, http:\/\/lapidarium.fundacja-hereditas.pl\/wp-content\/uploads\/2024\/08\/E_Dziedziniewicz-Rapca_Warszawa_Joteyki_12_polpietro_posadzka-1-150x111.jpg 150w, http:\/\/lapidarium.fundacja-hereditas.pl\/wp-content\/uploads\/2024\/08\/E_Dziedziniewicz-Rapca_Warszawa_Joteyki_12_polpietro_posadzka-1-485x360.jpg 485w, http:\/\/lapidarium.fundacja-hereditas.pl\/wp-content\/uploads\/2024\/08\/E_Dziedziniewicz-Rapca_Warszawa_Joteyki_12_polpietro_posadzka-1-696x517.jpg 696w, http:\/\/lapidarium.fundacja-hereditas.pl\/wp-content\/uploads\/2024\/08\/E_Dziedziniewicz-Rapca_Warszawa_Joteyki_12_polpietro_posadzka-1-1068x793.jpg 1068w, http:\/\/lapidarium.fundacja-hereditas.pl\/wp-content\/uploads\/2024\/08\/E_Dziedziniewicz-Rapca_Warszawa_Joteyki_12_polpietro_posadzka-1-1920x1426.jpg 1920w\" sizes=\"auto, (max-width: 1024px) 100vw, 1024px\" \/><\/a><figcaption class=\"wp-element-caption\">Posadzka spoczika. Fot. Ewa Dziedziniewicz-R\u0105pca, 2023 r., \u017ar\u00f3d\u0142o: MWKZ.<\/figcaption><\/figure>\n\n\n\n<figure class=\"wp-block-image size-large\"><a href=\"http:\/\/lapidarium.fundacja-hereditas.pl\/wp-content\/uploads\/2024\/08\/E_Dziedziniewicz-Rapca_Warszawa_Joteyki_12_polpietro_A-1-scaled.jpg\"><img loading=\"lazy\" decoding=\"async\" width=\"779\" height=\"1024\" data-id=\"26933\" src=\"http:\/\/lapidarium.fundacja-hereditas.pl\/wp-content\/uploads\/2024\/08\/E_Dziedziniewicz-Rapca_Warszawa_Joteyki_12_polpietro_A-1-779x1024.jpg\" alt=\"\" class=\"wp-image-26933\" srcset=\"http:\/\/lapidarium.fundacja-hereditas.pl\/wp-content\/uploads\/2024\/08\/E_Dziedziniewicz-Rapca_Warszawa_Joteyki_12_polpietro_A-1-779x1024.jpg 779w, http:\/\/lapidarium.fundacja-hereditas.pl\/wp-content\/uploads\/2024\/08\/E_Dziedziniewicz-Rapca_Warszawa_Joteyki_12_polpietro_A-1-228x300.jpg 228w, http:\/\/lapidarium.fundacja-hereditas.pl\/wp-content\/uploads\/2024\/08\/E_Dziedziniewicz-Rapca_Warszawa_Joteyki_12_polpietro_A-1-768x1010.jpg 768w, http:\/\/lapidarium.fundacja-hereditas.pl\/wp-content\/uploads\/2024\/08\/E_Dziedziniewicz-Rapca_Warszawa_Joteyki_12_polpietro_A-1-1168x1536.jpg 1168w, http:\/\/lapidarium.fundacja-hereditas.pl\/wp-content\/uploads\/2024\/08\/E_Dziedziniewicz-Rapca_Warszawa_Joteyki_12_polpietro_A-1-1557x2048.jpg 1557w, http:\/\/lapidarium.fundacja-hereditas.pl\/wp-content\/uploads\/2024\/08\/E_Dziedziniewicz-Rapca_Warszawa_Joteyki_12_polpietro_A-1-150x197.jpg 150w, http:\/\/lapidarium.fundacja-hereditas.pl\/wp-content\/uploads\/2024\/08\/E_Dziedziniewicz-Rapca_Warszawa_Joteyki_12_polpietro_A-1-300x394.jpg 300w, http:\/\/lapidarium.fundacja-hereditas.pl\/wp-content\/uploads\/2024\/08\/E_Dziedziniewicz-Rapca_Warszawa_Joteyki_12_polpietro_A-1-696x915.jpg 696w, http:\/\/lapidarium.fundacja-hereditas.pl\/wp-content\/uploads\/2024\/08\/E_Dziedziniewicz-Rapca_Warszawa_Joteyki_12_polpietro_A-1-1068x1404.jpg 1068w, http:\/\/lapidarium.fundacja-hereditas.pl\/wp-content\/uploads\/2024\/08\/E_Dziedziniewicz-Rapca_Warszawa_Joteyki_12_polpietro_A-1-1920x2525.jpg 1920w, http:\/\/lapidarium.fundacja-hereditas.pl\/wp-content\/uploads\/2024\/08\/E_Dziedziniewicz-Rapca_Warszawa_Joteyki_12_polpietro_A-1-scaled.jpg 1947w\" sizes=\"auto, (max-width: 779px) 100vw, 779px\" \/><\/a><figcaption class=\"wp-element-caption\">Widok na spocznik. Balustrada. Fot. Ewa Dziedziniewicz-R\u0105pca, 2023 r., \u017ar\u00f3d\u0142o: MWKZ.<\/figcaption><\/figure>\n\n\n\n<figure class=\"wp-block-image size-large\"><a href=\"http:\/\/lapidarium.fundacja-hereditas.pl\/wp-content\/uploads\/2024\/08\/E_Dziedziniewicz-Rapca_Warszawa_Joteyki_12_pierwsze_pietro_polpietro_schody_na_drugie-1-scaled.jpg\"><img loading=\"lazy\" decoding=\"async\" width=\"2560\" height=\"1919\" data-id=\"26930\" src=\"http:\/\/lapidarium.fundacja-hereditas.pl\/wp-content\/uploads\/2024\/08\/E_Dziedziniewicz-Rapca_Warszawa_Joteyki_12_pierwsze_pietro_polpietro_schody_na_drugie-1-scaled.jpg\" alt=\"\" class=\"wp-image-26930\"\/><\/a><figcaption class=\"wp-element-caption\">Widok ze spocznika pi\u0119tro. Zakr\u0119t balustrady. Fot. Ewa Dziedziniewicz-R\u0105pca, 2023 r., \u017ar\u00f3d\u0142o: MWKZ.<\/figcaption><\/figure>\n\n\n\n<figure class=\"wp-block-image size-large\"><a href=\"http:\/\/lapidarium.fundacja-hereditas.pl\/wp-content\/uploads\/2024\/08\/E_Dziedziniewicz-Rapca_Warszawa_Joteyki_12_pierwsze_pietro_balustrada-1-scaled.jpg\"><img loading=\"lazy\" decoding=\"async\" width=\"1024\" height=\"813\" data-id=\"26924\" src=\"http:\/\/lapidarium.fundacja-hereditas.pl\/wp-content\/uploads\/2024\/08\/E_Dziedziniewicz-Rapca_Warszawa_Joteyki_12_pierwsze_pietro_balustrada-1-1024x813.jpg\" alt=\"\" class=\"wp-image-26924\" srcset=\"http:\/\/lapidarium.fundacja-hereditas.pl\/wp-content\/uploads\/2024\/08\/E_Dziedziniewicz-Rapca_Warszawa_Joteyki_12_pierwsze_pietro_balustrada-1-1024x813.jpg 1024w, http:\/\/lapidarium.fundacja-hereditas.pl\/wp-content\/uploads\/2024\/08\/E_Dziedziniewicz-Rapca_Warszawa_Joteyki_12_pierwsze_pietro_balustrada-1-300x238.jpg 300w, http:\/\/lapidarium.fundacja-hereditas.pl\/wp-content\/uploads\/2024\/08\/E_Dziedziniewicz-Rapca_Warszawa_Joteyki_12_pierwsze_pietro_balustrada-1-768x609.jpg 768w, http:\/\/lapidarium.fundacja-hereditas.pl\/wp-content\/uploads\/2024\/08\/E_Dziedziniewicz-Rapca_Warszawa_Joteyki_12_pierwsze_pietro_balustrada-1-1536x1219.jpg 1536w, http:\/\/lapidarium.fundacja-hereditas.pl\/wp-content\/uploads\/2024\/08\/E_Dziedziniewicz-Rapca_Warszawa_Joteyki_12_pierwsze_pietro_balustrada-1-2048x1625.jpg 2048w, http:\/\/lapidarium.fundacja-hereditas.pl\/wp-content\/uploads\/2024\/08\/E_Dziedziniewicz-Rapca_Warszawa_Joteyki_12_pierwsze_pietro_balustrada-1-150x119.jpg 150w, http:\/\/lapidarium.fundacja-hereditas.pl\/wp-content\/uploads\/2024\/08\/E_Dziedziniewicz-Rapca_Warszawa_Joteyki_12_pierwsze_pietro_balustrada-1-696x552.jpg 696w, http:\/\/lapidarium.fundacja-hereditas.pl\/wp-content\/uploads\/2024\/08\/E_Dziedziniewicz-Rapca_Warszawa_Joteyki_12_pierwsze_pietro_balustrada-1-1068x847.jpg 1068w, http:\/\/lapidarium.fundacja-hereditas.pl\/wp-content\/uploads\/2024\/08\/E_Dziedziniewicz-Rapca_Warszawa_Joteyki_12_pierwsze_pietro_balustrada-1-1920x1523.jpg 1920w\" sizes=\"auto, (max-width: 1024px) 100vw, 1024px\" \/><\/a><figcaption class=\"wp-element-caption\">Widok ze schod\u00f3w na pi\u0119tro. Fot. Ewa Dziedziniewicz-R\u0105pca, 2023 r., \u017ar\u00f3d\u0142o: MWKZ.<\/figcaption><\/figure>\n\n\n\n<figure class=\"wp-block-image size-large\"><a href=\"http:\/\/lapidarium.fundacja-hereditas.pl\/wp-content\/uploads\/2024\/08\/E_Dziedziniewicz-Rapca_Warszawa_Joteyki_12_pierwsze_pietro-1-scaled.jpg\"><img loading=\"lazy\" decoding=\"async\" width=\"1024\" height=\"773\" data-id=\"26923\" src=\"http:\/\/lapidarium.fundacja-hereditas.pl\/wp-content\/uploads\/2024\/08\/E_Dziedziniewicz-Rapca_Warszawa_Joteyki_12_pierwsze_pietro-1-1024x773.jpg\" alt=\"\" class=\"wp-image-26923\" srcset=\"http:\/\/lapidarium.fundacja-hereditas.pl\/wp-content\/uploads\/2024\/08\/E_Dziedziniewicz-Rapca_Warszawa_Joteyki_12_pierwsze_pietro-1-1024x773.jpg 1024w, http:\/\/lapidarium.fundacja-hereditas.pl\/wp-content\/uploads\/2024\/08\/E_Dziedziniewicz-Rapca_Warszawa_Joteyki_12_pierwsze_pietro-1-300x226.jpg 300w, http:\/\/lapidarium.fundacja-hereditas.pl\/wp-content\/uploads\/2024\/08\/E_Dziedziniewicz-Rapca_Warszawa_Joteyki_12_pierwsze_pietro-1-768x580.jpg 768w, http:\/\/lapidarium.fundacja-hereditas.pl\/wp-content\/uploads\/2024\/08\/E_Dziedziniewicz-Rapca_Warszawa_Joteyki_12_pierwsze_pietro-1-1536x1159.jpg 1536w, http:\/\/lapidarium.fundacja-hereditas.pl\/wp-content\/uploads\/2024\/08\/E_Dziedziniewicz-Rapca_Warszawa_Joteyki_12_pierwsze_pietro-1-2048x1546.jpg 2048w, http:\/\/lapidarium.fundacja-hereditas.pl\/wp-content\/uploads\/2024\/08\/E_Dziedziniewicz-Rapca_Warszawa_Joteyki_12_pierwsze_pietro-1-150x113.jpg 150w, http:\/\/lapidarium.fundacja-hereditas.pl\/wp-content\/uploads\/2024\/08\/E_Dziedziniewicz-Rapca_Warszawa_Joteyki_12_pierwsze_pietro-1-696x525.jpg 696w, http:\/\/lapidarium.fundacja-hereditas.pl\/wp-content\/uploads\/2024\/08\/E_Dziedziniewicz-Rapca_Warszawa_Joteyki_12_pierwsze_pietro-1-1068x806.jpg 1068w, http:\/\/lapidarium.fundacja-hereditas.pl\/wp-content\/uploads\/2024\/08\/E_Dziedziniewicz-Rapca_Warszawa_Joteyki_12_pierwsze_pietro-1-1920x1449.jpg 1920w\" sizes=\"auto, (max-width: 1024px) 100vw, 1024px\" \/><\/a><figcaption class=\"wp-element-caption\">Widok ze schod\u00f3w na pi\u0119tro. Fot. Ewa Dziedziniewicz-R\u0105pca, 2023 r., \u017ar\u00f3d\u0142o: MWKZ.<\/figcaption><\/figure>\n\n\n\n<figure class=\"wp-block-image size-large\"><a href=\"http:\/\/lapidarium.fundacja-hereditas.pl\/wp-content\/uploads\/2024\/08\/E_Dziedziniewicz-Rapca_Warszawa_Joteyki_12_pierwsze_pietro_schody_w_gore-1-scaled.jpg\"><img loading=\"lazy\" decoding=\"async\" width=\"1024\" height=\"740\" data-id=\"26931\" src=\"http:\/\/lapidarium.fundacja-hereditas.pl\/wp-content\/uploads\/2024\/08\/E_Dziedziniewicz-Rapca_Warszawa_Joteyki_12_pierwsze_pietro_schody_w_gore-1-1024x740.jpg\" alt=\"\" class=\"wp-image-26931\" srcset=\"http:\/\/lapidarium.fundacja-hereditas.pl\/wp-content\/uploads\/2024\/08\/E_Dziedziniewicz-Rapca_Warszawa_Joteyki_12_pierwsze_pietro_schody_w_gore-1-1024x740.jpg 1024w, http:\/\/lapidarium.fundacja-hereditas.pl\/wp-content\/uploads\/2024\/08\/E_Dziedziniewicz-Rapca_Warszawa_Joteyki_12_pierwsze_pietro_schody_w_gore-1-300x217.jpg 300w, http:\/\/lapidarium.fundacja-hereditas.pl\/wp-content\/uploads\/2024\/08\/E_Dziedziniewicz-Rapca_Warszawa_Joteyki_12_pierwsze_pietro_schody_w_gore-1-768x555.jpg 768w, http:\/\/lapidarium.fundacja-hereditas.pl\/wp-content\/uploads\/2024\/08\/E_Dziedziniewicz-Rapca_Warszawa_Joteyki_12_pierwsze_pietro_schody_w_gore-1-1536x1109.jpg 1536w, http:\/\/lapidarium.fundacja-hereditas.pl\/wp-content\/uploads\/2024\/08\/E_Dziedziniewicz-Rapca_Warszawa_Joteyki_12_pierwsze_pietro_schody_w_gore-1-2048x1479.jpg 2048w, http:\/\/lapidarium.fundacja-hereditas.pl\/wp-content\/uploads\/2024\/08\/E_Dziedziniewicz-Rapca_Warszawa_Joteyki_12_pierwsze_pietro_schody_w_gore-1-150x108.jpg 150w, http:\/\/lapidarium.fundacja-hereditas.pl\/wp-content\/uploads\/2024\/08\/E_Dziedziniewicz-Rapca_Warszawa_Joteyki_12_pierwsze_pietro_schody_w_gore-1-696x503.jpg 696w, http:\/\/lapidarium.fundacja-hereditas.pl\/wp-content\/uploads\/2024\/08\/E_Dziedziniewicz-Rapca_Warszawa_Joteyki_12_pierwsze_pietro_schody_w_gore-1-1068x771.jpg 1068w, http:\/\/lapidarium.fundacja-hereditas.pl\/wp-content\/uploads\/2024\/08\/E_Dziedziniewicz-Rapca_Warszawa_Joteyki_12_pierwsze_pietro_schody_w_gore-1-1920x1387.jpg 1920w\" sizes=\"auto, (max-width: 1024px) 100vw, 1024px\" \/><\/a><figcaption class=\"wp-element-caption\">Zakr\u0119t balustrady na pi\u0119trze. Fot. Ewa Dziedziniewicz-R\u0105pca, 2023 r., \u017ar\u00f3d\u0142o: MWKZ.<\/figcaption><\/figure>\n\n\n\n<figure class=\"wp-block-image size-large\"><a href=\"http:\/\/lapidarium.fundacja-hereditas.pl\/wp-content\/uploads\/2024\/08\/E_Dziedziniewicz-Rapca_Warszawa_Joteyki_12_pierwsze_pietro_polpietro_posadzka-1-scaled.jpg\"><img loading=\"lazy\" decoding=\"async\" width=\"1024\" height=\"767\" data-id=\"26927\" src=\"http:\/\/lapidarium.fundacja-hereditas.pl\/wp-content\/uploads\/2024\/08\/E_Dziedziniewicz-Rapca_Warszawa_Joteyki_12_pierwsze_pietro_polpietro_posadzka-1-1024x767.jpg\" alt=\"\" class=\"wp-image-26927\" srcset=\"http:\/\/lapidarium.fundacja-hereditas.pl\/wp-content\/uploads\/2024\/08\/E_Dziedziniewicz-Rapca_Warszawa_Joteyki_12_pierwsze_pietro_polpietro_posadzka-1-1024x767.jpg 1024w, http:\/\/lapidarium.fundacja-hereditas.pl\/wp-content\/uploads\/2024\/08\/E_Dziedziniewicz-Rapca_Warszawa_Joteyki_12_pierwsze_pietro_polpietro_posadzka-1-300x225.jpg 300w, http:\/\/lapidarium.fundacja-hereditas.pl\/wp-content\/uploads\/2024\/08\/E_Dziedziniewicz-Rapca_Warszawa_Joteyki_12_pierwsze_pietro_polpietro_posadzka-1-768x575.jpg 768w, http:\/\/lapidarium.fundacja-hereditas.pl\/wp-content\/uploads\/2024\/08\/E_Dziedziniewicz-Rapca_Warszawa_Joteyki_12_pierwsze_pietro_polpietro_posadzka-1-1536x1150.jpg 1536w, http:\/\/lapidarium.fundacja-hereditas.pl\/wp-content\/uploads\/2024\/08\/E_Dziedziniewicz-Rapca_Warszawa_Joteyki_12_pierwsze_pietro_polpietro_posadzka-1-2048x1533.jpg 2048w, http:\/\/lapidarium.fundacja-hereditas.pl\/wp-content\/uploads\/2024\/08\/E_Dziedziniewicz-Rapca_Warszawa_Joteyki_12_pierwsze_pietro_polpietro_posadzka-1-150x112.jpg 150w, http:\/\/lapidarium.fundacja-hereditas.pl\/wp-content\/uploads\/2024\/08\/E_Dziedziniewicz-Rapca_Warszawa_Joteyki_12_pierwsze_pietro_polpietro_posadzka-1-696x521.jpg 696w, http:\/\/lapidarium.fundacja-hereditas.pl\/wp-content\/uploads\/2024\/08\/E_Dziedziniewicz-Rapca_Warszawa_Joteyki_12_pierwsze_pietro_polpietro_posadzka-1-1068x799.jpg 1068w, http:\/\/lapidarium.fundacja-hereditas.pl\/wp-content\/uploads\/2024\/08\/E_Dziedziniewicz-Rapca_Warszawa_Joteyki_12_pierwsze_pietro_polpietro_posadzka-1-1920x1437.jpg 1920w\" sizes=\"auto, (max-width: 1024px) 100vw, 1024px\" \/><\/a><figcaption class=\"wp-element-caption\">Widok na spocznik. Fot. Ewa Dziedziniewicz-R\u0105pca, 2023 r., \u017ar\u00f3d\u0142o: MWKZ.<\/figcaption><\/figure>\n\n\n\n<figure class=\"wp-block-image size-large\"><a href=\"http:\/\/lapidarium.fundacja-hereditas.pl\/wp-content\/uploads\/2024\/08\/E_Dziedziniewicz-Rapca_Warszawa_Joteyki_12_pierwsze_pietro_z_gory-1-scaled.jpg\"><img loading=\"lazy\" decoding=\"async\" width=\"741\" height=\"1024\" data-id=\"26932\" src=\"http:\/\/lapidarium.fundacja-hereditas.pl\/wp-content\/uploads\/2024\/08\/E_Dziedziniewicz-Rapca_Warszawa_Joteyki_12_pierwsze_pietro_z_gory-1-741x1024.jpg\" alt=\"\" class=\"wp-image-26932\" srcset=\"http:\/\/lapidarium.fundacja-hereditas.pl\/wp-content\/uploads\/2024\/08\/E_Dziedziniewicz-Rapca_Warszawa_Joteyki_12_pierwsze_pietro_z_gory-1-741x1024.jpg 741w, http:\/\/lapidarium.fundacja-hereditas.pl\/wp-content\/uploads\/2024\/08\/E_Dziedziniewicz-Rapca_Warszawa_Joteyki_12_pierwsze_pietro_z_gory-1-217x300.jpg 217w, http:\/\/lapidarium.fundacja-hereditas.pl\/wp-content\/uploads\/2024\/08\/E_Dziedziniewicz-Rapca_Warszawa_Joteyki_12_pierwsze_pietro_z_gory-1-768x1061.jpg 768w, http:\/\/lapidarium.fundacja-hereditas.pl\/wp-content\/uploads\/2024\/08\/E_Dziedziniewicz-Rapca_Warszawa_Joteyki_12_pierwsze_pietro_z_gory-1-1111x1536.jpg 1111w, http:\/\/lapidarium.fundacja-hereditas.pl\/wp-content\/uploads\/2024\/08\/E_Dziedziniewicz-Rapca_Warszawa_Joteyki_12_pierwsze_pietro_z_gory-1-1482x2048.jpg 1482w, http:\/\/lapidarium.fundacja-hereditas.pl\/wp-content\/uploads\/2024\/08\/E_Dziedziniewicz-Rapca_Warszawa_Joteyki_12_pierwsze_pietro_z_gory-1-150x207.jpg 150w, http:\/\/lapidarium.fundacja-hereditas.pl\/wp-content\/uploads\/2024\/08\/E_Dziedziniewicz-Rapca_Warszawa_Joteyki_12_pierwsze_pietro_z_gory-1-300x415.jpg 300w, http:\/\/lapidarium.fundacja-hereditas.pl\/wp-content\/uploads\/2024\/08\/E_Dziedziniewicz-Rapca_Warszawa_Joteyki_12_pierwsze_pietro_z_gory-1-696x962.jpg 696w, http:\/\/lapidarium.fundacja-hereditas.pl\/wp-content\/uploads\/2024\/08\/E_Dziedziniewicz-Rapca_Warszawa_Joteyki_12_pierwsze_pietro_z_gory-1-1068x1476.jpg 1068w, http:\/\/lapidarium.fundacja-hereditas.pl\/wp-content\/uploads\/2024\/08\/E_Dziedziniewicz-Rapca_Warszawa_Joteyki_12_pierwsze_pietro_z_gory-1-1920x2653.jpg 1920w, http:\/\/lapidarium.fundacja-hereditas.pl\/wp-content\/uploads\/2024\/08\/E_Dziedziniewicz-Rapca_Warszawa_Joteyki_12_pierwsze_pietro_z_gory-1-scaled.jpg 1852w\" sizes=\"auto, (max-width: 741px) 100vw, 741px\" \/><\/a><figcaption class=\"wp-element-caption\">Widok ze spocznika pi\u0119tro. Fot. Ewa Dziedziniewicz-R\u0105pca, 2023 r., \u017ar\u00f3d\u0142o: MWKZ.<\/figcaption><\/figure>\n\n\n\n<figure class=\"wp-block-image size-large\"><a href=\"http:\/\/lapidarium.fundacja-hereditas.pl\/wp-content\/uploads\/2024\/08\/E_Dziedziniewicz-Rapca_Warszawa_Joteyki_12_pierwsze_pietro_polpietro_dusza_schodow-1-scaled.jpg\"><img loading=\"lazy\" decoding=\"async\" width=\"773\" height=\"1024\" data-id=\"26926\" src=\"http:\/\/lapidarium.fundacja-hereditas.pl\/wp-content\/uploads\/2024\/08\/E_Dziedziniewicz-Rapca_Warszawa_Joteyki_12_pierwsze_pietro_polpietro_dusza_schodow-1-773x1024.jpg\" alt=\"\" class=\"wp-image-26926\" srcset=\"http:\/\/lapidarium.fundacja-hereditas.pl\/wp-content\/uploads\/2024\/08\/E_Dziedziniewicz-Rapca_Warszawa_Joteyki_12_pierwsze_pietro_polpietro_dusza_schodow-1-773x1024.jpg 773w, http:\/\/lapidarium.fundacja-hereditas.pl\/wp-content\/uploads\/2024\/08\/E_Dziedziniewicz-Rapca_Warszawa_Joteyki_12_pierwsze_pietro_polpietro_dusza_schodow-1-226x300.jpg 226w, http:\/\/lapidarium.fundacja-hereditas.pl\/wp-content\/uploads\/2024\/08\/E_Dziedziniewicz-Rapca_Warszawa_Joteyki_12_pierwsze_pietro_polpietro_dusza_schodow-1-768x1017.jpg 768w, http:\/\/lapidarium.fundacja-hereditas.pl\/wp-content\/uploads\/2024\/08\/E_Dziedziniewicz-Rapca_Warszawa_Joteyki_12_pierwsze_pietro_polpietro_dusza_schodow-1-1160x1536.jpg 1160w, http:\/\/lapidarium.fundacja-hereditas.pl\/wp-content\/uploads\/2024\/08\/E_Dziedziniewicz-Rapca_Warszawa_Joteyki_12_pierwsze_pietro_polpietro_dusza_schodow-1-1546x2048.jpg 1546w, http:\/\/lapidarium.fundacja-hereditas.pl\/wp-content\/uploads\/2024\/08\/E_Dziedziniewicz-Rapca_Warszawa_Joteyki_12_pierwsze_pietro_polpietro_dusza_schodow-1-150x199.jpg 150w, http:\/\/lapidarium.fundacja-hereditas.pl\/wp-content\/uploads\/2024\/08\/E_Dziedziniewicz-Rapca_Warszawa_Joteyki_12_pierwsze_pietro_polpietro_dusza_schodow-1-300x397.jpg 300w, http:\/\/lapidarium.fundacja-hereditas.pl\/wp-content\/uploads\/2024\/08\/E_Dziedziniewicz-Rapca_Warszawa_Joteyki_12_pierwsze_pietro_polpietro_dusza_schodow-1-696x922.jpg 696w, http:\/\/lapidarium.fundacja-hereditas.pl\/wp-content\/uploads\/2024\/08\/E_Dziedziniewicz-Rapca_Warszawa_Joteyki_12_pierwsze_pietro_polpietro_dusza_schodow-1-1068x1415.jpg 1068w, http:\/\/lapidarium.fundacja-hereditas.pl\/wp-content\/uploads\/2024\/08\/E_Dziedziniewicz-Rapca_Warszawa_Joteyki_12_pierwsze_pietro_polpietro_dusza_schodow-1-1920x2543.jpg 1920w, http:\/\/lapidarium.fundacja-hereditas.pl\/wp-content\/uploads\/2024\/08\/E_Dziedziniewicz-Rapca_Warszawa_Joteyki_12_pierwsze_pietro_polpietro_dusza_schodow-1-scaled.jpg 1933w\" sizes=\"auto, (max-width: 773px) 100vw, 773px\" \/><\/a><figcaption class=\"wp-element-caption\">Zakr\u0119t balustrady przy spoczniku. Fot. Ewa Dziedziniewicz-R\u0105pca, 2023 r., \u017ar\u00f3d\u0142o: MWKZ.<\/figcaption><\/figure>\n\n\n\n<figure class=\"wp-block-image size-large\"><a href=\"http:\/\/lapidarium.fundacja-hereditas.pl\/wp-content\/uploads\/2024\/08\/E_Dziedziniewicz-Rapca_Warszawa_Joteyki_12_pierwsze_pietro_polpietro_posadzka_A-1-scaled.jpg\"><img loading=\"lazy\" decoding=\"async\" width=\"828\" height=\"1024\" data-id=\"26928\" src=\"http:\/\/lapidarium.fundacja-hereditas.pl\/wp-content\/uploads\/2024\/08\/E_Dziedziniewicz-Rapca_Warszawa_Joteyki_12_pierwsze_pietro_polpietro_posadzka_A-1-828x1024.jpg\" alt=\"\" class=\"wp-image-26928\" srcset=\"http:\/\/lapidarium.fundacja-hereditas.pl\/wp-content\/uploads\/2024\/08\/E_Dziedziniewicz-Rapca_Warszawa_Joteyki_12_pierwsze_pietro_polpietro_posadzka_A-1-828x1024.jpg 828w, http:\/\/lapidarium.fundacja-hereditas.pl\/wp-content\/uploads\/2024\/08\/E_Dziedziniewicz-Rapca_Warszawa_Joteyki_12_pierwsze_pietro_polpietro_posadzka_A-1-243x300.jpg 243w, http:\/\/lapidarium.fundacja-hereditas.pl\/wp-content\/uploads\/2024\/08\/E_Dziedziniewicz-Rapca_Warszawa_Joteyki_12_pierwsze_pietro_polpietro_posadzka_A-1-768x950.jpg 768w, http:\/\/lapidarium.fundacja-hereditas.pl\/wp-content\/uploads\/2024\/08\/E_Dziedziniewicz-Rapca_Warszawa_Joteyki_12_pierwsze_pietro_polpietro_posadzka_A-1-1242x1536.jpg 1242w, http:\/\/lapidarium.fundacja-hereditas.pl\/wp-content\/uploads\/2024\/08\/E_Dziedziniewicz-Rapca_Warszawa_Joteyki_12_pierwsze_pietro_polpietro_posadzka_A-1-1656x2048.jpg 1656w, http:\/\/lapidarium.fundacja-hereditas.pl\/wp-content\/uploads\/2024\/08\/E_Dziedziniewicz-Rapca_Warszawa_Joteyki_12_pierwsze_pietro_polpietro_posadzka_A-1-150x185.jpg 150w, http:\/\/lapidarium.fundacja-hereditas.pl\/wp-content\/uploads\/2024\/08\/E_Dziedziniewicz-Rapca_Warszawa_Joteyki_12_pierwsze_pietro_polpietro_posadzka_A-1-300x371.jpg 300w, http:\/\/lapidarium.fundacja-hereditas.pl\/wp-content\/uploads\/2024\/08\/E_Dziedziniewicz-Rapca_Warszawa_Joteyki_12_pierwsze_pietro_polpietro_posadzka_A-1-324x400.jpg 324w, http:\/\/lapidarium.fundacja-hereditas.pl\/wp-content\/uploads\/2024\/08\/E_Dziedziniewicz-Rapca_Warszawa_Joteyki_12_pierwsze_pietro_polpietro_posadzka_A-1-696x861.jpg 696w, http:\/\/lapidarium.fundacja-hereditas.pl\/wp-content\/uploads\/2024\/08\/E_Dziedziniewicz-Rapca_Warszawa_Joteyki_12_pierwsze_pietro_polpietro_posadzka_A-1-1068x1320.jpg 1068w, http:\/\/lapidarium.fundacja-hereditas.pl\/wp-content\/uploads\/2024\/08\/E_Dziedziniewicz-Rapca_Warszawa_Joteyki_12_pierwsze_pietro_polpietro_posadzka_A-1-1920x2374.jpg 1920w\" sizes=\"auto, (max-width: 828px) 100vw, 828px\" \/><\/a><figcaption class=\"wp-element-caption\">Spocznik &#8211; posadzka z lastrico. Fot. Ewa Dziedziniewicz-R\u0105pca, 2023 r., \u017ar\u00f3d\u0142o: MWKZ.<\/figcaption><\/figure>\n\n\n\n<figure class=\"wp-block-image size-large\"><a href=\"http:\/\/lapidarium.fundacja-hereditas.pl\/wp-content\/uploads\/2024\/08\/E_Dziedziniewicz-Rapca_Warszawa_Joteyki_12_pierwsze_pietro_polpietro_posadzka_detal-1-scaled.jpg\"><img loading=\"lazy\" decoding=\"async\" width=\"1024\" height=\"754\" data-id=\"26929\" src=\"http:\/\/lapidarium.fundacja-hereditas.pl\/wp-content\/uploads\/2024\/08\/E_Dziedziniewicz-Rapca_Warszawa_Joteyki_12_pierwsze_pietro_polpietro_posadzka_detal-1-1024x754.jpg\" alt=\"\" class=\"wp-image-26929\" srcset=\"http:\/\/lapidarium.fundacja-hereditas.pl\/wp-content\/uploads\/2024\/08\/E_Dziedziniewicz-Rapca_Warszawa_Joteyki_12_pierwsze_pietro_polpietro_posadzka_detal-1-1024x754.jpg 1024w, http:\/\/lapidarium.fundacja-hereditas.pl\/wp-content\/uploads\/2024\/08\/E_Dziedziniewicz-Rapca_Warszawa_Joteyki_12_pierwsze_pietro_polpietro_posadzka_detal-1-300x221.jpg 300w, http:\/\/lapidarium.fundacja-hereditas.pl\/wp-content\/uploads\/2024\/08\/E_Dziedziniewicz-Rapca_Warszawa_Joteyki_12_pierwsze_pietro_polpietro_posadzka_detal-1-768x565.jpg 768w, http:\/\/lapidarium.fundacja-hereditas.pl\/wp-content\/uploads\/2024\/08\/E_Dziedziniewicz-Rapca_Warszawa_Joteyki_12_pierwsze_pietro_polpietro_posadzka_detal-1-1536x1130.jpg 1536w, http:\/\/lapidarium.fundacja-hereditas.pl\/wp-content\/uploads\/2024\/08\/E_Dziedziniewicz-Rapca_Warszawa_Joteyki_12_pierwsze_pietro_polpietro_posadzka_detal-1-2048x1507.jpg 2048w, http:\/\/lapidarium.fundacja-hereditas.pl\/wp-content\/uploads\/2024\/08\/E_Dziedziniewicz-Rapca_Warszawa_Joteyki_12_pierwsze_pietro_polpietro_posadzka_detal-1-150x110.jpg 150w, http:\/\/lapidarium.fundacja-hereditas.pl\/wp-content\/uploads\/2024\/08\/E_Dziedziniewicz-Rapca_Warszawa_Joteyki_12_pierwsze_pietro_polpietro_posadzka_detal-1-696x512.jpg 696w, http:\/\/lapidarium.fundacja-hereditas.pl\/wp-content\/uploads\/2024\/08\/E_Dziedziniewicz-Rapca_Warszawa_Joteyki_12_pierwsze_pietro_polpietro_posadzka_detal-1-1068x786.jpg 1068w, http:\/\/lapidarium.fundacja-hereditas.pl\/wp-content\/uploads\/2024\/08\/E_Dziedziniewicz-Rapca_Warszawa_Joteyki_12_pierwsze_pietro_polpietro_posadzka_detal-1-1920x1413.jpg 1920w\" sizes=\"auto, (max-width: 1024px) 100vw, 1024px\" \/><\/a><figcaption class=\"wp-element-caption\">Spocznik &#8211; posadzka z lastrico. Fot. Ewa Dziedziniewicz-R\u0105pca, 2023 r., \u017ar\u00f3d\u0142o: MWKZ.<\/figcaption><\/figure>\n\n\n\n<figure class=\"wp-block-image size-large\"><a href=\"http:\/\/lapidarium.fundacja-hereditas.pl\/wp-content\/uploads\/2024\/08\/E_Dziedziniewicz-Rapca_Warszawa_Joteyki_12_drugie_pietro_schody-1-scaled.jpg\"><img loading=\"lazy\" decoding=\"async\" width=\"762\" height=\"1024\" data-id=\"26911\" src=\"http:\/\/lapidarium.fundacja-hereditas.pl\/wp-content\/uploads\/2024\/08\/E_Dziedziniewicz-Rapca_Warszawa_Joteyki_12_drugie_pietro_schody-1-762x1024.jpg\" alt=\"\" class=\"wp-image-26911\" srcset=\"http:\/\/lapidarium.fundacja-hereditas.pl\/wp-content\/uploads\/2024\/08\/E_Dziedziniewicz-Rapca_Warszawa_Joteyki_12_drugie_pietro_schody-1-762x1024.jpg 762w, http:\/\/lapidarium.fundacja-hereditas.pl\/wp-content\/uploads\/2024\/08\/E_Dziedziniewicz-Rapca_Warszawa_Joteyki_12_drugie_pietro_schody-1-223x300.jpg 223w, http:\/\/lapidarium.fundacja-hereditas.pl\/wp-content\/uploads\/2024\/08\/E_Dziedziniewicz-Rapca_Warszawa_Joteyki_12_drugie_pietro_schody-1-768x1032.jpg 768w, http:\/\/lapidarium.fundacja-hereditas.pl\/wp-content\/uploads\/2024\/08\/E_Dziedziniewicz-Rapca_Warszawa_Joteyki_12_drugie_pietro_schody-1-1143x1536.jpg 1143w, http:\/\/lapidarium.fundacja-hereditas.pl\/wp-content\/uploads\/2024\/08\/E_Dziedziniewicz-Rapca_Warszawa_Joteyki_12_drugie_pietro_schody-1-1524x2048.jpg 1524w, http:\/\/lapidarium.fundacja-hereditas.pl\/wp-content\/uploads\/2024\/08\/E_Dziedziniewicz-Rapca_Warszawa_Joteyki_12_drugie_pietro_schody-1-150x202.jpg 150w, http:\/\/lapidarium.fundacja-hereditas.pl\/wp-content\/uploads\/2024\/08\/E_Dziedziniewicz-Rapca_Warszawa_Joteyki_12_drugie_pietro_schody-1-300x403.jpg 300w, http:\/\/lapidarium.fundacja-hereditas.pl\/wp-content\/uploads\/2024\/08\/E_Dziedziniewicz-Rapca_Warszawa_Joteyki_12_drugie_pietro_schody-1-696x935.jpg 696w, http:\/\/lapidarium.fundacja-hereditas.pl\/wp-content\/uploads\/2024\/08\/E_Dziedziniewicz-Rapca_Warszawa_Joteyki_12_drugie_pietro_schody-1-1068x1435.jpg 1068w, http:\/\/lapidarium.fundacja-hereditas.pl\/wp-content\/uploads\/2024\/08\/E_Dziedziniewicz-Rapca_Warszawa_Joteyki_12_drugie_pietro_schody-1-1920x2580.jpg 1920w, http:\/\/lapidarium.fundacja-hereditas.pl\/wp-content\/uploads\/2024\/08\/E_Dziedziniewicz-Rapca_Warszawa_Joteyki_12_drugie_pietro_schody-1-scaled.jpg 1905w\" sizes=\"auto, (max-width: 762px) 100vw, 762px\" \/><\/a><figcaption class=\"wp-element-caption\">Widok ze spocznika pi\u0119tro. Fot. Ewa Dziedziniewicz-R\u0105pca, 2023 r., \u017ar\u00f3d\u0142o: MWKZ.<\/figcaption><\/figure>\n\n\n\n<figure class=\"wp-block-image size-large\"><a href=\"http:\/\/lapidarium.fundacja-hereditas.pl\/wp-content\/uploads\/2024\/08\/E_Dziedziniewicz-Rapca_Warszawa_Joteyki_12_elewacja_od_podworza_skos-1-scaled.jpg\"><img loading=\"lazy\" decoding=\"async\" width=\"780\" height=\"1024\" data-id=\"26953\" src=\"http:\/\/lapidarium.fundacja-hereditas.pl\/wp-content\/uploads\/2024\/08\/E_Dziedziniewicz-Rapca_Warszawa_Joteyki_12_elewacja_od_podworza_skos-1-780x1024.jpg\" alt=\"\" class=\"wp-image-26953\" srcset=\"http:\/\/lapidarium.fundacja-hereditas.pl\/wp-content\/uploads\/2024\/08\/E_Dziedziniewicz-Rapca_Warszawa_Joteyki_12_elewacja_od_podworza_skos-1-780x1024.jpg 780w, http:\/\/lapidarium.fundacja-hereditas.pl\/wp-content\/uploads\/2024\/08\/E_Dziedziniewicz-Rapca_Warszawa_Joteyki_12_elewacja_od_podworza_skos-1-229x300.jpg 229w, http:\/\/lapidarium.fundacja-hereditas.pl\/wp-content\/uploads\/2024\/08\/E_Dziedziniewicz-Rapca_Warszawa_Joteyki_12_elewacja_od_podworza_skos-1-768x1008.jpg 768w, http:\/\/lapidarium.fundacja-hereditas.pl\/wp-content\/uploads\/2024\/08\/E_Dziedziniewicz-Rapca_Warszawa_Joteyki_12_elewacja_od_podworza_skos-1-1170x1536.jpg 1170w, http:\/\/lapidarium.fundacja-hereditas.pl\/wp-content\/uploads\/2024\/08\/E_Dziedziniewicz-Rapca_Warszawa_Joteyki_12_elewacja_od_podworza_skos-1-1560x2048.jpg 1560w, http:\/\/lapidarium.fundacja-hereditas.pl\/wp-content\/uploads\/2024\/08\/E_Dziedziniewicz-Rapca_Warszawa_Joteyki_12_elewacja_od_podworza_skos-1-150x197.jpg 150w, http:\/\/lapidarium.fundacja-hereditas.pl\/wp-content\/uploads\/2024\/08\/E_Dziedziniewicz-Rapca_Warszawa_Joteyki_12_elewacja_od_podworza_skos-1-300x394.jpg 300w, http:\/\/lapidarium.fundacja-hereditas.pl\/wp-content\/uploads\/2024\/08\/E_Dziedziniewicz-Rapca_Warszawa_Joteyki_12_elewacja_od_podworza_skos-1-696x914.jpg 696w, http:\/\/lapidarium.fundacja-hereditas.pl\/wp-content\/uploads\/2024\/08\/E_Dziedziniewicz-Rapca_Warszawa_Joteyki_12_elewacja_od_podworza_skos-1-1068x1402.jpg 1068w, http:\/\/lapidarium.fundacja-hereditas.pl\/wp-content\/uploads\/2024\/08\/E_Dziedziniewicz-Rapca_Warszawa_Joteyki_12_elewacja_od_podworza_skos-1-1920x2521.jpg 1920w, http:\/\/lapidarium.fundacja-hereditas.pl\/wp-content\/uploads\/2024\/08\/E_Dziedziniewicz-Rapca_Warszawa_Joteyki_12_elewacja_od_podworza_skos-1-scaled.jpg 1950w\" sizes=\"auto, (max-width: 780px) 100vw, 780px\" \/><\/a><figcaption class=\"wp-element-caption\">Elewacja podw\u00f3rzowa &#8211; wykusze. Fot. Ewa Dziedziniewicz-R\u0105pca, 2023 r., \u017ar\u00f3d\u0142o: MWKZ.<\/figcaption><\/figure>\n\n\n\n<figure class=\"wp-block-image size-large\"><a href=\"http:\/\/lapidarium.fundacja-hereditas.pl\/wp-content\/uploads\/2024\/08\/E_Dziedziniewicz-Rapca_Warszawa_Joteyki_12_elewacja_od_podworza_cala-1-scaled.jpg\"><img loading=\"lazy\" decoding=\"async\" width=\"1024\" height=\"740\" data-id=\"26951\" src=\"http:\/\/lapidarium.fundacja-hereditas.pl\/wp-content\/uploads\/2024\/08\/E_Dziedziniewicz-Rapca_Warszawa_Joteyki_12_elewacja_od_podworza_cala-1-1024x740.jpg\" alt=\"\" class=\"wp-image-26951\" srcset=\"http:\/\/lapidarium.fundacja-hereditas.pl\/wp-content\/uploads\/2024\/08\/E_Dziedziniewicz-Rapca_Warszawa_Joteyki_12_elewacja_od_podworza_cala-1-1024x740.jpg 1024w, http:\/\/lapidarium.fundacja-hereditas.pl\/wp-content\/uploads\/2024\/08\/E_Dziedziniewicz-Rapca_Warszawa_Joteyki_12_elewacja_od_podworza_cala-1-300x217.jpg 300w, http:\/\/lapidarium.fundacja-hereditas.pl\/wp-content\/uploads\/2024\/08\/E_Dziedziniewicz-Rapca_Warszawa_Joteyki_12_elewacja_od_podworza_cala-1-768x555.jpg 768w, http:\/\/lapidarium.fundacja-hereditas.pl\/wp-content\/uploads\/2024\/08\/E_Dziedziniewicz-Rapca_Warszawa_Joteyki_12_elewacja_od_podworza_cala-1-1536x1110.jpg 1536w, http:\/\/lapidarium.fundacja-hereditas.pl\/wp-content\/uploads\/2024\/08\/E_Dziedziniewicz-Rapca_Warszawa_Joteyki_12_elewacja_od_podworza_cala-1-2048x1480.jpg 2048w, http:\/\/lapidarium.fundacja-hereditas.pl\/wp-content\/uploads\/2024\/08\/E_Dziedziniewicz-Rapca_Warszawa_Joteyki_12_elewacja_od_podworza_cala-1-150x108.jpg 150w, http:\/\/lapidarium.fundacja-hereditas.pl\/wp-content\/uploads\/2024\/08\/E_Dziedziniewicz-Rapca_Warszawa_Joteyki_12_elewacja_od_podworza_cala-1-696x503.jpg 696w, http:\/\/lapidarium.fundacja-hereditas.pl\/wp-content\/uploads\/2024\/08\/E_Dziedziniewicz-Rapca_Warszawa_Joteyki_12_elewacja_od_podworza_cala-1-1068x772.jpg 1068w, http:\/\/lapidarium.fundacja-hereditas.pl\/wp-content\/uploads\/2024\/08\/E_Dziedziniewicz-Rapca_Warszawa_Joteyki_12_elewacja_od_podworza_cala-1-1920x1387.jpg 1920w\" sizes=\"auto, (max-width: 1024px) 100vw, 1024px\" \/><\/a><figcaption class=\"wp-element-caption\">Elewacja podw\u00f3rzowa &#8211; wykusze. Fot. Ewa Dziedziniewicz-R\u0105pca, 2023 r., \u017ar\u00f3d\u0142o: MWKZ.<\/figcaption><\/figure>\n\n\n\n<figure class=\"wp-block-image size-large\"><a href=\"http:\/\/lapidarium.fundacja-hereditas.pl\/wp-content\/uploads\/2024\/08\/E_Dziedziniewicz-Rapca_Warszawa_Joteyki_12_elewacja_od_podworza-1-scaled.jpg\"><img loading=\"lazy\" decoding=\"async\" width=\"1024\" height=\"774\" data-id=\"26950\" src=\"http:\/\/lapidarium.fundacja-hereditas.pl\/wp-content\/uploads\/2024\/08\/E_Dziedziniewicz-Rapca_Warszawa_Joteyki_12_elewacja_od_podworza-1-1024x774.jpg\" alt=\"\" class=\"wp-image-26950\" srcset=\"http:\/\/lapidarium.fundacja-hereditas.pl\/wp-content\/uploads\/2024\/08\/E_Dziedziniewicz-Rapca_Warszawa_Joteyki_12_elewacja_od_podworza-1-1024x774.jpg 1024w, http:\/\/lapidarium.fundacja-hereditas.pl\/wp-content\/uploads\/2024\/08\/E_Dziedziniewicz-Rapca_Warszawa_Joteyki_12_elewacja_od_podworza-1-300x227.jpg 300w, http:\/\/lapidarium.fundacja-hereditas.pl\/wp-content\/uploads\/2024\/08\/E_Dziedziniewicz-Rapca_Warszawa_Joteyki_12_elewacja_od_podworza-1-768x581.jpg 768w, http:\/\/lapidarium.fundacja-hereditas.pl\/wp-content\/uploads\/2024\/08\/E_Dziedziniewicz-Rapca_Warszawa_Joteyki_12_elewacja_od_podworza-1-1536x1161.jpg 1536w, http:\/\/lapidarium.fundacja-hereditas.pl\/wp-content\/uploads\/2024\/08\/E_Dziedziniewicz-Rapca_Warszawa_Joteyki_12_elewacja_od_podworza-1-2048x1548.jpg 2048w, http:\/\/lapidarium.fundacja-hereditas.pl\/wp-content\/uploads\/2024\/08\/E_Dziedziniewicz-Rapca_Warszawa_Joteyki_12_elewacja_od_podworza-1-150x113.jpg 150w, http:\/\/lapidarium.fundacja-hereditas.pl\/wp-content\/uploads\/2024\/08\/E_Dziedziniewicz-Rapca_Warszawa_Joteyki_12_elewacja_od_podworza-1-696x526.jpg 696w, http:\/\/lapidarium.fundacja-hereditas.pl\/wp-content\/uploads\/2024\/08\/E_Dziedziniewicz-Rapca_Warszawa_Joteyki_12_elewacja_od_podworza-1-1068x807.jpg 1068w, http:\/\/lapidarium.fundacja-hereditas.pl\/wp-content\/uploads\/2024\/08\/E_Dziedziniewicz-Rapca_Warszawa_Joteyki_12_elewacja_od_podworza-1-1920x1452.jpg 1920w\" sizes=\"auto, (max-width: 1024px) 100vw, 1024px\" \/><\/a><figcaption class=\"wp-element-caption\">Elewacja podw\u00f3rzowa &#8211; wykusze. Fot. Ewa Dziedziniewicz-R\u0105pca, 2023 r., \u017ar\u00f3d\u0142o: MWKZ.<\/figcaption><\/figure>\n\n\n\n<figure class=\"wp-block-image size-large\"><a href=\"http:\/\/lapidarium.fundacja-hereditas.pl\/wp-content\/uploads\/2024\/08\/E_Dziedziniewicz-Rapca_Warszawa_Joteyki_12_elewacja_od_podworza_gorne_pietra-1-scaled.jpg\"><img loading=\"lazy\" decoding=\"async\" width=\"1024\" height=\"729\" data-id=\"26952\" src=\"http:\/\/lapidarium.fundacja-hereditas.pl\/wp-content\/uploads\/2024\/08\/E_Dziedziniewicz-Rapca_Warszawa_Joteyki_12_elewacja_od_podworza_gorne_pietra-1-1024x729.jpg\" alt=\"\" class=\"wp-image-26952\" srcset=\"http:\/\/lapidarium.fundacja-hereditas.pl\/wp-content\/uploads\/2024\/08\/E_Dziedziniewicz-Rapca_Warszawa_Joteyki_12_elewacja_od_podworza_gorne_pietra-1-1024x729.jpg 1024w, http:\/\/lapidarium.fundacja-hereditas.pl\/wp-content\/uploads\/2024\/08\/E_Dziedziniewicz-Rapca_Warszawa_Joteyki_12_elewacja_od_podworza_gorne_pietra-1-300x214.jpg 300w, http:\/\/lapidarium.fundacja-hereditas.pl\/wp-content\/uploads\/2024\/08\/E_Dziedziniewicz-Rapca_Warszawa_Joteyki_12_elewacja_od_podworza_gorne_pietra-1-768x547.jpg 768w, http:\/\/lapidarium.fundacja-hereditas.pl\/wp-content\/uploads\/2024\/08\/E_Dziedziniewicz-Rapca_Warszawa_Joteyki_12_elewacja_od_podworza_gorne_pietra-1-1536x1093.jpg 1536w, http:\/\/lapidarium.fundacja-hereditas.pl\/wp-content\/uploads\/2024\/08\/E_Dziedziniewicz-Rapca_Warszawa_Joteyki_12_elewacja_od_podworza_gorne_pietra-1-2048x1458.jpg 2048w, http:\/\/lapidarium.fundacja-hereditas.pl\/wp-content\/uploads\/2024\/08\/E_Dziedziniewicz-Rapca_Warszawa_Joteyki_12_elewacja_od_podworza_gorne_pietra-1-150x107.jpg 150w, http:\/\/lapidarium.fundacja-hereditas.pl\/wp-content\/uploads\/2024\/08\/E_Dziedziniewicz-Rapca_Warszawa_Joteyki_12_elewacja_od_podworza_gorne_pietra-1-696x495.jpg 696w, http:\/\/lapidarium.fundacja-hereditas.pl\/wp-content\/uploads\/2024\/08\/E_Dziedziniewicz-Rapca_Warszawa_Joteyki_12_elewacja_od_podworza_gorne_pietra-1-1068x760.jpg 1068w, http:\/\/lapidarium.fundacja-hereditas.pl\/wp-content\/uploads\/2024\/08\/E_Dziedziniewicz-Rapca_Warszawa_Joteyki_12_elewacja_od_podworza_gorne_pietra-1-1920x1367.jpg 1920w\" sizes=\"auto, (max-width: 1024px) 100vw, 1024px\" \/><\/a><figcaption class=\"wp-element-caption\">Elewacja podw\u00f3rzowa. Balkon na wykuszu. Fot. Ewa Dziedziniewicz-R\u0105pca, 2023 r., \u017ar\u00f3d\u0142o: MWKZ.<\/figcaption><\/figure>\n<\/figure>\n","protected":false},"excerpt":{"rendered":"<p>Modernistyczna trzypi\u0119trowa kamienica z ko\u0144ca lat 30. XX w., posta\u0142a w czasie formowania si\u0119&nbsp; pierzeiowej zabudowy ulicy, pod koniec dwudziestolecia mi\u0119dzywojennego. Dom wzniesiono dla Konrada Wereszczy\u0144skiego pe\u0142ni\u0105cego do po\u0142owy 1946 r. funkcj\u0119 G\u0142\u00f3wnego inspektora kontroli Przemys\u0142u Cukrowniczego w Polsce. Odwo\u0142anie go z niniejszego stanowiska zaraz po wojnie mo\u017ce \u015bwiadczy\u0107 o przedwojennych jego zwi\u0105zkach z t\u0105 [&hellip;]<\/p>\n","protected":false},"author":6,"featured_media":26909,"comment_status":"open","ping_status":"open","sticky":false,"template":"","format":"standard","meta":{"footnotes":""},"categories":[98,4],"tags":[],"class_list":{"0":"post-21170","1":"post","2":"type-post","3":"status-publish","4":"format-standard","5":"has-post-thumbnail","7":"category-joteyki","8":"category-warszawa"},"_links":{"self":[{"href":"http:\/\/lapidarium.fundacja-hereditas.pl\/index.php\/wp-json\/wp\/v2\/posts\/21170","targetHints":{"allow":["GET"]}}],"collection":[{"href":"http:\/\/lapidarium.fundacja-hereditas.pl\/index.php\/wp-json\/wp\/v2\/posts"}],"about":[{"href":"http:\/\/lapidarium.fundacja-hereditas.pl\/index.php\/wp-json\/wp\/v2\/types\/post"}],"author":[{"embeddable":true,"href":"http:\/\/lapidarium.fundacja-hereditas.pl\/index.php\/wp-json\/wp\/v2\/users\/6"}],"replies":[{"embeddable":true,"href":"http:\/\/lapidarium.fundacja-hereditas.pl\/index.php\/wp-json\/wp\/v2\/comments?post=21170"}],"version-history":[{"count":7,"href":"http:\/\/lapidarium.fundacja-hereditas.pl\/index.php\/wp-json\/wp\/v2\/posts\/21170\/revisions"}],"predecessor-version":[{"id":26955,"href":"http:\/\/lapidarium.fundacja-hereditas.pl\/index.php\/wp-json\/wp\/v2\/posts\/21170\/revisions\/26955"}],"wp:featuredmedia":[{"embeddable":true,"href":"http:\/\/lapidarium.fundacja-hereditas.pl\/index.php\/wp-json\/wp\/v2\/media\/26909"}],"wp:attachment":[{"href":"http:\/\/lapidarium.fundacja-hereditas.pl\/index.php\/wp-json\/wp\/v2\/media?parent=21170"}],"wp:term":[{"taxonomy":"category","embeddable":true,"href":"http:\/\/lapidarium.fundacja-hereditas.pl\/index.php\/wp-json\/wp\/v2\/categories?post=21170"},{"taxonomy":"post_tag","embeddable":true,"href":"http:\/\/lapidarium.fundacja-hereditas.pl\/index.php\/wp-json\/wp\/v2\/tags?post=21170"}],"curies":[{"name":"wp","href":"https:\/\/api.w.org\/{rel}","templated":true}]}}