{"id":21057,"date":"2024-01-15T04:48:06","date_gmt":"2024-01-15T03:48:06","guid":{"rendered":"http:\/\/lapidarium.fundacja-hereditas.pl\/?p=21057"},"modified":"2024-12-05T20:47:22","modified_gmt":"2024-12-05T19:47:22","slug":"kamienica-ul-kaliska15-warszawa","status":"publish","type":"post","link":"http:\/\/lapidarium.fundacja-hereditas.pl\/index.php\/2024\/01\/15\/kamienica-ul-kaliska15-warszawa\/","title":{"rendered":"Kamienica ul. Kaliska 15, Warszawa"},"content":{"rendered":"\n<p>Du\u017ca naro\u017cna kamienica b\u0119d\u0105ca jednym z wielu dom\u00f3w okalaj\u0105cych kwarta\u0142 ograniczony ulicami: Kaliska, S\u0119koci\u0144ska, Bia\u0142obrzeska i Joteyki. Rozleg\u0142y \u00f3w wewn\u0119trzny dziedziniec mimo, i\u017c dzi\u015b nieco podzielony, w za\u0142o\u017ceniu mia\u0142 stanowi\u0107 zapewne wsp\u00f3ln\u0105 zielon\u0105, a na pewno pozbawion\u0105 oficyn przestrze\u0144. Omawiana naro\u017cna kamienica powsta\u0142a na prze\u0142omie 1936-37 r. W przededniu II wojny \u015bwiatowej nale\u017ca\u0142a do Dwojry Jakubowskiej i by\u0107 mo\u017ce dla niej by\u0142a wznoszona. Budynek na tle innych s\u0105siednich dom\u00f3w wyr\u00f3\u017cnia si\u0119 oryginalnym rozwi\u0105zaniem fasad &#8211; szczeg\u00f3lnie fasady wschodniej, na kt\u00f3rej rozplanowano piony balkon\u00f3w wkomponowane w dwa uskoki, malowniczo urozmaicaj\u0105ce relief odulicznej elewacji. Pr\u00f3cz oryginalnie posadowionych balkon\u00f3w do oblicowania u\u017cyto dw\u00f3ch rodzaj\u00f3w p\u0142ytek, kt\u00f3re rozmieszczono w wielu, lecz nie we wszystkich partiach budynku. Obecnie po powojennych \u201emodernizacjach\u201d p\u0142ytki z elewacji odulicznej wschodniej znikn\u0119\u0142y prawie ca\u0142kowicie, w przeciwie\u0144stwie do elewacji p\u00f3\u0142nocnej, gdzie pozosta\u0142y w ca\u0142o\u015bci. Zar\u00f3wno lico fasady p\u00f3\u0142nocnej, jak i wschodniej w znacznej swej partii wystaje nieznacznie poza obrys kamienicy tworz\u0105c subtelny nawis \u2013 minimalne podci\u0119cie. Po zako\u0144czeniu wojny przyst\u0105piono do napraw niewielkich uszkodze\u0144, jakie powsta\u0142y w szczytowych partiach budynku \u2013 dach by\u0142 zniszczony na ca\u0142ej kamienicy. Odbudowuj\u0105c go nie posi\u0142kowano si\u0119 przedwojennymi planami obiektu. Dach w oryginale ze specyficznymi podniesieniami na rantach nadaj\u0105cymi jeszcze wi\u0119kszej dynamiki bryle obiektu, zast\u0105piono ta\u0144szym, banalnym, podobnym do wszystkich naoko\u0142o, pokryciem.<\/p>\n\n\n\n<p>::: Sfinansowano ze \u015brodk\u00f3w Mazowieckiego Wojew\u00f3dzkiego Konserwatora Zabytk\u00f3w.<\/p>\n\n\n\n<figure class=\"wp-block-gallery has-nested-images columns-default is-cropped wp-block-gallery-1 is-layout-flex wp-block-gallery-is-layout-flex\">\n<figure class=\"wp-block-image size-large\"><a href=\"http:\/\/lapidarium.fundacja-hereditas.pl\/wp-content\/uploads\/2024\/07\/E_Dziedziniewicz-Rapca_Warszawa_Kaliska_15_fasada_od_Kaliskiej-scaled.jpg\"><img loading=\"lazy\" decoding=\"async\" width=\"1024\" height=\"747\" data-id=\"26724\" src=\"http:\/\/lapidarium.fundacja-hereditas.pl\/wp-content\/uploads\/2024\/07\/E_Dziedziniewicz-Rapca_Warszawa_Kaliska_15_fasada_od_Kaliskiej-1024x747.jpg\" alt=\"\" class=\"wp-image-26724\" srcset=\"http:\/\/lapidarium.fundacja-hereditas.pl\/wp-content\/uploads\/2024\/07\/E_Dziedziniewicz-Rapca_Warszawa_Kaliska_15_fasada_od_Kaliskiej-1024x747.jpg 1024w, http:\/\/lapidarium.fundacja-hereditas.pl\/wp-content\/uploads\/2024\/07\/E_Dziedziniewicz-Rapca_Warszawa_Kaliska_15_fasada_od_Kaliskiej-300x219.jpg 300w, http:\/\/lapidarium.fundacja-hereditas.pl\/wp-content\/uploads\/2024\/07\/E_Dziedziniewicz-Rapca_Warszawa_Kaliska_15_fasada_od_Kaliskiej-768x561.jpg 768w, http:\/\/lapidarium.fundacja-hereditas.pl\/wp-content\/uploads\/2024\/07\/E_Dziedziniewicz-Rapca_Warszawa_Kaliska_15_fasada_od_Kaliskiej-1536x1121.jpg 1536w, http:\/\/lapidarium.fundacja-hereditas.pl\/wp-content\/uploads\/2024\/07\/E_Dziedziniewicz-Rapca_Warszawa_Kaliska_15_fasada_od_Kaliskiej-2048x1495.jpg 2048w, http:\/\/lapidarium.fundacja-hereditas.pl\/wp-content\/uploads\/2024\/07\/E_Dziedziniewicz-Rapca_Warszawa_Kaliska_15_fasada_od_Kaliskiej-150x109.jpg 150w, http:\/\/lapidarium.fundacja-hereditas.pl\/wp-content\/uploads\/2024\/07\/E_Dziedziniewicz-Rapca_Warszawa_Kaliska_15_fasada_od_Kaliskiej-696x508.jpg 696w, http:\/\/lapidarium.fundacja-hereditas.pl\/wp-content\/uploads\/2024\/07\/E_Dziedziniewicz-Rapca_Warszawa_Kaliska_15_fasada_od_Kaliskiej-1068x780.jpg 1068w, http:\/\/lapidarium.fundacja-hereditas.pl\/wp-content\/uploads\/2024\/07\/E_Dziedziniewicz-Rapca_Warszawa_Kaliska_15_fasada_od_Kaliskiej-1920x1401.jpg 1920w\" sizes=\"auto, (max-width: 1024px) 100vw, 1024px\" \/><\/a><figcaption class=\"wp-element-caption\">Widok og\u00f3lny od strony ul. Kaliskiej. Fot. Ewa Dziedziniewicz-R\u0105pca, 2023 r., \u017ar\u00f3d\u0142o: MWKZ.<\/figcaption><\/figure>\n\n\n\n<figure class=\"wp-block-image size-large\"><a href=\"http:\/\/lapidarium.fundacja-hereditas.pl\/wp-content\/uploads\/2024\/07\/E_Dziedziniewicz-Rapca_Warszawa_Kaliska_15_fasada_od_Kaliskiej_skos-scaled.jpg\"><img loading=\"lazy\" decoding=\"async\" width=\"1024\" height=\"803\" data-id=\"26726\" src=\"http:\/\/lapidarium.fundacja-hereditas.pl\/wp-content\/uploads\/2024\/07\/E_Dziedziniewicz-Rapca_Warszawa_Kaliska_15_fasada_od_Kaliskiej_skos-1024x803.jpg\" alt=\"\" class=\"wp-image-26726\" srcset=\"http:\/\/lapidarium.fundacja-hereditas.pl\/wp-content\/uploads\/2024\/07\/E_Dziedziniewicz-Rapca_Warszawa_Kaliska_15_fasada_od_Kaliskiej_skos-1024x803.jpg 1024w, http:\/\/lapidarium.fundacja-hereditas.pl\/wp-content\/uploads\/2024\/07\/E_Dziedziniewicz-Rapca_Warszawa_Kaliska_15_fasada_od_Kaliskiej_skos-300x235.jpg 300w, http:\/\/lapidarium.fundacja-hereditas.pl\/wp-content\/uploads\/2024\/07\/E_Dziedziniewicz-Rapca_Warszawa_Kaliska_15_fasada_od_Kaliskiej_skos-768x602.jpg 768w, http:\/\/lapidarium.fundacja-hereditas.pl\/wp-content\/uploads\/2024\/07\/E_Dziedziniewicz-Rapca_Warszawa_Kaliska_15_fasada_od_Kaliskiej_skos-1536x1204.jpg 1536w, http:\/\/lapidarium.fundacja-hereditas.pl\/wp-content\/uploads\/2024\/07\/E_Dziedziniewicz-Rapca_Warszawa_Kaliska_15_fasada_od_Kaliskiej_skos-2048x1605.jpg 2048w, http:\/\/lapidarium.fundacja-hereditas.pl\/wp-content\/uploads\/2024\/07\/E_Dziedziniewicz-Rapca_Warszawa_Kaliska_15_fasada_od_Kaliskiej_skos-150x118.jpg 150w, http:\/\/lapidarium.fundacja-hereditas.pl\/wp-content\/uploads\/2024\/07\/E_Dziedziniewicz-Rapca_Warszawa_Kaliska_15_fasada_od_Kaliskiej_skos-696x546.jpg 696w, http:\/\/lapidarium.fundacja-hereditas.pl\/wp-content\/uploads\/2024\/07\/E_Dziedziniewicz-Rapca_Warszawa_Kaliska_15_fasada_od_Kaliskiej_skos-1068x837.jpg 1068w, http:\/\/lapidarium.fundacja-hereditas.pl\/wp-content\/uploads\/2024\/07\/E_Dziedziniewicz-Rapca_Warszawa_Kaliska_15_fasada_od_Kaliskiej_skos-1920x1505.jpg 1920w\" sizes=\"auto, (max-width: 1024px) 100vw, 1024px\" \/><\/a><figcaption class=\"wp-element-caption\">Widok og\u00f3lny od strony ul. Kaliskiej. Fot. Ewa Dziedziniewicz-R\u0105pca, 2023 r., \u017ar\u00f3d\u0142o: MWKZ.<\/figcaption><\/figure>\n\n\n\n<figure class=\"wp-block-image size-large\"><a href=\"http:\/\/lapidarium.fundacja-hereditas.pl\/wp-content\/uploads\/2024\/07\/E_Dziedziniewicz-Rapca_Warszawa_Kaliska_15_fasada_od_Kaliskiej_balkony-scaled.jpg\"><img loading=\"lazy\" decoding=\"async\" width=\"780\" height=\"1024\" data-id=\"26725\" src=\"http:\/\/lapidarium.fundacja-hereditas.pl\/wp-content\/uploads\/2024\/07\/E_Dziedziniewicz-Rapca_Warszawa_Kaliska_15_fasada_od_Kaliskiej_balkony-780x1024.jpg\" alt=\"\" class=\"wp-image-26725\" srcset=\"http:\/\/lapidarium.fundacja-hereditas.pl\/wp-content\/uploads\/2024\/07\/E_Dziedziniewicz-Rapca_Warszawa_Kaliska_15_fasada_od_Kaliskiej_balkony-780x1024.jpg 780w, http:\/\/lapidarium.fundacja-hereditas.pl\/wp-content\/uploads\/2024\/07\/E_Dziedziniewicz-Rapca_Warszawa_Kaliska_15_fasada_od_Kaliskiej_balkony-229x300.jpg 229w, http:\/\/lapidarium.fundacja-hereditas.pl\/wp-content\/uploads\/2024\/07\/E_Dziedziniewicz-Rapca_Warszawa_Kaliska_15_fasada_od_Kaliskiej_balkony-768x1008.jpg 768w, http:\/\/lapidarium.fundacja-hereditas.pl\/wp-content\/uploads\/2024\/07\/E_Dziedziniewicz-Rapca_Warszawa_Kaliska_15_fasada_od_Kaliskiej_balkony-1170x1536.jpg 1170w, http:\/\/lapidarium.fundacja-hereditas.pl\/wp-content\/uploads\/2024\/07\/E_Dziedziniewicz-Rapca_Warszawa_Kaliska_15_fasada_od_Kaliskiej_balkony-1561x2048.jpg 1561w, http:\/\/lapidarium.fundacja-hereditas.pl\/wp-content\/uploads\/2024\/07\/E_Dziedziniewicz-Rapca_Warszawa_Kaliska_15_fasada_od_Kaliskiej_balkony-150x197.jpg 150w, http:\/\/lapidarium.fundacja-hereditas.pl\/wp-content\/uploads\/2024\/07\/E_Dziedziniewicz-Rapca_Warszawa_Kaliska_15_fasada_od_Kaliskiej_balkony-300x394.jpg 300w, http:\/\/lapidarium.fundacja-hereditas.pl\/wp-content\/uploads\/2024\/07\/E_Dziedziniewicz-Rapca_Warszawa_Kaliska_15_fasada_od_Kaliskiej_balkony-696x913.jpg 696w, http:\/\/lapidarium.fundacja-hereditas.pl\/wp-content\/uploads\/2024\/07\/E_Dziedziniewicz-Rapca_Warszawa_Kaliska_15_fasada_od_Kaliskiej_balkony-1068x1402.jpg 1068w, http:\/\/lapidarium.fundacja-hereditas.pl\/wp-content\/uploads\/2024\/07\/E_Dziedziniewicz-Rapca_Warszawa_Kaliska_15_fasada_od_Kaliskiej_balkony-1920x2520.jpg 1920w, http:\/\/lapidarium.fundacja-hereditas.pl\/wp-content\/uploads\/2024\/07\/E_Dziedziniewicz-Rapca_Warszawa_Kaliska_15_fasada_od_Kaliskiej_balkony-scaled.jpg 1951w\" sizes=\"auto, (max-width: 780px) 100vw, 780px\" \/><\/a><figcaption class=\"wp-element-caption\">Widok od strony ul. Kaliskiej. Balkony. Fot. Ewa Dziedziniewicz-R\u0105pca, 2023 r., \u017ar\u00f3d\u0142o: MWKZ.<\/figcaption><\/figure>\n\n\n\n<figure class=\"wp-block-image size-large\"><a href=\"http:\/\/lapidarium.fundacja-hereditas.pl\/wp-content\/uploads\/2024\/10\/Majewski_J_Wwa_Kaliska_15_elewacja_od_Kaliskiej-scaled.jpg\"><img loading=\"lazy\" decoding=\"async\" width=\"1024\" height=\"803\" data-id=\"27398\" src=\"http:\/\/lapidarium.fundacja-hereditas.pl\/wp-content\/uploads\/2024\/10\/Majewski_J_Wwa_Kaliska_15_elewacja_od_Kaliskiej-1024x803.jpg\" alt=\"\" class=\"wp-image-27398\" srcset=\"http:\/\/lapidarium.fundacja-hereditas.pl\/wp-content\/uploads\/2024\/10\/Majewski_J_Wwa_Kaliska_15_elewacja_od_Kaliskiej-1024x803.jpg 1024w, http:\/\/lapidarium.fundacja-hereditas.pl\/wp-content\/uploads\/2024\/10\/Majewski_J_Wwa_Kaliska_15_elewacja_od_Kaliskiej-300x235.jpg 300w, http:\/\/lapidarium.fundacja-hereditas.pl\/wp-content\/uploads\/2024\/10\/Majewski_J_Wwa_Kaliska_15_elewacja_od_Kaliskiej-768x602.jpg 768w, http:\/\/lapidarium.fundacja-hereditas.pl\/wp-content\/uploads\/2024\/10\/Majewski_J_Wwa_Kaliska_15_elewacja_od_Kaliskiej-1536x1204.jpg 1536w, http:\/\/lapidarium.fundacja-hereditas.pl\/wp-content\/uploads\/2024\/10\/Majewski_J_Wwa_Kaliska_15_elewacja_od_Kaliskiej-2048x1605.jpg 2048w, http:\/\/lapidarium.fundacja-hereditas.pl\/wp-content\/uploads\/2024\/10\/Majewski_J_Wwa_Kaliska_15_elewacja_od_Kaliskiej-150x118.jpg 150w, http:\/\/lapidarium.fundacja-hereditas.pl\/wp-content\/uploads\/2024\/10\/Majewski_J_Wwa_Kaliska_15_elewacja_od_Kaliskiej-696x546.jpg 696w, http:\/\/lapidarium.fundacja-hereditas.pl\/wp-content\/uploads\/2024\/10\/Majewski_J_Wwa_Kaliska_15_elewacja_od_Kaliskiej-1068x837.jpg 1068w, http:\/\/lapidarium.fundacja-hereditas.pl\/wp-content\/uploads\/2024\/10\/Majewski_J_Wwa_Kaliska_15_elewacja_od_Kaliskiej-1920x1505.jpg 1920w\" sizes=\"auto, (max-width: 1024px) 100vw, 1024px\" \/><\/a><figcaption class=\"wp-element-caption\">Widok od strony ul. Kaliskiej. Fot. Jerzy S. Majewski, 2023 r., \u017ar\u00f3d\u0142o: MWKZ.<\/figcaption><\/figure>\n\n\n\n<figure class=\"wp-block-image size-large\"><a href=\"http:\/\/lapidarium.fundacja-hereditas.pl\/wp-content\/uploads\/2024\/07\/E_Dziedziniewicz-Rapca_Warszawa_Kaliska_15_fasada_narozna-scaled.jpg\"><img loading=\"lazy\" decoding=\"async\" width=\"1024\" height=\"714\" data-id=\"26723\" src=\"http:\/\/lapidarium.fundacja-hereditas.pl\/wp-content\/uploads\/2024\/07\/E_Dziedziniewicz-Rapca_Warszawa_Kaliska_15_fasada_narozna-1024x714.jpg\" alt=\"\" class=\"wp-image-26723\" srcset=\"http:\/\/lapidarium.fundacja-hereditas.pl\/wp-content\/uploads\/2024\/07\/E_Dziedziniewicz-Rapca_Warszawa_Kaliska_15_fasada_narozna-1024x714.jpg 1024w, http:\/\/lapidarium.fundacja-hereditas.pl\/wp-content\/uploads\/2024\/07\/E_Dziedziniewicz-Rapca_Warszawa_Kaliska_15_fasada_narozna-300x209.jpg 300w, http:\/\/lapidarium.fundacja-hereditas.pl\/wp-content\/uploads\/2024\/07\/E_Dziedziniewicz-Rapca_Warszawa_Kaliska_15_fasada_narozna-768x536.jpg 768w, http:\/\/lapidarium.fundacja-hereditas.pl\/wp-content\/uploads\/2024\/07\/E_Dziedziniewicz-Rapca_Warszawa_Kaliska_15_fasada_narozna-1536x1071.jpg 1536w, http:\/\/lapidarium.fundacja-hereditas.pl\/wp-content\/uploads\/2024\/07\/E_Dziedziniewicz-Rapca_Warszawa_Kaliska_15_fasada_narozna-2048x1429.jpg 2048w, http:\/\/lapidarium.fundacja-hereditas.pl\/wp-content\/uploads\/2024\/07\/E_Dziedziniewicz-Rapca_Warszawa_Kaliska_15_fasada_narozna-150x105.jpg 150w, http:\/\/lapidarium.fundacja-hereditas.pl\/wp-content\/uploads\/2024\/07\/E_Dziedziniewicz-Rapca_Warszawa_Kaliska_15_fasada_narozna-696x485.jpg 696w, http:\/\/lapidarium.fundacja-hereditas.pl\/wp-content\/uploads\/2024\/07\/E_Dziedziniewicz-Rapca_Warszawa_Kaliska_15_fasada_narozna-1068x745.jpg 1068w, http:\/\/lapidarium.fundacja-hereditas.pl\/wp-content\/uploads\/2024\/07\/E_Dziedziniewicz-Rapca_Warszawa_Kaliska_15_fasada_narozna-1920x1339.jpg 1920w\" sizes=\"auto, (max-width: 1024px) 100vw, 1024px\" \/><\/a><figcaption class=\"wp-element-caption\">Widok og\u00f3lny od strony ul. Kaliskiej i S\u0119koci\u0144skiej. Fot. Ewa Dziedziniewicz-R\u0105pca, 2023 r., \u017ar\u00f3d\u0142o: MWKZ.<\/figcaption><\/figure>\n\n\n\n<figure class=\"wp-block-image size-large\"><a href=\"http:\/\/lapidarium.fundacja-hereditas.pl\/wp-content\/uploads\/2024\/10\/Majewski_J_Wwa_Kaliska_15_naroznik-scaled.jpg\"><img loading=\"lazy\" decoding=\"async\" width=\"1024\" height=\"864\" data-id=\"27400\" src=\"http:\/\/lapidarium.fundacja-hereditas.pl\/wp-content\/uploads\/2024\/10\/Majewski_J_Wwa_Kaliska_15_naroznik-1024x864.jpg\" alt=\"\" class=\"wp-image-27400\" srcset=\"http:\/\/lapidarium.fundacja-hereditas.pl\/wp-content\/uploads\/2024\/10\/Majewski_J_Wwa_Kaliska_15_naroznik-1024x864.jpg 1024w, http:\/\/lapidarium.fundacja-hereditas.pl\/wp-content\/uploads\/2024\/10\/Majewski_J_Wwa_Kaliska_15_naroznik-300x253.jpg 300w, http:\/\/lapidarium.fundacja-hereditas.pl\/wp-content\/uploads\/2024\/10\/Majewski_J_Wwa_Kaliska_15_naroznik-768x648.jpg 768w, http:\/\/lapidarium.fundacja-hereditas.pl\/wp-content\/uploads\/2024\/10\/Majewski_J_Wwa_Kaliska_15_naroznik-1536x1296.jpg 1536w, http:\/\/lapidarium.fundacja-hereditas.pl\/wp-content\/uploads\/2024\/10\/Majewski_J_Wwa_Kaliska_15_naroznik-2048x1729.jpg 2048w, http:\/\/lapidarium.fundacja-hereditas.pl\/wp-content\/uploads\/2024\/10\/Majewski_J_Wwa_Kaliska_15_naroznik-150x127.jpg 150w, http:\/\/lapidarium.fundacja-hereditas.pl\/wp-content\/uploads\/2024\/10\/Majewski_J_Wwa_Kaliska_15_naroznik-696x587.jpg 696w, http:\/\/lapidarium.fundacja-hereditas.pl\/wp-content\/uploads\/2024\/10\/Majewski_J_Wwa_Kaliska_15_naroznik-1068x901.jpg 1068w, http:\/\/lapidarium.fundacja-hereditas.pl\/wp-content\/uploads\/2024\/10\/Majewski_J_Wwa_Kaliska_15_naroznik-1920x1621.jpg 1920w\" sizes=\"auto, (max-width: 1024px) 100vw, 1024px\" \/><\/a><figcaption class=\"wp-element-caption\">Widok od p\u00f3\u0142nocy. Naro\u017cnik ul. Kaliskiej i S\u0119koci\u0144skiej. Fot. Jerzy Majewski, 2023 r., \u017ar\u00f3d\u0142o: MWKZ.<\/figcaption><\/figure>\n\n\n\n<figure class=\"wp-block-image size-large\"><a href=\"http:\/\/lapidarium.fundacja-hereditas.pl\/wp-content\/uploads\/2024\/08\/E_Dziedziniewicz-Rapca_Warszawa_Kaliska_15_naroznik_od_podworka2a-scaled.jpg\"><img loading=\"lazy\" decoding=\"async\" width=\"712\" height=\"1024\" data-id=\"26847\" src=\"http:\/\/lapidarium.fundacja-hereditas.pl\/wp-content\/uploads\/2024\/08\/E_Dziedziniewicz-Rapca_Warszawa_Kaliska_15_naroznik_od_podworka2a-712x1024.jpg\" alt=\"\" class=\"wp-image-26847\" srcset=\"http:\/\/lapidarium.fundacja-hereditas.pl\/wp-content\/uploads\/2024\/08\/E_Dziedziniewicz-Rapca_Warszawa_Kaliska_15_naroznik_od_podworka2a-712x1024.jpg 712w, http:\/\/lapidarium.fundacja-hereditas.pl\/wp-content\/uploads\/2024\/08\/E_Dziedziniewicz-Rapca_Warszawa_Kaliska_15_naroznik_od_podworka2a-209x300.jpg 209w, http:\/\/lapidarium.fundacja-hereditas.pl\/wp-content\/uploads\/2024\/08\/E_Dziedziniewicz-Rapca_Warszawa_Kaliska_15_naroznik_od_podworka2a-768x1104.jpg 768w, http:\/\/lapidarium.fundacja-hereditas.pl\/wp-content\/uploads\/2024\/08\/E_Dziedziniewicz-Rapca_Warszawa_Kaliska_15_naroznik_od_podworka2a-1068x1535.jpg 1068w, http:\/\/lapidarium.fundacja-hereditas.pl\/wp-content\/uploads\/2024\/08\/E_Dziedziniewicz-Rapca_Warszawa_Kaliska_15_naroznik_od_podworka2a-1424x2048.jpg 1424w, http:\/\/lapidarium.fundacja-hereditas.pl\/wp-content\/uploads\/2024\/08\/E_Dziedziniewicz-Rapca_Warszawa_Kaliska_15_naroznik_od_podworka2a-150x216.jpg 150w, http:\/\/lapidarium.fundacja-hereditas.pl\/wp-content\/uploads\/2024\/08\/E_Dziedziniewicz-Rapca_Warszawa_Kaliska_15_naroznik_od_podworka2a-300x431.jpg 300w, http:\/\/lapidarium.fundacja-hereditas.pl\/wp-content\/uploads\/2024\/08\/E_Dziedziniewicz-Rapca_Warszawa_Kaliska_15_naroznik_od_podworka2a-696x1001.jpg 696w, http:\/\/lapidarium.fundacja-hereditas.pl\/wp-content\/uploads\/2024\/08\/E_Dziedziniewicz-Rapca_Warszawa_Kaliska_15_naroznik_od_podworka2a-1920x2760.jpg 1920w, http:\/\/lapidarium.fundacja-hereditas.pl\/wp-content\/uploads\/2024\/08\/E_Dziedziniewicz-Rapca_Warszawa_Kaliska_15_naroznik_od_podworka2a-scaled.jpg 1781w\" sizes=\"auto, (max-width: 712px) 100vw, 712px\" \/><\/a><figcaption class=\"wp-element-caption\">Podw\u00f3rko &#8211; widok na p\u00f3\u0142nocny wsch\u00f3d. Fot. Ewa Dziedziniewicz-R\u0105pca, 2023 r., \u017ar\u00f3d\u0142o: MWKZ.<\/figcaption><\/figure>\n\n\n\n<figure class=\"wp-block-image size-large\"><a href=\"http:\/\/lapidarium.fundacja-hereditas.pl\/wp-content\/uploads\/2024\/07\/E_Dziedziniewicz-Rapca_Warszawa_Kaliska_15_klatka_od_Kaliskiej_drzwi_wejsciowe-scaled.jpg\"><img loading=\"lazy\" decoding=\"async\" width=\"777\" height=\"1024\" data-id=\"26706\" src=\"http:\/\/lapidarium.fundacja-hereditas.pl\/wp-content\/uploads\/2024\/07\/E_Dziedziniewicz-Rapca_Warszawa_Kaliska_15_klatka_od_Kaliskiej_drzwi_wejsciowe-777x1024.jpg\" alt=\"\" class=\"wp-image-26706\" srcset=\"http:\/\/lapidarium.fundacja-hereditas.pl\/wp-content\/uploads\/2024\/07\/E_Dziedziniewicz-Rapca_Warszawa_Kaliska_15_klatka_od_Kaliskiej_drzwi_wejsciowe-777x1024.jpg 777w, http:\/\/lapidarium.fundacja-hereditas.pl\/wp-content\/uploads\/2024\/07\/E_Dziedziniewicz-Rapca_Warszawa_Kaliska_15_klatka_od_Kaliskiej_drzwi_wejsciowe-228x300.jpg 228w, http:\/\/lapidarium.fundacja-hereditas.pl\/wp-content\/uploads\/2024\/07\/E_Dziedziniewicz-Rapca_Warszawa_Kaliska_15_klatka_od_Kaliskiej_drzwi_wejsciowe-768x1013.jpg 768w, http:\/\/lapidarium.fundacja-hereditas.pl\/wp-content\/uploads\/2024\/07\/E_Dziedziniewicz-Rapca_Warszawa_Kaliska_15_klatka_od_Kaliskiej_drzwi_wejsciowe-1165x1536.jpg 1165w, http:\/\/lapidarium.fundacja-hereditas.pl\/wp-content\/uploads\/2024\/07\/E_Dziedziniewicz-Rapca_Warszawa_Kaliska_15_klatka_od_Kaliskiej_drzwi_wejsciowe-1553x2048.jpg 1553w, http:\/\/lapidarium.fundacja-hereditas.pl\/wp-content\/uploads\/2024\/07\/E_Dziedziniewicz-Rapca_Warszawa_Kaliska_15_klatka_od_Kaliskiej_drzwi_wejsciowe-150x198.jpg 150w, http:\/\/lapidarium.fundacja-hereditas.pl\/wp-content\/uploads\/2024\/07\/E_Dziedziniewicz-Rapca_Warszawa_Kaliska_15_klatka_od_Kaliskiej_drzwi_wejsciowe-300x396.jpg 300w, http:\/\/lapidarium.fundacja-hereditas.pl\/wp-content\/uploads\/2024\/07\/E_Dziedziniewicz-Rapca_Warszawa_Kaliska_15_klatka_od_Kaliskiej_drzwi_wejsciowe-696x918.jpg 696w, http:\/\/lapidarium.fundacja-hereditas.pl\/wp-content\/uploads\/2024\/07\/E_Dziedziniewicz-Rapca_Warszawa_Kaliska_15_klatka_od_Kaliskiej_drzwi_wejsciowe-1068x1408.jpg 1068w, http:\/\/lapidarium.fundacja-hereditas.pl\/wp-content\/uploads\/2024\/07\/E_Dziedziniewicz-Rapca_Warszawa_Kaliska_15_klatka_od_Kaliskiej_drzwi_wejsciowe-1920x2531.jpg 1920w, http:\/\/lapidarium.fundacja-hereditas.pl\/wp-content\/uploads\/2024\/07\/E_Dziedziniewicz-Rapca_Warszawa_Kaliska_15_klatka_od_Kaliskiej_drzwi_wejsciowe-scaled.jpg 1942w\" sizes=\"auto, (max-width: 777px) 100vw, 777px\" \/><\/a><figcaption class=\"wp-element-caption\">Klatka od ul. Kaliskiej. Wysoki parter. Widok ku ulicy. Fot. Ewa Dziedziniewicz-R\u0105pca, 2023 r., \u017ar\u00f3d\u0142o: MWKZ.<\/figcaption><\/figure>\n\n\n\n<figure class=\"wp-block-image size-large\"><a href=\"http:\/\/lapidarium.fundacja-hereditas.pl\/wp-content\/uploads\/2024\/07\/E_Dziedziniewicz-Rapca_Warszawa_Kaliska_15_klatka_od_Kaliskiej_Matka_Boska_po_lewej_od_wejscia-scaled.jpg\"><img loading=\"lazy\" decoding=\"async\" width=\"678\" height=\"1024\" data-id=\"26707\" src=\"http:\/\/lapidarium.fundacja-hereditas.pl\/wp-content\/uploads\/2024\/07\/E_Dziedziniewicz-Rapca_Warszawa_Kaliska_15_klatka_od_Kaliskiej_Matka_Boska_po_lewej_od_wejscia-678x1024.jpg\" alt=\"\" class=\"wp-image-26707\" srcset=\"http:\/\/lapidarium.fundacja-hereditas.pl\/wp-content\/uploads\/2024\/07\/E_Dziedziniewicz-Rapca_Warszawa_Kaliska_15_klatka_od_Kaliskiej_Matka_Boska_po_lewej_od_wejscia-678x1024.jpg 678w, http:\/\/lapidarium.fundacja-hereditas.pl\/wp-content\/uploads\/2024\/07\/E_Dziedziniewicz-Rapca_Warszawa_Kaliska_15_klatka_od_Kaliskiej_Matka_Boska_po_lewej_od_wejscia-199x300.jpg 199w, http:\/\/lapidarium.fundacja-hereditas.pl\/wp-content\/uploads\/2024\/07\/E_Dziedziniewicz-Rapca_Warszawa_Kaliska_15_klatka_od_Kaliskiej_Matka_Boska_po_lewej_od_wejscia-768x1159.jpg 768w, http:\/\/lapidarium.fundacja-hereditas.pl\/wp-content\/uploads\/2024\/07\/E_Dziedziniewicz-Rapca_Warszawa_Kaliska_15_klatka_od_Kaliskiej_Matka_Boska_po_lewej_od_wejscia-1018x1536.jpg 1018w, http:\/\/lapidarium.fundacja-hereditas.pl\/wp-content\/uploads\/2024\/07\/E_Dziedziniewicz-Rapca_Warszawa_Kaliska_15_klatka_od_Kaliskiej_Matka_Boska_po_lewej_od_wejscia-1357x2048.jpg 1357w, http:\/\/lapidarium.fundacja-hereditas.pl\/wp-content\/uploads\/2024\/07\/E_Dziedziniewicz-Rapca_Warszawa_Kaliska_15_klatka_od_Kaliskiej_Matka_Boska_po_lewej_od_wejscia-150x226.jpg 150w, http:\/\/lapidarium.fundacja-hereditas.pl\/wp-content\/uploads\/2024\/07\/E_Dziedziniewicz-Rapca_Warszawa_Kaliska_15_klatka_od_Kaliskiej_Matka_Boska_po_lewej_od_wejscia-300x453.jpg 300w, http:\/\/lapidarium.fundacja-hereditas.pl\/wp-content\/uploads\/2024\/07\/E_Dziedziniewicz-Rapca_Warszawa_Kaliska_15_klatka_od_Kaliskiej_Matka_Boska_po_lewej_od_wejscia-696x1051.jpg 696w, http:\/\/lapidarium.fundacja-hereditas.pl\/wp-content\/uploads\/2024\/07\/E_Dziedziniewicz-Rapca_Warszawa_Kaliska_15_klatka_od_Kaliskiej_Matka_Boska_po_lewej_od_wejscia-1068x1612.jpg 1068w, http:\/\/lapidarium.fundacja-hereditas.pl\/wp-content\/uploads\/2024\/07\/E_Dziedziniewicz-Rapca_Warszawa_Kaliska_15_klatka_od_Kaliskiej_Matka_Boska_po_lewej_od_wejscia-1920x2898.jpg 1920w, http:\/\/lapidarium.fundacja-hereditas.pl\/wp-content\/uploads\/2024\/07\/E_Dziedziniewicz-Rapca_Warszawa_Kaliska_15_klatka_od_Kaliskiej_Matka_Boska_po_lewej_od_wejscia-scaled.jpg 1696w\" sizes=\"auto, (max-width: 678px) 100vw, 678px\" \/><\/a><figcaption class=\"wp-element-caption\">Klatka od ul. Kaliskiej. Parter. Kapliczka po lewej stronie od wej\u015bcia z ulicy (na \u015bcianie p\u0142d.). Fot. Ewa Dziedziniewicz-R\u0105pca, 2023 r., \u017ar\u00f3d\u0142o: MWKZ.<\/figcaption><\/figure>\n\n\n\n<figure class=\"wp-block-image size-large\"><a href=\"http:\/\/lapidarium.fundacja-hereditas.pl\/wp-content\/uploads\/2024\/07\/E_Dziedziniewicz-Rapca_Warszawa_Kaliska_15_klatka_od_Kaliskiej_wejscie_schody_widok_boczny-scaled.jpg\"><img loading=\"lazy\" decoding=\"async\" width=\"780\" height=\"1024\" data-id=\"26721\" src=\"http:\/\/lapidarium.fundacja-hereditas.pl\/wp-content\/uploads\/2024\/07\/E_Dziedziniewicz-Rapca_Warszawa_Kaliska_15_klatka_od_Kaliskiej_wejscie_schody_widok_boczny-780x1024.jpg\" alt=\"\" class=\"wp-image-26721\" srcset=\"http:\/\/lapidarium.fundacja-hereditas.pl\/wp-content\/uploads\/2024\/07\/E_Dziedziniewicz-Rapca_Warszawa_Kaliska_15_klatka_od_Kaliskiej_wejscie_schody_widok_boczny-780x1024.jpg 780w, http:\/\/lapidarium.fundacja-hereditas.pl\/wp-content\/uploads\/2024\/07\/E_Dziedziniewicz-Rapca_Warszawa_Kaliska_15_klatka_od_Kaliskiej_wejscie_schody_widok_boczny-229x300.jpg 229w, http:\/\/lapidarium.fundacja-hereditas.pl\/wp-content\/uploads\/2024\/07\/E_Dziedziniewicz-Rapca_Warszawa_Kaliska_15_klatka_od_Kaliskiej_wejscie_schody_widok_boczny-768x1008.jpg 768w, http:\/\/lapidarium.fundacja-hereditas.pl\/wp-content\/uploads\/2024\/07\/E_Dziedziniewicz-Rapca_Warszawa_Kaliska_15_klatka_od_Kaliskiej_wejscie_schody_widok_boczny-1170x1536.jpg 1170w, http:\/\/lapidarium.fundacja-hereditas.pl\/wp-content\/uploads\/2024\/07\/E_Dziedziniewicz-Rapca_Warszawa_Kaliska_15_klatka_od_Kaliskiej_wejscie_schody_widok_boczny-1560x2048.jpg 1560w, http:\/\/lapidarium.fundacja-hereditas.pl\/wp-content\/uploads\/2024\/07\/E_Dziedziniewicz-Rapca_Warszawa_Kaliska_15_klatka_od_Kaliskiej_wejscie_schody_widok_boczny-150x197.jpg 150w, http:\/\/lapidarium.fundacja-hereditas.pl\/wp-content\/uploads\/2024\/07\/E_Dziedziniewicz-Rapca_Warszawa_Kaliska_15_klatka_od_Kaliskiej_wejscie_schody_widok_boczny-300x394.jpg 300w, http:\/\/lapidarium.fundacja-hereditas.pl\/wp-content\/uploads\/2024\/07\/E_Dziedziniewicz-Rapca_Warszawa_Kaliska_15_klatka_od_Kaliskiej_wejscie_schody_widok_boczny-696x914.jpg 696w, http:\/\/lapidarium.fundacja-hereditas.pl\/wp-content\/uploads\/2024\/07\/E_Dziedziniewicz-Rapca_Warszawa_Kaliska_15_klatka_od_Kaliskiej_wejscie_schody_widok_boczny-1068x1402.jpg 1068w, http:\/\/lapidarium.fundacja-hereditas.pl\/wp-content\/uploads\/2024\/07\/E_Dziedziniewicz-Rapca_Warszawa_Kaliska_15_klatka_od_Kaliskiej_wejscie_schody_widok_boczny-1920x2520.jpg 1920w, http:\/\/lapidarium.fundacja-hereditas.pl\/wp-content\/uploads\/2024\/07\/E_Dziedziniewicz-Rapca_Warszawa_Kaliska_15_klatka_od_Kaliskiej_wejscie_schody_widok_boczny-scaled.jpg 1950w\" sizes=\"auto, (max-width: 780px) 100vw, 780px\" \/><\/a><figcaption class=\"wp-element-caption\">Klatka od ul. Kaliskiej. Schody na wysoki parter od strony ul. Kaliskiej. Fot. Ewa Dziedziniewicz-R\u0105pca, 2023 r., \u017ar\u00f3d\u0142o: MWKZ.<\/figcaption><\/figure>\n\n\n\n<figure class=\"wp-block-image size-large\"><a href=\"http:\/\/lapidarium.fundacja-hereditas.pl\/wp-content\/uploads\/2024\/07\/E_Dziedziniewicz-Rapca_Warszawa_Kaliska_15_klatka_od_Kaliskiej_wejscie_schody_detal-scaled.jpg\"><img loading=\"lazy\" decoding=\"async\" width=\"1024\" height=\"750\" data-id=\"26720\" src=\"http:\/\/lapidarium.fundacja-hereditas.pl\/wp-content\/uploads\/2024\/07\/E_Dziedziniewicz-Rapca_Warszawa_Kaliska_15_klatka_od_Kaliskiej_wejscie_schody_detal-1024x750.jpg\" alt=\"\" class=\"wp-image-26720\" srcset=\"http:\/\/lapidarium.fundacja-hereditas.pl\/wp-content\/uploads\/2024\/07\/E_Dziedziniewicz-Rapca_Warszawa_Kaliska_15_klatka_od_Kaliskiej_wejscie_schody_detal-1024x750.jpg 1024w, http:\/\/lapidarium.fundacja-hereditas.pl\/wp-content\/uploads\/2024\/07\/E_Dziedziniewicz-Rapca_Warszawa_Kaliska_15_klatka_od_Kaliskiej_wejscie_schody_detal-300x220.jpg 300w, http:\/\/lapidarium.fundacja-hereditas.pl\/wp-content\/uploads\/2024\/07\/E_Dziedziniewicz-Rapca_Warszawa_Kaliska_15_klatka_od_Kaliskiej_wejscie_schody_detal-768x562.jpg 768w, http:\/\/lapidarium.fundacja-hereditas.pl\/wp-content\/uploads\/2024\/07\/E_Dziedziniewicz-Rapca_Warszawa_Kaliska_15_klatka_od_Kaliskiej_wejscie_schody_detal-1536x1124.jpg 1536w, http:\/\/lapidarium.fundacja-hereditas.pl\/wp-content\/uploads\/2024\/07\/E_Dziedziniewicz-Rapca_Warszawa_Kaliska_15_klatka_od_Kaliskiej_wejscie_schody_detal-2048x1499.jpg 2048w, http:\/\/lapidarium.fundacja-hereditas.pl\/wp-content\/uploads\/2024\/07\/E_Dziedziniewicz-Rapca_Warszawa_Kaliska_15_klatka_od_Kaliskiej_wejscie_schody_detal-150x110.jpg 150w, http:\/\/lapidarium.fundacja-hereditas.pl\/wp-content\/uploads\/2024\/07\/E_Dziedziniewicz-Rapca_Warszawa_Kaliska_15_klatka_od_Kaliskiej_wejscie_schody_detal-696x510.jpg 696w, http:\/\/lapidarium.fundacja-hereditas.pl\/wp-content\/uploads\/2024\/07\/E_Dziedziniewicz-Rapca_Warszawa_Kaliska_15_klatka_od_Kaliskiej_wejscie_schody_detal-1068x782.jpg 1068w, http:\/\/lapidarium.fundacja-hereditas.pl\/wp-content\/uploads\/2024\/07\/E_Dziedziniewicz-Rapca_Warszawa_Kaliska_15_klatka_od_Kaliskiej_wejscie_schody_detal-1920x1406.jpg 1920w\" sizes=\"auto, (max-width: 1024px) 100vw, 1024px\" \/><\/a><figcaption class=\"wp-element-caption\">Klatka od ul. Kaliskiej. Wysoki parter. Posadzka na granicy schod\u00f3w. Fot. Ewa Dziedziniewicz-R\u0105pca, 2023 r., \u017ar\u00f3d\u0142o: MWKZ.<\/figcaption><\/figure>\n\n\n\n<figure class=\"wp-block-image size-large\"><a href=\"http:\/\/lapidarium.fundacja-hereditas.pl\/wp-content\/uploads\/2024\/07\/E_Dziedziniewicz-Rapca_Warszawa_Kaliska_15_klatka_od_Kaliskiej_wysoki_parter-scaled.jpg\"><img loading=\"lazy\" decoding=\"async\" width=\"1024\" height=\"851\" data-id=\"26722\" src=\"http:\/\/lapidarium.fundacja-hereditas.pl\/wp-content\/uploads\/2024\/07\/E_Dziedziniewicz-Rapca_Warszawa_Kaliska_15_klatka_od_Kaliskiej_wysoki_parter-1024x851.jpg\" alt=\"\" class=\"wp-image-26722\" srcset=\"http:\/\/lapidarium.fundacja-hereditas.pl\/wp-content\/uploads\/2024\/07\/E_Dziedziniewicz-Rapca_Warszawa_Kaliska_15_klatka_od_Kaliskiej_wysoki_parter-1024x851.jpg 1024w, http:\/\/lapidarium.fundacja-hereditas.pl\/wp-content\/uploads\/2024\/07\/E_Dziedziniewicz-Rapca_Warszawa_Kaliska_15_klatka_od_Kaliskiej_wysoki_parter-300x249.jpg 300w, http:\/\/lapidarium.fundacja-hereditas.pl\/wp-content\/uploads\/2024\/07\/E_Dziedziniewicz-Rapca_Warszawa_Kaliska_15_klatka_od_Kaliskiej_wysoki_parter-768x638.jpg 768w, http:\/\/lapidarium.fundacja-hereditas.pl\/wp-content\/uploads\/2024\/07\/E_Dziedziniewicz-Rapca_Warszawa_Kaliska_15_klatka_od_Kaliskiej_wysoki_parter-1536x1277.jpg 1536w, http:\/\/lapidarium.fundacja-hereditas.pl\/wp-content\/uploads\/2024\/07\/E_Dziedziniewicz-Rapca_Warszawa_Kaliska_15_klatka_od_Kaliskiej_wysoki_parter-2048x1703.jpg 2048w, http:\/\/lapidarium.fundacja-hereditas.pl\/wp-content\/uploads\/2024\/07\/E_Dziedziniewicz-Rapca_Warszawa_Kaliska_15_klatka_od_Kaliskiej_wysoki_parter-150x125.jpg 150w, http:\/\/lapidarium.fundacja-hereditas.pl\/wp-content\/uploads\/2024\/07\/E_Dziedziniewicz-Rapca_Warszawa_Kaliska_15_klatka_od_Kaliskiej_wysoki_parter-696x579.jpg 696w, http:\/\/lapidarium.fundacja-hereditas.pl\/wp-content\/uploads\/2024\/07\/E_Dziedziniewicz-Rapca_Warszawa_Kaliska_15_klatka_od_Kaliskiej_wysoki_parter-1068x888.jpg 1068w, http:\/\/lapidarium.fundacja-hereditas.pl\/wp-content\/uploads\/2024\/07\/E_Dziedziniewicz-Rapca_Warszawa_Kaliska_15_klatka_od_Kaliskiej_wysoki_parter-1920x1596.jpg 1920w\" sizes=\"auto, (max-width: 1024px) 100vw, 1024px\" \/><\/a><figcaption class=\"wp-element-caption\">Klatka od ul. Kaliskiej. Wysoki parter. Widok og\u00f3lny ku podw\u00f3rzu. Fot. Ewa Dziedziniewicz-R\u0105pca, 2023 r., \u017ar\u00f3d\u0142o: MWKZ.<\/figcaption><\/figure>\n\n\n\n<figure class=\"wp-block-image size-large\"><a href=\"http:\/\/lapidarium.fundacja-hereditas.pl\/wp-content\/uploads\/2024\/07\/E_Dziedziniewicz-Rapca_Warszawa_Kaliska_15_klatka_od_Kaliskiej_parter_widok_na_wyjscie_na_podworze-scaled.jpg\"><img loading=\"lazy\" decoding=\"async\" width=\"780\" height=\"1024\" data-id=\"26709\" src=\"http:\/\/lapidarium.fundacja-hereditas.pl\/wp-content\/uploads\/2024\/07\/E_Dziedziniewicz-Rapca_Warszawa_Kaliska_15_klatka_od_Kaliskiej_parter_widok_na_wyjscie_na_podworze-780x1024.jpg\" alt=\"\" class=\"wp-image-26709\" srcset=\"http:\/\/lapidarium.fundacja-hereditas.pl\/wp-content\/uploads\/2024\/07\/E_Dziedziniewicz-Rapca_Warszawa_Kaliska_15_klatka_od_Kaliskiej_parter_widok_na_wyjscie_na_podworze-780x1024.jpg 780w, http:\/\/lapidarium.fundacja-hereditas.pl\/wp-content\/uploads\/2024\/07\/E_Dziedziniewicz-Rapca_Warszawa_Kaliska_15_klatka_od_Kaliskiej_parter_widok_na_wyjscie_na_podworze-228x300.jpg 228w, http:\/\/lapidarium.fundacja-hereditas.pl\/wp-content\/uploads\/2024\/07\/E_Dziedziniewicz-Rapca_Warszawa_Kaliska_15_klatka_od_Kaliskiej_parter_widok_na_wyjscie_na_podworze-768x1009.jpg 768w, http:\/\/lapidarium.fundacja-hereditas.pl\/wp-content\/uploads\/2024\/07\/E_Dziedziniewicz-Rapca_Warszawa_Kaliska_15_klatka_od_Kaliskiej_parter_widok_na_wyjscie_na_podworze-1170x1536.jpg 1170w, http:\/\/lapidarium.fundacja-hereditas.pl\/wp-content\/uploads\/2024\/07\/E_Dziedziniewicz-Rapca_Warszawa_Kaliska_15_klatka_od_Kaliskiej_parter_widok_na_wyjscie_na_podworze-1559x2048.jpg 1559w, http:\/\/lapidarium.fundacja-hereditas.pl\/wp-content\/uploads\/2024\/07\/E_Dziedziniewicz-Rapca_Warszawa_Kaliska_15_klatka_od_Kaliskiej_parter_widok_na_wyjscie_na_podworze-150x197.jpg 150w, http:\/\/lapidarium.fundacja-hereditas.pl\/wp-content\/uploads\/2024\/07\/E_Dziedziniewicz-Rapca_Warszawa_Kaliska_15_klatka_od_Kaliskiej_parter_widok_na_wyjscie_na_podworze-300x394.jpg 300w, http:\/\/lapidarium.fundacja-hereditas.pl\/wp-content\/uploads\/2024\/07\/E_Dziedziniewicz-Rapca_Warszawa_Kaliska_15_klatka_od_Kaliskiej_parter_widok_na_wyjscie_na_podworze-696x914.jpg 696w, http:\/\/lapidarium.fundacja-hereditas.pl\/wp-content\/uploads\/2024\/07\/E_Dziedziniewicz-Rapca_Warszawa_Kaliska_15_klatka_od_Kaliskiej_parter_widok_na_wyjscie_na_podworze-1068x1403.jpg 1068w, http:\/\/lapidarium.fundacja-hereditas.pl\/wp-content\/uploads\/2024\/07\/E_Dziedziniewicz-Rapca_Warszawa_Kaliska_15_klatka_od_Kaliskiej_parter_widok_na_wyjscie_na_podworze-1920x2522.jpg 1920w, http:\/\/lapidarium.fundacja-hereditas.pl\/wp-content\/uploads\/2024\/07\/E_Dziedziniewicz-Rapca_Warszawa_Kaliska_15_klatka_od_Kaliskiej_parter_widok_na_wyjscie_na_podworze-scaled.jpg 1949w\" sizes=\"auto, (max-width: 780px) 100vw, 780px\" \/><\/a><figcaption class=\"wp-element-caption\">Klatka od ul. Kaliskiej. Wysoki parter. Widok og\u00f3lny ku podw\u00f3rzu. Fot. Ewa Dziedziniewicz-R\u0105pca, 2023 r., \u017ar\u00f3d\u0142o: MWKZ.<\/figcaption><\/figure>\n\n\n\n<figure class=\"wp-block-image size-large\"><a href=\"http:\/\/lapidarium.fundacja-hereditas.pl\/wp-content\/uploads\/2024\/07\/E_Dziedziniewicz-Rapca_Warszawa_Kaliska_15_klatka_od_Kaliskiej_drzwi_na_podworko-scaled.jpg\"><img loading=\"lazy\" decoding=\"async\" width=\"770\" height=\"1024\" data-id=\"26705\" src=\"http:\/\/lapidarium.fundacja-hereditas.pl\/wp-content\/uploads\/2024\/07\/E_Dziedziniewicz-Rapca_Warszawa_Kaliska_15_klatka_od_Kaliskiej_drzwi_na_podworko-770x1024.jpg\" alt=\"\" class=\"wp-image-26705\" srcset=\"http:\/\/lapidarium.fundacja-hereditas.pl\/wp-content\/uploads\/2024\/07\/E_Dziedziniewicz-Rapca_Warszawa_Kaliska_15_klatka_od_Kaliskiej_drzwi_na_podworko-770x1024.jpg 770w, http:\/\/lapidarium.fundacja-hereditas.pl\/wp-content\/uploads\/2024\/07\/E_Dziedziniewicz-Rapca_Warszawa_Kaliska_15_klatka_od_Kaliskiej_drzwi_na_podworko-226x300.jpg 226w, http:\/\/lapidarium.fundacja-hereditas.pl\/wp-content\/uploads\/2024\/07\/E_Dziedziniewicz-Rapca_Warszawa_Kaliska_15_klatka_od_Kaliskiej_drzwi_na_podworko-768x1021.jpg 768w, http:\/\/lapidarium.fundacja-hereditas.pl\/wp-content\/uploads\/2024\/07\/E_Dziedziniewicz-Rapca_Warszawa_Kaliska_15_klatka_od_Kaliskiej_drzwi_na_podworko-1155x1536.jpg 1155w, http:\/\/lapidarium.fundacja-hereditas.pl\/wp-content\/uploads\/2024\/07\/E_Dziedziniewicz-Rapca_Warszawa_Kaliska_15_klatka_od_Kaliskiej_drzwi_na_podworko-1540x2048.jpg 1540w, http:\/\/lapidarium.fundacja-hereditas.pl\/wp-content\/uploads\/2024\/07\/E_Dziedziniewicz-Rapca_Warszawa_Kaliska_15_klatka_od_Kaliskiej_drzwi_na_podworko-150x199.jpg 150w, http:\/\/lapidarium.fundacja-hereditas.pl\/wp-content\/uploads\/2024\/07\/E_Dziedziniewicz-Rapca_Warszawa_Kaliska_15_klatka_od_Kaliskiej_drzwi_na_podworko-300x399.jpg 300w, http:\/\/lapidarium.fundacja-hereditas.pl\/wp-content\/uploads\/2024\/07\/E_Dziedziniewicz-Rapca_Warszawa_Kaliska_15_klatka_od_Kaliskiej_drzwi_na_podworko-696x925.jpg 696w, http:\/\/lapidarium.fundacja-hereditas.pl\/wp-content\/uploads\/2024\/07\/E_Dziedziniewicz-Rapca_Warszawa_Kaliska_15_klatka_od_Kaliskiej_drzwi_na_podworko-1068x1420.jpg 1068w, http:\/\/lapidarium.fundacja-hereditas.pl\/wp-content\/uploads\/2024\/07\/E_Dziedziniewicz-Rapca_Warszawa_Kaliska_15_klatka_od_Kaliskiej_drzwi_na_podworko-1920x2553.jpg 1920w, http:\/\/lapidarium.fundacja-hereditas.pl\/wp-content\/uploads\/2024\/07\/E_Dziedziniewicz-Rapca_Warszawa_Kaliska_15_klatka_od_Kaliskiej_drzwi_na_podworko-scaled.jpg 1926w\" sizes=\"auto, (max-width: 770px) 100vw, 770px\" \/><\/a><figcaption class=\"wp-element-caption\">Klatka od ul. Kaliskiej. Wysoki parter. Widok ku podw\u00f3rzu. Fot. Ewa Dziedziniewicz-R\u0105pca, 2023 r., \u017ar\u00f3d\u0142o: MWKZ.<\/figcaption><\/figure>\n\n\n\n<figure class=\"wp-block-image size-large\"><a href=\"http:\/\/lapidarium.fundacja-hereditas.pl\/wp-content\/uploads\/2024\/07\/E_Dziedziniewicz-Rapca_Warszawa_Kaliska_15_klatka_od_Kaliskiej_schody_i_wyjscie_na_podworze-scaled.jpg\"><img loading=\"lazy\" decoding=\"async\" width=\"1024\" height=\"776\" data-id=\"26719\" src=\"http:\/\/lapidarium.fundacja-hereditas.pl\/wp-content\/uploads\/2024\/07\/E_Dziedziniewicz-Rapca_Warszawa_Kaliska_15_klatka_od_Kaliskiej_schody_i_wyjscie_na_podworze-1024x776.jpg\" alt=\"\" class=\"wp-image-26719\" srcset=\"http:\/\/lapidarium.fundacja-hereditas.pl\/wp-content\/uploads\/2024\/07\/E_Dziedziniewicz-Rapca_Warszawa_Kaliska_15_klatka_od_Kaliskiej_schody_i_wyjscie_na_podworze-1024x776.jpg 1024w, http:\/\/lapidarium.fundacja-hereditas.pl\/wp-content\/uploads\/2024\/07\/E_Dziedziniewicz-Rapca_Warszawa_Kaliska_15_klatka_od_Kaliskiej_schody_i_wyjscie_na_podworze-300x227.jpg 300w, http:\/\/lapidarium.fundacja-hereditas.pl\/wp-content\/uploads\/2024\/07\/E_Dziedziniewicz-Rapca_Warszawa_Kaliska_15_klatka_od_Kaliskiej_schody_i_wyjscie_na_podworze-768x582.jpg 768w, http:\/\/lapidarium.fundacja-hereditas.pl\/wp-content\/uploads\/2024\/07\/E_Dziedziniewicz-Rapca_Warszawa_Kaliska_15_klatka_od_Kaliskiej_schody_i_wyjscie_na_podworze-1536x1164.jpg 1536w, http:\/\/lapidarium.fundacja-hereditas.pl\/wp-content\/uploads\/2024\/07\/E_Dziedziniewicz-Rapca_Warszawa_Kaliska_15_klatka_od_Kaliskiej_schody_i_wyjscie_na_podworze-2048x1552.jpg 2048w, http:\/\/lapidarium.fundacja-hereditas.pl\/wp-content\/uploads\/2024\/07\/E_Dziedziniewicz-Rapca_Warszawa_Kaliska_15_klatka_od_Kaliskiej_schody_i_wyjscie_na_podworze-150x114.jpg 150w, http:\/\/lapidarium.fundacja-hereditas.pl\/wp-content\/uploads\/2024\/07\/E_Dziedziniewicz-Rapca_Warszawa_Kaliska_15_klatka_od_Kaliskiej_schody_i_wyjscie_na_podworze-696x527.jpg 696w, http:\/\/lapidarium.fundacja-hereditas.pl\/wp-content\/uploads\/2024\/07\/E_Dziedziniewicz-Rapca_Warszawa_Kaliska_15_klatka_od_Kaliskiej_schody_i_wyjscie_na_podworze-1068x809.jpg 1068w, http:\/\/lapidarium.fundacja-hereditas.pl\/wp-content\/uploads\/2024\/07\/E_Dziedziniewicz-Rapca_Warszawa_Kaliska_15_klatka_od_Kaliskiej_schody_i_wyjscie_na_podworze-1920x1455.jpg 1920w\" sizes=\"auto, (max-width: 1024px) 100vw, 1024px\" \/><\/a><figcaption class=\"wp-element-caption\">Klatka od ul. Kaliskiej. Wysoki parter. Widok ku podw\u00f3rzu. Fot. Ewa Dziedziniewicz-R\u0105pca, 2023 r., \u017ar\u00f3d\u0142o: MWKZ.<\/figcaption><\/figure>\n\n\n\n<figure class=\"wp-block-image size-large\"><a href=\"http:\/\/lapidarium.fundacja-hereditas.pl\/wp-content\/uploads\/2024\/07\/E_Dziedziniewicz-Rapca_Warszawa_Kaliska_15_klatka_od_Kaliskiej_parter_schody_sufit-scaled.jpg\"><img loading=\"lazy\" decoding=\"async\" width=\"1024\" height=\"758\" data-id=\"26708\" src=\"http:\/\/lapidarium.fundacja-hereditas.pl\/wp-content\/uploads\/2024\/07\/E_Dziedziniewicz-Rapca_Warszawa_Kaliska_15_klatka_od_Kaliskiej_parter_schody_sufit-1024x758.jpg\" alt=\"\" class=\"wp-image-26708\" srcset=\"http:\/\/lapidarium.fundacja-hereditas.pl\/wp-content\/uploads\/2024\/07\/E_Dziedziniewicz-Rapca_Warszawa_Kaliska_15_klatka_od_Kaliskiej_parter_schody_sufit-1024x758.jpg 1024w, http:\/\/lapidarium.fundacja-hereditas.pl\/wp-content\/uploads\/2024\/07\/E_Dziedziniewicz-Rapca_Warszawa_Kaliska_15_klatka_od_Kaliskiej_parter_schody_sufit-300x222.jpg 300w, http:\/\/lapidarium.fundacja-hereditas.pl\/wp-content\/uploads\/2024\/07\/E_Dziedziniewicz-Rapca_Warszawa_Kaliska_15_klatka_od_Kaliskiej_parter_schody_sufit-768x569.jpg 768w, http:\/\/lapidarium.fundacja-hereditas.pl\/wp-content\/uploads\/2024\/07\/E_Dziedziniewicz-Rapca_Warszawa_Kaliska_15_klatka_od_Kaliskiej_parter_schody_sufit-1536x1137.jpg 1536w, http:\/\/lapidarium.fundacja-hereditas.pl\/wp-content\/uploads\/2024\/07\/E_Dziedziniewicz-Rapca_Warszawa_Kaliska_15_klatka_od_Kaliskiej_parter_schody_sufit-2048x1517.jpg 2048w, http:\/\/lapidarium.fundacja-hereditas.pl\/wp-content\/uploads\/2024\/07\/E_Dziedziniewicz-Rapca_Warszawa_Kaliska_15_klatka_od_Kaliskiej_parter_schody_sufit-150x111.jpg 150w, http:\/\/lapidarium.fundacja-hereditas.pl\/wp-content\/uploads\/2024\/07\/E_Dziedziniewicz-Rapca_Warszawa_Kaliska_15_klatka_od_Kaliskiej_parter_schody_sufit-485x360.jpg 485w, http:\/\/lapidarium.fundacja-hereditas.pl\/wp-content\/uploads\/2024\/07\/E_Dziedziniewicz-Rapca_Warszawa_Kaliska_15_klatka_od_Kaliskiej_parter_schody_sufit-696x515.jpg 696w, http:\/\/lapidarium.fundacja-hereditas.pl\/wp-content\/uploads\/2024\/07\/E_Dziedziniewicz-Rapca_Warszawa_Kaliska_15_klatka_od_Kaliskiej_parter_schody_sufit-1068x791.jpg 1068w, http:\/\/lapidarium.fundacja-hereditas.pl\/wp-content\/uploads\/2024\/07\/E_Dziedziniewicz-Rapca_Warszawa_Kaliska_15_klatka_od_Kaliskiej_parter_schody_sufit-1920x1422.jpg 1920w\" sizes=\"auto, (max-width: 1024px) 100vw, 1024px\" \/><\/a><figcaption class=\"wp-element-caption\">Klatka od ul. Kaliskiej. Wysoki parter. Sufit i podniebienie schod\u00f3w. Fot. Ewa Dziedziniewicz-R\u0105pca, 2023 r., \u017ar\u00f3d\u0142o: MWKZ.<\/figcaption><\/figure>\n\n\n\n<figure class=\"wp-block-image size-large\"><a href=\"http:\/\/lapidarium.fundacja-hereditas.pl\/wp-content\/uploads\/2024\/07\/E_Dziedziniewicz-Rapca_Warszawa_Kaliska_15_klatka_od_Kaliskiej_polpietro-scaled.jpg\"><img loading=\"lazy\" decoding=\"async\" width=\"1024\" height=\"776\" data-id=\"26717\" src=\"http:\/\/lapidarium.fundacja-hereditas.pl\/wp-content\/uploads\/2024\/07\/E_Dziedziniewicz-Rapca_Warszawa_Kaliska_15_klatka_od_Kaliskiej_polpietro-1024x776.jpg\" alt=\"\" class=\"wp-image-26717\" srcset=\"http:\/\/lapidarium.fundacja-hereditas.pl\/wp-content\/uploads\/2024\/07\/E_Dziedziniewicz-Rapca_Warszawa_Kaliska_15_klatka_od_Kaliskiej_polpietro-1024x776.jpg 1024w, http:\/\/lapidarium.fundacja-hereditas.pl\/wp-content\/uploads\/2024\/07\/E_Dziedziniewicz-Rapca_Warszawa_Kaliska_15_klatka_od_Kaliskiej_polpietro-300x227.jpg 300w, http:\/\/lapidarium.fundacja-hereditas.pl\/wp-content\/uploads\/2024\/07\/E_Dziedziniewicz-Rapca_Warszawa_Kaliska_15_klatka_od_Kaliskiej_polpietro-768x582.jpg 768w, http:\/\/lapidarium.fundacja-hereditas.pl\/wp-content\/uploads\/2024\/07\/E_Dziedziniewicz-Rapca_Warszawa_Kaliska_15_klatka_od_Kaliskiej_polpietro-1536x1164.jpg 1536w, http:\/\/lapidarium.fundacja-hereditas.pl\/wp-content\/uploads\/2024\/07\/E_Dziedziniewicz-Rapca_Warszawa_Kaliska_15_klatka_od_Kaliskiej_polpietro-2048x1552.jpg 2048w, http:\/\/lapidarium.fundacja-hereditas.pl\/wp-content\/uploads\/2024\/07\/E_Dziedziniewicz-Rapca_Warszawa_Kaliska_15_klatka_od_Kaliskiej_polpietro-150x114.jpg 150w, http:\/\/lapidarium.fundacja-hereditas.pl\/wp-content\/uploads\/2024\/07\/E_Dziedziniewicz-Rapca_Warszawa_Kaliska_15_klatka_od_Kaliskiej_polpietro-696x527.jpg 696w, http:\/\/lapidarium.fundacja-hereditas.pl\/wp-content\/uploads\/2024\/07\/E_Dziedziniewicz-Rapca_Warszawa_Kaliska_15_klatka_od_Kaliskiej_polpietro-1068x809.jpg 1068w, http:\/\/lapidarium.fundacja-hereditas.pl\/wp-content\/uploads\/2024\/07\/E_Dziedziniewicz-Rapca_Warszawa_Kaliska_15_klatka_od_Kaliskiej_polpietro-1920x1455.jpg 1920w\" sizes=\"auto, (max-width: 1024px) 100vw, 1024px\" \/><\/a><figcaption class=\"wp-element-caption\">Klatka od ul. Kaliskiej. Zakr\u0119t balustrady na p\u00f3\u0142pi\u0119trze. Fot. Ewa Dziedziniewicz-R\u0105pca, 2023 r., \u017ar\u00f3d\u0142o: MWKZ.<\/figcaption><\/figure>\n\n\n\n<figure class=\"wp-block-image size-large\"><a href=\"http:\/\/lapidarium.fundacja-hereditas.pl\/wp-content\/uploads\/2024\/07\/E_Dziedziniewicz-Rapca_Warszawa_Kaliska_15_klatka_od_Kaliskiej_poplietro_posadzka_detal-scaled.jpg\"><img loading=\"lazy\" decoding=\"async\" width=\"1024\" height=\"704\" data-id=\"26718\" src=\"http:\/\/lapidarium.fundacja-hereditas.pl\/wp-content\/uploads\/2024\/07\/E_Dziedziniewicz-Rapca_Warszawa_Kaliska_15_klatka_od_Kaliskiej_poplietro_posadzka_detal-1024x704.jpg\" alt=\"\" class=\"wp-image-26718\" srcset=\"http:\/\/lapidarium.fundacja-hereditas.pl\/wp-content\/uploads\/2024\/07\/E_Dziedziniewicz-Rapca_Warszawa_Kaliska_15_klatka_od_Kaliskiej_poplietro_posadzka_detal-1024x704.jpg 1024w, http:\/\/lapidarium.fundacja-hereditas.pl\/wp-content\/uploads\/2024\/07\/E_Dziedziniewicz-Rapca_Warszawa_Kaliska_15_klatka_od_Kaliskiej_poplietro_posadzka_detal-300x206.jpg 300w, http:\/\/lapidarium.fundacja-hereditas.pl\/wp-content\/uploads\/2024\/07\/E_Dziedziniewicz-Rapca_Warszawa_Kaliska_15_klatka_od_Kaliskiej_poplietro_posadzka_detal-768x528.jpg 768w, http:\/\/lapidarium.fundacja-hereditas.pl\/wp-content\/uploads\/2024\/07\/E_Dziedziniewicz-Rapca_Warszawa_Kaliska_15_klatka_od_Kaliskiej_poplietro_posadzka_detal-1536x1055.jpg 1536w, http:\/\/lapidarium.fundacja-hereditas.pl\/wp-content\/uploads\/2024\/07\/E_Dziedziniewicz-Rapca_Warszawa_Kaliska_15_klatka_od_Kaliskiej_poplietro_posadzka_detal-2048x1407.jpg 2048w, http:\/\/lapidarium.fundacja-hereditas.pl\/wp-content\/uploads\/2024\/07\/E_Dziedziniewicz-Rapca_Warszawa_Kaliska_15_klatka_od_Kaliskiej_poplietro_posadzka_detal-150x103.jpg 150w, http:\/\/lapidarium.fundacja-hereditas.pl\/wp-content\/uploads\/2024\/07\/E_Dziedziniewicz-Rapca_Warszawa_Kaliska_15_klatka_od_Kaliskiej_poplietro_posadzka_detal-218x150.jpg 218w, http:\/\/lapidarium.fundacja-hereditas.pl\/wp-content\/uploads\/2024\/07\/E_Dziedziniewicz-Rapca_Warszawa_Kaliska_15_klatka_od_Kaliskiej_poplietro_posadzka_detal-696x478.jpg 696w, http:\/\/lapidarium.fundacja-hereditas.pl\/wp-content\/uploads\/2024\/07\/E_Dziedziniewicz-Rapca_Warszawa_Kaliska_15_klatka_od_Kaliskiej_poplietro_posadzka_detal-1068x734.jpg 1068w, http:\/\/lapidarium.fundacja-hereditas.pl\/wp-content\/uploads\/2024\/07\/E_Dziedziniewicz-Rapca_Warszawa_Kaliska_15_klatka_od_Kaliskiej_poplietro_posadzka_detal-1920x1319.jpg 1920w\" sizes=\"auto, (max-width: 1024px) 100vw, 1024px\" \/><\/a><figcaption class=\"wp-element-caption\">Klatka od ul. Kaliskiej. Posadka p\u00f3\u0142pi\u0119tra (powy\u017cej parteru). Fot. Ewa Dziedziniewicz-R\u0105pca, 2023 r., \u017ar\u00f3d\u0142o: MWKZ.<\/figcaption><\/figure>\n\n\n\n<figure class=\"wp-block-image size-large\"><a href=\"http:\/\/lapidarium.fundacja-hereditas.pl\/wp-content\/uploads\/2024\/07\/E_Dziedziniewicz-Rapca_Warszawa_Kaliska_15_klatka_od_Kaliskiej_pierwsze_pietro_dusza_schodow_detal-scaled.jpg\"><img loading=\"lazy\" decoding=\"async\" width=\"762\" height=\"1024\" data-id=\"26712\" src=\"http:\/\/lapidarium.fundacja-hereditas.pl\/wp-content\/uploads\/2024\/07\/E_Dziedziniewicz-Rapca_Warszawa_Kaliska_15_klatka_od_Kaliskiej_pierwsze_pietro_dusza_schodow_detal-762x1024.jpg\" alt=\"\" class=\"wp-image-26712\" srcset=\"http:\/\/lapidarium.fundacja-hereditas.pl\/wp-content\/uploads\/2024\/07\/E_Dziedziniewicz-Rapca_Warszawa_Kaliska_15_klatka_od_Kaliskiej_pierwsze_pietro_dusza_schodow_detal-762x1024.jpg 762w, http:\/\/lapidarium.fundacja-hereditas.pl\/wp-content\/uploads\/2024\/07\/E_Dziedziniewicz-Rapca_Warszawa_Kaliska_15_klatka_od_Kaliskiej_pierwsze_pietro_dusza_schodow_detal-223x300.jpg 223w, http:\/\/lapidarium.fundacja-hereditas.pl\/wp-content\/uploads\/2024\/07\/E_Dziedziniewicz-Rapca_Warszawa_Kaliska_15_klatka_od_Kaliskiej_pierwsze_pietro_dusza_schodow_detal-768x1033.jpg 768w, http:\/\/lapidarium.fundacja-hereditas.pl\/wp-content\/uploads\/2024\/07\/E_Dziedziniewicz-Rapca_Warszawa_Kaliska_15_klatka_od_Kaliskiej_pierwsze_pietro_dusza_schodow_detal-1142x1536.jpg 1142w, http:\/\/lapidarium.fundacja-hereditas.pl\/wp-content\/uploads\/2024\/07\/E_Dziedziniewicz-Rapca_Warszawa_Kaliska_15_klatka_od_Kaliskiej_pierwsze_pietro_dusza_schodow_detal-1523x2048.jpg 1523w, http:\/\/lapidarium.fundacja-hereditas.pl\/wp-content\/uploads\/2024\/07\/E_Dziedziniewicz-Rapca_Warszawa_Kaliska_15_klatka_od_Kaliskiej_pierwsze_pietro_dusza_schodow_detal-150x202.jpg 150w, http:\/\/lapidarium.fundacja-hereditas.pl\/wp-content\/uploads\/2024\/07\/E_Dziedziniewicz-Rapca_Warszawa_Kaliska_15_klatka_od_Kaliskiej_pierwsze_pietro_dusza_schodow_detal-300x403.jpg 300w, http:\/\/lapidarium.fundacja-hereditas.pl\/wp-content\/uploads\/2024\/07\/E_Dziedziniewicz-Rapca_Warszawa_Kaliska_15_klatka_od_Kaliskiej_pierwsze_pietro_dusza_schodow_detal-696x936.jpg 696w, http:\/\/lapidarium.fundacja-hereditas.pl\/wp-content\/uploads\/2024\/07\/E_Dziedziniewicz-Rapca_Warszawa_Kaliska_15_klatka_od_Kaliskiej_pierwsze_pietro_dusza_schodow_detal-1068x1436.jpg 1068w, http:\/\/lapidarium.fundacja-hereditas.pl\/wp-content\/uploads\/2024\/07\/E_Dziedziniewicz-Rapca_Warszawa_Kaliska_15_klatka_od_Kaliskiej_pierwsze_pietro_dusza_schodow_detal-1920x2582.jpg 1920w, http:\/\/lapidarium.fundacja-hereditas.pl\/wp-content\/uploads\/2024\/07\/E_Dziedziniewicz-Rapca_Warszawa_Kaliska_15_klatka_od_Kaliskiej_pierwsze_pietro_dusza_schodow_detal-scaled.jpg 1904w\" sizes=\"auto, (max-width: 762px) 100vw, 762px\" \/><\/a><figcaption class=\"wp-element-caption\">Klatka od ul. Kaliskiej. Zakr\u0119t balustrady na I-szym pi\u0119trze. Fot. Ewa Dziedziniewicz-R\u0105pca, 2023 r., \u017ar\u00f3d\u0142o: MWKZ.<\/figcaption><\/figure>\n\n\n\n<figure class=\"wp-block-image size-large\"><a href=\"http:\/\/lapidarium.fundacja-hereditas.pl\/wp-content\/uploads\/2024\/07\/E_Dziedziniewicz-Rapca_Warszawa_Kaliska_15_klatka_od_Kaliskiej_pierwsze_pietro-scaled.jpg\"><img loading=\"lazy\" decoding=\"async\" width=\"1024\" height=\"775\" data-id=\"26710\" src=\"http:\/\/lapidarium.fundacja-hereditas.pl\/wp-content\/uploads\/2024\/07\/E_Dziedziniewicz-Rapca_Warszawa_Kaliska_15_klatka_od_Kaliskiej_pierwsze_pietro-1024x775.jpg\" alt=\"\" class=\"wp-image-26710\" srcset=\"http:\/\/lapidarium.fundacja-hereditas.pl\/wp-content\/uploads\/2024\/07\/E_Dziedziniewicz-Rapca_Warszawa_Kaliska_15_klatka_od_Kaliskiej_pierwsze_pietro-1024x775.jpg 1024w, http:\/\/lapidarium.fundacja-hereditas.pl\/wp-content\/uploads\/2024\/07\/E_Dziedziniewicz-Rapca_Warszawa_Kaliska_15_klatka_od_Kaliskiej_pierwsze_pietro-300x227.jpg 300w, http:\/\/lapidarium.fundacja-hereditas.pl\/wp-content\/uploads\/2024\/07\/E_Dziedziniewicz-Rapca_Warszawa_Kaliska_15_klatka_od_Kaliskiej_pierwsze_pietro-768x581.jpg 768w, http:\/\/lapidarium.fundacja-hereditas.pl\/wp-content\/uploads\/2024\/07\/E_Dziedziniewicz-Rapca_Warszawa_Kaliska_15_klatka_od_Kaliskiej_pierwsze_pietro-1536x1162.jpg 1536w, http:\/\/lapidarium.fundacja-hereditas.pl\/wp-content\/uploads\/2024\/07\/E_Dziedziniewicz-Rapca_Warszawa_Kaliska_15_klatka_od_Kaliskiej_pierwsze_pietro-2048x1550.jpg 2048w, http:\/\/lapidarium.fundacja-hereditas.pl\/wp-content\/uploads\/2024\/07\/E_Dziedziniewicz-Rapca_Warszawa_Kaliska_15_klatka_od_Kaliskiej_pierwsze_pietro-150x114.jpg 150w, http:\/\/lapidarium.fundacja-hereditas.pl\/wp-content\/uploads\/2024\/07\/E_Dziedziniewicz-Rapca_Warszawa_Kaliska_15_klatka_od_Kaliskiej_pierwsze_pietro-696x527.jpg 696w, http:\/\/lapidarium.fundacja-hereditas.pl\/wp-content\/uploads\/2024\/07\/E_Dziedziniewicz-Rapca_Warszawa_Kaliska_15_klatka_od_Kaliskiej_pierwsze_pietro-1068x808.jpg 1068w, http:\/\/lapidarium.fundacja-hereditas.pl\/wp-content\/uploads\/2024\/07\/E_Dziedziniewicz-Rapca_Warszawa_Kaliska_15_klatka_od_Kaliskiej_pierwsze_pietro-1920x1453.jpg 1920w\" sizes=\"auto, (max-width: 1024px) 100vw, 1024px\" \/><\/a><figcaption class=\"wp-element-caption\">Klatka od ul. Kaliskiej. Zakr\u0119t balustrady na I-szym pi\u0119trze. Posadzka. Fot. Ewa Dziedziniewicz-R\u0105pca, 2023 r., \u017ar\u00f3d\u0142o: MWKZ.<\/figcaption><\/figure>\n\n\n\n<figure class=\"wp-block-image size-large\"><a href=\"http:\/\/lapidarium.fundacja-hereditas.pl\/wp-content\/uploads\/2024\/07\/E_Dziedziniewicz-Rapca_Warszawa_Kaliska_15_klatka_od_Kaliskiej_pierwsze_pietro_zakret_schodow-scaled.jpg\"><img loading=\"lazy\" decoding=\"async\" width=\"750\" height=\"1024\" data-id=\"26716\" src=\"http:\/\/lapidarium.fundacja-hereditas.pl\/wp-content\/uploads\/2024\/07\/E_Dziedziniewicz-Rapca_Warszawa_Kaliska_15_klatka_od_Kaliskiej_pierwsze_pietro_zakret_schodow-750x1024.jpg\" alt=\"\" class=\"wp-image-26716\" srcset=\"http:\/\/lapidarium.fundacja-hereditas.pl\/wp-content\/uploads\/2024\/07\/E_Dziedziniewicz-Rapca_Warszawa_Kaliska_15_klatka_od_Kaliskiej_pierwsze_pietro_zakret_schodow-750x1024.jpg 750w, http:\/\/lapidarium.fundacja-hereditas.pl\/wp-content\/uploads\/2024\/07\/E_Dziedziniewicz-Rapca_Warszawa_Kaliska_15_klatka_od_Kaliskiej_pierwsze_pietro_zakret_schodow-220x300.jpg 220w, http:\/\/lapidarium.fundacja-hereditas.pl\/wp-content\/uploads\/2024\/07\/E_Dziedziniewicz-Rapca_Warszawa_Kaliska_15_klatka_od_Kaliskiej_pierwsze_pietro_zakret_schodow-768x1048.jpg 768w, http:\/\/lapidarium.fundacja-hereditas.pl\/wp-content\/uploads\/2024\/07\/E_Dziedziniewicz-Rapca_Warszawa_Kaliska_15_klatka_od_Kaliskiej_pierwsze_pietro_zakret_schodow-1126x1536.jpg 1126w, http:\/\/lapidarium.fundacja-hereditas.pl\/wp-content\/uploads\/2024\/07\/E_Dziedziniewicz-Rapca_Warszawa_Kaliska_15_klatka_od_Kaliskiej_pierwsze_pietro_zakret_schodow-1501x2048.jpg 1501w, http:\/\/lapidarium.fundacja-hereditas.pl\/wp-content\/uploads\/2024\/07\/E_Dziedziniewicz-Rapca_Warszawa_Kaliska_15_klatka_od_Kaliskiej_pierwsze_pietro_zakret_schodow-150x205.jpg 150w, http:\/\/lapidarium.fundacja-hereditas.pl\/wp-content\/uploads\/2024\/07\/E_Dziedziniewicz-Rapca_Warszawa_Kaliska_15_klatka_od_Kaliskiej_pierwsze_pietro_zakret_schodow-300x409.jpg 300w, http:\/\/lapidarium.fundacja-hereditas.pl\/wp-content\/uploads\/2024\/07\/E_Dziedziniewicz-Rapca_Warszawa_Kaliska_15_klatka_od_Kaliskiej_pierwsze_pietro_zakret_schodow-696x950.jpg 696w, http:\/\/lapidarium.fundacja-hereditas.pl\/wp-content\/uploads\/2024\/07\/E_Dziedziniewicz-Rapca_Warszawa_Kaliska_15_klatka_od_Kaliskiej_pierwsze_pietro_zakret_schodow-1068x1457.jpg 1068w, http:\/\/lapidarium.fundacja-hereditas.pl\/wp-content\/uploads\/2024\/07\/E_Dziedziniewicz-Rapca_Warszawa_Kaliska_15_klatka_od_Kaliskiej_pierwsze_pietro_zakret_schodow-1920x2620.jpg 1920w, http:\/\/lapidarium.fundacja-hereditas.pl\/wp-content\/uploads\/2024\/07\/E_Dziedziniewicz-Rapca_Warszawa_Kaliska_15_klatka_od_Kaliskiej_pierwsze_pietro_zakret_schodow-scaled.jpg 1876w\" sizes=\"auto, (max-width: 750px) 100vw, 750px\" \/><\/a><figcaption class=\"wp-element-caption\">Klatka od ul. Kaliskiej. Zakr\u0119t balustrady na I-szym pi\u0119trze. Fot. Ewa Dziedziniewicz-R\u0105pca, 2023 r., \u017ar\u00f3d\u0142o: MWKZ.<\/figcaption><\/figure>\n\n\n\n<figure class=\"wp-block-image size-large\"><a href=\"http:\/\/lapidarium.fundacja-hereditas.pl\/wp-content\/uploads\/2024\/07\/E_Dziedziniewicz-Rapca_Warszawa_Kaliska_15_klatka_od_Kaliskiej_pierwsze_pietro_z_gory-scaled.jpg\"><img loading=\"lazy\" decoding=\"async\" width=\"737\" height=\"1024\" data-id=\"26715\" src=\"http:\/\/lapidarium.fundacja-hereditas.pl\/wp-content\/uploads\/2024\/07\/E_Dziedziniewicz-Rapca_Warszawa_Kaliska_15_klatka_od_Kaliskiej_pierwsze_pietro_z_gory-737x1024.jpg\" alt=\"\" class=\"wp-image-26715\" srcset=\"http:\/\/lapidarium.fundacja-hereditas.pl\/wp-content\/uploads\/2024\/07\/E_Dziedziniewicz-Rapca_Warszawa_Kaliska_15_klatka_od_Kaliskiej_pierwsze_pietro_z_gory-737x1024.jpg 737w, http:\/\/lapidarium.fundacja-hereditas.pl\/wp-content\/uploads\/2024\/07\/E_Dziedziniewicz-Rapca_Warszawa_Kaliska_15_klatka_od_Kaliskiej_pierwsze_pietro_z_gory-216x300.jpg 216w, http:\/\/lapidarium.fundacja-hereditas.pl\/wp-content\/uploads\/2024\/07\/E_Dziedziniewicz-Rapca_Warszawa_Kaliska_15_klatka_od_Kaliskiej_pierwsze_pietro_z_gory-768x1067.jpg 768w, http:\/\/lapidarium.fundacja-hereditas.pl\/wp-content\/uploads\/2024\/07\/E_Dziedziniewicz-Rapca_Warszawa_Kaliska_15_klatka_od_Kaliskiej_pierwsze_pietro_z_gory-1105x1536.jpg 1105w, http:\/\/lapidarium.fundacja-hereditas.pl\/wp-content\/uploads\/2024\/07\/E_Dziedziniewicz-Rapca_Warszawa_Kaliska_15_klatka_od_Kaliskiej_pierwsze_pietro_z_gory-1473x2048.jpg 1473w, http:\/\/lapidarium.fundacja-hereditas.pl\/wp-content\/uploads\/2024\/07\/E_Dziedziniewicz-Rapca_Warszawa_Kaliska_15_klatka_od_Kaliskiej_pierwsze_pietro_z_gory-150x208.jpg 150w, http:\/\/lapidarium.fundacja-hereditas.pl\/wp-content\/uploads\/2024\/07\/E_Dziedziniewicz-Rapca_Warszawa_Kaliska_15_klatka_od_Kaliskiej_pierwsze_pietro_z_gory-300x417.jpg 300w, http:\/\/lapidarium.fundacja-hereditas.pl\/wp-content\/uploads\/2024\/07\/E_Dziedziniewicz-Rapca_Warszawa_Kaliska_15_klatka_od_Kaliskiej_pierwsze_pietro_z_gory-696x967.jpg 696w, http:\/\/lapidarium.fundacja-hereditas.pl\/wp-content\/uploads\/2024\/07\/E_Dziedziniewicz-Rapca_Warszawa_Kaliska_15_klatka_od_Kaliskiej_pierwsze_pietro_z_gory-1068x1484.jpg 1068w, http:\/\/lapidarium.fundacja-hereditas.pl\/wp-content\/uploads\/2024\/07\/E_Dziedziniewicz-Rapca_Warszawa_Kaliska_15_klatka_od_Kaliskiej_pierwsze_pietro_z_gory-1920x2669.jpg 1920w, http:\/\/lapidarium.fundacja-hereditas.pl\/wp-content\/uploads\/2024\/07\/E_Dziedziniewicz-Rapca_Warszawa_Kaliska_15_klatka_od_Kaliskiej_pierwsze_pietro_z_gory-scaled.jpg 1842w\" sizes=\"auto, (max-width: 737px) 100vw, 737px\" \/><\/a><figcaption class=\"wp-element-caption\">Klatka od ul. Kaliskiej. Pi\u0119tro I-sze. Widok og\u00f3lny. Fot. Ewa Dziedziniewicz-R\u0105pca, 2023 r., \u017ar\u00f3d\u0142o: MWKZ.<\/figcaption><\/figure>\n\n\n\n<figure class=\"wp-block-image size-large\"><a href=\"http:\/\/lapidarium.fundacja-hereditas.pl\/wp-content\/uploads\/2024\/07\/E_Dziedziniewicz-Rapca_Warszawa_Kaliska_15_klatka_od_Kaliskiej_pierwsze_pietro_schody_na_gore-scaled.jpg\"><img loading=\"lazy\" decoding=\"async\" width=\"734\" height=\"1024\" data-id=\"26713\" src=\"http:\/\/lapidarium.fundacja-hereditas.pl\/wp-content\/uploads\/2024\/07\/E_Dziedziniewicz-Rapca_Warszawa_Kaliska_15_klatka_od_Kaliskiej_pierwsze_pietro_schody_na_gore-734x1024.jpg\" alt=\"\" class=\"wp-image-26713\" srcset=\"http:\/\/lapidarium.fundacja-hereditas.pl\/wp-content\/uploads\/2024\/07\/E_Dziedziniewicz-Rapca_Warszawa_Kaliska_15_klatka_od_Kaliskiej_pierwsze_pietro_schody_na_gore-734x1024.jpg 734w, http:\/\/lapidarium.fundacja-hereditas.pl\/wp-content\/uploads\/2024\/07\/E_Dziedziniewicz-Rapca_Warszawa_Kaliska_15_klatka_od_Kaliskiej_pierwsze_pietro_schody_na_gore-215x300.jpg 215w, http:\/\/lapidarium.fundacja-hereditas.pl\/wp-content\/uploads\/2024\/07\/E_Dziedziniewicz-Rapca_Warszawa_Kaliska_15_klatka_od_Kaliskiej_pierwsze_pietro_schody_na_gore-768x1072.jpg 768w, http:\/\/lapidarium.fundacja-hereditas.pl\/wp-content\/uploads\/2024\/07\/E_Dziedziniewicz-Rapca_Warszawa_Kaliska_15_klatka_od_Kaliskiej_pierwsze_pietro_schody_na_gore-1100x1536.jpg 1100w, http:\/\/lapidarium.fundacja-hereditas.pl\/wp-content\/uploads\/2024\/07\/E_Dziedziniewicz-Rapca_Warszawa_Kaliska_15_klatka_od_Kaliskiej_pierwsze_pietro_schody_na_gore-1467x2048.jpg 1467w, http:\/\/lapidarium.fundacja-hereditas.pl\/wp-content\/uploads\/2024\/07\/E_Dziedziniewicz-Rapca_Warszawa_Kaliska_15_klatka_od_Kaliskiej_pierwsze_pietro_schody_na_gore-150x209.jpg 150w, http:\/\/lapidarium.fundacja-hereditas.pl\/wp-content\/uploads\/2024\/07\/E_Dziedziniewicz-Rapca_Warszawa_Kaliska_15_klatka_od_Kaliskiej_pierwsze_pietro_schody_na_gore-300x419.jpg 300w, http:\/\/lapidarium.fundacja-hereditas.pl\/wp-content\/uploads\/2024\/07\/E_Dziedziniewicz-Rapca_Warszawa_Kaliska_15_klatka_od_Kaliskiej_pierwsze_pietro_schody_na_gore-696x972.jpg 696w, http:\/\/lapidarium.fundacja-hereditas.pl\/wp-content\/uploads\/2024\/07\/E_Dziedziniewicz-Rapca_Warszawa_Kaliska_15_klatka_od_Kaliskiej_pierwsze_pietro_schody_na_gore-1068x1491.jpg 1068w, http:\/\/lapidarium.fundacja-hereditas.pl\/wp-content\/uploads\/2024\/07\/E_Dziedziniewicz-Rapca_Warszawa_Kaliska_15_klatka_od_Kaliskiej_pierwsze_pietro_schody_na_gore-1920x2680.jpg 1920w, http:\/\/lapidarium.fundacja-hereditas.pl\/wp-content\/uploads\/2024\/07\/E_Dziedziniewicz-Rapca_Warszawa_Kaliska_15_klatka_od_Kaliskiej_pierwsze_pietro_schody_na_gore-scaled.jpg 1834w\" sizes=\"auto, (max-width: 734px) 100vw, 734px\" \/><\/a><figcaption class=\"wp-element-caption\">Klatka od ul. Kaliskiej. Pi\u0119tro I-sze. Widok na spocznik. Fot. Ewa Dziedziniewicz-R\u0105pca, 2023 r., \u017ar\u00f3d\u0142o: MWKZ.<\/figcaption><\/figure>\n\n\n\n<figure class=\"wp-block-image size-large\"><a href=\"http:\/\/lapidarium.fundacja-hereditas.pl\/wp-content\/uploads\/2024\/07\/E_Dziedziniewicz-Rapca_Warszawa_Kaliska_15_klatka_od_Kaliskiej_pierwsze_pietro_schody_polpietro-scaled.jpg\"><img loading=\"lazy\" decoding=\"async\" width=\"1024\" height=\"832\" data-id=\"26714\" src=\"http:\/\/lapidarium.fundacja-hereditas.pl\/wp-content\/uploads\/2024\/07\/E_Dziedziniewicz-Rapca_Warszawa_Kaliska_15_klatka_od_Kaliskiej_pierwsze_pietro_schody_polpietro-1024x832.jpg\" alt=\"\" class=\"wp-image-26714\" srcset=\"http:\/\/lapidarium.fundacja-hereditas.pl\/wp-content\/uploads\/2024\/07\/E_Dziedziniewicz-Rapca_Warszawa_Kaliska_15_klatka_od_Kaliskiej_pierwsze_pietro_schody_polpietro-1024x832.jpg 1024w, http:\/\/lapidarium.fundacja-hereditas.pl\/wp-content\/uploads\/2024\/07\/E_Dziedziniewicz-Rapca_Warszawa_Kaliska_15_klatka_od_Kaliskiej_pierwsze_pietro_schody_polpietro-300x244.jpg 300w, http:\/\/lapidarium.fundacja-hereditas.pl\/wp-content\/uploads\/2024\/07\/E_Dziedziniewicz-Rapca_Warszawa_Kaliska_15_klatka_od_Kaliskiej_pierwsze_pietro_schody_polpietro-768x624.jpg 768w, http:\/\/lapidarium.fundacja-hereditas.pl\/wp-content\/uploads\/2024\/07\/E_Dziedziniewicz-Rapca_Warszawa_Kaliska_15_klatka_od_Kaliskiej_pierwsze_pietro_schody_polpietro-1536x1248.jpg 1536w, http:\/\/lapidarium.fundacja-hereditas.pl\/wp-content\/uploads\/2024\/07\/E_Dziedziniewicz-Rapca_Warszawa_Kaliska_15_klatka_od_Kaliskiej_pierwsze_pietro_schody_polpietro-2048x1664.jpg 2048w, http:\/\/lapidarium.fundacja-hereditas.pl\/wp-content\/uploads\/2024\/07\/E_Dziedziniewicz-Rapca_Warszawa_Kaliska_15_klatka_od_Kaliskiej_pierwsze_pietro_schody_polpietro-150x122.jpg 150w, http:\/\/lapidarium.fundacja-hereditas.pl\/wp-content\/uploads\/2024\/07\/E_Dziedziniewicz-Rapca_Warszawa_Kaliska_15_klatka_od_Kaliskiej_pierwsze_pietro_schody_polpietro-696x565.jpg 696w, http:\/\/lapidarium.fundacja-hereditas.pl\/wp-content\/uploads\/2024\/07\/E_Dziedziniewicz-Rapca_Warszawa_Kaliska_15_klatka_od_Kaliskiej_pierwsze_pietro_schody_polpietro-1068x868.jpg 1068w, http:\/\/lapidarium.fundacja-hereditas.pl\/wp-content\/uploads\/2024\/07\/E_Dziedziniewicz-Rapca_Warszawa_Kaliska_15_klatka_od_Kaliskiej_pierwsze_pietro_schody_polpietro-1920x1560.jpg 1920w\" sizes=\"auto, (max-width: 1024px) 100vw, 1024px\" \/><\/a><figcaption class=\"wp-element-caption\">Klatka od ul. Kaliskiej. Pi\u0119tro I-sze. Widok na spocznik. Fot. Ewa Dziedziniewicz-R\u0105pca, 2023 r., \u017ar\u00f3d\u0142o: MWKZ.<\/figcaption><\/figure>\n\n\n\n<figure class=\"wp-block-image size-large\"><a href=\"http:\/\/lapidarium.fundacja-hereditas.pl\/wp-content\/uploads\/2024\/07\/E_Dziedziniewicz-Rapca_Warszawa_Kaliska_15_klatka_od_Kaliskiej_drugie_pietro_schody_ukosem-scaled.jpg\"><img loading=\"lazy\" decoding=\"async\" width=\"772\" height=\"1024\" data-id=\"26704\" src=\"http:\/\/lapidarium.fundacja-hereditas.pl\/wp-content\/uploads\/2024\/07\/E_Dziedziniewicz-Rapca_Warszawa_Kaliska_15_klatka_od_Kaliskiej_drugie_pietro_schody_ukosem-772x1024.jpg\" alt=\"\" class=\"wp-image-26704\" srcset=\"http:\/\/lapidarium.fundacja-hereditas.pl\/wp-content\/uploads\/2024\/07\/E_Dziedziniewicz-Rapca_Warszawa_Kaliska_15_klatka_od_Kaliskiej_drugie_pietro_schody_ukosem-772x1024.jpg 772w, http:\/\/lapidarium.fundacja-hereditas.pl\/wp-content\/uploads\/2024\/07\/E_Dziedziniewicz-Rapca_Warszawa_Kaliska_15_klatka_od_Kaliskiej_drugie_pietro_schody_ukosem-226x300.jpg 226w, http:\/\/lapidarium.fundacja-hereditas.pl\/wp-content\/uploads\/2024\/07\/E_Dziedziniewicz-Rapca_Warszawa_Kaliska_15_klatka_od_Kaliskiej_drugie_pietro_schody_ukosem-768x1019.jpg 768w, http:\/\/lapidarium.fundacja-hereditas.pl\/wp-content\/uploads\/2024\/07\/E_Dziedziniewicz-Rapca_Warszawa_Kaliska_15_klatka_od_Kaliskiej_drugie_pietro_schody_ukosem-1158x1536.jpg 1158w, http:\/\/lapidarium.fundacja-hereditas.pl\/wp-content\/uploads\/2024\/07\/E_Dziedziniewicz-Rapca_Warszawa_Kaliska_15_klatka_od_Kaliskiej_drugie_pietro_schody_ukosem-1544x2048.jpg 1544w, http:\/\/lapidarium.fundacja-hereditas.pl\/wp-content\/uploads\/2024\/07\/E_Dziedziniewicz-Rapca_Warszawa_Kaliska_15_klatka_od_Kaliskiej_drugie_pietro_schody_ukosem-150x199.jpg 150w, http:\/\/lapidarium.fundacja-hereditas.pl\/wp-content\/uploads\/2024\/07\/E_Dziedziniewicz-Rapca_Warszawa_Kaliska_15_klatka_od_Kaliskiej_drugie_pietro_schody_ukosem-300x398.jpg 300w, http:\/\/lapidarium.fundacja-hereditas.pl\/wp-content\/uploads\/2024\/07\/E_Dziedziniewicz-Rapca_Warszawa_Kaliska_15_klatka_od_Kaliskiej_drugie_pietro_schody_ukosem-696x923.jpg 696w, http:\/\/lapidarium.fundacja-hereditas.pl\/wp-content\/uploads\/2024\/07\/E_Dziedziniewicz-Rapca_Warszawa_Kaliska_15_klatka_od_Kaliskiej_drugie_pietro_schody_ukosem-1068x1417.jpg 1068w, http:\/\/lapidarium.fundacja-hereditas.pl\/wp-content\/uploads\/2024\/07\/E_Dziedziniewicz-Rapca_Warszawa_Kaliska_15_klatka_od_Kaliskiej_drugie_pietro_schody_ukosem-1920x2548.jpg 1920w, http:\/\/lapidarium.fundacja-hereditas.pl\/wp-content\/uploads\/2024\/07\/E_Dziedziniewicz-Rapca_Warszawa_Kaliska_15_klatka_od_Kaliskiej_drugie_pietro_schody_ukosem-scaled.jpg 1929w\" sizes=\"auto, (max-width: 772px) 100vw, 772px\" \/><\/a><figcaption class=\"wp-element-caption\">Klatka od ul. Kaliskiej. Pi\u0119tro II-gie. Widok na spocznik i na policzki schod\u00f3w. Fot. Ewa Dziedziniewicz-R\u0105pca, 2023 r., \u017ar\u00f3d\u0142o: MWKZ.<\/figcaption><\/figure>\n\n\n\n<figure class=\"wp-block-image size-large\"><a href=\"http:\/\/lapidarium.fundacja-hereditas.pl\/wp-content\/uploads\/2024\/07\/E_Dziedziniewicz-Rapca_Warszawa_Kaliska_15_klatka_od_Kaliskiej_pierwsze_pietro_balustrada-scaled.jpg\"><img loading=\"lazy\" decoding=\"async\" width=\"773\" height=\"1024\" data-id=\"26711\" src=\"http:\/\/lapidarium.fundacja-hereditas.pl\/wp-content\/uploads\/2024\/07\/E_Dziedziniewicz-Rapca_Warszawa_Kaliska_15_klatka_od_Kaliskiej_pierwsze_pietro_balustrada-773x1024.jpg\" alt=\"\" class=\"wp-image-26711\" srcset=\"http:\/\/lapidarium.fundacja-hereditas.pl\/wp-content\/uploads\/2024\/07\/E_Dziedziniewicz-Rapca_Warszawa_Kaliska_15_klatka_od_Kaliskiej_pierwsze_pietro_balustrada-773x1024.jpg 773w, http:\/\/lapidarium.fundacja-hereditas.pl\/wp-content\/uploads\/2024\/07\/E_Dziedziniewicz-Rapca_Warszawa_Kaliska_15_klatka_od_Kaliskiej_pierwsze_pietro_balustrada-226x300.jpg 226w, http:\/\/lapidarium.fundacja-hereditas.pl\/wp-content\/uploads\/2024\/07\/E_Dziedziniewicz-Rapca_Warszawa_Kaliska_15_klatka_od_Kaliskiej_pierwsze_pietro_balustrada-768x1017.jpg 768w, http:\/\/lapidarium.fundacja-hereditas.pl\/wp-content\/uploads\/2024\/07\/E_Dziedziniewicz-Rapca_Warszawa_Kaliska_15_klatka_od_Kaliskiej_pierwsze_pietro_balustrada-1160x1536.jpg 1160w, http:\/\/lapidarium.fundacja-hereditas.pl\/wp-content\/uploads\/2024\/07\/E_Dziedziniewicz-Rapca_Warszawa_Kaliska_15_klatka_od_Kaliskiej_pierwsze_pietro_balustrada-1546x2048.jpg 1546w, http:\/\/lapidarium.fundacja-hereditas.pl\/wp-content\/uploads\/2024\/07\/E_Dziedziniewicz-Rapca_Warszawa_Kaliska_15_klatka_od_Kaliskiej_pierwsze_pietro_balustrada-150x199.jpg 150w, http:\/\/lapidarium.fundacja-hereditas.pl\/wp-content\/uploads\/2024\/07\/E_Dziedziniewicz-Rapca_Warszawa_Kaliska_15_klatka_od_Kaliskiej_pierwsze_pietro_balustrada-300x397.jpg 300w, http:\/\/lapidarium.fundacja-hereditas.pl\/wp-content\/uploads\/2024\/07\/E_Dziedziniewicz-Rapca_Warszawa_Kaliska_15_klatka_od_Kaliskiej_pierwsze_pietro_balustrada-696x922.jpg 696w, http:\/\/lapidarium.fundacja-hereditas.pl\/wp-content\/uploads\/2024\/07\/E_Dziedziniewicz-Rapca_Warszawa_Kaliska_15_klatka_od_Kaliskiej_pierwsze_pietro_balustrada-1068x1415.jpg 1068w, http:\/\/lapidarium.fundacja-hereditas.pl\/wp-content\/uploads\/2024\/07\/E_Dziedziniewicz-Rapca_Warszawa_Kaliska_15_klatka_od_Kaliskiej_pierwsze_pietro_balustrada-1920x2543.jpg 1920w, http:\/\/lapidarium.fundacja-hereditas.pl\/wp-content\/uploads\/2024\/07\/E_Dziedziniewicz-Rapca_Warszawa_Kaliska_15_klatka_od_Kaliskiej_pierwsze_pietro_balustrada-scaled.jpg 1933w\" sizes=\"auto, (max-width: 773px) 100vw, 773px\" \/><\/a><figcaption class=\"wp-element-caption\">Klatka od ul. Kaliskiej. Zakr\u0119t balustrady na I-szym pi\u0119trze. Fot. Ewa Dziedziniewicz-R\u0105pca, 2023 r., \u017ar\u00f3d\u0142o: MWKZ.<\/figcaption><\/figure>\n\n\n\n<figure class=\"wp-block-image size-large\"><a href=\"http:\/\/lapidarium.fundacja-hereditas.pl\/wp-content\/uploads\/2024\/07\/E_Dziedziniewicz-Rapca_Warszawa_Kaliska_15_klatka_od_Kaliskiej_drugie_pietro_schody-scaled.jpg\"><img loading=\"lazy\" decoding=\"async\" width=\"773\" height=\"1024\" data-id=\"26702\" src=\"http:\/\/lapidarium.fundacja-hereditas.pl\/wp-content\/uploads\/2024\/07\/E_Dziedziniewicz-Rapca_Warszawa_Kaliska_15_klatka_od_Kaliskiej_drugie_pietro_schody-773x1024.jpg\" alt=\"\" class=\"wp-image-26702\" srcset=\"http:\/\/lapidarium.fundacja-hereditas.pl\/wp-content\/uploads\/2024\/07\/E_Dziedziniewicz-Rapca_Warszawa_Kaliska_15_klatka_od_Kaliskiej_drugie_pietro_schody-773x1024.jpg 773w, http:\/\/lapidarium.fundacja-hereditas.pl\/wp-content\/uploads\/2024\/07\/E_Dziedziniewicz-Rapca_Warszawa_Kaliska_15_klatka_od_Kaliskiej_drugie_pietro_schody-226x300.jpg 226w, http:\/\/lapidarium.fundacja-hereditas.pl\/wp-content\/uploads\/2024\/07\/E_Dziedziniewicz-Rapca_Warszawa_Kaliska_15_klatka_od_Kaliskiej_drugie_pietro_schody-768x1017.jpg 768w, http:\/\/lapidarium.fundacja-hereditas.pl\/wp-content\/uploads\/2024\/07\/E_Dziedziniewicz-Rapca_Warszawa_Kaliska_15_klatka_od_Kaliskiej_drugie_pietro_schody-1160x1536.jpg 1160w, http:\/\/lapidarium.fundacja-hereditas.pl\/wp-content\/uploads\/2024\/07\/E_Dziedziniewicz-Rapca_Warszawa_Kaliska_15_klatka_od_Kaliskiej_drugie_pietro_schody-1546x2048.jpg 1546w, http:\/\/lapidarium.fundacja-hereditas.pl\/wp-content\/uploads\/2024\/07\/E_Dziedziniewicz-Rapca_Warszawa_Kaliska_15_klatka_od_Kaliskiej_drugie_pietro_schody-150x199.jpg 150w, http:\/\/lapidarium.fundacja-hereditas.pl\/wp-content\/uploads\/2024\/07\/E_Dziedziniewicz-Rapca_Warszawa_Kaliska_15_klatka_od_Kaliskiej_drugie_pietro_schody-300x397.jpg 300w, http:\/\/lapidarium.fundacja-hereditas.pl\/wp-content\/uploads\/2024\/07\/E_Dziedziniewicz-Rapca_Warszawa_Kaliska_15_klatka_od_Kaliskiej_drugie_pietro_schody-696x922.jpg 696w, http:\/\/lapidarium.fundacja-hereditas.pl\/wp-content\/uploads\/2024\/07\/E_Dziedziniewicz-Rapca_Warszawa_Kaliska_15_klatka_od_Kaliskiej_drugie_pietro_schody-1068x1415.jpg 1068w, http:\/\/lapidarium.fundacja-hereditas.pl\/wp-content\/uploads\/2024\/07\/E_Dziedziniewicz-Rapca_Warszawa_Kaliska_15_klatka_od_Kaliskiej_drugie_pietro_schody-1920x2543.jpg 1920w, http:\/\/lapidarium.fundacja-hereditas.pl\/wp-content\/uploads\/2024\/07\/E_Dziedziniewicz-Rapca_Warszawa_Kaliska_15_klatka_od_Kaliskiej_drugie_pietro_schody-scaled.jpg 1933w\" sizes=\"auto, (max-width: 773px) 100vw, 773px\" \/><\/a><figcaption class=\"wp-element-caption\">Klatka od ul. Kaliskiej. Pi\u0119tro II-gie. Widok na spocznik. Fot. Ewa Dziedziniewicz-R\u0105pca, 2023 r., \u017ar\u00f3d\u0142o: MWKZ.<\/figcaption><\/figure>\n\n\n\n<figure class=\"wp-block-image size-large\"><a href=\"http:\/\/lapidarium.fundacja-hereditas.pl\/wp-content\/uploads\/2024\/07\/E_Dziedziniewicz-Rapca_Warszawa_Kaliska_15_klatka_od_Kaliskiej_drugie_pietro_schody_cale-scaled.jpg\"><img loading=\"lazy\" decoding=\"async\" width=\"783\" height=\"1024\" data-id=\"26703\" src=\"http:\/\/lapidarium.fundacja-hereditas.pl\/wp-content\/uploads\/2024\/07\/E_Dziedziniewicz-Rapca_Warszawa_Kaliska_15_klatka_od_Kaliskiej_drugie_pietro_schody_cale-783x1024.jpg\" alt=\"\" class=\"wp-image-26703\" srcset=\"http:\/\/lapidarium.fundacja-hereditas.pl\/wp-content\/uploads\/2024\/07\/E_Dziedziniewicz-Rapca_Warszawa_Kaliska_15_klatka_od_Kaliskiej_drugie_pietro_schody_cale-783x1024.jpg 783w, http:\/\/lapidarium.fundacja-hereditas.pl\/wp-content\/uploads\/2024\/07\/E_Dziedziniewicz-Rapca_Warszawa_Kaliska_15_klatka_od_Kaliskiej_drugie_pietro_schody_cale-229x300.jpg 229w, http:\/\/lapidarium.fundacja-hereditas.pl\/wp-content\/uploads\/2024\/07\/E_Dziedziniewicz-Rapca_Warszawa_Kaliska_15_klatka_od_Kaliskiej_drugie_pietro_schody_cale-768x1004.jpg 768w, http:\/\/lapidarium.fundacja-hereditas.pl\/wp-content\/uploads\/2024\/07\/E_Dziedziniewicz-Rapca_Warszawa_Kaliska_15_klatka_od_Kaliskiej_drugie_pietro_schody_cale-1175x1536.jpg 1175w, http:\/\/lapidarium.fundacja-hereditas.pl\/wp-content\/uploads\/2024\/07\/E_Dziedziniewicz-Rapca_Warszawa_Kaliska_15_klatka_od_Kaliskiej_drugie_pietro_schody_cale-1566x2048.jpg 1566w, http:\/\/lapidarium.fundacja-hereditas.pl\/wp-content\/uploads\/2024\/07\/E_Dziedziniewicz-Rapca_Warszawa_Kaliska_15_klatka_od_Kaliskiej_drugie_pietro_schody_cale-150x196.jpg 150w, http:\/\/lapidarium.fundacja-hereditas.pl\/wp-content\/uploads\/2024\/07\/E_Dziedziniewicz-Rapca_Warszawa_Kaliska_15_klatka_od_Kaliskiej_drugie_pietro_schody_cale-300x392.jpg 300w, http:\/\/lapidarium.fundacja-hereditas.pl\/wp-content\/uploads\/2024\/07\/E_Dziedziniewicz-Rapca_Warszawa_Kaliska_15_klatka_od_Kaliskiej_drugie_pietro_schody_cale-696x910.jpg 696w, http:\/\/lapidarium.fundacja-hereditas.pl\/wp-content\/uploads\/2024\/07\/E_Dziedziniewicz-Rapca_Warszawa_Kaliska_15_klatka_od_Kaliskiej_drugie_pietro_schody_cale-1068x1397.jpg 1068w, http:\/\/lapidarium.fundacja-hereditas.pl\/wp-content\/uploads\/2024\/07\/E_Dziedziniewicz-Rapca_Warszawa_Kaliska_15_klatka_od_Kaliskiej_drugie_pietro_schody_cale-1920x2511.jpg 1920w, http:\/\/lapidarium.fundacja-hereditas.pl\/wp-content\/uploads\/2024\/07\/E_Dziedziniewicz-Rapca_Warszawa_Kaliska_15_klatka_od_Kaliskiej_drugie_pietro_schody_cale-scaled.jpg 1958w\" sizes=\"auto, (max-width: 783px) 100vw, 783px\" \/><\/a><figcaption class=\"wp-element-caption\">Klatka od ul. Kaliskiej. Pi\u0119tro II-gie. Widok na spocznik. Fot. Ewa Dziedziniewicz-R\u0105pca, 2023 r., \u017ar\u00f3d\u0142o: MWKZ.<\/figcaption><\/figure>\n\n\n\n<figure class=\"wp-block-image size-large\"><a href=\"http:\/\/lapidarium.fundacja-hereditas.pl\/wp-content\/uploads\/2024\/07\/E_Dziedziniewicz-Rapca_Warszawa_Kaliska_15_klatka_od_Kaliskiej_drugie_pietro_polpietro_balustrada_zakret-scaled.jpg\"><img loading=\"lazy\" decoding=\"async\" width=\"1024\" height=\"775\" data-id=\"26699\" src=\"http:\/\/lapidarium.fundacja-hereditas.pl\/wp-content\/uploads\/2024\/07\/E_Dziedziniewicz-Rapca_Warszawa_Kaliska_15_klatka_od_Kaliskiej_drugie_pietro_polpietro_balustrada_zakret-1024x775.jpg\" alt=\"\" class=\"wp-image-26699\" srcset=\"http:\/\/lapidarium.fundacja-hereditas.pl\/wp-content\/uploads\/2024\/07\/E_Dziedziniewicz-Rapca_Warszawa_Kaliska_15_klatka_od_Kaliskiej_drugie_pietro_polpietro_balustrada_zakret-1024x775.jpg 1024w, http:\/\/lapidarium.fundacja-hereditas.pl\/wp-content\/uploads\/2024\/07\/E_Dziedziniewicz-Rapca_Warszawa_Kaliska_15_klatka_od_Kaliskiej_drugie_pietro_polpietro_balustrada_zakret-300x227.jpg 300w, http:\/\/lapidarium.fundacja-hereditas.pl\/wp-content\/uploads\/2024\/07\/E_Dziedziniewicz-Rapca_Warszawa_Kaliska_15_klatka_od_Kaliskiej_drugie_pietro_polpietro_balustrada_zakret-768x581.jpg 768w, http:\/\/lapidarium.fundacja-hereditas.pl\/wp-content\/uploads\/2024\/07\/E_Dziedziniewicz-Rapca_Warszawa_Kaliska_15_klatka_od_Kaliskiej_drugie_pietro_polpietro_balustrada_zakret-1536x1162.jpg 1536w, http:\/\/lapidarium.fundacja-hereditas.pl\/wp-content\/uploads\/2024\/07\/E_Dziedziniewicz-Rapca_Warszawa_Kaliska_15_klatka_od_Kaliskiej_drugie_pietro_polpietro_balustrada_zakret-2048x1550.jpg 2048w, http:\/\/lapidarium.fundacja-hereditas.pl\/wp-content\/uploads\/2024\/07\/E_Dziedziniewicz-Rapca_Warszawa_Kaliska_15_klatka_od_Kaliskiej_drugie_pietro_polpietro_balustrada_zakret-150x114.jpg 150w, http:\/\/lapidarium.fundacja-hereditas.pl\/wp-content\/uploads\/2024\/07\/E_Dziedziniewicz-Rapca_Warszawa_Kaliska_15_klatka_od_Kaliskiej_drugie_pietro_polpietro_balustrada_zakret-696x527.jpg 696w, http:\/\/lapidarium.fundacja-hereditas.pl\/wp-content\/uploads\/2024\/07\/E_Dziedziniewicz-Rapca_Warszawa_Kaliska_15_klatka_od_Kaliskiej_drugie_pietro_polpietro_balustrada_zakret-1068x808.jpg 1068w, http:\/\/lapidarium.fundacja-hereditas.pl\/wp-content\/uploads\/2024\/07\/E_Dziedziniewicz-Rapca_Warszawa_Kaliska_15_klatka_od_Kaliskiej_drugie_pietro_polpietro_balustrada_zakret-1920x1453.jpg 1920w\" sizes=\"auto, (max-width: 1024px) 100vw, 1024px\" \/><\/a><figcaption class=\"wp-element-caption\">Klatka od ul. Kaliskiej. Spocznik po II-gim pi\u0119trze. Posadzka i zakr\u0119t balustrady. Fot. Ewa Dziedziniewicz-R\u0105pca, 2023 r., \u017ar\u00f3d\u0142o: MWKZ.<\/figcaption><\/figure>\n\n\n\n<figure class=\"wp-block-image size-large\"><a href=\"http:\/\/lapidarium.fundacja-hereditas.pl\/wp-content\/uploads\/2024\/07\/E_Dziedziniewicz-Rapca_Warszawa_Kaliska_15_klatka_od_Kaliskiej_drugie_pietro_polpietro_posadzka_detal-scaled.jpg\"><img loading=\"lazy\" decoding=\"async\" width=\"1024\" height=\"760\" data-id=\"26701\" src=\"http:\/\/lapidarium.fundacja-hereditas.pl\/wp-content\/uploads\/2024\/07\/E_Dziedziniewicz-Rapca_Warszawa_Kaliska_15_klatka_od_Kaliskiej_drugie_pietro_polpietro_posadzka_detal-1024x760.jpg\" alt=\"\" class=\"wp-image-26701\" srcset=\"http:\/\/lapidarium.fundacja-hereditas.pl\/wp-content\/uploads\/2024\/07\/E_Dziedziniewicz-Rapca_Warszawa_Kaliska_15_klatka_od_Kaliskiej_drugie_pietro_polpietro_posadzka_detal-1024x760.jpg 1024w, http:\/\/lapidarium.fundacja-hereditas.pl\/wp-content\/uploads\/2024\/07\/E_Dziedziniewicz-Rapca_Warszawa_Kaliska_15_klatka_od_Kaliskiej_drugie_pietro_polpietro_posadzka_detal-300x223.jpg 300w, http:\/\/lapidarium.fundacja-hereditas.pl\/wp-content\/uploads\/2024\/07\/E_Dziedziniewicz-Rapca_Warszawa_Kaliska_15_klatka_od_Kaliskiej_drugie_pietro_polpietro_posadzka_detal-768x570.jpg 768w, http:\/\/lapidarium.fundacja-hereditas.pl\/wp-content\/uploads\/2024\/07\/E_Dziedziniewicz-Rapca_Warszawa_Kaliska_15_klatka_od_Kaliskiej_drugie_pietro_polpietro_posadzka_detal-1536x1140.jpg 1536w, http:\/\/lapidarium.fundacja-hereditas.pl\/wp-content\/uploads\/2024\/07\/E_Dziedziniewicz-Rapca_Warszawa_Kaliska_15_klatka_od_Kaliskiej_drugie_pietro_polpietro_posadzka_detal-2048x1520.jpg 2048w, http:\/\/lapidarium.fundacja-hereditas.pl\/wp-content\/uploads\/2024\/07\/E_Dziedziniewicz-Rapca_Warszawa_Kaliska_15_klatka_od_Kaliskiej_drugie_pietro_polpietro_posadzka_detal-150x111.jpg 150w, http:\/\/lapidarium.fundacja-hereditas.pl\/wp-content\/uploads\/2024\/07\/E_Dziedziniewicz-Rapca_Warszawa_Kaliska_15_klatka_od_Kaliskiej_drugie_pietro_polpietro_posadzka_detal-485x360.jpg 485w, http:\/\/lapidarium.fundacja-hereditas.pl\/wp-content\/uploads\/2024\/07\/E_Dziedziniewicz-Rapca_Warszawa_Kaliska_15_klatka_od_Kaliskiej_drugie_pietro_polpietro_posadzka_detal-696x517.jpg 696w, http:\/\/lapidarium.fundacja-hereditas.pl\/wp-content\/uploads\/2024\/07\/E_Dziedziniewicz-Rapca_Warszawa_Kaliska_15_klatka_od_Kaliskiej_drugie_pietro_polpietro_posadzka_detal-1068x793.jpg 1068w, http:\/\/lapidarium.fundacja-hereditas.pl\/wp-content\/uploads\/2024\/07\/E_Dziedziniewicz-Rapca_Warszawa_Kaliska_15_klatka_od_Kaliskiej_drugie_pietro_polpietro_posadzka_detal-1920x1425.jpg 1920w\" sizes=\"auto, (max-width: 1024px) 100vw, 1024px\" \/><\/a><figcaption class=\"wp-element-caption\">Klatka od ul. Kaliskiej. Spocznik po II-gim pi\u0119trze. Posadzka. Fot. Ewa Dziedziniewicz-R\u0105pca, 2023 r., \u017ar\u00f3d\u0142o: MWKZ.<\/figcaption><\/figure>\n\n\n\n<figure class=\"wp-block-image size-large\"><a href=\"http:\/\/lapidarium.fundacja-hereditas.pl\/wp-content\/uploads\/2024\/07\/E_Dziedziniewicz-Rapca_Warszawa_Kaliska_15_klatka_od_Kaliskiej_drugie_pietro_polpietro_posadzka-scaled.jpg\"><img loading=\"lazy\" decoding=\"async\" width=\"1024\" height=\"773\" data-id=\"26700\" src=\"http:\/\/lapidarium.fundacja-hereditas.pl\/wp-content\/uploads\/2024\/07\/E_Dziedziniewicz-Rapca_Warszawa_Kaliska_15_klatka_od_Kaliskiej_drugie_pietro_polpietro_posadzka-1024x773.jpg\" alt=\"\" class=\"wp-image-26700\" srcset=\"http:\/\/lapidarium.fundacja-hereditas.pl\/wp-content\/uploads\/2024\/07\/E_Dziedziniewicz-Rapca_Warszawa_Kaliska_15_klatka_od_Kaliskiej_drugie_pietro_polpietro_posadzka-1024x773.jpg 1024w, http:\/\/lapidarium.fundacja-hereditas.pl\/wp-content\/uploads\/2024\/07\/E_Dziedziniewicz-Rapca_Warszawa_Kaliska_15_klatka_od_Kaliskiej_drugie_pietro_polpietro_posadzka-300x226.jpg 300w, http:\/\/lapidarium.fundacja-hereditas.pl\/wp-content\/uploads\/2024\/07\/E_Dziedziniewicz-Rapca_Warszawa_Kaliska_15_klatka_od_Kaliskiej_drugie_pietro_polpietro_posadzka-768x580.jpg 768w, http:\/\/lapidarium.fundacja-hereditas.pl\/wp-content\/uploads\/2024\/07\/E_Dziedziniewicz-Rapca_Warszawa_Kaliska_15_klatka_od_Kaliskiej_drugie_pietro_polpietro_posadzka-1536x1159.jpg 1536w, http:\/\/lapidarium.fundacja-hereditas.pl\/wp-content\/uploads\/2024\/07\/E_Dziedziniewicz-Rapca_Warszawa_Kaliska_15_klatka_od_Kaliskiej_drugie_pietro_polpietro_posadzka-2048x1546.jpg 2048w, http:\/\/lapidarium.fundacja-hereditas.pl\/wp-content\/uploads\/2024\/07\/E_Dziedziniewicz-Rapca_Warszawa_Kaliska_15_klatka_od_Kaliskiej_drugie_pietro_polpietro_posadzka-150x113.jpg 150w, http:\/\/lapidarium.fundacja-hereditas.pl\/wp-content\/uploads\/2024\/07\/E_Dziedziniewicz-Rapca_Warszawa_Kaliska_15_klatka_od_Kaliskiej_drugie_pietro_polpietro_posadzka-696x525.jpg 696w, http:\/\/lapidarium.fundacja-hereditas.pl\/wp-content\/uploads\/2024\/07\/E_Dziedziniewicz-Rapca_Warszawa_Kaliska_15_klatka_od_Kaliskiej_drugie_pietro_polpietro_posadzka-1068x806.jpg 1068w, http:\/\/lapidarium.fundacja-hereditas.pl\/wp-content\/uploads\/2024\/07\/E_Dziedziniewicz-Rapca_Warszawa_Kaliska_15_klatka_od_Kaliskiej_drugie_pietro_polpietro_posadzka-1920x1449.jpg 1920w\" sizes=\"auto, (max-width: 1024px) 100vw, 1024px\" \/><\/a><figcaption class=\"wp-element-caption\">Klatka od ul. Kaliskiej. Spocznik po II-gim pi\u0119trze. Posadzka. Fot. Ewa Dziedziniewicz-R\u0105pca, 2023 r., \u017ar\u00f3d\u0142o: MWKZ.<\/figcaption><\/figure>\n\n\n\n<figure class=\"wp-block-image size-large\"><a href=\"http:\/\/lapidarium.fundacja-hereditas.pl\/wp-content\/uploads\/2024\/07\/E_Dziedziniewicz-Rapca_Warszawa_Kaliska_15_klatka_od_Kaliskiej_drugie_pietro_okno-scaled.jpg\"><img loading=\"lazy\" decoding=\"async\" width=\"773\" height=\"1024\" data-id=\"26698\" src=\"http:\/\/lapidarium.fundacja-hereditas.pl\/wp-content\/uploads\/2024\/07\/E_Dziedziniewicz-Rapca_Warszawa_Kaliska_15_klatka_od_Kaliskiej_drugie_pietro_okno-773x1024.jpg\" alt=\"\" class=\"wp-image-26698\" srcset=\"http:\/\/lapidarium.fundacja-hereditas.pl\/wp-content\/uploads\/2024\/07\/E_Dziedziniewicz-Rapca_Warszawa_Kaliska_15_klatka_od_Kaliskiej_drugie_pietro_okno-773x1024.jpg 773w, http:\/\/lapidarium.fundacja-hereditas.pl\/wp-content\/uploads\/2024\/07\/E_Dziedziniewicz-Rapca_Warszawa_Kaliska_15_klatka_od_Kaliskiej_drugie_pietro_okno-226x300.jpg 226w, http:\/\/lapidarium.fundacja-hereditas.pl\/wp-content\/uploads\/2024\/07\/E_Dziedziniewicz-Rapca_Warszawa_Kaliska_15_klatka_od_Kaliskiej_drugie_pietro_okno-768x1017.jpg 768w, http:\/\/lapidarium.fundacja-hereditas.pl\/wp-content\/uploads\/2024\/07\/E_Dziedziniewicz-Rapca_Warszawa_Kaliska_15_klatka_od_Kaliskiej_drugie_pietro_okno-1160x1536.jpg 1160w, http:\/\/lapidarium.fundacja-hereditas.pl\/wp-content\/uploads\/2024\/07\/E_Dziedziniewicz-Rapca_Warszawa_Kaliska_15_klatka_od_Kaliskiej_drugie_pietro_okno-1546x2048.jpg 1546w, http:\/\/lapidarium.fundacja-hereditas.pl\/wp-content\/uploads\/2024\/07\/E_Dziedziniewicz-Rapca_Warszawa_Kaliska_15_klatka_od_Kaliskiej_drugie_pietro_okno-150x199.jpg 150w, http:\/\/lapidarium.fundacja-hereditas.pl\/wp-content\/uploads\/2024\/07\/E_Dziedziniewicz-Rapca_Warszawa_Kaliska_15_klatka_od_Kaliskiej_drugie_pietro_okno-300x397.jpg 300w, http:\/\/lapidarium.fundacja-hereditas.pl\/wp-content\/uploads\/2024\/07\/E_Dziedziniewicz-Rapca_Warszawa_Kaliska_15_klatka_od_Kaliskiej_drugie_pietro_okno-696x922.jpg 696w, http:\/\/lapidarium.fundacja-hereditas.pl\/wp-content\/uploads\/2024\/07\/E_Dziedziniewicz-Rapca_Warszawa_Kaliska_15_klatka_od_Kaliskiej_drugie_pietro_okno-1068x1415.jpg 1068w, http:\/\/lapidarium.fundacja-hereditas.pl\/wp-content\/uploads\/2024\/07\/E_Dziedziniewicz-Rapca_Warszawa_Kaliska_15_klatka_od_Kaliskiej_drugie_pietro_okno-1920x2543.jpg 1920w, http:\/\/lapidarium.fundacja-hereditas.pl\/wp-content\/uploads\/2024\/07\/E_Dziedziniewicz-Rapca_Warszawa_Kaliska_15_klatka_od_Kaliskiej_drugie_pietro_okno-scaled.jpg 1933w\" sizes=\"auto, (max-width: 773px) 100vw, 773px\" \/><\/a><figcaption class=\"wp-element-caption\">Klatka od ul. Kaliskiej. Pi\u0119tro II-gie. Widok na spocznik. Fot. Ewa Dziedziniewicz-R\u0105pca, 2023 r., \u017ar\u00f3d\u0142o: MWKZ.<\/figcaption><\/figure>\n\n\n\n<figure class=\"wp-block-image size-large\"><a href=\"http:\/\/lapidarium.fundacja-hereditas.pl\/wp-content\/uploads\/2024\/07\/E_Dziedziniewicz-Rapca_Warszawa_Kaliska_15_klatka_od_Kaliskiej_drugie_pietro_barierki-detal-scaled.jpg\"><img loading=\"lazy\" decoding=\"async\" width=\"776\" height=\"1024\" data-id=\"26697\" src=\"http:\/\/lapidarium.fundacja-hereditas.pl\/wp-content\/uploads\/2024\/07\/E_Dziedziniewicz-Rapca_Warszawa_Kaliska_15_klatka_od_Kaliskiej_drugie_pietro_barierki-detal-776x1024.jpg\" alt=\"\" class=\"wp-image-26697\" srcset=\"http:\/\/lapidarium.fundacja-hereditas.pl\/wp-content\/uploads\/2024\/07\/E_Dziedziniewicz-Rapca_Warszawa_Kaliska_15_klatka_od_Kaliskiej_drugie_pietro_barierki-detal-776x1024.jpg 776w, http:\/\/lapidarium.fundacja-hereditas.pl\/wp-content\/uploads\/2024\/07\/E_Dziedziniewicz-Rapca_Warszawa_Kaliska_15_klatka_od_Kaliskiej_drugie_pietro_barierki-detal-227x300.jpg 227w, http:\/\/lapidarium.fundacja-hereditas.pl\/wp-content\/uploads\/2024\/07\/E_Dziedziniewicz-Rapca_Warszawa_Kaliska_15_klatka_od_Kaliskiej_drugie_pietro_barierki-detal-768x1014.jpg 768w, http:\/\/lapidarium.fundacja-hereditas.pl\/wp-content\/uploads\/2024\/07\/E_Dziedziniewicz-Rapca_Warszawa_Kaliska_15_klatka_od_Kaliskiej_drugie_pietro_barierki-detal-1164x1536.jpg 1164w, http:\/\/lapidarium.fundacja-hereditas.pl\/wp-content\/uploads\/2024\/07\/E_Dziedziniewicz-Rapca_Warszawa_Kaliska_15_klatka_od_Kaliskiej_drugie_pietro_barierki-detal-1552x2048.jpg 1552w, http:\/\/lapidarium.fundacja-hereditas.pl\/wp-content\/uploads\/2024\/07\/E_Dziedziniewicz-Rapca_Warszawa_Kaliska_15_klatka_od_Kaliskiej_drugie_pietro_barierki-detal-150x198.jpg 150w, http:\/\/lapidarium.fundacja-hereditas.pl\/wp-content\/uploads\/2024\/07\/E_Dziedziniewicz-Rapca_Warszawa_Kaliska_15_klatka_od_Kaliskiej_drugie_pietro_barierki-detal-300x396.jpg 300w, http:\/\/lapidarium.fundacja-hereditas.pl\/wp-content\/uploads\/2024\/07\/E_Dziedziniewicz-Rapca_Warszawa_Kaliska_15_klatka_od_Kaliskiej_drugie_pietro_barierki-detal-696x919.jpg 696w, http:\/\/lapidarium.fundacja-hereditas.pl\/wp-content\/uploads\/2024\/07\/E_Dziedziniewicz-Rapca_Warszawa_Kaliska_15_klatka_od_Kaliskiej_drugie_pietro_barierki-detal-1068x1410.jpg 1068w, http:\/\/lapidarium.fundacja-hereditas.pl\/wp-content\/uploads\/2024\/07\/E_Dziedziniewicz-Rapca_Warszawa_Kaliska_15_klatka_od_Kaliskiej_drugie_pietro_barierki-detal-1920x2534.jpg 1920w, http:\/\/lapidarium.fundacja-hereditas.pl\/wp-content\/uploads\/2024\/07\/E_Dziedziniewicz-Rapca_Warszawa_Kaliska_15_klatka_od_Kaliskiej_drugie_pietro_barierki-detal-scaled.jpg 1940w\" sizes=\"auto, (max-width: 776px) 100vw, 776px\" \/><\/a><figcaption class=\"wp-element-caption\">Klatka od ul. Kaliskiej. Pi\u0119tro II-gie. Balustrada. Fot. Ewa Dziedziniewicz-R\u0105pca, 2023 r., \u017ar\u00f3d\u0142o: MWKZ.<\/figcaption><\/figure>\n\n\n\n<figure class=\"wp-block-image size-large\"><a href=\"http:\/\/lapidarium.fundacja-hereditas.pl\/wp-content\/uploads\/2024\/07\/E_Dziedziniewicz-Rapca_Warszawa_Kaliska_15_sciana_od_Sekocinskiej-scaled.jpg\"><img loading=\"lazy\" decoding=\"async\" width=\"1024\" height=\"764\" data-id=\"26690\" src=\"http:\/\/lapidarium.fundacja-hereditas.pl\/wp-content\/uploads\/2024\/07\/E_Dziedziniewicz-Rapca_Warszawa_Kaliska_15_sciana_od_Sekocinskiej-1024x764.jpg\" alt=\"\" class=\"wp-image-26690\" srcset=\"http:\/\/lapidarium.fundacja-hereditas.pl\/wp-content\/uploads\/2024\/07\/E_Dziedziniewicz-Rapca_Warszawa_Kaliska_15_sciana_od_Sekocinskiej-1024x764.jpg 1024w, http:\/\/lapidarium.fundacja-hereditas.pl\/wp-content\/uploads\/2024\/07\/E_Dziedziniewicz-Rapca_Warszawa_Kaliska_15_sciana_od_Sekocinskiej-300x224.jpg 300w, http:\/\/lapidarium.fundacja-hereditas.pl\/wp-content\/uploads\/2024\/07\/E_Dziedziniewicz-Rapca_Warszawa_Kaliska_15_sciana_od_Sekocinskiej-768x573.jpg 768w, http:\/\/lapidarium.fundacja-hereditas.pl\/wp-content\/uploads\/2024\/07\/E_Dziedziniewicz-Rapca_Warszawa_Kaliska_15_sciana_od_Sekocinskiej-1536x1146.jpg 1536w, http:\/\/lapidarium.fundacja-hereditas.pl\/wp-content\/uploads\/2024\/07\/E_Dziedziniewicz-Rapca_Warszawa_Kaliska_15_sciana_od_Sekocinskiej-2048x1528.jpg 2048w, http:\/\/lapidarium.fundacja-hereditas.pl\/wp-content\/uploads\/2024\/07\/E_Dziedziniewicz-Rapca_Warszawa_Kaliska_15_sciana_od_Sekocinskiej-150x112.jpg 150w, http:\/\/lapidarium.fundacja-hereditas.pl\/wp-content\/uploads\/2024\/07\/E_Dziedziniewicz-Rapca_Warszawa_Kaliska_15_sciana_od_Sekocinskiej-696x519.jpg 696w, http:\/\/lapidarium.fundacja-hereditas.pl\/wp-content\/uploads\/2024\/07\/E_Dziedziniewicz-Rapca_Warszawa_Kaliska_15_sciana_od_Sekocinskiej-1068x797.jpg 1068w, http:\/\/lapidarium.fundacja-hereditas.pl\/wp-content\/uploads\/2024\/07\/E_Dziedziniewicz-Rapca_Warszawa_Kaliska_15_sciana_od_Sekocinskiej-1920x1433.jpg 1920w\" sizes=\"auto, (max-width: 1024px) 100vw, 1024px\" \/><\/a><figcaption class=\"wp-element-caption\">Widok od strony ul. S\u0119koci\u0144skiej. Fot. Ewa Dziedziniewicz-R\u0105pca, 2023 r., \u017ar\u00f3d\u0142o: MWKZ.<\/figcaption><\/figure>\n\n\n\n<figure class=\"wp-block-image size-large\"><a href=\"http:\/\/lapidarium.fundacja-hereditas.pl\/wp-content\/uploads\/2024\/07\/E_Dziedziniewicz-Rapca_Warszawa_Kaliska_15_sciana_od_Sekocinskiej_B-scaled.jpg\"><img loading=\"lazy\" decoding=\"async\" width=\"1024\" height=\"776\" data-id=\"26692\" src=\"http:\/\/lapidarium.fundacja-hereditas.pl\/wp-content\/uploads\/2024\/07\/E_Dziedziniewicz-Rapca_Warszawa_Kaliska_15_sciana_od_Sekocinskiej_B-1024x776.jpg\" alt=\"\" class=\"wp-image-26692\" srcset=\"http:\/\/lapidarium.fundacja-hereditas.pl\/wp-content\/uploads\/2024\/07\/E_Dziedziniewicz-Rapca_Warszawa_Kaliska_15_sciana_od_Sekocinskiej_B-1024x776.jpg 1024w, http:\/\/lapidarium.fundacja-hereditas.pl\/wp-content\/uploads\/2024\/07\/E_Dziedziniewicz-Rapca_Warszawa_Kaliska_15_sciana_od_Sekocinskiej_B-300x227.jpg 300w, http:\/\/lapidarium.fundacja-hereditas.pl\/wp-content\/uploads\/2024\/07\/E_Dziedziniewicz-Rapca_Warszawa_Kaliska_15_sciana_od_Sekocinskiej_B-768x582.jpg 768w, http:\/\/lapidarium.fundacja-hereditas.pl\/wp-content\/uploads\/2024\/07\/E_Dziedziniewicz-Rapca_Warszawa_Kaliska_15_sciana_od_Sekocinskiej_B-1536x1164.jpg 1536w, http:\/\/lapidarium.fundacja-hereditas.pl\/wp-content\/uploads\/2024\/07\/E_Dziedziniewicz-Rapca_Warszawa_Kaliska_15_sciana_od_Sekocinskiej_B-2048x1553.jpg 2048w, http:\/\/lapidarium.fundacja-hereditas.pl\/wp-content\/uploads\/2024\/07\/E_Dziedziniewicz-Rapca_Warszawa_Kaliska_15_sciana_od_Sekocinskiej_B-150x114.jpg 150w, http:\/\/lapidarium.fundacja-hereditas.pl\/wp-content\/uploads\/2024\/07\/E_Dziedziniewicz-Rapca_Warszawa_Kaliska_15_sciana_od_Sekocinskiej_B-696x528.jpg 696w, http:\/\/lapidarium.fundacja-hereditas.pl\/wp-content\/uploads\/2024\/07\/E_Dziedziniewicz-Rapca_Warszawa_Kaliska_15_sciana_od_Sekocinskiej_B-1068x810.jpg 1068w, http:\/\/lapidarium.fundacja-hereditas.pl\/wp-content\/uploads\/2024\/07\/E_Dziedziniewicz-Rapca_Warszawa_Kaliska_15_sciana_od_Sekocinskiej_B-1920x1456.jpg 1920w\" sizes=\"auto, (max-width: 1024px) 100vw, 1024px\" \/><\/a><figcaption class=\"wp-element-caption\">Widok od strony ul. S\u0119koci\u0144skiej. Fot. Ewa Dziedziniewicz-R\u0105pca, 2023 r., \u017ar\u00f3d\u0142o: MWKZ.<\/figcaption><\/figure>\n\n\n\n<figure class=\"wp-block-image size-large\"><a href=\"http:\/\/lapidarium.fundacja-hereditas.pl\/wp-content\/uploads\/2024\/07\/E_Dziedziniewicz-Rapca_Warszawa_Kaliska_15_sciana_od_Sekocinskiej_A-scaled.jpg\"><img loading=\"lazy\" decoding=\"async\" width=\"1024\" height=\"769\" data-id=\"26691\" src=\"http:\/\/lapidarium.fundacja-hereditas.pl\/wp-content\/uploads\/2024\/07\/E_Dziedziniewicz-Rapca_Warszawa_Kaliska_15_sciana_od_Sekocinskiej_A-1024x769.jpg\" alt=\"\" class=\"wp-image-26691\" srcset=\"http:\/\/lapidarium.fundacja-hereditas.pl\/wp-content\/uploads\/2024\/07\/E_Dziedziniewicz-Rapca_Warszawa_Kaliska_15_sciana_od_Sekocinskiej_A-1024x769.jpg 1024w, http:\/\/lapidarium.fundacja-hereditas.pl\/wp-content\/uploads\/2024\/07\/E_Dziedziniewicz-Rapca_Warszawa_Kaliska_15_sciana_od_Sekocinskiej_A-300x225.jpg 300w, http:\/\/lapidarium.fundacja-hereditas.pl\/wp-content\/uploads\/2024\/07\/E_Dziedziniewicz-Rapca_Warszawa_Kaliska_15_sciana_od_Sekocinskiej_A-768x577.jpg 768w, http:\/\/lapidarium.fundacja-hereditas.pl\/wp-content\/uploads\/2024\/07\/E_Dziedziniewicz-Rapca_Warszawa_Kaliska_15_sciana_od_Sekocinskiej_A-1536x1153.jpg 1536w, http:\/\/lapidarium.fundacja-hereditas.pl\/wp-content\/uploads\/2024\/07\/E_Dziedziniewicz-Rapca_Warszawa_Kaliska_15_sciana_od_Sekocinskiej_A-2048x1538.jpg 2048w, http:\/\/lapidarium.fundacja-hereditas.pl\/wp-content\/uploads\/2024\/07\/E_Dziedziniewicz-Rapca_Warszawa_Kaliska_15_sciana_od_Sekocinskiej_A-150x113.jpg 150w, http:\/\/lapidarium.fundacja-hereditas.pl\/wp-content\/uploads\/2024\/07\/E_Dziedziniewicz-Rapca_Warszawa_Kaliska_15_sciana_od_Sekocinskiej_A-696x523.jpg 696w, http:\/\/lapidarium.fundacja-hereditas.pl\/wp-content\/uploads\/2024\/07\/E_Dziedziniewicz-Rapca_Warszawa_Kaliska_15_sciana_od_Sekocinskiej_A-1068x802.jpg 1068w, http:\/\/lapidarium.fundacja-hereditas.pl\/wp-content\/uploads\/2024\/07\/E_Dziedziniewicz-Rapca_Warszawa_Kaliska_15_sciana_od_Sekocinskiej_A-1920x1442.jpg 1920w\" sizes=\"auto, (max-width: 1024px) 100vw, 1024px\" \/><\/a><figcaption class=\"wp-element-caption\">Widok od strony ul. S\u0119koci\u0144skiej. Fot. Ewa Dziedziniewicz-R\u0105pca, 2023 r., \u017ar\u00f3d\u0142o: MWKZ.<\/figcaption><\/figure>\n\n\n\n<figure class=\"wp-block-image size-large\"><a href=\"http:\/\/lapidarium.fundacja-hereditas.pl\/wp-content\/uploads\/2024\/07\/E_Dziedziniewicz-Rapca_Warszawa_Kaliska_15_sciana_od_Sekocinskiej_balkony_skos-scaled.jpg\"><img loading=\"lazy\" decoding=\"async\" width=\"774\" height=\"1024\" data-id=\"26694\" src=\"http:\/\/lapidarium.fundacja-hereditas.pl\/wp-content\/uploads\/2024\/07\/E_Dziedziniewicz-Rapca_Warszawa_Kaliska_15_sciana_od_Sekocinskiej_balkony_skos-774x1024.jpg\" alt=\"\" class=\"wp-image-26694\" srcset=\"http:\/\/lapidarium.fundacja-hereditas.pl\/wp-content\/uploads\/2024\/07\/E_Dziedziniewicz-Rapca_Warszawa_Kaliska_15_sciana_od_Sekocinskiej_balkony_skos-774x1024.jpg 774w, http:\/\/lapidarium.fundacja-hereditas.pl\/wp-content\/uploads\/2024\/07\/E_Dziedziniewicz-Rapca_Warszawa_Kaliska_15_sciana_od_Sekocinskiej_balkony_skos-227x300.jpg 227w, http:\/\/lapidarium.fundacja-hereditas.pl\/wp-content\/uploads\/2024\/07\/E_Dziedziniewicz-Rapca_Warszawa_Kaliska_15_sciana_od_Sekocinskiej_balkony_skos-768x1015.jpg 768w, http:\/\/lapidarium.fundacja-hereditas.pl\/wp-content\/uploads\/2024\/07\/E_Dziedziniewicz-Rapca_Warszawa_Kaliska_15_sciana_od_Sekocinskiej_balkony_skos-1162x1536.jpg 1162w, http:\/\/lapidarium.fundacja-hereditas.pl\/wp-content\/uploads\/2024\/07\/E_Dziedziniewicz-Rapca_Warszawa_Kaliska_15_sciana_od_Sekocinskiej_balkony_skos-1549x2048.jpg 1549w, http:\/\/lapidarium.fundacja-hereditas.pl\/wp-content\/uploads\/2024\/07\/E_Dziedziniewicz-Rapca_Warszawa_Kaliska_15_sciana_od_Sekocinskiej_balkony_skos-150x198.jpg 150w, http:\/\/lapidarium.fundacja-hereditas.pl\/wp-content\/uploads\/2024\/07\/E_Dziedziniewicz-Rapca_Warszawa_Kaliska_15_sciana_od_Sekocinskiej_balkony_skos-300x397.jpg 300w, http:\/\/lapidarium.fundacja-hereditas.pl\/wp-content\/uploads\/2024\/07\/E_Dziedziniewicz-Rapca_Warszawa_Kaliska_15_sciana_od_Sekocinskiej_balkony_skos-696x920.jpg 696w, http:\/\/lapidarium.fundacja-hereditas.pl\/wp-content\/uploads\/2024\/07\/E_Dziedziniewicz-Rapca_Warszawa_Kaliska_15_sciana_od_Sekocinskiej_balkony_skos-1068x1412.jpg 1068w, http:\/\/lapidarium.fundacja-hereditas.pl\/wp-content\/uploads\/2024\/07\/E_Dziedziniewicz-Rapca_Warszawa_Kaliska_15_sciana_od_Sekocinskiej_balkony_skos-1920x2539.jpg 1920w, http:\/\/lapidarium.fundacja-hereditas.pl\/wp-content\/uploads\/2024\/07\/E_Dziedziniewicz-Rapca_Warszawa_Kaliska_15_sciana_od_Sekocinskiej_balkony_skos-scaled.jpg 1936w\" sizes=\"auto, (max-width: 774px) 100vw, 774px\" \/><\/a><figcaption class=\"wp-element-caption\">Widok od strony ul. S\u0119koci\u0144skiej &#8211; balkony. Fot. Ewa Dziedziniewicz-R\u0105pca, 2023 r., \u017ar\u00f3d\u0142o: MWKZ.<\/figcaption><\/figure>\n\n\n\n<figure class=\"wp-block-image size-large\"><a href=\"http:\/\/lapidarium.fundacja-hereditas.pl\/wp-content\/uploads\/2024\/07\/E_Dziedziniewicz-Rapca_Warszawa_Kaliska_15_sciana_od_Sekocinskiej_balkon-scaled.jpg\"><img loading=\"lazy\" decoding=\"async\" width=\"749\" height=\"1024\" data-id=\"26693\" src=\"http:\/\/lapidarium.fundacja-hereditas.pl\/wp-content\/uploads\/2024\/07\/E_Dziedziniewicz-Rapca_Warszawa_Kaliska_15_sciana_od_Sekocinskiej_balkon-749x1024.jpg\" alt=\"\" class=\"wp-image-26693\" srcset=\"http:\/\/lapidarium.fundacja-hereditas.pl\/wp-content\/uploads\/2024\/07\/E_Dziedziniewicz-Rapca_Warszawa_Kaliska_15_sciana_od_Sekocinskiej_balkon-749x1024.jpg 749w, http:\/\/lapidarium.fundacja-hereditas.pl\/wp-content\/uploads\/2024\/07\/E_Dziedziniewicz-Rapca_Warszawa_Kaliska_15_sciana_od_Sekocinskiej_balkon-219x300.jpg 219w, http:\/\/lapidarium.fundacja-hereditas.pl\/wp-content\/uploads\/2024\/07\/E_Dziedziniewicz-Rapca_Warszawa_Kaliska_15_sciana_od_Sekocinskiej_balkon-768x1050.jpg 768w, http:\/\/lapidarium.fundacja-hereditas.pl\/wp-content\/uploads\/2024\/07\/E_Dziedziniewicz-Rapca_Warszawa_Kaliska_15_sciana_od_Sekocinskiej_balkon-1123x1536.jpg 1123w, http:\/\/lapidarium.fundacja-hereditas.pl\/wp-content\/uploads\/2024\/07\/E_Dziedziniewicz-Rapca_Warszawa_Kaliska_15_sciana_od_Sekocinskiej_balkon-1498x2048.jpg 1498w, http:\/\/lapidarium.fundacja-hereditas.pl\/wp-content\/uploads\/2024\/07\/E_Dziedziniewicz-Rapca_Warszawa_Kaliska_15_sciana_od_Sekocinskiej_balkon-150x205.jpg 150w, http:\/\/lapidarium.fundacja-hereditas.pl\/wp-content\/uploads\/2024\/07\/E_Dziedziniewicz-Rapca_Warszawa_Kaliska_15_sciana_od_Sekocinskiej_balkon-300x410.jpg 300w, http:\/\/lapidarium.fundacja-hereditas.pl\/wp-content\/uploads\/2024\/07\/E_Dziedziniewicz-Rapca_Warszawa_Kaliska_15_sciana_od_Sekocinskiej_balkon-696x952.jpg 696w, http:\/\/lapidarium.fundacja-hereditas.pl\/wp-content\/uploads\/2024\/07\/E_Dziedziniewicz-Rapca_Warszawa_Kaliska_15_sciana_od_Sekocinskiej_balkon-1068x1461.jpg 1068w, http:\/\/lapidarium.fundacja-hereditas.pl\/wp-content\/uploads\/2024\/07\/E_Dziedziniewicz-Rapca_Warszawa_Kaliska_15_sciana_od_Sekocinskiej_balkon-1920x2626.jpg 1920w, http:\/\/lapidarium.fundacja-hereditas.pl\/wp-content\/uploads\/2024\/07\/E_Dziedziniewicz-Rapca_Warszawa_Kaliska_15_sciana_od_Sekocinskiej_balkon-scaled.jpg 1872w\" sizes=\"auto, (max-width: 749px) 100vw, 749px\" \/><\/a><figcaption class=\"wp-element-caption\">Widok od strony ul. S\u0119koci\u0144skiej &#8211; balkony. Fot. Ewa Dziedziniewicz-R\u0105pca, 2023 r., \u017ar\u00f3d\u0142o: MWKZ.<\/figcaption><\/figure>\n\n\n\n<figure class=\"wp-block-image size-large\"><a href=\"http:\/\/lapidarium.fundacja-hereditas.pl\/wp-content\/uploads\/2024\/07\/E_Dziedziniewicz-Rapca_Warszawa_Kaliska_15_sciana_od_Sekocinskiej_okno-scaled.jpg\"><img loading=\"lazy\" decoding=\"async\" width=\"786\" height=\"1024\" data-id=\"26696\" src=\"http:\/\/lapidarium.fundacja-hereditas.pl\/wp-content\/uploads\/2024\/07\/E_Dziedziniewicz-Rapca_Warszawa_Kaliska_15_sciana_od_Sekocinskiej_okno-786x1024.jpg\" alt=\"\" class=\"wp-image-26696\" srcset=\"http:\/\/lapidarium.fundacja-hereditas.pl\/wp-content\/uploads\/2024\/07\/E_Dziedziniewicz-Rapca_Warszawa_Kaliska_15_sciana_od_Sekocinskiej_okno-786x1024.jpg 786w, http:\/\/lapidarium.fundacja-hereditas.pl\/wp-content\/uploads\/2024\/07\/E_Dziedziniewicz-Rapca_Warszawa_Kaliska_15_sciana_od_Sekocinskiej_okno-230x300.jpg 230w, http:\/\/lapidarium.fundacja-hereditas.pl\/wp-content\/uploads\/2024\/07\/E_Dziedziniewicz-Rapca_Warszawa_Kaliska_15_sciana_od_Sekocinskiej_okno-768x1000.jpg 768w, http:\/\/lapidarium.fundacja-hereditas.pl\/wp-content\/uploads\/2024\/07\/E_Dziedziniewicz-Rapca_Warszawa_Kaliska_15_sciana_od_Sekocinskiej_okno-1179x1536.jpg 1179w, http:\/\/lapidarium.fundacja-hereditas.pl\/wp-content\/uploads\/2024\/07\/E_Dziedziniewicz-Rapca_Warszawa_Kaliska_15_sciana_od_Sekocinskiej_okno-1572x2048.jpg 1572w, http:\/\/lapidarium.fundacja-hereditas.pl\/wp-content\/uploads\/2024\/07\/E_Dziedziniewicz-Rapca_Warszawa_Kaliska_15_sciana_od_Sekocinskiej_okno-150x195.jpg 150w, http:\/\/lapidarium.fundacja-hereditas.pl\/wp-content\/uploads\/2024\/07\/E_Dziedziniewicz-Rapca_Warszawa_Kaliska_15_sciana_od_Sekocinskiej_okno-300x391.jpg 300w, http:\/\/lapidarium.fundacja-hereditas.pl\/wp-content\/uploads\/2024\/07\/E_Dziedziniewicz-Rapca_Warszawa_Kaliska_15_sciana_od_Sekocinskiej_okno-696x907.jpg 696w, http:\/\/lapidarium.fundacja-hereditas.pl\/wp-content\/uploads\/2024\/07\/E_Dziedziniewicz-Rapca_Warszawa_Kaliska_15_sciana_od_Sekocinskiej_okno-1068x1391.jpg 1068w, http:\/\/lapidarium.fundacja-hereditas.pl\/wp-content\/uploads\/2024\/07\/E_Dziedziniewicz-Rapca_Warszawa_Kaliska_15_sciana_od_Sekocinskiej_okno-1920x2501.jpg 1920w, http:\/\/lapidarium.fundacja-hereditas.pl\/wp-content\/uploads\/2024\/07\/E_Dziedziniewicz-Rapca_Warszawa_Kaliska_15_sciana_od_Sekocinskiej_okno-scaled.jpg 1965w\" sizes=\"auto, (max-width: 786px) 100vw, 786px\" \/><\/a><figcaption class=\"wp-element-caption\">Widok od strony ul. S\u0119koci\u0144skiej &#8211; okno do jednego z mieszka\u0144. Fot. Ewa Dziedziniewicz-R\u0105pca, 2023 r., \u017ar\u00f3d\u0142o: MWKZ.<\/figcaption><\/figure>\n\n\n\n<figure class=\"wp-block-image size-large\"><a href=\"http:\/\/lapidarium.fundacja-hereditas.pl\/wp-content\/uploads\/2024\/07\/E_Dziedziniewicz-Rapca_Warszawa_Kaliska_15_sciana_od_Sekocinskiej_detal-scaled.jpg\"><img loading=\"lazy\" decoding=\"async\" width=\"1024\" height=\"835\" data-id=\"26695\" src=\"http:\/\/lapidarium.fundacja-hereditas.pl\/wp-content\/uploads\/2024\/07\/E_Dziedziniewicz-Rapca_Warszawa_Kaliska_15_sciana_od_Sekocinskiej_detal-1024x835.jpg\" alt=\"\" class=\"wp-image-26695\" srcset=\"http:\/\/lapidarium.fundacja-hereditas.pl\/wp-content\/uploads\/2024\/07\/E_Dziedziniewicz-Rapca_Warszawa_Kaliska_15_sciana_od_Sekocinskiej_detal-1024x835.jpg 1024w, http:\/\/lapidarium.fundacja-hereditas.pl\/wp-content\/uploads\/2024\/07\/E_Dziedziniewicz-Rapca_Warszawa_Kaliska_15_sciana_od_Sekocinskiej_detal-300x245.jpg 300w, http:\/\/lapidarium.fundacja-hereditas.pl\/wp-content\/uploads\/2024\/07\/E_Dziedziniewicz-Rapca_Warszawa_Kaliska_15_sciana_od_Sekocinskiej_detal-768x626.jpg 768w, http:\/\/lapidarium.fundacja-hereditas.pl\/wp-content\/uploads\/2024\/07\/E_Dziedziniewicz-Rapca_Warszawa_Kaliska_15_sciana_od_Sekocinskiej_detal-1536x1252.jpg 1536w, http:\/\/lapidarium.fundacja-hereditas.pl\/wp-content\/uploads\/2024\/07\/E_Dziedziniewicz-Rapca_Warszawa_Kaliska_15_sciana_od_Sekocinskiej_detal-2048x1670.jpg 2048w, http:\/\/lapidarium.fundacja-hereditas.pl\/wp-content\/uploads\/2024\/07\/E_Dziedziniewicz-Rapca_Warszawa_Kaliska_15_sciana_od_Sekocinskiej_detal-150x122.jpg 150w, http:\/\/lapidarium.fundacja-hereditas.pl\/wp-content\/uploads\/2024\/07\/E_Dziedziniewicz-Rapca_Warszawa_Kaliska_15_sciana_od_Sekocinskiej_detal-696x567.jpg 696w, http:\/\/lapidarium.fundacja-hereditas.pl\/wp-content\/uploads\/2024\/07\/E_Dziedziniewicz-Rapca_Warszawa_Kaliska_15_sciana_od_Sekocinskiej_detal-1068x871.jpg 1068w, http:\/\/lapidarium.fundacja-hereditas.pl\/wp-content\/uploads\/2024\/07\/E_Dziedziniewicz-Rapca_Warszawa_Kaliska_15_sciana_od_Sekocinskiej_detal-1920x1565.jpg 1920w\" sizes=\"auto, (max-width: 1024px) 100vw, 1024px\" \/><\/a><figcaption class=\"wp-element-caption\">Widok od strony ul. S\u0119koci\u0144skiej &#8211; kratka wentylacyjna. Fot. Ewa Dziedziniewicz-R\u0105pca, 2023 r., \u017ar\u00f3d\u0142o: MWKZ.<\/figcaption><\/figure>\n\n\n\n<figure class=\"wp-block-image size-large\"><a href=\"http:\/\/lapidarium.fundacja-hereditas.pl\/wp-content\/uploads\/2024\/07\/E_Dziedziniewicz-Rapca_Warszawa_Kaliska_15_klatka_od_Sekocinskiej_wejscie-scaled.jpg\"><img loading=\"lazy\" decoding=\"async\" width=\"778\" height=\"1024\" data-id=\"26682\" src=\"http:\/\/lapidarium.fundacja-hereditas.pl\/wp-content\/uploads\/2024\/07\/E_Dziedziniewicz-Rapca_Warszawa_Kaliska_15_klatka_od_Sekocinskiej_wejscie-778x1024.jpg\" alt=\"\" class=\"wp-image-26682\" srcset=\"http:\/\/lapidarium.fundacja-hereditas.pl\/wp-content\/uploads\/2024\/07\/E_Dziedziniewicz-Rapca_Warszawa_Kaliska_15_klatka_od_Sekocinskiej_wejscie-778x1024.jpg 778w, http:\/\/lapidarium.fundacja-hereditas.pl\/wp-content\/uploads\/2024\/07\/E_Dziedziniewicz-Rapca_Warszawa_Kaliska_15_klatka_od_Sekocinskiej_wejscie-228x300.jpg 228w, http:\/\/lapidarium.fundacja-hereditas.pl\/wp-content\/uploads\/2024\/07\/E_Dziedziniewicz-Rapca_Warszawa_Kaliska_15_klatka_od_Sekocinskiej_wejscie-768x1011.jpg 768w, http:\/\/lapidarium.fundacja-hereditas.pl\/wp-content\/uploads\/2024\/07\/E_Dziedziniewicz-Rapca_Warszawa_Kaliska_15_klatka_od_Sekocinskiej_wejscie-1166x1536.jpg 1166w, http:\/\/lapidarium.fundacja-hereditas.pl\/wp-content\/uploads\/2024\/07\/E_Dziedziniewicz-Rapca_Warszawa_Kaliska_15_klatka_od_Sekocinskiej_wejscie-1555x2048.jpg 1555w, http:\/\/lapidarium.fundacja-hereditas.pl\/wp-content\/uploads\/2024\/07\/E_Dziedziniewicz-Rapca_Warszawa_Kaliska_15_klatka_od_Sekocinskiej_wejscie-150x198.jpg 150w, http:\/\/lapidarium.fundacja-hereditas.pl\/wp-content\/uploads\/2024\/07\/E_Dziedziniewicz-Rapca_Warszawa_Kaliska_15_klatka_od_Sekocinskiej_wejscie-300x395.jpg 300w, http:\/\/lapidarium.fundacja-hereditas.pl\/wp-content\/uploads\/2024\/07\/E_Dziedziniewicz-Rapca_Warszawa_Kaliska_15_klatka_od_Sekocinskiej_wejscie-696x917.jpg 696w, http:\/\/lapidarium.fundacja-hereditas.pl\/wp-content\/uploads\/2024\/07\/E_Dziedziniewicz-Rapca_Warszawa_Kaliska_15_klatka_od_Sekocinskiej_wejscie-1068x1406.jpg 1068w, http:\/\/lapidarium.fundacja-hereditas.pl\/wp-content\/uploads\/2024\/07\/E_Dziedziniewicz-Rapca_Warszawa_Kaliska_15_klatka_od_Sekocinskiej_wejscie-1920x2528.jpg 1920w, http:\/\/lapidarium.fundacja-hereditas.pl\/wp-content\/uploads\/2024\/07\/E_Dziedziniewicz-Rapca_Warszawa_Kaliska_15_klatka_od_Sekocinskiej_wejscie-scaled.jpg 1944w\" sizes=\"auto, (max-width: 778px) 100vw, 778px\" \/><\/a><figcaption class=\"wp-element-caption\">Klatka od ul. S\u0119koci\u0144skiej. Widok z ulicy. Fot. Ewa Dziedziniewicz-R\u0105pca, 2023 r., \u017ar\u00f3d\u0142o: MWKZ.<\/figcaption><\/figure>\n\n\n\n<figure class=\"wp-block-image size-large\"><a href=\"http:\/\/lapidarium.fundacja-hereditas.pl\/wp-content\/uploads\/2024\/07\/E_Dziedziniewicz-Rapca_Warszawa_Kaliska_15_klatka_od_Sekocinskiej_drzwi_wejsciowe-scaled.jpg\"><img loading=\"lazy\" decoding=\"async\" width=\"693\" height=\"1024\" data-id=\"26644\" src=\"http:\/\/lapidarium.fundacja-hereditas.pl\/wp-content\/uploads\/2024\/07\/E_Dziedziniewicz-Rapca_Warszawa_Kaliska_15_klatka_od_Sekocinskiej_drzwi_wejsciowe-693x1024.jpg\" alt=\"\" class=\"wp-image-26644\" srcset=\"http:\/\/lapidarium.fundacja-hereditas.pl\/wp-content\/uploads\/2024\/07\/E_Dziedziniewicz-Rapca_Warszawa_Kaliska_15_klatka_od_Sekocinskiej_drzwi_wejsciowe-693x1024.jpg 693w, http:\/\/lapidarium.fundacja-hereditas.pl\/wp-content\/uploads\/2024\/07\/E_Dziedziniewicz-Rapca_Warszawa_Kaliska_15_klatka_od_Sekocinskiej_drzwi_wejsciowe-203x300.jpg 203w, http:\/\/lapidarium.fundacja-hereditas.pl\/wp-content\/uploads\/2024\/07\/E_Dziedziniewicz-Rapca_Warszawa_Kaliska_15_klatka_od_Sekocinskiej_drzwi_wejsciowe-768x1134.jpg 768w, http:\/\/lapidarium.fundacja-hereditas.pl\/wp-content\/uploads\/2024\/07\/E_Dziedziniewicz-Rapca_Warszawa_Kaliska_15_klatka_od_Sekocinskiej_drzwi_wejsciowe-1040x1536.jpg 1040w, http:\/\/lapidarium.fundacja-hereditas.pl\/wp-content\/uploads\/2024\/07\/E_Dziedziniewicz-Rapca_Warszawa_Kaliska_15_klatka_od_Sekocinskiej_drzwi_wejsciowe-1387x2048.jpg 1387w, http:\/\/lapidarium.fundacja-hereditas.pl\/wp-content\/uploads\/2024\/07\/E_Dziedziniewicz-Rapca_Warszawa_Kaliska_15_klatka_od_Sekocinskiej_drzwi_wejsciowe-150x222.jpg 150w, http:\/\/lapidarium.fundacja-hereditas.pl\/wp-content\/uploads\/2024\/07\/E_Dziedziniewicz-Rapca_Warszawa_Kaliska_15_klatka_od_Sekocinskiej_drzwi_wejsciowe-300x443.jpg 300w, http:\/\/lapidarium.fundacja-hereditas.pl\/wp-content\/uploads\/2024\/07\/E_Dziedziniewicz-Rapca_Warszawa_Kaliska_15_klatka_od_Sekocinskiej_drzwi_wejsciowe-696x1028.jpg 696w, http:\/\/lapidarium.fundacja-hereditas.pl\/wp-content\/uploads\/2024\/07\/E_Dziedziniewicz-Rapca_Warszawa_Kaliska_15_klatka_od_Sekocinskiej_drzwi_wejsciowe-1068x1577.jpg 1068w, http:\/\/lapidarium.fundacja-hereditas.pl\/wp-content\/uploads\/2024\/07\/E_Dziedziniewicz-Rapca_Warszawa_Kaliska_15_klatka_od_Sekocinskiej_drzwi_wejsciowe-1920x2836.jpg 1920w, http:\/\/lapidarium.fundacja-hereditas.pl\/wp-content\/uploads\/2024\/07\/E_Dziedziniewicz-Rapca_Warszawa_Kaliska_15_klatka_od_Sekocinskiej_drzwi_wejsciowe-scaled.jpg 1733w\" sizes=\"auto, (max-width: 693px) 100vw, 693px\" \/><\/a><figcaption class=\"wp-element-caption\">Klatka od ul. S\u0119koci\u0144skiej. Wyj\u015bcie na ulic\u0119. Fot. Ewa Dziedziniewicz-R\u0105pca, 2023 r., \u017ar\u00f3d\u0142o: MWKZ.<\/figcaption><\/figure>\n\n\n\n<figure class=\"wp-block-image size-large\"><a href=\"http:\/\/lapidarium.fundacja-hereditas.pl\/wp-content\/uploads\/2024\/07\/E_Dziedziniewicz-Rapca_Warszawa_Kaliska_15_klatka_od_Sekocinskiej_wysoki_parter_schody_na_Sekocinska-scaled.jpg\"><img loading=\"lazy\" decoding=\"async\" width=\"1024\" height=\"768\" data-id=\"26687\" src=\"http:\/\/lapidarium.fundacja-hereditas.pl\/wp-content\/uploads\/2024\/07\/E_Dziedziniewicz-Rapca_Warszawa_Kaliska_15_klatka_od_Sekocinskiej_wysoki_parter_schody_na_Sekocinska-1024x768.jpg\" alt=\"\" class=\"wp-image-26687\" srcset=\"http:\/\/lapidarium.fundacja-hereditas.pl\/wp-content\/uploads\/2024\/07\/E_Dziedziniewicz-Rapca_Warszawa_Kaliska_15_klatka_od_Sekocinskiej_wysoki_parter_schody_na_Sekocinska-1024x768.jpg 1024w, http:\/\/lapidarium.fundacja-hereditas.pl\/wp-content\/uploads\/2024\/07\/E_Dziedziniewicz-Rapca_Warszawa_Kaliska_15_klatka_od_Sekocinskiej_wysoki_parter_schody_na_Sekocinska-300x225.jpg 300w, http:\/\/lapidarium.fundacja-hereditas.pl\/wp-content\/uploads\/2024\/07\/E_Dziedziniewicz-Rapca_Warszawa_Kaliska_15_klatka_od_Sekocinskiej_wysoki_parter_schody_na_Sekocinska-768x576.jpg 768w, http:\/\/lapidarium.fundacja-hereditas.pl\/wp-content\/uploads\/2024\/07\/E_Dziedziniewicz-Rapca_Warszawa_Kaliska_15_klatka_od_Sekocinskiej_wysoki_parter_schody_na_Sekocinska-1536x1152.jpg 1536w, http:\/\/lapidarium.fundacja-hereditas.pl\/wp-content\/uploads\/2024\/07\/E_Dziedziniewicz-Rapca_Warszawa_Kaliska_15_klatka_od_Sekocinskiej_wysoki_parter_schody_na_Sekocinska-2048x1535.jpg 2048w, http:\/\/lapidarium.fundacja-hereditas.pl\/wp-content\/uploads\/2024\/07\/E_Dziedziniewicz-Rapca_Warszawa_Kaliska_15_klatka_od_Sekocinskiej_wysoki_parter_schody_na_Sekocinska-150x112.jpg 150w, http:\/\/lapidarium.fundacja-hereditas.pl\/wp-content\/uploads\/2024\/07\/E_Dziedziniewicz-Rapca_Warszawa_Kaliska_15_klatka_od_Sekocinskiej_wysoki_parter_schody_na_Sekocinska-696x522.jpg 696w, http:\/\/lapidarium.fundacja-hereditas.pl\/wp-content\/uploads\/2024\/07\/E_Dziedziniewicz-Rapca_Warszawa_Kaliska_15_klatka_od_Sekocinskiej_wysoki_parter_schody_na_Sekocinska-1068x801.jpg 1068w, http:\/\/lapidarium.fundacja-hereditas.pl\/wp-content\/uploads\/2024\/07\/E_Dziedziniewicz-Rapca_Warszawa_Kaliska_15_klatka_od_Sekocinskiej_wysoki_parter_schody_na_Sekocinska-1920x1439.jpg 1920w\" sizes=\"auto, (max-width: 1024px) 100vw, 1024px\" \/><\/a><figcaption class=\"wp-element-caption\">Klatka od ul. S\u0119koci\u0144skiej. Parter, widok ku ulicy. Fot. Ewa Dziedziniewicz-R\u0105pca, 2023 r., \u017ar\u00f3d\u0142o: MWKZ.<\/figcaption><\/figure>\n\n\n\n<figure class=\"wp-block-image size-large\"><a href=\"http:\/\/lapidarium.fundacja-hereditas.pl\/wp-content\/uploads\/2024\/07\/E_Dziedziniewicz-Rapca_Warszawa_Kaliska_15_klatka_od_Sekocinskiej_wysoki_parter_posadzka-scaled.jpg\"><img loading=\"lazy\" decoding=\"async\" width=\"778\" height=\"1024\" data-id=\"26685\" src=\"http:\/\/lapidarium.fundacja-hereditas.pl\/wp-content\/uploads\/2024\/07\/E_Dziedziniewicz-Rapca_Warszawa_Kaliska_15_klatka_od_Sekocinskiej_wysoki_parter_posadzka-778x1024.jpg\" alt=\"\" class=\"wp-image-26685\" srcset=\"http:\/\/lapidarium.fundacja-hereditas.pl\/wp-content\/uploads\/2024\/07\/E_Dziedziniewicz-Rapca_Warszawa_Kaliska_15_klatka_od_Sekocinskiej_wysoki_parter_posadzka-778x1024.jpg 778w, http:\/\/lapidarium.fundacja-hereditas.pl\/wp-content\/uploads\/2024\/07\/E_Dziedziniewicz-Rapca_Warszawa_Kaliska_15_klatka_od_Sekocinskiej_wysoki_parter_posadzka-228x300.jpg 228w, http:\/\/lapidarium.fundacja-hereditas.pl\/wp-content\/uploads\/2024\/07\/E_Dziedziniewicz-Rapca_Warszawa_Kaliska_15_klatka_od_Sekocinskiej_wysoki_parter_posadzka-768x1011.jpg 768w, http:\/\/lapidarium.fundacja-hereditas.pl\/wp-content\/uploads\/2024\/07\/E_Dziedziniewicz-Rapca_Warszawa_Kaliska_15_klatka_od_Sekocinskiej_wysoki_parter_posadzka-1167x1536.jpg 1167w, http:\/\/lapidarium.fundacja-hereditas.pl\/wp-content\/uploads\/2024\/07\/E_Dziedziniewicz-Rapca_Warszawa_Kaliska_15_klatka_od_Sekocinskiej_wysoki_parter_posadzka-1556x2048.jpg 1556w, http:\/\/lapidarium.fundacja-hereditas.pl\/wp-content\/uploads\/2024\/07\/E_Dziedziniewicz-Rapca_Warszawa_Kaliska_15_klatka_od_Sekocinskiej_wysoki_parter_posadzka-150x197.jpg 150w, http:\/\/lapidarium.fundacja-hereditas.pl\/wp-content\/uploads\/2024\/07\/E_Dziedziniewicz-Rapca_Warszawa_Kaliska_15_klatka_od_Sekocinskiej_wysoki_parter_posadzka-300x395.jpg 300w, http:\/\/lapidarium.fundacja-hereditas.pl\/wp-content\/uploads\/2024\/07\/E_Dziedziniewicz-Rapca_Warszawa_Kaliska_15_klatka_od_Sekocinskiej_wysoki_parter_posadzka-696x916.jpg 696w, http:\/\/lapidarium.fundacja-hereditas.pl\/wp-content\/uploads\/2024\/07\/E_Dziedziniewicz-Rapca_Warszawa_Kaliska_15_klatka_od_Sekocinskiej_wysoki_parter_posadzka-1068x1406.jpg 1068w, http:\/\/lapidarium.fundacja-hereditas.pl\/wp-content\/uploads\/2024\/07\/E_Dziedziniewicz-Rapca_Warszawa_Kaliska_15_klatka_od_Sekocinskiej_wysoki_parter_posadzka-1920x2527.jpg 1920w, http:\/\/lapidarium.fundacja-hereditas.pl\/wp-content\/uploads\/2024\/07\/E_Dziedziniewicz-Rapca_Warszawa_Kaliska_15_klatka_od_Sekocinskiej_wysoki_parter_posadzka-scaled.jpg 1945w\" sizes=\"auto, (max-width: 778px) 100vw, 778px\" \/><\/a><figcaption class=\"wp-element-caption\">Klatka od ul. S\u0119koci\u0144skiej. Parter, widok ku ulicy. Fot. Ewa Dziedziniewicz-R\u0105pca, 2023 r., \u017ar\u00f3d\u0142o: MWKZ.<\/figcaption><\/figure>\n\n\n\n<figure class=\"wp-block-image size-large\"><a href=\"http:\/\/lapidarium.fundacja-hereditas.pl\/wp-content\/uploads\/2024\/07\/E_Dziedziniewicz-Rapca_Warszawa_Kaliska_15_klatka_od_Sekocinskiej_wysoki_parterschody_detal__z_boku_1-scaled.jpg\"><img loading=\"lazy\" decoding=\"async\" width=\"1024\" height=\"832\" data-id=\"26689\" src=\"http:\/\/lapidarium.fundacja-hereditas.pl\/wp-content\/uploads\/2024\/07\/E_Dziedziniewicz-Rapca_Warszawa_Kaliska_15_klatka_od_Sekocinskiej_wysoki_parterschody_detal__z_boku_1-1024x832.jpg\" alt=\"\" class=\"wp-image-26689\" srcset=\"http:\/\/lapidarium.fundacja-hereditas.pl\/wp-content\/uploads\/2024\/07\/E_Dziedziniewicz-Rapca_Warszawa_Kaliska_15_klatka_od_Sekocinskiej_wysoki_parterschody_detal__z_boku_1-1024x832.jpg 1024w, http:\/\/lapidarium.fundacja-hereditas.pl\/wp-content\/uploads\/2024\/07\/E_Dziedziniewicz-Rapca_Warszawa_Kaliska_15_klatka_od_Sekocinskiej_wysoki_parterschody_detal__z_boku_1-300x244.jpg 300w, http:\/\/lapidarium.fundacja-hereditas.pl\/wp-content\/uploads\/2024\/07\/E_Dziedziniewicz-Rapca_Warszawa_Kaliska_15_klatka_od_Sekocinskiej_wysoki_parterschody_detal__z_boku_1-768x624.jpg 768w, http:\/\/lapidarium.fundacja-hereditas.pl\/wp-content\/uploads\/2024\/07\/E_Dziedziniewicz-Rapca_Warszawa_Kaliska_15_klatka_od_Sekocinskiej_wysoki_parterschody_detal__z_boku_1-1536x1248.jpg 1536w, http:\/\/lapidarium.fundacja-hereditas.pl\/wp-content\/uploads\/2024\/07\/E_Dziedziniewicz-Rapca_Warszawa_Kaliska_15_klatka_od_Sekocinskiej_wysoki_parterschody_detal__z_boku_1-2048x1664.jpg 2048w, http:\/\/lapidarium.fundacja-hereditas.pl\/wp-content\/uploads\/2024\/07\/E_Dziedziniewicz-Rapca_Warszawa_Kaliska_15_klatka_od_Sekocinskiej_wysoki_parterschody_detal__z_boku_1-150x122.jpg 150w, http:\/\/lapidarium.fundacja-hereditas.pl\/wp-content\/uploads\/2024\/07\/E_Dziedziniewicz-Rapca_Warszawa_Kaliska_15_klatka_od_Sekocinskiej_wysoki_parterschody_detal__z_boku_1-696x565.jpg 696w, http:\/\/lapidarium.fundacja-hereditas.pl\/wp-content\/uploads\/2024\/07\/E_Dziedziniewicz-Rapca_Warszawa_Kaliska_15_klatka_od_Sekocinskiej_wysoki_parterschody_detal__z_boku_1-1068x868.jpg 1068w, http:\/\/lapidarium.fundacja-hereditas.pl\/wp-content\/uploads\/2024\/07\/E_Dziedziniewicz-Rapca_Warszawa_Kaliska_15_klatka_od_Sekocinskiej_wysoki_parterschody_detal__z_boku_1-1920x1560.jpg 1920w\" sizes=\"auto, (max-width: 1024px) 100vw, 1024px\" \/><\/a><figcaption class=\"wp-element-caption\">Klatka od ul. S\u0119koci\u0144skiej. Podstawa pr\u0119ta balustrady. Fot. Ewa Dziedziniewicz-R\u0105pca, 2023 r., \u017ar\u00f3d\u0142o: MWKZ.<\/figcaption><\/figure>\n\n\n\n<figure class=\"wp-block-image size-large\"><a href=\"http:\/\/lapidarium.fundacja-hereditas.pl\/wp-content\/uploads\/2024\/07\/E_Dziedziniewicz-Rapca_Warszawa_Kaliska_15_klatka_od_Sekocinskiej_wysoki_parter_skosem-scaled.jpg\"><img loading=\"lazy\" decoding=\"async\" width=\"665\" height=\"1024\" data-id=\"26688\" src=\"http:\/\/lapidarium.fundacja-hereditas.pl\/wp-content\/uploads\/2024\/07\/E_Dziedziniewicz-Rapca_Warszawa_Kaliska_15_klatka_od_Sekocinskiej_wysoki_parter_skosem-665x1024.jpg\" alt=\"\" class=\"wp-image-26688\" srcset=\"http:\/\/lapidarium.fundacja-hereditas.pl\/wp-content\/uploads\/2024\/07\/E_Dziedziniewicz-Rapca_Warszawa_Kaliska_15_klatka_od_Sekocinskiej_wysoki_parter_skosem-665x1024.jpg 665w, http:\/\/lapidarium.fundacja-hereditas.pl\/wp-content\/uploads\/2024\/07\/E_Dziedziniewicz-Rapca_Warszawa_Kaliska_15_klatka_od_Sekocinskiej_wysoki_parter_skosem-195x300.jpg 195w, http:\/\/lapidarium.fundacja-hereditas.pl\/wp-content\/uploads\/2024\/07\/E_Dziedziniewicz-Rapca_Warszawa_Kaliska_15_klatka_od_Sekocinskiej_wysoki_parter_skosem-768x1183.jpg 768w, http:\/\/lapidarium.fundacja-hereditas.pl\/wp-content\/uploads\/2024\/07\/E_Dziedziniewicz-Rapca_Warszawa_Kaliska_15_klatka_od_Sekocinskiej_wysoki_parter_skosem-997x1536.jpg 997w, http:\/\/lapidarium.fundacja-hereditas.pl\/wp-content\/uploads\/2024\/07\/E_Dziedziniewicz-Rapca_Warszawa_Kaliska_15_klatka_od_Sekocinskiej_wysoki_parter_skosem-1330x2048.jpg 1330w, http:\/\/lapidarium.fundacja-hereditas.pl\/wp-content\/uploads\/2024\/07\/E_Dziedziniewicz-Rapca_Warszawa_Kaliska_15_klatka_od_Sekocinskiej_wysoki_parter_skosem-150x231.jpg 150w, http:\/\/lapidarium.fundacja-hereditas.pl\/wp-content\/uploads\/2024\/07\/E_Dziedziniewicz-Rapca_Warszawa_Kaliska_15_klatka_od_Sekocinskiej_wysoki_parter_skosem-300x462.jpg 300w, http:\/\/lapidarium.fundacja-hereditas.pl\/wp-content\/uploads\/2024\/07\/E_Dziedziniewicz-Rapca_Warszawa_Kaliska_15_klatka_od_Sekocinskiej_wysoki_parter_skosem-696x1072.jpg 696w, http:\/\/lapidarium.fundacja-hereditas.pl\/wp-content\/uploads\/2024\/07\/E_Dziedziniewicz-Rapca_Warszawa_Kaliska_15_klatka_od_Sekocinskiej_wysoki_parter_skosem-1068x1645.jpg 1068w, http:\/\/lapidarium.fundacja-hereditas.pl\/wp-content\/uploads\/2024\/07\/E_Dziedziniewicz-Rapca_Warszawa_Kaliska_15_klatka_od_Sekocinskiej_wysoki_parter_skosem-1920x2957.jpg 1920w, http:\/\/lapidarium.fundacja-hereditas.pl\/wp-content\/uploads\/2024\/07\/E_Dziedziniewicz-Rapca_Warszawa_Kaliska_15_klatka_od_Sekocinskiej_wysoki_parter_skosem-scaled.jpg 1662w\" sizes=\"auto, (max-width: 665px) 100vw, 665px\" \/><\/a><figcaption class=\"wp-element-caption\">Klatka od ul. S\u0119koci\u0144skiej. Parter, widok ku ulicy. Fot. Ewa Dziedziniewicz-R\u0105pca, 2023 r., \u017ar\u00f3d\u0142o: MWKZ.<\/figcaption><\/figure>\n\n\n\n<figure class=\"wp-block-image size-large\"><a href=\"http:\/\/lapidarium.fundacja-hereditas.pl\/wp-content\/uploads\/2024\/07\/E_Dziedziniewicz-Rapca_Warszawa_Kaliska_15_klatka_od_Sekocinskiej_wejcie_sciana_A-scaled.jpg\"><img loading=\"lazy\" decoding=\"async\" width=\"785\" height=\"1024\" data-id=\"26681\" src=\"http:\/\/lapidarium.fundacja-hereditas.pl\/wp-content\/uploads\/2024\/07\/E_Dziedziniewicz-Rapca_Warszawa_Kaliska_15_klatka_od_Sekocinskiej_wejcie_sciana_A-785x1024.jpg\" alt=\"\" class=\"wp-image-26681\" srcset=\"http:\/\/lapidarium.fundacja-hereditas.pl\/wp-content\/uploads\/2024\/07\/E_Dziedziniewicz-Rapca_Warszawa_Kaliska_15_klatka_od_Sekocinskiej_wejcie_sciana_A-785x1024.jpg 785w, http:\/\/lapidarium.fundacja-hereditas.pl\/wp-content\/uploads\/2024\/07\/E_Dziedziniewicz-Rapca_Warszawa_Kaliska_15_klatka_od_Sekocinskiej_wejcie_sciana_A-230x300.jpg 230w, http:\/\/lapidarium.fundacja-hereditas.pl\/wp-content\/uploads\/2024\/07\/E_Dziedziniewicz-Rapca_Warszawa_Kaliska_15_klatka_od_Sekocinskiej_wejcie_sciana_A-768x1002.jpg 768w, http:\/\/lapidarium.fundacja-hereditas.pl\/wp-content\/uploads\/2024\/07\/E_Dziedziniewicz-Rapca_Warszawa_Kaliska_15_klatka_od_Sekocinskiej_wejcie_sciana_A-1177x1536.jpg 1177w, http:\/\/lapidarium.fundacja-hereditas.pl\/wp-content\/uploads\/2024\/07\/E_Dziedziniewicz-Rapca_Warszawa_Kaliska_15_klatka_od_Sekocinskiej_wejcie_sciana_A-1569x2048.jpg 1569w, http:\/\/lapidarium.fundacja-hereditas.pl\/wp-content\/uploads\/2024\/07\/E_Dziedziniewicz-Rapca_Warszawa_Kaliska_15_klatka_od_Sekocinskiej_wejcie_sciana_A-150x196.jpg 150w, http:\/\/lapidarium.fundacja-hereditas.pl\/wp-content\/uploads\/2024\/07\/E_Dziedziniewicz-Rapca_Warszawa_Kaliska_15_klatka_od_Sekocinskiej_wejcie_sciana_A-300x392.jpg 300w, http:\/\/lapidarium.fundacja-hereditas.pl\/wp-content\/uploads\/2024\/07\/E_Dziedziniewicz-Rapca_Warszawa_Kaliska_15_klatka_od_Sekocinskiej_wejcie_sciana_A-696x908.jpg 696w, http:\/\/lapidarium.fundacja-hereditas.pl\/wp-content\/uploads\/2024\/07\/E_Dziedziniewicz-Rapca_Warszawa_Kaliska_15_klatka_od_Sekocinskiej_wejcie_sciana_A-1068x1394.jpg 1068w, http:\/\/lapidarium.fundacja-hereditas.pl\/wp-content\/uploads\/2024\/07\/E_Dziedziniewicz-Rapca_Warszawa_Kaliska_15_klatka_od_Sekocinskiej_wejcie_sciana_A-1920x2506.jpg 1920w, http:\/\/lapidarium.fundacja-hereditas.pl\/wp-content\/uploads\/2024\/07\/E_Dziedziniewicz-Rapca_Warszawa_Kaliska_15_klatka_od_Sekocinskiej_wejcie_sciana_A-scaled.jpg 1962w\" sizes=\"auto, (max-width: 785px) 100vw, 785px\" \/><\/a><figcaption class=\"wp-element-caption\">Klatka od ul. S\u0119koci\u0144skiej. Parter &#8211; boniowanie. Fot. Ewa Dziedziniewicz-R\u0105pca, 2023 r., \u017ar\u00f3d\u0142o: MWKZ.<\/figcaption><\/figure>\n\n\n\n<figure class=\"wp-block-image size-large\"><a href=\"http:\/\/lapidarium.fundacja-hereditas.pl\/wp-content\/uploads\/2024\/07\/E_Dziedziniewicz-Rapca_Warszawa_Kaliska_15_klatka_od_Sekocinskiej_wejcie_sciana-scaled.jpg\"><img loading=\"lazy\" decoding=\"async\" width=\"776\" height=\"1024\" data-id=\"26680\" src=\"http:\/\/lapidarium.fundacja-hereditas.pl\/wp-content\/uploads\/2024\/07\/E_Dziedziniewicz-Rapca_Warszawa_Kaliska_15_klatka_od_Sekocinskiej_wejcie_sciana-776x1024.jpg\" alt=\"\" class=\"wp-image-26680\" srcset=\"http:\/\/lapidarium.fundacja-hereditas.pl\/wp-content\/uploads\/2024\/07\/E_Dziedziniewicz-Rapca_Warszawa_Kaliska_15_klatka_od_Sekocinskiej_wejcie_sciana-776x1024.jpg 776w, http:\/\/lapidarium.fundacja-hereditas.pl\/wp-content\/uploads\/2024\/07\/E_Dziedziniewicz-Rapca_Warszawa_Kaliska_15_klatka_od_Sekocinskiej_wejcie_sciana-227x300.jpg 227w, http:\/\/lapidarium.fundacja-hereditas.pl\/wp-content\/uploads\/2024\/07\/E_Dziedziniewicz-Rapca_Warszawa_Kaliska_15_klatka_od_Sekocinskiej_wejcie_sciana-768x1013.jpg 768w, http:\/\/lapidarium.fundacja-hereditas.pl\/wp-content\/uploads\/2024\/07\/E_Dziedziniewicz-Rapca_Warszawa_Kaliska_15_klatka_od_Sekocinskiej_wejcie_sciana-1164x1536.jpg 1164w, http:\/\/lapidarium.fundacja-hereditas.pl\/wp-content\/uploads\/2024\/07\/E_Dziedziniewicz-Rapca_Warszawa_Kaliska_15_klatka_od_Sekocinskiej_wejcie_sciana-1552x2048.jpg 1552w, http:\/\/lapidarium.fundacja-hereditas.pl\/wp-content\/uploads\/2024\/07\/E_Dziedziniewicz-Rapca_Warszawa_Kaliska_15_klatka_od_Sekocinskiej_wejcie_sciana-150x198.jpg 150w, http:\/\/lapidarium.fundacja-hereditas.pl\/wp-content\/uploads\/2024\/07\/E_Dziedziniewicz-Rapca_Warszawa_Kaliska_15_klatka_od_Sekocinskiej_wejcie_sciana-300x396.jpg 300w, http:\/\/lapidarium.fundacja-hereditas.pl\/wp-content\/uploads\/2024\/07\/E_Dziedziniewicz-Rapca_Warszawa_Kaliska_15_klatka_od_Sekocinskiej_wejcie_sciana-696x918.jpg 696w, http:\/\/lapidarium.fundacja-hereditas.pl\/wp-content\/uploads\/2024\/07\/E_Dziedziniewicz-Rapca_Warszawa_Kaliska_15_klatka_od_Sekocinskiej_wejcie_sciana-1068x1409.jpg 1068w, http:\/\/lapidarium.fundacja-hereditas.pl\/wp-content\/uploads\/2024\/07\/E_Dziedziniewicz-Rapca_Warszawa_Kaliska_15_klatka_od_Sekocinskiej_wejcie_sciana-1920x2534.jpg 1920w, http:\/\/lapidarium.fundacja-hereditas.pl\/wp-content\/uploads\/2024\/07\/E_Dziedziniewicz-Rapca_Warszawa_Kaliska_15_klatka_od_Sekocinskiej_wejcie_sciana-scaled.jpg 1940w\" sizes=\"auto, (max-width: 776px) 100vw, 776px\" \/><\/a><figcaption class=\"wp-element-caption\">Klatka od ul. S\u0119koci\u0144skiej. Parter &#8211; boniowanie. Fot. Ewa Dziedziniewicz-R\u0105pca, 2023 r., \u017ar\u00f3d\u0142o: MWKZ.<\/figcaption><\/figure>\n\n\n\n<figure class=\"wp-block-image size-large\"><a href=\"http:\/\/lapidarium.fundacja-hereditas.pl\/wp-content\/uploads\/2024\/07\/E_Dziedziniewicz-Rapca_Warszawa_Kaliska_15_klatka_od_Sekocinskiej_wysoki_parter_drzwi_na_podworze-scaled.jpg\"><img loading=\"lazy\" decoding=\"async\" width=\"774\" height=\"1024\" data-id=\"26683\" src=\"http:\/\/lapidarium.fundacja-hereditas.pl\/wp-content\/uploads\/2024\/07\/E_Dziedziniewicz-Rapca_Warszawa_Kaliska_15_klatka_od_Sekocinskiej_wysoki_parter_drzwi_na_podworze-774x1024.jpg\" alt=\"\" class=\"wp-image-26683\" srcset=\"http:\/\/lapidarium.fundacja-hereditas.pl\/wp-content\/uploads\/2024\/07\/E_Dziedziniewicz-Rapca_Warszawa_Kaliska_15_klatka_od_Sekocinskiej_wysoki_parter_drzwi_na_podworze-774x1024.jpg 774w, http:\/\/lapidarium.fundacja-hereditas.pl\/wp-content\/uploads\/2024\/07\/E_Dziedziniewicz-Rapca_Warszawa_Kaliska_15_klatka_od_Sekocinskiej_wysoki_parter_drzwi_na_podworze-227x300.jpg 227w, http:\/\/lapidarium.fundacja-hereditas.pl\/wp-content\/uploads\/2024\/07\/E_Dziedziniewicz-Rapca_Warszawa_Kaliska_15_klatka_od_Sekocinskiej_wysoki_parter_drzwi_na_podworze-768x1015.jpg 768w, http:\/\/lapidarium.fundacja-hereditas.pl\/wp-content\/uploads\/2024\/07\/E_Dziedziniewicz-Rapca_Warszawa_Kaliska_15_klatka_od_Sekocinskiej_wysoki_parter_drzwi_na_podworze-1162x1536.jpg 1162w, http:\/\/lapidarium.fundacja-hereditas.pl\/wp-content\/uploads\/2024\/07\/E_Dziedziniewicz-Rapca_Warszawa_Kaliska_15_klatka_od_Sekocinskiej_wysoki_parter_drzwi_na_podworze-1549x2048.jpg 1549w, http:\/\/lapidarium.fundacja-hereditas.pl\/wp-content\/uploads\/2024\/07\/E_Dziedziniewicz-Rapca_Warszawa_Kaliska_15_klatka_od_Sekocinskiej_wysoki_parter_drzwi_na_podworze-150x198.jpg 150w, http:\/\/lapidarium.fundacja-hereditas.pl\/wp-content\/uploads\/2024\/07\/E_Dziedziniewicz-Rapca_Warszawa_Kaliska_15_klatka_od_Sekocinskiej_wysoki_parter_drzwi_na_podworze-300x397.jpg 300w, http:\/\/lapidarium.fundacja-hereditas.pl\/wp-content\/uploads\/2024\/07\/E_Dziedziniewicz-Rapca_Warszawa_Kaliska_15_klatka_od_Sekocinskiej_wysoki_parter_drzwi_na_podworze-696x920.jpg 696w, http:\/\/lapidarium.fundacja-hereditas.pl\/wp-content\/uploads\/2024\/07\/E_Dziedziniewicz-Rapca_Warszawa_Kaliska_15_klatka_od_Sekocinskiej_wysoki_parter_drzwi_na_podworze-1068x1412.jpg 1068w, http:\/\/lapidarium.fundacja-hereditas.pl\/wp-content\/uploads\/2024\/07\/E_Dziedziniewicz-Rapca_Warszawa_Kaliska_15_klatka_od_Sekocinskiej_wysoki_parter_drzwi_na_podworze-1920x2539.jpg 1920w, http:\/\/lapidarium.fundacja-hereditas.pl\/wp-content\/uploads\/2024\/07\/E_Dziedziniewicz-Rapca_Warszawa_Kaliska_15_klatka_od_Sekocinskiej_wysoki_parter_drzwi_na_podworze-scaled.jpg 1936w\" sizes=\"auto, (max-width: 774px) 100vw, 774px\" \/><\/a><figcaption class=\"wp-element-caption\">Klatka od ul. S\u0119koci\u0144skiej. Parter, widok ku podw\u00f3rzu. Fot. Ewa Dziedziniewicz-R\u0105pca, 2023 r., \u017ar\u00f3d\u0142o: MWKZ.<\/figcaption><\/figure>\n\n\n\n<figure class=\"wp-block-image size-large\"><a href=\"http:\/\/lapidarium.fundacja-hereditas.pl\/wp-content\/uploads\/2024\/07\/E_Dziedziniewicz-Rapca_Warszawa_Kaliska_15_klatka_od_Sekocinskiej_wysoki_parter_drzwi_na_podworze_A-scaled.jpg\"><img loading=\"lazy\" decoding=\"async\" width=\"1024\" height=\"819\" data-id=\"26684\" src=\"http:\/\/lapidarium.fundacja-hereditas.pl\/wp-content\/uploads\/2024\/07\/E_Dziedziniewicz-Rapca_Warszawa_Kaliska_15_klatka_od_Sekocinskiej_wysoki_parter_drzwi_na_podworze_A-1024x819.jpg\" alt=\"\" class=\"wp-image-26684\" srcset=\"http:\/\/lapidarium.fundacja-hereditas.pl\/wp-content\/uploads\/2024\/07\/E_Dziedziniewicz-Rapca_Warszawa_Kaliska_15_klatka_od_Sekocinskiej_wysoki_parter_drzwi_na_podworze_A-1024x819.jpg 1024w, http:\/\/lapidarium.fundacja-hereditas.pl\/wp-content\/uploads\/2024\/07\/E_Dziedziniewicz-Rapca_Warszawa_Kaliska_15_klatka_od_Sekocinskiej_wysoki_parter_drzwi_na_podworze_A-300x240.jpg 300w, http:\/\/lapidarium.fundacja-hereditas.pl\/wp-content\/uploads\/2024\/07\/E_Dziedziniewicz-Rapca_Warszawa_Kaliska_15_klatka_od_Sekocinskiej_wysoki_parter_drzwi_na_podworze_A-768x614.jpg 768w, http:\/\/lapidarium.fundacja-hereditas.pl\/wp-content\/uploads\/2024\/07\/E_Dziedziniewicz-Rapca_Warszawa_Kaliska_15_klatka_od_Sekocinskiej_wysoki_parter_drzwi_na_podworze_A-1536x1229.jpg 1536w, http:\/\/lapidarium.fundacja-hereditas.pl\/wp-content\/uploads\/2024\/07\/E_Dziedziniewicz-Rapca_Warszawa_Kaliska_15_klatka_od_Sekocinskiej_wysoki_parter_drzwi_na_podworze_A-2048x1639.jpg 2048w, http:\/\/lapidarium.fundacja-hereditas.pl\/wp-content\/uploads\/2024\/07\/E_Dziedziniewicz-Rapca_Warszawa_Kaliska_15_klatka_od_Sekocinskiej_wysoki_parter_drzwi_na_podworze_A-150x120.jpg 150w, http:\/\/lapidarium.fundacja-hereditas.pl\/wp-content\/uploads\/2024\/07\/E_Dziedziniewicz-Rapca_Warszawa_Kaliska_15_klatka_od_Sekocinskiej_wysoki_parter_drzwi_na_podworze_A-696x557.jpg 696w, http:\/\/lapidarium.fundacja-hereditas.pl\/wp-content\/uploads\/2024\/07\/E_Dziedziniewicz-Rapca_Warszawa_Kaliska_15_klatka_od_Sekocinskiej_wysoki_parter_drzwi_na_podworze_A-1068x854.jpg 1068w, http:\/\/lapidarium.fundacja-hereditas.pl\/wp-content\/uploads\/2024\/07\/E_Dziedziniewicz-Rapca_Warszawa_Kaliska_15_klatka_od_Sekocinskiej_wysoki_parter_drzwi_na_podworze_A-1920x1536.jpg 1920w\" sizes=\"auto, (max-width: 1024px) 100vw, 1024px\" \/><\/a><figcaption class=\"wp-element-caption\">Klatka od ul. S\u0119koci\u0144skiej. Parter, widok ku podw\u00f3rzu. Fot. Ewa Dziedziniewicz-R\u0105pca, 2023 r., \u017ar\u00f3d\u0142o: MWKZ.<\/figcaption><\/figure>\n\n\n\n<figure class=\"wp-block-image size-large\"><a href=\"http:\/\/lapidarium.fundacja-hereditas.pl\/wp-content\/uploads\/2024\/07\/E_Dziedziniewicz-Rapca_Warszawa_Kaliska_15_klatka_od_Sekocinskiej_parter_posadzka_od_podworza-scaled.jpg\"><img loading=\"lazy\" decoding=\"async\" width=\"1024\" height=\"781\" data-id=\"26646\" src=\"http:\/\/lapidarium.fundacja-hereditas.pl\/wp-content\/uploads\/2024\/07\/E_Dziedziniewicz-Rapca_Warszawa_Kaliska_15_klatka_od_Sekocinskiej_parter_posadzka_od_podworza-1024x781.jpg\" alt=\"\" class=\"wp-image-26646\" srcset=\"http:\/\/lapidarium.fundacja-hereditas.pl\/wp-content\/uploads\/2024\/07\/E_Dziedziniewicz-Rapca_Warszawa_Kaliska_15_klatka_od_Sekocinskiej_parter_posadzka_od_podworza-1024x781.jpg 1024w, http:\/\/lapidarium.fundacja-hereditas.pl\/wp-content\/uploads\/2024\/07\/E_Dziedziniewicz-Rapca_Warszawa_Kaliska_15_klatka_od_Sekocinskiej_parter_posadzka_od_podworza-300x229.jpg 300w, http:\/\/lapidarium.fundacja-hereditas.pl\/wp-content\/uploads\/2024\/07\/E_Dziedziniewicz-Rapca_Warszawa_Kaliska_15_klatka_od_Sekocinskiej_parter_posadzka_od_podworza-768x586.jpg 768w, http:\/\/lapidarium.fundacja-hereditas.pl\/wp-content\/uploads\/2024\/07\/E_Dziedziniewicz-Rapca_Warszawa_Kaliska_15_klatka_od_Sekocinskiej_parter_posadzka_od_podworza-1536x1171.jpg 1536w, http:\/\/lapidarium.fundacja-hereditas.pl\/wp-content\/uploads\/2024\/07\/E_Dziedziniewicz-Rapca_Warszawa_Kaliska_15_klatka_od_Sekocinskiej_parter_posadzka_od_podworza-2048x1562.jpg 2048w, http:\/\/lapidarium.fundacja-hereditas.pl\/wp-content\/uploads\/2024\/07\/E_Dziedziniewicz-Rapca_Warszawa_Kaliska_15_klatka_od_Sekocinskiej_parter_posadzka_od_podworza-150x114.jpg 150w, http:\/\/lapidarium.fundacja-hereditas.pl\/wp-content\/uploads\/2024\/07\/E_Dziedziniewicz-Rapca_Warszawa_Kaliska_15_klatka_od_Sekocinskiej_parter_posadzka_od_podworza-696x531.jpg 696w, http:\/\/lapidarium.fundacja-hereditas.pl\/wp-content\/uploads\/2024\/07\/E_Dziedziniewicz-Rapca_Warszawa_Kaliska_15_klatka_od_Sekocinskiej_parter_posadzka_od_podworza-1068x814.jpg 1068w, http:\/\/lapidarium.fundacja-hereditas.pl\/wp-content\/uploads\/2024\/07\/E_Dziedziniewicz-Rapca_Warszawa_Kaliska_15_klatka_od_Sekocinskiej_parter_posadzka_od_podworza-1920x1464.jpg 1920w\" sizes=\"auto, (max-width: 1024px) 100vw, 1024px\" \/><\/a><figcaption class=\"wp-element-caption\">Klatka od ul. S\u0119koci\u0144skiej. Posadzka i schody do piwnicy. Fot. Ewa Dziedziniewicz-R\u0105pca, 2023 r., \u017ar\u00f3d\u0142o: MWKZ.<\/figcaption><\/figure>\n\n\n\n<figure class=\"wp-block-image size-large\"><a href=\"http:\/\/lapidarium.fundacja-hereditas.pl\/wp-content\/uploads\/2024\/07\/E_Dziedziniewicz-Rapca_Warszawa_Kaliska_15_klatka_od_Sekocinskiej_parter_shcoy_A-scaled.jpg\"><img loading=\"lazy\" decoding=\"async\" width=\"762\" height=\"1024\" data-id=\"26648\" src=\"http:\/\/lapidarium.fundacja-hereditas.pl\/wp-content\/uploads\/2024\/07\/E_Dziedziniewicz-Rapca_Warszawa_Kaliska_15_klatka_od_Sekocinskiej_parter_shcoy_A-762x1024.jpg\" alt=\"\" class=\"wp-image-26648\" srcset=\"http:\/\/lapidarium.fundacja-hereditas.pl\/wp-content\/uploads\/2024\/07\/E_Dziedziniewicz-Rapca_Warszawa_Kaliska_15_klatka_od_Sekocinskiej_parter_shcoy_A-762x1024.jpg 762w, http:\/\/lapidarium.fundacja-hereditas.pl\/wp-content\/uploads\/2024\/07\/E_Dziedziniewicz-Rapca_Warszawa_Kaliska_15_klatka_od_Sekocinskiej_parter_shcoy_A-223x300.jpg 223w, http:\/\/lapidarium.fundacja-hereditas.pl\/wp-content\/uploads\/2024\/07\/E_Dziedziniewicz-Rapca_Warszawa_Kaliska_15_klatka_od_Sekocinskiej_parter_shcoy_A-768x1033.jpg 768w, http:\/\/lapidarium.fundacja-hereditas.pl\/wp-content\/uploads\/2024\/07\/E_Dziedziniewicz-Rapca_Warszawa_Kaliska_15_klatka_od_Sekocinskiej_parter_shcoy_A-1142x1536.jpg 1142w, http:\/\/lapidarium.fundacja-hereditas.pl\/wp-content\/uploads\/2024\/07\/E_Dziedziniewicz-Rapca_Warszawa_Kaliska_15_klatka_od_Sekocinskiej_parter_shcoy_A-1523x2048.jpg 1523w, http:\/\/lapidarium.fundacja-hereditas.pl\/wp-content\/uploads\/2024\/07\/E_Dziedziniewicz-Rapca_Warszawa_Kaliska_15_klatka_od_Sekocinskiej_parter_shcoy_A-150x202.jpg 150w, http:\/\/lapidarium.fundacja-hereditas.pl\/wp-content\/uploads\/2024\/07\/E_Dziedziniewicz-Rapca_Warszawa_Kaliska_15_klatka_od_Sekocinskiej_parter_shcoy_A-300x403.jpg 300w, http:\/\/lapidarium.fundacja-hereditas.pl\/wp-content\/uploads\/2024\/07\/E_Dziedziniewicz-Rapca_Warszawa_Kaliska_15_klatka_od_Sekocinskiej_parter_shcoy_A-696x936.jpg 696w, http:\/\/lapidarium.fundacja-hereditas.pl\/wp-content\/uploads\/2024\/07\/E_Dziedziniewicz-Rapca_Warszawa_Kaliska_15_klatka_od_Sekocinskiej_parter_shcoy_A-1068x1436.jpg 1068w, http:\/\/lapidarium.fundacja-hereditas.pl\/wp-content\/uploads\/2024\/07\/E_Dziedziniewicz-Rapca_Warszawa_Kaliska_15_klatka_od_Sekocinskiej_parter_shcoy_A-1920x2582.jpg 1920w, http:\/\/lapidarium.fundacja-hereditas.pl\/wp-content\/uploads\/2024\/07\/E_Dziedziniewicz-Rapca_Warszawa_Kaliska_15_klatka_od_Sekocinskiej_parter_shcoy_A-scaled.jpg 1904w\" sizes=\"auto, (max-width: 762px) 100vw, 762px\" \/><\/a><figcaption class=\"wp-element-caption\">Klatka od ul. S\u0119koci\u0144skiej. Parter. Widok od podw\u00f3rza. Fot. Ewa Dziedziniewicz-R\u0105pca, 2023 r., \u017ar\u00f3d\u0142o: MWKZ.<\/figcaption><\/figure>\n\n\n\n<figure class=\"wp-block-image size-large\"><a href=\"http:\/\/lapidarium.fundacja-hereditas.pl\/wp-content\/uploads\/2024\/07\/E_Dziedziniewicz-Rapca_Warszawa_Kaliska_15_klatka_od_Sekocinskiej_parter_schody-scaled.jpg\"><img loading=\"lazy\" decoding=\"async\" width=\"1024\" height=\"777\" data-id=\"26647\" src=\"http:\/\/lapidarium.fundacja-hereditas.pl\/wp-content\/uploads\/2024\/07\/E_Dziedziniewicz-Rapca_Warszawa_Kaliska_15_klatka_od_Sekocinskiej_parter_schody-1024x777.jpg\" alt=\"\" class=\"wp-image-26647\" srcset=\"http:\/\/lapidarium.fundacja-hereditas.pl\/wp-content\/uploads\/2024\/07\/E_Dziedziniewicz-Rapca_Warszawa_Kaliska_15_klatka_od_Sekocinskiej_parter_schody-1024x777.jpg 1024w, http:\/\/lapidarium.fundacja-hereditas.pl\/wp-content\/uploads\/2024\/07\/E_Dziedziniewicz-Rapca_Warszawa_Kaliska_15_klatka_od_Sekocinskiej_parter_schody-300x228.jpg 300w, http:\/\/lapidarium.fundacja-hereditas.pl\/wp-content\/uploads\/2024\/07\/E_Dziedziniewicz-Rapca_Warszawa_Kaliska_15_klatka_od_Sekocinskiej_parter_schody-768x583.jpg 768w, http:\/\/lapidarium.fundacja-hereditas.pl\/wp-content\/uploads\/2024\/07\/E_Dziedziniewicz-Rapca_Warszawa_Kaliska_15_klatka_od_Sekocinskiej_parter_schody-1536x1165.jpg 1536w, http:\/\/lapidarium.fundacja-hereditas.pl\/wp-content\/uploads\/2024\/07\/E_Dziedziniewicz-Rapca_Warszawa_Kaliska_15_klatka_od_Sekocinskiej_parter_schody-2048x1553.jpg 2048w, http:\/\/lapidarium.fundacja-hereditas.pl\/wp-content\/uploads\/2024\/07\/E_Dziedziniewicz-Rapca_Warszawa_Kaliska_15_klatka_od_Sekocinskiej_parter_schody-150x114.jpg 150w, http:\/\/lapidarium.fundacja-hereditas.pl\/wp-content\/uploads\/2024\/07\/E_Dziedziniewicz-Rapca_Warszawa_Kaliska_15_klatka_od_Sekocinskiej_parter_schody-696x528.jpg 696w, http:\/\/lapidarium.fundacja-hereditas.pl\/wp-content\/uploads\/2024\/07\/E_Dziedziniewicz-Rapca_Warszawa_Kaliska_15_klatka_od_Sekocinskiej_parter_schody-1068x810.jpg 1068w, http:\/\/lapidarium.fundacja-hereditas.pl\/wp-content\/uploads\/2024\/07\/E_Dziedziniewicz-Rapca_Warszawa_Kaliska_15_klatka_od_Sekocinskiej_parter_schody-1920x1456.jpg 1920w\" sizes=\"auto, (max-width: 1024px) 100vw, 1024px\" \/><\/a><figcaption class=\"wp-element-caption\">Klatka od ul. S\u0119koci\u0144skiej. Schody do piwnicy. Fot. Ewa Dziedziniewicz-R\u0105pca, 2023 r., \u017ar\u00f3d\u0142o: MWKZ.<\/figcaption><\/figure>\n\n\n\n<figure class=\"wp-block-image size-large\"><a href=\"http:\/\/lapidarium.fundacja-hereditas.pl\/wp-content\/uploads\/2024\/07\/E_Dziedziniewicz-Rapca_Warszawa_Kaliska_15_klatka_od_Sekocinskiej_wysoki_parter_schody_detal-scaled.jpg\"><img loading=\"lazy\" decoding=\"async\" width=\"1024\" height=\"775\" data-id=\"26686\" src=\"http:\/\/lapidarium.fundacja-hereditas.pl\/wp-content\/uploads\/2024\/07\/E_Dziedziniewicz-Rapca_Warszawa_Kaliska_15_klatka_od_Sekocinskiej_wysoki_parter_schody_detal-1024x775.jpg\" alt=\"\" class=\"wp-image-26686\" srcset=\"http:\/\/lapidarium.fundacja-hereditas.pl\/wp-content\/uploads\/2024\/07\/E_Dziedziniewicz-Rapca_Warszawa_Kaliska_15_klatka_od_Sekocinskiej_wysoki_parter_schody_detal-1024x775.jpg 1024w, http:\/\/lapidarium.fundacja-hereditas.pl\/wp-content\/uploads\/2024\/07\/E_Dziedziniewicz-Rapca_Warszawa_Kaliska_15_klatka_od_Sekocinskiej_wysoki_parter_schody_detal-300x227.jpg 300w, http:\/\/lapidarium.fundacja-hereditas.pl\/wp-content\/uploads\/2024\/07\/E_Dziedziniewicz-Rapca_Warszawa_Kaliska_15_klatka_od_Sekocinskiej_wysoki_parter_schody_detal-768x581.jpg 768w, http:\/\/lapidarium.fundacja-hereditas.pl\/wp-content\/uploads\/2024\/07\/E_Dziedziniewicz-Rapca_Warszawa_Kaliska_15_klatka_od_Sekocinskiej_wysoki_parter_schody_detal-1536x1162.jpg 1536w, http:\/\/lapidarium.fundacja-hereditas.pl\/wp-content\/uploads\/2024\/07\/E_Dziedziniewicz-Rapca_Warszawa_Kaliska_15_klatka_od_Sekocinskiej_wysoki_parter_schody_detal-2048x1550.jpg 2048w, http:\/\/lapidarium.fundacja-hereditas.pl\/wp-content\/uploads\/2024\/07\/E_Dziedziniewicz-Rapca_Warszawa_Kaliska_15_klatka_od_Sekocinskiej_wysoki_parter_schody_detal-150x114.jpg 150w, http:\/\/lapidarium.fundacja-hereditas.pl\/wp-content\/uploads\/2024\/07\/E_Dziedziniewicz-Rapca_Warszawa_Kaliska_15_klatka_od_Sekocinskiej_wysoki_parter_schody_detal-696x527.jpg 696w, http:\/\/lapidarium.fundacja-hereditas.pl\/wp-content\/uploads\/2024\/07\/E_Dziedziniewicz-Rapca_Warszawa_Kaliska_15_klatka_od_Sekocinskiej_wysoki_parter_schody_detal-1068x808.jpg 1068w, http:\/\/lapidarium.fundacja-hereditas.pl\/wp-content\/uploads\/2024\/07\/E_Dziedziniewicz-Rapca_Warszawa_Kaliska_15_klatka_od_Sekocinskiej_wysoki_parter_schody_detal-1920x1453.jpg 1920w\" sizes=\"auto, (max-width: 1024px) 100vw, 1024px\" \/><\/a><figcaption class=\"wp-element-caption\">Klatka od ul. S\u0119koci\u0144skiej. Zakr\u0119t balustrady na parterze. Fot. Ewa Dziedziniewicz-R\u0105pca, 2023 r., \u017ar\u00f3d\u0142o: MWKZ.<\/figcaption><\/figure>\n\n\n\n<figure class=\"wp-block-image size-large\"><a href=\"http:\/\/lapidarium.fundacja-hereditas.pl\/wp-content\/uploads\/2024\/07\/E_Dziedziniewicz-Rapca_Warszawa_Kaliska_15_klatka_od_Sekocinskiej_pierwsze_pietro_parter_wejscie-scaled.jpg\"><img loading=\"lazy\" decoding=\"async\" width=\"756\" height=\"1024\" data-id=\"26653\" src=\"http:\/\/lapidarium.fundacja-hereditas.pl\/wp-content\/uploads\/2024\/07\/E_Dziedziniewicz-Rapca_Warszawa_Kaliska_15_klatka_od_Sekocinskiej_pierwsze_pietro_parter_wejscie-756x1024.jpg\" alt=\"\" class=\"wp-image-26653\" srcset=\"http:\/\/lapidarium.fundacja-hereditas.pl\/wp-content\/uploads\/2024\/07\/E_Dziedziniewicz-Rapca_Warszawa_Kaliska_15_klatka_od_Sekocinskiej_pierwsze_pietro_parter_wejscie-756x1024.jpg 756w, http:\/\/lapidarium.fundacja-hereditas.pl\/wp-content\/uploads\/2024\/07\/E_Dziedziniewicz-Rapca_Warszawa_Kaliska_15_klatka_od_Sekocinskiej_pierwsze_pietro_parter_wejscie-221x300.jpg 221w, http:\/\/lapidarium.fundacja-hereditas.pl\/wp-content\/uploads\/2024\/07\/E_Dziedziniewicz-Rapca_Warszawa_Kaliska_15_klatka_od_Sekocinskiej_pierwsze_pietro_parter_wejscie-768x1040.jpg 768w, http:\/\/lapidarium.fundacja-hereditas.pl\/wp-content\/uploads\/2024\/07\/E_Dziedziniewicz-Rapca_Warszawa_Kaliska_15_klatka_od_Sekocinskiej_pierwsze_pietro_parter_wejscie-1134x1536.jpg 1134w, http:\/\/lapidarium.fundacja-hereditas.pl\/wp-content\/uploads\/2024\/07\/E_Dziedziniewicz-Rapca_Warszawa_Kaliska_15_klatka_od_Sekocinskiej_pierwsze_pietro_parter_wejscie-1512x2048.jpg 1512w, http:\/\/lapidarium.fundacja-hereditas.pl\/wp-content\/uploads\/2024\/07\/E_Dziedziniewicz-Rapca_Warszawa_Kaliska_15_klatka_od_Sekocinskiej_pierwsze_pietro_parter_wejscie-150x203.jpg 150w, http:\/\/lapidarium.fundacja-hereditas.pl\/wp-content\/uploads\/2024\/07\/E_Dziedziniewicz-Rapca_Warszawa_Kaliska_15_klatka_od_Sekocinskiej_pierwsze_pietro_parter_wejscie-300x406.jpg 300w, http:\/\/lapidarium.fundacja-hereditas.pl\/wp-content\/uploads\/2024\/07\/E_Dziedziniewicz-Rapca_Warszawa_Kaliska_15_klatka_od_Sekocinskiej_pierwsze_pietro_parter_wejscie-696x943.jpg 696w, http:\/\/lapidarium.fundacja-hereditas.pl\/wp-content\/uploads\/2024\/07\/E_Dziedziniewicz-Rapca_Warszawa_Kaliska_15_klatka_od_Sekocinskiej_pierwsze_pietro_parter_wejscie-1068x1447.jpg 1068w, http:\/\/lapidarium.fundacja-hereditas.pl\/wp-content\/uploads\/2024\/07\/E_Dziedziniewicz-Rapca_Warszawa_Kaliska_15_klatka_od_Sekocinskiej_pierwsze_pietro_parter_wejscie-1920x2601.jpg 1920w, http:\/\/lapidarium.fundacja-hereditas.pl\/wp-content\/uploads\/2024\/07\/E_Dziedziniewicz-Rapca_Warszawa_Kaliska_15_klatka_od_Sekocinskiej_pierwsze_pietro_parter_wejscie-scaled.jpg 1890w\" sizes=\"auto, (max-width: 756px) 100vw, 756px\" \/><\/a><figcaption class=\"wp-element-caption\">Klatka od ul. S\u0119koci\u0144skiej. Widok z I-go spocznika na wysoki parter. Fot. Ewa Dziedziniewicz-R\u0105pca, 2023 r., \u017ar\u00f3d\u0142o: MWKZ.<\/figcaption><\/figure>\n\n\n\n<figure class=\"wp-block-image size-large\"><a href=\"http:\/\/lapidarium.fundacja-hereditas.pl\/wp-content\/uploads\/2024\/07\/E_Dziedziniewicz-Rapca_Warszawa_Kaliska_15_klatka_od_Sekocinskiej_pierwsze_pietro_parter_schody-scaled.jpg\"><img loading=\"lazy\" decoding=\"async\" width=\"758\" height=\"1024\" data-id=\"26652\" src=\"http:\/\/lapidarium.fundacja-hereditas.pl\/wp-content\/uploads\/2024\/07\/E_Dziedziniewicz-Rapca_Warszawa_Kaliska_15_klatka_od_Sekocinskiej_pierwsze_pietro_parter_schody-758x1024.jpg\" alt=\"\" class=\"wp-image-26652\" srcset=\"http:\/\/lapidarium.fundacja-hereditas.pl\/wp-content\/uploads\/2024\/07\/E_Dziedziniewicz-Rapca_Warszawa_Kaliska_15_klatka_od_Sekocinskiej_pierwsze_pietro_parter_schody-758x1024.jpg 758w, http:\/\/lapidarium.fundacja-hereditas.pl\/wp-content\/uploads\/2024\/07\/E_Dziedziniewicz-Rapca_Warszawa_Kaliska_15_klatka_od_Sekocinskiej_pierwsze_pietro_parter_schody-222x300.jpg 222w, http:\/\/lapidarium.fundacja-hereditas.pl\/wp-content\/uploads\/2024\/07\/E_Dziedziniewicz-Rapca_Warszawa_Kaliska_15_klatka_od_Sekocinskiej_pierwsze_pietro_parter_schody-768x1038.jpg 768w, http:\/\/lapidarium.fundacja-hereditas.pl\/wp-content\/uploads\/2024\/07\/E_Dziedziniewicz-Rapca_Warszawa_Kaliska_15_klatka_od_Sekocinskiej_pierwsze_pietro_parter_schody-1137x1536.jpg 1137w, http:\/\/lapidarium.fundacja-hereditas.pl\/wp-content\/uploads\/2024\/07\/E_Dziedziniewicz-Rapca_Warszawa_Kaliska_15_klatka_od_Sekocinskiej_pierwsze_pietro_parter_schody-1515x2048.jpg 1515w, http:\/\/lapidarium.fundacja-hereditas.pl\/wp-content\/uploads\/2024\/07\/E_Dziedziniewicz-Rapca_Warszawa_Kaliska_15_klatka_od_Sekocinskiej_pierwsze_pietro_parter_schody-150x203.jpg 150w, http:\/\/lapidarium.fundacja-hereditas.pl\/wp-content\/uploads\/2024\/07\/E_Dziedziniewicz-Rapca_Warszawa_Kaliska_15_klatka_od_Sekocinskiej_pierwsze_pietro_parter_schody-300x405.jpg 300w, http:\/\/lapidarium.fundacja-hereditas.pl\/wp-content\/uploads\/2024\/07\/E_Dziedziniewicz-Rapca_Warszawa_Kaliska_15_klatka_od_Sekocinskiej_pierwsze_pietro_parter_schody-696x941.jpg 696w, http:\/\/lapidarium.fundacja-hereditas.pl\/wp-content\/uploads\/2024\/07\/E_Dziedziniewicz-Rapca_Warszawa_Kaliska_15_klatka_od_Sekocinskiej_pierwsze_pietro_parter_schody-1068x1443.jpg 1068w, http:\/\/lapidarium.fundacja-hereditas.pl\/wp-content\/uploads\/2024\/07\/E_Dziedziniewicz-Rapca_Warszawa_Kaliska_15_klatka_od_Sekocinskiej_pierwsze_pietro_parter_schody-1920x2595.jpg 1920w, http:\/\/lapidarium.fundacja-hereditas.pl\/wp-content\/uploads\/2024\/07\/E_Dziedziniewicz-Rapca_Warszawa_Kaliska_15_klatka_od_Sekocinskiej_pierwsze_pietro_parter_schody-scaled.jpg 1894w\" sizes=\"auto, (max-width: 758px) 100vw, 758px\" \/><\/a><figcaption class=\"wp-element-caption\">Klatka od ul. S\u0119koci\u0144skiej. Widok z I-go spocznika na wysoki parter. Fot. Ewa Dziedziniewicz-R\u0105pca, 2023 r., \u017ar\u00f3d\u0142o: MWKZ.<\/figcaption><\/figure>\n\n\n\n<figure class=\"wp-block-image size-large\"><a href=\"http:\/\/lapidarium.fundacja-hereditas.pl\/wp-content\/uploads\/2024\/07\/E_Dziedziniewicz-Rapca_Warszawa_Kaliska_15_klatka_od_Sekocinskiej_pierwsze_pietr-zakret_balustrady-scaled.jpg\"><img loading=\"lazy\" decoding=\"async\" width=\"1024\" height=\"774\" data-id=\"26662\" src=\"http:\/\/lapidarium.fundacja-hereditas.pl\/wp-content\/uploads\/2024\/07\/E_Dziedziniewicz-Rapca_Warszawa_Kaliska_15_klatka_od_Sekocinskiej_pierwsze_pietr-zakret_balustrady-1024x774.jpg\" alt=\"\" class=\"wp-image-26662\" srcset=\"http:\/\/lapidarium.fundacja-hereditas.pl\/wp-content\/uploads\/2024\/07\/E_Dziedziniewicz-Rapca_Warszawa_Kaliska_15_klatka_od_Sekocinskiej_pierwsze_pietr-zakret_balustrady-1024x774.jpg 1024w, http:\/\/lapidarium.fundacja-hereditas.pl\/wp-content\/uploads\/2024\/07\/E_Dziedziniewicz-Rapca_Warszawa_Kaliska_15_klatka_od_Sekocinskiej_pierwsze_pietr-zakret_balustrady-300x227.jpg 300w, http:\/\/lapidarium.fundacja-hereditas.pl\/wp-content\/uploads\/2024\/07\/E_Dziedziniewicz-Rapca_Warszawa_Kaliska_15_klatka_od_Sekocinskiej_pierwsze_pietr-zakret_balustrady-768x580.jpg 768w, http:\/\/lapidarium.fundacja-hereditas.pl\/wp-content\/uploads\/2024\/07\/E_Dziedziniewicz-Rapca_Warszawa_Kaliska_15_klatka_od_Sekocinskiej_pierwsze_pietr-zakret_balustrady-1536x1161.jpg 1536w, http:\/\/lapidarium.fundacja-hereditas.pl\/wp-content\/uploads\/2024\/07\/E_Dziedziniewicz-Rapca_Warszawa_Kaliska_15_klatka_od_Sekocinskiej_pierwsze_pietr-zakret_balustrady-2048x1548.jpg 2048w, http:\/\/lapidarium.fundacja-hereditas.pl\/wp-content\/uploads\/2024\/07\/E_Dziedziniewicz-Rapca_Warszawa_Kaliska_15_klatka_od_Sekocinskiej_pierwsze_pietr-zakret_balustrady-150x113.jpg 150w, http:\/\/lapidarium.fundacja-hereditas.pl\/wp-content\/uploads\/2024\/07\/E_Dziedziniewicz-Rapca_Warszawa_Kaliska_15_klatka_od_Sekocinskiej_pierwsze_pietr-zakret_balustrady-696x526.jpg 696w, http:\/\/lapidarium.fundacja-hereditas.pl\/wp-content\/uploads\/2024\/07\/E_Dziedziniewicz-Rapca_Warszawa_Kaliska_15_klatka_od_Sekocinskiej_pierwsze_pietr-zakret_balustrady-1068x807.jpg 1068w, http:\/\/lapidarium.fundacja-hereditas.pl\/wp-content\/uploads\/2024\/07\/E_Dziedziniewicz-Rapca_Warszawa_Kaliska_15_klatka_od_Sekocinskiej_pierwsze_pietr-zakret_balustrady-1920x1451.jpg 1920w\" sizes=\"auto, (max-width: 1024px) 100vw, 1024px\" \/><\/a><figcaption class=\"wp-element-caption\">Klatka od ul. S\u0119koci\u0144skiej. Zakr\u0119t balustrady na I-szym spoczniku. Fot. Ewa Dziedziniewicz-R\u0105pca, 2023 r., \u017ar\u00f3d\u0142o: MWKZ.<\/figcaption><\/figure>\n\n\n\n<figure class=\"wp-block-image size-large\"><a href=\"http:\/\/lapidarium.fundacja-hereditas.pl\/wp-content\/uploads\/2024\/07\/E_Dziedziniewicz-Rapca_Warszawa_Kaliska_15_klatka_od_Sekocinskiej_schody_polpiertro-scaled.jpg\"><img loading=\"lazy\" decoding=\"async\" width=\"1024\" height=\"781\" data-id=\"26665\" src=\"http:\/\/lapidarium.fundacja-hereditas.pl\/wp-content\/uploads\/2024\/07\/E_Dziedziniewicz-Rapca_Warszawa_Kaliska_15_klatka_od_Sekocinskiej_schody_polpiertro-1024x781.jpg\" alt=\"\" class=\"wp-image-26665\" srcset=\"http:\/\/lapidarium.fundacja-hereditas.pl\/wp-content\/uploads\/2024\/07\/E_Dziedziniewicz-Rapca_Warszawa_Kaliska_15_klatka_od_Sekocinskiej_schody_polpiertro-1024x781.jpg 1024w, http:\/\/lapidarium.fundacja-hereditas.pl\/wp-content\/uploads\/2024\/07\/E_Dziedziniewicz-Rapca_Warszawa_Kaliska_15_klatka_od_Sekocinskiej_schody_polpiertro-300x229.jpg 300w, http:\/\/lapidarium.fundacja-hereditas.pl\/wp-content\/uploads\/2024\/07\/E_Dziedziniewicz-Rapca_Warszawa_Kaliska_15_klatka_od_Sekocinskiej_schody_polpiertro-768x586.jpg 768w, http:\/\/lapidarium.fundacja-hereditas.pl\/wp-content\/uploads\/2024\/07\/E_Dziedziniewicz-Rapca_Warszawa_Kaliska_15_klatka_od_Sekocinskiej_schody_polpiertro-1536x1171.jpg 1536w, http:\/\/lapidarium.fundacja-hereditas.pl\/wp-content\/uploads\/2024\/07\/E_Dziedziniewicz-Rapca_Warszawa_Kaliska_15_klatka_od_Sekocinskiej_schody_polpiertro-2048x1562.jpg 2048w, http:\/\/lapidarium.fundacja-hereditas.pl\/wp-content\/uploads\/2024\/07\/E_Dziedziniewicz-Rapca_Warszawa_Kaliska_15_klatka_od_Sekocinskiej_schody_polpiertro-150x114.jpg 150w, http:\/\/lapidarium.fundacja-hereditas.pl\/wp-content\/uploads\/2024\/07\/E_Dziedziniewicz-Rapca_Warszawa_Kaliska_15_klatka_od_Sekocinskiej_schody_polpiertro-696x531.jpg 696w, http:\/\/lapidarium.fundacja-hereditas.pl\/wp-content\/uploads\/2024\/07\/E_Dziedziniewicz-Rapca_Warszawa_Kaliska_15_klatka_od_Sekocinskiej_schody_polpiertro-1068x814.jpg 1068w, http:\/\/lapidarium.fundacja-hereditas.pl\/wp-content\/uploads\/2024\/07\/E_Dziedziniewicz-Rapca_Warszawa_Kaliska_15_klatka_od_Sekocinskiej_schody_polpiertro-1920x1464.jpg 1920w\" sizes=\"auto, (max-width: 1024px) 100vw, 1024px\" \/><\/a><figcaption class=\"wp-element-caption\">Klatka od ul. S\u0119koci\u0144skiej. Widok z parteru na spocznik. Fot. Ewa Dziedziniewicz-R\u0105pca, 2023 r., \u017ar\u00f3d\u0142o: MWKZ.<\/figcaption><\/figure>\n\n\n\n<figure class=\"wp-block-image size-large\"><a href=\"http:\/\/lapidarium.fundacja-hereditas.pl\/wp-content\/uploads\/2024\/07\/E_Dziedziniewicz-Rapca_Warszawa_Kaliska_15_klatka_od_Sekocinskiej_polpietro-scaled.jpg\"><img loading=\"lazy\" decoding=\"async\" width=\"787\" height=\"1024\" data-id=\"26663\" src=\"http:\/\/lapidarium.fundacja-hereditas.pl\/wp-content\/uploads\/2024\/07\/E_Dziedziniewicz-Rapca_Warszawa_Kaliska_15_klatka_od_Sekocinskiej_polpietro-787x1024.jpg\" alt=\"\" class=\"wp-image-26663\" srcset=\"http:\/\/lapidarium.fundacja-hereditas.pl\/wp-content\/uploads\/2024\/07\/E_Dziedziniewicz-Rapca_Warszawa_Kaliska_15_klatka_od_Sekocinskiej_polpietro-787x1024.jpg 787w, http:\/\/lapidarium.fundacja-hereditas.pl\/wp-content\/uploads\/2024\/07\/E_Dziedziniewicz-Rapca_Warszawa_Kaliska_15_klatka_od_Sekocinskiej_polpietro-231x300.jpg 231w, http:\/\/lapidarium.fundacja-hereditas.pl\/wp-content\/uploads\/2024\/07\/E_Dziedziniewicz-Rapca_Warszawa_Kaliska_15_klatka_od_Sekocinskiej_polpietro-768x999.jpg 768w, http:\/\/lapidarium.fundacja-hereditas.pl\/wp-content\/uploads\/2024\/07\/E_Dziedziniewicz-Rapca_Warszawa_Kaliska_15_klatka_od_Sekocinskiej_polpietro-1181x1536.jpg 1181w, http:\/\/lapidarium.fundacja-hereditas.pl\/wp-content\/uploads\/2024\/07\/E_Dziedziniewicz-Rapca_Warszawa_Kaliska_15_klatka_od_Sekocinskiej_polpietro-1575x2048.jpg 1575w, http:\/\/lapidarium.fundacja-hereditas.pl\/wp-content\/uploads\/2024\/07\/E_Dziedziniewicz-Rapca_Warszawa_Kaliska_15_klatka_od_Sekocinskiej_polpietro-150x195.jpg 150w, http:\/\/lapidarium.fundacja-hereditas.pl\/wp-content\/uploads\/2024\/07\/E_Dziedziniewicz-Rapca_Warszawa_Kaliska_15_klatka_od_Sekocinskiej_polpietro-300x390.jpg 300w, http:\/\/lapidarium.fundacja-hereditas.pl\/wp-content\/uploads\/2024\/07\/E_Dziedziniewicz-Rapca_Warszawa_Kaliska_15_klatka_od_Sekocinskiej_polpietro-696x905.jpg 696w, http:\/\/lapidarium.fundacja-hereditas.pl\/wp-content\/uploads\/2024\/07\/E_Dziedziniewicz-Rapca_Warszawa_Kaliska_15_klatka_od_Sekocinskiej_polpietro-1068x1389.jpg 1068w, http:\/\/lapidarium.fundacja-hereditas.pl\/wp-content\/uploads\/2024\/07\/E_Dziedziniewicz-Rapca_Warszawa_Kaliska_15_klatka_od_Sekocinskiej_polpietro-1920x2497.jpg 1920w, http:\/\/lapidarium.fundacja-hereditas.pl\/wp-content\/uploads\/2024\/07\/E_Dziedziniewicz-Rapca_Warszawa_Kaliska_15_klatka_od_Sekocinskiej_polpietro-scaled.jpg 1969w\" sizes=\"auto, (max-width: 787px) 100vw, 787px\" \/><\/a><figcaption class=\"wp-element-caption\">Klatka od ul. S\u0119koci\u0144skiej. Zakr\u0119t balustrady na I-szym spoczniku. Fot. Ewa Dziedziniewicz-R\u0105pca, 2023 r., \u017ar\u00f3d\u0142o: MWKZ.<\/figcaption><\/figure>\n\n\n\n<figure class=\"wp-block-image size-large\"><a href=\"http:\/\/lapidarium.fundacja-hereditas.pl\/wp-content\/uploads\/2024\/07\/E_Dziedziniewicz-Rapca_Warszawa_Kaliska_15_klatka_od_Sekocinskiej_schody_-scaled.jpg\"><img loading=\"lazy\" decoding=\"async\" width=\"782\" height=\"1024\" data-id=\"26664\" src=\"http:\/\/lapidarium.fundacja-hereditas.pl\/wp-content\/uploads\/2024\/07\/E_Dziedziniewicz-Rapca_Warszawa_Kaliska_15_klatka_od_Sekocinskiej_schody_-782x1024.jpg\" alt=\"\" class=\"wp-image-26664\" srcset=\"http:\/\/lapidarium.fundacja-hereditas.pl\/wp-content\/uploads\/2024\/07\/E_Dziedziniewicz-Rapca_Warszawa_Kaliska_15_klatka_od_Sekocinskiej_schody_-782x1024.jpg 782w, http:\/\/lapidarium.fundacja-hereditas.pl\/wp-content\/uploads\/2024\/07\/E_Dziedziniewicz-Rapca_Warszawa_Kaliska_15_klatka_od_Sekocinskiej_schody_-229x300.jpg 229w, http:\/\/lapidarium.fundacja-hereditas.pl\/wp-content\/uploads\/2024\/07\/E_Dziedziniewicz-Rapca_Warszawa_Kaliska_15_klatka_od_Sekocinskiej_schody_-768x1006.jpg 768w, http:\/\/lapidarium.fundacja-hereditas.pl\/wp-content\/uploads\/2024\/07\/E_Dziedziniewicz-Rapca_Warszawa_Kaliska_15_klatka_od_Sekocinskiej_schody_-1173x1536.jpg 1173w, http:\/\/lapidarium.fundacja-hereditas.pl\/wp-content\/uploads\/2024\/07\/E_Dziedziniewicz-Rapca_Warszawa_Kaliska_15_klatka_od_Sekocinskiej_schody_-1563x2048.jpg 1563w, http:\/\/lapidarium.fundacja-hereditas.pl\/wp-content\/uploads\/2024\/07\/E_Dziedziniewicz-Rapca_Warszawa_Kaliska_15_klatka_od_Sekocinskiej_schody_-150x196.jpg 150w, http:\/\/lapidarium.fundacja-hereditas.pl\/wp-content\/uploads\/2024\/07\/E_Dziedziniewicz-Rapca_Warszawa_Kaliska_15_klatka_od_Sekocinskiej_schody_-300x393.jpg 300w, http:\/\/lapidarium.fundacja-hereditas.pl\/wp-content\/uploads\/2024\/07\/E_Dziedziniewicz-Rapca_Warszawa_Kaliska_15_klatka_od_Sekocinskiej_schody_-696x912.jpg 696w, http:\/\/lapidarium.fundacja-hereditas.pl\/wp-content\/uploads\/2024\/07\/E_Dziedziniewicz-Rapca_Warszawa_Kaliska_15_klatka_od_Sekocinskiej_schody_-1068x1399.jpg 1068w, http:\/\/lapidarium.fundacja-hereditas.pl\/wp-content\/uploads\/2024\/07\/E_Dziedziniewicz-Rapca_Warszawa_Kaliska_15_klatka_od_Sekocinskiej_schody_-1920x2515.jpg 1920w, http:\/\/lapidarium.fundacja-hereditas.pl\/wp-content\/uploads\/2024\/07\/E_Dziedziniewicz-Rapca_Warszawa_Kaliska_15_klatka_od_Sekocinskiej_schody_-scaled.jpg 1954w\" sizes=\"auto, (max-width: 782px) 100vw, 782px\" \/><\/a><figcaption class=\"wp-element-caption\">Klatka od ul. S\u0119koci\u0144skiej. Schody przed spocznikiem. Fot. Ewa Dziedziniewicz-R\u0105pca, 2023 r., \u017ar\u00f3d\u0142o: MWKZ.<\/figcaption><\/figure>\n\n\n\n<figure class=\"wp-block-image size-large\"><a href=\"http:\/\/lapidarium.fundacja-hereditas.pl\/wp-content\/uploads\/2024\/07\/E_Dziedziniewicz-Rapca_Warszawa_Kaliska_15_klatka_od_Sekocinskiej_pierwsze_pietro-scaled.jpg\"><img loading=\"lazy\" decoding=\"async\" width=\"1024\" height=\"764\" data-id=\"26649\" src=\"http:\/\/lapidarium.fundacja-hereditas.pl\/wp-content\/uploads\/2024\/07\/E_Dziedziniewicz-Rapca_Warszawa_Kaliska_15_klatka_od_Sekocinskiej_pierwsze_pietro-1024x764.jpg\" alt=\"\" class=\"wp-image-26649\" srcset=\"http:\/\/lapidarium.fundacja-hereditas.pl\/wp-content\/uploads\/2024\/07\/E_Dziedziniewicz-Rapca_Warszawa_Kaliska_15_klatka_od_Sekocinskiej_pierwsze_pietro-1024x764.jpg 1024w, http:\/\/lapidarium.fundacja-hereditas.pl\/wp-content\/uploads\/2024\/07\/E_Dziedziniewicz-Rapca_Warszawa_Kaliska_15_klatka_od_Sekocinskiej_pierwsze_pietro-300x224.jpg 300w, http:\/\/lapidarium.fundacja-hereditas.pl\/wp-content\/uploads\/2024\/07\/E_Dziedziniewicz-Rapca_Warszawa_Kaliska_15_klatka_od_Sekocinskiej_pierwsze_pietro-768x573.jpg 768w, http:\/\/lapidarium.fundacja-hereditas.pl\/wp-content\/uploads\/2024\/07\/E_Dziedziniewicz-Rapca_Warszawa_Kaliska_15_klatka_od_Sekocinskiej_pierwsze_pietro-1536x1146.jpg 1536w, http:\/\/lapidarium.fundacja-hereditas.pl\/wp-content\/uploads\/2024\/07\/E_Dziedziniewicz-Rapca_Warszawa_Kaliska_15_klatka_od_Sekocinskiej_pierwsze_pietro-2048x1528.jpg 2048w, http:\/\/lapidarium.fundacja-hereditas.pl\/wp-content\/uploads\/2024\/07\/E_Dziedziniewicz-Rapca_Warszawa_Kaliska_15_klatka_od_Sekocinskiej_pierwsze_pietro-150x112.jpg 150w, http:\/\/lapidarium.fundacja-hereditas.pl\/wp-content\/uploads\/2024\/07\/E_Dziedziniewicz-Rapca_Warszawa_Kaliska_15_klatka_od_Sekocinskiej_pierwsze_pietro-696x519.jpg 696w, http:\/\/lapidarium.fundacja-hereditas.pl\/wp-content\/uploads\/2024\/07\/E_Dziedziniewicz-Rapca_Warszawa_Kaliska_15_klatka_od_Sekocinskiej_pierwsze_pietro-1068x797.jpg 1068w, http:\/\/lapidarium.fundacja-hereditas.pl\/wp-content\/uploads\/2024\/07\/E_Dziedziniewicz-Rapca_Warszawa_Kaliska_15_klatka_od_Sekocinskiej_pierwsze_pietro-1920x1433.jpg 1920w\" sizes=\"auto, (max-width: 1024px) 100vw, 1024px\" \/><\/a><figcaption class=\"wp-element-caption\">Klatka od ul. S\u0119koci\u0144skiej. Balustrada i schody na I-sze pi\u0119tro. Fot. Ewa Dziedziniewicz-R\u0105pca, 2023 r., \u017ar\u00f3d\u0142o: MWKZ.<\/figcaption><\/figure>\n\n\n\n<figure class=\"wp-block-image size-large\"><a href=\"http:\/\/lapidarium.fundacja-hereditas.pl\/wp-content\/uploads\/2024\/07\/E_Dziedziniewicz-Rapca_Warszawa_Kaliska_15_klatka_od_Sekocinskiej_pierwsze_pietro_schody_na_drugie-scaled.jpg\"><img loading=\"lazy\" decoding=\"async\" width=\"774\" height=\"1024\" data-id=\"26660\" src=\"http:\/\/lapidarium.fundacja-hereditas.pl\/wp-content\/uploads\/2024\/07\/E_Dziedziniewicz-Rapca_Warszawa_Kaliska_15_klatka_od_Sekocinskiej_pierwsze_pietro_schody_na_drugie-774x1024.jpg\" alt=\"\" class=\"wp-image-26660\" srcset=\"http:\/\/lapidarium.fundacja-hereditas.pl\/wp-content\/uploads\/2024\/07\/E_Dziedziniewicz-Rapca_Warszawa_Kaliska_15_klatka_od_Sekocinskiej_pierwsze_pietro_schody_na_drugie-774x1024.jpg 774w, http:\/\/lapidarium.fundacja-hereditas.pl\/wp-content\/uploads\/2024\/07\/E_Dziedziniewicz-Rapca_Warszawa_Kaliska_15_klatka_od_Sekocinskiej_pierwsze_pietro_schody_na_drugie-227x300.jpg 227w, http:\/\/lapidarium.fundacja-hereditas.pl\/wp-content\/uploads\/2024\/07\/E_Dziedziniewicz-Rapca_Warszawa_Kaliska_15_klatka_od_Sekocinskiej_pierwsze_pietro_schody_na_drugie-768x1015.jpg 768w, http:\/\/lapidarium.fundacja-hereditas.pl\/wp-content\/uploads\/2024\/07\/E_Dziedziniewicz-Rapca_Warszawa_Kaliska_15_klatka_od_Sekocinskiej_pierwsze_pietro_schody_na_drugie-1162x1536.jpg 1162w, http:\/\/lapidarium.fundacja-hereditas.pl\/wp-content\/uploads\/2024\/07\/E_Dziedziniewicz-Rapca_Warszawa_Kaliska_15_klatka_od_Sekocinskiej_pierwsze_pietro_schody_na_drugie-1549x2048.jpg 1549w, http:\/\/lapidarium.fundacja-hereditas.pl\/wp-content\/uploads\/2024\/07\/E_Dziedziniewicz-Rapca_Warszawa_Kaliska_15_klatka_od_Sekocinskiej_pierwsze_pietro_schody_na_drugie-150x198.jpg 150w, http:\/\/lapidarium.fundacja-hereditas.pl\/wp-content\/uploads\/2024\/07\/E_Dziedziniewicz-Rapca_Warszawa_Kaliska_15_klatka_od_Sekocinskiej_pierwsze_pietro_schody_na_drugie-300x397.jpg 300w, http:\/\/lapidarium.fundacja-hereditas.pl\/wp-content\/uploads\/2024\/07\/E_Dziedziniewicz-Rapca_Warszawa_Kaliska_15_klatka_od_Sekocinskiej_pierwsze_pietro_schody_na_drugie-696x920.jpg 696w, http:\/\/lapidarium.fundacja-hereditas.pl\/wp-content\/uploads\/2024\/07\/E_Dziedziniewicz-Rapca_Warszawa_Kaliska_15_klatka_od_Sekocinskiej_pierwsze_pietro_schody_na_drugie-1068x1412.jpg 1068w, http:\/\/lapidarium.fundacja-hereditas.pl\/wp-content\/uploads\/2024\/07\/E_Dziedziniewicz-Rapca_Warszawa_Kaliska_15_klatka_od_Sekocinskiej_pierwsze_pietro_schody_na_drugie-1920x2539.jpg 1920w, http:\/\/lapidarium.fundacja-hereditas.pl\/wp-content\/uploads\/2024\/07\/E_Dziedziniewicz-Rapca_Warszawa_Kaliska_15_klatka_od_Sekocinskiej_pierwsze_pietro_schody_na_drugie-scaled.jpg 1936w\" sizes=\"auto, (max-width: 774px) 100vw, 774px\" \/><\/a><figcaption class=\"wp-element-caption\">Klatka od ul. S\u0119koci\u0144skiej. Widok z I-go pi\u0119tra na spocznik. Fot. Ewa Dziedziniewicz-R\u0105pca, 2023 r., \u017ar\u00f3d\u0142o: MWKZ.<\/figcaption><\/figure>\n\n\n\n<figure class=\"wp-block-image size-large\"><a href=\"http:\/\/lapidarium.fundacja-hereditas.pl\/wp-content\/uploads\/2024\/07\/E_Dziedziniewicz-Rapca_Warszawa_Kaliska_15_klatka_od_Sekocinskiej_drugie_pietro-scaled.jpg\"><img loading=\"lazy\" decoding=\"async\" width=\"747\" height=\"1024\" data-id=\"26636\" src=\"http:\/\/lapidarium.fundacja-hereditas.pl\/wp-content\/uploads\/2024\/07\/E_Dziedziniewicz-Rapca_Warszawa_Kaliska_15_klatka_od_Sekocinskiej_drugie_pietro-747x1024.jpg\" alt=\"\" class=\"wp-image-26636\" srcset=\"http:\/\/lapidarium.fundacja-hereditas.pl\/wp-content\/uploads\/2024\/07\/E_Dziedziniewicz-Rapca_Warszawa_Kaliska_15_klatka_od_Sekocinskiej_drugie_pietro-747x1024.jpg 747w, http:\/\/lapidarium.fundacja-hereditas.pl\/wp-content\/uploads\/2024\/07\/E_Dziedziniewicz-Rapca_Warszawa_Kaliska_15_klatka_od_Sekocinskiej_drugie_pietro-219x300.jpg 219w, http:\/\/lapidarium.fundacja-hereditas.pl\/wp-content\/uploads\/2024\/07\/E_Dziedziniewicz-Rapca_Warszawa_Kaliska_15_klatka_od_Sekocinskiej_drugie_pietro-768x1053.jpg 768w, http:\/\/lapidarium.fundacja-hereditas.pl\/wp-content\/uploads\/2024\/07\/E_Dziedziniewicz-Rapca_Warszawa_Kaliska_15_klatka_od_Sekocinskiej_drugie_pietro-1120x1536.jpg 1120w, http:\/\/lapidarium.fundacja-hereditas.pl\/wp-content\/uploads\/2024\/07\/E_Dziedziniewicz-Rapca_Warszawa_Kaliska_15_klatka_od_Sekocinskiej_drugie_pietro-1493x2048.jpg 1493w, http:\/\/lapidarium.fundacja-hereditas.pl\/wp-content\/uploads\/2024\/07\/E_Dziedziniewicz-Rapca_Warszawa_Kaliska_15_klatka_od_Sekocinskiej_drugie_pietro-150x206.jpg 150w, http:\/\/lapidarium.fundacja-hereditas.pl\/wp-content\/uploads\/2024\/07\/E_Dziedziniewicz-Rapca_Warszawa_Kaliska_15_klatka_od_Sekocinskiej_drugie_pietro-300x411.jpg 300w, http:\/\/lapidarium.fundacja-hereditas.pl\/wp-content\/uploads\/2024\/07\/E_Dziedziniewicz-Rapca_Warszawa_Kaliska_15_klatka_od_Sekocinskiej_drugie_pietro-696x955.jpg 696w, http:\/\/lapidarium.fundacja-hereditas.pl\/wp-content\/uploads\/2024\/07\/E_Dziedziniewicz-Rapca_Warszawa_Kaliska_15_klatka_od_Sekocinskiej_drugie_pietro-1068x1465.jpg 1068w, http:\/\/lapidarium.fundacja-hereditas.pl\/wp-content\/uploads\/2024\/07\/E_Dziedziniewicz-Rapca_Warszawa_Kaliska_15_klatka_od_Sekocinskiej_drugie_pietro-1920x2634.jpg 1920w, http:\/\/lapidarium.fundacja-hereditas.pl\/wp-content\/uploads\/2024\/07\/E_Dziedziniewicz-Rapca_Warszawa_Kaliska_15_klatka_od_Sekocinskiej_drugie_pietro-scaled.jpg 1866w\" sizes=\"auto, (max-width: 747px) 100vw, 747px\" \/><\/a><figcaption class=\"wp-element-caption\">Klatka od ul. S\u0119koci\u0144skiej. Widok ze spocznika na II-gie pietro. Fot. Ewa Dziedziniewicz-R\u0105pca, 2023 r., \u017ar\u00f3d\u0142o: MWKZ.<\/figcaption><\/figure>\n\n\n\n<figure class=\"wp-block-image size-large\"><a href=\"http:\/\/lapidarium.fundacja-hereditas.pl\/wp-content\/uploads\/2024\/07\/E_Dziedziniewicz-Rapca_Warszawa_Kaliska_15_klatka_od_Sekocinskiej_trzecie_pietro_polpietro_z_gory-scaled.jpg\"><img loading=\"lazy\" decoding=\"async\" width=\"1024\" height=\"779\" data-id=\"26675\" src=\"http:\/\/lapidarium.fundacja-hereditas.pl\/wp-content\/uploads\/2024\/07\/E_Dziedziniewicz-Rapca_Warszawa_Kaliska_15_klatka_od_Sekocinskiej_trzecie_pietro_polpietro_z_gory-1024x779.jpg\" alt=\"\" class=\"wp-image-26675\" srcset=\"http:\/\/lapidarium.fundacja-hereditas.pl\/wp-content\/uploads\/2024\/07\/E_Dziedziniewicz-Rapca_Warszawa_Kaliska_15_klatka_od_Sekocinskiej_trzecie_pietro_polpietro_z_gory-1024x779.jpg 1024w, http:\/\/lapidarium.fundacja-hereditas.pl\/wp-content\/uploads\/2024\/07\/E_Dziedziniewicz-Rapca_Warszawa_Kaliska_15_klatka_od_Sekocinskiej_trzecie_pietro_polpietro_z_gory-300x228.jpg 300w, http:\/\/lapidarium.fundacja-hereditas.pl\/wp-content\/uploads\/2024\/07\/E_Dziedziniewicz-Rapca_Warszawa_Kaliska_15_klatka_od_Sekocinskiej_trzecie_pietro_polpietro_z_gory-768x584.jpg 768w, http:\/\/lapidarium.fundacja-hereditas.pl\/wp-content\/uploads\/2024\/07\/E_Dziedziniewicz-Rapca_Warszawa_Kaliska_15_klatka_od_Sekocinskiej_trzecie_pietro_polpietro_z_gory-1536x1168.jpg 1536w, http:\/\/lapidarium.fundacja-hereditas.pl\/wp-content\/uploads\/2024\/07\/E_Dziedziniewicz-Rapca_Warszawa_Kaliska_15_klatka_od_Sekocinskiej_trzecie_pietro_polpietro_z_gory-2048x1558.jpg 2048w, http:\/\/lapidarium.fundacja-hereditas.pl\/wp-content\/uploads\/2024\/07\/E_Dziedziniewicz-Rapca_Warszawa_Kaliska_15_klatka_od_Sekocinskiej_trzecie_pietro_polpietro_z_gory-150x114.jpg 150w, http:\/\/lapidarium.fundacja-hereditas.pl\/wp-content\/uploads\/2024\/07\/E_Dziedziniewicz-Rapca_Warszawa_Kaliska_15_klatka_od_Sekocinskiej_trzecie_pietro_polpietro_z_gory-696x529.jpg 696w, http:\/\/lapidarium.fundacja-hereditas.pl\/wp-content\/uploads\/2024\/07\/E_Dziedziniewicz-Rapca_Warszawa_Kaliska_15_klatka_od_Sekocinskiej_trzecie_pietro_polpietro_z_gory-1068x812.jpg 1068w, http:\/\/lapidarium.fundacja-hereditas.pl\/wp-content\/uploads\/2024\/07\/E_Dziedziniewicz-Rapca_Warszawa_Kaliska_15_klatka_od_Sekocinskiej_trzecie_pietro_polpietro_z_gory-1920x1460.jpg 1920w\" sizes=\"auto, (max-width: 1024px) 100vw, 1024px\" \/><\/a><figcaption class=\"wp-element-caption\">Klatka od ul. S\u0119koci\u0144skiej. Pi\u0119tro II-gie. Widok na spocznik. Fot. Ewa Dziedziniewicz-R\u0105pca, 2023 r., \u017ar\u00f3d\u0142o: MWKZ.<\/figcaption><\/figure>\n\n\n\n<figure class=\"wp-block-image size-large\"><a href=\"http:\/\/lapidarium.fundacja-hereditas.pl\/wp-content\/uploads\/2024\/07\/E_Dziedziniewicz-Rapca_Warszawa_Kaliska_15_klatka_od_Sekocinskiej_drugie_pietro_polpietro_zakret_balustrady-scaled.jpg\"><img loading=\"lazy\" decoding=\"async\" width=\"1024\" height=\"779\" data-id=\"26643\" src=\"http:\/\/lapidarium.fundacja-hereditas.pl\/wp-content\/uploads\/2024\/07\/E_Dziedziniewicz-Rapca_Warszawa_Kaliska_15_klatka_od_Sekocinskiej_drugie_pietro_polpietro_zakret_balustrady-1024x779.jpg\" alt=\"\" class=\"wp-image-26643\" srcset=\"http:\/\/lapidarium.fundacja-hereditas.pl\/wp-content\/uploads\/2024\/07\/E_Dziedziniewicz-Rapca_Warszawa_Kaliska_15_klatka_od_Sekocinskiej_drugie_pietro_polpietro_zakret_balustrady-1024x779.jpg 1024w, http:\/\/lapidarium.fundacja-hereditas.pl\/wp-content\/uploads\/2024\/07\/E_Dziedziniewicz-Rapca_Warszawa_Kaliska_15_klatka_od_Sekocinskiej_drugie_pietro_polpietro_zakret_balustrady-300x228.jpg 300w, http:\/\/lapidarium.fundacja-hereditas.pl\/wp-content\/uploads\/2024\/07\/E_Dziedziniewicz-Rapca_Warszawa_Kaliska_15_klatka_od_Sekocinskiej_drugie_pietro_polpietro_zakret_balustrady-768x584.jpg 768w, http:\/\/lapidarium.fundacja-hereditas.pl\/wp-content\/uploads\/2024\/07\/E_Dziedziniewicz-Rapca_Warszawa_Kaliska_15_klatka_od_Sekocinskiej_drugie_pietro_polpietro_zakret_balustrady-1536x1169.jpg 1536w, http:\/\/lapidarium.fundacja-hereditas.pl\/wp-content\/uploads\/2024\/07\/E_Dziedziniewicz-Rapca_Warszawa_Kaliska_15_klatka_od_Sekocinskiej_drugie_pietro_polpietro_zakret_balustrady-2048x1558.jpg 2048w, http:\/\/lapidarium.fundacja-hereditas.pl\/wp-content\/uploads\/2024\/07\/E_Dziedziniewicz-Rapca_Warszawa_Kaliska_15_klatka_od_Sekocinskiej_drugie_pietro_polpietro_zakret_balustrady-150x114.jpg 150w, http:\/\/lapidarium.fundacja-hereditas.pl\/wp-content\/uploads\/2024\/07\/E_Dziedziniewicz-Rapca_Warszawa_Kaliska_15_klatka_od_Sekocinskiej_drugie_pietro_polpietro_zakret_balustrady-696x530.jpg 696w, http:\/\/lapidarium.fundacja-hereditas.pl\/wp-content\/uploads\/2024\/07\/E_Dziedziniewicz-Rapca_Warszawa_Kaliska_15_klatka_od_Sekocinskiej_drugie_pietro_polpietro_zakret_balustrady-1068x813.jpg 1068w, http:\/\/lapidarium.fundacja-hereditas.pl\/wp-content\/uploads\/2024\/07\/E_Dziedziniewicz-Rapca_Warszawa_Kaliska_15_klatka_od_Sekocinskiej_drugie_pietro_polpietro_zakret_balustrady-1920x1461.jpg 1920w\" sizes=\"auto, (max-width: 1024px) 100vw, 1024px\" \/><\/a><figcaption class=\"wp-element-caption\">Klatka od ul. S\u0119koci\u0144skiej. Zakr\u0119t balustady na II-gim pi\u0119trze. Fot. Ewa Dziedziniewicz-R\u0105pca, 2023 r., \u017ar\u00f3d\u0142o: MWKZ.<\/figcaption><\/figure>\n\n\n\n<figure class=\"wp-block-image size-large\"><a href=\"http:\/\/lapidarium.fundacja-hereditas.pl\/wp-content\/uploads\/2024\/07\/E_Dziedziniewicz-Rapca_Warszawa_Kaliska_15_klatka_od_Sekocinskiej_trzecie_pietro_schody_na_dol-scaled.jpg\"><img loading=\"lazy\" decoding=\"async\" width=\"1024\" height=\"771\" data-id=\"26677\" src=\"http:\/\/lapidarium.fundacja-hereditas.pl\/wp-content\/uploads\/2024\/07\/E_Dziedziniewicz-Rapca_Warszawa_Kaliska_15_klatka_od_Sekocinskiej_trzecie_pietro_schody_na_dol-1024x771.jpg\" alt=\"\" class=\"wp-image-26677\" srcset=\"http:\/\/lapidarium.fundacja-hereditas.pl\/wp-content\/uploads\/2024\/07\/E_Dziedziniewicz-Rapca_Warszawa_Kaliska_15_klatka_od_Sekocinskiej_trzecie_pietro_schody_na_dol-1024x771.jpg 1024w, http:\/\/lapidarium.fundacja-hereditas.pl\/wp-content\/uploads\/2024\/07\/E_Dziedziniewicz-Rapca_Warszawa_Kaliska_15_klatka_od_Sekocinskiej_trzecie_pietro_schody_na_dol-300x226.jpg 300w, http:\/\/lapidarium.fundacja-hereditas.pl\/wp-content\/uploads\/2024\/07\/E_Dziedziniewicz-Rapca_Warszawa_Kaliska_15_klatka_od_Sekocinskiej_trzecie_pietro_schody_na_dol-768x578.jpg 768w, http:\/\/lapidarium.fundacja-hereditas.pl\/wp-content\/uploads\/2024\/07\/E_Dziedziniewicz-Rapca_Warszawa_Kaliska_15_klatka_od_Sekocinskiej_trzecie_pietro_schody_na_dol-1536x1156.jpg 1536w, http:\/\/lapidarium.fundacja-hereditas.pl\/wp-content\/uploads\/2024\/07\/E_Dziedziniewicz-Rapca_Warszawa_Kaliska_15_klatka_od_Sekocinskiej_trzecie_pietro_schody_na_dol-2048x1542.jpg 2048w, http:\/\/lapidarium.fundacja-hereditas.pl\/wp-content\/uploads\/2024\/07\/E_Dziedziniewicz-Rapca_Warszawa_Kaliska_15_klatka_od_Sekocinskiej_trzecie_pietro_schody_na_dol-150x113.jpg 150w, http:\/\/lapidarium.fundacja-hereditas.pl\/wp-content\/uploads\/2024\/07\/E_Dziedziniewicz-Rapca_Warszawa_Kaliska_15_klatka_od_Sekocinskiej_trzecie_pietro_schody_na_dol-696x524.jpg 696w, http:\/\/lapidarium.fundacja-hereditas.pl\/wp-content\/uploads\/2024\/07\/E_Dziedziniewicz-Rapca_Warszawa_Kaliska_15_klatka_od_Sekocinskiej_trzecie_pietro_schody_na_dol-1068x804.jpg 1068w, http:\/\/lapidarium.fundacja-hereditas.pl\/wp-content\/uploads\/2024\/07\/E_Dziedziniewicz-Rapca_Warszawa_Kaliska_15_klatka_od_Sekocinskiej_trzecie_pietro_schody_na_dol-1920x1445.jpg 1920w\" sizes=\"auto, (max-width: 1024px) 100vw, 1024px\" \/><\/a><figcaption class=\"wp-element-caption\">Klatka od ul. S\u0119koci\u0144skiej. Pi\u0119tro III-cie. Widok na spocznik. Fot. Ewa Dziedziniewicz-R\u0105pca, 2023 r., \u017ar\u00f3d\u0142o: MWKZ.<\/figcaption><\/figure>\n\n\n\n<figure class=\"wp-block-image size-large\"><a href=\"http:\/\/lapidarium.fundacja-hereditas.pl\/wp-content\/uploads\/2024\/07\/E_Dziedziniewicz-Rapca_Warszawa_Kaliska_15_klatka_od_Sekocinskiej_trzecie_pietro_schody_na_czwarte-scaled.jpg\"><img loading=\"lazy\" decoding=\"async\" width=\"762\" height=\"1024\" data-id=\"26676\" src=\"http:\/\/lapidarium.fundacja-hereditas.pl\/wp-content\/uploads\/2024\/07\/E_Dziedziniewicz-Rapca_Warszawa_Kaliska_15_klatka_od_Sekocinskiej_trzecie_pietro_schody_na_czwarte-762x1024.jpg\" alt=\"\" class=\"wp-image-26676\" srcset=\"http:\/\/lapidarium.fundacja-hereditas.pl\/wp-content\/uploads\/2024\/07\/E_Dziedziniewicz-Rapca_Warszawa_Kaliska_15_klatka_od_Sekocinskiej_trzecie_pietro_schody_na_czwarte-762x1024.jpg 762w, http:\/\/lapidarium.fundacja-hereditas.pl\/wp-content\/uploads\/2024\/07\/E_Dziedziniewicz-Rapca_Warszawa_Kaliska_15_klatka_od_Sekocinskiej_trzecie_pietro_schody_na_czwarte-223x300.jpg 223w, http:\/\/lapidarium.fundacja-hereditas.pl\/wp-content\/uploads\/2024\/07\/E_Dziedziniewicz-Rapca_Warszawa_Kaliska_15_klatka_od_Sekocinskiej_trzecie_pietro_schody_na_czwarte-768x1033.jpg 768w, http:\/\/lapidarium.fundacja-hereditas.pl\/wp-content\/uploads\/2024\/07\/E_Dziedziniewicz-Rapca_Warszawa_Kaliska_15_klatka_od_Sekocinskiej_trzecie_pietro_schody_na_czwarte-1142x1536.jpg 1142w, http:\/\/lapidarium.fundacja-hereditas.pl\/wp-content\/uploads\/2024\/07\/E_Dziedziniewicz-Rapca_Warszawa_Kaliska_15_klatka_od_Sekocinskiej_trzecie_pietro_schody_na_czwarte-1523x2048.jpg 1523w, http:\/\/lapidarium.fundacja-hereditas.pl\/wp-content\/uploads\/2024\/07\/E_Dziedziniewicz-Rapca_Warszawa_Kaliska_15_klatka_od_Sekocinskiej_trzecie_pietro_schody_na_czwarte-150x202.jpg 150w, http:\/\/lapidarium.fundacja-hereditas.pl\/wp-content\/uploads\/2024\/07\/E_Dziedziniewicz-Rapca_Warszawa_Kaliska_15_klatka_od_Sekocinskiej_trzecie_pietro_schody_na_czwarte-300x403.jpg 300w, http:\/\/lapidarium.fundacja-hereditas.pl\/wp-content\/uploads\/2024\/07\/E_Dziedziniewicz-Rapca_Warszawa_Kaliska_15_klatka_od_Sekocinskiej_trzecie_pietro_schody_na_czwarte-696x936.jpg 696w, http:\/\/lapidarium.fundacja-hereditas.pl\/wp-content\/uploads\/2024\/07\/E_Dziedziniewicz-Rapca_Warszawa_Kaliska_15_klatka_od_Sekocinskiej_trzecie_pietro_schody_na_czwarte-1068x1436.jpg 1068w, http:\/\/lapidarium.fundacja-hereditas.pl\/wp-content\/uploads\/2024\/07\/E_Dziedziniewicz-Rapca_Warszawa_Kaliska_15_klatka_od_Sekocinskiej_trzecie_pietro_schody_na_czwarte-1920x2582.jpg 1920w, http:\/\/lapidarium.fundacja-hereditas.pl\/wp-content\/uploads\/2024\/07\/E_Dziedziniewicz-Rapca_Warszawa_Kaliska_15_klatka_od_Sekocinskiej_trzecie_pietro_schody_na_czwarte-scaled.jpg 1904w\" sizes=\"auto, (max-width: 762px) 100vw, 762px\" \/><\/a><figcaption class=\"wp-element-caption\">Klatka od ul. S\u0119koci\u0144skiej. Pi\u0119tro III-cie. Widok na spocznik. Fot. Ewa Dziedziniewicz-R\u0105pca, 2023 r., \u017ar\u00f3d\u0142o: MWKZ.<\/figcaption><\/figure>\n\n\n\n<figure class=\"wp-block-image size-large\"><a href=\"http:\/\/lapidarium.fundacja-hereditas.pl\/wp-content\/uploads\/2024\/07\/E_Dziedziniewicz-Rapca_Warszawa_Kaliska_15_klatka_od_Sekocinskiej_trzecie_pietro_schody_na_gore-scaled.jpg\"><img loading=\"lazy\" decoding=\"async\" width=\"1024\" height=\"746\" data-id=\"26678\" src=\"http:\/\/lapidarium.fundacja-hereditas.pl\/wp-content\/uploads\/2024\/07\/E_Dziedziniewicz-Rapca_Warszawa_Kaliska_15_klatka_od_Sekocinskiej_trzecie_pietro_schody_na_gore-1024x746.jpg\" alt=\"\" class=\"wp-image-26678\" srcset=\"http:\/\/lapidarium.fundacja-hereditas.pl\/wp-content\/uploads\/2024\/07\/E_Dziedziniewicz-Rapca_Warszawa_Kaliska_15_klatka_od_Sekocinskiej_trzecie_pietro_schody_na_gore-1024x746.jpg 1024w, http:\/\/lapidarium.fundacja-hereditas.pl\/wp-content\/uploads\/2024\/07\/E_Dziedziniewicz-Rapca_Warszawa_Kaliska_15_klatka_od_Sekocinskiej_trzecie_pietro_schody_na_gore-300x218.jpg 300w, http:\/\/lapidarium.fundacja-hereditas.pl\/wp-content\/uploads\/2024\/07\/E_Dziedziniewicz-Rapca_Warszawa_Kaliska_15_klatka_od_Sekocinskiej_trzecie_pietro_schody_na_gore-768x559.jpg 768w, http:\/\/lapidarium.fundacja-hereditas.pl\/wp-content\/uploads\/2024\/07\/E_Dziedziniewicz-Rapca_Warszawa_Kaliska_15_klatka_od_Sekocinskiej_trzecie_pietro_schody_na_gore-1536x1119.jpg 1536w, http:\/\/lapidarium.fundacja-hereditas.pl\/wp-content\/uploads\/2024\/07\/E_Dziedziniewicz-Rapca_Warszawa_Kaliska_15_klatka_od_Sekocinskiej_trzecie_pietro_schody_na_gore-2048x1492.jpg 2048w, http:\/\/lapidarium.fundacja-hereditas.pl\/wp-content\/uploads\/2024\/07\/E_Dziedziniewicz-Rapca_Warszawa_Kaliska_15_klatka_od_Sekocinskiej_trzecie_pietro_schody_na_gore-150x109.jpg 150w, http:\/\/lapidarium.fundacja-hereditas.pl\/wp-content\/uploads\/2024\/07\/E_Dziedziniewicz-Rapca_Warszawa_Kaliska_15_klatka_od_Sekocinskiej_trzecie_pietro_schody_na_gore-696x507.jpg 696w, http:\/\/lapidarium.fundacja-hereditas.pl\/wp-content\/uploads\/2024\/07\/E_Dziedziniewicz-Rapca_Warszawa_Kaliska_15_klatka_od_Sekocinskiej_trzecie_pietro_schody_na_gore-1068x778.jpg 1068w, http:\/\/lapidarium.fundacja-hereditas.pl\/wp-content\/uploads\/2024\/07\/E_Dziedziniewicz-Rapca_Warszawa_Kaliska_15_klatka_od_Sekocinskiej_trzecie_pietro_schody_na_gore-1920x1398.jpg 1920w\" sizes=\"auto, (max-width: 1024px) 100vw, 1024px\" \/><\/a><figcaption class=\"wp-element-caption\">Klatka od ul. S\u0119koci\u0144skiej. Zakr\u0119t balustrady na III-cim pi\u0119trze. Fot. Ewa Dziedziniewicz-R\u0105pca, 2023 r., \u017ar\u00f3d\u0142o: MWKZ.<\/figcaption><\/figure>\n\n\n\n<figure class=\"wp-block-image size-large\"><a href=\"http:\/\/lapidarium.fundacja-hereditas.pl\/wp-content\/uploads\/2024\/07\/E_Dziedziniewicz-Rapca_Warszawa_Kaliska_15_klatka_od_Sekocinskiej_trzecie_pietro_zakret_balustrady-scaled.jpg\"><img loading=\"lazy\" decoding=\"async\" width=\"1024\" height=\"772\" data-id=\"26679\" src=\"http:\/\/lapidarium.fundacja-hereditas.pl\/wp-content\/uploads\/2024\/07\/E_Dziedziniewicz-Rapca_Warszawa_Kaliska_15_klatka_od_Sekocinskiej_trzecie_pietro_zakret_balustrady-1024x772.jpg\" alt=\"\" class=\"wp-image-26679\" srcset=\"http:\/\/lapidarium.fundacja-hereditas.pl\/wp-content\/uploads\/2024\/07\/E_Dziedziniewicz-Rapca_Warszawa_Kaliska_15_klatka_od_Sekocinskiej_trzecie_pietro_zakret_balustrady-1024x772.jpg 1024w, http:\/\/lapidarium.fundacja-hereditas.pl\/wp-content\/uploads\/2024\/07\/E_Dziedziniewicz-Rapca_Warszawa_Kaliska_15_klatka_od_Sekocinskiej_trzecie_pietro_zakret_balustrady-300x226.jpg 300w, http:\/\/lapidarium.fundacja-hereditas.pl\/wp-content\/uploads\/2024\/07\/E_Dziedziniewicz-Rapca_Warszawa_Kaliska_15_klatka_od_Sekocinskiej_trzecie_pietro_zakret_balustrady-768x579.jpg 768w, http:\/\/lapidarium.fundacja-hereditas.pl\/wp-content\/uploads\/2024\/07\/E_Dziedziniewicz-Rapca_Warszawa_Kaliska_15_klatka_od_Sekocinskiej_trzecie_pietro_zakret_balustrady-1536x1158.jpg 1536w, http:\/\/lapidarium.fundacja-hereditas.pl\/wp-content\/uploads\/2024\/07\/E_Dziedziniewicz-Rapca_Warszawa_Kaliska_15_klatka_od_Sekocinskiej_trzecie_pietro_zakret_balustrady-2048x1544.jpg 2048w, http:\/\/lapidarium.fundacja-hereditas.pl\/wp-content\/uploads\/2024\/07\/E_Dziedziniewicz-Rapca_Warszawa_Kaliska_15_klatka_od_Sekocinskiej_trzecie_pietro_zakret_balustrady-150x113.jpg 150w, http:\/\/lapidarium.fundacja-hereditas.pl\/wp-content\/uploads\/2024\/07\/E_Dziedziniewicz-Rapca_Warszawa_Kaliska_15_klatka_od_Sekocinskiej_trzecie_pietro_zakret_balustrady-696x525.jpg 696w, http:\/\/lapidarium.fundacja-hereditas.pl\/wp-content\/uploads\/2024\/07\/E_Dziedziniewicz-Rapca_Warszawa_Kaliska_15_klatka_od_Sekocinskiej_trzecie_pietro_zakret_balustrady-1068x805.jpg 1068w, http:\/\/lapidarium.fundacja-hereditas.pl\/wp-content\/uploads\/2024\/07\/E_Dziedziniewicz-Rapca_Warszawa_Kaliska_15_klatka_od_Sekocinskiej_trzecie_pietro_zakret_balustrady-1920x1447.jpg 1920w\" sizes=\"auto, (max-width: 1024px) 100vw, 1024px\" \/><\/a><figcaption class=\"wp-element-caption\">Klatka od ul. S\u0119koci\u0144skiej. Zakr\u0119t balustrady na spoczniku po III-cim pi\u0119trze. Fot. Ewa Dziedziniewicz-R\u0105pca, 2023 r., \u017ar\u00f3d\u0142o: MWKZ.<\/figcaption><\/figure>\n\n\n\n<figure class=\"wp-block-image size-large\"><a href=\"http:\/\/lapidarium.fundacja-hereditas.pl\/wp-content\/uploads\/2024\/07\/E_Dziedziniewicz-Rapca_Warszawa_Kaliska_15_klatka_od_Sekocinskiej_trzecie_pietro_detale_metalowe-scaled.jpg\"><img loading=\"lazy\" decoding=\"async\" width=\"1024\" height=\"775\" data-id=\"26672\" src=\"http:\/\/lapidarium.fundacja-hereditas.pl\/wp-content\/uploads\/2024\/07\/E_Dziedziniewicz-Rapca_Warszawa_Kaliska_15_klatka_od_Sekocinskiej_trzecie_pietro_detale_metalowe-1024x775.jpg\" alt=\"\" class=\"wp-image-26672\" srcset=\"http:\/\/lapidarium.fundacja-hereditas.pl\/wp-content\/uploads\/2024\/07\/E_Dziedziniewicz-Rapca_Warszawa_Kaliska_15_klatka_od_Sekocinskiej_trzecie_pietro_detale_metalowe-1024x775.jpg 1024w, http:\/\/lapidarium.fundacja-hereditas.pl\/wp-content\/uploads\/2024\/07\/E_Dziedziniewicz-Rapca_Warszawa_Kaliska_15_klatka_od_Sekocinskiej_trzecie_pietro_detale_metalowe-300x227.jpg 300w, http:\/\/lapidarium.fundacja-hereditas.pl\/wp-content\/uploads\/2024\/07\/E_Dziedziniewicz-Rapca_Warszawa_Kaliska_15_klatka_od_Sekocinskiej_trzecie_pietro_detale_metalowe-768x581.jpg 768w, http:\/\/lapidarium.fundacja-hereditas.pl\/wp-content\/uploads\/2024\/07\/E_Dziedziniewicz-Rapca_Warszawa_Kaliska_15_klatka_od_Sekocinskiej_trzecie_pietro_detale_metalowe-1536x1162.jpg 1536w, http:\/\/lapidarium.fundacja-hereditas.pl\/wp-content\/uploads\/2024\/07\/E_Dziedziniewicz-Rapca_Warszawa_Kaliska_15_klatka_od_Sekocinskiej_trzecie_pietro_detale_metalowe-2048x1550.jpg 2048w, http:\/\/lapidarium.fundacja-hereditas.pl\/wp-content\/uploads\/2024\/07\/E_Dziedziniewicz-Rapca_Warszawa_Kaliska_15_klatka_od_Sekocinskiej_trzecie_pietro_detale_metalowe-150x114.jpg 150w, http:\/\/lapidarium.fundacja-hereditas.pl\/wp-content\/uploads\/2024\/07\/E_Dziedziniewicz-Rapca_Warszawa_Kaliska_15_klatka_od_Sekocinskiej_trzecie_pietro_detale_metalowe-696x527.jpg 696w, http:\/\/lapidarium.fundacja-hereditas.pl\/wp-content\/uploads\/2024\/07\/E_Dziedziniewicz-Rapca_Warszawa_Kaliska_15_klatka_od_Sekocinskiej_trzecie_pietro_detale_metalowe-1068x808.jpg 1068w, http:\/\/lapidarium.fundacja-hereditas.pl\/wp-content\/uploads\/2024\/07\/E_Dziedziniewicz-Rapca_Warszawa_Kaliska_15_klatka_od_Sekocinskiej_trzecie_pietro_detale_metalowe-1920x1453.jpg 1920w\" sizes=\"auto, (max-width: 1024px) 100vw, 1024px\" \/><\/a><figcaption class=\"wp-element-caption\">Klatka od ul. S\u0119koci\u0144skiej. Zakr\u0119t balustrady na spoczniku. Fot. Ewa Dziedziniewicz-R\u0105pca, 2023 r., \u017ar\u00f3d\u0142o: MWKZ.<\/figcaption><\/figure>\n\n\n\n<figure class=\"wp-block-image size-large\"><a href=\"http:\/\/lapidarium.fundacja-hereditas.pl\/wp-content\/uploads\/2024\/07\/E_Dziedziniewicz-Rapca_Warszawa_Kaliska_15_klatka_od_Sekocinskiej_pierwsze_pietro_posadzka-scaled.jpg\"><img loading=\"lazy\" decoding=\"async\" width=\"1024\" height=\"762\" data-id=\"26657\" src=\"http:\/\/lapidarium.fundacja-hereditas.pl\/wp-content\/uploads\/2024\/07\/E_Dziedziniewicz-Rapca_Warszawa_Kaliska_15_klatka_od_Sekocinskiej_pierwsze_pietro_posadzka-1024x762.jpg\" alt=\"\" class=\"wp-image-26657\" srcset=\"http:\/\/lapidarium.fundacja-hereditas.pl\/wp-content\/uploads\/2024\/07\/E_Dziedziniewicz-Rapca_Warszawa_Kaliska_15_klatka_od_Sekocinskiej_pierwsze_pietro_posadzka-1024x762.jpg 1024w, http:\/\/lapidarium.fundacja-hereditas.pl\/wp-content\/uploads\/2024\/07\/E_Dziedziniewicz-Rapca_Warszawa_Kaliska_15_klatka_od_Sekocinskiej_pierwsze_pietro_posadzka-300x223.jpg 300w, http:\/\/lapidarium.fundacja-hereditas.pl\/wp-content\/uploads\/2024\/07\/E_Dziedziniewicz-Rapca_Warszawa_Kaliska_15_klatka_od_Sekocinskiej_pierwsze_pietro_posadzka-768x572.jpg 768w, http:\/\/lapidarium.fundacja-hereditas.pl\/wp-content\/uploads\/2024\/07\/E_Dziedziniewicz-Rapca_Warszawa_Kaliska_15_klatka_od_Sekocinskiej_pierwsze_pietro_posadzka-1536x1143.jpg 1536w, http:\/\/lapidarium.fundacja-hereditas.pl\/wp-content\/uploads\/2024\/07\/E_Dziedziniewicz-Rapca_Warszawa_Kaliska_15_klatka_od_Sekocinskiej_pierwsze_pietro_posadzka-2048x1524.jpg 2048w, http:\/\/lapidarium.fundacja-hereditas.pl\/wp-content\/uploads\/2024\/07\/E_Dziedziniewicz-Rapca_Warszawa_Kaliska_15_klatka_od_Sekocinskiej_pierwsze_pietro_posadzka-150x112.jpg 150w, http:\/\/lapidarium.fundacja-hereditas.pl\/wp-content\/uploads\/2024\/07\/E_Dziedziniewicz-Rapca_Warszawa_Kaliska_15_klatka_od_Sekocinskiej_pierwsze_pietro_posadzka-485x360.jpg 485w, http:\/\/lapidarium.fundacja-hereditas.pl\/wp-content\/uploads\/2024\/07\/E_Dziedziniewicz-Rapca_Warszawa_Kaliska_15_klatka_od_Sekocinskiej_pierwsze_pietro_posadzka-696x518.jpg 696w, http:\/\/lapidarium.fundacja-hereditas.pl\/wp-content\/uploads\/2024\/07\/E_Dziedziniewicz-Rapca_Warszawa_Kaliska_15_klatka_od_Sekocinskiej_pierwsze_pietro_posadzka-1068x795.jpg 1068w, http:\/\/lapidarium.fundacja-hereditas.pl\/wp-content\/uploads\/2024\/07\/E_Dziedziniewicz-Rapca_Warszawa_Kaliska_15_klatka_od_Sekocinskiej_pierwsze_pietro_posadzka-1920x1429.jpg 1920w\" sizes=\"auto, (max-width: 1024px) 100vw, 1024px\" \/><\/a><figcaption class=\"wp-element-caption\">Klatka od ul. S\u0119koci\u0144skiej. Posadzka spocznika. Fot. Ewa Dziedziniewicz-R\u0105pca, 2023 r., \u017ar\u00f3d\u0142o: MWKZ.<\/figcaption><\/figure>\n\n\n\n<figure class=\"wp-block-image size-large\"><a href=\"http:\/\/lapidarium.fundacja-hereditas.pl\/wp-content\/uploads\/2024\/07\/E_Dziedziniewicz-Rapca_Warszawa_Kaliska_15_klatka_od_Sekocinskiej_trzecie_pietro_polpietro_bok-scaled.jpg\"><img loading=\"lazy\" decoding=\"async\" width=\"1024\" height=\"745\" data-id=\"26674\" src=\"http:\/\/lapidarium.fundacja-hereditas.pl\/wp-content\/uploads\/2024\/07\/E_Dziedziniewicz-Rapca_Warszawa_Kaliska_15_klatka_od_Sekocinskiej_trzecie_pietro_polpietro_bok-1024x745.jpg\" alt=\"\" class=\"wp-image-26674\" srcset=\"http:\/\/lapidarium.fundacja-hereditas.pl\/wp-content\/uploads\/2024\/07\/E_Dziedziniewicz-Rapca_Warszawa_Kaliska_15_klatka_od_Sekocinskiej_trzecie_pietro_polpietro_bok-1024x745.jpg 1024w, http:\/\/lapidarium.fundacja-hereditas.pl\/wp-content\/uploads\/2024\/07\/E_Dziedziniewicz-Rapca_Warszawa_Kaliska_15_klatka_od_Sekocinskiej_trzecie_pietro_polpietro_bok-300x218.jpg 300w, http:\/\/lapidarium.fundacja-hereditas.pl\/wp-content\/uploads\/2024\/07\/E_Dziedziniewicz-Rapca_Warszawa_Kaliska_15_klatka_od_Sekocinskiej_trzecie_pietro_polpietro_bok-768x559.jpg 768w, http:\/\/lapidarium.fundacja-hereditas.pl\/wp-content\/uploads\/2024\/07\/E_Dziedziniewicz-Rapca_Warszawa_Kaliska_15_klatka_od_Sekocinskiej_trzecie_pietro_polpietro_bok-1536x1118.jpg 1536w, http:\/\/lapidarium.fundacja-hereditas.pl\/wp-content\/uploads\/2024\/07\/E_Dziedziniewicz-Rapca_Warszawa_Kaliska_15_klatka_od_Sekocinskiej_trzecie_pietro_polpietro_bok-2048x1490.jpg 2048w, http:\/\/lapidarium.fundacja-hereditas.pl\/wp-content\/uploads\/2024\/07\/E_Dziedziniewicz-Rapca_Warszawa_Kaliska_15_klatka_od_Sekocinskiej_trzecie_pietro_polpietro_bok-150x109.jpg 150w, http:\/\/lapidarium.fundacja-hereditas.pl\/wp-content\/uploads\/2024\/07\/E_Dziedziniewicz-Rapca_Warszawa_Kaliska_15_klatka_od_Sekocinskiej_trzecie_pietro_polpietro_bok-696x506.jpg 696w, http:\/\/lapidarium.fundacja-hereditas.pl\/wp-content\/uploads\/2024\/07\/E_Dziedziniewicz-Rapca_Warszawa_Kaliska_15_klatka_od_Sekocinskiej_trzecie_pietro_polpietro_bok-1068x777.jpg 1068w, http:\/\/lapidarium.fundacja-hereditas.pl\/wp-content\/uploads\/2024\/07\/E_Dziedziniewicz-Rapca_Warszawa_Kaliska_15_klatka_od_Sekocinskiej_trzecie_pietro_polpietro_bok-1920x1397.jpg 1920w\" sizes=\"auto, (max-width: 1024px) 100vw, 1024px\" \/><\/a><figcaption class=\"wp-element-caption\">Klatka od ul. S\u0119koci\u0144skiej. Schody ze spocznika na pi\u0119tro. Fot. Ewa Dziedziniewicz-R\u0105pca, 2023 r., \u017ar\u00f3d\u0142o: MWKZ.<\/figcaption><\/figure>\n\n\n\n<figure class=\"wp-block-image size-large\"><a href=\"http:\/\/lapidarium.fundacja-hereditas.pl\/wp-content\/uploads\/2024\/07\/E_Dziedziniewicz-Rapca_Warszawa_Kaliska_15_klatka_od_Sekocinskiej_trzecie_pietro_detal_sufitu-scaled.jpg\"><img loading=\"lazy\" decoding=\"async\" width=\"1024\" height=\"775\" data-id=\"26671\" src=\"http:\/\/lapidarium.fundacja-hereditas.pl\/wp-content\/uploads\/2024\/07\/E_Dziedziniewicz-Rapca_Warszawa_Kaliska_15_klatka_od_Sekocinskiej_trzecie_pietro_detal_sufitu-1024x775.jpg\" alt=\"\" class=\"wp-image-26671\" srcset=\"http:\/\/lapidarium.fundacja-hereditas.pl\/wp-content\/uploads\/2024\/07\/E_Dziedziniewicz-Rapca_Warszawa_Kaliska_15_klatka_od_Sekocinskiej_trzecie_pietro_detal_sufitu-1024x775.jpg 1024w, http:\/\/lapidarium.fundacja-hereditas.pl\/wp-content\/uploads\/2024\/07\/E_Dziedziniewicz-Rapca_Warszawa_Kaliska_15_klatka_od_Sekocinskiej_trzecie_pietro_detal_sufitu-300x227.jpg 300w, http:\/\/lapidarium.fundacja-hereditas.pl\/wp-content\/uploads\/2024\/07\/E_Dziedziniewicz-Rapca_Warszawa_Kaliska_15_klatka_od_Sekocinskiej_trzecie_pietro_detal_sufitu-768x581.jpg 768w, http:\/\/lapidarium.fundacja-hereditas.pl\/wp-content\/uploads\/2024\/07\/E_Dziedziniewicz-Rapca_Warszawa_Kaliska_15_klatka_od_Sekocinskiej_trzecie_pietro_detal_sufitu-1536x1162.jpg 1536w, http:\/\/lapidarium.fundacja-hereditas.pl\/wp-content\/uploads\/2024\/07\/E_Dziedziniewicz-Rapca_Warszawa_Kaliska_15_klatka_od_Sekocinskiej_trzecie_pietro_detal_sufitu-2048x1550.jpg 2048w, http:\/\/lapidarium.fundacja-hereditas.pl\/wp-content\/uploads\/2024\/07\/E_Dziedziniewicz-Rapca_Warszawa_Kaliska_15_klatka_od_Sekocinskiej_trzecie_pietro_detal_sufitu-150x114.jpg 150w, http:\/\/lapidarium.fundacja-hereditas.pl\/wp-content\/uploads\/2024\/07\/E_Dziedziniewicz-Rapca_Warszawa_Kaliska_15_klatka_od_Sekocinskiej_trzecie_pietro_detal_sufitu-696x527.jpg 696w, http:\/\/lapidarium.fundacja-hereditas.pl\/wp-content\/uploads\/2024\/07\/E_Dziedziniewicz-Rapca_Warszawa_Kaliska_15_klatka_od_Sekocinskiej_trzecie_pietro_detal_sufitu-1068x808.jpg 1068w, http:\/\/lapidarium.fundacja-hereditas.pl\/wp-content\/uploads\/2024\/07\/E_Dziedziniewicz-Rapca_Warszawa_Kaliska_15_klatka_od_Sekocinskiej_trzecie_pietro_detal_sufitu-1920x1453.jpg 1920w\" sizes=\"auto, (max-width: 1024px) 100vw, 1024px\" \/><\/a><figcaption class=\"wp-element-caption\">Klatka od ul. S\u0119koci\u0144skiej. Sufit nad spocznikiem. Fot. Ewa Dziedziniewicz-R\u0105pca, 2023 r., \u017ar\u00f3d\u0142o: MWKZ.<\/figcaption><\/figure>\n\n\n\n<figure class=\"wp-block-image size-large\"><a href=\"http:\/\/lapidarium.fundacja-hereditas.pl\/wp-content\/uploads\/2024\/07\/E_Dziedziniewicz-Rapca_Warszawa_Kaliska_15_klatka_od_Sekocinskiej_trzecie_pietro_balustrada_detal_A-scaled.jpg\"><img loading=\"lazy\" decoding=\"async\" width=\"760\" height=\"1024\" data-id=\"26670\" src=\"http:\/\/lapidarium.fundacja-hereditas.pl\/wp-content\/uploads\/2024\/07\/E_Dziedziniewicz-Rapca_Warszawa_Kaliska_15_klatka_od_Sekocinskiej_trzecie_pietro_balustrada_detal_A-760x1024.jpg\" alt=\"\" class=\"wp-image-26670\" srcset=\"http:\/\/lapidarium.fundacja-hereditas.pl\/wp-content\/uploads\/2024\/07\/E_Dziedziniewicz-Rapca_Warszawa_Kaliska_15_klatka_od_Sekocinskiej_trzecie_pietro_balustrada_detal_A-760x1024.jpg 760w, http:\/\/lapidarium.fundacja-hereditas.pl\/wp-content\/uploads\/2024\/07\/E_Dziedziniewicz-Rapca_Warszawa_Kaliska_15_klatka_od_Sekocinskiej_trzecie_pietro_balustrada_detal_A-223x300.jpg 223w, http:\/\/lapidarium.fundacja-hereditas.pl\/wp-content\/uploads\/2024\/07\/E_Dziedziniewicz-Rapca_Warszawa_Kaliska_15_klatka_od_Sekocinskiej_trzecie_pietro_balustrada_detal_A-768x1035.jpg 768w, http:\/\/lapidarium.fundacja-hereditas.pl\/wp-content\/uploads\/2024\/07\/E_Dziedziniewicz-Rapca_Warszawa_Kaliska_15_klatka_od_Sekocinskiej_trzecie_pietro_balustrada_detal_A-1140x1536.jpg 1140w, http:\/\/lapidarium.fundacja-hereditas.pl\/wp-content\/uploads\/2024\/07\/E_Dziedziniewicz-Rapca_Warszawa_Kaliska_15_klatka_od_Sekocinskiej_trzecie_pietro_balustrada_detal_A-1519x2048.jpg 1519w, http:\/\/lapidarium.fundacja-hereditas.pl\/wp-content\/uploads\/2024\/07\/E_Dziedziniewicz-Rapca_Warszawa_Kaliska_15_klatka_od_Sekocinskiej_trzecie_pietro_balustrada_detal_A-150x202.jpg 150w, http:\/\/lapidarium.fundacja-hereditas.pl\/wp-content\/uploads\/2024\/07\/E_Dziedziniewicz-Rapca_Warszawa_Kaliska_15_klatka_od_Sekocinskiej_trzecie_pietro_balustrada_detal_A-300x404.jpg 300w, http:\/\/lapidarium.fundacja-hereditas.pl\/wp-content\/uploads\/2024\/07\/E_Dziedziniewicz-Rapca_Warszawa_Kaliska_15_klatka_od_Sekocinskiej_trzecie_pietro_balustrada_detal_A-696x938.jpg 696w, http:\/\/lapidarium.fundacja-hereditas.pl\/wp-content\/uploads\/2024\/07\/E_Dziedziniewicz-Rapca_Warszawa_Kaliska_15_klatka_od_Sekocinskiej_trzecie_pietro_balustrada_detal_A-1068x1439.jpg 1068w, http:\/\/lapidarium.fundacja-hereditas.pl\/wp-content\/uploads\/2024\/07\/E_Dziedziniewicz-Rapca_Warszawa_Kaliska_15_klatka_od_Sekocinskiej_trzecie_pietro_balustrada_detal_A-1920x2588.jpg 1920w, http:\/\/lapidarium.fundacja-hereditas.pl\/wp-content\/uploads\/2024\/07\/E_Dziedziniewicz-Rapca_Warszawa_Kaliska_15_klatka_od_Sekocinskiej_trzecie_pietro_balustrada_detal_A-scaled.jpg 1899w\" sizes=\"auto, (max-width: 760px) 100vw, 760px\" \/><\/a><figcaption class=\"wp-element-caption\">Klatka od ul. S\u0119koci\u0144skiej. Balustrada i policzki schod\u00f3w. Fot. Ewa Dziedziniewicz-R\u0105pca, 2023 r., \u017ar\u00f3d\u0142o: MWKZ.<\/figcaption><\/figure>\n\n\n\n<figure class=\"wp-block-image size-large\"><a href=\"http:\/\/lapidarium.fundacja-hereditas.pl\/wp-content\/uploads\/2024\/07\/E_Dziedziniewicz-Rapca_Warszawa_Kaliska_15_klatka_od_Sekocinskiej_trzecie_pietro-scaled.jpg\"><img loading=\"lazy\" decoding=\"async\" width=\"773\" height=\"1024\" data-id=\"26667\" src=\"http:\/\/lapidarium.fundacja-hereditas.pl\/wp-content\/uploads\/2024\/07\/E_Dziedziniewicz-Rapca_Warszawa_Kaliska_15_klatka_od_Sekocinskiej_trzecie_pietro-773x1024.jpg\" alt=\"\" class=\"wp-image-26667\" srcset=\"http:\/\/lapidarium.fundacja-hereditas.pl\/wp-content\/uploads\/2024\/07\/E_Dziedziniewicz-Rapca_Warszawa_Kaliska_15_klatka_od_Sekocinskiej_trzecie_pietro-773x1024.jpg 773w, http:\/\/lapidarium.fundacja-hereditas.pl\/wp-content\/uploads\/2024\/07\/E_Dziedziniewicz-Rapca_Warszawa_Kaliska_15_klatka_od_Sekocinskiej_trzecie_pietro-226x300.jpg 226w, http:\/\/lapidarium.fundacja-hereditas.pl\/wp-content\/uploads\/2024\/07\/E_Dziedziniewicz-Rapca_Warszawa_Kaliska_15_klatka_od_Sekocinskiej_trzecie_pietro-768x1017.jpg 768w, http:\/\/lapidarium.fundacja-hereditas.pl\/wp-content\/uploads\/2024\/07\/E_Dziedziniewicz-Rapca_Warszawa_Kaliska_15_klatka_od_Sekocinskiej_trzecie_pietro-1160x1536.jpg 1160w, http:\/\/lapidarium.fundacja-hereditas.pl\/wp-content\/uploads\/2024\/07\/E_Dziedziniewicz-Rapca_Warszawa_Kaliska_15_klatka_od_Sekocinskiej_trzecie_pietro-1546x2048.jpg 1546w, http:\/\/lapidarium.fundacja-hereditas.pl\/wp-content\/uploads\/2024\/07\/E_Dziedziniewicz-Rapca_Warszawa_Kaliska_15_klatka_od_Sekocinskiej_trzecie_pietro-150x199.jpg 150w, http:\/\/lapidarium.fundacja-hereditas.pl\/wp-content\/uploads\/2024\/07\/E_Dziedziniewicz-Rapca_Warszawa_Kaliska_15_klatka_od_Sekocinskiej_trzecie_pietro-300x397.jpg 300w, http:\/\/lapidarium.fundacja-hereditas.pl\/wp-content\/uploads\/2024\/07\/E_Dziedziniewicz-Rapca_Warszawa_Kaliska_15_klatka_od_Sekocinskiej_trzecie_pietro-696x922.jpg 696w, http:\/\/lapidarium.fundacja-hereditas.pl\/wp-content\/uploads\/2024\/07\/E_Dziedziniewicz-Rapca_Warszawa_Kaliska_15_klatka_od_Sekocinskiej_trzecie_pietro-1068x1415.jpg 1068w, http:\/\/lapidarium.fundacja-hereditas.pl\/wp-content\/uploads\/2024\/07\/E_Dziedziniewicz-Rapca_Warszawa_Kaliska_15_klatka_od_Sekocinskiej_trzecie_pietro-1920x2543.jpg 1920w, http:\/\/lapidarium.fundacja-hereditas.pl\/wp-content\/uploads\/2024\/07\/E_Dziedziniewicz-Rapca_Warszawa_Kaliska_15_klatka_od_Sekocinskiej_trzecie_pietro-scaled.jpg 1933w\" sizes=\"auto, (max-width: 773px) 100vw, 773px\" \/><\/a><figcaption class=\"wp-element-caption\">Klatka od ul. S\u0119koci\u0144skiej. Widok ze spocznika na pi\u0119tro. Fot. Ewa Dziedziniewicz-R\u0105pca, 2023 r., \u017ar\u00f3d\u0142o: MWKZ.<\/figcaption><\/figure>\n\n\n\n<figure class=\"wp-block-image size-large\"><a href=\"http:\/\/lapidarium.fundacja-hereditas.pl\/wp-content\/uploads\/2024\/07\/E_Dziedziniewicz-Rapca_Warszawa_Kaliska_15_klatka_od_Sekocinskiej_trzecie_pietro_A-scaled.jpg\"><img loading=\"lazy\" decoding=\"async\" width=\"738\" height=\"1024\" data-id=\"26668\" src=\"http:\/\/lapidarium.fundacja-hereditas.pl\/wp-content\/uploads\/2024\/07\/E_Dziedziniewicz-Rapca_Warszawa_Kaliska_15_klatka_od_Sekocinskiej_trzecie_pietro_A-738x1024.jpg\" alt=\"\" class=\"wp-image-26668\" srcset=\"http:\/\/lapidarium.fundacja-hereditas.pl\/wp-content\/uploads\/2024\/07\/E_Dziedziniewicz-Rapca_Warszawa_Kaliska_15_klatka_od_Sekocinskiej_trzecie_pietro_A-738x1024.jpg 738w, http:\/\/lapidarium.fundacja-hereditas.pl\/wp-content\/uploads\/2024\/07\/E_Dziedziniewicz-Rapca_Warszawa_Kaliska_15_klatka_od_Sekocinskiej_trzecie_pietro_A-216x300.jpg 216w, http:\/\/lapidarium.fundacja-hereditas.pl\/wp-content\/uploads\/2024\/07\/E_Dziedziniewicz-Rapca_Warszawa_Kaliska_15_klatka_od_Sekocinskiej_trzecie_pietro_A-768x1066.jpg 768w, http:\/\/lapidarium.fundacja-hereditas.pl\/wp-content\/uploads\/2024\/07\/E_Dziedziniewicz-Rapca_Warszawa_Kaliska_15_klatka_od_Sekocinskiej_trzecie_pietro_A-1107x1536.jpg 1107w, http:\/\/lapidarium.fundacja-hereditas.pl\/wp-content\/uploads\/2024\/07\/E_Dziedziniewicz-Rapca_Warszawa_Kaliska_15_klatka_od_Sekocinskiej_trzecie_pietro_A-1476x2048.jpg 1476w, http:\/\/lapidarium.fundacja-hereditas.pl\/wp-content\/uploads\/2024\/07\/E_Dziedziniewicz-Rapca_Warszawa_Kaliska_15_klatka_od_Sekocinskiej_trzecie_pietro_A-150x208.jpg 150w, http:\/\/lapidarium.fundacja-hereditas.pl\/wp-content\/uploads\/2024\/07\/E_Dziedziniewicz-Rapca_Warszawa_Kaliska_15_klatka_od_Sekocinskiej_trzecie_pietro_A-300x416.jpg 300w, http:\/\/lapidarium.fundacja-hereditas.pl\/wp-content\/uploads\/2024\/07\/E_Dziedziniewicz-Rapca_Warszawa_Kaliska_15_klatka_od_Sekocinskiej_trzecie_pietro_A-696x966.jpg 696w, http:\/\/lapidarium.fundacja-hereditas.pl\/wp-content\/uploads\/2024\/07\/E_Dziedziniewicz-Rapca_Warszawa_Kaliska_15_klatka_od_Sekocinskiej_trzecie_pietro_A-1068x1482.jpg 1068w, http:\/\/lapidarium.fundacja-hereditas.pl\/wp-content\/uploads\/2024\/07\/E_Dziedziniewicz-Rapca_Warszawa_Kaliska_15_klatka_od_Sekocinskiej_trzecie_pietro_A-1920x2664.jpg 1920w, http:\/\/lapidarium.fundacja-hereditas.pl\/wp-content\/uploads\/2024\/07\/E_Dziedziniewicz-Rapca_Warszawa_Kaliska_15_klatka_od_Sekocinskiej_trzecie_pietro_A-scaled.jpg 1845w\" sizes=\"auto, (max-width: 738px) 100vw, 738px\" \/><\/a><figcaption class=\"wp-element-caption\">Klatka od ul. S\u0119koci\u0144skiej. Widok ze spocznika na pi\u0119tro. Fot. Ewa Dziedziniewicz-R\u0105pca, 2023 r., \u017ar\u00f3d\u0142o: MWKZ.<\/figcaption><\/figure>\n\n\n\n<figure class=\"wp-block-image size-large\"><a href=\"http:\/\/lapidarium.fundacja-hereditas.pl\/wp-content\/uploads\/2024\/07\/E_Dziedziniewicz-Rapca_Warszawa_Kaliska_15_klatka_od_Sekocinskiej_trzecie_pietro_balustrada-scaled.jpg\"><img loading=\"lazy\" decoding=\"async\" width=\"776\" height=\"1024\" data-id=\"26669\" src=\"http:\/\/lapidarium.fundacja-hereditas.pl\/wp-content\/uploads\/2024\/07\/E_Dziedziniewicz-Rapca_Warszawa_Kaliska_15_klatka_od_Sekocinskiej_trzecie_pietro_balustrada-776x1024.jpg\" alt=\"\" class=\"wp-image-26669\" srcset=\"http:\/\/lapidarium.fundacja-hereditas.pl\/wp-content\/uploads\/2024\/07\/E_Dziedziniewicz-Rapca_Warszawa_Kaliska_15_klatka_od_Sekocinskiej_trzecie_pietro_balustrada-776x1024.jpg 776w, http:\/\/lapidarium.fundacja-hereditas.pl\/wp-content\/uploads\/2024\/07\/E_Dziedziniewicz-Rapca_Warszawa_Kaliska_15_klatka_od_Sekocinskiej_trzecie_pietro_balustrada-227x300.jpg 227w, http:\/\/lapidarium.fundacja-hereditas.pl\/wp-content\/uploads\/2024\/07\/E_Dziedziniewicz-Rapca_Warszawa_Kaliska_15_klatka_od_Sekocinskiej_trzecie_pietro_balustrada-768x1014.jpg 768w, http:\/\/lapidarium.fundacja-hereditas.pl\/wp-content\/uploads\/2024\/07\/E_Dziedziniewicz-Rapca_Warszawa_Kaliska_15_klatka_od_Sekocinskiej_trzecie_pietro_balustrada-1164x1536.jpg 1164w, http:\/\/lapidarium.fundacja-hereditas.pl\/wp-content\/uploads\/2024\/07\/E_Dziedziniewicz-Rapca_Warszawa_Kaliska_15_klatka_od_Sekocinskiej_trzecie_pietro_balustrada-1552x2048.jpg 1552w, http:\/\/lapidarium.fundacja-hereditas.pl\/wp-content\/uploads\/2024\/07\/E_Dziedziniewicz-Rapca_Warszawa_Kaliska_15_klatka_od_Sekocinskiej_trzecie_pietro_balustrada-150x198.jpg 150w, http:\/\/lapidarium.fundacja-hereditas.pl\/wp-content\/uploads\/2024\/07\/E_Dziedziniewicz-Rapca_Warszawa_Kaliska_15_klatka_od_Sekocinskiej_trzecie_pietro_balustrada-300x396.jpg 300w, http:\/\/lapidarium.fundacja-hereditas.pl\/wp-content\/uploads\/2024\/07\/E_Dziedziniewicz-Rapca_Warszawa_Kaliska_15_klatka_od_Sekocinskiej_trzecie_pietro_balustrada-696x919.jpg 696w, http:\/\/lapidarium.fundacja-hereditas.pl\/wp-content\/uploads\/2024\/07\/E_Dziedziniewicz-Rapca_Warszawa_Kaliska_15_klatka_od_Sekocinskiej_trzecie_pietro_balustrada-1068x1410.jpg 1068w, http:\/\/lapidarium.fundacja-hereditas.pl\/wp-content\/uploads\/2024\/07\/E_Dziedziniewicz-Rapca_Warszawa_Kaliska_15_klatka_od_Sekocinskiej_trzecie_pietro_balustrada-1920x2534.jpg 1920w, http:\/\/lapidarium.fundacja-hereditas.pl\/wp-content\/uploads\/2024\/07\/E_Dziedziniewicz-Rapca_Warszawa_Kaliska_15_klatka_od_Sekocinskiej_trzecie_pietro_balustrada-scaled.jpg 1940w\" sizes=\"auto, (max-width: 776px) 100vw, 776px\" \/><\/a><figcaption class=\"wp-element-caption\">Klatka od ul. S\u0119koci\u0144skiej. Balustrada. Fot. Ewa Dziedziniewicz-R\u0105pca, 2023 r., \u017ar\u00f3d\u0142o: MWKZ.<\/figcaption><\/figure>\n\n\n\n<figure class=\"wp-block-image size-large\"><a href=\"http:\/\/lapidarium.fundacja-hereditas.pl\/wp-content\/uploads\/2024\/07\/E_Dziedziniewicz-Rapca_Warszawa_Kaliska_15_klatka_od_Sekocinskiej_pierwsze_pietro_widok_z_gory-scaled.jpg\"><img loading=\"lazy\" decoding=\"async\" width=\"1024\" height=\"776\" data-id=\"26661\" src=\"http:\/\/lapidarium.fundacja-hereditas.pl\/wp-content\/uploads\/2024\/07\/E_Dziedziniewicz-Rapca_Warszawa_Kaliska_15_klatka_od_Sekocinskiej_pierwsze_pietro_widok_z_gory-1024x776.jpg\" alt=\"\" class=\"wp-image-26661\" srcset=\"http:\/\/lapidarium.fundacja-hereditas.pl\/wp-content\/uploads\/2024\/07\/E_Dziedziniewicz-Rapca_Warszawa_Kaliska_15_klatka_od_Sekocinskiej_pierwsze_pietro_widok_z_gory-1024x776.jpg 1024w, http:\/\/lapidarium.fundacja-hereditas.pl\/wp-content\/uploads\/2024\/07\/E_Dziedziniewicz-Rapca_Warszawa_Kaliska_15_klatka_od_Sekocinskiej_pierwsze_pietro_widok_z_gory-300x227.jpg 300w, http:\/\/lapidarium.fundacja-hereditas.pl\/wp-content\/uploads\/2024\/07\/E_Dziedziniewicz-Rapca_Warszawa_Kaliska_15_klatka_od_Sekocinskiej_pierwsze_pietro_widok_z_gory-768x582.jpg 768w, http:\/\/lapidarium.fundacja-hereditas.pl\/wp-content\/uploads\/2024\/07\/E_Dziedziniewicz-Rapca_Warszawa_Kaliska_15_klatka_od_Sekocinskiej_pierwsze_pietro_widok_z_gory-1536x1164.jpg 1536w, http:\/\/lapidarium.fundacja-hereditas.pl\/wp-content\/uploads\/2024\/07\/E_Dziedziniewicz-Rapca_Warszawa_Kaliska_15_klatka_od_Sekocinskiej_pierwsze_pietro_widok_z_gory-2048x1551.jpg 2048w, http:\/\/lapidarium.fundacja-hereditas.pl\/wp-content\/uploads\/2024\/07\/E_Dziedziniewicz-Rapca_Warszawa_Kaliska_15_klatka_od_Sekocinskiej_pierwsze_pietro_widok_z_gory-150x114.jpg 150w, http:\/\/lapidarium.fundacja-hereditas.pl\/wp-content\/uploads\/2024\/07\/E_Dziedziniewicz-Rapca_Warszawa_Kaliska_15_klatka_od_Sekocinskiej_pierwsze_pietro_widok_z_gory-696x527.jpg 696w, http:\/\/lapidarium.fundacja-hereditas.pl\/wp-content\/uploads\/2024\/07\/E_Dziedziniewicz-Rapca_Warszawa_Kaliska_15_klatka_od_Sekocinskiej_pierwsze_pietro_widok_z_gory-1068x809.jpg 1068w, http:\/\/lapidarium.fundacja-hereditas.pl\/wp-content\/uploads\/2024\/07\/E_Dziedziniewicz-Rapca_Warszawa_Kaliska_15_klatka_od_Sekocinskiej_pierwsze_pietro_widok_z_gory-1920x1454.jpg 1920w\" sizes=\"auto, (max-width: 1024px) 100vw, 1024px\" \/><\/a><figcaption class=\"wp-element-caption\">Klatka od ul. S\u0119koci\u0144skiej. Zakr\u0119t balustrady na I-szym pi\u0119trze. Fot. Ewa Dziedziniewicz-R\u0105pca, 2023 r., \u017ar\u00f3d\u0142o: MWKZ.<\/figcaption><\/figure>\n\n\n\n<figure class=\"wp-block-image size-large\"><a href=\"http:\/\/lapidarium.fundacja-hereditas.pl\/wp-content\/uploads\/2024\/07\/E_Dziedziniewicz-Rapca_Warszawa_Kaliska_15_klatka_od_Sekocinskiej_schody_sufit-scaled.jpg\"><img loading=\"lazy\" decoding=\"async\" width=\"1024\" height=\"780\" data-id=\"26666\" src=\"http:\/\/lapidarium.fundacja-hereditas.pl\/wp-content\/uploads\/2024\/07\/E_Dziedziniewicz-Rapca_Warszawa_Kaliska_15_klatka_od_Sekocinskiej_schody_sufit-1024x780.jpg\" alt=\"\" class=\"wp-image-26666\" srcset=\"http:\/\/lapidarium.fundacja-hereditas.pl\/wp-content\/uploads\/2024\/07\/E_Dziedziniewicz-Rapca_Warszawa_Kaliska_15_klatka_od_Sekocinskiej_schody_sufit-1024x780.jpg 1024w, http:\/\/lapidarium.fundacja-hereditas.pl\/wp-content\/uploads\/2024\/07\/E_Dziedziniewicz-Rapca_Warszawa_Kaliska_15_klatka_od_Sekocinskiej_schody_sufit-300x228.jpg 300w, http:\/\/lapidarium.fundacja-hereditas.pl\/wp-content\/uploads\/2024\/07\/E_Dziedziniewicz-Rapca_Warszawa_Kaliska_15_klatka_od_Sekocinskiej_schody_sufit-768x585.jpg 768w, http:\/\/lapidarium.fundacja-hereditas.pl\/wp-content\/uploads\/2024\/07\/E_Dziedziniewicz-Rapca_Warszawa_Kaliska_15_klatka_od_Sekocinskiej_schody_sufit-1536x1170.jpg 1536w, http:\/\/lapidarium.fundacja-hereditas.pl\/wp-content\/uploads\/2024\/07\/E_Dziedziniewicz-Rapca_Warszawa_Kaliska_15_klatka_od_Sekocinskiej_schody_sufit-2048x1560.jpg 2048w, http:\/\/lapidarium.fundacja-hereditas.pl\/wp-content\/uploads\/2024\/07\/E_Dziedziniewicz-Rapca_Warszawa_Kaliska_15_klatka_od_Sekocinskiej_schody_sufit-150x114.jpg 150w, http:\/\/lapidarium.fundacja-hereditas.pl\/wp-content\/uploads\/2024\/07\/E_Dziedziniewicz-Rapca_Warszawa_Kaliska_15_klatka_od_Sekocinskiej_schody_sufit-696x530.jpg 696w, http:\/\/lapidarium.fundacja-hereditas.pl\/wp-content\/uploads\/2024\/07\/E_Dziedziniewicz-Rapca_Warszawa_Kaliska_15_klatka_od_Sekocinskiej_schody_sufit-1068x813.jpg 1068w, http:\/\/lapidarium.fundacja-hereditas.pl\/wp-content\/uploads\/2024\/07\/E_Dziedziniewicz-Rapca_Warszawa_Kaliska_15_klatka_od_Sekocinskiej_schody_sufit-1920x1462.jpg 1920w\" sizes=\"auto, (max-width: 1024px) 100vw, 1024px\" \/><\/a><figcaption class=\"wp-element-caption\">Klatka od ul. S\u0119koci\u0144skiej. Widok z pi\u0119tra na spocznik. Fot. Ewa Dziedziniewicz-R\u0105pca, 2023 r., \u017ar\u00f3d\u0142o: MWKZ.<\/figcaption><\/figure>\n\n\n\n<figure class=\"wp-block-image size-large\"><a href=\"http:\/\/lapidarium.fundacja-hereditas.pl\/wp-content\/uploads\/2024\/07\/E_Dziedziniewicz-Rapca_Warszawa_Kaliska_15_klatka_od_Sekocinskiej_pierwsze_pietro_polpietro_posadzka-scaled.jpg\"><img loading=\"lazy\" decoding=\"async\" width=\"1024\" height=\"776\" data-id=\"26655\" src=\"http:\/\/lapidarium.fundacja-hereditas.pl\/wp-content\/uploads\/2024\/07\/E_Dziedziniewicz-Rapca_Warszawa_Kaliska_15_klatka_od_Sekocinskiej_pierwsze_pietro_polpietro_posadzka-1024x776.jpg\" alt=\"\" class=\"wp-image-26655\" srcset=\"http:\/\/lapidarium.fundacja-hereditas.pl\/wp-content\/uploads\/2024\/07\/E_Dziedziniewicz-Rapca_Warszawa_Kaliska_15_klatka_od_Sekocinskiej_pierwsze_pietro_polpietro_posadzka-1024x776.jpg 1024w, http:\/\/lapidarium.fundacja-hereditas.pl\/wp-content\/uploads\/2024\/07\/E_Dziedziniewicz-Rapca_Warszawa_Kaliska_15_klatka_od_Sekocinskiej_pierwsze_pietro_polpietro_posadzka-300x227.jpg 300w, http:\/\/lapidarium.fundacja-hereditas.pl\/wp-content\/uploads\/2024\/07\/E_Dziedziniewicz-Rapca_Warszawa_Kaliska_15_klatka_od_Sekocinskiej_pierwsze_pietro_polpietro_posadzka-768x582.jpg 768w, http:\/\/lapidarium.fundacja-hereditas.pl\/wp-content\/uploads\/2024\/07\/E_Dziedziniewicz-Rapca_Warszawa_Kaliska_15_klatka_od_Sekocinskiej_pierwsze_pietro_polpietro_posadzka-1536x1164.jpg 1536w, http:\/\/lapidarium.fundacja-hereditas.pl\/wp-content\/uploads\/2024\/07\/E_Dziedziniewicz-Rapca_Warszawa_Kaliska_15_klatka_od_Sekocinskiej_pierwsze_pietro_polpietro_posadzka-2048x1552.jpg 2048w, http:\/\/lapidarium.fundacja-hereditas.pl\/wp-content\/uploads\/2024\/07\/E_Dziedziniewicz-Rapca_Warszawa_Kaliska_15_klatka_od_Sekocinskiej_pierwsze_pietro_polpietro_posadzka-150x114.jpg 150w, http:\/\/lapidarium.fundacja-hereditas.pl\/wp-content\/uploads\/2024\/07\/E_Dziedziniewicz-Rapca_Warszawa_Kaliska_15_klatka_od_Sekocinskiej_pierwsze_pietro_polpietro_posadzka-696x527.jpg 696w, http:\/\/lapidarium.fundacja-hereditas.pl\/wp-content\/uploads\/2024\/07\/E_Dziedziniewicz-Rapca_Warszawa_Kaliska_15_klatka_od_Sekocinskiej_pierwsze_pietro_polpietro_posadzka-1068x809.jpg 1068w, http:\/\/lapidarium.fundacja-hereditas.pl\/wp-content\/uploads\/2024\/07\/E_Dziedziniewicz-Rapca_Warszawa_Kaliska_15_klatka_od_Sekocinskiej_pierwsze_pietro_polpietro_posadzka-1920x1455.jpg 1920w\" sizes=\"auto, (max-width: 1024px) 100vw, 1024px\" \/><\/a><figcaption class=\"wp-element-caption\">Klatka od ul. S\u0119koci\u0144skiej. Posadzka spocznika. Fot. Ewa Dziedziniewicz-R\u0105pca, 2023 r., \u017ar\u00f3d\u0142o: MWKZ.<\/figcaption><\/figure>\n\n\n\n<figure class=\"wp-block-image size-large\"><a href=\"http:\/\/lapidarium.fundacja-hereditas.pl\/wp-content\/uploads\/2024\/07\/E_Dziedziniewicz-Rapca_Warszawa_Kaliska_15_klatka_od_Sekocinskiej_pierwsze_pietro_polpietro_schody-scaled.jpg\"><img loading=\"lazy\" decoding=\"async\" width=\"787\" height=\"1024\" data-id=\"26656\" src=\"http:\/\/lapidarium.fundacja-hereditas.pl\/wp-content\/uploads\/2024\/07\/E_Dziedziniewicz-Rapca_Warszawa_Kaliska_15_klatka_od_Sekocinskiej_pierwsze_pietro_polpietro_schody-787x1024.jpg\" alt=\"\" class=\"wp-image-26656\" srcset=\"http:\/\/lapidarium.fundacja-hereditas.pl\/wp-content\/uploads\/2024\/07\/E_Dziedziniewicz-Rapca_Warszawa_Kaliska_15_klatka_od_Sekocinskiej_pierwsze_pietro_polpietro_schody-787x1024.jpg 787w, http:\/\/lapidarium.fundacja-hereditas.pl\/wp-content\/uploads\/2024\/07\/E_Dziedziniewicz-Rapca_Warszawa_Kaliska_15_klatka_od_Sekocinskiej_pierwsze_pietro_polpietro_schody-231x300.jpg 231w, http:\/\/lapidarium.fundacja-hereditas.pl\/wp-content\/uploads\/2024\/07\/E_Dziedziniewicz-Rapca_Warszawa_Kaliska_15_klatka_od_Sekocinskiej_pierwsze_pietro_polpietro_schody-768x999.jpg 768w, http:\/\/lapidarium.fundacja-hereditas.pl\/wp-content\/uploads\/2024\/07\/E_Dziedziniewicz-Rapca_Warszawa_Kaliska_15_klatka_od_Sekocinskiej_pierwsze_pietro_polpietro_schody-1181x1536.jpg 1181w, http:\/\/lapidarium.fundacja-hereditas.pl\/wp-content\/uploads\/2024\/07\/E_Dziedziniewicz-Rapca_Warszawa_Kaliska_15_klatka_od_Sekocinskiej_pierwsze_pietro_polpietro_schody-scaled.jpg 1969w\" sizes=\"auto, (max-width: 787px) 100vw, 787px\" \/><\/a><figcaption class=\"wp-element-caption\">Klatka od ul. S\u0119koci\u0144skiej. Zakr\u0119t balustrady na spoczniku. Fot. Ewa Dziedziniewicz-R\u0105pca, 2023 r., \u017ar\u00f3d\u0142o: MWKZ.<\/figcaption><\/figure>\n\n\n\n<figure class=\"wp-block-image size-large\"><a href=\"http:\/\/lapidarium.fundacja-hereditas.pl\/wp-content\/uploads\/2024\/07\/E_Dziedziniewicz-Rapca_Warszawa_Kaliska_15_klatka_od_Sekocinskiej_pierwsze_pietro_schody-scaled.jpg\"><img loading=\"lazy\" decoding=\"async\" width=\"779\" height=\"1024\" data-id=\"26658\" src=\"http:\/\/lapidarium.fundacja-hereditas.pl\/wp-content\/uploads\/2024\/07\/E_Dziedziniewicz-Rapca_Warszawa_Kaliska_15_klatka_od_Sekocinskiej_pierwsze_pietro_schody-779x1024.jpg\" alt=\"\" class=\"wp-image-26658\" srcset=\"http:\/\/lapidarium.fundacja-hereditas.pl\/wp-content\/uploads\/2024\/07\/E_Dziedziniewicz-Rapca_Warszawa_Kaliska_15_klatka_od_Sekocinskiej_pierwsze_pietro_schody-779x1024.jpg 779w, http:\/\/lapidarium.fundacja-hereditas.pl\/wp-content\/uploads\/2024\/07\/E_Dziedziniewicz-Rapca_Warszawa_Kaliska_15_klatka_od_Sekocinskiej_pierwsze_pietro_schody-228x300.jpg 228w, http:\/\/lapidarium.fundacja-hereditas.pl\/wp-content\/uploads\/2024\/07\/E_Dziedziniewicz-Rapca_Warszawa_Kaliska_15_klatka_od_Sekocinskiej_pierwsze_pietro_schody-768x1010.jpg 768w, http:\/\/lapidarium.fundacja-hereditas.pl\/wp-content\/uploads\/2024\/07\/E_Dziedziniewicz-Rapca_Warszawa_Kaliska_15_klatka_od_Sekocinskiej_pierwsze_pietro_schody-1168x1536.jpg 1168w, http:\/\/lapidarium.fundacja-hereditas.pl\/wp-content\/uploads\/2024\/07\/E_Dziedziniewicz-Rapca_Warszawa_Kaliska_15_klatka_od_Sekocinskiej_pierwsze_pietro_schody-1557x2048.jpg 1557w, http:\/\/lapidarium.fundacja-hereditas.pl\/wp-content\/uploads\/2024\/07\/E_Dziedziniewicz-Rapca_Warszawa_Kaliska_15_klatka_od_Sekocinskiej_pierwsze_pietro_schody-150x197.jpg 150w, http:\/\/lapidarium.fundacja-hereditas.pl\/wp-content\/uploads\/2024\/07\/E_Dziedziniewicz-Rapca_Warszawa_Kaliska_15_klatka_od_Sekocinskiej_pierwsze_pietro_schody-300x394.jpg 300w, http:\/\/lapidarium.fundacja-hereditas.pl\/wp-content\/uploads\/2024\/07\/E_Dziedziniewicz-Rapca_Warszawa_Kaliska_15_klatka_od_Sekocinskiej_pierwsze_pietro_schody-696x915.jpg 696w, http:\/\/lapidarium.fundacja-hereditas.pl\/wp-content\/uploads\/2024\/07\/E_Dziedziniewicz-Rapca_Warszawa_Kaliska_15_klatka_od_Sekocinskiej_pierwsze_pietro_schody-1068x1404.jpg 1068w, http:\/\/lapidarium.fundacja-hereditas.pl\/wp-content\/uploads\/2024\/07\/E_Dziedziniewicz-Rapca_Warszawa_Kaliska_15_klatka_od_Sekocinskiej_pierwsze_pietro_schody-1920x2525.jpg 1920w, http:\/\/lapidarium.fundacja-hereditas.pl\/wp-content\/uploads\/2024\/07\/E_Dziedziniewicz-Rapca_Warszawa_Kaliska_15_klatka_od_Sekocinskiej_pierwsze_pietro_schody-scaled.jpg 1947w\" sizes=\"auto, (max-width: 779px) 100vw, 779px\" \/><\/a><figcaption class=\"wp-element-caption\">Klatka od ul. S\u0119koci\u0144skiej. Schody ze spocznika na pi\u0119tro. Fot. Ewa Dziedziniewicz-R\u0105pca, 2023 r., \u017ar\u00f3d\u0142o: MWKZ.<\/figcaption><\/figure>\n\n\n\n<figure class=\"wp-block-image size-large\"><a href=\"http:\/\/lapidarium.fundacja-hereditas.pl\/wp-content\/uploads\/2024\/07\/E_Dziedziniewicz-Rapca_Warszawa_Kaliska_15_klatka_od_Sekocinskiej_pierwsze_pietro_schody_A-scaled.jpg\"><img loading=\"lazy\" decoding=\"async\" width=\"785\" height=\"1024\" data-id=\"26659\" src=\"http:\/\/lapidarium.fundacja-hereditas.pl\/wp-content\/uploads\/2024\/07\/E_Dziedziniewicz-Rapca_Warszawa_Kaliska_15_klatka_od_Sekocinskiej_pierwsze_pietro_schody_A-785x1024.jpg\" alt=\"\" class=\"wp-image-26659\" srcset=\"http:\/\/lapidarium.fundacja-hereditas.pl\/wp-content\/uploads\/2024\/07\/E_Dziedziniewicz-Rapca_Warszawa_Kaliska_15_klatka_od_Sekocinskiej_pierwsze_pietro_schody_A-785x1024.jpg 785w, http:\/\/lapidarium.fundacja-hereditas.pl\/wp-content\/uploads\/2024\/07\/E_Dziedziniewicz-Rapca_Warszawa_Kaliska_15_klatka_od_Sekocinskiej_pierwsze_pietro_schody_A-230x300.jpg 230w, http:\/\/lapidarium.fundacja-hereditas.pl\/wp-content\/uploads\/2024\/07\/E_Dziedziniewicz-Rapca_Warszawa_Kaliska_15_klatka_od_Sekocinskiej_pierwsze_pietro_schody_A-768x1002.jpg 768w, http:\/\/lapidarium.fundacja-hereditas.pl\/wp-content\/uploads\/2024\/07\/E_Dziedziniewicz-Rapca_Warszawa_Kaliska_15_klatka_od_Sekocinskiej_pierwsze_pietro_schody_A-1177x1536.jpg 1177w, http:\/\/lapidarium.fundacja-hereditas.pl\/wp-content\/uploads\/2024\/07\/E_Dziedziniewicz-Rapca_Warszawa_Kaliska_15_klatka_od_Sekocinskiej_pierwsze_pietro_schody_A-1569x2048.jpg 1569w, http:\/\/lapidarium.fundacja-hereditas.pl\/wp-content\/uploads\/2024\/07\/E_Dziedziniewicz-Rapca_Warszawa_Kaliska_15_klatka_od_Sekocinskiej_pierwsze_pietro_schody_A-150x196.jpg 150w, http:\/\/lapidarium.fundacja-hereditas.pl\/wp-content\/uploads\/2024\/07\/E_Dziedziniewicz-Rapca_Warszawa_Kaliska_15_klatka_od_Sekocinskiej_pierwsze_pietro_schody_A-300x392.jpg 300w, http:\/\/lapidarium.fundacja-hereditas.pl\/wp-content\/uploads\/2024\/07\/E_Dziedziniewicz-Rapca_Warszawa_Kaliska_15_klatka_od_Sekocinskiej_pierwsze_pietro_schody_A-696x908.jpg 696w, http:\/\/lapidarium.fundacja-hereditas.pl\/wp-content\/uploads\/2024\/07\/E_Dziedziniewicz-Rapca_Warszawa_Kaliska_15_klatka_od_Sekocinskiej_pierwsze_pietro_schody_A-1068x1394.jpg 1068w, http:\/\/lapidarium.fundacja-hereditas.pl\/wp-content\/uploads\/2024\/07\/E_Dziedziniewicz-Rapca_Warszawa_Kaliska_15_klatka_od_Sekocinskiej_pierwsze_pietro_schody_A-1920x2506.jpg 1920w, http:\/\/lapidarium.fundacja-hereditas.pl\/wp-content\/uploads\/2024\/07\/E_Dziedziniewicz-Rapca_Warszawa_Kaliska_15_klatka_od_Sekocinskiej_pierwsze_pietro_schody_A-scaled.jpg 1962w\" sizes=\"auto, (max-width: 785px) 100vw, 785px\" \/><\/a><figcaption class=\"wp-element-caption\">Klatka od ul. S\u0119koci\u0144skiej. Schody ze spocznika na pi\u0119tro. Fot. Ewa Dziedziniewicz-R\u0105pca, 2023 r., \u017ar\u00f3d\u0142o: MWKZ.<\/figcaption><\/figure>\n\n\n\n<figure class=\"wp-block-image size-large\"><a href=\"http:\/\/lapidarium.fundacja-hereditas.pl\/wp-content\/uploads\/2024\/07\/E_Dziedziniewicz-Rapca_Warszawa_Kaliska_15_klatka_od_Sekocinskiej_pierwsze_pietro_element_balustrady-scaled.jpg\"><img loading=\"lazy\" decoding=\"async\" width=\"779\" height=\"1024\" data-id=\"26651\" src=\"http:\/\/lapidarium.fundacja-hereditas.pl\/wp-content\/uploads\/2024\/07\/E_Dziedziniewicz-Rapca_Warszawa_Kaliska_15_klatka_od_Sekocinskiej_pierwsze_pietro_element_balustrady-779x1024.jpg\" alt=\"\" class=\"wp-image-26651\" srcset=\"http:\/\/lapidarium.fundacja-hereditas.pl\/wp-content\/uploads\/2024\/07\/E_Dziedziniewicz-Rapca_Warszawa_Kaliska_15_klatka_od_Sekocinskiej_pierwsze_pietro_element_balustrady-779x1024.jpg 779w, http:\/\/lapidarium.fundacja-hereditas.pl\/wp-content\/uploads\/2024\/07\/E_Dziedziniewicz-Rapca_Warszawa_Kaliska_15_klatka_od_Sekocinskiej_pierwsze_pietro_element_balustrady-228x300.jpg 228w, http:\/\/lapidarium.fundacja-hereditas.pl\/wp-content\/uploads\/2024\/07\/E_Dziedziniewicz-Rapca_Warszawa_Kaliska_15_klatka_od_Sekocinskiej_pierwsze_pietro_element_balustrady-768x1009.jpg 768w, http:\/\/lapidarium.fundacja-hereditas.pl\/wp-content\/uploads\/2024\/07\/E_Dziedziniewicz-Rapca_Warszawa_Kaliska_15_klatka_od_Sekocinskiej_pierwsze_pietro_element_balustrady-1169x1536.jpg 1169w, http:\/\/lapidarium.fundacja-hereditas.pl\/wp-content\/uploads\/2024\/07\/E_Dziedziniewicz-Rapca_Warszawa_Kaliska_15_klatka_od_Sekocinskiej_pierwsze_pietro_element_balustrady-1558x2048.jpg 1558w, http:\/\/lapidarium.fundacja-hereditas.pl\/wp-content\/uploads\/2024\/07\/E_Dziedziniewicz-Rapca_Warszawa_Kaliska_15_klatka_od_Sekocinskiej_pierwsze_pietro_element_balustrady-150x197.jpg 150w, http:\/\/lapidarium.fundacja-hereditas.pl\/wp-content\/uploads\/2024\/07\/E_Dziedziniewicz-Rapca_Warszawa_Kaliska_15_klatka_od_Sekocinskiej_pierwsze_pietro_element_balustrady-300x394.jpg 300w, http:\/\/lapidarium.fundacja-hereditas.pl\/wp-content\/uploads\/2024\/07\/E_Dziedziniewicz-Rapca_Warszawa_Kaliska_15_klatka_od_Sekocinskiej_pierwsze_pietro_element_balustrady-696x915.jpg 696w, http:\/\/lapidarium.fundacja-hereditas.pl\/wp-content\/uploads\/2024\/07\/E_Dziedziniewicz-Rapca_Warszawa_Kaliska_15_klatka_od_Sekocinskiej_pierwsze_pietro_element_balustrady-1068x1403.jpg 1068w, http:\/\/lapidarium.fundacja-hereditas.pl\/wp-content\/uploads\/2024\/07\/E_Dziedziniewicz-Rapca_Warszawa_Kaliska_15_klatka_od_Sekocinskiej_pierwsze_pietro_element_balustrady-1920x2523.jpg 1920w, http:\/\/lapidarium.fundacja-hereditas.pl\/wp-content\/uploads\/2024\/07\/E_Dziedziniewicz-Rapca_Warszawa_Kaliska_15_klatka_od_Sekocinskiej_pierwsze_pietro_element_balustrady-scaled.jpg 1948w\" sizes=\"auto, (max-width: 779px) 100vw, 779px\" \/><\/a><figcaption class=\"wp-element-caption\">Klatka od ul. S\u0119koci\u0144skiej. Balustrada. Fot. Ewa Dziedziniewicz-R\u0105pca, 2023 r., \u017ar\u00f3d\u0142o: MWKZ.<\/figcaption><\/figure>\n\n\n\n<figure class=\"wp-block-image size-large\"><a href=\"http:\/\/lapidarium.fundacja-hereditas.pl\/wp-content\/uploads\/2024\/07\/E_Dziedziniewicz-Rapca_Warszawa_Kaliska_15_klatka_od_Sekocinskiej_pierwsze_pietro_polpietro-scaled.jpg\"><img loading=\"lazy\" decoding=\"async\" width=\"1024\" height=\"779\" data-id=\"26654\" src=\"http:\/\/lapidarium.fundacja-hereditas.pl\/wp-content\/uploads\/2024\/07\/E_Dziedziniewicz-Rapca_Warszawa_Kaliska_15_klatka_od_Sekocinskiej_pierwsze_pietro_polpietro-1024x779.jpg\" alt=\"\" class=\"wp-image-26654\" srcset=\"http:\/\/lapidarium.fundacja-hereditas.pl\/wp-content\/uploads\/2024\/07\/E_Dziedziniewicz-Rapca_Warszawa_Kaliska_15_klatka_od_Sekocinskiej_pierwsze_pietro_polpietro-1024x779.jpg 1024w, http:\/\/lapidarium.fundacja-hereditas.pl\/wp-content\/uploads\/2024\/07\/E_Dziedziniewicz-Rapca_Warszawa_Kaliska_15_klatka_od_Sekocinskiej_pierwsze_pietro_polpietro-300x228.jpg 300w, http:\/\/lapidarium.fundacja-hereditas.pl\/wp-content\/uploads\/2024\/07\/E_Dziedziniewicz-Rapca_Warszawa_Kaliska_15_klatka_od_Sekocinskiej_pierwsze_pietro_polpietro-768x584.jpg 768w, http:\/\/lapidarium.fundacja-hereditas.pl\/wp-content\/uploads\/2024\/07\/E_Dziedziniewicz-Rapca_Warszawa_Kaliska_15_klatka_od_Sekocinskiej_pierwsze_pietro_polpietro-1536x1168.jpg 1536w, http:\/\/lapidarium.fundacja-hereditas.pl\/wp-content\/uploads\/2024\/07\/E_Dziedziniewicz-Rapca_Warszawa_Kaliska_15_klatka_od_Sekocinskiej_pierwsze_pietro_polpietro-2048x1558.jpg 2048w, http:\/\/lapidarium.fundacja-hereditas.pl\/wp-content\/uploads\/2024\/07\/E_Dziedziniewicz-Rapca_Warszawa_Kaliska_15_klatka_od_Sekocinskiej_pierwsze_pietro_polpietro-150x114.jpg 150w, http:\/\/lapidarium.fundacja-hereditas.pl\/wp-content\/uploads\/2024\/07\/E_Dziedziniewicz-Rapca_Warszawa_Kaliska_15_klatka_od_Sekocinskiej_pierwsze_pietro_polpietro-696x529.jpg 696w, http:\/\/lapidarium.fundacja-hereditas.pl\/wp-content\/uploads\/2024\/07\/E_Dziedziniewicz-Rapca_Warszawa_Kaliska_15_klatka_od_Sekocinskiej_pierwsze_pietro_polpietro-1068x812.jpg 1068w, http:\/\/lapidarium.fundacja-hereditas.pl\/wp-content\/uploads\/2024\/07\/E_Dziedziniewicz-Rapca_Warszawa_Kaliska_15_klatka_od_Sekocinskiej_pierwsze_pietro_polpietro-1920x1460.jpg 1920w\" sizes=\"auto, (max-width: 1024px) 100vw, 1024px\" \/><\/a><figcaption class=\"wp-element-caption\">Klatka od ul. S\u0119koci\u0144skiej. Schody na spocznik. Fot. Ewa Dziedziniewicz-R\u0105pca, 2023 r., \u017ar\u00f3d\u0142o: MWKZ.<\/figcaption><\/figure>\n\n\n\n<figure class=\"wp-block-image size-large\"><a href=\"http:\/\/lapidarium.fundacja-hereditas.pl\/wp-content\/uploads\/2024\/07\/E_Dziedziniewicz-Rapca_Warszawa_Kaliska_15_klatka_od_Sekocinskiej_drugie_pietro_polpietro_skosem-scaled.jpg\"><img loading=\"lazy\" decoding=\"async\" width=\"1024\" height=\"784\" data-id=\"26642\" src=\"http:\/\/lapidarium.fundacja-hereditas.pl\/wp-content\/uploads\/2024\/07\/E_Dziedziniewicz-Rapca_Warszawa_Kaliska_15_klatka_od_Sekocinskiej_drugie_pietro_polpietro_skosem-1024x784.jpg\" alt=\"\" class=\"wp-image-26642\" srcset=\"http:\/\/lapidarium.fundacja-hereditas.pl\/wp-content\/uploads\/2024\/07\/E_Dziedziniewicz-Rapca_Warszawa_Kaliska_15_klatka_od_Sekocinskiej_drugie_pietro_polpietro_skosem-1024x784.jpg 1024w, http:\/\/lapidarium.fundacja-hereditas.pl\/wp-content\/uploads\/2024\/07\/E_Dziedziniewicz-Rapca_Warszawa_Kaliska_15_klatka_od_Sekocinskiej_drugie_pietro_polpietro_skosem-300x230.jpg 300w, http:\/\/lapidarium.fundacja-hereditas.pl\/wp-content\/uploads\/2024\/07\/E_Dziedziniewicz-Rapca_Warszawa_Kaliska_15_klatka_od_Sekocinskiej_drugie_pietro_polpietro_skosem-768x588.jpg 768w, http:\/\/lapidarium.fundacja-hereditas.pl\/wp-content\/uploads\/2024\/07\/E_Dziedziniewicz-Rapca_Warszawa_Kaliska_15_klatka_od_Sekocinskiej_drugie_pietro_polpietro_skosem-1536x1176.jpg 1536w, http:\/\/lapidarium.fundacja-hereditas.pl\/wp-content\/uploads\/2024\/07\/E_Dziedziniewicz-Rapca_Warszawa_Kaliska_15_klatka_od_Sekocinskiej_drugie_pietro_polpietro_skosem-2048x1568.jpg 2048w, http:\/\/lapidarium.fundacja-hereditas.pl\/wp-content\/uploads\/2024\/07\/E_Dziedziniewicz-Rapca_Warszawa_Kaliska_15_klatka_od_Sekocinskiej_drugie_pietro_polpietro_skosem-150x115.jpg 150w, http:\/\/lapidarium.fundacja-hereditas.pl\/wp-content\/uploads\/2024\/07\/E_Dziedziniewicz-Rapca_Warszawa_Kaliska_15_klatka_od_Sekocinskiej_drugie_pietro_polpietro_skosem-696x533.jpg 696w, http:\/\/lapidarium.fundacja-hereditas.pl\/wp-content\/uploads\/2024\/07\/E_Dziedziniewicz-Rapca_Warszawa_Kaliska_15_klatka_od_Sekocinskiej_drugie_pietro_polpietro_skosem-1068x818.jpg 1068w, http:\/\/lapidarium.fundacja-hereditas.pl\/wp-content\/uploads\/2024\/07\/E_Dziedziniewicz-Rapca_Warszawa_Kaliska_15_klatka_od_Sekocinskiej_drugie_pietro_polpietro_skosem-1920x1470.jpg 1920w\" sizes=\"auto, (max-width: 1024px) 100vw, 1024px\" \/><\/a><figcaption class=\"wp-element-caption\">Klatka od ul. S\u0119koci\u0144skiej. Zakr\u0119t balustrady na spoczniku. Fot. Ewa Dziedziniewicz-R\u0105pca, 2023 r., \u017ar\u00f3d\u0142o: MWKZ.<\/figcaption><\/figure>\n\n\n\n<figure class=\"wp-block-image size-large\"><a href=\"http:\/\/lapidarium.fundacja-hereditas.pl\/wp-content\/uploads\/2024\/07\/E_Dziedziniewicz-Rapca_Warszawa_Kaliska_15_klatka_od_Sekocinskiej_drugie_pietro_polpietro_posadzka_detal-scaled.jpg\"><img loading=\"lazy\" decoding=\"async\" width=\"1024\" height=\"750\" data-id=\"26641\" src=\"http:\/\/lapidarium.fundacja-hereditas.pl\/wp-content\/uploads\/2024\/07\/E_Dziedziniewicz-Rapca_Warszawa_Kaliska_15_klatka_od_Sekocinskiej_drugie_pietro_polpietro_posadzka_detal-1024x750.jpg\" alt=\"\" class=\"wp-image-26641\" srcset=\"http:\/\/lapidarium.fundacja-hereditas.pl\/wp-content\/uploads\/2024\/07\/E_Dziedziniewicz-Rapca_Warszawa_Kaliska_15_klatka_od_Sekocinskiej_drugie_pietro_polpietro_posadzka_detal-1024x750.jpg 1024w, http:\/\/lapidarium.fundacja-hereditas.pl\/wp-content\/uploads\/2024\/07\/E_Dziedziniewicz-Rapca_Warszawa_Kaliska_15_klatka_od_Sekocinskiej_drugie_pietro_polpietro_posadzka_detal-300x220.jpg 300w, http:\/\/lapidarium.fundacja-hereditas.pl\/wp-content\/uploads\/2024\/07\/E_Dziedziniewicz-Rapca_Warszawa_Kaliska_15_klatka_od_Sekocinskiej_drugie_pietro_polpietro_posadzka_detal-768x562.jpg 768w, http:\/\/lapidarium.fundacja-hereditas.pl\/wp-content\/uploads\/2024\/07\/E_Dziedziniewicz-Rapca_Warszawa_Kaliska_15_klatka_od_Sekocinskiej_drugie_pietro_polpietro_posadzka_detal-1536x1125.jpg 1536w, http:\/\/lapidarium.fundacja-hereditas.pl\/wp-content\/uploads\/2024\/07\/E_Dziedziniewicz-Rapca_Warszawa_Kaliska_15_klatka_od_Sekocinskiej_drugie_pietro_polpietro_posadzka_detal-2048x1499.jpg 2048w, http:\/\/lapidarium.fundacja-hereditas.pl\/wp-content\/uploads\/2024\/07\/E_Dziedziniewicz-Rapca_Warszawa_Kaliska_15_klatka_od_Sekocinskiej_drugie_pietro_polpietro_posadzka_detal-150x110.jpg 150w, http:\/\/lapidarium.fundacja-hereditas.pl\/wp-content\/uploads\/2024\/07\/E_Dziedziniewicz-Rapca_Warszawa_Kaliska_15_klatka_od_Sekocinskiej_drugie_pietro_polpietro_posadzka_detal-696x510.jpg 696w, http:\/\/lapidarium.fundacja-hereditas.pl\/wp-content\/uploads\/2024\/07\/E_Dziedziniewicz-Rapca_Warszawa_Kaliska_15_klatka_od_Sekocinskiej_drugie_pietro_polpietro_posadzka_detal-1068x782.jpg 1068w, http:\/\/lapidarium.fundacja-hereditas.pl\/wp-content\/uploads\/2024\/07\/E_Dziedziniewicz-Rapca_Warszawa_Kaliska_15_klatka_od_Sekocinskiej_drugie_pietro_polpietro_posadzka_detal-1920x1406.jpg 1920w\" sizes=\"auto, (max-width: 1024px) 100vw, 1024px\" \/><\/a><figcaption class=\"wp-element-caption\">Klatka od ul. S\u0119koci\u0144skiej. Posadzka na spoczniku. Fot. Ewa Dziedziniewicz-R\u0105pca, 2023 r., \u017ar\u00f3d\u0142o: MWKZ.<\/figcaption><\/figure>\n\n\n\n<figure class=\"wp-block-image size-large\"><a href=\"http:\/\/lapidarium.fundacja-hereditas.pl\/wp-content\/uploads\/2024\/07\/E_Dziedziniewicz-Rapca_Warszawa_Kaliska_15_klatka_od_Sekocinskiej_drugie_pietro_polpietro_parapet-scaled.jpg\"><img loading=\"lazy\" decoding=\"async\" width=\"775\" height=\"1024\" data-id=\"26640\" src=\"http:\/\/lapidarium.fundacja-hereditas.pl\/wp-content\/uploads\/2024\/07\/E_Dziedziniewicz-Rapca_Warszawa_Kaliska_15_klatka_od_Sekocinskiej_drugie_pietro_polpietro_parapet-775x1024.jpg\" alt=\"\" class=\"wp-image-26640\" srcset=\"http:\/\/lapidarium.fundacja-hereditas.pl\/wp-content\/uploads\/2024\/07\/E_Dziedziniewicz-Rapca_Warszawa_Kaliska_15_klatka_od_Sekocinskiej_drugie_pietro_polpietro_parapet-775x1024.jpg 775w, http:\/\/lapidarium.fundacja-hereditas.pl\/wp-content\/uploads\/2024\/07\/E_Dziedziniewicz-Rapca_Warszawa_Kaliska_15_klatka_od_Sekocinskiej_drugie_pietro_polpietro_parapet-227x300.jpg 227w, http:\/\/lapidarium.fundacja-hereditas.pl\/wp-content\/uploads\/2024\/07\/E_Dziedziniewicz-Rapca_Warszawa_Kaliska_15_klatka_od_Sekocinskiej_drugie_pietro_polpietro_parapet-768x1015.jpg 768w, http:\/\/lapidarium.fundacja-hereditas.pl\/wp-content\/uploads\/2024\/07\/E_Dziedziniewicz-Rapca_Warszawa_Kaliska_15_klatka_od_Sekocinskiej_drugie_pietro_polpietro_parapet-1163x1536.jpg 1163w, http:\/\/lapidarium.fundacja-hereditas.pl\/wp-content\/uploads\/2024\/07\/E_Dziedziniewicz-Rapca_Warszawa_Kaliska_15_klatka_od_Sekocinskiej_drugie_pietro_polpietro_parapet-1550x2048.jpg 1550w, http:\/\/lapidarium.fundacja-hereditas.pl\/wp-content\/uploads\/2024\/07\/E_Dziedziniewicz-Rapca_Warszawa_Kaliska_15_klatka_od_Sekocinskiej_drugie_pietro_polpietro_parapet-150x198.jpg 150w, http:\/\/lapidarium.fundacja-hereditas.pl\/wp-content\/uploads\/2024\/07\/E_Dziedziniewicz-Rapca_Warszawa_Kaliska_15_klatka_od_Sekocinskiej_drugie_pietro_polpietro_parapet-300x396.jpg 300w, http:\/\/lapidarium.fundacja-hereditas.pl\/wp-content\/uploads\/2024\/07\/E_Dziedziniewicz-Rapca_Warszawa_Kaliska_15_klatka_od_Sekocinskiej_drugie_pietro_polpietro_parapet-696x919.jpg 696w, http:\/\/lapidarium.fundacja-hereditas.pl\/wp-content\/uploads\/2024\/07\/E_Dziedziniewicz-Rapca_Warszawa_Kaliska_15_klatka_od_Sekocinskiej_drugie_pietro_polpietro_parapet-1068x1411.jpg 1068w, http:\/\/lapidarium.fundacja-hereditas.pl\/wp-content\/uploads\/2024\/07\/E_Dziedziniewicz-Rapca_Warszawa_Kaliska_15_klatka_od_Sekocinskiej_drugie_pietro_polpietro_parapet-1920x2536.jpg 1920w, http:\/\/lapidarium.fundacja-hereditas.pl\/wp-content\/uploads\/2024\/07\/E_Dziedziniewicz-Rapca_Warszawa_Kaliska_15_klatka_od_Sekocinskiej_drugie_pietro_polpietro_parapet-scaled.jpg 1938w\" sizes=\"auto, (max-width: 775px) 100vw, 775px\" \/><\/a><figcaption class=\"wp-element-caption\">Klatka od ul. S\u0119koci\u0144skiej. Spocznik &#8211; parapet nad kaloryferem. Fot. Ewa Dziedziniewicz-R\u0105pca, 2023 r., \u017ar\u00f3d\u0142o: MWKZ.<\/figcaption><\/figure>\n\n\n\n<figure class=\"wp-block-image size-large\"><a href=\"http:\/\/lapidarium.fundacja-hereditas.pl\/wp-content\/uploads\/2024\/07\/E_Dziedziniewicz-Rapca_Warszawa_Kaliska_15_klatka_od_Sekocinskiej_trzecie_pietro_dzrwi-scaled.jpg\"><img loading=\"lazy\" decoding=\"async\" width=\"762\" height=\"1024\" data-id=\"26673\" src=\"http:\/\/lapidarium.fundacja-hereditas.pl\/wp-content\/uploads\/2024\/07\/E_Dziedziniewicz-Rapca_Warszawa_Kaliska_15_klatka_od_Sekocinskiej_trzecie_pietro_dzrwi-762x1024.jpg\" alt=\"\" class=\"wp-image-26673\" srcset=\"http:\/\/lapidarium.fundacja-hereditas.pl\/wp-content\/uploads\/2024\/07\/E_Dziedziniewicz-Rapca_Warszawa_Kaliska_15_klatka_od_Sekocinskiej_trzecie_pietro_dzrwi-762x1024.jpg 762w, http:\/\/lapidarium.fundacja-hereditas.pl\/wp-content\/uploads\/2024\/07\/E_Dziedziniewicz-Rapca_Warszawa_Kaliska_15_klatka_od_Sekocinskiej_trzecie_pietro_dzrwi-223x300.jpg 223w, http:\/\/lapidarium.fundacja-hereditas.pl\/wp-content\/uploads\/2024\/07\/E_Dziedziniewicz-Rapca_Warszawa_Kaliska_15_klatka_od_Sekocinskiej_trzecie_pietro_dzrwi-768x1033.jpg 768w, http:\/\/lapidarium.fundacja-hereditas.pl\/wp-content\/uploads\/2024\/07\/E_Dziedziniewicz-Rapca_Warszawa_Kaliska_15_klatka_od_Sekocinskiej_trzecie_pietro_dzrwi-1142x1536.jpg 1142w, http:\/\/lapidarium.fundacja-hereditas.pl\/wp-content\/uploads\/2024\/07\/E_Dziedziniewicz-Rapca_Warszawa_Kaliska_15_klatka_od_Sekocinskiej_trzecie_pietro_dzrwi-1523x2048.jpg 1523w, http:\/\/lapidarium.fundacja-hereditas.pl\/wp-content\/uploads\/2024\/07\/E_Dziedziniewicz-Rapca_Warszawa_Kaliska_15_klatka_od_Sekocinskiej_trzecie_pietro_dzrwi-150x202.jpg 150w, http:\/\/lapidarium.fundacja-hereditas.pl\/wp-content\/uploads\/2024\/07\/E_Dziedziniewicz-Rapca_Warszawa_Kaliska_15_klatka_od_Sekocinskiej_trzecie_pietro_dzrwi-300x403.jpg 300w, http:\/\/lapidarium.fundacja-hereditas.pl\/wp-content\/uploads\/2024\/07\/E_Dziedziniewicz-Rapca_Warszawa_Kaliska_15_klatka_od_Sekocinskiej_trzecie_pietro_dzrwi-696x936.jpg 696w, http:\/\/lapidarium.fundacja-hereditas.pl\/wp-content\/uploads\/2024\/07\/E_Dziedziniewicz-Rapca_Warszawa_Kaliska_15_klatka_od_Sekocinskiej_trzecie_pietro_dzrwi-1068x1436.jpg 1068w, http:\/\/lapidarium.fundacja-hereditas.pl\/wp-content\/uploads\/2024\/07\/E_Dziedziniewicz-Rapca_Warszawa_Kaliska_15_klatka_od_Sekocinskiej_trzecie_pietro_dzrwi-1920x2582.jpg 1920w, http:\/\/lapidarium.fundacja-hereditas.pl\/wp-content\/uploads\/2024\/07\/E_Dziedziniewicz-Rapca_Warszawa_Kaliska_15_klatka_od_Sekocinskiej_trzecie_pietro_dzrwi-scaled.jpg 1904w\" sizes=\"auto, (max-width: 762px) 100vw, 762px\" \/><\/a><figcaption class=\"wp-element-caption\">Klatka od ul. S\u0119koci\u0144skiej. Drzwi do lokalu mieszkalnego. Fot. Ewa Dziedziniewicz-R\u0105pca, 2023 r., \u017ar\u00f3d\u0142o: MWKZ.<\/figcaption><\/figure>\n\n\n\n<figure class=\"wp-block-image size-large\"><a href=\"http:\/\/lapidarium.fundacja-hereditas.pl\/wp-content\/uploads\/2024\/07\/E_Dziedziniewicz-Rapca_Warszawa_Kaliska_15_klatka_od_Sekocinskiej_drugie_pietro_drzwi_B-scaled.jpg\"><img loading=\"lazy\" decoding=\"async\" width=\"779\" height=\"1024\" data-id=\"26639\" src=\"http:\/\/lapidarium.fundacja-hereditas.pl\/wp-content\/uploads\/2024\/07\/E_Dziedziniewicz-Rapca_Warszawa_Kaliska_15_klatka_od_Sekocinskiej_drugie_pietro_drzwi_B-779x1024.jpg\" alt=\"\" class=\"wp-image-26639\" srcset=\"http:\/\/lapidarium.fundacja-hereditas.pl\/wp-content\/uploads\/2024\/07\/E_Dziedziniewicz-Rapca_Warszawa_Kaliska_15_klatka_od_Sekocinskiej_drugie_pietro_drzwi_B-779x1024.jpg 779w, http:\/\/lapidarium.fundacja-hereditas.pl\/wp-content\/uploads\/2024\/07\/E_Dziedziniewicz-Rapca_Warszawa_Kaliska_15_klatka_od_Sekocinskiej_drugie_pietro_drzwi_B-228x300.jpg 228w, http:\/\/lapidarium.fundacja-hereditas.pl\/wp-content\/uploads\/2024\/07\/E_Dziedziniewicz-Rapca_Warszawa_Kaliska_15_klatka_od_Sekocinskiej_drugie_pietro_drzwi_B-768x1009.jpg 768w, http:\/\/lapidarium.fundacja-hereditas.pl\/wp-content\/uploads\/2024\/07\/E_Dziedziniewicz-Rapca_Warszawa_Kaliska_15_klatka_od_Sekocinskiej_drugie_pietro_drzwi_B-1169x1536.jpg 1169w, http:\/\/lapidarium.fundacja-hereditas.pl\/wp-content\/uploads\/2024\/07\/E_Dziedziniewicz-Rapca_Warszawa_Kaliska_15_klatka_od_Sekocinskiej_drugie_pietro_drzwi_B-1559x2048.jpg 1559w, http:\/\/lapidarium.fundacja-hereditas.pl\/wp-content\/uploads\/2024\/07\/E_Dziedziniewicz-Rapca_Warszawa_Kaliska_15_klatka_od_Sekocinskiej_drugie_pietro_drzwi_B-150x197.jpg 150w, http:\/\/lapidarium.fundacja-hereditas.pl\/wp-content\/uploads\/2024\/07\/E_Dziedziniewicz-Rapca_Warszawa_Kaliska_15_klatka_od_Sekocinskiej_drugie_pietro_drzwi_B-300x394.jpg 300w, http:\/\/lapidarium.fundacja-hereditas.pl\/wp-content\/uploads\/2024\/07\/E_Dziedziniewicz-Rapca_Warszawa_Kaliska_15_klatka_od_Sekocinskiej_drugie_pietro_drzwi_B-696x914.jpg 696w, http:\/\/lapidarium.fundacja-hereditas.pl\/wp-content\/uploads\/2024\/07\/E_Dziedziniewicz-Rapca_Warszawa_Kaliska_15_klatka_od_Sekocinskiej_drugie_pietro_drzwi_B-1068x1403.jpg 1068w, http:\/\/lapidarium.fundacja-hereditas.pl\/wp-content\/uploads\/2024\/07\/E_Dziedziniewicz-Rapca_Warszawa_Kaliska_15_klatka_od_Sekocinskiej_drugie_pietro_drzwi_B-1920x2523.jpg 1920w, http:\/\/lapidarium.fundacja-hereditas.pl\/wp-content\/uploads\/2024\/07\/E_Dziedziniewicz-Rapca_Warszawa_Kaliska_15_klatka_od_Sekocinskiej_drugie_pietro_drzwi_B-scaled.jpg 1949w\" sizes=\"auto, (max-width: 779px) 100vw, 779px\" \/><\/a><figcaption class=\"wp-element-caption\">Klatka od ul. S\u0119koci\u0144skiej. Drzwi do lokalu mieszkalnego. Fot. Ewa Dziedziniewicz-R\u0105pca, 2023 r., \u017ar\u00f3d\u0142o: MWKZ.<\/figcaption><\/figure>\n\n\n\n<figure class=\"wp-block-image size-large\"><a href=\"http:\/\/lapidarium.fundacja-hereditas.pl\/wp-content\/uploads\/2024\/07\/E_Dziedziniewicz-Rapca_Warszawa_Kaliska_15_klatka_od_Sekocinskiej_drugie_pietro_drzwi_A-scaled.jpg\"><img loading=\"lazy\" decoding=\"async\" width=\"772\" height=\"1024\" data-id=\"26638\" src=\"http:\/\/lapidarium.fundacja-hereditas.pl\/wp-content\/uploads\/2024\/07\/E_Dziedziniewicz-Rapca_Warszawa_Kaliska_15_klatka_od_Sekocinskiej_drugie_pietro_drzwi_A-772x1024.jpg\" alt=\"\" class=\"wp-image-26638\" srcset=\"http:\/\/lapidarium.fundacja-hereditas.pl\/wp-content\/uploads\/2024\/07\/E_Dziedziniewicz-Rapca_Warszawa_Kaliska_15_klatka_od_Sekocinskiej_drugie_pietro_drzwi_A-772x1024.jpg 772w, http:\/\/lapidarium.fundacja-hereditas.pl\/wp-content\/uploads\/2024\/07\/E_Dziedziniewicz-Rapca_Warszawa_Kaliska_15_klatka_od_Sekocinskiej_drugie_pietro_drzwi_A-226x300.jpg 226w, http:\/\/lapidarium.fundacja-hereditas.pl\/wp-content\/uploads\/2024\/07\/E_Dziedziniewicz-Rapca_Warszawa_Kaliska_15_klatka_od_Sekocinskiej_drugie_pietro_drzwi_A-768x1019.jpg 768w, http:\/\/lapidarium.fundacja-hereditas.pl\/wp-content\/uploads\/2024\/07\/E_Dziedziniewicz-Rapca_Warszawa_Kaliska_15_klatka_od_Sekocinskiej_drugie_pietro_drzwi_A-1157x1536.jpg 1157w, http:\/\/lapidarium.fundacja-hereditas.pl\/wp-content\/uploads\/2024\/07\/E_Dziedziniewicz-Rapca_Warszawa_Kaliska_15_klatka_od_Sekocinskiej_drugie_pietro_drzwi_A-1543x2048.jpg 1543w, http:\/\/lapidarium.fundacja-hereditas.pl\/wp-content\/uploads\/2024\/07\/E_Dziedziniewicz-Rapca_Warszawa_Kaliska_15_klatka_od_Sekocinskiej_drugie_pietro_drzwi_A-150x199.jpg 150w, http:\/\/lapidarium.fundacja-hereditas.pl\/wp-content\/uploads\/2024\/07\/E_Dziedziniewicz-Rapca_Warszawa_Kaliska_15_klatka_od_Sekocinskiej_drugie_pietro_drzwi_A-300x398.jpg 300w, http:\/\/lapidarium.fundacja-hereditas.pl\/wp-content\/uploads\/2024\/07\/E_Dziedziniewicz-Rapca_Warszawa_Kaliska_15_klatka_od_Sekocinskiej_drugie_pietro_drzwi_A-696x924.jpg 696w, http:\/\/lapidarium.fundacja-hereditas.pl\/wp-content\/uploads\/2024\/07\/E_Dziedziniewicz-Rapca_Warszawa_Kaliska_15_klatka_od_Sekocinskiej_drugie_pietro_drzwi_A-1068x1417.jpg 1068w, http:\/\/lapidarium.fundacja-hereditas.pl\/wp-content\/uploads\/2024\/07\/E_Dziedziniewicz-Rapca_Warszawa_Kaliska_15_klatka_od_Sekocinskiej_drugie_pietro_drzwi_A-1920x2548.jpg 1920w, http:\/\/lapidarium.fundacja-hereditas.pl\/wp-content\/uploads\/2024\/07\/E_Dziedziniewicz-Rapca_Warszawa_Kaliska_15_klatka_od_Sekocinskiej_drugie_pietro_drzwi_A-scaled.jpg 1929w\" sizes=\"auto, (max-width: 772px) 100vw, 772px\" \/><\/a><figcaption class=\"wp-element-caption\">Klatka od ul. S\u0119koci\u0144skiej. Drzwi do lokalu mieszkalnego. Fot. Ewa Dziedziniewicz-R\u0105pca, 2023 r., \u017ar\u00f3d\u0142o: MWKZ.<\/figcaption><\/figure>\n\n\n\n<figure class=\"wp-block-image size-large\"><a href=\"http:\/\/lapidarium.fundacja-hereditas.pl\/wp-content\/uploads\/2024\/07\/E_Dziedziniewicz-Rapca_Warszawa_Kaliska_15_klatka_od_Sekocinskiej_drugie_pietro_balustrada_detal-scaled.jpg\"><img loading=\"lazy\" decoding=\"async\" width=\"1024\" height=\"643\" data-id=\"26637\" src=\"http:\/\/lapidarium.fundacja-hereditas.pl\/wp-content\/uploads\/2024\/07\/E_Dziedziniewicz-Rapca_Warszawa_Kaliska_15_klatka_od_Sekocinskiej_drugie_pietro_balustrada_detal-1024x643.jpg\" alt=\"\" class=\"wp-image-26637\" srcset=\"http:\/\/lapidarium.fundacja-hereditas.pl\/wp-content\/uploads\/2024\/07\/E_Dziedziniewicz-Rapca_Warszawa_Kaliska_15_klatka_od_Sekocinskiej_drugie_pietro_balustrada_detal-1024x643.jpg 1024w, http:\/\/lapidarium.fundacja-hereditas.pl\/wp-content\/uploads\/2024\/07\/E_Dziedziniewicz-Rapca_Warszawa_Kaliska_15_klatka_od_Sekocinskiej_drugie_pietro_balustrada_detal-300x189.jpg 300w, http:\/\/lapidarium.fundacja-hereditas.pl\/wp-content\/uploads\/2024\/07\/E_Dziedziniewicz-Rapca_Warszawa_Kaliska_15_klatka_od_Sekocinskiej_drugie_pietro_balustrada_detal-768x483.jpg 768w, http:\/\/lapidarium.fundacja-hereditas.pl\/wp-content\/uploads\/2024\/07\/E_Dziedziniewicz-Rapca_Warszawa_Kaliska_15_klatka_od_Sekocinskiej_drugie_pietro_balustrada_detal-1536x965.jpg 1536w, http:\/\/lapidarium.fundacja-hereditas.pl\/wp-content\/uploads\/2024\/07\/E_Dziedziniewicz-Rapca_Warszawa_Kaliska_15_klatka_od_Sekocinskiej_drugie_pietro_balustrada_detal-2048x1287.jpg 2048w, http:\/\/lapidarium.fundacja-hereditas.pl\/wp-content\/uploads\/2024\/07\/E_Dziedziniewicz-Rapca_Warszawa_Kaliska_15_klatka_od_Sekocinskiej_drugie_pietro_balustrada_detal-150x94.jpg 150w, http:\/\/lapidarium.fundacja-hereditas.pl\/wp-content\/uploads\/2024\/07\/E_Dziedziniewicz-Rapca_Warszawa_Kaliska_15_klatka_od_Sekocinskiej_drugie_pietro_balustrada_detal-696x437.jpg 696w, http:\/\/lapidarium.fundacja-hereditas.pl\/wp-content\/uploads\/2024\/07\/E_Dziedziniewicz-Rapca_Warszawa_Kaliska_15_klatka_od_Sekocinskiej_drugie_pietro_balustrada_detal-1068x671.jpg 1068w, http:\/\/lapidarium.fundacja-hereditas.pl\/wp-content\/uploads\/2024\/07\/E_Dziedziniewicz-Rapca_Warszawa_Kaliska_15_klatka_od_Sekocinskiej_drugie_pietro_balustrada_detal-1920x1206.jpg 1920w\" sizes=\"auto, (max-width: 1024px) 100vw, 1024px\" \/><\/a><figcaption class=\"wp-element-caption\">Klatka od ul. S\u0119koci\u0144skiej. Oznaczenia kowalskie spasowuj\u0105ce elementy. Fot. Ewa Dziedziniewicz-R\u0105pca, 2023 r., \u017ar\u00f3d\u0142o: MWKZ.<\/figcaption><\/figure>\n\n\n\n<figure class=\"wp-block-image size-large\"><a href=\"http:\/\/lapidarium.fundacja-hereditas.pl\/wp-content\/uploads\/2024\/10\/Majewski_J_Wwa_Kaliska_15_elewacja_tylna-scaled.jpg\"><img loading=\"lazy\" decoding=\"async\" width=\"1024\" height=\"991\" data-id=\"27399\" src=\"http:\/\/lapidarium.fundacja-hereditas.pl\/wp-content\/uploads\/2024\/10\/Majewski_J_Wwa_Kaliska_15_elewacja_tylna-1024x991.jpg\" alt=\"\" class=\"wp-image-27399\" srcset=\"http:\/\/lapidarium.fundacja-hereditas.pl\/wp-content\/uploads\/2024\/10\/Majewski_J_Wwa_Kaliska_15_elewacja_tylna-1024x991.jpg 1024w, http:\/\/lapidarium.fundacja-hereditas.pl\/wp-content\/uploads\/2024\/10\/Majewski_J_Wwa_Kaliska_15_elewacja_tylna-300x290.jpg 300w, http:\/\/lapidarium.fundacja-hereditas.pl\/wp-content\/uploads\/2024\/10\/Majewski_J_Wwa_Kaliska_15_elewacja_tylna-768x743.jpg 768w, http:\/\/lapidarium.fundacja-hereditas.pl\/wp-content\/uploads\/2024\/10\/Majewski_J_Wwa_Kaliska_15_elewacja_tylna-1536x1486.jpg 1536w, http:\/\/lapidarium.fundacja-hereditas.pl\/wp-content\/uploads\/2024\/10\/Majewski_J_Wwa_Kaliska_15_elewacja_tylna-2048x1982.jpg 2048w, http:\/\/lapidarium.fundacja-hereditas.pl\/wp-content\/uploads\/2024\/10\/Majewski_J_Wwa_Kaliska_15_elewacja_tylna-150x145.jpg 150w, http:\/\/lapidarium.fundacja-hereditas.pl\/wp-content\/uploads\/2024\/10\/Majewski_J_Wwa_Kaliska_15_elewacja_tylna-696x673.jpg 696w, http:\/\/lapidarium.fundacja-hereditas.pl\/wp-content\/uploads\/2024\/10\/Majewski_J_Wwa_Kaliska_15_elewacja_tylna-1068x1033.jpg 1068w, http:\/\/lapidarium.fundacja-hereditas.pl\/wp-content\/uploads\/2024\/10\/Majewski_J_Wwa_Kaliska_15_elewacja_tylna-1920x1858.jpg 1920w\" sizes=\"auto, (max-width: 1024px) 100vw, 1024px\" \/><\/a><figcaption class=\"wp-element-caption\">Podw\u00f3rko &#8211; widok na p\u00f3\u0142noc.  Fot. Jerzy S. Majewski, 2023 r., \u017ar\u00f3d\u0142o: MWKZ.<\/figcaption><\/figure>\n\n\n\n<figure class=\"wp-block-image size-large\"><a href=\"http:\/\/lapidarium.fundacja-hereditas.pl\/wp-content\/uploads\/2024\/08\/E_Dziedziniewicz-Rapca_Warszawa_Kaliska_15_naroznik_od_podworka1-scaled.jpg\"><img loading=\"lazy\" decoding=\"async\" width=\"972\" height=\"1024\" data-id=\"26846\" src=\"http:\/\/lapidarium.fundacja-hereditas.pl\/wp-content\/uploads\/2024\/08\/E_Dziedziniewicz-Rapca_Warszawa_Kaliska_15_naroznik_od_podworka1-972x1024.jpg\" alt=\"\" class=\"wp-image-26846\" srcset=\"http:\/\/lapidarium.fundacja-hereditas.pl\/wp-content\/uploads\/2024\/08\/E_Dziedziniewicz-Rapca_Warszawa_Kaliska_15_naroznik_od_podworka1-972x1024.jpg 972w, http:\/\/lapidarium.fundacja-hereditas.pl\/wp-content\/uploads\/2024\/08\/E_Dziedziniewicz-Rapca_Warszawa_Kaliska_15_naroznik_od_podworka1-285x300.jpg 285w, http:\/\/lapidarium.fundacja-hereditas.pl\/wp-content\/uploads\/2024\/08\/E_Dziedziniewicz-Rapca_Warszawa_Kaliska_15_naroznik_od_podworka1-768x809.jpg 768w, http:\/\/lapidarium.fundacja-hereditas.pl\/wp-content\/uploads\/2024\/08\/E_Dziedziniewicz-Rapca_Warszawa_Kaliska_15_naroznik_od_podworka1-1458x1536.jpg 1458w, http:\/\/lapidarium.fundacja-hereditas.pl\/wp-content\/uploads\/2024\/08\/E_Dziedziniewicz-Rapca_Warszawa_Kaliska_15_naroznik_od_podworka1-1944x2048.jpg 1944w, http:\/\/lapidarium.fundacja-hereditas.pl\/wp-content\/uploads\/2024\/08\/E_Dziedziniewicz-Rapca_Warszawa_Kaliska_15_naroznik_od_podworka1-150x158.jpg 150w, http:\/\/lapidarium.fundacja-hereditas.pl\/wp-content\/uploads\/2024\/08\/E_Dziedziniewicz-Rapca_Warszawa_Kaliska_15_naroznik_od_podworka1-300x316.jpg 300w, http:\/\/lapidarium.fundacja-hereditas.pl\/wp-content\/uploads\/2024\/08\/E_Dziedziniewicz-Rapca_Warszawa_Kaliska_15_naroznik_od_podworka1-696x733.jpg 696w, http:\/\/lapidarium.fundacja-hereditas.pl\/wp-content\/uploads\/2024\/08\/E_Dziedziniewicz-Rapca_Warszawa_Kaliska_15_naroznik_od_podworka1-1068x1125.jpg 1068w, http:\/\/lapidarium.fundacja-hereditas.pl\/wp-content\/uploads\/2024\/08\/E_Dziedziniewicz-Rapca_Warszawa_Kaliska_15_naroznik_od_podworka1-1920x2022.jpg 1920w\" sizes=\"auto, (max-width: 972px) 100vw, 972px\" \/><\/a><figcaption class=\"wp-element-caption\">Podw\u00f3rko &#8211; widok na p\u00f3\u0142noc. Fot. Ewa Dziedziniewicz-R\u0105pca, 2023 r., \u017ar\u00f3d\u0142o: MWKZ.<\/figcaption><\/figure>\n\n\n\n<figure class=\"wp-block-image size-large\"><a href=\"http:\/\/lapidarium.fundacja-hereditas.pl\/wp-content\/uploads\/2024\/07\/E_Dziedziniewicz-Rapca_Warszawa_Kaliska_15_klatka_od_Sekocinskiej_elelewacja_od_podworza-scaled.jpg\"><img loading=\"lazy\" decoding=\"async\" width=\"749\" height=\"1024\" data-id=\"26645\" src=\"http:\/\/lapidarium.fundacja-hereditas.pl\/wp-content\/uploads\/2024\/07\/E_Dziedziniewicz-Rapca_Warszawa_Kaliska_15_klatka_od_Sekocinskiej_elelewacja_od_podworza-749x1024.jpg\" alt=\"\" class=\"wp-image-26645\" srcset=\"http:\/\/lapidarium.fundacja-hereditas.pl\/wp-content\/uploads\/2024\/07\/E_Dziedziniewicz-Rapca_Warszawa_Kaliska_15_klatka_od_Sekocinskiej_elelewacja_od_podworza-749x1024.jpg 749w, http:\/\/lapidarium.fundacja-hereditas.pl\/wp-content\/uploads\/2024\/07\/E_Dziedziniewicz-Rapca_Warszawa_Kaliska_15_klatka_od_Sekocinskiej_elelewacja_od_podworza-219x300.jpg 219w, http:\/\/lapidarium.fundacja-hereditas.pl\/wp-content\/uploads\/2024\/07\/E_Dziedziniewicz-Rapca_Warszawa_Kaliska_15_klatka_od_Sekocinskiej_elelewacja_od_podworza-768x1051.jpg 768w, http:\/\/lapidarium.fundacja-hereditas.pl\/wp-content\/uploads\/2024\/07\/E_Dziedziniewicz-Rapca_Warszawa_Kaliska_15_klatka_od_Sekocinskiej_elelewacja_od_podworza-1123x1536.jpg 1123w, http:\/\/lapidarium.fundacja-hereditas.pl\/wp-content\/uploads\/2024\/07\/E_Dziedziniewicz-Rapca_Warszawa_Kaliska_15_klatka_od_Sekocinskiej_elelewacja_od_podworza-1497x2048.jpg 1497w, http:\/\/lapidarium.fundacja-hereditas.pl\/wp-content\/uploads\/2024\/07\/E_Dziedziniewicz-Rapca_Warszawa_Kaliska_15_klatka_od_Sekocinskiej_elelewacja_od_podworza-150x205.jpg 150w, http:\/\/lapidarium.fundacja-hereditas.pl\/wp-content\/uploads\/2024\/07\/E_Dziedziniewicz-Rapca_Warszawa_Kaliska_15_klatka_od_Sekocinskiej_elelewacja_od_podworza-300x410.jpg 300w, http:\/\/lapidarium.fundacja-hereditas.pl\/wp-content\/uploads\/2024\/07\/E_Dziedziniewicz-Rapca_Warszawa_Kaliska_15_klatka_od_Sekocinskiej_elelewacja_od_podworza-696x952.jpg 696w, http:\/\/lapidarium.fundacja-hereditas.pl\/wp-content\/uploads\/2024\/07\/E_Dziedziniewicz-Rapca_Warszawa_Kaliska_15_klatka_od_Sekocinskiej_elelewacja_od_podworza-1068x1461.jpg 1068w, http:\/\/lapidarium.fundacja-hereditas.pl\/wp-content\/uploads\/2024\/07\/E_Dziedziniewicz-Rapca_Warszawa_Kaliska_15_klatka_od_Sekocinskiej_elelewacja_od_podworza-1920x2626.jpg 1920w, http:\/\/lapidarium.fundacja-hereditas.pl\/wp-content\/uploads\/2024\/07\/E_Dziedziniewicz-Rapca_Warszawa_Kaliska_15_klatka_od_Sekocinskiej_elelewacja_od_podworza-scaled.jpg 1871w\" sizes=\"auto, (max-width: 749px) 100vw, 749px\" \/><\/a><figcaption class=\"wp-element-caption\">Widok od podw\u00f3rza skrzyd\u0142a kamienicy stojacego od ul. S\u0119koci\u0144skiej. Fot. Ewa Dziedziniewicz-R\u0105pca, 2023 r., \u017ar\u00f3d\u0142o: MWKZ.<\/figcaption><\/figure>\n<\/figure>\n","protected":false},"excerpt":{"rendered":"<p>Du\u017ca naro\u017cna kamienica b\u0119d\u0105ca jednym z wielu dom\u00f3w okalaj\u0105cych kwarta\u0142 ograniczony ulicami: Kaliska, S\u0119koci\u0144ska, Bia\u0142obrzeska i Joteyki. Rozleg\u0142y \u00f3w wewn\u0119trzny dziedziniec mimo, i\u017c dzi\u015b nieco podzielony, w za\u0142o\u017ceniu mia\u0142 stanowi\u0107 zapewne wsp\u00f3ln\u0105 zielon\u0105, a na pewno pozbawion\u0105 oficyn przestrze\u0144. Omawiana naro\u017cna kamienica powsta\u0142a na prze\u0142omie 1936-37 r. W przededniu II wojny \u015bwiatowej nale\u017ca\u0142a do Dwojry [&hellip;]<\/p>\n","protected":false},"author":6,"featured_media":27398,"comment_status":"open","ping_status":"open","sticky":false,"template":"","format":"standard","meta":{"footnotes":""},"categories":[99,4],"tags":[],"class_list":{"0":"post-21057","1":"post","2":"type-post","3":"status-publish","4":"format-standard","5":"has-post-thumbnail","7":"category-kaliska","8":"category-warszawa"},"_links":{"self":[{"href":"http:\/\/lapidarium.fundacja-hereditas.pl\/index.php\/wp-json\/wp\/v2\/posts\/21057","targetHints":{"allow":["GET"]}}],"collection":[{"href":"http:\/\/lapidarium.fundacja-hereditas.pl\/index.php\/wp-json\/wp\/v2\/posts"}],"about":[{"href":"http:\/\/lapidarium.fundacja-hereditas.pl\/index.php\/wp-json\/wp\/v2\/types\/post"}],"author":[{"embeddable":true,"href":"http:\/\/lapidarium.fundacja-hereditas.pl\/index.php\/wp-json\/wp\/v2\/users\/6"}],"replies":[{"embeddable":true,"href":"http:\/\/lapidarium.fundacja-hereditas.pl\/index.php\/wp-json\/wp\/v2\/comments?post=21057"}],"version-history":[{"count":11,"href":"http:\/\/lapidarium.fundacja-hereditas.pl\/index.php\/wp-json\/wp\/v2\/posts\/21057\/revisions"}],"predecessor-version":[{"id":29425,"href":"http:\/\/lapidarium.fundacja-hereditas.pl\/index.php\/wp-json\/wp\/v2\/posts\/21057\/revisions\/29425"}],"wp:featuredmedia":[{"embeddable":true,"href":"http:\/\/lapidarium.fundacja-hereditas.pl\/index.php\/wp-json\/wp\/v2\/media\/27398"}],"wp:attachment":[{"href":"http:\/\/lapidarium.fundacja-hereditas.pl\/index.php\/wp-json\/wp\/v2\/media?parent=21057"}],"wp:term":[{"taxonomy":"category","embeddable":true,"href":"http:\/\/lapidarium.fundacja-hereditas.pl\/index.php\/wp-json\/wp\/v2\/categories?post=21057"},{"taxonomy":"post_tag","embeddable":true,"href":"http:\/\/lapidarium.fundacja-hereditas.pl\/index.php\/wp-json\/wp\/v2\/tags?post=21057"}],"curies":[{"name":"wp","href":"https:\/\/api.w.org\/{rel}","templated":true}]}}