{"id":207,"date":"2021-08-26T21:45:15","date_gmt":"2021-08-26T19:45:15","guid":{"rendered":"https:\/\/lapidarium.fundacja-hereditas.pl\/?p=207"},"modified":"2021-10-26T18:36:17","modified_gmt":"2021-10-26T16:36:17","slug":"kamienica-ul-bracka-1-zurawia-2","status":"publish","type":"post","link":"http:\/\/lapidarium.fundacja-hereditas.pl\/index.php\/2021\/08\/26\/kamienica-ul-bracka-1-zurawia-2\/","title":{"rendered":"Kamienica ul. Bracka 1\/\u017burawia 2, Warszawa"},"content":{"rendered":"\n<p>Kamienica naro\u017cna, wybudowana w l. 1865-66 wg projektu Adolfa Woli\u0144skiego jako \u2013 pierwotnie \u2013 dom dwupi\u0119trowy w uk\u0142adzie jednopodw\u00f3rzowym. Obiekt zosta\u0142 spalony w 1944 r., podczas remontu w 1948 r. dobudowano niskie pi\u0119tro. [na podst. J. Zieli\u0144ski, Atlas dawnej architektury ulic i plac\u00f3w Warszawy, t. 1, Warszawa 1995]<\/p>\n\n\n\n<figure class=\"wp-block-gallery columns-3 is-cropped wp-block-gallery-1 is-layout-flex wp-block-gallery-is-layout-flex\"><ul class=\"blocks-gallery-grid\"><li class=\"blocks-gallery-item\"><figure><a href=\"http:\/\/lapidarium.fundacja-hereditas.pl\/wp-content\/uploads\/2021\/08\/DSC01180-1024x683-2.jpg\"><img loading=\"lazy\" decoding=\"async\" width=\"1024\" height=\"683\" src=\"http:\/\/lapidarium.fundacja-hereditas.pl\/wp-content\/uploads\/2021\/08\/DSC01180-1024x683-2.jpg\" alt=\"Widok og\u00f3lny. Fot. Hanna Laskowska, 2020, \u017ar\u00f3d\u0142o: lapidarium detalu\" data-id=\"209\" data-full-url=\"http:\/\/lapidarium.fundacja-hereditas.pl\/wp-content\/uploads\/2021\/08\/DSC01180-1024x683-2.jpg\" data-link=\"https:\/\/lapidarium.fundacja-hereditas.pl\/dsc01180-1024x683-2\/\" class=\"wp-image-209\" srcset=\"http:\/\/lapidarium.fundacja-hereditas.pl\/wp-content\/uploads\/2021\/08\/DSC01180-1024x683-2.jpg 1024w, http:\/\/lapidarium.fundacja-hereditas.pl\/wp-content\/uploads\/2021\/08\/DSC01180-1024x683-2-300x200.jpg 300w, http:\/\/lapidarium.fundacja-hereditas.pl\/wp-content\/uploads\/2021\/08\/DSC01180-1024x683-2-768x512.jpg 768w, http:\/\/lapidarium.fundacja-hereditas.pl\/wp-content\/uploads\/2021\/08\/DSC01180-1024x683-2-150x100.jpg 150w, http:\/\/lapidarium.fundacja-hereditas.pl\/wp-content\/uploads\/2021\/08\/DSC01180-1024x683-2-696x464.jpg 696w\" sizes=\"auto, (max-width: 1024px) 100vw, 1024px\" \/><\/a><figcaption class=\"blocks-gallery-item__caption\">Widok og\u00f3lny. Fot. Hanna Laskowska, 2020, \u017ar\u00f3d\u0142o: lapidarium detalu<\/figcaption><\/figure><\/li><li class=\"blocks-gallery-item\"><figure><a href=\"http:\/\/lapidarium.fundacja-hereditas.pl\/wp-content\/uploads\/2021\/08\/DSC01439-Ofic.prawa_-1024x683-1.jpg\"><img loading=\"lazy\" decoding=\"async\" width=\"1024\" height=\"683\" src=\"http:\/\/lapidarium.fundacja-hereditas.pl\/wp-content\/uploads\/2021\/08\/DSC01439-Ofic.prawa_-1024x683-1.jpg\" alt=\"Widok od podw\u00f3rza, oficyny. Fot. Hanna Laskowska, 2020, \u017ar\u00f3d\u0142o: lapidarium detalu\" data-id=\"153\" data-full-url=\"http:\/\/lapidarium.fundacja-hereditas.pl\/wp-content\/uploads\/2021\/08\/DSC01439-Ofic.prawa_-1024x683-1.jpg\" data-link=\"https:\/\/lapidarium.fundacja-hereditas.pl\/dsc01439-ofic-prawa_-1024x683\/\" class=\"wp-image-153\" srcset=\"http:\/\/lapidarium.fundacja-hereditas.pl\/wp-content\/uploads\/2021\/08\/DSC01439-Ofic.prawa_-1024x683-1.jpg 1024w, http:\/\/lapidarium.fundacja-hereditas.pl\/wp-content\/uploads\/2021\/08\/DSC01439-Ofic.prawa_-1024x683-1-300x200.jpg 300w, http:\/\/lapidarium.fundacja-hereditas.pl\/wp-content\/uploads\/2021\/08\/DSC01439-Ofic.prawa_-1024x683-1-768x512.jpg 768w, http:\/\/lapidarium.fundacja-hereditas.pl\/wp-content\/uploads\/2021\/08\/DSC01439-Ofic.prawa_-1024x683-1-150x100.jpg 150w, http:\/\/lapidarium.fundacja-hereditas.pl\/wp-content\/uploads\/2021\/08\/DSC01439-Ofic.prawa_-1024x683-1-696x464.jpg 696w\" sizes=\"auto, (max-width: 1024px) 100vw, 1024px\" \/><\/a><figcaption class=\"blocks-gallery-item__caption\">Widok od podw\u00f3rza, oficyny. Fot. Hanna Laskowska, 2020, \u017ar\u00f3d\u0142o: lapidarium detalu<\/figcaption><\/figure><\/li><li class=\"blocks-gallery-item\"><figure><a href=\"http:\/\/lapidarium.fundacja-hereditas.pl\/wp-content\/uploads\/2021\/08\/DSC01431-Ofic.prawa-i-front-1024x683-1.jpg\"><img loading=\"lazy\" decoding=\"async\" width=\"1024\" height=\"683\" src=\"http:\/\/lapidarium.fundacja-hereditas.pl\/wp-content\/uploads\/2021\/08\/DSC01431-Ofic.prawa-i-front-1024x683-1.jpg\" alt=\"Widok od podw\u00f3rza, oficyna boczna i front. Fot. Hanna Laskowska, 2020, \u017ar\u00f3d\u0142o: lapidarium detalu\" data-id=\"156\" data-full-url=\"http:\/\/lapidarium.fundacja-hereditas.pl\/wp-content\/uploads\/2021\/08\/DSC01431-Ofic.prawa-i-front-1024x683-1.jpg\" data-link=\"https:\/\/lapidarium.fundacja-hereditas.pl\/dsc01431-ofic-prawa-i-front-1024x683\/\" class=\"wp-image-156\" srcset=\"http:\/\/lapidarium.fundacja-hereditas.pl\/wp-content\/uploads\/2021\/08\/DSC01431-Ofic.prawa-i-front-1024x683-1.jpg 1024w, http:\/\/lapidarium.fundacja-hereditas.pl\/wp-content\/uploads\/2021\/08\/DSC01431-Ofic.prawa-i-front-1024x683-1-300x200.jpg 300w, http:\/\/lapidarium.fundacja-hereditas.pl\/wp-content\/uploads\/2021\/08\/DSC01431-Ofic.prawa-i-front-1024x683-1-768x512.jpg 768w, http:\/\/lapidarium.fundacja-hereditas.pl\/wp-content\/uploads\/2021\/08\/DSC01431-Ofic.prawa-i-front-1024x683-1-150x100.jpg 150w, http:\/\/lapidarium.fundacja-hereditas.pl\/wp-content\/uploads\/2021\/08\/DSC01431-Ofic.prawa-i-front-1024x683-1-696x464.jpg 696w\" sizes=\"auto, (max-width: 1024px) 100vw, 1024px\" \/><\/a><figcaption class=\"blocks-gallery-item__caption\">Widok od podw\u00f3rza, oficyna boczna i front. Fot. Hanna Laskowska, 2020, \u017ar\u00f3d\u0142o: lapidarium detalu<\/figcaption><\/figure><\/li><li class=\"blocks-gallery-item\"><figure><a href=\"http:\/\/lapidarium.fundacja-hereditas.pl\/wp-content\/uploads\/2021\/08\/DSC01324-683x1024-1.jpg\"><img loading=\"lazy\" decoding=\"async\" width=\"683\" height=\"1024\" src=\"http:\/\/lapidarium.fundacja-hereditas.pl\/wp-content\/uploads\/2021\/08\/DSC01324-683x1024-1.jpg\" alt=\"Elewacja podw\u00f3rzowa, widok na \u0142\u0105cznik mi\u0119dzy domem frontowym a oficyn\u0105 boczn\u0105. Fot. Hanna Laskowska, 2020, \u017ar\u00f3d\u0142o: lapidarium detalu\" data-id=\"154\" data-full-url=\"http:\/\/lapidarium.fundacja-hereditas.pl\/wp-content\/uploads\/2021\/08\/DSC01324-683x1024-1.jpg\" data-link=\"https:\/\/lapidarium.fundacja-hereditas.pl\/dsc01324-683x1024\/\" class=\"wp-image-154\" srcset=\"http:\/\/lapidarium.fundacja-hereditas.pl\/wp-content\/uploads\/2021\/08\/DSC01324-683x1024-1.jpg 683w, http:\/\/lapidarium.fundacja-hereditas.pl\/wp-content\/uploads\/2021\/08\/DSC01324-683x1024-1-200x300.jpg 200w, http:\/\/lapidarium.fundacja-hereditas.pl\/wp-content\/uploads\/2021\/08\/DSC01324-683x1024-1-150x225.jpg 150w, http:\/\/lapidarium.fundacja-hereditas.pl\/wp-content\/uploads\/2021\/08\/DSC01324-683x1024-1-300x450.jpg 300w\" sizes=\"auto, (max-width: 683px) 100vw, 683px\" \/><\/a><figcaption class=\"blocks-gallery-item__caption\">Elewacja podw\u00f3rzowa, widok na \u0142\u0105cznik mi\u0119dzy domem frontowym a oficyn\u0105 boczn\u0105. Fot. Hanna Laskowska, 2020, \u017ar\u00f3d\u0142o: lapidarium detalu<\/figcaption><\/figure><\/li><li class=\"blocks-gallery-item\"><figure><a href=\"http:\/\/lapidarium.fundacja-hereditas.pl\/wp-content\/uploads\/2021\/08\/DSC01422-Ofic.lewa_-683x1024-1.jpg\"><img loading=\"lazy\" decoding=\"async\" width=\"683\" height=\"1024\" src=\"http:\/\/lapidarium.fundacja-hereditas.pl\/wp-content\/uploads\/2021\/08\/DSC01422-Ofic.lewa_-683x1024-1.jpg\" alt=\"Elewacja podw\u00f3rzowa oficyny bocznej lewej. Fot. Hanna Laskowska, 2020, \u017ar\u00f3d\u0142o: lapidarium detalu\" data-id=\"143\" data-full-url=\"http:\/\/lapidarium.fundacja-hereditas.pl\/wp-content\/uploads\/2021\/08\/DSC01422-Ofic.lewa_-683x1024-1.jpg\" data-link=\"https:\/\/lapidarium.fundacja-hereditas.pl\/dsc01422-ofic-lewa_-683x1024\/\" class=\"wp-image-143\" srcset=\"http:\/\/lapidarium.fundacja-hereditas.pl\/wp-content\/uploads\/2021\/08\/DSC01422-Ofic.lewa_-683x1024-1.jpg 683w, http:\/\/lapidarium.fundacja-hereditas.pl\/wp-content\/uploads\/2021\/08\/DSC01422-Ofic.lewa_-683x1024-1-200x300.jpg 200w, http:\/\/lapidarium.fundacja-hereditas.pl\/wp-content\/uploads\/2021\/08\/DSC01422-Ofic.lewa_-683x1024-1-150x225.jpg 150w, http:\/\/lapidarium.fundacja-hereditas.pl\/wp-content\/uploads\/2021\/08\/DSC01422-Ofic.lewa_-683x1024-1-300x450.jpg 300w\" sizes=\"auto, (max-width: 683px) 100vw, 683px\" \/><\/a><figcaption class=\"blocks-gallery-item__caption\">Elewacja podw\u00f3rzowa oficyny bocznej lewej. Fot. Hanna Laskowska, 2020, \u017ar\u00f3d\u0142o: lapidarium detalu<\/figcaption><\/figure><\/li><li class=\"blocks-gallery-item\"><figure><a href=\"http:\/\/lapidarium.fundacja-hereditas.pl\/wp-content\/uploads\/2021\/08\/DSC01420-683x1024-1.jpg\"><img loading=\"lazy\" decoding=\"async\" width=\"683\" height=\"1024\" src=\"http:\/\/lapidarium.fundacja-hereditas.pl\/wp-content\/uploads\/2021\/08\/DSC01420-683x1024-1.jpg\" alt=\"Elewacje podw\u00f3rzowe domu frontowego i oficyny bocznej. Fot. Hanna Laskowska, 2020, \u017ar\u00f3d\u0142o: lapidarium detalu\" data-id=\"164\" data-full-url=\"http:\/\/lapidarium.fundacja-hereditas.pl\/wp-content\/uploads\/2021\/08\/DSC01420-683x1024-1.jpg\" data-link=\"https:\/\/lapidarium.fundacja-hereditas.pl\/dsc01420-683x1024\/\" class=\"wp-image-164\" srcset=\"http:\/\/lapidarium.fundacja-hereditas.pl\/wp-content\/uploads\/2021\/08\/DSC01420-683x1024-1.jpg 683w, http:\/\/lapidarium.fundacja-hereditas.pl\/wp-content\/uploads\/2021\/08\/DSC01420-683x1024-1-200x300.jpg 200w, http:\/\/lapidarium.fundacja-hereditas.pl\/wp-content\/uploads\/2021\/08\/DSC01420-683x1024-1-150x225.jpg 150w, http:\/\/lapidarium.fundacja-hereditas.pl\/wp-content\/uploads\/2021\/08\/DSC01420-683x1024-1-300x450.jpg 300w\" sizes=\"auto, (max-width: 683px) 100vw, 683px\" \/><\/a><figcaption class=\"blocks-gallery-item__caption\">Elewacje podw\u00f3rzowe domu frontowego i oficyny bocznej. Fot. Hanna Laskowska, 2020, \u017ar\u00f3d\u0142o: lapidarium detalu<\/figcaption><\/figure><\/li><li class=\"blocks-gallery-item\"><figure><a href=\"http:\/\/lapidarium.fundacja-hereditas.pl\/wp-content\/uploads\/2021\/08\/DSC01419-683x1024-1.jpg\"><img loading=\"lazy\" decoding=\"async\" width=\"683\" height=\"1024\" src=\"http:\/\/lapidarium.fundacja-hereditas.pl\/wp-content\/uploads\/2021\/08\/DSC01419-683x1024-1.jpg\" alt=\"Elewacja podw\u00f3rzowa, naro\u017cnik domu frontowego i oficyny bocznej, \u017ar\u00f3d\u0142o: lapidarium detalu\" data-id=\"179\" data-full-url=\"http:\/\/lapidarium.fundacja-hereditas.pl\/wp-content\/uploads\/2021\/08\/DSC01419-683x1024-1.jpg\" data-link=\"https:\/\/lapidarium.fundacja-hereditas.pl\/dsc01419-683x1024\/\" class=\"wp-image-179\" srcset=\"http:\/\/lapidarium.fundacja-hereditas.pl\/wp-content\/uploads\/2021\/08\/DSC01419-683x1024-1.jpg 683w, http:\/\/lapidarium.fundacja-hereditas.pl\/wp-content\/uploads\/2021\/08\/DSC01419-683x1024-1-200x300.jpg 200w, http:\/\/lapidarium.fundacja-hereditas.pl\/wp-content\/uploads\/2021\/08\/DSC01419-683x1024-1-150x225.jpg 150w, http:\/\/lapidarium.fundacja-hereditas.pl\/wp-content\/uploads\/2021\/08\/DSC01419-683x1024-1-300x450.jpg 300w\" sizes=\"auto, (max-width: 683px) 100vw, 683px\" \/><\/a><figcaption class=\"blocks-gallery-item__caption\">Elewacja podw\u00f3rzowa, naro\u017cnik domu frontowego i oficyny bocznej, \u017ar\u00f3d\u0142o: lapidarium detalu<\/figcaption><\/figure><\/li><li class=\"blocks-gallery-item\"><figure><a href=\"http:\/\/lapidarium.fundacja-hereditas.pl\/wp-content\/uploads\/2021\/08\/DSC01440-1024x683-1.jpg\"><img loading=\"lazy\" decoding=\"async\" width=\"1024\" height=\"683\" src=\"http:\/\/lapidarium.fundacja-hereditas.pl\/wp-content\/uploads\/2021\/08\/DSC01440-1024x683-1.jpg\" alt=\"Oficyna boczna. Fot. Hanna Laskowska, 2020, \u017ar\u00f3d\u0142o: lapidarium detalu\" data-id=\"188\" data-full-url=\"http:\/\/lapidarium.fundacja-hereditas.pl\/wp-content\/uploads\/2021\/08\/DSC01440-1024x683-1.jpg\" data-link=\"https:\/\/lapidarium.fundacja-hereditas.pl\/dsc01440-1024x683\/\" class=\"wp-image-188\" srcset=\"http:\/\/lapidarium.fundacja-hereditas.pl\/wp-content\/uploads\/2021\/08\/DSC01440-1024x683-1.jpg 1024w, http:\/\/lapidarium.fundacja-hereditas.pl\/wp-content\/uploads\/2021\/08\/DSC01440-1024x683-1-300x200.jpg 300w, http:\/\/lapidarium.fundacja-hereditas.pl\/wp-content\/uploads\/2021\/08\/DSC01440-1024x683-1-768x512.jpg 768w, http:\/\/lapidarium.fundacja-hereditas.pl\/wp-content\/uploads\/2021\/08\/DSC01440-1024x683-1-150x100.jpg 150w, http:\/\/lapidarium.fundacja-hereditas.pl\/wp-content\/uploads\/2021\/08\/DSC01440-1024x683-1-696x464.jpg 696w\" sizes=\"auto, (max-width: 1024px) 100vw, 1024px\" \/><\/a><figcaption class=\"blocks-gallery-item__caption\">Oficyna boczna. Fot. Hanna Laskowska, 2020, \u017ar\u00f3d\u0142o: lapidarium detalu<\/figcaption><\/figure><\/li><li class=\"blocks-gallery-item\"><figure><a href=\"http:\/\/lapidarium.fundacja-hereditas.pl\/wp-content\/uploads\/2021\/08\/DSC01385-Ofic.tylna_-1024x683-1.jpg\"><img loading=\"lazy\" decoding=\"async\" width=\"1024\" height=\"683\" src=\"http:\/\/lapidarium.fundacja-hereditas.pl\/wp-content\/uploads\/2021\/08\/DSC01385-Ofic.tylna_-1024x683-1.jpg\" alt=\"Oficyna tylna. Fot. Hanna Laskowska, 2020, \u017ar\u00f3d\u0142o: lapidarium detalu\" data-id=\"175\" data-full-url=\"http:\/\/lapidarium.fundacja-hereditas.pl\/wp-content\/uploads\/2021\/08\/DSC01385-Ofic.tylna_-1024x683-1.jpg\" data-link=\"https:\/\/lapidarium.fundacja-hereditas.pl\/dsc01385-ofic-tylna_-1024x683\/\" class=\"wp-image-175\" srcset=\"http:\/\/lapidarium.fundacja-hereditas.pl\/wp-content\/uploads\/2021\/08\/DSC01385-Ofic.tylna_-1024x683-1.jpg 1024w, http:\/\/lapidarium.fundacja-hereditas.pl\/wp-content\/uploads\/2021\/08\/DSC01385-Ofic.tylna_-1024x683-1-300x200.jpg 300w, http:\/\/lapidarium.fundacja-hereditas.pl\/wp-content\/uploads\/2021\/08\/DSC01385-Ofic.tylna_-1024x683-1-768x512.jpg 768w, http:\/\/lapidarium.fundacja-hereditas.pl\/wp-content\/uploads\/2021\/08\/DSC01385-Ofic.tylna_-1024x683-1-150x100.jpg 150w, http:\/\/lapidarium.fundacja-hereditas.pl\/wp-content\/uploads\/2021\/08\/DSC01385-Ofic.tylna_-1024x683-1-696x464.jpg 696w\" sizes=\"auto, (max-width: 1024px) 100vw, 1024px\" \/><\/a><figcaption class=\"blocks-gallery-item__caption\">Oficyna tylna. Fot. Hanna Laskowska, 2020, \u017ar\u00f3d\u0142o: lapidarium detalu<\/figcaption><\/figure><\/li><li class=\"blocks-gallery-item\"><figure><a href=\"http:\/\/lapidarium.fundacja-hereditas.pl\/wp-content\/uploads\/2021\/08\/DSC01456-683x1024-1.jpg\"><img loading=\"lazy\" decoding=\"async\" width=\"683\" height=\"1024\" src=\"http:\/\/lapidarium.fundacja-hereditas.pl\/wp-content\/uploads\/2021\/08\/DSC01456-683x1024-1.jpg\" alt=\"Widok na podw\u00f3rze od strony przejazdu bramnego. Fot. Hanna Laskowska, 2020, \u017ar\u00f3d\u0142o: lapidarium detalu\" data-id=\"186\" data-full-url=\"http:\/\/lapidarium.fundacja-hereditas.pl\/wp-content\/uploads\/2021\/08\/DSC01456-683x1024-1.jpg\" data-link=\"https:\/\/lapidarium.fundacja-hereditas.pl\/dsc01456-683x1024\/\" class=\"wp-image-186\" srcset=\"http:\/\/lapidarium.fundacja-hereditas.pl\/wp-content\/uploads\/2021\/08\/DSC01456-683x1024-1.jpg 683w, http:\/\/lapidarium.fundacja-hereditas.pl\/wp-content\/uploads\/2021\/08\/DSC01456-683x1024-1-200x300.jpg 200w, http:\/\/lapidarium.fundacja-hereditas.pl\/wp-content\/uploads\/2021\/08\/DSC01456-683x1024-1-150x225.jpg 150w, http:\/\/lapidarium.fundacja-hereditas.pl\/wp-content\/uploads\/2021\/08\/DSC01456-683x1024-1-300x450.jpg 300w\" sizes=\"auto, (max-width: 683px) 100vw, 683px\" \/><\/a><figcaption class=\"blocks-gallery-item__caption\">Widok na podw\u00f3rze od strony przejazdu bramnego. Fot. Hanna Laskowska, 2020, \u017ar\u00f3d\u0142o: lapidarium detalu<\/figcaption><\/figure><\/li><li class=\"blocks-gallery-item\"><figure><a href=\"http:\/\/lapidarium.fundacja-hereditas.pl\/wp-content\/uploads\/2021\/08\/DSC01416-1024x683-1.jpg\"><img loading=\"lazy\" decoding=\"async\" width=\"1024\" height=\"683\" src=\"http:\/\/lapidarium.fundacja-hereditas.pl\/wp-content\/uploads\/2021\/08\/DSC01416-1024x683-1.jpg\" alt=\"Elewacja podw\u00f3rzowa domu frontowego. Fot. Hanna Laskowska, 2020, \u017ar\u00f3d\u0142o: lapidarium detalu\" data-id=\"170\" data-full-url=\"http:\/\/lapidarium.fundacja-hereditas.pl\/wp-content\/uploads\/2021\/08\/DSC01416-1024x683-1.jpg\" data-link=\"https:\/\/lapidarium.fundacja-hereditas.pl\/dsc01416-1024x683\/\" class=\"wp-image-170\" srcset=\"http:\/\/lapidarium.fundacja-hereditas.pl\/wp-content\/uploads\/2021\/08\/DSC01416-1024x683-1.jpg 1024w, http:\/\/lapidarium.fundacja-hereditas.pl\/wp-content\/uploads\/2021\/08\/DSC01416-1024x683-1-300x200.jpg 300w, http:\/\/lapidarium.fundacja-hereditas.pl\/wp-content\/uploads\/2021\/08\/DSC01416-1024x683-1-768x512.jpg 768w, http:\/\/lapidarium.fundacja-hereditas.pl\/wp-content\/uploads\/2021\/08\/DSC01416-1024x683-1-150x100.jpg 150w, http:\/\/lapidarium.fundacja-hereditas.pl\/wp-content\/uploads\/2021\/08\/DSC01416-1024x683-1-696x464.jpg 696w\" sizes=\"auto, (max-width: 1024px) 100vw, 1024px\" \/><\/a><figcaption class=\"blocks-gallery-item__caption\">Elewacja podw\u00f3rzowa domu frontowego. Fot. Hanna Laskowska, 2020, \u017ar\u00f3d\u0142o: lapidarium detalu<\/figcaption><\/figure><\/li><li class=\"blocks-gallery-item\"><figure><a href=\"http:\/\/lapidarium.fundacja-hereditas.pl\/wp-content\/uploads\/2021\/08\/DSC01444-1024x683-1.jpg\"><img loading=\"lazy\" decoding=\"async\" width=\"1024\" height=\"683\" src=\"http:\/\/lapidarium.fundacja-hereditas.pl\/wp-content\/uploads\/2021\/08\/DSC01444-1024x683-1.jpg\" alt=\"Wlot do przejazdu bramnego od strony podw\u00f3rza. Fot. Hanna Laskowska, 2020, \u017ar\u00f3d\u0142o: lapidarium detalu\" data-id=\"174\" data-full-url=\"http:\/\/lapidarium.fundacja-hereditas.pl\/wp-content\/uploads\/2021\/08\/DSC01444-1024x683-1.jpg\" data-link=\"https:\/\/lapidarium.fundacja-hereditas.pl\/dsc01444-1024x683\/\" class=\"wp-image-174\" srcset=\"http:\/\/lapidarium.fundacja-hereditas.pl\/wp-content\/uploads\/2021\/08\/DSC01444-1024x683-1.jpg 1024w, http:\/\/lapidarium.fundacja-hereditas.pl\/wp-content\/uploads\/2021\/08\/DSC01444-1024x683-1-300x200.jpg 300w, http:\/\/lapidarium.fundacja-hereditas.pl\/wp-content\/uploads\/2021\/08\/DSC01444-1024x683-1-768x512.jpg 768w, http:\/\/lapidarium.fundacja-hereditas.pl\/wp-content\/uploads\/2021\/08\/DSC01444-1024x683-1-150x100.jpg 150w, http:\/\/lapidarium.fundacja-hereditas.pl\/wp-content\/uploads\/2021\/08\/DSC01444-1024x683-1-696x464.jpg 696w\" sizes=\"auto, (max-width: 1024px) 100vw, 1024px\" \/><\/a><figcaption class=\"blocks-gallery-item__caption\">Wlot do przejazdu bramnego od strony podw\u00f3rza. Fot. Hanna Laskowska, 2020, \u017ar\u00f3d\u0142o: lapidarium detalu<\/figcaption><\/figure><\/li><li class=\"blocks-gallery-item\"><figure><a href=\"http:\/\/lapidarium.fundacja-hereditas.pl\/wp-content\/uploads\/2021\/08\/DSC01446-1024x683-1.jpg\"><img loading=\"lazy\" decoding=\"async\" width=\"1024\" height=\"683\" src=\"http:\/\/lapidarium.fundacja-hereditas.pl\/wp-content\/uploads\/2021\/08\/DSC01446-1024x683-1.jpg\" alt=\"Lewy odb\u00f3j wylotowy. Fot. Hanna Laskowska, 2020, \u017ar\u00f3d\u0142o: lapidarium detalu\" data-id=\"140\" data-full-url=\"http:\/\/lapidarium.fundacja-hereditas.pl\/wp-content\/uploads\/2021\/08\/DSC01446-1024x683-1.jpg\" data-link=\"https:\/\/lapidarium.fundacja-hereditas.pl\/dsc01446-1024x683\/\" class=\"wp-image-140\" srcset=\"http:\/\/lapidarium.fundacja-hereditas.pl\/wp-content\/uploads\/2021\/08\/DSC01446-1024x683-1.jpg 1024w, http:\/\/lapidarium.fundacja-hereditas.pl\/wp-content\/uploads\/2021\/08\/DSC01446-1024x683-1-300x200.jpg 300w, http:\/\/lapidarium.fundacja-hereditas.pl\/wp-content\/uploads\/2021\/08\/DSC01446-1024x683-1-768x512.jpg 768w, http:\/\/lapidarium.fundacja-hereditas.pl\/wp-content\/uploads\/2021\/08\/DSC01446-1024x683-1-150x100.jpg 150w, http:\/\/lapidarium.fundacja-hereditas.pl\/wp-content\/uploads\/2021\/08\/DSC01446-1024x683-1-696x464.jpg 696w\" sizes=\"auto, (max-width: 1024px) 100vw, 1024px\" \/><\/a><figcaption class=\"blocks-gallery-item__caption\">Lewy odb\u00f3j wylotowy. Fot. Hanna Laskowska, 2020, \u017ar\u00f3d\u0142o: lapidarium detalu<\/figcaption><\/figure><\/li><li class=\"blocks-gallery-item\"><figure><a href=\"http:\/\/lapidarium.fundacja-hereditas.pl\/wp-content\/uploads\/2021\/08\/DSC01445-1024x683-1.jpg\"><img loading=\"lazy\" decoding=\"async\" width=\"1024\" height=\"683\" src=\"http:\/\/lapidarium.fundacja-hereditas.pl\/wp-content\/uploads\/2021\/08\/DSC01445-1024x683-1.jpg\" alt=\"Prawy odb\u00f3j wylotowy. Fot. Hanna Laskowska, 2020, \u017ar\u00f3d\u0142o: lapidarium detalu\" data-id=\"148\" data-full-url=\"http:\/\/lapidarium.fundacja-hereditas.pl\/wp-content\/uploads\/2021\/08\/DSC01445-1024x683-1.jpg\" data-link=\"https:\/\/lapidarium.fundacja-hereditas.pl\/dsc01445-1024x683\/\" class=\"wp-image-148\" srcset=\"http:\/\/lapidarium.fundacja-hereditas.pl\/wp-content\/uploads\/2021\/08\/DSC01445-1024x683-1.jpg 1024w, http:\/\/lapidarium.fundacja-hereditas.pl\/wp-content\/uploads\/2021\/08\/DSC01445-1024x683-1-300x200.jpg 300w, http:\/\/lapidarium.fundacja-hereditas.pl\/wp-content\/uploads\/2021\/08\/DSC01445-1024x683-1-768x512.jpg 768w, http:\/\/lapidarium.fundacja-hereditas.pl\/wp-content\/uploads\/2021\/08\/DSC01445-1024x683-1-150x100.jpg 150w, http:\/\/lapidarium.fundacja-hereditas.pl\/wp-content\/uploads\/2021\/08\/DSC01445-1024x683-1-696x464.jpg 696w\" sizes=\"auto, (max-width: 1024px) 100vw, 1024px\" \/><\/a><figcaption class=\"blocks-gallery-item__caption\">Prawy odb\u00f3j wylotowy. Fot. Hanna Laskowska, 2020, \u017ar\u00f3d\u0142o: lapidarium detalu<\/figcaption><\/figure><\/li><li class=\"blocks-gallery-item\"><figure><a href=\"http:\/\/lapidarium.fundacja-hereditas.pl\/wp-content\/uploads\/2021\/08\/DSC01478-scaled-1.jpg\"><img loading=\"lazy\" decoding=\"async\" width=\"1024\" height=\"683\" src=\"http:\/\/lapidarium.fundacja-hereditas.pl\/wp-content\/uploads\/2021\/08\/DSC01478-scaled-1-1024x683.jpg\" alt=\"Odb\u00f3j wlotowy lewy. Fot. Hanna Laskowska, 2020, \u017ar\u00f3d\u0142o: lapidarium detalu\" data-id=\"126\" data-full-url=\"http:\/\/lapidarium.fundacja-hereditas.pl\/wp-content\/uploads\/2021\/08\/DSC01478-scaled-1.jpg\" data-link=\"https:\/\/lapidarium.fundacja-hereditas.pl\/dsc01478-scaled\/\" class=\"wp-image-126\" srcset=\"http:\/\/lapidarium.fundacja-hereditas.pl\/wp-content\/uploads\/2021\/08\/DSC01478-scaled-1-1024x683.jpg 1024w, http:\/\/lapidarium.fundacja-hereditas.pl\/wp-content\/uploads\/2021\/08\/DSC01478-scaled-1-300x200.jpg 300w, http:\/\/lapidarium.fundacja-hereditas.pl\/wp-content\/uploads\/2021\/08\/DSC01478-scaled-1-768x512.jpg 768w, http:\/\/lapidarium.fundacja-hereditas.pl\/wp-content\/uploads\/2021\/08\/DSC01478-scaled-1-1536x1024.jpg 1536w, http:\/\/lapidarium.fundacja-hereditas.pl\/wp-content\/uploads\/2021\/08\/DSC01478-scaled-1-2048x1366.jpg 2048w, http:\/\/lapidarium.fundacja-hereditas.pl\/wp-content\/uploads\/2021\/08\/DSC01478-scaled-1-150x100.jpg 150w, http:\/\/lapidarium.fundacja-hereditas.pl\/wp-content\/uploads\/2021\/08\/DSC01478-scaled-1-696x464.jpg 696w, http:\/\/lapidarium.fundacja-hereditas.pl\/wp-content\/uploads\/2021\/08\/DSC01478-scaled-1-1068x712.jpg 1068w, http:\/\/lapidarium.fundacja-hereditas.pl\/wp-content\/uploads\/2021\/08\/DSC01478-scaled-1-1920x1280.jpg 1920w\" sizes=\"auto, (max-width: 1024px) 100vw, 1024px\" \/><\/a><figcaption class=\"blocks-gallery-item__caption\">Odb\u00f3j wlotowy lewy. Fot. Hanna Laskowska, 2020, \u017ar\u00f3d\u0142o: lapidarium detalu<\/figcaption><\/figure><\/li><li class=\"blocks-gallery-item\"><figure><a href=\"http:\/\/lapidarium.fundacja-hereditas.pl\/wp-content\/uploads\/2021\/08\/DSC01479-1024x683-1.jpg\"><img loading=\"lazy\" decoding=\"async\" width=\"1024\" height=\"683\" src=\"http:\/\/lapidarium.fundacja-hereditas.pl\/wp-content\/uploads\/2021\/08\/DSC01479-1024x683-1.jpg\" alt=\"Odb\u00f3j wlotowy prawy. Fot. Hanna Laskowska, 2020, \u017ar\u00f3d\u0142o: lapidarium detalu\" data-id=\"139\" data-full-url=\"http:\/\/lapidarium.fundacja-hereditas.pl\/wp-content\/uploads\/2021\/08\/DSC01479-1024x683-1.jpg\" data-link=\"https:\/\/lapidarium.fundacja-hereditas.pl\/dsc01479-1024x683\/\" class=\"wp-image-139\" srcset=\"http:\/\/lapidarium.fundacja-hereditas.pl\/wp-content\/uploads\/2021\/08\/DSC01479-1024x683-1.jpg 1024w, http:\/\/lapidarium.fundacja-hereditas.pl\/wp-content\/uploads\/2021\/08\/DSC01479-1024x683-1-300x200.jpg 300w, http:\/\/lapidarium.fundacja-hereditas.pl\/wp-content\/uploads\/2021\/08\/DSC01479-1024x683-1-768x512.jpg 768w, http:\/\/lapidarium.fundacja-hereditas.pl\/wp-content\/uploads\/2021\/08\/DSC01479-1024x683-1-150x100.jpg 150w, http:\/\/lapidarium.fundacja-hereditas.pl\/wp-content\/uploads\/2021\/08\/DSC01479-1024x683-1-696x464.jpg 696w\" sizes=\"auto, (max-width: 1024px) 100vw, 1024px\" \/><\/a><figcaption class=\"blocks-gallery-item__caption\">Odb\u00f3j wlotowy prawy. Fot. Hanna Laskowska, 2020, \u017ar\u00f3d\u0142o: lapidarium detalu<\/figcaption><\/figure><\/li><li class=\"blocks-gallery-item\"><figure><a href=\"http:\/\/lapidarium.fundacja-hereditas.pl\/wp-content\/uploads\/2021\/08\/DSC01436-1024x683-1.jpg\"><img loading=\"lazy\" decoding=\"async\" width=\"1024\" height=\"683\" src=\"http:\/\/lapidarium.fundacja-hereditas.pl\/wp-content\/uploads\/2021\/08\/DSC01436-1024x683-1.jpg\" alt=\"Kratki wentylacyjne, elewacja podw\u00f3rzowa. Fot. Hanna Laskowska, 2020, \u017ar\u00f3d\u0142o: lapidarium detalu\" data-id=\"146\" data-full-url=\"http:\/\/lapidarium.fundacja-hereditas.pl\/wp-content\/uploads\/2021\/08\/DSC01436-1024x683-1.jpg\" data-link=\"https:\/\/lapidarium.fundacja-hereditas.pl\/dsc01436-1024x683\/\" class=\"wp-image-146\" srcset=\"http:\/\/lapidarium.fundacja-hereditas.pl\/wp-content\/uploads\/2021\/08\/DSC01436-1024x683-1.jpg 1024w, http:\/\/lapidarium.fundacja-hereditas.pl\/wp-content\/uploads\/2021\/08\/DSC01436-1024x683-1-300x200.jpg 300w, http:\/\/lapidarium.fundacja-hereditas.pl\/wp-content\/uploads\/2021\/08\/DSC01436-1024x683-1-768x512.jpg 768w, http:\/\/lapidarium.fundacja-hereditas.pl\/wp-content\/uploads\/2021\/08\/DSC01436-1024x683-1-150x100.jpg 150w, http:\/\/lapidarium.fundacja-hereditas.pl\/wp-content\/uploads\/2021\/08\/DSC01436-1024x683-1-696x464.jpg 696w\" sizes=\"auto, (max-width: 1024px) 100vw, 1024px\" \/><\/a><figcaption class=\"blocks-gallery-item__caption\">Kratki wentylacyjne, elewacja podw\u00f3rzowa. Fot. Hanna Laskowska, 2020, \u017ar\u00f3d\u0142o: lapidarium detalu<\/figcaption><\/figure><\/li><li class=\"blocks-gallery-item\"><figure><a href=\"http:\/\/lapidarium.fundacja-hereditas.pl\/wp-content\/uploads\/2021\/08\/DSC01406-1024x683-1.jpg\"><img loading=\"lazy\" decoding=\"async\" width=\"1024\" height=\"683\" src=\"http:\/\/lapidarium.fundacja-hereditas.pl\/wp-content\/uploads\/2021\/08\/DSC01406-1024x683-1.jpg\" alt=\"Zdr\u00f3j w elewacji podw\u00f3rzowej oficyny tylnej. Fot. Hanna Laskowska, 2020, \u017ar\u00f3d\u0142o: lapidarium detalu.\" data-id=\"102\" data-full-url=\"http:\/\/lapidarium.fundacja-hereditas.pl\/wp-content\/uploads\/2021\/08\/DSC01406-1024x683-1.jpg\" data-link=\"https:\/\/lapidarium.fundacja-hereditas.pl\/dsc01406-1024x683\/\" class=\"wp-image-102\" srcset=\"http:\/\/lapidarium.fundacja-hereditas.pl\/wp-content\/uploads\/2021\/08\/DSC01406-1024x683-1.jpg 1024w, http:\/\/lapidarium.fundacja-hereditas.pl\/wp-content\/uploads\/2021\/08\/DSC01406-1024x683-1-300x200.jpg 300w, http:\/\/lapidarium.fundacja-hereditas.pl\/wp-content\/uploads\/2021\/08\/DSC01406-1024x683-1-768x512.jpg 768w, http:\/\/lapidarium.fundacja-hereditas.pl\/wp-content\/uploads\/2021\/08\/DSC01406-1024x683-1-150x100.jpg 150w, http:\/\/lapidarium.fundacja-hereditas.pl\/wp-content\/uploads\/2021\/08\/DSC01406-1024x683-1-696x464.jpg 696w\" sizes=\"auto, (max-width: 1024px) 100vw, 1024px\" \/><\/a><figcaption class=\"blocks-gallery-item__caption\">Zdr\u00f3j w elewacji podw\u00f3rzowej oficyny tylnej. Fot. Hanna Laskowska, 2020, \u017ar\u00f3d\u0142o: lapidarium detalu.<\/figcaption><\/figure><\/li><li class=\"blocks-gallery-item\"><figure><a href=\"http:\/\/lapidarium.fundacja-hereditas.pl\/wp-content\/uploads\/2021\/08\/DSC01405-1024x683-1.jpg\"><img loading=\"lazy\" decoding=\"async\" width=\"1024\" height=\"683\" src=\"http:\/\/lapidarium.fundacja-hereditas.pl\/wp-content\/uploads\/2021\/08\/DSC01405-1024x683-1.jpg\" alt=\"Kratka wentylacyjna pod oknem w elewacji podw\u00f3rzowej oficyny tylnej. Fot. Hanna Laskowska, 2020, \u017ar\u00f3d\u0142o: lapidarium detalu\" data-id=\"128\" data-full-url=\"http:\/\/lapidarium.fundacja-hereditas.pl\/wp-content\/uploads\/2021\/08\/DSC01405-1024x683-1.jpg\" data-link=\"https:\/\/lapidarium.fundacja-hereditas.pl\/dsc01405-1024x683\/\" class=\"wp-image-128\" srcset=\"http:\/\/lapidarium.fundacja-hereditas.pl\/wp-content\/uploads\/2021\/08\/DSC01405-1024x683-1.jpg 1024w, http:\/\/lapidarium.fundacja-hereditas.pl\/wp-content\/uploads\/2021\/08\/DSC01405-1024x683-1-300x200.jpg 300w, http:\/\/lapidarium.fundacja-hereditas.pl\/wp-content\/uploads\/2021\/08\/DSC01405-1024x683-1-768x512.jpg 768w, http:\/\/lapidarium.fundacja-hereditas.pl\/wp-content\/uploads\/2021\/08\/DSC01405-1024x683-1-150x100.jpg 150w, http:\/\/lapidarium.fundacja-hereditas.pl\/wp-content\/uploads\/2021\/08\/DSC01405-1024x683-1-696x464.jpg 696w\" sizes=\"auto, (max-width: 1024px) 100vw, 1024px\" \/><\/a><figcaption class=\"blocks-gallery-item__caption\">Kratka wentylacyjna pod oknem w elewacji podw\u00f3rzowej oficyny tylnej. Fot. Hanna Laskowska, 2020, \u017ar\u00f3d\u0142o: lapidarium detalu<\/figcaption><\/figure><\/li><li class=\"blocks-gallery-item\"><figure><a href=\"http:\/\/lapidarium.fundacja-hereditas.pl\/wp-content\/uploads\/2021\/08\/DSC01413-1024x683-1.jpg\"><img loading=\"lazy\" decoding=\"async\" width=\"1024\" height=\"683\" src=\"http:\/\/lapidarium.fundacja-hereditas.pl\/wp-content\/uploads\/2021\/08\/DSC01413-1024x683-1.jpg\" alt=\"K\u00f3\u0142ko do mocowania koni (?), cok\u00f3\u0142, elewacja podw\u00f3rzowa domu frontowego, parter. Fot. Hanna Laskowska, 2020, \u017ar\u00f3d\u0142o: lapidarium detalu.\" data-id=\"114\" data-full-url=\"http:\/\/lapidarium.fundacja-hereditas.pl\/wp-content\/uploads\/2021\/08\/DSC01413-1024x683-1.jpg\" data-link=\"https:\/\/lapidarium.fundacja-hereditas.pl\/dsc01413-1024x683\/\" class=\"wp-image-114\" srcset=\"http:\/\/lapidarium.fundacja-hereditas.pl\/wp-content\/uploads\/2021\/08\/DSC01413-1024x683-1.jpg 1024w, http:\/\/lapidarium.fundacja-hereditas.pl\/wp-content\/uploads\/2021\/08\/DSC01413-1024x683-1-300x200.jpg 300w, http:\/\/lapidarium.fundacja-hereditas.pl\/wp-content\/uploads\/2021\/08\/DSC01413-1024x683-1-768x512.jpg 768w, http:\/\/lapidarium.fundacja-hereditas.pl\/wp-content\/uploads\/2021\/08\/DSC01413-1024x683-1-150x100.jpg 150w, http:\/\/lapidarium.fundacja-hereditas.pl\/wp-content\/uploads\/2021\/08\/DSC01413-1024x683-1-696x464.jpg 696w\" sizes=\"auto, (max-width: 1024px) 100vw, 1024px\" \/><\/a><figcaption class=\"blocks-gallery-item__caption\">K\u00f3\u0142ko do mocowania koni (?), cok\u00f3\u0142, elewacja podw\u00f3rzowa domu frontowego, parter. Fot. Hanna Laskowska, 2020, \u017ar\u00f3d\u0142o: lapidarium detalu.<\/figcaption><\/figure><\/li><li class=\"blocks-gallery-item\"><figure><a href=\"http:\/\/lapidarium.fundacja-hereditas.pl\/wp-content\/uploads\/2021\/08\/DSC01480-1024x683-1.jpg\"><img loading=\"lazy\" decoding=\"async\" width=\"1024\" height=\"683\" src=\"http:\/\/lapidarium.fundacja-hereditas.pl\/wp-content\/uploads\/2021\/08\/DSC01480-1024x683-1.jpg\" alt=\"K\u00f3\u0142ko do mocowania koni (?). Fot. Hanna Laskowska, 2020, \u017ar\u00f3d\u0142o: lapidarium detalu.\" data-id=\"100\" data-full-url=\"http:\/\/lapidarium.fundacja-hereditas.pl\/wp-content\/uploads\/2021\/08\/DSC01480-1024x683-1.jpg\" data-link=\"https:\/\/lapidarium.fundacja-hereditas.pl\/dsc01480-1024x683\/\" class=\"wp-image-100\" srcset=\"http:\/\/lapidarium.fundacja-hereditas.pl\/wp-content\/uploads\/2021\/08\/DSC01480-1024x683-1.jpg 1024w, http:\/\/lapidarium.fundacja-hereditas.pl\/wp-content\/uploads\/2021\/08\/DSC01480-1024x683-1-300x200.jpg 300w, http:\/\/lapidarium.fundacja-hereditas.pl\/wp-content\/uploads\/2021\/08\/DSC01480-1024x683-1-768x512.jpg 768w, http:\/\/lapidarium.fundacja-hereditas.pl\/wp-content\/uploads\/2021\/08\/DSC01480-1024x683-1-150x100.jpg 150w, http:\/\/lapidarium.fundacja-hereditas.pl\/wp-content\/uploads\/2021\/08\/DSC01480-1024x683-1-696x464.jpg 696w\" sizes=\"auto, (max-width: 1024px) 100vw, 1024px\" \/><\/a><figcaption class=\"blocks-gallery-item__caption\">K\u00f3\u0142ko do mocowania koni (?). Fot. Hanna Laskowska, 2020, \u017ar\u00f3d\u0142o: lapidarium detalu.<\/figcaption><\/figure><\/li><li class=\"blocks-gallery-item\"><figure><a href=\"http:\/\/lapidarium.fundacja-hereditas.pl\/wp-content\/uploads\/2021\/08\/DSC01412-Ofic.-lewa-1024x683-1.jpg\"><img loading=\"lazy\" decoding=\"async\" width=\"1024\" height=\"683\" src=\"http:\/\/lapidarium.fundacja-hereditas.pl\/wp-content\/uploads\/2021\/08\/DSC01412-Ofic.-lewa-1024x683-1.jpg\" alt=\"K\u00f3\u0142ko do mocowania koni (?), cok\u00f3\u0142, elewacja podw\u00f3rzowa domu frontowego, parter. Fot. Hanna Laskowska, 2020, \u017ar\u00f3d\u0142o: lapidarium detalu\" data-id=\"149\" data-full-url=\"http:\/\/lapidarium.fundacja-hereditas.pl\/wp-content\/uploads\/2021\/08\/DSC01412-Ofic.-lewa-1024x683-1.jpg\" data-link=\"https:\/\/lapidarium.fundacja-hereditas.pl\/dsc01412-ofic-lewa-1024x683\/\" class=\"wp-image-149\" srcset=\"http:\/\/lapidarium.fundacja-hereditas.pl\/wp-content\/uploads\/2021\/08\/DSC01412-Ofic.-lewa-1024x683-1.jpg 1024w, http:\/\/lapidarium.fundacja-hereditas.pl\/wp-content\/uploads\/2021\/08\/DSC01412-Ofic.-lewa-1024x683-1-300x200.jpg 300w, http:\/\/lapidarium.fundacja-hereditas.pl\/wp-content\/uploads\/2021\/08\/DSC01412-Ofic.-lewa-1024x683-1-768x512.jpg 768w, http:\/\/lapidarium.fundacja-hereditas.pl\/wp-content\/uploads\/2021\/08\/DSC01412-Ofic.-lewa-1024x683-1-150x100.jpg 150w, http:\/\/lapidarium.fundacja-hereditas.pl\/wp-content\/uploads\/2021\/08\/DSC01412-Ofic.-lewa-1024x683-1-696x464.jpg 696w\" sizes=\"auto, (max-width: 1024px) 100vw, 1024px\" \/><\/a><figcaption class=\"blocks-gallery-item__caption\">K\u00f3\u0142ko do mocowania koni (?), cok\u00f3\u0142, elewacja podw\u00f3rzowa domu frontowego, parter. Fot. Hanna Laskowska, 2020, \u017ar\u00f3d\u0142o: lapidarium detalu<\/figcaption><\/figure><\/li><li class=\"blocks-gallery-item\"><figure><a href=\"http:\/\/lapidarium.fundacja-hereditas.pl\/wp-content\/uploads\/2021\/08\/DSC01484-1024x683-1.jpg\"><img loading=\"lazy\" decoding=\"async\" width=\"1024\" height=\"683\" src=\"http:\/\/lapidarium.fundacja-hereditas.pl\/wp-content\/uploads\/2021\/08\/DSC01484-1024x683-1.jpg\" alt=\"Detal elewacji frontowej. Fot. Hanna Laskowska, 2020, \u017ar\u00f3d\u0142o: lapidarium detalu\" data-id=\"171\" data-full-url=\"http:\/\/lapidarium.fundacja-hereditas.pl\/wp-content\/uploads\/2021\/08\/DSC01484-1024x683-1.jpg\" data-link=\"https:\/\/lapidarium.fundacja-hereditas.pl\/dsc01484-1024x683\/\" class=\"wp-image-171\" srcset=\"http:\/\/lapidarium.fundacja-hereditas.pl\/wp-content\/uploads\/2021\/08\/DSC01484-1024x683-1.jpg 1024w, http:\/\/lapidarium.fundacja-hereditas.pl\/wp-content\/uploads\/2021\/08\/DSC01484-1024x683-1-300x200.jpg 300w, http:\/\/lapidarium.fundacja-hereditas.pl\/wp-content\/uploads\/2021\/08\/DSC01484-1024x683-1-768x512.jpg 768w, http:\/\/lapidarium.fundacja-hereditas.pl\/wp-content\/uploads\/2021\/08\/DSC01484-1024x683-1-150x100.jpg 150w, http:\/\/lapidarium.fundacja-hereditas.pl\/wp-content\/uploads\/2021\/08\/DSC01484-1024x683-1-696x464.jpg 696w\" sizes=\"auto, (max-width: 1024px) 100vw, 1024px\" \/><\/a><figcaption class=\"blocks-gallery-item__caption\">Detal elewacji frontowej. Fot. Hanna Laskowska, 2020, \u017ar\u00f3d\u0142o: lapidarium detalu<\/figcaption><\/figure><\/li><li class=\"blocks-gallery-item\"><figure><a href=\"http:\/\/lapidarium.fundacja-hereditas.pl\/wp-content\/uploads\/2021\/08\/DSC01198-1024x683-1.jpg\"><img loading=\"lazy\" decoding=\"async\" width=\"1024\" height=\"683\" src=\"http:\/\/lapidarium.fundacja-hereditas.pl\/wp-content\/uploads\/2021\/08\/DSC01198-1024x683-1.jpg\" alt=\"Detal obramienia okna 1. pi\u0119tra w elewacji frontowej. Fot. Hanna Laskowska, 2020, \u017ar\u00f3d\u0142o: lapidarium detalu\" data-id=\"168\" data-full-url=\"http:\/\/lapidarium.fundacja-hereditas.pl\/wp-content\/uploads\/2021\/08\/DSC01198-1024x683-1.jpg\" data-link=\"https:\/\/lapidarium.fundacja-hereditas.pl\/dsc01198-1024x683\/\" class=\"wp-image-168\" srcset=\"http:\/\/lapidarium.fundacja-hereditas.pl\/wp-content\/uploads\/2021\/08\/DSC01198-1024x683-1.jpg 1024w, http:\/\/lapidarium.fundacja-hereditas.pl\/wp-content\/uploads\/2021\/08\/DSC01198-1024x683-1-300x200.jpg 300w, http:\/\/lapidarium.fundacja-hereditas.pl\/wp-content\/uploads\/2021\/08\/DSC01198-1024x683-1-768x512.jpg 768w, http:\/\/lapidarium.fundacja-hereditas.pl\/wp-content\/uploads\/2021\/08\/DSC01198-1024x683-1-150x100.jpg 150w, http:\/\/lapidarium.fundacja-hereditas.pl\/wp-content\/uploads\/2021\/08\/DSC01198-1024x683-1-696x464.jpg 696w\" sizes=\"auto, (max-width: 1024px) 100vw, 1024px\" \/><\/a><figcaption class=\"blocks-gallery-item__caption\">Detal obramienia okna 1. pi\u0119tra w elewacji frontowej. Fot. Hanna Laskowska, 2020, \u017ar\u00f3d\u0142o: lapidarium detalu<\/figcaption><\/figure><\/li><li class=\"blocks-gallery-item\"><figure><a href=\"http:\/\/lapidarium.fundacja-hereditas.pl\/wp-content\/uploads\/2021\/08\/DSC01414-1024x683-1.jpg\"><img loading=\"lazy\" decoding=\"async\" width=\"1024\" height=\"683\" src=\"http:\/\/lapidarium.fundacja-hereditas.pl\/wp-content\/uploads\/2021\/08\/DSC01414-1024x683-1.jpg\" alt=\"Kratka wentylacyjna pod oknem, elewacja podw\u00f3rzowa domu frontowego, parter. Fot. Hanna Laskowska, 2020, \u017ar\u00f3d\u0142o: lapidarium detalu\" data-id=\"152\" data-full-url=\"http:\/\/lapidarium.fundacja-hereditas.pl\/wp-content\/uploads\/2021\/08\/DSC01414-1024x683-1.jpg\" data-link=\"https:\/\/lapidarium.fundacja-hereditas.pl\/dsc01414-1024x683\/\" class=\"wp-image-152\" srcset=\"http:\/\/lapidarium.fundacja-hereditas.pl\/wp-content\/uploads\/2021\/08\/DSC01414-1024x683-1.jpg 1024w, http:\/\/lapidarium.fundacja-hereditas.pl\/wp-content\/uploads\/2021\/08\/DSC01414-1024x683-1-300x200.jpg 300w, http:\/\/lapidarium.fundacja-hereditas.pl\/wp-content\/uploads\/2021\/08\/DSC01414-1024x683-1-768x512.jpg 768w, http:\/\/lapidarium.fundacja-hereditas.pl\/wp-content\/uploads\/2021\/08\/DSC01414-1024x683-1-150x100.jpg 150w, http:\/\/lapidarium.fundacja-hereditas.pl\/wp-content\/uploads\/2021\/08\/DSC01414-1024x683-1-696x464.jpg 696w\" sizes=\"auto, (max-width: 1024px) 100vw, 1024px\" \/><\/a><figcaption class=\"blocks-gallery-item__caption\">Kratka wentylacyjna pod oknem, elewacja podw\u00f3rzowa domu frontowego, parter. Fot. Hanna Laskowska, 2020, \u017ar\u00f3d\u0142o: lapidarium detalu<\/figcaption><\/figure><\/li><li class=\"blocks-gallery-item\"><figure><a href=\"http:\/\/lapidarium.fundacja-hereditas.pl\/wp-content\/uploads\/2021\/08\/DSC01220-683x1024-1.jpg\"><img loading=\"lazy\" decoding=\"async\" width=\"683\" height=\"1024\" src=\"http:\/\/lapidarium.fundacja-hereditas.pl\/wp-content\/uploads\/2021\/08\/DSC01220-683x1024-1.jpg\" alt=\"Elewacja frontowa (detale). Fot. Hanna Laskowska, 2020, \u017ar\u00f3d\u0142o: lapidarium detalu\" data-id=\"159\" data-full-url=\"http:\/\/lapidarium.fundacja-hereditas.pl\/wp-content\/uploads\/2021\/08\/DSC01220-683x1024-1.jpg\" data-link=\"https:\/\/lapidarium.fundacja-hereditas.pl\/dsc01220-683x1024\/\" class=\"wp-image-159\" srcset=\"http:\/\/lapidarium.fundacja-hereditas.pl\/wp-content\/uploads\/2021\/08\/DSC01220-683x1024-1.jpg 683w, http:\/\/lapidarium.fundacja-hereditas.pl\/wp-content\/uploads\/2021\/08\/DSC01220-683x1024-1-200x300.jpg 200w, http:\/\/lapidarium.fundacja-hereditas.pl\/wp-content\/uploads\/2021\/08\/DSC01220-683x1024-1-150x225.jpg 150w, http:\/\/lapidarium.fundacja-hereditas.pl\/wp-content\/uploads\/2021\/08\/DSC01220-683x1024-1-300x450.jpg 300w\" sizes=\"auto, (max-width: 683px) 100vw, 683px\" \/><\/a><figcaption class=\"blocks-gallery-item__caption\">Elewacja frontowa (detale). Fot. Hanna Laskowska, 2020, \u017ar\u00f3d\u0142o: lapidarium detalu<\/figcaption><\/figure><\/li><li class=\"blocks-gallery-item\"><figure><a href=\"http:\/\/lapidarium.fundacja-hereditas.pl\/wp-content\/uploads\/2021\/09\/DSC01435-Ofic.lewa_-683x1024-1.jpg\"><img loading=\"lazy\" decoding=\"async\" width=\"683\" height=\"1024\" src=\"http:\/\/lapidarium.fundacja-hereditas.pl\/wp-content\/uploads\/2021\/09\/DSC01435-Ofic.lewa_-683x1024-1.jpg\" alt=\"Kratka wentylacyjna, elewacja podw\u00f3rzowa. Fot. Hanna Laskowska, 2020, \u017ar\u00f3d\u0142o: lapidarium detalu\" data-id=\"4321\" data-full-url=\"http:\/\/lapidarium.fundacja-hereditas.pl\/wp-content\/uploads\/2021\/09\/DSC01435-Ofic.lewa_-683x1024-1.jpg\" data-link=\"https:\/\/lapidarium.fundacja-hereditas.pl\/dsc01435-ofic-lewa_-683x1024\/\" class=\"wp-image-4321\" srcset=\"http:\/\/lapidarium.fundacja-hereditas.pl\/wp-content\/uploads\/2021\/09\/DSC01435-Ofic.lewa_-683x1024-1.jpg 683w, http:\/\/lapidarium.fundacja-hereditas.pl\/wp-content\/uploads\/2021\/09\/DSC01435-Ofic.lewa_-683x1024-1-200x300.jpg 200w, http:\/\/lapidarium.fundacja-hereditas.pl\/wp-content\/uploads\/2021\/09\/DSC01435-Ofic.lewa_-683x1024-1-150x225.jpg 150w, http:\/\/lapidarium.fundacja-hereditas.pl\/wp-content\/uploads\/2021\/09\/DSC01435-Ofic.lewa_-683x1024-1-300x450.jpg 300w\" sizes=\"auto, (max-width: 683px) 100vw, 683px\" \/><\/a><figcaption class=\"blocks-gallery-item__caption\">Kratka wentylacyjna, elewacja podw\u00f3rzowa. Fot. Hanna Laskowska, 2020, \u017ar\u00f3d\u0142o: lapidarium detalu<\/figcaption><\/figure><\/li><li class=\"blocks-gallery-item\"><figure><a href=\"http:\/\/lapidarium.fundacja-hereditas.pl\/wp-content\/uploads\/2021\/08\/DSC01483-1024x683-1.jpg\"><img loading=\"lazy\" decoding=\"async\" width=\"1024\" height=\"683\" src=\"http:\/\/lapidarium.fundacja-hereditas.pl\/wp-content\/uploads\/2021\/08\/DSC01483-1024x683-1.jpg\" alt=\"Odb\u00f3j wlotowy lewy, k\u00f3\u0142ko do mocowania koni (?). Fot. Hanna Laskowska, 2020, \u017ar\u00f3d\u0142o: lapidarium detalu\" data-id=\"185\" data-full-url=\"http:\/\/lapidarium.fundacja-hereditas.pl\/wp-content\/uploads\/2021\/08\/DSC01483-1024x683-1.jpg\" data-link=\"https:\/\/lapidarium.fundacja-hereditas.pl\/dsc01483-1024x683\/\" class=\"wp-image-185\" srcset=\"http:\/\/lapidarium.fundacja-hereditas.pl\/wp-content\/uploads\/2021\/08\/DSC01483-1024x683-1.jpg 1024w, http:\/\/lapidarium.fundacja-hereditas.pl\/wp-content\/uploads\/2021\/08\/DSC01483-1024x683-1-300x200.jpg 300w, http:\/\/lapidarium.fundacja-hereditas.pl\/wp-content\/uploads\/2021\/08\/DSC01483-1024x683-1-768x512.jpg 768w, http:\/\/lapidarium.fundacja-hereditas.pl\/wp-content\/uploads\/2021\/08\/DSC01483-1024x683-1-150x100.jpg 150w, http:\/\/lapidarium.fundacja-hereditas.pl\/wp-content\/uploads\/2021\/08\/DSC01483-1024x683-1-696x464.jpg 696w\" sizes=\"auto, (max-width: 1024px) 100vw, 1024px\" \/><\/a><figcaption class=\"blocks-gallery-item__caption\">Odb\u00f3j wlotowy lewy, k\u00f3\u0142ko do mocowania koni (?). Fot. Hanna Laskowska, 2020, \u017ar\u00f3d\u0142o: lapidarium detalu<\/figcaption><\/figure><\/li><li class=\"blocks-gallery-item\"><figure><a href=\"http:\/\/lapidarium.fundacja-hereditas.pl\/wp-content\/uploads\/2021\/08\/DSC01199-1024x683-1.jpg\"><img loading=\"lazy\" decoding=\"async\" width=\"1024\" height=\"683\" src=\"http:\/\/lapidarium.fundacja-hereditas.pl\/wp-content\/uploads\/2021\/08\/DSC01199-1024x683-1.jpg\" alt=\"Pilaster obramienia okna 1. pi\u0119tra w elewacji frontowej. Fot. Hanna Laskowska, 2020, \u017ar\u00f3d\u0142o: lapidarium detalu\" data-id=\"184\" data-full-url=\"http:\/\/lapidarium.fundacja-hereditas.pl\/wp-content\/uploads\/2021\/08\/DSC01199-1024x683-1.jpg\" data-link=\"https:\/\/lapidarium.fundacja-hereditas.pl\/dsc01199-1024x683\/\" class=\"wp-image-184\" srcset=\"http:\/\/lapidarium.fundacja-hereditas.pl\/wp-content\/uploads\/2021\/08\/DSC01199-1024x683-1.jpg 1024w, http:\/\/lapidarium.fundacja-hereditas.pl\/wp-content\/uploads\/2021\/08\/DSC01199-1024x683-1-300x200.jpg 300w, http:\/\/lapidarium.fundacja-hereditas.pl\/wp-content\/uploads\/2021\/08\/DSC01199-1024x683-1-768x512.jpg 768w, http:\/\/lapidarium.fundacja-hereditas.pl\/wp-content\/uploads\/2021\/08\/DSC01199-1024x683-1-150x100.jpg 150w, http:\/\/lapidarium.fundacja-hereditas.pl\/wp-content\/uploads\/2021\/08\/DSC01199-1024x683-1-696x464.jpg 696w\" sizes=\"auto, (max-width: 1024px) 100vw, 1024px\" \/><\/a><figcaption class=\"blocks-gallery-item__caption\">Pilaster obramienia okna 1. pi\u0119tra w elewacji frontowej. Fot. Hanna Laskowska, 2020, \u017ar\u00f3d\u0142o: lapidarium detalu<\/figcaption><\/figure><\/li><li class=\"blocks-gallery-item\"><figure><a href=\"http:\/\/lapidarium.fundacja-hereditas.pl\/wp-content\/uploads\/2021\/08\/DSC01208-1024x683-1.jpg\"><img loading=\"lazy\" decoding=\"async\" width=\"1024\" height=\"683\" src=\"http:\/\/lapidarium.fundacja-hereditas.pl\/wp-content\/uploads\/2021\/08\/DSC01208-1024x683-1.jpg\" alt=\"Gzyms koronuj\u0105cy. Fot. Hanna Laskowska, 2020, \u017ar\u00f3d\u0142o: lapidarium detalu\" data-id=\"144\" data-full-url=\"http:\/\/lapidarium.fundacja-hereditas.pl\/wp-content\/uploads\/2021\/08\/DSC01208-1024x683-1.jpg\" data-link=\"https:\/\/lapidarium.fundacja-hereditas.pl\/dsc01208-1024x683\/\" class=\"wp-image-144\" srcset=\"http:\/\/lapidarium.fundacja-hereditas.pl\/wp-content\/uploads\/2021\/08\/DSC01208-1024x683-1.jpg 1024w, http:\/\/lapidarium.fundacja-hereditas.pl\/wp-content\/uploads\/2021\/08\/DSC01208-1024x683-1-300x200.jpg 300w, http:\/\/lapidarium.fundacja-hereditas.pl\/wp-content\/uploads\/2021\/08\/DSC01208-1024x683-1-768x512.jpg 768w, http:\/\/lapidarium.fundacja-hereditas.pl\/wp-content\/uploads\/2021\/08\/DSC01208-1024x683-1-150x100.jpg 150w, http:\/\/lapidarium.fundacja-hereditas.pl\/wp-content\/uploads\/2021\/08\/DSC01208-1024x683-1-696x464.jpg 696w\" sizes=\"auto, (max-width: 1024px) 100vw, 1024px\" \/><\/a><figcaption class=\"blocks-gallery-item__caption\">Gzyms koronuj\u0105cy. Fot. Hanna Laskowska, 2020, \u017ar\u00f3d\u0142o: lapidarium detalu<\/figcaption><\/figure><\/li><li class=\"blocks-gallery-item\"><figure><a href=\"http:\/\/lapidarium.fundacja-hereditas.pl\/wp-content\/uploads\/2021\/08\/DSC01191-1024x683-1.jpg\"><img loading=\"lazy\" decoding=\"async\" width=\"1024\" height=\"683\" src=\"http:\/\/lapidarium.fundacja-hereditas.pl\/wp-content\/uploads\/2021\/08\/DSC01191-1024x683-1.jpg\" alt=\"Balkon naro\u017cnika. Fot. Hanna Laskowska, 2020, \u017ar\u00f3d\u0142o: lapidarium detalu\" data-id=\"163\" data-full-url=\"http:\/\/lapidarium.fundacja-hereditas.pl\/wp-content\/uploads\/2021\/08\/DSC01191-1024x683-1.jpg\" data-link=\"https:\/\/lapidarium.fundacja-hereditas.pl\/dsc01191-1024x683\/\" class=\"wp-image-163\" srcset=\"http:\/\/lapidarium.fundacja-hereditas.pl\/wp-content\/uploads\/2021\/08\/DSC01191-1024x683-1.jpg 1024w, http:\/\/lapidarium.fundacja-hereditas.pl\/wp-content\/uploads\/2021\/08\/DSC01191-1024x683-1-300x200.jpg 300w, http:\/\/lapidarium.fundacja-hereditas.pl\/wp-content\/uploads\/2021\/08\/DSC01191-1024x683-1-768x512.jpg 768w, http:\/\/lapidarium.fundacja-hereditas.pl\/wp-content\/uploads\/2021\/08\/DSC01191-1024x683-1-150x100.jpg 150w, http:\/\/lapidarium.fundacja-hereditas.pl\/wp-content\/uploads\/2021\/08\/DSC01191-1024x683-1-696x464.jpg 696w\" sizes=\"auto, (max-width: 1024px) 100vw, 1024px\" \/><\/a><figcaption class=\"blocks-gallery-item__caption\">Balkon naro\u017cnika. Fot. Hanna Laskowska, 2020, \u017ar\u00f3d\u0142o: lapidarium detalu<\/figcaption><\/figure><\/li><li class=\"blocks-gallery-item\"><figure><a href=\"http:\/\/lapidarium.fundacja-hereditas.pl\/wp-content\/uploads\/2021\/08\/DSC01181-683x1024-1.jpg\"><img loading=\"lazy\" decoding=\"async\" width=\"683\" height=\"1024\" src=\"http:\/\/lapidarium.fundacja-hereditas.pl\/wp-content\/uploads\/2021\/08\/DSC01181-683x1024-1.jpg\" alt=\"Balkon naro\u017cnika. Fot. Hanna Laskowska, 2020, \u017ar\u00f3d\u0142o: lapidarium detalu\" data-id=\"141\" data-full-url=\"http:\/\/lapidarium.fundacja-hereditas.pl\/wp-content\/uploads\/2021\/08\/DSC01181-683x1024-1.jpg\" data-link=\"https:\/\/lapidarium.fundacja-hereditas.pl\/dsc01181-683x1024\/\" class=\"wp-image-141\" srcset=\"http:\/\/lapidarium.fundacja-hereditas.pl\/wp-content\/uploads\/2021\/08\/DSC01181-683x1024-1.jpg 683w, http:\/\/lapidarium.fundacja-hereditas.pl\/wp-content\/uploads\/2021\/08\/DSC01181-683x1024-1-200x300.jpg 200w, http:\/\/lapidarium.fundacja-hereditas.pl\/wp-content\/uploads\/2021\/08\/DSC01181-683x1024-1-150x225.jpg 150w, http:\/\/lapidarium.fundacja-hereditas.pl\/wp-content\/uploads\/2021\/08\/DSC01181-683x1024-1-300x450.jpg 300w\" sizes=\"auto, (max-width: 683px) 100vw, 683px\" \/><\/a><figcaption class=\"blocks-gallery-item__caption\">Balkon naro\u017cnika. Fot. Hanna Laskowska, 2020, \u017ar\u00f3d\u0142o: lapidarium detalu<\/figcaption><\/figure><\/li><li class=\"blocks-gallery-item\"><figure><a href=\"http:\/\/lapidarium.fundacja-hereditas.pl\/wp-content\/uploads\/2021\/08\/DSC01221-683x1024-1.jpg\"><img loading=\"lazy\" decoding=\"async\" width=\"683\" height=\"1024\" src=\"http:\/\/lapidarium.fundacja-hereditas.pl\/wp-content\/uploads\/2021\/08\/DSC01221-683x1024-1.jpg\" alt=\"Balkon naro\u017cnika. Fot. Hanna Laskowska, 2020, \u017ar\u00f3d\u0142o: lapidarium detalu\" data-id=\"137\" data-full-url=\"http:\/\/lapidarium.fundacja-hereditas.pl\/wp-content\/uploads\/2021\/08\/DSC01221-683x1024-1.jpg\" data-link=\"https:\/\/lapidarium.fundacja-hereditas.pl\/dsc01221-683x1024\/\" class=\"wp-image-137\" srcset=\"http:\/\/lapidarium.fundacja-hereditas.pl\/wp-content\/uploads\/2021\/08\/DSC01221-683x1024-1.jpg 683w, http:\/\/lapidarium.fundacja-hereditas.pl\/wp-content\/uploads\/2021\/08\/DSC01221-683x1024-1-200x300.jpg 200w, http:\/\/lapidarium.fundacja-hereditas.pl\/wp-content\/uploads\/2021\/08\/DSC01221-683x1024-1-150x225.jpg 150w, http:\/\/lapidarium.fundacja-hereditas.pl\/wp-content\/uploads\/2021\/08\/DSC01221-683x1024-1-300x450.jpg 300w\" sizes=\"auto, (max-width: 683px) 100vw, 683px\" \/><\/a><figcaption class=\"blocks-gallery-item__caption\">Balkon naro\u017cnika. Fot. Hanna Laskowska, 2020, \u017ar\u00f3d\u0142o: lapidarium detalu<\/figcaption><\/figure><\/li><li class=\"blocks-gallery-item\"><figure><a href=\"http:\/\/lapidarium.fundacja-hereditas.pl\/wp-content\/uploads\/2021\/08\/DSC01192-683x1024-1.jpg\"><img loading=\"lazy\" decoding=\"async\" width=\"683\" height=\"1024\" src=\"http:\/\/lapidarium.fundacja-hereditas.pl\/wp-content\/uploads\/2021\/08\/DSC01192-683x1024-1.jpg\" alt=\"Balustrada balkonu naro\u017cnika. Fot. Hanna Laskowska, 2020, \u017ar\u00f3d\u0142o: lapidarium detalu\" data-id=\"138\" data-full-url=\"http:\/\/lapidarium.fundacja-hereditas.pl\/wp-content\/uploads\/2021\/08\/DSC01192-683x1024-1.jpg\" data-link=\"https:\/\/lapidarium.fundacja-hereditas.pl\/dsc01192-683x1024\/\" class=\"wp-image-138\" srcset=\"http:\/\/lapidarium.fundacja-hereditas.pl\/wp-content\/uploads\/2021\/08\/DSC01192-683x1024-1.jpg 683w, http:\/\/lapidarium.fundacja-hereditas.pl\/wp-content\/uploads\/2021\/08\/DSC01192-683x1024-1-200x300.jpg 200w, http:\/\/lapidarium.fundacja-hereditas.pl\/wp-content\/uploads\/2021\/08\/DSC01192-683x1024-1-150x225.jpg 150w, http:\/\/lapidarium.fundacja-hereditas.pl\/wp-content\/uploads\/2021\/08\/DSC01192-683x1024-1-300x450.jpg 300w\" sizes=\"auto, (max-width: 683px) 100vw, 683px\" \/><\/a><figcaption class=\"blocks-gallery-item__caption\">Balustrada balkonu naro\u017cnika. Fot. Hanna Laskowska, 2020, \u017ar\u00f3d\u0142o: lapidarium detalu<\/figcaption><\/figure><\/li><li class=\"blocks-gallery-item\"><figure><a href=\"http:\/\/lapidarium.fundacja-hereditas.pl\/wp-content\/uploads\/2021\/08\/DSC01182-1024x683-1.jpg\"><img loading=\"lazy\" decoding=\"async\" width=\"1024\" height=\"683\" src=\"http:\/\/lapidarium.fundacja-hereditas.pl\/wp-content\/uploads\/2021\/08\/DSC01182-1024x683-1.jpg\" alt=\"Konsola balkonu naro\u017cnika. Fot. Hanna Laskowska, 2020, \u017ar\u00f3d\u0142o: lapidarium detalu.\" data-id=\"108\" data-full-url=\"http:\/\/lapidarium.fundacja-hereditas.pl\/wp-content\/uploads\/2021\/08\/DSC01182-1024x683-1.jpg\" data-link=\"https:\/\/lapidarium.fundacja-hereditas.pl\/dsc01182-1024x683\/\" class=\"wp-image-108\" srcset=\"http:\/\/lapidarium.fundacja-hereditas.pl\/wp-content\/uploads\/2021\/08\/DSC01182-1024x683-1.jpg 1024w, http:\/\/lapidarium.fundacja-hereditas.pl\/wp-content\/uploads\/2021\/08\/DSC01182-1024x683-1-300x200.jpg 300w, http:\/\/lapidarium.fundacja-hereditas.pl\/wp-content\/uploads\/2021\/08\/DSC01182-1024x683-1-768x512.jpg 768w, http:\/\/lapidarium.fundacja-hereditas.pl\/wp-content\/uploads\/2021\/08\/DSC01182-1024x683-1-150x100.jpg 150w, http:\/\/lapidarium.fundacja-hereditas.pl\/wp-content\/uploads\/2021\/08\/DSC01182-1024x683-1-696x464.jpg 696w\" sizes=\"auto, (max-width: 1024px) 100vw, 1024px\" \/><\/a><figcaption class=\"blocks-gallery-item__caption\">Konsola balkonu naro\u017cnika. Fot. Hanna Laskowska, 2020, \u017ar\u00f3d\u0142o: lapidarium detalu.<\/figcaption><\/figure><\/li><li class=\"blocks-gallery-item\"><figure><a href=\"http:\/\/lapidarium.fundacja-hereditas.pl\/wp-content\/uploads\/2021\/08\/DSC01447-1024x683-1.jpg\"><img loading=\"lazy\" decoding=\"async\" width=\"1024\" height=\"683\" src=\"http:\/\/lapidarium.fundacja-hereditas.pl\/wp-content\/uploads\/2021\/08\/DSC01447-1024x683-1.jpg\" alt=\"Odboje wylotowe. Fot. Hanna Laskowska, 2020, \u017ar\u00f3d\u0142o: lapidarium detalu\" data-id=\"160\" data-full-url=\"http:\/\/lapidarium.fundacja-hereditas.pl\/wp-content\/uploads\/2021\/08\/DSC01447-1024x683-1.jpg\" data-link=\"https:\/\/lapidarium.fundacja-hereditas.pl\/dsc01447-1024x683\/\" class=\"wp-image-160\" srcset=\"http:\/\/lapidarium.fundacja-hereditas.pl\/wp-content\/uploads\/2021\/08\/DSC01447-1024x683-1.jpg 1024w, http:\/\/lapidarium.fundacja-hereditas.pl\/wp-content\/uploads\/2021\/08\/DSC01447-1024x683-1-300x200.jpg 300w, http:\/\/lapidarium.fundacja-hereditas.pl\/wp-content\/uploads\/2021\/08\/DSC01447-1024x683-1-768x512.jpg 768w, http:\/\/lapidarium.fundacja-hereditas.pl\/wp-content\/uploads\/2021\/08\/DSC01447-1024x683-1-150x100.jpg 150w, http:\/\/lapidarium.fundacja-hereditas.pl\/wp-content\/uploads\/2021\/08\/DSC01447-1024x683-1-696x464.jpg 696w\" sizes=\"auto, (max-width: 1024px) 100vw, 1024px\" \/><\/a><figcaption class=\"blocks-gallery-item__caption\">Odboje wylotowe. Fot. Hanna Laskowska, 2020, \u017ar\u00f3d\u0142o: lapidarium detalu<\/figcaption><\/figure><\/li><li class=\"blocks-gallery-item\"><figure><a href=\"http:\/\/lapidarium.fundacja-hereditas.pl\/wp-content\/uploads\/2021\/08\/DSC01460-1024x683-1.jpg\"><img loading=\"lazy\" decoding=\"async\" width=\"1024\" height=\"683\" src=\"http:\/\/lapidarium.fundacja-hereditas.pl\/wp-content\/uploads\/2021\/08\/DSC01460-1024x683-1.jpg\" alt=\"Odboje wylotowe. Fot. Hanna Laskowska, 2020, \u017ar\u00f3d\u0142o: lapidarium detalu\" data-id=\"155\" data-full-url=\"http:\/\/lapidarium.fundacja-hereditas.pl\/wp-content\/uploads\/2021\/08\/DSC01460-1024x683-1.jpg\" data-link=\"https:\/\/lapidarium.fundacja-hereditas.pl\/dsc01460-1024x683\/\" class=\"wp-image-155\" srcset=\"http:\/\/lapidarium.fundacja-hereditas.pl\/wp-content\/uploads\/2021\/08\/DSC01460-1024x683-1.jpg 1024w, http:\/\/lapidarium.fundacja-hereditas.pl\/wp-content\/uploads\/2021\/08\/DSC01460-1024x683-1-300x200.jpg 300w, http:\/\/lapidarium.fundacja-hereditas.pl\/wp-content\/uploads\/2021\/08\/DSC01460-1024x683-1-768x512.jpg 768w, http:\/\/lapidarium.fundacja-hereditas.pl\/wp-content\/uploads\/2021\/08\/DSC01460-1024x683-1-150x100.jpg 150w, http:\/\/lapidarium.fundacja-hereditas.pl\/wp-content\/uploads\/2021\/08\/DSC01460-1024x683-1-696x464.jpg 696w\" sizes=\"auto, (max-width: 1024px) 100vw, 1024px\" \/><\/a><figcaption class=\"blocks-gallery-item__caption\">Odboje wylotowe. Fot. Hanna Laskowska, 2020, \u017ar\u00f3d\u0142o: lapidarium detalu<\/figcaption><\/figure><\/li><li class=\"blocks-gallery-item\"><figure><a href=\"http:\/\/lapidarium.fundacja-hereditas.pl\/wp-content\/uploads\/2021\/08\/DSC01477-1024x683-1.jpg\"><img loading=\"lazy\" decoding=\"async\" width=\"1024\" height=\"683\" src=\"http:\/\/lapidarium.fundacja-hereditas.pl\/wp-content\/uploads\/2021\/08\/DSC01477-1024x683-1.jpg\" alt=\"Brama wjazdowa (fragm.). Fot. Hanna Laskowska, 2020, \u017ar\u00f3d\u0142o: lapidarium detalu\" data-id=\"151\" data-full-url=\"http:\/\/lapidarium.fundacja-hereditas.pl\/wp-content\/uploads\/2021\/08\/DSC01477-1024x683-1.jpg\" data-link=\"https:\/\/lapidarium.fundacja-hereditas.pl\/dsc01477-1024x683\/\" class=\"wp-image-151\" srcset=\"http:\/\/lapidarium.fundacja-hereditas.pl\/wp-content\/uploads\/2021\/08\/DSC01477-1024x683-1.jpg 1024w, http:\/\/lapidarium.fundacja-hereditas.pl\/wp-content\/uploads\/2021\/08\/DSC01477-1024x683-1-300x200.jpg 300w, http:\/\/lapidarium.fundacja-hereditas.pl\/wp-content\/uploads\/2021\/08\/DSC01477-1024x683-1-768x512.jpg 768w, http:\/\/lapidarium.fundacja-hereditas.pl\/wp-content\/uploads\/2021\/08\/DSC01477-1024x683-1-150x100.jpg 150w, http:\/\/lapidarium.fundacja-hereditas.pl\/wp-content\/uploads\/2021\/08\/DSC01477-1024x683-1-696x464.jpg 696w\" sizes=\"auto, (max-width: 1024px) 100vw, 1024px\" \/><\/a><figcaption class=\"blocks-gallery-item__caption\">Brama wjazdowa (fragm.). Fot. Hanna Laskowska, 2020, \u017ar\u00f3d\u0142o: lapidarium detalu<\/figcaption><\/figure><\/li><li class=\"blocks-gallery-item\"><figure><a href=\"http:\/\/lapidarium.fundacja-hereditas.pl\/wp-content\/uploads\/2021\/08\/DSC01224-683x1024-1.jpg\"><img loading=\"lazy\" decoding=\"async\" width=\"683\" height=\"1024\" src=\"http:\/\/lapidarium.fundacja-hereditas.pl\/wp-content\/uploads\/2021\/08\/DSC01224-683x1024-1.jpg\" alt=\"Brama wjazdowa. Fot. Hanna Laskowska, 2020, \u017ar\u00f3d\u0142o: lapidarium detalu\" data-id=\"135\" data-full-url=\"http:\/\/lapidarium.fundacja-hereditas.pl\/wp-content\/uploads\/2021\/08\/DSC01224-683x1024-1.jpg\" data-link=\"https:\/\/lapidarium.fundacja-hereditas.pl\/dsc01224-683x1024\/\" class=\"wp-image-135\" srcset=\"http:\/\/lapidarium.fundacja-hereditas.pl\/wp-content\/uploads\/2021\/08\/DSC01224-683x1024-1.jpg 683w, http:\/\/lapidarium.fundacja-hereditas.pl\/wp-content\/uploads\/2021\/08\/DSC01224-683x1024-1-200x300.jpg 200w, http:\/\/lapidarium.fundacja-hereditas.pl\/wp-content\/uploads\/2021\/08\/DSC01224-683x1024-1-150x225.jpg 150w, http:\/\/lapidarium.fundacja-hereditas.pl\/wp-content\/uploads\/2021\/08\/DSC01224-683x1024-1-300x450.jpg 300w\" sizes=\"auto, (max-width: 683px) 100vw, 683px\" \/><\/a><figcaption class=\"blocks-gallery-item__caption\">Brama wjazdowa. Fot. Hanna Laskowska, 2020, \u017ar\u00f3d\u0142o: lapidarium detalu<\/figcaption><\/figure><\/li><li class=\"blocks-gallery-item\"><figure><a href=\"http:\/\/lapidarium.fundacja-hereditas.pl\/wp-content\/uploads\/2021\/08\/DSC01471-683x1024-1.jpg\"><img loading=\"lazy\" decoding=\"async\" width=\"683\" height=\"1024\" src=\"http:\/\/lapidarium.fundacja-hereditas.pl\/wp-content\/uploads\/2021\/08\/DSC01471-683x1024-1.jpg\" alt=\"Brama wjazdowa. Fot. Hanna Laskowska, 2020, \u017ar\u00f3d\u0142o: lapidarium detalu\" data-id=\"150\" data-full-url=\"http:\/\/lapidarium.fundacja-hereditas.pl\/wp-content\/uploads\/2021\/08\/DSC01471-683x1024-1.jpg\" data-link=\"https:\/\/lapidarium.fundacja-hereditas.pl\/dsc01471-683x1024\/\" class=\"wp-image-150\" srcset=\"http:\/\/lapidarium.fundacja-hereditas.pl\/wp-content\/uploads\/2021\/08\/DSC01471-683x1024-1.jpg 683w, http:\/\/lapidarium.fundacja-hereditas.pl\/wp-content\/uploads\/2021\/08\/DSC01471-683x1024-1-200x300.jpg 200w, http:\/\/lapidarium.fundacja-hereditas.pl\/wp-content\/uploads\/2021\/08\/DSC01471-683x1024-1-150x225.jpg 150w, http:\/\/lapidarium.fundacja-hereditas.pl\/wp-content\/uploads\/2021\/08\/DSC01471-683x1024-1-300x450.jpg 300w\" sizes=\"auto, (max-width: 683px) 100vw, 683px\" \/><\/a><figcaption class=\"blocks-gallery-item__caption\">Brama wjazdowa. Fot. Hanna Laskowska, 2020, \u017ar\u00f3d\u0142o: lapidarium detalu<\/figcaption><\/figure><\/li><li class=\"blocks-gallery-item\"><figure><a href=\"http:\/\/lapidarium.fundacja-hereditas.pl\/wp-content\/uploads\/2021\/08\/DSC01472-683x1024-1.jpg\"><img loading=\"lazy\" decoding=\"async\" width=\"683\" height=\"1024\" src=\"http:\/\/lapidarium.fundacja-hereditas.pl\/wp-content\/uploads\/2021\/08\/DSC01472-683x1024-1.jpg\" alt=\"Brama wjazdowa (fragm.). Fot. Hanna Laskowska, 2020, \u017ar\u00f3d\u0142o: lapidarium detalu\" data-id=\"147\" data-full-url=\"http:\/\/lapidarium.fundacja-hereditas.pl\/wp-content\/uploads\/2021\/08\/DSC01472-683x1024-1.jpg\" data-link=\"https:\/\/lapidarium.fundacja-hereditas.pl\/dsc01472-683x1024\/\" class=\"wp-image-147\" srcset=\"http:\/\/lapidarium.fundacja-hereditas.pl\/wp-content\/uploads\/2021\/08\/DSC01472-683x1024-1.jpg 683w, http:\/\/lapidarium.fundacja-hereditas.pl\/wp-content\/uploads\/2021\/08\/DSC01472-683x1024-1-200x300.jpg 200w, http:\/\/lapidarium.fundacja-hereditas.pl\/wp-content\/uploads\/2021\/08\/DSC01472-683x1024-1-150x225.jpg 150w, http:\/\/lapidarium.fundacja-hereditas.pl\/wp-content\/uploads\/2021\/08\/DSC01472-683x1024-1-300x450.jpg 300w\" sizes=\"auto, (max-width: 683px) 100vw, 683px\" \/><\/a><figcaption class=\"blocks-gallery-item__caption\">Brama wjazdowa (fragm.). Fot. Hanna Laskowska, 2020, \u017ar\u00f3d\u0142o: lapidarium detalu<\/figcaption><\/figure><\/li><li class=\"blocks-gallery-item\"><figure><a href=\"http:\/\/lapidarium.fundacja-hereditas.pl\/wp-content\/uploads\/2021\/08\/DSC01322-683x1024-1.jpg\"><img loading=\"lazy\" decoding=\"async\" width=\"683\" height=\"1024\" src=\"http:\/\/lapidarium.fundacja-hereditas.pl\/wp-content\/uploads\/2021\/08\/DSC01322-683x1024-1.jpg\" alt=\"Wej\u015bcie na klatk\u0119 schodow\u0105 w \u0142\u0105czniku mi\u0119dzy domem frontowym a oficyn\u0105 boczn\u0105. Fot. Hanna Laskowska, 2020, \u017ar\u00f3d\u0142o: lapidarium detalu\" data-id=\"157\" data-full-url=\"http:\/\/lapidarium.fundacja-hereditas.pl\/wp-content\/uploads\/2021\/08\/DSC01322-683x1024-1.jpg\" data-link=\"https:\/\/lapidarium.fundacja-hereditas.pl\/dsc01322-683x1024\/\" class=\"wp-image-157\" srcset=\"http:\/\/lapidarium.fundacja-hereditas.pl\/wp-content\/uploads\/2021\/08\/DSC01322-683x1024-1.jpg 683w, http:\/\/lapidarium.fundacja-hereditas.pl\/wp-content\/uploads\/2021\/08\/DSC01322-683x1024-1-200x300.jpg 200w, http:\/\/lapidarium.fundacja-hereditas.pl\/wp-content\/uploads\/2021\/08\/DSC01322-683x1024-1-150x225.jpg 150w, http:\/\/lapidarium.fundacja-hereditas.pl\/wp-content\/uploads\/2021\/08\/DSC01322-683x1024-1-300x450.jpg 300w\" sizes=\"auto, (max-width: 683px) 100vw, 683px\" \/><\/a><figcaption class=\"blocks-gallery-item__caption\">Wej\u015bcie na klatk\u0119 schodow\u0105 w \u0142\u0105czniku mi\u0119dzy domem frontowym a oficyn\u0105 boczn\u0105. Fot. Hanna Laskowska, 2020, \u017ar\u00f3d\u0142o: lapidarium detalu<\/figcaption><\/figure><\/li><li class=\"blocks-gallery-item\"><figure><a href=\"http:\/\/lapidarium.fundacja-hereditas.pl\/wp-content\/uploads\/2021\/08\/DSC01325-Naroznik-ofic.-prawej-i-tylnej-683x1024-1.jpg\"><img loading=\"lazy\" decoding=\"async\" width=\"683\" height=\"1024\" src=\"http:\/\/lapidarium.fundacja-hereditas.pl\/wp-content\/uploads\/2021\/08\/DSC01325-Naroznik-ofic.-prawej-i-tylnej-683x1024-1.jpg\" alt=\"Wej\u015bcie na klatk\u0119 schodow\u0105 z mieszkaniami n-ry 57-68. Fot. Hanna Laskowska, 2020, \u017ar\u00f3d\u0142o: lapidarium detalu\" data-id=\"162\" data-full-url=\"http:\/\/lapidarium.fundacja-hereditas.pl\/wp-content\/uploads\/2021\/08\/DSC01325-Naroznik-ofic.-prawej-i-tylnej-683x1024-1.jpg\" data-link=\"https:\/\/lapidarium.fundacja-hereditas.pl\/dsc01325-naroznik-ofic-prawej-i-tylnej-683x1024\/\" class=\"wp-image-162\" srcset=\"http:\/\/lapidarium.fundacja-hereditas.pl\/wp-content\/uploads\/2021\/08\/DSC01325-Naroznik-ofic.-prawej-i-tylnej-683x1024-1.jpg 683w, http:\/\/lapidarium.fundacja-hereditas.pl\/wp-content\/uploads\/2021\/08\/DSC01325-Naroznik-ofic.-prawej-i-tylnej-683x1024-1-200x300.jpg 200w, http:\/\/lapidarium.fundacja-hereditas.pl\/wp-content\/uploads\/2021\/08\/DSC01325-Naroznik-ofic.-prawej-i-tylnej-683x1024-1-150x225.jpg 150w, http:\/\/lapidarium.fundacja-hereditas.pl\/wp-content\/uploads\/2021\/08\/DSC01325-Naroznik-ofic.-prawej-i-tylnej-683x1024-1-300x450.jpg 300w\" sizes=\"auto, (max-width: 683px) 100vw, 683px\" \/><\/a><figcaption class=\"blocks-gallery-item__caption\">Wej\u015bcie na klatk\u0119 schodow\u0105 z mieszkaniami n-ry 57-68. Fot. Hanna Laskowska, 2020, \u017ar\u00f3d\u0142o: lapidarium detalu<\/figcaption><\/figure><\/li><li class=\"blocks-gallery-item\"><figure><a href=\"http:\/\/lapidarium.fundacja-hereditas.pl\/wp-content\/uploads\/2021\/08\/DSC01455-683x1024-1.jpg\"><img loading=\"lazy\" decoding=\"async\" width=\"683\" height=\"1024\" src=\"http:\/\/lapidarium.fundacja-hereditas.pl\/wp-content\/uploads\/2021\/08\/DSC01455-683x1024-1.jpg\" alt=\"Przejazd bramny, wrota bramy. Fot. Hanna Laskowska, 2020, \u017ar\u00f3d\u0142o: lapidarium detalu.\" data-id=\"113\" data-full-url=\"http:\/\/lapidarium.fundacja-hereditas.pl\/wp-content\/uploads\/2021\/08\/DSC01455-683x1024-1.jpg\" data-link=\"https:\/\/lapidarium.fundacja-hereditas.pl\/dsc01455-683x1024\/\" class=\"wp-image-113\" srcset=\"http:\/\/lapidarium.fundacja-hereditas.pl\/wp-content\/uploads\/2021\/08\/DSC01455-683x1024-1.jpg 683w, http:\/\/lapidarium.fundacja-hereditas.pl\/wp-content\/uploads\/2021\/08\/DSC01455-683x1024-1-200x300.jpg 200w, http:\/\/lapidarium.fundacja-hereditas.pl\/wp-content\/uploads\/2021\/08\/DSC01455-683x1024-1-150x225.jpg 150w, http:\/\/lapidarium.fundacja-hereditas.pl\/wp-content\/uploads\/2021\/08\/DSC01455-683x1024-1-300x450.jpg 300w\" sizes=\"auto, (max-width: 683px) 100vw, 683px\" \/><\/a><figcaption class=\"blocks-gallery-item__caption\">Przejazd bramny, wrota bramy. Fot. Hanna Laskowska, 2020, \u017ar\u00f3d\u0142o: lapidarium detalu.<\/figcaption><\/figure><\/li><li class=\"blocks-gallery-item\"><figure><a href=\"http:\/\/lapidarium.fundacja-hereditas.pl\/wp-content\/uploads\/2021\/08\/DSC01448-683x1024-1.jpg\"><img loading=\"lazy\" decoding=\"async\" width=\"683\" height=\"1024\" src=\"http:\/\/lapidarium.fundacja-hereditas.pl\/wp-content\/uploads\/2021\/08\/DSC01448-683x1024-1.jpg\" alt=\"Przejazd bramny, odboje wylotowe. Fot. Hanna Laskowska, 2020, \u017ar\u00f3d\u0142o: lapidarium detalu.\" data-id=\"106\" data-full-url=\"http:\/\/lapidarium.fundacja-hereditas.pl\/wp-content\/uploads\/2021\/08\/DSC01448-683x1024-1.jpg\" data-link=\"https:\/\/lapidarium.fundacja-hereditas.pl\/dsc01448-683x1024\/\" class=\"wp-image-106\" srcset=\"http:\/\/lapidarium.fundacja-hereditas.pl\/wp-content\/uploads\/2021\/08\/DSC01448-683x1024-1.jpg 683w, http:\/\/lapidarium.fundacja-hereditas.pl\/wp-content\/uploads\/2021\/08\/DSC01448-683x1024-1-200x300.jpg 200w, http:\/\/lapidarium.fundacja-hereditas.pl\/wp-content\/uploads\/2021\/08\/DSC01448-683x1024-1-150x225.jpg 150w, http:\/\/lapidarium.fundacja-hereditas.pl\/wp-content\/uploads\/2021\/08\/DSC01448-683x1024-1-300x450.jpg 300w\" sizes=\"auto, (max-width: 683px) 100vw, 683px\" \/><\/a><figcaption class=\"blocks-gallery-item__caption\">Przejazd bramny, odboje wylotowe. Fot. Hanna Laskowska, 2020, \u017ar\u00f3d\u0142o: lapidarium detalu.<\/figcaption><\/figure><\/li><li class=\"blocks-gallery-item\"><figure><a href=\"http:\/\/lapidarium.fundacja-hereditas.pl\/wp-content\/uploads\/2021\/08\/DSC01458-1024x683-1.jpg\"><img loading=\"lazy\" decoding=\"async\" width=\"1024\" height=\"683\" src=\"http:\/\/lapidarium.fundacja-hereditas.pl\/wp-content\/uploads\/2021\/08\/DSC01458-1024x683-1.jpg\" alt=\"Sklepienie przejazdu bramnego. Fot. Hanna Laskowska, 2020, \u017ar\u00f3d\u0142o: lapidarium detalu\" data-id=\"125\" data-full-url=\"http:\/\/lapidarium.fundacja-hereditas.pl\/wp-content\/uploads\/2021\/08\/DSC01458-1024x683-1.jpg\" data-link=\"https:\/\/lapidarium.fundacja-hereditas.pl\/dsc01458-1024x683\/\" class=\"wp-image-125\" srcset=\"http:\/\/lapidarium.fundacja-hereditas.pl\/wp-content\/uploads\/2021\/08\/DSC01458-1024x683-1.jpg 1024w, http:\/\/lapidarium.fundacja-hereditas.pl\/wp-content\/uploads\/2021\/08\/DSC01458-1024x683-1-300x200.jpg 300w, http:\/\/lapidarium.fundacja-hereditas.pl\/wp-content\/uploads\/2021\/08\/DSC01458-1024x683-1-768x512.jpg 768w, http:\/\/lapidarium.fundacja-hereditas.pl\/wp-content\/uploads\/2021\/08\/DSC01458-1024x683-1-150x100.jpg 150w, http:\/\/lapidarium.fundacja-hereditas.pl\/wp-content\/uploads\/2021\/08\/DSC01458-1024x683-1-696x464.jpg 696w\" sizes=\"auto, (max-width: 1024px) 100vw, 1024px\" \/><\/a><figcaption class=\"blocks-gallery-item__caption\">Sklepienie przejazdu bramnego. Fot. Hanna Laskowska, 2020, \u017ar\u00f3d\u0142o: lapidarium detalu<\/figcaption><\/figure><\/li><li class=\"blocks-gallery-item\"><figure><a href=\"http:\/\/lapidarium.fundacja-hereditas.pl\/wp-content\/uploads\/2021\/08\/DSC01457-683x1024-1.jpg\"><img loading=\"lazy\" decoding=\"async\" width=\"683\" height=\"1024\" src=\"http:\/\/lapidarium.fundacja-hereditas.pl\/wp-content\/uploads\/2021\/08\/DSC01457-683x1024-1.jpg\" alt=\"Sklepienie przejazdu bramnego. Fot. Hanna Laskowska, 2020, \u017ar\u00f3d\u0142o: lapidarium detalu\" data-id=\"123\" data-full-url=\"http:\/\/lapidarium.fundacja-hereditas.pl\/wp-content\/uploads\/2021\/08\/DSC01457-683x1024-1.jpg\" data-link=\"https:\/\/lapidarium.fundacja-hereditas.pl\/dsc01457-683x1024\/\" class=\"wp-image-123\" srcset=\"http:\/\/lapidarium.fundacja-hereditas.pl\/wp-content\/uploads\/2021\/08\/DSC01457-683x1024-1.jpg 683w, http:\/\/lapidarium.fundacja-hereditas.pl\/wp-content\/uploads\/2021\/08\/DSC01457-683x1024-1-200x300.jpg 200w, http:\/\/lapidarium.fundacja-hereditas.pl\/wp-content\/uploads\/2021\/08\/DSC01457-683x1024-1-150x225.jpg 150w, http:\/\/lapidarium.fundacja-hereditas.pl\/wp-content\/uploads\/2021\/08\/DSC01457-683x1024-1-300x450.jpg 300w\" sizes=\"auto, (max-width: 683px) 100vw, 683px\" \/><\/a><figcaption class=\"blocks-gallery-item__caption\">Sklepienie przejazdu bramnego. Fot. Hanna Laskowska, 2020, \u017ar\u00f3d\u0142o: lapidarium detalu<\/figcaption><\/figure><\/li><li class=\"blocks-gallery-item\"><figure><a href=\"http:\/\/lapidarium.fundacja-hereditas.pl\/wp-content\/uploads\/2021\/08\/DSC01453-683x1024-1.jpg\"><img loading=\"lazy\" decoding=\"async\" width=\"683\" height=\"1024\" src=\"http:\/\/lapidarium.fundacja-hereditas.pl\/wp-content\/uploads\/2021\/08\/DSC01453-683x1024-1.jpg\" alt=\"Sklepienie przejazdu bramnego. Fot. Hanna Laskowska, 2020, \u017ar\u00f3d\u0142o: lapidarium detalu.\" data-id=\"122\" data-full-url=\"http:\/\/lapidarium.fundacja-hereditas.pl\/wp-content\/uploads\/2021\/08\/DSC01453-683x1024-1.jpg\" data-link=\"https:\/\/lapidarium.fundacja-hereditas.pl\/dsc01453-683x1024\/\" class=\"wp-image-122\" srcset=\"http:\/\/lapidarium.fundacja-hereditas.pl\/wp-content\/uploads\/2021\/08\/DSC01453-683x1024-1.jpg 683w, http:\/\/lapidarium.fundacja-hereditas.pl\/wp-content\/uploads\/2021\/08\/DSC01453-683x1024-1-200x300.jpg 200w, http:\/\/lapidarium.fundacja-hereditas.pl\/wp-content\/uploads\/2021\/08\/DSC01453-683x1024-1-150x225.jpg 150w, http:\/\/lapidarium.fundacja-hereditas.pl\/wp-content\/uploads\/2021\/08\/DSC01453-683x1024-1-300x450.jpg 300w\" sizes=\"auto, (max-width: 683px) 100vw, 683px\" \/><\/a><figcaption class=\"blocks-gallery-item__caption\">Sklepienie przejazdu bramnego. Fot. Hanna Laskowska, 2020, \u017ar\u00f3d\u0142o: lapidarium detalu.<\/figcaption><\/figure><\/li><li class=\"blocks-gallery-item\"><figure><a href=\"http:\/\/lapidarium.fundacja-hereditas.pl\/wp-content\/uploads\/2021\/08\/DSC01463-683x1024-1.jpg\"><img loading=\"lazy\" decoding=\"async\" width=\"683\" height=\"1024\" src=\"http:\/\/lapidarium.fundacja-hereditas.pl\/wp-content\/uploads\/2021\/08\/DSC01463-683x1024-1.jpg\" alt=\"Brama wjazdowa w widoku od strony przejazdu bramnego. Fot. Hanna Laskowska, 2020, \u017ar\u00f3d\u0142o: lapidarium detalu.\" data-id=\"99\" data-full-url=\"http:\/\/lapidarium.fundacja-hereditas.pl\/wp-content\/uploads\/2021\/08\/DSC01463-683x1024-1.jpg\" data-link=\"https:\/\/lapidarium.fundacja-hereditas.pl\/dsc01463-683x1024\/\" class=\"wp-image-99\" srcset=\"http:\/\/lapidarium.fundacja-hereditas.pl\/wp-content\/uploads\/2021\/08\/DSC01463-683x1024-1.jpg 683w, http:\/\/lapidarium.fundacja-hereditas.pl\/wp-content\/uploads\/2021\/08\/DSC01463-683x1024-1-200x300.jpg 200w, http:\/\/lapidarium.fundacja-hereditas.pl\/wp-content\/uploads\/2021\/08\/DSC01463-683x1024-1-150x225.jpg 150w, http:\/\/lapidarium.fundacja-hereditas.pl\/wp-content\/uploads\/2021\/08\/DSC01463-683x1024-1-300x450.jpg 300w\" sizes=\"auto, (max-width: 683px) 100vw, 683px\" \/><\/a><figcaption class=\"blocks-gallery-item__caption\">Brama wjazdowa w widoku od strony przejazdu bramnego. Fot. Hanna Laskowska, 2020, \u017ar\u00f3d\u0142o: lapidarium detalu.<\/figcaption><\/figure><\/li><li class=\"blocks-gallery-item\"><figure><a href=\"http:\/\/lapidarium.fundacja-hereditas.pl\/wp-content\/uploads\/2021\/08\/DSC01467-683x1024-1.jpg\"><img loading=\"lazy\" decoding=\"async\" width=\"683\" height=\"1024\" src=\"http:\/\/lapidarium.fundacja-hereditas.pl\/wp-content\/uploads\/2021\/08\/DSC01467-683x1024-1.jpg\" alt=\"Brama wjazdowa, okucie. Fot. Hanna Laskowska, 2020, \u017ar\u00f3d\u0142o: lapidarium detalu\" data-id=\"173\" data-full-url=\"http:\/\/lapidarium.fundacja-hereditas.pl\/wp-content\/uploads\/2021\/08\/DSC01467-683x1024-1.jpg\" data-link=\"https:\/\/lapidarium.fundacja-hereditas.pl\/dsc01467-683x1024\/\" class=\"wp-image-173\" srcset=\"http:\/\/lapidarium.fundacja-hereditas.pl\/wp-content\/uploads\/2021\/08\/DSC01467-683x1024-1.jpg 683w, http:\/\/lapidarium.fundacja-hereditas.pl\/wp-content\/uploads\/2021\/08\/DSC01467-683x1024-1-200x300.jpg 200w, http:\/\/lapidarium.fundacja-hereditas.pl\/wp-content\/uploads\/2021\/08\/DSC01467-683x1024-1-150x225.jpg 150w, http:\/\/lapidarium.fundacja-hereditas.pl\/wp-content\/uploads\/2021\/08\/DSC01467-683x1024-1-300x450.jpg 300w\" sizes=\"auto, (max-width: 683px) 100vw, 683px\" \/><\/a><figcaption class=\"blocks-gallery-item__caption\">Brama wjazdowa, okucie. Fot. Hanna Laskowska, 2020, \u017ar\u00f3d\u0142o: lapidarium detalu<\/figcaption><\/figure><\/li><li class=\"blocks-gallery-item\"><figure><a href=\"http:\/\/lapidarium.fundacja-hereditas.pl\/wp-content\/uploads\/2021\/08\/DSC01294-683x1024-1.jpg\"><img loading=\"lazy\" decoding=\"async\" width=\"683\" height=\"1024\" src=\"http:\/\/lapidarium.fundacja-hereditas.pl\/wp-content\/uploads\/2021\/08\/DSC01294-683x1024-1.jpg\" alt=\"Schody, klatka schodowa w \u0142\u0105czniku mi\u0119dzy domem frontowym a oficyn\u0105 boczn\u0105. Fot. Hanna Laskowska, 2020, \u017ar\u00f3d\u0142o: lapidarium detalu\" data-id=\"182\" data-full-url=\"http:\/\/lapidarium.fundacja-hereditas.pl\/wp-content\/uploads\/2021\/08\/DSC01294-683x1024-1.jpg\" data-link=\"https:\/\/lapidarium.fundacja-hereditas.pl\/dsc01294-683x1024\/\" class=\"wp-image-182\" srcset=\"http:\/\/lapidarium.fundacja-hereditas.pl\/wp-content\/uploads\/2021\/08\/DSC01294-683x1024-1.jpg 683w, http:\/\/lapidarium.fundacja-hereditas.pl\/wp-content\/uploads\/2021\/08\/DSC01294-683x1024-1-200x300.jpg 200w, http:\/\/lapidarium.fundacja-hereditas.pl\/wp-content\/uploads\/2021\/08\/DSC01294-683x1024-1-150x225.jpg 150w, http:\/\/lapidarium.fundacja-hereditas.pl\/wp-content\/uploads\/2021\/08\/DSC01294-683x1024-1-300x450.jpg 300w\" sizes=\"auto, (max-width: 683px) 100vw, 683px\" \/><\/a><figcaption class=\"blocks-gallery-item__caption\">Schody, klatka schodowa w \u0142\u0105czniku mi\u0119dzy domem frontowym a oficyn\u0105 boczn\u0105. Fot. Hanna Laskowska, 2020, \u017ar\u00f3d\u0142o: lapidarium detalu<\/figcaption><\/figure><\/li><li class=\"blocks-gallery-item\"><figure><a href=\"http:\/\/lapidarium.fundacja-hereditas.pl\/wp-content\/uploads\/2021\/08\/DSC01391-683x1024-1.jpg\"><img loading=\"lazy\" decoding=\"async\" width=\"683\" height=\"1024\" src=\"http:\/\/lapidarium.fundacja-hereditas.pl\/wp-content\/uploads\/2021\/08\/DSC01391-683x1024-1.jpg\" alt=\"Zdr\u00f3j w elewacji podw\u00f3rzowej oficyny tylnej. Fot. Hanna Laskowska, 2020, \u017ar\u00f3d\u0142o: lapidarium detalu\" data-id=\"136\" data-full-url=\"http:\/\/lapidarium.fundacja-hereditas.pl\/wp-content\/uploads\/2021\/08\/DSC01391-683x1024-1.jpg\" data-link=\"https:\/\/lapidarium.fundacja-hereditas.pl\/dsc01391-683x1024\/\" class=\"wp-image-136\" srcset=\"http:\/\/lapidarium.fundacja-hereditas.pl\/wp-content\/uploads\/2021\/08\/DSC01391-683x1024-1.jpg 683w, http:\/\/lapidarium.fundacja-hereditas.pl\/wp-content\/uploads\/2021\/08\/DSC01391-683x1024-1-200x300.jpg 200w, http:\/\/lapidarium.fundacja-hereditas.pl\/wp-content\/uploads\/2021\/08\/DSC01391-683x1024-1-150x225.jpg 150w, http:\/\/lapidarium.fundacja-hereditas.pl\/wp-content\/uploads\/2021\/08\/DSC01391-683x1024-1-300x450.jpg 300w\" sizes=\"auto, (max-width: 683px) 100vw, 683px\" \/><\/a><figcaption class=\"blocks-gallery-item__caption\">Zdr\u00f3j w elewacji podw\u00f3rzowej oficyny tylnej. Fot. Hanna Laskowska, 2020, \u017ar\u00f3d\u0142o: lapidarium detalu<\/figcaption><\/figure><\/li><li class=\"blocks-gallery-item\"><figure><a href=\"http:\/\/lapidarium.fundacja-hereditas.pl\/wp-content\/uploads\/2021\/08\/DSC01397-1024x683-1.jpg\"><img loading=\"lazy\" decoding=\"async\" width=\"1024\" height=\"683\" src=\"http:\/\/lapidarium.fundacja-hereditas.pl\/wp-content\/uploads\/2021\/08\/DSC01397-1024x683-1.jpg\" alt=\"Zdr\u00f3j (fragm.) w elewacji podw\u00f3rzowej oficyny tylnej. Fot. Hanna Laskowska, 2020, \u017ar\u00f3d\u0142o: lapidarium detalu\" data-id=\"133\" data-full-url=\"http:\/\/lapidarium.fundacja-hereditas.pl\/wp-content\/uploads\/2021\/08\/DSC01397-1024x683-1.jpg\" data-link=\"https:\/\/lapidarium.fundacja-hereditas.pl\/dsc01397-1024x683\/\" class=\"wp-image-133\" srcset=\"http:\/\/lapidarium.fundacja-hereditas.pl\/wp-content\/uploads\/2021\/08\/DSC01397-1024x683-1.jpg 1024w, http:\/\/lapidarium.fundacja-hereditas.pl\/wp-content\/uploads\/2021\/08\/DSC01397-1024x683-1-300x200.jpg 300w, http:\/\/lapidarium.fundacja-hereditas.pl\/wp-content\/uploads\/2021\/08\/DSC01397-1024x683-1-768x512.jpg 768w, http:\/\/lapidarium.fundacja-hereditas.pl\/wp-content\/uploads\/2021\/08\/DSC01397-1024x683-1-150x100.jpg 150w, http:\/\/lapidarium.fundacja-hereditas.pl\/wp-content\/uploads\/2021\/08\/DSC01397-1024x683-1-696x464.jpg 696w\" sizes=\"auto, (max-width: 1024px) 100vw, 1024px\" \/><\/a><figcaption class=\"blocks-gallery-item__caption\">Zdr\u00f3j (fragm.) w elewacji podw\u00f3rzowej oficyny tylnej. Fot. Hanna Laskowska, 2020, \u017ar\u00f3d\u0142o: lapidarium detalu<\/figcaption><\/figure><\/li><li class=\"blocks-gallery-item\"><figure><a href=\"http:\/\/lapidarium.fundacja-hereditas.pl\/wp-content\/uploads\/2021\/08\/DSC01393-683x1024-1.jpg\"><img loading=\"lazy\" decoding=\"async\" width=\"683\" height=\"1024\" src=\"http:\/\/lapidarium.fundacja-hereditas.pl\/wp-content\/uploads\/2021\/08\/DSC01393-683x1024-1.jpg\" alt=\"Zdr\u00f3j (fragm.) w elewacji podw\u00f3rzowej oficyny tylnej. Fot. Hanna Laskowska, 2020, \u017ar\u00f3d\u0142o: lapidarium detalu\" data-id=\"134\" data-full-url=\"http:\/\/lapidarium.fundacja-hereditas.pl\/wp-content\/uploads\/2021\/08\/DSC01393-683x1024-1.jpg\" data-link=\"https:\/\/lapidarium.fundacja-hereditas.pl\/dsc01393-683x1024\/\" class=\"wp-image-134\" srcset=\"http:\/\/lapidarium.fundacja-hereditas.pl\/wp-content\/uploads\/2021\/08\/DSC01393-683x1024-1.jpg 683w, http:\/\/lapidarium.fundacja-hereditas.pl\/wp-content\/uploads\/2021\/08\/DSC01393-683x1024-1-200x300.jpg 200w, http:\/\/lapidarium.fundacja-hereditas.pl\/wp-content\/uploads\/2021\/08\/DSC01393-683x1024-1-150x225.jpg 150w, http:\/\/lapidarium.fundacja-hereditas.pl\/wp-content\/uploads\/2021\/08\/DSC01393-683x1024-1-300x450.jpg 300w\" sizes=\"auto, (max-width: 683px) 100vw, 683px\" \/><\/a><figcaption class=\"blocks-gallery-item__caption\">Zdr\u00f3j (fragm.) w elewacji podw\u00f3rzowej oficyny tylnej. Fot. Hanna Laskowska, 2020, \u017ar\u00f3d\u0142o: lapidarium detalu<\/figcaption><\/figure><\/li><li class=\"blocks-gallery-item\"><figure><a href=\"http:\/\/lapidarium.fundacja-hereditas.pl\/wp-content\/uploads\/2021\/08\/DSC01395-683x1024-1.jpg\"><img loading=\"lazy\" decoding=\"async\" width=\"683\" height=\"1024\" src=\"http:\/\/lapidarium.fundacja-hereditas.pl\/wp-content\/uploads\/2021\/08\/DSC01395-683x1024-1.jpg\" alt=\"Zdr\u00f3j (fragm.) w elewacji podw\u00f3rzowej oficyny tylnej. Fot. Hanna Laskowska, 2020, \u017ar\u00f3d\u0142o: lapidarium detalu\" data-id=\"130\" data-full-url=\"http:\/\/lapidarium.fundacja-hereditas.pl\/wp-content\/uploads\/2021\/08\/DSC01395-683x1024-1.jpg\" data-link=\"https:\/\/lapidarium.fundacja-hereditas.pl\/dsc01395-683x1024\/\" class=\"wp-image-130\" srcset=\"http:\/\/lapidarium.fundacja-hereditas.pl\/wp-content\/uploads\/2021\/08\/DSC01395-683x1024-1.jpg 683w, http:\/\/lapidarium.fundacja-hereditas.pl\/wp-content\/uploads\/2021\/08\/DSC01395-683x1024-1-200x300.jpg 200w, http:\/\/lapidarium.fundacja-hereditas.pl\/wp-content\/uploads\/2021\/08\/DSC01395-683x1024-1-150x225.jpg 150w, http:\/\/lapidarium.fundacja-hereditas.pl\/wp-content\/uploads\/2021\/08\/DSC01395-683x1024-1-300x450.jpg 300w\" sizes=\"auto, (max-width: 683px) 100vw, 683px\" \/><\/a><figcaption class=\"blocks-gallery-item__caption\">Zdr\u00f3j (fragm.) w elewacji podw\u00f3rzowej oficyny tylnej. Fot. Hanna Laskowska, 2020, \u017ar\u00f3d\u0142o: lapidarium detalu<\/figcaption><\/figure><\/li><li class=\"blocks-gallery-item\"><figure><a href=\"http:\/\/lapidarium.fundacja-hereditas.pl\/wp-content\/uploads\/2021\/08\/DSC01394-683x1024-1.jpg\"><img loading=\"lazy\" decoding=\"async\" width=\"683\" height=\"1024\" src=\"http:\/\/lapidarium.fundacja-hereditas.pl\/wp-content\/uploads\/2021\/08\/DSC01394-683x1024-1.jpg\" alt=\"Zdr\u00f3j (fragm.) w elewacji podw\u00f3rzowej oficyny tylnej. Fot. Hanna Laskowska, 2020, \u017ar\u00f3d\u0142o: lapidarium detalu\" data-id=\"129\" data-full-url=\"http:\/\/lapidarium.fundacja-hereditas.pl\/wp-content\/uploads\/2021\/08\/DSC01394-683x1024-1.jpg\" data-link=\"https:\/\/lapidarium.fundacja-hereditas.pl\/dsc01394-683x1024\/\" class=\"wp-image-129\" srcset=\"http:\/\/lapidarium.fundacja-hereditas.pl\/wp-content\/uploads\/2021\/08\/DSC01394-683x1024-1.jpg 683w, http:\/\/lapidarium.fundacja-hereditas.pl\/wp-content\/uploads\/2021\/08\/DSC01394-683x1024-1-200x300.jpg 200w, http:\/\/lapidarium.fundacja-hereditas.pl\/wp-content\/uploads\/2021\/08\/DSC01394-683x1024-1-150x225.jpg 150w, http:\/\/lapidarium.fundacja-hereditas.pl\/wp-content\/uploads\/2021\/08\/DSC01394-683x1024-1-300x450.jpg 300w\" sizes=\"auto, (max-width: 683px) 100vw, 683px\" \/><\/a><figcaption class=\"blocks-gallery-item__caption\">Zdr\u00f3j (fragm.) w elewacji podw\u00f3rzowej oficyny tylnej. Fot. Hanna Laskowska, 2020, \u017ar\u00f3d\u0142o: lapidarium detalu<\/figcaption><\/figure><\/li><li class=\"blocks-gallery-item\"><figure><a href=\"http:\/\/lapidarium.fundacja-hereditas.pl\/wp-content\/uploads\/2021\/08\/DSC01396-683x1024-1.jpg\"><img loading=\"lazy\" decoding=\"async\" width=\"683\" height=\"1024\" src=\"http:\/\/lapidarium.fundacja-hereditas.pl\/wp-content\/uploads\/2021\/08\/DSC01396-683x1024-1.jpg\" alt=\"Zdr\u00f3j (fragm.) w elewacji podw\u00f3rzowej oficyny tylnej. Fot. Hanna Laskowska, 2020, \u017ar\u00f3d\u0142o: lapidarium detalu\" data-id=\"127\" data-full-url=\"http:\/\/lapidarium.fundacja-hereditas.pl\/wp-content\/uploads\/2021\/08\/DSC01396-683x1024-1.jpg\" data-link=\"https:\/\/lapidarium.fundacja-hereditas.pl\/dsc01396-683x1024\/\" class=\"wp-image-127\" srcset=\"http:\/\/lapidarium.fundacja-hereditas.pl\/wp-content\/uploads\/2021\/08\/DSC01396-683x1024-1.jpg 683w, http:\/\/lapidarium.fundacja-hereditas.pl\/wp-content\/uploads\/2021\/08\/DSC01396-683x1024-1-200x300.jpg 200w, http:\/\/lapidarium.fundacja-hereditas.pl\/wp-content\/uploads\/2021\/08\/DSC01396-683x1024-1-150x225.jpg 150w, http:\/\/lapidarium.fundacja-hereditas.pl\/wp-content\/uploads\/2021\/08\/DSC01396-683x1024-1-300x450.jpg 300w\" sizes=\"auto, (max-width: 683px) 100vw, 683px\" \/><\/a><figcaption class=\"blocks-gallery-item__caption\">Zdr\u00f3j (fragm.) w elewacji podw\u00f3rzowej oficyny tylnej. Fot. Hanna Laskowska, 2020, \u017ar\u00f3d\u0142o: lapidarium detalu<\/figcaption><\/figure><\/li><li class=\"blocks-gallery-item\"><figure><a href=\"http:\/\/lapidarium.fundacja-hereditas.pl\/wp-content\/uploads\/2021\/08\/DSC01400-683x1024-1.jpg\"><img loading=\"lazy\" decoding=\"async\" width=\"683\" height=\"1024\" src=\"http:\/\/lapidarium.fundacja-hereditas.pl\/wp-content\/uploads\/2021\/08\/DSC01400-683x1024-1.jpg\" alt=\"Zdr\u00f3j (detal z nazw\u0105 wytw\u00f3rni POR\u0118BA) w elewacji podw\u00f3rzowej oficyny tylnej. Fot. Hanna Laskowska, 2020, \u017ar\u00f3d\u0142o: lapidarium detalu\" data-id=\"132\" data-full-url=\"http:\/\/lapidarium.fundacja-hereditas.pl\/wp-content\/uploads\/2021\/08\/DSC01400-683x1024-1.jpg\" data-link=\"https:\/\/lapidarium.fundacja-hereditas.pl\/dsc01400-683x1024\/\" class=\"wp-image-132\" srcset=\"http:\/\/lapidarium.fundacja-hereditas.pl\/wp-content\/uploads\/2021\/08\/DSC01400-683x1024-1.jpg 683w, http:\/\/lapidarium.fundacja-hereditas.pl\/wp-content\/uploads\/2021\/08\/DSC01400-683x1024-1-200x300.jpg 200w, http:\/\/lapidarium.fundacja-hereditas.pl\/wp-content\/uploads\/2021\/08\/DSC01400-683x1024-1-150x225.jpg 150w, http:\/\/lapidarium.fundacja-hereditas.pl\/wp-content\/uploads\/2021\/08\/DSC01400-683x1024-1-300x450.jpg 300w\" sizes=\"auto, (max-width: 683px) 100vw, 683px\" \/><\/a><figcaption class=\"blocks-gallery-item__caption\">Zdr\u00f3j (detal z nazw\u0105 wytw\u00f3rni POR\u0118BA) w elewacji podw\u00f3rzowej oficyny tylnej. Fot. Hanna Laskowska, 2020, \u017ar\u00f3d\u0142o: lapidarium detalu<\/figcaption><\/figure><\/li><li class=\"blocks-gallery-item\"><figure><a href=\"http:\/\/lapidarium.fundacja-hereditas.pl\/wp-content\/uploads\/2021\/08\/DSC01247-683x1024-1.jpg\"><img loading=\"lazy\" decoding=\"async\" width=\"683\" height=\"1024\" src=\"http:\/\/lapidarium.fundacja-hereditas.pl\/wp-content\/uploads\/2021\/08\/DSC01247-683x1024-1.jpg\" alt=\"Okno klatki schodowej w \u0142\u0105czniku mi\u0119dzy domem frontowym a oficyn\u0105 boczn\u0105. Fot. Hanna Laskowska, 2020, \u017ar\u00f3d\u0142o: lapidarium detalu\" data-id=\"180\" data-full-url=\"http:\/\/lapidarium.fundacja-hereditas.pl\/wp-content\/uploads\/2021\/08\/DSC01247-683x1024-1.jpg\" data-link=\"https:\/\/lapidarium.fundacja-hereditas.pl\/dsc01247-683x1024\/\" class=\"wp-image-180\" srcset=\"http:\/\/lapidarium.fundacja-hereditas.pl\/wp-content\/uploads\/2021\/08\/DSC01247-683x1024-1.jpg 683w, http:\/\/lapidarium.fundacja-hereditas.pl\/wp-content\/uploads\/2021\/08\/DSC01247-683x1024-1-200x300.jpg 200w, http:\/\/lapidarium.fundacja-hereditas.pl\/wp-content\/uploads\/2021\/08\/DSC01247-683x1024-1-150x225.jpg 150w, http:\/\/lapidarium.fundacja-hereditas.pl\/wp-content\/uploads\/2021\/08\/DSC01247-683x1024-1-300x450.jpg 300w\" sizes=\"auto, (max-width: 683px) 100vw, 683px\" \/><\/a><figcaption class=\"blocks-gallery-item__caption\">Okno klatki schodowej w \u0142\u0105czniku mi\u0119dzy domem frontowym a oficyn\u0105 boczn\u0105. Fot. Hanna Laskowska, 2020, \u017ar\u00f3d\u0142o: lapidarium detalu<\/figcaption><\/figure><\/li><li class=\"blocks-gallery-item\"><figure><a href=\"http:\/\/lapidarium.fundacja-hereditas.pl\/wp-content\/uploads\/2021\/08\/DSC01293-1024x683-1.jpg\"><img loading=\"lazy\" decoding=\"async\" width=\"1024\" height=\"683\" src=\"http:\/\/lapidarium.fundacja-hereditas.pl\/wp-content\/uploads\/2021\/08\/DSC01293-1024x683-1.jpg\" alt=\"Schody, klatka schodowa w \u0142\u0105czniku mi\u0119dzy domem frontowym a oficyn\u0105 boczn\u0105. Fot. Hanna Laskowska, 2020, \u017ar\u00f3d\u0142o: lapidarium detalu\" data-id=\"183\" data-full-url=\"http:\/\/lapidarium.fundacja-hereditas.pl\/wp-content\/uploads\/2021\/08\/DSC01293-1024x683-1.jpg\" data-link=\"https:\/\/lapidarium.fundacja-hereditas.pl\/dsc01293-1024x683\/\" class=\"wp-image-183\" srcset=\"http:\/\/lapidarium.fundacja-hereditas.pl\/wp-content\/uploads\/2021\/08\/DSC01293-1024x683-1.jpg 1024w, http:\/\/lapidarium.fundacja-hereditas.pl\/wp-content\/uploads\/2021\/08\/DSC01293-1024x683-1-300x200.jpg 300w, http:\/\/lapidarium.fundacja-hereditas.pl\/wp-content\/uploads\/2021\/08\/DSC01293-1024x683-1-768x512.jpg 768w, http:\/\/lapidarium.fundacja-hereditas.pl\/wp-content\/uploads\/2021\/08\/DSC01293-1024x683-1-150x100.jpg 150w, http:\/\/lapidarium.fundacja-hereditas.pl\/wp-content\/uploads\/2021\/08\/DSC01293-1024x683-1-696x464.jpg 696w\" sizes=\"auto, (max-width: 1024px) 100vw, 1024px\" \/><\/a><figcaption class=\"blocks-gallery-item__caption\">Schody, klatka schodowa w \u0142\u0105czniku mi\u0119dzy domem frontowym a oficyn\u0105 boczn\u0105. Fot. Hanna Laskowska, 2020, \u017ar\u00f3d\u0142o: lapidarium detalu<\/figcaption><\/figure><\/li><li class=\"blocks-gallery-item\"><figure><a href=\"http:\/\/lapidarium.fundacja-hereditas.pl\/wp-content\/uploads\/2021\/08\/DSC01234-1024x683-1.jpg\"><img loading=\"lazy\" decoding=\"async\" width=\"1024\" height=\"683\" src=\"http:\/\/lapidarium.fundacja-hereditas.pl\/wp-content\/uploads\/2021\/08\/DSC01234-1024x683-1.jpg\" alt=\"Schody klatki schodowej w \u0142\u0105czniku mi\u0119dzy domem frontowym a oficyn\u0105 boczn\u0105. Fot. Hanna Laskowska, 2020, \u017ar\u00f3d\u0142o: lapidarium detalu\" data-id=\"178\" data-full-url=\"http:\/\/lapidarium.fundacja-hereditas.pl\/wp-content\/uploads\/2021\/08\/DSC01234-1024x683-1.jpg\" data-link=\"https:\/\/lapidarium.fundacja-hereditas.pl\/dsc01234-1024x683\/\" class=\"wp-image-178\" srcset=\"http:\/\/lapidarium.fundacja-hereditas.pl\/wp-content\/uploads\/2021\/08\/DSC01234-1024x683-1.jpg 1024w, http:\/\/lapidarium.fundacja-hereditas.pl\/wp-content\/uploads\/2021\/08\/DSC01234-1024x683-1-300x200.jpg 300w, http:\/\/lapidarium.fundacja-hereditas.pl\/wp-content\/uploads\/2021\/08\/DSC01234-1024x683-1-768x512.jpg 768w, http:\/\/lapidarium.fundacja-hereditas.pl\/wp-content\/uploads\/2021\/08\/DSC01234-1024x683-1-150x100.jpg 150w, http:\/\/lapidarium.fundacja-hereditas.pl\/wp-content\/uploads\/2021\/08\/DSC01234-1024x683-1-696x464.jpg 696w\" sizes=\"auto, (max-width: 1024px) 100vw, 1024px\" \/><\/a><figcaption class=\"blocks-gallery-item__caption\">Schody klatki schodowej w \u0142\u0105czniku mi\u0119dzy domem frontowym a oficyn\u0105 boczn\u0105. Fot. Hanna Laskowska, 2020, \u017ar\u00f3d\u0142o: lapidarium detalu<\/figcaption><\/figure><\/li><li class=\"blocks-gallery-item\"><figure><a href=\"http:\/\/lapidarium.fundacja-hereditas.pl\/wp-content\/uploads\/2021\/08\/DSC01297-1024x683-1.jpg\"><img loading=\"lazy\" decoding=\"async\" width=\"1024\" height=\"683\" src=\"http:\/\/lapidarium.fundacja-hereditas.pl\/wp-content\/uploads\/2021\/08\/DSC01297-1024x683-1.jpg\" alt=\"Schody, klatka schodowa w \u0142\u0105czniku mi\u0119dzy domem frontowym a oficyn\u0105 boczn\u0105. Fot. Hanna Laskowska, 2020, \u017ar\u00f3d\u0142o: lapidarium detalu\" data-id=\"161\" data-full-url=\"http:\/\/lapidarium.fundacja-hereditas.pl\/wp-content\/uploads\/2021\/08\/DSC01297-1024x683-1.jpg\" data-link=\"https:\/\/lapidarium.fundacja-hereditas.pl\/dsc01297-1024x683\/\" class=\"wp-image-161\" srcset=\"http:\/\/lapidarium.fundacja-hereditas.pl\/wp-content\/uploads\/2021\/08\/DSC01297-1024x683-1.jpg 1024w, http:\/\/lapidarium.fundacja-hereditas.pl\/wp-content\/uploads\/2021\/08\/DSC01297-1024x683-1-300x200.jpg 300w, http:\/\/lapidarium.fundacja-hereditas.pl\/wp-content\/uploads\/2021\/08\/DSC01297-1024x683-1-768x512.jpg 768w, http:\/\/lapidarium.fundacja-hereditas.pl\/wp-content\/uploads\/2021\/08\/DSC01297-1024x683-1-150x100.jpg 150w, http:\/\/lapidarium.fundacja-hereditas.pl\/wp-content\/uploads\/2021\/08\/DSC01297-1024x683-1-696x464.jpg 696w\" sizes=\"auto, (max-width: 1024px) 100vw, 1024px\" \/><\/a><figcaption class=\"blocks-gallery-item__caption\">Schody, klatka schodowa w \u0142\u0105czniku mi\u0119dzy domem frontowym a oficyn\u0105 boczn\u0105. Fot. Hanna Laskowska, 2020, \u017ar\u00f3d\u0142o: lapidarium detalu<\/figcaption><\/figure><\/li><li class=\"blocks-gallery-item\"><figure><a href=\"http:\/\/lapidarium.fundacja-hereditas.pl\/wp-content\/uploads\/2021\/08\/DSC01329-683x1024-1.jpg\"><img loading=\"lazy\" decoding=\"async\" width=\"683\" height=\"1024\" src=\"http:\/\/lapidarium.fundacja-hereditas.pl\/wp-content\/uploads\/2021\/08\/DSC01329-683x1024-1.jpg\" alt=\"Klatka schodowa z mieszkaniami n-ry 57-68. Fot. Hanna Laskowska, 2020, \u017ar\u00f3d\u0142o: lapidarium detalu\" data-id=\"177\" data-full-url=\"http:\/\/lapidarium.fundacja-hereditas.pl\/wp-content\/uploads\/2021\/08\/DSC01329-683x1024-1.jpg\" data-link=\"https:\/\/lapidarium.fundacja-hereditas.pl\/dsc01329-683x1024\/\" class=\"wp-image-177\" srcset=\"http:\/\/lapidarium.fundacja-hereditas.pl\/wp-content\/uploads\/2021\/08\/DSC01329-683x1024-1.jpg 683w, http:\/\/lapidarium.fundacja-hereditas.pl\/wp-content\/uploads\/2021\/08\/DSC01329-683x1024-1-200x300.jpg 200w, http:\/\/lapidarium.fundacja-hereditas.pl\/wp-content\/uploads\/2021\/08\/DSC01329-683x1024-1-150x225.jpg 150w, http:\/\/lapidarium.fundacja-hereditas.pl\/wp-content\/uploads\/2021\/08\/DSC01329-683x1024-1-300x450.jpg 300w\" sizes=\"auto, (max-width: 683px) 100vw, 683px\" \/><\/a><figcaption class=\"blocks-gallery-item__caption\">Klatka schodowa z mieszkaniami n-ry 57-68. Fot. Hanna Laskowska, 2020, \u017ar\u00f3d\u0142o: lapidarium detalu<\/figcaption><\/figure><\/li><li class=\"blocks-gallery-item\"><figure><a href=\"http:\/\/lapidarium.fundacja-hereditas.pl\/wp-content\/uploads\/2021\/08\/DSC01363-683x1024-1.jpg\"><img loading=\"lazy\" decoding=\"async\" width=\"683\" height=\"1024\" src=\"http:\/\/lapidarium.fundacja-hereditas.pl\/wp-content\/uploads\/2021\/08\/DSC01363-683x1024-1.jpg\" alt=\"Klatka schodowa z mieszkaniami n-ry 57-68. Fot. Hanna Laskowska, 2020, \u017ar\u00f3d\u0142o: lapidarium detalu\" data-id=\"131\" data-full-url=\"http:\/\/lapidarium.fundacja-hereditas.pl\/wp-content\/uploads\/2021\/08\/DSC01363-683x1024-1.jpg\" data-link=\"https:\/\/lapidarium.fundacja-hereditas.pl\/dsc01363-683x1024\/\" class=\"wp-image-131\" srcset=\"http:\/\/lapidarium.fundacja-hereditas.pl\/wp-content\/uploads\/2021\/08\/DSC01363-683x1024-1.jpg 683w, http:\/\/lapidarium.fundacja-hereditas.pl\/wp-content\/uploads\/2021\/08\/DSC01363-683x1024-1-200x300.jpg 200w, http:\/\/lapidarium.fundacja-hereditas.pl\/wp-content\/uploads\/2021\/08\/DSC01363-683x1024-1-150x225.jpg 150w, http:\/\/lapidarium.fundacja-hereditas.pl\/wp-content\/uploads\/2021\/08\/DSC01363-683x1024-1-300x450.jpg 300w\" sizes=\"auto, (max-width: 683px) 100vw, 683px\" \/><\/a><figcaption class=\"blocks-gallery-item__caption\">Klatka schodowa z mieszkaniami n-ry 57-68. Fot. Hanna Laskowska, 2020, \u017ar\u00f3d\u0142o: lapidarium detalu<\/figcaption><\/figure><\/li><li class=\"blocks-gallery-item\"><figure><a href=\"http:\/\/lapidarium.fundacja-hereditas.pl\/wp-content\/uploads\/2021\/08\/DSC01242-1024x683-1.jpg\"><img loading=\"lazy\" decoding=\"async\" width=\"1024\" height=\"683\" src=\"http:\/\/lapidarium.fundacja-hereditas.pl\/wp-content\/uploads\/2021\/08\/DSC01242-1024x683-1.jpg\" alt=\"Ci\u0105gi schod\u00f3w klatki schodowej w \u0142\u0105czniku mi\u0119dzy domem frontowym a oficyn\u0105 boczn\u0105. Fot. Hanna Laskowska, 2020, \u017ar\u00f3d\u0142o: lapidarium detalu.\" data-id=\"118\" data-full-url=\"http:\/\/lapidarium.fundacja-hereditas.pl\/wp-content\/uploads\/2021\/08\/DSC01242-1024x683-1.jpg\" data-link=\"https:\/\/lapidarium.fundacja-hereditas.pl\/dsc01242-1024x683\/\" class=\"wp-image-118\" srcset=\"http:\/\/lapidarium.fundacja-hereditas.pl\/wp-content\/uploads\/2021\/08\/DSC01242-1024x683-1.jpg 1024w, http:\/\/lapidarium.fundacja-hereditas.pl\/wp-content\/uploads\/2021\/08\/DSC01242-1024x683-1-300x200.jpg 300w, http:\/\/lapidarium.fundacja-hereditas.pl\/wp-content\/uploads\/2021\/08\/DSC01242-1024x683-1-768x512.jpg 768w, http:\/\/lapidarium.fundacja-hereditas.pl\/wp-content\/uploads\/2021\/08\/DSC01242-1024x683-1-150x100.jpg 150w, http:\/\/lapidarium.fundacja-hereditas.pl\/wp-content\/uploads\/2021\/08\/DSC01242-1024x683-1-696x464.jpg 696w\" sizes=\"auto, (max-width: 1024px) 100vw, 1024px\" \/><\/a><figcaption class=\"blocks-gallery-item__caption\">Ci\u0105gi schod\u00f3w klatki schodowej w \u0142\u0105czniku mi\u0119dzy domem frontowym a oficyn\u0105 boczn\u0105. Fot. Hanna Laskowska, 2020, \u017ar\u00f3d\u0142o: lapidarium detalu.<\/figcaption><\/figure><\/li><li class=\"blocks-gallery-item\"><figure><a href=\"http:\/\/lapidarium.fundacja-hereditas.pl\/wp-content\/uploads\/2021\/08\/DSC01308-1024x683-1.jpg\"><img loading=\"lazy\" decoding=\"async\" width=\"1024\" height=\"683\" src=\"http:\/\/lapidarium.fundacja-hereditas.pl\/wp-content\/uploads\/2021\/08\/DSC01308-1024x683-1.jpg\" alt=\"Klatka schodowa w \u0142\u0105czniku mi\u0119dzy domem frontowym a oficyn\u0105 boczn\u0105. Fot. Hanna Laskowska, 2020, \u017ar\u00f3d\u0142o: lapidarium detalu.\" data-id=\"97\" data-full-url=\"http:\/\/lapidarium.fundacja-hereditas.pl\/wp-content\/uploads\/2021\/08\/DSC01308-1024x683-1.jpg\" data-link=\"https:\/\/lapidarium.fundacja-hereditas.pl\/dsc01308-1024x683\/\" class=\"wp-image-97\" srcset=\"http:\/\/lapidarium.fundacja-hereditas.pl\/wp-content\/uploads\/2021\/08\/DSC01308-1024x683-1.jpg 1024w, http:\/\/lapidarium.fundacja-hereditas.pl\/wp-content\/uploads\/2021\/08\/DSC01308-1024x683-1-300x200.jpg 300w, http:\/\/lapidarium.fundacja-hereditas.pl\/wp-content\/uploads\/2021\/08\/DSC01308-1024x683-1-768x512.jpg 768w, http:\/\/lapidarium.fundacja-hereditas.pl\/wp-content\/uploads\/2021\/08\/DSC01308-1024x683-1-150x100.jpg 150w, http:\/\/lapidarium.fundacja-hereditas.pl\/wp-content\/uploads\/2021\/08\/DSC01308-1024x683-1-696x464.jpg 696w\" sizes=\"auto, (max-width: 1024px) 100vw, 1024px\" \/><\/a><figcaption class=\"blocks-gallery-item__caption\">Klatka schodowa w \u0142\u0105czniku mi\u0119dzy domem frontowym a oficyn\u0105 boczn\u0105. Fot. Hanna Laskowska, 2020, \u017ar\u00f3d\u0142o: lapidarium detalu.<\/figcaption><\/figure><\/li><li class=\"blocks-gallery-item\"><figure><a href=\"http:\/\/lapidarium.fundacja-hereditas.pl\/wp-content\/uploads\/2021\/08\/DSC01305-1024x683-1.jpg\"><img loading=\"lazy\" decoding=\"async\" width=\"1024\" height=\"683\" src=\"http:\/\/lapidarium.fundacja-hereditas.pl\/wp-content\/uploads\/2021\/08\/DSC01305-1024x683-1.jpg\" alt=\"Schody (fragm.), klatka schodowa w \u0142\u0105czniku mi\u0119dzy domem frontowym a oficyn\u0105 boczn\u0105. Fot. Hanna Laskowska, 2020, \u017ar\u00f3d\u0142o: lapidarium detalu\" data-id=\"142\" data-full-url=\"http:\/\/lapidarium.fundacja-hereditas.pl\/wp-content\/uploads\/2021\/08\/DSC01305-1024x683-1.jpg\" data-link=\"https:\/\/lapidarium.fundacja-hereditas.pl\/dsc01305-1024x683\/\" class=\"wp-image-142\" srcset=\"http:\/\/lapidarium.fundacja-hereditas.pl\/wp-content\/uploads\/2021\/08\/DSC01305-1024x683-1.jpg 1024w, http:\/\/lapidarium.fundacja-hereditas.pl\/wp-content\/uploads\/2021\/08\/DSC01305-1024x683-1-300x200.jpg 300w, http:\/\/lapidarium.fundacja-hereditas.pl\/wp-content\/uploads\/2021\/08\/DSC01305-1024x683-1-768x512.jpg 768w, http:\/\/lapidarium.fundacja-hereditas.pl\/wp-content\/uploads\/2021\/08\/DSC01305-1024x683-1-150x100.jpg 150w, http:\/\/lapidarium.fundacja-hereditas.pl\/wp-content\/uploads\/2021\/08\/DSC01305-1024x683-1-696x464.jpg 696w\" sizes=\"auto, (max-width: 1024px) 100vw, 1024px\" \/><\/a><figcaption class=\"blocks-gallery-item__caption\">Schody (fragm.), klatka schodowa w \u0142\u0105czniku mi\u0119dzy domem frontowym a oficyn\u0105 boczn\u0105. Fot. Hanna Laskowska, 2020, \u017ar\u00f3d\u0142o: lapidarium detalu<\/figcaption><\/figure><\/li><li class=\"blocks-gallery-item\"><figure><a href=\"http:\/\/lapidarium.fundacja-hereditas.pl\/wp-content\/uploads\/2021\/08\/DSC01230-1024x683-1.jpg\"><img loading=\"lazy\" decoding=\"async\" width=\"1024\" height=\"683\" src=\"http:\/\/lapidarium.fundacja-hereditas.pl\/wp-content\/uploads\/2021\/08\/DSC01230-1024x683-1.jpg\" alt=\"Schody klatki schodowej w \u0142\u0105czniku mi\u0119dzy domem frontowym a oficyn\u0105 boczn\u0105. Fot. Hanna Laskowska, 2020, \u017ar\u00f3d\u0142o: lapidarium detalu\" data-id=\"169\" data-full-url=\"http:\/\/lapidarium.fundacja-hereditas.pl\/wp-content\/uploads\/2021\/08\/DSC01230-1024x683-1.jpg\" data-link=\"https:\/\/lapidarium.fundacja-hereditas.pl\/dsc01230-1024x683\/\" class=\"wp-image-169\" srcset=\"http:\/\/lapidarium.fundacja-hereditas.pl\/wp-content\/uploads\/2021\/08\/DSC01230-1024x683-1.jpg 1024w, http:\/\/lapidarium.fundacja-hereditas.pl\/wp-content\/uploads\/2021\/08\/DSC01230-1024x683-1-300x200.jpg 300w, http:\/\/lapidarium.fundacja-hereditas.pl\/wp-content\/uploads\/2021\/08\/DSC01230-1024x683-1-768x512.jpg 768w, http:\/\/lapidarium.fundacja-hereditas.pl\/wp-content\/uploads\/2021\/08\/DSC01230-1024x683-1-150x100.jpg 150w, http:\/\/lapidarium.fundacja-hereditas.pl\/wp-content\/uploads\/2021\/08\/DSC01230-1024x683-1-696x464.jpg 696w\" sizes=\"auto, (max-width: 1024px) 100vw, 1024px\" \/><\/a><figcaption class=\"blocks-gallery-item__caption\">Schody klatki schodowej w \u0142\u0105czniku mi\u0119dzy domem frontowym a oficyn\u0105 boczn\u0105. Fot. Hanna Laskowska, 2020, \u017ar\u00f3d\u0142o: lapidarium detalu<\/figcaption><\/figure><\/li><li class=\"blocks-gallery-item\"><figure><a href=\"http:\/\/lapidarium.fundacja-hereditas.pl\/wp-content\/uploads\/2021\/08\/DSC01235-683x1024-1.jpg\"><img loading=\"lazy\" decoding=\"async\" width=\"683\" height=\"1024\" src=\"http:\/\/lapidarium.fundacja-hereditas.pl\/wp-content\/uploads\/2021\/08\/DSC01235-683x1024-1.jpg\" alt=\"Klatka schodowa w \u0142\u0105czniku mi\u0119dzy domem frontowym a oficyn\u0105 boczn\u0105. Fot. Hanna Laskowska, 2020, \u017ar\u00f3d\u0142o: lapidarium detalu.\" data-id=\"104\" data-full-url=\"http:\/\/lapidarium.fundacja-hereditas.pl\/wp-content\/uploads\/2021\/08\/DSC01235-683x1024-1.jpg\" data-link=\"https:\/\/lapidarium.fundacja-hereditas.pl\/dsc01235-683x1024\/\" class=\"wp-image-104\" srcset=\"http:\/\/lapidarium.fundacja-hereditas.pl\/wp-content\/uploads\/2021\/08\/DSC01235-683x1024-1.jpg 683w, http:\/\/lapidarium.fundacja-hereditas.pl\/wp-content\/uploads\/2021\/08\/DSC01235-683x1024-1-200x300.jpg 200w, http:\/\/lapidarium.fundacja-hereditas.pl\/wp-content\/uploads\/2021\/08\/DSC01235-683x1024-1-150x225.jpg 150w, http:\/\/lapidarium.fundacja-hereditas.pl\/wp-content\/uploads\/2021\/08\/DSC01235-683x1024-1-300x450.jpg 300w\" sizes=\"auto, (max-width: 683px) 100vw, 683px\" \/><\/a><figcaption class=\"blocks-gallery-item__caption\">Klatka schodowa w \u0142\u0105czniku mi\u0119dzy domem frontowym a oficyn\u0105 boczn\u0105. Fot. Hanna Laskowska, 2020, \u017ar\u00f3d\u0142o: lapidarium detalu.<\/figcaption><\/figure><\/li><li class=\"blocks-gallery-item\"><figure><a href=\"http:\/\/lapidarium.fundacja-hereditas.pl\/wp-content\/uploads\/2021\/08\/DSC01227-1024x683-1.jpg\"><img loading=\"lazy\" decoding=\"async\" width=\"1024\" height=\"683\" src=\"http:\/\/lapidarium.fundacja-hereditas.pl\/wp-content\/uploads\/2021\/08\/DSC01227-1024x683-1.jpg\" alt=\"Klatka schodowa w \u0142\u0105czniku mi\u0119dzy domem frontowym a oficyn\u0105 boczn\u0105. Fot. Hanna Laskowska, 2020, \u017ar\u00f3d\u0142o: lapidarium detalu\" data-id=\"166\" data-full-url=\"http:\/\/lapidarium.fundacja-hereditas.pl\/wp-content\/uploads\/2021\/08\/DSC01227-1024x683-1.jpg\" data-link=\"https:\/\/lapidarium.fundacja-hereditas.pl\/dsc01227-1024x683\/\" class=\"wp-image-166\" srcset=\"http:\/\/lapidarium.fundacja-hereditas.pl\/wp-content\/uploads\/2021\/08\/DSC01227-1024x683-1.jpg 1024w, http:\/\/lapidarium.fundacja-hereditas.pl\/wp-content\/uploads\/2021\/08\/DSC01227-1024x683-1-300x200.jpg 300w, http:\/\/lapidarium.fundacja-hereditas.pl\/wp-content\/uploads\/2021\/08\/DSC01227-1024x683-1-768x512.jpg 768w, http:\/\/lapidarium.fundacja-hereditas.pl\/wp-content\/uploads\/2021\/08\/DSC01227-1024x683-1-150x100.jpg 150w, http:\/\/lapidarium.fundacja-hereditas.pl\/wp-content\/uploads\/2021\/08\/DSC01227-1024x683-1-696x464.jpg 696w\" sizes=\"auto, (max-width: 1024px) 100vw, 1024px\" \/><\/a><figcaption class=\"blocks-gallery-item__caption\">Klatka schodowa w \u0142\u0105czniku mi\u0119dzy domem frontowym a oficyn\u0105 boczn\u0105. Fot. Hanna Laskowska, 2020, \u017ar\u00f3d\u0142o: lapidarium detalu<\/figcaption><\/figure><\/li><li class=\"blocks-gallery-item\"><figure><a href=\"http:\/\/lapidarium.fundacja-hereditas.pl\/wp-content\/uploads\/2021\/08\/DSC01231-683x1024-1.jpg\"><img loading=\"lazy\" decoding=\"async\" width=\"683\" height=\"1024\" src=\"http:\/\/lapidarium.fundacja-hereditas.pl\/wp-content\/uploads\/2021\/08\/DSC01231-683x1024-1.jpg\" alt=\"Okno klatki schodowej w \u0142\u0105czniku mi\u0119dzy domem frontowym a oficyn\u0105 boczn\u0105. Fot. Hanna Laskowska, 2020, \u017ar\u00f3d\u0142o: lapidarium detalu\" data-id=\"187\" data-full-url=\"http:\/\/lapidarium.fundacja-hereditas.pl\/wp-content\/uploads\/2021\/08\/DSC01231-683x1024-1.jpg\" data-link=\"https:\/\/lapidarium.fundacja-hereditas.pl\/dsc01231-683x1024\/\" class=\"wp-image-187\" srcset=\"http:\/\/lapidarium.fundacja-hereditas.pl\/wp-content\/uploads\/2021\/08\/DSC01231-683x1024-1.jpg 683w, http:\/\/lapidarium.fundacja-hereditas.pl\/wp-content\/uploads\/2021\/08\/DSC01231-683x1024-1-200x300.jpg 200w, http:\/\/lapidarium.fundacja-hereditas.pl\/wp-content\/uploads\/2021\/08\/DSC01231-683x1024-1-150x225.jpg 150w, http:\/\/lapidarium.fundacja-hereditas.pl\/wp-content\/uploads\/2021\/08\/DSC01231-683x1024-1-300x450.jpg 300w\" sizes=\"auto, (max-width: 683px) 100vw, 683px\" \/><\/a><figcaption class=\"blocks-gallery-item__caption\">Okno klatki schodowej w \u0142\u0105czniku mi\u0119dzy domem frontowym a oficyn\u0105 boczn\u0105. Fot. Hanna Laskowska, 2020, \u017ar\u00f3d\u0142o: lapidarium detalu<\/figcaption><\/figure><\/li><li class=\"blocks-gallery-item\"><figure><a href=\"http:\/\/lapidarium.fundacja-hereditas.pl\/wp-content\/uploads\/2021\/08\/DSC01225-Naroznik-frontu-i-ofic.prawej-683x1024-1.jpg\"><img loading=\"lazy\" decoding=\"async\" width=\"683\" height=\"1024\" src=\"http:\/\/lapidarium.fundacja-hereditas.pl\/wp-content\/uploads\/2021\/08\/DSC01225-Naroznik-frontu-i-ofic.prawej-683x1024-1.jpg\" alt=\"Klatka schodowa w \u0142\u0105czniku mi\u0119dzy domem frontowym a oficyn\u0105 boczn\u0105. Fot. Hanna Laskowska, 2020, \u017ar\u00f3d\u0142o: lapidarium detalu\" data-id=\"181\" data-full-url=\"http:\/\/lapidarium.fundacja-hereditas.pl\/wp-content\/uploads\/2021\/08\/DSC01225-Naroznik-frontu-i-ofic.prawej-683x1024-1.jpg\" data-link=\"https:\/\/lapidarium.fundacja-hereditas.pl\/dsc01225-naroznik-frontu-i-ofic-prawej-683x1024\/\" class=\"wp-image-181\" srcset=\"http:\/\/lapidarium.fundacja-hereditas.pl\/wp-content\/uploads\/2021\/08\/DSC01225-Naroznik-frontu-i-ofic.prawej-683x1024-1.jpg 683w, http:\/\/lapidarium.fundacja-hereditas.pl\/wp-content\/uploads\/2021\/08\/DSC01225-Naroznik-frontu-i-ofic.prawej-683x1024-1-200x300.jpg 200w, http:\/\/lapidarium.fundacja-hereditas.pl\/wp-content\/uploads\/2021\/08\/DSC01225-Naroznik-frontu-i-ofic.prawej-683x1024-1-150x225.jpg 150w, http:\/\/lapidarium.fundacja-hereditas.pl\/wp-content\/uploads\/2021\/08\/DSC01225-Naroznik-frontu-i-ofic.prawej-683x1024-1-300x450.jpg 300w\" sizes=\"auto, (max-width: 683px) 100vw, 683px\" \/><\/a><figcaption class=\"blocks-gallery-item__caption\">Klatka schodowa w \u0142\u0105czniku mi\u0119dzy domem frontowym a oficyn\u0105 boczn\u0105. Fot. Hanna Laskowska, 2020, \u017ar\u00f3d\u0142o: lapidarium detalu<\/figcaption><\/figure><\/li><li class=\"blocks-gallery-item\"><figure><a href=\"http:\/\/lapidarium.fundacja-hereditas.pl\/wp-content\/uploads\/2021\/08\/DSC01284-1024x683-1.jpg\"><img loading=\"lazy\" decoding=\"async\" width=\"1024\" height=\"683\" src=\"http:\/\/lapidarium.fundacja-hereditas.pl\/wp-content\/uploads\/2021\/08\/DSC01284-1024x683-1.jpg\" alt=\"Balustrada schod\u00f3w, klatka schodowa w \u0142\u0105czniku mi\u0119dzy domem frontowym a oficyn\u0105 boczn\u0105. Fot. Hanna Laskowska, 2020, \u017ar\u00f3d\u0142o: lapidarium detalu\" data-id=\"167\" data-full-url=\"http:\/\/lapidarium.fundacja-hereditas.pl\/wp-content\/uploads\/2021\/08\/DSC01284-1024x683-1.jpg\" data-link=\"https:\/\/lapidarium.fundacja-hereditas.pl\/dsc01284-1024x683\/\" class=\"wp-image-167\" srcset=\"http:\/\/lapidarium.fundacja-hereditas.pl\/wp-content\/uploads\/2021\/08\/DSC01284-1024x683-1.jpg 1024w, http:\/\/lapidarium.fundacja-hereditas.pl\/wp-content\/uploads\/2021\/08\/DSC01284-1024x683-1-300x200.jpg 300w, http:\/\/lapidarium.fundacja-hereditas.pl\/wp-content\/uploads\/2021\/08\/DSC01284-1024x683-1-768x512.jpg 768w, http:\/\/lapidarium.fundacja-hereditas.pl\/wp-content\/uploads\/2021\/08\/DSC01284-1024x683-1-150x100.jpg 150w, http:\/\/lapidarium.fundacja-hereditas.pl\/wp-content\/uploads\/2021\/08\/DSC01284-1024x683-1-696x464.jpg 696w\" sizes=\"auto, (max-width: 1024px) 100vw, 1024px\" \/><\/a><figcaption class=\"blocks-gallery-item__caption\">Balustrada schod\u00f3w, klatka schodowa w \u0142\u0105czniku mi\u0119dzy domem frontowym a oficyn\u0105 boczn\u0105. Fot. Hanna Laskowska, 2020, \u017ar\u00f3d\u0142o: lapidarium detalu<\/figcaption><\/figure><\/li><li class=\"blocks-gallery-item\"><figure><a href=\"http:\/\/lapidarium.fundacja-hereditas.pl\/wp-content\/uploads\/2021\/08\/DSC01233-1024x683-1.jpg\"><img loading=\"lazy\" decoding=\"async\" width=\"1024\" height=\"683\" src=\"http:\/\/lapidarium.fundacja-hereditas.pl\/wp-content\/uploads\/2021\/08\/DSC01233-1024x683-1.jpg\" alt=\"Balustrada schod\u00f3w klatki schodowej w \u0142\u0105czniku mi\u0119dzy domem frontowym a oficyn\u0105 boczn\u0105. Fot. Hanna Laskowska, 2020, \u017ar\u00f3d\u0142o: lapidarium detalu.\" data-id=\"117\" data-full-url=\"http:\/\/lapidarium.fundacja-hereditas.pl\/wp-content\/uploads\/2021\/08\/DSC01233-1024x683-1.jpg\" data-link=\"https:\/\/lapidarium.fundacja-hereditas.pl\/dsc01233-1024x683\/\" class=\"wp-image-117\" srcset=\"http:\/\/lapidarium.fundacja-hereditas.pl\/wp-content\/uploads\/2021\/08\/DSC01233-1024x683-1.jpg 1024w, http:\/\/lapidarium.fundacja-hereditas.pl\/wp-content\/uploads\/2021\/08\/DSC01233-1024x683-1-300x200.jpg 300w, http:\/\/lapidarium.fundacja-hereditas.pl\/wp-content\/uploads\/2021\/08\/DSC01233-1024x683-1-768x512.jpg 768w, http:\/\/lapidarium.fundacja-hereditas.pl\/wp-content\/uploads\/2021\/08\/DSC01233-1024x683-1-150x100.jpg 150w, http:\/\/lapidarium.fundacja-hereditas.pl\/wp-content\/uploads\/2021\/08\/DSC01233-1024x683-1-696x464.jpg 696w\" sizes=\"auto, (max-width: 1024px) 100vw, 1024px\" \/><\/a><figcaption class=\"blocks-gallery-item__caption\">Balustrada schod\u00f3w klatki schodowej w \u0142\u0105czniku mi\u0119dzy domem frontowym a oficyn\u0105 boczn\u0105. Fot. Hanna Laskowska, 2020, \u017ar\u00f3d\u0142o: lapidarium detalu.<\/figcaption><\/figure><\/li><li class=\"blocks-gallery-item\"><figure><a href=\"http:\/\/lapidarium.fundacja-hereditas.pl\/wp-content\/uploads\/2021\/08\/DSC01236-1024x683-1.jpg\"><img loading=\"lazy\" decoding=\"async\" width=\"1024\" height=\"683\" src=\"http:\/\/lapidarium.fundacja-hereditas.pl\/wp-content\/uploads\/2021\/08\/DSC01236-1024x683-1.jpg\" alt=\"Klatka schodowa w \u0142\u0105czniku mi\u0119dzy domem frontowym a oficyn\u0105 boczn\u0105. Fot. Hanna Laskowska, 2020, \u017ar\u00f3d\u0142o: lapidarium detalu.\" data-id=\"116\" data-full-url=\"http:\/\/lapidarium.fundacja-hereditas.pl\/wp-content\/uploads\/2021\/08\/DSC01236-1024x683-1.jpg\" data-link=\"https:\/\/lapidarium.fundacja-hereditas.pl\/dsc01236-1024x683\/\" class=\"wp-image-116\" srcset=\"http:\/\/lapidarium.fundacja-hereditas.pl\/wp-content\/uploads\/2021\/08\/DSC01236-1024x683-1.jpg 1024w, http:\/\/lapidarium.fundacja-hereditas.pl\/wp-content\/uploads\/2021\/08\/DSC01236-1024x683-1-300x200.jpg 300w, http:\/\/lapidarium.fundacja-hereditas.pl\/wp-content\/uploads\/2021\/08\/DSC01236-1024x683-1-768x512.jpg 768w, http:\/\/lapidarium.fundacja-hereditas.pl\/wp-content\/uploads\/2021\/08\/DSC01236-1024x683-1-150x100.jpg 150w, http:\/\/lapidarium.fundacja-hereditas.pl\/wp-content\/uploads\/2021\/08\/DSC01236-1024x683-1-696x464.jpg 696w\" sizes=\"auto, (max-width: 1024px) 100vw, 1024px\" \/><\/a><figcaption class=\"blocks-gallery-item__caption\">Klatka schodowa w \u0142\u0105czniku mi\u0119dzy domem frontowym a oficyn\u0105 boczn\u0105. Fot. Hanna Laskowska, 2020, \u017ar\u00f3d\u0142o: lapidarium detalu.<\/figcaption><\/figure><\/li><li class=\"blocks-gallery-item\"><figure><a href=\"http:\/\/lapidarium.fundacja-hereditas.pl\/wp-content\/uploads\/2021\/08\/DSC01375-683x1024-1.jpg\"><img loading=\"lazy\" decoding=\"async\" width=\"683\" height=\"1024\" src=\"http:\/\/lapidarium.fundacja-hereditas.pl\/wp-content\/uploads\/2021\/08\/DSC01375-683x1024-1.jpg\" alt=\"Balustrada schod\u00f3w klatki schodowej z mieszkaniami n-ry 57-68. Fot. Hanna Laskowska, 2020, \u017ar\u00f3d\u0142o: lapidarium detalu\" data-id=\"176\" data-full-url=\"http:\/\/lapidarium.fundacja-hereditas.pl\/wp-content\/uploads\/2021\/08\/DSC01375-683x1024-1.jpg\" data-link=\"https:\/\/lapidarium.fundacja-hereditas.pl\/dsc01375-683x1024\/\" class=\"wp-image-176\" srcset=\"http:\/\/lapidarium.fundacja-hereditas.pl\/wp-content\/uploads\/2021\/08\/DSC01375-683x1024-1.jpg 683w, http:\/\/lapidarium.fundacja-hereditas.pl\/wp-content\/uploads\/2021\/08\/DSC01375-683x1024-1-200x300.jpg 200w, http:\/\/lapidarium.fundacja-hereditas.pl\/wp-content\/uploads\/2021\/08\/DSC01375-683x1024-1-150x225.jpg 150w, http:\/\/lapidarium.fundacja-hereditas.pl\/wp-content\/uploads\/2021\/08\/DSC01375-683x1024-1-300x450.jpg 300w\" sizes=\"auto, (max-width: 683px) 100vw, 683px\" \/><\/a><figcaption class=\"blocks-gallery-item__caption\">Balustrada schod\u00f3w klatki schodowej z mieszkaniami n-ry 57-68. Fot. Hanna Laskowska, 2020, \u017ar\u00f3d\u0142o: lapidarium detalu<\/figcaption><\/figure><\/li><li class=\"blocks-gallery-item\"><figure><a href=\"http:\/\/lapidarium.fundacja-hereditas.pl\/wp-content\/uploads\/2021\/08\/DSC01289-1024x683-1.jpg\"><img loading=\"lazy\" decoding=\"async\" width=\"1024\" height=\"683\" src=\"http:\/\/lapidarium.fundacja-hereditas.pl\/wp-content\/uploads\/2021\/08\/DSC01289-1024x683-1.jpg\" alt=\"Schody, klatka schodowa w \u0142\u0105czniku mi\u0119dzy domem frontowym a oficyn\u0105 boczn\u0105. Fot. Hanna Laskowska, 2020, \u017ar\u00f3d\u0142o: lapidarium detalu.\" data-id=\"109\" data-full-url=\"http:\/\/lapidarium.fundacja-hereditas.pl\/wp-content\/uploads\/2021\/08\/DSC01289-1024x683-1.jpg\" data-link=\"https:\/\/lapidarium.fundacja-hereditas.pl\/dsc01289-1024x683\/\" class=\"wp-image-109\" srcset=\"http:\/\/lapidarium.fundacja-hereditas.pl\/wp-content\/uploads\/2021\/08\/DSC01289-1024x683-1.jpg 1024w, http:\/\/lapidarium.fundacja-hereditas.pl\/wp-content\/uploads\/2021\/08\/DSC01289-1024x683-1-300x200.jpg 300w, http:\/\/lapidarium.fundacja-hereditas.pl\/wp-content\/uploads\/2021\/08\/DSC01289-1024x683-1-768x512.jpg 768w, http:\/\/lapidarium.fundacja-hereditas.pl\/wp-content\/uploads\/2021\/08\/DSC01289-1024x683-1-150x100.jpg 150w, http:\/\/lapidarium.fundacja-hereditas.pl\/wp-content\/uploads\/2021\/08\/DSC01289-1024x683-1-696x464.jpg 696w\" sizes=\"auto, (max-width: 1024px) 100vw, 1024px\" \/><\/a><figcaption class=\"blocks-gallery-item__caption\">Schody, klatka schodowa w \u0142\u0105czniku mi\u0119dzy domem frontowym a oficyn\u0105 boczn\u0105. Fot. Hanna Laskowska, 2020, \u017ar\u00f3d\u0142o: lapidarium detalu.<\/figcaption><\/figure><\/li><li class=\"blocks-gallery-item\"><figure><a href=\"http:\/\/lapidarium.fundacja-hereditas.pl\/wp-content\/uploads\/2021\/08\/DSC01316-1024x683-1.jpg\"><img loading=\"lazy\" decoding=\"async\" width=\"1024\" height=\"683\" src=\"http:\/\/lapidarium.fundacja-hereditas.pl\/wp-content\/uploads\/2021\/08\/DSC01316-1024x683-1.jpg\" alt=\"Klatka schodowa w \u0142\u0105czniku mi\u0119dzy domem frontowym a oficyn\u0105 boczn\u0105. Fot. Hanna Laskowska, 2020, \u017ar\u00f3d\u0142o: lapidarium detalu.\" data-id=\"111\" data-full-url=\"http:\/\/lapidarium.fundacja-hereditas.pl\/wp-content\/uploads\/2021\/08\/DSC01316-1024x683-1.jpg\" data-link=\"https:\/\/lapidarium.fundacja-hereditas.pl\/dsc01316-1024x683\/\" class=\"wp-image-111\" srcset=\"http:\/\/lapidarium.fundacja-hereditas.pl\/wp-content\/uploads\/2021\/08\/DSC01316-1024x683-1.jpg 1024w, http:\/\/lapidarium.fundacja-hereditas.pl\/wp-content\/uploads\/2021\/08\/DSC01316-1024x683-1-300x200.jpg 300w, http:\/\/lapidarium.fundacja-hereditas.pl\/wp-content\/uploads\/2021\/08\/DSC01316-1024x683-1-768x512.jpg 768w, http:\/\/lapidarium.fundacja-hereditas.pl\/wp-content\/uploads\/2021\/08\/DSC01316-1024x683-1-150x100.jpg 150w, http:\/\/lapidarium.fundacja-hereditas.pl\/wp-content\/uploads\/2021\/08\/DSC01316-1024x683-1-696x464.jpg 696w\" sizes=\"auto, (max-width: 1024px) 100vw, 1024px\" \/><\/a><figcaption class=\"blocks-gallery-item__caption\">Klatka schodowa w \u0142\u0105czniku mi\u0119dzy domem frontowym a oficyn\u0105 boczn\u0105. Fot. Hanna Laskowska, 2020, \u017ar\u00f3d\u0142o: lapidarium detalu.<\/figcaption><\/figure><\/li><li class=\"blocks-gallery-item\"><figure><a href=\"http:\/\/lapidarium.fundacja-hereditas.pl\/wp-content\/uploads\/2021\/08\/DSC01327-1024x683-1.jpg\"><img loading=\"lazy\" decoding=\"async\" width=\"1024\" height=\"683\" src=\"http:\/\/lapidarium.fundacja-hereditas.pl\/wp-content\/uploads\/2021\/08\/DSC01327-1024x683-1.jpg\" alt=\"Klatka schodowa z mieszkaniami n-ry 57-68. Fot. Hanna Laskowska, 2020, \u017ar\u00f3d\u0142o: lapidarium detalu.\" data-id=\"121\" data-full-url=\"http:\/\/lapidarium.fundacja-hereditas.pl\/wp-content\/uploads\/2021\/08\/DSC01327-1024x683-1.jpg\" data-link=\"https:\/\/lapidarium.fundacja-hereditas.pl\/dsc01327-1024x683\/\" class=\"wp-image-121\" srcset=\"http:\/\/lapidarium.fundacja-hereditas.pl\/wp-content\/uploads\/2021\/08\/DSC01327-1024x683-1.jpg 1024w, http:\/\/lapidarium.fundacja-hereditas.pl\/wp-content\/uploads\/2021\/08\/DSC01327-1024x683-1-300x200.jpg 300w, http:\/\/lapidarium.fundacja-hereditas.pl\/wp-content\/uploads\/2021\/08\/DSC01327-1024x683-1-768x512.jpg 768w, http:\/\/lapidarium.fundacja-hereditas.pl\/wp-content\/uploads\/2021\/08\/DSC01327-1024x683-1-150x100.jpg 150w, http:\/\/lapidarium.fundacja-hereditas.pl\/wp-content\/uploads\/2021\/08\/DSC01327-1024x683-1-696x464.jpg 696w\" sizes=\"auto, (max-width: 1024px) 100vw, 1024px\" \/><\/a><figcaption class=\"blocks-gallery-item__caption\">Klatka schodowa z mieszkaniami n-ry 57-68. Fot. Hanna Laskowska, 2020, \u017ar\u00f3d\u0142o: lapidarium detalu.<\/figcaption><\/figure><\/li><li class=\"blocks-gallery-item\"><figure><a href=\"http:\/\/lapidarium.fundacja-hereditas.pl\/wp-content\/uploads\/2021\/08\/DSC01286-1024x683-1.jpg\"><img loading=\"lazy\" decoding=\"async\" width=\"1024\" height=\"683\" src=\"http:\/\/lapidarium.fundacja-hereditas.pl\/wp-content\/uploads\/2021\/08\/DSC01286-1024x683-1.jpg\" alt=\"Drzwi do mieszka\u0144, klatka schodowa w \u0142\u0105czniku mi\u0119dzy domem frontowym a oficyn\u0105 boczn\u0105. Fot. Hanna Laskowska, 2020, \u017ar\u00f3d\u0142o: lapidarium detalu.\" data-id=\"107\" data-full-url=\"http:\/\/lapidarium.fundacja-hereditas.pl\/wp-content\/uploads\/2021\/08\/DSC01286-1024x683-1.jpg\" data-link=\"https:\/\/lapidarium.fundacja-hereditas.pl\/dsc01286-1024x683\/\" class=\"wp-image-107\" srcset=\"http:\/\/lapidarium.fundacja-hereditas.pl\/wp-content\/uploads\/2021\/08\/DSC01286-1024x683-1.jpg 1024w, http:\/\/lapidarium.fundacja-hereditas.pl\/wp-content\/uploads\/2021\/08\/DSC01286-1024x683-1-300x200.jpg 300w, http:\/\/lapidarium.fundacja-hereditas.pl\/wp-content\/uploads\/2021\/08\/DSC01286-1024x683-1-768x512.jpg 768w, http:\/\/lapidarium.fundacja-hereditas.pl\/wp-content\/uploads\/2021\/08\/DSC01286-1024x683-1-150x100.jpg 150w, http:\/\/lapidarium.fundacja-hereditas.pl\/wp-content\/uploads\/2021\/08\/DSC01286-1024x683-1-696x464.jpg 696w\" sizes=\"auto, (max-width: 1024px) 100vw, 1024px\" \/><\/a><figcaption class=\"blocks-gallery-item__caption\">Drzwi do mieszka\u0144, klatka schodowa w \u0142\u0105czniku mi\u0119dzy domem frontowym a oficyn\u0105 boczn\u0105. Fot. Hanna Laskowska, 2020, \u017ar\u00f3d\u0142o: lapidarium detalu.<\/figcaption><\/figure><\/li><li class=\"blocks-gallery-item\"><figure><a href=\"http:\/\/lapidarium.fundacja-hereditas.pl\/wp-content\/uploads\/2021\/08\/DSC01277-1024x683-1.jpg\"><img loading=\"lazy\" decoding=\"async\" width=\"1024\" height=\"683\" src=\"http:\/\/lapidarium.fundacja-hereditas.pl\/wp-content\/uploads\/2021\/08\/DSC01277-1024x683-1.jpg\" alt=\"Okno gospodarcze (?), klatka schodowa w \u0142\u0105czniku mi\u0119dzy domem frontowym a oficyn\u0105 boczn\u0105. Fot. Hanna Laskowska, 2020, \u017ar\u00f3d\u0142o: lapidarium detalu.\" data-id=\"110\" data-full-url=\"http:\/\/lapidarium.fundacja-hereditas.pl\/wp-content\/uploads\/2021\/08\/DSC01277-1024x683-1.jpg\" data-link=\"https:\/\/lapidarium.fundacja-hereditas.pl\/dsc01277-1024x683\/\" class=\"wp-image-110\" srcset=\"http:\/\/lapidarium.fundacja-hereditas.pl\/wp-content\/uploads\/2021\/08\/DSC01277-1024x683-1.jpg 1024w, http:\/\/lapidarium.fundacja-hereditas.pl\/wp-content\/uploads\/2021\/08\/DSC01277-1024x683-1-300x200.jpg 300w, http:\/\/lapidarium.fundacja-hereditas.pl\/wp-content\/uploads\/2021\/08\/DSC01277-1024x683-1-768x512.jpg 768w, http:\/\/lapidarium.fundacja-hereditas.pl\/wp-content\/uploads\/2021\/08\/DSC01277-1024x683-1-150x100.jpg 150w, http:\/\/lapidarium.fundacja-hereditas.pl\/wp-content\/uploads\/2021\/08\/DSC01277-1024x683-1-696x464.jpg 696w\" sizes=\"auto, (max-width: 1024px) 100vw, 1024px\" \/><\/a><figcaption class=\"blocks-gallery-item__caption\">Okno gospodarcze (?), klatka schodowa w \u0142\u0105czniku mi\u0119dzy domem frontowym a oficyn\u0105 boczn\u0105. Fot. Hanna Laskowska, 2020, \u017ar\u00f3d\u0142o: lapidarium detalu.<\/figcaption><\/figure><\/li><li class=\"blocks-gallery-item\"><figure><a href=\"http:\/\/lapidarium.fundacja-hereditas.pl\/wp-content\/uploads\/2021\/08\/DSC01425-683x1024-1.jpg\"><img loading=\"lazy\" decoding=\"async\" width=\"683\" height=\"1024\" src=\"http:\/\/lapidarium.fundacja-hereditas.pl\/wp-content\/uploads\/2021\/08\/DSC01425-683x1024-1.jpg\" alt=\"Detal okna. Fot. Hanna Laskowska, 2020, \u017ar\u00f3d\u0142o: lapidarium detalu.\" data-id=\"98\" data-full-url=\"http:\/\/lapidarium.fundacja-hereditas.pl\/wp-content\/uploads\/2021\/08\/DSC01425-683x1024-1.jpg\" data-link=\"https:\/\/lapidarium.fundacja-hereditas.pl\/dsc01425-683x1024\/\" class=\"wp-image-98\" srcset=\"http:\/\/lapidarium.fundacja-hereditas.pl\/wp-content\/uploads\/2021\/08\/DSC01425-683x1024-1.jpg 683w, http:\/\/lapidarium.fundacja-hereditas.pl\/wp-content\/uploads\/2021\/08\/DSC01425-683x1024-1-200x300.jpg 200w, http:\/\/lapidarium.fundacja-hereditas.pl\/wp-content\/uploads\/2021\/08\/DSC01425-683x1024-1-150x225.jpg 150w, http:\/\/lapidarium.fundacja-hereditas.pl\/wp-content\/uploads\/2021\/08\/DSC01425-683x1024-1-300x450.jpg 300w\" sizes=\"auto, (max-width: 683px) 100vw, 683px\" \/><\/a><figcaption class=\"blocks-gallery-item__caption\">Detal okna. Fot. Hanna Laskowska, 2020, \u017ar\u00f3d\u0142o: lapidarium detalu.<\/figcaption><\/figure><\/li><li class=\"blocks-gallery-item\"><figure><a href=\"http:\/\/lapidarium.fundacja-hereditas.pl\/wp-content\/uploads\/2021\/08\/DSC01271-1024x683-1.jpg\"><img loading=\"lazy\" decoding=\"async\" width=\"1024\" height=\"683\" src=\"http:\/\/lapidarium.fundacja-hereditas.pl\/wp-content\/uploads\/2021\/08\/DSC01271-1024x683-1.jpg\" alt=\"Podest klatki schodowej w \u0142\u0105czniku mi\u0119dzy domem frontowym a oficyn\u0105 boczn\u0105. Fot. Hanna Laskowska, 2020, \u017ar\u00f3d\u0142o: lapidarium detalu\" data-id=\"124\" data-full-url=\"http:\/\/lapidarium.fundacja-hereditas.pl\/wp-content\/uploads\/2021\/08\/DSC01271-1024x683-1.jpg\" data-link=\"https:\/\/lapidarium.fundacja-hereditas.pl\/dsc01271-1024x683\/\" class=\"wp-image-124\" srcset=\"http:\/\/lapidarium.fundacja-hereditas.pl\/wp-content\/uploads\/2021\/08\/DSC01271-1024x683-1.jpg 1024w, http:\/\/lapidarium.fundacja-hereditas.pl\/wp-content\/uploads\/2021\/08\/DSC01271-1024x683-1-300x200.jpg 300w, http:\/\/lapidarium.fundacja-hereditas.pl\/wp-content\/uploads\/2021\/08\/DSC01271-1024x683-1-768x512.jpg 768w, http:\/\/lapidarium.fundacja-hereditas.pl\/wp-content\/uploads\/2021\/08\/DSC01271-1024x683-1-150x100.jpg 150w, http:\/\/lapidarium.fundacja-hereditas.pl\/wp-content\/uploads\/2021\/08\/DSC01271-1024x683-1-696x464.jpg 696w\" sizes=\"auto, (max-width: 1024px) 100vw, 1024px\" \/><\/a><figcaption class=\"blocks-gallery-item__caption\">Podest klatki schodowej w \u0142\u0105czniku mi\u0119dzy domem frontowym a oficyn\u0105 boczn\u0105. Fot. Hanna Laskowska, 2020, \u017ar\u00f3d\u0142o: lapidarium detalu<\/figcaption><\/figure><\/li><li class=\"blocks-gallery-item\"><figure><a href=\"http:\/\/lapidarium.fundacja-hereditas.pl\/wp-content\/uploads\/2021\/08\/DSC01269-683x1024-1.jpg\"><img loading=\"lazy\" decoding=\"async\" width=\"683\" height=\"1024\" src=\"http:\/\/lapidarium.fundacja-hereditas.pl\/wp-content\/uploads\/2021\/08\/DSC01269-683x1024-1.jpg\" alt=\"Korytarz klatki schodowej w \u0142\u0105czniku mi\u0119dzy domem frontowym a oficyn\u0105 boczn\u0105. Fot. Hanna Laskowska, 2020, \u017ar\u00f3d\u0142o: lapidarium detalu.\" data-id=\"103\" data-full-url=\"http:\/\/lapidarium.fundacja-hereditas.pl\/wp-content\/uploads\/2021\/08\/DSC01269-683x1024-1.jpg\" data-link=\"https:\/\/lapidarium.fundacja-hereditas.pl\/dsc01269-683x1024\/\" class=\"wp-image-103\" srcset=\"http:\/\/lapidarium.fundacja-hereditas.pl\/wp-content\/uploads\/2021\/08\/DSC01269-683x1024-1.jpg 683w, http:\/\/lapidarium.fundacja-hereditas.pl\/wp-content\/uploads\/2021\/08\/DSC01269-683x1024-1-200x300.jpg 200w, http:\/\/lapidarium.fundacja-hereditas.pl\/wp-content\/uploads\/2021\/08\/DSC01269-683x1024-1-150x225.jpg 150w, http:\/\/lapidarium.fundacja-hereditas.pl\/wp-content\/uploads\/2021\/08\/DSC01269-683x1024-1-300x450.jpg 300w\" sizes=\"auto, (max-width: 683px) 100vw, 683px\" \/><\/a><figcaption class=\"blocks-gallery-item__caption\">Korytarz klatki schodowej w \u0142\u0105czniku mi\u0119dzy domem frontowym a oficyn\u0105 boczn\u0105. Fot. Hanna Laskowska, 2020, \u017ar\u00f3d\u0142o: lapidarium detalu.<\/figcaption><\/figure><\/li><li class=\"blocks-gallery-item\"><figure><a href=\"http:\/\/lapidarium.fundacja-hereditas.pl\/wp-content\/uploads\/2021\/08\/DSC01313-683x1024-1.jpg\"><img loading=\"lazy\" decoding=\"async\" width=\"683\" height=\"1024\" src=\"http:\/\/lapidarium.fundacja-hereditas.pl\/wp-content\/uploads\/2021\/08\/DSC01313-683x1024-1.jpg\" alt=\"Drzwi na klatce schodowej w \u0142\u0105czniku mi\u0119dzy domem frontowym a oficyn\u0105 boczn\u0105. Fot. Hanna Laskowska, 2020, \u017ar\u00f3d\u0142o: lapidarium detalu.\" data-id=\"115\" data-full-url=\"http:\/\/lapidarium.fundacja-hereditas.pl\/wp-content\/uploads\/2021\/08\/DSC01313-683x1024-1.jpg\" data-link=\"https:\/\/lapidarium.fundacja-hereditas.pl\/dsc01313-683x1024\/\" class=\"wp-image-115\" srcset=\"http:\/\/lapidarium.fundacja-hereditas.pl\/wp-content\/uploads\/2021\/08\/DSC01313-683x1024-1.jpg 683w, http:\/\/lapidarium.fundacja-hereditas.pl\/wp-content\/uploads\/2021\/08\/DSC01313-683x1024-1-200x300.jpg 200w, http:\/\/lapidarium.fundacja-hereditas.pl\/wp-content\/uploads\/2021\/08\/DSC01313-683x1024-1-150x225.jpg 150w, http:\/\/lapidarium.fundacja-hereditas.pl\/wp-content\/uploads\/2021\/08\/DSC01313-683x1024-1-300x450.jpg 300w\" sizes=\"auto, (max-width: 683px) 100vw, 683px\" \/><\/a><figcaption class=\"blocks-gallery-item__caption\">Drzwi na klatce schodowej w \u0142\u0105czniku mi\u0119dzy domem frontowym a oficyn\u0105 boczn\u0105. Fot. Hanna Laskowska, 2020, \u017ar\u00f3d\u0142o: lapidarium detalu.<\/figcaption><\/figure><\/li><li class=\"blocks-gallery-item\"><figure><a href=\"http:\/\/lapidarium.fundacja-hereditas.pl\/wp-content\/uploads\/2021\/08\/DSC01261-683x1024-1.jpg\"><img loading=\"lazy\" decoding=\"async\" width=\"683\" height=\"1024\" src=\"http:\/\/lapidarium.fundacja-hereditas.pl\/wp-content\/uploads\/2021\/08\/DSC01261-683x1024-1.jpg\" alt=\"Korytarz klatki schodowej w \u0142\u0105czniku mi\u0119dzy domem frontowym a oficyn\u0105 boczn\u0105. Fot. Hanna Laskowska, 2020, \u017ar\u00f3d\u0142o: lapidarium detalu.\" data-id=\"101\" data-full-url=\"http:\/\/lapidarium.fundacja-hereditas.pl\/wp-content\/uploads\/2021\/08\/DSC01261-683x1024-1.jpg\" data-link=\"https:\/\/lapidarium.fundacja-hereditas.pl\/dsc01261-683x1024\/\" class=\"wp-image-101\" srcset=\"http:\/\/lapidarium.fundacja-hereditas.pl\/wp-content\/uploads\/2021\/08\/DSC01261-683x1024-1.jpg 683w, http:\/\/lapidarium.fundacja-hereditas.pl\/wp-content\/uploads\/2021\/08\/DSC01261-683x1024-1-200x300.jpg 200w, http:\/\/lapidarium.fundacja-hereditas.pl\/wp-content\/uploads\/2021\/08\/DSC01261-683x1024-1-150x225.jpg 150w, http:\/\/lapidarium.fundacja-hereditas.pl\/wp-content\/uploads\/2021\/08\/DSC01261-683x1024-1-300x450.jpg 300w\" sizes=\"auto, (max-width: 683px) 100vw, 683px\" \/><\/a><figcaption class=\"blocks-gallery-item__caption\">Korytarz klatki schodowej w \u0142\u0105czniku mi\u0119dzy domem frontowym a oficyn\u0105 boczn\u0105. Fot. Hanna Laskowska, 2020, \u017ar\u00f3d\u0142o: lapidarium detalu.<\/figcaption><\/figure><\/li><li class=\"blocks-gallery-item\"><figure><a href=\"http:\/\/lapidarium.fundacja-hereditas.pl\/wp-content\/uploads\/2021\/08\/DSC01287-683x1024-1.jpg\"><img loading=\"lazy\" decoding=\"async\" width=\"683\" height=\"1024\" src=\"http:\/\/lapidarium.fundacja-hereditas.pl\/wp-content\/uploads\/2021\/08\/DSC01287-683x1024-1.jpg\" alt=\"Drzwi do mieszkania, klatka schodowa w \u0142\u0105czniku mi\u0119dzy domem frontowym a oficyn\u0105 boczn\u0105. Fot. Hanna Laskowska, 2020, \u017ar\u00f3d\u0142o: lapidarium detalu.\" data-id=\"105\" data-full-url=\"http:\/\/lapidarium.fundacja-hereditas.pl\/wp-content\/uploads\/2021\/08\/DSC01287-683x1024-1.jpg\" data-link=\"https:\/\/lapidarium.fundacja-hereditas.pl\/dsc01287-683x1024\/\" class=\"wp-image-105\" srcset=\"http:\/\/lapidarium.fundacja-hereditas.pl\/wp-content\/uploads\/2021\/08\/DSC01287-683x1024-1.jpg 683w, http:\/\/lapidarium.fundacja-hereditas.pl\/wp-content\/uploads\/2021\/08\/DSC01287-683x1024-1-200x300.jpg 200w, http:\/\/lapidarium.fundacja-hereditas.pl\/wp-content\/uploads\/2021\/08\/DSC01287-683x1024-1-150x225.jpg 150w, http:\/\/lapidarium.fundacja-hereditas.pl\/wp-content\/uploads\/2021\/08\/DSC01287-683x1024-1-300x450.jpg 300w\" sizes=\"auto, (max-width: 683px) 100vw, 683px\" \/><\/a><figcaption class=\"blocks-gallery-item__caption\">Drzwi do mieszkania, klatka schodowa w \u0142\u0105czniku mi\u0119dzy domem frontowym a oficyn\u0105 boczn\u0105. Fot. Hanna Laskowska, 2020, \u017ar\u00f3d\u0142o: lapidarium detalu.<\/figcaption><\/figure><\/li><li class=\"blocks-gallery-item\"><figure><a href=\"http:\/\/lapidarium.fundacja-hereditas.pl\/wp-content\/uploads\/2021\/08\/DSC01326-1024x683-1.jpg\"><img loading=\"lazy\" decoding=\"async\" width=\"1024\" height=\"683\" src=\"http:\/\/lapidarium.fundacja-hereditas.pl\/wp-content\/uploads\/2021\/08\/DSC01326-1024x683-1.jpg\" alt=\"Okno pomieszczenia gospodarczego (?) pod schodami, klatka schodowa z mieszkaniami n-ry 57-68. Fot. Hanna Laskowska, 2020, \u017ar\u00f3d\u0142o: lapidarium detalu.\" data-id=\"120\" data-full-url=\"http:\/\/lapidarium.fundacja-hereditas.pl\/wp-content\/uploads\/2021\/08\/DSC01326-1024x683-1.jpg\" data-link=\"https:\/\/lapidarium.fundacja-hereditas.pl\/dsc01326-1024x683\/\" class=\"wp-image-120\" srcset=\"http:\/\/lapidarium.fundacja-hereditas.pl\/wp-content\/uploads\/2021\/08\/DSC01326-1024x683-1.jpg 1024w, http:\/\/lapidarium.fundacja-hereditas.pl\/wp-content\/uploads\/2021\/08\/DSC01326-1024x683-1-300x200.jpg 300w, http:\/\/lapidarium.fundacja-hereditas.pl\/wp-content\/uploads\/2021\/08\/DSC01326-1024x683-1-768x512.jpg 768w, http:\/\/lapidarium.fundacja-hereditas.pl\/wp-content\/uploads\/2021\/08\/DSC01326-1024x683-1-150x100.jpg 150w, http:\/\/lapidarium.fundacja-hereditas.pl\/wp-content\/uploads\/2021\/08\/DSC01326-1024x683-1-696x464.jpg 696w\" sizes=\"auto, (max-width: 1024px) 100vw, 1024px\" \/><\/a><figcaption class=\"blocks-gallery-item__caption\">Okno pomieszczenia gospodarczego (?) pod schodami, klatka schodowa z mieszkaniami n-ry 57-68. Fot. Hanna Laskowska, 2020, \u017ar\u00f3d\u0142o: lapidarium detalu.<\/figcaption><\/figure><\/li><li class=\"blocks-gallery-item\"><figure><a href=\"http:\/\/lapidarium.fundacja-hereditas.pl\/wp-content\/uploads\/2021\/08\/DSC01258-1024x683-1.jpg\"><img loading=\"lazy\" decoding=\"async\" width=\"1024\" height=\"683\" src=\"http:\/\/lapidarium.fundacja-hereditas.pl\/wp-content\/uploads\/2021\/08\/DSC01258-1024x683-1.jpg\" alt=\"Okno drzwi do WC na klatce schodowej w \u0142\u0105czniku mi\u0119dzy domem frontowym a oficyn\u0105 boczn\u0105. Fot. Hanna Laskowska, 2020, \u017ar\u00f3d\u0142o: lapidarium detalu\" data-id=\"165\" data-full-url=\"http:\/\/lapidarium.fundacja-hereditas.pl\/wp-content\/uploads\/2021\/08\/DSC01258-1024x683-1.jpg\" data-link=\"https:\/\/lapidarium.fundacja-hereditas.pl\/dsc01258-1024x683\/\" class=\"wp-image-165\" srcset=\"http:\/\/lapidarium.fundacja-hereditas.pl\/wp-content\/uploads\/2021\/08\/DSC01258-1024x683-1.jpg 1024w, http:\/\/lapidarium.fundacja-hereditas.pl\/wp-content\/uploads\/2021\/08\/DSC01258-1024x683-1-300x200.jpg 300w, http:\/\/lapidarium.fundacja-hereditas.pl\/wp-content\/uploads\/2021\/08\/DSC01258-1024x683-1-768x512.jpg 768w, http:\/\/lapidarium.fundacja-hereditas.pl\/wp-content\/uploads\/2021\/08\/DSC01258-1024x683-1-150x100.jpg 150w, http:\/\/lapidarium.fundacja-hereditas.pl\/wp-content\/uploads\/2021\/08\/DSC01258-1024x683-1-696x464.jpg 696w\" sizes=\"auto, (max-width: 1024px) 100vw, 1024px\" \/><\/a><figcaption class=\"blocks-gallery-item__caption\">Okno drzwi do WC na klatce schodowej w \u0142\u0105czniku mi\u0119dzy domem frontowym a oficyn\u0105 boczn\u0105. Fot. Hanna Laskowska, 2020, \u017ar\u00f3d\u0142o: lapidarium detalu<\/figcaption><\/figure><\/li><li class=\"blocks-gallery-item\"><figure><a href=\"http:\/\/lapidarium.fundacja-hereditas.pl\/wp-content\/uploads\/2021\/08\/DSC01280-683x1024-1.jpg\"><img loading=\"lazy\" decoding=\"async\" width=\"683\" height=\"1024\" src=\"http:\/\/lapidarium.fundacja-hereditas.pl\/wp-content\/uploads\/2021\/08\/DSC01280-683x1024-1.jpg\" alt=\"Szybka w oknie gospodarczym (?), klatka schodowa w \u0142\u0105czniku mi\u0119dzy domem frontowym a oficyn\u0105 boczn\u0105. Fot. Hanna Laskowska, 2020, \u017ar\u00f3d\u0142o: lapidarium detalu.\" data-id=\"112\" data-full-url=\"http:\/\/lapidarium.fundacja-hereditas.pl\/wp-content\/uploads\/2021\/08\/DSC01280-683x1024-1.jpg\" data-link=\"https:\/\/lapidarium.fundacja-hereditas.pl\/dsc01280-683x1024\/\" class=\"wp-image-112\" srcset=\"http:\/\/lapidarium.fundacja-hereditas.pl\/wp-content\/uploads\/2021\/08\/DSC01280-683x1024-1.jpg 683w, http:\/\/lapidarium.fundacja-hereditas.pl\/wp-content\/uploads\/2021\/08\/DSC01280-683x1024-1-200x300.jpg 200w, http:\/\/lapidarium.fundacja-hereditas.pl\/wp-content\/uploads\/2021\/08\/DSC01280-683x1024-1-150x225.jpg 150w, http:\/\/lapidarium.fundacja-hereditas.pl\/wp-content\/uploads\/2021\/08\/DSC01280-683x1024-1-300x450.jpg 300w\" sizes=\"auto, (max-width: 683px) 100vw, 683px\" \/><\/a><figcaption class=\"blocks-gallery-item__caption\">Szybka w oknie gospodarczym (?), klatka schodowa w \u0142\u0105czniku mi\u0119dzy domem frontowym a oficyn\u0105 boczn\u0105. Fot. Hanna Laskowska, 2020, \u017ar\u00f3d\u0142o: lapidarium detalu.<\/figcaption><\/figure><\/li><li class=\"blocks-gallery-item\"><figure><a href=\"http:\/\/lapidarium.fundacja-hereditas.pl\/wp-content\/uploads\/2021\/08\/DSC01259-1024x683-1.jpg\"><img loading=\"lazy\" decoding=\"async\" width=\"1024\" height=\"683\" src=\"http:\/\/lapidarium.fundacja-hereditas.pl\/wp-content\/uploads\/2021\/08\/DSC01259-1024x683-1.jpg\" alt=\"Szyba okna drzwi do WC na klatce schodowej w \u0142\u0105czniku mi\u0119dzy domem frontowym a oficyn\u0105 boczn\u0105. Fot. Hanna Laskowska, 2020, \u017ar\u00f3d\u0142o: lapidarium detalu\" data-id=\"158\" data-full-url=\"http:\/\/lapidarium.fundacja-hereditas.pl\/wp-content\/uploads\/2021\/08\/DSC01259-1024x683-1.jpg\" data-link=\"https:\/\/lapidarium.fundacja-hereditas.pl\/dsc01259-1024x683\/\" class=\"wp-image-158\" srcset=\"http:\/\/lapidarium.fundacja-hereditas.pl\/wp-content\/uploads\/2021\/08\/DSC01259-1024x683-1.jpg 1024w, http:\/\/lapidarium.fundacja-hereditas.pl\/wp-content\/uploads\/2021\/08\/DSC01259-1024x683-1-300x200.jpg 300w, http:\/\/lapidarium.fundacja-hereditas.pl\/wp-content\/uploads\/2021\/08\/DSC01259-1024x683-1-768x512.jpg 768w, http:\/\/lapidarium.fundacja-hereditas.pl\/wp-content\/uploads\/2021\/08\/DSC01259-1024x683-1-150x100.jpg 150w, http:\/\/lapidarium.fundacja-hereditas.pl\/wp-content\/uploads\/2021\/08\/DSC01259-1024x683-1-696x464.jpg 696w\" sizes=\"auto, (max-width: 1024px) 100vw, 1024px\" \/><\/a><figcaption class=\"blocks-gallery-item__caption\">Szyba okna drzwi do WC na klatce schodowej w \u0142\u0105czniku mi\u0119dzy domem frontowym a oficyn\u0105 boczn\u0105. Fot. Hanna Laskowska, 2020, \u017ar\u00f3d\u0142o: lapidarium detalu<\/figcaption><\/figure><\/li><li class=\"blocks-gallery-item\"><figure><a href=\"http:\/\/lapidarium.fundacja-hereditas.pl\/wp-content\/uploads\/2021\/08\/DSC01266-1024x683-1.jpg\"><img loading=\"lazy\" decoding=\"async\" width=\"1024\" height=\"683\" src=\"http:\/\/lapidarium.fundacja-hereditas.pl\/wp-content\/uploads\/2021\/08\/DSC01266-1024x683-1.jpg\" alt=\"Posadzka korytarza klatki schodowej w \u0142\u0105czniku mi\u0119dzy domem frontowym a oficyn\u0105 boczn\u0105. Fot. Hanna Laskowska, 2020, \u017ar\u00f3d\u0142o: lapidarium detalu.\" data-id=\"119\" data-full-url=\"http:\/\/lapidarium.fundacja-hereditas.pl\/wp-content\/uploads\/2021\/08\/DSC01266-1024x683-1.jpg\" data-link=\"https:\/\/lapidarium.fundacja-hereditas.pl\/dsc01266-1024x683\/\" class=\"wp-image-119\" srcset=\"http:\/\/lapidarium.fundacja-hereditas.pl\/wp-content\/uploads\/2021\/08\/DSC01266-1024x683-1.jpg 1024w, http:\/\/lapidarium.fundacja-hereditas.pl\/wp-content\/uploads\/2021\/08\/DSC01266-1024x683-1-300x200.jpg 300w, http:\/\/lapidarium.fundacja-hereditas.pl\/wp-content\/uploads\/2021\/08\/DSC01266-1024x683-1-768x512.jpg 768w, http:\/\/lapidarium.fundacja-hereditas.pl\/wp-content\/uploads\/2021\/08\/DSC01266-1024x683-1-150x100.jpg 150w, http:\/\/lapidarium.fundacja-hereditas.pl\/wp-content\/uploads\/2021\/08\/DSC01266-1024x683-1-696x464.jpg 696w\" sizes=\"auto, (max-width: 1024px) 100vw, 1024px\" \/><\/a><figcaption class=\"blocks-gallery-item__caption\">Posadzka korytarza klatki schodowej w \u0142\u0105czniku mi\u0119dzy domem frontowym a oficyn\u0105 boczn\u0105. Fot. Hanna Laskowska, 2020, \u017ar\u00f3d\u0142o: lapidarium detalu.<\/figcaption><\/figure><\/li><li class=\"blocks-gallery-item\"><figure><a href=\"http:\/\/lapidarium.fundacja-hereditas.pl\/wp-content\/uploads\/2021\/08\/DSC01254-683x1024-1.jpg\"><img loading=\"lazy\" decoding=\"async\" width=\"683\" height=\"1024\" src=\"http:\/\/lapidarium.fundacja-hereditas.pl\/wp-content\/uploads\/2021\/08\/DSC01254-683x1024-1.jpg\" alt=\"Posadzka korytarza klatki schodowej w \u0142\u0105czniku mi\u0119dzy domem frontowym a oficyn\u0105 boczn\u0105. Fot. Hanna Laskowska, 2020, \u017ar\u00f3d\u0142o: lapidarium detalu\" data-id=\"172\" data-full-url=\"http:\/\/lapidarium.fundacja-hereditas.pl\/wp-content\/uploads\/2021\/08\/DSC01254-683x1024-1.jpg\" data-link=\"https:\/\/lapidarium.fundacja-hereditas.pl\/dsc01254-683x1024\/\" class=\"wp-image-172\" srcset=\"http:\/\/lapidarium.fundacja-hereditas.pl\/wp-content\/uploads\/2021\/08\/DSC01254-683x1024-1.jpg 683w, http:\/\/lapidarium.fundacja-hereditas.pl\/wp-content\/uploads\/2021\/08\/DSC01254-683x1024-1-200x300.jpg 200w, http:\/\/lapidarium.fundacja-hereditas.pl\/wp-content\/uploads\/2021\/08\/DSC01254-683x1024-1-150x225.jpg 150w, http:\/\/lapidarium.fundacja-hereditas.pl\/wp-content\/uploads\/2021\/08\/DSC01254-683x1024-1-300x450.jpg 300w\" sizes=\"auto, (max-width: 683px) 100vw, 683px\" \/><\/a><figcaption class=\"blocks-gallery-item__caption\">Posadzka korytarza klatki schodowej w \u0142\u0105czniku mi\u0119dzy domem frontowym a oficyn\u0105 boczn\u0105. Fot. Hanna Laskowska, 2020, \u017ar\u00f3d\u0142o: lapidarium detalu<\/figcaption><\/figure><\/li><\/ul><\/figure>\n","protected":false},"excerpt":{"rendered":"<p>Kamienica ul. Bracka 1 \/ \u017burawia 2. Kamienica naro\u017cna, wybudowana w l. 1865-66 wg projektu Adolfa Woli\u0144skiego.<\/p>\n","protected":false},"author":2,"featured_media":209,"comment_status":"open","ping_status":"open","sticky":false,"template":"","format":"standard","meta":{"footnotes":""},"categories":[10,4],"tags":[],"class_list":{"0":"post-207","1":"post","2":"type-post","3":"status-publish","4":"format-standard","5":"has-post-thumbnail","7":"category-bracka","8":"category-warszawa"},"_links":{"self":[{"href":"http:\/\/lapidarium.fundacja-hereditas.pl\/index.php\/wp-json\/wp\/v2\/posts\/207","targetHints":{"allow":["GET"]}}],"collection":[{"href":"http:\/\/lapidarium.fundacja-hereditas.pl\/index.php\/wp-json\/wp\/v2\/posts"}],"about":[{"href":"http:\/\/lapidarium.fundacja-hereditas.pl\/index.php\/wp-json\/wp\/v2\/types\/post"}],"author":[{"embeddable":true,"href":"http:\/\/lapidarium.fundacja-hereditas.pl\/index.php\/wp-json\/wp\/v2\/users\/2"}],"replies":[{"embeddable":true,"href":"http:\/\/lapidarium.fundacja-hereditas.pl\/index.php\/wp-json\/wp\/v2\/comments?post=207"}],"version-history":[{"count":9,"href":"http:\/\/lapidarium.fundacja-hereditas.pl\/index.php\/wp-json\/wp\/v2\/posts\/207\/revisions"}],"predecessor-version":[{"id":5565,"href":"http:\/\/lapidarium.fundacja-hereditas.pl\/index.php\/wp-json\/wp\/v2\/posts\/207\/revisions\/5565"}],"wp:featuredmedia":[{"embeddable":true,"href":"http:\/\/lapidarium.fundacja-hereditas.pl\/index.php\/wp-json\/wp\/v2\/media\/209"}],"wp:attachment":[{"href":"http:\/\/lapidarium.fundacja-hereditas.pl\/index.php\/wp-json\/wp\/v2\/media?parent=207"}],"wp:term":[{"taxonomy":"category","embeddable":true,"href":"http:\/\/lapidarium.fundacja-hereditas.pl\/index.php\/wp-json\/wp\/v2\/categories?post=207"},{"taxonomy":"post_tag","embeddable":true,"href":"http:\/\/lapidarium.fundacja-hereditas.pl\/index.php\/wp-json\/wp\/v2\/tags?post=207"}],"curies":[{"name":"wp","href":"https:\/\/api.w.org\/{rel}","templated":true}]}}