{"id":20364,"date":"2024-01-18T06:17:36","date_gmt":"2024-01-18T05:17:36","guid":{"rendered":"http:\/\/lapidarium.fundacja-hereditas.pl\/?p=20364"},"modified":"2024-07-26T14:44:58","modified_gmt":"2024-07-26T12:44:58","slug":"kamienica-ul-podchorazych-81-warszawa","status":"publish","type":"post","link":"http:\/\/lapidarium.fundacja-hereditas.pl\/index.php\/2024\/01\/18\/kamienica-ul-podchorazych-81-warszawa\/","title":{"rendered":"Kamienica ul. Podchor\u0105\u017cych 81, Warszawa"},"content":{"rendered":"\n<p>Obiekt w typie luksusowego kilkurodzinnego domu z przedmie\u015b\u0107, otoczony ogrodem, wolnostoj\u0105cy. Wysoko\u015bci dw\u00f3ch pi\u0119ter. Kr\u00f3tszym bokiem zwr\u00f3cony ku ul. Podchor\u0105\u017cych, kt\u00f3ra do momentu w\u0142\u0105czenia Sielec w obr\u0119b Warszawy, nazywa\u0142a si\u0119 inaczej ni\u017c obecnie. Nosi\u0142a w\u00f3wczas miano ul. Okopowej, co by\u0142o w prostej linii odzwierciedleniem jej topograficznego po\u0142o\u017cenia (bieg\u0142a, meandruj\u0105c wzd\u0142u\u017c linii okop\u00f3w miejskich). Obecnie raczej nie spotyka si\u0119 sytuacji, by nazwa ulicy by\u0142a kontynuowana po z\u0142amaniu jej biegu na skrzy\u017cowaniu. Je\u015bli tak si\u0119 zdarza, to jest to zazwyczaj pami\u0105tka bardzo odleg\u0142ych czasach si\u0119gaj\u0105cych, pocz\u0105tk\u00f3w formowania si\u0119 okolicznej siatki ulic, gdy nie by\u0142o jeszcze tak rygorystycznych, jak obecnie przepis\u00f3w i zasad nadawania nazw obiektom miejskim. W tym przypadku mamy na my\u015bli czasy sprzed I wojny \u015bwiatowej. Omawiany tu dwupi\u0119trowy obiekt powsta\u0142 na nieregularnym obrysie. W p\u00f3\u0142nocnej cz\u0119\u015bci posiada ryzalit, kt\u00f3rego zachodni\u0105 cz\u0119\u015b\u0107 zajmuje klatka schodowa o wst\u0119gowym, pionowym oknie \u2013 tzw. \u201etermometr\u201d. Wej\u015bcie do niej usytuowane jest na wprost ulicy, a tym samym z boku ryzalitu. Naro\u017cnik po\u0142udniowo zachodni zajmuje taras. Daszek umieszczony nad nim pe\u0142ni funkcje balkonu wy\u017cszego pi\u0119tra. Opr\u00f3cz tego na pierwszym i drugim pi\u0119trze elewacji po\u0142udniowej s\u0105 balkony, a na ostatniej kondygnacji mansardy \u2013 umo\u017cliwiaj\u0105ce korzystanie z mieszkalnego poddasza. Dom przetrwa\u0142 wojn\u0119 pod dachem \u2013 st\u0105d du\u017ca ilo\u015b\u0107 zachowanych wewn\u0105trz detali. Na uwag\u0119 zas\u0142uguje oryginalnie zaprojektowana balustrada na klatce schodowej i drewniane schody. Oryginalna jest te\u017c stolarka okien klatki chodowej i kilku lokali mieszkalnych z wielokwaterowymi oknami. W przededniu II wojny \u015bwiatowej dom by\u0142 w\u0142asno\u015bci\u0105 Dory Fuchs.<\/p>\n\n\n\n<p>::: Sfinansowano ze \u015brodk\u00f3w Mazowieckiego Wojew\u00f3dzkiego Konserwatora Zabytk\u00f3w.<\/p>\n\n\n\n<figure class=\"wp-block-gallery has-nested-images columns-default is-cropped wp-block-gallery-1 is-layout-flex wp-block-gallery-is-layout-flex\">\n<figure class=\"wp-block-image size-large\"><a href=\"http:\/\/lapidarium.fundacja-hereditas.pl\/wp-content\/uploads\/2024\/06\/PiotrPrusakiewicz_Podchorazych81_Warszawa_fasada-4-scaled.jpg\"><img loading=\"lazy\" decoding=\"async\" width=\"1019\" height=\"1024\" data-id=\"25527\" src=\"http:\/\/lapidarium.fundacja-hereditas.pl\/wp-content\/uploads\/2024\/06\/PiotrPrusakiewicz_Podchorazych81_Warszawa_fasada-4-1019x1024.jpg\" alt=\"\" class=\"wp-image-25527\" srcset=\"http:\/\/lapidarium.fundacja-hereditas.pl\/wp-content\/uploads\/2024\/06\/PiotrPrusakiewicz_Podchorazych81_Warszawa_fasada-4-1019x1024.jpg 1019w, http:\/\/lapidarium.fundacja-hereditas.pl\/wp-content\/uploads\/2024\/06\/PiotrPrusakiewicz_Podchorazych81_Warszawa_fasada-4-298x300.jpg 298w, http:\/\/lapidarium.fundacja-hereditas.pl\/wp-content\/uploads\/2024\/06\/PiotrPrusakiewicz_Podchorazych81_Warszawa_fasada-4-150x151.jpg 150w, http:\/\/lapidarium.fundacja-hereditas.pl\/wp-content\/uploads\/2024\/06\/PiotrPrusakiewicz_Podchorazych81_Warszawa_fasada-4-768x772.jpg 768w, http:\/\/lapidarium.fundacja-hereditas.pl\/wp-content\/uploads\/2024\/06\/PiotrPrusakiewicz_Podchorazych81_Warszawa_fasada-4-1528x1536.jpg 1528w, http:\/\/lapidarium.fundacja-hereditas.pl\/wp-content\/uploads\/2024\/06\/PiotrPrusakiewicz_Podchorazych81_Warszawa_fasada-4-2038x2048.jpg 2038w, http:\/\/lapidarium.fundacja-hereditas.pl\/wp-content\/uploads\/2024\/06\/PiotrPrusakiewicz_Podchorazych81_Warszawa_fasada-4-300x302.jpg 300w, http:\/\/lapidarium.fundacja-hereditas.pl\/wp-content\/uploads\/2024\/06\/PiotrPrusakiewicz_Podchorazych81_Warszawa_fasada-4-696x700.jpg 696w, http:\/\/lapidarium.fundacja-hereditas.pl\/wp-content\/uploads\/2024\/06\/PiotrPrusakiewicz_Podchorazych81_Warszawa_fasada-4-1068x1073.jpg 1068w, http:\/\/lapidarium.fundacja-hereditas.pl\/wp-content\/uploads\/2024\/06\/PiotrPrusakiewicz_Podchorazych81_Warszawa_fasada-4-1920x1930.jpg 1920w\" sizes=\"auto, (max-width: 1019px) 100vw, 1019px\" \/><\/a><figcaption class=\"wp-element-caption\">Elewacja zachodnia i p\u00f3\u0142nocna &#8211; widok og\u00f3lny (od ulicy). Fot. Piotr Prusakiewicz, 2023 r., \u017ar\u00f3d\u0142o: MWKZ.<\/figcaption><\/figure>\n\n\n\n<figure class=\"wp-block-image size-large\"><a href=\"http:\/\/lapidarium.fundacja-hereditas.pl\/wp-content\/uploads\/2024\/06\/PiotrPrusakiewicz_Podchorazych81_Warszawa_furtka_wejsciowa-scaled.jpg\"><img loading=\"lazy\" decoding=\"async\" width=\"1024\" height=\"477\" data-id=\"25531\" src=\"http:\/\/lapidarium.fundacja-hereditas.pl\/wp-content\/uploads\/2024\/06\/PiotrPrusakiewicz_Podchorazych81_Warszawa_furtka_wejsciowa-1024x477.jpg\" alt=\"\" class=\"wp-image-25531\" srcset=\"http:\/\/lapidarium.fundacja-hereditas.pl\/wp-content\/uploads\/2024\/06\/PiotrPrusakiewicz_Podchorazych81_Warszawa_furtka_wejsciowa-1024x477.jpg 1024w, http:\/\/lapidarium.fundacja-hereditas.pl\/wp-content\/uploads\/2024\/06\/PiotrPrusakiewicz_Podchorazych81_Warszawa_furtka_wejsciowa-300x140.jpg 300w, http:\/\/lapidarium.fundacja-hereditas.pl\/wp-content\/uploads\/2024\/06\/PiotrPrusakiewicz_Podchorazych81_Warszawa_furtka_wejsciowa-768x358.jpg 768w, http:\/\/lapidarium.fundacja-hereditas.pl\/wp-content\/uploads\/2024\/06\/PiotrPrusakiewicz_Podchorazych81_Warszawa_furtka_wejsciowa-1536x716.jpg 1536w, http:\/\/lapidarium.fundacja-hereditas.pl\/wp-content\/uploads\/2024\/06\/PiotrPrusakiewicz_Podchorazych81_Warszawa_furtka_wejsciowa-2048x955.jpg 2048w, http:\/\/lapidarium.fundacja-hereditas.pl\/wp-content\/uploads\/2024\/06\/PiotrPrusakiewicz_Podchorazych81_Warszawa_furtka_wejsciowa-150x70.jpg 150w, http:\/\/lapidarium.fundacja-hereditas.pl\/wp-content\/uploads\/2024\/06\/PiotrPrusakiewicz_Podchorazych81_Warszawa_furtka_wejsciowa-696x324.jpg 696w, http:\/\/lapidarium.fundacja-hereditas.pl\/wp-content\/uploads\/2024\/06\/PiotrPrusakiewicz_Podchorazych81_Warszawa_furtka_wejsciowa-1068x498.jpg 1068w, http:\/\/lapidarium.fundacja-hereditas.pl\/wp-content\/uploads\/2024\/06\/PiotrPrusakiewicz_Podchorazych81_Warszawa_furtka_wejsciowa-1920x895.jpg 1920w\" sizes=\"auto, (max-width: 1024px) 100vw, 1024px\" \/><\/a><figcaption class=\"wp-element-caption\">Elewacja zachodnia. Wjazd na posesj\u0119 i bramka dla pieszych. Fot. Piotr Prusakiewicz, 2023 r., \u017ar\u00f3d\u0142o: MWKZ.<\/figcaption><\/figure>\n\n\n\n<figure class=\"wp-block-image size-large\"><a href=\"http:\/\/lapidarium.fundacja-hereditas.pl\/wp-content\/uploads\/2024\/06\/PiotrPrusakiewicz_Podchorazych81_Warszawa_fasada_parter-scaled.jpg\"><img loading=\"lazy\" decoding=\"async\" width=\"1024\" height=\"477\" data-id=\"25530\" src=\"http:\/\/lapidarium.fundacja-hereditas.pl\/wp-content\/uploads\/2024\/06\/PiotrPrusakiewicz_Podchorazych81_Warszawa_fasada_parter-1024x477.jpg\" alt=\"\" class=\"wp-image-25530\" srcset=\"http:\/\/lapidarium.fundacja-hereditas.pl\/wp-content\/uploads\/2024\/06\/PiotrPrusakiewicz_Podchorazych81_Warszawa_fasada_parter-1024x477.jpg 1024w, http:\/\/lapidarium.fundacja-hereditas.pl\/wp-content\/uploads\/2024\/06\/PiotrPrusakiewicz_Podchorazych81_Warszawa_fasada_parter-300x140.jpg 300w, http:\/\/lapidarium.fundacja-hereditas.pl\/wp-content\/uploads\/2024\/06\/PiotrPrusakiewicz_Podchorazych81_Warszawa_fasada_parter-768x358.jpg 768w, http:\/\/lapidarium.fundacja-hereditas.pl\/wp-content\/uploads\/2024\/06\/PiotrPrusakiewicz_Podchorazych81_Warszawa_fasada_parter-1536x716.jpg 1536w, http:\/\/lapidarium.fundacja-hereditas.pl\/wp-content\/uploads\/2024\/06\/PiotrPrusakiewicz_Podchorazych81_Warszawa_fasada_parter-2048x955.jpg 2048w, http:\/\/lapidarium.fundacja-hereditas.pl\/wp-content\/uploads\/2024\/06\/PiotrPrusakiewicz_Podchorazych81_Warszawa_fasada_parter-150x70.jpg 150w, http:\/\/lapidarium.fundacja-hereditas.pl\/wp-content\/uploads\/2024\/06\/PiotrPrusakiewicz_Podchorazych81_Warszawa_fasada_parter-696x324.jpg 696w, http:\/\/lapidarium.fundacja-hereditas.pl\/wp-content\/uploads\/2024\/06\/PiotrPrusakiewicz_Podchorazych81_Warszawa_fasada_parter-1068x498.jpg 1068w, http:\/\/lapidarium.fundacja-hereditas.pl\/wp-content\/uploads\/2024\/06\/PiotrPrusakiewicz_Podchorazych81_Warszawa_fasada_parter-1920x895.jpg 1920w\" sizes=\"auto, (max-width: 1024px) 100vw, 1024px\" \/><\/a><figcaption class=\"wp-element-caption\">Elewacja zachodnia. Parter. Bramka dla pieszych. Fot. Piotr Prusakiewicz, 2023 r., \u017ar\u00f3d\u0142o: MWKZ.<\/figcaption><\/figure>\n\n\n\n<figure class=\"wp-block-image size-large\"><a href=\"http:\/\/lapidarium.fundacja-hereditas.pl\/wp-content\/uploads\/2024\/06\/PiotrPrusakiewicz_Podchorazych81_Warszawa_latarenka_adresowa-scaled.jpg\"><img loading=\"lazy\" decoding=\"async\" width=\"625\" height=\"1024\" data-id=\"25535\" src=\"http:\/\/lapidarium.fundacja-hereditas.pl\/wp-content\/uploads\/2024\/06\/PiotrPrusakiewicz_Podchorazych81_Warszawa_latarenka_adresowa-625x1024.jpg\" alt=\"\" class=\"wp-image-25535\" srcset=\"http:\/\/lapidarium.fundacja-hereditas.pl\/wp-content\/uploads\/2024\/06\/PiotrPrusakiewicz_Podchorazych81_Warszawa_latarenka_adresowa-625x1024.jpg 625w, http:\/\/lapidarium.fundacja-hereditas.pl\/wp-content\/uploads\/2024\/06\/PiotrPrusakiewicz_Podchorazych81_Warszawa_latarenka_adresowa-183x300.jpg 183w, http:\/\/lapidarium.fundacja-hereditas.pl\/wp-content\/uploads\/2024\/06\/PiotrPrusakiewicz_Podchorazych81_Warszawa_latarenka_adresowa-768x1258.jpg 768w, http:\/\/lapidarium.fundacja-hereditas.pl\/wp-content\/uploads\/2024\/06\/PiotrPrusakiewicz_Podchorazych81_Warszawa_latarenka_adresowa-938x1536.jpg 938w, http:\/\/lapidarium.fundacja-hereditas.pl\/wp-content\/uploads\/2024\/06\/PiotrPrusakiewicz_Podchorazych81_Warszawa_latarenka_adresowa-1250x2048.jpg 1250w, http:\/\/lapidarium.fundacja-hereditas.pl\/wp-content\/uploads\/2024\/06\/PiotrPrusakiewicz_Podchorazych81_Warszawa_latarenka_adresowa-150x246.jpg 150w, http:\/\/lapidarium.fundacja-hereditas.pl\/wp-content\/uploads\/2024\/06\/PiotrPrusakiewicz_Podchorazych81_Warszawa_latarenka_adresowa-300x491.jpg 300w, http:\/\/lapidarium.fundacja-hereditas.pl\/wp-content\/uploads\/2024\/06\/PiotrPrusakiewicz_Podchorazych81_Warszawa_latarenka_adresowa-696x1140.jpg 696w, http:\/\/lapidarium.fundacja-hereditas.pl\/wp-content\/uploads\/2024\/06\/PiotrPrusakiewicz_Podchorazych81_Warszawa_latarenka_adresowa-1068x1749.jpg 1068w, http:\/\/lapidarium.fundacja-hereditas.pl\/wp-content\/uploads\/2024\/06\/PiotrPrusakiewicz_Podchorazych81_Warszawa_latarenka_adresowa-scaled.jpg 1563w\" sizes=\"auto, (max-width: 625px) 100vw, 625px\" \/><\/a><figcaption class=\"wp-element-caption\">Elewacja zachodnia. Budka adresowa &#8211; PRL. Fot. Piotr Prusakiewicz, 2023 r., \u017ar\u00f3d\u0142o: MWKZ.<\/figcaption><\/figure>\n\n\n\n<figure class=\"wp-block-image size-large\"><a href=\"http:\/\/lapidarium.fundacja-hereditas.pl\/wp-content\/uploads\/2024\/06\/PiotrPrusakiewicz_Podchorazych81_Warszawa_stolarka_okiena_parter_elewacja_boczna_ogrodowa-scaled.jpg\"><img loading=\"lazy\" decoding=\"async\" width=\"1024\" height=\"483\" data-id=\"25537\" src=\"http:\/\/lapidarium.fundacja-hereditas.pl\/wp-content\/uploads\/2024\/06\/PiotrPrusakiewicz_Podchorazych81_Warszawa_stolarka_okiena_parter_elewacja_boczna_ogrodowa-1024x483.jpg\" alt=\"\" class=\"wp-image-25537\" srcset=\"http:\/\/lapidarium.fundacja-hereditas.pl\/wp-content\/uploads\/2024\/06\/PiotrPrusakiewicz_Podchorazych81_Warszawa_stolarka_okiena_parter_elewacja_boczna_ogrodowa-1024x483.jpg 1024w, http:\/\/lapidarium.fundacja-hereditas.pl\/wp-content\/uploads\/2024\/06\/PiotrPrusakiewicz_Podchorazych81_Warszawa_stolarka_okiena_parter_elewacja_boczna_ogrodowa-300x142.jpg 300w, http:\/\/lapidarium.fundacja-hereditas.pl\/wp-content\/uploads\/2024\/06\/PiotrPrusakiewicz_Podchorazych81_Warszawa_stolarka_okiena_parter_elewacja_boczna_ogrodowa-768x362.jpg 768w, http:\/\/lapidarium.fundacja-hereditas.pl\/wp-content\/uploads\/2024\/06\/PiotrPrusakiewicz_Podchorazych81_Warszawa_stolarka_okiena_parter_elewacja_boczna_ogrodowa-1536x725.jpg 1536w, http:\/\/lapidarium.fundacja-hereditas.pl\/wp-content\/uploads\/2024\/06\/PiotrPrusakiewicz_Podchorazych81_Warszawa_stolarka_okiena_parter_elewacja_boczna_ogrodowa-2048x966.jpg 2048w, http:\/\/lapidarium.fundacja-hereditas.pl\/wp-content\/uploads\/2024\/06\/PiotrPrusakiewicz_Podchorazych81_Warszawa_stolarka_okiena_parter_elewacja_boczna_ogrodowa-150x71.jpg 150w, http:\/\/lapidarium.fundacja-hereditas.pl\/wp-content\/uploads\/2024\/06\/PiotrPrusakiewicz_Podchorazych81_Warszawa_stolarka_okiena_parter_elewacja_boczna_ogrodowa-696x328.jpg 696w, http:\/\/lapidarium.fundacja-hereditas.pl\/wp-content\/uploads\/2024\/06\/PiotrPrusakiewicz_Podchorazych81_Warszawa_stolarka_okiena_parter_elewacja_boczna_ogrodowa-1068x504.jpg 1068w, http:\/\/lapidarium.fundacja-hereditas.pl\/wp-content\/uploads\/2024\/06\/PiotrPrusakiewicz_Podchorazych81_Warszawa_stolarka_okiena_parter_elewacja_boczna_ogrodowa-1920x906.jpg 1920w\" sizes=\"auto, (max-width: 1024px) 100vw, 1024px\" \/><\/a><figcaption class=\"wp-element-caption\">Okno parteru &#8211; widok od ogrodu. Skrajna zachodnia o\u015b elewacji po\u0142udniowej. Fot. Piotr Prusakiewicz, 2023 r., \u017ar\u00f3d\u0142o: MWKZ.<\/figcaption><\/figure>\n\n\n\n<figure class=\"wp-block-image size-large\"><a href=\"http:\/\/lapidarium.fundacja-hereditas.pl\/wp-content\/uploads\/2024\/06\/PiotrPrusakiewicz_Podchorazych81_Warszawa_furtka_wejsciowa_od_strony_posesji-scaled.jpg\"><img loading=\"lazy\" decoding=\"async\" width=\"508\" height=\"1024\" data-id=\"25513\" src=\"http:\/\/lapidarium.fundacja-hereditas.pl\/wp-content\/uploads\/2024\/06\/PiotrPrusakiewicz_Podchorazych81_Warszawa_furtka_wejsciowa_od_strony_posesji-508x1024.jpg\" alt=\"\" class=\"wp-image-25513\" srcset=\"http:\/\/lapidarium.fundacja-hereditas.pl\/wp-content\/uploads\/2024\/06\/PiotrPrusakiewicz_Podchorazych81_Warszawa_furtka_wejsciowa_od_strony_posesji-508x1024.jpg 508w, http:\/\/lapidarium.fundacja-hereditas.pl\/wp-content\/uploads\/2024\/06\/PiotrPrusakiewicz_Podchorazych81_Warszawa_furtka_wejsciowa_od_strony_posesji-149x300.jpg 149w, http:\/\/lapidarium.fundacja-hereditas.pl\/wp-content\/uploads\/2024\/06\/PiotrPrusakiewicz_Podchorazych81_Warszawa_furtka_wejsciowa_od_strony_posesji-768x1547.jpg 768w, http:\/\/lapidarium.fundacja-hereditas.pl\/wp-content\/uploads\/2024\/06\/PiotrPrusakiewicz_Podchorazych81_Warszawa_furtka_wejsciowa_od_strony_posesji-763x1536.jpg 763w, http:\/\/lapidarium.fundacja-hereditas.pl\/wp-content\/uploads\/2024\/06\/PiotrPrusakiewicz_Podchorazych81_Warszawa_furtka_wejsciowa_od_strony_posesji-1017x2048.jpg 1017w, http:\/\/lapidarium.fundacja-hereditas.pl\/wp-content\/uploads\/2024\/06\/PiotrPrusakiewicz_Podchorazych81_Warszawa_furtka_wejsciowa_od_strony_posesji-150x302.jpg 150w, http:\/\/lapidarium.fundacja-hereditas.pl\/wp-content\/uploads\/2024\/06\/PiotrPrusakiewicz_Podchorazych81_Warszawa_furtka_wejsciowa_od_strony_posesji-300x604.jpg 300w, http:\/\/lapidarium.fundacja-hereditas.pl\/wp-content\/uploads\/2024\/06\/PiotrPrusakiewicz_Podchorazych81_Warszawa_furtka_wejsciowa_od_strony_posesji-696x1402.jpg 696w, http:\/\/lapidarium.fundacja-hereditas.pl\/wp-content\/uploads\/2024\/06\/PiotrPrusakiewicz_Podchorazych81_Warszawa_furtka_wejsciowa_od_strony_posesji-1068x2151.jpg 1068w, http:\/\/lapidarium.fundacja-hereditas.pl\/wp-content\/uploads\/2024\/06\/PiotrPrusakiewicz_Podchorazych81_Warszawa_furtka_wejsciowa_od_strony_posesji-scaled.jpg 1271w\" sizes=\"auto, (max-width: 508px) 100vw, 508px\" \/><\/a><figcaption class=\"wp-element-caption\">Podw\u00f3rko &#8211; wyj\u015bcie na ulic\u0119. Widok na zach\u00f3d. Fot. Piotr Prusakiewicz, 2023 r., \u017ar\u00f3d\u0142o: MWKZ.<\/figcaption><\/figure>\n\n\n\n<figure class=\"wp-block-image size-large\"><a href=\"http:\/\/lapidarium.fundacja-hereditas.pl\/wp-content\/uploads\/2024\/06\/PiotrPrusakiewicz_Podchorazych81_Warszawa_daszek_nad_wejsciem-scaled.jpg\"><img loading=\"lazy\" decoding=\"async\" width=\"1024\" height=\"474\" data-id=\"25512\" src=\"http:\/\/lapidarium.fundacja-hereditas.pl\/wp-content\/uploads\/2024\/06\/PiotrPrusakiewicz_Podchorazych81_Warszawa_daszek_nad_wejsciem-1024x474.jpg\" alt=\"\" class=\"wp-image-25512\" srcset=\"http:\/\/lapidarium.fundacja-hereditas.pl\/wp-content\/uploads\/2024\/06\/PiotrPrusakiewicz_Podchorazych81_Warszawa_daszek_nad_wejsciem-1024x474.jpg 1024w, http:\/\/lapidarium.fundacja-hereditas.pl\/wp-content\/uploads\/2024\/06\/PiotrPrusakiewicz_Podchorazych81_Warszawa_daszek_nad_wejsciem-300x139.jpg 300w, http:\/\/lapidarium.fundacja-hereditas.pl\/wp-content\/uploads\/2024\/06\/PiotrPrusakiewicz_Podchorazych81_Warszawa_daszek_nad_wejsciem-768x355.jpg 768w, http:\/\/lapidarium.fundacja-hereditas.pl\/wp-content\/uploads\/2024\/06\/PiotrPrusakiewicz_Podchorazych81_Warszawa_daszek_nad_wejsciem-1536x711.jpg 1536w, http:\/\/lapidarium.fundacja-hereditas.pl\/wp-content\/uploads\/2024\/06\/PiotrPrusakiewicz_Podchorazych81_Warszawa_daszek_nad_wejsciem-2048x948.jpg 2048w, http:\/\/lapidarium.fundacja-hereditas.pl\/wp-content\/uploads\/2024\/06\/PiotrPrusakiewicz_Podchorazych81_Warszawa_daszek_nad_wejsciem-150x69.jpg 150w, http:\/\/lapidarium.fundacja-hereditas.pl\/wp-content\/uploads\/2024\/06\/PiotrPrusakiewicz_Podchorazych81_Warszawa_daszek_nad_wejsciem-696x322.jpg 696w, http:\/\/lapidarium.fundacja-hereditas.pl\/wp-content\/uploads\/2024\/06\/PiotrPrusakiewicz_Podchorazych81_Warszawa_daszek_nad_wejsciem-1068x494.jpg 1068w, http:\/\/lapidarium.fundacja-hereditas.pl\/wp-content\/uploads\/2024\/06\/PiotrPrusakiewicz_Podchorazych81_Warszawa_daszek_nad_wejsciem-1920x888.jpg 1920w\" sizes=\"auto, (max-width: 1024px) 100vw, 1024px\" \/><\/a><figcaption class=\"wp-element-caption\">Podw\u00f3rko &#8211; wyj\u015bcie na ulic\u0119. Widok na zach\u00f3d z okna klatki chodowej. Fot. Piotr Prusakiewicz, 2023 r., \u017ar\u00f3d\u0142o: MWKZ.<\/figcaption><\/figure>\n\n\n\n<figure class=\"wp-block-image size-large\"><a href=\"http:\/\/lapidarium.fundacja-hereditas.pl\/wp-content\/uploads\/2024\/06\/PiotrPrusakiewicz_Podchorazych81_Warszawa_fasada_gzyms-scaled.jpg\"><img loading=\"lazy\" decoding=\"async\" width=\"1024\" height=\"612\" data-id=\"25529\" src=\"http:\/\/lapidarium.fundacja-hereditas.pl\/wp-content\/uploads\/2024\/06\/PiotrPrusakiewicz_Podchorazych81_Warszawa_fasada_gzyms-1024x612.jpg\" alt=\"\" class=\"wp-image-25529\" srcset=\"http:\/\/lapidarium.fundacja-hereditas.pl\/wp-content\/uploads\/2024\/06\/PiotrPrusakiewicz_Podchorazych81_Warszawa_fasada_gzyms-1024x612.jpg 1024w, http:\/\/lapidarium.fundacja-hereditas.pl\/wp-content\/uploads\/2024\/06\/PiotrPrusakiewicz_Podchorazych81_Warszawa_fasada_gzyms-300x179.jpg 300w, http:\/\/lapidarium.fundacja-hereditas.pl\/wp-content\/uploads\/2024\/06\/PiotrPrusakiewicz_Podchorazych81_Warszawa_fasada_gzyms-768x459.jpg 768w, http:\/\/lapidarium.fundacja-hereditas.pl\/wp-content\/uploads\/2024\/06\/PiotrPrusakiewicz_Podchorazych81_Warszawa_fasada_gzyms-1536x918.jpg 1536w, http:\/\/lapidarium.fundacja-hereditas.pl\/wp-content\/uploads\/2024\/06\/PiotrPrusakiewicz_Podchorazych81_Warszawa_fasada_gzyms-2048x1224.jpg 2048w, http:\/\/lapidarium.fundacja-hereditas.pl\/wp-content\/uploads\/2024\/06\/PiotrPrusakiewicz_Podchorazych81_Warszawa_fasada_gzyms-150x90.jpg 150w, http:\/\/lapidarium.fundacja-hereditas.pl\/wp-content\/uploads\/2024\/06\/PiotrPrusakiewicz_Podchorazych81_Warszawa_fasada_gzyms-696x416.jpg 696w, http:\/\/lapidarium.fundacja-hereditas.pl\/wp-content\/uploads\/2024\/06\/PiotrPrusakiewicz_Podchorazych81_Warszawa_fasada_gzyms-1068x638.jpg 1068w, http:\/\/lapidarium.fundacja-hereditas.pl\/wp-content\/uploads\/2024\/06\/PiotrPrusakiewicz_Podchorazych81_Warszawa_fasada_gzyms-1920x1147.jpg 1920w\" sizes=\"auto, (max-width: 1024px) 100vw, 1024px\" \/><\/a><figcaption class=\"wp-element-caption\">Elewacja zachodnia. P\u00f3\u0142nocna cz\u0119\u015b\u0107 gzymsu. Fot. Piotr Prusakiewicz, 2023 r., \u017ar\u00f3d\u0142o: MWKZ.<\/figcaption><\/figure>\n\n\n\n<figure class=\"wp-block-image size-large\"><a href=\"http:\/\/lapidarium.fundacja-hereditas.pl\/wp-content\/uploads\/2024\/06\/PiotrPrusakiewicz_Podchorazych81_Warszawa_termometr-scaled.jpg\"><img loading=\"lazy\" decoding=\"async\" width=\"661\" height=\"1024\" data-id=\"25538\" src=\"http:\/\/lapidarium.fundacja-hereditas.pl\/wp-content\/uploads\/2024\/06\/PiotrPrusakiewicz_Podchorazych81_Warszawa_termometr-661x1024.jpg\" alt=\"\" class=\"wp-image-25538\" srcset=\"http:\/\/lapidarium.fundacja-hereditas.pl\/wp-content\/uploads\/2024\/06\/PiotrPrusakiewicz_Podchorazych81_Warszawa_termometr-661x1024.jpg 661w, http:\/\/lapidarium.fundacja-hereditas.pl\/wp-content\/uploads\/2024\/06\/PiotrPrusakiewicz_Podchorazych81_Warszawa_termometr-194x300.jpg 194w, http:\/\/lapidarium.fundacja-hereditas.pl\/wp-content\/uploads\/2024\/06\/PiotrPrusakiewicz_Podchorazych81_Warszawa_termometr-768x1191.jpg 768w, http:\/\/lapidarium.fundacja-hereditas.pl\/wp-content\/uploads\/2024\/06\/PiotrPrusakiewicz_Podchorazych81_Warszawa_termometr-991x1536.jpg 991w, http:\/\/lapidarium.fundacja-hereditas.pl\/wp-content\/uploads\/2024\/06\/PiotrPrusakiewicz_Podchorazych81_Warszawa_termometr-1321x2048.jpg 1321w, http:\/\/lapidarium.fundacja-hereditas.pl\/wp-content\/uploads\/2024\/06\/PiotrPrusakiewicz_Podchorazych81_Warszawa_termometr-150x233.jpg 150w, http:\/\/lapidarium.fundacja-hereditas.pl\/wp-content\/uploads\/2024\/06\/PiotrPrusakiewicz_Podchorazych81_Warszawa_termometr-300x465.jpg 300w, http:\/\/lapidarium.fundacja-hereditas.pl\/wp-content\/uploads\/2024\/06\/PiotrPrusakiewicz_Podchorazych81_Warszawa_termometr-696x1079.jpg 696w, http:\/\/lapidarium.fundacja-hereditas.pl\/wp-content\/uploads\/2024\/06\/PiotrPrusakiewicz_Podchorazych81_Warszawa_termometr-1068x1656.jpg 1068w, http:\/\/lapidarium.fundacja-hereditas.pl\/wp-content\/uploads\/2024\/06\/PiotrPrusakiewicz_Podchorazych81_Warszawa_termometr-1920x2977.jpg 1920w, http:\/\/lapidarium.fundacja-hereditas.pl\/wp-content\/uploads\/2024\/06\/PiotrPrusakiewicz_Podchorazych81_Warszawa_termometr-scaled.jpg 1651w\" sizes=\"auto, (max-width: 661px) 100vw, 661px\" \/><\/a><figcaption class=\"wp-element-caption\">&#8222;Termometr&#8221; kalki schodowej &#8211; widok od zachodu (od ulicy). Fot. Piotr Prusakiewicz, 2023 r., \u017ar\u00f3d\u0142o: MWKZ.<\/figcaption><\/figure>\n\n\n\n<figure class=\"wp-block-image size-large\"><a href=\"http:\/\/lapidarium.fundacja-hereditas.pl\/wp-content\/uploads\/2024\/06\/PiotrPrusakiewicz_Podchorazych81_Warszawa_gzyms_nad_wejsciem_glownym-scaled.jpg\"><img loading=\"lazy\" decoding=\"async\" width=\"1024\" height=\"780\" data-id=\"25532\" src=\"http:\/\/lapidarium.fundacja-hereditas.pl\/wp-content\/uploads\/2024\/06\/PiotrPrusakiewicz_Podchorazych81_Warszawa_gzyms_nad_wejsciem_glownym-1024x780.jpg\" alt=\"\" class=\"wp-image-25532\" srcset=\"http:\/\/lapidarium.fundacja-hereditas.pl\/wp-content\/uploads\/2024\/06\/PiotrPrusakiewicz_Podchorazych81_Warszawa_gzyms_nad_wejsciem_glownym-1024x780.jpg 1024w, http:\/\/lapidarium.fundacja-hereditas.pl\/wp-content\/uploads\/2024\/06\/PiotrPrusakiewicz_Podchorazych81_Warszawa_gzyms_nad_wejsciem_glownym-300x229.jpg 300w, http:\/\/lapidarium.fundacja-hereditas.pl\/wp-content\/uploads\/2024\/06\/PiotrPrusakiewicz_Podchorazych81_Warszawa_gzyms_nad_wejsciem_glownym-768x585.jpg 768w, http:\/\/lapidarium.fundacja-hereditas.pl\/wp-content\/uploads\/2024\/06\/PiotrPrusakiewicz_Podchorazych81_Warszawa_gzyms_nad_wejsciem_glownym-1536x1171.jpg 1536w, http:\/\/lapidarium.fundacja-hereditas.pl\/wp-content\/uploads\/2024\/06\/PiotrPrusakiewicz_Podchorazych81_Warszawa_gzyms_nad_wejsciem_glownym-2048x1561.jpg 2048w, http:\/\/lapidarium.fundacja-hereditas.pl\/wp-content\/uploads\/2024\/06\/PiotrPrusakiewicz_Podchorazych81_Warszawa_gzyms_nad_wejsciem_glownym-150x114.jpg 150w, http:\/\/lapidarium.fundacja-hereditas.pl\/wp-content\/uploads\/2024\/06\/PiotrPrusakiewicz_Podchorazych81_Warszawa_gzyms_nad_wejsciem_glownym-696x530.jpg 696w, http:\/\/lapidarium.fundacja-hereditas.pl\/wp-content\/uploads\/2024\/06\/PiotrPrusakiewicz_Podchorazych81_Warszawa_gzyms_nad_wejsciem_glownym-1068x814.jpg 1068w, http:\/\/lapidarium.fundacja-hereditas.pl\/wp-content\/uploads\/2024\/06\/PiotrPrusakiewicz_Podchorazych81_Warszawa_gzyms_nad_wejsciem_glownym-1920x1463.jpg 1920w\" sizes=\"auto, (max-width: 1024px) 100vw, 1024px\" \/><\/a><figcaption class=\"wp-element-caption\">Elewacja zachodnia p\u00f3\u0142nocnego ryzalitu klatki schodowej &#8211; gzyms. Fot. Piotr Prusakiewicz, 2023 r., \u017ar\u00f3d\u0142o: MWKZ.<\/figcaption><\/figure>\n\n\n\n<figure class=\"wp-block-image size-large\"><a href=\"http:\/\/lapidarium.fundacja-hereditas.pl\/wp-content\/uploads\/2024\/06\/PiotrPrusakiewicz_Podchorazych81_Warszawa_krata_okienna_elewacja_boczna-scaled.jpg\"><img loading=\"lazy\" decoding=\"async\" width=\"477\" height=\"1024\" data-id=\"25533\" src=\"http:\/\/lapidarium.fundacja-hereditas.pl\/wp-content\/uploads\/2024\/06\/PiotrPrusakiewicz_Podchorazych81_Warszawa_krata_okienna_elewacja_boczna-477x1024.jpg\" alt=\"\" class=\"wp-image-25533\" srcset=\"http:\/\/lapidarium.fundacja-hereditas.pl\/wp-content\/uploads\/2024\/06\/PiotrPrusakiewicz_Podchorazych81_Warszawa_krata_okienna_elewacja_boczna-477x1024.jpg 477w, http:\/\/lapidarium.fundacja-hereditas.pl\/wp-content\/uploads\/2024\/06\/PiotrPrusakiewicz_Podchorazych81_Warszawa_krata_okienna_elewacja_boczna-140x300.jpg 140w, http:\/\/lapidarium.fundacja-hereditas.pl\/wp-content\/uploads\/2024\/06\/PiotrPrusakiewicz_Podchorazych81_Warszawa_krata_okienna_elewacja_boczna-768x1650.jpg 768w, http:\/\/lapidarium.fundacja-hereditas.pl\/wp-content\/uploads\/2024\/06\/PiotrPrusakiewicz_Podchorazych81_Warszawa_krata_okienna_elewacja_boczna-715x1536.jpg 715w, http:\/\/lapidarium.fundacja-hereditas.pl\/wp-content\/uploads\/2024\/06\/PiotrPrusakiewicz_Podchorazych81_Warszawa_krata_okienna_elewacja_boczna-953x2048.jpg 953w, http:\/\/lapidarium.fundacja-hereditas.pl\/wp-content\/uploads\/2024\/06\/PiotrPrusakiewicz_Podchorazych81_Warszawa_krata_okienna_elewacja_boczna-150x322.jpg 150w, http:\/\/lapidarium.fundacja-hereditas.pl\/wp-content\/uploads\/2024\/06\/PiotrPrusakiewicz_Podchorazych81_Warszawa_krata_okienna_elewacja_boczna-300x644.jpg 300w, http:\/\/lapidarium.fundacja-hereditas.pl\/wp-content\/uploads\/2024\/06\/PiotrPrusakiewicz_Podchorazych81_Warszawa_krata_okienna_elewacja_boczna-696x1495.jpg 696w, http:\/\/lapidarium.fundacja-hereditas.pl\/wp-content\/uploads\/2024\/06\/PiotrPrusakiewicz_Podchorazych81_Warszawa_krata_okienna_elewacja_boczna-1068x2294.jpg 1068w, http:\/\/lapidarium.fundacja-hereditas.pl\/wp-content\/uploads\/2024\/06\/PiotrPrusakiewicz_Podchorazych81_Warszawa_krata_okienna_elewacja_boczna-scaled.jpg 1192w\" sizes=\"auto, (max-width: 477px) 100vw, 477px\" \/><\/a><figcaption class=\"wp-element-caption\">Elewacja p\u00f3\u0142nocna. Ok\u0142adzina p\u0142ytek przyziemia i krata okna parteru. Okno skrajnej zachodniej osi wykusza. Fot. Piotr Prusakiewicz, 2023 r., \u017ar\u00f3d\u0142o: MWKZ.<\/figcaption><\/figure>\n\n\n\n<figure class=\"wp-block-image size-large\"><a href=\"http:\/\/lapidarium.fundacja-hereditas.pl\/wp-content\/uploads\/2024\/06\/PiotrPrusakiewicz_Podchorazych81_Warszawa_krata_okno_piwniczne-scaled.jpg\"><img loading=\"lazy\" decoding=\"async\" width=\"1024\" height=\"475\" data-id=\"25534\" src=\"http:\/\/lapidarium.fundacja-hereditas.pl\/wp-content\/uploads\/2024\/06\/PiotrPrusakiewicz_Podchorazych81_Warszawa_krata_okno_piwniczne-1024x475.jpg\" alt=\"\" class=\"wp-image-25534\" srcset=\"http:\/\/lapidarium.fundacja-hereditas.pl\/wp-content\/uploads\/2024\/06\/PiotrPrusakiewicz_Podchorazych81_Warszawa_krata_okno_piwniczne-1024x475.jpg 1024w, http:\/\/lapidarium.fundacja-hereditas.pl\/wp-content\/uploads\/2024\/06\/PiotrPrusakiewicz_Podchorazych81_Warszawa_krata_okno_piwniczne-300x139.jpg 300w, http:\/\/lapidarium.fundacja-hereditas.pl\/wp-content\/uploads\/2024\/06\/PiotrPrusakiewicz_Podchorazych81_Warszawa_krata_okno_piwniczne-768x356.jpg 768w, http:\/\/lapidarium.fundacja-hereditas.pl\/wp-content\/uploads\/2024\/06\/PiotrPrusakiewicz_Podchorazych81_Warszawa_krata_okno_piwniczne-1536x712.jpg 1536w, http:\/\/lapidarium.fundacja-hereditas.pl\/wp-content\/uploads\/2024\/06\/PiotrPrusakiewicz_Podchorazych81_Warszawa_krata_okno_piwniczne-2048x950.jpg 2048w, http:\/\/lapidarium.fundacja-hereditas.pl\/wp-content\/uploads\/2024\/06\/PiotrPrusakiewicz_Podchorazych81_Warszawa_krata_okno_piwniczne-150x70.jpg 150w, http:\/\/lapidarium.fundacja-hereditas.pl\/wp-content\/uploads\/2024\/06\/PiotrPrusakiewicz_Podchorazych81_Warszawa_krata_okno_piwniczne-696x323.jpg 696w, http:\/\/lapidarium.fundacja-hereditas.pl\/wp-content\/uploads\/2024\/06\/PiotrPrusakiewicz_Podchorazych81_Warszawa_krata_okno_piwniczne-1068x495.jpg 1068w, http:\/\/lapidarium.fundacja-hereditas.pl\/wp-content\/uploads\/2024\/06\/PiotrPrusakiewicz_Podchorazych81_Warszawa_krata_okno_piwniczne-1920x890.jpg 1920w\" sizes=\"auto, (max-width: 1024px) 100vw, 1024px\" \/><\/a><figcaption class=\"wp-element-caption\">Elewacja p\u00f3\u0142nocna. Kratka okienka piwnicznego. Wschodnia skrajna o\u015b ryzalitu klatki schodowej. Fot. Piotr Prusakiewicz, 2023 r., \u017ar\u00f3d\u0142o: MWKZ.<\/figcaption><\/figure>\n\n\n\n<figure class=\"wp-block-image size-large\"><a href=\"http:\/\/lapidarium.fundacja-hereditas.pl\/wp-content\/uploads\/2024\/06\/PiotrPrusakiewicz_Podchorazych81_Warszawa_okladzina_z_plytek_ceramicznych-scaled.jpg\"><img loading=\"lazy\" decoding=\"async\" width=\"476\" height=\"1024\" data-id=\"25536\" src=\"http:\/\/lapidarium.fundacja-hereditas.pl\/wp-content\/uploads\/2024\/06\/PiotrPrusakiewicz_Podchorazych81_Warszawa_okladzina_z_plytek_ceramicznych-476x1024.jpg\" alt=\"\" class=\"wp-image-25536\" srcset=\"http:\/\/lapidarium.fundacja-hereditas.pl\/wp-content\/uploads\/2024\/06\/PiotrPrusakiewicz_Podchorazych81_Warszawa_okladzina_z_plytek_ceramicznych-476x1024.jpg 476w, http:\/\/lapidarium.fundacja-hereditas.pl\/wp-content\/uploads\/2024\/06\/PiotrPrusakiewicz_Podchorazych81_Warszawa_okladzina_z_plytek_ceramicznych-140x300.jpg 140w, http:\/\/lapidarium.fundacja-hereditas.pl\/wp-content\/uploads\/2024\/06\/PiotrPrusakiewicz_Podchorazych81_Warszawa_okladzina_z_plytek_ceramicznych-768x1652.jpg 768w, http:\/\/lapidarium.fundacja-hereditas.pl\/wp-content\/uploads\/2024\/06\/PiotrPrusakiewicz_Podchorazych81_Warszawa_okladzina_z_plytek_ceramicznych-714x1536.jpg 714w, http:\/\/lapidarium.fundacja-hereditas.pl\/wp-content\/uploads\/2024\/06\/PiotrPrusakiewicz_Podchorazych81_Warszawa_okladzina_z_plytek_ceramicznych-952x2048.jpg 952w, http:\/\/lapidarium.fundacja-hereditas.pl\/wp-content\/uploads\/2024\/06\/PiotrPrusakiewicz_Podchorazych81_Warszawa_okladzina_z_plytek_ceramicznych-150x323.jpg 150w, http:\/\/lapidarium.fundacja-hereditas.pl\/wp-content\/uploads\/2024\/06\/PiotrPrusakiewicz_Podchorazych81_Warszawa_okladzina_z_plytek_ceramicznych-300x645.jpg 300w, http:\/\/lapidarium.fundacja-hereditas.pl\/wp-content\/uploads\/2024\/06\/PiotrPrusakiewicz_Podchorazych81_Warszawa_okladzina_z_plytek_ceramicznych-696x1497.jpg 696w, http:\/\/lapidarium.fundacja-hereditas.pl\/wp-content\/uploads\/2024\/06\/PiotrPrusakiewicz_Podchorazych81_Warszawa_okladzina_z_plytek_ceramicznych-1068x2297.jpg 1068w, http:\/\/lapidarium.fundacja-hereditas.pl\/wp-content\/uploads\/2024\/06\/PiotrPrusakiewicz_Podchorazych81_Warszawa_okladzina_z_plytek_ceramicznych-scaled.jpg 1190w\" sizes=\"auto, (max-width: 476px) 100vw, 476px\" \/><\/a><figcaption class=\"wp-element-caption\">Elewacja p\u00f3\u0142nocna. Ok\u0142adzina p\u0142ytek przyziemia. Po lewej wej\u015bcie na klatk\u0119. Fot. Piotr Prusakiewicz, 2023 r., \u017ar\u00f3d\u0142o: MWKZ.<\/figcaption><\/figure>\n\n\n\n<figure class=\"wp-block-image size-large\"><a href=\"http:\/\/lapidarium.fundacja-hereditas.pl\/wp-content\/uploads\/2024\/06\/PiotrPrusakiewicz_Podchorazych81_Warszawa_balkon_elewacja_boczna-scaled.jpg\"><img loading=\"lazy\" decoding=\"async\" width=\"690\" height=\"1024\" data-id=\"25517\" src=\"http:\/\/lapidarium.fundacja-hereditas.pl\/wp-content\/uploads\/2024\/06\/PiotrPrusakiewicz_Podchorazych81_Warszawa_balkon_elewacja_boczna-690x1024.jpg\" alt=\"\" class=\"wp-image-25517\" srcset=\"http:\/\/lapidarium.fundacja-hereditas.pl\/wp-content\/uploads\/2024\/06\/PiotrPrusakiewicz_Podchorazych81_Warszawa_balkon_elewacja_boczna-690x1024.jpg 690w, http:\/\/lapidarium.fundacja-hereditas.pl\/wp-content\/uploads\/2024\/06\/PiotrPrusakiewicz_Podchorazych81_Warszawa_balkon_elewacja_boczna-202x300.jpg 202w, http:\/\/lapidarium.fundacja-hereditas.pl\/wp-content\/uploads\/2024\/06\/PiotrPrusakiewicz_Podchorazych81_Warszawa_balkon_elewacja_boczna-768x1140.jpg 768w, http:\/\/lapidarium.fundacja-hereditas.pl\/wp-content\/uploads\/2024\/06\/PiotrPrusakiewicz_Podchorazych81_Warszawa_balkon_elewacja_boczna-1035x1536.jpg 1035w, http:\/\/lapidarium.fundacja-hereditas.pl\/wp-content\/uploads\/2024\/06\/PiotrPrusakiewicz_Podchorazych81_Warszawa_balkon_elewacja_boczna-1380x2048.jpg 1380w, http:\/\/lapidarium.fundacja-hereditas.pl\/wp-content\/uploads\/2024\/06\/PiotrPrusakiewicz_Podchorazych81_Warszawa_balkon_elewacja_boczna-150x223.jpg 150w, http:\/\/lapidarium.fundacja-hereditas.pl\/wp-content\/uploads\/2024\/06\/PiotrPrusakiewicz_Podchorazych81_Warszawa_balkon_elewacja_boczna-300x445.jpg 300w, http:\/\/lapidarium.fundacja-hereditas.pl\/wp-content\/uploads\/2024\/06\/PiotrPrusakiewicz_Podchorazych81_Warszawa_balkon_elewacja_boczna-696x1033.jpg 696w, http:\/\/lapidarium.fundacja-hereditas.pl\/wp-content\/uploads\/2024\/06\/PiotrPrusakiewicz_Podchorazych81_Warszawa_balkon_elewacja_boczna-1068x1585.jpg 1068w, http:\/\/lapidarium.fundacja-hereditas.pl\/wp-content\/uploads\/2024\/06\/PiotrPrusakiewicz_Podchorazych81_Warszawa_balkon_elewacja_boczna-1920x2850.jpg 1920w, http:\/\/lapidarium.fundacja-hereditas.pl\/wp-content\/uploads\/2024\/06\/PiotrPrusakiewicz_Podchorazych81_Warszawa_balkon_elewacja_boczna-scaled.jpg 1725w\" sizes=\"auto, (max-width: 690px) 100vw, 690px\" \/><\/a><figcaption class=\"wp-element-caption\">Elewacja zachodnia &#8211; balkony. Widok od ulicy. Fot. Piotr Prusakiewicz, 2023 r., \u017ar\u00f3d\u0142o: MWKZ.<\/figcaption><\/figure>\n\n\n\n<figure class=\"wp-block-image size-large\"><a href=\"http:\/\/lapidarium.fundacja-hereditas.pl\/wp-content\/uploads\/2024\/06\/PiotrPrusakiewicz_Podchorazych81_Warszawa_balkony_elewacja_boczna-scaled.jpg\"><img loading=\"lazy\" decoding=\"async\" width=\"711\" height=\"1024\" data-id=\"25518\" src=\"http:\/\/lapidarium.fundacja-hereditas.pl\/wp-content\/uploads\/2024\/06\/PiotrPrusakiewicz_Podchorazych81_Warszawa_balkony_elewacja_boczna-711x1024.jpg\" alt=\"\" class=\"wp-image-25518\" srcset=\"http:\/\/lapidarium.fundacja-hereditas.pl\/wp-content\/uploads\/2024\/06\/PiotrPrusakiewicz_Podchorazych81_Warszawa_balkony_elewacja_boczna-711x1024.jpg 711w, http:\/\/lapidarium.fundacja-hereditas.pl\/wp-content\/uploads\/2024\/06\/PiotrPrusakiewicz_Podchorazych81_Warszawa_balkony_elewacja_boczna-208x300.jpg 208w, http:\/\/lapidarium.fundacja-hereditas.pl\/wp-content\/uploads\/2024\/06\/PiotrPrusakiewicz_Podchorazych81_Warszawa_balkony_elewacja_boczna-768x1107.jpg 768w, http:\/\/lapidarium.fundacja-hereditas.pl\/wp-content\/uploads\/2024\/06\/PiotrPrusakiewicz_Podchorazych81_Warszawa_balkony_elewacja_boczna-1066x1536.jpg 1066w, http:\/\/lapidarium.fundacja-hereditas.pl\/wp-content\/uploads\/2024\/06\/PiotrPrusakiewicz_Podchorazych81_Warszawa_balkony_elewacja_boczna-1421x2048.jpg 1421w, http:\/\/lapidarium.fundacja-hereditas.pl\/wp-content\/uploads\/2024\/06\/PiotrPrusakiewicz_Podchorazych81_Warszawa_balkony_elewacja_boczna-150x216.jpg 150w, http:\/\/lapidarium.fundacja-hereditas.pl\/wp-content\/uploads\/2024\/06\/PiotrPrusakiewicz_Podchorazych81_Warszawa_balkony_elewacja_boczna-300x432.jpg 300w, http:\/\/lapidarium.fundacja-hereditas.pl\/wp-content\/uploads\/2024\/06\/PiotrPrusakiewicz_Podchorazych81_Warszawa_balkony_elewacja_boczna-696x1003.jpg 696w, http:\/\/lapidarium.fundacja-hereditas.pl\/wp-content\/uploads\/2024\/06\/PiotrPrusakiewicz_Podchorazych81_Warszawa_balkony_elewacja_boczna-1068x1539.jpg 1068w, http:\/\/lapidarium.fundacja-hereditas.pl\/wp-content\/uploads\/2024\/06\/PiotrPrusakiewicz_Podchorazych81_Warszawa_balkony_elewacja_boczna-1920x2767.jpg 1920w, http:\/\/lapidarium.fundacja-hereditas.pl\/wp-content\/uploads\/2024\/06\/PiotrPrusakiewicz_Podchorazych81_Warszawa_balkony_elewacja_boczna-scaled.jpg 1776w\" sizes=\"auto, (max-width: 711px) 100vw, 711px\" \/><\/a><figcaption class=\"wp-element-caption\">Elewacja po\u0142udniowa &#8211; balkony. Fot. Piotr Prusakiewicz, 2023 r., \u017ar\u00f3d\u0142o: MWKZ.<\/figcaption><\/figure>\n\n\n\n<figure class=\"wp-block-image size-large\"><a href=\"http:\/\/lapidarium.fundacja-hereditas.pl\/wp-content\/uploads\/2024\/06\/PiotrPrusakiewicz_Podchorazych81_Warszawa_elewacja_boczna_ogrodowa-scaled.jpg\"><img loading=\"lazy\" decoding=\"async\" width=\"1024\" height=\"586\" data-id=\"25523\" src=\"http:\/\/lapidarium.fundacja-hereditas.pl\/wp-content\/uploads\/2024\/06\/PiotrPrusakiewicz_Podchorazych81_Warszawa_elewacja_boczna_ogrodowa-1024x586.jpg\" alt=\"\" class=\"wp-image-25523\" srcset=\"http:\/\/lapidarium.fundacja-hereditas.pl\/wp-content\/uploads\/2024\/06\/PiotrPrusakiewicz_Podchorazych81_Warszawa_elewacja_boczna_ogrodowa-1024x586.jpg 1024w, http:\/\/lapidarium.fundacja-hereditas.pl\/wp-content\/uploads\/2024\/06\/PiotrPrusakiewicz_Podchorazych81_Warszawa_elewacja_boczna_ogrodowa-300x172.jpg 300w, http:\/\/lapidarium.fundacja-hereditas.pl\/wp-content\/uploads\/2024\/06\/PiotrPrusakiewicz_Podchorazych81_Warszawa_elewacja_boczna_ogrodowa-768x439.jpg 768w, http:\/\/lapidarium.fundacja-hereditas.pl\/wp-content\/uploads\/2024\/06\/PiotrPrusakiewicz_Podchorazych81_Warszawa_elewacja_boczna_ogrodowa-1536x879.jpg 1536w, http:\/\/lapidarium.fundacja-hereditas.pl\/wp-content\/uploads\/2024\/06\/PiotrPrusakiewicz_Podchorazych81_Warszawa_elewacja_boczna_ogrodowa-2048x1172.jpg 2048w, http:\/\/lapidarium.fundacja-hereditas.pl\/wp-content\/uploads\/2024\/06\/PiotrPrusakiewicz_Podchorazych81_Warszawa_elewacja_boczna_ogrodowa-150x86.jpg 150w, http:\/\/lapidarium.fundacja-hereditas.pl\/wp-content\/uploads\/2024\/06\/PiotrPrusakiewicz_Podchorazych81_Warszawa_elewacja_boczna_ogrodowa-696x398.jpg 696w, http:\/\/lapidarium.fundacja-hereditas.pl\/wp-content\/uploads\/2024\/06\/PiotrPrusakiewicz_Podchorazych81_Warszawa_elewacja_boczna_ogrodowa-1068x611.jpg 1068w, http:\/\/lapidarium.fundacja-hereditas.pl\/wp-content\/uploads\/2024\/06\/PiotrPrusakiewicz_Podchorazych81_Warszawa_elewacja_boczna_ogrodowa-1920x1099.jpg 1920w\" sizes=\"auto, (max-width: 1024px) 100vw, 1024px\" \/><\/a><figcaption class=\"wp-element-caption\">Elewacja po\u0142udniowa- widok og\u00f3lny. Fot. Piotr Prusakiewicz, 2023 r., \u017ar\u00f3d\u0142o: MWKZ.<\/figcaption><\/figure>\n\n\n\n<figure class=\"wp-block-image size-large\"><a href=\"http:\/\/lapidarium.fundacja-hereditas.pl\/wp-content\/uploads\/2024\/06\/PiotrPrusakiewicz_Podchorazych81_Warszawa_zabawka_wspinaczkowa-scaled.jpg\"><img loading=\"lazy\" decoding=\"async\" width=\"1024\" height=\"465\" data-id=\"25515\" src=\"http:\/\/lapidarium.fundacja-hereditas.pl\/wp-content\/uploads\/2024\/06\/PiotrPrusakiewicz_Podchorazych81_Warszawa_zabawka_wspinaczkowa-1024x465.jpg\" alt=\"\" class=\"wp-image-25515\" srcset=\"http:\/\/lapidarium.fundacja-hereditas.pl\/wp-content\/uploads\/2024\/06\/PiotrPrusakiewicz_Podchorazych81_Warszawa_zabawka_wspinaczkowa-1024x465.jpg 1024w, http:\/\/lapidarium.fundacja-hereditas.pl\/wp-content\/uploads\/2024\/06\/PiotrPrusakiewicz_Podchorazych81_Warszawa_zabawka_wspinaczkowa-300x136.jpg 300w, http:\/\/lapidarium.fundacja-hereditas.pl\/wp-content\/uploads\/2024\/06\/PiotrPrusakiewicz_Podchorazych81_Warszawa_zabawka_wspinaczkowa-768x349.jpg 768w, http:\/\/lapidarium.fundacja-hereditas.pl\/wp-content\/uploads\/2024\/06\/PiotrPrusakiewicz_Podchorazych81_Warszawa_zabawka_wspinaczkowa-1536x698.jpg 1536w, http:\/\/lapidarium.fundacja-hereditas.pl\/wp-content\/uploads\/2024\/06\/PiotrPrusakiewicz_Podchorazych81_Warszawa_zabawka_wspinaczkowa-2048x930.jpg 2048w, http:\/\/lapidarium.fundacja-hereditas.pl\/wp-content\/uploads\/2024\/06\/PiotrPrusakiewicz_Podchorazych81_Warszawa_zabawka_wspinaczkowa-150x68.jpg 150w, http:\/\/lapidarium.fundacja-hereditas.pl\/wp-content\/uploads\/2024\/06\/PiotrPrusakiewicz_Podchorazych81_Warszawa_zabawka_wspinaczkowa-696x316.jpg 696w, http:\/\/lapidarium.fundacja-hereditas.pl\/wp-content\/uploads\/2024\/06\/PiotrPrusakiewicz_Podchorazych81_Warszawa_zabawka_wspinaczkowa-1068x485.jpg 1068w, http:\/\/lapidarium.fundacja-hereditas.pl\/wp-content\/uploads\/2024\/06\/PiotrPrusakiewicz_Podchorazych81_Warszawa_zabawka_wspinaczkowa-1920x872.jpg 1920w\" sizes=\"auto, (max-width: 1024px) 100vw, 1024px\" \/><\/a><figcaption class=\"wp-element-caption\">Ogr\u00f3d &#8211; zabawka dla dzieci rodem z PRL, przy po\u0142udniowej elewacji. Fot. Piotr Prusakiewicz, 2023 r., \u017ar\u00f3d\u0142o: MWKZ.<\/figcaption><\/figure>\n\n\n\n<figure class=\"wp-block-image size-large\"><a href=\"http:\/\/lapidarium.fundacja-hereditas.pl\/wp-content\/uploads\/2024\/06\/PiotrPrusakiewicz_Podchorazych81_Warszawa_trzepak_ogrod-scaled.jpg\"><img loading=\"lazy\" decoding=\"async\" width=\"1024\" height=\"475\" data-id=\"25514\" src=\"http:\/\/lapidarium.fundacja-hereditas.pl\/wp-content\/uploads\/2024\/06\/PiotrPrusakiewicz_Podchorazych81_Warszawa_trzepak_ogrod-1024x475.jpg\" alt=\"\" class=\"wp-image-25514\" srcset=\"http:\/\/lapidarium.fundacja-hereditas.pl\/wp-content\/uploads\/2024\/06\/PiotrPrusakiewicz_Podchorazych81_Warszawa_trzepak_ogrod-1024x475.jpg 1024w, http:\/\/lapidarium.fundacja-hereditas.pl\/wp-content\/uploads\/2024\/06\/PiotrPrusakiewicz_Podchorazych81_Warszawa_trzepak_ogrod-300x139.jpg 300w, http:\/\/lapidarium.fundacja-hereditas.pl\/wp-content\/uploads\/2024\/06\/PiotrPrusakiewicz_Podchorazych81_Warszawa_trzepak_ogrod-768x356.jpg 768w, http:\/\/lapidarium.fundacja-hereditas.pl\/wp-content\/uploads\/2024\/06\/PiotrPrusakiewicz_Podchorazych81_Warszawa_trzepak_ogrod-1536x712.jpg 1536w, http:\/\/lapidarium.fundacja-hereditas.pl\/wp-content\/uploads\/2024\/06\/PiotrPrusakiewicz_Podchorazych81_Warszawa_trzepak_ogrod-2048x950.jpg 2048w, http:\/\/lapidarium.fundacja-hereditas.pl\/wp-content\/uploads\/2024\/06\/PiotrPrusakiewicz_Podchorazych81_Warszawa_trzepak_ogrod-150x70.jpg 150w, http:\/\/lapidarium.fundacja-hereditas.pl\/wp-content\/uploads\/2024\/06\/PiotrPrusakiewicz_Podchorazych81_Warszawa_trzepak_ogrod-696x323.jpg 696w, http:\/\/lapidarium.fundacja-hereditas.pl\/wp-content\/uploads\/2024\/06\/PiotrPrusakiewicz_Podchorazych81_Warszawa_trzepak_ogrod-1068x495.jpg 1068w, http:\/\/lapidarium.fundacja-hereditas.pl\/wp-content\/uploads\/2024\/06\/PiotrPrusakiewicz_Podchorazych81_Warszawa_trzepak_ogrod-1920x890.jpg 1920w\" sizes=\"auto, (max-width: 1024px) 100vw, 1024px\" \/><\/a><figcaption class=\"wp-element-caption\">Ogr\u00f3d\/podw\u00f3rko &#8211; trzepak. Po prawej po\u0142udniowa elewacja budynku. Fot. Piotr Prusakiewicz, 2023 r., \u017ar\u00f3d\u0142o: MWKZ.<\/figcaption><\/figure>\n\n\n\n<figure class=\"wp-block-image size-large\"><a href=\"http:\/\/lapidarium.fundacja-hereditas.pl\/wp-content\/uploads\/2024\/06\/PiotrPrusakiewicz_Podchorazych81_Warszawa_balkon_2p-scaled.jpg\"><img loading=\"lazy\" decoding=\"async\" width=\"1024\" height=\"807\" data-id=\"25516\" src=\"http:\/\/lapidarium.fundacja-hereditas.pl\/wp-content\/uploads\/2024\/06\/PiotrPrusakiewicz_Podchorazych81_Warszawa_balkon_2p-1024x807.jpg\" alt=\"\" class=\"wp-image-25516\" srcset=\"http:\/\/lapidarium.fundacja-hereditas.pl\/wp-content\/uploads\/2024\/06\/PiotrPrusakiewicz_Podchorazych81_Warszawa_balkon_2p-1024x807.jpg 1024w, http:\/\/lapidarium.fundacja-hereditas.pl\/wp-content\/uploads\/2024\/06\/PiotrPrusakiewicz_Podchorazych81_Warszawa_balkon_2p-300x236.jpg 300w, http:\/\/lapidarium.fundacja-hereditas.pl\/wp-content\/uploads\/2024\/06\/PiotrPrusakiewicz_Podchorazych81_Warszawa_balkon_2p-768x605.jpg 768w, http:\/\/lapidarium.fundacja-hereditas.pl\/wp-content\/uploads\/2024\/06\/PiotrPrusakiewicz_Podchorazych81_Warszawa_balkon_2p-1536x1210.jpg 1536w, http:\/\/lapidarium.fundacja-hereditas.pl\/wp-content\/uploads\/2024\/06\/PiotrPrusakiewicz_Podchorazych81_Warszawa_balkon_2p-2048x1614.jpg 2048w, http:\/\/lapidarium.fundacja-hereditas.pl\/wp-content\/uploads\/2024\/06\/PiotrPrusakiewicz_Podchorazych81_Warszawa_balkon_2p-150x118.jpg 150w, http:\/\/lapidarium.fundacja-hereditas.pl\/wp-content\/uploads\/2024\/06\/PiotrPrusakiewicz_Podchorazych81_Warszawa_balkon_2p-696x548.jpg 696w, http:\/\/lapidarium.fundacja-hereditas.pl\/wp-content\/uploads\/2024\/06\/PiotrPrusakiewicz_Podchorazych81_Warszawa_balkon_2p-1068x842.jpg 1068w, http:\/\/lapidarium.fundacja-hereditas.pl\/wp-content\/uploads\/2024\/06\/PiotrPrusakiewicz_Podchorazych81_Warszawa_balkon_2p-1920x1513.jpg 1920w\" sizes=\"auto, (max-width: 1024px) 100vw, 1024px\" \/><\/a><figcaption class=\"wp-element-caption\">Elewacja po\u0142udniowa &#8211; balkon II-go pi\u0119tra. Widok od ulicy. Fot. Piotr Prusakiewicz, 2023 r., \u017ar\u00f3d\u0142o: MWKZ.<\/figcaption><\/figure>\n\n\n\n<figure class=\"wp-block-image size-large\"><a href=\"http:\/\/lapidarium.fundacja-hereditas.pl\/wp-content\/uploads\/2024\/06\/PiotrPrusakiewicz_Podchorazych81_Warszawa_elewacja_tylna_oraz_ogrodowa.jpg\"><img loading=\"lazy\" decoding=\"async\" width=\"846\" height=\"1024\" data-id=\"25526\" src=\"http:\/\/lapidarium.fundacja-hereditas.pl\/wp-content\/uploads\/2024\/06\/PiotrPrusakiewicz_Podchorazych81_Warszawa_elewacja_tylna_oraz_ogrodowa-846x1024.jpg\" alt=\"\" class=\"wp-image-25526\" srcset=\"http:\/\/lapidarium.fundacja-hereditas.pl\/wp-content\/uploads\/2024\/06\/PiotrPrusakiewicz_Podchorazych81_Warszawa_elewacja_tylna_oraz_ogrodowa-846x1024.jpg 846w, http:\/\/lapidarium.fundacja-hereditas.pl\/wp-content\/uploads\/2024\/06\/PiotrPrusakiewicz_Podchorazych81_Warszawa_elewacja_tylna_oraz_ogrodowa-248x300.jpg 248w, http:\/\/lapidarium.fundacja-hereditas.pl\/wp-content\/uploads\/2024\/06\/PiotrPrusakiewicz_Podchorazych81_Warszawa_elewacja_tylna_oraz_ogrodowa-768x930.jpg 768w, http:\/\/lapidarium.fundacja-hereditas.pl\/wp-content\/uploads\/2024\/06\/PiotrPrusakiewicz_Podchorazych81_Warszawa_elewacja_tylna_oraz_ogrodowa-1269x1536.jpg 1269w, http:\/\/lapidarium.fundacja-hereditas.pl\/wp-content\/uploads\/2024\/06\/PiotrPrusakiewicz_Podchorazych81_Warszawa_elewacja_tylna_oraz_ogrodowa-1692x2048.jpg 1692w, http:\/\/lapidarium.fundacja-hereditas.pl\/wp-content\/uploads\/2024\/06\/PiotrPrusakiewicz_Podchorazych81_Warszawa_elewacja_tylna_oraz_ogrodowa-150x182.jpg 150w, http:\/\/lapidarium.fundacja-hereditas.pl\/wp-content\/uploads\/2024\/06\/PiotrPrusakiewicz_Podchorazych81_Warszawa_elewacja_tylna_oraz_ogrodowa-300x363.jpg 300w, http:\/\/lapidarium.fundacja-hereditas.pl\/wp-content\/uploads\/2024\/06\/PiotrPrusakiewicz_Podchorazych81_Warszawa_elewacja_tylna_oraz_ogrodowa-696x843.jpg 696w, http:\/\/lapidarium.fundacja-hereditas.pl\/wp-content\/uploads\/2024\/06\/PiotrPrusakiewicz_Podchorazych81_Warszawa_elewacja_tylna_oraz_ogrodowa-1068x1293.jpg 1068w, http:\/\/lapidarium.fundacja-hereditas.pl\/wp-content\/uploads\/2024\/06\/PiotrPrusakiewicz_Podchorazych81_Warszawa_elewacja_tylna_oraz_ogrodowa.jpg 1841w\" sizes=\"auto, (max-width: 846px) 100vw, 846px\" \/><\/a><figcaption class=\"wp-element-caption\">Elewacja po\u0142udniowa i wschodnia- widok og\u00f3lny (od ogrodu). Fot. Piotr Prusakiewicz, 2023 r., \u017ar\u00f3d\u0142o: MWKZ.<\/figcaption><\/figure>\n\n\n\n<figure class=\"wp-block-image size-large\"><a href=\"http:\/\/lapidarium.fundacja-hereditas.pl\/wp-content\/uploads\/2024\/06\/PiotrPrusakiewicz_Podchorazych81_Warszawa_elewacja_tylna-scaled.jpg\"><img loading=\"lazy\" decoding=\"async\" width=\"1024\" height=\"530\" data-id=\"25525\" src=\"http:\/\/lapidarium.fundacja-hereditas.pl\/wp-content\/uploads\/2024\/06\/PiotrPrusakiewicz_Podchorazych81_Warszawa_elewacja_tylna-1024x530.jpg\" alt=\"\" class=\"wp-image-25525\" srcset=\"http:\/\/lapidarium.fundacja-hereditas.pl\/wp-content\/uploads\/2024\/06\/PiotrPrusakiewicz_Podchorazych81_Warszawa_elewacja_tylna-1024x530.jpg 1024w, http:\/\/lapidarium.fundacja-hereditas.pl\/wp-content\/uploads\/2024\/06\/PiotrPrusakiewicz_Podchorazych81_Warszawa_elewacja_tylna-300x155.jpg 300w, http:\/\/lapidarium.fundacja-hereditas.pl\/wp-content\/uploads\/2024\/06\/PiotrPrusakiewicz_Podchorazych81_Warszawa_elewacja_tylna-768x397.jpg 768w, http:\/\/lapidarium.fundacja-hereditas.pl\/wp-content\/uploads\/2024\/06\/PiotrPrusakiewicz_Podchorazych81_Warszawa_elewacja_tylna-1536x795.jpg 1536w, http:\/\/lapidarium.fundacja-hereditas.pl\/wp-content\/uploads\/2024\/06\/PiotrPrusakiewicz_Podchorazych81_Warszawa_elewacja_tylna-2048x1059.jpg 2048w, http:\/\/lapidarium.fundacja-hereditas.pl\/wp-content\/uploads\/2024\/06\/PiotrPrusakiewicz_Podchorazych81_Warszawa_elewacja_tylna-150x78.jpg 150w, http:\/\/lapidarium.fundacja-hereditas.pl\/wp-content\/uploads\/2024\/06\/PiotrPrusakiewicz_Podchorazych81_Warszawa_elewacja_tylna-696x360.jpg 696w, http:\/\/lapidarium.fundacja-hereditas.pl\/wp-content\/uploads\/2024\/06\/PiotrPrusakiewicz_Podchorazych81_Warszawa_elewacja_tylna-1068x552.jpg 1068w, http:\/\/lapidarium.fundacja-hereditas.pl\/wp-content\/uploads\/2024\/06\/PiotrPrusakiewicz_Podchorazych81_Warszawa_elewacja_tylna-1920x993.jpg 1920w\" sizes=\"auto, (max-width: 1024px) 100vw, 1024px\" \/><\/a><figcaption class=\"wp-element-caption\">Elewacja wschodnia- widok og\u00f3lny dolnych kondygnacji. Fot. Piotr Prusakiewicz, 2023 r., \u017ar\u00f3d\u0142o: MWKZ.<\/figcaption><\/figure>\n\n\n\n<figure class=\"wp-block-image size-large\"><a href=\"http:\/\/lapidarium.fundacja-hereditas.pl\/wp-content\/uploads\/2024\/06\/PiotrPrusakiewicz_Podchorazych81_Warszawa_boczne_wejscie_do_mieskania-scaled.jpg\"><img loading=\"lazy\" decoding=\"async\" width=\"485\" height=\"1024\" data-id=\"25519\" src=\"http:\/\/lapidarium.fundacja-hereditas.pl\/wp-content\/uploads\/2024\/06\/PiotrPrusakiewicz_Podchorazych81_Warszawa_boczne_wejscie_do_mieskania-485x1024.jpg\" alt=\"\" class=\"wp-image-25519\" srcset=\"http:\/\/lapidarium.fundacja-hereditas.pl\/wp-content\/uploads\/2024\/06\/PiotrPrusakiewicz_Podchorazych81_Warszawa_boczne_wejscie_do_mieskania-485x1024.jpg 485w, http:\/\/lapidarium.fundacja-hereditas.pl\/wp-content\/uploads\/2024\/06\/PiotrPrusakiewicz_Podchorazych81_Warszawa_boczne_wejscie_do_mieskania-142x300.jpg 142w, http:\/\/lapidarium.fundacja-hereditas.pl\/wp-content\/uploads\/2024\/06\/PiotrPrusakiewicz_Podchorazych81_Warszawa_boczne_wejscie_do_mieskania-768x1621.jpg 768w, http:\/\/lapidarium.fundacja-hereditas.pl\/wp-content\/uploads\/2024\/06\/PiotrPrusakiewicz_Podchorazych81_Warszawa_boczne_wejscie_do_mieskania-728x1536.jpg 728w, http:\/\/lapidarium.fundacja-hereditas.pl\/wp-content\/uploads\/2024\/06\/PiotrPrusakiewicz_Podchorazych81_Warszawa_boczne_wejscie_do_mieskania-970x2048.jpg 970w, http:\/\/lapidarium.fundacja-hereditas.pl\/wp-content\/uploads\/2024\/06\/PiotrPrusakiewicz_Podchorazych81_Warszawa_boczne_wejscie_do_mieskania-150x317.jpg 150w, http:\/\/lapidarium.fundacja-hereditas.pl\/wp-content\/uploads\/2024\/06\/PiotrPrusakiewicz_Podchorazych81_Warszawa_boczne_wejscie_do_mieskania-300x633.jpg 300w, http:\/\/lapidarium.fundacja-hereditas.pl\/wp-content\/uploads\/2024\/06\/PiotrPrusakiewicz_Podchorazych81_Warszawa_boczne_wejscie_do_mieskania-696x1469.jpg 696w, http:\/\/lapidarium.fundacja-hereditas.pl\/wp-content\/uploads\/2024\/06\/PiotrPrusakiewicz_Podchorazych81_Warszawa_boczne_wejscie_do_mieskania-1068x2254.jpg 1068w, http:\/\/lapidarium.fundacja-hereditas.pl\/wp-content\/uploads\/2024\/06\/PiotrPrusakiewicz_Podchorazych81_Warszawa_boczne_wejscie_do_mieskania-scaled.jpg 1213w\" sizes=\"auto, (max-width: 485px) 100vw, 485px\" \/><\/a><figcaption class=\"wp-element-caption\">Elewacja wschodnia &#8211; ganek. Widok na po\u0142udnie. Fot. Piotr Prusakiewicz, 2023 r., \u017ar\u00f3d\u0142o: MWKZ.<\/figcaption><\/figure>\n\n\n\n<figure class=\"wp-block-image size-large\"><a href=\"http:\/\/lapidarium.fundacja-hereditas.pl\/wp-content\/uploads\/2024\/06\/PiotrPrusakiewicz_Podchorazych81_Warszawa_elewacja_tylna-2-scaled.jpg\"><img loading=\"lazy\" decoding=\"async\" width=\"544\" height=\"1024\" data-id=\"25524\" src=\"http:\/\/lapidarium.fundacja-hereditas.pl\/wp-content\/uploads\/2024\/06\/PiotrPrusakiewicz_Podchorazych81_Warszawa_elewacja_tylna-2-544x1024.jpg\" alt=\"\" class=\"wp-image-25524\" srcset=\"http:\/\/lapidarium.fundacja-hereditas.pl\/wp-content\/uploads\/2024\/06\/PiotrPrusakiewicz_Podchorazych81_Warszawa_elewacja_tylna-2-544x1024.jpg 544w, http:\/\/lapidarium.fundacja-hereditas.pl\/wp-content\/uploads\/2024\/06\/PiotrPrusakiewicz_Podchorazych81_Warszawa_elewacja_tylna-2-159x300.jpg 159w, http:\/\/lapidarium.fundacja-hereditas.pl\/wp-content\/uploads\/2024\/06\/PiotrPrusakiewicz_Podchorazych81_Warszawa_elewacja_tylna-2-768x1447.jpg 768w, http:\/\/lapidarium.fundacja-hereditas.pl\/wp-content\/uploads\/2024\/06\/PiotrPrusakiewicz_Podchorazych81_Warszawa_elewacja_tylna-2-815x1536.jpg 815w, http:\/\/lapidarium.fundacja-hereditas.pl\/wp-content\/uploads\/2024\/06\/PiotrPrusakiewicz_Podchorazych81_Warszawa_elewacja_tylna-2-1087x2048.jpg 1087w, http:\/\/lapidarium.fundacja-hereditas.pl\/wp-content\/uploads\/2024\/06\/PiotrPrusakiewicz_Podchorazych81_Warszawa_elewacja_tylna-2-150x283.jpg 150w, http:\/\/lapidarium.fundacja-hereditas.pl\/wp-content\/uploads\/2024\/06\/PiotrPrusakiewicz_Podchorazych81_Warszawa_elewacja_tylna-2-300x565.jpg 300w, http:\/\/lapidarium.fundacja-hereditas.pl\/wp-content\/uploads\/2024\/06\/PiotrPrusakiewicz_Podchorazych81_Warszawa_elewacja_tylna-2-696x1311.jpg 696w, http:\/\/lapidarium.fundacja-hereditas.pl\/wp-content\/uploads\/2024\/06\/PiotrPrusakiewicz_Podchorazych81_Warszawa_elewacja_tylna-2-1068x2012.jpg 1068w, http:\/\/lapidarium.fundacja-hereditas.pl\/wp-content\/uploads\/2024\/06\/PiotrPrusakiewicz_Podchorazych81_Warszawa_elewacja_tylna-2-scaled.jpg 1359w\" sizes=\"auto, (max-width: 544px) 100vw, 544px\" \/><\/a><figcaption class=\"wp-element-caption\">Elewacja wschodnia- widok og\u00f3lny partii wschodniej. Fot. Piotr Prusakiewicz, 2023 r., \u017ar\u00f3d\u0142o: MWKZ.<\/figcaption><\/figure>\n\n\n\n<figure class=\"wp-block-image size-large\"><a href=\"http:\/\/lapidarium.fundacja-hereditas.pl\/wp-content\/uploads\/2024\/06\/PiotrPrusakiewicz_Podchorazych81_Warszawa_drzwi_wejsciowe_zewnatrz-scaled.jpg\"><img loading=\"lazy\" decoding=\"async\" width=\"483\" height=\"1024\" data-id=\"25522\" src=\"http:\/\/lapidarium.fundacja-hereditas.pl\/wp-content\/uploads\/2024\/06\/PiotrPrusakiewicz_Podchorazych81_Warszawa_drzwi_wejsciowe_zewnatrz-483x1024.jpg\" alt=\"\" class=\"wp-image-25522\" srcset=\"http:\/\/lapidarium.fundacja-hereditas.pl\/wp-content\/uploads\/2024\/06\/PiotrPrusakiewicz_Podchorazych81_Warszawa_drzwi_wejsciowe_zewnatrz-483x1024.jpg 483w, http:\/\/lapidarium.fundacja-hereditas.pl\/wp-content\/uploads\/2024\/06\/PiotrPrusakiewicz_Podchorazych81_Warszawa_drzwi_wejsciowe_zewnatrz-141x300.jpg 141w, http:\/\/lapidarium.fundacja-hereditas.pl\/wp-content\/uploads\/2024\/06\/PiotrPrusakiewicz_Podchorazych81_Warszawa_drzwi_wejsciowe_zewnatrz-768x1629.jpg 768w, http:\/\/lapidarium.fundacja-hereditas.pl\/wp-content\/uploads\/2024\/06\/PiotrPrusakiewicz_Podchorazych81_Warszawa_drzwi_wejsciowe_zewnatrz-724x1536.jpg 724w, http:\/\/lapidarium.fundacja-hereditas.pl\/wp-content\/uploads\/2024\/06\/PiotrPrusakiewicz_Podchorazych81_Warszawa_drzwi_wejsciowe_zewnatrz-965x2048.jpg 965w, http:\/\/lapidarium.fundacja-hereditas.pl\/wp-content\/uploads\/2024\/06\/PiotrPrusakiewicz_Podchorazych81_Warszawa_drzwi_wejsciowe_zewnatrz-150x318.jpg 150w, http:\/\/lapidarium.fundacja-hereditas.pl\/wp-content\/uploads\/2024\/06\/PiotrPrusakiewicz_Podchorazych81_Warszawa_drzwi_wejsciowe_zewnatrz-300x636.jpg 300w, http:\/\/lapidarium.fundacja-hereditas.pl\/wp-content\/uploads\/2024\/06\/PiotrPrusakiewicz_Podchorazych81_Warszawa_drzwi_wejsciowe_zewnatrz-696x1477.jpg 696w, http:\/\/lapidarium.fundacja-hereditas.pl\/wp-content\/uploads\/2024\/06\/PiotrPrusakiewicz_Podchorazych81_Warszawa_drzwi_wejsciowe_zewnatrz-1068x2266.jpg 1068w, http:\/\/lapidarium.fundacja-hereditas.pl\/wp-content\/uploads\/2024\/06\/PiotrPrusakiewicz_Podchorazych81_Warszawa_drzwi_wejsciowe_zewnatrz-scaled.jpg 1207w\" sizes=\"auto, (max-width: 483px) 100vw, 483px\" \/><\/a><figcaption class=\"wp-element-caption\">Elewacja zachodnia p\u00f3\u0142nocnego ryzalitu klatki schodowej &#8211; wej\u015bcie. Fot. Piotr Prusakiewicz, 2023 r., \u017ar\u00f3d\u0142o: MWKZ.<\/figcaption><\/figure>\n\n\n\n<figure class=\"wp-block-image size-large\"><a href=\"http:\/\/lapidarium.fundacja-hereditas.pl\/wp-content\/uploads\/2024\/06\/PiotrPrusakiewicz_Podchorazych81_Warszawa_drzwi_wejsciowe-scaled.jpg\"><img loading=\"lazy\" decoding=\"async\" width=\"491\" height=\"1024\" data-id=\"25520\" src=\"http:\/\/lapidarium.fundacja-hereditas.pl\/wp-content\/uploads\/2024\/06\/PiotrPrusakiewicz_Podchorazych81_Warszawa_drzwi_wejsciowe-491x1024.jpg\" alt=\"\" class=\"wp-image-25520\" srcset=\"http:\/\/lapidarium.fundacja-hereditas.pl\/wp-content\/uploads\/2024\/06\/PiotrPrusakiewicz_Podchorazych81_Warszawa_drzwi_wejsciowe-491x1024.jpg 491w, http:\/\/lapidarium.fundacja-hereditas.pl\/wp-content\/uploads\/2024\/06\/PiotrPrusakiewicz_Podchorazych81_Warszawa_drzwi_wejsciowe-144x300.jpg 144w, http:\/\/lapidarium.fundacja-hereditas.pl\/wp-content\/uploads\/2024\/06\/PiotrPrusakiewicz_Podchorazych81_Warszawa_drzwi_wejsciowe-768x1601.jpg 768w, http:\/\/lapidarium.fundacja-hereditas.pl\/wp-content\/uploads\/2024\/06\/PiotrPrusakiewicz_Podchorazych81_Warszawa_drzwi_wejsciowe-737x1536.jpg 737w, http:\/\/lapidarium.fundacja-hereditas.pl\/wp-content\/uploads\/2024\/06\/PiotrPrusakiewicz_Podchorazych81_Warszawa_drzwi_wejsciowe-983x2048.jpg 983w, http:\/\/lapidarium.fundacja-hereditas.pl\/wp-content\/uploads\/2024\/06\/PiotrPrusakiewicz_Podchorazych81_Warszawa_drzwi_wejsciowe-150x313.jpg 150w, http:\/\/lapidarium.fundacja-hereditas.pl\/wp-content\/uploads\/2024\/06\/PiotrPrusakiewicz_Podchorazych81_Warszawa_drzwi_wejsciowe-300x625.jpg 300w, http:\/\/lapidarium.fundacja-hereditas.pl\/wp-content\/uploads\/2024\/06\/PiotrPrusakiewicz_Podchorazych81_Warszawa_drzwi_wejsciowe-696x1451.jpg 696w, http:\/\/lapidarium.fundacja-hereditas.pl\/wp-content\/uploads\/2024\/06\/PiotrPrusakiewicz_Podchorazych81_Warszawa_drzwi_wejsciowe-1068x2226.jpg 1068w, http:\/\/lapidarium.fundacja-hereditas.pl\/wp-content\/uploads\/2024\/06\/PiotrPrusakiewicz_Podchorazych81_Warszawa_drzwi_wejsciowe-scaled.jpg 1228w\" sizes=\"auto, (max-width: 491px) 100vw, 491px\" \/><\/a><figcaption class=\"wp-element-caption\">Elewacja zachodnia p\u00f3\u0142nocnego ryzalitu klatki schodowej &#8211; wej\u015bcie. Fot. Piotr Prusakiewicz, 2023 r., \u017ar\u00f3d\u0142o: MWKZ.<\/figcaption><\/figure>\n\n\n\n<figure class=\"wp-block-image size-large\"><a href=\"http:\/\/lapidarium.fundacja-hereditas.pl\/wp-content\/uploads\/2024\/06\/PiotrPrusakiewicz_Podchorazych81_Warszawa_drzwi_wejsciowe_srodek-scaled.jpg\"><img loading=\"lazy\" decoding=\"async\" width=\"505\" height=\"1024\" data-id=\"25521\" src=\"http:\/\/lapidarium.fundacja-hereditas.pl\/wp-content\/uploads\/2024\/06\/PiotrPrusakiewicz_Podchorazych81_Warszawa_drzwi_wejsciowe_srodek-505x1024.jpg\" alt=\"\" class=\"wp-image-25521\" srcset=\"http:\/\/lapidarium.fundacja-hereditas.pl\/wp-content\/uploads\/2024\/06\/PiotrPrusakiewicz_Podchorazych81_Warszawa_drzwi_wejsciowe_srodek-505x1024.jpg 505w, http:\/\/lapidarium.fundacja-hereditas.pl\/wp-content\/uploads\/2024\/06\/PiotrPrusakiewicz_Podchorazych81_Warszawa_drzwi_wejsciowe_srodek-148x300.jpg 148w, http:\/\/lapidarium.fundacja-hereditas.pl\/wp-content\/uploads\/2024\/06\/PiotrPrusakiewicz_Podchorazych81_Warszawa_drzwi_wejsciowe_srodek-768x1557.jpg 768w, http:\/\/lapidarium.fundacja-hereditas.pl\/wp-content\/uploads\/2024\/06\/PiotrPrusakiewicz_Podchorazych81_Warszawa_drzwi_wejsciowe_srodek-758x1536.jpg 758w, http:\/\/lapidarium.fundacja-hereditas.pl\/wp-content\/uploads\/2024\/06\/PiotrPrusakiewicz_Podchorazych81_Warszawa_drzwi_wejsciowe_srodek-1010x2048.jpg 1010w, http:\/\/lapidarium.fundacja-hereditas.pl\/wp-content\/uploads\/2024\/06\/PiotrPrusakiewicz_Podchorazych81_Warszawa_drzwi_wejsciowe_srodek-150x304.jpg 150w, http:\/\/lapidarium.fundacja-hereditas.pl\/wp-content\/uploads\/2024\/06\/PiotrPrusakiewicz_Podchorazych81_Warszawa_drzwi_wejsciowe_srodek-300x608.jpg 300w, http:\/\/lapidarium.fundacja-hereditas.pl\/wp-content\/uploads\/2024\/06\/PiotrPrusakiewicz_Podchorazych81_Warszawa_drzwi_wejsciowe_srodek-696x1411.jpg 696w, http:\/\/lapidarium.fundacja-hereditas.pl\/wp-content\/uploads\/2024\/06\/PiotrPrusakiewicz_Podchorazych81_Warszawa_drzwi_wejsciowe_srodek-1068x2166.jpg 1068w, http:\/\/lapidarium.fundacja-hereditas.pl\/wp-content\/uploads\/2024\/06\/PiotrPrusakiewicz_Podchorazych81_Warszawa_drzwi_wejsciowe_srodek-scaled.jpg 1263w\" sizes=\"auto, (max-width: 505px) 100vw, 505px\" \/><\/a><figcaption class=\"wp-element-caption\">Klatka. Drzwi wej\u015bciowe od wewn\u0105trz. Fot. Piotr Prusakiewicz, 2023 r., \u017ar\u00f3d\u0142o: MWKZ.<\/figcaption><\/figure>\n\n\n\n<figure class=\"wp-block-image size-large\"><a href=\"http:\/\/lapidarium.fundacja-hereditas.pl\/wp-content\/uploads\/2024\/06\/PiotrPrusakiewicz_Podchorazych81_Warszawa_klatka_schodowa_wejscie-scaled.jpg\"><img loading=\"lazy\" decoding=\"async\" width=\"479\" height=\"1024\" data-id=\"25498\" src=\"http:\/\/lapidarium.fundacja-hereditas.pl\/wp-content\/uploads\/2024\/06\/PiotrPrusakiewicz_Podchorazych81_Warszawa_klatka_schodowa_wejscie-479x1024.jpg\" alt=\"\" class=\"wp-image-25498\" srcset=\"http:\/\/lapidarium.fundacja-hereditas.pl\/wp-content\/uploads\/2024\/06\/PiotrPrusakiewicz_Podchorazych81_Warszawa_klatka_schodowa_wejscie-479x1024.jpg 479w, http:\/\/lapidarium.fundacja-hereditas.pl\/wp-content\/uploads\/2024\/06\/PiotrPrusakiewicz_Podchorazych81_Warszawa_klatka_schodowa_wejscie-140x300.jpg 140w, http:\/\/lapidarium.fundacja-hereditas.pl\/wp-content\/uploads\/2024\/06\/PiotrPrusakiewicz_Podchorazych81_Warszawa_klatka_schodowa_wejscie-768x1643.jpg 768w, http:\/\/lapidarium.fundacja-hereditas.pl\/wp-content\/uploads\/2024\/06\/PiotrPrusakiewicz_Podchorazych81_Warszawa_klatka_schodowa_wejscie-718x1536.jpg 718w, http:\/\/lapidarium.fundacja-hereditas.pl\/wp-content\/uploads\/2024\/06\/PiotrPrusakiewicz_Podchorazych81_Warszawa_klatka_schodowa_wejscie-957x2048.jpg 957w, http:\/\/lapidarium.fundacja-hereditas.pl\/wp-content\/uploads\/2024\/06\/PiotrPrusakiewicz_Podchorazych81_Warszawa_klatka_schodowa_wejscie-150x321.jpg 150w, http:\/\/lapidarium.fundacja-hereditas.pl\/wp-content\/uploads\/2024\/06\/PiotrPrusakiewicz_Podchorazych81_Warszawa_klatka_schodowa_wejscie-300x642.jpg 300w, http:\/\/lapidarium.fundacja-hereditas.pl\/wp-content\/uploads\/2024\/06\/PiotrPrusakiewicz_Podchorazych81_Warszawa_klatka_schodowa_wejscie-696x1489.jpg 696w, http:\/\/lapidarium.fundacja-hereditas.pl\/wp-content\/uploads\/2024\/06\/PiotrPrusakiewicz_Podchorazych81_Warszawa_klatka_schodowa_wejscie-1068x2285.jpg 1068w, http:\/\/lapidarium.fundacja-hereditas.pl\/wp-content\/uploads\/2024\/06\/PiotrPrusakiewicz_Podchorazych81_Warszawa_klatka_schodowa_wejscie-scaled.jpg 1196w\" sizes=\"auto, (max-width: 479px) 100vw, 479px\" \/><\/a><figcaption class=\"wp-element-caption\">Klatka. Zakr\u0119t balustrady na niskim parterze, przy wyj\u015bciu. Po lewej zej\u015bcie do piwnicy. Fot. Piotr Prusakiewicz, 2023 r., \u017ar\u00f3d\u0142o: MWKZ.<\/figcaption><\/figure>\n\n\n\n<figure class=\"wp-block-image size-large\"><a href=\"http:\/\/lapidarium.fundacja-hereditas.pl\/wp-content\/uploads\/2024\/06\/PiotrPrusakiewicz_Podchorazych81_Warszawa_okno_korytarz_wejsciowy-scaled.jpg\"><img loading=\"lazy\" decoding=\"async\" width=\"1024\" height=\"483\" data-id=\"25500\" src=\"http:\/\/lapidarium.fundacja-hereditas.pl\/wp-content\/uploads\/2024\/06\/PiotrPrusakiewicz_Podchorazych81_Warszawa_okno_korytarz_wejsciowy-1024x483.jpg\" alt=\"\" class=\"wp-image-25500\" srcset=\"http:\/\/lapidarium.fundacja-hereditas.pl\/wp-content\/uploads\/2024\/06\/PiotrPrusakiewicz_Podchorazych81_Warszawa_okno_korytarz_wejsciowy-1024x483.jpg 1024w, http:\/\/lapidarium.fundacja-hereditas.pl\/wp-content\/uploads\/2024\/06\/PiotrPrusakiewicz_Podchorazych81_Warszawa_okno_korytarz_wejsciowy-300x141.jpg 300w, http:\/\/lapidarium.fundacja-hereditas.pl\/wp-content\/uploads\/2024\/06\/PiotrPrusakiewicz_Podchorazych81_Warszawa_okno_korytarz_wejsciowy-768x362.jpg 768w, http:\/\/lapidarium.fundacja-hereditas.pl\/wp-content\/uploads\/2024\/06\/PiotrPrusakiewicz_Podchorazych81_Warszawa_okno_korytarz_wejsciowy-1536x724.jpg 1536w, http:\/\/lapidarium.fundacja-hereditas.pl\/wp-content\/uploads\/2024\/06\/PiotrPrusakiewicz_Podchorazych81_Warszawa_okno_korytarz_wejsciowy-2048x965.jpg 2048w, http:\/\/lapidarium.fundacja-hereditas.pl\/wp-content\/uploads\/2024\/06\/PiotrPrusakiewicz_Podchorazych81_Warszawa_okno_korytarz_wejsciowy-150x71.jpg 150w, http:\/\/lapidarium.fundacja-hereditas.pl\/wp-content\/uploads\/2024\/06\/PiotrPrusakiewicz_Podchorazych81_Warszawa_okno_korytarz_wejsciowy-696x328.jpg 696w, http:\/\/lapidarium.fundacja-hereditas.pl\/wp-content\/uploads\/2024\/06\/PiotrPrusakiewicz_Podchorazych81_Warszawa_okno_korytarz_wejsciowy-1068x503.jpg 1068w, http:\/\/lapidarium.fundacja-hereditas.pl\/wp-content\/uploads\/2024\/06\/PiotrPrusakiewicz_Podchorazych81_Warszawa_okno_korytarz_wejsciowy-1920x905.jpg 1920w\" sizes=\"auto, (max-width: 1024px) 100vw, 1024px\" \/><\/a><figcaption class=\"wp-element-caption\">Klatka &#8211; parter. Widok na p\u00f3\u0142noc. Fot. Piotr Prusakiewicz, 2023 r., \u017ar\u00f3d\u0142o: MWKZ.<\/figcaption><\/figure>\n\n\n\n<figure class=\"wp-block-image size-large\"><a href=\"http:\/\/lapidarium.fundacja-hereditas.pl\/wp-content\/uploads\/2024\/06\/PiotrPrusakiewicz_Podchorazych81_Warszawa_porecz_balustrady_spocznik_pomiedzy_parterem_a_1p-scaled.jpg\"><img loading=\"lazy\" decoding=\"async\" width=\"476\" height=\"1024\" data-id=\"25506\" src=\"http:\/\/lapidarium.fundacja-hereditas.pl\/wp-content\/uploads\/2024\/06\/PiotrPrusakiewicz_Podchorazych81_Warszawa_porecz_balustrady_spocznik_pomiedzy_parterem_a_1p-476x1024.jpg\" alt=\"\" class=\"wp-image-25506\" srcset=\"http:\/\/lapidarium.fundacja-hereditas.pl\/wp-content\/uploads\/2024\/06\/PiotrPrusakiewicz_Podchorazych81_Warszawa_porecz_balustrady_spocznik_pomiedzy_parterem_a_1p-476x1024.jpg 476w, http:\/\/lapidarium.fundacja-hereditas.pl\/wp-content\/uploads\/2024\/06\/PiotrPrusakiewicz_Podchorazych81_Warszawa_porecz_balustrady_spocznik_pomiedzy_parterem_a_1p-139x300.jpg 139w, http:\/\/lapidarium.fundacja-hereditas.pl\/wp-content\/uploads\/2024\/06\/PiotrPrusakiewicz_Podchorazych81_Warszawa_porecz_balustrady_spocznik_pomiedzy_parterem_a_1p-768x1653.jpg 768w, http:\/\/lapidarium.fundacja-hereditas.pl\/wp-content\/uploads\/2024\/06\/PiotrPrusakiewicz_Podchorazych81_Warszawa_porecz_balustrady_spocznik_pomiedzy_parterem_a_1p-714x1536.jpg 714w, http:\/\/lapidarium.fundacja-hereditas.pl\/wp-content\/uploads\/2024\/06\/PiotrPrusakiewicz_Podchorazych81_Warszawa_porecz_balustrady_spocznik_pomiedzy_parterem_a_1p-952x2048.jpg 952w, http:\/\/lapidarium.fundacja-hereditas.pl\/wp-content\/uploads\/2024\/06\/PiotrPrusakiewicz_Podchorazych81_Warszawa_porecz_balustrady_spocznik_pomiedzy_parterem_a_1p-150x323.jpg 150w, http:\/\/lapidarium.fundacja-hereditas.pl\/wp-content\/uploads\/2024\/06\/PiotrPrusakiewicz_Podchorazych81_Warszawa_porecz_balustrady_spocznik_pomiedzy_parterem_a_1p-300x646.jpg 300w, http:\/\/lapidarium.fundacja-hereditas.pl\/wp-content\/uploads\/2024\/06\/PiotrPrusakiewicz_Podchorazych81_Warszawa_porecz_balustrady_spocznik_pomiedzy_parterem_a_1p-696x1498.jpg 696w, http:\/\/lapidarium.fundacja-hereditas.pl\/wp-content\/uploads\/2024\/06\/PiotrPrusakiewicz_Podchorazych81_Warszawa_porecz_balustrady_spocznik_pomiedzy_parterem_a_1p-1068x2298.jpg 1068w, http:\/\/lapidarium.fundacja-hereditas.pl\/wp-content\/uploads\/2024\/06\/PiotrPrusakiewicz_Podchorazych81_Warszawa_porecz_balustrady_spocznik_pomiedzy_parterem_a_1p-scaled.jpg 1190w\" sizes=\"auto, (max-width: 476px) 100vw, 476px\" \/><\/a><figcaption class=\"wp-element-caption\">Klatka. Zakr\u0119t balustrady na spoczniku przed I-szym pi\u0119trem. Fot. Piotr Prusakiewicz, 2023 r., \u017ar\u00f3d\u0142o: MWKZ.<\/figcaption><\/figure>\n\n\n\n<figure class=\"wp-block-image size-large\"><a href=\"http:\/\/lapidarium.fundacja-hereditas.pl\/wp-content\/uploads\/2024\/06\/PiotrPrusakiewicz_Podchorazych81_Warszawa_okno_spocznik_na_1p-scaled.jpg\"><img loading=\"lazy\" decoding=\"async\" width=\"477\" height=\"1024\" data-id=\"25501\" src=\"http:\/\/lapidarium.fundacja-hereditas.pl\/wp-content\/uploads\/2024\/06\/PiotrPrusakiewicz_Podchorazych81_Warszawa_okno_spocznik_na_1p-477x1024.jpg\" alt=\"\" class=\"wp-image-25501\" srcset=\"http:\/\/lapidarium.fundacja-hereditas.pl\/wp-content\/uploads\/2024\/06\/PiotrPrusakiewicz_Podchorazych81_Warszawa_okno_spocznik_na_1p-477x1024.jpg 477w, http:\/\/lapidarium.fundacja-hereditas.pl\/wp-content\/uploads\/2024\/06\/PiotrPrusakiewicz_Podchorazych81_Warszawa_okno_spocznik_na_1p-140x300.jpg 140w, http:\/\/lapidarium.fundacja-hereditas.pl\/wp-content\/uploads\/2024\/06\/PiotrPrusakiewicz_Podchorazych81_Warszawa_okno_spocznik_na_1p-768x1649.jpg 768w, http:\/\/lapidarium.fundacja-hereditas.pl\/wp-content\/uploads\/2024\/06\/PiotrPrusakiewicz_Podchorazych81_Warszawa_okno_spocznik_na_1p-716x1536.jpg 716w, http:\/\/lapidarium.fundacja-hereditas.pl\/wp-content\/uploads\/2024\/06\/PiotrPrusakiewicz_Podchorazych81_Warszawa_okno_spocznik_na_1p-954x2048.jpg 954w, http:\/\/lapidarium.fundacja-hereditas.pl\/wp-content\/uploads\/2024\/06\/PiotrPrusakiewicz_Podchorazych81_Warszawa_okno_spocznik_na_1p-150x322.jpg 150w, http:\/\/lapidarium.fundacja-hereditas.pl\/wp-content\/uploads\/2024\/06\/PiotrPrusakiewicz_Podchorazych81_Warszawa_okno_spocznik_na_1p-300x644.jpg 300w, http:\/\/lapidarium.fundacja-hereditas.pl\/wp-content\/uploads\/2024\/06\/PiotrPrusakiewicz_Podchorazych81_Warszawa_okno_spocznik_na_1p-696x1494.jpg 696w, http:\/\/lapidarium.fundacja-hereditas.pl\/wp-content\/uploads\/2024\/06\/PiotrPrusakiewicz_Podchorazych81_Warszawa_okno_spocznik_na_1p-1068x2292.jpg 1068w, http:\/\/lapidarium.fundacja-hereditas.pl\/wp-content\/uploads\/2024\/06\/PiotrPrusakiewicz_Podchorazych81_Warszawa_okno_spocznik_na_1p-scaled.jpg 1193w\" sizes=\"auto, (max-width: 477px) 100vw, 477px\" \/><\/a><figcaption class=\"wp-element-caption\">Klatka. Pi\u0119tro I-sze widok na p\u00f3\u0142noc. Fot. Piotr Prusakiewicz, 2023 r., \u017ar\u00f3d\u0142o: MWKZ.<\/figcaption><\/figure>\n\n\n\n<figure class=\"wp-block-image size-large\"><a href=\"http:\/\/lapidarium.fundacja-hereditas.pl\/wp-content\/uploads\/2024\/06\/PiotrPrusakiewicz_Podchorazych81_Warszawa_klatka_schodowa_wejscie_na_1p-scaled.jpg\"><img loading=\"lazy\" decoding=\"async\" width=\"477\" height=\"1024\" data-id=\"25499\" src=\"http:\/\/lapidarium.fundacja-hereditas.pl\/wp-content\/uploads\/2024\/06\/PiotrPrusakiewicz_Podchorazych81_Warszawa_klatka_schodowa_wejscie_na_1p-477x1024.jpg\" alt=\"\" class=\"wp-image-25499\" srcset=\"http:\/\/lapidarium.fundacja-hereditas.pl\/wp-content\/uploads\/2024\/06\/PiotrPrusakiewicz_Podchorazych81_Warszawa_klatka_schodowa_wejscie_na_1p-477x1024.jpg 477w, http:\/\/lapidarium.fundacja-hereditas.pl\/wp-content\/uploads\/2024\/06\/PiotrPrusakiewicz_Podchorazych81_Warszawa_klatka_schodowa_wejscie_na_1p-140x300.jpg 140w, http:\/\/lapidarium.fundacja-hereditas.pl\/wp-content\/uploads\/2024\/06\/PiotrPrusakiewicz_Podchorazych81_Warszawa_klatka_schodowa_wejscie_na_1p-768x1647.jpg 768w, http:\/\/lapidarium.fundacja-hereditas.pl\/wp-content\/uploads\/2024\/06\/PiotrPrusakiewicz_Podchorazych81_Warszawa_klatka_schodowa_wejscie_na_1p-716x1536.jpg 716w, http:\/\/lapidarium.fundacja-hereditas.pl\/wp-content\/uploads\/2024\/06\/PiotrPrusakiewicz_Podchorazych81_Warszawa_klatka_schodowa_wejscie_na_1p-955x2048.jpg 955w, http:\/\/lapidarium.fundacja-hereditas.pl\/wp-content\/uploads\/2024\/06\/PiotrPrusakiewicz_Podchorazych81_Warszawa_klatka_schodowa_wejscie_na_1p-150x322.jpg 150w, http:\/\/lapidarium.fundacja-hereditas.pl\/wp-content\/uploads\/2024\/06\/PiotrPrusakiewicz_Podchorazych81_Warszawa_klatka_schodowa_wejscie_na_1p-300x643.jpg 300w, http:\/\/lapidarium.fundacja-hereditas.pl\/wp-content\/uploads\/2024\/06\/PiotrPrusakiewicz_Podchorazych81_Warszawa_klatka_schodowa_wejscie_na_1p-696x1493.jpg 696w, http:\/\/lapidarium.fundacja-hereditas.pl\/wp-content\/uploads\/2024\/06\/PiotrPrusakiewicz_Podchorazych81_Warszawa_klatka_schodowa_wejscie_na_1p-1068x2290.jpg 1068w, http:\/\/lapidarium.fundacja-hereditas.pl\/wp-content\/uploads\/2024\/06\/PiotrPrusakiewicz_Podchorazych81_Warszawa_klatka_schodowa_wejscie_na_1p-scaled.jpg 1194w\" sizes=\"auto, (max-width: 477px) 100vw, 477px\" \/><\/a><figcaption class=\"wp-element-caption\">Klatka. Spocznik przed I-szym pi\u0119trem. Fot. Piotr Prusakiewicz, 2023 r., \u017ar\u00f3d\u0142o: MWKZ.<\/figcaption><\/figure>\n\n\n\n<figure class=\"wp-block-image size-large\"><a href=\"http:\/\/lapidarium.fundacja-hereditas.pl\/wp-content\/uploads\/2024\/06\/PiotrPrusakiewicz_Podchorazych81_Warszawa_klatka_schodowa_1p-scaled.jpg\"><img loading=\"lazy\" decoding=\"async\" width=\"474\" height=\"1024\" data-id=\"25496\" src=\"http:\/\/lapidarium.fundacja-hereditas.pl\/wp-content\/uploads\/2024\/06\/PiotrPrusakiewicz_Podchorazych81_Warszawa_klatka_schodowa_1p-474x1024.jpg\" alt=\"\" class=\"wp-image-25496\" srcset=\"http:\/\/lapidarium.fundacja-hereditas.pl\/wp-content\/uploads\/2024\/06\/PiotrPrusakiewicz_Podchorazych81_Warszawa_klatka_schodowa_1p-474x1024.jpg 474w, http:\/\/lapidarium.fundacja-hereditas.pl\/wp-content\/uploads\/2024\/06\/PiotrPrusakiewicz_Podchorazych81_Warszawa_klatka_schodowa_1p-139x300.jpg 139w, http:\/\/lapidarium.fundacja-hereditas.pl\/wp-content\/uploads\/2024\/06\/PiotrPrusakiewicz_Podchorazych81_Warszawa_klatka_schodowa_1p-768x1658.jpg 768w, http:\/\/lapidarium.fundacja-hereditas.pl\/wp-content\/uploads\/2024\/06\/PiotrPrusakiewicz_Podchorazych81_Warszawa_klatka_schodowa_1p-711x1536.jpg 711w, http:\/\/lapidarium.fundacja-hereditas.pl\/wp-content\/uploads\/2024\/06\/PiotrPrusakiewicz_Podchorazych81_Warszawa_klatka_schodowa_1p-949x2048.jpg 949w, http:\/\/lapidarium.fundacja-hereditas.pl\/wp-content\/uploads\/2024\/06\/PiotrPrusakiewicz_Podchorazych81_Warszawa_klatka_schodowa_1p-150x324.jpg 150w, http:\/\/lapidarium.fundacja-hereditas.pl\/wp-content\/uploads\/2024\/06\/PiotrPrusakiewicz_Podchorazych81_Warszawa_klatka_schodowa_1p-300x648.jpg 300w, http:\/\/lapidarium.fundacja-hereditas.pl\/wp-content\/uploads\/2024\/06\/PiotrPrusakiewicz_Podchorazych81_Warszawa_klatka_schodowa_1p-696x1503.jpg 696w, http:\/\/lapidarium.fundacja-hereditas.pl\/wp-content\/uploads\/2024\/06\/PiotrPrusakiewicz_Podchorazych81_Warszawa_klatka_schodowa_1p-1068x2306.jpg 1068w, http:\/\/lapidarium.fundacja-hereditas.pl\/wp-content\/uploads\/2024\/06\/PiotrPrusakiewicz_Podchorazych81_Warszawa_klatka_schodowa_1p-scaled.jpg 1186w\" sizes=\"auto, (max-width: 474px) 100vw, 474px\" \/><\/a><figcaption class=\"wp-element-caption\">Klatka. Zakr\u0119t balustrady na I-szym pi\u0119trze. Fot. Piotr Prusakiewicz, 2023 r., \u017ar\u00f3d\u0142o: MWKZ.<\/figcaption><\/figure>\n\n\n\n<figure class=\"wp-block-image size-large\"><a href=\"http:\/\/lapidarium.fundacja-hereditas.pl\/wp-content\/uploads\/2024\/06\/PiotrPrusakiewicz_Podchorazych81_Warszawa_zakret_balustrady_spocznik_pomiedzy_1_a_2p-scaled.jpg\"><img loading=\"lazy\" decoding=\"async\" width=\"501\" height=\"1024\" data-id=\"25510\" src=\"http:\/\/lapidarium.fundacja-hereditas.pl\/wp-content\/uploads\/2024\/06\/PiotrPrusakiewicz_Podchorazych81_Warszawa_zakret_balustrady_spocznik_pomiedzy_1_a_2p-501x1024.jpg\" alt=\"\" class=\"wp-image-25510\" srcset=\"http:\/\/lapidarium.fundacja-hereditas.pl\/wp-content\/uploads\/2024\/06\/PiotrPrusakiewicz_Podchorazych81_Warszawa_zakret_balustrady_spocznik_pomiedzy_1_a_2p-501x1024.jpg 501w, http:\/\/lapidarium.fundacja-hereditas.pl\/wp-content\/uploads\/2024\/06\/PiotrPrusakiewicz_Podchorazych81_Warszawa_zakret_balustrady_spocznik_pomiedzy_1_a_2p-147x300.jpg 147w, http:\/\/lapidarium.fundacja-hereditas.pl\/wp-content\/uploads\/2024\/06\/PiotrPrusakiewicz_Podchorazych81_Warszawa_zakret_balustrady_spocznik_pomiedzy_1_a_2p-768x1568.jpg 768w, http:\/\/lapidarium.fundacja-hereditas.pl\/wp-content\/uploads\/2024\/06\/PiotrPrusakiewicz_Podchorazych81_Warszawa_zakret_balustrady_spocznik_pomiedzy_1_a_2p-752x1536.jpg 752w, http:\/\/lapidarium.fundacja-hereditas.pl\/wp-content\/uploads\/2024\/06\/PiotrPrusakiewicz_Podchorazych81_Warszawa_zakret_balustrady_spocznik_pomiedzy_1_a_2p-1003x2048.jpg 1003w, http:\/\/lapidarium.fundacja-hereditas.pl\/wp-content\/uploads\/2024\/06\/PiotrPrusakiewicz_Podchorazych81_Warszawa_zakret_balustrady_spocznik_pomiedzy_1_a_2p-150x306.jpg 150w, http:\/\/lapidarium.fundacja-hereditas.pl\/wp-content\/uploads\/2024\/06\/PiotrPrusakiewicz_Podchorazych81_Warszawa_zakret_balustrady_spocznik_pomiedzy_1_a_2p-300x613.jpg 300w, http:\/\/lapidarium.fundacja-hereditas.pl\/wp-content\/uploads\/2024\/06\/PiotrPrusakiewicz_Podchorazych81_Warszawa_zakret_balustrady_spocznik_pomiedzy_1_a_2p-696x1421.jpg 696w, http:\/\/lapidarium.fundacja-hereditas.pl\/wp-content\/uploads\/2024\/06\/PiotrPrusakiewicz_Podchorazych81_Warszawa_zakret_balustrady_spocznik_pomiedzy_1_a_2p-1068x2181.jpg 1068w, http:\/\/lapidarium.fundacja-hereditas.pl\/wp-content\/uploads\/2024\/06\/PiotrPrusakiewicz_Podchorazych81_Warszawa_zakret_balustrady_spocznik_pomiedzy_1_a_2p-scaled.jpg 1254w\" sizes=\"auto, (max-width: 501px) 100vw, 501px\" \/><\/a><figcaption class=\"wp-element-caption\">Klatka. Zakr\u0119t balustrady na spoczniku po I-szym pi\u0119trze. Fot. Piotr Prusakiewicz, 2023 r., \u017ar\u00f3d\u0142o: MWKZ.<\/figcaption><\/figure>\n\n\n\n<figure class=\"wp-block-image size-large\"><a href=\"http:\/\/lapidarium.fundacja-hereditas.pl\/wp-content\/uploads\/2024\/06\/PiotrPrusakiewicz_Podchorazych81_Warszawa_okno_spocznik_pomiedzy_1_a_2p-scaled.jpg\"><img loading=\"lazy\" decoding=\"async\" width=\"1024\" height=\"491\" data-id=\"25502\" src=\"http:\/\/lapidarium.fundacja-hereditas.pl\/wp-content\/uploads\/2024\/06\/PiotrPrusakiewicz_Podchorazych81_Warszawa_okno_spocznik_pomiedzy_1_a_2p-1024x491.jpg\" alt=\"\" class=\"wp-image-25502\" srcset=\"http:\/\/lapidarium.fundacja-hereditas.pl\/wp-content\/uploads\/2024\/06\/PiotrPrusakiewicz_Podchorazych81_Warszawa_okno_spocznik_pomiedzy_1_a_2p-1024x491.jpg 1024w, http:\/\/lapidarium.fundacja-hereditas.pl\/wp-content\/uploads\/2024\/06\/PiotrPrusakiewicz_Podchorazych81_Warszawa_okno_spocznik_pomiedzy_1_a_2p-300x144.jpg 300w, http:\/\/lapidarium.fundacja-hereditas.pl\/wp-content\/uploads\/2024\/06\/PiotrPrusakiewicz_Podchorazych81_Warszawa_okno_spocznik_pomiedzy_1_a_2p-768x368.jpg 768w, http:\/\/lapidarium.fundacja-hereditas.pl\/wp-content\/uploads\/2024\/06\/PiotrPrusakiewicz_Podchorazych81_Warszawa_okno_spocznik_pomiedzy_1_a_2p-1536x737.jpg 1536w, http:\/\/lapidarium.fundacja-hereditas.pl\/wp-content\/uploads\/2024\/06\/PiotrPrusakiewicz_Podchorazych81_Warszawa_okno_spocznik_pomiedzy_1_a_2p-2048x982.jpg 2048w, http:\/\/lapidarium.fundacja-hereditas.pl\/wp-content\/uploads\/2024\/06\/PiotrPrusakiewicz_Podchorazych81_Warszawa_okno_spocznik_pomiedzy_1_a_2p-150x72.jpg 150w, http:\/\/lapidarium.fundacja-hereditas.pl\/wp-content\/uploads\/2024\/06\/PiotrPrusakiewicz_Podchorazych81_Warszawa_okno_spocznik_pomiedzy_1_a_2p-696x334.jpg 696w, http:\/\/lapidarium.fundacja-hereditas.pl\/wp-content\/uploads\/2024\/06\/PiotrPrusakiewicz_Podchorazych81_Warszawa_okno_spocznik_pomiedzy_1_a_2p-1068x512.jpg 1068w, http:\/\/lapidarium.fundacja-hereditas.pl\/wp-content\/uploads\/2024\/06\/PiotrPrusakiewicz_Podchorazych81_Warszawa_okno_spocznik_pomiedzy_1_a_2p-1920x921.jpg 1920w\" sizes=\"auto, (max-width: 1024px) 100vw, 1024px\" \/><\/a><figcaption class=\"wp-element-caption\">Klatka. Okno przy spoczniku, przed II-gim pi\u0119trem. Widok na p\u00f3\u0142noc. Fot. Piotr Prusakiewicz, 2023 r., \u017ar\u00f3d\u0142o: MWKZ.<\/figcaption><\/figure>\n\n\n\n<figure class=\"wp-block-image size-large\"><a href=\"http:\/\/lapidarium.fundacja-hereditas.pl\/wp-content\/uploads\/2024\/06\/PiotrPrusakiewicz_Podchorazych81_Warszawa_klatka_schodowa_na_strych-scaled.jpg\"><img loading=\"lazy\" decoding=\"async\" width=\"475\" height=\"1024\" data-id=\"25497\" src=\"http:\/\/lapidarium.fundacja-hereditas.pl\/wp-content\/uploads\/2024\/06\/PiotrPrusakiewicz_Podchorazych81_Warszawa_klatka_schodowa_na_strych-475x1024.jpg\" alt=\"\" class=\"wp-image-25497\" srcset=\"http:\/\/lapidarium.fundacja-hereditas.pl\/wp-content\/uploads\/2024\/06\/PiotrPrusakiewicz_Podchorazych81_Warszawa_klatka_schodowa_na_strych-475x1024.jpg 475w, http:\/\/lapidarium.fundacja-hereditas.pl\/wp-content\/uploads\/2024\/06\/PiotrPrusakiewicz_Podchorazych81_Warszawa_klatka_schodowa_na_strych-139x300.jpg 139w, http:\/\/lapidarium.fundacja-hereditas.pl\/wp-content\/uploads\/2024\/06\/PiotrPrusakiewicz_Podchorazych81_Warszawa_klatka_schodowa_na_strych-768x1655.jpg 768w, http:\/\/lapidarium.fundacja-hereditas.pl\/wp-content\/uploads\/2024\/06\/PiotrPrusakiewicz_Podchorazych81_Warszawa_klatka_schodowa_na_strych-713x1536.jpg 713w, http:\/\/lapidarium.fundacja-hereditas.pl\/wp-content\/uploads\/2024\/06\/PiotrPrusakiewicz_Podchorazych81_Warszawa_klatka_schodowa_na_strych-950x2048.jpg 950w, http:\/\/lapidarium.fundacja-hereditas.pl\/wp-content\/uploads\/2024\/06\/PiotrPrusakiewicz_Podchorazych81_Warszawa_klatka_schodowa_na_strych-150x323.jpg 150w, http:\/\/lapidarium.fundacja-hereditas.pl\/wp-content\/uploads\/2024\/06\/PiotrPrusakiewicz_Podchorazych81_Warszawa_klatka_schodowa_na_strych-300x646.jpg 300w, http:\/\/lapidarium.fundacja-hereditas.pl\/wp-content\/uploads\/2024\/06\/PiotrPrusakiewicz_Podchorazych81_Warszawa_klatka_schodowa_na_strych-696x1500.jpg 696w, http:\/\/lapidarium.fundacja-hereditas.pl\/wp-content\/uploads\/2024\/06\/PiotrPrusakiewicz_Podchorazych81_Warszawa_klatka_schodowa_na_strych-1068x2301.jpg 1068w, http:\/\/lapidarium.fundacja-hereditas.pl\/wp-content\/uploads\/2024\/06\/PiotrPrusakiewicz_Podchorazych81_Warszawa_klatka_schodowa_na_strych-scaled.jpg 1188w\" sizes=\"auto, (max-width: 475px) 100vw, 475px\" \/><\/a><figcaption class=\"wp-element-caption\">Klatka. Zakr\u0119t balustrady na II-gim pi\u0119trze. Fot. Piotr Prusakiewicz, 2023 r., \u017ar\u00f3d\u0142o: MWKZ.<\/figcaption><\/figure>\n\n\n\n<figure class=\"wp-block-image size-large\"><a href=\"http:\/\/lapidarium.fundacja-hereditas.pl\/wp-content\/uploads\/2024\/06\/PiotrPrusakiewicz_Podchorazych81_Warszawa_zakret_balustrady_spocznik_pomiedzy_2p_a_strychem-scaled.jpg\"><img loading=\"lazy\" decoding=\"async\" width=\"483\" height=\"1024\" data-id=\"25511\" src=\"http:\/\/lapidarium.fundacja-hereditas.pl\/wp-content\/uploads\/2024\/06\/PiotrPrusakiewicz_Podchorazych81_Warszawa_zakret_balustrady_spocznik_pomiedzy_2p_a_strychem-483x1024.jpg\" alt=\"\" class=\"wp-image-25511\" srcset=\"http:\/\/lapidarium.fundacja-hereditas.pl\/wp-content\/uploads\/2024\/06\/PiotrPrusakiewicz_Podchorazych81_Warszawa_zakret_balustrady_spocznik_pomiedzy_2p_a_strychem-483x1024.jpg 483w, http:\/\/lapidarium.fundacja-hereditas.pl\/wp-content\/uploads\/2024\/06\/PiotrPrusakiewicz_Podchorazych81_Warszawa_zakret_balustrady_spocznik_pomiedzy_2p_a_strychem-141x300.jpg 141w, http:\/\/lapidarium.fundacja-hereditas.pl\/wp-content\/uploads\/2024\/06\/PiotrPrusakiewicz_Podchorazych81_Warszawa_zakret_balustrady_spocznik_pomiedzy_2p_a_strychem-768x1628.jpg 768w, http:\/\/lapidarium.fundacja-hereditas.pl\/wp-content\/uploads\/2024\/06\/PiotrPrusakiewicz_Podchorazych81_Warszawa_zakret_balustrady_spocznik_pomiedzy_2p_a_strychem-724x1536.jpg 724w, http:\/\/lapidarium.fundacja-hereditas.pl\/wp-content\/uploads\/2024\/06\/PiotrPrusakiewicz_Podchorazych81_Warszawa_zakret_balustrady_spocznik_pomiedzy_2p_a_strychem-966x2048.jpg 966w, http:\/\/lapidarium.fundacja-hereditas.pl\/wp-content\/uploads\/2024\/06\/PiotrPrusakiewicz_Podchorazych81_Warszawa_zakret_balustrady_spocznik_pomiedzy_2p_a_strychem-150x318.jpg 150w, http:\/\/lapidarium.fundacja-hereditas.pl\/wp-content\/uploads\/2024\/06\/PiotrPrusakiewicz_Podchorazych81_Warszawa_zakret_balustrady_spocznik_pomiedzy_2p_a_strychem-300x636.jpg 300w, http:\/\/lapidarium.fundacja-hereditas.pl\/wp-content\/uploads\/2024\/06\/PiotrPrusakiewicz_Podchorazych81_Warszawa_zakret_balustrady_spocznik_pomiedzy_2p_a_strychem-696x1476.jpg 696w, http:\/\/lapidarium.fundacja-hereditas.pl\/wp-content\/uploads\/2024\/06\/PiotrPrusakiewicz_Podchorazych81_Warszawa_zakret_balustrady_spocznik_pomiedzy_2p_a_strychem-1068x2264.jpg 1068w, http:\/\/lapidarium.fundacja-hereditas.pl\/wp-content\/uploads\/2024\/06\/PiotrPrusakiewicz_Podchorazych81_Warszawa_zakret_balustrady_spocznik_pomiedzy_2p_a_strychem-scaled.jpg 1207w\" sizes=\"auto, (max-width: 483px) 100vw, 483px\" \/><\/a><figcaption class=\"wp-element-caption\">Klatka. Zakr\u0119t balustrady na spoczniku po II-gim pi\u0119trze. Fot. Piotr Prusakiewicz, 2023 r., \u017ar\u00f3d\u0142o: MWKZ.<\/figcaption><\/figure>\n\n\n\n<figure class=\"wp-block-image size-large\"><a href=\"http:\/\/lapidarium.fundacja-hereditas.pl\/wp-content\/uploads\/2024\/06\/PiotrPrusakiewicz_Podchorazych81_Warszawa_okno_termometr_nad_wejsciem-scaled.jpg\"><img loading=\"lazy\" decoding=\"async\" width=\"475\" height=\"1024\" data-id=\"25503\" src=\"http:\/\/lapidarium.fundacja-hereditas.pl\/wp-content\/uploads\/2024\/06\/PiotrPrusakiewicz_Podchorazych81_Warszawa_okno_termometr_nad_wejsciem-475x1024.jpg\" alt=\"\" class=\"wp-image-25503\" srcset=\"http:\/\/lapidarium.fundacja-hereditas.pl\/wp-content\/uploads\/2024\/06\/PiotrPrusakiewicz_Podchorazych81_Warszawa_okno_termometr_nad_wejsciem-475x1024.jpg 475w, http:\/\/lapidarium.fundacja-hereditas.pl\/wp-content\/uploads\/2024\/06\/PiotrPrusakiewicz_Podchorazych81_Warszawa_okno_termometr_nad_wejsciem-139x300.jpg 139w, http:\/\/lapidarium.fundacja-hereditas.pl\/wp-content\/uploads\/2024\/06\/PiotrPrusakiewicz_Podchorazych81_Warszawa_okno_termometr_nad_wejsciem-768x1655.jpg 768w, http:\/\/lapidarium.fundacja-hereditas.pl\/wp-content\/uploads\/2024\/06\/PiotrPrusakiewicz_Podchorazych81_Warszawa_okno_termometr_nad_wejsciem-713x1536.jpg 713w, http:\/\/lapidarium.fundacja-hereditas.pl\/wp-content\/uploads\/2024\/06\/PiotrPrusakiewicz_Podchorazych81_Warszawa_okno_termometr_nad_wejsciem-950x2048.jpg 950w, http:\/\/lapidarium.fundacja-hereditas.pl\/wp-content\/uploads\/2024\/06\/PiotrPrusakiewicz_Podchorazych81_Warszawa_okno_termometr_nad_wejsciem-150x323.jpg 150w, http:\/\/lapidarium.fundacja-hereditas.pl\/wp-content\/uploads\/2024\/06\/PiotrPrusakiewicz_Podchorazych81_Warszawa_okno_termometr_nad_wejsciem-300x647.jpg 300w, http:\/\/lapidarium.fundacja-hereditas.pl\/wp-content\/uploads\/2024\/06\/PiotrPrusakiewicz_Podchorazych81_Warszawa_okno_termometr_nad_wejsciem-696x1500.jpg 696w, http:\/\/lapidarium.fundacja-hereditas.pl\/wp-content\/uploads\/2024\/06\/PiotrPrusakiewicz_Podchorazych81_Warszawa_okno_termometr_nad_wejsciem-1068x2302.jpg 1068w, http:\/\/lapidarium.fundacja-hereditas.pl\/wp-content\/uploads\/2024\/06\/PiotrPrusakiewicz_Podchorazych81_Warszawa_okno_termometr_nad_wejsciem-scaled.jpg 1188w\" sizes=\"auto, (max-width: 475px) 100vw, 475px\" \/><\/a><figcaption class=\"wp-element-caption\">&#8222;Termometr&#8221; okna klatki chodowej- widok na zach\u00f3d (ku ulicy). Fot. Piotr Prusakiewicz, 2023 r., \u017ar\u00f3d\u0142o: MWKZ..<\/figcaption><\/figure>\n\n\n\n<figure class=\"wp-block-image size-large\"><a href=\"http:\/\/lapidarium.fundacja-hereditas.pl\/wp-content\/uploads\/2024\/06\/PiotrPrusakiewicz_Podchorazych81_Warszawa_termometr_najwyzsze_okno-scaled.jpg\"><img loading=\"lazy\" decoding=\"async\" width=\"1024\" height=\"476\" data-id=\"25508\" src=\"http:\/\/lapidarium.fundacja-hereditas.pl\/wp-content\/uploads\/2024\/06\/PiotrPrusakiewicz_Podchorazych81_Warszawa_termometr_najwyzsze_okno-1024x476.jpg\" alt=\"\" class=\"wp-image-25508\" srcset=\"http:\/\/lapidarium.fundacja-hereditas.pl\/wp-content\/uploads\/2024\/06\/PiotrPrusakiewicz_Podchorazych81_Warszawa_termometr_najwyzsze_okno-1024x476.jpg 1024w, http:\/\/lapidarium.fundacja-hereditas.pl\/wp-content\/uploads\/2024\/06\/PiotrPrusakiewicz_Podchorazych81_Warszawa_termometr_najwyzsze_okno-300x139.jpg 300w, http:\/\/lapidarium.fundacja-hereditas.pl\/wp-content\/uploads\/2024\/06\/PiotrPrusakiewicz_Podchorazych81_Warszawa_termometr_najwyzsze_okno-768x357.jpg 768w, http:\/\/lapidarium.fundacja-hereditas.pl\/wp-content\/uploads\/2024\/06\/PiotrPrusakiewicz_Podchorazych81_Warszawa_termometr_najwyzsze_okno-1536x713.jpg 1536w, http:\/\/lapidarium.fundacja-hereditas.pl\/wp-content\/uploads\/2024\/06\/PiotrPrusakiewicz_Podchorazych81_Warszawa_termometr_najwyzsze_okno-2048x951.jpg 2048w, http:\/\/lapidarium.fundacja-hereditas.pl\/wp-content\/uploads\/2024\/06\/PiotrPrusakiewicz_Podchorazych81_Warszawa_termometr_najwyzsze_okno-150x70.jpg 150w, http:\/\/lapidarium.fundacja-hereditas.pl\/wp-content\/uploads\/2024\/06\/PiotrPrusakiewicz_Podchorazych81_Warszawa_termometr_najwyzsze_okno-696x323.jpg 696w, http:\/\/lapidarium.fundacja-hereditas.pl\/wp-content\/uploads\/2024\/06\/PiotrPrusakiewicz_Podchorazych81_Warszawa_termometr_najwyzsze_okno-1068x496.jpg 1068w, http:\/\/lapidarium.fundacja-hereditas.pl\/wp-content\/uploads\/2024\/06\/PiotrPrusakiewicz_Podchorazych81_Warszawa_termometr_najwyzsze_okno-1920x892.jpg 1920w\" sizes=\"auto, (max-width: 1024px) 100vw, 1024px\" \/><\/a><figcaption class=\"wp-element-caption\">Klatka. Ostatnie (najwy\u017csze) okna klatki schodowej. Fot. Piotr Prusakiewicz, 2023 r., \u017ar\u00f3d\u0142o: MWKZ.<\/figcaption><\/figure>\n\n\n\n<figure class=\"wp-block-image size-large\"><a href=\"http:\/\/lapidarium.fundacja-hereditas.pl\/wp-content\/uploads\/2024\/06\/PiotrPrusakiewicz_Podchorazych81_Warszawa_wejscie_do_pomiesczen_na_strychu-scaled.jpg\"><img loading=\"lazy\" decoding=\"async\" width=\"560\" height=\"1024\" data-id=\"25509\" src=\"http:\/\/lapidarium.fundacja-hereditas.pl\/wp-content\/uploads\/2024\/06\/PiotrPrusakiewicz_Podchorazych81_Warszawa_wejscie_do_pomiesczen_na_strychu-560x1024.jpg\" alt=\"\" class=\"wp-image-25509\" srcset=\"http:\/\/lapidarium.fundacja-hereditas.pl\/wp-content\/uploads\/2024\/06\/PiotrPrusakiewicz_Podchorazych81_Warszawa_wejscie_do_pomiesczen_na_strychu-560x1024.jpg 560w, http:\/\/lapidarium.fundacja-hereditas.pl\/wp-content\/uploads\/2024\/06\/PiotrPrusakiewicz_Podchorazych81_Warszawa_wejscie_do_pomiesczen_na_strychu-164x300.jpg 164w, http:\/\/lapidarium.fundacja-hereditas.pl\/wp-content\/uploads\/2024\/06\/PiotrPrusakiewicz_Podchorazych81_Warszawa_wejscie_do_pomiesczen_na_strychu-768x1404.jpg 768w, http:\/\/lapidarium.fundacja-hereditas.pl\/wp-content\/uploads\/2024\/06\/PiotrPrusakiewicz_Podchorazych81_Warszawa_wejscie_do_pomiesczen_na_strychu-840x1536.jpg 840w, http:\/\/lapidarium.fundacja-hereditas.pl\/wp-content\/uploads\/2024\/06\/PiotrPrusakiewicz_Podchorazych81_Warszawa_wejscie_do_pomiesczen_na_strychu-1121x2048.jpg 1121w, http:\/\/lapidarium.fundacja-hereditas.pl\/wp-content\/uploads\/2024\/06\/PiotrPrusakiewicz_Podchorazych81_Warszawa_wejscie_do_pomiesczen_na_strychu-150x274.jpg 150w, http:\/\/lapidarium.fundacja-hereditas.pl\/wp-content\/uploads\/2024\/06\/PiotrPrusakiewicz_Podchorazych81_Warszawa_wejscie_do_pomiesczen_na_strychu-300x548.jpg 300w, http:\/\/lapidarium.fundacja-hereditas.pl\/wp-content\/uploads\/2024\/06\/PiotrPrusakiewicz_Podchorazych81_Warszawa_wejscie_do_pomiesczen_na_strychu-696x1272.jpg 696w, http:\/\/lapidarium.fundacja-hereditas.pl\/wp-content\/uploads\/2024\/06\/PiotrPrusakiewicz_Podchorazych81_Warszawa_wejscie_do_pomiesczen_na_strychu-1068x1952.jpg 1068w, http:\/\/lapidarium.fundacja-hereditas.pl\/wp-content\/uploads\/2024\/06\/PiotrPrusakiewicz_Podchorazych81_Warszawa_wejscie_do_pomiesczen_na_strychu-scaled.jpg 1401w\" sizes=\"auto, (max-width: 560px) 100vw, 560px\" \/><\/a><figcaption class=\"wp-element-caption\">Klatka. Ostatnia kondygnacja &#8211; wej\u015bcia do pomieszcze\u0144 na poziomie strychu. Fot. Piotr Prusakiewicz, 2023 r., \u017ar\u00f3d\u0142o: MWKZ.<\/figcaption><\/figure>\n\n\n\n<figure class=\"wp-block-image size-large\"><a href=\"http:\/\/lapidarium.fundacja-hereditas.pl\/wp-content\/uploads\/2024\/06\/PiotrPrusakiewicz_Podchorazych81_Warszawa_szafa_schowek_strych-scaled.jpg\"><img loading=\"lazy\" decoding=\"async\" width=\"476\" height=\"1024\" data-id=\"25507\" src=\"http:\/\/lapidarium.fundacja-hereditas.pl\/wp-content\/uploads\/2024\/06\/PiotrPrusakiewicz_Podchorazych81_Warszawa_szafa_schowek_strych-476x1024.jpg\" alt=\"\" class=\"wp-image-25507\" srcset=\"http:\/\/lapidarium.fundacja-hereditas.pl\/wp-content\/uploads\/2024\/06\/PiotrPrusakiewicz_Podchorazych81_Warszawa_szafa_schowek_strych-476x1024.jpg 476w, http:\/\/lapidarium.fundacja-hereditas.pl\/wp-content\/uploads\/2024\/06\/PiotrPrusakiewicz_Podchorazych81_Warszawa_szafa_schowek_strych-139x300.jpg 139w, http:\/\/lapidarium.fundacja-hereditas.pl\/wp-content\/uploads\/2024\/06\/PiotrPrusakiewicz_Podchorazych81_Warszawa_szafa_schowek_strych-768x1652.jpg 768w, http:\/\/lapidarium.fundacja-hereditas.pl\/wp-content\/uploads\/2024\/06\/PiotrPrusakiewicz_Podchorazych81_Warszawa_szafa_schowek_strych-714x1536.jpg 714w, http:\/\/lapidarium.fundacja-hereditas.pl\/wp-content\/uploads\/2024\/06\/PiotrPrusakiewicz_Podchorazych81_Warszawa_szafa_schowek_strych-952x2048.jpg 952w, http:\/\/lapidarium.fundacja-hereditas.pl\/wp-content\/uploads\/2024\/06\/PiotrPrusakiewicz_Podchorazych81_Warszawa_szafa_schowek_strych-150x323.jpg 150w, http:\/\/lapidarium.fundacja-hereditas.pl\/wp-content\/uploads\/2024\/06\/PiotrPrusakiewicz_Podchorazych81_Warszawa_szafa_schowek_strych-300x645.jpg 300w, http:\/\/lapidarium.fundacja-hereditas.pl\/wp-content\/uploads\/2024\/06\/PiotrPrusakiewicz_Podchorazych81_Warszawa_szafa_schowek_strych-696x1497.jpg 696w, http:\/\/lapidarium.fundacja-hereditas.pl\/wp-content\/uploads\/2024\/06\/PiotrPrusakiewicz_Podchorazych81_Warszawa_szafa_schowek_strych-1068x2298.jpg 1068w, http:\/\/lapidarium.fundacja-hereditas.pl\/wp-content\/uploads\/2024\/06\/PiotrPrusakiewicz_Podchorazych81_Warszawa_szafa_schowek_strych-scaled.jpg 1190w\" sizes=\"auto, (max-width: 476px) 100vw, 476px\" \/><\/a><figcaption class=\"wp-element-caption\">Klatka. Szafka\/schowek &#8211; poziom strychu. Fot. Piotr Prusakiewicz, 2023 r., \u017ar\u00f3d\u0142o: MWKZ.<\/figcaption><\/figure>\n\n\n\n<figure class=\"wp-block-image size-large\"><a href=\"http:\/\/lapidarium.fundacja-hereditas.pl\/wp-content\/uploads\/2024\/06\/PiotrPrusakiewicz_Podchorazych81_Warszawa_parkiet_w_jodelke_spocznik_przed_strychem-scaled.jpg\"><img loading=\"lazy\" decoding=\"async\" width=\"1024\" height=\"485\" data-id=\"25504\" src=\"http:\/\/lapidarium.fundacja-hereditas.pl\/wp-content\/uploads\/2024\/06\/PiotrPrusakiewicz_Podchorazych81_Warszawa_parkiet_w_jodelke_spocznik_przed_strychem-1024x485.jpg\" alt=\"\" class=\"wp-image-25504\" srcset=\"http:\/\/lapidarium.fundacja-hereditas.pl\/wp-content\/uploads\/2024\/06\/PiotrPrusakiewicz_Podchorazych81_Warszawa_parkiet_w_jodelke_spocznik_przed_strychem-1024x485.jpg 1024w, http:\/\/lapidarium.fundacja-hereditas.pl\/wp-content\/uploads\/2024\/06\/PiotrPrusakiewicz_Podchorazych81_Warszawa_parkiet_w_jodelke_spocznik_przed_strychem-300x142.jpg 300w, http:\/\/lapidarium.fundacja-hereditas.pl\/wp-content\/uploads\/2024\/06\/PiotrPrusakiewicz_Podchorazych81_Warszawa_parkiet_w_jodelke_spocznik_przed_strychem-768x364.jpg 768w, http:\/\/lapidarium.fundacja-hereditas.pl\/wp-content\/uploads\/2024\/06\/PiotrPrusakiewicz_Podchorazych81_Warszawa_parkiet_w_jodelke_spocznik_przed_strychem-1536x727.jpg 1536w, http:\/\/lapidarium.fundacja-hereditas.pl\/wp-content\/uploads\/2024\/06\/PiotrPrusakiewicz_Podchorazych81_Warszawa_parkiet_w_jodelke_spocznik_przed_strychem-2048x969.jpg 2048w, http:\/\/lapidarium.fundacja-hereditas.pl\/wp-content\/uploads\/2024\/06\/PiotrPrusakiewicz_Podchorazych81_Warszawa_parkiet_w_jodelke_spocznik_przed_strychem-150x71.jpg 150w, http:\/\/lapidarium.fundacja-hereditas.pl\/wp-content\/uploads\/2024\/06\/PiotrPrusakiewicz_Podchorazych81_Warszawa_parkiet_w_jodelke_spocznik_przed_strychem-696x329.jpg 696w, http:\/\/lapidarium.fundacja-hereditas.pl\/wp-content\/uploads\/2024\/06\/PiotrPrusakiewicz_Podchorazych81_Warszawa_parkiet_w_jodelke_spocznik_przed_strychem-1068x506.jpg 1068w, http:\/\/lapidarium.fundacja-hereditas.pl\/wp-content\/uploads\/2024\/06\/PiotrPrusakiewicz_Podchorazych81_Warszawa_parkiet_w_jodelke_spocznik_przed_strychem-1920x909.jpg 1920w\" sizes=\"auto, (max-width: 1024px) 100vw, 1024px\" \/><\/a><figcaption class=\"wp-element-caption\">Parkiet klatki schodowej &#8211; listwa przy\u015bcienna. Fot. Piotr Prusakiewicz, 2023 r., \u017ar\u00f3d\u0142o: MWKZ.<\/figcaption><\/figure>\n\n\n\n<figure class=\"wp-block-image size-large\"><a href=\"http:\/\/lapidarium.fundacja-hereditas.pl\/wp-content\/uploads\/2024\/06\/PiotrPrusakiewicz_Podchorazych81_Warszawa_policzek_schodow_nosek-scaled.jpg\"><img loading=\"lazy\" decoding=\"async\" width=\"1024\" height=\"475\" data-id=\"25505\" src=\"http:\/\/lapidarium.fundacja-hereditas.pl\/wp-content\/uploads\/2024\/06\/PiotrPrusakiewicz_Podchorazych81_Warszawa_policzek_schodow_nosek-1024x475.jpg\" alt=\"\" class=\"wp-image-25505\" srcset=\"http:\/\/lapidarium.fundacja-hereditas.pl\/wp-content\/uploads\/2024\/06\/PiotrPrusakiewicz_Podchorazych81_Warszawa_policzek_schodow_nosek-1024x475.jpg 1024w, http:\/\/lapidarium.fundacja-hereditas.pl\/wp-content\/uploads\/2024\/06\/PiotrPrusakiewicz_Podchorazych81_Warszawa_policzek_schodow_nosek-300x139.jpg 300w, http:\/\/lapidarium.fundacja-hereditas.pl\/wp-content\/uploads\/2024\/06\/PiotrPrusakiewicz_Podchorazych81_Warszawa_policzek_schodow_nosek-768x356.jpg 768w, http:\/\/lapidarium.fundacja-hereditas.pl\/wp-content\/uploads\/2024\/06\/PiotrPrusakiewicz_Podchorazych81_Warszawa_policzek_schodow_nosek-1536x712.jpg 1536w, http:\/\/lapidarium.fundacja-hereditas.pl\/wp-content\/uploads\/2024\/06\/PiotrPrusakiewicz_Podchorazych81_Warszawa_policzek_schodow_nosek-2048x950.jpg 2048w, http:\/\/lapidarium.fundacja-hereditas.pl\/wp-content\/uploads\/2024\/06\/PiotrPrusakiewicz_Podchorazych81_Warszawa_policzek_schodow_nosek-150x70.jpg 150w, http:\/\/lapidarium.fundacja-hereditas.pl\/wp-content\/uploads\/2024\/06\/PiotrPrusakiewicz_Podchorazych81_Warszawa_policzek_schodow_nosek-696x323.jpg 696w, http:\/\/lapidarium.fundacja-hereditas.pl\/wp-content\/uploads\/2024\/06\/PiotrPrusakiewicz_Podchorazych81_Warszawa_policzek_schodow_nosek-1068x495.jpg 1068w, http:\/\/lapidarium.fundacja-hereditas.pl\/wp-content\/uploads\/2024\/06\/PiotrPrusakiewicz_Podchorazych81_Warszawa_policzek_schodow_nosek-1920x890.jpg 1920w\" sizes=\"auto, (max-width: 1024px) 100vw, 1024px\" \/><\/a><figcaption class=\"wp-element-caption\">Klatka. Policzki schod\u00f3w. Fot. Piotr Prusakiewicz, 2023 r., \u017ar\u00f3d\u0142o: MWKZ.<\/figcaption><\/figure>\n\n\n\n<figure class=\"wp-block-image size-large\"><a href=\"http:\/\/lapidarium.fundacja-hereditas.pl\/wp-content\/uploads\/2024\/06\/PiotrPrusakiewicz_Podchorazych81_Warszawa_klamka_okna-scaled.jpg\"><img loading=\"lazy\" decoding=\"async\" width=\"477\" height=\"1024\" data-id=\"25495\" src=\"http:\/\/lapidarium.fundacja-hereditas.pl\/wp-content\/uploads\/2024\/06\/PiotrPrusakiewicz_Podchorazych81_Warszawa_klamka_okna-477x1024.jpg\" alt=\"\" class=\"wp-image-25495\" srcset=\"http:\/\/lapidarium.fundacja-hereditas.pl\/wp-content\/uploads\/2024\/06\/PiotrPrusakiewicz_Podchorazych81_Warszawa_klamka_okna-477x1024.jpg 477w, http:\/\/lapidarium.fundacja-hereditas.pl\/wp-content\/uploads\/2024\/06\/PiotrPrusakiewicz_Podchorazych81_Warszawa_klamka_okna-140x300.jpg 140w, http:\/\/lapidarium.fundacja-hereditas.pl\/wp-content\/uploads\/2024\/06\/PiotrPrusakiewicz_Podchorazych81_Warszawa_klamka_okna-768x1650.jpg 768w, http:\/\/lapidarium.fundacja-hereditas.pl\/wp-content\/uploads\/2024\/06\/PiotrPrusakiewicz_Podchorazych81_Warszawa_klamka_okna-715x1536.jpg 715w, http:\/\/lapidarium.fundacja-hereditas.pl\/wp-content\/uploads\/2024\/06\/PiotrPrusakiewicz_Podchorazych81_Warszawa_klamka_okna-953x2048.jpg 953w, http:\/\/lapidarium.fundacja-hereditas.pl\/wp-content\/uploads\/2024\/06\/PiotrPrusakiewicz_Podchorazych81_Warszawa_klamka_okna-150x322.jpg 150w, http:\/\/lapidarium.fundacja-hereditas.pl\/wp-content\/uploads\/2024\/06\/PiotrPrusakiewicz_Podchorazych81_Warszawa_klamka_okna-300x644.jpg 300w, http:\/\/lapidarium.fundacja-hereditas.pl\/wp-content\/uploads\/2024\/06\/PiotrPrusakiewicz_Podchorazych81_Warszawa_klamka_okna-696x1495.jpg 696w, http:\/\/lapidarium.fundacja-hereditas.pl\/wp-content\/uploads\/2024\/06\/PiotrPrusakiewicz_Podchorazych81_Warszawa_klamka_okna-1068x2294.jpg 1068w, http:\/\/lapidarium.fundacja-hereditas.pl\/wp-content\/uploads\/2024\/06\/PiotrPrusakiewicz_Podchorazych81_Warszawa_klamka_okna-scaled.jpg 1192w\" sizes=\"auto, (max-width: 477px) 100vw, 477px\" \/><\/a><figcaption class=\"wp-element-caption\">Klatka. Zamkni\u0119cie okna. Fot. Piotr Prusakiewicz, 2023 r., \u017ar\u00f3d\u0142o: MWKZ.<\/figcaption><\/figure>\n\n\n\n<figure class=\"wp-block-image size-large\"><a href=\"http:\/\/lapidarium.fundacja-hereditas.pl\/wp-content\/uploads\/2024\/06\/PiotrPrusakiewicz_Podchorazych81_Warszawa_hak_okna-scaled.jpg\"><img loading=\"lazy\" decoding=\"async\" width=\"1024\" height=\"475\" data-id=\"25494\" src=\"http:\/\/lapidarium.fundacja-hereditas.pl\/wp-content\/uploads\/2024\/06\/PiotrPrusakiewicz_Podchorazych81_Warszawa_hak_okna-1024x475.jpg\" alt=\"\" class=\"wp-image-25494\" srcset=\"http:\/\/lapidarium.fundacja-hereditas.pl\/wp-content\/uploads\/2024\/06\/PiotrPrusakiewicz_Podchorazych81_Warszawa_hak_okna-1024x475.jpg 1024w, http:\/\/lapidarium.fundacja-hereditas.pl\/wp-content\/uploads\/2024\/06\/PiotrPrusakiewicz_Podchorazych81_Warszawa_hak_okna-300x139.jpg 300w, http:\/\/lapidarium.fundacja-hereditas.pl\/wp-content\/uploads\/2024\/06\/PiotrPrusakiewicz_Podchorazych81_Warszawa_hak_okna-768x357.jpg 768w, http:\/\/lapidarium.fundacja-hereditas.pl\/wp-content\/uploads\/2024\/06\/PiotrPrusakiewicz_Podchorazych81_Warszawa_hak_okna-1536x713.jpg 1536w, http:\/\/lapidarium.fundacja-hereditas.pl\/wp-content\/uploads\/2024\/06\/PiotrPrusakiewicz_Podchorazych81_Warszawa_hak_okna-2048x951.jpg 2048w, http:\/\/lapidarium.fundacja-hereditas.pl\/wp-content\/uploads\/2024\/06\/PiotrPrusakiewicz_Podchorazych81_Warszawa_hak_okna-150x70.jpg 150w, http:\/\/lapidarium.fundacja-hereditas.pl\/wp-content\/uploads\/2024\/06\/PiotrPrusakiewicz_Podchorazych81_Warszawa_hak_okna-696x323.jpg 696w, http:\/\/lapidarium.fundacja-hereditas.pl\/wp-content\/uploads\/2024\/06\/PiotrPrusakiewicz_Podchorazych81_Warszawa_hak_okna-1068x496.jpg 1068w, http:\/\/lapidarium.fundacja-hereditas.pl\/wp-content\/uploads\/2024\/06\/PiotrPrusakiewicz_Podchorazych81_Warszawa_hak_okna-1920x891.jpg 1920w\" sizes=\"auto, (max-width: 1024px) 100vw, 1024px\" \/><\/a><figcaption class=\"wp-element-caption\">Klatka. Ogranicznik przy oknie. Fot. Piotr Prusakiewicz, 2023 r., \u017ar\u00f3d\u0142o: MWKZ.<\/figcaption><\/figure>\n<\/figure>\n","protected":false},"excerpt":{"rendered":"<p>Obiekt w typie luksusowego kilkurodzinnego domu z przedmie\u015b\u0107, otoczony ogrodem, wolnostoj\u0105cy. Wysoko\u015bci dw\u00f3ch pi\u0119ter. Kr\u00f3tszym bokiem zwr\u00f3cony ku ul. Podchor\u0105\u017cych, kt\u00f3ra do momentu w\u0142\u0105czenia Sielec w obr\u0119b Warszawy, nazywa\u0142a si\u0119 inaczej ni\u017c obecnie. Nosi\u0142a w\u00f3wczas miano ul. Okopowej, co by\u0142o w prostej linii odzwierciedleniem jej topograficznego po\u0142o\u017cenia (bieg\u0142a, meandruj\u0105c wzd\u0142u\u017c linii okop\u00f3w miejskich). Obecnie raczej [&hellip;]<\/p>\n","protected":false},"author":6,"featured_media":25528,"comment_status":"open","ping_status":"open","sticky":false,"template":"","format":"standard","meta":{"footnotes":""},"categories":[212,4],"tags":[],"class_list":{"0":"post-20364","1":"post","2":"type-post","3":"status-publish","4":"format-standard","5":"has-post-thumbnail","7":"category-podchorazych","8":"category-warszawa"},"_links":{"self":[{"href":"http:\/\/lapidarium.fundacja-hereditas.pl\/index.php\/wp-json\/wp\/v2\/posts\/20364","targetHints":{"allow":["GET"]}}],"collection":[{"href":"http:\/\/lapidarium.fundacja-hereditas.pl\/index.php\/wp-json\/wp\/v2\/posts"}],"about":[{"href":"http:\/\/lapidarium.fundacja-hereditas.pl\/index.php\/wp-json\/wp\/v2\/types\/post"}],"author":[{"embeddable":true,"href":"http:\/\/lapidarium.fundacja-hereditas.pl\/index.php\/wp-json\/wp\/v2\/users\/6"}],"replies":[{"embeddable":true,"href":"http:\/\/lapidarium.fundacja-hereditas.pl\/index.php\/wp-json\/wp\/v2\/comments?post=20364"}],"version-history":[{"count":9,"href":"http:\/\/lapidarium.fundacja-hereditas.pl\/index.php\/wp-json\/wp\/v2\/posts\/20364\/revisions"}],"predecessor-version":[{"id":26302,"href":"http:\/\/lapidarium.fundacja-hereditas.pl\/index.php\/wp-json\/wp\/v2\/posts\/20364\/revisions\/26302"}],"wp:featuredmedia":[{"embeddable":true,"href":"http:\/\/lapidarium.fundacja-hereditas.pl\/index.php\/wp-json\/wp\/v2\/media\/25528"}],"wp:attachment":[{"href":"http:\/\/lapidarium.fundacja-hereditas.pl\/index.php\/wp-json\/wp\/v2\/media?parent=20364"}],"wp:term":[{"taxonomy":"category","embeddable":true,"href":"http:\/\/lapidarium.fundacja-hereditas.pl\/index.php\/wp-json\/wp\/v2\/categories?post=20364"},{"taxonomy":"post_tag","embeddable":true,"href":"http:\/\/lapidarium.fundacja-hereditas.pl\/index.php\/wp-json\/wp\/v2\/tags?post=20364"}],"curies":[{"name":"wp","href":"https:\/\/api.w.org\/{rel}","templated":true}]}}