{"id":20124,"date":"2024-01-18T06:23:50","date_gmt":"2024-01-18T05:23:50","guid":{"rendered":"http:\/\/lapidarium.fundacja-hereditas.pl\/?p=20124"},"modified":"2024-06-12T23:28:27","modified_gmt":"2024-06-12T21:28:27","slug":"kamienica-ul-radomska-20-warszawa","status":"publish","type":"post","link":"http:\/\/lapidarium.fundacja-hereditas.pl\/index.php\/2024\/01\/18\/kamienica-ul-radomska-20-warszawa\/","title":{"rendered":"Kamienica ul. Radomska 20, Warszawa"},"content":{"rendered":"\n<p>Omawiany tu dom pod adresem 20, powsta\u0142 po 1936 roku. W przededniu II wojny \u015bwiatowej by\u0142 w\u0142asno\u015bci\u0105 firmy: \u201eLut\u201d sp. z o.o. i by\u0107 mo\u017ce dla niej zosta\u0142 zaprojektowany. Administratorem nieruchomo\u015bci natomiast by\u0142 Samuel Typograf. Firma \u201eLut\u201d, dzia\u0142aj\u0105ca zapewne w bran\u017cy spawalniczej, wystawi\u0142a kamienic\u0119, podobnie jak s\u0105siednie, czteropi\u0119trow\u0105 o pi\u0119ciu osiach, z kt\u00f3rych trzy posiada\u0142y balkony. Mo\u017ce to oznacza\u0107, \u017ce mieszkania nie by\u0142y zbyt du\u017ce, przeznaczone mo\u017ce nie dla najbiedniejszych, ale raczej, m\u00f3wi\u0105c ogl\u0119dnie, dla \u201e\u015brednio\u201d zamo\u017cnych klient\u00f3w. Dom powsta\u0142 ewidentnie w celach czysto zarobkowych, bez najmniejszego polotu i wysi\u0142ku ze strony projektanta. Obie elewacje s\u0105 doskonale nijakie. P\u0142askie, bez ozd\u00f3b, jakichkolwiek detali, czegokolwiek co w cho\u0107 minimalny spos\u00f3b mog\u0142oby podnosi\u0107 warto\u015b\u0107 estetyczn\u0105 kamienicy. Dzia\u0142ano tu najwyra\u017aniej w my\u015bl zasady: \u201eim taniej tym lepiej\u201d.&nbsp; W tym kontek\u015bcie, a\u017c nadto dziwi obecno\u015b\u0107 trzech pion\u00f3w balkonowych od strony ulicy Radomskiej. To tyle je\u015bli chodzi o elewacje \u2013 nic wi\u0119cej nie mo\u017cna o nich napisa\u0107. Nieco lepiej jest na klatce schodowej. Biegi schod\u00f3w uformowano z szarego lastrico, do tego dano balustrady wst\u0119gowe, gdzie po\u0142\u0105czono elementy stalowe z drewnianymi (i nie chodzi tylko o por\u0119cz). Hall wej\u015bciowy wy\u0142o\u017cono czarnym lastrico z r\u00f3\u017cowymi wstawkami, na \u015bcianach natomiast dano kamienne ok\u0142adziny. Dom mia\u0142 szcz\u0119\u015bcie \u2013 z ostatniej wojny wyszed\u0142 pod dachem. Na uwag\u0119 zas\u0142uguje medalion z Matk\u0105 Bosk\u0105, kt\u00f3ry zapewne z racji braku podw\u00f3rka umieszczono na pierwszym pi\u0119trze \u2013 nadaj\u0105c mu taki sam status jaki uzyskiwa\u0142y kapliczki podw\u00f3rzowe. Kolejn\u0105 ciekawostk\u0105 jest pozosta\u0142y i szcz\u0119\u015bliwie nie uzupe\u0142niony rozbryzg na posadzce jednego ze spocznik\u00f3w, powsta\u0142y po od\u0142amku. Obecnie \u015blady takie nie s\u0105 reperowane, a tym samym zacierane. Dzi\u015b preferuje si\u0119 raczej ich konserwacj\u0119 i ekspozycj\u0119, co miejmy nadziej\u0119 nast\u0105pi tak\u017ce w przypadku tej&nbsp; drugowojennej blizny. Zar\u00f3wno czarne lastico, r\u00f3\u017cowe wstawki jak i kamienne ok\u0142adziny \u015bcian parteru s\u0105 takie same, jak w domu s\u0105siednim (n-er 22), co mo\u017ce sugerowa\u0107 tego samego inwestora. Sama ulica (Radomska), mimo i\u017c zosta\u0142a wytyczona przed 1930 r., na powa\u017cnie zacz\u0119\u0142a zabudowywa\u0107 si\u0119 bezpo\u015brednio przed II wojn\u0105 \u015bwiatow\u0105. Przez szereg lat s\u0142u\u017cy\u0142a jako \u0142\u0105cznik pomi\u0119dzy szos\u0105 krakowsk\u0105 (ob. ul. Gr\u00f3jecka), a terenami sk\u0142adowo-magazynowo-przemys\u0142owymi zlokalizowanymi przy tym w\u0105skim pod\u00f3wczas przesmyku. Z czasem doci\u0105gni\u0119to j\u0105 do Bia\u0142obrzeskiej. W momencie gdy zacz\u0119\u0142y powstawa\u0107 budynki w p\u00f3\u0142nocnej pierzei ulicy, lokalizowano je&nbsp; tak, \u017ce wizualnie wygl\u0105daj\u0105 one jakby sta\u0142y fasadami na p\u00f3\u0142noc. By\u0142a tam w\u00f3wczas faktycznie uliczka \u2013 ma\u0142a i w\u0105ska, kt\u00f3ra z czasem zamieni\u0142a siew szerok\u0105 arteri\u0119 \u2013 to ul. Kopi\u0144ska. W\u00f3wczas gabarytowo to\u017csama z Radomsk\u0105. Z jakiego\u015b powodu domy wzniesiono tak, by sta\u0142y fasadami do Kopi\u0144skiej mimo, i\u017c adres maj\u0105 od Radomskiej. By\u0107 mo\u017ce ju\u017c w\u00f3wczas planowano jej poszerzenie i domy projektowano tak, by elewacj\u0105 g\u0142\u00f3wn\u0105 zwr\u00f3cone by\u0142y ku ulicy wa\u017cniejszej. Niestety brak sklep\u00f3w w przyziemiu, jak i zbytnie odsuni\u0119cie od nowej, szerszej Kopi\u0144skiej, spowodowa\u0142y \u017ce fasady owe, stoj\u0105c za pasem zieleni nie s\u0105 odpowiednio eksponowane. Za to elewacje tylne, mimo i\u017c pierwotnie eksponowane na niewielk\u0105 lokaln\u0105 uliczk\u0119 (Radomska), pe\u0142ni\u0105 obecnie rol\u0119 owych fasad. Wszystkie kamienice maj\u0105 tu tak obszerne przedogr\u00f3dki, \u017ce w \u015br\u00f3dmie\u015bciu mog\u0142yby spokojnie pe\u0142ni\u0107 rol\u0119 podw\u00f3rek. Za to z ty\u0142u podw\u00f3rek nigdy nie by\u0142o \u2013 okna elewacji p\u00f3\u0142nocnych wychodzi\u0142y zawsze na Kopi\u0144sk\u0105 \u2013 przed wojn\u0105 w\u0105sk\u0105, po wojnie znacznie poszerzon\u0105.<\/p>\n\n\n\n<p>::: Sfinansowano ze \u015brodk\u00f3w Mazowieckiego Wojew\u00f3dzkiego Konserwatora Zabytk\u00f3w.<\/p>\n\n\n\n<figure class=\"wp-block-gallery has-nested-images columns-default is-cropped wp-block-gallery-1 is-layout-flex wp-block-gallery-is-layout-flex\">\n<figure class=\"wp-block-image size-large\"><a href=\"http:\/\/lapidarium.fundacja-hereditas.pl\/wp-content\/uploads\/2024\/05\/E_Dziedziniewicz-Rapca_Warszawa_Radomska_18_i_20_fasada_od_Kopinskiejl-scaled.jpg\"><img loading=\"lazy\" decoding=\"async\" width=\"1024\" height=\"748\" data-id=\"25237\" src=\"http:\/\/lapidarium.fundacja-hereditas.pl\/wp-content\/uploads\/2024\/05\/E_Dziedziniewicz-Rapca_Warszawa_Radomska_18_i_20_fasada_od_Kopinskiejl-1024x748.jpg\" alt=\"\" class=\"wp-image-25237\" srcset=\"http:\/\/lapidarium.fundacja-hereditas.pl\/wp-content\/uploads\/2024\/05\/E_Dziedziniewicz-Rapca_Warszawa_Radomska_18_i_20_fasada_od_Kopinskiejl-1024x748.jpg 1024w, http:\/\/lapidarium.fundacja-hereditas.pl\/wp-content\/uploads\/2024\/05\/E_Dziedziniewicz-Rapca_Warszawa_Radomska_18_i_20_fasada_od_Kopinskiejl-300x219.jpg 300w, http:\/\/lapidarium.fundacja-hereditas.pl\/wp-content\/uploads\/2024\/05\/E_Dziedziniewicz-Rapca_Warszawa_Radomska_18_i_20_fasada_od_Kopinskiejl-768x561.jpg 768w, http:\/\/lapidarium.fundacja-hereditas.pl\/wp-content\/uploads\/2024\/05\/E_Dziedziniewicz-Rapca_Warszawa_Radomska_18_i_20_fasada_od_Kopinskiejl-1536x1122.jpg 1536w, http:\/\/lapidarium.fundacja-hereditas.pl\/wp-content\/uploads\/2024\/05\/E_Dziedziniewicz-Rapca_Warszawa_Radomska_18_i_20_fasada_od_Kopinskiejl-2048x1496.jpg 2048w, http:\/\/lapidarium.fundacja-hereditas.pl\/wp-content\/uploads\/2024\/05\/E_Dziedziniewicz-Rapca_Warszawa_Radomska_18_i_20_fasada_od_Kopinskiejl-150x110.jpg 150w, http:\/\/lapidarium.fundacja-hereditas.pl\/wp-content\/uploads\/2024\/05\/E_Dziedziniewicz-Rapca_Warszawa_Radomska_18_i_20_fasada_od_Kopinskiejl-696x508.jpg 696w, http:\/\/lapidarium.fundacja-hereditas.pl\/wp-content\/uploads\/2024\/05\/E_Dziedziniewicz-Rapca_Warszawa_Radomska_18_i_20_fasada_od_Kopinskiejl-1068x780.jpg 1068w, http:\/\/lapidarium.fundacja-hereditas.pl\/wp-content\/uploads\/2024\/05\/E_Dziedziniewicz-Rapca_Warszawa_Radomska_18_i_20_fasada_od_Kopinskiejl-1920x1402.jpg 1920w\" sizes=\"auto, (max-width: 1024px) 100vw, 1024px\" \/><\/a><figcaption class=\"wp-element-caption\">Elewacja p\u00f3\u0142nocna od ul. Kopi\u0144skiej (dom po prawej). Fot. Ewa Dziedziniewicz-R\u0105pca, 2023 r., \u017ar\u00f3d\u0142o: MWKZ.<\/figcaption><\/figure>\n\n\n\n<figure class=\"wp-block-image size-large\"><a href=\"http:\/\/lapidarium.fundacja-hereditas.pl\/wp-content\/uploads\/2024\/05\/E_Dziedziniewicz-Rapca_Warszawa_Radomska_20_fasada-scaled.jpg\"><img loading=\"lazy\" decoding=\"async\" width=\"1024\" height=\"777\" data-id=\"25225\" src=\"http:\/\/lapidarium.fundacja-hereditas.pl\/wp-content\/uploads\/2024\/05\/E_Dziedziniewicz-Rapca_Warszawa_Radomska_20_fasada-1024x777.jpg\" alt=\"\" class=\"wp-image-25225\" srcset=\"http:\/\/lapidarium.fundacja-hereditas.pl\/wp-content\/uploads\/2024\/05\/E_Dziedziniewicz-Rapca_Warszawa_Radomska_20_fasada-1024x777.jpg 1024w, http:\/\/lapidarium.fundacja-hereditas.pl\/wp-content\/uploads\/2024\/05\/E_Dziedziniewicz-Rapca_Warszawa_Radomska_20_fasada-300x228.jpg 300w, http:\/\/lapidarium.fundacja-hereditas.pl\/wp-content\/uploads\/2024\/05\/E_Dziedziniewicz-Rapca_Warszawa_Radomska_20_fasada-768x583.jpg 768w, http:\/\/lapidarium.fundacja-hereditas.pl\/wp-content\/uploads\/2024\/05\/E_Dziedziniewicz-Rapca_Warszawa_Radomska_20_fasada-1536x1166.jpg 1536w, http:\/\/lapidarium.fundacja-hereditas.pl\/wp-content\/uploads\/2024\/05\/E_Dziedziniewicz-Rapca_Warszawa_Radomska_20_fasada-2048x1555.jpg 2048w, http:\/\/lapidarium.fundacja-hereditas.pl\/wp-content\/uploads\/2024\/05\/E_Dziedziniewicz-Rapca_Warszawa_Radomska_20_fasada-150x114.jpg 150w, http:\/\/lapidarium.fundacja-hereditas.pl\/wp-content\/uploads\/2024\/05\/E_Dziedziniewicz-Rapca_Warszawa_Radomska_20_fasada-696x528.jpg 696w, http:\/\/lapidarium.fundacja-hereditas.pl\/wp-content\/uploads\/2024\/05\/E_Dziedziniewicz-Rapca_Warszawa_Radomska_20_fasada-1068x811.jpg 1068w, http:\/\/lapidarium.fundacja-hereditas.pl\/wp-content\/uploads\/2024\/05\/E_Dziedziniewicz-Rapca_Warszawa_Radomska_20_fasada-1920x1458.jpg 1920w\" sizes=\"auto, (max-width: 1024px) 100vw, 1024px\" \/><\/a><figcaption class=\"wp-element-caption\">Elewacja po\u0142udniowa od ul. Radomskiej. Fot. Ewa Dziedziniewicz-R\u0105pca, 2023 r., \u017ar\u00f3d\u0142o: MWKZ.<\/figcaption><\/figure>\n\n\n\n<figure class=\"wp-block-image size-large\"><a href=\"http:\/\/lapidarium.fundacja-hereditas.pl\/wp-content\/uploads\/2024\/05\/PiotrPrusakiewicz_Radomska20_Warszawa_wejscie_do_kamienicy-scaled.jpg\"><img loading=\"lazy\" decoding=\"async\" width=\"478\" height=\"1024\" data-id=\"25232\" src=\"http:\/\/lapidarium.fundacja-hereditas.pl\/wp-content\/uploads\/2024\/05\/PiotrPrusakiewicz_Radomska20_Warszawa_wejscie_do_kamienicy-478x1024.jpg\" alt=\"\" class=\"wp-image-25232\" srcset=\"http:\/\/lapidarium.fundacja-hereditas.pl\/wp-content\/uploads\/2024\/05\/PiotrPrusakiewicz_Radomska20_Warszawa_wejscie_do_kamienicy-478x1024.jpg 478w, http:\/\/lapidarium.fundacja-hereditas.pl\/wp-content\/uploads\/2024\/05\/PiotrPrusakiewicz_Radomska20_Warszawa_wejscie_do_kamienicy-140x300.jpg 140w, http:\/\/lapidarium.fundacja-hereditas.pl\/wp-content\/uploads\/2024\/05\/PiotrPrusakiewicz_Radomska20_Warszawa_wejscie_do_kamienicy-768x1644.jpg 768w, http:\/\/lapidarium.fundacja-hereditas.pl\/wp-content\/uploads\/2024\/05\/PiotrPrusakiewicz_Radomska20_Warszawa_wejscie_do_kamienicy-718x1536.jpg 718w, http:\/\/lapidarium.fundacja-hereditas.pl\/wp-content\/uploads\/2024\/05\/PiotrPrusakiewicz_Radomska20_Warszawa_wejscie_do_kamienicy-957x2048.jpg 957w, http:\/\/lapidarium.fundacja-hereditas.pl\/wp-content\/uploads\/2024\/05\/PiotrPrusakiewicz_Radomska20_Warszawa_wejscie_do_kamienicy-150x321.jpg 150w, http:\/\/lapidarium.fundacja-hereditas.pl\/wp-content\/uploads\/2024\/05\/PiotrPrusakiewicz_Radomska20_Warszawa_wejscie_do_kamienicy-300x642.jpg 300w, http:\/\/lapidarium.fundacja-hereditas.pl\/wp-content\/uploads\/2024\/05\/PiotrPrusakiewicz_Radomska20_Warszawa_wejscie_do_kamienicy-696x1490.jpg 696w, http:\/\/lapidarium.fundacja-hereditas.pl\/wp-content\/uploads\/2024\/05\/PiotrPrusakiewicz_Radomska20_Warszawa_wejscie_do_kamienicy-1068x2286.jpg 1068w, http:\/\/lapidarium.fundacja-hereditas.pl\/wp-content\/uploads\/2024\/05\/PiotrPrusakiewicz_Radomska20_Warszawa_wejscie_do_kamienicy-scaled.jpg 1196w\" sizes=\"auto, (max-width: 478px) 100vw, 478px\" \/><\/a><figcaption class=\"wp-element-caption\">Elewacja po\u0142udniowa od ul. Radomskiej. Fot. Piotr Prusakiewicz, 2023 r., \u017ar\u00f3d\u0142o: MWKZ.<\/figcaption><\/figure>\n\n\n\n<figure class=\"wp-block-image size-large\"><a href=\"http:\/\/lapidarium.fundacja-hereditas.pl\/wp-content\/uploads\/2024\/05\/PiotrPrusakiewicz_Radomska20_Warszawa_balkon_1p_fasada-scaled.jpg\"><img loading=\"lazy\" decoding=\"async\" width=\"1024\" height=\"485\" data-id=\"25230\" src=\"http:\/\/lapidarium.fundacja-hereditas.pl\/wp-content\/uploads\/2024\/05\/PiotrPrusakiewicz_Radomska20_Warszawa_balkon_1p_fasada-1024x485.jpg\" alt=\"\" class=\"wp-image-25230\" srcset=\"http:\/\/lapidarium.fundacja-hereditas.pl\/wp-content\/uploads\/2024\/05\/PiotrPrusakiewicz_Radomska20_Warszawa_balkon_1p_fasada-1024x485.jpg 1024w, http:\/\/lapidarium.fundacja-hereditas.pl\/wp-content\/uploads\/2024\/05\/PiotrPrusakiewicz_Radomska20_Warszawa_balkon_1p_fasada-300x142.jpg 300w, http:\/\/lapidarium.fundacja-hereditas.pl\/wp-content\/uploads\/2024\/05\/PiotrPrusakiewicz_Radomska20_Warszawa_balkon_1p_fasada-768x364.jpg 768w, http:\/\/lapidarium.fundacja-hereditas.pl\/wp-content\/uploads\/2024\/05\/PiotrPrusakiewicz_Radomska20_Warszawa_balkon_1p_fasada-1536x727.jpg 1536w, http:\/\/lapidarium.fundacja-hereditas.pl\/wp-content\/uploads\/2024\/05\/PiotrPrusakiewicz_Radomska20_Warszawa_balkon_1p_fasada-2048x970.jpg 2048w, http:\/\/lapidarium.fundacja-hereditas.pl\/wp-content\/uploads\/2024\/05\/PiotrPrusakiewicz_Radomska20_Warszawa_balkon_1p_fasada-150x71.jpg 150w, http:\/\/lapidarium.fundacja-hereditas.pl\/wp-content\/uploads\/2024\/05\/PiotrPrusakiewicz_Radomska20_Warszawa_balkon_1p_fasada-696x330.jpg 696w, http:\/\/lapidarium.fundacja-hereditas.pl\/wp-content\/uploads\/2024\/05\/PiotrPrusakiewicz_Radomska20_Warszawa_balkon_1p_fasada-1068x506.jpg 1068w, http:\/\/lapidarium.fundacja-hereditas.pl\/wp-content\/uploads\/2024\/05\/PiotrPrusakiewicz_Radomska20_Warszawa_balkon_1p_fasada-1920x909.jpg 1920w\" sizes=\"auto, (max-width: 1024px) 100vw, 1024px\" \/><\/a><figcaption class=\"wp-element-caption\">Elewacja po\u0142udniowa od ul. Radomskiej. Balkon I-go pi\u0119tra. Fot. Piotr Prusakiewicz, 2023 r., \u017ar\u00f3d\u0142o: MWKZ.<\/figcaption><\/figure>\n\n\n\n<figure class=\"wp-block-image size-large\"><a href=\"http:\/\/lapidarium.fundacja-hereditas.pl\/wp-content\/uploads\/2024\/05\/E_Dziedziniewicz-Rapca_Warszawa_Radomska_20_fasada_drzwi_wejsciowe-scaled.jpg\"><img loading=\"lazy\" decoding=\"async\" width=\"778\" height=\"1024\" data-id=\"25228\" src=\"http:\/\/lapidarium.fundacja-hereditas.pl\/wp-content\/uploads\/2024\/05\/E_Dziedziniewicz-Rapca_Warszawa_Radomska_20_fasada_drzwi_wejsciowe-778x1024.jpg\" alt=\"\" class=\"wp-image-25228\" srcset=\"http:\/\/lapidarium.fundacja-hereditas.pl\/wp-content\/uploads\/2024\/05\/E_Dziedziniewicz-Rapca_Warszawa_Radomska_20_fasada_drzwi_wejsciowe-778x1024.jpg 778w, http:\/\/lapidarium.fundacja-hereditas.pl\/wp-content\/uploads\/2024\/05\/E_Dziedziniewicz-Rapca_Warszawa_Radomska_20_fasada_drzwi_wejsciowe-228x300.jpg 228w, http:\/\/lapidarium.fundacja-hereditas.pl\/wp-content\/uploads\/2024\/05\/E_Dziedziniewicz-Rapca_Warszawa_Radomska_20_fasada_drzwi_wejsciowe-768x1010.jpg 768w, http:\/\/lapidarium.fundacja-hereditas.pl\/wp-content\/uploads\/2024\/05\/E_Dziedziniewicz-Rapca_Warszawa_Radomska_20_fasada_drzwi_wejsciowe-1168x1536.jpg 1168w, http:\/\/lapidarium.fundacja-hereditas.pl\/wp-content\/uploads\/2024\/05\/E_Dziedziniewicz-Rapca_Warszawa_Radomska_20_fasada_drzwi_wejsciowe-1557x2048.jpg 1557w, http:\/\/lapidarium.fundacja-hereditas.pl\/wp-content\/uploads\/2024\/05\/E_Dziedziniewicz-Rapca_Warszawa_Radomska_20_fasada_drzwi_wejsciowe-150x197.jpg 150w, http:\/\/lapidarium.fundacja-hereditas.pl\/wp-content\/uploads\/2024\/05\/E_Dziedziniewicz-Rapca_Warszawa_Radomska_20_fasada_drzwi_wejsciowe-300x395.jpg 300w, http:\/\/lapidarium.fundacja-hereditas.pl\/wp-content\/uploads\/2024\/05\/E_Dziedziniewicz-Rapca_Warszawa_Radomska_20_fasada_drzwi_wejsciowe-696x916.jpg 696w, http:\/\/lapidarium.fundacja-hereditas.pl\/wp-content\/uploads\/2024\/05\/E_Dziedziniewicz-Rapca_Warszawa_Radomska_20_fasada_drzwi_wejsciowe-1068x1405.jpg 1068w, http:\/\/lapidarium.fundacja-hereditas.pl\/wp-content\/uploads\/2024\/05\/E_Dziedziniewicz-Rapca_Warszawa_Radomska_20_fasada_drzwi_wejsciowe-1920x2526.jpg 1920w, http:\/\/lapidarium.fundacja-hereditas.pl\/wp-content\/uploads\/2024\/05\/E_Dziedziniewicz-Rapca_Warszawa_Radomska_20_fasada_drzwi_wejsciowe-scaled.jpg 1946w\" sizes=\"auto, (max-width: 778px) 100vw, 778px\" \/><\/a><figcaption class=\"wp-element-caption\">Elewacja po\u0142udniowa od ul. Radomskiej. Wej\u015bcie na klatk\u0119 schodow\u0105. Fot. Ewa Dziedziniewicz-R\u0105pca, 2023 r., \u017ar\u00f3d\u0142o: MWKZ.<\/figcaption><\/figure>\n\n\n\n<figure class=\"wp-block-image size-large\"><a href=\"http:\/\/lapidarium.fundacja-hereditas.pl\/wp-content\/uploads\/2024\/05\/E_Dziedziniewicz-Rapca_Warszawa_Radomska_20_fasada_balkony_detal-scaled.jpg\"><img loading=\"lazy\" decoding=\"async\" width=\"776\" height=\"1024\" data-id=\"25227\" src=\"http:\/\/lapidarium.fundacja-hereditas.pl\/wp-content\/uploads\/2024\/05\/E_Dziedziniewicz-Rapca_Warszawa_Radomska_20_fasada_balkony_detal-776x1024.jpg\" alt=\"\" class=\"wp-image-25227\" srcset=\"http:\/\/lapidarium.fundacja-hereditas.pl\/wp-content\/uploads\/2024\/05\/E_Dziedziniewicz-Rapca_Warszawa_Radomska_20_fasada_balkony_detal-776x1024.jpg 776w, http:\/\/lapidarium.fundacja-hereditas.pl\/wp-content\/uploads\/2024\/05\/E_Dziedziniewicz-Rapca_Warszawa_Radomska_20_fasada_balkony_detal-227x300.jpg 227w, http:\/\/lapidarium.fundacja-hereditas.pl\/wp-content\/uploads\/2024\/05\/E_Dziedziniewicz-Rapca_Warszawa_Radomska_20_fasada_balkony_detal-768x1014.jpg 768w, http:\/\/lapidarium.fundacja-hereditas.pl\/wp-content\/uploads\/2024\/05\/E_Dziedziniewicz-Rapca_Warszawa_Radomska_20_fasada_balkony_detal-1164x1536.jpg 1164w, http:\/\/lapidarium.fundacja-hereditas.pl\/wp-content\/uploads\/2024\/05\/E_Dziedziniewicz-Rapca_Warszawa_Radomska_20_fasada_balkony_detal-1552x2048.jpg 1552w, http:\/\/lapidarium.fundacja-hereditas.pl\/wp-content\/uploads\/2024\/05\/E_Dziedziniewicz-Rapca_Warszawa_Radomska_20_fasada_balkony_detal-150x198.jpg 150w, http:\/\/lapidarium.fundacja-hereditas.pl\/wp-content\/uploads\/2024\/05\/E_Dziedziniewicz-Rapca_Warszawa_Radomska_20_fasada_balkony_detal-300x396.jpg 300w, http:\/\/lapidarium.fundacja-hereditas.pl\/wp-content\/uploads\/2024\/05\/E_Dziedziniewicz-Rapca_Warszawa_Radomska_20_fasada_balkony_detal-696x919.jpg 696w, http:\/\/lapidarium.fundacja-hereditas.pl\/wp-content\/uploads\/2024\/05\/E_Dziedziniewicz-Rapca_Warszawa_Radomska_20_fasada_balkony_detal-1068x1410.jpg 1068w, http:\/\/lapidarium.fundacja-hereditas.pl\/wp-content\/uploads\/2024\/05\/E_Dziedziniewicz-Rapca_Warszawa_Radomska_20_fasada_balkony_detal-1920x2534.jpg 1920w, http:\/\/lapidarium.fundacja-hereditas.pl\/wp-content\/uploads\/2024\/05\/E_Dziedziniewicz-Rapca_Warszawa_Radomska_20_fasada_balkony_detal-scaled.jpg 1940w\" sizes=\"auto, (max-width: 776px) 100vw, 776px\" \/><\/a><figcaption class=\"wp-element-caption\">Elewacja po\u0142udniowa od ul. Radomskiej. Balkony skrajnej, wschodniej osi. Fot. Ewa Dziedziniewicz-R\u0105pca, 2023 r., \u017ar\u00f3d\u0142o: MWKZ.<\/figcaption><\/figure>\n\n\n\n<figure class=\"wp-block-image size-large\"><a href=\"http:\/\/lapidarium.fundacja-hereditas.pl\/wp-content\/uploads\/2024\/05\/E_Dziedziniewicz-Rapca_Warszawa_Radomska_20_drzwi_wejsciowe_od_wewnatrz-scaled.jpg\"><img loading=\"lazy\" decoding=\"async\" width=\"692\" height=\"1024\" data-id=\"25208\" src=\"http:\/\/lapidarium.fundacja-hereditas.pl\/wp-content\/uploads\/2024\/05\/E_Dziedziniewicz-Rapca_Warszawa_Radomska_20_drzwi_wejsciowe_od_wewnatrz-692x1024.jpg\" alt=\"\" class=\"wp-image-25208\" srcset=\"http:\/\/lapidarium.fundacja-hereditas.pl\/wp-content\/uploads\/2024\/05\/E_Dziedziniewicz-Rapca_Warszawa_Radomska_20_drzwi_wejsciowe_od_wewnatrz-692x1024.jpg 692w, http:\/\/lapidarium.fundacja-hereditas.pl\/wp-content\/uploads\/2024\/05\/E_Dziedziniewicz-Rapca_Warszawa_Radomska_20_drzwi_wejsciowe_od_wewnatrz-203x300.jpg 203w, http:\/\/lapidarium.fundacja-hereditas.pl\/wp-content\/uploads\/2024\/05\/E_Dziedziniewicz-Rapca_Warszawa_Radomska_20_drzwi_wejsciowe_od_wewnatrz-768x1136.jpg 768w, http:\/\/lapidarium.fundacja-hereditas.pl\/wp-content\/uploads\/2024\/05\/E_Dziedziniewicz-Rapca_Warszawa_Radomska_20_drzwi_wejsciowe_od_wewnatrz-1038x1536.jpg 1038w, http:\/\/lapidarium.fundacja-hereditas.pl\/wp-content\/uploads\/2024\/05\/E_Dziedziniewicz-Rapca_Warszawa_Radomska_20_drzwi_wejsciowe_od_wewnatrz-1384x2048.jpg 1384w, http:\/\/lapidarium.fundacja-hereditas.pl\/wp-content\/uploads\/2024\/05\/E_Dziedziniewicz-Rapca_Warszawa_Radomska_20_drzwi_wejsciowe_od_wewnatrz-150x222.jpg 150w, http:\/\/lapidarium.fundacja-hereditas.pl\/wp-content\/uploads\/2024\/05\/E_Dziedziniewicz-Rapca_Warszawa_Radomska_20_drzwi_wejsciowe_od_wewnatrz-300x444.jpg 300w, http:\/\/lapidarium.fundacja-hereditas.pl\/wp-content\/uploads\/2024\/05\/E_Dziedziniewicz-Rapca_Warszawa_Radomska_20_drzwi_wejsciowe_od_wewnatrz-696x1030.jpg 696w, http:\/\/lapidarium.fundacja-hereditas.pl\/wp-content\/uploads\/2024\/05\/E_Dziedziniewicz-Rapca_Warszawa_Radomska_20_drzwi_wejsciowe_od_wewnatrz-1068x1580.jpg 1068w, http:\/\/lapidarium.fundacja-hereditas.pl\/wp-content\/uploads\/2024\/05\/E_Dziedziniewicz-Rapca_Warszawa_Radomska_20_drzwi_wejsciowe_od_wewnatrz-1920x2841.jpg 1920w, http:\/\/lapidarium.fundacja-hereditas.pl\/wp-content\/uploads\/2024\/05\/E_Dziedziniewicz-Rapca_Warszawa_Radomska_20_drzwi_wejsciowe_od_wewnatrz-scaled.jpg 1730w\" sizes=\"auto, (max-width: 692px) 100vw, 692px\" \/><\/a><figcaption class=\"wp-element-caption\">Hall &#8211; wyj\u015bcie na ul. Radomsk\u0105. Fot. Ewa Dziedziniewicz-R\u0105pca, 2023 r., \u017ar\u00f3d\u0142o: MWKZ.<\/figcaption><\/figure>\n\n\n\n<figure class=\"wp-block-image size-large\"><a href=\"http:\/\/lapidarium.fundacja-hereditas.pl\/wp-content\/uploads\/2024\/05\/PiotrPrusakiewicz_Radomska20_Warszawa_hall_glowny-scaled.jpg\"><img loading=\"lazy\" decoding=\"async\" width=\"476\" height=\"1024\" data-id=\"25220\" src=\"http:\/\/lapidarium.fundacja-hereditas.pl\/wp-content\/uploads\/2024\/05\/PiotrPrusakiewicz_Radomska20_Warszawa_hall_glowny-476x1024.jpg\" alt=\"\" class=\"wp-image-25220\" srcset=\"http:\/\/lapidarium.fundacja-hereditas.pl\/wp-content\/uploads\/2024\/05\/PiotrPrusakiewicz_Radomska20_Warszawa_hall_glowny-476x1024.jpg 476w, http:\/\/lapidarium.fundacja-hereditas.pl\/wp-content\/uploads\/2024\/05\/PiotrPrusakiewicz_Radomska20_Warszawa_hall_glowny-139x300.jpg 139w, http:\/\/lapidarium.fundacja-hereditas.pl\/wp-content\/uploads\/2024\/05\/PiotrPrusakiewicz_Radomska20_Warszawa_hall_glowny-768x1654.jpg 768w, http:\/\/lapidarium.fundacja-hereditas.pl\/wp-content\/uploads\/2024\/05\/PiotrPrusakiewicz_Radomska20_Warszawa_hall_glowny-713x1536.jpg 713w, http:\/\/lapidarium.fundacja-hereditas.pl\/wp-content\/uploads\/2024\/05\/PiotrPrusakiewicz_Radomska20_Warszawa_hall_glowny-951x2048.jpg 951w, http:\/\/lapidarium.fundacja-hereditas.pl\/wp-content\/uploads\/2024\/05\/PiotrPrusakiewicz_Radomska20_Warszawa_hall_glowny-150x323.jpg 150w, http:\/\/lapidarium.fundacja-hereditas.pl\/wp-content\/uploads\/2024\/05\/PiotrPrusakiewicz_Radomska20_Warszawa_hall_glowny-300x646.jpg 300w, http:\/\/lapidarium.fundacja-hereditas.pl\/wp-content\/uploads\/2024\/05\/PiotrPrusakiewicz_Radomska20_Warszawa_hall_glowny-696x1499.jpg 696w, http:\/\/lapidarium.fundacja-hereditas.pl\/wp-content\/uploads\/2024\/05\/PiotrPrusakiewicz_Radomska20_Warszawa_hall_glowny-1068x2300.jpg 1068w, http:\/\/lapidarium.fundacja-hereditas.pl\/wp-content\/uploads\/2024\/05\/PiotrPrusakiewicz_Radomska20_Warszawa_hall_glowny-scaled.jpg 1189w\" sizes=\"auto, (max-width: 476px) 100vw, 476px\" \/><\/a><figcaption class=\"wp-element-caption\">Hall &#8211; widok ku wyj\u015bciu na ul. Radomsk\u0105. Fot. Piotr Prusakiewicz, 2023 r., \u017ar\u00f3d\u0142o: MWKZ.<\/figcaption><\/figure>\n\n\n\n<figure class=\"wp-block-image size-large\"><a href=\"http:\/\/lapidarium.fundacja-hereditas.pl\/wp-content\/uploads\/2024\/05\/PiotrPrusakiewicz_Radomska20_Warszawa_zejscie_do_wyjscia_ewakuacyjnego-scaled.jpg\"><img loading=\"lazy\" decoding=\"async\" width=\"514\" height=\"1024\" data-id=\"25224\" src=\"http:\/\/lapidarium.fundacja-hereditas.pl\/wp-content\/uploads\/2024\/05\/PiotrPrusakiewicz_Radomska20_Warszawa_zejscie_do_wyjscia_ewakuacyjnego-514x1024.jpg\" alt=\"\" class=\"wp-image-25224\" srcset=\"http:\/\/lapidarium.fundacja-hereditas.pl\/wp-content\/uploads\/2024\/05\/PiotrPrusakiewicz_Radomska20_Warszawa_zejscie_do_wyjscia_ewakuacyjnego-514x1024.jpg 514w, http:\/\/lapidarium.fundacja-hereditas.pl\/wp-content\/uploads\/2024\/05\/PiotrPrusakiewicz_Radomska20_Warszawa_zejscie_do_wyjscia_ewakuacyjnego-151x300.jpg 151w, http:\/\/lapidarium.fundacja-hereditas.pl\/wp-content\/uploads\/2024\/05\/PiotrPrusakiewicz_Radomska20_Warszawa_zejscie_do_wyjscia_ewakuacyjnego-768x1529.jpg 768w, http:\/\/lapidarium.fundacja-hereditas.pl\/wp-content\/uploads\/2024\/05\/PiotrPrusakiewicz_Radomska20_Warszawa_zejscie_do_wyjscia_ewakuacyjnego-771x1536.jpg 771w, http:\/\/lapidarium.fundacja-hereditas.pl\/wp-content\/uploads\/2024\/05\/PiotrPrusakiewicz_Radomska20_Warszawa_zejscie_do_wyjscia_ewakuacyjnego-1029x2048.jpg 1029w, http:\/\/lapidarium.fundacja-hereditas.pl\/wp-content\/uploads\/2024\/05\/PiotrPrusakiewicz_Radomska20_Warszawa_zejscie_do_wyjscia_ewakuacyjnego-150x299.jpg 150w, http:\/\/lapidarium.fundacja-hereditas.pl\/wp-content\/uploads\/2024\/05\/PiotrPrusakiewicz_Radomska20_Warszawa_zejscie_do_wyjscia_ewakuacyjnego-300x597.jpg 300w, http:\/\/lapidarium.fundacja-hereditas.pl\/wp-content\/uploads\/2024\/05\/PiotrPrusakiewicz_Radomska20_Warszawa_zejscie_do_wyjscia_ewakuacyjnego-696x1386.jpg 696w, http:\/\/lapidarium.fundacja-hereditas.pl\/wp-content\/uploads\/2024\/05\/PiotrPrusakiewicz_Radomska20_Warszawa_zejscie_do_wyjscia_ewakuacyjnego-1068x2126.jpg 1068w, http:\/\/lapidarium.fundacja-hereditas.pl\/wp-content\/uploads\/2024\/05\/PiotrPrusakiewicz_Radomska20_Warszawa_zejscie_do_wyjscia_ewakuacyjnego-scaled.jpg 1286w\" sizes=\"auto, (max-width: 514px) 100vw, 514px\" \/><\/a><figcaption class=\"wp-element-caption\">Hall &#8211; widok ku wyj\u015bciu na ul. Radomsk\u0105. Fot. Piotr Prusakiewicz, 2023 r., \u017ar\u00f3d\u0142o: MWKZ.<\/figcaption><\/figure>\n\n\n\n<figure class=\"wp-block-image size-large\"><a href=\"http:\/\/lapidarium.fundacja-hereditas.pl\/wp-content\/uploads\/2024\/05\/E_Dziedziniewicz-Rapca_Warszawa_Radomska_20_wejscie_wysoki_parter_posadzka-scaled.jpg\"><img loading=\"lazy\" decoding=\"async\" width=\"1024\" height=\"758\" data-id=\"25217\" src=\"http:\/\/lapidarium.fundacja-hereditas.pl\/wp-content\/uploads\/2024\/05\/E_Dziedziniewicz-Rapca_Warszawa_Radomska_20_wejscie_wysoki_parter_posadzka-1024x758.jpg\" alt=\"\" class=\"wp-image-25217\" srcset=\"http:\/\/lapidarium.fundacja-hereditas.pl\/wp-content\/uploads\/2024\/05\/E_Dziedziniewicz-Rapca_Warszawa_Radomska_20_wejscie_wysoki_parter_posadzka-1024x758.jpg 1024w, http:\/\/lapidarium.fundacja-hereditas.pl\/wp-content\/uploads\/2024\/05\/E_Dziedziniewicz-Rapca_Warszawa_Radomska_20_wejscie_wysoki_parter_posadzka-300x222.jpg 300w, http:\/\/lapidarium.fundacja-hereditas.pl\/wp-content\/uploads\/2024\/05\/E_Dziedziniewicz-Rapca_Warszawa_Radomska_20_wejscie_wysoki_parter_posadzka-768x568.jpg 768w, http:\/\/lapidarium.fundacja-hereditas.pl\/wp-content\/uploads\/2024\/05\/E_Dziedziniewicz-Rapca_Warszawa_Radomska_20_wejscie_wysoki_parter_posadzka-1536x1137.jpg 1536w, http:\/\/lapidarium.fundacja-hereditas.pl\/wp-content\/uploads\/2024\/05\/E_Dziedziniewicz-Rapca_Warszawa_Radomska_20_wejscie_wysoki_parter_posadzka-2048x1515.jpg 2048w, http:\/\/lapidarium.fundacja-hereditas.pl\/wp-content\/uploads\/2024\/05\/E_Dziedziniewicz-Rapca_Warszawa_Radomska_20_wejscie_wysoki_parter_posadzka-150x111.jpg 150w, http:\/\/lapidarium.fundacja-hereditas.pl\/wp-content\/uploads\/2024\/05\/E_Dziedziniewicz-Rapca_Warszawa_Radomska_20_wejscie_wysoki_parter_posadzka-485x360.jpg 485w, http:\/\/lapidarium.fundacja-hereditas.pl\/wp-content\/uploads\/2024\/05\/E_Dziedziniewicz-Rapca_Warszawa_Radomska_20_wejscie_wysoki_parter_posadzka-696x515.jpg 696w, http:\/\/lapidarium.fundacja-hereditas.pl\/wp-content\/uploads\/2024\/05\/E_Dziedziniewicz-Rapca_Warszawa_Radomska_20_wejscie_wysoki_parter_posadzka-1068x790.jpg 1068w, http:\/\/lapidarium.fundacja-hereditas.pl\/wp-content\/uploads\/2024\/05\/E_Dziedziniewicz-Rapca_Warszawa_Radomska_20_wejscie_wysoki_parter_posadzka-1920x1421.jpg 1920w\" sizes=\"auto, (max-width: 1024px) 100vw, 1024px\" \/><\/a><figcaption class=\"wp-element-caption\">Hall &#8211; posadzka wysokiego parteru (lastrico). Widok ku wyj\u015bciu na ul. Kopi\u0144sk\u0105. Fot. Ewa Dziedziniewicz-R\u0105pca, 2023 r., \u017ar\u00f3d\u0142o: MWKZ.<\/figcaption><\/figure>\n\n\n\n<figure class=\"wp-block-image size-large\"><a href=\"http:\/\/lapidarium.fundacja-hereditas.pl\/wp-content\/uploads\/2024\/05\/PiotrPrusakiewicz_Radomska20_Warszawa_wzor_lastriko_hall_glowny-scaled.jpg\"><img loading=\"lazy\" decoding=\"async\" width=\"1024\" height=\"486\" data-id=\"25223\" src=\"http:\/\/lapidarium.fundacja-hereditas.pl\/wp-content\/uploads\/2024\/05\/PiotrPrusakiewicz_Radomska20_Warszawa_wzor_lastriko_hall_glowny-1024x486.jpg\" alt=\"\" class=\"wp-image-25223\" srcset=\"http:\/\/lapidarium.fundacja-hereditas.pl\/wp-content\/uploads\/2024\/05\/PiotrPrusakiewicz_Radomska20_Warszawa_wzor_lastriko_hall_glowny-1024x486.jpg 1024w, http:\/\/lapidarium.fundacja-hereditas.pl\/wp-content\/uploads\/2024\/05\/PiotrPrusakiewicz_Radomska20_Warszawa_wzor_lastriko_hall_glowny-300x142.jpg 300w, http:\/\/lapidarium.fundacja-hereditas.pl\/wp-content\/uploads\/2024\/05\/PiotrPrusakiewicz_Radomska20_Warszawa_wzor_lastriko_hall_glowny-768x365.jpg 768w, http:\/\/lapidarium.fundacja-hereditas.pl\/wp-content\/uploads\/2024\/05\/PiotrPrusakiewicz_Radomska20_Warszawa_wzor_lastriko_hall_glowny-1536x729.jpg 1536w, http:\/\/lapidarium.fundacja-hereditas.pl\/wp-content\/uploads\/2024\/05\/PiotrPrusakiewicz_Radomska20_Warszawa_wzor_lastriko_hall_glowny-2048x972.jpg 2048w, http:\/\/lapidarium.fundacja-hereditas.pl\/wp-content\/uploads\/2024\/05\/PiotrPrusakiewicz_Radomska20_Warszawa_wzor_lastriko_hall_glowny-150x71.jpg 150w, http:\/\/lapidarium.fundacja-hereditas.pl\/wp-content\/uploads\/2024\/05\/PiotrPrusakiewicz_Radomska20_Warszawa_wzor_lastriko_hall_glowny-696x330.jpg 696w, http:\/\/lapidarium.fundacja-hereditas.pl\/wp-content\/uploads\/2024\/05\/PiotrPrusakiewicz_Radomska20_Warszawa_wzor_lastriko_hall_glowny-1068x507.jpg 1068w, http:\/\/lapidarium.fundacja-hereditas.pl\/wp-content\/uploads\/2024\/05\/PiotrPrusakiewicz_Radomska20_Warszawa_wzor_lastriko_hall_glowny-1920x911.jpg 1920w\" sizes=\"auto, (max-width: 1024px) 100vw, 1024px\" \/><\/a><figcaption class=\"wp-element-caption\">Hall &#8211; posadzka wysokiego parteru (lastrico). Fot. Piotr Prusakiewicz, 2023 r., \u017ar\u00f3d\u0142o: MWKZ.<\/figcaption><\/figure>\n\n\n\n<figure class=\"wp-block-image size-large\"><a href=\"http:\/\/lapidarium.fundacja-hereditas.pl\/wp-content\/uploads\/2024\/05\/E_Dziedziniewicz-Rapca_Warszawa_Radomska_20_wejscie_wysoki_parter_caly_hol-scaled.jpg\"><img loading=\"lazy\" decoding=\"async\" width=\"806\" height=\"1024\" data-id=\"25216\" src=\"http:\/\/lapidarium.fundacja-hereditas.pl\/wp-content\/uploads\/2024\/05\/E_Dziedziniewicz-Rapca_Warszawa_Radomska_20_wejscie_wysoki_parter_caly_hol-806x1024.jpg\" alt=\"\" class=\"wp-image-25216\" srcset=\"http:\/\/lapidarium.fundacja-hereditas.pl\/wp-content\/uploads\/2024\/05\/E_Dziedziniewicz-Rapca_Warszawa_Radomska_20_wejscie_wysoki_parter_caly_hol-806x1024.jpg 806w, http:\/\/lapidarium.fundacja-hereditas.pl\/wp-content\/uploads\/2024\/05\/E_Dziedziniewicz-Rapca_Warszawa_Radomska_20_wejscie_wysoki_parter_caly_hol-236x300.jpg 236w, http:\/\/lapidarium.fundacja-hereditas.pl\/wp-content\/uploads\/2024\/05\/E_Dziedziniewicz-Rapca_Warszawa_Radomska_20_wejscie_wysoki_parter_caly_hol-768x975.jpg 768w, http:\/\/lapidarium.fundacja-hereditas.pl\/wp-content\/uploads\/2024\/05\/E_Dziedziniewicz-Rapca_Warszawa_Radomska_20_wejscie_wysoki_parter_caly_hol-1210x1536.jpg 1210w, http:\/\/lapidarium.fundacja-hereditas.pl\/wp-content\/uploads\/2024\/05\/E_Dziedziniewicz-Rapca_Warszawa_Radomska_20_wejscie_wysoki_parter_caly_hol-1613x2048.jpg 1613w, http:\/\/lapidarium.fundacja-hereditas.pl\/wp-content\/uploads\/2024\/05\/E_Dziedziniewicz-Rapca_Warszawa_Radomska_20_wejscie_wysoki_parter_caly_hol-150x190.jpg 150w, http:\/\/lapidarium.fundacja-hereditas.pl\/wp-content\/uploads\/2024\/05\/E_Dziedziniewicz-Rapca_Warszawa_Radomska_20_wejscie_wysoki_parter_caly_hol-300x381.jpg 300w, http:\/\/lapidarium.fundacja-hereditas.pl\/wp-content\/uploads\/2024\/05\/E_Dziedziniewicz-Rapca_Warszawa_Radomska_20_wejscie_wysoki_parter_caly_hol-696x884.jpg 696w, http:\/\/lapidarium.fundacja-hereditas.pl\/wp-content\/uploads\/2024\/05\/E_Dziedziniewicz-Rapca_Warszawa_Radomska_20_wejscie_wysoki_parter_caly_hol-1068x1356.jpg 1068w, http:\/\/lapidarium.fundacja-hereditas.pl\/wp-content\/uploads\/2024\/05\/E_Dziedziniewicz-Rapca_Warszawa_Radomska_20_wejscie_wysoki_parter_caly_hol-1920x2438.jpg 1920w, http:\/\/lapidarium.fundacja-hereditas.pl\/wp-content\/uploads\/2024\/05\/E_Dziedziniewicz-Rapca_Warszawa_Radomska_20_wejscie_wysoki_parter_caly_hol-scaled.jpg 2016w\" sizes=\"auto, (max-width: 806px) 100vw, 806px\" \/><\/a><figcaption class=\"wp-element-caption\">Hall. Wysoki parter. Widok ku wyj\u015bciu na ul. Kopi\u0144sk\u0105. Fot. Ewa Dziedziniewicz-R\u0105pca, 2023 r., \u017ar\u00f3d\u0142o: MWKZ.<\/figcaption><\/figure>\n\n\n\n<figure class=\"wp-block-image size-large\"><a href=\"http:\/\/lapidarium.fundacja-hereditas.pl\/wp-content\/uploads\/2024\/05\/E_Dziedziniewicz-Rapca_Warszawa_Radomska_20_wejscie_sciana_hol_schody-scaled.jpg\"><img loading=\"lazy\" decoding=\"async\" width=\"1024\" height=\"772\" data-id=\"25213\" src=\"http:\/\/lapidarium.fundacja-hereditas.pl\/wp-content\/uploads\/2024\/05\/E_Dziedziniewicz-Rapca_Warszawa_Radomska_20_wejscie_sciana_hol_schody-1024x772.jpg\" alt=\"\" class=\"wp-image-25213\" srcset=\"http:\/\/lapidarium.fundacja-hereditas.pl\/wp-content\/uploads\/2024\/05\/E_Dziedziniewicz-Rapca_Warszawa_Radomska_20_wejscie_sciana_hol_schody-1024x772.jpg 1024w, http:\/\/lapidarium.fundacja-hereditas.pl\/wp-content\/uploads\/2024\/05\/E_Dziedziniewicz-Rapca_Warszawa_Radomska_20_wejscie_sciana_hol_schody-300x226.jpg 300w, http:\/\/lapidarium.fundacja-hereditas.pl\/wp-content\/uploads\/2024\/05\/E_Dziedziniewicz-Rapca_Warszawa_Radomska_20_wejscie_sciana_hol_schody-768x579.jpg 768w, http:\/\/lapidarium.fundacja-hereditas.pl\/wp-content\/uploads\/2024\/05\/E_Dziedziniewicz-Rapca_Warszawa_Radomska_20_wejscie_sciana_hol_schody-1536x1159.jpg 1536w, http:\/\/lapidarium.fundacja-hereditas.pl\/wp-content\/uploads\/2024\/05\/E_Dziedziniewicz-Rapca_Warszawa_Radomska_20_wejscie_sciana_hol_schody-2048x1545.jpg 2048w, http:\/\/lapidarium.fundacja-hereditas.pl\/wp-content\/uploads\/2024\/05\/E_Dziedziniewicz-Rapca_Warszawa_Radomska_20_wejscie_sciana_hol_schody-150x113.jpg 150w, http:\/\/lapidarium.fundacja-hereditas.pl\/wp-content\/uploads\/2024\/05\/E_Dziedziniewicz-Rapca_Warszawa_Radomska_20_wejscie_sciana_hol_schody-696x525.jpg 696w, http:\/\/lapidarium.fundacja-hereditas.pl\/wp-content\/uploads\/2024\/05\/E_Dziedziniewicz-Rapca_Warszawa_Radomska_20_wejscie_sciana_hol_schody-1068x806.jpg 1068w, http:\/\/lapidarium.fundacja-hereditas.pl\/wp-content\/uploads\/2024\/05\/E_Dziedziniewicz-Rapca_Warszawa_Radomska_20_wejscie_sciana_hol_schody-1920x1448.jpg 1920w\" sizes=\"auto, (max-width: 1024px) 100vw, 1024px\" \/><\/a><figcaption class=\"wp-element-caption\">Hall. Wysoki parter. Widok ku wyj\u015bciu na ul. Kopi\u0144sk\u0105. Fot. Ewa Dziedziniewicz-R\u0105pca, 2023 r., \u017ar\u00f3d\u0142o: MWKZ.<\/figcaption><\/figure>\n\n\n\n<figure class=\"wp-block-image size-large\"><a href=\"http:\/\/lapidarium.fundacja-hereditas.pl\/wp-content\/uploads\/2024\/05\/E_Dziedziniewicz-Rapca_Warszawa_Radomska_20_wejscie_sciana_hol_porecz-scaled.jpg\"><img loading=\"lazy\" decoding=\"async\" width=\"776\" height=\"1024\" data-id=\"25212\" src=\"http:\/\/lapidarium.fundacja-hereditas.pl\/wp-content\/uploads\/2024\/05\/E_Dziedziniewicz-Rapca_Warszawa_Radomska_20_wejscie_sciana_hol_porecz-776x1024.jpg\" alt=\"\" class=\"wp-image-25212\" srcset=\"http:\/\/lapidarium.fundacja-hereditas.pl\/wp-content\/uploads\/2024\/05\/E_Dziedziniewicz-Rapca_Warszawa_Radomska_20_wejscie_sciana_hol_porecz-776x1024.jpg 776w, http:\/\/lapidarium.fundacja-hereditas.pl\/wp-content\/uploads\/2024\/05\/E_Dziedziniewicz-Rapca_Warszawa_Radomska_20_wejscie_sciana_hol_porecz-227x300.jpg 227w, http:\/\/lapidarium.fundacja-hereditas.pl\/wp-content\/uploads\/2024\/05\/E_Dziedziniewicz-Rapca_Warszawa_Radomska_20_wejscie_sciana_hol_porecz-768x1014.jpg 768w, http:\/\/lapidarium.fundacja-hereditas.pl\/wp-content\/uploads\/2024\/05\/E_Dziedziniewicz-Rapca_Warszawa_Radomska_20_wejscie_sciana_hol_porecz-1164x1536.jpg 1164w, http:\/\/lapidarium.fundacja-hereditas.pl\/wp-content\/uploads\/2024\/05\/E_Dziedziniewicz-Rapca_Warszawa_Radomska_20_wejscie_sciana_hol_porecz-1552x2048.jpg 1552w, http:\/\/lapidarium.fundacja-hereditas.pl\/wp-content\/uploads\/2024\/05\/E_Dziedziniewicz-Rapca_Warszawa_Radomska_20_wejscie_sciana_hol_porecz-150x198.jpg 150w, http:\/\/lapidarium.fundacja-hereditas.pl\/wp-content\/uploads\/2024\/05\/E_Dziedziniewicz-Rapca_Warszawa_Radomska_20_wejscie_sciana_hol_porecz-300x396.jpg 300w, http:\/\/lapidarium.fundacja-hereditas.pl\/wp-content\/uploads\/2024\/05\/E_Dziedziniewicz-Rapca_Warszawa_Radomska_20_wejscie_sciana_hol_porecz-696x919.jpg 696w, http:\/\/lapidarium.fundacja-hereditas.pl\/wp-content\/uploads\/2024\/05\/E_Dziedziniewicz-Rapca_Warszawa_Radomska_20_wejscie_sciana_hol_porecz-1068x1410.jpg 1068w, http:\/\/lapidarium.fundacja-hereditas.pl\/wp-content\/uploads\/2024\/05\/E_Dziedziniewicz-Rapca_Warszawa_Radomska_20_wejscie_sciana_hol_porecz-1920x2534.jpg 1920w, http:\/\/lapidarium.fundacja-hereditas.pl\/wp-content\/uploads\/2024\/05\/E_Dziedziniewicz-Rapca_Warszawa_Radomska_20_wejscie_sciana_hol_porecz-scaled.jpg 1940w\" sizes=\"auto, (max-width: 776px) 100vw, 776px\" \/><\/a><figcaption class=\"wp-element-caption\">Hall. Por\u0119cz przy schodkach na wysoki parter. Fot. Ewa Dziedziniewicz-R\u0105pca, 2023 r., \u017ar\u00f3d\u0142o: MWKZ.<\/figcaption><\/figure>\n\n\n\n<figure class=\"wp-block-image size-large\"><a href=\"http:\/\/lapidarium.fundacja-hereditas.pl\/wp-content\/uploads\/2024\/05\/E_Dziedziniewicz-Rapca_Warszawa_Radomska_20_wejscie_sciana_hol_schody_porecz-scaled.jpg\"><img loading=\"lazy\" decoding=\"async\" width=\"1024\" height=\"730\" data-id=\"25214\" src=\"http:\/\/lapidarium.fundacja-hereditas.pl\/wp-content\/uploads\/2024\/05\/E_Dziedziniewicz-Rapca_Warszawa_Radomska_20_wejscie_sciana_hol_schody_porecz-1024x730.jpg\" alt=\"\" class=\"wp-image-25214\" srcset=\"http:\/\/lapidarium.fundacja-hereditas.pl\/wp-content\/uploads\/2024\/05\/E_Dziedziniewicz-Rapca_Warszawa_Radomska_20_wejscie_sciana_hol_schody_porecz-1024x730.jpg 1024w, http:\/\/lapidarium.fundacja-hereditas.pl\/wp-content\/uploads\/2024\/05\/E_Dziedziniewicz-Rapca_Warszawa_Radomska_20_wejscie_sciana_hol_schody_porecz-300x214.jpg 300w, http:\/\/lapidarium.fundacja-hereditas.pl\/wp-content\/uploads\/2024\/05\/E_Dziedziniewicz-Rapca_Warszawa_Radomska_20_wejscie_sciana_hol_schody_porecz-768x548.jpg 768w, http:\/\/lapidarium.fundacja-hereditas.pl\/wp-content\/uploads\/2024\/05\/E_Dziedziniewicz-Rapca_Warszawa_Radomska_20_wejscie_sciana_hol_schody_porecz-1536x1096.jpg 1536w, http:\/\/lapidarium.fundacja-hereditas.pl\/wp-content\/uploads\/2024\/05\/E_Dziedziniewicz-Rapca_Warszawa_Radomska_20_wejscie_sciana_hol_schody_porecz-2048x1461.jpg 2048w, http:\/\/lapidarium.fundacja-hereditas.pl\/wp-content\/uploads\/2024\/05\/E_Dziedziniewicz-Rapca_Warszawa_Radomska_20_wejscie_sciana_hol_schody_porecz-150x107.jpg 150w, http:\/\/lapidarium.fundacja-hereditas.pl\/wp-content\/uploads\/2024\/05\/E_Dziedziniewicz-Rapca_Warszawa_Radomska_20_wejscie_sciana_hol_schody_porecz-696x496.jpg 696w, http:\/\/lapidarium.fundacja-hereditas.pl\/wp-content\/uploads\/2024\/05\/E_Dziedziniewicz-Rapca_Warszawa_Radomska_20_wejscie_sciana_hol_schody_porecz-1068x762.jpg 1068w, http:\/\/lapidarium.fundacja-hereditas.pl\/wp-content\/uploads\/2024\/05\/E_Dziedziniewicz-Rapca_Warszawa_Radomska_20_wejscie_sciana_hol_schody_porecz-1920x1370.jpg 1920w\" sizes=\"auto, (max-width: 1024px) 100vw, 1024px\" \/><\/a><figcaption class=\"wp-element-caption\">Hall. Por\u0119cz przy schodkach na wysoki parter. Fot. Ewa Dziedziniewicz-R\u0105pca, 2023 r., \u017ar\u00f3d\u0142o: MWKZ.<\/figcaption><\/figure>\n\n\n\n<figure class=\"wp-block-image size-large\"><a href=\"http:\/\/lapidarium.fundacja-hereditas.pl\/wp-content\/uploads\/2024\/05\/PiotrPrusakiewicz_Radomska20_Warszawa_hall_glowny_scienne_plyty_marmurowe-scaled.jpg\"><img loading=\"lazy\" decoding=\"async\" width=\"479\" height=\"1024\" data-id=\"25221\" src=\"http:\/\/lapidarium.fundacja-hereditas.pl\/wp-content\/uploads\/2024\/05\/PiotrPrusakiewicz_Radomska20_Warszawa_hall_glowny_scienne_plyty_marmurowe-479x1024.jpg\" alt=\"\" class=\"wp-image-25221\" srcset=\"http:\/\/lapidarium.fundacja-hereditas.pl\/wp-content\/uploads\/2024\/05\/PiotrPrusakiewicz_Radomska20_Warszawa_hall_glowny_scienne_plyty_marmurowe-479x1024.jpg 479w, http:\/\/lapidarium.fundacja-hereditas.pl\/wp-content\/uploads\/2024\/05\/PiotrPrusakiewicz_Radomska20_Warszawa_hall_glowny_scienne_plyty_marmurowe-140x300.jpg 140w, http:\/\/lapidarium.fundacja-hereditas.pl\/wp-content\/uploads\/2024\/05\/PiotrPrusakiewicz_Radomska20_Warszawa_hall_glowny_scienne_plyty_marmurowe-768x1643.jpg 768w, http:\/\/lapidarium.fundacja-hereditas.pl\/wp-content\/uploads\/2024\/05\/PiotrPrusakiewicz_Radomska20_Warszawa_hall_glowny_scienne_plyty_marmurowe-718x1536.jpg 718w, http:\/\/lapidarium.fundacja-hereditas.pl\/wp-content\/uploads\/2024\/05\/PiotrPrusakiewicz_Radomska20_Warszawa_hall_glowny_scienne_plyty_marmurowe-957x2048.jpg 957w, http:\/\/lapidarium.fundacja-hereditas.pl\/wp-content\/uploads\/2024\/05\/PiotrPrusakiewicz_Radomska20_Warszawa_hall_glowny_scienne_plyty_marmurowe-150x321.jpg 150w, http:\/\/lapidarium.fundacja-hereditas.pl\/wp-content\/uploads\/2024\/05\/PiotrPrusakiewicz_Radomska20_Warszawa_hall_glowny_scienne_plyty_marmurowe-300x642.jpg 300w, http:\/\/lapidarium.fundacja-hereditas.pl\/wp-content\/uploads\/2024\/05\/PiotrPrusakiewicz_Radomska20_Warszawa_hall_glowny_scienne_plyty_marmurowe-696x1489.jpg 696w, http:\/\/lapidarium.fundacja-hereditas.pl\/wp-content\/uploads\/2024\/05\/PiotrPrusakiewicz_Radomska20_Warszawa_hall_glowny_scienne_plyty_marmurowe-1068x2285.jpg 1068w, http:\/\/lapidarium.fundacja-hereditas.pl\/wp-content\/uploads\/2024\/05\/PiotrPrusakiewicz_Radomska20_Warszawa_hall_glowny_scienne_plyty_marmurowe-scaled.jpg 1196w\" sizes=\"auto, (max-width: 479px) 100vw, 479px\" \/><\/a><figcaption class=\"wp-element-caption\">Hall &#8211; kamienna ok\u0142adzina \u015bcian. Fot. Piotr Prusakiewicz, 2023 r., \u017ar\u00f3d\u0142o: MWKZ.<\/figcaption><\/figure>\n\n\n\n<figure class=\"wp-block-image size-large\"><a href=\"http:\/\/lapidarium.fundacja-hereditas.pl\/wp-content\/uploads\/2024\/05\/E_Dziedziniewicz-Rapca_Warszawa_Radomska_20_wejscie_sciana_detal-scaled.jpg\"><img loading=\"lazy\" decoding=\"async\" width=\"1024\" height=\"758\" data-id=\"25211\" src=\"http:\/\/lapidarium.fundacja-hereditas.pl\/wp-content\/uploads\/2024\/05\/E_Dziedziniewicz-Rapca_Warszawa_Radomska_20_wejscie_sciana_detal-1024x758.jpg\" alt=\"\" class=\"wp-image-25211\" srcset=\"http:\/\/lapidarium.fundacja-hereditas.pl\/wp-content\/uploads\/2024\/05\/E_Dziedziniewicz-Rapca_Warszawa_Radomska_20_wejscie_sciana_detal-1024x758.jpg 1024w, http:\/\/lapidarium.fundacja-hereditas.pl\/wp-content\/uploads\/2024\/05\/E_Dziedziniewicz-Rapca_Warszawa_Radomska_20_wejscie_sciana_detal-300x222.jpg 300w, http:\/\/lapidarium.fundacja-hereditas.pl\/wp-content\/uploads\/2024\/05\/E_Dziedziniewicz-Rapca_Warszawa_Radomska_20_wejscie_sciana_detal-768x568.jpg 768w, http:\/\/lapidarium.fundacja-hereditas.pl\/wp-content\/uploads\/2024\/05\/E_Dziedziniewicz-Rapca_Warszawa_Radomska_20_wejscie_sciana_detal-1536x1136.jpg 1536w, http:\/\/lapidarium.fundacja-hereditas.pl\/wp-content\/uploads\/2024\/05\/E_Dziedziniewicz-Rapca_Warszawa_Radomska_20_wejscie_sciana_detal-2048x1515.jpg 2048w, http:\/\/lapidarium.fundacja-hereditas.pl\/wp-content\/uploads\/2024\/05\/E_Dziedziniewicz-Rapca_Warszawa_Radomska_20_wejscie_sciana_detal-150x111.jpg 150w, http:\/\/lapidarium.fundacja-hereditas.pl\/wp-content\/uploads\/2024\/05\/E_Dziedziniewicz-Rapca_Warszawa_Radomska_20_wejscie_sciana_detal-485x360.jpg 485w, http:\/\/lapidarium.fundacja-hereditas.pl\/wp-content\/uploads\/2024\/05\/E_Dziedziniewicz-Rapca_Warszawa_Radomska_20_wejscie_sciana_detal-696x515.jpg 696w, http:\/\/lapidarium.fundacja-hereditas.pl\/wp-content\/uploads\/2024\/05\/E_Dziedziniewicz-Rapca_Warszawa_Radomska_20_wejscie_sciana_detal-1068x790.jpg 1068w, http:\/\/lapidarium.fundacja-hereditas.pl\/wp-content\/uploads\/2024\/05\/E_Dziedziniewicz-Rapca_Warszawa_Radomska_20_wejscie_sciana_detal-1920x1421.jpg 1920w\" sizes=\"auto, (max-width: 1024px) 100vw, 1024px\" \/><\/a><figcaption class=\"wp-element-caption\">Hall. Kamienna ok\u0142adzina \u015bcian. Fot. Ewa Dziedziniewicz-R\u0105pca, 2023 r., \u017ar\u00f3d\u0142o: MWKZ.<\/figcaption><\/figure>\n\n\n\n<figure class=\"wp-block-image size-large\"><a href=\"http:\/\/lapidarium.fundacja-hereditas.pl\/wp-content\/uploads\/2024\/05\/E_Dziedziniewicz-Rapca_Warszawa_Radomska_20_wejscie_schody_sciana-scaled.jpg\"><img loading=\"lazy\" decoding=\"async\" width=\"732\" height=\"1024\" data-id=\"25210\" src=\"http:\/\/lapidarium.fundacja-hereditas.pl\/wp-content\/uploads\/2024\/05\/E_Dziedziniewicz-Rapca_Warszawa_Radomska_20_wejscie_schody_sciana-732x1024.jpg\" alt=\"\" class=\"wp-image-25210\" srcset=\"http:\/\/lapidarium.fundacja-hereditas.pl\/wp-content\/uploads\/2024\/05\/E_Dziedziniewicz-Rapca_Warszawa_Radomska_20_wejscie_schody_sciana-732x1024.jpg 732w, http:\/\/lapidarium.fundacja-hereditas.pl\/wp-content\/uploads\/2024\/05\/E_Dziedziniewicz-Rapca_Warszawa_Radomska_20_wejscie_schody_sciana-214x300.jpg 214w, http:\/\/lapidarium.fundacja-hereditas.pl\/wp-content\/uploads\/2024\/05\/E_Dziedziniewicz-Rapca_Warszawa_Radomska_20_wejscie_schody_sciana-768x1074.jpg 768w, http:\/\/lapidarium.fundacja-hereditas.pl\/wp-content\/uploads\/2024\/05\/E_Dziedziniewicz-Rapca_Warszawa_Radomska_20_wejscie_schody_sciana-1098x1536.jpg 1098w, http:\/\/lapidarium.fundacja-hereditas.pl\/wp-content\/uploads\/2024\/05\/E_Dziedziniewicz-Rapca_Warszawa_Radomska_20_wejscie_schody_sciana-1464x2048.jpg 1464w, http:\/\/lapidarium.fundacja-hereditas.pl\/wp-content\/uploads\/2024\/05\/E_Dziedziniewicz-Rapca_Warszawa_Radomska_20_wejscie_schody_sciana-150x210.jpg 150w, http:\/\/lapidarium.fundacja-hereditas.pl\/wp-content\/uploads\/2024\/05\/E_Dziedziniewicz-Rapca_Warszawa_Radomska_20_wejscie_schody_sciana-300x420.jpg 300w, http:\/\/lapidarium.fundacja-hereditas.pl\/wp-content\/uploads\/2024\/05\/E_Dziedziniewicz-Rapca_Warszawa_Radomska_20_wejscie_schody_sciana-696x974.jpg 696w, http:\/\/lapidarium.fundacja-hereditas.pl\/wp-content\/uploads\/2024\/05\/E_Dziedziniewicz-Rapca_Warszawa_Radomska_20_wejscie_schody_sciana-1068x1494.jpg 1068w, http:\/\/lapidarium.fundacja-hereditas.pl\/wp-content\/uploads\/2024\/05\/E_Dziedziniewicz-Rapca_Warszawa_Radomska_20_wejscie_schody_sciana-1920x2686.jpg 1920w, http:\/\/lapidarium.fundacja-hereditas.pl\/wp-content\/uploads\/2024\/05\/E_Dziedziniewicz-Rapca_Warszawa_Radomska_20_wejscie_schody_sciana-scaled.jpg 1830w\" sizes=\"auto, (max-width: 732px) 100vw, 732px\" \/><\/a><figcaption class=\"wp-element-caption\">Hall. Kamienna ok\u0142adzina \u015bcian. Fot. Ewa Dziedziniewicz-R\u0105pca, 2023 r., \u017ar\u00f3d\u0142o: MWKZ.<\/figcaption><\/figure>\n\n\n\n<figure class=\"wp-block-image size-large\"><a href=\"http:\/\/lapidarium.fundacja-hereditas.pl\/wp-content\/uploads\/2024\/05\/PiotrPrusakiewicz_Radomska20_Warszawa_hall_glowny_wzor_lastriko-scaled.jpg\"><img loading=\"lazy\" decoding=\"async\" width=\"1024\" height=\"464\" data-id=\"25222\" src=\"http:\/\/lapidarium.fundacja-hereditas.pl\/wp-content\/uploads\/2024\/05\/PiotrPrusakiewicz_Radomska20_Warszawa_hall_glowny_wzor_lastriko-1024x464.jpg\" alt=\"\" class=\"wp-image-25222\" srcset=\"http:\/\/lapidarium.fundacja-hereditas.pl\/wp-content\/uploads\/2024\/05\/PiotrPrusakiewicz_Radomska20_Warszawa_hall_glowny_wzor_lastriko-1024x464.jpg 1024w, http:\/\/lapidarium.fundacja-hereditas.pl\/wp-content\/uploads\/2024\/05\/PiotrPrusakiewicz_Radomska20_Warszawa_hall_glowny_wzor_lastriko-300x136.jpg 300w, http:\/\/lapidarium.fundacja-hereditas.pl\/wp-content\/uploads\/2024\/05\/PiotrPrusakiewicz_Radomska20_Warszawa_hall_glowny_wzor_lastriko-768x348.jpg 768w, http:\/\/lapidarium.fundacja-hereditas.pl\/wp-content\/uploads\/2024\/05\/PiotrPrusakiewicz_Radomska20_Warszawa_hall_glowny_wzor_lastriko-1536x696.jpg 1536w, http:\/\/lapidarium.fundacja-hereditas.pl\/wp-content\/uploads\/2024\/05\/PiotrPrusakiewicz_Radomska20_Warszawa_hall_glowny_wzor_lastriko-2048x927.jpg 2048w, http:\/\/lapidarium.fundacja-hereditas.pl\/wp-content\/uploads\/2024\/05\/PiotrPrusakiewicz_Radomska20_Warszawa_hall_glowny_wzor_lastriko-150x68.jpg 150w, http:\/\/lapidarium.fundacja-hereditas.pl\/wp-content\/uploads\/2024\/05\/PiotrPrusakiewicz_Radomska20_Warszawa_hall_glowny_wzor_lastriko-696x315.jpg 696w, http:\/\/lapidarium.fundacja-hereditas.pl\/wp-content\/uploads\/2024\/05\/PiotrPrusakiewicz_Radomska20_Warszawa_hall_glowny_wzor_lastriko-1068x484.jpg 1068w, http:\/\/lapidarium.fundacja-hereditas.pl\/wp-content\/uploads\/2024\/05\/PiotrPrusakiewicz_Radomska20_Warszawa_hall_glowny_wzor_lastriko-1920x869.jpg 1920w\" sizes=\"auto, (max-width: 1024px) 100vw, 1024px\" \/><\/a><figcaption class=\"wp-element-caption\">Hall &#8211; posadzka wysokiego parteru (lastrico). Fot. Piotr Prusakiewicz, 2023 r., \u017ar\u00f3d\u0142o: MWKZ.<\/figcaption><\/figure>\n\n\n\n<figure class=\"wp-block-image size-large\"><a href=\"http:\/\/lapidarium.fundacja-hereditas.pl\/wp-content\/uploads\/2024\/05\/E_Dziedziniewicz-Rapca_Warszawa_Radomska_20_wejscie_wysoki_parter_posadzka_przy_schodach-scaled.jpg\"><img loading=\"lazy\" decoding=\"async\" width=\"1024\" height=\"766\" data-id=\"25218\" src=\"http:\/\/lapidarium.fundacja-hereditas.pl\/wp-content\/uploads\/2024\/05\/E_Dziedziniewicz-Rapca_Warszawa_Radomska_20_wejscie_wysoki_parter_posadzka_przy_schodach-1024x766.jpg\" alt=\"\" class=\"wp-image-25218\" srcset=\"http:\/\/lapidarium.fundacja-hereditas.pl\/wp-content\/uploads\/2024\/05\/E_Dziedziniewicz-Rapca_Warszawa_Radomska_20_wejscie_wysoki_parter_posadzka_przy_schodach-1024x766.jpg 1024w, http:\/\/lapidarium.fundacja-hereditas.pl\/wp-content\/uploads\/2024\/05\/E_Dziedziniewicz-Rapca_Warszawa_Radomska_20_wejscie_wysoki_parter_posadzka_przy_schodach-300x225.jpg 300w, http:\/\/lapidarium.fundacja-hereditas.pl\/wp-content\/uploads\/2024\/05\/E_Dziedziniewicz-Rapca_Warszawa_Radomska_20_wejscie_wysoki_parter_posadzka_przy_schodach-768x575.jpg 768w, http:\/\/lapidarium.fundacja-hereditas.pl\/wp-content\/uploads\/2024\/05\/E_Dziedziniewicz-Rapca_Warszawa_Radomska_20_wejscie_wysoki_parter_posadzka_przy_schodach-1536x1149.jpg 1536w, http:\/\/lapidarium.fundacja-hereditas.pl\/wp-content\/uploads\/2024\/05\/E_Dziedziniewicz-Rapca_Warszawa_Radomska_20_wejscie_wysoki_parter_posadzka_przy_schodach-2048x1533.jpg 2048w, http:\/\/lapidarium.fundacja-hereditas.pl\/wp-content\/uploads\/2024\/05\/E_Dziedziniewicz-Rapca_Warszawa_Radomska_20_wejscie_wysoki_parter_posadzka_przy_schodach-150x112.jpg 150w, http:\/\/lapidarium.fundacja-hereditas.pl\/wp-content\/uploads\/2024\/05\/E_Dziedziniewicz-Rapca_Warszawa_Radomska_20_wejscie_wysoki_parter_posadzka_przy_schodach-696x521.jpg 696w, http:\/\/lapidarium.fundacja-hereditas.pl\/wp-content\/uploads\/2024\/05\/E_Dziedziniewicz-Rapca_Warszawa_Radomska_20_wejscie_wysoki_parter_posadzka_przy_schodach-1068x799.jpg 1068w, http:\/\/lapidarium.fundacja-hereditas.pl\/wp-content\/uploads\/2024\/05\/E_Dziedziniewicz-Rapca_Warszawa_Radomska_20_wejscie_wysoki_parter_posadzka_przy_schodach-1920x1437.jpg 1920w\" sizes=\"auto, (max-width: 1024px) 100vw, 1024px\" \/><\/a><figcaption class=\"wp-element-caption\">Hall &#8211; posadzka wysokiego parteru (lastrico). Fot. Ewa Dziedziniewicz-R\u0105pca, 2023 r., \u017ar\u00f3d\u0142o: MWKZ.<\/figcaption><\/figure>\n\n\n\n<figure class=\"wp-block-image size-large\"><a href=\"http:\/\/lapidarium.fundacja-hereditas.pl\/wp-content\/uploads\/2024\/05\/E_Dziedziniewicz-Rapca_Warszawa_Radomska_20_wejscie_wysoki_parter_posadzka_i_schody-scaled.jpg\"><img loading=\"lazy\" decoding=\"async\" width=\"1024\" height=\"763\" data-id=\"25189\" src=\"http:\/\/lapidarium.fundacja-hereditas.pl\/wp-content\/uploads\/2024\/05\/E_Dziedziniewicz-Rapca_Warszawa_Radomska_20_wejscie_wysoki_parter_posadzka_i_schody-1024x763.jpg\" alt=\"\" class=\"wp-image-25189\" srcset=\"http:\/\/lapidarium.fundacja-hereditas.pl\/wp-content\/uploads\/2024\/05\/E_Dziedziniewicz-Rapca_Warszawa_Radomska_20_wejscie_wysoki_parter_posadzka_i_schody-1024x763.jpg 1024w, http:\/\/lapidarium.fundacja-hereditas.pl\/wp-content\/uploads\/2024\/05\/E_Dziedziniewicz-Rapca_Warszawa_Radomska_20_wejscie_wysoki_parter_posadzka_i_schody-300x224.jpg 300w, http:\/\/lapidarium.fundacja-hereditas.pl\/wp-content\/uploads\/2024\/05\/E_Dziedziniewicz-Rapca_Warszawa_Radomska_20_wejscie_wysoki_parter_posadzka_i_schody-768x572.jpg 768w, http:\/\/lapidarium.fundacja-hereditas.pl\/wp-content\/uploads\/2024\/05\/E_Dziedziniewicz-Rapca_Warszawa_Radomska_20_wejscie_wysoki_parter_posadzka_i_schody-1536x1145.jpg 1536w, http:\/\/lapidarium.fundacja-hereditas.pl\/wp-content\/uploads\/2024\/05\/E_Dziedziniewicz-Rapca_Warszawa_Radomska_20_wejscie_wysoki_parter_posadzka_i_schody-2048x1527.jpg 2048w, http:\/\/lapidarium.fundacja-hereditas.pl\/wp-content\/uploads\/2024\/05\/E_Dziedziniewicz-Rapca_Warszawa_Radomska_20_wejscie_wysoki_parter_posadzka_i_schody-150x112.jpg 150w, http:\/\/lapidarium.fundacja-hereditas.pl\/wp-content\/uploads\/2024\/05\/E_Dziedziniewicz-Rapca_Warszawa_Radomska_20_wejscie_wysoki_parter_posadzka_i_schody-485x360.jpg 485w, http:\/\/lapidarium.fundacja-hereditas.pl\/wp-content\/uploads\/2024\/05\/E_Dziedziniewicz-Rapca_Warszawa_Radomska_20_wejscie_wysoki_parter_posadzka_i_schody-696x519.jpg 696w, http:\/\/lapidarium.fundacja-hereditas.pl\/wp-content\/uploads\/2024\/05\/E_Dziedziniewicz-Rapca_Warszawa_Radomska_20_wejscie_wysoki_parter_posadzka_i_schody-1068x796.jpg 1068w, http:\/\/lapidarium.fundacja-hereditas.pl\/wp-content\/uploads\/2024\/05\/E_Dziedziniewicz-Rapca_Warszawa_Radomska_20_wejscie_wysoki_parter_posadzka_i_schody-1920x1431.jpg 1920w\" sizes=\"auto, (max-width: 1024px) 100vw, 1024px\" \/><\/a><figcaption class=\"wp-element-caption\">Wysoki parter &#8211; pocz\u0105tek balustrady i schod\u00f3w. Fot. Ewa Dziedziniewicz-R\u0105pca, 2023 r., \u017ar\u00f3d\u0142o: MWKZ.<\/figcaption><\/figure>\n\n\n\n<figure class=\"wp-block-image size-large\"><a href=\"http:\/\/lapidarium.fundacja-hereditas.pl\/wp-content\/uploads\/2024\/05\/E_Dziedziniewicz-Rapca_Warszawa_Radomska_20_wysoki_parter_schody_balustrada.C-scaled.jpg\"><img loading=\"lazy\" decoding=\"async\" width=\"787\" height=\"1024\" data-id=\"25190\" src=\"http:\/\/lapidarium.fundacja-hereditas.pl\/wp-content\/uploads\/2024\/05\/E_Dziedziniewicz-Rapca_Warszawa_Radomska_20_wysoki_parter_schody_balustrada.C-787x1024.jpg\" alt=\"\" class=\"wp-image-25190\" srcset=\"http:\/\/lapidarium.fundacja-hereditas.pl\/wp-content\/uploads\/2024\/05\/E_Dziedziniewicz-Rapca_Warszawa_Radomska_20_wysoki_parter_schody_balustrada.C-787x1024.jpg 787w, http:\/\/lapidarium.fundacja-hereditas.pl\/wp-content\/uploads\/2024\/05\/E_Dziedziniewicz-Rapca_Warszawa_Radomska_20_wysoki_parter_schody_balustrada.C-231x300.jpg 231w, http:\/\/lapidarium.fundacja-hereditas.pl\/wp-content\/uploads\/2024\/05\/E_Dziedziniewicz-Rapca_Warszawa_Radomska_20_wysoki_parter_schody_balustrada.C-768x999.jpg 768w, http:\/\/lapidarium.fundacja-hereditas.pl\/wp-content\/uploads\/2024\/05\/E_Dziedziniewicz-Rapca_Warszawa_Radomska_20_wysoki_parter_schody_balustrada.C-1181x1536.jpg 1181w, http:\/\/lapidarium.fundacja-hereditas.pl\/wp-content\/uploads\/2024\/05\/E_Dziedziniewicz-Rapca_Warszawa_Radomska_20_wysoki_parter_schody_balustrada.C-1574x2048.jpg 1574w, http:\/\/lapidarium.fundacja-hereditas.pl\/wp-content\/uploads\/2024\/05\/E_Dziedziniewicz-Rapca_Warszawa_Radomska_20_wysoki_parter_schody_balustrada.C-150x195.jpg 150w, http:\/\/lapidarium.fundacja-hereditas.pl\/wp-content\/uploads\/2024\/05\/E_Dziedziniewicz-Rapca_Warszawa_Radomska_20_wysoki_parter_schody_balustrada.C-300x390.jpg 300w, http:\/\/lapidarium.fundacja-hereditas.pl\/wp-content\/uploads\/2024\/05\/E_Dziedziniewicz-Rapca_Warszawa_Radomska_20_wysoki_parter_schody_balustrada.C-696x906.jpg 696w, http:\/\/lapidarium.fundacja-hereditas.pl\/wp-content\/uploads\/2024\/05\/E_Dziedziniewicz-Rapca_Warszawa_Radomska_20_wysoki_parter_schody_balustrada.C-1068x1390.jpg 1068w, http:\/\/lapidarium.fundacja-hereditas.pl\/wp-content\/uploads\/2024\/05\/E_Dziedziniewicz-Rapca_Warszawa_Radomska_20_wysoki_parter_schody_balustrada.C-1920x2498.jpg 1920w, http:\/\/lapidarium.fundacja-hereditas.pl\/wp-content\/uploads\/2024\/05\/E_Dziedziniewicz-Rapca_Warszawa_Radomska_20_wysoki_parter_schody_balustrada.C-scaled.jpg 1968w\" sizes=\"auto, (max-width: 787px) 100vw, 787px\" \/><\/a><figcaption class=\"wp-element-caption\">Wysoki parter &#8211; pocz\u0105tek balustrady. Fot. Ewa Dziedziniewicz-R\u0105pca, 2023 r., \u017ar\u00f3d\u0142o: MWKZ.<\/figcaption><\/figure>\n\n\n\n<figure class=\"wp-block-image size-large\"><a href=\"http:\/\/lapidarium.fundacja-hereditas.pl\/wp-content\/uploads\/2024\/05\/PiotrPrusakiewicz_Radomska20_Warszawa_poczatek_balustrady-scaled.jpg\"><img loading=\"lazy\" decoding=\"async\" width=\"477\" height=\"1024\" data-id=\"25205\" src=\"http:\/\/lapidarium.fundacja-hereditas.pl\/wp-content\/uploads\/2024\/05\/PiotrPrusakiewicz_Radomska20_Warszawa_poczatek_balustrady-477x1024.jpg\" alt=\"\" class=\"wp-image-25205\" srcset=\"http:\/\/lapidarium.fundacja-hereditas.pl\/wp-content\/uploads\/2024\/05\/PiotrPrusakiewicz_Radomska20_Warszawa_poczatek_balustrady-477x1024.jpg 477w, http:\/\/lapidarium.fundacja-hereditas.pl\/wp-content\/uploads\/2024\/05\/PiotrPrusakiewicz_Radomska20_Warszawa_poczatek_balustrady-140x300.jpg 140w, http:\/\/lapidarium.fundacja-hereditas.pl\/wp-content\/uploads\/2024\/05\/PiotrPrusakiewicz_Radomska20_Warszawa_poczatek_balustrady-768x1650.jpg 768w, http:\/\/lapidarium.fundacja-hereditas.pl\/wp-content\/uploads\/2024\/05\/PiotrPrusakiewicz_Radomska20_Warszawa_poczatek_balustrady-715x1536.jpg 715w, http:\/\/lapidarium.fundacja-hereditas.pl\/wp-content\/uploads\/2024\/05\/PiotrPrusakiewicz_Radomska20_Warszawa_poczatek_balustrady-953x2048.jpg 953w, http:\/\/lapidarium.fundacja-hereditas.pl\/wp-content\/uploads\/2024\/05\/PiotrPrusakiewicz_Radomska20_Warszawa_poczatek_balustrady-150x322.jpg 150w, http:\/\/lapidarium.fundacja-hereditas.pl\/wp-content\/uploads\/2024\/05\/PiotrPrusakiewicz_Radomska20_Warszawa_poczatek_balustrady-300x644.jpg 300w, http:\/\/lapidarium.fundacja-hereditas.pl\/wp-content\/uploads\/2024\/05\/PiotrPrusakiewicz_Radomska20_Warszawa_poczatek_balustrady-696x1495.jpg 696w, http:\/\/lapidarium.fundacja-hereditas.pl\/wp-content\/uploads\/2024\/05\/PiotrPrusakiewicz_Radomska20_Warszawa_poczatek_balustrady-1068x2294.jpg 1068w, http:\/\/lapidarium.fundacja-hereditas.pl\/wp-content\/uploads\/2024\/05\/PiotrPrusakiewicz_Radomska20_Warszawa_poczatek_balustrady-scaled.jpg 1192w\" sizes=\"auto, (max-width: 477px) 100vw, 477px\" \/><\/a><figcaption class=\"wp-element-caption\">Wysoki parter &#8211; pocz\u0105tek balustrady. Fot. Piotr Prusakiewicz, 2023 r., \u017ar\u00f3d\u0142o: MWKZ.<\/figcaption><\/figure>\n\n\n\n<figure class=\"wp-block-image size-large\"><a href=\"http:\/\/lapidarium.fundacja-hereditas.pl\/wp-content\/uploads\/2024\/05\/E_Dziedziniewicz-Rapca_Warszawa_Radomska_20_parter_schody_i_wyjscie_tylnie-scaled.jpg\"><img loading=\"lazy\" decoding=\"async\" width=\"859\" height=\"1024\" data-id=\"25209\" src=\"http:\/\/lapidarium.fundacja-hereditas.pl\/wp-content\/uploads\/2024\/05\/E_Dziedziniewicz-Rapca_Warszawa_Radomska_20_parter_schody_i_wyjscie_tylnie-859x1024.jpg\" alt=\"\" class=\"wp-image-25209\" srcset=\"http:\/\/lapidarium.fundacja-hereditas.pl\/wp-content\/uploads\/2024\/05\/E_Dziedziniewicz-Rapca_Warszawa_Radomska_20_parter_schody_i_wyjscie_tylnie-859x1024.jpg 859w, http:\/\/lapidarium.fundacja-hereditas.pl\/wp-content\/uploads\/2024\/05\/E_Dziedziniewicz-Rapca_Warszawa_Radomska_20_parter_schody_i_wyjscie_tylnie-252x300.jpg 252w, http:\/\/lapidarium.fundacja-hereditas.pl\/wp-content\/uploads\/2024\/05\/E_Dziedziniewicz-Rapca_Warszawa_Radomska_20_parter_schody_i_wyjscie_tylnie-768x915.jpg 768w, http:\/\/lapidarium.fundacja-hereditas.pl\/wp-content\/uploads\/2024\/05\/E_Dziedziniewicz-Rapca_Warszawa_Radomska_20_parter_schody_i_wyjscie_tylnie-1289x1536.jpg 1289w, http:\/\/lapidarium.fundacja-hereditas.pl\/wp-content\/uploads\/2024\/05\/E_Dziedziniewicz-Rapca_Warszawa_Radomska_20_parter_schody_i_wyjscie_tylnie-1719x2048.jpg 1719w, http:\/\/lapidarium.fundacja-hereditas.pl\/wp-content\/uploads\/2024\/05\/E_Dziedziniewicz-Rapca_Warszawa_Radomska_20_parter_schody_i_wyjscie_tylnie-150x179.jpg 150w, http:\/\/lapidarium.fundacja-hereditas.pl\/wp-content\/uploads\/2024\/05\/E_Dziedziniewicz-Rapca_Warszawa_Radomska_20_parter_schody_i_wyjscie_tylnie-300x358.jpg 300w, http:\/\/lapidarium.fundacja-hereditas.pl\/wp-content\/uploads\/2024\/05\/E_Dziedziniewicz-Rapca_Warszawa_Radomska_20_parter_schody_i_wyjscie_tylnie-696x829.jpg 696w, http:\/\/lapidarium.fundacja-hereditas.pl\/wp-content\/uploads\/2024\/05\/E_Dziedziniewicz-Rapca_Warszawa_Radomska_20_parter_schody_i_wyjscie_tylnie-1068x1273.jpg 1068w, http:\/\/lapidarium.fundacja-hereditas.pl\/wp-content\/uploads\/2024\/05\/E_Dziedziniewicz-Rapca_Warszawa_Radomska_20_parter_schody_i_wyjscie_tylnie-1920x2288.jpg 1920w\" sizes=\"auto, (max-width: 859px) 100vw, 859px\" \/><\/a><figcaption class=\"wp-element-caption\">Hall &#8211; wysoki parter. Widok na I-szy spocznik. Fot. Ewa Dziedziniewicz-R\u0105pca, 2023 r., \u017ar\u00f3d\u0142o: MWKZ.<\/figcaption><\/figure>\n\n\n\n<figure class=\"wp-block-image size-large\"><a href=\"http:\/\/lapidarium.fundacja-hereditas.pl\/wp-content\/uploads\/2024\/05\/E_Dziedziniewicz-Rapca_Warszawa_Radomska_20_parter_schody_i_wyjscie_tylnie_a-scaled.jpg\"><img loading=\"lazy\" decoding=\"async\" width=\"707\" height=\"1024\" data-id=\"25168\" src=\"http:\/\/lapidarium.fundacja-hereditas.pl\/wp-content\/uploads\/2024\/05\/E_Dziedziniewicz-Rapca_Warszawa_Radomska_20_parter_schody_i_wyjscie_tylnie_a-707x1024.jpg\" alt=\"\" class=\"wp-image-25168\" srcset=\"http:\/\/lapidarium.fundacja-hereditas.pl\/wp-content\/uploads\/2024\/05\/E_Dziedziniewicz-Rapca_Warszawa_Radomska_20_parter_schody_i_wyjscie_tylnie_a-707x1024.jpg 707w, http:\/\/lapidarium.fundacja-hereditas.pl\/wp-content\/uploads\/2024\/05\/E_Dziedziniewicz-Rapca_Warszawa_Radomska_20_parter_schody_i_wyjscie_tylnie_a-207x300.jpg 207w, http:\/\/lapidarium.fundacja-hereditas.pl\/wp-content\/uploads\/2024\/05\/E_Dziedziniewicz-Rapca_Warszawa_Radomska_20_parter_schody_i_wyjscie_tylnie_a-768x1113.jpg 768w, http:\/\/lapidarium.fundacja-hereditas.pl\/wp-content\/uploads\/2024\/05\/E_Dziedziniewicz-Rapca_Warszawa_Radomska_20_parter_schody_i_wyjscie_tylnie_a-1060x1536.jpg 1060w, http:\/\/lapidarium.fundacja-hereditas.pl\/wp-content\/uploads\/2024\/05\/E_Dziedziniewicz-Rapca_Warszawa_Radomska_20_parter_schody_i_wyjscie_tylnie_a-1413x2048.jpg 1413w, http:\/\/lapidarium.fundacja-hereditas.pl\/wp-content\/uploads\/2024\/05\/E_Dziedziniewicz-Rapca_Warszawa_Radomska_20_parter_schody_i_wyjscie_tylnie_a-150x217.jpg 150w, http:\/\/lapidarium.fundacja-hereditas.pl\/wp-content\/uploads\/2024\/05\/E_Dziedziniewicz-Rapca_Warszawa_Radomska_20_parter_schody_i_wyjscie_tylnie_a-300x435.jpg 300w, http:\/\/lapidarium.fundacja-hereditas.pl\/wp-content\/uploads\/2024\/05\/E_Dziedziniewicz-Rapca_Warszawa_Radomska_20_parter_schody_i_wyjscie_tylnie_a-696x1008.jpg 696w, http:\/\/lapidarium.fundacja-hereditas.pl\/wp-content\/uploads\/2024\/05\/E_Dziedziniewicz-Rapca_Warszawa_Radomska_20_parter_schody_i_wyjscie_tylnie_a-1068x1547.jpg 1068w, http:\/\/lapidarium.fundacja-hereditas.pl\/wp-content\/uploads\/2024\/05\/E_Dziedziniewicz-Rapca_Warszawa_Radomska_20_parter_schody_i_wyjscie_tylnie_a-1920x2782.jpg 1920w, http:\/\/lapidarium.fundacja-hereditas.pl\/wp-content\/uploads\/2024\/05\/E_Dziedziniewicz-Rapca_Warszawa_Radomska_20_parter_schody_i_wyjscie_tylnie_a-scaled.jpg 1767w\" sizes=\"auto, (max-width: 707px) 100vw, 707px\" \/><\/a><figcaption class=\"wp-element-caption\">Widok z parteru na spocznik. Fot. Ewa Dziedziniewicz-R\u0105pca, 2023 r., \u017ar\u00f3d\u0142o: MWKZ.<\/figcaption><\/figure>\n\n\n\n<figure class=\"wp-block-image size-large\"><a href=\"http:\/\/lapidarium.fundacja-hereditas.pl\/wp-content\/uploads\/2024\/05\/E_Dziedziniewicz-Rapca_Warszawa_Radomska_20_schody_na_pierwsze_pietro-scaled.jpg\"><img loading=\"lazy\" decoding=\"async\" width=\"798\" height=\"1024\" data-id=\"25175\" src=\"http:\/\/lapidarium.fundacja-hereditas.pl\/wp-content\/uploads\/2024\/05\/E_Dziedziniewicz-Rapca_Warszawa_Radomska_20_schody_na_pierwsze_pietro-798x1024.jpg\" alt=\"\" class=\"wp-image-25175\" srcset=\"http:\/\/lapidarium.fundacja-hereditas.pl\/wp-content\/uploads\/2024\/05\/E_Dziedziniewicz-Rapca_Warszawa_Radomska_20_schody_na_pierwsze_pietro-798x1024.jpg 798w, http:\/\/lapidarium.fundacja-hereditas.pl\/wp-content\/uploads\/2024\/05\/E_Dziedziniewicz-Rapca_Warszawa_Radomska_20_schody_na_pierwsze_pietro-234x300.jpg 234w, http:\/\/lapidarium.fundacja-hereditas.pl\/wp-content\/uploads\/2024\/05\/E_Dziedziniewicz-Rapca_Warszawa_Radomska_20_schody_na_pierwsze_pietro-768x986.jpg 768w, http:\/\/lapidarium.fundacja-hereditas.pl\/wp-content\/uploads\/2024\/05\/E_Dziedziniewicz-Rapca_Warszawa_Radomska_20_schody_na_pierwsze_pietro-1196x1536.jpg 1196w, http:\/\/lapidarium.fundacja-hereditas.pl\/wp-content\/uploads\/2024\/05\/E_Dziedziniewicz-Rapca_Warszawa_Radomska_20_schody_na_pierwsze_pietro-1595x2048.jpg 1595w, http:\/\/lapidarium.fundacja-hereditas.pl\/wp-content\/uploads\/2024\/05\/E_Dziedziniewicz-Rapca_Warszawa_Radomska_20_schody_na_pierwsze_pietro-150x193.jpg 150w, http:\/\/lapidarium.fundacja-hereditas.pl\/wp-content\/uploads\/2024\/05\/E_Dziedziniewicz-Rapca_Warszawa_Radomska_20_schody_na_pierwsze_pietro-300x385.jpg 300w, http:\/\/lapidarium.fundacja-hereditas.pl\/wp-content\/uploads\/2024\/05\/E_Dziedziniewicz-Rapca_Warszawa_Radomska_20_schody_na_pierwsze_pietro-696x894.jpg 696w, http:\/\/lapidarium.fundacja-hereditas.pl\/wp-content\/uploads\/2024\/05\/E_Dziedziniewicz-Rapca_Warszawa_Radomska_20_schody_na_pierwsze_pietro-1068x1371.jpg 1068w, http:\/\/lapidarium.fundacja-hereditas.pl\/wp-content\/uploads\/2024\/05\/E_Dziedziniewicz-Rapca_Warszawa_Radomska_20_schody_na_pierwsze_pietro-1920x2465.jpg 1920w, http:\/\/lapidarium.fundacja-hereditas.pl\/wp-content\/uploads\/2024\/05\/E_Dziedziniewicz-Rapca_Warszawa_Radomska_20_schody_na_pierwsze_pietro-scaled.jpg 1994w\" sizes=\"auto, (max-width: 798px) 100vw, 798px\" \/><\/a><figcaption class=\"wp-element-caption\">Widok z parteru na spocznik. Fot. Ewa Dziedziniewicz-R\u0105pca, 2023 r., \u017ar\u00f3d\u0142o: MWKZ.<\/figcaption><\/figure>\n\n\n\n<figure class=\"wp-block-image size-large\"><a href=\"http:\/\/lapidarium.fundacja-hereditas.pl\/wp-content\/uploads\/2024\/05\/E_Dziedziniewicz-Rapca_Warszawa_Radomska_20_schody_na_pierwsze_pietro_polpietro_zakret_balustrady-scaled.jpg\"><img loading=\"lazy\" decoding=\"async\" width=\"779\" height=\"1024\" data-id=\"25182\" src=\"http:\/\/lapidarium.fundacja-hereditas.pl\/wp-content\/uploads\/2024\/05\/E_Dziedziniewicz-Rapca_Warszawa_Radomska_20_schody_na_pierwsze_pietro_polpietro_zakret_balustrady-779x1024.jpg\" alt=\"\" class=\"wp-image-25182\" srcset=\"http:\/\/lapidarium.fundacja-hereditas.pl\/wp-content\/uploads\/2024\/05\/E_Dziedziniewicz-Rapca_Warszawa_Radomska_20_schody_na_pierwsze_pietro_polpietro_zakret_balustrady-779x1024.jpg 779w, http:\/\/lapidarium.fundacja-hereditas.pl\/wp-content\/uploads\/2024\/05\/E_Dziedziniewicz-Rapca_Warszawa_Radomska_20_schody_na_pierwsze_pietro_polpietro_zakret_balustrady-228x300.jpg 228w, http:\/\/lapidarium.fundacja-hereditas.pl\/wp-content\/uploads\/2024\/05\/E_Dziedziniewicz-Rapca_Warszawa_Radomska_20_schody_na_pierwsze_pietro_polpietro_zakret_balustrady-768x1010.jpg 768w, http:\/\/lapidarium.fundacja-hereditas.pl\/wp-content\/uploads\/2024\/05\/E_Dziedziniewicz-Rapca_Warszawa_Radomska_20_schody_na_pierwsze_pietro_polpietro_zakret_balustrady-1168x1536.jpg 1168w, http:\/\/lapidarium.fundacja-hereditas.pl\/wp-content\/uploads\/2024\/05\/E_Dziedziniewicz-Rapca_Warszawa_Radomska_20_schody_na_pierwsze_pietro_polpietro_zakret_balustrady-1557x2048.jpg 1557w, http:\/\/lapidarium.fundacja-hereditas.pl\/wp-content\/uploads\/2024\/05\/E_Dziedziniewicz-Rapca_Warszawa_Radomska_20_schody_na_pierwsze_pietro_polpietro_zakret_balustrady-150x197.jpg 150w, http:\/\/lapidarium.fundacja-hereditas.pl\/wp-content\/uploads\/2024\/05\/E_Dziedziniewicz-Rapca_Warszawa_Radomska_20_schody_na_pierwsze_pietro_polpietro_zakret_balustrady-300x395.jpg 300w, http:\/\/lapidarium.fundacja-hereditas.pl\/wp-content\/uploads\/2024\/05\/E_Dziedziniewicz-Rapca_Warszawa_Radomska_20_schody_na_pierwsze_pietro_polpietro_zakret_balustrady-696x915.jpg 696w, http:\/\/lapidarium.fundacja-hereditas.pl\/wp-content\/uploads\/2024\/05\/E_Dziedziniewicz-Rapca_Warszawa_Radomska_20_schody_na_pierwsze_pietro_polpietro_zakret_balustrady-1068x1405.jpg 1068w, http:\/\/lapidarium.fundacja-hereditas.pl\/wp-content\/uploads\/2024\/05\/E_Dziedziniewicz-Rapca_Warszawa_Radomska_20_schody_na_pierwsze_pietro_polpietro_zakret_balustrady-1920x2525.jpg 1920w, http:\/\/lapidarium.fundacja-hereditas.pl\/wp-content\/uploads\/2024\/05\/E_Dziedziniewicz-Rapca_Warszawa_Radomska_20_schody_na_pierwsze_pietro_polpietro_zakret_balustrady-scaled.jpg 1946w\" sizes=\"auto, (max-width: 779px) 100vw, 779px\" \/><\/a><figcaption class=\"wp-element-caption\">Zakr\u0119t balustrady na I-szym spoczniku. Fot. Ewa Dziedziniewicz-R\u0105pca, 2023 r., \u017ar\u00f3d\u0142o: MWKZ.<\/figcaption><\/figure>\n\n\n\n<figure class=\"wp-block-image size-large\"><a href=\"http:\/\/lapidarium.fundacja-hereditas.pl\/wp-content\/uploads\/2024\/05\/PiotrPrusakiewicz_Radomska20_Warszawa_klatka_schodowa_przed_1p-scaled.jpg\"><img loading=\"lazy\" decoding=\"async\" width=\"482\" height=\"1024\" data-id=\"25201\" src=\"http:\/\/lapidarium.fundacja-hereditas.pl\/wp-content\/uploads\/2024\/05\/PiotrPrusakiewicz_Radomska20_Warszawa_klatka_schodowa_przed_1p-482x1024.jpg\" alt=\"\" class=\"wp-image-25201\" srcset=\"http:\/\/lapidarium.fundacja-hereditas.pl\/wp-content\/uploads\/2024\/05\/PiotrPrusakiewicz_Radomska20_Warszawa_klatka_schodowa_przed_1p-482x1024.jpg 482w, http:\/\/lapidarium.fundacja-hereditas.pl\/wp-content\/uploads\/2024\/05\/PiotrPrusakiewicz_Radomska20_Warszawa_klatka_schodowa_przed_1p-141x300.jpg 141w, http:\/\/lapidarium.fundacja-hereditas.pl\/wp-content\/uploads\/2024\/05\/PiotrPrusakiewicz_Radomska20_Warszawa_klatka_schodowa_przed_1p-768x1631.jpg 768w, http:\/\/lapidarium.fundacja-hereditas.pl\/wp-content\/uploads\/2024\/05\/PiotrPrusakiewicz_Radomska20_Warszawa_klatka_schodowa_przed_1p-723x1536.jpg 723w, http:\/\/lapidarium.fundacja-hereditas.pl\/wp-content\/uploads\/2024\/05\/PiotrPrusakiewicz_Radomska20_Warszawa_klatka_schodowa_przed_1p-965x2048.jpg 965w, http:\/\/lapidarium.fundacja-hereditas.pl\/wp-content\/uploads\/2024\/05\/PiotrPrusakiewicz_Radomska20_Warszawa_klatka_schodowa_przed_1p-150x319.jpg 150w, http:\/\/lapidarium.fundacja-hereditas.pl\/wp-content\/uploads\/2024\/05\/PiotrPrusakiewicz_Radomska20_Warszawa_klatka_schodowa_przed_1p-300x637.jpg 300w, http:\/\/lapidarium.fundacja-hereditas.pl\/wp-content\/uploads\/2024\/05\/PiotrPrusakiewicz_Radomska20_Warszawa_klatka_schodowa_przed_1p-696x1478.jpg 696w, http:\/\/lapidarium.fundacja-hereditas.pl\/wp-content\/uploads\/2024\/05\/PiotrPrusakiewicz_Radomska20_Warszawa_klatka_schodowa_przed_1p-1068x2268.jpg 1068w, http:\/\/lapidarium.fundacja-hereditas.pl\/wp-content\/uploads\/2024\/05\/PiotrPrusakiewicz_Radomska20_Warszawa_klatka_schodowa_przed_1p-scaled.jpg 1206w\" sizes=\"auto, (max-width: 482px) 100vw, 482px\" \/><\/a><figcaption class=\"wp-element-caption\">Klatka &#8211; spocznik przed pi\u0119trem I-gim. W tle hall. Fot. Piotr Prusakiewicz, 2023 r., \u017ar\u00f3d\u0142o: MWKZ.<\/figcaption><\/figure>\n\n\n\n<figure class=\"wp-block-image size-large\"><a href=\"http:\/\/lapidarium.fundacja-hereditas.pl\/wp-content\/uploads\/2024\/05\/E_Dziedziniewicz-Rapca_Warszawa_Radomska_20_schody_na_pierwsze_pietro_polpietro_posadzka_detal-scaled.jpg\"><img loading=\"lazy\" decoding=\"async\" width=\"1024\" height=\"755\" data-id=\"25180\" src=\"http:\/\/lapidarium.fundacja-hereditas.pl\/wp-content\/uploads\/2024\/05\/E_Dziedziniewicz-Rapca_Warszawa_Radomska_20_schody_na_pierwsze_pietro_polpietro_posadzka_detal-1024x755.jpg\" alt=\"\" class=\"wp-image-25180\" srcset=\"http:\/\/lapidarium.fundacja-hereditas.pl\/wp-content\/uploads\/2024\/05\/E_Dziedziniewicz-Rapca_Warszawa_Radomska_20_schody_na_pierwsze_pietro_polpietro_posadzka_detal-1024x755.jpg 1024w, http:\/\/lapidarium.fundacja-hereditas.pl\/wp-content\/uploads\/2024\/05\/E_Dziedziniewicz-Rapca_Warszawa_Radomska_20_schody_na_pierwsze_pietro_polpietro_posadzka_detal-300x221.jpg 300w, http:\/\/lapidarium.fundacja-hereditas.pl\/wp-content\/uploads\/2024\/05\/E_Dziedziniewicz-Rapca_Warszawa_Radomska_20_schody_na_pierwsze_pietro_polpietro_posadzka_detal-768x566.jpg 768w, http:\/\/lapidarium.fundacja-hereditas.pl\/wp-content\/uploads\/2024\/05\/E_Dziedziniewicz-Rapca_Warszawa_Radomska_20_schody_na_pierwsze_pietro_polpietro_posadzka_detal-1536x1132.jpg 1536w, http:\/\/lapidarium.fundacja-hereditas.pl\/wp-content\/uploads\/2024\/05\/E_Dziedziniewicz-Rapca_Warszawa_Radomska_20_schody_na_pierwsze_pietro_polpietro_posadzka_detal-2048x1510.jpg 2048w, http:\/\/lapidarium.fundacja-hereditas.pl\/wp-content\/uploads\/2024\/05\/E_Dziedziniewicz-Rapca_Warszawa_Radomska_20_schody_na_pierwsze_pietro_polpietro_posadzka_detal-150x111.jpg 150w, http:\/\/lapidarium.fundacja-hereditas.pl\/wp-content\/uploads\/2024\/05\/E_Dziedziniewicz-Rapca_Warszawa_Radomska_20_schody_na_pierwsze_pietro_polpietro_posadzka_detal-696x513.jpg 696w, http:\/\/lapidarium.fundacja-hereditas.pl\/wp-content\/uploads\/2024\/05\/E_Dziedziniewicz-Rapca_Warszawa_Radomska_20_schody_na_pierwsze_pietro_polpietro_posadzka_detal-1068x787.jpg 1068w, http:\/\/lapidarium.fundacja-hereditas.pl\/wp-content\/uploads\/2024\/05\/E_Dziedziniewicz-Rapca_Warszawa_Radomska_20_schody_na_pierwsze_pietro_polpietro_posadzka_detal-1920x1415.jpg 1920w\" sizes=\"auto, (max-width: 1024px) 100vw, 1024px\" \/><\/a><figcaption class=\"wp-element-caption\">Zakr\u0119t balustrady na I-szym spoczniku. Na posadzce \u015blad po pocisku. Fot. Ewa Dziedziniewicz-R\u0105pca, 2023 r., \u017ar\u00f3d\u0142o: MWKZ.<\/figcaption><\/figure>\n\n\n\n<figure class=\"wp-block-image size-large\"><a href=\"http:\/\/lapidarium.fundacja-hereditas.pl\/wp-content\/uploads\/2024\/05\/PiotrPrusakiewicz_Radomska20_Warszawa_spocznik_przed_1p_uszkodzenie_posadzki-scaled.jpg\"><img loading=\"lazy\" decoding=\"async\" width=\"1024\" height=\"501\" data-id=\"25206\" src=\"http:\/\/lapidarium.fundacja-hereditas.pl\/wp-content\/uploads\/2024\/05\/PiotrPrusakiewicz_Radomska20_Warszawa_spocznik_przed_1p_uszkodzenie_posadzki-1024x501.jpg\" alt=\"\" class=\"wp-image-25206\" srcset=\"http:\/\/lapidarium.fundacja-hereditas.pl\/wp-content\/uploads\/2024\/05\/PiotrPrusakiewicz_Radomska20_Warszawa_spocznik_przed_1p_uszkodzenie_posadzki-1024x501.jpg 1024w, http:\/\/lapidarium.fundacja-hereditas.pl\/wp-content\/uploads\/2024\/05\/PiotrPrusakiewicz_Radomska20_Warszawa_spocznik_przed_1p_uszkodzenie_posadzki-300x147.jpg 300w, http:\/\/lapidarium.fundacja-hereditas.pl\/wp-content\/uploads\/2024\/05\/PiotrPrusakiewicz_Radomska20_Warszawa_spocznik_przed_1p_uszkodzenie_posadzki-768x376.jpg 768w, http:\/\/lapidarium.fundacja-hereditas.pl\/wp-content\/uploads\/2024\/05\/PiotrPrusakiewicz_Radomska20_Warszawa_spocznik_przed_1p_uszkodzenie_posadzki-1536x751.jpg 1536w, http:\/\/lapidarium.fundacja-hereditas.pl\/wp-content\/uploads\/2024\/05\/PiotrPrusakiewicz_Radomska20_Warszawa_spocznik_przed_1p_uszkodzenie_posadzki-2048x1002.jpg 2048w, http:\/\/lapidarium.fundacja-hereditas.pl\/wp-content\/uploads\/2024\/05\/PiotrPrusakiewicz_Radomska20_Warszawa_spocznik_przed_1p_uszkodzenie_posadzki-150x73.jpg 150w, http:\/\/lapidarium.fundacja-hereditas.pl\/wp-content\/uploads\/2024\/05\/PiotrPrusakiewicz_Radomska20_Warszawa_spocznik_przed_1p_uszkodzenie_posadzki-696x340.jpg 696w, http:\/\/lapidarium.fundacja-hereditas.pl\/wp-content\/uploads\/2024\/05\/PiotrPrusakiewicz_Radomska20_Warszawa_spocznik_przed_1p_uszkodzenie_posadzki-1068x522.jpg 1068w, http:\/\/lapidarium.fundacja-hereditas.pl\/wp-content\/uploads\/2024\/05\/PiotrPrusakiewicz_Radomska20_Warszawa_spocznik_przed_1p_uszkodzenie_posadzki-1920x939.jpg 1920w\" sizes=\"auto, (max-width: 1024px) 100vw, 1024px\" \/><\/a><figcaption class=\"wp-element-caption\">Klatka &#8211; I-szy spocznik. Rozbryzg po pocisku. Fot. Piotr Prusakiewicz, 2023 r., \u017ar\u00f3d\u0142o: MWKZ.<\/figcaption><\/figure>\n\n\n\n<figure class=\"wp-block-image size-large\"><a href=\"http:\/\/lapidarium.fundacja-hereditas.pl\/wp-content\/uploads\/2024\/05\/E_Dziedziniewicz-Rapca_Warszawa_Radomska_20_schody_na_pierwsze_pietro_polpietro.jpg\"><img loading=\"lazy\" decoding=\"async\" width=\"1024\" height=\"813\" data-id=\"25177\" src=\"http:\/\/lapidarium.fundacja-hereditas.pl\/wp-content\/uploads\/2024\/05\/E_Dziedziniewicz-Rapca_Warszawa_Radomska_20_schody_na_pierwsze_pietro_polpietro-1024x813.jpg\" alt=\"\" class=\"wp-image-25177\" srcset=\"http:\/\/lapidarium.fundacja-hereditas.pl\/wp-content\/uploads\/2024\/05\/E_Dziedziniewicz-Rapca_Warszawa_Radomska_20_schody_na_pierwsze_pietro_polpietro-1024x813.jpg 1024w, http:\/\/lapidarium.fundacja-hereditas.pl\/wp-content\/uploads\/2024\/05\/E_Dziedziniewicz-Rapca_Warszawa_Radomska_20_schody_na_pierwsze_pietro_polpietro-300x238.jpg 300w, http:\/\/lapidarium.fundacja-hereditas.pl\/wp-content\/uploads\/2024\/05\/E_Dziedziniewicz-Rapca_Warszawa_Radomska_20_schody_na_pierwsze_pietro_polpietro-768x610.jpg 768w, http:\/\/lapidarium.fundacja-hereditas.pl\/wp-content\/uploads\/2024\/05\/E_Dziedziniewicz-Rapca_Warszawa_Radomska_20_schody_na_pierwsze_pietro_polpietro-150x119.jpg 150w, http:\/\/lapidarium.fundacja-hereditas.pl\/wp-content\/uploads\/2024\/05\/E_Dziedziniewicz-Rapca_Warszawa_Radomska_20_schody_na_pierwsze_pietro_polpietro-696x553.jpg 696w, http:\/\/lapidarium.fundacja-hereditas.pl\/wp-content\/uploads\/2024\/05\/E_Dziedziniewicz-Rapca_Warszawa_Radomska_20_schody_na_pierwsze_pietro_polpietro-1068x848.jpg 1068w, http:\/\/lapidarium.fundacja-hereditas.pl\/wp-content\/uploads\/2024\/05\/E_Dziedziniewicz-Rapca_Warszawa_Radomska_20_schody_na_pierwsze_pietro_polpietro.jpg 1469w\" sizes=\"auto, (max-width: 1024px) 100vw, 1024px\" \/><\/a><figcaption class=\"wp-element-caption\">Rozbryzg po pocisku na I-szym spoczniku. Fot. Ewa Dziedziniewicz-R\u0105pca, 2023 r., \u017ar\u00f3d\u0142o: MWKZ.<\/figcaption><\/figure>\n\n\n\n<figure class=\"wp-block-image size-large\"><a href=\"http:\/\/lapidarium.fundacja-hereditas.pl\/wp-content\/uploads\/2024\/05\/E_Dziedziniewicz-Rapca_Warszawa_Radomska_20_schody_na_pierwsze_pietro_polpietro_balustrada_A-scaled.jpg\"><img loading=\"lazy\" decoding=\"async\" width=\"777\" height=\"1024\" data-id=\"25178\" src=\"http:\/\/lapidarium.fundacja-hereditas.pl\/wp-content\/uploads\/2024\/05\/E_Dziedziniewicz-Rapca_Warszawa_Radomska_20_schody_na_pierwsze_pietro_polpietro_balustrada_A-777x1024.jpg\" alt=\"\" class=\"wp-image-25178\" srcset=\"http:\/\/lapidarium.fundacja-hereditas.pl\/wp-content\/uploads\/2024\/05\/E_Dziedziniewicz-Rapca_Warszawa_Radomska_20_schody_na_pierwsze_pietro_polpietro_balustrada_A-777x1024.jpg 777w, http:\/\/lapidarium.fundacja-hereditas.pl\/wp-content\/uploads\/2024\/05\/E_Dziedziniewicz-Rapca_Warszawa_Radomska_20_schody_na_pierwsze_pietro_polpietro_balustrada_A-228x300.jpg 228w, http:\/\/lapidarium.fundacja-hereditas.pl\/wp-content\/uploads\/2024\/05\/E_Dziedziniewicz-Rapca_Warszawa_Radomska_20_schody_na_pierwsze_pietro_polpietro_balustrada_A-768x1012.jpg 768w, http:\/\/lapidarium.fundacja-hereditas.pl\/wp-content\/uploads\/2024\/05\/E_Dziedziniewicz-Rapca_Warszawa_Radomska_20_schody_na_pierwsze_pietro_polpietro_balustrada_A-1166x1536.jpg 1166w, http:\/\/lapidarium.fundacja-hereditas.pl\/wp-content\/uploads\/2024\/05\/E_Dziedziniewicz-Rapca_Warszawa_Radomska_20_schody_na_pierwsze_pietro_polpietro_balustrada_A-1554x2048.jpg 1554w, http:\/\/lapidarium.fundacja-hereditas.pl\/wp-content\/uploads\/2024\/05\/E_Dziedziniewicz-Rapca_Warszawa_Radomska_20_schody_na_pierwsze_pietro_polpietro_balustrada_A-150x198.jpg 150w, http:\/\/lapidarium.fundacja-hereditas.pl\/wp-content\/uploads\/2024\/05\/E_Dziedziniewicz-Rapca_Warszawa_Radomska_20_schody_na_pierwsze_pietro_polpietro_balustrada_A-300x395.jpg 300w, http:\/\/lapidarium.fundacja-hereditas.pl\/wp-content\/uploads\/2024\/05\/E_Dziedziniewicz-Rapca_Warszawa_Radomska_20_schody_na_pierwsze_pietro_polpietro_balustrada_A-696x917.jpg 696w, http:\/\/lapidarium.fundacja-hereditas.pl\/wp-content\/uploads\/2024\/05\/E_Dziedziniewicz-Rapca_Warszawa_Radomska_20_schody_na_pierwsze_pietro_polpietro_balustrada_A-1068x1407.jpg 1068w, http:\/\/lapidarium.fundacja-hereditas.pl\/wp-content\/uploads\/2024\/05\/E_Dziedziniewicz-Rapca_Warszawa_Radomska_20_schody_na_pierwsze_pietro_polpietro_balustrada_A-1920x2530.jpg 1920w, http:\/\/lapidarium.fundacja-hereditas.pl\/wp-content\/uploads\/2024\/05\/E_Dziedziniewicz-Rapca_Warszawa_Radomska_20_schody_na_pierwsze_pietro_polpietro_balustrada_A-scaled.jpg 1943w\" sizes=\"auto, (max-width: 777px) 100vw, 777px\" \/><\/a><figcaption class=\"wp-element-caption\">Zakr\u0119t balustrady na I-szym spoczniku. Fot. Ewa Dziedziniewicz-R\u0105pca, 2023 r., \u017ar\u00f3d\u0142o: MWKZ.<\/figcaption><\/figure>\n\n\n\n<figure class=\"wp-block-image size-large\"><a href=\"http:\/\/lapidarium.fundacja-hereditas.pl\/wp-content\/uploads\/2024\/05\/E_Dziedziniewicz-Rapca_Warszawa_Radomska_20_schody_na_pierwsze_pietro_polpietro_posadzka-scaled.jpg\"><img loading=\"lazy\" decoding=\"async\" width=\"1024\" height=\"775\" data-id=\"25179\" src=\"http:\/\/lapidarium.fundacja-hereditas.pl\/wp-content\/uploads\/2024\/05\/E_Dziedziniewicz-Rapca_Warszawa_Radomska_20_schody_na_pierwsze_pietro_polpietro_posadzka-1024x775.jpg\" alt=\"\" class=\"wp-image-25179\" srcset=\"http:\/\/lapidarium.fundacja-hereditas.pl\/wp-content\/uploads\/2024\/05\/E_Dziedziniewicz-Rapca_Warszawa_Radomska_20_schody_na_pierwsze_pietro_polpietro_posadzka-1024x775.jpg 1024w, http:\/\/lapidarium.fundacja-hereditas.pl\/wp-content\/uploads\/2024\/05\/E_Dziedziniewicz-Rapca_Warszawa_Radomska_20_schody_na_pierwsze_pietro_polpietro_posadzka-300x227.jpg 300w, http:\/\/lapidarium.fundacja-hereditas.pl\/wp-content\/uploads\/2024\/05\/E_Dziedziniewicz-Rapca_Warszawa_Radomska_20_schody_na_pierwsze_pietro_polpietro_posadzka-768x581.jpg 768w, http:\/\/lapidarium.fundacja-hereditas.pl\/wp-content\/uploads\/2024\/05\/E_Dziedziniewicz-Rapca_Warszawa_Radomska_20_schody_na_pierwsze_pietro_polpietro_posadzka-1536x1163.jpg 1536w, http:\/\/lapidarium.fundacja-hereditas.pl\/wp-content\/uploads\/2024\/05\/E_Dziedziniewicz-Rapca_Warszawa_Radomska_20_schody_na_pierwsze_pietro_polpietro_posadzka-2048x1550.jpg 2048w, http:\/\/lapidarium.fundacja-hereditas.pl\/wp-content\/uploads\/2024\/05\/E_Dziedziniewicz-Rapca_Warszawa_Radomska_20_schody_na_pierwsze_pietro_polpietro_posadzka-150x114.jpg 150w, http:\/\/lapidarium.fundacja-hereditas.pl\/wp-content\/uploads\/2024\/05\/E_Dziedziniewicz-Rapca_Warszawa_Radomska_20_schody_na_pierwsze_pietro_polpietro_posadzka-696x527.jpg 696w, http:\/\/lapidarium.fundacja-hereditas.pl\/wp-content\/uploads\/2024\/05\/E_Dziedziniewicz-Rapca_Warszawa_Radomska_20_schody_na_pierwsze_pietro_polpietro_posadzka-1068x808.jpg 1068w, http:\/\/lapidarium.fundacja-hereditas.pl\/wp-content\/uploads\/2024\/05\/E_Dziedziniewicz-Rapca_Warszawa_Radomska_20_schody_na_pierwsze_pietro_polpietro_posadzka-1920x1453.jpg 1920w\" sizes=\"auto, (max-width: 1024px) 100vw, 1024px\" \/><\/a><figcaption class=\"wp-element-caption\">Zakr\u0119t balustrady na I-szym spoczniku. Na posadzce \u015blad po pocisku. Fot. Ewa Dziedziniewicz-R\u0105pca, 2023 r., \u017ar\u00f3d\u0142o: MWKZ.<\/figcaption><\/figure>\n\n\n\n<figure class=\"wp-block-image size-large\"><a href=\"http:\/\/lapidarium.fundacja-hereditas.pl\/wp-content\/uploads\/2024\/05\/E_Dziedziniewicz-Rapca_Warszawa_Radomska_20_schody_na_pierwsze_pietro_polpietro_z_gory-scaled.jpg\"><img loading=\"lazy\" decoding=\"async\" width=\"773\" height=\"1024\" data-id=\"25181\" src=\"http:\/\/lapidarium.fundacja-hereditas.pl\/wp-content\/uploads\/2024\/05\/E_Dziedziniewicz-Rapca_Warszawa_Radomska_20_schody_na_pierwsze_pietro_polpietro_z_gory-773x1024.jpg\" alt=\"\" class=\"wp-image-25181\" srcset=\"http:\/\/lapidarium.fundacja-hereditas.pl\/wp-content\/uploads\/2024\/05\/E_Dziedziniewicz-Rapca_Warszawa_Radomska_20_schody_na_pierwsze_pietro_polpietro_z_gory-773x1024.jpg 773w, http:\/\/lapidarium.fundacja-hereditas.pl\/wp-content\/uploads\/2024\/05\/E_Dziedziniewicz-Rapca_Warszawa_Radomska_20_schody_na_pierwsze_pietro_polpietro_z_gory-226x300.jpg 226w, http:\/\/lapidarium.fundacja-hereditas.pl\/wp-content\/uploads\/2024\/05\/E_Dziedziniewicz-Rapca_Warszawa_Radomska_20_schody_na_pierwsze_pietro_polpietro_z_gory-768x1017.jpg 768w, http:\/\/lapidarium.fundacja-hereditas.pl\/wp-content\/uploads\/2024\/05\/E_Dziedziniewicz-Rapca_Warszawa_Radomska_20_schody_na_pierwsze_pietro_polpietro_z_gory-1160x1536.jpg 1160w, http:\/\/lapidarium.fundacja-hereditas.pl\/wp-content\/uploads\/2024\/05\/E_Dziedziniewicz-Rapca_Warszawa_Radomska_20_schody_na_pierwsze_pietro_polpietro_z_gory-1546x2048.jpg 1546w, http:\/\/lapidarium.fundacja-hereditas.pl\/wp-content\/uploads\/2024\/05\/E_Dziedziniewicz-Rapca_Warszawa_Radomska_20_schody_na_pierwsze_pietro_polpietro_z_gory-150x199.jpg 150w, http:\/\/lapidarium.fundacja-hereditas.pl\/wp-content\/uploads\/2024\/05\/E_Dziedziniewicz-Rapca_Warszawa_Radomska_20_schody_na_pierwsze_pietro_polpietro_z_gory-300x397.jpg 300w, http:\/\/lapidarium.fundacja-hereditas.pl\/wp-content\/uploads\/2024\/05\/E_Dziedziniewicz-Rapca_Warszawa_Radomska_20_schody_na_pierwsze_pietro_polpietro_z_gory-696x922.jpg 696w, http:\/\/lapidarium.fundacja-hereditas.pl\/wp-content\/uploads\/2024\/05\/E_Dziedziniewicz-Rapca_Warszawa_Radomska_20_schody_na_pierwsze_pietro_polpietro_z_gory-1068x1415.jpg 1068w, http:\/\/lapidarium.fundacja-hereditas.pl\/wp-content\/uploads\/2024\/05\/E_Dziedziniewicz-Rapca_Warszawa_Radomska_20_schody_na_pierwsze_pietro_polpietro_z_gory-1920x2543.jpg 1920w, http:\/\/lapidarium.fundacja-hereditas.pl\/wp-content\/uploads\/2024\/05\/E_Dziedziniewicz-Rapca_Warszawa_Radomska_20_schody_na_pierwsze_pietro_polpietro_z_gory-scaled.jpg 1933w\" sizes=\"auto, (max-width: 773px) 100vw, 773px\" \/><\/a><figcaption class=\"wp-element-caption\">Zakr\u0119t balustrady na I-szym spoczniku. Na posadzce \u015blad po pocisku. Fot. Ewa Dziedziniewicz-R\u0105pca, 2023 r., \u017ar\u00f3d\u0142o: MWKZ.<\/figcaption><\/figure>\n\n\n\n<figure class=\"wp-block-image size-large\"><a href=\"http:\/\/lapidarium.fundacja-hereditas.pl\/wp-content\/uploads\/2024\/05\/E_Dziedziniewicz-Rapca_Warszawa_Radomska_20_schody_na_drugie_pietro-scaled.jpg\"><img loading=\"lazy\" decoding=\"async\" width=\"766\" height=\"1024\" data-id=\"25172\" src=\"http:\/\/lapidarium.fundacja-hereditas.pl\/wp-content\/uploads\/2024\/05\/E_Dziedziniewicz-Rapca_Warszawa_Radomska_20_schody_na_drugie_pietro-766x1024.jpg\" alt=\"\" class=\"wp-image-25172\" srcset=\"http:\/\/lapidarium.fundacja-hereditas.pl\/wp-content\/uploads\/2024\/05\/E_Dziedziniewicz-Rapca_Warszawa_Radomska_20_schody_na_drugie_pietro-766x1024.jpg 766w, http:\/\/lapidarium.fundacja-hereditas.pl\/wp-content\/uploads\/2024\/05\/E_Dziedziniewicz-Rapca_Warszawa_Radomska_20_schody_na_drugie_pietro-225x300.jpg 225w, http:\/\/lapidarium.fundacja-hereditas.pl\/wp-content\/uploads\/2024\/05\/E_Dziedziniewicz-Rapca_Warszawa_Radomska_20_schody_na_drugie_pietro-768x1026.jpg 768w, http:\/\/lapidarium.fundacja-hereditas.pl\/wp-content\/uploads\/2024\/05\/E_Dziedziniewicz-Rapca_Warszawa_Radomska_20_schody_na_drugie_pietro-1149x1536.jpg 1149w, http:\/\/lapidarium.fundacja-hereditas.pl\/wp-content\/uploads\/2024\/05\/E_Dziedziniewicz-Rapca_Warszawa_Radomska_20_schody_na_drugie_pietro-1533x2048.jpg 1533w, http:\/\/lapidarium.fundacja-hereditas.pl\/wp-content\/uploads\/2024\/05\/E_Dziedziniewicz-Rapca_Warszawa_Radomska_20_schody_na_drugie_pietro-150x200.jpg 150w, http:\/\/lapidarium.fundacja-hereditas.pl\/wp-content\/uploads\/2024\/05\/E_Dziedziniewicz-Rapca_Warszawa_Radomska_20_schody_na_drugie_pietro-300x401.jpg 300w, http:\/\/lapidarium.fundacja-hereditas.pl\/wp-content\/uploads\/2024\/05\/E_Dziedziniewicz-Rapca_Warszawa_Radomska_20_schody_na_drugie_pietro-696x930.jpg 696w, http:\/\/lapidarium.fundacja-hereditas.pl\/wp-content\/uploads\/2024\/05\/E_Dziedziniewicz-Rapca_Warszawa_Radomska_20_schody_na_drugie_pietro-1068x1427.jpg 1068w, http:\/\/lapidarium.fundacja-hereditas.pl\/wp-content\/uploads\/2024\/05\/E_Dziedziniewicz-Rapca_Warszawa_Radomska_20_schody_na_drugie_pietro-1920x2566.jpg 1920w, http:\/\/lapidarium.fundacja-hereditas.pl\/wp-content\/uploads\/2024\/05\/E_Dziedziniewicz-Rapca_Warszawa_Radomska_20_schody_na_drugie_pietro-scaled.jpg 1916w\" sizes=\"auto, (max-width: 766px) 100vw, 766px\" \/><\/a><figcaption class=\"wp-element-caption\">Widok z I-go pi\u0119tra na spocznik. Fot. Ewa Dziedziniewicz-R\u0105pca, 2023 r., \u017ar\u00f3d\u0142o: MWKZ.<\/figcaption><\/figure>\n\n\n\n<figure class=\"wp-block-image size-large\"><a href=\"http:\/\/lapidarium.fundacja-hereditas.pl\/wp-content\/uploads\/2024\/05\/E_Dziedziniewicz-Rapca_Warszawa_Radomska_20_schody_na_pierwsze_pietro_cale-scaled.jpg\"><img loading=\"lazy\" decoding=\"async\" width=\"757\" height=\"1024\" data-id=\"25176\" src=\"http:\/\/lapidarium.fundacja-hereditas.pl\/wp-content\/uploads\/2024\/05\/E_Dziedziniewicz-Rapca_Warszawa_Radomska_20_schody_na_pierwsze_pietro_cale-757x1024.jpg\" alt=\"\" class=\"wp-image-25176\" srcset=\"http:\/\/lapidarium.fundacja-hereditas.pl\/wp-content\/uploads\/2024\/05\/E_Dziedziniewicz-Rapca_Warszawa_Radomska_20_schody_na_pierwsze_pietro_cale-757x1024.jpg 757w, http:\/\/lapidarium.fundacja-hereditas.pl\/wp-content\/uploads\/2024\/05\/E_Dziedziniewicz-Rapca_Warszawa_Radomska_20_schody_na_pierwsze_pietro_cale-222x300.jpg 222w, http:\/\/lapidarium.fundacja-hereditas.pl\/wp-content\/uploads\/2024\/05\/E_Dziedziniewicz-Rapca_Warszawa_Radomska_20_schody_na_pierwsze_pietro_cale-768x1039.jpg 768w, http:\/\/lapidarium.fundacja-hereditas.pl\/wp-content\/uploads\/2024\/05\/E_Dziedziniewicz-Rapca_Warszawa_Radomska_20_schody_na_pierwsze_pietro_cale-1136x1536.jpg 1136w, http:\/\/lapidarium.fundacja-hereditas.pl\/wp-content\/uploads\/2024\/05\/E_Dziedziniewicz-Rapca_Warszawa_Radomska_20_schody_na_pierwsze_pietro_cale-1514x2048.jpg 1514w, http:\/\/lapidarium.fundacja-hereditas.pl\/wp-content\/uploads\/2024\/05\/E_Dziedziniewicz-Rapca_Warszawa_Radomska_20_schody_na_pierwsze_pietro_cale-150x203.jpg 150w, http:\/\/lapidarium.fundacja-hereditas.pl\/wp-content\/uploads\/2024\/05\/E_Dziedziniewicz-Rapca_Warszawa_Radomska_20_schody_na_pierwsze_pietro_cale-300x406.jpg 300w, http:\/\/lapidarium.fundacja-hereditas.pl\/wp-content\/uploads\/2024\/05\/E_Dziedziniewicz-Rapca_Warszawa_Radomska_20_schody_na_pierwsze_pietro_cale-696x941.jpg 696w, http:\/\/lapidarium.fundacja-hereditas.pl\/wp-content\/uploads\/2024\/05\/E_Dziedziniewicz-Rapca_Warszawa_Radomska_20_schody_na_pierwsze_pietro_cale-1068x1444.jpg 1068w, http:\/\/lapidarium.fundacja-hereditas.pl\/wp-content\/uploads\/2024\/05\/E_Dziedziniewicz-Rapca_Warszawa_Radomska_20_schody_na_pierwsze_pietro_cale-1920x2597.jpg 1920w, http:\/\/lapidarium.fundacja-hereditas.pl\/wp-content\/uploads\/2024\/05\/E_Dziedziniewicz-Rapca_Warszawa_Radomska_20_schody_na_pierwsze_pietro_cale-scaled.jpg 1893w\" sizes=\"auto, (max-width: 757px) 100vw, 757px\" \/><\/a><figcaption class=\"wp-element-caption\">Widok ze spocznika na I-sze pi\u0119tro. Fot. Ewa Dziedziniewicz-R\u0105pca, 2023 r., \u017ar\u00f3d\u0142o: MWKZ.<\/figcaption><\/figure>\n\n\n\n<figure class=\"wp-block-image size-large\"><a href=\"http:\/\/lapidarium.fundacja-hereditas.pl\/wp-content\/uploads\/2024\/05\/E_Dziedziniewicz-Rapca_Warszawa_Radomska_20_schody_na_pierwsze_pietro_porecz-scaled.jpg\"><img loading=\"lazy\" decoding=\"async\" width=\"776\" height=\"1024\" data-id=\"25183\" src=\"http:\/\/lapidarium.fundacja-hereditas.pl\/wp-content\/uploads\/2024\/05\/E_Dziedziniewicz-Rapca_Warszawa_Radomska_20_schody_na_pierwsze_pietro_porecz-776x1024.jpg\" alt=\"\" class=\"wp-image-25183\" srcset=\"http:\/\/lapidarium.fundacja-hereditas.pl\/wp-content\/uploads\/2024\/05\/E_Dziedziniewicz-Rapca_Warszawa_Radomska_20_schody_na_pierwsze_pietro_porecz-776x1024.jpg 776w, http:\/\/lapidarium.fundacja-hereditas.pl\/wp-content\/uploads\/2024\/05\/E_Dziedziniewicz-Rapca_Warszawa_Radomska_20_schody_na_pierwsze_pietro_porecz-227x300.jpg 227w, http:\/\/lapidarium.fundacja-hereditas.pl\/wp-content\/uploads\/2024\/05\/E_Dziedziniewicz-Rapca_Warszawa_Radomska_20_schody_na_pierwsze_pietro_porecz-768x1014.jpg 768w, http:\/\/lapidarium.fundacja-hereditas.pl\/wp-content\/uploads\/2024\/05\/E_Dziedziniewicz-Rapca_Warszawa_Radomska_20_schody_na_pierwsze_pietro_porecz-1164x1536.jpg 1164w, http:\/\/lapidarium.fundacja-hereditas.pl\/wp-content\/uploads\/2024\/05\/E_Dziedziniewicz-Rapca_Warszawa_Radomska_20_schody_na_pierwsze_pietro_porecz-1552x2048.jpg 1552w, http:\/\/lapidarium.fundacja-hereditas.pl\/wp-content\/uploads\/2024\/05\/E_Dziedziniewicz-Rapca_Warszawa_Radomska_20_schody_na_pierwsze_pietro_porecz-150x198.jpg 150w, http:\/\/lapidarium.fundacja-hereditas.pl\/wp-content\/uploads\/2024\/05\/E_Dziedziniewicz-Rapca_Warszawa_Radomska_20_schody_na_pierwsze_pietro_porecz-300x396.jpg 300w, http:\/\/lapidarium.fundacja-hereditas.pl\/wp-content\/uploads\/2024\/05\/E_Dziedziniewicz-Rapca_Warszawa_Radomska_20_schody_na_pierwsze_pietro_porecz-696x919.jpg 696w, http:\/\/lapidarium.fundacja-hereditas.pl\/wp-content\/uploads\/2024\/05\/E_Dziedziniewicz-Rapca_Warszawa_Radomska_20_schody_na_pierwsze_pietro_porecz-1068x1410.jpg 1068w, http:\/\/lapidarium.fundacja-hereditas.pl\/wp-content\/uploads\/2024\/05\/E_Dziedziniewicz-Rapca_Warszawa_Radomska_20_schody_na_pierwsze_pietro_porecz-1920x2534.jpg 1920w, http:\/\/lapidarium.fundacja-hereditas.pl\/wp-content\/uploads\/2024\/05\/E_Dziedziniewicz-Rapca_Warszawa_Radomska_20_schody_na_pierwsze_pietro_porecz-scaled.jpg 1940w\" sizes=\"auto, (max-width: 776px) 100vw, 776px\" \/><\/a><figcaption class=\"wp-element-caption\">Widok na I-sze pi\u0119tro. Fot. Ewa Dziedziniewicz-R\u0105pca, 2023 r., \u017ar\u00f3d\u0142o: MWKZ.<\/figcaption><\/figure>\n\n\n\n<figure class=\"wp-block-image size-large\"><a href=\"http:\/\/lapidarium.fundacja-hereditas.pl\/wp-content\/uploads\/2024\/05\/E_Dziedziniewicz-Rapca_Warszawa_Radomska_20_pierwsze_pietro-scaled.jpg\"><img loading=\"lazy\" decoding=\"async\" width=\"762\" height=\"1024\" data-id=\"25169\" src=\"http:\/\/lapidarium.fundacja-hereditas.pl\/wp-content\/uploads\/2024\/05\/E_Dziedziniewicz-Rapca_Warszawa_Radomska_20_pierwsze_pietro-762x1024.jpg\" alt=\"\" class=\"wp-image-25169\" srcset=\"http:\/\/lapidarium.fundacja-hereditas.pl\/wp-content\/uploads\/2024\/05\/E_Dziedziniewicz-Rapca_Warszawa_Radomska_20_pierwsze_pietro-762x1024.jpg 762w, http:\/\/lapidarium.fundacja-hereditas.pl\/wp-content\/uploads\/2024\/05\/E_Dziedziniewicz-Rapca_Warszawa_Radomska_20_pierwsze_pietro-223x300.jpg 223w, http:\/\/lapidarium.fundacja-hereditas.pl\/wp-content\/uploads\/2024\/05\/E_Dziedziniewicz-Rapca_Warszawa_Radomska_20_pierwsze_pietro-768x1032.jpg 768w, http:\/\/lapidarium.fundacja-hereditas.pl\/wp-content\/uploads\/2024\/05\/E_Dziedziniewicz-Rapca_Warszawa_Radomska_20_pierwsze_pietro-1143x1536.jpg 1143w, http:\/\/lapidarium.fundacja-hereditas.pl\/wp-content\/uploads\/2024\/05\/E_Dziedziniewicz-Rapca_Warszawa_Radomska_20_pierwsze_pietro-1525x2048.jpg 1525w, http:\/\/lapidarium.fundacja-hereditas.pl\/wp-content\/uploads\/2024\/05\/E_Dziedziniewicz-Rapca_Warszawa_Radomska_20_pierwsze_pietro-150x201.jpg 150w, http:\/\/lapidarium.fundacja-hereditas.pl\/wp-content\/uploads\/2024\/05\/E_Dziedziniewicz-Rapca_Warszawa_Radomska_20_pierwsze_pietro-300x403.jpg 300w, http:\/\/lapidarium.fundacja-hereditas.pl\/wp-content\/uploads\/2024\/05\/E_Dziedziniewicz-Rapca_Warszawa_Radomska_20_pierwsze_pietro-696x935.jpg 696w, http:\/\/lapidarium.fundacja-hereditas.pl\/wp-content\/uploads\/2024\/05\/E_Dziedziniewicz-Rapca_Warszawa_Radomska_20_pierwsze_pietro-1068x1435.jpg 1068w, http:\/\/lapidarium.fundacja-hereditas.pl\/wp-content\/uploads\/2024\/05\/E_Dziedziniewicz-Rapca_Warszawa_Radomska_20_pierwsze_pietro-1920x2579.jpg 1920w, http:\/\/lapidarium.fundacja-hereditas.pl\/wp-content\/uploads\/2024\/05\/E_Dziedziniewicz-Rapca_Warszawa_Radomska_20_pierwsze_pietro-scaled.jpg 1906w\" sizes=\"auto, (max-width: 762px) 100vw, 762px\" \/><\/a><figcaption class=\"wp-element-caption\">Zakr\u0119t balustrady na I-szym pi\u0119trze. Fot. Ewa Dziedziniewicz-R\u0105pca, 2023 r., \u017ar\u00f3d\u0142o: MWKZ.<\/figcaption><\/figure>\n\n\n\n<figure class=\"wp-block-image size-large\"><a href=\"http:\/\/lapidarium.fundacja-hereditas.pl\/wp-content\/uploads\/2024\/05\/E_Dziedziniewicz-Rapca_Warszawa_Radomska_20_pierwsze_pietro_porecz-scaled.jpg\"><img loading=\"lazy\" decoding=\"async\" width=\"764\" height=\"1024\" data-id=\"25170\" src=\"http:\/\/lapidarium.fundacja-hereditas.pl\/wp-content\/uploads\/2024\/05\/E_Dziedziniewicz-Rapca_Warszawa_Radomska_20_pierwsze_pietro_porecz-764x1024.jpg\" alt=\"\" class=\"wp-image-25170\" srcset=\"http:\/\/lapidarium.fundacja-hereditas.pl\/wp-content\/uploads\/2024\/05\/E_Dziedziniewicz-Rapca_Warszawa_Radomska_20_pierwsze_pietro_porecz-764x1024.jpg 764w, http:\/\/lapidarium.fundacja-hereditas.pl\/wp-content\/uploads\/2024\/05\/E_Dziedziniewicz-Rapca_Warszawa_Radomska_20_pierwsze_pietro_porecz-224x300.jpg 224w, http:\/\/lapidarium.fundacja-hereditas.pl\/wp-content\/uploads\/2024\/05\/E_Dziedziniewicz-Rapca_Warszawa_Radomska_20_pierwsze_pietro_porecz-768x1030.jpg 768w, http:\/\/lapidarium.fundacja-hereditas.pl\/wp-content\/uploads\/2024\/05\/E_Dziedziniewicz-Rapca_Warszawa_Radomska_20_pierwsze_pietro_porecz-1146x1536.jpg 1146w, http:\/\/lapidarium.fundacja-hereditas.pl\/wp-content\/uploads\/2024\/05\/E_Dziedziniewicz-Rapca_Warszawa_Radomska_20_pierwsze_pietro_porecz-1528x2048.jpg 1528w, http:\/\/lapidarium.fundacja-hereditas.pl\/wp-content\/uploads\/2024\/05\/E_Dziedziniewicz-Rapca_Warszawa_Radomska_20_pierwsze_pietro_porecz-150x201.jpg 150w, http:\/\/lapidarium.fundacja-hereditas.pl\/wp-content\/uploads\/2024\/05\/E_Dziedziniewicz-Rapca_Warszawa_Radomska_20_pierwsze_pietro_porecz-300x402.jpg 300w, http:\/\/lapidarium.fundacja-hereditas.pl\/wp-content\/uploads\/2024\/05\/E_Dziedziniewicz-Rapca_Warszawa_Radomska_20_pierwsze_pietro_porecz-696x933.jpg 696w, http:\/\/lapidarium.fundacja-hereditas.pl\/wp-content\/uploads\/2024\/05\/E_Dziedziniewicz-Rapca_Warszawa_Radomska_20_pierwsze_pietro_porecz-1068x1432.jpg 1068w, http:\/\/lapidarium.fundacja-hereditas.pl\/wp-content\/uploads\/2024\/05\/E_Dziedziniewicz-Rapca_Warszawa_Radomska_20_pierwsze_pietro_porecz-1920x2574.jpg 1920w, http:\/\/lapidarium.fundacja-hereditas.pl\/wp-content\/uploads\/2024\/05\/E_Dziedziniewicz-Rapca_Warszawa_Radomska_20_pierwsze_pietro_porecz-scaled.jpg 1910w\" sizes=\"auto, (max-width: 764px) 100vw, 764px\" \/><\/a><figcaption class=\"wp-element-caption\">Zakr\u0119t balustrady na I-szym pi\u0119trze. Fot. Ewa Dziedziniewicz-R\u0105pca, 2023 r., \u017ar\u00f3d\u0142o: MWKZ.<\/figcaption><\/figure>\n\n\n\n<figure class=\"wp-block-image size-large\"><a href=\"http:\/\/lapidarium.fundacja-hereditas.pl\/wp-content\/uploads\/2024\/05\/E_Dziedziniewicz-Rapca_Warszawa_Radomska_20_drugie_pietro_posadzka-scaled.jpg\"><img loading=\"lazy\" decoding=\"async\" width=\"777\" height=\"1024\" data-id=\"25165\" src=\"http:\/\/lapidarium.fundacja-hereditas.pl\/wp-content\/uploads\/2024\/05\/E_Dziedziniewicz-Rapca_Warszawa_Radomska_20_drugie_pietro_posadzka-777x1024.jpg\" alt=\"\" class=\"wp-image-25165\" srcset=\"http:\/\/lapidarium.fundacja-hereditas.pl\/wp-content\/uploads\/2024\/05\/E_Dziedziniewicz-Rapca_Warszawa_Radomska_20_drugie_pietro_posadzka-777x1024.jpg 777w, http:\/\/lapidarium.fundacja-hereditas.pl\/wp-content\/uploads\/2024\/05\/E_Dziedziniewicz-Rapca_Warszawa_Radomska_20_drugie_pietro_posadzka-228x300.jpg 228w, http:\/\/lapidarium.fundacja-hereditas.pl\/wp-content\/uploads\/2024\/05\/E_Dziedziniewicz-Rapca_Warszawa_Radomska_20_drugie_pietro_posadzka-768x1012.jpg 768w, http:\/\/lapidarium.fundacja-hereditas.pl\/wp-content\/uploads\/2024\/05\/E_Dziedziniewicz-Rapca_Warszawa_Radomska_20_drugie_pietro_posadzka-1166x1536.jpg 1166w, http:\/\/lapidarium.fundacja-hereditas.pl\/wp-content\/uploads\/2024\/05\/E_Dziedziniewicz-Rapca_Warszawa_Radomska_20_drugie_pietro_posadzka-scaled.jpg 1943w\" sizes=\"auto, (max-width: 777px) 100vw, 777px\" \/><\/a><figcaption class=\"wp-element-caption\">Posadzka I-go pi\u0119tra. Na lastrico plamy krwi z powstania (1944 r.). Fot. Ewa Dziedziniewicz-R\u0105pca, 2023 r., \u017ar\u00f3d\u0142o: MWKZ.<\/figcaption><\/figure>\n\n\n\n<figure class=\"wp-block-image size-large\"><a href=\"http:\/\/lapidarium.fundacja-hereditas.pl\/wp-content\/uploads\/2024\/05\/PiotrPrusakiewicz_Radomska20_Warszawa_1p-scaled.jpg\"><img loading=\"lazy\" decoding=\"async\" width=\"1024\" height=\"612\" data-id=\"25191\" src=\"http:\/\/lapidarium.fundacja-hereditas.pl\/wp-content\/uploads\/2024\/05\/PiotrPrusakiewicz_Radomska20_Warszawa_1p-1024x612.jpg\" alt=\"\" class=\"wp-image-25191\" srcset=\"http:\/\/lapidarium.fundacja-hereditas.pl\/wp-content\/uploads\/2024\/05\/PiotrPrusakiewicz_Radomska20_Warszawa_1p-1024x612.jpg 1024w, http:\/\/lapidarium.fundacja-hereditas.pl\/wp-content\/uploads\/2024\/05\/PiotrPrusakiewicz_Radomska20_Warszawa_1p-300x179.jpg 300w, http:\/\/lapidarium.fundacja-hereditas.pl\/wp-content\/uploads\/2024\/05\/PiotrPrusakiewicz_Radomska20_Warszawa_1p-768x459.jpg 768w, http:\/\/lapidarium.fundacja-hereditas.pl\/wp-content\/uploads\/2024\/05\/PiotrPrusakiewicz_Radomska20_Warszawa_1p-1536x918.jpg 1536w, http:\/\/lapidarium.fundacja-hereditas.pl\/wp-content\/uploads\/2024\/05\/PiotrPrusakiewicz_Radomska20_Warszawa_1p-2048x1223.jpg 2048w, http:\/\/lapidarium.fundacja-hereditas.pl\/wp-content\/uploads\/2024\/05\/PiotrPrusakiewicz_Radomska20_Warszawa_1p-150x90.jpg 150w, http:\/\/lapidarium.fundacja-hereditas.pl\/wp-content\/uploads\/2024\/05\/PiotrPrusakiewicz_Radomska20_Warszawa_1p-696x416.jpg 696w, http:\/\/lapidarium.fundacja-hereditas.pl\/wp-content\/uploads\/2024\/05\/PiotrPrusakiewicz_Radomska20_Warszawa_1p-1068x638.jpg 1068w, http:\/\/lapidarium.fundacja-hereditas.pl\/wp-content\/uploads\/2024\/05\/PiotrPrusakiewicz_Radomska20_Warszawa_1p-1920x1147.jpg 1920w\" sizes=\"auto, (max-width: 1024px) 100vw, 1024px\" \/><\/a><figcaption class=\"wp-element-caption\">Klatka. Pi\u0119tro I-sze widok og\u00f3lny. Fot. Piotr Prusakiewicz, 2023 r., \u017ar\u00f3d\u0142o: MWKZ.<\/figcaption><\/figure>\n\n\n\n<figure class=\"wp-block-image size-large\"><a href=\"http:\/\/lapidarium.fundacja-hereditas.pl\/wp-content\/uploads\/2024\/05\/PiotrPrusakiewicz_Radomska20_Warszawa_klatka_schodowa_przed_2p-scaled.jpg\"><img loading=\"lazy\" decoding=\"async\" width=\"494\" height=\"1024\" data-id=\"25202\" src=\"http:\/\/lapidarium.fundacja-hereditas.pl\/wp-content\/uploads\/2024\/05\/PiotrPrusakiewicz_Radomska20_Warszawa_klatka_schodowa_przed_2p-494x1024.jpg\" alt=\"\" class=\"wp-image-25202\" srcset=\"http:\/\/lapidarium.fundacja-hereditas.pl\/wp-content\/uploads\/2024\/05\/PiotrPrusakiewicz_Radomska20_Warszawa_klatka_schodowa_przed_2p-494x1024.jpg 494w, http:\/\/lapidarium.fundacja-hereditas.pl\/wp-content\/uploads\/2024\/05\/PiotrPrusakiewicz_Radomska20_Warszawa_klatka_schodowa_przed_2p-145x300.jpg 145w, http:\/\/lapidarium.fundacja-hereditas.pl\/wp-content\/uploads\/2024\/05\/PiotrPrusakiewicz_Radomska20_Warszawa_klatka_schodowa_przed_2p-768x1593.jpg 768w, http:\/\/lapidarium.fundacja-hereditas.pl\/wp-content\/uploads\/2024\/05\/PiotrPrusakiewicz_Radomska20_Warszawa_klatka_schodowa_przed_2p-741x1536.jpg 741w, http:\/\/lapidarium.fundacja-hereditas.pl\/wp-content\/uploads\/2024\/05\/PiotrPrusakiewicz_Radomska20_Warszawa_klatka_schodowa_przed_2p-988x2048.jpg 988w, http:\/\/lapidarium.fundacja-hereditas.pl\/wp-content\/uploads\/2024\/05\/PiotrPrusakiewicz_Radomska20_Warszawa_klatka_schodowa_przed_2p-150x311.jpg 150w, http:\/\/lapidarium.fundacja-hereditas.pl\/wp-content\/uploads\/2024\/05\/PiotrPrusakiewicz_Radomska20_Warszawa_klatka_schodowa_przed_2p-300x622.jpg 300w, http:\/\/lapidarium.fundacja-hereditas.pl\/wp-content\/uploads\/2024\/05\/PiotrPrusakiewicz_Radomska20_Warszawa_klatka_schodowa_przed_2p-696x1443.jpg 696w, http:\/\/lapidarium.fundacja-hereditas.pl\/wp-content\/uploads\/2024\/05\/PiotrPrusakiewicz_Radomska20_Warszawa_klatka_schodowa_przed_2p-1068x2215.jpg 1068w, http:\/\/lapidarium.fundacja-hereditas.pl\/wp-content\/uploads\/2024\/05\/PiotrPrusakiewicz_Radomska20_Warszawa_klatka_schodowa_przed_2p-scaled.jpg 1234w\" sizes=\"auto, (max-width: 494px) 100vw, 494px\" \/><\/a><figcaption class=\"wp-element-caption\">Klatka &#8211; spocznik przed pi\u0119trem II-gim. Fot. Piotr Prusakiewicz, 2023 r., \u017ar\u00f3d\u0142o: MWKZ.<\/figcaption><\/figure>\n\n\n\n<figure class=\"wp-block-image size-large\"><a href=\"http:\/\/lapidarium.fundacja-hereditas.pl\/wp-content\/uploads\/2024\/05\/PiotrPrusakiewicz_Radomska20_Warszawa_drzwi_do_mieszkania_plaskorzezba_2p-scaled.jpg\"><img loading=\"lazy\" decoding=\"async\" width=\"485\" height=\"1024\" data-id=\"25196\" src=\"http:\/\/lapidarium.fundacja-hereditas.pl\/wp-content\/uploads\/2024\/05\/PiotrPrusakiewicz_Radomska20_Warszawa_drzwi_do_mieszkania_plaskorzezba_2p-485x1024.jpg\" alt=\"\" class=\"wp-image-25196\" srcset=\"http:\/\/lapidarium.fundacja-hereditas.pl\/wp-content\/uploads\/2024\/05\/PiotrPrusakiewicz_Radomska20_Warszawa_drzwi_do_mieszkania_plaskorzezba_2p-485x1024.jpg 485w, http:\/\/lapidarium.fundacja-hereditas.pl\/wp-content\/uploads\/2024\/05\/PiotrPrusakiewicz_Radomska20_Warszawa_drzwi_do_mieszkania_plaskorzezba_2p-142x300.jpg 142w, http:\/\/lapidarium.fundacja-hereditas.pl\/wp-content\/uploads\/2024\/05\/PiotrPrusakiewicz_Radomska20_Warszawa_drzwi_do_mieszkania_plaskorzezba_2p-768x1621.jpg 768w, http:\/\/lapidarium.fundacja-hereditas.pl\/wp-content\/uploads\/2024\/05\/PiotrPrusakiewicz_Radomska20_Warszawa_drzwi_do_mieszkania_plaskorzezba_2p-728x1536.jpg 728w, http:\/\/lapidarium.fundacja-hereditas.pl\/wp-content\/uploads\/2024\/05\/PiotrPrusakiewicz_Radomska20_Warszawa_drzwi_do_mieszkania_plaskorzezba_2p-970x2048.jpg 970w, http:\/\/lapidarium.fundacja-hereditas.pl\/wp-content\/uploads\/2024\/05\/PiotrPrusakiewicz_Radomska20_Warszawa_drzwi_do_mieszkania_plaskorzezba_2p-150x317.jpg 150w, http:\/\/lapidarium.fundacja-hereditas.pl\/wp-content\/uploads\/2024\/05\/PiotrPrusakiewicz_Radomska20_Warszawa_drzwi_do_mieszkania_plaskorzezba_2p-300x633.jpg 300w, http:\/\/lapidarium.fundacja-hereditas.pl\/wp-content\/uploads\/2024\/05\/PiotrPrusakiewicz_Radomska20_Warszawa_drzwi_do_mieszkania_plaskorzezba_2p-696x1469.jpg 696w, http:\/\/lapidarium.fundacja-hereditas.pl\/wp-content\/uploads\/2024\/05\/PiotrPrusakiewicz_Radomska20_Warszawa_drzwi_do_mieszkania_plaskorzezba_2p-1068x2254.jpg 1068w, http:\/\/lapidarium.fundacja-hereditas.pl\/wp-content\/uploads\/2024\/05\/PiotrPrusakiewicz_Radomska20_Warszawa_drzwi_do_mieszkania_plaskorzezba_2p-scaled.jpg 1213w\" sizes=\"auto, (max-width: 485px) 100vw, 485px\" \/><\/a><figcaption class=\"wp-element-caption\">Klatka. Pi\u0119tro II-gie. P\u0142askorze\u017aba Matki Boskiej. Fot. Piotr Prusakiewicz, 2023 r., \u017ar\u00f3d\u0142o: MWKZ.<\/figcaption><\/figure>\n\n\n\n<figure class=\"wp-block-image size-large\"><a href=\"http:\/\/lapidarium.fundacja-hereditas.pl\/wp-content\/uploads\/2024\/05\/PiotrPrusakiewicz_Radomska20_Warszawa_gipsowa_plaskorzezba_przysufitowa_2p-scaled.jpg\"><img loading=\"lazy\" decoding=\"async\" width=\"1024\" height=\"516\" data-id=\"25199\" src=\"http:\/\/lapidarium.fundacja-hereditas.pl\/wp-content\/uploads\/2024\/05\/PiotrPrusakiewicz_Radomska20_Warszawa_gipsowa_plaskorzezba_przysufitowa_2p-1024x516.jpg\" alt=\"\" class=\"wp-image-25199\" srcset=\"http:\/\/lapidarium.fundacja-hereditas.pl\/wp-content\/uploads\/2024\/05\/PiotrPrusakiewicz_Radomska20_Warszawa_gipsowa_plaskorzezba_przysufitowa_2p-1024x516.jpg 1024w, http:\/\/lapidarium.fundacja-hereditas.pl\/wp-content\/uploads\/2024\/05\/PiotrPrusakiewicz_Radomska20_Warszawa_gipsowa_plaskorzezba_przysufitowa_2p-300x151.jpg 300w, http:\/\/lapidarium.fundacja-hereditas.pl\/wp-content\/uploads\/2024\/05\/PiotrPrusakiewicz_Radomska20_Warszawa_gipsowa_plaskorzezba_przysufitowa_2p-768x387.jpg 768w, http:\/\/lapidarium.fundacja-hereditas.pl\/wp-content\/uploads\/2024\/05\/PiotrPrusakiewicz_Radomska20_Warszawa_gipsowa_plaskorzezba_przysufitowa_2p-1536x774.jpg 1536w, http:\/\/lapidarium.fundacja-hereditas.pl\/wp-content\/uploads\/2024\/05\/PiotrPrusakiewicz_Radomska20_Warszawa_gipsowa_plaskorzezba_przysufitowa_2p-2048x1032.jpg 2048w, http:\/\/lapidarium.fundacja-hereditas.pl\/wp-content\/uploads\/2024\/05\/PiotrPrusakiewicz_Radomska20_Warszawa_gipsowa_plaskorzezba_przysufitowa_2p-150x76.jpg 150w, http:\/\/lapidarium.fundacja-hereditas.pl\/wp-content\/uploads\/2024\/05\/PiotrPrusakiewicz_Radomska20_Warszawa_gipsowa_plaskorzezba_przysufitowa_2p-696x351.jpg 696w, http:\/\/lapidarium.fundacja-hereditas.pl\/wp-content\/uploads\/2024\/05\/PiotrPrusakiewicz_Radomska20_Warszawa_gipsowa_plaskorzezba_przysufitowa_2p-1068x538.jpg 1068w, http:\/\/lapidarium.fundacja-hereditas.pl\/wp-content\/uploads\/2024\/05\/PiotrPrusakiewicz_Radomska20_Warszawa_gipsowa_plaskorzezba_przysufitowa_2p-1920x968.jpg 1920w\" sizes=\"auto, (max-width: 1024px) 100vw, 1024px\" \/><\/a><figcaption class=\"wp-element-caption\">Klatka &#8211; p\u0142askorze\u017aba Matki Boskiej. Pi\u0119tro II-gie. Fot. Piotr Prusakiewicz, 2023 r., \u017ar\u00f3d\u0142o: MWKZ.<\/figcaption><\/figure>\n\n\n\n<figure class=\"wp-block-image size-large\"><a href=\"http:\/\/lapidarium.fundacja-hereditas.pl\/wp-content\/uploads\/2024\/05\/E_Dziedziniewicz-Rapca_Warszawa_Radomska_20_trzecie_pietro_widok_z_medalionem_Matka_Boska-scaled.jpg\"><img loading=\"lazy\" decoding=\"async\" width=\"1024\" height=\"797\" data-id=\"25187\" src=\"http:\/\/lapidarium.fundacja-hereditas.pl\/wp-content\/uploads\/2024\/05\/E_Dziedziniewicz-Rapca_Warszawa_Radomska_20_trzecie_pietro_widok_z_medalionem_Matka_Boska-1024x797.jpg\" alt=\"\" class=\"wp-image-25187\" srcset=\"http:\/\/lapidarium.fundacja-hereditas.pl\/wp-content\/uploads\/2024\/05\/E_Dziedziniewicz-Rapca_Warszawa_Radomska_20_trzecie_pietro_widok_z_medalionem_Matka_Boska-1024x797.jpg 1024w, http:\/\/lapidarium.fundacja-hereditas.pl\/wp-content\/uploads\/2024\/05\/E_Dziedziniewicz-Rapca_Warszawa_Radomska_20_trzecie_pietro_widok_z_medalionem_Matka_Boska-300x233.jpg 300w, http:\/\/lapidarium.fundacja-hereditas.pl\/wp-content\/uploads\/2024\/05\/E_Dziedziniewicz-Rapca_Warszawa_Radomska_20_trzecie_pietro_widok_z_medalionem_Matka_Boska-768x598.jpg 768w, http:\/\/lapidarium.fundacja-hereditas.pl\/wp-content\/uploads\/2024\/05\/E_Dziedziniewicz-Rapca_Warszawa_Radomska_20_trzecie_pietro_widok_z_medalionem_Matka_Boska-1536x1195.jpg 1536w, http:\/\/lapidarium.fundacja-hereditas.pl\/wp-content\/uploads\/2024\/05\/E_Dziedziniewicz-Rapca_Warszawa_Radomska_20_trzecie_pietro_widok_z_medalionem_Matka_Boska-2048x1593.jpg 2048w, http:\/\/lapidarium.fundacja-hereditas.pl\/wp-content\/uploads\/2024\/05\/E_Dziedziniewicz-Rapca_Warszawa_Radomska_20_trzecie_pietro_widok_z_medalionem_Matka_Boska-150x117.jpg 150w, http:\/\/lapidarium.fundacja-hereditas.pl\/wp-content\/uploads\/2024\/05\/E_Dziedziniewicz-Rapca_Warszawa_Radomska_20_trzecie_pietro_widok_z_medalionem_Matka_Boska-696x542.jpg 696w, http:\/\/lapidarium.fundacja-hereditas.pl\/wp-content\/uploads\/2024\/05\/E_Dziedziniewicz-Rapca_Warszawa_Radomska_20_trzecie_pietro_widok_z_medalionem_Matka_Boska-1068x831.jpg 1068w, http:\/\/lapidarium.fundacja-hereditas.pl\/wp-content\/uploads\/2024\/05\/E_Dziedziniewicz-Rapca_Warszawa_Radomska_20_trzecie_pietro_widok_z_medalionem_Matka_Boska-1920x1494.jpg 1920w\" sizes=\"auto, (max-width: 1024px) 100vw, 1024px\" \/><\/a><figcaption class=\"wp-element-caption\">Widok ze spocznika na pi\u0119tro II-gie. Fot. Ewa Dziedziniewicz-R\u0105pca, 2023 r., \u017ar\u00f3d\u0142o: MWKZ.<\/figcaption><\/figure>\n\n\n\n<figure class=\"wp-block-image size-large\"><a href=\"http:\/\/lapidarium.fundacja-hereditas.pl\/wp-content\/uploads\/2024\/05\/E_Dziedziniewicz-Rapca_Warszawa_Radomska_20_trzecie_pietro_widok_z_medalionem_Matka_Boska_B-scaled.jpg\"><img loading=\"lazy\" decoding=\"async\" width=\"774\" height=\"1024\" data-id=\"25188\" src=\"http:\/\/lapidarium.fundacja-hereditas.pl\/wp-content\/uploads\/2024\/05\/E_Dziedziniewicz-Rapca_Warszawa_Radomska_20_trzecie_pietro_widok_z_medalionem_Matka_Boska_B-774x1024.jpg\" alt=\"\" class=\"wp-image-25188\" srcset=\"http:\/\/lapidarium.fundacja-hereditas.pl\/wp-content\/uploads\/2024\/05\/E_Dziedziniewicz-Rapca_Warszawa_Radomska_20_trzecie_pietro_widok_z_medalionem_Matka_Boska_B-774x1024.jpg 774w, http:\/\/lapidarium.fundacja-hereditas.pl\/wp-content\/uploads\/2024\/05\/E_Dziedziniewicz-Rapca_Warszawa_Radomska_20_trzecie_pietro_widok_z_medalionem_Matka_Boska_B-227x300.jpg 227w, http:\/\/lapidarium.fundacja-hereditas.pl\/wp-content\/uploads\/2024\/05\/E_Dziedziniewicz-Rapca_Warszawa_Radomska_20_trzecie_pietro_widok_z_medalionem_Matka_Boska_B-768x1015.jpg 768w, http:\/\/lapidarium.fundacja-hereditas.pl\/wp-content\/uploads\/2024\/05\/E_Dziedziniewicz-Rapca_Warszawa_Radomska_20_trzecie_pietro_widok_z_medalionem_Matka_Boska_B-1162x1536.jpg 1162w, http:\/\/lapidarium.fundacja-hereditas.pl\/wp-content\/uploads\/2024\/05\/E_Dziedziniewicz-Rapca_Warszawa_Radomska_20_trzecie_pietro_widok_z_medalionem_Matka_Boska_B-1549x2048.jpg 1549w, http:\/\/lapidarium.fundacja-hereditas.pl\/wp-content\/uploads\/2024\/05\/E_Dziedziniewicz-Rapca_Warszawa_Radomska_20_trzecie_pietro_widok_z_medalionem_Matka_Boska_B-150x198.jpg 150w, http:\/\/lapidarium.fundacja-hereditas.pl\/wp-content\/uploads\/2024\/05\/E_Dziedziniewicz-Rapca_Warszawa_Radomska_20_trzecie_pietro_widok_z_medalionem_Matka_Boska_B-300x397.jpg 300w, http:\/\/lapidarium.fundacja-hereditas.pl\/wp-content\/uploads\/2024\/05\/E_Dziedziniewicz-Rapca_Warszawa_Radomska_20_trzecie_pietro_widok_z_medalionem_Matka_Boska_B-696x920.jpg 696w, http:\/\/lapidarium.fundacja-hereditas.pl\/wp-content\/uploads\/2024\/05\/E_Dziedziniewicz-Rapca_Warszawa_Radomska_20_trzecie_pietro_widok_z_medalionem_Matka_Boska_B-1068x1412.jpg 1068w, http:\/\/lapidarium.fundacja-hereditas.pl\/wp-content\/uploads\/2024\/05\/E_Dziedziniewicz-Rapca_Warszawa_Radomska_20_trzecie_pietro_widok_z_medalionem_Matka_Boska_B-1920x2539.jpg 1920w, http:\/\/lapidarium.fundacja-hereditas.pl\/wp-content\/uploads\/2024\/05\/E_Dziedziniewicz-Rapca_Warszawa_Radomska_20_trzecie_pietro_widok_z_medalionem_Matka_Boska_B-scaled.jpg 1936w\" sizes=\"auto, (max-width: 774px) 100vw, 774px\" \/><\/a><figcaption class=\"wp-element-caption\">Widok ze spocznika na pi\u0119tro II-gie. Fot. Ewa Dziedziniewicz-R\u0105pca, 2023 r., \u017ar\u00f3d\u0142o: MWKZ.<\/figcaption><\/figure>\n\n\n\n<figure class=\"wp-block-image size-large\"><a href=\"http:\/\/lapidarium.fundacja-hereditas.pl\/wp-content\/uploads\/2024\/05\/E_Dziedziniewicz-Rapca_Warszawa_Radomska_20_schody_na_drugie_pietro_polpietro-scaled.jpg\"><img loading=\"lazy\" decoding=\"async\" width=\"1024\" height=\"768\" data-id=\"25173\" src=\"http:\/\/lapidarium.fundacja-hereditas.pl\/wp-content\/uploads\/2024\/05\/E_Dziedziniewicz-Rapca_Warszawa_Radomska_20_schody_na_drugie_pietro_polpietro-1024x768.jpg\" alt=\"\" class=\"wp-image-25173\" srcset=\"http:\/\/lapidarium.fundacja-hereditas.pl\/wp-content\/uploads\/2024\/05\/E_Dziedziniewicz-Rapca_Warszawa_Radomska_20_schody_na_drugie_pietro_polpietro-1024x768.jpg 1024w, http:\/\/lapidarium.fundacja-hereditas.pl\/wp-content\/uploads\/2024\/05\/E_Dziedziniewicz-Rapca_Warszawa_Radomska_20_schody_na_drugie_pietro_polpietro-300x225.jpg 300w, http:\/\/lapidarium.fundacja-hereditas.pl\/wp-content\/uploads\/2024\/05\/E_Dziedziniewicz-Rapca_Warszawa_Radomska_20_schody_na_drugie_pietro_polpietro-768x576.jpg 768w, http:\/\/lapidarium.fundacja-hereditas.pl\/wp-content\/uploads\/2024\/05\/E_Dziedziniewicz-Rapca_Warszawa_Radomska_20_schody_na_drugie_pietro_polpietro-1536x1152.jpg 1536w, http:\/\/lapidarium.fundacja-hereditas.pl\/wp-content\/uploads\/2024\/05\/E_Dziedziniewicz-Rapca_Warszawa_Radomska_20_schody_na_drugie_pietro_polpietro-2048x1536.jpg 2048w, http:\/\/lapidarium.fundacja-hereditas.pl\/wp-content\/uploads\/2024\/05\/E_Dziedziniewicz-Rapca_Warszawa_Radomska_20_schody_na_drugie_pietro_polpietro-150x112.jpg 150w, http:\/\/lapidarium.fundacja-hereditas.pl\/wp-content\/uploads\/2024\/05\/E_Dziedziniewicz-Rapca_Warszawa_Radomska_20_schody_na_drugie_pietro_polpietro-696x522.jpg 696w, http:\/\/lapidarium.fundacja-hereditas.pl\/wp-content\/uploads\/2024\/05\/E_Dziedziniewicz-Rapca_Warszawa_Radomska_20_schody_na_drugie_pietro_polpietro-1068x801.jpg 1068w, http:\/\/lapidarium.fundacja-hereditas.pl\/wp-content\/uploads\/2024\/05\/E_Dziedziniewicz-Rapca_Warszawa_Radomska_20_schody_na_drugie_pietro_polpietro-1920x1440.jpg 1920w\" sizes=\"auto, (max-width: 1024px) 100vw, 1024px\" \/><\/a><figcaption class=\"wp-element-caption\">Zakr\u0119t balustrady na II-gim spoczniku. Fot. Ewa Dziedziniewicz-R\u0105pca, 2023 r., \u017ar\u00f3d\u0142o: MWKZ.<\/figcaption><\/figure>\n\n\n\n<figure class=\"wp-block-image size-large\"><a href=\"http:\/\/lapidarium.fundacja-hereditas.pl\/wp-content\/uploads\/2024\/05\/E_Dziedziniewicz-Rapca_Warszawa_Radomska_20_schody_na_drugie_pietro_porecz-scaled.jpg\"><img loading=\"lazy\" decoding=\"async\" width=\"781\" height=\"1024\" data-id=\"25174\" src=\"http:\/\/lapidarium.fundacja-hereditas.pl\/wp-content\/uploads\/2024\/05\/E_Dziedziniewicz-Rapca_Warszawa_Radomska_20_schody_na_drugie_pietro_porecz-781x1024.jpg\" alt=\"\" class=\"wp-image-25174\" srcset=\"http:\/\/lapidarium.fundacja-hereditas.pl\/wp-content\/uploads\/2024\/05\/E_Dziedziniewicz-Rapca_Warszawa_Radomska_20_schody_na_drugie_pietro_porecz-781x1024.jpg 781w, http:\/\/lapidarium.fundacja-hereditas.pl\/wp-content\/uploads\/2024\/05\/E_Dziedziniewicz-Rapca_Warszawa_Radomska_20_schody_na_drugie_pietro_porecz-229x300.jpg 229w, http:\/\/lapidarium.fundacja-hereditas.pl\/wp-content\/uploads\/2024\/05\/E_Dziedziniewicz-Rapca_Warszawa_Radomska_20_schody_na_drugie_pietro_porecz-768x1007.jpg 768w, http:\/\/lapidarium.fundacja-hereditas.pl\/wp-content\/uploads\/2024\/05\/E_Dziedziniewicz-Rapca_Warszawa_Radomska_20_schody_na_drugie_pietro_porecz-1171x1536.jpg 1171w, http:\/\/lapidarium.fundacja-hereditas.pl\/wp-content\/uploads\/2024\/05\/E_Dziedziniewicz-Rapca_Warszawa_Radomska_20_schody_na_drugie_pietro_porecz-1562x2048.jpg 1562w, http:\/\/lapidarium.fundacja-hereditas.pl\/wp-content\/uploads\/2024\/05\/E_Dziedziniewicz-Rapca_Warszawa_Radomska_20_schody_na_drugie_pietro_porecz-150x197.jpg 150w, http:\/\/lapidarium.fundacja-hereditas.pl\/wp-content\/uploads\/2024\/05\/E_Dziedziniewicz-Rapca_Warszawa_Radomska_20_schody_na_drugie_pietro_porecz-300x393.jpg 300w, http:\/\/lapidarium.fundacja-hereditas.pl\/wp-content\/uploads\/2024\/05\/E_Dziedziniewicz-Rapca_Warszawa_Radomska_20_schody_na_drugie_pietro_porecz-696x913.jpg 696w, http:\/\/lapidarium.fundacja-hereditas.pl\/wp-content\/uploads\/2024\/05\/E_Dziedziniewicz-Rapca_Warszawa_Radomska_20_schody_na_drugie_pietro_porecz-1068x1400.jpg 1068w, http:\/\/lapidarium.fundacja-hereditas.pl\/wp-content\/uploads\/2024\/05\/E_Dziedziniewicz-Rapca_Warszawa_Radomska_20_schody_na_drugie_pietro_porecz-1920x2517.jpg 1920w, http:\/\/lapidarium.fundacja-hereditas.pl\/wp-content\/uploads\/2024\/05\/E_Dziedziniewicz-Rapca_Warszawa_Radomska_20_schody_na_drugie_pietro_porecz-scaled.jpg 1952w\" sizes=\"auto, (max-width: 781px) 100vw, 781px\" \/><\/a><figcaption class=\"wp-element-caption\">Zakr\u0119t balustrady na II-gim spoczniku. Fot. Ewa Dziedziniewicz-R\u0105pca, 2023 r., \u017ar\u00f3d\u0142o: MWKZ.<\/figcaption><\/figure>\n\n\n\n<figure class=\"wp-block-image size-large\"><a href=\"http:\/\/lapidarium.fundacja-hereditas.pl\/wp-content\/uploads\/2024\/05\/E_Dziedziniewicz-Rapca_Warszawa_Radomska_20_trzecie_pietro-scaled.jpg\"><img loading=\"lazy\" decoding=\"async\" width=\"776\" height=\"1024\" data-id=\"25185\" src=\"http:\/\/lapidarium.fundacja-hereditas.pl\/wp-content\/uploads\/2024\/05\/E_Dziedziniewicz-Rapca_Warszawa_Radomska_20_trzecie_pietro-776x1024.jpg\" alt=\"\" class=\"wp-image-25185\" srcset=\"http:\/\/lapidarium.fundacja-hereditas.pl\/wp-content\/uploads\/2024\/05\/E_Dziedziniewicz-Rapca_Warszawa_Radomska_20_trzecie_pietro-776x1024.jpg 776w, http:\/\/lapidarium.fundacja-hereditas.pl\/wp-content\/uploads\/2024\/05\/E_Dziedziniewicz-Rapca_Warszawa_Radomska_20_trzecie_pietro-227x300.jpg 227w, http:\/\/lapidarium.fundacja-hereditas.pl\/wp-content\/uploads\/2024\/05\/E_Dziedziniewicz-Rapca_Warszawa_Radomska_20_trzecie_pietro-768x1014.jpg 768w, http:\/\/lapidarium.fundacja-hereditas.pl\/wp-content\/uploads\/2024\/05\/E_Dziedziniewicz-Rapca_Warszawa_Radomska_20_trzecie_pietro-1164x1536.jpg 1164w, http:\/\/lapidarium.fundacja-hereditas.pl\/wp-content\/uploads\/2024\/05\/E_Dziedziniewicz-Rapca_Warszawa_Radomska_20_trzecie_pietro-1552x2048.jpg 1552w, http:\/\/lapidarium.fundacja-hereditas.pl\/wp-content\/uploads\/2024\/05\/E_Dziedziniewicz-Rapca_Warszawa_Radomska_20_trzecie_pietro-150x198.jpg 150w, http:\/\/lapidarium.fundacja-hereditas.pl\/wp-content\/uploads\/2024\/05\/E_Dziedziniewicz-Rapca_Warszawa_Radomska_20_trzecie_pietro-300x396.jpg 300w, http:\/\/lapidarium.fundacja-hereditas.pl\/wp-content\/uploads\/2024\/05\/E_Dziedziniewicz-Rapca_Warszawa_Radomska_20_trzecie_pietro-696x919.jpg 696w, http:\/\/lapidarium.fundacja-hereditas.pl\/wp-content\/uploads\/2024\/05\/E_Dziedziniewicz-Rapca_Warszawa_Radomska_20_trzecie_pietro-1068x1410.jpg 1068w, http:\/\/lapidarium.fundacja-hereditas.pl\/wp-content\/uploads\/2024\/05\/E_Dziedziniewicz-Rapca_Warszawa_Radomska_20_trzecie_pietro-1920x2534.jpg 1920w, http:\/\/lapidarium.fundacja-hereditas.pl\/wp-content\/uploads\/2024\/05\/E_Dziedziniewicz-Rapca_Warszawa_Radomska_20_trzecie_pietro-scaled.jpg 1940w\" sizes=\"auto, (max-width: 776px) 100vw, 776px\" \/><\/a><figcaption class=\"wp-element-caption\">Widok na II-gie pi\u0119tro. Fot. Ewa Dziedziniewicz-R\u0105pca, 2023 r., \u017ar\u00f3d\u0142o: MWKZ.<\/figcaption><\/figure>\n\n\n\n<figure class=\"wp-block-image size-large\"><a href=\"http:\/\/lapidarium.fundacja-hereditas.pl\/wp-content\/uploads\/2024\/05\/E_Dziedziniewicz-Rapca_Warszawa_Radomska_20_drugie_pietro_schody-scaled.jpg\"><img loading=\"lazy\" decoding=\"async\" width=\"1024\" height=\"774\" data-id=\"25166\" src=\"http:\/\/lapidarium.fundacja-hereditas.pl\/wp-content\/uploads\/2024\/05\/E_Dziedziniewicz-Rapca_Warszawa_Radomska_20_drugie_pietro_schody-1024x774.jpg\" alt=\"\" class=\"wp-image-25166\" srcset=\"http:\/\/lapidarium.fundacja-hereditas.pl\/wp-content\/uploads\/2024\/05\/E_Dziedziniewicz-Rapca_Warszawa_Radomska_20_drugie_pietro_schody-1024x774.jpg 1024w, http:\/\/lapidarium.fundacja-hereditas.pl\/wp-content\/uploads\/2024\/05\/E_Dziedziniewicz-Rapca_Warszawa_Radomska_20_drugie_pietro_schody-300x227.jpg 300w, http:\/\/lapidarium.fundacja-hereditas.pl\/wp-content\/uploads\/2024\/05\/E_Dziedziniewicz-Rapca_Warszawa_Radomska_20_drugie_pietro_schody-768x581.jpg 768w, http:\/\/lapidarium.fundacja-hereditas.pl\/wp-content\/uploads\/2024\/05\/E_Dziedziniewicz-Rapca_Warszawa_Radomska_20_drugie_pietro_schody-1536x1162.jpg 1536w, http:\/\/lapidarium.fundacja-hereditas.pl\/wp-content\/uploads\/2024\/05\/E_Dziedziniewicz-Rapca_Warszawa_Radomska_20_drugie_pietro_schody-2048x1549.jpg 2048w, http:\/\/lapidarium.fundacja-hereditas.pl\/wp-content\/uploads\/2024\/05\/E_Dziedziniewicz-Rapca_Warszawa_Radomska_20_drugie_pietro_schody-150x113.jpg 150w, http:\/\/lapidarium.fundacja-hereditas.pl\/wp-content\/uploads\/2024\/05\/E_Dziedziniewicz-Rapca_Warszawa_Radomska_20_drugie_pietro_schody-696x526.jpg 696w, http:\/\/lapidarium.fundacja-hereditas.pl\/wp-content\/uploads\/2024\/05\/E_Dziedziniewicz-Rapca_Warszawa_Radomska_20_drugie_pietro_schody-1068x808.jpg 1068w, http:\/\/lapidarium.fundacja-hereditas.pl\/wp-content\/uploads\/2024\/05\/E_Dziedziniewicz-Rapca_Warszawa_Radomska_20_drugie_pietro_schody-1920x1452.jpg 1920w\" sizes=\"auto, (max-width: 1024px) 100vw, 1024px\" \/><\/a><figcaption class=\"wp-element-caption\">Widok z II-go pi\u0119tra na spocznik. Fot. Ewa Dziedziniewicz-R\u0105pca, 2023 r., \u017ar\u00f3d\u0142o: MWKZ.<\/figcaption><\/figure>\n\n\n\n<figure class=\"wp-block-image size-large\"><a href=\"http:\/\/lapidarium.fundacja-hereditas.pl\/wp-content\/uploads\/2024\/05\/E_Dziedziniewicz-Rapca_Warszawa_Radomska_20_trzecie_pietro_balustrada-scaled.jpg\"><img loading=\"lazy\" decoding=\"async\" width=\"1024\" height=\"755\" data-id=\"25186\" src=\"http:\/\/lapidarium.fundacja-hereditas.pl\/wp-content\/uploads\/2024\/05\/E_Dziedziniewicz-Rapca_Warszawa_Radomska_20_trzecie_pietro_balustrada-1024x755.jpg\" alt=\"\" class=\"wp-image-25186\" srcset=\"http:\/\/lapidarium.fundacja-hereditas.pl\/wp-content\/uploads\/2024\/05\/E_Dziedziniewicz-Rapca_Warszawa_Radomska_20_trzecie_pietro_balustrada-1024x755.jpg 1024w, http:\/\/lapidarium.fundacja-hereditas.pl\/wp-content\/uploads\/2024\/05\/E_Dziedziniewicz-Rapca_Warszawa_Radomska_20_trzecie_pietro_balustrada-300x221.jpg 300w, http:\/\/lapidarium.fundacja-hereditas.pl\/wp-content\/uploads\/2024\/05\/E_Dziedziniewicz-Rapca_Warszawa_Radomska_20_trzecie_pietro_balustrada-768x566.jpg 768w, http:\/\/lapidarium.fundacja-hereditas.pl\/wp-content\/uploads\/2024\/05\/E_Dziedziniewicz-Rapca_Warszawa_Radomska_20_trzecie_pietro_balustrada-1536x1133.jpg 1536w, http:\/\/lapidarium.fundacja-hereditas.pl\/wp-content\/uploads\/2024\/05\/E_Dziedziniewicz-Rapca_Warszawa_Radomska_20_trzecie_pietro_balustrada-2048x1510.jpg 2048w, http:\/\/lapidarium.fundacja-hereditas.pl\/wp-content\/uploads\/2024\/05\/E_Dziedziniewicz-Rapca_Warszawa_Radomska_20_trzecie_pietro_balustrada-150x111.jpg 150w, http:\/\/lapidarium.fundacja-hereditas.pl\/wp-content\/uploads\/2024\/05\/E_Dziedziniewicz-Rapca_Warszawa_Radomska_20_trzecie_pietro_balustrada-696x513.jpg 696w, http:\/\/lapidarium.fundacja-hereditas.pl\/wp-content\/uploads\/2024\/05\/E_Dziedziniewicz-Rapca_Warszawa_Radomska_20_trzecie_pietro_balustrada-1068x788.jpg 1068w, http:\/\/lapidarium.fundacja-hereditas.pl\/wp-content\/uploads\/2024\/05\/E_Dziedziniewicz-Rapca_Warszawa_Radomska_20_trzecie_pietro_balustrada-1920x1416.jpg 1920w\" sizes=\"auto, (max-width: 1024px) 100vw, 1024px\" \/><\/a><figcaption class=\"wp-element-caption\">Zakr\u0119t balustrady na II-gim pi\u0119trze. Fot. Ewa Dziedziniewicz-R\u0105pca, 2023 r., \u017ar\u00f3d\u0142o: MWKZ.<\/figcaption><\/figure>\n\n\n\n<figure class=\"wp-block-image size-large\"><a href=\"http:\/\/lapidarium.fundacja-hereditas.pl\/wp-content\/uploads\/2024\/05\/PiotrPrusakiewicz_Radomska20_Warszawa_2p-scaled.jpg\"><img loading=\"lazy\" decoding=\"async\" width=\"1024\" height=\"595\" data-id=\"25192\" src=\"http:\/\/lapidarium.fundacja-hereditas.pl\/wp-content\/uploads\/2024\/05\/PiotrPrusakiewicz_Radomska20_Warszawa_2p-1024x595.jpg\" alt=\"\" class=\"wp-image-25192\" srcset=\"http:\/\/lapidarium.fundacja-hereditas.pl\/wp-content\/uploads\/2024\/05\/PiotrPrusakiewicz_Radomska20_Warszawa_2p-1024x595.jpg 1024w, http:\/\/lapidarium.fundacja-hereditas.pl\/wp-content\/uploads\/2024\/05\/PiotrPrusakiewicz_Radomska20_Warszawa_2p-300x174.jpg 300w, http:\/\/lapidarium.fundacja-hereditas.pl\/wp-content\/uploads\/2024\/05\/PiotrPrusakiewicz_Radomska20_Warszawa_2p-768x446.jpg 768w, http:\/\/lapidarium.fundacja-hereditas.pl\/wp-content\/uploads\/2024\/05\/PiotrPrusakiewicz_Radomska20_Warszawa_2p-1536x893.jpg 1536w, http:\/\/lapidarium.fundacja-hereditas.pl\/wp-content\/uploads\/2024\/05\/PiotrPrusakiewicz_Radomska20_Warszawa_2p-2048x1190.jpg 2048w, http:\/\/lapidarium.fundacja-hereditas.pl\/wp-content\/uploads\/2024\/05\/PiotrPrusakiewicz_Radomska20_Warszawa_2p-150x87.jpg 150w, http:\/\/lapidarium.fundacja-hereditas.pl\/wp-content\/uploads\/2024\/05\/PiotrPrusakiewicz_Radomska20_Warszawa_2p-696x404.jpg 696w, http:\/\/lapidarium.fundacja-hereditas.pl\/wp-content\/uploads\/2024\/05\/PiotrPrusakiewicz_Radomska20_Warszawa_2p-1068x621.jpg 1068w, http:\/\/lapidarium.fundacja-hereditas.pl\/wp-content\/uploads\/2024\/05\/PiotrPrusakiewicz_Radomska20_Warszawa_2p-1920x1116.jpg 1920w\" sizes=\"auto, (max-width: 1024px) 100vw, 1024px\" \/><\/a><figcaption class=\"wp-element-caption\">Klatka. Pi\u0119tro II-gie widok og\u00f3lny. Fot. Piotr Prusakiewicz, 2023 r., \u017ar\u00f3d\u0142o: MWKZ.<\/figcaption><\/figure>\n\n\n\n<figure class=\"wp-block-image size-large\"><a href=\"http:\/\/lapidarium.fundacja-hereditas.pl\/wp-content\/uploads\/2024\/05\/E_Dziedziniewicz-Rapca_Warszawa_Radomska_20_drugie_pietro_schody_okno-scaled.jpg\"><img loading=\"lazy\" decoding=\"async\" width=\"776\" height=\"1024\" data-id=\"25167\" src=\"http:\/\/lapidarium.fundacja-hereditas.pl\/wp-content\/uploads\/2024\/05\/E_Dziedziniewicz-Rapca_Warszawa_Radomska_20_drugie_pietro_schody_okno-776x1024.jpg\" alt=\"\" class=\"wp-image-25167\" srcset=\"http:\/\/lapidarium.fundacja-hereditas.pl\/wp-content\/uploads\/2024\/05\/E_Dziedziniewicz-Rapca_Warszawa_Radomska_20_drugie_pietro_schody_okno-776x1024.jpg 776w, http:\/\/lapidarium.fundacja-hereditas.pl\/wp-content\/uploads\/2024\/05\/E_Dziedziniewicz-Rapca_Warszawa_Radomska_20_drugie_pietro_schody_okno-227x300.jpg 227w, http:\/\/lapidarium.fundacja-hereditas.pl\/wp-content\/uploads\/2024\/05\/E_Dziedziniewicz-Rapca_Warszawa_Radomska_20_drugie_pietro_schody_okno-768x1014.jpg 768w, http:\/\/lapidarium.fundacja-hereditas.pl\/wp-content\/uploads\/2024\/05\/E_Dziedziniewicz-Rapca_Warszawa_Radomska_20_drugie_pietro_schody_okno-1164x1536.jpg 1164w, http:\/\/lapidarium.fundacja-hereditas.pl\/wp-content\/uploads\/2024\/05\/E_Dziedziniewicz-Rapca_Warszawa_Radomska_20_drugie_pietro_schody_okno-1552x2048.jpg 1552w, http:\/\/lapidarium.fundacja-hereditas.pl\/wp-content\/uploads\/2024\/05\/E_Dziedziniewicz-Rapca_Warszawa_Radomska_20_drugie_pietro_schody_okno-150x198.jpg 150w, http:\/\/lapidarium.fundacja-hereditas.pl\/wp-content\/uploads\/2024\/05\/E_Dziedziniewicz-Rapca_Warszawa_Radomska_20_drugie_pietro_schody_okno-300x396.jpg 300w, http:\/\/lapidarium.fundacja-hereditas.pl\/wp-content\/uploads\/2024\/05\/E_Dziedziniewicz-Rapca_Warszawa_Radomska_20_drugie_pietro_schody_okno-696x919.jpg 696w, http:\/\/lapidarium.fundacja-hereditas.pl\/wp-content\/uploads\/2024\/05\/E_Dziedziniewicz-Rapca_Warszawa_Radomska_20_drugie_pietro_schody_okno-1068x1410.jpg 1068w, http:\/\/lapidarium.fundacja-hereditas.pl\/wp-content\/uploads\/2024\/05\/E_Dziedziniewicz-Rapca_Warszawa_Radomska_20_drugie_pietro_schody_okno-1920x2534.jpg 1920w, http:\/\/lapidarium.fundacja-hereditas.pl\/wp-content\/uploads\/2024\/05\/E_Dziedziniewicz-Rapca_Warszawa_Radomska_20_drugie_pietro_schody_okno-scaled.jpg 1940w\" sizes=\"auto, (max-width: 776px) 100vw, 776px\" \/><\/a><figcaption class=\"wp-element-caption\">Widok z II-go pi\u0119tra na spocznik. Fot. Ewa Dziedziniewicz-R\u0105pca, 2023 r., \u017ar\u00f3d\u0142o: MWKZ.<\/figcaption><\/figure>\n\n\n\n<figure class=\"wp-block-image size-large\"><a href=\"http:\/\/lapidarium.fundacja-hereditas.pl\/wp-content\/uploads\/2024\/05\/PiotrPrusakiewicz_Radomska20_Warszawa_klatka_schodowa_przed_3p-scaled.jpg\"><img loading=\"lazy\" decoding=\"async\" width=\"489\" height=\"1024\" data-id=\"25203\" src=\"http:\/\/lapidarium.fundacja-hereditas.pl\/wp-content\/uploads\/2024\/05\/PiotrPrusakiewicz_Radomska20_Warszawa_klatka_schodowa_przed_3p-489x1024.jpg\" alt=\"\" class=\"wp-image-25203\" srcset=\"http:\/\/lapidarium.fundacja-hereditas.pl\/wp-content\/uploads\/2024\/05\/PiotrPrusakiewicz_Radomska20_Warszawa_klatka_schodowa_przed_3p-489x1024.jpg 489w, http:\/\/lapidarium.fundacja-hereditas.pl\/wp-content\/uploads\/2024\/05\/PiotrPrusakiewicz_Radomska20_Warszawa_klatka_schodowa_przed_3p-143x300.jpg 143w, http:\/\/lapidarium.fundacja-hereditas.pl\/wp-content\/uploads\/2024\/05\/PiotrPrusakiewicz_Radomska20_Warszawa_klatka_schodowa_przed_3p-768x1607.jpg 768w, http:\/\/lapidarium.fundacja-hereditas.pl\/wp-content\/uploads\/2024\/05\/PiotrPrusakiewicz_Radomska20_Warszawa_klatka_schodowa_przed_3p-734x1536.jpg 734w, http:\/\/lapidarium.fundacja-hereditas.pl\/wp-content\/uploads\/2024\/05\/PiotrPrusakiewicz_Radomska20_Warszawa_klatka_schodowa_przed_3p-979x2048.jpg 979w, http:\/\/lapidarium.fundacja-hereditas.pl\/wp-content\/uploads\/2024\/05\/PiotrPrusakiewicz_Radomska20_Warszawa_klatka_schodowa_przed_3p-150x314.jpg 150w, http:\/\/lapidarium.fundacja-hereditas.pl\/wp-content\/uploads\/2024\/05\/PiotrPrusakiewicz_Radomska20_Warszawa_klatka_schodowa_przed_3p-300x628.jpg 300w, http:\/\/lapidarium.fundacja-hereditas.pl\/wp-content\/uploads\/2024\/05\/PiotrPrusakiewicz_Radomska20_Warszawa_klatka_schodowa_przed_3p-696x1457.jpg 696w, http:\/\/lapidarium.fundacja-hereditas.pl\/wp-content\/uploads\/2024\/05\/PiotrPrusakiewicz_Radomska20_Warszawa_klatka_schodowa_przed_3p-1068x2235.jpg 1068w, http:\/\/lapidarium.fundacja-hereditas.pl\/wp-content\/uploads\/2024\/05\/PiotrPrusakiewicz_Radomska20_Warszawa_klatka_schodowa_przed_3p-scaled.jpg 1223w\" sizes=\"auto, (max-width: 489px) 100vw, 489px\" \/><\/a><figcaption class=\"wp-element-caption\">Klatka &#8211; spocznik przed pi\u0119trem III-cim. Fot. Piotr Prusakiewicz, 2023 r., \u017ar\u00f3d\u0142o: MWKZ.<\/figcaption><\/figure>\n\n\n\n<figure class=\"wp-block-image size-large\"><a href=\"http:\/\/lapidarium.fundacja-hereditas.pl\/wp-content\/uploads\/2024\/05\/E_Dziedziniewicz-Rapca_Warszawa_Radomska_20_drugie_pietro_balustrada-scaled.jpg\"><img loading=\"lazy\" decoding=\"async\" width=\"776\" height=\"1024\" data-id=\"25164\" src=\"http:\/\/lapidarium.fundacja-hereditas.pl\/wp-content\/uploads\/2024\/05\/E_Dziedziniewicz-Rapca_Warszawa_Radomska_20_drugie_pietro_balustrada-776x1024.jpg\" alt=\"\" class=\"wp-image-25164\" srcset=\"http:\/\/lapidarium.fundacja-hereditas.pl\/wp-content\/uploads\/2024\/05\/E_Dziedziniewicz-Rapca_Warszawa_Radomska_20_drugie_pietro_balustrada-776x1024.jpg 776w, http:\/\/lapidarium.fundacja-hereditas.pl\/wp-content\/uploads\/2024\/05\/E_Dziedziniewicz-Rapca_Warszawa_Radomska_20_drugie_pietro_balustrada-227x300.jpg 227w, http:\/\/lapidarium.fundacja-hereditas.pl\/wp-content\/uploads\/2024\/05\/E_Dziedziniewicz-Rapca_Warszawa_Radomska_20_drugie_pietro_balustrada-768x1014.jpg 768w, http:\/\/lapidarium.fundacja-hereditas.pl\/wp-content\/uploads\/2024\/05\/E_Dziedziniewicz-Rapca_Warszawa_Radomska_20_drugie_pietro_balustrada-1163x1536.jpg 1163w, http:\/\/lapidarium.fundacja-hereditas.pl\/wp-content\/uploads\/2024\/05\/E_Dziedziniewicz-Rapca_Warszawa_Radomska_20_drugie_pietro_balustrada-1551x2048.jpg 1551w, http:\/\/lapidarium.fundacja-hereditas.pl\/wp-content\/uploads\/2024\/05\/E_Dziedziniewicz-Rapca_Warszawa_Radomska_20_drugie_pietro_balustrada-150x198.jpg 150w, http:\/\/lapidarium.fundacja-hereditas.pl\/wp-content\/uploads\/2024\/05\/E_Dziedziniewicz-Rapca_Warszawa_Radomska_20_drugie_pietro_balustrada-300x396.jpg 300w, http:\/\/lapidarium.fundacja-hereditas.pl\/wp-content\/uploads\/2024\/05\/E_Dziedziniewicz-Rapca_Warszawa_Radomska_20_drugie_pietro_balustrada-696x919.jpg 696w, http:\/\/lapidarium.fundacja-hereditas.pl\/wp-content\/uploads\/2024\/05\/E_Dziedziniewicz-Rapca_Warszawa_Radomska_20_drugie_pietro_balustrada-1068x1410.jpg 1068w, http:\/\/lapidarium.fundacja-hereditas.pl\/wp-content\/uploads\/2024\/05\/E_Dziedziniewicz-Rapca_Warszawa_Radomska_20_drugie_pietro_balustrada-1920x2535.jpg 1920w, http:\/\/lapidarium.fundacja-hereditas.pl\/wp-content\/uploads\/2024\/05\/E_Dziedziniewicz-Rapca_Warszawa_Radomska_20_drugie_pietro_balustrada-scaled.jpg 1939w\" sizes=\"auto, (max-width: 776px) 100vw, 776px\" \/><\/a><figcaption class=\"wp-element-caption\">Widok III-go pi\u0119tra. Fot. Ewa Dziedziniewicz-R\u0105pca, 2023 r., \u017ar\u00f3d\u0142o: MWKZ.<\/figcaption><\/figure>\n\n\n\n<figure class=\"wp-block-image size-large\"><a href=\"http:\/\/lapidarium.fundacja-hereditas.pl\/wp-content\/uploads\/2024\/05\/PiotrPrusakiewicz_Radomska20_Warszawa_3p-scaled.jpg\"><img loading=\"lazy\" decoding=\"async\" width=\"1024\" height=\"599\" data-id=\"25193\" src=\"http:\/\/lapidarium.fundacja-hereditas.pl\/wp-content\/uploads\/2024\/05\/PiotrPrusakiewicz_Radomska20_Warszawa_3p-1024x599.jpg\" alt=\"\" class=\"wp-image-25193\" srcset=\"http:\/\/lapidarium.fundacja-hereditas.pl\/wp-content\/uploads\/2024\/05\/PiotrPrusakiewicz_Radomska20_Warszawa_3p-1024x599.jpg 1024w, http:\/\/lapidarium.fundacja-hereditas.pl\/wp-content\/uploads\/2024\/05\/PiotrPrusakiewicz_Radomska20_Warszawa_3p-300x176.jpg 300w, http:\/\/lapidarium.fundacja-hereditas.pl\/wp-content\/uploads\/2024\/05\/PiotrPrusakiewicz_Radomska20_Warszawa_3p-768x449.jpg 768w, http:\/\/lapidarium.fundacja-hereditas.pl\/wp-content\/uploads\/2024\/05\/PiotrPrusakiewicz_Radomska20_Warszawa_3p-1536x899.jpg 1536w, http:\/\/lapidarium.fundacja-hereditas.pl\/wp-content\/uploads\/2024\/05\/PiotrPrusakiewicz_Radomska20_Warszawa_3p-2048x1198.jpg 2048w, http:\/\/lapidarium.fundacja-hereditas.pl\/wp-content\/uploads\/2024\/05\/PiotrPrusakiewicz_Radomska20_Warszawa_3p-150x88.jpg 150w, http:\/\/lapidarium.fundacja-hereditas.pl\/wp-content\/uploads\/2024\/05\/PiotrPrusakiewicz_Radomska20_Warszawa_3p-696x407.jpg 696w, http:\/\/lapidarium.fundacja-hereditas.pl\/wp-content\/uploads\/2024\/05\/PiotrPrusakiewicz_Radomska20_Warszawa_3p-1068x625.jpg 1068w, http:\/\/lapidarium.fundacja-hereditas.pl\/wp-content\/uploads\/2024\/05\/PiotrPrusakiewicz_Radomska20_Warszawa_3p-1920x1123.jpg 1920w\" sizes=\"auto, (max-width: 1024px) 100vw, 1024px\" \/><\/a><figcaption class=\"wp-element-caption\">Klatka. Pi\u0119tro III-cie widok og\u00f3lny. Fot. Piotr Prusakiewicz, 2023 r., \u017ar\u00f3d\u0142o: MWKZ.<\/figcaption><\/figure>\n\n\n\n<figure class=\"wp-block-image size-large\"><a href=\"http:\/\/lapidarium.fundacja-hereditas.pl\/wp-content\/uploads\/2024\/05\/E_Dziedziniewicz-Rapca_Warszawa_Radomska_20_czwarte_pietro_polpietro_z_gory-scaled.jpg\"><img loading=\"lazy\" decoding=\"async\" width=\"774\" height=\"1024\" data-id=\"25163\" src=\"http:\/\/lapidarium.fundacja-hereditas.pl\/wp-content\/uploads\/2024\/05\/E_Dziedziniewicz-Rapca_Warszawa_Radomska_20_czwarte_pietro_polpietro_z_gory-774x1024.jpg\" alt=\"\" class=\"wp-image-25163\" srcset=\"http:\/\/lapidarium.fundacja-hereditas.pl\/wp-content\/uploads\/2024\/05\/E_Dziedziniewicz-Rapca_Warszawa_Radomska_20_czwarte_pietro_polpietro_z_gory-774x1024.jpg 774w, http:\/\/lapidarium.fundacja-hereditas.pl\/wp-content\/uploads\/2024\/05\/E_Dziedziniewicz-Rapca_Warszawa_Radomska_20_czwarte_pietro_polpietro_z_gory-227x300.jpg 227w, http:\/\/lapidarium.fundacja-hereditas.pl\/wp-content\/uploads\/2024\/05\/E_Dziedziniewicz-Rapca_Warszawa_Radomska_20_czwarte_pietro_polpietro_z_gory-768x1015.jpg 768w, http:\/\/lapidarium.fundacja-hereditas.pl\/wp-content\/uploads\/2024\/05\/E_Dziedziniewicz-Rapca_Warszawa_Radomska_20_czwarte_pietro_polpietro_z_gory-1162x1536.jpg 1162w, http:\/\/lapidarium.fundacja-hereditas.pl\/wp-content\/uploads\/2024\/05\/E_Dziedziniewicz-Rapca_Warszawa_Radomska_20_czwarte_pietro_polpietro_z_gory-1549x2048.jpg 1549w, http:\/\/lapidarium.fundacja-hereditas.pl\/wp-content\/uploads\/2024\/05\/E_Dziedziniewicz-Rapca_Warszawa_Radomska_20_czwarte_pietro_polpietro_z_gory-150x198.jpg 150w, http:\/\/lapidarium.fundacja-hereditas.pl\/wp-content\/uploads\/2024\/05\/E_Dziedziniewicz-Rapca_Warszawa_Radomska_20_czwarte_pietro_polpietro_z_gory-300x397.jpg 300w, http:\/\/lapidarium.fundacja-hereditas.pl\/wp-content\/uploads\/2024\/05\/E_Dziedziniewicz-Rapca_Warszawa_Radomska_20_czwarte_pietro_polpietro_z_gory-696x920.jpg 696w, http:\/\/lapidarium.fundacja-hereditas.pl\/wp-content\/uploads\/2024\/05\/E_Dziedziniewicz-Rapca_Warszawa_Radomska_20_czwarte_pietro_polpietro_z_gory-1068x1412.jpg 1068w, http:\/\/lapidarium.fundacja-hereditas.pl\/wp-content\/uploads\/2024\/05\/E_Dziedziniewicz-Rapca_Warszawa_Radomska_20_czwarte_pietro_polpietro_z_gory-1920x2539.jpg 1920w, http:\/\/lapidarium.fundacja-hereditas.pl\/wp-content\/uploads\/2024\/05\/E_Dziedziniewicz-Rapca_Warszawa_Radomska_20_czwarte_pietro_polpietro_z_gory-scaled.jpg 1936w\" sizes=\"auto, (max-width: 774px) 100vw, 774px\" \/><\/a><figcaption class=\"wp-element-caption\">Widok z IV-go pi\u0119tra na spocznik. Fot. Ewa Dziedziniewicz-R\u0105pca, 2023 r., \u017ar\u00f3d\u0142o: MWKZ.<\/figcaption><\/figure>\n\n\n\n<figure class=\"wp-block-image size-large\"><a href=\"http:\/\/lapidarium.fundacja-hereditas.pl\/wp-content\/uploads\/2024\/05\/PiotrPrusakiewicz_Radomska20_Warszawa_drzwi_do_mieszkania_plaskorzezba_4p-scaled.jpg\"><img loading=\"lazy\" decoding=\"async\" width=\"483\" height=\"1024\" data-id=\"25197\" src=\"http:\/\/lapidarium.fundacja-hereditas.pl\/wp-content\/uploads\/2024\/05\/PiotrPrusakiewicz_Radomska20_Warszawa_drzwi_do_mieszkania_plaskorzezba_4p-483x1024.jpg\" alt=\"\" class=\"wp-image-25197\" srcset=\"http:\/\/lapidarium.fundacja-hereditas.pl\/wp-content\/uploads\/2024\/05\/PiotrPrusakiewicz_Radomska20_Warszawa_drzwi_do_mieszkania_plaskorzezba_4p-483x1024.jpg 483w, http:\/\/lapidarium.fundacja-hereditas.pl\/wp-content\/uploads\/2024\/05\/PiotrPrusakiewicz_Radomska20_Warszawa_drzwi_do_mieszkania_plaskorzezba_4p-141x300.jpg 141w, http:\/\/lapidarium.fundacja-hereditas.pl\/wp-content\/uploads\/2024\/05\/PiotrPrusakiewicz_Radomska20_Warszawa_drzwi_do_mieszkania_plaskorzezba_4p-768x1629.jpg 768w, http:\/\/lapidarium.fundacja-hereditas.pl\/wp-content\/uploads\/2024\/05\/PiotrPrusakiewicz_Radomska20_Warszawa_drzwi_do_mieszkania_plaskorzezba_4p-724x1536.jpg 724w, http:\/\/lapidarium.fundacja-hereditas.pl\/wp-content\/uploads\/2024\/05\/PiotrPrusakiewicz_Radomska20_Warszawa_drzwi_do_mieszkania_plaskorzezba_4p-965x2048.jpg 965w, http:\/\/lapidarium.fundacja-hereditas.pl\/wp-content\/uploads\/2024\/05\/PiotrPrusakiewicz_Radomska20_Warszawa_drzwi_do_mieszkania_plaskorzezba_4p-150x318.jpg 150w, http:\/\/lapidarium.fundacja-hereditas.pl\/wp-content\/uploads\/2024\/05\/PiotrPrusakiewicz_Radomska20_Warszawa_drzwi_do_mieszkania_plaskorzezba_4p-300x636.jpg 300w, http:\/\/lapidarium.fundacja-hereditas.pl\/wp-content\/uploads\/2024\/05\/PiotrPrusakiewicz_Radomska20_Warszawa_drzwi_do_mieszkania_plaskorzezba_4p-696x1477.jpg 696w, http:\/\/lapidarium.fundacja-hereditas.pl\/wp-content\/uploads\/2024\/05\/PiotrPrusakiewicz_Radomska20_Warszawa_drzwi_do_mieszkania_plaskorzezba_4p-1068x2266.jpg 1068w, http:\/\/lapidarium.fundacja-hereditas.pl\/wp-content\/uploads\/2024\/05\/PiotrPrusakiewicz_Radomska20_Warszawa_drzwi_do_mieszkania_plaskorzezba_4p-scaled.jpg 1207w\" sizes=\"auto, (max-width: 483px) 100vw, 483px\" \/><\/a><figcaption class=\"wp-element-caption\">Klatka. Pi\u0119tro IV-te. P\u0142askorze\u017aba Matki Boskiej. Fot. Piotr Prusakiewicz, 2023 r., \u017ar\u00f3d\u0142o: MWKZ.<\/figcaption><\/figure>\n\n\n\n<figure class=\"wp-block-image size-large\"><a href=\"http:\/\/lapidarium.fundacja-hereditas.pl\/wp-content\/uploads\/2024\/05\/PiotrPrusakiewicz_Radomska20_Warszawa_gipsowa_plaskorzezba_przysufitowa_4p-scaled.jpg\"><img loading=\"lazy\" decoding=\"async\" width=\"1024\" height=\"480\" data-id=\"25200\" src=\"http:\/\/lapidarium.fundacja-hereditas.pl\/wp-content\/uploads\/2024\/05\/PiotrPrusakiewicz_Radomska20_Warszawa_gipsowa_plaskorzezba_przysufitowa_4p-1024x480.jpg\" alt=\"\" class=\"wp-image-25200\" srcset=\"http:\/\/lapidarium.fundacja-hereditas.pl\/wp-content\/uploads\/2024\/05\/PiotrPrusakiewicz_Radomska20_Warszawa_gipsowa_plaskorzezba_przysufitowa_4p-1024x480.jpg 1024w, http:\/\/lapidarium.fundacja-hereditas.pl\/wp-content\/uploads\/2024\/05\/PiotrPrusakiewicz_Radomska20_Warszawa_gipsowa_plaskorzezba_przysufitowa_4p-300x141.jpg 300w, http:\/\/lapidarium.fundacja-hereditas.pl\/wp-content\/uploads\/2024\/05\/PiotrPrusakiewicz_Radomska20_Warszawa_gipsowa_plaskorzezba_przysufitowa_4p-768x360.jpg 768w, http:\/\/lapidarium.fundacja-hereditas.pl\/wp-content\/uploads\/2024\/05\/PiotrPrusakiewicz_Radomska20_Warszawa_gipsowa_plaskorzezba_przysufitowa_4p-1536x720.jpg 1536w, http:\/\/lapidarium.fundacja-hereditas.pl\/wp-content\/uploads\/2024\/05\/PiotrPrusakiewicz_Radomska20_Warszawa_gipsowa_plaskorzezba_przysufitowa_4p-2048x960.jpg 2048w, http:\/\/lapidarium.fundacja-hereditas.pl\/wp-content\/uploads\/2024\/05\/PiotrPrusakiewicz_Radomska20_Warszawa_gipsowa_plaskorzezba_przysufitowa_4p-150x70.jpg 150w, http:\/\/lapidarium.fundacja-hereditas.pl\/wp-content\/uploads\/2024\/05\/PiotrPrusakiewicz_Radomska20_Warszawa_gipsowa_plaskorzezba_przysufitowa_4p-696x326.jpg 696w, http:\/\/lapidarium.fundacja-hereditas.pl\/wp-content\/uploads\/2024\/05\/PiotrPrusakiewicz_Radomska20_Warszawa_gipsowa_plaskorzezba_przysufitowa_4p-1068x501.jpg 1068w, http:\/\/lapidarium.fundacja-hereditas.pl\/wp-content\/uploads\/2024\/05\/PiotrPrusakiewicz_Radomska20_Warszawa_gipsowa_plaskorzezba_przysufitowa_4p-1920x900.jpg 1920w\" sizes=\"auto, (max-width: 1024px) 100vw, 1024px\" \/><\/a><figcaption class=\"wp-element-caption\">Klatka &#8211; p\u0142askorze\u017aba Matki Boskiej. Pi\u0119tro IV-te. Fot. Piotr Prusakiewicz, 2023 r., \u017ar\u00f3d\u0142o: MWKZ.<\/figcaption><\/figure>\n\n\n\n<figure class=\"wp-block-image size-large\"><a href=\"http:\/\/lapidarium.fundacja-hereditas.pl\/wp-content\/uploads\/2024\/05\/PiotrPrusakiewicz_Radomska20_Warszawa_4p-scaled.jpg\"><img loading=\"lazy\" decoding=\"async\" width=\"1024\" height=\"556\" data-id=\"25194\" src=\"http:\/\/lapidarium.fundacja-hereditas.pl\/wp-content\/uploads\/2024\/05\/PiotrPrusakiewicz_Radomska20_Warszawa_4p-1024x556.jpg\" alt=\"\" class=\"wp-image-25194\" srcset=\"http:\/\/lapidarium.fundacja-hereditas.pl\/wp-content\/uploads\/2024\/05\/PiotrPrusakiewicz_Radomska20_Warszawa_4p-1024x556.jpg 1024w, http:\/\/lapidarium.fundacja-hereditas.pl\/wp-content\/uploads\/2024\/05\/PiotrPrusakiewicz_Radomska20_Warszawa_4p-300x163.jpg 300w, http:\/\/lapidarium.fundacja-hereditas.pl\/wp-content\/uploads\/2024\/05\/PiotrPrusakiewicz_Radomska20_Warszawa_4p-768x417.jpg 768w, http:\/\/lapidarium.fundacja-hereditas.pl\/wp-content\/uploads\/2024\/05\/PiotrPrusakiewicz_Radomska20_Warszawa_4p-1536x834.jpg 1536w, http:\/\/lapidarium.fundacja-hereditas.pl\/wp-content\/uploads\/2024\/05\/PiotrPrusakiewicz_Radomska20_Warszawa_4p-2048x1112.jpg 2048w, http:\/\/lapidarium.fundacja-hereditas.pl\/wp-content\/uploads\/2024\/05\/PiotrPrusakiewicz_Radomska20_Warszawa_4p-150x81.jpg 150w, http:\/\/lapidarium.fundacja-hereditas.pl\/wp-content\/uploads\/2024\/05\/PiotrPrusakiewicz_Radomska20_Warszawa_4p-696x378.jpg 696w, http:\/\/lapidarium.fundacja-hereditas.pl\/wp-content\/uploads\/2024\/05\/PiotrPrusakiewicz_Radomska20_Warszawa_4p-1068x580.jpg 1068w, http:\/\/lapidarium.fundacja-hereditas.pl\/wp-content\/uploads\/2024\/05\/PiotrPrusakiewicz_Radomska20_Warszawa_4p-1920x1043.jpg 1920w\" sizes=\"auto, (max-width: 1024px) 100vw, 1024px\" \/><\/a><figcaption class=\"wp-element-caption\">Klatka. Pi\u0119tro IV-te widok og\u00f3lny. Fot. Piotr Prusakiewicz, 2023 r., \u017ar\u00f3d\u0142o: MWKZ.<\/figcaption><\/figure>\n\n\n\n<figure class=\"wp-block-image size-large\"><a href=\"http:\/\/lapidarium.fundacja-hereditas.pl\/wp-content\/uploads\/2024\/05\/E_Dziedziniewicz-Rapca_Warszawa_Radomska_20_czwarte_pietro_polpietro-scaled.jpg\"><img loading=\"lazy\" decoding=\"async\" width=\"774\" height=\"1024\" data-id=\"25161\" src=\"http:\/\/lapidarium.fundacja-hereditas.pl\/wp-content\/uploads\/2024\/05\/E_Dziedziniewicz-Rapca_Warszawa_Radomska_20_czwarte_pietro_polpietro-774x1024.jpg\" alt=\"\" class=\"wp-image-25161\" srcset=\"http:\/\/lapidarium.fundacja-hereditas.pl\/wp-content\/uploads\/2024\/05\/E_Dziedziniewicz-Rapca_Warszawa_Radomska_20_czwarte_pietro_polpietro-774x1024.jpg 774w, http:\/\/lapidarium.fundacja-hereditas.pl\/wp-content\/uploads\/2024\/05\/E_Dziedziniewicz-Rapca_Warszawa_Radomska_20_czwarte_pietro_polpietro-227x300.jpg 227w, http:\/\/lapidarium.fundacja-hereditas.pl\/wp-content\/uploads\/2024\/05\/E_Dziedziniewicz-Rapca_Warszawa_Radomska_20_czwarte_pietro_polpietro-768x1015.jpg 768w, http:\/\/lapidarium.fundacja-hereditas.pl\/wp-content\/uploads\/2024\/05\/E_Dziedziniewicz-Rapca_Warszawa_Radomska_20_czwarte_pietro_polpietro-1162x1536.jpg 1162w, http:\/\/lapidarium.fundacja-hereditas.pl\/wp-content\/uploads\/2024\/05\/E_Dziedziniewicz-Rapca_Warszawa_Radomska_20_czwarte_pietro_polpietro-1549x2048.jpg 1549w, http:\/\/lapidarium.fundacja-hereditas.pl\/wp-content\/uploads\/2024\/05\/E_Dziedziniewicz-Rapca_Warszawa_Radomska_20_czwarte_pietro_polpietro-150x198.jpg 150w, http:\/\/lapidarium.fundacja-hereditas.pl\/wp-content\/uploads\/2024\/05\/E_Dziedziniewicz-Rapca_Warszawa_Radomska_20_czwarte_pietro_polpietro-300x397.jpg 300w, http:\/\/lapidarium.fundacja-hereditas.pl\/wp-content\/uploads\/2024\/05\/E_Dziedziniewicz-Rapca_Warszawa_Radomska_20_czwarte_pietro_polpietro-696x920.jpg 696w, http:\/\/lapidarium.fundacja-hereditas.pl\/wp-content\/uploads\/2024\/05\/E_Dziedziniewicz-Rapca_Warszawa_Radomska_20_czwarte_pietro_polpietro-1068x1412.jpg 1068w, http:\/\/lapidarium.fundacja-hereditas.pl\/wp-content\/uploads\/2024\/05\/E_Dziedziniewicz-Rapca_Warszawa_Radomska_20_czwarte_pietro_polpietro-1920x2539.jpg 1920w, http:\/\/lapidarium.fundacja-hereditas.pl\/wp-content\/uploads\/2024\/05\/E_Dziedziniewicz-Rapca_Warszawa_Radomska_20_czwarte_pietro_polpietro-scaled.jpg 1936w\" sizes=\"auto, (max-width: 774px) 100vw, 774px\" \/><\/a><figcaption class=\"wp-element-caption\">Widok z IV-go pi\u0119tra na ostatni spocznik. Fot. Ewa Dziedziniewicz-R\u0105pca, 2023 r., \u017ar\u00f3d\u0142o: MWKZ.<\/figcaption><\/figure>\n\n\n\n<figure class=\"wp-block-image size-large\"><a href=\"http:\/\/lapidarium.fundacja-hereditas.pl\/wp-content\/uploads\/2024\/05\/E_Dziedziniewicz-Rapca_Warszawa_Radomska_20_czwarte_pietro_polpietro_okno-scaled.jpg\"><img loading=\"lazy\" decoding=\"async\" width=\"1024\" height=\"760\" data-id=\"25162\" src=\"http:\/\/lapidarium.fundacja-hereditas.pl\/wp-content\/uploads\/2024\/05\/E_Dziedziniewicz-Rapca_Warszawa_Radomska_20_czwarte_pietro_polpietro_okno-1024x760.jpg\" alt=\"\" class=\"wp-image-25162\" srcset=\"http:\/\/lapidarium.fundacja-hereditas.pl\/wp-content\/uploads\/2024\/05\/E_Dziedziniewicz-Rapca_Warszawa_Radomska_20_czwarte_pietro_polpietro_okno-1024x760.jpg 1024w, http:\/\/lapidarium.fundacja-hereditas.pl\/wp-content\/uploads\/2024\/05\/E_Dziedziniewicz-Rapca_Warszawa_Radomska_20_czwarte_pietro_polpietro_okno-300x223.jpg 300w, http:\/\/lapidarium.fundacja-hereditas.pl\/wp-content\/uploads\/2024\/05\/E_Dziedziniewicz-Rapca_Warszawa_Radomska_20_czwarte_pietro_polpietro_okno-768x570.jpg 768w, http:\/\/lapidarium.fundacja-hereditas.pl\/wp-content\/uploads\/2024\/05\/E_Dziedziniewicz-Rapca_Warszawa_Radomska_20_czwarte_pietro_polpietro_okno-1536x1140.jpg 1536w, http:\/\/lapidarium.fundacja-hereditas.pl\/wp-content\/uploads\/2024\/05\/E_Dziedziniewicz-Rapca_Warszawa_Radomska_20_czwarte_pietro_polpietro_okno-2048x1520.jpg 2048w, http:\/\/lapidarium.fundacja-hereditas.pl\/wp-content\/uploads\/2024\/05\/E_Dziedziniewicz-Rapca_Warszawa_Radomska_20_czwarte_pietro_polpietro_okno-150x111.jpg 150w, http:\/\/lapidarium.fundacja-hereditas.pl\/wp-content\/uploads\/2024\/05\/E_Dziedziniewicz-Rapca_Warszawa_Radomska_20_czwarte_pietro_polpietro_okno-485x360.jpg 485w, http:\/\/lapidarium.fundacja-hereditas.pl\/wp-content\/uploads\/2024\/05\/E_Dziedziniewicz-Rapca_Warszawa_Radomska_20_czwarte_pietro_polpietro_okno-696x517.jpg 696w, http:\/\/lapidarium.fundacja-hereditas.pl\/wp-content\/uploads\/2024\/05\/E_Dziedziniewicz-Rapca_Warszawa_Radomska_20_czwarte_pietro_polpietro_okno-1068x793.jpg 1068w, http:\/\/lapidarium.fundacja-hereditas.pl\/wp-content\/uploads\/2024\/05\/E_Dziedziniewicz-Rapca_Warszawa_Radomska_20_czwarte_pietro_polpietro_okno-1920x1425.jpg 1920w\" sizes=\"auto, (max-width: 1024px) 100vw, 1024px\" \/><\/a><figcaption class=\"wp-element-caption\">Ostatni spocznik. Fot. Ewa Dziedziniewicz-R\u0105pca, 2023 r., \u017ar\u00f3d\u0142o: MWKZ.<\/figcaption><\/figure>\n\n\n\n<figure class=\"wp-block-image size-large\"><a href=\"http:\/\/lapidarium.fundacja-hereditas.pl\/wp-content\/uploads\/2024\/05\/E_Dziedziniewicz-Rapca_Warszawa_Radomska_20_czwarte_pietro-scaled.jpg\"><img loading=\"lazy\" decoding=\"async\" width=\"1024\" height=\"765\" data-id=\"25160\" src=\"http:\/\/lapidarium.fundacja-hereditas.pl\/wp-content\/uploads\/2024\/05\/E_Dziedziniewicz-Rapca_Warszawa_Radomska_20_czwarte_pietro-1024x765.jpg\" alt=\"\" class=\"wp-image-25160\" srcset=\"http:\/\/lapidarium.fundacja-hereditas.pl\/wp-content\/uploads\/2024\/05\/E_Dziedziniewicz-Rapca_Warszawa_Radomska_20_czwarte_pietro-1024x765.jpg 1024w, http:\/\/lapidarium.fundacja-hereditas.pl\/wp-content\/uploads\/2024\/05\/E_Dziedziniewicz-Rapca_Warszawa_Radomska_20_czwarte_pietro-300x224.jpg 300w, http:\/\/lapidarium.fundacja-hereditas.pl\/wp-content\/uploads\/2024\/05\/E_Dziedziniewicz-Rapca_Warszawa_Radomska_20_czwarte_pietro-768x574.jpg 768w, http:\/\/lapidarium.fundacja-hereditas.pl\/wp-content\/uploads\/2024\/05\/E_Dziedziniewicz-Rapca_Warszawa_Radomska_20_czwarte_pietro-1536x1147.jpg 1536w, http:\/\/lapidarium.fundacja-hereditas.pl\/wp-content\/uploads\/2024\/05\/E_Dziedziniewicz-Rapca_Warszawa_Radomska_20_czwarte_pietro-2048x1530.jpg 2048w, http:\/\/lapidarium.fundacja-hereditas.pl\/wp-content\/uploads\/2024\/05\/E_Dziedziniewicz-Rapca_Warszawa_Radomska_20_czwarte_pietro-150x112.jpg 150w, http:\/\/lapidarium.fundacja-hereditas.pl\/wp-content\/uploads\/2024\/05\/E_Dziedziniewicz-Rapca_Warszawa_Radomska_20_czwarte_pietro-696x520.jpg 696w, http:\/\/lapidarium.fundacja-hereditas.pl\/wp-content\/uploads\/2024\/05\/E_Dziedziniewicz-Rapca_Warszawa_Radomska_20_czwarte_pietro-1068x798.jpg 1068w, http:\/\/lapidarium.fundacja-hereditas.pl\/wp-content\/uploads\/2024\/05\/E_Dziedziniewicz-Rapca_Warszawa_Radomska_20_czwarte_pietro-1920x1434.jpg 1920w\" sizes=\"auto, (max-width: 1024px) 100vw, 1024px\" \/><\/a><figcaption class=\"wp-element-caption\">Widok z ostatniego spocznika ku wej\u015bciu na strych. Fot. Ewa Dziedziniewicz-R\u0105pca, 2023 r., \u017ar\u00f3d\u0142o: MWKZ.<\/figcaption><\/figure>\n\n\n\n<figure class=\"wp-block-image size-large\"><a href=\"http:\/\/lapidarium.fundacja-hereditas.pl\/wp-content\/uploads\/2024\/05\/PiotrPrusakiewicz_Radomska20_Warszawa_drzwi_do_pomieszczenia_strych-scaled.jpg\"><img loading=\"lazy\" decoding=\"async\" width=\"478\" height=\"1024\" data-id=\"25198\" src=\"http:\/\/lapidarium.fundacja-hereditas.pl\/wp-content\/uploads\/2024\/05\/PiotrPrusakiewicz_Radomska20_Warszawa_drzwi_do_pomieszczenia_strych-478x1024.jpg\" alt=\"\" class=\"wp-image-25198\" srcset=\"http:\/\/lapidarium.fundacja-hereditas.pl\/wp-content\/uploads\/2024\/05\/PiotrPrusakiewicz_Radomska20_Warszawa_drzwi_do_pomieszczenia_strych-478x1024.jpg 478w, http:\/\/lapidarium.fundacja-hereditas.pl\/wp-content\/uploads\/2024\/05\/PiotrPrusakiewicz_Radomska20_Warszawa_drzwi_do_pomieszczenia_strych-140x300.jpg 140w, http:\/\/lapidarium.fundacja-hereditas.pl\/wp-content\/uploads\/2024\/05\/PiotrPrusakiewicz_Radomska20_Warszawa_drzwi_do_pomieszczenia_strych-768x1644.jpg 768w, http:\/\/lapidarium.fundacja-hereditas.pl\/wp-content\/uploads\/2024\/05\/PiotrPrusakiewicz_Radomska20_Warszawa_drzwi_do_pomieszczenia_strych-717x1536.jpg 717w, http:\/\/lapidarium.fundacja-hereditas.pl\/wp-content\/uploads\/2024\/05\/PiotrPrusakiewicz_Radomska20_Warszawa_drzwi_do_pomieszczenia_strych-957x2048.jpg 957w, http:\/\/lapidarium.fundacja-hereditas.pl\/wp-content\/uploads\/2024\/05\/PiotrPrusakiewicz_Radomska20_Warszawa_drzwi_do_pomieszczenia_strych-150x321.jpg 150w, http:\/\/lapidarium.fundacja-hereditas.pl\/wp-content\/uploads\/2024\/05\/PiotrPrusakiewicz_Radomska20_Warszawa_drzwi_do_pomieszczenia_strych-300x642.jpg 300w, http:\/\/lapidarium.fundacja-hereditas.pl\/wp-content\/uploads\/2024\/05\/PiotrPrusakiewicz_Radomska20_Warszawa_drzwi_do_pomieszczenia_strych-696x1490.jpg 696w, http:\/\/lapidarium.fundacja-hereditas.pl\/wp-content\/uploads\/2024\/05\/PiotrPrusakiewicz_Radomska20_Warszawa_drzwi_do_pomieszczenia_strych-1068x2286.jpg 1068w, http:\/\/lapidarium.fundacja-hereditas.pl\/wp-content\/uploads\/2024\/05\/PiotrPrusakiewicz_Radomska20_Warszawa_drzwi_do_pomieszczenia_strych-scaled.jpg 1196w\" sizes=\"auto, (max-width: 478px) 100vw, 478px\" \/><\/a><figcaption class=\"wp-element-caption\">Klatka &#8211; drzwi na strych. Fot. Piotr Prusakiewicz, 2023 r., \u017ar\u00f3d\u0142o: MWKZ.<\/figcaption><\/figure>\n\n\n\n<figure class=\"wp-block-image size-large\"><a href=\"http:\/\/lapidarium.fundacja-hereditas.pl\/wp-content\/uploads\/2024\/05\/PiotrPrusakiewicz_Radomska20_Warszawa_balustrada-scaled.jpg\"><img loading=\"lazy\" decoding=\"async\" width=\"460\" height=\"1024\" data-id=\"25195\" src=\"http:\/\/lapidarium.fundacja-hereditas.pl\/wp-content\/uploads\/2024\/05\/PiotrPrusakiewicz_Radomska20_Warszawa_balustrada-460x1024.jpg\" alt=\"\" class=\"wp-image-25195\" srcset=\"http:\/\/lapidarium.fundacja-hereditas.pl\/wp-content\/uploads\/2024\/05\/PiotrPrusakiewicz_Radomska20_Warszawa_balustrada-460x1024.jpg 460w, http:\/\/lapidarium.fundacja-hereditas.pl\/wp-content\/uploads\/2024\/05\/PiotrPrusakiewicz_Radomska20_Warszawa_balustrada-135x300.jpg 135w, http:\/\/lapidarium.fundacja-hereditas.pl\/wp-content\/uploads\/2024\/05\/PiotrPrusakiewicz_Radomska20_Warszawa_balustrada-768x1709.jpg 768w, http:\/\/lapidarium.fundacja-hereditas.pl\/wp-content\/uploads\/2024\/05\/PiotrPrusakiewicz_Radomska20_Warszawa_balustrada-690x1536.jpg 690w, http:\/\/lapidarium.fundacja-hereditas.pl\/wp-content\/uploads\/2024\/05\/PiotrPrusakiewicz_Radomska20_Warszawa_balustrada-921x2048.jpg 921w, http:\/\/lapidarium.fundacja-hereditas.pl\/wp-content\/uploads\/2024\/05\/PiotrPrusakiewicz_Radomska20_Warszawa_balustrada-150x334.jpg 150w, http:\/\/lapidarium.fundacja-hereditas.pl\/wp-content\/uploads\/2024\/05\/PiotrPrusakiewicz_Radomska20_Warszawa_balustrada-300x667.jpg 300w, http:\/\/lapidarium.fundacja-hereditas.pl\/wp-content\/uploads\/2024\/05\/PiotrPrusakiewicz_Radomska20_Warszawa_balustrada-696x1549.jpg 696w, http:\/\/lapidarium.fundacja-hereditas.pl\/wp-content\/uploads\/2024\/05\/PiotrPrusakiewicz_Radomska20_Warszawa_balustrada-1068x2376.jpg 1068w, http:\/\/lapidarium.fundacja-hereditas.pl\/wp-content\/uploads\/2024\/05\/PiotrPrusakiewicz_Radomska20_Warszawa_balustrada-scaled.jpg 1151w\" sizes=\"auto, (max-width: 460px) 100vw, 460px\" \/><\/a><figcaption class=\"wp-element-caption\">Klatka. Pr\u0119t balustrady i policzki schod\u00f3w. Fot. Piotr Prusakiewicz, 2023 r., \u017ar\u00f3d\u0142o: MWKZ.<\/figcaption><\/figure>\n\n\n\n<figure class=\"wp-block-image size-large\"><a href=\"http:\/\/lapidarium.fundacja-hereditas.pl\/wp-content\/uploads\/2024\/05\/PiotrPrusakiewicz_Radomska20_Warszawa_mocowanie_balustrady-scaled.jpg\"><img loading=\"lazy\" decoding=\"async\" width=\"507\" height=\"1024\" data-id=\"25204\" src=\"http:\/\/lapidarium.fundacja-hereditas.pl\/wp-content\/uploads\/2024\/05\/PiotrPrusakiewicz_Radomska20_Warszawa_mocowanie_balustrady-507x1024.jpg\" alt=\"\" class=\"wp-image-25204\" srcset=\"http:\/\/lapidarium.fundacja-hereditas.pl\/wp-content\/uploads\/2024\/05\/PiotrPrusakiewicz_Radomska20_Warszawa_mocowanie_balustrady-507x1024.jpg 507w, http:\/\/lapidarium.fundacja-hereditas.pl\/wp-content\/uploads\/2024\/05\/PiotrPrusakiewicz_Radomska20_Warszawa_mocowanie_balustrady-149x300.jpg 149w, http:\/\/lapidarium.fundacja-hereditas.pl\/wp-content\/uploads\/2024\/05\/PiotrPrusakiewicz_Radomska20_Warszawa_mocowanie_balustrady-768x1550.jpg 768w, http:\/\/lapidarium.fundacja-hereditas.pl\/wp-content\/uploads\/2024\/05\/PiotrPrusakiewicz_Radomska20_Warszawa_mocowanie_balustrady-761x1536.jpg 761w, http:\/\/lapidarium.fundacja-hereditas.pl\/wp-content\/uploads\/2024\/05\/PiotrPrusakiewicz_Radomska20_Warszawa_mocowanie_balustrady-1015x2048.jpg 1015w, http:\/\/lapidarium.fundacja-hereditas.pl\/wp-content\/uploads\/2024\/05\/PiotrPrusakiewicz_Radomska20_Warszawa_mocowanie_balustrady-150x303.jpg 150w, http:\/\/lapidarium.fundacja-hereditas.pl\/wp-content\/uploads\/2024\/05\/PiotrPrusakiewicz_Radomska20_Warszawa_mocowanie_balustrady-300x605.jpg 300w, http:\/\/lapidarium.fundacja-hereditas.pl\/wp-content\/uploads\/2024\/05\/PiotrPrusakiewicz_Radomska20_Warszawa_mocowanie_balustrady-696x1405.jpg 696w, http:\/\/lapidarium.fundacja-hereditas.pl\/wp-content\/uploads\/2024\/05\/PiotrPrusakiewicz_Radomska20_Warszawa_mocowanie_balustrady-1068x2155.jpg 1068w, http:\/\/lapidarium.fundacja-hereditas.pl\/wp-content\/uploads\/2024\/05\/PiotrPrusakiewicz_Radomska20_Warszawa_mocowanie_balustrady-scaled.jpg 1268w\" sizes=\"auto, (max-width: 507px) 100vw, 507px\" \/><\/a><figcaption class=\"wp-element-caption\">Klatka &#8211; podstawa pr\u0119ta balustrady. Fot. Piotr Prusakiewicz, 2023 r., \u017ar\u00f3d\u0142o: MWKZ.<\/figcaption><\/figure>\n\n\n\n<figure class=\"wp-block-image size-large\"><a href=\"http:\/\/lapidarium.fundacja-hereditas.pl\/wp-content\/uploads\/2024\/05\/PiotrPrusakiewicz_Radomska20_Warszawa_stopnica_nosek_schodow-scaled.jpg\"><img loading=\"lazy\" decoding=\"async\" width=\"1024\" height=\"479\" data-id=\"25207\" src=\"http:\/\/lapidarium.fundacja-hereditas.pl\/wp-content\/uploads\/2024\/05\/PiotrPrusakiewicz_Radomska20_Warszawa_stopnica_nosek_schodow-1024x479.jpg\" alt=\"\" class=\"wp-image-25207\" srcset=\"http:\/\/lapidarium.fundacja-hereditas.pl\/wp-content\/uploads\/2024\/05\/PiotrPrusakiewicz_Radomska20_Warszawa_stopnica_nosek_schodow-1024x479.jpg 1024w, http:\/\/lapidarium.fundacja-hereditas.pl\/wp-content\/uploads\/2024\/05\/PiotrPrusakiewicz_Radomska20_Warszawa_stopnica_nosek_schodow-300x140.jpg 300w, http:\/\/lapidarium.fundacja-hereditas.pl\/wp-content\/uploads\/2024\/05\/PiotrPrusakiewicz_Radomska20_Warszawa_stopnica_nosek_schodow-768x359.jpg 768w, http:\/\/lapidarium.fundacja-hereditas.pl\/wp-content\/uploads\/2024\/05\/PiotrPrusakiewicz_Radomska20_Warszawa_stopnica_nosek_schodow-1536x718.jpg 1536w, http:\/\/lapidarium.fundacja-hereditas.pl\/wp-content\/uploads\/2024\/05\/PiotrPrusakiewicz_Radomska20_Warszawa_stopnica_nosek_schodow-2048x957.jpg 2048w, http:\/\/lapidarium.fundacja-hereditas.pl\/wp-content\/uploads\/2024\/05\/PiotrPrusakiewicz_Radomska20_Warszawa_stopnica_nosek_schodow-150x70.jpg 150w, http:\/\/lapidarium.fundacja-hereditas.pl\/wp-content\/uploads\/2024\/05\/PiotrPrusakiewicz_Radomska20_Warszawa_stopnica_nosek_schodow-696x325.jpg 696w, http:\/\/lapidarium.fundacja-hereditas.pl\/wp-content\/uploads\/2024\/05\/PiotrPrusakiewicz_Radomska20_Warszawa_stopnica_nosek_schodow-1068x499.jpg 1068w, http:\/\/lapidarium.fundacja-hereditas.pl\/wp-content\/uploads\/2024\/05\/PiotrPrusakiewicz_Radomska20_Warszawa_stopnica_nosek_schodow-1920x897.jpg 1920w\" sizes=\"auto, (max-width: 1024px) 100vw, 1024px\" \/><\/a><figcaption class=\"wp-element-caption\">Klatka &#8211; policzki schod\u00f3w. Fot. Piotr Prusakiewicz, 2023 r., \u017ar\u00f3d\u0142o: MWKZ.<\/figcaption><\/figure>\n\n\n\n<figure class=\"wp-block-image size-large\"><a href=\"http:\/\/lapidarium.fundacja-hereditas.pl\/wp-content\/uploads\/2024\/05\/E_Dziedziniewicz-Rapca_Warszawa_Radomska_20_schody_posadzka-scaled.jpg\"><img loading=\"lazy\" decoding=\"async\" width=\"778\" height=\"1024\" data-id=\"25184\" src=\"http:\/\/lapidarium.fundacja-hereditas.pl\/wp-content\/uploads\/2024\/05\/E_Dziedziniewicz-Rapca_Warszawa_Radomska_20_schody_posadzka-778x1024.jpg\" alt=\"\" class=\"wp-image-25184\" srcset=\"http:\/\/lapidarium.fundacja-hereditas.pl\/wp-content\/uploads\/2024\/05\/E_Dziedziniewicz-Rapca_Warszawa_Radomska_20_schody_posadzka-778x1024.jpg 778w, http:\/\/lapidarium.fundacja-hereditas.pl\/wp-content\/uploads\/2024\/05\/E_Dziedziniewicz-Rapca_Warszawa_Radomska_20_schody_posadzka-228x300.jpg 228w, http:\/\/lapidarium.fundacja-hereditas.pl\/wp-content\/uploads\/2024\/05\/E_Dziedziniewicz-Rapca_Warszawa_Radomska_20_schody_posadzka-768x1010.jpg 768w, http:\/\/lapidarium.fundacja-hereditas.pl\/wp-content\/uploads\/2024\/05\/E_Dziedziniewicz-Rapca_Warszawa_Radomska_20_schody_posadzka-1168x1536.jpg 1168w, http:\/\/lapidarium.fundacja-hereditas.pl\/wp-content\/uploads\/2024\/05\/E_Dziedziniewicz-Rapca_Warszawa_Radomska_20_schody_posadzka-1557x2048.jpg 1557w, http:\/\/lapidarium.fundacja-hereditas.pl\/wp-content\/uploads\/2024\/05\/E_Dziedziniewicz-Rapca_Warszawa_Radomska_20_schody_posadzka-150x197.jpg 150w, http:\/\/lapidarium.fundacja-hereditas.pl\/wp-content\/uploads\/2024\/05\/E_Dziedziniewicz-Rapca_Warszawa_Radomska_20_schody_posadzka-300x395.jpg 300w, http:\/\/lapidarium.fundacja-hereditas.pl\/wp-content\/uploads\/2024\/05\/E_Dziedziniewicz-Rapca_Warszawa_Radomska_20_schody_posadzka-696x916.jpg 696w, http:\/\/lapidarium.fundacja-hereditas.pl\/wp-content\/uploads\/2024\/05\/E_Dziedziniewicz-Rapca_Warszawa_Radomska_20_schody_posadzka-1068x1405.jpg 1068w, http:\/\/lapidarium.fundacja-hereditas.pl\/wp-content\/uploads\/2024\/05\/E_Dziedziniewicz-Rapca_Warszawa_Radomska_20_schody_posadzka-1920x2526.jpg 1920w, http:\/\/lapidarium.fundacja-hereditas.pl\/wp-content\/uploads\/2024\/05\/E_Dziedziniewicz-Rapca_Warszawa_Radomska_20_schody_posadzka-scaled.jpg 1946w\" sizes=\"auto, (max-width: 778px) 100vw, 778px\" \/><\/a><figcaption class=\"wp-element-caption\">Klatka &#8211; lastrico stopni schod\u00f3w. Fot. Ewa Dziedziniewicz-R\u0105pca, 2023 r., \u017ar\u00f3d\u0142o: MWKZ.<\/figcaption><\/figure>\n<\/figure>\n","protected":false},"excerpt":{"rendered":"<p>Omawiany tu dom pod adresem 20, powsta\u0142 po 1936 roku. W przededniu II wojny \u015bwiatowej by\u0142 w\u0142asno\u015bci\u0105 firmy: \u201eLut\u201d sp. z o.o. i by\u0107 mo\u017ce dla niej zosta\u0142 zaprojektowany. Administratorem nieruchomo\u015bci natomiast by\u0142 Samuel Typograf. Firma \u201eLut\u201d, dzia\u0142aj\u0105ca zapewne w bran\u017cy spawalniczej, wystawi\u0142a kamienic\u0119, podobnie jak s\u0105siednie, czteropi\u0119trow\u0105 o pi\u0119ciu osiach, z kt\u00f3rych trzy posiada\u0142y [&hellip;]<\/p>\n","protected":false},"author":6,"featured_media":25964,"comment_status":"open","ping_status":"open","sticky":false,"template":"","format":"standard","meta":{"footnotes":""},"categories":[210,4],"tags":[],"class_list":{"0":"post-20124","1":"post","2":"type-post","3":"status-publish","4":"format-standard","5":"has-post-thumbnail","7":"category-radomska","8":"category-warszawa"},"_links":{"self":[{"href":"http:\/\/lapidarium.fundacja-hereditas.pl\/index.php\/wp-json\/wp\/v2\/posts\/20124","targetHints":{"allow":["GET"]}}],"collection":[{"href":"http:\/\/lapidarium.fundacja-hereditas.pl\/index.php\/wp-json\/wp\/v2\/posts"}],"about":[{"href":"http:\/\/lapidarium.fundacja-hereditas.pl\/index.php\/wp-json\/wp\/v2\/types\/post"}],"author":[{"embeddable":true,"href":"http:\/\/lapidarium.fundacja-hereditas.pl\/index.php\/wp-json\/wp\/v2\/users\/6"}],"replies":[{"embeddable":true,"href":"http:\/\/lapidarium.fundacja-hereditas.pl\/index.php\/wp-json\/wp\/v2\/comments?post=20124"}],"version-history":[{"count":6,"href":"http:\/\/lapidarium.fundacja-hereditas.pl\/index.php\/wp-json\/wp\/v2\/posts\/20124\/revisions"}],"predecessor-version":[{"id":25238,"href":"http:\/\/lapidarium.fundacja-hereditas.pl\/index.php\/wp-json\/wp\/v2\/posts\/20124\/revisions\/25238"}],"wp:featuredmedia":[{"embeddable":true,"href":"http:\/\/lapidarium.fundacja-hereditas.pl\/index.php\/wp-json\/wp\/v2\/media\/25964"}],"wp:attachment":[{"href":"http:\/\/lapidarium.fundacja-hereditas.pl\/index.php\/wp-json\/wp\/v2\/media?parent=20124"}],"wp:term":[{"taxonomy":"category","embeddable":true,"href":"http:\/\/lapidarium.fundacja-hereditas.pl\/index.php\/wp-json\/wp\/v2\/categories?post=20124"},{"taxonomy":"post_tag","embeddable":true,"href":"http:\/\/lapidarium.fundacja-hereditas.pl\/index.php\/wp-json\/wp\/v2\/tags?post=20124"}],"curies":[{"name":"wp","href":"https:\/\/api.w.org\/{rel}","templated":true}]}}