{"id":19719,"date":"2024-01-18T06:31:47","date_gmt":"2024-01-18T05:31:47","guid":{"rendered":"http:\/\/lapidarium.fundacja-hereditas.pl\/?p=19719"},"modified":"2024-05-12T18:31:56","modified_gmt":"2024-05-12T16:31:56","slug":"kamienica-ul-zelazna-75a-warszawa","status":"publish","type":"post","link":"http:\/\/lapidarium.fundacja-hereditas.pl\/index.php\/2024\/01\/18\/kamienica-ul-zelazna-75a-warszawa\/","title":{"rendered":"Kamienica ul. Ch\u0142odna 25, Warszawa"},"content":{"rendered":"\n<p>Nowoczesny, pi\u0119ciopi\u0119trowy gmach powsta\u0142y dla Ignacego Partowicza w altach 1937-38. Architektem tej nader futurystycznej, jak na owe czasy budowli by\u0142 Edward Herstein (1905-ok. 1940-43 w warszawskim getcie). Obiekt jest powszechnie znany \u2013 sta\u0142 bowiem w tle jednej z bram do getta i z racji tego znalaz\u0142 si\u0119 na wielu niemieckich zdj\u0119ciach robionych w tej okolicy. Mocna, nowoczesna konstrukcja budynku uratowa\u0142a go przed zniszczeniami ostatniej wojny. Zosta\u0142 oczywi\u015bcie nadwyr\u0119\u017cony, jednak by\u0142y to straty powierzchowne, szczeg\u00f3lnie w por\u00f3wnaniu z innymi otaczaj\u0105cymi go budynkami. Zniszczeniu uleg\u0142 tylko dach. Po wojnie, dopiero w latach 1958-59 gmach poddano w ko\u0144cu og\u00f3lnemu remontowi, nad kt\u00f3rym piecz\u0119 sprawowa\u0142 Stanis\u0142aw Marzy\u0144ski (1904-1992). Mimo, i\u017c kamienica ma adres od ul. \u017belaznej, to elewacj\u0105 g\u0142\u00f3wn\u0105 zwr\u00f3cona jest w stron\u0119 ul. Ch\u0142odnej. Prawie ca\u0142\u0105 jej powierzchni\u0119 opasuj\u0105 galeriowe balkony, a cofni\u0119ty parter ograniczaj\u0105 od linii fasady proste filary odlane z jasnego lastrico. W powsta\u0142ych w ten spos\u00f3b podcieniach umieszczono szereg lokali u\u017cytkowych. Wewn\u0105trz klatki schodowej wykorzystano na posadzkach, podobne jak na filarach, jasne lastrico z elementami czarnymi i zielonymi. Zielone lastrico spotyka si\u0119 stosunkowo rzadko. Na pod\u0142odze parteru s\u0105 \u015blady po od\u0142amkach, a na pi\u0119trach rozleg\u0142e czerwone plamy, powsta\u0142e najprawdopodobniej z ludzkiej krwi, podczas walk z Niemcami, w okresie ostatniej wojny. R\u00f3wnie\u017c na wy\u017cszych pi\u0119trach, wida\u0107 na pod\u0142odze \u015blady rozbryzg\u00f3w po od\u0142amkach. Obudowa windy wygl\u0105da na star\u0105. Dom od pocz\u0105tku by\u0142a na tyle nowoczesny, \u017ce mo\u017ce by\u0107 ona zar\u00f3wno oryginalna przedwojenna, jak i pochodzi\u0107 z okresu powojennego remontu. Ostatni\u0105 kwesti\u0105 jest sprawa adresu. Ot\u00f3\u017c przed wojn\u0105 (plany miasta 1:2500)widnieje ona pod adresem: &#8222;ul. Ch\u0142odna 25&#8221;. Po wojnie z jakich\u015b powod\u00f3w budynek podzielono i klatka od ul. \u017belaznej dosta\u0142a adres: &#8222;ul. \u017belazna 75a&#8221;. Na marginesie dodajmy, \u017ce tabliczka adresowa nie wisi od ulicy, a od podw\u00f3rza (!), co znacznie utrudnia orientacj\u0119 w terenie. Pozosta\u0142a cz\u0119\u015b\u0107 kamienicy, ta po\u0142o\u017cona wzd\u0142u\u017c ul. Ch\u0142odnej zachowa\u0142a sw\u00f3j przedwojenny adres: &#8222;ul. Ch\u0142odna 25&#8221; &#8211; z tabliczk\u0105 od ulicy. \u017beby by\u0142o jeszcze trudniej, to w oficjalnym serwisie miejskim (<a href=\"https:\/\/mapa.um.warszawa.pl\/\">https:\/\/mapa.um.warszawa.pl\/<\/a>), ca\u0142a kamienica ma z kolei adres: &#8222;ul. \u017belazna 75a&#8221; &#8211; przypomnijmy: niewidoczny ani od strony ul. \u017belaznej ani Ch\u0142odnej. Z tego powodu dom wymieniany jest raz pod jednym, raz pod drugim adresem. Obiekt opisujemy zgodnie z historycznym adresem, przy adresie p\u00f3\u017aniejszym daj\u0105c jednak odpowiedni odno\u015bnik.<\/p>\n\n\n\n<p>::: Sfinansowano ze \u015brodk\u00f3w Mazowieckiego Wojew\u00f3dzkiego Konserwatora Zabytk\u00f3w.<\/p>\n\n\n\n<figure class=\"wp-block-gallery has-nested-images columns-default is-cropped wp-block-gallery-1 is-layout-flex wp-block-gallery-is-layout-flex\">\n<figure class=\"wp-block-image size-large\"><a href=\"http:\/\/lapidarium.fundacja-hereditas.pl\/wp-content\/uploads\/2024\/05\/E_Dziedziniewicz-Rapca_Warszawa_Zelazna_75A__fasada_od_Chlodnej-1-scaled.jpg\"><img loading=\"lazy\" decoding=\"async\" width=\"1024\" height=\"800\" data-id=\"24788\" src=\"http:\/\/lapidarium.fundacja-hereditas.pl\/wp-content\/uploads\/2024\/05\/E_Dziedziniewicz-Rapca_Warszawa_Zelazna_75A__fasada_od_Chlodnej-1-1024x800.jpg\" alt=\"\" class=\"wp-image-24788\" srcset=\"http:\/\/lapidarium.fundacja-hereditas.pl\/wp-content\/uploads\/2024\/05\/E_Dziedziniewicz-Rapca_Warszawa_Zelazna_75A__fasada_od_Chlodnej-1-1024x800.jpg 1024w, http:\/\/lapidarium.fundacja-hereditas.pl\/wp-content\/uploads\/2024\/05\/E_Dziedziniewicz-Rapca_Warszawa_Zelazna_75A__fasada_od_Chlodnej-1-300x234.jpg 300w, http:\/\/lapidarium.fundacja-hereditas.pl\/wp-content\/uploads\/2024\/05\/E_Dziedziniewicz-Rapca_Warszawa_Zelazna_75A__fasada_od_Chlodnej-1-768x600.jpg 768w, http:\/\/lapidarium.fundacja-hereditas.pl\/wp-content\/uploads\/2024\/05\/E_Dziedziniewicz-Rapca_Warszawa_Zelazna_75A__fasada_od_Chlodnej-1-1536x1200.jpg 1536w, http:\/\/lapidarium.fundacja-hereditas.pl\/wp-content\/uploads\/2024\/05\/E_Dziedziniewicz-Rapca_Warszawa_Zelazna_75A__fasada_od_Chlodnej-1-2048x1600.jpg 2048w, http:\/\/lapidarium.fundacja-hereditas.pl\/wp-content\/uploads\/2024\/05\/E_Dziedziniewicz-Rapca_Warszawa_Zelazna_75A__fasada_od_Chlodnej-1-150x117.jpg 150w, http:\/\/lapidarium.fundacja-hereditas.pl\/wp-content\/uploads\/2024\/05\/E_Dziedziniewicz-Rapca_Warszawa_Zelazna_75A__fasada_od_Chlodnej-1-696x544.jpg 696w, http:\/\/lapidarium.fundacja-hereditas.pl\/wp-content\/uploads\/2024\/05\/E_Dziedziniewicz-Rapca_Warszawa_Zelazna_75A__fasada_od_Chlodnej-1-1068x834.jpg 1068w, http:\/\/lapidarium.fundacja-hereditas.pl\/wp-content\/uploads\/2024\/05\/E_Dziedziniewicz-Rapca_Warszawa_Zelazna_75A__fasada_od_Chlodnej-1-1920x1500.jpg 1920w\" sizes=\"auto, (max-width: 1024px) 100vw, 1024px\" \/><\/a><figcaption class=\"wp-element-caption\">Elewacja od ul. Ch\u0142odnej. Widok og\u00f3lny. Balkony galeriowe. Fot. Ewa Dziedziniewicz-R\u0105pca, 2023 r., \u017ar\u00f3d\u0142o: MWKZ.<\/figcaption><\/figure>\n\n\n\n<figure class=\"wp-block-image size-large\"><a href=\"http:\/\/lapidarium.fundacja-hereditas.pl\/wp-content\/uploads\/2024\/05\/E_Dziedziniewicz-Rapca_Warszawa_Zelazna_75A__fasada_od_Chlodnej_G-1-scaled.jpg\"><img loading=\"lazy\" decoding=\"async\" width=\"807\" height=\"1024\" data-id=\"24789\" src=\"http:\/\/lapidarium.fundacja-hereditas.pl\/wp-content\/uploads\/2024\/05\/E_Dziedziniewicz-Rapca_Warszawa_Zelazna_75A__fasada_od_Chlodnej_G-1-807x1024.jpg\" alt=\"\" class=\"wp-image-24789\" srcset=\"http:\/\/lapidarium.fundacja-hereditas.pl\/wp-content\/uploads\/2024\/05\/E_Dziedziniewicz-Rapca_Warszawa_Zelazna_75A__fasada_od_Chlodnej_G-1-807x1024.jpg 807w, http:\/\/lapidarium.fundacja-hereditas.pl\/wp-content\/uploads\/2024\/05\/E_Dziedziniewicz-Rapca_Warszawa_Zelazna_75A__fasada_od_Chlodnej_G-1-237x300.jpg 237w, http:\/\/lapidarium.fundacja-hereditas.pl\/wp-content\/uploads\/2024\/05\/E_Dziedziniewicz-Rapca_Warszawa_Zelazna_75A__fasada_od_Chlodnej_G-1-768x974.jpg 768w, http:\/\/lapidarium.fundacja-hereditas.pl\/wp-content\/uploads\/2024\/05\/E_Dziedziniewicz-Rapca_Warszawa_Zelazna_75A__fasada_od_Chlodnej_G-1-1211x1536.jpg 1211w, http:\/\/lapidarium.fundacja-hereditas.pl\/wp-content\/uploads\/2024\/05\/E_Dziedziniewicz-Rapca_Warszawa_Zelazna_75A__fasada_od_Chlodnej_G-1-1615x2048.jpg 1615w, http:\/\/lapidarium.fundacja-hereditas.pl\/wp-content\/uploads\/2024\/05\/E_Dziedziniewicz-Rapca_Warszawa_Zelazna_75A__fasada_od_Chlodnej_G-1-150x190.jpg 150w, http:\/\/lapidarium.fundacja-hereditas.pl\/wp-content\/uploads\/2024\/05\/E_Dziedziniewicz-Rapca_Warszawa_Zelazna_75A__fasada_od_Chlodnej_G-1-300x381.jpg 300w, http:\/\/lapidarium.fundacja-hereditas.pl\/wp-content\/uploads\/2024\/05\/E_Dziedziniewicz-Rapca_Warszawa_Zelazna_75A__fasada_od_Chlodnej_G-1-696x883.jpg 696w, http:\/\/lapidarium.fundacja-hereditas.pl\/wp-content\/uploads\/2024\/05\/E_Dziedziniewicz-Rapca_Warszawa_Zelazna_75A__fasada_od_Chlodnej_G-1-1068x1355.jpg 1068w, http:\/\/lapidarium.fundacja-hereditas.pl\/wp-content\/uploads\/2024\/05\/E_Dziedziniewicz-Rapca_Warszawa_Zelazna_75A__fasada_od_Chlodnej_G-1-1920x2435.jpg 1920w, http:\/\/lapidarium.fundacja-hereditas.pl\/wp-content\/uploads\/2024\/05\/E_Dziedziniewicz-Rapca_Warszawa_Zelazna_75A__fasada_od_Chlodnej_G-1-scaled.jpg 2018w\" sizes=\"auto, (max-width: 807px) 100vw, 807px\" \/><\/a><figcaption class=\"wp-element-caption\">Elewacja od ul. Ch\u0142odnej. Widok g\u00f3rnej partii budynku. Balkony galeriowe. Fot. Ewa Dziedziniewicz-R\u0105pca, 2023 r., \u017ar\u00f3d\u0142o: MWKZ.<\/figcaption><\/figure>\n\n\n\n<figure class=\"wp-block-image size-large\"><a href=\"http:\/\/lapidarium.fundacja-hereditas.pl\/wp-content\/uploads\/2024\/05\/E_Dziedziniewicz-Rapca_Warszawa_Zelazna_75A__fasada_od_Chlodnej_C-1-scaled.jpg\"><img loading=\"lazy\" decoding=\"async\" width=\"1024\" height=\"702\" data-id=\"24785\" src=\"http:\/\/lapidarium.fundacja-hereditas.pl\/wp-content\/uploads\/2024\/05\/E_Dziedziniewicz-Rapca_Warszawa_Zelazna_75A__fasada_od_Chlodnej_C-1-1024x702.jpg\" alt=\"\" class=\"wp-image-24785\" srcset=\"http:\/\/lapidarium.fundacja-hereditas.pl\/wp-content\/uploads\/2024\/05\/E_Dziedziniewicz-Rapca_Warszawa_Zelazna_75A__fasada_od_Chlodnej_C-1-1024x702.jpg 1024w, http:\/\/lapidarium.fundacja-hereditas.pl\/wp-content\/uploads\/2024\/05\/E_Dziedziniewicz-Rapca_Warszawa_Zelazna_75A__fasada_od_Chlodnej_C-1-300x206.jpg 300w, http:\/\/lapidarium.fundacja-hereditas.pl\/wp-content\/uploads\/2024\/05\/E_Dziedziniewicz-Rapca_Warszawa_Zelazna_75A__fasada_od_Chlodnej_C-1-768x526.jpg 768w, http:\/\/lapidarium.fundacja-hereditas.pl\/wp-content\/uploads\/2024\/05\/E_Dziedziniewicz-Rapca_Warszawa_Zelazna_75A__fasada_od_Chlodnej_C-1-1536x1053.jpg 1536w, http:\/\/lapidarium.fundacja-hereditas.pl\/wp-content\/uploads\/2024\/05\/E_Dziedziniewicz-Rapca_Warszawa_Zelazna_75A__fasada_od_Chlodnej_C-1-2048x1404.jpg 2048w, http:\/\/lapidarium.fundacja-hereditas.pl\/wp-content\/uploads\/2024\/05\/E_Dziedziniewicz-Rapca_Warszawa_Zelazna_75A__fasada_od_Chlodnej_C-1-150x103.jpg 150w, http:\/\/lapidarium.fundacja-hereditas.pl\/wp-content\/uploads\/2024\/05\/E_Dziedziniewicz-Rapca_Warszawa_Zelazna_75A__fasada_od_Chlodnej_C-1-218x150.jpg 218w, http:\/\/lapidarium.fundacja-hereditas.pl\/wp-content\/uploads\/2024\/05\/E_Dziedziniewicz-Rapca_Warszawa_Zelazna_75A__fasada_od_Chlodnej_C-1-696x477.jpg 696w, http:\/\/lapidarium.fundacja-hereditas.pl\/wp-content\/uploads\/2024\/05\/E_Dziedziniewicz-Rapca_Warszawa_Zelazna_75A__fasada_od_Chlodnej_C-1-1068x732.jpg 1068w, http:\/\/lapidarium.fundacja-hereditas.pl\/wp-content\/uploads\/2024\/05\/E_Dziedziniewicz-Rapca_Warszawa_Zelazna_75A__fasada_od_Chlodnej_C-1-1920x1316.jpg 1920w\" sizes=\"auto, (max-width: 1024px) 100vw, 1024px\" \/><\/a><figcaption class=\"wp-element-caption\">Elewacja oduliczna &#8211; widok og\u00f3lny. Fot. Ewa Dziedziniewicz-R\u0105pca, 2023 r., \u017ar\u00f3d\u0142o: MWKZ.<\/figcaption><\/figure>\n\n\n\n<figure class=\"wp-block-image size-large\"><a href=\"http:\/\/lapidarium.fundacja-hereditas.pl\/wp-content\/uploads\/2024\/05\/E_Dziedziniewicz-Rapca_Warszawa_Zelazna_75A__fasada_od_Chlodnej_F-1-scaled.jpg\"><img loading=\"lazy\" decoding=\"async\" width=\"1024\" height=\"772\" data-id=\"24787\" src=\"http:\/\/lapidarium.fundacja-hereditas.pl\/wp-content\/uploads\/2024\/05\/E_Dziedziniewicz-Rapca_Warszawa_Zelazna_75A__fasada_od_Chlodnej_F-1-1024x772.jpg\" alt=\"\" class=\"wp-image-24787\" srcset=\"http:\/\/lapidarium.fundacja-hereditas.pl\/wp-content\/uploads\/2024\/05\/E_Dziedziniewicz-Rapca_Warszawa_Zelazna_75A__fasada_od_Chlodnej_F-1-1024x772.jpg 1024w, http:\/\/lapidarium.fundacja-hereditas.pl\/wp-content\/uploads\/2024\/05\/E_Dziedziniewicz-Rapca_Warszawa_Zelazna_75A__fasada_od_Chlodnej_F-1-300x226.jpg 300w, http:\/\/lapidarium.fundacja-hereditas.pl\/wp-content\/uploads\/2024\/05\/E_Dziedziniewicz-Rapca_Warszawa_Zelazna_75A__fasada_od_Chlodnej_F-1-768x579.jpg 768w, http:\/\/lapidarium.fundacja-hereditas.pl\/wp-content\/uploads\/2024\/05\/E_Dziedziniewicz-Rapca_Warszawa_Zelazna_75A__fasada_od_Chlodnej_F-1-1536x1159.jpg 1536w, http:\/\/lapidarium.fundacja-hereditas.pl\/wp-content\/uploads\/2024\/05\/E_Dziedziniewicz-Rapca_Warszawa_Zelazna_75A__fasada_od_Chlodnej_F-1-2048x1545.jpg 2048w, http:\/\/lapidarium.fundacja-hereditas.pl\/wp-content\/uploads\/2024\/05\/E_Dziedziniewicz-Rapca_Warszawa_Zelazna_75A__fasada_od_Chlodnej_F-1-150x113.jpg 150w, http:\/\/lapidarium.fundacja-hereditas.pl\/wp-content\/uploads\/2024\/05\/E_Dziedziniewicz-Rapca_Warszawa_Zelazna_75A__fasada_od_Chlodnej_F-1-696x525.jpg 696w, http:\/\/lapidarium.fundacja-hereditas.pl\/wp-content\/uploads\/2024\/05\/E_Dziedziniewicz-Rapca_Warszawa_Zelazna_75A__fasada_od_Chlodnej_F-1-1068x806.jpg 1068w, http:\/\/lapidarium.fundacja-hereditas.pl\/wp-content\/uploads\/2024\/05\/E_Dziedziniewicz-Rapca_Warszawa_Zelazna_75A__fasada_od_Chlodnej_F-1-1920x1448.jpg 1920w\" sizes=\"auto, (max-width: 1024px) 100vw, 1024px\" \/><\/a><figcaption class=\"wp-element-caption\">Elewacja oduliczna. Widok g\u00f3rnej partii naro\u017cnika. Fot. Ewa Dziedziniewicz-R\u0105pca, 2023 r., \u017ar\u00f3d\u0142o: MWKZ.<\/figcaption><\/figure>\n\n\n\n<figure class=\"wp-block-image size-large\"><a href=\"http:\/\/lapidarium.fundacja-hereditas.pl\/wp-content\/uploads\/2024\/05\/E_Dziedziniewicz-Rapca_Warszawa_Zelazna_75A__fasada_od_Chlodnej_C_1-2-scaled.jpg\"><img loading=\"lazy\" decoding=\"async\" width=\"691\" height=\"1024\" data-id=\"24786\" src=\"http:\/\/lapidarium.fundacja-hereditas.pl\/wp-content\/uploads\/2024\/05\/E_Dziedziniewicz-Rapca_Warszawa_Zelazna_75A__fasada_od_Chlodnej_C_1-2-691x1024.jpg\" alt=\"\" class=\"wp-image-24786\" srcset=\"http:\/\/lapidarium.fundacja-hereditas.pl\/wp-content\/uploads\/2024\/05\/E_Dziedziniewicz-Rapca_Warszawa_Zelazna_75A__fasada_od_Chlodnej_C_1-2-691x1024.jpg 691w, http:\/\/lapidarium.fundacja-hereditas.pl\/wp-content\/uploads\/2024\/05\/E_Dziedziniewicz-Rapca_Warszawa_Zelazna_75A__fasada_od_Chlodnej_C_1-2-202x300.jpg 202w, http:\/\/lapidarium.fundacja-hereditas.pl\/wp-content\/uploads\/2024\/05\/E_Dziedziniewicz-Rapca_Warszawa_Zelazna_75A__fasada_od_Chlodnej_C_1-2-768x1138.jpg 768w, http:\/\/lapidarium.fundacja-hereditas.pl\/wp-content\/uploads\/2024\/05\/E_Dziedziniewicz-Rapca_Warszawa_Zelazna_75A__fasada_od_Chlodnej_C_1-2-1037x1536.jpg 1037w, http:\/\/lapidarium.fundacja-hereditas.pl\/wp-content\/uploads\/2024\/05\/E_Dziedziniewicz-Rapca_Warszawa_Zelazna_75A__fasada_od_Chlodnej_C_1-2-1382x2048.jpg 1382w, http:\/\/lapidarium.fundacja-hereditas.pl\/wp-content\/uploads\/2024\/05\/E_Dziedziniewicz-Rapca_Warszawa_Zelazna_75A__fasada_od_Chlodnej_C_1-2-150x222.jpg 150w, http:\/\/lapidarium.fundacja-hereditas.pl\/wp-content\/uploads\/2024\/05\/E_Dziedziniewicz-Rapca_Warszawa_Zelazna_75A__fasada_od_Chlodnej_C_1-2-300x444.jpg 300w, http:\/\/lapidarium.fundacja-hereditas.pl\/wp-content\/uploads\/2024\/05\/E_Dziedziniewicz-Rapca_Warszawa_Zelazna_75A__fasada_od_Chlodnej_C_1-2-696x1031.jpg 696w, http:\/\/lapidarium.fundacja-hereditas.pl\/wp-content\/uploads\/2024\/05\/E_Dziedziniewicz-Rapca_Warszawa_Zelazna_75A__fasada_od_Chlodnej_C_1-2-1068x1582.jpg 1068w, http:\/\/lapidarium.fundacja-hereditas.pl\/wp-content\/uploads\/2024\/05\/E_Dziedziniewicz-Rapca_Warszawa_Zelazna_75A__fasada_od_Chlodnej_C_1-2-1920x2845.jpg 1920w, http:\/\/lapidarium.fundacja-hereditas.pl\/wp-content\/uploads\/2024\/05\/E_Dziedziniewicz-Rapca_Warszawa_Zelazna_75A__fasada_od_Chlodnej_C_1-2-scaled.jpg 1728w\" sizes=\"auto, (max-width: 691px) 100vw, 691px\" \/><\/a><figcaption class=\"wp-element-caption\">Elewacja od ul. \u017belaznej. Fot. Ewa Dziedziniewicz-R\u0105pca, 2023 r., \u017ar\u00f3d\u0142o: MWKZ.<\/figcaption><\/figure>\n\n\n\n<figure class=\"wp-block-image size-large\"><a href=\"http:\/\/lapidarium.fundacja-hereditas.pl\/wp-content\/uploads\/2024\/05\/E_Dziedziniewicz-Rapca_Warszawa_Zelazna_75A_podcienie_od_Chlodnej-1-scaled.jpg\"><img loading=\"lazy\" decoding=\"async\" width=\"1024\" height=\"777\" data-id=\"24790\" src=\"http:\/\/lapidarium.fundacja-hereditas.pl\/wp-content\/uploads\/2024\/05\/E_Dziedziniewicz-Rapca_Warszawa_Zelazna_75A_podcienie_od_Chlodnej-1-1024x777.jpg\" alt=\"\" class=\"wp-image-24790\" srcset=\"http:\/\/lapidarium.fundacja-hereditas.pl\/wp-content\/uploads\/2024\/05\/E_Dziedziniewicz-Rapca_Warszawa_Zelazna_75A_podcienie_od_Chlodnej-1-1024x777.jpg 1024w, http:\/\/lapidarium.fundacja-hereditas.pl\/wp-content\/uploads\/2024\/05\/E_Dziedziniewicz-Rapca_Warszawa_Zelazna_75A_podcienie_od_Chlodnej-1-300x228.jpg 300w, http:\/\/lapidarium.fundacja-hereditas.pl\/wp-content\/uploads\/2024\/05\/E_Dziedziniewicz-Rapca_Warszawa_Zelazna_75A_podcienie_od_Chlodnej-1-768x583.jpg 768w, http:\/\/lapidarium.fundacja-hereditas.pl\/wp-content\/uploads\/2024\/05\/E_Dziedziniewicz-Rapca_Warszawa_Zelazna_75A_podcienie_od_Chlodnej-1-1536x1166.jpg 1536w, http:\/\/lapidarium.fundacja-hereditas.pl\/wp-content\/uploads\/2024\/05\/E_Dziedziniewicz-Rapca_Warszawa_Zelazna_75A_podcienie_od_Chlodnej-1-2048x1554.jpg 2048w, http:\/\/lapidarium.fundacja-hereditas.pl\/wp-content\/uploads\/2024\/05\/E_Dziedziniewicz-Rapca_Warszawa_Zelazna_75A_podcienie_od_Chlodnej-1-150x114.jpg 150w, http:\/\/lapidarium.fundacja-hereditas.pl\/wp-content\/uploads\/2024\/05\/E_Dziedziniewicz-Rapca_Warszawa_Zelazna_75A_podcienie_od_Chlodnej-1-696x528.jpg 696w, http:\/\/lapidarium.fundacja-hereditas.pl\/wp-content\/uploads\/2024\/05\/E_Dziedziniewicz-Rapca_Warszawa_Zelazna_75A_podcienie_od_Chlodnej-1-1068x811.jpg 1068w, http:\/\/lapidarium.fundacja-hereditas.pl\/wp-content\/uploads\/2024\/05\/E_Dziedziniewicz-Rapca_Warszawa_Zelazna_75A_podcienie_od_Chlodnej-1-1920x1457.jpg 1920w\" sizes=\"auto, (max-width: 1024px) 100vw, 1024px\" \/><\/a><figcaption class=\"wp-element-caption\">Elewacja od ul. Ch\u0142odnej. Podcienie &#8211; widok od ulicy. Fot. Ewa Dziedziniewicz-R\u0105pca, 2023 r., \u017ar\u00f3d\u0142o: MWKZ.<\/figcaption><\/figure>\n\n\n\n<figure class=\"wp-block-image size-large\"><a href=\"http:\/\/lapidarium.fundacja-hereditas.pl\/wp-content\/uploads\/2024\/05\/E_Dziedziniewicz-Rapca_Warszawa_Zelazna_75A_podcienie_od_Chlodnej_D-1-scaled.jpg\"><img loading=\"lazy\" decoding=\"async\" width=\"1024\" height=\"783\" data-id=\"24792\" src=\"http:\/\/lapidarium.fundacja-hereditas.pl\/wp-content\/uploads\/2024\/05\/E_Dziedziniewicz-Rapca_Warszawa_Zelazna_75A_podcienie_od_Chlodnej_D-1-1024x783.jpg\" alt=\"\" class=\"wp-image-24792\" srcset=\"http:\/\/lapidarium.fundacja-hereditas.pl\/wp-content\/uploads\/2024\/05\/E_Dziedziniewicz-Rapca_Warszawa_Zelazna_75A_podcienie_od_Chlodnej_D-1-1024x783.jpg 1024w, http:\/\/lapidarium.fundacja-hereditas.pl\/wp-content\/uploads\/2024\/05\/E_Dziedziniewicz-Rapca_Warszawa_Zelazna_75A_podcienie_od_Chlodnej_D-1-300x229.jpg 300w, http:\/\/lapidarium.fundacja-hereditas.pl\/wp-content\/uploads\/2024\/05\/E_Dziedziniewicz-Rapca_Warszawa_Zelazna_75A_podcienie_od_Chlodnej_D-1-768x587.jpg 768w, http:\/\/lapidarium.fundacja-hereditas.pl\/wp-content\/uploads\/2024\/05\/E_Dziedziniewicz-Rapca_Warszawa_Zelazna_75A_podcienie_od_Chlodnej_D-1-1536x1175.jpg 1536w, http:\/\/lapidarium.fundacja-hereditas.pl\/wp-content\/uploads\/2024\/05\/E_Dziedziniewicz-Rapca_Warszawa_Zelazna_75A_podcienie_od_Chlodnej_D-1-2048x1566.jpg 2048w, http:\/\/lapidarium.fundacja-hereditas.pl\/wp-content\/uploads\/2024\/05\/E_Dziedziniewicz-Rapca_Warszawa_Zelazna_75A_podcienie_od_Chlodnej_D-1-150x115.jpg 150w, http:\/\/lapidarium.fundacja-hereditas.pl\/wp-content\/uploads\/2024\/05\/E_Dziedziniewicz-Rapca_Warszawa_Zelazna_75A_podcienie_od_Chlodnej_D-1-696x532.jpg 696w, http:\/\/lapidarium.fundacja-hereditas.pl\/wp-content\/uploads\/2024\/05\/E_Dziedziniewicz-Rapca_Warszawa_Zelazna_75A_podcienie_od_Chlodnej_D-1-1068x817.jpg 1068w, http:\/\/lapidarium.fundacja-hereditas.pl\/wp-content\/uploads\/2024\/05\/E_Dziedziniewicz-Rapca_Warszawa_Zelazna_75A_podcienie_od_Chlodnej_D-1-1920x1468.jpg 1920w\" sizes=\"auto, (max-width: 1024px) 100vw, 1024px\" \/><\/a><figcaption class=\"wp-element-caption\">Elewacja od ul. Ch\u0142odnej. Podcienie &#8211; widok og\u00f3lny. Fot. Ewa Dziedziniewicz-R\u0105pca, 2023 r., \u017ar\u00f3d\u0142o: MWKZ.<\/figcaption><\/figure>\n\n\n\n<figure class=\"wp-block-image size-large\"><a href=\"http:\/\/lapidarium.fundacja-hereditas.pl\/wp-content\/uploads\/2024\/05\/E_Dziedziniewicz-Rapca_Warszawa_Zelazna_75A_podcienie_od_Chlodnej_B-1-scaled.jpg\"><img loading=\"lazy\" decoding=\"async\" width=\"772\" height=\"1024\" data-id=\"24791\" src=\"http:\/\/lapidarium.fundacja-hereditas.pl\/wp-content\/uploads\/2024\/05\/E_Dziedziniewicz-Rapca_Warszawa_Zelazna_75A_podcienie_od_Chlodnej_B-1-772x1024.jpg\" alt=\"\" class=\"wp-image-24791\" srcset=\"http:\/\/lapidarium.fundacja-hereditas.pl\/wp-content\/uploads\/2024\/05\/E_Dziedziniewicz-Rapca_Warszawa_Zelazna_75A_podcienie_od_Chlodnej_B-1-772x1024.jpg 772w, http:\/\/lapidarium.fundacja-hereditas.pl\/wp-content\/uploads\/2024\/05\/E_Dziedziniewicz-Rapca_Warszawa_Zelazna_75A_podcienie_od_Chlodnej_B-1-226x300.jpg 226w, http:\/\/lapidarium.fundacja-hereditas.pl\/wp-content\/uploads\/2024\/05\/E_Dziedziniewicz-Rapca_Warszawa_Zelazna_75A_podcienie_od_Chlodnej_B-1-768x1019.jpg 768w, http:\/\/lapidarium.fundacja-hereditas.pl\/wp-content\/uploads\/2024\/05\/E_Dziedziniewicz-Rapca_Warszawa_Zelazna_75A_podcienie_od_Chlodnej_B-1-1158x1536.jpg 1158w, http:\/\/lapidarium.fundacja-hereditas.pl\/wp-content\/uploads\/2024\/05\/E_Dziedziniewicz-Rapca_Warszawa_Zelazna_75A_podcienie_od_Chlodnej_B-1-1544x2048.jpg 1544w, http:\/\/lapidarium.fundacja-hereditas.pl\/wp-content\/uploads\/2024\/05\/E_Dziedziniewicz-Rapca_Warszawa_Zelazna_75A_podcienie_od_Chlodnej_B-1-150x199.jpg 150w, http:\/\/lapidarium.fundacja-hereditas.pl\/wp-content\/uploads\/2024\/05\/E_Dziedziniewicz-Rapca_Warszawa_Zelazna_75A_podcienie_od_Chlodnej_B-1-300x398.jpg 300w, http:\/\/lapidarium.fundacja-hereditas.pl\/wp-content\/uploads\/2024\/05\/E_Dziedziniewicz-Rapca_Warszawa_Zelazna_75A_podcienie_od_Chlodnej_B-1-696x923.jpg 696w, http:\/\/lapidarium.fundacja-hereditas.pl\/wp-content\/uploads\/2024\/05\/E_Dziedziniewicz-Rapca_Warszawa_Zelazna_75A_podcienie_od_Chlodnej_B-1-1068x1417.jpg 1068w, http:\/\/lapidarium.fundacja-hereditas.pl\/wp-content\/uploads\/2024\/05\/E_Dziedziniewicz-Rapca_Warszawa_Zelazna_75A_podcienie_od_Chlodnej_B-1-1920x2547.jpg 1920w, http:\/\/lapidarium.fundacja-hereditas.pl\/wp-content\/uploads\/2024\/05\/E_Dziedziniewicz-Rapca_Warszawa_Zelazna_75A_podcienie_od_Chlodnej_B-1-scaled.jpg 1930w\" sizes=\"auto, (max-width: 772px) 100vw, 772px\" \/><\/a><figcaption class=\"wp-element-caption\">Elewacja od ul. Ch\u0142odnej. Podcienie &#8211; widok na s\u0142upy (kolumny). Fot. Ewa Dziedziniewicz-R\u0105pca, 2023 r., \u017ar\u00f3d\u0142o: MWKZ.<\/figcaption><\/figure>\n\n\n\n<figure class=\"wp-block-image size-large\"><a href=\"http:\/\/lapidarium.fundacja-hereditas.pl\/wp-content\/uploads\/2024\/05\/Joanna_Lipnicka_Warszawa_Chlodna_25_oblozenie_slupa_podcienia-1-scaled.jpeg\"><img loading=\"lazy\" decoding=\"async\" width=\"775\" height=\"1024\" data-id=\"24798\" src=\"http:\/\/lapidarium.fundacja-hereditas.pl\/wp-content\/uploads\/2024\/05\/Joanna_Lipnicka_Warszawa_Chlodna_25_oblozenie_slupa_podcienia-1-775x1024.jpeg\" alt=\"\" class=\"wp-image-24798\" srcset=\"http:\/\/lapidarium.fundacja-hereditas.pl\/wp-content\/uploads\/2024\/05\/Joanna_Lipnicka_Warszawa_Chlodna_25_oblozenie_slupa_podcienia-1-775x1024.jpeg 775w, http:\/\/lapidarium.fundacja-hereditas.pl\/wp-content\/uploads\/2024\/05\/Joanna_Lipnicka_Warszawa_Chlodna_25_oblozenie_slupa_podcienia-1-227x300.jpeg 227w, http:\/\/lapidarium.fundacja-hereditas.pl\/wp-content\/uploads\/2024\/05\/Joanna_Lipnicka_Warszawa_Chlodna_25_oblozenie_slupa_podcienia-1-768x1015.jpeg 768w, http:\/\/lapidarium.fundacja-hereditas.pl\/wp-content\/uploads\/2024\/05\/Joanna_Lipnicka_Warszawa_Chlodna_25_oblozenie_slupa_podcienia-1-1162x1536.jpeg 1162w, http:\/\/lapidarium.fundacja-hereditas.pl\/wp-content\/uploads\/2024\/05\/Joanna_Lipnicka_Warszawa_Chlodna_25_oblozenie_slupa_podcienia-1-1549x2048.jpeg 1549w, http:\/\/lapidarium.fundacja-hereditas.pl\/wp-content\/uploads\/2024\/05\/Joanna_Lipnicka_Warszawa_Chlodna_25_oblozenie_slupa_podcienia-1-150x198.jpeg 150w, http:\/\/lapidarium.fundacja-hereditas.pl\/wp-content\/uploads\/2024\/05\/Joanna_Lipnicka_Warszawa_Chlodna_25_oblozenie_slupa_podcienia-1-300x397.jpeg 300w, http:\/\/lapidarium.fundacja-hereditas.pl\/wp-content\/uploads\/2024\/05\/Joanna_Lipnicka_Warszawa_Chlodna_25_oblozenie_slupa_podcienia-1-696x920.jpeg 696w, http:\/\/lapidarium.fundacja-hereditas.pl\/wp-content\/uploads\/2024\/05\/Joanna_Lipnicka_Warszawa_Chlodna_25_oblozenie_slupa_podcienia-1-1068x1412.jpeg 1068w, http:\/\/lapidarium.fundacja-hereditas.pl\/wp-content\/uploads\/2024\/05\/Joanna_Lipnicka_Warszawa_Chlodna_25_oblozenie_slupa_podcienia-1-1920x2538.jpeg 1920w, http:\/\/lapidarium.fundacja-hereditas.pl\/wp-content\/uploads\/2024\/05\/Joanna_Lipnicka_Warszawa_Chlodna_25_oblozenie_slupa_podcienia-1-scaled.jpeg 1937w\" sizes=\"auto, (max-width: 775px) 100vw, 775px\" \/><\/a><figcaption class=\"wp-element-caption\">Elewacja od ul. Ch\u0142odnej. S\u0142up w podcieniach. Fot. Joanna Lipnicka, 2023 r., \u017ar\u00f3d\u0142o: MWKZ.<\/figcaption><\/figure>\n\n\n\n<figure class=\"wp-block-image size-large\"><a href=\"http:\/\/lapidarium.fundacja-hereditas.pl\/wp-content\/uploads\/2024\/05\/E_Dziedziniewicz-Rapca_Warszawa_Zelazna_75A_podcienie_od_Chlodnej_F-1-scaled.jpg\"><img loading=\"lazy\" decoding=\"async\" width=\"1024\" height=\"765\" data-id=\"24794\" src=\"http:\/\/lapidarium.fundacja-hereditas.pl\/wp-content\/uploads\/2024\/05\/E_Dziedziniewicz-Rapca_Warszawa_Zelazna_75A_podcienie_od_Chlodnej_F-1-1024x765.jpg\" alt=\"\" class=\"wp-image-24794\" srcset=\"http:\/\/lapidarium.fundacja-hereditas.pl\/wp-content\/uploads\/2024\/05\/E_Dziedziniewicz-Rapca_Warszawa_Zelazna_75A_podcienie_od_Chlodnej_F-1-1024x765.jpg 1024w, http:\/\/lapidarium.fundacja-hereditas.pl\/wp-content\/uploads\/2024\/05\/E_Dziedziniewicz-Rapca_Warszawa_Zelazna_75A_podcienie_od_Chlodnej_F-1-300x224.jpg 300w, http:\/\/lapidarium.fundacja-hereditas.pl\/wp-content\/uploads\/2024\/05\/E_Dziedziniewicz-Rapca_Warszawa_Zelazna_75A_podcienie_od_Chlodnej_F-1-768x573.jpg 768w, http:\/\/lapidarium.fundacja-hereditas.pl\/wp-content\/uploads\/2024\/05\/E_Dziedziniewicz-Rapca_Warszawa_Zelazna_75A_podcienie_od_Chlodnej_F-1-1536x1147.jpg 1536w, http:\/\/lapidarium.fundacja-hereditas.pl\/wp-content\/uploads\/2024\/05\/E_Dziedziniewicz-Rapca_Warszawa_Zelazna_75A_podcienie_od_Chlodnej_F-1-2048x1529.jpg 2048w, http:\/\/lapidarium.fundacja-hereditas.pl\/wp-content\/uploads\/2024\/05\/E_Dziedziniewicz-Rapca_Warszawa_Zelazna_75A_podcienie_od_Chlodnej_F-1-150x112.jpg 150w, http:\/\/lapidarium.fundacja-hereditas.pl\/wp-content\/uploads\/2024\/05\/E_Dziedziniewicz-Rapca_Warszawa_Zelazna_75A_podcienie_od_Chlodnej_F-1-696x520.jpg 696w, http:\/\/lapidarium.fundacja-hereditas.pl\/wp-content\/uploads\/2024\/05\/E_Dziedziniewicz-Rapca_Warszawa_Zelazna_75A_podcienie_od_Chlodnej_F-1-1068x798.jpg 1068w, http:\/\/lapidarium.fundacja-hereditas.pl\/wp-content\/uploads\/2024\/05\/E_Dziedziniewicz-Rapca_Warszawa_Zelazna_75A_podcienie_od_Chlodnej_F-1-1920x1434.jpg 1920w\" sizes=\"auto, (max-width: 1024px) 100vw, 1024px\" \/><\/a><figcaption class=\"wp-element-caption\">Elewacja od ul. Ch\u0142odnej. Sufit w podcieniach. Fot. Ewa Dziedziniewicz-R\u0105pca, 2023 r., \u017ar\u00f3d\u0142o: MWKZ.<\/figcaption><\/figure>\n\n\n\n<figure class=\"wp-block-image size-large\"><a href=\"http:\/\/lapidarium.fundacja-hereditas.pl\/wp-content\/uploads\/2024\/05\/E_Dziedziniewicz-Rapca_Warszawa_Zelazna_75A_podcienie_od_Chlodnej_E-1-scaled.jpg\"><img loading=\"lazy\" decoding=\"async\" width=\"1024\" height=\"781\" data-id=\"24793\" src=\"http:\/\/lapidarium.fundacja-hereditas.pl\/wp-content\/uploads\/2024\/05\/E_Dziedziniewicz-Rapca_Warszawa_Zelazna_75A_podcienie_od_Chlodnej_E-1-1024x781.jpg\" alt=\"\" class=\"wp-image-24793\" srcset=\"http:\/\/lapidarium.fundacja-hereditas.pl\/wp-content\/uploads\/2024\/05\/E_Dziedziniewicz-Rapca_Warszawa_Zelazna_75A_podcienie_od_Chlodnej_E-1-1024x781.jpg 1024w, http:\/\/lapidarium.fundacja-hereditas.pl\/wp-content\/uploads\/2024\/05\/E_Dziedziniewicz-Rapca_Warszawa_Zelazna_75A_podcienie_od_Chlodnej_E-1-300x229.jpg 300w, http:\/\/lapidarium.fundacja-hereditas.pl\/wp-content\/uploads\/2024\/05\/E_Dziedziniewicz-Rapca_Warszawa_Zelazna_75A_podcienie_od_Chlodnej_E-1-768x586.jpg 768w, http:\/\/lapidarium.fundacja-hereditas.pl\/wp-content\/uploads\/2024\/05\/E_Dziedziniewicz-Rapca_Warszawa_Zelazna_75A_podcienie_od_Chlodnej_E-1-1536x1172.jpg 1536w, http:\/\/lapidarium.fundacja-hereditas.pl\/wp-content\/uploads\/2024\/05\/E_Dziedziniewicz-Rapca_Warszawa_Zelazna_75A_podcienie_od_Chlodnej_E-1-2048x1562.jpg 2048w, http:\/\/lapidarium.fundacja-hereditas.pl\/wp-content\/uploads\/2024\/05\/E_Dziedziniewicz-Rapca_Warszawa_Zelazna_75A_podcienie_od_Chlodnej_E-1-150x114.jpg 150w, http:\/\/lapidarium.fundacja-hereditas.pl\/wp-content\/uploads\/2024\/05\/E_Dziedziniewicz-Rapca_Warszawa_Zelazna_75A_podcienie_od_Chlodnej_E-1-696x531.jpg 696w, http:\/\/lapidarium.fundacja-hereditas.pl\/wp-content\/uploads\/2024\/05\/E_Dziedziniewicz-Rapca_Warszawa_Zelazna_75A_podcienie_od_Chlodnej_E-1-1068x815.jpg 1068w, http:\/\/lapidarium.fundacja-hereditas.pl\/wp-content\/uploads\/2024\/05\/E_Dziedziniewicz-Rapca_Warszawa_Zelazna_75A_podcienie_od_Chlodnej_E-1-1920x1465.jpg 1920w\" sizes=\"auto, (max-width: 1024px) 100vw, 1024px\" \/><\/a><figcaption class=\"wp-element-caption\">Elewacja od ul. Ch\u0142odnej. Za\u0142amanie linii witryn sklepowych w podcieniach. Fot. Ewa Dziedziniewicz-R\u0105pca, 2023 r., \u017ar\u00f3d\u0142o: MWKZ.<\/figcaption><\/figure>\n\n\n\n<figure class=\"wp-block-image size-large\"><a href=\"http:\/\/lapidarium.fundacja-hereditas.pl\/wp-content\/uploads\/2024\/05\/E_Dziedziniewicz-Rapca_Warszawa_Zelazna_75A_podcienie_od_Chlodnej_H-1-scaled.jpg\"><img loading=\"lazy\" decoding=\"async\" width=\"789\" height=\"1024\" data-id=\"24795\" src=\"http:\/\/lapidarium.fundacja-hereditas.pl\/wp-content\/uploads\/2024\/05\/E_Dziedziniewicz-Rapca_Warszawa_Zelazna_75A_podcienie_od_Chlodnej_H-1-789x1024.jpg\" alt=\"\" class=\"wp-image-24795\" srcset=\"http:\/\/lapidarium.fundacja-hereditas.pl\/wp-content\/uploads\/2024\/05\/E_Dziedziniewicz-Rapca_Warszawa_Zelazna_75A_podcienie_od_Chlodnej_H-1-789x1024.jpg 789w, http:\/\/lapidarium.fundacja-hereditas.pl\/wp-content\/uploads\/2024\/05\/E_Dziedziniewicz-Rapca_Warszawa_Zelazna_75A_podcienie_od_Chlodnej_H-1-231x300.jpg 231w, http:\/\/lapidarium.fundacja-hereditas.pl\/wp-content\/uploads\/2024\/05\/E_Dziedziniewicz-Rapca_Warszawa_Zelazna_75A_podcienie_od_Chlodnej_H-1-768x996.jpg 768w, http:\/\/lapidarium.fundacja-hereditas.pl\/wp-content\/uploads\/2024\/05\/E_Dziedziniewicz-Rapca_Warszawa_Zelazna_75A_podcienie_od_Chlodnej_H-1-1184x1536.jpg 1184w, http:\/\/lapidarium.fundacja-hereditas.pl\/wp-content\/uploads\/2024\/05\/E_Dziedziniewicz-Rapca_Warszawa_Zelazna_75A_podcienie_od_Chlodnej_H-1-1579x2048.jpg 1579w, http:\/\/lapidarium.fundacja-hereditas.pl\/wp-content\/uploads\/2024\/05\/E_Dziedziniewicz-Rapca_Warszawa_Zelazna_75A_podcienie_od_Chlodnej_H-1-150x195.jpg 150w, http:\/\/lapidarium.fundacja-hereditas.pl\/wp-content\/uploads\/2024\/05\/E_Dziedziniewicz-Rapca_Warszawa_Zelazna_75A_podcienie_od_Chlodnej_H-1-300x389.jpg 300w, http:\/\/lapidarium.fundacja-hereditas.pl\/wp-content\/uploads\/2024\/05\/E_Dziedziniewicz-Rapca_Warszawa_Zelazna_75A_podcienie_od_Chlodnej_H-1-696x903.jpg 696w, http:\/\/lapidarium.fundacja-hereditas.pl\/wp-content\/uploads\/2024\/05\/E_Dziedziniewicz-Rapca_Warszawa_Zelazna_75A_podcienie_od_Chlodnej_H-1-1068x1385.jpg 1068w, http:\/\/lapidarium.fundacja-hereditas.pl\/wp-content\/uploads\/2024\/05\/E_Dziedziniewicz-Rapca_Warszawa_Zelazna_75A_podcienie_od_Chlodnej_H-1-1920x2491.jpg 1920w, http:\/\/lapidarium.fundacja-hereditas.pl\/wp-content\/uploads\/2024\/05\/E_Dziedziniewicz-Rapca_Warszawa_Zelazna_75A_podcienie_od_Chlodnej_H-1-scaled.jpg 1973w\" sizes=\"auto, (max-width: 789px) 100vw, 789px\" \/><\/a><figcaption class=\"wp-element-caption\">Naro\u017cnik. Tablica pami\u0105tkowa w podcieniach. Fot. Ewa Dziedziniewicz-R\u0105pca, 2023 r., \u017ar\u00f3d\u0142o: MWKZ.<\/figcaption><\/figure>\n\n\n\n<figure class=\"wp-block-image size-large\"><a href=\"http:\/\/lapidarium.fundacja-hereditas.pl\/wp-content\/uploads\/2024\/05\/E_Dziedziniewicz-Rapca_Warszawa_Zelazna_75A_podcienie_od_Chlodnej_I_a-1-scaled.jpg\"><img loading=\"lazy\" decoding=\"async\" width=\"1024\" height=\"798\" data-id=\"24796\" src=\"http:\/\/lapidarium.fundacja-hereditas.pl\/wp-content\/uploads\/2024\/05\/E_Dziedziniewicz-Rapca_Warszawa_Zelazna_75A_podcienie_od_Chlodnej_I_a-1-1024x798.jpg\" alt=\"\" class=\"wp-image-24796\" srcset=\"http:\/\/lapidarium.fundacja-hereditas.pl\/wp-content\/uploads\/2024\/05\/E_Dziedziniewicz-Rapca_Warszawa_Zelazna_75A_podcienie_od_Chlodnej_I_a-1-1024x798.jpg 1024w, http:\/\/lapidarium.fundacja-hereditas.pl\/wp-content\/uploads\/2024\/05\/E_Dziedziniewicz-Rapca_Warszawa_Zelazna_75A_podcienie_od_Chlodnej_I_a-1-300x234.jpg 300w, http:\/\/lapidarium.fundacja-hereditas.pl\/wp-content\/uploads\/2024\/05\/E_Dziedziniewicz-Rapca_Warszawa_Zelazna_75A_podcienie_od_Chlodnej_I_a-1-768x598.jpg 768w, http:\/\/lapidarium.fundacja-hereditas.pl\/wp-content\/uploads\/2024\/05\/E_Dziedziniewicz-Rapca_Warszawa_Zelazna_75A_podcienie_od_Chlodnej_I_a-1-1536x1197.jpg 1536w, http:\/\/lapidarium.fundacja-hereditas.pl\/wp-content\/uploads\/2024\/05\/E_Dziedziniewicz-Rapca_Warszawa_Zelazna_75A_podcienie_od_Chlodnej_I_a-1-2048x1596.jpg 2048w, http:\/\/lapidarium.fundacja-hereditas.pl\/wp-content\/uploads\/2024\/05\/E_Dziedziniewicz-Rapca_Warszawa_Zelazna_75A_podcienie_od_Chlodnej_I_a-1-150x117.jpg 150w, http:\/\/lapidarium.fundacja-hereditas.pl\/wp-content\/uploads\/2024\/05\/E_Dziedziniewicz-Rapca_Warszawa_Zelazna_75A_podcienie_od_Chlodnej_I_a-1-696x542.jpg 696w, http:\/\/lapidarium.fundacja-hereditas.pl\/wp-content\/uploads\/2024\/05\/E_Dziedziniewicz-Rapca_Warszawa_Zelazna_75A_podcienie_od_Chlodnej_I_a-1-1068x832.jpg 1068w, http:\/\/lapidarium.fundacja-hereditas.pl\/wp-content\/uploads\/2024\/05\/E_Dziedziniewicz-Rapca_Warszawa_Zelazna_75A_podcienie_od_Chlodnej_I_a-1-1920x1496.jpg 1920w\" sizes=\"auto, (max-width: 1024px) 100vw, 1024px\" \/><\/a><figcaption class=\"wp-element-caption\">Naro\u017cnik. Tablica pami\u0105tkowa w podcieniach. Fot. Ewa Dziedziniewicz-R\u0105pca, 2023 r., \u017ar\u00f3d\u0142o: MWKZ.<\/figcaption><\/figure>\n\n\n\n<figure class=\"wp-block-image size-large\"><a href=\"http:\/\/lapidarium.fundacja-hereditas.pl\/wp-content\/uploads\/2024\/05\/E_Dziedziniewicz-Rapca_Warszawa_Zelazna_75A__wejscie_glowne_od_Zelaznej-1-scaled.jpg\"><img loading=\"lazy\" decoding=\"async\" width=\"785\" height=\"1024\" data-id=\"24753\" src=\"http:\/\/lapidarium.fundacja-hereditas.pl\/wp-content\/uploads\/2024\/05\/E_Dziedziniewicz-Rapca_Warszawa_Zelazna_75A__wejscie_glowne_od_Zelaznej-1-785x1024.jpg\" alt=\"\" class=\"wp-image-24753\" srcset=\"http:\/\/lapidarium.fundacja-hereditas.pl\/wp-content\/uploads\/2024\/05\/E_Dziedziniewicz-Rapca_Warszawa_Zelazna_75A__wejscie_glowne_od_Zelaznej-1-785x1024.jpg 785w, http:\/\/lapidarium.fundacja-hereditas.pl\/wp-content\/uploads\/2024\/05\/E_Dziedziniewicz-Rapca_Warszawa_Zelazna_75A__wejscie_glowne_od_Zelaznej-1-230x300.jpg 230w, http:\/\/lapidarium.fundacja-hereditas.pl\/wp-content\/uploads\/2024\/05\/E_Dziedziniewicz-Rapca_Warszawa_Zelazna_75A__wejscie_glowne_od_Zelaznej-1-768x1002.jpg 768w, http:\/\/lapidarium.fundacja-hereditas.pl\/wp-content\/uploads\/2024\/05\/E_Dziedziniewicz-Rapca_Warszawa_Zelazna_75A__wejscie_glowne_od_Zelaznej-1-1178x1536.jpg 1178w, http:\/\/lapidarium.fundacja-hereditas.pl\/wp-content\/uploads\/2024\/05\/E_Dziedziniewicz-Rapca_Warszawa_Zelazna_75A__wejscie_glowne_od_Zelaznej-1-1570x2048.jpg 1570w, http:\/\/lapidarium.fundacja-hereditas.pl\/wp-content\/uploads\/2024\/05\/E_Dziedziniewicz-Rapca_Warszawa_Zelazna_75A__wejscie_glowne_od_Zelaznej-1-150x196.jpg 150w, http:\/\/lapidarium.fundacja-hereditas.pl\/wp-content\/uploads\/2024\/05\/E_Dziedziniewicz-Rapca_Warszawa_Zelazna_75A__wejscie_glowne_od_Zelaznej-1-300x391.jpg 300w, http:\/\/lapidarium.fundacja-hereditas.pl\/wp-content\/uploads\/2024\/05\/E_Dziedziniewicz-Rapca_Warszawa_Zelazna_75A__wejscie_glowne_od_Zelaznej-1-696x908.jpg 696w, http:\/\/lapidarium.fundacja-hereditas.pl\/wp-content\/uploads\/2024\/05\/E_Dziedziniewicz-Rapca_Warszawa_Zelazna_75A__wejscie_glowne_od_Zelaznej-1-1068x1393.jpg 1068w, http:\/\/lapidarium.fundacja-hereditas.pl\/wp-content\/uploads\/2024\/05\/E_Dziedziniewicz-Rapca_Warszawa_Zelazna_75A__wejscie_glowne_od_Zelaznej-1-1920x2504.jpg 1920w, http:\/\/lapidarium.fundacja-hereditas.pl\/wp-content\/uploads\/2024\/05\/E_Dziedziniewicz-Rapca_Warszawa_Zelazna_75A__wejscie_glowne_od_Zelaznej-1-scaled.jpg 1963w\" sizes=\"auto, (max-width: 785px) 100vw, 785px\" \/><\/a><figcaption class=\"wp-element-caption\">Klatka od ul. Ch\u0142odnej. Widok z ulicy. Fot. Ewa Dziedziniewicz-R\u0105pca, 2023 r., \u017ar\u00f3d\u0142o: MWKZ.<\/figcaption><\/figure>\n\n\n\n<figure class=\"wp-block-image size-large\"><a href=\"http:\/\/lapidarium.fundacja-hereditas.pl\/wp-content\/uploads\/2024\/05\/Joanna_Lipnicka_Warszawa_Chlodna_25_hall_korytarz_na_podworko-1-scaled.jpeg\"><img loading=\"lazy\" decoding=\"async\" width=\"757\" height=\"1024\" data-id=\"24755\" src=\"http:\/\/lapidarium.fundacja-hereditas.pl\/wp-content\/uploads\/2024\/05\/Joanna_Lipnicka_Warszawa_Chlodna_25_hall_korytarz_na_podworko-1-757x1024.jpeg\" alt=\"\" class=\"wp-image-24755\" srcset=\"http:\/\/lapidarium.fundacja-hereditas.pl\/wp-content\/uploads\/2024\/05\/Joanna_Lipnicka_Warszawa_Chlodna_25_hall_korytarz_na_podworko-1-757x1024.jpeg 757w, http:\/\/lapidarium.fundacja-hereditas.pl\/wp-content\/uploads\/2024\/05\/Joanna_Lipnicka_Warszawa_Chlodna_25_hall_korytarz_na_podworko-1-222x300.jpeg 222w, http:\/\/lapidarium.fundacja-hereditas.pl\/wp-content\/uploads\/2024\/05\/Joanna_Lipnicka_Warszawa_Chlodna_25_hall_korytarz_na_podworko-1-768x1039.jpeg 768w, http:\/\/lapidarium.fundacja-hereditas.pl\/wp-content\/uploads\/2024\/05\/Joanna_Lipnicka_Warszawa_Chlodna_25_hall_korytarz_na_podworko-1-1135x1536.jpeg 1135w, http:\/\/lapidarium.fundacja-hereditas.pl\/wp-content\/uploads\/2024\/05\/Joanna_Lipnicka_Warszawa_Chlodna_25_hall_korytarz_na_podworko-1-1514x2048.jpeg 1514w, http:\/\/lapidarium.fundacja-hereditas.pl\/wp-content\/uploads\/2024\/05\/Joanna_Lipnicka_Warszawa_Chlodna_25_hall_korytarz_na_podworko-1-150x203.jpeg 150w, http:\/\/lapidarium.fundacja-hereditas.pl\/wp-content\/uploads\/2024\/05\/Joanna_Lipnicka_Warszawa_Chlodna_25_hall_korytarz_na_podworko-1-300x406.jpeg 300w, http:\/\/lapidarium.fundacja-hereditas.pl\/wp-content\/uploads\/2024\/05\/Joanna_Lipnicka_Warszawa_Chlodna_25_hall_korytarz_na_podworko-1-696x942.jpeg 696w, http:\/\/lapidarium.fundacja-hereditas.pl\/wp-content\/uploads\/2024\/05\/Joanna_Lipnicka_Warszawa_Chlodna_25_hall_korytarz_na_podworko-1-1068x1445.jpeg 1068w, http:\/\/lapidarium.fundacja-hereditas.pl\/wp-content\/uploads\/2024\/05\/Joanna_Lipnicka_Warszawa_Chlodna_25_hall_korytarz_na_podworko-1-1920x2597.jpeg 1920w, http:\/\/lapidarium.fundacja-hereditas.pl\/wp-content\/uploads\/2024\/05\/Joanna_Lipnicka_Warszawa_Chlodna_25_hall_korytarz_na_podworko-1-scaled.jpeg 1892w\" sizes=\"auto, (max-width: 757px) 100vw, 757px\" \/><\/a><figcaption class=\"wp-element-caption\">Klatka od ul. Ch\u0142odnej. Parter &#8211; korytarzyk z ulicy ku podw\u00f3rzu. Fot. Joanna Lipnicka, 2023 r., \u017ar\u00f3d\u0142o: MWKZ.<\/figcaption><\/figure>\n\n\n\n<figure class=\"wp-block-image size-large\"><a href=\"http:\/\/lapidarium.fundacja-hereditas.pl\/wp-content\/uploads\/2024\/05\/E_Dziedziniewicz-Rapca_Warszawa_Zelazna_75A__klatka_glowna_parter_winda-1-scaled.jpg\"><img loading=\"lazy\" decoding=\"async\" width=\"780\" height=\"1024\" data-id=\"24747\" src=\"http:\/\/lapidarium.fundacja-hereditas.pl\/wp-content\/uploads\/2024\/05\/E_Dziedziniewicz-Rapca_Warszawa_Zelazna_75A__klatka_glowna_parter_winda-1-780x1024.jpg\" alt=\"\" class=\"wp-image-24747\" srcset=\"http:\/\/lapidarium.fundacja-hereditas.pl\/wp-content\/uploads\/2024\/05\/E_Dziedziniewicz-Rapca_Warszawa_Zelazna_75A__klatka_glowna_parter_winda-1-780x1024.jpg 780w, http:\/\/lapidarium.fundacja-hereditas.pl\/wp-content\/uploads\/2024\/05\/E_Dziedziniewicz-Rapca_Warszawa_Zelazna_75A__klatka_glowna_parter_winda-1-228x300.jpg 228w, http:\/\/lapidarium.fundacja-hereditas.pl\/wp-content\/uploads\/2024\/05\/E_Dziedziniewicz-Rapca_Warszawa_Zelazna_75A__klatka_glowna_parter_winda-1-768x1009.jpg 768w, http:\/\/lapidarium.fundacja-hereditas.pl\/wp-content\/uploads\/2024\/05\/E_Dziedziniewicz-Rapca_Warszawa_Zelazna_75A__klatka_glowna_parter_winda-1-1170x1536.jpg 1170w, http:\/\/lapidarium.fundacja-hereditas.pl\/wp-content\/uploads\/2024\/05\/E_Dziedziniewicz-Rapca_Warszawa_Zelazna_75A__klatka_glowna_parter_winda-1-1560x2048.jpg 1560w, http:\/\/lapidarium.fundacja-hereditas.pl\/wp-content\/uploads\/2024\/05\/E_Dziedziniewicz-Rapca_Warszawa_Zelazna_75A__klatka_glowna_parter_winda-1-150x197.jpg 150w, http:\/\/lapidarium.fundacja-hereditas.pl\/wp-content\/uploads\/2024\/05\/E_Dziedziniewicz-Rapca_Warszawa_Zelazna_75A__klatka_glowna_parter_winda-1-300x394.jpg 300w, http:\/\/lapidarium.fundacja-hereditas.pl\/wp-content\/uploads\/2024\/05\/E_Dziedziniewicz-Rapca_Warszawa_Zelazna_75A__klatka_glowna_parter_winda-1-696x914.jpg 696w, http:\/\/lapidarium.fundacja-hereditas.pl\/wp-content\/uploads\/2024\/05\/E_Dziedziniewicz-Rapca_Warszawa_Zelazna_75A__klatka_glowna_parter_winda-1-1068x1403.jpg 1068w, http:\/\/lapidarium.fundacja-hereditas.pl\/wp-content\/uploads\/2024\/05\/E_Dziedziniewicz-Rapca_Warszawa_Zelazna_75A__klatka_glowna_parter_winda-1-1920x2521.jpg 1920w, http:\/\/lapidarium.fundacja-hereditas.pl\/wp-content\/uploads\/2024\/05\/E_Dziedziniewicz-Rapca_Warszawa_Zelazna_75A__klatka_glowna_parter_winda-1-scaled.jpg 1949w\" sizes=\"auto, (max-width: 780px) 100vw, 780px\" \/><\/a><figcaption class=\"wp-element-caption\">Klatka od ul. Ch\u0142odnej. Parter &#8211; hall. Widok ku podw\u00f3rzu. Fot. Ewa Dziedziniewicz-R\u0105pca, 2023 r., \u017ar\u00f3d\u0142o: MWKZ.<\/figcaption><\/figure>\n\n\n\n<figure class=\"wp-block-image size-large\"><a href=\"http:\/\/lapidarium.fundacja-hereditas.pl\/wp-content\/uploads\/2024\/05\/Joanna_Lipnicka_Warszawa_Chlodna_25_hall_wejscie_od_podworka-1-scaled.jpeg\"><img loading=\"lazy\" decoding=\"async\" width=\"677\" height=\"1024\" data-id=\"24759\" src=\"http:\/\/lapidarium.fundacja-hereditas.pl\/wp-content\/uploads\/2024\/05\/Joanna_Lipnicka_Warszawa_Chlodna_25_hall_wejscie_od_podworka-1-677x1024.jpeg\" alt=\"\" class=\"wp-image-24759\" srcset=\"http:\/\/lapidarium.fundacja-hereditas.pl\/wp-content\/uploads\/2024\/05\/Joanna_Lipnicka_Warszawa_Chlodna_25_hall_wejscie_od_podworka-1-677x1024.jpeg 677w, http:\/\/lapidarium.fundacja-hereditas.pl\/wp-content\/uploads\/2024\/05\/Joanna_Lipnicka_Warszawa_Chlodna_25_hall_wejscie_od_podworka-1-198x300.jpeg 198w, http:\/\/lapidarium.fundacja-hereditas.pl\/wp-content\/uploads\/2024\/05\/Joanna_Lipnicka_Warszawa_Chlodna_25_hall_wejscie_od_podworka-1-768x1162.jpeg 768w, http:\/\/lapidarium.fundacja-hereditas.pl\/wp-content\/uploads\/2024\/05\/Joanna_Lipnicka_Warszawa_Chlodna_25_hall_wejscie_od_podworka-1-1015x1536.jpeg 1015w, http:\/\/lapidarium.fundacja-hereditas.pl\/wp-content\/uploads\/2024\/05\/Joanna_Lipnicka_Warszawa_Chlodna_25_hall_wejscie_od_podworka-1-1354x2048.jpeg 1354w, http:\/\/lapidarium.fundacja-hereditas.pl\/wp-content\/uploads\/2024\/05\/Joanna_Lipnicka_Warszawa_Chlodna_25_hall_wejscie_od_podworka-1-150x227.jpeg 150w, http:\/\/lapidarium.fundacja-hereditas.pl\/wp-content\/uploads\/2024\/05\/Joanna_Lipnicka_Warszawa_Chlodna_25_hall_wejscie_od_podworka-1-300x454.jpeg 300w, http:\/\/lapidarium.fundacja-hereditas.pl\/wp-content\/uploads\/2024\/05\/Joanna_Lipnicka_Warszawa_Chlodna_25_hall_wejscie_od_podworka-1-696x1053.jpeg 696w, http:\/\/lapidarium.fundacja-hereditas.pl\/wp-content\/uploads\/2024\/05\/Joanna_Lipnicka_Warszawa_Chlodna_25_hall_wejscie_od_podworka-1-1068x1616.jpeg 1068w, http:\/\/lapidarium.fundacja-hereditas.pl\/wp-content\/uploads\/2024\/05\/Joanna_Lipnicka_Warszawa_Chlodna_25_hall_wejscie_od_podworka-1-1920x2905.jpeg 1920w, http:\/\/lapidarium.fundacja-hereditas.pl\/wp-content\/uploads\/2024\/05\/Joanna_Lipnicka_Warszawa_Chlodna_25_hall_wejscie_od_podworka-1-scaled.jpeg 1692w\" sizes=\"auto, (max-width: 677px) 100vw, 677px\" \/><\/a><figcaption class=\"wp-element-caption\">Klatka od ul. Ch\u0142odnej. Parter &#8211; korytarzyk z podw\u00f3rza ku ulicy. Widoczne \u015blady krwi z powstania (1944), wsi\u0105k\u0142ej w lastrico. Fot. Joanna Lipnicka, 2023 r., \u017ar\u00f3d\u0142o: MWKZ.<\/figcaption><\/figure>\n\n\n\n<figure class=\"wp-block-image size-large\"><a href=\"http:\/\/lapidarium.fundacja-hereditas.pl\/wp-content\/uploads\/2024\/05\/Joanna_Lipnicka_Warszawa_Chlodna_25_hall_posadzka_schody_korytarz_od_podworka-1-scaled.jpeg\"><img loading=\"lazy\" decoding=\"async\" width=\"832\" height=\"1024\" data-id=\"24757\" src=\"http:\/\/lapidarium.fundacja-hereditas.pl\/wp-content\/uploads\/2024\/05\/Joanna_Lipnicka_Warszawa_Chlodna_25_hall_posadzka_schody_korytarz_od_podworka-1-832x1024.jpeg\" alt=\"\" class=\"wp-image-24757\" srcset=\"http:\/\/lapidarium.fundacja-hereditas.pl\/wp-content\/uploads\/2024\/05\/Joanna_Lipnicka_Warszawa_Chlodna_25_hall_posadzka_schody_korytarz_od_podworka-1-832x1024.jpeg 832w, http:\/\/lapidarium.fundacja-hereditas.pl\/wp-content\/uploads\/2024\/05\/Joanna_Lipnicka_Warszawa_Chlodna_25_hall_posadzka_schody_korytarz_od_podworka-1-244x300.jpeg 244w, http:\/\/lapidarium.fundacja-hereditas.pl\/wp-content\/uploads\/2024\/05\/Joanna_Lipnicka_Warszawa_Chlodna_25_hall_posadzka_schody_korytarz_od_podworka-1-768x945.jpeg 768w, http:\/\/lapidarium.fundacja-hereditas.pl\/wp-content\/uploads\/2024\/05\/Joanna_Lipnicka_Warszawa_Chlodna_25_hall_posadzka_schody_korytarz_od_podworka-1-1248x1536.jpeg 1248w, http:\/\/lapidarium.fundacja-hereditas.pl\/wp-content\/uploads\/2024\/05\/Joanna_Lipnicka_Warszawa_Chlodna_25_hall_posadzka_schody_korytarz_od_podworka-1-1664x2048.jpeg 1664w, http:\/\/lapidarium.fundacja-hereditas.pl\/wp-content\/uploads\/2024\/05\/Joanna_Lipnicka_Warszawa_Chlodna_25_hall_posadzka_schody_korytarz_od_podworka-1-150x185.jpeg 150w, http:\/\/lapidarium.fundacja-hereditas.pl\/wp-content\/uploads\/2024\/05\/Joanna_Lipnicka_Warszawa_Chlodna_25_hall_posadzka_schody_korytarz_od_podworka-1-300x369.jpeg 300w, http:\/\/lapidarium.fundacja-hereditas.pl\/wp-content\/uploads\/2024\/05\/Joanna_Lipnicka_Warszawa_Chlodna_25_hall_posadzka_schody_korytarz_od_podworka-1-324x400.jpeg 324w, http:\/\/lapidarium.fundacja-hereditas.pl\/wp-content\/uploads\/2024\/05\/Joanna_Lipnicka_Warszawa_Chlodna_25_hall_posadzka_schody_korytarz_od_podworka-1-696x856.jpeg 696w, http:\/\/lapidarium.fundacja-hereditas.pl\/wp-content\/uploads\/2024\/05\/Joanna_Lipnicka_Warszawa_Chlodna_25_hall_posadzka_schody_korytarz_od_podworka-1-1068x1314.jpeg 1068w, http:\/\/lapidarium.fundacja-hereditas.pl\/wp-content\/uploads\/2024\/05\/Joanna_Lipnicka_Warszawa_Chlodna_25_hall_posadzka_schody_korytarz_od_podworka-1-1920x2363.jpeg 1920w\" sizes=\"auto, (max-width: 832px) 100vw, 832px\" \/><\/a><figcaption class=\"wp-element-caption\">Klatka od ul. Ch\u0142odnej. Parter &#8211; korytarzyk z podw\u00f3rza ku ulicy. Uszkodzenia stopni z lastrico. Fot. Joanna Lipnicka, 2023 r., \u017ar\u00f3d\u0142o: MWKZ.<\/figcaption><\/figure>\n\n\n\n<figure class=\"wp-block-image size-large\"><a href=\"http:\/\/lapidarium.fundacja-hereditas.pl\/wp-content\/uploads\/2024\/05\/Joanna_Lipnicka_Warszawa_Chlodna_25_hall_wzor_lastryko-1-scaled.jpeg\"><img loading=\"lazy\" decoding=\"async\" width=\"784\" height=\"1024\" data-id=\"24760\" src=\"http:\/\/lapidarium.fundacja-hereditas.pl\/wp-content\/uploads\/2024\/05\/Joanna_Lipnicka_Warszawa_Chlodna_25_hall_wzor_lastryko-1-784x1024.jpeg\" alt=\"\" class=\"wp-image-24760\" srcset=\"http:\/\/lapidarium.fundacja-hereditas.pl\/wp-content\/uploads\/2024\/05\/Joanna_Lipnicka_Warszawa_Chlodna_25_hall_wzor_lastryko-1-784x1024.jpeg 784w, http:\/\/lapidarium.fundacja-hereditas.pl\/wp-content\/uploads\/2024\/05\/Joanna_Lipnicka_Warszawa_Chlodna_25_hall_wzor_lastryko-1-230x300.jpeg 230w, http:\/\/lapidarium.fundacja-hereditas.pl\/wp-content\/uploads\/2024\/05\/Joanna_Lipnicka_Warszawa_Chlodna_25_hall_wzor_lastryko-1-768x1004.jpeg 768w, http:\/\/lapidarium.fundacja-hereditas.pl\/wp-content\/uploads\/2024\/05\/Joanna_Lipnicka_Warszawa_Chlodna_25_hall_wzor_lastryko-1-1175x1536.jpeg 1175w, http:\/\/lapidarium.fundacja-hereditas.pl\/wp-content\/uploads\/2024\/05\/Joanna_Lipnicka_Warszawa_Chlodna_25_hall_wzor_lastryko-1-1567x2048.jpeg 1567w, http:\/\/lapidarium.fundacja-hereditas.pl\/wp-content\/uploads\/2024\/05\/Joanna_Lipnicka_Warszawa_Chlodna_25_hall_wzor_lastryko-1-150x196.jpeg 150w, http:\/\/lapidarium.fundacja-hereditas.pl\/wp-content\/uploads\/2024\/05\/Joanna_Lipnicka_Warszawa_Chlodna_25_hall_wzor_lastryko-1-300x392.jpeg 300w, http:\/\/lapidarium.fundacja-hereditas.pl\/wp-content\/uploads\/2024\/05\/Joanna_Lipnicka_Warszawa_Chlodna_25_hall_wzor_lastryko-1-696x910.jpeg 696w, http:\/\/lapidarium.fundacja-hereditas.pl\/wp-content\/uploads\/2024\/05\/Joanna_Lipnicka_Warszawa_Chlodna_25_hall_wzor_lastryko-1-1068x1396.jpeg 1068w, http:\/\/lapidarium.fundacja-hereditas.pl\/wp-content\/uploads\/2024\/05\/Joanna_Lipnicka_Warszawa_Chlodna_25_hall_wzor_lastryko-1-1920x2509.jpeg 1920w, http:\/\/lapidarium.fundacja-hereditas.pl\/wp-content\/uploads\/2024\/05\/Joanna_Lipnicka_Warszawa_Chlodna_25_hall_wzor_lastryko-1-scaled.jpeg 1959w\" sizes=\"auto, (max-width: 784px) 100vw, 784px\" \/><\/a><figcaption class=\"wp-element-caption\">Klatka od ul. Ch\u0142odnej. Lastrico posadzki w hallu wej\u015bciowym &#8211; parter. Fot. Joanna Lipnicka, 2023 r., \u017ar\u00f3d\u0142o: MWKZ.<\/figcaption><\/figure>\n\n\n\n<figure class=\"wp-block-image size-large\"><a href=\"http:\/\/lapidarium.fundacja-hereditas.pl\/wp-content\/uploads\/2024\/05\/Joanna_Lipnicka_Warszawa_Chlodna_25_hall_posadzka_wzor-1-scaled.jpeg\"><img loading=\"lazy\" decoding=\"async\" width=\"759\" height=\"1024\" data-id=\"24758\" src=\"http:\/\/lapidarium.fundacja-hereditas.pl\/wp-content\/uploads\/2024\/05\/Joanna_Lipnicka_Warszawa_Chlodna_25_hall_posadzka_wzor-1-759x1024.jpeg\" alt=\"\" class=\"wp-image-24758\" srcset=\"http:\/\/lapidarium.fundacja-hereditas.pl\/wp-content\/uploads\/2024\/05\/Joanna_Lipnicka_Warszawa_Chlodna_25_hall_posadzka_wzor-1-759x1024.jpeg 759w, http:\/\/lapidarium.fundacja-hereditas.pl\/wp-content\/uploads\/2024\/05\/Joanna_Lipnicka_Warszawa_Chlodna_25_hall_posadzka_wzor-1-222x300.jpeg 222w, http:\/\/lapidarium.fundacja-hereditas.pl\/wp-content\/uploads\/2024\/05\/Joanna_Lipnicka_Warszawa_Chlodna_25_hall_posadzka_wzor-1-768x1036.jpeg 768w, http:\/\/lapidarium.fundacja-hereditas.pl\/wp-content\/uploads\/2024\/05\/Joanna_Lipnicka_Warszawa_Chlodna_25_hall_posadzka_wzor-1-1138x1536.jpeg 1138w, http:\/\/lapidarium.fundacja-hereditas.pl\/wp-content\/uploads\/2024\/05\/Joanna_Lipnicka_Warszawa_Chlodna_25_hall_posadzka_wzor-1-1518x2048.jpeg 1518w, http:\/\/lapidarium.fundacja-hereditas.pl\/wp-content\/uploads\/2024\/05\/Joanna_Lipnicka_Warszawa_Chlodna_25_hall_posadzka_wzor-1-150x202.jpeg 150w, http:\/\/lapidarium.fundacja-hereditas.pl\/wp-content\/uploads\/2024\/05\/Joanna_Lipnicka_Warszawa_Chlodna_25_hall_posadzka_wzor-1-300x405.jpeg 300w, http:\/\/lapidarium.fundacja-hereditas.pl\/wp-content\/uploads\/2024\/05\/Joanna_Lipnicka_Warszawa_Chlodna_25_hall_posadzka_wzor-1-696x939.jpeg 696w, http:\/\/lapidarium.fundacja-hereditas.pl\/wp-content\/uploads\/2024\/05\/Joanna_Lipnicka_Warszawa_Chlodna_25_hall_posadzka_wzor-1-1068x1441.jpeg 1068w, http:\/\/lapidarium.fundacja-hereditas.pl\/wp-content\/uploads\/2024\/05\/Joanna_Lipnicka_Warszawa_Chlodna_25_hall_posadzka_wzor-1-1920x2590.jpeg 1920w, http:\/\/lapidarium.fundacja-hereditas.pl\/wp-content\/uploads\/2024\/05\/Joanna_Lipnicka_Warszawa_Chlodna_25_hall_posadzka_wzor-1-scaled.jpeg 1897w\" sizes=\"auto, (max-width: 759px) 100vw, 759px\" \/><\/a><figcaption class=\"wp-element-caption\">Klatka od ul. Ch\u0142odnej. Lastrico posadzki w hallu wej\u015bciowym &#8211; parter. Fot. Joanna Lipnicka, 2023 r., \u017ar\u00f3d\u0142o: MWKZ.<\/figcaption><\/figure>\n\n\n\n<figure class=\"wp-block-image size-large\"><a href=\"http:\/\/lapidarium.fundacja-hereditas.pl\/wp-content\/uploads\/2024\/05\/Joanna_Lipnicka_Warszawa_Chlodna_25_hall_posadzka-1-scaled.jpeg\"><img loading=\"lazy\" decoding=\"async\" width=\"748\" height=\"1024\" data-id=\"24756\" src=\"http:\/\/lapidarium.fundacja-hereditas.pl\/wp-content\/uploads\/2024\/05\/Joanna_Lipnicka_Warszawa_Chlodna_25_hall_posadzka-1-748x1024.jpeg\" alt=\"\" class=\"wp-image-24756\" srcset=\"http:\/\/lapidarium.fundacja-hereditas.pl\/wp-content\/uploads\/2024\/05\/Joanna_Lipnicka_Warszawa_Chlodna_25_hall_posadzka-1-748x1024.jpeg 748w, http:\/\/lapidarium.fundacja-hereditas.pl\/wp-content\/uploads\/2024\/05\/Joanna_Lipnicka_Warszawa_Chlodna_25_hall_posadzka-1-219x300.jpeg 219w, http:\/\/lapidarium.fundacja-hereditas.pl\/wp-content\/uploads\/2024\/05\/Joanna_Lipnicka_Warszawa_Chlodna_25_hall_posadzka-1-768x1052.jpeg 768w, http:\/\/lapidarium.fundacja-hereditas.pl\/wp-content\/uploads\/2024\/05\/Joanna_Lipnicka_Warszawa_Chlodna_25_hall_posadzka-1-1121x1536.jpeg 1121w, http:\/\/lapidarium.fundacja-hereditas.pl\/wp-content\/uploads\/2024\/05\/Joanna_Lipnicka_Warszawa_Chlodna_25_hall_posadzka-1-1495x2048.jpeg 1495w, http:\/\/lapidarium.fundacja-hereditas.pl\/wp-content\/uploads\/2024\/05\/Joanna_Lipnicka_Warszawa_Chlodna_25_hall_posadzka-1-150x205.jpeg 150w, http:\/\/lapidarium.fundacja-hereditas.pl\/wp-content\/uploads\/2024\/05\/Joanna_Lipnicka_Warszawa_Chlodna_25_hall_posadzka-1-300x411.jpeg 300w, http:\/\/lapidarium.fundacja-hereditas.pl\/wp-content\/uploads\/2024\/05\/Joanna_Lipnicka_Warszawa_Chlodna_25_hall_posadzka-1-696x953.jpeg 696w, http:\/\/lapidarium.fundacja-hereditas.pl\/wp-content\/uploads\/2024\/05\/Joanna_Lipnicka_Warszawa_Chlodna_25_hall_posadzka-1-1068x1463.jpeg 1068w, http:\/\/lapidarium.fundacja-hereditas.pl\/wp-content\/uploads\/2024\/05\/Joanna_Lipnicka_Warszawa_Chlodna_25_hall_posadzka-1-1920x2630.jpeg 1920w, http:\/\/lapidarium.fundacja-hereditas.pl\/wp-content\/uploads\/2024\/05\/Joanna_Lipnicka_Warszawa_Chlodna_25_hall_posadzka-1-scaled.jpeg 1869w\" sizes=\"auto, (max-width: 748px) 100vw, 748px\" \/><\/a><figcaption class=\"wp-element-caption\">Klatka od ul. Ch\u0142odnej. Parter &#8211; hall. Fot. Joanna Lipnicka, 2023 r., \u017ar\u00f3d\u0142o: MWKZ.<\/figcaption><\/figure>\n\n\n\n<figure class=\"wp-block-image size-large\"><a href=\"http:\/\/lapidarium.fundacja-hereditas.pl\/wp-content\/uploads\/2024\/05\/Joanna_Lipnicka_Warszawa_Chlodna_25_obudowa_szybu_windy_parter_hall-1-scaled.jpeg\"><img loading=\"lazy\" decoding=\"async\" width=\"758\" height=\"1024\" data-id=\"24775\" src=\"http:\/\/lapidarium.fundacja-hereditas.pl\/wp-content\/uploads\/2024\/05\/Joanna_Lipnicka_Warszawa_Chlodna_25_obudowa_szybu_windy_parter_hall-1-758x1024.jpeg\" alt=\"\" class=\"wp-image-24775\" srcset=\"http:\/\/lapidarium.fundacja-hereditas.pl\/wp-content\/uploads\/2024\/05\/Joanna_Lipnicka_Warszawa_Chlodna_25_obudowa_szybu_windy_parter_hall-1-758x1024.jpeg 758w, http:\/\/lapidarium.fundacja-hereditas.pl\/wp-content\/uploads\/2024\/05\/Joanna_Lipnicka_Warszawa_Chlodna_25_obudowa_szybu_windy_parter_hall-1-222x300.jpeg 222w, http:\/\/lapidarium.fundacja-hereditas.pl\/wp-content\/uploads\/2024\/05\/Joanna_Lipnicka_Warszawa_Chlodna_25_obudowa_szybu_windy_parter_hall-1-768x1038.jpeg 768w, http:\/\/lapidarium.fundacja-hereditas.pl\/wp-content\/uploads\/2024\/05\/Joanna_Lipnicka_Warszawa_Chlodna_25_obudowa_szybu_windy_parter_hall-1-1137x1536.jpeg 1137w, http:\/\/lapidarium.fundacja-hereditas.pl\/wp-content\/uploads\/2024\/05\/Joanna_Lipnicka_Warszawa_Chlodna_25_obudowa_szybu_windy_parter_hall-1-1516x2048.jpeg 1516w, http:\/\/lapidarium.fundacja-hereditas.pl\/wp-content\/uploads\/2024\/05\/Joanna_Lipnicka_Warszawa_Chlodna_25_obudowa_szybu_windy_parter_hall-1-150x203.jpeg 150w, http:\/\/lapidarium.fundacja-hereditas.pl\/wp-content\/uploads\/2024\/05\/Joanna_Lipnicka_Warszawa_Chlodna_25_obudowa_szybu_windy_parter_hall-1-300x405.jpeg 300w, http:\/\/lapidarium.fundacja-hereditas.pl\/wp-content\/uploads\/2024\/05\/Joanna_Lipnicka_Warszawa_Chlodna_25_obudowa_szybu_windy_parter_hall-1-696x940.jpeg 696w, http:\/\/lapidarium.fundacja-hereditas.pl\/wp-content\/uploads\/2024\/05\/Joanna_Lipnicka_Warszawa_Chlodna_25_obudowa_szybu_windy_parter_hall-1-1068x1443.jpeg 1068w, http:\/\/lapidarium.fundacja-hereditas.pl\/wp-content\/uploads\/2024\/05\/Joanna_Lipnicka_Warszawa_Chlodna_25_obudowa_szybu_windy_parter_hall-1-1920x2594.jpeg 1920w, http:\/\/lapidarium.fundacja-hereditas.pl\/wp-content\/uploads\/2024\/05\/Joanna_Lipnicka_Warszawa_Chlodna_25_obudowa_szybu_windy_parter_hall-1-scaled.jpeg 1895w\" sizes=\"auto, (max-width: 758px) 100vw, 758px\" \/><\/a><figcaption class=\"wp-element-caption\">Klatka od ul. Ch\u0142odnej. Obudowa szybu windy. Fot. Joanna Lipnicka, 2023 r., \u017ar\u00f3d\u0142o: MWKZ.<\/figcaption><\/figure>\n\n\n\n<figure class=\"wp-block-image size-large\"><a href=\"http:\/\/lapidarium.fundacja-hereditas.pl\/wp-content\/uploads\/2024\/05\/E_Dziedziniewicz-Rapca_Warszawa_Zelazna_75A__klatka_glowna_parter_schody_na_gore-1-scaled.jpg\"><img loading=\"lazy\" decoding=\"async\" width=\"774\" height=\"1024\" data-id=\"24746\" src=\"http:\/\/lapidarium.fundacja-hereditas.pl\/wp-content\/uploads\/2024\/05\/E_Dziedziniewicz-Rapca_Warszawa_Zelazna_75A__klatka_glowna_parter_schody_na_gore-1-774x1024.jpg\" alt=\"\" class=\"wp-image-24746\" srcset=\"http:\/\/lapidarium.fundacja-hereditas.pl\/wp-content\/uploads\/2024\/05\/E_Dziedziniewicz-Rapca_Warszawa_Zelazna_75A__klatka_glowna_parter_schody_na_gore-1-774x1024.jpg 774w, http:\/\/lapidarium.fundacja-hereditas.pl\/wp-content\/uploads\/2024\/05\/E_Dziedziniewicz-Rapca_Warszawa_Zelazna_75A__klatka_glowna_parter_schody_na_gore-1-227x300.jpg 227w, http:\/\/lapidarium.fundacja-hereditas.pl\/wp-content\/uploads\/2024\/05\/E_Dziedziniewicz-Rapca_Warszawa_Zelazna_75A__klatka_glowna_parter_schody_na_gore-1-768x1015.jpg 768w, http:\/\/lapidarium.fundacja-hereditas.pl\/wp-content\/uploads\/2024\/05\/E_Dziedziniewicz-Rapca_Warszawa_Zelazna_75A__klatka_glowna_parter_schody_na_gore-1-1162x1536.jpg 1162w, http:\/\/lapidarium.fundacja-hereditas.pl\/wp-content\/uploads\/2024\/05\/E_Dziedziniewicz-Rapca_Warszawa_Zelazna_75A__klatka_glowna_parter_schody_na_gore-1-1549x2048.jpg 1549w, http:\/\/lapidarium.fundacja-hereditas.pl\/wp-content\/uploads\/2024\/05\/E_Dziedziniewicz-Rapca_Warszawa_Zelazna_75A__klatka_glowna_parter_schody_na_gore-1-150x198.jpg 150w, http:\/\/lapidarium.fundacja-hereditas.pl\/wp-content\/uploads\/2024\/05\/E_Dziedziniewicz-Rapca_Warszawa_Zelazna_75A__klatka_glowna_parter_schody_na_gore-1-300x397.jpg 300w, http:\/\/lapidarium.fundacja-hereditas.pl\/wp-content\/uploads\/2024\/05\/E_Dziedziniewicz-Rapca_Warszawa_Zelazna_75A__klatka_glowna_parter_schody_na_gore-1-696x920.jpg 696w, http:\/\/lapidarium.fundacja-hereditas.pl\/wp-content\/uploads\/2024\/05\/E_Dziedziniewicz-Rapca_Warszawa_Zelazna_75A__klatka_glowna_parter_schody_na_gore-1-1068x1412.jpg 1068w, http:\/\/lapidarium.fundacja-hereditas.pl\/wp-content\/uploads\/2024\/05\/E_Dziedziniewicz-Rapca_Warszawa_Zelazna_75A__klatka_glowna_parter_schody_na_gore-1-1920x2539.jpg 1920w, http:\/\/lapidarium.fundacja-hereditas.pl\/wp-content\/uploads\/2024\/05\/E_Dziedziniewicz-Rapca_Warszawa_Zelazna_75A__klatka_glowna_parter_schody_na_gore-1-scaled.jpg 1936w\" sizes=\"auto, (max-width: 774px) 100vw, 774px\" \/><\/a><figcaption class=\"wp-element-caption\">Klatka od ul. Ch\u0142odnej. Parter. Widok z hallu na schodu ku I-mu pi\u0119tru. Fot. Ewa Dziedziniewicz-R\u0105pca, 2023 r., \u017ar\u00f3d\u0142o: MWKZ.<\/figcaption><\/figure>\n\n\n\n<figure class=\"wp-block-image size-large\"><a href=\"http:\/\/lapidarium.fundacja-hereditas.pl\/wp-content\/uploads\/2024\/05\/E_Dziedziniewicz-Rapca_Warszawa_Zelazna_75A__klatka_glowna_zejscie_na_parter-1-scaled.jpg\"><img loading=\"lazy\" decoding=\"async\" width=\"773\" height=\"1024\" data-id=\"24752\" src=\"http:\/\/lapidarium.fundacja-hereditas.pl\/wp-content\/uploads\/2024\/05\/E_Dziedziniewicz-Rapca_Warszawa_Zelazna_75A__klatka_glowna_zejscie_na_parter-1-773x1024.jpg\" alt=\"\" class=\"wp-image-24752\" srcset=\"http:\/\/lapidarium.fundacja-hereditas.pl\/wp-content\/uploads\/2024\/05\/E_Dziedziniewicz-Rapca_Warszawa_Zelazna_75A__klatka_glowna_zejscie_na_parter-1-773x1024.jpg 773w, http:\/\/lapidarium.fundacja-hereditas.pl\/wp-content\/uploads\/2024\/05\/E_Dziedziniewicz-Rapca_Warszawa_Zelazna_75A__klatka_glowna_zejscie_na_parter-1-226x300.jpg 226w, http:\/\/lapidarium.fundacja-hereditas.pl\/wp-content\/uploads\/2024\/05\/E_Dziedziniewicz-Rapca_Warszawa_Zelazna_75A__klatka_glowna_zejscie_na_parter-1-768x1017.jpg 768w, http:\/\/lapidarium.fundacja-hereditas.pl\/wp-content\/uploads\/2024\/05\/E_Dziedziniewicz-Rapca_Warszawa_Zelazna_75A__klatka_glowna_zejscie_na_parter-1-1160x1536.jpg 1160w, http:\/\/lapidarium.fundacja-hereditas.pl\/wp-content\/uploads\/2024\/05\/E_Dziedziniewicz-Rapca_Warszawa_Zelazna_75A__klatka_glowna_zejscie_na_parter-1-1546x2048.jpg 1546w, http:\/\/lapidarium.fundacja-hereditas.pl\/wp-content\/uploads\/2024\/05\/E_Dziedziniewicz-Rapca_Warszawa_Zelazna_75A__klatka_glowna_zejscie_na_parter-1-150x199.jpg 150w, http:\/\/lapidarium.fundacja-hereditas.pl\/wp-content\/uploads\/2024\/05\/E_Dziedziniewicz-Rapca_Warszawa_Zelazna_75A__klatka_glowna_zejscie_na_parter-1-300x397.jpg 300w, http:\/\/lapidarium.fundacja-hereditas.pl\/wp-content\/uploads\/2024\/05\/E_Dziedziniewicz-Rapca_Warszawa_Zelazna_75A__klatka_glowna_zejscie_na_parter-1-696x922.jpg 696w, http:\/\/lapidarium.fundacja-hereditas.pl\/wp-content\/uploads\/2024\/05\/E_Dziedziniewicz-Rapca_Warszawa_Zelazna_75A__klatka_glowna_zejscie_na_parter-1-1068x1415.jpg 1068w, http:\/\/lapidarium.fundacja-hereditas.pl\/wp-content\/uploads\/2024\/05\/E_Dziedziniewicz-Rapca_Warszawa_Zelazna_75A__klatka_glowna_zejscie_na_parter-1-1920x2543.jpg 1920w, http:\/\/lapidarium.fundacja-hereditas.pl\/wp-content\/uploads\/2024\/05\/E_Dziedziniewicz-Rapca_Warszawa_Zelazna_75A__klatka_glowna_zejscie_na_parter-1-scaled.jpg 1933w\" sizes=\"auto, (max-width: 773px) 100vw, 773px\" \/><\/a><figcaption class=\"wp-element-caption\">Klatka od ul. Ch\u0142odnej. Parter &#8211; hall. Fot. Ewa Dziedziniewicz-R\u0105pca, 2023 r., \u017ar\u00f3d\u0142o: MWKZ.<\/figcaption><\/figure>\n\n\n\n<figure class=\"wp-block-image size-large\"><a href=\"http:\/\/lapidarium.fundacja-hereditas.pl\/wp-content\/uploads\/2024\/05\/E_Dziedziniewicz-Rapca_Warszawa_Zelazna_75A__klatka_glowna_1_pietro_przycisk_windy-1-scaled.jpg\"><img loading=\"lazy\" decoding=\"async\" width=\"1024\" height=\"910\" data-id=\"24729\" src=\"http:\/\/lapidarium.fundacja-hereditas.pl\/wp-content\/uploads\/2024\/05\/E_Dziedziniewicz-Rapca_Warszawa_Zelazna_75A__klatka_glowna_1_pietro_przycisk_windy-1-1024x910.jpg\" alt=\"\" class=\"wp-image-24729\" srcset=\"http:\/\/lapidarium.fundacja-hereditas.pl\/wp-content\/uploads\/2024\/05\/E_Dziedziniewicz-Rapca_Warszawa_Zelazna_75A__klatka_glowna_1_pietro_przycisk_windy-1-1024x910.jpg 1024w, http:\/\/lapidarium.fundacja-hereditas.pl\/wp-content\/uploads\/2024\/05\/E_Dziedziniewicz-Rapca_Warszawa_Zelazna_75A__klatka_glowna_1_pietro_przycisk_windy-1-300x267.jpg 300w, http:\/\/lapidarium.fundacja-hereditas.pl\/wp-content\/uploads\/2024\/05\/E_Dziedziniewicz-Rapca_Warszawa_Zelazna_75A__klatka_glowna_1_pietro_przycisk_windy-1-768x682.jpg 768w, http:\/\/lapidarium.fundacja-hereditas.pl\/wp-content\/uploads\/2024\/05\/E_Dziedziniewicz-Rapca_Warszawa_Zelazna_75A__klatka_glowna_1_pietro_przycisk_windy-1-1536x1365.jpg 1536w, http:\/\/lapidarium.fundacja-hereditas.pl\/wp-content\/uploads\/2024\/05\/E_Dziedziniewicz-Rapca_Warszawa_Zelazna_75A__klatka_glowna_1_pietro_przycisk_windy-1-2048x1820.jpg 2048w, http:\/\/lapidarium.fundacja-hereditas.pl\/wp-content\/uploads\/2024\/05\/E_Dziedziniewicz-Rapca_Warszawa_Zelazna_75A__klatka_glowna_1_pietro_przycisk_windy-1-150x133.jpg 150w, http:\/\/lapidarium.fundacja-hereditas.pl\/wp-content\/uploads\/2024\/05\/E_Dziedziniewicz-Rapca_Warszawa_Zelazna_75A__klatka_glowna_1_pietro_przycisk_windy-1-696x618.jpg 696w, http:\/\/lapidarium.fundacja-hereditas.pl\/wp-content\/uploads\/2024\/05\/E_Dziedziniewicz-Rapca_Warszawa_Zelazna_75A__klatka_glowna_1_pietro_przycisk_windy-1-1068x949.jpg 1068w, http:\/\/lapidarium.fundacja-hereditas.pl\/wp-content\/uploads\/2024\/05\/E_Dziedziniewicz-Rapca_Warszawa_Zelazna_75A__klatka_glowna_1_pietro_przycisk_windy-1-1920x1706.jpg 1920w\" sizes=\"auto, (max-width: 1024px) 100vw, 1024px\" \/><\/a><figcaption class=\"wp-element-caption\">Klatka od ul. Ch\u0142odnej. Guzik od windy (PRL). Fot. Ewa Dziedziniewicz-R\u0105pca, 2023 r., \u017ar\u00f3d\u0142o: MWKZ.<\/figcaption><\/figure>\n\n\n\n<figure class=\"wp-block-image size-large\"><a href=\"http:\/\/lapidarium.fundacja-hereditas.pl\/wp-content\/uploads\/2024\/05\/E_Dziedziniewicz-Rapca_Warszawa_Zelazna_75A__klatka_glowna_parter_winda_kabina-1-scaled.jpg\"><img loading=\"lazy\" decoding=\"async\" width=\"775\" height=\"1024\" data-id=\"24748\" src=\"http:\/\/lapidarium.fundacja-hereditas.pl\/wp-content\/uploads\/2024\/05\/E_Dziedziniewicz-Rapca_Warszawa_Zelazna_75A__klatka_glowna_parter_winda_kabina-1-775x1024.jpg\" alt=\"\" class=\"wp-image-24748\" srcset=\"http:\/\/lapidarium.fundacja-hereditas.pl\/wp-content\/uploads\/2024\/05\/E_Dziedziniewicz-Rapca_Warszawa_Zelazna_75A__klatka_glowna_parter_winda_kabina-1-775x1024.jpg 775w, http:\/\/lapidarium.fundacja-hereditas.pl\/wp-content\/uploads\/2024\/05\/E_Dziedziniewicz-Rapca_Warszawa_Zelazna_75A__klatka_glowna_parter_winda_kabina-1-227x300.jpg 227w, http:\/\/lapidarium.fundacja-hereditas.pl\/wp-content\/uploads\/2024\/05\/E_Dziedziniewicz-Rapca_Warszawa_Zelazna_75A__klatka_glowna_parter_winda_kabina-1-768x1015.jpg 768w, http:\/\/lapidarium.fundacja-hereditas.pl\/wp-content\/uploads\/2024\/05\/E_Dziedziniewicz-Rapca_Warszawa_Zelazna_75A__klatka_glowna_parter_winda_kabina-1-1162x1536.jpg 1162w, http:\/\/lapidarium.fundacja-hereditas.pl\/wp-content\/uploads\/2024\/05\/E_Dziedziniewicz-Rapca_Warszawa_Zelazna_75A__klatka_glowna_parter_winda_kabina-1-1549x2048.jpg 1549w, http:\/\/lapidarium.fundacja-hereditas.pl\/wp-content\/uploads\/2024\/05\/E_Dziedziniewicz-Rapca_Warszawa_Zelazna_75A__klatka_glowna_parter_winda_kabina-1-150x198.jpg 150w, http:\/\/lapidarium.fundacja-hereditas.pl\/wp-content\/uploads\/2024\/05\/E_Dziedziniewicz-Rapca_Warszawa_Zelazna_75A__klatka_glowna_parter_winda_kabina-1-300x397.jpg 300w, http:\/\/lapidarium.fundacja-hereditas.pl\/wp-content\/uploads\/2024\/05\/E_Dziedziniewicz-Rapca_Warszawa_Zelazna_75A__klatka_glowna_parter_winda_kabina-1-696x920.jpg 696w, http:\/\/lapidarium.fundacja-hereditas.pl\/wp-content\/uploads\/2024\/05\/E_Dziedziniewicz-Rapca_Warszawa_Zelazna_75A__klatka_glowna_parter_winda_kabina-1-1068x1412.jpg 1068w, http:\/\/lapidarium.fundacja-hereditas.pl\/wp-content\/uploads\/2024\/05\/E_Dziedziniewicz-Rapca_Warszawa_Zelazna_75A__klatka_glowna_parter_winda_kabina-1-1920x2538.jpg 1920w, http:\/\/lapidarium.fundacja-hereditas.pl\/wp-content\/uploads\/2024\/05\/E_Dziedziniewicz-Rapca_Warszawa_Zelazna_75A__klatka_glowna_parter_winda_kabina-1-scaled.jpg 1937w\" sizes=\"auto, (max-width: 775px) 100vw, 775px\" \/><\/a><figcaption class=\"wp-element-caption\">Klatka od ul. Ch\u0142odnej. Wn\u0119trze windy z PRL-u. Fot. Ewa Dziedziniewicz-R\u0105pca, 2023 r., \u017ar\u00f3d\u0142o: MWKZ.<\/figcaption><\/figure>\n\n\n\n<figure class=\"wp-block-image size-large\"><a href=\"http:\/\/lapidarium.fundacja-hereditas.pl\/wp-content\/uploads\/2024\/05\/E_Dziedziniewicz-Rapca_Warszawa_Zelazna_75A__klatka_glowna_winda-1-scaled.jpg\"><img loading=\"lazy\" decoding=\"async\" width=\"781\" height=\"1024\" data-id=\"24750\" src=\"http:\/\/lapidarium.fundacja-hereditas.pl\/wp-content\/uploads\/2024\/05\/E_Dziedziniewicz-Rapca_Warszawa_Zelazna_75A__klatka_glowna_winda-1-781x1024.jpg\" alt=\"\" class=\"wp-image-24750\" srcset=\"http:\/\/lapidarium.fundacja-hereditas.pl\/wp-content\/uploads\/2024\/05\/E_Dziedziniewicz-Rapca_Warszawa_Zelazna_75A__klatka_glowna_winda-1-781x1024.jpg 781w, http:\/\/lapidarium.fundacja-hereditas.pl\/wp-content\/uploads\/2024\/05\/E_Dziedziniewicz-Rapca_Warszawa_Zelazna_75A__klatka_glowna_winda-1-229x300.jpg 229w, http:\/\/lapidarium.fundacja-hereditas.pl\/wp-content\/uploads\/2024\/05\/E_Dziedziniewicz-Rapca_Warszawa_Zelazna_75A__klatka_glowna_winda-1-768x1007.jpg 768w, http:\/\/lapidarium.fundacja-hereditas.pl\/wp-content\/uploads\/2024\/05\/E_Dziedziniewicz-Rapca_Warszawa_Zelazna_75A__klatka_glowna_winda-1-1172x1536.jpg 1172w, http:\/\/lapidarium.fundacja-hereditas.pl\/wp-content\/uploads\/2024\/05\/E_Dziedziniewicz-Rapca_Warszawa_Zelazna_75A__klatka_glowna_winda-1-1562x2048.jpg 1562w, http:\/\/lapidarium.fundacja-hereditas.pl\/wp-content\/uploads\/2024\/05\/E_Dziedziniewicz-Rapca_Warszawa_Zelazna_75A__klatka_glowna_winda-1-150x197.jpg 150w, http:\/\/lapidarium.fundacja-hereditas.pl\/wp-content\/uploads\/2024\/05\/E_Dziedziniewicz-Rapca_Warszawa_Zelazna_75A__klatka_glowna_winda-1-300x393.jpg 300w, http:\/\/lapidarium.fundacja-hereditas.pl\/wp-content\/uploads\/2024\/05\/E_Dziedziniewicz-Rapca_Warszawa_Zelazna_75A__klatka_glowna_winda-1-696x912.jpg 696w, http:\/\/lapidarium.fundacja-hereditas.pl\/wp-content\/uploads\/2024\/05\/E_Dziedziniewicz-Rapca_Warszawa_Zelazna_75A__klatka_glowna_winda-1-1068x1400.jpg 1068w, http:\/\/lapidarium.fundacja-hereditas.pl\/wp-content\/uploads\/2024\/05\/E_Dziedziniewicz-Rapca_Warszawa_Zelazna_75A__klatka_glowna_winda-1-1920x2517.jpg 1920w, http:\/\/lapidarium.fundacja-hereditas.pl\/wp-content\/uploads\/2024\/05\/E_Dziedziniewicz-Rapca_Warszawa_Zelazna_75A__klatka_glowna_winda-1-scaled.jpg 1953w\" sizes=\"auto, (max-width: 781px) 100vw, 781px\" \/><\/a><figcaption class=\"wp-element-caption\">Klatka od ul. Ch\u0142odnej. Winda z PRL-u. Panel z przyciskami. Fot. Ewa Dziedziniewicz-R\u0105pca, 2023 r., \u017ar\u00f3d\u0142o: MWKZ.<\/figcaption><\/figure>\n\n\n\n<figure class=\"wp-block-image size-large\"><a href=\"http:\/\/lapidarium.fundacja-hereditas.pl\/wp-content\/uploads\/2024\/05\/Joanna_Lipnicka_Warszawa_Chlodna_25_szyb_windy_nitowana_konstrukcja-1-scaled.jpeg\"><img loading=\"lazy\" decoding=\"async\" width=\"1024\" height=\"769\" data-id=\"24783\" src=\"http:\/\/lapidarium.fundacja-hereditas.pl\/wp-content\/uploads\/2024\/05\/Joanna_Lipnicka_Warszawa_Chlodna_25_szyb_windy_nitowana_konstrukcja-1-1024x769.jpeg\" alt=\"\" class=\"wp-image-24783\" srcset=\"http:\/\/lapidarium.fundacja-hereditas.pl\/wp-content\/uploads\/2024\/05\/Joanna_Lipnicka_Warszawa_Chlodna_25_szyb_windy_nitowana_konstrukcja-1-1024x769.jpeg 1024w, http:\/\/lapidarium.fundacja-hereditas.pl\/wp-content\/uploads\/2024\/05\/Joanna_Lipnicka_Warszawa_Chlodna_25_szyb_windy_nitowana_konstrukcja-1-300x225.jpeg 300w, http:\/\/lapidarium.fundacja-hereditas.pl\/wp-content\/uploads\/2024\/05\/Joanna_Lipnicka_Warszawa_Chlodna_25_szyb_windy_nitowana_konstrukcja-1-768x577.jpeg 768w, http:\/\/lapidarium.fundacja-hereditas.pl\/wp-content\/uploads\/2024\/05\/Joanna_Lipnicka_Warszawa_Chlodna_25_szyb_windy_nitowana_konstrukcja-1-1536x1153.jpeg 1536w, http:\/\/lapidarium.fundacja-hereditas.pl\/wp-content\/uploads\/2024\/05\/Joanna_Lipnicka_Warszawa_Chlodna_25_szyb_windy_nitowana_konstrukcja-1-2048x1538.jpeg 2048w, http:\/\/lapidarium.fundacja-hereditas.pl\/wp-content\/uploads\/2024\/05\/Joanna_Lipnicka_Warszawa_Chlodna_25_szyb_windy_nitowana_konstrukcja-1-150x113.jpeg 150w, http:\/\/lapidarium.fundacja-hereditas.pl\/wp-content\/uploads\/2024\/05\/Joanna_Lipnicka_Warszawa_Chlodna_25_szyb_windy_nitowana_konstrukcja-1-696x523.jpeg 696w, http:\/\/lapidarium.fundacja-hereditas.pl\/wp-content\/uploads\/2024\/05\/Joanna_Lipnicka_Warszawa_Chlodna_25_szyb_windy_nitowana_konstrukcja-1-1068x802.jpeg 1068w, http:\/\/lapidarium.fundacja-hereditas.pl\/wp-content\/uploads\/2024\/05\/Joanna_Lipnicka_Warszawa_Chlodna_25_szyb_windy_nitowana_konstrukcja-1-1920x1441.jpeg 1920w\" sizes=\"auto, (max-width: 1024px) 100vw, 1024px\" \/><\/a><figcaption class=\"wp-element-caption\">Klatka od ul. Ch\u0142odnej &#8211; obudowa szybu windy. Fot. Joanna Lipnicka, 2023 r., \u017ar\u00f3d\u0142o: MWKZ.<\/figcaption><\/figure>\n\n\n\n<figure class=\"wp-block-image size-large\"><a href=\"http:\/\/lapidarium.fundacja-hereditas.pl\/wp-content\/uploads\/2024\/05\/Joanna_Lipnicka_Warszawa_Chlodna_25_szyb_windy_wszystkie_pietra-1-scaled.jpeg\"><img loading=\"lazy\" decoding=\"async\" width=\"770\" height=\"1024\" data-id=\"24784\" src=\"http:\/\/lapidarium.fundacja-hereditas.pl\/wp-content\/uploads\/2024\/05\/Joanna_Lipnicka_Warszawa_Chlodna_25_szyb_windy_wszystkie_pietra-1-770x1024.jpeg\" alt=\"\" class=\"wp-image-24784\" srcset=\"http:\/\/lapidarium.fundacja-hereditas.pl\/wp-content\/uploads\/2024\/05\/Joanna_Lipnicka_Warszawa_Chlodna_25_szyb_windy_wszystkie_pietra-1-770x1024.jpeg 770w, http:\/\/lapidarium.fundacja-hereditas.pl\/wp-content\/uploads\/2024\/05\/Joanna_Lipnicka_Warszawa_Chlodna_25_szyb_windy_wszystkie_pietra-1-226x300.jpeg 226w, http:\/\/lapidarium.fundacja-hereditas.pl\/wp-content\/uploads\/2024\/05\/Joanna_Lipnicka_Warszawa_Chlodna_25_szyb_windy_wszystkie_pietra-1-768x1021.jpeg 768w, http:\/\/lapidarium.fundacja-hereditas.pl\/wp-content\/uploads\/2024\/05\/Joanna_Lipnicka_Warszawa_Chlodna_25_szyb_windy_wszystkie_pietra-1-1156x1536.jpeg 1156w, http:\/\/lapidarium.fundacja-hereditas.pl\/wp-content\/uploads\/2024\/05\/Joanna_Lipnicka_Warszawa_Chlodna_25_szyb_windy_wszystkie_pietra-1-1541x2048.jpeg 1541w, http:\/\/lapidarium.fundacja-hereditas.pl\/wp-content\/uploads\/2024\/05\/Joanna_Lipnicka_Warszawa_Chlodna_25_szyb_windy_wszystkie_pietra-1-150x199.jpeg 150w, http:\/\/lapidarium.fundacja-hereditas.pl\/wp-content\/uploads\/2024\/05\/Joanna_Lipnicka_Warszawa_Chlodna_25_szyb_windy_wszystkie_pietra-1-300x399.jpeg 300w, http:\/\/lapidarium.fundacja-hereditas.pl\/wp-content\/uploads\/2024\/05\/Joanna_Lipnicka_Warszawa_Chlodna_25_szyb_windy_wszystkie_pietra-1-696x925.jpeg 696w, http:\/\/lapidarium.fundacja-hereditas.pl\/wp-content\/uploads\/2024\/05\/Joanna_Lipnicka_Warszawa_Chlodna_25_szyb_windy_wszystkie_pietra-1-1068x1419.jpeg 1068w, http:\/\/lapidarium.fundacja-hereditas.pl\/wp-content\/uploads\/2024\/05\/Joanna_Lipnicka_Warszawa_Chlodna_25_szyb_windy_wszystkie_pietra-1-1920x2552.jpeg 1920w, http:\/\/lapidarium.fundacja-hereditas.pl\/wp-content\/uploads\/2024\/05\/Joanna_Lipnicka_Warszawa_Chlodna_25_szyb_windy_wszystkie_pietra-1-scaled.jpeg 1926w\" sizes=\"auto, (max-width: 770px) 100vw, 770px\" \/><\/a><figcaption class=\"wp-element-caption\">Klatka od ul. Ch\u0142odnej &#8211; obudowa szybu windy. Fot. Joanna Lipnicka, 2023 r., \u017ar\u00f3d\u0142o: MWKZ.<\/figcaption><\/figure>\n\n\n\n<figure class=\"wp-block-image size-large\"><a href=\"http:\/\/lapidarium.fundacja-hereditas.pl\/wp-content\/uploads\/2024\/05\/Joanna_Lipnicka_Warszawa_Chlodna_25_konstrukcja_windy_nity-1-scaled.jpeg\"><img loading=\"lazy\" decoding=\"async\" width=\"773\" height=\"1024\" data-id=\"24772\" src=\"http:\/\/lapidarium.fundacja-hereditas.pl\/wp-content\/uploads\/2024\/05\/Joanna_Lipnicka_Warszawa_Chlodna_25_konstrukcja_windy_nity-1-773x1024.jpeg\" alt=\"\" class=\"wp-image-24772\" srcset=\"http:\/\/lapidarium.fundacja-hereditas.pl\/wp-content\/uploads\/2024\/05\/Joanna_Lipnicka_Warszawa_Chlodna_25_konstrukcja_windy_nity-1-773x1024.jpeg 773w, http:\/\/lapidarium.fundacja-hereditas.pl\/wp-content\/uploads\/2024\/05\/Joanna_Lipnicka_Warszawa_Chlodna_25_konstrukcja_windy_nity-1-227x300.jpeg 227w, http:\/\/lapidarium.fundacja-hereditas.pl\/wp-content\/uploads\/2024\/05\/Joanna_Lipnicka_Warszawa_Chlodna_25_konstrukcja_windy_nity-1-768x1017.jpeg 768w, http:\/\/lapidarium.fundacja-hereditas.pl\/wp-content\/uploads\/2024\/05\/Joanna_Lipnicka_Warszawa_Chlodna_25_konstrukcja_windy_nity-1-1160x1536.jpeg 1160w, http:\/\/lapidarium.fundacja-hereditas.pl\/wp-content\/uploads\/2024\/05\/Joanna_Lipnicka_Warszawa_Chlodna_25_konstrukcja_windy_nity-1-1546x2048.jpeg 1546w, http:\/\/lapidarium.fundacja-hereditas.pl\/wp-content\/uploads\/2024\/05\/Joanna_Lipnicka_Warszawa_Chlodna_25_konstrukcja_windy_nity-1-150x199.jpeg 150w, http:\/\/lapidarium.fundacja-hereditas.pl\/wp-content\/uploads\/2024\/05\/Joanna_Lipnicka_Warszawa_Chlodna_25_konstrukcja_windy_nity-1-300x397.jpeg 300w, http:\/\/lapidarium.fundacja-hereditas.pl\/wp-content\/uploads\/2024\/05\/Joanna_Lipnicka_Warszawa_Chlodna_25_konstrukcja_windy_nity-1-696x922.jpeg 696w, http:\/\/lapidarium.fundacja-hereditas.pl\/wp-content\/uploads\/2024\/05\/Joanna_Lipnicka_Warszawa_Chlodna_25_konstrukcja_windy_nity-1-1068x1414.jpeg 1068w, http:\/\/lapidarium.fundacja-hereditas.pl\/wp-content\/uploads\/2024\/05\/Joanna_Lipnicka_Warszawa_Chlodna_25_konstrukcja_windy_nity-1-1920x2543.jpeg 1920w, http:\/\/lapidarium.fundacja-hereditas.pl\/wp-content\/uploads\/2024\/05\/Joanna_Lipnicka_Warszawa_Chlodna_25_konstrukcja_windy_nity-1-scaled.jpeg 1933w\" sizes=\"auto, (max-width: 773px) 100vw, 773px\" \/><\/a><figcaption class=\"wp-element-caption\">Klatka od ul. Ch\u0142odnej. Obudowa szybu windy i szyny wiod\u0105ce. Fot. Joanna Lipnicka, 2023 r., \u017ar\u00f3d\u0142o: MWKZ.<\/figcaption><\/figure>\n\n\n\n<figure class=\"wp-block-image size-large\"><a href=\"http:\/\/lapidarium.fundacja-hereditas.pl\/wp-content\/uploads\/2024\/05\/Joanna_Lipnicka_Warszawa_Chlodna_25_stolarka_drzwi_pietro-1-scaled.jpeg\"><img loading=\"lazy\" decoding=\"async\" width=\"657\" height=\"1024\" data-id=\"24782\" src=\"http:\/\/lapidarium.fundacja-hereditas.pl\/wp-content\/uploads\/2024\/05\/Joanna_Lipnicka_Warszawa_Chlodna_25_stolarka_drzwi_pietro-1-657x1024.jpeg\" alt=\"\" class=\"wp-image-24782\" srcset=\"http:\/\/lapidarium.fundacja-hereditas.pl\/wp-content\/uploads\/2024\/05\/Joanna_Lipnicka_Warszawa_Chlodna_25_stolarka_drzwi_pietro-1-657x1024.jpeg 657w, http:\/\/lapidarium.fundacja-hereditas.pl\/wp-content\/uploads\/2024\/05\/Joanna_Lipnicka_Warszawa_Chlodna_25_stolarka_drzwi_pietro-1-192x300.jpeg 192w, http:\/\/lapidarium.fundacja-hereditas.pl\/wp-content\/uploads\/2024\/05\/Joanna_Lipnicka_Warszawa_Chlodna_25_stolarka_drzwi_pietro-1-768x1198.jpeg 768w, http:\/\/lapidarium.fundacja-hereditas.pl\/wp-content\/uploads\/2024\/05\/Joanna_Lipnicka_Warszawa_Chlodna_25_stolarka_drzwi_pietro-1-985x1536.jpeg 985w, http:\/\/lapidarium.fundacja-hereditas.pl\/wp-content\/uploads\/2024\/05\/Joanna_Lipnicka_Warszawa_Chlodna_25_stolarka_drzwi_pietro-1-1313x2048.jpeg 1313w, http:\/\/lapidarium.fundacja-hereditas.pl\/wp-content\/uploads\/2024\/05\/Joanna_Lipnicka_Warszawa_Chlodna_25_stolarka_drzwi_pietro-1-150x234.jpeg 150w, http:\/\/lapidarium.fundacja-hereditas.pl\/wp-content\/uploads\/2024\/05\/Joanna_Lipnicka_Warszawa_Chlodna_25_stolarka_drzwi_pietro-1-300x468.jpeg 300w, http:\/\/lapidarium.fundacja-hereditas.pl\/wp-content\/uploads\/2024\/05\/Joanna_Lipnicka_Warszawa_Chlodna_25_stolarka_drzwi_pietro-1-696x1085.jpeg 696w, http:\/\/lapidarium.fundacja-hereditas.pl\/wp-content\/uploads\/2024\/05\/Joanna_Lipnicka_Warszawa_Chlodna_25_stolarka_drzwi_pietro-1-1068x1666.jpeg 1068w, http:\/\/lapidarium.fundacja-hereditas.pl\/wp-content\/uploads\/2024\/05\/Joanna_Lipnicka_Warszawa_Chlodna_25_stolarka_drzwi_pietro-1-1920x2994.jpeg 1920w, http:\/\/lapidarium.fundacja-hereditas.pl\/wp-content\/uploads\/2024\/05\/Joanna_Lipnicka_Warszawa_Chlodna_25_stolarka_drzwi_pietro-1-scaled.jpeg 1642w\" sizes=\"auto, (max-width: 657px) 100vw, 657px\" \/><\/a><figcaption class=\"wp-element-caption\">Klatka od ul. Ch\u0142odnej. Drzwi do mieszkania I-go pi\u0119tra. Fot. Joanna Lipnicka, 2023 r., \u017ar\u00f3d\u0142o: MWKZ.<\/figcaption><\/figure>\n\n\n\n<figure class=\"wp-block-image size-large\"><a href=\"http:\/\/lapidarium.fundacja-hereditas.pl\/wp-content\/uploads\/2024\/05\/E_Dziedziniewicz-Rapca_Warszawa_Zelazna_75A__klatka_glowna_5_pietro_schody_na_dol_szyb_windy-1-scaled.jpg\"><img loading=\"lazy\" decoding=\"async\" width=\"1024\" height=\"764\" data-id=\"24745\" src=\"http:\/\/lapidarium.fundacja-hereditas.pl\/wp-content\/uploads\/2024\/05\/E_Dziedziniewicz-Rapca_Warszawa_Zelazna_75A__klatka_glowna_5_pietro_schody_na_dol_szyb_windy-1-1024x764.jpg\" alt=\"\" class=\"wp-image-24745\" srcset=\"http:\/\/lapidarium.fundacja-hereditas.pl\/wp-content\/uploads\/2024\/05\/E_Dziedziniewicz-Rapca_Warszawa_Zelazna_75A__klatka_glowna_5_pietro_schody_na_dol_szyb_windy-1-1024x764.jpg 1024w, http:\/\/lapidarium.fundacja-hereditas.pl\/wp-content\/uploads\/2024\/05\/E_Dziedziniewicz-Rapca_Warszawa_Zelazna_75A__klatka_glowna_5_pietro_schody_na_dol_szyb_windy-1-300x224.jpg 300w, http:\/\/lapidarium.fundacja-hereditas.pl\/wp-content\/uploads\/2024\/05\/E_Dziedziniewicz-Rapca_Warszawa_Zelazna_75A__klatka_glowna_5_pietro_schody_na_dol_szyb_windy-1-768x573.jpg 768w, http:\/\/lapidarium.fundacja-hereditas.pl\/wp-content\/uploads\/2024\/05\/E_Dziedziniewicz-Rapca_Warszawa_Zelazna_75A__klatka_glowna_5_pietro_schody_na_dol_szyb_windy-1-1536x1145.jpg 1536w, http:\/\/lapidarium.fundacja-hereditas.pl\/wp-content\/uploads\/2024\/05\/E_Dziedziniewicz-Rapca_Warszawa_Zelazna_75A__klatka_glowna_5_pietro_schody_na_dol_szyb_windy-1-2048x1527.jpg 2048w, http:\/\/lapidarium.fundacja-hereditas.pl\/wp-content\/uploads\/2024\/05\/E_Dziedziniewicz-Rapca_Warszawa_Zelazna_75A__klatka_glowna_5_pietro_schody_na_dol_szyb_windy-1-150x112.jpg 150w, http:\/\/lapidarium.fundacja-hereditas.pl\/wp-content\/uploads\/2024\/05\/E_Dziedziniewicz-Rapca_Warszawa_Zelazna_75A__klatka_glowna_5_pietro_schody_na_dol_szyb_windy-1-696x519.jpg 696w, http:\/\/lapidarium.fundacja-hereditas.pl\/wp-content\/uploads\/2024\/05\/E_Dziedziniewicz-Rapca_Warszawa_Zelazna_75A__klatka_glowna_5_pietro_schody_na_dol_szyb_windy-1-1068x796.jpg 1068w, http:\/\/lapidarium.fundacja-hereditas.pl\/wp-content\/uploads\/2024\/05\/E_Dziedziniewicz-Rapca_Warszawa_Zelazna_75A__klatka_glowna_5_pietro_schody_na_dol_szyb_windy-1-1920x1432.jpg 1920w\" sizes=\"auto, (max-width: 1024px) 100vw, 1024px\" \/><\/a><figcaption class=\"wp-element-caption\">Klatka od ul. Ch\u0142odnej. Krata obudowy windy. Fot. Ewa Dziedziniewicz-R\u0105pca, 2023 r., \u017ar\u00f3d\u0142o: MWKZ.<\/figcaption><\/figure>\n\n\n\n<figure class=\"wp-block-image size-large\"><a href=\"http:\/\/lapidarium.fundacja-hereditas.pl\/wp-content\/uploads\/2024\/05\/Joanna_Lipnicka_Warszawa_Chlodna_25_klatka_stolarka_drzwi-1-scaled.jpeg\"><img loading=\"lazy\" decoding=\"async\" width=\"776\" height=\"1024\" data-id=\"24769\" src=\"http:\/\/lapidarium.fundacja-hereditas.pl\/wp-content\/uploads\/2024\/05\/Joanna_Lipnicka_Warszawa_Chlodna_25_klatka_stolarka_drzwi-1-776x1024.jpeg\" alt=\"\" class=\"wp-image-24769\" srcset=\"http:\/\/lapidarium.fundacja-hereditas.pl\/wp-content\/uploads\/2024\/05\/Joanna_Lipnicka_Warszawa_Chlodna_25_klatka_stolarka_drzwi-1-776x1024.jpeg 776w, http:\/\/lapidarium.fundacja-hereditas.pl\/wp-content\/uploads\/2024\/05\/Joanna_Lipnicka_Warszawa_Chlodna_25_klatka_stolarka_drzwi-1-227x300.jpeg 227w, http:\/\/lapidarium.fundacja-hereditas.pl\/wp-content\/uploads\/2024\/05\/Joanna_Lipnicka_Warszawa_Chlodna_25_klatka_stolarka_drzwi-1-768x1014.jpeg 768w, http:\/\/lapidarium.fundacja-hereditas.pl\/wp-content\/uploads\/2024\/05\/Joanna_Lipnicka_Warszawa_Chlodna_25_klatka_stolarka_drzwi-1-1164x1536.jpeg 1164w, http:\/\/lapidarium.fundacja-hereditas.pl\/wp-content\/uploads\/2024\/05\/Joanna_Lipnicka_Warszawa_Chlodna_25_klatka_stolarka_drzwi-1-1552x2048.jpeg 1552w, http:\/\/lapidarium.fundacja-hereditas.pl\/wp-content\/uploads\/2024\/05\/Joanna_Lipnicka_Warszawa_Chlodna_25_klatka_stolarka_drzwi-1-150x198.jpeg 150w, http:\/\/lapidarium.fundacja-hereditas.pl\/wp-content\/uploads\/2024\/05\/Joanna_Lipnicka_Warszawa_Chlodna_25_klatka_stolarka_drzwi-1-300x396.jpeg 300w, http:\/\/lapidarium.fundacja-hereditas.pl\/wp-content\/uploads\/2024\/05\/Joanna_Lipnicka_Warszawa_Chlodna_25_klatka_stolarka_drzwi-1-696x919.jpeg 696w, http:\/\/lapidarium.fundacja-hereditas.pl\/wp-content\/uploads\/2024\/05\/Joanna_Lipnicka_Warszawa_Chlodna_25_klatka_stolarka_drzwi-1-1068x1410.jpeg 1068w, http:\/\/lapidarium.fundacja-hereditas.pl\/wp-content\/uploads\/2024\/05\/Joanna_Lipnicka_Warszawa_Chlodna_25_klatka_stolarka_drzwi-1-1920x2534.jpeg 1920w, http:\/\/lapidarium.fundacja-hereditas.pl\/wp-content\/uploads\/2024\/05\/Joanna_Lipnicka_Warszawa_Chlodna_25_klatka_stolarka_drzwi-1-scaled.jpeg 1940w\" sizes=\"auto, (max-width: 776px) 100vw, 776px\" \/><\/a><figcaption class=\"wp-element-caption\">Klatka od ul. Ch\u0142odnej. Drzwi do mieszka\u0144 na jednym z pi\u0119ter. Fot. Joanna Lipnicka, 2023 r., \u017ar\u00f3d\u0142o: MWKZ.<\/figcaption><\/figure>\n\n\n\n<figure class=\"wp-block-image size-large\"><a href=\"http:\/\/lapidarium.fundacja-hereditas.pl\/wp-content\/uploads\/2024\/05\/Joanna_Lipnicka_Warszawa_Chlodna_25_klatka_pietro_III_stolarkia_drzwi-1-scaled.jpeg\"><img loading=\"lazy\" decoding=\"async\" width=\"761\" height=\"1024\" data-id=\"24764\" src=\"http:\/\/lapidarium.fundacja-hereditas.pl\/wp-content\/uploads\/2024\/05\/Joanna_Lipnicka_Warszawa_Chlodna_25_klatka_pietro_III_stolarkia_drzwi-1-761x1024.jpeg\" alt=\"\" class=\"wp-image-24764\" srcset=\"http:\/\/lapidarium.fundacja-hereditas.pl\/wp-content\/uploads\/2024\/05\/Joanna_Lipnicka_Warszawa_Chlodna_25_klatka_pietro_III_stolarkia_drzwi-1-761x1024.jpeg 761w, http:\/\/lapidarium.fundacja-hereditas.pl\/wp-content\/uploads\/2024\/05\/Joanna_Lipnicka_Warszawa_Chlodna_25_klatka_pietro_III_stolarkia_drzwi-1-223x300.jpeg 223w, http:\/\/lapidarium.fundacja-hereditas.pl\/wp-content\/uploads\/2024\/05\/Joanna_Lipnicka_Warszawa_Chlodna_25_klatka_pietro_III_stolarkia_drzwi-1-768x1033.jpeg 768w, http:\/\/lapidarium.fundacja-hereditas.pl\/wp-content\/uploads\/2024\/05\/Joanna_Lipnicka_Warszawa_Chlodna_25_klatka_pietro_III_stolarkia_drzwi-1-1142x1536.jpeg 1142w, http:\/\/lapidarium.fundacja-hereditas.pl\/wp-content\/uploads\/2024\/05\/Joanna_Lipnicka_Warszawa_Chlodna_25_klatka_pietro_III_stolarkia_drzwi-1-1522x2048.jpeg 1522w, http:\/\/lapidarium.fundacja-hereditas.pl\/wp-content\/uploads\/2024\/05\/Joanna_Lipnicka_Warszawa_Chlodna_25_klatka_pietro_III_stolarkia_drzwi-1-150x202.jpeg 150w, http:\/\/lapidarium.fundacja-hereditas.pl\/wp-content\/uploads\/2024\/05\/Joanna_Lipnicka_Warszawa_Chlodna_25_klatka_pietro_III_stolarkia_drzwi-1-300x404.jpeg 300w, http:\/\/lapidarium.fundacja-hereditas.pl\/wp-content\/uploads\/2024\/05\/Joanna_Lipnicka_Warszawa_Chlodna_25_klatka_pietro_III_stolarkia_drzwi-1-696x936.jpeg 696w, http:\/\/lapidarium.fundacja-hereditas.pl\/wp-content\/uploads\/2024\/05\/Joanna_Lipnicka_Warszawa_Chlodna_25_klatka_pietro_III_stolarkia_drzwi-1-1068x1437.jpeg 1068w, http:\/\/lapidarium.fundacja-hereditas.pl\/wp-content\/uploads\/2024\/05\/Joanna_Lipnicka_Warszawa_Chlodna_25_klatka_pietro_III_stolarkia_drzwi-1-1920x2583.jpeg 1920w, http:\/\/lapidarium.fundacja-hereditas.pl\/wp-content\/uploads\/2024\/05\/Joanna_Lipnicka_Warszawa_Chlodna_25_klatka_pietro_III_stolarkia_drzwi-1-scaled.jpeg 1903w\" sizes=\"auto, (max-width: 761px) 100vw, 761px\" \/><\/a><figcaption class=\"wp-element-caption\">Klatka od ul. Ch\u0142odnej. Drzwi do mieszkania na jednym z pi\u0119ter. Fot. Joanna Lipnicka, 2023 r., \u017ar\u00f3d\u0142o: MWKZ.<\/figcaption><\/figure>\n\n\n\n<figure class=\"wp-block-image size-large\"><a href=\"http:\/\/lapidarium.fundacja-hereditas.pl\/wp-content\/uploads\/2024\/05\/Joanna_Lipnicka_Warszawa_Chlodna_25_klamka_III_p-1-scaled.jpeg\"><img loading=\"lazy\" decoding=\"async\" width=\"746\" height=\"1024\" data-id=\"24761\" src=\"http:\/\/lapidarium.fundacja-hereditas.pl\/wp-content\/uploads\/2024\/05\/Joanna_Lipnicka_Warszawa_Chlodna_25_klamka_III_p-1-746x1024.jpeg\" alt=\"\" class=\"wp-image-24761\" srcset=\"http:\/\/lapidarium.fundacja-hereditas.pl\/wp-content\/uploads\/2024\/05\/Joanna_Lipnicka_Warszawa_Chlodna_25_klamka_III_p-1-746x1024.jpeg 746w, http:\/\/lapidarium.fundacja-hereditas.pl\/wp-content\/uploads\/2024\/05\/Joanna_Lipnicka_Warszawa_Chlodna_25_klamka_III_p-1-218x300.jpeg 218w, http:\/\/lapidarium.fundacja-hereditas.pl\/wp-content\/uploads\/2024\/05\/Joanna_Lipnicka_Warszawa_Chlodna_25_klamka_III_p-1-768x1055.jpeg 768w, http:\/\/lapidarium.fundacja-hereditas.pl\/wp-content\/uploads\/2024\/05\/Joanna_Lipnicka_Warszawa_Chlodna_25_klamka_III_p-1-1118x1536.jpeg 1118w, http:\/\/lapidarium.fundacja-hereditas.pl\/wp-content\/uploads\/2024\/05\/Joanna_Lipnicka_Warszawa_Chlodna_25_klamka_III_p-1-1491x2048.jpeg 1491w, http:\/\/lapidarium.fundacja-hereditas.pl\/wp-content\/uploads\/2024\/05\/Joanna_Lipnicka_Warszawa_Chlodna_25_klamka_III_p-1-150x206.jpeg 150w, http:\/\/lapidarium.fundacja-hereditas.pl\/wp-content\/uploads\/2024\/05\/Joanna_Lipnicka_Warszawa_Chlodna_25_klamka_III_p-1-300x412.jpeg 300w, http:\/\/lapidarium.fundacja-hereditas.pl\/wp-content\/uploads\/2024\/05\/Joanna_Lipnicka_Warszawa_Chlodna_25_klamka_III_p-1-696x956.jpeg 696w, http:\/\/lapidarium.fundacja-hereditas.pl\/wp-content\/uploads\/2024\/05\/Joanna_Lipnicka_Warszawa_Chlodna_25_klamka_III_p-1-1068x1467.jpeg 1068w, http:\/\/lapidarium.fundacja-hereditas.pl\/wp-content\/uploads\/2024\/05\/Joanna_Lipnicka_Warszawa_Chlodna_25_klamka_III_p-1-1920x2637.jpeg 1920w, http:\/\/lapidarium.fundacja-hereditas.pl\/wp-content\/uploads\/2024\/05\/Joanna_Lipnicka_Warszawa_Chlodna_25_klamka_III_p-1-scaled.jpeg 1864w\" sizes=\"auto, (max-width: 746px) 100vw, 746px\" \/><\/a><figcaption class=\"wp-element-caption\">Klatka od ul. Ch\u0142odnej. Klamka u drzwi do mieszkania na III-cim pi\u0119trze. Fot. Joanna Lipnicka, 2023 r., \u017ar\u00f3d\u0142o: MWKZ.<\/figcaption><\/figure>\n\n\n\n<figure class=\"wp-block-image size-large\"><a href=\"http:\/\/lapidarium.fundacja-hereditas.pl\/wp-content\/uploads\/2024\/05\/Joanna_Lipnicka_Warszawa_Chlodna_25_posadzka_spocznika_wzor-1-scaled.jpeg\"><img loading=\"lazy\" decoding=\"async\" width=\"758\" height=\"1024\" data-id=\"24779\" src=\"http:\/\/lapidarium.fundacja-hereditas.pl\/wp-content\/uploads\/2024\/05\/Joanna_Lipnicka_Warszawa_Chlodna_25_posadzka_spocznika_wzor-1-758x1024.jpeg\" alt=\"\" class=\"wp-image-24779\" srcset=\"http:\/\/lapidarium.fundacja-hereditas.pl\/wp-content\/uploads\/2024\/05\/Joanna_Lipnicka_Warszawa_Chlodna_25_posadzka_spocznika_wzor-1-758x1024.jpeg 758w, http:\/\/lapidarium.fundacja-hereditas.pl\/wp-content\/uploads\/2024\/05\/Joanna_Lipnicka_Warszawa_Chlodna_25_posadzka_spocznika_wzor-1-222x300.jpeg 222w, http:\/\/lapidarium.fundacja-hereditas.pl\/wp-content\/uploads\/2024\/05\/Joanna_Lipnicka_Warszawa_Chlodna_25_posadzka_spocznika_wzor-1-768x1038.jpeg 768w, http:\/\/lapidarium.fundacja-hereditas.pl\/wp-content\/uploads\/2024\/05\/Joanna_Lipnicka_Warszawa_Chlodna_25_posadzka_spocznika_wzor-1-1137x1536.jpeg 1137w, http:\/\/lapidarium.fundacja-hereditas.pl\/wp-content\/uploads\/2024\/05\/Joanna_Lipnicka_Warszawa_Chlodna_25_posadzka_spocznika_wzor-1-1516x2048.jpeg 1516w, http:\/\/lapidarium.fundacja-hereditas.pl\/wp-content\/uploads\/2024\/05\/Joanna_Lipnicka_Warszawa_Chlodna_25_posadzka_spocznika_wzor-1-150x203.jpeg 150w, http:\/\/lapidarium.fundacja-hereditas.pl\/wp-content\/uploads\/2024\/05\/Joanna_Lipnicka_Warszawa_Chlodna_25_posadzka_spocznika_wzor-1-300x405.jpeg 300w, http:\/\/lapidarium.fundacja-hereditas.pl\/wp-content\/uploads\/2024\/05\/Joanna_Lipnicka_Warszawa_Chlodna_25_posadzka_spocznika_wzor-1-696x940.jpeg 696w, http:\/\/lapidarium.fundacja-hereditas.pl\/wp-content\/uploads\/2024\/05\/Joanna_Lipnicka_Warszawa_Chlodna_25_posadzka_spocznika_wzor-1-1068x1443.jpeg 1068w, http:\/\/lapidarium.fundacja-hereditas.pl\/wp-content\/uploads\/2024\/05\/Joanna_Lipnicka_Warszawa_Chlodna_25_posadzka_spocznika_wzor-1-1920x2594.jpeg 1920w, http:\/\/lapidarium.fundacja-hereditas.pl\/wp-content\/uploads\/2024\/05\/Joanna_Lipnicka_Warszawa_Chlodna_25_posadzka_spocznika_wzor-1-scaled.jpeg 1895w\" sizes=\"auto, (max-width: 758px) 100vw, 758px\" \/><\/a><figcaption class=\"wp-element-caption\">Klatka od ul. Ch\u0142odnej. Widok na spocznik. Fot. Joanna Lipnicka, 2023 r., \u017ar\u00f3d\u0142o: MWKZ.<\/figcaption><\/figure>\n\n\n\n<figure class=\"wp-block-image size-large\"><a href=\"http:\/\/lapidarium.fundacja-hereditas.pl\/wp-content\/uploads\/2024\/05\/E_Dziedziniewicz-Rapca_Warszawa_Zelazna_75A__klatka_glowna_4_pietro_schody_okno-1-scaled.jpg\"><img loading=\"lazy\" decoding=\"async\" width=\"788\" height=\"1024\" data-id=\"24741\" src=\"http:\/\/lapidarium.fundacja-hereditas.pl\/wp-content\/uploads\/2024\/05\/E_Dziedziniewicz-Rapca_Warszawa_Zelazna_75A__klatka_glowna_4_pietro_schody_okno-1-788x1024.jpg\" alt=\"\" class=\"wp-image-24741\" srcset=\"http:\/\/lapidarium.fundacja-hereditas.pl\/wp-content\/uploads\/2024\/05\/E_Dziedziniewicz-Rapca_Warszawa_Zelazna_75A__klatka_glowna_4_pietro_schody_okno-1-788x1024.jpg 788w, http:\/\/lapidarium.fundacja-hereditas.pl\/wp-content\/uploads\/2024\/05\/E_Dziedziniewicz-Rapca_Warszawa_Zelazna_75A__klatka_glowna_4_pietro_schody_okno-1-231x300.jpg 231w, http:\/\/lapidarium.fundacja-hereditas.pl\/wp-content\/uploads\/2024\/05\/E_Dziedziniewicz-Rapca_Warszawa_Zelazna_75A__klatka_glowna_4_pietro_schody_okno-1-768x998.jpg 768w, http:\/\/lapidarium.fundacja-hereditas.pl\/wp-content\/uploads\/2024\/05\/E_Dziedziniewicz-Rapca_Warszawa_Zelazna_75A__klatka_glowna_4_pietro_schody_okno-1-1182x1536.jpg 1182w, http:\/\/lapidarium.fundacja-hereditas.pl\/wp-content\/uploads\/2024\/05\/E_Dziedziniewicz-Rapca_Warszawa_Zelazna_75A__klatka_glowna_4_pietro_schody_okno-1-1576x2048.jpg 1576w, http:\/\/lapidarium.fundacja-hereditas.pl\/wp-content\/uploads\/2024\/05\/E_Dziedziniewicz-Rapca_Warszawa_Zelazna_75A__klatka_glowna_4_pietro_schody_okno-1-150x195.jpg 150w, http:\/\/lapidarium.fundacja-hereditas.pl\/wp-content\/uploads\/2024\/05\/E_Dziedziniewicz-Rapca_Warszawa_Zelazna_75A__klatka_glowna_4_pietro_schody_okno-1-300x390.jpg 300w, http:\/\/lapidarium.fundacja-hereditas.pl\/wp-content\/uploads\/2024\/05\/E_Dziedziniewicz-Rapca_Warszawa_Zelazna_75A__klatka_glowna_4_pietro_schody_okno-1-696x905.jpg 696w, http:\/\/lapidarium.fundacja-hereditas.pl\/wp-content\/uploads\/2024\/05\/E_Dziedziniewicz-Rapca_Warszawa_Zelazna_75A__klatka_glowna_4_pietro_schody_okno-1-1068x1388.jpg 1068w, http:\/\/lapidarium.fundacja-hereditas.pl\/wp-content\/uploads\/2024\/05\/E_Dziedziniewicz-Rapca_Warszawa_Zelazna_75A__klatka_glowna_4_pietro_schody_okno-1-1920x2496.jpg 1920w, http:\/\/lapidarium.fundacja-hereditas.pl\/wp-content\/uploads\/2024\/05\/E_Dziedziniewicz-Rapca_Warszawa_Zelazna_75A__klatka_glowna_4_pietro_schody_okno-1-scaled.jpg 1969w\" sizes=\"auto, (max-width: 788px) 100vw, 788px\" \/><\/a><figcaption class=\"wp-element-caption\">Klatka od ul. Ch\u0142odnej. Widok na spocznik z IV-go pi\u0119tra. Fot. Ewa Dziedziniewicz-R\u0105pca, 2023 r., \u017ar\u00f3d\u0142o: MWKZ.<\/figcaption><\/figure>\n\n\n\n<figure class=\"wp-block-image size-large\"><a href=\"http:\/\/lapidarium.fundacja-hereditas.pl\/wp-content\/uploads\/2024\/05\/Joanna_Lipnicka_Warszawa_Chlodna_25_schody_spocznik-1-scaled.jpeg\"><img loading=\"lazy\" decoding=\"async\" width=\"795\" height=\"1024\" data-id=\"24780\" src=\"http:\/\/lapidarium.fundacja-hereditas.pl\/wp-content\/uploads\/2024\/05\/Joanna_Lipnicka_Warszawa_Chlodna_25_schody_spocznik-1-795x1024.jpeg\" alt=\"\" class=\"wp-image-24780\" srcset=\"http:\/\/lapidarium.fundacja-hereditas.pl\/wp-content\/uploads\/2024\/05\/Joanna_Lipnicka_Warszawa_Chlodna_25_schody_spocznik-1-795x1024.jpeg 795w, http:\/\/lapidarium.fundacja-hereditas.pl\/wp-content\/uploads\/2024\/05\/Joanna_Lipnicka_Warszawa_Chlodna_25_schody_spocznik-1-233x300.jpeg 233w, http:\/\/lapidarium.fundacja-hereditas.pl\/wp-content\/uploads\/2024\/05\/Joanna_Lipnicka_Warszawa_Chlodna_25_schody_spocznik-1-768x989.jpeg 768w, http:\/\/lapidarium.fundacja-hereditas.pl\/wp-content\/uploads\/2024\/05\/Joanna_Lipnicka_Warszawa_Chlodna_25_schody_spocznik-1-1193x1536.jpeg 1193w, http:\/\/lapidarium.fundacja-hereditas.pl\/wp-content\/uploads\/2024\/05\/Joanna_Lipnicka_Warszawa_Chlodna_25_schody_spocznik-1-1590x2048.jpeg 1590w, http:\/\/lapidarium.fundacja-hereditas.pl\/wp-content\/uploads\/2024\/05\/Joanna_Lipnicka_Warszawa_Chlodna_25_schody_spocznik-1-150x193.jpeg 150w, http:\/\/lapidarium.fundacja-hereditas.pl\/wp-content\/uploads\/2024\/05\/Joanna_Lipnicka_Warszawa_Chlodna_25_schody_spocznik-1-300x386.jpeg 300w, http:\/\/lapidarium.fundacja-hereditas.pl\/wp-content\/uploads\/2024\/05\/Joanna_Lipnicka_Warszawa_Chlodna_25_schody_spocznik-1-696x896.jpeg 696w, http:\/\/lapidarium.fundacja-hereditas.pl\/wp-content\/uploads\/2024\/05\/Joanna_Lipnicka_Warszawa_Chlodna_25_schody_spocznik-1-1068x1375.jpeg 1068w, http:\/\/lapidarium.fundacja-hereditas.pl\/wp-content\/uploads\/2024\/05\/Joanna_Lipnicka_Warszawa_Chlodna_25_schody_spocznik-1-1920x2472.jpeg 1920w, http:\/\/lapidarium.fundacja-hereditas.pl\/wp-content\/uploads\/2024\/05\/Joanna_Lipnicka_Warszawa_Chlodna_25_schody_spocznik-1-scaled.jpeg 1988w\" sizes=\"auto, (max-width: 795px) 100vw, 795px\" \/><\/a><figcaption class=\"wp-element-caption\">Klatka od ul. Ch\u0142odnej. Widok na spocznik. Liczne \u015blady po od\u0142amkach (na lastrico). Fot. Joanna Lipnicka, 2023 r., \u017ar\u00f3d\u0142o: MWKZ.<\/figcaption><\/figure>\n\n\n\n<figure class=\"wp-block-image size-large\"><a href=\"http:\/\/lapidarium.fundacja-hereditas.pl\/wp-content\/uploads\/2024\/05\/Joanna_Lipnicka_Warszawa_Chlodna_25_klatka_posadzka_powtarzalny_wzor_lastryko-1-scaled.jpeg\"><img loading=\"lazy\" decoding=\"async\" width=\"771\" height=\"1024\" data-id=\"24766\" src=\"http:\/\/lapidarium.fundacja-hereditas.pl\/wp-content\/uploads\/2024\/05\/Joanna_Lipnicka_Warszawa_Chlodna_25_klatka_posadzka_powtarzalny_wzor_lastryko-1-771x1024.jpeg\" alt=\"\" class=\"wp-image-24766\" srcset=\"http:\/\/lapidarium.fundacja-hereditas.pl\/wp-content\/uploads\/2024\/05\/Joanna_Lipnicka_Warszawa_Chlodna_25_klatka_posadzka_powtarzalny_wzor_lastryko-1-771x1024.jpeg 771w, http:\/\/lapidarium.fundacja-hereditas.pl\/wp-content\/uploads\/2024\/05\/Joanna_Lipnicka_Warszawa_Chlodna_25_klatka_posadzka_powtarzalny_wzor_lastryko-1-226x300.jpeg 226w, http:\/\/lapidarium.fundacja-hereditas.pl\/wp-content\/uploads\/2024\/05\/Joanna_Lipnicka_Warszawa_Chlodna_25_klatka_posadzka_powtarzalny_wzor_lastryko-1-768x1020.jpeg 768w, http:\/\/lapidarium.fundacja-hereditas.pl\/wp-content\/uploads\/2024\/05\/Joanna_Lipnicka_Warszawa_Chlodna_25_klatka_posadzka_powtarzalny_wzor_lastryko-1-1156x1536.jpeg 1156w, http:\/\/lapidarium.fundacja-hereditas.pl\/wp-content\/uploads\/2024\/05\/Joanna_Lipnicka_Warszawa_Chlodna_25_klatka_posadzka_powtarzalny_wzor_lastryko-1-1541x2048.jpeg 1541w, http:\/\/lapidarium.fundacja-hereditas.pl\/wp-content\/uploads\/2024\/05\/Joanna_Lipnicka_Warszawa_Chlodna_25_klatka_posadzka_powtarzalny_wzor_lastryko-1-150x199.jpeg 150w, http:\/\/lapidarium.fundacja-hereditas.pl\/wp-content\/uploads\/2024\/05\/Joanna_Lipnicka_Warszawa_Chlodna_25_klatka_posadzka_powtarzalny_wzor_lastryko-1-300x399.jpeg 300w, http:\/\/lapidarium.fundacja-hereditas.pl\/wp-content\/uploads\/2024\/05\/Joanna_Lipnicka_Warszawa_Chlodna_25_klatka_posadzka_powtarzalny_wzor_lastryko-1-696x925.jpeg 696w, http:\/\/lapidarium.fundacja-hereditas.pl\/wp-content\/uploads\/2024\/05\/Joanna_Lipnicka_Warszawa_Chlodna_25_klatka_posadzka_powtarzalny_wzor_lastryko-1-1068x1419.jpeg 1068w, http:\/\/lapidarium.fundacja-hereditas.pl\/wp-content\/uploads\/2024\/05\/Joanna_Lipnicka_Warszawa_Chlodna_25_klatka_posadzka_powtarzalny_wzor_lastryko-1-1920x2551.jpeg 1920w, http:\/\/lapidarium.fundacja-hereditas.pl\/wp-content\/uploads\/2024\/05\/Joanna_Lipnicka_Warszawa_Chlodna_25_klatka_posadzka_powtarzalny_wzor_lastryko-1-scaled.jpeg 1927w\" sizes=\"auto, (max-width: 771px) 100vw, 771px\" \/><\/a><figcaption class=\"wp-element-caption\">Klatka od ul. Ch\u0142odnej. Widok na spocznik. Fot. Joanna Lipnicka, 2023 r., \u017ar\u00f3d\u0142o: MWKZ.<\/figcaption><\/figure>\n\n\n\n<figure class=\"wp-block-image size-large\"><a href=\"http:\/\/lapidarium.fundacja-hereditas.pl\/wp-content\/uploads\/2024\/05\/Joanna_Lipnicka_Warszawa_Chlodna_25_spocznik_lastryko_wzor-1-scaled.jpeg\"><img loading=\"lazy\" decoding=\"async\" width=\"837\" height=\"1024\" data-id=\"24781\" src=\"http:\/\/lapidarium.fundacja-hereditas.pl\/wp-content\/uploads\/2024\/05\/Joanna_Lipnicka_Warszawa_Chlodna_25_spocznik_lastryko_wzor-1-837x1024.jpeg\" alt=\"\" class=\"wp-image-24781\" srcset=\"http:\/\/lapidarium.fundacja-hereditas.pl\/wp-content\/uploads\/2024\/05\/Joanna_Lipnicka_Warszawa_Chlodna_25_spocznik_lastryko_wzor-1-837x1024.jpeg 837w, http:\/\/lapidarium.fundacja-hereditas.pl\/wp-content\/uploads\/2024\/05\/Joanna_Lipnicka_Warszawa_Chlodna_25_spocznik_lastryko_wzor-1-245x300.jpeg 245w, http:\/\/lapidarium.fundacja-hereditas.pl\/wp-content\/uploads\/2024\/05\/Joanna_Lipnicka_Warszawa_Chlodna_25_spocznik_lastryko_wzor-1-768x939.jpeg 768w, http:\/\/lapidarium.fundacja-hereditas.pl\/wp-content\/uploads\/2024\/05\/Joanna_Lipnicka_Warszawa_Chlodna_25_spocznik_lastryko_wzor-1-1256x1536.jpeg 1256w, http:\/\/lapidarium.fundacja-hereditas.pl\/wp-content\/uploads\/2024\/05\/Joanna_Lipnicka_Warszawa_Chlodna_25_spocznik_lastryko_wzor-1-1675x2048.jpeg 1675w, http:\/\/lapidarium.fundacja-hereditas.pl\/wp-content\/uploads\/2024\/05\/Joanna_Lipnicka_Warszawa_Chlodna_25_spocznik_lastryko_wzor-1-150x183.jpeg 150w, http:\/\/lapidarium.fundacja-hereditas.pl\/wp-content\/uploads\/2024\/05\/Joanna_Lipnicka_Warszawa_Chlodna_25_spocznik_lastryko_wzor-1-300x367.jpeg 300w, http:\/\/lapidarium.fundacja-hereditas.pl\/wp-content\/uploads\/2024\/05\/Joanna_Lipnicka_Warszawa_Chlodna_25_spocznik_lastryko_wzor-1-696x851.jpeg 696w, http:\/\/lapidarium.fundacja-hereditas.pl\/wp-content\/uploads\/2024\/05\/Joanna_Lipnicka_Warszawa_Chlodna_25_spocznik_lastryko_wzor-1-1068x1306.jpeg 1068w, http:\/\/lapidarium.fundacja-hereditas.pl\/wp-content\/uploads\/2024\/05\/Joanna_Lipnicka_Warszawa_Chlodna_25_spocznik_lastryko_wzor-1-1920x2348.jpeg 1920w\" sizes=\"auto, (max-width: 837px) 100vw, 837px\" \/><\/a><figcaption class=\"wp-element-caption\">Klatka od ul. Ch\u0142odnej. Lastrico schod\u00f3w. Fot. Joanna Lipnicka, 2023 r., \u017ar\u00f3d\u0142o: MWKZ.<\/figcaption><\/figure>\n\n\n\n<figure class=\"wp-block-image size-large\"><a href=\"http:\/\/lapidarium.fundacja-hereditas.pl\/wp-content\/uploads\/2024\/05\/Joanna_Lipnicka_Warszawa_Chlodna_25_posadzka_korytarz_od_podworka-1-scaled.jpeg\"><img loading=\"lazy\" decoding=\"async\" width=\"771\" height=\"1024\" data-id=\"24778\" src=\"http:\/\/lapidarium.fundacja-hereditas.pl\/wp-content\/uploads\/2024\/05\/Joanna_Lipnicka_Warszawa_Chlodna_25_posadzka_korytarz_od_podworka-1-771x1024.jpeg\" alt=\"\" class=\"wp-image-24778\" srcset=\"http:\/\/lapidarium.fundacja-hereditas.pl\/wp-content\/uploads\/2024\/05\/Joanna_Lipnicka_Warszawa_Chlodna_25_posadzka_korytarz_od_podworka-1-771x1024.jpeg 771w, http:\/\/lapidarium.fundacja-hereditas.pl\/wp-content\/uploads\/2024\/05\/Joanna_Lipnicka_Warszawa_Chlodna_25_posadzka_korytarz_od_podworka-1-226x300.jpeg 226w, http:\/\/lapidarium.fundacja-hereditas.pl\/wp-content\/uploads\/2024\/05\/Joanna_Lipnicka_Warszawa_Chlodna_25_posadzka_korytarz_od_podworka-1-768x1020.jpeg 768w, http:\/\/lapidarium.fundacja-hereditas.pl\/wp-content\/uploads\/2024\/05\/Joanna_Lipnicka_Warszawa_Chlodna_25_posadzka_korytarz_od_podworka-1-1156x1536.jpeg 1156w, http:\/\/lapidarium.fundacja-hereditas.pl\/wp-content\/uploads\/2024\/05\/Joanna_Lipnicka_Warszawa_Chlodna_25_posadzka_korytarz_od_podworka-1-1541x2048.jpeg 1541w, http:\/\/lapidarium.fundacja-hereditas.pl\/wp-content\/uploads\/2024\/05\/Joanna_Lipnicka_Warszawa_Chlodna_25_posadzka_korytarz_od_podworka-1-150x199.jpeg 150w, http:\/\/lapidarium.fundacja-hereditas.pl\/wp-content\/uploads\/2024\/05\/Joanna_Lipnicka_Warszawa_Chlodna_25_posadzka_korytarz_od_podworka-1-300x399.jpeg 300w, http:\/\/lapidarium.fundacja-hereditas.pl\/wp-content\/uploads\/2024\/05\/Joanna_Lipnicka_Warszawa_Chlodna_25_posadzka_korytarz_od_podworka-1-696x925.jpeg 696w, http:\/\/lapidarium.fundacja-hereditas.pl\/wp-content\/uploads\/2024\/05\/Joanna_Lipnicka_Warszawa_Chlodna_25_posadzka_korytarz_od_podworka-1-1068x1419.jpeg 1068w, http:\/\/lapidarium.fundacja-hereditas.pl\/wp-content\/uploads\/2024\/05\/Joanna_Lipnicka_Warszawa_Chlodna_25_posadzka_korytarz_od_podworka-1-1920x2551.jpeg 1920w, http:\/\/lapidarium.fundacja-hereditas.pl\/wp-content\/uploads\/2024\/05\/Joanna_Lipnicka_Warszawa_Chlodna_25_posadzka_korytarz_od_podworka-1-scaled.jpeg 1927w\" sizes=\"auto, (max-width: 771px) 100vw, 771px\" \/><\/a><figcaption class=\"wp-element-caption\">Klatka od ul. Ch\u0142odnej. Parter &#8211; \u015blady krwi z powstania (1944), wsi\u0105k\u0142ej w lastrico. Fot. Joanna Lipnicka, 2023 r., \u017ar\u00f3d\u0142o: MWKZ.<\/figcaption><\/figure>\n\n\n\n<figure class=\"wp-block-image size-large\"><a href=\"http:\/\/lapidarium.fundacja-hereditas.pl\/wp-content\/uploads\/2024\/05\/Joanna_Lipnicka_Warszawa_Chlodna_25_obudowa_windy-1-scaled.jpeg\"><img loading=\"lazy\" decoding=\"async\" width=\"771\" height=\"1024\" data-id=\"24777\" src=\"http:\/\/lapidarium.fundacja-hereditas.pl\/wp-content\/uploads\/2024\/05\/Joanna_Lipnicka_Warszawa_Chlodna_25_obudowa_windy-1-771x1024.jpeg\" alt=\"\" class=\"wp-image-24777\" srcset=\"http:\/\/lapidarium.fundacja-hereditas.pl\/wp-content\/uploads\/2024\/05\/Joanna_Lipnicka_Warszawa_Chlodna_25_obudowa_windy-1-771x1024.jpeg 771w, http:\/\/lapidarium.fundacja-hereditas.pl\/wp-content\/uploads\/2024\/05\/Joanna_Lipnicka_Warszawa_Chlodna_25_obudowa_windy-1-226x300.jpeg 226w, http:\/\/lapidarium.fundacja-hereditas.pl\/wp-content\/uploads\/2024\/05\/Joanna_Lipnicka_Warszawa_Chlodna_25_obudowa_windy-1-768x1020.jpeg 768w, http:\/\/lapidarium.fundacja-hereditas.pl\/wp-content\/uploads\/2024\/05\/Joanna_Lipnicka_Warszawa_Chlodna_25_obudowa_windy-1-1156x1536.jpeg 1156w, http:\/\/lapidarium.fundacja-hereditas.pl\/wp-content\/uploads\/2024\/05\/Joanna_Lipnicka_Warszawa_Chlodna_25_obudowa_windy-1-1541x2048.jpeg 1541w, http:\/\/lapidarium.fundacja-hereditas.pl\/wp-content\/uploads\/2024\/05\/Joanna_Lipnicka_Warszawa_Chlodna_25_obudowa_windy-1-150x199.jpeg 150w, http:\/\/lapidarium.fundacja-hereditas.pl\/wp-content\/uploads\/2024\/05\/Joanna_Lipnicka_Warszawa_Chlodna_25_obudowa_windy-1-300x399.jpeg 300w, http:\/\/lapidarium.fundacja-hereditas.pl\/wp-content\/uploads\/2024\/05\/Joanna_Lipnicka_Warszawa_Chlodna_25_obudowa_windy-1-696x925.jpeg 696w, http:\/\/lapidarium.fundacja-hereditas.pl\/wp-content\/uploads\/2024\/05\/Joanna_Lipnicka_Warszawa_Chlodna_25_obudowa_windy-1-1068x1419.jpeg 1068w, http:\/\/lapidarium.fundacja-hereditas.pl\/wp-content\/uploads\/2024\/05\/Joanna_Lipnicka_Warszawa_Chlodna_25_obudowa_windy-1-1920x2551.jpeg 1920w, http:\/\/lapidarium.fundacja-hereditas.pl\/wp-content\/uploads\/2024\/05\/Joanna_Lipnicka_Warszawa_Chlodna_25_obudowa_windy-1-scaled.jpeg 1927w\" sizes=\"auto, (max-width: 771px) 100vw, 771px\" \/><\/a><figcaption class=\"wp-element-caption\">Klatka od ul. Ch\u0142odnej. Widok na spocznik. Z lewej obudowa szybu windy. Fot. Joanna Lipnicka, 2023 r., \u017ar\u00f3d\u0142o: MWKZ.<\/figcaption><\/figure>\n\n\n\n<figure class=\"wp-block-image size-large\"><a href=\"http:\/\/lapidarium.fundacja-hereditas.pl\/wp-content\/uploads\/2024\/05\/Joanna_Lipnicka_Warszawa_Chlodna_25_obudowa_szybu_windy_polpietro-1-scaled.jpeg\"><img loading=\"lazy\" decoding=\"async\" width=\"790\" height=\"1024\" data-id=\"24776\" src=\"http:\/\/lapidarium.fundacja-hereditas.pl\/wp-content\/uploads\/2024\/05\/Joanna_Lipnicka_Warszawa_Chlodna_25_obudowa_szybu_windy_polpietro-1-790x1024.jpeg\" alt=\"\" class=\"wp-image-24776\" srcset=\"http:\/\/lapidarium.fundacja-hereditas.pl\/wp-content\/uploads\/2024\/05\/Joanna_Lipnicka_Warszawa_Chlodna_25_obudowa_szybu_windy_polpietro-1-790x1024.jpeg 790w, http:\/\/lapidarium.fundacja-hereditas.pl\/wp-content\/uploads\/2024\/05\/Joanna_Lipnicka_Warszawa_Chlodna_25_obudowa_szybu_windy_polpietro-1-231x300.jpeg 231w, http:\/\/lapidarium.fundacja-hereditas.pl\/wp-content\/uploads\/2024\/05\/Joanna_Lipnicka_Warszawa_Chlodna_25_obudowa_szybu_windy_polpietro-1-768x996.jpeg 768w, http:\/\/lapidarium.fundacja-hereditas.pl\/wp-content\/uploads\/2024\/05\/Joanna_Lipnicka_Warszawa_Chlodna_25_obudowa_szybu_windy_polpietro-1-1184x1536.jpeg 1184w, http:\/\/lapidarium.fundacja-hereditas.pl\/wp-content\/uploads\/2024\/05\/Joanna_Lipnicka_Warszawa_Chlodna_25_obudowa_szybu_windy_polpietro-1-1579x2048.jpeg 1579w, http:\/\/lapidarium.fundacja-hereditas.pl\/wp-content\/uploads\/2024\/05\/Joanna_Lipnicka_Warszawa_Chlodna_25_obudowa_szybu_windy_polpietro-1-150x195.jpeg 150w, http:\/\/lapidarium.fundacja-hereditas.pl\/wp-content\/uploads\/2024\/05\/Joanna_Lipnicka_Warszawa_Chlodna_25_obudowa_szybu_windy_polpietro-1-300x389.jpeg 300w, http:\/\/lapidarium.fundacja-hereditas.pl\/wp-content\/uploads\/2024\/05\/Joanna_Lipnicka_Warszawa_Chlodna_25_obudowa_szybu_windy_polpietro-1-696x903.jpeg 696w, http:\/\/lapidarium.fundacja-hereditas.pl\/wp-content\/uploads\/2024\/05\/Joanna_Lipnicka_Warszawa_Chlodna_25_obudowa_szybu_windy_polpietro-1-1068x1385.jpeg 1068w, http:\/\/lapidarium.fundacja-hereditas.pl\/wp-content\/uploads\/2024\/05\/Joanna_Lipnicka_Warszawa_Chlodna_25_obudowa_szybu_windy_polpietro-1-1920x2490.jpeg 1920w, http:\/\/lapidarium.fundacja-hereditas.pl\/wp-content\/uploads\/2024\/05\/Joanna_Lipnicka_Warszawa_Chlodna_25_obudowa_szybu_windy_polpietro-1-scaled.jpeg 1974w\" sizes=\"auto, (max-width: 790px) 100vw, 790px\" \/><\/a><figcaption class=\"wp-element-caption\">Klatka od ul. Ch\u0142odnej. Obudowa szybu windy. Fot. Joanna Lipnicka, 2023 r., \u017ar\u00f3d\u0142o: MWKZ.<\/figcaption><\/figure>\n\n\n\n<figure class=\"wp-block-image size-large\"><a href=\"http:\/\/lapidarium.fundacja-hereditas.pl\/wp-content\/uploads\/2024\/05\/Joanna_Lipnicka_Warszawa_Chlodna_25_obudowa_szybu_windy_III_p-1-scaled.jpeg\"><img loading=\"lazy\" decoding=\"async\" width=\"773\" height=\"1024\" data-id=\"24774\" src=\"http:\/\/lapidarium.fundacja-hereditas.pl\/wp-content\/uploads\/2024\/05\/Joanna_Lipnicka_Warszawa_Chlodna_25_obudowa_szybu_windy_III_p-1-773x1024.jpeg\" alt=\"\" class=\"wp-image-24774\" srcset=\"http:\/\/lapidarium.fundacja-hereditas.pl\/wp-content\/uploads\/2024\/05\/Joanna_Lipnicka_Warszawa_Chlodna_25_obudowa_szybu_windy_III_p-1-773x1024.jpeg 773w, http:\/\/lapidarium.fundacja-hereditas.pl\/wp-content\/uploads\/2024\/05\/Joanna_Lipnicka_Warszawa_Chlodna_25_obudowa_szybu_windy_III_p-1-227x300.jpeg 227w, http:\/\/lapidarium.fundacja-hereditas.pl\/wp-content\/uploads\/2024\/05\/Joanna_Lipnicka_Warszawa_Chlodna_25_obudowa_szybu_windy_III_p-1-768x1017.jpeg 768w, http:\/\/lapidarium.fundacja-hereditas.pl\/wp-content\/uploads\/2024\/05\/Joanna_Lipnicka_Warszawa_Chlodna_25_obudowa_szybu_windy_III_p-1-1160x1536.jpeg 1160w, http:\/\/lapidarium.fundacja-hereditas.pl\/wp-content\/uploads\/2024\/05\/Joanna_Lipnicka_Warszawa_Chlodna_25_obudowa_szybu_windy_III_p-1-1546x2048.jpeg 1546w, http:\/\/lapidarium.fundacja-hereditas.pl\/wp-content\/uploads\/2024\/05\/Joanna_Lipnicka_Warszawa_Chlodna_25_obudowa_szybu_windy_III_p-1-150x199.jpeg 150w, http:\/\/lapidarium.fundacja-hereditas.pl\/wp-content\/uploads\/2024\/05\/Joanna_Lipnicka_Warszawa_Chlodna_25_obudowa_szybu_windy_III_p-1-300x397.jpeg 300w, http:\/\/lapidarium.fundacja-hereditas.pl\/wp-content\/uploads\/2024\/05\/Joanna_Lipnicka_Warszawa_Chlodna_25_obudowa_szybu_windy_III_p-1-696x922.jpeg 696w, http:\/\/lapidarium.fundacja-hereditas.pl\/wp-content\/uploads\/2024\/05\/Joanna_Lipnicka_Warszawa_Chlodna_25_obudowa_szybu_windy_III_p-1-1068x1414.jpeg 1068w, http:\/\/lapidarium.fundacja-hereditas.pl\/wp-content\/uploads\/2024\/05\/Joanna_Lipnicka_Warszawa_Chlodna_25_obudowa_szybu_windy_III_p-1-1920x2543.jpeg 1920w, http:\/\/lapidarium.fundacja-hereditas.pl\/wp-content\/uploads\/2024\/05\/Joanna_Lipnicka_Warszawa_Chlodna_25_obudowa_szybu_windy_III_p-1-scaled.jpeg 1933w\" sizes=\"auto, (max-width: 773px) 100vw, 773px\" \/><\/a><figcaption class=\"wp-element-caption\">Klatka od ul. Ch\u0142odnej. Obudowa szybu windy. Fot. Joanna Lipnicka, 2023 r., \u017ar\u00f3d\u0142o: MWKZ.<\/figcaption><\/figure>\n\n\n\n<figure class=\"wp-block-image size-large\"><a href=\"http:\/\/lapidarium.fundacja-hereditas.pl\/wp-content\/uploads\/2024\/05\/Joanna_Lipnicka_Warszawa_Chlodna_25_klatka_posadzka_III_p-1-scaled.jpeg\"><img loading=\"lazy\" decoding=\"async\" width=\"796\" height=\"1024\" data-id=\"24765\" src=\"http:\/\/lapidarium.fundacja-hereditas.pl\/wp-content\/uploads\/2024\/05\/Joanna_Lipnicka_Warszawa_Chlodna_25_klatka_posadzka_III_p-1-796x1024.jpeg\" alt=\"\" class=\"wp-image-24765\" srcset=\"http:\/\/lapidarium.fundacja-hereditas.pl\/wp-content\/uploads\/2024\/05\/Joanna_Lipnicka_Warszawa_Chlodna_25_klatka_posadzka_III_p-1-796x1024.jpeg 796w, http:\/\/lapidarium.fundacja-hereditas.pl\/wp-content\/uploads\/2024\/05\/Joanna_Lipnicka_Warszawa_Chlodna_25_klatka_posadzka_III_p-1-233x300.jpeg 233w, http:\/\/lapidarium.fundacja-hereditas.pl\/wp-content\/uploads\/2024\/05\/Joanna_Lipnicka_Warszawa_Chlodna_25_klatka_posadzka_III_p-1-768x988.jpeg 768w, http:\/\/lapidarium.fundacja-hereditas.pl\/wp-content\/uploads\/2024\/05\/Joanna_Lipnicka_Warszawa_Chlodna_25_klatka_posadzka_III_p-1-1194x1536.jpeg 1194w, http:\/\/lapidarium.fundacja-hereditas.pl\/wp-content\/uploads\/2024\/05\/Joanna_Lipnicka_Warszawa_Chlodna_25_klatka_posadzka_III_p-1-1592x2048.jpeg 1592w, http:\/\/lapidarium.fundacja-hereditas.pl\/wp-content\/uploads\/2024\/05\/Joanna_Lipnicka_Warszawa_Chlodna_25_klatka_posadzka_III_p-1-150x193.jpeg 150w, http:\/\/lapidarium.fundacja-hereditas.pl\/wp-content\/uploads\/2024\/05\/Joanna_Lipnicka_Warszawa_Chlodna_25_klatka_posadzka_III_p-1-300x386.jpeg 300w, http:\/\/lapidarium.fundacja-hereditas.pl\/wp-content\/uploads\/2024\/05\/Joanna_Lipnicka_Warszawa_Chlodna_25_klatka_posadzka_III_p-1-696x896.jpeg 696w, http:\/\/lapidarium.fundacja-hereditas.pl\/wp-content\/uploads\/2024\/05\/Joanna_Lipnicka_Warszawa_Chlodna_25_klatka_posadzka_III_p-1-1068x1374.jpeg 1068w, http:\/\/lapidarium.fundacja-hereditas.pl\/wp-content\/uploads\/2024\/05\/Joanna_Lipnicka_Warszawa_Chlodna_25_klatka_posadzka_III_p-1-1920x2470.jpeg 1920w, http:\/\/lapidarium.fundacja-hereditas.pl\/wp-content\/uploads\/2024\/05\/Joanna_Lipnicka_Warszawa_Chlodna_25_klatka_posadzka_III_p-1-scaled.jpeg 1990w\" sizes=\"auto, (max-width: 796px) 100vw, 796px\" \/><\/a><figcaption class=\"wp-element-caption\">Klatka od ul. Ch\u0142odnej. Posadzka na jednym z pi\u0119ter &#8211; \u015blady krwi z powstania (1944), wsi\u0105k\u0142ej w lastrico. Fot. Joanna Lipnicka, 2023 r., \u017ar\u00f3d\u0142o: MWKZ.<\/figcaption><\/figure>\n\n\n\n<figure class=\"wp-block-image size-large\"><a href=\"http:\/\/lapidarium.fundacja-hereditas.pl\/wp-content\/uploads\/2024\/05\/E_Dziedziniewicz-Rapca_Warszawa_Zelazna_75A__klatka_glowna_5_pietro_posadzka-1-scaled.jpg\"><img loading=\"lazy\" decoding=\"async\" width=\"787\" height=\"1024\" data-id=\"24743\" src=\"http:\/\/lapidarium.fundacja-hereditas.pl\/wp-content\/uploads\/2024\/05\/E_Dziedziniewicz-Rapca_Warszawa_Zelazna_75A__klatka_glowna_5_pietro_posadzka-1-787x1024.jpg\" alt=\"\" class=\"wp-image-24743\" srcset=\"http:\/\/lapidarium.fundacja-hereditas.pl\/wp-content\/uploads\/2024\/05\/E_Dziedziniewicz-Rapca_Warszawa_Zelazna_75A__klatka_glowna_5_pietro_posadzka-1-787x1024.jpg 787w, http:\/\/lapidarium.fundacja-hereditas.pl\/wp-content\/uploads\/2024\/05\/E_Dziedziniewicz-Rapca_Warszawa_Zelazna_75A__klatka_glowna_5_pietro_posadzka-1-230x300.jpg 230w, http:\/\/lapidarium.fundacja-hereditas.pl\/wp-content\/uploads\/2024\/05\/E_Dziedziniewicz-Rapca_Warszawa_Zelazna_75A__klatka_glowna_5_pietro_posadzka-1-768x1000.jpg 768w, http:\/\/lapidarium.fundacja-hereditas.pl\/wp-content\/uploads\/2024\/05\/E_Dziedziniewicz-Rapca_Warszawa_Zelazna_75A__klatka_glowna_5_pietro_posadzka-1-1180x1536.jpg 1180w, http:\/\/lapidarium.fundacja-hereditas.pl\/wp-content\/uploads\/2024\/05\/E_Dziedziniewicz-Rapca_Warszawa_Zelazna_75A__klatka_glowna_5_pietro_posadzka-1-1573x2048.jpg 1573w, http:\/\/lapidarium.fundacja-hereditas.pl\/wp-content\/uploads\/2024\/05\/E_Dziedziniewicz-Rapca_Warszawa_Zelazna_75A__klatka_glowna_5_pietro_posadzka-1-150x195.jpg 150w, http:\/\/lapidarium.fundacja-hereditas.pl\/wp-content\/uploads\/2024\/05\/E_Dziedziniewicz-Rapca_Warszawa_Zelazna_75A__klatka_glowna_5_pietro_posadzka-1-300x391.jpg 300w, http:\/\/lapidarium.fundacja-hereditas.pl\/wp-content\/uploads\/2024\/05\/E_Dziedziniewicz-Rapca_Warszawa_Zelazna_75A__klatka_glowna_5_pietro_posadzka-1-696x906.jpg 696w, http:\/\/lapidarium.fundacja-hereditas.pl\/wp-content\/uploads\/2024\/05\/E_Dziedziniewicz-Rapca_Warszawa_Zelazna_75A__klatka_glowna_5_pietro_posadzka-1-1068x1390.jpg 1068w, http:\/\/lapidarium.fundacja-hereditas.pl\/wp-content\/uploads\/2024\/05\/E_Dziedziniewicz-Rapca_Warszawa_Zelazna_75A__klatka_glowna_5_pietro_posadzka-1-1920x2500.jpg 1920w, http:\/\/lapidarium.fundacja-hereditas.pl\/wp-content\/uploads\/2024\/05\/E_Dziedziniewicz-Rapca_Warszawa_Zelazna_75A__klatka_glowna_5_pietro_posadzka-1-scaled.jpg 1966w\" sizes=\"auto, (max-width: 787px) 100vw, 787px\" \/><\/a><figcaption class=\"wp-element-caption\">Klatka od ul. Ch\u0142odnej. Posadzka V-go pi\u0119ta. Widoczne \u015blady krwi z powstania (1944), wsi\u0105k\u0142ej w lastrico. Fot. Ewa Dziedziniewicz-R\u0105pca, 2023 r., \u017ar\u00f3d\u0142o: MWKZ.<\/figcaption><\/figure>\n\n\n\n<figure class=\"wp-block-image size-large\"><a href=\"http:\/\/lapidarium.fundacja-hereditas.pl\/wp-content\/uploads\/2024\/05\/Joanna_Lipnicka_Warszawa_Chlodna_25_klatka_III_pietro_posadzka-1-scaled.jpeg\"><img loading=\"lazy\" decoding=\"async\" width=\"785\" height=\"1024\" data-id=\"24763\" src=\"http:\/\/lapidarium.fundacja-hereditas.pl\/wp-content\/uploads\/2024\/05\/Joanna_Lipnicka_Warszawa_Chlodna_25_klatka_III_pietro_posadzka-1-785x1024.jpeg\" alt=\"\" class=\"wp-image-24763\" srcset=\"http:\/\/lapidarium.fundacja-hereditas.pl\/wp-content\/uploads\/2024\/05\/Joanna_Lipnicka_Warszawa_Chlodna_25_klatka_III_pietro_posadzka-1-785x1024.jpeg 785w, http:\/\/lapidarium.fundacja-hereditas.pl\/wp-content\/uploads\/2024\/05\/Joanna_Lipnicka_Warszawa_Chlodna_25_klatka_III_pietro_posadzka-1-230x300.jpeg 230w, http:\/\/lapidarium.fundacja-hereditas.pl\/wp-content\/uploads\/2024\/05\/Joanna_Lipnicka_Warszawa_Chlodna_25_klatka_III_pietro_posadzka-1-768x1002.jpeg 768w, http:\/\/lapidarium.fundacja-hereditas.pl\/wp-content\/uploads\/2024\/05\/Joanna_Lipnicka_Warszawa_Chlodna_25_klatka_III_pietro_posadzka-1-1177x1536.jpeg 1177w, http:\/\/lapidarium.fundacja-hereditas.pl\/wp-content\/uploads\/2024\/05\/Joanna_Lipnicka_Warszawa_Chlodna_25_klatka_III_pietro_posadzka-1-1570x2048.jpeg 1570w, http:\/\/lapidarium.fundacja-hereditas.pl\/wp-content\/uploads\/2024\/05\/Joanna_Lipnicka_Warszawa_Chlodna_25_klatka_III_pietro_posadzka-1-150x196.jpeg 150w, http:\/\/lapidarium.fundacja-hereditas.pl\/wp-content\/uploads\/2024\/05\/Joanna_Lipnicka_Warszawa_Chlodna_25_klatka_III_pietro_posadzka-1-300x391.jpeg 300w, http:\/\/lapidarium.fundacja-hereditas.pl\/wp-content\/uploads\/2024\/05\/Joanna_Lipnicka_Warszawa_Chlodna_25_klatka_III_pietro_posadzka-1-696x908.jpeg 696w, http:\/\/lapidarium.fundacja-hereditas.pl\/wp-content\/uploads\/2024\/05\/Joanna_Lipnicka_Warszawa_Chlodna_25_klatka_III_pietro_posadzka-1-1068x1393.jpeg 1068w, http:\/\/lapidarium.fundacja-hereditas.pl\/wp-content\/uploads\/2024\/05\/Joanna_Lipnicka_Warszawa_Chlodna_25_klatka_III_pietro_posadzka-1-1920x2505.jpeg 1920w, http:\/\/lapidarium.fundacja-hereditas.pl\/wp-content\/uploads\/2024\/05\/Joanna_Lipnicka_Warszawa_Chlodna_25_klatka_III_pietro_posadzka-1-scaled.jpeg 1962w\" sizes=\"auto, (max-width: 785px) 100vw, 785px\" \/><\/a><figcaption class=\"wp-element-caption\">Klatka od ul. Ch\u0142odnej. Pi\u0119tro III-cie. Fot. Joanna Lipnicka, 2023 r., \u017ar\u00f3d\u0142o: MWKZ.<\/figcaption><\/figure>\n\n\n\n<figure class=\"wp-block-image size-large\"><a href=\"http:\/\/lapidarium.fundacja-hereditas.pl\/wp-content\/uploads\/2024\/05\/Joanna_Lipnicka_Warszawa_Chlodna_25_klamka_porecz_obudowa_windy-1-scaled.jpeg\"><img loading=\"lazy\" decoding=\"async\" width=\"739\" height=\"1024\" data-id=\"24762\" src=\"http:\/\/lapidarium.fundacja-hereditas.pl\/wp-content\/uploads\/2024\/05\/Joanna_Lipnicka_Warszawa_Chlodna_25_klamka_porecz_obudowa_windy-1-739x1024.jpeg\" alt=\"\" class=\"wp-image-24762\" srcset=\"http:\/\/lapidarium.fundacja-hereditas.pl\/wp-content\/uploads\/2024\/05\/Joanna_Lipnicka_Warszawa_Chlodna_25_klamka_porecz_obudowa_windy-1-739x1024.jpeg 739w, http:\/\/lapidarium.fundacja-hereditas.pl\/wp-content\/uploads\/2024\/05\/Joanna_Lipnicka_Warszawa_Chlodna_25_klamka_porecz_obudowa_windy-1-217x300.jpeg 217w, http:\/\/lapidarium.fundacja-hereditas.pl\/wp-content\/uploads\/2024\/05\/Joanna_Lipnicka_Warszawa_Chlodna_25_klamka_porecz_obudowa_windy-1-768x1064.jpeg 768w, http:\/\/lapidarium.fundacja-hereditas.pl\/wp-content\/uploads\/2024\/05\/Joanna_Lipnicka_Warszawa_Chlodna_25_klamka_porecz_obudowa_windy-1-1109x1536.jpeg 1109w, http:\/\/lapidarium.fundacja-hereditas.pl\/wp-content\/uploads\/2024\/05\/Joanna_Lipnicka_Warszawa_Chlodna_25_klamka_porecz_obudowa_windy-1-1478x2048.jpeg 1478w, http:\/\/lapidarium.fundacja-hereditas.pl\/wp-content\/uploads\/2024\/05\/Joanna_Lipnicka_Warszawa_Chlodna_25_klamka_porecz_obudowa_windy-1-150x208.jpeg 150w, http:\/\/lapidarium.fundacja-hereditas.pl\/wp-content\/uploads\/2024\/05\/Joanna_Lipnicka_Warszawa_Chlodna_25_klamka_porecz_obudowa_windy-1-300x416.jpeg 300w, http:\/\/lapidarium.fundacja-hereditas.pl\/wp-content\/uploads\/2024\/05\/Joanna_Lipnicka_Warszawa_Chlodna_25_klamka_porecz_obudowa_windy-1-696x964.jpeg 696w, http:\/\/lapidarium.fundacja-hereditas.pl\/wp-content\/uploads\/2024\/05\/Joanna_Lipnicka_Warszawa_Chlodna_25_klamka_porecz_obudowa_windy-1-1068x1479.jpeg 1068w, http:\/\/lapidarium.fundacja-hereditas.pl\/wp-content\/uploads\/2024\/05\/Joanna_Lipnicka_Warszawa_Chlodna_25_klamka_porecz_obudowa_windy-1-1920x2660.jpeg 1920w, http:\/\/lapidarium.fundacja-hereditas.pl\/wp-content\/uploads\/2024\/05\/Joanna_Lipnicka_Warszawa_Chlodna_25_klamka_porecz_obudowa_windy-1-scaled.jpeg 1848w\" sizes=\"auto, (max-width: 739px) 100vw, 739px\" \/><\/a><figcaption class=\"wp-element-caption\">Klatka od ul. Ch\u0142odnej. Zakr\u0119t balustrady przy spoczniku. Fot. Joanna Lipnicka, 2023 r., \u017ar\u00f3d\u0142o: MWKZ.<\/figcaption><\/figure>\n\n\n\n<figure class=\"wp-block-image size-large\"><a href=\"http:\/\/lapidarium.fundacja-hereditas.pl\/wp-content\/uploads\/2024\/05\/E_Dziedziniewicz-Rapca_Warszawa_Zelazna_75A__klatka_glowna_5_pietro_A-1-scaled.jpg\"><img loading=\"lazy\" decoding=\"async\" width=\"776\" height=\"1024\" data-id=\"24742\" src=\"http:\/\/lapidarium.fundacja-hereditas.pl\/wp-content\/uploads\/2024\/05\/E_Dziedziniewicz-Rapca_Warszawa_Zelazna_75A__klatka_glowna_5_pietro_A-1-776x1024.jpg\" alt=\"\" class=\"wp-image-24742\" srcset=\"http:\/\/lapidarium.fundacja-hereditas.pl\/wp-content\/uploads\/2024\/05\/E_Dziedziniewicz-Rapca_Warszawa_Zelazna_75A__klatka_glowna_5_pietro_A-1-776x1024.jpg 776w, http:\/\/lapidarium.fundacja-hereditas.pl\/wp-content\/uploads\/2024\/05\/E_Dziedziniewicz-Rapca_Warszawa_Zelazna_75A__klatka_glowna_5_pietro_A-1-227x300.jpg 227w, http:\/\/lapidarium.fundacja-hereditas.pl\/wp-content\/uploads\/2024\/05\/E_Dziedziniewicz-Rapca_Warszawa_Zelazna_75A__klatka_glowna_5_pietro_A-1-768x1014.jpg 768w, http:\/\/lapidarium.fundacja-hereditas.pl\/wp-content\/uploads\/2024\/05\/E_Dziedziniewicz-Rapca_Warszawa_Zelazna_75A__klatka_glowna_5_pietro_A-1-1164x1536.jpg 1164w, http:\/\/lapidarium.fundacja-hereditas.pl\/wp-content\/uploads\/2024\/05\/E_Dziedziniewicz-Rapca_Warszawa_Zelazna_75A__klatka_glowna_5_pietro_A-1-1552x2048.jpg 1552w, http:\/\/lapidarium.fundacja-hereditas.pl\/wp-content\/uploads\/2024\/05\/E_Dziedziniewicz-Rapca_Warszawa_Zelazna_75A__klatka_glowna_5_pietro_A-1-150x198.jpg 150w, http:\/\/lapidarium.fundacja-hereditas.pl\/wp-content\/uploads\/2024\/05\/E_Dziedziniewicz-Rapca_Warszawa_Zelazna_75A__klatka_glowna_5_pietro_A-1-300x396.jpg 300w, http:\/\/lapidarium.fundacja-hereditas.pl\/wp-content\/uploads\/2024\/05\/E_Dziedziniewicz-Rapca_Warszawa_Zelazna_75A__klatka_glowna_5_pietro_A-1-696x919.jpg 696w, http:\/\/lapidarium.fundacja-hereditas.pl\/wp-content\/uploads\/2024\/05\/E_Dziedziniewicz-Rapca_Warszawa_Zelazna_75A__klatka_glowna_5_pietro_A-1-1068x1410.jpg 1068w, http:\/\/lapidarium.fundacja-hereditas.pl\/wp-content\/uploads\/2024\/05\/E_Dziedziniewicz-Rapca_Warszawa_Zelazna_75A__klatka_glowna_5_pietro_A-1-1920x2534.jpg 1920w, http:\/\/lapidarium.fundacja-hereditas.pl\/wp-content\/uploads\/2024\/05\/E_Dziedziniewicz-Rapca_Warszawa_Zelazna_75A__klatka_glowna_5_pietro_A-1-scaled.jpg 1940w\" sizes=\"auto, (max-width: 776px) 100vw, 776px\" \/><\/a><figcaption class=\"wp-element-caption\">Klatka od ul. Ch\u0142odnej. Pi\u0119tro V-te. PO lewej szyb windy. Fot. Ewa Dziedziniewicz-R\u0105pca, 2023 r., \u017ar\u00f3d\u0142o: MWKZ.<\/figcaption><\/figure>\n\n\n\n<figure class=\"wp-block-image size-large\"><a href=\"http:\/\/lapidarium.fundacja-hereditas.pl\/wp-content\/uploads\/2024\/05\/E_Dziedziniewicz-Rapca_Warszawa_Zelazna_75A__klatka_glowna_4_pietro_schody_na_dol_szyb_windy-1-scaled.jpg\"><img loading=\"lazy\" decoding=\"async\" width=\"1024\" height=\"772\" data-id=\"24740\" src=\"http:\/\/lapidarium.fundacja-hereditas.pl\/wp-content\/uploads\/2024\/05\/E_Dziedziniewicz-Rapca_Warszawa_Zelazna_75A__klatka_glowna_4_pietro_schody_na_dol_szyb_windy-1-1024x772.jpg\" alt=\"\" class=\"wp-image-24740\" srcset=\"http:\/\/lapidarium.fundacja-hereditas.pl\/wp-content\/uploads\/2024\/05\/E_Dziedziniewicz-Rapca_Warszawa_Zelazna_75A__klatka_glowna_4_pietro_schody_na_dol_szyb_windy-1-1024x772.jpg 1024w, http:\/\/lapidarium.fundacja-hereditas.pl\/wp-content\/uploads\/2024\/05\/E_Dziedziniewicz-Rapca_Warszawa_Zelazna_75A__klatka_glowna_4_pietro_schody_na_dol_szyb_windy-1-300x226.jpg 300w, http:\/\/lapidarium.fundacja-hereditas.pl\/wp-content\/uploads\/2024\/05\/E_Dziedziniewicz-Rapca_Warszawa_Zelazna_75A__klatka_glowna_4_pietro_schody_na_dol_szyb_windy-1-768x579.jpg 768w, http:\/\/lapidarium.fundacja-hereditas.pl\/wp-content\/uploads\/2024\/05\/E_Dziedziniewicz-Rapca_Warszawa_Zelazna_75A__klatka_glowna_4_pietro_schody_na_dol_szyb_windy-1-1536x1157.jpg 1536w, http:\/\/lapidarium.fundacja-hereditas.pl\/wp-content\/uploads\/2024\/05\/E_Dziedziniewicz-Rapca_Warszawa_Zelazna_75A__klatka_glowna_4_pietro_schody_na_dol_szyb_windy-1-2048x1543.jpg 2048w, http:\/\/lapidarium.fundacja-hereditas.pl\/wp-content\/uploads\/2024\/05\/E_Dziedziniewicz-Rapca_Warszawa_Zelazna_75A__klatka_glowna_4_pietro_schody_na_dol_szyb_windy-1-150x113.jpg 150w, http:\/\/lapidarium.fundacja-hereditas.pl\/wp-content\/uploads\/2024\/05\/E_Dziedziniewicz-Rapca_Warszawa_Zelazna_75A__klatka_glowna_4_pietro_schody_na_dol_szyb_windy-1-696x524.jpg 696w, http:\/\/lapidarium.fundacja-hereditas.pl\/wp-content\/uploads\/2024\/05\/E_Dziedziniewicz-Rapca_Warszawa_Zelazna_75A__klatka_glowna_4_pietro_schody_na_dol_szyb_windy-1-1068x805.jpg 1068w, http:\/\/lapidarium.fundacja-hereditas.pl\/wp-content\/uploads\/2024\/05\/E_Dziedziniewicz-Rapca_Warszawa_Zelazna_75A__klatka_glowna_4_pietro_schody_na_dol_szyb_windy-1-1920x1447.jpg 1920w\" sizes=\"auto, (max-width: 1024px) 100vw, 1024px\" \/><\/a><figcaption class=\"wp-element-caption\">Klatka od ul. Ch\u0142odnej. Widok na ni\u017cszy spocznik pomi\u0119dzy IV-m a III-cim pi\u0119trem. Fot. Ewa Dziedziniewicz-R\u0105pca, 2023 r., \u017ar\u00f3d\u0142o: MWKZ.<\/figcaption><\/figure>\n\n\n\n<figure class=\"wp-block-image size-large\"><a href=\"http:\/\/lapidarium.fundacja-hereditas.pl\/wp-content\/uploads\/2024\/05\/E_Dziedziniewicz-Rapca_Warszawa_Zelazna_75A__klatka_glowna_4_pietro_schody_na_dol_posadzka-1-scaled.jpg\"><img loading=\"lazy\" decoding=\"async\" width=\"769\" height=\"1024\" data-id=\"24739\" src=\"http:\/\/lapidarium.fundacja-hereditas.pl\/wp-content\/uploads\/2024\/05\/E_Dziedziniewicz-Rapca_Warszawa_Zelazna_75A__klatka_glowna_4_pietro_schody_na_dol_posadzka-1-769x1024.jpg\" alt=\"\" class=\"wp-image-24739\" srcset=\"http:\/\/lapidarium.fundacja-hereditas.pl\/wp-content\/uploads\/2024\/05\/E_Dziedziniewicz-Rapca_Warszawa_Zelazna_75A__klatka_glowna_4_pietro_schody_na_dol_posadzka-1-769x1024.jpg 769w, http:\/\/lapidarium.fundacja-hereditas.pl\/wp-content\/uploads\/2024\/05\/E_Dziedziniewicz-Rapca_Warszawa_Zelazna_75A__klatka_glowna_4_pietro_schody_na_dol_posadzka-1-225x300.jpg 225w, http:\/\/lapidarium.fundacja-hereditas.pl\/wp-content\/uploads\/2024\/05\/E_Dziedziniewicz-Rapca_Warszawa_Zelazna_75A__klatka_glowna_4_pietro_schody_na_dol_posadzka-1-768x1023.jpg 768w, http:\/\/lapidarium.fundacja-hereditas.pl\/wp-content\/uploads\/2024\/05\/E_Dziedziniewicz-Rapca_Warszawa_Zelazna_75A__klatka_glowna_4_pietro_schody_na_dol_posadzka-1-1153x1536.jpg 1153w, http:\/\/lapidarium.fundacja-hereditas.pl\/wp-content\/uploads\/2024\/05\/E_Dziedziniewicz-Rapca_Warszawa_Zelazna_75A__klatka_glowna_4_pietro_schody_na_dol_posadzka-1-1538x2048.jpg 1538w, http:\/\/lapidarium.fundacja-hereditas.pl\/wp-content\/uploads\/2024\/05\/E_Dziedziniewicz-Rapca_Warszawa_Zelazna_75A__klatka_glowna_4_pietro_schody_na_dol_posadzka-1-150x200.jpg 150w, http:\/\/lapidarium.fundacja-hereditas.pl\/wp-content\/uploads\/2024\/05\/E_Dziedziniewicz-Rapca_Warszawa_Zelazna_75A__klatka_glowna_4_pietro_schody_na_dol_posadzka-1-300x400.jpg 300w, http:\/\/lapidarium.fundacja-hereditas.pl\/wp-content\/uploads\/2024\/05\/E_Dziedziniewicz-Rapca_Warszawa_Zelazna_75A__klatka_glowna_4_pietro_schody_na_dol_posadzka-1-696x927.jpg 696w, http:\/\/lapidarium.fundacja-hereditas.pl\/wp-content\/uploads\/2024\/05\/E_Dziedziniewicz-Rapca_Warszawa_Zelazna_75A__klatka_glowna_4_pietro_schody_na_dol_posadzka-1-1068x1422.jpg 1068w, http:\/\/lapidarium.fundacja-hereditas.pl\/wp-content\/uploads\/2024\/05\/E_Dziedziniewicz-Rapca_Warszawa_Zelazna_75A__klatka_glowna_4_pietro_schody_na_dol_posadzka-1-1920x2557.jpg 1920w, http:\/\/lapidarium.fundacja-hereditas.pl\/wp-content\/uploads\/2024\/05\/E_Dziedziniewicz-Rapca_Warszawa_Zelazna_75A__klatka_glowna_4_pietro_schody_na_dol_posadzka-1-scaled.jpg 1922w\" sizes=\"auto, (max-width: 769px) 100vw, 769px\" \/><\/a><figcaption class=\"wp-element-caption\">Klatka od ul. Ch\u0142odnej. Pi\u0119tro IV-te. Na lastrico widoczny rozbryzg po pocisku z powstania (1944). Fot. Ewa Dziedziniewicz-R\u0105pca, 2023 r., \u017ar\u00f3d\u0142o: MWKZ.<\/figcaption><\/figure>\n\n\n\n<figure class=\"wp-block-image size-large\"><a href=\"http:\/\/lapidarium.fundacja-hereditas.pl\/wp-content\/uploads\/2024\/05\/E_Dziedziniewicz-Rapca_Warszawa_Zelazna_75A__klatka_glowna_4_pietro_schody_na_dol_polpietro_A-1-scaled.jpg\"><img loading=\"lazy\" decoding=\"async\" width=\"778\" height=\"1024\" data-id=\"24738\" src=\"http:\/\/lapidarium.fundacja-hereditas.pl\/wp-content\/uploads\/2024\/05\/E_Dziedziniewicz-Rapca_Warszawa_Zelazna_75A__klatka_glowna_4_pietro_schody_na_dol_polpietro_A-1-778x1024.jpg\" alt=\"\" class=\"wp-image-24738\" srcset=\"http:\/\/lapidarium.fundacja-hereditas.pl\/wp-content\/uploads\/2024\/05\/E_Dziedziniewicz-Rapca_Warszawa_Zelazna_75A__klatka_glowna_4_pietro_schody_na_dol_polpietro_A-1-778x1024.jpg 778w, http:\/\/lapidarium.fundacja-hereditas.pl\/wp-content\/uploads\/2024\/05\/E_Dziedziniewicz-Rapca_Warszawa_Zelazna_75A__klatka_glowna_4_pietro_schody_na_dol_polpietro_A-1-228x300.jpg 228w, http:\/\/lapidarium.fundacja-hereditas.pl\/wp-content\/uploads\/2024\/05\/E_Dziedziniewicz-Rapca_Warszawa_Zelazna_75A__klatka_glowna_4_pietro_schody_na_dol_polpietro_A-1-768x1010.jpg 768w, http:\/\/lapidarium.fundacja-hereditas.pl\/wp-content\/uploads\/2024\/05\/E_Dziedziniewicz-Rapca_Warszawa_Zelazna_75A__klatka_glowna_4_pietro_schody_na_dol_polpietro_A-1-1168x1536.jpg 1168w, http:\/\/lapidarium.fundacja-hereditas.pl\/wp-content\/uploads\/2024\/05\/E_Dziedziniewicz-Rapca_Warszawa_Zelazna_75A__klatka_glowna_4_pietro_schody_na_dol_polpietro_A-1-1557x2048.jpg 1557w, http:\/\/lapidarium.fundacja-hereditas.pl\/wp-content\/uploads\/2024\/05\/E_Dziedziniewicz-Rapca_Warszawa_Zelazna_75A__klatka_glowna_4_pietro_schody_na_dol_polpietro_A-1-150x197.jpg 150w, http:\/\/lapidarium.fundacja-hereditas.pl\/wp-content\/uploads\/2024\/05\/E_Dziedziniewicz-Rapca_Warszawa_Zelazna_75A__klatka_glowna_4_pietro_schody_na_dol_polpietro_A-1-300x395.jpg 300w, http:\/\/lapidarium.fundacja-hereditas.pl\/wp-content\/uploads\/2024\/05\/E_Dziedziniewicz-Rapca_Warszawa_Zelazna_75A__klatka_glowna_4_pietro_schody_na_dol_polpietro_A-1-696x916.jpg 696w, http:\/\/lapidarium.fundacja-hereditas.pl\/wp-content\/uploads\/2024\/05\/E_Dziedziniewicz-Rapca_Warszawa_Zelazna_75A__klatka_glowna_4_pietro_schody_na_dol_polpietro_A-1-1068x1405.jpg 1068w, http:\/\/lapidarium.fundacja-hereditas.pl\/wp-content\/uploads\/2024\/05\/E_Dziedziniewicz-Rapca_Warszawa_Zelazna_75A__klatka_glowna_4_pietro_schody_na_dol_polpietro_A-1-1920x2526.jpg 1920w, http:\/\/lapidarium.fundacja-hereditas.pl\/wp-content\/uploads\/2024\/05\/E_Dziedziniewicz-Rapca_Warszawa_Zelazna_75A__klatka_glowna_4_pietro_schody_na_dol_polpietro_A-1-scaled.jpg 1946w\" sizes=\"auto, (max-width: 778px) 100vw, 778px\" \/><\/a><figcaption class=\"wp-element-caption\">Klatka od ul. Ch\u0142odnej. Widok ze spocznika na III-cie pi\u0119tro. Pomi\u0119dzy wycieraczkami \u015blady krwi wsi\u0105k\u0142ej w lastrico. Pozosta\u0142o\u015b\u0107 po powstaniu (1944). Fot. Ewa Dziedziniewicz-R\u0105pca, 2023 r., \u017ar\u00f3d\u0142o: MWKZ.<\/figcaption><\/figure>\n\n\n\n<figure class=\"wp-block-image size-large\"><a href=\"http:\/\/lapidarium.fundacja-hereditas.pl\/wp-content\/uploads\/2024\/05\/E_Dziedziniewicz-Rapca_Warszawa_Zelazna_75A__klatka_glowna_2_pietrol_schody_na_dol_naroznik-1-scaled.jpg\"><img loading=\"lazy\" decoding=\"async\" width=\"1024\" height=\"780\" data-id=\"24737\" src=\"http:\/\/lapidarium.fundacja-hereditas.pl\/wp-content\/uploads\/2024\/05\/E_Dziedziniewicz-Rapca_Warszawa_Zelazna_75A__klatka_glowna_2_pietrol_schody_na_dol_naroznik-1-1024x780.jpg\" alt=\"\" class=\"wp-image-24737\" srcset=\"http:\/\/lapidarium.fundacja-hereditas.pl\/wp-content\/uploads\/2024\/05\/E_Dziedziniewicz-Rapca_Warszawa_Zelazna_75A__klatka_glowna_2_pietrol_schody_na_dol_naroznik-1-1024x780.jpg 1024w, http:\/\/lapidarium.fundacja-hereditas.pl\/wp-content\/uploads\/2024\/05\/E_Dziedziniewicz-Rapca_Warszawa_Zelazna_75A__klatka_glowna_2_pietrol_schody_na_dol_naroznik-1-300x229.jpg 300w, http:\/\/lapidarium.fundacja-hereditas.pl\/wp-content\/uploads\/2024\/05\/E_Dziedziniewicz-Rapca_Warszawa_Zelazna_75A__klatka_glowna_2_pietrol_schody_na_dol_naroznik-1-768x585.jpg 768w, http:\/\/lapidarium.fundacja-hereditas.pl\/wp-content\/uploads\/2024\/05\/E_Dziedziniewicz-Rapca_Warszawa_Zelazna_75A__klatka_glowna_2_pietrol_schody_na_dol_naroznik-1-1536x1170.jpg 1536w, http:\/\/lapidarium.fundacja-hereditas.pl\/wp-content\/uploads\/2024\/05\/E_Dziedziniewicz-Rapca_Warszawa_Zelazna_75A__klatka_glowna_2_pietrol_schody_na_dol_naroznik-1-2048x1560.jpg 2048w, http:\/\/lapidarium.fundacja-hereditas.pl\/wp-content\/uploads\/2024\/05\/E_Dziedziniewicz-Rapca_Warszawa_Zelazna_75A__klatka_glowna_2_pietrol_schody_na_dol_naroznik-1-150x114.jpg 150w, http:\/\/lapidarium.fundacja-hereditas.pl\/wp-content\/uploads\/2024\/05\/E_Dziedziniewicz-Rapca_Warszawa_Zelazna_75A__klatka_glowna_2_pietrol_schody_na_dol_naroznik-1-696x530.jpg 696w, http:\/\/lapidarium.fundacja-hereditas.pl\/wp-content\/uploads\/2024\/05\/E_Dziedziniewicz-Rapca_Warszawa_Zelazna_75A__klatka_glowna_2_pietrol_schody_na_dol_naroznik-1-1068x814.jpg 1068w, http:\/\/lapidarium.fundacja-hereditas.pl\/wp-content\/uploads\/2024\/05\/E_Dziedziniewicz-Rapca_Warszawa_Zelazna_75A__klatka_glowna_2_pietrol_schody_na_dol_naroznik-1-1920x1462.jpg 1920w\" sizes=\"auto, (max-width: 1024px) 100vw, 1024px\" \/><\/a><figcaption class=\"wp-element-caption\">Klatka od ul. Ch\u0142odnej. Widok na ni\u017cszy spocznik pomi\u0119dzy II-im a I-ym pi\u0119trem. Fot. Ewa Dziedziniewicz-R\u0105pca, 2023 r., \u017ar\u00f3d\u0142o: MWKZ.<\/figcaption><\/figure>\n\n\n\n<figure class=\"wp-block-image size-large\"><a href=\"http:\/\/lapidarium.fundacja-hereditas.pl\/wp-content\/uploads\/2024\/05\/E_Dziedziniewicz-Rapca_Warszawa_Zelazna_75A__klatka_glowna_2_pietro_schody_na_dol_D-1-scaled.jpg\"><img loading=\"lazy\" decoding=\"async\" width=\"872\" height=\"1024\" data-id=\"24735\" src=\"http:\/\/lapidarium.fundacja-hereditas.pl\/wp-content\/uploads\/2024\/05\/E_Dziedziniewicz-Rapca_Warszawa_Zelazna_75A__klatka_glowna_2_pietro_schody_na_dol_D-1-872x1024.jpg\" alt=\"\" class=\"wp-image-24735\" srcset=\"http:\/\/lapidarium.fundacja-hereditas.pl\/wp-content\/uploads\/2024\/05\/E_Dziedziniewicz-Rapca_Warszawa_Zelazna_75A__klatka_glowna_2_pietro_schody_na_dol_D-1-872x1024.jpg 872w, http:\/\/lapidarium.fundacja-hereditas.pl\/wp-content\/uploads\/2024\/05\/E_Dziedziniewicz-Rapca_Warszawa_Zelazna_75A__klatka_glowna_2_pietro_schody_na_dol_D-1-256x300.jpg 256w, http:\/\/lapidarium.fundacja-hereditas.pl\/wp-content\/uploads\/2024\/05\/E_Dziedziniewicz-Rapca_Warszawa_Zelazna_75A__klatka_glowna_2_pietro_schody_na_dol_D-1-768x902.jpg 768w, http:\/\/lapidarium.fundacja-hereditas.pl\/wp-content\/uploads\/2024\/05\/E_Dziedziniewicz-Rapca_Warszawa_Zelazna_75A__klatka_glowna_2_pietro_schody_na_dol_D-1-1308x1536.jpg 1308w, http:\/\/lapidarium.fundacja-hereditas.pl\/wp-content\/uploads\/2024\/05\/E_Dziedziniewicz-Rapca_Warszawa_Zelazna_75A__klatka_glowna_2_pietro_schody_na_dol_D-1-1744x2048.jpg 1744w, http:\/\/lapidarium.fundacja-hereditas.pl\/wp-content\/uploads\/2024\/05\/E_Dziedziniewicz-Rapca_Warszawa_Zelazna_75A__klatka_glowna_2_pietro_schody_na_dol_D-1-150x176.jpg 150w, http:\/\/lapidarium.fundacja-hereditas.pl\/wp-content\/uploads\/2024\/05\/E_Dziedziniewicz-Rapca_Warszawa_Zelazna_75A__klatka_glowna_2_pietro_schody_na_dol_D-1-300x352.jpg 300w, http:\/\/lapidarium.fundacja-hereditas.pl\/wp-content\/uploads\/2024\/05\/E_Dziedziniewicz-Rapca_Warszawa_Zelazna_75A__klatka_glowna_2_pietro_schody_na_dol_D-1-696x817.jpg 696w, http:\/\/lapidarium.fundacja-hereditas.pl\/wp-content\/uploads\/2024\/05\/E_Dziedziniewicz-Rapca_Warszawa_Zelazna_75A__klatka_glowna_2_pietro_schody_na_dol_D-1-1068x1254.jpg 1068w, http:\/\/lapidarium.fundacja-hereditas.pl\/wp-content\/uploads\/2024\/05\/E_Dziedziniewicz-Rapca_Warszawa_Zelazna_75A__klatka_glowna_2_pietro_schody_na_dol_D-1-1920x2254.jpg 1920w\" sizes=\"auto, (max-width: 872px) 100vw, 872px\" \/><\/a><figcaption class=\"wp-element-caption\">Klatka od ul. Ch\u0142odnej. Widok ze spocznika na pi\u0119tro. Fot. Ewa Dziedziniewicz-R\u0105pca, 2023 r., \u017ar\u00f3d\u0142o: MWKZ.<\/figcaption><\/figure>\n\n\n\n<figure class=\"wp-block-image size-large\"><a href=\"http:\/\/lapidarium.fundacja-hereditas.pl\/wp-content\/uploads\/2024\/05\/E_Dziedziniewicz-Rapca_Warszawa_Zelazna_75A__klatka_glowna_2_pietro_schody_na_dol_polpietro-1-scaled.jpg\"><img loading=\"lazy\" decoding=\"async\" width=\"881\" height=\"1024\" data-id=\"24736\" src=\"http:\/\/lapidarium.fundacja-hereditas.pl\/wp-content\/uploads\/2024\/05\/E_Dziedziniewicz-Rapca_Warszawa_Zelazna_75A__klatka_glowna_2_pietro_schody_na_dol_polpietro-1-881x1024.jpg\" alt=\"\" class=\"wp-image-24736\" srcset=\"http:\/\/lapidarium.fundacja-hereditas.pl\/wp-content\/uploads\/2024\/05\/E_Dziedziniewicz-Rapca_Warszawa_Zelazna_75A__klatka_glowna_2_pietro_schody_na_dol_polpietro-1-881x1024.jpg 881w, http:\/\/lapidarium.fundacja-hereditas.pl\/wp-content\/uploads\/2024\/05\/E_Dziedziniewicz-Rapca_Warszawa_Zelazna_75A__klatka_glowna_2_pietro_schody_na_dol_polpietro-1-258x300.jpg 258w, http:\/\/lapidarium.fundacja-hereditas.pl\/wp-content\/uploads\/2024\/05\/E_Dziedziniewicz-Rapca_Warszawa_Zelazna_75A__klatka_glowna_2_pietro_schody_na_dol_polpietro-1-768x893.jpg 768w, http:\/\/lapidarium.fundacja-hereditas.pl\/wp-content\/uploads\/2024\/05\/E_Dziedziniewicz-Rapca_Warszawa_Zelazna_75A__klatka_glowna_2_pietro_schody_na_dol_polpietro-1-1321x1536.jpg 1321w, http:\/\/lapidarium.fundacja-hereditas.pl\/wp-content\/uploads\/2024\/05\/E_Dziedziniewicz-Rapca_Warszawa_Zelazna_75A__klatka_glowna_2_pietro_schody_na_dol_polpietro-1-1761x2048.jpg 1761w, http:\/\/lapidarium.fundacja-hereditas.pl\/wp-content\/uploads\/2024\/05\/E_Dziedziniewicz-Rapca_Warszawa_Zelazna_75A__klatka_glowna_2_pietro_schody_na_dol_polpietro-1-150x174.jpg 150w, http:\/\/lapidarium.fundacja-hereditas.pl\/wp-content\/uploads\/2024\/05\/E_Dziedziniewicz-Rapca_Warszawa_Zelazna_75A__klatka_glowna_2_pietro_schody_na_dol_polpietro-1-300x349.jpg 300w, http:\/\/lapidarium.fundacja-hereditas.pl\/wp-content\/uploads\/2024\/05\/E_Dziedziniewicz-Rapca_Warszawa_Zelazna_75A__klatka_glowna_2_pietro_schody_na_dol_polpietro-1-696x809.jpg 696w, http:\/\/lapidarium.fundacja-hereditas.pl\/wp-content\/uploads\/2024\/05\/E_Dziedziniewicz-Rapca_Warszawa_Zelazna_75A__klatka_glowna_2_pietro_schody_na_dol_polpietro-1-1068x1242.jpg 1068w, http:\/\/lapidarium.fundacja-hereditas.pl\/wp-content\/uploads\/2024\/05\/E_Dziedziniewicz-Rapca_Warszawa_Zelazna_75A__klatka_glowna_2_pietro_schody_na_dol_polpietro-1-1920x2232.jpg 1920w\" sizes=\"auto, (max-width: 881px) 100vw, 881px\" \/><\/a><figcaption class=\"wp-element-caption\">Klatka od ul. Ch\u0142odnej. Widok ze spocznika na I-sze pi\u0119tro. Fot. Ewa Dziedziniewicz-R\u0105pca, 2023 r., \u017ar\u00f3d\u0142o: MWKZ.<\/figcaption><\/figure>\n\n\n\n<figure class=\"wp-block-image size-large\"><a href=\"http:\/\/lapidarium.fundacja-hereditas.pl\/wp-content\/uploads\/2024\/05\/E_Dziedziniewicz-Rapca_Warszawa_Zelazna_75A__klatka_glowna_2_pietro_schody_na_dol_C-1-scaled.jpg\"><img loading=\"lazy\" decoding=\"async\" width=\"728\" height=\"1024\" data-id=\"24734\" src=\"http:\/\/lapidarium.fundacja-hereditas.pl\/wp-content\/uploads\/2024\/05\/E_Dziedziniewicz-Rapca_Warszawa_Zelazna_75A__klatka_glowna_2_pietro_schody_na_dol_C-1-728x1024.jpg\" alt=\"\" class=\"wp-image-24734\" srcset=\"http:\/\/lapidarium.fundacja-hereditas.pl\/wp-content\/uploads\/2024\/05\/E_Dziedziniewicz-Rapca_Warszawa_Zelazna_75A__klatka_glowna_2_pietro_schody_na_dol_C-1-728x1024.jpg 728w, http:\/\/lapidarium.fundacja-hereditas.pl\/wp-content\/uploads\/2024\/05\/E_Dziedziniewicz-Rapca_Warszawa_Zelazna_75A__klatka_glowna_2_pietro_schody_na_dol_C-1-213x300.jpg 213w, http:\/\/lapidarium.fundacja-hereditas.pl\/wp-content\/uploads\/2024\/05\/E_Dziedziniewicz-Rapca_Warszawa_Zelazna_75A__klatka_glowna_2_pietro_schody_na_dol_C-1-768x1081.jpg 768w, http:\/\/lapidarium.fundacja-hereditas.pl\/wp-content\/uploads\/2024\/05\/E_Dziedziniewicz-Rapca_Warszawa_Zelazna_75A__klatka_glowna_2_pietro_schody_na_dol_C-1-1092x1536.jpg 1092w, http:\/\/lapidarium.fundacja-hereditas.pl\/wp-content\/uploads\/2024\/05\/E_Dziedziniewicz-Rapca_Warszawa_Zelazna_75A__klatka_glowna_2_pietro_schody_na_dol_C-1-1455x2048.jpg 1455w, http:\/\/lapidarium.fundacja-hereditas.pl\/wp-content\/uploads\/2024\/05\/E_Dziedziniewicz-Rapca_Warszawa_Zelazna_75A__klatka_glowna_2_pietro_schody_na_dol_C-1-150x211.jpg 150w, http:\/\/lapidarium.fundacja-hereditas.pl\/wp-content\/uploads\/2024\/05\/E_Dziedziniewicz-Rapca_Warszawa_Zelazna_75A__klatka_glowna_2_pietro_schody_na_dol_C-1-300x422.jpg 300w, http:\/\/lapidarium.fundacja-hereditas.pl\/wp-content\/uploads\/2024\/05\/E_Dziedziniewicz-Rapca_Warszawa_Zelazna_75A__klatka_glowna_2_pietro_schody_na_dol_C-1-696x979.jpg 696w, http:\/\/lapidarium.fundacja-hereditas.pl\/wp-content\/uploads\/2024\/05\/E_Dziedziniewicz-Rapca_Warszawa_Zelazna_75A__klatka_glowna_2_pietro_schody_na_dol_C-1-1068x1503.jpg 1068w, http:\/\/lapidarium.fundacja-hereditas.pl\/wp-content\/uploads\/2024\/05\/E_Dziedziniewicz-Rapca_Warszawa_Zelazna_75A__klatka_glowna_2_pietro_schody_na_dol_C-1-1920x2702.jpg 1920w, http:\/\/lapidarium.fundacja-hereditas.pl\/wp-content\/uploads\/2024\/05\/E_Dziedziniewicz-Rapca_Warszawa_Zelazna_75A__klatka_glowna_2_pietro_schody_na_dol_C-1-scaled.jpg 1819w\" sizes=\"auto, (max-width: 728px) 100vw, 728px\" \/><\/a><figcaption class=\"wp-element-caption\">Klatka od ul. Ch\u0142odnej. Widok na ni\u017cszy spocznik. Fot. Ewa Dziedziniewicz-R\u0105pca, 2023 r., \u017ar\u00f3d\u0142o: MWKZ.<\/figcaption><\/figure>\n\n\n\n<figure class=\"wp-block-image size-large\"><a href=\"http:\/\/lapidarium.fundacja-hereditas.pl\/wp-content\/uploads\/2024\/05\/E_Dziedziniewicz-Rapca_Warszawa_Zelazna_75A__klatka_glowna_2_pietro_schody_na_dol-1-scaled.jpg\"><img loading=\"lazy\" decoding=\"async\" width=\"747\" height=\"1024\" data-id=\"24733\" src=\"http:\/\/lapidarium.fundacja-hereditas.pl\/wp-content\/uploads\/2024\/05\/E_Dziedziniewicz-Rapca_Warszawa_Zelazna_75A__klatka_glowna_2_pietro_schody_na_dol-1-747x1024.jpg\" alt=\"\" class=\"wp-image-24733\" srcset=\"http:\/\/lapidarium.fundacja-hereditas.pl\/wp-content\/uploads\/2024\/05\/E_Dziedziniewicz-Rapca_Warszawa_Zelazna_75A__klatka_glowna_2_pietro_schody_na_dol-1-747x1024.jpg 747w, http:\/\/lapidarium.fundacja-hereditas.pl\/wp-content\/uploads\/2024\/05\/E_Dziedziniewicz-Rapca_Warszawa_Zelazna_75A__klatka_glowna_2_pietro_schody_na_dol-1-219x300.jpg 219w, http:\/\/lapidarium.fundacja-hereditas.pl\/wp-content\/uploads\/2024\/05\/E_Dziedziniewicz-Rapca_Warszawa_Zelazna_75A__klatka_glowna_2_pietro_schody_na_dol-1-768x1053.jpg 768w, http:\/\/lapidarium.fundacja-hereditas.pl\/wp-content\/uploads\/2024\/05\/E_Dziedziniewicz-Rapca_Warszawa_Zelazna_75A__klatka_glowna_2_pietro_schody_na_dol-1-1120x1536.jpg 1120w, http:\/\/lapidarium.fundacja-hereditas.pl\/wp-content\/uploads\/2024\/05\/E_Dziedziniewicz-Rapca_Warszawa_Zelazna_75A__klatka_glowna_2_pietro_schody_na_dol-1-1493x2048.jpg 1493w, http:\/\/lapidarium.fundacja-hereditas.pl\/wp-content\/uploads\/2024\/05\/E_Dziedziniewicz-Rapca_Warszawa_Zelazna_75A__klatka_glowna_2_pietro_schody_na_dol-1-150x206.jpg 150w, http:\/\/lapidarium.fundacja-hereditas.pl\/wp-content\/uploads\/2024\/05\/E_Dziedziniewicz-Rapca_Warszawa_Zelazna_75A__klatka_glowna_2_pietro_schody_na_dol-1-300x411.jpg 300w, http:\/\/lapidarium.fundacja-hereditas.pl\/wp-content\/uploads\/2024\/05\/E_Dziedziniewicz-Rapca_Warszawa_Zelazna_75A__klatka_glowna_2_pietro_schody_na_dol-1-696x954.jpg 696w, http:\/\/lapidarium.fundacja-hereditas.pl\/wp-content\/uploads\/2024\/05\/E_Dziedziniewicz-Rapca_Warszawa_Zelazna_75A__klatka_glowna_2_pietro_schody_na_dol-1-1068x1465.jpg 1068w, http:\/\/lapidarium.fundacja-hereditas.pl\/wp-content\/uploads\/2024\/05\/E_Dziedziniewicz-Rapca_Warszawa_Zelazna_75A__klatka_glowna_2_pietro_schody_na_dol-1-1920x2633.jpg 1920w, http:\/\/lapidarium.fundacja-hereditas.pl\/wp-content\/uploads\/2024\/05\/E_Dziedziniewicz-Rapca_Warszawa_Zelazna_75A__klatka_glowna_2_pietro_schody_na_dol-1-scaled.jpg 1867w\" sizes=\"auto, (max-width: 747px) 100vw, 747px\" \/><\/a><figcaption class=\"wp-element-caption\">Klatka od ul. Ch\u0142odnej. Widok pi\u0119tra na wy\u017cszy spocznik. Por\u0119cz z drewna. Fot. Ewa Dziedziniewicz-R\u0105pca, 2023 r., \u017ar\u00f3d\u0142o: MWKZ.<\/figcaption><\/figure>\n\n\n\n<figure class=\"wp-block-image size-large\"><a href=\"http:\/\/lapidarium.fundacja-hereditas.pl\/wp-content\/uploads\/2024\/05\/E_Dziedziniewicz-Rapca_Warszawa_Zelazna_75A__klatka_glowna_1_pietrol_schody_na_dol_detal-1-scaled.jpg\"><img loading=\"lazy\" decoding=\"async\" width=\"1024\" height=\"844\" data-id=\"24732\" src=\"http:\/\/lapidarium.fundacja-hereditas.pl\/wp-content\/uploads\/2024\/05\/E_Dziedziniewicz-Rapca_Warszawa_Zelazna_75A__klatka_glowna_1_pietrol_schody_na_dol_detal-1-1024x844.jpg\" alt=\"\" class=\"wp-image-24732\" srcset=\"http:\/\/lapidarium.fundacja-hereditas.pl\/wp-content\/uploads\/2024\/05\/E_Dziedziniewicz-Rapca_Warszawa_Zelazna_75A__klatka_glowna_1_pietrol_schody_na_dol_detal-1-1024x844.jpg 1024w, http:\/\/lapidarium.fundacja-hereditas.pl\/wp-content\/uploads\/2024\/05\/E_Dziedziniewicz-Rapca_Warszawa_Zelazna_75A__klatka_glowna_1_pietrol_schody_na_dol_detal-1-300x247.jpg 300w, http:\/\/lapidarium.fundacja-hereditas.pl\/wp-content\/uploads\/2024\/05\/E_Dziedziniewicz-Rapca_Warszawa_Zelazna_75A__klatka_glowna_1_pietrol_schody_na_dol_detal-1-768x633.jpg 768w, http:\/\/lapidarium.fundacja-hereditas.pl\/wp-content\/uploads\/2024\/05\/E_Dziedziniewicz-Rapca_Warszawa_Zelazna_75A__klatka_glowna_1_pietrol_schody_na_dol_detal-1-1536x1267.jpg 1536w, http:\/\/lapidarium.fundacja-hereditas.pl\/wp-content\/uploads\/2024\/05\/E_Dziedziniewicz-Rapca_Warszawa_Zelazna_75A__klatka_glowna_1_pietrol_schody_na_dol_detal-1-2048x1689.jpg 2048w, http:\/\/lapidarium.fundacja-hereditas.pl\/wp-content\/uploads\/2024\/05\/E_Dziedziniewicz-Rapca_Warszawa_Zelazna_75A__klatka_glowna_1_pietrol_schody_na_dol_detal-1-150x124.jpg 150w, http:\/\/lapidarium.fundacja-hereditas.pl\/wp-content\/uploads\/2024\/05\/E_Dziedziniewicz-Rapca_Warszawa_Zelazna_75A__klatka_glowna_1_pietrol_schody_na_dol_detal-1-696x574.jpg 696w, http:\/\/lapidarium.fundacja-hereditas.pl\/wp-content\/uploads\/2024\/05\/E_Dziedziniewicz-Rapca_Warszawa_Zelazna_75A__klatka_glowna_1_pietrol_schody_na_dol_detal-1-1068x881.jpg 1068w, http:\/\/lapidarium.fundacja-hereditas.pl\/wp-content\/uploads\/2024\/05\/E_Dziedziniewicz-Rapca_Warszawa_Zelazna_75A__klatka_glowna_1_pietrol_schody_na_dol_detal-1-1920x1583.jpg 1920w\" sizes=\"auto, (max-width: 1024px) 100vw, 1024px\" \/><\/a><figcaption class=\"wp-element-caption\">Klatka od ul. Ch\u0142odnej. Schody &#8211; uszkodzenia stopnia. Lastrico.Fot. Ewa Dziedziniewicz-R\u0105pca, 2023 r., \u017ar\u00f3d\u0142o: MWKZ.<\/figcaption><\/figure>\n\n\n\n<figure class=\"wp-block-image size-large\"><a href=\"http:\/\/lapidarium.fundacja-hereditas.pl\/wp-content\/uploads\/2024\/05\/E_Dziedziniewicz-Rapca_Warszawa_Zelazna_75A__klatka_glowna_1_pietrol_schody_na_dol-1-scaled.jpg\"><img loading=\"lazy\" decoding=\"async\" width=\"787\" height=\"1024\" data-id=\"24731\" src=\"http:\/\/lapidarium.fundacja-hereditas.pl\/wp-content\/uploads\/2024\/05\/E_Dziedziniewicz-Rapca_Warszawa_Zelazna_75A__klatka_glowna_1_pietrol_schody_na_dol-1-787x1024.jpg\" alt=\"\" class=\"wp-image-24731\" srcset=\"http:\/\/lapidarium.fundacja-hereditas.pl\/wp-content\/uploads\/2024\/05\/E_Dziedziniewicz-Rapca_Warszawa_Zelazna_75A__klatka_glowna_1_pietrol_schody_na_dol-1-787x1024.jpg 787w, http:\/\/lapidarium.fundacja-hereditas.pl\/wp-content\/uploads\/2024\/05\/E_Dziedziniewicz-Rapca_Warszawa_Zelazna_75A__klatka_glowna_1_pietrol_schody_na_dol-1-230x300.jpg 230w, http:\/\/lapidarium.fundacja-hereditas.pl\/wp-content\/uploads\/2024\/05\/E_Dziedziniewicz-Rapca_Warszawa_Zelazna_75A__klatka_glowna_1_pietrol_schody_na_dol-1-768x1000.jpg 768w, http:\/\/lapidarium.fundacja-hereditas.pl\/wp-content\/uploads\/2024\/05\/E_Dziedziniewicz-Rapca_Warszawa_Zelazna_75A__klatka_glowna_1_pietrol_schody_na_dol-1-1180x1536.jpg 1180w, http:\/\/lapidarium.fundacja-hereditas.pl\/wp-content\/uploads\/2024\/05\/E_Dziedziniewicz-Rapca_Warszawa_Zelazna_75A__klatka_glowna_1_pietrol_schody_na_dol-1-1573x2048.jpg 1573w, http:\/\/lapidarium.fundacja-hereditas.pl\/wp-content\/uploads\/2024\/05\/E_Dziedziniewicz-Rapca_Warszawa_Zelazna_75A__klatka_glowna_1_pietrol_schody_na_dol-1-150x195.jpg 150w, http:\/\/lapidarium.fundacja-hereditas.pl\/wp-content\/uploads\/2024\/05\/E_Dziedziniewicz-Rapca_Warszawa_Zelazna_75A__klatka_glowna_1_pietrol_schody_na_dol-1-300x391.jpg 300w, http:\/\/lapidarium.fundacja-hereditas.pl\/wp-content\/uploads\/2024\/05\/E_Dziedziniewicz-Rapca_Warszawa_Zelazna_75A__klatka_glowna_1_pietrol_schody_na_dol-1-696x906.jpg 696w, http:\/\/lapidarium.fundacja-hereditas.pl\/wp-content\/uploads\/2024\/05\/E_Dziedziniewicz-Rapca_Warszawa_Zelazna_75A__klatka_glowna_1_pietrol_schody_na_dol-1-1068x1390.jpg 1068w, http:\/\/lapidarium.fundacja-hereditas.pl\/wp-content\/uploads\/2024\/05\/E_Dziedziniewicz-Rapca_Warszawa_Zelazna_75A__klatka_glowna_1_pietrol_schody_na_dol-1-1920x2500.jpg 1920w, http:\/\/lapidarium.fundacja-hereditas.pl\/wp-content\/uploads\/2024\/05\/E_Dziedziniewicz-Rapca_Warszawa_Zelazna_75A__klatka_glowna_1_pietrol_schody_na_dol-1-scaled.jpg 1966w\" sizes=\"auto, (max-width: 787px) 100vw, 787px\" \/><\/a><figcaption class=\"wp-element-caption\">Klatka od ul. Ch\u0142odnej. Widok pi\u0119tra i-go na wy\u017cszy spocznik. Uszkodzenie stopnia. Fot. Ewa Dziedziniewicz-R\u0105pca, 2023 r., \u017ar\u00f3d\u0142o: MWKZ.<\/figcaption><\/figure>\n\n\n\n<figure class=\"wp-block-image size-large\"><a href=\"http:\/\/lapidarium.fundacja-hereditas.pl\/wp-content\/uploads\/2024\/05\/E_Dziedziniewicz-Rapca_Warszawa_Zelazna_75A__klatka_glowna_1_pietrol-1-scaled.jpg\"><img loading=\"lazy\" decoding=\"async\" width=\"1024\" height=\"776\" data-id=\"24730\" src=\"http:\/\/lapidarium.fundacja-hereditas.pl\/wp-content\/uploads\/2024\/05\/E_Dziedziniewicz-Rapca_Warszawa_Zelazna_75A__klatka_glowna_1_pietrol-1-1024x776.jpg\" alt=\"\" class=\"wp-image-24730\" srcset=\"http:\/\/lapidarium.fundacja-hereditas.pl\/wp-content\/uploads\/2024\/05\/E_Dziedziniewicz-Rapca_Warszawa_Zelazna_75A__klatka_glowna_1_pietrol-1-1024x776.jpg 1024w, http:\/\/lapidarium.fundacja-hereditas.pl\/wp-content\/uploads\/2024\/05\/E_Dziedziniewicz-Rapca_Warszawa_Zelazna_75A__klatka_glowna_1_pietrol-1-300x227.jpg 300w, http:\/\/lapidarium.fundacja-hereditas.pl\/wp-content\/uploads\/2024\/05\/E_Dziedziniewicz-Rapca_Warszawa_Zelazna_75A__klatka_glowna_1_pietrol-1-768x582.jpg 768w, http:\/\/lapidarium.fundacja-hereditas.pl\/wp-content\/uploads\/2024\/05\/E_Dziedziniewicz-Rapca_Warszawa_Zelazna_75A__klatka_glowna_1_pietrol-1-1536x1164.jpg 1536w, http:\/\/lapidarium.fundacja-hereditas.pl\/wp-content\/uploads\/2024\/05\/E_Dziedziniewicz-Rapca_Warszawa_Zelazna_75A__klatka_glowna_1_pietrol-1-2048x1552.jpg 2048w, http:\/\/lapidarium.fundacja-hereditas.pl\/wp-content\/uploads\/2024\/05\/E_Dziedziniewicz-Rapca_Warszawa_Zelazna_75A__klatka_glowna_1_pietrol-1-150x114.jpg 150w, http:\/\/lapidarium.fundacja-hereditas.pl\/wp-content\/uploads\/2024\/05\/E_Dziedziniewicz-Rapca_Warszawa_Zelazna_75A__klatka_glowna_1_pietrol-1-696x527.jpg 696w, http:\/\/lapidarium.fundacja-hereditas.pl\/wp-content\/uploads\/2024\/05\/E_Dziedziniewicz-Rapca_Warszawa_Zelazna_75A__klatka_glowna_1_pietrol-1-1068x809.jpg 1068w, http:\/\/lapidarium.fundacja-hereditas.pl\/wp-content\/uploads\/2024\/05\/E_Dziedziniewicz-Rapca_Warszawa_Zelazna_75A__klatka_glowna_1_pietrol-1-1920x1455.jpg 1920w\" sizes=\"auto, (max-width: 1024px) 100vw, 1024px\" \/><\/a><figcaption class=\"wp-element-caption\">Klatka od ul. Ch\u0142odnej. Obudowa windy przy spoczniku pomi\u0119dzy I-szym pi\u0119trem a parterem. Fot. Ewa Dziedziniewicz-R\u0105pca, 2023 r., \u017ar\u00f3d\u0142o: MWKZ.<\/figcaption><\/figure>\n\n\n\n<figure class=\"wp-block-image size-large\"><a href=\"http:\/\/lapidarium.fundacja-hereditas.pl\/wp-content\/uploads\/2024\/05\/E_Dziedziniewicz-Rapca_Warszawa_Zelazna_75A__klatka_glowna_winda_szyb_5_pietro-1-scaled.jpg\"><img loading=\"lazy\" decoding=\"async\" width=\"769\" height=\"1024\" data-id=\"24751\" src=\"http:\/\/lapidarium.fundacja-hereditas.pl\/wp-content\/uploads\/2024\/05\/E_Dziedziniewicz-Rapca_Warszawa_Zelazna_75A__klatka_glowna_winda_szyb_5_pietro-1-769x1024.jpg\" alt=\"\" class=\"wp-image-24751\" srcset=\"http:\/\/lapidarium.fundacja-hereditas.pl\/wp-content\/uploads\/2024\/05\/E_Dziedziniewicz-Rapca_Warszawa_Zelazna_75A__klatka_glowna_winda_szyb_5_pietro-1-769x1024.jpg 769w, http:\/\/lapidarium.fundacja-hereditas.pl\/wp-content\/uploads\/2024\/05\/E_Dziedziniewicz-Rapca_Warszawa_Zelazna_75A__klatka_glowna_winda_szyb_5_pietro-1-225x300.jpg 225w, http:\/\/lapidarium.fundacja-hereditas.pl\/wp-content\/uploads\/2024\/05\/E_Dziedziniewicz-Rapca_Warszawa_Zelazna_75A__klatka_glowna_winda_szyb_5_pietro-1-768x1023.jpg 768w, http:\/\/lapidarium.fundacja-hereditas.pl\/wp-content\/uploads\/2024\/05\/E_Dziedziniewicz-Rapca_Warszawa_Zelazna_75A__klatka_glowna_winda_szyb_5_pietro-1-1153x1536.jpg 1153w, http:\/\/lapidarium.fundacja-hereditas.pl\/wp-content\/uploads\/2024\/05\/E_Dziedziniewicz-Rapca_Warszawa_Zelazna_75A__klatka_glowna_winda_szyb_5_pietro-1-1538x2048.jpg 1538w, http:\/\/lapidarium.fundacja-hereditas.pl\/wp-content\/uploads\/2024\/05\/E_Dziedziniewicz-Rapca_Warszawa_Zelazna_75A__klatka_glowna_winda_szyb_5_pietro-1-150x200.jpg 150w, http:\/\/lapidarium.fundacja-hereditas.pl\/wp-content\/uploads\/2024\/05\/E_Dziedziniewicz-Rapca_Warszawa_Zelazna_75A__klatka_glowna_winda_szyb_5_pietro-1-300x400.jpg 300w, http:\/\/lapidarium.fundacja-hereditas.pl\/wp-content\/uploads\/2024\/05\/E_Dziedziniewicz-Rapca_Warszawa_Zelazna_75A__klatka_glowna_winda_szyb_5_pietro-1-696x927.jpg 696w, http:\/\/lapidarium.fundacja-hereditas.pl\/wp-content\/uploads\/2024\/05\/E_Dziedziniewicz-Rapca_Warszawa_Zelazna_75A__klatka_glowna_winda_szyb_5_pietro-1-1068x1422.jpg 1068w, http:\/\/lapidarium.fundacja-hereditas.pl\/wp-content\/uploads\/2024\/05\/E_Dziedziniewicz-Rapca_Warszawa_Zelazna_75A__klatka_glowna_winda_szyb_5_pietro-1-1920x2557.jpg 1920w, http:\/\/lapidarium.fundacja-hereditas.pl\/wp-content\/uploads\/2024\/05\/E_Dziedziniewicz-Rapca_Warszawa_Zelazna_75A__klatka_glowna_winda_szyb_5_pietro-1-scaled.jpg 1922w\" sizes=\"auto, (max-width: 769px) 100vw, 769px\" \/><\/a><figcaption class=\"wp-element-caption\">Klatka od ul. Ch\u0142odnej. Obudowa windy &#8211; widok u ostatniej kondygnacji. Fot. Ewa Dziedziniewicz-R\u0105pca, 2023 r., \u017ar\u00f3d\u0142o: MWKZ.<\/figcaption><\/figure>\n\n\n\n<figure class=\"wp-block-image size-large\"><a href=\"http:\/\/lapidarium.fundacja-hereditas.pl\/wp-content\/uploads\/2024\/05\/Joanna_Lipnicka_Warszawa_Chlodna_25_obudowa_szybu_windy-1-scaled.jpeg\"><img loading=\"lazy\" decoding=\"async\" width=\"776\" height=\"1024\" data-id=\"24773\" src=\"http:\/\/lapidarium.fundacja-hereditas.pl\/wp-content\/uploads\/2024\/05\/Joanna_Lipnicka_Warszawa_Chlodna_25_obudowa_szybu_windy-1-776x1024.jpeg\" alt=\"\" class=\"wp-image-24773\" srcset=\"http:\/\/lapidarium.fundacja-hereditas.pl\/wp-content\/uploads\/2024\/05\/Joanna_Lipnicka_Warszawa_Chlodna_25_obudowa_szybu_windy-1-776x1024.jpeg 776w, http:\/\/lapidarium.fundacja-hereditas.pl\/wp-content\/uploads\/2024\/05\/Joanna_Lipnicka_Warszawa_Chlodna_25_obudowa_szybu_windy-1-227x300.jpeg 227w, http:\/\/lapidarium.fundacja-hereditas.pl\/wp-content\/uploads\/2024\/05\/Joanna_Lipnicka_Warszawa_Chlodna_25_obudowa_szybu_windy-1-768x1014.jpeg 768w, http:\/\/lapidarium.fundacja-hereditas.pl\/wp-content\/uploads\/2024\/05\/Joanna_Lipnicka_Warszawa_Chlodna_25_obudowa_szybu_windy-1-1164x1536.jpeg 1164w, http:\/\/lapidarium.fundacja-hereditas.pl\/wp-content\/uploads\/2024\/05\/Joanna_Lipnicka_Warszawa_Chlodna_25_obudowa_szybu_windy-1-1552x2048.jpeg 1552w, http:\/\/lapidarium.fundacja-hereditas.pl\/wp-content\/uploads\/2024\/05\/Joanna_Lipnicka_Warszawa_Chlodna_25_obudowa_szybu_windy-1-150x198.jpeg 150w, http:\/\/lapidarium.fundacja-hereditas.pl\/wp-content\/uploads\/2024\/05\/Joanna_Lipnicka_Warszawa_Chlodna_25_obudowa_szybu_windy-1-300x396.jpeg 300w, http:\/\/lapidarium.fundacja-hereditas.pl\/wp-content\/uploads\/2024\/05\/Joanna_Lipnicka_Warszawa_Chlodna_25_obudowa_szybu_windy-1-696x919.jpeg 696w, http:\/\/lapidarium.fundacja-hereditas.pl\/wp-content\/uploads\/2024\/05\/Joanna_Lipnicka_Warszawa_Chlodna_25_obudowa_szybu_windy-1-1068x1410.jpeg 1068w, http:\/\/lapidarium.fundacja-hereditas.pl\/wp-content\/uploads\/2024\/05\/Joanna_Lipnicka_Warszawa_Chlodna_25_obudowa_szybu_windy-1-1920x2534.jpeg 1920w, http:\/\/lapidarium.fundacja-hereditas.pl\/wp-content\/uploads\/2024\/05\/Joanna_Lipnicka_Warszawa_Chlodna_25_obudowa_szybu_windy-1-scaled.jpeg 1940w\" sizes=\"auto, (max-width: 776px) 100vw, 776px\" \/><\/a><figcaption class=\"wp-element-caption\">Klatka od ul. Ch\u0142odnej. Obudowa szybu windy. Ostatnia kondygnacja. Fot. Joanna Lipnicka, 2023 r., \u017ar\u00f3d\u0142o: MWKZ.<\/figcaption><\/figure>\n\n\n\n<figure class=\"wp-block-image size-large\"><a href=\"http:\/\/lapidarium.fundacja-hereditas.pl\/wp-content\/uploads\/2024\/05\/Joanna_Lipnicka_Warszawa_Chlodna_25_klatka_schody_III_p-1-scaled.jpeg\"><img loading=\"lazy\" decoding=\"async\" width=\"773\" height=\"1024\" data-id=\"24767\" src=\"http:\/\/lapidarium.fundacja-hereditas.pl\/wp-content\/uploads\/2024\/05\/Joanna_Lipnicka_Warszawa_Chlodna_25_klatka_schody_III_p-1-773x1024.jpeg\" alt=\"\" class=\"wp-image-24767\" srcset=\"http:\/\/lapidarium.fundacja-hereditas.pl\/wp-content\/uploads\/2024\/05\/Joanna_Lipnicka_Warszawa_Chlodna_25_klatka_schody_III_p-1-773x1024.jpeg 773w, http:\/\/lapidarium.fundacja-hereditas.pl\/wp-content\/uploads\/2024\/05\/Joanna_Lipnicka_Warszawa_Chlodna_25_klatka_schody_III_p-1-227x300.jpeg 227w, http:\/\/lapidarium.fundacja-hereditas.pl\/wp-content\/uploads\/2024\/05\/Joanna_Lipnicka_Warszawa_Chlodna_25_klatka_schody_III_p-1-768x1017.jpeg 768w, http:\/\/lapidarium.fundacja-hereditas.pl\/wp-content\/uploads\/2024\/05\/Joanna_Lipnicka_Warszawa_Chlodna_25_klatka_schody_III_p-1-1160x1536.jpeg 1160w, http:\/\/lapidarium.fundacja-hereditas.pl\/wp-content\/uploads\/2024\/05\/Joanna_Lipnicka_Warszawa_Chlodna_25_klatka_schody_III_p-1-1547x2048.jpeg 1547w, http:\/\/lapidarium.fundacja-hereditas.pl\/wp-content\/uploads\/2024\/05\/Joanna_Lipnicka_Warszawa_Chlodna_25_klatka_schody_III_p-1-150x199.jpeg 150w, http:\/\/lapidarium.fundacja-hereditas.pl\/wp-content\/uploads\/2024\/05\/Joanna_Lipnicka_Warszawa_Chlodna_25_klatka_schody_III_p-1-300x397.jpeg 300w, http:\/\/lapidarium.fundacja-hereditas.pl\/wp-content\/uploads\/2024\/05\/Joanna_Lipnicka_Warszawa_Chlodna_25_klatka_schody_III_p-1-696x922.jpeg 696w, http:\/\/lapidarium.fundacja-hereditas.pl\/wp-content\/uploads\/2024\/05\/Joanna_Lipnicka_Warszawa_Chlodna_25_klatka_schody_III_p-1-1068x1414.jpeg 1068w, http:\/\/lapidarium.fundacja-hereditas.pl\/wp-content\/uploads\/2024\/05\/Joanna_Lipnicka_Warszawa_Chlodna_25_klatka_schody_III_p-1-1920x2542.jpeg 1920w, http:\/\/lapidarium.fundacja-hereditas.pl\/wp-content\/uploads\/2024\/05\/Joanna_Lipnicka_Warszawa_Chlodna_25_klatka_schody_III_p-1-scaled.jpeg 1933w\" sizes=\"auto, (max-width: 773px) 100vw, 773px\" \/><\/a><figcaption class=\"wp-element-caption\">Klatka od ul. Ch\u0142odnej. Schody na poddasze &#8211; (VI-ta kondygnacja). Fot. Joanna Lipnicka, 2023 r., \u017ar\u00f3d\u0142o: MWKZ.<\/figcaption><\/figure>\n\n\n\n<figure class=\"wp-block-image size-large\"><a href=\"http:\/\/lapidarium.fundacja-hereditas.pl\/wp-content\/uploads\/2024\/05\/E_Dziedziniewicz-Rapca_Warszawa_Zelazna_75A__klatka_glowna_5_pietro_schody_na_do_A-1-scaled.jpg\"><img loading=\"lazy\" decoding=\"async\" width=\"772\" height=\"1024\" data-id=\"24744\" src=\"http:\/\/lapidarium.fundacja-hereditas.pl\/wp-content\/uploads\/2024\/05\/E_Dziedziniewicz-Rapca_Warszawa_Zelazna_75A__klatka_glowna_5_pietro_schody_na_do_A-1-772x1024.jpg\" alt=\"\" class=\"wp-image-24744\" srcset=\"http:\/\/lapidarium.fundacja-hereditas.pl\/wp-content\/uploads\/2024\/05\/E_Dziedziniewicz-Rapca_Warszawa_Zelazna_75A__klatka_glowna_5_pietro_schody_na_do_A-1-772x1024.jpg 772w, http:\/\/lapidarium.fundacja-hereditas.pl\/wp-content\/uploads\/2024\/05\/E_Dziedziniewicz-Rapca_Warszawa_Zelazna_75A__klatka_glowna_5_pietro_schody_na_do_A-1-226x300.jpg 226w, http:\/\/lapidarium.fundacja-hereditas.pl\/wp-content\/uploads\/2024\/05\/E_Dziedziniewicz-Rapca_Warszawa_Zelazna_75A__klatka_glowna_5_pietro_schody_na_do_A-1-768x1019.jpg 768w, http:\/\/lapidarium.fundacja-hereditas.pl\/wp-content\/uploads\/2024\/05\/E_Dziedziniewicz-Rapca_Warszawa_Zelazna_75A__klatka_glowna_5_pietro_schody_na_do_A-1-1158x1536.jpg 1158w, http:\/\/lapidarium.fundacja-hereditas.pl\/wp-content\/uploads\/2024\/05\/E_Dziedziniewicz-Rapca_Warszawa_Zelazna_75A__klatka_glowna_5_pietro_schody_na_do_A-1-1544x2048.jpg 1544w, http:\/\/lapidarium.fundacja-hereditas.pl\/wp-content\/uploads\/2024\/05\/E_Dziedziniewicz-Rapca_Warszawa_Zelazna_75A__klatka_glowna_5_pietro_schody_na_do_A-1-150x199.jpg 150w, http:\/\/lapidarium.fundacja-hereditas.pl\/wp-content\/uploads\/2024\/05\/E_Dziedziniewicz-Rapca_Warszawa_Zelazna_75A__klatka_glowna_5_pietro_schody_na_do_A-1-300x398.jpg 300w, http:\/\/lapidarium.fundacja-hereditas.pl\/wp-content\/uploads\/2024\/05\/E_Dziedziniewicz-Rapca_Warszawa_Zelazna_75A__klatka_glowna_5_pietro_schody_na_do_A-1-696x923.jpg 696w, http:\/\/lapidarium.fundacja-hereditas.pl\/wp-content\/uploads\/2024\/05\/E_Dziedziniewicz-Rapca_Warszawa_Zelazna_75A__klatka_glowna_5_pietro_schody_na_do_A-1-1068x1417.jpg 1068w, http:\/\/lapidarium.fundacja-hereditas.pl\/wp-content\/uploads\/2024\/05\/E_Dziedziniewicz-Rapca_Warszawa_Zelazna_75A__klatka_glowna_5_pietro_schody_na_do_A-1-1920x2548.jpg 1920w, http:\/\/lapidarium.fundacja-hereditas.pl\/wp-content\/uploads\/2024\/05\/E_Dziedziniewicz-Rapca_Warszawa_Zelazna_75A__klatka_glowna_5_pietro_schody_na_do_A-1-scaled.jpg 1929w\" sizes=\"auto, (max-width: 772px) 100vw, 772px\" \/><\/a><figcaption class=\"wp-element-caption\">Klatka od ul. Ch\u0142odnej. Widok na spocznik z ostatniej kondygnacji. Fot. Ewa Dziedziniewicz-R\u0105pca, 2023 r., \u017ar\u00f3d\u0142o: MWKZ.<\/figcaption><\/figure>\n\n\n\n<figure class=\"wp-block-image size-large\"><a href=\"http:\/\/lapidarium.fundacja-hereditas.pl\/wp-content\/uploads\/2024\/05\/Joanna_Lipnicka_Warszawa_Chlodna_25_klatka_widok_na_polpietro_miedzy_III_a_II_p-1-scaled.jpeg\"><img loading=\"lazy\" decoding=\"async\" width=\"772\" height=\"1024\" data-id=\"24770\" src=\"http:\/\/lapidarium.fundacja-hereditas.pl\/wp-content\/uploads\/2024\/05\/Joanna_Lipnicka_Warszawa_Chlodna_25_klatka_widok_na_polpietro_miedzy_III_a_II_p-1-772x1024.jpeg\" alt=\"\" class=\"wp-image-24770\" srcset=\"http:\/\/lapidarium.fundacja-hereditas.pl\/wp-content\/uploads\/2024\/05\/Joanna_Lipnicka_Warszawa_Chlodna_25_klatka_widok_na_polpietro_miedzy_III_a_II_p-1-772x1024.jpeg 772w, http:\/\/lapidarium.fundacja-hereditas.pl\/wp-content\/uploads\/2024\/05\/Joanna_Lipnicka_Warszawa_Chlodna_25_klatka_widok_na_polpietro_miedzy_III_a_II_p-1-226x300.jpeg 226w, http:\/\/lapidarium.fundacja-hereditas.pl\/wp-content\/uploads\/2024\/05\/Joanna_Lipnicka_Warszawa_Chlodna_25_klatka_widok_na_polpietro_miedzy_III_a_II_p-1-768x1019.jpeg 768w, http:\/\/lapidarium.fundacja-hereditas.pl\/wp-content\/uploads\/2024\/05\/Joanna_Lipnicka_Warszawa_Chlodna_25_klatka_widok_na_polpietro_miedzy_III_a_II_p-1-1158x1536.jpeg 1158w, http:\/\/lapidarium.fundacja-hereditas.pl\/wp-content\/uploads\/2024\/05\/Joanna_Lipnicka_Warszawa_Chlodna_25_klatka_widok_na_polpietro_miedzy_III_a_II_p-1-1544x2048.jpeg 1544w, http:\/\/lapidarium.fundacja-hereditas.pl\/wp-content\/uploads\/2024\/05\/Joanna_Lipnicka_Warszawa_Chlodna_25_klatka_widok_na_polpietro_miedzy_III_a_II_p-1-150x199.jpeg 150w, http:\/\/lapidarium.fundacja-hereditas.pl\/wp-content\/uploads\/2024\/05\/Joanna_Lipnicka_Warszawa_Chlodna_25_klatka_widok_na_polpietro_miedzy_III_a_II_p-1-300x398.jpeg 300w, http:\/\/lapidarium.fundacja-hereditas.pl\/wp-content\/uploads\/2024\/05\/Joanna_Lipnicka_Warszawa_Chlodna_25_klatka_widok_na_polpietro_miedzy_III_a_II_p-1-696x923.jpeg 696w, http:\/\/lapidarium.fundacja-hereditas.pl\/wp-content\/uploads\/2024\/05\/Joanna_Lipnicka_Warszawa_Chlodna_25_klatka_widok_na_polpietro_miedzy_III_a_II_p-1-1068x1417.jpeg 1068w, http:\/\/lapidarium.fundacja-hereditas.pl\/wp-content\/uploads\/2024\/05\/Joanna_Lipnicka_Warszawa_Chlodna_25_klatka_widok_na_polpietro_miedzy_III_a_II_p-1-1920x2547.jpeg 1920w, http:\/\/lapidarium.fundacja-hereditas.pl\/wp-content\/uploads\/2024\/05\/Joanna_Lipnicka_Warszawa_Chlodna_25_klatka_widok_na_polpietro_miedzy_III_a_II_p-1-scaled.jpeg 1930w\" sizes=\"auto, (max-width: 772px) 100vw, 772px\" \/><\/a><figcaption class=\"wp-element-caption\">Klatka od ul. Ch\u0142odnej. Obudowa szybu windy (z lewej) i widok na spocznik z ostatniego pi\u0119tra. Fot. Joanna Lipnicka, 2023 r., \u017ar\u00f3d\u0142o: MWKZ.<\/figcaption><\/figure>\n\n\n\n<figure class=\"wp-block-image size-large\"><a href=\"http:\/\/lapidarium.fundacja-hereditas.pl\/wp-content\/uploads\/2024\/05\/Joanna_Lipnicka_Warszawa_Chlodna_25_balustrada_ostatniej_kondygnacji-1-scaled.jpeg\"><img loading=\"lazy\" decoding=\"async\" width=\"780\" height=\"1024\" data-id=\"24754\" src=\"http:\/\/lapidarium.fundacja-hereditas.pl\/wp-content\/uploads\/2024\/05\/Joanna_Lipnicka_Warszawa_Chlodna_25_balustrada_ostatniej_kondygnacji-1-780x1024.jpeg\" alt=\"\" class=\"wp-image-24754\" srcset=\"http:\/\/lapidarium.fundacja-hereditas.pl\/wp-content\/uploads\/2024\/05\/Joanna_Lipnicka_Warszawa_Chlodna_25_balustrada_ostatniej_kondygnacji-1-780x1024.jpeg 780w, http:\/\/lapidarium.fundacja-hereditas.pl\/wp-content\/uploads\/2024\/05\/Joanna_Lipnicka_Warszawa_Chlodna_25_balustrada_ostatniej_kondygnacji-1-228x300.jpeg 228w, http:\/\/lapidarium.fundacja-hereditas.pl\/wp-content\/uploads\/2024\/05\/Joanna_Lipnicka_Warszawa_Chlodna_25_balustrada_ostatniej_kondygnacji-1-768x1009.jpeg 768w, http:\/\/lapidarium.fundacja-hereditas.pl\/wp-content\/uploads\/2024\/05\/Joanna_Lipnicka_Warszawa_Chlodna_25_balustrada_ostatniej_kondygnacji-1-1170x1536.jpeg 1170w, http:\/\/lapidarium.fundacja-hereditas.pl\/wp-content\/uploads\/2024\/05\/Joanna_Lipnicka_Warszawa_Chlodna_25_balustrada_ostatniej_kondygnacji-1-1560x2048.jpeg 1560w, http:\/\/lapidarium.fundacja-hereditas.pl\/wp-content\/uploads\/2024\/05\/Joanna_Lipnicka_Warszawa_Chlodna_25_balustrada_ostatniej_kondygnacji-1-150x197.jpeg 150w, http:\/\/lapidarium.fundacja-hereditas.pl\/wp-content\/uploads\/2024\/05\/Joanna_Lipnicka_Warszawa_Chlodna_25_balustrada_ostatniej_kondygnacji-1-300x394.jpeg 300w, http:\/\/lapidarium.fundacja-hereditas.pl\/wp-content\/uploads\/2024\/05\/Joanna_Lipnicka_Warszawa_Chlodna_25_balustrada_ostatniej_kondygnacji-1-696x914.jpeg 696w, http:\/\/lapidarium.fundacja-hereditas.pl\/wp-content\/uploads\/2024\/05\/Joanna_Lipnicka_Warszawa_Chlodna_25_balustrada_ostatniej_kondygnacji-1-1068x1402.jpeg 1068w, http:\/\/lapidarium.fundacja-hereditas.pl\/wp-content\/uploads\/2024\/05\/Joanna_Lipnicka_Warszawa_Chlodna_25_balustrada_ostatniej_kondygnacji-1-1920x2521.jpeg 1920w, http:\/\/lapidarium.fundacja-hereditas.pl\/wp-content\/uploads\/2024\/05\/Joanna_Lipnicka_Warszawa_Chlodna_25_balustrada_ostatniej_kondygnacji-1-scaled.jpeg 1949w\" sizes=\"auto, (max-width: 780px) 100vw, 780px\" \/><\/a><figcaption class=\"wp-element-caption\">Klatka od ul. Ch\u0142odnej. Schody &#8211; widok na ostatni\u0105 kondygnacj\u0119. Fot. Joanna Lipnicka, 2023 r., \u017ar\u00f3d\u0142o: MWKZ.<\/figcaption><\/figure>\n\n\n\n<figure class=\"wp-block-image size-large\"><a href=\"http:\/\/lapidarium.fundacja-hereditas.pl\/wp-content\/uploads\/2024\/05\/Joanna_Lipnicka_Warszawa_Chlodna_25_elewacja_tylna_calosc-scaled.jpeg\"><img loading=\"lazy\" decoding=\"async\" width=\"836\" height=\"1024\" data-id=\"24653\" src=\"http:\/\/lapidarium.fundacja-hereditas.pl\/wp-content\/uploads\/2024\/05\/Joanna_Lipnicka_Warszawa_Chlodna_25_elewacja_tylna_calosc-836x1024.jpeg\" alt=\"\" class=\"wp-image-24653\" srcset=\"http:\/\/lapidarium.fundacja-hereditas.pl\/wp-content\/uploads\/2024\/05\/Joanna_Lipnicka_Warszawa_Chlodna_25_elewacja_tylna_calosc-836x1024.jpeg 836w, http:\/\/lapidarium.fundacja-hereditas.pl\/wp-content\/uploads\/2024\/05\/Joanna_Lipnicka_Warszawa_Chlodna_25_elewacja_tylna_calosc-245x300.jpeg 245w, http:\/\/lapidarium.fundacja-hereditas.pl\/wp-content\/uploads\/2024\/05\/Joanna_Lipnicka_Warszawa_Chlodna_25_elewacja_tylna_calosc-768x941.jpeg 768w, http:\/\/lapidarium.fundacja-hereditas.pl\/wp-content\/uploads\/2024\/05\/Joanna_Lipnicka_Warszawa_Chlodna_25_elewacja_tylna_calosc-1254x1536.jpeg 1254w, http:\/\/lapidarium.fundacja-hereditas.pl\/wp-content\/uploads\/2024\/05\/Joanna_Lipnicka_Warszawa_Chlodna_25_elewacja_tylna_calosc-1672x2048.jpeg 1672w, http:\/\/lapidarium.fundacja-hereditas.pl\/wp-content\/uploads\/2024\/05\/Joanna_Lipnicka_Warszawa_Chlodna_25_elewacja_tylna_calosc-150x184.jpeg 150w, http:\/\/lapidarium.fundacja-hereditas.pl\/wp-content\/uploads\/2024\/05\/Joanna_Lipnicka_Warszawa_Chlodna_25_elewacja_tylna_calosc-300x367.jpeg 300w, http:\/\/lapidarium.fundacja-hereditas.pl\/wp-content\/uploads\/2024\/05\/Joanna_Lipnicka_Warszawa_Chlodna_25_elewacja_tylna_calosc-696x853.jpeg 696w, http:\/\/lapidarium.fundacja-hereditas.pl\/wp-content\/uploads\/2024\/05\/Joanna_Lipnicka_Warszawa_Chlodna_25_elewacja_tylna_calosc-1068x1308.jpeg 1068w, http:\/\/lapidarium.fundacja-hereditas.pl\/wp-content\/uploads\/2024\/05\/Joanna_Lipnicka_Warszawa_Chlodna_25_elewacja_tylna_calosc-1920x2352.jpeg 1920w\" sizes=\"auto, (max-width: 836px) 100vw, 836px\" \/><\/a><figcaption class=\"wp-element-caption\">Podw\u00f3rze. Widok og\u00f3lny od po\u0142udnia. Fot. Joanna Lipnicka, 2023 r., \u017ar\u00f3d\u0142o: MWKZ.<\/figcaption><\/figure>\n\n\n\n<figure class=\"wp-block-image size-large\"><a href=\"http:\/\/lapidarium.fundacja-hereditas.pl\/wp-content\/uploads\/2024\/05\/Joanna_Lipnicka_Warszawa_Chlodna_25_wejscie_od_podworka-scaled.jpeg\"><img loading=\"lazy\" decoding=\"async\" width=\"910\" height=\"1024\" data-id=\"24654\" src=\"http:\/\/lapidarium.fundacja-hereditas.pl\/wp-content\/uploads\/2024\/05\/Joanna_Lipnicka_Warszawa_Chlodna_25_wejscie_od_podworka-910x1024.jpeg\" alt=\"\" class=\"wp-image-24654\" srcset=\"http:\/\/lapidarium.fundacja-hereditas.pl\/wp-content\/uploads\/2024\/05\/Joanna_Lipnicka_Warszawa_Chlodna_25_wejscie_od_podworka-910x1024.jpeg 910w, http:\/\/lapidarium.fundacja-hereditas.pl\/wp-content\/uploads\/2024\/05\/Joanna_Lipnicka_Warszawa_Chlodna_25_wejscie_od_podworka-267x300.jpeg 267w, http:\/\/lapidarium.fundacja-hereditas.pl\/wp-content\/uploads\/2024\/05\/Joanna_Lipnicka_Warszawa_Chlodna_25_wejscie_od_podworka-768x865.jpeg 768w, http:\/\/lapidarium.fundacja-hereditas.pl\/wp-content\/uploads\/2024\/05\/Joanna_Lipnicka_Warszawa_Chlodna_25_wejscie_od_podworka-1365x1536.jpeg 1365w, http:\/\/lapidarium.fundacja-hereditas.pl\/wp-content\/uploads\/2024\/05\/Joanna_Lipnicka_Warszawa_Chlodna_25_wejscie_od_podworka-1819x2048.jpeg 1819w, http:\/\/lapidarium.fundacja-hereditas.pl\/wp-content\/uploads\/2024\/05\/Joanna_Lipnicka_Warszawa_Chlodna_25_wejscie_od_podworka-150x169.jpeg 150w, http:\/\/lapidarium.fundacja-hereditas.pl\/wp-content\/uploads\/2024\/05\/Joanna_Lipnicka_Warszawa_Chlodna_25_wejscie_od_podworka-300x338.jpeg 300w, http:\/\/lapidarium.fundacja-hereditas.pl\/wp-content\/uploads\/2024\/05\/Joanna_Lipnicka_Warszawa_Chlodna_25_wejscie_od_podworka-696x783.jpeg 696w, http:\/\/lapidarium.fundacja-hereditas.pl\/wp-content\/uploads\/2024\/05\/Joanna_Lipnicka_Warszawa_Chlodna_25_wejscie_od_podworka-1068x1202.jpeg 1068w, http:\/\/lapidarium.fundacja-hereditas.pl\/wp-content\/uploads\/2024\/05\/Joanna_Lipnicka_Warszawa_Chlodna_25_wejscie_od_podworka-1920x2161.jpeg 1920w\" sizes=\"auto, (max-width: 910px) 100vw, 910px\" \/><\/a><figcaption class=\"wp-element-caption\">Podw\u00f3rze. Drzwi na klatk\u0119 w budynku od ul. Ch\u0142odnej. Fot. Joanna Lipnicka, 2023 r., \u017ar\u00f3d\u0142o: MWKZ.<\/figcaption><\/figure>\n\n\n\n<figure class=\"wp-block-image size-large\"><a href=\"http:\/\/lapidarium.fundacja-hereditas.pl\/wp-content\/uploads\/2024\/05\/Joanna_Lipnicka_Warszawa_Chlodna_25_elewacja_tylna-scaled.jpeg\"><img loading=\"lazy\" decoding=\"async\" width=\"781\" height=\"1024\" data-id=\"24652\" src=\"http:\/\/lapidarium.fundacja-hereditas.pl\/wp-content\/uploads\/2024\/05\/Joanna_Lipnicka_Warszawa_Chlodna_25_elewacja_tylna-781x1024.jpeg\" alt=\"\" class=\"wp-image-24652\" srcset=\"http:\/\/lapidarium.fundacja-hereditas.pl\/wp-content\/uploads\/2024\/05\/Joanna_Lipnicka_Warszawa_Chlodna_25_elewacja_tylna-781x1024.jpeg 781w, http:\/\/lapidarium.fundacja-hereditas.pl\/wp-content\/uploads\/2024\/05\/Joanna_Lipnicka_Warszawa_Chlodna_25_elewacja_tylna-229x300.jpeg 229w, http:\/\/lapidarium.fundacja-hereditas.pl\/wp-content\/uploads\/2024\/05\/Joanna_Lipnicka_Warszawa_Chlodna_25_elewacja_tylna-768x1007.jpeg 768w, http:\/\/lapidarium.fundacja-hereditas.pl\/wp-content\/uploads\/2024\/05\/Joanna_Lipnicka_Warszawa_Chlodna_25_elewacja_tylna-1171x1536.jpeg 1171w, http:\/\/lapidarium.fundacja-hereditas.pl\/wp-content\/uploads\/2024\/05\/Joanna_Lipnicka_Warszawa_Chlodna_25_elewacja_tylna-1562x2048.jpeg 1562w, http:\/\/lapidarium.fundacja-hereditas.pl\/wp-content\/uploads\/2024\/05\/Joanna_Lipnicka_Warszawa_Chlodna_25_elewacja_tylna-150x197.jpeg 150w, http:\/\/lapidarium.fundacja-hereditas.pl\/wp-content\/uploads\/2024\/05\/Joanna_Lipnicka_Warszawa_Chlodna_25_elewacja_tylna-300x393.jpeg 300w, http:\/\/lapidarium.fundacja-hereditas.pl\/wp-content\/uploads\/2024\/05\/Joanna_Lipnicka_Warszawa_Chlodna_25_elewacja_tylna-696x913.jpeg 696w, http:\/\/lapidarium.fundacja-hereditas.pl\/wp-content\/uploads\/2024\/05\/Joanna_Lipnicka_Warszawa_Chlodna_25_elewacja_tylna-1068x1400.jpeg 1068w, http:\/\/lapidarium.fundacja-hereditas.pl\/wp-content\/uploads\/2024\/05\/Joanna_Lipnicka_Warszawa_Chlodna_25_elewacja_tylna-1920x2517.jpeg 1920w, http:\/\/lapidarium.fundacja-hereditas.pl\/wp-content\/uploads\/2024\/05\/Joanna_Lipnicka_Warszawa_Chlodna_25_elewacja_tylna-scaled.jpeg 1952w\" sizes=\"auto, (max-width: 781px) 100vw, 781px\" \/><\/a><figcaption class=\"wp-element-caption\">Podw\u00f3rze. Widok og\u00f3lny od po\u0142udnia na zachodni\u0105 parti\u0119 budynku. Fot. Joanna Lipnicka, 2023 r., \u017ar\u00f3d\u0142o: MWKZ.<\/figcaption><\/figure>\n\n\n\n<figure class=\"wp-block-image size-large\"><a href=\"http:\/\/lapidarium.fundacja-hereditas.pl\/wp-content\/uploads\/2024\/05\/E_Dziedziniewicz-Rapca_Warszawa_Zelazna_75A_elewacja_od_podworza_B-scaled.jpg\"><img loading=\"lazy\" decoding=\"async\" width=\"1024\" height=\"795\" data-id=\"24647\" src=\"http:\/\/lapidarium.fundacja-hereditas.pl\/wp-content\/uploads\/2024\/05\/E_Dziedziniewicz-Rapca_Warszawa_Zelazna_75A_elewacja_od_podworza_B-1024x795.jpg\" alt=\"\" class=\"wp-image-24647\" srcset=\"http:\/\/lapidarium.fundacja-hereditas.pl\/wp-content\/uploads\/2024\/05\/E_Dziedziniewicz-Rapca_Warszawa_Zelazna_75A_elewacja_od_podworza_B-1024x795.jpg 1024w, http:\/\/lapidarium.fundacja-hereditas.pl\/wp-content\/uploads\/2024\/05\/E_Dziedziniewicz-Rapca_Warszawa_Zelazna_75A_elewacja_od_podworza_B-300x233.jpg 300w, http:\/\/lapidarium.fundacja-hereditas.pl\/wp-content\/uploads\/2024\/05\/E_Dziedziniewicz-Rapca_Warszawa_Zelazna_75A_elewacja_od_podworza_B-768x597.jpg 768w, http:\/\/lapidarium.fundacja-hereditas.pl\/wp-content\/uploads\/2024\/05\/E_Dziedziniewicz-Rapca_Warszawa_Zelazna_75A_elewacja_od_podworza_B-1536x1193.jpg 1536w, http:\/\/lapidarium.fundacja-hereditas.pl\/wp-content\/uploads\/2024\/05\/E_Dziedziniewicz-Rapca_Warszawa_Zelazna_75A_elewacja_od_podworza_B-2048x1591.jpg 2048w, http:\/\/lapidarium.fundacja-hereditas.pl\/wp-content\/uploads\/2024\/05\/E_Dziedziniewicz-Rapca_Warszawa_Zelazna_75A_elewacja_od_podworza_B-150x117.jpg 150w, http:\/\/lapidarium.fundacja-hereditas.pl\/wp-content\/uploads\/2024\/05\/E_Dziedziniewicz-Rapca_Warszawa_Zelazna_75A_elewacja_od_podworza_B-696x541.jpg 696w, http:\/\/lapidarium.fundacja-hereditas.pl\/wp-content\/uploads\/2024\/05\/E_Dziedziniewicz-Rapca_Warszawa_Zelazna_75A_elewacja_od_podworza_B-1068x830.jpg 1068w, http:\/\/lapidarium.fundacja-hereditas.pl\/wp-content\/uploads\/2024\/05\/E_Dziedziniewicz-Rapca_Warszawa_Zelazna_75A_elewacja_od_podworza_B-1920x1491.jpg 1920w\" sizes=\"auto, (max-width: 1024px) 100vw, 1024px\" \/><\/a><figcaption class=\"wp-element-caption\">Podw\u00f3rze. Widok na p\u00f3\u0142noc. Fot. Ewa Dziedziniewicz-R\u0105pca, 2023 r., \u017ar\u00f3d\u0142o: MWKZ<\/figcaption><\/figure>\n\n\n\n<figure class=\"wp-block-image size-large\"><a href=\"http:\/\/lapidarium.fundacja-hereditas.pl\/wp-content\/uploads\/2024\/05\/E_Dziedziniewicz-Rapca_Warszawa_Zelazna_75A_elewacja_od_podworza_J-scaled.jpg\"><img loading=\"lazy\" decoding=\"async\" width=\"1024\" height=\"790\" data-id=\"24651\" src=\"http:\/\/lapidarium.fundacja-hereditas.pl\/wp-content\/uploads\/2024\/05\/E_Dziedziniewicz-Rapca_Warszawa_Zelazna_75A_elewacja_od_podworza_J-1024x790.jpg\" alt=\"\" class=\"wp-image-24651\" srcset=\"http:\/\/lapidarium.fundacja-hereditas.pl\/wp-content\/uploads\/2024\/05\/E_Dziedziniewicz-Rapca_Warszawa_Zelazna_75A_elewacja_od_podworza_J-1024x790.jpg 1024w, http:\/\/lapidarium.fundacja-hereditas.pl\/wp-content\/uploads\/2024\/05\/E_Dziedziniewicz-Rapca_Warszawa_Zelazna_75A_elewacja_od_podworza_J-300x232.jpg 300w, http:\/\/lapidarium.fundacja-hereditas.pl\/wp-content\/uploads\/2024\/05\/E_Dziedziniewicz-Rapca_Warszawa_Zelazna_75A_elewacja_od_podworza_J-768x593.jpg 768w, http:\/\/lapidarium.fundacja-hereditas.pl\/wp-content\/uploads\/2024\/05\/E_Dziedziniewicz-Rapca_Warszawa_Zelazna_75A_elewacja_od_podworza_J-1536x1186.jpg 1536w, http:\/\/lapidarium.fundacja-hereditas.pl\/wp-content\/uploads\/2024\/05\/E_Dziedziniewicz-Rapca_Warszawa_Zelazna_75A_elewacja_od_podworza_J-2048x1581.jpg 2048w, http:\/\/lapidarium.fundacja-hereditas.pl\/wp-content\/uploads\/2024\/05\/E_Dziedziniewicz-Rapca_Warszawa_Zelazna_75A_elewacja_od_podworza_J-150x116.jpg 150w, http:\/\/lapidarium.fundacja-hereditas.pl\/wp-content\/uploads\/2024\/05\/E_Dziedziniewicz-Rapca_Warszawa_Zelazna_75A_elewacja_od_podworza_J-696x537.jpg 696w, http:\/\/lapidarium.fundacja-hereditas.pl\/wp-content\/uploads\/2024\/05\/E_Dziedziniewicz-Rapca_Warszawa_Zelazna_75A_elewacja_od_podworza_J-1068x824.jpg 1068w, http:\/\/lapidarium.fundacja-hereditas.pl\/wp-content\/uploads\/2024\/05\/E_Dziedziniewicz-Rapca_Warszawa_Zelazna_75A_elewacja_od_podworza_J-1920x1482.jpg 1920w\" sizes=\"auto, (max-width: 1024px) 100vw, 1024px\" \/><\/a><figcaption class=\"wp-element-caption\">Podw\u00f3rze. Widok z g\u00f3rnych kondygnacji domu od ul. \u017belaznej ku zachodowi. Fot. Ewa Dziedziniewicz-R\u0105pca, 2023 r., \u017ar\u00f3d\u0142o: MWKZ<\/figcaption><\/figure>\n\n\n\n<figure class=\"wp-block-image size-large\"><a href=\"http:\/\/lapidarium.fundacja-hereditas.pl\/wp-content\/uploads\/2024\/05\/E_Dziedziniewicz-Rapca_Warszawa_Zelazna_75A_elewacja_od_podworza_I-scaled.jpg\"><img loading=\"lazy\" decoding=\"async\" width=\"1024\" height=\"744\" data-id=\"24650\" src=\"http:\/\/lapidarium.fundacja-hereditas.pl\/wp-content\/uploads\/2024\/05\/E_Dziedziniewicz-Rapca_Warszawa_Zelazna_75A_elewacja_od_podworza_I-1024x744.jpg\" alt=\"\" class=\"wp-image-24650\" srcset=\"http:\/\/lapidarium.fundacja-hereditas.pl\/wp-content\/uploads\/2024\/05\/E_Dziedziniewicz-Rapca_Warszawa_Zelazna_75A_elewacja_od_podworza_I-1024x744.jpg 1024w, http:\/\/lapidarium.fundacja-hereditas.pl\/wp-content\/uploads\/2024\/05\/E_Dziedziniewicz-Rapca_Warszawa_Zelazna_75A_elewacja_od_podworza_I-300x218.jpg 300w, http:\/\/lapidarium.fundacja-hereditas.pl\/wp-content\/uploads\/2024\/05\/E_Dziedziniewicz-Rapca_Warszawa_Zelazna_75A_elewacja_od_podworza_I-768x558.jpg 768w, http:\/\/lapidarium.fundacja-hereditas.pl\/wp-content\/uploads\/2024\/05\/E_Dziedziniewicz-Rapca_Warszawa_Zelazna_75A_elewacja_od_podworza_I-1536x1116.jpg 1536w, http:\/\/lapidarium.fundacja-hereditas.pl\/wp-content\/uploads\/2024\/05\/E_Dziedziniewicz-Rapca_Warszawa_Zelazna_75A_elewacja_od_podworza_I-2048x1488.jpg 2048w, http:\/\/lapidarium.fundacja-hereditas.pl\/wp-content\/uploads\/2024\/05\/E_Dziedziniewicz-Rapca_Warszawa_Zelazna_75A_elewacja_od_podworza_I-150x109.jpg 150w, http:\/\/lapidarium.fundacja-hereditas.pl\/wp-content\/uploads\/2024\/05\/E_Dziedziniewicz-Rapca_Warszawa_Zelazna_75A_elewacja_od_podworza_I-696x506.jpg 696w, http:\/\/lapidarium.fundacja-hereditas.pl\/wp-content\/uploads\/2024\/05\/E_Dziedziniewicz-Rapca_Warszawa_Zelazna_75A_elewacja_od_podworza_I-1068x776.jpg 1068w, http:\/\/lapidarium.fundacja-hereditas.pl\/wp-content\/uploads\/2024\/05\/E_Dziedziniewicz-Rapca_Warszawa_Zelazna_75A_elewacja_od_podworza_I-1920x1395.jpg 1920w\" sizes=\"auto, (max-width: 1024px) 100vw, 1024px\" \/><\/a><figcaption class=\"wp-element-caption\">Podw\u00f3rze. Widok z g\u00f3rnych kondygnacji domu od ul. \u017belaznej ku zachodowi. Fot. Ewa Dziedziniewicz-R\u0105pca, 2023 r., \u017ar\u00f3d\u0142o: MWKZ<\/figcaption><\/figure>\n\n\n\n<figure class=\"wp-block-image size-large\"><a href=\"http:\/\/lapidarium.fundacja-hereditas.pl\/wp-content\/uploads\/2024\/05\/E_Dziedziniewicz-Rapca_Warszawa_Zelazna_75A_elewacja_od_podworza_D-scaled.jpg\"><img loading=\"lazy\" decoding=\"async\" width=\"1024\" height=\"778\" data-id=\"24649\" src=\"http:\/\/lapidarium.fundacja-hereditas.pl\/wp-content\/uploads\/2024\/05\/E_Dziedziniewicz-Rapca_Warszawa_Zelazna_75A_elewacja_od_podworza_D-1024x778.jpg\" alt=\"\" class=\"wp-image-24649\" srcset=\"http:\/\/lapidarium.fundacja-hereditas.pl\/wp-content\/uploads\/2024\/05\/E_Dziedziniewicz-Rapca_Warszawa_Zelazna_75A_elewacja_od_podworza_D-1024x778.jpg 1024w, http:\/\/lapidarium.fundacja-hereditas.pl\/wp-content\/uploads\/2024\/05\/E_Dziedziniewicz-Rapca_Warszawa_Zelazna_75A_elewacja_od_podworza_D-300x228.jpg 300w, http:\/\/lapidarium.fundacja-hereditas.pl\/wp-content\/uploads\/2024\/05\/E_Dziedziniewicz-Rapca_Warszawa_Zelazna_75A_elewacja_od_podworza_D-768x584.jpg 768w, http:\/\/lapidarium.fundacja-hereditas.pl\/wp-content\/uploads\/2024\/05\/E_Dziedziniewicz-Rapca_Warszawa_Zelazna_75A_elewacja_od_podworza_D-1536x1167.jpg 1536w, http:\/\/lapidarium.fundacja-hereditas.pl\/wp-content\/uploads\/2024\/05\/E_Dziedziniewicz-Rapca_Warszawa_Zelazna_75A_elewacja_od_podworza_D-2048x1556.jpg 2048w, http:\/\/lapidarium.fundacja-hereditas.pl\/wp-content\/uploads\/2024\/05\/E_Dziedziniewicz-Rapca_Warszawa_Zelazna_75A_elewacja_od_podworza_D-150x114.jpg 150w, http:\/\/lapidarium.fundacja-hereditas.pl\/wp-content\/uploads\/2024\/05\/E_Dziedziniewicz-Rapca_Warszawa_Zelazna_75A_elewacja_od_podworza_D-696x529.jpg 696w, http:\/\/lapidarium.fundacja-hereditas.pl\/wp-content\/uploads\/2024\/05\/E_Dziedziniewicz-Rapca_Warszawa_Zelazna_75A_elewacja_od_podworza_D-1068x812.jpg 1068w, http:\/\/lapidarium.fundacja-hereditas.pl\/wp-content\/uploads\/2024\/05\/E_Dziedziniewicz-Rapca_Warszawa_Zelazna_75A_elewacja_od_podworza_D-1920x1459.jpg 1920w\" sizes=\"auto, (max-width: 1024px) 100vw, 1024px\" \/><\/a><figcaption class=\"wp-element-caption\">Podw\u00f3rze. Widok na parterowe przed\u0142u\u017cenie oficyny zachodniej. Fot. Ewa Dziedziniewicz-R\u0105pca, 2023 r., \u017ar\u00f3d\u0142o: MWKZ<\/figcaption><\/figure>\n\n\n\n<figure class=\"wp-block-image size-large\"><a href=\"http:\/\/lapidarium.fundacja-hereditas.pl\/wp-content\/uploads\/2024\/05\/Lipnicka_Joanna_Warszawa_Zelazna_75A_elewacja_poludniowa_Chlodnej_25-scaled.jpeg\"><img loading=\"lazy\" decoding=\"async\" width=\"1024\" height=\"770\" data-id=\"24655\" src=\"http:\/\/lapidarium.fundacja-hereditas.pl\/wp-content\/uploads\/2024\/05\/Lipnicka_Joanna_Warszawa_Zelazna_75A_elewacja_poludniowa_Chlodnej_25-1024x770.jpeg\" alt=\"\" class=\"wp-image-24655\" srcset=\"http:\/\/lapidarium.fundacja-hereditas.pl\/wp-content\/uploads\/2024\/05\/Lipnicka_Joanna_Warszawa_Zelazna_75A_elewacja_poludniowa_Chlodnej_25-1024x770.jpeg 1024w, http:\/\/lapidarium.fundacja-hereditas.pl\/wp-content\/uploads\/2024\/05\/Lipnicka_Joanna_Warszawa_Zelazna_75A_elewacja_poludniowa_Chlodnej_25-300x226.jpeg 300w, http:\/\/lapidarium.fundacja-hereditas.pl\/wp-content\/uploads\/2024\/05\/Lipnicka_Joanna_Warszawa_Zelazna_75A_elewacja_poludniowa_Chlodnej_25-768x578.jpeg 768w, http:\/\/lapidarium.fundacja-hereditas.pl\/wp-content\/uploads\/2024\/05\/Lipnicka_Joanna_Warszawa_Zelazna_75A_elewacja_poludniowa_Chlodnej_25-1536x1156.jpeg 1536w, http:\/\/lapidarium.fundacja-hereditas.pl\/wp-content\/uploads\/2024\/05\/Lipnicka_Joanna_Warszawa_Zelazna_75A_elewacja_poludniowa_Chlodnej_25-2048x1541.jpeg 2048w, http:\/\/lapidarium.fundacja-hereditas.pl\/wp-content\/uploads\/2024\/05\/Lipnicka_Joanna_Warszawa_Zelazna_75A_elewacja_poludniowa_Chlodnej_25-150x113.jpeg 150w, http:\/\/lapidarium.fundacja-hereditas.pl\/wp-content\/uploads\/2024\/05\/Lipnicka_Joanna_Warszawa_Zelazna_75A_elewacja_poludniowa_Chlodnej_25-696x524.jpeg 696w, http:\/\/lapidarium.fundacja-hereditas.pl\/wp-content\/uploads\/2024\/05\/Lipnicka_Joanna_Warszawa_Zelazna_75A_elewacja_poludniowa_Chlodnej_25-1068x804.jpeg 1068w, http:\/\/lapidarium.fundacja-hereditas.pl\/wp-content\/uploads\/2024\/05\/Lipnicka_Joanna_Warszawa_Zelazna_75A_elewacja_poludniowa_Chlodnej_25-1920x1445.jpeg 1920w\" sizes=\"auto, (max-width: 1024px) 100vw, 1024px\" \/><\/a><figcaption class=\"wp-element-caption\">Podw\u00f3rze. Widok na p\u00f3\u0142noc. Po prawej dom od strony ul. \u017belaznej. Fot. Joanna Lipnicka, 2023 r., \u017ar\u00f3d\u0142o: MWKZ.<\/figcaption><\/figure>\n\n\n\n<figure class=\"wp-block-image size-large\"><a href=\"http:\/\/lapidarium.fundacja-hereditas.pl\/wp-content\/uploads\/2024\/05\/Lipnicka_Joanna_Warszawa_Zelazna_75A_elewacja_tyl_chlodnej_25-scaled.jpeg\"><img loading=\"lazy\" decoding=\"async\" width=\"775\" height=\"1024\" data-id=\"24656\" src=\"http:\/\/lapidarium.fundacja-hereditas.pl\/wp-content\/uploads\/2024\/05\/Lipnicka_Joanna_Warszawa_Zelazna_75A_elewacja_tyl_chlodnej_25-775x1024.jpeg\" alt=\"\" class=\"wp-image-24656\" srcset=\"http:\/\/lapidarium.fundacja-hereditas.pl\/wp-content\/uploads\/2024\/05\/Lipnicka_Joanna_Warszawa_Zelazna_75A_elewacja_tyl_chlodnej_25-775x1024.jpeg 775w, http:\/\/lapidarium.fundacja-hereditas.pl\/wp-content\/uploads\/2024\/05\/Lipnicka_Joanna_Warszawa_Zelazna_75A_elewacja_tyl_chlodnej_25-227x300.jpeg 227w, http:\/\/lapidarium.fundacja-hereditas.pl\/wp-content\/uploads\/2024\/05\/Lipnicka_Joanna_Warszawa_Zelazna_75A_elewacja_tyl_chlodnej_25-768x1015.jpeg 768w, http:\/\/lapidarium.fundacja-hereditas.pl\/wp-content\/uploads\/2024\/05\/Lipnicka_Joanna_Warszawa_Zelazna_75A_elewacja_tyl_chlodnej_25-1162x1536.jpeg 1162w, http:\/\/lapidarium.fundacja-hereditas.pl\/wp-content\/uploads\/2024\/05\/Lipnicka_Joanna_Warszawa_Zelazna_75A_elewacja_tyl_chlodnej_25-1550x2048.jpeg 1550w, http:\/\/lapidarium.fundacja-hereditas.pl\/wp-content\/uploads\/2024\/05\/Lipnicka_Joanna_Warszawa_Zelazna_75A_elewacja_tyl_chlodnej_25-150x198.jpeg 150w, http:\/\/lapidarium.fundacja-hereditas.pl\/wp-content\/uploads\/2024\/05\/Lipnicka_Joanna_Warszawa_Zelazna_75A_elewacja_tyl_chlodnej_25-300x396.jpeg 300w, http:\/\/lapidarium.fundacja-hereditas.pl\/wp-content\/uploads\/2024\/05\/Lipnicka_Joanna_Warszawa_Zelazna_75A_elewacja_tyl_chlodnej_25-696x920.jpeg 696w, http:\/\/lapidarium.fundacja-hereditas.pl\/wp-content\/uploads\/2024\/05\/Lipnicka_Joanna_Warszawa_Zelazna_75A_elewacja_tyl_chlodnej_25-1068x1411.jpeg 1068w, http:\/\/lapidarium.fundacja-hereditas.pl\/wp-content\/uploads\/2024\/05\/Lipnicka_Joanna_Warszawa_Zelazna_75A_elewacja_tyl_chlodnej_25-1920x2537.jpeg 1920w, http:\/\/lapidarium.fundacja-hereditas.pl\/wp-content\/uploads\/2024\/05\/Lipnicka_Joanna_Warszawa_Zelazna_75A_elewacja_tyl_chlodnej_25-scaled.jpeg 1937w\" sizes=\"auto, (max-width: 775px) 100vw, 775px\" \/><\/a><figcaption class=\"wp-element-caption\">Podw\u00f3rze. Widok na p\u00f3\u0142noc. Po prawej dom od strony ul. \u017belaznej. Fot. Joanna Lipnicka, 2023 r., \u017ar\u00f3d\u0142o: MWKZ.<\/figcaption><\/figure>\n\n\n\n<figure class=\"wp-block-image size-large\"><a href=\"http:\/\/lapidarium.fundacja-hereditas.pl\/wp-content\/uploads\/2024\/05\/E_Dziedziniewicz-Rapca_Warszawa_Zelazna_75A__klatka_glowna_1_pietrol_okno_z_zewnatrz_A-scaled.jpg\"><img loading=\"lazy\" decoding=\"async\" width=\"1024\" height=\"770\" data-id=\"24645\" src=\"http:\/\/lapidarium.fundacja-hereditas.pl\/wp-content\/uploads\/2024\/05\/E_Dziedziniewicz-Rapca_Warszawa_Zelazna_75A__klatka_glowna_1_pietrol_okno_z_zewnatrz_A-1024x770.jpg\" alt=\"\" class=\"wp-image-24645\" srcset=\"http:\/\/lapidarium.fundacja-hereditas.pl\/wp-content\/uploads\/2024\/05\/E_Dziedziniewicz-Rapca_Warszawa_Zelazna_75A__klatka_glowna_1_pietrol_okno_z_zewnatrz_A-1024x770.jpg 1024w, http:\/\/lapidarium.fundacja-hereditas.pl\/wp-content\/uploads\/2024\/05\/E_Dziedziniewicz-Rapca_Warszawa_Zelazna_75A__klatka_glowna_1_pietrol_okno_z_zewnatrz_A-300x226.jpg 300w, http:\/\/lapidarium.fundacja-hereditas.pl\/wp-content\/uploads\/2024\/05\/E_Dziedziniewicz-Rapca_Warszawa_Zelazna_75A__klatka_glowna_1_pietrol_okno_z_zewnatrz_A-768x578.jpg 768w, http:\/\/lapidarium.fundacja-hereditas.pl\/wp-content\/uploads\/2024\/05\/E_Dziedziniewicz-Rapca_Warszawa_Zelazna_75A__klatka_glowna_1_pietrol_okno_z_zewnatrz_A-1536x1155.jpg 1536w, http:\/\/lapidarium.fundacja-hereditas.pl\/wp-content\/uploads\/2024\/05\/E_Dziedziniewicz-Rapca_Warszawa_Zelazna_75A__klatka_glowna_1_pietrol_okno_z_zewnatrz_A-2048x1541.jpg 2048w, http:\/\/lapidarium.fundacja-hereditas.pl\/wp-content\/uploads\/2024\/05\/E_Dziedziniewicz-Rapca_Warszawa_Zelazna_75A__klatka_glowna_1_pietrol_okno_z_zewnatrz_A-150x113.jpg 150w, http:\/\/lapidarium.fundacja-hereditas.pl\/wp-content\/uploads\/2024\/05\/E_Dziedziniewicz-Rapca_Warszawa_Zelazna_75A__klatka_glowna_1_pietrol_okno_z_zewnatrz_A-696x524.jpg 696w, http:\/\/lapidarium.fundacja-hereditas.pl\/wp-content\/uploads\/2024\/05\/E_Dziedziniewicz-Rapca_Warszawa_Zelazna_75A__klatka_glowna_1_pietrol_okno_z_zewnatrz_A-1068x803.jpg 1068w, http:\/\/lapidarium.fundacja-hereditas.pl\/wp-content\/uploads\/2024\/05\/E_Dziedziniewicz-Rapca_Warszawa_Zelazna_75A__klatka_glowna_1_pietrol_okno_z_zewnatrz_A-1920x1444.jpg 1920w\" sizes=\"auto, (max-width: 1024px) 100vw, 1024px\" \/><\/a><figcaption class=\"wp-element-caption\">Podw\u00f3rze. Widok na p\u00f3\u0142noc. Okno I-go pi\u0119tra wschodniej partii budynku. Fot. Ewa Dziedziniewicz-R\u0105pca, 2023 r., \u017ar\u00f3d\u0142o: MWKZ<\/figcaption><\/figure>\n\n\n\n<figure class=\"wp-block-image size-large\"><a href=\"http:\/\/lapidarium.fundacja-hereditas.pl\/wp-content\/uploads\/2024\/05\/E_Dziedziniewicz-Rapca_Warszawa_Zelazna_75A__klatka_glowna_1_pietrol_okno_z_zewnatrz-scaled.jpg\"><img loading=\"lazy\" decoding=\"async\" width=\"1024\" height=\"742\" data-id=\"24644\" src=\"http:\/\/lapidarium.fundacja-hereditas.pl\/wp-content\/uploads\/2024\/05\/E_Dziedziniewicz-Rapca_Warszawa_Zelazna_75A__klatka_glowna_1_pietrol_okno_z_zewnatrz-1024x742.jpg\" alt=\"\" class=\"wp-image-24644\" srcset=\"http:\/\/lapidarium.fundacja-hereditas.pl\/wp-content\/uploads\/2024\/05\/E_Dziedziniewicz-Rapca_Warszawa_Zelazna_75A__klatka_glowna_1_pietrol_okno_z_zewnatrz-1024x742.jpg 1024w, http:\/\/lapidarium.fundacja-hereditas.pl\/wp-content\/uploads\/2024\/05\/E_Dziedziniewicz-Rapca_Warszawa_Zelazna_75A__klatka_glowna_1_pietrol_okno_z_zewnatrz-300x217.jpg 300w, http:\/\/lapidarium.fundacja-hereditas.pl\/wp-content\/uploads\/2024\/05\/E_Dziedziniewicz-Rapca_Warszawa_Zelazna_75A__klatka_glowna_1_pietrol_okno_z_zewnatrz-768x557.jpg 768w, http:\/\/lapidarium.fundacja-hereditas.pl\/wp-content\/uploads\/2024\/05\/E_Dziedziniewicz-Rapca_Warszawa_Zelazna_75A__klatka_glowna_1_pietrol_okno_z_zewnatrz-1536x1114.jpg 1536w, http:\/\/lapidarium.fundacja-hereditas.pl\/wp-content\/uploads\/2024\/05\/E_Dziedziniewicz-Rapca_Warszawa_Zelazna_75A__klatka_glowna_1_pietrol_okno_z_zewnatrz-2048x1485.jpg 2048w, http:\/\/lapidarium.fundacja-hereditas.pl\/wp-content\/uploads\/2024\/05\/E_Dziedziniewicz-Rapca_Warszawa_Zelazna_75A__klatka_glowna_1_pietrol_okno_z_zewnatrz-150x109.jpg 150w, http:\/\/lapidarium.fundacja-hereditas.pl\/wp-content\/uploads\/2024\/05\/E_Dziedziniewicz-Rapca_Warszawa_Zelazna_75A__klatka_glowna_1_pietrol_okno_z_zewnatrz-696x505.jpg 696w, http:\/\/lapidarium.fundacja-hereditas.pl\/wp-content\/uploads\/2024\/05\/E_Dziedziniewicz-Rapca_Warszawa_Zelazna_75A__klatka_glowna_1_pietrol_okno_z_zewnatrz-1068x774.jpg 1068w, http:\/\/lapidarium.fundacja-hereditas.pl\/wp-content\/uploads\/2024\/05\/E_Dziedziniewicz-Rapca_Warszawa_Zelazna_75A__klatka_glowna_1_pietrol_okno_z_zewnatrz-1920x1392.jpg 1920w\" sizes=\"auto, (max-width: 1024px) 100vw, 1024px\" \/><\/a><figcaption class=\"wp-element-caption\">Podw\u00f3rze. Widok na p\u00f3\u0142noc. Okno I-go pi\u0119tra wschodniej partii budynku. Fot. Ewa Dziedziniewicz-R\u0105pca, 2023 r., \u017ar\u00f3d\u0142o: MWKZ<\/figcaption><\/figure>\n\n\n\n<figure class=\"wp-block-image size-large\"><a href=\"http:\/\/lapidarium.fundacja-hereditas.pl\/wp-content\/uploads\/2024\/05\/E_Dziedziniewicz-Rapca_Warszawa_Zelazna_75A_elewacja_od_podworza_C-scaled.jpg\"><img loading=\"lazy\" decoding=\"async\" width=\"740\" height=\"1024\" data-id=\"24648\" src=\"http:\/\/lapidarium.fundacja-hereditas.pl\/wp-content\/uploads\/2024\/05\/E_Dziedziniewicz-Rapca_Warszawa_Zelazna_75A_elewacja_od_podworza_C-740x1024.jpg\" alt=\"\" class=\"wp-image-24648\" srcset=\"http:\/\/lapidarium.fundacja-hereditas.pl\/wp-content\/uploads\/2024\/05\/E_Dziedziniewicz-Rapca_Warszawa_Zelazna_75A_elewacja_od_podworza_C-740x1024.jpg 740w, http:\/\/lapidarium.fundacja-hereditas.pl\/wp-content\/uploads\/2024\/05\/E_Dziedziniewicz-Rapca_Warszawa_Zelazna_75A_elewacja_od_podworza_C-217x300.jpg 217w, http:\/\/lapidarium.fundacja-hereditas.pl\/wp-content\/uploads\/2024\/05\/E_Dziedziniewicz-Rapca_Warszawa_Zelazna_75A_elewacja_od_podworza_C-768x1063.jpg 768w, http:\/\/lapidarium.fundacja-hereditas.pl\/wp-content\/uploads\/2024\/05\/E_Dziedziniewicz-Rapca_Warszawa_Zelazna_75A_elewacja_od_podworza_C-1110x1536.jpg 1110w, http:\/\/lapidarium.fundacja-hereditas.pl\/wp-content\/uploads\/2024\/05\/E_Dziedziniewicz-Rapca_Warszawa_Zelazna_75A_elewacja_od_podworza_C-1480x2048.jpg 1480w, http:\/\/lapidarium.fundacja-hereditas.pl\/wp-content\/uploads\/2024\/05\/E_Dziedziniewicz-Rapca_Warszawa_Zelazna_75A_elewacja_od_podworza_C-150x208.jpg 150w, http:\/\/lapidarium.fundacja-hereditas.pl\/wp-content\/uploads\/2024\/05\/E_Dziedziniewicz-Rapca_Warszawa_Zelazna_75A_elewacja_od_podworza_C-300x415.jpg 300w, http:\/\/lapidarium.fundacja-hereditas.pl\/wp-content\/uploads\/2024\/05\/E_Dziedziniewicz-Rapca_Warszawa_Zelazna_75A_elewacja_od_podworza_C-696x963.jpg 696w, http:\/\/lapidarium.fundacja-hereditas.pl\/wp-content\/uploads\/2024\/05\/E_Dziedziniewicz-Rapca_Warszawa_Zelazna_75A_elewacja_od_podworza_C-1068x1478.jpg 1068w, http:\/\/lapidarium.fundacja-hereditas.pl\/wp-content\/uploads\/2024\/05\/E_Dziedziniewicz-Rapca_Warszawa_Zelazna_75A_elewacja_od_podworza_C-1920x2657.jpg 1920w, http:\/\/lapidarium.fundacja-hereditas.pl\/wp-content\/uploads\/2024\/05\/E_Dziedziniewicz-Rapca_Warszawa_Zelazna_75A_elewacja_od_podworza_C-scaled.jpg 1850w\" sizes=\"auto, (max-width: 740px) 100vw, 740px\" \/><\/a><figcaption class=\"wp-element-caption\">Podw\u00f3rze. &#8222;Termometr&#8221; klatki w budynku od ul. \u017belaznej. Fot. Ewa Dziedziniewicz-R\u0105pca, 2023 r., \u017ar\u00f3d\u0142o: MWKZ.<\/figcaption><\/figure>\n\n\n\n<figure class=\"wp-block-image size-large\"><a href=\"http:\/\/lapidarium.fundacja-hereditas.pl\/wp-content\/uploads\/2024\/05\/E_Dziedziniewicz-Rapca_Warszawa_Zelazna_75A_elewacja_od_podworza_A-scaled.jpg\"><img loading=\"lazy\" decoding=\"async\" width=\"1024\" height=\"772\" data-id=\"24646\" src=\"http:\/\/lapidarium.fundacja-hereditas.pl\/wp-content\/uploads\/2024\/05\/E_Dziedziniewicz-Rapca_Warszawa_Zelazna_75A_elewacja_od_podworza_A-1024x772.jpg\" alt=\"\" class=\"wp-image-24646\" srcset=\"http:\/\/lapidarium.fundacja-hereditas.pl\/wp-content\/uploads\/2024\/05\/E_Dziedziniewicz-Rapca_Warszawa_Zelazna_75A_elewacja_od_podworza_A-1024x772.jpg 1024w, http:\/\/lapidarium.fundacja-hereditas.pl\/wp-content\/uploads\/2024\/05\/E_Dziedziniewicz-Rapca_Warszawa_Zelazna_75A_elewacja_od_podworza_A-300x226.jpg 300w, http:\/\/lapidarium.fundacja-hereditas.pl\/wp-content\/uploads\/2024\/05\/E_Dziedziniewicz-Rapca_Warszawa_Zelazna_75A_elewacja_od_podworza_A-768x579.jpg 768w, http:\/\/lapidarium.fundacja-hereditas.pl\/wp-content\/uploads\/2024\/05\/E_Dziedziniewicz-Rapca_Warszawa_Zelazna_75A_elewacja_od_podworza_A-1536x1159.jpg 1536w, http:\/\/lapidarium.fundacja-hereditas.pl\/wp-content\/uploads\/2024\/05\/E_Dziedziniewicz-Rapca_Warszawa_Zelazna_75A_elewacja_od_podworza_A-2048x1545.jpg 2048w, http:\/\/lapidarium.fundacja-hereditas.pl\/wp-content\/uploads\/2024\/05\/E_Dziedziniewicz-Rapca_Warszawa_Zelazna_75A_elewacja_od_podworza_A-150x113.jpg 150w, http:\/\/lapidarium.fundacja-hereditas.pl\/wp-content\/uploads\/2024\/05\/E_Dziedziniewicz-Rapca_Warszawa_Zelazna_75A_elewacja_od_podworza_A-696x525.jpg 696w, http:\/\/lapidarium.fundacja-hereditas.pl\/wp-content\/uploads\/2024\/05\/E_Dziedziniewicz-Rapca_Warszawa_Zelazna_75A_elewacja_od_podworza_A-1068x806.jpg 1068w, http:\/\/lapidarium.fundacja-hereditas.pl\/wp-content\/uploads\/2024\/05\/E_Dziedziniewicz-Rapca_Warszawa_Zelazna_75A_elewacja_od_podworza_A-1920x1448.jpg 1920w\" sizes=\"auto, (max-width: 1024px) 100vw, 1024px\" \/><\/a><figcaption class=\"wp-element-caption\">Podw\u00f3rze. Widok na p\u00f3\u0142noc. Fot. Ewa Dziedziniewicz-R\u0105pca, 2023 r., \u017ar\u00f3d\u0142o: MWKZ<\/figcaption><\/figure>\n\n\n\n<figure class=\"wp-block-image size-large\"><a href=\"http:\/\/lapidarium.fundacja-hereditas.pl\/wp-content\/uploads\/2024\/05\/Lipnicka_Joanna_Warszawa_Zelazna_75A_wejscie_do_klatki-scaled.jpeg\"><img loading=\"lazy\" decoding=\"async\" width=\"775\" height=\"1024\" data-id=\"24658\" src=\"http:\/\/lapidarium.fundacja-hereditas.pl\/wp-content\/uploads\/2024\/05\/Lipnicka_Joanna_Warszawa_Zelazna_75A_wejscie_do_klatki-775x1024.jpeg\" alt=\"\" class=\"wp-image-24658\" srcset=\"http:\/\/lapidarium.fundacja-hereditas.pl\/wp-content\/uploads\/2024\/05\/Lipnicka_Joanna_Warszawa_Zelazna_75A_wejscie_do_klatki-775x1024.jpeg 775w, http:\/\/lapidarium.fundacja-hereditas.pl\/wp-content\/uploads\/2024\/05\/Lipnicka_Joanna_Warszawa_Zelazna_75A_wejscie_do_klatki-227x300.jpeg 227w, http:\/\/lapidarium.fundacja-hereditas.pl\/wp-content\/uploads\/2024\/05\/Lipnicka_Joanna_Warszawa_Zelazna_75A_wejscie_do_klatki-768x1015.jpeg 768w, http:\/\/lapidarium.fundacja-hereditas.pl\/wp-content\/uploads\/2024\/05\/Lipnicka_Joanna_Warszawa_Zelazna_75A_wejscie_do_klatki-1162x1536.jpeg 1162w, http:\/\/lapidarium.fundacja-hereditas.pl\/wp-content\/uploads\/2024\/05\/Lipnicka_Joanna_Warszawa_Zelazna_75A_wejscie_do_klatki-1549x2048.jpeg 1549w, http:\/\/lapidarium.fundacja-hereditas.pl\/wp-content\/uploads\/2024\/05\/Lipnicka_Joanna_Warszawa_Zelazna_75A_wejscie_do_klatki-150x198.jpeg 150w, http:\/\/lapidarium.fundacja-hereditas.pl\/wp-content\/uploads\/2024\/05\/Lipnicka_Joanna_Warszawa_Zelazna_75A_wejscie_do_klatki-300x397.jpeg 300w, http:\/\/lapidarium.fundacja-hereditas.pl\/wp-content\/uploads\/2024\/05\/Lipnicka_Joanna_Warszawa_Zelazna_75A_wejscie_do_klatki-696x920.jpeg 696w, http:\/\/lapidarium.fundacja-hereditas.pl\/wp-content\/uploads\/2024\/05\/Lipnicka_Joanna_Warszawa_Zelazna_75A_wejscie_do_klatki-1068x1412.jpeg 1068w, http:\/\/lapidarium.fundacja-hereditas.pl\/wp-content\/uploads\/2024\/05\/Lipnicka_Joanna_Warszawa_Zelazna_75A_wejscie_do_klatki-1920x2538.jpeg 1920w, http:\/\/lapidarium.fundacja-hereditas.pl\/wp-content\/uploads\/2024\/05\/Lipnicka_Joanna_Warszawa_Zelazna_75A_wejscie_do_klatki-scaled.jpeg 1936w\" sizes=\"auto, (max-width: 775px) 100vw, 775px\" \/><\/a><figcaption class=\"wp-element-caption\">Podw\u00f3rze. Drzwi na klatk\u0119 w budynku od ul. \u017belaznej. Fot. Joanna Lipnicka, 2023 r., \u017ar\u00f3d\u0142o: MWKZ.<\/figcaption><\/figure>\n\n\n\n<figure class=\"wp-block-image size-large\"><a href=\"http:\/\/lapidarium.fundacja-hereditas.pl\/wp-content\/uploads\/2024\/05\/Lipnicka_Joanna_Warszawa_Zelazna_75A_hall_parter-scaled.jpeg\"><img loading=\"lazy\" decoding=\"async\" width=\"680\" height=\"1024\" data-id=\"24613\" src=\"http:\/\/lapidarium.fundacja-hereditas.pl\/wp-content\/uploads\/2024\/05\/Lipnicka_Joanna_Warszawa_Zelazna_75A_hall_parter-680x1024.jpeg\" alt=\"\" class=\"wp-image-24613\" srcset=\"http:\/\/lapidarium.fundacja-hereditas.pl\/wp-content\/uploads\/2024\/05\/Lipnicka_Joanna_Warszawa_Zelazna_75A_hall_parter-680x1024.jpeg 680w, http:\/\/lapidarium.fundacja-hereditas.pl\/wp-content\/uploads\/2024\/05\/Lipnicka_Joanna_Warszawa_Zelazna_75A_hall_parter-199x300.jpeg 199w, http:\/\/lapidarium.fundacja-hereditas.pl\/wp-content\/uploads\/2024\/05\/Lipnicka_Joanna_Warszawa_Zelazna_75A_hall_parter-768x1157.jpeg 768w, http:\/\/lapidarium.fundacja-hereditas.pl\/wp-content\/uploads\/2024\/05\/Lipnicka_Joanna_Warszawa_Zelazna_75A_hall_parter-1020x1536.jpeg 1020w, http:\/\/lapidarium.fundacja-hereditas.pl\/wp-content\/uploads\/2024\/05\/Lipnicka_Joanna_Warszawa_Zelazna_75A_hall_parter-1360x2048.jpeg 1360w, http:\/\/lapidarium.fundacja-hereditas.pl\/wp-content\/uploads\/2024\/05\/Lipnicka_Joanna_Warszawa_Zelazna_75A_hall_parter-150x226.jpeg 150w, http:\/\/lapidarium.fundacja-hereditas.pl\/wp-content\/uploads\/2024\/05\/Lipnicka_Joanna_Warszawa_Zelazna_75A_hall_parter-300x452.jpeg 300w, http:\/\/lapidarium.fundacja-hereditas.pl\/wp-content\/uploads\/2024\/05\/Lipnicka_Joanna_Warszawa_Zelazna_75A_hall_parter-696x1048.jpeg 696w, http:\/\/lapidarium.fundacja-hereditas.pl\/wp-content\/uploads\/2024\/05\/Lipnicka_Joanna_Warszawa_Zelazna_75A_hall_parter-1068x1609.jpeg 1068w, http:\/\/lapidarium.fundacja-hereditas.pl\/wp-content\/uploads\/2024\/05\/Lipnicka_Joanna_Warszawa_Zelazna_75A_hall_parter-1920x2892.jpeg 1920w, http:\/\/lapidarium.fundacja-hereditas.pl\/wp-content\/uploads\/2024\/05\/Lipnicka_Joanna_Warszawa_Zelazna_75A_hall_parter-scaled.jpeg 1700w\" sizes=\"auto, (max-width: 680px) 100vw, 680px\" \/><\/a><figcaption class=\"wp-element-caption\">Klatka od ul. \u017belaznej. Hall &#8211; posadzka z lastrico. Widok od wyj\u015bcia na podw\u00f3rko. Fot. Joanna Lipnicka, 2023 r., \u017ar\u00f3d\u0142o: MWKZ.<\/figcaption><\/figure>\n\n\n\n<figure class=\"wp-block-image size-large\"><a href=\"http:\/\/lapidarium.fundacja-hereditas.pl\/wp-content\/uploads\/2024\/05\/Lipnicka_Joanna_Warszawa_Zelazna_75A_hall_wejscie-scaled.jpeg\"><img loading=\"lazy\" decoding=\"async\" width=\"778\" height=\"1024\" data-id=\"24614\" src=\"http:\/\/lapidarium.fundacja-hereditas.pl\/wp-content\/uploads\/2024\/05\/Lipnicka_Joanna_Warszawa_Zelazna_75A_hall_wejscie-778x1024.jpeg\" alt=\"\" class=\"wp-image-24614\" srcset=\"http:\/\/lapidarium.fundacja-hereditas.pl\/wp-content\/uploads\/2024\/05\/Lipnicka_Joanna_Warszawa_Zelazna_75A_hall_wejscie-778x1024.jpeg 778w, http:\/\/lapidarium.fundacja-hereditas.pl\/wp-content\/uploads\/2024\/05\/Lipnicka_Joanna_Warszawa_Zelazna_75A_hall_wejscie-228x300.jpeg 228w, http:\/\/lapidarium.fundacja-hereditas.pl\/wp-content\/uploads\/2024\/05\/Lipnicka_Joanna_Warszawa_Zelazna_75A_hall_wejscie-768x1011.jpeg 768w, http:\/\/lapidarium.fundacja-hereditas.pl\/wp-content\/uploads\/2024\/05\/Lipnicka_Joanna_Warszawa_Zelazna_75A_hall_wejscie-1167x1536.jpeg 1167w, http:\/\/lapidarium.fundacja-hereditas.pl\/wp-content\/uploads\/2024\/05\/Lipnicka_Joanna_Warszawa_Zelazna_75A_hall_wejscie-1556x2048.jpeg 1556w, http:\/\/lapidarium.fundacja-hereditas.pl\/wp-content\/uploads\/2024\/05\/Lipnicka_Joanna_Warszawa_Zelazna_75A_hall_wejscie-150x197.jpeg 150w, http:\/\/lapidarium.fundacja-hereditas.pl\/wp-content\/uploads\/2024\/05\/Lipnicka_Joanna_Warszawa_Zelazna_75A_hall_wejscie-300x395.jpeg 300w, http:\/\/lapidarium.fundacja-hereditas.pl\/wp-content\/uploads\/2024\/05\/Lipnicka_Joanna_Warszawa_Zelazna_75A_hall_wejscie-696x916.jpeg 696w, http:\/\/lapidarium.fundacja-hereditas.pl\/wp-content\/uploads\/2024\/05\/Lipnicka_Joanna_Warszawa_Zelazna_75A_hall_wejscie-1068x1405.jpeg 1068w, http:\/\/lapidarium.fundacja-hereditas.pl\/wp-content\/uploads\/2024\/05\/Lipnicka_Joanna_Warszawa_Zelazna_75A_hall_wejscie-1920x2527.jpeg 1920w, http:\/\/lapidarium.fundacja-hereditas.pl\/wp-content\/uploads\/2024\/05\/Lipnicka_Joanna_Warszawa_Zelazna_75A_hall_wejscie-scaled.jpeg 1945w\" sizes=\"auto, (max-width: 778px) 100vw, 778px\" \/><\/a><figcaption class=\"wp-element-caption\">Klatka od ul. \u017belaznej. Hall &#8211; posadzka z lastrico. Widok spod wyj\u015bcia na podw\u00f3rko. Fot. Joanna Lipnicka, 2023 r., \u017ar\u00f3d\u0142o: MWKZ.<\/figcaption><\/figure>\n\n\n\n<figure class=\"wp-block-image size-large\"><a href=\"http:\/\/lapidarium.fundacja-hereditas.pl\/wp-content\/uploads\/2024\/05\/Lipnicka_Joanna_Warszawa_Zelazna_75A_parter_wejscie_posadzka-scaled.jpeg\"><img loading=\"lazy\" decoding=\"async\" width=\"755\" height=\"1024\" data-id=\"24631\" src=\"http:\/\/lapidarium.fundacja-hereditas.pl\/wp-content\/uploads\/2024\/05\/Lipnicka_Joanna_Warszawa_Zelazna_75A_parter_wejscie_posadzka-755x1024.jpeg\" alt=\"\" class=\"wp-image-24631\" srcset=\"http:\/\/lapidarium.fundacja-hereditas.pl\/wp-content\/uploads\/2024\/05\/Lipnicka_Joanna_Warszawa_Zelazna_75A_parter_wejscie_posadzka-755x1024.jpeg 755w, http:\/\/lapidarium.fundacja-hereditas.pl\/wp-content\/uploads\/2024\/05\/Lipnicka_Joanna_Warszawa_Zelazna_75A_parter_wejscie_posadzka-221x300.jpeg 221w, http:\/\/lapidarium.fundacja-hereditas.pl\/wp-content\/uploads\/2024\/05\/Lipnicka_Joanna_Warszawa_Zelazna_75A_parter_wejscie_posadzka-768x1042.jpeg 768w, http:\/\/lapidarium.fundacja-hereditas.pl\/wp-content\/uploads\/2024\/05\/Lipnicka_Joanna_Warszawa_Zelazna_75A_parter_wejscie_posadzka-1132x1536.jpeg 1132w, http:\/\/lapidarium.fundacja-hereditas.pl\/wp-content\/uploads\/2024\/05\/Lipnicka_Joanna_Warszawa_Zelazna_75A_parter_wejscie_posadzka-1509x2048.jpeg 1509w, http:\/\/lapidarium.fundacja-hereditas.pl\/wp-content\/uploads\/2024\/05\/Lipnicka_Joanna_Warszawa_Zelazna_75A_parter_wejscie_posadzka-150x204.jpeg 150w, http:\/\/lapidarium.fundacja-hereditas.pl\/wp-content\/uploads\/2024\/05\/Lipnicka_Joanna_Warszawa_Zelazna_75A_parter_wejscie_posadzka-300x407.jpeg 300w, http:\/\/lapidarium.fundacja-hereditas.pl\/wp-content\/uploads\/2024\/05\/Lipnicka_Joanna_Warszawa_Zelazna_75A_parter_wejscie_posadzka-696x945.jpeg 696w, http:\/\/lapidarium.fundacja-hereditas.pl\/wp-content\/uploads\/2024\/05\/Lipnicka_Joanna_Warszawa_Zelazna_75A_parter_wejscie_posadzka-1068x1449.jpeg 1068w, http:\/\/lapidarium.fundacja-hereditas.pl\/wp-content\/uploads\/2024\/05\/Lipnicka_Joanna_Warszawa_Zelazna_75A_parter_wejscie_posadzka-1920x2606.jpeg 1920w, http:\/\/lapidarium.fundacja-hereditas.pl\/wp-content\/uploads\/2024\/05\/Lipnicka_Joanna_Warszawa_Zelazna_75A_parter_wejscie_posadzka-scaled.jpeg 1886w\" sizes=\"auto, (max-width: 755px) 100vw, 755px\" \/><\/a><figcaption class=\"wp-element-caption\">Klatka od ul. \u017belaznej. Posadzka lastrico &#8211; widok od progu drzwi wej\u015bciowych. Fot. Joanna Lipnicka, 2023 r., \u017ar\u00f3d\u0142o: MWKZ.<\/figcaption><\/figure>\n\n\n\n<figure class=\"wp-block-image size-large\"><a href=\"http:\/\/lapidarium.fundacja-hereditas.pl\/wp-content\/uploads\/2024\/05\/E_Dziedziniewicz-Rapca_Warszawa_Zelazna_75A__klatka_boczna_parter_wejscie_posadzka-scaled.jpg\"><img loading=\"lazy\" decoding=\"async\" width=\"1024\" height=\"764\" data-id=\"24608\" src=\"http:\/\/lapidarium.fundacja-hereditas.pl\/wp-content\/uploads\/2024\/05\/E_Dziedziniewicz-Rapca_Warszawa_Zelazna_75A__klatka_boczna_parter_wejscie_posadzka-1024x764.jpg\" alt=\"\" class=\"wp-image-24608\" srcset=\"http:\/\/lapidarium.fundacja-hereditas.pl\/wp-content\/uploads\/2024\/05\/E_Dziedziniewicz-Rapca_Warszawa_Zelazna_75A__klatka_boczna_parter_wejscie_posadzka-1024x764.jpg 1024w, http:\/\/lapidarium.fundacja-hereditas.pl\/wp-content\/uploads\/2024\/05\/E_Dziedziniewicz-Rapca_Warszawa_Zelazna_75A__klatka_boczna_parter_wejscie_posadzka-300x224.jpg 300w, http:\/\/lapidarium.fundacja-hereditas.pl\/wp-content\/uploads\/2024\/05\/E_Dziedziniewicz-Rapca_Warszawa_Zelazna_75A__klatka_boczna_parter_wejscie_posadzka-768x573.jpg 768w, http:\/\/lapidarium.fundacja-hereditas.pl\/wp-content\/uploads\/2024\/05\/E_Dziedziniewicz-Rapca_Warszawa_Zelazna_75A__klatka_boczna_parter_wejscie_posadzka-1536x1146.jpg 1536w, http:\/\/lapidarium.fundacja-hereditas.pl\/wp-content\/uploads\/2024\/05\/E_Dziedziniewicz-Rapca_Warszawa_Zelazna_75A__klatka_boczna_parter_wejscie_posadzka-2048x1528.jpg 2048w, http:\/\/lapidarium.fundacja-hereditas.pl\/wp-content\/uploads\/2024\/05\/E_Dziedziniewicz-Rapca_Warszawa_Zelazna_75A__klatka_boczna_parter_wejscie_posadzka-150x112.jpg 150w, http:\/\/lapidarium.fundacja-hereditas.pl\/wp-content\/uploads\/2024\/05\/E_Dziedziniewicz-Rapca_Warszawa_Zelazna_75A__klatka_boczna_parter_wejscie_posadzka-696x519.jpg 696w, http:\/\/lapidarium.fundacja-hereditas.pl\/wp-content\/uploads\/2024\/05\/E_Dziedziniewicz-Rapca_Warszawa_Zelazna_75A__klatka_boczna_parter_wejscie_posadzka-1068x797.jpg 1068w, http:\/\/lapidarium.fundacja-hereditas.pl\/wp-content\/uploads\/2024\/05\/E_Dziedziniewicz-Rapca_Warszawa_Zelazna_75A__klatka_boczna_parter_wejscie_posadzka-1920x1432.jpg 1920w\" sizes=\"auto, (max-width: 1024px) 100vw, 1024px\" \/><\/a><figcaption class=\"wp-element-caption\">Klatka od ul. \u017belaznej. Hall &#8211; posadzka z lastrico. Fot. Ewa Dziedziniewicz-R\u0105pca, 2023 r., \u017ar\u00f3d\u0142o: MWKZ.<\/figcaption><\/figure>\n\n\n\n<figure class=\"wp-block-image size-large\"><a href=\"http:\/\/lapidarium.fundacja-hereditas.pl\/wp-content\/uploads\/2024\/05\/Lipnicka_Joanna_Warszawa_Zelazna_75A_posadzka_parter_hall-scaled.jpeg\"><img loading=\"lazy\" decoding=\"async\" width=\"792\" height=\"1024\" data-id=\"24640\" src=\"http:\/\/lapidarium.fundacja-hereditas.pl\/wp-content\/uploads\/2024\/05\/Lipnicka_Joanna_Warszawa_Zelazna_75A_posadzka_parter_hall-792x1024.jpeg\" alt=\"\" class=\"wp-image-24640\" srcset=\"http:\/\/lapidarium.fundacja-hereditas.pl\/wp-content\/uploads\/2024\/05\/Lipnicka_Joanna_Warszawa_Zelazna_75A_posadzka_parter_hall-792x1024.jpeg 792w, http:\/\/lapidarium.fundacja-hereditas.pl\/wp-content\/uploads\/2024\/05\/Lipnicka_Joanna_Warszawa_Zelazna_75A_posadzka_parter_hall-232x300.jpeg 232w, http:\/\/lapidarium.fundacja-hereditas.pl\/wp-content\/uploads\/2024\/05\/Lipnicka_Joanna_Warszawa_Zelazna_75A_posadzka_parter_hall-768x993.jpeg 768w, http:\/\/lapidarium.fundacja-hereditas.pl\/wp-content\/uploads\/2024\/05\/Lipnicka_Joanna_Warszawa_Zelazna_75A_posadzka_parter_hall-1187x1536.jpeg 1187w, http:\/\/lapidarium.fundacja-hereditas.pl\/wp-content\/uploads\/2024\/05\/Lipnicka_Joanna_Warszawa_Zelazna_75A_posadzka_parter_hall-1583x2048.jpeg 1583w, http:\/\/lapidarium.fundacja-hereditas.pl\/wp-content\/uploads\/2024\/05\/Lipnicka_Joanna_Warszawa_Zelazna_75A_posadzka_parter_hall-150x194.jpeg 150w, http:\/\/lapidarium.fundacja-hereditas.pl\/wp-content\/uploads\/2024\/05\/Lipnicka_Joanna_Warszawa_Zelazna_75A_posadzka_parter_hall-300x388.jpeg 300w, http:\/\/lapidarium.fundacja-hereditas.pl\/wp-content\/uploads\/2024\/05\/Lipnicka_Joanna_Warszawa_Zelazna_75A_posadzka_parter_hall-696x900.jpeg 696w, http:\/\/lapidarium.fundacja-hereditas.pl\/wp-content\/uploads\/2024\/05\/Lipnicka_Joanna_Warszawa_Zelazna_75A_posadzka_parter_hall-1068x1382.jpeg 1068w, http:\/\/lapidarium.fundacja-hereditas.pl\/wp-content\/uploads\/2024\/05\/Lipnicka_Joanna_Warszawa_Zelazna_75A_posadzka_parter_hall-1920x2484.jpeg 1920w, http:\/\/lapidarium.fundacja-hereditas.pl\/wp-content\/uploads\/2024\/05\/Lipnicka_Joanna_Warszawa_Zelazna_75A_posadzka_parter_hall-scaled.jpeg 1979w\" sizes=\"auto, (max-width: 792px) 100vw, 792px\" \/><\/a><figcaption class=\"wp-element-caption\">Klatka od ul. \u017belaznej. Hall &#8211; posadzka z lastrico. Fot. Joanna Lipnicka, 2023 r., \u017ar\u00f3d\u0142o: MWKZ.<\/figcaption><\/figure>\n\n\n\n<figure class=\"wp-block-image size-large\"><a href=\"http:\/\/lapidarium.fundacja-hereditas.pl\/wp-content\/uploads\/2024\/05\/Lipnicka_Joanna_Warszawa_Zelazna_75A_hall_boniowanie-scaled.jpeg\"><img loading=\"lazy\" decoding=\"async\" width=\"750\" height=\"1024\" data-id=\"24612\" src=\"http:\/\/lapidarium.fundacja-hereditas.pl\/wp-content\/uploads\/2024\/05\/Lipnicka_Joanna_Warszawa_Zelazna_75A_hall_boniowanie-750x1024.jpeg\" alt=\"\" class=\"wp-image-24612\" srcset=\"http:\/\/lapidarium.fundacja-hereditas.pl\/wp-content\/uploads\/2024\/05\/Lipnicka_Joanna_Warszawa_Zelazna_75A_hall_boniowanie-750x1024.jpeg 750w, http:\/\/lapidarium.fundacja-hereditas.pl\/wp-content\/uploads\/2024\/05\/Lipnicka_Joanna_Warszawa_Zelazna_75A_hall_boniowanie-220x300.jpeg 220w, http:\/\/lapidarium.fundacja-hereditas.pl\/wp-content\/uploads\/2024\/05\/Lipnicka_Joanna_Warszawa_Zelazna_75A_hall_boniowanie-768x1048.jpeg 768w, http:\/\/lapidarium.fundacja-hereditas.pl\/wp-content\/uploads\/2024\/05\/Lipnicka_Joanna_Warszawa_Zelazna_75A_hall_boniowanie-1126x1536.jpeg 1126w, http:\/\/lapidarium.fundacja-hereditas.pl\/wp-content\/uploads\/2024\/05\/Lipnicka_Joanna_Warszawa_Zelazna_75A_hall_boniowanie-1501x2048.jpeg 1501w, http:\/\/lapidarium.fundacja-hereditas.pl\/wp-content\/uploads\/2024\/05\/Lipnicka_Joanna_Warszawa_Zelazna_75A_hall_boniowanie-150x205.jpeg 150w, http:\/\/lapidarium.fundacja-hereditas.pl\/wp-content\/uploads\/2024\/05\/Lipnicka_Joanna_Warszawa_Zelazna_75A_hall_boniowanie-300x409.jpeg 300w, http:\/\/lapidarium.fundacja-hereditas.pl\/wp-content\/uploads\/2024\/05\/Lipnicka_Joanna_Warszawa_Zelazna_75A_hall_boniowanie-696x950.jpeg 696w, http:\/\/lapidarium.fundacja-hereditas.pl\/wp-content\/uploads\/2024\/05\/Lipnicka_Joanna_Warszawa_Zelazna_75A_hall_boniowanie-1068x1458.jpeg 1068w, http:\/\/lapidarium.fundacja-hereditas.pl\/wp-content\/uploads\/2024\/05\/Lipnicka_Joanna_Warszawa_Zelazna_75A_hall_boniowanie-1920x2620.jpeg 1920w, http:\/\/lapidarium.fundacja-hereditas.pl\/wp-content\/uploads\/2024\/05\/Lipnicka_Joanna_Warszawa_Zelazna_75A_hall_boniowanie-scaled.jpeg 1876w\" sizes=\"auto, (max-width: 750px) 100vw, 750px\" \/><\/a><figcaption class=\"wp-element-caption\">Klatka od ul. \u017belaznej. Hall &#8211; posadzka z lastrico. Widok ku wyj\u015bciu na podw\u00f3rze. Fot. Joanna Lipnicka, 2023 r., \u017ar\u00f3d\u0142o: MWKZ.<\/figcaption><\/figure>\n\n\n\n<figure class=\"wp-block-image size-large\"><a href=\"http:\/\/lapidarium.fundacja-hereditas.pl\/wp-content\/uploads\/2024\/05\/Lipnicka_Joanna_Warszawa_Zelazna_75A_parter_hall_boniowanie-scaled.jpeg\"><img loading=\"lazy\" decoding=\"async\" width=\"785\" height=\"1024\" data-id=\"24628\" src=\"http:\/\/lapidarium.fundacja-hereditas.pl\/wp-content\/uploads\/2024\/05\/Lipnicka_Joanna_Warszawa_Zelazna_75A_parter_hall_boniowanie-785x1024.jpeg\" alt=\"\" class=\"wp-image-24628\" srcset=\"http:\/\/lapidarium.fundacja-hereditas.pl\/wp-content\/uploads\/2024\/05\/Lipnicka_Joanna_Warszawa_Zelazna_75A_parter_hall_boniowanie-785x1024.jpeg 785w, http:\/\/lapidarium.fundacja-hereditas.pl\/wp-content\/uploads\/2024\/05\/Lipnicka_Joanna_Warszawa_Zelazna_75A_parter_hall_boniowanie-230x300.jpeg 230w, http:\/\/lapidarium.fundacja-hereditas.pl\/wp-content\/uploads\/2024\/05\/Lipnicka_Joanna_Warszawa_Zelazna_75A_parter_hall_boniowanie-768x1002.jpeg 768w, http:\/\/lapidarium.fundacja-hereditas.pl\/wp-content\/uploads\/2024\/05\/Lipnicka_Joanna_Warszawa_Zelazna_75A_parter_hall_boniowanie-1177x1536.jpeg 1177w, http:\/\/lapidarium.fundacja-hereditas.pl\/wp-content\/uploads\/2024\/05\/Lipnicka_Joanna_Warszawa_Zelazna_75A_parter_hall_boniowanie-1569x2048.jpeg 1569w, http:\/\/lapidarium.fundacja-hereditas.pl\/wp-content\/uploads\/2024\/05\/Lipnicka_Joanna_Warszawa_Zelazna_75A_parter_hall_boniowanie-150x196.jpeg 150w, http:\/\/lapidarium.fundacja-hereditas.pl\/wp-content\/uploads\/2024\/05\/Lipnicka_Joanna_Warszawa_Zelazna_75A_parter_hall_boniowanie-300x392.jpeg 300w, http:\/\/lapidarium.fundacja-hereditas.pl\/wp-content\/uploads\/2024\/05\/Lipnicka_Joanna_Warszawa_Zelazna_75A_parter_hall_boniowanie-696x908.jpeg 696w, http:\/\/lapidarium.fundacja-hereditas.pl\/wp-content\/uploads\/2024\/05\/Lipnicka_Joanna_Warszawa_Zelazna_75A_parter_hall_boniowanie-1068x1394.jpeg 1068w, http:\/\/lapidarium.fundacja-hereditas.pl\/wp-content\/uploads\/2024\/05\/Lipnicka_Joanna_Warszawa_Zelazna_75A_parter_hall_boniowanie-1920x2506.jpeg 1920w, http:\/\/lapidarium.fundacja-hereditas.pl\/wp-content\/uploads\/2024\/05\/Lipnicka_Joanna_Warszawa_Zelazna_75A_parter_hall_boniowanie-scaled.jpeg 1961w\" sizes=\"auto, (max-width: 785px) 100vw, 785px\" \/><\/a><figcaption class=\"wp-element-caption\">Klatka od ul. \u017belaznej. Boniowana oprawa drzwi na podw\u00f3rze. Fot. Joanna Lipnicka, 2023 r., \u017ar\u00f3d\u0142o: MWKZ.<\/figcaption><\/figure>\n\n\n\n<figure class=\"wp-block-image size-large\"><a href=\"http:\/\/lapidarium.fundacja-hereditas.pl\/wp-content\/uploads\/2024\/05\/Lipnicka_Joanna_Warszawa_Zelazna_75A_parter_posadzka_wzor-scaled.jpeg\"><img loading=\"lazy\" decoding=\"async\" width=\"775\" height=\"1024\" data-id=\"24630\" src=\"http:\/\/lapidarium.fundacja-hereditas.pl\/wp-content\/uploads\/2024\/05\/Lipnicka_Joanna_Warszawa_Zelazna_75A_parter_posadzka_wzor-775x1024.jpeg\" alt=\"\" class=\"wp-image-24630\" srcset=\"http:\/\/lapidarium.fundacja-hereditas.pl\/wp-content\/uploads\/2024\/05\/Lipnicka_Joanna_Warszawa_Zelazna_75A_parter_posadzka_wzor-775x1024.jpeg 775w, http:\/\/lapidarium.fundacja-hereditas.pl\/wp-content\/uploads\/2024\/05\/Lipnicka_Joanna_Warszawa_Zelazna_75A_parter_posadzka_wzor-227x300.jpeg 227w, http:\/\/lapidarium.fundacja-hereditas.pl\/wp-content\/uploads\/2024\/05\/Lipnicka_Joanna_Warszawa_Zelazna_75A_parter_posadzka_wzor-768x1015.jpeg 768w, http:\/\/lapidarium.fundacja-hereditas.pl\/wp-content\/uploads\/2024\/05\/Lipnicka_Joanna_Warszawa_Zelazna_75A_parter_posadzka_wzor-1162x1536.jpeg 1162w, http:\/\/lapidarium.fundacja-hereditas.pl\/wp-content\/uploads\/2024\/05\/Lipnicka_Joanna_Warszawa_Zelazna_75A_parter_posadzka_wzor-1549x2048.jpeg 1549w, http:\/\/lapidarium.fundacja-hereditas.pl\/wp-content\/uploads\/2024\/05\/Lipnicka_Joanna_Warszawa_Zelazna_75A_parter_posadzka_wzor-150x198.jpeg 150w, http:\/\/lapidarium.fundacja-hereditas.pl\/wp-content\/uploads\/2024\/05\/Lipnicka_Joanna_Warszawa_Zelazna_75A_parter_posadzka_wzor-300x397.jpeg 300w, http:\/\/lapidarium.fundacja-hereditas.pl\/wp-content\/uploads\/2024\/05\/Lipnicka_Joanna_Warszawa_Zelazna_75A_parter_posadzka_wzor-696x920.jpeg 696w, http:\/\/lapidarium.fundacja-hereditas.pl\/wp-content\/uploads\/2024\/05\/Lipnicka_Joanna_Warszawa_Zelazna_75A_parter_posadzka_wzor-1068x1412.jpeg 1068w, http:\/\/lapidarium.fundacja-hereditas.pl\/wp-content\/uploads\/2024\/05\/Lipnicka_Joanna_Warszawa_Zelazna_75A_parter_posadzka_wzor-1920x2538.jpeg 1920w, http:\/\/lapidarium.fundacja-hereditas.pl\/wp-content\/uploads\/2024\/05\/Lipnicka_Joanna_Warszawa_Zelazna_75A_parter_posadzka_wzor-scaled.jpeg 1936w\" sizes=\"auto, (max-width: 775px) 100vw, 775px\" \/><\/a><figcaption class=\"wp-element-caption\">Klatka od ul. \u017belaznej. Posadzka lastrico &#8211; hall na parterze. Fot. Joanna Lipnicka, 2023 r., \u017ar\u00f3d\u0142o: MWKZ.<\/figcaption><\/figure>\n\n\n\n<figure class=\"wp-block-image size-large\"><a href=\"http:\/\/lapidarium.fundacja-hereditas.pl\/wp-content\/uploads\/2024\/05\/Lipnicka_Joanna_Warszawa_Zelazna_75A_parter_klatka_schodowa-scaled.jpeg\"><img loading=\"lazy\" decoding=\"async\" width=\"777\" height=\"1024\" data-id=\"24629\" src=\"http:\/\/lapidarium.fundacja-hereditas.pl\/wp-content\/uploads\/2024\/05\/Lipnicka_Joanna_Warszawa_Zelazna_75A_parter_klatka_schodowa-777x1024.jpeg\" alt=\"\" class=\"wp-image-24629\" srcset=\"http:\/\/lapidarium.fundacja-hereditas.pl\/wp-content\/uploads\/2024\/05\/Lipnicka_Joanna_Warszawa_Zelazna_75A_parter_klatka_schodowa-777x1024.jpeg 777w, http:\/\/lapidarium.fundacja-hereditas.pl\/wp-content\/uploads\/2024\/05\/Lipnicka_Joanna_Warszawa_Zelazna_75A_parter_klatka_schodowa-228x300.jpeg 228w, http:\/\/lapidarium.fundacja-hereditas.pl\/wp-content\/uploads\/2024\/05\/Lipnicka_Joanna_Warszawa_Zelazna_75A_parter_klatka_schodowa-768x1012.jpeg 768w, http:\/\/lapidarium.fundacja-hereditas.pl\/wp-content\/uploads\/2024\/05\/Lipnicka_Joanna_Warszawa_Zelazna_75A_parter_klatka_schodowa-1166x1536.jpeg 1166w, http:\/\/lapidarium.fundacja-hereditas.pl\/wp-content\/uploads\/2024\/05\/Lipnicka_Joanna_Warszawa_Zelazna_75A_parter_klatka_schodowa-1555x2048.jpeg 1555w, http:\/\/lapidarium.fundacja-hereditas.pl\/wp-content\/uploads\/2024\/05\/Lipnicka_Joanna_Warszawa_Zelazna_75A_parter_klatka_schodowa-150x198.jpeg 150w, http:\/\/lapidarium.fundacja-hereditas.pl\/wp-content\/uploads\/2024\/05\/Lipnicka_Joanna_Warszawa_Zelazna_75A_parter_klatka_schodowa-300x395.jpeg 300w, http:\/\/lapidarium.fundacja-hereditas.pl\/wp-content\/uploads\/2024\/05\/Lipnicka_Joanna_Warszawa_Zelazna_75A_parter_klatka_schodowa-696x917.jpeg 696w, http:\/\/lapidarium.fundacja-hereditas.pl\/wp-content\/uploads\/2024\/05\/Lipnicka_Joanna_Warszawa_Zelazna_75A_parter_klatka_schodowa-1068x1407.jpeg 1068w, http:\/\/lapidarium.fundacja-hereditas.pl\/wp-content\/uploads\/2024\/05\/Lipnicka_Joanna_Warszawa_Zelazna_75A_parter_klatka_schodowa-1920x2530.jpeg 1920w, http:\/\/lapidarium.fundacja-hereditas.pl\/wp-content\/uploads\/2024\/05\/Lipnicka_Joanna_Warszawa_Zelazna_75A_parter_klatka_schodowa-scaled.jpeg 1943w\" sizes=\"auto, (max-width: 777px) 100vw, 777px\" \/><\/a><figcaption class=\"wp-element-caption\">Klatka od ul. \u017belaznej. Posadzka lastrico &#8211; hall na parterze. Widok ze schod\u00f3w ku I-mu pi\u0119tru. Fot. Joanna Lipnicka, 2023 r., \u017ar\u00f3d\u0142o: MWKZ.<\/figcaption><\/figure>\n\n\n\n<figure class=\"wp-block-image size-large\"><a href=\"http:\/\/lapidarium.fundacja-hereditas.pl\/wp-content\/uploads\/2024\/05\/Lipnicka_Joanna_Warszawa_Zelazna_75A_-polpietro_posadzka-scaled.jpeg\"><img loading=\"lazy\" decoding=\"async\" width=\"775\" height=\"1024\" data-id=\"24611\" src=\"http:\/\/lapidarium.fundacja-hereditas.pl\/wp-content\/uploads\/2024\/05\/Lipnicka_Joanna_Warszawa_Zelazna_75A_-polpietro_posadzka-775x1024.jpeg\" alt=\"\" class=\"wp-image-24611\" srcset=\"http:\/\/lapidarium.fundacja-hereditas.pl\/wp-content\/uploads\/2024\/05\/Lipnicka_Joanna_Warszawa_Zelazna_75A_-polpietro_posadzka-775x1024.jpeg 775w, http:\/\/lapidarium.fundacja-hereditas.pl\/wp-content\/uploads\/2024\/05\/Lipnicka_Joanna_Warszawa_Zelazna_75A_-polpietro_posadzka-227x300.jpeg 227w, http:\/\/lapidarium.fundacja-hereditas.pl\/wp-content\/uploads\/2024\/05\/Lipnicka_Joanna_Warszawa_Zelazna_75A_-polpietro_posadzka-768x1015.jpeg 768w, http:\/\/lapidarium.fundacja-hereditas.pl\/wp-content\/uploads\/2024\/05\/Lipnicka_Joanna_Warszawa_Zelazna_75A_-polpietro_posadzka-1162x1536.jpeg 1162w, http:\/\/lapidarium.fundacja-hereditas.pl\/wp-content\/uploads\/2024\/05\/Lipnicka_Joanna_Warszawa_Zelazna_75A_-polpietro_posadzka-1549x2048.jpeg 1549w, http:\/\/lapidarium.fundacja-hereditas.pl\/wp-content\/uploads\/2024\/05\/Lipnicka_Joanna_Warszawa_Zelazna_75A_-polpietro_posadzka-150x198.jpeg 150w, http:\/\/lapidarium.fundacja-hereditas.pl\/wp-content\/uploads\/2024\/05\/Lipnicka_Joanna_Warszawa_Zelazna_75A_-polpietro_posadzka-300x397.jpeg 300w, http:\/\/lapidarium.fundacja-hereditas.pl\/wp-content\/uploads\/2024\/05\/Lipnicka_Joanna_Warszawa_Zelazna_75A_-polpietro_posadzka-696x920.jpeg 696w, http:\/\/lapidarium.fundacja-hereditas.pl\/wp-content\/uploads\/2024\/05\/Lipnicka_Joanna_Warszawa_Zelazna_75A_-polpietro_posadzka-1068x1412.jpeg 1068w, http:\/\/lapidarium.fundacja-hereditas.pl\/wp-content\/uploads\/2024\/05\/Lipnicka_Joanna_Warszawa_Zelazna_75A_-polpietro_posadzka-1920x2538.jpeg 1920w, http:\/\/lapidarium.fundacja-hereditas.pl\/wp-content\/uploads\/2024\/05\/Lipnicka_Joanna_Warszawa_Zelazna_75A_-polpietro_posadzka-scaled.jpeg 1936w\" sizes=\"auto, (max-width: 775px) 100vw, 775px\" \/><\/a><figcaption class=\"wp-element-caption\">Klatka od ul. \u017belaznej. Widok jednego z pi\u0119ter &#8211; profilowania na posadzce  z lastrico. Fot. Joanna Lipnicka, 2023 r., \u017ar\u00f3d\u0142o: MWKZ.<\/figcaption><\/figure>\n\n\n\n<figure class=\"wp-block-image size-large\"><a href=\"http:\/\/lapidarium.fundacja-hereditas.pl\/wp-content\/uploads\/2024\/05\/Lipnicka_Joanna_Warszawa_Zelazna_75A_obudowa_windy_posadzka-scaled.jpeg\"><img loading=\"lazy\" decoding=\"async\" width=\"773\" height=\"1024\" data-id=\"24625\" src=\"http:\/\/lapidarium.fundacja-hereditas.pl\/wp-content\/uploads\/2024\/05\/Lipnicka_Joanna_Warszawa_Zelazna_75A_obudowa_windy_posadzka-773x1024.jpeg\" alt=\"\" class=\"wp-image-24625\" srcset=\"http:\/\/lapidarium.fundacja-hereditas.pl\/wp-content\/uploads\/2024\/05\/Lipnicka_Joanna_Warszawa_Zelazna_75A_obudowa_windy_posadzka-773x1024.jpeg 773w, http:\/\/lapidarium.fundacja-hereditas.pl\/wp-content\/uploads\/2024\/05\/Lipnicka_Joanna_Warszawa_Zelazna_75A_obudowa_windy_posadzka-227x300.jpeg 227w, http:\/\/lapidarium.fundacja-hereditas.pl\/wp-content\/uploads\/2024\/05\/Lipnicka_Joanna_Warszawa_Zelazna_75A_obudowa_windy_posadzka-768x1017.jpeg 768w, http:\/\/lapidarium.fundacja-hereditas.pl\/wp-content\/uploads\/2024\/05\/Lipnicka_Joanna_Warszawa_Zelazna_75A_obudowa_windy_posadzka-1160x1536.jpeg 1160w, http:\/\/lapidarium.fundacja-hereditas.pl\/wp-content\/uploads\/2024\/05\/Lipnicka_Joanna_Warszawa_Zelazna_75A_obudowa_windy_posadzka-1546x2048.jpeg 1546w, http:\/\/lapidarium.fundacja-hereditas.pl\/wp-content\/uploads\/2024\/05\/Lipnicka_Joanna_Warszawa_Zelazna_75A_obudowa_windy_posadzka-150x199.jpeg 150w, http:\/\/lapidarium.fundacja-hereditas.pl\/wp-content\/uploads\/2024\/05\/Lipnicka_Joanna_Warszawa_Zelazna_75A_obudowa_windy_posadzka-300x397.jpeg 300w, http:\/\/lapidarium.fundacja-hereditas.pl\/wp-content\/uploads\/2024\/05\/Lipnicka_Joanna_Warszawa_Zelazna_75A_obudowa_windy_posadzka-696x922.jpeg 696w, http:\/\/lapidarium.fundacja-hereditas.pl\/wp-content\/uploads\/2024\/05\/Lipnicka_Joanna_Warszawa_Zelazna_75A_obudowa_windy_posadzka-1068x1414.jpeg 1068w, http:\/\/lapidarium.fundacja-hereditas.pl\/wp-content\/uploads\/2024\/05\/Lipnicka_Joanna_Warszawa_Zelazna_75A_obudowa_windy_posadzka-1920x2543.jpeg 1920w, http:\/\/lapidarium.fundacja-hereditas.pl\/wp-content\/uploads\/2024\/05\/Lipnicka_Joanna_Warszawa_Zelazna_75A_obudowa_windy_posadzka-scaled.jpeg 1933w\" sizes=\"auto, (max-width: 773px) 100vw, 773px\" \/><\/a><figcaption class=\"wp-element-caption\">Klatka od ul. \u017belaznej. Posadzka z lastrico przy wyj\u015bciu z widny. Fot. Joanna Lipnicka, 2023 r., \u017ar\u00f3d\u0142o: MWKZ.<\/figcaption><\/figure>\n\n\n\n<figure class=\"wp-block-image size-large\"><a href=\"http:\/\/lapidarium.fundacja-hereditas.pl\/wp-content\/uploads\/2024\/05\/Lipnicka_Joanna_Warszawa_Zelazna_75A_klatka_parter_wzor_schodow-scaled.jpeg\"><img loading=\"lazy\" decoding=\"async\" width=\"773\" height=\"1024\" data-id=\"24618\" src=\"http:\/\/lapidarium.fundacja-hereditas.pl\/wp-content\/uploads\/2024\/05\/Lipnicka_Joanna_Warszawa_Zelazna_75A_klatka_parter_wzor_schodow-773x1024.jpeg\" alt=\"\" class=\"wp-image-24618\" srcset=\"http:\/\/lapidarium.fundacja-hereditas.pl\/wp-content\/uploads\/2024\/05\/Lipnicka_Joanna_Warszawa_Zelazna_75A_klatka_parter_wzor_schodow-773x1024.jpeg 773w, http:\/\/lapidarium.fundacja-hereditas.pl\/wp-content\/uploads\/2024\/05\/Lipnicka_Joanna_Warszawa_Zelazna_75A_klatka_parter_wzor_schodow-227x300.jpeg 227w, http:\/\/lapidarium.fundacja-hereditas.pl\/wp-content\/uploads\/2024\/05\/Lipnicka_Joanna_Warszawa_Zelazna_75A_klatka_parter_wzor_schodow-768x1017.jpeg 768w, http:\/\/lapidarium.fundacja-hereditas.pl\/wp-content\/uploads\/2024\/05\/Lipnicka_Joanna_Warszawa_Zelazna_75A_klatka_parter_wzor_schodow-1160x1536.jpeg 1160w, http:\/\/lapidarium.fundacja-hereditas.pl\/wp-content\/uploads\/2024\/05\/Lipnicka_Joanna_Warszawa_Zelazna_75A_klatka_parter_wzor_schodow-1546x2048.jpeg 1546w, http:\/\/lapidarium.fundacja-hereditas.pl\/wp-content\/uploads\/2024\/05\/Lipnicka_Joanna_Warszawa_Zelazna_75A_klatka_parter_wzor_schodow-150x199.jpeg 150w, http:\/\/lapidarium.fundacja-hereditas.pl\/wp-content\/uploads\/2024\/05\/Lipnicka_Joanna_Warszawa_Zelazna_75A_klatka_parter_wzor_schodow-300x397.jpeg 300w, http:\/\/lapidarium.fundacja-hereditas.pl\/wp-content\/uploads\/2024\/05\/Lipnicka_Joanna_Warszawa_Zelazna_75A_klatka_parter_wzor_schodow-696x922.jpeg 696w, http:\/\/lapidarium.fundacja-hereditas.pl\/wp-content\/uploads\/2024\/05\/Lipnicka_Joanna_Warszawa_Zelazna_75A_klatka_parter_wzor_schodow-1068x1414.jpeg 1068w, http:\/\/lapidarium.fundacja-hereditas.pl\/wp-content\/uploads\/2024\/05\/Lipnicka_Joanna_Warszawa_Zelazna_75A_klatka_parter_wzor_schodow-1920x2543.jpeg 1920w, http:\/\/lapidarium.fundacja-hereditas.pl\/wp-content\/uploads\/2024\/05\/Lipnicka_Joanna_Warszawa_Zelazna_75A_klatka_parter_wzor_schodow-scaled.jpeg 1933w\" sizes=\"auto, (max-width: 773px) 100vw, 773px\" \/><\/a><figcaption class=\"wp-element-caption\">Klatka od ul. \u017belaznej. Schody z hallu wej\u015bciowego ku I-mu pi\u0119tru. Fot. Joanna Lipnicka, 2023 r., \u017ar\u00f3d\u0142o: MWKZ.<\/figcaption><\/figure>\n\n\n\n<figure class=\"wp-block-image size-large\"><a href=\"http:\/\/lapidarium.fundacja-hereditas.pl\/wp-content\/uploads\/2024\/05\/Lipnicka_Joanna_Warszawa_Zelazna_75A_porecz_parter_zwienczenie_balustrady-scaled.jpeg\"><img loading=\"lazy\" decoding=\"async\" width=\"780\" height=\"1024\" data-id=\"24637\" src=\"http:\/\/lapidarium.fundacja-hereditas.pl\/wp-content\/uploads\/2024\/05\/Lipnicka_Joanna_Warszawa_Zelazna_75A_porecz_parter_zwienczenie_balustrady-780x1024.jpeg\" alt=\"\" class=\"wp-image-24637\" srcset=\"http:\/\/lapidarium.fundacja-hereditas.pl\/wp-content\/uploads\/2024\/05\/Lipnicka_Joanna_Warszawa_Zelazna_75A_porecz_parter_zwienczenie_balustrady-780x1024.jpeg 780w, http:\/\/lapidarium.fundacja-hereditas.pl\/wp-content\/uploads\/2024\/05\/Lipnicka_Joanna_Warszawa_Zelazna_75A_porecz_parter_zwienczenie_balustrady-228x300.jpeg 228w, http:\/\/lapidarium.fundacja-hereditas.pl\/wp-content\/uploads\/2024\/05\/Lipnicka_Joanna_Warszawa_Zelazna_75A_porecz_parter_zwienczenie_balustrady-768x1009.jpeg 768w, http:\/\/lapidarium.fundacja-hereditas.pl\/wp-content\/uploads\/2024\/05\/Lipnicka_Joanna_Warszawa_Zelazna_75A_porecz_parter_zwienczenie_balustrady-1170x1536.jpeg 1170w, http:\/\/lapidarium.fundacja-hereditas.pl\/wp-content\/uploads\/2024\/05\/Lipnicka_Joanna_Warszawa_Zelazna_75A_porecz_parter_zwienczenie_balustrady-1560x2048.jpeg 1560w, http:\/\/lapidarium.fundacja-hereditas.pl\/wp-content\/uploads\/2024\/05\/Lipnicka_Joanna_Warszawa_Zelazna_75A_porecz_parter_zwienczenie_balustrady-150x197.jpeg 150w, http:\/\/lapidarium.fundacja-hereditas.pl\/wp-content\/uploads\/2024\/05\/Lipnicka_Joanna_Warszawa_Zelazna_75A_porecz_parter_zwienczenie_balustrady-300x394.jpeg 300w, http:\/\/lapidarium.fundacja-hereditas.pl\/wp-content\/uploads\/2024\/05\/Lipnicka_Joanna_Warszawa_Zelazna_75A_porecz_parter_zwienczenie_balustrady-696x914.jpeg 696w, http:\/\/lapidarium.fundacja-hereditas.pl\/wp-content\/uploads\/2024\/05\/Lipnicka_Joanna_Warszawa_Zelazna_75A_porecz_parter_zwienczenie_balustrady-1068x1402.jpeg 1068w, http:\/\/lapidarium.fundacja-hereditas.pl\/wp-content\/uploads\/2024\/05\/Lipnicka_Joanna_Warszawa_Zelazna_75A_porecz_parter_zwienczenie_balustrady-1920x2521.jpeg 1920w, http:\/\/lapidarium.fundacja-hereditas.pl\/wp-content\/uploads\/2024\/05\/Lipnicka_Joanna_Warszawa_Zelazna_75A_porecz_parter_zwienczenie_balustrady-scaled.jpeg 1949w\" sizes=\"auto, (max-width: 780px) 100vw, 780px\" \/><\/a><figcaption class=\"wp-element-caption\">Klatka od ul. \u017belaznej. Por\u0119cz (drewniana) mocowana do obudowy szybu windy. Fot. Joanna Lipnicka, 2023 r., \u017ar\u00f3d\u0142o: MWKZ.<\/figcaption><\/figure>\n\n\n\n<figure class=\"wp-block-image size-large\"><a href=\"http:\/\/lapidarium.fundacja-hereditas.pl\/wp-content\/uploads\/2024\/05\/Lipnicka_Joanna_Warszawa_Zelazna_75A_porecz_klatka_schodowa-scaled.jpeg\"><img loading=\"lazy\" decoding=\"async\" width=\"776\" height=\"1024\" data-id=\"24636\" src=\"http:\/\/lapidarium.fundacja-hereditas.pl\/wp-content\/uploads\/2024\/05\/Lipnicka_Joanna_Warszawa_Zelazna_75A_porecz_klatka_schodowa-776x1024.jpeg\" alt=\"\" class=\"wp-image-24636\" srcset=\"http:\/\/lapidarium.fundacja-hereditas.pl\/wp-content\/uploads\/2024\/05\/Lipnicka_Joanna_Warszawa_Zelazna_75A_porecz_klatka_schodowa-776x1024.jpeg 776w, http:\/\/lapidarium.fundacja-hereditas.pl\/wp-content\/uploads\/2024\/05\/Lipnicka_Joanna_Warszawa_Zelazna_75A_porecz_klatka_schodowa-227x300.jpeg 227w, http:\/\/lapidarium.fundacja-hereditas.pl\/wp-content\/uploads\/2024\/05\/Lipnicka_Joanna_Warszawa_Zelazna_75A_porecz_klatka_schodowa-768x1014.jpeg 768w, http:\/\/lapidarium.fundacja-hereditas.pl\/wp-content\/uploads\/2024\/05\/Lipnicka_Joanna_Warszawa_Zelazna_75A_porecz_klatka_schodowa-1164x1536.jpeg 1164w, http:\/\/lapidarium.fundacja-hereditas.pl\/wp-content\/uploads\/2024\/05\/Lipnicka_Joanna_Warszawa_Zelazna_75A_porecz_klatka_schodowa-1551x2048.jpeg 1551w, http:\/\/lapidarium.fundacja-hereditas.pl\/wp-content\/uploads\/2024\/05\/Lipnicka_Joanna_Warszawa_Zelazna_75A_porecz_klatka_schodowa-150x198.jpeg 150w, http:\/\/lapidarium.fundacja-hereditas.pl\/wp-content\/uploads\/2024\/05\/Lipnicka_Joanna_Warszawa_Zelazna_75A_porecz_klatka_schodowa-300x396.jpeg 300w, http:\/\/lapidarium.fundacja-hereditas.pl\/wp-content\/uploads\/2024\/05\/Lipnicka_Joanna_Warszawa_Zelazna_75A_porecz_klatka_schodowa-696x919.jpeg 696w, http:\/\/lapidarium.fundacja-hereditas.pl\/wp-content\/uploads\/2024\/05\/Lipnicka_Joanna_Warszawa_Zelazna_75A_porecz_klatka_schodowa-1068x1410.jpeg 1068w, http:\/\/lapidarium.fundacja-hereditas.pl\/wp-content\/uploads\/2024\/05\/Lipnicka_Joanna_Warszawa_Zelazna_75A_porecz_klatka_schodowa-1920x2535.jpeg 1920w, http:\/\/lapidarium.fundacja-hereditas.pl\/wp-content\/uploads\/2024\/05\/Lipnicka_Joanna_Warszawa_Zelazna_75A_porecz_klatka_schodowa-scaled.jpeg 1939w\" sizes=\"auto, (max-width: 776px) 100vw, 776px\" \/><\/a><figcaption class=\"wp-element-caption\">Klatka od ul. \u017belaznej. \u0141uk por\u0119czy na zakr\u0119cie schod\u00f3w. Fot. Joanna Lipnicka, 2023 r., \u017ar\u00f3d\u0142o: MWKZ.<\/figcaption><\/figure>\n\n\n\n<figure class=\"wp-block-image size-large\"><a href=\"http:\/\/lapidarium.fundacja-hereditas.pl\/wp-content\/uploads\/2024\/05\/Lipnicka_Joanna_Warszawa_Zelazna_75A_obudowa_windy_porecz-scaled.jpeg\"><img loading=\"lazy\" decoding=\"async\" width=\"776\" height=\"1024\" data-id=\"24624\" src=\"http:\/\/lapidarium.fundacja-hereditas.pl\/wp-content\/uploads\/2024\/05\/Lipnicka_Joanna_Warszawa_Zelazna_75A_obudowa_windy_porecz-776x1024.jpeg\" alt=\"\" class=\"wp-image-24624\" srcset=\"http:\/\/lapidarium.fundacja-hereditas.pl\/wp-content\/uploads\/2024\/05\/Lipnicka_Joanna_Warszawa_Zelazna_75A_obudowa_windy_porecz-776x1024.jpeg 776w, http:\/\/lapidarium.fundacja-hereditas.pl\/wp-content\/uploads\/2024\/05\/Lipnicka_Joanna_Warszawa_Zelazna_75A_obudowa_windy_porecz-227x300.jpeg 227w, http:\/\/lapidarium.fundacja-hereditas.pl\/wp-content\/uploads\/2024\/05\/Lipnicka_Joanna_Warszawa_Zelazna_75A_obudowa_windy_porecz-768x1014.jpeg 768w, http:\/\/lapidarium.fundacja-hereditas.pl\/wp-content\/uploads\/2024\/05\/Lipnicka_Joanna_Warszawa_Zelazna_75A_obudowa_windy_porecz-1164x1536.jpeg 1164w, http:\/\/lapidarium.fundacja-hereditas.pl\/wp-content\/uploads\/2024\/05\/Lipnicka_Joanna_Warszawa_Zelazna_75A_obudowa_windy_porecz-1551x2048.jpeg 1551w, http:\/\/lapidarium.fundacja-hereditas.pl\/wp-content\/uploads\/2024\/05\/Lipnicka_Joanna_Warszawa_Zelazna_75A_obudowa_windy_porecz-150x198.jpeg 150w, http:\/\/lapidarium.fundacja-hereditas.pl\/wp-content\/uploads\/2024\/05\/Lipnicka_Joanna_Warszawa_Zelazna_75A_obudowa_windy_porecz-300x396.jpeg 300w, http:\/\/lapidarium.fundacja-hereditas.pl\/wp-content\/uploads\/2024\/05\/Lipnicka_Joanna_Warszawa_Zelazna_75A_obudowa_windy_porecz-696x919.jpeg 696w, http:\/\/lapidarium.fundacja-hereditas.pl\/wp-content\/uploads\/2024\/05\/Lipnicka_Joanna_Warszawa_Zelazna_75A_obudowa_windy_porecz-1068x1410.jpeg 1068w, http:\/\/lapidarium.fundacja-hereditas.pl\/wp-content\/uploads\/2024\/05\/Lipnicka_Joanna_Warszawa_Zelazna_75A_obudowa_windy_porecz-1920x2535.jpeg 1920w, http:\/\/lapidarium.fundacja-hereditas.pl\/wp-content\/uploads\/2024\/05\/Lipnicka_Joanna_Warszawa_Zelazna_75A_obudowa_windy_porecz-scaled.jpeg 1939w\" sizes=\"auto, (max-width: 776px) 100vw, 776px\" \/><\/a><figcaption class=\"wp-element-caption\">Klatka od ul. \u017belaznej. Drewniana por\u0119cz na wysi\u0119gnikach, mocowana do obudowy widny. Fot. Joanna Lipnicka, 2023 r., \u017ar\u00f3d\u0142o: MWKZ.<\/figcaption><\/figure>\n\n\n\n<figure class=\"wp-block-image size-large\"><a href=\"http:\/\/lapidarium.fundacja-hereditas.pl\/wp-content\/uploads\/2024\/05\/Lipnicka_Joanna_Warszawa_Zelazna_75A_wneka_miedzy_oknami_termometru_a_poziomami_polpieter_klatki-scaled.jpeg\"><img loading=\"lazy\" decoding=\"async\" width=\"773\" height=\"1024\" data-id=\"24643\" src=\"http:\/\/lapidarium.fundacja-hereditas.pl\/wp-content\/uploads\/2024\/05\/Lipnicka_Joanna_Warszawa_Zelazna_75A_wneka_miedzy_oknami_termometru_a_poziomami_polpieter_klatki-773x1024.jpeg\" alt=\"\" class=\"wp-image-24643\" srcset=\"http:\/\/lapidarium.fundacja-hereditas.pl\/wp-content\/uploads\/2024\/05\/Lipnicka_Joanna_Warszawa_Zelazna_75A_wneka_miedzy_oknami_termometru_a_poziomami_polpieter_klatki-773x1024.jpeg 773w, http:\/\/lapidarium.fundacja-hereditas.pl\/wp-content\/uploads\/2024\/05\/Lipnicka_Joanna_Warszawa_Zelazna_75A_wneka_miedzy_oknami_termometru_a_poziomami_polpieter_klatki-227x300.jpeg 227w, http:\/\/lapidarium.fundacja-hereditas.pl\/wp-content\/uploads\/2024\/05\/Lipnicka_Joanna_Warszawa_Zelazna_75A_wneka_miedzy_oknami_termometru_a_poziomami_polpieter_klatki-768x1017.jpeg 768w, http:\/\/lapidarium.fundacja-hereditas.pl\/wp-content\/uploads\/2024\/05\/Lipnicka_Joanna_Warszawa_Zelazna_75A_wneka_miedzy_oknami_termometru_a_poziomami_polpieter_klatki-1160x1536.jpeg 1160w, http:\/\/lapidarium.fundacja-hereditas.pl\/wp-content\/uploads\/2024\/05\/Lipnicka_Joanna_Warszawa_Zelazna_75A_wneka_miedzy_oknami_termometru_a_poziomami_polpieter_klatki-1546x2048.jpeg 1546w, http:\/\/lapidarium.fundacja-hereditas.pl\/wp-content\/uploads\/2024\/05\/Lipnicka_Joanna_Warszawa_Zelazna_75A_wneka_miedzy_oknami_termometru_a_poziomami_polpieter_klatki-150x199.jpeg 150w, http:\/\/lapidarium.fundacja-hereditas.pl\/wp-content\/uploads\/2024\/05\/Lipnicka_Joanna_Warszawa_Zelazna_75A_wneka_miedzy_oknami_termometru_a_poziomami_polpieter_klatki-300x397.jpeg 300w, http:\/\/lapidarium.fundacja-hereditas.pl\/wp-content\/uploads\/2024\/05\/Lipnicka_Joanna_Warszawa_Zelazna_75A_wneka_miedzy_oknami_termometru_a_poziomami_polpieter_klatki-696x922.jpeg 696w, http:\/\/lapidarium.fundacja-hereditas.pl\/wp-content\/uploads\/2024\/05\/Lipnicka_Joanna_Warszawa_Zelazna_75A_wneka_miedzy_oknami_termometru_a_poziomami_polpieter_klatki-1068x1414.jpeg 1068w, http:\/\/lapidarium.fundacja-hereditas.pl\/wp-content\/uploads\/2024\/05\/Lipnicka_Joanna_Warszawa_Zelazna_75A_wneka_miedzy_oknami_termometru_a_poziomami_polpieter_klatki-1920x2543.jpeg 1920w, http:\/\/lapidarium.fundacja-hereditas.pl\/wp-content\/uploads\/2024\/05\/Lipnicka_Joanna_Warszawa_Zelazna_75A_wneka_miedzy_oknami_termometru_a_poziomami_polpieter_klatki-scaled.jpeg 1933w\" sizes=\"auto, (max-width: 773px) 100vw, 773px\" \/><\/a><figcaption class=\"wp-element-caption\">Klatka od ul. \u017belaznej. Widok z do\u0142u na dystans pomi\u0119dzy \u015bcian\u0105 okien a kolejnymi stropami spocznik\u00f3w. Fot. Joanna Lipnicka, 2023 r., \u017ar\u00f3d\u0142o: MWKZ.<\/figcaption><\/figure>\n\n\n\n<figure class=\"wp-block-image size-large\"><a href=\"http:\/\/lapidarium.fundacja-hereditas.pl\/wp-content\/uploads\/2024\/05\/Lipnicka_Joanna_Warszawa_Zelazna_75A_szyb_windy-scaled.jpeg\"><img loading=\"lazy\" decoding=\"async\" width=\"773\" height=\"1024\" data-id=\"24642\" src=\"http:\/\/lapidarium.fundacja-hereditas.pl\/wp-content\/uploads\/2024\/05\/Lipnicka_Joanna_Warszawa_Zelazna_75A_szyb_windy-773x1024.jpeg\" alt=\"\" class=\"wp-image-24642\" srcset=\"http:\/\/lapidarium.fundacja-hereditas.pl\/wp-content\/uploads\/2024\/05\/Lipnicka_Joanna_Warszawa_Zelazna_75A_szyb_windy-773x1024.jpeg 773w, http:\/\/lapidarium.fundacja-hereditas.pl\/wp-content\/uploads\/2024\/05\/Lipnicka_Joanna_Warszawa_Zelazna_75A_szyb_windy-227x300.jpeg 227w, http:\/\/lapidarium.fundacja-hereditas.pl\/wp-content\/uploads\/2024\/05\/Lipnicka_Joanna_Warszawa_Zelazna_75A_szyb_windy-768x1017.jpeg 768w, http:\/\/lapidarium.fundacja-hereditas.pl\/wp-content\/uploads\/2024\/05\/Lipnicka_Joanna_Warszawa_Zelazna_75A_szyb_windy-1160x1536.jpeg 1160w, http:\/\/lapidarium.fundacja-hereditas.pl\/wp-content\/uploads\/2024\/05\/Lipnicka_Joanna_Warszawa_Zelazna_75A_szyb_windy-1546x2048.jpeg 1546w, http:\/\/lapidarium.fundacja-hereditas.pl\/wp-content\/uploads\/2024\/05\/Lipnicka_Joanna_Warszawa_Zelazna_75A_szyb_windy-150x199.jpeg 150w, http:\/\/lapidarium.fundacja-hereditas.pl\/wp-content\/uploads\/2024\/05\/Lipnicka_Joanna_Warszawa_Zelazna_75A_szyb_windy-300x397.jpeg 300w, http:\/\/lapidarium.fundacja-hereditas.pl\/wp-content\/uploads\/2024\/05\/Lipnicka_Joanna_Warszawa_Zelazna_75A_szyb_windy-696x922.jpeg 696w, http:\/\/lapidarium.fundacja-hereditas.pl\/wp-content\/uploads\/2024\/05\/Lipnicka_Joanna_Warszawa_Zelazna_75A_szyb_windy-1068x1414.jpeg 1068w, http:\/\/lapidarium.fundacja-hereditas.pl\/wp-content\/uploads\/2024\/05\/Lipnicka_Joanna_Warszawa_Zelazna_75A_szyb_windy-1920x2543.jpeg 1920w, http:\/\/lapidarium.fundacja-hereditas.pl\/wp-content\/uploads\/2024\/05\/Lipnicka_Joanna_Warszawa_Zelazna_75A_szyb_windy-scaled.jpeg 1933w\" sizes=\"auto, (max-width: 773px) 100vw, 773px\" \/><\/a><figcaption class=\"wp-element-caption\">Klatka od ul. \u017belaznej. Widok z do\u0142u na dystans pomi\u0119dzy \u015bcian\u0105 okien a kolejnymi stropami spocznik\u00f3w. Fot. Joanna Lipnicka, 2023 r., \u017ar\u00f3d\u0142o: MWKZ.<\/figcaption><\/figure>\n\n\n\n<figure class=\"wp-block-image size-large\"><a href=\"http:\/\/lapidarium.fundacja-hereditas.pl\/wp-content\/uploads\/2024\/05\/E_Dziedziniewicz-Rapca_Warszawa_Zelazna_75A__klatka_boczna_3_pietro_szyb_windy-scaled.jpg\"><img loading=\"lazy\" decoding=\"async\" width=\"1024\" height=\"740\" data-id=\"24598\" src=\"http:\/\/lapidarium.fundacja-hereditas.pl\/wp-content\/uploads\/2024\/05\/E_Dziedziniewicz-Rapca_Warszawa_Zelazna_75A__klatka_boczna_3_pietro_szyb_windy-1024x740.jpg\" alt=\"\" class=\"wp-image-24598\" srcset=\"http:\/\/lapidarium.fundacja-hereditas.pl\/wp-content\/uploads\/2024\/05\/E_Dziedziniewicz-Rapca_Warszawa_Zelazna_75A__klatka_boczna_3_pietro_szyb_windy-1024x740.jpg 1024w, http:\/\/lapidarium.fundacja-hereditas.pl\/wp-content\/uploads\/2024\/05\/E_Dziedziniewicz-Rapca_Warszawa_Zelazna_75A__klatka_boczna_3_pietro_szyb_windy-300x217.jpg 300w, http:\/\/lapidarium.fundacja-hereditas.pl\/wp-content\/uploads\/2024\/05\/E_Dziedziniewicz-Rapca_Warszawa_Zelazna_75A__klatka_boczna_3_pietro_szyb_windy-768x555.jpg 768w, http:\/\/lapidarium.fundacja-hereditas.pl\/wp-content\/uploads\/2024\/05\/E_Dziedziniewicz-Rapca_Warszawa_Zelazna_75A__klatka_boczna_3_pietro_szyb_windy-1536x1110.jpg 1536w, http:\/\/lapidarium.fundacja-hereditas.pl\/wp-content\/uploads\/2024\/05\/E_Dziedziniewicz-Rapca_Warszawa_Zelazna_75A__klatka_boczna_3_pietro_szyb_windy-2048x1480.jpg 2048w, http:\/\/lapidarium.fundacja-hereditas.pl\/wp-content\/uploads\/2024\/05\/E_Dziedziniewicz-Rapca_Warszawa_Zelazna_75A__klatka_boczna_3_pietro_szyb_windy-150x108.jpg 150w, http:\/\/lapidarium.fundacja-hereditas.pl\/wp-content\/uploads\/2024\/05\/E_Dziedziniewicz-Rapca_Warszawa_Zelazna_75A__klatka_boczna_3_pietro_szyb_windy-696x503.jpg 696w, http:\/\/lapidarium.fundacja-hereditas.pl\/wp-content\/uploads\/2024\/05\/E_Dziedziniewicz-Rapca_Warszawa_Zelazna_75A__klatka_boczna_3_pietro_szyb_windy-1068x772.jpg 1068w, http:\/\/lapidarium.fundacja-hereditas.pl\/wp-content\/uploads\/2024\/05\/E_Dziedziniewicz-Rapca_Warszawa_Zelazna_75A__klatka_boczna_3_pietro_szyb_windy-1920x1388.jpg 1920w\" sizes=\"auto, (max-width: 1024px) 100vw, 1024px\" \/><\/a><figcaption class=\"wp-element-caption\">Klatka od ul. \u017belaznej. Spocznik poni\u017cej III-go pi\u0119tra. Obudowa szybu windy. Fot. Ewa Dziedziniewicz-R\u0105pca, 2023 r., \u017ar\u00f3d\u0142o: MWKZ.<\/figcaption><\/figure>\n\n\n\n<figure class=\"wp-block-image size-large\"><a href=\"http:\/\/lapidarium.fundacja-hereditas.pl\/wp-content\/uploads\/2024\/05\/E_Dziedziniewicz-Rapca_Warszawa_Zelazna_75A__klatka_boczna_5_pietro_szyb_windy_E-scaled.jpg\"><img loading=\"lazy\" decoding=\"async\" width=\"793\" height=\"1024\" data-id=\"24607\" src=\"http:\/\/lapidarium.fundacja-hereditas.pl\/wp-content\/uploads\/2024\/05\/E_Dziedziniewicz-Rapca_Warszawa_Zelazna_75A__klatka_boczna_5_pietro_szyb_windy_E-793x1024.jpg\" alt=\"\" class=\"wp-image-24607\" srcset=\"http:\/\/lapidarium.fundacja-hereditas.pl\/wp-content\/uploads\/2024\/05\/E_Dziedziniewicz-Rapca_Warszawa_Zelazna_75A__klatka_boczna_5_pietro_szyb_windy_E-793x1024.jpg 793w, http:\/\/lapidarium.fundacja-hereditas.pl\/wp-content\/uploads\/2024\/05\/E_Dziedziniewicz-Rapca_Warszawa_Zelazna_75A__klatka_boczna_5_pietro_szyb_windy_E-232x300.jpg 232w, http:\/\/lapidarium.fundacja-hereditas.pl\/wp-content\/uploads\/2024\/05\/E_Dziedziniewicz-Rapca_Warszawa_Zelazna_75A__klatka_boczna_5_pietro_szyb_windy_E-768x991.jpg 768w, http:\/\/lapidarium.fundacja-hereditas.pl\/wp-content\/uploads\/2024\/05\/E_Dziedziniewicz-Rapca_Warszawa_Zelazna_75A__klatka_boczna_5_pietro_szyb_windy_E-1190x1536.jpg 1190w, http:\/\/lapidarium.fundacja-hereditas.pl\/wp-content\/uploads\/2024\/05\/E_Dziedziniewicz-Rapca_Warszawa_Zelazna_75A__klatka_boczna_5_pietro_szyb_windy_E-1587x2048.jpg 1587w, http:\/\/lapidarium.fundacja-hereditas.pl\/wp-content\/uploads\/2024\/05\/E_Dziedziniewicz-Rapca_Warszawa_Zelazna_75A__klatka_boczna_5_pietro_szyb_windy_E-150x194.jpg 150w, http:\/\/lapidarium.fundacja-hereditas.pl\/wp-content\/uploads\/2024\/05\/E_Dziedziniewicz-Rapca_Warszawa_Zelazna_75A__klatka_boczna_5_pietro_szyb_windy_E-300x387.jpg 300w, http:\/\/lapidarium.fundacja-hereditas.pl\/wp-content\/uploads\/2024\/05\/E_Dziedziniewicz-Rapca_Warszawa_Zelazna_75A__klatka_boczna_5_pietro_szyb_windy_E-696x898.jpg 696w, http:\/\/lapidarium.fundacja-hereditas.pl\/wp-content\/uploads\/2024\/05\/E_Dziedziniewicz-Rapca_Warszawa_Zelazna_75A__klatka_boczna_5_pietro_szyb_windy_E-1068x1378.jpg 1068w, http:\/\/lapidarium.fundacja-hereditas.pl\/wp-content\/uploads\/2024\/05\/E_Dziedziniewicz-Rapca_Warszawa_Zelazna_75A__klatka_boczna_5_pietro_szyb_windy_E-1920x2478.jpg 1920w, http:\/\/lapidarium.fundacja-hereditas.pl\/wp-content\/uploads\/2024\/05\/E_Dziedziniewicz-Rapca_Warszawa_Zelazna_75A__klatka_boczna_5_pietro_szyb_windy_E-scaled.jpg 1984w\" sizes=\"auto, (max-width: 793px) 100vw, 793px\" \/><\/a><figcaption class=\"wp-element-caption\">Klatka od ul. \u017belaznej. Szyb windy &#8211; g\u00f3rna partia. Fot. Ewa Dziedziniewicz-R\u0105pca, 2023 r., \u017ar\u00f3d\u0142o: MWKZ.<\/figcaption><\/figure>\n\n\n\n<figure class=\"wp-block-image size-large\"><a href=\"http:\/\/lapidarium.fundacja-hereditas.pl\/wp-content\/uploads\/2024\/05\/Lipnicka_Joanna_Warszawa_Zelazna_75A_klatka_polpietro_schody-scaled.jpeg\"><img loading=\"lazy\" decoding=\"async\" width=\"774\" height=\"1024\" data-id=\"24619\" src=\"http:\/\/lapidarium.fundacja-hereditas.pl\/wp-content\/uploads\/2024\/05\/Lipnicka_Joanna_Warszawa_Zelazna_75A_klatka_polpietro_schody-774x1024.jpeg\" alt=\"\" class=\"wp-image-24619\" srcset=\"http:\/\/lapidarium.fundacja-hereditas.pl\/wp-content\/uploads\/2024\/05\/Lipnicka_Joanna_Warszawa_Zelazna_75A_klatka_polpietro_schody-774x1024.jpeg 774w, http:\/\/lapidarium.fundacja-hereditas.pl\/wp-content\/uploads\/2024\/05\/Lipnicka_Joanna_Warszawa_Zelazna_75A_klatka_polpietro_schody-227x300.jpeg 227w, http:\/\/lapidarium.fundacja-hereditas.pl\/wp-content\/uploads\/2024\/05\/Lipnicka_Joanna_Warszawa_Zelazna_75A_klatka_polpietro_schody-768x1016.jpeg 768w, http:\/\/lapidarium.fundacja-hereditas.pl\/wp-content\/uploads\/2024\/05\/Lipnicka_Joanna_Warszawa_Zelazna_75A_klatka_polpietro_schody-1161x1536.jpeg 1161w, http:\/\/lapidarium.fundacja-hereditas.pl\/wp-content\/uploads\/2024\/05\/Lipnicka_Joanna_Warszawa_Zelazna_75A_klatka_polpietro_schody-1548x2048.jpeg 1548w, http:\/\/lapidarium.fundacja-hereditas.pl\/wp-content\/uploads\/2024\/05\/Lipnicka_Joanna_Warszawa_Zelazna_75A_klatka_polpietro_schody-150x199.jpeg 150w, http:\/\/lapidarium.fundacja-hereditas.pl\/wp-content\/uploads\/2024\/05\/Lipnicka_Joanna_Warszawa_Zelazna_75A_klatka_polpietro_schody-300x397.jpeg 300w, http:\/\/lapidarium.fundacja-hereditas.pl\/wp-content\/uploads\/2024\/05\/Lipnicka_Joanna_Warszawa_Zelazna_75A_klatka_polpietro_schody-696x921.jpeg 696w, http:\/\/lapidarium.fundacja-hereditas.pl\/wp-content\/uploads\/2024\/05\/Lipnicka_Joanna_Warszawa_Zelazna_75A_klatka_polpietro_schody-1068x1413.jpeg 1068w, http:\/\/lapidarium.fundacja-hereditas.pl\/wp-content\/uploads\/2024\/05\/Lipnicka_Joanna_Warszawa_Zelazna_75A_klatka_polpietro_schody-1920x2541.jpeg 1920w, http:\/\/lapidarium.fundacja-hereditas.pl\/wp-content\/uploads\/2024\/05\/Lipnicka_Joanna_Warszawa_Zelazna_75A_klatka_polpietro_schody-scaled.jpeg 1934w\" sizes=\"auto, (max-width: 774px) 100vw, 774px\" \/><\/a><figcaption class=\"wp-element-caption\">Klatka od ul. \u017belaznej. Widok na spocznik &#8211; profilowania na posadzce  z lastrico. Fot. Joanna Lipnicka, 2023 r., \u017ar\u00f3d\u0142o: MWKZ.<\/figcaption><\/figure>\n\n\n\n<figure class=\"wp-block-image size-large\"><a href=\"http:\/\/lapidarium.fundacja-hereditas.pl\/wp-content\/uploads\/2024\/05\/Lipnicka_Joanna_Warszawa_Zelazna_75A_polpietro_lastryko_wzor-scaled.jpeg\"><img loading=\"lazy\" decoding=\"async\" width=\"779\" height=\"1024\" data-id=\"24635\" src=\"http:\/\/lapidarium.fundacja-hereditas.pl\/wp-content\/uploads\/2024\/05\/Lipnicka_Joanna_Warszawa_Zelazna_75A_polpietro_lastryko_wzor-779x1024.jpeg\" alt=\"\" class=\"wp-image-24635\" srcset=\"http:\/\/lapidarium.fundacja-hereditas.pl\/wp-content\/uploads\/2024\/05\/Lipnicka_Joanna_Warszawa_Zelazna_75A_polpietro_lastryko_wzor-779x1024.jpeg 779w, http:\/\/lapidarium.fundacja-hereditas.pl\/wp-content\/uploads\/2024\/05\/Lipnicka_Joanna_Warszawa_Zelazna_75A_polpietro_lastryko_wzor-228x300.jpeg 228w, http:\/\/lapidarium.fundacja-hereditas.pl\/wp-content\/uploads\/2024\/05\/Lipnicka_Joanna_Warszawa_Zelazna_75A_polpietro_lastryko_wzor-768x1010.jpeg 768w, http:\/\/lapidarium.fundacja-hereditas.pl\/wp-content\/uploads\/2024\/05\/Lipnicka_Joanna_Warszawa_Zelazna_75A_polpietro_lastryko_wzor-1168x1536.jpeg 1168w, http:\/\/lapidarium.fundacja-hereditas.pl\/wp-content\/uploads\/2024\/05\/Lipnicka_Joanna_Warszawa_Zelazna_75A_polpietro_lastryko_wzor-1557x2048.jpeg 1557w, http:\/\/lapidarium.fundacja-hereditas.pl\/wp-content\/uploads\/2024\/05\/Lipnicka_Joanna_Warszawa_Zelazna_75A_polpietro_lastryko_wzor-150x197.jpeg 150w, http:\/\/lapidarium.fundacja-hereditas.pl\/wp-content\/uploads\/2024\/05\/Lipnicka_Joanna_Warszawa_Zelazna_75A_polpietro_lastryko_wzor-300x395.jpeg 300w, http:\/\/lapidarium.fundacja-hereditas.pl\/wp-content\/uploads\/2024\/05\/Lipnicka_Joanna_Warszawa_Zelazna_75A_polpietro_lastryko_wzor-696x915.jpeg 696w, http:\/\/lapidarium.fundacja-hereditas.pl\/wp-content\/uploads\/2024\/05\/Lipnicka_Joanna_Warszawa_Zelazna_75A_polpietro_lastryko_wzor-1068x1405.jpeg 1068w, http:\/\/lapidarium.fundacja-hereditas.pl\/wp-content\/uploads\/2024\/05\/Lipnicka_Joanna_Warszawa_Zelazna_75A_polpietro_lastryko_wzor-1920x2525.jpeg 1920w, http:\/\/lapidarium.fundacja-hereditas.pl\/wp-content\/uploads\/2024\/05\/Lipnicka_Joanna_Warszawa_Zelazna_75A_polpietro_lastryko_wzor-scaled.jpeg 1947w\" sizes=\"auto, (max-width: 779px) 100vw, 779px\" \/><\/a><figcaption class=\"wp-element-caption\">Klatka od ul. \u017belaznej. Profilowania posadzki z lastrico na spoczniku. Fot. Joanna Lipnicka, 2023 r., \u017ar\u00f3d\u0142o: MWKZ.<\/figcaption><\/figure>\n\n\n\n<figure class=\"wp-block-image size-large\"><a href=\"http:\/\/lapidarium.fundacja-hereditas.pl\/wp-content\/uploads\/2024\/05\/Lipnicka_Joanna_Warszawa_Zelazna_75A_polpietro_klatka_lastryko_inny_wzor-scaled.jpeg\"><img loading=\"lazy\" decoding=\"async\" width=\"756\" height=\"1024\" data-id=\"24634\" src=\"http:\/\/lapidarium.fundacja-hereditas.pl\/wp-content\/uploads\/2024\/05\/Lipnicka_Joanna_Warszawa_Zelazna_75A_polpietro_klatka_lastryko_inny_wzor-756x1024.jpeg\" alt=\"\" class=\"wp-image-24634\" srcset=\"http:\/\/lapidarium.fundacja-hereditas.pl\/wp-content\/uploads\/2024\/05\/Lipnicka_Joanna_Warszawa_Zelazna_75A_polpietro_klatka_lastryko_inny_wzor-756x1024.jpeg 756w, http:\/\/lapidarium.fundacja-hereditas.pl\/wp-content\/uploads\/2024\/05\/Lipnicka_Joanna_Warszawa_Zelazna_75A_polpietro_klatka_lastryko_inny_wzor-221x300.jpeg 221w, http:\/\/lapidarium.fundacja-hereditas.pl\/wp-content\/uploads\/2024\/05\/Lipnicka_Joanna_Warszawa_Zelazna_75A_polpietro_klatka_lastryko_inny_wzor-768x1040.jpeg 768w, http:\/\/lapidarium.fundacja-hereditas.pl\/wp-content\/uploads\/2024\/05\/Lipnicka_Joanna_Warszawa_Zelazna_75A_polpietro_klatka_lastryko_inny_wzor-1134x1536.jpeg 1134w, http:\/\/lapidarium.fundacja-hereditas.pl\/wp-content\/uploads\/2024\/05\/Lipnicka_Joanna_Warszawa_Zelazna_75A_polpietro_klatka_lastryko_inny_wzor-1512x2048.jpeg 1512w, http:\/\/lapidarium.fundacja-hereditas.pl\/wp-content\/uploads\/2024\/05\/Lipnicka_Joanna_Warszawa_Zelazna_75A_polpietro_klatka_lastryko_inny_wzor-150x203.jpeg 150w, http:\/\/lapidarium.fundacja-hereditas.pl\/wp-content\/uploads\/2024\/05\/Lipnicka_Joanna_Warszawa_Zelazna_75A_polpietro_klatka_lastryko_inny_wzor-300x406.jpeg 300w, http:\/\/lapidarium.fundacja-hereditas.pl\/wp-content\/uploads\/2024\/05\/Lipnicka_Joanna_Warszawa_Zelazna_75A_polpietro_klatka_lastryko_inny_wzor-696x943.jpeg 696w, http:\/\/lapidarium.fundacja-hereditas.pl\/wp-content\/uploads\/2024\/05\/Lipnicka_Joanna_Warszawa_Zelazna_75A_polpietro_klatka_lastryko_inny_wzor-1068x1447.jpeg 1068w, http:\/\/lapidarium.fundacja-hereditas.pl\/wp-content\/uploads\/2024\/05\/Lipnicka_Joanna_Warszawa_Zelazna_75A_polpietro_klatka_lastryko_inny_wzor-1920x2600.jpeg 1920w, http:\/\/lapidarium.fundacja-hereditas.pl\/wp-content\/uploads\/2024\/05\/Lipnicka_Joanna_Warszawa_Zelazna_75A_polpietro_klatka_lastryko_inny_wzor-scaled.jpeg 1890w\" sizes=\"auto, (max-width: 756px) 100vw, 756px\" \/><\/a><figcaption class=\"wp-element-caption\">Klatka od ul. \u017belaznej. Widok ze spocznika na pi\u0119tro &#8211; profilowania na posadzce  z lastrico. Fot. Joanna Lipnicka, 2023 r., \u017ar\u00f3d\u0142o: MWKZ.<\/figcaption><\/figure>\n\n\n\n<figure class=\"wp-block-image size-large\"><a href=\"http:\/\/lapidarium.fundacja-hereditas.pl\/wp-content\/uploads\/2024\/05\/Lipnicka_Joanna_Warszawa_Zelazna_75A_schody_posadzka-scaled.jpeg\"><img loading=\"lazy\" decoding=\"async\" width=\"1024\" height=\"775\" data-id=\"24641\" src=\"http:\/\/lapidarium.fundacja-hereditas.pl\/wp-content\/uploads\/2024\/05\/Lipnicka_Joanna_Warszawa_Zelazna_75A_schody_posadzka-1024x775.jpeg\" alt=\"\" class=\"wp-image-24641\" srcset=\"http:\/\/lapidarium.fundacja-hereditas.pl\/wp-content\/uploads\/2024\/05\/Lipnicka_Joanna_Warszawa_Zelazna_75A_schody_posadzka-1024x775.jpeg 1024w, http:\/\/lapidarium.fundacja-hereditas.pl\/wp-content\/uploads\/2024\/05\/Lipnicka_Joanna_Warszawa_Zelazna_75A_schody_posadzka-300x227.jpeg 300w, http:\/\/lapidarium.fundacja-hereditas.pl\/wp-content\/uploads\/2024\/05\/Lipnicka_Joanna_Warszawa_Zelazna_75A_schody_posadzka-768x581.jpeg 768w, http:\/\/lapidarium.fundacja-hereditas.pl\/wp-content\/uploads\/2024\/05\/Lipnicka_Joanna_Warszawa_Zelazna_75A_schody_posadzka-1536x1162.jpeg 1536w, http:\/\/lapidarium.fundacja-hereditas.pl\/wp-content\/uploads\/2024\/05\/Lipnicka_Joanna_Warszawa_Zelazna_75A_schody_posadzka-2048x1549.jpeg 2048w, http:\/\/lapidarium.fundacja-hereditas.pl\/wp-content\/uploads\/2024\/05\/Lipnicka_Joanna_Warszawa_Zelazna_75A_schody_posadzka-150x113.jpeg 150w, http:\/\/lapidarium.fundacja-hereditas.pl\/wp-content\/uploads\/2024\/05\/Lipnicka_Joanna_Warszawa_Zelazna_75A_schody_posadzka-696x526.jpeg 696w, http:\/\/lapidarium.fundacja-hereditas.pl\/wp-content\/uploads\/2024\/05\/Lipnicka_Joanna_Warszawa_Zelazna_75A_schody_posadzka-1068x808.jpeg 1068w, http:\/\/lapidarium.fundacja-hereditas.pl\/wp-content\/uploads\/2024\/05\/Lipnicka_Joanna_Warszawa_Zelazna_75A_schody_posadzka-1920x1452.jpeg 1920w\" sizes=\"auto, (max-width: 1024px) 100vw, 1024px\" \/><\/a><figcaption class=\"wp-element-caption\">Klatka od ul. \u017belaznej. \u0141uk schod\u00f3w wok\u00f3\u0142 szybu windy. Fot. Joanna Lipnicka, 2023 r., \u017ar\u00f3d\u0142o: MWKZ.<\/figcaption><\/figure>\n\n\n\n<figure class=\"wp-block-image size-large\"><a href=\"http:\/\/lapidarium.fundacja-hereditas.pl\/wp-content\/uploads\/2024\/05\/Lipnicka_Joanna_Warszawa_Zelazna_75A_porecz_polpietro-scaled.jpeg\"><img loading=\"lazy\" decoding=\"async\" width=\"760\" height=\"1024\" data-id=\"24638\" src=\"http:\/\/lapidarium.fundacja-hereditas.pl\/wp-content\/uploads\/2024\/05\/Lipnicka_Joanna_Warszawa_Zelazna_75A_porecz_polpietro-760x1024.jpeg\" alt=\"\" class=\"wp-image-24638\" srcset=\"http:\/\/lapidarium.fundacja-hereditas.pl\/wp-content\/uploads\/2024\/05\/Lipnicka_Joanna_Warszawa_Zelazna_75A_porecz_polpietro-760x1024.jpeg 760w, http:\/\/lapidarium.fundacja-hereditas.pl\/wp-content\/uploads\/2024\/05\/Lipnicka_Joanna_Warszawa_Zelazna_75A_porecz_polpietro-223x300.jpeg 223w, http:\/\/lapidarium.fundacja-hereditas.pl\/wp-content\/uploads\/2024\/05\/Lipnicka_Joanna_Warszawa_Zelazna_75A_porecz_polpietro-768x1035.jpeg 768w, http:\/\/lapidarium.fundacja-hereditas.pl\/wp-content\/uploads\/2024\/05\/Lipnicka_Joanna_Warszawa_Zelazna_75A_porecz_polpietro-1140x1536.jpeg 1140w, http:\/\/lapidarium.fundacja-hereditas.pl\/wp-content\/uploads\/2024\/05\/Lipnicka_Joanna_Warszawa_Zelazna_75A_porecz_polpietro-1520x2048.jpeg 1520w, http:\/\/lapidarium.fundacja-hereditas.pl\/wp-content\/uploads\/2024\/05\/Lipnicka_Joanna_Warszawa_Zelazna_75A_porecz_polpietro-150x202.jpeg 150w, http:\/\/lapidarium.fundacja-hereditas.pl\/wp-content\/uploads\/2024\/05\/Lipnicka_Joanna_Warszawa_Zelazna_75A_porecz_polpietro-300x404.jpeg 300w, http:\/\/lapidarium.fundacja-hereditas.pl\/wp-content\/uploads\/2024\/05\/Lipnicka_Joanna_Warszawa_Zelazna_75A_porecz_polpietro-696x938.jpeg 696w, http:\/\/lapidarium.fundacja-hereditas.pl\/wp-content\/uploads\/2024\/05\/Lipnicka_Joanna_Warszawa_Zelazna_75A_porecz_polpietro-1068x1439.jpeg 1068w, http:\/\/lapidarium.fundacja-hereditas.pl\/wp-content\/uploads\/2024\/05\/Lipnicka_Joanna_Warszawa_Zelazna_75A_porecz_polpietro-1920x2587.jpeg 1920w, http:\/\/lapidarium.fundacja-hereditas.pl\/wp-content\/uploads\/2024\/05\/Lipnicka_Joanna_Warszawa_Zelazna_75A_porecz_polpietro-scaled.jpeg 1900w\" sizes=\"auto, (max-width: 760px) 100vw, 760px\" \/><\/a><figcaption class=\"wp-element-caption\">Klatka od ul. \u017belaznej. Por\u0119cz mocowana do obudowy szybu windy. Fot. Joanna Lipnicka, 2023 r., \u017ar\u00f3d\u0142o: MWKZ.<\/figcaption><\/figure>\n\n\n\n<figure class=\"wp-block-image size-large\"><a href=\"http:\/\/lapidarium.fundacja-hereditas.pl\/wp-content\/uploads\/2024\/05\/Lipnicka_Joanna_Warszawa_Zelazna_75A_porecz_wzor-scaled.jpeg\"><img loading=\"lazy\" decoding=\"async\" width=\"754\" height=\"1024\" data-id=\"24639\" src=\"http:\/\/lapidarium.fundacja-hereditas.pl\/wp-content\/uploads\/2024\/05\/Lipnicka_Joanna_Warszawa_Zelazna_75A_porecz_wzor-754x1024.jpeg\" alt=\"\" class=\"wp-image-24639\" srcset=\"http:\/\/lapidarium.fundacja-hereditas.pl\/wp-content\/uploads\/2024\/05\/Lipnicka_Joanna_Warszawa_Zelazna_75A_porecz_wzor-754x1024.jpeg 754w, http:\/\/lapidarium.fundacja-hereditas.pl\/wp-content\/uploads\/2024\/05\/Lipnicka_Joanna_Warszawa_Zelazna_75A_porecz_wzor-221x300.jpeg 221w, http:\/\/lapidarium.fundacja-hereditas.pl\/wp-content\/uploads\/2024\/05\/Lipnicka_Joanna_Warszawa_Zelazna_75A_porecz_wzor-768x1043.jpeg 768w, http:\/\/lapidarium.fundacja-hereditas.pl\/wp-content\/uploads\/2024\/05\/Lipnicka_Joanna_Warszawa_Zelazna_75A_porecz_wzor-1131x1536.jpeg 1131w, http:\/\/lapidarium.fundacja-hereditas.pl\/wp-content\/uploads\/2024\/05\/Lipnicka_Joanna_Warszawa_Zelazna_75A_porecz_wzor-1508x2048.jpeg 1508w, http:\/\/lapidarium.fundacja-hereditas.pl\/wp-content\/uploads\/2024\/05\/Lipnicka_Joanna_Warszawa_Zelazna_75A_porecz_wzor-150x204.jpeg 150w, http:\/\/lapidarium.fundacja-hereditas.pl\/wp-content\/uploads\/2024\/05\/Lipnicka_Joanna_Warszawa_Zelazna_75A_porecz_wzor-300x407.jpeg 300w, http:\/\/lapidarium.fundacja-hereditas.pl\/wp-content\/uploads\/2024\/05\/Lipnicka_Joanna_Warszawa_Zelazna_75A_porecz_wzor-696x945.jpeg 696w, http:\/\/lapidarium.fundacja-hereditas.pl\/wp-content\/uploads\/2024\/05\/Lipnicka_Joanna_Warszawa_Zelazna_75A_porecz_wzor-1068x1450.jpeg 1068w, http:\/\/lapidarium.fundacja-hereditas.pl\/wp-content\/uploads\/2024\/05\/Lipnicka_Joanna_Warszawa_Zelazna_75A_porecz_wzor-1920x2607.jpeg 1920w, http:\/\/lapidarium.fundacja-hereditas.pl\/wp-content\/uploads\/2024\/05\/Lipnicka_Joanna_Warszawa_Zelazna_75A_porecz_wzor-scaled.jpeg 1886w\" sizes=\"auto, (max-width: 754px) 100vw, 754px\" \/><\/a><figcaption class=\"wp-element-caption\">Klatka od ul. \u017belaznej. Widok ze spocznika na pi\u0119tro. Fot. Joanna Lipnicka, 2023 r., \u017ar\u00f3d\u0142o: MWKZ.<\/figcaption><\/figure>\n\n\n\n<figure class=\"wp-block-image size-large\"><a href=\"http:\/\/lapidarium.fundacja-hereditas.pl\/wp-content\/uploads\/2024\/05\/Lipnicka_Joanna_Warszawa_Zelazna_75A_polpietro_balustrada-scaled.jpeg\"><img loading=\"lazy\" decoding=\"async\" width=\"776\" height=\"1024\" data-id=\"24633\" src=\"http:\/\/lapidarium.fundacja-hereditas.pl\/wp-content\/uploads\/2024\/05\/Lipnicka_Joanna_Warszawa_Zelazna_75A_polpietro_balustrada-776x1024.jpeg\" alt=\"\" class=\"wp-image-24633\" srcset=\"http:\/\/lapidarium.fundacja-hereditas.pl\/wp-content\/uploads\/2024\/05\/Lipnicka_Joanna_Warszawa_Zelazna_75A_polpietro_balustrada-776x1024.jpeg 776w, http:\/\/lapidarium.fundacja-hereditas.pl\/wp-content\/uploads\/2024\/05\/Lipnicka_Joanna_Warszawa_Zelazna_75A_polpietro_balustrada-227x300.jpeg 227w, http:\/\/lapidarium.fundacja-hereditas.pl\/wp-content\/uploads\/2024\/05\/Lipnicka_Joanna_Warszawa_Zelazna_75A_polpietro_balustrada-768x1014.jpeg 768w, http:\/\/lapidarium.fundacja-hereditas.pl\/wp-content\/uploads\/2024\/05\/Lipnicka_Joanna_Warszawa_Zelazna_75A_polpietro_balustrada-1164x1536.jpeg 1164w, http:\/\/lapidarium.fundacja-hereditas.pl\/wp-content\/uploads\/2024\/05\/Lipnicka_Joanna_Warszawa_Zelazna_75A_polpietro_balustrada-1551x2048.jpeg 1551w, http:\/\/lapidarium.fundacja-hereditas.pl\/wp-content\/uploads\/2024\/05\/Lipnicka_Joanna_Warszawa_Zelazna_75A_polpietro_balustrada-150x198.jpeg 150w, http:\/\/lapidarium.fundacja-hereditas.pl\/wp-content\/uploads\/2024\/05\/Lipnicka_Joanna_Warszawa_Zelazna_75A_polpietro_balustrada-300x396.jpeg 300w, http:\/\/lapidarium.fundacja-hereditas.pl\/wp-content\/uploads\/2024\/05\/Lipnicka_Joanna_Warszawa_Zelazna_75A_polpietro_balustrada-696x919.jpeg 696w, http:\/\/lapidarium.fundacja-hereditas.pl\/wp-content\/uploads\/2024\/05\/Lipnicka_Joanna_Warszawa_Zelazna_75A_polpietro_balustrada-1068x1410.jpeg 1068w, http:\/\/lapidarium.fundacja-hereditas.pl\/wp-content\/uploads\/2024\/05\/Lipnicka_Joanna_Warszawa_Zelazna_75A_polpietro_balustrada-1920x2535.jpeg 1920w, http:\/\/lapidarium.fundacja-hereditas.pl\/wp-content\/uploads\/2024\/05\/Lipnicka_Joanna_Warszawa_Zelazna_75A_polpietro_balustrada-scaled.jpeg 1939w\" sizes=\"auto, (max-width: 776px) 100vw, 776px\" \/><\/a><figcaption class=\"wp-element-caption\">Klatka od ul. \u017belaznej. Okna ostatniego spocznika. Balustrada z p\u0142askownik\u00f3w. Fot. Joanna Lipnicka, 2023 r., \u017ar\u00f3d\u0142o: MWKZ.<\/figcaption><\/figure>\n\n\n\n<figure class=\"wp-block-image size-large\"><a href=\"http:\/\/lapidarium.fundacja-hereditas.pl\/wp-content\/uploads\/2024\/05\/E_Dziedziniewicz-Rapca_Warszawa_Zelazna_75A__klatka_boczna_strych_korytarz_okno_A-scaled.jpg\"><img loading=\"lazy\" decoding=\"async\" width=\"799\" height=\"1024\" data-id=\"24610\" src=\"http:\/\/lapidarium.fundacja-hereditas.pl\/wp-content\/uploads\/2024\/05\/E_Dziedziniewicz-Rapca_Warszawa_Zelazna_75A__klatka_boczna_strych_korytarz_okno_A-799x1024.jpg\" alt=\"\" class=\"wp-image-24610\" srcset=\"http:\/\/lapidarium.fundacja-hereditas.pl\/wp-content\/uploads\/2024\/05\/E_Dziedziniewicz-Rapca_Warszawa_Zelazna_75A__klatka_boczna_strych_korytarz_okno_A-799x1024.jpg 799w, http:\/\/lapidarium.fundacja-hereditas.pl\/wp-content\/uploads\/2024\/05\/E_Dziedziniewicz-Rapca_Warszawa_Zelazna_75A__klatka_boczna_strych_korytarz_okno_A-234x300.jpg 234w, http:\/\/lapidarium.fundacja-hereditas.pl\/wp-content\/uploads\/2024\/05\/E_Dziedziniewicz-Rapca_Warszawa_Zelazna_75A__klatka_boczna_strych_korytarz_okno_A-768x985.jpg 768w, http:\/\/lapidarium.fundacja-hereditas.pl\/wp-content\/uploads\/2024\/05\/E_Dziedziniewicz-Rapca_Warszawa_Zelazna_75A__klatka_boczna_strych_korytarz_okno_A-1198x1536.jpg 1198w, http:\/\/lapidarium.fundacja-hereditas.pl\/wp-content\/uploads\/2024\/05\/E_Dziedziniewicz-Rapca_Warszawa_Zelazna_75A__klatka_boczna_strych_korytarz_okno_A-1598x2048.jpg 1598w, http:\/\/lapidarium.fundacja-hereditas.pl\/wp-content\/uploads\/2024\/05\/E_Dziedziniewicz-Rapca_Warszawa_Zelazna_75A__klatka_boczna_strych_korytarz_okno_A-150x192.jpg 150w, http:\/\/lapidarium.fundacja-hereditas.pl\/wp-content\/uploads\/2024\/05\/E_Dziedziniewicz-Rapca_Warszawa_Zelazna_75A__klatka_boczna_strych_korytarz_okno_A-300x385.jpg 300w, http:\/\/lapidarium.fundacja-hereditas.pl\/wp-content\/uploads\/2024\/05\/E_Dziedziniewicz-Rapca_Warszawa_Zelazna_75A__klatka_boczna_strych_korytarz_okno_A-696x892.jpg 696w, http:\/\/lapidarium.fundacja-hereditas.pl\/wp-content\/uploads\/2024\/05\/E_Dziedziniewicz-Rapca_Warszawa_Zelazna_75A__klatka_boczna_strych_korytarz_okno_A-1068x1369.jpg 1068w, http:\/\/lapidarium.fundacja-hereditas.pl\/wp-content\/uploads\/2024\/05\/E_Dziedziniewicz-Rapca_Warszawa_Zelazna_75A__klatka_boczna_strych_korytarz_okno_A-1920x2461.jpg 1920w, http:\/\/lapidarium.fundacja-hereditas.pl\/wp-content\/uploads\/2024\/05\/E_Dziedziniewicz-Rapca_Warszawa_Zelazna_75A__klatka_boczna_strych_korytarz_okno_A-scaled.jpg 1997w\" sizes=\"auto, (max-width: 799px) 100vw, 799px\" \/><\/a><figcaption class=\"wp-element-caption\">Klatka od ul. \u017belaznej. Okno przy spoczniku &#8211; balustrada z p\u0142askownik\u00f3w. Fot. Ewa Dziedziniewicz-R\u0105pca, 2023 r., \u017ar\u00f3d\u0142o: MWKZ.<\/figcaption><\/figure>\n\n\n\n<figure class=\"wp-block-image size-large\"><a href=\"http:\/\/lapidarium.fundacja-hereditas.pl\/wp-content\/uploads\/2024\/05\/Lipnicka_Joanna_Warszawa_Zelazna_75A_polpietro-scaled.jpeg\"><img loading=\"lazy\" decoding=\"async\" width=\"780\" height=\"1024\" data-id=\"24632\" src=\"http:\/\/lapidarium.fundacja-hereditas.pl\/wp-content\/uploads\/2024\/05\/Lipnicka_Joanna_Warszawa_Zelazna_75A_polpietro-780x1024.jpeg\" alt=\"\" class=\"wp-image-24632\" srcset=\"http:\/\/lapidarium.fundacja-hereditas.pl\/wp-content\/uploads\/2024\/05\/Lipnicka_Joanna_Warszawa_Zelazna_75A_polpietro-780x1024.jpeg 780w, http:\/\/lapidarium.fundacja-hereditas.pl\/wp-content\/uploads\/2024\/05\/Lipnicka_Joanna_Warszawa_Zelazna_75A_polpietro-228x300.jpeg 228w, http:\/\/lapidarium.fundacja-hereditas.pl\/wp-content\/uploads\/2024\/05\/Lipnicka_Joanna_Warszawa_Zelazna_75A_polpietro-768x1009.jpeg 768w, http:\/\/lapidarium.fundacja-hereditas.pl\/wp-content\/uploads\/2024\/05\/Lipnicka_Joanna_Warszawa_Zelazna_75A_polpietro-1170x1536.jpeg 1170w, http:\/\/lapidarium.fundacja-hereditas.pl\/wp-content\/uploads\/2024\/05\/Lipnicka_Joanna_Warszawa_Zelazna_75A_polpietro-1559x2048.jpeg 1559w, http:\/\/lapidarium.fundacja-hereditas.pl\/wp-content\/uploads\/2024\/05\/Lipnicka_Joanna_Warszawa_Zelazna_75A_polpietro-150x197.jpeg 150w, http:\/\/lapidarium.fundacja-hereditas.pl\/wp-content\/uploads\/2024\/05\/Lipnicka_Joanna_Warszawa_Zelazna_75A_polpietro-300x394.jpeg 300w, http:\/\/lapidarium.fundacja-hereditas.pl\/wp-content\/uploads\/2024\/05\/Lipnicka_Joanna_Warszawa_Zelazna_75A_polpietro-696x914.jpeg 696w, http:\/\/lapidarium.fundacja-hereditas.pl\/wp-content\/uploads\/2024\/05\/Lipnicka_Joanna_Warszawa_Zelazna_75A_polpietro-1068x1403.jpeg 1068w, http:\/\/lapidarium.fundacja-hereditas.pl\/wp-content\/uploads\/2024\/05\/Lipnicka_Joanna_Warszawa_Zelazna_75A_polpietro-1920x2522.jpeg 1920w, http:\/\/lapidarium.fundacja-hereditas.pl\/wp-content\/uploads\/2024\/05\/Lipnicka_Joanna_Warszawa_Zelazna_75A_polpietro-scaled.jpeg 1949w\" sizes=\"auto, (max-width: 780px) 100vw, 780px\" \/><\/a><figcaption class=\"wp-element-caption\">Klatka od ul. \u017belaznej. Widok na spocznik. Po lewej obudowa szybu windy. Fot. Joanna Lipnicka, 2023 r., \u017ar\u00f3d\u0142o: MWKZ.<\/figcaption><\/figure>\n\n\n\n<figure class=\"wp-block-image size-large\"><a href=\"http:\/\/lapidarium.fundacja-hereditas.pl\/wp-content\/uploads\/2024\/05\/Lipnicka_Joanna_Warszawa_Zelazna_75A_klatka_schodowa_polpietro-scaled.jpeg\"><img loading=\"lazy\" decoding=\"async\" width=\"775\" height=\"1024\" data-id=\"24621\" src=\"http:\/\/lapidarium.fundacja-hereditas.pl\/wp-content\/uploads\/2024\/05\/Lipnicka_Joanna_Warszawa_Zelazna_75A_klatka_schodowa_polpietro-775x1024.jpeg\" alt=\"\" class=\"wp-image-24621\" srcset=\"http:\/\/lapidarium.fundacja-hereditas.pl\/wp-content\/uploads\/2024\/05\/Lipnicka_Joanna_Warszawa_Zelazna_75A_klatka_schodowa_polpietro-775x1024.jpeg 775w, http:\/\/lapidarium.fundacja-hereditas.pl\/wp-content\/uploads\/2024\/05\/Lipnicka_Joanna_Warszawa_Zelazna_75A_klatka_schodowa_polpietro-227x300.jpeg 227w, http:\/\/lapidarium.fundacja-hereditas.pl\/wp-content\/uploads\/2024\/05\/Lipnicka_Joanna_Warszawa_Zelazna_75A_klatka_schodowa_polpietro-768x1015.jpeg 768w, http:\/\/lapidarium.fundacja-hereditas.pl\/wp-content\/uploads\/2024\/05\/Lipnicka_Joanna_Warszawa_Zelazna_75A_klatka_schodowa_polpietro-1162x1536.jpeg 1162w, http:\/\/lapidarium.fundacja-hereditas.pl\/wp-content\/uploads\/2024\/05\/Lipnicka_Joanna_Warszawa_Zelazna_75A_klatka_schodowa_polpietro-1549x2048.jpeg 1549w, http:\/\/lapidarium.fundacja-hereditas.pl\/wp-content\/uploads\/2024\/05\/Lipnicka_Joanna_Warszawa_Zelazna_75A_klatka_schodowa_polpietro-150x198.jpeg 150w, http:\/\/lapidarium.fundacja-hereditas.pl\/wp-content\/uploads\/2024\/05\/Lipnicka_Joanna_Warszawa_Zelazna_75A_klatka_schodowa_polpietro-300x397.jpeg 300w, http:\/\/lapidarium.fundacja-hereditas.pl\/wp-content\/uploads\/2024\/05\/Lipnicka_Joanna_Warszawa_Zelazna_75A_klatka_schodowa_polpietro-696x920.jpeg 696w, http:\/\/lapidarium.fundacja-hereditas.pl\/wp-content\/uploads\/2024\/05\/Lipnicka_Joanna_Warszawa_Zelazna_75A_klatka_schodowa_polpietro-1068x1412.jpeg 1068w, http:\/\/lapidarium.fundacja-hereditas.pl\/wp-content\/uploads\/2024\/05\/Lipnicka_Joanna_Warszawa_Zelazna_75A_klatka_schodowa_polpietro-1920x2538.jpeg 1920w, http:\/\/lapidarium.fundacja-hereditas.pl\/wp-content\/uploads\/2024\/05\/Lipnicka_Joanna_Warszawa_Zelazna_75A_klatka_schodowa_polpietro-scaled.jpeg 1936w\" sizes=\"auto, (max-width: 775px) 100vw, 775px\" \/><\/a><figcaption class=\"wp-element-caption\">Klatka od ul. \u017belaznej. Widok ze schod\u00f3w na pi\u0119tro. Na posadzce widoczne rozbryzgi po od\u0142amkach jak i \u015blady po wsi\u0105kni\u0119tej w lastrico krwi. Pozosta\u0142o\u015bci powstania (1944 r.). Fot. Joanna Lipnicka, 2023 r., \u017ar\u00f3d\u0142o: MWKZ.<\/figcaption><\/figure>\n\n\n\n<figure class=\"wp-block-image size-large\"><a href=\"http:\/\/lapidarium.fundacja-hereditas.pl\/wp-content\/uploads\/2024\/05\/Lipnicka_Joanna_Warszawa_Zelazna_75A_lastryko_wzor_niektore_polpietra-scaled.jpeg\"><img loading=\"lazy\" decoding=\"async\" width=\"775\" height=\"1024\" data-id=\"24622\" src=\"http:\/\/lapidarium.fundacja-hereditas.pl\/wp-content\/uploads\/2024\/05\/Lipnicka_Joanna_Warszawa_Zelazna_75A_lastryko_wzor_niektore_polpietra-775x1024.jpeg\" alt=\"\" class=\"wp-image-24622\" srcset=\"http:\/\/lapidarium.fundacja-hereditas.pl\/wp-content\/uploads\/2024\/05\/Lipnicka_Joanna_Warszawa_Zelazna_75A_lastryko_wzor_niektore_polpietra-775x1024.jpeg 775w, http:\/\/lapidarium.fundacja-hereditas.pl\/wp-content\/uploads\/2024\/05\/Lipnicka_Joanna_Warszawa_Zelazna_75A_lastryko_wzor_niektore_polpietra-227x300.jpeg 227w, http:\/\/lapidarium.fundacja-hereditas.pl\/wp-content\/uploads\/2024\/05\/Lipnicka_Joanna_Warszawa_Zelazna_75A_lastryko_wzor_niektore_polpietra-768x1015.jpeg 768w, http:\/\/lapidarium.fundacja-hereditas.pl\/wp-content\/uploads\/2024\/05\/Lipnicka_Joanna_Warszawa_Zelazna_75A_lastryko_wzor_niektore_polpietra-1162x1536.jpeg 1162w, http:\/\/lapidarium.fundacja-hereditas.pl\/wp-content\/uploads\/2024\/05\/Lipnicka_Joanna_Warszawa_Zelazna_75A_lastryko_wzor_niektore_polpietra-1550x2048.jpeg 1550w, http:\/\/lapidarium.fundacja-hereditas.pl\/wp-content\/uploads\/2024\/05\/Lipnicka_Joanna_Warszawa_Zelazna_75A_lastryko_wzor_niektore_polpietra-150x198.jpeg 150w, http:\/\/lapidarium.fundacja-hereditas.pl\/wp-content\/uploads\/2024\/05\/Lipnicka_Joanna_Warszawa_Zelazna_75A_lastryko_wzor_niektore_polpietra-300x396.jpeg 300w, http:\/\/lapidarium.fundacja-hereditas.pl\/wp-content\/uploads\/2024\/05\/Lipnicka_Joanna_Warszawa_Zelazna_75A_lastryko_wzor_niektore_polpietra-696x920.jpeg 696w, http:\/\/lapidarium.fundacja-hereditas.pl\/wp-content\/uploads\/2024\/05\/Lipnicka_Joanna_Warszawa_Zelazna_75A_lastryko_wzor_niektore_polpietra-1068x1411.jpeg 1068w, http:\/\/lapidarium.fundacja-hereditas.pl\/wp-content\/uploads\/2024\/05\/Lipnicka_Joanna_Warszawa_Zelazna_75A_lastryko_wzor_niektore_polpietra-1920x2537.jpeg 1920w, http:\/\/lapidarium.fundacja-hereditas.pl\/wp-content\/uploads\/2024\/05\/Lipnicka_Joanna_Warszawa_Zelazna_75A_lastryko_wzor_niektore_polpietra-scaled.jpeg 1937w\" sizes=\"auto, (max-width: 775px) 100vw, 775px\" \/><\/a><figcaption class=\"wp-element-caption\">Klatka od ul. \u017belaznej. Widok ze spocznika na pi\u0119tro &#8211; profilowania na posadzce  z lastrico. Fot. Joanna Lipnicka, 2023 r., \u017ar\u00f3d\u0142o: MWKZ.<\/figcaption><\/figure>\n\n\n\n<figure class=\"wp-block-image size-large\"><a href=\"http:\/\/lapidarium.fundacja-hereditas.pl\/wp-content\/uploads\/2024\/05\/E_Dziedziniewicz-Rapca_Warszawa_Zelazna_75A__klatka_boczna_5_pietro_schody_A-scaled.jpg\"><img loading=\"lazy\" decoding=\"async\" width=\"1024\" height=\"773\" data-id=\"24606\" src=\"http:\/\/lapidarium.fundacja-hereditas.pl\/wp-content\/uploads\/2024\/05\/E_Dziedziniewicz-Rapca_Warszawa_Zelazna_75A__klatka_boczna_5_pietro_schody_A-1024x773.jpg\" alt=\"\" class=\"wp-image-24606\" srcset=\"http:\/\/lapidarium.fundacja-hereditas.pl\/wp-content\/uploads\/2024\/05\/E_Dziedziniewicz-Rapca_Warszawa_Zelazna_75A__klatka_boczna_5_pietro_schody_A-1024x773.jpg 1024w, http:\/\/lapidarium.fundacja-hereditas.pl\/wp-content\/uploads\/2024\/05\/E_Dziedziniewicz-Rapca_Warszawa_Zelazna_75A__klatka_boczna_5_pietro_schody_A-300x226.jpg 300w, http:\/\/lapidarium.fundacja-hereditas.pl\/wp-content\/uploads\/2024\/05\/E_Dziedziniewicz-Rapca_Warszawa_Zelazna_75A__klatka_boczna_5_pietro_schody_A-768x580.jpg 768w, http:\/\/lapidarium.fundacja-hereditas.pl\/wp-content\/uploads\/2024\/05\/E_Dziedziniewicz-Rapca_Warszawa_Zelazna_75A__klatka_boczna_5_pietro_schody_A-1536x1160.jpg 1536w, http:\/\/lapidarium.fundacja-hereditas.pl\/wp-content\/uploads\/2024\/05\/E_Dziedziniewicz-Rapca_Warszawa_Zelazna_75A__klatka_boczna_5_pietro_schody_A-2048x1546.jpg 2048w, http:\/\/lapidarium.fundacja-hereditas.pl\/wp-content\/uploads\/2024\/05\/E_Dziedziniewicz-Rapca_Warszawa_Zelazna_75A__klatka_boczna_5_pietro_schody_A-150x113.jpg 150w, http:\/\/lapidarium.fundacja-hereditas.pl\/wp-content\/uploads\/2024\/05\/E_Dziedziniewicz-Rapca_Warszawa_Zelazna_75A__klatka_boczna_5_pietro_schody_A-696x525.jpg 696w, http:\/\/lapidarium.fundacja-hereditas.pl\/wp-content\/uploads\/2024\/05\/E_Dziedziniewicz-Rapca_Warszawa_Zelazna_75A__klatka_boczna_5_pietro_schody_A-1068x806.jpg 1068w, http:\/\/lapidarium.fundacja-hereditas.pl\/wp-content\/uploads\/2024\/05\/E_Dziedziniewicz-Rapca_Warszawa_Zelazna_75A__klatka_boczna_5_pietro_schody_A-1920x1450.jpg 1920w\" sizes=\"auto, (max-width: 1024px) 100vw, 1024px\" \/><\/a><figcaption class=\"wp-element-caption\">Klatka od ul. \u017belaznej. \u0141uk schod\u00f3w wok\u00f3\u0142 szybu windy. Fot. Ewa Dziedziniewicz-R\u0105pca, 2023 r., \u017ar\u00f3d\u0142o: MWKZ.<\/figcaption><\/figure>\n\n\n\n<figure class=\"wp-block-image size-large\"><a href=\"http:\/\/lapidarium.fundacja-hereditas.pl\/wp-content\/uploads\/2024\/05\/Lipnicka_Joanna_Warszawa_Zelazna_75A_klatka-scaled.jpeg\"><img loading=\"lazy\" decoding=\"async\" width=\"787\" height=\"1024\" data-id=\"24615\" src=\"http:\/\/lapidarium.fundacja-hereditas.pl\/wp-content\/uploads\/2024\/05\/Lipnicka_Joanna_Warszawa_Zelazna_75A_klatka-787x1024.jpeg\" alt=\"\" class=\"wp-image-24615\" srcset=\"http:\/\/lapidarium.fundacja-hereditas.pl\/wp-content\/uploads\/2024\/05\/Lipnicka_Joanna_Warszawa_Zelazna_75A_klatka-787x1024.jpeg 787w, http:\/\/lapidarium.fundacja-hereditas.pl\/wp-content\/uploads\/2024\/05\/Lipnicka_Joanna_Warszawa_Zelazna_75A_klatka-230x300.jpeg 230w, http:\/\/lapidarium.fundacja-hereditas.pl\/wp-content\/uploads\/2024\/05\/Lipnicka_Joanna_Warszawa_Zelazna_75A_klatka-768x1000.jpeg 768w, http:\/\/lapidarium.fundacja-hereditas.pl\/wp-content\/uploads\/2024\/05\/Lipnicka_Joanna_Warszawa_Zelazna_75A_klatka-1180x1536.jpeg 1180w, http:\/\/lapidarium.fundacja-hereditas.pl\/wp-content\/uploads\/2024\/05\/Lipnicka_Joanna_Warszawa_Zelazna_75A_klatka-1573x2048.jpeg 1573w, http:\/\/lapidarium.fundacja-hereditas.pl\/wp-content\/uploads\/2024\/05\/Lipnicka_Joanna_Warszawa_Zelazna_75A_klatka-150x195.jpeg 150w, http:\/\/lapidarium.fundacja-hereditas.pl\/wp-content\/uploads\/2024\/05\/Lipnicka_Joanna_Warszawa_Zelazna_75A_klatka-300x391.jpeg 300w, http:\/\/lapidarium.fundacja-hereditas.pl\/wp-content\/uploads\/2024\/05\/Lipnicka_Joanna_Warszawa_Zelazna_75A_klatka-696x906.jpeg 696w, http:\/\/lapidarium.fundacja-hereditas.pl\/wp-content\/uploads\/2024\/05\/Lipnicka_Joanna_Warszawa_Zelazna_75A_klatka-1068x1390.jpeg 1068w, http:\/\/lapidarium.fundacja-hereditas.pl\/wp-content\/uploads\/2024\/05\/Lipnicka_Joanna_Warszawa_Zelazna_75A_klatka-1920x2500.jpeg 1920w, http:\/\/lapidarium.fundacja-hereditas.pl\/wp-content\/uploads\/2024\/05\/Lipnicka_Joanna_Warszawa_Zelazna_75A_klatka-scaled.jpeg 1966w\" sizes=\"auto, (max-width: 787px) 100vw, 787px\" \/><\/a><figcaption class=\"wp-element-caption\">Klatka od ul. \u017belaznej. Widok ze spocznika na pi\u0119tro &#8211; profilowania na posadzce  z lastrico. Fot. Joanna Lipnicka, 2023 r., \u017ar\u00f3d\u0142o: MWKZ.<\/figcaption><\/figure>\n\n\n\n<figure class=\"wp-block-image size-large\"><a href=\"http:\/\/lapidarium.fundacja-hereditas.pl\/wp-content\/uploads\/2024\/05\/E_Dziedziniewicz-Rapca_Warszawa_Zelazna_75A__klatka_boczna_4_pietro_schody_na_dol_korytarz-scaled.jpg\"><img loading=\"lazy\" decoding=\"async\" width=\"784\" height=\"1024\" data-id=\"24603\" src=\"http:\/\/lapidarium.fundacja-hereditas.pl\/wp-content\/uploads\/2024\/05\/E_Dziedziniewicz-Rapca_Warszawa_Zelazna_75A__klatka_boczna_4_pietro_schody_na_dol_korytarz-784x1024.jpg\" alt=\"\" class=\"wp-image-24603\" srcset=\"http:\/\/lapidarium.fundacja-hereditas.pl\/wp-content\/uploads\/2024\/05\/E_Dziedziniewicz-Rapca_Warszawa_Zelazna_75A__klatka_boczna_4_pietro_schody_na_dol_korytarz-784x1024.jpg 784w, http:\/\/lapidarium.fundacja-hereditas.pl\/wp-content\/uploads\/2024\/05\/E_Dziedziniewicz-Rapca_Warszawa_Zelazna_75A__klatka_boczna_4_pietro_schody_na_dol_korytarz-230x300.jpg 230w, http:\/\/lapidarium.fundacja-hereditas.pl\/wp-content\/uploads\/2024\/05\/E_Dziedziniewicz-Rapca_Warszawa_Zelazna_75A__klatka_boczna_4_pietro_schody_na_dol_korytarz-768x1003.jpg 768w, http:\/\/lapidarium.fundacja-hereditas.pl\/wp-content\/uploads\/2024\/05\/E_Dziedziniewicz-Rapca_Warszawa_Zelazna_75A__klatka_boczna_4_pietro_schody_na_dol_korytarz-1176x1536.jpg 1176w, http:\/\/lapidarium.fundacja-hereditas.pl\/wp-content\/uploads\/2024\/05\/E_Dziedziniewicz-Rapca_Warszawa_Zelazna_75A__klatka_boczna_4_pietro_schody_na_dol_korytarz-1568x2048.jpg 1568w, http:\/\/lapidarium.fundacja-hereditas.pl\/wp-content\/uploads\/2024\/05\/E_Dziedziniewicz-Rapca_Warszawa_Zelazna_75A__klatka_boczna_4_pietro_schody_na_dol_korytarz-150x196.jpg 150w, http:\/\/lapidarium.fundacja-hereditas.pl\/wp-content\/uploads\/2024\/05\/E_Dziedziniewicz-Rapca_Warszawa_Zelazna_75A__klatka_boczna_4_pietro_schody_na_dol_korytarz-300x392.jpg 300w, http:\/\/lapidarium.fundacja-hereditas.pl\/wp-content\/uploads\/2024\/05\/E_Dziedziniewicz-Rapca_Warszawa_Zelazna_75A__klatka_boczna_4_pietro_schody_na_dol_korytarz-696x909.jpg 696w, http:\/\/lapidarium.fundacja-hereditas.pl\/wp-content\/uploads\/2024\/05\/E_Dziedziniewicz-Rapca_Warszawa_Zelazna_75A__klatka_boczna_4_pietro_schody_na_dol_korytarz-1068x1395.jpg 1068w, http:\/\/lapidarium.fundacja-hereditas.pl\/wp-content\/uploads\/2024\/05\/E_Dziedziniewicz-Rapca_Warszawa_Zelazna_75A__klatka_boczna_4_pietro_schody_na_dol_korytarz-1920x2508.jpg 1920w, http:\/\/lapidarium.fundacja-hereditas.pl\/wp-content\/uploads\/2024\/05\/E_Dziedziniewicz-Rapca_Warszawa_Zelazna_75A__klatka_boczna_4_pietro_schody_na_dol_korytarz-scaled.jpg 1960w\" sizes=\"auto, (max-width: 784px) 100vw, 784px\" \/><\/a><\/figure>\n\n\n\n<figure class=\"wp-block-image size-large\"><a href=\"http:\/\/lapidarium.fundacja-hereditas.pl\/wp-content\/uploads\/2024\/05\/E_Dziedziniewicz-Rapca_Warszawa_Zelazna_75A__klatka_boczna_3_pietro_schody_na_dol_korytarz-scaled.jpg\"><img loading=\"lazy\" decoding=\"async\" width=\"736\" height=\"1024\" data-id=\"24597\" src=\"http:\/\/lapidarium.fundacja-hereditas.pl\/wp-content\/uploads\/2024\/05\/E_Dziedziniewicz-Rapca_Warszawa_Zelazna_75A__klatka_boczna_3_pietro_schody_na_dol_korytarz-736x1024.jpg\" alt=\"\" class=\"wp-image-24597\" srcset=\"http:\/\/lapidarium.fundacja-hereditas.pl\/wp-content\/uploads\/2024\/05\/E_Dziedziniewicz-Rapca_Warszawa_Zelazna_75A__klatka_boczna_3_pietro_schody_na_dol_korytarz-736x1024.jpg 736w, http:\/\/lapidarium.fundacja-hereditas.pl\/wp-content\/uploads\/2024\/05\/E_Dziedziniewicz-Rapca_Warszawa_Zelazna_75A__klatka_boczna_3_pietro_schody_na_dol_korytarz-216x300.jpg 216w, http:\/\/lapidarium.fundacja-hereditas.pl\/wp-content\/uploads\/2024\/05\/E_Dziedziniewicz-Rapca_Warszawa_Zelazna_75A__klatka_boczna_3_pietro_schody_na_dol_korytarz-768x1068.jpg 768w, http:\/\/lapidarium.fundacja-hereditas.pl\/wp-content\/uploads\/2024\/05\/E_Dziedziniewicz-Rapca_Warszawa_Zelazna_75A__klatka_boczna_3_pietro_schody_na_dol_korytarz-1105x1536.jpg 1105w, http:\/\/lapidarium.fundacja-hereditas.pl\/wp-content\/uploads\/2024\/05\/E_Dziedziniewicz-Rapca_Warszawa_Zelazna_75A__klatka_boczna_3_pietro_schody_na_dol_korytarz-1473x2048.jpg 1473w, http:\/\/lapidarium.fundacja-hereditas.pl\/wp-content\/uploads\/2024\/05\/E_Dziedziniewicz-Rapca_Warszawa_Zelazna_75A__klatka_boczna_3_pietro_schody_na_dol_korytarz-150x209.jpg 150w, http:\/\/lapidarium.fundacja-hereditas.pl\/wp-content\/uploads\/2024\/05\/E_Dziedziniewicz-Rapca_Warszawa_Zelazna_75A__klatka_boczna_3_pietro_schody_na_dol_korytarz-300x417.jpg 300w, http:\/\/lapidarium.fundacja-hereditas.pl\/wp-content\/uploads\/2024\/05\/E_Dziedziniewicz-Rapca_Warszawa_Zelazna_75A__klatka_boczna_3_pietro_schody_na_dol_korytarz-696x968.jpg 696w, http:\/\/lapidarium.fundacja-hereditas.pl\/wp-content\/uploads\/2024\/05\/E_Dziedziniewicz-Rapca_Warszawa_Zelazna_75A__klatka_boczna_3_pietro_schody_na_dol_korytarz-1068x1485.jpg 1068w, http:\/\/lapidarium.fundacja-hereditas.pl\/wp-content\/uploads\/2024\/05\/E_Dziedziniewicz-Rapca_Warszawa_Zelazna_75A__klatka_boczna_3_pietro_schody_na_dol_korytarz-1920x2670.jpg 1920w, http:\/\/lapidarium.fundacja-hereditas.pl\/wp-content\/uploads\/2024\/05\/E_Dziedziniewicz-Rapca_Warszawa_Zelazna_75A__klatka_boczna_3_pietro_schody_na_dol_korytarz-scaled.jpg 1841w\" sizes=\"auto, (max-width: 736px) 100vw, 736px\" \/><\/a><figcaption class=\"wp-element-caption\">Klatka od ul. \u017belaznej. Widok z III-go pi\u0119tra na spocznik. Fot. Ewa Dziedziniewicz-R\u0105pca, 2023 r., \u017ar\u00f3d\u0142o: MWKZ.<\/figcaption><\/figure>\n\n\n\n<figure class=\"wp-block-image size-large\"><a href=\"http:\/\/lapidarium.fundacja-hereditas.pl\/wp-content\/uploads\/2024\/05\/E_Dziedziniewicz-Rapca_Warszawa_Zelazna_75A__klatka_boczna_5_pietro_balustrada-scaled.jpg\"><img loading=\"lazy\" decoding=\"async\" width=\"772\" height=\"1024\" data-id=\"24604\" src=\"http:\/\/lapidarium.fundacja-hereditas.pl\/wp-content\/uploads\/2024\/05\/E_Dziedziniewicz-Rapca_Warszawa_Zelazna_75A__klatka_boczna_5_pietro_balustrada-772x1024.jpg\" alt=\"\" class=\"wp-image-24604\" srcset=\"http:\/\/lapidarium.fundacja-hereditas.pl\/wp-content\/uploads\/2024\/05\/E_Dziedziniewicz-Rapca_Warszawa_Zelazna_75A__klatka_boczna_5_pietro_balustrada-772x1024.jpg 772w, http:\/\/lapidarium.fundacja-hereditas.pl\/wp-content\/uploads\/2024\/05\/E_Dziedziniewicz-Rapca_Warszawa_Zelazna_75A__klatka_boczna_5_pietro_balustrada-226x300.jpg 226w, http:\/\/lapidarium.fundacja-hereditas.pl\/wp-content\/uploads\/2024\/05\/E_Dziedziniewicz-Rapca_Warszawa_Zelazna_75A__klatka_boczna_5_pietro_balustrada-768x1019.jpg 768w, http:\/\/lapidarium.fundacja-hereditas.pl\/wp-content\/uploads\/2024\/05\/E_Dziedziniewicz-Rapca_Warszawa_Zelazna_75A__klatka_boczna_5_pietro_balustrada-1158x1536.jpg 1158w, http:\/\/lapidarium.fundacja-hereditas.pl\/wp-content\/uploads\/2024\/05\/E_Dziedziniewicz-Rapca_Warszawa_Zelazna_75A__klatka_boczna_5_pietro_balustrada-1544x2048.jpg 1544w, http:\/\/lapidarium.fundacja-hereditas.pl\/wp-content\/uploads\/2024\/05\/E_Dziedziniewicz-Rapca_Warszawa_Zelazna_75A__klatka_boczna_5_pietro_balustrada-150x199.jpg 150w, http:\/\/lapidarium.fundacja-hereditas.pl\/wp-content\/uploads\/2024\/05\/E_Dziedziniewicz-Rapca_Warszawa_Zelazna_75A__klatka_boczna_5_pietro_balustrada-300x398.jpg 300w, http:\/\/lapidarium.fundacja-hereditas.pl\/wp-content\/uploads\/2024\/05\/E_Dziedziniewicz-Rapca_Warszawa_Zelazna_75A__klatka_boczna_5_pietro_balustrada-696x923.jpg 696w, http:\/\/lapidarium.fundacja-hereditas.pl\/wp-content\/uploads\/2024\/05\/E_Dziedziniewicz-Rapca_Warszawa_Zelazna_75A__klatka_boczna_5_pietro_balustrada-1068x1416.jpg 1068w, http:\/\/lapidarium.fundacja-hereditas.pl\/wp-content\/uploads\/2024\/05\/E_Dziedziniewicz-Rapca_Warszawa_Zelazna_75A__klatka_boczna_5_pietro_balustrada-1920x2546.jpg 1920w, http:\/\/lapidarium.fundacja-hereditas.pl\/wp-content\/uploads\/2024\/05\/E_Dziedziniewicz-Rapca_Warszawa_Zelazna_75A__klatka_boczna_5_pietro_balustrada-scaled.jpg 1930w\" sizes=\"auto, (max-width: 772px) 100vw, 772px\" \/><\/a><\/figure>\n\n\n\n<figure class=\"wp-block-image size-large\"><a href=\"http:\/\/lapidarium.fundacja-hereditas.pl\/wp-content\/uploads\/2024\/05\/E_Dziedziniewicz-Rapca_Warszawa_Zelazna_75A__klatka_boczna_4_pietro_okno-scaled.jpg\"><img loading=\"lazy\" decoding=\"async\" width=\"781\" height=\"1024\" data-id=\"24599\" src=\"http:\/\/lapidarium.fundacja-hereditas.pl\/wp-content\/uploads\/2024\/05\/E_Dziedziniewicz-Rapca_Warszawa_Zelazna_75A__klatka_boczna_4_pietro_okno-781x1024.jpg\" alt=\"\" class=\"wp-image-24599\" srcset=\"http:\/\/lapidarium.fundacja-hereditas.pl\/wp-content\/uploads\/2024\/05\/E_Dziedziniewicz-Rapca_Warszawa_Zelazna_75A__klatka_boczna_4_pietro_okno-781x1024.jpg 781w, http:\/\/lapidarium.fundacja-hereditas.pl\/wp-content\/uploads\/2024\/05\/E_Dziedziniewicz-Rapca_Warszawa_Zelazna_75A__klatka_boczna_4_pietro_okno-229x300.jpg 229w, http:\/\/lapidarium.fundacja-hereditas.pl\/wp-content\/uploads\/2024\/05\/E_Dziedziniewicz-Rapca_Warszawa_Zelazna_75A__klatka_boczna_4_pietro_okno-768x1007.jpg 768w, http:\/\/lapidarium.fundacja-hereditas.pl\/wp-content\/uploads\/2024\/05\/E_Dziedziniewicz-Rapca_Warszawa_Zelazna_75A__klatka_boczna_4_pietro_okno-1172x1536.jpg 1172w, http:\/\/lapidarium.fundacja-hereditas.pl\/wp-content\/uploads\/2024\/05\/E_Dziedziniewicz-Rapca_Warszawa_Zelazna_75A__klatka_boczna_4_pietro_okno-1562x2048.jpg 1562w, http:\/\/lapidarium.fundacja-hereditas.pl\/wp-content\/uploads\/2024\/05\/E_Dziedziniewicz-Rapca_Warszawa_Zelazna_75A__klatka_boczna_4_pietro_okno-150x197.jpg 150w, http:\/\/lapidarium.fundacja-hereditas.pl\/wp-content\/uploads\/2024\/05\/E_Dziedziniewicz-Rapca_Warszawa_Zelazna_75A__klatka_boczna_4_pietro_okno-300x393.jpg 300w, http:\/\/lapidarium.fundacja-hereditas.pl\/wp-content\/uploads\/2024\/05\/E_Dziedziniewicz-Rapca_Warszawa_Zelazna_75A__klatka_boczna_4_pietro_okno-696x912.jpg 696w, http:\/\/lapidarium.fundacja-hereditas.pl\/wp-content\/uploads\/2024\/05\/E_Dziedziniewicz-Rapca_Warszawa_Zelazna_75A__klatka_boczna_4_pietro_okno-1068x1400.jpg 1068w, http:\/\/lapidarium.fundacja-hereditas.pl\/wp-content\/uploads\/2024\/05\/E_Dziedziniewicz-Rapca_Warszawa_Zelazna_75A__klatka_boczna_4_pietro_okno-1920x2517.jpg 1920w, http:\/\/lapidarium.fundacja-hereditas.pl\/wp-content\/uploads\/2024\/05\/E_Dziedziniewicz-Rapca_Warszawa_Zelazna_75A__klatka_boczna_4_pietro_okno-scaled.jpg 1953w\" sizes=\"auto, (max-width: 781px) 100vw, 781px\" \/><\/a><figcaption class=\"wp-element-caption\">Klatka od ul. \u017belaznej. Spocznik poni\u017cej IV-go pi\u0119tra. Widoczne \u015blady krwi z powstania (1944), wsi\u0105k\u0142ej w lastrico. Fot. Ewa Dziedziniewicz-R\u0105pca, 2023 r., \u017ar\u00f3d\u0142o: MWKZ.<\/figcaption><\/figure>\n\n\n\n<figure class=\"wp-block-image size-large\"><a href=\"http:\/\/lapidarium.fundacja-hereditas.pl\/wp-content\/uploads\/2024\/05\/E_Dziedziniewicz-Rapca_Warszawa_Zelazna_75A__klatka_boczna_5_pietro_posadzka_A-scaled.jpg\"><img loading=\"lazy\" decoding=\"async\" width=\"772\" height=\"1024\" data-id=\"24605\" src=\"http:\/\/lapidarium.fundacja-hereditas.pl\/wp-content\/uploads\/2024\/05\/E_Dziedziniewicz-Rapca_Warszawa_Zelazna_75A__klatka_boczna_5_pietro_posadzka_A-772x1024.jpg\" alt=\"\" class=\"wp-image-24605\" srcset=\"http:\/\/lapidarium.fundacja-hereditas.pl\/wp-content\/uploads\/2024\/05\/E_Dziedziniewicz-Rapca_Warszawa_Zelazna_75A__klatka_boczna_5_pietro_posadzka_A-772x1024.jpg 772w, http:\/\/lapidarium.fundacja-hereditas.pl\/wp-content\/uploads\/2024\/05\/E_Dziedziniewicz-Rapca_Warszawa_Zelazna_75A__klatka_boczna_5_pietro_posadzka_A-226x300.jpg 226w, http:\/\/lapidarium.fundacja-hereditas.pl\/wp-content\/uploads\/2024\/05\/E_Dziedziniewicz-Rapca_Warszawa_Zelazna_75A__klatka_boczna_5_pietro_posadzka_A-768x1019.jpg 768w, http:\/\/lapidarium.fundacja-hereditas.pl\/wp-content\/uploads\/2024\/05\/E_Dziedziniewicz-Rapca_Warszawa_Zelazna_75A__klatka_boczna_5_pietro_posadzka_A-1158x1536.jpg 1158w, http:\/\/lapidarium.fundacja-hereditas.pl\/wp-content\/uploads\/2024\/05\/E_Dziedziniewicz-Rapca_Warszawa_Zelazna_75A__klatka_boczna_5_pietro_posadzka_A-1544x2048.jpg 1544w, http:\/\/lapidarium.fundacja-hereditas.pl\/wp-content\/uploads\/2024\/05\/E_Dziedziniewicz-Rapca_Warszawa_Zelazna_75A__klatka_boczna_5_pietro_posadzka_A-150x199.jpg 150w, http:\/\/lapidarium.fundacja-hereditas.pl\/wp-content\/uploads\/2024\/05\/E_Dziedziniewicz-Rapca_Warszawa_Zelazna_75A__klatka_boczna_5_pietro_posadzka_A-300x398.jpg 300w, http:\/\/lapidarium.fundacja-hereditas.pl\/wp-content\/uploads\/2024\/05\/E_Dziedziniewicz-Rapca_Warszawa_Zelazna_75A__klatka_boczna_5_pietro_posadzka_A-696x923.jpg 696w, http:\/\/lapidarium.fundacja-hereditas.pl\/wp-content\/uploads\/2024\/05\/E_Dziedziniewicz-Rapca_Warszawa_Zelazna_75A__klatka_boczna_5_pietro_posadzka_A-1068x1417.jpg 1068w, http:\/\/lapidarium.fundacja-hereditas.pl\/wp-content\/uploads\/2024\/05\/E_Dziedziniewicz-Rapca_Warszawa_Zelazna_75A__klatka_boczna_5_pietro_posadzka_A-1920x2547.jpg 1920w, http:\/\/lapidarium.fundacja-hereditas.pl\/wp-content\/uploads\/2024\/05\/E_Dziedziniewicz-Rapca_Warszawa_Zelazna_75A__klatka_boczna_5_pietro_posadzka_A-scaled.jpg 1930w\" sizes=\"auto, (max-width: 772px) 100vw, 772px\" \/><\/a><figcaption class=\"wp-element-caption\">Klatka od ul. \u017belaznej. Spocznik poni\u017cej V-go pi\u0119tra. Widoczne rozbryzgi po pociskach i \u015blady krwi z powstania (1944), wsi\u0105k\u0142ej w lastrico. Fot. Ewa Dziedziniewicz-R\u0105pca, 2023 r., \u017ar\u00f3d\u0142o: MWKZ.<\/figcaption><\/figure>\n\n\n\n<figure class=\"wp-block-image size-large\"><a href=\"http:\/\/lapidarium.fundacja-hereditas.pl\/wp-content\/uploads\/2024\/05\/E_Dziedziniewicz-Rapca_Warszawa_Zelazna_75A__klatka_boczna_4_pietro_posadzka_przy_oknie-scaled.jpg\"><img loading=\"lazy\" decoding=\"async\" width=\"890\" height=\"1024\" data-id=\"24601\" src=\"http:\/\/lapidarium.fundacja-hereditas.pl\/wp-content\/uploads\/2024\/05\/E_Dziedziniewicz-Rapca_Warszawa_Zelazna_75A__klatka_boczna_4_pietro_posadzka_przy_oknie-890x1024.jpg\" alt=\"\" class=\"wp-image-24601\" srcset=\"http:\/\/lapidarium.fundacja-hereditas.pl\/wp-content\/uploads\/2024\/05\/E_Dziedziniewicz-Rapca_Warszawa_Zelazna_75A__klatka_boczna_4_pietro_posadzka_przy_oknie-890x1024.jpg 890w, http:\/\/lapidarium.fundacja-hereditas.pl\/wp-content\/uploads\/2024\/05\/E_Dziedziniewicz-Rapca_Warszawa_Zelazna_75A__klatka_boczna_4_pietro_posadzka_przy_oknie-261x300.jpg 261w, http:\/\/lapidarium.fundacja-hereditas.pl\/wp-content\/uploads\/2024\/05\/E_Dziedziniewicz-Rapca_Warszawa_Zelazna_75A__klatka_boczna_4_pietro_posadzka_przy_oknie-768x883.jpg 768w, http:\/\/lapidarium.fundacja-hereditas.pl\/wp-content\/uploads\/2024\/05\/E_Dziedziniewicz-Rapca_Warszawa_Zelazna_75A__klatka_boczna_4_pietro_posadzka_przy_oknie-1335x1536.jpg 1335w, http:\/\/lapidarium.fundacja-hereditas.pl\/wp-content\/uploads\/2024\/05\/E_Dziedziniewicz-Rapca_Warszawa_Zelazna_75A__klatka_boczna_4_pietro_posadzka_przy_oknie-1780x2048.jpg 1780w, http:\/\/lapidarium.fundacja-hereditas.pl\/wp-content\/uploads\/2024\/05\/E_Dziedziniewicz-Rapca_Warszawa_Zelazna_75A__klatka_boczna_4_pietro_posadzka_przy_oknie-150x173.jpg 150w, http:\/\/lapidarium.fundacja-hereditas.pl\/wp-content\/uploads\/2024\/05\/E_Dziedziniewicz-Rapca_Warszawa_Zelazna_75A__klatka_boczna_4_pietro_posadzka_przy_oknie-300x345.jpg 300w, http:\/\/lapidarium.fundacja-hereditas.pl\/wp-content\/uploads\/2024\/05\/E_Dziedziniewicz-Rapca_Warszawa_Zelazna_75A__klatka_boczna_4_pietro_posadzka_przy_oknie-696x801.jpg 696w, http:\/\/lapidarium.fundacja-hereditas.pl\/wp-content\/uploads\/2024\/05\/E_Dziedziniewicz-Rapca_Warszawa_Zelazna_75A__klatka_boczna_4_pietro_posadzka_przy_oknie-1068x1229.jpg 1068w, http:\/\/lapidarium.fundacja-hereditas.pl\/wp-content\/uploads\/2024\/05\/E_Dziedziniewicz-Rapca_Warszawa_Zelazna_75A__klatka_boczna_4_pietro_posadzka_przy_oknie-1920x2209.jpg 1920w\" sizes=\"auto, (max-width: 890px) 100vw, 890px\" \/><\/a><\/figure>\n\n\n\n<figure class=\"wp-block-image size-large\"><a href=\"http:\/\/lapidarium.fundacja-hereditas.pl\/wp-content\/uploads\/2024\/05\/E_Dziedziniewicz-Rapca_Warszawa_Zelazna_75A__klatka_boczna_4_pietro_posadzka_przy_okniedetal-scaled.jpg\"><img loading=\"lazy\" decoding=\"async\" width=\"1024\" height=\"744\" data-id=\"24600\" src=\"http:\/\/lapidarium.fundacja-hereditas.pl\/wp-content\/uploads\/2024\/05\/E_Dziedziniewicz-Rapca_Warszawa_Zelazna_75A__klatka_boczna_4_pietro_posadzka_przy_okniedetal-1024x744.jpg\" alt=\"\" class=\"wp-image-24600\" srcset=\"http:\/\/lapidarium.fundacja-hereditas.pl\/wp-content\/uploads\/2024\/05\/E_Dziedziniewicz-Rapca_Warszawa_Zelazna_75A__klatka_boczna_4_pietro_posadzka_przy_okniedetal-1024x744.jpg 1024w, http:\/\/lapidarium.fundacja-hereditas.pl\/wp-content\/uploads\/2024\/05\/E_Dziedziniewicz-Rapca_Warszawa_Zelazna_75A__klatka_boczna_4_pietro_posadzka_przy_okniedetal-300x218.jpg 300w, http:\/\/lapidarium.fundacja-hereditas.pl\/wp-content\/uploads\/2024\/05\/E_Dziedziniewicz-Rapca_Warszawa_Zelazna_75A__klatka_boczna_4_pietro_posadzka_przy_okniedetal-768x558.jpg 768w, http:\/\/lapidarium.fundacja-hereditas.pl\/wp-content\/uploads\/2024\/05\/E_Dziedziniewicz-Rapca_Warszawa_Zelazna_75A__klatka_boczna_4_pietro_posadzka_przy_okniedetal-1536x1116.jpg 1536w, http:\/\/lapidarium.fundacja-hereditas.pl\/wp-content\/uploads\/2024\/05\/E_Dziedziniewicz-Rapca_Warszawa_Zelazna_75A__klatka_boczna_4_pietro_posadzka_przy_okniedetal-2048x1488.jpg 2048w, http:\/\/lapidarium.fundacja-hereditas.pl\/wp-content\/uploads\/2024\/05\/E_Dziedziniewicz-Rapca_Warszawa_Zelazna_75A__klatka_boczna_4_pietro_posadzka_przy_okniedetal-150x109.jpg 150w, http:\/\/lapidarium.fundacja-hereditas.pl\/wp-content\/uploads\/2024\/05\/E_Dziedziniewicz-Rapca_Warszawa_Zelazna_75A__klatka_boczna_4_pietro_posadzka_przy_okniedetal-696x506.jpg 696w, http:\/\/lapidarium.fundacja-hereditas.pl\/wp-content\/uploads\/2024\/05\/E_Dziedziniewicz-Rapca_Warszawa_Zelazna_75A__klatka_boczna_4_pietro_posadzka_przy_okniedetal-1068x776.jpg 1068w, http:\/\/lapidarium.fundacja-hereditas.pl\/wp-content\/uploads\/2024\/05\/E_Dziedziniewicz-Rapca_Warszawa_Zelazna_75A__klatka_boczna_4_pietro_posadzka_przy_okniedetal-1920x1395.jpg 1920w\" sizes=\"auto, (max-width: 1024px) 100vw, 1024px\" \/><\/a><figcaption class=\"wp-element-caption\">Klatka od ul. \u017belaznej. Spocznik poni\u017cej IV-go pi\u0119tra. Widoczne \u015blady krwi z powstania (1944), wsi\u0105k\u0142ej w lastrico. Fot. Ewa Dziedziniewicz-R\u0105pca, 2023 r., \u017ar\u00f3d\u0142o: MWKZ.<\/figcaption><\/figure>\n\n\n\n<figure class=\"wp-block-image size-large\"><a href=\"http:\/\/lapidarium.fundacja-hereditas.pl\/wp-content\/uploads\/2024\/05\/E_Dziedziniewicz-Rapca_Warszawa_Zelazna_75A__klatka_boczna_4_pietro_posadzki-scaled.jpg\"><img loading=\"lazy\" decoding=\"async\" width=\"788\" height=\"1024\" data-id=\"24602\" src=\"http:\/\/lapidarium.fundacja-hereditas.pl\/wp-content\/uploads\/2024\/05\/E_Dziedziniewicz-Rapca_Warszawa_Zelazna_75A__klatka_boczna_4_pietro_posadzki-788x1024.jpg\" alt=\"\" class=\"wp-image-24602\" srcset=\"http:\/\/lapidarium.fundacja-hereditas.pl\/wp-content\/uploads\/2024\/05\/E_Dziedziniewicz-Rapca_Warszawa_Zelazna_75A__klatka_boczna_4_pietro_posadzki-788x1024.jpg 788w, http:\/\/lapidarium.fundacja-hereditas.pl\/wp-content\/uploads\/2024\/05\/E_Dziedziniewicz-Rapca_Warszawa_Zelazna_75A__klatka_boczna_4_pietro_posadzki-231x300.jpg 231w, http:\/\/lapidarium.fundacja-hereditas.pl\/wp-content\/uploads\/2024\/05\/E_Dziedziniewicz-Rapca_Warszawa_Zelazna_75A__klatka_boczna_4_pietro_posadzki-768x998.jpg 768w, http:\/\/lapidarium.fundacja-hereditas.pl\/wp-content\/uploads\/2024\/05\/E_Dziedziniewicz-Rapca_Warszawa_Zelazna_75A__klatka_boczna_4_pietro_posadzki-1182x1536.jpg 1182w, http:\/\/lapidarium.fundacja-hereditas.pl\/wp-content\/uploads\/2024\/05\/E_Dziedziniewicz-Rapca_Warszawa_Zelazna_75A__klatka_boczna_4_pietro_posadzki-1576x2048.jpg 1576w, http:\/\/lapidarium.fundacja-hereditas.pl\/wp-content\/uploads\/2024\/05\/E_Dziedziniewicz-Rapca_Warszawa_Zelazna_75A__klatka_boczna_4_pietro_posadzki-150x195.jpg 150w, http:\/\/lapidarium.fundacja-hereditas.pl\/wp-content\/uploads\/2024\/05\/E_Dziedziniewicz-Rapca_Warszawa_Zelazna_75A__klatka_boczna_4_pietro_posadzki-300x390.jpg 300w, http:\/\/lapidarium.fundacja-hereditas.pl\/wp-content\/uploads\/2024\/05\/E_Dziedziniewicz-Rapca_Warszawa_Zelazna_75A__klatka_boczna_4_pietro_posadzki-696x905.jpg 696w, http:\/\/lapidarium.fundacja-hereditas.pl\/wp-content\/uploads\/2024\/05\/E_Dziedziniewicz-Rapca_Warszawa_Zelazna_75A__klatka_boczna_4_pietro_posadzki-1068x1388.jpg 1068w, http:\/\/lapidarium.fundacja-hereditas.pl\/wp-content\/uploads\/2024\/05\/E_Dziedziniewicz-Rapca_Warszawa_Zelazna_75A__klatka_boczna_4_pietro_posadzki-1920x2495.jpg 1920w, http:\/\/lapidarium.fundacja-hereditas.pl\/wp-content\/uploads\/2024\/05\/E_Dziedziniewicz-Rapca_Warszawa_Zelazna_75A__klatka_boczna_4_pietro_posadzki-scaled.jpg 1970w\" sizes=\"auto, (max-width: 788px) 100vw, 788px\" \/><\/a><\/figure>\n\n\n\n<figure class=\"wp-block-image size-large\"><a href=\"http:\/\/lapidarium.fundacja-hereditas.pl\/wp-content\/uploads\/2024\/05\/E_Dziedziniewicz-Rapca_Warszawa_Zelazna_75A__klatka_boczna_3_pietro_posadzki-scaled.jpg\"><img loading=\"lazy\" decoding=\"async\" width=\"782\" height=\"1024\" data-id=\"24596\" src=\"http:\/\/lapidarium.fundacja-hereditas.pl\/wp-content\/uploads\/2024\/05\/E_Dziedziniewicz-Rapca_Warszawa_Zelazna_75A__klatka_boczna_3_pietro_posadzki-782x1024.jpg\" alt=\"\" class=\"wp-image-24596\" srcset=\"http:\/\/lapidarium.fundacja-hereditas.pl\/wp-content\/uploads\/2024\/05\/E_Dziedziniewicz-Rapca_Warszawa_Zelazna_75A__klatka_boczna_3_pietro_posadzki-782x1024.jpg 782w, http:\/\/lapidarium.fundacja-hereditas.pl\/wp-content\/uploads\/2024\/05\/E_Dziedziniewicz-Rapca_Warszawa_Zelazna_75A__klatka_boczna_3_pietro_posadzki-229x300.jpg 229w, http:\/\/lapidarium.fundacja-hereditas.pl\/wp-content\/uploads\/2024\/05\/E_Dziedziniewicz-Rapca_Warszawa_Zelazna_75A__klatka_boczna_3_pietro_posadzki-768x1005.jpg 768w, http:\/\/lapidarium.fundacja-hereditas.pl\/wp-content\/uploads\/2024\/05\/E_Dziedziniewicz-Rapca_Warszawa_Zelazna_75A__klatka_boczna_3_pietro_posadzki-1174x1536.jpg 1174w, http:\/\/lapidarium.fundacja-hereditas.pl\/wp-content\/uploads\/2024\/05\/E_Dziedziniewicz-Rapca_Warszawa_Zelazna_75A__klatka_boczna_3_pietro_posadzki-1565x2048.jpg 1565w, http:\/\/lapidarium.fundacja-hereditas.pl\/wp-content\/uploads\/2024\/05\/E_Dziedziniewicz-Rapca_Warszawa_Zelazna_75A__klatka_boczna_3_pietro_posadzki-150x196.jpg 150w, http:\/\/lapidarium.fundacja-hereditas.pl\/wp-content\/uploads\/2024\/05\/E_Dziedziniewicz-Rapca_Warszawa_Zelazna_75A__klatka_boczna_3_pietro_posadzki-300x393.jpg 300w, http:\/\/lapidarium.fundacja-hereditas.pl\/wp-content\/uploads\/2024\/05\/E_Dziedziniewicz-Rapca_Warszawa_Zelazna_75A__klatka_boczna_3_pietro_posadzki-696x911.jpg 696w, http:\/\/lapidarium.fundacja-hereditas.pl\/wp-content\/uploads\/2024\/05\/E_Dziedziniewicz-Rapca_Warszawa_Zelazna_75A__klatka_boczna_3_pietro_posadzki-1068x1398.jpg 1068w, http:\/\/lapidarium.fundacja-hereditas.pl\/wp-content\/uploads\/2024\/05\/E_Dziedziniewicz-Rapca_Warszawa_Zelazna_75A__klatka_boczna_3_pietro_posadzki-1920x2513.jpg 1920w, http:\/\/lapidarium.fundacja-hereditas.pl\/wp-content\/uploads\/2024\/05\/E_Dziedziniewicz-Rapca_Warszawa_Zelazna_75A__klatka_boczna_3_pietro_posadzki-scaled.jpg 1956w\" sizes=\"auto, (max-width: 782px) 100vw, 782px\" \/><\/a><figcaption class=\"wp-element-caption\">Klatka od ul. \u017belaznej. Widok z III-go pi\u0119tra. Fot. Ewa Dziedziniewicz-R\u0105pca, 2023 r., \u017ar\u00f3d\u0142o: MWKZ.<\/figcaption><\/figure>\n\n\n\n<figure class=\"wp-block-image size-large\"><a href=\"http:\/\/lapidarium.fundacja-hereditas.pl\/wp-content\/uploads\/2024\/05\/E_Dziedziniewicz-Rapca_Warszawa_Zelazna_75A__klatka_boczna_3_pietro_posadzka_okno-scaled.jpg\"><img loading=\"lazy\" decoding=\"async\" width=\"1024\" height=\"759\" data-id=\"24595\" src=\"http:\/\/lapidarium.fundacja-hereditas.pl\/wp-content\/uploads\/2024\/05\/E_Dziedziniewicz-Rapca_Warszawa_Zelazna_75A__klatka_boczna_3_pietro_posadzka_okno-1024x759.jpg\" alt=\"\" class=\"wp-image-24595\" srcset=\"http:\/\/lapidarium.fundacja-hereditas.pl\/wp-content\/uploads\/2024\/05\/E_Dziedziniewicz-Rapca_Warszawa_Zelazna_75A__klatka_boczna_3_pietro_posadzka_okno-1024x759.jpg 1024w, http:\/\/lapidarium.fundacja-hereditas.pl\/wp-content\/uploads\/2024\/05\/E_Dziedziniewicz-Rapca_Warszawa_Zelazna_75A__klatka_boczna_3_pietro_posadzka_okno-300x222.jpg 300w, http:\/\/lapidarium.fundacja-hereditas.pl\/wp-content\/uploads\/2024\/05\/E_Dziedziniewicz-Rapca_Warszawa_Zelazna_75A__klatka_boczna_3_pietro_posadzka_okno-768x569.jpg 768w, http:\/\/lapidarium.fundacja-hereditas.pl\/wp-content\/uploads\/2024\/05\/E_Dziedziniewicz-Rapca_Warszawa_Zelazna_75A__klatka_boczna_3_pietro_posadzka_okno-1536x1138.jpg 1536w, http:\/\/lapidarium.fundacja-hereditas.pl\/wp-content\/uploads\/2024\/05\/E_Dziedziniewicz-Rapca_Warszawa_Zelazna_75A__klatka_boczna_3_pietro_posadzka_okno-2048x1518.jpg 2048w, http:\/\/lapidarium.fundacja-hereditas.pl\/wp-content\/uploads\/2024\/05\/E_Dziedziniewicz-Rapca_Warszawa_Zelazna_75A__klatka_boczna_3_pietro_posadzka_okno-150x111.jpg 150w, http:\/\/lapidarium.fundacja-hereditas.pl\/wp-content\/uploads\/2024\/05\/E_Dziedziniewicz-Rapca_Warszawa_Zelazna_75A__klatka_boczna_3_pietro_posadzka_okno-485x360.jpg 485w, http:\/\/lapidarium.fundacja-hereditas.pl\/wp-content\/uploads\/2024\/05\/E_Dziedziniewicz-Rapca_Warszawa_Zelazna_75A__klatka_boczna_3_pietro_posadzka_okno-696x516.jpg 696w, http:\/\/lapidarium.fundacja-hereditas.pl\/wp-content\/uploads\/2024\/05\/E_Dziedziniewicz-Rapca_Warszawa_Zelazna_75A__klatka_boczna_3_pietro_posadzka_okno-1068x791.jpg 1068w, http:\/\/lapidarium.fundacja-hereditas.pl\/wp-content\/uploads\/2024\/05\/E_Dziedziniewicz-Rapca_Warszawa_Zelazna_75A__klatka_boczna_3_pietro_posadzka_okno-1920x1423.jpg 1920w\" sizes=\"auto, (max-width: 1024px) 100vw, 1024px\" \/><\/a><figcaption class=\"wp-element-caption\">Klatka od ul. \u017belaznej. Widok jednego ze spocznik\u00f3w. Po lewej obudowa szybu windowego. Fot. Ewa Dziedziniewicz-R\u0105pca, 2023 r., \u017ar\u00f3d\u0142o: MWKZ.<\/figcaption><\/figure>\n\n\n\n<figure class=\"wp-block-image size-large\"><a href=\"http:\/\/lapidarium.fundacja-hereditas.pl\/wp-content\/uploads\/2024\/05\/E_Dziedziniewicz-Rapca_Warszawa_Zelazna_75A__klatka_boczna_3_pietro_okno-scaled.jpg\"><img loading=\"lazy\" decoding=\"async\" width=\"779\" height=\"1024\" data-id=\"24594\" src=\"http:\/\/lapidarium.fundacja-hereditas.pl\/wp-content\/uploads\/2024\/05\/E_Dziedziniewicz-Rapca_Warszawa_Zelazna_75A__klatka_boczna_3_pietro_okno-779x1024.jpg\" alt=\"\" class=\"wp-image-24594\" srcset=\"http:\/\/lapidarium.fundacja-hereditas.pl\/wp-content\/uploads\/2024\/05\/E_Dziedziniewicz-Rapca_Warszawa_Zelazna_75A__klatka_boczna_3_pietro_okno-779x1024.jpg 779w, http:\/\/lapidarium.fundacja-hereditas.pl\/wp-content\/uploads\/2024\/05\/E_Dziedziniewicz-Rapca_Warszawa_Zelazna_75A__klatka_boczna_3_pietro_okno-228x300.jpg 228w, http:\/\/lapidarium.fundacja-hereditas.pl\/wp-content\/uploads\/2024\/05\/E_Dziedziniewicz-Rapca_Warszawa_Zelazna_75A__klatka_boczna_3_pietro_okno-768x1009.jpg 768w, http:\/\/lapidarium.fundacja-hereditas.pl\/wp-content\/uploads\/2024\/05\/E_Dziedziniewicz-Rapca_Warszawa_Zelazna_75A__klatka_boczna_3_pietro_okno-1169x1536.jpg 1169w, http:\/\/lapidarium.fundacja-hereditas.pl\/wp-content\/uploads\/2024\/05\/E_Dziedziniewicz-Rapca_Warszawa_Zelazna_75A__klatka_boczna_3_pietro_okno-1558x2048.jpg 1558w, http:\/\/lapidarium.fundacja-hereditas.pl\/wp-content\/uploads\/2024\/05\/E_Dziedziniewicz-Rapca_Warszawa_Zelazna_75A__klatka_boczna_3_pietro_okno-150x197.jpg 150w, http:\/\/lapidarium.fundacja-hereditas.pl\/wp-content\/uploads\/2024\/05\/E_Dziedziniewicz-Rapca_Warszawa_Zelazna_75A__klatka_boczna_3_pietro_okno-300x394.jpg 300w, http:\/\/lapidarium.fundacja-hereditas.pl\/wp-content\/uploads\/2024\/05\/E_Dziedziniewicz-Rapca_Warszawa_Zelazna_75A__klatka_boczna_3_pietro_okno-696x915.jpg 696w, http:\/\/lapidarium.fundacja-hereditas.pl\/wp-content\/uploads\/2024\/05\/E_Dziedziniewicz-Rapca_Warszawa_Zelazna_75A__klatka_boczna_3_pietro_okno-1068x1404.jpg 1068w, http:\/\/lapidarium.fundacja-hereditas.pl\/wp-content\/uploads\/2024\/05\/E_Dziedziniewicz-Rapca_Warszawa_Zelazna_75A__klatka_boczna_3_pietro_okno-1920x2524.jpg 1920w, http:\/\/lapidarium.fundacja-hereditas.pl\/wp-content\/uploads\/2024\/05\/E_Dziedziniewicz-Rapca_Warszawa_Zelazna_75A__klatka_boczna_3_pietro_okno-scaled.jpg 1948w\" sizes=\"auto, (max-width: 779px) 100vw, 779px\" \/><\/a><figcaption class=\"wp-element-caption\">Klatka od ul. \u017belaznej. Widok z III-go pi\u0119tra na spocznik. Fot. Ewa Dziedziniewicz-R\u0105pca, 2023 r., \u017ar\u00f3d\u0142o: MWKZ.<\/figcaption><\/figure>\n\n\n\n<figure class=\"wp-block-image size-large\"><a href=\"http:\/\/lapidarium.fundacja-hereditas.pl\/wp-content\/uploads\/2024\/05\/E_Dziedziniewicz-Rapca_Warszawa_Zelazna_75A__klatka_boczna_2_pietro_szyb_windy-scaled.jpg\"><img loading=\"lazy\" decoding=\"async\" width=\"772\" height=\"1024\" data-id=\"24593\" src=\"http:\/\/lapidarium.fundacja-hereditas.pl\/wp-content\/uploads\/2024\/05\/E_Dziedziniewicz-Rapca_Warszawa_Zelazna_75A__klatka_boczna_2_pietro_szyb_windy-772x1024.jpg\" alt=\"\" class=\"wp-image-24593\" srcset=\"http:\/\/lapidarium.fundacja-hereditas.pl\/wp-content\/uploads\/2024\/05\/E_Dziedziniewicz-Rapca_Warszawa_Zelazna_75A__klatka_boczna_2_pietro_szyb_windy-772x1024.jpg 772w, http:\/\/lapidarium.fundacja-hereditas.pl\/wp-content\/uploads\/2024\/05\/E_Dziedziniewicz-Rapca_Warszawa_Zelazna_75A__klatka_boczna_2_pietro_szyb_windy-226x300.jpg 226w, http:\/\/lapidarium.fundacja-hereditas.pl\/wp-content\/uploads\/2024\/05\/E_Dziedziniewicz-Rapca_Warszawa_Zelazna_75A__klatka_boczna_2_pietro_szyb_windy-768x1019.jpg 768w, http:\/\/lapidarium.fundacja-hereditas.pl\/wp-content\/uploads\/2024\/05\/E_Dziedziniewicz-Rapca_Warszawa_Zelazna_75A__klatka_boczna_2_pietro_szyb_windy-1158x1536.jpg 1158w, http:\/\/lapidarium.fundacja-hereditas.pl\/wp-content\/uploads\/2024\/05\/E_Dziedziniewicz-Rapca_Warszawa_Zelazna_75A__klatka_boczna_2_pietro_szyb_windy-1544x2048.jpg 1544w, http:\/\/lapidarium.fundacja-hereditas.pl\/wp-content\/uploads\/2024\/05\/E_Dziedziniewicz-Rapca_Warszawa_Zelazna_75A__klatka_boczna_2_pietro_szyb_windy-150x199.jpg 150w, http:\/\/lapidarium.fundacja-hereditas.pl\/wp-content\/uploads\/2024\/05\/E_Dziedziniewicz-Rapca_Warszawa_Zelazna_75A__klatka_boczna_2_pietro_szyb_windy-300x398.jpg 300w, http:\/\/lapidarium.fundacja-hereditas.pl\/wp-content\/uploads\/2024\/05\/E_Dziedziniewicz-Rapca_Warszawa_Zelazna_75A__klatka_boczna_2_pietro_szyb_windy-696x923.jpg 696w, http:\/\/lapidarium.fundacja-hereditas.pl\/wp-content\/uploads\/2024\/05\/E_Dziedziniewicz-Rapca_Warszawa_Zelazna_75A__klatka_boczna_2_pietro_szyb_windy-1068x1417.jpg 1068w, http:\/\/lapidarium.fundacja-hereditas.pl\/wp-content\/uploads\/2024\/05\/E_Dziedziniewicz-Rapca_Warszawa_Zelazna_75A__klatka_boczna_2_pietro_szyb_windy-1920x2548.jpg 1920w, http:\/\/lapidarium.fundacja-hereditas.pl\/wp-content\/uploads\/2024\/05\/E_Dziedziniewicz-Rapca_Warszawa_Zelazna_75A__klatka_boczna_2_pietro_szyb_windy-scaled.jpg 1929w\" sizes=\"auto, (max-width: 772px) 100vw, 772px\" \/><\/a><figcaption class=\"wp-element-caption\">Klatka od ul. \u017belaznej. Widok z II-go pi\u0119tra na spocznik. Fot. Ewa Dziedziniewicz-R\u0105pca, 2023 r., \u017ar\u00f3d\u0142o: MWKZ.<\/figcaption><\/figure>\n\n\n\n<figure class=\"wp-block-image size-large\"><a href=\"http:\/\/lapidarium.fundacja-hereditas.pl\/wp-content\/uploads\/2024\/05\/E_Dziedziniewicz-Rapca_Warszawa_Zelazna_75A__klatka_boczna_2_pietro_schody_zakret_A-scaled.jpg\"><img loading=\"lazy\" decoding=\"async\" width=\"776\" height=\"1024\" data-id=\"24592\" src=\"http:\/\/lapidarium.fundacja-hereditas.pl\/wp-content\/uploads\/2024\/05\/E_Dziedziniewicz-Rapca_Warszawa_Zelazna_75A__klatka_boczna_2_pietro_schody_zakret_A-776x1024.jpg\" alt=\"\" class=\"wp-image-24592\" srcset=\"http:\/\/lapidarium.fundacja-hereditas.pl\/wp-content\/uploads\/2024\/05\/E_Dziedziniewicz-Rapca_Warszawa_Zelazna_75A__klatka_boczna_2_pietro_schody_zakret_A-776x1024.jpg 776w, http:\/\/lapidarium.fundacja-hereditas.pl\/wp-content\/uploads\/2024\/05\/E_Dziedziniewicz-Rapca_Warszawa_Zelazna_75A__klatka_boczna_2_pietro_schody_zakret_A-227x300.jpg 227w, http:\/\/lapidarium.fundacja-hereditas.pl\/wp-content\/uploads\/2024\/05\/E_Dziedziniewicz-Rapca_Warszawa_Zelazna_75A__klatka_boczna_2_pietro_schody_zakret_A-768x1014.jpg 768w, http:\/\/lapidarium.fundacja-hereditas.pl\/wp-content\/uploads\/2024\/05\/E_Dziedziniewicz-Rapca_Warszawa_Zelazna_75A__klatka_boczna_2_pietro_schody_zakret_A-1164x1536.jpg 1164w, http:\/\/lapidarium.fundacja-hereditas.pl\/wp-content\/uploads\/2024\/05\/E_Dziedziniewicz-Rapca_Warszawa_Zelazna_75A__klatka_boczna_2_pietro_schody_zakret_A-1552x2048.jpg 1552w, http:\/\/lapidarium.fundacja-hereditas.pl\/wp-content\/uploads\/2024\/05\/E_Dziedziniewicz-Rapca_Warszawa_Zelazna_75A__klatka_boczna_2_pietro_schody_zakret_A-150x198.jpg 150w, http:\/\/lapidarium.fundacja-hereditas.pl\/wp-content\/uploads\/2024\/05\/E_Dziedziniewicz-Rapca_Warszawa_Zelazna_75A__klatka_boczna_2_pietro_schody_zakret_A-300x396.jpg 300w, http:\/\/lapidarium.fundacja-hereditas.pl\/wp-content\/uploads\/2024\/05\/E_Dziedziniewicz-Rapca_Warszawa_Zelazna_75A__klatka_boczna_2_pietro_schody_zakret_A-696x919.jpg 696w, http:\/\/lapidarium.fundacja-hereditas.pl\/wp-content\/uploads\/2024\/05\/E_Dziedziniewicz-Rapca_Warszawa_Zelazna_75A__klatka_boczna_2_pietro_schody_zakret_A-1068x1410.jpg 1068w, http:\/\/lapidarium.fundacja-hereditas.pl\/wp-content\/uploads\/2024\/05\/E_Dziedziniewicz-Rapca_Warszawa_Zelazna_75A__klatka_boczna_2_pietro_schody_zakret_A-1920x2534.jpg 1920w, http:\/\/lapidarium.fundacja-hereditas.pl\/wp-content\/uploads\/2024\/05\/E_Dziedziniewicz-Rapca_Warszawa_Zelazna_75A__klatka_boczna_2_pietro_schody_zakret_A-scaled.jpg 1940w\" sizes=\"auto, (max-width: 776px) 100vw, 776px\" \/><\/a><figcaption class=\"wp-element-caption\">Klatka od ul. \u017belaznej. \u0141uk schod\u00f3w wok\u00f3\u0142 szybu windy. Widok z II-go pi\u0119tra. Fot. Ewa Dziedziniewicz-R\u0105pca, 2023 r., \u017ar\u00f3d\u0142o: MWKZ.<\/figcaption><\/figure>\n\n\n\n<figure class=\"wp-block-image size-large\"><a href=\"http:\/\/lapidarium.fundacja-hereditas.pl\/wp-content\/uploads\/2024\/05\/E_Dziedziniewicz-Rapca_Warszawa_Zelazna_75A__klatka_boczna_2_pietro_schody_zakret_-scaled.jpg\"><img loading=\"lazy\" decoding=\"async\" width=\"1024\" height=\"773\" data-id=\"24591\" src=\"http:\/\/lapidarium.fundacja-hereditas.pl\/wp-content\/uploads\/2024\/05\/E_Dziedziniewicz-Rapca_Warszawa_Zelazna_75A__klatka_boczna_2_pietro_schody_zakret_-1024x773.jpg\" alt=\"\" class=\"wp-image-24591\" srcset=\"http:\/\/lapidarium.fundacja-hereditas.pl\/wp-content\/uploads\/2024\/05\/E_Dziedziniewicz-Rapca_Warszawa_Zelazna_75A__klatka_boczna_2_pietro_schody_zakret_-1024x773.jpg 1024w, http:\/\/lapidarium.fundacja-hereditas.pl\/wp-content\/uploads\/2024\/05\/E_Dziedziniewicz-Rapca_Warszawa_Zelazna_75A__klatka_boczna_2_pietro_schody_zakret_-300x227.jpg 300w, http:\/\/lapidarium.fundacja-hereditas.pl\/wp-content\/uploads\/2024\/05\/E_Dziedziniewicz-Rapca_Warszawa_Zelazna_75A__klatka_boczna_2_pietro_schody_zakret_-768x580.jpg 768w, http:\/\/lapidarium.fundacja-hereditas.pl\/wp-content\/uploads\/2024\/05\/E_Dziedziniewicz-Rapca_Warszawa_Zelazna_75A__klatka_boczna_2_pietro_schody_zakret_-1536x1160.jpg 1536w, http:\/\/lapidarium.fundacja-hereditas.pl\/wp-content\/uploads\/2024\/05\/E_Dziedziniewicz-Rapca_Warszawa_Zelazna_75A__klatka_boczna_2_pietro_schody_zakret_-2048x1547.jpg 2048w, http:\/\/lapidarium.fundacja-hereditas.pl\/wp-content\/uploads\/2024\/05\/E_Dziedziniewicz-Rapca_Warszawa_Zelazna_75A__klatka_boczna_2_pietro_schody_zakret_-150x113.jpg 150w, http:\/\/lapidarium.fundacja-hereditas.pl\/wp-content\/uploads\/2024\/05\/E_Dziedziniewicz-Rapca_Warszawa_Zelazna_75A__klatka_boczna_2_pietro_schody_zakret_-696x526.jpg 696w, http:\/\/lapidarium.fundacja-hereditas.pl\/wp-content\/uploads\/2024\/05\/E_Dziedziniewicz-Rapca_Warszawa_Zelazna_75A__klatka_boczna_2_pietro_schody_zakret_-1068x807.jpg 1068w, http:\/\/lapidarium.fundacja-hereditas.pl\/wp-content\/uploads\/2024\/05\/E_Dziedziniewicz-Rapca_Warszawa_Zelazna_75A__klatka_boczna_2_pietro_schody_zakret_-1920x1450.jpg 1920w\" sizes=\"auto, (max-width: 1024px) 100vw, 1024px\" \/><\/a><figcaption class=\"wp-element-caption\">Klatka od ul. \u017belaznej. \u0141uk schod\u00f3w wok\u00f3\u0142 szybu windy. Widok z II-go pi\u0119tra. Fot. Ewa Dziedziniewicz-R\u0105pca, 2023 r., \u017ar\u00f3d\u0142o: MWKZ.<\/figcaption><\/figure>\n\n\n\n<figure class=\"wp-block-image size-large\"><a href=\"http:\/\/lapidarium.fundacja-hereditas.pl\/wp-content\/uploads\/2024\/05\/E_Dziedziniewicz-Rapca_Warszawa_Zelazna_75A__klatka_boczna_2_pietro_schody_posadzki-scaled.jpg\"><img loading=\"lazy\" decoding=\"async\" width=\"809\" height=\"1024\" data-id=\"24590\" src=\"http:\/\/lapidarium.fundacja-hereditas.pl\/wp-content\/uploads\/2024\/05\/E_Dziedziniewicz-Rapca_Warszawa_Zelazna_75A__klatka_boczna_2_pietro_schody_posadzki-809x1024.jpg\" alt=\"\" class=\"wp-image-24590\" srcset=\"http:\/\/lapidarium.fundacja-hereditas.pl\/wp-content\/uploads\/2024\/05\/E_Dziedziniewicz-Rapca_Warszawa_Zelazna_75A__klatka_boczna_2_pietro_schody_posadzki-809x1024.jpg 809w, http:\/\/lapidarium.fundacja-hereditas.pl\/wp-content\/uploads\/2024\/05\/E_Dziedziniewicz-Rapca_Warszawa_Zelazna_75A__klatka_boczna_2_pietro_schody_posadzki-237x300.jpg 237w, http:\/\/lapidarium.fundacja-hereditas.pl\/wp-content\/uploads\/2024\/05\/E_Dziedziniewicz-Rapca_Warszawa_Zelazna_75A__klatka_boczna_2_pietro_schody_posadzki-768x972.jpg 768w, http:\/\/lapidarium.fundacja-hereditas.pl\/wp-content\/uploads\/2024\/05\/E_Dziedziniewicz-Rapca_Warszawa_Zelazna_75A__klatka_boczna_2_pietro_schody_posadzki-1213x1536.jpg 1213w, http:\/\/lapidarium.fundacja-hereditas.pl\/wp-content\/uploads\/2024\/05\/E_Dziedziniewicz-Rapca_Warszawa_Zelazna_75A__klatka_boczna_2_pietro_schody_posadzki-1617x2048.jpg 1617w, http:\/\/lapidarium.fundacja-hereditas.pl\/wp-content\/uploads\/2024\/05\/E_Dziedziniewicz-Rapca_Warszawa_Zelazna_75A__klatka_boczna_2_pietro_schody_posadzki-150x190.jpg 150w, http:\/\/lapidarium.fundacja-hereditas.pl\/wp-content\/uploads\/2024\/05\/E_Dziedziniewicz-Rapca_Warszawa_Zelazna_75A__klatka_boczna_2_pietro_schody_posadzki-300x380.jpg 300w, http:\/\/lapidarium.fundacja-hereditas.pl\/wp-content\/uploads\/2024\/05\/E_Dziedziniewicz-Rapca_Warszawa_Zelazna_75A__klatka_boczna_2_pietro_schody_posadzki-696x881.jpg 696w, http:\/\/lapidarium.fundacja-hereditas.pl\/wp-content\/uploads\/2024\/05\/E_Dziedziniewicz-Rapca_Warszawa_Zelazna_75A__klatka_boczna_2_pietro_schody_posadzki-1068x1352.jpg 1068w, http:\/\/lapidarium.fundacja-hereditas.pl\/wp-content\/uploads\/2024\/05\/E_Dziedziniewicz-Rapca_Warszawa_Zelazna_75A__klatka_boczna_2_pietro_schody_posadzki-1920x2431.jpg 1920w, http:\/\/lapidarium.fundacja-hereditas.pl\/wp-content\/uploads\/2024\/05\/E_Dziedziniewicz-Rapca_Warszawa_Zelazna_75A__klatka_boczna_2_pietro_schody_posadzki-scaled.jpg 2022w\" sizes=\"auto, (max-width: 809px) 100vw, 809px\" \/><\/a><figcaption class=\"wp-element-caption\">Klatka od ul. \u017belaznej. Widok z II-go pi\u0119tra na spocznik. Fot. Ewa Dziedziniewicz-R\u0105pca, 2023 r., \u017ar\u00f3d\u0142o: MWKZ.<\/figcaption><\/figure>\n\n\n\n<figure class=\"wp-block-image size-large\"><a href=\"http:\/\/lapidarium.fundacja-hereditas.pl\/wp-content\/uploads\/2024\/05\/E_Dziedziniewicz-Rapca_Warszawa_Zelazna_75A__klatka_boczna_2_pietro_schody_na_dol_Zakret-scaled.jpg\"><img loading=\"lazy\" decoding=\"async\" width=\"784\" height=\"1024\" data-id=\"24589\" src=\"http:\/\/lapidarium.fundacja-hereditas.pl\/wp-content\/uploads\/2024\/05\/E_Dziedziniewicz-Rapca_Warszawa_Zelazna_75A__klatka_boczna_2_pietro_schody_na_dol_Zakret-784x1024.jpg\" alt=\"\" class=\"wp-image-24589\" srcset=\"http:\/\/lapidarium.fundacja-hereditas.pl\/wp-content\/uploads\/2024\/05\/E_Dziedziniewicz-Rapca_Warszawa_Zelazna_75A__klatka_boczna_2_pietro_schody_na_dol_Zakret-784x1024.jpg 784w, http:\/\/lapidarium.fundacja-hereditas.pl\/wp-content\/uploads\/2024\/05\/E_Dziedziniewicz-Rapca_Warszawa_Zelazna_75A__klatka_boczna_2_pietro_schody_na_dol_Zakret-230x300.jpg 230w, http:\/\/lapidarium.fundacja-hereditas.pl\/wp-content\/uploads\/2024\/05\/E_Dziedziniewicz-Rapca_Warszawa_Zelazna_75A__klatka_boczna_2_pietro_schody_na_dol_Zakret-768x1003.jpg 768w, http:\/\/lapidarium.fundacja-hereditas.pl\/wp-content\/uploads\/2024\/05\/E_Dziedziniewicz-Rapca_Warszawa_Zelazna_75A__klatka_boczna_2_pietro_schody_na_dol_Zakret-1176x1536.jpg 1176w, http:\/\/lapidarium.fundacja-hereditas.pl\/wp-content\/uploads\/2024\/05\/E_Dziedziniewicz-Rapca_Warszawa_Zelazna_75A__klatka_boczna_2_pietro_schody_na_dol_Zakret-1568x2048.jpg 1568w, http:\/\/lapidarium.fundacja-hereditas.pl\/wp-content\/uploads\/2024\/05\/E_Dziedziniewicz-Rapca_Warszawa_Zelazna_75A__klatka_boczna_2_pietro_schody_na_dol_Zakret-150x196.jpg 150w, http:\/\/lapidarium.fundacja-hereditas.pl\/wp-content\/uploads\/2024\/05\/E_Dziedziniewicz-Rapca_Warszawa_Zelazna_75A__klatka_boczna_2_pietro_schody_na_dol_Zakret-300x392.jpg 300w, http:\/\/lapidarium.fundacja-hereditas.pl\/wp-content\/uploads\/2024\/05\/E_Dziedziniewicz-Rapca_Warszawa_Zelazna_75A__klatka_boczna_2_pietro_schody_na_dol_Zakret-696x909.jpg 696w, http:\/\/lapidarium.fundacja-hereditas.pl\/wp-content\/uploads\/2024\/05\/E_Dziedziniewicz-Rapca_Warszawa_Zelazna_75A__klatka_boczna_2_pietro_schody_na_dol_Zakret-1068x1395.jpg 1068w, http:\/\/lapidarium.fundacja-hereditas.pl\/wp-content\/uploads\/2024\/05\/E_Dziedziniewicz-Rapca_Warszawa_Zelazna_75A__klatka_boczna_2_pietro_schody_na_dol_Zakret-1920x2509.jpg 1920w, http:\/\/lapidarium.fundacja-hereditas.pl\/wp-content\/uploads\/2024\/05\/E_Dziedziniewicz-Rapca_Warszawa_Zelazna_75A__klatka_boczna_2_pietro_schody_na_dol_Zakret-scaled.jpg 1959w\" sizes=\"auto, (max-width: 784px) 100vw, 784px\" \/><\/a><figcaption class=\"wp-element-caption\">Klatka od ul. \u017belaznej. Widok ku I-mu pi\u0119tru &#8211; profilowania na posadzce  z lastrico. Fot. Ewa Dziedziniewicz-R\u0105pca, 2023 r., \u017ar\u00f3d\u0142o: MWKZ.<\/figcaption><\/figure>\n\n\n\n<figure class=\"wp-block-image size-large\"><a href=\"http:\/\/lapidarium.fundacja-hereditas.pl\/wp-content\/uploads\/2024\/05\/E_Dziedziniewicz-Rapca_Warszawa_Zelazna_75A__klatka_boczna_2_pietro_schody_na_dol_wneka-scaled.jpg\"><img loading=\"lazy\" decoding=\"async\" width=\"764\" height=\"1024\" data-id=\"24588\" src=\"http:\/\/lapidarium.fundacja-hereditas.pl\/wp-content\/uploads\/2024\/05\/E_Dziedziniewicz-Rapca_Warszawa_Zelazna_75A__klatka_boczna_2_pietro_schody_na_dol_wneka-764x1024.jpg\" alt=\"\" class=\"wp-image-24588\" srcset=\"http:\/\/lapidarium.fundacja-hereditas.pl\/wp-content\/uploads\/2024\/05\/E_Dziedziniewicz-Rapca_Warszawa_Zelazna_75A__klatka_boczna_2_pietro_schody_na_dol_wneka-764x1024.jpg 764w, http:\/\/lapidarium.fundacja-hereditas.pl\/wp-content\/uploads\/2024\/05\/E_Dziedziniewicz-Rapca_Warszawa_Zelazna_75A__klatka_boczna_2_pietro_schody_na_dol_wneka-224x300.jpg 224w, http:\/\/lapidarium.fundacja-hereditas.pl\/wp-content\/uploads\/2024\/05\/E_Dziedziniewicz-Rapca_Warszawa_Zelazna_75A__klatka_boczna_2_pietro_schody_na_dol_wneka-768x1029.jpg 768w, http:\/\/lapidarium.fundacja-hereditas.pl\/wp-content\/uploads\/2024\/05\/E_Dziedziniewicz-Rapca_Warszawa_Zelazna_75A__klatka_boczna_2_pietro_schody_na_dol_wneka-1146x1536.jpg 1146w, http:\/\/lapidarium.fundacja-hereditas.pl\/wp-content\/uploads\/2024\/05\/E_Dziedziniewicz-Rapca_Warszawa_Zelazna_75A__klatka_boczna_2_pietro_schody_na_dol_wneka-1529x2048.jpg 1529w, http:\/\/lapidarium.fundacja-hereditas.pl\/wp-content\/uploads\/2024\/05\/E_Dziedziniewicz-Rapca_Warszawa_Zelazna_75A__klatka_boczna_2_pietro_schody_na_dol_wneka-150x201.jpg 150w, http:\/\/lapidarium.fundacja-hereditas.pl\/wp-content\/uploads\/2024\/05\/E_Dziedziniewicz-Rapca_Warszawa_Zelazna_75A__klatka_boczna_2_pietro_schody_na_dol_wneka-300x402.jpg 300w, http:\/\/lapidarium.fundacja-hereditas.pl\/wp-content\/uploads\/2024\/05\/E_Dziedziniewicz-Rapca_Warszawa_Zelazna_75A__klatka_boczna_2_pietro_schody_na_dol_wneka-696x932.jpg 696w, http:\/\/lapidarium.fundacja-hereditas.pl\/wp-content\/uploads\/2024\/05\/E_Dziedziniewicz-Rapca_Warszawa_Zelazna_75A__klatka_boczna_2_pietro_schody_na_dol_wneka-1068x1431.jpg 1068w, http:\/\/lapidarium.fundacja-hereditas.pl\/wp-content\/uploads\/2024\/05\/E_Dziedziniewicz-Rapca_Warszawa_Zelazna_75A__klatka_boczna_2_pietro_schody_na_dol_wneka-1920x2572.jpg 1920w, http:\/\/lapidarium.fundacja-hereditas.pl\/wp-content\/uploads\/2024\/05\/E_Dziedziniewicz-Rapca_Warszawa_Zelazna_75A__klatka_boczna_2_pietro_schody_na_dol_wneka-scaled.jpg 1911w\" sizes=\"auto, (max-width: 764px) 100vw, 764px\" \/><\/a><figcaption class=\"wp-element-caption\">Klatka od ul. \u017belaznej. Schody z II-go pi\u0119tra w d\u00f3\u0142. Wn\u0119ka po drzwiach. Fot. Ewa Dziedziniewicz-R\u0105pca, 2023 r., \u017ar\u00f3d\u0142o: MWKZ.<\/figcaption><\/figure>\n\n\n\n<figure class=\"wp-block-image size-large\"><a href=\"http:\/\/lapidarium.fundacja-hereditas.pl\/wp-content\/uploads\/2024\/05\/E_Dziedziniewicz-Rapca_Warszawa_Zelazna_75A__klatka_boczna_2_pietro_balustrady_okno-scaled.jpg\"><img loading=\"lazy\" decoding=\"async\" width=\"776\" height=\"1024\" data-id=\"24587\" src=\"http:\/\/lapidarium.fundacja-hereditas.pl\/wp-content\/uploads\/2024\/05\/E_Dziedziniewicz-Rapca_Warszawa_Zelazna_75A__klatka_boczna_2_pietro_balustrady_okno-776x1024.jpg\" alt=\"\" class=\"wp-image-24587\" srcset=\"http:\/\/lapidarium.fundacja-hereditas.pl\/wp-content\/uploads\/2024\/05\/E_Dziedziniewicz-Rapca_Warszawa_Zelazna_75A__klatka_boczna_2_pietro_balustrady_okno-776x1024.jpg 776w, http:\/\/lapidarium.fundacja-hereditas.pl\/wp-content\/uploads\/2024\/05\/E_Dziedziniewicz-Rapca_Warszawa_Zelazna_75A__klatka_boczna_2_pietro_balustrady_okno-227x300.jpg 227w, http:\/\/lapidarium.fundacja-hereditas.pl\/wp-content\/uploads\/2024\/05\/E_Dziedziniewicz-Rapca_Warszawa_Zelazna_75A__klatka_boczna_2_pietro_balustrady_okno-768x1014.jpg 768w, http:\/\/lapidarium.fundacja-hereditas.pl\/wp-content\/uploads\/2024\/05\/E_Dziedziniewicz-Rapca_Warszawa_Zelazna_75A__klatka_boczna_2_pietro_balustrady_okno-1164x1536.jpg 1164w, http:\/\/lapidarium.fundacja-hereditas.pl\/wp-content\/uploads\/2024\/05\/E_Dziedziniewicz-Rapca_Warszawa_Zelazna_75A__klatka_boczna_2_pietro_balustrady_okno-1552x2048.jpg 1552w, http:\/\/lapidarium.fundacja-hereditas.pl\/wp-content\/uploads\/2024\/05\/E_Dziedziniewicz-Rapca_Warszawa_Zelazna_75A__klatka_boczna_2_pietro_balustrady_okno-150x198.jpg 150w, http:\/\/lapidarium.fundacja-hereditas.pl\/wp-content\/uploads\/2024\/05\/E_Dziedziniewicz-Rapca_Warszawa_Zelazna_75A__klatka_boczna_2_pietro_balustrady_okno-300x396.jpg 300w, http:\/\/lapidarium.fundacja-hereditas.pl\/wp-content\/uploads\/2024\/05\/E_Dziedziniewicz-Rapca_Warszawa_Zelazna_75A__klatka_boczna_2_pietro_balustrady_okno-696x919.jpg 696w, http:\/\/lapidarium.fundacja-hereditas.pl\/wp-content\/uploads\/2024\/05\/E_Dziedziniewicz-Rapca_Warszawa_Zelazna_75A__klatka_boczna_2_pietro_balustrady_okno-1068x1410.jpg 1068w, http:\/\/lapidarium.fundacja-hereditas.pl\/wp-content\/uploads\/2024\/05\/E_Dziedziniewicz-Rapca_Warszawa_Zelazna_75A__klatka_boczna_2_pietro_balustrady_okno-1920x2534.jpg 1920w, http:\/\/lapidarium.fundacja-hereditas.pl\/wp-content\/uploads\/2024\/05\/E_Dziedziniewicz-Rapca_Warszawa_Zelazna_75A__klatka_boczna_2_pietro_balustrady_okno-scaled.jpg 1940w\" sizes=\"auto, (max-width: 776px) 100vw, 776px\" \/><\/a><figcaption class=\"wp-element-caption\">Klatka od ul. \u017belaznej.Spocznik miedzy II-gim a I-szym pi\u0119trem. Balustrada z p\u0142askownik\u00f3w. Fot. Ewa Dziedziniewicz-R\u0105pca, 2023 r., \u017ar\u00f3d\u0142o: MWKZ.<\/figcaption><\/figure>\n\n\n\n<figure class=\"wp-block-image size-large\"><a href=\"http:\/\/lapidarium.fundacja-hereditas.pl\/wp-content\/uploads\/2024\/05\/E_Dziedziniewicz-Rapca_Warszawa_Zelazna_75A__klatka_boczna_2_pietro_balustrada-scaled.jpg\"><img loading=\"lazy\" decoding=\"async\" width=\"1024\" height=\"763\" data-id=\"24586\" src=\"http:\/\/lapidarium.fundacja-hereditas.pl\/wp-content\/uploads\/2024\/05\/E_Dziedziniewicz-Rapca_Warszawa_Zelazna_75A__klatka_boczna_2_pietro_balustrada-1024x763.jpg\" alt=\"\" class=\"wp-image-24586\" srcset=\"http:\/\/lapidarium.fundacja-hereditas.pl\/wp-content\/uploads\/2024\/05\/E_Dziedziniewicz-Rapca_Warszawa_Zelazna_75A__klatka_boczna_2_pietro_balustrada-1024x763.jpg 1024w, http:\/\/lapidarium.fundacja-hereditas.pl\/wp-content\/uploads\/2024\/05\/E_Dziedziniewicz-Rapca_Warszawa_Zelazna_75A__klatka_boczna_2_pietro_balustrada-300x223.jpg 300w, http:\/\/lapidarium.fundacja-hereditas.pl\/wp-content\/uploads\/2024\/05\/E_Dziedziniewicz-Rapca_Warszawa_Zelazna_75A__klatka_boczna_2_pietro_balustrada-768x572.jpg 768w, http:\/\/lapidarium.fundacja-hereditas.pl\/wp-content\/uploads\/2024\/05\/E_Dziedziniewicz-Rapca_Warszawa_Zelazna_75A__klatka_boczna_2_pietro_balustrada-1536x1144.jpg 1536w, http:\/\/lapidarium.fundacja-hereditas.pl\/wp-content\/uploads\/2024\/05\/E_Dziedziniewicz-Rapca_Warszawa_Zelazna_75A__klatka_boczna_2_pietro_balustrada-2048x1525.jpg 2048w, http:\/\/lapidarium.fundacja-hereditas.pl\/wp-content\/uploads\/2024\/05\/E_Dziedziniewicz-Rapca_Warszawa_Zelazna_75A__klatka_boczna_2_pietro_balustrada-150x112.jpg 150w, http:\/\/lapidarium.fundacja-hereditas.pl\/wp-content\/uploads\/2024\/05\/E_Dziedziniewicz-Rapca_Warszawa_Zelazna_75A__klatka_boczna_2_pietro_balustrada-485x360.jpg 485w, http:\/\/lapidarium.fundacja-hereditas.pl\/wp-content\/uploads\/2024\/05\/E_Dziedziniewicz-Rapca_Warszawa_Zelazna_75A__klatka_boczna_2_pietro_balustrada-696x518.jpg 696w, http:\/\/lapidarium.fundacja-hereditas.pl\/wp-content\/uploads\/2024\/05\/E_Dziedziniewicz-Rapca_Warszawa_Zelazna_75A__klatka_boczna_2_pietro_balustrada-1068x795.jpg 1068w, http:\/\/lapidarium.fundacja-hereditas.pl\/wp-content\/uploads\/2024\/05\/E_Dziedziniewicz-Rapca_Warszawa_Zelazna_75A__klatka_boczna_2_pietro_balustrada-1920x1430.jpg 1920w\" sizes=\"auto, (max-width: 1024px) 100vw, 1024px\" \/><\/a><figcaption class=\"wp-element-caption\">Klatka od ul. \u017belaznej.Spocznik miedzy II-gim a I-szym pi\u0119trem. Balustrada z p\u0142askownik\u00f3w. Fot. Ewa Dziedziniewicz-R\u0105pca, 2023 r., \u017ar\u00f3d\u0142o: MWKZ.<\/figcaption><\/figure>\n\n\n\n<figure class=\"wp-block-image size-large\"><a href=\"http:\/\/lapidarium.fundacja-hereditas.pl\/wp-content\/uploads\/2024\/05\/E_Dziedziniewicz-Rapca_Warszawa_Zelazna_75A__klatka_boczna_1_pietro_schody_na_dol_posadzka_A-scaled.jpg\"><img loading=\"lazy\" decoding=\"async\" width=\"776\" height=\"1024\" data-id=\"24583\" src=\"http:\/\/lapidarium.fundacja-hereditas.pl\/wp-content\/uploads\/2024\/05\/E_Dziedziniewicz-Rapca_Warszawa_Zelazna_75A__klatka_boczna_1_pietro_schody_na_dol_posadzka_A-776x1024.jpg\" alt=\"\" class=\"wp-image-24583\" srcset=\"http:\/\/lapidarium.fundacja-hereditas.pl\/wp-content\/uploads\/2024\/05\/E_Dziedziniewicz-Rapca_Warszawa_Zelazna_75A__klatka_boczna_1_pietro_schody_na_dol_posadzka_A-776x1024.jpg 776w, http:\/\/lapidarium.fundacja-hereditas.pl\/wp-content\/uploads\/2024\/05\/E_Dziedziniewicz-Rapca_Warszawa_Zelazna_75A__klatka_boczna_1_pietro_schody_na_dol_posadzka_A-227x300.jpg 227w, http:\/\/lapidarium.fundacja-hereditas.pl\/wp-content\/uploads\/2024\/05\/E_Dziedziniewicz-Rapca_Warszawa_Zelazna_75A__klatka_boczna_1_pietro_schody_na_dol_posadzka_A-768x1014.jpg 768w, http:\/\/lapidarium.fundacja-hereditas.pl\/wp-content\/uploads\/2024\/05\/E_Dziedziniewicz-Rapca_Warszawa_Zelazna_75A__klatka_boczna_1_pietro_schody_na_dol_posadzka_A-1163x1536.jpg 1163w, http:\/\/lapidarium.fundacja-hereditas.pl\/wp-content\/uploads\/2024\/05\/E_Dziedziniewicz-Rapca_Warszawa_Zelazna_75A__klatka_boczna_1_pietro_schody_na_dol_posadzka_A-1551x2048.jpg 1551w, http:\/\/lapidarium.fundacja-hereditas.pl\/wp-content\/uploads\/2024\/05\/E_Dziedziniewicz-Rapca_Warszawa_Zelazna_75A__klatka_boczna_1_pietro_schody_na_dol_posadzka_A-150x198.jpg 150w, http:\/\/lapidarium.fundacja-hereditas.pl\/wp-content\/uploads\/2024\/05\/E_Dziedziniewicz-Rapca_Warszawa_Zelazna_75A__klatka_boczna_1_pietro_schody_na_dol_posadzka_A-300x396.jpg 300w, http:\/\/lapidarium.fundacja-hereditas.pl\/wp-content\/uploads\/2024\/05\/E_Dziedziniewicz-Rapca_Warszawa_Zelazna_75A__klatka_boczna_1_pietro_schody_na_dol_posadzka_A-696x919.jpg 696w, http:\/\/lapidarium.fundacja-hereditas.pl\/wp-content\/uploads\/2024\/05\/E_Dziedziniewicz-Rapca_Warszawa_Zelazna_75A__klatka_boczna_1_pietro_schody_na_dol_posadzka_A-1068x1410.jpg 1068w, http:\/\/lapidarium.fundacja-hereditas.pl\/wp-content\/uploads\/2024\/05\/E_Dziedziniewicz-Rapca_Warszawa_Zelazna_75A__klatka_boczna_1_pietro_schody_na_dol_posadzka_A-1920x2535.jpg 1920w, http:\/\/lapidarium.fundacja-hereditas.pl\/wp-content\/uploads\/2024\/05\/E_Dziedziniewicz-Rapca_Warszawa_Zelazna_75A__klatka_boczna_1_pietro_schody_na_dol_posadzka_A-scaled.jpg 1939w\" sizes=\"auto, (max-width: 776px) 100vw, 776px\" \/><\/a><figcaption class=\"wp-element-caption\">Klatka od ul. \u017belaznej. Profilowania posadzki z lastrico na spoczniku miedzy I-szym pi\u0119trem, a parterem. Fot. Ewa Dziedziniewicz-R\u0105pca, 2023 r., \u017ar\u00f3d\u0142o: MWKZ.<\/figcaption><\/figure>\n\n\n\n<figure class=\"wp-block-image size-large\"><a href=\"http:\/\/lapidarium.fundacja-hereditas.pl\/wp-content\/uploads\/2024\/05\/E_Dziedziniewicz-Rapca_Warszawa_Zelazna_75A__klatka_boczna_1_pietro_zakret_winda-scaled.jpg\"><img loading=\"lazy\" decoding=\"async\" width=\"1024\" height=\"763\" data-id=\"24585\" src=\"http:\/\/lapidarium.fundacja-hereditas.pl\/wp-content\/uploads\/2024\/05\/E_Dziedziniewicz-Rapca_Warszawa_Zelazna_75A__klatka_boczna_1_pietro_zakret_winda-1024x763.jpg\" alt=\"\" class=\"wp-image-24585\" srcset=\"http:\/\/lapidarium.fundacja-hereditas.pl\/wp-content\/uploads\/2024\/05\/E_Dziedziniewicz-Rapca_Warszawa_Zelazna_75A__klatka_boczna_1_pietro_zakret_winda-1024x763.jpg 1024w, http:\/\/lapidarium.fundacja-hereditas.pl\/wp-content\/uploads\/2024\/05\/E_Dziedziniewicz-Rapca_Warszawa_Zelazna_75A__klatka_boczna_1_pietro_zakret_winda-300x223.jpg 300w, http:\/\/lapidarium.fundacja-hereditas.pl\/wp-content\/uploads\/2024\/05\/E_Dziedziniewicz-Rapca_Warszawa_Zelazna_75A__klatka_boczna_1_pietro_zakret_winda-768x572.jpg 768w, http:\/\/lapidarium.fundacja-hereditas.pl\/wp-content\/uploads\/2024\/05\/E_Dziedziniewicz-Rapca_Warszawa_Zelazna_75A__klatka_boczna_1_pietro_zakret_winda-1536x1144.jpg 1536w, http:\/\/lapidarium.fundacja-hereditas.pl\/wp-content\/uploads\/2024\/05\/E_Dziedziniewicz-Rapca_Warszawa_Zelazna_75A__klatka_boczna_1_pietro_zakret_winda-2048x1525.jpg 2048w, http:\/\/lapidarium.fundacja-hereditas.pl\/wp-content\/uploads\/2024\/05\/E_Dziedziniewicz-Rapca_Warszawa_Zelazna_75A__klatka_boczna_1_pietro_zakret_winda-150x112.jpg 150w, http:\/\/lapidarium.fundacja-hereditas.pl\/wp-content\/uploads\/2024\/05\/E_Dziedziniewicz-Rapca_Warszawa_Zelazna_75A__klatka_boczna_1_pietro_zakret_winda-485x360.jpg 485w, http:\/\/lapidarium.fundacja-hereditas.pl\/wp-content\/uploads\/2024\/05\/E_Dziedziniewicz-Rapca_Warszawa_Zelazna_75A__klatka_boczna_1_pietro_zakret_winda-696x518.jpg 696w, http:\/\/lapidarium.fundacja-hereditas.pl\/wp-content\/uploads\/2024\/05\/E_Dziedziniewicz-Rapca_Warszawa_Zelazna_75A__klatka_boczna_1_pietro_zakret_winda-1068x795.jpg 1068w, http:\/\/lapidarium.fundacja-hereditas.pl\/wp-content\/uploads\/2024\/05\/E_Dziedziniewicz-Rapca_Warszawa_Zelazna_75A__klatka_boczna_1_pietro_zakret_winda-1920x1430.jpg 1920w\" sizes=\"auto, (max-width: 1024px) 100vw, 1024px\" \/><\/a><figcaption class=\"wp-element-caption\">Klatka od ul. \u017belaznej. \u0141uk schod\u00f3w wok\u00f3\u0142 szybu windy. Widok z I-go pi\u0119tra. Fot. Ewa Dziedziniewicz-R\u0105pca, 2023 r., \u017ar\u00f3d\u0142o: MWKZ.<\/figcaption><\/figure>\n\n\n\n<figure class=\"wp-block-image size-large\"><a href=\"http:\/\/lapidarium.fundacja-hereditas.pl\/wp-content\/uploads\/2024\/05\/E_Dziedziniewicz-Rapca_Warszawa_Zelazna_75A__klatka_boczna_1_pietro_schody_na_parter-scaled.jpg\"><img loading=\"lazy\" decoding=\"async\" width=\"1024\" height=\"765\" data-id=\"24584\" src=\"http:\/\/lapidarium.fundacja-hereditas.pl\/wp-content\/uploads\/2024\/05\/E_Dziedziniewicz-Rapca_Warszawa_Zelazna_75A__klatka_boczna_1_pietro_schody_na_parter-1024x765.jpg\" alt=\"\" class=\"wp-image-24584\" srcset=\"http:\/\/lapidarium.fundacja-hereditas.pl\/wp-content\/uploads\/2024\/05\/E_Dziedziniewicz-Rapca_Warszawa_Zelazna_75A__klatka_boczna_1_pietro_schody_na_parter-1024x765.jpg 1024w, http:\/\/lapidarium.fundacja-hereditas.pl\/wp-content\/uploads\/2024\/05\/E_Dziedziniewicz-Rapca_Warszawa_Zelazna_75A__klatka_boczna_1_pietro_schody_na_parter-300x224.jpg 300w, http:\/\/lapidarium.fundacja-hereditas.pl\/wp-content\/uploads\/2024\/05\/E_Dziedziniewicz-Rapca_Warszawa_Zelazna_75A__klatka_boczna_1_pietro_schody_na_parter-768x574.jpg 768w, http:\/\/lapidarium.fundacja-hereditas.pl\/wp-content\/uploads\/2024\/05\/E_Dziedziniewicz-Rapca_Warszawa_Zelazna_75A__klatka_boczna_1_pietro_schody_na_parter-1536x1147.jpg 1536w, http:\/\/lapidarium.fundacja-hereditas.pl\/wp-content\/uploads\/2024\/05\/E_Dziedziniewicz-Rapca_Warszawa_Zelazna_75A__klatka_boczna_1_pietro_schody_na_parter-2048x1530.jpg 2048w, http:\/\/lapidarium.fundacja-hereditas.pl\/wp-content\/uploads\/2024\/05\/E_Dziedziniewicz-Rapca_Warszawa_Zelazna_75A__klatka_boczna_1_pietro_schody_na_parter-150x112.jpg 150w, http:\/\/lapidarium.fundacja-hereditas.pl\/wp-content\/uploads\/2024\/05\/E_Dziedziniewicz-Rapca_Warszawa_Zelazna_75A__klatka_boczna_1_pietro_schody_na_parter-696x520.jpg 696w, http:\/\/lapidarium.fundacja-hereditas.pl\/wp-content\/uploads\/2024\/05\/E_Dziedziniewicz-Rapca_Warszawa_Zelazna_75A__klatka_boczna_1_pietro_schody_na_parter-1068x798.jpg 1068w, http:\/\/lapidarium.fundacja-hereditas.pl\/wp-content\/uploads\/2024\/05\/E_Dziedziniewicz-Rapca_Warszawa_Zelazna_75A__klatka_boczna_1_pietro_schody_na_parter-1920x1434.jpg 1920w\" sizes=\"auto, (max-width: 1024px) 100vw, 1024px\" \/><\/a><figcaption class=\"wp-element-caption\">Klatka od ul. \u017belaznej. \u0141uk schod\u00f3w wok\u00f3\u0142 szybu windy. Widok z I-go pi\u0119tra. Fot. Ewa Dziedziniewicz-R\u0105pca, 2023 r., \u017ar\u00f3d\u0142o: MWKZ.<\/figcaption><\/figure>\n\n\n\n<figure class=\"wp-block-image size-large\"><a href=\"http:\/\/lapidarium.fundacja-hereditas.pl\/wp-content\/uploads\/2024\/05\/E_Dziedziniewicz-Rapca_Warszawa_Zelazna_75A__klatka_boczna_1_pietro_schody_na_dol_porecz_A-scaled.jpg\"><img loading=\"lazy\" decoding=\"async\" width=\"752\" height=\"1024\" data-id=\"24582\" src=\"http:\/\/lapidarium.fundacja-hereditas.pl\/wp-content\/uploads\/2024\/05\/E_Dziedziniewicz-Rapca_Warszawa_Zelazna_75A__klatka_boczna_1_pietro_schody_na_dol_porecz_A-752x1024.jpg\" alt=\"\" class=\"wp-image-24582\" srcset=\"http:\/\/lapidarium.fundacja-hereditas.pl\/wp-content\/uploads\/2024\/05\/E_Dziedziniewicz-Rapca_Warszawa_Zelazna_75A__klatka_boczna_1_pietro_schody_na_dol_porecz_A-752x1024.jpg 752w, http:\/\/lapidarium.fundacja-hereditas.pl\/wp-content\/uploads\/2024\/05\/E_Dziedziniewicz-Rapca_Warszawa_Zelazna_75A__klatka_boczna_1_pietro_schody_na_dol_porecz_A-220x300.jpg 220w, http:\/\/lapidarium.fundacja-hereditas.pl\/wp-content\/uploads\/2024\/05\/E_Dziedziniewicz-Rapca_Warszawa_Zelazna_75A__klatka_boczna_1_pietro_schody_na_dol_porecz_A-768x1045.jpg 768w, http:\/\/lapidarium.fundacja-hereditas.pl\/wp-content\/uploads\/2024\/05\/E_Dziedziniewicz-Rapca_Warszawa_Zelazna_75A__klatka_boczna_1_pietro_schody_na_dol_porecz_A-1128x1536.jpg 1128w, http:\/\/lapidarium.fundacja-hereditas.pl\/wp-content\/uploads\/2024\/05\/E_Dziedziniewicz-Rapca_Warszawa_Zelazna_75A__klatka_boczna_1_pietro_schody_na_dol_porecz_A-1505x2048.jpg 1505w, http:\/\/lapidarium.fundacja-hereditas.pl\/wp-content\/uploads\/2024\/05\/E_Dziedziniewicz-Rapca_Warszawa_Zelazna_75A__klatka_boczna_1_pietro_schody_na_dol_porecz_A-150x204.jpg 150w, http:\/\/lapidarium.fundacja-hereditas.pl\/wp-content\/uploads\/2024\/05\/E_Dziedziniewicz-Rapca_Warszawa_Zelazna_75A__klatka_boczna_1_pietro_schody_na_dol_porecz_A-300x408.jpg 300w, http:\/\/lapidarium.fundacja-hereditas.pl\/wp-content\/uploads\/2024\/05\/E_Dziedziniewicz-Rapca_Warszawa_Zelazna_75A__klatka_boczna_1_pietro_schody_na_dol_porecz_A-696x947.jpg 696w, http:\/\/lapidarium.fundacja-hereditas.pl\/wp-content\/uploads\/2024\/05\/E_Dziedziniewicz-Rapca_Warszawa_Zelazna_75A__klatka_boczna_1_pietro_schody_na_dol_porecz_A-1068x1454.jpg 1068w, http:\/\/lapidarium.fundacja-hereditas.pl\/wp-content\/uploads\/2024\/05\/E_Dziedziniewicz-Rapca_Warszawa_Zelazna_75A__klatka_boczna_1_pietro_schody_na_dol_porecz_A-1920x2613.jpg 1920w, http:\/\/lapidarium.fundacja-hereditas.pl\/wp-content\/uploads\/2024\/05\/E_Dziedziniewicz-Rapca_Warszawa_Zelazna_75A__klatka_boczna_1_pietro_schody_na_dol_porecz_A-scaled.jpg 1881w\" sizes=\"auto, (max-width: 752px) 100vw, 752px\" \/><\/a><figcaption class=\"wp-element-caption\">Klatka od ul. \u017belaznej. Widok z I-go pi\u0119tra na spocznik. Fot. Ewa Dziedziniewicz-R\u0105pca, 2023 r., \u017ar\u00f3d\u0142o: MWKZ.<\/figcaption><\/figure>\n\n\n\n<figure class=\"wp-block-image size-large\"><a href=\"http:\/\/lapidarium.fundacja-hereditas.pl\/wp-content\/uploads\/2024\/05\/Lipnicka_Joanna_Warszawa_Zelazna_75A_klatka_ostatnia_kondygnacja-scaled.jpeg\"><img loading=\"lazy\" decoding=\"async\" width=\"811\" height=\"1024\" data-id=\"24616\" src=\"http:\/\/lapidarium.fundacja-hereditas.pl\/wp-content\/uploads\/2024\/05\/Lipnicka_Joanna_Warszawa_Zelazna_75A_klatka_ostatnia_kondygnacja-811x1024.jpeg\" alt=\"\" class=\"wp-image-24616\" srcset=\"http:\/\/lapidarium.fundacja-hereditas.pl\/wp-content\/uploads\/2024\/05\/Lipnicka_Joanna_Warszawa_Zelazna_75A_klatka_ostatnia_kondygnacja-811x1024.jpeg 811w, http:\/\/lapidarium.fundacja-hereditas.pl\/wp-content\/uploads\/2024\/05\/Lipnicka_Joanna_Warszawa_Zelazna_75A_klatka_ostatnia_kondygnacja-238x300.jpeg 238w, http:\/\/lapidarium.fundacja-hereditas.pl\/wp-content\/uploads\/2024\/05\/Lipnicka_Joanna_Warszawa_Zelazna_75A_klatka_ostatnia_kondygnacja-768x969.jpeg 768w, http:\/\/lapidarium.fundacja-hereditas.pl\/wp-content\/uploads\/2024\/05\/Lipnicka_Joanna_Warszawa_Zelazna_75A_klatka_ostatnia_kondygnacja-1217x1536.jpeg 1217w, http:\/\/lapidarium.fundacja-hereditas.pl\/wp-content\/uploads\/2024\/05\/Lipnicka_Joanna_Warszawa_Zelazna_75A_klatka_ostatnia_kondygnacja-1623x2048.jpeg 1623w, http:\/\/lapidarium.fundacja-hereditas.pl\/wp-content\/uploads\/2024\/05\/Lipnicka_Joanna_Warszawa_Zelazna_75A_klatka_ostatnia_kondygnacja-150x189.jpeg 150w, http:\/\/lapidarium.fundacja-hereditas.pl\/wp-content\/uploads\/2024\/05\/Lipnicka_Joanna_Warszawa_Zelazna_75A_klatka_ostatnia_kondygnacja-300x379.jpeg 300w, http:\/\/lapidarium.fundacja-hereditas.pl\/wp-content\/uploads\/2024\/05\/Lipnicka_Joanna_Warszawa_Zelazna_75A_klatka_ostatnia_kondygnacja-696x879.jpeg 696w, http:\/\/lapidarium.fundacja-hereditas.pl\/wp-content\/uploads\/2024\/05\/Lipnicka_Joanna_Warszawa_Zelazna_75A_klatka_ostatnia_kondygnacja-1068x1348.jpeg 1068w, http:\/\/lapidarium.fundacja-hereditas.pl\/wp-content\/uploads\/2024\/05\/Lipnicka_Joanna_Warszawa_Zelazna_75A_klatka_ostatnia_kondygnacja-1920x2423.jpeg 1920w, http:\/\/lapidarium.fundacja-hereditas.pl\/wp-content\/uploads\/2024\/05\/Lipnicka_Joanna_Warszawa_Zelazna_75A_klatka_ostatnia_kondygnacja-scaled.jpeg 2028w\" sizes=\"auto, (max-width: 811px) 100vw, 811px\" \/><\/a><figcaption class=\"wp-element-caption\">Klatka od ul. \u017belaznej. Doj\u015bcie do ostatniej kondygnacji (niemieszkalnej) widok ku do\u0142owi. Fot. Joanna Lipnicka, 2023 r., \u017ar\u00f3d\u0142o: MWKZ.<\/figcaption><\/figure>\n\n\n\n<figure class=\"wp-block-image size-large\"><a href=\"http:\/\/lapidarium.fundacja-hereditas.pl\/wp-content\/uploads\/2024\/05\/Lipnicka_Joanna_Warszawa_Zelazna_75A_klatka_ostatnia_pkondygnacja-scaled.jpeg\"><img loading=\"lazy\" decoding=\"async\" width=\"740\" height=\"1024\" data-id=\"24617\" src=\"http:\/\/lapidarium.fundacja-hereditas.pl\/wp-content\/uploads\/2024\/05\/Lipnicka_Joanna_Warszawa_Zelazna_75A_klatka_ostatnia_pkondygnacja-740x1024.jpeg\" alt=\"\" class=\"wp-image-24617\" srcset=\"http:\/\/lapidarium.fundacja-hereditas.pl\/wp-content\/uploads\/2024\/05\/Lipnicka_Joanna_Warszawa_Zelazna_75A_klatka_ostatnia_pkondygnacja-740x1024.jpeg 740w, http:\/\/lapidarium.fundacja-hereditas.pl\/wp-content\/uploads\/2024\/05\/Lipnicka_Joanna_Warszawa_Zelazna_75A_klatka_ostatnia_pkondygnacja-217x300.jpeg 217w, http:\/\/lapidarium.fundacja-hereditas.pl\/wp-content\/uploads\/2024\/05\/Lipnicka_Joanna_Warszawa_Zelazna_75A_klatka_ostatnia_pkondygnacja-768x1062.jpeg 768w, http:\/\/lapidarium.fundacja-hereditas.pl\/wp-content\/uploads\/2024\/05\/Lipnicka_Joanna_Warszawa_Zelazna_75A_klatka_ostatnia_pkondygnacja-1110x1536.jpeg 1110w, http:\/\/lapidarium.fundacja-hereditas.pl\/wp-content\/uploads\/2024\/05\/Lipnicka_Joanna_Warszawa_Zelazna_75A_klatka_ostatnia_pkondygnacja-1481x2048.jpeg 1481w, http:\/\/lapidarium.fundacja-hereditas.pl\/wp-content\/uploads\/2024\/05\/Lipnicka_Joanna_Warszawa_Zelazna_75A_klatka_ostatnia_pkondygnacja-150x207.jpeg 150w, http:\/\/lapidarium.fundacja-hereditas.pl\/wp-content\/uploads\/2024\/05\/Lipnicka_Joanna_Warszawa_Zelazna_75A_klatka_ostatnia_pkondygnacja-300x415.jpeg 300w, http:\/\/lapidarium.fundacja-hereditas.pl\/wp-content\/uploads\/2024\/05\/Lipnicka_Joanna_Warszawa_Zelazna_75A_klatka_ostatnia_pkondygnacja-696x963.jpeg 696w, http:\/\/lapidarium.fundacja-hereditas.pl\/wp-content\/uploads\/2024\/05\/Lipnicka_Joanna_Warszawa_Zelazna_75A_klatka_ostatnia_pkondygnacja-1068x1477.jpeg 1068w, http:\/\/lapidarium.fundacja-hereditas.pl\/wp-content\/uploads\/2024\/05\/Lipnicka_Joanna_Warszawa_Zelazna_75A_klatka_ostatnia_pkondygnacja-1920x2656.jpeg 1920w, http:\/\/lapidarium.fundacja-hereditas.pl\/wp-content\/uploads\/2024\/05\/Lipnicka_Joanna_Warszawa_Zelazna_75A_klatka_ostatnia_pkondygnacja-scaled.jpeg 1851w\" sizes=\"auto, (max-width: 740px) 100vw, 740px\" \/><\/a><figcaption class=\"wp-element-caption\">Klatka od ul. \u017belaznej. Ostatnia kondygnacja (niemieszkalna). Fot. Joanna Lipnicka, 2023 r., \u017ar\u00f3d\u0142o: MWKZ.<\/figcaption><\/figure>\n\n\n\n<figure class=\"wp-block-image size-large\"><a href=\"http:\/\/lapidarium.fundacja-hereditas.pl\/wp-content\/uploads\/2024\/05\/Lipnicka_Joanna_Warszawa_Zelazna_75A_ostatnia_kondygnacja_obudowa_windy-scaled.jpeg\"><img loading=\"lazy\" decoding=\"async\" width=\"773\" height=\"1024\" data-id=\"24627\" src=\"http:\/\/lapidarium.fundacja-hereditas.pl\/wp-content\/uploads\/2024\/05\/Lipnicka_Joanna_Warszawa_Zelazna_75A_ostatnia_kondygnacja_obudowa_windy-773x1024.jpeg\" alt=\"\" class=\"wp-image-24627\" srcset=\"http:\/\/lapidarium.fundacja-hereditas.pl\/wp-content\/uploads\/2024\/05\/Lipnicka_Joanna_Warszawa_Zelazna_75A_ostatnia_kondygnacja_obudowa_windy-773x1024.jpeg 773w, http:\/\/lapidarium.fundacja-hereditas.pl\/wp-content\/uploads\/2024\/05\/Lipnicka_Joanna_Warszawa_Zelazna_75A_ostatnia_kondygnacja_obudowa_windy-227x300.jpeg 227w, http:\/\/lapidarium.fundacja-hereditas.pl\/wp-content\/uploads\/2024\/05\/Lipnicka_Joanna_Warszawa_Zelazna_75A_ostatnia_kondygnacja_obudowa_windy-768x1017.jpeg 768w, http:\/\/lapidarium.fundacja-hereditas.pl\/wp-content\/uploads\/2024\/05\/Lipnicka_Joanna_Warszawa_Zelazna_75A_ostatnia_kondygnacja_obudowa_windy-1160x1536.jpeg 1160w, http:\/\/lapidarium.fundacja-hereditas.pl\/wp-content\/uploads\/2024\/05\/Lipnicka_Joanna_Warszawa_Zelazna_75A_ostatnia_kondygnacja_obudowa_windy-1546x2048.jpeg 1546w, http:\/\/lapidarium.fundacja-hereditas.pl\/wp-content\/uploads\/2024\/05\/Lipnicka_Joanna_Warszawa_Zelazna_75A_ostatnia_kondygnacja_obudowa_windy-150x199.jpeg 150w, http:\/\/lapidarium.fundacja-hereditas.pl\/wp-content\/uploads\/2024\/05\/Lipnicka_Joanna_Warszawa_Zelazna_75A_ostatnia_kondygnacja_obudowa_windy-300x397.jpeg 300w, http:\/\/lapidarium.fundacja-hereditas.pl\/wp-content\/uploads\/2024\/05\/Lipnicka_Joanna_Warszawa_Zelazna_75A_ostatnia_kondygnacja_obudowa_windy-696x922.jpeg 696w, http:\/\/lapidarium.fundacja-hereditas.pl\/wp-content\/uploads\/2024\/05\/Lipnicka_Joanna_Warszawa_Zelazna_75A_ostatnia_kondygnacja_obudowa_windy-1068x1414.jpeg 1068w, http:\/\/lapidarium.fundacja-hereditas.pl\/wp-content\/uploads\/2024\/05\/Lipnicka_Joanna_Warszawa_Zelazna_75A_ostatnia_kondygnacja_obudowa_windy-1920x2543.jpeg 1920w, http:\/\/lapidarium.fundacja-hereditas.pl\/wp-content\/uploads\/2024\/05\/Lipnicka_Joanna_Warszawa_Zelazna_75A_ostatnia_kondygnacja_obudowa_windy-scaled.jpeg 1933w\" sizes=\"auto, (max-width: 773px) 100vw, 773px\" \/><\/a><figcaption class=\"wp-element-caption\">Klatka od ul. \u017belaznej. Obudowa widny. Widok ze schod\u00f3w na ostatni\u0105 kondygnacj\u0119. Fot. Joanna Lipnicka, 2023 r., \u017ar\u00f3d\u0142o: MWKZ.<\/figcaption><\/figure>\n\n\n\n<figure class=\"wp-block-image size-large\"><a href=\"http:\/\/lapidarium.fundacja-hereditas.pl\/wp-content\/uploads\/2024\/05\/Lipnicka_Joanna_Warszawa_Zelazna_75A_ostatnia_kondygnacja_klatka-scaled.jpeg\"><img loading=\"lazy\" decoding=\"async\" width=\"779\" height=\"1024\" data-id=\"24626\" src=\"http:\/\/lapidarium.fundacja-hereditas.pl\/wp-content\/uploads\/2024\/05\/Lipnicka_Joanna_Warszawa_Zelazna_75A_ostatnia_kondygnacja_klatka-779x1024.jpeg\" alt=\"\" class=\"wp-image-24626\" srcset=\"http:\/\/lapidarium.fundacja-hereditas.pl\/wp-content\/uploads\/2024\/05\/Lipnicka_Joanna_Warszawa_Zelazna_75A_ostatnia_kondygnacja_klatka-779x1024.jpeg 779w, http:\/\/lapidarium.fundacja-hereditas.pl\/wp-content\/uploads\/2024\/05\/Lipnicka_Joanna_Warszawa_Zelazna_75A_ostatnia_kondygnacja_klatka-228x300.jpeg 228w, http:\/\/lapidarium.fundacja-hereditas.pl\/wp-content\/uploads\/2024\/05\/Lipnicka_Joanna_Warszawa_Zelazna_75A_ostatnia_kondygnacja_klatka-768x1010.jpeg 768w, http:\/\/lapidarium.fundacja-hereditas.pl\/wp-content\/uploads\/2024\/05\/Lipnicka_Joanna_Warszawa_Zelazna_75A_ostatnia_kondygnacja_klatka-1168x1536.jpeg 1168w, http:\/\/lapidarium.fundacja-hereditas.pl\/wp-content\/uploads\/2024\/05\/Lipnicka_Joanna_Warszawa_Zelazna_75A_ostatnia_kondygnacja_klatka-1557x2048.jpeg 1557w, http:\/\/lapidarium.fundacja-hereditas.pl\/wp-content\/uploads\/2024\/05\/Lipnicka_Joanna_Warszawa_Zelazna_75A_ostatnia_kondygnacja_klatka-150x197.jpeg 150w, http:\/\/lapidarium.fundacja-hereditas.pl\/wp-content\/uploads\/2024\/05\/Lipnicka_Joanna_Warszawa_Zelazna_75A_ostatnia_kondygnacja_klatka-300x395.jpeg 300w, http:\/\/lapidarium.fundacja-hereditas.pl\/wp-content\/uploads\/2024\/05\/Lipnicka_Joanna_Warszawa_Zelazna_75A_ostatnia_kondygnacja_klatka-696x915.jpeg 696w, http:\/\/lapidarium.fundacja-hereditas.pl\/wp-content\/uploads\/2024\/05\/Lipnicka_Joanna_Warszawa_Zelazna_75A_ostatnia_kondygnacja_klatka-1068x1405.jpeg 1068w, http:\/\/lapidarium.fundacja-hereditas.pl\/wp-content\/uploads\/2024\/05\/Lipnicka_Joanna_Warszawa_Zelazna_75A_ostatnia_kondygnacja_klatka-1920x2525.jpeg 1920w, http:\/\/lapidarium.fundacja-hereditas.pl\/wp-content\/uploads\/2024\/05\/Lipnicka_Joanna_Warszawa_Zelazna_75A_ostatnia_kondygnacja_klatka-scaled.jpeg 1947w\" sizes=\"auto, (max-width: 779px) 100vw, 779px\" \/><\/a><figcaption class=\"wp-element-caption\">Klatka od ul. \u017belaznej. Ostatnia kondygnacja (niemieszkalna). Fot. Joanna Lipnicka, 2023 r., \u017ar\u00f3d\u0142o: MWKZ.<\/figcaption><\/figure>\n\n\n\n<figure class=\"wp-block-image size-large\"><a href=\"http:\/\/lapidarium.fundacja-hereditas.pl\/wp-content\/uploads\/2024\/05\/Lipnicka_Joanna_Warszawa_Zelazna_75A_maszynownia_winda_ostatnia_kondygnacja-scaled.jpeg\"><img loading=\"lazy\" decoding=\"async\" width=\"760\" height=\"1024\" data-id=\"24623\" src=\"http:\/\/lapidarium.fundacja-hereditas.pl\/wp-content\/uploads\/2024\/05\/Lipnicka_Joanna_Warszawa_Zelazna_75A_maszynownia_winda_ostatnia_kondygnacja-760x1024.jpeg\" alt=\"\" class=\"wp-image-24623\" srcset=\"http:\/\/lapidarium.fundacja-hereditas.pl\/wp-content\/uploads\/2024\/05\/Lipnicka_Joanna_Warszawa_Zelazna_75A_maszynownia_winda_ostatnia_kondygnacja-760x1024.jpeg 760w, http:\/\/lapidarium.fundacja-hereditas.pl\/wp-content\/uploads\/2024\/05\/Lipnicka_Joanna_Warszawa_Zelazna_75A_maszynownia_winda_ostatnia_kondygnacja-223x300.jpeg 223w, http:\/\/lapidarium.fundacja-hereditas.pl\/wp-content\/uploads\/2024\/05\/Lipnicka_Joanna_Warszawa_Zelazna_75A_maszynownia_winda_ostatnia_kondygnacja-768x1035.jpeg 768w, http:\/\/lapidarium.fundacja-hereditas.pl\/wp-content\/uploads\/2024\/05\/Lipnicka_Joanna_Warszawa_Zelazna_75A_maszynownia_winda_ostatnia_kondygnacja-1139x1536.jpeg 1139w, http:\/\/lapidarium.fundacja-hereditas.pl\/wp-content\/uploads\/2024\/05\/Lipnicka_Joanna_Warszawa_Zelazna_75A_maszynownia_winda_ostatnia_kondygnacja-1519x2048.jpeg 1519w, http:\/\/lapidarium.fundacja-hereditas.pl\/wp-content\/uploads\/2024\/05\/Lipnicka_Joanna_Warszawa_Zelazna_75A_maszynownia_winda_ostatnia_kondygnacja-150x202.jpeg 150w, http:\/\/lapidarium.fundacja-hereditas.pl\/wp-content\/uploads\/2024\/05\/Lipnicka_Joanna_Warszawa_Zelazna_75A_maszynownia_winda_ostatnia_kondygnacja-300x404.jpeg 300w, http:\/\/lapidarium.fundacja-hereditas.pl\/wp-content\/uploads\/2024\/05\/Lipnicka_Joanna_Warszawa_Zelazna_75A_maszynownia_winda_ostatnia_kondygnacja-696x938.jpeg 696w, http:\/\/lapidarium.fundacja-hereditas.pl\/wp-content\/uploads\/2024\/05\/Lipnicka_Joanna_Warszawa_Zelazna_75A_maszynownia_winda_ostatnia_kondygnacja-1068x1440.jpeg 1068w, http:\/\/lapidarium.fundacja-hereditas.pl\/wp-content\/uploads\/2024\/05\/Lipnicka_Joanna_Warszawa_Zelazna_75A_maszynownia_winda_ostatnia_kondygnacja-1920x2588.jpeg 1920w, http:\/\/lapidarium.fundacja-hereditas.pl\/wp-content\/uploads\/2024\/05\/Lipnicka_Joanna_Warszawa_Zelazna_75A_maszynownia_winda_ostatnia_kondygnacja-scaled.jpeg 1899w\" sizes=\"auto, (max-width: 760px) 100vw, 760px\" \/><\/a><figcaption class=\"wp-element-caption\">Klatka od ul. \u017belaznej. Drzwi do maszynowni. Fot. Joanna Lipnicka, 2023 r., \u017ar\u00f3d\u0142o: MWKZ.<\/figcaption><\/figure>\n\n\n\n<figure class=\"wp-block-image size-large\"><a href=\"http:\/\/lapidarium.fundacja-hereditas.pl\/wp-content\/uploads\/2024\/05\/E_Dziedziniewicz-Rapca_Warszawa_Zelazna_75A__klatka_boczna_strych_C-scaled.jpg\"><img loading=\"lazy\" decoding=\"async\" width=\"781\" height=\"1024\" data-id=\"24609\" src=\"http:\/\/lapidarium.fundacja-hereditas.pl\/wp-content\/uploads\/2024\/05\/E_Dziedziniewicz-Rapca_Warszawa_Zelazna_75A__klatka_boczna_strych_C-781x1024.jpg\" alt=\"\" class=\"wp-image-24609\" srcset=\"http:\/\/lapidarium.fundacja-hereditas.pl\/wp-content\/uploads\/2024\/05\/E_Dziedziniewicz-Rapca_Warszawa_Zelazna_75A__klatka_boczna_strych_C-781x1024.jpg 781w, http:\/\/lapidarium.fundacja-hereditas.pl\/wp-content\/uploads\/2024\/05\/E_Dziedziniewicz-Rapca_Warszawa_Zelazna_75A__klatka_boczna_strych_C-229x300.jpg 229w, http:\/\/lapidarium.fundacja-hereditas.pl\/wp-content\/uploads\/2024\/05\/E_Dziedziniewicz-Rapca_Warszawa_Zelazna_75A__klatka_boczna_strych_C-768x1007.jpg 768w, http:\/\/lapidarium.fundacja-hereditas.pl\/wp-content\/uploads\/2024\/05\/E_Dziedziniewicz-Rapca_Warszawa_Zelazna_75A__klatka_boczna_strych_C-1171x1536.jpg 1171w, http:\/\/lapidarium.fundacja-hereditas.pl\/wp-content\/uploads\/2024\/05\/E_Dziedziniewicz-Rapca_Warszawa_Zelazna_75A__klatka_boczna_strych_C-1562x2048.jpg 1562w, http:\/\/lapidarium.fundacja-hereditas.pl\/wp-content\/uploads\/2024\/05\/E_Dziedziniewicz-Rapca_Warszawa_Zelazna_75A__klatka_boczna_strych_C-150x197.jpg 150w, http:\/\/lapidarium.fundacja-hereditas.pl\/wp-content\/uploads\/2024\/05\/E_Dziedziniewicz-Rapca_Warszawa_Zelazna_75A__klatka_boczna_strych_C-300x393.jpg 300w, http:\/\/lapidarium.fundacja-hereditas.pl\/wp-content\/uploads\/2024\/05\/E_Dziedziniewicz-Rapca_Warszawa_Zelazna_75A__klatka_boczna_strych_C-696x913.jpg 696w, http:\/\/lapidarium.fundacja-hereditas.pl\/wp-content\/uploads\/2024\/05\/E_Dziedziniewicz-Rapca_Warszawa_Zelazna_75A__klatka_boczna_strych_C-1068x1400.jpg 1068w, http:\/\/lapidarium.fundacja-hereditas.pl\/wp-content\/uploads\/2024\/05\/E_Dziedziniewicz-Rapca_Warszawa_Zelazna_75A__klatka_boczna_strych_C-1920x2517.jpg 1920w, http:\/\/lapidarium.fundacja-hereditas.pl\/wp-content\/uploads\/2024\/05\/E_Dziedziniewicz-Rapca_Warszawa_Zelazna_75A__klatka_boczna_strych_C-scaled.jpg 1952w\" sizes=\"auto, (max-width: 781px) 100vw, 781px\" \/><\/a><figcaption class=\"wp-element-caption\">Klatka od ul. \u017belaznej. Wej\u015bcie na strych. Fot. Ewa Dziedziniewicz-R\u0105pca, 2023 r., \u017ar\u00f3d\u0142o: MWKZ.<\/figcaption><\/figure>\n<\/figure>\n","protected":false},"excerpt":{"rendered":"<p>Nowoczesny, pi\u0119ciopi\u0119trowy gmach powsta\u0142y dla Ignacego Partowicza w altach 1937-38. Architektem tej nader futurystycznej, jak na owe czasy budowli by\u0142 Edward Herstein (1905-ok. 1940-43 w warszawskim getcie). Obiekt jest powszechnie znany \u2013 sta\u0142 bowiem w tle jednej z bram do getta i z racji tego znalaz\u0142 si\u0119 na wielu niemieckich zdj\u0119ciach robionych w tej okolicy. [&hellip;]<\/p>\n","protected":false},"author":6,"featured_media":24797,"comment_status":"open","ping_status":"open","sticky":false,"template":"","format":"standard","meta":{"footnotes":""},"categories":[4,208],"tags":[],"class_list":{"0":"post-19719","1":"post","2":"type-post","3":"status-publish","4":"format-standard","5":"has-post-thumbnail","7":"category-warszawa","8":"category-zelazna"},"_links":{"self":[{"href":"http:\/\/lapidarium.fundacja-hereditas.pl\/index.php\/wp-json\/wp\/v2\/posts\/19719","targetHints":{"allow":["GET"]}}],"collection":[{"href":"http:\/\/lapidarium.fundacja-hereditas.pl\/index.php\/wp-json\/wp\/v2\/posts"}],"about":[{"href":"http:\/\/lapidarium.fundacja-hereditas.pl\/index.php\/wp-json\/wp\/v2\/types\/post"}],"author":[{"embeddable":true,"href":"http:\/\/lapidarium.fundacja-hereditas.pl\/index.php\/wp-json\/wp\/v2\/users\/6"}],"replies":[{"embeddable":true,"href":"http:\/\/lapidarium.fundacja-hereditas.pl\/index.php\/wp-json\/wp\/v2\/comments?post=19719"}],"version-history":[{"count":12,"href":"http:\/\/lapidarium.fundacja-hereditas.pl\/index.php\/wp-json\/wp\/v2\/posts\/19719\/revisions"}],"predecessor-version":[{"id":24802,"href":"http:\/\/lapidarium.fundacja-hereditas.pl\/index.php\/wp-json\/wp\/v2\/posts\/19719\/revisions\/24802"}],"wp:featuredmedia":[{"embeddable":true,"href":"http:\/\/lapidarium.fundacja-hereditas.pl\/index.php\/wp-json\/wp\/v2\/media\/24797"}],"wp:attachment":[{"href":"http:\/\/lapidarium.fundacja-hereditas.pl\/index.php\/wp-json\/wp\/v2\/media?parent=19719"}],"wp:term":[{"taxonomy":"category","embeddable":true,"href":"http:\/\/lapidarium.fundacja-hereditas.pl\/index.php\/wp-json\/wp\/v2\/categories?post=19719"},{"taxonomy":"post_tag","embeddable":true,"href":"http:\/\/lapidarium.fundacja-hereditas.pl\/index.php\/wp-json\/wp\/v2\/tags?post=19719"}],"curies":[{"name":"wp","href":"https:\/\/api.w.org\/{rel}","templated":true}]}}