{"id":19668,"date":"2023-12-31T22:14:48","date_gmt":"2023-12-31T21:14:48","guid":{"rendered":"http:\/\/lapidarium.fundacja-hereditas.pl\/?p=19668"},"modified":"2023-12-31T22:14:50","modified_gmt":"2023-12-31T21:14:50","slug":"kamienica-ul-dabrowskiego-38-warszawa","status":"publish","type":"post","link":"http:\/\/lapidarium.fundacja-hereditas.pl\/index.php\/2023\/12\/31\/kamienica-ul-dabrowskiego-38-warszawa\/","title":{"rendered":"Kamienica ul. D\u0105browskiego 38, Warszawa"},"content":{"rendered":"\n<p>Obiekt powsta\u0142 z du\u017cym prawdopodobie\u0144stwem w latach 20. XX w., a ju\u017c na pewno przed rokiem 1935. Mo\u017cna tak za\u0142o\u017cy\u0107 analizuj\u0105c wyst\u00f3j elewacji. Ta oduliczna wpisuje si\u0119 w tzw. styl dworkowy preferuj\u0105cy historyzuj\u0105ce, nieco zgeometryzowane pod wp\u0142ywem nurtu art. Deco, formy, nawi\u0105zuj\u0105ce z grubsza do naszych rodzimych wzorc\u00f3w. St\u0105d by\u0107 mo\u017ce fasada tego konkretnie obiektu niew\u0105tpliwie kojarzy si\u0119 z przero\u015bni\u0119tym dworkiem szlacheckim. podobnie jest od strony podw\u00f3rza, zamienionego obecnie na ca\u0142kiem zaciszny, przyjemny ogr\u00f3d. Intymno\u015bci sprzyja \u015blepa \u015bciana pobliskiej oficyny. Takie rozwi\u0105zanie (obiekt s\u0105siada w ostrej granicy) zazwyczaj krytykowane, tu sprawdza si\u0119 znakomicie. Elewacja od tej strony te\u017c pobrzmiewa histori\u0105, z tym tylko \u017ce przywodzi na my\u015bl nie prowincjonaln\u0105 siedzib\u0119 szlacheck\u0105, a raczej budowl\u0119 obronn\u0105 (brak okien w przyziemiu, wysoki cok\u00f3\u0142, klatka ukryta w dobud\u00f3wce stylizowanej na star\u0105 wie\u017c\u0119, itd.). Warto zauwa\u017cy\u0107 i\u017c od strony podw\u00f3rza wida\u0107 wyra\u017ane zwi\u0105zki z posesj\u0105 s\u0105siedni\u0105, od wschodniej strony, pod n-erm 36. Takie same s\u0105, gzymsy, \u201ewie\u017ce\u201d klatek schodowych, czy tr\u00f3jdzielne okna; \u015bwiadczy to znacz\u0105co o tym samym inwestorze, albo\/i tym samym projektancie obu obiekt\u00f3w. Wewn\u0105trz (na klatce) zachowa\u0142o si\u0119 sporo oryginalnych element\u00f3w wystroju, takich jak: schody z &nbsp;balustrad\u0105, posadzki czy drzwi do lokali mieszkalnych. W przypadku wystroju wn\u0119trz widzimy tu wi\u0119kszy powiew nowoczesno\u015bci i otwarcia na nowe style \u2013 przede wszystkim na modernizm, ni\u017c w przypadku elewacji.<\/p>\n\n\n\n<figure class=\"wp-block-gallery has-nested-images columns-default is-cropped wp-block-gallery-1 is-layout-flex wp-block-gallery-is-layout-flex\">\n<figure class=\"wp-block-image size-large\"><a href=\"http:\/\/lapidarium.fundacja-hereditas.pl\/wp-content\/uploads\/2023\/12\/D_Komorniczak_Warszawa_Dabrowskiego_38_fasada_DSC5433-scaled.jpg\"><img loading=\"lazy\" decoding=\"async\" width=\"1024\" height=\"975\" data-id=\"19415\" src=\"http:\/\/lapidarium.fundacja-hereditas.pl\/wp-content\/uploads\/2023\/12\/D_Komorniczak_Warszawa_Dabrowskiego_38_fasada_DSC5433-1024x975.jpg\" alt=\"\" class=\"wp-image-19415\" srcset=\"http:\/\/lapidarium.fundacja-hereditas.pl\/wp-content\/uploads\/2023\/12\/D_Komorniczak_Warszawa_Dabrowskiego_38_fasada_DSC5433-1024x975.jpg 1024w, http:\/\/lapidarium.fundacja-hereditas.pl\/wp-content\/uploads\/2023\/12\/D_Komorniczak_Warszawa_Dabrowskiego_38_fasada_DSC5433-300x286.jpg 300w, http:\/\/lapidarium.fundacja-hereditas.pl\/wp-content\/uploads\/2023\/12\/D_Komorniczak_Warszawa_Dabrowskiego_38_fasada_DSC5433-768x731.jpg 768w, http:\/\/lapidarium.fundacja-hereditas.pl\/wp-content\/uploads\/2023\/12\/D_Komorniczak_Warszawa_Dabrowskiego_38_fasada_DSC5433-1536x1463.jpg 1536w, http:\/\/lapidarium.fundacja-hereditas.pl\/wp-content\/uploads\/2023\/12\/D_Komorniczak_Warszawa_Dabrowskiego_38_fasada_DSC5433-2048x1950.jpg 2048w, http:\/\/lapidarium.fundacja-hereditas.pl\/wp-content\/uploads\/2023\/12\/D_Komorniczak_Warszawa_Dabrowskiego_38_fasada_DSC5433-150x143.jpg 150w, http:\/\/lapidarium.fundacja-hereditas.pl\/wp-content\/uploads\/2023\/12\/D_Komorniczak_Warszawa_Dabrowskiego_38_fasada_DSC5433-696x663.jpg 696w, http:\/\/lapidarium.fundacja-hereditas.pl\/wp-content\/uploads\/2023\/12\/D_Komorniczak_Warszawa_Dabrowskiego_38_fasada_DSC5433-1068x1017.jpg 1068w, http:\/\/lapidarium.fundacja-hereditas.pl\/wp-content\/uploads\/2023\/12\/D_Komorniczak_Warszawa_Dabrowskiego_38_fasada_DSC5433-1920x1828.jpg 1920w\" sizes=\"auto, (max-width: 1024px) 100vw, 1024px\" \/><\/a><figcaption class=\"wp-element-caption\">Elewacja oduliczna. Widok og\u00f3lny. Fot. Dagmara Komorniczak. 2023 r., \u017ar\u00f3d\u0142o: Studeo et Conservo XVII.<\/figcaption><\/figure>\n\n\n\n<figure class=\"wp-block-image size-large\"><a href=\"http:\/\/lapidarium.fundacja-hereditas.pl\/wp-content\/uploads\/2023\/12\/A_Koszewska_Warszawa_Dabrowskiego_38_elewacja_od_ulicy_portyk-scaled.jpg\"><img loading=\"lazy\" decoding=\"async\" width=\"1024\" height=\"622\" data-id=\"19413\" src=\"http:\/\/lapidarium.fundacja-hereditas.pl\/wp-content\/uploads\/2023\/12\/A_Koszewska_Warszawa_Dabrowskiego_38_elewacja_od_ulicy_portyk-1024x622.jpg\" alt=\"\" class=\"wp-image-19413\" srcset=\"http:\/\/lapidarium.fundacja-hereditas.pl\/wp-content\/uploads\/2023\/12\/A_Koszewska_Warszawa_Dabrowskiego_38_elewacja_od_ulicy_portyk-1024x622.jpg 1024w, http:\/\/lapidarium.fundacja-hereditas.pl\/wp-content\/uploads\/2023\/12\/A_Koszewska_Warszawa_Dabrowskiego_38_elewacja_od_ulicy_portyk-300x182.jpg 300w, http:\/\/lapidarium.fundacja-hereditas.pl\/wp-content\/uploads\/2023\/12\/A_Koszewska_Warszawa_Dabrowskiego_38_elewacja_od_ulicy_portyk-768x467.jpg 768w, http:\/\/lapidarium.fundacja-hereditas.pl\/wp-content\/uploads\/2023\/12\/A_Koszewska_Warszawa_Dabrowskiego_38_elewacja_od_ulicy_portyk-1536x934.jpg 1536w, http:\/\/lapidarium.fundacja-hereditas.pl\/wp-content\/uploads\/2023\/12\/A_Koszewska_Warszawa_Dabrowskiego_38_elewacja_od_ulicy_portyk-2048x1245.jpg 2048w, http:\/\/lapidarium.fundacja-hereditas.pl\/wp-content\/uploads\/2023\/12\/A_Koszewska_Warszawa_Dabrowskiego_38_elewacja_od_ulicy_portyk-150x91.jpg 150w, http:\/\/lapidarium.fundacja-hereditas.pl\/wp-content\/uploads\/2023\/12\/A_Koszewska_Warszawa_Dabrowskiego_38_elewacja_od_ulicy_portyk-696x423.jpg 696w, http:\/\/lapidarium.fundacja-hereditas.pl\/wp-content\/uploads\/2023\/12\/A_Koszewska_Warszawa_Dabrowskiego_38_elewacja_od_ulicy_portyk-1068x649.jpg 1068w, http:\/\/lapidarium.fundacja-hereditas.pl\/wp-content\/uploads\/2023\/12\/A_Koszewska_Warszawa_Dabrowskiego_38_elewacja_od_ulicy_portyk-1920x1167.jpg 1920w\" sizes=\"auto, (max-width: 1024px) 100vw, 1024px\" \/><\/a><figcaption class=\"wp-element-caption\">Elewacja oduliczna. Facjata wkomponowana tympanon. Fot. Aleksandra Koszewska. 2023 r., \u017ar\u00f3d\u0142o: Studeo et Conservo XVII.<\/figcaption><\/figure>\n\n\n\n<figure class=\"wp-block-image size-large\"><a href=\"http:\/\/lapidarium.fundacja-hereditas.pl\/wp-content\/uploads\/2023\/12\/D_Komorniczak_Warszawa_Dabrowskiego_38_fasada_podbalkonie_DSC5436-scaled.jpg\"><img loading=\"lazy\" decoding=\"async\" width=\"1024\" height=\"666\" data-id=\"19416\" src=\"http:\/\/lapidarium.fundacja-hereditas.pl\/wp-content\/uploads\/2023\/12\/D_Komorniczak_Warszawa_Dabrowskiego_38_fasada_podbalkonie_DSC5436-1024x666.jpg\" alt=\"\" class=\"wp-image-19416\" srcset=\"http:\/\/lapidarium.fundacja-hereditas.pl\/wp-content\/uploads\/2023\/12\/D_Komorniczak_Warszawa_Dabrowskiego_38_fasada_podbalkonie_DSC5436-1024x666.jpg 1024w, http:\/\/lapidarium.fundacja-hereditas.pl\/wp-content\/uploads\/2023\/12\/D_Komorniczak_Warszawa_Dabrowskiego_38_fasada_podbalkonie_DSC5436-300x195.jpg 300w, http:\/\/lapidarium.fundacja-hereditas.pl\/wp-content\/uploads\/2023\/12\/D_Komorniczak_Warszawa_Dabrowskiego_38_fasada_podbalkonie_DSC5436-768x500.jpg 768w, http:\/\/lapidarium.fundacja-hereditas.pl\/wp-content\/uploads\/2023\/12\/D_Komorniczak_Warszawa_Dabrowskiego_38_fasada_podbalkonie_DSC5436-1536x1000.jpg 1536w, http:\/\/lapidarium.fundacja-hereditas.pl\/wp-content\/uploads\/2023\/12\/D_Komorniczak_Warszawa_Dabrowskiego_38_fasada_podbalkonie_DSC5436-2048x1333.jpg 2048w, http:\/\/lapidarium.fundacja-hereditas.pl\/wp-content\/uploads\/2023\/12\/D_Komorniczak_Warszawa_Dabrowskiego_38_fasada_podbalkonie_DSC5436-150x98.jpg 150w, http:\/\/lapidarium.fundacja-hereditas.pl\/wp-content\/uploads\/2023\/12\/D_Komorniczak_Warszawa_Dabrowskiego_38_fasada_podbalkonie_DSC5436-696x453.jpg 696w, http:\/\/lapidarium.fundacja-hereditas.pl\/wp-content\/uploads\/2023\/12\/D_Komorniczak_Warszawa_Dabrowskiego_38_fasada_podbalkonie_DSC5436-1068x695.jpg 1068w, http:\/\/lapidarium.fundacja-hereditas.pl\/wp-content\/uploads\/2023\/12\/D_Komorniczak_Warszawa_Dabrowskiego_38_fasada_podbalkonie_DSC5436-1920x1250.jpg 1920w\" sizes=\"auto, (max-width: 1024px) 100vw, 1024px\" \/><\/a><figcaption class=\"wp-element-caption\">Elewacja oduliczna. Podniebienie balkonu w centralnej cz\u0119\u015bci fasady.  Fot. Dagmara Komorniczak. 2023 r., \u017ar\u00f3d\u0142o: Studeo et Conservo XVII.<\/figcaption><\/figure>\n\n\n\n<figure class=\"wp-block-image size-large\"><a href=\"http:\/\/lapidarium.fundacja-hereditas.pl\/wp-content\/uploads\/2023\/12\/Magdalena_Zaremba_Warszawa_Dabrowskiego_38_Elewacja_Strona_Poludniowa_Kondygnacja_3_Balkon-scaled.jpg\"><img loading=\"lazy\" decoding=\"async\" width=\"1024\" height=\"773\" data-id=\"19419\" src=\"http:\/\/lapidarium.fundacja-hereditas.pl\/wp-content\/uploads\/2023\/12\/Magdalena_Zaremba_Warszawa_Dabrowskiego_38_Elewacja_Strona_Poludniowa_Kondygnacja_3_Balkon-1024x773.jpg\" alt=\"\" class=\"wp-image-19419\" srcset=\"http:\/\/lapidarium.fundacja-hereditas.pl\/wp-content\/uploads\/2023\/12\/Magdalena_Zaremba_Warszawa_Dabrowskiego_38_Elewacja_Strona_Poludniowa_Kondygnacja_3_Balkon-1024x773.jpg 1024w, http:\/\/lapidarium.fundacja-hereditas.pl\/wp-content\/uploads\/2023\/12\/Magdalena_Zaremba_Warszawa_Dabrowskiego_38_Elewacja_Strona_Poludniowa_Kondygnacja_3_Balkon-300x226.jpg 300w, http:\/\/lapidarium.fundacja-hereditas.pl\/wp-content\/uploads\/2023\/12\/Magdalena_Zaremba_Warszawa_Dabrowskiego_38_Elewacja_Strona_Poludniowa_Kondygnacja_3_Balkon-768x580.jpg 768w, http:\/\/lapidarium.fundacja-hereditas.pl\/wp-content\/uploads\/2023\/12\/Magdalena_Zaremba_Warszawa_Dabrowskiego_38_Elewacja_Strona_Poludniowa_Kondygnacja_3_Balkon-1536x1159.jpg 1536w, http:\/\/lapidarium.fundacja-hereditas.pl\/wp-content\/uploads\/2023\/12\/Magdalena_Zaremba_Warszawa_Dabrowskiego_38_Elewacja_Strona_Poludniowa_Kondygnacja_3_Balkon-2048x1546.jpg 2048w, http:\/\/lapidarium.fundacja-hereditas.pl\/wp-content\/uploads\/2023\/12\/Magdalena_Zaremba_Warszawa_Dabrowskiego_38_Elewacja_Strona_Poludniowa_Kondygnacja_3_Balkon-150x113.jpg 150w, http:\/\/lapidarium.fundacja-hereditas.pl\/wp-content\/uploads\/2023\/12\/Magdalena_Zaremba_Warszawa_Dabrowskiego_38_Elewacja_Strona_Poludniowa_Kondygnacja_3_Balkon-696x525.jpg 696w, http:\/\/lapidarium.fundacja-hereditas.pl\/wp-content\/uploads\/2023\/12\/Magdalena_Zaremba_Warszawa_Dabrowskiego_38_Elewacja_Strona_Poludniowa_Kondygnacja_3_Balkon-1068x806.jpg 1068w, http:\/\/lapidarium.fundacja-hereditas.pl\/wp-content\/uploads\/2023\/12\/Magdalena_Zaremba_Warszawa_Dabrowskiego_38_Elewacja_Strona_Poludniowa_Kondygnacja_3_Balkon-1920x1449.jpg 1920w\" sizes=\"auto, (max-width: 1024px) 100vw, 1024px\" \/><\/a><figcaption class=\"wp-element-caption\">Elewacja oduliczna. Balustrada balkonu. Fot. Magdalena Zaremba. 2023 r., \u017ar\u00f3d\u0142o: Studeo et Conservo XVII.<\/figcaption><\/figure>\n\n\n\n<figure class=\"wp-block-image size-large\"><a href=\"http:\/\/lapidarium.fundacja-hereditas.pl\/wp-content\/uploads\/2023\/12\/A_Koszewska_Warszawa_Dabrowskiego_38_elewacja_od_ulicy_I_i_II_pietro-scaled.jpg\"><img loading=\"lazy\" decoding=\"async\" width=\"773\" height=\"1024\" data-id=\"19411\" src=\"http:\/\/lapidarium.fundacja-hereditas.pl\/wp-content\/uploads\/2023\/12\/A_Koszewska_Warszawa_Dabrowskiego_38_elewacja_od_ulicy_I_i_II_pietro-773x1024.jpg\" alt=\"\" class=\"wp-image-19411\" srcset=\"http:\/\/lapidarium.fundacja-hereditas.pl\/wp-content\/uploads\/2023\/12\/A_Koszewska_Warszawa_Dabrowskiego_38_elewacja_od_ulicy_I_i_II_pietro-773x1024.jpg 773w, http:\/\/lapidarium.fundacja-hereditas.pl\/wp-content\/uploads\/2023\/12\/A_Koszewska_Warszawa_Dabrowskiego_38_elewacja_od_ulicy_I_i_II_pietro-227x300.jpg 227w, http:\/\/lapidarium.fundacja-hereditas.pl\/wp-content\/uploads\/2023\/12\/A_Koszewska_Warszawa_Dabrowskiego_38_elewacja_od_ulicy_I_i_II_pietro-768x1017.jpg 768w, http:\/\/lapidarium.fundacja-hereditas.pl\/wp-content\/uploads\/2023\/12\/A_Koszewska_Warszawa_Dabrowskiego_38_elewacja_od_ulicy_I_i_II_pietro-1160x1536.jpg 1160w, http:\/\/lapidarium.fundacja-hereditas.pl\/wp-content\/uploads\/2023\/12\/A_Koszewska_Warszawa_Dabrowskiego_38_elewacja_od_ulicy_I_i_II_pietro-1547x2048.jpg 1547w, http:\/\/lapidarium.fundacja-hereditas.pl\/wp-content\/uploads\/2023\/12\/A_Koszewska_Warszawa_Dabrowskiego_38_elewacja_od_ulicy_I_i_II_pietro-150x199.jpg 150w, http:\/\/lapidarium.fundacja-hereditas.pl\/wp-content\/uploads\/2023\/12\/A_Koszewska_Warszawa_Dabrowskiego_38_elewacja_od_ulicy_I_i_II_pietro-300x397.jpg 300w, http:\/\/lapidarium.fundacja-hereditas.pl\/wp-content\/uploads\/2023\/12\/A_Koszewska_Warszawa_Dabrowskiego_38_elewacja_od_ulicy_I_i_II_pietro-696x922.jpg 696w, http:\/\/lapidarium.fundacja-hereditas.pl\/wp-content\/uploads\/2023\/12\/A_Koszewska_Warszawa_Dabrowskiego_38_elewacja_od_ulicy_I_i_II_pietro-1068x1414.jpg 1068w, http:\/\/lapidarium.fundacja-hereditas.pl\/wp-content\/uploads\/2023\/12\/A_Koszewska_Warszawa_Dabrowskiego_38_elewacja_od_ulicy_I_i_II_pietro-1920x2542.jpg 1920w, http:\/\/lapidarium.fundacja-hereditas.pl\/wp-content\/uploads\/2023\/12\/A_Koszewska_Warszawa_Dabrowskiego_38_elewacja_od_ulicy_I_i_II_pietro-scaled.jpg 1933w\" sizes=\"auto, (max-width: 773px) 100vw, 773px\" \/><\/a><figcaption class=\"wp-element-caption\">Elewacja oduliczna. Pilaster. Fot. Aleksandra Koszewska. 2023 r., \u017ar\u00f3d\u0142o: Studeo et Conservo XVII.<\/figcaption><\/figure>\n\n\n\n<figure class=\"wp-block-image size-large\"><a href=\"http:\/\/lapidarium.fundacja-hereditas.pl\/wp-content\/uploads\/2023\/12\/A_Koszewska_Warszawa_Dabrowskiego_38_elewacja_od_ulicy-scaled.jpg\"><img loading=\"lazy\" decoding=\"async\" width=\"660\" height=\"1024\" data-id=\"19410\" src=\"http:\/\/lapidarium.fundacja-hereditas.pl\/wp-content\/uploads\/2023\/12\/A_Koszewska_Warszawa_Dabrowskiego_38_elewacja_od_ulicy-660x1024.jpg\" alt=\"\" class=\"wp-image-19410\" srcset=\"http:\/\/lapidarium.fundacja-hereditas.pl\/wp-content\/uploads\/2023\/12\/A_Koszewska_Warszawa_Dabrowskiego_38_elewacja_od_ulicy-660x1024.jpg 660w, http:\/\/lapidarium.fundacja-hereditas.pl\/wp-content\/uploads\/2023\/12\/A_Koszewska_Warszawa_Dabrowskiego_38_elewacja_od_ulicy-193x300.jpg 193w, http:\/\/lapidarium.fundacja-hereditas.pl\/wp-content\/uploads\/2023\/12\/A_Koszewska_Warszawa_Dabrowskiego_38_elewacja_od_ulicy-768x1191.jpg 768w, http:\/\/lapidarium.fundacja-hereditas.pl\/wp-content\/uploads\/2023\/12\/A_Koszewska_Warszawa_Dabrowskiego_38_elewacja_od_ulicy-990x1536.jpg 990w, http:\/\/lapidarium.fundacja-hereditas.pl\/wp-content\/uploads\/2023\/12\/A_Koszewska_Warszawa_Dabrowskiego_38_elewacja_od_ulicy-1320x2048.jpg 1320w, http:\/\/lapidarium.fundacja-hereditas.pl\/wp-content\/uploads\/2023\/12\/A_Koszewska_Warszawa_Dabrowskiego_38_elewacja_od_ulicy-150x233.jpg 150w, http:\/\/lapidarium.fundacja-hereditas.pl\/wp-content\/uploads\/2023\/12\/A_Koszewska_Warszawa_Dabrowskiego_38_elewacja_od_ulicy-300x465.jpg 300w, http:\/\/lapidarium.fundacja-hereditas.pl\/wp-content\/uploads\/2023\/12\/A_Koszewska_Warszawa_Dabrowskiego_38_elewacja_od_ulicy-696x1080.jpg 696w, http:\/\/lapidarium.fundacja-hereditas.pl\/wp-content\/uploads\/2023\/12\/A_Koszewska_Warszawa_Dabrowskiego_38_elewacja_od_ulicy-1068x1657.jpg 1068w, http:\/\/lapidarium.fundacja-hereditas.pl\/wp-content\/uploads\/2023\/12\/A_Koszewska_Warszawa_Dabrowskiego_38_elewacja_od_ulicy-1920x2979.jpg 1920w, http:\/\/lapidarium.fundacja-hereditas.pl\/wp-content\/uploads\/2023\/12\/A_Koszewska_Warszawa_Dabrowskiego_38_elewacja_od_ulicy-scaled.jpg 1650w\" sizes=\"auto, (max-width: 660px) 100vw, 660px\" \/><\/a><figcaption class=\"wp-element-caption\">Elewacja oduliczna. Pilaster i zachodnia partia budynku. Fot. Aleksandra Koszewska. 2023 r., \u017ar\u00f3d\u0142o: Studeo et Conservo XVII.<\/figcaption><\/figure>\n\n\n\n<figure class=\"wp-block-image size-large\"><a href=\"http:\/\/lapidarium.fundacja-hereditas.pl\/wp-content\/uploads\/2023\/12\/A_Koszewska_Warszawa_Dabrowskiego_38_elewacja_od_ulicy_okno_I_pietro-scaled.jpg\"><img loading=\"lazy\" decoding=\"async\" width=\"733\" height=\"1024\" data-id=\"19412\" src=\"http:\/\/lapidarium.fundacja-hereditas.pl\/wp-content\/uploads\/2023\/12\/A_Koszewska_Warszawa_Dabrowskiego_38_elewacja_od_ulicy_okno_I_pietro-733x1024.jpg\" alt=\"\" class=\"wp-image-19412\" srcset=\"http:\/\/lapidarium.fundacja-hereditas.pl\/wp-content\/uploads\/2023\/12\/A_Koszewska_Warszawa_Dabrowskiego_38_elewacja_od_ulicy_okno_I_pietro-733x1024.jpg 733w, http:\/\/lapidarium.fundacja-hereditas.pl\/wp-content\/uploads\/2023\/12\/A_Koszewska_Warszawa_Dabrowskiego_38_elewacja_od_ulicy_okno_I_pietro-215x300.jpg 215w, http:\/\/lapidarium.fundacja-hereditas.pl\/wp-content\/uploads\/2023\/12\/A_Koszewska_Warszawa_Dabrowskiego_38_elewacja_od_ulicy_okno_I_pietro-768x1072.jpg 768w, http:\/\/lapidarium.fundacja-hereditas.pl\/wp-content\/uploads\/2023\/12\/A_Koszewska_Warszawa_Dabrowskiego_38_elewacja_od_ulicy_okno_I_pietro-1100x1536.jpg 1100w, http:\/\/lapidarium.fundacja-hereditas.pl\/wp-content\/uploads\/2023\/12\/A_Koszewska_Warszawa_Dabrowskiego_38_elewacja_od_ulicy_okno_I_pietro-1467x2048.jpg 1467w, http:\/\/lapidarium.fundacja-hereditas.pl\/wp-content\/uploads\/2023\/12\/A_Koszewska_Warszawa_Dabrowskiego_38_elewacja_od_ulicy_okno_I_pietro-150x209.jpg 150w, http:\/\/lapidarium.fundacja-hereditas.pl\/wp-content\/uploads\/2023\/12\/A_Koszewska_Warszawa_Dabrowskiego_38_elewacja_od_ulicy_okno_I_pietro-300x419.jpg 300w, http:\/\/lapidarium.fundacja-hereditas.pl\/wp-content\/uploads\/2023\/12\/A_Koszewska_Warszawa_Dabrowskiego_38_elewacja_od_ulicy_okno_I_pietro-696x972.jpg 696w, http:\/\/lapidarium.fundacja-hereditas.pl\/wp-content\/uploads\/2023\/12\/A_Koszewska_Warszawa_Dabrowskiego_38_elewacja_od_ulicy_okno_I_pietro-1068x1491.jpg 1068w, http:\/\/lapidarium.fundacja-hereditas.pl\/wp-content\/uploads\/2023\/12\/A_Koszewska_Warszawa_Dabrowskiego_38_elewacja_od_ulicy_okno_I_pietro-1920x2681.jpg 1920w, http:\/\/lapidarium.fundacja-hereditas.pl\/wp-content\/uploads\/2023\/12\/A_Koszewska_Warszawa_Dabrowskiego_38_elewacja_od_ulicy_okno_I_pietro-scaled.jpg 1834w\" sizes=\"auto, (max-width: 733px) 100vw, 733px\" \/><\/a><figcaption class=\"wp-element-caption\">Elewacja oduliczna. Okno wysokiego parteru, pod kt\u00f3rym: imaki na donice. Fot. Aleksandra Koszewska. 2023 r., \u017ar\u00f3d\u0142o: Studeo et Conservo XVII.<\/figcaption><\/figure>\n\n\n\n<figure class=\"wp-block-image size-large\"><a href=\"http:\/\/lapidarium.fundacja-hereditas.pl\/wp-content\/uploads\/2023\/12\/Magdalena_Zaremba_Warszawa_Dabrowskiego_38_Elewacja_Strona_Poludniowa_Otwory_Okienne_Kondygnacja_2_3-scaled.jpg\"><img loading=\"lazy\" decoding=\"async\" width=\"757\" height=\"1024\" data-id=\"19420\" src=\"http:\/\/lapidarium.fundacja-hereditas.pl\/wp-content\/uploads\/2023\/12\/Magdalena_Zaremba_Warszawa_Dabrowskiego_38_Elewacja_Strona_Poludniowa_Otwory_Okienne_Kondygnacja_2_3-757x1024.jpg\" alt=\"\" class=\"wp-image-19420\" srcset=\"http:\/\/lapidarium.fundacja-hereditas.pl\/wp-content\/uploads\/2023\/12\/Magdalena_Zaremba_Warszawa_Dabrowskiego_38_Elewacja_Strona_Poludniowa_Otwory_Okienne_Kondygnacja_2_3-757x1024.jpg 757w, http:\/\/lapidarium.fundacja-hereditas.pl\/wp-content\/uploads\/2023\/12\/Magdalena_Zaremba_Warszawa_Dabrowskiego_38_Elewacja_Strona_Poludniowa_Otwory_Okienne_Kondygnacja_2_3-222x300.jpg 222w, http:\/\/lapidarium.fundacja-hereditas.pl\/wp-content\/uploads\/2023\/12\/Magdalena_Zaremba_Warszawa_Dabrowskiego_38_Elewacja_Strona_Poludniowa_Otwory_Okienne_Kondygnacja_2_3-768x1039.jpg 768w, http:\/\/lapidarium.fundacja-hereditas.pl\/wp-content\/uploads\/2023\/12\/Magdalena_Zaremba_Warszawa_Dabrowskiego_38_Elewacja_Strona_Poludniowa_Otwory_Okienne_Kondygnacja_2_3-1135x1536.jpg 1135w, http:\/\/lapidarium.fundacja-hereditas.pl\/wp-content\/uploads\/2023\/12\/Magdalena_Zaremba_Warszawa_Dabrowskiego_38_Elewacja_Strona_Poludniowa_Otwory_Okienne_Kondygnacja_2_3-1513x2048.jpg 1513w, http:\/\/lapidarium.fundacja-hereditas.pl\/wp-content\/uploads\/2023\/12\/Magdalena_Zaremba_Warszawa_Dabrowskiego_38_Elewacja_Strona_Poludniowa_Otwory_Okienne_Kondygnacja_2_3-150x203.jpg 150w, http:\/\/lapidarium.fundacja-hereditas.pl\/wp-content\/uploads\/2023\/12\/Magdalena_Zaremba_Warszawa_Dabrowskiego_38_Elewacja_Strona_Poludniowa_Otwory_Okienne_Kondygnacja_2_3-300x406.jpg 300w, http:\/\/lapidarium.fundacja-hereditas.pl\/wp-content\/uploads\/2023\/12\/Magdalena_Zaremba_Warszawa_Dabrowskiego_38_Elewacja_Strona_Poludniowa_Otwory_Okienne_Kondygnacja_2_3-696x942.jpg 696w, http:\/\/lapidarium.fundacja-hereditas.pl\/wp-content\/uploads\/2023\/12\/Magdalena_Zaremba_Warszawa_Dabrowskiego_38_Elewacja_Strona_Poludniowa_Otwory_Okienne_Kondygnacja_2_3-1068x1445.jpg 1068w, http:\/\/lapidarium.fundacja-hereditas.pl\/wp-content\/uploads\/2023\/12\/Magdalena_Zaremba_Warszawa_Dabrowskiego_38_Elewacja_Strona_Poludniowa_Otwory_Okienne_Kondygnacja_2_3-1920x2599.jpg 1920w, http:\/\/lapidarium.fundacja-hereditas.pl\/wp-content\/uploads\/2023\/12\/Magdalena_Zaremba_Warszawa_Dabrowskiego_38_Elewacja_Strona_Poludniowa_Otwory_Okienne_Kondygnacja_2_3-scaled.jpg 1891w\" sizes=\"auto, (max-width: 757px) 100vw, 757px\" \/><\/a><figcaption class=\"wp-element-caption\">Elewacja oduliczna. Pilaster i zachodnia partia budynku. Fot. Magdalena Zaremba. 2023 r., \u017ar\u00f3d\u0142o: Studeo et Conservo XVII.<\/figcaption><\/figure>\n\n\n\n<figure class=\"wp-block-image size-large\"><a href=\"http:\/\/lapidarium.fundacja-hereditas.pl\/wp-content\/uploads\/2023\/12\/D_Komorniczak_Warszawa_Dabrowskiego_38_wejscie_bramne_okna_DSC5431-scaled.jpg\"><img loading=\"lazy\" decoding=\"async\" width=\"737\" height=\"1024\" data-id=\"19418\" src=\"http:\/\/lapidarium.fundacja-hereditas.pl\/wp-content\/uploads\/2023\/12\/D_Komorniczak_Warszawa_Dabrowskiego_38_wejscie_bramne_okna_DSC5431-737x1024.jpg\" alt=\"\" class=\"wp-image-19418\" srcset=\"http:\/\/lapidarium.fundacja-hereditas.pl\/wp-content\/uploads\/2023\/12\/D_Komorniczak_Warszawa_Dabrowskiego_38_wejscie_bramne_okna_DSC5431-737x1024.jpg 737w, http:\/\/lapidarium.fundacja-hereditas.pl\/wp-content\/uploads\/2023\/12\/D_Komorniczak_Warszawa_Dabrowskiego_38_wejscie_bramne_okna_DSC5431-216x300.jpg 216w, http:\/\/lapidarium.fundacja-hereditas.pl\/wp-content\/uploads\/2023\/12\/D_Komorniczak_Warszawa_Dabrowskiego_38_wejscie_bramne_okna_DSC5431-768x1067.jpg 768w, http:\/\/lapidarium.fundacja-hereditas.pl\/wp-content\/uploads\/2023\/12\/D_Komorniczak_Warszawa_Dabrowskiego_38_wejscie_bramne_okna_DSC5431-1106x1536.jpg 1106w, http:\/\/lapidarium.fundacja-hereditas.pl\/wp-content\/uploads\/2023\/12\/D_Komorniczak_Warszawa_Dabrowskiego_38_wejscie_bramne_okna_DSC5431-1475x2048.jpg 1475w, http:\/\/lapidarium.fundacja-hereditas.pl\/wp-content\/uploads\/2023\/12\/D_Komorniczak_Warszawa_Dabrowskiego_38_wejscie_bramne_okna_DSC5431-150x208.jpg 150w, http:\/\/lapidarium.fundacja-hereditas.pl\/wp-content\/uploads\/2023\/12\/D_Komorniczak_Warszawa_Dabrowskiego_38_wejscie_bramne_okna_DSC5431-300x417.jpg 300w, http:\/\/lapidarium.fundacja-hereditas.pl\/wp-content\/uploads\/2023\/12\/D_Komorniczak_Warszawa_Dabrowskiego_38_wejscie_bramne_okna_DSC5431-696x967.jpg 696w, http:\/\/lapidarium.fundacja-hereditas.pl\/wp-content\/uploads\/2023\/12\/D_Komorniczak_Warszawa_Dabrowskiego_38_wejscie_bramne_okna_DSC5431-1068x1483.jpg 1068w, http:\/\/lapidarium.fundacja-hereditas.pl\/wp-content\/uploads\/2023\/12\/D_Komorniczak_Warszawa_Dabrowskiego_38_wejscie_bramne_okna_DSC5431-1920x2666.jpg 1920w, http:\/\/lapidarium.fundacja-hereditas.pl\/wp-content\/uploads\/2023\/12\/D_Komorniczak_Warszawa_Dabrowskiego_38_wejscie_bramne_okna_DSC5431-scaled.jpg 1843w\" sizes=\"auto, (max-width: 737px) 100vw, 737px\" \/><\/a><figcaption class=\"wp-element-caption\">Elewacja oduliczna. Wschodnia partia budynku &#8211; nad przejazdem bramnym.  Fot. Dagmara Komorniczak. 2023 r., \u017ar\u00f3d\u0142o: Studeo et Conservo XVII.<\/figcaption><\/figure>\n\n\n\n<figure class=\"wp-block-image size-large\"><a href=\"http:\/\/lapidarium.fundacja-hereditas.pl\/wp-content\/uploads\/2023\/12\/D_Komorniczak_Warszawa_Dabrowskiego_38_wejscie_bramne_DSC5430-scaled.jpg\"><img loading=\"lazy\" decoding=\"async\" width=\"692\" height=\"1024\" data-id=\"19417\" src=\"http:\/\/lapidarium.fundacja-hereditas.pl\/wp-content\/uploads\/2023\/12\/D_Komorniczak_Warszawa_Dabrowskiego_38_wejscie_bramne_DSC5430-692x1024.jpg\" alt=\"\" class=\"wp-image-19417\" srcset=\"http:\/\/lapidarium.fundacja-hereditas.pl\/wp-content\/uploads\/2023\/12\/D_Komorniczak_Warszawa_Dabrowskiego_38_wejscie_bramne_DSC5430-692x1024.jpg 692w, http:\/\/lapidarium.fundacja-hereditas.pl\/wp-content\/uploads\/2023\/12\/D_Komorniczak_Warszawa_Dabrowskiego_38_wejscie_bramne_DSC5430-203x300.jpg 203w, http:\/\/lapidarium.fundacja-hereditas.pl\/wp-content\/uploads\/2023\/12\/D_Komorniczak_Warszawa_Dabrowskiego_38_wejscie_bramne_DSC5430-768x1136.jpg 768w, http:\/\/lapidarium.fundacja-hereditas.pl\/wp-content\/uploads\/2023\/12\/D_Komorniczak_Warszawa_Dabrowskiego_38_wejscie_bramne_DSC5430-1039x1536.jpg 1039w, http:\/\/lapidarium.fundacja-hereditas.pl\/wp-content\/uploads\/2023\/12\/D_Komorniczak_Warszawa_Dabrowskiego_38_wejscie_bramne_DSC5430-1385x2048.jpg 1385w, http:\/\/lapidarium.fundacja-hereditas.pl\/wp-content\/uploads\/2023\/12\/D_Komorniczak_Warszawa_Dabrowskiego_38_wejscie_bramne_DSC5430-150x222.jpg 150w, http:\/\/lapidarium.fundacja-hereditas.pl\/wp-content\/uploads\/2023\/12\/D_Komorniczak_Warszawa_Dabrowskiego_38_wejscie_bramne_DSC5430-300x444.jpg 300w, http:\/\/lapidarium.fundacja-hereditas.pl\/wp-content\/uploads\/2023\/12\/D_Komorniczak_Warszawa_Dabrowskiego_38_wejscie_bramne_DSC5430-696x1029.jpg 696w, http:\/\/lapidarium.fundacja-hereditas.pl\/wp-content\/uploads\/2023\/12\/D_Komorniczak_Warszawa_Dabrowskiego_38_wejscie_bramne_DSC5430-1068x1579.jpg 1068w, http:\/\/lapidarium.fundacja-hereditas.pl\/wp-content\/uploads\/2023\/12\/D_Komorniczak_Warszawa_Dabrowskiego_38_wejscie_bramne_DSC5430-1920x2839.jpg 1920w, http:\/\/lapidarium.fundacja-hereditas.pl\/wp-content\/uploads\/2023\/12\/D_Komorniczak_Warszawa_Dabrowskiego_38_wejscie_bramne_DSC5430-scaled.jpg 1731w\" sizes=\"auto, (max-width: 692px) 100vw, 692px\" \/><\/a><figcaption class=\"wp-element-caption\">Elewacja oduliczna. Przejazd bramny we wschodniej partii budynku.  Fot. Dagmara Komorniczak. 2023 r., \u017ar\u00f3d\u0142o: Studeo et Conservo XVII.<\/figcaption><\/figure>\n\n\n\n<figure class=\"wp-block-image size-large\"><a href=\"http:\/\/lapidarium.fundacja-hereditas.pl\/wp-content\/uploads\/2023\/12\/Magdalena_Zaremba_Warszawa_Dabrowskiego_38_Elewacja_Strona_Poludniowa_Brama_Wjezdna-scaled.jpg\"><img loading=\"lazy\" decoding=\"async\" width=\"770\" height=\"1024\" data-id=\"19409\" src=\"http:\/\/lapidarium.fundacja-hereditas.pl\/wp-content\/uploads\/2023\/12\/Magdalena_Zaremba_Warszawa_Dabrowskiego_38_Elewacja_Strona_Poludniowa_Brama_Wjezdna-770x1024.jpg\" alt=\"\" class=\"wp-image-19409\" srcset=\"http:\/\/lapidarium.fundacja-hereditas.pl\/wp-content\/uploads\/2023\/12\/Magdalena_Zaremba_Warszawa_Dabrowskiego_38_Elewacja_Strona_Poludniowa_Brama_Wjezdna-770x1024.jpg 770w, http:\/\/lapidarium.fundacja-hereditas.pl\/wp-content\/uploads\/2023\/12\/Magdalena_Zaremba_Warszawa_Dabrowskiego_38_Elewacja_Strona_Poludniowa_Brama_Wjezdna-226x300.jpg 226w, http:\/\/lapidarium.fundacja-hereditas.pl\/wp-content\/uploads\/2023\/12\/Magdalena_Zaremba_Warszawa_Dabrowskiego_38_Elewacja_Strona_Poludniowa_Brama_Wjezdna-768x1021.jpg 768w, http:\/\/lapidarium.fundacja-hereditas.pl\/wp-content\/uploads\/2023\/12\/Magdalena_Zaremba_Warszawa_Dabrowskiego_38_Elewacja_Strona_Poludniowa_Brama_Wjezdna-1155x1536.jpg 1155w, http:\/\/lapidarium.fundacja-hereditas.pl\/wp-content\/uploads\/2023\/12\/Magdalena_Zaremba_Warszawa_Dabrowskiego_38_Elewacja_Strona_Poludniowa_Brama_Wjezdna-1541x2048.jpg 1541w, http:\/\/lapidarium.fundacja-hereditas.pl\/wp-content\/uploads\/2023\/12\/Magdalena_Zaremba_Warszawa_Dabrowskiego_38_Elewacja_Strona_Poludniowa_Brama_Wjezdna-150x199.jpg 150w, http:\/\/lapidarium.fundacja-hereditas.pl\/wp-content\/uploads\/2023\/12\/Magdalena_Zaremba_Warszawa_Dabrowskiego_38_Elewacja_Strona_Poludniowa_Brama_Wjezdna-300x399.jpg 300w, http:\/\/lapidarium.fundacja-hereditas.pl\/wp-content\/uploads\/2023\/12\/Magdalena_Zaremba_Warszawa_Dabrowskiego_38_Elewacja_Strona_Poludniowa_Brama_Wjezdna-696x925.jpg 696w, http:\/\/lapidarium.fundacja-hereditas.pl\/wp-content\/uploads\/2023\/12\/Magdalena_Zaremba_Warszawa_Dabrowskiego_38_Elewacja_Strona_Poludniowa_Brama_Wjezdna-1068x1420.jpg 1068w, http:\/\/lapidarium.fundacja-hereditas.pl\/wp-content\/uploads\/2023\/12\/Magdalena_Zaremba_Warszawa_Dabrowskiego_38_Elewacja_Strona_Poludniowa_Brama_Wjezdna-1920x2552.jpg 1920w, http:\/\/lapidarium.fundacja-hereditas.pl\/wp-content\/uploads\/2023\/12\/Magdalena_Zaremba_Warszawa_Dabrowskiego_38_Elewacja_Strona_Poludniowa_Brama_Wjezdna-scaled.jpg 1926w\" sizes=\"auto, (max-width: 770px) 100vw, 770px\" \/><\/a><figcaption class=\"wp-element-caption\">Elewacja oduliczna. Przejazd bramny &#8211; zredukowany do roli pieszego prze\u0142azu. Fot. Magdalena Zaremba. 2023 r., \u017ar\u00f3d\u0142o: Studeo et Conservo XVII.<\/figcaption><\/figure>\n\n\n\n<figure class=\"wp-block-image size-large\"><a href=\"http:\/\/lapidarium.fundacja-hereditas.pl\/wp-content\/uploads\/2023\/12\/Magdalena_Zaremba_Warszawa_Dabrowskiego_38_Brama_Wjezdna_Widkok_na_Strone_Polnocna-scaled.jpg\"><img loading=\"lazy\" decoding=\"async\" width=\"780\" height=\"1024\" data-id=\"19408\" src=\"http:\/\/lapidarium.fundacja-hereditas.pl\/wp-content\/uploads\/2023\/12\/Magdalena_Zaremba_Warszawa_Dabrowskiego_38_Brama_Wjezdna_Widkok_na_Strone_Polnocna-780x1024.jpg\" alt=\"\" class=\"wp-image-19408\" srcset=\"http:\/\/lapidarium.fundacja-hereditas.pl\/wp-content\/uploads\/2023\/12\/Magdalena_Zaremba_Warszawa_Dabrowskiego_38_Brama_Wjezdna_Widkok_na_Strone_Polnocna-780x1024.jpg 780w, http:\/\/lapidarium.fundacja-hereditas.pl\/wp-content\/uploads\/2023\/12\/Magdalena_Zaremba_Warszawa_Dabrowskiego_38_Brama_Wjezdna_Widkok_na_Strone_Polnocna-229x300.jpg 229w, http:\/\/lapidarium.fundacja-hereditas.pl\/wp-content\/uploads\/2023\/12\/Magdalena_Zaremba_Warszawa_Dabrowskiego_38_Brama_Wjezdna_Widkok_na_Strone_Polnocna-768x1008.jpg 768w, http:\/\/lapidarium.fundacja-hereditas.pl\/wp-content\/uploads\/2023\/12\/Magdalena_Zaremba_Warszawa_Dabrowskiego_38_Brama_Wjezdna_Widkok_na_Strone_Polnocna-1170x1536.jpg 1170w, http:\/\/lapidarium.fundacja-hereditas.pl\/wp-content\/uploads\/2023\/12\/Magdalena_Zaremba_Warszawa_Dabrowskiego_38_Brama_Wjezdna_Widkok_na_Strone_Polnocna-1560x2048.jpg 1560w, http:\/\/lapidarium.fundacja-hereditas.pl\/wp-content\/uploads\/2023\/12\/Magdalena_Zaremba_Warszawa_Dabrowskiego_38_Brama_Wjezdna_Widkok_na_Strone_Polnocna-150x197.jpg 150w, http:\/\/lapidarium.fundacja-hereditas.pl\/wp-content\/uploads\/2023\/12\/Magdalena_Zaremba_Warszawa_Dabrowskiego_38_Brama_Wjezdna_Widkok_na_Strone_Polnocna-300x394.jpg 300w, http:\/\/lapidarium.fundacja-hereditas.pl\/wp-content\/uploads\/2023\/12\/Magdalena_Zaremba_Warszawa_Dabrowskiego_38_Brama_Wjezdna_Widkok_na_Strone_Polnocna-696x914.jpg 696w, http:\/\/lapidarium.fundacja-hereditas.pl\/wp-content\/uploads\/2023\/12\/Magdalena_Zaremba_Warszawa_Dabrowskiego_38_Brama_Wjezdna_Widkok_na_Strone_Polnocna-1068x1402.jpg 1068w, http:\/\/lapidarium.fundacja-hereditas.pl\/wp-content\/uploads\/2023\/12\/Magdalena_Zaremba_Warszawa_Dabrowskiego_38_Brama_Wjezdna_Widkok_na_Strone_Polnocna-1920x2520.jpg 1920w, http:\/\/lapidarium.fundacja-hereditas.pl\/wp-content\/uploads\/2023\/12\/Magdalena_Zaremba_Warszawa_Dabrowskiego_38_Brama_Wjezdna_Widkok_na_Strone_Polnocna-scaled.jpg 1950w\" sizes=\"auto, (max-width: 780px) 100vw, 780px\" \/><\/a><figcaption class=\"wp-element-caption\">Przejazd bramny &#8211; zredukowany do roli pieszego prze\u0142azu. Widok ku podw\u00f3rzu.  Fot. Magdalena Zaremba. 2023 r., \u017ar\u00f3d\u0142o: Studeo et Conservo XVII.<\/figcaption><\/figure>\n\n\n\n<figure class=\"wp-block-image size-large\"><a href=\"http:\/\/lapidarium.fundacja-hereditas.pl\/wp-content\/uploads\/2023\/12\/Magdalena_Zaremba_Warszawa_Dabrowskiego_38_Brama_Wjezdna_Drzwi_Bramne_Widkok_Wewnetrzny_1-scaled.jpg\"><img loading=\"lazy\" decoding=\"async\" width=\"779\" height=\"1024\" data-id=\"19405\" src=\"http:\/\/lapidarium.fundacja-hereditas.pl\/wp-content\/uploads\/2023\/12\/Magdalena_Zaremba_Warszawa_Dabrowskiego_38_Brama_Wjezdna_Drzwi_Bramne_Widkok_Wewnetrzny_1-779x1024.jpg\" alt=\"\" class=\"wp-image-19405\" srcset=\"http:\/\/lapidarium.fundacja-hereditas.pl\/wp-content\/uploads\/2023\/12\/Magdalena_Zaremba_Warszawa_Dabrowskiego_38_Brama_Wjezdna_Drzwi_Bramne_Widkok_Wewnetrzny_1-779x1024.jpg 779w, http:\/\/lapidarium.fundacja-hereditas.pl\/wp-content\/uploads\/2023\/12\/Magdalena_Zaremba_Warszawa_Dabrowskiego_38_Brama_Wjezdna_Drzwi_Bramne_Widkok_Wewnetrzny_1-228x300.jpg 228w, http:\/\/lapidarium.fundacja-hereditas.pl\/wp-content\/uploads\/2023\/12\/Magdalena_Zaremba_Warszawa_Dabrowskiego_38_Brama_Wjezdna_Drzwi_Bramne_Widkok_Wewnetrzny_1-768x1010.jpg 768w, http:\/\/lapidarium.fundacja-hereditas.pl\/wp-content\/uploads\/2023\/12\/Magdalena_Zaremba_Warszawa_Dabrowskiego_38_Brama_Wjezdna_Drzwi_Bramne_Widkok_Wewnetrzny_1-1168x1536.jpg 1168w, http:\/\/lapidarium.fundacja-hereditas.pl\/wp-content\/uploads\/2023\/12\/Magdalena_Zaremba_Warszawa_Dabrowskiego_38_Brama_Wjezdna_Drzwi_Bramne_Widkok_Wewnetrzny_1-1557x2048.jpg 1557w, http:\/\/lapidarium.fundacja-hereditas.pl\/wp-content\/uploads\/2023\/12\/Magdalena_Zaremba_Warszawa_Dabrowskiego_38_Brama_Wjezdna_Drzwi_Bramne_Widkok_Wewnetrzny_1-150x197.jpg 150w, http:\/\/lapidarium.fundacja-hereditas.pl\/wp-content\/uploads\/2023\/12\/Magdalena_Zaremba_Warszawa_Dabrowskiego_38_Brama_Wjezdna_Drzwi_Bramne_Widkok_Wewnetrzny_1-300x394.jpg 300w, http:\/\/lapidarium.fundacja-hereditas.pl\/wp-content\/uploads\/2023\/12\/Magdalena_Zaremba_Warszawa_Dabrowskiego_38_Brama_Wjezdna_Drzwi_Bramne_Widkok_Wewnetrzny_1-696x915.jpg 696w, http:\/\/lapidarium.fundacja-hereditas.pl\/wp-content\/uploads\/2023\/12\/Magdalena_Zaremba_Warszawa_Dabrowskiego_38_Brama_Wjezdna_Drzwi_Bramne_Widkok_Wewnetrzny_1-1068x1404.jpg 1068w, http:\/\/lapidarium.fundacja-hereditas.pl\/wp-content\/uploads\/2023\/12\/Magdalena_Zaremba_Warszawa_Dabrowskiego_38_Brama_Wjezdna_Drzwi_Bramne_Widkok_Wewnetrzny_1-1920x2525.jpg 1920w, http:\/\/lapidarium.fundacja-hereditas.pl\/wp-content\/uploads\/2023\/12\/Magdalena_Zaremba_Warszawa_Dabrowskiego_38_Brama_Wjezdna_Drzwi_Bramne_Widkok_Wewnetrzny_1-scaled.jpg 1947w\" sizes=\"auto, (max-width: 779px) 100vw, 779px\" \/><\/a><figcaption class=\"wp-element-caption\">Przejazd bramny &#8211; zredukowany do roli pieszego prze\u0142azu. Widok ku ulicy.  Fot. Magdalena Zaremba. 2023 r., \u017ar\u00f3d\u0142o: Studeo et Conservo XVII.<\/figcaption><\/figure>\n\n\n\n<figure class=\"wp-block-image size-large\"><a href=\"http:\/\/lapidarium.fundacja-hereditas.pl\/wp-content\/uploads\/2023\/12\/D_Komorniczak_Warszawa_Dabrowskiego_38_podcien_bramny_DSC5410-scaled.jpg\"><img loading=\"lazy\" decoding=\"async\" width=\"877\" height=\"1024\" data-id=\"19404\" src=\"http:\/\/lapidarium.fundacja-hereditas.pl\/wp-content\/uploads\/2023\/12\/D_Komorniczak_Warszawa_Dabrowskiego_38_podcien_bramny_DSC5410-877x1024.jpg\" alt=\"\" class=\"wp-image-19404\" srcset=\"http:\/\/lapidarium.fundacja-hereditas.pl\/wp-content\/uploads\/2023\/12\/D_Komorniczak_Warszawa_Dabrowskiego_38_podcien_bramny_DSC5410-877x1024.jpg 877w, http:\/\/lapidarium.fundacja-hereditas.pl\/wp-content\/uploads\/2023\/12\/D_Komorniczak_Warszawa_Dabrowskiego_38_podcien_bramny_DSC5410-257x300.jpg 257w, http:\/\/lapidarium.fundacja-hereditas.pl\/wp-content\/uploads\/2023\/12\/D_Komorniczak_Warszawa_Dabrowskiego_38_podcien_bramny_DSC5410-768x897.jpg 768w, http:\/\/lapidarium.fundacja-hereditas.pl\/wp-content\/uploads\/2023\/12\/D_Komorniczak_Warszawa_Dabrowskiego_38_podcien_bramny_DSC5410-1315x1536.jpg 1315w, http:\/\/lapidarium.fundacja-hereditas.pl\/wp-content\/uploads\/2023\/12\/D_Komorniczak_Warszawa_Dabrowskiego_38_podcien_bramny_DSC5410-1754x2048.jpg 1754w, http:\/\/lapidarium.fundacja-hereditas.pl\/wp-content\/uploads\/2023\/12\/D_Komorniczak_Warszawa_Dabrowskiego_38_podcien_bramny_DSC5410-150x175.jpg 150w, http:\/\/lapidarium.fundacja-hereditas.pl\/wp-content\/uploads\/2023\/12\/D_Komorniczak_Warszawa_Dabrowskiego_38_podcien_bramny_DSC5410-300x350.jpg 300w, http:\/\/lapidarium.fundacja-hereditas.pl\/wp-content\/uploads\/2023\/12\/D_Komorniczak_Warszawa_Dabrowskiego_38_podcien_bramny_DSC5410-696x813.jpg 696w, http:\/\/lapidarium.fundacja-hereditas.pl\/wp-content\/uploads\/2023\/12\/D_Komorniczak_Warszawa_Dabrowskiego_38_podcien_bramny_DSC5410-1068x1247.jpg 1068w, http:\/\/lapidarium.fundacja-hereditas.pl\/wp-content\/uploads\/2023\/12\/D_Komorniczak_Warszawa_Dabrowskiego_38_podcien_bramny_DSC5410-1920x2242.jpg 1920w\" sizes=\"auto, (max-width: 877px) 100vw, 877px\" \/><\/a><figcaption class=\"wp-element-caption\">Przejazd bramny &#8211; zredukowany do roli pieszego prze\u0142azu. Widok ku ulicy.  Fot. Dagmara Komorniczak. 2023 r., \u017ar\u00f3d\u0142o: Studeo et Conservo XVII.<\/figcaption><\/figure>\n\n\n\n<figure class=\"wp-block-image size-large\"><a href=\"http:\/\/lapidarium.fundacja-hereditas.pl\/wp-content\/uploads\/2023\/12\/D_Komorniczak_Warszawa_Dabrowskiego_38_podcien_bramny_detal_DSC5411-scaled.jpg\"><img loading=\"lazy\" decoding=\"async\" width=\"1024\" height=\"670\" data-id=\"19403\" src=\"http:\/\/lapidarium.fundacja-hereditas.pl\/wp-content\/uploads\/2023\/12\/D_Komorniczak_Warszawa_Dabrowskiego_38_podcien_bramny_detal_DSC5411-1024x670.jpg\" alt=\"\" class=\"wp-image-19403\" srcset=\"http:\/\/lapidarium.fundacja-hereditas.pl\/wp-content\/uploads\/2023\/12\/D_Komorniczak_Warszawa_Dabrowskiego_38_podcien_bramny_detal_DSC5411-1024x670.jpg 1024w, http:\/\/lapidarium.fundacja-hereditas.pl\/wp-content\/uploads\/2023\/12\/D_Komorniczak_Warszawa_Dabrowskiego_38_podcien_bramny_detal_DSC5411-300x196.jpg 300w, http:\/\/lapidarium.fundacja-hereditas.pl\/wp-content\/uploads\/2023\/12\/D_Komorniczak_Warszawa_Dabrowskiego_38_podcien_bramny_detal_DSC5411-768x503.jpg 768w, http:\/\/lapidarium.fundacja-hereditas.pl\/wp-content\/uploads\/2023\/12\/D_Komorniczak_Warszawa_Dabrowskiego_38_podcien_bramny_detal_DSC5411-1536x1005.jpg 1536w, http:\/\/lapidarium.fundacja-hereditas.pl\/wp-content\/uploads\/2023\/12\/D_Komorniczak_Warszawa_Dabrowskiego_38_podcien_bramny_detal_DSC5411-2048x1340.jpg 2048w, http:\/\/lapidarium.fundacja-hereditas.pl\/wp-content\/uploads\/2023\/12\/D_Komorniczak_Warszawa_Dabrowskiego_38_podcien_bramny_detal_DSC5411-150x98.jpg 150w, http:\/\/lapidarium.fundacja-hereditas.pl\/wp-content\/uploads\/2023\/12\/D_Komorniczak_Warszawa_Dabrowskiego_38_podcien_bramny_detal_DSC5411-696x455.jpg 696w, http:\/\/lapidarium.fundacja-hereditas.pl\/wp-content\/uploads\/2023\/12\/D_Komorniczak_Warszawa_Dabrowskiego_38_podcien_bramny_detal_DSC5411-1068x699.jpg 1068w, http:\/\/lapidarium.fundacja-hereditas.pl\/wp-content\/uploads\/2023\/12\/D_Komorniczak_Warszawa_Dabrowskiego_38_podcien_bramny_detal_DSC5411-1920x1256.jpg 1920w\" sizes=\"auto, (max-width: 1024px) 100vw, 1024px\" \/><\/a><figcaption class=\"wp-element-caption\">Przejazd bramny. \u017beliwna klapa &#8211; rewizji w\u0119z\u0142a wodoci\u0105gowego (?). Fot. Dagmara Komorniczak. 2023 r., \u017ar\u00f3d\u0142o: Studeo et Conservo XVII.<\/figcaption><\/figure>\n\n\n\n<figure class=\"wp-block-image size-large\"><a href=\"http:\/\/lapidarium.fundacja-hereditas.pl\/wp-content\/uploads\/2023\/12\/A_Koszewska_Warszawa_Dabrowskiego_38_przejscie_bramne_klapa_do_wegla-scaled.jpg\"><img loading=\"lazy\" decoding=\"async\" width=\"1024\" height=\"861\" data-id=\"19402\" src=\"http:\/\/lapidarium.fundacja-hereditas.pl\/wp-content\/uploads\/2023\/12\/A_Koszewska_Warszawa_Dabrowskiego_38_przejscie_bramne_klapa_do_wegla-1024x861.jpg\" alt=\"\" class=\"wp-image-19402\" srcset=\"http:\/\/lapidarium.fundacja-hereditas.pl\/wp-content\/uploads\/2023\/12\/A_Koszewska_Warszawa_Dabrowskiego_38_przejscie_bramne_klapa_do_wegla-1024x861.jpg 1024w, http:\/\/lapidarium.fundacja-hereditas.pl\/wp-content\/uploads\/2023\/12\/A_Koszewska_Warszawa_Dabrowskiego_38_przejscie_bramne_klapa_do_wegla-300x252.jpg 300w, http:\/\/lapidarium.fundacja-hereditas.pl\/wp-content\/uploads\/2023\/12\/A_Koszewska_Warszawa_Dabrowskiego_38_przejscie_bramne_klapa_do_wegla-768x646.jpg 768w, http:\/\/lapidarium.fundacja-hereditas.pl\/wp-content\/uploads\/2023\/12\/A_Koszewska_Warszawa_Dabrowskiego_38_przejscie_bramne_klapa_do_wegla-1536x1291.jpg 1536w, http:\/\/lapidarium.fundacja-hereditas.pl\/wp-content\/uploads\/2023\/12\/A_Koszewska_Warszawa_Dabrowskiego_38_przejscie_bramne_klapa_do_wegla-2048x1721.jpg 2048w, http:\/\/lapidarium.fundacja-hereditas.pl\/wp-content\/uploads\/2023\/12\/A_Koszewska_Warszawa_Dabrowskiego_38_przejscie_bramne_klapa_do_wegla-150x126.jpg 150w, http:\/\/lapidarium.fundacja-hereditas.pl\/wp-content\/uploads\/2023\/12\/A_Koszewska_Warszawa_Dabrowskiego_38_przejscie_bramne_klapa_do_wegla-696x585.jpg 696w, http:\/\/lapidarium.fundacja-hereditas.pl\/wp-content\/uploads\/2023\/12\/A_Koszewska_Warszawa_Dabrowskiego_38_przejscie_bramne_klapa_do_wegla-1068x898.jpg 1068w, http:\/\/lapidarium.fundacja-hereditas.pl\/wp-content\/uploads\/2023\/12\/A_Koszewska_Warszawa_Dabrowskiego_38_przejscie_bramne_klapa_do_wegla-1920x1614.jpg 1920w\" sizes=\"auto, (max-width: 1024px) 100vw, 1024px\" \/><\/a><figcaption class=\"wp-element-caption\">Przejazd bramny. \u017beliwna klapa &#8211; rewizji w\u0119z\u0142a wodoci\u0105gowego (?).  Fot. Aleksandra Koszewska. 2023 r., \u017ar\u00f3d\u0142o: Studeo et Conservo XVII.<\/figcaption><\/figure>\n\n\n\n<figure class=\"wp-block-image size-large\"><a href=\"http:\/\/lapidarium.fundacja-hereditas.pl\/wp-content\/uploads\/2023\/12\/Magdalena_Zaremba_Warszawa_Dabrowskiego_38_Brama_Wjezdna_Pokrywa_Metalowa_Motyw-scaled.jpg\"><img loading=\"lazy\" decoding=\"async\" width=\"1024\" height=\"769\" data-id=\"19407\" src=\"http:\/\/lapidarium.fundacja-hereditas.pl\/wp-content\/uploads\/2023\/12\/Magdalena_Zaremba_Warszawa_Dabrowskiego_38_Brama_Wjezdna_Pokrywa_Metalowa_Motyw-1024x769.jpg\" alt=\"\" class=\"wp-image-19407\" srcset=\"http:\/\/lapidarium.fundacja-hereditas.pl\/wp-content\/uploads\/2023\/12\/Magdalena_Zaremba_Warszawa_Dabrowskiego_38_Brama_Wjezdna_Pokrywa_Metalowa_Motyw-1024x769.jpg 1024w, http:\/\/lapidarium.fundacja-hereditas.pl\/wp-content\/uploads\/2023\/12\/Magdalena_Zaremba_Warszawa_Dabrowskiego_38_Brama_Wjezdna_Pokrywa_Metalowa_Motyw-300x225.jpg 300w, http:\/\/lapidarium.fundacja-hereditas.pl\/wp-content\/uploads\/2023\/12\/Magdalena_Zaremba_Warszawa_Dabrowskiego_38_Brama_Wjezdna_Pokrywa_Metalowa_Motyw-768x577.jpg 768w, http:\/\/lapidarium.fundacja-hereditas.pl\/wp-content\/uploads\/2023\/12\/Magdalena_Zaremba_Warszawa_Dabrowskiego_38_Brama_Wjezdna_Pokrywa_Metalowa_Motyw-1536x1153.jpg 1536w\" sizes=\"auto, (max-width: 1024px) 100vw, 1024px\" \/><\/a><figcaption class=\"wp-element-caption\">Przejazd bramny. \u017beliwna klapa &#8211; rewizji w\u0119z\u0142a wodoci\u0105gowego (?). Fot. Magdalena Zaremba. 2023 r., \u017ar\u00f3d\u0142o: Studeo et Conservo XVII.<\/figcaption><\/figure>\n\n\n\n<figure class=\"wp-block-image size-large\"><a href=\"http:\/\/lapidarium.fundacja-hereditas.pl\/wp-content\/uploads\/2023\/12\/Magdalena_Zaremba_Warszawa_Dabrowskiego_38_Brama_Wjezdna_Drzwi_Wewnetrzne_Strona_Lewa-scaled.jpg\"><img loading=\"lazy\" decoding=\"async\" width=\"742\" height=\"1024\" data-id=\"19406\" src=\"http:\/\/lapidarium.fundacja-hereditas.pl\/wp-content\/uploads\/2023\/12\/Magdalena_Zaremba_Warszawa_Dabrowskiego_38_Brama_Wjezdna_Drzwi_Wewnetrzne_Strona_Lewa-742x1024.jpg\" alt=\"\" class=\"wp-image-19406\" srcset=\"http:\/\/lapidarium.fundacja-hereditas.pl\/wp-content\/uploads\/2023\/12\/Magdalena_Zaremba_Warszawa_Dabrowskiego_38_Brama_Wjezdna_Drzwi_Wewnetrzne_Strona_Lewa-742x1024.jpg 742w, http:\/\/lapidarium.fundacja-hereditas.pl\/wp-content\/uploads\/2023\/12\/Magdalena_Zaremba_Warszawa_Dabrowskiego_38_Brama_Wjezdna_Drzwi_Wewnetrzne_Strona_Lewa-217x300.jpg 217w, http:\/\/lapidarium.fundacja-hereditas.pl\/wp-content\/uploads\/2023\/12\/Magdalena_Zaremba_Warszawa_Dabrowskiego_38_Brama_Wjezdna_Drzwi_Wewnetrzne_Strona_Lewa-768x1060.jpg 768w, http:\/\/lapidarium.fundacja-hereditas.pl\/wp-content\/uploads\/2023\/12\/Magdalena_Zaremba_Warszawa_Dabrowskiego_38_Brama_Wjezdna_Drzwi_Wewnetrzne_Strona_Lewa-1113x1536.jpg 1113w, http:\/\/lapidarium.fundacja-hereditas.pl\/wp-content\/uploads\/2023\/12\/Magdalena_Zaremba_Warszawa_Dabrowskiego_38_Brama_Wjezdna_Drzwi_Wewnetrzne_Strona_Lewa-1484x2048.jpg 1484w, http:\/\/lapidarium.fundacja-hereditas.pl\/wp-content\/uploads\/2023\/12\/Magdalena_Zaremba_Warszawa_Dabrowskiego_38_Brama_Wjezdna_Drzwi_Wewnetrzne_Strona_Lewa-150x207.jpg 150w, http:\/\/lapidarium.fundacja-hereditas.pl\/wp-content\/uploads\/2023\/12\/Magdalena_Zaremba_Warszawa_Dabrowskiego_38_Brama_Wjezdna_Drzwi_Wewnetrzne_Strona_Lewa-300x414.jpg 300w, http:\/\/lapidarium.fundacja-hereditas.pl\/wp-content\/uploads\/2023\/12\/Magdalena_Zaremba_Warszawa_Dabrowskiego_38_Brama_Wjezdna_Drzwi_Wewnetrzne_Strona_Lewa-696x961.jpg 696w, http:\/\/lapidarium.fundacja-hereditas.pl\/wp-content\/uploads\/2023\/12\/Magdalena_Zaremba_Warszawa_Dabrowskiego_38_Brama_Wjezdna_Drzwi_Wewnetrzne_Strona_Lewa-1068x1474.jpg 1068w, http:\/\/lapidarium.fundacja-hereditas.pl\/wp-content\/uploads\/2023\/12\/Magdalena_Zaremba_Warszawa_Dabrowskiego_38_Brama_Wjezdna_Drzwi_Wewnetrzne_Strona_Lewa-1920x2650.jpg 1920w, http:\/\/lapidarium.fundacja-hereditas.pl\/wp-content\/uploads\/2023\/12\/Magdalena_Zaremba_Warszawa_Dabrowskiego_38_Brama_Wjezdna_Drzwi_Wewnetrzne_Strona_Lewa-scaled.jpg 1855w\" sizes=\"auto, (max-width: 742px) 100vw, 742px\" \/><\/a><figcaption class=\"wp-element-caption\">Przejazd bramny. Drzwi do dawnej str\u00f3\u017c\u00f3wki.  Fot. Magdalena Zaremba. 2023 r., \u017ar\u00f3d\u0142o: Studeo et Conservo XVII.<\/figcaption><\/figure>\n\n\n\n<figure class=\"wp-block-image size-large\"><a href=\"http:\/\/lapidarium.fundacja-hereditas.pl\/wp-content\/uploads\/2023\/12\/Magdalena_Zaremba_Warszawa_Dabrowskiego_38_Dziedziniec_Wewnetrzny_Ogrod-scaled.jpg\"><img loading=\"lazy\" decoding=\"async\" width=\"1024\" height=\"762\" data-id=\"19394\" src=\"http:\/\/lapidarium.fundacja-hereditas.pl\/wp-content\/uploads\/2023\/12\/Magdalena_Zaremba_Warszawa_Dabrowskiego_38_Dziedziniec_Wewnetrzny_Ogrod-1024x762.jpg\" alt=\"\" class=\"wp-image-19394\" srcset=\"http:\/\/lapidarium.fundacja-hereditas.pl\/wp-content\/uploads\/2023\/12\/Magdalena_Zaremba_Warszawa_Dabrowskiego_38_Dziedziniec_Wewnetrzny_Ogrod-1024x762.jpg 1024w, http:\/\/lapidarium.fundacja-hereditas.pl\/wp-content\/uploads\/2023\/12\/Magdalena_Zaremba_Warszawa_Dabrowskiego_38_Dziedziniec_Wewnetrzny_Ogrod-300x223.jpg 300w, http:\/\/lapidarium.fundacja-hereditas.pl\/wp-content\/uploads\/2023\/12\/Magdalena_Zaremba_Warszawa_Dabrowskiego_38_Dziedziniec_Wewnetrzny_Ogrod-768x572.jpg 768w, http:\/\/lapidarium.fundacja-hereditas.pl\/wp-content\/uploads\/2023\/12\/Magdalena_Zaremba_Warszawa_Dabrowskiego_38_Dziedziniec_Wewnetrzny_Ogrod-1536x1144.jpg 1536w, http:\/\/lapidarium.fundacja-hereditas.pl\/wp-content\/uploads\/2023\/12\/Magdalena_Zaremba_Warszawa_Dabrowskiego_38_Dziedziniec_Wewnetrzny_Ogrod-2048x1525.jpg 2048w, http:\/\/lapidarium.fundacja-hereditas.pl\/wp-content\/uploads\/2023\/12\/Magdalena_Zaremba_Warszawa_Dabrowskiego_38_Dziedziniec_Wewnetrzny_Ogrod-150x112.jpg 150w, http:\/\/lapidarium.fundacja-hereditas.pl\/wp-content\/uploads\/2023\/12\/Magdalena_Zaremba_Warszawa_Dabrowskiego_38_Dziedziniec_Wewnetrzny_Ogrod-485x360.jpg 485w, http:\/\/lapidarium.fundacja-hereditas.pl\/wp-content\/uploads\/2023\/12\/Magdalena_Zaremba_Warszawa_Dabrowskiego_38_Dziedziniec_Wewnetrzny_Ogrod-696x518.jpg 696w, http:\/\/lapidarium.fundacja-hereditas.pl\/wp-content\/uploads\/2023\/12\/Magdalena_Zaremba_Warszawa_Dabrowskiego_38_Dziedziniec_Wewnetrzny_Ogrod-1068x795.jpg 1068w, http:\/\/lapidarium.fundacja-hereditas.pl\/wp-content\/uploads\/2023\/12\/Magdalena_Zaremba_Warszawa_Dabrowskiego_38_Dziedziniec_Wewnetrzny_Ogrod-1920x1429.jpg 1920w\" sizes=\"auto, (max-width: 1024px) 100vw, 1024px\" \/><\/a><figcaption class=\"wp-element-caption\">Podw\u00f3rze. Widok og\u00f3lny (na p\u00f3\u0142noc). Fot. Magdalena Zaremba. 2023 r., \u017ar\u00f3d\u0142o: Studeo et Conservo XVII.<\/figcaption><\/figure>\n\n\n\n<figure class=\"wp-block-image size-large\"><a href=\"http:\/\/lapidarium.fundacja-hereditas.pl\/wp-content\/uploads\/2023\/12\/D_Komorniczak_Warszawa_Dabrowskiego_38_mur_podworze_DSC5403-scaled.jpg\"><img loading=\"lazy\" decoding=\"async\" width=\"1024\" height=\"722\" data-id=\"19389\" src=\"http:\/\/lapidarium.fundacja-hereditas.pl\/wp-content\/uploads\/2023\/12\/D_Komorniczak_Warszawa_Dabrowskiego_38_mur_podworze_DSC5403-1024x722.jpg\" alt=\"\" class=\"wp-image-19389\" srcset=\"http:\/\/lapidarium.fundacja-hereditas.pl\/wp-content\/uploads\/2023\/12\/D_Komorniczak_Warszawa_Dabrowskiego_38_mur_podworze_DSC5403-1024x722.jpg 1024w, http:\/\/lapidarium.fundacja-hereditas.pl\/wp-content\/uploads\/2023\/12\/D_Komorniczak_Warszawa_Dabrowskiego_38_mur_podworze_DSC5403-300x212.jpg 300w, http:\/\/lapidarium.fundacja-hereditas.pl\/wp-content\/uploads\/2023\/12\/D_Komorniczak_Warszawa_Dabrowskiego_38_mur_podworze_DSC5403-768x541.jpg 768w, http:\/\/lapidarium.fundacja-hereditas.pl\/wp-content\/uploads\/2023\/12\/D_Komorniczak_Warszawa_Dabrowskiego_38_mur_podworze_DSC5403-1536x1083.jpg 1536w, http:\/\/lapidarium.fundacja-hereditas.pl\/wp-content\/uploads\/2023\/12\/D_Komorniczak_Warszawa_Dabrowskiego_38_mur_podworze_DSC5403-2048x1444.jpg 2048w, http:\/\/lapidarium.fundacja-hereditas.pl\/wp-content\/uploads\/2023\/12\/D_Komorniczak_Warszawa_Dabrowskiego_38_mur_podworze_DSC5403-150x106.jpg 150w, http:\/\/lapidarium.fundacja-hereditas.pl\/wp-content\/uploads\/2023\/12\/D_Komorniczak_Warszawa_Dabrowskiego_38_mur_podworze_DSC5403-696x491.jpg 696w, http:\/\/lapidarium.fundacja-hereditas.pl\/wp-content\/uploads\/2023\/12\/D_Komorniczak_Warszawa_Dabrowskiego_38_mur_podworze_DSC5403-1068x753.jpg 1068w, http:\/\/lapidarium.fundacja-hereditas.pl\/wp-content\/uploads\/2023\/12\/D_Komorniczak_Warszawa_Dabrowskiego_38_mur_podworze_DSC5403-1920x1354.jpg 1920w\" sizes=\"auto, (max-width: 1024px) 100vw, 1024px\" \/><\/a><figcaption class=\"wp-element-caption\">Podw\u00f3rze. Fragment muru (ogrodzenia) na wschodniej granicy posesji. Dagmara Komorniczak. 2023 r., \u017ar\u00f3d\u0142o: Studeo et Conservo XVII.<\/figcaption><\/figure>\n\n\n\n<figure class=\"wp-block-image size-large\"><a href=\"http:\/\/lapidarium.fundacja-hereditas.pl\/wp-content\/uploads\/2023\/12\/Magdalena_Zaremba_Warszawa_Dabrowskiego_38_Dziedziniec_Eelewacja_Wchodnia_Cegla-scaled.jpg\"><img loading=\"lazy\" decoding=\"async\" width=\"1024\" height=\"760\" data-id=\"19393\" src=\"http:\/\/lapidarium.fundacja-hereditas.pl\/wp-content\/uploads\/2023\/12\/Magdalena_Zaremba_Warszawa_Dabrowskiego_38_Dziedziniec_Eelewacja_Wchodnia_Cegla-1024x760.jpg\" alt=\"\" class=\"wp-image-19393\" srcset=\"http:\/\/lapidarium.fundacja-hereditas.pl\/wp-content\/uploads\/2023\/12\/Magdalena_Zaremba_Warszawa_Dabrowskiego_38_Dziedziniec_Eelewacja_Wchodnia_Cegla-1024x760.jpg 1024w, http:\/\/lapidarium.fundacja-hereditas.pl\/wp-content\/uploads\/2023\/12\/Magdalena_Zaremba_Warszawa_Dabrowskiego_38_Dziedziniec_Eelewacja_Wchodnia_Cegla-300x223.jpg 300w, http:\/\/lapidarium.fundacja-hereditas.pl\/wp-content\/uploads\/2023\/12\/Magdalena_Zaremba_Warszawa_Dabrowskiego_38_Dziedziniec_Eelewacja_Wchodnia_Cegla-768x570.jpg 768w, http:\/\/lapidarium.fundacja-hereditas.pl\/wp-content\/uploads\/2023\/12\/Magdalena_Zaremba_Warszawa_Dabrowskiego_38_Dziedziniec_Eelewacja_Wchodnia_Cegla-1536x1140.jpg 1536w, http:\/\/lapidarium.fundacja-hereditas.pl\/wp-content\/uploads\/2023\/12\/Magdalena_Zaremba_Warszawa_Dabrowskiego_38_Dziedziniec_Eelewacja_Wchodnia_Cegla-2048x1520.jpg 2048w, http:\/\/lapidarium.fundacja-hereditas.pl\/wp-content\/uploads\/2023\/12\/Magdalena_Zaremba_Warszawa_Dabrowskiego_38_Dziedziniec_Eelewacja_Wchodnia_Cegla-150x111.jpg 150w, http:\/\/lapidarium.fundacja-hereditas.pl\/wp-content\/uploads\/2023\/12\/Magdalena_Zaremba_Warszawa_Dabrowskiego_38_Dziedziniec_Eelewacja_Wchodnia_Cegla-485x360.jpg 485w, http:\/\/lapidarium.fundacja-hereditas.pl\/wp-content\/uploads\/2023\/12\/Magdalena_Zaremba_Warszawa_Dabrowskiego_38_Dziedziniec_Eelewacja_Wchodnia_Cegla-696x516.jpg 696w, http:\/\/lapidarium.fundacja-hereditas.pl\/wp-content\/uploads\/2023\/12\/Magdalena_Zaremba_Warszawa_Dabrowskiego_38_Dziedziniec_Eelewacja_Wchodnia_Cegla-1068x792.jpg 1068w, http:\/\/lapidarium.fundacja-hereditas.pl\/wp-content\/uploads\/2023\/12\/Magdalena_Zaremba_Warszawa_Dabrowskiego_38_Dziedziniec_Eelewacja_Wchodnia_Cegla-1920x1425.jpg 1920w\" sizes=\"auto, (max-width: 1024px) 100vw, 1024px\" \/><\/a><figcaption class=\"wp-element-caption\">Podw\u00f3rze. W\u0105tek ceglany w murze granicznym. Fot. Magdalena Zaremba. 2023 r., \u017ar\u00f3d\u0142o: Studeo et Conservo XVII.<\/figcaption><\/figure>\n\n\n\n<figure class=\"wp-block-image size-large\"><a href=\"http:\/\/lapidarium.fundacja-hereditas.pl\/wp-content\/uploads\/2023\/12\/Magdalena_Zaremba_Warszawa_Dabrowskiego_38_Elewacja_Polnocna_Balkony-scaled.jpg\"><img loading=\"lazy\" decoding=\"async\" width=\"770\" height=\"1024\" data-id=\"19396\" src=\"http:\/\/lapidarium.fundacja-hereditas.pl\/wp-content\/uploads\/2023\/12\/Magdalena_Zaremba_Warszawa_Dabrowskiego_38_Elewacja_Polnocna_Balkony-770x1024.jpg\" alt=\"\" class=\"wp-image-19396\" srcset=\"http:\/\/lapidarium.fundacja-hereditas.pl\/wp-content\/uploads\/2023\/12\/Magdalena_Zaremba_Warszawa_Dabrowskiego_38_Elewacja_Polnocna_Balkony-770x1024.jpg 770w, http:\/\/lapidarium.fundacja-hereditas.pl\/wp-content\/uploads\/2023\/12\/Magdalena_Zaremba_Warszawa_Dabrowskiego_38_Elewacja_Polnocna_Balkony-226x300.jpg 226w, http:\/\/lapidarium.fundacja-hereditas.pl\/wp-content\/uploads\/2023\/12\/Magdalena_Zaremba_Warszawa_Dabrowskiego_38_Elewacja_Polnocna_Balkony-768x1021.jpg 768w, http:\/\/lapidarium.fundacja-hereditas.pl\/wp-content\/uploads\/2023\/12\/Magdalena_Zaremba_Warszawa_Dabrowskiego_38_Elewacja_Polnocna_Balkony-1155x1536.jpg 1155w, http:\/\/lapidarium.fundacja-hereditas.pl\/wp-content\/uploads\/2023\/12\/Magdalena_Zaremba_Warszawa_Dabrowskiego_38_Elewacja_Polnocna_Balkony-1541x2048.jpg 1541w, http:\/\/lapidarium.fundacja-hereditas.pl\/wp-content\/uploads\/2023\/12\/Magdalena_Zaremba_Warszawa_Dabrowskiego_38_Elewacja_Polnocna_Balkony-150x199.jpg 150w, http:\/\/lapidarium.fundacja-hereditas.pl\/wp-content\/uploads\/2023\/12\/Magdalena_Zaremba_Warszawa_Dabrowskiego_38_Elewacja_Polnocna_Balkony-300x399.jpg 300w, http:\/\/lapidarium.fundacja-hereditas.pl\/wp-content\/uploads\/2023\/12\/Magdalena_Zaremba_Warszawa_Dabrowskiego_38_Elewacja_Polnocna_Balkony-696x925.jpg 696w, http:\/\/lapidarium.fundacja-hereditas.pl\/wp-content\/uploads\/2023\/12\/Magdalena_Zaremba_Warszawa_Dabrowskiego_38_Elewacja_Polnocna_Balkony-1068x1420.jpg 1068w, http:\/\/lapidarium.fundacja-hereditas.pl\/wp-content\/uploads\/2023\/12\/Magdalena_Zaremba_Warszawa_Dabrowskiego_38_Elewacja_Polnocna_Balkony-1920x2552.jpg 1920w, http:\/\/lapidarium.fundacja-hereditas.pl\/wp-content\/uploads\/2023\/12\/Magdalena_Zaremba_Warszawa_Dabrowskiego_38_Elewacja_Polnocna_Balkony-scaled.jpg 1926w\" sizes=\"auto, (max-width: 770px) 100vw, 770px\" \/><\/a><figcaption class=\"wp-element-caption\">Podw\u00f3rze. Zachodnia partia elewacji p\u00f3\u0142nocnej. Fot. Magdalena Zaremba. 2023 r., \u017ar\u00f3d\u0142o: Studeo et Conservo XVII.<\/figcaption><\/figure>\n\n\n\n<figure class=\"wp-block-image size-large\"><a href=\"http:\/\/lapidarium.fundacja-hereditas.pl\/wp-content\/uploads\/2023\/12\/A_Koszewska_Warszawa_Dabrowskiego_38_widok-od_strony_ogrodu_klatka_schodowa-scaled.jpg\"><img loading=\"lazy\" decoding=\"async\" width=\"787\" height=\"1024\" data-id=\"19386\" src=\"http:\/\/lapidarium.fundacja-hereditas.pl\/wp-content\/uploads\/2023\/12\/A_Koszewska_Warszawa_Dabrowskiego_38_widok-od_strony_ogrodu_klatka_schodowa-787x1024.jpg\" alt=\"\" class=\"wp-image-19386\" srcset=\"http:\/\/lapidarium.fundacja-hereditas.pl\/wp-content\/uploads\/2023\/12\/A_Koszewska_Warszawa_Dabrowskiego_38_widok-od_strony_ogrodu_klatka_schodowa-787x1024.jpg 787w, http:\/\/lapidarium.fundacja-hereditas.pl\/wp-content\/uploads\/2023\/12\/A_Koszewska_Warszawa_Dabrowskiego_38_widok-od_strony_ogrodu_klatka_schodowa-231x300.jpg 231w, http:\/\/lapidarium.fundacja-hereditas.pl\/wp-content\/uploads\/2023\/12\/A_Koszewska_Warszawa_Dabrowskiego_38_widok-od_strony_ogrodu_klatka_schodowa-768x999.jpg 768w, http:\/\/lapidarium.fundacja-hereditas.pl\/wp-content\/uploads\/2023\/12\/A_Koszewska_Warszawa_Dabrowskiego_38_widok-od_strony_ogrodu_klatka_schodowa-1181x1536.jpg 1181w, http:\/\/lapidarium.fundacja-hereditas.pl\/wp-content\/uploads\/2023\/12\/A_Koszewska_Warszawa_Dabrowskiego_38_widok-od_strony_ogrodu_klatka_schodowa-1574x2048.jpg 1574w, http:\/\/lapidarium.fundacja-hereditas.pl\/wp-content\/uploads\/2023\/12\/A_Koszewska_Warszawa_Dabrowskiego_38_widok-od_strony_ogrodu_klatka_schodowa-150x195.jpg 150w, http:\/\/lapidarium.fundacja-hereditas.pl\/wp-content\/uploads\/2023\/12\/A_Koszewska_Warszawa_Dabrowskiego_38_widok-od_strony_ogrodu_klatka_schodowa-300x390.jpg 300w, http:\/\/lapidarium.fundacja-hereditas.pl\/wp-content\/uploads\/2023\/12\/A_Koszewska_Warszawa_Dabrowskiego_38_widok-od_strony_ogrodu_klatka_schodowa-696x905.jpg 696w, http:\/\/lapidarium.fundacja-hereditas.pl\/wp-content\/uploads\/2023\/12\/A_Koszewska_Warszawa_Dabrowskiego_38_widok-od_strony_ogrodu_klatka_schodowa-1068x1389.jpg 1068w, http:\/\/lapidarium.fundacja-hereditas.pl\/wp-content\/uploads\/2023\/12\/A_Koszewska_Warszawa_Dabrowskiego_38_widok-od_strony_ogrodu_klatka_schodowa-1920x2498.jpg 1920w, http:\/\/lapidarium.fundacja-hereditas.pl\/wp-content\/uploads\/2023\/12\/A_Koszewska_Warszawa_Dabrowskiego_38_widok-od_strony_ogrodu_klatka_schodowa-scaled.jpg 1968w\" sizes=\"auto, (max-width: 787px) 100vw, 787px\" \/><\/a><figcaption class=\"wp-element-caption\">Podw\u00f3rze. Elewacja p\u00f3\u0142nocna widok og\u00f3lny. Fot. Aleksandra Koszewska. 2023 r., \u017ar\u00f3d\u0142o: Studeo et Conservo XVII.<\/figcaption><\/figure>\n\n\n\n<figure class=\"wp-block-image size-large\"><a href=\"http:\/\/lapidarium.fundacja-hereditas.pl\/wp-content\/uploads\/2023\/12\/Magdalena_Zaremba_Warszawa_Dabrowskiego_38_Elewacja_Polnocna-scaled.jpg\"><img loading=\"lazy\" decoding=\"async\" width=\"805\" height=\"1024\" data-id=\"19395\" src=\"http:\/\/lapidarium.fundacja-hereditas.pl\/wp-content\/uploads\/2023\/12\/Magdalena_Zaremba_Warszawa_Dabrowskiego_38_Elewacja_Polnocna-805x1024.jpg\" alt=\"\" class=\"wp-image-19395\" srcset=\"http:\/\/lapidarium.fundacja-hereditas.pl\/wp-content\/uploads\/2023\/12\/Magdalena_Zaremba_Warszawa_Dabrowskiego_38_Elewacja_Polnocna-805x1024.jpg 805w, http:\/\/lapidarium.fundacja-hereditas.pl\/wp-content\/uploads\/2023\/12\/Magdalena_Zaremba_Warszawa_Dabrowskiego_38_Elewacja_Polnocna-236x300.jpg 236w, http:\/\/lapidarium.fundacja-hereditas.pl\/wp-content\/uploads\/2023\/12\/Magdalena_Zaremba_Warszawa_Dabrowskiego_38_Elewacja_Polnocna-768x977.jpg 768w, http:\/\/lapidarium.fundacja-hereditas.pl\/wp-content\/uploads\/2023\/12\/Magdalena_Zaremba_Warszawa_Dabrowskiego_38_Elewacja_Polnocna-1208x1536.jpg 1208w, http:\/\/lapidarium.fundacja-hereditas.pl\/wp-content\/uploads\/2023\/12\/Magdalena_Zaremba_Warszawa_Dabrowskiego_38_Elewacja_Polnocna-1610x2048.jpg 1610w, http:\/\/lapidarium.fundacja-hereditas.pl\/wp-content\/uploads\/2023\/12\/Magdalena_Zaremba_Warszawa_Dabrowskiego_38_Elewacja_Polnocna-150x191.jpg 150w, http:\/\/lapidarium.fundacja-hereditas.pl\/wp-content\/uploads\/2023\/12\/Magdalena_Zaremba_Warszawa_Dabrowskiego_38_Elewacja_Polnocna-300x382.jpg 300w, http:\/\/lapidarium.fundacja-hereditas.pl\/wp-content\/uploads\/2023\/12\/Magdalena_Zaremba_Warszawa_Dabrowskiego_38_Elewacja_Polnocna-696x885.jpg 696w, http:\/\/lapidarium.fundacja-hereditas.pl\/wp-content\/uploads\/2023\/12\/Magdalena_Zaremba_Warszawa_Dabrowskiego_38_Elewacja_Polnocna-1068x1358.jpg 1068w, http:\/\/lapidarium.fundacja-hereditas.pl\/wp-content\/uploads\/2023\/12\/Magdalena_Zaremba_Warszawa_Dabrowskiego_38_Elewacja_Polnocna-1920x2442.jpg 1920w, http:\/\/lapidarium.fundacja-hereditas.pl\/wp-content\/uploads\/2023\/12\/Magdalena_Zaremba_Warszawa_Dabrowskiego_38_Elewacja_Polnocna-scaled.jpg 2013w\" sizes=\"auto, (max-width: 805px) 100vw, 805px\" \/><\/a><figcaption class=\"wp-element-caption\">Podw\u00f3rze. Elewacja p\u00f3\u0142nocna widok og\u00f3lny. Fot. Magdalena Zaremba. 2023 r., \u017ar\u00f3d\u0142o: Studeo et Conservo XVII.<\/figcaption><\/figure>\n\n\n\n<figure class=\"wp-block-image size-large\"><a href=\"http:\/\/lapidarium.fundacja-hereditas.pl\/wp-content\/uploads\/2023\/12\/D_Komorniczak_Warszawa_Dabrowskiego_38_elewacja_podworze_DSC5402-scaled.jpg\"><img loading=\"lazy\" decoding=\"async\" width=\"1024\" height=\"744\" data-id=\"19388\" src=\"http:\/\/lapidarium.fundacja-hereditas.pl\/wp-content\/uploads\/2023\/12\/D_Komorniczak_Warszawa_Dabrowskiego_38_elewacja_podworze_DSC5402-1024x744.jpg\" alt=\"\" class=\"wp-image-19388\" srcset=\"http:\/\/lapidarium.fundacja-hereditas.pl\/wp-content\/uploads\/2023\/12\/D_Komorniczak_Warszawa_Dabrowskiego_38_elewacja_podworze_DSC5402-1024x744.jpg 1024w, http:\/\/lapidarium.fundacja-hereditas.pl\/wp-content\/uploads\/2023\/12\/D_Komorniczak_Warszawa_Dabrowskiego_38_elewacja_podworze_DSC5402-300x218.jpg 300w, http:\/\/lapidarium.fundacja-hereditas.pl\/wp-content\/uploads\/2023\/12\/D_Komorniczak_Warszawa_Dabrowskiego_38_elewacja_podworze_DSC5402-768x558.jpg 768w, http:\/\/lapidarium.fundacja-hereditas.pl\/wp-content\/uploads\/2023\/12\/D_Komorniczak_Warszawa_Dabrowskiego_38_elewacja_podworze_DSC5402-1536x1117.jpg 1536w, http:\/\/lapidarium.fundacja-hereditas.pl\/wp-content\/uploads\/2023\/12\/D_Komorniczak_Warszawa_Dabrowskiego_38_elewacja_podworze_DSC5402-2048x1489.jpg 2048w, http:\/\/lapidarium.fundacja-hereditas.pl\/wp-content\/uploads\/2023\/12\/D_Komorniczak_Warszawa_Dabrowskiego_38_elewacja_podworze_DSC5402-150x109.jpg 150w, http:\/\/lapidarium.fundacja-hereditas.pl\/wp-content\/uploads\/2023\/12\/D_Komorniczak_Warszawa_Dabrowskiego_38_elewacja_podworze_DSC5402-696x506.jpg 696w, http:\/\/lapidarium.fundacja-hereditas.pl\/wp-content\/uploads\/2023\/12\/D_Komorniczak_Warszawa_Dabrowskiego_38_elewacja_podworze_DSC5402-1068x776.jpg 1068w, http:\/\/lapidarium.fundacja-hereditas.pl\/wp-content\/uploads\/2023\/12\/D_Komorniczak_Warszawa_Dabrowskiego_38_elewacja_podworze_DSC5402-1920x1396.jpg 1920w\" sizes=\"auto, (max-width: 1024px) 100vw, 1024px\" \/><\/a><figcaption class=\"wp-element-caption\">Podw\u00f3rze. Elewacja p\u00f3\u0142nocna widok og\u00f3lny. Fot. Dagmara Komorniczak. 2023 r., \u017ar\u00f3d\u0142o: Studeo et Conservo XVII.<\/figcaption><\/figure>\n\n\n\n<figure class=\"wp-block-image size-large\"><a href=\"http:\/\/lapidarium.fundacja-hereditas.pl\/wp-content\/uploads\/2023\/12\/D_Komorniczak_Warszawa_Dabrowskiego_38_ryzalit-z-oknem-klatki-schodowej_DSC5405-scaled.jpg\"><img loading=\"lazy\" decoding=\"async\" width=\"1024\" height=\"670\" data-id=\"19390\" src=\"http:\/\/lapidarium.fundacja-hereditas.pl\/wp-content\/uploads\/2023\/12\/D_Komorniczak_Warszawa_Dabrowskiego_38_ryzalit-z-oknem-klatki-schodowej_DSC5405-1024x670.jpg\" alt=\"\" class=\"wp-image-19390\" srcset=\"http:\/\/lapidarium.fundacja-hereditas.pl\/wp-content\/uploads\/2023\/12\/D_Komorniczak_Warszawa_Dabrowskiego_38_ryzalit-z-oknem-klatki-schodowej_DSC5405-1024x670.jpg 1024w, http:\/\/lapidarium.fundacja-hereditas.pl\/wp-content\/uploads\/2023\/12\/D_Komorniczak_Warszawa_Dabrowskiego_38_ryzalit-z-oknem-klatki-schodowej_DSC5405-300x196.jpg 300w, http:\/\/lapidarium.fundacja-hereditas.pl\/wp-content\/uploads\/2023\/12\/D_Komorniczak_Warszawa_Dabrowskiego_38_ryzalit-z-oknem-klatki-schodowej_DSC5405-768x503.jpg 768w, http:\/\/lapidarium.fundacja-hereditas.pl\/wp-content\/uploads\/2023\/12\/D_Komorniczak_Warszawa_Dabrowskiego_38_ryzalit-z-oknem-klatki-schodowej_DSC5405-1536x1005.jpg 1536w, http:\/\/lapidarium.fundacja-hereditas.pl\/wp-content\/uploads\/2023\/12\/D_Komorniczak_Warszawa_Dabrowskiego_38_ryzalit-z-oknem-klatki-schodowej_DSC5405-2048x1340.jpg 2048w, http:\/\/lapidarium.fundacja-hereditas.pl\/wp-content\/uploads\/2023\/12\/D_Komorniczak_Warszawa_Dabrowskiego_38_ryzalit-z-oknem-klatki-schodowej_DSC5405-150x98.jpg 150w, http:\/\/lapidarium.fundacja-hereditas.pl\/wp-content\/uploads\/2023\/12\/D_Komorniczak_Warszawa_Dabrowskiego_38_ryzalit-z-oknem-klatki-schodowej_DSC5405-696x455.jpg 696w, http:\/\/lapidarium.fundacja-hereditas.pl\/wp-content\/uploads\/2023\/12\/D_Komorniczak_Warszawa_Dabrowskiego_38_ryzalit-z-oknem-klatki-schodowej_DSC5405-1068x699.jpg 1068w, http:\/\/lapidarium.fundacja-hereditas.pl\/wp-content\/uploads\/2023\/12\/D_Komorniczak_Warszawa_Dabrowskiego_38_ryzalit-z-oknem-klatki-schodowej_DSC5405-1920x1256.jpg 1920w\" sizes=\"auto, (max-width: 1024px) 100vw, 1024px\" \/><\/a><figcaption class=\"wp-element-caption\">Podw\u00f3rze. Ryzalityczna pseudowie\u017ca, dobud\u00f3wki klatki schodowej w p\u00f3\u0142nocnej elewacji. Dagmara Komorniczak. 2023 r., \u017ar\u00f3d\u0142o: Studeo et Conservo XVII.<\/figcaption><\/figure>\n\n\n\n<figure class=\"wp-block-image size-large\"><a href=\"http:\/\/lapidarium.fundacja-hereditas.pl\/wp-content\/uploads\/2023\/12\/D_Komorniczak_Warszawa_Dabrowskiego_38_boniowanie-przy-oknach-przyziemia-od-podworza_DSC5409-scaled.jpg\"><img loading=\"lazy\" decoding=\"async\" width=\"764\" height=\"1024\" data-id=\"19387\" src=\"http:\/\/lapidarium.fundacja-hereditas.pl\/wp-content\/uploads\/2023\/12\/D_Komorniczak_Warszawa_Dabrowskiego_38_boniowanie-przy-oknach-przyziemia-od-podworza_DSC5409-764x1024.jpg\" alt=\"\" class=\"wp-image-19387\" srcset=\"http:\/\/lapidarium.fundacja-hereditas.pl\/wp-content\/uploads\/2023\/12\/D_Komorniczak_Warszawa_Dabrowskiego_38_boniowanie-przy-oknach-przyziemia-od-podworza_DSC5409-764x1024.jpg 764w, http:\/\/lapidarium.fundacja-hereditas.pl\/wp-content\/uploads\/2023\/12\/D_Komorniczak_Warszawa_Dabrowskiego_38_boniowanie-przy-oknach-przyziemia-od-podworza_DSC5409-224x300.jpg 224w, http:\/\/lapidarium.fundacja-hereditas.pl\/wp-content\/uploads\/2023\/12\/D_Komorniczak_Warszawa_Dabrowskiego_38_boniowanie-przy-oknach-przyziemia-od-podworza_DSC5409-768x1030.jpg 768w, http:\/\/lapidarium.fundacja-hereditas.pl\/wp-content\/uploads\/2023\/12\/D_Komorniczak_Warszawa_Dabrowskiego_38_boniowanie-przy-oknach-przyziemia-od-podworza_DSC5409-1146x1536.jpg 1146w, http:\/\/lapidarium.fundacja-hereditas.pl\/wp-content\/uploads\/2023\/12\/D_Komorniczak_Warszawa_Dabrowskiego_38_boniowanie-przy-oknach-przyziemia-od-podworza_DSC5409-1527x2048.jpg 1527w, http:\/\/lapidarium.fundacja-hereditas.pl\/wp-content\/uploads\/2023\/12\/D_Komorniczak_Warszawa_Dabrowskiego_38_boniowanie-przy-oknach-przyziemia-od-podworza_DSC5409-150x201.jpg 150w, http:\/\/lapidarium.fundacja-hereditas.pl\/wp-content\/uploads\/2023\/12\/D_Komorniczak_Warszawa_Dabrowskiego_38_boniowanie-przy-oknach-przyziemia-od-podworza_DSC5409-300x402.jpg 300w, http:\/\/lapidarium.fundacja-hereditas.pl\/wp-content\/uploads\/2023\/12\/D_Komorniczak_Warszawa_Dabrowskiego_38_boniowanie-przy-oknach-przyziemia-od-podworza_DSC5409-696x933.jpg 696w, http:\/\/lapidarium.fundacja-hereditas.pl\/wp-content\/uploads\/2023\/12\/D_Komorniczak_Warszawa_Dabrowskiego_38_boniowanie-przy-oknach-przyziemia-od-podworza_DSC5409-1068x1432.jpg 1068w, http:\/\/lapidarium.fundacja-hereditas.pl\/wp-content\/uploads\/2023\/12\/D_Komorniczak_Warszawa_Dabrowskiego_38_boniowanie-przy-oknach-przyziemia-od-podworza_DSC5409-1920x2574.jpg 1920w, http:\/\/lapidarium.fundacja-hereditas.pl\/wp-content\/uploads\/2023\/12\/D_Komorniczak_Warszawa_Dabrowskiego_38_boniowanie-przy-oknach-przyziemia-od-podworza_DSC5409-scaled.jpg 1909w\" sizes=\"auto, (max-width: 764px) 100vw, 764px\" \/><\/a><figcaption class=\"wp-element-caption\">Podw\u00f3rze. Elewacja p\u00f3\u0142nocna &#8211; boniowane \u0142uki pod zachodni\u0105 partia budynku. Fot. Dagmara Komorniczak. 2023 r., \u017ar\u00f3d\u0142o: Studeo et Conservo XVII.<\/figcaption><\/figure>\n\n\n\n<figure class=\"wp-block-image size-large\"><a href=\"http:\/\/lapidarium.fundacja-hereditas.pl\/wp-content\/uploads\/2023\/12\/Magdalena_Zaremba_Warszawa_Dabrowskiego_38_Elewacja_Polnocna_Nisza_Dekorajca_Wachlarzowa_2-scaled.jpg\"><img loading=\"lazy\" decoding=\"async\" width=\"773\" height=\"1024\" data-id=\"19398\" src=\"http:\/\/lapidarium.fundacja-hereditas.pl\/wp-content\/uploads\/2023\/12\/Magdalena_Zaremba_Warszawa_Dabrowskiego_38_Elewacja_Polnocna_Nisza_Dekorajca_Wachlarzowa_2-773x1024.jpg\" alt=\"\" class=\"wp-image-19398\" srcset=\"http:\/\/lapidarium.fundacja-hereditas.pl\/wp-content\/uploads\/2023\/12\/Magdalena_Zaremba_Warszawa_Dabrowskiego_38_Elewacja_Polnocna_Nisza_Dekorajca_Wachlarzowa_2-773x1024.jpg 773w, http:\/\/lapidarium.fundacja-hereditas.pl\/wp-content\/uploads\/2023\/12\/Magdalena_Zaremba_Warszawa_Dabrowskiego_38_Elewacja_Polnocna_Nisza_Dekorajca_Wachlarzowa_2-227x300.jpg 227w, http:\/\/lapidarium.fundacja-hereditas.pl\/wp-content\/uploads\/2023\/12\/Magdalena_Zaremba_Warszawa_Dabrowskiego_38_Elewacja_Polnocna_Nisza_Dekorajca_Wachlarzowa_2-768x1017.jpg 768w, http:\/\/lapidarium.fundacja-hereditas.pl\/wp-content\/uploads\/2023\/12\/Magdalena_Zaremba_Warszawa_Dabrowskiego_38_Elewacja_Polnocna_Nisza_Dekorajca_Wachlarzowa_2-1160x1536.jpg 1160w, http:\/\/lapidarium.fundacja-hereditas.pl\/wp-content\/uploads\/2023\/12\/Magdalena_Zaremba_Warszawa_Dabrowskiego_38_Elewacja_Polnocna_Nisza_Dekorajca_Wachlarzowa_2-1546x2048.jpg 1546w, http:\/\/lapidarium.fundacja-hereditas.pl\/wp-content\/uploads\/2023\/12\/Magdalena_Zaremba_Warszawa_Dabrowskiego_38_Elewacja_Polnocna_Nisza_Dekorajca_Wachlarzowa_2-150x199.jpg 150w, http:\/\/lapidarium.fundacja-hereditas.pl\/wp-content\/uploads\/2023\/12\/Magdalena_Zaremba_Warszawa_Dabrowskiego_38_Elewacja_Polnocna_Nisza_Dekorajca_Wachlarzowa_2-300x397.jpg 300w, http:\/\/lapidarium.fundacja-hereditas.pl\/wp-content\/uploads\/2023\/12\/Magdalena_Zaremba_Warszawa_Dabrowskiego_38_Elewacja_Polnocna_Nisza_Dekorajca_Wachlarzowa_2-696x922.jpg 696w, http:\/\/lapidarium.fundacja-hereditas.pl\/wp-content\/uploads\/2023\/12\/Magdalena_Zaremba_Warszawa_Dabrowskiego_38_Elewacja_Polnocna_Nisza_Dekorajca_Wachlarzowa_2-1068x1414.jpg 1068w, http:\/\/lapidarium.fundacja-hereditas.pl\/wp-content\/uploads\/2023\/12\/Magdalena_Zaremba_Warszawa_Dabrowskiego_38_Elewacja_Polnocna_Nisza_Dekorajca_Wachlarzowa_2-1920x2543.jpg 1920w, http:\/\/lapidarium.fundacja-hereditas.pl\/wp-content\/uploads\/2023\/12\/Magdalena_Zaremba_Warszawa_Dabrowskiego_38_Elewacja_Polnocna_Nisza_Dekorajca_Wachlarzowa_2-scaled.jpg 1933w\" sizes=\"auto, (max-width: 773px) 100vw, 773px\" \/><\/a><figcaption class=\"wp-element-caption\">Podw\u00f3rze. Aedicula w elewacji p\u00f3\u0142nocnej przy schodach ku drzwiom na klatk\u0119. Fot. Magdalena Zaremba. 2023 r., \u017ar\u00f3d\u0142o: Studeo et Conservo XVII.<\/figcaption><\/figure>\n\n\n\n<figure class=\"wp-block-image size-large\"><a href=\"http:\/\/lapidarium.fundacja-hereditas.pl\/wp-content\/uploads\/2023\/12\/Magdalena_Zaremba_Warszawa_Dabrowskiego_38_Elewacja_Polnocna_Nisza_Dekorajca_Wachlarzowa_1-scaled.jpg\"><img loading=\"lazy\" decoding=\"async\" width=\"1024\" height=\"761\" data-id=\"19397\" src=\"http:\/\/lapidarium.fundacja-hereditas.pl\/wp-content\/uploads\/2023\/12\/Magdalena_Zaremba_Warszawa_Dabrowskiego_38_Elewacja_Polnocna_Nisza_Dekorajca_Wachlarzowa_1-1024x761.jpg\" alt=\"\" class=\"wp-image-19397\" srcset=\"http:\/\/lapidarium.fundacja-hereditas.pl\/wp-content\/uploads\/2023\/12\/Magdalena_Zaremba_Warszawa_Dabrowskiego_38_Elewacja_Polnocna_Nisza_Dekorajca_Wachlarzowa_1-1024x761.jpg 1024w, http:\/\/lapidarium.fundacja-hereditas.pl\/wp-content\/uploads\/2023\/12\/Magdalena_Zaremba_Warszawa_Dabrowskiego_38_Elewacja_Polnocna_Nisza_Dekorajca_Wachlarzowa_1-300x223.jpg 300w, http:\/\/lapidarium.fundacja-hereditas.pl\/wp-content\/uploads\/2023\/12\/Magdalena_Zaremba_Warszawa_Dabrowskiego_38_Elewacja_Polnocna_Nisza_Dekorajca_Wachlarzowa_1-768x571.jpg 768w, http:\/\/lapidarium.fundacja-hereditas.pl\/wp-content\/uploads\/2023\/12\/Magdalena_Zaremba_Warszawa_Dabrowskiego_38_Elewacja_Polnocna_Nisza_Dekorajca_Wachlarzowa_1-1536x1141.jpg 1536w, http:\/\/lapidarium.fundacja-hereditas.pl\/wp-content\/uploads\/2023\/12\/Magdalena_Zaremba_Warszawa_Dabrowskiego_38_Elewacja_Polnocna_Nisza_Dekorajca_Wachlarzowa_1-2048x1522.jpg 2048w, http:\/\/lapidarium.fundacja-hereditas.pl\/wp-content\/uploads\/2023\/12\/Magdalena_Zaremba_Warszawa_Dabrowskiego_38_Elewacja_Polnocna_Nisza_Dekorajca_Wachlarzowa_1-150x111.jpg 150w, http:\/\/lapidarium.fundacja-hereditas.pl\/wp-content\/uploads\/2023\/12\/Magdalena_Zaremba_Warszawa_Dabrowskiego_38_Elewacja_Polnocna_Nisza_Dekorajca_Wachlarzowa_1-485x360.jpg 485w, http:\/\/lapidarium.fundacja-hereditas.pl\/wp-content\/uploads\/2023\/12\/Magdalena_Zaremba_Warszawa_Dabrowskiego_38_Elewacja_Polnocna_Nisza_Dekorajca_Wachlarzowa_1-696x517.jpg 696w, http:\/\/lapidarium.fundacja-hereditas.pl\/wp-content\/uploads\/2023\/12\/Magdalena_Zaremba_Warszawa_Dabrowskiego_38_Elewacja_Polnocna_Nisza_Dekorajca_Wachlarzowa_1-1068x794.jpg 1068w, http:\/\/lapidarium.fundacja-hereditas.pl\/wp-content\/uploads\/2023\/12\/Magdalena_Zaremba_Warszawa_Dabrowskiego_38_Elewacja_Polnocna_Nisza_Dekorajca_Wachlarzowa_1-1920x1427.jpg 1920w\" sizes=\"auto, (max-width: 1024px) 100vw, 1024px\" \/><\/a><figcaption class=\"wp-element-caption\">Podw\u00f3rze. Aedicula w elewacji p\u00f3\u0142nocnej przy schodach ku drzwiom na klatk\u0119. Fot. Magdalena Zaremba. 2023 r., \u017ar\u00f3d\u0142o: Studeo et Conservo XVII.<\/figcaption><\/figure>\n\n\n\n<figure class=\"wp-block-image size-large\"><a href=\"http:\/\/lapidarium.fundacja-hereditas.pl\/wp-content\/uploads\/2023\/12\/D_Komorniczak_Warszawa_Dabrowskiego_38_wejscie-jedynej-klatki_podworze_DSC5404-scaled.jpg\"><img loading=\"lazy\" decoding=\"async\" width=\"691\" height=\"1024\" data-id=\"19392\" src=\"http:\/\/lapidarium.fundacja-hereditas.pl\/wp-content\/uploads\/2023\/12\/D_Komorniczak_Warszawa_Dabrowskiego_38_wejscie-jedynej-klatki_podworze_DSC5404-691x1024.jpg\" alt=\"\" class=\"wp-image-19392\" srcset=\"http:\/\/lapidarium.fundacja-hereditas.pl\/wp-content\/uploads\/2023\/12\/D_Komorniczak_Warszawa_Dabrowskiego_38_wejscie-jedynej-klatki_podworze_DSC5404-691x1024.jpg 691w, http:\/\/lapidarium.fundacja-hereditas.pl\/wp-content\/uploads\/2023\/12\/D_Komorniczak_Warszawa_Dabrowskiego_38_wejscie-jedynej-klatki_podworze_DSC5404-203x300.jpg 203w, http:\/\/lapidarium.fundacja-hereditas.pl\/wp-content\/uploads\/2023\/12\/D_Komorniczak_Warszawa_Dabrowskiego_38_wejscie-jedynej-klatki_podworze_DSC5404-768x1137.jpg 768w, http:\/\/lapidarium.fundacja-hereditas.pl\/wp-content\/uploads\/2023\/12\/D_Komorniczak_Warszawa_Dabrowskiego_38_wejscie-jedynej-klatki_podworze_DSC5404-1037x1536.jpg 1037w, http:\/\/lapidarium.fundacja-hereditas.pl\/wp-content\/uploads\/2023\/12\/D_Komorniczak_Warszawa_Dabrowskiego_38_wejscie-jedynej-klatki_podworze_DSC5404-1383x2048.jpg 1383w, http:\/\/lapidarium.fundacja-hereditas.pl\/wp-content\/uploads\/2023\/12\/D_Komorniczak_Warszawa_Dabrowskiego_38_wejscie-jedynej-klatki_podworze_DSC5404-150x222.jpg 150w, http:\/\/lapidarium.fundacja-hereditas.pl\/wp-content\/uploads\/2023\/12\/D_Komorniczak_Warszawa_Dabrowskiego_38_wejscie-jedynej-klatki_podworze_DSC5404-300x444.jpg 300w, http:\/\/lapidarium.fundacja-hereditas.pl\/wp-content\/uploads\/2023\/12\/D_Komorniczak_Warszawa_Dabrowskiego_38_wejscie-jedynej-klatki_podworze_DSC5404-696x1031.jpg 696w, http:\/\/lapidarium.fundacja-hereditas.pl\/wp-content\/uploads\/2023\/12\/D_Komorniczak_Warszawa_Dabrowskiego_38_wejscie-jedynej-klatki_podworze_DSC5404-1068x1582.jpg 1068w, http:\/\/lapidarium.fundacja-hereditas.pl\/wp-content\/uploads\/2023\/12\/D_Komorniczak_Warszawa_Dabrowskiego_38_wejscie-jedynej-klatki_podworze_DSC5404-1920x2844.jpg 1920w, http:\/\/lapidarium.fundacja-hereditas.pl\/wp-content\/uploads\/2023\/12\/D_Komorniczak_Warszawa_Dabrowskiego_38_wejscie-jedynej-klatki_podworze_DSC5404-scaled.jpg 1728w\" sizes=\"auto, (max-width: 691px) 100vw, 691px\" \/><\/a><figcaption class=\"wp-element-caption\">Podw\u00f3rze &#8211; elewacja p\u00f3\u0142nocna przy schodach ku drzwiom na klatk\u0119 schodow\u0105. Dagmara Komorniczak. 2023 r., \u017ar\u00f3d\u0142o: Studeo et Conservo XVII.<\/figcaption><\/figure>\n\n\n\n<figure class=\"wp-block-image size-large\"><a href=\"http:\/\/lapidarium.fundacja-hereditas.pl\/wp-content\/uploads\/2023\/12\/A_Koszewska_Warszawa_Dabrowskiego_38_wejscie_do-budynku-scaled.jpg\"><img loading=\"lazy\" decoding=\"async\" width=\"769\" height=\"1024\" data-id=\"19385\" src=\"http:\/\/lapidarium.fundacja-hereditas.pl\/wp-content\/uploads\/2023\/12\/A_Koszewska_Warszawa_Dabrowskiego_38_wejscie_do-budynku-769x1024.jpg\" alt=\"\" class=\"wp-image-19385\" srcset=\"http:\/\/lapidarium.fundacja-hereditas.pl\/wp-content\/uploads\/2023\/12\/A_Koszewska_Warszawa_Dabrowskiego_38_wejscie_do-budynku-769x1024.jpg 769w, http:\/\/lapidarium.fundacja-hereditas.pl\/wp-content\/uploads\/2023\/12\/A_Koszewska_Warszawa_Dabrowskiego_38_wejscie_do-budynku-225x300.jpg 225w, http:\/\/lapidarium.fundacja-hereditas.pl\/wp-content\/uploads\/2023\/12\/A_Koszewska_Warszawa_Dabrowskiego_38_wejscie_do-budynku-768x1022.jpg 768w, http:\/\/lapidarium.fundacja-hereditas.pl\/wp-content\/uploads\/2023\/12\/A_Koszewska_Warszawa_Dabrowskiego_38_wejscie_do-budynku-1154x1536.jpg 1154w, http:\/\/lapidarium.fundacja-hereditas.pl\/wp-content\/uploads\/2023\/12\/A_Koszewska_Warszawa_Dabrowskiego_38_wejscie_do-budynku-1538x2048.jpg 1538w, http:\/\/lapidarium.fundacja-hereditas.pl\/wp-content\/uploads\/2023\/12\/A_Koszewska_Warszawa_Dabrowskiego_38_wejscie_do-budynku-150x200.jpg 150w, http:\/\/lapidarium.fundacja-hereditas.pl\/wp-content\/uploads\/2023\/12\/A_Koszewska_Warszawa_Dabrowskiego_38_wejscie_do-budynku-300x399.jpg 300w, http:\/\/lapidarium.fundacja-hereditas.pl\/wp-content\/uploads\/2023\/12\/A_Koszewska_Warszawa_Dabrowskiego_38_wejscie_do-budynku-696x927.jpg 696w, http:\/\/lapidarium.fundacja-hereditas.pl\/wp-content\/uploads\/2023\/12\/A_Koszewska_Warszawa_Dabrowskiego_38_wejscie_do-budynku-1068x1422.jpg 1068w, http:\/\/lapidarium.fundacja-hereditas.pl\/wp-content\/uploads\/2023\/12\/A_Koszewska_Warszawa_Dabrowskiego_38_wejscie_do-budynku-1920x2556.jpg 1920w, http:\/\/lapidarium.fundacja-hereditas.pl\/wp-content\/uploads\/2023\/12\/A_Koszewska_Warszawa_Dabrowskiego_38_wejscie_do-budynku-scaled.jpg 1923w\" sizes=\"auto, (max-width: 769px) 100vw, 769px\" \/><\/a><figcaption class=\"wp-element-caption\">Podw\u00f3rze. Aedicula w elewacji p\u00f3\u0142nocnej przy schodach ku drzwiom na klatk\u0119. Fot. Aleksandra Koszewska. 2023 r., \u017ar\u00f3d\u0142o: Studeo et Conservo XVII.<\/figcaption><\/figure>\n\n\n\n<figure class=\"wp-block-image size-large\"><a href=\"http:\/\/lapidarium.fundacja-hereditas.pl\/wp-content\/uploads\/2023\/12\/Magdalena_Zaremba_Warszawa_Dabrowskiego_38_Glowna_Klatka_Schodowa_Drzwi_Zewnetrzne-scaled.jpg\"><img loading=\"lazy\" decoding=\"async\" width=\"770\" height=\"1024\" data-id=\"19399\" src=\"http:\/\/lapidarium.fundacja-hereditas.pl\/wp-content\/uploads\/2023\/12\/Magdalena_Zaremba_Warszawa_Dabrowskiego_38_Glowna_Klatka_Schodowa_Drzwi_Zewnetrzne-770x1024.jpg\" alt=\"\" class=\"wp-image-19399\" srcset=\"http:\/\/lapidarium.fundacja-hereditas.pl\/wp-content\/uploads\/2023\/12\/Magdalena_Zaremba_Warszawa_Dabrowskiego_38_Glowna_Klatka_Schodowa_Drzwi_Zewnetrzne-770x1024.jpg 770w, http:\/\/lapidarium.fundacja-hereditas.pl\/wp-content\/uploads\/2023\/12\/Magdalena_Zaremba_Warszawa_Dabrowskiego_38_Glowna_Klatka_Schodowa_Drzwi_Zewnetrzne-226x300.jpg 226w, http:\/\/lapidarium.fundacja-hereditas.pl\/wp-content\/uploads\/2023\/12\/Magdalena_Zaremba_Warszawa_Dabrowskiego_38_Glowna_Klatka_Schodowa_Drzwi_Zewnetrzne-768x1021.jpg 768w, http:\/\/lapidarium.fundacja-hereditas.pl\/wp-content\/uploads\/2023\/12\/Magdalena_Zaremba_Warszawa_Dabrowskiego_38_Glowna_Klatka_Schodowa_Drzwi_Zewnetrzne-1155x1536.jpg 1155w, http:\/\/lapidarium.fundacja-hereditas.pl\/wp-content\/uploads\/2023\/12\/Magdalena_Zaremba_Warszawa_Dabrowskiego_38_Glowna_Klatka_Schodowa_Drzwi_Zewnetrzne-1541x2048.jpg 1541w, http:\/\/lapidarium.fundacja-hereditas.pl\/wp-content\/uploads\/2023\/12\/Magdalena_Zaremba_Warszawa_Dabrowskiego_38_Glowna_Klatka_Schodowa_Drzwi_Zewnetrzne-150x199.jpg 150w, http:\/\/lapidarium.fundacja-hereditas.pl\/wp-content\/uploads\/2023\/12\/Magdalena_Zaremba_Warszawa_Dabrowskiego_38_Glowna_Klatka_Schodowa_Drzwi_Zewnetrzne-300x399.jpg 300w, http:\/\/lapidarium.fundacja-hereditas.pl\/wp-content\/uploads\/2023\/12\/Magdalena_Zaremba_Warszawa_Dabrowskiego_38_Glowna_Klatka_Schodowa_Drzwi_Zewnetrzne-696x925.jpg 696w, http:\/\/lapidarium.fundacja-hereditas.pl\/wp-content\/uploads\/2023\/12\/Magdalena_Zaremba_Warszawa_Dabrowskiego_38_Glowna_Klatka_Schodowa_Drzwi_Zewnetrzne-1068x1420.jpg 1068w, http:\/\/lapidarium.fundacja-hereditas.pl\/wp-content\/uploads\/2023\/12\/Magdalena_Zaremba_Warszawa_Dabrowskiego_38_Glowna_Klatka_Schodowa_Drzwi_Zewnetrzne-1920x2552.jpg 1920w, http:\/\/lapidarium.fundacja-hereditas.pl\/wp-content\/uploads\/2023\/12\/Magdalena_Zaremba_Warszawa_Dabrowskiego_38_Glowna_Klatka_Schodowa_Drzwi_Zewnetrzne-scaled.jpg 1926w\" sizes=\"auto, (max-width: 770px) 100vw, 770px\" \/><\/a><figcaption class=\"wp-element-caption\">Podw\u00f3rze &#8211; schody ku drzwiom na klatk\u0119. Fot. Magdalena Zaremba. 2023 r., \u017ar\u00f3d\u0142o: Studeo et Conservo XVII.<\/figcaption><\/figure>\n\n\n\n<figure class=\"wp-block-image size-large\"><a href=\"http:\/\/lapidarium.fundacja-hereditas.pl\/wp-content\/uploads\/2023\/12\/Magdalena_Zaremba_Warszawa_Dabrowskiego_38_Glowna_Klatka_Schodowa_Drzwi_Zewnetrzne_2-scaled.jpg\"><img loading=\"lazy\" decoding=\"async\" width=\"772\" height=\"1024\" data-id=\"19400\" src=\"http:\/\/lapidarium.fundacja-hereditas.pl\/wp-content\/uploads\/2023\/12\/Magdalena_Zaremba_Warszawa_Dabrowskiego_38_Glowna_Klatka_Schodowa_Drzwi_Zewnetrzne_2-772x1024.jpg\" alt=\"\" class=\"wp-image-19400\" srcset=\"http:\/\/lapidarium.fundacja-hereditas.pl\/wp-content\/uploads\/2023\/12\/Magdalena_Zaremba_Warszawa_Dabrowskiego_38_Glowna_Klatka_Schodowa_Drzwi_Zewnetrzne_2-772x1024.jpg 772w, http:\/\/lapidarium.fundacja-hereditas.pl\/wp-content\/uploads\/2023\/12\/Magdalena_Zaremba_Warszawa_Dabrowskiego_38_Glowna_Klatka_Schodowa_Drzwi_Zewnetrzne_2-226x300.jpg 226w, http:\/\/lapidarium.fundacja-hereditas.pl\/wp-content\/uploads\/2023\/12\/Magdalena_Zaremba_Warszawa_Dabrowskiego_38_Glowna_Klatka_Schodowa_Drzwi_Zewnetrzne_2-768x1019.jpg 768w, http:\/\/lapidarium.fundacja-hereditas.pl\/wp-content\/uploads\/2023\/12\/Magdalena_Zaremba_Warszawa_Dabrowskiego_38_Glowna_Klatka_Schodowa_Drzwi_Zewnetrzne_2-1157x1536.jpg 1157w, http:\/\/lapidarium.fundacja-hereditas.pl\/wp-content\/uploads\/2023\/12\/Magdalena_Zaremba_Warszawa_Dabrowskiego_38_Glowna_Klatka_Schodowa_Drzwi_Zewnetrzne_2-1543x2048.jpg 1543w, http:\/\/lapidarium.fundacja-hereditas.pl\/wp-content\/uploads\/2023\/12\/Magdalena_Zaremba_Warszawa_Dabrowskiego_38_Glowna_Klatka_Schodowa_Drzwi_Zewnetrzne_2-150x199.jpg 150w, http:\/\/lapidarium.fundacja-hereditas.pl\/wp-content\/uploads\/2023\/12\/Magdalena_Zaremba_Warszawa_Dabrowskiego_38_Glowna_Klatka_Schodowa_Drzwi_Zewnetrzne_2-300x398.jpg 300w, http:\/\/lapidarium.fundacja-hereditas.pl\/wp-content\/uploads\/2023\/12\/Magdalena_Zaremba_Warszawa_Dabrowskiego_38_Glowna_Klatka_Schodowa_Drzwi_Zewnetrzne_2-696x924.jpg 696w, http:\/\/lapidarium.fundacja-hereditas.pl\/wp-content\/uploads\/2023\/12\/Magdalena_Zaremba_Warszawa_Dabrowskiego_38_Glowna_Klatka_Schodowa_Drzwi_Zewnetrzne_2-1068x1417.jpg 1068w, http:\/\/lapidarium.fundacja-hereditas.pl\/wp-content\/uploads\/2023\/12\/Magdalena_Zaremba_Warszawa_Dabrowskiego_38_Glowna_Klatka_Schodowa_Drzwi_Zewnetrzne_2-1920x2548.jpg 1920w, http:\/\/lapidarium.fundacja-hereditas.pl\/wp-content\/uploads\/2023\/12\/Magdalena_Zaremba_Warszawa_Dabrowskiego_38_Glowna_Klatka_Schodowa_Drzwi_Zewnetrzne_2-scaled.jpg 1929w\" sizes=\"auto, (max-width: 772px) 100vw, 772px\" \/><\/a><figcaption class=\"wp-element-caption\">Podw\u00f3rze &#8211; drzwi na klatk\u0119 schodow\u0105. Fot. Magdalena Zaremba. 2023 r., \u017ar\u00f3d\u0142o: Studeo et Conservo XVII.<\/figcaption><\/figure>\n\n\n\n<figure class=\"wp-block-image size-large\"><a href=\"http:\/\/lapidarium.fundacja-hereditas.pl\/wp-content\/uploads\/2023\/12\/Magdalena_Zaremba_Warszawa_Dabrowskiego_38_Glowna_Klatka_Schodowa_Drzwi_Zewnetrzne_Pochwyt-scaled.jpg\"><img loading=\"lazy\" decoding=\"async\" width=\"779\" height=\"1024\" data-id=\"19401\" src=\"http:\/\/lapidarium.fundacja-hereditas.pl\/wp-content\/uploads\/2023\/12\/Magdalena_Zaremba_Warszawa_Dabrowskiego_38_Glowna_Klatka_Schodowa_Drzwi_Zewnetrzne_Pochwyt-779x1024.jpg\" alt=\"\" class=\"wp-image-19401\" srcset=\"http:\/\/lapidarium.fundacja-hereditas.pl\/wp-content\/uploads\/2023\/12\/Magdalena_Zaremba_Warszawa_Dabrowskiego_38_Glowna_Klatka_Schodowa_Drzwi_Zewnetrzne_Pochwyt-779x1024.jpg 779w, http:\/\/lapidarium.fundacja-hereditas.pl\/wp-content\/uploads\/2023\/12\/Magdalena_Zaremba_Warszawa_Dabrowskiego_38_Glowna_Klatka_Schodowa_Drzwi_Zewnetrzne_Pochwyt-228x300.jpg 228w, http:\/\/lapidarium.fundacja-hereditas.pl\/wp-content\/uploads\/2023\/12\/Magdalena_Zaremba_Warszawa_Dabrowskiego_38_Glowna_Klatka_Schodowa_Drzwi_Zewnetrzne_Pochwyt-768x1009.jpg 768w, http:\/\/lapidarium.fundacja-hereditas.pl\/wp-content\/uploads\/2023\/12\/Magdalena_Zaremba_Warszawa_Dabrowskiego_38_Glowna_Klatka_Schodowa_Drzwi_Zewnetrzne_Pochwyt-1169x1536.jpg 1169w, http:\/\/lapidarium.fundacja-hereditas.pl\/wp-content\/uploads\/2023\/12\/Magdalena_Zaremba_Warszawa_Dabrowskiego_38_Glowna_Klatka_Schodowa_Drzwi_Zewnetrzne_Pochwyt-1559x2048.jpg 1559w, http:\/\/lapidarium.fundacja-hereditas.pl\/wp-content\/uploads\/2023\/12\/Magdalena_Zaremba_Warszawa_Dabrowskiego_38_Glowna_Klatka_Schodowa_Drzwi_Zewnetrzne_Pochwyt-150x197.jpg 150w, http:\/\/lapidarium.fundacja-hereditas.pl\/wp-content\/uploads\/2023\/12\/Magdalena_Zaremba_Warszawa_Dabrowskiego_38_Glowna_Klatka_Schodowa_Drzwi_Zewnetrzne_Pochwyt-300x394.jpg 300w, http:\/\/lapidarium.fundacja-hereditas.pl\/wp-content\/uploads\/2023\/12\/Magdalena_Zaremba_Warszawa_Dabrowskiego_38_Glowna_Klatka_Schodowa_Drzwi_Zewnetrzne_Pochwyt-696x915.jpg 696w, http:\/\/lapidarium.fundacja-hereditas.pl\/wp-content\/uploads\/2023\/12\/Magdalena_Zaremba_Warszawa_Dabrowskiego_38_Glowna_Klatka_Schodowa_Drzwi_Zewnetrzne_Pochwyt-1068x1403.jpg 1068w, http:\/\/lapidarium.fundacja-hereditas.pl\/wp-content\/uploads\/2023\/12\/Magdalena_Zaremba_Warszawa_Dabrowskiego_38_Glowna_Klatka_Schodowa_Drzwi_Zewnetrzne_Pochwyt-1920x2523.jpg 1920w, http:\/\/lapidarium.fundacja-hereditas.pl\/wp-content\/uploads\/2023\/12\/Magdalena_Zaremba_Warszawa_Dabrowskiego_38_Glowna_Klatka_Schodowa_Drzwi_Zewnetrzne_Pochwyt-scaled.jpg 1948w\" sizes=\"auto, (max-width: 779px) 100vw, 779px\" \/><\/a><figcaption class=\"wp-element-caption\">Podw\u00f3rze &#8211; podchwyt u drzwi na klatk\u0119 schodow\u0105. Fot. Magdalena Zaremba. 2023 r., \u017ar\u00f3d\u0142o: Studeo et Conservo XVII.<\/figcaption><\/figure>\n\n\n\n<figure class=\"wp-block-image size-large\"><a href=\"http:\/\/lapidarium.fundacja-hereditas.pl\/wp-content\/uploads\/2023\/12\/Magdalena_Zaremba_Warszawa_Dabrowskiego_38_Glowna_Klatka_Schodowa_Drzwi_Zewnetrzne_Rewers-scaled.jpg\"><img loading=\"lazy\" decoding=\"async\" width=\"764\" height=\"1024\" data-id=\"19376\" src=\"http:\/\/lapidarium.fundacja-hereditas.pl\/wp-content\/uploads\/2023\/12\/Magdalena_Zaremba_Warszawa_Dabrowskiego_38_Glowna_Klatka_Schodowa_Drzwi_Zewnetrzne_Rewers-764x1024.jpg\" alt=\"\" class=\"wp-image-19376\" srcset=\"http:\/\/lapidarium.fundacja-hereditas.pl\/wp-content\/uploads\/2023\/12\/Magdalena_Zaremba_Warszawa_Dabrowskiego_38_Glowna_Klatka_Schodowa_Drzwi_Zewnetrzne_Rewers-764x1024.jpg 764w, http:\/\/lapidarium.fundacja-hereditas.pl\/wp-content\/uploads\/2023\/12\/Magdalena_Zaremba_Warszawa_Dabrowskiego_38_Glowna_Klatka_Schodowa_Drzwi_Zewnetrzne_Rewers-224x300.jpg 224w, http:\/\/lapidarium.fundacja-hereditas.pl\/wp-content\/uploads\/2023\/12\/Magdalena_Zaremba_Warszawa_Dabrowskiego_38_Glowna_Klatka_Schodowa_Drzwi_Zewnetrzne_Rewers-768x1029.jpg 768w, http:\/\/lapidarium.fundacja-hereditas.pl\/wp-content\/uploads\/2023\/12\/Magdalena_Zaremba_Warszawa_Dabrowskiego_38_Glowna_Klatka_Schodowa_Drzwi_Zewnetrzne_Rewers-1146x1536.jpg 1146w, http:\/\/lapidarium.fundacja-hereditas.pl\/wp-content\/uploads\/2023\/12\/Magdalena_Zaremba_Warszawa_Dabrowskiego_38_Glowna_Klatka_Schodowa_Drzwi_Zewnetrzne_Rewers-1528x2048.jpg 1528w, http:\/\/lapidarium.fundacja-hereditas.pl\/wp-content\/uploads\/2023\/12\/Magdalena_Zaremba_Warszawa_Dabrowskiego_38_Glowna_Klatka_Schodowa_Drzwi_Zewnetrzne_Rewers-150x201.jpg 150w, http:\/\/lapidarium.fundacja-hereditas.pl\/wp-content\/uploads\/2023\/12\/Magdalena_Zaremba_Warszawa_Dabrowskiego_38_Glowna_Klatka_Schodowa_Drzwi_Zewnetrzne_Rewers-300x402.jpg 300w, http:\/\/lapidarium.fundacja-hereditas.pl\/wp-content\/uploads\/2023\/12\/Magdalena_Zaremba_Warszawa_Dabrowskiego_38_Glowna_Klatka_Schodowa_Drzwi_Zewnetrzne_Rewers-696x933.jpg 696w, http:\/\/lapidarium.fundacja-hereditas.pl\/wp-content\/uploads\/2023\/12\/Magdalena_Zaremba_Warszawa_Dabrowskiego_38_Glowna_Klatka_Schodowa_Drzwi_Zewnetrzne_Rewers-1068x1431.jpg 1068w, http:\/\/lapidarium.fundacja-hereditas.pl\/wp-content\/uploads\/2023\/12\/Magdalena_Zaremba_Warszawa_Dabrowskiego_38_Glowna_Klatka_Schodowa_Drzwi_Zewnetrzne_Rewers-1920x2573.jpg 1920w, http:\/\/lapidarium.fundacja-hereditas.pl\/wp-content\/uploads\/2023\/12\/Magdalena_Zaremba_Warszawa_Dabrowskiego_38_Glowna_Klatka_Schodowa_Drzwi_Zewnetrzne_Rewers-scaled.jpg 1910w\" sizes=\"auto, (max-width: 764px) 100vw, 764px\" \/><\/a><figcaption class=\"wp-element-caption\">Klatka. Drzwi na podw\u00f3rze. Fot. Magdalena Zaremba. 2023 r., \u017ar\u00f3d\u0142o: Studeo et Conservo XVII.<\/figcaption><\/figure>\n\n\n\n<figure class=\"wp-block-image size-large\"><a href=\"http:\/\/lapidarium.fundacja-hereditas.pl\/wp-content\/uploads\/2023\/12\/Magdalena_Zaremba_Warszawa_Dabrowskiego_38_Glowna_Klatka_Schodowa-scaled.jpg\"><img loading=\"lazy\" decoding=\"async\" width=\"776\" height=\"1024\" data-id=\"19374\" src=\"http:\/\/lapidarium.fundacja-hereditas.pl\/wp-content\/uploads\/2023\/12\/Magdalena_Zaremba_Warszawa_Dabrowskiego_38_Glowna_Klatka_Schodowa-776x1024.jpg\" alt=\"\" class=\"wp-image-19374\" srcset=\"http:\/\/lapidarium.fundacja-hereditas.pl\/wp-content\/uploads\/2023\/12\/Magdalena_Zaremba_Warszawa_Dabrowskiego_38_Glowna_Klatka_Schodowa-776x1024.jpg 776w, http:\/\/lapidarium.fundacja-hereditas.pl\/wp-content\/uploads\/2023\/12\/Magdalena_Zaremba_Warszawa_Dabrowskiego_38_Glowna_Klatka_Schodowa-227x300.jpg 227w, http:\/\/lapidarium.fundacja-hereditas.pl\/wp-content\/uploads\/2023\/12\/Magdalena_Zaremba_Warszawa_Dabrowskiego_38_Glowna_Klatka_Schodowa-768x1013.jpg 768w, http:\/\/lapidarium.fundacja-hereditas.pl\/wp-content\/uploads\/2023\/12\/Magdalena_Zaremba_Warszawa_Dabrowskiego_38_Glowna_Klatka_Schodowa-1164x1536.jpg 1164w, http:\/\/lapidarium.fundacja-hereditas.pl\/wp-content\/uploads\/2023\/12\/Magdalena_Zaremba_Warszawa_Dabrowskiego_38_Glowna_Klatka_Schodowa-1552x2048.jpg 1552w, http:\/\/lapidarium.fundacja-hereditas.pl\/wp-content\/uploads\/2023\/12\/Magdalena_Zaremba_Warszawa_Dabrowskiego_38_Glowna_Klatka_Schodowa-150x198.jpg 150w, http:\/\/lapidarium.fundacja-hereditas.pl\/wp-content\/uploads\/2023\/12\/Magdalena_Zaremba_Warszawa_Dabrowskiego_38_Glowna_Klatka_Schodowa-300x396.jpg 300w, http:\/\/lapidarium.fundacja-hereditas.pl\/wp-content\/uploads\/2023\/12\/Magdalena_Zaremba_Warszawa_Dabrowskiego_38_Glowna_Klatka_Schodowa-696x918.jpg 696w, http:\/\/lapidarium.fundacja-hereditas.pl\/wp-content\/uploads\/2023\/12\/Magdalena_Zaremba_Warszawa_Dabrowskiego_38_Glowna_Klatka_Schodowa-1068x1409.jpg 1068w, http:\/\/lapidarium.fundacja-hereditas.pl\/wp-content\/uploads\/2023\/12\/Magdalena_Zaremba_Warszawa_Dabrowskiego_38_Glowna_Klatka_Schodowa-1920x2534.jpg 1920w, http:\/\/lapidarium.fundacja-hereditas.pl\/wp-content\/uploads\/2023\/12\/Magdalena_Zaremba_Warszawa_Dabrowskiego_38_Glowna_Klatka_Schodowa-scaled.jpg 1940w\" sizes=\"auto, (max-width: 776px) 100vw, 776px\" \/><\/a><figcaption class=\"wp-element-caption\">Klatka. Widok z I-go pi\u0119tra na wyj\u015bcie z klatki schodowej i zej\u015bcie do suteren. Fot. Magdalena Zaremba. 2023 r., \u017ar\u00f3d\u0142o: Studeo et Conservo XVII.<\/figcaption><\/figure>\n\n\n\n<figure class=\"wp-block-image size-large\"><a href=\"http:\/\/lapidarium.fundacja-hereditas.pl\/wp-content\/uploads\/2023\/12\/A_Koszewska_Warszawa_Dabrowskiego_38_posadzka_wejscie_do_budynku1-scaled.jpg\"><img loading=\"lazy\" decoding=\"async\" width=\"816\" height=\"1024\" data-id=\"19671\" src=\"http:\/\/lapidarium.fundacja-hereditas.pl\/wp-content\/uploads\/2023\/12\/A_Koszewska_Warszawa_Dabrowskiego_38_posadzka_wejscie_do_budynku1-816x1024.jpg\" alt=\"\" class=\"wp-image-19671\" srcset=\"http:\/\/lapidarium.fundacja-hereditas.pl\/wp-content\/uploads\/2023\/12\/A_Koszewska_Warszawa_Dabrowskiego_38_posadzka_wejscie_do_budynku1-816x1024.jpg 816w, http:\/\/lapidarium.fundacja-hereditas.pl\/wp-content\/uploads\/2023\/12\/A_Koszewska_Warszawa_Dabrowskiego_38_posadzka_wejscie_do_budynku1-239x300.jpg 239w, http:\/\/lapidarium.fundacja-hereditas.pl\/wp-content\/uploads\/2023\/12\/A_Koszewska_Warszawa_Dabrowskiego_38_posadzka_wejscie_do_budynku1-768x964.jpg 768w, http:\/\/lapidarium.fundacja-hereditas.pl\/wp-content\/uploads\/2023\/12\/A_Koszewska_Warszawa_Dabrowskiego_38_posadzka_wejscie_do_budynku1-1224x1536.jpg 1224w, http:\/\/lapidarium.fundacja-hereditas.pl\/wp-content\/uploads\/2023\/12\/A_Koszewska_Warszawa_Dabrowskiego_38_posadzka_wejscie_do_budynku1-1632x2048.jpg 1632w, http:\/\/lapidarium.fundacja-hereditas.pl\/wp-content\/uploads\/2023\/12\/A_Koszewska_Warszawa_Dabrowskiego_38_posadzka_wejscie_do_budynku1-150x188.jpg 150w, http:\/\/lapidarium.fundacja-hereditas.pl\/wp-content\/uploads\/2023\/12\/A_Koszewska_Warszawa_Dabrowskiego_38_posadzka_wejscie_do_budynku1-300x377.jpg 300w, http:\/\/lapidarium.fundacja-hereditas.pl\/wp-content\/uploads\/2023\/12\/A_Koszewska_Warszawa_Dabrowskiego_38_posadzka_wejscie_do_budynku1-696x874.jpg 696w, http:\/\/lapidarium.fundacja-hereditas.pl\/wp-content\/uploads\/2023\/12\/A_Koszewska_Warszawa_Dabrowskiego_38_posadzka_wejscie_do_budynku1-1068x1341.jpg 1068w, http:\/\/lapidarium.fundacja-hereditas.pl\/wp-content\/uploads\/2023\/12\/A_Koszewska_Warszawa_Dabrowskiego_38_posadzka_wejscie_do_budynku1-1920x2410.jpg 1920w, http:\/\/lapidarium.fundacja-hereditas.pl\/wp-content\/uploads\/2023\/12\/A_Koszewska_Warszawa_Dabrowskiego_38_posadzka_wejscie_do_budynku1-scaled.jpg 2039w\" sizes=\"auto, (max-width: 816px) 100vw, 816px\" \/><\/a><figcaption class=\"wp-element-caption\">Heksagonalne p\u0142ytki posadzki, przy wej\u015bciu na klatk\u0119 schodow\u0105. Fot. Aleksandra Koszewska. 2023 r., \u017ar\u00f3d\u0142o: Studeo et Conservo XVII.<\/figcaption><\/figure>\n\n\n\n<figure class=\"wp-block-image size-large\"><a href=\"http:\/\/lapidarium.fundacja-hereditas.pl\/wp-content\/uploads\/2023\/12\/Magdalena_Zaremba_Warszawa_Dabrowskiego_38_Glowna_Klatka_Schodowa_Okladzina_Posadzkowa_Bordiura-scaled.jpg\"><img loading=\"lazy\" decoding=\"async\" width=\"1024\" height=\"743\" data-id=\"19381\" src=\"http:\/\/lapidarium.fundacja-hereditas.pl\/wp-content\/uploads\/2023\/12\/Magdalena_Zaremba_Warszawa_Dabrowskiego_38_Glowna_Klatka_Schodowa_Okladzina_Posadzkowa_Bordiura-1024x743.jpg\" alt=\"\" class=\"wp-image-19381\" srcset=\"http:\/\/lapidarium.fundacja-hereditas.pl\/wp-content\/uploads\/2023\/12\/Magdalena_Zaremba_Warszawa_Dabrowskiego_38_Glowna_Klatka_Schodowa_Okladzina_Posadzkowa_Bordiura-1024x743.jpg 1024w, http:\/\/lapidarium.fundacja-hereditas.pl\/wp-content\/uploads\/2023\/12\/Magdalena_Zaremba_Warszawa_Dabrowskiego_38_Glowna_Klatka_Schodowa_Okladzina_Posadzkowa_Bordiura-300x218.jpg 300w, http:\/\/lapidarium.fundacja-hereditas.pl\/wp-content\/uploads\/2023\/12\/Magdalena_Zaremba_Warszawa_Dabrowskiego_38_Glowna_Klatka_Schodowa_Okladzina_Posadzkowa_Bordiura-768x557.jpg 768w, http:\/\/lapidarium.fundacja-hereditas.pl\/wp-content\/uploads\/2023\/12\/Magdalena_Zaremba_Warszawa_Dabrowskiego_38_Glowna_Klatka_Schodowa_Okladzina_Posadzkowa_Bordiura-1536x1115.jpg 1536w, http:\/\/lapidarium.fundacja-hereditas.pl\/wp-content\/uploads\/2023\/12\/Magdalena_Zaremba_Warszawa_Dabrowskiego_38_Glowna_Klatka_Schodowa_Okladzina_Posadzkowa_Bordiura-2048x1486.jpg 2048w, http:\/\/lapidarium.fundacja-hereditas.pl\/wp-content\/uploads\/2023\/12\/Magdalena_Zaremba_Warszawa_Dabrowskiego_38_Glowna_Klatka_Schodowa_Okladzina_Posadzkowa_Bordiura-150x109.jpg 150w, http:\/\/lapidarium.fundacja-hereditas.pl\/wp-content\/uploads\/2023\/12\/Magdalena_Zaremba_Warszawa_Dabrowskiego_38_Glowna_Klatka_Schodowa_Okladzina_Posadzkowa_Bordiura-696x505.jpg 696w, http:\/\/lapidarium.fundacja-hereditas.pl\/wp-content\/uploads\/2023\/12\/Magdalena_Zaremba_Warszawa_Dabrowskiego_38_Glowna_Klatka_Schodowa_Okladzina_Posadzkowa_Bordiura-1068x775.jpg 1068w, http:\/\/lapidarium.fundacja-hereditas.pl\/wp-content\/uploads\/2023\/12\/Magdalena_Zaremba_Warszawa_Dabrowskiego_38_Glowna_Klatka_Schodowa_Okladzina_Posadzkowa_Bordiura-1920x1393.jpg 1920w\" sizes=\"auto, (max-width: 1024px) 100vw, 1024px\" \/><\/a><figcaption class=\"wp-element-caption\">Klatka. Heksagonalne p\u0142ytki posadzki, na granicy z lastrico. Fot. Magdalena Zaremba. 2023 r., \u017ar\u00f3d\u0142o: Studeo et Conservo XVII.<\/figcaption><\/figure>\n\n\n\n<figure class=\"wp-block-image size-large\"><a href=\"http:\/\/lapidarium.fundacja-hereditas.pl\/wp-content\/uploads\/2023\/12\/MAE3A61-scaled.jpg\"><img loading=\"lazy\" decoding=\"async\" width=\"1024\" height=\"757\" data-id=\"19382\" src=\"http:\/\/lapidarium.fundacja-hereditas.pl\/wp-content\/uploads\/2023\/12\/MAE3A61-1024x757.jpg\" alt=\"\" class=\"wp-image-19382\" srcset=\"http:\/\/lapidarium.fundacja-hereditas.pl\/wp-content\/uploads\/2023\/12\/MAE3A61-1024x757.jpg 1024w, http:\/\/lapidarium.fundacja-hereditas.pl\/wp-content\/uploads\/2023\/12\/MAE3A61-300x222.jpg 300w, http:\/\/lapidarium.fundacja-hereditas.pl\/wp-content\/uploads\/2023\/12\/MAE3A61-768x568.jpg 768w, http:\/\/lapidarium.fundacja-hereditas.pl\/wp-content\/uploads\/2023\/12\/MAE3A61-1536x1135.jpg 1536w, http:\/\/lapidarium.fundacja-hereditas.pl\/wp-content\/uploads\/2023\/12\/MAE3A61-2048x1514.jpg 2048w, http:\/\/lapidarium.fundacja-hereditas.pl\/wp-content\/uploads\/2023\/12\/MAE3A61-150x111.jpg 150w, http:\/\/lapidarium.fundacja-hereditas.pl\/wp-content\/uploads\/2023\/12\/MAE3A61-485x360.jpg 485w, http:\/\/lapidarium.fundacja-hereditas.pl\/wp-content\/uploads\/2023\/12\/MAE3A61-696x515.jpg 696w, http:\/\/lapidarium.fundacja-hereditas.pl\/wp-content\/uploads\/2023\/12\/MAE3A61-1068x790.jpg 1068w, http:\/\/lapidarium.fundacja-hereditas.pl\/wp-content\/uploads\/2023\/12\/MAE3A61-1920x1419.jpg 1920w\" sizes=\"auto, (max-width: 1024px) 100vw, 1024px\" \/><\/a><figcaption class=\"wp-element-caption\">Klatka. Heksagonalne p\u0142ytki posadzki. Fot. Magdalena Zaremba. 2023 r., \u017ar\u00f3d\u0142o: Studeo et Conservo XVII.<\/figcaption><\/figure>\n\n\n\n<figure class=\"wp-block-image size-large\"><a href=\"http:\/\/lapidarium.fundacja-hereditas.pl\/wp-content\/uploads\/2023\/12\/A_Koszewska_Warszawa_Dabrowskiego_38_klatka_schodowa_balustrada_i_porecz-scaled.jpg\"><img loading=\"lazy\" decoding=\"async\" width=\"777\" height=\"1024\" data-id=\"19366\" src=\"http:\/\/lapidarium.fundacja-hereditas.pl\/wp-content\/uploads\/2023\/12\/A_Koszewska_Warszawa_Dabrowskiego_38_klatka_schodowa_balustrada_i_porecz-777x1024.jpg\" alt=\"\" class=\"wp-image-19366\" srcset=\"http:\/\/lapidarium.fundacja-hereditas.pl\/wp-content\/uploads\/2023\/12\/A_Koszewska_Warszawa_Dabrowskiego_38_klatka_schodowa_balustrada_i_porecz-777x1024.jpg 777w, http:\/\/lapidarium.fundacja-hereditas.pl\/wp-content\/uploads\/2023\/12\/A_Koszewska_Warszawa_Dabrowskiego_38_klatka_schodowa_balustrada_i_porecz-228x300.jpg 228w, http:\/\/lapidarium.fundacja-hereditas.pl\/wp-content\/uploads\/2023\/12\/A_Koszewska_Warszawa_Dabrowskiego_38_klatka_schodowa_balustrada_i_porecz-768x1012.jpg 768w, http:\/\/lapidarium.fundacja-hereditas.pl\/wp-content\/uploads\/2023\/12\/A_Koszewska_Warszawa_Dabrowskiego_38_klatka_schodowa_balustrada_i_porecz-1166x1536.jpg 1166w, http:\/\/lapidarium.fundacja-hereditas.pl\/wp-content\/uploads\/2023\/12\/A_Koszewska_Warszawa_Dabrowskiego_38_klatka_schodowa_balustrada_i_porecz-1555x2048.jpg 1555w, http:\/\/lapidarium.fundacja-hereditas.pl\/wp-content\/uploads\/2023\/12\/A_Koszewska_Warszawa_Dabrowskiego_38_klatka_schodowa_balustrada_i_porecz-150x198.jpg 150w, http:\/\/lapidarium.fundacja-hereditas.pl\/wp-content\/uploads\/2023\/12\/A_Koszewska_Warszawa_Dabrowskiego_38_klatka_schodowa_balustrada_i_porecz-300x395.jpg 300w, http:\/\/lapidarium.fundacja-hereditas.pl\/wp-content\/uploads\/2023\/12\/A_Koszewska_Warszawa_Dabrowskiego_38_klatka_schodowa_balustrada_i_porecz-696x917.jpg 696w, http:\/\/lapidarium.fundacja-hereditas.pl\/wp-content\/uploads\/2023\/12\/A_Koszewska_Warszawa_Dabrowskiego_38_klatka_schodowa_balustrada_i_porecz-1068x1407.jpg 1068w, http:\/\/lapidarium.fundacja-hereditas.pl\/wp-content\/uploads\/2023\/12\/A_Koszewska_Warszawa_Dabrowskiego_38_klatka_schodowa_balustrada_i_porecz-1920x2529.jpg 1920w, http:\/\/lapidarium.fundacja-hereditas.pl\/wp-content\/uploads\/2023\/12\/A_Koszewska_Warszawa_Dabrowskiego_38_klatka_schodowa_balustrada_i_porecz-scaled.jpg 1943w\" sizes=\"auto, (max-width: 777px) 100vw, 777px\" \/><\/a><figcaption class=\"wp-element-caption\">Klatka &#8211; drewniana por\u0119cz balustrady. Fot. Aleksandra Koszewska. 2023 r., \u017ar\u00f3d\u0142o: Studeo et Conservo XVII.<\/figcaption><\/figure>\n\n\n\n<figure class=\"wp-block-image size-large\"><a href=\"http:\/\/lapidarium.fundacja-hereditas.pl\/wp-content\/uploads\/2023\/12\/Magdalena_Zaremba_Warszawa_Dabrowskiego_38_Glowna_Klatka_Schodowa_Kondygnacja_III_Balustrada_Tralki-scaled.jpg\"><img loading=\"lazy\" decoding=\"async\" width=\"773\" height=\"1024\" data-id=\"19380\" src=\"http:\/\/lapidarium.fundacja-hereditas.pl\/wp-content\/uploads\/2023\/12\/Magdalena_Zaremba_Warszawa_Dabrowskiego_38_Glowna_Klatka_Schodowa_Kondygnacja_III_Balustrada_Tralki-773x1024.jpg\" alt=\"\" class=\"wp-image-19380\" srcset=\"http:\/\/lapidarium.fundacja-hereditas.pl\/wp-content\/uploads\/2023\/12\/Magdalena_Zaremba_Warszawa_Dabrowskiego_38_Glowna_Klatka_Schodowa_Kondygnacja_III_Balustrada_Tralki-773x1024.jpg 773w, http:\/\/lapidarium.fundacja-hereditas.pl\/wp-content\/uploads\/2023\/12\/Magdalena_Zaremba_Warszawa_Dabrowskiego_38_Glowna_Klatka_Schodowa_Kondygnacja_III_Balustrada_Tralki-227x300.jpg 227w, http:\/\/lapidarium.fundacja-hereditas.pl\/wp-content\/uploads\/2023\/12\/Magdalena_Zaremba_Warszawa_Dabrowskiego_38_Glowna_Klatka_Schodowa_Kondygnacja_III_Balustrada_Tralki-768x1017.jpg 768w, http:\/\/lapidarium.fundacja-hereditas.pl\/wp-content\/uploads\/2023\/12\/Magdalena_Zaremba_Warszawa_Dabrowskiego_38_Glowna_Klatka_Schodowa_Kondygnacja_III_Balustrada_Tralki-1160x1536.jpg 1160w, http:\/\/lapidarium.fundacja-hereditas.pl\/wp-content\/uploads\/2023\/12\/Magdalena_Zaremba_Warszawa_Dabrowskiego_38_Glowna_Klatka_Schodowa_Kondygnacja_III_Balustrada_Tralki-1546x2048.jpg 1546w, http:\/\/lapidarium.fundacja-hereditas.pl\/wp-content\/uploads\/2023\/12\/Magdalena_Zaremba_Warszawa_Dabrowskiego_38_Glowna_Klatka_Schodowa_Kondygnacja_III_Balustrada_Tralki-150x199.jpg 150w, http:\/\/lapidarium.fundacja-hereditas.pl\/wp-content\/uploads\/2023\/12\/Magdalena_Zaremba_Warszawa_Dabrowskiego_38_Glowna_Klatka_Schodowa_Kondygnacja_III_Balustrada_Tralki-300x397.jpg 300w, http:\/\/lapidarium.fundacja-hereditas.pl\/wp-content\/uploads\/2023\/12\/Magdalena_Zaremba_Warszawa_Dabrowskiego_38_Glowna_Klatka_Schodowa_Kondygnacja_III_Balustrada_Tralki-696x922.jpg 696w, http:\/\/lapidarium.fundacja-hereditas.pl\/wp-content\/uploads\/2023\/12\/Magdalena_Zaremba_Warszawa_Dabrowskiego_38_Glowna_Klatka_Schodowa_Kondygnacja_III_Balustrada_Tralki-1068x1414.jpg 1068w, http:\/\/lapidarium.fundacja-hereditas.pl\/wp-content\/uploads\/2023\/12\/Magdalena_Zaremba_Warszawa_Dabrowskiego_38_Glowna_Klatka_Schodowa_Kondygnacja_III_Balustrada_Tralki-1920x2543.jpg 1920w, http:\/\/lapidarium.fundacja-hereditas.pl\/wp-content\/uploads\/2023\/12\/Magdalena_Zaremba_Warszawa_Dabrowskiego_38_Glowna_Klatka_Schodowa_Kondygnacja_III_Balustrada_Tralki-scaled.jpg 1933w\" sizes=\"auto, (max-width: 773px) 100vw, 773px\" \/><\/a><figcaption class=\"wp-element-caption\">Klatka. Policzki schod\u00f3w i balustrada. Fot. Magdalena Zaremba. 2023 r., \u017ar\u00f3d\u0142o: Studeo et Conservo XVII.<\/figcaption><\/figure>\n\n\n\n<figure class=\"wp-block-image size-large\"><a href=\"http:\/\/lapidarium.fundacja-hereditas.pl\/wp-content\/uploads\/2023\/12\/Magdalena_Zaremba_Warszawa_Dabrowskiego_38_Glowna_Klatka_Schodowa_Kondygnacja_III_Balustrada_Mocowanie-scaled.jpg\"><img loading=\"lazy\" decoding=\"async\" width=\"1024\" height=\"772\" data-id=\"19378\" src=\"http:\/\/lapidarium.fundacja-hereditas.pl\/wp-content\/uploads\/2023\/12\/Magdalena_Zaremba_Warszawa_Dabrowskiego_38_Glowna_Klatka_Schodowa_Kondygnacja_III_Balustrada_Mocowanie-1024x772.jpg\" alt=\"\" class=\"wp-image-19378\" srcset=\"http:\/\/lapidarium.fundacja-hereditas.pl\/wp-content\/uploads\/2023\/12\/Magdalena_Zaremba_Warszawa_Dabrowskiego_38_Glowna_Klatka_Schodowa_Kondygnacja_III_Balustrada_Mocowanie-1024x772.jpg 1024w, http:\/\/lapidarium.fundacja-hereditas.pl\/wp-content\/uploads\/2023\/12\/Magdalena_Zaremba_Warszawa_Dabrowskiego_38_Glowna_Klatka_Schodowa_Kondygnacja_III_Balustrada_Mocowanie-300x226.jpg 300w, http:\/\/lapidarium.fundacja-hereditas.pl\/wp-content\/uploads\/2023\/12\/Magdalena_Zaremba_Warszawa_Dabrowskiego_38_Glowna_Klatka_Schodowa_Kondygnacja_III_Balustrada_Mocowanie-768x579.jpg 768w, http:\/\/lapidarium.fundacja-hereditas.pl\/wp-content\/uploads\/2023\/12\/Magdalena_Zaremba_Warszawa_Dabrowskiego_38_Glowna_Klatka_Schodowa_Kondygnacja_III_Balustrada_Mocowanie-1536x1158.jpg 1536w\" sizes=\"auto, (max-width: 1024px) 100vw, 1024px\" \/><\/a><figcaption class=\"wp-element-caption\">Klatka. Policzki schod\u00f3w i mocowania pr\u0119t\u00f3w balustrady do stopni (z lastrico). Fot. Magdalena Zaremba. 2023 r., \u017ar\u00f3d\u0142o: Studeo et Conservo XVII.<\/figcaption><\/figure>\n\n\n\n<figure class=\"wp-block-image size-large\"><a href=\"http:\/\/lapidarium.fundacja-hereditas.pl\/wp-content\/uploads\/2023\/12\/A_Koszewska_Warszawa_Dabrowskiego_38_klatka_schodowa_widok_ogolny-scaled.jpg\"><img loading=\"lazy\" decoding=\"async\" width=\"757\" height=\"1024\" data-id=\"19368\" src=\"http:\/\/lapidarium.fundacja-hereditas.pl\/wp-content\/uploads\/2023\/12\/A_Koszewska_Warszawa_Dabrowskiego_38_klatka_schodowa_widok_ogolny-757x1024.jpg\" alt=\"\" class=\"wp-image-19368\" srcset=\"http:\/\/lapidarium.fundacja-hereditas.pl\/wp-content\/uploads\/2023\/12\/A_Koszewska_Warszawa_Dabrowskiego_38_klatka_schodowa_widok_ogolny-757x1024.jpg 757w, http:\/\/lapidarium.fundacja-hereditas.pl\/wp-content\/uploads\/2023\/12\/A_Koszewska_Warszawa_Dabrowskiego_38_klatka_schodowa_widok_ogolny-222x300.jpg 222w, http:\/\/lapidarium.fundacja-hereditas.pl\/wp-content\/uploads\/2023\/12\/A_Koszewska_Warszawa_Dabrowskiego_38_klatka_schodowa_widok_ogolny-768x1039.jpg 768w, http:\/\/lapidarium.fundacja-hereditas.pl\/wp-content\/uploads\/2023\/12\/A_Koszewska_Warszawa_Dabrowskiego_38_klatka_schodowa_widok_ogolny-1136x1536.jpg 1136w, http:\/\/lapidarium.fundacja-hereditas.pl\/wp-content\/uploads\/2023\/12\/A_Koszewska_Warszawa_Dabrowskiego_38_klatka_schodowa_widok_ogolny-1514x2048.jpg 1514w, http:\/\/lapidarium.fundacja-hereditas.pl\/wp-content\/uploads\/2023\/12\/A_Koszewska_Warszawa_Dabrowskiego_38_klatka_schodowa_widok_ogolny-150x203.jpg 150w, http:\/\/lapidarium.fundacja-hereditas.pl\/wp-content\/uploads\/2023\/12\/A_Koszewska_Warszawa_Dabrowskiego_38_klatka_schodowa_widok_ogolny-300x406.jpg 300w, http:\/\/lapidarium.fundacja-hereditas.pl\/wp-content\/uploads\/2023\/12\/A_Koszewska_Warszawa_Dabrowskiego_38_klatka_schodowa_widok_ogolny-696x941.jpg 696w, http:\/\/lapidarium.fundacja-hereditas.pl\/wp-content\/uploads\/2023\/12\/A_Koszewska_Warszawa_Dabrowskiego_38_klatka_schodowa_widok_ogolny-1068x1445.jpg 1068w, http:\/\/lapidarium.fundacja-hereditas.pl\/wp-content\/uploads\/2023\/12\/A_Koszewska_Warszawa_Dabrowskiego_38_klatka_schodowa_widok_ogolny-1920x2597.jpg 1920w, http:\/\/lapidarium.fundacja-hereditas.pl\/wp-content\/uploads\/2023\/12\/A_Koszewska_Warszawa_Dabrowskiego_38_klatka_schodowa_widok_ogolny-scaled.jpg 1893w\" sizes=\"auto, (max-width: 757px) 100vw, 757px\" \/><\/a><figcaption class=\"wp-element-caption\">Klatka &#8211; widok ze spocznika na jedno z pi\u0119ter. Fot. Aleksandra Koszewska. 2023 r., \u017ar\u00f3d\u0142o: Studeo et Conservo XVII.<\/figcaption><\/figure>\n\n\n\n<figure class=\"wp-block-image size-large\"><a href=\"http:\/\/lapidarium.fundacja-hereditas.pl\/wp-content\/uploads\/2023\/12\/A_Koszewska_Warszawa_Dabrowskiego_38_drzwi_I_pietro.jpg\"><img loading=\"lazy\" decoding=\"async\" width=\"776\" height=\"1024\" data-id=\"19363\" src=\"http:\/\/lapidarium.fundacja-hereditas.pl\/wp-content\/uploads\/2023\/12\/A_Koszewska_Warszawa_Dabrowskiego_38_drzwi_I_pietro-776x1024.jpg\" alt=\"\" class=\"wp-image-19363\" srcset=\"http:\/\/lapidarium.fundacja-hereditas.pl\/wp-content\/uploads\/2023\/12\/A_Koszewska_Warszawa_Dabrowskiego_38_drzwi_I_pietro-776x1024.jpg 776w, http:\/\/lapidarium.fundacja-hereditas.pl\/wp-content\/uploads\/2023\/12\/A_Koszewska_Warszawa_Dabrowskiego_38_drzwi_I_pietro-227x300.jpg 227w, http:\/\/lapidarium.fundacja-hereditas.pl\/wp-content\/uploads\/2023\/12\/A_Koszewska_Warszawa_Dabrowskiego_38_drzwi_I_pietro-768x1014.jpg 768w, http:\/\/lapidarium.fundacja-hereditas.pl\/wp-content\/uploads\/2023\/12\/A_Koszewska_Warszawa_Dabrowskiego_38_drzwi_I_pietro-1163x1536.jpg 1163w, http:\/\/lapidarium.fundacja-hereditas.pl\/wp-content\/uploads\/2023\/12\/A_Koszewska_Warszawa_Dabrowskiego_38_drzwi_I_pietro-1551x2048.jpg 1551w, http:\/\/lapidarium.fundacja-hereditas.pl\/wp-content\/uploads\/2023\/12\/A_Koszewska_Warszawa_Dabrowskiego_38_drzwi_I_pietro-150x198.jpg 150w, http:\/\/lapidarium.fundacja-hereditas.pl\/wp-content\/uploads\/2023\/12\/A_Koszewska_Warszawa_Dabrowskiego_38_drzwi_I_pietro-300x396.jpg 300w, http:\/\/lapidarium.fundacja-hereditas.pl\/wp-content\/uploads\/2023\/12\/A_Koszewska_Warszawa_Dabrowskiego_38_drzwi_I_pietro-696x919.jpg 696w, http:\/\/lapidarium.fundacja-hereditas.pl\/wp-content\/uploads\/2023\/12\/A_Koszewska_Warszawa_Dabrowskiego_38_drzwi_I_pietro-1068x1410.jpg 1068w, http:\/\/lapidarium.fundacja-hereditas.pl\/wp-content\/uploads\/2023\/12\/A_Koszewska_Warszawa_Dabrowskiego_38_drzwi_I_pietro.jpg 1861w\" sizes=\"auto, (max-width: 776px) 100vw, 776px\" \/><\/a><figcaption class=\"wp-element-caption\">Klatka &#8211; widok ze spocznika na jedno z pi\u0119ter. W tle rozdzielone drewnianym pilastrem, bli\u017aniacze drzwi do lokali mieszkalnych. Fot. Aleksandra Koszewska. 2023 r., \u017ar\u00f3d\u0142o: Studeo et Conservo XVII.<\/figcaption><\/figure>\n\n\n\n<figure class=\"wp-block-image size-large\"><a href=\"http:\/\/lapidarium.fundacja-hereditas.pl\/wp-content\/uploads\/2023\/12\/Magdalena_Zaremba_Warszawa_Dabrowskiego_38_Glowna_Klatka_Schodowa_Kondygnacja_I_Drzwi_Wewnetrzne-scaled.jpg\"><img loading=\"lazy\" decoding=\"async\" width=\"770\" height=\"1024\" data-id=\"19377\" src=\"http:\/\/lapidarium.fundacja-hereditas.pl\/wp-content\/uploads\/2023\/12\/Magdalena_Zaremba_Warszawa_Dabrowskiego_38_Glowna_Klatka_Schodowa_Kondygnacja_I_Drzwi_Wewnetrzne-770x1024.jpg\" alt=\"\" class=\"wp-image-19377\" srcset=\"http:\/\/lapidarium.fundacja-hereditas.pl\/wp-content\/uploads\/2023\/12\/Magdalena_Zaremba_Warszawa_Dabrowskiego_38_Glowna_Klatka_Schodowa_Kondygnacja_I_Drzwi_Wewnetrzne-770x1024.jpg 770w, http:\/\/lapidarium.fundacja-hereditas.pl\/wp-content\/uploads\/2023\/12\/Magdalena_Zaremba_Warszawa_Dabrowskiego_38_Glowna_Klatka_Schodowa_Kondygnacja_I_Drzwi_Wewnetrzne-226x300.jpg 226w, http:\/\/lapidarium.fundacja-hereditas.pl\/wp-content\/uploads\/2023\/12\/Magdalena_Zaremba_Warszawa_Dabrowskiego_38_Glowna_Klatka_Schodowa_Kondygnacja_I_Drzwi_Wewnetrzne-768x1021.jpg 768w, http:\/\/lapidarium.fundacja-hereditas.pl\/wp-content\/uploads\/2023\/12\/Magdalena_Zaremba_Warszawa_Dabrowskiego_38_Glowna_Klatka_Schodowa_Kondygnacja_I_Drzwi_Wewnetrzne-1155x1536.jpg 1155w, http:\/\/lapidarium.fundacja-hereditas.pl\/wp-content\/uploads\/2023\/12\/Magdalena_Zaremba_Warszawa_Dabrowskiego_38_Glowna_Klatka_Schodowa_Kondygnacja_I_Drzwi_Wewnetrzne-1541x2048.jpg 1541w, http:\/\/lapidarium.fundacja-hereditas.pl\/wp-content\/uploads\/2023\/12\/Magdalena_Zaremba_Warszawa_Dabrowskiego_38_Glowna_Klatka_Schodowa_Kondygnacja_I_Drzwi_Wewnetrzne-150x199.jpg 150w, http:\/\/lapidarium.fundacja-hereditas.pl\/wp-content\/uploads\/2023\/12\/Magdalena_Zaremba_Warszawa_Dabrowskiego_38_Glowna_Klatka_Schodowa_Kondygnacja_I_Drzwi_Wewnetrzne-300x399.jpg 300w, http:\/\/lapidarium.fundacja-hereditas.pl\/wp-content\/uploads\/2023\/12\/Magdalena_Zaremba_Warszawa_Dabrowskiego_38_Glowna_Klatka_Schodowa_Kondygnacja_I_Drzwi_Wewnetrzne-696x925.jpg 696w, http:\/\/lapidarium.fundacja-hereditas.pl\/wp-content\/uploads\/2023\/12\/Magdalena_Zaremba_Warszawa_Dabrowskiego_38_Glowna_Klatka_Schodowa_Kondygnacja_I_Drzwi_Wewnetrzne-1068x1420.jpg 1068w, http:\/\/lapidarium.fundacja-hereditas.pl\/wp-content\/uploads\/2023\/12\/Magdalena_Zaremba_Warszawa_Dabrowskiego_38_Glowna_Klatka_Schodowa_Kondygnacja_I_Drzwi_Wewnetrzne-1920x2552.jpg 1920w, http:\/\/lapidarium.fundacja-hereditas.pl\/wp-content\/uploads\/2023\/12\/Magdalena_Zaremba_Warszawa_Dabrowskiego_38_Glowna_Klatka_Schodowa_Kondygnacja_I_Drzwi_Wewnetrzne-scaled.jpg 1926w\" sizes=\"auto, (max-width: 770px) 100vw, 770px\" \/><\/a><figcaption class=\"wp-element-caption\">Klatka. Zakr\u0119t balustrady na pi\u0119trze. W tle bli\u017aniacze drzwi do lokali mieszkalnych. Fot. Magdalena Zaremba. 2023 r., \u017ar\u00f3d\u0142o: Studeo et Conservo XVII.<\/figcaption><\/figure>\n\n\n\n<figure class=\"wp-block-image size-large\"><a href=\"http:\/\/lapidarium.fundacja-hereditas.pl\/wp-content\/uploads\/2023\/12\/D_Komorniczak_Warszawa_Dabrowskiego_38_klatka_I-pietro_plytki_DSC5418-scaled.jpg\"><img loading=\"lazy\" decoding=\"async\" width=\"1024\" height=\"704\" data-id=\"19373\" src=\"http:\/\/lapidarium.fundacja-hereditas.pl\/wp-content\/uploads\/2023\/12\/D_Komorniczak_Warszawa_Dabrowskiego_38_klatka_I-pietro_plytki_DSC5418-1024x704.jpg\" alt=\"\" class=\"wp-image-19373\" srcset=\"http:\/\/lapidarium.fundacja-hereditas.pl\/wp-content\/uploads\/2023\/12\/D_Komorniczak_Warszawa_Dabrowskiego_38_klatka_I-pietro_plytki_DSC5418-1024x704.jpg 1024w, http:\/\/lapidarium.fundacja-hereditas.pl\/wp-content\/uploads\/2023\/12\/D_Komorniczak_Warszawa_Dabrowskiego_38_klatka_I-pietro_plytki_DSC5418-300x206.jpg 300w, http:\/\/lapidarium.fundacja-hereditas.pl\/wp-content\/uploads\/2023\/12\/D_Komorniczak_Warszawa_Dabrowskiego_38_klatka_I-pietro_plytki_DSC5418-768x528.jpg 768w, http:\/\/lapidarium.fundacja-hereditas.pl\/wp-content\/uploads\/2023\/12\/D_Komorniczak_Warszawa_Dabrowskiego_38_klatka_I-pietro_plytki_DSC5418-1536x1056.jpg 1536w, http:\/\/lapidarium.fundacja-hereditas.pl\/wp-content\/uploads\/2023\/12\/D_Komorniczak_Warszawa_Dabrowskiego_38_klatka_I-pietro_plytki_DSC5418-2048x1408.jpg 2048w, http:\/\/lapidarium.fundacja-hereditas.pl\/wp-content\/uploads\/2023\/12\/D_Komorniczak_Warszawa_Dabrowskiego_38_klatka_I-pietro_plytki_DSC5418-150x103.jpg 150w, http:\/\/lapidarium.fundacja-hereditas.pl\/wp-content\/uploads\/2023\/12\/D_Komorniczak_Warszawa_Dabrowskiego_38_klatka_I-pietro_plytki_DSC5418-218x150.jpg 218w, http:\/\/lapidarium.fundacja-hereditas.pl\/wp-content\/uploads\/2023\/12\/D_Komorniczak_Warszawa_Dabrowskiego_38_klatka_I-pietro_plytki_DSC5418-696x479.jpg 696w, http:\/\/lapidarium.fundacja-hereditas.pl\/wp-content\/uploads\/2023\/12\/D_Komorniczak_Warszawa_Dabrowskiego_38_klatka_I-pietro_plytki_DSC5418-1068x734.jpg 1068w, http:\/\/lapidarium.fundacja-hereditas.pl\/wp-content\/uploads\/2023\/12\/D_Komorniczak_Warszawa_Dabrowskiego_38_klatka_I-pietro_plytki_DSC5418-1920x1320.jpg 1920w\" sizes=\"auto, (max-width: 1024px) 100vw, 1024px\" \/><\/a><figcaption class=\"wp-element-caption\">Klatka. Posadzka na jednym z pi\u0119ter. W tle bli\u017aniacze drzwi do lokali mieszkalnych. Fot. Dagmara Komorniczak. 2023 r., \u017ar\u00f3d\u0142o: Studeo et Conservo XVII.<\/figcaption><\/figure>\n\n\n\n<figure class=\"wp-block-image size-large\"><a href=\"http:\/\/lapidarium.fundacja-hereditas.pl\/wp-content\/uploads\/2023\/12\/MAGDAL2-scaled.jpg\"><img loading=\"lazy\" decoding=\"async\" width=\"775\" height=\"1024\" data-id=\"19375\" src=\"http:\/\/lapidarium.fundacja-hereditas.pl\/wp-content\/uploads\/2023\/12\/MAGDAL2-775x1024.jpg\" alt=\"\" class=\"wp-image-19375\" srcset=\"http:\/\/lapidarium.fundacja-hereditas.pl\/wp-content\/uploads\/2023\/12\/MAGDAL2-775x1024.jpg 775w, http:\/\/lapidarium.fundacja-hereditas.pl\/wp-content\/uploads\/2023\/12\/MAGDAL2-227x300.jpg 227w, http:\/\/lapidarium.fundacja-hereditas.pl\/wp-content\/uploads\/2023\/12\/MAGDAL2-768x1015.jpg 768w, http:\/\/lapidarium.fundacja-hereditas.pl\/wp-content\/uploads\/2023\/12\/MAGDAL2-1162x1536.jpg 1162w, http:\/\/lapidarium.fundacja-hereditas.pl\/wp-content\/uploads\/2023\/12\/MAGDAL2-1549x2048.jpg 1549w, http:\/\/lapidarium.fundacja-hereditas.pl\/wp-content\/uploads\/2023\/12\/MAGDAL2-150x198.jpg 150w, http:\/\/lapidarium.fundacja-hereditas.pl\/wp-content\/uploads\/2023\/12\/MAGDAL2-300x397.jpg 300w, http:\/\/lapidarium.fundacja-hereditas.pl\/wp-content\/uploads\/2023\/12\/MAGDAL2-696x920.jpg 696w, http:\/\/lapidarium.fundacja-hereditas.pl\/wp-content\/uploads\/2023\/12\/MAGDAL2-1068x1412.jpg 1068w, http:\/\/lapidarium.fundacja-hereditas.pl\/wp-content\/uploads\/2023\/12\/MAGDAL2-1920x2538.jpg 1920w, http:\/\/lapidarium.fundacja-hereditas.pl\/wp-content\/uploads\/2023\/12\/MAGDAL2-scaled.jpg 1936w\" sizes=\"auto, (max-width: 775px) 100vw, 775px\" \/><\/a><figcaption class=\"wp-element-caption\">Klatka. Drewniany pilaster rozdzielaj\u0105cy bli\u017aniacze drzwi do lokali mieszkalnych. Fot. Magdalena Zaremba. 2023 r., \u017ar\u00f3d\u0142o: Studeo et Conservo XVII.<\/figcaption><\/figure>\n\n\n\n<figure class=\"wp-block-image size-large\"><a href=\"http:\/\/lapidarium.fundacja-hereditas.pl\/wp-content\/uploads\/2023\/12\/A_Koszewska_Warszawa_Dabrowskiego_38_drzwi_I_pietro_zblizenie.jpg\"><img loading=\"lazy\" decoding=\"async\" width=\"631\" height=\"1024\" data-id=\"19364\" src=\"http:\/\/lapidarium.fundacja-hereditas.pl\/wp-content\/uploads\/2023\/12\/A_Koszewska_Warszawa_Dabrowskiego_38_drzwi_I_pietro_zblizenie-631x1024.jpg\" alt=\"\" class=\"wp-image-19364\" srcset=\"http:\/\/lapidarium.fundacja-hereditas.pl\/wp-content\/uploads\/2023\/12\/A_Koszewska_Warszawa_Dabrowskiego_38_drzwi_I_pietro_zblizenie-631x1024.jpg 631w, http:\/\/lapidarium.fundacja-hereditas.pl\/wp-content\/uploads\/2023\/12\/A_Koszewska_Warszawa_Dabrowskiego_38_drzwi_I_pietro_zblizenie-185x300.jpg 185w, http:\/\/lapidarium.fundacja-hereditas.pl\/wp-content\/uploads\/2023\/12\/A_Koszewska_Warszawa_Dabrowskiego_38_drzwi_I_pietro_zblizenie-768x1246.jpg 768w, http:\/\/lapidarium.fundacja-hereditas.pl\/wp-content\/uploads\/2023\/12\/A_Koszewska_Warszawa_Dabrowskiego_38_drzwi_I_pietro_zblizenie-947x1536.jpg 947w, http:\/\/lapidarium.fundacja-hereditas.pl\/wp-content\/uploads\/2023\/12\/A_Koszewska_Warszawa_Dabrowskiego_38_drzwi_I_pietro_zblizenie-1263x2048.jpg 1263w, http:\/\/lapidarium.fundacja-hereditas.pl\/wp-content\/uploads\/2023\/12\/A_Koszewska_Warszawa_Dabrowskiego_38_drzwi_I_pietro_zblizenie-150x243.jpg 150w, http:\/\/lapidarium.fundacja-hereditas.pl\/wp-content\/uploads\/2023\/12\/A_Koszewska_Warszawa_Dabrowskiego_38_drzwi_I_pietro_zblizenie-300x487.jpg 300w, http:\/\/lapidarium.fundacja-hereditas.pl\/wp-content\/uploads\/2023\/12\/A_Koszewska_Warszawa_Dabrowskiego_38_drzwi_I_pietro_zblizenie-696x1129.jpg 696w, http:\/\/lapidarium.fundacja-hereditas.pl\/wp-content\/uploads\/2023\/12\/A_Koszewska_Warszawa_Dabrowskiego_38_drzwi_I_pietro_zblizenie-1068x1732.jpg 1068w, http:\/\/lapidarium.fundacja-hereditas.pl\/wp-content\/uploads\/2023\/12\/A_Koszewska_Warszawa_Dabrowskiego_38_drzwi_I_pietro_zblizenie.jpg 1579w\" sizes=\"auto, (max-width: 631px) 100vw, 631px\" \/><\/a><figcaption class=\"wp-element-caption\">Klatka. Drzwi do lokalu mieszkalnego -bli\u017aniacze. 2023 r., \u017ar\u00f3d\u0142o: Studeo et Conservo XVII.<\/figcaption><\/figure>\n\n\n\n<figure class=\"wp-block-image size-large\"><a href=\"http:\/\/lapidarium.fundacja-hereditas.pl\/wp-content\/uploads\/2023\/12\/Magdalena_Zaremba_Warszawa_Dabrowskiego_38_Glowna_Klatka_Schodowa_Spocznik_IV_Balustrada-scaled.jpg\"><img loading=\"lazy\" decoding=\"async\" width=\"758\" height=\"1024\" data-id=\"19384\" src=\"http:\/\/lapidarium.fundacja-hereditas.pl\/wp-content\/uploads\/2023\/12\/Magdalena_Zaremba_Warszawa_Dabrowskiego_38_Glowna_Klatka_Schodowa_Spocznik_IV_Balustrada-758x1024.jpg\" alt=\"\" class=\"wp-image-19384\" srcset=\"http:\/\/lapidarium.fundacja-hereditas.pl\/wp-content\/uploads\/2023\/12\/Magdalena_Zaremba_Warszawa_Dabrowskiego_38_Glowna_Klatka_Schodowa_Spocznik_IV_Balustrada-758x1024.jpg 758w, http:\/\/lapidarium.fundacja-hereditas.pl\/wp-content\/uploads\/2023\/12\/Magdalena_Zaremba_Warszawa_Dabrowskiego_38_Glowna_Klatka_Schodowa_Spocznik_IV_Balustrada-222x300.jpg 222w, http:\/\/lapidarium.fundacja-hereditas.pl\/wp-content\/uploads\/2023\/12\/Magdalena_Zaremba_Warszawa_Dabrowskiego_38_Glowna_Klatka_Schodowa_Spocznik_IV_Balustrada-768x1037.jpg 768w, http:\/\/lapidarium.fundacja-hereditas.pl\/wp-content\/uploads\/2023\/12\/Magdalena_Zaremba_Warszawa_Dabrowskiego_38_Glowna_Klatka_Schodowa_Spocznik_IV_Balustrada-1138x1536.jpg 1138w, http:\/\/lapidarium.fundacja-hereditas.pl\/wp-content\/uploads\/2023\/12\/Magdalena_Zaremba_Warszawa_Dabrowskiego_38_Glowna_Klatka_Schodowa_Spocznik_IV_Balustrada-1517x2048.jpg 1517w, http:\/\/lapidarium.fundacja-hereditas.pl\/wp-content\/uploads\/2023\/12\/Magdalena_Zaremba_Warszawa_Dabrowskiego_38_Glowna_Klatka_Schodowa_Spocznik_IV_Balustrada-150x203.jpg 150w, http:\/\/lapidarium.fundacja-hereditas.pl\/wp-content\/uploads\/2023\/12\/Magdalena_Zaremba_Warszawa_Dabrowskiego_38_Glowna_Klatka_Schodowa_Spocznik_IV_Balustrada-300x405.jpg 300w, http:\/\/lapidarium.fundacja-hereditas.pl\/wp-content\/uploads\/2023\/12\/Magdalena_Zaremba_Warszawa_Dabrowskiego_38_Glowna_Klatka_Schodowa_Spocznik_IV_Balustrada-696x940.jpg 696w, http:\/\/lapidarium.fundacja-hereditas.pl\/wp-content\/uploads\/2023\/12\/Magdalena_Zaremba_Warszawa_Dabrowskiego_38_Glowna_Klatka_Schodowa_Spocznik_IV_Balustrada-1068x1442.jpg 1068w, http:\/\/lapidarium.fundacja-hereditas.pl\/wp-content\/uploads\/2023\/12\/Magdalena_Zaremba_Warszawa_Dabrowskiego_38_Glowna_Klatka_Schodowa_Spocznik_IV_Balustrada-1920x2592.jpg 1920w, http:\/\/lapidarium.fundacja-hereditas.pl\/wp-content\/uploads\/2023\/12\/Magdalena_Zaremba_Warszawa_Dabrowskiego_38_Glowna_Klatka_Schodowa_Spocznik_IV_Balustrada-scaled.jpg 1896w\" sizes=\"auto, (max-width: 758px) 100vw, 758px\" \/><\/a><figcaption class=\"wp-element-caption\">Klatka. Zakr\u0119t balustrady na spoczniku. Fot. Magdalena Zaremba. 2023 r., \u017ar\u00f3d\u0142o: Studeo et Conservo XVII.<\/figcaption><\/figure>\n\n\n\n<figure class=\"wp-block-image size-large\"><a href=\"http:\/\/lapidarium.fundacja-hereditas.pl\/wp-content\/uploads\/2023\/12\/Magdalena_Zaremba_Warszawa_Dabrowskiego_38_Glowna_Klatka_Schodowa_Kondygnacja_III_Balustrada_Porecz-scaled.jpg\"><img loading=\"lazy\" decoding=\"async\" width=\"772\" height=\"1024\" data-id=\"19379\" src=\"http:\/\/lapidarium.fundacja-hereditas.pl\/wp-content\/uploads\/2023\/12\/Magdalena_Zaremba_Warszawa_Dabrowskiego_38_Glowna_Klatka_Schodowa_Kondygnacja_III_Balustrada_Porecz-772x1024.jpg\" alt=\"\" class=\"wp-image-19379\" srcset=\"http:\/\/lapidarium.fundacja-hereditas.pl\/wp-content\/uploads\/2023\/12\/Magdalena_Zaremba_Warszawa_Dabrowskiego_38_Glowna_Klatka_Schodowa_Kondygnacja_III_Balustrada_Porecz-772x1024.jpg 772w, http:\/\/lapidarium.fundacja-hereditas.pl\/wp-content\/uploads\/2023\/12\/Magdalena_Zaremba_Warszawa_Dabrowskiego_38_Glowna_Klatka_Schodowa_Kondygnacja_III_Balustrada_Porecz-226x300.jpg 226w, http:\/\/lapidarium.fundacja-hereditas.pl\/wp-content\/uploads\/2023\/12\/Magdalena_Zaremba_Warszawa_Dabrowskiego_38_Glowna_Klatka_Schodowa_Kondygnacja_III_Balustrada_Porecz-768x1019.jpg 768w, http:\/\/lapidarium.fundacja-hereditas.pl\/wp-content\/uploads\/2023\/12\/Magdalena_Zaremba_Warszawa_Dabrowskiego_38_Glowna_Klatka_Schodowa_Kondygnacja_III_Balustrada_Porecz-1158x1536.jpg 1158w, http:\/\/lapidarium.fundacja-hereditas.pl\/wp-content\/uploads\/2023\/12\/Magdalena_Zaremba_Warszawa_Dabrowskiego_38_Glowna_Klatka_Schodowa_Kondygnacja_III_Balustrada_Porecz-1544x2048.jpg 1544w, http:\/\/lapidarium.fundacja-hereditas.pl\/wp-content\/uploads\/2023\/12\/Magdalena_Zaremba_Warszawa_Dabrowskiego_38_Glowna_Klatka_Schodowa_Kondygnacja_III_Balustrada_Porecz-150x199.jpg 150w, http:\/\/lapidarium.fundacja-hereditas.pl\/wp-content\/uploads\/2023\/12\/Magdalena_Zaremba_Warszawa_Dabrowskiego_38_Glowna_Klatka_Schodowa_Kondygnacja_III_Balustrada_Porecz-300x398.jpg 300w, http:\/\/lapidarium.fundacja-hereditas.pl\/wp-content\/uploads\/2023\/12\/Magdalena_Zaremba_Warszawa_Dabrowskiego_38_Glowna_Klatka_Schodowa_Kondygnacja_III_Balustrada_Porecz-696x923.jpg 696w, http:\/\/lapidarium.fundacja-hereditas.pl\/wp-content\/uploads\/2023\/12\/Magdalena_Zaremba_Warszawa_Dabrowskiego_38_Glowna_Klatka_Schodowa_Kondygnacja_III_Balustrada_Porecz-1068x1417.jpg 1068w, http:\/\/lapidarium.fundacja-hereditas.pl\/wp-content\/uploads\/2023\/12\/Magdalena_Zaremba_Warszawa_Dabrowskiego_38_Glowna_Klatka_Schodowa_Kondygnacja_III_Balustrada_Porecz-1920x2547.jpg 1920w, http:\/\/lapidarium.fundacja-hereditas.pl\/wp-content\/uploads\/2023\/12\/Magdalena_Zaremba_Warszawa_Dabrowskiego_38_Glowna_Klatka_Schodowa_Kondygnacja_III_Balustrada_Porecz-scaled.jpg 1930w\" sizes=\"auto, (max-width: 772px) 100vw, 772px\" \/><\/a><figcaption class=\"wp-element-caption\">Klatka.  Zakr\u0119t balustrady na pi\u0119trze. Fot. Magdalena Zaremba. 2023 r., \u017ar\u00f3d\u0142o: Studeo et Conservo XVII.<\/figcaption><\/figure>\n\n\n\n<figure class=\"wp-block-image size-large\"><a href=\"http:\/\/lapidarium.fundacja-hereditas.pl\/wp-content\/uploads\/2023\/12\/A_Koszewska_Warszawa_Dabrowskiego_38_posadzka_na_spoczniku-scaled.jpg\"><img loading=\"lazy\" decoding=\"async\" width=\"1024\" height=\"784\" data-id=\"19369\" src=\"http:\/\/lapidarium.fundacja-hereditas.pl\/wp-content\/uploads\/2023\/12\/A_Koszewska_Warszawa_Dabrowskiego_38_posadzka_na_spoczniku-1024x784.jpg\" alt=\"\" class=\"wp-image-19369\" srcset=\"http:\/\/lapidarium.fundacja-hereditas.pl\/wp-content\/uploads\/2023\/12\/A_Koszewska_Warszawa_Dabrowskiego_38_posadzka_na_spoczniku-1024x784.jpg 1024w, http:\/\/lapidarium.fundacja-hereditas.pl\/wp-content\/uploads\/2023\/12\/A_Koszewska_Warszawa_Dabrowskiego_38_posadzka_na_spoczniku-300x230.jpg 300w, http:\/\/lapidarium.fundacja-hereditas.pl\/wp-content\/uploads\/2023\/12\/A_Koszewska_Warszawa_Dabrowskiego_38_posadzka_na_spoczniku-768x588.jpg 768w, http:\/\/lapidarium.fundacja-hereditas.pl\/wp-content\/uploads\/2023\/12\/A_Koszewska_Warszawa_Dabrowskiego_38_posadzka_na_spoczniku-1536x1175.jpg 1536w, http:\/\/lapidarium.fundacja-hereditas.pl\/wp-content\/uploads\/2023\/12\/A_Koszewska_Warszawa_Dabrowskiego_38_posadzka_na_spoczniku-2048x1567.jpg 2048w, http:\/\/lapidarium.fundacja-hereditas.pl\/wp-content\/uploads\/2023\/12\/A_Koszewska_Warszawa_Dabrowskiego_38_posadzka_na_spoczniku-150x115.jpg 150w, http:\/\/lapidarium.fundacja-hereditas.pl\/wp-content\/uploads\/2023\/12\/A_Koszewska_Warszawa_Dabrowskiego_38_posadzka_na_spoczniku-696x533.jpg 696w, http:\/\/lapidarium.fundacja-hereditas.pl\/wp-content\/uploads\/2023\/12\/A_Koszewska_Warszawa_Dabrowskiego_38_posadzka_na_spoczniku-1068x817.jpg 1068w, http:\/\/lapidarium.fundacja-hereditas.pl\/wp-content\/uploads\/2023\/12\/A_Koszewska_Warszawa_Dabrowskiego_38_posadzka_na_spoczniku-1920x1469.jpg 1920w\" sizes=\"auto, (max-width: 1024px) 100vw, 1024px\" \/><\/a><figcaption class=\"wp-element-caption\">Heksagonalne p\u0142ytki posadzki, na jednym ze spocznik\u00f3w klatki. Fot. Aleksandra Koszewska. 2023 r., \u017ar\u00f3d\u0142o: Studeo et Conservo XVII.<\/figcaption><\/figure>\n\n\n\n<figure class=\"wp-block-image size-large\"><a href=\"http:\/\/lapidarium.fundacja-hereditas.pl\/wp-content\/uploads\/2023\/12\/Magdalena_Zaremba_Warszawa_Dabrowskiego_38_Glowna_Klatka_Schodowa_Spocznik_II_Portfenetr_Balustrada-scaled.jpg\"><img loading=\"lazy\" decoding=\"async\" width=\"1024\" height=\"762\" data-id=\"19383\" src=\"http:\/\/lapidarium.fundacja-hereditas.pl\/wp-content\/uploads\/2023\/12\/Magdalena_Zaremba_Warszawa_Dabrowskiego_38_Glowna_Klatka_Schodowa_Spocznik_II_Portfenetr_Balustrada-1024x762.jpg\" alt=\"\" class=\"wp-image-19383\" srcset=\"http:\/\/lapidarium.fundacja-hereditas.pl\/wp-content\/uploads\/2023\/12\/Magdalena_Zaremba_Warszawa_Dabrowskiego_38_Glowna_Klatka_Schodowa_Spocznik_II_Portfenetr_Balustrada-1024x762.jpg 1024w, http:\/\/lapidarium.fundacja-hereditas.pl\/wp-content\/uploads\/2023\/12\/Magdalena_Zaremba_Warszawa_Dabrowskiego_38_Glowna_Klatka_Schodowa_Spocznik_II_Portfenetr_Balustrada-300x223.jpg 300w, http:\/\/lapidarium.fundacja-hereditas.pl\/wp-content\/uploads\/2023\/12\/Magdalena_Zaremba_Warszawa_Dabrowskiego_38_Glowna_Klatka_Schodowa_Spocznik_II_Portfenetr_Balustrada-768x572.jpg 768w, http:\/\/lapidarium.fundacja-hereditas.pl\/wp-content\/uploads\/2023\/12\/Magdalena_Zaremba_Warszawa_Dabrowskiego_38_Glowna_Klatka_Schodowa_Spocznik_II_Portfenetr_Balustrada-1536x1144.jpg 1536w, http:\/\/lapidarium.fundacja-hereditas.pl\/wp-content\/uploads\/2023\/12\/Magdalena_Zaremba_Warszawa_Dabrowskiego_38_Glowna_Klatka_Schodowa_Spocznik_II_Portfenetr_Balustrada-2048x1525.jpg 2048w, http:\/\/lapidarium.fundacja-hereditas.pl\/wp-content\/uploads\/2023\/12\/Magdalena_Zaremba_Warszawa_Dabrowskiego_38_Glowna_Klatka_Schodowa_Spocznik_II_Portfenetr_Balustrada-150x112.jpg 150w, http:\/\/lapidarium.fundacja-hereditas.pl\/wp-content\/uploads\/2023\/12\/Magdalena_Zaremba_Warszawa_Dabrowskiego_38_Glowna_Klatka_Schodowa_Spocznik_II_Portfenetr_Balustrada-485x360.jpg 485w, http:\/\/lapidarium.fundacja-hereditas.pl\/wp-content\/uploads\/2023\/12\/Magdalena_Zaremba_Warszawa_Dabrowskiego_38_Glowna_Klatka_Schodowa_Spocznik_II_Portfenetr_Balustrada-696x518.jpg 696w, http:\/\/lapidarium.fundacja-hereditas.pl\/wp-content\/uploads\/2023\/12\/Magdalena_Zaremba_Warszawa_Dabrowskiego_38_Glowna_Klatka_Schodowa_Spocznik_II_Portfenetr_Balustrada-1068x795.jpg 1068w, http:\/\/lapidarium.fundacja-hereditas.pl\/wp-content\/uploads\/2023\/12\/Magdalena_Zaremba_Warszawa_Dabrowskiego_38_Glowna_Klatka_Schodowa_Spocznik_II_Portfenetr_Balustrada-1920x1429.jpg 1920w\" sizes=\"auto, (max-width: 1024px) 100vw, 1024px\" \/><\/a><figcaption class=\"wp-element-caption\">Klatka. Krata w oknie. Wz\u00f3r to\u017csamy z tym na balustradzie. Fot. Magdalena Zaremba. 2023 r., \u017ar\u00f3d\u0142o: Studeo et Conservo XVII.<\/figcaption><\/figure>\n\n\n\n<figure class=\"wp-block-image size-large\"><a href=\"http:\/\/lapidarium.fundacja-hereditas.pl\/wp-content\/uploads\/2023\/12\/D_Komorniczak_Warszawa_Dabrowskiego_38_IIpietro_balustrada_drzwi-do-lokalu_DSC5424-scaled.jpg\"><img loading=\"lazy\" decoding=\"async\" width=\"683\" height=\"1024\" data-id=\"19372\" src=\"http:\/\/lapidarium.fundacja-hereditas.pl\/wp-content\/uploads\/2023\/12\/D_Komorniczak_Warszawa_Dabrowskiego_38_IIpietro_balustrada_drzwi-do-lokalu_DSC5424-683x1024.jpg\" alt=\"\" class=\"wp-image-19372\" srcset=\"http:\/\/lapidarium.fundacja-hereditas.pl\/wp-content\/uploads\/2023\/12\/D_Komorniczak_Warszawa_Dabrowskiego_38_IIpietro_balustrada_drzwi-do-lokalu_DSC5424-683x1024.jpg 683w, http:\/\/lapidarium.fundacja-hereditas.pl\/wp-content\/uploads\/2023\/12\/D_Komorniczak_Warszawa_Dabrowskiego_38_IIpietro_balustrada_drzwi-do-lokalu_DSC5424-200x300.jpg 200w, http:\/\/lapidarium.fundacja-hereditas.pl\/wp-content\/uploads\/2023\/12\/D_Komorniczak_Warszawa_Dabrowskiego_38_IIpietro_balustrada_drzwi-do-lokalu_DSC5424-768x1152.jpg 768w, http:\/\/lapidarium.fundacja-hereditas.pl\/wp-content\/uploads\/2023\/12\/D_Komorniczak_Warszawa_Dabrowskiego_38_IIpietro_balustrada_drzwi-do-lokalu_DSC5424-1024x1536.jpg 1024w, http:\/\/lapidarium.fundacja-hereditas.pl\/wp-content\/uploads\/2023\/12\/D_Komorniczak_Warszawa_Dabrowskiego_38_IIpietro_balustrada_drzwi-do-lokalu_DSC5424-1365x2048.jpg 1365w, http:\/\/lapidarium.fundacja-hereditas.pl\/wp-content\/uploads\/2023\/12\/D_Komorniczak_Warszawa_Dabrowskiego_38_IIpietro_balustrada_drzwi-do-lokalu_DSC5424-150x225.jpg 150w, http:\/\/lapidarium.fundacja-hereditas.pl\/wp-content\/uploads\/2023\/12\/D_Komorniczak_Warszawa_Dabrowskiego_38_IIpietro_balustrada_drzwi-do-lokalu_DSC5424-300x450.jpg 300w, http:\/\/lapidarium.fundacja-hereditas.pl\/wp-content\/uploads\/2023\/12\/D_Komorniczak_Warszawa_Dabrowskiego_38_IIpietro_balustrada_drzwi-do-lokalu_DSC5424-696x1044.jpg 696w, http:\/\/lapidarium.fundacja-hereditas.pl\/wp-content\/uploads\/2023\/12\/D_Komorniczak_Warszawa_Dabrowskiego_38_IIpietro_balustrada_drzwi-do-lokalu_DSC5424-1068x1602.jpg 1068w, http:\/\/lapidarium.fundacja-hereditas.pl\/wp-content\/uploads\/2023\/12\/D_Komorniczak_Warszawa_Dabrowskiego_38_IIpietro_balustrada_drzwi-do-lokalu_DSC5424-1920x2880.jpg 1920w, http:\/\/lapidarium.fundacja-hereditas.pl\/wp-content\/uploads\/2023\/12\/D_Komorniczak_Warszawa_Dabrowskiego_38_IIpietro_balustrada_drzwi-do-lokalu_DSC5424-scaled.jpg 1707w\" sizes=\"auto, (max-width: 683px) 100vw, 683px\" \/><\/a><figcaption class=\"wp-element-caption\">Klatka. Drzwi do jednego z lokali mieszkalnych.  Fot. Dagmara Komorniczak. 2023 r., \u017ar\u00f3d\u0142o: Studeo et Conservo XVII.<\/figcaption><\/figure>\n\n\n\n<figure class=\"wp-block-image size-large\"><a href=\"http:\/\/lapidarium.fundacja-hereditas.pl\/wp-content\/uploads\/2023\/12\/A_Koszewska_Warszawa_Dabrowskiego_38_drzwi_I_pietro-2.jpg\"><img loading=\"lazy\" decoding=\"async\" width=\"667\" height=\"1024\" data-id=\"19362\" src=\"http:\/\/lapidarium.fundacja-hereditas.pl\/wp-content\/uploads\/2023\/12\/A_Koszewska_Warszawa_Dabrowskiego_38_drzwi_I_pietro-2-667x1024.jpg\" alt=\"\" class=\"wp-image-19362\" srcset=\"http:\/\/lapidarium.fundacja-hereditas.pl\/wp-content\/uploads\/2023\/12\/A_Koszewska_Warszawa_Dabrowskiego_38_drzwi_I_pietro-2-667x1024.jpg 667w, http:\/\/lapidarium.fundacja-hereditas.pl\/wp-content\/uploads\/2023\/12\/A_Koszewska_Warszawa_Dabrowskiego_38_drzwi_I_pietro-2-195x300.jpg 195w, http:\/\/lapidarium.fundacja-hereditas.pl\/wp-content\/uploads\/2023\/12\/A_Koszewska_Warszawa_Dabrowskiego_38_drzwi_I_pietro-2-768x1179.jpg 768w, http:\/\/lapidarium.fundacja-hereditas.pl\/wp-content\/uploads\/2023\/12\/A_Koszewska_Warszawa_Dabrowskiego_38_drzwi_I_pietro-2-1000x1536.jpg 1000w, http:\/\/lapidarium.fundacja-hereditas.pl\/wp-content\/uploads\/2023\/12\/A_Koszewska_Warszawa_Dabrowskiego_38_drzwi_I_pietro-2-1334x2048.jpg 1334w, http:\/\/lapidarium.fundacja-hereditas.pl\/wp-content\/uploads\/2023\/12\/A_Koszewska_Warszawa_Dabrowskiego_38_drzwi_I_pietro-2-150x230.jpg 150w, http:\/\/lapidarium.fundacja-hereditas.pl\/wp-content\/uploads\/2023\/12\/A_Koszewska_Warszawa_Dabrowskiego_38_drzwi_I_pietro-2-300x461.jpg 300w, http:\/\/lapidarium.fundacja-hereditas.pl\/wp-content\/uploads\/2023\/12\/A_Koszewska_Warszawa_Dabrowskiego_38_drzwi_I_pietro-2-696x1069.jpg 696w, http:\/\/lapidarium.fundacja-hereditas.pl\/wp-content\/uploads\/2023\/12\/A_Koszewska_Warszawa_Dabrowskiego_38_drzwi_I_pietro-2-1068x1640.jpg 1068w, http:\/\/lapidarium.fundacja-hereditas.pl\/wp-content\/uploads\/2023\/12\/A_Koszewska_Warszawa_Dabrowskiego_38_drzwi_I_pietro-2.jpg 1558w\" sizes=\"auto, (max-width: 667px) 100vw, 667px\" \/><\/a><figcaption class=\"wp-element-caption\">Klatka. Drzwi do lokalu mieszkalnego -ga\u0142aka. 2023 r., \u017ar\u00f3d\u0142o: Studeo et Conservo XVII.<\/figcaption><\/figure>\n\n\n\n<figure class=\"wp-block-image size-large\"><a href=\"http:\/\/lapidarium.fundacja-hereditas.pl\/wp-content\/uploads\/2023\/12\/A_Koszewska_Warszawa_Dabrowskiego_38_dzwonek_drzwi_I_pietro.jpg\"><img loading=\"lazy\" decoding=\"async\" width=\"750\" height=\"1024\" data-id=\"19365\" src=\"http:\/\/lapidarium.fundacja-hereditas.pl\/wp-content\/uploads\/2023\/12\/A_Koszewska_Warszawa_Dabrowskiego_38_dzwonek_drzwi_I_pietro-750x1024.jpg\" alt=\"\" class=\"wp-image-19365\" srcset=\"http:\/\/lapidarium.fundacja-hereditas.pl\/wp-content\/uploads\/2023\/12\/A_Koszewska_Warszawa_Dabrowskiego_38_dzwonek_drzwi_I_pietro-750x1024.jpg 750w, http:\/\/lapidarium.fundacja-hereditas.pl\/wp-content\/uploads\/2023\/12\/A_Koszewska_Warszawa_Dabrowskiego_38_dzwonek_drzwi_I_pietro-220x300.jpg 220w, http:\/\/lapidarium.fundacja-hereditas.pl\/wp-content\/uploads\/2023\/12\/A_Koszewska_Warszawa_Dabrowskiego_38_dzwonek_drzwi_I_pietro-768x1049.jpg 768w, http:\/\/lapidarium.fundacja-hereditas.pl\/wp-content\/uploads\/2023\/12\/A_Koszewska_Warszawa_Dabrowskiego_38_dzwonek_drzwi_I_pietro-1125x1536.jpg 1125w, http:\/\/lapidarium.fundacja-hereditas.pl\/wp-content\/uploads\/2023\/12\/A_Koszewska_Warszawa_Dabrowskiego_38_dzwonek_drzwi_I_pietro-1500x2048.jpg 1500w, http:\/\/lapidarium.fundacja-hereditas.pl\/wp-content\/uploads\/2023\/12\/A_Koszewska_Warszawa_Dabrowskiego_38_dzwonek_drzwi_I_pietro-150x205.jpg 150w, http:\/\/lapidarium.fundacja-hereditas.pl\/wp-content\/uploads\/2023\/12\/A_Koszewska_Warszawa_Dabrowskiego_38_dzwonek_drzwi_I_pietro-300x410.jpg 300w, http:\/\/lapidarium.fundacja-hereditas.pl\/wp-content\/uploads\/2023\/12\/A_Koszewska_Warszawa_Dabrowskiego_38_dzwonek_drzwi_I_pietro-696x950.jpg 696w, http:\/\/lapidarium.fundacja-hereditas.pl\/wp-content\/uploads\/2023\/12\/A_Koszewska_Warszawa_Dabrowskiego_38_dzwonek_drzwi_I_pietro-1068x1458.jpg 1068w, http:\/\/lapidarium.fundacja-hereditas.pl\/wp-content\/uploads\/2023\/12\/A_Koszewska_Warszawa_Dabrowskiego_38_dzwonek_drzwi_I_pietro.jpg 1707w\" sizes=\"auto, (max-width: 750px) 100vw, 750px\" \/><\/a><figcaption class=\"wp-element-caption\">Klatka &#8211; dzwonek przy jednym z lokali mieszkalnych. 2023 r., \u017ar\u00f3d\u0142o: Studeo et Conservo XVII.<\/figcaption><\/figure>\n\n\n\n<figure class=\"wp-block-image size-large\"><a href=\"http:\/\/lapidarium.fundacja-hereditas.pl\/wp-content\/uploads\/2023\/12\/D_Komorniczak_Warszawa_Dabrowskiego_38_IIpietro_balustrada_detal_DSC5426-scaled.jpg\"><img loading=\"lazy\" decoding=\"async\" width=\"1024\" height=\"676\" data-id=\"19371\" src=\"http:\/\/lapidarium.fundacja-hereditas.pl\/wp-content\/uploads\/2023\/12\/D_Komorniczak_Warszawa_Dabrowskiego_38_IIpietro_balustrada_detal_DSC5426-1024x676.jpg\" alt=\"\" class=\"wp-image-19371\" srcset=\"http:\/\/lapidarium.fundacja-hereditas.pl\/wp-content\/uploads\/2023\/12\/D_Komorniczak_Warszawa_Dabrowskiego_38_IIpietro_balustrada_detal_DSC5426-1024x676.jpg 1024w, http:\/\/lapidarium.fundacja-hereditas.pl\/wp-content\/uploads\/2023\/12\/D_Komorniczak_Warszawa_Dabrowskiego_38_IIpietro_balustrada_detal_DSC5426-300x198.jpg 300w, http:\/\/lapidarium.fundacja-hereditas.pl\/wp-content\/uploads\/2023\/12\/D_Komorniczak_Warszawa_Dabrowskiego_38_IIpietro_balustrada_detal_DSC5426-768x507.jpg 768w, http:\/\/lapidarium.fundacja-hereditas.pl\/wp-content\/uploads\/2023\/12\/D_Komorniczak_Warszawa_Dabrowskiego_38_IIpietro_balustrada_detal_DSC5426-1536x1015.jpg 1536w, http:\/\/lapidarium.fundacja-hereditas.pl\/wp-content\/uploads\/2023\/12\/D_Komorniczak_Warszawa_Dabrowskiego_38_IIpietro_balustrada_detal_DSC5426-2048x1353.jpg 2048w, http:\/\/lapidarium.fundacja-hereditas.pl\/wp-content\/uploads\/2023\/12\/D_Komorniczak_Warszawa_Dabrowskiego_38_IIpietro_balustrada_detal_DSC5426-150x99.jpg 150w, http:\/\/lapidarium.fundacja-hereditas.pl\/wp-content\/uploads\/2023\/12\/D_Komorniczak_Warszawa_Dabrowskiego_38_IIpietro_balustrada_detal_DSC5426-696x460.jpg 696w, http:\/\/lapidarium.fundacja-hereditas.pl\/wp-content\/uploads\/2023\/12\/D_Komorniczak_Warszawa_Dabrowskiego_38_IIpietro_balustrada_detal_DSC5426-1068x705.jpg 1068w, http:\/\/lapidarium.fundacja-hereditas.pl\/wp-content\/uploads\/2023\/12\/D_Komorniczak_Warszawa_Dabrowskiego_38_IIpietro_balustrada_detal_DSC5426-1920x1268.jpg 1920w\" sizes=\"auto, (max-width: 1024px) 100vw, 1024px\" \/><\/a><figcaption class=\"wp-element-caption\">Klatka. Widok ku ostatniemu pi\u0119tru. Balustrada.  Fot. Dagmara Komorniczak. 2023 r., \u017ar\u00f3d\u0142o: Studeo et Conservo XVII.<\/figcaption><\/figure>\n\n\n\n<figure class=\"wp-block-image size-large\"><a href=\"http:\/\/lapidarium.fundacja-hereditas.pl\/wp-content\/uploads\/2023\/12\/A_Koszewska_Warszawa_Dabrowskiego_38_klatka_schodowa_widok_na_poddasze.jpg\"><img loading=\"lazy\" decoding=\"async\" width=\"780\" height=\"1024\" data-id=\"19367\" src=\"http:\/\/lapidarium.fundacja-hereditas.pl\/wp-content\/uploads\/2023\/12\/A_Koszewska_Warszawa_Dabrowskiego_38_klatka_schodowa_widok_na_poddasze-780x1024.jpg\" alt=\"\" class=\"wp-image-19367\" srcset=\"http:\/\/lapidarium.fundacja-hereditas.pl\/wp-content\/uploads\/2023\/12\/A_Koszewska_Warszawa_Dabrowskiego_38_klatka_schodowa_widok_na_poddasze-780x1024.jpg 780w, http:\/\/lapidarium.fundacja-hereditas.pl\/wp-content\/uploads\/2023\/12\/A_Koszewska_Warszawa_Dabrowskiego_38_klatka_schodowa_widok_na_poddasze-229x300.jpg 229w, http:\/\/lapidarium.fundacja-hereditas.pl\/wp-content\/uploads\/2023\/12\/A_Koszewska_Warszawa_Dabrowskiego_38_klatka_schodowa_widok_na_poddasze-768x1008.jpg 768w, http:\/\/lapidarium.fundacja-hereditas.pl\/wp-content\/uploads\/2023\/12\/A_Koszewska_Warszawa_Dabrowskiego_38_klatka_schodowa_widok_na_poddasze-1171x1536.jpg 1171w, http:\/\/lapidarium.fundacja-hereditas.pl\/wp-content\/uploads\/2023\/12\/A_Koszewska_Warszawa_Dabrowskiego_38_klatka_schodowa_widok_na_poddasze-1561x2048.jpg 1561w, http:\/\/lapidarium.fundacja-hereditas.pl\/wp-content\/uploads\/2023\/12\/A_Koszewska_Warszawa_Dabrowskiego_38_klatka_schodowa_widok_na_poddasze-150x197.jpg 150w, http:\/\/lapidarium.fundacja-hereditas.pl\/wp-content\/uploads\/2023\/12\/A_Koszewska_Warszawa_Dabrowskiego_38_klatka_schodowa_widok_na_poddasze-300x394.jpg 300w, http:\/\/lapidarium.fundacja-hereditas.pl\/wp-content\/uploads\/2023\/12\/A_Koszewska_Warszawa_Dabrowskiego_38_klatka_schodowa_widok_na_poddasze-696x913.jpg 696w, http:\/\/lapidarium.fundacja-hereditas.pl\/wp-content\/uploads\/2023\/12\/A_Koszewska_Warszawa_Dabrowskiego_38_klatka_schodowa_widok_na_poddasze-1068x1401.jpg 1068w, http:\/\/lapidarium.fundacja-hereditas.pl\/wp-content\/uploads\/2023\/12\/A_Koszewska_Warszawa_Dabrowskiego_38_klatka_schodowa_widok_na_poddasze-1920x2519.jpg 1920w, http:\/\/lapidarium.fundacja-hereditas.pl\/wp-content\/uploads\/2023\/12\/A_Koszewska_Warszawa_Dabrowskiego_38_klatka_schodowa_widok_na_poddasze.jpg 1932w\" sizes=\"auto, (max-width: 780px) 100vw, 780px\" \/><\/a><figcaption class=\"wp-element-caption\">Klatka &#8211; widok ze spocznika na ostatnie pi\u0119tro. Arkadowy sufit. Fot. Aleksandra Koszewska. 2023 r., \u017ar\u00f3d\u0142o: Studeo et Conservo XVII.<\/figcaption><\/figure>\n<\/figure>\n","protected":false},"excerpt":{"rendered":"<p>Obiekt powsta\u0142 z du\u017cym prawdopodobie\u0144stwem w latach 20. XX w., a ju\u017c na pewno przed rokiem 1935. Mo\u017cna tak za\u0142o\u017cy\u0107 analizuj\u0105c wyst\u00f3j elewacji. Ta oduliczna wpisuje si\u0119 w tzw. styl dworkowy preferuj\u0105cy historyzuj\u0105ce, nieco zgeometryzowane pod wp\u0142ywem nurtu art. Deco, formy, nawi\u0105zuj\u0105ce z grubsza do naszych rodzimych wzorc\u00f3w. St\u0105d by\u0107 mo\u017ce fasada tego konkretnie obiektu [&hellip;]<\/p>\n","protected":false},"author":6,"featured_media":19414,"comment_status":"open","ping_status":"open","sticky":false,"template":"","format":"standard","meta":{"footnotes":""},"categories":[206,4],"tags":[],"class_list":{"0":"post-19668","1":"post","2":"type-post","3":"status-publish","4":"format-standard","5":"has-post-thumbnail","7":"category-dabrowskiego","8":"category-warszawa"},"_links":{"self":[{"href":"http:\/\/lapidarium.fundacja-hereditas.pl\/index.php\/wp-json\/wp\/v2\/posts\/19668","targetHints":{"allow":["GET"]}}],"collection":[{"href":"http:\/\/lapidarium.fundacja-hereditas.pl\/index.php\/wp-json\/wp\/v2\/posts"}],"about":[{"href":"http:\/\/lapidarium.fundacja-hereditas.pl\/index.php\/wp-json\/wp\/v2\/types\/post"}],"author":[{"embeddable":true,"href":"http:\/\/lapidarium.fundacja-hereditas.pl\/index.php\/wp-json\/wp\/v2\/users\/6"}],"replies":[{"embeddable":true,"href":"http:\/\/lapidarium.fundacja-hereditas.pl\/index.php\/wp-json\/wp\/v2\/comments?post=19668"}],"version-history":[{"count":3,"href":"http:\/\/lapidarium.fundacja-hereditas.pl\/index.php\/wp-json\/wp\/v2\/posts\/19668\/revisions"}],"predecessor-version":[{"id":19711,"href":"http:\/\/lapidarium.fundacja-hereditas.pl\/index.php\/wp-json\/wp\/v2\/posts\/19668\/revisions\/19711"}],"wp:featuredmedia":[{"embeddable":true,"href":"http:\/\/lapidarium.fundacja-hereditas.pl\/index.php\/wp-json\/wp\/v2\/media\/19414"}],"wp:attachment":[{"href":"http:\/\/lapidarium.fundacja-hereditas.pl\/index.php\/wp-json\/wp\/v2\/media?parent=19668"}],"wp:term":[{"taxonomy":"category","embeddable":true,"href":"http:\/\/lapidarium.fundacja-hereditas.pl\/index.php\/wp-json\/wp\/v2\/categories?post=19668"},{"taxonomy":"post_tag","embeddable":true,"href":"http:\/\/lapidarium.fundacja-hereditas.pl\/index.php\/wp-json\/wp\/v2\/tags?post=19668"}],"curies":[{"name":"wp","href":"https:\/\/api.w.org\/{rel}","templated":true}]}}