{"id":14648,"date":"2023-10-27T05:28:41","date_gmt":"2023-10-27T03:28:41","guid":{"rendered":"http:\/\/lapidarium.fundacja-hereditas.pl\/?p=14648"},"modified":"2023-11-01T13:19:13","modified_gmt":"2023-11-01T12:19:13","slug":"kamienica-ul-sienna-43-warszawa","status":"publish","type":"post","link":"http:\/\/lapidarium.fundacja-hereditas.pl\/index.php\/2023\/10\/27\/kamienica-ul-sienna-43-warszawa\/","title":{"rendered":"Kamienica ul. Sienna 43, Warszawa"},"content":{"rendered":"\n<p>Modernistyczna, czteropi\u0119trowa kamienica wzniesiona w latach 1936-1937 pod\u0142ug projektu znanej w\u00f3wczas i cenionej sp\u00f3\u0142ki architekt\u00f3w Jerzego Gelbarda i Romana Sigalina.\u00a0Zamawiaj\u0105cych projekt by\u0142o kilku: Pawe\u0142 Goldstein, Adam Borowik oraz dr Andrzej Biele\u0144ki. Dom by\u0142 luksusowy, wyko\u0144czony wieloma szlachetnymi materia\u0142ami, jak cho\u0107by pierwotne pokrycie fasady, do kt\u00f3rej u\u017cyto Felzytynu. Felzytyn by\u0142a to handlowa nazwa gotowej i suchej wyprawy tynkarskiej, produkowanej w Lubartowie przez firm\u0119 \u201eFelzytyn i Trocal\u201d. Warto wspomnie\u0107, i\u017c g\u0142\u00f3wny wsp\u00f3\u0142w\u0142a\u015bciciel kamienicy Pawe\u0142 Goldstein, by\u0142 ordynatorem w szpitalu starozakonnych na Czystem, a specjalizowa\u0142 si\u0119 w neurochirurgii \u2013 by\u0142 pionierem tej dziedziny w Polsce. Podczas wojny i powstania warszawskiego dom niewiele ucierpia\u0142. Oficyny przetrwa\u0142y &#8222;pod dachem&#8221;, a uszkodzenia ostatniej kondygnacji dosi\u0119g\u0142y tylko domu frontowego, najbardziej &#8211; p\u00f3\u0142nocno-zachodniego naro\u017cnika, kt\u00f3ry m\u00f3g\u0142 by\u0107 uszkodzony nawet do poziomu trzeciego pi\u0119tra. Obecnie dom utrzymany jest w nale\u017cytym stanie.<\/p>\n\n\n\n<figure class=\"wp-block-gallery has-nested-images columns-default is-cropped wp-block-gallery-1 is-layout-flex wp-block-gallery-is-layout-flex\">\n<figure class=\"wp-block-image size-large\"><a href=\"http:\/\/lapidarium.fundacja-hereditas.pl\/wp-content\/uploads\/2023\/10\/01_Malgorzata_Bosek_Sienna_43-scaled.jpg\"><img loading=\"lazy\" decoding=\"async\" width=\"869\" height=\"1024\" data-id=\"14650\" src=\"http:\/\/lapidarium.fundacja-hereditas.pl\/wp-content\/uploads\/2023\/10\/01_Malgorzata_Bosek_Sienna_43-869x1024.jpg\" alt=\"\" class=\"wp-image-14650\" srcset=\"http:\/\/lapidarium.fundacja-hereditas.pl\/wp-content\/uploads\/2023\/10\/01_Malgorzata_Bosek_Sienna_43-869x1024.jpg 869w, http:\/\/lapidarium.fundacja-hereditas.pl\/wp-content\/uploads\/2023\/10\/01_Malgorzata_Bosek_Sienna_43-255x300.jpg 255w, http:\/\/lapidarium.fundacja-hereditas.pl\/wp-content\/uploads\/2023\/10\/01_Malgorzata_Bosek_Sienna_43-768x905.jpg 768w, http:\/\/lapidarium.fundacja-hereditas.pl\/wp-content\/uploads\/2023\/10\/01_Malgorzata_Bosek_Sienna_43-1303x1536.jpg 1303w, http:\/\/lapidarium.fundacja-hereditas.pl\/wp-content\/uploads\/2023\/10\/01_Malgorzata_Bosek_Sienna_43-1738x2048.jpg 1738w, http:\/\/lapidarium.fundacja-hereditas.pl\/wp-content\/uploads\/2023\/10\/01_Malgorzata_Bosek_Sienna_43-150x177.jpg 150w, http:\/\/lapidarium.fundacja-hereditas.pl\/wp-content\/uploads\/2023\/10\/01_Malgorzata_Bosek_Sienna_43-300x354.jpg 300w, http:\/\/lapidarium.fundacja-hereditas.pl\/wp-content\/uploads\/2023\/10\/01_Malgorzata_Bosek_Sienna_43-696x820.jpg 696w, http:\/\/lapidarium.fundacja-hereditas.pl\/wp-content\/uploads\/2023\/10\/01_Malgorzata_Bosek_Sienna_43-1068x1259.jpg 1068w, http:\/\/lapidarium.fundacja-hereditas.pl\/wp-content\/uploads\/2023\/10\/01_Malgorzata_Bosek_Sienna_43-1920x2263.jpg 1920w\" sizes=\"auto, (max-width: 869px) 100vw, 869px\" \/><\/a><figcaption class=\"wp-element-caption\">Elewacja &#8211; widok og\u00f3lny od p\u00f3\u0142nocy. Fot. Ma\u0142gorzata Bosek. 2023 r., \u017ar\u00f3d\u0142o: AOD IV.<\/figcaption><\/figure>\n\n\n\n<figure class=\"wp-block-image size-large\"><a href=\"http:\/\/lapidarium.fundacja-hereditas.pl\/wp-content\/uploads\/2023\/10\/A_Bakowska_Sienna_43_fasada_lewa_strona-scaled.jpg\"><img loading=\"lazy\" decoding=\"async\" width=\"623\" height=\"1024\" data-id=\"14674\" src=\"http:\/\/lapidarium.fundacja-hereditas.pl\/wp-content\/uploads\/2023\/10\/A_Bakowska_Sienna_43_fasada_lewa_strona-623x1024.jpg\" alt=\"\" class=\"wp-image-14674\" srcset=\"http:\/\/lapidarium.fundacja-hereditas.pl\/wp-content\/uploads\/2023\/10\/A_Bakowska_Sienna_43_fasada_lewa_strona-623x1024.jpg 623w, http:\/\/lapidarium.fundacja-hereditas.pl\/wp-content\/uploads\/2023\/10\/A_Bakowska_Sienna_43_fasada_lewa_strona-182x300.jpg 182w, http:\/\/lapidarium.fundacja-hereditas.pl\/wp-content\/uploads\/2023\/10\/A_Bakowska_Sienna_43_fasada_lewa_strona-768x1263.jpg 768w, http:\/\/lapidarium.fundacja-hereditas.pl\/wp-content\/uploads\/2023\/10\/A_Bakowska_Sienna_43_fasada_lewa_strona-934x1536.jpg 934w, http:\/\/lapidarium.fundacja-hereditas.pl\/wp-content\/uploads\/2023\/10\/A_Bakowska_Sienna_43_fasada_lewa_strona-1246x2048.jpg 1246w, http:\/\/lapidarium.fundacja-hereditas.pl\/wp-content\/uploads\/2023\/10\/A_Bakowska_Sienna_43_fasada_lewa_strona-150x247.jpg 150w, http:\/\/lapidarium.fundacja-hereditas.pl\/wp-content\/uploads\/2023\/10\/A_Bakowska_Sienna_43_fasada_lewa_strona-300x493.jpg 300w, http:\/\/lapidarium.fundacja-hereditas.pl\/wp-content\/uploads\/2023\/10\/A_Bakowska_Sienna_43_fasada_lewa_strona-696x1144.jpg 696w, http:\/\/lapidarium.fundacja-hereditas.pl\/wp-content\/uploads\/2023\/10\/A_Bakowska_Sienna_43_fasada_lewa_strona-1068x1756.jpg 1068w, http:\/\/lapidarium.fundacja-hereditas.pl\/wp-content\/uploads\/2023\/10\/A_Bakowska_Sienna_43_fasada_lewa_strona-1920x3157.jpg 1920w, http:\/\/lapidarium.fundacja-hereditas.pl\/wp-content\/uploads\/2023\/10\/A_Bakowska_Sienna_43_fasada_lewa_strona-scaled.jpg 1557w\" sizes=\"auto, (max-width: 623px) 100vw, 623px\" \/><\/a><figcaption class=\"wp-element-caption\">Fasada &#8211; widok od ulicy (od p\u00f3\u0142nocy). Wschodni wykusz. Balkony. Fot. Aleksandra B\u0105kowska. 2023 r., \u017ar\u00f3d\u0142o: AOD IV.<\/figcaption><\/figure>\n\n\n\n<figure class=\"wp-block-image size-large\"><a href=\"http:\/\/lapidarium.fundacja-hereditas.pl\/wp-content\/uploads\/2023\/10\/A_Bakowska_Sienna_43_fasada_okno_wraz_z_balkonem-scaled.jpg\"><img loading=\"lazy\" decoding=\"async\" width=\"814\" height=\"1024\" data-id=\"14675\" src=\"http:\/\/lapidarium.fundacja-hereditas.pl\/wp-content\/uploads\/2023\/10\/A_Bakowska_Sienna_43_fasada_okno_wraz_z_balkonem-814x1024.jpg\" alt=\"\" class=\"wp-image-14675\" srcset=\"http:\/\/lapidarium.fundacja-hereditas.pl\/wp-content\/uploads\/2023\/10\/A_Bakowska_Sienna_43_fasada_okno_wraz_z_balkonem-814x1024.jpg 814w, http:\/\/lapidarium.fundacja-hereditas.pl\/wp-content\/uploads\/2023\/10\/A_Bakowska_Sienna_43_fasada_okno_wraz_z_balkonem-238x300.jpg 238w, http:\/\/lapidarium.fundacja-hereditas.pl\/wp-content\/uploads\/2023\/10\/A_Bakowska_Sienna_43_fasada_okno_wraz_z_balkonem-768x966.jpg 768w, http:\/\/lapidarium.fundacja-hereditas.pl\/wp-content\/uploads\/2023\/10\/A_Bakowska_Sienna_43_fasada_okno_wraz_z_balkonem-1221x1536.jpg 1221w, http:\/\/lapidarium.fundacja-hereditas.pl\/wp-content\/uploads\/2023\/10\/A_Bakowska_Sienna_43_fasada_okno_wraz_z_balkonem-1628x2048.jpg 1628w, http:\/\/lapidarium.fundacja-hereditas.pl\/wp-content\/uploads\/2023\/10\/A_Bakowska_Sienna_43_fasada_okno_wraz_z_balkonem-150x189.jpg 150w, http:\/\/lapidarium.fundacja-hereditas.pl\/wp-content\/uploads\/2023\/10\/A_Bakowska_Sienna_43_fasada_okno_wraz_z_balkonem-300x378.jpg 300w, http:\/\/lapidarium.fundacja-hereditas.pl\/wp-content\/uploads\/2023\/10\/A_Bakowska_Sienna_43_fasada_okno_wraz_z_balkonem-696x876.jpg 696w, http:\/\/lapidarium.fundacja-hereditas.pl\/wp-content\/uploads\/2023\/10\/A_Bakowska_Sienna_43_fasada_okno_wraz_z_balkonem-1068x1344.jpg 1068w, http:\/\/lapidarium.fundacja-hereditas.pl\/wp-content\/uploads\/2023\/10\/A_Bakowska_Sienna_43_fasada_okno_wraz_z_balkonem-1920x2416.jpg 1920w, http:\/\/lapidarium.fundacja-hereditas.pl\/wp-content\/uploads\/2023\/10\/A_Bakowska_Sienna_43_fasada_okno_wraz_z_balkonem-scaled.jpg 2034w\" sizes=\"auto, (max-width: 814px) 100vw, 814px\" \/><\/a><figcaption class=\"wp-element-caption\">Fasada &#8211; widok od ulicy (od p\u00f3\u0142nocy). Wschodni wykusz. Balkon I-go pi\u0119tra. Fot. Aleksandra B\u0105kowska. 2023 r., \u017ar\u00f3d\u0142o: AOD IV.<\/figcaption><\/figure>\n\n\n\n<figure class=\"wp-block-image size-large\"><a href=\"http:\/\/lapidarium.fundacja-hereditas.pl\/wp-content\/uploads\/2023\/10\/A_Bakowska_Sienna_43_fasada_prawa_strona-scaled.jpg\"><img loading=\"lazy\" decoding=\"async\" width=\"573\" height=\"1024\" data-id=\"14676\" src=\"http:\/\/lapidarium.fundacja-hereditas.pl\/wp-content\/uploads\/2023\/10\/A_Bakowska_Sienna_43_fasada_prawa_strona-573x1024.jpg\" alt=\"\" class=\"wp-image-14676\" srcset=\"http:\/\/lapidarium.fundacja-hereditas.pl\/wp-content\/uploads\/2023\/10\/A_Bakowska_Sienna_43_fasada_prawa_strona-573x1024.jpg 573w, http:\/\/lapidarium.fundacja-hereditas.pl\/wp-content\/uploads\/2023\/10\/A_Bakowska_Sienna_43_fasada_prawa_strona-168x300.jpg 168w, http:\/\/lapidarium.fundacja-hereditas.pl\/wp-content\/uploads\/2023\/10\/A_Bakowska_Sienna_43_fasada_prawa_strona-768x1372.jpg 768w, http:\/\/lapidarium.fundacja-hereditas.pl\/wp-content\/uploads\/2023\/10\/A_Bakowska_Sienna_43_fasada_prawa_strona-860x1536.jpg 860w, http:\/\/lapidarium.fundacja-hereditas.pl\/wp-content\/uploads\/2023\/10\/A_Bakowska_Sienna_43_fasada_prawa_strona-1146x2048.jpg 1146w, http:\/\/lapidarium.fundacja-hereditas.pl\/wp-content\/uploads\/2023\/10\/A_Bakowska_Sienna_43_fasada_prawa_strona-150x268.jpg 150w, http:\/\/lapidarium.fundacja-hereditas.pl\/wp-content\/uploads\/2023\/10\/A_Bakowska_Sienna_43_fasada_prawa_strona-300x536.jpg 300w, http:\/\/lapidarium.fundacja-hereditas.pl\/wp-content\/uploads\/2023\/10\/A_Bakowska_Sienna_43_fasada_prawa_strona-696x1244.jpg 696w, http:\/\/lapidarium.fundacja-hereditas.pl\/wp-content\/uploads\/2023\/10\/A_Bakowska_Sienna_43_fasada_prawa_strona-1068x1908.jpg 1068w, http:\/\/lapidarium.fundacja-hereditas.pl\/wp-content\/uploads\/2023\/10\/A_Bakowska_Sienna_43_fasada_prawa_strona-1920x3431.jpg 1920w, http:\/\/lapidarium.fundacja-hereditas.pl\/wp-content\/uploads\/2023\/10\/A_Bakowska_Sienna_43_fasada_prawa_strona-scaled.jpg 1433w\" sizes=\"auto, (max-width: 573px) 100vw, 573px\" \/><\/a><figcaption class=\"wp-element-caption\">Fasada &#8211; widok od ulicy (od p\u00f3\u0142nocy). Zachodni wykusz. Balkony. Fot. Aleksandra B\u0105kowska. 2023 r., \u017ar\u00f3d\u0142o: AOD IV.<\/figcaption><\/figure>\n\n\n\n<figure class=\"wp-block-image size-large\"><a href=\"http:\/\/lapidarium.fundacja-hereditas.pl\/wp-content\/uploads\/2023\/10\/A_Koszewska_Sienna_43_balkony-scaled.jpg\"><img loading=\"lazy\" decoding=\"async\" width=\"775\" height=\"1024\" data-id=\"14685\" src=\"http:\/\/lapidarium.fundacja-hereditas.pl\/wp-content\/uploads\/2023\/10\/A_Koszewska_Sienna_43_balkony-775x1024.jpg\" alt=\"\" class=\"wp-image-14685\" srcset=\"http:\/\/lapidarium.fundacja-hereditas.pl\/wp-content\/uploads\/2023\/10\/A_Koszewska_Sienna_43_balkony-775x1024.jpg 775w, http:\/\/lapidarium.fundacja-hereditas.pl\/wp-content\/uploads\/2023\/10\/A_Koszewska_Sienna_43_balkony-227x300.jpg 227w, http:\/\/lapidarium.fundacja-hereditas.pl\/wp-content\/uploads\/2023\/10\/A_Koszewska_Sienna_43_balkony-768x1015.jpg 768w, http:\/\/lapidarium.fundacja-hereditas.pl\/wp-content\/uploads\/2023\/10\/A_Koszewska_Sienna_43_balkony-1163x1536.jpg 1163w, http:\/\/lapidarium.fundacja-hereditas.pl\/wp-content\/uploads\/2023\/10\/A_Koszewska_Sienna_43_balkony-1550x2048.jpg 1550w, http:\/\/lapidarium.fundacja-hereditas.pl\/wp-content\/uploads\/2023\/10\/A_Koszewska_Sienna_43_balkony-150x198.jpg 150w, http:\/\/lapidarium.fundacja-hereditas.pl\/wp-content\/uploads\/2023\/10\/A_Koszewska_Sienna_43_balkony-300x396.jpg 300w, http:\/\/lapidarium.fundacja-hereditas.pl\/wp-content\/uploads\/2023\/10\/A_Koszewska_Sienna_43_balkony-696x919.jpg 696w, http:\/\/lapidarium.fundacja-hereditas.pl\/wp-content\/uploads\/2023\/10\/A_Koszewska_Sienna_43_balkony-1068x1411.jpg 1068w, http:\/\/lapidarium.fundacja-hereditas.pl\/wp-content\/uploads\/2023\/10\/A_Koszewska_Sienna_43_balkony-1920x2536.jpg 1920w, http:\/\/lapidarium.fundacja-hereditas.pl\/wp-content\/uploads\/2023\/10\/A_Koszewska_Sienna_43_balkony-scaled.jpg 1938w\" sizes=\"auto, (max-width: 775px) 100vw, 775px\" \/><\/a><figcaption class=\"wp-element-caption\">Fasada &#8211; widok od ulicy (od p\u00f3\u0142nocy). Zachodni wykusz. Balkony I-go i II-go pi\u0119tra. Fot. Aleksandra Koszewska. 2023 r., \u017ar\u00f3d\u0142o: AOD IV.<\/figcaption><\/figure>\n\n\n\n<figure class=\"wp-block-image size-large\"><a href=\"http:\/\/lapidarium.fundacja-hereditas.pl\/wp-content\/uploads\/2023\/10\/A_Koszewska_Sienna_43_balkon_detal-scaled.jpg\"><img loading=\"lazy\" decoding=\"async\" width=\"774\" height=\"1024\" data-id=\"14684\" src=\"http:\/\/lapidarium.fundacja-hereditas.pl\/wp-content\/uploads\/2023\/10\/A_Koszewska_Sienna_43_balkon_detal-774x1024.jpg\" alt=\"\" class=\"wp-image-14684\" srcset=\"http:\/\/lapidarium.fundacja-hereditas.pl\/wp-content\/uploads\/2023\/10\/A_Koszewska_Sienna_43_balkon_detal-774x1024.jpg 774w, http:\/\/lapidarium.fundacja-hereditas.pl\/wp-content\/uploads\/2023\/10\/A_Koszewska_Sienna_43_balkon_detal-227x300.jpg 227w, http:\/\/lapidarium.fundacja-hereditas.pl\/wp-content\/uploads\/2023\/10\/A_Koszewska_Sienna_43_balkon_detal-768x1016.jpg 768w, http:\/\/lapidarium.fundacja-hereditas.pl\/wp-content\/uploads\/2023\/10\/A_Koszewska_Sienna_43_balkon_detal-1161x1536.jpg 1161w, http:\/\/lapidarium.fundacja-hereditas.pl\/wp-content\/uploads\/2023\/10\/A_Koszewska_Sienna_43_balkon_detal-1548x2048.jpg 1548w, http:\/\/lapidarium.fundacja-hereditas.pl\/wp-content\/uploads\/2023\/10\/A_Koszewska_Sienna_43_balkon_detal-150x199.jpg 150w, http:\/\/lapidarium.fundacja-hereditas.pl\/wp-content\/uploads\/2023\/10\/A_Koszewska_Sienna_43_balkon_detal-300x397.jpg 300w, http:\/\/lapidarium.fundacja-hereditas.pl\/wp-content\/uploads\/2023\/10\/A_Koszewska_Sienna_43_balkon_detal-696x921.jpg 696w, http:\/\/lapidarium.fundacja-hereditas.pl\/wp-content\/uploads\/2023\/10\/A_Koszewska_Sienna_43_balkon_detal-1068x1413.jpg 1068w, http:\/\/lapidarium.fundacja-hereditas.pl\/wp-content\/uploads\/2023\/10\/A_Koszewska_Sienna_43_balkon_detal-1920x2541.jpg 1920w, http:\/\/lapidarium.fundacja-hereditas.pl\/wp-content\/uploads\/2023\/10\/A_Koszewska_Sienna_43_balkon_detal-scaled.jpg 1934w\" sizes=\"auto, (max-width: 774px) 100vw, 774px\" \/><\/a><figcaption class=\"wp-element-caption\">Fasada &#8211; widok od ulicy (od p\u00f3\u0142nocy). Zachodni wykusz. Balkon I-go pi\u0119tra. Barierka i szyna na doniczki. Fot. Aleksandra Koszewska. 2023 r., \u017ar\u00f3d\u0142o: AOD IV.<\/figcaption><\/figure>\n\n\n\n<figure class=\"wp-block-image size-large\"><a href=\"http:\/\/lapidarium.fundacja-hereditas.pl\/wp-content\/uploads\/2023\/10\/A_Bakowska_Sienna_43_fasada_brama_wejsciowa-scaled.jpg\"><img loading=\"lazy\" decoding=\"async\" width=\"724\" height=\"1024\" data-id=\"14673\" src=\"http:\/\/lapidarium.fundacja-hereditas.pl\/wp-content\/uploads\/2023\/10\/A_Bakowska_Sienna_43_fasada_brama_wejsciowa-724x1024.jpg\" alt=\"\" class=\"wp-image-14673\" srcset=\"http:\/\/lapidarium.fundacja-hereditas.pl\/wp-content\/uploads\/2023\/10\/A_Bakowska_Sienna_43_fasada_brama_wejsciowa-724x1024.jpg 724w, http:\/\/lapidarium.fundacja-hereditas.pl\/wp-content\/uploads\/2023\/10\/A_Bakowska_Sienna_43_fasada_brama_wejsciowa-212x300.jpg 212w, http:\/\/lapidarium.fundacja-hereditas.pl\/wp-content\/uploads\/2023\/10\/A_Bakowska_Sienna_43_fasada_brama_wejsciowa-768x1086.jpg 768w, http:\/\/lapidarium.fundacja-hereditas.pl\/wp-content\/uploads\/2023\/10\/A_Bakowska_Sienna_43_fasada_brama_wejsciowa-1086x1536.jpg 1086w, http:\/\/lapidarium.fundacja-hereditas.pl\/wp-content\/uploads\/2023\/10\/A_Bakowska_Sienna_43_fasada_brama_wejsciowa-1448x2048.jpg 1448w, http:\/\/lapidarium.fundacja-hereditas.pl\/wp-content\/uploads\/2023\/10\/A_Bakowska_Sienna_43_fasada_brama_wejsciowa-150x212.jpg 150w, http:\/\/lapidarium.fundacja-hereditas.pl\/wp-content\/uploads\/2023\/10\/A_Bakowska_Sienna_43_fasada_brama_wejsciowa-300x424.jpg 300w, http:\/\/lapidarium.fundacja-hereditas.pl\/wp-content\/uploads\/2023\/10\/A_Bakowska_Sienna_43_fasada_brama_wejsciowa-696x985.jpg 696w, http:\/\/lapidarium.fundacja-hereditas.pl\/wp-content\/uploads\/2023\/10\/A_Bakowska_Sienna_43_fasada_brama_wejsciowa-1068x1511.jpg 1068w, http:\/\/lapidarium.fundacja-hereditas.pl\/wp-content\/uploads\/2023\/10\/A_Bakowska_Sienna_43_fasada_brama_wejsciowa-1920x2716.jpg 1920w, http:\/\/lapidarium.fundacja-hereditas.pl\/wp-content\/uploads\/2023\/10\/A_Bakowska_Sienna_43_fasada_brama_wejsciowa-scaled.jpg 1810w\" sizes=\"auto, (max-width: 724px) 100vw, 724px\" \/><\/a><figcaption class=\"wp-element-caption\">Brama &#8211; widok od ulicy (od p\u00f3\u0142nocy). Fot. Aleksandra B\u0105kowska. 2023 r., \u017ar\u00f3d\u0142o: AOD IV.<\/figcaption><\/figure>\n\n\n\n<figure class=\"wp-block-image size-large\"><a href=\"http:\/\/lapidarium.fundacja-hereditas.pl\/wp-content\/uploads\/2023\/10\/A_Koszewska_Sienna_43_brama-scaled.jpg\"><img loading=\"lazy\" decoding=\"async\" width=\"621\" height=\"1024\" data-id=\"14686\" src=\"http:\/\/lapidarium.fundacja-hereditas.pl\/wp-content\/uploads\/2023\/10\/A_Koszewska_Sienna_43_brama-621x1024.jpg\" alt=\"\" class=\"wp-image-14686\" srcset=\"http:\/\/lapidarium.fundacja-hereditas.pl\/wp-content\/uploads\/2023\/10\/A_Koszewska_Sienna_43_brama-621x1024.jpg 621w, http:\/\/lapidarium.fundacja-hereditas.pl\/wp-content\/uploads\/2023\/10\/A_Koszewska_Sienna_43_brama-182x300.jpg 182w, http:\/\/lapidarium.fundacja-hereditas.pl\/wp-content\/uploads\/2023\/10\/A_Koszewska_Sienna_43_brama-768x1266.jpg 768w, http:\/\/lapidarium.fundacja-hereditas.pl\/wp-content\/uploads\/2023\/10\/A_Koszewska_Sienna_43_brama-932x1536.jpg 932w, http:\/\/lapidarium.fundacja-hereditas.pl\/wp-content\/uploads\/2023\/10\/A_Koszewska_Sienna_43_brama-1242x2048.jpg 1242w, http:\/\/lapidarium.fundacja-hereditas.pl\/wp-content\/uploads\/2023\/10\/A_Koszewska_Sienna_43_brama-150x247.jpg 150w, http:\/\/lapidarium.fundacja-hereditas.pl\/wp-content\/uploads\/2023\/10\/A_Koszewska_Sienna_43_brama-300x495.jpg 300w, http:\/\/lapidarium.fundacja-hereditas.pl\/wp-content\/uploads\/2023\/10\/A_Koszewska_Sienna_43_brama-696x1148.jpg 696w, http:\/\/lapidarium.fundacja-hereditas.pl\/wp-content\/uploads\/2023\/10\/A_Koszewska_Sienna_43_brama-1068x1761.jpg 1068w, http:\/\/lapidarium.fundacja-hereditas.pl\/wp-content\/uploads\/2023\/10\/A_Koszewska_Sienna_43_brama-1920x3166.jpg 1920w, http:\/\/lapidarium.fundacja-hereditas.pl\/wp-content\/uploads\/2023\/10\/A_Koszewska_Sienna_43_brama-scaled.jpg 1553w\" sizes=\"auto, (max-width: 621px) 100vw, 621px\" \/><\/a><figcaption class=\"wp-element-caption\">Brama &#8211; widok od ulicy. Fot. Aleksandra Koszewska. 2023 r., \u017ar\u00f3d\u0142o: AOD IV.<\/figcaption><\/figure>\n\n\n\n<figure class=\"wp-block-image size-large\"><a href=\"http:\/\/lapidarium.fundacja-hereditas.pl\/wp-content\/uploads\/2023\/10\/Magdalena_Zaremba_Sienna_43_Przejazd_Bramny_Wejscie_Glowne-Widok_Ogolny-scaled.jpg\"><img loading=\"lazy\" decoding=\"async\" width=\"780\" height=\"1024\" data-id=\"14713\" src=\"http:\/\/lapidarium.fundacja-hereditas.pl\/wp-content\/uploads\/2023\/10\/Magdalena_Zaremba_Sienna_43_Przejazd_Bramny_Wejscie_Glowne-Widok_Ogolny-780x1024.jpg\" alt=\"\" class=\"wp-image-14713\" srcset=\"http:\/\/lapidarium.fundacja-hereditas.pl\/wp-content\/uploads\/2023\/10\/Magdalena_Zaremba_Sienna_43_Przejazd_Bramny_Wejscie_Glowne-Widok_Ogolny-780x1024.jpg 780w, http:\/\/lapidarium.fundacja-hereditas.pl\/wp-content\/uploads\/2023\/10\/Magdalena_Zaremba_Sienna_43_Przejazd_Bramny_Wejscie_Glowne-Widok_Ogolny-228x300.jpg 228w, http:\/\/lapidarium.fundacja-hereditas.pl\/wp-content\/uploads\/2023\/10\/Magdalena_Zaremba_Sienna_43_Przejazd_Bramny_Wejscie_Glowne-Widok_Ogolny-768x1009.jpg 768w, http:\/\/lapidarium.fundacja-hereditas.pl\/wp-content\/uploads\/2023\/10\/Magdalena_Zaremba_Sienna_43_Przejazd_Bramny_Wejscie_Glowne-Widok_Ogolny-1170x1536.jpg 1170w, http:\/\/lapidarium.fundacja-hereditas.pl\/wp-content\/uploads\/2023\/10\/Magdalena_Zaremba_Sienna_43_Przejazd_Bramny_Wejscie_Glowne-Widok_Ogolny-1559x2048.jpg 1559w, http:\/\/lapidarium.fundacja-hereditas.pl\/wp-content\/uploads\/2023\/10\/Magdalena_Zaremba_Sienna_43_Przejazd_Bramny_Wejscie_Glowne-Widok_Ogolny-150x197.jpg 150w, http:\/\/lapidarium.fundacja-hereditas.pl\/wp-content\/uploads\/2023\/10\/Magdalena_Zaremba_Sienna_43_Przejazd_Bramny_Wejscie_Glowne-Widok_Ogolny-300x394.jpg 300w, http:\/\/lapidarium.fundacja-hereditas.pl\/wp-content\/uploads\/2023\/10\/Magdalena_Zaremba_Sienna_43_Przejazd_Bramny_Wejscie_Glowne-Widok_Ogolny-696x914.jpg 696w, http:\/\/lapidarium.fundacja-hereditas.pl\/wp-content\/uploads\/2023\/10\/Magdalena_Zaremba_Sienna_43_Przejazd_Bramny_Wejscie_Glowne-Widok_Ogolny-1068x1403.jpg 1068w, http:\/\/lapidarium.fundacja-hereditas.pl\/wp-content\/uploads\/2023\/10\/Magdalena_Zaremba_Sienna_43_Przejazd_Bramny_Wejscie_Glowne-Widok_Ogolny-1920x2522.jpg 1920w, http:\/\/lapidarium.fundacja-hereditas.pl\/wp-content\/uploads\/2023\/10\/Magdalena_Zaremba_Sienna_43_Przejazd_Bramny_Wejscie_Glowne-Widok_Ogolny-scaled.jpg 1949w\" sizes=\"auto, (max-width: 780px) 100vw, 780px\" \/><\/a><figcaption class=\"wp-element-caption\">Przejazd bramny &#8211; widok ku ulicy. Fot. Magdalena Zaremba. 2023 r., \u017ar\u00f3d\u0142o: AOD IV.<\/figcaption><\/figure>\n\n\n\n<figure class=\"wp-block-image size-large\"><a href=\"http:\/\/lapidarium.fundacja-hereditas.pl\/wp-content\/uploads\/2023\/10\/A_Bakowska_Sienna_43_hol_wejsciowy_z_widokiem_na_wejscie_na_dziedziniec-scaled.jpg\"><img loading=\"lazy\" decoding=\"async\" width=\"782\" height=\"1024\" data-id=\"14680\" src=\"http:\/\/lapidarium.fundacja-hereditas.pl\/wp-content\/uploads\/2023\/10\/A_Bakowska_Sienna_43_hol_wejsciowy_z_widokiem_na_wejscie_na_dziedziniec-782x1024.jpg\" alt=\"\" class=\"wp-image-14680\" srcset=\"http:\/\/lapidarium.fundacja-hereditas.pl\/wp-content\/uploads\/2023\/10\/A_Bakowska_Sienna_43_hol_wejsciowy_z_widokiem_na_wejscie_na_dziedziniec-782x1024.jpg 782w, http:\/\/lapidarium.fundacja-hereditas.pl\/wp-content\/uploads\/2023\/10\/A_Bakowska_Sienna_43_hol_wejsciowy_z_widokiem_na_wejscie_na_dziedziniec-229x300.jpg 229w, http:\/\/lapidarium.fundacja-hereditas.pl\/wp-content\/uploads\/2023\/10\/A_Bakowska_Sienna_43_hol_wejsciowy_z_widokiem_na_wejscie_na_dziedziniec-768x1006.jpg 768w, http:\/\/lapidarium.fundacja-hereditas.pl\/wp-content\/uploads\/2023\/10\/A_Bakowska_Sienna_43_hol_wejsciowy_z_widokiem_na_wejscie_na_dziedziniec-1172x1536.jpg 1172w, http:\/\/lapidarium.fundacja-hereditas.pl\/wp-content\/uploads\/2023\/10\/A_Bakowska_Sienna_43_hol_wejsciowy_z_widokiem_na_wejscie_na_dziedziniec-1563x2048.jpg 1563w, http:\/\/lapidarium.fundacja-hereditas.pl\/wp-content\/uploads\/2023\/10\/A_Bakowska_Sienna_43_hol_wejsciowy_z_widokiem_na_wejscie_na_dziedziniec-150x197.jpg 150w, http:\/\/lapidarium.fundacja-hereditas.pl\/wp-content\/uploads\/2023\/10\/A_Bakowska_Sienna_43_hol_wejsciowy_z_widokiem_na_wejscie_na_dziedziniec-300x393.jpg 300w, http:\/\/lapidarium.fundacja-hereditas.pl\/wp-content\/uploads\/2023\/10\/A_Bakowska_Sienna_43_hol_wejsciowy_z_widokiem_na_wejscie_na_dziedziniec-696x912.jpg 696w, http:\/\/lapidarium.fundacja-hereditas.pl\/wp-content\/uploads\/2023\/10\/A_Bakowska_Sienna_43_hol_wejsciowy_z_widokiem_na_wejscie_na_dziedziniec-1068x1399.jpg 1068w, http:\/\/lapidarium.fundacja-hereditas.pl\/wp-content\/uploads\/2023\/10\/A_Bakowska_Sienna_43_hol_wejsciowy_z_widokiem_na_wejscie_na_dziedziniec-1920x2516.jpg 1920w, http:\/\/lapidarium.fundacja-hereditas.pl\/wp-content\/uploads\/2023\/10\/A_Bakowska_Sienna_43_hol_wejsciowy_z_widokiem_na_wejscie_na_dziedziniec-scaled.jpg 1954w\" sizes=\"auto, (max-width: 782px) 100vw, 782px\" \/><\/a><figcaption class=\"wp-element-caption\">Dom frontowy. Przejazd bramny. Widok ku podw\u00f3rzu. Fot. Aleksandra B\u0105kowska. 2023 r., \u017ar\u00f3d\u0142o: AOD IV.<\/figcaption><\/figure>\n\n\n\n<figure class=\"wp-block-image size-large\"><a href=\"http:\/\/lapidarium.fundacja-hereditas.pl\/wp-content\/uploads\/2023\/10\/44_Malgorzata_Bosek_Sienna_43_brama_wyjscie_na_podworko-scaled.jpg\"><img loading=\"lazy\" decoding=\"async\" width=\"1024\" height=\"819\" data-id=\"14670\" src=\"http:\/\/lapidarium.fundacja-hereditas.pl\/wp-content\/uploads\/2023\/10\/44_Malgorzata_Bosek_Sienna_43_brama_wyjscie_na_podworko-1024x819.jpg\" alt=\"\" class=\"wp-image-14670\" srcset=\"http:\/\/lapidarium.fundacja-hereditas.pl\/wp-content\/uploads\/2023\/10\/44_Malgorzata_Bosek_Sienna_43_brama_wyjscie_na_podworko-1024x819.jpg 1024w, http:\/\/lapidarium.fundacja-hereditas.pl\/wp-content\/uploads\/2023\/10\/44_Malgorzata_Bosek_Sienna_43_brama_wyjscie_na_podworko-300x240.jpg 300w, http:\/\/lapidarium.fundacja-hereditas.pl\/wp-content\/uploads\/2023\/10\/44_Malgorzata_Bosek_Sienna_43_brama_wyjscie_na_podworko-768x614.jpg 768w, http:\/\/lapidarium.fundacja-hereditas.pl\/wp-content\/uploads\/2023\/10\/44_Malgorzata_Bosek_Sienna_43_brama_wyjscie_na_podworko-1536x1228.jpg 1536w, http:\/\/lapidarium.fundacja-hereditas.pl\/wp-content\/uploads\/2023\/10\/44_Malgorzata_Bosek_Sienna_43_brama_wyjscie_na_podworko-2048x1638.jpg 2048w, http:\/\/lapidarium.fundacja-hereditas.pl\/wp-content\/uploads\/2023\/10\/44_Malgorzata_Bosek_Sienna_43_brama_wyjscie_na_podworko-150x120.jpg 150w, http:\/\/lapidarium.fundacja-hereditas.pl\/wp-content\/uploads\/2023\/10\/44_Malgorzata_Bosek_Sienna_43_brama_wyjscie_na_podworko-696x557.jpg 696w, http:\/\/lapidarium.fundacja-hereditas.pl\/wp-content\/uploads\/2023\/10\/44_Malgorzata_Bosek_Sienna_43_brama_wyjscie_na_podworko-1068x854.jpg 1068w, http:\/\/lapidarium.fundacja-hereditas.pl\/wp-content\/uploads\/2023\/10\/44_Malgorzata_Bosek_Sienna_43_brama_wyjscie_na_podworko-1920x1535.jpg 1920w\" sizes=\"auto, (max-width: 1024px) 100vw, 1024px\" \/><\/a><figcaption class=\"wp-element-caption\">Przejazd bramny. Widok na podw\u00f3rze. Fot. Ma\u0142gorzata Bosek. 2023 r., \u017ar\u00f3d\u0142o: AOD IV.<\/figcaption><\/figure>\n\n\n\n<figure class=\"wp-block-image size-large\"><a href=\"http:\/\/lapidarium.fundacja-hereditas.pl\/wp-content\/uploads\/2023\/10\/43_Malgorzata_Bosek_Sienna_43_brama_posadzka5_wyjscie_na_podworko-scaled.jpg\"><img loading=\"lazy\" decoding=\"async\" width=\"1024\" height=\"776\" data-id=\"14669\" src=\"http:\/\/lapidarium.fundacja-hereditas.pl\/wp-content\/uploads\/2023\/10\/43_Malgorzata_Bosek_Sienna_43_brama_posadzka5_wyjscie_na_podworko-1024x776.jpg\" alt=\"\" class=\"wp-image-14669\" srcset=\"http:\/\/lapidarium.fundacja-hereditas.pl\/wp-content\/uploads\/2023\/10\/43_Malgorzata_Bosek_Sienna_43_brama_posadzka5_wyjscie_na_podworko-1024x776.jpg 1024w, http:\/\/lapidarium.fundacja-hereditas.pl\/wp-content\/uploads\/2023\/10\/43_Malgorzata_Bosek_Sienna_43_brama_posadzka5_wyjscie_na_podworko-300x227.jpg 300w, http:\/\/lapidarium.fundacja-hereditas.pl\/wp-content\/uploads\/2023\/10\/43_Malgorzata_Bosek_Sienna_43_brama_posadzka5_wyjscie_na_podworko-768x582.jpg 768w, http:\/\/lapidarium.fundacja-hereditas.pl\/wp-content\/uploads\/2023\/10\/43_Malgorzata_Bosek_Sienna_43_brama_posadzka5_wyjscie_na_podworko-1536x1164.jpg 1536w, http:\/\/lapidarium.fundacja-hereditas.pl\/wp-content\/uploads\/2023\/10\/43_Malgorzata_Bosek_Sienna_43_brama_posadzka5_wyjscie_na_podworko-2048x1552.jpg 2048w, http:\/\/lapidarium.fundacja-hereditas.pl\/wp-content\/uploads\/2023\/10\/43_Malgorzata_Bosek_Sienna_43_brama_posadzka5_wyjscie_na_podworko-150x114.jpg 150w, http:\/\/lapidarium.fundacja-hereditas.pl\/wp-content\/uploads\/2023\/10\/43_Malgorzata_Bosek_Sienna_43_brama_posadzka5_wyjscie_na_podworko-696x527.jpg 696w, http:\/\/lapidarium.fundacja-hereditas.pl\/wp-content\/uploads\/2023\/10\/43_Malgorzata_Bosek_Sienna_43_brama_posadzka5_wyjscie_na_podworko-1068x809.jpg 1068w, http:\/\/lapidarium.fundacja-hereditas.pl\/wp-content\/uploads\/2023\/10\/43_Malgorzata_Bosek_Sienna_43_brama_posadzka5_wyjscie_na_podworko-1920x1455.jpg 1920w\" sizes=\"auto, (max-width: 1024px) 100vw, 1024px\" \/><\/a><figcaption class=\"wp-element-caption\">Przejazd bramny. Posadzka. P\u0142ytki ryflowane, u\u0142o\u017cone wt\u00f3rnie w spos\u00f3b niedba\u0142y. Fot. Ma\u0142gorzata Bosek. 2023 r., \u017ar\u00f3d\u0142o: AOD IV.<\/figcaption><\/figure>\n\n\n\n<figure class=\"wp-block-image size-large\"><a href=\"http:\/\/lapidarium.fundacja-hereditas.pl\/wp-content\/uploads\/2023\/10\/Magdalena_Zaremba_Sienna_43_Przejazd_Bramny_Ryflowana_Zolta_Plytka_Bramna_Detal-scaled.jpg\"><img loading=\"lazy\" decoding=\"async\" width=\"779\" height=\"1024\" data-id=\"14712\" src=\"http:\/\/lapidarium.fundacja-hereditas.pl\/wp-content\/uploads\/2023\/10\/Magdalena_Zaremba_Sienna_43_Przejazd_Bramny_Ryflowana_Zolta_Plytka_Bramna_Detal-779x1024.jpg\" alt=\"\" class=\"wp-image-14712\" srcset=\"http:\/\/lapidarium.fundacja-hereditas.pl\/wp-content\/uploads\/2023\/10\/Magdalena_Zaremba_Sienna_43_Przejazd_Bramny_Ryflowana_Zolta_Plytka_Bramna_Detal-779x1024.jpg 779w, http:\/\/lapidarium.fundacja-hereditas.pl\/wp-content\/uploads\/2023\/10\/Magdalena_Zaremba_Sienna_43_Przejazd_Bramny_Ryflowana_Zolta_Plytka_Bramna_Detal-228x300.jpg 228w, http:\/\/lapidarium.fundacja-hereditas.pl\/wp-content\/uploads\/2023\/10\/Magdalena_Zaremba_Sienna_43_Przejazd_Bramny_Ryflowana_Zolta_Plytka_Bramna_Detal-768x1010.jpg 768w, http:\/\/lapidarium.fundacja-hereditas.pl\/wp-content\/uploads\/2023\/10\/Magdalena_Zaremba_Sienna_43_Przejazd_Bramny_Ryflowana_Zolta_Plytka_Bramna_Detal-1168x1536.jpg 1168w, http:\/\/lapidarium.fundacja-hereditas.pl\/wp-content\/uploads\/2023\/10\/Magdalena_Zaremba_Sienna_43_Przejazd_Bramny_Ryflowana_Zolta_Plytka_Bramna_Detal-1557x2048.jpg 1557w, http:\/\/lapidarium.fundacja-hereditas.pl\/wp-content\/uploads\/2023\/10\/Magdalena_Zaremba_Sienna_43_Przejazd_Bramny_Ryflowana_Zolta_Plytka_Bramna_Detal-150x197.jpg 150w, http:\/\/lapidarium.fundacja-hereditas.pl\/wp-content\/uploads\/2023\/10\/Magdalena_Zaremba_Sienna_43_Przejazd_Bramny_Ryflowana_Zolta_Plytka_Bramna_Detal-300x394.jpg 300w, http:\/\/lapidarium.fundacja-hereditas.pl\/wp-content\/uploads\/2023\/10\/Magdalena_Zaremba_Sienna_43_Przejazd_Bramny_Ryflowana_Zolta_Plytka_Bramna_Detal-696x915.jpg 696w, http:\/\/lapidarium.fundacja-hereditas.pl\/wp-content\/uploads\/2023\/10\/Magdalena_Zaremba_Sienna_43_Przejazd_Bramny_Ryflowana_Zolta_Plytka_Bramna_Detal-1068x1404.jpg 1068w, http:\/\/lapidarium.fundacja-hereditas.pl\/wp-content\/uploads\/2023\/10\/Magdalena_Zaremba_Sienna_43_Przejazd_Bramny_Ryflowana_Zolta_Plytka_Bramna_Detal-1920x2525.jpg 1920w, http:\/\/lapidarium.fundacja-hereditas.pl\/wp-content\/uploads\/2023\/10\/Magdalena_Zaremba_Sienna_43_Przejazd_Bramny_Ryflowana_Zolta_Plytka_Bramna_Detal-scaled.jpg 1947w\" sizes=\"auto, (max-width: 779px) 100vw, 779px\" \/><\/a><figcaption class=\"wp-element-caption\">Przejazd bramny. Posadzka. P\u0142ytki ryflowane. Fot. Magdalena Zaremba. 2023 r., \u017ar\u00f3d\u0142o: AOD IV.<\/figcaption><\/figure>\n\n\n\n<figure class=\"wp-block-image size-large\"><a href=\"http:\/\/lapidarium.fundacja-hereditas.pl\/wp-content\/uploads\/2023\/10\/42_Malgorzata_Bosek_Sienna_43_brama_posadzka4-scaled.jpg\"><img loading=\"lazy\" decoding=\"async\" width=\"1024\" height=\"757\" data-id=\"14668\" src=\"http:\/\/lapidarium.fundacja-hereditas.pl\/wp-content\/uploads\/2023\/10\/42_Malgorzata_Bosek_Sienna_43_brama_posadzka4-1024x757.jpg\" alt=\"\" class=\"wp-image-14668\" srcset=\"http:\/\/lapidarium.fundacja-hereditas.pl\/wp-content\/uploads\/2023\/10\/42_Malgorzata_Bosek_Sienna_43_brama_posadzka4-1024x757.jpg 1024w, http:\/\/lapidarium.fundacja-hereditas.pl\/wp-content\/uploads\/2023\/10\/42_Malgorzata_Bosek_Sienna_43_brama_posadzka4-300x222.jpg 300w, http:\/\/lapidarium.fundacja-hereditas.pl\/wp-content\/uploads\/2023\/10\/42_Malgorzata_Bosek_Sienna_43_brama_posadzka4-768x568.jpg 768w, http:\/\/lapidarium.fundacja-hereditas.pl\/wp-content\/uploads\/2023\/10\/42_Malgorzata_Bosek_Sienna_43_brama_posadzka4-1536x1136.jpg 1536w, http:\/\/lapidarium.fundacja-hereditas.pl\/wp-content\/uploads\/2023\/10\/42_Malgorzata_Bosek_Sienna_43_brama_posadzka4-2048x1515.jpg 2048w, http:\/\/lapidarium.fundacja-hereditas.pl\/wp-content\/uploads\/2023\/10\/42_Malgorzata_Bosek_Sienna_43_brama_posadzka4-150x111.jpg 150w, http:\/\/lapidarium.fundacja-hereditas.pl\/wp-content\/uploads\/2023\/10\/42_Malgorzata_Bosek_Sienna_43_brama_posadzka4-485x360.jpg 485w, http:\/\/lapidarium.fundacja-hereditas.pl\/wp-content\/uploads\/2023\/10\/42_Malgorzata_Bosek_Sienna_43_brama_posadzka4-696x515.jpg 696w, http:\/\/lapidarium.fundacja-hereditas.pl\/wp-content\/uploads\/2023\/10\/42_Malgorzata_Bosek_Sienna_43_brama_posadzka4-1068x790.jpg 1068w, http:\/\/lapidarium.fundacja-hereditas.pl\/wp-content\/uploads\/2023\/10\/42_Malgorzata_Bosek_Sienna_43_brama_posadzka4-1920x1420.jpg 1920w\" sizes=\"auto, (max-width: 1024px) 100vw, 1024px\" \/><\/a><figcaption class=\"wp-element-caption\">Przejazd bramny. Posadzka. P\u0142ytki ryflowane. Fot. Ma\u0142gorzata Bosek. 2023 r., \u017ar\u00f3d\u0142o: AOD IV.<\/figcaption><\/figure>\n\n\n\n<figure class=\"wp-block-image size-large\"><a href=\"http:\/\/lapidarium.fundacja-hereditas.pl\/wp-content\/uploads\/2023\/10\/41_Malgorzata_Bosek_Sienna_43_brama_posadzka3-scaled.jpg\"><img loading=\"lazy\" decoding=\"async\" width=\"1024\" height=\"765\" data-id=\"14667\" src=\"http:\/\/lapidarium.fundacja-hereditas.pl\/wp-content\/uploads\/2023\/10\/41_Malgorzata_Bosek_Sienna_43_brama_posadzka3-1024x765.jpg\" alt=\"\" class=\"wp-image-14667\" srcset=\"http:\/\/lapidarium.fundacja-hereditas.pl\/wp-content\/uploads\/2023\/10\/41_Malgorzata_Bosek_Sienna_43_brama_posadzka3-1024x765.jpg 1024w, http:\/\/lapidarium.fundacja-hereditas.pl\/wp-content\/uploads\/2023\/10\/41_Malgorzata_Bosek_Sienna_43_brama_posadzka3-300x224.jpg 300w, http:\/\/lapidarium.fundacja-hereditas.pl\/wp-content\/uploads\/2023\/10\/41_Malgorzata_Bosek_Sienna_43_brama_posadzka3-768x573.jpg 768w, http:\/\/lapidarium.fundacja-hereditas.pl\/wp-content\/uploads\/2023\/10\/41_Malgorzata_Bosek_Sienna_43_brama_posadzka3-1536x1147.jpg 1536w, http:\/\/lapidarium.fundacja-hereditas.pl\/wp-content\/uploads\/2023\/10\/41_Malgorzata_Bosek_Sienna_43_brama_posadzka3-2048x1529.jpg 2048w, http:\/\/lapidarium.fundacja-hereditas.pl\/wp-content\/uploads\/2023\/10\/41_Malgorzata_Bosek_Sienna_43_brama_posadzka3-150x112.jpg 150w, http:\/\/lapidarium.fundacja-hereditas.pl\/wp-content\/uploads\/2023\/10\/41_Malgorzata_Bosek_Sienna_43_brama_posadzka3-696x520.jpg 696w, http:\/\/lapidarium.fundacja-hereditas.pl\/wp-content\/uploads\/2023\/10\/41_Malgorzata_Bosek_Sienna_43_brama_posadzka3-1068x798.jpg 1068w, http:\/\/lapidarium.fundacja-hereditas.pl\/wp-content\/uploads\/2023\/10\/41_Malgorzata_Bosek_Sienna_43_brama_posadzka3-1920x1434.jpg 1920w\" sizes=\"auto, (max-width: 1024px) 100vw, 1024px\" \/><\/a><figcaption class=\"wp-element-caption\">Przejazd bramny. Posadzka. P\u0142ytki ryflowane. Fot. Ma\u0142gorzata Bosek. 2023 r., \u017ar\u00f3d\u0142o: AOD IV.<\/figcaption><\/figure>\n\n\n\n<figure class=\"wp-block-image size-large\"><a href=\"http:\/\/lapidarium.fundacja-hereditas.pl\/wp-content\/uploads\/2023\/10\/A_Bakowska_Sienna_43_schody_do_klatki_schodowej_wraz_z_rzutem_na_posadzke_w_holu-scaled.jpg\"><img loading=\"lazy\" decoding=\"async\" width=\"786\" height=\"1024\" data-id=\"14682\" src=\"http:\/\/lapidarium.fundacja-hereditas.pl\/wp-content\/uploads\/2023\/10\/A_Bakowska_Sienna_43_schody_do_klatki_schodowej_wraz_z_rzutem_na_posadzke_w_holu-786x1024.jpg\" alt=\"\" class=\"wp-image-14682\" srcset=\"http:\/\/lapidarium.fundacja-hereditas.pl\/wp-content\/uploads\/2023\/10\/A_Bakowska_Sienna_43_schody_do_klatki_schodowej_wraz_z_rzutem_na_posadzke_w_holu-786x1024.jpg 786w, http:\/\/lapidarium.fundacja-hereditas.pl\/wp-content\/uploads\/2023\/10\/A_Bakowska_Sienna_43_schody_do_klatki_schodowej_wraz_z_rzutem_na_posadzke_w_holu-230x300.jpg 230w, http:\/\/lapidarium.fundacja-hereditas.pl\/wp-content\/uploads\/2023\/10\/A_Bakowska_Sienna_43_schody_do_klatki_schodowej_wraz_z_rzutem_na_posadzke_w_holu-768x1001.jpg 768w, http:\/\/lapidarium.fundacja-hereditas.pl\/wp-content\/uploads\/2023\/10\/A_Bakowska_Sienna_43_schody_do_klatki_schodowej_wraz_z_rzutem_na_posadzke_w_holu-1179x1536.jpg 1179w, http:\/\/lapidarium.fundacja-hereditas.pl\/wp-content\/uploads\/2023\/10\/A_Bakowska_Sienna_43_schody_do_klatki_schodowej_wraz_z_rzutem_na_posadzke_w_holu-1572x2048.jpg 1572w, http:\/\/lapidarium.fundacja-hereditas.pl\/wp-content\/uploads\/2023\/10\/A_Bakowska_Sienna_43_schody_do_klatki_schodowej_wraz_z_rzutem_na_posadzke_w_holu-150x195.jpg 150w, http:\/\/lapidarium.fundacja-hereditas.pl\/wp-content\/uploads\/2023\/10\/A_Bakowska_Sienna_43_schody_do_klatki_schodowej_wraz_z_rzutem_na_posadzke_w_holu-300x391.jpg 300w, http:\/\/lapidarium.fundacja-hereditas.pl\/wp-content\/uploads\/2023\/10\/A_Bakowska_Sienna_43_schody_do_klatki_schodowej_wraz_z_rzutem_na_posadzke_w_holu-696x907.jpg 696w, http:\/\/lapidarium.fundacja-hereditas.pl\/wp-content\/uploads\/2023\/10\/A_Bakowska_Sienna_43_schody_do_klatki_schodowej_wraz_z_rzutem_na_posadzke_w_holu-1068x1392.jpg 1068w, http:\/\/lapidarium.fundacja-hereditas.pl\/wp-content\/uploads\/2023\/10\/A_Bakowska_Sienna_43_schody_do_klatki_schodowej_wraz_z_rzutem_na_posadzke_w_holu-1920x2502.jpg 1920w, http:\/\/lapidarium.fundacja-hereditas.pl\/wp-content\/uploads\/2023\/10\/A_Bakowska_Sienna_43_schody_do_klatki_schodowej_wraz_z_rzutem_na_posadzke_w_holu-scaled.jpg 1964w\" sizes=\"auto, (max-width: 786px) 100vw, 786px\" \/><\/a><figcaption class=\"wp-element-caption\">Dom frontowy. Przejazd bramny. Schody na klatk\u0119. Posadzka z ryflowanych p\u0142ytek. Ok\u0142adzina \u015bciany i coko\u0142u. Fot. Aleksandra B\u0105kowska. 2023 r., \u017ar\u00f3d\u0142o: AOD IV.<\/figcaption><\/figure>\n\n\n\n<figure class=\"wp-block-image size-large\"><a href=\"http:\/\/lapidarium.fundacja-hereditas.pl\/wp-content\/uploads\/2023\/10\/A_Koszewska_Sienna_43_przejazd_bramny_wejscie_na_klatke-scaled.jpg\"><img loading=\"lazy\" decoding=\"async\" width=\"804\" height=\"1024\" data-id=\"14701\" src=\"http:\/\/lapidarium.fundacja-hereditas.pl\/wp-content\/uploads\/2023\/10\/A_Koszewska_Sienna_43_przejazd_bramny_wejscie_na_klatke-804x1024.jpg\" alt=\"\" class=\"wp-image-14701\" srcset=\"http:\/\/lapidarium.fundacja-hereditas.pl\/wp-content\/uploads\/2023\/10\/A_Koszewska_Sienna_43_przejazd_bramny_wejscie_na_klatke-804x1024.jpg 804w, http:\/\/lapidarium.fundacja-hereditas.pl\/wp-content\/uploads\/2023\/10\/A_Koszewska_Sienna_43_przejazd_bramny_wejscie_na_klatke-236x300.jpg 236w, http:\/\/lapidarium.fundacja-hereditas.pl\/wp-content\/uploads\/2023\/10\/A_Koszewska_Sienna_43_przejazd_bramny_wejscie_na_klatke-768x978.jpg 768w, http:\/\/lapidarium.fundacja-hereditas.pl\/wp-content\/uploads\/2023\/10\/A_Koszewska_Sienna_43_przejazd_bramny_wejscie_na_klatke-1207x1536.jpg 1207w, http:\/\/lapidarium.fundacja-hereditas.pl\/wp-content\/uploads\/2023\/10\/A_Koszewska_Sienna_43_przejazd_bramny_wejscie_na_klatke-1609x2048.jpg 1609w, http:\/\/lapidarium.fundacja-hereditas.pl\/wp-content\/uploads\/2023\/10\/A_Koszewska_Sienna_43_przejazd_bramny_wejscie_na_klatke-150x191.jpg 150w, http:\/\/lapidarium.fundacja-hereditas.pl\/wp-content\/uploads\/2023\/10\/A_Koszewska_Sienna_43_przejazd_bramny_wejscie_na_klatke-300x382.jpg 300w, http:\/\/lapidarium.fundacja-hereditas.pl\/wp-content\/uploads\/2023\/10\/A_Koszewska_Sienna_43_przejazd_bramny_wejscie_na_klatke-696x886.jpg 696w, http:\/\/lapidarium.fundacja-hereditas.pl\/wp-content\/uploads\/2023\/10\/A_Koszewska_Sienna_43_przejazd_bramny_wejscie_na_klatke-1068x1360.jpg 1068w, http:\/\/lapidarium.fundacja-hereditas.pl\/wp-content\/uploads\/2023\/10\/A_Koszewska_Sienna_43_przejazd_bramny_wejscie_na_klatke-1920x2444.jpg 1920w, http:\/\/lapidarium.fundacja-hereditas.pl\/wp-content\/uploads\/2023\/10\/A_Koszewska_Sienna_43_przejazd_bramny_wejscie_na_klatke-scaled.jpg 2011w\" sizes=\"auto, (max-width: 804px) 100vw, 804px\" \/><\/a><figcaption class=\"wp-element-caption\">Dom frontowy. Przejazd bramny. Wej\u015bcie na klatk\u0119 schodow\u0105. \u015aciana zachodnia. Fot. Aleksandra Koszewska. 2023 r., \u017ar\u00f3d\u0142o: AOD IV.<\/figcaption><\/figure>\n\n\n\n<figure class=\"wp-block-image size-large\"><a href=\"http:\/\/lapidarium.fundacja-hereditas.pl\/wp-content\/uploads\/2023\/10\/48_Malgorzata_Bosek_Sienna_43_brama_str_lewa_wneka_wejscie_glowne-scaled.jpg\"><img loading=\"lazy\" decoding=\"async\" width=\"1024\" height=\"764\" data-id=\"14671\" src=\"http:\/\/lapidarium.fundacja-hereditas.pl\/wp-content\/uploads\/2023\/10\/48_Malgorzata_Bosek_Sienna_43_brama_str_lewa_wneka_wejscie_glowne-1024x764.jpg\" alt=\"\" class=\"wp-image-14671\" srcset=\"http:\/\/lapidarium.fundacja-hereditas.pl\/wp-content\/uploads\/2023\/10\/48_Malgorzata_Bosek_Sienna_43_brama_str_lewa_wneka_wejscie_glowne-1024x764.jpg 1024w, http:\/\/lapidarium.fundacja-hereditas.pl\/wp-content\/uploads\/2023\/10\/48_Malgorzata_Bosek_Sienna_43_brama_str_lewa_wneka_wejscie_glowne-300x224.jpg 300w, http:\/\/lapidarium.fundacja-hereditas.pl\/wp-content\/uploads\/2023\/10\/48_Malgorzata_Bosek_Sienna_43_brama_str_lewa_wneka_wejscie_glowne-768x573.jpg 768w, http:\/\/lapidarium.fundacja-hereditas.pl\/wp-content\/uploads\/2023\/10\/48_Malgorzata_Bosek_Sienna_43_brama_str_lewa_wneka_wejscie_glowne-1536x1146.jpg 1536w, http:\/\/lapidarium.fundacja-hereditas.pl\/wp-content\/uploads\/2023\/10\/48_Malgorzata_Bosek_Sienna_43_brama_str_lewa_wneka_wejscie_glowne-2048x1528.jpg 2048w, http:\/\/lapidarium.fundacja-hereditas.pl\/wp-content\/uploads\/2023\/10\/48_Malgorzata_Bosek_Sienna_43_brama_str_lewa_wneka_wejscie_glowne-150x112.jpg 150w, http:\/\/lapidarium.fundacja-hereditas.pl\/wp-content\/uploads\/2023\/10\/48_Malgorzata_Bosek_Sienna_43_brama_str_lewa_wneka_wejscie_glowne-696x519.jpg 696w, http:\/\/lapidarium.fundacja-hereditas.pl\/wp-content\/uploads\/2023\/10\/48_Malgorzata_Bosek_Sienna_43_brama_str_lewa_wneka_wejscie_glowne-1068x797.jpg 1068w, http:\/\/lapidarium.fundacja-hereditas.pl\/wp-content\/uploads\/2023\/10\/48_Malgorzata_Bosek_Sienna_43_brama_str_lewa_wneka_wejscie_glowne-1920x1432.jpg 1920w\" sizes=\"auto, (max-width: 1024px) 100vw, 1024px\" \/><\/a><figcaption class=\"wp-element-caption\">Przejazd bramny. Strona wschodnia. Wn\u0119ka. Fot. Ma\u0142gorzata Bosek. 2023 r., \u017ar\u00f3d\u0142o: AOD IV.<\/figcaption><\/figure>\n\n\n\n<figure class=\"wp-block-image size-large\"><a href=\"http:\/\/lapidarium.fundacja-hereditas.pl\/wp-content\/uploads\/2023\/10\/A_Koszewska_Sienna_43_przejazd_bramny-scaled.jpg\"><img loading=\"lazy\" decoding=\"async\" width=\"802\" height=\"1024\" data-id=\"14700\" src=\"http:\/\/lapidarium.fundacja-hereditas.pl\/wp-content\/uploads\/2023\/10\/A_Koszewska_Sienna_43_przejazd_bramny-802x1024.jpg\" alt=\"\" class=\"wp-image-14700\" srcset=\"http:\/\/lapidarium.fundacja-hereditas.pl\/wp-content\/uploads\/2023\/10\/A_Koszewska_Sienna_43_przejazd_bramny-802x1024.jpg 802w, http:\/\/lapidarium.fundacja-hereditas.pl\/wp-content\/uploads\/2023\/10\/A_Koszewska_Sienna_43_przejazd_bramny-235x300.jpg 235w, http:\/\/lapidarium.fundacja-hereditas.pl\/wp-content\/uploads\/2023\/10\/A_Koszewska_Sienna_43_przejazd_bramny-768x981.jpg 768w, http:\/\/lapidarium.fundacja-hereditas.pl\/wp-content\/uploads\/2023\/10\/A_Koszewska_Sienna_43_przejazd_bramny-1203x1536.jpg 1203w, http:\/\/lapidarium.fundacja-hereditas.pl\/wp-content\/uploads\/2023\/10\/A_Koszewska_Sienna_43_przejazd_bramny-1604x2048.jpg 1604w, http:\/\/lapidarium.fundacja-hereditas.pl\/wp-content\/uploads\/2023\/10\/A_Koszewska_Sienna_43_przejazd_bramny-150x192.jpg 150w, http:\/\/lapidarium.fundacja-hereditas.pl\/wp-content\/uploads\/2023\/10\/A_Koszewska_Sienna_43_przejazd_bramny-300x383.jpg 300w, http:\/\/lapidarium.fundacja-hereditas.pl\/wp-content\/uploads\/2023\/10\/A_Koszewska_Sienna_43_przejazd_bramny-696x889.jpg 696w, http:\/\/lapidarium.fundacja-hereditas.pl\/wp-content\/uploads\/2023\/10\/A_Koszewska_Sienna_43_przejazd_bramny-1068x1364.jpg 1068w, http:\/\/lapidarium.fundacja-hereditas.pl\/wp-content\/uploads\/2023\/10\/A_Koszewska_Sienna_43_przejazd_bramny-1920x2452.jpg 1920w, http:\/\/lapidarium.fundacja-hereditas.pl\/wp-content\/uploads\/2023\/10\/A_Koszewska_Sienna_43_przejazd_bramny-scaled.jpg 2005w\" sizes=\"auto, (max-width: 802px) 100vw, 802px\" \/><\/a><figcaption class=\"wp-element-caption\">Dom frontowy. Przejazd bramny. Wn\u0119ka. \u015aciana wschodnia. Fot. Aleksandra Koszewska. 2023 r., \u017ar\u00f3d\u0142o: AOD IV.<\/figcaption><\/figure>\n\n\n\n<figure class=\"wp-block-image size-large\"><a href=\"http:\/\/lapidarium.fundacja-hereditas.pl\/wp-content\/uploads\/2023\/10\/A_Bakowska_Sienna_43_hol_pozostalosc_po_drzwiach-scaled.jpg\"><img loading=\"lazy\" decoding=\"async\" width=\"774\" height=\"1024\" data-id=\"14678\" src=\"http:\/\/lapidarium.fundacja-hereditas.pl\/wp-content\/uploads\/2023\/10\/A_Bakowska_Sienna_43_hol_pozostalosc_po_drzwiach-774x1024.jpg\" alt=\"\" class=\"wp-image-14678\" srcset=\"http:\/\/lapidarium.fundacja-hereditas.pl\/wp-content\/uploads\/2023\/10\/A_Bakowska_Sienna_43_hol_pozostalosc_po_drzwiach-774x1024.jpg 774w, http:\/\/lapidarium.fundacja-hereditas.pl\/wp-content\/uploads\/2023\/10\/A_Bakowska_Sienna_43_hol_pozostalosc_po_drzwiach-227x300.jpg 227w, http:\/\/lapidarium.fundacja-hereditas.pl\/wp-content\/uploads\/2023\/10\/A_Bakowska_Sienna_43_hol_pozostalosc_po_drzwiach-768x1016.jpg 768w, http:\/\/lapidarium.fundacja-hereditas.pl\/wp-content\/uploads\/2023\/10\/A_Bakowska_Sienna_43_hol_pozostalosc_po_drzwiach-1161x1536.jpg 1161w, http:\/\/lapidarium.fundacja-hereditas.pl\/wp-content\/uploads\/2023\/10\/A_Bakowska_Sienna_43_hol_pozostalosc_po_drzwiach-1548x2048.jpg 1548w, http:\/\/lapidarium.fundacja-hereditas.pl\/wp-content\/uploads\/2023\/10\/A_Bakowska_Sienna_43_hol_pozostalosc_po_drzwiach-150x198.jpg 150w, http:\/\/lapidarium.fundacja-hereditas.pl\/wp-content\/uploads\/2023\/10\/A_Bakowska_Sienna_43_hol_pozostalosc_po_drzwiach-300x397.jpg 300w, http:\/\/lapidarium.fundacja-hereditas.pl\/wp-content\/uploads\/2023\/10\/A_Bakowska_Sienna_43_hol_pozostalosc_po_drzwiach-696x921.jpg 696w, http:\/\/lapidarium.fundacja-hereditas.pl\/wp-content\/uploads\/2023\/10\/A_Bakowska_Sienna_43_hol_pozostalosc_po_drzwiach-1068x1413.jpg 1068w, http:\/\/lapidarium.fundacja-hereditas.pl\/wp-content\/uploads\/2023\/10\/A_Bakowska_Sienna_43_hol_pozostalosc_po_drzwiach-1920x2540.jpg 1920w, http:\/\/lapidarium.fundacja-hereditas.pl\/wp-content\/uploads\/2023\/10\/A_Bakowska_Sienna_43_hol_pozostalosc_po_drzwiach-scaled.jpg 1935w\" sizes=\"auto, (max-width: 774px) 100vw, 774px\" \/><\/a><figcaption class=\"wp-element-caption\">Dom frontowy. Przejazd bramny. Drzwi do str\u00f3\u017c\u00f3wki (?). Fot. Aleksandra B\u0105kowska. 2023 r., \u017ar\u00f3d\u0142o: AOD IV.<\/figcaption><\/figure>\n\n\n\n<figure class=\"wp-block-image size-large\"><a href=\"http:\/\/lapidarium.fundacja-hereditas.pl\/wp-content\/uploads\/2023\/10\/A_Bakowska_Sienna_43_hol_sciany_wraz_z_posadzka-scaled.jpg\"><img loading=\"lazy\" decoding=\"async\" width=\"777\" height=\"1024\" data-id=\"14679\" src=\"http:\/\/lapidarium.fundacja-hereditas.pl\/wp-content\/uploads\/2023\/10\/A_Bakowska_Sienna_43_hol_sciany_wraz_z_posadzka-777x1024.jpg\" alt=\"\" class=\"wp-image-14679\" srcset=\"http:\/\/lapidarium.fundacja-hereditas.pl\/wp-content\/uploads\/2023\/10\/A_Bakowska_Sienna_43_hol_sciany_wraz_z_posadzka-777x1024.jpg 777w, http:\/\/lapidarium.fundacja-hereditas.pl\/wp-content\/uploads\/2023\/10\/A_Bakowska_Sienna_43_hol_sciany_wraz_z_posadzka-228x300.jpg 228w, http:\/\/lapidarium.fundacja-hereditas.pl\/wp-content\/uploads\/2023\/10\/A_Bakowska_Sienna_43_hol_sciany_wraz_z_posadzka-768x1012.jpg 768w, http:\/\/lapidarium.fundacja-hereditas.pl\/wp-content\/uploads\/2023\/10\/A_Bakowska_Sienna_43_hol_sciany_wraz_z_posadzka-1165x1536.jpg 1165w, http:\/\/lapidarium.fundacja-hereditas.pl\/wp-content\/uploads\/2023\/10\/A_Bakowska_Sienna_43_hol_sciany_wraz_z_posadzka-1554x2048.jpg 1554w, http:\/\/lapidarium.fundacja-hereditas.pl\/wp-content\/uploads\/2023\/10\/A_Bakowska_Sienna_43_hol_sciany_wraz_z_posadzka-150x198.jpg 150w, http:\/\/lapidarium.fundacja-hereditas.pl\/wp-content\/uploads\/2023\/10\/A_Bakowska_Sienna_43_hol_sciany_wraz_z_posadzka-300x395.jpg 300w, http:\/\/lapidarium.fundacja-hereditas.pl\/wp-content\/uploads\/2023\/10\/A_Bakowska_Sienna_43_hol_sciany_wraz_z_posadzka-696x917.jpg 696w, http:\/\/lapidarium.fundacja-hereditas.pl\/wp-content\/uploads\/2023\/10\/A_Bakowska_Sienna_43_hol_sciany_wraz_z_posadzka-1068x1408.jpg 1068w, http:\/\/lapidarium.fundacja-hereditas.pl\/wp-content\/uploads\/2023\/10\/A_Bakowska_Sienna_43_hol_sciany_wraz_z_posadzka-1920x2531.jpg 1920w, http:\/\/lapidarium.fundacja-hereditas.pl\/wp-content\/uploads\/2023\/10\/A_Bakowska_Sienna_43_hol_sciany_wraz_z_posadzka-scaled.jpg 1942w\" sizes=\"auto, (max-width: 777px) 100vw, 777px\" \/><\/a><figcaption class=\"wp-element-caption\">Dom frontowy. Przejazd bramny. Posadzka z ryflowanych p\u0142ytek i ok\u0142adzina \u015bciany bocznej. Fot. Aleksandra B\u0105kowska. 2023 r., \u017ar\u00f3d\u0142o: AOD IV.<\/figcaption><\/figure>\n\n\n\n<figure class=\"wp-block-image size-large\"><a href=\"http:\/\/lapidarium.fundacja-hereditas.pl\/wp-content\/uploads\/2023\/10\/38_Malgorzata_Bosek_Sienna_43_prawa_klatka_parter_wyjscie_do_bramy_schodki-scaled.jpg\"><img loading=\"lazy\" decoding=\"async\" width=\"1024\" height=\"761\" data-id=\"14666\" src=\"http:\/\/lapidarium.fundacja-hereditas.pl\/wp-content\/uploads\/2023\/10\/38_Malgorzata_Bosek_Sienna_43_prawa_klatka_parter_wyjscie_do_bramy_schodki-1024x761.jpg\" alt=\"\" class=\"wp-image-14666\" srcset=\"http:\/\/lapidarium.fundacja-hereditas.pl\/wp-content\/uploads\/2023\/10\/38_Malgorzata_Bosek_Sienna_43_prawa_klatka_parter_wyjscie_do_bramy_schodki-1024x761.jpg 1024w, http:\/\/lapidarium.fundacja-hereditas.pl\/wp-content\/uploads\/2023\/10\/38_Malgorzata_Bosek_Sienna_43_prawa_klatka_parter_wyjscie_do_bramy_schodki-300x223.jpg 300w, http:\/\/lapidarium.fundacja-hereditas.pl\/wp-content\/uploads\/2023\/10\/38_Malgorzata_Bosek_Sienna_43_prawa_klatka_parter_wyjscie_do_bramy_schodki-768x571.jpg 768w, http:\/\/lapidarium.fundacja-hereditas.pl\/wp-content\/uploads\/2023\/10\/38_Malgorzata_Bosek_Sienna_43_prawa_klatka_parter_wyjscie_do_bramy_schodki-1536x1142.jpg 1536w, http:\/\/lapidarium.fundacja-hereditas.pl\/wp-content\/uploads\/2023\/10\/38_Malgorzata_Bosek_Sienna_43_prawa_klatka_parter_wyjscie_do_bramy_schodki-2048x1522.jpg 2048w, http:\/\/lapidarium.fundacja-hereditas.pl\/wp-content\/uploads\/2023\/10\/38_Malgorzata_Bosek_Sienna_43_prawa_klatka_parter_wyjscie_do_bramy_schodki-150x111.jpg 150w, http:\/\/lapidarium.fundacja-hereditas.pl\/wp-content\/uploads\/2023\/10\/38_Malgorzata_Bosek_Sienna_43_prawa_klatka_parter_wyjscie_do_bramy_schodki-485x360.jpg 485w, http:\/\/lapidarium.fundacja-hereditas.pl\/wp-content\/uploads\/2023\/10\/38_Malgorzata_Bosek_Sienna_43_prawa_klatka_parter_wyjscie_do_bramy_schodki-696x517.jpg 696w, http:\/\/lapidarium.fundacja-hereditas.pl\/wp-content\/uploads\/2023\/10\/38_Malgorzata_Bosek_Sienna_43_prawa_klatka_parter_wyjscie_do_bramy_schodki-1068x794.jpg 1068w, http:\/\/lapidarium.fundacja-hereditas.pl\/wp-content\/uploads\/2023\/10\/38_Malgorzata_Bosek_Sienna_43_prawa_klatka_parter_wyjscie_do_bramy_schodki-1920x1427.jpg 1920w\" sizes=\"auto, (max-width: 1024px) 100vw, 1024px\" \/><\/a><figcaption class=\"wp-element-caption\">Przejazd bramny. Posadzka. P\u0142ytki ryflowane. Stopnie (lastryko) na klatk\u0119 schodow\u0105. Fot. Ma\u0142gorzata Bosek. 2023 r., \u017ar\u00f3d\u0142o: AOD IV.<\/figcaption><\/figure>\n\n\n\n<figure class=\"wp-block-image size-large\"><a href=\"http:\/\/lapidarium.fundacja-hereditas.pl\/wp-content\/uploads\/2023\/10\/A_Bakowska_Sienna_43_wejscie_na_klatke_schodowa-scaled.jpg\"><img loading=\"lazy\" decoding=\"async\" width=\"762\" height=\"1024\" data-id=\"14683\" src=\"http:\/\/lapidarium.fundacja-hereditas.pl\/wp-content\/uploads\/2023\/10\/A_Bakowska_Sienna_43_wejscie_na_klatke_schodowa-762x1024.jpg\" alt=\"\" class=\"wp-image-14683\" srcset=\"http:\/\/lapidarium.fundacja-hereditas.pl\/wp-content\/uploads\/2023\/10\/A_Bakowska_Sienna_43_wejscie_na_klatke_schodowa-762x1024.jpg 762w, http:\/\/lapidarium.fundacja-hereditas.pl\/wp-content\/uploads\/2023\/10\/A_Bakowska_Sienna_43_wejscie_na_klatke_schodowa-223x300.jpg 223w, http:\/\/lapidarium.fundacja-hereditas.pl\/wp-content\/uploads\/2023\/10\/A_Bakowska_Sienna_43_wejscie_na_klatke_schodowa-768x1031.jpg 768w, http:\/\/lapidarium.fundacja-hereditas.pl\/wp-content\/uploads\/2023\/10\/A_Bakowska_Sienna_43_wejscie_na_klatke_schodowa-1144x1536.jpg 1144w, http:\/\/lapidarium.fundacja-hereditas.pl\/wp-content\/uploads\/2023\/10\/A_Bakowska_Sienna_43_wejscie_na_klatke_schodowa-1525x2048.jpg 1525w, http:\/\/lapidarium.fundacja-hereditas.pl\/wp-content\/uploads\/2023\/10\/A_Bakowska_Sienna_43_wejscie_na_klatke_schodowa-150x201.jpg 150w, http:\/\/lapidarium.fundacja-hereditas.pl\/wp-content\/uploads\/2023\/10\/A_Bakowska_Sienna_43_wejscie_na_klatke_schodowa-300x403.jpg 300w, http:\/\/lapidarium.fundacja-hereditas.pl\/wp-content\/uploads\/2023\/10\/A_Bakowska_Sienna_43_wejscie_na_klatke_schodowa-696x935.jpg 696w, http:\/\/lapidarium.fundacja-hereditas.pl\/wp-content\/uploads\/2023\/10\/A_Bakowska_Sienna_43_wejscie_na_klatke_schodowa-1068x1434.jpg 1068w, http:\/\/lapidarium.fundacja-hereditas.pl\/wp-content\/uploads\/2023\/10\/A_Bakowska_Sienna_43_wejscie_na_klatke_schodowa-1920x2579.jpg 1920w, http:\/\/lapidarium.fundacja-hereditas.pl\/wp-content\/uploads\/2023\/10\/A_Bakowska_Sienna_43_wejscie_na_klatke_schodowa-scaled.jpg 1906w\" sizes=\"auto, (max-width: 762px) 100vw, 762px\" \/><\/a><figcaption class=\"wp-element-caption\">Dom frontowy. Przejazd bramny. Wej\u015bcie na klatk\u0119 schodow\u0105. Widok na wsch\u00f3d. Fot. Aleksandra B\u0105kowska. 2023 r., \u017ar\u00f3d\u0142o: AOD IV.<\/figcaption><\/figure>\n\n\n\n<figure class=\"wp-block-image size-large\"><a href=\"http:\/\/lapidarium.fundacja-hereditas.pl\/wp-content\/uploads\/2023\/10\/37_Malgorzata_Bosek_Sienna_43_prawa_klatka_parter_wyjscie_do_bramy-scaled.jpg\"><img loading=\"lazy\" decoding=\"async\" width=\"774\" height=\"1024\" data-id=\"14665\" src=\"http:\/\/lapidarium.fundacja-hereditas.pl\/wp-content\/uploads\/2023\/10\/37_Malgorzata_Bosek_Sienna_43_prawa_klatka_parter_wyjscie_do_bramy-774x1024.jpg\" alt=\"\" class=\"wp-image-14665\" srcset=\"http:\/\/lapidarium.fundacja-hereditas.pl\/wp-content\/uploads\/2023\/10\/37_Malgorzata_Bosek_Sienna_43_prawa_klatka_parter_wyjscie_do_bramy-774x1024.jpg 774w, http:\/\/lapidarium.fundacja-hereditas.pl\/wp-content\/uploads\/2023\/10\/37_Malgorzata_Bosek_Sienna_43_prawa_klatka_parter_wyjscie_do_bramy-227x300.jpg 227w, http:\/\/lapidarium.fundacja-hereditas.pl\/wp-content\/uploads\/2023\/10\/37_Malgorzata_Bosek_Sienna_43_prawa_klatka_parter_wyjscie_do_bramy-768x1016.jpg 768w, http:\/\/lapidarium.fundacja-hereditas.pl\/wp-content\/uploads\/2023\/10\/37_Malgorzata_Bosek_Sienna_43_prawa_klatka_parter_wyjscie_do_bramy-1161x1536.jpg 1161w, http:\/\/lapidarium.fundacja-hereditas.pl\/wp-content\/uploads\/2023\/10\/37_Malgorzata_Bosek_Sienna_43_prawa_klatka_parter_wyjscie_do_bramy-1548x2048.jpg 1548w, http:\/\/lapidarium.fundacja-hereditas.pl\/wp-content\/uploads\/2023\/10\/37_Malgorzata_Bosek_Sienna_43_prawa_klatka_parter_wyjscie_do_bramy-150x198.jpg 150w, http:\/\/lapidarium.fundacja-hereditas.pl\/wp-content\/uploads\/2023\/10\/37_Malgorzata_Bosek_Sienna_43_prawa_klatka_parter_wyjscie_do_bramy-300x397.jpg 300w, http:\/\/lapidarium.fundacja-hereditas.pl\/wp-content\/uploads\/2023\/10\/37_Malgorzata_Bosek_Sienna_43_prawa_klatka_parter_wyjscie_do_bramy-696x921.jpg 696w, http:\/\/lapidarium.fundacja-hereditas.pl\/wp-content\/uploads\/2023\/10\/37_Malgorzata_Bosek_Sienna_43_prawa_klatka_parter_wyjscie_do_bramy-1068x1413.jpg 1068w, http:\/\/lapidarium.fundacja-hereditas.pl\/wp-content\/uploads\/2023\/10\/37_Malgorzata_Bosek_Sienna_43_prawa_klatka_parter_wyjscie_do_bramy-1920x2540.jpg 1920w, http:\/\/lapidarium.fundacja-hereditas.pl\/wp-content\/uploads\/2023\/10\/37_Malgorzata_Bosek_Sienna_43_prawa_klatka_parter_wyjscie_do_bramy-scaled.jpg 1935w\" sizes=\"auto, (max-width: 774px) 100vw, 774px\" \/><\/a><figcaption class=\"wp-element-caption\">Dom Frontowy. Klatka schodowa. Wyj\u015bcie do bramy. Fot. Ma\u0142gorzata Bosek. 2023 r., \u017ar\u00f3d\u0142o: AOD IV.<\/figcaption><\/figure>\n\n\n\n<figure class=\"wp-block-image size-large\"><a href=\"http:\/\/lapidarium.fundacja-hereditas.pl\/wp-content\/uploads\/2023\/10\/33_Malgorzata_Bosek_Sienna_43_parter_balustrada_porecz-scaled.jpg\"><img loading=\"lazy\" decoding=\"async\" width=\"1024\" height=\"762\" data-id=\"14663\" src=\"http:\/\/lapidarium.fundacja-hereditas.pl\/wp-content\/uploads\/2023\/10\/33_Malgorzata_Bosek_Sienna_43_parter_balustrada_porecz-1024x762.jpg\" alt=\"\" class=\"wp-image-14663\" srcset=\"http:\/\/lapidarium.fundacja-hereditas.pl\/wp-content\/uploads\/2023\/10\/33_Malgorzata_Bosek_Sienna_43_parter_balustrada_porecz-1024x762.jpg 1024w, http:\/\/lapidarium.fundacja-hereditas.pl\/wp-content\/uploads\/2023\/10\/33_Malgorzata_Bosek_Sienna_43_parter_balustrada_porecz-300x223.jpg 300w, http:\/\/lapidarium.fundacja-hereditas.pl\/wp-content\/uploads\/2023\/10\/33_Malgorzata_Bosek_Sienna_43_parter_balustrada_porecz-768x572.jpg 768w, http:\/\/lapidarium.fundacja-hereditas.pl\/wp-content\/uploads\/2023\/10\/33_Malgorzata_Bosek_Sienna_43_parter_balustrada_porecz-1536x1143.jpg 1536w, http:\/\/lapidarium.fundacja-hereditas.pl\/wp-content\/uploads\/2023\/10\/33_Malgorzata_Bosek_Sienna_43_parter_balustrada_porecz-2048x1524.jpg 2048w, http:\/\/lapidarium.fundacja-hereditas.pl\/wp-content\/uploads\/2023\/10\/33_Malgorzata_Bosek_Sienna_43_parter_balustrada_porecz-150x112.jpg 150w, http:\/\/lapidarium.fundacja-hereditas.pl\/wp-content\/uploads\/2023\/10\/33_Malgorzata_Bosek_Sienna_43_parter_balustrada_porecz-485x360.jpg 485w, http:\/\/lapidarium.fundacja-hereditas.pl\/wp-content\/uploads\/2023\/10\/33_Malgorzata_Bosek_Sienna_43_parter_balustrada_porecz-696x518.jpg 696w, http:\/\/lapidarium.fundacja-hereditas.pl\/wp-content\/uploads\/2023\/10\/33_Malgorzata_Bosek_Sienna_43_parter_balustrada_porecz-1068x795.jpg 1068w, http:\/\/lapidarium.fundacja-hereditas.pl\/wp-content\/uploads\/2023\/10\/33_Malgorzata_Bosek_Sienna_43_parter_balustrada_porecz-1920x1429.jpg 1920w\" sizes=\"auto, (max-width: 1024px) 100vw, 1024px\" \/><\/a><figcaption class=\"wp-element-caption\">Dom Frontowy. Klatka schodowa. Parter. Pocz\u0105tek schod\u00f3w. Fot. Ma\u0142gorzata Bosek. 2023 r., \u017ar\u00f3d\u0142o: AOD IV.<\/figcaption><\/figure>\n\n\n\n<figure class=\"wp-block-image size-large\"><a href=\"http:\/\/lapidarium.fundacja-hereditas.pl\/wp-content\/uploads\/2023\/10\/32_Malgorzata_Bosek_Sienna_43_parter_balustrada-scaled.jpg\"><img loading=\"lazy\" decoding=\"async\" width=\"1024\" height=\"762\" data-id=\"14662\" src=\"http:\/\/lapidarium.fundacja-hereditas.pl\/wp-content\/uploads\/2023\/10\/32_Malgorzata_Bosek_Sienna_43_parter_balustrada-1024x762.jpg\" alt=\"\" class=\"wp-image-14662\" srcset=\"http:\/\/lapidarium.fundacja-hereditas.pl\/wp-content\/uploads\/2023\/10\/32_Malgorzata_Bosek_Sienna_43_parter_balustrada-1024x762.jpg 1024w, http:\/\/lapidarium.fundacja-hereditas.pl\/wp-content\/uploads\/2023\/10\/32_Malgorzata_Bosek_Sienna_43_parter_balustrada-300x223.jpg 300w, http:\/\/lapidarium.fundacja-hereditas.pl\/wp-content\/uploads\/2023\/10\/32_Malgorzata_Bosek_Sienna_43_parter_balustrada-768x572.jpg 768w, http:\/\/lapidarium.fundacja-hereditas.pl\/wp-content\/uploads\/2023\/10\/32_Malgorzata_Bosek_Sienna_43_parter_balustrada-1536x1144.jpg 1536w, http:\/\/lapidarium.fundacja-hereditas.pl\/wp-content\/uploads\/2023\/10\/32_Malgorzata_Bosek_Sienna_43_parter_balustrada-2048x1525.jpg 2048w, http:\/\/lapidarium.fundacja-hereditas.pl\/wp-content\/uploads\/2023\/10\/32_Malgorzata_Bosek_Sienna_43_parter_balustrada-150x112.jpg 150w, http:\/\/lapidarium.fundacja-hereditas.pl\/wp-content\/uploads\/2023\/10\/32_Malgorzata_Bosek_Sienna_43_parter_balustrada-485x360.jpg 485w, http:\/\/lapidarium.fundacja-hereditas.pl\/wp-content\/uploads\/2023\/10\/32_Malgorzata_Bosek_Sienna_43_parter_balustrada-696x518.jpg 696w, http:\/\/lapidarium.fundacja-hereditas.pl\/wp-content\/uploads\/2023\/10\/32_Malgorzata_Bosek_Sienna_43_parter_balustrada-1068x795.jpg 1068w, http:\/\/lapidarium.fundacja-hereditas.pl\/wp-content\/uploads\/2023\/10\/32_Malgorzata_Bosek_Sienna_43_parter_balustrada-1920x1430.jpg 1920w\" sizes=\"auto, (max-width: 1024px) 100vw, 1024px\" \/><\/a><figcaption class=\"wp-element-caption\">Dom Frontowy. Klatka schodowa. Parter. Pocz\u0105tek schod\u00f3w. Fot. Ma\u0142gorzata Bosek. 2023 r., \u017ar\u00f3d\u0142o: AOD IV.<\/figcaption><\/figure>\n\n\n\n<figure class=\"wp-block-image size-large\"><a href=\"http:\/\/lapidarium.fundacja-hereditas.pl\/wp-content\/uploads\/2023\/10\/35_Malgorzata_Bosek_Sienna_43_parter_lawka3-scaled.jpg\"><img loading=\"lazy\" decoding=\"async\" width=\"1024\" height=\"853\" data-id=\"14664\" src=\"http:\/\/lapidarium.fundacja-hereditas.pl\/wp-content\/uploads\/2023\/10\/35_Malgorzata_Bosek_Sienna_43_parter_lawka3-1024x853.jpg\" alt=\"\" class=\"wp-image-14664\" srcset=\"http:\/\/lapidarium.fundacja-hereditas.pl\/wp-content\/uploads\/2023\/10\/35_Malgorzata_Bosek_Sienna_43_parter_lawka3-1024x853.jpg 1024w, http:\/\/lapidarium.fundacja-hereditas.pl\/wp-content\/uploads\/2023\/10\/35_Malgorzata_Bosek_Sienna_43_parter_lawka3-300x250.jpg 300w, http:\/\/lapidarium.fundacja-hereditas.pl\/wp-content\/uploads\/2023\/10\/35_Malgorzata_Bosek_Sienna_43_parter_lawka3-768x640.jpg 768w, http:\/\/lapidarium.fundacja-hereditas.pl\/wp-content\/uploads\/2023\/10\/35_Malgorzata_Bosek_Sienna_43_parter_lawka3-1536x1279.jpg 1536w, http:\/\/lapidarium.fundacja-hereditas.pl\/wp-content\/uploads\/2023\/10\/35_Malgorzata_Bosek_Sienna_43_parter_lawka3-2048x1705.jpg 2048w, http:\/\/lapidarium.fundacja-hereditas.pl\/wp-content\/uploads\/2023\/10\/35_Malgorzata_Bosek_Sienna_43_parter_lawka3-150x125.jpg 150w, http:\/\/lapidarium.fundacja-hereditas.pl\/wp-content\/uploads\/2023\/10\/35_Malgorzata_Bosek_Sienna_43_parter_lawka3-696x580.jpg 696w, http:\/\/lapidarium.fundacja-hereditas.pl\/wp-content\/uploads\/2023\/10\/35_Malgorzata_Bosek_Sienna_43_parter_lawka3-1068x889.jpg 1068w, http:\/\/lapidarium.fundacja-hereditas.pl\/wp-content\/uploads\/2023\/10\/35_Malgorzata_Bosek_Sienna_43_parter_lawka3-1920x1599.jpg 1920w\" sizes=\"auto, (max-width: 1024px) 100vw, 1024px\" \/><\/a><figcaption class=\"wp-element-caption\">Dom Frontowy. Klatka schodowa. Parter. Pocz\u0105tek schod\u00f3w. \u0141awka. Fot. Ma\u0142gorzata Bosek. 2023 r., \u017ar\u00f3d\u0142o: AOD IV.<\/figcaption><\/figure>\n\n\n\n<figure class=\"wp-block-image size-large\"><a href=\"http:\/\/lapidarium.fundacja-hereditas.pl\/wp-content\/uploads\/2023\/10\/30_Malgorzata_Bosek_Sienna_43_parter_lawka2-scaled.jpg\"><img loading=\"lazy\" decoding=\"async\" width=\"1024\" height=\"777\" data-id=\"14661\" src=\"http:\/\/lapidarium.fundacja-hereditas.pl\/wp-content\/uploads\/2023\/10\/30_Malgorzata_Bosek_Sienna_43_parter_lawka2-1024x777.jpg\" alt=\"\" class=\"wp-image-14661\" srcset=\"http:\/\/lapidarium.fundacja-hereditas.pl\/wp-content\/uploads\/2023\/10\/30_Malgorzata_Bosek_Sienna_43_parter_lawka2-1024x777.jpg 1024w, http:\/\/lapidarium.fundacja-hereditas.pl\/wp-content\/uploads\/2023\/10\/30_Malgorzata_Bosek_Sienna_43_parter_lawka2-300x228.jpg 300w, http:\/\/lapidarium.fundacja-hereditas.pl\/wp-content\/uploads\/2023\/10\/30_Malgorzata_Bosek_Sienna_43_parter_lawka2-768x582.jpg 768w, http:\/\/lapidarium.fundacja-hereditas.pl\/wp-content\/uploads\/2023\/10\/30_Malgorzata_Bosek_Sienna_43_parter_lawka2-1536x1165.jpg 1536w, http:\/\/lapidarium.fundacja-hereditas.pl\/wp-content\/uploads\/2023\/10\/30_Malgorzata_Bosek_Sienna_43_parter_lawka2-2048x1553.jpg 2048w, http:\/\/lapidarium.fundacja-hereditas.pl\/wp-content\/uploads\/2023\/10\/30_Malgorzata_Bosek_Sienna_43_parter_lawka2-150x114.jpg 150w, http:\/\/lapidarium.fundacja-hereditas.pl\/wp-content\/uploads\/2023\/10\/30_Malgorzata_Bosek_Sienna_43_parter_lawka2-696x528.jpg 696w, http:\/\/lapidarium.fundacja-hereditas.pl\/wp-content\/uploads\/2023\/10\/30_Malgorzata_Bosek_Sienna_43_parter_lawka2-1068x810.jpg 1068w, http:\/\/lapidarium.fundacja-hereditas.pl\/wp-content\/uploads\/2023\/10\/30_Malgorzata_Bosek_Sienna_43_parter_lawka2-1920x1456.jpg 1920w\" sizes=\"auto, (max-width: 1024px) 100vw, 1024px\" \/><\/a><figcaption class=\"wp-element-caption\">Dom Frontowy. Klatka schodowa. \u0141awka na parterze. Fot. Ma\u0142gorzata Bosek. 2023 r., \u017ar\u00f3d\u0142o: AOD IV.<\/figcaption><\/figure>\n\n\n\n<figure class=\"wp-block-image size-large\"><a href=\"http:\/\/lapidarium.fundacja-hereditas.pl\/wp-content\/uploads\/2023\/10\/29_Malgorzata_Bosek_Sienna_43_parter_lawka-scaled.jpg\"><img loading=\"lazy\" decoding=\"async\" width=\"761\" height=\"1024\" data-id=\"14660\" src=\"http:\/\/lapidarium.fundacja-hereditas.pl\/wp-content\/uploads\/2023\/10\/29_Malgorzata_Bosek_Sienna_43_parter_lawka-761x1024.jpg\" alt=\"\" class=\"wp-image-14660\" srcset=\"http:\/\/lapidarium.fundacja-hereditas.pl\/wp-content\/uploads\/2023\/10\/29_Malgorzata_Bosek_Sienna_43_parter_lawka-761x1024.jpg 761w, http:\/\/lapidarium.fundacja-hereditas.pl\/wp-content\/uploads\/2023\/10\/29_Malgorzata_Bosek_Sienna_43_parter_lawka-223x300.jpg 223w, http:\/\/lapidarium.fundacja-hereditas.pl\/wp-content\/uploads\/2023\/10\/29_Malgorzata_Bosek_Sienna_43_parter_lawka-768x1033.jpg 768w, http:\/\/lapidarium.fundacja-hereditas.pl\/wp-content\/uploads\/2023\/10\/29_Malgorzata_Bosek_Sienna_43_parter_lawka-1142x1536.jpg 1142w, http:\/\/lapidarium.fundacja-hereditas.pl\/wp-content\/uploads\/2023\/10\/29_Malgorzata_Bosek_Sienna_43_parter_lawka-1523x2048.jpg 1523w, http:\/\/lapidarium.fundacja-hereditas.pl\/wp-content\/uploads\/2023\/10\/29_Malgorzata_Bosek_Sienna_43_parter_lawka-150x202.jpg 150w, http:\/\/lapidarium.fundacja-hereditas.pl\/wp-content\/uploads\/2023\/10\/29_Malgorzata_Bosek_Sienna_43_parter_lawka-300x403.jpg 300w, http:\/\/lapidarium.fundacja-hereditas.pl\/wp-content\/uploads\/2023\/10\/29_Malgorzata_Bosek_Sienna_43_parter_lawka-696x936.jpg 696w, http:\/\/lapidarium.fundacja-hereditas.pl\/wp-content\/uploads\/2023\/10\/29_Malgorzata_Bosek_Sienna_43_parter_lawka-1068x1436.jpg 1068w, http:\/\/lapidarium.fundacja-hereditas.pl\/wp-content\/uploads\/2023\/10\/29_Malgorzata_Bosek_Sienna_43_parter_lawka-1920x2582.jpg 1920w, http:\/\/lapidarium.fundacja-hereditas.pl\/wp-content\/uploads\/2023\/10\/29_Malgorzata_Bosek_Sienna_43_parter_lawka-scaled.jpg 1904w\" sizes=\"auto, (max-width: 761px) 100vw, 761px\" \/><\/a><figcaption class=\"wp-element-caption\">Dom Frontowy. Klatka schodowa. Parter. Pocz\u0105tek schod\u00f3w. \u0141awka. Fot. Ma\u0142gorzata Bosek. 2023 r., \u017ar\u00f3d\u0142o: AOD IV.<\/figcaption><\/figure>\n\n\n\n<figure class=\"wp-block-image size-large\"><a href=\"http:\/\/lapidarium.fundacja-hereditas.pl\/wp-content\/uploads\/2023\/10\/A_Bakowska_Sienna_43_klatka_schodowa_w_holu_parter-scaled.jpg\"><img loading=\"lazy\" decoding=\"async\" width=\"792\" height=\"1024\" data-id=\"14681\" src=\"http:\/\/lapidarium.fundacja-hereditas.pl\/wp-content\/uploads\/2023\/10\/A_Bakowska_Sienna_43_klatka_schodowa_w_holu_parter-792x1024.jpg\" alt=\"\" class=\"wp-image-14681\" srcset=\"http:\/\/lapidarium.fundacja-hereditas.pl\/wp-content\/uploads\/2023\/10\/A_Bakowska_Sienna_43_klatka_schodowa_w_holu_parter-792x1024.jpg 792w, http:\/\/lapidarium.fundacja-hereditas.pl\/wp-content\/uploads\/2023\/10\/A_Bakowska_Sienna_43_klatka_schodowa_w_holu_parter-232x300.jpg 232w, http:\/\/lapidarium.fundacja-hereditas.pl\/wp-content\/uploads\/2023\/10\/A_Bakowska_Sienna_43_klatka_schodowa_w_holu_parter-768x993.jpg 768w, http:\/\/lapidarium.fundacja-hereditas.pl\/wp-content\/uploads\/2023\/10\/A_Bakowska_Sienna_43_klatka_schodowa_w_holu_parter-1188x1536.jpg 1188w, http:\/\/lapidarium.fundacja-hereditas.pl\/wp-content\/uploads\/2023\/10\/A_Bakowska_Sienna_43_klatka_schodowa_w_holu_parter-1584x2048.jpg 1584w, http:\/\/lapidarium.fundacja-hereditas.pl\/wp-content\/uploads\/2023\/10\/A_Bakowska_Sienna_43_klatka_schodowa_w_holu_parter-150x194.jpg 150w, http:\/\/lapidarium.fundacja-hereditas.pl\/wp-content\/uploads\/2023\/10\/A_Bakowska_Sienna_43_klatka_schodowa_w_holu_parter-300x388.jpg 300w, http:\/\/lapidarium.fundacja-hereditas.pl\/wp-content\/uploads\/2023\/10\/A_Bakowska_Sienna_43_klatka_schodowa_w_holu_parter-696x900.jpg 696w, http:\/\/lapidarium.fundacja-hereditas.pl\/wp-content\/uploads\/2023\/10\/A_Bakowska_Sienna_43_klatka_schodowa_w_holu_parter-1068x1381.jpg 1068w, http:\/\/lapidarium.fundacja-hereditas.pl\/wp-content\/uploads\/2023\/10\/A_Bakowska_Sienna_43_klatka_schodowa_w_holu_parter-1920x2483.jpg 1920w, http:\/\/lapidarium.fundacja-hereditas.pl\/wp-content\/uploads\/2023\/10\/A_Bakowska_Sienna_43_klatka_schodowa_w_holu_parter-scaled.jpg 1979w\" sizes=\"auto, (max-width: 792px) 100vw, 792px\" \/><\/a><figcaption class=\"wp-element-caption\">Dom frontowy. Parter. Klatka schodowa. Fot. Aleksandra B\u0105kowska. 2023 r., \u017ar\u00f3d\u0142o: AOD IV.<\/figcaption><\/figure>\n\n\n\n<figure class=\"wp-block-image size-large\"><a href=\"http:\/\/lapidarium.fundacja-hereditas.pl\/wp-content\/uploads\/2023\/10\/26_Malgorzata_Bosek_Sienna_43_prawa_klatka_polpietro_I_balustrada-scaled.jpg\"><img loading=\"lazy\" decoding=\"async\" width=\"1024\" height=\"779\" data-id=\"14659\" src=\"http:\/\/lapidarium.fundacja-hereditas.pl\/wp-content\/uploads\/2023\/10\/26_Malgorzata_Bosek_Sienna_43_prawa_klatka_polpietro_I_balustrada-1024x779.jpg\" alt=\"\" class=\"wp-image-14659\" srcset=\"http:\/\/lapidarium.fundacja-hereditas.pl\/wp-content\/uploads\/2023\/10\/26_Malgorzata_Bosek_Sienna_43_prawa_klatka_polpietro_I_balustrada-1024x779.jpg 1024w, http:\/\/lapidarium.fundacja-hereditas.pl\/wp-content\/uploads\/2023\/10\/26_Malgorzata_Bosek_Sienna_43_prawa_klatka_polpietro_I_balustrada-300x228.jpg 300w, http:\/\/lapidarium.fundacja-hereditas.pl\/wp-content\/uploads\/2023\/10\/26_Malgorzata_Bosek_Sienna_43_prawa_klatka_polpietro_I_balustrada-768x584.jpg 768w, http:\/\/lapidarium.fundacja-hereditas.pl\/wp-content\/uploads\/2023\/10\/26_Malgorzata_Bosek_Sienna_43_prawa_klatka_polpietro_I_balustrada-1536x1168.jpg 1536w, http:\/\/lapidarium.fundacja-hereditas.pl\/wp-content\/uploads\/2023\/10\/26_Malgorzata_Bosek_Sienna_43_prawa_klatka_polpietro_I_balustrada-2048x1557.jpg 2048w, http:\/\/lapidarium.fundacja-hereditas.pl\/wp-content\/uploads\/2023\/10\/26_Malgorzata_Bosek_Sienna_43_prawa_klatka_polpietro_I_balustrada-150x114.jpg 150w, http:\/\/lapidarium.fundacja-hereditas.pl\/wp-content\/uploads\/2023\/10\/26_Malgorzata_Bosek_Sienna_43_prawa_klatka_polpietro_I_balustrada-696x529.jpg 696w, http:\/\/lapidarium.fundacja-hereditas.pl\/wp-content\/uploads\/2023\/10\/26_Malgorzata_Bosek_Sienna_43_prawa_klatka_polpietro_I_balustrada-1068x812.jpg 1068w, http:\/\/lapidarium.fundacja-hereditas.pl\/wp-content\/uploads\/2023\/10\/26_Malgorzata_Bosek_Sienna_43_prawa_klatka_polpietro_I_balustrada-1920x1460.jpg 1920w\" sizes=\"auto, (max-width: 1024px) 100vw, 1024px\" \/><\/a><figcaption class=\"wp-element-caption\">Dom Frontowy. Klatka schodowa. Zakr\u0119t balustrady na spoczniku. Fot. Ma\u0142gorzata Bosek. 2023 r., \u017ar\u00f3d\u0142o: AOD IV.<\/figcaption><\/figure>\n\n\n\n<figure class=\"wp-block-image size-large\"><a href=\"http:\/\/lapidarium.fundacja-hereditas.pl\/wp-content\/uploads\/2023\/10\/A_Bakowska_Sienna_43_hol_klatka_schodowa_balustrada-scaled.jpg\"><img loading=\"lazy\" decoding=\"async\" width=\"775\" height=\"1024\" data-id=\"14677\" src=\"http:\/\/lapidarium.fundacja-hereditas.pl\/wp-content\/uploads\/2023\/10\/A_Bakowska_Sienna_43_hol_klatka_schodowa_balustrada-775x1024.jpg\" alt=\"\" class=\"wp-image-14677\" srcset=\"http:\/\/lapidarium.fundacja-hereditas.pl\/wp-content\/uploads\/2023\/10\/A_Bakowska_Sienna_43_hol_klatka_schodowa_balustrada-775x1024.jpg 775w, http:\/\/lapidarium.fundacja-hereditas.pl\/wp-content\/uploads\/2023\/10\/A_Bakowska_Sienna_43_hol_klatka_schodowa_balustrada-227x300.jpg 227w, http:\/\/lapidarium.fundacja-hereditas.pl\/wp-content\/uploads\/2023\/10\/A_Bakowska_Sienna_43_hol_klatka_schodowa_balustrada-768x1014.jpg 768w, http:\/\/lapidarium.fundacja-hereditas.pl\/wp-content\/uploads\/2023\/10\/A_Bakowska_Sienna_43_hol_klatka_schodowa_balustrada-1163x1536.jpg 1163w, http:\/\/lapidarium.fundacja-hereditas.pl\/wp-content\/uploads\/2023\/10\/A_Bakowska_Sienna_43_hol_klatka_schodowa_balustrada-1551x2048.jpg 1551w, http:\/\/lapidarium.fundacja-hereditas.pl\/wp-content\/uploads\/2023\/10\/A_Bakowska_Sienna_43_hol_klatka_schodowa_balustrada-150x198.jpg 150w, http:\/\/lapidarium.fundacja-hereditas.pl\/wp-content\/uploads\/2023\/10\/A_Bakowska_Sienna_43_hol_klatka_schodowa_balustrada-300x396.jpg 300w, http:\/\/lapidarium.fundacja-hereditas.pl\/wp-content\/uploads\/2023\/10\/A_Bakowska_Sienna_43_hol_klatka_schodowa_balustrada-696x919.jpg 696w, http:\/\/lapidarium.fundacja-hereditas.pl\/wp-content\/uploads\/2023\/10\/A_Bakowska_Sienna_43_hol_klatka_schodowa_balustrada-1068x1411.jpg 1068w, http:\/\/lapidarium.fundacja-hereditas.pl\/wp-content\/uploads\/2023\/10\/A_Bakowska_Sienna_43_hol_klatka_schodowa_balustrada-1920x2536.jpg 1920w, http:\/\/lapidarium.fundacja-hereditas.pl\/wp-content\/uploads\/2023\/10\/A_Bakowska_Sienna_43_hol_klatka_schodowa_balustrada-scaled.jpg 1938w\" sizes=\"auto, (max-width: 775px) 100vw, 775px\" \/><\/a><figcaption class=\"wp-element-caption\">Dom frontowy. Klatka schodowa. Zakr\u0119t balustrady na p\u00f3\u0142pi\u0119trze. Fot. Aleksandra B\u0105kowska. 2023 r., \u017ar\u00f3d\u0142o: AOD IV.<\/figcaption><\/figure>\n\n\n\n<figure class=\"wp-block-image size-large\"><a href=\"http:\/\/lapidarium.fundacja-hereditas.pl\/wp-content\/uploads\/2023\/10\/11_Malgorzata_Bosek_Sienna_43_prawa_klatka_polpietro_IV_balustrada3-scaled.jpg\"><img loading=\"lazy\" decoding=\"async\" width=\"1024\" height=\"778\" data-id=\"14654\" src=\"http:\/\/lapidarium.fundacja-hereditas.pl\/wp-content\/uploads\/2023\/10\/11_Malgorzata_Bosek_Sienna_43_prawa_klatka_polpietro_IV_balustrada3-1024x778.jpg\" alt=\"\" class=\"wp-image-14654\" srcset=\"http:\/\/lapidarium.fundacja-hereditas.pl\/wp-content\/uploads\/2023\/10\/11_Malgorzata_Bosek_Sienna_43_prawa_klatka_polpietro_IV_balustrada3-1024x778.jpg 1024w, http:\/\/lapidarium.fundacja-hereditas.pl\/wp-content\/uploads\/2023\/10\/11_Malgorzata_Bosek_Sienna_43_prawa_klatka_polpietro_IV_balustrada3-300x228.jpg 300w, http:\/\/lapidarium.fundacja-hereditas.pl\/wp-content\/uploads\/2023\/10\/11_Malgorzata_Bosek_Sienna_43_prawa_klatka_polpietro_IV_balustrada3-768x583.jpg 768w, http:\/\/lapidarium.fundacja-hereditas.pl\/wp-content\/uploads\/2023\/10\/11_Malgorzata_Bosek_Sienna_43_prawa_klatka_polpietro_IV_balustrada3-1536x1166.jpg 1536w, http:\/\/lapidarium.fundacja-hereditas.pl\/wp-content\/uploads\/2023\/10\/11_Malgorzata_Bosek_Sienna_43_prawa_klatka_polpietro_IV_balustrada3-2048x1555.jpg 2048w, http:\/\/lapidarium.fundacja-hereditas.pl\/wp-content\/uploads\/2023\/10\/11_Malgorzata_Bosek_Sienna_43_prawa_klatka_polpietro_IV_balustrada3-150x114.jpg 150w, http:\/\/lapidarium.fundacja-hereditas.pl\/wp-content\/uploads\/2023\/10\/11_Malgorzata_Bosek_Sienna_43_prawa_klatka_polpietro_IV_balustrada3-696x528.jpg 696w, http:\/\/lapidarium.fundacja-hereditas.pl\/wp-content\/uploads\/2023\/10\/11_Malgorzata_Bosek_Sienna_43_prawa_klatka_polpietro_IV_balustrada3-1068x811.jpg 1068w, http:\/\/lapidarium.fundacja-hereditas.pl\/wp-content\/uploads\/2023\/10\/11_Malgorzata_Bosek_Sienna_43_prawa_klatka_polpietro_IV_balustrada3-1920x1458.jpg 1920w\" sizes=\"auto, (max-width: 1024px) 100vw, 1024px\" \/><\/a><figcaption class=\"wp-element-caption\">Dom Frontowy. Klatka schodowa. Zakr\u0119t balustrady na spoczniku. Fot. Ma\u0142gorzata Bosek. 2023 r., \u017ar\u00f3d\u0142o: AOD IV.<\/figcaption><\/figure>\n\n\n\n<figure class=\"wp-block-image size-large\"><a href=\"http:\/\/lapidarium.fundacja-hereditas.pl\/wp-content\/uploads\/2023\/10\/J_Glowacka_Sienna_43_glowna_klatka_schodowa-scaled.jpeg\"><img loading=\"lazy\" decoding=\"async\" width=\"705\" height=\"1024\" data-id=\"14703\" src=\"http:\/\/lapidarium.fundacja-hereditas.pl\/wp-content\/uploads\/2023\/10\/J_Glowacka_Sienna_43_glowna_klatka_schodowa-705x1024.jpeg\" alt=\"\" class=\"wp-image-14703\" srcset=\"http:\/\/lapidarium.fundacja-hereditas.pl\/wp-content\/uploads\/2023\/10\/J_Glowacka_Sienna_43_glowna_klatka_schodowa-705x1024.jpeg 705w, http:\/\/lapidarium.fundacja-hereditas.pl\/wp-content\/uploads\/2023\/10\/J_Glowacka_Sienna_43_glowna_klatka_schodowa-207x300.jpeg 207w, http:\/\/lapidarium.fundacja-hereditas.pl\/wp-content\/uploads\/2023\/10\/J_Glowacka_Sienna_43_glowna_klatka_schodowa-768x1115.jpeg 768w, http:\/\/lapidarium.fundacja-hereditas.pl\/wp-content\/uploads\/2023\/10\/J_Glowacka_Sienna_43_glowna_klatka_schodowa-1058x1536.jpeg 1058w, http:\/\/lapidarium.fundacja-hereditas.pl\/wp-content\/uploads\/2023\/10\/J_Glowacka_Sienna_43_glowna_klatka_schodowa-1410x2048.jpeg 1410w, http:\/\/lapidarium.fundacja-hereditas.pl\/wp-content\/uploads\/2023\/10\/J_Glowacka_Sienna_43_glowna_klatka_schodowa-150x218.jpeg 150w, http:\/\/lapidarium.fundacja-hereditas.pl\/wp-content\/uploads\/2023\/10\/J_Glowacka_Sienna_43_glowna_klatka_schodowa-300x436.jpeg 300w, http:\/\/lapidarium.fundacja-hereditas.pl\/wp-content\/uploads\/2023\/10\/J_Glowacka_Sienna_43_glowna_klatka_schodowa-696x1011.jpeg 696w, http:\/\/lapidarium.fundacja-hereditas.pl\/wp-content\/uploads\/2023\/10\/J_Glowacka_Sienna_43_glowna_klatka_schodowa-1068x1551.jpeg 1068w, http:\/\/lapidarium.fundacja-hereditas.pl\/wp-content\/uploads\/2023\/10\/J_Glowacka_Sienna_43_glowna_klatka_schodowa-1920x2788.jpeg 1920w, http:\/\/lapidarium.fundacja-hereditas.pl\/wp-content\/uploads\/2023\/10\/J_Glowacka_Sienna_43_glowna_klatka_schodowa-scaled.jpeg 1763w\" sizes=\"auto, (max-width: 705px) 100vw, 705px\" \/><\/a><figcaption class=\"wp-element-caption\">Dom frontowy. Klatka schodowa. Zakr\u0119t balustrady na spoczniku. Fot. Joanna G\u0142owacka. 2023 r., \u017ar\u00f3d\u0142o: AOD IV.<\/figcaption><\/figure>\n\n\n\n<figure class=\"wp-block-image size-large\"><a href=\"http:\/\/lapidarium.fundacja-hereditas.pl\/wp-content\/uploads\/2023\/10\/12_Malgorzata_Bosek_Sienna_43_prawa_klatka_p_III--scaled.jpg\"><img loading=\"lazy\" decoding=\"async\" width=\"1024\" height=\"787\" data-id=\"14655\" src=\"http:\/\/lapidarium.fundacja-hereditas.pl\/wp-content\/uploads\/2023\/10\/12_Malgorzata_Bosek_Sienna_43_prawa_klatka_p_III--1024x787.jpg\" alt=\"\" class=\"wp-image-14655\" srcset=\"http:\/\/lapidarium.fundacja-hereditas.pl\/wp-content\/uploads\/2023\/10\/12_Malgorzata_Bosek_Sienna_43_prawa_klatka_p_III--1024x787.jpg 1024w, http:\/\/lapidarium.fundacja-hereditas.pl\/wp-content\/uploads\/2023\/10\/12_Malgorzata_Bosek_Sienna_43_prawa_klatka_p_III--300x230.jpg 300w, http:\/\/lapidarium.fundacja-hereditas.pl\/wp-content\/uploads\/2023\/10\/12_Malgorzata_Bosek_Sienna_43_prawa_klatka_p_III--768x590.jpg 768w, http:\/\/lapidarium.fundacja-hereditas.pl\/wp-content\/uploads\/2023\/10\/12_Malgorzata_Bosek_Sienna_43_prawa_klatka_p_III--1536x1180.jpg 1536w, http:\/\/lapidarium.fundacja-hereditas.pl\/wp-content\/uploads\/2023\/10\/12_Malgorzata_Bosek_Sienna_43_prawa_klatka_p_III--2048x1573.jpg 2048w, http:\/\/lapidarium.fundacja-hereditas.pl\/wp-content\/uploads\/2023\/10\/12_Malgorzata_Bosek_Sienna_43_prawa_klatka_p_III--150x115.jpg 150w, http:\/\/lapidarium.fundacja-hereditas.pl\/wp-content\/uploads\/2023\/10\/12_Malgorzata_Bosek_Sienna_43_prawa_klatka_p_III--696x535.jpg 696w, http:\/\/lapidarium.fundacja-hereditas.pl\/wp-content\/uploads\/2023\/10\/12_Malgorzata_Bosek_Sienna_43_prawa_klatka_p_III--1068x820.jpg 1068w, http:\/\/lapidarium.fundacja-hereditas.pl\/wp-content\/uploads\/2023\/10\/12_Malgorzata_Bosek_Sienna_43_prawa_klatka_p_III--1920x1475.jpg 1920w\" sizes=\"auto, (max-width: 1024px) 100vw, 1024px\" \/><\/a><figcaption class=\"wp-element-caption\">Dom Frontowy. Klatka schodowa. Widok ze spocznika na pi\u0119tro. Fot. Ma\u0142gorzata Bosek. 2023 r., \u017ar\u00f3d\u0142o: AOD IV.<\/figcaption><\/figure>\n\n\n\n<figure class=\"wp-block-image size-large\"><a href=\"http:\/\/lapidarium.fundacja-hereditas.pl\/wp-content\/uploads\/2023\/10\/18_Malgorzata_Bosek_Sienna_43_prawa_klatka_p_II_posadzka-scaled.jpg\"><img loading=\"lazy\" decoding=\"async\" width=\"1024\" height=\"770\" data-id=\"14657\" src=\"http:\/\/lapidarium.fundacja-hereditas.pl\/wp-content\/uploads\/2023\/10\/18_Malgorzata_Bosek_Sienna_43_prawa_klatka_p_II_posadzka-1024x770.jpg\" alt=\"\" class=\"wp-image-14657\" srcset=\"http:\/\/lapidarium.fundacja-hereditas.pl\/wp-content\/uploads\/2023\/10\/18_Malgorzata_Bosek_Sienna_43_prawa_klatka_p_II_posadzka-1024x770.jpg 1024w, http:\/\/lapidarium.fundacja-hereditas.pl\/wp-content\/uploads\/2023\/10\/18_Malgorzata_Bosek_Sienna_43_prawa_klatka_p_II_posadzka-300x226.jpg 300w, http:\/\/lapidarium.fundacja-hereditas.pl\/wp-content\/uploads\/2023\/10\/18_Malgorzata_Bosek_Sienna_43_prawa_klatka_p_II_posadzka-768x578.jpg 768w, http:\/\/lapidarium.fundacja-hereditas.pl\/wp-content\/uploads\/2023\/10\/18_Malgorzata_Bosek_Sienna_43_prawa_klatka_p_II_posadzka-1536x1155.jpg 1536w, http:\/\/lapidarium.fundacja-hereditas.pl\/wp-content\/uploads\/2023\/10\/18_Malgorzata_Bosek_Sienna_43_prawa_klatka_p_II_posadzka-2048x1541.jpg 2048w, http:\/\/lapidarium.fundacja-hereditas.pl\/wp-content\/uploads\/2023\/10\/18_Malgorzata_Bosek_Sienna_43_prawa_klatka_p_II_posadzka-150x113.jpg 150w, http:\/\/lapidarium.fundacja-hereditas.pl\/wp-content\/uploads\/2023\/10\/18_Malgorzata_Bosek_Sienna_43_prawa_klatka_p_II_posadzka-696x524.jpg 696w, http:\/\/lapidarium.fundacja-hereditas.pl\/wp-content\/uploads\/2023\/10\/18_Malgorzata_Bosek_Sienna_43_prawa_klatka_p_II_posadzka-1068x803.jpg 1068w, http:\/\/lapidarium.fundacja-hereditas.pl\/wp-content\/uploads\/2023\/10\/18_Malgorzata_Bosek_Sienna_43_prawa_klatka_p_II_posadzka-1920x1444.jpg 1920w\" sizes=\"auto, (max-width: 1024px) 100vw, 1024px\" \/><\/a><figcaption class=\"wp-element-caption\">Dom Frontowy. Klatka schodowa. Lastryko &#8211; wzory na pod\u0142odze. Fot. Ma\u0142gorzata Bosek. 2023 r., \u017ar\u00f3d\u0142o: AOD IV.<\/figcaption><\/figure>\n\n\n\n<figure class=\"wp-block-image size-large\"><a href=\"http:\/\/lapidarium.fundacja-hereditas.pl\/wp-content\/uploads\/2023\/10\/Magdalena_Zaremba_Sienna_43_Klatka_Schodowa_II_Kondygnacja_2_Balustrada_Porecz_Drewniana-scaled.jpg\"><img loading=\"lazy\" decoding=\"async\" width=\"777\" height=\"1024\" data-id=\"14708\" src=\"http:\/\/lapidarium.fundacja-hereditas.pl\/wp-content\/uploads\/2023\/10\/Magdalena_Zaremba_Sienna_43_Klatka_Schodowa_II_Kondygnacja_2_Balustrada_Porecz_Drewniana-777x1024.jpg\" alt=\"\" class=\"wp-image-14708\" srcset=\"http:\/\/lapidarium.fundacja-hereditas.pl\/wp-content\/uploads\/2023\/10\/Magdalena_Zaremba_Sienna_43_Klatka_Schodowa_II_Kondygnacja_2_Balustrada_Porecz_Drewniana-777x1024.jpg 777w, http:\/\/lapidarium.fundacja-hereditas.pl\/wp-content\/uploads\/2023\/10\/Magdalena_Zaremba_Sienna_43_Klatka_Schodowa_II_Kondygnacja_2_Balustrada_Porecz_Drewniana-228x300.jpg 228w, http:\/\/lapidarium.fundacja-hereditas.pl\/wp-content\/uploads\/2023\/10\/Magdalena_Zaremba_Sienna_43_Klatka_Schodowa_II_Kondygnacja_2_Balustrada_Porecz_Drewniana-768x1012.jpg 768w, http:\/\/lapidarium.fundacja-hereditas.pl\/wp-content\/uploads\/2023\/10\/Magdalena_Zaremba_Sienna_43_Klatka_Schodowa_II_Kondygnacja_2_Balustrada_Porecz_Drewniana-1165x1536.jpg 1165w, http:\/\/lapidarium.fundacja-hereditas.pl\/wp-content\/uploads\/2023\/10\/Magdalena_Zaremba_Sienna_43_Klatka_Schodowa_II_Kondygnacja_2_Balustrada_Porecz_Drewniana-1554x2048.jpg 1554w, http:\/\/lapidarium.fundacja-hereditas.pl\/wp-content\/uploads\/2023\/10\/Magdalena_Zaremba_Sienna_43_Klatka_Schodowa_II_Kondygnacja_2_Balustrada_Porecz_Drewniana-150x198.jpg 150w, http:\/\/lapidarium.fundacja-hereditas.pl\/wp-content\/uploads\/2023\/10\/Magdalena_Zaremba_Sienna_43_Klatka_Schodowa_II_Kondygnacja_2_Balustrada_Porecz_Drewniana-300x395.jpg 300w, http:\/\/lapidarium.fundacja-hereditas.pl\/wp-content\/uploads\/2023\/10\/Magdalena_Zaremba_Sienna_43_Klatka_Schodowa_II_Kondygnacja_2_Balustrada_Porecz_Drewniana-696x917.jpg 696w, http:\/\/lapidarium.fundacja-hereditas.pl\/wp-content\/uploads\/2023\/10\/Magdalena_Zaremba_Sienna_43_Klatka_Schodowa_II_Kondygnacja_2_Balustrada_Porecz_Drewniana-1068x1408.jpg 1068w, http:\/\/lapidarium.fundacja-hereditas.pl\/wp-content\/uploads\/2023\/10\/Magdalena_Zaremba_Sienna_43_Klatka_Schodowa_II_Kondygnacja_2_Balustrada_Porecz_Drewniana-1920x2531.jpg 1920w, http:\/\/lapidarium.fundacja-hereditas.pl\/wp-content\/uploads\/2023\/10\/Magdalena_Zaremba_Sienna_43_Klatka_Schodowa_II_Kondygnacja_2_Balustrada_Porecz_Drewniana-scaled.jpg 1942w\" sizes=\"auto, (max-width: 777px) 100vw, 777px\" \/><\/a><figcaption class=\"wp-element-caption\">Dom frontowy. Klatka schodowa. Zakr\u0119t balustrady na spoczniku. Fot. Magdalena Zaremba. 2023 r., \u017ar\u00f3d\u0142o: AOD IV.<\/figcaption><\/figure>\n\n\n\n<figure class=\"wp-block-image size-large\"><a href=\"http:\/\/lapidarium.fundacja-hereditas.pl\/wp-content\/uploads\/2023\/10\/Magdalena_Zaremba_Sienna_43_Klatka_Schodowa_II_Kondygnacja_2_Spocznik_Tluczen_Pochwyt_Drewniany-scaled.jpg\"><img loading=\"lazy\" decoding=\"async\" width=\"1024\" height=\"744\" data-id=\"14709\" src=\"http:\/\/lapidarium.fundacja-hereditas.pl\/wp-content\/uploads\/2023\/10\/Magdalena_Zaremba_Sienna_43_Klatka_Schodowa_II_Kondygnacja_2_Spocznik_Tluczen_Pochwyt_Drewniany-1024x744.jpg\" alt=\"\" class=\"wp-image-14709\" srcset=\"http:\/\/lapidarium.fundacja-hereditas.pl\/wp-content\/uploads\/2023\/10\/Magdalena_Zaremba_Sienna_43_Klatka_Schodowa_II_Kondygnacja_2_Spocznik_Tluczen_Pochwyt_Drewniany-1024x744.jpg 1024w, http:\/\/lapidarium.fundacja-hereditas.pl\/wp-content\/uploads\/2023\/10\/Magdalena_Zaremba_Sienna_43_Klatka_Schodowa_II_Kondygnacja_2_Spocznik_Tluczen_Pochwyt_Drewniany-300x218.jpg 300w, http:\/\/lapidarium.fundacja-hereditas.pl\/wp-content\/uploads\/2023\/10\/Magdalena_Zaremba_Sienna_43_Klatka_Schodowa_II_Kondygnacja_2_Spocznik_Tluczen_Pochwyt_Drewniany-768x558.jpg 768w, http:\/\/lapidarium.fundacja-hereditas.pl\/wp-content\/uploads\/2023\/10\/Magdalena_Zaremba_Sienna_43_Klatka_Schodowa_II_Kondygnacja_2_Spocznik_Tluczen_Pochwyt_Drewniany-1536x1116.jpg 1536w, http:\/\/lapidarium.fundacja-hereditas.pl\/wp-content\/uploads\/2023\/10\/Magdalena_Zaremba_Sienna_43_Klatka_Schodowa_II_Kondygnacja_2_Spocznik_Tluczen_Pochwyt_Drewniany-2048x1489.jpg 2048w, http:\/\/lapidarium.fundacja-hereditas.pl\/wp-content\/uploads\/2023\/10\/Magdalena_Zaremba_Sienna_43_Klatka_Schodowa_II_Kondygnacja_2_Spocznik_Tluczen_Pochwyt_Drewniany-150x109.jpg 150w, http:\/\/lapidarium.fundacja-hereditas.pl\/wp-content\/uploads\/2023\/10\/Magdalena_Zaremba_Sienna_43_Klatka_Schodowa_II_Kondygnacja_2_Spocznik_Tluczen_Pochwyt_Drewniany-696x506.jpg 696w, http:\/\/lapidarium.fundacja-hereditas.pl\/wp-content\/uploads\/2023\/10\/Magdalena_Zaremba_Sienna_43_Klatka_Schodowa_II_Kondygnacja_2_Spocznik_Tluczen_Pochwyt_Drewniany-1068x776.jpg 1068w, http:\/\/lapidarium.fundacja-hereditas.pl\/wp-content\/uploads\/2023\/10\/Magdalena_Zaremba_Sienna_43_Klatka_Schodowa_II_Kondygnacja_2_Spocznik_Tluczen_Pochwyt_Drewniany-1920x1396.jpg 1920w\" sizes=\"auto, (max-width: 1024px) 100vw, 1024px\" \/><\/a><figcaption class=\"wp-element-caption\">Dom frontowy. Klatka schodowa. Balustrada. Fot. Magdalena Zaremba. 2023 r., \u017ar\u00f3d\u0142o: AOD IV.<\/figcaption><\/figure>\n\n\n\n<figure class=\"wp-block-image size-large\"><a href=\"http:\/\/lapidarium.fundacja-hereditas.pl\/wp-content\/uploads\/2023\/10\/19_Malgorzata_Bosek_Sienna_43_prawa_klatka_polpietro_II_spocznik-scaled.jpg\"><img loading=\"lazy\" decoding=\"async\" width=\"1024\" height=\"773\" data-id=\"14658\" src=\"http:\/\/lapidarium.fundacja-hereditas.pl\/wp-content\/uploads\/2023\/10\/19_Malgorzata_Bosek_Sienna_43_prawa_klatka_polpietro_II_spocznik-1024x773.jpg\" alt=\"\" class=\"wp-image-14658\" srcset=\"http:\/\/lapidarium.fundacja-hereditas.pl\/wp-content\/uploads\/2023\/10\/19_Malgorzata_Bosek_Sienna_43_prawa_klatka_polpietro_II_spocznik-1024x773.jpg 1024w, http:\/\/lapidarium.fundacja-hereditas.pl\/wp-content\/uploads\/2023\/10\/19_Malgorzata_Bosek_Sienna_43_prawa_klatka_polpietro_II_spocznik-300x226.jpg 300w, http:\/\/lapidarium.fundacja-hereditas.pl\/wp-content\/uploads\/2023\/10\/19_Malgorzata_Bosek_Sienna_43_prawa_klatka_polpietro_II_spocznik-768x580.jpg 768w, http:\/\/lapidarium.fundacja-hereditas.pl\/wp-content\/uploads\/2023\/10\/19_Malgorzata_Bosek_Sienna_43_prawa_klatka_polpietro_II_spocznik-1536x1159.jpg 1536w, http:\/\/lapidarium.fundacja-hereditas.pl\/wp-content\/uploads\/2023\/10\/19_Malgorzata_Bosek_Sienna_43_prawa_klatka_polpietro_II_spocznik-2048x1545.jpg 2048w, http:\/\/lapidarium.fundacja-hereditas.pl\/wp-content\/uploads\/2023\/10\/19_Malgorzata_Bosek_Sienna_43_prawa_klatka_polpietro_II_spocznik-150x113.jpg 150w, http:\/\/lapidarium.fundacja-hereditas.pl\/wp-content\/uploads\/2023\/10\/19_Malgorzata_Bosek_Sienna_43_prawa_klatka_polpietro_II_spocznik-696x525.jpg 696w, http:\/\/lapidarium.fundacja-hereditas.pl\/wp-content\/uploads\/2023\/10\/19_Malgorzata_Bosek_Sienna_43_prawa_klatka_polpietro_II_spocznik-1068x806.jpg 1068w, http:\/\/lapidarium.fundacja-hereditas.pl\/wp-content\/uploads\/2023\/10\/19_Malgorzata_Bosek_Sienna_43_prawa_klatka_polpietro_II_spocznik-1920x1449.jpg 1920w\" sizes=\"auto, (max-width: 1024px) 100vw, 1024px\" \/><\/a><figcaption class=\"wp-element-caption\">Dom Frontowy. Klatka schodowa. Zakr\u0119t balustrady na spoczniku. Fot. Ma\u0142gorzata Bosek. 2023 r., \u017ar\u00f3d\u0142o: AOD IV.<\/figcaption><\/figure>\n\n\n\n<figure class=\"wp-block-image size-large\"><a href=\"http:\/\/lapidarium.fundacja-hereditas.pl\/wp-content\/uploads\/2023\/10\/13_Malgorzata_Bosek_Sienna_43_prawa_klatka_p_III_nr_mieszkania-scaled.jpg\"><img loading=\"lazy\" decoding=\"async\" width=\"1024\" height=\"749\" data-id=\"14656\" src=\"http:\/\/lapidarium.fundacja-hereditas.pl\/wp-content\/uploads\/2023\/10\/13_Malgorzata_Bosek_Sienna_43_prawa_klatka_p_III_nr_mieszkania-1024x749.jpg\" alt=\"\" class=\"wp-image-14656\" srcset=\"http:\/\/lapidarium.fundacja-hereditas.pl\/wp-content\/uploads\/2023\/10\/13_Malgorzata_Bosek_Sienna_43_prawa_klatka_p_III_nr_mieszkania-1024x749.jpg 1024w, http:\/\/lapidarium.fundacja-hereditas.pl\/wp-content\/uploads\/2023\/10\/13_Malgorzata_Bosek_Sienna_43_prawa_klatka_p_III_nr_mieszkania-300x219.jpg 300w, http:\/\/lapidarium.fundacja-hereditas.pl\/wp-content\/uploads\/2023\/10\/13_Malgorzata_Bosek_Sienna_43_prawa_klatka_p_III_nr_mieszkania-768x562.jpg 768w, http:\/\/lapidarium.fundacja-hereditas.pl\/wp-content\/uploads\/2023\/10\/13_Malgorzata_Bosek_Sienna_43_prawa_klatka_p_III_nr_mieszkania-1536x1123.jpg 1536w, http:\/\/lapidarium.fundacja-hereditas.pl\/wp-content\/uploads\/2023\/10\/13_Malgorzata_Bosek_Sienna_43_prawa_klatka_p_III_nr_mieszkania-2048x1498.jpg 2048w, http:\/\/lapidarium.fundacja-hereditas.pl\/wp-content\/uploads\/2023\/10\/13_Malgorzata_Bosek_Sienna_43_prawa_klatka_p_III_nr_mieszkania-150x110.jpg 150w, http:\/\/lapidarium.fundacja-hereditas.pl\/wp-content\/uploads\/2023\/10\/13_Malgorzata_Bosek_Sienna_43_prawa_klatka_p_III_nr_mieszkania-696x509.jpg 696w, http:\/\/lapidarium.fundacja-hereditas.pl\/wp-content\/uploads\/2023\/10\/13_Malgorzata_Bosek_Sienna_43_prawa_klatka_p_III_nr_mieszkania-1068x781.jpg 1068w, http:\/\/lapidarium.fundacja-hereditas.pl\/wp-content\/uploads\/2023\/10\/13_Malgorzata_Bosek_Sienna_43_prawa_klatka_p_III_nr_mieszkania-1920x1404.jpg 1920w\" sizes=\"auto, (max-width: 1024px) 100vw, 1024px\" \/><\/a><figcaption class=\"wp-element-caption\">Dom Frontowy. Klatka schodowa. Numerek na drzwiach do lokalu mieszkalnego. Fot. Ma\u0142gorzata Bosek. 2023 r., \u017ar\u00f3d\u0142o: AOD IV.<\/figcaption><\/figure>\n\n\n\n<figure class=\"wp-block-image size-large\"><a href=\"http:\/\/lapidarium.fundacja-hereditas.pl\/wp-content\/uploads\/2023\/10\/06_Malgorzata_Bosek_Sienna_43_prawa_klatka_polpietro_IV_okno-scaled.jpg\"><img loading=\"lazy\" decoding=\"async\" width=\"659\" height=\"1024\" data-id=\"14652\" src=\"http:\/\/lapidarium.fundacja-hereditas.pl\/wp-content\/uploads\/2023\/10\/06_Malgorzata_Bosek_Sienna_43_prawa_klatka_polpietro_IV_okno-659x1024.jpg\" alt=\"\" class=\"wp-image-14652\" srcset=\"http:\/\/lapidarium.fundacja-hereditas.pl\/wp-content\/uploads\/2023\/10\/06_Malgorzata_Bosek_Sienna_43_prawa_klatka_polpietro_IV_okno-659x1024.jpg 659w, http:\/\/lapidarium.fundacja-hereditas.pl\/wp-content\/uploads\/2023\/10\/06_Malgorzata_Bosek_Sienna_43_prawa_klatka_polpietro_IV_okno-193x300.jpg 193w, http:\/\/lapidarium.fundacja-hereditas.pl\/wp-content\/uploads\/2023\/10\/06_Malgorzata_Bosek_Sienna_43_prawa_klatka_polpietro_IV_okno-768x1193.jpg 768w, http:\/\/lapidarium.fundacja-hereditas.pl\/wp-content\/uploads\/2023\/10\/06_Malgorzata_Bosek_Sienna_43_prawa_klatka_polpietro_IV_okno-989x1536.jpg 989w, http:\/\/lapidarium.fundacja-hereditas.pl\/wp-content\/uploads\/2023\/10\/06_Malgorzata_Bosek_Sienna_43_prawa_klatka_polpietro_IV_okno-1319x2048.jpg 1319w, http:\/\/lapidarium.fundacja-hereditas.pl\/wp-content\/uploads\/2023\/10\/06_Malgorzata_Bosek_Sienna_43_prawa_klatka_polpietro_IV_okno-150x233.jpg 150w, http:\/\/lapidarium.fundacja-hereditas.pl\/wp-content\/uploads\/2023\/10\/06_Malgorzata_Bosek_Sienna_43_prawa_klatka_polpietro_IV_okno-300x466.jpg 300w, http:\/\/lapidarium.fundacja-hereditas.pl\/wp-content\/uploads\/2023\/10\/06_Malgorzata_Bosek_Sienna_43_prawa_klatka_polpietro_IV_okno-696x1081.jpg 696w, http:\/\/lapidarium.fundacja-hereditas.pl\/wp-content\/uploads\/2023\/10\/06_Malgorzata_Bosek_Sienna_43_prawa_klatka_polpietro_IV_okno-1068x1659.jpg 1068w, http:\/\/lapidarium.fundacja-hereditas.pl\/wp-content\/uploads\/2023\/10\/06_Malgorzata_Bosek_Sienna_43_prawa_klatka_polpietro_IV_okno-1920x2982.jpg 1920w, http:\/\/lapidarium.fundacja-hereditas.pl\/wp-content\/uploads\/2023\/10\/06_Malgorzata_Bosek_Sienna_43_prawa_klatka_polpietro_IV_okno-scaled.jpg 1648w\" sizes=\"auto, (max-width: 659px) 100vw, 659px\" \/><\/a><figcaption class=\"wp-element-caption\">Dom Frontowy. Klatka schodowa. Widok z ostatniego pi\u0119tra. Fot. Ma\u0142gorzata Bosek. 2023 r., \u017ar\u00f3d\u0142o: AOD IV.<\/figcaption><\/figure>\n\n\n\n<figure class=\"wp-block-image size-large\"><a href=\"http:\/\/lapidarium.fundacja-hereditas.pl\/wp-content\/uploads\/2023\/10\/05_Malgorzata_Bosek_Sienna_43_prawa_klatka_p_IV-scaled.jpg\"><img loading=\"lazy\" decoding=\"async\" width=\"755\" height=\"1024\" data-id=\"14651\" src=\"http:\/\/lapidarium.fundacja-hereditas.pl\/wp-content\/uploads\/2023\/10\/05_Malgorzata_Bosek_Sienna_43_prawa_klatka_p_IV-755x1024.jpg\" alt=\"\" class=\"wp-image-14651\" srcset=\"http:\/\/lapidarium.fundacja-hereditas.pl\/wp-content\/uploads\/2023\/10\/05_Malgorzata_Bosek_Sienna_43_prawa_klatka_p_IV-755x1024.jpg 755w, http:\/\/lapidarium.fundacja-hereditas.pl\/wp-content\/uploads\/2023\/10\/05_Malgorzata_Bosek_Sienna_43_prawa_klatka_p_IV-221x300.jpg 221w, http:\/\/lapidarium.fundacja-hereditas.pl\/wp-content\/uploads\/2023\/10\/05_Malgorzata_Bosek_Sienna_43_prawa_klatka_p_IV-768x1041.jpg 768w, http:\/\/lapidarium.fundacja-hereditas.pl\/wp-content\/uploads\/2023\/10\/05_Malgorzata_Bosek_Sienna_43_prawa_klatka_p_IV-1133x1536.jpg 1133w, http:\/\/lapidarium.fundacja-hereditas.pl\/wp-content\/uploads\/2023\/10\/05_Malgorzata_Bosek_Sienna_43_prawa_klatka_p_IV-1511x2048.jpg 1511w, http:\/\/lapidarium.fundacja-hereditas.pl\/wp-content\/uploads\/2023\/10\/05_Malgorzata_Bosek_Sienna_43_prawa_klatka_p_IV-150x203.jpg 150w, http:\/\/lapidarium.fundacja-hereditas.pl\/wp-content\/uploads\/2023\/10\/05_Malgorzata_Bosek_Sienna_43_prawa_klatka_p_IV-300x407.jpg 300w, http:\/\/lapidarium.fundacja-hereditas.pl\/wp-content\/uploads\/2023\/10\/05_Malgorzata_Bosek_Sienna_43_prawa_klatka_p_IV-696x943.jpg 696w, http:\/\/lapidarium.fundacja-hereditas.pl\/wp-content\/uploads\/2023\/10\/05_Malgorzata_Bosek_Sienna_43_prawa_klatka_p_IV-1068x1448.jpg 1068w, http:\/\/lapidarium.fundacja-hereditas.pl\/wp-content\/uploads\/2023\/10\/05_Malgorzata_Bosek_Sienna_43_prawa_klatka_p_IV-1920x2603.jpg 1920w, http:\/\/lapidarium.fundacja-hereditas.pl\/wp-content\/uploads\/2023\/10\/05_Malgorzata_Bosek_Sienna_43_prawa_klatka_p_IV-scaled.jpg 1889w\" sizes=\"auto, (max-width: 755px) 100vw, 755px\" \/><\/a><figcaption class=\"wp-element-caption\">Dom Frontowy. Klatka schodowa. Widok z ostatniego pi\u0119tra na spocznik. Fot. Ma\u0142gorzata Bosek. 2023 r., \u017ar\u00f3d\u0142o: AOD IV.<\/figcaption><\/figure>\n\n\n\n<figure class=\"wp-block-image size-large\"><a href=\"http:\/\/lapidarium.fundacja-hereditas.pl\/wp-content\/uploads\/2023\/10\/Magdalena_Zaremba_Sienna_43_Przejazd_Bramny_Drzwi_Bramne_Wewnetrzne-scaled.jpg\"><img loading=\"lazy\" decoding=\"async\" width=\"777\" height=\"1024\" data-id=\"14710\" src=\"http:\/\/lapidarium.fundacja-hereditas.pl\/wp-content\/uploads\/2023\/10\/Magdalena_Zaremba_Sienna_43_Przejazd_Bramny_Drzwi_Bramne_Wewnetrzne-777x1024.jpg\" alt=\"\" class=\"wp-image-14710\" srcset=\"http:\/\/lapidarium.fundacja-hereditas.pl\/wp-content\/uploads\/2023\/10\/Magdalena_Zaremba_Sienna_43_Przejazd_Bramny_Drzwi_Bramne_Wewnetrzne-777x1024.jpg 777w, http:\/\/lapidarium.fundacja-hereditas.pl\/wp-content\/uploads\/2023\/10\/Magdalena_Zaremba_Sienna_43_Przejazd_Bramny_Drzwi_Bramne_Wewnetrzne-228x300.jpg 228w, http:\/\/lapidarium.fundacja-hereditas.pl\/wp-content\/uploads\/2023\/10\/Magdalena_Zaremba_Sienna_43_Przejazd_Bramny_Drzwi_Bramne_Wewnetrzne-768x1012.jpg 768w, http:\/\/lapidarium.fundacja-hereditas.pl\/wp-content\/uploads\/2023\/10\/Magdalena_Zaremba_Sienna_43_Przejazd_Bramny_Drzwi_Bramne_Wewnetrzne-1165x1536.jpg 1165w, http:\/\/lapidarium.fundacja-hereditas.pl\/wp-content\/uploads\/2023\/10\/Magdalena_Zaremba_Sienna_43_Przejazd_Bramny_Drzwi_Bramne_Wewnetrzne-1554x2048.jpg 1554w, http:\/\/lapidarium.fundacja-hereditas.pl\/wp-content\/uploads\/2023\/10\/Magdalena_Zaremba_Sienna_43_Przejazd_Bramny_Drzwi_Bramne_Wewnetrzne-150x198.jpg 150w, http:\/\/lapidarium.fundacja-hereditas.pl\/wp-content\/uploads\/2023\/10\/Magdalena_Zaremba_Sienna_43_Przejazd_Bramny_Drzwi_Bramne_Wewnetrzne-300x395.jpg 300w, http:\/\/lapidarium.fundacja-hereditas.pl\/wp-content\/uploads\/2023\/10\/Magdalena_Zaremba_Sienna_43_Przejazd_Bramny_Drzwi_Bramne_Wewnetrzne-696x917.jpg 696w, http:\/\/lapidarium.fundacja-hereditas.pl\/wp-content\/uploads\/2023\/10\/Magdalena_Zaremba_Sienna_43_Przejazd_Bramny_Drzwi_Bramne_Wewnetrzne-1068x1408.jpg 1068w, http:\/\/lapidarium.fundacja-hereditas.pl\/wp-content\/uploads\/2023\/10\/Magdalena_Zaremba_Sienna_43_Przejazd_Bramny_Drzwi_Bramne_Wewnetrzne-1920x2531.jpg 1920w, http:\/\/lapidarium.fundacja-hereditas.pl\/wp-content\/uploads\/2023\/10\/Magdalena_Zaremba_Sienna_43_Przejazd_Bramny_Drzwi_Bramne_Wewnetrzne-scaled.jpg 1942w\" sizes=\"auto, (max-width: 777px) 100vw, 777px\" \/><\/a><figcaption class=\"wp-element-caption\">Przejazd bramny &#8211; widok od podw\u00f3rza. Fot. Magdalena Zaremba. 2023 r., \u017ar\u00f3d\u0142o: AOD IV.<\/figcaption><\/figure>\n\n\n\n<figure class=\"wp-block-image size-large\"><a href=\"http:\/\/lapidarium.fundacja-hereditas.pl\/wp-content\/uploads\/2023\/10\/Magdalena_Zaremba_Sienna_43_Przejazd_Bramny_Drzwi_Bramne_Wewnetrzne_Okladzina-scaled.jpg\"><img loading=\"lazy\" decoding=\"async\" width=\"753\" height=\"1024\" data-id=\"14711\" src=\"http:\/\/lapidarium.fundacja-hereditas.pl\/wp-content\/uploads\/2023\/10\/Magdalena_Zaremba_Sienna_43_Przejazd_Bramny_Drzwi_Bramne_Wewnetrzne_Okladzina-753x1024.jpg\" alt=\"\" class=\"wp-image-14711\" srcset=\"http:\/\/lapidarium.fundacja-hereditas.pl\/wp-content\/uploads\/2023\/10\/Magdalena_Zaremba_Sienna_43_Przejazd_Bramny_Drzwi_Bramne_Wewnetrzne_Okladzina-753x1024.jpg 753w, http:\/\/lapidarium.fundacja-hereditas.pl\/wp-content\/uploads\/2023\/10\/Magdalena_Zaremba_Sienna_43_Przejazd_Bramny_Drzwi_Bramne_Wewnetrzne_Okladzina-221x300.jpg 221w, http:\/\/lapidarium.fundacja-hereditas.pl\/wp-content\/uploads\/2023\/10\/Magdalena_Zaremba_Sienna_43_Przejazd_Bramny_Drzwi_Bramne_Wewnetrzne_Okladzina-768x1044.jpg 768w, http:\/\/lapidarium.fundacja-hereditas.pl\/wp-content\/uploads\/2023\/10\/Magdalena_Zaremba_Sienna_43_Przejazd_Bramny_Drzwi_Bramne_Wewnetrzne_Okladzina-1130x1536.jpg 1130w, http:\/\/lapidarium.fundacja-hereditas.pl\/wp-content\/uploads\/2023\/10\/Magdalena_Zaremba_Sienna_43_Przejazd_Bramny_Drzwi_Bramne_Wewnetrzne_Okladzina-1506x2048.jpg 1506w, http:\/\/lapidarium.fundacja-hereditas.pl\/wp-content\/uploads\/2023\/10\/Magdalena_Zaremba_Sienna_43_Przejazd_Bramny_Drzwi_Bramne_Wewnetrzne_Okladzina-150x204.jpg 150w, http:\/\/lapidarium.fundacja-hereditas.pl\/wp-content\/uploads\/2023\/10\/Magdalena_Zaremba_Sienna_43_Przejazd_Bramny_Drzwi_Bramne_Wewnetrzne_Okladzina-300x408.jpg 300w, http:\/\/lapidarium.fundacja-hereditas.pl\/wp-content\/uploads\/2023\/10\/Magdalena_Zaremba_Sienna_43_Przejazd_Bramny_Drzwi_Bramne_Wewnetrzne_Okladzina-696x946.jpg 696w, http:\/\/lapidarium.fundacja-hereditas.pl\/wp-content\/uploads\/2023\/10\/Magdalena_Zaremba_Sienna_43_Przejazd_Bramny_Drzwi_Bramne_Wewnetrzne_Okladzina-1068x1452.jpg 1068w, http:\/\/lapidarium.fundacja-hereditas.pl\/wp-content\/uploads\/2023\/10\/Magdalena_Zaremba_Sienna_43_Przejazd_Bramny_Drzwi_Bramne_Wewnetrzne_Okladzina-1920x2611.jpg 1920w, http:\/\/lapidarium.fundacja-hereditas.pl\/wp-content\/uploads\/2023\/10\/Magdalena_Zaremba_Sienna_43_Przejazd_Bramny_Drzwi_Bramne_Wewnetrzne_Okladzina-scaled.jpg 1883w\" sizes=\"auto, (max-width: 753px) 100vw, 753px\" \/><\/a><figcaption class=\"wp-element-caption\">Przejazd bramny &#8211; widok od podw\u00f3rza. Ok\u0142adzina z p\u0142ytek. Fot. Magdalena Zaremba. 2023 r., \u017ar\u00f3d\u0142o: AOD IV.<\/figcaption><\/figure>\n\n\n\n<figure class=\"wp-block-image size-large\"><a href=\"http:\/\/lapidarium.fundacja-hereditas.pl\/wp-content\/uploads\/2023\/10\/Magdalena_Zaremba_Sienna_43_Elewacja_Strona-Zachodnia_Otwory_Okienne_Balkony-scaled.jpg\"><img loading=\"lazy\" decoding=\"async\" width=\"758\" height=\"1024\" data-id=\"14707\" src=\"http:\/\/lapidarium.fundacja-hereditas.pl\/wp-content\/uploads\/2023\/10\/Magdalena_Zaremba_Sienna_43_Elewacja_Strona-Zachodnia_Otwory_Okienne_Balkony-758x1024.jpg\" alt=\"\" class=\"wp-image-14707\" srcset=\"http:\/\/lapidarium.fundacja-hereditas.pl\/wp-content\/uploads\/2023\/10\/Magdalena_Zaremba_Sienna_43_Elewacja_Strona-Zachodnia_Otwory_Okienne_Balkony-758x1024.jpg 758w, http:\/\/lapidarium.fundacja-hereditas.pl\/wp-content\/uploads\/2023\/10\/Magdalena_Zaremba_Sienna_43_Elewacja_Strona-Zachodnia_Otwory_Okienne_Balkony-222x300.jpg 222w, http:\/\/lapidarium.fundacja-hereditas.pl\/wp-content\/uploads\/2023\/10\/Magdalena_Zaremba_Sienna_43_Elewacja_Strona-Zachodnia_Otwory_Okienne_Balkony-768x1037.jpg 768w, http:\/\/lapidarium.fundacja-hereditas.pl\/wp-content\/uploads\/2023\/10\/Magdalena_Zaremba_Sienna_43_Elewacja_Strona-Zachodnia_Otwory_Okienne_Balkony-1138x1536.jpg 1138w, http:\/\/lapidarium.fundacja-hereditas.pl\/wp-content\/uploads\/2023\/10\/Magdalena_Zaremba_Sienna_43_Elewacja_Strona-Zachodnia_Otwory_Okienne_Balkony-1517x2048.jpg 1517w, http:\/\/lapidarium.fundacja-hereditas.pl\/wp-content\/uploads\/2023\/10\/Magdalena_Zaremba_Sienna_43_Elewacja_Strona-Zachodnia_Otwory_Okienne_Balkony-150x203.jpg 150w, http:\/\/lapidarium.fundacja-hereditas.pl\/wp-content\/uploads\/2023\/10\/Magdalena_Zaremba_Sienna_43_Elewacja_Strona-Zachodnia_Otwory_Okienne_Balkony-300x405.jpg 300w, http:\/\/lapidarium.fundacja-hereditas.pl\/wp-content\/uploads\/2023\/10\/Magdalena_Zaremba_Sienna_43_Elewacja_Strona-Zachodnia_Otwory_Okienne_Balkony-696x940.jpg 696w, http:\/\/lapidarium.fundacja-hereditas.pl\/wp-content\/uploads\/2023\/10\/Magdalena_Zaremba_Sienna_43_Elewacja_Strona-Zachodnia_Otwory_Okienne_Balkony-1068x1442.jpg 1068w, http:\/\/lapidarium.fundacja-hereditas.pl\/wp-content\/uploads\/2023\/10\/Magdalena_Zaremba_Sienna_43_Elewacja_Strona-Zachodnia_Otwory_Okienne_Balkony-1920x2592.jpg 1920w, http:\/\/lapidarium.fundacja-hereditas.pl\/wp-content\/uploads\/2023\/10\/Magdalena_Zaremba_Sienna_43_Elewacja_Strona-Zachodnia_Otwory_Okienne_Balkony-scaled.jpg 1896w\" sizes=\"auto, (max-width: 758px) 100vw, 758px\" \/><\/a><figcaption class=\"wp-element-caption\">Oficyna wschodnia. Partia p\u00f3\u0142nocna. Fot. Magdalena Zaremba. 2023 r., \u017ar\u00f3d\u0142o: AOD IV.<\/figcaption><\/figure>\n\n\n\n<figure class=\"wp-block-image size-large\"><a href=\"http:\/\/lapidarium.fundacja-hereditas.pl\/wp-content\/uploads\/2023\/10\/Magdalena_Zaremba_Sienna_43_Elewacja_Strona_Poludniowa_Wykusz_Balkony_Otwory_Okienne-scaled.jpg\"><img loading=\"lazy\" decoding=\"async\" width=\"775\" height=\"1024\" data-id=\"14706\" src=\"http:\/\/lapidarium.fundacja-hereditas.pl\/wp-content\/uploads\/2023\/10\/Magdalena_Zaremba_Sienna_43_Elewacja_Strona_Poludniowa_Wykusz_Balkony_Otwory_Okienne-775x1024.jpg\" alt=\"\" class=\"wp-image-14706\" srcset=\"http:\/\/lapidarium.fundacja-hereditas.pl\/wp-content\/uploads\/2023\/10\/Magdalena_Zaremba_Sienna_43_Elewacja_Strona_Poludniowa_Wykusz_Balkony_Otwory_Okienne-775x1024.jpg 775w, http:\/\/lapidarium.fundacja-hereditas.pl\/wp-content\/uploads\/2023\/10\/Magdalena_Zaremba_Sienna_43_Elewacja_Strona_Poludniowa_Wykusz_Balkony_Otwory_Okienne-227x300.jpg 227w, http:\/\/lapidarium.fundacja-hereditas.pl\/wp-content\/uploads\/2023\/10\/Magdalena_Zaremba_Sienna_43_Elewacja_Strona_Poludniowa_Wykusz_Balkony_Otwory_Okienne-768x1015.jpg 768w, http:\/\/lapidarium.fundacja-hereditas.pl\/wp-content\/uploads\/2023\/10\/Magdalena_Zaremba_Sienna_43_Elewacja_Strona_Poludniowa_Wykusz_Balkony_Otwory_Okienne-1162x1536.jpg 1162w, http:\/\/lapidarium.fundacja-hereditas.pl\/wp-content\/uploads\/2023\/10\/Magdalena_Zaremba_Sienna_43_Elewacja_Strona_Poludniowa_Wykusz_Balkony_Otwory_Okienne-1549x2048.jpg 1549w, http:\/\/lapidarium.fundacja-hereditas.pl\/wp-content\/uploads\/2023\/10\/Magdalena_Zaremba_Sienna_43_Elewacja_Strona_Poludniowa_Wykusz_Balkony_Otwory_Okienne-150x198.jpg 150w, http:\/\/lapidarium.fundacja-hereditas.pl\/wp-content\/uploads\/2023\/10\/Magdalena_Zaremba_Sienna_43_Elewacja_Strona_Poludniowa_Wykusz_Balkony_Otwory_Okienne-300x397.jpg 300w, http:\/\/lapidarium.fundacja-hereditas.pl\/wp-content\/uploads\/2023\/10\/Magdalena_Zaremba_Sienna_43_Elewacja_Strona_Poludniowa_Wykusz_Balkony_Otwory_Okienne-696x920.jpg 696w, http:\/\/lapidarium.fundacja-hereditas.pl\/wp-content\/uploads\/2023\/10\/Magdalena_Zaremba_Sienna_43_Elewacja_Strona_Poludniowa_Wykusz_Balkony_Otwory_Okienne-1068x1412.jpg 1068w, http:\/\/lapidarium.fundacja-hereditas.pl\/wp-content\/uploads\/2023\/10\/Magdalena_Zaremba_Sienna_43_Elewacja_Strona_Poludniowa_Wykusz_Balkony_Otwory_Okienne-1920x2538.jpg 1920w, http:\/\/lapidarium.fundacja-hereditas.pl\/wp-content\/uploads\/2023\/10\/Magdalena_Zaremba_Sienna_43_Elewacja_Strona_Poludniowa_Wykusz_Balkony_Otwory_Okienne-scaled.jpg 1936w\" sizes=\"auto, (max-width: 775px) 100vw, 775px\" \/><\/a><figcaption class=\"wp-element-caption\">Oficyna wschodnia. Partia p\u00f3\u0142nocna (po prawej). Na wprost: ty\u0142 domu frontowego. Fot. Magdalena Zaremba. 2023 r., \u017ar\u00f3d\u0142o: AOD IV.<\/figcaption><\/figure>\n\n\n\n<figure class=\"wp-block-image size-large\"><a href=\"http:\/\/lapidarium.fundacja-hereditas.pl\/wp-content\/uploads\/2023\/10\/A_Koszewska_Sienna_43_podworko_wywietrznik-scaled.jpg\"><img loading=\"lazy\" decoding=\"async\" width=\"1024\" height=\"731\" data-id=\"14699\" src=\"http:\/\/lapidarium.fundacja-hereditas.pl\/wp-content\/uploads\/2023\/10\/A_Koszewska_Sienna_43_podworko_wywietrznik-1024x731.jpg\" alt=\"\" class=\"wp-image-14699\" srcset=\"http:\/\/lapidarium.fundacja-hereditas.pl\/wp-content\/uploads\/2023\/10\/A_Koszewska_Sienna_43_podworko_wywietrznik-1024x731.jpg 1024w, http:\/\/lapidarium.fundacja-hereditas.pl\/wp-content\/uploads\/2023\/10\/A_Koszewska_Sienna_43_podworko_wywietrznik-300x214.jpg 300w, http:\/\/lapidarium.fundacja-hereditas.pl\/wp-content\/uploads\/2023\/10\/A_Koszewska_Sienna_43_podworko_wywietrznik-768x548.jpg 768w, http:\/\/lapidarium.fundacja-hereditas.pl\/wp-content\/uploads\/2023\/10\/A_Koszewska_Sienna_43_podworko_wywietrznik-1536x1096.jpg 1536w, http:\/\/lapidarium.fundacja-hereditas.pl\/wp-content\/uploads\/2023\/10\/A_Koszewska_Sienna_43_podworko_wywietrznik-2048x1462.jpg 2048w, http:\/\/lapidarium.fundacja-hereditas.pl\/wp-content\/uploads\/2023\/10\/A_Koszewska_Sienna_43_podworko_wywietrznik-150x107.jpg 150w, http:\/\/lapidarium.fundacja-hereditas.pl\/wp-content\/uploads\/2023\/10\/A_Koszewska_Sienna_43_podworko_wywietrznik-696x497.jpg 696w, http:\/\/lapidarium.fundacja-hereditas.pl\/wp-content\/uploads\/2023\/10\/A_Koszewska_Sienna_43_podworko_wywietrznik-1068x762.jpg 1068w, http:\/\/lapidarium.fundacja-hereditas.pl\/wp-content\/uploads\/2023\/10\/A_Koszewska_Sienna_43_podworko_wywietrznik-1920x1370.jpg 1920w\" sizes=\"auto, (max-width: 1024px) 100vw, 1024px\" \/><\/a><figcaption class=\"wp-element-caption\">Podw\u00f3rko. Kratka wentylacyjna. Fot. Aleksandra Koszewska. 2023 r., \u017ar\u00f3d\u0142o: AOD IV.<\/figcaption><\/figure>\n\n\n\n<figure class=\"wp-block-image size-large\"><a href=\"http:\/\/lapidarium.fundacja-hereditas.pl\/wp-content\/uploads\/2023\/10\/J_Glowacka_Sienna_43_podworze_bulaj-scaled.jpg\"><img loading=\"lazy\" decoding=\"async\" width=\"774\" height=\"1024\" data-id=\"14704\" src=\"http:\/\/lapidarium.fundacja-hereditas.pl\/wp-content\/uploads\/2023\/10\/J_Glowacka_Sienna_43_podworze_bulaj-774x1024.jpg\" alt=\"\" class=\"wp-image-14704\" srcset=\"http:\/\/lapidarium.fundacja-hereditas.pl\/wp-content\/uploads\/2023\/10\/J_Glowacka_Sienna_43_podworze_bulaj-774x1024.jpg 774w, http:\/\/lapidarium.fundacja-hereditas.pl\/wp-content\/uploads\/2023\/10\/J_Glowacka_Sienna_43_podworze_bulaj-227x300.jpg 227w, http:\/\/lapidarium.fundacja-hereditas.pl\/wp-content\/uploads\/2023\/10\/J_Glowacka_Sienna_43_podworze_bulaj-768x1016.jpg 768w, http:\/\/lapidarium.fundacja-hereditas.pl\/wp-content\/uploads\/2023\/10\/J_Glowacka_Sienna_43_podworze_bulaj-1161x1536.jpg 1161w, http:\/\/lapidarium.fundacja-hereditas.pl\/wp-content\/uploads\/2023\/10\/J_Glowacka_Sienna_43_podworze_bulaj-1548x2048.jpg 1548w, http:\/\/lapidarium.fundacja-hereditas.pl\/wp-content\/uploads\/2023\/10\/J_Glowacka_Sienna_43_podworze_bulaj-150x198.jpg 150w, http:\/\/lapidarium.fundacja-hereditas.pl\/wp-content\/uploads\/2023\/10\/J_Glowacka_Sienna_43_podworze_bulaj-300x397.jpg 300w, http:\/\/lapidarium.fundacja-hereditas.pl\/wp-content\/uploads\/2023\/10\/J_Glowacka_Sienna_43_podworze_bulaj-696x921.jpg 696w, http:\/\/lapidarium.fundacja-hereditas.pl\/wp-content\/uploads\/2023\/10\/J_Glowacka_Sienna_43_podworze_bulaj-1068x1413.jpg 1068w, http:\/\/lapidarium.fundacja-hereditas.pl\/wp-content\/uploads\/2023\/10\/J_Glowacka_Sienna_43_podworze_bulaj-1920x2540.jpg 1920w, http:\/\/lapidarium.fundacja-hereditas.pl\/wp-content\/uploads\/2023\/10\/J_Glowacka_Sienna_43_podworze_bulaj-scaled.jpg 1935w\" sizes=\"auto, (max-width: 774px) 100vw, 774px\" \/><\/a><figcaption class=\"wp-element-caption\">Bulaj &#8211; podw\u00f3rze. Fot. Joanna G\u0142owacka. 2023 r., \u017ar\u00f3d\u0142o: AOD IV.<\/figcaption><\/figure>\n\n\n\n<figure class=\"wp-block-image size-large\"><a href=\"http:\/\/lapidarium.fundacja-hereditas.pl\/wp-content\/uploads\/2023\/10\/A_Koszewska_Sienna_43_widok_ogolny_od_podworka-scaled.jpg\"><img loading=\"lazy\" decoding=\"async\" width=\"784\" height=\"1024\" data-id=\"14702\" src=\"http:\/\/lapidarium.fundacja-hereditas.pl\/wp-content\/uploads\/2023\/10\/A_Koszewska_Sienna_43_widok_ogolny_od_podworka-784x1024.jpg\" alt=\"\" class=\"wp-image-14702\" srcset=\"http:\/\/lapidarium.fundacja-hereditas.pl\/wp-content\/uploads\/2023\/10\/A_Koszewska_Sienna_43_widok_ogolny_od_podworka-784x1024.jpg 784w, http:\/\/lapidarium.fundacja-hereditas.pl\/wp-content\/uploads\/2023\/10\/A_Koszewska_Sienna_43_widok_ogolny_od_podworka-230x300.jpg 230w, http:\/\/lapidarium.fundacja-hereditas.pl\/wp-content\/uploads\/2023\/10\/A_Koszewska_Sienna_43_widok_ogolny_od_podworka-768x1003.jpg 768w, http:\/\/lapidarium.fundacja-hereditas.pl\/wp-content\/uploads\/2023\/10\/A_Koszewska_Sienna_43_widok_ogolny_od_podworka-1176x1536.jpg 1176w, http:\/\/lapidarium.fundacja-hereditas.pl\/wp-content\/uploads\/2023\/10\/A_Koszewska_Sienna_43_widok_ogolny_od_podworka-1567x2048.jpg 1567w, http:\/\/lapidarium.fundacja-hereditas.pl\/wp-content\/uploads\/2023\/10\/A_Koszewska_Sienna_43_widok_ogolny_od_podworka-150x196.jpg 150w, http:\/\/lapidarium.fundacja-hereditas.pl\/wp-content\/uploads\/2023\/10\/A_Koszewska_Sienna_43_widok_ogolny_od_podworka-300x392.jpg 300w, http:\/\/lapidarium.fundacja-hereditas.pl\/wp-content\/uploads\/2023\/10\/A_Koszewska_Sienna_43_widok_ogolny_od_podworka-696x909.jpg 696w, http:\/\/lapidarium.fundacja-hereditas.pl\/wp-content\/uploads\/2023\/10\/A_Koszewska_Sienna_43_widok_ogolny_od_podworka-1068x1395.jpg 1068w, http:\/\/lapidarium.fundacja-hereditas.pl\/wp-content\/uploads\/2023\/10\/A_Koszewska_Sienna_43_widok_ogolny_od_podworka-1920x2509.jpg 1920w, http:\/\/lapidarium.fundacja-hereditas.pl\/wp-content\/uploads\/2023\/10\/A_Koszewska_Sienna_43_widok_ogolny_od_podworka-scaled.jpg 1959w\" sizes=\"auto, (max-width: 784px) 100vw, 784px\" \/><\/a><figcaption class=\"wp-element-caption\">Na wprost: ty\u0142 domu frontowego z wylotem bramy na podw\u00f3rko. Po prawej &#8211; p\u00f3\u0142nocna partia oficyny wschodniej. Fot. Magdalena Zaremba. 2023 r., \u017ar\u00f3d\u0142o: AOD IV.<\/figcaption><\/figure>\n\n\n\n<figure class=\"wp-block-image size-large\"><a href=\"http:\/\/lapidarium.fundacja-hereditas.pl\/wp-content\/uploads\/2023\/10\/A_Koszewska_Sienna_43_podworko_balkon-scaled.jpg\"><img loading=\"lazy\" decoding=\"async\" width=\"809\" height=\"1024\" data-id=\"14696\" src=\"http:\/\/lapidarium.fundacja-hereditas.pl\/wp-content\/uploads\/2023\/10\/A_Koszewska_Sienna_43_podworko_balkon-809x1024.jpg\" alt=\"\" class=\"wp-image-14696\" srcset=\"http:\/\/lapidarium.fundacja-hereditas.pl\/wp-content\/uploads\/2023\/10\/A_Koszewska_Sienna_43_podworko_balkon-809x1024.jpg 809w, http:\/\/lapidarium.fundacja-hereditas.pl\/wp-content\/uploads\/2023\/10\/A_Koszewska_Sienna_43_podworko_balkon-237x300.jpg 237w, http:\/\/lapidarium.fundacja-hereditas.pl\/wp-content\/uploads\/2023\/10\/A_Koszewska_Sienna_43_podworko_balkon-768x972.jpg 768w, http:\/\/lapidarium.fundacja-hereditas.pl\/wp-content\/uploads\/2023\/10\/A_Koszewska_Sienna_43_podworko_balkon-1213x1536.jpg 1213w, http:\/\/lapidarium.fundacja-hereditas.pl\/wp-content\/uploads\/2023\/10\/A_Koszewska_Sienna_43_podworko_balkon-1617x2048.jpg 1617w, http:\/\/lapidarium.fundacja-hereditas.pl\/wp-content\/uploads\/2023\/10\/A_Koszewska_Sienna_43_podworko_balkon-150x190.jpg 150w, http:\/\/lapidarium.fundacja-hereditas.pl\/wp-content\/uploads\/2023\/10\/A_Koszewska_Sienna_43_podworko_balkon-300x380.jpg 300w, http:\/\/lapidarium.fundacja-hereditas.pl\/wp-content\/uploads\/2023\/10\/A_Koszewska_Sienna_43_podworko_balkon-696x881.jpg 696w, http:\/\/lapidarium.fundacja-hereditas.pl\/wp-content\/uploads\/2023\/10\/A_Koszewska_Sienna_43_podworko_balkon-1068x1352.jpg 1068w, http:\/\/lapidarium.fundacja-hereditas.pl\/wp-content\/uploads\/2023\/10\/A_Koszewska_Sienna_43_podworko_balkon-1920x2431.jpg 1920w, http:\/\/lapidarium.fundacja-hereditas.pl\/wp-content\/uploads\/2023\/10\/A_Koszewska_Sienna_43_podworko_balkon-scaled.jpg 2022w\" sizes=\"auto, (max-width: 809px) 100vw, 809px\" \/><\/a><figcaption class=\"wp-element-caption\">Podw\u00f3rko. Balkon. Barierka i szyna na donice. Fot. Aleksandra Koszewska. 2023 r., \u017ar\u00f3d\u0142o: AOD IV.<\/figcaption><\/figure>\n\n\n\n<figure class=\"wp-block-image size-large\"><a href=\"http:\/\/lapidarium.fundacja-hereditas.pl\/wp-content\/uploads\/2023\/10\/A_Koszewska_Sienna_43_podworko_okratowanie_okienka_piwnicznego-scaled.jpg\"><img loading=\"lazy\" decoding=\"async\" width=\"1024\" height=\"738\" data-id=\"14697\" src=\"http:\/\/lapidarium.fundacja-hereditas.pl\/wp-content\/uploads\/2023\/10\/A_Koszewska_Sienna_43_podworko_okratowanie_okienka_piwnicznego-1024x738.jpg\" alt=\"\" class=\"wp-image-14697\" srcset=\"http:\/\/lapidarium.fundacja-hereditas.pl\/wp-content\/uploads\/2023\/10\/A_Koszewska_Sienna_43_podworko_okratowanie_okienka_piwnicznego-1024x738.jpg 1024w, http:\/\/lapidarium.fundacja-hereditas.pl\/wp-content\/uploads\/2023\/10\/A_Koszewska_Sienna_43_podworko_okratowanie_okienka_piwnicznego-300x216.jpg 300w, http:\/\/lapidarium.fundacja-hereditas.pl\/wp-content\/uploads\/2023\/10\/A_Koszewska_Sienna_43_podworko_okratowanie_okienka_piwnicznego-768x553.jpg 768w, http:\/\/lapidarium.fundacja-hereditas.pl\/wp-content\/uploads\/2023\/10\/A_Koszewska_Sienna_43_podworko_okratowanie_okienka_piwnicznego-1536x1107.jpg 1536w, http:\/\/lapidarium.fundacja-hereditas.pl\/wp-content\/uploads\/2023\/10\/A_Koszewska_Sienna_43_podworko_okratowanie_okienka_piwnicznego-2048x1476.jpg 2048w, http:\/\/lapidarium.fundacja-hereditas.pl\/wp-content\/uploads\/2023\/10\/A_Koszewska_Sienna_43_podworko_okratowanie_okienka_piwnicznego-150x108.jpg 150w, http:\/\/lapidarium.fundacja-hereditas.pl\/wp-content\/uploads\/2023\/10\/A_Koszewska_Sienna_43_podworko_okratowanie_okienka_piwnicznego-696x502.jpg 696w, http:\/\/lapidarium.fundacja-hereditas.pl\/wp-content\/uploads\/2023\/10\/A_Koszewska_Sienna_43_podworko_okratowanie_okienka_piwnicznego-1068x770.jpg 1068w, http:\/\/lapidarium.fundacja-hereditas.pl\/wp-content\/uploads\/2023\/10\/A_Koszewska_Sienna_43_podworko_okratowanie_okienka_piwnicznego-1920x1384.jpg 1920w\" sizes=\"auto, (max-width: 1024px) 100vw, 1024px\" \/><\/a><figcaption class=\"wp-element-caption\">Podw\u00f3rko. Okratowanie okna sutereny i ok\u0142adzina coko\u0142u. Fot. Aleksandra Koszewska. 2023 r., \u017ar\u00f3d\u0142o: AOD IV.<\/figcaption><\/figure>\n\n\n\n<figure class=\"wp-block-image size-large\"><a href=\"http:\/\/lapidarium.fundacja-hereditas.pl\/wp-content\/uploads\/2023\/10\/Magdalena_Zaremba_Sienna_43_Dziedziniec_Strona_Lewa_Okladzina_Cokolu-scaled.jpg\"><img loading=\"lazy\" decoding=\"async\" width=\"776\" height=\"1024\" data-id=\"14705\" src=\"http:\/\/lapidarium.fundacja-hereditas.pl\/wp-content\/uploads\/2023\/10\/Magdalena_Zaremba_Sienna_43_Dziedziniec_Strona_Lewa_Okladzina_Cokolu-776x1024.jpg\" alt=\"\" class=\"wp-image-14705\" srcset=\"http:\/\/lapidarium.fundacja-hereditas.pl\/wp-content\/uploads\/2023\/10\/Magdalena_Zaremba_Sienna_43_Dziedziniec_Strona_Lewa_Okladzina_Cokolu-776x1024.jpg 776w, http:\/\/lapidarium.fundacja-hereditas.pl\/wp-content\/uploads\/2023\/10\/Magdalena_Zaremba_Sienna_43_Dziedziniec_Strona_Lewa_Okladzina_Cokolu-227x300.jpg 227w, http:\/\/lapidarium.fundacja-hereditas.pl\/wp-content\/uploads\/2023\/10\/Magdalena_Zaremba_Sienna_43_Dziedziniec_Strona_Lewa_Okladzina_Cokolu-768x1013.jpg 768w, http:\/\/lapidarium.fundacja-hereditas.pl\/wp-content\/uploads\/2023\/10\/Magdalena_Zaremba_Sienna_43_Dziedziniec_Strona_Lewa_Okladzina_Cokolu-1164x1536.jpg 1164w, http:\/\/lapidarium.fundacja-hereditas.pl\/wp-content\/uploads\/2023\/10\/Magdalena_Zaremba_Sienna_43_Dziedziniec_Strona_Lewa_Okladzina_Cokolu-1552x2048.jpg 1552w, http:\/\/lapidarium.fundacja-hereditas.pl\/wp-content\/uploads\/2023\/10\/Magdalena_Zaremba_Sienna_43_Dziedziniec_Strona_Lewa_Okladzina_Cokolu-150x198.jpg 150w, http:\/\/lapidarium.fundacja-hereditas.pl\/wp-content\/uploads\/2023\/10\/Magdalena_Zaremba_Sienna_43_Dziedziniec_Strona_Lewa_Okladzina_Cokolu-300x396.jpg 300w, http:\/\/lapidarium.fundacja-hereditas.pl\/wp-content\/uploads\/2023\/10\/Magdalena_Zaremba_Sienna_43_Dziedziniec_Strona_Lewa_Okladzina_Cokolu-696x918.jpg 696w, http:\/\/lapidarium.fundacja-hereditas.pl\/wp-content\/uploads\/2023\/10\/Magdalena_Zaremba_Sienna_43_Dziedziniec_Strona_Lewa_Okladzina_Cokolu-1068x1409.jpg 1068w, http:\/\/lapidarium.fundacja-hereditas.pl\/wp-content\/uploads\/2023\/10\/Magdalena_Zaremba_Sienna_43_Dziedziniec_Strona_Lewa_Okladzina_Cokolu-1920x2534.jpg 1920w, http:\/\/lapidarium.fundacja-hereditas.pl\/wp-content\/uploads\/2023\/10\/Magdalena_Zaremba_Sienna_43_Dziedziniec_Strona_Lewa_Okladzina_Cokolu-scaled.jpg 1940w\" sizes=\"auto, (max-width: 776px) 100vw, 776px\" \/><\/a><figcaption class=\"wp-element-caption\">Oficyna wschodnia. Ok\u0142adzina coko\u0142u. Fot. Magdalena Zaremba. 2023 r., \u017ar\u00f3d\u0142o: AOD IV.<\/figcaption><\/figure>\n\n\n\n<figure class=\"wp-block-image size-large\"><a href=\"http:\/\/lapidarium.fundacja-hereditas.pl\/wp-content\/uploads\/2023\/10\/A_Koszewska_Sienna_43_podworko_wejscie_do_oficyny_bocznej-scaled.jpg\"><img loading=\"lazy\" decoding=\"async\" width=\"774\" height=\"1024\" data-id=\"14698\" src=\"http:\/\/lapidarium.fundacja-hereditas.pl\/wp-content\/uploads\/2023\/10\/A_Koszewska_Sienna_43_podworko_wejscie_do_oficyny_bocznej-774x1024.jpg\" alt=\"\" class=\"wp-image-14698\" srcset=\"http:\/\/lapidarium.fundacja-hereditas.pl\/wp-content\/uploads\/2023\/10\/A_Koszewska_Sienna_43_podworko_wejscie_do_oficyny_bocznej-774x1024.jpg 774w, http:\/\/lapidarium.fundacja-hereditas.pl\/wp-content\/uploads\/2023\/10\/A_Koszewska_Sienna_43_podworko_wejscie_do_oficyny_bocznej-227x300.jpg 227w, http:\/\/lapidarium.fundacja-hereditas.pl\/wp-content\/uploads\/2023\/10\/A_Koszewska_Sienna_43_podworko_wejscie_do_oficyny_bocznej-768x1016.jpg 768w, http:\/\/lapidarium.fundacja-hereditas.pl\/wp-content\/uploads\/2023\/10\/A_Koszewska_Sienna_43_podworko_wejscie_do_oficyny_bocznej-1161x1536.jpg 1161w, http:\/\/lapidarium.fundacja-hereditas.pl\/wp-content\/uploads\/2023\/10\/A_Koszewska_Sienna_43_podworko_wejscie_do_oficyny_bocznej-1548x2048.jpg 1548w, http:\/\/lapidarium.fundacja-hereditas.pl\/wp-content\/uploads\/2023\/10\/A_Koszewska_Sienna_43_podworko_wejscie_do_oficyny_bocznej-150x198.jpg 150w, http:\/\/lapidarium.fundacja-hereditas.pl\/wp-content\/uploads\/2023\/10\/A_Koszewska_Sienna_43_podworko_wejscie_do_oficyny_bocznej-300x397.jpg 300w, http:\/\/lapidarium.fundacja-hereditas.pl\/wp-content\/uploads\/2023\/10\/A_Koszewska_Sienna_43_podworko_wejscie_do_oficyny_bocznej-696x921.jpg 696w, http:\/\/lapidarium.fundacja-hereditas.pl\/wp-content\/uploads\/2023\/10\/A_Koszewska_Sienna_43_podworko_wejscie_do_oficyny_bocznej-1068x1413.jpg 1068w, http:\/\/lapidarium.fundacja-hereditas.pl\/wp-content\/uploads\/2023\/10\/A_Koszewska_Sienna_43_podworko_wejscie_do_oficyny_bocznej-1920x2539.jpg 1920w, http:\/\/lapidarium.fundacja-hereditas.pl\/wp-content\/uploads\/2023\/10\/A_Koszewska_Sienna_43_podworko_wejscie_do_oficyny_bocznej-scaled.jpg 1936w\" sizes=\"auto, (max-width: 774px) 100vw, 774px\" \/><\/a><figcaption class=\"wp-element-caption\">Podw\u00f3rko. Wej\u015bcie do oficyny bocznej. Fot. Aleksandra Koszewska. 2023 r., \u017ar\u00f3d\u0142o: AOD IV.<\/figcaption><\/figure>\n\n\n\n<figure class=\"wp-block-image size-large\"><a href=\"http:\/\/lapidarium.fundacja-hereditas.pl\/wp-content\/uploads\/2023\/10\/A_Koszewska_Sienna_43_oficyna_boczna_klatka_schodowa-scaled.jpg\"><img loading=\"lazy\" decoding=\"async\" width=\"740\" height=\"1024\" data-id=\"14692\" src=\"http:\/\/lapidarium.fundacja-hereditas.pl\/wp-content\/uploads\/2023\/10\/A_Koszewska_Sienna_43_oficyna_boczna_klatka_schodowa-740x1024.jpg\" alt=\"\" class=\"wp-image-14692\" srcset=\"http:\/\/lapidarium.fundacja-hereditas.pl\/wp-content\/uploads\/2023\/10\/A_Koszewska_Sienna_43_oficyna_boczna_klatka_schodowa-740x1024.jpg 740w, http:\/\/lapidarium.fundacja-hereditas.pl\/wp-content\/uploads\/2023\/10\/A_Koszewska_Sienna_43_oficyna_boczna_klatka_schodowa-217x300.jpg 217w, http:\/\/lapidarium.fundacja-hereditas.pl\/wp-content\/uploads\/2023\/10\/A_Koszewska_Sienna_43_oficyna_boczna_klatka_schodowa-768x1062.jpg 768w, http:\/\/lapidarium.fundacja-hereditas.pl\/wp-content\/uploads\/2023\/10\/A_Koszewska_Sienna_43_oficyna_boczna_klatka_schodowa-1110x1536.jpg 1110w, http:\/\/lapidarium.fundacja-hereditas.pl\/wp-content\/uploads\/2023\/10\/A_Koszewska_Sienna_43_oficyna_boczna_klatka_schodowa-1480x2048.jpg 1480w, http:\/\/lapidarium.fundacja-hereditas.pl\/wp-content\/uploads\/2023\/10\/A_Koszewska_Sienna_43_oficyna_boczna_klatka_schodowa-150x208.jpg 150w, http:\/\/lapidarium.fundacja-hereditas.pl\/wp-content\/uploads\/2023\/10\/A_Koszewska_Sienna_43_oficyna_boczna_klatka_schodowa-300x415.jpg 300w, http:\/\/lapidarium.fundacja-hereditas.pl\/wp-content\/uploads\/2023\/10\/A_Koszewska_Sienna_43_oficyna_boczna_klatka_schodowa-696x963.jpg 696w, http:\/\/lapidarium.fundacja-hereditas.pl\/wp-content\/uploads\/2023\/10\/A_Koszewska_Sienna_43_oficyna_boczna_klatka_schodowa-1068x1477.jpg 1068w, http:\/\/lapidarium.fundacja-hereditas.pl\/wp-content\/uploads\/2023\/10\/A_Koszewska_Sienna_43_oficyna_boczna_klatka_schodowa-1920x2656.jpg 1920w, http:\/\/lapidarium.fundacja-hereditas.pl\/wp-content\/uploads\/2023\/10\/A_Koszewska_Sienna_43_oficyna_boczna_klatka_schodowa-scaled.jpg 1851w\" sizes=\"auto, (max-width: 740px) 100vw, 740px\" \/><\/a><figcaption class=\"wp-element-caption\">Klatka schodowa wschodniej oficyny. Balustrada &#8211; widok na spocznik. Fot. Aleksandra Koszewska. 2023 r., \u017ar\u00f3d\u0142o: AOD IV.<\/figcaption><\/figure>\n\n\n\n<figure class=\"wp-block-image size-large\"><a href=\"http:\/\/lapidarium.fundacja-hereditas.pl\/wp-content\/uploads\/2023\/10\/A_Koszewska_Sienna_43_oficyna_boczna_balustrada-scaled.jpg\"><img loading=\"lazy\" decoding=\"async\" width=\"781\" height=\"1024\" data-id=\"14687\" src=\"http:\/\/lapidarium.fundacja-hereditas.pl\/wp-content\/uploads\/2023\/10\/A_Koszewska_Sienna_43_oficyna_boczna_balustrada-781x1024.jpg\" alt=\"\" class=\"wp-image-14687\" srcset=\"http:\/\/lapidarium.fundacja-hereditas.pl\/wp-content\/uploads\/2023\/10\/A_Koszewska_Sienna_43_oficyna_boczna_balustrada-781x1024.jpg 781w, http:\/\/lapidarium.fundacja-hereditas.pl\/wp-content\/uploads\/2023\/10\/A_Koszewska_Sienna_43_oficyna_boczna_balustrada-229x300.jpg 229w, http:\/\/lapidarium.fundacja-hereditas.pl\/wp-content\/uploads\/2023\/10\/A_Koszewska_Sienna_43_oficyna_boczna_balustrada-768x1007.jpg 768w, http:\/\/lapidarium.fundacja-hereditas.pl\/wp-content\/uploads\/2023\/10\/A_Koszewska_Sienna_43_oficyna_boczna_balustrada-1171x1536.jpg 1171w, http:\/\/lapidarium.fundacja-hereditas.pl\/wp-content\/uploads\/2023\/10\/A_Koszewska_Sienna_43_oficyna_boczna_balustrada-1562x2048.jpg 1562w, http:\/\/lapidarium.fundacja-hereditas.pl\/wp-content\/uploads\/2023\/10\/A_Koszewska_Sienna_43_oficyna_boczna_balustrada-150x197.jpg 150w, http:\/\/lapidarium.fundacja-hereditas.pl\/wp-content\/uploads\/2023\/10\/A_Koszewska_Sienna_43_oficyna_boczna_balustrada-300x393.jpg 300w, http:\/\/lapidarium.fundacja-hereditas.pl\/wp-content\/uploads\/2023\/10\/A_Koszewska_Sienna_43_oficyna_boczna_balustrada-696x913.jpg 696w, http:\/\/lapidarium.fundacja-hereditas.pl\/wp-content\/uploads\/2023\/10\/A_Koszewska_Sienna_43_oficyna_boczna_balustrada-1068x1401.jpg 1068w, http:\/\/lapidarium.fundacja-hereditas.pl\/wp-content\/uploads\/2023\/10\/A_Koszewska_Sienna_43_oficyna_boczna_balustrada-1920x2518.jpg 1920w, http:\/\/lapidarium.fundacja-hereditas.pl\/wp-content\/uploads\/2023\/10\/A_Koszewska_Sienna_43_oficyna_boczna_balustrada-scaled.jpg 1952w\" sizes=\"auto, (max-width: 781px) 100vw, 781px\" \/><\/a><figcaption class=\"wp-element-caption\">Klatka schodowa wschodniej oficyny. Zakr\u0119t balustrady. Fot. Aleksandra Koszewska. 2023 r., \u017ar\u00f3d\u0142o: AOD IV.<\/figcaption><\/figure>\n\n\n\n<figure class=\"wp-block-image size-large\"><a href=\"http:\/\/lapidarium.fundacja-hereditas.pl\/wp-content\/uploads\/2023\/10\/A_Koszewska_Sienna_43_oficyna_boczna_balustrada_i_porecz-scaled.jpg\"><img loading=\"lazy\" decoding=\"async\" width=\"774\" height=\"1024\" data-id=\"14688\" src=\"http:\/\/lapidarium.fundacja-hereditas.pl\/wp-content\/uploads\/2023\/10\/A_Koszewska_Sienna_43_oficyna_boczna_balustrada_i_porecz-774x1024.jpg\" alt=\"\" class=\"wp-image-14688\" srcset=\"http:\/\/lapidarium.fundacja-hereditas.pl\/wp-content\/uploads\/2023\/10\/A_Koszewska_Sienna_43_oficyna_boczna_balustrada_i_porecz-774x1024.jpg 774w, http:\/\/lapidarium.fundacja-hereditas.pl\/wp-content\/uploads\/2023\/10\/A_Koszewska_Sienna_43_oficyna_boczna_balustrada_i_porecz-227x300.jpg 227w, http:\/\/lapidarium.fundacja-hereditas.pl\/wp-content\/uploads\/2023\/10\/A_Koszewska_Sienna_43_oficyna_boczna_balustrada_i_porecz-768x1016.jpg 768w, http:\/\/lapidarium.fundacja-hereditas.pl\/wp-content\/uploads\/2023\/10\/A_Koszewska_Sienna_43_oficyna_boczna_balustrada_i_porecz-1161x1536.jpg 1161w, http:\/\/lapidarium.fundacja-hereditas.pl\/wp-content\/uploads\/2023\/10\/A_Koszewska_Sienna_43_oficyna_boczna_balustrada_i_porecz-1548x2048.jpg 1548w, http:\/\/lapidarium.fundacja-hereditas.pl\/wp-content\/uploads\/2023\/10\/A_Koszewska_Sienna_43_oficyna_boczna_balustrada_i_porecz-150x199.jpg 150w, http:\/\/lapidarium.fundacja-hereditas.pl\/wp-content\/uploads\/2023\/10\/A_Koszewska_Sienna_43_oficyna_boczna_balustrada_i_porecz-300x397.jpg 300w, http:\/\/lapidarium.fundacja-hereditas.pl\/wp-content\/uploads\/2023\/10\/A_Koszewska_Sienna_43_oficyna_boczna_balustrada_i_porecz-696x921.jpg 696w, http:\/\/lapidarium.fundacja-hereditas.pl\/wp-content\/uploads\/2023\/10\/A_Koszewska_Sienna_43_oficyna_boczna_balustrada_i_porecz-1068x1413.jpg 1068w, http:\/\/lapidarium.fundacja-hereditas.pl\/wp-content\/uploads\/2023\/10\/A_Koszewska_Sienna_43_oficyna_boczna_balustrada_i_porecz-1920x2541.jpg 1920w, http:\/\/lapidarium.fundacja-hereditas.pl\/wp-content\/uploads\/2023\/10\/A_Koszewska_Sienna_43_oficyna_boczna_balustrada_i_porecz-scaled.jpg 1934w\" sizes=\"auto, (max-width: 774px) 100vw, 774px\" \/><\/a><figcaption class=\"wp-element-caption\">Klatka schodowa wschodniej oficyny. Balustrada. Fot. Aleksandra Koszewska. 2023 r., \u017ar\u00f3d\u0142o: AOD IV.<\/figcaption><\/figure>\n\n\n\n<figure class=\"wp-block-image size-large\"><a href=\"http:\/\/lapidarium.fundacja-hereditas.pl\/wp-content\/uploads\/2023\/10\/A_Koszewska_Sienna_43_oficyna_boczna_spocznik-scaled.jpg\"><img loading=\"lazy\" decoding=\"async\" width=\"1024\" height=\"778\" data-id=\"14694\" src=\"http:\/\/lapidarium.fundacja-hereditas.pl\/wp-content\/uploads\/2023\/10\/A_Koszewska_Sienna_43_oficyna_boczna_spocznik-1024x778.jpg\" alt=\"\" class=\"wp-image-14694\" srcset=\"http:\/\/lapidarium.fundacja-hereditas.pl\/wp-content\/uploads\/2023\/10\/A_Koszewska_Sienna_43_oficyna_boczna_spocznik-1024x778.jpg 1024w, http:\/\/lapidarium.fundacja-hereditas.pl\/wp-content\/uploads\/2023\/10\/A_Koszewska_Sienna_43_oficyna_boczna_spocznik-300x228.jpg 300w, http:\/\/lapidarium.fundacja-hereditas.pl\/wp-content\/uploads\/2023\/10\/A_Koszewska_Sienna_43_oficyna_boczna_spocznik-768x583.jpg 768w, http:\/\/lapidarium.fundacja-hereditas.pl\/wp-content\/uploads\/2023\/10\/A_Koszewska_Sienna_43_oficyna_boczna_spocznik-1536x1167.jpg 1536w, http:\/\/lapidarium.fundacja-hereditas.pl\/wp-content\/uploads\/2023\/10\/A_Koszewska_Sienna_43_oficyna_boczna_spocznik-2048x1556.jpg 2048w, http:\/\/lapidarium.fundacja-hereditas.pl\/wp-content\/uploads\/2023\/10\/A_Koszewska_Sienna_43_oficyna_boczna_spocznik-150x114.jpg 150w, http:\/\/lapidarium.fundacja-hereditas.pl\/wp-content\/uploads\/2023\/10\/A_Koszewska_Sienna_43_oficyna_boczna_spocznik-696x529.jpg 696w, http:\/\/lapidarium.fundacja-hereditas.pl\/wp-content\/uploads\/2023\/10\/A_Koszewska_Sienna_43_oficyna_boczna_spocznik-1068x811.jpg 1068w, http:\/\/lapidarium.fundacja-hereditas.pl\/wp-content\/uploads\/2023\/10\/A_Koszewska_Sienna_43_oficyna_boczna_spocznik-1920x1458.jpg 1920w\" sizes=\"auto, (max-width: 1024px) 100vw, 1024px\" \/><\/a><figcaption class=\"wp-element-caption\">Klatka schodowa wschodniej oficyny. Spocznik. wz\u00f3r w lastryko. Fot. Aleksandra Koszewska. 2023 r., \u017ar\u00f3d\u0142o: AOD IV.<\/figcaption><\/figure>\n\n\n\n<figure class=\"wp-block-image size-large\"><a href=\"http:\/\/lapidarium.fundacja-hereditas.pl\/wp-content\/uploads\/2023\/10\/A_Koszewska_Sienna_43_oficyna_boczna_schody-scaled.jpg\"><img loading=\"lazy\" decoding=\"async\" width=\"830\" height=\"1024\" data-id=\"14693\" src=\"http:\/\/lapidarium.fundacja-hereditas.pl\/wp-content\/uploads\/2023\/10\/A_Koszewska_Sienna_43_oficyna_boczna_schody-830x1024.jpg\" alt=\"\" class=\"wp-image-14693\" srcset=\"http:\/\/lapidarium.fundacja-hereditas.pl\/wp-content\/uploads\/2023\/10\/A_Koszewska_Sienna_43_oficyna_boczna_schody-830x1024.jpg 830w, http:\/\/lapidarium.fundacja-hereditas.pl\/wp-content\/uploads\/2023\/10\/A_Koszewska_Sienna_43_oficyna_boczna_schody-243x300.jpg 243w, http:\/\/lapidarium.fundacja-hereditas.pl\/wp-content\/uploads\/2023\/10\/A_Koszewska_Sienna_43_oficyna_boczna_schody-768x948.jpg 768w, http:\/\/lapidarium.fundacja-hereditas.pl\/wp-content\/uploads\/2023\/10\/A_Koszewska_Sienna_43_oficyna_boczna_schody-1245x1536.jpg 1245w, http:\/\/lapidarium.fundacja-hereditas.pl\/wp-content\/uploads\/2023\/10\/A_Koszewska_Sienna_43_oficyna_boczna_schody-1660x2048.jpg 1660w, http:\/\/lapidarium.fundacja-hereditas.pl\/wp-content\/uploads\/2023\/10\/A_Koszewska_Sienna_43_oficyna_boczna_schody-150x185.jpg 150w, http:\/\/lapidarium.fundacja-hereditas.pl\/wp-content\/uploads\/2023\/10\/A_Koszewska_Sienna_43_oficyna_boczna_schody-300x370.jpg 300w, http:\/\/lapidarium.fundacja-hereditas.pl\/wp-content\/uploads\/2023\/10\/A_Koszewska_Sienna_43_oficyna_boczna_schody-324x400.jpg 324w, http:\/\/lapidarium.fundacja-hereditas.pl\/wp-content\/uploads\/2023\/10\/A_Koszewska_Sienna_43_oficyna_boczna_schody-696x859.jpg 696w, http:\/\/lapidarium.fundacja-hereditas.pl\/wp-content\/uploads\/2023\/10\/A_Koszewska_Sienna_43_oficyna_boczna_schody-1068x1318.jpg 1068w, http:\/\/lapidarium.fundacja-hereditas.pl\/wp-content\/uploads\/2023\/10\/A_Koszewska_Sienna_43_oficyna_boczna_schody-1920x2369.jpg 1920w\" sizes=\"auto, (max-width: 830px) 100vw, 830px\" \/><\/a><figcaption class=\"wp-element-caption\">Klatka schodowa wschodniej oficyny. Balustrada &#8211; widok ze spocznika. Fot. Aleksandra Koszewska. 2023 r., \u017ar\u00f3d\u0142o: AOD IV.<\/figcaption><\/figure>\n\n\n\n<figure class=\"wp-block-image size-large\"><a href=\"http:\/\/lapidarium.fundacja-hereditas.pl\/wp-content\/uploads\/2023\/10\/A_Koszewska_Sienna_43_oficyna_boczna_klatka_schodowa-2-scaled.jpg\"><img loading=\"lazy\" decoding=\"async\" width=\"754\" height=\"1024\" data-id=\"14691\" src=\"http:\/\/lapidarium.fundacja-hereditas.pl\/wp-content\/uploads\/2023\/10\/A_Koszewska_Sienna_43_oficyna_boczna_klatka_schodowa-2-754x1024.jpg\" alt=\"\" class=\"wp-image-14691\" srcset=\"http:\/\/lapidarium.fundacja-hereditas.pl\/wp-content\/uploads\/2023\/10\/A_Koszewska_Sienna_43_oficyna_boczna_klatka_schodowa-2-754x1024.jpg 754w, http:\/\/lapidarium.fundacja-hereditas.pl\/wp-content\/uploads\/2023\/10\/A_Koszewska_Sienna_43_oficyna_boczna_klatka_schodowa-2-221x300.jpg 221w, http:\/\/lapidarium.fundacja-hereditas.pl\/wp-content\/uploads\/2023\/10\/A_Koszewska_Sienna_43_oficyna_boczna_klatka_schodowa-2-768x1043.jpg 768w, http:\/\/lapidarium.fundacja-hereditas.pl\/wp-content\/uploads\/2023\/10\/A_Koszewska_Sienna_43_oficyna_boczna_klatka_schodowa-2-1131x1536.jpg 1131w, http:\/\/lapidarium.fundacja-hereditas.pl\/wp-content\/uploads\/2023\/10\/A_Koszewska_Sienna_43_oficyna_boczna_klatka_schodowa-2-1508x2048.jpg 1508w, http:\/\/lapidarium.fundacja-hereditas.pl\/wp-content\/uploads\/2023\/10\/A_Koszewska_Sienna_43_oficyna_boczna_klatka_schodowa-2-150x204.jpg 150w, http:\/\/lapidarium.fundacja-hereditas.pl\/wp-content\/uploads\/2023\/10\/A_Koszewska_Sienna_43_oficyna_boczna_klatka_schodowa-2-300x407.jpg 300w, http:\/\/lapidarium.fundacja-hereditas.pl\/wp-content\/uploads\/2023\/10\/A_Koszewska_Sienna_43_oficyna_boczna_klatka_schodowa-2-696x945.jpg 696w, http:\/\/lapidarium.fundacja-hereditas.pl\/wp-content\/uploads\/2023\/10\/A_Koszewska_Sienna_43_oficyna_boczna_klatka_schodowa-2-1068x1450.jpg 1068w, http:\/\/lapidarium.fundacja-hereditas.pl\/wp-content\/uploads\/2023\/10\/A_Koszewska_Sienna_43_oficyna_boczna_klatka_schodowa-2-1920x2607.jpg 1920w, http:\/\/lapidarium.fundacja-hereditas.pl\/wp-content\/uploads\/2023\/10\/A_Koszewska_Sienna_43_oficyna_boczna_klatka_schodowa-2-scaled.jpg 1886w\" sizes=\"auto, (max-width: 754px) 100vw, 754px\" \/><\/a><figcaption class=\"wp-element-caption\">Klatka schodowa wschodniej oficyny. Drzwi do lokalu mieszkalnego. Fot. Aleksandra Koszewska. 2023 r., \u017ar\u00f3d\u0142o: AOD IV.<\/figcaption><\/figure>\n\n\n\n<figure class=\"wp-block-image size-large\"><a href=\"http:\/\/lapidarium.fundacja-hereditas.pl\/wp-content\/uploads\/2023\/10\/A_Koszewska_Sienna_43_oficyna_boczna_klamka-scaled.jpg\"><img loading=\"lazy\" decoding=\"async\" width=\"1024\" height=\"821\" data-id=\"14690\" src=\"http:\/\/lapidarium.fundacja-hereditas.pl\/wp-content\/uploads\/2023\/10\/A_Koszewska_Sienna_43_oficyna_boczna_klamka-1024x821.jpg\" alt=\"\" class=\"wp-image-14690\" srcset=\"http:\/\/lapidarium.fundacja-hereditas.pl\/wp-content\/uploads\/2023\/10\/A_Koszewska_Sienna_43_oficyna_boczna_klamka-1024x821.jpg 1024w, http:\/\/lapidarium.fundacja-hereditas.pl\/wp-content\/uploads\/2023\/10\/A_Koszewska_Sienna_43_oficyna_boczna_klamka-300x241.jpg 300w, http:\/\/lapidarium.fundacja-hereditas.pl\/wp-content\/uploads\/2023\/10\/A_Koszewska_Sienna_43_oficyna_boczna_klamka-768x616.jpg 768w, http:\/\/lapidarium.fundacja-hereditas.pl\/wp-content\/uploads\/2023\/10\/A_Koszewska_Sienna_43_oficyna_boczna_klamka-1536x1232.jpg 1536w, http:\/\/lapidarium.fundacja-hereditas.pl\/wp-content\/uploads\/2023\/10\/A_Koszewska_Sienna_43_oficyna_boczna_klamka-2048x1642.jpg 2048w, http:\/\/lapidarium.fundacja-hereditas.pl\/wp-content\/uploads\/2023\/10\/A_Koszewska_Sienna_43_oficyna_boczna_klamka-150x120.jpg 150w, http:\/\/lapidarium.fundacja-hereditas.pl\/wp-content\/uploads\/2023\/10\/A_Koszewska_Sienna_43_oficyna_boczna_klamka-696x558.jpg 696w, http:\/\/lapidarium.fundacja-hereditas.pl\/wp-content\/uploads\/2023\/10\/A_Koszewska_Sienna_43_oficyna_boczna_klamka-1068x856.jpg 1068w, http:\/\/lapidarium.fundacja-hereditas.pl\/wp-content\/uploads\/2023\/10\/A_Koszewska_Sienna_43_oficyna_boczna_klamka-1920x1540.jpg 1920w\" sizes=\"auto, (max-width: 1024px) 100vw, 1024px\" \/><\/a><figcaption class=\"wp-element-caption\">Klatka schodowa wschodniej oficyny. Uchwyt do zamykania drzwi lokalu mieszkalnego. Fot. Aleksandra Koszewska. 2023 r., \u017ar\u00f3d\u0142o: AOD IV.<\/figcaption><\/figure>\n\n\n\n<figure class=\"wp-block-image size-large\"><a href=\"http:\/\/lapidarium.fundacja-hereditas.pl\/wp-content\/uploads\/2023\/10\/A_Koszewska_Sienna_43_oficyna_boczna_zamek_do_drzwi-4-scaled.jpg\"><img loading=\"lazy\" decoding=\"async\" width=\"846\" height=\"1024\" data-id=\"14695\" src=\"http:\/\/lapidarium.fundacja-hereditas.pl\/wp-content\/uploads\/2023\/10\/A_Koszewska_Sienna_43_oficyna_boczna_zamek_do_drzwi-4-846x1024.jpg\" alt=\"\" class=\"wp-image-14695\" srcset=\"http:\/\/lapidarium.fundacja-hereditas.pl\/wp-content\/uploads\/2023\/10\/A_Koszewska_Sienna_43_oficyna_boczna_zamek_do_drzwi-4-846x1024.jpg 846w, http:\/\/lapidarium.fundacja-hereditas.pl\/wp-content\/uploads\/2023\/10\/A_Koszewska_Sienna_43_oficyna_boczna_zamek_do_drzwi-4-248x300.jpg 248w, http:\/\/lapidarium.fundacja-hereditas.pl\/wp-content\/uploads\/2023\/10\/A_Koszewska_Sienna_43_oficyna_boczna_zamek_do_drzwi-4-768x930.jpg 768w, http:\/\/lapidarium.fundacja-hereditas.pl\/wp-content\/uploads\/2023\/10\/A_Koszewska_Sienna_43_oficyna_boczna_zamek_do_drzwi-4-1268x1536.jpg 1268w, http:\/\/lapidarium.fundacja-hereditas.pl\/wp-content\/uploads\/2023\/10\/A_Koszewska_Sienna_43_oficyna_boczna_zamek_do_drzwi-4-1691x2048.jpg 1691w, http:\/\/lapidarium.fundacja-hereditas.pl\/wp-content\/uploads\/2023\/10\/A_Koszewska_Sienna_43_oficyna_boczna_zamek_do_drzwi-4-150x182.jpg 150w, http:\/\/lapidarium.fundacja-hereditas.pl\/wp-content\/uploads\/2023\/10\/A_Koszewska_Sienna_43_oficyna_boczna_zamek_do_drzwi-4-300x363.jpg 300w, http:\/\/lapidarium.fundacja-hereditas.pl\/wp-content\/uploads\/2023\/10\/A_Koszewska_Sienna_43_oficyna_boczna_zamek_do_drzwi-4-696x843.jpg 696w, http:\/\/lapidarium.fundacja-hereditas.pl\/wp-content\/uploads\/2023\/10\/A_Koszewska_Sienna_43_oficyna_boczna_zamek_do_drzwi-4-1068x1293.jpg 1068w, http:\/\/lapidarium.fundacja-hereditas.pl\/wp-content\/uploads\/2023\/10\/A_Koszewska_Sienna_43_oficyna_boczna_zamek_do_drzwi-4-1920x2325.jpg 1920w\" sizes=\"auto, (max-width: 846px) 100vw, 846px\" \/><\/a><figcaption class=\"wp-element-caption\">Klatka schodowa wschodniej oficyny. Zamek do drzwi. Fot. Aleksandra Koszewska. 2023 r., \u017ar\u00f3d\u0142o: AOD IV.<\/figcaption><\/figure>\n\n\n\n<figure class=\"wp-block-image size-large\"><a href=\"http:\/\/lapidarium.fundacja-hereditas.pl\/wp-content\/uploads\/2023\/10\/A_Koszewska_Sienna_43_oficyna_boczna_dzwonek-scaled.jpg\"><img loading=\"lazy\" decoding=\"async\" width=\"1024\" height=\"898\" data-id=\"14689\" src=\"http:\/\/lapidarium.fundacja-hereditas.pl\/wp-content\/uploads\/2023\/10\/A_Koszewska_Sienna_43_oficyna_boczna_dzwonek-1024x898.jpg\" alt=\"\" class=\"wp-image-14689\" srcset=\"http:\/\/lapidarium.fundacja-hereditas.pl\/wp-content\/uploads\/2023\/10\/A_Koszewska_Sienna_43_oficyna_boczna_dzwonek-1024x898.jpg 1024w, http:\/\/lapidarium.fundacja-hereditas.pl\/wp-content\/uploads\/2023\/10\/A_Koszewska_Sienna_43_oficyna_boczna_dzwonek-300x263.jpg 300w, http:\/\/lapidarium.fundacja-hereditas.pl\/wp-content\/uploads\/2023\/10\/A_Koszewska_Sienna_43_oficyna_boczna_dzwonek-768x674.jpg 768w, http:\/\/lapidarium.fundacja-hereditas.pl\/wp-content\/uploads\/2023\/10\/A_Koszewska_Sienna_43_oficyna_boczna_dzwonek-1536x1347.jpg 1536w, http:\/\/lapidarium.fundacja-hereditas.pl\/wp-content\/uploads\/2023\/10\/A_Koszewska_Sienna_43_oficyna_boczna_dzwonek-2048x1796.jpg 2048w, http:\/\/lapidarium.fundacja-hereditas.pl\/wp-content\/uploads\/2023\/10\/A_Koszewska_Sienna_43_oficyna_boczna_dzwonek-150x132.jpg 150w, http:\/\/lapidarium.fundacja-hereditas.pl\/wp-content\/uploads\/2023\/10\/A_Koszewska_Sienna_43_oficyna_boczna_dzwonek-696x610.jpg 696w, http:\/\/lapidarium.fundacja-hereditas.pl\/wp-content\/uploads\/2023\/10\/A_Koszewska_Sienna_43_oficyna_boczna_dzwonek-1068x937.jpg 1068w, http:\/\/lapidarium.fundacja-hereditas.pl\/wp-content\/uploads\/2023\/10\/A_Koszewska_Sienna_43_oficyna_boczna_dzwonek-1920x1684.jpg 1920w\" sizes=\"auto, (max-width: 1024px) 100vw, 1024px\" \/><\/a><figcaption class=\"wp-element-caption\">Klatka schodowa wschodniej oficyny. Zamek. Fot. Aleksandra Koszewska. 2023 r., \u017ar\u00f3d\u0142o: AOD IV.<\/figcaption><\/figure>\n<\/figure>\n","protected":false},"excerpt":{"rendered":"<p>Modernistyczna, czteropi\u0119trowa kamienica wzniesiona w latach 1936-1937 pod\u0142ug projektu znanej w\u00f3wczas i cenionej sp\u00f3\u0142ki architekt\u00f3w Jerzego Gelbarda i Romana Sigalina.\u00a0Zamawiaj\u0105cych projekt by\u0142o kilku: Pawe\u0142 Goldstein, Adam Borowik oraz dr Andrzej Biele\u0144ki. Dom by\u0142 luksusowy, wyko\u0144czony wieloma szlachetnymi materia\u0142ami, jak cho\u0107by pierwotne pokrycie fasady, do kt\u00f3rej u\u017cyto Felzytynu. Felzytyn by\u0142a to handlowa nazwa gotowej i suchej [&hellip;]<\/p>\n","protected":false},"author":6,"featured_media":15136,"comment_status":"open","ping_status":"open","sticky":false,"template":"","format":"standard","meta":{"footnotes":""},"categories":[166,4],"tags":[],"class_list":{"0":"post-14648","1":"post","2":"type-post","3":"status-publish","4":"format-standard","5":"has-post-thumbnail","7":"category-sienna","8":"category-warszawa"},"_links":{"self":[{"href":"http:\/\/lapidarium.fundacja-hereditas.pl\/index.php\/wp-json\/wp\/v2\/posts\/14648","targetHints":{"allow":["GET"]}}],"collection":[{"href":"http:\/\/lapidarium.fundacja-hereditas.pl\/index.php\/wp-json\/wp\/v2\/posts"}],"about":[{"href":"http:\/\/lapidarium.fundacja-hereditas.pl\/index.php\/wp-json\/wp\/v2\/types\/post"}],"author":[{"embeddable":true,"href":"http:\/\/lapidarium.fundacja-hereditas.pl\/index.php\/wp-json\/wp\/v2\/users\/6"}],"replies":[{"embeddable":true,"href":"http:\/\/lapidarium.fundacja-hereditas.pl\/index.php\/wp-json\/wp\/v2\/comments?post=14648"}],"version-history":[{"count":5,"href":"http:\/\/lapidarium.fundacja-hereditas.pl\/index.php\/wp-json\/wp\/v2\/posts\/14648\/revisions"}],"predecessor-version":[{"id":15152,"href":"http:\/\/lapidarium.fundacja-hereditas.pl\/index.php\/wp-json\/wp\/v2\/posts\/14648\/revisions\/15152"}],"wp:featuredmedia":[{"embeddable":true,"href":"http:\/\/lapidarium.fundacja-hereditas.pl\/index.php\/wp-json\/wp\/v2\/media\/15136"}],"wp:attachment":[{"href":"http:\/\/lapidarium.fundacja-hereditas.pl\/index.php\/wp-json\/wp\/v2\/media?parent=14648"}],"wp:term":[{"taxonomy":"category","embeddable":true,"href":"http:\/\/lapidarium.fundacja-hereditas.pl\/index.php\/wp-json\/wp\/v2\/categories?post=14648"},{"taxonomy":"post_tag","embeddable":true,"href":"http:\/\/lapidarium.fundacja-hereditas.pl\/index.php\/wp-json\/wp\/v2\/tags?post=14648"}],"curies":[{"name":"wp","href":"https:\/\/api.w.org\/{rel}","templated":true}]}}