{"id":14571,"date":"2023-10-26T02:55:29","date_gmt":"2023-10-26T00:55:29","guid":{"rendered":"http:\/\/lapidarium.fundacja-hereditas.pl\/?p=14571"},"modified":"2023-11-01T13:11:23","modified_gmt":"2023-11-01T12:11:23","slug":"kamienica-ul-oleandrow-6-warszawa","status":"publish","type":"post","link":"http:\/\/lapidarium.fundacja-hereditas.pl\/index.php\/2023\/10\/26\/kamienica-ul-oleandrow-6-warszawa\/","title":{"rendered":"Kamienica ul. Oleandr\u00f3w 6, Warszawa"},"content":{"rendered":"\n<p>Kamienica Akcyjnego Tow. Handlowego \u201eGokkes S.A.\u201d, b\u0119d\u0105cego w\u0142asno\u015bci\u0105 rodziny Rotbard\u00f3w. Nowoczesny dom w stylu luksusowego funkcjonalizmu wzniesiono w latach 1938-1939 wg proj. Stanis\u0142awa Woyciechowskiego jako jeden z kilku obiekt\u00f3w, prawie identycznych, wype\u0142niaj\u0105cych obie pierzeje tej kameralnej uliczki. Domy niemal\u017ce bli\u017aniacze, r\u00f3\u017cni\u0105ce si\u0119 tylko drobnymi szczeg\u00f3\u0142ami, znajduj\u0105 si\u0119 pod numerami: 3, 4, 5, 6 i 7. Ca\u0142y zesp\u00f3\u0142 jest znakomicie skomponowany i jednorodny stylowo. Na uwag\u0119 zas\u0142uguje fakt, \u017ce zabudowywanie ulicy nowymi obiektami kontynuowano po wojnie w takim samym stylu i zbli\u017conej formie (dom nr 8), co zaowocowa\u0142o pe\u0142n\u0105 sp\u00f3jno\u015bci\u0105 architektoniczn\u0105 ca\u0142ej ulicy. W domu przetrwa\u0142o wiele element\u00f3w pierwotnego wystroju &#8211; na zewn\u0105trz na uwag\u0119 zas\u0142uguj\u0105 piaskowcowe ok\u0142adziny elewacji oraz miejscami &#8211; w przyziemiu &#8211; p\u0142ytki klinkierowe, we wn\u0119trzach zachowane s\u0105 m.in. lastrikowe wylewki podest\u00f3w i schod\u00f3w, pe\u0142na balustrada z mosi\u0119\u017cnym pochwytem, kamienne ok\u0142adziny \u015bcian.<\/p>\n\n\n\n<figure class=\"wp-block-gallery has-nested-images columns-default is-cropped wp-block-gallery-1 is-layout-flex wp-block-gallery-is-layout-flex\">\n<figure class=\"wp-block-image size-large\"><a href=\"http:\/\/lapidarium.fundacja-hereditas.pl\/wp-content\/uploads\/2023\/10\/Magdalena_Zaremba_Oleandrow_6_Elewacja_Poludniowa_Fasada_Fragment-scaled.jpg\"><img loading=\"lazy\" decoding=\"async\" width=\"1024\" height=\"743\" data-id=\"14582\" src=\"http:\/\/lapidarium.fundacja-hereditas.pl\/wp-content\/uploads\/2023\/10\/Magdalena_Zaremba_Oleandrow_6_Elewacja_Poludniowa_Fasada_Fragment-1024x743.jpg\" alt=\"\" class=\"wp-image-14582\" srcset=\"http:\/\/lapidarium.fundacja-hereditas.pl\/wp-content\/uploads\/2023\/10\/Magdalena_Zaremba_Oleandrow_6_Elewacja_Poludniowa_Fasada_Fragment-1024x743.jpg 1024w, http:\/\/lapidarium.fundacja-hereditas.pl\/wp-content\/uploads\/2023\/10\/Magdalena_Zaremba_Oleandrow_6_Elewacja_Poludniowa_Fasada_Fragment-300x218.jpg 300w, http:\/\/lapidarium.fundacja-hereditas.pl\/wp-content\/uploads\/2023\/10\/Magdalena_Zaremba_Oleandrow_6_Elewacja_Poludniowa_Fasada_Fragment-768x558.jpg 768w, http:\/\/lapidarium.fundacja-hereditas.pl\/wp-content\/uploads\/2023\/10\/Magdalena_Zaremba_Oleandrow_6_Elewacja_Poludniowa_Fasada_Fragment-1536x1115.jpg 1536w, http:\/\/lapidarium.fundacja-hereditas.pl\/wp-content\/uploads\/2023\/10\/Magdalena_Zaremba_Oleandrow_6_Elewacja_Poludniowa_Fasada_Fragment-2048x1487.jpg 2048w, http:\/\/lapidarium.fundacja-hereditas.pl\/wp-content\/uploads\/2023\/10\/Magdalena_Zaremba_Oleandrow_6_Elewacja_Poludniowa_Fasada_Fragment-150x109.jpg 150w, http:\/\/lapidarium.fundacja-hereditas.pl\/wp-content\/uploads\/2023\/10\/Magdalena_Zaremba_Oleandrow_6_Elewacja_Poludniowa_Fasada_Fragment-696x505.jpg 696w, http:\/\/lapidarium.fundacja-hereditas.pl\/wp-content\/uploads\/2023\/10\/Magdalena_Zaremba_Oleandrow_6_Elewacja_Poludniowa_Fasada_Fragment-1068x775.jpg 1068w, http:\/\/lapidarium.fundacja-hereditas.pl\/wp-content\/uploads\/2023\/10\/Magdalena_Zaremba_Oleandrow_6_Elewacja_Poludniowa_Fasada_Fragment-1920x1394.jpg 1920w\" sizes=\"auto, (max-width: 1024px) 100vw, 1024px\" \/><\/a><figcaption class=\"wp-element-caption\">Fasada. Widok od ulicy (od po\u0142udnia). Fot. Magdalena Zaremba. 2023 r., \u017ar\u00f3d\u0142o: AOD IV.<\/figcaption><\/figure>\n\n\n\n<figure class=\"wp-block-image size-large\"><a href=\"http:\/\/lapidarium.fundacja-hereditas.pl\/wp-content\/uploads\/2023\/10\/Magdalena_Zaremba_Oleandrow_6_Elewacja_Poludniowa_Fasada_Drzwi_Glowne-scaled.jpg\"><img loading=\"lazy\" decoding=\"async\" width=\"891\" height=\"1024\" data-id=\"14581\" src=\"http:\/\/lapidarium.fundacja-hereditas.pl\/wp-content\/uploads\/2023\/10\/Magdalena_Zaremba_Oleandrow_6_Elewacja_Poludniowa_Fasada_Drzwi_Glowne-891x1024.jpg\" alt=\"\" class=\"wp-image-14581\" srcset=\"http:\/\/lapidarium.fundacja-hereditas.pl\/wp-content\/uploads\/2023\/10\/Magdalena_Zaremba_Oleandrow_6_Elewacja_Poludniowa_Fasada_Drzwi_Glowne-891x1024.jpg 891w, http:\/\/lapidarium.fundacja-hereditas.pl\/wp-content\/uploads\/2023\/10\/Magdalena_Zaremba_Oleandrow_6_Elewacja_Poludniowa_Fasada_Drzwi_Glowne-261x300.jpg 261w, http:\/\/lapidarium.fundacja-hereditas.pl\/wp-content\/uploads\/2023\/10\/Magdalena_Zaremba_Oleandrow_6_Elewacja_Poludniowa_Fasada_Drzwi_Glowne-768x883.jpg 768w, http:\/\/lapidarium.fundacja-hereditas.pl\/wp-content\/uploads\/2023\/10\/Magdalena_Zaremba_Oleandrow_6_Elewacja_Poludniowa_Fasada_Drzwi_Glowne-1336x1536.jpg 1336w, http:\/\/lapidarium.fundacja-hereditas.pl\/wp-content\/uploads\/2023\/10\/Magdalena_Zaremba_Oleandrow_6_Elewacja_Poludniowa_Fasada_Drzwi_Glowne-1781x2048.jpg 1781w, http:\/\/lapidarium.fundacja-hereditas.pl\/wp-content\/uploads\/2023\/10\/Magdalena_Zaremba_Oleandrow_6_Elewacja_Poludniowa_Fasada_Drzwi_Glowne-150x172.jpg 150w, http:\/\/lapidarium.fundacja-hereditas.pl\/wp-content\/uploads\/2023\/10\/Magdalena_Zaremba_Oleandrow_6_Elewacja_Poludniowa_Fasada_Drzwi_Glowne-300x345.jpg 300w, http:\/\/lapidarium.fundacja-hereditas.pl\/wp-content\/uploads\/2023\/10\/Magdalena_Zaremba_Oleandrow_6_Elewacja_Poludniowa_Fasada_Drzwi_Glowne-696x800.jpg 696w, http:\/\/lapidarium.fundacja-hereditas.pl\/wp-content\/uploads\/2023\/10\/Magdalena_Zaremba_Oleandrow_6_Elewacja_Poludniowa_Fasada_Drzwi_Glowne-1068x1228.jpg 1068w, http:\/\/lapidarium.fundacja-hereditas.pl\/wp-content\/uploads\/2023\/10\/Magdalena_Zaremba_Oleandrow_6_Elewacja_Poludniowa_Fasada_Drzwi_Glowne-1920x2207.jpg 1920w\" sizes=\"auto, (max-width: 891px) 100vw, 891px\" \/><\/a><figcaption class=\"wp-element-caption\">Fasada &#8211; g\u0142\u00f3wne wej\u015bcie. Widok od ulicy (od po\u0142udnia). Fot. Magdalena Zaremba. 2023 r., \u017ar\u00f3d\u0142o: AOD IV.<\/figcaption><\/figure>\n\n\n\n<figure class=\"wp-block-image size-large\"><a href=\"http:\/\/lapidarium.fundacja-hereditas.pl\/wp-content\/uploads\/2023\/10\/Magdalena_Zaremba_Oleandrow_6_Klatka_Schodowa_Drzwi_Glowne_Rewers-scaled.jpg\"><img loading=\"lazy\" decoding=\"async\" width=\"773\" height=\"1024\" data-id=\"14583\" src=\"http:\/\/lapidarium.fundacja-hereditas.pl\/wp-content\/uploads\/2023\/10\/Magdalena_Zaremba_Oleandrow_6_Klatka_Schodowa_Drzwi_Glowne_Rewers-773x1024.jpg\" alt=\"\" class=\"wp-image-14583\" srcset=\"http:\/\/lapidarium.fundacja-hereditas.pl\/wp-content\/uploads\/2023\/10\/Magdalena_Zaremba_Oleandrow_6_Klatka_Schodowa_Drzwi_Glowne_Rewers-773x1024.jpg 773w, http:\/\/lapidarium.fundacja-hereditas.pl\/wp-content\/uploads\/2023\/10\/Magdalena_Zaremba_Oleandrow_6_Klatka_Schodowa_Drzwi_Glowne_Rewers-227x300.jpg 227w, http:\/\/lapidarium.fundacja-hereditas.pl\/wp-content\/uploads\/2023\/10\/Magdalena_Zaremba_Oleandrow_6_Klatka_Schodowa_Drzwi_Glowne_Rewers-768x1017.jpg 768w, http:\/\/lapidarium.fundacja-hereditas.pl\/wp-content\/uploads\/2023\/10\/Magdalena_Zaremba_Oleandrow_6_Klatka_Schodowa_Drzwi_Glowne_Rewers-1160x1536.jpg 1160w, http:\/\/lapidarium.fundacja-hereditas.pl\/wp-content\/uploads\/2023\/10\/Magdalena_Zaremba_Oleandrow_6_Klatka_Schodowa_Drzwi_Glowne_Rewers-1546x2048.jpg 1546w, http:\/\/lapidarium.fundacja-hereditas.pl\/wp-content\/uploads\/2023\/10\/Magdalena_Zaremba_Oleandrow_6_Klatka_Schodowa_Drzwi_Glowne_Rewers-150x199.jpg 150w, http:\/\/lapidarium.fundacja-hereditas.pl\/wp-content\/uploads\/2023\/10\/Magdalena_Zaremba_Oleandrow_6_Klatka_Schodowa_Drzwi_Glowne_Rewers-300x397.jpg 300w, http:\/\/lapidarium.fundacja-hereditas.pl\/wp-content\/uploads\/2023\/10\/Magdalena_Zaremba_Oleandrow_6_Klatka_Schodowa_Drzwi_Glowne_Rewers-696x922.jpg 696w, http:\/\/lapidarium.fundacja-hereditas.pl\/wp-content\/uploads\/2023\/10\/Magdalena_Zaremba_Oleandrow_6_Klatka_Schodowa_Drzwi_Glowne_Rewers-1068x1414.jpg 1068w, http:\/\/lapidarium.fundacja-hereditas.pl\/wp-content\/uploads\/2023\/10\/Magdalena_Zaremba_Oleandrow_6_Klatka_Schodowa_Drzwi_Glowne_Rewers-1920x2543.jpg 1920w, http:\/\/lapidarium.fundacja-hereditas.pl\/wp-content\/uploads\/2023\/10\/Magdalena_Zaremba_Oleandrow_6_Klatka_Schodowa_Drzwi_Glowne_Rewers-scaled.jpg 1933w\" sizes=\"auto, (max-width: 773px) 100vw, 773px\" \/><\/a><figcaption class=\"wp-element-caption\">Hall g\u0142\u00f3wny &#8211; widok na ulic\u0119. Fot. Magdalena Zaremba. 2023 r., \u017ar\u00f3d\u0142o: AOD IV.<\/figcaption><\/figure>\n\n\n\n<figure class=\"wp-block-image size-large\"><a href=\"http:\/\/lapidarium.fundacja-hereditas.pl\/wp-content\/uploads\/2023\/10\/D_Wymoczyl_Oleandrow_6_Wejscie_od_wewnatrz-scaled.jpg\"><img loading=\"lazy\" decoding=\"async\" width=\"688\" height=\"1024\" data-id=\"14580\" src=\"http:\/\/lapidarium.fundacja-hereditas.pl\/wp-content\/uploads\/2023\/10\/D_Wymoczyl_Oleandrow_6_Wejscie_od_wewnatrz-688x1024.jpg\" alt=\"\" class=\"wp-image-14580\" srcset=\"http:\/\/lapidarium.fundacja-hereditas.pl\/wp-content\/uploads\/2023\/10\/D_Wymoczyl_Oleandrow_6_Wejscie_od_wewnatrz-688x1024.jpg 688w, http:\/\/lapidarium.fundacja-hereditas.pl\/wp-content\/uploads\/2023\/10\/D_Wymoczyl_Oleandrow_6_Wejscie_od_wewnatrz-202x300.jpg 202w, http:\/\/lapidarium.fundacja-hereditas.pl\/wp-content\/uploads\/2023\/10\/D_Wymoczyl_Oleandrow_6_Wejscie_od_wewnatrz-768x1143.jpg 768w, http:\/\/lapidarium.fundacja-hereditas.pl\/wp-content\/uploads\/2023\/10\/D_Wymoczyl_Oleandrow_6_Wejscie_od_wewnatrz-1032x1536.jpg 1032w, http:\/\/lapidarium.fundacja-hereditas.pl\/wp-content\/uploads\/2023\/10\/D_Wymoczyl_Oleandrow_6_Wejscie_od_wewnatrz-1376x2048.jpg 1376w, http:\/\/lapidarium.fundacja-hereditas.pl\/wp-content\/uploads\/2023\/10\/D_Wymoczyl_Oleandrow_6_Wejscie_od_wewnatrz-150x223.jpg 150w, http:\/\/lapidarium.fundacja-hereditas.pl\/wp-content\/uploads\/2023\/10\/D_Wymoczyl_Oleandrow_6_Wejscie_od_wewnatrz-300x447.jpg 300w, http:\/\/lapidarium.fundacja-hereditas.pl\/wp-content\/uploads\/2023\/10\/D_Wymoczyl_Oleandrow_6_Wejscie_od_wewnatrz-696x1036.jpg 696w, http:\/\/lapidarium.fundacja-hereditas.pl\/wp-content\/uploads\/2023\/10\/D_Wymoczyl_Oleandrow_6_Wejscie_od_wewnatrz-1068x1590.jpg 1068w, http:\/\/lapidarium.fundacja-hereditas.pl\/wp-content\/uploads\/2023\/10\/D_Wymoczyl_Oleandrow_6_Wejscie_od_wewnatrz-1920x2858.jpg 1920w, http:\/\/lapidarium.fundacja-hereditas.pl\/wp-content\/uploads\/2023\/10\/D_Wymoczyl_Oleandrow_6_Wejscie_od_wewnatrz-scaled.jpg 1720w\" sizes=\"auto, (max-width: 688px) 100vw, 688px\" \/><\/a><figcaption class=\"wp-element-caption\">Hall g\u0142\u00f3wny &#8211; widok na ulic\u0119. Fot. Daniel Wymoczy\u0142. 2023 r., \u017ar\u00f3d\u0142o: AOD IV.<\/figcaption><\/figure>\n\n\n\n<figure class=\"wp-block-image size-large\"><a href=\"http:\/\/lapidarium.fundacja-hereditas.pl\/wp-content\/uploads\/2023\/10\/Magdalena_Zaremba_Oleandrow_6_Klatka_Schodowa_Okladzina_Scienna-scaled.jpg\"><img loading=\"lazy\" decoding=\"async\" width=\"775\" height=\"1024\" data-id=\"14592\" src=\"http:\/\/lapidarium.fundacja-hereditas.pl\/wp-content\/uploads\/2023\/10\/Magdalena_Zaremba_Oleandrow_6_Klatka_Schodowa_Okladzina_Scienna-775x1024.jpg\" alt=\"\" class=\"wp-image-14592\" srcset=\"http:\/\/lapidarium.fundacja-hereditas.pl\/wp-content\/uploads\/2023\/10\/Magdalena_Zaremba_Oleandrow_6_Klatka_Schodowa_Okladzina_Scienna-775x1024.jpg 775w, http:\/\/lapidarium.fundacja-hereditas.pl\/wp-content\/uploads\/2023\/10\/Magdalena_Zaremba_Oleandrow_6_Klatka_Schodowa_Okladzina_Scienna-227x300.jpg 227w, http:\/\/lapidarium.fundacja-hereditas.pl\/wp-content\/uploads\/2023\/10\/Magdalena_Zaremba_Oleandrow_6_Klatka_Schodowa_Okladzina_Scienna-768x1015.jpg 768w, http:\/\/lapidarium.fundacja-hereditas.pl\/wp-content\/uploads\/2023\/10\/Magdalena_Zaremba_Oleandrow_6_Klatka_Schodowa_Okladzina_Scienna-1162x1536.jpg 1162w, http:\/\/lapidarium.fundacja-hereditas.pl\/wp-content\/uploads\/2023\/10\/Magdalena_Zaremba_Oleandrow_6_Klatka_Schodowa_Okladzina_Scienna-1549x2048.jpg 1549w, http:\/\/lapidarium.fundacja-hereditas.pl\/wp-content\/uploads\/2023\/10\/Magdalena_Zaremba_Oleandrow_6_Klatka_Schodowa_Okladzina_Scienna-150x198.jpg 150w, http:\/\/lapidarium.fundacja-hereditas.pl\/wp-content\/uploads\/2023\/10\/Magdalena_Zaremba_Oleandrow_6_Klatka_Schodowa_Okladzina_Scienna-300x397.jpg 300w, http:\/\/lapidarium.fundacja-hereditas.pl\/wp-content\/uploads\/2023\/10\/Magdalena_Zaremba_Oleandrow_6_Klatka_Schodowa_Okladzina_Scienna-696x920.jpg 696w, http:\/\/lapidarium.fundacja-hereditas.pl\/wp-content\/uploads\/2023\/10\/Magdalena_Zaremba_Oleandrow_6_Klatka_Schodowa_Okladzina_Scienna-1068x1412.jpg 1068w, http:\/\/lapidarium.fundacja-hereditas.pl\/wp-content\/uploads\/2023\/10\/Magdalena_Zaremba_Oleandrow_6_Klatka_Schodowa_Okladzina_Scienna-1920x2538.jpg 1920w, http:\/\/lapidarium.fundacja-hereditas.pl\/wp-content\/uploads\/2023\/10\/Magdalena_Zaremba_Oleandrow_6_Klatka_Schodowa_Okladzina_Scienna-scaled.jpg 1936w\" sizes=\"auto, (max-width: 775px) 100vw, 775px\" \/><\/a><figcaption class=\"wp-element-caption\">Hall g\u0142\u00f3wny. Kamienna ok\u0142adzina \u015bcian. Fot. Magdalena Zaremba. 2023 r., \u017ar\u00f3d\u0142o: AOD IV.<\/figcaption><\/figure>\n\n\n\n<figure class=\"wp-block-image size-large\"><a href=\"http:\/\/lapidarium.fundacja-hereditas.pl\/wp-content\/uploads\/2023\/10\/Magdalena_Zaremba_Oleandrow_6_Klatka_Schodowa_Okladzina_Scienna_Plyta_Detal-scaled.jpg\"><img loading=\"lazy\" decoding=\"async\" width=\"773\" height=\"1024\" data-id=\"14593\" src=\"http:\/\/lapidarium.fundacja-hereditas.pl\/wp-content\/uploads\/2023\/10\/Magdalena_Zaremba_Oleandrow_6_Klatka_Schodowa_Okladzina_Scienna_Plyta_Detal-773x1024.jpg\" alt=\"\" class=\"wp-image-14593\" srcset=\"http:\/\/lapidarium.fundacja-hereditas.pl\/wp-content\/uploads\/2023\/10\/Magdalena_Zaremba_Oleandrow_6_Klatka_Schodowa_Okladzina_Scienna_Plyta_Detal-773x1024.jpg 773w, http:\/\/lapidarium.fundacja-hereditas.pl\/wp-content\/uploads\/2023\/10\/Magdalena_Zaremba_Oleandrow_6_Klatka_Schodowa_Okladzina_Scienna_Plyta_Detal-227x300.jpg 227w, http:\/\/lapidarium.fundacja-hereditas.pl\/wp-content\/uploads\/2023\/10\/Magdalena_Zaremba_Oleandrow_6_Klatka_Schodowa_Okladzina_Scienna_Plyta_Detal-768x1017.jpg 768w, http:\/\/lapidarium.fundacja-hereditas.pl\/wp-content\/uploads\/2023\/10\/Magdalena_Zaremba_Oleandrow_6_Klatka_Schodowa_Okladzina_Scienna_Plyta_Detal-1160x1536.jpg 1160w, http:\/\/lapidarium.fundacja-hereditas.pl\/wp-content\/uploads\/2023\/10\/Magdalena_Zaremba_Oleandrow_6_Klatka_Schodowa_Okladzina_Scienna_Plyta_Detal-1546x2048.jpg 1546w, http:\/\/lapidarium.fundacja-hereditas.pl\/wp-content\/uploads\/2023\/10\/Magdalena_Zaremba_Oleandrow_6_Klatka_Schodowa_Okladzina_Scienna_Plyta_Detal-150x199.jpg 150w, http:\/\/lapidarium.fundacja-hereditas.pl\/wp-content\/uploads\/2023\/10\/Magdalena_Zaremba_Oleandrow_6_Klatka_Schodowa_Okladzina_Scienna_Plyta_Detal-300x397.jpg 300w, http:\/\/lapidarium.fundacja-hereditas.pl\/wp-content\/uploads\/2023\/10\/Magdalena_Zaremba_Oleandrow_6_Klatka_Schodowa_Okladzina_Scienna_Plyta_Detal-696x922.jpg 696w, http:\/\/lapidarium.fundacja-hereditas.pl\/wp-content\/uploads\/2023\/10\/Magdalena_Zaremba_Oleandrow_6_Klatka_Schodowa_Okladzina_Scienna_Plyta_Detal-scaled.jpg 1933w\" sizes=\"auto, (max-width: 773px) 100vw, 773px\" \/><\/a><figcaption class=\"wp-element-caption\">Klatka schodowa. Kamienna ok\u0142adzina \u015bcian. Fot. Magdalena Zaremba. 2023 r., \u017ar\u00f3d\u0142o: AOD IV.<\/figcaption><\/figure>\n\n\n\n<figure class=\"wp-block-image size-large\"><a href=\"http:\/\/lapidarium.fundacja-hereditas.pl\/wp-content\/uploads\/2023\/10\/Magdalena_Zaremba_Oleandrow_6_Klatka_Schodowa_Sien_Sklepienie_1-scaled.jpg\"><img loading=\"lazy\" decoding=\"async\" width=\"776\" height=\"1024\" data-id=\"14595\" src=\"http:\/\/lapidarium.fundacja-hereditas.pl\/wp-content\/uploads\/2023\/10\/Magdalena_Zaremba_Oleandrow_6_Klatka_Schodowa_Sien_Sklepienie_1-776x1024.jpg\" alt=\"\" class=\"wp-image-14595\" srcset=\"http:\/\/lapidarium.fundacja-hereditas.pl\/wp-content\/uploads\/2023\/10\/Magdalena_Zaremba_Oleandrow_6_Klatka_Schodowa_Sien_Sklepienie_1-776x1024.jpg 776w, http:\/\/lapidarium.fundacja-hereditas.pl\/wp-content\/uploads\/2023\/10\/Magdalena_Zaremba_Oleandrow_6_Klatka_Schodowa_Sien_Sklepienie_1-227x300.jpg 227w, http:\/\/lapidarium.fundacja-hereditas.pl\/wp-content\/uploads\/2023\/10\/Magdalena_Zaremba_Oleandrow_6_Klatka_Schodowa_Sien_Sklepienie_1-768x1013.jpg 768w, http:\/\/lapidarium.fundacja-hereditas.pl\/wp-content\/uploads\/2023\/10\/Magdalena_Zaremba_Oleandrow_6_Klatka_Schodowa_Sien_Sklepienie_1-1164x1536.jpg 1164w, http:\/\/lapidarium.fundacja-hereditas.pl\/wp-content\/uploads\/2023\/10\/Magdalena_Zaremba_Oleandrow_6_Klatka_Schodowa_Sien_Sklepienie_1-1552x2048.jpg 1552w, http:\/\/lapidarium.fundacja-hereditas.pl\/wp-content\/uploads\/2023\/10\/Magdalena_Zaremba_Oleandrow_6_Klatka_Schodowa_Sien_Sklepienie_1-150x198.jpg 150w, http:\/\/lapidarium.fundacja-hereditas.pl\/wp-content\/uploads\/2023\/10\/Magdalena_Zaremba_Oleandrow_6_Klatka_Schodowa_Sien_Sklepienie_1-300x396.jpg 300w, http:\/\/lapidarium.fundacja-hereditas.pl\/wp-content\/uploads\/2023\/10\/Magdalena_Zaremba_Oleandrow_6_Klatka_Schodowa_Sien_Sklepienie_1-696x918.jpg 696w, http:\/\/lapidarium.fundacja-hereditas.pl\/wp-content\/uploads\/2023\/10\/Magdalena_Zaremba_Oleandrow_6_Klatka_Schodowa_Sien_Sklepienie_1-1068x1409.jpg 1068w, http:\/\/lapidarium.fundacja-hereditas.pl\/wp-content\/uploads\/2023\/10\/Magdalena_Zaremba_Oleandrow_6_Klatka_Schodowa_Sien_Sklepienie_1-1920x2534.jpg 1920w, http:\/\/lapidarium.fundacja-hereditas.pl\/wp-content\/uploads\/2023\/10\/Magdalena_Zaremba_Oleandrow_6_Klatka_Schodowa_Sien_Sklepienie_1-scaled.jpg 1940w\" sizes=\"auto, (max-width: 776px) 100vw, 776px\" \/><\/a><figcaption class=\"wp-element-caption\">Hall &#8211; sufit. Fot. Magdalena Zaremba. 2023 r., \u017ar\u00f3d\u0142o: AOD IV.<\/figcaption><\/figure>\n\n\n\n<figure class=\"wp-block-image size-large\"><a href=\"http:\/\/lapidarium.fundacja-hereditas.pl\/wp-content\/uploads\/2023\/10\/D_Wymoczyl_Oleandrow_6_Hol_parter-scaled.jpg\"><img loading=\"lazy\" decoding=\"async\" width=\"706\" height=\"1024\" data-id=\"14575\" src=\"http:\/\/lapidarium.fundacja-hereditas.pl\/wp-content\/uploads\/2023\/10\/D_Wymoczyl_Oleandrow_6_Hol_parter-706x1024.jpg\" alt=\"\" class=\"wp-image-14575\" srcset=\"http:\/\/lapidarium.fundacja-hereditas.pl\/wp-content\/uploads\/2023\/10\/D_Wymoczyl_Oleandrow_6_Hol_parter-706x1024.jpg 706w, http:\/\/lapidarium.fundacja-hereditas.pl\/wp-content\/uploads\/2023\/10\/D_Wymoczyl_Oleandrow_6_Hol_parter-207x300.jpg 207w, http:\/\/lapidarium.fundacja-hereditas.pl\/wp-content\/uploads\/2023\/10\/D_Wymoczyl_Oleandrow_6_Hol_parter-768x1114.jpg 768w, http:\/\/lapidarium.fundacja-hereditas.pl\/wp-content\/uploads\/2023\/10\/D_Wymoczyl_Oleandrow_6_Hol_parter-1059x1536.jpg 1059w, http:\/\/lapidarium.fundacja-hereditas.pl\/wp-content\/uploads\/2023\/10\/D_Wymoczyl_Oleandrow_6_Hol_parter-1411x2048.jpg 1411w, http:\/\/lapidarium.fundacja-hereditas.pl\/wp-content\/uploads\/2023\/10\/D_Wymoczyl_Oleandrow_6_Hol_parter-150x218.jpg 150w, http:\/\/lapidarium.fundacja-hereditas.pl\/wp-content\/uploads\/2023\/10\/D_Wymoczyl_Oleandrow_6_Hol_parter-300x435.jpg 300w, http:\/\/lapidarium.fundacja-hereditas.pl\/wp-content\/uploads\/2023\/10\/D_Wymoczyl_Oleandrow_6_Hol_parter-696x1010.jpg 696w, http:\/\/lapidarium.fundacja-hereditas.pl\/wp-content\/uploads\/2023\/10\/D_Wymoczyl_Oleandrow_6_Hol_parter-1068x1550.jpg 1068w, http:\/\/lapidarium.fundacja-hereditas.pl\/wp-content\/uploads\/2023\/10\/D_Wymoczyl_Oleandrow_6_Hol_parter-1920x2786.jpg 1920w, http:\/\/lapidarium.fundacja-hereditas.pl\/wp-content\/uploads\/2023\/10\/D_Wymoczyl_Oleandrow_6_Hol_parter-scaled.jpg 1764w\" sizes=\"auto, (max-width: 706px) 100vw, 706px\" \/><\/a><figcaption class=\"wp-element-caption\">Klatka schodowa. Parter. W tle wyj\u015bcie na ty\u0142y budynku &#8211; na podw\u00f3rko. Fot. Daniel Wymoczy\u0142. 2023 r., \u017ar\u00f3d\u0142o: AOD IV.<\/figcaption><\/figure>\n\n\n\n<figure class=\"wp-block-image size-large\"><a href=\"http:\/\/lapidarium.fundacja-hereditas.pl\/wp-content\/uploads\/2023\/10\/Magdalena_Zaremba_Oleandrow_6_Klatka_Schodowa_Parter-scaled.jpg\"><img loading=\"lazy\" decoding=\"async\" width=\"744\" height=\"1024\" data-id=\"14594\" src=\"http:\/\/lapidarium.fundacja-hereditas.pl\/wp-content\/uploads\/2023\/10\/Magdalena_Zaremba_Oleandrow_6_Klatka_Schodowa_Parter-744x1024.jpg\" alt=\"\" class=\"wp-image-14594\" srcset=\"http:\/\/lapidarium.fundacja-hereditas.pl\/wp-content\/uploads\/2023\/10\/Magdalena_Zaremba_Oleandrow_6_Klatka_Schodowa_Parter-744x1024.jpg 744w, http:\/\/lapidarium.fundacja-hereditas.pl\/wp-content\/uploads\/2023\/10\/Magdalena_Zaremba_Oleandrow_6_Klatka_Schodowa_Parter-218x300.jpg 218w, http:\/\/lapidarium.fundacja-hereditas.pl\/wp-content\/uploads\/2023\/10\/Magdalena_Zaremba_Oleandrow_6_Klatka_Schodowa_Parter-768x1057.jpg 768w, http:\/\/lapidarium.fundacja-hereditas.pl\/wp-content\/uploads\/2023\/10\/Magdalena_Zaremba_Oleandrow_6_Klatka_Schodowa_Parter-1116x1536.jpg 1116w, http:\/\/lapidarium.fundacja-hereditas.pl\/wp-content\/uploads\/2023\/10\/Magdalena_Zaremba_Oleandrow_6_Klatka_Schodowa_Parter-1488x2048.jpg 1488w, http:\/\/lapidarium.fundacja-hereditas.pl\/wp-content\/uploads\/2023\/10\/Magdalena_Zaremba_Oleandrow_6_Klatka_Schodowa_Parter-150x207.jpg 150w, http:\/\/lapidarium.fundacja-hereditas.pl\/wp-content\/uploads\/2023\/10\/Magdalena_Zaremba_Oleandrow_6_Klatka_Schodowa_Parter-300x413.jpg 300w, http:\/\/lapidarium.fundacja-hereditas.pl\/wp-content\/uploads\/2023\/10\/Magdalena_Zaremba_Oleandrow_6_Klatka_Schodowa_Parter-696x958.jpg 696w, http:\/\/lapidarium.fundacja-hereditas.pl\/wp-content\/uploads\/2023\/10\/Magdalena_Zaremba_Oleandrow_6_Klatka_Schodowa_Parter-1068x1470.jpg 1068w, http:\/\/lapidarium.fundacja-hereditas.pl\/wp-content\/uploads\/2023\/10\/Magdalena_Zaremba_Oleandrow_6_Klatka_Schodowa_Parter-1920x2643.jpg 1920w, http:\/\/lapidarium.fundacja-hereditas.pl\/wp-content\/uploads\/2023\/10\/Magdalena_Zaremba_Oleandrow_6_Klatka_Schodowa_Parter-scaled.jpg 1859w\" sizes=\"auto, (max-width: 744px) 100vw, 744px\" \/><\/a><figcaption class=\"wp-element-caption\">Klatka schodowa. Parter. W tle tylne wyj\u015bcie &#8211; na podw\u00f3rko. Fot. Magdalena Zaremba. 2023 r., \u017ar\u00f3d\u0142o: AOD IV.<\/figcaption><\/figure>\n\n\n\n<figure class=\"wp-block-image size-large\"><a href=\"http:\/\/lapidarium.fundacja-hereditas.pl\/wp-content\/uploads\/2023\/10\/D_Wymoczyl_Oleandrow_6_Klatka_schodowa_parter-scaled.jpg\"><img loading=\"lazy\" decoding=\"async\" width=\"689\" height=\"1024\" data-id=\"14577\" src=\"http:\/\/lapidarium.fundacja-hereditas.pl\/wp-content\/uploads\/2023\/10\/D_Wymoczyl_Oleandrow_6_Klatka_schodowa_parter-689x1024.jpg\" alt=\"\" class=\"wp-image-14577\" srcset=\"http:\/\/lapidarium.fundacja-hereditas.pl\/wp-content\/uploads\/2023\/10\/D_Wymoczyl_Oleandrow_6_Klatka_schodowa_parter-689x1024.jpg 689w, http:\/\/lapidarium.fundacja-hereditas.pl\/wp-content\/uploads\/2023\/10\/D_Wymoczyl_Oleandrow_6_Klatka_schodowa_parter-202x300.jpg 202w, http:\/\/lapidarium.fundacja-hereditas.pl\/wp-content\/uploads\/2023\/10\/D_Wymoczyl_Oleandrow_6_Klatka_schodowa_parter-768x1141.jpg 768w, http:\/\/lapidarium.fundacja-hereditas.pl\/wp-content\/uploads\/2023\/10\/D_Wymoczyl_Oleandrow_6_Klatka_schodowa_parter-1034x1536.jpg 1034w, http:\/\/lapidarium.fundacja-hereditas.pl\/wp-content\/uploads\/2023\/10\/D_Wymoczyl_Oleandrow_6_Klatka_schodowa_parter-1378x2048.jpg 1378w, http:\/\/lapidarium.fundacja-hereditas.pl\/wp-content\/uploads\/2023\/10\/D_Wymoczyl_Oleandrow_6_Klatka_schodowa_parter-150x223.jpg 150w, http:\/\/lapidarium.fundacja-hereditas.pl\/wp-content\/uploads\/2023\/10\/D_Wymoczyl_Oleandrow_6_Klatka_schodowa_parter-300x446.jpg 300w, http:\/\/lapidarium.fundacja-hereditas.pl\/wp-content\/uploads\/2023\/10\/D_Wymoczyl_Oleandrow_6_Klatka_schodowa_parter-696x1034.jpg 696w, http:\/\/lapidarium.fundacja-hereditas.pl\/wp-content\/uploads\/2023\/10\/D_Wymoczyl_Oleandrow_6_Klatka_schodowa_parter-1068x1587.jpg 1068w, http:\/\/lapidarium.fundacja-hereditas.pl\/wp-content\/uploads\/2023\/10\/D_Wymoczyl_Oleandrow_6_Klatka_schodowa_parter-1920x2853.jpg 1920w, http:\/\/lapidarium.fundacja-hereditas.pl\/wp-content\/uploads\/2023\/10\/D_Wymoczyl_Oleandrow_6_Klatka_schodowa_parter-scaled.jpg 1723w\" sizes=\"auto, (max-width: 689px) 100vw, 689px\" \/><\/a><figcaption class=\"wp-element-caption\">Klatka schodowa. Parter. Fot. Daniel Wymoczy\u0142. 2023 r., \u017ar\u00f3d\u0142o: AOD IV.<\/figcaption><\/figure>\n\n\n\n<figure class=\"wp-block-image size-large\"><a href=\"http:\/\/lapidarium.fundacja-hereditas.pl\/wp-content\/uploads\/2023\/10\/Magdalena_Zaremba_Oleandrow_6_Klatka_Schodowa_Kondygnacja_3_Balustrada_Pochwyty_2-scaled.jpg\"><img loading=\"lazy\" decoding=\"async\" width=\"760\" height=\"1024\" data-id=\"14589\" src=\"http:\/\/lapidarium.fundacja-hereditas.pl\/wp-content\/uploads\/2023\/10\/Magdalena_Zaremba_Oleandrow_6_Klatka_Schodowa_Kondygnacja_3_Balustrada_Pochwyty_2-760x1024.jpg\" alt=\"\" class=\"wp-image-14589\" srcset=\"http:\/\/lapidarium.fundacja-hereditas.pl\/wp-content\/uploads\/2023\/10\/Magdalena_Zaremba_Oleandrow_6_Klatka_Schodowa_Kondygnacja_3_Balustrada_Pochwyty_2-760x1024.jpg 760w, http:\/\/lapidarium.fundacja-hereditas.pl\/wp-content\/uploads\/2023\/10\/Magdalena_Zaremba_Oleandrow_6_Klatka_Schodowa_Kondygnacja_3_Balustrada_Pochwyty_2-223x300.jpg 223w, http:\/\/lapidarium.fundacja-hereditas.pl\/wp-content\/uploads\/2023\/10\/Magdalena_Zaremba_Oleandrow_6_Klatka_Schodowa_Kondygnacja_3_Balustrada_Pochwyty_2-768x1035.jpg 768w, http:\/\/lapidarium.fundacja-hereditas.pl\/wp-content\/uploads\/2023\/10\/Magdalena_Zaremba_Oleandrow_6_Klatka_Schodowa_Kondygnacja_3_Balustrada_Pochwyty_2-1140x1536.jpg 1140w, http:\/\/lapidarium.fundacja-hereditas.pl\/wp-content\/uploads\/2023\/10\/Magdalena_Zaremba_Oleandrow_6_Klatka_Schodowa_Kondygnacja_3_Balustrada_Pochwyty_2-1520x2048.jpg 1520w, http:\/\/lapidarium.fundacja-hereditas.pl\/wp-content\/uploads\/2023\/10\/Magdalena_Zaremba_Oleandrow_6_Klatka_Schodowa_Kondygnacja_3_Balustrada_Pochwyty_2-150x202.jpg 150w, http:\/\/lapidarium.fundacja-hereditas.pl\/wp-content\/uploads\/2023\/10\/Magdalena_Zaremba_Oleandrow_6_Klatka_Schodowa_Kondygnacja_3_Balustrada_Pochwyty_2-300x404.jpg 300w, http:\/\/lapidarium.fundacja-hereditas.pl\/wp-content\/uploads\/2023\/10\/Magdalena_Zaremba_Oleandrow_6_Klatka_Schodowa_Kondygnacja_3_Balustrada_Pochwyty_2-696x938.jpg 696w, http:\/\/lapidarium.fundacja-hereditas.pl\/wp-content\/uploads\/2023\/10\/Magdalena_Zaremba_Oleandrow_6_Klatka_Schodowa_Kondygnacja_3_Balustrada_Pochwyty_2-1068x1439.jpg 1068w, http:\/\/lapidarium.fundacja-hereditas.pl\/wp-content\/uploads\/2023\/10\/Magdalena_Zaremba_Oleandrow_6_Klatka_Schodowa_Kondygnacja_3_Balustrada_Pochwyty_2-1920x2586.jpg 1920w, http:\/\/lapidarium.fundacja-hereditas.pl\/wp-content\/uploads\/2023\/10\/Magdalena_Zaremba_Oleandrow_6_Klatka_Schodowa_Kondygnacja_3_Balustrada_Pochwyty_2-scaled.jpg 1900w\" sizes=\"auto, (max-width: 760px) 100vw, 760px\" \/><\/a><figcaption class=\"wp-element-caption\">Klatka schodowa. Pi\u0119tro II-gie. Balustrada. Fot. Magdalena Zaremba. 2023 r., \u017ar\u00f3d\u0142o: AOD IV.<\/figcaption><\/figure>\n\n\n\n<figure class=\"wp-block-image size-large\"><a href=\"http:\/\/lapidarium.fundacja-hereditas.pl\/wp-content\/uploads\/2023\/10\/Magdalena_Zaremba_Oleandrow_6_Klatka_Schodowa_Kondygnacja_1_Rzut-scaled.jpg\"><img loading=\"lazy\" decoding=\"async\" width=\"1024\" height=\"805\" data-id=\"14586\" src=\"http:\/\/lapidarium.fundacja-hereditas.pl\/wp-content\/uploads\/2023\/10\/Magdalena_Zaremba_Oleandrow_6_Klatka_Schodowa_Kondygnacja_1_Rzut-1024x805.jpg\" alt=\"\" class=\"wp-image-14586\" srcset=\"http:\/\/lapidarium.fundacja-hereditas.pl\/wp-content\/uploads\/2023\/10\/Magdalena_Zaremba_Oleandrow_6_Klatka_Schodowa_Kondygnacja_1_Rzut-1024x805.jpg 1024w, http:\/\/lapidarium.fundacja-hereditas.pl\/wp-content\/uploads\/2023\/10\/Magdalena_Zaremba_Oleandrow_6_Klatka_Schodowa_Kondygnacja_1_Rzut-300x236.jpg 300w, http:\/\/lapidarium.fundacja-hereditas.pl\/wp-content\/uploads\/2023\/10\/Magdalena_Zaremba_Oleandrow_6_Klatka_Schodowa_Kondygnacja_1_Rzut-768x604.jpg 768w, http:\/\/lapidarium.fundacja-hereditas.pl\/wp-content\/uploads\/2023\/10\/Magdalena_Zaremba_Oleandrow_6_Klatka_Schodowa_Kondygnacja_1_Rzut-1536x1208.jpg 1536w, http:\/\/lapidarium.fundacja-hereditas.pl\/wp-content\/uploads\/2023\/10\/Magdalena_Zaremba_Oleandrow_6_Klatka_Schodowa_Kondygnacja_1_Rzut-2048x1610.jpg 2048w, http:\/\/lapidarium.fundacja-hereditas.pl\/wp-content\/uploads\/2023\/10\/Magdalena_Zaremba_Oleandrow_6_Klatka_Schodowa_Kondygnacja_1_Rzut-150x118.jpg 150w, http:\/\/lapidarium.fundacja-hereditas.pl\/wp-content\/uploads\/2023\/10\/Magdalena_Zaremba_Oleandrow_6_Klatka_Schodowa_Kondygnacja_1_Rzut-696x547.jpg 696w, http:\/\/lapidarium.fundacja-hereditas.pl\/wp-content\/uploads\/2023\/10\/Magdalena_Zaremba_Oleandrow_6_Klatka_Schodowa_Kondygnacja_1_Rzut-1068x840.jpg 1068w, http:\/\/lapidarium.fundacja-hereditas.pl\/wp-content\/uploads\/2023\/10\/Magdalena_Zaremba_Oleandrow_6_Klatka_Schodowa_Kondygnacja_1_Rzut-1920x1510.jpg 1920w\" sizes=\"auto, (max-width: 1024px) 100vw, 1024px\" \/><\/a><figcaption class=\"wp-element-caption\">Klatka schodowa. Dusza schod\u00f3w. Fot. Magdalena Zaremba. 2023 r., \u017ar\u00f3d\u0142o: AOD IV.<\/figcaption><\/figure>\n\n\n\n<figure class=\"wp-block-image size-large\"><a href=\"http:\/\/lapidarium.fundacja-hereditas.pl\/wp-content\/uploads\/2023\/10\/Magdalena_Zaremba_Oleandrow_6_Klatka_Schodowa_Kondygnacja_2_Lawka-scaled.jpg\"><img loading=\"lazy\" decoding=\"async\" width=\"1024\" height=\"771\" data-id=\"14587\" src=\"http:\/\/lapidarium.fundacja-hereditas.pl\/wp-content\/uploads\/2023\/10\/Magdalena_Zaremba_Oleandrow_6_Klatka_Schodowa_Kondygnacja_2_Lawka-1024x771.jpg\" alt=\"\" class=\"wp-image-14587\" srcset=\"http:\/\/lapidarium.fundacja-hereditas.pl\/wp-content\/uploads\/2023\/10\/Magdalena_Zaremba_Oleandrow_6_Klatka_Schodowa_Kondygnacja_2_Lawka-1024x771.jpg 1024w, http:\/\/lapidarium.fundacja-hereditas.pl\/wp-content\/uploads\/2023\/10\/Magdalena_Zaremba_Oleandrow_6_Klatka_Schodowa_Kondygnacja_2_Lawka-300x226.jpg 300w, http:\/\/lapidarium.fundacja-hereditas.pl\/wp-content\/uploads\/2023\/10\/Magdalena_Zaremba_Oleandrow_6_Klatka_Schodowa_Kondygnacja_2_Lawka-768x578.jpg 768w, http:\/\/lapidarium.fundacja-hereditas.pl\/wp-content\/uploads\/2023\/10\/Magdalena_Zaremba_Oleandrow_6_Klatka_Schodowa_Kondygnacja_2_Lawka-1536x1156.jpg 1536w, http:\/\/lapidarium.fundacja-hereditas.pl\/wp-content\/uploads\/2023\/10\/Magdalena_Zaremba_Oleandrow_6_Klatka_Schodowa_Kondygnacja_2_Lawka-2048x1542.jpg 2048w, http:\/\/lapidarium.fundacja-hereditas.pl\/wp-content\/uploads\/2023\/10\/Magdalena_Zaremba_Oleandrow_6_Klatka_Schodowa_Kondygnacja_2_Lawka-150x113.jpg 150w, http:\/\/lapidarium.fundacja-hereditas.pl\/wp-content\/uploads\/2023\/10\/Magdalena_Zaremba_Oleandrow_6_Klatka_Schodowa_Kondygnacja_2_Lawka-696x524.jpg 696w, http:\/\/lapidarium.fundacja-hereditas.pl\/wp-content\/uploads\/2023\/10\/Magdalena_Zaremba_Oleandrow_6_Klatka_Schodowa_Kondygnacja_2_Lawka-1068x804.jpg 1068w, http:\/\/lapidarium.fundacja-hereditas.pl\/wp-content\/uploads\/2023\/10\/Magdalena_Zaremba_Oleandrow_6_Klatka_Schodowa_Kondygnacja_2_Lawka-1920x1445.jpg 1920w\" sizes=\"auto, (max-width: 1024px) 100vw, 1024px\" \/><\/a><figcaption class=\"wp-element-caption\">Klatka schodowa. Pi\u0119tro I-sze. \u0141awka. Fot. Magdalena Zaremba. 2023 r., \u017ar\u00f3d\u0142o: AOD IV.<\/figcaption><\/figure>\n\n\n\n<figure class=\"wp-block-image size-large\"><a href=\"http:\/\/lapidarium.fundacja-hereditas.pl\/wp-content\/uploads\/2023\/10\/D_Wymoczyl_Oleandrow_6_Klatka_schodowa_pietro_I-scaled.jpg\"><img loading=\"lazy\" decoding=\"async\" width=\"724\" height=\"1024\" data-id=\"14578\" src=\"http:\/\/lapidarium.fundacja-hereditas.pl\/wp-content\/uploads\/2023\/10\/D_Wymoczyl_Oleandrow_6_Klatka_schodowa_pietro_I-724x1024.jpg\" alt=\"\" class=\"wp-image-14578\" srcset=\"http:\/\/lapidarium.fundacja-hereditas.pl\/wp-content\/uploads\/2023\/10\/D_Wymoczyl_Oleandrow_6_Klatka_schodowa_pietro_I-724x1024.jpg 724w, http:\/\/lapidarium.fundacja-hereditas.pl\/wp-content\/uploads\/2023\/10\/D_Wymoczyl_Oleandrow_6_Klatka_schodowa_pietro_I-212x300.jpg 212w, http:\/\/lapidarium.fundacja-hereditas.pl\/wp-content\/uploads\/2023\/10\/D_Wymoczyl_Oleandrow_6_Klatka_schodowa_pietro_I-768x1086.jpg 768w, http:\/\/lapidarium.fundacja-hereditas.pl\/wp-content\/uploads\/2023\/10\/D_Wymoczyl_Oleandrow_6_Klatka_schodowa_pietro_I-1087x1536.jpg 1087w, http:\/\/lapidarium.fundacja-hereditas.pl\/wp-content\/uploads\/2023\/10\/D_Wymoczyl_Oleandrow_6_Klatka_schodowa_pietro_I-1449x2048.jpg 1449w, http:\/\/lapidarium.fundacja-hereditas.pl\/wp-content\/uploads\/2023\/10\/D_Wymoczyl_Oleandrow_6_Klatka_schodowa_pietro_I-150x212.jpg 150w, http:\/\/lapidarium.fundacja-hereditas.pl\/wp-content\/uploads\/2023\/10\/D_Wymoczyl_Oleandrow_6_Klatka_schodowa_pietro_I-300x424.jpg 300w, http:\/\/lapidarium.fundacja-hereditas.pl\/wp-content\/uploads\/2023\/10\/D_Wymoczyl_Oleandrow_6_Klatka_schodowa_pietro_I-696x984.jpg 696w, http:\/\/lapidarium.fundacja-hereditas.pl\/wp-content\/uploads\/2023\/10\/D_Wymoczyl_Oleandrow_6_Klatka_schodowa_pietro_I-1068x1510.jpg 1068w, http:\/\/lapidarium.fundacja-hereditas.pl\/wp-content\/uploads\/2023\/10\/D_Wymoczyl_Oleandrow_6_Klatka_schodowa_pietro_I-1920x2714.jpg 1920w, http:\/\/lapidarium.fundacja-hereditas.pl\/wp-content\/uploads\/2023\/10\/D_Wymoczyl_Oleandrow_6_Klatka_schodowa_pietro_I-scaled.jpg 1811w\" sizes=\"auto, (max-width: 724px) 100vw, 724px\" \/><\/a><figcaption class=\"wp-element-caption\">Klatka schodowa. Pi\u0119tro I-sze. \u0141awka. Fot. Daniel Wymoczy\u0142. 2023 r., \u017ar\u00f3d\u0142o: AOD IV.<\/figcaption><\/figure>\n\n\n\n<figure class=\"wp-block-image size-large\"><a href=\"http:\/\/lapidarium.fundacja-hereditas.pl\/wp-content\/uploads\/2023\/10\/Magdalena_Zaremba_Oleandrow_6_Strona_Polnocna_Drzwi_Tylne_Portal-scaled.jpg\"><img loading=\"lazy\" decoding=\"async\" width=\"758\" height=\"1024\" data-id=\"14599\" src=\"http:\/\/lapidarium.fundacja-hereditas.pl\/wp-content\/uploads\/2023\/10\/Magdalena_Zaremba_Oleandrow_6_Strona_Polnocna_Drzwi_Tylne_Portal-758x1024.jpg\" alt=\"\" class=\"wp-image-14599\" srcset=\"http:\/\/lapidarium.fundacja-hereditas.pl\/wp-content\/uploads\/2023\/10\/Magdalena_Zaremba_Oleandrow_6_Strona_Polnocna_Drzwi_Tylne_Portal-758x1024.jpg 758w, http:\/\/lapidarium.fundacja-hereditas.pl\/wp-content\/uploads\/2023\/10\/Magdalena_Zaremba_Oleandrow_6_Strona_Polnocna_Drzwi_Tylne_Portal-222x300.jpg 222w, http:\/\/lapidarium.fundacja-hereditas.pl\/wp-content\/uploads\/2023\/10\/Magdalena_Zaremba_Oleandrow_6_Strona_Polnocna_Drzwi_Tylne_Portal-768x1037.jpg 768w, http:\/\/lapidarium.fundacja-hereditas.pl\/wp-content\/uploads\/2023\/10\/Magdalena_Zaremba_Oleandrow_6_Strona_Polnocna_Drzwi_Tylne_Portal-1138x1536.jpg 1138w, http:\/\/lapidarium.fundacja-hereditas.pl\/wp-content\/uploads\/2023\/10\/Magdalena_Zaremba_Oleandrow_6_Strona_Polnocna_Drzwi_Tylne_Portal-1517x2048.jpg 1517w, http:\/\/lapidarium.fundacja-hereditas.pl\/wp-content\/uploads\/2023\/10\/Magdalena_Zaremba_Oleandrow_6_Strona_Polnocna_Drzwi_Tylne_Portal-150x203.jpg 150w, http:\/\/lapidarium.fundacja-hereditas.pl\/wp-content\/uploads\/2023\/10\/Magdalena_Zaremba_Oleandrow_6_Strona_Polnocna_Drzwi_Tylne_Portal-300x405.jpg 300w, http:\/\/lapidarium.fundacja-hereditas.pl\/wp-content\/uploads\/2023\/10\/Magdalena_Zaremba_Oleandrow_6_Strona_Polnocna_Drzwi_Tylne_Portal-696x940.jpg 696w, http:\/\/lapidarium.fundacja-hereditas.pl\/wp-content\/uploads\/2023\/10\/Magdalena_Zaremba_Oleandrow_6_Strona_Polnocna_Drzwi_Tylne_Portal-1068x1442.jpg 1068w, http:\/\/lapidarium.fundacja-hereditas.pl\/wp-content\/uploads\/2023\/10\/Magdalena_Zaremba_Oleandrow_6_Strona_Polnocna_Drzwi_Tylne_Portal-1920x2592.jpg 1920w, http:\/\/lapidarium.fundacja-hereditas.pl\/wp-content\/uploads\/2023\/10\/Magdalena_Zaremba_Oleandrow_6_Strona_Polnocna_Drzwi_Tylne_Portal-scaled.jpg 1896w\" sizes=\"auto, (max-width: 758px) 100vw, 758px\" \/><\/a><figcaption class=\"wp-element-caption\">Tylne drzwi. Widok od podw\u00f3rza (od p\u00f3\u0142nocy). Fot. Magdalena Zaremba. 2023 r., \u017ar\u00f3d\u0142o: AOD IV.<\/figcaption><\/figure>\n\n\n\n<figure class=\"wp-block-image size-large\"><a href=\"http:\/\/lapidarium.fundacja-hereditas.pl\/wp-content\/uploads\/2023\/10\/Magdalena_Zaremba_Oleandrow_6_Klatka_Schodowa_Kondygnacja_1_Balustrada_Slup-scaled.jpg\"><img loading=\"lazy\" decoding=\"async\" width=\"777\" height=\"1024\" data-id=\"14585\" src=\"http:\/\/lapidarium.fundacja-hereditas.pl\/wp-content\/uploads\/2023\/10\/Magdalena_Zaremba_Oleandrow_6_Klatka_Schodowa_Kondygnacja_1_Balustrada_Slup-777x1024.jpg\" alt=\"\" class=\"wp-image-14585\" srcset=\"http:\/\/lapidarium.fundacja-hereditas.pl\/wp-content\/uploads\/2023\/10\/Magdalena_Zaremba_Oleandrow_6_Klatka_Schodowa_Kondygnacja_1_Balustrada_Slup-777x1024.jpg 777w, http:\/\/lapidarium.fundacja-hereditas.pl\/wp-content\/uploads\/2023\/10\/Magdalena_Zaremba_Oleandrow_6_Klatka_Schodowa_Kondygnacja_1_Balustrada_Slup-228x300.jpg 228w, http:\/\/lapidarium.fundacja-hereditas.pl\/wp-content\/uploads\/2023\/10\/Magdalena_Zaremba_Oleandrow_6_Klatka_Schodowa_Kondygnacja_1_Balustrada_Slup-768x1012.jpg 768w, http:\/\/lapidarium.fundacja-hereditas.pl\/wp-content\/uploads\/2023\/10\/Magdalena_Zaremba_Oleandrow_6_Klatka_Schodowa_Kondygnacja_1_Balustrada_Slup-1166x1536.jpg 1166w, http:\/\/lapidarium.fundacja-hereditas.pl\/wp-content\/uploads\/2023\/10\/Magdalena_Zaremba_Oleandrow_6_Klatka_Schodowa_Kondygnacja_1_Balustrada_Slup-1555x2048.jpg 1555w, http:\/\/lapidarium.fundacja-hereditas.pl\/wp-content\/uploads\/2023\/10\/Magdalena_Zaremba_Oleandrow_6_Klatka_Schodowa_Kondygnacja_1_Balustrada_Slup-150x198.jpg 150w, http:\/\/lapidarium.fundacja-hereditas.pl\/wp-content\/uploads\/2023\/10\/Magdalena_Zaremba_Oleandrow_6_Klatka_Schodowa_Kondygnacja_1_Balustrada_Slup-300x395.jpg 300w, http:\/\/lapidarium.fundacja-hereditas.pl\/wp-content\/uploads\/2023\/10\/Magdalena_Zaremba_Oleandrow_6_Klatka_Schodowa_Kondygnacja_1_Balustrada_Slup-696x917.jpg 696w, http:\/\/lapidarium.fundacja-hereditas.pl\/wp-content\/uploads\/2023\/10\/Magdalena_Zaremba_Oleandrow_6_Klatka_Schodowa_Kondygnacja_1_Balustrada_Slup-1068x1407.jpg 1068w, http:\/\/lapidarium.fundacja-hereditas.pl\/wp-content\/uploads\/2023\/10\/Magdalena_Zaremba_Oleandrow_6_Klatka_Schodowa_Kondygnacja_1_Balustrada_Slup-1920x2529.jpg 1920w, http:\/\/lapidarium.fundacja-hereditas.pl\/wp-content\/uploads\/2023\/10\/Magdalena_Zaremba_Oleandrow_6_Klatka_Schodowa_Kondygnacja_1_Balustrada_Slup-scaled.jpg 1943w\" sizes=\"auto, (max-width: 777px) 100vw, 777px\" \/><\/a><figcaption class=\"wp-element-caption\">Klatka schodowa. Pi\u0119tro I-sze. \u0141awka. Fot. Magdalena Zaremba. 2023 r., \u017ar\u00f3d\u0142o: AOD IV.<\/figcaption><\/figure>\n\n\n\n<figure class=\"wp-block-image size-large\"><a href=\"http:\/\/lapidarium.fundacja-hereditas.pl\/wp-content\/uploads\/2023\/10\/Magdalena_Zaremba_Oleandrow_6_Klatka_Schodowa_Glowna_Rzut_Perspektywa_Zabia-scaled.jpg\"><img loading=\"lazy\" decoding=\"async\" width=\"777\" height=\"1024\" data-id=\"14584\" src=\"http:\/\/lapidarium.fundacja-hereditas.pl\/wp-content\/uploads\/2023\/10\/Magdalena_Zaremba_Oleandrow_6_Klatka_Schodowa_Glowna_Rzut_Perspektywa_Zabia-777x1024.jpg\" alt=\"\" class=\"wp-image-14584\" srcset=\"http:\/\/lapidarium.fundacja-hereditas.pl\/wp-content\/uploads\/2023\/10\/Magdalena_Zaremba_Oleandrow_6_Klatka_Schodowa_Glowna_Rzut_Perspektywa_Zabia-777x1024.jpg 777w, http:\/\/lapidarium.fundacja-hereditas.pl\/wp-content\/uploads\/2023\/10\/Magdalena_Zaremba_Oleandrow_6_Klatka_Schodowa_Glowna_Rzut_Perspektywa_Zabia-228x300.jpg 228w, http:\/\/lapidarium.fundacja-hereditas.pl\/wp-content\/uploads\/2023\/10\/Magdalena_Zaremba_Oleandrow_6_Klatka_Schodowa_Glowna_Rzut_Perspektywa_Zabia-768x1012.jpg 768w, http:\/\/lapidarium.fundacja-hereditas.pl\/wp-content\/uploads\/2023\/10\/Magdalena_Zaremba_Oleandrow_6_Klatka_Schodowa_Glowna_Rzut_Perspektywa_Zabia-1166x1536.jpg 1166w, http:\/\/lapidarium.fundacja-hereditas.pl\/wp-content\/uploads\/2023\/10\/Magdalena_Zaremba_Oleandrow_6_Klatka_Schodowa_Glowna_Rzut_Perspektywa_Zabia-1555x2048.jpg 1555w, http:\/\/lapidarium.fundacja-hereditas.pl\/wp-content\/uploads\/2023\/10\/Magdalena_Zaremba_Oleandrow_6_Klatka_Schodowa_Glowna_Rzut_Perspektywa_Zabia-150x198.jpg 150w, http:\/\/lapidarium.fundacja-hereditas.pl\/wp-content\/uploads\/2023\/10\/Magdalena_Zaremba_Oleandrow_6_Klatka_Schodowa_Glowna_Rzut_Perspektywa_Zabia-300x395.jpg 300w, http:\/\/lapidarium.fundacja-hereditas.pl\/wp-content\/uploads\/2023\/10\/Magdalena_Zaremba_Oleandrow_6_Klatka_Schodowa_Glowna_Rzut_Perspektywa_Zabia-696x917.jpg 696w, http:\/\/lapidarium.fundacja-hereditas.pl\/wp-content\/uploads\/2023\/10\/Magdalena_Zaremba_Oleandrow_6_Klatka_Schodowa_Glowna_Rzut_Perspektywa_Zabia-1068x1407.jpg 1068w, http:\/\/lapidarium.fundacja-hereditas.pl\/wp-content\/uploads\/2023\/10\/Magdalena_Zaremba_Oleandrow_6_Klatka_Schodowa_Glowna_Rzut_Perspektywa_Zabia-1920x2529.jpg 1920w, http:\/\/lapidarium.fundacja-hereditas.pl\/wp-content\/uploads\/2023\/10\/Magdalena_Zaremba_Oleandrow_6_Klatka_Schodowa_Glowna_Rzut_Perspektywa_Zabia-scaled.jpg 1943w\" sizes=\"auto, (max-width: 777px) 100vw, 777px\" \/><\/a><figcaption class=\"wp-element-caption\">Klatka schodowa. Dusza schod\u00f3w. Fot. Magdalena Zaremba. 2023 r., \u017ar\u00f3d\u0142o: AOD IV.<\/figcaption><\/figure>\n\n\n\n<figure class=\"wp-block-image size-large\"><a href=\"http:\/\/lapidarium.fundacja-hereditas.pl\/wp-content\/uploads\/2023\/10\/D_Wymoczyl_Oleandrow_6_Klatka_schodowa-scaled.jpg\"><img loading=\"lazy\" decoding=\"async\" width=\"719\" height=\"1024\" data-id=\"14576\" src=\"http:\/\/lapidarium.fundacja-hereditas.pl\/wp-content\/uploads\/2023\/10\/D_Wymoczyl_Oleandrow_6_Klatka_schodowa-719x1024.jpg\" alt=\"\" class=\"wp-image-14576\" srcset=\"http:\/\/lapidarium.fundacja-hereditas.pl\/wp-content\/uploads\/2023\/10\/D_Wymoczyl_Oleandrow_6_Klatka_schodowa-719x1024.jpg 719w, http:\/\/lapidarium.fundacja-hereditas.pl\/wp-content\/uploads\/2023\/10\/D_Wymoczyl_Oleandrow_6_Klatka_schodowa-211x300.jpg 211w, http:\/\/lapidarium.fundacja-hereditas.pl\/wp-content\/uploads\/2023\/10\/D_Wymoczyl_Oleandrow_6_Klatka_schodowa-768x1093.jpg 768w, http:\/\/lapidarium.fundacja-hereditas.pl\/wp-content\/uploads\/2023\/10\/D_Wymoczyl_Oleandrow_6_Klatka_schodowa-1079x1536.jpg 1079w, http:\/\/lapidarium.fundacja-hereditas.pl\/wp-content\/uploads\/2023\/10\/D_Wymoczyl_Oleandrow_6_Klatka_schodowa-1438x2048.jpg 1438w, http:\/\/lapidarium.fundacja-hereditas.pl\/wp-content\/uploads\/2023\/10\/D_Wymoczyl_Oleandrow_6_Klatka_schodowa-150x214.jpg 150w, http:\/\/lapidarium.fundacja-hereditas.pl\/wp-content\/uploads\/2023\/10\/D_Wymoczyl_Oleandrow_6_Klatka_schodowa-300x427.jpg 300w, http:\/\/lapidarium.fundacja-hereditas.pl\/wp-content\/uploads\/2023\/10\/D_Wymoczyl_Oleandrow_6_Klatka_schodowa-696x991.jpg 696w, http:\/\/lapidarium.fundacja-hereditas.pl\/wp-content\/uploads\/2023\/10\/D_Wymoczyl_Oleandrow_6_Klatka_schodowa-1068x1521.jpg 1068w, http:\/\/lapidarium.fundacja-hereditas.pl\/wp-content\/uploads\/2023\/10\/D_Wymoczyl_Oleandrow_6_Klatka_schodowa-1920x2734.jpg 1920w, http:\/\/lapidarium.fundacja-hereditas.pl\/wp-content\/uploads\/2023\/10\/D_Wymoczyl_Oleandrow_6_Klatka_schodowa-scaled.jpg 1798w\" sizes=\"auto, (max-width: 719px) 100vw, 719px\" \/><\/a><figcaption class=\"wp-element-caption\">Klatka schodowa. Dusza schod\u00f3w. Fot. Daniel Wymoczy\u0142. 2023 r., \u017ar\u00f3d\u0142o: AOD IV.<\/figcaption><\/figure>\n\n\n\n<figure class=\"wp-block-image size-large\"><a href=\"http:\/\/lapidarium.fundacja-hereditas.pl\/wp-content\/uploads\/2023\/10\/Magdalena_Zaremba_Oleandrow_6_Klatka_Schodowa_Kondygnacja_3_Rzut_z_Gory-scaled.jpg\"><img loading=\"lazy\" decoding=\"async\" width=\"760\" height=\"1024\" data-id=\"14591\" src=\"http:\/\/lapidarium.fundacja-hereditas.pl\/wp-content\/uploads\/2023\/10\/Magdalena_Zaremba_Oleandrow_6_Klatka_Schodowa_Kondygnacja_3_Rzut_z_Gory-760x1024.jpg\" alt=\"\" class=\"wp-image-14591\" srcset=\"http:\/\/lapidarium.fundacja-hereditas.pl\/wp-content\/uploads\/2023\/10\/Magdalena_Zaremba_Oleandrow_6_Klatka_Schodowa_Kondygnacja_3_Rzut_z_Gory-760x1024.jpg 760w, http:\/\/lapidarium.fundacja-hereditas.pl\/wp-content\/uploads\/2023\/10\/Magdalena_Zaremba_Oleandrow_6_Klatka_Schodowa_Kondygnacja_3_Rzut_z_Gory-223x300.jpg 223w, http:\/\/lapidarium.fundacja-hereditas.pl\/wp-content\/uploads\/2023\/10\/Magdalena_Zaremba_Oleandrow_6_Klatka_Schodowa_Kondygnacja_3_Rzut_z_Gory-768x1035.jpg 768w, http:\/\/lapidarium.fundacja-hereditas.pl\/wp-content\/uploads\/2023\/10\/Magdalena_Zaremba_Oleandrow_6_Klatka_Schodowa_Kondygnacja_3_Rzut_z_Gory-1140x1536.jpg 1140w, http:\/\/lapidarium.fundacja-hereditas.pl\/wp-content\/uploads\/2023\/10\/Magdalena_Zaremba_Oleandrow_6_Klatka_Schodowa_Kondygnacja_3_Rzut_z_Gory-1520x2048.jpg 1520w, http:\/\/lapidarium.fundacja-hereditas.pl\/wp-content\/uploads\/2023\/10\/Magdalena_Zaremba_Oleandrow_6_Klatka_Schodowa_Kondygnacja_3_Rzut_z_Gory-150x202.jpg 150w, http:\/\/lapidarium.fundacja-hereditas.pl\/wp-content\/uploads\/2023\/10\/Magdalena_Zaremba_Oleandrow_6_Klatka_Schodowa_Kondygnacja_3_Rzut_z_Gory-300x404.jpg 300w, http:\/\/lapidarium.fundacja-hereditas.pl\/wp-content\/uploads\/2023\/10\/Magdalena_Zaremba_Oleandrow_6_Klatka_Schodowa_Kondygnacja_3_Rzut_z_Gory-696x938.jpg 696w, http:\/\/lapidarium.fundacja-hereditas.pl\/wp-content\/uploads\/2023\/10\/Magdalena_Zaremba_Oleandrow_6_Klatka_Schodowa_Kondygnacja_3_Rzut_z_Gory-1068x1439.jpg 1068w, http:\/\/lapidarium.fundacja-hereditas.pl\/wp-content\/uploads\/2023\/10\/Magdalena_Zaremba_Oleandrow_6_Klatka_Schodowa_Kondygnacja_3_Rzut_z_Gory-1920x2586.jpg 1920w, http:\/\/lapidarium.fundacja-hereditas.pl\/wp-content\/uploads\/2023\/10\/Magdalena_Zaremba_Oleandrow_6_Klatka_Schodowa_Kondygnacja_3_Rzut_z_Gory-scaled.jpg 1900w\" sizes=\"auto, (max-width: 760px) 100vw, 760px\" \/><\/a><figcaption class=\"wp-element-caption\">Klatka schodowa. Dusza schod\u00f3w. Fot. Magdalena Zaremba. 2023 r., \u017ar\u00f3d\u0142o: AOD IV.<\/figcaption><\/figure>\n\n\n\n<figure class=\"wp-block-image size-large\"><a href=\"http:\/\/lapidarium.fundacja-hereditas.pl\/wp-content\/uploads\/2023\/10\/Magdalena_Zaremba_Oleandrow_6_Klatka_Schodowa_Kondygnacja_3_Balustrada_Pochwyty_2-5-scaled-e1698275527523.jpg\"><img loading=\"lazy\" decoding=\"async\" width=\"1024\" height=\"777\" data-id=\"14588\" src=\"http:\/\/lapidarium.fundacja-hereditas.pl\/wp-content\/uploads\/2023\/10\/Magdalena_Zaremba_Oleandrow_6_Klatka_Schodowa_Kondygnacja_3_Balustrada_Pochwyty_2-5-scaled-e1698275527523-1024x777.jpg\" alt=\"\" class=\"wp-image-14588\" srcset=\"http:\/\/lapidarium.fundacja-hereditas.pl\/wp-content\/uploads\/2023\/10\/Magdalena_Zaremba_Oleandrow_6_Klatka_Schodowa_Kondygnacja_3_Balustrada_Pochwyty_2-5-scaled-e1698275527523-1024x777.jpg 1024w, http:\/\/lapidarium.fundacja-hereditas.pl\/wp-content\/uploads\/2023\/10\/Magdalena_Zaremba_Oleandrow_6_Klatka_Schodowa_Kondygnacja_3_Balustrada_Pochwyty_2-5-scaled-e1698275527523-300x228.jpg 300w, http:\/\/lapidarium.fundacja-hereditas.pl\/wp-content\/uploads\/2023\/10\/Magdalena_Zaremba_Oleandrow_6_Klatka_Schodowa_Kondygnacja_3_Balustrada_Pochwyty_2-5-scaled-e1698275527523-768x583.jpg 768w, http:\/\/lapidarium.fundacja-hereditas.pl\/wp-content\/uploads\/2023\/10\/Magdalena_Zaremba_Oleandrow_6_Klatka_Schodowa_Kondygnacja_3_Balustrada_Pochwyty_2-5-scaled-e1698275527523-1536x1166.jpg 1536w, http:\/\/lapidarium.fundacja-hereditas.pl\/wp-content\/uploads\/2023\/10\/Magdalena_Zaremba_Oleandrow_6_Klatka_Schodowa_Kondygnacja_3_Balustrada_Pochwyty_2-5-scaled-e1698275527523-2048x1554.jpg 2048w, http:\/\/lapidarium.fundacja-hereditas.pl\/wp-content\/uploads\/2023\/10\/Magdalena_Zaremba_Oleandrow_6_Klatka_Schodowa_Kondygnacja_3_Balustrada_Pochwyty_2-5-scaled-e1698275527523-150x114.jpg 150w, http:\/\/lapidarium.fundacja-hereditas.pl\/wp-content\/uploads\/2023\/10\/Magdalena_Zaremba_Oleandrow_6_Klatka_Schodowa_Kondygnacja_3_Balustrada_Pochwyty_2-5-scaled-e1698275527523-696x528.jpg 696w, http:\/\/lapidarium.fundacja-hereditas.pl\/wp-content\/uploads\/2023\/10\/Magdalena_Zaremba_Oleandrow_6_Klatka_Schodowa_Kondygnacja_3_Balustrada_Pochwyty_2-5-scaled-e1698275527523-1068x811.jpg 1068w, http:\/\/lapidarium.fundacja-hereditas.pl\/wp-content\/uploads\/2023\/10\/Magdalena_Zaremba_Oleandrow_6_Klatka_Schodowa_Kondygnacja_3_Balustrada_Pochwyty_2-5-scaled-e1698275527523-1920x1457.jpg 1920w\" sizes=\"auto, (max-width: 1024px) 100vw, 1024px\" \/><\/a><figcaption class=\"wp-element-caption\">Klatka schodowa. Lastryko schod\u00f3w. Fot. Magdalena Zaremba. 2023 r., \u017ar\u00f3d\u0142o: AOD IV.<\/figcaption><\/figure>\n\n\n\n<figure class=\"wp-block-image size-large\"><a href=\"http:\/\/lapidarium.fundacja-hereditas.pl\/wp-content\/uploads\/2023\/10\/D_Wymoczyl_Oleandrow_6_Klatka_schodowa_polpietro-scaled.jpg\"><img loading=\"lazy\" decoding=\"async\" width=\"693\" height=\"1024\" data-id=\"14579\" src=\"http:\/\/lapidarium.fundacja-hereditas.pl\/wp-content\/uploads\/2023\/10\/D_Wymoczyl_Oleandrow_6_Klatka_schodowa_polpietro-693x1024.jpg\" alt=\"\" class=\"wp-image-14579\" srcset=\"http:\/\/lapidarium.fundacja-hereditas.pl\/wp-content\/uploads\/2023\/10\/D_Wymoczyl_Oleandrow_6_Klatka_schodowa_polpietro-693x1024.jpg 693w, http:\/\/lapidarium.fundacja-hereditas.pl\/wp-content\/uploads\/2023\/10\/D_Wymoczyl_Oleandrow_6_Klatka_schodowa_polpietro-203x300.jpg 203w, http:\/\/lapidarium.fundacja-hereditas.pl\/wp-content\/uploads\/2023\/10\/D_Wymoczyl_Oleandrow_6_Klatka_schodowa_polpietro-768x1136.jpg 768w, http:\/\/lapidarium.fundacja-hereditas.pl\/wp-content\/uploads\/2023\/10\/D_Wymoczyl_Oleandrow_6_Klatka_schodowa_polpietro-1039x1536.jpg 1039w, http:\/\/lapidarium.fundacja-hereditas.pl\/wp-content\/uploads\/2023\/10\/D_Wymoczyl_Oleandrow_6_Klatka_schodowa_polpietro-1385x2048.jpg 1385w, http:\/\/lapidarium.fundacja-hereditas.pl\/wp-content\/uploads\/2023\/10\/D_Wymoczyl_Oleandrow_6_Klatka_schodowa_polpietro-150x222.jpg 150w, http:\/\/lapidarium.fundacja-hereditas.pl\/wp-content\/uploads\/2023\/10\/D_Wymoczyl_Oleandrow_6_Klatka_schodowa_polpietro-300x444.jpg 300w, http:\/\/lapidarium.fundacja-hereditas.pl\/wp-content\/uploads\/2023\/10\/D_Wymoczyl_Oleandrow_6_Klatka_schodowa_polpietro-696x1029.jpg 696w, http:\/\/lapidarium.fundacja-hereditas.pl\/wp-content\/uploads\/2023\/10\/D_Wymoczyl_Oleandrow_6_Klatka_schodowa_polpietro-1068x1579.jpg 1068w, http:\/\/lapidarium.fundacja-hereditas.pl\/wp-content\/uploads\/2023\/10\/D_Wymoczyl_Oleandrow_6_Klatka_schodowa_polpietro-1920x2839.jpg 1920w, http:\/\/lapidarium.fundacja-hereditas.pl\/wp-content\/uploads\/2023\/10\/D_Wymoczyl_Oleandrow_6_Klatka_schodowa_polpietro-scaled.jpg 1731w\" sizes=\"auto, (max-width: 693px) 100vw, 693px\" \/><\/a><figcaption class=\"wp-element-caption\">Klatka schodowa &#8211; balustrada. Fot. Daniel Wymoczy\u0142. 2023 r., \u017ar\u00f3d\u0142o: AOD IV.<\/figcaption><\/figure>\n\n\n\n<figure class=\"wp-block-image size-large\"><a href=\"http:\/\/lapidarium.fundacja-hereditas.pl\/wp-content\/uploads\/2023\/10\/Magdalena_Zaremba_Oleandrow_6_Klatka_Schodowa_Kondygnacja_3_Otwory_Okienne-scaled.jpg\"><img loading=\"lazy\" decoding=\"async\" width=\"769\" height=\"1024\" data-id=\"14590\" src=\"http:\/\/lapidarium.fundacja-hereditas.pl\/wp-content\/uploads\/2023\/10\/Magdalena_Zaremba_Oleandrow_6_Klatka_Schodowa_Kondygnacja_3_Otwory_Okienne-769x1024.jpg\" alt=\"\" class=\"wp-image-14590\" srcset=\"http:\/\/lapidarium.fundacja-hereditas.pl\/wp-content\/uploads\/2023\/10\/Magdalena_Zaremba_Oleandrow_6_Klatka_Schodowa_Kondygnacja_3_Otwory_Okienne-769x1024.jpg 769w, http:\/\/lapidarium.fundacja-hereditas.pl\/wp-content\/uploads\/2023\/10\/Magdalena_Zaremba_Oleandrow_6_Klatka_Schodowa_Kondygnacja_3_Otwory_Okienne-225x300.jpg 225w, http:\/\/lapidarium.fundacja-hereditas.pl\/wp-content\/uploads\/2023\/10\/Magdalena_Zaremba_Oleandrow_6_Klatka_Schodowa_Kondygnacja_3_Otwory_Okienne-768x1023.jpg 768w, http:\/\/lapidarium.fundacja-hereditas.pl\/wp-content\/uploads\/2023\/10\/Magdalena_Zaremba_Oleandrow_6_Klatka_Schodowa_Kondygnacja_3_Otwory_Okienne-1153x1536.jpg 1153w, http:\/\/lapidarium.fundacja-hereditas.pl\/wp-content\/uploads\/2023\/10\/Magdalena_Zaremba_Oleandrow_6_Klatka_Schodowa_Kondygnacja_3_Otwory_Okienne-1537x2048.jpg 1537w, http:\/\/lapidarium.fundacja-hereditas.pl\/wp-content\/uploads\/2023\/10\/Magdalena_Zaremba_Oleandrow_6_Klatka_Schodowa_Kondygnacja_3_Otwory_Okienne-150x200.jpg 150w, http:\/\/lapidarium.fundacja-hereditas.pl\/wp-content\/uploads\/2023\/10\/Magdalena_Zaremba_Oleandrow_6_Klatka_Schodowa_Kondygnacja_3_Otwory_Okienne-300x400.jpg 300w, http:\/\/lapidarium.fundacja-hereditas.pl\/wp-content\/uploads\/2023\/10\/Magdalena_Zaremba_Oleandrow_6_Klatka_Schodowa_Kondygnacja_3_Otwory_Okienne-696x927.jpg 696w, http:\/\/lapidarium.fundacja-hereditas.pl\/wp-content\/uploads\/2023\/10\/Magdalena_Zaremba_Oleandrow_6_Klatka_Schodowa_Kondygnacja_3_Otwory_Okienne-1068x1423.jpg 1068w, http:\/\/lapidarium.fundacja-hereditas.pl\/wp-content\/uploads\/2023\/10\/Magdalena_Zaremba_Oleandrow_6_Klatka_Schodowa_Kondygnacja_3_Otwory_Okienne-1920x2558.jpg 1920w, http:\/\/lapidarium.fundacja-hereditas.pl\/wp-content\/uploads\/2023\/10\/Magdalena_Zaremba_Oleandrow_6_Klatka_Schodowa_Kondygnacja_3_Otwory_Okienne-scaled.jpg 1922w\" sizes=\"auto, (max-width: 769px) 100vw, 769px\" \/><\/a><figcaption class=\"wp-element-caption\">Klatka schodowa. Widok z ostatniego pi\u0119tra. Fot. Magdalena Zaremba. 2023 r., \u017ar\u00f3d\u0142o: AOD IV.<\/figcaption><\/figure>\n\n\n\n<figure class=\"wp-block-image size-large\"><a href=\"http:\/\/lapidarium.fundacja-hereditas.pl\/wp-content\/uploads\/2023\/10\/D_Wymoczyl_Oleandrow_6_elewacja_od_podworka_3-scaled.jpg\"><img loading=\"lazy\" decoding=\"async\" width=\"919\" height=\"1024\" data-id=\"14573\" src=\"http:\/\/lapidarium.fundacja-hereditas.pl\/wp-content\/uploads\/2023\/10\/D_Wymoczyl_Oleandrow_6_elewacja_od_podworka_3-919x1024.jpg\" alt=\"\" class=\"wp-image-14573\" srcset=\"http:\/\/lapidarium.fundacja-hereditas.pl\/wp-content\/uploads\/2023\/10\/D_Wymoczyl_Oleandrow_6_elewacja_od_podworka_3-919x1024.jpg 919w, http:\/\/lapidarium.fundacja-hereditas.pl\/wp-content\/uploads\/2023\/10\/D_Wymoczyl_Oleandrow_6_elewacja_od_podworka_3-269x300.jpg 269w, http:\/\/lapidarium.fundacja-hereditas.pl\/wp-content\/uploads\/2023\/10\/D_Wymoczyl_Oleandrow_6_elewacja_od_podworka_3-768x856.jpg 768w, http:\/\/lapidarium.fundacja-hereditas.pl\/wp-content\/uploads\/2023\/10\/D_Wymoczyl_Oleandrow_6_elewacja_od_podworka_3-1378x1536.jpg 1378w, http:\/\/lapidarium.fundacja-hereditas.pl\/wp-content\/uploads\/2023\/10\/D_Wymoczyl_Oleandrow_6_elewacja_od_podworka_3-1838x2048.jpg 1838w, http:\/\/lapidarium.fundacja-hereditas.pl\/wp-content\/uploads\/2023\/10\/D_Wymoczyl_Oleandrow_6_elewacja_od_podworka_3-150x167.jpg 150w, http:\/\/lapidarium.fundacja-hereditas.pl\/wp-content\/uploads\/2023\/10\/D_Wymoczyl_Oleandrow_6_elewacja_od_podworka_3-300x334.jpg 300w, http:\/\/lapidarium.fundacja-hereditas.pl\/wp-content\/uploads\/2023\/10\/D_Wymoczyl_Oleandrow_6_elewacja_od_podworka_3-696x776.jpg 696w, http:\/\/lapidarium.fundacja-hereditas.pl\/wp-content\/uploads\/2023\/10\/D_Wymoczyl_Oleandrow_6_elewacja_od_podworka_3-1068x1190.jpg 1068w, http:\/\/lapidarium.fundacja-hereditas.pl\/wp-content\/uploads\/2023\/10\/D_Wymoczyl_Oleandrow_6_elewacja_od_podworka_3-1920x2139.jpg 1920w\" sizes=\"auto, (max-width: 919px) 100vw, 919px\" \/><\/a><figcaption class=\"wp-element-caption\">Drzwi pod balkonem. Widok od podw\u00f3rza (od p\u00f3\u0142nocy). Zachodnia partia budynku. Fot. Daniel Wymoczy\u0142. 2023 r., \u017ar\u00f3d\u0142o: AOD IV.<\/figcaption><\/figure>\n\n\n\n<figure class=\"wp-block-image size-large\"><a href=\"http:\/\/lapidarium.fundacja-hereditas.pl\/wp-content\/uploads\/2023\/10\/Magdalena_Zaremba_Oleandrow_6_Klatka_Schodowa_Strona_Wschodnia_Portal_Drzwi_Nadswietle-scaled.jpg\"><img loading=\"lazy\" decoding=\"async\" width=\"772\" height=\"1024\" data-id=\"14596\" src=\"http:\/\/lapidarium.fundacja-hereditas.pl\/wp-content\/uploads\/2023\/10\/Magdalena_Zaremba_Oleandrow_6_Klatka_Schodowa_Strona_Wschodnia_Portal_Drzwi_Nadswietle-772x1024.jpg\" alt=\"\" class=\"wp-image-14596\" srcset=\"http:\/\/lapidarium.fundacja-hereditas.pl\/wp-content\/uploads\/2023\/10\/Magdalena_Zaremba_Oleandrow_6_Klatka_Schodowa_Strona_Wschodnia_Portal_Drzwi_Nadswietle-772x1024.jpg 772w, http:\/\/lapidarium.fundacja-hereditas.pl\/wp-content\/uploads\/2023\/10\/Magdalena_Zaremba_Oleandrow_6_Klatka_Schodowa_Strona_Wschodnia_Portal_Drzwi_Nadswietle-226x300.jpg 226w, http:\/\/lapidarium.fundacja-hereditas.pl\/wp-content\/uploads\/2023\/10\/Magdalena_Zaremba_Oleandrow_6_Klatka_Schodowa_Strona_Wschodnia_Portal_Drzwi_Nadswietle-768x1019.jpg 768w, http:\/\/lapidarium.fundacja-hereditas.pl\/wp-content\/uploads\/2023\/10\/Magdalena_Zaremba_Oleandrow_6_Klatka_Schodowa_Strona_Wschodnia_Portal_Drzwi_Nadswietle-1158x1536.jpg 1158w, http:\/\/lapidarium.fundacja-hereditas.pl\/wp-content\/uploads\/2023\/10\/Magdalena_Zaremba_Oleandrow_6_Klatka_Schodowa_Strona_Wschodnia_Portal_Drzwi_Nadswietle-1543x2048.jpg 1543w, http:\/\/lapidarium.fundacja-hereditas.pl\/wp-content\/uploads\/2023\/10\/Magdalena_Zaremba_Oleandrow_6_Klatka_Schodowa_Strona_Wschodnia_Portal_Drzwi_Nadswietle-150x199.jpg 150w, http:\/\/lapidarium.fundacja-hereditas.pl\/wp-content\/uploads\/2023\/10\/Magdalena_Zaremba_Oleandrow_6_Klatka_Schodowa_Strona_Wschodnia_Portal_Drzwi_Nadswietle-300x398.jpg 300w, http:\/\/lapidarium.fundacja-hereditas.pl\/wp-content\/uploads\/2023\/10\/Magdalena_Zaremba_Oleandrow_6_Klatka_Schodowa_Strona_Wschodnia_Portal_Drzwi_Nadswietle-696x924.jpg 696w, http:\/\/lapidarium.fundacja-hereditas.pl\/wp-content\/uploads\/2023\/10\/Magdalena_Zaremba_Oleandrow_6_Klatka_Schodowa_Strona_Wschodnia_Portal_Drzwi_Nadswietle-1068x1417.jpg 1068w, http:\/\/lapidarium.fundacja-hereditas.pl\/wp-content\/uploads\/2023\/10\/Magdalena_Zaremba_Oleandrow_6_Klatka_Schodowa_Strona_Wschodnia_Portal_Drzwi_Nadswietle-1920x2548.jpg 1920w, http:\/\/lapidarium.fundacja-hereditas.pl\/wp-content\/uploads\/2023\/10\/Magdalena_Zaremba_Oleandrow_6_Klatka_Schodowa_Strona_Wschodnia_Portal_Drzwi_Nadswietle-scaled.jpg 1929w\" sizes=\"auto, (max-width: 772px) 100vw, 772px\" \/><\/a><figcaption class=\"wp-element-caption\">Drzwi. Widok od podw\u00f3rza (od p\u00f3\u0142nocy). Zachodnia partia budynku. Fot. Magdalena Zaremba. 2023 r., \u017ar\u00f3d\u0142o: AOD IV.<\/figcaption><\/figure>\n\n\n\n<figure class=\"wp-block-image size-large\"><a href=\"http:\/\/lapidarium.fundacja-hereditas.pl\/wp-content\/uploads\/2023\/10\/Magdalena_Zaremba_Oleandrow_6_Strona_Polnocna_Cokol_Nisza_Otwory_Okienne_1-scaled.jpg\"><img loading=\"lazy\" decoding=\"async\" width=\"868\" height=\"1024\" data-id=\"14598\" src=\"http:\/\/lapidarium.fundacja-hereditas.pl\/wp-content\/uploads\/2023\/10\/Magdalena_Zaremba_Oleandrow_6_Strona_Polnocna_Cokol_Nisza_Otwory_Okienne_1-868x1024.jpg\" alt=\"\" class=\"wp-image-14598\" srcset=\"http:\/\/lapidarium.fundacja-hereditas.pl\/wp-content\/uploads\/2023\/10\/Magdalena_Zaremba_Oleandrow_6_Strona_Polnocna_Cokol_Nisza_Otwory_Okienne_1-868x1024.jpg 868w, http:\/\/lapidarium.fundacja-hereditas.pl\/wp-content\/uploads\/2023\/10\/Magdalena_Zaremba_Oleandrow_6_Strona_Polnocna_Cokol_Nisza_Otwory_Okienne_1-254x300.jpg 254w, http:\/\/lapidarium.fundacja-hereditas.pl\/wp-content\/uploads\/2023\/10\/Magdalena_Zaremba_Oleandrow_6_Strona_Polnocna_Cokol_Nisza_Otwory_Okienne_1-768x906.jpg 768w, http:\/\/lapidarium.fundacja-hereditas.pl\/wp-content\/uploads\/2023\/10\/Magdalena_Zaremba_Oleandrow_6_Strona_Polnocna_Cokol_Nisza_Otwory_Okienne_1-1301x1536.jpg 1301w, http:\/\/lapidarium.fundacja-hereditas.pl\/wp-content\/uploads\/2023\/10\/Magdalena_Zaremba_Oleandrow_6_Strona_Polnocna_Cokol_Nisza_Otwory_Okienne_1-1735x2048.jpg 1735w, http:\/\/lapidarium.fundacja-hereditas.pl\/wp-content\/uploads\/2023\/10\/Magdalena_Zaremba_Oleandrow_6_Strona_Polnocna_Cokol_Nisza_Otwory_Okienne_1-150x177.jpg 150w, http:\/\/lapidarium.fundacja-hereditas.pl\/wp-content\/uploads\/2023\/10\/Magdalena_Zaremba_Oleandrow_6_Strona_Polnocna_Cokol_Nisza_Otwory_Okienne_1-300x354.jpg 300w, http:\/\/lapidarium.fundacja-hereditas.pl\/wp-content\/uploads\/2023\/10\/Magdalena_Zaremba_Oleandrow_6_Strona_Polnocna_Cokol_Nisza_Otwory_Okienne_1-696x821.jpg 696w, http:\/\/lapidarium.fundacja-hereditas.pl\/wp-content\/uploads\/2023\/10\/Magdalena_Zaremba_Oleandrow_6_Strona_Polnocna_Cokol_Nisza_Otwory_Okienne_1-1068x1261.jpg 1068w, http:\/\/lapidarium.fundacja-hereditas.pl\/wp-content\/uploads\/2023\/10\/Magdalena_Zaremba_Oleandrow_6_Strona_Polnocna_Cokol_Nisza_Otwory_Okienne_1-1920x2266.jpg 1920w\" sizes=\"auto, (max-width: 868px) 100vw, 868px\" \/><\/a><figcaption class=\"wp-element-caption\">Nisza w cokole. Widok od podw\u00f3rza (od p\u00f3\u0142nocy). Fot. Magdalena Zaremba. 2023 r., \u017ar\u00f3d\u0142o: AOD IV.<\/figcaption><\/figure>\n\n\n\n<figure class=\"wp-block-image size-large\"><a href=\"http:\/\/lapidarium.fundacja-hereditas.pl\/wp-content\/uploads\/2023\/10\/Magdalena_Zaremba_Oleandrow_6_Klatka_Strona_Polnocna_Cokol_Nisza_Otwory_Okienne_2-scaled.jpg\"><img loading=\"lazy\" decoding=\"async\" width=\"1024\" height=\"764\" data-id=\"14597\" src=\"http:\/\/lapidarium.fundacja-hereditas.pl\/wp-content\/uploads\/2023\/10\/Magdalena_Zaremba_Oleandrow_6_Klatka_Strona_Polnocna_Cokol_Nisza_Otwory_Okienne_2-1024x764.jpg\" alt=\"\" class=\"wp-image-14597\" srcset=\"http:\/\/lapidarium.fundacja-hereditas.pl\/wp-content\/uploads\/2023\/10\/Magdalena_Zaremba_Oleandrow_6_Klatka_Strona_Polnocna_Cokol_Nisza_Otwory_Okienne_2-1024x764.jpg 1024w, http:\/\/lapidarium.fundacja-hereditas.pl\/wp-content\/uploads\/2023\/10\/Magdalena_Zaremba_Oleandrow_6_Klatka_Strona_Polnocna_Cokol_Nisza_Otwory_Okienne_2-300x224.jpg 300w, http:\/\/lapidarium.fundacja-hereditas.pl\/wp-content\/uploads\/2023\/10\/Magdalena_Zaremba_Oleandrow_6_Klatka_Strona_Polnocna_Cokol_Nisza_Otwory_Okienne_2-768x573.jpg 768w, http:\/\/lapidarium.fundacja-hereditas.pl\/wp-content\/uploads\/2023\/10\/Magdalena_Zaremba_Oleandrow_6_Klatka_Strona_Polnocna_Cokol_Nisza_Otwory_Okienne_2-1536x1145.jpg 1536w, http:\/\/lapidarium.fundacja-hereditas.pl\/wp-content\/uploads\/2023\/10\/Magdalena_Zaremba_Oleandrow_6_Klatka_Strona_Polnocna_Cokol_Nisza_Otwory_Okienne_2-2048x1527.jpg 2048w, http:\/\/lapidarium.fundacja-hereditas.pl\/wp-content\/uploads\/2023\/10\/Magdalena_Zaremba_Oleandrow_6_Klatka_Strona_Polnocna_Cokol_Nisza_Otwory_Okienne_2-150x112.jpg 150w, http:\/\/lapidarium.fundacja-hereditas.pl\/wp-content\/uploads\/2023\/10\/Magdalena_Zaremba_Oleandrow_6_Klatka_Strona_Polnocna_Cokol_Nisza_Otwory_Okienne_2-696x519.jpg 696w, http:\/\/lapidarium.fundacja-hereditas.pl\/wp-content\/uploads\/2023\/10\/Magdalena_Zaremba_Oleandrow_6_Klatka_Strona_Polnocna_Cokol_Nisza_Otwory_Okienne_2-1068x796.jpg 1068w, http:\/\/lapidarium.fundacja-hereditas.pl\/wp-content\/uploads\/2023\/10\/Magdalena_Zaremba_Oleandrow_6_Klatka_Strona_Polnocna_Cokol_Nisza_Otwory_Okienne_2-1920x1432.jpg 1920w\" sizes=\"auto, (max-width: 1024px) 100vw, 1024px\" \/><\/a><figcaption class=\"wp-element-caption\">Nisza w cokole. Widok od podw\u00f3rza (od p\u00f3\u0142nocy). Fot. Magdalena Zaremba. 2023 r., \u017ar\u00f3d\u0142o: AOD IV.<\/figcaption><\/figure>\n<\/figure>\n","protected":false},"excerpt":{"rendered":"<p>Kamienica Akcyjnego Tow. Handlowego \u201eGokkes S.A.\u201d, b\u0119d\u0105cego w\u0142asno\u015bci\u0105 rodziny Rotbard\u00f3w. Nowoczesny dom w stylu luksusowego funkcjonalizmu wzniesiono w latach 1938-1939 wg proj. Stanis\u0142awa Woyciechowskiego jako jeden z kilku obiekt\u00f3w, prawie identycznych, wype\u0142niaj\u0105cych obie pierzeje tej kameralnej uliczki. Domy niemal\u017ce bli\u017aniacze, r\u00f3\u017cni\u0105ce si\u0119 tylko drobnymi szczeg\u00f3\u0142ami, znajduj\u0105 si\u0119 pod numerami: 3, 4, 5, 6 i 7. [&hellip;]<\/p>\n","protected":false},"author":6,"featured_media":14574,"comment_status":"open","ping_status":"open","sticky":false,"template":"","format":"standard","meta":{"footnotes":""},"categories":[178,4],"tags":[],"class_list":{"0":"post-14571","1":"post","2":"type-post","3":"status-publish","4":"format-standard","5":"has-post-thumbnail","7":"category-oleandrow","8":"category-warszawa"},"_links":{"self":[{"href":"http:\/\/lapidarium.fundacja-hereditas.pl\/index.php\/wp-json\/wp\/v2\/posts\/14571","targetHints":{"allow":["GET"]}}],"collection":[{"href":"http:\/\/lapidarium.fundacja-hereditas.pl\/index.php\/wp-json\/wp\/v2\/posts"}],"about":[{"href":"http:\/\/lapidarium.fundacja-hereditas.pl\/index.php\/wp-json\/wp\/v2\/types\/post"}],"author":[{"embeddable":true,"href":"http:\/\/lapidarium.fundacja-hereditas.pl\/index.php\/wp-json\/wp\/v2\/users\/6"}],"replies":[{"embeddable":true,"href":"http:\/\/lapidarium.fundacja-hereditas.pl\/index.php\/wp-json\/wp\/v2\/comments?post=14571"}],"version-history":[{"count":3,"href":"http:\/\/lapidarium.fundacja-hereditas.pl\/index.php\/wp-json\/wp\/v2\/posts\/14571\/revisions"}],"predecessor-version":[{"id":15148,"href":"http:\/\/lapidarium.fundacja-hereditas.pl\/index.php\/wp-json\/wp\/v2\/posts\/14571\/revisions\/15148"}],"wp:featuredmedia":[{"embeddable":true,"href":"http:\/\/lapidarium.fundacja-hereditas.pl\/index.php\/wp-json\/wp\/v2\/media\/14574"}],"wp:attachment":[{"href":"http:\/\/lapidarium.fundacja-hereditas.pl\/index.php\/wp-json\/wp\/v2\/media?parent=14571"}],"wp:term":[{"taxonomy":"category","embeddable":true,"href":"http:\/\/lapidarium.fundacja-hereditas.pl\/index.php\/wp-json\/wp\/v2\/categories?post=14571"},{"taxonomy":"post_tag","embeddable":true,"href":"http:\/\/lapidarium.fundacja-hereditas.pl\/index.php\/wp-json\/wp\/v2\/tags?post=14571"}],"curies":[{"name":"wp","href":"https:\/\/api.w.org\/{rel}","templated":true}]}}