{"id":14091,"date":"2023-10-25T05:24:23","date_gmt":"2023-10-25T03:24:23","guid":{"rendered":"http:\/\/lapidarium.fundacja-hereditas.pl\/?p=14091"},"modified":"2023-11-28T22:52:38","modified_gmt":"2023-11-28T21:52:38","slug":"kamienica-ul-mokotowska-65-warszawa","status":"publish","type":"post","link":"http:\/\/lapidarium.fundacja-hereditas.pl\/index.php\/2023\/10\/25\/kamienica-ul-mokotowska-65-warszawa\/","title":{"rendered":"Kamienica ul. Mokotowska 65, Warszawa"},"content":{"rendered":"\n<p>Kamienica Eliasza Elbingera. Ju\u017c w drugiej po\u0142owie XVIII w. sta\u0142a tu niewielka pi\u0119trowa kamieniczka, wzniesiona najprawdopodobniej przed 1780 r. W swej pi\u0119trowej niezmienionej formie istnia\u0142a do\u015b\u0107 d\u0142ugo, bowiem kolejny raz jest wzmiankowana w 1819 r. i opisana tak samo jak ponad 50 lat wcze\u015bniej. W roku 1846 posesj\u0119 naby\u0142 Jan Bogdach i nadbudowa\u0142 dom o drugie pi\u0119tro. Prawdziwie rewolucyjne zmiany nadesz\u0142y po 1893 r., kiedy ca\u0142o\u015b\u0107 przesz\u0142a na w\u0142asno\u015b\u0107 Eliasza Elbingera. Kupi\u0142 on plac z dwupi\u0119trowym domem frontowym i dwiema do\u015b\u0107 d\u0142ugimi oficynami przy p\u00f3\u0142nocnej i po\u0142udniowej granicy parceli. Zacz\u0105\u0142 klasycznie \u2013 od zabudowywania posesji od ty\u0142u. Gdy powsta\u0142y domy w g\u0142\u0119bi posesji, te o gorszym standardzie, to nie przeszkadza\u0142a tak bardzo budowa p\u00f3\u017aniejsza, bli\u017cej ulicy. Poza tym to, co zosta\u0142o wyko\u0144czone i oddane do u\u017cytku, nie mia\u0142o ju\u017c z dalszymi pracami budowlanymi wiele wsp\u00f3lnego. Gdyby jednak zastosowano odwrotn\u0105 kolejno\u015b\u0107, to najbogatsi lokatorzy z frontowego domu musieliby znosi\u0107 uci\u0105\u017cliwo\u015bci budowy prowadzonej wewn\u0105trz podw\u00f3rza, a i nowy dom frontowy by\u0142by nara\u017cony na zniszczenia przy wznoszeniu podw\u00f3rzowych oficyn. Tak wi\u0119c je\u015bli tylko by\u0142a taka mo\u017cliwo\u015b\u0107, powszechnie starano si\u0119 ka\u017cdy plac zabudowywa\u0107 od partii po\u0142o\u017conej najdalej od ulicy. Tak by\u0142o i tym razem. W g\u0142\u0119bi dzia\u0142ki powsta\u0142a oficyna poprzeczna, do kt\u00f3rej dotyka\u0142y dwie p\u00f3\u0142nocne i dwie po\u0142udniowe oficyny pod\u0142u\u017cne, tworz\u0105ce obiekt na rzucie po\u0142o\u017conej litery \u201eH\u201d. Inwestycja ta mia\u0142a miejsce w latach 1896-1897. Zaraz po jej uko\u0144czeniu rozpocz\u0119to budow\u0119 kolejnej oficyny poprzecznej i przylegaj\u0105cych do niej od wschodu dw\u00f3ch oficyn pod\u0142u\u017cnych (p\u00f3\u0142nocnej i po\u0142udniowej), doklejaj\u0105c tym samym do litery \u201eH\u201d liter\u0119 \u201eC\u201d, bo taki mia\u0142 z grubsza obrys nowego etapu inwestycji. Po jego uko\u0144czeniu przyst\u0105piono do prac przy realizacji domu frontowego. Wzniesiona kamienica by\u0142a domem czteropi\u0119trowym, o dziewi\u0119cioosiowej elewacji frontowej i neobarokowym bogatym wystroju. Rozplanowano j\u0105 na lustrzanym odbiciu litery \u201eC\u201d w zwi\u0105zku z czym znakomicie domyka\u0142a pierwsze podw\u00f3rze. Powsta\u0142a w 1904 r., o czym przez d\u0142ugie lata informowa\u0142 napis na p\u00f3\u0142nocnej \u015bcianie szczytowej \u2013 obecnie zakryty przez powojenny blok mieszkalny. Kamienica nie dozna\u0142a wi\u0119kszych uszkodze\u0144 w czasie wojny. Zniszczeniu uleg\u0142y dwie najg\u0142\u0119biej po\u0142o\u017cone oficyny pod\u0142u\u017cne i druga (starsza) oficyna poprzeczna. Mo\u017cna to wyremontowa\u0107 oficyny, ale ostatecznie zadecydowano o rozbi\u00f3rce. Tym samym ca\u0142y kompleks zosta\u0142 skr\u00f3cony od zachodu, o jedno p\u00f3\u0142otwarte podw\u00f3rze. Na pocz\u0105tku lat 60. XX w. skuto wystr\u00f3j ze wszystkich elewacji, wraz z tynkiem, do go\u0142ej ceg\u0142y. Taki stan rzeczy utrwali\u0142 si\u0119 przez nast\u0119pnych kilkadziesi\u0105t lat. Dopiero w 2013 r. wyremontowano dom frontowy wraz z nale\u017c\u0105cymi do niego oficynami, przywracaj\u0105c jednocze\u015bnie pierwotny wygl\u0105d elewacji frontowej. Nadmie\u0144my, i\u017c rekonstrukcja owego wygl\u0105du by\u0142a przygotowana ju\u017c na pocz\u0105tku lat 90. XX (!). Opr\u00f3cz domu frontowego pozosta\u0142e elementy zespo\u0142u pozostaj\u0105 zaniedbane.<\/p>\n\n\n\n<p><\/p>\n\n\n\n<figure class=\"wp-block-gallery has-nested-images columns-default is-cropped wp-block-gallery-1 is-layout-flex wp-block-gallery-is-layout-flex\">\n<figure class=\"wp-block-image\"><a href=\"http:\/\/lapidarium.fundacja-hereditas.pl\/wp-content\/uploads\/2023\/10\/I_Otrebska_Mokotowska_65_elewacja_frontowa-3-scaled.jpg\"><img loading=\"lazy\" decoding=\"async\" width=\"1571\" height=\"2560\" data-id=\"14220\" src=\"http:\/\/lapidarium.fundacja-hereditas.pl\/wp-content\/uploads\/2023\/10\/I_Otrebska_Mokotowska_65_elewacja_frontowa-3-scaled.jpg\" alt=\"\" class=\"wp-image-14220\" srcset=\"http:\/\/lapidarium.fundacja-hereditas.pl\/wp-content\/uploads\/2023\/10\/I_Otrebska_Mokotowska_65_elewacja_frontowa-3-scaled.jpg 1571w, http:\/\/lapidarium.fundacja-hereditas.pl\/wp-content\/uploads\/2023\/10\/I_Otrebska_Mokotowska_65_elewacja_frontowa-3-184x300.jpg 184w, http:\/\/lapidarium.fundacja-hereditas.pl\/wp-content\/uploads\/2023\/10\/I_Otrebska_Mokotowska_65_elewacja_frontowa-3-628x1024.jpg 628w, http:\/\/lapidarium.fundacja-hereditas.pl\/wp-content\/uploads\/2023\/10\/I_Otrebska_Mokotowska_65_elewacja_frontowa-3-768x1252.jpg 768w, http:\/\/lapidarium.fundacja-hereditas.pl\/wp-content\/uploads\/2023\/10\/I_Otrebska_Mokotowska_65_elewacja_frontowa-3-942x1536.jpg 942w, http:\/\/lapidarium.fundacja-hereditas.pl\/wp-content\/uploads\/2023\/10\/I_Otrebska_Mokotowska_65_elewacja_frontowa-3-1256x2048.jpg 1256w, http:\/\/lapidarium.fundacja-hereditas.pl\/wp-content\/uploads\/2023\/10\/I_Otrebska_Mokotowska_65_elewacja_frontowa-3-150x244.jpg 150w, http:\/\/lapidarium.fundacja-hereditas.pl\/wp-content\/uploads\/2023\/10\/I_Otrebska_Mokotowska_65_elewacja_frontowa-3-300x489.jpg 300w, http:\/\/lapidarium.fundacja-hereditas.pl\/wp-content\/uploads\/2023\/10\/I_Otrebska_Mokotowska_65_elewacja_frontowa-3-696x1134.jpg 696w, http:\/\/lapidarium.fundacja-hereditas.pl\/wp-content\/uploads\/2023\/10\/I_Otrebska_Mokotowska_65_elewacja_frontowa-3-1068x1741.jpg 1068w, http:\/\/lapidarium.fundacja-hereditas.pl\/wp-content\/uploads\/2023\/10\/I_Otrebska_Mokotowska_65_elewacja_frontowa-3-1920x3130.jpg 1920w\" sizes=\"auto, (max-width: 1571px) 100vw, 1571px\" \/><\/a><figcaption class=\"wp-element-caption\">Elewacja frontowa &#8211; cz\u0119\u015b\u0107 po\u0142udniowa. Fot. Iwona Otr\u0119bska, 2023 r., \u017ar\u00f3d\u0142o: AOD IV.<\/figcaption><\/figure>\n\n\n\n<figure class=\"wp-block-image\"><a href=\"http:\/\/lapidarium.fundacja-hereditas.pl\/wp-content\/uploads\/2023\/10\/I_Otrebska_Mokotowska_65_elewacja_frontowa-9-scaled.jpg\"><img loading=\"lazy\" decoding=\"async\" width=\"2091\" height=\"2560\" data-id=\"14221\" src=\"http:\/\/lapidarium.fundacja-hereditas.pl\/wp-content\/uploads\/2023\/10\/I_Otrebska_Mokotowska_65_elewacja_frontowa-9-scaled.jpg\" alt=\"\" class=\"wp-image-14221\" srcset=\"http:\/\/lapidarium.fundacja-hereditas.pl\/wp-content\/uploads\/2023\/10\/I_Otrebska_Mokotowska_65_elewacja_frontowa-9-scaled.jpg 2091w, http:\/\/lapidarium.fundacja-hereditas.pl\/wp-content\/uploads\/2023\/10\/I_Otrebska_Mokotowska_65_elewacja_frontowa-9-245x300.jpg 245w, http:\/\/lapidarium.fundacja-hereditas.pl\/wp-content\/uploads\/2023\/10\/I_Otrebska_Mokotowska_65_elewacja_frontowa-9-836x1024.jpg 836w, http:\/\/lapidarium.fundacja-hereditas.pl\/wp-content\/uploads\/2023\/10\/I_Otrebska_Mokotowska_65_elewacja_frontowa-9-768x940.jpg 768w, http:\/\/lapidarium.fundacja-hereditas.pl\/wp-content\/uploads\/2023\/10\/I_Otrebska_Mokotowska_65_elewacja_frontowa-9-1254x1536.jpg 1254w, http:\/\/lapidarium.fundacja-hereditas.pl\/wp-content\/uploads\/2023\/10\/I_Otrebska_Mokotowska_65_elewacja_frontowa-9-1673x2048.jpg 1673w, http:\/\/lapidarium.fundacja-hereditas.pl\/wp-content\/uploads\/2023\/10\/I_Otrebska_Mokotowska_65_elewacja_frontowa-9-150x184.jpg 150w, http:\/\/lapidarium.fundacja-hereditas.pl\/wp-content\/uploads\/2023\/10\/I_Otrebska_Mokotowska_65_elewacja_frontowa-9-300x367.jpg 300w, http:\/\/lapidarium.fundacja-hereditas.pl\/wp-content\/uploads\/2023\/10\/I_Otrebska_Mokotowska_65_elewacja_frontowa-9-696x852.jpg 696w, http:\/\/lapidarium.fundacja-hereditas.pl\/wp-content\/uploads\/2023\/10\/I_Otrebska_Mokotowska_65_elewacja_frontowa-9-1068x1308.jpg 1068w, http:\/\/lapidarium.fundacja-hereditas.pl\/wp-content\/uploads\/2023\/10\/I_Otrebska_Mokotowska_65_elewacja_frontowa-9-1920x2351.jpg 1920w\" sizes=\"auto, (max-width: 2091px) 100vw, 2091px\" \/><\/a><figcaption class=\"wp-element-caption\">Elewacja frontowa &#8211; cz\u0119\u015b\u0107 po\u0142udniowa. Fot. Iwona Otr\u0119bska, 2023 r., \u017ar\u00f3d\u0142o: AOD IV.<\/figcaption><\/figure>\n\n\n\n<figure class=\"wp-block-image\"><a href=\"http:\/\/lapidarium.fundacja-hereditas.pl\/wp-content\/uploads\/2023\/10\/Dziubiel_Agnieszka_Warszawa_Mokotowska_65_elewacja_frontowa_detal_01-scaled.jpg\"><img loading=\"lazy\" decoding=\"async\" width=\"2560\" height=\"1735\" data-id=\"14155\" src=\"http:\/\/lapidarium.fundacja-hereditas.pl\/wp-content\/uploads\/2023\/10\/Dziubiel_Agnieszka_Warszawa_Mokotowska_65_elewacja_frontowa_detal_01-scaled.jpg\" alt=\"\" class=\"wp-image-14155\" srcset=\"http:\/\/lapidarium.fundacja-hereditas.pl\/wp-content\/uploads\/2023\/10\/Dziubiel_Agnieszka_Warszawa_Mokotowska_65_elewacja_frontowa_detal_01-scaled.jpg 2560w, http:\/\/lapidarium.fundacja-hereditas.pl\/wp-content\/uploads\/2023\/10\/Dziubiel_Agnieszka_Warszawa_Mokotowska_65_elewacja_frontowa_detal_01-300x203.jpg 300w, http:\/\/lapidarium.fundacja-hereditas.pl\/wp-content\/uploads\/2023\/10\/Dziubiel_Agnieszka_Warszawa_Mokotowska_65_elewacja_frontowa_detal_01-1024x694.jpg 1024w, http:\/\/lapidarium.fundacja-hereditas.pl\/wp-content\/uploads\/2023\/10\/Dziubiel_Agnieszka_Warszawa_Mokotowska_65_elewacja_frontowa_detal_01-768x520.jpg 768w, http:\/\/lapidarium.fundacja-hereditas.pl\/wp-content\/uploads\/2023\/10\/Dziubiel_Agnieszka_Warszawa_Mokotowska_65_elewacja_frontowa_detal_01-1536x1041.jpg 1536w, http:\/\/lapidarium.fundacja-hereditas.pl\/wp-content\/uploads\/2023\/10\/Dziubiel_Agnieszka_Warszawa_Mokotowska_65_elewacja_frontowa_detal_01-2048x1388.jpg 2048w, http:\/\/lapidarium.fundacja-hereditas.pl\/wp-content\/uploads\/2023\/10\/Dziubiel_Agnieszka_Warszawa_Mokotowska_65_elewacja_frontowa_detal_01-150x102.jpg 150w, http:\/\/lapidarium.fundacja-hereditas.pl\/wp-content\/uploads\/2023\/10\/Dziubiel_Agnieszka_Warszawa_Mokotowska_65_elewacja_frontowa_detal_01-696x472.jpg 696w, http:\/\/lapidarium.fundacja-hereditas.pl\/wp-content\/uploads\/2023\/10\/Dziubiel_Agnieszka_Warszawa_Mokotowska_65_elewacja_frontowa_detal_01-1068x724.jpg 1068w, http:\/\/lapidarium.fundacja-hereditas.pl\/wp-content\/uploads\/2023\/10\/Dziubiel_Agnieszka_Warszawa_Mokotowska_65_elewacja_frontowa_detal_01-1920x1301.jpg 1920w\" sizes=\"auto, (max-width: 2560px) 100vw, 2560px\" \/><\/a><figcaption class=\"wp-element-caption\">Elewacja frontowa. Balkon I pi\u0119tra. Fot. Agnieszka Dziubiel, 2023 r., \u017ar\u00f3d\u0142o: AOD IV.<\/figcaption><\/figure>\n\n\n\n<figure class=\"wp-block-image\"><a href=\"http:\/\/lapidarium.fundacja-hereditas.pl\/wp-content\/uploads\/2023\/10\/I_Otrebska_Mokotowska_65_elewacja_frontowa_balkon-7-scaled.jpg\"><img loading=\"lazy\" decoding=\"async\" width=\"1720\" height=\"2560\" data-id=\"14225\" src=\"http:\/\/lapidarium.fundacja-hereditas.pl\/wp-content\/uploads\/2023\/10\/I_Otrebska_Mokotowska_65_elewacja_frontowa_balkon-7-scaled.jpg\" alt=\"\" class=\"wp-image-14225\" srcset=\"http:\/\/lapidarium.fundacja-hereditas.pl\/wp-content\/uploads\/2023\/10\/I_Otrebska_Mokotowska_65_elewacja_frontowa_balkon-7-scaled.jpg 1720w, http:\/\/lapidarium.fundacja-hereditas.pl\/wp-content\/uploads\/2023\/10\/I_Otrebska_Mokotowska_65_elewacja_frontowa_balkon-7-202x300.jpg 202w, http:\/\/lapidarium.fundacja-hereditas.pl\/wp-content\/uploads\/2023\/10\/I_Otrebska_Mokotowska_65_elewacja_frontowa_balkon-7-688x1024.jpg 688w, http:\/\/lapidarium.fundacja-hereditas.pl\/wp-content\/uploads\/2023\/10\/I_Otrebska_Mokotowska_65_elewacja_frontowa_balkon-7-768x1143.jpg 768w, http:\/\/lapidarium.fundacja-hereditas.pl\/wp-content\/uploads\/2023\/10\/I_Otrebska_Mokotowska_65_elewacja_frontowa_balkon-7-1032x1536.jpg 1032w, http:\/\/lapidarium.fundacja-hereditas.pl\/wp-content\/uploads\/2023\/10\/I_Otrebska_Mokotowska_65_elewacja_frontowa_balkon-7-1376x2048.jpg 1376w, http:\/\/lapidarium.fundacja-hereditas.pl\/wp-content\/uploads\/2023\/10\/I_Otrebska_Mokotowska_65_elewacja_frontowa_balkon-7-150x223.jpg 150w, http:\/\/lapidarium.fundacja-hereditas.pl\/wp-content\/uploads\/2023\/10\/I_Otrebska_Mokotowska_65_elewacja_frontowa_balkon-7-300x447.jpg 300w, http:\/\/lapidarium.fundacja-hereditas.pl\/wp-content\/uploads\/2023\/10\/I_Otrebska_Mokotowska_65_elewacja_frontowa_balkon-7-696x1036.jpg 696w, http:\/\/lapidarium.fundacja-hereditas.pl\/wp-content\/uploads\/2023\/10\/I_Otrebska_Mokotowska_65_elewacja_frontowa_balkon-7-1068x1590.jpg 1068w, http:\/\/lapidarium.fundacja-hereditas.pl\/wp-content\/uploads\/2023\/10\/I_Otrebska_Mokotowska_65_elewacja_frontowa_balkon-7-1920x2858.jpg 1920w\" sizes=\"auto, (max-width: 1720px) 100vw, 1720px\" \/><\/a><figcaption class=\"wp-element-caption\">Elewacja frontowa. Balkon IV pi\u0119tra, IV o\u015b (licz\u0105c od po\u0142udnia). Fot. Iwona Otr\u0119bska, 2023 r., \u017ar\u00f3d\u0142o: AOD IV.<\/figcaption><\/figure>\n\n\n\n<figure class=\"wp-block-image\"><a href=\"http:\/\/lapidarium.fundacja-hereditas.pl\/wp-content\/uploads\/2023\/10\/I_Otrebska_Mokotowska_65_elewacja_frontowa_balkon-5-scaled.jpg\"><img loading=\"lazy\" decoding=\"async\" width=\"1933\" height=\"2560\" data-id=\"14223\" src=\"http:\/\/lapidarium.fundacja-hereditas.pl\/wp-content\/uploads\/2023\/10\/I_Otrebska_Mokotowska_65_elewacja_frontowa_balkon-5-scaled.jpg\" alt=\"\" class=\"wp-image-14223\" srcset=\"http:\/\/lapidarium.fundacja-hereditas.pl\/wp-content\/uploads\/2023\/10\/I_Otrebska_Mokotowska_65_elewacja_frontowa_balkon-5-scaled.jpg 1933w, http:\/\/lapidarium.fundacja-hereditas.pl\/wp-content\/uploads\/2023\/10\/I_Otrebska_Mokotowska_65_elewacja_frontowa_balkon-5-227x300.jpg 227w, http:\/\/lapidarium.fundacja-hereditas.pl\/wp-content\/uploads\/2023\/10\/I_Otrebska_Mokotowska_65_elewacja_frontowa_balkon-5-773x1024.jpg 773w, http:\/\/lapidarium.fundacja-hereditas.pl\/wp-content\/uploads\/2023\/10\/I_Otrebska_Mokotowska_65_elewacja_frontowa_balkon-5-768x1017.jpg 768w, http:\/\/lapidarium.fundacja-hereditas.pl\/wp-content\/uploads\/2023\/10\/I_Otrebska_Mokotowska_65_elewacja_frontowa_balkon-5-1160x1536.jpg 1160w, http:\/\/lapidarium.fundacja-hereditas.pl\/wp-content\/uploads\/2023\/10\/I_Otrebska_Mokotowska_65_elewacja_frontowa_balkon-5-1546x2048.jpg 1546w, http:\/\/lapidarium.fundacja-hereditas.pl\/wp-content\/uploads\/2023\/10\/I_Otrebska_Mokotowska_65_elewacja_frontowa_balkon-5-150x199.jpg 150w, http:\/\/lapidarium.fundacja-hereditas.pl\/wp-content\/uploads\/2023\/10\/I_Otrebska_Mokotowska_65_elewacja_frontowa_balkon-5-300x397.jpg 300w, http:\/\/lapidarium.fundacja-hereditas.pl\/wp-content\/uploads\/2023\/10\/I_Otrebska_Mokotowska_65_elewacja_frontowa_balkon-5-696x922.jpg 696w, http:\/\/lapidarium.fundacja-hereditas.pl\/wp-content\/uploads\/2023\/10\/I_Otrebska_Mokotowska_65_elewacja_frontowa_balkon-5-1068x1414.jpg 1068w, http:\/\/lapidarium.fundacja-hereditas.pl\/wp-content\/uploads\/2023\/10\/I_Otrebska_Mokotowska_65_elewacja_frontowa_balkon-5-1920x2543.jpg 1920w\" sizes=\"auto, (max-width: 1933px) 100vw, 1933px\" \/><\/a><figcaption class=\"wp-element-caption\">Elewacja frontowa. Balkon IV pi\u0119tra, IV o\u015b, licz\u0105c od po\u0142udnia. Fot. Iwona Otr\u0119bska, 2023 r., \u017ar\u00f3d\u0142o: AOD IV.<\/figcaption><\/figure>\n\n\n\n<figure class=\"wp-block-image\"><a href=\"http:\/\/lapidarium.fundacja-hereditas.pl\/wp-content\/uploads\/2023\/10\/I_Otrebska_Mokotowska_65_elewacja_frontowa_balkon-9-scaled.jpg\"><img loading=\"lazy\" decoding=\"async\" width=\"1664\" height=\"2560\" data-id=\"14227\" src=\"http:\/\/lapidarium.fundacja-hereditas.pl\/wp-content\/uploads\/2023\/10\/I_Otrebska_Mokotowska_65_elewacja_frontowa_balkon-9-scaled.jpg\" alt=\"\" class=\"wp-image-14227\" srcset=\"http:\/\/lapidarium.fundacja-hereditas.pl\/wp-content\/uploads\/2023\/10\/I_Otrebska_Mokotowska_65_elewacja_frontowa_balkon-9-scaled.jpg 1664w, http:\/\/lapidarium.fundacja-hereditas.pl\/wp-content\/uploads\/2023\/10\/I_Otrebska_Mokotowska_65_elewacja_frontowa_balkon-9-195x300.jpg 195w, http:\/\/lapidarium.fundacja-hereditas.pl\/wp-content\/uploads\/2023\/10\/I_Otrebska_Mokotowska_65_elewacja_frontowa_balkon-9-666x1024.jpg 666w, http:\/\/lapidarium.fundacja-hereditas.pl\/wp-content\/uploads\/2023\/10\/I_Otrebska_Mokotowska_65_elewacja_frontowa_balkon-9-768x1181.jpg 768w, http:\/\/lapidarium.fundacja-hereditas.pl\/wp-content\/uploads\/2023\/10\/I_Otrebska_Mokotowska_65_elewacja_frontowa_balkon-9-998x1536.jpg 998w, http:\/\/lapidarium.fundacja-hereditas.pl\/wp-content\/uploads\/2023\/10\/I_Otrebska_Mokotowska_65_elewacja_frontowa_balkon-9-1331x2048.jpg 1331w, http:\/\/lapidarium.fundacja-hereditas.pl\/wp-content\/uploads\/2023\/10\/I_Otrebska_Mokotowska_65_elewacja_frontowa_balkon-9-150x231.jpg 150w, http:\/\/lapidarium.fundacja-hereditas.pl\/wp-content\/uploads\/2023\/10\/I_Otrebska_Mokotowska_65_elewacja_frontowa_balkon-9-300x461.jpg 300w, http:\/\/lapidarium.fundacja-hereditas.pl\/wp-content\/uploads\/2023\/10\/I_Otrebska_Mokotowska_65_elewacja_frontowa_balkon-9-696x1071.jpg 696w, http:\/\/lapidarium.fundacja-hereditas.pl\/wp-content\/uploads\/2023\/10\/I_Otrebska_Mokotowska_65_elewacja_frontowa_balkon-9-1068x1643.jpg 1068w, http:\/\/lapidarium.fundacja-hereditas.pl\/wp-content\/uploads\/2023\/10\/I_Otrebska_Mokotowska_65_elewacja_frontowa_balkon-9-1920x2954.jpg 1920w\" sizes=\"auto, (max-width: 1664px) 100vw, 1664px\" \/><\/a><figcaption class=\"wp-element-caption\">Elewacja frontowa. Balkon IV pi\u0119tra, VI o\u015b, licz\u0105c od po\u0142udnia. Fot. Iwona Otr\u0119bska, 2023 r., \u017ar\u00f3d\u0142o: AOD IV.<\/figcaption><\/figure>\n\n\n\n<figure class=\"wp-block-image\"><a href=\"http:\/\/lapidarium.fundacja-hereditas.pl\/wp-content\/uploads\/2023\/10\/I_Otrebska_Mokotowska_65_elewacja_frontowa-98-scaled.jpg\"><img loading=\"lazy\" decoding=\"async\" width=\"2004\" height=\"2560\" data-id=\"14222\" src=\"http:\/\/lapidarium.fundacja-hereditas.pl\/wp-content\/uploads\/2023\/10\/I_Otrebska_Mokotowska_65_elewacja_frontowa-98-scaled.jpg\" alt=\"\" class=\"wp-image-14222\" srcset=\"http:\/\/lapidarium.fundacja-hereditas.pl\/wp-content\/uploads\/2023\/10\/I_Otrebska_Mokotowska_65_elewacja_frontowa-98-scaled.jpg 2004w, http:\/\/lapidarium.fundacja-hereditas.pl\/wp-content\/uploads\/2023\/10\/I_Otrebska_Mokotowska_65_elewacja_frontowa-98-235x300.jpg 235w, http:\/\/lapidarium.fundacja-hereditas.pl\/wp-content\/uploads\/2023\/10\/I_Otrebska_Mokotowska_65_elewacja_frontowa-98-802x1024.jpg 802w, http:\/\/lapidarium.fundacja-hereditas.pl\/wp-content\/uploads\/2023\/10\/I_Otrebska_Mokotowska_65_elewacja_frontowa-98-768x981.jpg 768w, http:\/\/lapidarium.fundacja-hereditas.pl\/wp-content\/uploads\/2023\/10\/I_Otrebska_Mokotowska_65_elewacja_frontowa-98-1203x1536.jpg 1203w, http:\/\/lapidarium.fundacja-hereditas.pl\/wp-content\/uploads\/2023\/10\/I_Otrebska_Mokotowska_65_elewacja_frontowa-98-1603x2048.jpg 1603w, http:\/\/lapidarium.fundacja-hereditas.pl\/wp-content\/uploads\/2023\/10\/I_Otrebska_Mokotowska_65_elewacja_frontowa-98-150x192.jpg 150w, http:\/\/lapidarium.fundacja-hereditas.pl\/wp-content\/uploads\/2023\/10\/I_Otrebska_Mokotowska_65_elewacja_frontowa-98-300x383.jpg 300w, http:\/\/lapidarium.fundacja-hereditas.pl\/wp-content\/uploads\/2023\/10\/I_Otrebska_Mokotowska_65_elewacja_frontowa-98-696x889.jpg 696w, http:\/\/lapidarium.fundacja-hereditas.pl\/wp-content\/uploads\/2023\/10\/I_Otrebska_Mokotowska_65_elewacja_frontowa-98-1068x1364.jpg 1068w, http:\/\/lapidarium.fundacja-hereditas.pl\/wp-content\/uploads\/2023\/10\/I_Otrebska_Mokotowska_65_elewacja_frontowa-98-1920x2452.jpg 1920w\" sizes=\"auto, (max-width: 2004px) 100vw, 2004px\" \/><\/a><figcaption class=\"wp-element-caption\">Wrota bramy w widoku od strony ulicy. Fot. Iwona Otr\u0119bska, 2023 r., \u017ar\u00f3d\u0142o: AOD IV.<\/figcaption><\/figure>\n\n\n\n<figure class=\"wp-block-image\"><a href=\"http:\/\/lapidarium.fundacja-hereditas.pl\/wp-content\/uploads\/2023\/10\/Dziubiel_Agnieszka_Warszawa_Mokotowska_65_elewacja_frontowa_brama_drzwi_detal_01-scaled.jpg\"><img loading=\"lazy\" decoding=\"async\" width=\"1664\" height=\"2560\" data-id=\"14147\" src=\"http:\/\/lapidarium.fundacja-hereditas.pl\/wp-content\/uploads\/2023\/10\/Dziubiel_Agnieszka_Warszawa_Mokotowska_65_elewacja_frontowa_brama_drzwi_detal_01-scaled.jpg\" alt=\"\" class=\"wp-image-14147\" srcset=\"http:\/\/lapidarium.fundacja-hereditas.pl\/wp-content\/uploads\/2023\/10\/Dziubiel_Agnieszka_Warszawa_Mokotowska_65_elewacja_frontowa_brama_drzwi_detal_01-scaled.jpg 1664w, http:\/\/lapidarium.fundacja-hereditas.pl\/wp-content\/uploads\/2023\/10\/Dziubiel_Agnieszka_Warszawa_Mokotowska_65_elewacja_frontowa_brama_drzwi_detal_01-195x300.jpg 195w, http:\/\/lapidarium.fundacja-hereditas.pl\/wp-content\/uploads\/2023\/10\/Dziubiel_Agnieszka_Warszawa_Mokotowska_65_elewacja_frontowa_brama_drzwi_detal_01-666x1024.jpg 666w, http:\/\/lapidarium.fundacja-hereditas.pl\/wp-content\/uploads\/2023\/10\/Dziubiel_Agnieszka_Warszawa_Mokotowska_65_elewacja_frontowa_brama_drzwi_detal_01-768x1181.jpg 768w, http:\/\/lapidarium.fundacja-hereditas.pl\/wp-content\/uploads\/2023\/10\/Dziubiel_Agnieszka_Warszawa_Mokotowska_65_elewacja_frontowa_brama_drzwi_detal_01-999x1536.jpg 999w, http:\/\/lapidarium.fundacja-hereditas.pl\/wp-content\/uploads\/2023\/10\/Dziubiel_Agnieszka_Warszawa_Mokotowska_65_elewacja_frontowa_brama_drzwi_detal_01-1331x2048.jpg 1331w, http:\/\/lapidarium.fundacja-hereditas.pl\/wp-content\/uploads\/2023\/10\/Dziubiel_Agnieszka_Warszawa_Mokotowska_65_elewacja_frontowa_brama_drzwi_detal_01-150x231.jpg 150w, http:\/\/lapidarium.fundacja-hereditas.pl\/wp-content\/uploads\/2023\/10\/Dziubiel_Agnieszka_Warszawa_Mokotowska_65_elewacja_frontowa_brama_drzwi_detal_01-300x461.jpg 300w, http:\/\/lapidarium.fundacja-hereditas.pl\/wp-content\/uploads\/2023\/10\/Dziubiel_Agnieszka_Warszawa_Mokotowska_65_elewacja_frontowa_brama_drzwi_detal_01-696x1071.jpg 696w, http:\/\/lapidarium.fundacja-hereditas.pl\/wp-content\/uploads\/2023\/10\/Dziubiel_Agnieszka_Warszawa_Mokotowska_65_elewacja_frontowa_brama_drzwi_detal_01-1068x1643.jpg 1068w, http:\/\/lapidarium.fundacja-hereditas.pl\/wp-content\/uploads\/2023\/10\/Dziubiel_Agnieszka_Warszawa_Mokotowska_65_elewacja_frontowa_brama_drzwi_detal_01-1920x2953.jpg 1920w\" sizes=\"auto, (max-width: 1664px) 100vw, 1664px\" \/><\/a><figcaption class=\"wp-element-caption\">Przejazd bramny domu frontowego. Drzwi do str\u00f3\u017c\u00f3wki (?). Fot. Agnieszka Dziubiel, 2023 r., \u017ar\u00f3d\u0142o: AOD IV.<\/figcaption><\/figure>\n\n\n\n<figure class=\"wp-block-image\"><a href=\"http:\/\/lapidarium.fundacja-hereditas.pl\/wp-content\/uploads\/2023\/10\/Dziubiel_Agnieszka_Warszawa_Mokotowska_65_elewacja_frontowa_brama_drzwi_detal_02-scaled.jpg\"><img loading=\"lazy\" decoding=\"async\" width=\"2560\" height=\"2461\" data-id=\"14148\" src=\"http:\/\/lapidarium.fundacja-hereditas.pl\/wp-content\/uploads\/2023\/10\/Dziubiel_Agnieszka_Warszawa_Mokotowska_65_elewacja_frontowa_brama_drzwi_detal_02-scaled.jpg\" alt=\"\" class=\"wp-image-14148\" srcset=\"http:\/\/lapidarium.fundacja-hereditas.pl\/wp-content\/uploads\/2023\/10\/Dziubiel_Agnieszka_Warszawa_Mokotowska_65_elewacja_frontowa_brama_drzwi_detal_02-scaled.jpg 2560w, http:\/\/lapidarium.fundacja-hereditas.pl\/wp-content\/uploads\/2023\/10\/Dziubiel_Agnieszka_Warszawa_Mokotowska_65_elewacja_frontowa_brama_drzwi_detal_02-300x288.jpg 300w, http:\/\/lapidarium.fundacja-hereditas.pl\/wp-content\/uploads\/2023\/10\/Dziubiel_Agnieszka_Warszawa_Mokotowska_65_elewacja_frontowa_brama_drzwi_detal_02-1024x984.jpg 1024w, http:\/\/lapidarium.fundacja-hereditas.pl\/wp-content\/uploads\/2023\/10\/Dziubiel_Agnieszka_Warszawa_Mokotowska_65_elewacja_frontowa_brama_drzwi_detal_02-768x738.jpg 768w, http:\/\/lapidarium.fundacja-hereditas.pl\/wp-content\/uploads\/2023\/10\/Dziubiel_Agnieszka_Warszawa_Mokotowska_65_elewacja_frontowa_brama_drzwi_detal_02-1536x1476.jpg 1536w, http:\/\/lapidarium.fundacja-hereditas.pl\/wp-content\/uploads\/2023\/10\/Dziubiel_Agnieszka_Warszawa_Mokotowska_65_elewacja_frontowa_brama_drzwi_detal_02-2048x1968.jpg 2048w, http:\/\/lapidarium.fundacja-hereditas.pl\/wp-content\/uploads\/2023\/10\/Dziubiel_Agnieszka_Warszawa_Mokotowska_65_elewacja_frontowa_brama_drzwi_detal_02-150x144.jpg 150w, http:\/\/lapidarium.fundacja-hereditas.pl\/wp-content\/uploads\/2023\/10\/Dziubiel_Agnieszka_Warszawa_Mokotowska_65_elewacja_frontowa_brama_drzwi_detal_02-696x669.jpg 696w, http:\/\/lapidarium.fundacja-hereditas.pl\/wp-content\/uploads\/2023\/10\/Dziubiel_Agnieszka_Warszawa_Mokotowska_65_elewacja_frontowa_brama_drzwi_detal_02-1068x1027.jpg 1068w, http:\/\/lapidarium.fundacja-hereditas.pl\/wp-content\/uploads\/2023\/10\/Dziubiel_Agnieszka_Warszawa_Mokotowska_65_elewacja_frontowa_brama_drzwi_detal_02-1920x1845.jpg 1920w\" sizes=\"auto, (max-width: 2560px) 100vw, 2560px\" \/><\/a><figcaption class=\"wp-element-caption\">Przejazd bramny domu frontowego. Drzwi do str\u00f3\u017c\u00f3wki (?). Fot. Agnieszka Dziubiel, 2023 r., \u017ar\u00f3d\u0142o: AOD IV.<\/figcaption><\/figure>\n\n\n\n<figure class=\"wp-block-image\"><a href=\"http:\/\/lapidarium.fundacja-hereditas.pl\/wp-content\/uploads\/2023\/10\/Dziubiel_Agnieszka_Warszawa_Mokotowska_65_elewacja_frontowa_brama_odbojnik_lewy_01-scaled.jpg\"><img loading=\"lazy\" decoding=\"async\" width=\"1966\" height=\"2560\" data-id=\"14149\" src=\"http:\/\/lapidarium.fundacja-hereditas.pl\/wp-content\/uploads\/2023\/10\/Dziubiel_Agnieszka_Warszawa_Mokotowska_65_elewacja_frontowa_brama_odbojnik_lewy_01-scaled.jpg\" alt=\"\" class=\"wp-image-14149\" srcset=\"http:\/\/lapidarium.fundacja-hereditas.pl\/wp-content\/uploads\/2023\/10\/Dziubiel_Agnieszka_Warszawa_Mokotowska_65_elewacja_frontowa_brama_odbojnik_lewy_01-scaled.jpg 1966w, http:\/\/lapidarium.fundacja-hereditas.pl\/wp-content\/uploads\/2023\/10\/Dziubiel_Agnieszka_Warszawa_Mokotowska_65_elewacja_frontowa_brama_odbojnik_lewy_01-230x300.jpg 230w, http:\/\/lapidarium.fundacja-hereditas.pl\/wp-content\/uploads\/2023\/10\/Dziubiel_Agnieszka_Warszawa_Mokotowska_65_elewacja_frontowa_brama_odbojnik_lewy_01-786x1024.jpg 786w, http:\/\/lapidarium.fundacja-hereditas.pl\/wp-content\/uploads\/2023\/10\/Dziubiel_Agnieszka_Warszawa_Mokotowska_65_elewacja_frontowa_brama_odbojnik_lewy_01-768x1000.jpg 768w, http:\/\/lapidarium.fundacja-hereditas.pl\/wp-content\/uploads\/2023\/10\/Dziubiel_Agnieszka_Warszawa_Mokotowska_65_elewacja_frontowa_brama_odbojnik_lewy_01-1180x1536.jpg 1180w, http:\/\/lapidarium.fundacja-hereditas.pl\/wp-content\/uploads\/2023\/10\/Dziubiel_Agnieszka_Warszawa_Mokotowska_65_elewacja_frontowa_brama_odbojnik_lewy_01-1573x2048.jpg 1573w, http:\/\/lapidarium.fundacja-hereditas.pl\/wp-content\/uploads\/2023\/10\/Dziubiel_Agnieszka_Warszawa_Mokotowska_65_elewacja_frontowa_brama_odbojnik_lewy_01-150x195.jpg 150w, http:\/\/lapidarium.fundacja-hereditas.pl\/wp-content\/uploads\/2023\/10\/Dziubiel_Agnieszka_Warszawa_Mokotowska_65_elewacja_frontowa_brama_odbojnik_lewy_01-300x391.jpg 300w, http:\/\/lapidarium.fundacja-hereditas.pl\/wp-content\/uploads\/2023\/10\/Dziubiel_Agnieszka_Warszawa_Mokotowska_65_elewacja_frontowa_brama_odbojnik_lewy_01-696x906.jpg 696w, http:\/\/lapidarium.fundacja-hereditas.pl\/wp-content\/uploads\/2023\/10\/Dziubiel_Agnieszka_Warszawa_Mokotowska_65_elewacja_frontowa_brama_odbojnik_lewy_01-1068x1391.jpg 1068w, http:\/\/lapidarium.fundacja-hereditas.pl\/wp-content\/uploads\/2023\/10\/Dziubiel_Agnieszka_Warszawa_Mokotowska_65_elewacja_frontowa_brama_odbojnik_lewy_01-1920x2500.jpg 1920w\" sizes=\"auto, (max-width: 1966px) 100vw, 1966px\" \/><\/a><figcaption class=\"wp-element-caption\">Przejazd bramny domu frontowego &#8211; na zewn\u0105trz (strona po\u0142udniowa). Odb\u00f3j &#8211; krasnal. Fot. Agnieszka Dziubiel, 2023 r., \u017ar\u00f3d\u0142o: AOD IV.<\/figcaption><\/figure>\n\n\n\n<figure class=\"wp-block-image\"><a href=\"http:\/\/lapidarium.fundacja-hereditas.pl\/wp-content\/uploads\/2023\/10\/Dziubiel_Agnieszka_Warszawa_Mokotowska_65_elewacja_frontowa_brama_odbojnik_lewy_02-scaled.jpg\"><img loading=\"lazy\" decoding=\"async\" width=\"1792\" height=\"2560\" data-id=\"14150\" src=\"http:\/\/lapidarium.fundacja-hereditas.pl\/wp-content\/uploads\/2023\/10\/Dziubiel_Agnieszka_Warszawa_Mokotowska_65_elewacja_frontowa_brama_odbojnik_lewy_02-scaled.jpg\" alt=\"\" class=\"wp-image-14150\" srcset=\"http:\/\/lapidarium.fundacja-hereditas.pl\/wp-content\/uploads\/2023\/10\/Dziubiel_Agnieszka_Warszawa_Mokotowska_65_elewacja_frontowa_brama_odbojnik_lewy_02-scaled.jpg 1792w, http:\/\/lapidarium.fundacja-hereditas.pl\/wp-content\/uploads\/2023\/10\/Dziubiel_Agnieszka_Warszawa_Mokotowska_65_elewacja_frontowa_brama_odbojnik_lewy_02-210x300.jpg 210w, http:\/\/lapidarium.fundacja-hereditas.pl\/wp-content\/uploads\/2023\/10\/Dziubiel_Agnieszka_Warszawa_Mokotowska_65_elewacja_frontowa_brama_odbojnik_lewy_02-717x1024.jpg 717w, http:\/\/lapidarium.fundacja-hereditas.pl\/wp-content\/uploads\/2023\/10\/Dziubiel_Agnieszka_Warszawa_Mokotowska_65_elewacja_frontowa_brama_odbojnik_lewy_02-768x1097.jpg 768w, http:\/\/lapidarium.fundacja-hereditas.pl\/wp-content\/uploads\/2023\/10\/Dziubiel_Agnieszka_Warszawa_Mokotowska_65_elewacja_frontowa_brama_odbojnik_lewy_02-1075x1536.jpg 1075w, http:\/\/lapidarium.fundacja-hereditas.pl\/wp-content\/uploads\/2023\/10\/Dziubiel_Agnieszka_Warszawa_Mokotowska_65_elewacja_frontowa_brama_odbojnik_lewy_02-1434x2048.jpg 1434w, http:\/\/lapidarium.fundacja-hereditas.pl\/wp-content\/uploads\/2023\/10\/Dziubiel_Agnieszka_Warszawa_Mokotowska_65_elewacja_frontowa_brama_odbojnik_lewy_02-150x214.jpg 150w, http:\/\/lapidarium.fundacja-hereditas.pl\/wp-content\/uploads\/2023\/10\/Dziubiel_Agnieszka_Warszawa_Mokotowska_65_elewacja_frontowa_brama_odbojnik_lewy_02-300x428.jpg 300w, http:\/\/lapidarium.fundacja-hereditas.pl\/wp-content\/uploads\/2023\/10\/Dziubiel_Agnieszka_Warszawa_Mokotowska_65_elewacja_frontowa_brama_odbojnik_lewy_02-696x994.jpg 696w, http:\/\/lapidarium.fundacja-hereditas.pl\/wp-content\/uploads\/2023\/10\/Dziubiel_Agnieszka_Warszawa_Mokotowska_65_elewacja_frontowa_brama_odbojnik_lewy_02-1068x1525.jpg 1068w, http:\/\/lapidarium.fundacja-hereditas.pl\/wp-content\/uploads\/2023\/10\/Dziubiel_Agnieszka_Warszawa_Mokotowska_65_elewacja_frontowa_brama_odbojnik_lewy_02-1920x2742.jpg 1920w\" sizes=\"auto, (max-width: 1792px) 100vw, 1792px\" \/><\/a><figcaption class=\"wp-element-caption\">Przejazd bramny domu frontowego &#8211; na zewn\u0105trz (strona po\u0142udniowa). Odb\u00f3j &#8211; krasnal. Fot. Agnieszka Dziubiel, 2023 r., \u017ar\u00f3d\u0142o: AOD IV.<\/figcaption><\/figure>\n\n\n\n<figure class=\"wp-block-image\"><a href=\"http:\/\/lapidarium.fundacja-hereditas.pl\/wp-content\/uploads\/2023\/10\/Dziubiel_Agnieszka_Warszawa_Mokotowska_65_elewacja_frontowa_brama_odbojnik_lewy_03-scaled.jpg\"><img loading=\"lazy\" decoding=\"async\" width=\"2127\" height=\"2560\" data-id=\"14151\" src=\"http:\/\/lapidarium.fundacja-hereditas.pl\/wp-content\/uploads\/2023\/10\/Dziubiel_Agnieszka_Warszawa_Mokotowska_65_elewacja_frontowa_brama_odbojnik_lewy_03-scaled.jpg\" alt=\"\" class=\"wp-image-14151\" srcset=\"http:\/\/lapidarium.fundacja-hereditas.pl\/wp-content\/uploads\/2023\/10\/Dziubiel_Agnieszka_Warszawa_Mokotowska_65_elewacja_frontowa_brama_odbojnik_lewy_03-scaled.jpg 2127w, http:\/\/lapidarium.fundacja-hereditas.pl\/wp-content\/uploads\/2023\/10\/Dziubiel_Agnieszka_Warszawa_Mokotowska_65_elewacja_frontowa_brama_odbojnik_lewy_03-249x300.jpg 249w, http:\/\/lapidarium.fundacja-hereditas.pl\/wp-content\/uploads\/2023\/10\/Dziubiel_Agnieszka_Warszawa_Mokotowska_65_elewacja_frontowa_brama_odbojnik_lewy_03-851x1024.jpg 851w, http:\/\/lapidarium.fundacja-hereditas.pl\/wp-content\/uploads\/2023\/10\/Dziubiel_Agnieszka_Warszawa_Mokotowska_65_elewacja_frontowa_brama_odbojnik_lewy_03-768x924.jpg 768w, http:\/\/lapidarium.fundacja-hereditas.pl\/wp-content\/uploads\/2023\/10\/Dziubiel_Agnieszka_Warszawa_Mokotowska_65_elewacja_frontowa_brama_odbojnik_lewy_03-1276x1536.jpg 1276w, http:\/\/lapidarium.fundacja-hereditas.pl\/wp-content\/uploads\/2023\/10\/Dziubiel_Agnieszka_Warszawa_Mokotowska_65_elewacja_frontowa_brama_odbojnik_lewy_03-1702x2048.jpg 1702w, http:\/\/lapidarium.fundacja-hereditas.pl\/wp-content\/uploads\/2023\/10\/Dziubiel_Agnieszka_Warszawa_Mokotowska_65_elewacja_frontowa_brama_odbojnik_lewy_03-150x181.jpg 150w, http:\/\/lapidarium.fundacja-hereditas.pl\/wp-content\/uploads\/2023\/10\/Dziubiel_Agnieszka_Warszawa_Mokotowska_65_elewacja_frontowa_brama_odbojnik_lewy_03-300x361.jpg 300w, http:\/\/lapidarium.fundacja-hereditas.pl\/wp-content\/uploads\/2023\/10\/Dziubiel_Agnieszka_Warszawa_Mokotowska_65_elewacja_frontowa_brama_odbojnik_lewy_03-696x838.jpg 696w, http:\/\/lapidarium.fundacja-hereditas.pl\/wp-content\/uploads\/2023\/10\/Dziubiel_Agnieszka_Warszawa_Mokotowska_65_elewacja_frontowa_brama_odbojnik_lewy_03-1068x1285.jpg 1068w, http:\/\/lapidarium.fundacja-hereditas.pl\/wp-content\/uploads\/2023\/10\/Dziubiel_Agnieszka_Warszawa_Mokotowska_65_elewacja_frontowa_brama_odbojnik_lewy_03-1920x2310.jpg 1920w\" sizes=\"auto, (max-width: 2127px) 100vw, 2127px\" \/><\/a><figcaption class=\"wp-element-caption\">Przejazd bramny domu frontowego &#8211; na zewn\u0105trz (strona po\u0142udniowa). Odb\u00f3j &#8211; krasnal. Fot. Agnieszka Dziubiel, 2023 r., \u017ar\u00f3d\u0142o: AOD IV.<\/figcaption><\/figure>\n\n\n\n<figure class=\"wp-block-image\"><a href=\"http:\/\/lapidarium.fundacja-hereditas.pl\/wp-content\/uploads\/2023\/10\/Dziubiel_Agnieszka_Warszawa_Mokotowska_65_elewacja_frontowa_brama_detal_04-scaled.jpg\"><img loading=\"lazy\" decoding=\"async\" width=\"2560\" height=\"1989\" data-id=\"14146\" src=\"http:\/\/lapidarium.fundacja-hereditas.pl\/wp-content\/uploads\/2023\/10\/Dziubiel_Agnieszka_Warszawa_Mokotowska_65_elewacja_frontowa_brama_detal_04-scaled.jpg\" alt=\"\" class=\"wp-image-14146\" srcset=\"http:\/\/lapidarium.fundacja-hereditas.pl\/wp-content\/uploads\/2023\/10\/Dziubiel_Agnieszka_Warszawa_Mokotowska_65_elewacja_frontowa_brama_detal_04-scaled.jpg 2560w, http:\/\/lapidarium.fundacja-hereditas.pl\/wp-content\/uploads\/2023\/10\/Dziubiel_Agnieszka_Warszawa_Mokotowska_65_elewacja_frontowa_brama_detal_04-300x233.jpg 300w, http:\/\/lapidarium.fundacja-hereditas.pl\/wp-content\/uploads\/2023\/10\/Dziubiel_Agnieszka_Warszawa_Mokotowska_65_elewacja_frontowa_brama_detal_04-1024x796.jpg 1024w, http:\/\/lapidarium.fundacja-hereditas.pl\/wp-content\/uploads\/2023\/10\/Dziubiel_Agnieszka_Warszawa_Mokotowska_65_elewacja_frontowa_brama_detal_04-768x597.jpg 768w, http:\/\/lapidarium.fundacja-hereditas.pl\/wp-content\/uploads\/2023\/10\/Dziubiel_Agnieszka_Warszawa_Mokotowska_65_elewacja_frontowa_brama_detal_04-1536x1193.jpg 1536w, http:\/\/lapidarium.fundacja-hereditas.pl\/wp-content\/uploads\/2023\/10\/Dziubiel_Agnieszka_Warszawa_Mokotowska_65_elewacja_frontowa_brama_detal_04-2048x1591.jpg 2048w, http:\/\/lapidarium.fundacja-hereditas.pl\/wp-content\/uploads\/2023\/10\/Dziubiel_Agnieszka_Warszawa_Mokotowska_65_elewacja_frontowa_brama_detal_04-150x117.jpg 150w, http:\/\/lapidarium.fundacja-hereditas.pl\/wp-content\/uploads\/2023\/10\/Dziubiel_Agnieszka_Warszawa_Mokotowska_65_elewacja_frontowa_brama_detal_04-696x541.jpg 696w, http:\/\/lapidarium.fundacja-hereditas.pl\/wp-content\/uploads\/2023\/10\/Dziubiel_Agnieszka_Warszawa_Mokotowska_65_elewacja_frontowa_brama_detal_04-1068x830.jpg 1068w, http:\/\/lapidarium.fundacja-hereditas.pl\/wp-content\/uploads\/2023\/10\/Dziubiel_Agnieszka_Warszawa_Mokotowska_65_elewacja_frontowa_brama_detal_04-1920x1492.jpg 1920w\" sizes=\"auto, (max-width: 2560px) 100vw, 2560px\" \/><\/a><figcaption class=\"wp-element-caption\">Przejazd bramny domu frontowego &#8211; strop na zewn\u0105trz, od ulicy. Fot. Agnieszka Dziubiel, 2023 r., \u017ar\u00f3d\u0142o: AOD IV.<\/figcaption><\/figure>\n\n\n\n<figure class=\"wp-block-image\"><a href=\"http:\/\/lapidarium.fundacja-hereditas.pl\/wp-content\/uploads\/2023\/10\/Robert_Marcinkowski_Warszawa_Mokotowska_65_brama_01-scaled.jpg\"><img loading=\"lazy\" decoding=\"async\" width=\"2560\" height=\"1423\" data-id=\"14273\" src=\"http:\/\/lapidarium.fundacja-hereditas.pl\/wp-content\/uploads\/2023\/10\/Robert_Marcinkowski_Warszawa_Mokotowska_65_brama_01-scaled.jpg\" alt=\"\" class=\"wp-image-14273\" srcset=\"http:\/\/lapidarium.fundacja-hereditas.pl\/wp-content\/uploads\/2023\/10\/Robert_Marcinkowski_Warszawa_Mokotowska_65_brama_01-scaled.jpg 2560w, http:\/\/lapidarium.fundacja-hereditas.pl\/wp-content\/uploads\/2023\/10\/Robert_Marcinkowski_Warszawa_Mokotowska_65_brama_01-300x167.jpg 300w, http:\/\/lapidarium.fundacja-hereditas.pl\/wp-content\/uploads\/2023\/10\/Robert_Marcinkowski_Warszawa_Mokotowska_65_brama_01-1024x569.jpg 1024w, http:\/\/lapidarium.fundacja-hereditas.pl\/wp-content\/uploads\/2023\/10\/Robert_Marcinkowski_Warszawa_Mokotowska_65_brama_01-768x427.jpg 768w, http:\/\/lapidarium.fundacja-hereditas.pl\/wp-content\/uploads\/2023\/10\/Robert_Marcinkowski_Warszawa_Mokotowska_65_brama_01-1536x854.jpg 1536w, http:\/\/lapidarium.fundacja-hereditas.pl\/wp-content\/uploads\/2023\/10\/Robert_Marcinkowski_Warszawa_Mokotowska_65_brama_01-2048x1138.jpg 2048w, http:\/\/lapidarium.fundacja-hereditas.pl\/wp-content\/uploads\/2023\/10\/Robert_Marcinkowski_Warszawa_Mokotowska_65_brama_01-150x83.jpg 150w, http:\/\/lapidarium.fundacja-hereditas.pl\/wp-content\/uploads\/2023\/10\/Robert_Marcinkowski_Warszawa_Mokotowska_65_brama_01-696x387.jpg 696w, http:\/\/lapidarium.fundacja-hereditas.pl\/wp-content\/uploads\/2023\/10\/Robert_Marcinkowski_Warszawa_Mokotowska_65_brama_01-1068x594.jpg 1068w, http:\/\/lapidarium.fundacja-hereditas.pl\/wp-content\/uploads\/2023\/10\/Robert_Marcinkowski_Warszawa_Mokotowska_65_brama_01-1920x1067.jpg 1920w\" sizes=\"auto, (max-width: 2560px) 100vw, 2560px\" \/><\/a><figcaption class=\"wp-element-caption\">Przejazd bramny domu frontowego &#8211; na zewn\u0105trz, od ulicy. Fot. Robert Marcinkowski, 2023 r., \u017ar\u00f3d\u0142o: AOD IV.<\/figcaption><\/figure>\n\n\n\n<figure class=\"wp-block-image\"><a href=\"http:\/\/lapidarium.fundacja-hereditas.pl\/wp-content\/uploads\/2023\/10\/Robert_Marcinkowski_Warszawa_Mokotowska_65_brama_02-scaled.jpg\"><img loading=\"lazy\" decoding=\"async\" width=\"1510\" height=\"2560\" data-id=\"14274\" src=\"http:\/\/lapidarium.fundacja-hereditas.pl\/wp-content\/uploads\/2023\/10\/Robert_Marcinkowski_Warszawa_Mokotowska_65_brama_02-scaled.jpg\" alt=\"\" class=\"wp-image-14274\" srcset=\"http:\/\/lapidarium.fundacja-hereditas.pl\/wp-content\/uploads\/2023\/10\/Robert_Marcinkowski_Warszawa_Mokotowska_65_brama_02-scaled.jpg 1510w, http:\/\/lapidarium.fundacja-hereditas.pl\/wp-content\/uploads\/2023\/10\/Robert_Marcinkowski_Warszawa_Mokotowska_65_brama_02-177x300.jpg 177w, http:\/\/lapidarium.fundacja-hereditas.pl\/wp-content\/uploads\/2023\/10\/Robert_Marcinkowski_Warszawa_Mokotowska_65_brama_02-604x1024.jpg 604w, http:\/\/lapidarium.fundacja-hereditas.pl\/wp-content\/uploads\/2023\/10\/Robert_Marcinkowski_Warszawa_Mokotowska_65_brama_02-768x1302.jpg 768w, http:\/\/lapidarium.fundacja-hereditas.pl\/wp-content\/uploads\/2023\/10\/Robert_Marcinkowski_Warszawa_Mokotowska_65_brama_02-906x1536.jpg 906w, http:\/\/lapidarium.fundacja-hereditas.pl\/wp-content\/uploads\/2023\/10\/Robert_Marcinkowski_Warszawa_Mokotowska_65_brama_02-1208x2048.jpg 1208w, http:\/\/lapidarium.fundacja-hereditas.pl\/wp-content\/uploads\/2023\/10\/Robert_Marcinkowski_Warszawa_Mokotowska_65_brama_02-150x254.jpg 150w, http:\/\/lapidarium.fundacja-hereditas.pl\/wp-content\/uploads\/2023\/10\/Robert_Marcinkowski_Warszawa_Mokotowska_65_brama_02-300x509.jpg 300w, http:\/\/lapidarium.fundacja-hereditas.pl\/wp-content\/uploads\/2023\/10\/Robert_Marcinkowski_Warszawa_Mokotowska_65_brama_02-696x1180.jpg 696w, http:\/\/lapidarium.fundacja-hereditas.pl\/wp-content\/uploads\/2023\/10\/Robert_Marcinkowski_Warszawa_Mokotowska_65_brama_02-1068x1811.jpg 1068w, http:\/\/lapidarium.fundacja-hereditas.pl\/wp-content\/uploads\/2023\/10\/Robert_Marcinkowski_Warszawa_Mokotowska_65_brama_02-1920x3255.jpg 1920w\" sizes=\"auto, (max-width: 1510px) 100vw, 1510px\" \/><\/a><figcaption class=\"wp-element-caption\">Przejazd bramny domu frontowego &#8211; dekoracje sztukatorskie. Fot. Robert Marcinkowski, 2023 r., \u017ar\u00f3d\u0142o: AOD IV.<\/figcaption><\/figure>\n\n\n\n<figure class=\"wp-block-image\"><a href=\"http:\/\/lapidarium.fundacja-hereditas.pl\/wp-content\/uploads\/2023\/10\/Dziubiel_Agnieszka_Warszawa_Mokotowska_65_elewacja_frontowa_brama_detal_03-scaled.jpg\"><img loading=\"lazy\" decoding=\"async\" width=\"1764\" height=\"2560\" data-id=\"14145\" src=\"http:\/\/lapidarium.fundacja-hereditas.pl\/wp-content\/uploads\/2023\/10\/Dziubiel_Agnieszka_Warszawa_Mokotowska_65_elewacja_frontowa_brama_detal_03-scaled.jpg\" alt=\"\" class=\"wp-image-14145\" srcset=\"http:\/\/lapidarium.fundacja-hereditas.pl\/wp-content\/uploads\/2023\/10\/Dziubiel_Agnieszka_Warszawa_Mokotowska_65_elewacja_frontowa_brama_detal_03-scaled.jpg 1764w, http:\/\/lapidarium.fundacja-hereditas.pl\/wp-content\/uploads\/2023\/10\/Dziubiel_Agnieszka_Warszawa_Mokotowska_65_elewacja_frontowa_brama_detal_03-207x300.jpg 207w, http:\/\/lapidarium.fundacja-hereditas.pl\/wp-content\/uploads\/2023\/10\/Dziubiel_Agnieszka_Warszawa_Mokotowska_65_elewacja_frontowa_brama_detal_03-705x1024.jpg 705w, http:\/\/lapidarium.fundacja-hereditas.pl\/wp-content\/uploads\/2023\/10\/Dziubiel_Agnieszka_Warszawa_Mokotowska_65_elewacja_frontowa_brama_detal_03-768x1115.jpg 768w, http:\/\/lapidarium.fundacja-hereditas.pl\/wp-content\/uploads\/2023\/10\/Dziubiel_Agnieszka_Warszawa_Mokotowska_65_elewacja_frontowa_brama_detal_03-1058x1536.jpg 1058w, http:\/\/lapidarium.fundacja-hereditas.pl\/wp-content\/uploads\/2023\/10\/Dziubiel_Agnieszka_Warszawa_Mokotowska_65_elewacja_frontowa_brama_detal_03-1411x2048.jpg 1411w, http:\/\/lapidarium.fundacja-hereditas.pl\/wp-content\/uploads\/2023\/10\/Dziubiel_Agnieszka_Warszawa_Mokotowska_65_elewacja_frontowa_brama_detal_03-150x218.jpg 150w, http:\/\/lapidarium.fundacja-hereditas.pl\/wp-content\/uploads\/2023\/10\/Dziubiel_Agnieszka_Warszawa_Mokotowska_65_elewacja_frontowa_brama_detal_03-300x435.jpg 300w, http:\/\/lapidarium.fundacja-hereditas.pl\/wp-content\/uploads\/2023\/10\/Dziubiel_Agnieszka_Warszawa_Mokotowska_65_elewacja_frontowa_brama_detal_03-696x1010.jpg 696w, http:\/\/lapidarium.fundacja-hereditas.pl\/wp-content\/uploads\/2023\/10\/Dziubiel_Agnieszka_Warszawa_Mokotowska_65_elewacja_frontowa_brama_detal_03-1068x1550.jpg 1068w, http:\/\/lapidarium.fundacja-hereditas.pl\/wp-content\/uploads\/2023\/10\/Dziubiel_Agnieszka_Warszawa_Mokotowska_65_elewacja_frontowa_brama_detal_03-1920x2787.jpg 1920w\" sizes=\"auto, (max-width: 1764px) 100vw, 1764px\" \/><\/a><figcaption class=\"wp-element-caption\">Przejazd bramny domu frontowego &#8211; konsola. Fot. Agnieszka Dziubiel, 2023 r., \u017ar\u00f3d\u0142o: AOD IV.<\/figcaption><\/figure>\n\n\n\n<figure class=\"wp-block-image\"><a href=\"http:\/\/lapidarium.fundacja-hereditas.pl\/wp-content\/uploads\/2023\/10\/Dziubiel_Agnieszka_Warszawa_Mokotowska_65_elewacja_frontowa_przejazd_bramny_detal_07-scaled.jpg\"><img loading=\"lazy\" decoding=\"async\" width=\"1464\" height=\"2560\" data-id=\"14160\" src=\"http:\/\/lapidarium.fundacja-hereditas.pl\/wp-content\/uploads\/2023\/10\/Dziubiel_Agnieszka_Warszawa_Mokotowska_65_elewacja_frontowa_przejazd_bramny_detal_07-scaled.jpg\" alt=\"\" class=\"wp-image-14160\" srcset=\"http:\/\/lapidarium.fundacja-hereditas.pl\/wp-content\/uploads\/2023\/10\/Dziubiel_Agnieszka_Warszawa_Mokotowska_65_elewacja_frontowa_przejazd_bramny_detal_07-scaled.jpg 1464w, http:\/\/lapidarium.fundacja-hereditas.pl\/wp-content\/uploads\/2023\/10\/Dziubiel_Agnieszka_Warszawa_Mokotowska_65_elewacja_frontowa_przejazd_bramny_detal_07-172x300.jpg 172w, http:\/\/lapidarium.fundacja-hereditas.pl\/wp-content\/uploads\/2023\/10\/Dziubiel_Agnieszka_Warszawa_Mokotowska_65_elewacja_frontowa_przejazd_bramny_detal_07-585x1024.jpg 585w, http:\/\/lapidarium.fundacja-hereditas.pl\/wp-content\/uploads\/2023\/10\/Dziubiel_Agnieszka_Warszawa_Mokotowska_65_elewacja_frontowa_przejazd_bramny_detal_07-768x1343.jpg 768w, http:\/\/lapidarium.fundacja-hereditas.pl\/wp-content\/uploads\/2023\/10\/Dziubiel_Agnieszka_Warszawa_Mokotowska_65_elewacja_frontowa_przejazd_bramny_detal_07-878x1536.jpg 878w, http:\/\/lapidarium.fundacja-hereditas.pl\/wp-content\/uploads\/2023\/10\/Dziubiel_Agnieszka_Warszawa_Mokotowska_65_elewacja_frontowa_przejazd_bramny_detal_07-1171x2048.jpg 1171w, http:\/\/lapidarium.fundacja-hereditas.pl\/wp-content\/uploads\/2023\/10\/Dziubiel_Agnieszka_Warszawa_Mokotowska_65_elewacja_frontowa_przejazd_bramny_detal_07-150x262.jpg 150w, http:\/\/lapidarium.fundacja-hereditas.pl\/wp-content\/uploads\/2023\/10\/Dziubiel_Agnieszka_Warszawa_Mokotowska_65_elewacja_frontowa_przejazd_bramny_detal_07-300x525.jpg 300w, http:\/\/lapidarium.fundacja-hereditas.pl\/wp-content\/uploads\/2023\/10\/Dziubiel_Agnieszka_Warszawa_Mokotowska_65_elewacja_frontowa_przejazd_bramny_detal_07-696x1217.jpg 696w, http:\/\/lapidarium.fundacja-hereditas.pl\/wp-content\/uploads\/2023\/10\/Dziubiel_Agnieszka_Warszawa_Mokotowska_65_elewacja_frontowa_przejazd_bramny_detal_07-1068x1868.jpg 1068w, http:\/\/lapidarium.fundacja-hereditas.pl\/wp-content\/uploads\/2023\/10\/Dziubiel_Agnieszka_Warszawa_Mokotowska_65_elewacja_frontowa_przejazd_bramny_detal_07-1920x3358.jpg 1920w\" sizes=\"auto, (max-width: 1464px) 100vw, 1464px\" \/><\/a><figcaption class=\"wp-element-caption\">Przejazd bramny domu frontowego. Witryna na list\u0119 lokator\u00f3w i skrzynki na listy. Fot. Agnieszka Dziubiel, 2023 r., \u017ar\u00f3d\u0142o: AOD IV.<\/figcaption><\/figure>\n\n\n\n<figure class=\"wp-block-image\"><a href=\"http:\/\/lapidarium.fundacja-hereditas.pl\/wp-content\/uploads\/2023\/10\/Dziubiel_Agnieszka_Warszawa_Mokotowska_65_elewacja_frontowa_przejazd_bramny_detal_08-scaled.jpg\"><img loading=\"lazy\" decoding=\"async\" width=\"2560\" height=\"1889\" data-id=\"14161\" src=\"http:\/\/lapidarium.fundacja-hereditas.pl\/wp-content\/uploads\/2023\/10\/Dziubiel_Agnieszka_Warszawa_Mokotowska_65_elewacja_frontowa_przejazd_bramny_detal_08-scaled.jpg\" alt=\"\" class=\"wp-image-14161\" srcset=\"http:\/\/lapidarium.fundacja-hereditas.pl\/wp-content\/uploads\/2023\/10\/Dziubiel_Agnieszka_Warszawa_Mokotowska_65_elewacja_frontowa_przejazd_bramny_detal_08-scaled.jpg 2560w, http:\/\/lapidarium.fundacja-hereditas.pl\/wp-content\/uploads\/2023\/10\/Dziubiel_Agnieszka_Warszawa_Mokotowska_65_elewacja_frontowa_przejazd_bramny_detal_08-300x221.jpg 300w, http:\/\/lapidarium.fundacja-hereditas.pl\/wp-content\/uploads\/2023\/10\/Dziubiel_Agnieszka_Warszawa_Mokotowska_65_elewacja_frontowa_przejazd_bramny_detal_08-1024x756.jpg 1024w, http:\/\/lapidarium.fundacja-hereditas.pl\/wp-content\/uploads\/2023\/10\/Dziubiel_Agnieszka_Warszawa_Mokotowska_65_elewacja_frontowa_przejazd_bramny_detal_08-768x567.jpg 768w, http:\/\/lapidarium.fundacja-hereditas.pl\/wp-content\/uploads\/2023\/10\/Dziubiel_Agnieszka_Warszawa_Mokotowska_65_elewacja_frontowa_przejazd_bramny_detal_08-1536x1134.jpg 1536w, http:\/\/lapidarium.fundacja-hereditas.pl\/wp-content\/uploads\/2023\/10\/Dziubiel_Agnieszka_Warszawa_Mokotowska_65_elewacja_frontowa_przejazd_bramny_detal_08-2048x1512.jpg 2048w, http:\/\/lapidarium.fundacja-hereditas.pl\/wp-content\/uploads\/2023\/10\/Dziubiel_Agnieszka_Warszawa_Mokotowska_65_elewacja_frontowa_przejazd_bramny_detal_08-150x111.jpg 150w, http:\/\/lapidarium.fundacja-hereditas.pl\/wp-content\/uploads\/2023\/10\/Dziubiel_Agnieszka_Warszawa_Mokotowska_65_elewacja_frontowa_przejazd_bramny_detal_08-696x514.jpg 696w, http:\/\/lapidarium.fundacja-hereditas.pl\/wp-content\/uploads\/2023\/10\/Dziubiel_Agnieszka_Warszawa_Mokotowska_65_elewacja_frontowa_przejazd_bramny_detal_08-1068x788.jpg 1068w, http:\/\/lapidarium.fundacja-hereditas.pl\/wp-content\/uploads\/2023\/10\/Dziubiel_Agnieszka_Warszawa_Mokotowska_65_elewacja_frontowa_przejazd_bramny_detal_08-1920x1417.jpg 1920w\" sizes=\"auto, (max-width: 2560px) 100vw, 2560px\" \/><\/a><figcaption class=\"wp-element-caption\">Przejazd bramny domu frontowego. Skrzynki na listy. Fot. Agnieszka Dziubiel, 2023 r., \u017ar\u00f3d\u0142o: AOD IV.<\/figcaption><\/figure>\n\n\n\n<figure class=\"wp-block-image\"><a href=\"http:\/\/lapidarium.fundacja-hereditas.pl\/wp-content\/uploads\/2023\/10\/Dziubiel_Agnieszka_Warszawa_Mokotowska_65_elewacja_frontowa_przejazd_bramny_detal_11-scaled.jpg\"><img loading=\"lazy\" decoding=\"async\" width=\"2560\" height=\"1874\" data-id=\"14162\" src=\"http:\/\/lapidarium.fundacja-hereditas.pl\/wp-content\/uploads\/2023\/10\/Dziubiel_Agnieszka_Warszawa_Mokotowska_65_elewacja_frontowa_przejazd_bramny_detal_11-scaled.jpg\" alt=\"\" class=\"wp-image-14162\" srcset=\"http:\/\/lapidarium.fundacja-hereditas.pl\/wp-content\/uploads\/2023\/10\/Dziubiel_Agnieszka_Warszawa_Mokotowska_65_elewacja_frontowa_przejazd_bramny_detal_11-scaled.jpg 2560w, http:\/\/lapidarium.fundacja-hereditas.pl\/wp-content\/uploads\/2023\/10\/Dziubiel_Agnieszka_Warszawa_Mokotowska_65_elewacja_frontowa_przejazd_bramny_detal_11-300x220.jpg 300w, http:\/\/lapidarium.fundacja-hereditas.pl\/wp-content\/uploads\/2023\/10\/Dziubiel_Agnieszka_Warszawa_Mokotowska_65_elewacja_frontowa_przejazd_bramny_detal_11-1024x750.jpg 1024w, http:\/\/lapidarium.fundacja-hereditas.pl\/wp-content\/uploads\/2023\/10\/Dziubiel_Agnieszka_Warszawa_Mokotowska_65_elewacja_frontowa_przejazd_bramny_detal_11-768x562.jpg 768w, http:\/\/lapidarium.fundacja-hereditas.pl\/wp-content\/uploads\/2023\/10\/Dziubiel_Agnieszka_Warszawa_Mokotowska_65_elewacja_frontowa_przejazd_bramny_detal_11-1536x1125.jpg 1536w, http:\/\/lapidarium.fundacja-hereditas.pl\/wp-content\/uploads\/2023\/10\/Dziubiel_Agnieszka_Warszawa_Mokotowska_65_elewacja_frontowa_przejazd_bramny_detal_11-2048x1499.jpg 2048w, http:\/\/lapidarium.fundacja-hereditas.pl\/wp-content\/uploads\/2023\/10\/Dziubiel_Agnieszka_Warszawa_Mokotowska_65_elewacja_frontowa_przejazd_bramny_detal_11-150x110.jpg 150w, http:\/\/lapidarium.fundacja-hereditas.pl\/wp-content\/uploads\/2023\/10\/Dziubiel_Agnieszka_Warszawa_Mokotowska_65_elewacja_frontowa_przejazd_bramny_detal_11-696x510.jpg 696w, http:\/\/lapidarium.fundacja-hereditas.pl\/wp-content\/uploads\/2023\/10\/Dziubiel_Agnieszka_Warszawa_Mokotowska_65_elewacja_frontowa_przejazd_bramny_detal_11-1068x782.jpg 1068w, http:\/\/lapidarium.fundacja-hereditas.pl\/wp-content\/uploads\/2023\/10\/Dziubiel_Agnieszka_Warszawa_Mokotowska_65_elewacja_frontowa_przejazd_bramny_detal_11-1920x1406.jpg 1920w\" sizes=\"auto, (max-width: 2560px) 100vw, 2560px\" \/><\/a><figcaption class=\"wp-element-caption\">Przejazd bramny domu frontowego. Numer lokalu nad przegr\u00f3dk\u0105 na listy (skrzynka na listy, por. poprzednie zdj\u0119cia). Niezamalowanych numer\u00f3w jest wi\u0119cej. Fot. Agnieszka Dziubiel, 2023 r., \u017ar\u00f3d\u0142o: AOD IV.<\/figcaption><\/figure>\n\n\n\n<figure class=\"wp-block-image\"><a href=\"http:\/\/lapidarium.fundacja-hereditas.pl\/wp-content\/uploads\/2023\/10\/Dziubiel_Agnieszka_Warszawa_Mokotowska_65_elewacja_frontowa_przejazd_bramny_drzwi_02-scaled.jpg\"><img loading=\"lazy\" decoding=\"async\" width=\"1473\" height=\"2560\" data-id=\"14163\" src=\"http:\/\/lapidarium.fundacja-hereditas.pl\/wp-content\/uploads\/2023\/10\/Dziubiel_Agnieszka_Warszawa_Mokotowska_65_elewacja_frontowa_przejazd_bramny_drzwi_02-scaled.jpg\" alt=\"\" class=\"wp-image-14163\" srcset=\"http:\/\/lapidarium.fundacja-hereditas.pl\/wp-content\/uploads\/2023\/10\/Dziubiel_Agnieszka_Warszawa_Mokotowska_65_elewacja_frontowa_przejazd_bramny_drzwi_02-scaled.jpg 1473w, http:\/\/lapidarium.fundacja-hereditas.pl\/wp-content\/uploads\/2023\/10\/Dziubiel_Agnieszka_Warszawa_Mokotowska_65_elewacja_frontowa_przejazd_bramny_drzwi_02-173x300.jpg 173w, http:\/\/lapidarium.fundacja-hereditas.pl\/wp-content\/uploads\/2023\/10\/Dziubiel_Agnieszka_Warszawa_Mokotowska_65_elewacja_frontowa_przejazd_bramny_drzwi_02-589x1024.jpg 589w, http:\/\/lapidarium.fundacja-hereditas.pl\/wp-content\/uploads\/2023\/10\/Dziubiel_Agnieszka_Warszawa_Mokotowska_65_elewacja_frontowa_przejazd_bramny_drzwi_02-768x1335.jpg 768w, http:\/\/lapidarium.fundacja-hereditas.pl\/wp-content\/uploads\/2023\/10\/Dziubiel_Agnieszka_Warszawa_Mokotowska_65_elewacja_frontowa_przejazd_bramny_drzwi_02-884x1536.jpg 884w, http:\/\/lapidarium.fundacja-hereditas.pl\/wp-content\/uploads\/2023\/10\/Dziubiel_Agnieszka_Warszawa_Mokotowska_65_elewacja_frontowa_przejazd_bramny_drzwi_02-1178x2048.jpg 1178w, http:\/\/lapidarium.fundacja-hereditas.pl\/wp-content\/uploads\/2023\/10\/Dziubiel_Agnieszka_Warszawa_Mokotowska_65_elewacja_frontowa_przejazd_bramny_drzwi_02-150x261.jpg 150w, http:\/\/lapidarium.fundacja-hereditas.pl\/wp-content\/uploads\/2023\/10\/Dziubiel_Agnieszka_Warszawa_Mokotowska_65_elewacja_frontowa_przejazd_bramny_drzwi_02-300x521.jpg 300w, http:\/\/lapidarium.fundacja-hereditas.pl\/wp-content\/uploads\/2023\/10\/Dziubiel_Agnieszka_Warszawa_Mokotowska_65_elewacja_frontowa_przejazd_bramny_drzwi_02-696x1210.jpg 696w, http:\/\/lapidarium.fundacja-hereditas.pl\/wp-content\/uploads\/2023\/10\/Dziubiel_Agnieszka_Warszawa_Mokotowska_65_elewacja_frontowa_przejazd_bramny_drzwi_02-1068x1856.jpg 1068w, http:\/\/lapidarium.fundacja-hereditas.pl\/wp-content\/uploads\/2023\/10\/Dziubiel_Agnieszka_Warszawa_Mokotowska_65_elewacja_frontowa_przejazd_bramny_drzwi_02-1920x3337.jpg 1920w\" sizes=\"auto, (max-width: 1473px) 100vw, 1473px\" \/><\/a><figcaption class=\"wp-element-caption\">Przejazd bramny domu frontowego. Drzwi do str\u00f3\u017c\u00f3wki &#8211; naprzeciw drzwi wej\u015bciowych na klatk\u0119 g\u0142\u00f3wn\u0105. Widok na po\u0142udnie. Fot. Agnieszka Dziubiel, 2023 r., \u017ar\u00f3d\u0142o: AOD IV.<\/figcaption><\/figure>\n\n\n\n<figure class=\"wp-block-image\"><a href=\"http:\/\/lapidarium.fundacja-hereditas.pl\/wp-content\/uploads\/2023\/10\/Dziubiel_Agnieszka_Warszawa_Mokotowska_65_elewacja_frontowa_przejazd_bramny_drzwi_detal_03-scaled.jpg\"><img loading=\"lazy\" decoding=\"async\" width=\"2560\" height=\"1488\" data-id=\"14165\" src=\"http:\/\/lapidarium.fundacja-hereditas.pl\/wp-content\/uploads\/2023\/10\/Dziubiel_Agnieszka_Warszawa_Mokotowska_65_elewacja_frontowa_przejazd_bramny_drzwi_detal_03-scaled.jpg\" alt=\"\" class=\"wp-image-14165\" srcset=\"http:\/\/lapidarium.fundacja-hereditas.pl\/wp-content\/uploads\/2023\/10\/Dziubiel_Agnieszka_Warszawa_Mokotowska_65_elewacja_frontowa_przejazd_bramny_drzwi_detal_03-scaled.jpg 2560w, http:\/\/lapidarium.fundacja-hereditas.pl\/wp-content\/uploads\/2023\/10\/Dziubiel_Agnieszka_Warszawa_Mokotowska_65_elewacja_frontowa_przejazd_bramny_drzwi_detal_03-300x174.jpg 300w, http:\/\/lapidarium.fundacja-hereditas.pl\/wp-content\/uploads\/2023\/10\/Dziubiel_Agnieszka_Warszawa_Mokotowska_65_elewacja_frontowa_przejazd_bramny_drzwi_detal_03-1024x595.jpg 1024w, http:\/\/lapidarium.fundacja-hereditas.pl\/wp-content\/uploads\/2023\/10\/Dziubiel_Agnieszka_Warszawa_Mokotowska_65_elewacja_frontowa_przejazd_bramny_drzwi_detal_03-768x446.jpg 768w, http:\/\/lapidarium.fundacja-hereditas.pl\/wp-content\/uploads\/2023\/10\/Dziubiel_Agnieszka_Warszawa_Mokotowska_65_elewacja_frontowa_przejazd_bramny_drzwi_detal_03-1536x893.jpg 1536w, http:\/\/lapidarium.fundacja-hereditas.pl\/wp-content\/uploads\/2023\/10\/Dziubiel_Agnieszka_Warszawa_Mokotowska_65_elewacja_frontowa_przejazd_bramny_drzwi_detal_03-2048x1190.jpg 2048w, http:\/\/lapidarium.fundacja-hereditas.pl\/wp-content\/uploads\/2023\/10\/Dziubiel_Agnieszka_Warszawa_Mokotowska_65_elewacja_frontowa_przejazd_bramny_drzwi_detal_03-150x87.jpg 150w, http:\/\/lapidarium.fundacja-hereditas.pl\/wp-content\/uploads\/2023\/10\/Dziubiel_Agnieszka_Warszawa_Mokotowska_65_elewacja_frontowa_przejazd_bramny_drzwi_detal_03-696x405.jpg 696w, http:\/\/lapidarium.fundacja-hereditas.pl\/wp-content\/uploads\/2023\/10\/Dziubiel_Agnieszka_Warszawa_Mokotowska_65_elewacja_frontowa_przejazd_bramny_drzwi_detal_03-1068x621.jpg 1068w, http:\/\/lapidarium.fundacja-hereditas.pl\/wp-content\/uploads\/2023\/10\/Dziubiel_Agnieszka_Warszawa_Mokotowska_65_elewacja_frontowa_przejazd_bramny_drzwi_detal_03-1920x1116.jpg 1920w\" sizes=\"auto, (max-width: 2560px) 100vw, 2560px\" \/><\/a><figcaption class=\"wp-element-caption\">Przejazd bramny domu frontowego. Drzwi do str\u00f3\u017c\u00f3wki &#8211; naprzeciw drzwi wej\u015bciowych na klatk\u0119 g\u0142\u00f3wn\u0105. Widok na po\u0142udnie. Detal. Fot. Agnieszka Dziubiel, 2023 r., \u017ar\u00f3d\u0142o: AOD IV.<\/figcaption><\/figure>\n\n\n\n<figure class=\"wp-block-image\"><a href=\"http:\/\/lapidarium.fundacja-hereditas.pl\/wp-content\/uploads\/2023\/10\/Dziubiel_Agnieszka_Warszawa_Mokotowska_65_elewacja_frontowa_przejazd_bramny_drzwi_do_klatki_schodowej_glownej_01-scaled.jpg\"><img loading=\"lazy\" decoding=\"async\" width=\"1451\" height=\"2560\" data-id=\"14167\" src=\"http:\/\/lapidarium.fundacja-hereditas.pl\/wp-content\/uploads\/2023\/10\/Dziubiel_Agnieszka_Warszawa_Mokotowska_65_elewacja_frontowa_przejazd_bramny_drzwi_do_klatki_schodowej_glownej_01-scaled.jpg\" alt=\"\" class=\"wp-image-14167\" srcset=\"http:\/\/lapidarium.fundacja-hereditas.pl\/wp-content\/uploads\/2023\/10\/Dziubiel_Agnieszka_Warszawa_Mokotowska_65_elewacja_frontowa_przejazd_bramny_drzwi_do_klatki_schodowej_glownej_01-scaled.jpg 1451w, http:\/\/lapidarium.fundacja-hereditas.pl\/wp-content\/uploads\/2023\/10\/Dziubiel_Agnieszka_Warszawa_Mokotowska_65_elewacja_frontowa_przejazd_bramny_drzwi_do_klatki_schodowej_glownej_01-170x300.jpg 170w, http:\/\/lapidarium.fundacja-hereditas.pl\/wp-content\/uploads\/2023\/10\/Dziubiel_Agnieszka_Warszawa_Mokotowska_65_elewacja_frontowa_przejazd_bramny_drzwi_do_klatki_schodowej_glownej_01-580x1024.jpg 580w, http:\/\/lapidarium.fundacja-hereditas.pl\/wp-content\/uploads\/2023\/10\/Dziubiel_Agnieszka_Warszawa_Mokotowska_65_elewacja_frontowa_przejazd_bramny_drzwi_do_klatki_schodowej_glownej_01-768x1355.jpg 768w, http:\/\/lapidarium.fundacja-hereditas.pl\/wp-content\/uploads\/2023\/10\/Dziubiel_Agnieszka_Warszawa_Mokotowska_65_elewacja_frontowa_przejazd_bramny_drzwi_do_klatki_schodowej_glownej_01-871x1536.jpg 871w, http:\/\/lapidarium.fundacja-hereditas.pl\/wp-content\/uploads\/2023\/10\/Dziubiel_Agnieszka_Warszawa_Mokotowska_65_elewacja_frontowa_przejazd_bramny_drzwi_do_klatki_schodowej_glownej_01-1161x2048.jpg 1161w, http:\/\/lapidarium.fundacja-hereditas.pl\/wp-content\/uploads\/2023\/10\/Dziubiel_Agnieszka_Warszawa_Mokotowska_65_elewacja_frontowa_przejazd_bramny_drzwi_do_klatki_schodowej_glownej_01-150x265.jpg 150w, http:\/\/lapidarium.fundacja-hereditas.pl\/wp-content\/uploads\/2023\/10\/Dziubiel_Agnieszka_Warszawa_Mokotowska_65_elewacja_frontowa_przejazd_bramny_drzwi_do_klatki_schodowej_glownej_01-300x529.jpg 300w, http:\/\/lapidarium.fundacja-hereditas.pl\/wp-content\/uploads\/2023\/10\/Dziubiel_Agnieszka_Warszawa_Mokotowska_65_elewacja_frontowa_przejazd_bramny_drzwi_do_klatki_schodowej_glownej_01-696x1228.jpg 696w, http:\/\/lapidarium.fundacja-hereditas.pl\/wp-content\/uploads\/2023\/10\/Dziubiel_Agnieszka_Warszawa_Mokotowska_65_elewacja_frontowa_przejazd_bramny_drzwi_do_klatki_schodowej_glownej_01-1068x1884.jpg 1068w, http:\/\/lapidarium.fundacja-hereditas.pl\/wp-content\/uploads\/2023\/10\/Dziubiel_Agnieszka_Warszawa_Mokotowska_65_elewacja_frontowa_przejazd_bramny_drzwi_do_klatki_schodowej_glownej_01-1920x3388.jpg 1920w\" sizes=\"auto, (max-width: 1451px) 100vw, 1451px\" \/><\/a><figcaption class=\"wp-element-caption\">Przejazd bramny domu frontowego. Drzwi na klatk\u0119 schodow\u0105 g\u0142\u00f3wn\u0105. Widok na p\u00f3\u0142noc. Fot. Agnieszka Dziubiel, 2023 r., \u017ar\u00f3d\u0142o: AOD IV.<\/figcaption><\/figure>\n\n\n\n<figure class=\"wp-block-image\"><a href=\"http:\/\/lapidarium.fundacja-hereditas.pl\/wp-content\/uploads\/2023\/10\/Dziubiel_Agnieszka_Warszawa_Mokotowska_65_elewacja_frontowa_przejazd_bramny_drzwi_detal_01-scaled.jpg\"><img loading=\"lazy\" decoding=\"async\" width=\"2560\" height=\"1447\" data-id=\"14164\" src=\"http:\/\/lapidarium.fundacja-hereditas.pl\/wp-content\/uploads\/2023\/10\/Dziubiel_Agnieszka_Warszawa_Mokotowska_65_elewacja_frontowa_przejazd_bramny_drzwi_detal_01-scaled.jpg\" alt=\"\" class=\"wp-image-14164\" srcset=\"http:\/\/lapidarium.fundacja-hereditas.pl\/wp-content\/uploads\/2023\/10\/Dziubiel_Agnieszka_Warszawa_Mokotowska_65_elewacja_frontowa_przejazd_bramny_drzwi_detal_01-scaled.jpg 2560w, http:\/\/lapidarium.fundacja-hereditas.pl\/wp-content\/uploads\/2023\/10\/Dziubiel_Agnieszka_Warszawa_Mokotowska_65_elewacja_frontowa_przejazd_bramny_drzwi_detal_01-300x170.jpg 300w, http:\/\/lapidarium.fundacja-hereditas.pl\/wp-content\/uploads\/2023\/10\/Dziubiel_Agnieszka_Warszawa_Mokotowska_65_elewacja_frontowa_przejazd_bramny_drzwi_detal_01-1024x579.jpg 1024w, http:\/\/lapidarium.fundacja-hereditas.pl\/wp-content\/uploads\/2023\/10\/Dziubiel_Agnieszka_Warszawa_Mokotowska_65_elewacja_frontowa_przejazd_bramny_drzwi_detal_01-768x434.jpg 768w, http:\/\/lapidarium.fundacja-hereditas.pl\/wp-content\/uploads\/2023\/10\/Dziubiel_Agnieszka_Warszawa_Mokotowska_65_elewacja_frontowa_przejazd_bramny_drzwi_detal_01-1536x868.jpg 1536w, http:\/\/lapidarium.fundacja-hereditas.pl\/wp-content\/uploads\/2023\/10\/Dziubiel_Agnieszka_Warszawa_Mokotowska_65_elewacja_frontowa_przejazd_bramny_drzwi_detal_01-2048x1157.jpg 2048w, http:\/\/lapidarium.fundacja-hereditas.pl\/wp-content\/uploads\/2023\/10\/Dziubiel_Agnieszka_Warszawa_Mokotowska_65_elewacja_frontowa_przejazd_bramny_drzwi_detal_01-150x85.jpg 150w, http:\/\/lapidarium.fundacja-hereditas.pl\/wp-content\/uploads\/2023\/10\/Dziubiel_Agnieszka_Warszawa_Mokotowska_65_elewacja_frontowa_przejazd_bramny_drzwi_detal_01-696x393.jpg 696w, http:\/\/lapidarium.fundacja-hereditas.pl\/wp-content\/uploads\/2023\/10\/Dziubiel_Agnieszka_Warszawa_Mokotowska_65_elewacja_frontowa_przejazd_bramny_drzwi_detal_01-1068x604.jpg 1068w, http:\/\/lapidarium.fundacja-hereditas.pl\/wp-content\/uploads\/2023\/10\/Dziubiel_Agnieszka_Warszawa_Mokotowska_65_elewacja_frontowa_przejazd_bramny_drzwi_detal_01-1920x1085.jpg 1920w\" sizes=\"auto, (max-width: 2560px) 100vw, 2560px\" \/><\/a><figcaption class=\"wp-element-caption\">Przejazd bramny domu frontowego. Drzwi do str\u00f3\u017c\u00f3wki &#8211; naprzeciw drzwi wej\u015bciowych na klatk\u0119 g\u0142\u00f3wn\u0105. Widok na po\u0142udnie. Detal. Fot. Agnieszka Dziubiel, 2023 r., \u017ar\u00f3d\u0142o: AOD IV.<\/figcaption><\/figure>\n\n\n\n<figure class=\"wp-block-image\"><a href=\"http:\/\/lapidarium.fundacja-hereditas.pl\/wp-content\/uploads\/2023\/10\/Robert_Marcinkowski_Warszawa_Mokotowska_65_brama_03-scaled.jpg\"><img loading=\"lazy\" decoding=\"async\" width=\"2560\" height=\"1483\" data-id=\"14275\" src=\"http:\/\/lapidarium.fundacja-hereditas.pl\/wp-content\/uploads\/2023\/10\/Robert_Marcinkowski_Warszawa_Mokotowska_65_brama_03-scaled.jpg\" alt=\"\" class=\"wp-image-14275\" srcset=\"http:\/\/lapidarium.fundacja-hereditas.pl\/wp-content\/uploads\/2023\/10\/Robert_Marcinkowski_Warszawa_Mokotowska_65_brama_03-scaled.jpg 2560w, http:\/\/lapidarium.fundacja-hereditas.pl\/wp-content\/uploads\/2023\/10\/Robert_Marcinkowski_Warszawa_Mokotowska_65_brama_03-300x174.jpg 300w, http:\/\/lapidarium.fundacja-hereditas.pl\/wp-content\/uploads\/2023\/10\/Robert_Marcinkowski_Warszawa_Mokotowska_65_brama_03-1024x593.jpg 1024w, http:\/\/lapidarium.fundacja-hereditas.pl\/wp-content\/uploads\/2023\/10\/Robert_Marcinkowski_Warszawa_Mokotowska_65_brama_03-768x445.jpg 768w, http:\/\/lapidarium.fundacja-hereditas.pl\/wp-content\/uploads\/2023\/10\/Robert_Marcinkowski_Warszawa_Mokotowska_65_brama_03-1536x890.jpg 1536w, http:\/\/lapidarium.fundacja-hereditas.pl\/wp-content\/uploads\/2023\/10\/Robert_Marcinkowski_Warszawa_Mokotowska_65_brama_03-2048x1187.jpg 2048w, http:\/\/lapidarium.fundacja-hereditas.pl\/wp-content\/uploads\/2023\/10\/Robert_Marcinkowski_Warszawa_Mokotowska_65_brama_03-150x87.jpg 150w, http:\/\/lapidarium.fundacja-hereditas.pl\/wp-content\/uploads\/2023\/10\/Robert_Marcinkowski_Warszawa_Mokotowska_65_brama_03-696x403.jpg 696w, http:\/\/lapidarium.fundacja-hereditas.pl\/wp-content\/uploads\/2023\/10\/Robert_Marcinkowski_Warszawa_Mokotowska_65_brama_03-1068x619.jpg 1068w, http:\/\/lapidarium.fundacja-hereditas.pl\/wp-content\/uploads\/2023\/10\/Robert_Marcinkowski_Warszawa_Mokotowska_65_brama_03-1920x1113.jpg 1920w\" sizes=\"auto, (max-width: 2560px) 100vw, 2560px\" \/><\/a><figcaption class=\"wp-element-caption\">Przejazd bramny domu frontowego. Detal drzwi na g\u0142\u00f3wn\u0105 klatk\u0119 schodow\u0105. Fot. Robert Marcinkowski, 2023 r., \u017ar\u00f3d\u0142o: AOD IV.<\/figcaption><\/figure>\n\n\n\n<figure class=\"wp-block-image\"><a href=\"http:\/\/lapidarium.fundacja-hereditas.pl\/wp-content\/uploads\/2023\/10\/Dziubiel_Agnieszka_Warszawa_Mokotowska_65_elewacja_frontowa_przejazd_bramny_drzwi_detal_04-scaled.jpg\"><img loading=\"lazy\" decoding=\"async\" width=\"1589\" height=\"2560\" data-id=\"14166\" src=\"http:\/\/lapidarium.fundacja-hereditas.pl\/wp-content\/uploads\/2023\/10\/Dziubiel_Agnieszka_Warszawa_Mokotowska_65_elewacja_frontowa_przejazd_bramny_drzwi_detal_04-scaled.jpg\" alt=\"\" class=\"wp-image-14166\" srcset=\"http:\/\/lapidarium.fundacja-hereditas.pl\/wp-content\/uploads\/2023\/10\/Dziubiel_Agnieszka_Warszawa_Mokotowska_65_elewacja_frontowa_przejazd_bramny_drzwi_detal_04-scaled.jpg 1589w, http:\/\/lapidarium.fundacja-hereditas.pl\/wp-content\/uploads\/2023\/10\/Dziubiel_Agnieszka_Warszawa_Mokotowska_65_elewacja_frontowa_przejazd_bramny_drzwi_detal_04-186x300.jpg 186w, http:\/\/lapidarium.fundacja-hereditas.pl\/wp-content\/uploads\/2023\/10\/Dziubiel_Agnieszka_Warszawa_Mokotowska_65_elewacja_frontowa_przejazd_bramny_drzwi_detal_04-636x1024.jpg 636w, http:\/\/lapidarium.fundacja-hereditas.pl\/wp-content\/uploads\/2023\/10\/Dziubiel_Agnieszka_Warszawa_Mokotowska_65_elewacja_frontowa_przejazd_bramny_drzwi_detal_04-768x1237.jpg 768w, http:\/\/lapidarium.fundacja-hereditas.pl\/wp-content\/uploads\/2023\/10\/Dziubiel_Agnieszka_Warszawa_Mokotowska_65_elewacja_frontowa_przejazd_bramny_drzwi_detal_04-953x1536.jpg 953w, http:\/\/lapidarium.fundacja-hereditas.pl\/wp-content\/uploads\/2023\/10\/Dziubiel_Agnieszka_Warszawa_Mokotowska_65_elewacja_frontowa_przejazd_bramny_drzwi_detal_04-1271x2048.jpg 1271w, http:\/\/lapidarium.fundacja-hereditas.pl\/wp-content\/uploads\/2023\/10\/Dziubiel_Agnieszka_Warszawa_Mokotowska_65_elewacja_frontowa_przejazd_bramny_drzwi_detal_04-150x242.jpg 150w, http:\/\/lapidarium.fundacja-hereditas.pl\/wp-content\/uploads\/2023\/10\/Dziubiel_Agnieszka_Warszawa_Mokotowska_65_elewacja_frontowa_przejazd_bramny_drzwi_detal_04-300x483.jpg 300w, http:\/\/lapidarium.fundacja-hereditas.pl\/wp-content\/uploads\/2023\/10\/Dziubiel_Agnieszka_Warszawa_Mokotowska_65_elewacja_frontowa_przejazd_bramny_drzwi_detal_04-696x1121.jpg 696w, http:\/\/lapidarium.fundacja-hereditas.pl\/wp-content\/uploads\/2023\/10\/Dziubiel_Agnieszka_Warszawa_Mokotowska_65_elewacja_frontowa_przejazd_bramny_drzwi_detal_04-1068x1721.jpg 1068w, http:\/\/lapidarium.fundacja-hereditas.pl\/wp-content\/uploads\/2023\/10\/Dziubiel_Agnieszka_Warszawa_Mokotowska_65_elewacja_frontowa_przejazd_bramny_drzwi_detal_04-1920x3093.jpg 1920w\" sizes=\"auto, (max-width: 1589px) 100vw, 1589px\" \/><\/a><figcaption class=\"wp-element-caption\">Przejazd bramny domu frontowego. Drzwi do str\u00f3\u017c\u00f3wki &#8211; naprzeciw drzwi wej\u015bciowych na klatk\u0119 g\u0142\u00f3wn\u0105. Widok na po\u0142udnie. Detal. Fot. Agnieszka Dziubiel, 2023 r., \u017ar\u00f3d\u0142o: AOD IV.<\/figcaption><\/figure>\n\n\n\n<figure class=\"wp-block-image\"><a href=\"http:\/\/lapidarium.fundacja-hereditas.pl\/wp-content\/uploads\/2023\/10\/Dziubiel_Agnieszka_Warszawa_Mokotowska_65_elewacja_frontowa_przejazd_bramny_01-scaled.jpg\"><img loading=\"lazy\" decoding=\"async\" width=\"1690\" height=\"2560\" data-id=\"14158\" src=\"http:\/\/lapidarium.fundacja-hereditas.pl\/wp-content\/uploads\/2023\/10\/Dziubiel_Agnieszka_Warszawa_Mokotowska_65_elewacja_frontowa_przejazd_bramny_01-scaled.jpg\" alt=\"\" class=\"wp-image-14158\" srcset=\"http:\/\/lapidarium.fundacja-hereditas.pl\/wp-content\/uploads\/2023\/10\/Dziubiel_Agnieszka_Warszawa_Mokotowska_65_elewacja_frontowa_przejazd_bramny_01-scaled.jpg 1690w, http:\/\/lapidarium.fundacja-hereditas.pl\/wp-content\/uploads\/2023\/10\/Dziubiel_Agnieszka_Warszawa_Mokotowska_65_elewacja_frontowa_przejazd_bramny_01-198x300.jpg 198w, http:\/\/lapidarium.fundacja-hereditas.pl\/wp-content\/uploads\/2023\/10\/Dziubiel_Agnieszka_Warszawa_Mokotowska_65_elewacja_frontowa_przejazd_bramny_01-676x1024.jpg 676w, http:\/\/lapidarium.fundacja-hereditas.pl\/wp-content\/uploads\/2023\/10\/Dziubiel_Agnieszka_Warszawa_Mokotowska_65_elewacja_frontowa_przejazd_bramny_01-768x1163.jpg 768w, http:\/\/lapidarium.fundacja-hereditas.pl\/wp-content\/uploads\/2023\/10\/Dziubiel_Agnieszka_Warszawa_Mokotowska_65_elewacja_frontowa_przejazd_bramny_01-1014x1536.jpg 1014w, http:\/\/lapidarium.fundacja-hereditas.pl\/wp-content\/uploads\/2023\/10\/Dziubiel_Agnieszka_Warszawa_Mokotowska_65_elewacja_frontowa_przejazd_bramny_01-1352x2048.jpg 1352w, http:\/\/lapidarium.fundacja-hereditas.pl\/wp-content\/uploads\/2023\/10\/Dziubiel_Agnieszka_Warszawa_Mokotowska_65_elewacja_frontowa_przejazd_bramny_01-150x227.jpg 150w, http:\/\/lapidarium.fundacja-hereditas.pl\/wp-content\/uploads\/2023\/10\/Dziubiel_Agnieszka_Warszawa_Mokotowska_65_elewacja_frontowa_przejazd_bramny_01-300x454.jpg 300w, http:\/\/lapidarium.fundacja-hereditas.pl\/wp-content\/uploads\/2023\/10\/Dziubiel_Agnieszka_Warszawa_Mokotowska_65_elewacja_frontowa_przejazd_bramny_01-696x1054.jpg 696w, http:\/\/lapidarium.fundacja-hereditas.pl\/wp-content\/uploads\/2023\/10\/Dziubiel_Agnieszka_Warszawa_Mokotowska_65_elewacja_frontowa_przejazd_bramny_01-1068x1618.jpg 1068w\" sizes=\"auto, (max-width: 1690px) 100vw, 1690px\" \/><\/a><figcaption class=\"wp-element-caption\">Przejazd bramny domu frontowego. Widok na wsch\u00f3d &#8211; ku ulicy. Fot. Agnieszka Dziubiel,  2023 r., \u017ar\u00f3d\u0142o: AOD IV.<\/figcaption><\/figure>\n\n\n\n<figure class=\"wp-block-image\"><a href=\"http:\/\/lapidarium.fundacja-hereditas.pl\/wp-content\/uploads\/2023\/10\/Dziubiel_Agnieszka_Warszawa_Mokotowska_65_elewacja_frontowa_przejazd_bramny_posadzka_01-scaled.jpg\"><img loading=\"lazy\" decoding=\"async\" width=\"1988\" height=\"2560\" data-id=\"14168\" src=\"http:\/\/lapidarium.fundacja-hereditas.pl\/wp-content\/uploads\/2023\/10\/Dziubiel_Agnieszka_Warszawa_Mokotowska_65_elewacja_frontowa_przejazd_bramny_posadzka_01-scaled.jpg\" alt=\"\" class=\"wp-image-14168\" srcset=\"http:\/\/lapidarium.fundacja-hereditas.pl\/wp-content\/uploads\/2023\/10\/Dziubiel_Agnieszka_Warszawa_Mokotowska_65_elewacja_frontowa_przejazd_bramny_posadzka_01-scaled.jpg 1988w, http:\/\/lapidarium.fundacja-hereditas.pl\/wp-content\/uploads\/2023\/10\/Dziubiel_Agnieszka_Warszawa_Mokotowska_65_elewacja_frontowa_przejazd_bramny_posadzka_01-233x300.jpg 233w, http:\/\/lapidarium.fundacja-hereditas.pl\/wp-content\/uploads\/2023\/10\/Dziubiel_Agnieszka_Warszawa_Mokotowska_65_elewacja_frontowa_przejazd_bramny_posadzka_01-795x1024.jpg 795w, http:\/\/lapidarium.fundacja-hereditas.pl\/wp-content\/uploads\/2023\/10\/Dziubiel_Agnieszka_Warszawa_Mokotowska_65_elewacja_frontowa_przejazd_bramny_posadzka_01-768x989.jpg 768w, http:\/\/lapidarium.fundacja-hereditas.pl\/wp-content\/uploads\/2023\/10\/Dziubiel_Agnieszka_Warszawa_Mokotowska_65_elewacja_frontowa_przejazd_bramny_posadzka_01-1193x1536.jpg 1193w, http:\/\/lapidarium.fundacja-hereditas.pl\/wp-content\/uploads\/2023\/10\/Dziubiel_Agnieszka_Warszawa_Mokotowska_65_elewacja_frontowa_przejazd_bramny_posadzka_01-1590x2048.jpg 1590w, http:\/\/lapidarium.fundacja-hereditas.pl\/wp-content\/uploads\/2023\/10\/Dziubiel_Agnieszka_Warszawa_Mokotowska_65_elewacja_frontowa_przejazd_bramny_posadzka_01-150x193.jpg 150w, http:\/\/lapidarium.fundacja-hereditas.pl\/wp-content\/uploads\/2023\/10\/Dziubiel_Agnieszka_Warszawa_Mokotowska_65_elewacja_frontowa_przejazd_bramny_posadzka_01-300x386.jpg 300w, http:\/\/lapidarium.fundacja-hereditas.pl\/wp-content\/uploads\/2023\/10\/Dziubiel_Agnieszka_Warszawa_Mokotowska_65_elewacja_frontowa_przejazd_bramny_posadzka_01-696x896.jpg 696w, http:\/\/lapidarium.fundacja-hereditas.pl\/wp-content\/uploads\/2023\/10\/Dziubiel_Agnieszka_Warszawa_Mokotowska_65_elewacja_frontowa_przejazd_bramny_posadzka_01-1068x1375.jpg 1068w, http:\/\/lapidarium.fundacja-hereditas.pl\/wp-content\/uploads\/2023\/10\/Dziubiel_Agnieszka_Warszawa_Mokotowska_65_elewacja_frontowa_przejazd_bramny_posadzka_01-1920x2473.jpg 1920w\" sizes=\"auto, (max-width: 1988px) 100vw, 1988px\" \/><\/a><figcaption class=\"wp-element-caption\">Przejazd bramny domu frontowego. Posadzka. Fot. Agnieszka Dziubiel, 2023 r., \u017ar\u00f3d\u0142o: AOD IV.<\/figcaption><\/figure>\n\n\n\n<figure class=\"wp-block-image\"><a href=\"http:\/\/lapidarium.fundacja-hereditas.pl\/wp-content\/uploads\/2023\/10\/Dziubiel_Agnieszka_Warszawa_Mokotowska_65_elewacja_frontowa_przejazd_bramny_detal_06-scaled.jpg\"><img loading=\"lazy\" decoding=\"async\" width=\"1454\" height=\"2560\" data-id=\"14159\" src=\"http:\/\/lapidarium.fundacja-hereditas.pl\/wp-content\/uploads\/2023\/10\/Dziubiel_Agnieszka_Warszawa_Mokotowska_65_elewacja_frontowa_przejazd_bramny_detal_06-scaled.jpg\" alt=\"\" class=\"wp-image-14159\" srcset=\"http:\/\/lapidarium.fundacja-hereditas.pl\/wp-content\/uploads\/2023\/10\/Dziubiel_Agnieszka_Warszawa_Mokotowska_65_elewacja_frontowa_przejazd_bramny_detal_06-scaled.jpg 1454w, http:\/\/lapidarium.fundacja-hereditas.pl\/wp-content\/uploads\/2023\/10\/Dziubiel_Agnieszka_Warszawa_Mokotowska_65_elewacja_frontowa_przejazd_bramny_detal_06-170x300.jpg 170w, http:\/\/lapidarium.fundacja-hereditas.pl\/wp-content\/uploads\/2023\/10\/Dziubiel_Agnieszka_Warszawa_Mokotowska_65_elewacja_frontowa_przejazd_bramny_detal_06-581x1024.jpg 581w, http:\/\/lapidarium.fundacja-hereditas.pl\/wp-content\/uploads\/2023\/10\/Dziubiel_Agnieszka_Warszawa_Mokotowska_65_elewacja_frontowa_przejazd_bramny_detal_06-768x1353.jpg 768w, http:\/\/lapidarium.fundacja-hereditas.pl\/wp-content\/uploads\/2023\/10\/Dziubiel_Agnieszka_Warszawa_Mokotowska_65_elewacja_frontowa_przejazd_bramny_detal_06-872x1536.jpg 872w, http:\/\/lapidarium.fundacja-hereditas.pl\/wp-content\/uploads\/2023\/10\/Dziubiel_Agnieszka_Warszawa_Mokotowska_65_elewacja_frontowa_przejazd_bramny_detal_06-1163x2048.jpg 1163w, http:\/\/lapidarium.fundacja-hereditas.pl\/wp-content\/uploads\/2023\/10\/Dziubiel_Agnieszka_Warszawa_Mokotowska_65_elewacja_frontowa_przejazd_bramny_detal_06-150x264.jpg 150w, http:\/\/lapidarium.fundacja-hereditas.pl\/wp-content\/uploads\/2023\/10\/Dziubiel_Agnieszka_Warszawa_Mokotowska_65_elewacja_frontowa_przejazd_bramny_detal_06-300x528.jpg 300w, http:\/\/lapidarium.fundacja-hereditas.pl\/wp-content\/uploads\/2023\/10\/Dziubiel_Agnieszka_Warszawa_Mokotowska_65_elewacja_frontowa_przejazd_bramny_detal_06-696x1226.jpg 696w, http:\/\/lapidarium.fundacja-hereditas.pl\/wp-content\/uploads\/2023\/10\/Dziubiel_Agnieszka_Warszawa_Mokotowska_65_elewacja_frontowa_przejazd_bramny_detal_06-1068x1881.jpg 1068w, http:\/\/lapidarium.fundacja-hereditas.pl\/wp-content\/uploads\/2023\/10\/Dziubiel_Agnieszka_Warszawa_Mokotowska_65_elewacja_frontowa_przejazd_bramny_detal_06-1920x3381.jpg 1920w\" sizes=\"auto, (max-width: 1454px) 100vw, 1454px\" \/><\/a><figcaption class=\"wp-element-caption\">Przejazd bramny domu frontowego &#8211; strop. Fot. Agnieszka Dziubiel, 2023 r., \u017ar\u00f3d\u0142o: AOD IV.<\/figcaption><\/figure>\n\n\n\n<figure class=\"wp-block-image\"><a href=\"http:\/\/lapidarium.fundacja-hereditas.pl\/wp-content\/uploads\/2023\/10\/Dziubiel_Agnieszka_Warszawa_Mokotowska_65_elewacja_frontowa_brama_odbojnik_od_strony_podworza_prawy_01-scaled.jpg\"><img loading=\"lazy\" decoding=\"async\" width=\"2495\" height=\"2560\" data-id=\"14152\" src=\"http:\/\/lapidarium.fundacja-hereditas.pl\/wp-content\/uploads\/2023\/10\/Dziubiel_Agnieszka_Warszawa_Mokotowska_65_elewacja_frontowa_brama_odbojnik_od_strony_podworza_prawy_01-scaled.jpg\" alt=\"\" class=\"wp-image-14152\" srcset=\"http:\/\/lapidarium.fundacja-hereditas.pl\/wp-content\/uploads\/2023\/10\/Dziubiel_Agnieszka_Warszawa_Mokotowska_65_elewacja_frontowa_brama_odbojnik_od_strony_podworza_prawy_01-scaled.jpg 2495w, http:\/\/lapidarium.fundacja-hereditas.pl\/wp-content\/uploads\/2023\/10\/Dziubiel_Agnieszka_Warszawa_Mokotowska_65_elewacja_frontowa_brama_odbojnik_od_strony_podworza_prawy_01-292x300.jpg 292w, http:\/\/lapidarium.fundacja-hereditas.pl\/wp-content\/uploads\/2023\/10\/Dziubiel_Agnieszka_Warszawa_Mokotowska_65_elewacja_frontowa_brama_odbojnik_od_strony_podworza_prawy_01-998x1024.jpg 998w, http:\/\/lapidarium.fundacja-hereditas.pl\/wp-content\/uploads\/2023\/10\/Dziubiel_Agnieszka_Warszawa_Mokotowska_65_elewacja_frontowa_brama_odbojnik_od_strony_podworza_prawy_01-768x788.jpg 768w, http:\/\/lapidarium.fundacja-hereditas.pl\/wp-content\/uploads\/2023\/10\/Dziubiel_Agnieszka_Warszawa_Mokotowska_65_elewacja_frontowa_brama_odbojnik_od_strony_podworza_prawy_01-1497x1536.jpg 1497w, http:\/\/lapidarium.fundacja-hereditas.pl\/wp-content\/uploads\/2023\/10\/Dziubiel_Agnieszka_Warszawa_Mokotowska_65_elewacja_frontowa_brama_odbojnik_od_strony_podworza_prawy_01-1996x2048.jpg 1996w, http:\/\/lapidarium.fundacja-hereditas.pl\/wp-content\/uploads\/2023\/10\/Dziubiel_Agnieszka_Warszawa_Mokotowska_65_elewacja_frontowa_brama_odbojnik_od_strony_podworza_prawy_01-150x154.jpg 150w, http:\/\/lapidarium.fundacja-hereditas.pl\/wp-content\/uploads\/2023\/10\/Dziubiel_Agnieszka_Warszawa_Mokotowska_65_elewacja_frontowa_brama_odbojnik_od_strony_podworza_prawy_01-300x308.jpg 300w, http:\/\/lapidarium.fundacja-hereditas.pl\/wp-content\/uploads\/2023\/10\/Dziubiel_Agnieszka_Warszawa_Mokotowska_65_elewacja_frontowa_brama_odbojnik_od_strony_podworza_prawy_01-696x714.jpg 696w, http:\/\/lapidarium.fundacja-hereditas.pl\/wp-content\/uploads\/2023\/10\/Dziubiel_Agnieszka_Warszawa_Mokotowska_65_elewacja_frontowa_brama_odbojnik_od_strony_podworza_prawy_01-1068x1096.jpg 1068w, http:\/\/lapidarium.fundacja-hereditas.pl\/wp-content\/uploads\/2023\/10\/Dziubiel_Agnieszka_Warszawa_Mokotowska_65_elewacja_frontowa_brama_odbojnik_od_strony_podworza_prawy_01-1920x1970.jpg 1920w\" sizes=\"auto, (max-width: 2495px) 100vw, 2495px\" \/><\/a><figcaption class=\"wp-element-caption\">Przejazd bramny domu frontowego &#8211; wewn\u0105trz (strona p\u00f3\u0142nocna). Odb\u00f3j. Fot. Agnieszka Dziubiel, 2023 r., \u017ar\u00f3d\u0142o: AOD IV.<\/figcaption><\/figure>\n\n\n\n<figure class=\"wp-block-image\"><a href=\"http:\/\/lapidarium.fundacja-hereditas.pl\/wp-content\/uploads\/2023\/10\/Dziubiel_Agnieszka_Warszawa_Mokotowska_65_elewacja_frontowa_brama_odbojnik_od_strony_podworza_prawy_03-scaled.jpg\"><img loading=\"lazy\" decoding=\"async\" width=\"2560\" height=\"2064\" data-id=\"14154\" src=\"http:\/\/lapidarium.fundacja-hereditas.pl\/wp-content\/uploads\/2023\/10\/Dziubiel_Agnieszka_Warszawa_Mokotowska_65_elewacja_frontowa_brama_odbojnik_od_strony_podworza_prawy_03-scaled.jpg\" alt=\"\" class=\"wp-image-14154\" srcset=\"http:\/\/lapidarium.fundacja-hereditas.pl\/wp-content\/uploads\/2023\/10\/Dziubiel_Agnieszka_Warszawa_Mokotowska_65_elewacja_frontowa_brama_odbojnik_od_strony_podworza_prawy_03-scaled.jpg 2560w, http:\/\/lapidarium.fundacja-hereditas.pl\/wp-content\/uploads\/2023\/10\/Dziubiel_Agnieszka_Warszawa_Mokotowska_65_elewacja_frontowa_brama_odbojnik_od_strony_podworza_prawy_03-300x242.jpg 300w, http:\/\/lapidarium.fundacja-hereditas.pl\/wp-content\/uploads\/2023\/10\/Dziubiel_Agnieszka_Warszawa_Mokotowska_65_elewacja_frontowa_brama_odbojnik_od_strony_podworza_prawy_03-1024x826.jpg 1024w, http:\/\/lapidarium.fundacja-hereditas.pl\/wp-content\/uploads\/2023\/10\/Dziubiel_Agnieszka_Warszawa_Mokotowska_65_elewacja_frontowa_brama_odbojnik_od_strony_podworza_prawy_03-768x619.jpg 768w, http:\/\/lapidarium.fundacja-hereditas.pl\/wp-content\/uploads\/2023\/10\/Dziubiel_Agnieszka_Warszawa_Mokotowska_65_elewacja_frontowa_brama_odbojnik_od_strony_podworza_prawy_03-1536x1239.jpg 1536w, http:\/\/lapidarium.fundacja-hereditas.pl\/wp-content\/uploads\/2023\/10\/Dziubiel_Agnieszka_Warszawa_Mokotowska_65_elewacja_frontowa_brama_odbojnik_od_strony_podworza_prawy_03-2048x1652.jpg 2048w, http:\/\/lapidarium.fundacja-hereditas.pl\/wp-content\/uploads\/2023\/10\/Dziubiel_Agnieszka_Warszawa_Mokotowska_65_elewacja_frontowa_brama_odbojnik_od_strony_podworza_prawy_03-150x121.jpg 150w, http:\/\/lapidarium.fundacja-hereditas.pl\/wp-content\/uploads\/2023\/10\/Dziubiel_Agnieszka_Warszawa_Mokotowska_65_elewacja_frontowa_brama_odbojnik_od_strony_podworza_prawy_03-696x561.jpg 696w, http:\/\/lapidarium.fundacja-hereditas.pl\/wp-content\/uploads\/2023\/10\/Dziubiel_Agnieszka_Warszawa_Mokotowska_65_elewacja_frontowa_brama_odbojnik_od_strony_podworza_prawy_03-1068x861.jpg 1068w, http:\/\/lapidarium.fundacja-hereditas.pl\/wp-content\/uploads\/2023\/10\/Dziubiel_Agnieszka_Warszawa_Mokotowska_65_elewacja_frontowa_brama_odbojnik_od_strony_podworza_prawy_03-1920x1548.jpg 1920w\" sizes=\"auto, (max-width: 2560px) 100vw, 2560px\" \/><\/a><figcaption class=\"wp-element-caption\">Przejazd bramny domu frontowego &#8211; wewn\u0105trz (strona p\u00f3\u0142nocna). Odb\u00f3j. Fot. Agnieszka Dziubiel, 2023 r., \u017ar\u00f3d\u0142o: AOD IV.<\/figcaption><\/figure>\n\n\n\n<figure class=\"wp-block-image\"><a href=\"http:\/\/lapidarium.fundacja-hereditas.pl\/wp-content\/uploads\/2023\/10\/Dziubiel_Agnieszka_Warszawa_Mokotowska_65_elewacja_frontowa_brama_odbojnik_od_strony_podworza_prawy_02-scaled.jpg\"><img loading=\"lazy\" decoding=\"async\" width=\"1807\" height=\"2560\" data-id=\"14153\" src=\"http:\/\/lapidarium.fundacja-hereditas.pl\/wp-content\/uploads\/2023\/10\/Dziubiel_Agnieszka_Warszawa_Mokotowska_65_elewacja_frontowa_brama_odbojnik_od_strony_podworza_prawy_02-scaled.jpg\" alt=\"\" class=\"wp-image-14153\" srcset=\"http:\/\/lapidarium.fundacja-hereditas.pl\/wp-content\/uploads\/2023\/10\/Dziubiel_Agnieszka_Warszawa_Mokotowska_65_elewacja_frontowa_brama_odbojnik_od_strony_podworza_prawy_02-scaled.jpg 1807w, http:\/\/lapidarium.fundacja-hereditas.pl\/wp-content\/uploads\/2023\/10\/Dziubiel_Agnieszka_Warszawa_Mokotowska_65_elewacja_frontowa_brama_odbojnik_od_strony_podworza_prawy_02-212x300.jpg 212w, http:\/\/lapidarium.fundacja-hereditas.pl\/wp-content\/uploads\/2023\/10\/Dziubiel_Agnieszka_Warszawa_Mokotowska_65_elewacja_frontowa_brama_odbojnik_od_strony_podworza_prawy_02-723x1024.jpg 723w, http:\/\/lapidarium.fundacja-hereditas.pl\/wp-content\/uploads\/2023\/10\/Dziubiel_Agnieszka_Warszawa_Mokotowska_65_elewacja_frontowa_brama_odbojnik_od_strony_podworza_prawy_02-768x1088.jpg 768w, http:\/\/lapidarium.fundacja-hereditas.pl\/wp-content\/uploads\/2023\/10\/Dziubiel_Agnieszka_Warszawa_Mokotowska_65_elewacja_frontowa_brama_odbojnik_od_strony_podworza_prawy_02-1084x1536.jpg 1084w, http:\/\/lapidarium.fundacja-hereditas.pl\/wp-content\/uploads\/2023\/10\/Dziubiel_Agnieszka_Warszawa_Mokotowska_65_elewacja_frontowa_brama_odbojnik_od_strony_podworza_prawy_02-1446x2048.jpg 1446w, http:\/\/lapidarium.fundacja-hereditas.pl\/wp-content\/uploads\/2023\/10\/Dziubiel_Agnieszka_Warszawa_Mokotowska_65_elewacja_frontowa_brama_odbojnik_od_strony_podworza_prawy_02-150x213.jpg 150w, http:\/\/lapidarium.fundacja-hereditas.pl\/wp-content\/uploads\/2023\/10\/Dziubiel_Agnieszka_Warszawa_Mokotowska_65_elewacja_frontowa_brama_odbojnik_od_strony_podworza_prawy_02-300x425.jpg 300w, http:\/\/lapidarium.fundacja-hereditas.pl\/wp-content\/uploads\/2023\/10\/Dziubiel_Agnieszka_Warszawa_Mokotowska_65_elewacja_frontowa_brama_odbojnik_od_strony_podworza_prawy_02-696x986.jpg 696w, http:\/\/lapidarium.fundacja-hereditas.pl\/wp-content\/uploads\/2023\/10\/Dziubiel_Agnieszka_Warszawa_Mokotowska_65_elewacja_frontowa_brama_odbojnik_od_strony_podworza_prawy_02-1068x1513.jpg 1068w, http:\/\/lapidarium.fundacja-hereditas.pl\/wp-content\/uploads\/2023\/10\/Dziubiel_Agnieszka_Warszawa_Mokotowska_65_elewacja_frontowa_brama_odbojnik_od_strony_podworza_prawy_02-1920x2720.jpg 1920w\" sizes=\"auto, (max-width: 1807px) 100vw, 1807px\" \/><\/a><figcaption class=\"wp-element-caption\">Przejazd bramny domu frontowego &#8211; wewn\u0105trz (strona p\u00f3\u0142nocna). Odb\u00f3j. Widok na zach\u00f3d. Fot. Agnieszka Dziubiel, 2023 r., \u017ar\u00f3d\u0142o: AOD IV.<\/figcaption><\/figure>\n\n\n\n<figure class=\"wp-block-image\"><a href=\"http:\/\/lapidarium.fundacja-hereditas.pl\/wp-content\/uploads\/2023\/10\/Dziubiel_Agnieszka_Warszawa_Mokotowska_65_oficyna_frontowa_klatka_schodowa_glowna_06-1-scaled.jpg\"><img loading=\"lazy\" decoding=\"async\" width=\"1453\" height=\"2560\" data-id=\"14426\" src=\"http:\/\/lapidarium.fundacja-hereditas.pl\/wp-content\/uploads\/2023\/10\/Dziubiel_Agnieszka_Warszawa_Mokotowska_65_oficyna_frontowa_klatka_schodowa_glowna_06-1-scaled.jpg\" alt=\"\" class=\"wp-image-14426\" srcset=\"http:\/\/lapidarium.fundacja-hereditas.pl\/wp-content\/uploads\/2023\/10\/Dziubiel_Agnieszka_Warszawa_Mokotowska_65_oficyna_frontowa_klatka_schodowa_glowna_06-1-scaled.jpg 1453w, http:\/\/lapidarium.fundacja-hereditas.pl\/wp-content\/uploads\/2023\/10\/Dziubiel_Agnieszka_Warszawa_Mokotowska_65_oficyna_frontowa_klatka_schodowa_glowna_06-1-170x300.jpg 170w, http:\/\/lapidarium.fundacja-hereditas.pl\/wp-content\/uploads\/2023\/10\/Dziubiel_Agnieszka_Warszawa_Mokotowska_65_oficyna_frontowa_klatka_schodowa_glowna_06-1-581x1024.jpg 581w, http:\/\/lapidarium.fundacja-hereditas.pl\/wp-content\/uploads\/2023\/10\/Dziubiel_Agnieszka_Warszawa_Mokotowska_65_oficyna_frontowa_klatka_schodowa_glowna_06-1-768x1353.jpg 768w, http:\/\/lapidarium.fundacja-hereditas.pl\/wp-content\/uploads\/2023\/10\/Dziubiel_Agnieszka_Warszawa_Mokotowska_65_oficyna_frontowa_klatka_schodowa_glowna_06-1-872x1536.jpg 872w, http:\/\/lapidarium.fundacja-hereditas.pl\/wp-content\/uploads\/2023\/10\/Dziubiel_Agnieszka_Warszawa_Mokotowska_65_oficyna_frontowa_klatka_schodowa_glowna_06-1-1163x2048.jpg 1163w, http:\/\/lapidarium.fundacja-hereditas.pl\/wp-content\/uploads\/2023\/10\/Dziubiel_Agnieszka_Warszawa_Mokotowska_65_oficyna_frontowa_klatka_schodowa_glowna_06-1-150x264.jpg 150w, http:\/\/lapidarium.fundacja-hereditas.pl\/wp-content\/uploads\/2023\/10\/Dziubiel_Agnieszka_Warszawa_Mokotowska_65_oficyna_frontowa_klatka_schodowa_glowna_06-1-300x528.jpg 300w, http:\/\/lapidarium.fundacja-hereditas.pl\/wp-content\/uploads\/2023\/10\/Dziubiel_Agnieszka_Warszawa_Mokotowska_65_oficyna_frontowa_klatka_schodowa_glowna_06-1-696x1226.jpg 696w, http:\/\/lapidarium.fundacja-hereditas.pl\/wp-content\/uploads\/2023\/10\/Dziubiel_Agnieszka_Warszawa_Mokotowska_65_oficyna_frontowa_klatka_schodowa_glowna_06-1-1068x1881.jpg 1068w, http:\/\/lapidarium.fundacja-hereditas.pl\/wp-content\/uploads\/2023\/10\/Dziubiel_Agnieszka_Warszawa_Mokotowska_65_oficyna_frontowa_klatka_schodowa_glowna_06-1-1920x3382.jpg 1920w\" sizes=\"auto, (max-width: 1453px) 100vw, 1453px\" \/><\/a><figcaption class=\"wp-element-caption\">Dom frontowy. Klatka schodowa g\u0142\u00f3wna. Piec na parterze. Fot. Agnieszka Dziubiel, 2023 r., \u017ar\u00f3d\u0142o: AOD IV.<\/figcaption><\/figure>\n\n\n\n<figure class=\"wp-block-image\"><a href=\"http:\/\/lapidarium.fundacja-hereditas.pl\/wp-content\/uploads\/2023\/10\/Dziubiel_Agnieszka_Warszawa_Mokotowska_65_oficyna_frontowa_klatka_schodowa_glowna_09-scaled.jpg\"><img loading=\"lazy\" decoding=\"async\" width=\"1875\" height=\"2560\" data-id=\"14179\" src=\"http:\/\/lapidarium.fundacja-hereditas.pl\/wp-content\/uploads\/2023\/10\/Dziubiel_Agnieszka_Warszawa_Mokotowska_65_oficyna_frontowa_klatka_schodowa_glowna_09-scaled.jpg\" alt=\"\" class=\"wp-image-14179\" srcset=\"http:\/\/lapidarium.fundacja-hereditas.pl\/wp-content\/uploads\/2023\/10\/Dziubiel_Agnieszka_Warszawa_Mokotowska_65_oficyna_frontowa_klatka_schodowa_glowna_09-scaled.jpg 1875w, http:\/\/lapidarium.fundacja-hereditas.pl\/wp-content\/uploads\/2023\/10\/Dziubiel_Agnieszka_Warszawa_Mokotowska_65_oficyna_frontowa_klatka_schodowa_glowna_09-220x300.jpg 220w, http:\/\/lapidarium.fundacja-hereditas.pl\/wp-content\/uploads\/2023\/10\/Dziubiel_Agnieszka_Warszawa_Mokotowska_65_oficyna_frontowa_klatka_schodowa_glowna_09-750x1024.jpg 750w, http:\/\/lapidarium.fundacja-hereditas.pl\/wp-content\/uploads\/2023\/10\/Dziubiel_Agnieszka_Warszawa_Mokotowska_65_oficyna_frontowa_klatka_schodowa_glowna_09-768x1048.jpg 768w, http:\/\/lapidarium.fundacja-hereditas.pl\/wp-content\/uploads\/2023\/10\/Dziubiel_Agnieszka_Warszawa_Mokotowska_65_oficyna_frontowa_klatka_schodowa_glowna_09-1125x1536.jpg 1125w, http:\/\/lapidarium.fundacja-hereditas.pl\/wp-content\/uploads\/2023\/10\/Dziubiel_Agnieszka_Warszawa_Mokotowska_65_oficyna_frontowa_klatka_schodowa_glowna_09-1500x2048.jpg 1500w, http:\/\/lapidarium.fundacja-hereditas.pl\/wp-content\/uploads\/2023\/10\/Dziubiel_Agnieszka_Warszawa_Mokotowska_65_oficyna_frontowa_klatka_schodowa_glowna_09-150x205.jpg 150w, http:\/\/lapidarium.fundacja-hereditas.pl\/wp-content\/uploads\/2023\/10\/Dziubiel_Agnieszka_Warszawa_Mokotowska_65_oficyna_frontowa_klatka_schodowa_glowna_09-300x410.jpg 300w, http:\/\/lapidarium.fundacja-hereditas.pl\/wp-content\/uploads\/2023\/10\/Dziubiel_Agnieszka_Warszawa_Mokotowska_65_oficyna_frontowa_klatka_schodowa_glowna_09-696x950.jpg 696w, http:\/\/lapidarium.fundacja-hereditas.pl\/wp-content\/uploads\/2023\/10\/Dziubiel_Agnieszka_Warszawa_Mokotowska_65_oficyna_frontowa_klatka_schodowa_glowna_09-1068x1458.jpg 1068w, http:\/\/lapidarium.fundacja-hereditas.pl\/wp-content\/uploads\/2023\/10\/Dziubiel_Agnieszka_Warszawa_Mokotowska_65_oficyna_frontowa_klatka_schodowa_glowna_09-1920x2621.jpg 1920w\" sizes=\"auto, (max-width: 1875px) 100vw, 1875px\" \/><\/a><figcaption class=\"wp-element-caption\">Dom frontowy. Klatka schodowa g\u0142\u00f3wna. Piec na parterze. Fot. Agnieszka Dziubiel, 2023 r., \u017ar\u00f3d\u0142o: AOD IV.<\/figcaption><\/figure>\n\n\n\n<figure class=\"wp-block-image\"><a href=\"http:\/\/lapidarium.fundacja-hereditas.pl\/wp-content\/uploads\/2023\/10\/Robert_Marcinkowski_Warszawa_Mokotowska_65_klatka_glowna_parter_01-scaled.jpg\"><img loading=\"lazy\" decoding=\"async\" width=\"2560\" height=\"1573\" data-id=\"14295\" src=\"http:\/\/lapidarium.fundacja-hereditas.pl\/wp-content\/uploads\/2023\/10\/Robert_Marcinkowski_Warszawa_Mokotowska_65_klatka_glowna_parter_01-scaled.jpg\" alt=\"\" class=\"wp-image-14295\" srcset=\"http:\/\/lapidarium.fundacja-hereditas.pl\/wp-content\/uploads\/2023\/10\/Robert_Marcinkowski_Warszawa_Mokotowska_65_klatka_glowna_parter_01-scaled.jpg 2560w, http:\/\/lapidarium.fundacja-hereditas.pl\/wp-content\/uploads\/2023\/10\/Robert_Marcinkowski_Warszawa_Mokotowska_65_klatka_glowna_parter_01-300x184.jpg 300w, http:\/\/lapidarium.fundacja-hereditas.pl\/wp-content\/uploads\/2023\/10\/Robert_Marcinkowski_Warszawa_Mokotowska_65_klatka_glowna_parter_01-1024x629.jpg 1024w, http:\/\/lapidarium.fundacja-hereditas.pl\/wp-content\/uploads\/2023\/10\/Robert_Marcinkowski_Warszawa_Mokotowska_65_klatka_glowna_parter_01-768x472.jpg 768w, http:\/\/lapidarium.fundacja-hereditas.pl\/wp-content\/uploads\/2023\/10\/Robert_Marcinkowski_Warszawa_Mokotowska_65_klatka_glowna_parter_01-1536x944.jpg 1536w, http:\/\/lapidarium.fundacja-hereditas.pl\/wp-content\/uploads\/2023\/10\/Robert_Marcinkowski_Warszawa_Mokotowska_65_klatka_glowna_parter_01-2048x1259.jpg 2048w, http:\/\/lapidarium.fundacja-hereditas.pl\/wp-content\/uploads\/2023\/10\/Robert_Marcinkowski_Warszawa_Mokotowska_65_klatka_glowna_parter_01-150x92.jpg 150w, http:\/\/lapidarium.fundacja-hereditas.pl\/wp-content\/uploads\/2023\/10\/Robert_Marcinkowski_Warszawa_Mokotowska_65_klatka_glowna_parter_01-696x428.jpg 696w, http:\/\/lapidarium.fundacja-hereditas.pl\/wp-content\/uploads\/2023\/10\/Robert_Marcinkowski_Warszawa_Mokotowska_65_klatka_glowna_parter_01-1068x656.jpg 1068w, http:\/\/lapidarium.fundacja-hereditas.pl\/wp-content\/uploads\/2023\/10\/Robert_Marcinkowski_Warszawa_Mokotowska_65_klatka_glowna_parter_01-1920x1180.jpg 1920w\" sizes=\"auto, (max-width: 2560px) 100vw, 2560px\" \/><\/a><figcaption class=\"wp-element-caption\">Dom frontowy. Klatka schodowa g\u0142\u00f3wna &#8211; parter. Posadzka. Fot. Robert Marcinkowski, 2023 r., \u017ar\u00f3d\u0142o: AOD IV.<\/figcaption><\/figure>\n\n\n\n<figure class=\"wp-block-image\"><a href=\"http:\/\/lapidarium.fundacja-hereditas.pl\/wp-content\/uploads\/2023\/10\/I_Otrebska_Mokotowska_65_klatka-schodowa_reprezentacyjna-37-scaled.jpg\"><img loading=\"lazy\" decoding=\"async\" width=\"1725\" height=\"2560\" data-id=\"14234\" src=\"http:\/\/lapidarium.fundacja-hereditas.pl\/wp-content\/uploads\/2023\/10\/I_Otrebska_Mokotowska_65_klatka-schodowa_reprezentacyjna-37-scaled.jpg\" alt=\"\" class=\"wp-image-14234\" srcset=\"http:\/\/lapidarium.fundacja-hereditas.pl\/wp-content\/uploads\/2023\/10\/I_Otrebska_Mokotowska_65_klatka-schodowa_reprezentacyjna-37-scaled.jpg 1725w, http:\/\/lapidarium.fundacja-hereditas.pl\/wp-content\/uploads\/2023\/10\/I_Otrebska_Mokotowska_65_klatka-schodowa_reprezentacyjna-37-202x300.jpg 202w, http:\/\/lapidarium.fundacja-hereditas.pl\/wp-content\/uploads\/2023\/10\/I_Otrebska_Mokotowska_65_klatka-schodowa_reprezentacyjna-37-690x1024.jpg 690w, http:\/\/lapidarium.fundacja-hereditas.pl\/wp-content\/uploads\/2023\/10\/I_Otrebska_Mokotowska_65_klatka-schodowa_reprezentacyjna-37-768x1140.jpg 768w, http:\/\/lapidarium.fundacja-hereditas.pl\/wp-content\/uploads\/2023\/10\/I_Otrebska_Mokotowska_65_klatka-schodowa_reprezentacyjna-37-1035x1536.jpg 1035w, http:\/\/lapidarium.fundacja-hereditas.pl\/wp-content\/uploads\/2023\/10\/I_Otrebska_Mokotowska_65_klatka-schodowa_reprezentacyjna-37-1380x2048.jpg 1380w, http:\/\/lapidarium.fundacja-hereditas.pl\/wp-content\/uploads\/2023\/10\/I_Otrebska_Mokotowska_65_klatka-schodowa_reprezentacyjna-37-150x223.jpg 150w, http:\/\/lapidarium.fundacja-hereditas.pl\/wp-content\/uploads\/2023\/10\/I_Otrebska_Mokotowska_65_klatka-schodowa_reprezentacyjna-37-300x445.jpg 300w, http:\/\/lapidarium.fundacja-hereditas.pl\/wp-content\/uploads\/2023\/10\/I_Otrebska_Mokotowska_65_klatka-schodowa_reprezentacyjna-37-696x1033.jpg 696w, http:\/\/lapidarium.fundacja-hereditas.pl\/wp-content\/uploads\/2023\/10\/I_Otrebska_Mokotowska_65_klatka-schodowa_reprezentacyjna-37-1068x1585.jpg 1068w, http:\/\/lapidarium.fundacja-hereditas.pl\/wp-content\/uploads\/2023\/10\/I_Otrebska_Mokotowska_65_klatka-schodowa_reprezentacyjna-37-1920x2849.jpg 1920w\" sizes=\"auto, (max-width: 1725px) 100vw, 1725px\" \/><\/a><figcaption class=\"wp-element-caption\">Dom frontowy. Klatka schodowa g\u0142\u00f3wna. Nisza. Fot. Iwona Otr\u0119bska, 2023 r., \u017ar\u00f3d\u0142o: AOD IV. <\/figcaption><\/figure>\n\n\n\n<figure class=\"wp-block-image\"><a href=\"http:\/\/lapidarium.fundacja-hereditas.pl\/wp-content\/uploads\/2023\/10\/I_Otrebska_Mokotowska_65_klatka-schodowa_reprezentacyjna-33-scaled.jpg\"><img loading=\"lazy\" decoding=\"async\" width=\"2560\" height=\"2152\" data-id=\"14233\" src=\"http:\/\/lapidarium.fundacja-hereditas.pl\/wp-content\/uploads\/2023\/10\/I_Otrebska_Mokotowska_65_klatka-schodowa_reprezentacyjna-33-scaled.jpg\" alt=\"\" class=\"wp-image-14233\" srcset=\"http:\/\/lapidarium.fundacja-hereditas.pl\/wp-content\/uploads\/2023\/10\/I_Otrebska_Mokotowska_65_klatka-schodowa_reprezentacyjna-33-scaled.jpg 2560w, http:\/\/lapidarium.fundacja-hereditas.pl\/wp-content\/uploads\/2023\/10\/I_Otrebska_Mokotowska_65_klatka-schodowa_reprezentacyjna-33-300x252.jpg 300w, http:\/\/lapidarium.fundacja-hereditas.pl\/wp-content\/uploads\/2023\/10\/I_Otrebska_Mokotowska_65_klatka-schodowa_reprezentacyjna-33-1024x861.jpg 1024w, http:\/\/lapidarium.fundacja-hereditas.pl\/wp-content\/uploads\/2023\/10\/I_Otrebska_Mokotowska_65_klatka-schodowa_reprezentacyjna-33-768x646.jpg 768w, http:\/\/lapidarium.fundacja-hereditas.pl\/wp-content\/uploads\/2023\/10\/I_Otrebska_Mokotowska_65_klatka-schodowa_reprezentacyjna-33-1536x1291.jpg 1536w, http:\/\/lapidarium.fundacja-hereditas.pl\/wp-content\/uploads\/2023\/10\/I_Otrebska_Mokotowska_65_klatka-schodowa_reprezentacyjna-33-2048x1722.jpg 2048w, http:\/\/lapidarium.fundacja-hereditas.pl\/wp-content\/uploads\/2023\/10\/I_Otrebska_Mokotowska_65_klatka-schodowa_reprezentacyjna-33-150x126.jpg 150w, http:\/\/lapidarium.fundacja-hereditas.pl\/wp-content\/uploads\/2023\/10\/I_Otrebska_Mokotowska_65_klatka-schodowa_reprezentacyjna-33-696x585.jpg 696w, http:\/\/lapidarium.fundacja-hereditas.pl\/wp-content\/uploads\/2023\/10\/I_Otrebska_Mokotowska_65_klatka-schodowa_reprezentacyjna-33-1068x898.jpg 1068w, http:\/\/lapidarium.fundacja-hereditas.pl\/wp-content\/uploads\/2023\/10\/I_Otrebska_Mokotowska_65_klatka-schodowa_reprezentacyjna-33-1920x1614.jpg 1920w\" sizes=\"auto, (max-width: 2560px) 100vw, 2560px\" \/><\/a><figcaption class=\"wp-element-caption\">Dom frontowy. Klatka schodowa g\u0142\u00f3wna. Zwie\u0144czenie niszy. Motywy muszli.  Fot. Iwona Otr\u0119bska, 2023 r., \u017ar\u00f3d\u0142o: AOD IV. <\/figcaption><\/figure>\n\n\n\n<figure class=\"wp-block-image\"><a href=\"http:\/\/lapidarium.fundacja-hereditas.pl\/wp-content\/uploads\/2023\/10\/Dziubiel_Agnieszka_Warszawa_Mokotowska_65_oficyna_frontowa_klatka_schodowa_glowna_17-scaled.jpg\"><img loading=\"lazy\" decoding=\"async\" width=\"1870\" height=\"2560\" data-id=\"14180\" src=\"http:\/\/lapidarium.fundacja-hereditas.pl\/wp-content\/uploads\/2023\/10\/Dziubiel_Agnieszka_Warszawa_Mokotowska_65_oficyna_frontowa_klatka_schodowa_glowna_17-scaled.jpg\" alt=\"\" class=\"wp-image-14180\" srcset=\"http:\/\/lapidarium.fundacja-hereditas.pl\/wp-content\/uploads\/2023\/10\/Dziubiel_Agnieszka_Warszawa_Mokotowska_65_oficyna_frontowa_klatka_schodowa_glowna_17-scaled.jpg 1870w, http:\/\/lapidarium.fundacja-hereditas.pl\/wp-content\/uploads\/2023\/10\/Dziubiel_Agnieszka_Warszawa_Mokotowska_65_oficyna_frontowa_klatka_schodowa_glowna_17-219x300.jpg 219w, http:\/\/lapidarium.fundacja-hereditas.pl\/wp-content\/uploads\/2023\/10\/Dziubiel_Agnieszka_Warszawa_Mokotowska_65_oficyna_frontowa_klatka_schodowa_glowna_17-748x1024.jpg 748w, http:\/\/lapidarium.fundacja-hereditas.pl\/wp-content\/uploads\/2023\/10\/Dziubiel_Agnieszka_Warszawa_Mokotowska_65_oficyna_frontowa_klatka_schodowa_glowna_17-768x1051.jpg 768w, http:\/\/lapidarium.fundacja-hereditas.pl\/wp-content\/uploads\/2023\/10\/Dziubiel_Agnieszka_Warszawa_Mokotowska_65_oficyna_frontowa_klatka_schodowa_glowna_17-1122x1536.jpg 1122w, http:\/\/lapidarium.fundacja-hereditas.pl\/wp-content\/uploads\/2023\/10\/Dziubiel_Agnieszka_Warszawa_Mokotowska_65_oficyna_frontowa_klatka_schodowa_glowna_17-1496x2048.jpg 1496w, http:\/\/lapidarium.fundacja-hereditas.pl\/wp-content\/uploads\/2023\/10\/Dziubiel_Agnieszka_Warszawa_Mokotowska_65_oficyna_frontowa_klatka_schodowa_glowna_17-150x205.jpg 150w, http:\/\/lapidarium.fundacja-hereditas.pl\/wp-content\/uploads\/2023\/10\/Dziubiel_Agnieszka_Warszawa_Mokotowska_65_oficyna_frontowa_klatka_schodowa_glowna_17-300x411.jpg 300w, http:\/\/lapidarium.fundacja-hereditas.pl\/wp-content\/uploads\/2023\/10\/Dziubiel_Agnieszka_Warszawa_Mokotowska_65_oficyna_frontowa_klatka_schodowa_glowna_17-696x953.jpg 696w, http:\/\/lapidarium.fundacja-hereditas.pl\/wp-content\/uploads\/2023\/10\/Dziubiel_Agnieszka_Warszawa_Mokotowska_65_oficyna_frontowa_klatka_schodowa_glowna_17-1068x1462.jpg 1068w, http:\/\/lapidarium.fundacja-hereditas.pl\/wp-content\/uploads\/2023\/10\/Dziubiel_Agnieszka_Warszawa_Mokotowska_65_oficyna_frontowa_klatka_schodowa_glowna_17-1920x2628.jpg 1920w\" sizes=\"auto, (max-width: 1870px) 100vw, 1870px\" \/><\/a><figcaption class=\"wp-element-caption\">Dom frontowy. Klatka schodowa g\u0142\u00f3wna. Widok na jedno z pi\u0119ter. Fot. Agnieszka Dziubiel, 2023 r., \u017ar\u00f3d\u0142o: AOD IV.<\/figcaption><\/figure>\n\n\n\n<figure class=\"wp-block-image\"><a href=\"http:\/\/lapidarium.fundacja-hereditas.pl\/wp-content\/uploads\/2023\/10\/I_Otrebska_Mokotowska_65_klatka-schodowa_reprezentacyjna_drzwi_do_lokalu-21-scaled.jpg\"><img loading=\"lazy\" decoding=\"async\" width=\"2560\" height=\"1731\" data-id=\"14237\" src=\"http:\/\/lapidarium.fundacja-hereditas.pl\/wp-content\/uploads\/2023\/10\/I_Otrebska_Mokotowska_65_klatka-schodowa_reprezentacyjna_drzwi_do_lokalu-21-scaled.jpg\" alt=\"\" class=\"wp-image-14237\" srcset=\"http:\/\/lapidarium.fundacja-hereditas.pl\/wp-content\/uploads\/2023\/10\/I_Otrebska_Mokotowska_65_klatka-schodowa_reprezentacyjna_drzwi_do_lokalu-21-scaled.jpg 2560w, http:\/\/lapidarium.fundacja-hereditas.pl\/wp-content\/uploads\/2023\/10\/I_Otrebska_Mokotowska_65_klatka-schodowa_reprezentacyjna_drzwi_do_lokalu-21-300x203.jpg 300w, http:\/\/lapidarium.fundacja-hereditas.pl\/wp-content\/uploads\/2023\/10\/I_Otrebska_Mokotowska_65_klatka-schodowa_reprezentacyjna_drzwi_do_lokalu-21-1024x692.jpg 1024w, http:\/\/lapidarium.fundacja-hereditas.pl\/wp-content\/uploads\/2023\/10\/I_Otrebska_Mokotowska_65_klatka-schodowa_reprezentacyjna_drzwi_do_lokalu-21-768x519.jpg 768w, http:\/\/lapidarium.fundacja-hereditas.pl\/wp-content\/uploads\/2023\/10\/I_Otrebska_Mokotowska_65_klatka-schodowa_reprezentacyjna_drzwi_do_lokalu-21-1536x1038.jpg 1536w, http:\/\/lapidarium.fundacja-hereditas.pl\/wp-content\/uploads\/2023\/10\/I_Otrebska_Mokotowska_65_klatka-schodowa_reprezentacyjna_drzwi_do_lokalu-21-2048x1385.jpg 2048w, http:\/\/lapidarium.fundacja-hereditas.pl\/wp-content\/uploads\/2023\/10\/I_Otrebska_Mokotowska_65_klatka-schodowa_reprezentacyjna_drzwi_do_lokalu-21-150x101.jpg 150w, http:\/\/lapidarium.fundacja-hereditas.pl\/wp-content\/uploads\/2023\/10\/I_Otrebska_Mokotowska_65_klatka-schodowa_reprezentacyjna_drzwi_do_lokalu-21-696x471.jpg 696w, http:\/\/lapidarium.fundacja-hereditas.pl\/wp-content\/uploads\/2023\/10\/I_Otrebska_Mokotowska_65_klatka-schodowa_reprezentacyjna_drzwi_do_lokalu-21-1068x722.jpg 1068w, http:\/\/lapidarium.fundacja-hereditas.pl\/wp-content\/uploads\/2023\/10\/I_Otrebska_Mokotowska_65_klatka-schodowa_reprezentacyjna_drzwi_do_lokalu-21-1920x1298.jpg 1920w\" sizes=\"auto, (max-width: 2560px) 100vw, 2560px\" \/><\/a><figcaption class=\"wp-element-caption\">Dom frontowy. Klatka schodowa g\u0142\u00f3wna. Wrzutnia na listy w drzwiach lokalu mieszkalnego. Fot. Iwona Otr\u0119bska, 2023 r., \u017ar\u00f3d\u0142o: AOD IV. <\/figcaption><\/figure>\n\n\n\n<figure class=\"wp-block-image\"><a href=\"http:\/\/lapidarium.fundacja-hereditas.pl\/wp-content\/uploads\/2023\/10\/Dziubiel_Agnieszka_Warszawa_Mokotowska_65_oficyna_frontowa_klatka_schodowa_glowna_drzwi_do_mieszkania_03-scaled.jpg\"><img loading=\"lazy\" decoding=\"async\" width=\"1444\" height=\"2560\" data-id=\"14182\" src=\"http:\/\/lapidarium.fundacja-hereditas.pl\/wp-content\/uploads\/2023\/10\/Dziubiel_Agnieszka_Warszawa_Mokotowska_65_oficyna_frontowa_klatka_schodowa_glowna_drzwi_do_mieszkania_03-scaled.jpg\" alt=\"\" class=\"wp-image-14182\" srcset=\"http:\/\/lapidarium.fundacja-hereditas.pl\/wp-content\/uploads\/2023\/10\/Dziubiel_Agnieszka_Warszawa_Mokotowska_65_oficyna_frontowa_klatka_schodowa_glowna_drzwi_do_mieszkania_03-scaled.jpg 1444w, http:\/\/lapidarium.fundacja-hereditas.pl\/wp-content\/uploads\/2023\/10\/Dziubiel_Agnieszka_Warszawa_Mokotowska_65_oficyna_frontowa_klatka_schodowa_glowna_drzwi_do_mieszkania_03-169x300.jpg 169w, http:\/\/lapidarium.fundacja-hereditas.pl\/wp-content\/uploads\/2023\/10\/Dziubiel_Agnieszka_Warszawa_Mokotowska_65_oficyna_frontowa_klatka_schodowa_glowna_drzwi_do_mieszkania_03-577x1024.jpg 577w, http:\/\/lapidarium.fundacja-hereditas.pl\/wp-content\/uploads\/2023\/10\/Dziubiel_Agnieszka_Warszawa_Mokotowska_65_oficyna_frontowa_klatka_schodowa_glowna_drzwi_do_mieszkania_03-768x1362.jpg 768w, http:\/\/lapidarium.fundacja-hereditas.pl\/wp-content\/uploads\/2023\/10\/Dziubiel_Agnieszka_Warszawa_Mokotowska_65_oficyna_frontowa_klatka_schodowa_glowna_drzwi_do_mieszkania_03-866x1536.jpg 866w, http:\/\/lapidarium.fundacja-hereditas.pl\/wp-content\/uploads\/2023\/10\/Dziubiel_Agnieszka_Warszawa_Mokotowska_65_oficyna_frontowa_klatka_schodowa_glowna_drzwi_do_mieszkania_03-1155x2048.jpg 1155w, http:\/\/lapidarium.fundacja-hereditas.pl\/wp-content\/uploads\/2023\/10\/Dziubiel_Agnieszka_Warszawa_Mokotowska_65_oficyna_frontowa_klatka_schodowa_glowna_drzwi_do_mieszkania_03-150x266.jpg 150w, http:\/\/lapidarium.fundacja-hereditas.pl\/wp-content\/uploads\/2023\/10\/Dziubiel_Agnieszka_Warszawa_Mokotowska_65_oficyna_frontowa_klatka_schodowa_glowna_drzwi_do_mieszkania_03-300x532.jpg 300w, http:\/\/lapidarium.fundacja-hereditas.pl\/wp-content\/uploads\/2023\/10\/Dziubiel_Agnieszka_Warszawa_Mokotowska_65_oficyna_frontowa_klatka_schodowa_glowna_drzwi_do_mieszkania_03-696x1234.jpg 696w, http:\/\/lapidarium.fundacja-hereditas.pl\/wp-content\/uploads\/2023\/10\/Dziubiel_Agnieszka_Warszawa_Mokotowska_65_oficyna_frontowa_klatka_schodowa_glowna_drzwi_do_mieszkania_03-1068x1894.jpg 1068w, http:\/\/lapidarium.fundacja-hereditas.pl\/wp-content\/uploads\/2023\/10\/Dziubiel_Agnieszka_Warszawa_Mokotowska_65_oficyna_frontowa_klatka_schodowa_glowna_drzwi_do_mieszkania_03-1920x3405.jpg 1920w\" sizes=\"auto, (max-width: 1444px) 100vw, 1444px\" \/><\/a><figcaption class=\"wp-element-caption\">Dom frontowy. Klatka schodowa g\u0142\u00f3wna. Supraporta nad drzwiami lokalu mieszkalnego. Fot. Agnieszka Dziubiel, 2023 r., \u017ar\u00f3d\u0142o: AOD IV.<\/figcaption><\/figure>\n\n\n\n<figure class=\"wp-block-image\"><a href=\"http:\/\/lapidarium.fundacja-hereditas.pl\/wp-content\/uploads\/2023\/10\/I_Otrebska_Mokotowska_65_klatka-schodowa_reprezentacyjna_drzwi_do_lokalu_supraporta-13-scaled.jpg\"><img loading=\"lazy\" decoding=\"async\" width=\"2560\" height=\"1258\" data-id=\"14238\" src=\"http:\/\/lapidarium.fundacja-hereditas.pl\/wp-content\/uploads\/2023\/10\/I_Otrebska_Mokotowska_65_klatka-schodowa_reprezentacyjna_drzwi_do_lokalu_supraporta-13-scaled.jpg\" alt=\"\" class=\"wp-image-14238\" srcset=\"http:\/\/lapidarium.fundacja-hereditas.pl\/wp-content\/uploads\/2023\/10\/I_Otrebska_Mokotowska_65_klatka-schodowa_reprezentacyjna_drzwi_do_lokalu_supraporta-13-scaled.jpg 2560w, http:\/\/lapidarium.fundacja-hereditas.pl\/wp-content\/uploads\/2023\/10\/I_Otrebska_Mokotowska_65_klatka-schodowa_reprezentacyjna_drzwi_do_lokalu_supraporta-13-300x147.jpg 300w, http:\/\/lapidarium.fundacja-hereditas.pl\/wp-content\/uploads\/2023\/10\/I_Otrebska_Mokotowska_65_klatka-schodowa_reprezentacyjna_drzwi_do_lokalu_supraporta-13-1024x503.jpg 1024w, http:\/\/lapidarium.fundacja-hereditas.pl\/wp-content\/uploads\/2023\/10\/I_Otrebska_Mokotowska_65_klatka-schodowa_reprezentacyjna_drzwi_do_lokalu_supraporta-13-768x377.jpg 768w, http:\/\/lapidarium.fundacja-hereditas.pl\/wp-content\/uploads\/2023\/10\/I_Otrebska_Mokotowska_65_klatka-schodowa_reprezentacyjna_drzwi_do_lokalu_supraporta-13-1536x755.jpg 1536w, http:\/\/lapidarium.fundacja-hereditas.pl\/wp-content\/uploads\/2023\/10\/I_Otrebska_Mokotowska_65_klatka-schodowa_reprezentacyjna_drzwi_do_lokalu_supraporta-13-2048x1006.jpg 2048w, http:\/\/lapidarium.fundacja-hereditas.pl\/wp-content\/uploads\/2023\/10\/I_Otrebska_Mokotowska_65_klatka-schodowa_reprezentacyjna_drzwi_do_lokalu_supraporta-13-150x74.jpg 150w, http:\/\/lapidarium.fundacja-hereditas.pl\/wp-content\/uploads\/2023\/10\/I_Otrebska_Mokotowska_65_klatka-schodowa_reprezentacyjna_drzwi_do_lokalu_supraporta-13-696x342.jpg 696w, http:\/\/lapidarium.fundacja-hereditas.pl\/wp-content\/uploads\/2023\/10\/I_Otrebska_Mokotowska_65_klatka-schodowa_reprezentacyjna_drzwi_do_lokalu_supraporta-13-1068x525.jpg 1068w\" sizes=\"auto, (max-width: 2560px) 100vw, 2560px\" \/><\/a><figcaption class=\"wp-element-caption\">Dom frontowy. Klatka schodowa g\u0142\u00f3wna. Supraporta nad drzwiami lokalu mieszkalnego. Fot. Iwona Otr\u0119bska, 2023 r., \u017ar\u00f3d\u0142o: AOD IV. <\/figcaption><\/figure>\n\n\n\n<figure class=\"wp-block-image\"><a href=\"http:\/\/lapidarium.fundacja-hereditas.pl\/wp-content\/uploads\/2023\/10\/Dziubiel_Agnieszka_Warszawa_Mokotowska_65_oficyna_frontowa_klatka_schodowa_glowna_drzwi_do_mieszkania_detal_05-scaled.jpg\"><img loading=\"lazy\" decoding=\"async\" width=\"1893\" height=\"2560\" data-id=\"14183\" src=\"http:\/\/lapidarium.fundacja-hereditas.pl\/wp-content\/uploads\/2023\/10\/Dziubiel_Agnieszka_Warszawa_Mokotowska_65_oficyna_frontowa_klatka_schodowa_glowna_drzwi_do_mieszkania_detal_05-scaled.jpg\" alt=\"\" class=\"wp-image-14183\" srcset=\"http:\/\/lapidarium.fundacja-hereditas.pl\/wp-content\/uploads\/2023\/10\/Dziubiel_Agnieszka_Warszawa_Mokotowska_65_oficyna_frontowa_klatka_schodowa_glowna_drzwi_do_mieszkania_detal_05-scaled.jpg 1893w, http:\/\/lapidarium.fundacja-hereditas.pl\/wp-content\/uploads\/2023\/10\/Dziubiel_Agnieszka_Warszawa_Mokotowska_65_oficyna_frontowa_klatka_schodowa_glowna_drzwi_do_mieszkania_detal_05-222x300.jpg 222w, http:\/\/lapidarium.fundacja-hereditas.pl\/wp-content\/uploads\/2023\/10\/Dziubiel_Agnieszka_Warszawa_Mokotowska_65_oficyna_frontowa_klatka_schodowa_glowna_drzwi_do_mieszkania_detal_05-757x1024.jpg 757w, http:\/\/lapidarium.fundacja-hereditas.pl\/wp-content\/uploads\/2023\/10\/Dziubiel_Agnieszka_Warszawa_Mokotowska_65_oficyna_frontowa_klatka_schodowa_glowna_drzwi_do_mieszkania_detal_05-768x1039.jpg 768w, http:\/\/lapidarium.fundacja-hereditas.pl\/wp-content\/uploads\/2023\/10\/Dziubiel_Agnieszka_Warszawa_Mokotowska_65_oficyna_frontowa_klatka_schodowa_glowna_drzwi_do_mieszkania_detal_05-1136x1536.jpg 1136w, http:\/\/lapidarium.fundacja-hereditas.pl\/wp-content\/uploads\/2023\/10\/Dziubiel_Agnieszka_Warszawa_Mokotowska_65_oficyna_frontowa_klatka_schodowa_glowna_drzwi_do_mieszkania_detal_05-1514x2048.jpg 1514w, http:\/\/lapidarium.fundacja-hereditas.pl\/wp-content\/uploads\/2023\/10\/Dziubiel_Agnieszka_Warszawa_Mokotowska_65_oficyna_frontowa_klatka_schodowa_glowna_drzwi_do_mieszkania_detal_05-150x203.jpg 150w, http:\/\/lapidarium.fundacja-hereditas.pl\/wp-content\/uploads\/2023\/10\/Dziubiel_Agnieszka_Warszawa_Mokotowska_65_oficyna_frontowa_klatka_schodowa_glowna_drzwi_do_mieszkania_detal_05-300x406.jpg 300w, http:\/\/lapidarium.fundacja-hereditas.pl\/wp-content\/uploads\/2023\/10\/Dziubiel_Agnieszka_Warszawa_Mokotowska_65_oficyna_frontowa_klatka_schodowa_glowna_drzwi_do_mieszkania_detal_05-696x941.jpg 696w, http:\/\/lapidarium.fundacja-hereditas.pl\/wp-content\/uploads\/2023\/10\/Dziubiel_Agnieszka_Warszawa_Mokotowska_65_oficyna_frontowa_klatka_schodowa_glowna_drzwi_do_mieszkania_detal_05-1068x1445.jpg 1068w, http:\/\/lapidarium.fundacja-hereditas.pl\/wp-content\/uploads\/2023\/10\/Dziubiel_Agnieszka_Warszawa_Mokotowska_65_oficyna_frontowa_klatka_schodowa_glowna_drzwi_do_mieszkania_detal_05-1920x2597.jpg 1920w\" sizes=\"auto, (max-width: 1893px) 100vw, 1893px\" \/><\/a><figcaption class=\"wp-element-caption\">Dom frontowy. Klatka schodowa g\u0142\u00f3wna. Maska z supraporty nad drzwiami lokalu mieszkalnego. Fot. Agnieszka Dziubiel, 2023 r., \u017ar\u00f3d\u0142o: AOD IV.<\/figcaption><\/figure>\n\n\n\n<figure class=\"wp-block-image\"><a href=\"http:\/\/lapidarium.fundacja-hereditas.pl\/wp-content\/uploads\/2023\/10\/I_Otrebska_Mokotowska_65_klatka-schodowa_reprezentacyjna_drzwi_do_lokalu_supraporta-14-scaled.jpg\"><img loading=\"lazy\" decoding=\"async\" width=\"1767\" height=\"2560\" data-id=\"14239\" src=\"http:\/\/lapidarium.fundacja-hereditas.pl\/wp-content\/uploads\/2023\/10\/I_Otrebska_Mokotowska_65_klatka-schodowa_reprezentacyjna_drzwi_do_lokalu_supraporta-14-scaled.jpg\" alt=\"\" class=\"wp-image-14239\" srcset=\"http:\/\/lapidarium.fundacja-hereditas.pl\/wp-content\/uploads\/2023\/10\/I_Otrebska_Mokotowska_65_klatka-schodowa_reprezentacyjna_drzwi_do_lokalu_supraporta-14-scaled.jpg 1767w, http:\/\/lapidarium.fundacja-hereditas.pl\/wp-content\/uploads\/2023\/10\/I_Otrebska_Mokotowska_65_klatka-schodowa_reprezentacyjna_drzwi_do_lokalu_supraporta-14-207x300.jpg 207w, http:\/\/lapidarium.fundacja-hereditas.pl\/wp-content\/uploads\/2023\/10\/I_Otrebska_Mokotowska_65_klatka-schodowa_reprezentacyjna_drzwi_do_lokalu_supraporta-14-707x1024.jpg 707w, http:\/\/lapidarium.fundacja-hereditas.pl\/wp-content\/uploads\/2023\/10\/I_Otrebska_Mokotowska_65_klatka-schodowa_reprezentacyjna_drzwi_do_lokalu_supraporta-14-768x1113.jpg 768w, http:\/\/lapidarium.fundacja-hereditas.pl\/wp-content\/uploads\/2023\/10\/I_Otrebska_Mokotowska_65_klatka-schodowa_reprezentacyjna_drzwi_do_lokalu_supraporta-14-1060x1536.jpg 1060w, http:\/\/lapidarium.fundacja-hereditas.pl\/wp-content\/uploads\/2023\/10\/I_Otrebska_Mokotowska_65_klatka-schodowa_reprezentacyjna_drzwi_do_lokalu_supraporta-14-1413x2048.jpg 1413w, http:\/\/lapidarium.fundacja-hereditas.pl\/wp-content\/uploads\/2023\/10\/I_Otrebska_Mokotowska_65_klatka-schodowa_reprezentacyjna_drzwi_do_lokalu_supraporta-14-150x217.jpg 150w, http:\/\/lapidarium.fundacja-hereditas.pl\/wp-content\/uploads\/2023\/10\/I_Otrebska_Mokotowska_65_klatka-schodowa_reprezentacyjna_drzwi_do_lokalu_supraporta-14-300x435.jpg 300w, http:\/\/lapidarium.fundacja-hereditas.pl\/wp-content\/uploads\/2023\/10\/I_Otrebska_Mokotowska_65_klatka-schodowa_reprezentacyjna_drzwi_do_lokalu_supraporta-14-696x1009.jpg 696w, http:\/\/lapidarium.fundacja-hereditas.pl\/wp-content\/uploads\/2023\/10\/I_Otrebska_Mokotowska_65_klatka-schodowa_reprezentacyjna_drzwi_do_lokalu_supraporta-14-1068x1548.jpg 1068w, http:\/\/lapidarium.fundacja-hereditas.pl\/wp-content\/uploads\/2023\/10\/I_Otrebska_Mokotowska_65_klatka-schodowa_reprezentacyjna_drzwi_do_lokalu_supraporta-14-1920x2782.jpg 1920w\" sizes=\"auto, (max-width: 1767px) 100vw, 1767px\" \/><\/a><figcaption class=\"wp-element-caption\">Dom frontowy. Klatka schodowa g\u0142\u00f3wna. Supraporta nad drzwiami lokalu mieszkalnego. Fot. Iwona Otr\u0119bska, 2023 r., \u017ar\u00f3d\u0142o: AOD IV. <\/figcaption><\/figure>\n\n\n\n<figure class=\"wp-block-image\"><a href=\"http:\/\/lapidarium.fundacja-hereditas.pl\/wp-content\/uploads\/2023\/10\/Robert_Marcinkowski_Warszawa_Mokotowska_65_klatka_supraporta_01-scaled.jpg\"><img loading=\"lazy\" decoding=\"async\" width=\"1674\" height=\"2560\" data-id=\"14313\" src=\"http:\/\/lapidarium.fundacja-hereditas.pl\/wp-content\/uploads\/2023\/10\/Robert_Marcinkowski_Warszawa_Mokotowska_65_klatka_supraporta_01-scaled.jpg\" alt=\"\" class=\"wp-image-14313\" srcset=\"http:\/\/lapidarium.fundacja-hereditas.pl\/wp-content\/uploads\/2023\/10\/Robert_Marcinkowski_Warszawa_Mokotowska_65_klatka_supraporta_01-scaled.jpg 1674w, http:\/\/lapidarium.fundacja-hereditas.pl\/wp-content\/uploads\/2023\/10\/Robert_Marcinkowski_Warszawa_Mokotowska_65_klatka_supraporta_01-196x300.jpg 196w, http:\/\/lapidarium.fundacja-hereditas.pl\/wp-content\/uploads\/2023\/10\/Robert_Marcinkowski_Warszawa_Mokotowska_65_klatka_supraporta_01-670x1024.jpg 670w, http:\/\/lapidarium.fundacja-hereditas.pl\/wp-content\/uploads\/2023\/10\/Robert_Marcinkowski_Warszawa_Mokotowska_65_klatka_supraporta_01-768x1174.jpg 768w, http:\/\/lapidarium.fundacja-hereditas.pl\/wp-content\/uploads\/2023\/10\/Robert_Marcinkowski_Warszawa_Mokotowska_65_klatka_supraporta_01-1005x1536.jpg 1005w, http:\/\/lapidarium.fundacja-hereditas.pl\/wp-content\/uploads\/2023\/10\/Robert_Marcinkowski_Warszawa_Mokotowska_65_klatka_supraporta_01-1339x2048.jpg 1339w, http:\/\/lapidarium.fundacja-hereditas.pl\/wp-content\/uploads\/2023\/10\/Robert_Marcinkowski_Warszawa_Mokotowska_65_klatka_supraporta_01-150x229.jpg 150w, http:\/\/lapidarium.fundacja-hereditas.pl\/wp-content\/uploads\/2023\/10\/Robert_Marcinkowski_Warszawa_Mokotowska_65_klatka_supraporta_01-300x459.jpg 300w, http:\/\/lapidarium.fundacja-hereditas.pl\/wp-content\/uploads\/2023\/10\/Robert_Marcinkowski_Warszawa_Mokotowska_65_klatka_supraporta_01-696x1064.jpg 696w, http:\/\/lapidarium.fundacja-hereditas.pl\/wp-content\/uploads\/2023\/10\/Robert_Marcinkowski_Warszawa_Mokotowska_65_klatka_supraporta_01-1068x1633.jpg 1068w, http:\/\/lapidarium.fundacja-hereditas.pl\/wp-content\/uploads\/2023\/10\/Robert_Marcinkowski_Warszawa_Mokotowska_65_klatka_supraporta_01-1920x2936.jpg 1920w\" sizes=\"auto, (max-width: 1674px) 100vw, 1674px\" \/><\/a><figcaption class=\"wp-element-caption\">Dom frontowy. Klatka schodowa g\u0142\u00f3wna. Detal z supraporty nad drzwiami lokalu mieszkalnego. Fot. Robert Marcinkowski, 2023 r., \u017ar\u00f3d\u0142o: AOD IV.<\/figcaption><\/figure>\n\n\n\n<figure class=\"wp-block-image\"><a href=\"http:\/\/lapidarium.fundacja-hereditas.pl\/wp-content\/uploads\/2023\/10\/Robert_Marcinkowski_Warszawa_Mokotowska_65_klatka_glowna_balustrada_01-scaled.jpg\"><img loading=\"lazy\" decoding=\"async\" width=\"1469\" height=\"2560\" data-id=\"14291\" src=\"http:\/\/lapidarium.fundacja-hereditas.pl\/wp-content\/uploads\/2023\/10\/Robert_Marcinkowski_Warszawa_Mokotowska_65_klatka_glowna_balustrada_01-scaled.jpg\" alt=\"\" class=\"wp-image-14291\" srcset=\"http:\/\/lapidarium.fundacja-hereditas.pl\/wp-content\/uploads\/2023\/10\/Robert_Marcinkowski_Warszawa_Mokotowska_65_klatka_glowna_balustrada_01-scaled.jpg 1469w, http:\/\/lapidarium.fundacja-hereditas.pl\/wp-content\/uploads\/2023\/10\/Robert_Marcinkowski_Warszawa_Mokotowska_65_klatka_glowna_balustrada_01-172x300.jpg 172w, http:\/\/lapidarium.fundacja-hereditas.pl\/wp-content\/uploads\/2023\/10\/Robert_Marcinkowski_Warszawa_Mokotowska_65_klatka_glowna_balustrada_01-587x1024.jpg 587w, http:\/\/lapidarium.fundacja-hereditas.pl\/wp-content\/uploads\/2023\/10\/Robert_Marcinkowski_Warszawa_Mokotowska_65_klatka_glowna_balustrada_01-768x1339.jpg 768w, http:\/\/lapidarium.fundacja-hereditas.pl\/wp-content\/uploads\/2023\/10\/Robert_Marcinkowski_Warszawa_Mokotowska_65_klatka_glowna_balustrada_01-881x1536.jpg 881w, http:\/\/lapidarium.fundacja-hereditas.pl\/wp-content\/uploads\/2023\/10\/Robert_Marcinkowski_Warszawa_Mokotowska_65_klatka_glowna_balustrada_01-1175x2048.jpg 1175w, http:\/\/lapidarium.fundacja-hereditas.pl\/wp-content\/uploads\/2023\/10\/Robert_Marcinkowski_Warszawa_Mokotowska_65_klatka_glowna_balustrada_01-150x261.jpg 150w, http:\/\/lapidarium.fundacja-hereditas.pl\/wp-content\/uploads\/2023\/10\/Robert_Marcinkowski_Warszawa_Mokotowska_65_klatka_glowna_balustrada_01-300x523.jpg 300w, http:\/\/lapidarium.fundacja-hereditas.pl\/wp-content\/uploads\/2023\/10\/Robert_Marcinkowski_Warszawa_Mokotowska_65_klatka_glowna_balustrada_01-696x1213.jpg 696w, http:\/\/lapidarium.fundacja-hereditas.pl\/wp-content\/uploads\/2023\/10\/Robert_Marcinkowski_Warszawa_Mokotowska_65_klatka_glowna_balustrada_01-1068x1862.jpg 1068w, http:\/\/lapidarium.fundacja-hereditas.pl\/wp-content\/uploads\/2023\/10\/Robert_Marcinkowski_Warszawa_Mokotowska_65_klatka_glowna_balustrada_01-1920x3347.jpg 1920w\" sizes=\"auto, (max-width: 1469px) 100vw, 1469px\" \/><\/a><figcaption class=\"wp-element-caption\">Dom frontowy. Klatka schodowa g\u0142\u00f3wna. Zakr\u0119t balustrady. Fot. Robert Marcinkowski, 2023 r., \u017ar\u00f3d\u0142o: AOD IV.<\/figcaption><\/figure>\n\n\n\n<figure class=\"wp-block-image\"><a href=\"http:\/\/lapidarium.fundacja-hereditas.pl\/wp-content\/uploads\/2023\/10\/Robert_Marcinkowski_Warszawa_Mokotowska_65_klatka_glowna_balustrada_04-scaled.jpg\"><img loading=\"lazy\" decoding=\"async\" width=\"1464\" height=\"2560\" data-id=\"14294\" src=\"http:\/\/lapidarium.fundacja-hereditas.pl\/wp-content\/uploads\/2023\/10\/Robert_Marcinkowski_Warszawa_Mokotowska_65_klatka_glowna_balustrada_04-scaled.jpg\" alt=\"\" class=\"wp-image-14294\" srcset=\"http:\/\/lapidarium.fundacja-hereditas.pl\/wp-content\/uploads\/2023\/10\/Robert_Marcinkowski_Warszawa_Mokotowska_65_klatka_glowna_balustrada_04-scaled.jpg 1464w, http:\/\/lapidarium.fundacja-hereditas.pl\/wp-content\/uploads\/2023\/10\/Robert_Marcinkowski_Warszawa_Mokotowska_65_klatka_glowna_balustrada_04-172x300.jpg 172w, http:\/\/lapidarium.fundacja-hereditas.pl\/wp-content\/uploads\/2023\/10\/Robert_Marcinkowski_Warszawa_Mokotowska_65_klatka_glowna_balustrada_04-586x1024.jpg 586w, http:\/\/lapidarium.fundacja-hereditas.pl\/wp-content\/uploads\/2023\/10\/Robert_Marcinkowski_Warszawa_Mokotowska_65_klatka_glowna_balustrada_04-768x1343.jpg 768w, http:\/\/lapidarium.fundacja-hereditas.pl\/wp-content\/uploads\/2023\/10\/Robert_Marcinkowski_Warszawa_Mokotowska_65_klatka_glowna_balustrada_04-878x1536.jpg 878w, http:\/\/lapidarium.fundacja-hereditas.pl\/wp-content\/uploads\/2023\/10\/Robert_Marcinkowski_Warszawa_Mokotowska_65_klatka_glowna_balustrada_04-1171x2048.jpg 1171w, http:\/\/lapidarium.fundacja-hereditas.pl\/wp-content\/uploads\/2023\/10\/Robert_Marcinkowski_Warszawa_Mokotowska_65_klatka_glowna_balustrada_04-150x262.jpg 150w, http:\/\/lapidarium.fundacja-hereditas.pl\/wp-content\/uploads\/2023\/10\/Robert_Marcinkowski_Warszawa_Mokotowska_65_klatka_glowna_balustrada_04-300x525.jpg 300w, http:\/\/lapidarium.fundacja-hereditas.pl\/wp-content\/uploads\/2023\/10\/Robert_Marcinkowski_Warszawa_Mokotowska_65_klatka_glowna_balustrada_04-696x1217.jpg 696w, http:\/\/lapidarium.fundacja-hereditas.pl\/wp-content\/uploads\/2023\/10\/Robert_Marcinkowski_Warszawa_Mokotowska_65_klatka_glowna_balustrada_04-1068x1868.jpg 1068w, http:\/\/lapidarium.fundacja-hereditas.pl\/wp-content\/uploads\/2023\/10\/Robert_Marcinkowski_Warszawa_Mokotowska_65_klatka_glowna_balustrada_04-1920x3358.jpg 1920w\" sizes=\"auto, (max-width: 1464px) 100vw, 1464px\" \/><\/a><figcaption class=\"wp-element-caption\">Dom frontowy. Klatka schodowa g\u0142\u00f3wna. Balustrada &#8211; detal. Fot. Robert Marcinkowski, 2023 r., \u017ar\u00f3d\u0142o: AOD IV.<\/figcaption><\/figure>\n\n\n\n<figure class=\"wp-block-image\"><a href=\"http:\/\/lapidarium.fundacja-hereditas.pl\/wp-content\/uploads\/2023\/10\/Dziubiel_Agnieszka_Warszawa_Mokotowska_65_oficyna_frontowa_klatka_schodowa_glowna_19-scaled.jpg\"><img loading=\"lazy\" decoding=\"async\" width=\"1913\" height=\"2560\" data-id=\"14181\" src=\"http:\/\/lapidarium.fundacja-hereditas.pl\/wp-content\/uploads\/2023\/10\/Dziubiel_Agnieszka_Warszawa_Mokotowska_65_oficyna_frontowa_klatka_schodowa_glowna_19-scaled.jpg\" alt=\"\" class=\"wp-image-14181\" srcset=\"http:\/\/lapidarium.fundacja-hereditas.pl\/wp-content\/uploads\/2023\/10\/Dziubiel_Agnieszka_Warszawa_Mokotowska_65_oficyna_frontowa_klatka_schodowa_glowna_19-scaled.jpg 1913w, http:\/\/lapidarium.fundacja-hereditas.pl\/wp-content\/uploads\/2023\/10\/Dziubiel_Agnieszka_Warszawa_Mokotowska_65_oficyna_frontowa_klatka_schodowa_glowna_19-224x300.jpg 224w, http:\/\/lapidarium.fundacja-hereditas.pl\/wp-content\/uploads\/2023\/10\/Dziubiel_Agnieszka_Warszawa_Mokotowska_65_oficyna_frontowa_klatka_schodowa_glowna_19-765x1024.jpg 765w, http:\/\/lapidarium.fundacja-hereditas.pl\/wp-content\/uploads\/2023\/10\/Dziubiel_Agnieszka_Warszawa_Mokotowska_65_oficyna_frontowa_klatka_schodowa_glowna_19-768x1028.jpg 768w, http:\/\/lapidarium.fundacja-hereditas.pl\/wp-content\/uploads\/2023\/10\/Dziubiel_Agnieszka_Warszawa_Mokotowska_65_oficyna_frontowa_klatka_schodowa_glowna_19-1148x1536.jpg 1148w, http:\/\/lapidarium.fundacja-hereditas.pl\/wp-content\/uploads\/2023\/10\/Dziubiel_Agnieszka_Warszawa_Mokotowska_65_oficyna_frontowa_klatka_schodowa_glowna_19-1530x2048.jpg 1530w, http:\/\/lapidarium.fundacja-hereditas.pl\/wp-content\/uploads\/2023\/10\/Dziubiel_Agnieszka_Warszawa_Mokotowska_65_oficyna_frontowa_klatka_schodowa_glowna_19-150x201.jpg 150w, http:\/\/lapidarium.fundacja-hereditas.pl\/wp-content\/uploads\/2023\/10\/Dziubiel_Agnieszka_Warszawa_Mokotowska_65_oficyna_frontowa_klatka_schodowa_glowna_19-300x402.jpg 300w, http:\/\/lapidarium.fundacja-hereditas.pl\/wp-content\/uploads\/2023\/10\/Dziubiel_Agnieszka_Warszawa_Mokotowska_65_oficyna_frontowa_klatka_schodowa_glowna_19-696x932.jpg 696w, http:\/\/lapidarium.fundacja-hereditas.pl\/wp-content\/uploads\/2023\/10\/Dziubiel_Agnieszka_Warszawa_Mokotowska_65_oficyna_frontowa_klatka_schodowa_glowna_19-1068x1429.jpg 1068w, http:\/\/lapidarium.fundacja-hereditas.pl\/wp-content\/uploads\/2023\/10\/Dziubiel_Agnieszka_Warszawa_Mokotowska_65_oficyna_frontowa_klatka_schodowa_glowna_19-1920x2570.jpg 1920w\" sizes=\"auto, (max-width: 1913px) 100vw, 1913px\" \/><\/a><figcaption class=\"wp-element-caption\">Dom frontowy. Klatka schodowa g\u0142\u00f3wna. Balustrada. Fot. Agnieszka Dziubiel, 2023 r., \u017ar\u00f3d\u0142o: AOD IV.<\/figcaption><\/figure>\n\n\n\n<figure class=\"wp-block-image\"><a href=\"http:\/\/lapidarium.fundacja-hereditas.pl\/wp-content\/uploads\/2023\/10\/I_Otrebska_Mokotowska_65_klatka-schodowa_reprezentacyjna_balustrada-16-scaled.jpg\"><img loading=\"lazy\" decoding=\"async\" width=\"1723\" height=\"2560\" data-id=\"14235\" src=\"http:\/\/lapidarium.fundacja-hereditas.pl\/wp-content\/uploads\/2023\/10\/I_Otrebska_Mokotowska_65_klatka-schodowa_reprezentacyjna_balustrada-16-scaled.jpg\" alt=\"\" class=\"wp-image-14235\" srcset=\"http:\/\/lapidarium.fundacja-hereditas.pl\/wp-content\/uploads\/2023\/10\/I_Otrebska_Mokotowska_65_klatka-schodowa_reprezentacyjna_balustrada-16-scaled.jpg 1723w, http:\/\/lapidarium.fundacja-hereditas.pl\/wp-content\/uploads\/2023\/10\/I_Otrebska_Mokotowska_65_klatka-schodowa_reprezentacyjna_balustrada-16-202x300.jpg 202w, http:\/\/lapidarium.fundacja-hereditas.pl\/wp-content\/uploads\/2023\/10\/I_Otrebska_Mokotowska_65_klatka-schodowa_reprezentacyjna_balustrada-16-689x1024.jpg 689w, http:\/\/lapidarium.fundacja-hereditas.pl\/wp-content\/uploads\/2023\/10\/I_Otrebska_Mokotowska_65_klatka-schodowa_reprezentacyjna_balustrada-16-768x1141.jpg 768w, http:\/\/lapidarium.fundacja-hereditas.pl\/wp-content\/uploads\/2023\/10\/I_Otrebska_Mokotowska_65_klatka-schodowa_reprezentacyjna_balustrada-16-1034x1536.jpg 1034w, http:\/\/lapidarium.fundacja-hereditas.pl\/wp-content\/uploads\/2023\/10\/I_Otrebska_Mokotowska_65_klatka-schodowa_reprezentacyjna_balustrada-16-1378x2048.jpg 1378w, http:\/\/lapidarium.fundacja-hereditas.pl\/wp-content\/uploads\/2023\/10\/I_Otrebska_Mokotowska_65_klatka-schodowa_reprezentacyjna_balustrada-16-150x223.jpg 150w, http:\/\/lapidarium.fundacja-hereditas.pl\/wp-content\/uploads\/2023\/10\/I_Otrebska_Mokotowska_65_klatka-schodowa_reprezentacyjna_balustrada-16-300x446.jpg 300w, http:\/\/lapidarium.fundacja-hereditas.pl\/wp-content\/uploads\/2023\/10\/I_Otrebska_Mokotowska_65_klatka-schodowa_reprezentacyjna_balustrada-16-696x1034.jpg 696w, http:\/\/lapidarium.fundacja-hereditas.pl\/wp-content\/uploads\/2023\/10\/I_Otrebska_Mokotowska_65_klatka-schodowa_reprezentacyjna_balustrada-16-1068x1587.jpg 1068w, http:\/\/lapidarium.fundacja-hereditas.pl\/wp-content\/uploads\/2023\/10\/I_Otrebska_Mokotowska_65_klatka-schodowa_reprezentacyjna_balustrada-16-1920x2853.jpg 1920w\" sizes=\"auto, (max-width: 1723px) 100vw, 1723px\" \/><\/a><figcaption class=\"wp-element-caption\">Dom frontowy. Klatka schodowa g\u0142\u00f3wna. Zakr\u0119t balustrady na p\u00f3\u0142pi\u0119trze. Spocznik. Fot. Iwona Otr\u0119bska, 2023 r., \u017ar\u00f3d\u0142o: AOD IV. <\/figcaption><\/figure>\n\n\n\n<figure class=\"wp-block-image\"><a href=\"http:\/\/lapidarium.fundacja-hereditas.pl\/wp-content\/uploads\/2023\/10\/I_Otrebska_Mokotowska_65_klatka-schodowa_reprezentacyjna_balustrada-17-scaled.jpg\"><img loading=\"lazy\" decoding=\"async\" width=\"1723\" height=\"2560\" data-id=\"14236\" src=\"http:\/\/lapidarium.fundacja-hereditas.pl\/wp-content\/uploads\/2023\/10\/I_Otrebska_Mokotowska_65_klatka-schodowa_reprezentacyjna_balustrada-17-scaled.jpg\" alt=\"\" class=\"wp-image-14236\" srcset=\"http:\/\/lapidarium.fundacja-hereditas.pl\/wp-content\/uploads\/2023\/10\/I_Otrebska_Mokotowska_65_klatka-schodowa_reprezentacyjna_balustrada-17-scaled.jpg 1723w, http:\/\/lapidarium.fundacja-hereditas.pl\/wp-content\/uploads\/2023\/10\/I_Otrebska_Mokotowska_65_klatka-schodowa_reprezentacyjna_balustrada-17-202x300.jpg 202w, http:\/\/lapidarium.fundacja-hereditas.pl\/wp-content\/uploads\/2023\/10\/I_Otrebska_Mokotowska_65_klatka-schodowa_reprezentacyjna_balustrada-17-689x1024.jpg 689w, http:\/\/lapidarium.fundacja-hereditas.pl\/wp-content\/uploads\/2023\/10\/I_Otrebska_Mokotowska_65_klatka-schodowa_reprezentacyjna_balustrada-17-768x1141.jpg 768w, http:\/\/lapidarium.fundacja-hereditas.pl\/wp-content\/uploads\/2023\/10\/I_Otrebska_Mokotowska_65_klatka-schodowa_reprezentacyjna_balustrada-17-1034x1536.jpg 1034w, http:\/\/lapidarium.fundacja-hereditas.pl\/wp-content\/uploads\/2023\/10\/I_Otrebska_Mokotowska_65_klatka-schodowa_reprezentacyjna_balustrada-17-1378x2048.jpg 1378w, http:\/\/lapidarium.fundacja-hereditas.pl\/wp-content\/uploads\/2023\/10\/I_Otrebska_Mokotowska_65_klatka-schodowa_reprezentacyjna_balustrada-17-150x223.jpg 150w, http:\/\/lapidarium.fundacja-hereditas.pl\/wp-content\/uploads\/2023\/10\/I_Otrebska_Mokotowska_65_klatka-schodowa_reprezentacyjna_balustrada-17-300x446.jpg 300w, http:\/\/lapidarium.fundacja-hereditas.pl\/wp-content\/uploads\/2023\/10\/I_Otrebska_Mokotowska_65_klatka-schodowa_reprezentacyjna_balustrada-17-696x1034.jpg 696w, http:\/\/lapidarium.fundacja-hereditas.pl\/wp-content\/uploads\/2023\/10\/I_Otrebska_Mokotowska_65_klatka-schodowa_reprezentacyjna_balustrada-17-1068x1587.jpg 1068w, http:\/\/lapidarium.fundacja-hereditas.pl\/wp-content\/uploads\/2023\/10\/I_Otrebska_Mokotowska_65_klatka-schodowa_reprezentacyjna_balustrada-17-1920x2853.jpg 1920w\" sizes=\"auto, (max-width: 1723px) 100vw, 1723px\" \/><\/a><figcaption class=\"wp-element-caption\">Dom frontowy. Klatka schodowa g\u0142\u00f3wna. Balustrada. Policzki schod\u00f3w. Fot. Iwona Otr\u0119bska, 2023 r., \u017ar\u00f3d\u0142o: AOD IV. <\/figcaption><\/figure>\n\n\n\n<figure class=\"wp-block-image\"><a href=\"http:\/\/lapidarium.fundacja-hereditas.pl\/wp-content\/uploads\/2023\/10\/Robert_Marcinkowski_Warszawa_Mokotowska_65_klatka_glowna_balustrada_02-scaled.jpg\"><img loading=\"lazy\" decoding=\"async\" width=\"2560\" height=\"1872\" data-id=\"14292\" src=\"http:\/\/lapidarium.fundacja-hereditas.pl\/wp-content\/uploads\/2023\/10\/Robert_Marcinkowski_Warszawa_Mokotowska_65_klatka_glowna_balustrada_02-scaled.jpg\" alt=\"\" class=\"wp-image-14292\" srcset=\"http:\/\/lapidarium.fundacja-hereditas.pl\/wp-content\/uploads\/2023\/10\/Robert_Marcinkowski_Warszawa_Mokotowska_65_klatka_glowna_balustrada_02-scaled.jpg 2560w, http:\/\/lapidarium.fundacja-hereditas.pl\/wp-content\/uploads\/2023\/10\/Robert_Marcinkowski_Warszawa_Mokotowska_65_klatka_glowna_balustrada_02-300x219.jpg 300w, http:\/\/lapidarium.fundacja-hereditas.pl\/wp-content\/uploads\/2023\/10\/Robert_Marcinkowski_Warszawa_Mokotowska_65_klatka_glowna_balustrada_02-1024x749.jpg 1024w, http:\/\/lapidarium.fundacja-hereditas.pl\/wp-content\/uploads\/2023\/10\/Robert_Marcinkowski_Warszawa_Mokotowska_65_klatka_glowna_balustrada_02-768x562.jpg 768w, http:\/\/lapidarium.fundacja-hereditas.pl\/wp-content\/uploads\/2023\/10\/Robert_Marcinkowski_Warszawa_Mokotowska_65_klatka_glowna_balustrada_02-1536x1123.jpg 1536w, http:\/\/lapidarium.fundacja-hereditas.pl\/wp-content\/uploads\/2023\/10\/Robert_Marcinkowski_Warszawa_Mokotowska_65_klatka_glowna_balustrada_02-2048x1498.jpg 2048w, http:\/\/lapidarium.fundacja-hereditas.pl\/wp-content\/uploads\/2023\/10\/Robert_Marcinkowski_Warszawa_Mokotowska_65_klatka_glowna_balustrada_02-150x110.jpg 150w, http:\/\/lapidarium.fundacja-hereditas.pl\/wp-content\/uploads\/2023\/10\/Robert_Marcinkowski_Warszawa_Mokotowska_65_klatka_glowna_balustrada_02-696x509.jpg 696w, http:\/\/lapidarium.fundacja-hereditas.pl\/wp-content\/uploads\/2023\/10\/Robert_Marcinkowski_Warszawa_Mokotowska_65_klatka_glowna_balustrada_02-1068x781.jpg 1068w, http:\/\/lapidarium.fundacja-hereditas.pl\/wp-content\/uploads\/2023\/10\/Robert_Marcinkowski_Warszawa_Mokotowska_65_klatka_glowna_balustrada_02-1920x1404.jpg 1920w\" sizes=\"auto, (max-width: 2560px) 100vw, 2560px\" \/><\/a><figcaption class=\"wp-element-caption\">Dom frontowy. Klatka schodowa g\u0142\u00f3wna. Podstawa tralki balustrady. Fot. Robert Marcinkowski, 2023 r., \u017ar\u00f3d\u0142o: AOD IV.<\/figcaption><\/figure>\n\n\n\n<figure class=\"wp-block-image\"><a href=\"http:\/\/lapidarium.fundacja-hereditas.pl\/wp-content\/uploads\/2023\/10\/I_Otrebska_Mokotowska_65_klatka-schodowa_reprezentacyjna-25-scaled.jpg\"><img loading=\"lazy\" decoding=\"async\" width=\"1726\" height=\"2560\" data-id=\"14232\" src=\"http:\/\/lapidarium.fundacja-hereditas.pl\/wp-content\/uploads\/2023\/10\/I_Otrebska_Mokotowska_65_klatka-schodowa_reprezentacyjna-25-scaled.jpg\" alt=\"\" class=\"wp-image-14232\" srcset=\"http:\/\/lapidarium.fundacja-hereditas.pl\/wp-content\/uploads\/2023\/10\/I_Otrebska_Mokotowska_65_klatka-schodowa_reprezentacyjna-25-scaled.jpg 1726w, http:\/\/lapidarium.fundacja-hereditas.pl\/wp-content\/uploads\/2023\/10\/I_Otrebska_Mokotowska_65_klatka-schodowa_reprezentacyjna-25-202x300.jpg 202w, http:\/\/lapidarium.fundacja-hereditas.pl\/wp-content\/uploads\/2023\/10\/I_Otrebska_Mokotowska_65_klatka-schodowa_reprezentacyjna-25-690x1024.jpg 690w, http:\/\/lapidarium.fundacja-hereditas.pl\/wp-content\/uploads\/2023\/10\/I_Otrebska_Mokotowska_65_klatka-schodowa_reprezentacyjna-25-768x1139.jpg 768w, http:\/\/lapidarium.fundacja-hereditas.pl\/wp-content\/uploads\/2023\/10\/I_Otrebska_Mokotowska_65_klatka-schodowa_reprezentacyjna-25-1035x1536.jpg 1035w, http:\/\/lapidarium.fundacja-hereditas.pl\/wp-content\/uploads\/2023\/10\/I_Otrebska_Mokotowska_65_klatka-schodowa_reprezentacyjna-25-1380x2048.jpg 1380w, http:\/\/lapidarium.fundacja-hereditas.pl\/wp-content\/uploads\/2023\/10\/I_Otrebska_Mokotowska_65_klatka-schodowa_reprezentacyjna-25-150x223.jpg 150w, http:\/\/lapidarium.fundacja-hereditas.pl\/wp-content\/uploads\/2023\/10\/I_Otrebska_Mokotowska_65_klatka-schodowa_reprezentacyjna-25-300x445.jpg 300w, http:\/\/lapidarium.fundacja-hereditas.pl\/wp-content\/uploads\/2023\/10\/I_Otrebska_Mokotowska_65_klatka-schodowa_reprezentacyjna-25-696x1033.jpg 696w, http:\/\/lapidarium.fundacja-hereditas.pl\/wp-content\/uploads\/2023\/10\/I_Otrebska_Mokotowska_65_klatka-schodowa_reprezentacyjna-25-1068x1584.jpg 1068w, http:\/\/lapidarium.fundacja-hereditas.pl\/wp-content\/uploads\/2023\/10\/I_Otrebska_Mokotowska_65_klatka-schodowa_reprezentacyjna-25-1920x2848.jpg 1920w\" sizes=\"auto, (max-width: 1726px) 100vw, 1726px\" \/><\/a><figcaption class=\"wp-element-caption\">Dom frontowy. Klatka schodowa g\u0142\u00f3wna. Widok na spocznik. Fot. Iwona Otr\u0119bska, 2023 r., \u017ar\u00f3d\u0142o: AOD IV.<\/figcaption><\/figure>\n\n\n\n<figure class=\"wp-block-image\"><a href=\"http:\/\/lapidarium.fundacja-hereditas.pl\/wp-content\/uploads\/2023\/10\/Robert_Marcinkowski_Warszawa_Mokotowska_65_klatka_glowna_Spocznik_01-scaled.jpg\"><img loading=\"lazy\" decoding=\"async\" width=\"2560\" height=\"1534\" data-id=\"14296\" src=\"http:\/\/lapidarium.fundacja-hereditas.pl\/wp-content\/uploads\/2023\/10\/Robert_Marcinkowski_Warszawa_Mokotowska_65_klatka_glowna_Spocznik_01-scaled.jpg\" alt=\"\" class=\"wp-image-14296\" srcset=\"http:\/\/lapidarium.fundacja-hereditas.pl\/wp-content\/uploads\/2023\/10\/Robert_Marcinkowski_Warszawa_Mokotowska_65_klatka_glowna_Spocznik_01-scaled.jpg 2560w, http:\/\/lapidarium.fundacja-hereditas.pl\/wp-content\/uploads\/2023\/10\/Robert_Marcinkowski_Warszawa_Mokotowska_65_klatka_glowna_Spocznik_01-300x180.jpg 300w, http:\/\/lapidarium.fundacja-hereditas.pl\/wp-content\/uploads\/2023\/10\/Robert_Marcinkowski_Warszawa_Mokotowska_65_klatka_glowna_Spocznik_01-1024x614.jpg 1024w, http:\/\/lapidarium.fundacja-hereditas.pl\/wp-content\/uploads\/2023\/10\/Robert_Marcinkowski_Warszawa_Mokotowska_65_klatka_glowna_Spocznik_01-768x460.jpg 768w, http:\/\/lapidarium.fundacja-hereditas.pl\/wp-content\/uploads\/2023\/10\/Robert_Marcinkowski_Warszawa_Mokotowska_65_klatka_glowna_Spocznik_01-1536x920.jpg 1536w, http:\/\/lapidarium.fundacja-hereditas.pl\/wp-content\/uploads\/2023\/10\/Robert_Marcinkowski_Warszawa_Mokotowska_65_klatka_glowna_Spocznik_01-2048x1227.jpg 2048w, http:\/\/lapidarium.fundacja-hereditas.pl\/wp-content\/uploads\/2023\/10\/Robert_Marcinkowski_Warszawa_Mokotowska_65_klatka_glowna_Spocznik_01-150x90.jpg 150w, http:\/\/lapidarium.fundacja-hereditas.pl\/wp-content\/uploads\/2023\/10\/Robert_Marcinkowski_Warszawa_Mokotowska_65_klatka_glowna_Spocznik_01-696x417.jpg 696w, http:\/\/lapidarium.fundacja-hereditas.pl\/wp-content\/uploads\/2023\/10\/Robert_Marcinkowski_Warszawa_Mokotowska_65_klatka_glowna_Spocznik_01-1068x640.jpg 1068w, http:\/\/lapidarium.fundacja-hereditas.pl\/wp-content\/uploads\/2023\/10\/Robert_Marcinkowski_Warszawa_Mokotowska_65_klatka_glowna_Spocznik_01-1920x1150.jpg 1920w\" sizes=\"auto, (max-width: 2560px) 100vw, 2560px\" \/><\/a><figcaption class=\"wp-element-caption\">Dom frontowy. Klatka schodowa g\u0142\u00f3wna. Posadzka na spoczniku. Fot. Robert Marcinkowski, 2023 r., \u017ar\u00f3d\u0142o: AOD IV.<\/figcaption><\/figure>\n\n\n\n<figure class=\"wp-block-image\"><a href=\"http:\/\/lapidarium.fundacja-hereditas.pl\/wp-content\/uploads\/2023\/10\/I_Otrebska_Mokotowska_65_klatka-schodowa_reprezentacyjna_spocznik_posadzka-16-scaled.jpg\"><img loading=\"lazy\" decoding=\"async\" width=\"1780\" height=\"2560\" data-id=\"14241\" src=\"http:\/\/lapidarium.fundacja-hereditas.pl\/wp-content\/uploads\/2023\/10\/I_Otrebska_Mokotowska_65_klatka-schodowa_reprezentacyjna_spocznik_posadzka-16-scaled.jpg\" alt=\"\" class=\"wp-image-14241\" srcset=\"http:\/\/lapidarium.fundacja-hereditas.pl\/wp-content\/uploads\/2023\/10\/I_Otrebska_Mokotowska_65_klatka-schodowa_reprezentacyjna_spocznik_posadzka-16-scaled.jpg 1780w, http:\/\/lapidarium.fundacja-hereditas.pl\/wp-content\/uploads\/2023\/10\/I_Otrebska_Mokotowska_65_klatka-schodowa_reprezentacyjna_spocznik_posadzka-16-209x300.jpg 209w, http:\/\/lapidarium.fundacja-hereditas.pl\/wp-content\/uploads\/2023\/10\/I_Otrebska_Mokotowska_65_klatka-schodowa_reprezentacyjna_spocznik_posadzka-16-712x1024.jpg 712w, http:\/\/lapidarium.fundacja-hereditas.pl\/wp-content\/uploads\/2023\/10\/I_Otrebska_Mokotowska_65_klatka-schodowa_reprezentacyjna_spocznik_posadzka-16-768x1105.jpg 768w, http:\/\/lapidarium.fundacja-hereditas.pl\/wp-content\/uploads\/2023\/10\/I_Otrebska_Mokotowska_65_klatka-schodowa_reprezentacyjna_spocznik_posadzka-16-1068x1536.jpg 1068w, http:\/\/lapidarium.fundacja-hereditas.pl\/wp-content\/uploads\/2023\/10\/I_Otrebska_Mokotowska_65_klatka-schodowa_reprezentacyjna_spocznik_posadzka-16-1424x2048.jpg 1424w, http:\/\/lapidarium.fundacja-hereditas.pl\/wp-content\/uploads\/2023\/10\/I_Otrebska_Mokotowska_65_klatka-schodowa_reprezentacyjna_spocznik_posadzka-16-150x216.jpg 150w, http:\/\/lapidarium.fundacja-hereditas.pl\/wp-content\/uploads\/2023\/10\/I_Otrebska_Mokotowska_65_klatka-schodowa_reprezentacyjna_spocznik_posadzka-16-300x431.jpg 300w, http:\/\/lapidarium.fundacja-hereditas.pl\/wp-content\/uploads\/2023\/10\/I_Otrebska_Mokotowska_65_klatka-schodowa_reprezentacyjna_spocznik_posadzka-16-696x1001.jpg 696w, http:\/\/lapidarium.fundacja-hereditas.pl\/wp-content\/uploads\/2023\/10\/I_Otrebska_Mokotowska_65_klatka-schodowa_reprezentacyjna_spocznik_posadzka-16-1920x2761.jpg 1920w\" sizes=\"auto, (max-width: 1780px) 100vw, 1780px\" \/><\/a><figcaption class=\"wp-element-caption\">Dom frontowy. Klatka schodowa g\u0142\u00f3wna. Posadzka spocznika. Fot. Iwona Otr\u0119bska, 2023 r., \u017ar\u00f3d\u0142o: AOD IV. <\/figcaption><\/figure>\n\n\n\n<figure class=\"wp-block-image\"><a href=\"http:\/\/lapidarium.fundacja-hereditas.pl\/wp-content\/uploads\/2023\/10\/Robert_Marcinkowski_Warszawa_Mokotowska_65_klatka_glowna_Spocznik_02-scaled.jpg\"><img loading=\"lazy\" decoding=\"async\" width=\"1531\" height=\"2560\" data-id=\"14297\" src=\"http:\/\/lapidarium.fundacja-hereditas.pl\/wp-content\/uploads\/2023\/10\/Robert_Marcinkowski_Warszawa_Mokotowska_65_klatka_glowna_Spocznik_02-scaled.jpg\" alt=\"\" class=\"wp-image-14297\" srcset=\"http:\/\/lapidarium.fundacja-hereditas.pl\/wp-content\/uploads\/2023\/10\/Robert_Marcinkowski_Warszawa_Mokotowska_65_klatka_glowna_Spocznik_02-scaled.jpg 1531w, http:\/\/lapidarium.fundacja-hereditas.pl\/wp-content\/uploads\/2023\/10\/Robert_Marcinkowski_Warszawa_Mokotowska_65_klatka_glowna_Spocznik_02-179x300.jpg 179w, http:\/\/lapidarium.fundacja-hereditas.pl\/wp-content\/uploads\/2023\/10\/Robert_Marcinkowski_Warszawa_Mokotowska_65_klatka_glowna_Spocznik_02-612x1024.jpg 612w, http:\/\/lapidarium.fundacja-hereditas.pl\/wp-content\/uploads\/2023\/10\/Robert_Marcinkowski_Warszawa_Mokotowska_65_klatka_glowna_Spocznik_02-768x1284.jpg 768w, http:\/\/lapidarium.fundacja-hereditas.pl\/wp-content\/uploads\/2023\/10\/Robert_Marcinkowski_Warszawa_Mokotowska_65_klatka_glowna_Spocznik_02-918x1536.jpg 918w, http:\/\/lapidarium.fundacja-hereditas.pl\/wp-content\/uploads\/2023\/10\/Robert_Marcinkowski_Warszawa_Mokotowska_65_klatka_glowna_Spocznik_02-1225x2048.jpg 1225w, http:\/\/lapidarium.fundacja-hereditas.pl\/wp-content\/uploads\/2023\/10\/Robert_Marcinkowski_Warszawa_Mokotowska_65_klatka_glowna_Spocznik_02-150x251.jpg 150w, http:\/\/lapidarium.fundacja-hereditas.pl\/wp-content\/uploads\/2023\/10\/Robert_Marcinkowski_Warszawa_Mokotowska_65_klatka_glowna_Spocznik_02-300x502.jpg 300w, http:\/\/lapidarium.fundacja-hereditas.pl\/wp-content\/uploads\/2023\/10\/Robert_Marcinkowski_Warszawa_Mokotowska_65_klatka_glowna_Spocznik_02-696x1164.jpg 696w, http:\/\/lapidarium.fundacja-hereditas.pl\/wp-content\/uploads\/2023\/10\/Robert_Marcinkowski_Warszawa_Mokotowska_65_klatka_glowna_Spocznik_02-1068x1786.jpg 1068w, http:\/\/lapidarium.fundacja-hereditas.pl\/wp-content\/uploads\/2023\/10\/Robert_Marcinkowski_Warszawa_Mokotowska_65_klatka_glowna_Spocznik_02-1920x3211.jpg 1920w\" sizes=\"auto, (max-width: 1531px) 100vw, 1531px\" \/><\/a><figcaption class=\"wp-element-caption\">Dom frontowy. Klatka schodowa g\u0142\u00f3wna. Posadzka na spoczniku. Fot. Robert Marcinkowski, 2023 r., \u017ar\u00f3d\u0142o: AOD IV.<\/figcaption><\/figure>\n\n\n\n<figure class=\"wp-block-image\"><a href=\"http:\/\/lapidarium.fundacja-hereditas.pl\/wp-content\/uploads\/2023\/10\/I_Otrebska_Mokotowska_65_klatka-schodowa_reprezentacyjna_spocznik_posadzka-15-scaled.jpg\"><img loading=\"lazy\" decoding=\"async\" width=\"1671\" height=\"2560\" data-id=\"14240\" src=\"http:\/\/lapidarium.fundacja-hereditas.pl\/wp-content\/uploads\/2023\/10\/I_Otrebska_Mokotowska_65_klatka-schodowa_reprezentacyjna_spocznik_posadzka-15-scaled.jpg\" alt=\"\" class=\"wp-image-14240\" srcset=\"http:\/\/lapidarium.fundacja-hereditas.pl\/wp-content\/uploads\/2023\/10\/I_Otrebska_Mokotowska_65_klatka-schodowa_reprezentacyjna_spocznik_posadzka-15-scaled.jpg 1671w, http:\/\/lapidarium.fundacja-hereditas.pl\/wp-content\/uploads\/2023\/10\/I_Otrebska_Mokotowska_65_klatka-schodowa_reprezentacyjna_spocznik_posadzka-15-196x300.jpg 196w, http:\/\/lapidarium.fundacja-hereditas.pl\/wp-content\/uploads\/2023\/10\/I_Otrebska_Mokotowska_65_klatka-schodowa_reprezentacyjna_spocznik_posadzka-15-668x1024.jpg 668w, http:\/\/lapidarium.fundacja-hereditas.pl\/wp-content\/uploads\/2023\/10\/I_Otrebska_Mokotowska_65_klatka-schodowa_reprezentacyjna_spocznik_posadzka-15-768x1176.jpg 768w, http:\/\/lapidarium.fundacja-hereditas.pl\/wp-content\/uploads\/2023\/10\/I_Otrebska_Mokotowska_65_klatka-schodowa_reprezentacyjna_spocznik_posadzka-15-1003x1536.jpg 1003w, http:\/\/lapidarium.fundacja-hereditas.pl\/wp-content\/uploads\/2023\/10\/I_Otrebska_Mokotowska_65_klatka-schodowa_reprezentacyjna_spocznik_posadzka-15-1337x2048.jpg 1337w, http:\/\/lapidarium.fundacja-hereditas.pl\/wp-content\/uploads\/2023\/10\/I_Otrebska_Mokotowska_65_klatka-schodowa_reprezentacyjna_spocznik_posadzka-15-150x230.jpg 150w, http:\/\/lapidarium.fundacja-hereditas.pl\/wp-content\/uploads\/2023\/10\/I_Otrebska_Mokotowska_65_klatka-schodowa_reprezentacyjna_spocznik_posadzka-15-300x460.jpg 300w, http:\/\/lapidarium.fundacja-hereditas.pl\/wp-content\/uploads\/2023\/10\/I_Otrebska_Mokotowska_65_klatka-schodowa_reprezentacyjna_spocznik_posadzka-15-696x1066.jpg 696w, http:\/\/lapidarium.fundacja-hereditas.pl\/wp-content\/uploads\/2023\/10\/I_Otrebska_Mokotowska_65_klatka-schodowa_reprezentacyjna_spocznik_posadzka-15-1068x1636.jpg 1068w, http:\/\/lapidarium.fundacja-hereditas.pl\/wp-content\/uploads\/2023\/10\/I_Otrebska_Mokotowska_65_klatka-schodowa_reprezentacyjna_spocznik_posadzka-15-1920x2941.jpg 1920w\" sizes=\"auto, (max-width: 1671px) 100vw, 1671px\" \/><\/a><figcaption class=\"wp-element-caption\">Dom frontowy. Klatka schodowa g\u0142\u00f3wna. Posadzka spocznika. Fot. Iwona Otr\u0119bska, 2023 r., \u017ar\u00f3d\u0142o: AOD IV. <\/figcaption><\/figure>\n\n\n\n<figure class=\"wp-block-image\"><a href=\"http:\/\/lapidarium.fundacja-hereditas.pl\/wp-content\/uploads\/2023\/10\/I_Otrebska_Mokotowska_65_klatka-schodowa_reprezentacyjna_sufit_ostatnie_pietro_dekoracje_stiukowe-18-scaled.jpg\"><img loading=\"lazy\" decoding=\"async\" width=\"2560\" height=\"1859\" data-id=\"14242\" src=\"http:\/\/lapidarium.fundacja-hereditas.pl\/wp-content\/uploads\/2023\/10\/I_Otrebska_Mokotowska_65_klatka-schodowa_reprezentacyjna_sufit_ostatnie_pietro_dekoracje_stiukowe-18-scaled.jpg\" alt=\"\" class=\"wp-image-14242\" srcset=\"http:\/\/lapidarium.fundacja-hereditas.pl\/wp-content\/uploads\/2023\/10\/I_Otrebska_Mokotowska_65_klatka-schodowa_reprezentacyjna_sufit_ostatnie_pietro_dekoracje_stiukowe-18-scaled.jpg 2560w, http:\/\/lapidarium.fundacja-hereditas.pl\/wp-content\/uploads\/2023\/10\/I_Otrebska_Mokotowska_65_klatka-schodowa_reprezentacyjna_sufit_ostatnie_pietro_dekoracje_stiukowe-18-300x218.jpg 300w, http:\/\/lapidarium.fundacja-hereditas.pl\/wp-content\/uploads\/2023\/10\/I_Otrebska_Mokotowska_65_klatka-schodowa_reprezentacyjna_sufit_ostatnie_pietro_dekoracje_stiukowe-18-1024x743.jpg 1024w, http:\/\/lapidarium.fundacja-hereditas.pl\/wp-content\/uploads\/2023\/10\/I_Otrebska_Mokotowska_65_klatka-schodowa_reprezentacyjna_sufit_ostatnie_pietro_dekoracje_stiukowe-18-768x558.jpg 768w, http:\/\/lapidarium.fundacja-hereditas.pl\/wp-content\/uploads\/2023\/10\/I_Otrebska_Mokotowska_65_klatka-schodowa_reprezentacyjna_sufit_ostatnie_pietro_dekoracje_stiukowe-18-1536x1115.jpg 1536w, http:\/\/lapidarium.fundacja-hereditas.pl\/wp-content\/uploads\/2023\/10\/I_Otrebska_Mokotowska_65_klatka-schodowa_reprezentacyjna_sufit_ostatnie_pietro_dekoracje_stiukowe-18-2048x1487.jpg 2048w, http:\/\/lapidarium.fundacja-hereditas.pl\/wp-content\/uploads\/2023\/10\/I_Otrebska_Mokotowska_65_klatka-schodowa_reprezentacyjna_sufit_ostatnie_pietro_dekoracje_stiukowe-18-150x109.jpg 150w, http:\/\/lapidarium.fundacja-hereditas.pl\/wp-content\/uploads\/2023\/10\/I_Otrebska_Mokotowska_65_klatka-schodowa_reprezentacyjna_sufit_ostatnie_pietro_dekoracje_stiukowe-18-696x505.jpg 696w, http:\/\/lapidarium.fundacja-hereditas.pl\/wp-content\/uploads\/2023\/10\/I_Otrebska_Mokotowska_65_klatka-schodowa_reprezentacyjna_sufit_ostatnie_pietro_dekoracje_stiukowe-18-1068x775.jpg 1068w, http:\/\/lapidarium.fundacja-hereditas.pl\/wp-content\/uploads\/2023\/10\/I_Otrebska_Mokotowska_65_klatka-schodowa_reprezentacyjna_sufit_ostatnie_pietro_dekoracje_stiukowe-18-1920x1394.jpg 1920w\" sizes=\"auto, (max-width: 2560px) 100vw, 2560px\" \/><\/a><figcaption class=\"wp-element-caption\">Dom frontowy. Klatka schodowa g\u0142\u00f3wna. Sufit ostatniego pi\u0119tra. Fot. Iwona Otr\u0119bska, 2023 r., \u017ar\u00f3d\u0142o: AOD IV. <\/figcaption><\/figure>\n\n\n\n<figure class=\"wp-block-image\"><a href=\"http:\/\/lapidarium.fundacja-hereditas.pl\/wp-content\/uploads\/2023\/10\/Dziubiel_Agnieszka_Warszawa_Mokotowska_65_oficyna_frontowa_klatka_schodowa_glowna_ostatnie_pietro_08-scaled.jpg\"><img loading=\"lazy\" decoding=\"async\" width=\"1455\" height=\"2560\" data-id=\"14185\" src=\"http:\/\/lapidarium.fundacja-hereditas.pl\/wp-content\/uploads\/2023\/10\/Dziubiel_Agnieszka_Warszawa_Mokotowska_65_oficyna_frontowa_klatka_schodowa_glowna_ostatnie_pietro_08-scaled.jpg\" alt=\"\" class=\"wp-image-14185\" srcset=\"http:\/\/lapidarium.fundacja-hereditas.pl\/wp-content\/uploads\/2023\/10\/Dziubiel_Agnieszka_Warszawa_Mokotowska_65_oficyna_frontowa_klatka_schodowa_glowna_ostatnie_pietro_08-scaled.jpg 1455w, http:\/\/lapidarium.fundacja-hereditas.pl\/wp-content\/uploads\/2023\/10\/Dziubiel_Agnieszka_Warszawa_Mokotowska_65_oficyna_frontowa_klatka_schodowa_glowna_ostatnie_pietro_08-170x300.jpg 170w, http:\/\/lapidarium.fundacja-hereditas.pl\/wp-content\/uploads\/2023\/10\/Dziubiel_Agnieszka_Warszawa_Mokotowska_65_oficyna_frontowa_klatka_schodowa_glowna_ostatnie_pietro_08-582x1024.jpg 582w, http:\/\/lapidarium.fundacja-hereditas.pl\/wp-content\/uploads\/2023\/10\/Dziubiel_Agnieszka_Warszawa_Mokotowska_65_oficyna_frontowa_klatka_schodowa_glowna_ostatnie_pietro_08-768x1352.jpg 768w, http:\/\/lapidarium.fundacja-hereditas.pl\/wp-content\/uploads\/2023\/10\/Dziubiel_Agnieszka_Warszawa_Mokotowska_65_oficyna_frontowa_klatka_schodowa_glowna_ostatnie_pietro_08-873x1536.jpg 873w, http:\/\/lapidarium.fundacja-hereditas.pl\/wp-content\/uploads\/2023\/10\/Dziubiel_Agnieszka_Warszawa_Mokotowska_65_oficyna_frontowa_klatka_schodowa_glowna_ostatnie_pietro_08-1164x2048.jpg 1164w, http:\/\/lapidarium.fundacja-hereditas.pl\/wp-content\/uploads\/2023\/10\/Dziubiel_Agnieszka_Warszawa_Mokotowska_65_oficyna_frontowa_klatka_schodowa_glowna_ostatnie_pietro_08-150x264.jpg 150w, http:\/\/lapidarium.fundacja-hereditas.pl\/wp-content\/uploads\/2023\/10\/Dziubiel_Agnieszka_Warszawa_Mokotowska_65_oficyna_frontowa_klatka_schodowa_glowna_ostatnie_pietro_08-300x528.jpg 300w, http:\/\/lapidarium.fundacja-hereditas.pl\/wp-content\/uploads\/2023\/10\/Dziubiel_Agnieszka_Warszawa_Mokotowska_65_oficyna_frontowa_klatka_schodowa_glowna_ostatnie_pietro_08-696x1225.jpg 696w, http:\/\/lapidarium.fundacja-hereditas.pl\/wp-content\/uploads\/2023\/10\/Dziubiel_Agnieszka_Warszawa_Mokotowska_65_oficyna_frontowa_klatka_schodowa_glowna_ostatnie_pietro_08-1068x1879.jpg 1068w, http:\/\/lapidarium.fundacja-hereditas.pl\/wp-content\/uploads\/2023\/10\/Dziubiel_Agnieszka_Warszawa_Mokotowska_65_oficyna_frontowa_klatka_schodowa_glowna_ostatnie_pietro_08-1920x3379.jpg 1920w\" sizes=\"auto, (max-width: 1455px) 100vw, 1455px\" \/><\/a><figcaption class=\"wp-element-caption\">Dom frontowy. Klatka schodowa g\u0142\u00f3wna. Widok na ostatnie pi\u0119tro. Fot. Agnieszka Dziubiel, 2023 r., \u017ar\u00f3d\u0142o: AOD IV.<\/figcaption><\/figure>\n\n\n\n<figure class=\"wp-block-image\"><a href=\"http:\/\/lapidarium.fundacja-hereditas.pl\/wp-content\/uploads\/2023\/10\/Dziubiel_Agnieszka_Warszawa_Mokotowska_65_oficyna_frontowa_klatka_schodowa_glowna_ostatnie_pietro_03-scaled.jpg\"><img loading=\"lazy\" decoding=\"async\" width=\"2560\" height=\"1966\" data-id=\"14184\" src=\"http:\/\/lapidarium.fundacja-hereditas.pl\/wp-content\/uploads\/2023\/10\/Dziubiel_Agnieszka_Warszawa_Mokotowska_65_oficyna_frontowa_klatka_schodowa_glowna_ostatnie_pietro_03-scaled.jpg\" alt=\"\" class=\"wp-image-14184\" srcset=\"http:\/\/lapidarium.fundacja-hereditas.pl\/wp-content\/uploads\/2023\/10\/Dziubiel_Agnieszka_Warszawa_Mokotowska_65_oficyna_frontowa_klatka_schodowa_glowna_ostatnie_pietro_03-scaled.jpg 2560w, http:\/\/lapidarium.fundacja-hereditas.pl\/wp-content\/uploads\/2023\/10\/Dziubiel_Agnieszka_Warszawa_Mokotowska_65_oficyna_frontowa_klatka_schodowa_glowna_ostatnie_pietro_03-300x230.jpg 300w, http:\/\/lapidarium.fundacja-hereditas.pl\/wp-content\/uploads\/2023\/10\/Dziubiel_Agnieszka_Warszawa_Mokotowska_65_oficyna_frontowa_klatka_schodowa_glowna_ostatnie_pietro_03-1024x787.jpg 1024w, http:\/\/lapidarium.fundacja-hereditas.pl\/wp-content\/uploads\/2023\/10\/Dziubiel_Agnieszka_Warszawa_Mokotowska_65_oficyna_frontowa_klatka_schodowa_glowna_ostatnie_pietro_03-768x590.jpg 768w, http:\/\/lapidarium.fundacja-hereditas.pl\/wp-content\/uploads\/2023\/10\/Dziubiel_Agnieszka_Warszawa_Mokotowska_65_oficyna_frontowa_klatka_schodowa_glowna_ostatnie_pietro_03-1536x1180.jpg 1536w, http:\/\/lapidarium.fundacja-hereditas.pl\/wp-content\/uploads\/2023\/10\/Dziubiel_Agnieszka_Warszawa_Mokotowska_65_oficyna_frontowa_klatka_schodowa_glowna_ostatnie_pietro_03-2048x1573.jpg 2048w, http:\/\/lapidarium.fundacja-hereditas.pl\/wp-content\/uploads\/2023\/10\/Dziubiel_Agnieszka_Warszawa_Mokotowska_65_oficyna_frontowa_klatka_schodowa_glowna_ostatnie_pietro_03-150x115.jpg 150w, http:\/\/lapidarium.fundacja-hereditas.pl\/wp-content\/uploads\/2023\/10\/Dziubiel_Agnieszka_Warszawa_Mokotowska_65_oficyna_frontowa_klatka_schodowa_glowna_ostatnie_pietro_03-696x535.jpg 696w, http:\/\/lapidarium.fundacja-hereditas.pl\/wp-content\/uploads\/2023\/10\/Dziubiel_Agnieszka_Warszawa_Mokotowska_65_oficyna_frontowa_klatka_schodowa_glowna_ostatnie_pietro_03-1068x820.jpg 1068w, http:\/\/lapidarium.fundacja-hereditas.pl\/wp-content\/uploads\/2023\/10\/Dziubiel_Agnieszka_Warszawa_Mokotowska_65_oficyna_frontowa_klatka_schodowa_glowna_ostatnie_pietro_03-1920x1475.jpg 1920w\" sizes=\"auto, (max-width: 2560px) 100vw, 2560px\" \/><\/a><figcaption class=\"wp-element-caption\">Dom frontowy. Klatka schodowa g\u0142\u00f3wna. Widok z ostatniego pi\u0119tra. Fot. Agnieszka Dziubiel, 2023 r., \u017ar\u00f3d\u0142o: AOD IV.<\/figcaption><\/figure>\n\n\n\n<figure class=\"wp-block-image\"><a href=\"http:\/\/lapidarium.fundacja-hereditas.pl\/wp-content\/uploads\/2023\/10\/I_Otrebska_Mokotowska_65_klatka-schodowa_reprezentacyjna_sufit_ostatnie_pietro_dekoracje_stiukowe-20-scaled.jpg\"><img loading=\"lazy\" decoding=\"async\" width=\"2560\" height=\"1716\" data-id=\"14243\" src=\"http:\/\/lapidarium.fundacja-hereditas.pl\/wp-content\/uploads\/2023\/10\/I_Otrebska_Mokotowska_65_klatka-schodowa_reprezentacyjna_sufit_ostatnie_pietro_dekoracje_stiukowe-20-scaled.jpg\" alt=\"\" class=\"wp-image-14243\" srcset=\"http:\/\/lapidarium.fundacja-hereditas.pl\/wp-content\/uploads\/2023\/10\/I_Otrebska_Mokotowska_65_klatka-schodowa_reprezentacyjna_sufit_ostatnie_pietro_dekoracje_stiukowe-20-scaled.jpg 2560w, http:\/\/lapidarium.fundacja-hereditas.pl\/wp-content\/uploads\/2023\/10\/I_Otrebska_Mokotowska_65_klatka-schodowa_reprezentacyjna_sufit_ostatnie_pietro_dekoracje_stiukowe-20-300x201.jpg 300w, http:\/\/lapidarium.fundacja-hereditas.pl\/wp-content\/uploads\/2023\/10\/I_Otrebska_Mokotowska_65_klatka-schodowa_reprezentacyjna_sufit_ostatnie_pietro_dekoracje_stiukowe-20-1024x686.jpg 1024w, http:\/\/lapidarium.fundacja-hereditas.pl\/wp-content\/uploads\/2023\/10\/I_Otrebska_Mokotowska_65_klatka-schodowa_reprezentacyjna_sufit_ostatnie_pietro_dekoracje_stiukowe-20-768x515.jpg 768w, http:\/\/lapidarium.fundacja-hereditas.pl\/wp-content\/uploads\/2023\/10\/I_Otrebska_Mokotowska_65_klatka-schodowa_reprezentacyjna_sufit_ostatnie_pietro_dekoracje_stiukowe-20-1536x1030.jpg 1536w, http:\/\/lapidarium.fundacja-hereditas.pl\/wp-content\/uploads\/2023\/10\/I_Otrebska_Mokotowska_65_klatka-schodowa_reprezentacyjna_sufit_ostatnie_pietro_dekoracje_stiukowe-20-2048x1373.jpg 2048w, http:\/\/lapidarium.fundacja-hereditas.pl\/wp-content\/uploads\/2023\/10\/I_Otrebska_Mokotowska_65_klatka-schodowa_reprezentacyjna_sufit_ostatnie_pietro_dekoracje_stiukowe-20-150x101.jpg 150w, http:\/\/lapidarium.fundacja-hereditas.pl\/wp-content\/uploads\/2023\/10\/I_Otrebska_Mokotowska_65_klatka-schodowa_reprezentacyjna_sufit_ostatnie_pietro_dekoracje_stiukowe-20-696x467.jpg 696w, http:\/\/lapidarium.fundacja-hereditas.pl\/wp-content\/uploads\/2023\/10\/I_Otrebska_Mokotowska_65_klatka-schodowa_reprezentacyjna_sufit_ostatnie_pietro_dekoracje_stiukowe-20-1068x716.jpg 1068w, http:\/\/lapidarium.fundacja-hereditas.pl\/wp-content\/uploads\/2023\/10\/I_Otrebska_Mokotowska_65_klatka-schodowa_reprezentacyjna_sufit_ostatnie_pietro_dekoracje_stiukowe-20-1920x1287.jpg 1920w\" sizes=\"auto, (max-width: 2560px) 100vw, 2560px\" \/><\/a><figcaption class=\"wp-element-caption\">Dom frontowy. Klatka schodowa g\u0142\u00f3wna. Sufit ostatniego pi\u0119tra i supraporta nad drzwiami lokalu mieszkalnego. Fot. Iwona Otr\u0119bska, 2023 r., \u017ar\u00f3d\u0142o: AOD IV. <\/figcaption><\/figure>\n\n\n\n<figure class=\"wp-block-image\"><a href=\"http:\/\/lapidarium.fundacja-hereditas.pl\/wp-content\/uploads\/2023\/10\/I_Otrebska_Mokotowska_65_klatka-schodowa_reprezentacyjna_sufit_ostatnie_pietro_dekoracje_stiukowe-21-scaled.jpg\"><img loading=\"lazy\" decoding=\"async\" width=\"2560\" height=\"1690\" data-id=\"14244\" src=\"http:\/\/lapidarium.fundacja-hereditas.pl\/wp-content\/uploads\/2023\/10\/I_Otrebska_Mokotowska_65_klatka-schodowa_reprezentacyjna_sufit_ostatnie_pietro_dekoracje_stiukowe-21-scaled.jpg\" alt=\"\" class=\"wp-image-14244\" srcset=\"http:\/\/lapidarium.fundacja-hereditas.pl\/wp-content\/uploads\/2023\/10\/I_Otrebska_Mokotowska_65_klatka-schodowa_reprezentacyjna_sufit_ostatnie_pietro_dekoracje_stiukowe-21-scaled.jpg 2560w, http:\/\/lapidarium.fundacja-hereditas.pl\/wp-content\/uploads\/2023\/10\/I_Otrebska_Mokotowska_65_klatka-schodowa_reprezentacyjna_sufit_ostatnie_pietro_dekoracje_stiukowe-21-300x198.jpg 300w, http:\/\/lapidarium.fundacja-hereditas.pl\/wp-content\/uploads\/2023\/10\/I_Otrebska_Mokotowska_65_klatka-schodowa_reprezentacyjna_sufit_ostatnie_pietro_dekoracje_stiukowe-21-1024x676.jpg 1024w, http:\/\/lapidarium.fundacja-hereditas.pl\/wp-content\/uploads\/2023\/10\/I_Otrebska_Mokotowska_65_klatka-schodowa_reprezentacyjna_sufit_ostatnie_pietro_dekoracje_stiukowe-21-768x507.jpg 768w, http:\/\/lapidarium.fundacja-hereditas.pl\/wp-content\/uploads\/2023\/10\/I_Otrebska_Mokotowska_65_klatka-schodowa_reprezentacyjna_sufit_ostatnie_pietro_dekoracje_stiukowe-21-1536x1014.jpg 1536w, http:\/\/lapidarium.fundacja-hereditas.pl\/wp-content\/uploads\/2023\/10\/I_Otrebska_Mokotowska_65_klatka-schodowa_reprezentacyjna_sufit_ostatnie_pietro_dekoracje_stiukowe-21-2048x1352.jpg 2048w, http:\/\/lapidarium.fundacja-hereditas.pl\/wp-content\/uploads\/2023\/10\/I_Otrebska_Mokotowska_65_klatka-schodowa_reprezentacyjna_sufit_ostatnie_pietro_dekoracje_stiukowe-21-150x99.jpg 150w, http:\/\/lapidarium.fundacja-hereditas.pl\/wp-content\/uploads\/2023\/10\/I_Otrebska_Mokotowska_65_klatka-schodowa_reprezentacyjna_sufit_ostatnie_pietro_dekoracje_stiukowe-21-696x460.jpg 696w, http:\/\/lapidarium.fundacja-hereditas.pl\/wp-content\/uploads\/2023\/10\/I_Otrebska_Mokotowska_65_klatka-schodowa_reprezentacyjna_sufit_ostatnie_pietro_dekoracje_stiukowe-21-1068x705.jpg 1068w, http:\/\/lapidarium.fundacja-hereditas.pl\/wp-content\/uploads\/2023\/10\/I_Otrebska_Mokotowska_65_klatka-schodowa_reprezentacyjna_sufit_ostatnie_pietro_dekoracje_stiukowe-21-1920x1268.jpg 1920w\" sizes=\"auto, (max-width: 2560px) 100vw, 2560px\" \/><\/a><figcaption class=\"wp-element-caption\">Dom frontowy. Klatka schodowa g\u0142\u00f3wna. Ostatnie pi\u0119tro. Dekoracje sztukatorskie. Fot. Iwona Otr\u0119bska, 2023 r., \u017ar\u00f3d\u0142o: AOD IV.<\/figcaption><\/figure>\n\n\n\n<figure class=\"wp-block-image\"><a href=\"http:\/\/lapidarium.fundacja-hereditas.pl\/wp-content\/uploads\/2023\/10\/Dziubiel_Agnieszka_Warszawa_Mokotowska_65_oficyna_frontowa_klatka_schodowa_glowna_widok_z_okna_na_podworze_01-scaled.jpg\"><img loading=\"lazy\" decoding=\"async\" width=\"1960\" height=\"2560\" data-id=\"14186\" src=\"http:\/\/lapidarium.fundacja-hereditas.pl\/wp-content\/uploads\/2023\/10\/Dziubiel_Agnieszka_Warszawa_Mokotowska_65_oficyna_frontowa_klatka_schodowa_glowna_widok_z_okna_na_podworze_01-scaled.jpg\" alt=\"\" class=\"wp-image-14186\" srcset=\"http:\/\/lapidarium.fundacja-hereditas.pl\/wp-content\/uploads\/2023\/10\/Dziubiel_Agnieszka_Warszawa_Mokotowska_65_oficyna_frontowa_klatka_schodowa_glowna_widok_z_okna_na_podworze_01-scaled.jpg 1960w, http:\/\/lapidarium.fundacja-hereditas.pl\/wp-content\/uploads\/2023\/10\/Dziubiel_Agnieszka_Warszawa_Mokotowska_65_oficyna_frontowa_klatka_schodowa_glowna_widok_z_okna_na_podworze_01-230x300.jpg 230w, http:\/\/lapidarium.fundacja-hereditas.pl\/wp-content\/uploads\/2023\/10\/Dziubiel_Agnieszka_Warszawa_Mokotowska_65_oficyna_frontowa_klatka_schodowa_glowna_widok_z_okna_na_podworze_01-784x1024.jpg 784w, http:\/\/lapidarium.fundacja-hereditas.pl\/wp-content\/uploads\/2023\/10\/Dziubiel_Agnieszka_Warszawa_Mokotowska_65_oficyna_frontowa_klatka_schodowa_glowna_widok_z_okna_na_podworze_01-768x1003.jpg 768w, http:\/\/lapidarium.fundacja-hereditas.pl\/wp-content\/uploads\/2023\/10\/Dziubiel_Agnieszka_Warszawa_Mokotowska_65_oficyna_frontowa_klatka_schodowa_glowna_widok_z_okna_na_podworze_01-1176x1536.jpg 1176w, http:\/\/lapidarium.fundacja-hereditas.pl\/wp-content\/uploads\/2023\/10\/Dziubiel_Agnieszka_Warszawa_Mokotowska_65_oficyna_frontowa_klatka_schodowa_glowna_widok_z_okna_na_podworze_01-1568x2048.jpg 1568w, http:\/\/lapidarium.fundacja-hereditas.pl\/wp-content\/uploads\/2023\/10\/Dziubiel_Agnieszka_Warszawa_Mokotowska_65_oficyna_frontowa_klatka_schodowa_glowna_widok_z_okna_na_podworze_01-150x196.jpg 150w, http:\/\/lapidarium.fundacja-hereditas.pl\/wp-content\/uploads\/2023\/10\/Dziubiel_Agnieszka_Warszawa_Mokotowska_65_oficyna_frontowa_klatka_schodowa_glowna_widok_z_okna_na_podworze_01-300x392.jpg 300w, http:\/\/lapidarium.fundacja-hereditas.pl\/wp-content\/uploads\/2023\/10\/Dziubiel_Agnieszka_Warszawa_Mokotowska_65_oficyna_frontowa_klatka_schodowa_glowna_widok_z_okna_na_podworze_01-696x909.jpg 696w, http:\/\/lapidarium.fundacja-hereditas.pl\/wp-content\/uploads\/2023\/10\/Dziubiel_Agnieszka_Warszawa_Mokotowska_65_oficyna_frontowa_klatka_schodowa_glowna_widok_z_okna_na_podworze_01-1068x1395.jpg 1068w, http:\/\/lapidarium.fundacja-hereditas.pl\/wp-content\/uploads\/2023\/10\/Dziubiel_Agnieszka_Warszawa_Mokotowska_65_oficyna_frontowa_klatka_schodowa_glowna_widok_z_okna_na_podworze_01-1920x2508.jpg 1920w\" sizes=\"auto, (max-width: 1960px) 100vw, 1960px\" \/><\/a><figcaption class=\"wp-element-caption\">Pierwsze podw\u00f3rze. Widok na zach\u00f3d. Fot. Agnieszka Dziubiel, 2023 r., \u017ar\u00f3d\u0142o: AOD IV.<\/figcaption><\/figure>\n\n\n\n<figure class=\"wp-block-image\"><a href=\"http:\/\/lapidarium.fundacja-hereditas.pl\/wp-content\/uploads\/2023\/10\/Robert_Marcinkowski_Warszawa_Mokotowska_65_pierwsze_podworko_04-scaled.jpg\"><img loading=\"lazy\" decoding=\"async\" width=\"1273\" height=\"2560\" data-id=\"14321\" src=\"http:\/\/lapidarium.fundacja-hereditas.pl\/wp-content\/uploads\/2023\/10\/Robert_Marcinkowski_Warszawa_Mokotowska_65_pierwsze_podworko_04-scaled.jpg\" alt=\"\" class=\"wp-image-14321\" srcset=\"http:\/\/lapidarium.fundacja-hereditas.pl\/wp-content\/uploads\/2023\/10\/Robert_Marcinkowski_Warszawa_Mokotowska_65_pierwsze_podworko_04-scaled.jpg 1273w, http:\/\/lapidarium.fundacja-hereditas.pl\/wp-content\/uploads\/2023\/10\/Robert_Marcinkowski_Warszawa_Mokotowska_65_pierwsze_podworko_04-149x300.jpg 149w, http:\/\/lapidarium.fundacja-hereditas.pl\/wp-content\/uploads\/2023\/10\/Robert_Marcinkowski_Warszawa_Mokotowska_65_pierwsze_podworko_04-509x1024.jpg 509w, http:\/\/lapidarium.fundacja-hereditas.pl\/wp-content\/uploads\/2023\/10\/Robert_Marcinkowski_Warszawa_Mokotowska_65_pierwsze_podworko_04-768x1544.jpg 768w, http:\/\/lapidarium.fundacja-hereditas.pl\/wp-content\/uploads\/2023\/10\/Robert_Marcinkowski_Warszawa_Mokotowska_65_pierwsze_podworko_04-764x1536.jpg 764w, http:\/\/lapidarium.fundacja-hereditas.pl\/wp-content\/uploads\/2023\/10\/Robert_Marcinkowski_Warszawa_Mokotowska_65_pierwsze_podworko_04-1019x2048.jpg 1019w, http:\/\/lapidarium.fundacja-hereditas.pl\/wp-content\/uploads\/2023\/10\/Robert_Marcinkowski_Warszawa_Mokotowska_65_pierwsze_podworko_04-150x302.jpg 150w, http:\/\/lapidarium.fundacja-hereditas.pl\/wp-content\/uploads\/2023\/10\/Robert_Marcinkowski_Warszawa_Mokotowska_65_pierwsze_podworko_04-300x603.jpg 300w, http:\/\/lapidarium.fundacja-hereditas.pl\/wp-content\/uploads\/2023\/10\/Robert_Marcinkowski_Warszawa_Mokotowska_65_pierwsze_podworko_04-696x1399.jpg 696w, http:\/\/lapidarium.fundacja-hereditas.pl\/wp-content\/uploads\/2023\/10\/Robert_Marcinkowski_Warszawa_Mokotowska_65_pierwsze_podworko_04-1068x2147.jpg 1068w, http:\/\/lapidarium.fundacja-hereditas.pl\/wp-content\/uploads\/2023\/10\/Robert_Marcinkowski_Warszawa_Mokotowska_65_pierwsze_podworko_04-1920x3860.jpg 1920w\" sizes=\"auto, (max-width: 1273px) 100vw, 1273px\" \/><\/a><figcaption class=\"wp-element-caption\">Pierwsze podw\u00f3rze. Naro\u017cnik po\u0142udniowo-zachodni. Drugi przejazd bramny, w oficynie poprzecznej. Fot. Robert Marcinkowski, 2023 r., \u017ar\u00f3d\u0142o: AOD IV.<\/figcaption><\/figure>\n\n\n\n<figure class=\"wp-block-image\"><a href=\"http:\/\/lapidarium.fundacja-hereditas.pl\/wp-content\/uploads\/2023\/10\/I_Otrebska_Mokotowska_65_elewacja_podworzowa_oficyna_I-76-scaled.jpg\"><img loading=\"lazy\" decoding=\"async\" width=\"1676\" height=\"2560\" data-id=\"14231\" src=\"http:\/\/lapidarium.fundacja-hereditas.pl\/wp-content\/uploads\/2023\/10\/I_Otrebska_Mokotowska_65_elewacja_podworzowa_oficyna_I-76-scaled.jpg\" alt=\"\" class=\"wp-image-14231\" srcset=\"http:\/\/lapidarium.fundacja-hereditas.pl\/wp-content\/uploads\/2023\/10\/I_Otrebska_Mokotowska_65_elewacja_podworzowa_oficyna_I-76-scaled.jpg 1676w, http:\/\/lapidarium.fundacja-hereditas.pl\/wp-content\/uploads\/2023\/10\/I_Otrebska_Mokotowska_65_elewacja_podworzowa_oficyna_I-76-196x300.jpg 196w, http:\/\/lapidarium.fundacja-hereditas.pl\/wp-content\/uploads\/2023\/10\/I_Otrebska_Mokotowska_65_elewacja_podworzowa_oficyna_I-76-671x1024.jpg 671w, http:\/\/lapidarium.fundacja-hereditas.pl\/wp-content\/uploads\/2023\/10\/I_Otrebska_Mokotowska_65_elewacja_podworzowa_oficyna_I-76-768x1173.jpg 768w, http:\/\/lapidarium.fundacja-hereditas.pl\/wp-content\/uploads\/2023\/10\/I_Otrebska_Mokotowska_65_elewacja_podworzowa_oficyna_I-76-1006x1536.jpg 1006w, http:\/\/lapidarium.fundacja-hereditas.pl\/wp-content\/uploads\/2023\/10\/I_Otrebska_Mokotowska_65_elewacja_podworzowa_oficyna_I-76-1341x2048.jpg 1341w, http:\/\/lapidarium.fundacja-hereditas.pl\/wp-content\/uploads\/2023\/10\/I_Otrebska_Mokotowska_65_elewacja_podworzowa_oficyna_I-76-150x229.jpg 150w, http:\/\/lapidarium.fundacja-hereditas.pl\/wp-content\/uploads\/2023\/10\/I_Otrebska_Mokotowska_65_elewacja_podworzowa_oficyna_I-76-300x458.jpg 300w, http:\/\/lapidarium.fundacja-hereditas.pl\/wp-content\/uploads\/2023\/10\/I_Otrebska_Mokotowska_65_elewacja_podworzowa_oficyna_I-76-696x1063.jpg 696w, http:\/\/lapidarium.fundacja-hereditas.pl\/wp-content\/uploads\/2023\/10\/I_Otrebska_Mokotowska_65_elewacja_podworzowa_oficyna_I-76-1068x1631.jpg 1068w, http:\/\/lapidarium.fundacja-hereditas.pl\/wp-content\/uploads\/2023\/10\/I_Otrebska_Mokotowska_65_elewacja_podworzowa_oficyna_I-76-1920x2932.jpg 1920w\" sizes=\"auto, (max-width: 1676px) 100vw, 1676px\" \/><\/a><figcaption class=\"wp-element-caption\">Pierwsze podw\u00f3rze. Oficyna po\u0142udniowa. Fot. Iwona Otr\u0119bska, 2023 r., \u017ar\u00f3d\u0142o: AOD IV.<\/figcaption><\/figure>\n\n\n\n<figure class=\"wp-block-image\"><a href=\"http:\/\/lapidarium.fundacja-hereditas.pl\/wp-content\/uploads\/2023\/10\/I_Otrebska_Mokotowska_65_elewacja_podworzowa_I-118-scaled.jpg\"><img loading=\"lazy\" decoding=\"async\" width=\"1737\" height=\"2560\" data-id=\"14229\" src=\"http:\/\/lapidarium.fundacja-hereditas.pl\/wp-content\/uploads\/2023\/10\/I_Otrebska_Mokotowska_65_elewacja_podworzowa_I-118-scaled.jpg\" alt=\"\" class=\"wp-image-14229\" srcset=\"http:\/\/lapidarium.fundacja-hereditas.pl\/wp-content\/uploads\/2023\/10\/I_Otrebska_Mokotowska_65_elewacja_podworzowa_I-118-scaled.jpg 1737w, http:\/\/lapidarium.fundacja-hereditas.pl\/wp-content\/uploads\/2023\/10\/I_Otrebska_Mokotowska_65_elewacja_podworzowa_I-118-204x300.jpg 204w, http:\/\/lapidarium.fundacja-hereditas.pl\/wp-content\/uploads\/2023\/10\/I_Otrebska_Mokotowska_65_elewacja_podworzowa_I-118-695x1024.jpg 695w, http:\/\/lapidarium.fundacja-hereditas.pl\/wp-content\/uploads\/2023\/10\/I_Otrebska_Mokotowska_65_elewacja_podworzowa_I-118-768x1132.jpg 768w, http:\/\/lapidarium.fundacja-hereditas.pl\/wp-content\/uploads\/2023\/10\/I_Otrebska_Mokotowska_65_elewacja_podworzowa_I-118-1042x1536.jpg 1042w, http:\/\/lapidarium.fundacja-hereditas.pl\/wp-content\/uploads\/2023\/10\/I_Otrebska_Mokotowska_65_elewacja_podworzowa_I-118-1390x2048.jpg 1390w, http:\/\/lapidarium.fundacja-hereditas.pl\/wp-content\/uploads\/2023\/10\/I_Otrebska_Mokotowska_65_elewacja_podworzowa_I-118-150x221.jpg 150w, http:\/\/lapidarium.fundacja-hereditas.pl\/wp-content\/uploads\/2023\/10\/I_Otrebska_Mokotowska_65_elewacja_podworzowa_I-118-300x442.jpg 300w, http:\/\/lapidarium.fundacja-hereditas.pl\/wp-content\/uploads\/2023\/10\/I_Otrebska_Mokotowska_65_elewacja_podworzowa_I-118-696x1026.jpg 696w, http:\/\/lapidarium.fundacja-hereditas.pl\/wp-content\/uploads\/2023\/10\/I_Otrebska_Mokotowska_65_elewacja_podworzowa_I-118-1068x1574.jpg 1068w, http:\/\/lapidarium.fundacja-hereditas.pl\/wp-content\/uploads\/2023\/10\/I_Otrebska_Mokotowska_65_elewacja_podworzowa_I-118-1920x2830.jpg 1920w\" sizes=\"auto, (max-width: 1737px) 100vw, 1737px\" \/><\/a><figcaption class=\"wp-element-caption\">Pierwsze podw\u00f3rze. Naro\u017cnik p\u00f3\u0142nocno-zachodni. Fot. Iwona Otr\u0119bska. 2023 r., \u017ar\u00f3d\u0142o: AOD IV.<\/figcaption><\/figure>\n\n\n\n<figure class=\"wp-block-image\"><a href=\"http:\/\/lapidarium.fundacja-hereditas.pl\/wp-content\/uploads\/2023\/10\/I_Otrebska_Mokotowska_65_elewacja_podworzowa_I-119-scaled.jpg\"><img loading=\"lazy\" decoding=\"async\" width=\"2560\" height=\"1736\" data-id=\"14230\" src=\"http:\/\/lapidarium.fundacja-hereditas.pl\/wp-content\/uploads\/2023\/10\/I_Otrebska_Mokotowska_65_elewacja_podworzowa_I-119-scaled.jpg\" alt=\"\" class=\"wp-image-14230\" srcset=\"http:\/\/lapidarium.fundacja-hereditas.pl\/wp-content\/uploads\/2023\/10\/I_Otrebska_Mokotowska_65_elewacja_podworzowa_I-119-scaled.jpg 2560w, http:\/\/lapidarium.fundacja-hereditas.pl\/wp-content\/uploads\/2023\/10\/I_Otrebska_Mokotowska_65_elewacja_podworzowa_I-119-300x203.jpg 300w, http:\/\/lapidarium.fundacja-hereditas.pl\/wp-content\/uploads\/2023\/10\/I_Otrebska_Mokotowska_65_elewacja_podworzowa_I-119-1024x695.jpg 1024w, http:\/\/lapidarium.fundacja-hereditas.pl\/wp-content\/uploads\/2023\/10\/I_Otrebska_Mokotowska_65_elewacja_podworzowa_I-119-768x521.jpg 768w\" sizes=\"auto, (max-width: 2560px) 100vw, 2560px\" \/><\/a><figcaption class=\"wp-element-caption\">Pierwsze podw\u00f3rze. Balkon I pi\u0119tra oficyny p\u00f3\u0142nocnej. Fot. Iwona Otr\u0119bska, 2023 r., \u017ar\u00f3d\u0142o: AOD IV.<\/figcaption><\/figure>\n\n\n\n<figure class=\"wp-block-image\"><a href=\"http:\/\/lapidarium.fundacja-hereditas.pl\/wp-content\/uploads\/2023\/10\/Dziubiel_Agnieszka_Warszawa_Mokotowska_65_podworze_za_oficyna_frontowa_balkony_oficyny_kuchennej_12-scaled.jpg\"><img loading=\"lazy\" decoding=\"async\" width=\"2560\" height=\"1830\" data-id=\"14216\" src=\"http:\/\/lapidarium.fundacja-hereditas.pl\/wp-content\/uploads\/2023\/10\/Dziubiel_Agnieszka_Warszawa_Mokotowska_65_podworze_za_oficyna_frontowa_balkony_oficyny_kuchennej_12-scaled.jpg\" alt=\"\" class=\"wp-image-14216\" srcset=\"http:\/\/lapidarium.fundacja-hereditas.pl\/wp-content\/uploads\/2023\/10\/Dziubiel_Agnieszka_Warszawa_Mokotowska_65_podworze_za_oficyna_frontowa_balkony_oficyny_kuchennej_12-scaled.jpg 2560w, http:\/\/lapidarium.fundacja-hereditas.pl\/wp-content\/uploads\/2023\/10\/Dziubiel_Agnieszka_Warszawa_Mokotowska_65_podworze_za_oficyna_frontowa_balkony_oficyny_kuchennej_12-300x214.jpg 300w, http:\/\/lapidarium.fundacja-hereditas.pl\/wp-content\/uploads\/2023\/10\/Dziubiel_Agnieszka_Warszawa_Mokotowska_65_podworze_za_oficyna_frontowa_balkony_oficyny_kuchennej_12-1024x732.jpg 1024w, http:\/\/lapidarium.fundacja-hereditas.pl\/wp-content\/uploads\/2023\/10\/Dziubiel_Agnieszka_Warszawa_Mokotowska_65_podworze_za_oficyna_frontowa_balkony_oficyny_kuchennej_12-768x549.jpg 768w, http:\/\/lapidarium.fundacja-hereditas.pl\/wp-content\/uploads\/2023\/10\/Dziubiel_Agnieszka_Warszawa_Mokotowska_65_podworze_za_oficyna_frontowa_balkony_oficyny_kuchennej_12-1536x1098.jpg 1536w, http:\/\/lapidarium.fundacja-hereditas.pl\/wp-content\/uploads\/2023\/10\/Dziubiel_Agnieszka_Warszawa_Mokotowska_65_podworze_za_oficyna_frontowa_balkony_oficyny_kuchennej_12-2048x1464.jpg 2048w, http:\/\/lapidarium.fundacja-hereditas.pl\/wp-content\/uploads\/2023\/10\/Dziubiel_Agnieszka_Warszawa_Mokotowska_65_podworze_za_oficyna_frontowa_balkony_oficyny_kuchennej_12-150x107.jpg 150w, http:\/\/lapidarium.fundacja-hereditas.pl\/wp-content\/uploads\/2023\/10\/Dziubiel_Agnieszka_Warszawa_Mokotowska_65_podworze_za_oficyna_frontowa_balkony_oficyny_kuchennej_12-696x498.jpg 696w, http:\/\/lapidarium.fundacja-hereditas.pl\/wp-content\/uploads\/2023\/10\/Dziubiel_Agnieszka_Warszawa_Mokotowska_65_podworze_za_oficyna_frontowa_balkony_oficyny_kuchennej_12-1068x764.jpg 1068w, http:\/\/lapidarium.fundacja-hereditas.pl\/wp-content\/uploads\/2023\/10\/Dziubiel_Agnieszka_Warszawa_Mokotowska_65_podworze_za_oficyna_frontowa_balkony_oficyny_kuchennej_12-1920x1373.jpg 1920w\" sizes=\"auto, (max-width: 2560px) 100vw, 2560px\" \/><\/a><figcaption class=\"wp-element-caption\">Pierwsze podw\u00f3rze. P\u0142yta balkonowa balkonu I pi\u0119tra, zachodniej cz\u0119\u015bci oficyny p\u00f3\u0142nocnej. Fragmenty gzymsu. Fot. Agnieszka Dziubiel, 2023 r., \u017ar\u00f3d\u0142o: AOD IV.<\/figcaption><\/figure>\n\n\n\n<figure class=\"wp-block-image\"><a href=\"http:\/\/lapidarium.fundacja-hereditas.pl\/wp-content\/uploads\/2023\/10\/Robert_Marcinkowski_Warszawa_Mokotowska_65_pierwsze_podworko_01-scaled.jpg\"><img loading=\"lazy\" decoding=\"async\" width=\"1525\" height=\"2560\" data-id=\"14318\" src=\"http:\/\/lapidarium.fundacja-hereditas.pl\/wp-content\/uploads\/2023\/10\/Robert_Marcinkowski_Warszawa_Mokotowska_65_pierwsze_podworko_01-scaled.jpg\" alt=\"\" class=\"wp-image-14318\" srcset=\"http:\/\/lapidarium.fundacja-hereditas.pl\/wp-content\/uploads\/2023\/10\/Robert_Marcinkowski_Warszawa_Mokotowska_65_pierwsze_podworko_01-scaled.jpg 1525w, http:\/\/lapidarium.fundacja-hereditas.pl\/wp-content\/uploads\/2023\/10\/Robert_Marcinkowski_Warszawa_Mokotowska_65_pierwsze_podworko_01-179x300.jpg 179w, http:\/\/lapidarium.fundacja-hereditas.pl\/wp-content\/uploads\/2023\/10\/Robert_Marcinkowski_Warszawa_Mokotowska_65_pierwsze_podworko_01-610x1024.jpg 610w, http:\/\/lapidarium.fundacja-hereditas.pl\/wp-content\/uploads\/2023\/10\/Robert_Marcinkowski_Warszawa_Mokotowska_65_pierwsze_podworko_01-768x1289.jpg 768w, http:\/\/lapidarium.fundacja-hereditas.pl\/wp-content\/uploads\/2023\/10\/Robert_Marcinkowski_Warszawa_Mokotowska_65_pierwsze_podworko_01-915x1536.jpg 915w, http:\/\/lapidarium.fundacja-hereditas.pl\/wp-content\/uploads\/2023\/10\/Robert_Marcinkowski_Warszawa_Mokotowska_65_pierwsze_podworko_01-1220x2048.jpg 1220w, http:\/\/lapidarium.fundacja-hereditas.pl\/wp-content\/uploads\/2023\/10\/Robert_Marcinkowski_Warszawa_Mokotowska_65_pierwsze_podworko_01-150x252.jpg 150w, http:\/\/lapidarium.fundacja-hereditas.pl\/wp-content\/uploads\/2023\/10\/Robert_Marcinkowski_Warszawa_Mokotowska_65_pierwsze_podworko_01-300x503.jpg 300w, http:\/\/lapidarium.fundacja-hereditas.pl\/wp-content\/uploads\/2023\/10\/Robert_Marcinkowski_Warszawa_Mokotowska_65_pierwsze_podworko_01-696x1168.jpg 696w, http:\/\/lapidarium.fundacja-hereditas.pl\/wp-content\/uploads\/2023\/10\/Robert_Marcinkowski_Warszawa_Mokotowska_65_pierwsze_podworko_01-1068x1792.jpg 1068w, http:\/\/lapidarium.fundacja-hereditas.pl\/wp-content\/uploads\/2023\/10\/Robert_Marcinkowski_Warszawa_Mokotowska_65_pierwsze_podworko_01-1920x3222.jpg 1920w\" sizes=\"auto, (max-width: 1525px) 100vw, 1525px\" \/><\/a><figcaption class=\"wp-element-caption\">Pierwsze podw\u00f3rze. Oficyna p\u00f3\u0142nocna. Cz\u0119\u015b\u0107 wschodnia po rewitalizacji. Fot. Robert Marcinkowski, 2023 r., \u017ar\u00f3d\u0142o: AOD IV.<\/figcaption><\/figure>\n\n\n\n<figure class=\"wp-block-image\"><a href=\"http:\/\/lapidarium.fundacja-hereditas.pl\/wp-content\/uploads\/2023\/10\/Robert_Marcinkowski_Warszawa_Mokotowska_65_pierwsze_podworko_03-scaled.jpg\"><img loading=\"lazy\" decoding=\"async\" width=\"1451\" height=\"2560\" data-id=\"14320\" src=\"http:\/\/lapidarium.fundacja-hereditas.pl\/wp-content\/uploads\/2023\/10\/Robert_Marcinkowski_Warszawa_Mokotowska_65_pierwsze_podworko_03-scaled.jpg\" alt=\"\" class=\"wp-image-14320\" srcset=\"http:\/\/lapidarium.fundacja-hereditas.pl\/wp-content\/uploads\/2023\/10\/Robert_Marcinkowski_Warszawa_Mokotowska_65_pierwsze_podworko_03-scaled.jpg 1451w, http:\/\/lapidarium.fundacja-hereditas.pl\/wp-content\/uploads\/2023\/10\/Robert_Marcinkowski_Warszawa_Mokotowska_65_pierwsze_podworko_03-170x300.jpg 170w, http:\/\/lapidarium.fundacja-hereditas.pl\/wp-content\/uploads\/2023\/10\/Robert_Marcinkowski_Warszawa_Mokotowska_65_pierwsze_podworko_03-580x1024.jpg 580w, http:\/\/lapidarium.fundacja-hereditas.pl\/wp-content\/uploads\/2023\/10\/Robert_Marcinkowski_Warszawa_Mokotowska_65_pierwsze_podworko_03-768x1355.jpg 768w, http:\/\/lapidarium.fundacja-hereditas.pl\/wp-content\/uploads\/2023\/10\/Robert_Marcinkowski_Warszawa_Mokotowska_65_pierwsze_podworko_03-871x1536.jpg 871w, http:\/\/lapidarium.fundacja-hereditas.pl\/wp-content\/uploads\/2023\/10\/Robert_Marcinkowski_Warszawa_Mokotowska_65_pierwsze_podworko_03-1161x2048.jpg 1161w, http:\/\/lapidarium.fundacja-hereditas.pl\/wp-content\/uploads\/2023\/10\/Robert_Marcinkowski_Warszawa_Mokotowska_65_pierwsze_podworko_03-150x265.jpg 150w, http:\/\/lapidarium.fundacja-hereditas.pl\/wp-content\/uploads\/2023\/10\/Robert_Marcinkowski_Warszawa_Mokotowska_65_pierwsze_podworko_03-300x529.jpg 300w, http:\/\/lapidarium.fundacja-hereditas.pl\/wp-content\/uploads\/2023\/10\/Robert_Marcinkowski_Warszawa_Mokotowska_65_pierwsze_podworko_03-696x1228.jpg 696w, http:\/\/lapidarium.fundacja-hereditas.pl\/wp-content\/uploads\/2023\/10\/Robert_Marcinkowski_Warszawa_Mokotowska_65_pierwsze_podworko_03-1068x1884.jpg 1068w, http:\/\/lapidarium.fundacja-hereditas.pl\/wp-content\/uploads\/2023\/10\/Robert_Marcinkowski_Warszawa_Mokotowska_65_pierwsze_podworko_03-1920x3387.jpg 1920w\" sizes=\"auto, (max-width: 1451px) 100vw, 1451px\" \/><\/a><figcaption class=\"wp-element-caption\">Pierwsze podw\u00f3rze. Naro\u017cnik p\u00f3\u0142nocno-wschodni. Z prawej wlot przejazdu bramnego na ulic\u0119. Fot. Robert Marcinkowski, 2023 r., \u017ar\u00f3d\u0142o: AOD IV.<\/figcaption><\/figure>\n\n\n\n<figure class=\"wp-block-image\"><a href=\"http:\/\/lapidarium.fundacja-hereditas.pl\/wp-content\/uploads\/2023\/10\/I_Otrebska_Mokotowska_65_elewacja_podworzowa_I-117-scaled.jpg\"><img loading=\"lazy\" decoding=\"async\" width=\"1720\" height=\"2560\" data-id=\"14228\" src=\"http:\/\/lapidarium.fundacja-hereditas.pl\/wp-content\/uploads\/2023\/10\/I_Otrebska_Mokotowska_65_elewacja_podworzowa_I-117-scaled.jpg\" alt=\"\" class=\"wp-image-14228\" srcset=\"http:\/\/lapidarium.fundacja-hereditas.pl\/wp-content\/uploads\/2023\/10\/I_Otrebska_Mokotowska_65_elewacja_podworzowa_I-117-scaled.jpg 1720w, http:\/\/lapidarium.fundacja-hereditas.pl\/wp-content\/uploads\/2023\/10\/I_Otrebska_Mokotowska_65_elewacja_podworzowa_I-117-202x300.jpg 202w, http:\/\/lapidarium.fundacja-hereditas.pl\/wp-content\/uploads\/2023\/10\/I_Otrebska_Mokotowska_65_elewacja_podworzowa_I-117-688x1024.jpg 688w, http:\/\/lapidarium.fundacja-hereditas.pl\/wp-content\/uploads\/2023\/10\/I_Otrebska_Mokotowska_65_elewacja_podworzowa_I-117-768x1143.jpg 768w, http:\/\/lapidarium.fundacja-hereditas.pl\/wp-content\/uploads\/2023\/10\/I_Otrebska_Mokotowska_65_elewacja_podworzowa_I-117-1032x1536.jpg 1032w, http:\/\/lapidarium.fundacja-hereditas.pl\/wp-content\/uploads\/2023\/10\/I_Otrebska_Mokotowska_65_elewacja_podworzowa_I-117-1376x2048.jpg 1376w, http:\/\/lapidarium.fundacja-hereditas.pl\/wp-content\/uploads\/2023\/10\/I_Otrebska_Mokotowska_65_elewacja_podworzowa_I-117-150x223.jpg 150w, http:\/\/lapidarium.fundacja-hereditas.pl\/wp-content\/uploads\/2023\/10\/I_Otrebska_Mokotowska_65_elewacja_podworzowa_I-117-300x447.jpg 300w, http:\/\/lapidarium.fundacja-hereditas.pl\/wp-content\/uploads\/2023\/10\/I_Otrebska_Mokotowska_65_elewacja_podworzowa_I-117-696x1036.jpg 696w, http:\/\/lapidarium.fundacja-hereditas.pl\/wp-content\/uploads\/2023\/10\/I_Otrebska_Mokotowska_65_elewacja_podworzowa_I-117-1068x1590.jpg 1068w, http:\/\/lapidarium.fundacja-hereditas.pl\/wp-content\/uploads\/2023\/10\/I_Otrebska_Mokotowska_65_elewacja_podworzowa_I-117-1920x2858.jpg 1920w\" sizes=\"auto, (max-width: 1720px) 100vw, 1720px\" \/><\/a><figcaption class=\"wp-element-caption\">Pierwsze podw\u00f3rze. Naro\u017cnik p\u00f3\u0142nocno-wschodni. Fot. Iwona Otr\u0119bska, 2023 r., \u017ar\u00f3d\u0142o: AOD IV.<\/figcaption><\/figure>\n\n\n\n<figure class=\"wp-block-image\"><a href=\"http:\/\/lapidarium.fundacja-hereditas.pl\/wp-content\/uploads\/2023\/10\/Dziubiel_Agnieszka_Warszawa_Mokotowska_65_podworze_za_oficyna_frontowa_elewacja_02-scaled.jpg\"><img loading=\"lazy\" decoding=\"async\" width=\"1818\" height=\"2560\" data-id=\"14219\" src=\"http:\/\/lapidarium.fundacja-hereditas.pl\/wp-content\/uploads\/2023\/10\/Dziubiel_Agnieszka_Warszawa_Mokotowska_65_podworze_za_oficyna_frontowa_elewacja_02-scaled.jpg\" alt=\"\" class=\"wp-image-14219\" srcset=\"http:\/\/lapidarium.fundacja-hereditas.pl\/wp-content\/uploads\/2023\/10\/Dziubiel_Agnieszka_Warszawa_Mokotowska_65_podworze_za_oficyna_frontowa_elewacja_02-scaled.jpg 1818w, http:\/\/lapidarium.fundacja-hereditas.pl\/wp-content\/uploads\/2023\/10\/Dziubiel_Agnieszka_Warszawa_Mokotowska_65_podworze_za_oficyna_frontowa_elewacja_02-213x300.jpg 213w, http:\/\/lapidarium.fundacja-hereditas.pl\/wp-content\/uploads\/2023\/10\/Dziubiel_Agnieszka_Warszawa_Mokotowska_65_podworze_za_oficyna_frontowa_elewacja_02-727x1024.jpg 727w, http:\/\/lapidarium.fundacja-hereditas.pl\/wp-content\/uploads\/2023\/10\/Dziubiel_Agnieszka_Warszawa_Mokotowska_65_podworze_za_oficyna_frontowa_elewacja_02-768x1081.jpg 768w, http:\/\/lapidarium.fundacja-hereditas.pl\/wp-content\/uploads\/2023\/10\/Dziubiel_Agnieszka_Warszawa_Mokotowska_65_podworze_za_oficyna_frontowa_elewacja_02-1091x1536.jpg 1091w, http:\/\/lapidarium.fundacja-hereditas.pl\/wp-content\/uploads\/2023\/10\/Dziubiel_Agnieszka_Warszawa_Mokotowska_65_podworze_za_oficyna_frontowa_elewacja_02-1455x2048.jpg 1455w, http:\/\/lapidarium.fundacja-hereditas.pl\/wp-content\/uploads\/2023\/10\/Dziubiel_Agnieszka_Warszawa_Mokotowska_65_podworze_za_oficyna_frontowa_elewacja_02-150x211.jpg 150w, http:\/\/lapidarium.fundacja-hereditas.pl\/wp-content\/uploads\/2023\/10\/Dziubiel_Agnieszka_Warszawa_Mokotowska_65_podworze_za_oficyna_frontowa_elewacja_02-300x422.jpg 300w, http:\/\/lapidarium.fundacja-hereditas.pl\/wp-content\/uploads\/2023\/10\/Dziubiel_Agnieszka_Warszawa_Mokotowska_65_podworze_za_oficyna_frontowa_elewacja_02-696x980.jpg 696w, http:\/\/lapidarium.fundacja-hereditas.pl\/wp-content\/uploads\/2023\/10\/Dziubiel_Agnieszka_Warszawa_Mokotowska_65_podworze_za_oficyna_frontowa_elewacja_02-1068x1504.jpg 1068w, http:\/\/lapidarium.fundacja-hereditas.pl\/wp-content\/uploads\/2023\/10\/Dziubiel_Agnieszka_Warszawa_Mokotowska_65_podworze_za_oficyna_frontowa_elewacja_02-1920x2703.jpg 1920w\" sizes=\"auto, (max-width: 1818px) 100vw, 1818px\" \/><\/a><figcaption class=\"wp-element-caption\">Pierwsze podw\u00f3rze. Widok na wsch\u00f3d. Fot. Agnieszka Dziubiel, 2023 r., \u017ar\u00f3d\u0142o: AOD IV.<\/figcaption><\/figure>\n\n\n\n<figure class=\"wp-block-image\"><a href=\"http:\/\/lapidarium.fundacja-hereditas.pl\/wp-content\/uploads\/2023\/10\/Robert_Marcinkowski_Warszawa_Mokotowska_65_pierwsze_podworko_02-scaled.jpg\"><img loading=\"lazy\" decoding=\"async\" width=\"1509\" height=\"2560\" data-id=\"14319\" src=\"http:\/\/lapidarium.fundacja-hereditas.pl\/wp-content\/uploads\/2023\/10\/Robert_Marcinkowski_Warszawa_Mokotowska_65_pierwsze_podworko_02-scaled.jpg\" alt=\"\" class=\"wp-image-14319\" srcset=\"http:\/\/lapidarium.fundacja-hereditas.pl\/wp-content\/uploads\/2023\/10\/Robert_Marcinkowski_Warszawa_Mokotowska_65_pierwsze_podworko_02-scaled.jpg 1509w, http:\/\/lapidarium.fundacja-hereditas.pl\/wp-content\/uploads\/2023\/10\/Robert_Marcinkowski_Warszawa_Mokotowska_65_pierwsze_podworko_02-177x300.jpg 177w, http:\/\/lapidarium.fundacja-hereditas.pl\/wp-content\/uploads\/2023\/10\/Robert_Marcinkowski_Warszawa_Mokotowska_65_pierwsze_podworko_02-604x1024.jpg 604w, http:\/\/lapidarium.fundacja-hereditas.pl\/wp-content\/uploads\/2023\/10\/Robert_Marcinkowski_Warszawa_Mokotowska_65_pierwsze_podworko_02-768x1303.jpg 768w, http:\/\/lapidarium.fundacja-hereditas.pl\/wp-content\/uploads\/2023\/10\/Robert_Marcinkowski_Warszawa_Mokotowska_65_pierwsze_podworko_02-905x1536.jpg 905w, http:\/\/lapidarium.fundacja-hereditas.pl\/wp-content\/uploads\/2023\/10\/Robert_Marcinkowski_Warszawa_Mokotowska_65_pierwsze_podworko_02-1207x2048.jpg 1207w, http:\/\/lapidarium.fundacja-hereditas.pl\/wp-content\/uploads\/2023\/10\/Robert_Marcinkowski_Warszawa_Mokotowska_65_pierwsze_podworko_02-150x254.jpg 150w, http:\/\/lapidarium.fundacja-hereditas.pl\/wp-content\/uploads\/2023\/10\/Robert_Marcinkowski_Warszawa_Mokotowska_65_pierwsze_podworko_02-300x509.jpg 300w, http:\/\/lapidarium.fundacja-hereditas.pl\/wp-content\/uploads\/2023\/10\/Robert_Marcinkowski_Warszawa_Mokotowska_65_pierwsze_podworko_02-696x1181.jpg 696w, http:\/\/lapidarium.fundacja-hereditas.pl\/wp-content\/uploads\/2023\/10\/Robert_Marcinkowski_Warszawa_Mokotowska_65_pierwsze_podworko_02-1068x1812.jpg 1068w, http:\/\/lapidarium.fundacja-hereditas.pl\/wp-content\/uploads\/2023\/10\/Robert_Marcinkowski_Warszawa_Mokotowska_65_pierwsze_podworko_02-1920x3257.jpg 1920w\" sizes=\"auto, (max-width: 1509px) 100vw, 1509px\" \/><\/a><figcaption class=\"wp-element-caption\">Pierwsze podw\u00f3rze. Dom frontowy z przejazdem bramnym z wylotem na ulic\u0119. Fot. Robert Marcinkowski, 2023 r., \u017ar\u00f3d\u0142o: AOD IV.<\/figcaption><\/figure>\n\n\n\n<figure class=\"wp-block-image\"><a href=\"http:\/\/lapidarium.fundacja-hereditas.pl\/wp-content\/uploads\/2023\/10\/Dziubiel_Agnieszka_Warszawa_Mokotowska_65_elewacja_frontowa_detal_02-scaled.jpg\"><img loading=\"lazy\" decoding=\"async\" width=\"1950\" height=\"2560\" data-id=\"14156\" src=\"http:\/\/lapidarium.fundacja-hereditas.pl\/wp-content\/uploads\/2023\/10\/Dziubiel_Agnieszka_Warszawa_Mokotowska_65_elewacja_frontowa_detal_02-scaled.jpg\" alt=\"\" class=\"wp-image-14156\" srcset=\"http:\/\/lapidarium.fundacja-hereditas.pl\/wp-content\/uploads\/2023\/10\/Dziubiel_Agnieszka_Warszawa_Mokotowska_65_elewacja_frontowa_detal_02-scaled.jpg 1950w, http:\/\/lapidarium.fundacja-hereditas.pl\/wp-content\/uploads\/2023\/10\/Dziubiel_Agnieszka_Warszawa_Mokotowska_65_elewacja_frontowa_detal_02-229x300.jpg 229w, http:\/\/lapidarium.fundacja-hereditas.pl\/wp-content\/uploads\/2023\/10\/Dziubiel_Agnieszka_Warszawa_Mokotowska_65_elewacja_frontowa_detal_02-780x1024.jpg 780w, http:\/\/lapidarium.fundacja-hereditas.pl\/wp-content\/uploads\/2023\/10\/Dziubiel_Agnieszka_Warszawa_Mokotowska_65_elewacja_frontowa_detal_02-768x1008.jpg 768w, http:\/\/lapidarium.fundacja-hereditas.pl\/wp-content\/uploads\/2023\/10\/Dziubiel_Agnieszka_Warszawa_Mokotowska_65_elewacja_frontowa_detal_02-1170x1536.jpg 1170w, http:\/\/lapidarium.fundacja-hereditas.pl\/wp-content\/uploads\/2023\/10\/Dziubiel_Agnieszka_Warszawa_Mokotowska_65_elewacja_frontowa_detal_02-1560x2048.jpg 1560w, http:\/\/lapidarium.fundacja-hereditas.pl\/wp-content\/uploads\/2023\/10\/Dziubiel_Agnieszka_Warszawa_Mokotowska_65_elewacja_frontowa_detal_02-150x197.jpg 150w, http:\/\/lapidarium.fundacja-hereditas.pl\/wp-content\/uploads\/2023\/10\/Dziubiel_Agnieszka_Warszawa_Mokotowska_65_elewacja_frontowa_detal_02-300x394.jpg 300w, http:\/\/lapidarium.fundacja-hereditas.pl\/wp-content\/uploads\/2023\/10\/Dziubiel_Agnieszka_Warszawa_Mokotowska_65_elewacja_frontowa_detal_02-696x914.jpg 696w, http:\/\/lapidarium.fundacja-hereditas.pl\/wp-content\/uploads\/2023\/10\/Dziubiel_Agnieszka_Warszawa_Mokotowska_65_elewacja_frontowa_detal_02-1068x1402.jpg 1068w, http:\/\/lapidarium.fundacja-hereditas.pl\/wp-content\/uploads\/2023\/10\/Dziubiel_Agnieszka_Warszawa_Mokotowska_65_elewacja_frontowa_detal_02-1920x2520.jpg 1920w\" sizes=\"auto, (max-width: 1950px) 100vw, 1950px\" \/><\/a><figcaption class=\"wp-element-caption\">Pierwsze podw\u00f3rze. Parter. Po\u0142udniowy za\u0142om mi\u0119dzy domem frontowym a po\u0142udniow\u0105 oficyn\u0105. Fot. Agnieszka Dziubiel, 2023 r., \u017ar\u00f3d\u0142o: AOD IV.<\/figcaption><\/figure>\n\n\n\n<figure class=\"wp-block-image\"><a href=\"http:\/\/lapidarium.fundacja-hereditas.pl\/wp-content\/uploads\/2023\/10\/Dziubiel_Agnieszka_Warszawa_Mokotowska_65_elewacja_frontowa_detal_044-scaled.jpg\"><img loading=\"lazy\" decoding=\"async\" width=\"2560\" height=\"1871\" data-id=\"14157\" src=\"http:\/\/lapidarium.fundacja-hereditas.pl\/wp-content\/uploads\/2023\/10\/Dziubiel_Agnieszka_Warszawa_Mokotowska_65_elewacja_frontowa_detal_044-scaled.jpg\" alt=\"\" class=\"wp-image-14157\" srcset=\"http:\/\/lapidarium.fundacja-hereditas.pl\/wp-content\/uploads\/2023\/10\/Dziubiel_Agnieszka_Warszawa_Mokotowska_65_elewacja_frontowa_detal_044-scaled.jpg 2560w, http:\/\/lapidarium.fundacja-hereditas.pl\/wp-content\/uploads\/2023\/10\/Dziubiel_Agnieszka_Warszawa_Mokotowska_65_elewacja_frontowa_detal_044-300x219.jpg 300w, http:\/\/lapidarium.fundacja-hereditas.pl\/wp-content\/uploads\/2023\/10\/Dziubiel_Agnieszka_Warszawa_Mokotowska_65_elewacja_frontowa_detal_044-1024x748.jpg 1024w, http:\/\/lapidarium.fundacja-hereditas.pl\/wp-content\/uploads\/2023\/10\/Dziubiel_Agnieszka_Warszawa_Mokotowska_65_elewacja_frontowa_detal_044-768x561.jpg 768w, http:\/\/lapidarium.fundacja-hereditas.pl\/wp-content\/uploads\/2023\/10\/Dziubiel_Agnieszka_Warszawa_Mokotowska_65_elewacja_frontowa_detal_044-1536x1123.jpg 1536w, http:\/\/lapidarium.fundacja-hereditas.pl\/wp-content\/uploads\/2023\/10\/Dziubiel_Agnieszka_Warszawa_Mokotowska_65_elewacja_frontowa_detal_044-2048x1497.jpg 2048w, http:\/\/lapidarium.fundacja-hereditas.pl\/wp-content\/uploads\/2023\/10\/Dziubiel_Agnieszka_Warszawa_Mokotowska_65_elewacja_frontowa_detal_044-150x110.jpg 150w, http:\/\/lapidarium.fundacja-hereditas.pl\/wp-content\/uploads\/2023\/10\/Dziubiel_Agnieszka_Warszawa_Mokotowska_65_elewacja_frontowa_detal_044-696x509.jpg 696w, http:\/\/lapidarium.fundacja-hereditas.pl\/wp-content\/uploads\/2023\/10\/Dziubiel_Agnieszka_Warszawa_Mokotowska_65_elewacja_frontowa_detal_044-1068x781.jpg 1068w, http:\/\/lapidarium.fundacja-hereditas.pl\/wp-content\/uploads\/2023\/10\/Dziubiel_Agnieszka_Warszawa_Mokotowska_65_elewacja_frontowa_detal_044-1920x1403.jpg 1920w\" sizes=\"auto, (max-width: 2560px) 100vw, 2560px\" \/><\/a><figcaption class=\"wp-element-caption\">Pierwsze podw\u00f3rze. Parter. Detal nad oknem w po\u0142udniowym za\u0142omie mi\u0119dzy domem frontowym a po\u0142udniow\u0105 oficyn\u0105. Fot. Agnieszka Dziubiel, 2023 r., \u017ar\u00f3d\u0142o: AOD IV.<\/figcaption><\/figure>\n\n\n\n<figure class=\"wp-block-image\"><a href=\"http:\/\/lapidarium.fundacja-hereditas.pl\/wp-content\/uploads\/2023\/10\/Dziubiel_Agnieszka_Warszawa_Mokotowska_65_podworze_za_oficyna_frontowa_detal_07-scaled.jpg\"><img loading=\"lazy\" decoding=\"async\" width=\"2560\" height=\"1488\" data-id=\"14218\" src=\"http:\/\/lapidarium.fundacja-hereditas.pl\/wp-content\/uploads\/2023\/10\/Dziubiel_Agnieszka_Warszawa_Mokotowska_65_podworze_za_oficyna_frontowa_detal_07-scaled.jpg\" alt=\"\" class=\"wp-image-14218\" srcset=\"http:\/\/lapidarium.fundacja-hereditas.pl\/wp-content\/uploads\/2023\/10\/Dziubiel_Agnieszka_Warszawa_Mokotowska_65_podworze_za_oficyna_frontowa_detal_07-scaled.jpg 2560w, http:\/\/lapidarium.fundacja-hereditas.pl\/wp-content\/uploads\/2023\/10\/Dziubiel_Agnieszka_Warszawa_Mokotowska_65_podworze_za_oficyna_frontowa_detal_07-300x174.jpg 300w, http:\/\/lapidarium.fundacja-hereditas.pl\/wp-content\/uploads\/2023\/10\/Dziubiel_Agnieszka_Warszawa_Mokotowska_65_podworze_za_oficyna_frontowa_detal_07-1024x595.jpg 1024w, http:\/\/lapidarium.fundacja-hereditas.pl\/wp-content\/uploads\/2023\/10\/Dziubiel_Agnieszka_Warszawa_Mokotowska_65_podworze_za_oficyna_frontowa_detal_07-768x446.jpg 768w, http:\/\/lapidarium.fundacja-hereditas.pl\/wp-content\/uploads\/2023\/10\/Dziubiel_Agnieszka_Warszawa_Mokotowska_65_podworze_za_oficyna_frontowa_detal_07-1536x893.jpg 1536w, http:\/\/lapidarium.fundacja-hereditas.pl\/wp-content\/uploads\/2023\/10\/Dziubiel_Agnieszka_Warszawa_Mokotowska_65_podworze_za_oficyna_frontowa_detal_07-2048x1190.jpg 2048w, http:\/\/lapidarium.fundacja-hereditas.pl\/wp-content\/uploads\/2023\/10\/Dziubiel_Agnieszka_Warszawa_Mokotowska_65_podworze_za_oficyna_frontowa_detal_07-150x87.jpg 150w, http:\/\/lapidarium.fundacja-hereditas.pl\/wp-content\/uploads\/2023\/10\/Dziubiel_Agnieszka_Warszawa_Mokotowska_65_podworze_za_oficyna_frontowa_detal_07-696x405.jpg 696w, http:\/\/lapidarium.fundacja-hereditas.pl\/wp-content\/uploads\/2023\/10\/Dziubiel_Agnieszka_Warszawa_Mokotowska_65_podworze_za_oficyna_frontowa_detal_07-1068x621.jpg 1068w, http:\/\/lapidarium.fundacja-hereditas.pl\/wp-content\/uploads\/2023\/10\/Dziubiel_Agnieszka_Warszawa_Mokotowska_65_podworze_za_oficyna_frontowa_detal_07-1920x1116.jpg 1920w\" sizes=\"auto, (max-width: 2560px) 100vw, 2560px\" \/><\/a><figcaption class=\"wp-element-caption\">Pierwsze podw\u00f3rze. Uchwyt z motywem psiej g\u0142owy. Fot. Agnieszka Dziubiel, 2023 r., \u017ar\u00f3d\u0142o: AOD IV.<\/figcaption><\/figure>\n\n\n\n<figure class=\"wp-block-image\"><a href=\"http:\/\/lapidarium.fundacja-hereditas.pl\/wp-content\/uploads\/2023\/10\/Dziubiel_Agnieszka_Warszawa_Mokotowska_65_podworze_za_oficyna_frontowa_detal_05-scaled.jpg\"><img loading=\"lazy\" decoding=\"async\" width=\"2560\" height=\"1540\" data-id=\"14217\" src=\"http:\/\/lapidarium.fundacja-hereditas.pl\/wp-content\/uploads\/2023\/10\/Dziubiel_Agnieszka_Warszawa_Mokotowska_65_podworze_za_oficyna_frontowa_detal_05-scaled.jpg\" alt=\"\" class=\"wp-image-14217\" srcset=\"http:\/\/lapidarium.fundacja-hereditas.pl\/wp-content\/uploads\/2023\/10\/Dziubiel_Agnieszka_Warszawa_Mokotowska_65_podworze_za_oficyna_frontowa_detal_05-scaled.jpg 2560w, http:\/\/lapidarium.fundacja-hereditas.pl\/wp-content\/uploads\/2023\/10\/Dziubiel_Agnieszka_Warszawa_Mokotowska_65_podworze_za_oficyna_frontowa_detal_05-300x180.jpg 300w, http:\/\/lapidarium.fundacja-hereditas.pl\/wp-content\/uploads\/2023\/10\/Dziubiel_Agnieszka_Warszawa_Mokotowska_65_podworze_za_oficyna_frontowa_detal_05-1024x616.jpg 1024w, http:\/\/lapidarium.fundacja-hereditas.pl\/wp-content\/uploads\/2023\/10\/Dziubiel_Agnieszka_Warszawa_Mokotowska_65_podworze_za_oficyna_frontowa_detal_05-768x462.jpg 768w, http:\/\/lapidarium.fundacja-hereditas.pl\/wp-content\/uploads\/2023\/10\/Dziubiel_Agnieszka_Warszawa_Mokotowska_65_podworze_za_oficyna_frontowa_detal_05-1536x924.jpg 1536w, http:\/\/lapidarium.fundacja-hereditas.pl\/wp-content\/uploads\/2023\/10\/Dziubiel_Agnieszka_Warszawa_Mokotowska_65_podworze_za_oficyna_frontowa_detal_05-2048x1232.jpg 2048w, http:\/\/lapidarium.fundacja-hereditas.pl\/wp-content\/uploads\/2023\/10\/Dziubiel_Agnieszka_Warszawa_Mokotowska_65_podworze_za_oficyna_frontowa_detal_05-150x90.jpg 150w, http:\/\/lapidarium.fundacja-hereditas.pl\/wp-content\/uploads\/2023\/10\/Dziubiel_Agnieszka_Warszawa_Mokotowska_65_podworze_za_oficyna_frontowa_detal_05-696x419.jpg 696w, http:\/\/lapidarium.fundacja-hereditas.pl\/wp-content\/uploads\/2023\/10\/Dziubiel_Agnieszka_Warszawa_Mokotowska_65_podworze_za_oficyna_frontowa_detal_05-1068x643.jpg 1068w, http:\/\/lapidarium.fundacja-hereditas.pl\/wp-content\/uploads\/2023\/10\/Dziubiel_Agnieszka_Warszawa_Mokotowska_65_podworze_za_oficyna_frontowa_detal_05-1920x1155.jpg 1920w\" sizes=\"auto, (max-width: 2560px) 100vw, 2560px\" \/><\/a><figcaption class=\"wp-element-caption\">Pierwsze podw\u00f3rze. Uchwyt z motywem psiej g\u0142owy. Fot. Agnieszka Dziubiel, 2023 r., \u017ar\u00f3d\u0142o: AOD IV.<\/figcaption><\/figure>\n\n\n\n<figure class=\"wp-block-image\"><a href=\"http:\/\/lapidarium.fundacja-hereditas.pl\/wp-content\/uploads\/2023\/10\/I_Otrebska_Mokotowska_65_oficyna_klatka_schodowa-77-scaled.jpg\"><img loading=\"lazy\" decoding=\"async\" width=\"1672\" height=\"2560\" data-id=\"14260\" src=\"http:\/\/lapidarium.fundacja-hereditas.pl\/wp-content\/uploads\/2023\/10\/I_Otrebska_Mokotowska_65_oficyna_klatka_schodowa-77-scaled.jpg\" alt=\"\" class=\"wp-image-14260\" srcset=\"http:\/\/lapidarium.fundacja-hereditas.pl\/wp-content\/uploads\/2023\/10\/I_Otrebska_Mokotowska_65_oficyna_klatka_schodowa-77-scaled.jpg 1672w, http:\/\/lapidarium.fundacja-hereditas.pl\/wp-content\/uploads\/2023\/10\/I_Otrebska_Mokotowska_65_oficyna_klatka_schodowa-77-196x300.jpg 196w, http:\/\/lapidarium.fundacja-hereditas.pl\/wp-content\/uploads\/2023\/10\/I_Otrebska_Mokotowska_65_oficyna_klatka_schodowa-77-669x1024.jpg 669w, http:\/\/lapidarium.fundacja-hereditas.pl\/wp-content\/uploads\/2023\/10\/I_Otrebska_Mokotowska_65_oficyna_klatka_schodowa-77-768x1176.jpg 768w, http:\/\/lapidarium.fundacja-hereditas.pl\/wp-content\/uploads\/2023\/10\/I_Otrebska_Mokotowska_65_oficyna_klatka_schodowa-77-1003x1536.jpg 1003w, http:\/\/lapidarium.fundacja-hereditas.pl\/wp-content\/uploads\/2023\/10\/I_Otrebska_Mokotowska_65_oficyna_klatka_schodowa-77-1337x2048.jpg 1337w, http:\/\/lapidarium.fundacja-hereditas.pl\/wp-content\/uploads\/2023\/10\/I_Otrebska_Mokotowska_65_oficyna_klatka_schodowa-77-150x230.jpg 150w, http:\/\/lapidarium.fundacja-hereditas.pl\/wp-content\/uploads\/2023\/10\/I_Otrebska_Mokotowska_65_oficyna_klatka_schodowa-77-300x459.jpg 300w, http:\/\/lapidarium.fundacja-hereditas.pl\/wp-content\/uploads\/2023\/10\/I_Otrebska_Mokotowska_65_oficyna_klatka_schodowa-77-696x1066.jpg 696w, http:\/\/lapidarium.fundacja-hereditas.pl\/wp-content\/uploads\/2023\/10\/I_Otrebska_Mokotowska_65_oficyna_klatka_schodowa-77-1068x1636.jpg 1068w, http:\/\/lapidarium.fundacja-hereditas.pl\/wp-content\/uploads\/2023\/10\/I_Otrebska_Mokotowska_65_oficyna_klatka_schodowa-77-1920x2940.jpg 1920w\" sizes=\"auto, (max-width: 1672px) 100vw, 1672px\" \/><\/a><figcaption class=\"wp-element-caption\">Pierwsze podw\u00f3rze. Oficyna p\u00f3\u0142nocna. Klatka schodowa. Drzwi wej\u015bciowe od wewn\u0105trz. Fot. Iwona Otr\u0119bska, 2023 r., \u017ar\u00f3d\u0142o: AOD IV.<\/figcaption><\/figure>\n\n\n\n<figure class=\"wp-block-image\"><a href=\"http:\/\/lapidarium.fundacja-hereditas.pl\/wp-content\/uploads\/2023\/10\/I_Otrebska_Mokotowska_65_oficyna_klatka_schodowa-81-scaled.jpg\"><img loading=\"lazy\" decoding=\"async\" width=\"1734\" height=\"2560\" data-id=\"14264\" src=\"http:\/\/lapidarium.fundacja-hereditas.pl\/wp-content\/uploads\/2023\/10\/I_Otrebska_Mokotowska_65_oficyna_klatka_schodowa-81-scaled.jpg\" alt=\"\" class=\"wp-image-14264\" srcset=\"http:\/\/lapidarium.fundacja-hereditas.pl\/wp-content\/uploads\/2023\/10\/I_Otrebska_Mokotowska_65_oficyna_klatka_schodowa-81-scaled.jpg 1734w, http:\/\/lapidarium.fundacja-hereditas.pl\/wp-content\/uploads\/2023\/10\/I_Otrebska_Mokotowska_65_oficyna_klatka_schodowa-81-203x300.jpg 203w, http:\/\/lapidarium.fundacja-hereditas.pl\/wp-content\/uploads\/2023\/10\/I_Otrebska_Mokotowska_65_oficyna_klatka_schodowa-81-694x1024.jpg 694w, http:\/\/lapidarium.fundacja-hereditas.pl\/wp-content\/uploads\/2023\/10\/I_Otrebska_Mokotowska_65_oficyna_klatka_schodowa-81-768x1134.jpg 768w, http:\/\/lapidarium.fundacja-hereditas.pl\/wp-content\/uploads\/2023\/10\/I_Otrebska_Mokotowska_65_oficyna_klatka_schodowa-81-1041x1536.jpg 1041w, http:\/\/lapidarium.fundacja-hereditas.pl\/wp-content\/uploads\/2023\/10\/I_Otrebska_Mokotowska_65_oficyna_klatka_schodowa-81-1387x2048.jpg 1387w, http:\/\/lapidarium.fundacja-hereditas.pl\/wp-content\/uploads\/2023\/10\/I_Otrebska_Mokotowska_65_oficyna_klatka_schodowa-81-150x221.jpg 150w, http:\/\/lapidarium.fundacja-hereditas.pl\/wp-content\/uploads\/2023\/10\/I_Otrebska_Mokotowska_65_oficyna_klatka_schodowa-81-300x443.jpg 300w, http:\/\/lapidarium.fundacja-hereditas.pl\/wp-content\/uploads\/2023\/10\/I_Otrebska_Mokotowska_65_oficyna_klatka_schodowa-81-696x1027.jpg 696w, http:\/\/lapidarium.fundacja-hereditas.pl\/wp-content\/uploads\/2023\/10\/I_Otrebska_Mokotowska_65_oficyna_klatka_schodowa-81-1068x1576.jpg 1068w, http:\/\/lapidarium.fundacja-hereditas.pl\/wp-content\/uploads\/2023\/10\/I_Otrebska_Mokotowska_65_oficyna_klatka_schodowa-81-1920x2834.jpg 1920w\" sizes=\"auto, (max-width: 1734px) 100vw, 1734px\" \/><\/a><figcaption class=\"wp-element-caption\">Pierwsze podw\u00f3rze. Oficyna p\u00f3\u0142nocna. Klatka schodowa. Parter &#8211; pocz\u0105tek schod\u00f3w. Fot. Iwona Otr\u0119bska, 2023 r., \u017ar\u00f3d\u0142o: AOD IV.<\/figcaption><\/figure>\n\n\n\n<figure class=\"wp-block-image\"><a href=\"http:\/\/lapidarium.fundacja-hereditas.pl\/wp-content\/uploads\/2023\/10\/I_Otrebska_Mokotowska_65_oficyna_klatka_schodowa-79-scaled.jpg\"><img loading=\"lazy\" decoding=\"async\" width=\"1726\" height=\"2560\" data-id=\"14262\" src=\"http:\/\/lapidarium.fundacja-hereditas.pl\/wp-content\/uploads\/2023\/10\/I_Otrebska_Mokotowska_65_oficyna_klatka_schodowa-79-scaled.jpg\" alt=\"\" class=\"wp-image-14262\" srcset=\"http:\/\/lapidarium.fundacja-hereditas.pl\/wp-content\/uploads\/2023\/10\/I_Otrebska_Mokotowska_65_oficyna_klatka_schodowa-79-scaled.jpg 1726w, http:\/\/lapidarium.fundacja-hereditas.pl\/wp-content\/uploads\/2023\/10\/I_Otrebska_Mokotowska_65_oficyna_klatka_schodowa-79-202x300.jpg 202w, http:\/\/lapidarium.fundacja-hereditas.pl\/wp-content\/uploads\/2023\/10\/I_Otrebska_Mokotowska_65_oficyna_klatka_schodowa-79-690x1024.jpg 690w, http:\/\/lapidarium.fundacja-hereditas.pl\/wp-content\/uploads\/2023\/10\/I_Otrebska_Mokotowska_65_oficyna_klatka_schodowa-79-768x1139.jpg 768w, http:\/\/lapidarium.fundacja-hereditas.pl\/wp-content\/uploads\/2023\/10\/I_Otrebska_Mokotowska_65_oficyna_klatka_schodowa-79-1035x1536.jpg 1035w, http:\/\/lapidarium.fundacja-hereditas.pl\/wp-content\/uploads\/2023\/10\/I_Otrebska_Mokotowska_65_oficyna_klatka_schodowa-79-1380x2048.jpg 1380w, http:\/\/lapidarium.fundacja-hereditas.pl\/wp-content\/uploads\/2023\/10\/I_Otrebska_Mokotowska_65_oficyna_klatka_schodowa-79-150x223.jpg 150w, http:\/\/lapidarium.fundacja-hereditas.pl\/wp-content\/uploads\/2023\/10\/I_Otrebska_Mokotowska_65_oficyna_klatka_schodowa-79-300x445.jpg 300w, http:\/\/lapidarium.fundacja-hereditas.pl\/wp-content\/uploads\/2023\/10\/I_Otrebska_Mokotowska_65_oficyna_klatka_schodowa-79-696x1033.jpg 696w, http:\/\/lapidarium.fundacja-hereditas.pl\/wp-content\/uploads\/2023\/10\/I_Otrebska_Mokotowska_65_oficyna_klatka_schodowa-79-1068x1584.jpg 1068w, http:\/\/lapidarium.fundacja-hereditas.pl\/wp-content\/uploads\/2023\/10\/I_Otrebska_Mokotowska_65_oficyna_klatka_schodowa-79-1920x2848.jpg 1920w\" sizes=\"auto, (max-width: 1726px) 100vw, 1726px\" \/><\/a><figcaption class=\"wp-element-caption\">Pierwsze podw\u00f3rze. Oficyna p\u00f3\u0142nocna. Klatka schodowa. Zakr\u0119t balustrady na spoczniku. Fot. Iwona Otr\u0119bska, 2023 r., \u017ar\u00f3d\u0142o: AOD IV.<\/figcaption><\/figure>\n\n\n\n<figure class=\"wp-block-image\"><a href=\"http:\/\/lapidarium.fundacja-hereditas.pl\/wp-content\/uploads\/2023\/10\/I_Otrebska_Mokotowska_65_oficyna_klatka_schodowa-78-scaled.jpg\"><img loading=\"lazy\" decoding=\"async\" width=\"1720\" height=\"2560\" data-id=\"14261\" src=\"http:\/\/lapidarium.fundacja-hereditas.pl\/wp-content\/uploads\/2023\/10\/I_Otrebska_Mokotowska_65_oficyna_klatka_schodowa-78-scaled.jpg\" alt=\"\" class=\"wp-image-14261\" srcset=\"http:\/\/lapidarium.fundacja-hereditas.pl\/wp-content\/uploads\/2023\/10\/I_Otrebska_Mokotowska_65_oficyna_klatka_schodowa-78-scaled.jpg 1720w, http:\/\/lapidarium.fundacja-hereditas.pl\/wp-content\/uploads\/2023\/10\/I_Otrebska_Mokotowska_65_oficyna_klatka_schodowa-78-202x300.jpg 202w, http:\/\/lapidarium.fundacja-hereditas.pl\/wp-content\/uploads\/2023\/10\/I_Otrebska_Mokotowska_65_oficyna_klatka_schodowa-78-688x1024.jpg 688w, http:\/\/lapidarium.fundacja-hereditas.pl\/wp-content\/uploads\/2023\/10\/I_Otrebska_Mokotowska_65_oficyna_klatka_schodowa-78-768x1143.jpg 768w, http:\/\/lapidarium.fundacja-hereditas.pl\/wp-content\/uploads\/2023\/10\/I_Otrebska_Mokotowska_65_oficyna_klatka_schodowa-78-1032x1536.jpg 1032w, http:\/\/lapidarium.fundacja-hereditas.pl\/wp-content\/uploads\/2023\/10\/I_Otrebska_Mokotowska_65_oficyna_klatka_schodowa-78-1376x2048.jpg 1376w, http:\/\/lapidarium.fundacja-hereditas.pl\/wp-content\/uploads\/2023\/10\/I_Otrebska_Mokotowska_65_oficyna_klatka_schodowa-78-150x223.jpg 150w, http:\/\/lapidarium.fundacja-hereditas.pl\/wp-content\/uploads\/2023\/10\/I_Otrebska_Mokotowska_65_oficyna_klatka_schodowa-78-300x447.jpg 300w, http:\/\/lapidarium.fundacja-hereditas.pl\/wp-content\/uploads\/2023\/10\/I_Otrebska_Mokotowska_65_oficyna_klatka_schodowa-78-696x1036.jpg 696w, http:\/\/lapidarium.fundacja-hereditas.pl\/wp-content\/uploads\/2023\/10\/I_Otrebska_Mokotowska_65_oficyna_klatka_schodowa-78-1068x1590.jpg 1068w, http:\/\/lapidarium.fundacja-hereditas.pl\/wp-content\/uploads\/2023\/10\/I_Otrebska_Mokotowska_65_oficyna_klatka_schodowa-78-1920x2858.jpg 1920w\" sizes=\"auto, (max-width: 1720px) 100vw, 1720px\" \/><\/a><figcaption class=\"wp-element-caption\">Pierwsze podw\u00f3rze. Oficyna p\u00f3\u0142nocna. Klatka schodowa. Zakr\u0119t balustrady na spoczniku. Fot. Iwona Otr\u0119bska, 2023 r., \u017ar\u00f3d\u0142o: AOD IV.<\/figcaption><\/figure>\n\n\n\n<figure class=\"wp-block-image\"><a href=\"http:\/\/lapidarium.fundacja-hereditas.pl\/wp-content\/uploads\/2023\/10\/I_Otrebska_Mokotowska_65_oficyna_klatka_schodowa-80-scaled.jpg\"><img loading=\"lazy\" decoding=\"async\" width=\"2560\" height=\"1724\" data-id=\"14263\" src=\"http:\/\/lapidarium.fundacja-hereditas.pl\/wp-content\/uploads\/2023\/10\/I_Otrebska_Mokotowska_65_oficyna_klatka_schodowa-80-scaled.jpg\" alt=\"\" class=\"wp-image-14263\" srcset=\"http:\/\/lapidarium.fundacja-hereditas.pl\/wp-content\/uploads\/2023\/10\/I_Otrebska_Mokotowska_65_oficyna_klatka_schodowa-80-scaled.jpg 2560w, http:\/\/lapidarium.fundacja-hereditas.pl\/wp-content\/uploads\/2023\/10\/I_Otrebska_Mokotowska_65_oficyna_klatka_schodowa-80-300x202.jpg 300w, http:\/\/lapidarium.fundacja-hereditas.pl\/wp-content\/uploads\/2023\/10\/I_Otrebska_Mokotowska_65_oficyna_klatka_schodowa-80-1024x690.jpg 1024w, http:\/\/lapidarium.fundacja-hereditas.pl\/wp-content\/uploads\/2023\/10\/I_Otrebska_Mokotowska_65_oficyna_klatka_schodowa-80-768x517.jpg 768w, http:\/\/lapidarium.fundacja-hereditas.pl\/wp-content\/uploads\/2023\/10\/I_Otrebska_Mokotowska_65_oficyna_klatka_schodowa-80-1536x1035.jpg 1536w, http:\/\/lapidarium.fundacja-hereditas.pl\/wp-content\/uploads\/2023\/10\/I_Otrebska_Mokotowska_65_oficyna_klatka_schodowa-80-2048x1379.jpg 2048w, http:\/\/lapidarium.fundacja-hereditas.pl\/wp-content\/uploads\/2023\/10\/I_Otrebska_Mokotowska_65_oficyna_klatka_schodowa-80-150x101.jpg 150w, http:\/\/lapidarium.fundacja-hereditas.pl\/wp-content\/uploads\/2023\/10\/I_Otrebska_Mokotowska_65_oficyna_klatka_schodowa-80-696x469.jpg 696w, http:\/\/lapidarium.fundacja-hereditas.pl\/wp-content\/uploads\/2023\/10\/I_Otrebska_Mokotowska_65_oficyna_klatka_schodowa-80-1068x719.jpg 1068w, http:\/\/lapidarium.fundacja-hereditas.pl\/wp-content\/uploads\/2023\/10\/I_Otrebska_Mokotowska_65_oficyna_klatka_schodowa-80-1920x1293.jpg 1920w\" sizes=\"auto, (max-width: 2560px) 100vw, 2560px\" \/><\/a><figcaption class=\"wp-element-caption\">Pierwsze podw\u00f3rze. Oficyna p\u00f3\u0142nocna. Klatka schodowa. Balustrada &#8211; tralki pierwotne i wt\u00f3rne. Fot. Iwona Otr\u0119bska, 2023 r., \u017ar\u00f3d\u0142o: AOD IV.<\/figcaption><\/figure>\n\n\n\n<figure class=\"wp-block-image\"><a href=\"http:\/\/lapidarium.fundacja-hereditas.pl\/wp-content\/uploads\/2023\/10\/Dziubiel_Agnieszka_Warszawa_Mokotowska_65_oficyna_boczna_klatka_schodowa_nr_2_wejscie_03-scaled.jpg\"><img loading=\"lazy\" decoding=\"async\" width=\"1448\" height=\"2560\" data-id=\"14177\" src=\"http:\/\/lapidarium.fundacja-hereditas.pl\/wp-content\/uploads\/2023\/10\/Dziubiel_Agnieszka_Warszawa_Mokotowska_65_oficyna_boczna_klatka_schodowa_nr_2_wejscie_03-scaled.jpg\" alt=\"\" class=\"wp-image-14177\" srcset=\"http:\/\/lapidarium.fundacja-hereditas.pl\/wp-content\/uploads\/2023\/10\/Dziubiel_Agnieszka_Warszawa_Mokotowska_65_oficyna_boczna_klatka_schodowa_nr_2_wejscie_03-scaled.jpg 1448w, http:\/\/lapidarium.fundacja-hereditas.pl\/wp-content\/uploads\/2023\/10\/Dziubiel_Agnieszka_Warszawa_Mokotowska_65_oficyna_boczna_klatka_schodowa_nr_2_wejscie_03-170x300.jpg 170w, http:\/\/lapidarium.fundacja-hereditas.pl\/wp-content\/uploads\/2023\/10\/Dziubiel_Agnieszka_Warszawa_Mokotowska_65_oficyna_boczna_klatka_schodowa_nr_2_wejscie_03-579x1024.jpg 579w, http:\/\/lapidarium.fundacja-hereditas.pl\/wp-content\/uploads\/2023\/10\/Dziubiel_Agnieszka_Warszawa_Mokotowska_65_oficyna_boczna_klatka_schodowa_nr_2_wejscie_03-768x1357.jpg 768w, http:\/\/lapidarium.fundacja-hereditas.pl\/wp-content\/uploads\/2023\/10\/Dziubiel_Agnieszka_Warszawa_Mokotowska_65_oficyna_boczna_klatka_schodowa_nr_2_wejscie_03-869x1536.jpg 869w, http:\/\/lapidarium.fundacja-hereditas.pl\/wp-content\/uploads\/2023\/10\/Dziubiel_Agnieszka_Warszawa_Mokotowska_65_oficyna_boczna_klatka_schodowa_nr_2_wejscie_03-1159x2048.jpg 1159w, http:\/\/lapidarium.fundacja-hereditas.pl\/wp-content\/uploads\/2023\/10\/Dziubiel_Agnieszka_Warszawa_Mokotowska_65_oficyna_boczna_klatka_schodowa_nr_2_wejscie_03-150x265.jpg 150w, http:\/\/lapidarium.fundacja-hereditas.pl\/wp-content\/uploads\/2023\/10\/Dziubiel_Agnieszka_Warszawa_Mokotowska_65_oficyna_boczna_klatka_schodowa_nr_2_wejscie_03-300x530.jpg 300w, http:\/\/lapidarium.fundacja-hereditas.pl\/wp-content\/uploads\/2023\/10\/Dziubiel_Agnieszka_Warszawa_Mokotowska_65_oficyna_boczna_klatka_schodowa_nr_2_wejscie_03-696x1230.jpg 696w, http:\/\/lapidarium.fundacja-hereditas.pl\/wp-content\/uploads\/2023\/10\/Dziubiel_Agnieszka_Warszawa_Mokotowska_65_oficyna_boczna_klatka_schodowa_nr_2_wejscie_03-1068x1888.jpg 1068w, http:\/\/lapidarium.fundacja-hereditas.pl\/wp-content\/uploads\/2023\/10\/Dziubiel_Agnieszka_Warszawa_Mokotowska_65_oficyna_boczna_klatka_schodowa_nr_2_wejscie_03-1920x3393.jpg 1920w\" sizes=\"auto, (max-width: 1448px) 100vw, 1448px\" \/><\/a><figcaption class=\"wp-element-caption\">Pierwsze podw\u00f3rze. Oficyna po\u0142udniowa. Parter. Wej\u015bcie na klatk\u0119 schodow\u0105. Fot. Agnieszka Dziubiel, 2023 r., \u017ar\u00f3d\u0142o: AOD IV.<\/figcaption><\/figure>\n\n\n\n<figure class=\"wp-block-image\"><a href=\"http:\/\/lapidarium.fundacja-hereditas.pl\/wp-content\/uploads\/2023\/10\/I_Otrebska_Mokotowska_65_oficyna_klatka_schodowa-55-scaled.jpg\"><img loading=\"lazy\" decoding=\"async\" width=\"1723\" height=\"2560\" data-id=\"14247\" src=\"http:\/\/lapidarium.fundacja-hereditas.pl\/wp-content\/uploads\/2023\/10\/I_Otrebska_Mokotowska_65_oficyna_klatka_schodowa-55-scaled.jpg\" alt=\"\" class=\"wp-image-14247\" srcset=\"http:\/\/lapidarium.fundacja-hereditas.pl\/wp-content\/uploads\/2023\/10\/I_Otrebska_Mokotowska_65_oficyna_klatka_schodowa-55-scaled.jpg 1723w, http:\/\/lapidarium.fundacja-hereditas.pl\/wp-content\/uploads\/2023\/10\/I_Otrebska_Mokotowska_65_oficyna_klatka_schodowa-55-202x300.jpg 202w, http:\/\/lapidarium.fundacja-hereditas.pl\/wp-content\/uploads\/2023\/10\/I_Otrebska_Mokotowska_65_oficyna_klatka_schodowa-55-689x1024.jpg 689w, http:\/\/lapidarium.fundacja-hereditas.pl\/wp-content\/uploads\/2023\/10\/I_Otrebska_Mokotowska_65_oficyna_klatka_schodowa-55-768x1141.jpg 768w, http:\/\/lapidarium.fundacja-hereditas.pl\/wp-content\/uploads\/2023\/10\/I_Otrebska_Mokotowska_65_oficyna_klatka_schodowa-55-1034x1536.jpg 1034w, http:\/\/lapidarium.fundacja-hereditas.pl\/wp-content\/uploads\/2023\/10\/I_Otrebska_Mokotowska_65_oficyna_klatka_schodowa-55-1378x2048.jpg 1378w, http:\/\/lapidarium.fundacja-hereditas.pl\/wp-content\/uploads\/2023\/10\/I_Otrebska_Mokotowska_65_oficyna_klatka_schodowa-55-150x223.jpg 150w, http:\/\/lapidarium.fundacja-hereditas.pl\/wp-content\/uploads\/2023\/10\/I_Otrebska_Mokotowska_65_oficyna_klatka_schodowa-55-300x446.jpg 300w, http:\/\/lapidarium.fundacja-hereditas.pl\/wp-content\/uploads\/2023\/10\/I_Otrebska_Mokotowska_65_oficyna_klatka_schodowa-55-696x1034.jpg 696w, http:\/\/lapidarium.fundacja-hereditas.pl\/wp-content\/uploads\/2023\/10\/I_Otrebska_Mokotowska_65_oficyna_klatka_schodowa-55-1068x1587.jpg 1068w, http:\/\/lapidarium.fundacja-hereditas.pl\/wp-content\/uploads\/2023\/10\/I_Otrebska_Mokotowska_65_oficyna_klatka_schodowa-55-1920x2853.jpg 1920w\" sizes=\"auto, (max-width: 1723px) 100vw, 1723px\" \/><\/a><figcaption class=\"wp-element-caption\">Pierwsze podw\u00f3rze. Oficyna po\u0142udniowa. Klatka schodowa &#8211; wej\u015bcie do piwnicy. Fot. Iwona Otr\u0119bska, 2023 r., \u017ar\u00f3d\u0142o: AOD IV.<\/figcaption><\/figure>\n\n\n\n<figure class=\"wp-block-image\"><a href=\"http:\/\/lapidarium.fundacja-hereditas.pl\/wp-content\/uploads\/2023\/10\/I_Otrebska_Mokotowska_65_oficyna_klatka_schodowa-57-scaled.jpg\"><img loading=\"lazy\" decoding=\"async\" width=\"1726\" height=\"2560\" data-id=\"14249\" src=\"http:\/\/lapidarium.fundacja-hereditas.pl\/wp-content\/uploads\/2023\/10\/I_Otrebska_Mokotowska_65_oficyna_klatka_schodowa-57-scaled.jpg\" alt=\"\" class=\"wp-image-14249\" srcset=\"http:\/\/lapidarium.fundacja-hereditas.pl\/wp-content\/uploads\/2023\/10\/I_Otrebska_Mokotowska_65_oficyna_klatka_schodowa-57-scaled.jpg 1726w, http:\/\/lapidarium.fundacja-hereditas.pl\/wp-content\/uploads\/2023\/10\/I_Otrebska_Mokotowska_65_oficyna_klatka_schodowa-57-202x300.jpg 202w, http:\/\/lapidarium.fundacja-hereditas.pl\/wp-content\/uploads\/2023\/10\/I_Otrebska_Mokotowska_65_oficyna_klatka_schodowa-57-690x1024.jpg 690w, http:\/\/lapidarium.fundacja-hereditas.pl\/wp-content\/uploads\/2023\/10\/I_Otrebska_Mokotowska_65_oficyna_klatka_schodowa-57-768x1139.jpg 768w, http:\/\/lapidarium.fundacja-hereditas.pl\/wp-content\/uploads\/2023\/10\/I_Otrebska_Mokotowska_65_oficyna_klatka_schodowa-57-1035x1536.jpg 1035w, http:\/\/lapidarium.fundacja-hereditas.pl\/wp-content\/uploads\/2023\/10\/I_Otrebska_Mokotowska_65_oficyna_klatka_schodowa-57-1380x2048.jpg 1380w, http:\/\/lapidarium.fundacja-hereditas.pl\/wp-content\/uploads\/2023\/10\/I_Otrebska_Mokotowska_65_oficyna_klatka_schodowa-57-150x223.jpg 150w, http:\/\/lapidarium.fundacja-hereditas.pl\/wp-content\/uploads\/2023\/10\/I_Otrebska_Mokotowska_65_oficyna_klatka_schodowa-57-300x445.jpg 300w, http:\/\/lapidarium.fundacja-hereditas.pl\/wp-content\/uploads\/2023\/10\/I_Otrebska_Mokotowska_65_oficyna_klatka_schodowa-57-696x1033.jpg 696w, http:\/\/lapidarium.fundacja-hereditas.pl\/wp-content\/uploads\/2023\/10\/I_Otrebska_Mokotowska_65_oficyna_klatka_schodowa-57-1068x1584.jpg 1068w, http:\/\/lapidarium.fundacja-hereditas.pl\/wp-content\/uploads\/2023\/10\/I_Otrebska_Mokotowska_65_oficyna_klatka_schodowa-57-1920x2848.jpg 1920w\" sizes=\"auto, (max-width: 1726px) 100vw, 1726px\" \/><\/a><figcaption class=\"wp-element-caption\">Pierwsze podw\u00f3rze. Oficyna po\u0142udniowa. Klatka schodowa &#8211; wej\u015bcie do piwnicy. Fot. Iwona Otr\u0119bska, 2023 r., \u017ar\u00f3d\u0142o: AOD IV.<\/figcaption><\/figure>\n\n\n\n<figure class=\"wp-block-image\"><a href=\"http:\/\/lapidarium.fundacja-hereditas.pl\/wp-content\/uploads\/2023\/10\/I_Otrebska_Mokotowska_65_oficyna_klatka_schodowa-56-scaled.jpg\"><img loading=\"lazy\" decoding=\"async\" width=\"1731\" height=\"2560\" data-id=\"14248\" src=\"http:\/\/lapidarium.fundacja-hereditas.pl\/wp-content\/uploads\/2023\/10\/I_Otrebska_Mokotowska_65_oficyna_klatka_schodowa-56-scaled.jpg\" alt=\"\" class=\"wp-image-14248\" srcset=\"http:\/\/lapidarium.fundacja-hereditas.pl\/wp-content\/uploads\/2023\/10\/I_Otrebska_Mokotowska_65_oficyna_klatka_schodowa-56-scaled.jpg 1731w, http:\/\/lapidarium.fundacja-hereditas.pl\/wp-content\/uploads\/2023\/10\/I_Otrebska_Mokotowska_65_oficyna_klatka_schodowa-56-203x300.jpg 203w, http:\/\/lapidarium.fundacja-hereditas.pl\/wp-content\/uploads\/2023\/10\/I_Otrebska_Mokotowska_65_oficyna_klatka_schodowa-56-693x1024.jpg 693w, http:\/\/lapidarium.fundacja-hereditas.pl\/wp-content\/uploads\/2023\/10\/I_Otrebska_Mokotowska_65_oficyna_klatka_schodowa-56-768x1136.jpg 768w, http:\/\/lapidarium.fundacja-hereditas.pl\/wp-content\/uploads\/2023\/10\/I_Otrebska_Mokotowska_65_oficyna_klatka_schodowa-56-1039x1536.jpg 1039w, http:\/\/lapidarium.fundacja-hereditas.pl\/wp-content\/uploads\/2023\/10\/I_Otrebska_Mokotowska_65_oficyna_klatka_schodowa-56-1385x2048.jpg 1385w, http:\/\/lapidarium.fundacja-hereditas.pl\/wp-content\/uploads\/2023\/10\/I_Otrebska_Mokotowska_65_oficyna_klatka_schodowa-56-150x222.jpg 150w, http:\/\/lapidarium.fundacja-hereditas.pl\/wp-content\/uploads\/2023\/10\/I_Otrebska_Mokotowska_65_oficyna_klatka_schodowa-56-300x444.jpg 300w, http:\/\/lapidarium.fundacja-hereditas.pl\/wp-content\/uploads\/2023\/10\/I_Otrebska_Mokotowska_65_oficyna_klatka_schodowa-56-696x1029.jpg 696w, http:\/\/lapidarium.fundacja-hereditas.pl\/wp-content\/uploads\/2023\/10\/I_Otrebska_Mokotowska_65_oficyna_klatka_schodowa-56-1068x1579.jpg 1068w, http:\/\/lapidarium.fundacja-hereditas.pl\/wp-content\/uploads\/2023\/10\/I_Otrebska_Mokotowska_65_oficyna_klatka_schodowa-56-1920x2839.jpg 1920w\" sizes=\"auto, (max-width: 1731px) 100vw, 1731px\" \/><\/a><figcaption class=\"wp-element-caption\">Pierwsze podw\u00f3rze. Oficyna po\u0142udniowa. Klatka schodowa. Schody na parter. Fot. Iwona Otr\u0119bska, 2023 r., \u017ar\u00f3d\u0142o: AOD IV.<\/figcaption><\/figure>\n\n\n\n<figure class=\"wp-block-image\"><a href=\"http:\/\/lapidarium.fundacja-hereditas.pl\/wp-content\/uploads\/2023\/10\/Dziubiel_Agnieszka_Warszawa_Mokotowska_65_oficyna_boczna_klatka_schodowa_nr_2_02-scaled.jpg\"><img loading=\"lazy\" decoding=\"async\" width=\"1446\" height=\"2560\" data-id=\"14172\" src=\"http:\/\/lapidarium.fundacja-hereditas.pl\/wp-content\/uploads\/2023\/10\/Dziubiel_Agnieszka_Warszawa_Mokotowska_65_oficyna_boczna_klatka_schodowa_nr_2_02-scaled.jpg\" alt=\"\" class=\"wp-image-14172\" srcset=\"http:\/\/lapidarium.fundacja-hereditas.pl\/wp-content\/uploads\/2023\/10\/Dziubiel_Agnieszka_Warszawa_Mokotowska_65_oficyna_boczna_klatka_schodowa_nr_2_02-scaled.jpg 1446w, http:\/\/lapidarium.fundacja-hereditas.pl\/wp-content\/uploads\/2023\/10\/Dziubiel_Agnieszka_Warszawa_Mokotowska_65_oficyna_boczna_klatka_schodowa_nr_2_02-169x300.jpg 169w, http:\/\/lapidarium.fundacja-hereditas.pl\/wp-content\/uploads\/2023\/10\/Dziubiel_Agnieszka_Warszawa_Mokotowska_65_oficyna_boczna_klatka_schodowa_nr_2_02-578x1024.jpg 578w, http:\/\/lapidarium.fundacja-hereditas.pl\/wp-content\/uploads\/2023\/10\/Dziubiel_Agnieszka_Warszawa_Mokotowska_65_oficyna_boczna_klatka_schodowa_nr_2_02-768x1360.jpg 768w, http:\/\/lapidarium.fundacja-hereditas.pl\/wp-content\/uploads\/2023\/10\/Dziubiel_Agnieszka_Warszawa_Mokotowska_65_oficyna_boczna_klatka_schodowa_nr_2_02-868x1536.jpg 868w, http:\/\/lapidarium.fundacja-hereditas.pl\/wp-content\/uploads\/2023\/10\/Dziubiel_Agnieszka_Warszawa_Mokotowska_65_oficyna_boczna_klatka_schodowa_nr_2_02-1157x2048.jpg 1157w, http:\/\/lapidarium.fundacja-hereditas.pl\/wp-content\/uploads\/2023\/10\/Dziubiel_Agnieszka_Warszawa_Mokotowska_65_oficyna_boczna_klatka_schodowa_nr_2_02-150x266.jpg 150w, http:\/\/lapidarium.fundacja-hereditas.pl\/wp-content\/uploads\/2023\/10\/Dziubiel_Agnieszka_Warszawa_Mokotowska_65_oficyna_boczna_klatka_schodowa_nr_2_02-300x531.jpg 300w, http:\/\/lapidarium.fundacja-hereditas.pl\/wp-content\/uploads\/2023\/10\/Dziubiel_Agnieszka_Warszawa_Mokotowska_65_oficyna_boczna_klatka_schodowa_nr_2_02-696x1232.jpg 696w, http:\/\/lapidarium.fundacja-hereditas.pl\/wp-content\/uploads\/2023\/10\/Dziubiel_Agnieszka_Warszawa_Mokotowska_65_oficyna_boczna_klatka_schodowa_nr_2_02-1068x1891.jpg 1068w, http:\/\/lapidarium.fundacja-hereditas.pl\/wp-content\/uploads\/2023\/10\/Dziubiel_Agnieszka_Warszawa_Mokotowska_65_oficyna_boczna_klatka_schodowa_nr_2_02-1920x3399.jpg 1920w\" sizes=\"auto, (max-width: 1446px) 100vw, 1446px\" \/><\/a><figcaption class=\"wp-element-caption\">Pierwsze podw\u00f3rze. Oficyna po\u0142udniowa. Klatka schodowa. Pocz\u0105tek balustrady. Fot. Agnieszka Dziubiel, 2023 r., \u017ar\u00f3d\u0142o: AOD IV.<\/figcaption><\/figure>\n\n\n\n<figure class=\"wp-block-image\"><a href=\"http:\/\/lapidarium.fundacja-hereditas.pl\/wp-content\/uploads\/2023\/10\/I_Otrebska_Mokotowska_65_oficyna_klatka_schodowa-60-scaled.jpg\"><img loading=\"lazy\" decoding=\"async\" width=\"1726\" height=\"2560\" data-id=\"14252\" src=\"http:\/\/lapidarium.fundacja-hereditas.pl\/wp-content\/uploads\/2023\/10\/I_Otrebska_Mokotowska_65_oficyna_klatka_schodowa-60-scaled.jpg\" alt=\"\" class=\"wp-image-14252\" srcset=\"http:\/\/lapidarium.fundacja-hereditas.pl\/wp-content\/uploads\/2023\/10\/I_Otrebska_Mokotowska_65_oficyna_klatka_schodowa-60-scaled.jpg 1726w, http:\/\/lapidarium.fundacja-hereditas.pl\/wp-content\/uploads\/2023\/10\/I_Otrebska_Mokotowska_65_oficyna_klatka_schodowa-60-202x300.jpg 202w, http:\/\/lapidarium.fundacja-hereditas.pl\/wp-content\/uploads\/2023\/10\/I_Otrebska_Mokotowska_65_oficyna_klatka_schodowa-60-690x1024.jpg 690w, http:\/\/lapidarium.fundacja-hereditas.pl\/wp-content\/uploads\/2023\/10\/I_Otrebska_Mokotowska_65_oficyna_klatka_schodowa-60-768x1139.jpg 768w, http:\/\/lapidarium.fundacja-hereditas.pl\/wp-content\/uploads\/2023\/10\/I_Otrebska_Mokotowska_65_oficyna_klatka_schodowa-60-1035x1536.jpg 1035w, http:\/\/lapidarium.fundacja-hereditas.pl\/wp-content\/uploads\/2023\/10\/I_Otrebska_Mokotowska_65_oficyna_klatka_schodowa-60-1380x2048.jpg 1380w, http:\/\/lapidarium.fundacja-hereditas.pl\/wp-content\/uploads\/2023\/10\/I_Otrebska_Mokotowska_65_oficyna_klatka_schodowa-60-150x223.jpg 150w, http:\/\/lapidarium.fundacja-hereditas.pl\/wp-content\/uploads\/2023\/10\/I_Otrebska_Mokotowska_65_oficyna_klatka_schodowa-60-300x445.jpg 300w, http:\/\/lapidarium.fundacja-hereditas.pl\/wp-content\/uploads\/2023\/10\/I_Otrebska_Mokotowska_65_oficyna_klatka_schodowa-60-696x1033.jpg 696w, http:\/\/lapidarium.fundacja-hereditas.pl\/wp-content\/uploads\/2023\/10\/I_Otrebska_Mokotowska_65_oficyna_klatka_schodowa-60-1068x1584.jpg 1068w, http:\/\/lapidarium.fundacja-hereditas.pl\/wp-content\/uploads\/2023\/10\/I_Otrebska_Mokotowska_65_oficyna_klatka_schodowa-60-1920x2848.jpg 1920w\" sizes=\"auto, (max-width: 1726px) 100vw, 1726px\" \/><\/a><figcaption class=\"wp-element-caption\">Pierwsze podw\u00f3rze. Oficyna po\u0142udniowa. Klatka schodowa. Schody z parteru ku drzwiom na zewn\u0105trz. Fot. Iwona Otr\u0119bska, 2023 r., \u017ar\u00f3d\u0142o: AOD IV.<\/figcaption><\/figure>\n\n\n\n<figure class=\"wp-block-image\"><a href=\"http:\/\/lapidarium.fundacja-hereditas.pl\/wp-content\/uploads\/2023\/10\/I_Otrebska_Mokotowska_65_oficyna_klatka_schodowa-61-scaled.jpg\"><img loading=\"lazy\" decoding=\"async\" width=\"2560\" height=\"1724\" data-id=\"14253\" src=\"http:\/\/lapidarium.fundacja-hereditas.pl\/wp-content\/uploads\/2023\/10\/I_Otrebska_Mokotowska_65_oficyna_klatka_schodowa-61-scaled.jpg\" alt=\"\" class=\"wp-image-14253\" srcset=\"http:\/\/lapidarium.fundacja-hereditas.pl\/wp-content\/uploads\/2023\/10\/I_Otrebska_Mokotowska_65_oficyna_klatka_schodowa-61-scaled.jpg 2560w, http:\/\/lapidarium.fundacja-hereditas.pl\/wp-content\/uploads\/2023\/10\/I_Otrebska_Mokotowska_65_oficyna_klatka_schodowa-61-300x202.jpg 300w, http:\/\/lapidarium.fundacja-hereditas.pl\/wp-content\/uploads\/2023\/10\/I_Otrebska_Mokotowska_65_oficyna_klatka_schodowa-61-1024x690.jpg 1024w, http:\/\/lapidarium.fundacja-hereditas.pl\/wp-content\/uploads\/2023\/10\/I_Otrebska_Mokotowska_65_oficyna_klatka_schodowa-61-768x517.jpg 768w, http:\/\/lapidarium.fundacja-hereditas.pl\/wp-content\/uploads\/2023\/10\/I_Otrebska_Mokotowska_65_oficyna_klatka_schodowa-61-1536x1035.jpg 1536w, http:\/\/lapidarium.fundacja-hereditas.pl\/wp-content\/uploads\/2023\/10\/I_Otrebska_Mokotowska_65_oficyna_klatka_schodowa-61-2048x1379.jpg 2048w, http:\/\/lapidarium.fundacja-hereditas.pl\/wp-content\/uploads\/2023\/10\/I_Otrebska_Mokotowska_65_oficyna_klatka_schodowa-61-150x101.jpg 150w, http:\/\/lapidarium.fundacja-hereditas.pl\/wp-content\/uploads\/2023\/10\/I_Otrebska_Mokotowska_65_oficyna_klatka_schodowa-61-696x469.jpg 696w, http:\/\/lapidarium.fundacja-hereditas.pl\/wp-content\/uploads\/2023\/10\/I_Otrebska_Mokotowska_65_oficyna_klatka_schodowa-61-1068x719.jpg 1068w, http:\/\/lapidarium.fundacja-hereditas.pl\/wp-content\/uploads\/2023\/10\/I_Otrebska_Mokotowska_65_oficyna_klatka_schodowa-61-1920x1293.jpg 1920w\" sizes=\"auto, (max-width: 2560px) 100vw, 2560px\" \/><\/a><figcaption class=\"wp-element-caption\">Pierwsze podw\u00f3rze. Oficyna po\u0142udniowa. Klatka schodowa. Schody z parteru ku drzwiom na zewn\u0105trz. Fot. Iwona Otr\u0119bska, 2023 r., \u017ar\u00f3d\u0142o: AOD IV.<\/figcaption><\/figure>\n\n\n\n<figure class=\"wp-block-image\"><a href=\"http:\/\/lapidarium.fundacja-hereditas.pl\/wp-content\/uploads\/2023\/10\/I_Otrebska_Mokotowska_65_oficyna_klatka_schodowa-59-scaled.jpg\"><img loading=\"lazy\" decoding=\"async\" width=\"1720\" height=\"2560\" data-id=\"14251\" src=\"http:\/\/lapidarium.fundacja-hereditas.pl\/wp-content\/uploads\/2023\/10\/I_Otrebska_Mokotowska_65_oficyna_klatka_schodowa-59-scaled.jpg\" alt=\"\" class=\"wp-image-14251\" srcset=\"http:\/\/lapidarium.fundacja-hereditas.pl\/wp-content\/uploads\/2023\/10\/I_Otrebska_Mokotowska_65_oficyna_klatka_schodowa-59-scaled.jpg 1720w, http:\/\/lapidarium.fundacja-hereditas.pl\/wp-content\/uploads\/2023\/10\/I_Otrebska_Mokotowska_65_oficyna_klatka_schodowa-59-202x300.jpg 202w, http:\/\/lapidarium.fundacja-hereditas.pl\/wp-content\/uploads\/2023\/10\/I_Otrebska_Mokotowska_65_oficyna_klatka_schodowa-59-688x1024.jpg 688w, http:\/\/lapidarium.fundacja-hereditas.pl\/wp-content\/uploads\/2023\/10\/I_Otrebska_Mokotowska_65_oficyna_klatka_schodowa-59-768x1143.jpg 768w, http:\/\/lapidarium.fundacja-hereditas.pl\/wp-content\/uploads\/2023\/10\/I_Otrebska_Mokotowska_65_oficyna_klatka_schodowa-59-1032x1536.jpg 1032w, http:\/\/lapidarium.fundacja-hereditas.pl\/wp-content\/uploads\/2023\/10\/I_Otrebska_Mokotowska_65_oficyna_klatka_schodowa-59-1376x2048.jpg 1376w, http:\/\/lapidarium.fundacja-hereditas.pl\/wp-content\/uploads\/2023\/10\/I_Otrebska_Mokotowska_65_oficyna_klatka_schodowa-59-150x223.jpg 150w, http:\/\/lapidarium.fundacja-hereditas.pl\/wp-content\/uploads\/2023\/10\/I_Otrebska_Mokotowska_65_oficyna_klatka_schodowa-59-300x447.jpg 300w, http:\/\/lapidarium.fundacja-hereditas.pl\/wp-content\/uploads\/2023\/10\/I_Otrebska_Mokotowska_65_oficyna_klatka_schodowa-59-696x1036.jpg 696w, http:\/\/lapidarium.fundacja-hereditas.pl\/wp-content\/uploads\/2023\/10\/I_Otrebska_Mokotowska_65_oficyna_klatka_schodowa-59-1068x1590.jpg 1068w, http:\/\/lapidarium.fundacja-hereditas.pl\/wp-content\/uploads\/2023\/10\/I_Otrebska_Mokotowska_65_oficyna_klatka_schodowa-59-1920x2858.jpg 1920w\" sizes=\"auto, (max-width: 1720px) 100vw, 1720px\" \/><\/a><figcaption class=\"wp-element-caption\">Pierwsze podw\u00f3rze. Oficyna po\u0142udniowa. Klatka schodowa. Schody na I pi\u0119tro. Fot. Iwona Otr\u0119bska, 2023 r., \u017ar\u00f3d\u0142o: AOD IV.<\/figcaption><\/figure>\n\n\n\n<figure class=\"wp-block-image\"><a href=\"http:\/\/lapidarium.fundacja-hereditas.pl\/wp-content\/uploads\/2023\/10\/I_Otrebska_Mokotowska_65_oficyna_klatka_schodowa-58-scaled.jpg\"><img loading=\"lazy\" decoding=\"async\" width=\"1728\" height=\"2560\" data-id=\"14250\" src=\"http:\/\/lapidarium.fundacja-hereditas.pl\/wp-content\/uploads\/2023\/10\/I_Otrebska_Mokotowska_65_oficyna_klatka_schodowa-58-scaled.jpg\" alt=\"\" class=\"wp-image-14250\" srcset=\"http:\/\/lapidarium.fundacja-hereditas.pl\/wp-content\/uploads\/2023\/10\/I_Otrebska_Mokotowska_65_oficyna_klatka_schodowa-58-scaled.jpg 1728w, http:\/\/lapidarium.fundacja-hereditas.pl\/wp-content\/uploads\/2023\/10\/I_Otrebska_Mokotowska_65_oficyna_klatka_schodowa-58-203x300.jpg 203w, http:\/\/lapidarium.fundacja-hereditas.pl\/wp-content\/uploads\/2023\/10\/I_Otrebska_Mokotowska_65_oficyna_klatka_schodowa-58-691x1024.jpg 691w, http:\/\/lapidarium.fundacja-hereditas.pl\/wp-content\/uploads\/2023\/10\/I_Otrebska_Mokotowska_65_oficyna_klatka_schodowa-58-768x1138.jpg 768w, http:\/\/lapidarium.fundacja-hereditas.pl\/wp-content\/uploads\/2023\/10\/I_Otrebska_Mokotowska_65_oficyna_klatka_schodowa-58-1037x1536.jpg 1037w, http:\/\/lapidarium.fundacja-hereditas.pl\/wp-content\/uploads\/2023\/10\/I_Otrebska_Mokotowska_65_oficyna_klatka_schodowa-58-1383x2048.jpg 1383w, http:\/\/lapidarium.fundacja-hereditas.pl\/wp-content\/uploads\/2023\/10\/I_Otrebska_Mokotowska_65_oficyna_klatka_schodowa-58-150x222.jpg 150w, http:\/\/lapidarium.fundacja-hereditas.pl\/wp-content\/uploads\/2023\/10\/I_Otrebska_Mokotowska_65_oficyna_klatka_schodowa-58-300x444.jpg 300w, http:\/\/lapidarium.fundacja-hereditas.pl\/wp-content\/uploads\/2023\/10\/I_Otrebska_Mokotowska_65_oficyna_klatka_schodowa-58-696x1031.jpg 696w, http:\/\/lapidarium.fundacja-hereditas.pl\/wp-content\/uploads\/2023\/10\/I_Otrebska_Mokotowska_65_oficyna_klatka_schodowa-58-1068x1582.jpg 1068w, http:\/\/lapidarium.fundacja-hereditas.pl\/wp-content\/uploads\/2023\/10\/I_Otrebska_Mokotowska_65_oficyna_klatka_schodowa-58-1920x2844.jpg 1920w\" sizes=\"auto, (max-width: 1728px) 100vw, 1728px\" \/><\/a><figcaption class=\"wp-element-caption\">Pierwsze podw\u00f3rze. Oficyna po\u0142udniowa. Klatka schodowa. Parter &#8211; drzwi kuchenne. Fot. Iwona Otr\u0119bska, 2023 r., \u017ar\u00f3d\u0142o: AOD IV.<\/figcaption><\/figure>\n\n\n\n<figure class=\"wp-block-image\"><a href=\"http:\/\/lapidarium.fundacja-hereditas.pl\/wp-content\/uploads\/2023\/10\/I_Otrebska_Mokotowska_65_oficyna_klatka_schodowa-64-scaled.jpg\"><img loading=\"lazy\" decoding=\"async\" width=\"1715\" height=\"2560\" data-id=\"14256\" src=\"http:\/\/lapidarium.fundacja-hereditas.pl\/wp-content\/uploads\/2023\/10\/I_Otrebska_Mokotowska_65_oficyna_klatka_schodowa-64-scaled.jpg\" alt=\"\" class=\"wp-image-14256\" srcset=\"http:\/\/lapidarium.fundacja-hereditas.pl\/wp-content\/uploads\/2023\/10\/I_Otrebska_Mokotowska_65_oficyna_klatka_schodowa-64-scaled.jpg 1715w, http:\/\/lapidarium.fundacja-hereditas.pl\/wp-content\/uploads\/2023\/10\/I_Otrebska_Mokotowska_65_oficyna_klatka_schodowa-64-201x300.jpg 201w, http:\/\/lapidarium.fundacja-hereditas.pl\/wp-content\/uploads\/2023\/10\/I_Otrebska_Mokotowska_65_oficyna_klatka_schodowa-64-686x1024.jpg 686w, http:\/\/lapidarium.fundacja-hereditas.pl\/wp-content\/uploads\/2023\/10\/I_Otrebska_Mokotowska_65_oficyna_klatka_schodowa-64-768x1146.jpg 768w, http:\/\/lapidarium.fundacja-hereditas.pl\/wp-content\/uploads\/2023\/10\/I_Otrebska_Mokotowska_65_oficyna_klatka_schodowa-64-1029x1536.jpg 1029w, http:\/\/lapidarium.fundacja-hereditas.pl\/wp-content\/uploads\/2023\/10\/I_Otrebska_Mokotowska_65_oficyna_klatka_schodowa-64-1372x2048.jpg 1372w, http:\/\/lapidarium.fundacja-hereditas.pl\/wp-content\/uploads\/2023\/10\/I_Otrebska_Mokotowska_65_oficyna_klatka_schodowa-64-150x224.jpg 150w, http:\/\/lapidarium.fundacja-hereditas.pl\/wp-content\/uploads\/2023\/10\/I_Otrebska_Mokotowska_65_oficyna_klatka_schodowa-64-300x448.jpg 300w, http:\/\/lapidarium.fundacja-hereditas.pl\/wp-content\/uploads\/2023\/10\/I_Otrebska_Mokotowska_65_oficyna_klatka_schodowa-64-696x1039.jpg 696w, http:\/\/lapidarium.fundacja-hereditas.pl\/wp-content\/uploads\/2023\/10\/I_Otrebska_Mokotowska_65_oficyna_klatka_schodowa-64-1068x1594.jpg 1068w, http:\/\/lapidarium.fundacja-hereditas.pl\/wp-content\/uploads\/2023\/10\/I_Otrebska_Mokotowska_65_oficyna_klatka_schodowa-64-1920x2865.jpg 1920w\" sizes=\"auto, (max-width: 1715px) 100vw, 1715px\" \/><\/a><figcaption class=\"wp-element-caption\">Pierwsze podw\u00f3rze. Oficyna po\u0142udniowa. Klatka schodowa. Fot. Iwona Otr\u0119bska, 2023 r., \u017ar\u00f3d\u0142o: AOD IV.<\/figcaption><\/figure>\n\n\n\n<figure class=\"wp-block-image\"><a href=\"http:\/\/lapidarium.fundacja-hereditas.pl\/wp-content\/uploads\/2023\/10\/I_Otrebska_Mokotowska_65_oficyna_klatka_schodowa-62-scaled.jpg\"><img loading=\"lazy\" decoding=\"async\" width=\"1770\" height=\"2560\" data-id=\"14254\" src=\"http:\/\/lapidarium.fundacja-hereditas.pl\/wp-content\/uploads\/2023\/10\/I_Otrebska_Mokotowska_65_oficyna_klatka_schodowa-62-scaled.jpg\" alt=\"\" class=\"wp-image-14254\" srcset=\"http:\/\/lapidarium.fundacja-hereditas.pl\/wp-content\/uploads\/2023\/10\/I_Otrebska_Mokotowska_65_oficyna_klatka_schodowa-62-scaled.jpg 1770w, http:\/\/lapidarium.fundacja-hereditas.pl\/wp-content\/uploads\/2023\/10\/I_Otrebska_Mokotowska_65_oficyna_klatka_schodowa-62-207x300.jpg 207w, http:\/\/lapidarium.fundacja-hereditas.pl\/wp-content\/uploads\/2023\/10\/I_Otrebska_Mokotowska_65_oficyna_klatka_schodowa-62-708x1024.jpg 708w, http:\/\/lapidarium.fundacja-hereditas.pl\/wp-content\/uploads\/2023\/10\/I_Otrebska_Mokotowska_65_oficyna_klatka_schodowa-62-768x1111.jpg 768w, http:\/\/lapidarium.fundacja-hereditas.pl\/wp-content\/uploads\/2023\/10\/I_Otrebska_Mokotowska_65_oficyna_klatka_schodowa-62-1062x1536.jpg 1062w, http:\/\/lapidarium.fundacja-hereditas.pl\/wp-content\/uploads\/2023\/10\/I_Otrebska_Mokotowska_65_oficyna_klatka_schodowa-62-1416x2048.jpg 1416w, http:\/\/lapidarium.fundacja-hereditas.pl\/wp-content\/uploads\/2023\/10\/I_Otrebska_Mokotowska_65_oficyna_klatka_schodowa-62-150x217.jpg 150w, http:\/\/lapidarium.fundacja-hereditas.pl\/wp-content\/uploads\/2023\/10\/I_Otrebska_Mokotowska_65_oficyna_klatka_schodowa-62-300x434.jpg 300w, http:\/\/lapidarium.fundacja-hereditas.pl\/wp-content\/uploads\/2023\/10\/I_Otrebska_Mokotowska_65_oficyna_klatka_schodowa-62-696x1006.jpg 696w, http:\/\/lapidarium.fundacja-hereditas.pl\/wp-content\/uploads\/2023\/10\/I_Otrebska_Mokotowska_65_oficyna_klatka_schodowa-62-1068x1544.jpg 1068w, http:\/\/lapidarium.fundacja-hereditas.pl\/wp-content\/uploads\/2023\/10\/I_Otrebska_Mokotowska_65_oficyna_klatka_schodowa-62-1920x2776.jpg 1920w\" sizes=\"auto, (max-width: 1770px) 100vw, 1770px\" \/><\/a><figcaption class=\"wp-element-caption\">Pierwsze podw\u00f3rze. Oficyna po\u0142udniowa. Klatka schodowa. Zakr\u0119t balustrady na spoczniku. Fot. Iwona Otr\u0119bska, 2023 r., \u017ar\u00f3d\u0142o: AOD IV.<\/figcaption><\/figure>\n\n\n\n<figure class=\"wp-block-image\"><a href=\"http:\/\/lapidarium.fundacja-hereditas.pl\/wp-content\/uploads\/2023\/10\/I_Otrebska_Mokotowska_65_oficyna_klatka_schodowa-66-scaled.jpg\"><img loading=\"lazy\" decoding=\"async\" width=\"1734\" height=\"2560\" data-id=\"14258\" src=\"http:\/\/lapidarium.fundacja-hereditas.pl\/wp-content\/uploads\/2023\/10\/I_Otrebska_Mokotowska_65_oficyna_klatka_schodowa-66-scaled.jpg\" alt=\"\" class=\"wp-image-14258\" srcset=\"http:\/\/lapidarium.fundacja-hereditas.pl\/wp-content\/uploads\/2023\/10\/I_Otrebska_Mokotowska_65_oficyna_klatka_schodowa-66-scaled.jpg 1734w, http:\/\/lapidarium.fundacja-hereditas.pl\/wp-content\/uploads\/2023\/10\/I_Otrebska_Mokotowska_65_oficyna_klatka_schodowa-66-203x300.jpg 203w, http:\/\/lapidarium.fundacja-hereditas.pl\/wp-content\/uploads\/2023\/10\/I_Otrebska_Mokotowska_65_oficyna_klatka_schodowa-66-694x1024.jpg 694w, http:\/\/lapidarium.fundacja-hereditas.pl\/wp-content\/uploads\/2023\/10\/I_Otrebska_Mokotowska_65_oficyna_klatka_schodowa-66-768x1134.jpg 768w, http:\/\/lapidarium.fundacja-hereditas.pl\/wp-content\/uploads\/2023\/10\/I_Otrebska_Mokotowska_65_oficyna_klatka_schodowa-66-1041x1536.jpg 1041w, http:\/\/lapidarium.fundacja-hereditas.pl\/wp-content\/uploads\/2023\/10\/I_Otrebska_Mokotowska_65_oficyna_klatka_schodowa-66-1387x2048.jpg 1387w, http:\/\/lapidarium.fundacja-hereditas.pl\/wp-content\/uploads\/2023\/10\/I_Otrebska_Mokotowska_65_oficyna_klatka_schodowa-66-150x221.jpg 150w, http:\/\/lapidarium.fundacja-hereditas.pl\/wp-content\/uploads\/2023\/10\/I_Otrebska_Mokotowska_65_oficyna_klatka_schodowa-66-300x443.jpg 300w, http:\/\/lapidarium.fundacja-hereditas.pl\/wp-content\/uploads\/2023\/10\/I_Otrebska_Mokotowska_65_oficyna_klatka_schodowa-66-696x1027.jpg 696w, http:\/\/lapidarium.fundacja-hereditas.pl\/wp-content\/uploads\/2023\/10\/I_Otrebska_Mokotowska_65_oficyna_klatka_schodowa-66-1068x1576.jpg 1068w, http:\/\/lapidarium.fundacja-hereditas.pl\/wp-content\/uploads\/2023\/10\/I_Otrebska_Mokotowska_65_oficyna_klatka_schodowa-66-1920x2834.jpg 1920w\" sizes=\"auto, (max-width: 1734px) 100vw, 1734px\" \/><\/a><figcaption class=\"wp-element-caption\">Pierwsze podw\u00f3rze. Oficyna po\u0142udniowa. Klatka schodowa. Zakr\u0119t balustrady na spoczniku. Fot. Iwona Otr\u0119bska, 2023 r., \u017ar\u00f3d\u0142o: AOD IV.<\/figcaption><\/figure>\n\n\n\n<figure class=\"wp-block-image\"><a href=\"http:\/\/lapidarium.fundacja-hereditas.pl\/wp-content\/uploads\/2023\/10\/I_Otrebska_Mokotowska_65_oficyna_klatka_schodowa-65-scaled.jpg\"><img loading=\"lazy\" decoding=\"async\" width=\"1728\" height=\"2560\" data-id=\"14257\" src=\"http:\/\/lapidarium.fundacja-hereditas.pl\/wp-content\/uploads\/2023\/10\/I_Otrebska_Mokotowska_65_oficyna_klatka_schodowa-65-scaled.jpg\" alt=\"\" class=\"wp-image-14257\" srcset=\"http:\/\/lapidarium.fundacja-hereditas.pl\/wp-content\/uploads\/2023\/10\/I_Otrebska_Mokotowska_65_oficyna_klatka_schodowa-65-scaled.jpg 1728w, http:\/\/lapidarium.fundacja-hereditas.pl\/wp-content\/uploads\/2023\/10\/I_Otrebska_Mokotowska_65_oficyna_klatka_schodowa-65-203x300.jpg 203w, http:\/\/lapidarium.fundacja-hereditas.pl\/wp-content\/uploads\/2023\/10\/I_Otrebska_Mokotowska_65_oficyna_klatka_schodowa-65-691x1024.jpg 691w, http:\/\/lapidarium.fundacja-hereditas.pl\/wp-content\/uploads\/2023\/10\/I_Otrebska_Mokotowska_65_oficyna_klatka_schodowa-65-768x1138.jpg 768w, http:\/\/lapidarium.fundacja-hereditas.pl\/wp-content\/uploads\/2023\/10\/I_Otrebska_Mokotowska_65_oficyna_klatka_schodowa-65-1037x1536.jpg 1037w, http:\/\/lapidarium.fundacja-hereditas.pl\/wp-content\/uploads\/2023\/10\/I_Otrebska_Mokotowska_65_oficyna_klatka_schodowa-65-1383x2048.jpg 1383w, http:\/\/lapidarium.fundacja-hereditas.pl\/wp-content\/uploads\/2023\/10\/I_Otrebska_Mokotowska_65_oficyna_klatka_schodowa-65-150x222.jpg 150w, http:\/\/lapidarium.fundacja-hereditas.pl\/wp-content\/uploads\/2023\/10\/I_Otrebska_Mokotowska_65_oficyna_klatka_schodowa-65-300x444.jpg 300w, http:\/\/lapidarium.fundacja-hereditas.pl\/wp-content\/uploads\/2023\/10\/I_Otrebska_Mokotowska_65_oficyna_klatka_schodowa-65-696x1031.jpg 696w, http:\/\/lapidarium.fundacja-hereditas.pl\/wp-content\/uploads\/2023\/10\/I_Otrebska_Mokotowska_65_oficyna_klatka_schodowa-65-1068x1582.jpg 1068w, http:\/\/lapidarium.fundacja-hereditas.pl\/wp-content\/uploads\/2023\/10\/I_Otrebska_Mokotowska_65_oficyna_klatka_schodowa-65-1920x2844.jpg 1920w\" sizes=\"auto, (max-width: 1728px) 100vw, 1728px\" \/><\/a><figcaption class=\"wp-element-caption\">Pierwsze podw\u00f3rze. Oficyna po\u0142udniowa. Klatka schodowa. Fot. Iwona Otr\u0119bska, 2023 r., \u017ar\u00f3d\u0142o: AOD IV.<\/figcaption><\/figure>\n\n\n\n<figure class=\"wp-block-image\"><a href=\"http:\/\/lapidarium.fundacja-hereditas.pl\/wp-content\/uploads\/2023\/10\/I_Otrebska_Mokotowska_65_oficyna_klatka_schodowa-63-scaled.jpg\"><img loading=\"lazy\" decoding=\"async\" width=\"1726\" height=\"2560\" data-id=\"14255\" src=\"http:\/\/lapidarium.fundacja-hereditas.pl\/wp-content\/uploads\/2023\/10\/I_Otrebska_Mokotowska_65_oficyna_klatka_schodowa-63-scaled.jpg\" alt=\"\" class=\"wp-image-14255\" srcset=\"http:\/\/lapidarium.fundacja-hereditas.pl\/wp-content\/uploads\/2023\/10\/I_Otrebska_Mokotowska_65_oficyna_klatka_schodowa-63-scaled.jpg 1726w, http:\/\/lapidarium.fundacja-hereditas.pl\/wp-content\/uploads\/2023\/10\/I_Otrebska_Mokotowska_65_oficyna_klatka_schodowa-63-202x300.jpg 202w, http:\/\/lapidarium.fundacja-hereditas.pl\/wp-content\/uploads\/2023\/10\/I_Otrebska_Mokotowska_65_oficyna_klatka_schodowa-63-690x1024.jpg 690w, http:\/\/lapidarium.fundacja-hereditas.pl\/wp-content\/uploads\/2023\/10\/I_Otrebska_Mokotowska_65_oficyna_klatka_schodowa-63-768x1139.jpg 768w, http:\/\/lapidarium.fundacja-hereditas.pl\/wp-content\/uploads\/2023\/10\/I_Otrebska_Mokotowska_65_oficyna_klatka_schodowa-63-1035x1536.jpg 1035w, http:\/\/lapidarium.fundacja-hereditas.pl\/wp-content\/uploads\/2023\/10\/I_Otrebska_Mokotowska_65_oficyna_klatka_schodowa-63-1380x2048.jpg 1380w, http:\/\/lapidarium.fundacja-hereditas.pl\/wp-content\/uploads\/2023\/10\/I_Otrebska_Mokotowska_65_oficyna_klatka_schodowa-63-150x223.jpg 150w, http:\/\/lapidarium.fundacja-hereditas.pl\/wp-content\/uploads\/2023\/10\/I_Otrebska_Mokotowska_65_oficyna_klatka_schodowa-63-300x445.jpg 300w, http:\/\/lapidarium.fundacja-hereditas.pl\/wp-content\/uploads\/2023\/10\/I_Otrebska_Mokotowska_65_oficyna_klatka_schodowa-63-696x1033.jpg 696w, http:\/\/lapidarium.fundacja-hereditas.pl\/wp-content\/uploads\/2023\/10\/I_Otrebska_Mokotowska_65_oficyna_klatka_schodowa-63-1068x1584.jpg 1068w, http:\/\/lapidarium.fundacja-hereditas.pl\/wp-content\/uploads\/2023\/10\/I_Otrebska_Mokotowska_65_oficyna_klatka_schodowa-63-1920x2848.jpg 1920w\" sizes=\"auto, (max-width: 1726px) 100vw, 1726px\" \/><\/a><figcaption class=\"wp-element-caption\">Pierwsze podw\u00f3rze. Oficyna po\u0142udniowa. Klatka schodowa. Kom\u00f3rki lokatorskie. Fot. Iwona Otr\u0119bska, 2023 r., \u017ar\u00f3d\u0142o: AOD IV.<\/figcaption><\/figure>\n\n\n\n<figure class=\"wp-block-image\"><a href=\"http:\/\/lapidarium.fundacja-hereditas.pl\/wp-content\/uploads\/2023\/10\/I_Otrebska_Mokotowska_65_oficyna_klatka_schodowa-69-scaled.jpg\"><img loading=\"lazy\" decoding=\"async\" width=\"2560\" height=\"1787\" data-id=\"14259\" src=\"http:\/\/lapidarium.fundacja-hereditas.pl\/wp-content\/uploads\/2023\/10\/I_Otrebska_Mokotowska_65_oficyna_klatka_schodowa-69-scaled.jpg\" alt=\"\" class=\"wp-image-14259\" srcset=\"http:\/\/lapidarium.fundacja-hereditas.pl\/wp-content\/uploads\/2023\/10\/I_Otrebska_Mokotowska_65_oficyna_klatka_schodowa-69-scaled.jpg 2560w, http:\/\/lapidarium.fundacja-hereditas.pl\/wp-content\/uploads\/2023\/10\/I_Otrebska_Mokotowska_65_oficyna_klatka_schodowa-69-300x209.jpg 300w, http:\/\/lapidarium.fundacja-hereditas.pl\/wp-content\/uploads\/2023\/10\/I_Otrebska_Mokotowska_65_oficyna_klatka_schodowa-69-1024x715.jpg 1024w, http:\/\/lapidarium.fundacja-hereditas.pl\/wp-content\/uploads\/2023\/10\/I_Otrebska_Mokotowska_65_oficyna_klatka_schodowa-69-768x536.jpg 768w, http:\/\/lapidarium.fundacja-hereditas.pl\/wp-content\/uploads\/2023\/10\/I_Otrebska_Mokotowska_65_oficyna_klatka_schodowa-69-1536x1072.jpg 1536w, http:\/\/lapidarium.fundacja-hereditas.pl\/wp-content\/uploads\/2023\/10\/I_Otrebska_Mokotowska_65_oficyna_klatka_schodowa-69-2048x1429.jpg 2048w, http:\/\/lapidarium.fundacja-hereditas.pl\/wp-content\/uploads\/2023\/10\/I_Otrebska_Mokotowska_65_oficyna_klatka_schodowa-69-150x105.jpg 150w, http:\/\/lapidarium.fundacja-hereditas.pl\/wp-content\/uploads\/2023\/10\/I_Otrebska_Mokotowska_65_oficyna_klatka_schodowa-69-696x486.jpg 696w, http:\/\/lapidarium.fundacja-hereditas.pl\/wp-content\/uploads\/2023\/10\/I_Otrebska_Mokotowska_65_oficyna_klatka_schodowa-69-1068x745.jpg 1068w, http:\/\/lapidarium.fundacja-hereditas.pl\/wp-content\/uploads\/2023\/10\/I_Otrebska_Mokotowska_65_oficyna_klatka_schodowa-69-1920x1340.jpg 1920w\" sizes=\"auto, (max-width: 2560px) 100vw, 2560px\" \/><\/a><figcaption class=\"wp-element-caption\">Pierwsze podw\u00f3rze. Oficyna po\u0142udniowa. Klatka schodowa. Ostatnie pi\u0119tro. Wej\u015bcia na strychy. Fot. Iwona Otr\u0119bska, 2023 r., \u017ar\u00f3d\u0142o: AOD IV.<\/figcaption><\/figure>\n\n\n\n<figure class=\"wp-block-image\"><a href=\"http:\/\/lapidarium.fundacja-hereditas.pl\/wp-content\/uploads\/2023\/10\/Dziubiel_Agnieszka_Warszawa_Mokotowska_65_oficyna_boczna_klatka_schodowa_nr_2_poddasze_07-scaled.jpg\"><img loading=\"lazy\" decoding=\"async\" width=\"1474\" height=\"2560\" data-id=\"14176\" src=\"http:\/\/lapidarium.fundacja-hereditas.pl\/wp-content\/uploads\/2023\/10\/Dziubiel_Agnieszka_Warszawa_Mokotowska_65_oficyna_boczna_klatka_schodowa_nr_2_poddasze_07-scaled.jpg\" alt=\"\" class=\"wp-image-14176\" srcset=\"http:\/\/lapidarium.fundacja-hereditas.pl\/wp-content\/uploads\/2023\/10\/Dziubiel_Agnieszka_Warszawa_Mokotowska_65_oficyna_boczna_klatka_schodowa_nr_2_poddasze_07-scaled.jpg 1474w, http:\/\/lapidarium.fundacja-hereditas.pl\/wp-content\/uploads\/2023\/10\/Dziubiel_Agnieszka_Warszawa_Mokotowska_65_oficyna_boczna_klatka_schodowa_nr_2_poddasze_07-173x300.jpg 173w, http:\/\/lapidarium.fundacja-hereditas.pl\/wp-content\/uploads\/2023\/10\/Dziubiel_Agnieszka_Warszawa_Mokotowska_65_oficyna_boczna_klatka_schodowa_nr_2_poddasze_07-590x1024.jpg 590w, http:\/\/lapidarium.fundacja-hereditas.pl\/wp-content\/uploads\/2023\/10\/Dziubiel_Agnieszka_Warszawa_Mokotowska_65_oficyna_boczna_klatka_schodowa_nr_2_poddasze_07-768x1334.jpg 768w, http:\/\/lapidarium.fundacja-hereditas.pl\/wp-content\/uploads\/2023\/10\/Dziubiel_Agnieszka_Warszawa_Mokotowska_65_oficyna_boczna_klatka_schodowa_nr_2_poddasze_07-885x1536.jpg 885w, http:\/\/lapidarium.fundacja-hereditas.pl\/wp-content\/uploads\/2023\/10\/Dziubiel_Agnieszka_Warszawa_Mokotowska_65_oficyna_boczna_klatka_schodowa_nr_2_poddasze_07-1179x2048.jpg 1179w, http:\/\/lapidarium.fundacja-hereditas.pl\/wp-content\/uploads\/2023\/10\/Dziubiel_Agnieszka_Warszawa_Mokotowska_65_oficyna_boczna_klatka_schodowa_nr_2_poddasze_07-150x260.jpg 150w, http:\/\/lapidarium.fundacja-hereditas.pl\/wp-content\/uploads\/2023\/10\/Dziubiel_Agnieszka_Warszawa_Mokotowska_65_oficyna_boczna_klatka_schodowa_nr_2_poddasze_07-300x521.jpg 300w, http:\/\/lapidarium.fundacja-hereditas.pl\/wp-content\/uploads\/2023\/10\/Dziubiel_Agnieszka_Warszawa_Mokotowska_65_oficyna_boczna_klatka_schodowa_nr_2_poddasze_07-696x1209.jpg 696w, http:\/\/lapidarium.fundacja-hereditas.pl\/wp-content\/uploads\/2023\/10\/Dziubiel_Agnieszka_Warszawa_Mokotowska_65_oficyna_boczna_klatka_schodowa_nr_2_poddasze_07-1068x1855.jpg 1068w, http:\/\/lapidarium.fundacja-hereditas.pl\/wp-content\/uploads\/2023\/10\/Dziubiel_Agnieszka_Warszawa_Mokotowska_65_oficyna_boczna_klatka_schodowa_nr_2_poddasze_07-1920x3334.jpg 1920w\" sizes=\"auto, (max-width: 1474px) 100vw, 1474px\" \/><\/a><figcaption class=\"wp-element-caption\">Pierwsze podw\u00f3rze. Oficyna po\u0142udniowa. Strych. Wi\u0119\u017aba dachowa. Fot. Agnieszka Dziubiel, 2023 r., \u017ar\u00f3d\u0142o: AOD IV.<\/figcaption><\/figure>\n\n\n\n<figure class=\"wp-block-image\"><a href=\"http:\/\/lapidarium.fundacja-hereditas.pl\/wp-content\/uploads\/2023\/10\/Dziubiel_Agnieszka_Warszawa_Mokotowska_65_oficyna_boczna_klatka_schodowa_nr_2_poddasze_03-scaled.jpg\"><img loading=\"lazy\" decoding=\"async\" width=\"2560\" height=\"1441\" data-id=\"14173\" src=\"http:\/\/lapidarium.fundacja-hereditas.pl\/wp-content\/uploads\/2023\/10\/Dziubiel_Agnieszka_Warszawa_Mokotowska_65_oficyna_boczna_klatka_schodowa_nr_2_poddasze_03-scaled.jpg\" alt=\"\" class=\"wp-image-14173\" srcset=\"http:\/\/lapidarium.fundacja-hereditas.pl\/wp-content\/uploads\/2023\/10\/Dziubiel_Agnieszka_Warszawa_Mokotowska_65_oficyna_boczna_klatka_schodowa_nr_2_poddasze_03-scaled.jpg 2560w, http:\/\/lapidarium.fundacja-hereditas.pl\/wp-content\/uploads\/2023\/10\/Dziubiel_Agnieszka_Warszawa_Mokotowska_65_oficyna_boczna_klatka_schodowa_nr_2_poddasze_03-300x169.jpg 300w, http:\/\/lapidarium.fundacja-hereditas.pl\/wp-content\/uploads\/2023\/10\/Dziubiel_Agnieszka_Warszawa_Mokotowska_65_oficyna_boczna_klatka_schodowa_nr_2_poddasze_03-1024x576.jpg 1024w, http:\/\/lapidarium.fundacja-hereditas.pl\/wp-content\/uploads\/2023\/10\/Dziubiel_Agnieszka_Warszawa_Mokotowska_65_oficyna_boczna_klatka_schodowa_nr_2_poddasze_03-768x432.jpg 768w, http:\/\/lapidarium.fundacja-hereditas.pl\/wp-content\/uploads\/2023\/10\/Dziubiel_Agnieszka_Warszawa_Mokotowska_65_oficyna_boczna_klatka_schodowa_nr_2_poddasze_03-1536x864.jpg 1536w, http:\/\/lapidarium.fundacja-hereditas.pl\/wp-content\/uploads\/2023\/10\/Dziubiel_Agnieszka_Warszawa_Mokotowska_65_oficyna_boczna_klatka_schodowa_nr_2_poddasze_03-2048x1152.jpg 2048w, http:\/\/lapidarium.fundacja-hereditas.pl\/wp-content\/uploads\/2023\/10\/Dziubiel_Agnieszka_Warszawa_Mokotowska_65_oficyna_boczna_klatka_schodowa_nr_2_poddasze_03-150x84.jpg 150w, http:\/\/lapidarium.fundacja-hereditas.pl\/wp-content\/uploads\/2023\/10\/Dziubiel_Agnieszka_Warszawa_Mokotowska_65_oficyna_boczna_klatka_schodowa_nr_2_poddasze_03-696x392.jpg 696w, http:\/\/lapidarium.fundacja-hereditas.pl\/wp-content\/uploads\/2023\/10\/Dziubiel_Agnieszka_Warszawa_Mokotowska_65_oficyna_boczna_klatka_schodowa_nr_2_poddasze_03-1068x601.jpg 1068w, http:\/\/lapidarium.fundacja-hereditas.pl\/wp-content\/uploads\/2023\/10\/Dziubiel_Agnieszka_Warszawa_Mokotowska_65_oficyna_boczna_klatka_schodowa_nr_2_poddasze_03-1920x1080.jpg 1920w\" sizes=\"auto, (max-width: 2560px) 100vw, 2560px\" \/><\/a><figcaption class=\"wp-element-caption\">Pierwsze podw\u00f3rze. Oficyna po\u0142udniowa. Strych. Wi\u0119\u017aba dachowa. Fot. Agnieszka Dziubiel, 2023 r., \u017ar\u00f3d\u0142o: AOD IV.<\/figcaption><\/figure>\n\n\n\n<figure class=\"wp-block-image\"><a href=\"http:\/\/lapidarium.fundacja-hereditas.pl\/wp-content\/uploads\/2023\/10\/Dziubiel_Agnieszka_Warszawa_Mokotowska_65_oficyna_boczna_klatka_schodowa_nr_2_poddasze_06-scaled.jpg\"><img loading=\"lazy\" decoding=\"async\" width=\"2560\" height=\"1450\" data-id=\"14175\" src=\"http:\/\/lapidarium.fundacja-hereditas.pl\/wp-content\/uploads\/2023\/10\/Dziubiel_Agnieszka_Warszawa_Mokotowska_65_oficyna_boczna_klatka_schodowa_nr_2_poddasze_06-scaled.jpg\" alt=\"\" class=\"wp-image-14175\" srcset=\"http:\/\/lapidarium.fundacja-hereditas.pl\/wp-content\/uploads\/2023\/10\/Dziubiel_Agnieszka_Warszawa_Mokotowska_65_oficyna_boczna_klatka_schodowa_nr_2_poddasze_06-scaled.jpg 2560w, http:\/\/lapidarium.fundacja-hereditas.pl\/wp-content\/uploads\/2023\/10\/Dziubiel_Agnieszka_Warszawa_Mokotowska_65_oficyna_boczna_klatka_schodowa_nr_2_poddasze_06-300x170.jpg 300w, http:\/\/lapidarium.fundacja-hereditas.pl\/wp-content\/uploads\/2023\/10\/Dziubiel_Agnieszka_Warszawa_Mokotowska_65_oficyna_boczna_klatka_schodowa_nr_2_poddasze_06-1024x580.jpg 1024w, http:\/\/lapidarium.fundacja-hereditas.pl\/wp-content\/uploads\/2023\/10\/Dziubiel_Agnieszka_Warszawa_Mokotowska_65_oficyna_boczna_klatka_schodowa_nr_2_poddasze_06-768x435.jpg 768w, http:\/\/lapidarium.fundacja-hereditas.pl\/wp-content\/uploads\/2023\/10\/Dziubiel_Agnieszka_Warszawa_Mokotowska_65_oficyna_boczna_klatka_schodowa_nr_2_poddasze_06-1536x870.jpg 1536w, http:\/\/lapidarium.fundacja-hereditas.pl\/wp-content\/uploads\/2023\/10\/Dziubiel_Agnieszka_Warszawa_Mokotowska_65_oficyna_boczna_klatka_schodowa_nr_2_poddasze_06-2048x1160.jpg 2048w, http:\/\/lapidarium.fundacja-hereditas.pl\/wp-content\/uploads\/2023\/10\/Dziubiel_Agnieszka_Warszawa_Mokotowska_65_oficyna_boczna_klatka_schodowa_nr_2_poddasze_06-150x85.jpg 150w, http:\/\/lapidarium.fundacja-hereditas.pl\/wp-content\/uploads\/2023\/10\/Dziubiel_Agnieszka_Warszawa_Mokotowska_65_oficyna_boczna_klatka_schodowa_nr_2_poddasze_06-696x394.jpg 696w, http:\/\/lapidarium.fundacja-hereditas.pl\/wp-content\/uploads\/2023\/10\/Dziubiel_Agnieszka_Warszawa_Mokotowska_65_oficyna_boczna_klatka_schodowa_nr_2_poddasze_06-1068x605.jpg 1068w, http:\/\/lapidarium.fundacja-hereditas.pl\/wp-content\/uploads\/2023\/10\/Dziubiel_Agnieszka_Warszawa_Mokotowska_65_oficyna_boczna_klatka_schodowa_nr_2_poddasze_06-1920x1087.jpg 1920w\" sizes=\"auto, (max-width: 2560px) 100vw, 2560px\" \/><\/a><figcaption class=\"wp-element-caption\">Pierwsze podw\u00f3rze. Oficyna po\u0142udniowa. Strych. Wi\u0119\u017aba dachowa. Fot. Agnieszka Dziubiel, 2023 r., \u017ar\u00f3d\u0142o: AOD IV.<\/figcaption><\/figure>\n\n\n\n<figure class=\"wp-block-image\"><a href=\"http:\/\/lapidarium.fundacja-hereditas.pl\/wp-content\/uploads\/2023\/10\/Dziubiel_Agnieszka_Warszawa_Mokotowska_65_oficyna_boczna_klatka_schodowa_nr_2_poddasze_05-scaled.jpg\"><img loading=\"lazy\" decoding=\"async\" width=\"1544\" height=\"2560\" data-id=\"14174\" src=\"http:\/\/lapidarium.fundacja-hereditas.pl\/wp-content\/uploads\/2023\/10\/Dziubiel_Agnieszka_Warszawa_Mokotowska_65_oficyna_boczna_klatka_schodowa_nr_2_poddasze_05-scaled.jpg\" alt=\"\" class=\"wp-image-14174\" srcset=\"http:\/\/lapidarium.fundacja-hereditas.pl\/wp-content\/uploads\/2023\/10\/Dziubiel_Agnieszka_Warszawa_Mokotowska_65_oficyna_boczna_klatka_schodowa_nr_2_poddasze_05-scaled.jpg 1544w, http:\/\/lapidarium.fundacja-hereditas.pl\/wp-content\/uploads\/2023\/10\/Dziubiel_Agnieszka_Warszawa_Mokotowska_65_oficyna_boczna_klatka_schodowa_nr_2_poddasze_05-181x300.jpg 181w, http:\/\/lapidarium.fundacja-hereditas.pl\/wp-content\/uploads\/2023\/10\/Dziubiel_Agnieszka_Warszawa_Mokotowska_65_oficyna_boczna_klatka_schodowa_nr_2_poddasze_05-618x1024.jpg 618w, http:\/\/lapidarium.fundacja-hereditas.pl\/wp-content\/uploads\/2023\/10\/Dziubiel_Agnieszka_Warszawa_Mokotowska_65_oficyna_boczna_klatka_schodowa_nr_2_poddasze_05-768x1274.jpg 768w, http:\/\/lapidarium.fundacja-hereditas.pl\/wp-content\/uploads\/2023\/10\/Dziubiel_Agnieszka_Warszawa_Mokotowska_65_oficyna_boczna_klatka_schodowa_nr_2_poddasze_05-926x1536.jpg 926w, http:\/\/lapidarium.fundacja-hereditas.pl\/wp-content\/uploads\/2023\/10\/Dziubiel_Agnieszka_Warszawa_Mokotowska_65_oficyna_boczna_klatka_schodowa_nr_2_poddasze_05-1235x2048.jpg 1235w, http:\/\/lapidarium.fundacja-hereditas.pl\/wp-content\/uploads\/2023\/10\/Dziubiel_Agnieszka_Warszawa_Mokotowska_65_oficyna_boczna_klatka_schodowa_nr_2_poddasze_05-150x249.jpg 150w, http:\/\/lapidarium.fundacja-hereditas.pl\/wp-content\/uploads\/2023\/10\/Dziubiel_Agnieszka_Warszawa_Mokotowska_65_oficyna_boczna_klatka_schodowa_nr_2_poddasze_05-300x497.jpg 300w, http:\/\/lapidarium.fundacja-hereditas.pl\/wp-content\/uploads\/2023\/10\/Dziubiel_Agnieszka_Warszawa_Mokotowska_65_oficyna_boczna_klatka_schodowa_nr_2_poddasze_05-696x1154.jpg 696w, http:\/\/lapidarium.fundacja-hereditas.pl\/wp-content\/uploads\/2023\/10\/Dziubiel_Agnieszka_Warszawa_Mokotowska_65_oficyna_boczna_klatka_schodowa_nr_2_poddasze_05-1068x1771.jpg 1068w, http:\/\/lapidarium.fundacja-hereditas.pl\/wp-content\/uploads\/2023\/10\/Dziubiel_Agnieszka_Warszawa_Mokotowska_65_oficyna_boczna_klatka_schodowa_nr_2_poddasze_05-1920x3184.jpg 1920w\" sizes=\"auto, (max-width: 1544px) 100vw, 1544px\" \/><\/a><figcaption class=\"wp-element-caption\">Pierwsze podw\u00f3rze. Oficyna po\u0142udniowa. Strych. Fot. Agnieszka Dziubiel, 2023 r., \u017ar\u00f3d\u0142o: AOD IV.<\/figcaption><\/figure>\n\n\n\n<figure class=\"wp-block-image\"><a href=\"http:\/\/lapidarium.fundacja-hereditas.pl\/wp-content\/uploads\/2023\/10\/Robert_Marcinkowski_Warszawa_Mokotowska_65_Brama_II_02-scaled.jpg\"><img loading=\"lazy\" decoding=\"async\" width=\"1602\" height=\"2560\" data-id=\"14277\" src=\"http:\/\/lapidarium.fundacja-hereditas.pl\/wp-content\/uploads\/2023\/10\/Robert_Marcinkowski_Warszawa_Mokotowska_65_Brama_II_02-scaled.jpg\" alt=\"\" class=\"wp-image-14277\" srcset=\"http:\/\/lapidarium.fundacja-hereditas.pl\/wp-content\/uploads\/2023\/10\/Robert_Marcinkowski_Warszawa_Mokotowska_65_Brama_II_02-scaled.jpg 1602w, http:\/\/lapidarium.fundacja-hereditas.pl\/wp-content\/uploads\/2023\/10\/Robert_Marcinkowski_Warszawa_Mokotowska_65_Brama_II_02-188x300.jpg 188w, http:\/\/lapidarium.fundacja-hereditas.pl\/wp-content\/uploads\/2023\/10\/Robert_Marcinkowski_Warszawa_Mokotowska_65_Brama_II_02-641x1024.jpg 641w, http:\/\/lapidarium.fundacja-hereditas.pl\/wp-content\/uploads\/2023\/10\/Robert_Marcinkowski_Warszawa_Mokotowska_65_Brama_II_02-768x1227.jpg 768w, http:\/\/lapidarium.fundacja-hereditas.pl\/wp-content\/uploads\/2023\/10\/Robert_Marcinkowski_Warszawa_Mokotowska_65_Brama_II_02-961x1536.jpg 961w, http:\/\/lapidarium.fundacja-hereditas.pl\/wp-content\/uploads\/2023\/10\/Robert_Marcinkowski_Warszawa_Mokotowska_65_Brama_II_02-1282x2048.jpg 1282w, http:\/\/lapidarium.fundacja-hereditas.pl\/wp-content\/uploads\/2023\/10\/Robert_Marcinkowski_Warszawa_Mokotowska_65_Brama_II_02-150x240.jpg 150w, http:\/\/lapidarium.fundacja-hereditas.pl\/wp-content\/uploads\/2023\/10\/Robert_Marcinkowski_Warszawa_Mokotowska_65_Brama_II_02-300x479.jpg 300w, http:\/\/lapidarium.fundacja-hereditas.pl\/wp-content\/uploads\/2023\/10\/Robert_Marcinkowski_Warszawa_Mokotowska_65_Brama_II_02-696x1112.jpg 696w, http:\/\/lapidarium.fundacja-hereditas.pl\/wp-content\/uploads\/2023\/10\/Robert_Marcinkowski_Warszawa_Mokotowska_65_Brama_II_02-1068x1706.jpg 1068w, http:\/\/lapidarium.fundacja-hereditas.pl\/wp-content\/uploads\/2023\/10\/Robert_Marcinkowski_Warszawa_Mokotowska_65_Brama_II_02-1920x3068.jpg 1920w\" sizes=\"auto, (max-width: 1602px) 100vw, 1602px\" \/><\/a><figcaption class=\"wp-element-caption\">Drugi przejazd bramny, w oficynie poprzecznej. Widok na wsch\u00f3d. W tle pierwszy przejazd bramny, z wylotem na ulic\u0119. Fot. Robert Marcinkowski, 2023 r., \u017ar\u00f3d\u0142o: AOD IV.<\/figcaption><\/figure>\n\n\n\n<figure class=\"wp-block-image\"><a href=\"http:\/\/lapidarium.fundacja-hereditas.pl\/wp-content\/uploads\/2023\/10\/Robert_Marcinkowski_Warszawa_Mokotowska_65_Brama_II_01-scaled.jpg\"><img loading=\"lazy\" decoding=\"async\" width=\"1828\" height=\"2560\" data-id=\"14276\" src=\"http:\/\/lapidarium.fundacja-hereditas.pl\/wp-content\/uploads\/2023\/10\/Robert_Marcinkowski_Warszawa_Mokotowska_65_Brama_II_01-scaled.jpg\" alt=\"\" class=\"wp-image-14276\" srcset=\"http:\/\/lapidarium.fundacja-hereditas.pl\/wp-content\/uploads\/2023\/10\/Robert_Marcinkowski_Warszawa_Mokotowska_65_Brama_II_01-scaled.jpg 1828w, http:\/\/lapidarium.fundacja-hereditas.pl\/wp-content\/uploads\/2023\/10\/Robert_Marcinkowski_Warszawa_Mokotowska_65_Brama_II_01-214x300.jpg 214w, http:\/\/lapidarium.fundacja-hereditas.pl\/wp-content\/uploads\/2023\/10\/Robert_Marcinkowski_Warszawa_Mokotowska_65_Brama_II_01-731x1024.jpg 731w, http:\/\/lapidarium.fundacja-hereditas.pl\/wp-content\/uploads\/2023\/10\/Robert_Marcinkowski_Warszawa_Mokotowska_65_Brama_II_01-768x1076.jpg 768w, http:\/\/lapidarium.fundacja-hereditas.pl\/wp-content\/uploads\/2023\/10\/Robert_Marcinkowski_Warszawa_Mokotowska_65_Brama_II_01-1097x1536.jpg 1097w, http:\/\/lapidarium.fundacja-hereditas.pl\/wp-content\/uploads\/2023\/10\/Robert_Marcinkowski_Warszawa_Mokotowska_65_Brama_II_01-1462x2048.jpg 1462w, http:\/\/lapidarium.fundacja-hereditas.pl\/wp-content\/uploads\/2023\/10\/Robert_Marcinkowski_Warszawa_Mokotowska_65_Brama_II_01-150x210.jpg 150w, http:\/\/lapidarium.fundacja-hereditas.pl\/wp-content\/uploads\/2023\/10\/Robert_Marcinkowski_Warszawa_Mokotowska_65_Brama_II_01-300x420.jpg 300w, http:\/\/lapidarium.fundacja-hereditas.pl\/wp-content\/uploads\/2023\/10\/Robert_Marcinkowski_Warszawa_Mokotowska_65_Brama_II_01-696x975.jpg 696w, http:\/\/lapidarium.fundacja-hereditas.pl\/wp-content\/uploads\/2023\/10\/Robert_Marcinkowski_Warszawa_Mokotowska_65_Brama_II_01-1068x1496.jpg 1068w, http:\/\/lapidarium.fundacja-hereditas.pl\/wp-content\/uploads\/2023\/10\/Robert_Marcinkowski_Warszawa_Mokotowska_65_Brama_II_01-1920x2690.jpg 1920w\" sizes=\"auto, (max-width: 1828px) 100vw, 1828px\" \/><\/a><figcaption class=\"wp-element-caption\">Drugi przejazd bramny, w oficynie poprzecznej. Widok na zach\u00f3d. Fot. Robert Marcinkowski, 2023 r., \u017ar\u00f3d\u0142o: AOD IV.<\/figcaption><\/figure>\n\n\n\n<figure class=\"wp-block-image\"><a href=\"http:\/\/lapidarium.fundacja-hereditas.pl\/wp-content\/uploads\/2023\/10\/Dziubiel_Agnieszka_Warszawa_Mokotowska_65_oficyna_tylna_przejazd_bramny_drzwi_02-scaled.jpg\"><img loading=\"lazy\" decoding=\"async\" width=\"2000\" height=\"2560\" data-id=\"14209\" src=\"http:\/\/lapidarium.fundacja-hereditas.pl\/wp-content\/uploads\/2023\/10\/Dziubiel_Agnieszka_Warszawa_Mokotowska_65_oficyna_tylna_przejazd_bramny_drzwi_02-scaled.jpg\" alt=\"\" class=\"wp-image-14209\" srcset=\"http:\/\/lapidarium.fundacja-hereditas.pl\/wp-content\/uploads\/2023\/10\/Dziubiel_Agnieszka_Warszawa_Mokotowska_65_oficyna_tylna_przejazd_bramny_drzwi_02-scaled.jpg 2000w, http:\/\/lapidarium.fundacja-hereditas.pl\/wp-content\/uploads\/2023\/10\/Dziubiel_Agnieszka_Warszawa_Mokotowska_65_oficyna_tylna_przejazd_bramny_drzwi_02-234x300.jpg 234w, http:\/\/lapidarium.fundacja-hereditas.pl\/wp-content\/uploads\/2023\/10\/Dziubiel_Agnieszka_Warszawa_Mokotowska_65_oficyna_tylna_przejazd_bramny_drzwi_02-800x1024.jpg 800w, http:\/\/lapidarium.fundacja-hereditas.pl\/wp-content\/uploads\/2023\/10\/Dziubiel_Agnieszka_Warszawa_Mokotowska_65_oficyna_tylna_przejazd_bramny_drzwi_02-768x983.jpg 768w, http:\/\/lapidarium.fundacja-hereditas.pl\/wp-content\/uploads\/2023\/10\/Dziubiel_Agnieszka_Warszawa_Mokotowska_65_oficyna_tylna_przejazd_bramny_drzwi_02-1200x1536.jpg 1200w, http:\/\/lapidarium.fundacja-hereditas.pl\/wp-content\/uploads\/2023\/10\/Dziubiel_Agnieszka_Warszawa_Mokotowska_65_oficyna_tylna_przejazd_bramny_drzwi_02-1600x2048.jpg 1600w, http:\/\/lapidarium.fundacja-hereditas.pl\/wp-content\/uploads\/2023\/10\/Dziubiel_Agnieszka_Warszawa_Mokotowska_65_oficyna_tylna_przejazd_bramny_drzwi_02-150x192.jpg 150w, http:\/\/lapidarium.fundacja-hereditas.pl\/wp-content\/uploads\/2023\/10\/Dziubiel_Agnieszka_Warszawa_Mokotowska_65_oficyna_tylna_przejazd_bramny_drzwi_02-300x384.jpg 300w, http:\/\/lapidarium.fundacja-hereditas.pl\/wp-content\/uploads\/2023\/10\/Dziubiel_Agnieszka_Warszawa_Mokotowska_65_oficyna_tylna_przejazd_bramny_drzwi_02-696x891.jpg 696w, http:\/\/lapidarium.fundacja-hereditas.pl\/wp-content\/uploads\/2023\/10\/Dziubiel_Agnieszka_Warszawa_Mokotowska_65_oficyna_tylna_przejazd_bramny_drzwi_02-1068x1367.jpg 1068w, http:\/\/lapidarium.fundacja-hereditas.pl\/wp-content\/uploads\/2023\/10\/Dziubiel_Agnieszka_Warszawa_Mokotowska_65_oficyna_tylna_przejazd_bramny_drzwi_02-1920x2457.jpg 1920w\" sizes=\"auto, (max-width: 2000px) 100vw, 2000px\" \/><\/a><figcaption class=\"wp-element-caption\">Drugi przejazd bramny, w oficynie poprzecznej. Drzwi do lokalu us\u0142ugowego\/str\u00f3\u017c\u00f3wki (?). Widok na po\u0142udnie. Fot. Agnieszka Dziubiel, 2023 r., \u017ar\u00f3d\u0142o: AOD IV.<\/figcaption><\/figure>\n\n\n\n<figure class=\"wp-block-image\"><a href=\"http:\/\/lapidarium.fundacja-hereditas.pl\/wp-content\/uploads\/2023\/10\/Dziubiel_Agnieszka_Warszawa_Mokotowska_65_oficyna_tylna_przejazd_bramny_drzwi_detal_03-scaled.jpg\"><img loading=\"lazy\" decoding=\"async\" width=\"2560\" height=\"1957\" data-id=\"14213\" src=\"http:\/\/lapidarium.fundacja-hereditas.pl\/wp-content\/uploads\/2023\/10\/Dziubiel_Agnieszka_Warszawa_Mokotowska_65_oficyna_tylna_przejazd_bramny_drzwi_detal_03-scaled.jpg\" alt=\"\" class=\"wp-image-14213\" srcset=\"http:\/\/lapidarium.fundacja-hereditas.pl\/wp-content\/uploads\/2023\/10\/Dziubiel_Agnieszka_Warszawa_Mokotowska_65_oficyna_tylna_przejazd_bramny_drzwi_detal_03-scaled.jpg 2560w, http:\/\/lapidarium.fundacja-hereditas.pl\/wp-content\/uploads\/2023\/10\/Dziubiel_Agnieszka_Warszawa_Mokotowska_65_oficyna_tylna_przejazd_bramny_drzwi_detal_03-300x229.jpg 300w, http:\/\/lapidarium.fundacja-hereditas.pl\/wp-content\/uploads\/2023\/10\/Dziubiel_Agnieszka_Warszawa_Mokotowska_65_oficyna_tylna_przejazd_bramny_drzwi_detal_03-1024x783.jpg 1024w, http:\/\/lapidarium.fundacja-hereditas.pl\/wp-content\/uploads\/2023\/10\/Dziubiel_Agnieszka_Warszawa_Mokotowska_65_oficyna_tylna_przejazd_bramny_drzwi_detal_03-768x587.jpg 768w, http:\/\/lapidarium.fundacja-hereditas.pl\/wp-content\/uploads\/2023\/10\/Dziubiel_Agnieszka_Warszawa_Mokotowska_65_oficyna_tylna_przejazd_bramny_drzwi_detal_03-1536x1174.jpg 1536w, http:\/\/lapidarium.fundacja-hereditas.pl\/wp-content\/uploads\/2023\/10\/Dziubiel_Agnieszka_Warszawa_Mokotowska_65_oficyna_tylna_przejazd_bramny_drzwi_detal_03-2048x1566.jpg 2048w, http:\/\/lapidarium.fundacja-hereditas.pl\/wp-content\/uploads\/2023\/10\/Dziubiel_Agnieszka_Warszawa_Mokotowska_65_oficyna_tylna_przejazd_bramny_drzwi_detal_03-150x115.jpg 150w, http:\/\/lapidarium.fundacja-hereditas.pl\/wp-content\/uploads\/2023\/10\/Dziubiel_Agnieszka_Warszawa_Mokotowska_65_oficyna_tylna_przejazd_bramny_drzwi_detal_03-696x532.jpg 696w, http:\/\/lapidarium.fundacja-hereditas.pl\/wp-content\/uploads\/2023\/10\/Dziubiel_Agnieszka_Warszawa_Mokotowska_65_oficyna_tylna_przejazd_bramny_drzwi_detal_03-1068x817.jpg 1068w, http:\/\/lapidarium.fundacja-hereditas.pl\/wp-content\/uploads\/2023\/10\/Dziubiel_Agnieszka_Warszawa_Mokotowska_65_oficyna_tylna_przejazd_bramny_drzwi_detal_03-1920x1468.jpg 1920w\" sizes=\"auto, (max-width: 2560px) 100vw, 2560px\" \/><\/a><figcaption class=\"wp-element-caption\">Drugi przejazd bramny, w oficynie poprzecznej. Drzwi do lokalu us\u0142ugowego\/str\u00f3\u017c\u00f3wki (?) &#8211; detal. Widok na po\u0142udnie. Fot. Agnieszka Dziubiel, 2023 r., \u017ar\u00f3d\u0142o: AOD IV.<\/figcaption><\/figure>\n\n\n\n<figure class=\"wp-block-image\"><a href=\"http:\/\/lapidarium.fundacja-hereditas.pl\/wp-content\/uploads\/2023\/10\/Dziubiel_Agnieszka_Warszawa_Mokotowska_65_oficyna_tylna_przejazd_bramny_drzwi_detal_02-scaled.jpg\"><img loading=\"lazy\" decoding=\"async\" width=\"2560\" height=\"1911\" data-id=\"14212\" src=\"http:\/\/lapidarium.fundacja-hereditas.pl\/wp-content\/uploads\/2023\/10\/Dziubiel_Agnieszka_Warszawa_Mokotowska_65_oficyna_tylna_przejazd_bramny_drzwi_detal_02-scaled.jpg\" alt=\"\" class=\"wp-image-14212\" srcset=\"http:\/\/lapidarium.fundacja-hereditas.pl\/wp-content\/uploads\/2023\/10\/Dziubiel_Agnieszka_Warszawa_Mokotowska_65_oficyna_tylna_przejazd_bramny_drzwi_detal_02-scaled.jpg 2560w, http:\/\/lapidarium.fundacja-hereditas.pl\/wp-content\/uploads\/2023\/10\/Dziubiel_Agnieszka_Warszawa_Mokotowska_65_oficyna_tylna_przejazd_bramny_drzwi_detal_02-300x224.jpg 300w, http:\/\/lapidarium.fundacja-hereditas.pl\/wp-content\/uploads\/2023\/10\/Dziubiel_Agnieszka_Warszawa_Mokotowska_65_oficyna_tylna_przejazd_bramny_drzwi_detal_02-1024x764.jpg 1024w, http:\/\/lapidarium.fundacja-hereditas.pl\/wp-content\/uploads\/2023\/10\/Dziubiel_Agnieszka_Warszawa_Mokotowska_65_oficyna_tylna_przejazd_bramny_drzwi_detal_02-768x573.jpg 768w, http:\/\/lapidarium.fundacja-hereditas.pl\/wp-content\/uploads\/2023\/10\/Dziubiel_Agnieszka_Warszawa_Mokotowska_65_oficyna_tylna_przejazd_bramny_drzwi_detal_02-1536x1147.jpg 1536w, http:\/\/lapidarium.fundacja-hereditas.pl\/wp-content\/uploads\/2023\/10\/Dziubiel_Agnieszka_Warszawa_Mokotowska_65_oficyna_tylna_przejazd_bramny_drzwi_detal_02-2048x1529.jpg 2048w, http:\/\/lapidarium.fundacja-hereditas.pl\/wp-content\/uploads\/2023\/10\/Dziubiel_Agnieszka_Warszawa_Mokotowska_65_oficyna_tylna_przejazd_bramny_drzwi_detal_02-150x112.jpg 150w, http:\/\/lapidarium.fundacja-hereditas.pl\/wp-content\/uploads\/2023\/10\/Dziubiel_Agnieszka_Warszawa_Mokotowska_65_oficyna_tylna_przejazd_bramny_drzwi_detal_02-696x520.jpg 696w, http:\/\/lapidarium.fundacja-hereditas.pl\/wp-content\/uploads\/2023\/10\/Dziubiel_Agnieszka_Warszawa_Mokotowska_65_oficyna_tylna_przejazd_bramny_drzwi_detal_02-1068x797.jpg 1068w, http:\/\/lapidarium.fundacja-hereditas.pl\/wp-content\/uploads\/2023\/10\/Dziubiel_Agnieszka_Warszawa_Mokotowska_65_oficyna_tylna_przejazd_bramny_drzwi_detal_02-1920x1433.jpg 1920w\" sizes=\"auto, (max-width: 2560px) 100vw, 2560px\" \/><\/a><figcaption class=\"wp-element-caption\">Drugi przejazd bramny, w oficynie poprzecznej. Drzwi do lokalu us\u0142ugowego\/str\u00f3\u017c\u00f3wki (?) &#8211; detal. Widok na po\u0142udnie. Fot. Agnieszka Dziubiel, 2023 r., \u017ar\u00f3d\u0142o: AOD IV.<\/figcaption><\/figure>\n\n\n\n<figure class=\"wp-block-image\"><a href=\"http:\/\/lapidarium.fundacja-hereditas.pl\/wp-content\/uploads\/2023\/10\/Dziubiel_Agnieszka_Warszawa_Mokotowska_65_oficyna_tylna_przejazd_bramny_drzwi_detal_01-scaled.jpg\"><img loading=\"lazy\" decoding=\"async\" width=\"1945\" height=\"2560\" data-id=\"14211\" src=\"http:\/\/lapidarium.fundacja-hereditas.pl\/wp-content\/uploads\/2023\/10\/Dziubiel_Agnieszka_Warszawa_Mokotowska_65_oficyna_tylna_przejazd_bramny_drzwi_detal_01-scaled.jpg\" alt=\"\" class=\"wp-image-14211\" srcset=\"http:\/\/lapidarium.fundacja-hereditas.pl\/wp-content\/uploads\/2023\/10\/Dziubiel_Agnieszka_Warszawa_Mokotowska_65_oficyna_tylna_przejazd_bramny_drzwi_detal_01-scaled.jpg 1945w, http:\/\/lapidarium.fundacja-hereditas.pl\/wp-content\/uploads\/2023\/10\/Dziubiel_Agnieszka_Warszawa_Mokotowska_65_oficyna_tylna_przejazd_bramny_drzwi_detal_01-228x300.jpg 228w, http:\/\/lapidarium.fundacja-hereditas.pl\/wp-content\/uploads\/2023\/10\/Dziubiel_Agnieszka_Warszawa_Mokotowska_65_oficyna_tylna_przejazd_bramny_drzwi_detal_01-778x1024.jpg 778w, http:\/\/lapidarium.fundacja-hereditas.pl\/wp-content\/uploads\/2023\/10\/Dziubiel_Agnieszka_Warszawa_Mokotowska_65_oficyna_tylna_przejazd_bramny_drzwi_detal_01-768x1011.jpg 768w, http:\/\/lapidarium.fundacja-hereditas.pl\/wp-content\/uploads\/2023\/10\/Dziubiel_Agnieszka_Warszawa_Mokotowska_65_oficyna_tylna_przejazd_bramny_drzwi_detal_01-1167x1536.jpg 1167w, http:\/\/lapidarium.fundacja-hereditas.pl\/wp-content\/uploads\/2023\/10\/Dziubiel_Agnieszka_Warszawa_Mokotowska_65_oficyna_tylna_przejazd_bramny_drzwi_detal_01-1556x2048.jpg 1556w, http:\/\/lapidarium.fundacja-hereditas.pl\/wp-content\/uploads\/2023\/10\/Dziubiel_Agnieszka_Warszawa_Mokotowska_65_oficyna_tylna_przejazd_bramny_drzwi_detal_01-150x197.jpg 150w, http:\/\/lapidarium.fundacja-hereditas.pl\/wp-content\/uploads\/2023\/10\/Dziubiel_Agnieszka_Warszawa_Mokotowska_65_oficyna_tylna_przejazd_bramny_drzwi_detal_01-300x395.jpg 300w, http:\/\/lapidarium.fundacja-hereditas.pl\/wp-content\/uploads\/2023\/10\/Dziubiel_Agnieszka_Warszawa_Mokotowska_65_oficyna_tylna_przejazd_bramny_drzwi_detal_01-696x916.jpg 696w, http:\/\/lapidarium.fundacja-hereditas.pl\/wp-content\/uploads\/2023\/10\/Dziubiel_Agnieszka_Warszawa_Mokotowska_65_oficyna_tylna_przejazd_bramny_drzwi_detal_01-1068x1406.jpg 1068w, http:\/\/lapidarium.fundacja-hereditas.pl\/wp-content\/uploads\/2023\/10\/Dziubiel_Agnieszka_Warszawa_Mokotowska_65_oficyna_tylna_przejazd_bramny_drzwi_detal_01-1920x2528.jpg 1920w\" sizes=\"auto, (max-width: 1945px) 100vw, 1945px\" \/><\/a><figcaption class=\"wp-element-caption\">Drugi przejazd bramny, w oficynie poprzecznej. Drzwi do lokalu us\u0142ugowego\/str\u00f3\u017c\u00f3wki (?) &#8211; detal. Widok na po\u0142udnie. Fot. Agnieszka Dziubiel, 2023 r., \u017ar\u00f3d\u0142o: AOD IV.<\/figcaption><\/figure>\n\n\n\n<figure class=\"wp-block-image\"><a href=\"http:\/\/lapidarium.fundacja-hereditas.pl\/wp-content\/uploads\/2023\/10\/Robert_Marcinkowski_Warszawa_Mokotowska_65_Brama_II_03-scaled.jpg\"><img loading=\"lazy\" decoding=\"async\" width=\"1550\" height=\"2560\" data-id=\"14278\" src=\"http:\/\/lapidarium.fundacja-hereditas.pl\/wp-content\/uploads\/2023\/10\/Robert_Marcinkowski_Warszawa_Mokotowska_65_Brama_II_03-scaled.jpg\" alt=\"\" class=\"wp-image-14278\" srcset=\"http:\/\/lapidarium.fundacja-hereditas.pl\/wp-content\/uploads\/2023\/10\/Robert_Marcinkowski_Warszawa_Mokotowska_65_Brama_II_03-scaled.jpg 1550w, http:\/\/lapidarium.fundacja-hereditas.pl\/wp-content\/uploads\/2023\/10\/Robert_Marcinkowski_Warszawa_Mokotowska_65_Brama_II_03-182x300.jpg 182w, http:\/\/lapidarium.fundacja-hereditas.pl\/wp-content\/uploads\/2023\/10\/Robert_Marcinkowski_Warszawa_Mokotowska_65_Brama_II_03-620x1024.jpg 620w, http:\/\/lapidarium.fundacja-hereditas.pl\/wp-content\/uploads\/2023\/10\/Robert_Marcinkowski_Warszawa_Mokotowska_65_Brama_II_03-768x1268.jpg 768w, http:\/\/lapidarium.fundacja-hereditas.pl\/wp-content\/uploads\/2023\/10\/Robert_Marcinkowski_Warszawa_Mokotowska_65_Brama_II_03-930x1536.jpg 930w, http:\/\/lapidarium.fundacja-hereditas.pl\/wp-content\/uploads\/2023\/10\/Robert_Marcinkowski_Warszawa_Mokotowska_65_Brama_II_03-1240x2048.jpg 1240w, http:\/\/lapidarium.fundacja-hereditas.pl\/wp-content\/uploads\/2023\/10\/Robert_Marcinkowski_Warszawa_Mokotowska_65_Brama_II_03-150x248.jpg 150w, http:\/\/lapidarium.fundacja-hereditas.pl\/wp-content\/uploads\/2023\/10\/Robert_Marcinkowski_Warszawa_Mokotowska_65_Brama_II_03-300x495.jpg 300w, http:\/\/lapidarium.fundacja-hereditas.pl\/wp-content\/uploads\/2023\/10\/Robert_Marcinkowski_Warszawa_Mokotowska_65_Brama_II_03-696x1150.jpg 696w, http:\/\/lapidarium.fundacja-hereditas.pl\/wp-content\/uploads\/2023\/10\/Robert_Marcinkowski_Warszawa_Mokotowska_65_Brama_II_03-1068x1764.jpg 1068w, http:\/\/lapidarium.fundacja-hereditas.pl\/wp-content\/uploads\/2023\/10\/Robert_Marcinkowski_Warszawa_Mokotowska_65_Brama_II_03-1920x3171.jpg 1920w\" sizes=\"auto, (max-width: 1550px) 100vw, 1550px\" \/><\/a><figcaption class=\"wp-element-caption\">Drugi przejazd bramny, w oficynie poprzecznej. Widok na zach\u00f3d. Drzwi na klatk\u0119 schodow\u0105 g\u0142\u00f3wn\u0105 (wy\u017csze) i do paleniska pieca klatkowego (ni\u017csze). Fot. Robert Marcinkowski, 2023 r., \u017ar\u00f3d\u0142o: AOD IV.<\/figcaption><\/figure>\n\n\n\n<figure class=\"wp-block-image\"><a href=\"http:\/\/lapidarium.fundacja-hereditas.pl\/wp-content\/uploads\/2023\/10\/Dziubiel_Agnieszka_Warszawa_Mokotowska_65_oficyna_tylna_przejazd_bramny_drzwi_04-scaled.jpg\"><img loading=\"lazy\" decoding=\"async\" width=\"1516\" height=\"2560\" data-id=\"14210\" src=\"http:\/\/lapidarium.fundacja-hereditas.pl\/wp-content\/uploads\/2023\/10\/Dziubiel_Agnieszka_Warszawa_Mokotowska_65_oficyna_tylna_przejazd_bramny_drzwi_04-scaled.jpg\" alt=\"\" class=\"wp-image-14210\" srcset=\"http:\/\/lapidarium.fundacja-hereditas.pl\/wp-content\/uploads\/2023\/10\/Dziubiel_Agnieszka_Warszawa_Mokotowska_65_oficyna_tylna_przejazd_bramny_drzwi_04-scaled.jpg 1516w, http:\/\/lapidarium.fundacja-hereditas.pl\/wp-content\/uploads\/2023\/10\/Dziubiel_Agnieszka_Warszawa_Mokotowska_65_oficyna_tylna_przejazd_bramny_drzwi_04-178x300.jpg 178w, http:\/\/lapidarium.fundacja-hereditas.pl\/wp-content\/uploads\/2023\/10\/Dziubiel_Agnieszka_Warszawa_Mokotowska_65_oficyna_tylna_przejazd_bramny_drzwi_04-607x1024.jpg 607w, http:\/\/lapidarium.fundacja-hereditas.pl\/wp-content\/uploads\/2023\/10\/Dziubiel_Agnieszka_Warszawa_Mokotowska_65_oficyna_tylna_przejazd_bramny_drzwi_04-768x1297.jpg 768w, http:\/\/lapidarium.fundacja-hereditas.pl\/wp-content\/uploads\/2023\/10\/Dziubiel_Agnieszka_Warszawa_Mokotowska_65_oficyna_tylna_przejazd_bramny_drzwi_04-910x1536.jpg 910w, http:\/\/lapidarium.fundacja-hereditas.pl\/wp-content\/uploads\/2023\/10\/Dziubiel_Agnieszka_Warszawa_Mokotowska_65_oficyna_tylna_przejazd_bramny_drzwi_04-1213x2048.jpg 1213w, http:\/\/lapidarium.fundacja-hereditas.pl\/wp-content\/uploads\/2023\/10\/Dziubiel_Agnieszka_Warszawa_Mokotowska_65_oficyna_tylna_przejazd_bramny_drzwi_04-150x253.jpg 150w, http:\/\/lapidarium.fundacja-hereditas.pl\/wp-content\/uploads\/2023\/10\/Dziubiel_Agnieszka_Warszawa_Mokotowska_65_oficyna_tylna_przejazd_bramny_drzwi_04-300x506.jpg 300w, http:\/\/lapidarium.fundacja-hereditas.pl\/wp-content\/uploads\/2023\/10\/Dziubiel_Agnieszka_Warszawa_Mokotowska_65_oficyna_tylna_przejazd_bramny_drzwi_04-696x1175.jpg 696w, http:\/\/lapidarium.fundacja-hereditas.pl\/wp-content\/uploads\/2023\/10\/Dziubiel_Agnieszka_Warszawa_Mokotowska_65_oficyna_tylna_przejazd_bramny_drzwi_04-1068x1803.jpg 1068w, http:\/\/lapidarium.fundacja-hereditas.pl\/wp-content\/uploads\/2023\/10\/Dziubiel_Agnieszka_Warszawa_Mokotowska_65_oficyna_tylna_przejazd_bramny_drzwi_04-1920x3241.jpg 1920w\" sizes=\"auto, (max-width: 1516px) 100vw, 1516px\" \/><\/a><figcaption class=\"wp-element-caption\">Drugi przejazd bramny, w oficynie poprzecznej. Drzwi do paleniska pieca klatkowego. Fot. Agnieszka Dziubiel, 2023 r., \u017ar\u00f3d\u0142o: AOD IV.<\/figcaption><\/figure>\n\n\n\n<figure class=\"wp-block-image\"><a href=\"http:\/\/lapidarium.fundacja-hereditas.pl\/wp-content\/uploads\/2023\/10\/Dziubiel_Agnieszka_Warszawa_Mokotowska_65_oficyna_tylna_klatka_schodowa_nr_3_wejscie_02-scaled.jpg\"><img loading=\"lazy\" decoding=\"async\" width=\"1302\" height=\"2560\" data-id=\"14206\" src=\"http:\/\/lapidarium.fundacja-hereditas.pl\/wp-content\/uploads\/2023\/10\/Dziubiel_Agnieszka_Warszawa_Mokotowska_65_oficyna_tylna_klatka_schodowa_nr_3_wejscie_02-scaled.jpg\" alt=\"\" class=\"wp-image-14206\" srcset=\"http:\/\/lapidarium.fundacja-hereditas.pl\/wp-content\/uploads\/2023\/10\/Dziubiel_Agnieszka_Warszawa_Mokotowska_65_oficyna_tylna_klatka_schodowa_nr_3_wejscie_02-scaled.jpg 1302w, http:\/\/lapidarium.fundacja-hereditas.pl\/wp-content\/uploads\/2023\/10\/Dziubiel_Agnieszka_Warszawa_Mokotowska_65_oficyna_tylna_klatka_schodowa_nr_3_wejscie_02-153x300.jpg 153w, http:\/\/lapidarium.fundacja-hereditas.pl\/wp-content\/uploads\/2023\/10\/Dziubiel_Agnieszka_Warszawa_Mokotowska_65_oficyna_tylna_klatka_schodowa_nr_3_wejscie_02-521x1024.jpg 521w, http:\/\/lapidarium.fundacja-hereditas.pl\/wp-content\/uploads\/2023\/10\/Dziubiel_Agnieszka_Warszawa_Mokotowska_65_oficyna_tylna_klatka_schodowa_nr_3_wejscie_02-768x1510.jpg 768w, http:\/\/lapidarium.fundacja-hereditas.pl\/wp-content\/uploads\/2023\/10\/Dziubiel_Agnieszka_Warszawa_Mokotowska_65_oficyna_tylna_klatka_schodowa_nr_3_wejscie_02-781x1536.jpg 781w, http:\/\/lapidarium.fundacja-hereditas.pl\/wp-content\/uploads\/2023\/10\/Dziubiel_Agnieszka_Warszawa_Mokotowska_65_oficyna_tylna_klatka_schodowa_nr_3_wejscie_02-1042x2048.jpg 1042w, http:\/\/lapidarium.fundacja-hereditas.pl\/wp-content\/uploads\/2023\/10\/Dziubiel_Agnieszka_Warszawa_Mokotowska_65_oficyna_tylna_klatka_schodowa_nr_3_wejscie_02-150x295.jpg 150w, http:\/\/lapidarium.fundacja-hereditas.pl\/wp-content\/uploads\/2023\/10\/Dziubiel_Agnieszka_Warszawa_Mokotowska_65_oficyna_tylna_klatka_schodowa_nr_3_wejscie_02-300x590.jpg 300w, http:\/\/lapidarium.fundacja-hereditas.pl\/wp-content\/uploads\/2023\/10\/Dziubiel_Agnieszka_Warszawa_Mokotowska_65_oficyna_tylna_klatka_schodowa_nr_3_wejscie_02-696x1368.jpg 696w, http:\/\/lapidarium.fundacja-hereditas.pl\/wp-content\/uploads\/2023\/10\/Dziubiel_Agnieszka_Warszawa_Mokotowska_65_oficyna_tylna_klatka_schodowa_nr_3_wejscie_02-1068x2099.jpg 1068w\" sizes=\"auto, (max-width: 1302px) 100vw, 1302px\" \/><\/a><figcaption class=\"wp-element-caption\">Drugi przejazd bramny, w oficynie poprzecznej. Drzwi na g\u0142\u00f3wn\u0105 klatk\u0119 schodow\u0105. Widok na p\u00f3\u0142noc. Fot. Agnieszka Dziubiel, 2023 r., \u017ar\u00f3d\u0142o: AOD IV.<\/figcaption><\/figure>\n\n\n\n<figure class=\"wp-block-image\"><a href=\"http:\/\/lapidarium.fundacja-hereditas.pl\/wp-content\/uploads\/2023\/10\/Dziubiel_Agnieszka_Warszawa_Mokotowska_65_oficyna_tylna_klatka_schodowa_nr_3_wejscie_detal_01-scaled.jpg\"><img loading=\"lazy\" decoding=\"async\" width=\"2560\" height=\"1915\" data-id=\"14207\" src=\"http:\/\/lapidarium.fundacja-hereditas.pl\/wp-content\/uploads\/2023\/10\/Dziubiel_Agnieszka_Warszawa_Mokotowska_65_oficyna_tylna_klatka_schodowa_nr_3_wejscie_detal_01-scaled.jpg\" alt=\"\" class=\"wp-image-14207\" srcset=\"http:\/\/lapidarium.fundacja-hereditas.pl\/wp-content\/uploads\/2023\/10\/Dziubiel_Agnieszka_Warszawa_Mokotowska_65_oficyna_tylna_klatka_schodowa_nr_3_wejscie_detal_01-scaled.jpg 2560w, http:\/\/lapidarium.fundacja-hereditas.pl\/wp-content\/uploads\/2023\/10\/Dziubiel_Agnieszka_Warszawa_Mokotowska_65_oficyna_tylna_klatka_schodowa_nr_3_wejscie_detal_01-300x224.jpg 300w, http:\/\/lapidarium.fundacja-hereditas.pl\/wp-content\/uploads\/2023\/10\/Dziubiel_Agnieszka_Warszawa_Mokotowska_65_oficyna_tylna_klatka_schodowa_nr_3_wejscie_detal_01-1024x766.jpg 1024w, http:\/\/lapidarium.fundacja-hereditas.pl\/wp-content\/uploads\/2023\/10\/Dziubiel_Agnieszka_Warszawa_Mokotowska_65_oficyna_tylna_klatka_schodowa_nr_3_wejscie_detal_01-768x574.jpg 768w, http:\/\/lapidarium.fundacja-hereditas.pl\/wp-content\/uploads\/2023\/10\/Dziubiel_Agnieszka_Warszawa_Mokotowska_65_oficyna_tylna_klatka_schodowa_nr_3_wejscie_detal_01-1536x1149.jpg 1536w, http:\/\/lapidarium.fundacja-hereditas.pl\/wp-content\/uploads\/2023\/10\/Dziubiel_Agnieszka_Warszawa_Mokotowska_65_oficyna_tylna_klatka_schodowa_nr_3_wejscie_detal_01-2048x1532.jpg 2048w, http:\/\/lapidarium.fundacja-hereditas.pl\/wp-content\/uploads\/2023\/10\/Dziubiel_Agnieszka_Warszawa_Mokotowska_65_oficyna_tylna_klatka_schodowa_nr_3_wejscie_detal_01-150x112.jpg 150w, http:\/\/lapidarium.fundacja-hereditas.pl\/wp-content\/uploads\/2023\/10\/Dziubiel_Agnieszka_Warszawa_Mokotowska_65_oficyna_tylna_klatka_schodowa_nr_3_wejscie_detal_01-696x521.jpg 696w, http:\/\/lapidarium.fundacja-hereditas.pl\/wp-content\/uploads\/2023\/10\/Dziubiel_Agnieszka_Warszawa_Mokotowska_65_oficyna_tylna_klatka_schodowa_nr_3_wejscie_detal_01-1068x799.jpg 1068w, http:\/\/lapidarium.fundacja-hereditas.pl\/wp-content\/uploads\/2023\/10\/Dziubiel_Agnieszka_Warszawa_Mokotowska_65_oficyna_tylna_klatka_schodowa_nr_3_wejscie_detal_01-1920x1436.jpg 1920w\" sizes=\"auto, (max-width: 2560px) 100vw, 2560px\" \/><\/a><figcaption class=\"wp-element-caption\">Drugi przejazd bramny, w oficynie poprzecznej. Drzwi na g\u0142\u00f3wn\u0105 klatk\u0119 schodow\u0105 &#8211; detal. Fot. Agnieszka Dziubiel, 2023 r., \u017ar\u00f3d\u0142o: AOD IV.<\/figcaption><\/figure>\n\n\n\n<figure class=\"wp-block-image\"><a href=\"http:\/\/lapidarium.fundacja-hereditas.pl\/wp-content\/uploads\/2023\/10\/Dziubiel_Agnieszka_Warszawa_Mokotowska_65_oficyna_tylna_klatka_schodowa_nr_3_posadzka_02-scaled.jpg\"><img loading=\"lazy\" decoding=\"async\" width=\"2560\" height=\"1441\" data-id=\"14205\" src=\"http:\/\/lapidarium.fundacja-hereditas.pl\/wp-content\/uploads\/2023\/10\/Dziubiel_Agnieszka_Warszawa_Mokotowska_65_oficyna_tylna_klatka_schodowa_nr_3_posadzka_02-scaled.jpg\" alt=\"\" class=\"wp-image-14205\" srcset=\"http:\/\/lapidarium.fundacja-hereditas.pl\/wp-content\/uploads\/2023\/10\/Dziubiel_Agnieszka_Warszawa_Mokotowska_65_oficyna_tylna_klatka_schodowa_nr_3_posadzka_02-scaled.jpg 2560w, http:\/\/lapidarium.fundacja-hereditas.pl\/wp-content\/uploads\/2023\/10\/Dziubiel_Agnieszka_Warszawa_Mokotowska_65_oficyna_tylna_klatka_schodowa_nr_3_posadzka_02-300x169.jpg 300w, http:\/\/lapidarium.fundacja-hereditas.pl\/wp-content\/uploads\/2023\/10\/Dziubiel_Agnieszka_Warszawa_Mokotowska_65_oficyna_tylna_klatka_schodowa_nr_3_posadzka_02-1024x576.jpg 1024w, http:\/\/lapidarium.fundacja-hereditas.pl\/wp-content\/uploads\/2023\/10\/Dziubiel_Agnieszka_Warszawa_Mokotowska_65_oficyna_tylna_klatka_schodowa_nr_3_posadzka_02-768x432.jpg 768w, http:\/\/lapidarium.fundacja-hereditas.pl\/wp-content\/uploads\/2023\/10\/Dziubiel_Agnieszka_Warszawa_Mokotowska_65_oficyna_tylna_klatka_schodowa_nr_3_posadzka_02-1536x864.jpg 1536w, http:\/\/lapidarium.fundacja-hereditas.pl\/wp-content\/uploads\/2023\/10\/Dziubiel_Agnieszka_Warszawa_Mokotowska_65_oficyna_tylna_klatka_schodowa_nr_3_posadzka_02-2048x1152.jpg 2048w, http:\/\/lapidarium.fundacja-hereditas.pl\/wp-content\/uploads\/2023\/10\/Dziubiel_Agnieszka_Warszawa_Mokotowska_65_oficyna_tylna_klatka_schodowa_nr_3_posadzka_02-150x84.jpg 150w, http:\/\/lapidarium.fundacja-hereditas.pl\/wp-content\/uploads\/2023\/10\/Dziubiel_Agnieszka_Warszawa_Mokotowska_65_oficyna_tylna_klatka_schodowa_nr_3_posadzka_02-696x392.jpg 696w, http:\/\/lapidarium.fundacja-hereditas.pl\/wp-content\/uploads\/2023\/10\/Dziubiel_Agnieszka_Warszawa_Mokotowska_65_oficyna_tylna_klatka_schodowa_nr_3_posadzka_02-1068x601.jpg 1068w, http:\/\/lapidarium.fundacja-hereditas.pl\/wp-content\/uploads\/2023\/10\/Dziubiel_Agnieszka_Warszawa_Mokotowska_65_oficyna_tylna_klatka_schodowa_nr_3_posadzka_02-1920x1080.jpg 1920w\" sizes=\"auto, (max-width: 2560px) 100vw, 2560px\" \/><\/a><figcaption class=\"wp-element-caption\">Oficyna poprzeczna. Klatka schodowa. Posadzka przed biegiem wyr\u00f3wnawczym schod\u00f3w. Fot. Agnieszka Dziubiel, 2023 r., \u017ar\u00f3d\u0142o: AOD IV.<\/figcaption><\/figure>\n\n\n\n<figure class=\"wp-block-image\"><a href=\"http:\/\/lapidarium.fundacja-hereditas.pl\/wp-content\/uploads\/2023\/10\/I_Otrebska_Mokotowska_65_przejazd_bramny_II_klatka_schodowa_parter_piec-116-scaled.jpg\"><img loading=\"lazy\" decoding=\"async\" width=\"1753\" height=\"2560\" data-id=\"14272\" src=\"http:\/\/lapidarium.fundacja-hereditas.pl\/wp-content\/uploads\/2023\/10\/I_Otrebska_Mokotowska_65_przejazd_bramny_II_klatka_schodowa_parter_piec-116-scaled.jpg\" alt=\"\" class=\"wp-image-14272\" srcset=\"http:\/\/lapidarium.fundacja-hereditas.pl\/wp-content\/uploads\/2023\/10\/I_Otrebska_Mokotowska_65_przejazd_bramny_II_klatka_schodowa_parter_piec-116-scaled.jpg 1753w, http:\/\/lapidarium.fundacja-hereditas.pl\/wp-content\/uploads\/2023\/10\/I_Otrebska_Mokotowska_65_przejazd_bramny_II_klatka_schodowa_parter_piec-116-205x300.jpg 205w, http:\/\/lapidarium.fundacja-hereditas.pl\/wp-content\/uploads\/2023\/10\/I_Otrebska_Mokotowska_65_przejazd_bramny_II_klatka_schodowa_parter_piec-116-701x1024.jpg 701w, http:\/\/lapidarium.fundacja-hereditas.pl\/wp-content\/uploads\/2023\/10\/I_Otrebska_Mokotowska_65_przejazd_bramny_II_klatka_schodowa_parter_piec-116-768x1121.jpg 768w, http:\/\/lapidarium.fundacja-hereditas.pl\/wp-content\/uploads\/2023\/10\/I_Otrebska_Mokotowska_65_przejazd_bramny_II_klatka_schodowa_parter_piec-116-1052x1536.jpg 1052w, http:\/\/lapidarium.fundacja-hereditas.pl\/wp-content\/uploads\/2023\/10\/I_Otrebska_Mokotowska_65_przejazd_bramny_II_klatka_schodowa_parter_piec-116-1402x2048.jpg 1402w, http:\/\/lapidarium.fundacja-hereditas.pl\/wp-content\/uploads\/2023\/10\/I_Otrebska_Mokotowska_65_przejazd_bramny_II_klatka_schodowa_parter_piec-116-150x219.jpg 150w, http:\/\/lapidarium.fundacja-hereditas.pl\/wp-content\/uploads\/2023\/10\/I_Otrebska_Mokotowska_65_przejazd_bramny_II_klatka_schodowa_parter_piec-116-300x438.jpg 300w, http:\/\/lapidarium.fundacja-hereditas.pl\/wp-content\/uploads\/2023\/10\/I_Otrebska_Mokotowska_65_przejazd_bramny_II_klatka_schodowa_parter_piec-116-696x1016.jpg 696w, http:\/\/lapidarium.fundacja-hereditas.pl\/wp-content\/uploads\/2023\/10\/I_Otrebska_Mokotowska_65_przejazd_bramny_II_klatka_schodowa_parter_piec-116-1068x1560.jpg 1068w, http:\/\/lapidarium.fundacja-hereditas.pl\/wp-content\/uploads\/2023\/10\/I_Otrebska_Mokotowska_65_przejazd_bramny_II_klatka_schodowa_parter_piec-116-1920x2804.jpg 1920w\" sizes=\"auto, (max-width: 1753px) 100vw, 1753px\" \/><\/a><figcaption class=\"wp-element-caption\">Oficyna poprzeczna. Klatka schodowa. Parter &#8211; piec kaflowy przy wej\u015bciu. Fot. Iwona Otr\u0119bska, 2023 r., \u017ar\u00f3d\u0142o: AOD IV.<\/figcaption><\/figure>\n\n\n\n<figure class=\"wp-block-image size-large\"><a href=\"http:\/\/lapidarium.fundacja-hereditas.pl\/wp-content\/uploads\/2023\/10\/Magdalena_Baranowska_Mokotowska65_klatkaIV_piec_kaflowy1-scaled.jpg\"><img loading=\"lazy\" decoding=\"async\" width=\"620\" height=\"1024\" data-id=\"14883\" src=\"http:\/\/lapidarium.fundacja-hereditas.pl\/wp-content\/uploads\/2023\/10\/Magdalena_Baranowska_Mokotowska65_klatkaIV_piec_kaflowy1-620x1024.jpg\" alt=\"\" class=\"wp-image-14883\" srcset=\"http:\/\/lapidarium.fundacja-hereditas.pl\/wp-content\/uploads\/2023\/10\/Magdalena_Baranowska_Mokotowska65_klatkaIV_piec_kaflowy1-620x1024.jpg 620w, http:\/\/lapidarium.fundacja-hereditas.pl\/wp-content\/uploads\/2023\/10\/Magdalena_Baranowska_Mokotowska65_klatkaIV_piec_kaflowy1-182x300.jpg 182w, http:\/\/lapidarium.fundacja-hereditas.pl\/wp-content\/uploads\/2023\/10\/Magdalena_Baranowska_Mokotowska65_klatkaIV_piec_kaflowy1-768x1269.jpg 768w, http:\/\/lapidarium.fundacja-hereditas.pl\/wp-content\/uploads\/2023\/10\/Magdalena_Baranowska_Mokotowska65_klatkaIV_piec_kaflowy1-930x1536.jpg 930w, http:\/\/lapidarium.fundacja-hereditas.pl\/wp-content\/uploads\/2023\/10\/Magdalena_Baranowska_Mokotowska65_klatkaIV_piec_kaflowy1-1239x2048.jpg 1239w, http:\/\/lapidarium.fundacja-hereditas.pl\/wp-content\/uploads\/2023\/10\/Magdalena_Baranowska_Mokotowska65_klatkaIV_piec_kaflowy1-150x248.jpg 150w, http:\/\/lapidarium.fundacja-hereditas.pl\/wp-content\/uploads\/2023\/10\/Magdalena_Baranowska_Mokotowska65_klatkaIV_piec_kaflowy1-300x496.jpg 300w, http:\/\/lapidarium.fundacja-hereditas.pl\/wp-content\/uploads\/2023\/10\/Magdalena_Baranowska_Mokotowska65_klatkaIV_piec_kaflowy1-696x1150.jpg 696w, http:\/\/lapidarium.fundacja-hereditas.pl\/wp-content\/uploads\/2023\/10\/Magdalena_Baranowska_Mokotowska65_klatkaIV_piec_kaflowy1-1068x1765.jpg 1068w, http:\/\/lapidarium.fundacja-hereditas.pl\/wp-content\/uploads\/2023\/10\/Magdalena_Baranowska_Mokotowska65_klatkaIV_piec_kaflowy1-1920x3173.jpg 1920w, http:\/\/lapidarium.fundacja-hereditas.pl\/wp-content\/uploads\/2023\/10\/Magdalena_Baranowska_Mokotowska65_klatkaIV_piec_kaflowy1-scaled.jpg 1549w\" sizes=\"auto, (max-width: 620px) 100vw, 620px\" \/><\/a><figcaption class=\"wp-element-caption\">Oficyna poprzeczna. Klatka schodowa. Parter &#8211; piec kaflowy przy wej\u015bciu. Fot. Wojciech Kmie\u0107, 2023 r., \u017ar\u00f3d\u0142o: AOD IV.<\/figcaption><\/figure>\n\n\n\n<figure class=\"wp-block-image size-large\"><a href=\"http:\/\/lapidarium.fundacja-hereditas.pl\/wp-content\/uploads\/2023\/10\/Wojciech_Kmiec_Mokotowska_65_klatka_w_oficynie_poprzecznej_piec-scaled.jpg\"><img loading=\"lazy\" decoding=\"async\" width=\"815\" height=\"1024\" data-id=\"14882\" src=\"http:\/\/lapidarium.fundacja-hereditas.pl\/wp-content\/uploads\/2023\/10\/Wojciech_Kmiec_Mokotowska_65_klatka_w_oficynie_poprzecznej_piec-815x1024.jpg\" alt=\"\" class=\"wp-image-14882\" srcset=\"http:\/\/lapidarium.fundacja-hereditas.pl\/wp-content\/uploads\/2023\/10\/Wojciech_Kmiec_Mokotowska_65_klatka_w_oficynie_poprzecznej_piec-815x1024.jpg 815w, http:\/\/lapidarium.fundacja-hereditas.pl\/wp-content\/uploads\/2023\/10\/Wojciech_Kmiec_Mokotowska_65_klatka_w_oficynie_poprzecznej_piec-239x300.jpg 239w, http:\/\/lapidarium.fundacja-hereditas.pl\/wp-content\/uploads\/2023\/10\/Wojciech_Kmiec_Mokotowska_65_klatka_w_oficynie_poprzecznej_piec-768x965.jpg 768w, http:\/\/lapidarium.fundacja-hereditas.pl\/wp-content\/uploads\/2023\/10\/Wojciech_Kmiec_Mokotowska_65_klatka_w_oficynie_poprzecznej_piec-1222x1536.jpg 1222w, http:\/\/lapidarium.fundacja-hereditas.pl\/wp-content\/uploads\/2023\/10\/Wojciech_Kmiec_Mokotowska_65_klatka_w_oficynie_poprzecznej_piec-1629x2048.jpg 1629w, http:\/\/lapidarium.fundacja-hereditas.pl\/wp-content\/uploads\/2023\/10\/Wojciech_Kmiec_Mokotowska_65_klatka_w_oficynie_poprzecznej_piec-150x189.jpg 150w, http:\/\/lapidarium.fundacja-hereditas.pl\/wp-content\/uploads\/2023\/10\/Wojciech_Kmiec_Mokotowska_65_klatka_w_oficynie_poprzecznej_piec-300x377.jpg 300w, http:\/\/lapidarium.fundacja-hereditas.pl\/wp-content\/uploads\/2023\/10\/Wojciech_Kmiec_Mokotowska_65_klatka_w_oficynie_poprzecznej_piec-696x875.jpg 696w, http:\/\/lapidarium.fundacja-hereditas.pl\/wp-content\/uploads\/2023\/10\/Wojciech_Kmiec_Mokotowska_65_klatka_w_oficynie_poprzecznej_piec-1068x1342.jpg 1068w, http:\/\/lapidarium.fundacja-hereditas.pl\/wp-content\/uploads\/2023\/10\/Wojciech_Kmiec_Mokotowska_65_klatka_w_oficynie_poprzecznej_piec-1920x2413.jpg 1920w, http:\/\/lapidarium.fundacja-hereditas.pl\/wp-content\/uploads\/2023\/10\/Wojciech_Kmiec_Mokotowska_65_klatka_w_oficynie_poprzecznej_piec-scaled.jpg 2037w\" sizes=\"auto, (max-width: 815px) 100vw, 815px\" \/><\/a><figcaption class=\"wp-element-caption\">Oficyna poprzeczna. Klatka schodowa. Parter &#8211; piec kaflowy przy wej\u015bciu. Fot. Wojciech Kmie\u0107, 2023 r., \u017ar\u00f3d\u0142o: AOD IV.<\/figcaption><\/figure>\n\n\n\n<figure class=\"wp-block-image size-large\"><a href=\"http:\/\/lapidarium.fundacja-hereditas.pl\/wp-content\/uploads\/2023\/10\/Dziubiel_Agnieszka_Warszawa_Mokotowska_65_oficyna_tylna_klatka_schodowa_nr_3_parter_piec_detal_01-scaled.jpg\"><img loading=\"lazy\" decoding=\"async\" width=\"724\" height=\"1024\" data-id=\"14430\" src=\"http:\/\/lapidarium.fundacja-hereditas.pl\/wp-content\/uploads\/2023\/10\/Dziubiel_Agnieszka_Warszawa_Mokotowska_65_oficyna_tylna_klatka_schodowa_nr_3_parter_piec_detal_01-724x1024.jpg\" alt=\"\" class=\"wp-image-14430\" srcset=\"http:\/\/lapidarium.fundacja-hereditas.pl\/wp-content\/uploads\/2023\/10\/Dziubiel_Agnieszka_Warszawa_Mokotowska_65_oficyna_tylna_klatka_schodowa_nr_3_parter_piec_detal_01-724x1024.jpg 724w, http:\/\/lapidarium.fundacja-hereditas.pl\/wp-content\/uploads\/2023\/10\/Dziubiel_Agnieszka_Warszawa_Mokotowska_65_oficyna_tylna_klatka_schodowa_nr_3_parter_piec_detal_01-212x300.jpg 212w, http:\/\/lapidarium.fundacja-hereditas.pl\/wp-content\/uploads\/2023\/10\/Dziubiel_Agnieszka_Warszawa_Mokotowska_65_oficyna_tylna_klatka_schodowa_nr_3_parter_piec_detal_01-768x1086.jpg 768w, http:\/\/lapidarium.fundacja-hereditas.pl\/wp-content\/uploads\/2023\/10\/Dziubiel_Agnieszka_Warszawa_Mokotowska_65_oficyna_tylna_klatka_schodowa_nr_3_parter_piec_detal_01-1086x1536.jpg 1086w, http:\/\/lapidarium.fundacja-hereditas.pl\/wp-content\/uploads\/2023\/10\/Dziubiel_Agnieszka_Warszawa_Mokotowska_65_oficyna_tylna_klatka_schodowa_nr_3_parter_piec_detal_01-1448x2048.jpg 1448w, http:\/\/lapidarium.fundacja-hereditas.pl\/wp-content\/uploads\/2023\/10\/Dziubiel_Agnieszka_Warszawa_Mokotowska_65_oficyna_tylna_klatka_schodowa_nr_3_parter_piec_detal_01-150x212.jpg 150w, http:\/\/lapidarium.fundacja-hereditas.pl\/wp-content\/uploads\/2023\/10\/Dziubiel_Agnieszka_Warszawa_Mokotowska_65_oficyna_tylna_klatka_schodowa_nr_3_parter_piec_detal_01-300x424.jpg 300w, http:\/\/lapidarium.fundacja-hereditas.pl\/wp-content\/uploads\/2023\/10\/Dziubiel_Agnieszka_Warszawa_Mokotowska_65_oficyna_tylna_klatka_schodowa_nr_3_parter_piec_detal_01-696x985.jpg 696w, http:\/\/lapidarium.fundacja-hereditas.pl\/wp-content\/uploads\/2023\/10\/Dziubiel_Agnieszka_Warszawa_Mokotowska_65_oficyna_tylna_klatka_schodowa_nr_3_parter_piec_detal_01-1068x1511.jpg 1068w, http:\/\/lapidarium.fundacja-hereditas.pl\/wp-content\/uploads\/2023\/10\/Dziubiel_Agnieszka_Warszawa_Mokotowska_65_oficyna_tylna_klatka_schodowa_nr_3_parter_piec_detal_01-1920x2716.jpg 1920w, http:\/\/lapidarium.fundacja-hereditas.pl\/wp-content\/uploads\/2023\/10\/Dziubiel_Agnieszka_Warszawa_Mokotowska_65_oficyna_tylna_klatka_schodowa_nr_3_parter_piec_detal_01-scaled.jpg 1810w\" sizes=\"auto, (max-width: 724px) 100vw, 724px\" \/><\/a><figcaption class=\"wp-element-caption\">Oficyna poprzeczna. Klatka schodowa. Parter &#8211; piec kaflowy przy wej\u015bciu. Fot. Iwona Otr\u0119bska, 2023 r., \u017ar\u00f3d\u0142o: AOD IV.<\/figcaption><\/figure>\n\n\n\n<figure class=\"wp-block-image\"><a href=\"http:\/\/lapidarium.fundacja-hereditas.pl\/wp-content\/uploads\/2023\/10\/I_Otrebska_Mokotowska_65_przejazd_bramny_II_klatka_schodowa_parter_piec-115-scaled.jpg\"><img loading=\"lazy\" decoding=\"async\" width=\"2560\" height=\"1681\" data-id=\"14271\" src=\"http:\/\/lapidarium.fundacja-hereditas.pl\/wp-content\/uploads\/2023\/10\/I_Otrebska_Mokotowska_65_przejazd_bramny_II_klatka_schodowa_parter_piec-115-scaled.jpg\" alt=\"\" class=\"wp-image-14271\" srcset=\"http:\/\/lapidarium.fundacja-hereditas.pl\/wp-content\/uploads\/2023\/10\/I_Otrebska_Mokotowska_65_przejazd_bramny_II_klatka_schodowa_parter_piec-115-scaled.jpg 2560w, http:\/\/lapidarium.fundacja-hereditas.pl\/wp-content\/uploads\/2023\/10\/I_Otrebska_Mokotowska_65_przejazd_bramny_II_klatka_schodowa_parter_piec-115-300x197.jpg 300w, http:\/\/lapidarium.fundacja-hereditas.pl\/wp-content\/uploads\/2023\/10\/I_Otrebska_Mokotowska_65_przejazd_bramny_II_klatka_schodowa_parter_piec-115-1024x672.jpg 1024w, http:\/\/lapidarium.fundacja-hereditas.pl\/wp-content\/uploads\/2023\/10\/I_Otrebska_Mokotowska_65_przejazd_bramny_II_klatka_schodowa_parter_piec-115-768x504.jpg 768w, http:\/\/lapidarium.fundacja-hereditas.pl\/wp-content\/uploads\/2023\/10\/I_Otrebska_Mokotowska_65_przejazd_bramny_II_klatka_schodowa_parter_piec-115-1536x1009.jpg 1536w, http:\/\/lapidarium.fundacja-hereditas.pl\/wp-content\/uploads\/2023\/10\/I_Otrebska_Mokotowska_65_przejazd_bramny_II_klatka_schodowa_parter_piec-115-2048x1345.jpg 2048w, http:\/\/lapidarium.fundacja-hereditas.pl\/wp-content\/uploads\/2023\/10\/I_Otrebska_Mokotowska_65_przejazd_bramny_II_klatka_schodowa_parter_piec-115-150x99.jpg 150w, http:\/\/lapidarium.fundacja-hereditas.pl\/wp-content\/uploads\/2023\/10\/I_Otrebska_Mokotowska_65_przejazd_bramny_II_klatka_schodowa_parter_piec-115-696x457.jpg 696w, http:\/\/lapidarium.fundacja-hereditas.pl\/wp-content\/uploads\/2023\/10\/I_Otrebska_Mokotowska_65_przejazd_bramny_II_klatka_schodowa_parter_piec-115-1068x701.jpg 1068w, http:\/\/lapidarium.fundacja-hereditas.pl\/wp-content\/uploads\/2023\/10\/I_Otrebska_Mokotowska_65_przejazd_bramny_II_klatka_schodowa_parter_piec-115-1920x1261.jpg 1920w\" sizes=\"auto, (max-width: 2560px) 100vw, 2560px\" \/><\/a><figcaption class=\"wp-element-caption\">Oficyna poprzeczna. Klatka schodowa. Parter &#8211; piec kaflowy przy wej\u015bciu. Fot. Iwona Otr\u0119bska, 2023 r., \u017ar\u00f3d\u0142o: AOD IV.<\/figcaption><\/figure>\n\n\n\n<figure class=\"wp-block-image\"><a href=\"http:\/\/lapidarium.fundacja-hereditas.pl\/wp-content\/uploads\/2023\/10\/Robert_Marcinkowski_Warszawa_Mokotowska_65_fic_poprz_klatka_02-scaled.jpg\"><img loading=\"lazy\" decoding=\"async\" width=\"1477\" height=\"2560\" data-id=\"14281\" src=\"http:\/\/lapidarium.fundacja-hereditas.pl\/wp-content\/uploads\/2023\/10\/Robert_Marcinkowski_Warszawa_Mokotowska_65_fic_poprz_klatka_02-scaled.jpg\" alt=\"\" class=\"wp-image-14281\" srcset=\"http:\/\/lapidarium.fundacja-hereditas.pl\/wp-content\/uploads\/2023\/10\/Robert_Marcinkowski_Warszawa_Mokotowska_65_fic_poprz_klatka_02-scaled.jpg 1477w, http:\/\/lapidarium.fundacja-hereditas.pl\/wp-content\/uploads\/2023\/10\/Robert_Marcinkowski_Warszawa_Mokotowska_65_fic_poprz_klatka_02-173x300.jpg 173w, http:\/\/lapidarium.fundacja-hereditas.pl\/wp-content\/uploads\/2023\/10\/Robert_Marcinkowski_Warszawa_Mokotowska_65_fic_poprz_klatka_02-591x1024.jpg 591w, http:\/\/lapidarium.fundacja-hereditas.pl\/wp-content\/uploads\/2023\/10\/Robert_Marcinkowski_Warszawa_Mokotowska_65_fic_poprz_klatka_02-768x1331.jpg 768w, http:\/\/lapidarium.fundacja-hereditas.pl\/wp-content\/uploads\/2023\/10\/Robert_Marcinkowski_Warszawa_Mokotowska_65_fic_poprz_klatka_02-886x1536.jpg 886w, http:\/\/lapidarium.fundacja-hereditas.pl\/wp-content\/uploads\/2023\/10\/Robert_Marcinkowski_Warszawa_Mokotowska_65_fic_poprz_klatka_02-1182x2048.jpg 1182w, http:\/\/lapidarium.fundacja-hereditas.pl\/wp-content\/uploads\/2023\/10\/Robert_Marcinkowski_Warszawa_Mokotowska_65_fic_poprz_klatka_02-150x260.jpg 150w, http:\/\/lapidarium.fundacja-hereditas.pl\/wp-content\/uploads\/2023\/10\/Robert_Marcinkowski_Warszawa_Mokotowska_65_fic_poprz_klatka_02-300x520.jpg 300w, http:\/\/lapidarium.fundacja-hereditas.pl\/wp-content\/uploads\/2023\/10\/Robert_Marcinkowski_Warszawa_Mokotowska_65_fic_poprz_klatka_02-696x1206.jpg 696w, http:\/\/lapidarium.fundacja-hereditas.pl\/wp-content\/uploads\/2023\/10\/Robert_Marcinkowski_Warszawa_Mokotowska_65_fic_poprz_klatka_02-1068x1851.jpg 1068w, http:\/\/lapidarium.fundacja-hereditas.pl\/wp-content\/uploads\/2023\/10\/Robert_Marcinkowski_Warszawa_Mokotowska_65_fic_poprz_klatka_02-1920x3327.jpg 1920w\" sizes=\"auto, (max-width: 1477px) 100vw, 1477px\" \/><\/a><figcaption class=\"wp-element-caption\">Oficyna poprzeczna. Klatka schodowa. Parter. Konstrukcja drewnianej \u015bciany. Tynk k\u0142adziony na s\u0142om\u0119. Fot. Robert Marcinkowski, 2023 r., \u017ar\u00f3d\u0142o: AOD IV.<\/figcaption><\/figure>\n\n\n\n<figure class=\"wp-block-image\"><a href=\"http:\/\/lapidarium.fundacja-hereditas.pl\/wp-content\/uploads\/2023\/10\/Robert_Marcinkowski_Warszawa_Mokotowska_65_fic_poprz_klatka_03-scaled.jpg\"><img loading=\"lazy\" decoding=\"async\" width=\"1454\" height=\"2560\" data-id=\"14282\" src=\"http:\/\/lapidarium.fundacja-hereditas.pl\/wp-content\/uploads\/2023\/10\/Robert_Marcinkowski_Warszawa_Mokotowska_65_fic_poprz_klatka_03-scaled.jpg\" alt=\"\" class=\"wp-image-14282\" srcset=\"http:\/\/lapidarium.fundacja-hereditas.pl\/wp-content\/uploads\/2023\/10\/Robert_Marcinkowski_Warszawa_Mokotowska_65_fic_poprz_klatka_03-scaled.jpg 1454w, http:\/\/lapidarium.fundacja-hereditas.pl\/wp-content\/uploads\/2023\/10\/Robert_Marcinkowski_Warszawa_Mokotowska_65_fic_poprz_klatka_03-170x300.jpg 170w, http:\/\/lapidarium.fundacja-hereditas.pl\/wp-content\/uploads\/2023\/10\/Robert_Marcinkowski_Warszawa_Mokotowska_65_fic_poprz_klatka_03-582x1024.jpg 582w, http:\/\/lapidarium.fundacja-hereditas.pl\/wp-content\/uploads\/2023\/10\/Robert_Marcinkowski_Warszawa_Mokotowska_65_fic_poprz_klatka_03-768x1352.jpg 768w, http:\/\/lapidarium.fundacja-hereditas.pl\/wp-content\/uploads\/2023\/10\/Robert_Marcinkowski_Warszawa_Mokotowska_65_fic_poprz_klatka_03-872x1536.jpg 872w, http:\/\/lapidarium.fundacja-hereditas.pl\/wp-content\/uploads\/2023\/10\/Robert_Marcinkowski_Warszawa_Mokotowska_65_fic_poprz_klatka_03-1163x2048.jpg 1163w, http:\/\/lapidarium.fundacja-hereditas.pl\/wp-content\/uploads\/2023\/10\/Robert_Marcinkowski_Warszawa_Mokotowska_65_fic_poprz_klatka_03-150x264.jpg 150w, http:\/\/lapidarium.fundacja-hereditas.pl\/wp-content\/uploads\/2023\/10\/Robert_Marcinkowski_Warszawa_Mokotowska_65_fic_poprz_klatka_03-300x528.jpg 300w, http:\/\/lapidarium.fundacja-hereditas.pl\/wp-content\/uploads\/2023\/10\/Robert_Marcinkowski_Warszawa_Mokotowska_65_fic_poprz_klatka_03-696x1226.jpg 696w, http:\/\/lapidarium.fundacja-hereditas.pl\/wp-content\/uploads\/2023\/10\/Robert_Marcinkowski_Warszawa_Mokotowska_65_fic_poprz_klatka_03-1068x1881.jpg 1068w, http:\/\/lapidarium.fundacja-hereditas.pl\/wp-content\/uploads\/2023\/10\/Robert_Marcinkowski_Warszawa_Mokotowska_65_fic_poprz_klatka_03-1920x3381.jpg 1920w\" sizes=\"auto, (max-width: 1454px) 100vw, 1454px\" \/><\/a><figcaption class=\"wp-element-caption\">Oficyna poprzeczna. Klatka schodowa. Parter. \u017beliwny pacho\u0142ek na pocz\u0105tku schod\u00f3w. Fot. Robert Marcinkowski, 2023 r., \u017ar\u00f3d\u0142o: AOD IV.<\/figcaption><\/figure>\n\n\n\n<figure class=\"wp-block-image\"><a href=\"http:\/\/lapidarium.fundacja-hereditas.pl\/wp-content\/uploads\/2023\/10\/Robert_Marcinkowski_Warszawa_Mokotowska_65_fic_poprz_klatka_05-scaled.jpg\"><img loading=\"lazy\" decoding=\"async\" width=\"1466\" height=\"2560\" data-id=\"14284\" src=\"http:\/\/lapidarium.fundacja-hereditas.pl\/wp-content\/uploads\/2023\/10\/Robert_Marcinkowski_Warszawa_Mokotowska_65_fic_poprz_klatka_05-scaled.jpg\" alt=\"\" class=\"wp-image-14284\" srcset=\"http:\/\/lapidarium.fundacja-hereditas.pl\/wp-content\/uploads\/2023\/10\/Robert_Marcinkowski_Warszawa_Mokotowska_65_fic_poprz_klatka_05-scaled.jpg 1466w, http:\/\/lapidarium.fundacja-hereditas.pl\/wp-content\/uploads\/2023\/10\/Robert_Marcinkowski_Warszawa_Mokotowska_65_fic_poprz_klatka_05-172x300.jpg 172w, http:\/\/lapidarium.fundacja-hereditas.pl\/wp-content\/uploads\/2023\/10\/Robert_Marcinkowski_Warszawa_Mokotowska_65_fic_poprz_klatka_05-587x1024.jpg 587w, http:\/\/lapidarium.fundacja-hereditas.pl\/wp-content\/uploads\/2023\/10\/Robert_Marcinkowski_Warszawa_Mokotowska_65_fic_poprz_klatka_05-768x1341.jpg 768w, http:\/\/lapidarium.fundacja-hereditas.pl\/wp-content\/uploads\/2023\/10\/Robert_Marcinkowski_Warszawa_Mokotowska_65_fic_poprz_klatka_05-880x1536.jpg 880w, http:\/\/lapidarium.fundacja-hereditas.pl\/wp-content\/uploads\/2023\/10\/Robert_Marcinkowski_Warszawa_Mokotowska_65_fic_poprz_klatka_05-1173x2048.jpg 1173w, http:\/\/lapidarium.fundacja-hereditas.pl\/wp-content\/uploads\/2023\/10\/Robert_Marcinkowski_Warszawa_Mokotowska_65_fic_poprz_klatka_05-150x262.jpg 150w, http:\/\/lapidarium.fundacja-hereditas.pl\/wp-content\/uploads\/2023\/10\/Robert_Marcinkowski_Warszawa_Mokotowska_65_fic_poprz_klatka_05-300x524.jpg 300w, http:\/\/lapidarium.fundacja-hereditas.pl\/wp-content\/uploads\/2023\/10\/Robert_Marcinkowski_Warszawa_Mokotowska_65_fic_poprz_klatka_05-696x1215.jpg 696w, http:\/\/lapidarium.fundacja-hereditas.pl\/wp-content\/uploads\/2023\/10\/Robert_Marcinkowski_Warszawa_Mokotowska_65_fic_poprz_klatka_05-1068x1865.jpg 1068w, http:\/\/lapidarium.fundacja-hereditas.pl\/wp-content\/uploads\/2023\/10\/Robert_Marcinkowski_Warszawa_Mokotowska_65_fic_poprz_klatka_05-1920x3352.jpg 1920w\" sizes=\"auto, (max-width: 1466px) 100vw, 1466px\" \/><\/a><figcaption class=\"wp-element-caption\">Oficyna poprzeczna. Klatka schodowa. Parter. \u017beliwny s\u0142upek na pocz\u0105tku schod\u00f3w. Fot. Robert Marcinkowski, 2023 r., \u017ar\u00f3d\u0142o: AOD IV.<\/figcaption><\/figure>\n\n\n\n<figure class=\"wp-block-image\"><a href=\"http:\/\/lapidarium.fundacja-hereditas.pl\/wp-content\/uploads\/2023\/10\/I_Otrebska_Mokotowska_65_przejazd_bramny_II_klatka_schodowa-119-scaled.jpg\"><img loading=\"lazy\" decoding=\"async\" width=\"1857\" height=\"2560\" data-id=\"14265\" src=\"http:\/\/lapidarium.fundacja-hereditas.pl\/wp-content\/uploads\/2023\/10\/I_Otrebska_Mokotowska_65_przejazd_bramny_II_klatka_schodowa-119-scaled.jpg\" alt=\"\" class=\"wp-image-14265\" srcset=\"http:\/\/lapidarium.fundacja-hereditas.pl\/wp-content\/uploads\/2023\/10\/I_Otrebska_Mokotowska_65_przejazd_bramny_II_klatka_schodowa-119-scaled.jpg 1857w, http:\/\/lapidarium.fundacja-hereditas.pl\/wp-content\/uploads\/2023\/10\/I_Otrebska_Mokotowska_65_przejazd_bramny_II_klatka_schodowa-119-218x300.jpg 218w, http:\/\/lapidarium.fundacja-hereditas.pl\/wp-content\/uploads\/2023\/10\/I_Otrebska_Mokotowska_65_przejazd_bramny_II_klatka_schodowa-119-743x1024.jpg 743w, http:\/\/lapidarium.fundacja-hereditas.pl\/wp-content\/uploads\/2023\/10\/I_Otrebska_Mokotowska_65_przejazd_bramny_II_klatka_schodowa-119-768x1059.jpg 768w, http:\/\/lapidarium.fundacja-hereditas.pl\/wp-content\/uploads\/2023\/10\/I_Otrebska_Mokotowska_65_przejazd_bramny_II_klatka_schodowa-119-1114x1536.jpg 1114w, http:\/\/lapidarium.fundacja-hereditas.pl\/wp-content\/uploads\/2023\/10\/I_Otrebska_Mokotowska_65_przejazd_bramny_II_klatka_schodowa-119-1486x2048.jpg 1486w, http:\/\/lapidarium.fundacja-hereditas.pl\/wp-content\/uploads\/2023\/10\/I_Otrebska_Mokotowska_65_przejazd_bramny_II_klatka_schodowa-119-150x207.jpg 150w, http:\/\/lapidarium.fundacja-hereditas.pl\/wp-content\/uploads\/2023\/10\/I_Otrebska_Mokotowska_65_przejazd_bramny_II_klatka_schodowa-119-300x414.jpg 300w, http:\/\/lapidarium.fundacja-hereditas.pl\/wp-content\/uploads\/2023\/10\/I_Otrebska_Mokotowska_65_przejazd_bramny_II_klatka_schodowa-119-696x959.jpg 696w, http:\/\/lapidarium.fundacja-hereditas.pl\/wp-content\/uploads\/2023\/10\/I_Otrebska_Mokotowska_65_przejazd_bramny_II_klatka_schodowa-119-1068x1472.jpg 1068w, http:\/\/lapidarium.fundacja-hereditas.pl\/wp-content\/uploads\/2023\/10\/I_Otrebska_Mokotowska_65_przejazd_bramny_II_klatka_schodowa-119-1920x2646.jpg 1920w\" sizes=\"auto, (max-width: 1857px) 100vw, 1857px\" \/><\/a><figcaption class=\"wp-element-caption\">Oficyna poprzeczna. Klatka schodowa. Widok na parter. Fot. Iwona Otr\u0119bska, 2023 r., \u017ar\u00f3d\u0142o: AOD IV.<\/figcaption><\/figure>\n\n\n\n<figure class=\"wp-block-image\"><a href=\"http:\/\/lapidarium.fundacja-hereditas.pl\/wp-content\/uploads\/2023\/10\/I_Otrebska_Mokotowska_65_przejazd_bramny_II_klatka_schodowa-120-scaled.jpg\"><img loading=\"lazy\" decoding=\"async\" width=\"2560\" height=\"1720\" data-id=\"14266\" src=\"http:\/\/lapidarium.fundacja-hereditas.pl\/wp-content\/uploads\/2023\/10\/I_Otrebska_Mokotowska_65_przejazd_bramny_II_klatka_schodowa-120-scaled.jpg\" alt=\"\" class=\"wp-image-14266\" srcset=\"http:\/\/lapidarium.fundacja-hereditas.pl\/wp-content\/uploads\/2023\/10\/I_Otrebska_Mokotowska_65_przejazd_bramny_II_klatka_schodowa-120-scaled.jpg 2560w, http:\/\/lapidarium.fundacja-hereditas.pl\/wp-content\/uploads\/2023\/10\/I_Otrebska_Mokotowska_65_przejazd_bramny_II_klatka_schodowa-120-300x202.jpg 300w, http:\/\/lapidarium.fundacja-hereditas.pl\/wp-content\/uploads\/2023\/10\/I_Otrebska_Mokotowska_65_przejazd_bramny_II_klatka_schodowa-120-1024x688.jpg 1024w, http:\/\/lapidarium.fundacja-hereditas.pl\/wp-content\/uploads\/2023\/10\/I_Otrebska_Mokotowska_65_przejazd_bramny_II_klatka_schodowa-120-768x516.jpg 768w, http:\/\/lapidarium.fundacja-hereditas.pl\/wp-content\/uploads\/2023\/10\/I_Otrebska_Mokotowska_65_przejazd_bramny_II_klatka_schodowa-120-1536x1032.jpg 1536w, http:\/\/lapidarium.fundacja-hereditas.pl\/wp-content\/uploads\/2023\/10\/I_Otrebska_Mokotowska_65_przejazd_bramny_II_klatka_schodowa-120-2048x1376.jpg 2048w, http:\/\/lapidarium.fundacja-hereditas.pl\/wp-content\/uploads\/2023\/10\/I_Otrebska_Mokotowska_65_przejazd_bramny_II_klatka_schodowa-120-150x101.jpg 150w, http:\/\/lapidarium.fundacja-hereditas.pl\/wp-content\/uploads\/2023\/10\/I_Otrebska_Mokotowska_65_przejazd_bramny_II_klatka_schodowa-120-696x468.jpg 696w, http:\/\/lapidarium.fundacja-hereditas.pl\/wp-content\/uploads\/2023\/10\/I_Otrebska_Mokotowska_65_przejazd_bramny_II_klatka_schodowa-120-1068x718.jpg 1068w, http:\/\/lapidarium.fundacja-hereditas.pl\/wp-content\/uploads\/2023\/10\/I_Otrebska_Mokotowska_65_przejazd_bramny_II_klatka_schodowa-120-1920x1290.jpg 1920w\" sizes=\"auto, (max-width: 2560px) 100vw, 2560px\" \/><\/a><figcaption class=\"wp-element-caption\">Oficyna poprzeczna. Klatka schodowa. Tralki balustrady i policzki schod\u00f3w. Fot. Iwona Otr\u0119bska, 2023 r., \u017ar\u00f3d\u0142o: AOD IV.<\/figcaption><\/figure>\n\n\n\n<figure class=\"wp-block-image\"><a href=\"http:\/\/lapidarium.fundacja-hereditas.pl\/wp-content\/uploads\/2023\/10\/I_Otrebska_Mokotowska_65_przejazd_bramny_II_klatka_schodowa-123-scaled.jpg\"><img loading=\"lazy\" decoding=\"async\" width=\"1737\" height=\"2560\" data-id=\"14268\" src=\"http:\/\/lapidarium.fundacja-hereditas.pl\/wp-content\/uploads\/2023\/10\/I_Otrebska_Mokotowska_65_przejazd_bramny_II_klatka_schodowa-123-scaled.jpg\" alt=\"\" class=\"wp-image-14268\" srcset=\"http:\/\/lapidarium.fundacja-hereditas.pl\/wp-content\/uploads\/2023\/10\/I_Otrebska_Mokotowska_65_przejazd_bramny_II_klatka_schodowa-123-scaled.jpg 1737w, http:\/\/lapidarium.fundacja-hereditas.pl\/wp-content\/uploads\/2023\/10\/I_Otrebska_Mokotowska_65_przejazd_bramny_II_klatka_schodowa-123-204x300.jpg 204w, http:\/\/lapidarium.fundacja-hereditas.pl\/wp-content\/uploads\/2023\/10\/I_Otrebska_Mokotowska_65_przejazd_bramny_II_klatka_schodowa-123-695x1024.jpg 695w, http:\/\/lapidarium.fundacja-hereditas.pl\/wp-content\/uploads\/2023\/10\/I_Otrebska_Mokotowska_65_przejazd_bramny_II_klatka_schodowa-123-768x1132.jpg 768w, http:\/\/lapidarium.fundacja-hereditas.pl\/wp-content\/uploads\/2023\/10\/I_Otrebska_Mokotowska_65_przejazd_bramny_II_klatka_schodowa-123-1042x1536.jpg 1042w, http:\/\/lapidarium.fundacja-hereditas.pl\/wp-content\/uploads\/2023\/10\/I_Otrebska_Mokotowska_65_przejazd_bramny_II_klatka_schodowa-123-1390x2048.jpg 1390w, http:\/\/lapidarium.fundacja-hereditas.pl\/wp-content\/uploads\/2023\/10\/I_Otrebska_Mokotowska_65_przejazd_bramny_II_klatka_schodowa-123-150x221.jpg 150w, http:\/\/lapidarium.fundacja-hereditas.pl\/wp-content\/uploads\/2023\/10\/I_Otrebska_Mokotowska_65_przejazd_bramny_II_klatka_schodowa-123-300x442.jpg 300w, http:\/\/lapidarium.fundacja-hereditas.pl\/wp-content\/uploads\/2023\/10\/I_Otrebska_Mokotowska_65_przejazd_bramny_II_klatka_schodowa-123-696x1026.jpg 696w, http:\/\/lapidarium.fundacja-hereditas.pl\/wp-content\/uploads\/2023\/10\/I_Otrebska_Mokotowska_65_przejazd_bramny_II_klatka_schodowa-123-1068x1574.jpg 1068w, http:\/\/lapidarium.fundacja-hereditas.pl\/wp-content\/uploads\/2023\/10\/I_Otrebska_Mokotowska_65_przejazd_bramny_II_klatka_schodowa-123-1920x2829.jpg 1920w\" sizes=\"auto, (max-width: 1737px) 100vw, 1737px\" \/><\/a><figcaption class=\"wp-element-caption\">Oficyna poprzeczna. Klatka schodowa. Zakr\u0119t balustrady na I p\u00f3\u0142pi\u0119trze. Fot. Iwona Otr\u0119bska, 2023 r., \u017ar\u00f3d\u0142o: AOD IV.<\/figcaption><\/figure>\n\n\n\n<figure class=\"wp-block-image\"><a href=\"http:\/\/lapidarium.fundacja-hereditas.pl\/wp-content\/uploads\/2023\/10\/Robert_Marcinkowski_Warszawa_Mokotowska_65_fic_poprz_klatka_04-scaled.jpg\"><img loading=\"lazy\" decoding=\"async\" width=\"1455\" height=\"2560\" data-id=\"14283\" src=\"http:\/\/lapidarium.fundacja-hereditas.pl\/wp-content\/uploads\/2023\/10\/Robert_Marcinkowski_Warszawa_Mokotowska_65_fic_poprz_klatka_04-scaled.jpg\" alt=\"\" class=\"wp-image-14283\" srcset=\"http:\/\/lapidarium.fundacja-hereditas.pl\/wp-content\/uploads\/2023\/10\/Robert_Marcinkowski_Warszawa_Mokotowska_65_fic_poprz_klatka_04-scaled.jpg 1455w, http:\/\/lapidarium.fundacja-hereditas.pl\/wp-content\/uploads\/2023\/10\/Robert_Marcinkowski_Warszawa_Mokotowska_65_fic_poprz_klatka_04-170x300.jpg 170w, http:\/\/lapidarium.fundacja-hereditas.pl\/wp-content\/uploads\/2023\/10\/Robert_Marcinkowski_Warszawa_Mokotowska_65_fic_poprz_klatka_04-582x1024.jpg 582w, http:\/\/lapidarium.fundacja-hereditas.pl\/wp-content\/uploads\/2023\/10\/Robert_Marcinkowski_Warszawa_Mokotowska_65_fic_poprz_klatka_04-768x1351.jpg 768w, http:\/\/lapidarium.fundacja-hereditas.pl\/wp-content\/uploads\/2023\/10\/Robert_Marcinkowski_Warszawa_Mokotowska_65_fic_poprz_klatka_04-873x1536.jpg 873w, http:\/\/lapidarium.fundacja-hereditas.pl\/wp-content\/uploads\/2023\/10\/Robert_Marcinkowski_Warszawa_Mokotowska_65_fic_poprz_klatka_04-1164x2048.jpg 1164w, http:\/\/lapidarium.fundacja-hereditas.pl\/wp-content\/uploads\/2023\/10\/Robert_Marcinkowski_Warszawa_Mokotowska_65_fic_poprz_klatka_04-150x264.jpg 150w, http:\/\/lapidarium.fundacja-hereditas.pl\/wp-content\/uploads\/2023\/10\/Robert_Marcinkowski_Warszawa_Mokotowska_65_fic_poprz_klatka_04-300x528.jpg 300w, http:\/\/lapidarium.fundacja-hereditas.pl\/wp-content\/uploads\/2023\/10\/Robert_Marcinkowski_Warszawa_Mokotowska_65_fic_poprz_klatka_04-696x1225.jpg 696w, http:\/\/lapidarium.fundacja-hereditas.pl\/wp-content\/uploads\/2023\/10\/Robert_Marcinkowski_Warszawa_Mokotowska_65_fic_poprz_klatka_04-1068x1879.jpg 1068w, http:\/\/lapidarium.fundacja-hereditas.pl\/wp-content\/uploads\/2023\/10\/Robert_Marcinkowski_Warszawa_Mokotowska_65_fic_poprz_klatka_04-1920x3379.jpg 1920w\" sizes=\"auto, (max-width: 1455px) 100vw, 1455px\" \/><\/a><figcaption class=\"wp-element-caption\">Oficyna poprzeczna. Klatka schodowa. \u017beliwna tralka na zakr\u0119cie balustrady (na spoczniku). Fot. Robert Marcinkowski, 2023 r., \u017ar\u00f3d\u0142o: AOD IV.<\/figcaption><\/figure>\n\n\n\n<figure class=\"wp-block-image\"><a href=\"http:\/\/lapidarium.fundacja-hereditas.pl\/wp-content\/uploads\/2023\/10\/Robert_Marcinkowski_Warszawa_Mokotowska_65_fic_poprz_klatka_06-scaled.jpg\"><img loading=\"lazy\" decoding=\"async\" width=\"1588\" height=\"2560\" data-id=\"14285\" src=\"http:\/\/lapidarium.fundacja-hereditas.pl\/wp-content\/uploads\/2023\/10\/Robert_Marcinkowski_Warszawa_Mokotowska_65_fic_poprz_klatka_06-scaled.jpg\" alt=\"\" class=\"wp-image-14285\" srcset=\"http:\/\/lapidarium.fundacja-hereditas.pl\/wp-content\/uploads\/2023\/10\/Robert_Marcinkowski_Warszawa_Mokotowska_65_fic_poprz_klatka_06-scaled.jpg 1588w, http:\/\/lapidarium.fundacja-hereditas.pl\/wp-content\/uploads\/2023\/10\/Robert_Marcinkowski_Warszawa_Mokotowska_65_fic_poprz_klatka_06-186x300.jpg 186w, http:\/\/lapidarium.fundacja-hereditas.pl\/wp-content\/uploads\/2023\/10\/Robert_Marcinkowski_Warszawa_Mokotowska_65_fic_poprz_klatka_06-635x1024.jpg 635w, http:\/\/lapidarium.fundacja-hereditas.pl\/wp-content\/uploads\/2023\/10\/Robert_Marcinkowski_Warszawa_Mokotowska_65_fic_poprz_klatka_06-768x1238.jpg 768w, http:\/\/lapidarium.fundacja-hereditas.pl\/wp-content\/uploads\/2023\/10\/Robert_Marcinkowski_Warszawa_Mokotowska_65_fic_poprz_klatka_06-953x1536.jpg 953w, http:\/\/lapidarium.fundacja-hereditas.pl\/wp-content\/uploads\/2023\/10\/Robert_Marcinkowski_Warszawa_Mokotowska_65_fic_poprz_klatka_06-1271x2048.jpg 1271w, http:\/\/lapidarium.fundacja-hereditas.pl\/wp-content\/uploads\/2023\/10\/Robert_Marcinkowski_Warszawa_Mokotowska_65_fic_poprz_klatka_06-150x242.jpg 150w, http:\/\/lapidarium.fundacja-hereditas.pl\/wp-content\/uploads\/2023\/10\/Robert_Marcinkowski_Warszawa_Mokotowska_65_fic_poprz_klatka_06-300x483.jpg 300w, http:\/\/lapidarium.fundacja-hereditas.pl\/wp-content\/uploads\/2023\/10\/Robert_Marcinkowski_Warszawa_Mokotowska_65_fic_poprz_klatka_06-696x1122.jpg 696w, http:\/\/lapidarium.fundacja-hereditas.pl\/wp-content\/uploads\/2023\/10\/Robert_Marcinkowski_Warszawa_Mokotowska_65_fic_poprz_klatka_06-1068x1721.jpg 1068w, http:\/\/lapidarium.fundacja-hereditas.pl\/wp-content\/uploads\/2023\/10\/Robert_Marcinkowski_Warszawa_Mokotowska_65_fic_poprz_klatka_06-1920x3094.jpg 1920w\" sizes=\"auto, (max-width: 1588px) 100vw, 1588px\" \/><\/a><figcaption class=\"wp-element-caption\">Oficyna poprzeczna. Klatka schodowa. Plama o\u0142owiu po mocowaniu \u017celiwnej tralki na zakr\u0119cie balustrady (na spoczniku). Fot. Robert Marcinkowsk, 2023 r., \u017ar\u00f3d\u0142o: AOD IV.<\/figcaption><\/figure>\n\n\n\n<figure class=\"wp-block-image\"><a href=\"http:\/\/lapidarium.fundacja-hereditas.pl\/wp-content\/uploads\/2023\/10\/Robert_Marcinkowski_Warszawa_Mokotowska_65_ofic_pln_podw_II_02-scaled.jpg\"><img loading=\"lazy\" decoding=\"async\" width=\"1448\" height=\"2560\" data-id=\"14317\" src=\"http:\/\/lapidarium.fundacja-hereditas.pl\/wp-content\/uploads\/2023\/10\/Robert_Marcinkowski_Warszawa_Mokotowska_65_ofic_pln_podw_II_02-scaled.jpg\" alt=\"\" class=\"wp-image-14317\" srcset=\"http:\/\/lapidarium.fundacja-hereditas.pl\/wp-content\/uploads\/2023\/10\/Robert_Marcinkowski_Warszawa_Mokotowska_65_ofic_pln_podw_II_02-scaled.jpg 1448w, http:\/\/lapidarium.fundacja-hereditas.pl\/wp-content\/uploads\/2023\/10\/Robert_Marcinkowski_Warszawa_Mokotowska_65_ofic_pln_podw_II_02-170x300.jpg 170w, http:\/\/lapidarium.fundacja-hereditas.pl\/wp-content\/uploads\/2023\/10\/Robert_Marcinkowski_Warszawa_Mokotowska_65_ofic_pln_podw_II_02-579x1024.jpg 579w, http:\/\/lapidarium.fundacja-hereditas.pl\/wp-content\/uploads\/2023\/10\/Robert_Marcinkowski_Warszawa_Mokotowska_65_ofic_pln_podw_II_02-768x1358.jpg 768w, http:\/\/lapidarium.fundacja-hereditas.pl\/wp-content\/uploads\/2023\/10\/Robert_Marcinkowski_Warszawa_Mokotowska_65_ofic_pln_podw_II_02-869x1536.jpg 869w, http:\/\/lapidarium.fundacja-hereditas.pl\/wp-content\/uploads\/2023\/10\/Robert_Marcinkowski_Warszawa_Mokotowska_65_ofic_pln_podw_II_02-1159x2048.jpg 1159w, http:\/\/lapidarium.fundacja-hereditas.pl\/wp-content\/uploads\/2023\/10\/Robert_Marcinkowski_Warszawa_Mokotowska_65_ofic_pln_podw_II_02-150x265.jpg 150w, http:\/\/lapidarium.fundacja-hereditas.pl\/wp-content\/uploads\/2023\/10\/Robert_Marcinkowski_Warszawa_Mokotowska_65_ofic_pln_podw_II_02-300x530.jpg 300w, http:\/\/lapidarium.fundacja-hereditas.pl\/wp-content\/uploads\/2023\/10\/Robert_Marcinkowski_Warszawa_Mokotowska_65_ofic_pln_podw_II_02-696x1230.jpg 696w, http:\/\/lapidarium.fundacja-hereditas.pl\/wp-content\/uploads\/2023\/10\/Robert_Marcinkowski_Warszawa_Mokotowska_65_ofic_pln_podw_II_02-1068x1888.jpg 1068w, http:\/\/lapidarium.fundacja-hereditas.pl\/wp-content\/uploads\/2023\/10\/Robert_Marcinkowski_Warszawa_Mokotowska_65_ofic_pln_podw_II_02-1920x3394.jpg 1920w\" sizes=\"auto, (max-width: 1448px) 100vw, 1448px\" \/><\/a><figcaption class=\"wp-element-caption\">Drugie podw\u00f3rze. Oficyna p\u00f3\u0142nocna. Fot. Robert Marcinkowski, 2023 r., \u017ar\u00f3d\u0142o: AOD IV.<\/figcaption><\/figure>\n\n\n\n<figure class=\"wp-block-image\"><a href=\"http:\/\/lapidarium.fundacja-hereditas.pl\/wp-content\/uploads\/2023\/10\/Robert_Marcinkowski_Warszawa_Mokotowska_65_fic_poprz_klatka_01-scaled.jpg\"><img loading=\"lazy\" decoding=\"async\" width=\"1702\" height=\"2560\" data-id=\"14280\" src=\"http:\/\/lapidarium.fundacja-hereditas.pl\/wp-content\/uploads\/2023\/10\/Robert_Marcinkowski_Warszawa_Mokotowska_65_fic_poprz_klatka_01-scaled.jpg\" alt=\"\" class=\"wp-image-14280\" srcset=\"http:\/\/lapidarium.fundacja-hereditas.pl\/wp-content\/uploads\/2023\/10\/Robert_Marcinkowski_Warszawa_Mokotowska_65_fic_poprz_klatka_01-scaled.jpg 1702w, http:\/\/lapidarium.fundacja-hereditas.pl\/wp-content\/uploads\/2023\/10\/Robert_Marcinkowski_Warszawa_Mokotowska_65_fic_poprz_klatka_01-199x300.jpg 199w, http:\/\/lapidarium.fundacja-hereditas.pl\/wp-content\/uploads\/2023\/10\/Robert_Marcinkowski_Warszawa_Mokotowska_65_fic_poprz_klatka_01-681x1024.jpg 681w, http:\/\/lapidarium.fundacja-hereditas.pl\/wp-content\/uploads\/2023\/10\/Robert_Marcinkowski_Warszawa_Mokotowska_65_fic_poprz_klatka_01-768x1155.jpg 768w, http:\/\/lapidarium.fundacja-hereditas.pl\/wp-content\/uploads\/2023\/10\/Robert_Marcinkowski_Warszawa_Mokotowska_65_fic_poprz_klatka_01-1021x1536.jpg 1021w, http:\/\/lapidarium.fundacja-hereditas.pl\/wp-content\/uploads\/2023\/10\/Robert_Marcinkowski_Warszawa_Mokotowska_65_fic_poprz_klatka_01-1361x2048.jpg 1361w, http:\/\/lapidarium.fundacja-hereditas.pl\/wp-content\/uploads\/2023\/10\/Robert_Marcinkowski_Warszawa_Mokotowska_65_fic_poprz_klatka_01-150x226.jpg 150w, http:\/\/lapidarium.fundacja-hereditas.pl\/wp-content\/uploads\/2023\/10\/Robert_Marcinkowski_Warszawa_Mokotowska_65_fic_poprz_klatka_01-300x451.jpg 300w, http:\/\/lapidarium.fundacja-hereditas.pl\/wp-content\/uploads\/2023\/10\/Robert_Marcinkowski_Warszawa_Mokotowska_65_fic_poprz_klatka_01-696x1047.jpg 696w, http:\/\/lapidarium.fundacja-hereditas.pl\/wp-content\/uploads\/2023\/10\/Robert_Marcinkowski_Warszawa_Mokotowska_65_fic_poprz_klatka_01-1068x1607.jpg 1068w, http:\/\/lapidarium.fundacja-hereditas.pl\/wp-content\/uploads\/2023\/10\/Robert_Marcinkowski_Warszawa_Mokotowska_65_fic_poprz_klatka_01-1920x2888.jpg 1920w\" sizes=\"auto, (max-width: 1702px) 100vw, 1702px\" \/><\/a><figcaption class=\"wp-element-caption\">Oficyna poprzeczna. Posadzka klatki schodowej. Fot. Robert Marcinkowski, 2023 r., \u017ar\u00f3d\u0142o: AOD IV.<\/figcaption><\/figure>\n\n\n\n<figure class=\"wp-block-image\"><a href=\"http:\/\/lapidarium.fundacja-hereditas.pl\/wp-content\/uploads\/2023\/10\/Robert_Marcinkowski_Warszawa_Mokotowska_65_fic_poprz_klatka_07-scaled.jpg\"><img loading=\"lazy\" decoding=\"async\" width=\"1605\" height=\"2560\" data-id=\"14286\" src=\"http:\/\/lapidarium.fundacja-hereditas.pl\/wp-content\/uploads\/2023\/10\/Robert_Marcinkowski_Warszawa_Mokotowska_65_fic_poprz_klatka_07-scaled.jpg\" alt=\"\" class=\"wp-image-14286\" srcset=\"http:\/\/lapidarium.fundacja-hereditas.pl\/wp-content\/uploads\/2023\/10\/Robert_Marcinkowski_Warszawa_Mokotowska_65_fic_poprz_klatka_07-scaled.jpg 1605w, http:\/\/lapidarium.fundacja-hereditas.pl\/wp-content\/uploads\/2023\/10\/Robert_Marcinkowski_Warszawa_Mokotowska_65_fic_poprz_klatka_07-188x300.jpg 188w, http:\/\/lapidarium.fundacja-hereditas.pl\/wp-content\/uploads\/2023\/10\/Robert_Marcinkowski_Warszawa_Mokotowska_65_fic_poprz_klatka_07-642x1024.jpg 642w, http:\/\/lapidarium.fundacja-hereditas.pl\/wp-content\/uploads\/2023\/10\/Robert_Marcinkowski_Warszawa_Mokotowska_65_fic_poprz_klatka_07-768x1225.jpg 768w, http:\/\/lapidarium.fundacja-hereditas.pl\/wp-content\/uploads\/2023\/10\/Robert_Marcinkowski_Warszawa_Mokotowska_65_fic_poprz_klatka_07-963x1536.jpg 963w, http:\/\/lapidarium.fundacja-hereditas.pl\/wp-content\/uploads\/2023\/10\/Robert_Marcinkowski_Warszawa_Mokotowska_65_fic_poprz_klatka_07-1284x2048.jpg 1284w, http:\/\/lapidarium.fundacja-hereditas.pl\/wp-content\/uploads\/2023\/10\/Robert_Marcinkowski_Warszawa_Mokotowska_65_fic_poprz_klatka_07-150x239.jpg 150w, http:\/\/lapidarium.fundacja-hereditas.pl\/wp-content\/uploads\/2023\/10\/Robert_Marcinkowski_Warszawa_Mokotowska_65_fic_poprz_klatka_07-300x479.jpg 300w, http:\/\/lapidarium.fundacja-hereditas.pl\/wp-content\/uploads\/2023\/10\/Robert_Marcinkowski_Warszawa_Mokotowska_65_fic_poprz_klatka_07-696x1110.jpg 696w, http:\/\/lapidarium.fundacja-hereditas.pl\/wp-content\/uploads\/2023\/10\/Robert_Marcinkowski_Warszawa_Mokotowska_65_fic_poprz_klatka_07-1068x1704.jpg 1068w, http:\/\/lapidarium.fundacja-hereditas.pl\/wp-content\/uploads\/2023\/10\/Robert_Marcinkowski_Warszawa_Mokotowska_65_fic_poprz_klatka_07-1920x3063.jpg 1920w\" sizes=\"auto, (max-width: 1605px) 100vw, 1605px\" \/><\/a><figcaption class=\"wp-element-caption\">Oficyna poprzeczna. Klatka schodowa. Konstrukcja i spos\u00f3b mocowania schod\u00f3w z lastrika. Fot. Robert Marcinkowski, 2023 r., \u017ar\u00f3d\u0142o: AOD IV.<\/figcaption><\/figure>\n\n\n\n<figure class=\"wp-block-image\"><a href=\"http:\/\/lapidarium.fundacja-hereditas.pl\/wp-content\/uploads\/2023\/10\/I_Otrebska_Mokotowska_65_przejazd_bramny_II_klatka_schodowa_parter_drzwi_lokalu-121-scaled.jpg\"><img loading=\"lazy\" decoding=\"async\" width=\"1651\" height=\"2560\" data-id=\"14269\" src=\"http:\/\/lapidarium.fundacja-hereditas.pl\/wp-content\/uploads\/2023\/10\/I_Otrebska_Mokotowska_65_przejazd_bramny_II_klatka_schodowa_parter_drzwi_lokalu-121-scaled.jpg\" alt=\"\" class=\"wp-image-14269\" srcset=\"http:\/\/lapidarium.fundacja-hereditas.pl\/wp-content\/uploads\/2023\/10\/I_Otrebska_Mokotowska_65_przejazd_bramny_II_klatka_schodowa_parter_drzwi_lokalu-121-scaled.jpg 1651w, http:\/\/lapidarium.fundacja-hereditas.pl\/wp-content\/uploads\/2023\/10\/I_Otrebska_Mokotowska_65_przejazd_bramny_II_klatka_schodowa_parter_drzwi_lokalu-121-193x300.jpg 193w, http:\/\/lapidarium.fundacja-hereditas.pl\/wp-content\/uploads\/2023\/10\/I_Otrebska_Mokotowska_65_przejazd_bramny_II_klatka_schodowa_parter_drzwi_lokalu-121-660x1024.jpg 660w, http:\/\/lapidarium.fundacja-hereditas.pl\/wp-content\/uploads\/2023\/10\/I_Otrebska_Mokotowska_65_przejazd_bramny_II_klatka_schodowa_parter_drzwi_lokalu-121-768x1191.jpg 768w, http:\/\/lapidarium.fundacja-hereditas.pl\/wp-content\/uploads\/2023\/10\/I_Otrebska_Mokotowska_65_przejazd_bramny_II_klatka_schodowa_parter_drzwi_lokalu-121-990x1536.jpg 990w, http:\/\/lapidarium.fundacja-hereditas.pl\/wp-content\/uploads\/2023\/10\/I_Otrebska_Mokotowska_65_przejazd_bramny_II_klatka_schodowa_parter_drzwi_lokalu-121-1320x2048.jpg 1320w, http:\/\/lapidarium.fundacja-hereditas.pl\/wp-content\/uploads\/2023\/10\/I_Otrebska_Mokotowska_65_przejazd_bramny_II_klatka_schodowa_parter_drzwi_lokalu-121-150x233.jpg 150w, http:\/\/lapidarium.fundacja-hereditas.pl\/wp-content\/uploads\/2023\/10\/I_Otrebska_Mokotowska_65_przejazd_bramny_II_klatka_schodowa_parter_drzwi_lokalu-121-300x465.jpg 300w, http:\/\/lapidarium.fundacja-hereditas.pl\/wp-content\/uploads\/2023\/10\/I_Otrebska_Mokotowska_65_przejazd_bramny_II_klatka_schodowa_parter_drzwi_lokalu-121-696x1080.jpg 696w, http:\/\/lapidarium.fundacja-hereditas.pl\/wp-content\/uploads\/2023\/10\/I_Otrebska_Mokotowska_65_przejazd_bramny_II_klatka_schodowa_parter_drzwi_lokalu-121-1068x1657.jpg 1068w, http:\/\/lapidarium.fundacja-hereditas.pl\/wp-content\/uploads\/2023\/10\/I_Otrebska_Mokotowska_65_przejazd_bramny_II_klatka_schodowa_parter_drzwi_lokalu-121-1920x2978.jpg 1920w\" sizes=\"auto, (max-width: 1651px) 100vw, 1651px\" \/><\/a><figcaption class=\"wp-element-caption\">Oficyna poprzeczna. Klatka schodowa. Zakr\u0119t balustrady na pi\u0119trze. Fot. Iwona Otr\u0119bska, 2023 r., \u017ar\u00f3d\u0142o: AOD IV.<\/figcaption><\/figure>\n\n\n\n<figure class=\"wp-block-image\"><a href=\"http:\/\/lapidarium.fundacja-hereditas.pl\/wp-content\/uploads\/2023\/10\/Dziubiel_Agnieszka_Warszawa_Mokotowska_65_oficyna_tylna_klatka_schodowa_nr_3_12-scaled.jpg\"><img loading=\"lazy\" decoding=\"async\" width=\"1447\" height=\"2560\" data-id=\"14190\" src=\"http:\/\/lapidarium.fundacja-hereditas.pl\/wp-content\/uploads\/2023\/10\/Dziubiel_Agnieszka_Warszawa_Mokotowska_65_oficyna_tylna_klatka_schodowa_nr_3_12-scaled.jpg\" alt=\"\" class=\"wp-image-14190\" srcset=\"http:\/\/lapidarium.fundacja-hereditas.pl\/wp-content\/uploads\/2023\/10\/Dziubiel_Agnieszka_Warszawa_Mokotowska_65_oficyna_tylna_klatka_schodowa_nr_3_12-scaled.jpg 1447w, http:\/\/lapidarium.fundacja-hereditas.pl\/wp-content\/uploads\/2023\/10\/Dziubiel_Agnieszka_Warszawa_Mokotowska_65_oficyna_tylna_klatka_schodowa_nr_3_12-170x300.jpg 170w, http:\/\/lapidarium.fundacja-hereditas.pl\/wp-content\/uploads\/2023\/10\/Dziubiel_Agnieszka_Warszawa_Mokotowska_65_oficyna_tylna_klatka_schodowa_nr_3_12-579x1024.jpg 579w, http:\/\/lapidarium.fundacja-hereditas.pl\/wp-content\/uploads\/2023\/10\/Dziubiel_Agnieszka_Warszawa_Mokotowska_65_oficyna_tylna_klatka_schodowa_nr_3_12-768x1358.jpg 768w, http:\/\/lapidarium.fundacja-hereditas.pl\/wp-content\/uploads\/2023\/10\/Dziubiel_Agnieszka_Warszawa_Mokotowska_65_oficyna_tylna_klatka_schodowa_nr_3_12-868x1536.jpg 868w, http:\/\/lapidarium.fundacja-hereditas.pl\/wp-content\/uploads\/2023\/10\/Dziubiel_Agnieszka_Warszawa_Mokotowska_65_oficyna_tylna_klatka_schodowa_nr_3_12-1158x2048.jpg 1158w, http:\/\/lapidarium.fundacja-hereditas.pl\/wp-content\/uploads\/2023\/10\/Dziubiel_Agnieszka_Warszawa_Mokotowska_65_oficyna_tylna_klatka_schodowa_nr_3_12-150x265.jpg 150w, http:\/\/lapidarium.fundacja-hereditas.pl\/wp-content\/uploads\/2023\/10\/Dziubiel_Agnieszka_Warszawa_Mokotowska_65_oficyna_tylna_klatka_schodowa_nr_3_12-300x531.jpg 300w, http:\/\/lapidarium.fundacja-hereditas.pl\/wp-content\/uploads\/2023\/10\/Dziubiel_Agnieszka_Warszawa_Mokotowska_65_oficyna_tylna_klatka_schodowa_nr_3_12-696x1231.jpg 696w, http:\/\/lapidarium.fundacja-hereditas.pl\/wp-content\/uploads\/2023\/10\/Dziubiel_Agnieszka_Warszawa_Mokotowska_65_oficyna_tylna_klatka_schodowa_nr_3_12-1068x1889.jpg 1068w, http:\/\/lapidarium.fundacja-hereditas.pl\/wp-content\/uploads\/2023\/10\/Dziubiel_Agnieszka_Warszawa_Mokotowska_65_oficyna_tylna_klatka_schodowa_nr_3_12-1920x3396.jpg 1920w\" sizes=\"auto, (max-width: 1447px) 100vw, 1447px\" \/><\/a><figcaption class=\"wp-element-caption\">Oficyna poprzeczna. Klatka schodowa. Widok na spocznik ostatniego p\u00f3\u0142pi\u0119tra. Fot. Agnieszka Dziubiel, 2023 r., \u017ar\u00f3d\u0142o: AOD IV.<\/figcaption><\/figure>\n\n\n\n<figure class=\"wp-block-image\"><a href=\"http:\/\/lapidarium.fundacja-hereditas.pl\/wp-content\/uploads\/2023\/10\/Dziubiel_Agnieszka_Warszawa_Mokotowska_65_oficyna_tylna_klatka_schodowa_nr_3_10-scaled.jpg\"><img loading=\"lazy\" decoding=\"async\" width=\"2560\" height=\"1425\" data-id=\"14188\" src=\"http:\/\/lapidarium.fundacja-hereditas.pl\/wp-content\/uploads\/2023\/10\/Dziubiel_Agnieszka_Warszawa_Mokotowska_65_oficyna_tylna_klatka_schodowa_nr_3_10-scaled.jpg\" alt=\"\" class=\"wp-image-14188\" srcset=\"http:\/\/lapidarium.fundacja-hereditas.pl\/wp-content\/uploads\/2023\/10\/Dziubiel_Agnieszka_Warszawa_Mokotowska_65_oficyna_tylna_klatka_schodowa_nr_3_10-scaled.jpg 2560w, http:\/\/lapidarium.fundacja-hereditas.pl\/wp-content\/uploads\/2023\/10\/Dziubiel_Agnieszka_Warszawa_Mokotowska_65_oficyna_tylna_klatka_schodowa_nr_3_10-300x167.jpg 300w, http:\/\/lapidarium.fundacja-hereditas.pl\/wp-content\/uploads\/2023\/10\/Dziubiel_Agnieszka_Warszawa_Mokotowska_65_oficyna_tylna_klatka_schodowa_nr_3_10-1024x570.jpg 1024w, http:\/\/lapidarium.fundacja-hereditas.pl\/wp-content\/uploads\/2023\/10\/Dziubiel_Agnieszka_Warszawa_Mokotowska_65_oficyna_tylna_klatka_schodowa_nr_3_10-768x428.jpg 768w, http:\/\/lapidarium.fundacja-hereditas.pl\/wp-content\/uploads\/2023\/10\/Dziubiel_Agnieszka_Warszawa_Mokotowska_65_oficyna_tylna_klatka_schodowa_nr_3_10-1536x855.jpg 1536w, http:\/\/lapidarium.fundacja-hereditas.pl\/wp-content\/uploads\/2023\/10\/Dziubiel_Agnieszka_Warszawa_Mokotowska_65_oficyna_tylna_klatka_schodowa_nr_3_10-2048x1140.jpg 2048w, http:\/\/lapidarium.fundacja-hereditas.pl\/wp-content\/uploads\/2023\/10\/Dziubiel_Agnieszka_Warszawa_Mokotowska_65_oficyna_tylna_klatka_schodowa_nr_3_10-150x84.jpg 150w, http:\/\/lapidarium.fundacja-hereditas.pl\/wp-content\/uploads\/2023\/10\/Dziubiel_Agnieszka_Warszawa_Mokotowska_65_oficyna_tylna_klatka_schodowa_nr_3_10-696x387.jpg 696w, http:\/\/lapidarium.fundacja-hereditas.pl\/wp-content\/uploads\/2023\/10\/Dziubiel_Agnieszka_Warszawa_Mokotowska_65_oficyna_tylna_klatka_schodowa_nr_3_10-1068x595.jpg 1068w, http:\/\/lapidarium.fundacja-hereditas.pl\/wp-content\/uploads\/2023\/10\/Dziubiel_Agnieszka_Warszawa_Mokotowska_65_oficyna_tylna_klatka_schodowa_nr_3_10-1920x1069.jpg 1920w\" sizes=\"auto, (max-width: 2560px) 100vw, 2560px\" \/><\/a><figcaption class=\"wp-element-caption\">Oficyna poprzeczna. Klatka schodowa. Tralki balustrady, policzki schod\u00f3w. Fot. Agnieszka Dziubiel, 2023 r., \u017ar\u00f3d\u0142o: AOD IV.<\/figcaption><\/figure>\n\n\n\n<figure class=\"wp-block-image\"><a href=\"http:\/\/lapidarium.fundacja-hereditas.pl\/wp-content\/uploads\/2023\/10\/Dziubiel_Agnieszka_Warszawa_Mokotowska_65_oficyna_tylna_klatka_schodowa_nr_3_11-scaled.jpg\"><img loading=\"lazy\" decoding=\"async\" width=\"2560\" height=\"1476\" data-id=\"14189\" src=\"http:\/\/lapidarium.fundacja-hereditas.pl\/wp-content\/uploads\/2023\/10\/Dziubiel_Agnieszka_Warszawa_Mokotowska_65_oficyna_tylna_klatka_schodowa_nr_3_11-scaled.jpg\" alt=\"\" class=\"wp-image-14189\" srcset=\"http:\/\/lapidarium.fundacja-hereditas.pl\/wp-content\/uploads\/2023\/10\/Dziubiel_Agnieszka_Warszawa_Mokotowska_65_oficyna_tylna_klatka_schodowa_nr_3_11-scaled.jpg 2560w, http:\/\/lapidarium.fundacja-hereditas.pl\/wp-content\/uploads\/2023\/10\/Dziubiel_Agnieszka_Warszawa_Mokotowska_65_oficyna_tylna_klatka_schodowa_nr_3_11-300x173.jpg 300w, http:\/\/lapidarium.fundacja-hereditas.pl\/wp-content\/uploads\/2023\/10\/Dziubiel_Agnieszka_Warszawa_Mokotowska_65_oficyna_tylna_klatka_schodowa_nr_3_11-1024x591.jpg 1024w, http:\/\/lapidarium.fundacja-hereditas.pl\/wp-content\/uploads\/2023\/10\/Dziubiel_Agnieszka_Warszawa_Mokotowska_65_oficyna_tylna_klatka_schodowa_nr_3_11-768x443.jpg 768w, http:\/\/lapidarium.fundacja-hereditas.pl\/wp-content\/uploads\/2023\/10\/Dziubiel_Agnieszka_Warszawa_Mokotowska_65_oficyna_tylna_klatka_schodowa_nr_3_11-1536x886.jpg 1536w, http:\/\/lapidarium.fundacja-hereditas.pl\/wp-content\/uploads\/2023\/10\/Dziubiel_Agnieszka_Warszawa_Mokotowska_65_oficyna_tylna_klatka_schodowa_nr_3_11-2048x1181.jpg 2048w, http:\/\/lapidarium.fundacja-hereditas.pl\/wp-content\/uploads\/2023\/10\/Dziubiel_Agnieszka_Warszawa_Mokotowska_65_oficyna_tylna_klatka_schodowa_nr_3_11-150x87.jpg 150w, http:\/\/lapidarium.fundacja-hereditas.pl\/wp-content\/uploads\/2023\/10\/Dziubiel_Agnieszka_Warszawa_Mokotowska_65_oficyna_tylna_klatka_schodowa_nr_3_11-696x401.jpg 696w, http:\/\/lapidarium.fundacja-hereditas.pl\/wp-content\/uploads\/2023\/10\/Dziubiel_Agnieszka_Warszawa_Mokotowska_65_oficyna_tylna_klatka_schodowa_nr_3_11-1068x616.jpg 1068w, http:\/\/lapidarium.fundacja-hereditas.pl\/wp-content\/uploads\/2023\/10\/Dziubiel_Agnieszka_Warszawa_Mokotowska_65_oficyna_tylna_klatka_schodowa_nr_3_11-1920x1107.jpg 1920w\" sizes=\"auto, (max-width: 2560px) 100vw, 2560px\" \/><\/a><figcaption class=\"wp-element-caption\">Oficyna poprzeczna. Klatka schodowa. Mocowanie tralki balustrady. Fot. Agnieszka Dziubiel, 2023 r., \u017ar\u00f3d\u0142o: AOD IV.<\/figcaption><\/figure>\n\n\n\n<figure class=\"wp-block-image\"><a href=\"http:\/\/lapidarium.fundacja-hereditas.pl\/wp-content\/uploads\/2023\/10\/Dziubiel_Agnieszka_Warszawa_Mokotowska_65_oficyna_tylna_klatka_schodowa_nr_3_17-scaled.jpg\"><img loading=\"lazy\" decoding=\"async\" width=\"2560\" height=\"1727\" data-id=\"14191\" src=\"http:\/\/lapidarium.fundacja-hereditas.pl\/wp-content\/uploads\/2023\/10\/Dziubiel_Agnieszka_Warszawa_Mokotowska_65_oficyna_tylna_klatka_schodowa_nr_3_17-scaled.jpg\" alt=\"\" class=\"wp-image-14191\" srcset=\"http:\/\/lapidarium.fundacja-hereditas.pl\/wp-content\/uploads\/2023\/10\/Dziubiel_Agnieszka_Warszawa_Mokotowska_65_oficyna_tylna_klatka_schodowa_nr_3_17-scaled.jpg 2560w, http:\/\/lapidarium.fundacja-hereditas.pl\/wp-content\/uploads\/2023\/10\/Dziubiel_Agnieszka_Warszawa_Mokotowska_65_oficyna_tylna_klatka_schodowa_nr_3_17-300x202.jpg 300w, http:\/\/lapidarium.fundacja-hereditas.pl\/wp-content\/uploads\/2023\/10\/Dziubiel_Agnieszka_Warszawa_Mokotowska_65_oficyna_tylna_klatka_schodowa_nr_3_17-1024x691.jpg 1024w, http:\/\/lapidarium.fundacja-hereditas.pl\/wp-content\/uploads\/2023\/10\/Dziubiel_Agnieszka_Warszawa_Mokotowska_65_oficyna_tylna_klatka_schodowa_nr_3_17-768x518.jpg 768w, http:\/\/lapidarium.fundacja-hereditas.pl\/wp-content\/uploads\/2023\/10\/Dziubiel_Agnieszka_Warszawa_Mokotowska_65_oficyna_tylna_klatka_schodowa_nr_3_17-1536x1036.jpg 1536w, http:\/\/lapidarium.fundacja-hereditas.pl\/wp-content\/uploads\/2023\/10\/Dziubiel_Agnieszka_Warszawa_Mokotowska_65_oficyna_tylna_klatka_schodowa_nr_3_17-2048x1382.jpg 2048w, http:\/\/lapidarium.fundacja-hereditas.pl\/wp-content\/uploads\/2023\/10\/Dziubiel_Agnieszka_Warszawa_Mokotowska_65_oficyna_tylna_klatka_schodowa_nr_3_17-150x101.jpg 150w, http:\/\/lapidarium.fundacja-hereditas.pl\/wp-content\/uploads\/2023\/10\/Dziubiel_Agnieszka_Warszawa_Mokotowska_65_oficyna_tylna_klatka_schodowa_nr_3_17-696x470.jpg 696w, http:\/\/lapidarium.fundacja-hereditas.pl\/wp-content\/uploads\/2023\/10\/Dziubiel_Agnieszka_Warszawa_Mokotowska_65_oficyna_tylna_klatka_schodowa_nr_3_17-1068x721.jpg 1068w, http:\/\/lapidarium.fundacja-hereditas.pl\/wp-content\/uploads\/2023\/10\/Dziubiel_Agnieszka_Warszawa_Mokotowska_65_oficyna_tylna_klatka_schodowa_nr_3_17-1920x1296.jpg 1920w\" sizes=\"auto, (max-width: 2560px) 100vw, 2560px\" \/><\/a><figcaption class=\"wp-element-caption\">Oficyna poprzeczna. Klatka schodowa. Tralki balustrady, policzki schod\u00f3w. W tle widoczny strop ostatniej kondygnacji. Fot. Agnieszka Dziubiel, 2023 r., \u017ar\u00f3d\u0142o: AOD IV.<\/figcaption><\/figure>\n\n\n\n<figure class=\"wp-block-image\"><a href=\"http:\/\/lapidarium.fundacja-hereditas.pl\/wp-content\/uploads\/2023\/10\/Dziubiel_Agnieszka_Warszawa_Mokotowska_65_oficyna_tylna_klatka_schodowa_nr_3_ostatnie_pietro_01-scaled.jpg\"><img loading=\"lazy\" decoding=\"async\" width=\"1449\" height=\"2560\" data-id=\"14204\" src=\"http:\/\/lapidarium.fundacja-hereditas.pl\/wp-content\/uploads\/2023\/10\/Dziubiel_Agnieszka_Warszawa_Mokotowska_65_oficyna_tylna_klatka_schodowa_nr_3_ostatnie_pietro_01-scaled.jpg\" alt=\"\" class=\"wp-image-14204\" srcset=\"http:\/\/lapidarium.fundacja-hereditas.pl\/wp-content\/uploads\/2023\/10\/Dziubiel_Agnieszka_Warszawa_Mokotowska_65_oficyna_tylna_klatka_schodowa_nr_3_ostatnie_pietro_01-scaled.jpg 1449w, http:\/\/lapidarium.fundacja-hereditas.pl\/wp-content\/uploads\/2023\/10\/Dziubiel_Agnieszka_Warszawa_Mokotowska_65_oficyna_tylna_klatka_schodowa_nr_3_ostatnie_pietro_01-170x300.jpg 170w, http:\/\/lapidarium.fundacja-hereditas.pl\/wp-content\/uploads\/2023\/10\/Dziubiel_Agnieszka_Warszawa_Mokotowska_65_oficyna_tylna_klatka_schodowa_nr_3_ostatnie_pietro_01-580x1024.jpg 580w, http:\/\/lapidarium.fundacja-hereditas.pl\/wp-content\/uploads\/2023\/10\/Dziubiel_Agnieszka_Warszawa_Mokotowska_65_oficyna_tylna_klatka_schodowa_nr_3_ostatnie_pietro_01-768x1357.jpg 768w, http:\/\/lapidarium.fundacja-hereditas.pl\/wp-content\/uploads\/2023\/10\/Dziubiel_Agnieszka_Warszawa_Mokotowska_65_oficyna_tylna_klatka_schodowa_nr_3_ostatnie_pietro_01-870x1536.jpg 870w, http:\/\/lapidarium.fundacja-hereditas.pl\/wp-content\/uploads\/2023\/10\/Dziubiel_Agnieszka_Warszawa_Mokotowska_65_oficyna_tylna_klatka_schodowa_nr_3_ostatnie_pietro_01-1159x2048.jpg 1159w, http:\/\/lapidarium.fundacja-hereditas.pl\/wp-content\/uploads\/2023\/10\/Dziubiel_Agnieszka_Warszawa_Mokotowska_65_oficyna_tylna_klatka_schodowa_nr_3_ostatnie_pietro_01-150x265.jpg 150w, http:\/\/lapidarium.fundacja-hereditas.pl\/wp-content\/uploads\/2023\/10\/Dziubiel_Agnieszka_Warszawa_Mokotowska_65_oficyna_tylna_klatka_schodowa_nr_3_ostatnie_pietro_01-300x530.jpg 300w, http:\/\/lapidarium.fundacja-hereditas.pl\/wp-content\/uploads\/2023\/10\/Dziubiel_Agnieszka_Warszawa_Mokotowska_65_oficyna_tylna_klatka_schodowa_nr_3_ostatnie_pietro_01-696x1229.jpg 696w, http:\/\/lapidarium.fundacja-hereditas.pl\/wp-content\/uploads\/2023\/10\/Dziubiel_Agnieszka_Warszawa_Mokotowska_65_oficyna_tylna_klatka_schodowa_nr_3_ostatnie_pietro_01-1068x1887.jpg 1068w, http:\/\/lapidarium.fundacja-hereditas.pl\/wp-content\/uploads\/2023\/10\/Dziubiel_Agnieszka_Warszawa_Mokotowska_65_oficyna_tylna_klatka_schodowa_nr_3_ostatnie_pietro_01-1920x3392.jpg 1920w\" sizes=\"auto, (max-width: 1449px) 100vw, 1449px\" \/><\/a><figcaption class=\"wp-element-caption\">Oficyna poprzeczna. Klatka schodowa w kierunku ostatniego pi\u0119tra. Widoczna konstrukcja sufitu. Fot. Agnieszka Dziubiel, 2023 r., \u017ar\u00f3d\u0142o: AOD IV.<\/figcaption><\/figure>\n\n\n\n<figure class=\"wp-block-image\"><a href=\"http:\/\/lapidarium.fundacja-hereditas.pl\/wp-content\/uploads\/2023\/10\/Robert_Marcinkowski_Warszawa_Mokotowska_65_fic_poprz_klatka_09-scaled.jpg\"><img loading=\"lazy\" decoding=\"async\" width=\"1479\" height=\"2560\" data-id=\"14288\" src=\"http:\/\/lapidarium.fundacja-hereditas.pl\/wp-content\/uploads\/2023\/10\/Robert_Marcinkowski_Warszawa_Mokotowska_65_fic_poprz_klatka_09-scaled.jpg\" alt=\"\" class=\"wp-image-14288\" srcset=\"http:\/\/lapidarium.fundacja-hereditas.pl\/wp-content\/uploads\/2023\/10\/Robert_Marcinkowski_Warszawa_Mokotowska_65_fic_poprz_klatka_09-scaled.jpg 1479w, http:\/\/lapidarium.fundacja-hereditas.pl\/wp-content\/uploads\/2023\/10\/Robert_Marcinkowski_Warszawa_Mokotowska_65_fic_poprz_klatka_09-173x300.jpg 173w, http:\/\/lapidarium.fundacja-hereditas.pl\/wp-content\/uploads\/2023\/10\/Robert_Marcinkowski_Warszawa_Mokotowska_65_fic_poprz_klatka_09-592x1024.jpg 592w, http:\/\/lapidarium.fundacja-hereditas.pl\/wp-content\/uploads\/2023\/10\/Robert_Marcinkowski_Warszawa_Mokotowska_65_fic_poprz_klatka_09-768x1329.jpg 768w, http:\/\/lapidarium.fundacja-hereditas.pl\/wp-content\/uploads\/2023\/10\/Robert_Marcinkowski_Warszawa_Mokotowska_65_fic_poprz_klatka_09-887x1536.jpg 887w, http:\/\/lapidarium.fundacja-hereditas.pl\/wp-content\/uploads\/2023\/10\/Robert_Marcinkowski_Warszawa_Mokotowska_65_fic_poprz_klatka_09-1183x2048.jpg 1183w, http:\/\/lapidarium.fundacja-hereditas.pl\/wp-content\/uploads\/2023\/10\/Robert_Marcinkowski_Warszawa_Mokotowska_65_fic_poprz_klatka_09-150x260.jpg 150w, http:\/\/lapidarium.fundacja-hereditas.pl\/wp-content\/uploads\/2023\/10\/Robert_Marcinkowski_Warszawa_Mokotowska_65_fic_poprz_klatka_09-300x519.jpg 300w, http:\/\/lapidarium.fundacja-hereditas.pl\/wp-content\/uploads\/2023\/10\/Robert_Marcinkowski_Warszawa_Mokotowska_65_fic_poprz_klatka_09-696x1205.jpg 696w, http:\/\/lapidarium.fundacja-hereditas.pl\/wp-content\/uploads\/2023\/10\/Robert_Marcinkowski_Warszawa_Mokotowska_65_fic_poprz_klatka_09-1068x1848.jpg 1068w, http:\/\/lapidarium.fundacja-hereditas.pl\/wp-content\/uploads\/2023\/10\/Robert_Marcinkowski_Warszawa_Mokotowska_65_fic_poprz_klatka_09-1920x3323.jpg 1920w\" sizes=\"auto, (max-width: 1479px) 100vw, 1479px\" \/><\/a><figcaption class=\"wp-element-caption\">Oficyna poprzeczna. Klatka schodowa g\u0142\u00f3wna. Widok na ostatnie pi\u0119tro. Ods\u0142oni\u0119ta konstrukcja stropu. Fot. Robert Marcinkowski, 2023 r., \u017ar\u00f3d\u0142o: AOD IV.<\/figcaption><\/figure>\n\n\n\n<figure class=\"wp-block-image\"><a href=\"http:\/\/lapidarium.fundacja-hereditas.pl\/wp-content\/uploads\/2023\/10\/Robert_Marcinkowski_Warszawa_Mokotowska_65_fic_poprz_klatka_10-scaled.jpg\"><img loading=\"lazy\" decoding=\"async\" width=\"2560\" height=\"1684\" data-id=\"14289\" src=\"http:\/\/lapidarium.fundacja-hereditas.pl\/wp-content\/uploads\/2023\/10\/Robert_Marcinkowski_Warszawa_Mokotowska_65_fic_poprz_klatka_10-scaled.jpg\" alt=\"\" class=\"wp-image-14289\" srcset=\"http:\/\/lapidarium.fundacja-hereditas.pl\/wp-content\/uploads\/2023\/10\/Robert_Marcinkowski_Warszawa_Mokotowska_65_fic_poprz_klatka_10-scaled.jpg 2560w, http:\/\/lapidarium.fundacja-hereditas.pl\/wp-content\/uploads\/2023\/10\/Robert_Marcinkowski_Warszawa_Mokotowska_65_fic_poprz_klatka_10-300x197.jpg 300w, http:\/\/lapidarium.fundacja-hereditas.pl\/wp-content\/uploads\/2023\/10\/Robert_Marcinkowski_Warszawa_Mokotowska_65_fic_poprz_klatka_10-1024x673.jpg 1024w, http:\/\/lapidarium.fundacja-hereditas.pl\/wp-content\/uploads\/2023\/10\/Robert_Marcinkowski_Warszawa_Mokotowska_65_fic_poprz_klatka_10-768x505.jpg 768w, http:\/\/lapidarium.fundacja-hereditas.pl\/wp-content\/uploads\/2023\/10\/Robert_Marcinkowski_Warszawa_Mokotowska_65_fic_poprz_klatka_10-1536x1010.jpg 1536w, http:\/\/lapidarium.fundacja-hereditas.pl\/wp-content\/uploads\/2023\/10\/Robert_Marcinkowski_Warszawa_Mokotowska_65_fic_poprz_klatka_10-2048x1347.jpg 2048w, http:\/\/lapidarium.fundacja-hereditas.pl\/wp-content\/uploads\/2023\/10\/Robert_Marcinkowski_Warszawa_Mokotowska_65_fic_poprz_klatka_10-150x99.jpg 150w, http:\/\/lapidarium.fundacja-hereditas.pl\/wp-content\/uploads\/2023\/10\/Robert_Marcinkowski_Warszawa_Mokotowska_65_fic_poprz_klatka_10-696x458.jpg 696w, http:\/\/lapidarium.fundacja-hereditas.pl\/wp-content\/uploads\/2023\/10\/Robert_Marcinkowski_Warszawa_Mokotowska_65_fic_poprz_klatka_10-1068x702.jpg 1068w, http:\/\/lapidarium.fundacja-hereditas.pl\/wp-content\/uploads\/2023\/10\/Robert_Marcinkowski_Warszawa_Mokotowska_65_fic_poprz_klatka_10-1920x1263.jpg 1920w\" sizes=\"auto, (max-width: 2560px) 100vw, 2560px\" \/><\/a><figcaption class=\"wp-element-caption\">Oficyna poprzeczna. Klatka schodowa. Widok na ostatnie pi\u0119tro. Tralki balustrady. Fot. Robert Marcinkowski, 2023 r., \u017ar\u00f3d\u0142o: AOD IV.<\/figcaption><\/figure>\n\n\n\n<figure class=\"wp-block-image\"><a href=\"http:\/\/lapidarium.fundacja-hereditas.pl\/wp-content\/uploads\/2023\/10\/Robert_Marcinkowski_Warszawa_Mokotowska_65_fic_poprz_klatka_11-scaled.jpg\"><img loading=\"lazy\" decoding=\"async\" width=\"2560\" height=\"1448\" data-id=\"14290\" src=\"http:\/\/lapidarium.fundacja-hereditas.pl\/wp-content\/uploads\/2023\/10\/Robert_Marcinkowski_Warszawa_Mokotowska_65_fic_poprz_klatka_11-scaled.jpg\" alt=\"\" class=\"wp-image-14290\" srcset=\"http:\/\/lapidarium.fundacja-hereditas.pl\/wp-content\/uploads\/2023\/10\/Robert_Marcinkowski_Warszawa_Mokotowska_65_fic_poprz_klatka_11-scaled.jpg 2560w, http:\/\/lapidarium.fundacja-hereditas.pl\/wp-content\/uploads\/2023\/10\/Robert_Marcinkowski_Warszawa_Mokotowska_65_fic_poprz_klatka_11-300x170.jpg 300w, http:\/\/lapidarium.fundacja-hereditas.pl\/wp-content\/uploads\/2023\/10\/Robert_Marcinkowski_Warszawa_Mokotowska_65_fic_poprz_klatka_11-1024x579.jpg 1024w, http:\/\/lapidarium.fundacja-hereditas.pl\/wp-content\/uploads\/2023\/10\/Robert_Marcinkowski_Warszawa_Mokotowska_65_fic_poprz_klatka_11-768x434.jpg 768w, http:\/\/lapidarium.fundacja-hereditas.pl\/wp-content\/uploads\/2023\/10\/Robert_Marcinkowski_Warszawa_Mokotowska_65_fic_poprz_klatka_11-1536x869.jpg 1536w, http:\/\/lapidarium.fundacja-hereditas.pl\/wp-content\/uploads\/2023\/10\/Robert_Marcinkowski_Warszawa_Mokotowska_65_fic_poprz_klatka_11-2048x1159.jpg 2048w, http:\/\/lapidarium.fundacja-hereditas.pl\/wp-content\/uploads\/2023\/10\/Robert_Marcinkowski_Warszawa_Mokotowska_65_fic_poprz_klatka_11-150x85.jpg 150w, http:\/\/lapidarium.fundacja-hereditas.pl\/wp-content\/uploads\/2023\/10\/Robert_Marcinkowski_Warszawa_Mokotowska_65_fic_poprz_klatka_11-696x394.jpg 696w, http:\/\/lapidarium.fundacja-hereditas.pl\/wp-content\/uploads\/2023\/10\/Robert_Marcinkowski_Warszawa_Mokotowska_65_fic_poprz_klatka_11-1068x604.jpg 1068w, http:\/\/lapidarium.fundacja-hereditas.pl\/wp-content\/uploads\/2023\/10\/Robert_Marcinkowski_Warszawa_Mokotowska_65_fic_poprz_klatka_11-1920x1086.jpg 1920w\" sizes=\"auto, (max-width: 2560px) 100vw, 2560px\" \/><\/a><figcaption class=\"wp-element-caption\">Oficyna poprzeczna. Klatka schodowa. Widok z ostatniego pi\u0119tra. Tralki balustrady. Fot. Robert Marcinkowski, 2023 r., \u017ar\u00f3d\u0142o: AOD IV.<\/figcaption><\/figure>\n\n\n\n<figure class=\"wp-block-image\"><a href=\"http:\/\/lapidarium.fundacja-hereditas.pl\/wp-content\/uploads\/2023\/10\/Dziubiel_Agnieszka_Warszawa_Mokotowska_65_oficyna_tylna_klatka_schodowa_nr_3_drzwi_do_mieszkania_11-scaled.jpg\"><img loading=\"lazy\" decoding=\"async\" width=\"1451\" height=\"2560\" data-id=\"14199\" src=\"http:\/\/lapidarium.fundacja-hereditas.pl\/wp-content\/uploads\/2023\/10\/Dziubiel_Agnieszka_Warszawa_Mokotowska_65_oficyna_tylna_klatka_schodowa_nr_3_drzwi_do_mieszkania_11-scaled.jpg\" alt=\"\" class=\"wp-image-14199\" srcset=\"http:\/\/lapidarium.fundacja-hereditas.pl\/wp-content\/uploads\/2023\/10\/Dziubiel_Agnieszka_Warszawa_Mokotowska_65_oficyna_tylna_klatka_schodowa_nr_3_drzwi_do_mieszkania_11-scaled.jpg 1451w, http:\/\/lapidarium.fundacja-hereditas.pl\/wp-content\/uploads\/2023\/10\/Dziubiel_Agnieszka_Warszawa_Mokotowska_65_oficyna_tylna_klatka_schodowa_nr_3_drzwi_do_mieszkania_11-170x300.jpg 170w, http:\/\/lapidarium.fundacja-hereditas.pl\/wp-content\/uploads\/2023\/10\/Dziubiel_Agnieszka_Warszawa_Mokotowska_65_oficyna_tylna_klatka_schodowa_nr_3_drzwi_do_mieszkania_11-580x1024.jpg 580w, http:\/\/lapidarium.fundacja-hereditas.pl\/wp-content\/uploads\/2023\/10\/Dziubiel_Agnieszka_Warszawa_Mokotowska_65_oficyna_tylna_klatka_schodowa_nr_3_drzwi_do_mieszkania_11-768x1355.jpg 768w, http:\/\/lapidarium.fundacja-hereditas.pl\/wp-content\/uploads\/2023\/10\/Dziubiel_Agnieszka_Warszawa_Mokotowska_65_oficyna_tylna_klatka_schodowa_nr_3_drzwi_do_mieszkania_11-871x1536.jpg 871w, http:\/\/lapidarium.fundacja-hereditas.pl\/wp-content\/uploads\/2023\/10\/Dziubiel_Agnieszka_Warszawa_Mokotowska_65_oficyna_tylna_klatka_schodowa_nr_3_drzwi_do_mieszkania_11-1161x2048.jpg 1161w, http:\/\/lapidarium.fundacja-hereditas.pl\/wp-content\/uploads\/2023\/10\/Dziubiel_Agnieszka_Warszawa_Mokotowska_65_oficyna_tylna_klatka_schodowa_nr_3_drzwi_do_mieszkania_11-150x265.jpg 150w, http:\/\/lapidarium.fundacja-hereditas.pl\/wp-content\/uploads\/2023\/10\/Dziubiel_Agnieszka_Warszawa_Mokotowska_65_oficyna_tylna_klatka_schodowa_nr_3_drzwi_do_mieszkania_11-300x529.jpg 300w, http:\/\/lapidarium.fundacja-hereditas.pl\/wp-content\/uploads\/2023\/10\/Dziubiel_Agnieszka_Warszawa_Mokotowska_65_oficyna_tylna_klatka_schodowa_nr_3_drzwi_do_mieszkania_11-696x1228.jpg 696w, http:\/\/lapidarium.fundacja-hereditas.pl\/wp-content\/uploads\/2023\/10\/Dziubiel_Agnieszka_Warszawa_Mokotowska_65_oficyna_tylna_klatka_schodowa_nr_3_drzwi_do_mieszkania_11-1068x1884.jpg 1068w, http:\/\/lapidarium.fundacja-hereditas.pl\/wp-content\/uploads\/2023\/10\/Dziubiel_Agnieszka_Warszawa_Mokotowska_65_oficyna_tylna_klatka_schodowa_nr_3_drzwi_do_mieszkania_11-1920x3388.jpg 1920w\" sizes=\"auto, (max-width: 1451px) 100vw, 1451px\" \/><\/a><figcaption class=\"wp-element-caption\">Oficyna poprzeczna. Klatka schodowa. Drzwi do lokalu mieszkalnego ostatniego pi\u0119tra. Fot. Agnieszka Dziubiel, 2023 r., \u017ar\u00f3d\u0142o: AOD IV.<\/figcaption><\/figure>\n\n\n\n<figure class=\"wp-block-image\"><a href=\"http:\/\/lapidarium.fundacja-hereditas.pl\/wp-content\/uploads\/2023\/10\/Robert_Marcinkowski_Warszawa_Mokotowska_65_fic_poprz_klatka_08-scaled.jpg\"><img loading=\"lazy\" decoding=\"async\" width=\"1426\" height=\"2560\" data-id=\"14287\" src=\"http:\/\/lapidarium.fundacja-hereditas.pl\/wp-content\/uploads\/2023\/10\/Robert_Marcinkowski_Warszawa_Mokotowska_65_fic_poprz_klatka_08-scaled.jpg\" alt=\"\" class=\"wp-image-14287\" srcset=\"http:\/\/lapidarium.fundacja-hereditas.pl\/wp-content\/uploads\/2023\/10\/Robert_Marcinkowski_Warszawa_Mokotowska_65_fic_poprz_klatka_08-scaled.jpg 1426w, http:\/\/lapidarium.fundacja-hereditas.pl\/wp-content\/uploads\/2023\/10\/Robert_Marcinkowski_Warszawa_Mokotowska_65_fic_poprz_klatka_08-167x300.jpg 167w, http:\/\/lapidarium.fundacja-hereditas.pl\/wp-content\/uploads\/2023\/10\/Robert_Marcinkowski_Warszawa_Mokotowska_65_fic_poprz_klatka_08-570x1024.jpg 570w, http:\/\/lapidarium.fundacja-hereditas.pl\/wp-content\/uploads\/2023\/10\/Robert_Marcinkowski_Warszawa_Mokotowska_65_fic_poprz_klatka_08-768x1379.jpg 768w, http:\/\/lapidarium.fundacja-hereditas.pl\/wp-content\/uploads\/2023\/10\/Robert_Marcinkowski_Warszawa_Mokotowska_65_fic_poprz_klatka_08-855x1536.jpg 855w, http:\/\/lapidarium.fundacja-hereditas.pl\/wp-content\/uploads\/2023\/10\/Robert_Marcinkowski_Warszawa_Mokotowska_65_fic_poprz_klatka_08-1140x2048.jpg 1140w, http:\/\/lapidarium.fundacja-hereditas.pl\/wp-content\/uploads\/2023\/10\/Robert_Marcinkowski_Warszawa_Mokotowska_65_fic_poprz_klatka_08-150x269.jpg 150w, http:\/\/lapidarium.fundacja-hereditas.pl\/wp-content\/uploads\/2023\/10\/Robert_Marcinkowski_Warszawa_Mokotowska_65_fic_poprz_klatka_08-300x539.jpg 300w, http:\/\/lapidarium.fundacja-hereditas.pl\/wp-content\/uploads\/2023\/10\/Robert_Marcinkowski_Warszawa_Mokotowska_65_fic_poprz_klatka_08-696x1250.jpg 696w, http:\/\/lapidarium.fundacja-hereditas.pl\/wp-content\/uploads\/2023\/10\/Robert_Marcinkowski_Warszawa_Mokotowska_65_fic_poprz_klatka_08-1068x1918.jpg 1068w, http:\/\/lapidarium.fundacja-hereditas.pl\/wp-content\/uploads\/2023\/10\/Robert_Marcinkowski_Warszawa_Mokotowska_65_fic_poprz_klatka_08-1920x3448.jpg 1920w\" sizes=\"auto, (max-width: 1426px) 100vw, 1426px\" \/><\/a><figcaption class=\"wp-element-caption\">Oficyna poprzeczna. Klatka schodowa. Widok na ostatni spocznik. Fot. Robert Marcinkowski, 2023 r., \u017ar\u00f3d\u0142o: AOD IV.<\/figcaption><\/figure>\n\n\n\n<figure class=\"wp-block-image\"><a href=\"http:\/\/lapidarium.fundacja-hereditas.pl\/wp-content\/uploads\/2023\/10\/Dziubiel_Agnieszka_Warszawa_Mokotowska_65_oficyna_tylna_klatka_schodowa_nr_3_drzwi_do_mieszkania_detal_numer_01-scaled.jpg\"><img loading=\"lazy\" decoding=\"async\" width=\"2560\" height=\"2164\" data-id=\"14203\" src=\"http:\/\/lapidarium.fundacja-hereditas.pl\/wp-content\/uploads\/2023\/10\/Dziubiel_Agnieszka_Warszawa_Mokotowska_65_oficyna_tylna_klatka_schodowa_nr_3_drzwi_do_mieszkania_detal_numer_01-scaled.jpg\" alt=\"\" class=\"wp-image-14203\" srcset=\"http:\/\/lapidarium.fundacja-hereditas.pl\/wp-content\/uploads\/2023\/10\/Dziubiel_Agnieszka_Warszawa_Mokotowska_65_oficyna_tylna_klatka_schodowa_nr_3_drzwi_do_mieszkania_detal_numer_01-scaled.jpg 2560w, http:\/\/lapidarium.fundacja-hereditas.pl\/wp-content\/uploads\/2023\/10\/Dziubiel_Agnieszka_Warszawa_Mokotowska_65_oficyna_tylna_klatka_schodowa_nr_3_drzwi_do_mieszkania_detal_numer_01-300x254.jpg 300w, http:\/\/lapidarium.fundacja-hereditas.pl\/wp-content\/uploads\/2023\/10\/Dziubiel_Agnieszka_Warszawa_Mokotowska_65_oficyna_tylna_klatka_schodowa_nr_3_drzwi_do_mieszkania_detal_numer_01-1024x865.jpg 1024w, http:\/\/lapidarium.fundacja-hereditas.pl\/wp-content\/uploads\/2023\/10\/Dziubiel_Agnieszka_Warszawa_Mokotowska_65_oficyna_tylna_klatka_schodowa_nr_3_drzwi_do_mieszkania_detal_numer_01-768x649.jpg 768w, http:\/\/lapidarium.fundacja-hereditas.pl\/wp-content\/uploads\/2023\/10\/Dziubiel_Agnieszka_Warszawa_Mokotowska_65_oficyna_tylna_klatka_schodowa_nr_3_drzwi_do_mieszkania_detal_numer_01-1536x1298.jpg 1536w, http:\/\/lapidarium.fundacja-hereditas.pl\/wp-content\/uploads\/2023\/10\/Dziubiel_Agnieszka_Warszawa_Mokotowska_65_oficyna_tylna_klatka_schodowa_nr_3_drzwi_do_mieszkania_detal_numer_01-2048x1731.jpg 2048w, http:\/\/lapidarium.fundacja-hereditas.pl\/wp-content\/uploads\/2023\/10\/Dziubiel_Agnieszka_Warszawa_Mokotowska_65_oficyna_tylna_klatka_schodowa_nr_3_drzwi_do_mieszkania_detal_numer_01-150x127.jpg 150w, http:\/\/lapidarium.fundacja-hereditas.pl\/wp-content\/uploads\/2023\/10\/Dziubiel_Agnieszka_Warszawa_Mokotowska_65_oficyna_tylna_klatka_schodowa_nr_3_drzwi_do_mieszkania_detal_numer_01-696x588.jpg 696w, http:\/\/lapidarium.fundacja-hereditas.pl\/wp-content\/uploads\/2023\/10\/Dziubiel_Agnieszka_Warszawa_Mokotowska_65_oficyna_tylna_klatka_schodowa_nr_3_drzwi_do_mieszkania_detal_numer_01-1068x903.jpg 1068w, http:\/\/lapidarium.fundacja-hereditas.pl\/wp-content\/uploads\/2023\/10\/Dziubiel_Agnieszka_Warszawa_Mokotowska_65_oficyna_tylna_klatka_schodowa_nr_3_drzwi_do_mieszkania_detal_numer_01-1920x1623.jpg 1920w\" sizes=\"auto, (max-width: 2560px) 100vw, 2560px\" \/><\/a><figcaption class=\"wp-element-caption\">Oficyna poprzeczna. Klatka schodowa. Tabliczka z numerem nad drzwiami do lokalu mieszkalnego. Fot. Agnieszka Dziubiel, 2023 r., \u017ar\u00f3d\u0142o: AOD IV.<\/figcaption><\/figure>\n\n\n\n<figure class=\"wp-block-image\"><a href=\"http:\/\/lapidarium.fundacja-hereditas.pl\/wp-content\/uploads\/2023\/10\/Dziubiel_Agnieszka_Warszawa_Mokotowska_65_oficyna_tylna_klatka_schodowa_nr_3_drzwi_do_mieszkania_09-scaled.jpg\"><img loading=\"lazy\" decoding=\"async\" width=\"1454\" height=\"2560\" data-id=\"14198\" src=\"http:\/\/lapidarium.fundacja-hereditas.pl\/wp-content\/uploads\/2023\/10\/Dziubiel_Agnieszka_Warszawa_Mokotowska_65_oficyna_tylna_klatka_schodowa_nr_3_drzwi_do_mieszkania_09-scaled.jpg\" alt=\"\" class=\"wp-image-14198\" srcset=\"http:\/\/lapidarium.fundacja-hereditas.pl\/wp-content\/uploads\/2023\/10\/Dziubiel_Agnieszka_Warszawa_Mokotowska_65_oficyna_tylna_klatka_schodowa_nr_3_drzwi_do_mieszkania_09-scaled.jpg 1454w, http:\/\/lapidarium.fundacja-hereditas.pl\/wp-content\/uploads\/2023\/10\/Dziubiel_Agnieszka_Warszawa_Mokotowska_65_oficyna_tylna_klatka_schodowa_nr_3_drzwi_do_mieszkania_09-170x300.jpg 170w, http:\/\/lapidarium.fundacja-hereditas.pl\/wp-content\/uploads\/2023\/10\/Dziubiel_Agnieszka_Warszawa_Mokotowska_65_oficyna_tylna_klatka_schodowa_nr_3_drzwi_do_mieszkania_09-582x1024.jpg 582w, http:\/\/lapidarium.fundacja-hereditas.pl\/wp-content\/uploads\/2023\/10\/Dziubiel_Agnieszka_Warszawa_Mokotowska_65_oficyna_tylna_klatka_schodowa_nr_3_drzwi_do_mieszkania_09-768x1352.jpg 768w, http:\/\/lapidarium.fundacja-hereditas.pl\/wp-content\/uploads\/2023\/10\/Dziubiel_Agnieszka_Warszawa_Mokotowska_65_oficyna_tylna_klatka_schodowa_nr_3_drzwi_do_mieszkania_09-872x1536.jpg 872w, http:\/\/lapidarium.fundacja-hereditas.pl\/wp-content\/uploads\/2023\/10\/Dziubiel_Agnieszka_Warszawa_Mokotowska_65_oficyna_tylna_klatka_schodowa_nr_3_drzwi_do_mieszkania_09-1163x2048.jpg 1163w, http:\/\/lapidarium.fundacja-hereditas.pl\/wp-content\/uploads\/2023\/10\/Dziubiel_Agnieszka_Warszawa_Mokotowska_65_oficyna_tylna_klatka_schodowa_nr_3_drzwi_do_mieszkania_09-150x264.jpg 150w, http:\/\/lapidarium.fundacja-hereditas.pl\/wp-content\/uploads\/2023\/10\/Dziubiel_Agnieszka_Warszawa_Mokotowska_65_oficyna_tylna_klatka_schodowa_nr_3_drzwi_do_mieszkania_09-300x528.jpg 300w, http:\/\/lapidarium.fundacja-hereditas.pl\/wp-content\/uploads\/2023\/10\/Dziubiel_Agnieszka_Warszawa_Mokotowska_65_oficyna_tylna_klatka_schodowa_nr_3_drzwi_do_mieszkania_09-696x1225.jpg 696w, http:\/\/lapidarium.fundacja-hereditas.pl\/wp-content\/uploads\/2023\/10\/Dziubiel_Agnieszka_Warszawa_Mokotowska_65_oficyna_tylna_klatka_schodowa_nr_3_drzwi_do_mieszkania_09-1068x1880.jpg 1068w, http:\/\/lapidarium.fundacja-hereditas.pl\/wp-content\/uploads\/2023\/10\/Dziubiel_Agnieszka_Warszawa_Mokotowska_65_oficyna_tylna_klatka_schodowa_nr_3_drzwi_do_mieszkania_09-1920x3380.jpg 1920w\" sizes=\"auto, (max-width: 1454px) 100vw, 1454px\" \/><\/a><figcaption class=\"wp-element-caption\">Oficyna poprzeczna. Klatka schodowa. Drzwi do lokalu mieszkalnego. Dekoracyjna supraporta. Fot. Agnieszka Dziubiel, 2023 r., \u017ar\u00f3d\u0142o: AOD IV.<\/figcaption><\/figure>\n\n\n\n<figure class=\"wp-block-image\"><a href=\"http:\/\/lapidarium.fundacja-hereditas.pl\/wp-content\/uploads\/2023\/10\/Dziubiel_Agnieszka_Warszawa_Mokotowska_65_oficyna_tylna_klatka_schodowa_nr_3_drzwi_do_mieszkania_08-scaled.jpg\"><img loading=\"lazy\" decoding=\"async\" width=\"1457\" height=\"2560\" data-id=\"14197\" src=\"http:\/\/lapidarium.fundacja-hereditas.pl\/wp-content\/uploads\/2023\/10\/Dziubiel_Agnieszka_Warszawa_Mokotowska_65_oficyna_tylna_klatka_schodowa_nr_3_drzwi_do_mieszkania_08-scaled.jpg\" alt=\"\" class=\"wp-image-14197\" srcset=\"http:\/\/lapidarium.fundacja-hereditas.pl\/wp-content\/uploads\/2023\/10\/Dziubiel_Agnieszka_Warszawa_Mokotowska_65_oficyna_tylna_klatka_schodowa_nr_3_drzwi_do_mieszkania_08-scaled.jpg 1457w, http:\/\/lapidarium.fundacja-hereditas.pl\/wp-content\/uploads\/2023\/10\/Dziubiel_Agnieszka_Warszawa_Mokotowska_65_oficyna_tylna_klatka_schodowa_nr_3_drzwi_do_mieszkania_08-171x300.jpg 171w, http:\/\/lapidarium.fundacja-hereditas.pl\/wp-content\/uploads\/2023\/10\/Dziubiel_Agnieszka_Warszawa_Mokotowska_65_oficyna_tylna_klatka_schodowa_nr_3_drzwi_do_mieszkania_08-583x1024.jpg 583w, http:\/\/lapidarium.fundacja-hereditas.pl\/wp-content\/uploads\/2023\/10\/Dziubiel_Agnieszka_Warszawa_Mokotowska_65_oficyna_tylna_klatka_schodowa_nr_3_drzwi_do_mieszkania_08-768x1349.jpg 768w, http:\/\/lapidarium.fundacja-hereditas.pl\/wp-content\/uploads\/2023\/10\/Dziubiel_Agnieszka_Warszawa_Mokotowska_65_oficyna_tylna_klatka_schodowa_nr_3_drzwi_do_mieszkania_08-874x1536.jpg 874w, http:\/\/lapidarium.fundacja-hereditas.pl\/wp-content\/uploads\/2023\/10\/Dziubiel_Agnieszka_Warszawa_Mokotowska_65_oficyna_tylna_klatka_schodowa_nr_3_drzwi_do_mieszkania_08-1166x2048.jpg 1166w, http:\/\/lapidarium.fundacja-hereditas.pl\/wp-content\/uploads\/2023\/10\/Dziubiel_Agnieszka_Warszawa_Mokotowska_65_oficyna_tylna_klatka_schodowa_nr_3_drzwi_do_mieszkania_08-150x264.jpg 150w, http:\/\/lapidarium.fundacja-hereditas.pl\/wp-content\/uploads\/2023\/10\/Dziubiel_Agnieszka_Warszawa_Mokotowska_65_oficyna_tylna_klatka_schodowa_nr_3_drzwi_do_mieszkania_08-300x527.jpg 300w, http:\/\/lapidarium.fundacja-hereditas.pl\/wp-content\/uploads\/2023\/10\/Dziubiel_Agnieszka_Warszawa_Mokotowska_65_oficyna_tylna_klatka_schodowa_nr_3_drzwi_do_mieszkania_08-696x1223.jpg 696w, http:\/\/lapidarium.fundacja-hereditas.pl\/wp-content\/uploads\/2023\/10\/Dziubiel_Agnieszka_Warszawa_Mokotowska_65_oficyna_tylna_klatka_schodowa_nr_3_drzwi_do_mieszkania_08-1068x1876.jpg 1068w, http:\/\/lapidarium.fundacja-hereditas.pl\/wp-content\/uploads\/2023\/10\/Dziubiel_Agnieszka_Warszawa_Mokotowska_65_oficyna_tylna_klatka_schodowa_nr_3_drzwi_do_mieszkania_08-1920x3373.jpg 1920w\" sizes=\"auto, (max-width: 1457px) 100vw, 1457px\" \/><\/a><figcaption class=\"wp-element-caption\">Oficyna poprzeczna. Klatka schodowa. Drzwi do lokalu mieszkalnego. Dekoracyjna supraporta. Fot. Agnieszka Dziubiel, 2023 r., \u017ar\u00f3d\u0142o: AOD IV.<\/figcaption><\/figure>\n\n\n\n<figure class=\"wp-block-image\"><a href=\"http:\/\/lapidarium.fundacja-hereditas.pl\/wp-content\/uploads\/2023\/10\/Dziubiel_Agnieszka_Warszawa_Mokotowska_65_oficyna_tylna_klatka_schodowa_nr_3_drzwi_do_mieszkania_07-scaled.jpg\"><img loading=\"lazy\" decoding=\"async\" width=\"1492\" height=\"2560\" data-id=\"14196\" src=\"http:\/\/lapidarium.fundacja-hereditas.pl\/wp-content\/uploads\/2023\/10\/Dziubiel_Agnieszka_Warszawa_Mokotowska_65_oficyna_tylna_klatka_schodowa_nr_3_drzwi_do_mieszkania_07-scaled.jpg\" alt=\"\" class=\"wp-image-14196\" srcset=\"http:\/\/lapidarium.fundacja-hereditas.pl\/wp-content\/uploads\/2023\/10\/Dziubiel_Agnieszka_Warszawa_Mokotowska_65_oficyna_tylna_klatka_schodowa_nr_3_drzwi_do_mieszkania_07-scaled.jpg 1492w, http:\/\/lapidarium.fundacja-hereditas.pl\/wp-content\/uploads\/2023\/10\/Dziubiel_Agnieszka_Warszawa_Mokotowska_65_oficyna_tylna_klatka_schodowa_nr_3_drzwi_do_mieszkania_07-175x300.jpg 175w, http:\/\/lapidarium.fundacja-hereditas.pl\/wp-content\/uploads\/2023\/10\/Dziubiel_Agnieszka_Warszawa_Mokotowska_65_oficyna_tylna_klatka_schodowa_nr_3_drzwi_do_mieszkania_07-597x1024.jpg 597w, http:\/\/lapidarium.fundacja-hereditas.pl\/wp-content\/uploads\/2023\/10\/Dziubiel_Agnieszka_Warszawa_Mokotowska_65_oficyna_tylna_klatka_schodowa_nr_3_drzwi_do_mieszkania_07-768x1318.jpg 768w, http:\/\/lapidarium.fundacja-hereditas.pl\/wp-content\/uploads\/2023\/10\/Dziubiel_Agnieszka_Warszawa_Mokotowska_65_oficyna_tylna_klatka_schodowa_nr_3_drzwi_do_mieszkania_07-895x1536.jpg 895w, http:\/\/lapidarium.fundacja-hereditas.pl\/wp-content\/uploads\/2023\/10\/Dziubiel_Agnieszka_Warszawa_Mokotowska_65_oficyna_tylna_klatka_schodowa_nr_3_drzwi_do_mieszkania_07-1194x2048.jpg 1194w, http:\/\/lapidarium.fundacja-hereditas.pl\/wp-content\/uploads\/2023\/10\/Dziubiel_Agnieszka_Warszawa_Mokotowska_65_oficyna_tylna_klatka_schodowa_nr_3_drzwi_do_mieszkania_07-150x257.jpg 150w, http:\/\/lapidarium.fundacja-hereditas.pl\/wp-content\/uploads\/2023\/10\/Dziubiel_Agnieszka_Warszawa_Mokotowska_65_oficyna_tylna_klatka_schodowa_nr_3_drzwi_do_mieszkania_07-300x515.jpg 300w, http:\/\/lapidarium.fundacja-hereditas.pl\/wp-content\/uploads\/2023\/10\/Dziubiel_Agnieszka_Warszawa_Mokotowska_65_oficyna_tylna_klatka_schodowa_nr_3_drzwi_do_mieszkania_07-696x1194.jpg 696w, http:\/\/lapidarium.fundacja-hereditas.pl\/wp-content\/uploads\/2023\/10\/Dziubiel_Agnieszka_Warszawa_Mokotowska_65_oficyna_tylna_klatka_schodowa_nr_3_drzwi_do_mieszkania_07-1068x1833.jpg 1068w, http:\/\/lapidarium.fundacja-hereditas.pl\/wp-content\/uploads\/2023\/10\/Dziubiel_Agnieszka_Warszawa_Mokotowska_65_oficyna_tylna_klatka_schodowa_nr_3_drzwi_do_mieszkania_07-1920x3294.jpg 1920w\" sizes=\"auto, (max-width: 1492px) 100vw, 1492px\" \/><\/a><figcaption class=\"wp-element-caption\">Oficyna poprzeczna. Klatka schodowa. Drzwi do lokalu mieszkalnego. Dekoracyjna supraporta. Fot. Agnieszka Dziubiel, 2023 r., \u017ar\u00f3d\u0142o: AOD IV.<\/figcaption><\/figure>\n\n\n\n<figure class=\"wp-block-image\"><a href=\"http:\/\/lapidarium.fundacja-hereditas.pl\/wp-content\/uploads\/2023\/10\/Dziubiel_Agnieszka_Warszawa_Mokotowska_65_oficyna_tylna_klatka_schodowa_nr_3_drzwi_do_mieszkania_06-scaled.jpg\"><img loading=\"lazy\" decoding=\"async\" width=\"1461\" height=\"2560\" data-id=\"14195\" src=\"http:\/\/lapidarium.fundacja-hereditas.pl\/wp-content\/uploads\/2023\/10\/Dziubiel_Agnieszka_Warszawa_Mokotowska_65_oficyna_tylna_klatka_schodowa_nr_3_drzwi_do_mieszkania_06-scaled.jpg\" alt=\"\" class=\"wp-image-14195\" srcset=\"http:\/\/lapidarium.fundacja-hereditas.pl\/wp-content\/uploads\/2023\/10\/Dziubiel_Agnieszka_Warszawa_Mokotowska_65_oficyna_tylna_klatka_schodowa_nr_3_drzwi_do_mieszkania_06-scaled.jpg 1461w, http:\/\/lapidarium.fundacja-hereditas.pl\/wp-content\/uploads\/2023\/10\/Dziubiel_Agnieszka_Warszawa_Mokotowska_65_oficyna_tylna_klatka_schodowa_nr_3_drzwi_do_mieszkania_06-171x300.jpg 171w, http:\/\/lapidarium.fundacja-hereditas.pl\/wp-content\/uploads\/2023\/10\/Dziubiel_Agnieszka_Warszawa_Mokotowska_65_oficyna_tylna_klatka_schodowa_nr_3_drzwi_do_mieszkania_06-584x1024.jpg 584w, http:\/\/lapidarium.fundacja-hereditas.pl\/wp-content\/uploads\/2023\/10\/Dziubiel_Agnieszka_Warszawa_Mokotowska_65_oficyna_tylna_klatka_schodowa_nr_3_drzwi_do_mieszkania_06-768x1346.jpg 768w, http:\/\/lapidarium.fundacja-hereditas.pl\/wp-content\/uploads\/2023\/10\/Dziubiel_Agnieszka_Warszawa_Mokotowska_65_oficyna_tylna_klatka_schodowa_nr_3_drzwi_do_mieszkania_06-877x1536.jpg 877w, http:\/\/lapidarium.fundacja-hereditas.pl\/wp-content\/uploads\/2023\/10\/Dziubiel_Agnieszka_Warszawa_Mokotowska_65_oficyna_tylna_klatka_schodowa_nr_3_drzwi_do_mieszkania_06-1169x2048.jpg 1169w, http:\/\/lapidarium.fundacja-hereditas.pl\/wp-content\/uploads\/2023\/10\/Dziubiel_Agnieszka_Warszawa_Mokotowska_65_oficyna_tylna_klatka_schodowa_nr_3_drzwi_do_mieszkania_06-150x263.jpg 150w, http:\/\/lapidarium.fundacja-hereditas.pl\/wp-content\/uploads\/2023\/10\/Dziubiel_Agnieszka_Warszawa_Mokotowska_65_oficyna_tylna_klatka_schodowa_nr_3_drzwi_do_mieszkania_06-300x526.jpg 300w, http:\/\/lapidarium.fundacja-hereditas.pl\/wp-content\/uploads\/2023\/10\/Dziubiel_Agnieszka_Warszawa_Mokotowska_65_oficyna_tylna_klatka_schodowa_nr_3_drzwi_do_mieszkania_06-696x1220.jpg 696w, http:\/\/lapidarium.fundacja-hereditas.pl\/wp-content\/uploads\/2023\/10\/Dziubiel_Agnieszka_Warszawa_Mokotowska_65_oficyna_tylna_klatka_schodowa_nr_3_drzwi_do_mieszkania_06-1068x1871.jpg 1068w, http:\/\/lapidarium.fundacja-hereditas.pl\/wp-content\/uploads\/2023\/10\/Dziubiel_Agnieszka_Warszawa_Mokotowska_65_oficyna_tylna_klatka_schodowa_nr_3_drzwi_do_mieszkania_06-1920x3364.jpg 1920w\" sizes=\"auto, (max-width: 1461px) 100vw, 1461px\" \/><\/a><figcaption class=\"wp-element-caption\">Oficyna poprzeczna. Klatka schodowa. Drzwi do lokalu mieszkalnego. Dekoracyjna supraporta. Fot. Agnieszka Dziubiel, 2023 r., \u017ar\u00f3d\u0142o: AOD IV.<\/figcaption><\/figure>\n\n\n\n<figure class=\"wp-block-image\"><a href=\"http:\/\/lapidarium.fundacja-hereditas.pl\/wp-content\/uploads\/2023\/10\/Dziubiel_Agnieszka_Warszawa_Mokotowska_65_oficyna_tylna_klatka_schodowa_nr_3_drzwi_do_mieszkania_05-scaled.jpg\"><img loading=\"lazy\" decoding=\"async\" width=\"1605\" height=\"2560\" data-id=\"14194\" src=\"http:\/\/lapidarium.fundacja-hereditas.pl\/wp-content\/uploads\/2023\/10\/Dziubiel_Agnieszka_Warszawa_Mokotowska_65_oficyna_tylna_klatka_schodowa_nr_3_drzwi_do_mieszkania_05-scaled.jpg\" alt=\"\" class=\"wp-image-14194\" srcset=\"http:\/\/lapidarium.fundacja-hereditas.pl\/wp-content\/uploads\/2023\/10\/Dziubiel_Agnieszka_Warszawa_Mokotowska_65_oficyna_tylna_klatka_schodowa_nr_3_drzwi_do_mieszkania_05-scaled.jpg 1605w, http:\/\/lapidarium.fundacja-hereditas.pl\/wp-content\/uploads\/2023\/10\/Dziubiel_Agnieszka_Warszawa_Mokotowska_65_oficyna_tylna_klatka_schodowa_nr_3_drzwi_do_mieszkania_05-188x300.jpg 188w, http:\/\/lapidarium.fundacja-hereditas.pl\/wp-content\/uploads\/2023\/10\/Dziubiel_Agnieszka_Warszawa_Mokotowska_65_oficyna_tylna_klatka_schodowa_nr_3_drzwi_do_mieszkania_05-642x1024.jpg 642w, http:\/\/lapidarium.fundacja-hereditas.pl\/wp-content\/uploads\/2023\/10\/Dziubiel_Agnieszka_Warszawa_Mokotowska_65_oficyna_tylna_klatka_schodowa_nr_3_drzwi_do_mieszkania_05-768x1225.jpg 768w, http:\/\/lapidarium.fundacja-hereditas.pl\/wp-content\/uploads\/2023\/10\/Dziubiel_Agnieszka_Warszawa_Mokotowska_65_oficyna_tylna_klatka_schodowa_nr_3_drzwi_do_mieszkania_05-963x1536.jpg 963w, http:\/\/lapidarium.fundacja-hereditas.pl\/wp-content\/uploads\/2023\/10\/Dziubiel_Agnieszka_Warszawa_Mokotowska_65_oficyna_tylna_klatka_schodowa_nr_3_drzwi_do_mieszkania_05-1284x2048.jpg 1284w, http:\/\/lapidarium.fundacja-hereditas.pl\/wp-content\/uploads\/2023\/10\/Dziubiel_Agnieszka_Warszawa_Mokotowska_65_oficyna_tylna_klatka_schodowa_nr_3_drzwi_do_mieszkania_05-150x239.jpg 150w, http:\/\/lapidarium.fundacja-hereditas.pl\/wp-content\/uploads\/2023\/10\/Dziubiel_Agnieszka_Warszawa_Mokotowska_65_oficyna_tylna_klatka_schodowa_nr_3_drzwi_do_mieszkania_05-300x478.jpg 300w, http:\/\/lapidarium.fundacja-hereditas.pl\/wp-content\/uploads\/2023\/10\/Dziubiel_Agnieszka_Warszawa_Mokotowska_65_oficyna_tylna_klatka_schodowa_nr_3_drzwi_do_mieszkania_05-696x1110.jpg 696w, http:\/\/lapidarium.fundacja-hereditas.pl\/wp-content\/uploads\/2023\/10\/Dziubiel_Agnieszka_Warszawa_Mokotowska_65_oficyna_tylna_klatka_schodowa_nr_3_drzwi_do_mieszkania_05-1068x1703.jpg 1068w, http:\/\/lapidarium.fundacja-hereditas.pl\/wp-content\/uploads\/2023\/10\/Dziubiel_Agnieszka_Warszawa_Mokotowska_65_oficyna_tylna_klatka_schodowa_nr_3_drzwi_do_mieszkania_05-1920x3062.jpg 1920w\" sizes=\"auto, (max-width: 1605px) 100vw, 1605px\" \/><\/a><figcaption class=\"wp-element-caption\">Oficyna poprzeczna. Klatka schodowa. Drzwi do lokalu mieszkalnego. Dekoracyjna supraporta. Fot. Agnieszka Dziubiel, 2023 r., \u017ar\u00f3d\u0142o: AOD IV.<\/figcaption><\/figure>\n\n\n\n<figure class=\"wp-block-image\"><a href=\"http:\/\/lapidarium.fundacja-hereditas.pl\/wp-content\/uploads\/2023\/10\/Dziubiel_Agnieszka_Warszawa_Mokotowska_65_oficyna_tylna_klatka_schodowa_nr_3_drzwi_do_mieszkania_04-scaled.jpg\"><img loading=\"lazy\" decoding=\"async\" width=\"1533\" height=\"2560\" data-id=\"14193\" src=\"http:\/\/lapidarium.fundacja-hereditas.pl\/wp-content\/uploads\/2023\/10\/Dziubiel_Agnieszka_Warszawa_Mokotowska_65_oficyna_tylna_klatka_schodowa_nr_3_drzwi_do_mieszkania_04-scaled.jpg\" alt=\"\" class=\"wp-image-14193\" srcset=\"http:\/\/lapidarium.fundacja-hereditas.pl\/wp-content\/uploads\/2023\/10\/Dziubiel_Agnieszka_Warszawa_Mokotowska_65_oficyna_tylna_klatka_schodowa_nr_3_drzwi_do_mieszkania_04-scaled.jpg 1533w, http:\/\/lapidarium.fundacja-hereditas.pl\/wp-content\/uploads\/2023\/10\/Dziubiel_Agnieszka_Warszawa_Mokotowska_65_oficyna_tylna_klatka_schodowa_nr_3_drzwi_do_mieszkania_04-180x300.jpg 180w, http:\/\/lapidarium.fundacja-hereditas.pl\/wp-content\/uploads\/2023\/10\/Dziubiel_Agnieszka_Warszawa_Mokotowska_65_oficyna_tylna_klatka_schodowa_nr_3_drzwi_do_mieszkania_04-613x1024.jpg 613w, http:\/\/lapidarium.fundacja-hereditas.pl\/wp-content\/uploads\/2023\/10\/Dziubiel_Agnieszka_Warszawa_Mokotowska_65_oficyna_tylna_klatka_schodowa_nr_3_drzwi_do_mieszkania_04-768x1283.jpg 768w, http:\/\/lapidarium.fundacja-hereditas.pl\/wp-content\/uploads\/2023\/10\/Dziubiel_Agnieszka_Warszawa_Mokotowska_65_oficyna_tylna_klatka_schodowa_nr_3_drzwi_do_mieszkania_04-920x1536.jpg 920w, http:\/\/lapidarium.fundacja-hereditas.pl\/wp-content\/uploads\/2023\/10\/Dziubiel_Agnieszka_Warszawa_Mokotowska_65_oficyna_tylna_klatka_schodowa_nr_3_drzwi_do_mieszkania_04-1226x2048.jpg 1226w, http:\/\/lapidarium.fundacja-hereditas.pl\/wp-content\/uploads\/2023\/10\/Dziubiel_Agnieszka_Warszawa_Mokotowska_65_oficyna_tylna_klatka_schodowa_nr_3_drzwi_do_mieszkania_04-150x251.jpg 150w, http:\/\/lapidarium.fundacja-hereditas.pl\/wp-content\/uploads\/2023\/10\/Dziubiel_Agnieszka_Warszawa_Mokotowska_65_oficyna_tylna_klatka_schodowa_nr_3_drzwi_do_mieszkania_04-300x501.jpg 300w, http:\/\/lapidarium.fundacja-hereditas.pl\/wp-content\/uploads\/2023\/10\/Dziubiel_Agnieszka_Warszawa_Mokotowska_65_oficyna_tylna_klatka_schodowa_nr_3_drzwi_do_mieszkania_04-696x1162.jpg 696w, http:\/\/lapidarium.fundacja-hereditas.pl\/wp-content\/uploads\/2023\/10\/Dziubiel_Agnieszka_Warszawa_Mokotowska_65_oficyna_tylna_klatka_schodowa_nr_3_drzwi_do_mieszkania_04-1068x1784.jpg 1068w, http:\/\/lapidarium.fundacja-hereditas.pl\/wp-content\/uploads\/2023\/10\/Dziubiel_Agnieszka_Warszawa_Mokotowska_65_oficyna_tylna_klatka_schodowa_nr_3_drzwi_do_mieszkania_04-1920x3207.jpg 1920w\" sizes=\"auto, (max-width: 1533px) 100vw, 1533px\" \/><\/a><figcaption class=\"wp-element-caption\">Oficyna poprzeczna. Klatka schodowa. Drzwi do lokalu mieszkalnego. Dekoracyjna supraporta. Fot. Agnieszka Dziubiel, 2023 r., \u017ar\u00f3d\u0142o: AOD IV.<\/figcaption><\/figure>\n\n\n\n<figure class=\"wp-block-image\"><a href=\"http:\/\/lapidarium.fundacja-hereditas.pl\/wp-content\/uploads\/2023\/10\/Dziubiel_Agnieszka_Warszawa_Mokotowska_65_oficyna_tylna_klatka_schodowa_nr_3_drzwi_do_mieszkania_03-scaled.jpg\"><img loading=\"lazy\" decoding=\"async\" width=\"1445\" height=\"2560\" data-id=\"14192\" src=\"http:\/\/lapidarium.fundacja-hereditas.pl\/wp-content\/uploads\/2023\/10\/Dziubiel_Agnieszka_Warszawa_Mokotowska_65_oficyna_tylna_klatka_schodowa_nr_3_drzwi_do_mieszkania_03-scaled.jpg\" alt=\"\" class=\"wp-image-14192\" srcset=\"http:\/\/lapidarium.fundacja-hereditas.pl\/wp-content\/uploads\/2023\/10\/Dziubiel_Agnieszka_Warszawa_Mokotowska_65_oficyna_tylna_klatka_schodowa_nr_3_drzwi_do_mieszkania_03-scaled.jpg 1445w, http:\/\/lapidarium.fundacja-hereditas.pl\/wp-content\/uploads\/2023\/10\/Dziubiel_Agnieszka_Warszawa_Mokotowska_65_oficyna_tylna_klatka_schodowa_nr_3_drzwi_do_mieszkania_03-169x300.jpg 169w, http:\/\/lapidarium.fundacja-hereditas.pl\/wp-content\/uploads\/2023\/10\/Dziubiel_Agnieszka_Warszawa_Mokotowska_65_oficyna_tylna_klatka_schodowa_nr_3_drzwi_do_mieszkania_03-578x1024.jpg 578w, http:\/\/lapidarium.fundacja-hereditas.pl\/wp-content\/uploads\/2023\/10\/Dziubiel_Agnieszka_Warszawa_Mokotowska_65_oficyna_tylna_klatka_schodowa_nr_3_drzwi_do_mieszkania_03-768x1361.jpg 768w, http:\/\/lapidarium.fundacja-hereditas.pl\/wp-content\/uploads\/2023\/10\/Dziubiel_Agnieszka_Warszawa_Mokotowska_65_oficyna_tylna_klatka_schodowa_nr_3_drzwi_do_mieszkania_03-867x1536.jpg 867w, http:\/\/lapidarium.fundacja-hereditas.pl\/wp-content\/uploads\/2023\/10\/Dziubiel_Agnieszka_Warszawa_Mokotowska_65_oficyna_tylna_klatka_schodowa_nr_3_drzwi_do_mieszkania_03-1156x2048.jpg 1156w, http:\/\/lapidarium.fundacja-hereditas.pl\/wp-content\/uploads\/2023\/10\/Dziubiel_Agnieszka_Warszawa_Mokotowska_65_oficyna_tylna_klatka_schodowa_nr_3_drzwi_do_mieszkania_03-150x266.jpg 150w, http:\/\/lapidarium.fundacja-hereditas.pl\/wp-content\/uploads\/2023\/10\/Dziubiel_Agnieszka_Warszawa_Mokotowska_65_oficyna_tylna_klatka_schodowa_nr_3_drzwi_do_mieszkania_03-300x531.jpg 300w, http:\/\/lapidarium.fundacja-hereditas.pl\/wp-content\/uploads\/2023\/10\/Dziubiel_Agnieszka_Warszawa_Mokotowska_65_oficyna_tylna_klatka_schodowa_nr_3_drzwi_do_mieszkania_03-696x1233.jpg 696w, http:\/\/lapidarium.fundacja-hereditas.pl\/wp-content\/uploads\/2023\/10\/Dziubiel_Agnieszka_Warszawa_Mokotowska_65_oficyna_tylna_klatka_schodowa_nr_3_drzwi_do_mieszkania_03-1068x1892.jpg 1068w, http:\/\/lapidarium.fundacja-hereditas.pl\/wp-content\/uploads\/2023\/10\/Dziubiel_Agnieszka_Warszawa_Mokotowska_65_oficyna_tylna_klatka_schodowa_nr_3_drzwi_do_mieszkania_03-1920x3402.jpg 1920w\" sizes=\"auto, (max-width: 1445px) 100vw, 1445px\" \/><\/a><figcaption class=\"wp-element-caption\">Oficyna poprzeczna. Klatka schodowa. Drzwi do lokalu mieszkalnego. Dekoracyjna supraporta. Fot. Agnieszka Dziubiel, 2023 r., \u017ar\u00f3d\u0142o: AOD IV.<\/figcaption><\/figure>\n\n\n\n<figure class=\"wp-block-image\"><a href=\"http:\/\/lapidarium.fundacja-hereditas.pl\/wp-content\/uploads\/2023\/10\/I_Otrebska_Mokotowska_65_przejazd_bramny_II_klatka_schodowa_parter_drzwi_lokalu-122-scaled.jpg\"><img loading=\"lazy\" decoding=\"async\" width=\"2560\" height=\"1526\" data-id=\"14270\" src=\"http:\/\/lapidarium.fundacja-hereditas.pl\/wp-content\/uploads\/2023\/10\/I_Otrebska_Mokotowska_65_przejazd_bramny_II_klatka_schodowa_parter_drzwi_lokalu-122-scaled.jpg\" alt=\"\" class=\"wp-image-14270\" srcset=\"http:\/\/lapidarium.fundacja-hereditas.pl\/wp-content\/uploads\/2023\/10\/I_Otrebska_Mokotowska_65_przejazd_bramny_II_klatka_schodowa_parter_drzwi_lokalu-122-scaled.jpg 2560w, http:\/\/lapidarium.fundacja-hereditas.pl\/wp-content\/uploads\/2023\/10\/I_Otrebska_Mokotowska_65_przejazd_bramny_II_klatka_schodowa_parter_drzwi_lokalu-122-300x179.jpg 300w, http:\/\/lapidarium.fundacja-hereditas.pl\/wp-content\/uploads\/2023\/10\/I_Otrebska_Mokotowska_65_przejazd_bramny_II_klatka_schodowa_parter_drzwi_lokalu-122-1024x610.jpg 1024w, http:\/\/lapidarium.fundacja-hereditas.pl\/wp-content\/uploads\/2023\/10\/I_Otrebska_Mokotowska_65_przejazd_bramny_II_klatka_schodowa_parter_drzwi_lokalu-122-768x458.jpg 768w, http:\/\/lapidarium.fundacja-hereditas.pl\/wp-content\/uploads\/2023\/10\/I_Otrebska_Mokotowska_65_przejazd_bramny_II_klatka_schodowa_parter_drzwi_lokalu-122-1536x915.jpg 1536w, http:\/\/lapidarium.fundacja-hereditas.pl\/wp-content\/uploads\/2023\/10\/I_Otrebska_Mokotowska_65_przejazd_bramny_II_klatka_schodowa_parter_drzwi_lokalu-122-2048x1221.jpg 2048w, http:\/\/lapidarium.fundacja-hereditas.pl\/wp-content\/uploads\/2023\/10\/I_Otrebska_Mokotowska_65_przejazd_bramny_II_klatka_schodowa_parter_drzwi_lokalu-122-150x89.jpg 150w, http:\/\/lapidarium.fundacja-hereditas.pl\/wp-content\/uploads\/2023\/10\/I_Otrebska_Mokotowska_65_przejazd_bramny_II_klatka_schodowa_parter_drzwi_lokalu-122-696x415.jpg 696w, http:\/\/lapidarium.fundacja-hereditas.pl\/wp-content\/uploads\/2023\/10\/I_Otrebska_Mokotowska_65_przejazd_bramny_II_klatka_schodowa_parter_drzwi_lokalu-122-1068x637.jpg 1068w, http:\/\/lapidarium.fundacja-hereditas.pl\/wp-content\/uploads\/2023\/10\/I_Otrebska_Mokotowska_65_przejazd_bramny_II_klatka_schodowa_parter_drzwi_lokalu-122-1920x1144.jpg 1920w\" sizes=\"auto, (max-width: 2560px) 100vw, 2560px\" \/><\/a><figcaption class=\"wp-element-caption\">Oficyna poprzeczna. Klatka schodowa. Supraporta w postaci grupy rze\u017ab nad drzwiami do lokalu mieszkalnego &#8211; zbli\u017cenie. Fot. Iwona Otr\u0119bska, 2023 r., \u017ar\u00f3d\u0142o: AOD IV.<\/figcaption><\/figure>\n\n\n\n<figure class=\"wp-block-image\"><a href=\"http:\/\/lapidarium.fundacja-hereditas.pl\/wp-content\/uploads\/2023\/10\/Dziubiel_Agnieszka_Warszawa_Mokotowska_65_oficyna_tylna_klatka_schodowa_nr_3_drzwi_do_mieszkania_detal_01-scaled.jpg\"><img loading=\"lazy\" decoding=\"async\" width=\"2560\" height=\"1407\" data-id=\"14200\" src=\"http:\/\/lapidarium.fundacja-hereditas.pl\/wp-content\/uploads\/2023\/10\/Dziubiel_Agnieszka_Warszawa_Mokotowska_65_oficyna_tylna_klatka_schodowa_nr_3_drzwi_do_mieszkania_detal_01-scaled.jpg\" alt=\"\" class=\"wp-image-14200\" srcset=\"http:\/\/lapidarium.fundacja-hereditas.pl\/wp-content\/uploads\/2023\/10\/Dziubiel_Agnieszka_Warszawa_Mokotowska_65_oficyna_tylna_klatka_schodowa_nr_3_drzwi_do_mieszkania_detal_01-scaled.jpg 2560w, http:\/\/lapidarium.fundacja-hereditas.pl\/wp-content\/uploads\/2023\/10\/Dziubiel_Agnieszka_Warszawa_Mokotowska_65_oficyna_tylna_klatka_schodowa_nr_3_drzwi_do_mieszkania_detal_01-300x165.jpg 300w, http:\/\/lapidarium.fundacja-hereditas.pl\/wp-content\/uploads\/2023\/10\/Dziubiel_Agnieszka_Warszawa_Mokotowska_65_oficyna_tylna_klatka_schodowa_nr_3_drzwi_do_mieszkania_detal_01-1024x563.jpg 1024w, http:\/\/lapidarium.fundacja-hereditas.pl\/wp-content\/uploads\/2023\/10\/Dziubiel_Agnieszka_Warszawa_Mokotowska_65_oficyna_tylna_klatka_schodowa_nr_3_drzwi_do_mieszkania_detal_01-768x422.jpg 768w, http:\/\/lapidarium.fundacja-hereditas.pl\/wp-content\/uploads\/2023\/10\/Dziubiel_Agnieszka_Warszawa_Mokotowska_65_oficyna_tylna_klatka_schodowa_nr_3_drzwi_do_mieszkania_detal_01-1536x844.jpg 1536w, http:\/\/lapidarium.fundacja-hereditas.pl\/wp-content\/uploads\/2023\/10\/Dziubiel_Agnieszka_Warszawa_Mokotowska_65_oficyna_tylna_klatka_schodowa_nr_3_drzwi_do_mieszkania_detal_01-2048x1126.jpg 2048w, http:\/\/lapidarium.fundacja-hereditas.pl\/wp-content\/uploads\/2023\/10\/Dziubiel_Agnieszka_Warszawa_Mokotowska_65_oficyna_tylna_klatka_schodowa_nr_3_drzwi_do_mieszkania_detal_01-150x82.jpg 150w, http:\/\/lapidarium.fundacja-hereditas.pl\/wp-content\/uploads\/2023\/10\/Dziubiel_Agnieszka_Warszawa_Mokotowska_65_oficyna_tylna_klatka_schodowa_nr_3_drzwi_do_mieszkania_detal_01-696x383.jpg 696w, http:\/\/lapidarium.fundacja-hereditas.pl\/wp-content\/uploads\/2023\/10\/Dziubiel_Agnieszka_Warszawa_Mokotowska_65_oficyna_tylna_klatka_schodowa_nr_3_drzwi_do_mieszkania_detal_01-1068x587.jpg 1068w, http:\/\/lapidarium.fundacja-hereditas.pl\/wp-content\/uploads\/2023\/10\/Dziubiel_Agnieszka_Warszawa_Mokotowska_65_oficyna_tylna_klatka_schodowa_nr_3_drzwi_do_mieszkania_detal_01-1920x1055.jpg 1920w\" sizes=\"auto, (max-width: 2560px) 100vw, 2560px\" \/><\/a><figcaption class=\"wp-element-caption\">Oficyna poprzeczna. Klatka schodowa. Supraporta w postaci grupy rze\u017ab nad drzwiami do lokalu mieszkalnego &#8211; zbli\u017cenie. Fot. Agnieszka Dziubiel, 2023 r., \u017ar\u00f3d\u0142o: AOD IV.<\/figcaption><\/figure>\n\n\n\n<figure class=\"wp-block-image\"><a href=\"http:\/\/lapidarium.fundacja-hereditas.pl\/wp-content\/uploads\/2023\/10\/Dziubiel_Agnieszka_Warszawa_Mokotowska_65_oficyna_tylna_klatka_schodowa_nr_3_drzwi_do_mieszkania_detal_04-scaled.jpg\"><img loading=\"lazy\" decoding=\"async\" width=\"1803\" height=\"2560\" data-id=\"14202\" src=\"http:\/\/lapidarium.fundacja-hereditas.pl\/wp-content\/uploads\/2023\/10\/Dziubiel_Agnieszka_Warszawa_Mokotowska_65_oficyna_tylna_klatka_schodowa_nr_3_drzwi_do_mieszkania_detal_04-scaled.jpg\" alt=\"\" class=\"wp-image-14202\" srcset=\"http:\/\/lapidarium.fundacja-hereditas.pl\/wp-content\/uploads\/2023\/10\/Dziubiel_Agnieszka_Warszawa_Mokotowska_65_oficyna_tylna_klatka_schodowa_nr_3_drzwi_do_mieszkania_detal_04-scaled.jpg 1803w, http:\/\/lapidarium.fundacja-hereditas.pl\/wp-content\/uploads\/2023\/10\/Dziubiel_Agnieszka_Warszawa_Mokotowska_65_oficyna_tylna_klatka_schodowa_nr_3_drzwi_do_mieszkania_detal_04-211x300.jpg 211w, http:\/\/lapidarium.fundacja-hereditas.pl\/wp-content\/uploads\/2023\/10\/Dziubiel_Agnieszka_Warszawa_Mokotowska_65_oficyna_tylna_klatka_schodowa_nr_3_drzwi_do_mieszkania_detal_04-721x1024.jpg 721w, http:\/\/lapidarium.fundacja-hereditas.pl\/wp-content\/uploads\/2023\/10\/Dziubiel_Agnieszka_Warszawa_Mokotowska_65_oficyna_tylna_klatka_schodowa_nr_3_drzwi_do_mieszkania_detal_04-768x1090.jpg 768w, http:\/\/lapidarium.fundacja-hereditas.pl\/wp-content\/uploads\/2023\/10\/Dziubiel_Agnieszka_Warszawa_Mokotowska_65_oficyna_tylna_klatka_schodowa_nr_3_drzwi_do_mieszkania_detal_04-1082x1536.jpg 1082w, http:\/\/lapidarium.fundacja-hereditas.pl\/wp-content\/uploads\/2023\/10\/Dziubiel_Agnieszka_Warszawa_Mokotowska_65_oficyna_tylna_klatka_schodowa_nr_3_drzwi_do_mieszkania_detal_04-1442x2048.jpg 1442w, http:\/\/lapidarium.fundacja-hereditas.pl\/wp-content\/uploads\/2023\/10\/Dziubiel_Agnieszka_Warszawa_Mokotowska_65_oficyna_tylna_klatka_schodowa_nr_3_drzwi_do_mieszkania_detal_04-150x213.jpg 150w, http:\/\/lapidarium.fundacja-hereditas.pl\/wp-content\/uploads\/2023\/10\/Dziubiel_Agnieszka_Warszawa_Mokotowska_65_oficyna_tylna_klatka_schodowa_nr_3_drzwi_do_mieszkania_detal_04-300x426.jpg 300w, http:\/\/lapidarium.fundacja-hereditas.pl\/wp-content\/uploads\/2023\/10\/Dziubiel_Agnieszka_Warszawa_Mokotowska_65_oficyna_tylna_klatka_schodowa_nr_3_drzwi_do_mieszkania_detal_04-696x988.jpg 696w, http:\/\/lapidarium.fundacja-hereditas.pl\/wp-content\/uploads\/2023\/10\/Dziubiel_Agnieszka_Warszawa_Mokotowska_65_oficyna_tylna_klatka_schodowa_nr_3_drzwi_do_mieszkania_detal_04-1068x1516.jpg 1068w, http:\/\/lapidarium.fundacja-hereditas.pl\/wp-content\/uploads\/2023\/10\/Dziubiel_Agnieszka_Warszawa_Mokotowska_65_oficyna_tylna_klatka_schodowa_nr_3_drzwi_do_mieszkania_detal_04-1920x2726.jpg 1920w\" sizes=\"auto, (max-width: 1803px) 100vw, 1803px\" \/><\/a><figcaption class=\"wp-element-caption\">Oficyna poprzeczna. Klatka schodowa. Supraporta w postaci grupy rze\u017ab nad drzwiami do lokalu mieszkalnego &#8211; zbli\u017cenie. Fot. Agnieszka Dziubiel, 2023 r., \u017ar\u00f3d\u0142o: AOD IV.<\/figcaption><\/figure>\n\n\n\n<figure class=\"wp-block-image\"><a href=\"http:\/\/lapidarium.fundacja-hereditas.pl\/wp-content\/uploads\/2023\/10\/Dziubiel_Agnieszka_Warszawa_Mokotowska_65_oficyna_tylna_klatka_schodowa_nr_3_drzwi_do_mieszkania_detal_02-scaled.jpg\"><img loading=\"lazy\" decoding=\"async\" width=\"1433\" height=\"2560\" data-id=\"14201\" src=\"http:\/\/lapidarium.fundacja-hereditas.pl\/wp-content\/uploads\/2023\/10\/Dziubiel_Agnieszka_Warszawa_Mokotowska_65_oficyna_tylna_klatka_schodowa_nr_3_drzwi_do_mieszkania_detal_02-scaled.jpg\" alt=\"\" class=\"wp-image-14201\" srcset=\"http:\/\/lapidarium.fundacja-hereditas.pl\/wp-content\/uploads\/2023\/10\/Dziubiel_Agnieszka_Warszawa_Mokotowska_65_oficyna_tylna_klatka_schodowa_nr_3_drzwi_do_mieszkania_detal_02-scaled.jpg 1433w, http:\/\/lapidarium.fundacja-hereditas.pl\/wp-content\/uploads\/2023\/10\/Dziubiel_Agnieszka_Warszawa_Mokotowska_65_oficyna_tylna_klatka_schodowa_nr_3_drzwi_do_mieszkania_detal_02-168x300.jpg 168w, http:\/\/lapidarium.fundacja-hereditas.pl\/wp-content\/uploads\/2023\/10\/Dziubiel_Agnieszka_Warszawa_Mokotowska_65_oficyna_tylna_klatka_schodowa_nr_3_drzwi_do_mieszkania_detal_02-573x1024.jpg 573w, http:\/\/lapidarium.fundacja-hereditas.pl\/wp-content\/uploads\/2023\/10\/Dziubiel_Agnieszka_Warszawa_Mokotowska_65_oficyna_tylna_klatka_schodowa_nr_3_drzwi_do_mieszkania_detal_02-768x1372.jpg 768w, http:\/\/lapidarium.fundacja-hereditas.pl\/wp-content\/uploads\/2023\/10\/Dziubiel_Agnieszka_Warszawa_Mokotowska_65_oficyna_tylna_klatka_schodowa_nr_3_drzwi_do_mieszkania_detal_02-860x1536.jpg 860w, http:\/\/lapidarium.fundacja-hereditas.pl\/wp-content\/uploads\/2023\/10\/Dziubiel_Agnieszka_Warszawa_Mokotowska_65_oficyna_tylna_klatka_schodowa_nr_3_drzwi_do_mieszkania_detal_02-1146x2048.jpg 1146w, http:\/\/lapidarium.fundacja-hereditas.pl\/wp-content\/uploads\/2023\/10\/Dziubiel_Agnieszka_Warszawa_Mokotowska_65_oficyna_tylna_klatka_schodowa_nr_3_drzwi_do_mieszkania_detal_02-150x268.jpg 150w, http:\/\/lapidarium.fundacja-hereditas.pl\/wp-content\/uploads\/2023\/10\/Dziubiel_Agnieszka_Warszawa_Mokotowska_65_oficyna_tylna_klatka_schodowa_nr_3_drzwi_do_mieszkania_detal_02-300x536.jpg 300w, http:\/\/lapidarium.fundacja-hereditas.pl\/wp-content\/uploads\/2023\/10\/Dziubiel_Agnieszka_Warszawa_Mokotowska_65_oficyna_tylna_klatka_schodowa_nr_3_drzwi_do_mieszkania_detal_02-696x1243.jpg 696w, http:\/\/lapidarium.fundacja-hereditas.pl\/wp-content\/uploads\/2023\/10\/Dziubiel_Agnieszka_Warszawa_Mokotowska_65_oficyna_tylna_klatka_schodowa_nr_3_drzwi_do_mieszkania_detal_02-1068x1908.jpg 1068w, http:\/\/lapidarium.fundacja-hereditas.pl\/wp-content\/uploads\/2023\/10\/Dziubiel_Agnieszka_Warszawa_Mokotowska_65_oficyna_tylna_klatka_schodowa_nr_3_drzwi_do_mieszkania_detal_02-1920x3430.jpg 1920w\" sizes=\"auto, (max-width: 1433px) 100vw, 1433px\" \/><\/a><figcaption class=\"wp-element-caption\">Oficyna poprzeczna. Klatka schodowa. Supraporta w postaci grupy rze\u017ab nad drzwiami do lokalu mieszkalnego &#8211; zbli\u017cenie. Fot. Agnieszka Dziubiel, 2023 r., \u017ar\u00f3d\u0142o: AOD IV.<\/figcaption><\/figure>\n\n\n\n<figure class=\"wp-block-image\"><a href=\"http:\/\/lapidarium.fundacja-hereditas.pl\/wp-content\/uploads\/2023\/10\/Dziubiel_Agnieszka_Warszawa_Mokotowska_65_oficyna_tylna_klatka_schodowa_nr_3_widok_na_drugie_podworze_z_okna_klatki_schodowej_01-scaled.jpg\"><img loading=\"lazy\" decoding=\"async\" width=\"2560\" height=\"1923\" data-id=\"14208\" src=\"http:\/\/lapidarium.fundacja-hereditas.pl\/wp-content\/uploads\/2023\/10\/Dziubiel_Agnieszka_Warszawa_Mokotowska_65_oficyna_tylna_klatka_schodowa_nr_3_widok_na_drugie_podworze_z_okna_klatki_schodowej_01-scaled.jpg\" alt=\"\" class=\"wp-image-14208\" srcset=\"http:\/\/lapidarium.fundacja-hereditas.pl\/wp-content\/uploads\/2023\/10\/Dziubiel_Agnieszka_Warszawa_Mokotowska_65_oficyna_tylna_klatka_schodowa_nr_3_widok_na_drugie_podworze_z_okna_klatki_schodowej_01-scaled.jpg 2560w, http:\/\/lapidarium.fundacja-hereditas.pl\/wp-content\/uploads\/2023\/10\/Dziubiel_Agnieszka_Warszawa_Mokotowska_65_oficyna_tylna_klatka_schodowa_nr_3_widok_na_drugie_podworze_z_okna_klatki_schodowej_01-300x225.jpg 300w, http:\/\/lapidarium.fundacja-hereditas.pl\/wp-content\/uploads\/2023\/10\/Dziubiel_Agnieszka_Warszawa_Mokotowska_65_oficyna_tylna_klatka_schodowa_nr_3_widok_na_drugie_podworze_z_okna_klatki_schodowej_01-1024x769.jpg 1024w, http:\/\/lapidarium.fundacja-hereditas.pl\/wp-content\/uploads\/2023\/10\/Dziubiel_Agnieszka_Warszawa_Mokotowska_65_oficyna_tylna_klatka_schodowa_nr_3_widok_na_drugie_podworze_z_okna_klatki_schodowej_01-768x577.jpg 768w, http:\/\/lapidarium.fundacja-hereditas.pl\/wp-content\/uploads\/2023\/10\/Dziubiel_Agnieszka_Warszawa_Mokotowska_65_oficyna_tylna_klatka_schodowa_nr_3_widok_na_drugie_podworze_z_okna_klatki_schodowej_01-1536x1154.jpg 1536w, http:\/\/lapidarium.fundacja-hereditas.pl\/wp-content\/uploads\/2023\/10\/Dziubiel_Agnieszka_Warszawa_Mokotowska_65_oficyna_tylna_klatka_schodowa_nr_3_widok_na_drugie_podworze_z_okna_klatki_schodowej_01-2048x1539.jpg 2048w, http:\/\/lapidarium.fundacja-hereditas.pl\/wp-content\/uploads\/2023\/10\/Dziubiel_Agnieszka_Warszawa_Mokotowska_65_oficyna_tylna_klatka_schodowa_nr_3_widok_na_drugie_podworze_z_okna_klatki_schodowej_01-150x113.jpg 150w, http:\/\/lapidarium.fundacja-hereditas.pl\/wp-content\/uploads\/2023\/10\/Dziubiel_Agnieszka_Warszawa_Mokotowska_65_oficyna_tylna_klatka_schodowa_nr_3_widok_na_drugie_podworze_z_okna_klatki_schodowej_01-696x523.jpg 696w, http:\/\/lapidarium.fundacja-hereditas.pl\/wp-content\/uploads\/2023\/10\/Dziubiel_Agnieszka_Warszawa_Mokotowska_65_oficyna_tylna_klatka_schodowa_nr_3_widok_na_drugie_podworze_z_okna_klatki_schodowej_01-1068x802.jpg 1068w, http:\/\/lapidarium.fundacja-hereditas.pl\/wp-content\/uploads\/2023\/10\/Dziubiel_Agnieszka_Warszawa_Mokotowska_65_oficyna_tylna_klatka_schodowa_nr_3_widok_na_drugie_podworze_z_okna_klatki_schodowej_01-1920x1442.jpg 1920w\" sizes=\"auto, (max-width: 2560px) 100vw, 2560px\" \/><\/a><figcaption class=\"wp-element-caption\">Drugie podw\u00f3rze. Widok na zach\u00f3d. Fot. Agnieszka Dziubiel, 2023 r., \u017ar\u00f3d\u0142o: AOD IV.<\/figcaption><\/figure>\n\n\n\n<figure class=\"wp-block-image\"><a href=\"http:\/\/lapidarium.fundacja-hereditas.pl\/wp-content\/uploads\/2023\/10\/Dziubiel_Agnieszka_Warszawa_Mokotowska_65_oficyna_tylna_widok_od_podworza_01-scaled.jpg\"><img loading=\"lazy\" decoding=\"async\" width=\"2144\" height=\"2560\" data-id=\"14214\" src=\"http:\/\/lapidarium.fundacja-hereditas.pl\/wp-content\/uploads\/2023\/10\/Dziubiel_Agnieszka_Warszawa_Mokotowska_65_oficyna_tylna_widok_od_podworza_01-scaled.jpg\" alt=\"\" class=\"wp-image-14214\" srcset=\"http:\/\/lapidarium.fundacja-hereditas.pl\/wp-content\/uploads\/2023\/10\/Dziubiel_Agnieszka_Warszawa_Mokotowska_65_oficyna_tylna_widok_od_podworza_01-scaled.jpg 2144w, http:\/\/lapidarium.fundacja-hereditas.pl\/wp-content\/uploads\/2023\/10\/Dziubiel_Agnieszka_Warszawa_Mokotowska_65_oficyna_tylna_widok_od_podworza_01-251x300.jpg 251w, http:\/\/lapidarium.fundacja-hereditas.pl\/wp-content\/uploads\/2023\/10\/Dziubiel_Agnieszka_Warszawa_Mokotowska_65_oficyna_tylna_widok_od_podworza_01-857x1024.jpg 857w, http:\/\/lapidarium.fundacja-hereditas.pl\/wp-content\/uploads\/2023\/10\/Dziubiel_Agnieszka_Warszawa_Mokotowska_65_oficyna_tylna_widok_od_podworza_01-768x917.jpg 768w, http:\/\/lapidarium.fundacja-hereditas.pl\/wp-content\/uploads\/2023\/10\/Dziubiel_Agnieszka_Warszawa_Mokotowska_65_oficyna_tylna_widok_od_podworza_01-1286x1536.jpg 1286w, http:\/\/lapidarium.fundacja-hereditas.pl\/wp-content\/uploads\/2023\/10\/Dziubiel_Agnieszka_Warszawa_Mokotowska_65_oficyna_tylna_widok_od_podworza_01-1715x2048.jpg 1715w, http:\/\/lapidarium.fundacja-hereditas.pl\/wp-content\/uploads\/2023\/10\/Dziubiel_Agnieszka_Warszawa_Mokotowska_65_oficyna_tylna_widok_od_podworza_01-150x179.jpg 150w, http:\/\/lapidarium.fundacja-hereditas.pl\/wp-content\/uploads\/2023\/10\/Dziubiel_Agnieszka_Warszawa_Mokotowska_65_oficyna_tylna_widok_od_podworza_01-300x358.jpg 300w, http:\/\/lapidarium.fundacja-hereditas.pl\/wp-content\/uploads\/2023\/10\/Dziubiel_Agnieszka_Warszawa_Mokotowska_65_oficyna_tylna_widok_od_podworza_01-696x831.jpg 696w, http:\/\/lapidarium.fundacja-hereditas.pl\/wp-content\/uploads\/2023\/10\/Dziubiel_Agnieszka_Warszawa_Mokotowska_65_oficyna_tylna_widok_od_podworza_01-1068x1275.jpg 1068w, http:\/\/lapidarium.fundacja-hereditas.pl\/wp-content\/uploads\/2023\/10\/Dziubiel_Agnieszka_Warszawa_Mokotowska_65_oficyna_tylna_widok_od_podworza_01-1920x2293.jpg 1920w\" sizes=\"auto, (max-width: 2144px) 100vw, 2144px\" \/><\/a><figcaption class=\"wp-element-caption\">Drugie podw\u00f3rze. Widok na wsch\u00f3d. Fot. Agnieszka Dziubiel, 2023 r., \u017ar\u00f3d\u0142o: AOD IV.<\/figcaption><\/figure>\n\n\n\n<figure class=\"wp-block-image\"><a href=\"http:\/\/lapidarium.fundacja-hereditas.pl\/wp-content\/uploads\/2023\/10\/Dziubiel_Agnieszka_Warszawa_Mokotowska_65_oficyna_tylna_boczna_widok_od_podworza_02-scaled.jpg\"><img loading=\"lazy\" decoding=\"async\" width=\"1879\" height=\"2560\" data-id=\"14187\" src=\"http:\/\/lapidarium.fundacja-hereditas.pl\/wp-content\/uploads\/2023\/10\/Dziubiel_Agnieszka_Warszawa_Mokotowska_65_oficyna_tylna_boczna_widok_od_podworza_02-scaled.jpg\" alt=\"\" class=\"wp-image-14187\" srcset=\"http:\/\/lapidarium.fundacja-hereditas.pl\/wp-content\/uploads\/2023\/10\/Dziubiel_Agnieszka_Warszawa_Mokotowska_65_oficyna_tylna_boczna_widok_od_podworza_02-scaled.jpg 1879w, http:\/\/lapidarium.fundacja-hereditas.pl\/wp-content\/uploads\/2023\/10\/Dziubiel_Agnieszka_Warszawa_Mokotowska_65_oficyna_tylna_boczna_widok_od_podworza_02-220x300.jpg 220w, http:\/\/lapidarium.fundacja-hereditas.pl\/wp-content\/uploads\/2023\/10\/Dziubiel_Agnieszka_Warszawa_Mokotowska_65_oficyna_tylna_boczna_widok_od_podworza_02-751x1024.jpg 751w, http:\/\/lapidarium.fundacja-hereditas.pl\/wp-content\/uploads\/2023\/10\/Dziubiel_Agnieszka_Warszawa_Mokotowska_65_oficyna_tylna_boczna_widok_od_podworza_02-768x1047.jpg 768w, http:\/\/lapidarium.fundacja-hereditas.pl\/wp-content\/uploads\/2023\/10\/Dziubiel_Agnieszka_Warszawa_Mokotowska_65_oficyna_tylna_boczna_widok_od_podworza_02-1127x1536.jpg 1127w, http:\/\/lapidarium.fundacja-hereditas.pl\/wp-content\/uploads\/2023\/10\/Dziubiel_Agnieszka_Warszawa_Mokotowska_65_oficyna_tylna_boczna_widok_od_podworza_02-1503x2048.jpg 1503w, http:\/\/lapidarium.fundacja-hereditas.pl\/wp-content\/uploads\/2023\/10\/Dziubiel_Agnieszka_Warszawa_Mokotowska_65_oficyna_tylna_boczna_widok_od_podworza_02-150x204.jpg 150w, http:\/\/lapidarium.fundacja-hereditas.pl\/wp-content\/uploads\/2023\/10\/Dziubiel_Agnieszka_Warszawa_Mokotowska_65_oficyna_tylna_boczna_widok_od_podworza_02-300x409.jpg 300w, http:\/\/lapidarium.fundacja-hereditas.pl\/wp-content\/uploads\/2023\/10\/Dziubiel_Agnieszka_Warszawa_Mokotowska_65_oficyna_tylna_boczna_widok_od_podworza_02-696x948.jpg 696w, http:\/\/lapidarium.fundacja-hereditas.pl\/wp-content\/uploads\/2023\/10\/Dziubiel_Agnieszka_Warszawa_Mokotowska_65_oficyna_tylna_boczna_widok_od_podworza_02-1068x1455.jpg 1068w, http:\/\/lapidarium.fundacja-hereditas.pl\/wp-content\/uploads\/2023\/10\/Dziubiel_Agnieszka_Warszawa_Mokotowska_65_oficyna_tylna_boczna_widok_od_podworza_02-1920x2616.jpg 1920w\" sizes=\"auto, (max-width: 1879px) 100vw, 1879px\" \/><\/a><figcaption class=\"wp-element-caption\">Drugie podw\u00f3rze. Oficyna p\u00f3\u0142nocna. Fot. Agnieszka Dziubiel, 2023 r., \u017ar\u00f3d\u0142o: AOD IV.<\/figcaption><\/figure>\n\n\n\n<figure class=\"wp-block-image\"><a href=\"http:\/\/lapidarium.fundacja-hereditas.pl\/wp-content\/uploads\/2023\/10\/Robert_Marcinkowski_Warszawa_Mokotowska_65_ofic_pln_podw_II_01-scaled.jpg\"><img loading=\"lazy\" decoding=\"async\" width=\"1238\" height=\"2560\" data-id=\"14316\" src=\"http:\/\/lapidarium.fundacja-hereditas.pl\/wp-content\/uploads\/2023\/10\/Robert_Marcinkowski_Warszawa_Mokotowska_65_ofic_pln_podw_II_01-scaled.jpg\" alt=\"\" class=\"wp-image-14316\" srcset=\"http:\/\/lapidarium.fundacja-hereditas.pl\/wp-content\/uploads\/2023\/10\/Robert_Marcinkowski_Warszawa_Mokotowska_65_ofic_pln_podw_II_01-scaled.jpg 1238w, http:\/\/lapidarium.fundacja-hereditas.pl\/wp-content\/uploads\/2023\/10\/Robert_Marcinkowski_Warszawa_Mokotowska_65_ofic_pln_podw_II_01-145x300.jpg 145w, http:\/\/lapidarium.fundacja-hereditas.pl\/wp-content\/uploads\/2023\/10\/Robert_Marcinkowski_Warszawa_Mokotowska_65_ofic_pln_podw_II_01-495x1024.jpg 495w, http:\/\/lapidarium.fundacja-hereditas.pl\/wp-content\/uploads\/2023\/10\/Robert_Marcinkowski_Warszawa_Mokotowska_65_ofic_pln_podw_II_01-768x1589.jpg 768w, http:\/\/lapidarium.fundacja-hereditas.pl\/wp-content\/uploads\/2023\/10\/Robert_Marcinkowski_Warszawa_Mokotowska_65_ofic_pln_podw_II_01-743x1536.jpg 743w, http:\/\/lapidarium.fundacja-hereditas.pl\/wp-content\/uploads\/2023\/10\/Robert_Marcinkowski_Warszawa_Mokotowska_65_ofic_pln_podw_II_01-990x2048.jpg 990w, http:\/\/lapidarium.fundacja-hereditas.pl\/wp-content\/uploads\/2023\/10\/Robert_Marcinkowski_Warszawa_Mokotowska_65_ofic_pln_podw_II_01-150x310.jpg 150w, http:\/\/lapidarium.fundacja-hereditas.pl\/wp-content\/uploads\/2023\/10\/Robert_Marcinkowski_Warszawa_Mokotowska_65_ofic_pln_podw_II_01-300x621.jpg 300w, http:\/\/lapidarium.fundacja-hereditas.pl\/wp-content\/uploads\/2023\/10\/Robert_Marcinkowski_Warszawa_Mokotowska_65_ofic_pln_podw_II_01-696x1440.jpg 696w, http:\/\/lapidarium.fundacja-hereditas.pl\/wp-content\/uploads\/2023\/10\/Robert_Marcinkowski_Warszawa_Mokotowska_65_ofic_pln_podw_II_01-1068x2209.jpg 1068w, http:\/\/lapidarium.fundacja-hereditas.pl\/wp-content\/uploads\/2023\/10\/Robert_Marcinkowski_Warszawa_Mokotowska_65_ofic_pln_podw_II_01-1920x3971.jpg 1920w\" sizes=\"auto, (max-width: 1238px) 100vw, 1238px\" \/><\/a><figcaption class=\"wp-element-caption\">Drugie podw\u00f3rze. Oficyna p\u00f3\u0142nocna. Fot. Robert Marcinkowski, 2023 r., \u017ar\u00f3d\u0142o: AOD IV.<\/figcaption><\/figure>\n\n\n\n<figure class=\"wp-block-image\"><a href=\"http:\/\/lapidarium.fundacja-hereditas.pl\/wp-content\/uploads\/2023\/10\/I_Otrebska_Mokotowska_65_oficyna_II-99-scaled.jpg\"><img loading=\"lazy\" decoding=\"async\" width=\"1720\" height=\"2560\" data-id=\"14245\" src=\"http:\/\/lapidarium.fundacja-hereditas.pl\/wp-content\/uploads\/2023\/10\/I_Otrebska_Mokotowska_65_oficyna_II-99-scaled.jpg\" alt=\"\" class=\"wp-image-14245\" srcset=\"http:\/\/lapidarium.fundacja-hereditas.pl\/wp-content\/uploads\/2023\/10\/I_Otrebska_Mokotowska_65_oficyna_II-99-scaled.jpg 1720w, http:\/\/lapidarium.fundacja-hereditas.pl\/wp-content\/uploads\/2023\/10\/I_Otrebska_Mokotowska_65_oficyna_II-99-202x300.jpg 202w, http:\/\/lapidarium.fundacja-hereditas.pl\/wp-content\/uploads\/2023\/10\/I_Otrebska_Mokotowska_65_oficyna_II-99-688x1024.jpg 688w, http:\/\/lapidarium.fundacja-hereditas.pl\/wp-content\/uploads\/2023\/10\/I_Otrebska_Mokotowska_65_oficyna_II-99-768x1143.jpg 768w, http:\/\/lapidarium.fundacja-hereditas.pl\/wp-content\/uploads\/2023\/10\/I_Otrebska_Mokotowska_65_oficyna_II-99-1032x1536.jpg 1032w, http:\/\/lapidarium.fundacja-hereditas.pl\/wp-content\/uploads\/2023\/10\/I_Otrebska_Mokotowska_65_oficyna_II-99-1376x2048.jpg 1376w, http:\/\/lapidarium.fundacja-hereditas.pl\/wp-content\/uploads\/2023\/10\/I_Otrebska_Mokotowska_65_oficyna_II-99-150x223.jpg 150w, http:\/\/lapidarium.fundacja-hereditas.pl\/wp-content\/uploads\/2023\/10\/I_Otrebska_Mokotowska_65_oficyna_II-99-300x447.jpg 300w, http:\/\/lapidarium.fundacja-hereditas.pl\/wp-content\/uploads\/2023\/10\/I_Otrebska_Mokotowska_65_oficyna_II-99-696x1036.jpg 696w, http:\/\/lapidarium.fundacja-hereditas.pl\/wp-content\/uploads\/2023\/10\/I_Otrebska_Mokotowska_65_oficyna_II-99-1068x1590.jpg 1068w, http:\/\/lapidarium.fundacja-hereditas.pl\/wp-content\/uploads\/2023\/10\/I_Otrebska_Mokotowska_65_oficyna_II-99-1920x2858.jpg 1920w\" sizes=\"auto, (max-width: 1720px) 100vw, 1720px\" \/><\/a><figcaption class=\"wp-element-caption\">Drugie podw\u00f3rze. Naro\u017cnik po\u0142udniowo-wschodni. Fot. Iwona Otr\u0119bska, 2023 r., \u017ar\u00f3d\u0142o: AOD IV.<\/figcaption><\/figure>\n\n\n\n<figure class=\"wp-block-image\"><a href=\"http:\/\/lapidarium.fundacja-hereditas.pl\/wp-content\/uploads\/2023\/10\/Robert_Marcinkowski_Warszawa_Mokotowska_65_ofic_pld_podw_II_02-scaled.jpg\"><img loading=\"lazy\" decoding=\"async\" width=\"1446\" height=\"2560\" data-id=\"14315\" src=\"http:\/\/lapidarium.fundacja-hereditas.pl\/wp-content\/uploads\/2023\/10\/Robert_Marcinkowski_Warszawa_Mokotowska_65_ofic_pld_podw_II_02-scaled.jpg\" alt=\"\" class=\"wp-image-14315\" srcset=\"http:\/\/lapidarium.fundacja-hereditas.pl\/wp-content\/uploads\/2023\/10\/Robert_Marcinkowski_Warszawa_Mokotowska_65_ofic_pld_podw_II_02-scaled.jpg 1446w, http:\/\/lapidarium.fundacja-hereditas.pl\/wp-content\/uploads\/2023\/10\/Robert_Marcinkowski_Warszawa_Mokotowska_65_ofic_pld_podw_II_02-169x300.jpg 169w, http:\/\/lapidarium.fundacja-hereditas.pl\/wp-content\/uploads\/2023\/10\/Robert_Marcinkowski_Warszawa_Mokotowska_65_ofic_pld_podw_II_02-578x1024.jpg 578w, http:\/\/lapidarium.fundacja-hereditas.pl\/wp-content\/uploads\/2023\/10\/Robert_Marcinkowski_Warszawa_Mokotowska_65_ofic_pld_podw_II_02-768x1360.jpg 768w, http:\/\/lapidarium.fundacja-hereditas.pl\/wp-content\/uploads\/2023\/10\/Robert_Marcinkowski_Warszawa_Mokotowska_65_ofic_pld_podw_II_02-867x1536.jpg 867w, http:\/\/lapidarium.fundacja-hereditas.pl\/wp-content\/uploads\/2023\/10\/Robert_Marcinkowski_Warszawa_Mokotowska_65_ofic_pld_podw_II_02-1156x2048.jpg 1156w, http:\/\/lapidarium.fundacja-hereditas.pl\/wp-content\/uploads\/2023\/10\/Robert_Marcinkowski_Warszawa_Mokotowska_65_ofic_pld_podw_II_02-150x266.jpg 150w, http:\/\/lapidarium.fundacja-hereditas.pl\/wp-content\/uploads\/2023\/10\/Robert_Marcinkowski_Warszawa_Mokotowska_65_ofic_pld_podw_II_02-300x531.jpg 300w, http:\/\/lapidarium.fundacja-hereditas.pl\/wp-content\/uploads\/2023\/10\/Robert_Marcinkowski_Warszawa_Mokotowska_65_ofic_pld_podw_II_02-696x1233.jpg 696w, http:\/\/lapidarium.fundacja-hereditas.pl\/wp-content\/uploads\/2023\/10\/Robert_Marcinkowski_Warszawa_Mokotowska_65_ofic_pld_podw_II_02-1068x1891.jpg 1068w, http:\/\/lapidarium.fundacja-hereditas.pl\/wp-content\/uploads\/2023\/10\/Robert_Marcinkowski_Warszawa_Mokotowska_65_ofic_pld_podw_II_02-1920x3400.jpg 1920w\" sizes=\"auto, (max-width: 1446px) 100vw, 1446px\" \/><\/a><figcaption class=\"wp-element-caption\">Drugie podw\u00f3rze. Oficyna po\u0142udniowa. Fot. Robert Marcinkowski, 2023 r., \u017ar\u00f3d\u0142o: AOD IV.<\/figcaption><\/figure>\n\n\n\n<figure class=\"wp-block-image\"><a href=\"http:\/\/lapidarium.fundacja-hereditas.pl\/wp-content\/uploads\/2023\/10\/Robert_Marcinkowski_Warszawa_Mokotowska_65_ofic_pld_podw_II_01-scaled.jpg\"><img loading=\"lazy\" decoding=\"async\" width=\"1364\" height=\"2560\" data-id=\"14314\" src=\"http:\/\/lapidarium.fundacja-hereditas.pl\/wp-content\/uploads\/2023\/10\/Robert_Marcinkowski_Warszawa_Mokotowska_65_ofic_pld_podw_II_01-scaled.jpg\" alt=\"\" class=\"wp-image-14314\" srcset=\"http:\/\/lapidarium.fundacja-hereditas.pl\/wp-content\/uploads\/2023\/10\/Robert_Marcinkowski_Warszawa_Mokotowska_65_ofic_pld_podw_II_01-scaled.jpg 1364w, http:\/\/lapidarium.fundacja-hereditas.pl\/wp-content\/uploads\/2023\/10\/Robert_Marcinkowski_Warszawa_Mokotowska_65_ofic_pld_podw_II_01-160x300.jpg 160w, http:\/\/lapidarium.fundacja-hereditas.pl\/wp-content\/uploads\/2023\/10\/Robert_Marcinkowski_Warszawa_Mokotowska_65_ofic_pld_podw_II_01-545x1024.jpg 545w, http:\/\/lapidarium.fundacja-hereditas.pl\/wp-content\/uploads\/2023\/10\/Robert_Marcinkowski_Warszawa_Mokotowska_65_ofic_pld_podw_II_01-768x1442.jpg 768w, http:\/\/lapidarium.fundacja-hereditas.pl\/wp-content\/uploads\/2023\/10\/Robert_Marcinkowski_Warszawa_Mokotowska_65_ofic_pld_podw_II_01-818x1536.jpg 818w, http:\/\/lapidarium.fundacja-hereditas.pl\/wp-content\/uploads\/2023\/10\/Robert_Marcinkowski_Warszawa_Mokotowska_65_ofic_pld_podw_II_01-1091x2048.jpg 1091w, http:\/\/lapidarium.fundacja-hereditas.pl\/wp-content\/uploads\/2023\/10\/Robert_Marcinkowski_Warszawa_Mokotowska_65_ofic_pld_podw_II_01-150x282.jpg 150w, http:\/\/lapidarium.fundacja-hereditas.pl\/wp-content\/uploads\/2023\/10\/Robert_Marcinkowski_Warszawa_Mokotowska_65_ofic_pld_podw_II_01-300x563.jpg 300w, http:\/\/lapidarium.fundacja-hereditas.pl\/wp-content\/uploads\/2023\/10\/Robert_Marcinkowski_Warszawa_Mokotowska_65_ofic_pld_podw_II_01-696x1307.jpg 696w, http:\/\/lapidarium.fundacja-hereditas.pl\/wp-content\/uploads\/2023\/10\/Robert_Marcinkowski_Warszawa_Mokotowska_65_ofic_pld_podw_II_01-1068x2005.jpg 1068w, http:\/\/lapidarium.fundacja-hereditas.pl\/wp-content\/uploads\/2023\/10\/Robert_Marcinkowski_Warszawa_Mokotowska_65_ofic_pld_podw_II_01-1920x3604.jpg 1920w\" sizes=\"auto, (max-width: 1364px) 100vw, 1364px\" \/><\/a><figcaption class=\"wp-element-caption\">Drugie podw\u00f3rze. Oficyna po\u0142udniowa. Fot. Robert Marcinkowski, 2023 r., \u017ar\u00f3d\u0142o: AOD IV.<\/figcaption><\/figure>\n\n\n\n<figure class=\"wp-block-image\"><a href=\"http:\/\/lapidarium.fundacja-hereditas.pl\/wp-content\/uploads\/2023\/10\/I_Otrebska_Mokotowska_65_oficyna_II-100-scaled.jpg\"><img loading=\"lazy\" decoding=\"async\" width=\"2560\" height=\"1690\" data-id=\"14246\" src=\"http:\/\/lapidarium.fundacja-hereditas.pl\/wp-content\/uploads\/2023\/10\/I_Otrebska_Mokotowska_65_oficyna_II-100-scaled.jpg\" alt=\"\" class=\"wp-image-14246\" srcset=\"http:\/\/lapidarium.fundacja-hereditas.pl\/wp-content\/uploads\/2023\/10\/I_Otrebska_Mokotowska_65_oficyna_II-100-scaled.jpg 2560w, http:\/\/lapidarium.fundacja-hereditas.pl\/wp-content\/uploads\/2023\/10\/I_Otrebska_Mokotowska_65_oficyna_II-100-300x198.jpg 300w, http:\/\/lapidarium.fundacja-hereditas.pl\/wp-content\/uploads\/2023\/10\/I_Otrebska_Mokotowska_65_oficyna_II-100-1024x676.jpg 1024w, http:\/\/lapidarium.fundacja-hereditas.pl\/wp-content\/uploads\/2023\/10\/I_Otrebska_Mokotowska_65_oficyna_II-100-768x507.jpg 768w, http:\/\/lapidarium.fundacja-hereditas.pl\/wp-content\/uploads\/2023\/10\/I_Otrebska_Mokotowska_65_oficyna_II-100-1536x1014.jpg 1536w, http:\/\/lapidarium.fundacja-hereditas.pl\/wp-content\/uploads\/2023\/10\/I_Otrebska_Mokotowska_65_oficyna_II-100-2048x1352.jpg 2048w, http:\/\/lapidarium.fundacja-hereditas.pl\/wp-content\/uploads\/2023\/10\/I_Otrebska_Mokotowska_65_oficyna_II-100-150x99.jpg 150w, http:\/\/lapidarium.fundacja-hereditas.pl\/wp-content\/uploads\/2023\/10\/I_Otrebska_Mokotowska_65_oficyna_II-100-696x460.jpg 696w\" sizes=\"auto, (max-width: 2560px) 100vw, 2560px\" \/><\/a><figcaption class=\"wp-element-caption\">Drugie podw\u00f3rze. Oficyna po\u0142udniowa. Okna parteru. Fot. Iwona Otr\u0119bska, 2023 r., \u017ar\u00f3d\u0142o: AOD IV.<\/figcaption><\/figure>\n\n\n\n<figure class=\"wp-block-image\"><a href=\"http:\/\/lapidarium.fundacja-hereditas.pl\/wp-content\/uploads\/2023\/10\/Dziubiel_Agnieszka_Warszawa_Mokotowska_65_elewacja_oficyny_bocznej_za_tylna_oficyna_detal_11-scaled.jpg\"><img loading=\"lazy\" decoding=\"async\" width=\"2012\" height=\"2560\" data-id=\"14171\" src=\"http:\/\/lapidarium.fundacja-hereditas.pl\/wp-content\/uploads\/2023\/10\/Dziubiel_Agnieszka_Warszawa_Mokotowska_65_elewacja_oficyny_bocznej_za_tylna_oficyna_detal_11-scaled.jpg\" alt=\"\" class=\"wp-image-14171\" srcset=\"http:\/\/lapidarium.fundacja-hereditas.pl\/wp-content\/uploads\/2023\/10\/Dziubiel_Agnieszka_Warszawa_Mokotowska_65_elewacja_oficyny_bocznej_za_tylna_oficyna_detal_11-scaled.jpg 2012w, http:\/\/lapidarium.fundacja-hereditas.pl\/wp-content\/uploads\/2023\/10\/Dziubiel_Agnieszka_Warszawa_Mokotowska_65_elewacja_oficyny_bocznej_za_tylna_oficyna_detal_11-236x300.jpg 236w, http:\/\/lapidarium.fundacja-hereditas.pl\/wp-content\/uploads\/2023\/10\/Dziubiel_Agnieszka_Warszawa_Mokotowska_65_elewacja_oficyny_bocznej_za_tylna_oficyna_detal_11-805x1024.jpg 805w, http:\/\/lapidarium.fundacja-hereditas.pl\/wp-content\/uploads\/2023\/10\/Dziubiel_Agnieszka_Warszawa_Mokotowska_65_elewacja_oficyny_bocznej_za_tylna_oficyna_detal_11-768x977.jpg 768w, http:\/\/lapidarium.fundacja-hereditas.pl\/wp-content\/uploads\/2023\/10\/Dziubiel_Agnieszka_Warszawa_Mokotowska_65_elewacja_oficyny_bocznej_za_tylna_oficyna_detal_11-1207x1536.jpg 1207w, http:\/\/lapidarium.fundacja-hereditas.pl\/wp-content\/uploads\/2023\/10\/Dziubiel_Agnieszka_Warszawa_Mokotowska_65_elewacja_oficyny_bocznej_za_tylna_oficyna_detal_11-1610x2048.jpg 1610w, http:\/\/lapidarium.fundacja-hereditas.pl\/wp-content\/uploads\/2023\/10\/Dziubiel_Agnieszka_Warszawa_Mokotowska_65_elewacja_oficyny_bocznej_za_tylna_oficyna_detal_11-150x191.jpg 150w, http:\/\/lapidarium.fundacja-hereditas.pl\/wp-content\/uploads\/2023\/10\/Dziubiel_Agnieszka_Warszawa_Mokotowska_65_elewacja_oficyny_bocznej_za_tylna_oficyna_detal_11-300x382.jpg 300w, http:\/\/lapidarium.fundacja-hereditas.pl\/wp-content\/uploads\/2023\/10\/Dziubiel_Agnieszka_Warszawa_Mokotowska_65_elewacja_oficyny_bocznej_za_tylna_oficyna_detal_11-696x885.jpg 696w, http:\/\/lapidarium.fundacja-hereditas.pl\/wp-content\/uploads\/2023\/10\/Dziubiel_Agnieszka_Warszawa_Mokotowska_65_elewacja_oficyny_bocznej_za_tylna_oficyna_detal_11-1068x1359.jpg 1068w, http:\/\/lapidarium.fundacja-hereditas.pl\/wp-content\/uploads\/2023\/10\/Dziubiel_Agnieszka_Warszawa_Mokotowska_65_elewacja_oficyny_bocznej_za_tylna_oficyna_detal_11-1920x2443.jpg 1920w\" sizes=\"auto, (max-width: 2012px) 100vw, 2012px\" \/><\/a><figcaption class=\"wp-element-caption\">Drugie podw\u00f3rze. Uchwyt z motywem psiej g\u0142owy. Fot. Agnieszka Dziubiel, 2023 r., \u017ar\u00f3d\u0142o: AOD IV.<\/figcaption><\/figure>\n\n\n\n<figure class=\"wp-block-image\"><a href=\"http:\/\/lapidarium.fundacja-hereditas.pl\/wp-content\/uploads\/2023\/10\/Dziubiel_Agnieszka_Warszawa_Mokotowska_65_elewacja_oficyny_bocznej_za_tylna_oficyna_detal_10-scaled.jpg\"><img loading=\"lazy\" decoding=\"async\" width=\"1940\" height=\"2560\" data-id=\"14170\" src=\"http:\/\/lapidarium.fundacja-hereditas.pl\/wp-content\/uploads\/2023\/10\/Dziubiel_Agnieszka_Warszawa_Mokotowska_65_elewacja_oficyny_bocznej_za_tylna_oficyna_detal_10-scaled.jpg\" alt=\"\" class=\"wp-image-14170\" srcset=\"http:\/\/lapidarium.fundacja-hereditas.pl\/wp-content\/uploads\/2023\/10\/Dziubiel_Agnieszka_Warszawa_Mokotowska_65_elewacja_oficyny_bocznej_za_tylna_oficyna_detal_10-scaled.jpg 1940w, http:\/\/lapidarium.fundacja-hereditas.pl\/wp-content\/uploads\/2023\/10\/Dziubiel_Agnieszka_Warszawa_Mokotowska_65_elewacja_oficyny_bocznej_za_tylna_oficyna_detal_10-227x300.jpg 227w, http:\/\/lapidarium.fundacja-hereditas.pl\/wp-content\/uploads\/2023\/10\/Dziubiel_Agnieszka_Warszawa_Mokotowska_65_elewacja_oficyny_bocznej_za_tylna_oficyna_detal_10-776x1024.jpg 776w, http:\/\/lapidarium.fundacja-hereditas.pl\/wp-content\/uploads\/2023\/10\/Dziubiel_Agnieszka_Warszawa_Mokotowska_65_elewacja_oficyny_bocznej_za_tylna_oficyna_detal_10-768x1014.jpg 768w, http:\/\/lapidarium.fundacja-hereditas.pl\/wp-content\/uploads\/2023\/10\/Dziubiel_Agnieszka_Warszawa_Mokotowska_65_elewacja_oficyny_bocznej_za_tylna_oficyna_detal_10-1164x1536.jpg 1164w, http:\/\/lapidarium.fundacja-hereditas.pl\/wp-content\/uploads\/2023\/10\/Dziubiel_Agnieszka_Warszawa_Mokotowska_65_elewacja_oficyny_bocznej_za_tylna_oficyna_detal_10-1552x2048.jpg 1552w, http:\/\/lapidarium.fundacja-hereditas.pl\/wp-content\/uploads\/2023\/10\/Dziubiel_Agnieszka_Warszawa_Mokotowska_65_elewacja_oficyny_bocznej_za_tylna_oficyna_detal_10-150x198.jpg 150w, http:\/\/lapidarium.fundacja-hereditas.pl\/wp-content\/uploads\/2023\/10\/Dziubiel_Agnieszka_Warszawa_Mokotowska_65_elewacja_oficyny_bocznej_za_tylna_oficyna_detal_10-300x396.jpg 300w, http:\/\/lapidarium.fundacja-hereditas.pl\/wp-content\/uploads\/2023\/10\/Dziubiel_Agnieszka_Warszawa_Mokotowska_65_elewacja_oficyny_bocznej_za_tylna_oficyna_detal_10-696x919.jpg 696w, http:\/\/lapidarium.fundacja-hereditas.pl\/wp-content\/uploads\/2023\/10\/Dziubiel_Agnieszka_Warszawa_Mokotowska_65_elewacja_oficyny_bocznej_za_tylna_oficyna_detal_10-1068x1410.jpg 1068w, http:\/\/lapidarium.fundacja-hereditas.pl\/wp-content\/uploads\/2023\/10\/Dziubiel_Agnieszka_Warszawa_Mokotowska_65_elewacja_oficyny_bocznej_za_tylna_oficyna_detal_10-1920x2534.jpg 1920w\" sizes=\"auto, (max-width: 1940px) 100vw, 1940px\" \/><\/a><figcaption class=\"wp-element-caption\">Drugie podw\u00f3rze. Uchwyt z motywem psiej g\u0142owy. Fot. Agnieszka Dziubiel, 2023 r., \u017ar\u00f3d\u0142o: AOD IV.<\/figcaption><\/figure>\n\n\n\n<figure class=\"wp-block-image\"><a href=\"http:\/\/lapidarium.fundacja-hereditas.pl\/wp-content\/uploads\/2023\/10\/Dziubiel_Agnieszka_Warszawa_Mokotowska_65_elewacja_oficyny_bocznej_za_tylna_oficyna_detal_01-scaled.jpg\"><img loading=\"lazy\" decoding=\"async\" width=\"2157\" height=\"2560\" data-id=\"14169\" src=\"http:\/\/lapidarium.fundacja-hereditas.pl\/wp-content\/uploads\/2023\/10\/Dziubiel_Agnieszka_Warszawa_Mokotowska_65_elewacja_oficyny_bocznej_za_tylna_oficyna_detal_01-scaled.jpg\" alt=\"\" class=\"wp-image-14169\" srcset=\"http:\/\/lapidarium.fundacja-hereditas.pl\/wp-content\/uploads\/2023\/10\/Dziubiel_Agnieszka_Warszawa_Mokotowska_65_elewacja_oficyny_bocznej_za_tylna_oficyna_detal_01-scaled.jpg 2157w, http:\/\/lapidarium.fundacja-hereditas.pl\/wp-content\/uploads\/2023\/10\/Dziubiel_Agnieszka_Warszawa_Mokotowska_65_elewacja_oficyny_bocznej_za_tylna_oficyna_detal_01-253x300.jpg 253w, http:\/\/lapidarium.fundacja-hereditas.pl\/wp-content\/uploads\/2023\/10\/Dziubiel_Agnieszka_Warszawa_Mokotowska_65_elewacja_oficyny_bocznej_za_tylna_oficyna_detal_01-863x1024.jpg 863w, http:\/\/lapidarium.fundacja-hereditas.pl\/wp-content\/uploads\/2023\/10\/Dziubiel_Agnieszka_Warszawa_Mokotowska_65_elewacja_oficyny_bocznej_za_tylna_oficyna_detal_01-768x912.jpg 768w, http:\/\/lapidarium.fundacja-hereditas.pl\/wp-content\/uploads\/2023\/10\/Dziubiel_Agnieszka_Warszawa_Mokotowska_65_elewacja_oficyny_bocznej_za_tylna_oficyna_detal_01-1294x1536.jpg 1294w, http:\/\/lapidarium.fundacja-hereditas.pl\/wp-content\/uploads\/2023\/10\/Dziubiel_Agnieszka_Warszawa_Mokotowska_65_elewacja_oficyny_bocznej_za_tylna_oficyna_detal_01-1725x2048.jpg 1725w, http:\/\/lapidarium.fundacja-hereditas.pl\/wp-content\/uploads\/2023\/10\/Dziubiel_Agnieszka_Warszawa_Mokotowska_65_elewacja_oficyny_bocznej_za_tylna_oficyna_detal_01-150x178.jpg 150w, http:\/\/lapidarium.fundacja-hereditas.pl\/wp-content\/uploads\/2023\/10\/Dziubiel_Agnieszka_Warszawa_Mokotowska_65_elewacja_oficyny_bocznej_za_tylna_oficyna_detal_01-300x356.jpg 300w, http:\/\/lapidarium.fundacja-hereditas.pl\/wp-content\/uploads\/2023\/10\/Dziubiel_Agnieszka_Warszawa_Mokotowska_65_elewacja_oficyny_bocznej_za_tylna_oficyna_detal_01-696x826.jpg 696w, http:\/\/lapidarium.fundacja-hereditas.pl\/wp-content\/uploads\/2023\/10\/Dziubiel_Agnieszka_Warszawa_Mokotowska_65_elewacja_oficyny_bocznej_za_tylna_oficyna_detal_01-1068x1268.jpg 1068w, http:\/\/lapidarium.fundacja-hereditas.pl\/wp-content\/uploads\/2023\/10\/Dziubiel_Agnieszka_Warszawa_Mokotowska_65_elewacja_oficyny_bocznej_za_tylna_oficyna_detal_01-1920x2279.jpg 1920w\" sizes=\"auto, (max-width: 2157px) 100vw, 2157px\" \/><\/a><figcaption class=\"wp-element-caption\">Drugie podw\u00f3rze. Uchwyt z motywem psiej g\u0142owy. Fot. Agnieszka Dziubiel, 2023 r., \u017ar\u00f3d\u0142o: AOD IV.<\/figcaption><\/figure>\n\n\n\n<figure class=\"wp-block-image\"><a href=\"http:\/\/lapidarium.fundacja-hereditas.pl\/wp-content\/uploads\/2023\/10\/Robert_Marcinkowski_Warszawa_Mokotowska_65_klatka_ofic_pld_podw_II_01-scaled.jpg\"><img loading=\"lazy\" decoding=\"async\" width=\"1451\" height=\"2560\" data-id=\"14298\" src=\"http:\/\/lapidarium.fundacja-hereditas.pl\/wp-content\/uploads\/2023\/10\/Robert_Marcinkowski_Warszawa_Mokotowska_65_klatka_ofic_pld_podw_II_01-scaled.jpg\" alt=\"\" class=\"wp-image-14298\" srcset=\"http:\/\/lapidarium.fundacja-hereditas.pl\/wp-content\/uploads\/2023\/10\/Robert_Marcinkowski_Warszawa_Mokotowska_65_klatka_ofic_pld_podw_II_01-scaled.jpg 1451w, http:\/\/lapidarium.fundacja-hereditas.pl\/wp-content\/uploads\/2023\/10\/Robert_Marcinkowski_Warszawa_Mokotowska_65_klatka_ofic_pld_podw_II_01-170x300.jpg 170w, http:\/\/lapidarium.fundacja-hereditas.pl\/wp-content\/uploads\/2023\/10\/Robert_Marcinkowski_Warszawa_Mokotowska_65_klatka_ofic_pld_podw_II_01-580x1024.jpg 580w, http:\/\/lapidarium.fundacja-hereditas.pl\/wp-content\/uploads\/2023\/10\/Robert_Marcinkowski_Warszawa_Mokotowska_65_klatka_ofic_pld_podw_II_01-768x1355.jpg 768w, http:\/\/lapidarium.fundacja-hereditas.pl\/wp-content\/uploads\/2023\/10\/Robert_Marcinkowski_Warszawa_Mokotowska_65_klatka_ofic_pld_podw_II_01-870x1536.jpg 870w, http:\/\/lapidarium.fundacja-hereditas.pl\/wp-content\/uploads\/2023\/10\/Robert_Marcinkowski_Warszawa_Mokotowska_65_klatka_ofic_pld_podw_II_01-1161x2048.jpg 1161w, http:\/\/lapidarium.fundacja-hereditas.pl\/wp-content\/uploads\/2023\/10\/Robert_Marcinkowski_Warszawa_Mokotowska_65_klatka_ofic_pld_podw_II_01-150x265.jpg 150w, http:\/\/lapidarium.fundacja-hereditas.pl\/wp-content\/uploads\/2023\/10\/Robert_Marcinkowski_Warszawa_Mokotowska_65_klatka_ofic_pld_podw_II_01-300x529.jpg 300w, http:\/\/lapidarium.fundacja-hereditas.pl\/wp-content\/uploads\/2023\/10\/Robert_Marcinkowski_Warszawa_Mokotowska_65_klatka_ofic_pld_podw_II_01-696x1228.jpg 696w, http:\/\/lapidarium.fundacja-hereditas.pl\/wp-content\/uploads\/2023\/10\/Robert_Marcinkowski_Warszawa_Mokotowska_65_klatka_ofic_pld_podw_II_01-1068x1885.jpg 1068w, http:\/\/lapidarium.fundacja-hereditas.pl\/wp-content\/uploads\/2023\/10\/Robert_Marcinkowski_Warszawa_Mokotowska_65_klatka_ofic_pld_podw_II_01-1920x3388.jpg 1920w\" sizes=\"auto, (max-width: 1451px) 100vw, 1451px\" \/><\/a><figcaption class=\"wp-element-caption\">Drugie podw\u00f3rze. Klatka schodowa w oficynie po\u0142udniowej. Pocz\u0105tek schod\u00f3w &#8211; parter. Fot. Robert Marcinkowski, 2023 r., \u017ar\u00f3d\u0142o: AOD IV.<\/figcaption><\/figure>\n\n\n\n<figure class=\"wp-block-image\"><a href=\"http:\/\/lapidarium.fundacja-hereditas.pl\/wp-content\/uploads\/2023\/10\/Robert_Marcinkowski_Warszawa_Mokotowska_65_klatka_ofic_pld_podw_II_02-scaled.jpg\"><img loading=\"lazy\" decoding=\"async\" width=\"2560\" height=\"1821\" data-id=\"14299\" src=\"http:\/\/lapidarium.fundacja-hereditas.pl\/wp-content\/uploads\/2023\/10\/Robert_Marcinkowski_Warszawa_Mokotowska_65_klatka_ofic_pld_podw_II_02-scaled.jpg\" alt=\"\" class=\"wp-image-14299\" srcset=\"http:\/\/lapidarium.fundacja-hereditas.pl\/wp-content\/uploads\/2023\/10\/Robert_Marcinkowski_Warszawa_Mokotowska_65_klatka_ofic_pld_podw_II_02-scaled.jpg 2560w, http:\/\/lapidarium.fundacja-hereditas.pl\/wp-content\/uploads\/2023\/10\/Robert_Marcinkowski_Warszawa_Mokotowska_65_klatka_ofic_pld_podw_II_02-300x213.jpg 300w, http:\/\/lapidarium.fundacja-hereditas.pl\/wp-content\/uploads\/2023\/10\/Robert_Marcinkowski_Warszawa_Mokotowska_65_klatka_ofic_pld_podw_II_02-1024x728.jpg 1024w, http:\/\/lapidarium.fundacja-hereditas.pl\/wp-content\/uploads\/2023\/10\/Robert_Marcinkowski_Warszawa_Mokotowska_65_klatka_ofic_pld_podw_II_02-768x546.jpg 768w, http:\/\/lapidarium.fundacja-hereditas.pl\/wp-content\/uploads\/2023\/10\/Robert_Marcinkowski_Warszawa_Mokotowska_65_klatka_ofic_pld_podw_II_02-1536x1092.jpg 1536w\" sizes=\"auto, (max-width: 2560px) 100vw, 2560px\" \/><\/a><figcaption class=\"wp-element-caption\">Drugie podw\u00f3rze. Klatka schodowa w oficynie po\u0142udniowej. Pocz\u0105tek schod\u00f3w &#8211; parter. Fot. Robert Marcinkowski, 2023 r., \u017ar\u00f3d\u0142o: AOD IV.<\/figcaption><\/figure>\n\n\n\n<figure class=\"wp-block-image\"><a href=\"http:\/\/lapidarium.fundacja-hereditas.pl\/wp-content\/uploads\/2023\/10\/Robert_Marcinkowski_Warszawa_Mokotowska_65_klatka_ofic_pld_podw_II_03-scaled.jpg\"><img loading=\"lazy\" decoding=\"async\" width=\"1486\" height=\"2560\" data-id=\"14300\" src=\"http:\/\/lapidarium.fundacja-hereditas.pl\/wp-content\/uploads\/2023\/10\/Robert_Marcinkowski_Warszawa_Mokotowska_65_klatka_ofic_pld_podw_II_03-scaled.jpg\" alt=\"\" class=\"wp-image-14300\" srcset=\"http:\/\/lapidarium.fundacja-hereditas.pl\/wp-content\/uploads\/2023\/10\/Robert_Marcinkowski_Warszawa_Mokotowska_65_klatka_ofic_pld_podw_II_03-scaled.jpg 1486w, http:\/\/lapidarium.fundacja-hereditas.pl\/wp-content\/uploads\/2023\/10\/Robert_Marcinkowski_Warszawa_Mokotowska_65_klatka_ofic_pld_podw_II_03-174x300.jpg 174w, http:\/\/lapidarium.fundacja-hereditas.pl\/wp-content\/uploads\/2023\/10\/Robert_Marcinkowski_Warszawa_Mokotowska_65_klatka_ofic_pld_podw_II_03-594x1024.jpg 594w, http:\/\/lapidarium.fundacja-hereditas.pl\/wp-content\/uploads\/2023\/10\/Robert_Marcinkowski_Warszawa_Mokotowska_65_klatka_ofic_pld_podw_II_03-768x1323.jpg 768w, http:\/\/lapidarium.fundacja-hereditas.pl\/wp-content\/uploads\/2023\/10\/Robert_Marcinkowski_Warszawa_Mokotowska_65_klatka_ofic_pld_podw_II_03-892x1536.jpg 892w, http:\/\/lapidarium.fundacja-hereditas.pl\/wp-content\/uploads\/2023\/10\/Robert_Marcinkowski_Warszawa_Mokotowska_65_klatka_ofic_pld_podw_II_03-1189x2048.jpg 1189w, http:\/\/lapidarium.fundacja-hereditas.pl\/wp-content\/uploads\/2023\/10\/Robert_Marcinkowski_Warszawa_Mokotowska_65_klatka_ofic_pld_podw_II_03-150x258.jpg 150w, http:\/\/lapidarium.fundacja-hereditas.pl\/wp-content\/uploads\/2023\/10\/Robert_Marcinkowski_Warszawa_Mokotowska_65_klatka_ofic_pld_podw_II_03-300x517.jpg 300w, http:\/\/lapidarium.fundacja-hereditas.pl\/wp-content\/uploads\/2023\/10\/Robert_Marcinkowski_Warszawa_Mokotowska_65_klatka_ofic_pld_podw_II_03-696x1199.jpg 696w, http:\/\/lapidarium.fundacja-hereditas.pl\/wp-content\/uploads\/2023\/10\/Robert_Marcinkowski_Warszawa_Mokotowska_65_klatka_ofic_pld_podw_II_03-1068x1840.jpg 1068w, http:\/\/lapidarium.fundacja-hereditas.pl\/wp-content\/uploads\/2023\/10\/Robert_Marcinkowski_Warszawa_Mokotowska_65_klatka_ofic_pld_podw_II_03-1920x3308.jpg 1920w\" sizes=\"auto, (max-width: 1486px) 100vw, 1486px\" \/><\/a><figcaption class=\"wp-element-caption\">Drugie podw\u00f3rze. Klatka schodowa w oficynie po\u0142udniowej. Pocz\u0105tek schod\u00f3w &#8211; parter. Fot. Robert Marcinkowski, 2023 r., \u017ar\u00f3d\u0142o: AOD IV.<\/figcaption><\/figure>\n\n\n\n<figure class=\"wp-block-image\"><a href=\"http:\/\/lapidarium.fundacja-hereditas.pl\/wp-content\/uploads\/2023\/10\/Robert_Marcinkowski_Warszawa_Mokotowska_65_klatka_ofic_pld_podw_II_07-scaled.jpg\"><img loading=\"lazy\" decoding=\"async\" width=\"1449\" height=\"2560\" data-id=\"14304\" src=\"http:\/\/lapidarium.fundacja-hereditas.pl\/wp-content\/uploads\/2023\/10\/Robert_Marcinkowski_Warszawa_Mokotowska_65_klatka_ofic_pld_podw_II_07-scaled.jpg\" alt=\"\" class=\"wp-image-14304\" srcset=\"http:\/\/lapidarium.fundacja-hereditas.pl\/wp-content\/uploads\/2023\/10\/Robert_Marcinkowski_Warszawa_Mokotowska_65_klatka_ofic_pld_podw_II_07-scaled.jpg 1449w, http:\/\/lapidarium.fundacja-hereditas.pl\/wp-content\/uploads\/2023\/10\/Robert_Marcinkowski_Warszawa_Mokotowska_65_klatka_ofic_pld_podw_II_07-170x300.jpg 170w, http:\/\/lapidarium.fundacja-hereditas.pl\/wp-content\/uploads\/2023\/10\/Robert_Marcinkowski_Warszawa_Mokotowska_65_klatka_ofic_pld_podw_II_07-580x1024.jpg 580w, http:\/\/lapidarium.fundacja-hereditas.pl\/wp-content\/uploads\/2023\/10\/Robert_Marcinkowski_Warszawa_Mokotowska_65_klatka_ofic_pld_podw_II_07-768x1357.jpg 768w, http:\/\/lapidarium.fundacja-hereditas.pl\/wp-content\/uploads\/2023\/10\/Robert_Marcinkowski_Warszawa_Mokotowska_65_klatka_ofic_pld_podw_II_07-869x1536.jpg 869w, http:\/\/lapidarium.fundacja-hereditas.pl\/wp-content\/uploads\/2023\/10\/Robert_Marcinkowski_Warszawa_Mokotowska_65_klatka_ofic_pld_podw_II_07-1159x2048.jpg 1159w, http:\/\/lapidarium.fundacja-hereditas.pl\/wp-content\/uploads\/2023\/10\/Robert_Marcinkowski_Warszawa_Mokotowska_65_klatka_ofic_pld_podw_II_07-150x265.jpg 150w, http:\/\/lapidarium.fundacja-hereditas.pl\/wp-content\/uploads\/2023\/10\/Robert_Marcinkowski_Warszawa_Mokotowska_65_klatka_ofic_pld_podw_II_07-300x530.jpg 300w, http:\/\/lapidarium.fundacja-hereditas.pl\/wp-content\/uploads\/2023\/10\/Robert_Marcinkowski_Warszawa_Mokotowska_65_klatka_ofic_pld_podw_II_07-696x1230.jpg 696w, http:\/\/lapidarium.fundacja-hereditas.pl\/wp-content\/uploads\/2023\/10\/Robert_Marcinkowski_Warszawa_Mokotowska_65_klatka_ofic_pld_podw_II_07-1068x1887.jpg 1068w, http:\/\/lapidarium.fundacja-hereditas.pl\/wp-content\/uploads\/2023\/10\/Robert_Marcinkowski_Warszawa_Mokotowska_65_klatka_ofic_pld_podw_II_07-1920x3392.jpg 1920w\" sizes=\"auto, (max-width: 1449px) 100vw, 1449px\" \/><\/a><figcaption class=\"wp-element-caption\">Drugie podw\u00f3rze. Klatka schodowa w oficynie po\u0142udniowej. Drzwi kuchenne. Fot. Robert Marcinkowski, 2023 r., \u017ar\u00f3d\u0142o: AOD IV.<\/figcaption><\/figure>\n\n\n\n<figure class=\"wp-block-image\"><a href=\"http:\/\/lapidarium.fundacja-hereditas.pl\/wp-content\/uploads\/2023\/10\/Robert_Marcinkowski_Warszawa_Mokotowska_65_klatka_ofic_pld_podw_II_08-scaled.jpg\"><img loading=\"lazy\" decoding=\"async\" width=\"1586\" height=\"2560\" data-id=\"14305\" src=\"http:\/\/lapidarium.fundacja-hereditas.pl\/wp-content\/uploads\/2023\/10\/Robert_Marcinkowski_Warszawa_Mokotowska_65_klatka_ofic_pld_podw_II_08-scaled.jpg\" alt=\"\" class=\"wp-image-14305\" srcset=\"http:\/\/lapidarium.fundacja-hereditas.pl\/wp-content\/uploads\/2023\/10\/Robert_Marcinkowski_Warszawa_Mokotowska_65_klatka_ofic_pld_podw_II_08-scaled.jpg 1586w, http:\/\/lapidarium.fundacja-hereditas.pl\/wp-content\/uploads\/2023\/10\/Robert_Marcinkowski_Warszawa_Mokotowska_65_klatka_ofic_pld_podw_II_08-186x300.jpg 186w, http:\/\/lapidarium.fundacja-hereditas.pl\/wp-content\/uploads\/2023\/10\/Robert_Marcinkowski_Warszawa_Mokotowska_65_klatka_ofic_pld_podw_II_08-634x1024.jpg 634w, http:\/\/lapidarium.fundacja-hereditas.pl\/wp-content\/uploads\/2023\/10\/Robert_Marcinkowski_Warszawa_Mokotowska_65_klatka_ofic_pld_podw_II_08-768x1240.jpg 768w, http:\/\/lapidarium.fundacja-hereditas.pl\/wp-content\/uploads\/2023\/10\/Robert_Marcinkowski_Warszawa_Mokotowska_65_klatka_ofic_pld_podw_II_08-952x1536.jpg 952w, http:\/\/lapidarium.fundacja-hereditas.pl\/wp-content\/uploads\/2023\/10\/Robert_Marcinkowski_Warszawa_Mokotowska_65_klatka_ofic_pld_podw_II_08-1269x2048.jpg 1269w, http:\/\/lapidarium.fundacja-hereditas.pl\/wp-content\/uploads\/2023\/10\/Robert_Marcinkowski_Warszawa_Mokotowska_65_klatka_ofic_pld_podw_II_08-150x242.jpg 150w, http:\/\/lapidarium.fundacja-hereditas.pl\/wp-content\/uploads\/2023\/10\/Robert_Marcinkowski_Warszawa_Mokotowska_65_klatka_ofic_pld_podw_II_08-300x484.jpg 300w, http:\/\/lapidarium.fundacja-hereditas.pl\/wp-content\/uploads\/2023\/10\/Robert_Marcinkowski_Warszawa_Mokotowska_65_klatka_ofic_pld_podw_II_08-696x1123.jpg 696w, http:\/\/lapidarium.fundacja-hereditas.pl\/wp-content\/uploads\/2023\/10\/Robert_Marcinkowski_Warszawa_Mokotowska_65_klatka_ofic_pld_podw_II_08-1068x1724.jpg 1068w, http:\/\/lapidarium.fundacja-hereditas.pl\/wp-content\/uploads\/2023\/10\/Robert_Marcinkowski_Warszawa_Mokotowska_65_klatka_ofic_pld_podw_II_08-1920x3099.jpg 1920w\" sizes=\"auto, (max-width: 1586px) 100vw, 1586px\" \/><\/a><figcaption class=\"wp-element-caption\">Drugie podw\u00f3rze. Klatka schodowa w oficynie po\u0142udniowej. Drzwi kuchenne &#8211; klamka. Fot. Robert Marcinkowski, 2023 r., \u017ar\u00f3d\u0142o: AOD IV.<\/figcaption><\/figure>\n\n\n\n<figure class=\"wp-block-image\"><a href=\"http:\/\/lapidarium.fundacja-hereditas.pl\/wp-content\/uploads\/2023\/10\/Robert_Marcinkowski_Warszawa_Mokotowska_65_klatka_ofic_pld_podw_II_05-scaled.jpg\"><img loading=\"lazy\" decoding=\"async\" width=\"1451\" height=\"2560\" data-id=\"14302\" src=\"http:\/\/lapidarium.fundacja-hereditas.pl\/wp-content\/uploads\/2023\/10\/Robert_Marcinkowski_Warszawa_Mokotowska_65_klatka_ofic_pld_podw_II_05-scaled.jpg\" alt=\"\" class=\"wp-image-14302\" srcset=\"http:\/\/lapidarium.fundacja-hereditas.pl\/wp-content\/uploads\/2023\/10\/Robert_Marcinkowski_Warszawa_Mokotowska_65_klatka_ofic_pld_podw_II_05-scaled.jpg 1451w, http:\/\/lapidarium.fundacja-hereditas.pl\/wp-content\/uploads\/2023\/10\/Robert_Marcinkowski_Warszawa_Mokotowska_65_klatka_ofic_pld_podw_II_05-170x300.jpg 170w, http:\/\/lapidarium.fundacja-hereditas.pl\/wp-content\/uploads\/2023\/10\/Robert_Marcinkowski_Warszawa_Mokotowska_65_klatka_ofic_pld_podw_II_05-580x1024.jpg 580w, http:\/\/lapidarium.fundacja-hereditas.pl\/wp-content\/uploads\/2023\/10\/Robert_Marcinkowski_Warszawa_Mokotowska_65_klatka_ofic_pld_podw_II_05-768x1355.jpg 768w, http:\/\/lapidarium.fundacja-hereditas.pl\/wp-content\/uploads\/2023\/10\/Robert_Marcinkowski_Warszawa_Mokotowska_65_klatka_ofic_pld_podw_II_05-871x1536.jpg 871w, http:\/\/lapidarium.fundacja-hereditas.pl\/wp-content\/uploads\/2023\/10\/Robert_Marcinkowski_Warszawa_Mokotowska_65_klatka_ofic_pld_podw_II_05-1161x2048.jpg 1161w, http:\/\/lapidarium.fundacja-hereditas.pl\/wp-content\/uploads\/2023\/10\/Robert_Marcinkowski_Warszawa_Mokotowska_65_klatka_ofic_pld_podw_II_05-150x265.jpg 150w, http:\/\/lapidarium.fundacja-hereditas.pl\/wp-content\/uploads\/2023\/10\/Robert_Marcinkowski_Warszawa_Mokotowska_65_klatka_ofic_pld_podw_II_05-300x529.jpg 300w, http:\/\/lapidarium.fundacja-hereditas.pl\/wp-content\/uploads\/2023\/10\/Robert_Marcinkowski_Warszawa_Mokotowska_65_klatka_ofic_pld_podw_II_05-696x1228.jpg 696w, http:\/\/lapidarium.fundacja-hereditas.pl\/wp-content\/uploads\/2023\/10\/Robert_Marcinkowski_Warszawa_Mokotowska_65_klatka_ofic_pld_podw_II_05-1068x1884.jpg 1068w, http:\/\/lapidarium.fundacja-hereditas.pl\/wp-content\/uploads\/2023\/10\/Robert_Marcinkowski_Warszawa_Mokotowska_65_klatka_ofic_pld_podw_II_05-1920x3387.jpg 1920w\" sizes=\"auto, (max-width: 1451px) 100vw, 1451px\" \/><\/a><figcaption class=\"wp-element-caption\">Drugie podw\u00f3rze. Klatka schodowa w oficynie po\u0142udniowej. Zakr\u0119t balustrady na pi\u0119trze. Fot. Robert Marcinkowski, 2023 r., \u017ar\u00f3d\u0142o: AOD IV.<\/figcaption><\/figure>\n\n\n\n<figure class=\"wp-block-image\"><a href=\"http:\/\/lapidarium.fundacja-hereditas.pl\/wp-content\/uploads\/2023\/10\/Robert_Marcinkowski_Warszawa_Mokotowska_65_klatka_ofic_pld_podw_II_06-scaled.jpg\"><img loading=\"lazy\" decoding=\"async\" width=\"1436\" height=\"2560\" data-id=\"14303\" src=\"http:\/\/lapidarium.fundacja-hereditas.pl\/wp-content\/uploads\/2023\/10\/Robert_Marcinkowski_Warszawa_Mokotowska_65_klatka_ofic_pld_podw_II_06-scaled.jpg\" alt=\"\" class=\"wp-image-14303\" srcset=\"http:\/\/lapidarium.fundacja-hereditas.pl\/wp-content\/uploads\/2023\/10\/Robert_Marcinkowski_Warszawa_Mokotowska_65_klatka_ofic_pld_podw_II_06-scaled.jpg 1436w, http:\/\/lapidarium.fundacja-hereditas.pl\/wp-content\/uploads\/2023\/10\/Robert_Marcinkowski_Warszawa_Mokotowska_65_klatka_ofic_pld_podw_II_06-168x300.jpg 168w, http:\/\/lapidarium.fundacja-hereditas.pl\/wp-content\/uploads\/2023\/10\/Robert_Marcinkowski_Warszawa_Mokotowska_65_klatka_ofic_pld_podw_II_06-574x1024.jpg 574w, http:\/\/lapidarium.fundacja-hereditas.pl\/wp-content\/uploads\/2023\/10\/Robert_Marcinkowski_Warszawa_Mokotowska_65_klatka_ofic_pld_podw_II_06-768x1369.jpg 768w, http:\/\/lapidarium.fundacja-hereditas.pl\/wp-content\/uploads\/2023\/10\/Robert_Marcinkowski_Warszawa_Mokotowska_65_klatka_ofic_pld_podw_II_06-862x1536.jpg 862w, http:\/\/lapidarium.fundacja-hereditas.pl\/wp-content\/uploads\/2023\/10\/Robert_Marcinkowski_Warszawa_Mokotowska_65_klatka_ofic_pld_podw_II_06-1149x2048.jpg 1149w, http:\/\/lapidarium.fundacja-hereditas.pl\/wp-content\/uploads\/2023\/10\/Robert_Marcinkowski_Warszawa_Mokotowska_65_klatka_ofic_pld_podw_II_06-150x267.jpg 150w, http:\/\/lapidarium.fundacja-hereditas.pl\/wp-content\/uploads\/2023\/10\/Robert_Marcinkowski_Warszawa_Mokotowska_65_klatka_ofic_pld_podw_II_06-300x535.jpg 300w, http:\/\/lapidarium.fundacja-hereditas.pl\/wp-content\/uploads\/2023\/10\/Robert_Marcinkowski_Warszawa_Mokotowska_65_klatka_ofic_pld_podw_II_06-696x1241.jpg 696w, http:\/\/lapidarium.fundacja-hereditas.pl\/wp-content\/uploads\/2023\/10\/Robert_Marcinkowski_Warszawa_Mokotowska_65_klatka_ofic_pld_podw_II_06-1068x1904.jpg 1068w, http:\/\/lapidarium.fundacja-hereditas.pl\/wp-content\/uploads\/2023\/10\/Robert_Marcinkowski_Warszawa_Mokotowska_65_klatka_ofic_pld_podw_II_06-1920x3423.jpg 1920w\" sizes=\"auto, (max-width: 1436px) 100vw, 1436px\" \/><\/a><figcaption class=\"wp-element-caption\">Drugie podw\u00f3rze. Klatka schodowa w oficynie po\u0142udniowej. Zakr\u0119t balustrady na pi\u0119trze. Pilaster w formie tralki. Fot. Robert Marcinkowski, 2023 r., \u017ar\u00f3d\u0142o: AOD IV.<\/figcaption><\/figure>\n\n\n\n<figure class=\"wp-block-image\"><a href=\"http:\/\/lapidarium.fundacja-hereditas.pl\/wp-content\/uploads\/2023\/10\/Robert_Marcinkowski_Warszawa_Mokotowska_65_klatka_ofic_pld_podw_II_11-scaled.jpg\"><img loading=\"lazy\" decoding=\"async\" width=\"1502\" height=\"2560\" data-id=\"14308\" src=\"http:\/\/lapidarium.fundacja-hereditas.pl\/wp-content\/uploads\/2023\/10\/Robert_Marcinkowski_Warszawa_Mokotowska_65_klatka_ofic_pld_podw_II_11-scaled.jpg\" alt=\"\" class=\"wp-image-14308\" srcset=\"http:\/\/lapidarium.fundacja-hereditas.pl\/wp-content\/uploads\/2023\/10\/Robert_Marcinkowski_Warszawa_Mokotowska_65_klatka_ofic_pld_podw_II_11-scaled.jpg 1502w, http:\/\/lapidarium.fundacja-hereditas.pl\/wp-content\/uploads\/2023\/10\/Robert_Marcinkowski_Warszawa_Mokotowska_65_klatka_ofic_pld_podw_II_11-176x300.jpg 176w, http:\/\/lapidarium.fundacja-hereditas.pl\/wp-content\/uploads\/2023\/10\/Robert_Marcinkowski_Warszawa_Mokotowska_65_klatka_ofic_pld_podw_II_11-601x1024.jpg 601w, http:\/\/lapidarium.fundacja-hereditas.pl\/wp-content\/uploads\/2023\/10\/Robert_Marcinkowski_Warszawa_Mokotowska_65_klatka_ofic_pld_podw_II_11-768x1309.jpg 768w, http:\/\/lapidarium.fundacja-hereditas.pl\/wp-content\/uploads\/2023\/10\/Robert_Marcinkowski_Warszawa_Mokotowska_65_klatka_ofic_pld_podw_II_11-901x1536.jpg 901w, http:\/\/lapidarium.fundacja-hereditas.pl\/wp-content\/uploads\/2023\/10\/Robert_Marcinkowski_Warszawa_Mokotowska_65_klatka_ofic_pld_podw_II_11-1201x2048.jpg 1201w, http:\/\/lapidarium.fundacja-hereditas.pl\/wp-content\/uploads\/2023\/10\/Robert_Marcinkowski_Warszawa_Mokotowska_65_klatka_ofic_pld_podw_II_11-150x256.jpg 150w, http:\/\/lapidarium.fundacja-hereditas.pl\/wp-content\/uploads\/2023\/10\/Robert_Marcinkowski_Warszawa_Mokotowska_65_klatka_ofic_pld_podw_II_11-300x511.jpg 300w, http:\/\/lapidarium.fundacja-hereditas.pl\/wp-content\/uploads\/2023\/10\/Robert_Marcinkowski_Warszawa_Mokotowska_65_klatka_ofic_pld_podw_II_11-696x1187.jpg 696w, http:\/\/lapidarium.fundacja-hereditas.pl\/wp-content\/uploads\/2023\/10\/Robert_Marcinkowski_Warszawa_Mokotowska_65_klatka_ofic_pld_podw_II_11-1068x1821.jpg 1068w, http:\/\/lapidarium.fundacja-hereditas.pl\/wp-content\/uploads\/2023\/10\/Robert_Marcinkowski_Warszawa_Mokotowska_65_klatka_ofic_pld_podw_II_11-1920x3274.jpg 1920w\" sizes=\"auto, (max-width: 1502px) 100vw, 1502px\" \/><\/a><figcaption class=\"wp-element-caption\">Drugie podw\u00f3rze. Klatka schodowa w oficynie po\u0142udniowej. Kom\u00f3rki lokatorskie. Fot. Robert Marcinkowski, 2023 r., \u017ar\u00f3d\u0142o: AOD IV.<\/figcaption><\/figure>\n\n\n\n<figure class=\"wp-block-image\"><a href=\"http:\/\/lapidarium.fundacja-hereditas.pl\/wp-content\/uploads\/2023\/10\/Robert_Marcinkowski_Warszawa_Mokotowska_65_klatka_ofic_pld_podw_II_09-scaled.jpg\"><img loading=\"lazy\" decoding=\"async\" width=\"1545\" height=\"2560\" data-id=\"14306\" src=\"http:\/\/lapidarium.fundacja-hereditas.pl\/wp-content\/uploads\/2023\/10\/Robert_Marcinkowski_Warszawa_Mokotowska_65_klatka_ofic_pld_podw_II_09-scaled.jpg\" alt=\"\" class=\"wp-image-14306\" srcset=\"http:\/\/lapidarium.fundacja-hereditas.pl\/wp-content\/uploads\/2023\/10\/Robert_Marcinkowski_Warszawa_Mokotowska_65_klatka_ofic_pld_podw_II_09-scaled.jpg 1545w, http:\/\/lapidarium.fundacja-hereditas.pl\/wp-content\/uploads\/2023\/10\/Robert_Marcinkowski_Warszawa_Mokotowska_65_klatka_ofic_pld_podw_II_09-181x300.jpg 181w, http:\/\/lapidarium.fundacja-hereditas.pl\/wp-content\/uploads\/2023\/10\/Robert_Marcinkowski_Warszawa_Mokotowska_65_klatka_ofic_pld_podw_II_09-618x1024.jpg 618w, http:\/\/lapidarium.fundacja-hereditas.pl\/wp-content\/uploads\/2023\/10\/Robert_Marcinkowski_Warszawa_Mokotowska_65_klatka_ofic_pld_podw_II_09-768x1273.jpg 768w, http:\/\/lapidarium.fundacja-hereditas.pl\/wp-content\/uploads\/2023\/10\/Robert_Marcinkowski_Warszawa_Mokotowska_65_klatka_ofic_pld_podw_II_09-927x1536.jpg 927w, http:\/\/lapidarium.fundacja-hereditas.pl\/wp-content\/uploads\/2023\/10\/Robert_Marcinkowski_Warszawa_Mokotowska_65_klatka_ofic_pld_podw_II_09-1236x2048.jpg 1236w, http:\/\/lapidarium.fundacja-hereditas.pl\/wp-content\/uploads\/2023\/10\/Robert_Marcinkowski_Warszawa_Mokotowska_65_klatka_ofic_pld_podw_II_09-150x249.jpg 150w, http:\/\/lapidarium.fundacja-hereditas.pl\/wp-content\/uploads\/2023\/10\/Robert_Marcinkowski_Warszawa_Mokotowska_65_klatka_ofic_pld_podw_II_09-300x497.jpg 300w, http:\/\/lapidarium.fundacja-hereditas.pl\/wp-content\/uploads\/2023\/10\/Robert_Marcinkowski_Warszawa_Mokotowska_65_klatka_ofic_pld_podw_II_09-696x1154.jpg 696w, http:\/\/lapidarium.fundacja-hereditas.pl\/wp-content\/uploads\/2023\/10\/Robert_Marcinkowski_Warszawa_Mokotowska_65_klatka_ofic_pld_podw_II_09-1068x1770.jpg 1068w, http:\/\/lapidarium.fundacja-hereditas.pl\/wp-content\/uploads\/2023\/10\/Robert_Marcinkowski_Warszawa_Mokotowska_65_klatka_ofic_pld_podw_II_09-1920x3182.jpg 1920w\" sizes=\"auto, (max-width: 1545px) 100vw, 1545px\" \/><\/a><figcaption class=\"wp-element-caption\">Drugie podw\u00f3rze. Klatka schodowa w oficynie po\u0142udniowej. Zakr\u0119t balustrady na pi\u0119trze. Fot. Robert Marcinkowski, 2023 r., \u017ar\u00f3d\u0142o: AOD IV.<\/figcaption><\/figure>\n\n\n\n<figure class=\"wp-block-image\"><a href=\"http:\/\/lapidarium.fundacja-hereditas.pl\/wp-content\/uploads\/2023\/10\/Robert_Marcinkowski_Warszawa_Mokotowska_65_klatka_ofic_pld_podw_II_10-scaled.jpg\"><img loading=\"lazy\" decoding=\"async\" width=\"1489\" height=\"2560\" data-id=\"14307\" src=\"http:\/\/lapidarium.fundacja-hereditas.pl\/wp-content\/uploads\/2023\/10\/Robert_Marcinkowski_Warszawa_Mokotowska_65_klatka_ofic_pld_podw_II_10-scaled.jpg\" alt=\"\" class=\"wp-image-14307\" srcset=\"http:\/\/lapidarium.fundacja-hereditas.pl\/wp-content\/uploads\/2023\/10\/Robert_Marcinkowski_Warszawa_Mokotowska_65_klatka_ofic_pld_podw_II_10-scaled.jpg 1489w, http:\/\/lapidarium.fundacja-hereditas.pl\/wp-content\/uploads\/2023\/10\/Robert_Marcinkowski_Warszawa_Mokotowska_65_klatka_ofic_pld_podw_II_10-175x300.jpg 175w, http:\/\/lapidarium.fundacja-hereditas.pl\/wp-content\/uploads\/2023\/10\/Robert_Marcinkowski_Warszawa_Mokotowska_65_klatka_ofic_pld_podw_II_10-596x1024.jpg 596w, http:\/\/lapidarium.fundacja-hereditas.pl\/wp-content\/uploads\/2023\/10\/Robert_Marcinkowski_Warszawa_Mokotowska_65_klatka_ofic_pld_podw_II_10-768x1320.jpg 768w, http:\/\/lapidarium.fundacja-hereditas.pl\/wp-content\/uploads\/2023\/10\/Robert_Marcinkowski_Warszawa_Mokotowska_65_klatka_ofic_pld_podw_II_10-893x1536.jpg 893w, http:\/\/lapidarium.fundacja-hereditas.pl\/wp-content\/uploads\/2023\/10\/Robert_Marcinkowski_Warszawa_Mokotowska_65_klatka_ofic_pld_podw_II_10-1191x2048.jpg 1191w, http:\/\/lapidarium.fundacja-hereditas.pl\/wp-content\/uploads\/2023\/10\/Robert_Marcinkowski_Warszawa_Mokotowska_65_klatka_ofic_pld_podw_II_10-150x258.jpg 150w, http:\/\/lapidarium.fundacja-hereditas.pl\/wp-content\/uploads\/2023\/10\/Robert_Marcinkowski_Warszawa_Mokotowska_65_klatka_ofic_pld_podw_II_10-300x516.jpg 300w, http:\/\/lapidarium.fundacja-hereditas.pl\/wp-content\/uploads\/2023\/10\/Robert_Marcinkowski_Warszawa_Mokotowska_65_klatka_ofic_pld_podw_II_10-696x1197.jpg 696w, http:\/\/lapidarium.fundacja-hereditas.pl\/wp-content\/uploads\/2023\/10\/Robert_Marcinkowski_Warszawa_Mokotowska_65_klatka_ofic_pld_podw_II_10-1068x1836.jpg 1068w, http:\/\/lapidarium.fundacja-hereditas.pl\/wp-content\/uploads\/2023\/10\/Robert_Marcinkowski_Warszawa_Mokotowska_65_klatka_ofic_pld_podw_II_10-1920x3301.jpg 1920w\" sizes=\"auto, (max-width: 1489px) 100vw, 1489px\" \/><\/a><figcaption class=\"wp-element-caption\">Drugie podw\u00f3rze. Klatka schodowa w oficynie po\u0142udniowej. Zakr\u0119t balustrady na spoczniku. Fot. Robert Marcinkowski, 2023 r., \u017ar\u00f3d\u0142o: AOD IV.<\/figcaption><\/figure>\n\n\n\n<figure class=\"wp-block-image\"><a href=\"http:\/\/lapidarium.fundacja-hereditas.pl\/wp-content\/uploads\/2023\/10\/Robert_Marcinkowski_Warszawa_Mokotowska_65_klatka_ofic_pld_podw_II_04-scaled.jpg\"><img loading=\"lazy\" decoding=\"async\" width=\"2560\" height=\"1444\" data-id=\"14301\" src=\"http:\/\/lapidarium.fundacja-hereditas.pl\/wp-content\/uploads\/2023\/10\/Robert_Marcinkowski_Warszawa_Mokotowska_65_klatka_ofic_pld_podw_II_04-scaled.jpg\" alt=\"\" class=\"wp-image-14301\" srcset=\"http:\/\/lapidarium.fundacja-hereditas.pl\/wp-content\/uploads\/2023\/10\/Robert_Marcinkowski_Warszawa_Mokotowska_65_klatka_ofic_pld_podw_II_04-scaled.jpg 2560w, http:\/\/lapidarium.fundacja-hereditas.pl\/wp-content\/uploads\/2023\/10\/Robert_Marcinkowski_Warszawa_Mokotowska_65_klatka_ofic_pld_podw_II_04-300x169.jpg 300w, http:\/\/lapidarium.fundacja-hereditas.pl\/wp-content\/uploads\/2023\/10\/Robert_Marcinkowski_Warszawa_Mokotowska_65_klatka_ofic_pld_podw_II_04-1024x577.jpg 1024w, http:\/\/lapidarium.fundacja-hereditas.pl\/wp-content\/uploads\/2023\/10\/Robert_Marcinkowski_Warszawa_Mokotowska_65_klatka_ofic_pld_podw_II_04-768x433.jpg 768w, http:\/\/lapidarium.fundacja-hereditas.pl\/wp-content\/uploads\/2023\/10\/Robert_Marcinkowski_Warszawa_Mokotowska_65_klatka_ofic_pld_podw_II_04-1536x866.jpg 1536w, http:\/\/lapidarium.fundacja-hereditas.pl\/wp-content\/uploads\/2023\/10\/Robert_Marcinkowski_Warszawa_Mokotowska_65_klatka_ofic_pld_podw_II_04-2048x1155.jpg 2048w, http:\/\/lapidarium.fundacja-hereditas.pl\/wp-content\/uploads\/2023\/10\/Robert_Marcinkowski_Warszawa_Mokotowska_65_klatka_ofic_pld_podw_II_04-150x85.jpg 150w, http:\/\/lapidarium.fundacja-hereditas.pl\/wp-content\/uploads\/2023\/10\/Robert_Marcinkowski_Warszawa_Mokotowska_65_klatka_ofic_pld_podw_II_04-696x393.jpg 696w, http:\/\/lapidarium.fundacja-hereditas.pl\/wp-content\/uploads\/2023\/10\/Robert_Marcinkowski_Warszawa_Mokotowska_65_klatka_ofic_pld_podw_II_04-1068x602.jpg 1068w, http:\/\/lapidarium.fundacja-hereditas.pl\/wp-content\/uploads\/2023\/10\/Robert_Marcinkowski_Warszawa_Mokotowska_65_klatka_ofic_pld_podw_II_04-1920x1083.jpg 1920w\" sizes=\"auto, (max-width: 2560px) 100vw, 2560px\" \/><\/a><figcaption class=\"wp-element-caption\">Drugie podw\u00f3rze. Klatka schodowa w oficynie po\u0142udniowej. Spocznik. Fot. Robert Marcinkowski, 2023 r., \u017ar\u00f3d\u0142o: AOD IV.<\/figcaption><\/figure>\n\n\n\n<figure class=\"wp-block-image\"><a href=\"http:\/\/lapidarium.fundacja-hereditas.pl\/wp-content\/uploads\/2023\/10\/Robert_Marcinkowski_Warszawa_Mokotowska_65_klatka_ofic_pld_podw_II_12-scaled.jpg\"><img loading=\"lazy\" decoding=\"async\" width=\"2560\" height=\"1604\" data-id=\"14309\" src=\"http:\/\/lapidarium.fundacja-hereditas.pl\/wp-content\/uploads\/2023\/10\/Robert_Marcinkowski_Warszawa_Mokotowska_65_klatka_ofic_pld_podw_II_12-scaled.jpg\" alt=\"\" class=\"wp-image-14309\" srcset=\"http:\/\/lapidarium.fundacja-hereditas.pl\/wp-content\/uploads\/2023\/10\/Robert_Marcinkowski_Warszawa_Mokotowska_65_klatka_ofic_pld_podw_II_12-scaled.jpg 2560w, http:\/\/lapidarium.fundacja-hereditas.pl\/wp-content\/uploads\/2023\/10\/Robert_Marcinkowski_Warszawa_Mokotowska_65_klatka_ofic_pld_podw_II_12-300x188.jpg 300w, http:\/\/lapidarium.fundacja-hereditas.pl\/wp-content\/uploads\/2023\/10\/Robert_Marcinkowski_Warszawa_Mokotowska_65_klatka_ofic_pld_podw_II_12-1024x642.jpg 1024w, http:\/\/lapidarium.fundacja-hereditas.pl\/wp-content\/uploads\/2023\/10\/Robert_Marcinkowski_Warszawa_Mokotowska_65_klatka_ofic_pld_podw_II_12-768x481.jpg 768w, http:\/\/lapidarium.fundacja-hereditas.pl\/wp-content\/uploads\/2023\/10\/Robert_Marcinkowski_Warszawa_Mokotowska_65_klatka_ofic_pld_podw_II_12-1536x962.jpg 1536w, http:\/\/lapidarium.fundacja-hereditas.pl\/wp-content\/uploads\/2023\/10\/Robert_Marcinkowski_Warszawa_Mokotowska_65_klatka_ofic_pld_podw_II_12-2048x1283.jpg 2048w, http:\/\/lapidarium.fundacja-hereditas.pl\/wp-content\/uploads\/2023\/10\/Robert_Marcinkowski_Warszawa_Mokotowska_65_klatka_ofic_pld_podw_II_12-150x94.jpg 150w, http:\/\/lapidarium.fundacja-hereditas.pl\/wp-content\/uploads\/2023\/10\/Robert_Marcinkowski_Warszawa_Mokotowska_65_klatka_ofic_pld_podw_II_12-696x436.jpg 696w, http:\/\/lapidarium.fundacja-hereditas.pl\/wp-content\/uploads\/2023\/10\/Robert_Marcinkowski_Warszawa_Mokotowska_65_klatka_ofic_pld_podw_II_12-1068x669.jpg 1068w, http:\/\/lapidarium.fundacja-hereditas.pl\/wp-content\/uploads\/2023\/10\/Robert_Marcinkowski_Warszawa_Mokotowska_65_klatka_ofic_pld_podw_II_12-1920x1203.jpg 1920w\" sizes=\"auto, (max-width: 2560px) 100vw, 2560px\" \/><\/a><figcaption class=\"wp-element-caption\">Drugie podw\u00f3rze. Klatka schodowa w oficynie po\u0142udniowej. Ostatnie pi\u0119tro &#8211; drzwi na strych. Fot. Robert Marcinkowski, 2023 r., \u017ar\u00f3d\u0142o: AOD IV.<\/figcaption><\/figure>\n\n\n\n<figure class=\"wp-block-image\"><a href=\"http:\/\/lapidarium.fundacja-hereditas.pl\/wp-content\/uploads\/2023\/10\/Robert_Marcinkowski_Warszawa_Mokotowska_65_klatka_ofic_pld_podw_II_13-scaled.jpg\"><img loading=\"lazy\" decoding=\"async\" width=\"2560\" height=\"1451\" data-id=\"14310\" src=\"http:\/\/lapidarium.fundacja-hereditas.pl\/wp-content\/uploads\/2023\/10\/Robert_Marcinkowski_Warszawa_Mokotowska_65_klatka_ofic_pld_podw_II_13-scaled.jpg\" alt=\"\" class=\"wp-image-14310\" srcset=\"http:\/\/lapidarium.fundacja-hereditas.pl\/wp-content\/uploads\/2023\/10\/Robert_Marcinkowski_Warszawa_Mokotowska_65_klatka_ofic_pld_podw_II_13-scaled.jpg 2560w, http:\/\/lapidarium.fundacja-hereditas.pl\/wp-content\/uploads\/2023\/10\/Robert_Marcinkowski_Warszawa_Mokotowska_65_klatka_ofic_pld_podw_II_13-300x170.jpg 300w, http:\/\/lapidarium.fundacja-hereditas.pl\/wp-content\/uploads\/2023\/10\/Robert_Marcinkowski_Warszawa_Mokotowska_65_klatka_ofic_pld_podw_II_13-1024x581.jpg 1024w, http:\/\/lapidarium.fundacja-hereditas.pl\/wp-content\/uploads\/2023\/10\/Robert_Marcinkowski_Warszawa_Mokotowska_65_klatka_ofic_pld_podw_II_13-768x435.jpg 768w, http:\/\/lapidarium.fundacja-hereditas.pl\/wp-content\/uploads\/2023\/10\/Robert_Marcinkowski_Warszawa_Mokotowska_65_klatka_ofic_pld_podw_II_13-1536x871.jpg 1536w, http:\/\/lapidarium.fundacja-hereditas.pl\/wp-content\/uploads\/2023\/10\/Robert_Marcinkowski_Warszawa_Mokotowska_65_klatka_ofic_pld_podw_II_13-2048x1161.jpg 2048w, http:\/\/lapidarium.fundacja-hereditas.pl\/wp-content\/uploads\/2023\/10\/Robert_Marcinkowski_Warszawa_Mokotowska_65_klatka_ofic_pld_podw_II_13-150x85.jpg 150w, http:\/\/lapidarium.fundacja-hereditas.pl\/wp-content\/uploads\/2023\/10\/Robert_Marcinkowski_Warszawa_Mokotowska_65_klatka_ofic_pld_podw_II_13-696x395.jpg 696w, http:\/\/lapidarium.fundacja-hereditas.pl\/wp-content\/uploads\/2023\/10\/Robert_Marcinkowski_Warszawa_Mokotowska_65_klatka_ofic_pld_podw_II_13-1068x605.jpg 1068w, http:\/\/lapidarium.fundacja-hereditas.pl\/wp-content\/uploads\/2023\/10\/Robert_Marcinkowski_Warszawa_Mokotowska_65_klatka_ofic_pld_podw_II_13-1920x1089.jpg 1920w\" sizes=\"auto, (max-width: 2560px) 100vw, 2560px\" \/><\/a><figcaption class=\"wp-element-caption\">Drugie podw\u00f3rze. Klatka schodowa w oficynie po\u0142udniowej. Ostatnie pi\u0119tro &#8211; pod\u0142oga pod w\u0142azem na dach. Fot. Robert Marcinkowski, 2023 r., \u017ar\u00f3d\u0142o: AOD IV.<\/figcaption><\/figure>\n\n\n\n<figure class=\"wp-block-image\"><a href=\"http:\/\/lapidarium.fundacja-hereditas.pl\/wp-content\/uploads\/2023\/10\/Robert_Marcinkowski_Warszawa_Mokotowska_65_klatka_ofic_pld_podw_II_14-scaled.jpg\"><img loading=\"lazy\" decoding=\"async\" width=\"1486\" height=\"2560\" data-id=\"14311\" src=\"http:\/\/lapidarium.fundacja-hereditas.pl\/wp-content\/uploads\/2023\/10\/Robert_Marcinkowski_Warszawa_Mokotowska_65_klatka_ofic_pld_podw_II_14-scaled.jpg\" alt=\"\" class=\"wp-image-14311\" srcset=\"http:\/\/lapidarium.fundacja-hereditas.pl\/wp-content\/uploads\/2023\/10\/Robert_Marcinkowski_Warszawa_Mokotowska_65_klatka_ofic_pld_podw_II_14-scaled.jpg 1486w, http:\/\/lapidarium.fundacja-hereditas.pl\/wp-content\/uploads\/2023\/10\/Robert_Marcinkowski_Warszawa_Mokotowska_65_klatka_ofic_pld_podw_II_14-174x300.jpg 174w, http:\/\/lapidarium.fundacja-hereditas.pl\/wp-content\/uploads\/2023\/10\/Robert_Marcinkowski_Warszawa_Mokotowska_65_klatka_ofic_pld_podw_II_14-594x1024.jpg 594w, http:\/\/lapidarium.fundacja-hereditas.pl\/wp-content\/uploads\/2023\/10\/Robert_Marcinkowski_Warszawa_Mokotowska_65_klatka_ofic_pld_podw_II_14-768x1323.jpg 768w, http:\/\/lapidarium.fundacja-hereditas.pl\/wp-content\/uploads\/2023\/10\/Robert_Marcinkowski_Warszawa_Mokotowska_65_klatka_ofic_pld_podw_II_14-892x1536.jpg 892w, http:\/\/lapidarium.fundacja-hereditas.pl\/wp-content\/uploads\/2023\/10\/Robert_Marcinkowski_Warszawa_Mokotowska_65_klatka_ofic_pld_podw_II_14-1189x2048.jpg 1189w, http:\/\/lapidarium.fundacja-hereditas.pl\/wp-content\/uploads\/2023\/10\/Robert_Marcinkowski_Warszawa_Mokotowska_65_klatka_ofic_pld_podw_II_14-150x258.jpg 150w, http:\/\/lapidarium.fundacja-hereditas.pl\/wp-content\/uploads\/2023\/10\/Robert_Marcinkowski_Warszawa_Mokotowska_65_klatka_ofic_pld_podw_II_14-300x517.jpg 300w, http:\/\/lapidarium.fundacja-hereditas.pl\/wp-content\/uploads\/2023\/10\/Robert_Marcinkowski_Warszawa_Mokotowska_65_klatka_ofic_pld_podw_II_14-696x1199.jpg 696w, http:\/\/lapidarium.fundacja-hereditas.pl\/wp-content\/uploads\/2023\/10\/Robert_Marcinkowski_Warszawa_Mokotowska_65_klatka_ofic_pld_podw_II_14-1068x1840.jpg 1068w, http:\/\/lapidarium.fundacja-hereditas.pl\/wp-content\/uploads\/2023\/10\/Robert_Marcinkowski_Warszawa_Mokotowska_65_klatka_ofic_pld_podw_II_14-1920x3307.jpg 1920w\" sizes=\"auto, (max-width: 1486px) 100vw, 1486px\" \/><\/a><figcaption class=\"wp-element-caption\">Drugie podw\u00f3rze. Klatka schodowa w oficynie po\u0142udniowej. Ostatnie pi\u0119tro. Widok na spocznik. Fot. Robert Marcinkowski, 2023 r., \u017ar\u00f3d\u0142o: AOD IV.<\/figcaption><\/figure>\n\n\n\n<figure class=\"wp-block-image\"><a href=\"http:\/\/lapidarium.fundacja-hereditas.pl\/wp-content\/uploads\/2023\/10\/Robert_Marcinkowski_Warszawa_Mokotowska_65_klatka_ofic_pld_podw_II_15-scaled.jpg\"><img loading=\"lazy\" decoding=\"async\" width=\"1780\" height=\"2560\" data-id=\"14312\" src=\"http:\/\/lapidarium.fundacja-hereditas.pl\/wp-content\/uploads\/2023\/10\/Robert_Marcinkowski_Warszawa_Mokotowska_65_klatka_ofic_pld_podw_II_15-scaled.jpg\" alt=\"\" class=\"wp-image-14312\" srcset=\"http:\/\/lapidarium.fundacja-hereditas.pl\/wp-content\/uploads\/2023\/10\/Robert_Marcinkowski_Warszawa_Mokotowska_65_klatka_ofic_pld_podw_II_15-scaled.jpg 1780w, http:\/\/lapidarium.fundacja-hereditas.pl\/wp-content\/uploads\/2023\/10\/Robert_Marcinkowski_Warszawa_Mokotowska_65_klatka_ofic_pld_podw_II_15-209x300.jpg 209w, http:\/\/lapidarium.fundacja-hereditas.pl\/wp-content\/uploads\/2023\/10\/Robert_Marcinkowski_Warszawa_Mokotowska_65_klatka_ofic_pld_podw_II_15-712x1024.jpg 712w, http:\/\/lapidarium.fundacja-hereditas.pl\/wp-content\/uploads\/2023\/10\/Robert_Marcinkowski_Warszawa_Mokotowska_65_klatka_ofic_pld_podw_II_15-768x1104.jpg 768w, http:\/\/lapidarium.fundacja-hereditas.pl\/wp-content\/uploads\/2023\/10\/Robert_Marcinkowski_Warszawa_Mokotowska_65_klatka_ofic_pld_podw_II_15-1068x1536.jpg 1068w, http:\/\/lapidarium.fundacja-hereditas.pl\/wp-content\/uploads\/2023\/10\/Robert_Marcinkowski_Warszawa_Mokotowska_65_klatka_ofic_pld_podw_II_15-1424x2048.jpg 1424w, http:\/\/lapidarium.fundacja-hereditas.pl\/wp-content\/uploads\/2023\/10\/Robert_Marcinkowski_Warszawa_Mokotowska_65_klatka_ofic_pld_podw_II_15-150x216.jpg 150w, http:\/\/lapidarium.fundacja-hereditas.pl\/wp-content\/uploads\/2023\/10\/Robert_Marcinkowski_Warszawa_Mokotowska_65_klatka_ofic_pld_podw_II_15-300x431.jpg 300w, http:\/\/lapidarium.fundacja-hereditas.pl\/wp-content\/uploads\/2023\/10\/Robert_Marcinkowski_Warszawa_Mokotowska_65_klatka_ofic_pld_podw_II_15-696x1001.jpg 696w, http:\/\/lapidarium.fundacja-hereditas.pl\/wp-content\/uploads\/2023\/10\/Robert_Marcinkowski_Warszawa_Mokotowska_65_klatka_ofic_pld_podw_II_15-1920x2761.jpg 1920w\" sizes=\"auto, (max-width: 1780px) 100vw, 1780px\" \/><\/a><figcaption class=\"wp-element-caption\">Drugie podw\u00f3rze. Klatka schodowa w oficynie po\u0142udniowej. Ostatnie pi\u0119tro &#8211; strych. Fot. Robert Marcinkowski, 2023 r., \u017ar\u00f3d\u0142o: AOD IV.<\/figcaption><\/figure>\n<\/figure>\n","protected":false},"excerpt":{"rendered":"<p>Kamienica Eliasza Elbingera. Ju\u017c w drugiej po\u0142owie XVIII w. sta\u0142a tu niewielka pi\u0119trowa kamieniczka, wzniesiona najprawdopodobniej przed 1780 r. W swej pi\u0119trowej niezmienionej formie istnia\u0142a do\u015b\u0107 d\u0142ugo, bowiem kolejny raz jest wzmiankowana w 1819 r. i opisana tak samo jak ponad 50 lat wcze\u015bniej. W roku 1846 posesj\u0119 naby\u0142 Jan Bogdach i nadbudowa\u0142 dom o [&hellip;]<\/p>\n","protected":false},"author":6,"featured_media":14093,"comment_status":"open","ping_status":"open","sticky":false,"template":"","format":"standard","meta":{"footnotes":""},"categories":[170,4],"tags":[],"class_list":{"0":"post-14091","1":"post","2":"type-post","3":"status-publish","4":"format-standard","5":"has-post-thumbnail","7":"category-mokotowska","8":"category-warszawa"},"_links":{"self":[{"href":"http:\/\/lapidarium.fundacja-hereditas.pl\/index.php\/wp-json\/wp\/v2\/posts\/14091","targetHints":{"allow":["GET"]}}],"collection":[{"href":"http:\/\/lapidarium.fundacja-hereditas.pl\/index.php\/wp-json\/wp\/v2\/posts"}],"about":[{"href":"http:\/\/lapidarium.fundacja-hereditas.pl\/index.php\/wp-json\/wp\/v2\/types\/post"}],"author":[{"embeddable":true,"href":"http:\/\/lapidarium.fundacja-hereditas.pl\/index.php\/wp-json\/wp\/v2\/users\/6"}],"replies":[{"embeddable":true,"href":"http:\/\/lapidarium.fundacja-hereditas.pl\/index.php\/wp-json\/wp\/v2\/comments?post=14091"}],"version-history":[{"count":16,"href":"http:\/\/lapidarium.fundacja-hereditas.pl\/index.php\/wp-json\/wp\/v2\/posts\/14091\/revisions"}],"predecessor-version":[{"id":16080,"href":"http:\/\/lapidarium.fundacja-hereditas.pl\/index.php\/wp-json\/wp\/v2\/posts\/14091\/revisions\/16080"}],"wp:featuredmedia":[{"embeddable":true,"href":"http:\/\/lapidarium.fundacja-hereditas.pl\/index.php\/wp-json\/wp\/v2\/media\/14093"}],"wp:attachment":[{"href":"http:\/\/lapidarium.fundacja-hereditas.pl\/index.php\/wp-json\/wp\/v2\/media?parent=14091"}],"wp:term":[{"taxonomy":"category","embeddable":true,"href":"http:\/\/lapidarium.fundacja-hereditas.pl\/index.php\/wp-json\/wp\/v2\/categories?post=14091"},{"taxonomy":"post_tag","embeddable":true,"href":"http:\/\/lapidarium.fundacja-hereditas.pl\/index.php\/wp-json\/wp\/v2\/tags?post=14091"}],"curies":[{"name":"wp","href":"https:\/\/api.w.org\/{rel}","templated":true}]}}