{"id":13984,"date":"2023-10-22T20:35:21","date_gmt":"2023-10-22T18:35:21","guid":{"rendered":"http:\/\/lapidarium.fundacja-hereditas.pl\/?p=13984"},"modified":"2024-05-09T00:47:06","modified_gmt":"2024-05-08T22:47:06","slug":"kamienica-ul-krucza-15-warszawa","status":"publish","type":"post","link":"http:\/\/lapidarium.fundacja-hereditas.pl\/index.php\/2023\/10\/22\/kamienica-ul-krucza-15-warszawa\/","title":{"rendered":"Kamienica ul. Krucza 15, Warszawa"},"content":{"rendered":"\n<p>Naro\u017cna kamienica czynszowa wzniesiona na planie litery \u201eL\u201d. Na prze\u0142omie XIX i XX w. (m.in. lata 1899, 1904) nale\u017ca\u0142a do Franciszki Nowickiej. W przededniu II wojny \u015bwiatowej by\u0142a ju\u017c w r\u0119kach Szai (Lejzora) Folmana. Przed wrze\u015bniem 1939 r. naro\u017cnik zajmowa\u0142a filia sklepu Wedla. W wyniku zbrojnych dzia\u0142a\u0144 powstania warszawskiego znacznemu uszkodzeniu uleg\u0142o skrzyd\u0142o od ulicy Kruczej, natomiast oba trakty domu od Wilczej wraz z naro\u017cnikiem ocala\u0142y &#8222;pod dachem&#8221;. Niestety, przy wznoszeniu nowego bloku od strony ulicy Kruczej, na prze\u0142omie lat 50. i 60. XX w., naro\u017cnik rozebrano. To bardzo du\u017ca strata, bowiem naprzeciwko zachowa\u0142a si\u0119 naro\u017cna kamienica, kt\u00f3ra doskonale wsp\u00f3\u0142gra\u0142aby dzi\u015b z rozebran\u0105 cz\u0119\u015bci\u0105. Budynek mia\u0142 dwa adresy: ul. Wilcza 22a i ul. Krucza 15 \u2013 ten ostatni traktowany by\u0142 jako wa\u017cniejszy. Wystr\u00f3j zachowanej klatki schodowej jest powojenny.<\/p>\n\n\n\n<figure class=\"wp-block-gallery has-nested-images columns-default is-cropped wp-block-gallery-1 is-layout-flex wp-block-gallery-is-layout-flex\">\n<figure class=\"wp-block-image size-large\"><a href=\"http:\/\/lapidarium.fundacja-hereditas.pl\/wp-content\/uploads\/2023\/10\/Wojciech_Kmiec_Warszawa_Krucza_15_fasada_2-scaled-e1697997178276.jpg\"><img loading=\"lazy\" decoding=\"async\" width=\"1024\" height=\"838\" data-id=\"14007\" src=\"http:\/\/lapidarium.fundacja-hereditas.pl\/wp-content\/uploads\/2023\/10\/Wojciech_Kmiec_Warszawa_Krucza_15_fasada_2-scaled-e1697997178276-1024x838.jpg\" alt=\"\" class=\"wp-image-14007\" srcset=\"http:\/\/lapidarium.fundacja-hereditas.pl\/wp-content\/uploads\/2023\/10\/Wojciech_Kmiec_Warszawa_Krucza_15_fasada_2-scaled-e1697997178276-1024x838.jpg 1024w, http:\/\/lapidarium.fundacja-hereditas.pl\/wp-content\/uploads\/2023\/10\/Wojciech_Kmiec_Warszawa_Krucza_15_fasada_2-scaled-e1697997178276-300x245.jpg 300w, http:\/\/lapidarium.fundacja-hereditas.pl\/wp-content\/uploads\/2023\/10\/Wojciech_Kmiec_Warszawa_Krucza_15_fasada_2-scaled-e1697997178276-768x628.jpg 768w, http:\/\/lapidarium.fundacja-hereditas.pl\/wp-content\/uploads\/2023\/10\/Wojciech_Kmiec_Warszawa_Krucza_15_fasada_2-scaled-e1697997178276-1536x1257.jpg 1536w, http:\/\/lapidarium.fundacja-hereditas.pl\/wp-content\/uploads\/2023\/10\/Wojciech_Kmiec_Warszawa_Krucza_15_fasada_2-scaled-e1697997178276-2048x1676.jpg 2048w, http:\/\/lapidarium.fundacja-hereditas.pl\/wp-content\/uploads\/2023\/10\/Wojciech_Kmiec_Warszawa_Krucza_15_fasada_2-scaled-e1697997178276-150x123.jpg 150w, http:\/\/lapidarium.fundacja-hereditas.pl\/wp-content\/uploads\/2023\/10\/Wojciech_Kmiec_Warszawa_Krucza_15_fasada_2-scaled-e1697997178276-696x569.jpg 696w, http:\/\/lapidarium.fundacja-hereditas.pl\/wp-content\/uploads\/2023\/10\/Wojciech_Kmiec_Warszawa_Krucza_15_fasada_2-scaled-e1697997178276-1068x874.jpg 1068w, http:\/\/lapidarium.fundacja-hereditas.pl\/wp-content\/uploads\/2023\/10\/Wojciech_Kmiec_Warszawa_Krucza_15_fasada_2-scaled-e1697997178276-1920x1571.jpg 1920w\" sizes=\"auto, (max-width: 1024px) 100vw, 1024px\" \/><\/a><figcaption class=\"wp-element-caption\">Elewacja frontowa. Widok og\u00f3lny. Fot. Wojciech Kmie\u0107, 2023 r., \u017ar\u00f3d\u0142o: AOD IV.<\/figcaption><\/figure>\n\n\n\n<figure class=\"wp-block-image size-large\"><a href=\"http:\/\/lapidarium.fundacja-hereditas.pl\/wp-content\/uploads\/2023\/10\/Wojciech_Kmiec_Warszawa_Krucza_15_fasada_3-scaled.jpg\"><img loading=\"lazy\" decoding=\"async\" width=\"891\" height=\"1024\" data-id=\"14008\" src=\"http:\/\/lapidarium.fundacja-hereditas.pl\/wp-content\/uploads\/2023\/10\/Wojciech_Kmiec_Warszawa_Krucza_15_fasada_3-891x1024.jpg\" alt=\"\" class=\"wp-image-14008\" srcset=\"http:\/\/lapidarium.fundacja-hereditas.pl\/wp-content\/uploads\/2023\/10\/Wojciech_Kmiec_Warszawa_Krucza_15_fasada_3-891x1024.jpg 891w, http:\/\/lapidarium.fundacja-hereditas.pl\/wp-content\/uploads\/2023\/10\/Wojciech_Kmiec_Warszawa_Krucza_15_fasada_3-261x300.jpg 261w, http:\/\/lapidarium.fundacja-hereditas.pl\/wp-content\/uploads\/2023\/10\/Wojciech_Kmiec_Warszawa_Krucza_15_fasada_3-768x883.jpg 768w, http:\/\/lapidarium.fundacja-hereditas.pl\/wp-content\/uploads\/2023\/10\/Wojciech_Kmiec_Warszawa_Krucza_15_fasada_3-1336x1536.jpg 1336w, http:\/\/lapidarium.fundacja-hereditas.pl\/wp-content\/uploads\/2023\/10\/Wojciech_Kmiec_Warszawa_Krucza_15_fasada_3-1782x2048.jpg 1782w, http:\/\/lapidarium.fundacja-hereditas.pl\/wp-content\/uploads\/2023\/10\/Wojciech_Kmiec_Warszawa_Krucza_15_fasada_3-150x172.jpg 150w, http:\/\/lapidarium.fundacja-hereditas.pl\/wp-content\/uploads\/2023\/10\/Wojciech_Kmiec_Warszawa_Krucza_15_fasada_3-300x345.jpg 300w, http:\/\/lapidarium.fundacja-hereditas.pl\/wp-content\/uploads\/2023\/10\/Wojciech_Kmiec_Warszawa_Krucza_15_fasada_3-696x800.jpg 696w, http:\/\/lapidarium.fundacja-hereditas.pl\/wp-content\/uploads\/2023\/10\/Wojciech_Kmiec_Warszawa_Krucza_15_fasada_3-1068x1228.jpg 1068w, http:\/\/lapidarium.fundacja-hereditas.pl\/wp-content\/uploads\/2023\/10\/Wojciech_Kmiec_Warszawa_Krucza_15_fasada_3-1920x2207.jpg 1920w\" sizes=\"auto, (max-width: 891px) 100vw, 891px\" \/><\/a><figcaption class=\"wp-element-caption\">Elewacja frontowa. Widok og\u00f3lny. Fot. Wojciech Kmie\u0107, 2023 r., \u017ar\u00f3d\u0142o: AOD IV.<\/figcaption><\/figure>\n\n\n\n<figure class=\"wp-block-image size-large\"><a href=\"http:\/\/lapidarium.fundacja-hereditas.pl\/wp-content\/uploads\/2023\/10\/Wojciech_Kmiec_Warszawa_Krucza_15_fasada_4-scaled.jpg\"><img loading=\"lazy\" decoding=\"async\" width=\"1024\" height=\"972\" data-id=\"14009\" src=\"http:\/\/lapidarium.fundacja-hereditas.pl\/wp-content\/uploads\/2023\/10\/Wojciech_Kmiec_Warszawa_Krucza_15_fasada_4-1024x972.jpg\" alt=\"\" class=\"wp-image-14009\" srcset=\"http:\/\/lapidarium.fundacja-hereditas.pl\/wp-content\/uploads\/2023\/10\/Wojciech_Kmiec_Warszawa_Krucza_15_fasada_4-1024x972.jpg 1024w, http:\/\/lapidarium.fundacja-hereditas.pl\/wp-content\/uploads\/2023\/10\/Wojciech_Kmiec_Warszawa_Krucza_15_fasada_4-300x285.jpg 300w, http:\/\/lapidarium.fundacja-hereditas.pl\/wp-content\/uploads\/2023\/10\/Wojciech_Kmiec_Warszawa_Krucza_15_fasada_4-768x729.jpg 768w, http:\/\/lapidarium.fundacja-hereditas.pl\/wp-content\/uploads\/2023\/10\/Wojciech_Kmiec_Warszawa_Krucza_15_fasada_4-1536x1458.jpg 1536w, http:\/\/lapidarium.fundacja-hereditas.pl\/wp-content\/uploads\/2023\/10\/Wojciech_Kmiec_Warszawa_Krucza_15_fasada_4-2048x1944.jpg 2048w, http:\/\/lapidarium.fundacja-hereditas.pl\/wp-content\/uploads\/2023\/10\/Wojciech_Kmiec_Warszawa_Krucza_15_fasada_4-150x142.jpg 150w, http:\/\/lapidarium.fundacja-hereditas.pl\/wp-content\/uploads\/2023\/10\/Wojciech_Kmiec_Warszawa_Krucza_15_fasada_4-696x661.jpg 696w, http:\/\/lapidarium.fundacja-hereditas.pl\/wp-content\/uploads\/2023\/10\/Wojciech_Kmiec_Warszawa_Krucza_15_fasada_4-1068x1014.jpg 1068w, http:\/\/lapidarium.fundacja-hereditas.pl\/wp-content\/uploads\/2023\/10\/Wojciech_Kmiec_Warszawa_Krucza_15_fasada_4-1920x1822.jpg 1920w\" sizes=\"auto, (max-width: 1024px) 100vw, 1024px\" \/><\/a><figcaption class=\"wp-element-caption\">Elewacja frontowa. Widok og\u00f3lny. Fot. Wojciech Kmie\u0107, 2023 r., \u017ar\u00f3d\u0142o: AOD IV.<\/figcaption><\/figure>\n\n\n\n<figure class=\"wp-block-image size-large\"><a href=\"http:\/\/lapidarium.fundacja-hereditas.pl\/wp-content\/uploads\/2023\/10\/Wojciech_Kmiec_Warszawa_Krucza_15_detal_okna_parteru-scaled.jpg\"><img loading=\"lazy\" decoding=\"async\" width=\"1024\" height=\"662\" data-id=\"14002\" src=\"http:\/\/lapidarium.fundacja-hereditas.pl\/wp-content\/uploads\/2023\/10\/Wojciech_Kmiec_Warszawa_Krucza_15_detal_okna_parteru-1024x662.jpg\" alt=\"\" class=\"wp-image-14002\" srcset=\"http:\/\/lapidarium.fundacja-hereditas.pl\/wp-content\/uploads\/2023\/10\/Wojciech_Kmiec_Warszawa_Krucza_15_detal_okna_parteru-1024x662.jpg 1024w, http:\/\/lapidarium.fundacja-hereditas.pl\/wp-content\/uploads\/2023\/10\/Wojciech_Kmiec_Warszawa_Krucza_15_detal_okna_parteru-300x194.jpg 300w, http:\/\/lapidarium.fundacja-hereditas.pl\/wp-content\/uploads\/2023\/10\/Wojciech_Kmiec_Warszawa_Krucza_15_detal_okna_parteru-768x496.jpg 768w, http:\/\/lapidarium.fundacja-hereditas.pl\/wp-content\/uploads\/2023\/10\/Wojciech_Kmiec_Warszawa_Krucza_15_detal_okna_parteru-1536x992.jpg 1536w, http:\/\/lapidarium.fundacja-hereditas.pl\/wp-content\/uploads\/2023\/10\/Wojciech_Kmiec_Warszawa_Krucza_15_detal_okna_parteru-2048x1323.jpg 2048w, http:\/\/lapidarium.fundacja-hereditas.pl\/wp-content\/uploads\/2023\/10\/Wojciech_Kmiec_Warszawa_Krucza_15_detal_okna_parteru-150x97.jpg 150w, http:\/\/lapidarium.fundacja-hereditas.pl\/wp-content\/uploads\/2023\/10\/Wojciech_Kmiec_Warszawa_Krucza_15_detal_okna_parteru-696x450.jpg 696w, http:\/\/lapidarium.fundacja-hereditas.pl\/wp-content\/uploads\/2023\/10\/Wojciech_Kmiec_Warszawa_Krucza_15_detal_okna_parteru-1068x690.jpg 1068w, http:\/\/lapidarium.fundacja-hereditas.pl\/wp-content\/uploads\/2023\/10\/Wojciech_Kmiec_Warszawa_Krucza_15_detal_okna_parteru-1920x1240.jpg 1920w\" sizes=\"auto, (max-width: 1024px) 100vw, 1024px\" \/><\/a><figcaption class=\"wp-element-caption\">Elewacja frontowa. P\u0142ycina pod oknem parteru. Gzyms ponad coko\u0142em przyziemia. Fot. Wojciech Kmie\u0107, 2023 r., \u017ar\u00f3d\u0142o: AOD IV.<\/figcaption><\/figure>\n\n\n\n<figure class=\"wp-block-image size-large\"><a href=\"http:\/\/lapidarium.fundacja-hereditas.pl\/wp-content\/uploads\/2023\/10\/Wojciech_Kmiec_Krucza_15_elewacja-frontowa_okno-1-scaled.jpg\"><img loading=\"lazy\" decoding=\"async\" width=\"810\" height=\"1024\" data-id=\"13996\" src=\"http:\/\/lapidarium.fundacja-hereditas.pl\/wp-content\/uploads\/2023\/10\/Wojciech_Kmiec_Krucza_15_elewacja-frontowa_okno-1-810x1024.jpg\" alt=\"\" class=\"wp-image-13996\" srcset=\"http:\/\/lapidarium.fundacja-hereditas.pl\/wp-content\/uploads\/2023\/10\/Wojciech_Kmiec_Krucza_15_elewacja-frontowa_okno-1-810x1024.jpg 810w, http:\/\/lapidarium.fundacja-hereditas.pl\/wp-content\/uploads\/2023\/10\/Wojciech_Kmiec_Krucza_15_elewacja-frontowa_okno-1-237x300.jpg 237w, http:\/\/lapidarium.fundacja-hereditas.pl\/wp-content\/uploads\/2023\/10\/Wojciech_Kmiec_Krucza_15_elewacja-frontowa_okno-1-768x971.jpg 768w, http:\/\/lapidarium.fundacja-hereditas.pl\/wp-content\/uploads\/2023\/10\/Wojciech_Kmiec_Krucza_15_elewacja-frontowa_okno-1-1215x1536.jpg 1215w, http:\/\/lapidarium.fundacja-hereditas.pl\/wp-content\/uploads\/2023\/10\/Wojciech_Kmiec_Krucza_15_elewacja-frontowa_okno-1-1620x2048.jpg 1620w, http:\/\/lapidarium.fundacja-hereditas.pl\/wp-content\/uploads\/2023\/10\/Wojciech_Kmiec_Krucza_15_elewacja-frontowa_okno-1-150x190.jpg 150w, http:\/\/lapidarium.fundacja-hereditas.pl\/wp-content\/uploads\/2023\/10\/Wojciech_Kmiec_Krucza_15_elewacja-frontowa_okno-1-300x379.jpg 300w, http:\/\/lapidarium.fundacja-hereditas.pl\/wp-content\/uploads\/2023\/10\/Wojciech_Kmiec_Krucza_15_elewacja-frontowa_okno-1-696x880.jpg 696w, http:\/\/lapidarium.fundacja-hereditas.pl\/wp-content\/uploads\/2023\/10\/Wojciech_Kmiec_Krucza_15_elewacja-frontowa_okno-1-1068x1350.jpg 1068w, http:\/\/lapidarium.fundacja-hereditas.pl\/wp-content\/uploads\/2023\/10\/Wojciech_Kmiec_Krucza_15_elewacja-frontowa_okno-1-1920x2428.jpg 1920w, http:\/\/lapidarium.fundacja-hereditas.pl\/wp-content\/uploads\/2023\/10\/Wojciech_Kmiec_Krucza_15_elewacja-frontowa_okno-1-scaled.jpg 2025w\" sizes=\"auto, (max-width: 810px) 100vw, 810px\" \/><\/a><figcaption class=\"wp-element-caption\">Elewacja frontowa. Oprawa okna parteru. Boniowanie. Fot. Wojciech Kmie\u0107, 2023 r., \u017ar\u00f3d\u0142o: AOD IV.<\/figcaption><\/figure>\n\n\n\n<figure class=\"wp-block-image size-large\"><a href=\"http:\/\/lapidarium.fundacja-hereditas.pl\/wp-content\/uploads\/2023\/10\/Wojciech_Kmiec_Warszawa_Krucza_15_balkon_2-scaled.jpg\"><img loading=\"lazy\" decoding=\"async\" width=\"1024\" height=\"776\" data-id=\"14000\" src=\"http:\/\/lapidarium.fundacja-hereditas.pl\/wp-content\/uploads\/2023\/10\/Wojciech_Kmiec_Warszawa_Krucza_15_balkon_2-1024x776.jpg\" alt=\"\" class=\"wp-image-14000\" srcset=\"http:\/\/lapidarium.fundacja-hereditas.pl\/wp-content\/uploads\/2023\/10\/Wojciech_Kmiec_Warszawa_Krucza_15_balkon_2-1024x776.jpg 1024w, http:\/\/lapidarium.fundacja-hereditas.pl\/wp-content\/uploads\/2023\/10\/Wojciech_Kmiec_Warszawa_Krucza_15_balkon_2-300x227.jpg 300w, http:\/\/lapidarium.fundacja-hereditas.pl\/wp-content\/uploads\/2023\/10\/Wojciech_Kmiec_Warszawa_Krucza_15_balkon_2-768x582.jpg 768w, http:\/\/lapidarium.fundacja-hereditas.pl\/wp-content\/uploads\/2023\/10\/Wojciech_Kmiec_Warszawa_Krucza_15_balkon_2-1536x1165.jpg 1536w, http:\/\/lapidarium.fundacja-hereditas.pl\/wp-content\/uploads\/2023\/10\/Wojciech_Kmiec_Warszawa_Krucza_15_balkon_2-2048x1553.jpg 2048w, http:\/\/lapidarium.fundacja-hereditas.pl\/wp-content\/uploads\/2023\/10\/Wojciech_Kmiec_Warszawa_Krucza_15_balkon_2-150x114.jpg 150w, http:\/\/lapidarium.fundacja-hereditas.pl\/wp-content\/uploads\/2023\/10\/Wojciech_Kmiec_Warszawa_Krucza_15_balkon_2-696x528.jpg 696w, http:\/\/lapidarium.fundacja-hereditas.pl\/wp-content\/uploads\/2023\/10\/Wojciech_Kmiec_Warszawa_Krucza_15_balkon_2-1068x810.jpg 1068w, http:\/\/lapidarium.fundacja-hereditas.pl\/wp-content\/uploads\/2023\/10\/Wojciech_Kmiec_Warszawa_Krucza_15_balkon_2-1920x1456.jpg 1920w\" sizes=\"auto, (max-width: 1024px) 100vw, 1024px\" \/><\/a><figcaption class=\"wp-element-caption\">Elewacja frontowa. Balkon I pi\u0119tra. Tralkowa balustrada. Fot. Wojciech Kmie\u0107, 2023 r., \u017ar\u00f3d\u0142o: AOD IV.<\/figcaption><\/figure>\n\n\n\n<figure class=\"wp-block-image size-large\"><a href=\"http:\/\/lapidarium.fundacja-hereditas.pl\/wp-content\/uploads\/2023\/10\/Wojciech_Kmiec_Warszawa_Krucza_15_konsola_balkonu-scaled.jpg\"><img loading=\"lazy\" decoding=\"async\" width=\"1024\" height=\"985\" data-id=\"14010\" src=\"http:\/\/lapidarium.fundacja-hereditas.pl\/wp-content\/uploads\/2023\/10\/Wojciech_Kmiec_Warszawa_Krucza_15_konsola_balkonu-1024x985.jpg\" alt=\"\" class=\"wp-image-14010\" srcset=\"http:\/\/lapidarium.fundacja-hereditas.pl\/wp-content\/uploads\/2023\/10\/Wojciech_Kmiec_Warszawa_Krucza_15_konsola_balkonu-1024x985.jpg 1024w, http:\/\/lapidarium.fundacja-hereditas.pl\/wp-content\/uploads\/2023\/10\/Wojciech_Kmiec_Warszawa_Krucza_15_konsola_balkonu-300x289.jpg 300w, http:\/\/lapidarium.fundacja-hereditas.pl\/wp-content\/uploads\/2023\/10\/Wojciech_Kmiec_Warszawa_Krucza_15_konsola_balkonu-768x739.jpg 768w, http:\/\/lapidarium.fundacja-hereditas.pl\/wp-content\/uploads\/2023\/10\/Wojciech_Kmiec_Warszawa_Krucza_15_konsola_balkonu-1536x1478.jpg 1536w, http:\/\/lapidarium.fundacja-hereditas.pl\/wp-content\/uploads\/2023\/10\/Wojciech_Kmiec_Warszawa_Krucza_15_konsola_balkonu-2048x1970.jpg 2048w, http:\/\/lapidarium.fundacja-hereditas.pl\/wp-content\/uploads\/2023\/10\/Wojciech_Kmiec_Warszawa_Krucza_15_konsola_balkonu-150x144.jpg 150w, http:\/\/lapidarium.fundacja-hereditas.pl\/wp-content\/uploads\/2023\/10\/Wojciech_Kmiec_Warszawa_Krucza_15_konsola_balkonu-696x670.jpg 696w, http:\/\/lapidarium.fundacja-hereditas.pl\/wp-content\/uploads\/2023\/10\/Wojciech_Kmiec_Warszawa_Krucza_15_konsola_balkonu-1068x1028.jpg 1068w, http:\/\/lapidarium.fundacja-hereditas.pl\/wp-content\/uploads\/2023\/10\/Wojciech_Kmiec_Warszawa_Krucza_15_konsola_balkonu-1920x1847.jpg 1920w\" sizes=\"auto, (max-width: 1024px) 100vw, 1024px\" \/><\/a><figcaption class=\"wp-element-caption\">Elewacja frontowa. Konsola pod balkonem I pietra. Fot. Wojciech Kmie\u0107, 2023 r., \u017ar\u00f3d\u0142o: AOD IV.<\/figcaption><\/figure>\n\n\n\n<figure class=\"wp-block-image size-large\"><a href=\"http:\/\/lapidarium.fundacja-hereditas.pl\/wp-content\/uploads\/2023\/10\/Wojciech_Kmiec_Krucza_15_elewacja-frontowa_okno-2-scaled.jpg\"><img loading=\"lazy\" decoding=\"async\" width=\"939\" height=\"1024\" data-id=\"13997\" src=\"http:\/\/lapidarium.fundacja-hereditas.pl\/wp-content\/uploads\/2023\/10\/Wojciech_Kmiec_Krucza_15_elewacja-frontowa_okno-2-939x1024.jpg\" alt=\"\" class=\"wp-image-13997\" srcset=\"http:\/\/lapidarium.fundacja-hereditas.pl\/wp-content\/uploads\/2023\/10\/Wojciech_Kmiec_Krucza_15_elewacja-frontowa_okno-2-939x1024.jpg 939w, http:\/\/lapidarium.fundacja-hereditas.pl\/wp-content\/uploads\/2023\/10\/Wojciech_Kmiec_Krucza_15_elewacja-frontowa_okno-2-275x300.jpg 275w, http:\/\/lapidarium.fundacja-hereditas.pl\/wp-content\/uploads\/2023\/10\/Wojciech_Kmiec_Krucza_15_elewacja-frontowa_okno-2-768x838.jpg 768w, http:\/\/lapidarium.fundacja-hereditas.pl\/wp-content\/uploads\/2023\/10\/Wojciech_Kmiec_Krucza_15_elewacja-frontowa_okno-2-1408x1536.jpg 1408w, http:\/\/lapidarium.fundacja-hereditas.pl\/wp-content\/uploads\/2023\/10\/Wojciech_Kmiec_Krucza_15_elewacja-frontowa_okno-2-1878x2048.jpg 1878w, http:\/\/lapidarium.fundacja-hereditas.pl\/wp-content\/uploads\/2023\/10\/Wojciech_Kmiec_Krucza_15_elewacja-frontowa_okno-2-150x164.jpg 150w, http:\/\/lapidarium.fundacja-hereditas.pl\/wp-content\/uploads\/2023\/10\/Wojciech_Kmiec_Krucza_15_elewacja-frontowa_okno-2-300x327.jpg 300w, http:\/\/lapidarium.fundacja-hereditas.pl\/wp-content\/uploads\/2023\/10\/Wojciech_Kmiec_Krucza_15_elewacja-frontowa_okno-2-696x759.jpg 696w, http:\/\/lapidarium.fundacja-hereditas.pl\/wp-content\/uploads\/2023\/10\/Wojciech_Kmiec_Krucza_15_elewacja-frontowa_okno-2-1068x1165.jpg 1068w, http:\/\/lapidarium.fundacja-hereditas.pl\/wp-content\/uploads\/2023\/10\/Wojciech_Kmiec_Krucza_15_elewacja-frontowa_okno-2-1920x2094.jpg 1920w\" sizes=\"auto, (max-width: 939px) 100vw, 939px\" \/><\/a><figcaption class=\"wp-element-caption\">Elewacja frontowa. Oprawa okna I pi\u0119tra. Fot. Wojciech Kmie\u0107, 2023 r., \u017ar\u00f3d\u0142o: AOD IV.<\/figcaption><\/figure>\n\n\n\n<figure class=\"wp-block-image size-large\"><a href=\"http:\/\/lapidarium.fundacja-hereditas.pl\/wp-content\/uploads\/2023\/10\/Wojciech_Kmiec_Warszawa_Krucza_15_nadproze_I_pietro-scaled.jpg\"><img loading=\"lazy\" decoding=\"async\" width=\"1024\" height=\"730\" data-id=\"14011\" src=\"http:\/\/lapidarium.fundacja-hereditas.pl\/wp-content\/uploads\/2023\/10\/Wojciech_Kmiec_Warszawa_Krucza_15_nadproze_I_pietro-1024x730.jpg\" alt=\"\" class=\"wp-image-14011\" srcset=\"http:\/\/lapidarium.fundacja-hereditas.pl\/wp-content\/uploads\/2023\/10\/Wojciech_Kmiec_Warszawa_Krucza_15_nadproze_I_pietro-1024x730.jpg 1024w, http:\/\/lapidarium.fundacja-hereditas.pl\/wp-content\/uploads\/2023\/10\/Wojciech_Kmiec_Warszawa_Krucza_15_nadproze_I_pietro-300x214.jpg 300w, http:\/\/lapidarium.fundacja-hereditas.pl\/wp-content\/uploads\/2023\/10\/Wojciech_Kmiec_Warszawa_Krucza_15_nadproze_I_pietro-768x547.jpg 768w, http:\/\/lapidarium.fundacja-hereditas.pl\/wp-content\/uploads\/2023\/10\/Wojciech_Kmiec_Warszawa_Krucza_15_nadproze_I_pietro-1536x1095.jpg 1536w, http:\/\/lapidarium.fundacja-hereditas.pl\/wp-content\/uploads\/2023\/10\/Wojciech_Kmiec_Warszawa_Krucza_15_nadproze_I_pietro-2048x1460.jpg 2048w, http:\/\/lapidarium.fundacja-hereditas.pl\/wp-content\/uploads\/2023\/10\/Wojciech_Kmiec_Warszawa_Krucza_15_nadproze_I_pietro-150x107.jpg 150w, http:\/\/lapidarium.fundacja-hereditas.pl\/wp-content\/uploads\/2023\/10\/Wojciech_Kmiec_Warszawa_Krucza_15_nadproze_I_pietro-696x496.jpg 696w, http:\/\/lapidarium.fundacja-hereditas.pl\/wp-content\/uploads\/2023\/10\/Wojciech_Kmiec_Warszawa_Krucza_15_nadproze_I_pietro-1068x761.jpg 1068w, http:\/\/lapidarium.fundacja-hereditas.pl\/wp-content\/uploads\/2023\/10\/Wojciech_Kmiec_Warszawa_Krucza_15_nadproze_I_pietro-1920x1368.jpg 1920w\" sizes=\"auto, (max-width: 1024px) 100vw, 1024px\" \/><\/a><figcaption class=\"wp-element-caption\">Elewacja frontowa. Okno I pi\u0119tra. Fot. Wojciech Kmie\u0107, 2023 r., \u017ar\u00f3d\u0142o: AOD IV.<\/figcaption><\/figure>\n\n\n\n<figure class=\"wp-block-image size-large\"><a href=\"http:\/\/lapidarium.fundacja-hereditas.pl\/wp-content\/uploads\/2023\/10\/Wojciech_Kmiec_Warszawa_Krucza_15_okno_II_pietro-scaled.jpg\"><img loading=\"lazy\" decoding=\"async\" width=\"813\" height=\"1024\" data-id=\"14014\" src=\"http:\/\/lapidarium.fundacja-hereditas.pl\/wp-content\/uploads\/2023\/10\/Wojciech_Kmiec_Warszawa_Krucza_15_okno_II_pietro-813x1024.jpg\" alt=\"\" class=\"wp-image-14014\" srcset=\"http:\/\/lapidarium.fundacja-hereditas.pl\/wp-content\/uploads\/2023\/10\/Wojciech_Kmiec_Warszawa_Krucza_15_okno_II_pietro-813x1024.jpg 813w, http:\/\/lapidarium.fundacja-hereditas.pl\/wp-content\/uploads\/2023\/10\/Wojciech_Kmiec_Warszawa_Krucza_15_okno_II_pietro-238x300.jpg 238w, http:\/\/lapidarium.fundacja-hereditas.pl\/wp-content\/uploads\/2023\/10\/Wojciech_Kmiec_Warszawa_Krucza_15_okno_II_pietro-768x968.jpg 768w, http:\/\/lapidarium.fundacja-hereditas.pl\/wp-content\/uploads\/2023\/10\/Wojciech_Kmiec_Warszawa_Krucza_15_okno_II_pietro-1219x1536.jpg 1219w, http:\/\/lapidarium.fundacja-hereditas.pl\/wp-content\/uploads\/2023\/10\/Wojciech_Kmiec_Warszawa_Krucza_15_okno_II_pietro-1625x2048.jpg 1625w, http:\/\/lapidarium.fundacja-hereditas.pl\/wp-content\/uploads\/2023\/10\/Wojciech_Kmiec_Warszawa_Krucza_15_okno_II_pietro-150x189.jpg 150w, http:\/\/lapidarium.fundacja-hereditas.pl\/wp-content\/uploads\/2023\/10\/Wojciech_Kmiec_Warszawa_Krucza_15_okno_II_pietro-300x378.jpg 300w, http:\/\/lapidarium.fundacja-hereditas.pl\/wp-content\/uploads\/2023\/10\/Wojciech_Kmiec_Warszawa_Krucza_15_okno_II_pietro-696x877.jpg 696w, http:\/\/lapidarium.fundacja-hereditas.pl\/wp-content\/uploads\/2023\/10\/Wojciech_Kmiec_Warszawa_Krucza_15_okno_II_pietro-1068x1346.jpg 1068w, http:\/\/lapidarium.fundacja-hereditas.pl\/wp-content\/uploads\/2023\/10\/Wojciech_Kmiec_Warszawa_Krucza_15_okno_II_pietro-1920x2420.jpg 1920w, http:\/\/lapidarium.fundacja-hereditas.pl\/wp-content\/uploads\/2023\/10\/Wojciech_Kmiec_Warszawa_Krucza_15_okno_II_pietro-scaled.jpg 2031w\" sizes=\"auto, (max-width: 813px) 100vw, 813px\" \/><\/a><figcaption class=\"wp-element-caption\">Elewacja frontowa. Okno II pi\u0119tra. Fot. Wojciech Kmie\u0107, 2023 r., \u017ar\u00f3d\u0142o: AOD IV.<\/figcaption><\/figure>\n\n\n\n<figure class=\"wp-block-image size-large\"><a href=\"http:\/\/lapidarium.fundacja-hereditas.pl\/wp-content\/uploads\/2023\/10\/Wojciech_Kmiec_Warszawa_Krucza_15_nadproze_II_pietro-scaled.jpg\"><img loading=\"lazy\" decoding=\"async\" width=\"1024\" height=\"692\" data-id=\"14012\" src=\"http:\/\/lapidarium.fundacja-hereditas.pl\/wp-content\/uploads\/2023\/10\/Wojciech_Kmiec_Warszawa_Krucza_15_nadproze_II_pietro-1024x692.jpg\" alt=\"\" class=\"wp-image-14012\" srcset=\"http:\/\/lapidarium.fundacja-hereditas.pl\/wp-content\/uploads\/2023\/10\/Wojciech_Kmiec_Warszawa_Krucza_15_nadproze_II_pietro-1024x692.jpg 1024w, http:\/\/lapidarium.fundacja-hereditas.pl\/wp-content\/uploads\/2023\/10\/Wojciech_Kmiec_Warszawa_Krucza_15_nadproze_II_pietro-300x203.jpg 300w, http:\/\/lapidarium.fundacja-hereditas.pl\/wp-content\/uploads\/2023\/10\/Wojciech_Kmiec_Warszawa_Krucza_15_nadproze_II_pietro-768x519.jpg 768w, http:\/\/lapidarium.fundacja-hereditas.pl\/wp-content\/uploads\/2023\/10\/Wojciech_Kmiec_Warszawa_Krucza_15_nadproze_II_pietro-1536x1038.jpg 1536w, http:\/\/lapidarium.fundacja-hereditas.pl\/wp-content\/uploads\/2023\/10\/Wojciech_Kmiec_Warszawa_Krucza_15_nadproze_II_pietro-2048x1384.jpg 2048w, http:\/\/lapidarium.fundacja-hereditas.pl\/wp-content\/uploads\/2023\/10\/Wojciech_Kmiec_Warszawa_Krucza_15_nadproze_II_pietro-150x101.jpg 150w, http:\/\/lapidarium.fundacja-hereditas.pl\/wp-content\/uploads\/2023\/10\/Wojciech_Kmiec_Warszawa_Krucza_15_nadproze_II_pietro-696x470.jpg 696w, http:\/\/lapidarium.fundacja-hereditas.pl\/wp-content\/uploads\/2023\/10\/Wojciech_Kmiec_Warszawa_Krucza_15_nadproze_II_pietro-1068x722.jpg 1068w, http:\/\/lapidarium.fundacja-hereditas.pl\/wp-content\/uploads\/2023\/10\/Wojciech_Kmiec_Warszawa_Krucza_15_nadproze_II_pietro-1920x1297.jpg 1920w\" sizes=\"auto, (max-width: 1024px) 100vw, 1024px\" \/><\/a><figcaption class=\"wp-element-caption\">Elewacja frontowa. Okno II pi\u0119tra. Fot. Wojciech Kmie\u0107, 2023 r., \u017ar\u00f3d\u0142o: AOD IV.<\/figcaption><\/figure>\n\n\n\n<figure class=\"wp-block-image size-large\"><a href=\"http:\/\/lapidarium.fundacja-hereditas.pl\/wp-content\/uploads\/2023\/10\/Wojciech_Kmiec_Warszawa_Krucza_15_detal_pomiedzy_pietrem_I_i_II-scaled.jpg\"><img loading=\"lazy\" decoding=\"async\" width=\"1024\" height=\"772\" data-id=\"14003\" src=\"http:\/\/lapidarium.fundacja-hereditas.pl\/wp-content\/uploads\/2023\/10\/Wojciech_Kmiec_Warszawa_Krucza_15_detal_pomiedzy_pietrem_I_i_II-1024x772.jpg\" alt=\"\" class=\"wp-image-14003\" srcset=\"http:\/\/lapidarium.fundacja-hereditas.pl\/wp-content\/uploads\/2023\/10\/Wojciech_Kmiec_Warszawa_Krucza_15_detal_pomiedzy_pietrem_I_i_II-1024x772.jpg 1024w, http:\/\/lapidarium.fundacja-hereditas.pl\/wp-content\/uploads\/2023\/10\/Wojciech_Kmiec_Warszawa_Krucza_15_detal_pomiedzy_pietrem_I_i_II-300x226.jpg 300w, http:\/\/lapidarium.fundacja-hereditas.pl\/wp-content\/uploads\/2023\/10\/Wojciech_Kmiec_Warszawa_Krucza_15_detal_pomiedzy_pietrem_I_i_II-768x579.jpg 768w, http:\/\/lapidarium.fundacja-hereditas.pl\/wp-content\/uploads\/2023\/10\/Wojciech_Kmiec_Warszawa_Krucza_15_detal_pomiedzy_pietrem_I_i_II-1536x1157.jpg 1536w, http:\/\/lapidarium.fundacja-hereditas.pl\/wp-content\/uploads\/2023\/10\/Wojciech_Kmiec_Warszawa_Krucza_15_detal_pomiedzy_pietrem_I_i_II-2048x1543.jpg 2048w, http:\/\/lapidarium.fundacja-hereditas.pl\/wp-content\/uploads\/2023\/10\/Wojciech_Kmiec_Warszawa_Krucza_15_detal_pomiedzy_pietrem_I_i_II-150x113.jpg 150w, http:\/\/lapidarium.fundacja-hereditas.pl\/wp-content\/uploads\/2023\/10\/Wojciech_Kmiec_Warszawa_Krucza_15_detal_pomiedzy_pietrem_I_i_II-696x524.jpg 696w, http:\/\/lapidarium.fundacja-hereditas.pl\/wp-content\/uploads\/2023\/10\/Wojciech_Kmiec_Warszawa_Krucza_15_detal_pomiedzy_pietrem_I_i_II-1068x805.jpg 1068w, http:\/\/lapidarium.fundacja-hereditas.pl\/wp-content\/uploads\/2023\/10\/Wojciech_Kmiec_Warszawa_Krucza_15_detal_pomiedzy_pietrem_I_i_II-1920x1447.jpg 1920w\" sizes=\"auto, (max-width: 1024px) 100vw, 1024px\" \/><\/a><figcaption class=\"wp-element-caption\">Elewacja frontowa. P\u0142ycina pod oknem II pi\u0119tra. Gzyms i zwornik nad oknem I. Fot. Wojciech Kmie\u0107, 2023 r., \u017ar\u00f3d\u0142o: AOD IV.<\/figcaption><\/figure>\n\n\n\n<figure class=\"wp-block-image size-large\"><a href=\"http:\/\/lapidarium.fundacja-hereditas.pl\/wp-content\/uploads\/2023\/10\/Wojciech_Kmiec_Krucza_15_elewacja-frontowa_okna-scaled.jpg\"><img loading=\"lazy\" decoding=\"async\" width=\"694\" height=\"1024\" data-id=\"13995\" src=\"http:\/\/lapidarium.fundacja-hereditas.pl\/wp-content\/uploads\/2023\/10\/Wojciech_Kmiec_Krucza_15_elewacja-frontowa_okna-694x1024.jpg\" alt=\"\" class=\"wp-image-13995\" srcset=\"http:\/\/lapidarium.fundacja-hereditas.pl\/wp-content\/uploads\/2023\/10\/Wojciech_Kmiec_Krucza_15_elewacja-frontowa_okna-694x1024.jpg 694w, http:\/\/lapidarium.fundacja-hereditas.pl\/wp-content\/uploads\/2023\/10\/Wojciech_Kmiec_Krucza_15_elewacja-frontowa_okna-203x300.jpg 203w, http:\/\/lapidarium.fundacja-hereditas.pl\/wp-content\/uploads\/2023\/10\/Wojciech_Kmiec_Krucza_15_elewacja-frontowa_okna-768x1133.jpg 768w, http:\/\/lapidarium.fundacja-hereditas.pl\/wp-content\/uploads\/2023\/10\/Wojciech_Kmiec_Krucza_15_elewacja-frontowa_okna-1041x1536.jpg 1041w, http:\/\/lapidarium.fundacja-hereditas.pl\/wp-content\/uploads\/2023\/10\/Wojciech_Kmiec_Krucza_15_elewacja-frontowa_okna-1388x2048.jpg 1388w, http:\/\/lapidarium.fundacja-hereditas.pl\/wp-content\/uploads\/2023\/10\/Wojciech_Kmiec_Krucza_15_elewacja-frontowa_okna-150x221.jpg 150w, http:\/\/lapidarium.fundacja-hereditas.pl\/wp-content\/uploads\/2023\/10\/Wojciech_Kmiec_Krucza_15_elewacja-frontowa_okna-300x443.jpg 300w, http:\/\/lapidarium.fundacja-hereditas.pl\/wp-content\/uploads\/2023\/10\/Wojciech_Kmiec_Krucza_15_elewacja-frontowa_okna-696x1027.jpg 696w, http:\/\/lapidarium.fundacja-hereditas.pl\/wp-content\/uploads\/2023\/10\/Wojciech_Kmiec_Krucza_15_elewacja-frontowa_okna-1068x1576.jpg 1068w, http:\/\/lapidarium.fundacja-hereditas.pl\/wp-content\/uploads\/2023\/10\/Wojciech_Kmiec_Krucza_15_elewacja-frontowa_okna-1920x2834.jpg 1920w, http:\/\/lapidarium.fundacja-hereditas.pl\/wp-content\/uploads\/2023\/10\/Wojciech_Kmiec_Krucza_15_elewacja-frontowa_okna-scaled.jpg 1735w\" sizes=\"auto, (max-width: 694px) 100vw, 694px\" \/><\/a><figcaption class=\"wp-element-caption\">Elewacja frontowa. Okna I i II pi\u0119tra. Fot. Wojciech Kmie\u0107, 2023 r., \u017ar\u00f3d\u0142o: AOD IV.<\/figcaption><\/figure>\n\n\n\n<figure class=\"wp-block-image size-large\"><a href=\"http:\/\/lapidarium.fundacja-hereditas.pl\/wp-content\/uploads\/2023\/10\/Wojciech_Kmiec_Warszawa_Krucza_15_balkon-scaled.jpg\"><img loading=\"lazy\" decoding=\"async\" width=\"1024\" height=\"1013\" data-id=\"13999\" src=\"http:\/\/lapidarium.fundacja-hereditas.pl\/wp-content\/uploads\/2023\/10\/Wojciech_Kmiec_Warszawa_Krucza_15_balkon-1024x1013.jpg\" alt=\"\" class=\"wp-image-13999\" srcset=\"http:\/\/lapidarium.fundacja-hereditas.pl\/wp-content\/uploads\/2023\/10\/Wojciech_Kmiec_Warszawa_Krucza_15_balkon-1024x1013.jpg 1024w, http:\/\/lapidarium.fundacja-hereditas.pl\/wp-content\/uploads\/2023\/10\/Wojciech_Kmiec_Warszawa_Krucza_15_balkon-300x297.jpg 300w, http:\/\/lapidarium.fundacja-hereditas.pl\/wp-content\/uploads\/2023\/10\/Wojciech_Kmiec_Warszawa_Krucza_15_balkon-768x760.jpg 768w, http:\/\/lapidarium.fundacja-hereditas.pl\/wp-content\/uploads\/2023\/10\/Wojciech_Kmiec_Warszawa_Krucza_15_balkon-1536x1520.jpg 1536w, http:\/\/lapidarium.fundacja-hereditas.pl\/wp-content\/uploads\/2023\/10\/Wojciech_Kmiec_Warszawa_Krucza_15_balkon-2048x2027.jpg 2048w, http:\/\/lapidarium.fundacja-hereditas.pl\/wp-content\/uploads\/2023\/10\/Wojciech_Kmiec_Warszawa_Krucza_15_balkon-150x148.jpg 150w, http:\/\/lapidarium.fundacja-hereditas.pl\/wp-content\/uploads\/2023\/10\/Wojciech_Kmiec_Warszawa_Krucza_15_balkon-696x689.jpg 696w, http:\/\/lapidarium.fundacja-hereditas.pl\/wp-content\/uploads\/2023\/10\/Wojciech_Kmiec_Warszawa_Krucza_15_balkon-1068x1057.jpg 1068w, http:\/\/lapidarium.fundacja-hereditas.pl\/wp-content\/uploads\/2023\/10\/Wojciech_Kmiec_Warszawa_Krucza_15_balkon-1920x1900.jpg 1920w\" sizes=\"auto, (max-width: 1024px) 100vw, 1024px\" \/><\/a><figcaption class=\"wp-element-caption\">Elewacja frontowa. Balkon II pi\u0119tra. \u017beliwna balustrada. Fot. Wojciech Kmie\u0107, 2023 r., \u017ar\u00f3d\u0142o: AOD IV.<\/figcaption><\/figure>\n\n\n\n<figure class=\"wp-block-image size-large\"><a href=\"http:\/\/lapidarium.fundacja-hereditas.pl\/wp-content\/uploads\/2023\/10\/Wojciech_Kmiec_Krucza_15_elewacja-frontowa_balkon_drugie_pietro-scaled.jpg\"><img loading=\"lazy\" decoding=\"async\" width=\"968\" height=\"1024\" data-id=\"13994\" src=\"http:\/\/lapidarium.fundacja-hereditas.pl\/wp-content\/uploads\/2023\/10\/Wojciech_Kmiec_Krucza_15_elewacja-frontowa_balkon_drugie_pietro-968x1024.jpg\" alt=\"\" class=\"wp-image-13994\" srcset=\"http:\/\/lapidarium.fundacja-hereditas.pl\/wp-content\/uploads\/2023\/10\/Wojciech_Kmiec_Krucza_15_elewacja-frontowa_balkon_drugie_pietro-968x1024.jpg 968w, http:\/\/lapidarium.fundacja-hereditas.pl\/wp-content\/uploads\/2023\/10\/Wojciech_Kmiec_Krucza_15_elewacja-frontowa_balkon_drugie_pietro-284x300.jpg 284w, http:\/\/lapidarium.fundacja-hereditas.pl\/wp-content\/uploads\/2023\/10\/Wojciech_Kmiec_Krucza_15_elewacja-frontowa_balkon_drugie_pietro-768x812.jpg 768w, http:\/\/lapidarium.fundacja-hereditas.pl\/wp-content\/uploads\/2023\/10\/Wojciech_Kmiec_Krucza_15_elewacja-frontowa_balkon_drugie_pietro-1452x1536.jpg 1452w, http:\/\/lapidarium.fundacja-hereditas.pl\/wp-content\/uploads\/2023\/10\/Wojciech_Kmiec_Krucza_15_elewacja-frontowa_balkon_drugie_pietro-1936x2048.jpg 1936w, http:\/\/lapidarium.fundacja-hereditas.pl\/wp-content\/uploads\/2023\/10\/Wojciech_Kmiec_Krucza_15_elewacja-frontowa_balkon_drugie_pietro-150x159.jpg 150w, http:\/\/lapidarium.fundacja-hereditas.pl\/wp-content\/uploads\/2023\/10\/Wojciech_Kmiec_Krucza_15_elewacja-frontowa_balkon_drugie_pietro-300x317.jpg 300w, http:\/\/lapidarium.fundacja-hereditas.pl\/wp-content\/uploads\/2023\/10\/Wojciech_Kmiec_Krucza_15_elewacja-frontowa_balkon_drugie_pietro-696x736.jpg 696w, http:\/\/lapidarium.fundacja-hereditas.pl\/wp-content\/uploads\/2023\/10\/Wojciech_Kmiec_Krucza_15_elewacja-frontowa_balkon_drugie_pietro-1068x1130.jpg 1068w, http:\/\/lapidarium.fundacja-hereditas.pl\/wp-content\/uploads\/2023\/10\/Wojciech_Kmiec_Krucza_15_elewacja-frontowa_balkon_drugie_pietro-1920x2031.jpg 1920w\" sizes=\"auto, (max-width: 968px) 100vw, 968px\" \/><\/a><figcaption class=\"wp-element-caption\">Fasada. Balkon II-go pi\u0119tra. Fot. Robert Marcinowski, 2023 r., \u017ar\u00f3d\u0142o: AOD IV.<\/figcaption><\/figure>\n\n\n\n<figure class=\"wp-block-image size-large\"><a href=\"http:\/\/lapidarium.fundacja-hereditas.pl\/wp-content\/uploads\/2023\/10\/Wojciech_Kmiec_Warszawa_Krucza_15_dach-scaled.jpg\"><img loading=\"lazy\" decoding=\"async\" width=\"1024\" height=\"825\" data-id=\"14001\" src=\"http:\/\/lapidarium.fundacja-hereditas.pl\/wp-content\/uploads\/2023\/10\/Wojciech_Kmiec_Warszawa_Krucza_15_dach-1024x825.jpg\" alt=\"\" class=\"wp-image-14001\" srcset=\"http:\/\/lapidarium.fundacja-hereditas.pl\/wp-content\/uploads\/2023\/10\/Wojciech_Kmiec_Warszawa_Krucza_15_dach-1024x825.jpg 1024w, http:\/\/lapidarium.fundacja-hereditas.pl\/wp-content\/uploads\/2023\/10\/Wojciech_Kmiec_Warszawa_Krucza_15_dach-300x242.jpg 300w, http:\/\/lapidarium.fundacja-hereditas.pl\/wp-content\/uploads\/2023\/10\/Wojciech_Kmiec_Warszawa_Krucza_15_dach-768x619.jpg 768w, http:\/\/lapidarium.fundacja-hereditas.pl\/wp-content\/uploads\/2023\/10\/Wojciech_Kmiec_Warszawa_Krucza_15_dach-1536x1238.jpg 1536w, http:\/\/lapidarium.fundacja-hereditas.pl\/wp-content\/uploads\/2023\/10\/Wojciech_Kmiec_Warszawa_Krucza_15_dach-2048x1651.jpg 2048w, http:\/\/lapidarium.fundacja-hereditas.pl\/wp-content\/uploads\/2023\/10\/Wojciech_Kmiec_Warszawa_Krucza_15_dach-150x121.jpg 150w, http:\/\/lapidarium.fundacja-hereditas.pl\/wp-content\/uploads\/2023\/10\/Wojciech_Kmiec_Warszawa_Krucza_15_dach-696x561.jpg 696w, http:\/\/lapidarium.fundacja-hereditas.pl\/wp-content\/uploads\/2023\/10\/Wojciech_Kmiec_Warszawa_Krucza_15_dach-1068x861.jpg 1068w, http:\/\/lapidarium.fundacja-hereditas.pl\/wp-content\/uploads\/2023\/10\/Wojciech_Kmiec_Warszawa_Krucza_15_dach-1920x1548.jpg 1920w\" sizes=\"auto, (max-width: 1024px) 100vw, 1024px\" \/><\/a><figcaption class=\"wp-element-caption\">Elewacja frontowa. Pi\u0119tra II, III i IV. Fot. Wojciech Kmie\u0107, 2023 r., \u017ar\u00f3d\u0142o: AOD IV.<\/figcaption><\/figure>\n\n\n\n<figure class=\"wp-block-image size-large\"><a href=\"http:\/\/lapidarium.fundacja-hereditas.pl\/wp-content\/uploads\/2023\/10\/KKM_Krucza_15_elewacja_podworzowa-scaled.jpg\"><img loading=\"lazy\" decoding=\"async\" width=\"907\" height=\"1024\" data-id=\"13986\" src=\"http:\/\/lapidarium.fundacja-hereditas.pl\/wp-content\/uploads\/2023\/10\/KKM_Krucza_15_elewacja_podworzowa-907x1024.jpg\" alt=\"\" class=\"wp-image-13986\" srcset=\"http:\/\/lapidarium.fundacja-hereditas.pl\/wp-content\/uploads\/2023\/10\/KKM_Krucza_15_elewacja_podworzowa-907x1024.jpg 907w, http:\/\/lapidarium.fundacja-hereditas.pl\/wp-content\/uploads\/2023\/10\/KKM_Krucza_15_elewacja_podworzowa-266x300.jpg 266w, http:\/\/lapidarium.fundacja-hereditas.pl\/wp-content\/uploads\/2023\/10\/KKM_Krucza_15_elewacja_podworzowa-768x867.jpg 768w, http:\/\/lapidarium.fundacja-hereditas.pl\/wp-content\/uploads\/2023\/10\/KKM_Krucza_15_elewacja_podworzowa-1360x1536.jpg 1360w, http:\/\/lapidarium.fundacja-hereditas.pl\/wp-content\/uploads\/2023\/10\/KKM_Krucza_15_elewacja_podworzowa-1813x2048.jpg 1813w, http:\/\/lapidarium.fundacja-hereditas.pl\/wp-content\/uploads\/2023\/10\/KKM_Krucza_15_elewacja_podworzowa-150x169.jpg 150w, http:\/\/lapidarium.fundacja-hereditas.pl\/wp-content\/uploads\/2023\/10\/KKM_Krucza_15_elewacja_podworzowa-300x339.jpg 300w, http:\/\/lapidarium.fundacja-hereditas.pl\/wp-content\/uploads\/2023\/10\/KKM_Krucza_15_elewacja_podworzowa-696x786.jpg 696w, http:\/\/lapidarium.fundacja-hereditas.pl\/wp-content\/uploads\/2023\/10\/KKM_Krucza_15_elewacja_podworzowa-1068x1206.jpg 1068w, http:\/\/lapidarium.fundacja-hereditas.pl\/wp-content\/uploads\/2023\/10\/KKM_Krucza_15_elewacja_podworzowa-1920x2168.jpg 1920w\" sizes=\"auto, (max-width: 907px) 100vw, 907px\" \/><\/a><figcaption class=\"wp-element-caption\">Widok od p\u00f3\u0142nocy na podw\u00f3rko. Fot. Katarzyna Komar-Michalczyk, 2023 r., \u017ar\u00f3d\u0142o: AOD IV.<\/figcaption><\/figure>\n\n\n\n<figure class=\"wp-block-image size-large\"><a href=\"http:\/\/lapidarium.fundacja-hereditas.pl\/wp-content\/uploads\/2023\/10\/Wojciech_Kmiec_Warszawa_Krucza_15_elewacja_podworzowa-scaled.jpg\"><img loading=\"lazy\" decoding=\"async\" width=\"800\" height=\"1024\" data-id=\"14004\" src=\"http:\/\/lapidarium.fundacja-hereditas.pl\/wp-content\/uploads\/2023\/10\/Wojciech_Kmiec_Warszawa_Krucza_15_elewacja_podworzowa-800x1024.jpg\" alt=\"\" class=\"wp-image-14004\" srcset=\"http:\/\/lapidarium.fundacja-hereditas.pl\/wp-content\/uploads\/2023\/10\/Wojciech_Kmiec_Warszawa_Krucza_15_elewacja_podworzowa-800x1024.jpg 800w, http:\/\/lapidarium.fundacja-hereditas.pl\/wp-content\/uploads\/2023\/10\/Wojciech_Kmiec_Warszawa_Krucza_15_elewacja_podworzowa-235x300.jpg 235w, http:\/\/lapidarium.fundacja-hereditas.pl\/wp-content\/uploads\/2023\/10\/Wojciech_Kmiec_Warszawa_Krucza_15_elewacja_podworzowa-768x982.jpg 768w, http:\/\/lapidarium.fundacja-hereditas.pl\/wp-content\/uploads\/2023\/10\/Wojciech_Kmiec_Warszawa_Krucza_15_elewacja_podworzowa-1201x1536.jpg 1201w, http:\/\/lapidarium.fundacja-hereditas.pl\/wp-content\/uploads\/2023\/10\/Wojciech_Kmiec_Warszawa_Krucza_15_elewacja_podworzowa-1601x2048.jpg 1601w, http:\/\/lapidarium.fundacja-hereditas.pl\/wp-content\/uploads\/2023\/10\/Wojciech_Kmiec_Warszawa_Krucza_15_elewacja_podworzowa-150x192.jpg 150w, http:\/\/lapidarium.fundacja-hereditas.pl\/wp-content\/uploads\/2023\/10\/Wojciech_Kmiec_Warszawa_Krucza_15_elewacja_podworzowa-300x384.jpg 300w, http:\/\/lapidarium.fundacja-hereditas.pl\/wp-content\/uploads\/2023\/10\/Wojciech_Kmiec_Warszawa_Krucza_15_elewacja_podworzowa-696x890.jpg 696w, http:\/\/lapidarium.fundacja-hereditas.pl\/wp-content\/uploads\/2023\/10\/Wojciech_Kmiec_Warszawa_Krucza_15_elewacja_podworzowa-1068x1366.jpg 1068w, http:\/\/lapidarium.fundacja-hereditas.pl\/wp-content\/uploads\/2023\/10\/Wojciech_Kmiec_Warszawa_Krucza_15_elewacja_podworzowa-1920x2456.jpg 1920w, http:\/\/lapidarium.fundacja-hereditas.pl\/wp-content\/uploads\/2023\/10\/Wojciech_Kmiec_Warszawa_Krucza_15_elewacja_podworzowa-scaled.jpg 2001w\" sizes=\"auto, (max-width: 800px) 100vw, 800px\" \/><\/a><figcaption class=\"wp-element-caption\">Elewacja p\u00f3\u0142nocna &#8211; tylna. Okno. Fot. Wojciech Kmie\u0107, 2023 r., \u017ar\u00f3d\u0142o: AOD IV.<\/figcaption><\/figure>\n\n\n\n<figure class=\"wp-block-image size-large\"><a href=\"http:\/\/lapidarium.fundacja-hereditas.pl\/wp-content\/uploads\/2023\/10\/Wojciech_Kmiec_Warszawa_Krucza_15_elewacja_podworzowa_2-scaled.jpg\"><img loading=\"lazy\" decoding=\"async\" width=\"840\" height=\"1024\" data-id=\"14005\" src=\"http:\/\/lapidarium.fundacja-hereditas.pl\/wp-content\/uploads\/2023\/10\/Wojciech_Kmiec_Warszawa_Krucza_15_elewacja_podworzowa_2-840x1024.jpg\" alt=\"\" class=\"wp-image-14005\" srcset=\"http:\/\/lapidarium.fundacja-hereditas.pl\/wp-content\/uploads\/2023\/10\/Wojciech_Kmiec_Warszawa_Krucza_15_elewacja_podworzowa_2-840x1024.jpg 840w, http:\/\/lapidarium.fundacja-hereditas.pl\/wp-content\/uploads\/2023\/10\/Wojciech_Kmiec_Warszawa_Krucza_15_elewacja_podworzowa_2-246x300.jpg 246w, http:\/\/lapidarium.fundacja-hereditas.pl\/wp-content\/uploads\/2023\/10\/Wojciech_Kmiec_Warszawa_Krucza_15_elewacja_podworzowa_2-768x936.jpg 768w, http:\/\/lapidarium.fundacja-hereditas.pl\/wp-content\/uploads\/2023\/10\/Wojciech_Kmiec_Warszawa_Krucza_15_elewacja_podworzowa_2-1261x1536.jpg 1261w, http:\/\/lapidarium.fundacja-hereditas.pl\/wp-content\/uploads\/2023\/10\/Wojciech_Kmiec_Warszawa_Krucza_15_elewacja_podworzowa_2-1681x2048.jpg 1681w, http:\/\/lapidarium.fundacja-hereditas.pl\/wp-content\/uploads\/2023\/10\/Wojciech_Kmiec_Warszawa_Krucza_15_elewacja_podworzowa_2-150x183.jpg 150w, http:\/\/lapidarium.fundacja-hereditas.pl\/wp-content\/uploads\/2023\/10\/Wojciech_Kmiec_Warszawa_Krucza_15_elewacja_podworzowa_2-300x366.jpg 300w, http:\/\/lapidarium.fundacja-hereditas.pl\/wp-content\/uploads\/2023\/10\/Wojciech_Kmiec_Warszawa_Krucza_15_elewacja_podworzowa_2-696x848.jpg 696w, http:\/\/lapidarium.fundacja-hereditas.pl\/wp-content\/uploads\/2023\/10\/Wojciech_Kmiec_Warszawa_Krucza_15_elewacja_podworzowa_2-1068x1301.jpg 1068w, http:\/\/lapidarium.fundacja-hereditas.pl\/wp-content\/uploads\/2023\/10\/Wojciech_Kmiec_Warszawa_Krucza_15_elewacja_podworzowa_2-1920x2340.jpg 1920w\" sizes=\"auto, (max-width: 840px) 100vw, 840px\" \/><\/a><figcaption class=\"wp-element-caption\">Elewacja p\u00f3\u0142nocna &#8211; tylna. Okno. Fot. Wojciech Kmie\u0107, 2023 r., \u017ar\u00f3d\u0142o: AOD IV.<\/figcaption><\/figure>\n\n\n\n<figure class=\"wp-block-image size-large\"><a href=\"http:\/\/lapidarium.fundacja-hereditas.pl\/wp-content\/uploads\/2023\/10\/Robert_Marcinkowski_Krucza_15_elewacja_podworzowa_uchwyt_poreczy.jpg\"><img loading=\"lazy\" decoding=\"async\" width=\"1024\" height=\"618\" data-id=\"13992\" src=\"http:\/\/lapidarium.fundacja-hereditas.pl\/wp-content\/uploads\/2023\/10\/Robert_Marcinkowski_Krucza_15_elewacja_podworzowa_uchwyt_poreczy-1024x618.jpg\" alt=\"\" class=\"wp-image-13992\" srcset=\"http:\/\/lapidarium.fundacja-hereditas.pl\/wp-content\/uploads\/2023\/10\/Robert_Marcinkowski_Krucza_15_elewacja_podworzowa_uchwyt_poreczy-1024x618.jpg 1024w, http:\/\/lapidarium.fundacja-hereditas.pl\/wp-content\/uploads\/2023\/10\/Robert_Marcinkowski_Krucza_15_elewacja_podworzowa_uchwyt_poreczy-300x181.jpg 300w, http:\/\/lapidarium.fundacja-hereditas.pl\/wp-content\/uploads\/2023\/10\/Robert_Marcinkowski_Krucza_15_elewacja_podworzowa_uchwyt_poreczy-768x464.jpg 768w, http:\/\/lapidarium.fundacja-hereditas.pl\/wp-content\/uploads\/2023\/10\/Robert_Marcinkowski_Krucza_15_elewacja_podworzowa_uchwyt_poreczy-1536x927.jpg 1536w, http:\/\/lapidarium.fundacja-hereditas.pl\/wp-content\/uploads\/2023\/10\/Robert_Marcinkowski_Krucza_15_elewacja_podworzowa_uchwyt_poreczy-150x91.jpg 150w, http:\/\/lapidarium.fundacja-hereditas.pl\/wp-content\/uploads\/2023\/10\/Robert_Marcinkowski_Krucza_15_elewacja_podworzowa_uchwyt_poreczy-696x420.jpg 696w, http:\/\/lapidarium.fundacja-hereditas.pl\/wp-content\/uploads\/2023\/10\/Robert_Marcinkowski_Krucza_15_elewacja_podworzowa_uchwyt_poreczy-1068x645.jpg 1068w, http:\/\/lapidarium.fundacja-hereditas.pl\/wp-content\/uploads\/2023\/10\/Robert_Marcinkowski_Krucza_15_elewacja_podworzowa_uchwyt_poreczy.jpg 1729w\" sizes=\"auto, (max-width: 1024px) 100vw, 1024px\" \/><\/a><figcaption class=\"wp-element-caption\">Elewacja podw\u00f3rzowa. Mocowanie uchwytu por\u0119czy. Fot. Robert Marcinkowski, 2023 r., \u017ar\u00f3d\u0142o: AOD IV.<\/figcaption><\/figure>\n\n\n\n<figure class=\"wp-block-image size-large\"><a href=\"http:\/\/lapidarium.fundacja-hereditas.pl\/wp-content\/uploads\/2023\/10\/Wojciech_Kmiec_Warszawa_Krucza_15_okna_od_podworza-scaled.jpg\"><img loading=\"lazy\" decoding=\"async\" width=\"1024\" height=\"787\" data-id=\"14013\" src=\"http:\/\/lapidarium.fundacja-hereditas.pl\/wp-content\/uploads\/2023\/10\/Wojciech_Kmiec_Warszawa_Krucza_15_okna_od_podworza-1024x787.jpg\" alt=\"\" class=\"wp-image-14013\" srcset=\"http:\/\/lapidarium.fundacja-hereditas.pl\/wp-content\/uploads\/2023\/10\/Wojciech_Kmiec_Warszawa_Krucza_15_okna_od_podworza-1024x787.jpg 1024w, http:\/\/lapidarium.fundacja-hereditas.pl\/wp-content\/uploads\/2023\/10\/Wojciech_Kmiec_Warszawa_Krucza_15_okna_od_podworza-300x231.jpg 300w, http:\/\/lapidarium.fundacja-hereditas.pl\/wp-content\/uploads\/2023\/10\/Wojciech_Kmiec_Warszawa_Krucza_15_okna_od_podworza-768x590.jpg 768w, http:\/\/lapidarium.fundacja-hereditas.pl\/wp-content\/uploads\/2023\/10\/Wojciech_Kmiec_Warszawa_Krucza_15_okna_od_podworza-1536x1181.jpg 1536w, http:\/\/lapidarium.fundacja-hereditas.pl\/wp-content\/uploads\/2023\/10\/Wojciech_Kmiec_Warszawa_Krucza_15_okna_od_podworza-2048x1575.jpg 2048w, http:\/\/lapidarium.fundacja-hereditas.pl\/wp-content\/uploads\/2023\/10\/Wojciech_Kmiec_Warszawa_Krucza_15_okna_od_podworza-150x115.jpg 150w, http:\/\/lapidarium.fundacja-hereditas.pl\/wp-content\/uploads\/2023\/10\/Wojciech_Kmiec_Warszawa_Krucza_15_okna_od_podworza-696x535.jpg 696w, http:\/\/lapidarium.fundacja-hereditas.pl\/wp-content\/uploads\/2023\/10\/Wojciech_Kmiec_Warszawa_Krucza_15_okna_od_podworza-1068x821.jpg 1068w, http:\/\/lapidarium.fundacja-hereditas.pl\/wp-content\/uploads\/2023\/10\/Wojciech_Kmiec_Warszawa_Krucza_15_okna_od_podworza-1920x1476.jpg 1920w\" sizes=\"auto, (max-width: 1024px) 100vw, 1024px\" \/><\/a><figcaption class=\"wp-element-caption\">Elewacja p\u00f3\u0142nocna &#8211; tylna. Okna. Fot. Wojciech Kmie\u0107, 2023 r., \u017ar\u00f3d\u0142o: AOD IV.<\/figcaption><\/figure>\n\n\n\n<figure class=\"wp-block-image size-large\"><a href=\"http:\/\/lapidarium.fundacja-hereditas.pl\/wp-content\/uploads\/2023\/10\/Wojciech_Kmiec_Warszawa_Krucza_15_okno_od_podworza-scaled.jpg\"><img loading=\"lazy\" decoding=\"async\" width=\"1024\" height=\"1017\" data-id=\"14015\" src=\"http:\/\/lapidarium.fundacja-hereditas.pl\/wp-content\/uploads\/2023\/10\/Wojciech_Kmiec_Warszawa_Krucza_15_okno_od_podworza-1024x1017.jpg\" alt=\"\" class=\"wp-image-14015\" srcset=\"http:\/\/lapidarium.fundacja-hereditas.pl\/wp-content\/uploads\/2023\/10\/Wojciech_Kmiec_Warszawa_Krucza_15_okno_od_podworza-1024x1017.jpg 1024w, http:\/\/lapidarium.fundacja-hereditas.pl\/wp-content\/uploads\/2023\/10\/Wojciech_Kmiec_Warszawa_Krucza_15_okno_od_podworza-300x298.jpg 300w, http:\/\/lapidarium.fundacja-hereditas.pl\/wp-content\/uploads\/2023\/10\/Wojciech_Kmiec_Warszawa_Krucza_15_okno_od_podworza-150x149.jpg 150w, http:\/\/lapidarium.fundacja-hereditas.pl\/wp-content\/uploads\/2023\/10\/Wojciech_Kmiec_Warszawa_Krucza_15_okno_od_podworza-768x763.jpg 768w, http:\/\/lapidarium.fundacja-hereditas.pl\/wp-content\/uploads\/2023\/10\/Wojciech_Kmiec_Warszawa_Krucza_15_okno_od_podworza-1536x1526.jpg 1536w, http:\/\/lapidarium.fundacja-hereditas.pl\/wp-content\/uploads\/2023\/10\/Wojciech_Kmiec_Warszawa_Krucza_15_okno_od_podworza-2048x2034.jpg 2048w, http:\/\/lapidarium.fundacja-hereditas.pl\/wp-content\/uploads\/2023\/10\/Wojciech_Kmiec_Warszawa_Krucza_15_okno_od_podworza-696x691.jpg 696w, http:\/\/lapidarium.fundacja-hereditas.pl\/wp-content\/uploads\/2023\/10\/Wojciech_Kmiec_Warszawa_Krucza_15_okno_od_podworza-1068x1061.jpg 1068w, http:\/\/lapidarium.fundacja-hereditas.pl\/wp-content\/uploads\/2023\/10\/Wojciech_Kmiec_Warszawa_Krucza_15_okno_od_podworza-1920x1907.jpg 1920w\" sizes=\"auto, (max-width: 1024px) 100vw, 1024px\" \/><\/a><figcaption class=\"wp-element-caption\">Elewacja p\u00f3\u0142nocna &#8211; tylna. Okno. Fot. Wojciech Kmie\u0107, 2023 r., \u017ar\u00f3d\u0142o: AOD IV.<\/figcaption><\/figure>\n\n\n\n<figure class=\"wp-block-image size-large\"><a href=\"http:\/\/lapidarium.fundacja-hereditas.pl\/wp-content\/uploads\/2023\/10\/Robert_Marcinkowski_Krucza_15_klatka_schodowa_parter_wystroj_powojenny-scaled.jpg\"><img loading=\"lazy\" decoding=\"async\" width=\"782\" height=\"1024\" data-id=\"13993\" src=\"http:\/\/lapidarium.fundacja-hereditas.pl\/wp-content\/uploads\/2023\/10\/Robert_Marcinkowski_Krucza_15_klatka_schodowa_parter_wystroj_powojenny-782x1024.jpg\" alt=\"\" class=\"wp-image-13993\" srcset=\"http:\/\/lapidarium.fundacja-hereditas.pl\/wp-content\/uploads\/2023\/10\/Robert_Marcinkowski_Krucza_15_klatka_schodowa_parter_wystroj_powojenny-782x1024.jpg 782w, http:\/\/lapidarium.fundacja-hereditas.pl\/wp-content\/uploads\/2023\/10\/Robert_Marcinkowski_Krucza_15_klatka_schodowa_parter_wystroj_powojenny-229x300.jpg 229w, http:\/\/lapidarium.fundacja-hereditas.pl\/wp-content\/uploads\/2023\/10\/Robert_Marcinkowski_Krucza_15_klatka_schodowa_parter_wystroj_powojenny-768x1006.jpg 768w, http:\/\/lapidarium.fundacja-hereditas.pl\/wp-content\/uploads\/2023\/10\/Robert_Marcinkowski_Krucza_15_klatka_schodowa_parter_wystroj_powojenny-1172x1536.jpg 1172w, http:\/\/lapidarium.fundacja-hereditas.pl\/wp-content\/uploads\/2023\/10\/Robert_Marcinkowski_Krucza_15_klatka_schodowa_parter_wystroj_powojenny-1563x2048.jpg 1563w, http:\/\/lapidarium.fundacja-hereditas.pl\/wp-content\/uploads\/2023\/10\/Robert_Marcinkowski_Krucza_15_klatka_schodowa_parter_wystroj_powojenny-150x197.jpg 150w, http:\/\/lapidarium.fundacja-hereditas.pl\/wp-content\/uploads\/2023\/10\/Robert_Marcinkowski_Krucza_15_klatka_schodowa_parter_wystroj_powojenny-300x393.jpg 300w, http:\/\/lapidarium.fundacja-hereditas.pl\/wp-content\/uploads\/2023\/10\/Robert_Marcinkowski_Krucza_15_klatka_schodowa_parter_wystroj_powojenny-696x912.jpg 696w, http:\/\/lapidarium.fundacja-hereditas.pl\/wp-content\/uploads\/2023\/10\/Robert_Marcinkowski_Krucza_15_klatka_schodowa_parter_wystroj_powojenny-1068x1399.jpg 1068w, http:\/\/lapidarium.fundacja-hereditas.pl\/wp-content\/uploads\/2023\/10\/Robert_Marcinkowski_Krucza_15_klatka_schodowa_parter_wystroj_powojenny-1920x2515.jpg 1920w, http:\/\/lapidarium.fundacja-hereditas.pl\/wp-content\/uploads\/2023\/10\/Robert_Marcinkowski_Krucza_15_klatka_schodowa_parter_wystroj_powojenny-scaled.jpg 1954w\" sizes=\"auto, (max-width: 782px) 100vw, 782px\" \/><\/a><figcaption class=\"wp-element-caption\">Parter. Klatka schodowa. Fot. Katarzyna Komar-Michalczyk, 2023 r., \u017ar\u00f3d\u0142o: AOD IV.<\/figcaption><\/figure>\n\n\n\n<figure class=\"wp-block-image size-large\"><a href=\"http:\/\/lapidarium.fundacja-hereditas.pl\/wp-content\/uploads\/2023\/10\/KKM_Krucza_15_klatka_schodowa_wystroj_powojenny-scaled.jpg\"><img loading=\"lazy\" decoding=\"async\" width=\"1024\" height=\"904\" data-id=\"13990\" src=\"http:\/\/lapidarium.fundacja-hereditas.pl\/wp-content\/uploads\/2023\/10\/KKM_Krucza_15_klatka_schodowa_wystroj_powojenny-1024x904.jpg\" alt=\"\" class=\"wp-image-13990\" srcset=\"http:\/\/lapidarium.fundacja-hereditas.pl\/wp-content\/uploads\/2023\/10\/KKM_Krucza_15_klatka_schodowa_wystroj_powojenny-1024x904.jpg 1024w, http:\/\/lapidarium.fundacja-hereditas.pl\/wp-content\/uploads\/2023\/10\/KKM_Krucza_15_klatka_schodowa_wystroj_powojenny-300x265.jpg 300w, http:\/\/lapidarium.fundacja-hereditas.pl\/wp-content\/uploads\/2023\/10\/KKM_Krucza_15_klatka_schodowa_wystroj_powojenny-768x678.jpg 768w, http:\/\/lapidarium.fundacja-hereditas.pl\/wp-content\/uploads\/2023\/10\/KKM_Krucza_15_klatka_schodowa_wystroj_powojenny-1536x1356.jpg 1536w, http:\/\/lapidarium.fundacja-hereditas.pl\/wp-content\/uploads\/2023\/10\/KKM_Krucza_15_klatka_schodowa_wystroj_powojenny-2048x1808.jpg 2048w, http:\/\/lapidarium.fundacja-hereditas.pl\/wp-content\/uploads\/2023\/10\/KKM_Krucza_15_klatka_schodowa_wystroj_powojenny-150x132.jpg 150w, http:\/\/lapidarium.fundacja-hereditas.pl\/wp-content\/uploads\/2023\/10\/KKM_Krucza_15_klatka_schodowa_wystroj_powojenny-696x614.jpg 696w, http:\/\/lapidarium.fundacja-hereditas.pl\/wp-content\/uploads\/2023\/10\/KKM_Krucza_15_klatka_schodowa_wystroj_powojenny-1068x943.jpg 1068w, http:\/\/lapidarium.fundacja-hereditas.pl\/wp-content\/uploads\/2023\/10\/KKM_Krucza_15_klatka_schodowa_wystroj_powojenny-1920x1695.jpg 1920w\" sizes=\"auto, (max-width: 1024px) 100vw, 1024px\" \/><\/a><figcaption class=\"wp-element-caption\">Klatka schodowa. Spocznik p\u00f3\u0142pi\u0119tra. Fot. Katarzyna Komar-Michalczyk, 2023 r., \u017ar\u00f3d\u0142o: AOD IV.<\/figcaption><\/figure>\n\n\n\n<figure class=\"wp-block-image size-large\"><a href=\"http:\/\/lapidarium.fundacja-hereditas.pl\/wp-content\/uploads\/2023\/10\/KKM_Krucza_15_klatka_schodowa_wystroj_powojenny-3-scaled.jpg\"><img loading=\"lazy\" decoding=\"async\" width=\"1024\" height=\"884\" data-id=\"13989\" src=\"http:\/\/lapidarium.fundacja-hereditas.pl\/wp-content\/uploads\/2023\/10\/KKM_Krucza_15_klatka_schodowa_wystroj_powojenny-3-1024x884.jpg\" alt=\"\" class=\"wp-image-13989\" srcset=\"http:\/\/lapidarium.fundacja-hereditas.pl\/wp-content\/uploads\/2023\/10\/KKM_Krucza_15_klatka_schodowa_wystroj_powojenny-3-1024x884.jpg 1024w, http:\/\/lapidarium.fundacja-hereditas.pl\/wp-content\/uploads\/2023\/10\/KKM_Krucza_15_klatka_schodowa_wystroj_powojenny-3-300x259.jpg 300w, http:\/\/lapidarium.fundacja-hereditas.pl\/wp-content\/uploads\/2023\/10\/KKM_Krucza_15_klatka_schodowa_wystroj_powojenny-3-768x663.jpg 768w, http:\/\/lapidarium.fundacja-hereditas.pl\/wp-content\/uploads\/2023\/10\/KKM_Krucza_15_klatka_schodowa_wystroj_powojenny-3-1536x1326.jpg 1536w, http:\/\/lapidarium.fundacja-hereditas.pl\/wp-content\/uploads\/2023\/10\/KKM_Krucza_15_klatka_schodowa_wystroj_powojenny-3-2048x1768.jpg 2048w, http:\/\/lapidarium.fundacja-hereditas.pl\/wp-content\/uploads\/2023\/10\/KKM_Krucza_15_klatka_schodowa_wystroj_powojenny-3-150x130.jpg 150w, http:\/\/lapidarium.fundacja-hereditas.pl\/wp-content\/uploads\/2023\/10\/KKM_Krucza_15_klatka_schodowa_wystroj_powojenny-3-696x601.jpg 696w, http:\/\/lapidarium.fundacja-hereditas.pl\/wp-content\/uploads\/2023\/10\/KKM_Krucza_15_klatka_schodowa_wystroj_powojenny-3-1068x922.jpg 1068w, http:\/\/lapidarium.fundacja-hereditas.pl\/wp-content\/uploads\/2023\/10\/KKM_Krucza_15_klatka_schodowa_wystroj_powojenny-3-1920x1658.jpg 1920w\" sizes=\"auto, (max-width: 1024px) 100vw, 1024px\" \/><\/a><figcaption class=\"wp-element-caption\">Klatka schodowa. Widok ze spocznika p\u00f3\u0142pi\u0119tra na jedno z pi\u0119ter. Fot. Katarzyna Komar-Michalczyk, 2023 r., \u017ar\u00f3d\u0142o: AOD IV.<\/figcaption><\/figure>\n\n\n\n<figure class=\"wp-block-image size-large\"><a href=\"http:\/\/lapidarium.fundacja-hereditas.pl\/wp-content\/uploads\/2023\/10\/KKM_Krucza_15_klatka_schodowa_wystroj_powojenny-2-scaled.jpg\"><img loading=\"lazy\" decoding=\"async\" width=\"738\" height=\"1024\" data-id=\"13988\" src=\"http:\/\/lapidarium.fundacja-hereditas.pl\/wp-content\/uploads\/2023\/10\/KKM_Krucza_15_klatka_schodowa_wystroj_powojenny-2-738x1024.jpg\" alt=\"\" class=\"wp-image-13988\" srcset=\"http:\/\/lapidarium.fundacja-hereditas.pl\/wp-content\/uploads\/2023\/10\/KKM_Krucza_15_klatka_schodowa_wystroj_powojenny-2-738x1024.jpg 738w, http:\/\/lapidarium.fundacja-hereditas.pl\/wp-content\/uploads\/2023\/10\/KKM_Krucza_15_klatka_schodowa_wystroj_powojenny-2-216x300.jpg 216w, http:\/\/lapidarium.fundacja-hereditas.pl\/wp-content\/uploads\/2023\/10\/KKM_Krucza_15_klatka_schodowa_wystroj_powojenny-2-768x1065.jpg 768w, http:\/\/lapidarium.fundacja-hereditas.pl\/wp-content\/uploads\/2023\/10\/KKM_Krucza_15_klatka_schodowa_wystroj_powojenny-2-1108x1536.jpg 1108w, http:\/\/lapidarium.fundacja-hereditas.pl\/wp-content\/uploads\/2023\/10\/KKM_Krucza_15_klatka_schodowa_wystroj_powojenny-2-1477x2048.jpg 1477w, http:\/\/lapidarium.fundacja-hereditas.pl\/wp-content\/uploads\/2023\/10\/KKM_Krucza_15_klatka_schodowa_wystroj_powojenny-2-150x208.jpg 150w, http:\/\/lapidarium.fundacja-hereditas.pl\/wp-content\/uploads\/2023\/10\/KKM_Krucza_15_klatka_schodowa_wystroj_powojenny-2-300x416.jpg 300w, http:\/\/lapidarium.fundacja-hereditas.pl\/wp-content\/uploads\/2023\/10\/KKM_Krucza_15_klatka_schodowa_wystroj_powojenny-2-696x965.jpg 696w, http:\/\/lapidarium.fundacja-hereditas.pl\/wp-content\/uploads\/2023\/10\/KKM_Krucza_15_klatka_schodowa_wystroj_powojenny-2-1068x1481.jpg 1068w, http:\/\/lapidarium.fundacja-hereditas.pl\/wp-content\/uploads\/2023\/10\/KKM_Krucza_15_klatka_schodowa_wystroj_powojenny-2-1920x2662.jpg 1920w, http:\/\/lapidarium.fundacja-hereditas.pl\/wp-content\/uploads\/2023\/10\/KKM_Krucza_15_klatka_schodowa_wystroj_powojenny-2-scaled.jpg 1846w\" sizes=\"auto, (max-width: 738px) 100vw, 738px\" \/><\/a><figcaption class=\"wp-element-caption\">Klatka schodowa. Zakr\u0119t balustrady. Fot. Katarzyna Komar-Michalczyk, 2023 r., \u017ar\u00f3d\u0142o: AOD IV.<\/figcaption><\/figure>\n\n\n\n<figure class=\"wp-block-image size-large\"><a href=\"http:\/\/lapidarium.fundacja-hereditas.pl\/wp-content\/uploads\/2023\/10\/KKM_Krucza_15_klatka_schodowa_wystroj_powojenny-1-scaled.jpg\"><img loading=\"lazy\" decoding=\"async\" width=\"707\" height=\"1024\" data-id=\"13987\" src=\"http:\/\/lapidarium.fundacja-hereditas.pl\/wp-content\/uploads\/2023\/10\/KKM_Krucza_15_klatka_schodowa_wystroj_powojenny-1-707x1024.jpg\" alt=\"\" class=\"wp-image-13987\" srcset=\"http:\/\/lapidarium.fundacja-hereditas.pl\/wp-content\/uploads\/2023\/10\/KKM_Krucza_15_klatka_schodowa_wystroj_powojenny-1-707x1024.jpg 707w, http:\/\/lapidarium.fundacja-hereditas.pl\/wp-content\/uploads\/2023\/10\/KKM_Krucza_15_klatka_schodowa_wystroj_powojenny-1-207x300.jpg 207w, http:\/\/lapidarium.fundacja-hereditas.pl\/wp-content\/uploads\/2023\/10\/KKM_Krucza_15_klatka_schodowa_wystroj_powojenny-1-768x1112.jpg 768w, http:\/\/lapidarium.fundacja-hereditas.pl\/wp-content\/uploads\/2023\/10\/KKM_Krucza_15_klatka_schodowa_wystroj_powojenny-1-1061x1536.jpg 1061w, http:\/\/lapidarium.fundacja-hereditas.pl\/wp-content\/uploads\/2023\/10\/KKM_Krucza_15_klatka_schodowa_wystroj_powojenny-1-1415x2048.jpg 1415w, http:\/\/lapidarium.fundacja-hereditas.pl\/wp-content\/uploads\/2023\/10\/KKM_Krucza_15_klatka_schodowa_wystroj_powojenny-1-150x217.jpg 150w, http:\/\/lapidarium.fundacja-hereditas.pl\/wp-content\/uploads\/2023\/10\/KKM_Krucza_15_klatka_schodowa_wystroj_powojenny-1-300x434.jpg 300w, http:\/\/lapidarium.fundacja-hereditas.pl\/wp-content\/uploads\/2023\/10\/KKM_Krucza_15_klatka_schodowa_wystroj_powojenny-1-696x1008.jpg 696w, http:\/\/lapidarium.fundacja-hereditas.pl\/wp-content\/uploads\/2023\/10\/KKM_Krucza_15_klatka_schodowa_wystroj_powojenny-1-1068x1546.jpg 1068w, http:\/\/lapidarium.fundacja-hereditas.pl\/wp-content\/uploads\/2023\/10\/KKM_Krucza_15_klatka_schodowa_wystroj_powojenny-1-1920x2780.jpg 1920w, http:\/\/lapidarium.fundacja-hereditas.pl\/wp-content\/uploads\/2023\/10\/KKM_Krucza_15_klatka_schodowa_wystroj_powojenny-1-scaled.jpg 1768w\" sizes=\"auto, (max-width: 707px) 100vw, 707px\" \/><\/a><figcaption class=\"wp-element-caption\">Klatka schodowa. Widok ze spocznika na jedno z pi\u0119ter. Fot. Katarzyna Komar-Michalczyk, 2023 r., \u017ar\u00f3d\u0142o: AOD IV.<\/figcaption><\/figure>\n<\/figure>\n","protected":false},"excerpt":{"rendered":"<p>Naro\u017cna kamienica czynszowa wzniesiona na planie litery \u201eL\u201d. Na prze\u0142omie XIX i XX w. (m.in. lata 1899, 1904) nale\u017ca\u0142a do Franciszki Nowickiej. W przededniu II wojny \u015bwiatowej by\u0142a ju\u017c w r\u0119kach Szai (Lejzora) Folmana. Przed wrze\u015bniem 1939 r. naro\u017cnik zajmowa\u0142a filia sklepu Wedla. W wyniku zbrojnych dzia\u0142a\u0144 powstania warszawskiego znacznemu uszkodzeniu uleg\u0142o skrzyd\u0142o od ulicy [&hellip;]<\/p>\n","protected":false},"author":6,"featured_media":13991,"comment_status":"open","ping_status":"open","sticky":false,"template":"","format":"standard","meta":{"footnotes":""},"categories":[19,4],"tags":[],"class_list":{"0":"post-13984","1":"post","2":"type-post","3":"status-publish","4":"format-standard","5":"has-post-thumbnail","7":"category-krucza","8":"category-warszawa"},"_links":{"self":[{"href":"http:\/\/lapidarium.fundacja-hereditas.pl\/index.php\/wp-json\/wp\/v2\/posts\/13984","targetHints":{"allow":["GET"]}}],"collection":[{"href":"http:\/\/lapidarium.fundacja-hereditas.pl\/index.php\/wp-json\/wp\/v2\/posts"}],"about":[{"href":"http:\/\/lapidarium.fundacja-hereditas.pl\/index.php\/wp-json\/wp\/v2\/types\/post"}],"author":[{"embeddable":true,"href":"http:\/\/lapidarium.fundacja-hereditas.pl\/index.php\/wp-json\/wp\/v2\/users\/6"}],"replies":[{"embeddable":true,"href":"http:\/\/lapidarium.fundacja-hereditas.pl\/index.php\/wp-json\/wp\/v2\/comments?post=13984"}],"version-history":[{"count":7,"href":"http:\/\/lapidarium.fundacja-hereditas.pl\/index.php\/wp-json\/wp\/v2\/posts\/13984\/revisions"}],"predecessor-version":[{"id":24564,"href":"http:\/\/lapidarium.fundacja-hereditas.pl\/index.php\/wp-json\/wp\/v2\/posts\/13984\/revisions\/24564"}],"wp:featuredmedia":[{"embeddable":true,"href":"http:\/\/lapidarium.fundacja-hereditas.pl\/index.php\/wp-json\/wp\/v2\/media\/13991"}],"wp:attachment":[{"href":"http:\/\/lapidarium.fundacja-hereditas.pl\/index.php\/wp-json\/wp\/v2\/media?parent=13984"}],"wp:term":[{"taxonomy":"category","embeddable":true,"href":"http:\/\/lapidarium.fundacja-hereditas.pl\/index.php\/wp-json\/wp\/v2\/categories?post=13984"},{"taxonomy":"post_tag","embeddable":true,"href":"http:\/\/lapidarium.fundacja-hereditas.pl\/index.php\/wp-json\/wp\/v2\/tags?post=13984"}],"curies":[{"name":"wp","href":"https:\/\/api.w.org\/{rel}","templated":true}]}}