{"id":13787,"date":"2023-10-21T03:57:52","date_gmt":"2023-10-21T01:57:52","guid":{"rendered":"http:\/\/lapidarium.fundacja-hereditas.pl\/?p=13787"},"modified":"2023-11-16T22:07:43","modified_gmt":"2023-11-16T21:07:43","slug":"kamienica-ul-krakowskie-przedmiescie-83-warszawa","status":"publish","type":"post","link":"http:\/\/lapidarium.fundacja-hereditas.pl\/index.php\/2023\/10\/21\/kamienica-ul-krakowskie-przedmiescie-83-warszawa\/","title":{"rendered":"Kamienica ul. Krakowskie Przedmie\u015bcie 83, Warszawa"},"content":{"rendered":"\n<p>Miejsce o udokumentowanej zabudowie od XVII w. Ju\u017c ok. 1700 r. znajdowa\u0142a si\u0119 od strony Krakowskiego Przedmie\u015bcia parterowa, kamieniczka rymarza Kaspra. Z czasem jej miejsce zaj\u0105\u0142 o wiele wi\u0119kszy dwupi\u0119trowy dom frontowy \u2013 mia\u0142o to miejsce ok. 1750 r. W\u0142a\u015bcicielem nieruchomo\u015bci by\u0142 w\u00f3wczas oberleutnant Rosen, od kt\u00f3rego nazwiska pocz\u0119to obiekt nazywa\u0107 kamienic\u0105 Rozena. Ok. 1780 r. dom nadbudowano o kolejne &#8211; trzecie &#8211; pi\u0119tro. Ok. 1790 r. od strony ul. Senatorskiej stan\u0119\u0142a druga kamienica frontowa (ob. nr 7). Pomi\u0119dzy obydwoma domami wzd\u0142u\u017c po\u0142udniowego skraju parceli zrealizowano \u0142\u0105cznik w postaci oficyny podw\u00f3rzowej. W takim stanie ca\u0142y kompleks przetrwa\u0142 do 1944 r. Przy odbudowie mog\u0142yby zosta\u0107 odbudowane z zachowaniem du\u017cych partii oryginalnych mur\u00f3w, gdyby nie budowa tunelu trasy W-Z, kt\u00f3r\u0105 postanowiono prowadzi\u0107 metod\u0105 odkrywkow\u0105. Z tego powodu wszystkie obiekty na posesji zosta\u0142y wraz z piwnicami rozebrane w 1948 r., a po uko\u0144czeniu tunelu odtworzone ponad nim jako atrapy starych budynk\u00f3w (z do\u015b\u0107 dok\u0142adnie odtworzonymi elewacjami frontowymi). Prace prowadzono pod nadzorem arch. Zygmunta St\u0119pi\u0144skiego.<\/p>\n\n\n\n<figure class=\"wp-block-gallery has-nested-images columns-default is-cropped wp-block-gallery-1 is-layout-flex wp-block-gallery-is-layout-flex\">\n<figure class=\"wp-block-image size-large\"><a href=\"http:\/\/lapidarium.fundacja-hereditas.pl\/wp-content\/uploads\/2023\/10\/Magdalena_Zaremba_Krakowskie_Przedmiescie_83_Elewacja_Wsch-1-scaled.jpg\"><img loading=\"lazy\" decoding=\"async\" width=\"651\" height=\"1024\" data-id=\"13834\" src=\"http:\/\/lapidarium.fundacja-hereditas.pl\/wp-content\/uploads\/2023\/10\/Magdalena_Zaremba_Krakowskie_Przedmiescie_83_Elewacja_Wsch-1-651x1024.jpg\" alt=\"\" class=\"wp-image-13834\" srcset=\"http:\/\/lapidarium.fundacja-hereditas.pl\/wp-content\/uploads\/2023\/10\/Magdalena_Zaremba_Krakowskie_Przedmiescie_83_Elewacja_Wsch-1-651x1024.jpg 651w, http:\/\/lapidarium.fundacja-hereditas.pl\/wp-content\/uploads\/2023\/10\/Magdalena_Zaremba_Krakowskie_Przedmiescie_83_Elewacja_Wsch-1-191x300.jpg 191w, http:\/\/lapidarium.fundacja-hereditas.pl\/wp-content\/uploads\/2023\/10\/Magdalena_Zaremba_Krakowskie_Przedmiescie_83_Elewacja_Wsch-1-768x1208.jpg 768w, http:\/\/lapidarium.fundacja-hereditas.pl\/wp-content\/uploads\/2023\/10\/Magdalena_Zaremba_Krakowskie_Przedmiescie_83_Elewacja_Wsch-1-977x1536.jpg 977w, http:\/\/lapidarium.fundacja-hereditas.pl\/wp-content\/uploads\/2023\/10\/Magdalena_Zaremba_Krakowskie_Przedmiescie_83_Elewacja_Wsch-1-1302x2048.jpg 1302w, http:\/\/lapidarium.fundacja-hereditas.pl\/wp-content\/uploads\/2023\/10\/Magdalena_Zaremba_Krakowskie_Przedmiescie_83_Elewacja_Wsch-1-150x236.jpg 150w, http:\/\/lapidarium.fundacja-hereditas.pl\/wp-content\/uploads\/2023\/10\/Magdalena_Zaremba_Krakowskie_Przedmiescie_83_Elewacja_Wsch-1-300x472.jpg 300w, http:\/\/lapidarium.fundacja-hereditas.pl\/wp-content\/uploads\/2023\/10\/Magdalena_Zaremba_Krakowskie_Przedmiescie_83_Elewacja_Wsch-1-696x1095.jpg 696w, http:\/\/lapidarium.fundacja-hereditas.pl\/wp-content\/uploads\/2023\/10\/Magdalena_Zaremba_Krakowskie_Przedmiescie_83_Elewacja_Wsch-1-1068x1680.jpg 1068w, http:\/\/lapidarium.fundacja-hereditas.pl\/wp-content\/uploads\/2023\/10\/Magdalena_Zaremba_Krakowskie_Przedmiescie_83_Elewacja_Wsch-1-1920x3019.jpg 1920w, http:\/\/lapidarium.fundacja-hereditas.pl\/wp-content\/uploads\/2023\/10\/Magdalena_Zaremba_Krakowskie_Przedmiescie_83_Elewacja_Wsch-1-scaled.jpg 1628w\" sizes=\"auto, (max-width: 651px) 100vw, 651px\" \/><\/a><figcaption class=\"wp-element-caption\">Elewacja frontowa &#8211; widok na zach\u00f3d. Fot. Magdalena Zaremba, 2023 r., \u017ar\u00f3d\u0142o: AOD IV.<\/figcaption><\/figure>\n\n\n\n<figure class=\"wp-block-image size-large\"><a href=\"http:\/\/lapidarium.fundacja-hereditas.pl\/wp-content\/uploads\/2023\/10\/A_Bakowska_Krakowskie_Przedmiescie_83_elewacja_frontowa_parter_okno-scaled.jpg\"><img loading=\"lazy\" decoding=\"async\" width=\"773\" height=\"1024\" data-id=\"13829\" src=\"http:\/\/lapidarium.fundacja-hereditas.pl\/wp-content\/uploads\/2023\/10\/A_Bakowska_Krakowskie_Przedmiescie_83_elewacja_frontowa_parter_okno-773x1024.jpg\" alt=\"\" class=\"wp-image-13829\" srcset=\"http:\/\/lapidarium.fundacja-hereditas.pl\/wp-content\/uploads\/2023\/10\/A_Bakowska_Krakowskie_Przedmiescie_83_elewacja_frontowa_parter_okno-773x1024.jpg 773w, http:\/\/lapidarium.fundacja-hereditas.pl\/wp-content\/uploads\/2023\/10\/A_Bakowska_Krakowskie_Przedmiescie_83_elewacja_frontowa_parter_okno-227x300.jpg 227w, http:\/\/lapidarium.fundacja-hereditas.pl\/wp-content\/uploads\/2023\/10\/A_Bakowska_Krakowskie_Przedmiescie_83_elewacja_frontowa_parter_okno-768x1017.jpg 768w, http:\/\/lapidarium.fundacja-hereditas.pl\/wp-content\/uploads\/2023\/10\/A_Bakowska_Krakowskie_Przedmiescie_83_elewacja_frontowa_parter_okno-1160x1536.jpg 1160w, http:\/\/lapidarium.fundacja-hereditas.pl\/wp-content\/uploads\/2023\/10\/A_Bakowska_Krakowskie_Przedmiescie_83_elewacja_frontowa_parter_okno-1546x2048.jpg 1546w, http:\/\/lapidarium.fundacja-hereditas.pl\/wp-content\/uploads\/2023\/10\/A_Bakowska_Krakowskie_Przedmiescie_83_elewacja_frontowa_parter_okno-150x199.jpg 150w, http:\/\/lapidarium.fundacja-hereditas.pl\/wp-content\/uploads\/2023\/10\/A_Bakowska_Krakowskie_Przedmiescie_83_elewacja_frontowa_parter_okno-300x397.jpg 300w, http:\/\/lapidarium.fundacja-hereditas.pl\/wp-content\/uploads\/2023\/10\/A_Bakowska_Krakowskie_Przedmiescie_83_elewacja_frontowa_parter_okno-696x922.jpg 696w, http:\/\/lapidarium.fundacja-hereditas.pl\/wp-content\/uploads\/2023\/10\/A_Bakowska_Krakowskie_Przedmiescie_83_elewacja_frontowa_parter_okno-1068x1414.jpg 1068w, http:\/\/lapidarium.fundacja-hereditas.pl\/wp-content\/uploads\/2023\/10\/A_Bakowska_Krakowskie_Przedmiescie_83_elewacja_frontowa_parter_okno-1920x2543.jpg 1920w, http:\/\/lapidarium.fundacja-hereditas.pl\/wp-content\/uploads\/2023\/10\/A_Bakowska_Krakowskie_Przedmiescie_83_elewacja_frontowa_parter_okno-scaled.jpg 1933w\" sizes=\"auto, (max-width: 773px) 100vw, 773px\" \/><\/a><figcaption class=\"wp-element-caption\">Elewacja frontowa. Okno witryny sklepowej.  Fot. Aleksandra B\u0105kowska, 2023 r., \u017ar\u00f3d\u0142o: AOD IV.<\/figcaption><\/figure>\n\n\n\n<figure class=\"wp-block-image size-large\"><a href=\"http:\/\/lapidarium.fundacja-hereditas.pl\/wp-content\/uploads\/2023\/10\/Magdalena_Zaremba_Krakowskie_Przedmiescie_83_Kondygnacje_1_2_3-scaled.jpg\"><img loading=\"lazy\" decoding=\"async\" width=\"776\" height=\"1024\" data-id=\"13812\" src=\"http:\/\/lapidarium.fundacja-hereditas.pl\/wp-content\/uploads\/2023\/10\/Magdalena_Zaremba_Krakowskie_Przedmiescie_83_Kondygnacje_1_2_3-776x1024.jpg\" alt=\"\" class=\"wp-image-13812\" srcset=\"http:\/\/lapidarium.fundacja-hereditas.pl\/wp-content\/uploads\/2023\/10\/Magdalena_Zaremba_Krakowskie_Przedmiescie_83_Kondygnacje_1_2_3-776x1024.jpg 776w, http:\/\/lapidarium.fundacja-hereditas.pl\/wp-content\/uploads\/2023\/10\/Magdalena_Zaremba_Krakowskie_Przedmiescie_83_Kondygnacje_1_2_3-227x300.jpg 227w, http:\/\/lapidarium.fundacja-hereditas.pl\/wp-content\/uploads\/2023\/10\/Magdalena_Zaremba_Krakowskie_Przedmiescie_83_Kondygnacje_1_2_3-768x1013.jpg 768w, http:\/\/lapidarium.fundacja-hereditas.pl\/wp-content\/uploads\/2023\/10\/Magdalena_Zaremba_Krakowskie_Przedmiescie_83_Kondygnacje_1_2_3-1165x1536.jpg 1165w, http:\/\/lapidarium.fundacja-hereditas.pl\/wp-content\/uploads\/2023\/10\/Magdalena_Zaremba_Krakowskie_Przedmiescie_83_Kondygnacje_1_2_3-1553x2048.jpg 1553w, http:\/\/lapidarium.fundacja-hereditas.pl\/wp-content\/uploads\/2023\/10\/Magdalena_Zaremba_Krakowskie_Przedmiescie_83_Kondygnacje_1_2_3-150x198.jpg 150w, http:\/\/lapidarium.fundacja-hereditas.pl\/wp-content\/uploads\/2023\/10\/Magdalena_Zaremba_Krakowskie_Przedmiescie_83_Kondygnacje_1_2_3-300x396.jpg 300w, http:\/\/lapidarium.fundacja-hereditas.pl\/wp-content\/uploads\/2023\/10\/Magdalena_Zaremba_Krakowskie_Przedmiescie_83_Kondygnacje_1_2_3-696x918.jpg 696w, http:\/\/lapidarium.fundacja-hereditas.pl\/wp-content\/uploads\/2023\/10\/Magdalena_Zaremba_Krakowskie_Przedmiescie_83_Kondygnacje_1_2_3-1068x1409.jpg 1068w, http:\/\/lapidarium.fundacja-hereditas.pl\/wp-content\/uploads\/2023\/10\/Magdalena_Zaremba_Krakowskie_Przedmiescie_83_Kondygnacje_1_2_3-1920x2533.jpg 1920w, http:\/\/lapidarium.fundacja-hereditas.pl\/wp-content\/uploads\/2023\/10\/Magdalena_Zaremba_Krakowskie_Przedmiescie_83_Kondygnacje_1_2_3-scaled.jpg 1941w\" sizes=\"auto, (max-width: 776px) 100vw, 776px\" \/><\/a><figcaption class=\"wp-element-caption\">Elewacja frontowa. Widok og\u00f3lny partii powy\u017cej parteru. Fot. Magdalena Zaremba, 2023 r., \u017ar\u00f3d\u0142o: AOD IV.<\/figcaption><\/figure>\n\n\n\n<figure class=\"wp-block-image size-large\"><a href=\"http:\/\/lapidarium.fundacja-hereditas.pl\/wp-content\/uploads\/2023\/10\/Magdalena_Zaremba_Krakowskie_Przedmiescie_83_Otwory_Okienne_Opaski-scaled.jpg\"><img loading=\"lazy\" decoding=\"async\" width=\"674\" height=\"1024\" data-id=\"13813\" src=\"http:\/\/lapidarium.fundacja-hereditas.pl\/wp-content\/uploads\/2023\/10\/Magdalena_Zaremba_Krakowskie_Przedmiescie_83_Otwory_Okienne_Opaski-674x1024.jpg\" alt=\"\" class=\"wp-image-13813\" srcset=\"http:\/\/lapidarium.fundacja-hereditas.pl\/wp-content\/uploads\/2023\/10\/Magdalena_Zaremba_Krakowskie_Przedmiescie_83_Otwory_Okienne_Opaski-674x1024.jpg 674w, http:\/\/lapidarium.fundacja-hereditas.pl\/wp-content\/uploads\/2023\/10\/Magdalena_Zaremba_Krakowskie_Przedmiescie_83_Otwory_Okienne_Opaski-198x300.jpg 198w, http:\/\/lapidarium.fundacja-hereditas.pl\/wp-content\/uploads\/2023\/10\/Magdalena_Zaremba_Krakowskie_Przedmiescie_83_Otwory_Okienne_Opaski-768x1166.jpg 768w, http:\/\/lapidarium.fundacja-hereditas.pl\/wp-content\/uploads\/2023\/10\/Magdalena_Zaremba_Krakowskie_Przedmiescie_83_Otwory_Okienne_Opaski-1011x1536.jpg 1011w, http:\/\/lapidarium.fundacja-hereditas.pl\/wp-content\/uploads\/2023\/10\/Magdalena_Zaremba_Krakowskie_Przedmiescie_83_Otwory_Okienne_Opaski-1349x2048.jpg 1349w, http:\/\/lapidarium.fundacja-hereditas.pl\/wp-content\/uploads\/2023\/10\/Magdalena_Zaremba_Krakowskie_Przedmiescie_83_Otwory_Okienne_Opaski-150x228.jpg 150w, http:\/\/lapidarium.fundacja-hereditas.pl\/wp-content\/uploads\/2023\/10\/Magdalena_Zaremba_Krakowskie_Przedmiescie_83_Otwory_Okienne_Opaski-300x456.jpg 300w, http:\/\/lapidarium.fundacja-hereditas.pl\/wp-content\/uploads\/2023\/10\/Magdalena_Zaremba_Krakowskie_Przedmiescie_83_Otwory_Okienne_Opaski-696x1057.jpg 696w, http:\/\/lapidarium.fundacja-hereditas.pl\/wp-content\/uploads\/2023\/10\/Magdalena_Zaremba_Krakowskie_Przedmiescie_83_Otwory_Okienne_Opaski-1068x1622.jpg 1068w, http:\/\/lapidarium.fundacja-hereditas.pl\/wp-content\/uploads\/2023\/10\/Magdalena_Zaremba_Krakowskie_Przedmiescie_83_Otwory_Okienne_Opaski-1920x2916.jpg 1920w, http:\/\/lapidarium.fundacja-hereditas.pl\/wp-content\/uploads\/2023\/10\/Magdalena_Zaremba_Krakowskie_Przedmiescie_83_Otwory_Okienne_Opaski-scaled.jpg 1686w\" sizes=\"auto, (max-width: 674px) 100vw, 674px\" \/><\/a><figcaption class=\"wp-element-caption\">Elewacja frontowa. Dwie po\u0142udniowe osie. Pi\u0119tra I i II. Fot. Magdalena Zaremba, 2023 r., \u017ar\u00f3d\u0142o: AOD IV.<\/figcaption><\/figure>\n\n\n\n<figure class=\"wp-block-image size-large\"><a href=\"http:\/\/lapidarium.fundacja-hereditas.pl\/wp-content\/uploads\/2023\/10\/A_Bakowska_Krakowskie_Przedmiescie_83_elewacja_frontowa_pierwsze_pietro_okno-scaled.jpg\"><img loading=\"lazy\" decoding=\"async\" width=\"685\" height=\"1024\" data-id=\"13797\" src=\"http:\/\/lapidarium.fundacja-hereditas.pl\/wp-content\/uploads\/2023\/10\/A_Bakowska_Krakowskie_Przedmiescie_83_elewacja_frontowa_pierwsze_pietro_okno-685x1024.jpg\" alt=\"\" class=\"wp-image-13797\" srcset=\"http:\/\/lapidarium.fundacja-hereditas.pl\/wp-content\/uploads\/2023\/10\/A_Bakowska_Krakowskie_Przedmiescie_83_elewacja_frontowa_pierwsze_pietro_okno-685x1024.jpg 685w, http:\/\/lapidarium.fundacja-hereditas.pl\/wp-content\/uploads\/2023\/10\/A_Bakowska_Krakowskie_Przedmiescie_83_elewacja_frontowa_pierwsze_pietro_okno-201x300.jpg 201w, http:\/\/lapidarium.fundacja-hereditas.pl\/wp-content\/uploads\/2023\/10\/A_Bakowska_Krakowskie_Przedmiescie_83_elewacja_frontowa_pierwsze_pietro_okno-768x1149.jpg 768w, http:\/\/lapidarium.fundacja-hereditas.pl\/wp-content\/uploads\/2023\/10\/A_Bakowska_Krakowskie_Przedmiescie_83_elewacja_frontowa_pierwsze_pietro_okno-1027x1536.jpg 1027w, http:\/\/lapidarium.fundacja-hereditas.pl\/wp-content\/uploads\/2023\/10\/A_Bakowska_Krakowskie_Przedmiescie_83_elewacja_frontowa_pierwsze_pietro_okno-1369x2048.jpg 1369w, http:\/\/lapidarium.fundacja-hereditas.pl\/wp-content\/uploads\/2023\/10\/A_Bakowska_Krakowskie_Przedmiescie_83_elewacja_frontowa_pierwsze_pietro_okno-150x224.jpg 150w, http:\/\/lapidarium.fundacja-hereditas.pl\/wp-content\/uploads\/2023\/10\/A_Bakowska_Krakowskie_Przedmiescie_83_elewacja_frontowa_pierwsze_pietro_okno-300x449.jpg 300w, http:\/\/lapidarium.fundacja-hereditas.pl\/wp-content\/uploads\/2023\/10\/A_Bakowska_Krakowskie_Przedmiescie_83_elewacja_frontowa_pierwsze_pietro_okno-696x1041.jpg 696w, http:\/\/lapidarium.fundacja-hereditas.pl\/wp-content\/uploads\/2023\/10\/A_Bakowska_Krakowskie_Przedmiescie_83_elewacja_frontowa_pierwsze_pietro_okno-1068x1598.jpg 1068w, http:\/\/lapidarium.fundacja-hereditas.pl\/wp-content\/uploads\/2023\/10\/A_Bakowska_Krakowskie_Przedmiescie_83_elewacja_frontowa_pierwsze_pietro_okno-1920x2872.jpg 1920w, http:\/\/lapidarium.fundacja-hereditas.pl\/wp-content\/uploads\/2023\/10\/A_Bakowska_Krakowskie_Przedmiescie_83_elewacja_frontowa_pierwsze_pietro_okno-scaled.jpg 1711w\" sizes=\"auto, (max-width: 685px) 100vw, 685px\" \/><\/a><figcaption class=\"wp-element-caption\">Elewacja frontowa. Okno I pi\u0119tra. Druga o\u015b licz\u0105c od po\u0142udnia. Fot. Aleksandra B\u0105kowska, 2023 r., \u017ar\u00f3d\u0142o: AOD IV.<\/figcaption><\/figure>\n\n\n\n<figure class=\"wp-block-image size-large\"><a href=\"http:\/\/lapidarium.fundacja-hereditas.pl\/wp-content\/uploads\/2023\/10\/Magdalena_Zaremba_Krakowskie_Przedmiescie_83_Elewacja_Otwor_Okienny_z_Kratownica-scaled.jpg\"><img loading=\"lazy\" decoding=\"async\" width=\"827\" height=\"1024\" data-id=\"13810\" src=\"http:\/\/lapidarium.fundacja-hereditas.pl\/wp-content\/uploads\/2023\/10\/Magdalena_Zaremba_Krakowskie_Przedmiescie_83_Elewacja_Otwor_Okienny_z_Kratownica-827x1024.jpg\" alt=\"\" class=\"wp-image-13810\" srcset=\"http:\/\/lapidarium.fundacja-hereditas.pl\/wp-content\/uploads\/2023\/10\/Magdalena_Zaremba_Krakowskie_Przedmiescie_83_Elewacja_Otwor_Okienny_z_Kratownica-827x1024.jpg 827w, http:\/\/lapidarium.fundacja-hereditas.pl\/wp-content\/uploads\/2023\/10\/Magdalena_Zaremba_Krakowskie_Przedmiescie_83_Elewacja_Otwor_Okienny_z_Kratownica-242x300.jpg 242w, http:\/\/lapidarium.fundacja-hereditas.pl\/wp-content\/uploads\/2023\/10\/Magdalena_Zaremba_Krakowskie_Przedmiescie_83_Elewacja_Otwor_Okienny_z_Kratownica-768x951.jpg 768w, http:\/\/lapidarium.fundacja-hereditas.pl\/wp-content\/uploads\/2023\/10\/Magdalena_Zaremba_Krakowskie_Przedmiescie_83_Elewacja_Otwor_Okienny_z_Kratownica-1240x1536.jpg 1240w, http:\/\/lapidarium.fundacja-hereditas.pl\/wp-content\/uploads\/2023\/10\/Magdalena_Zaremba_Krakowskie_Przedmiescie_83_Elewacja_Otwor_Okienny_z_Kratownica-1654x2048.jpg 1654w, http:\/\/lapidarium.fundacja-hereditas.pl\/wp-content\/uploads\/2023\/10\/Magdalena_Zaremba_Krakowskie_Przedmiescie_83_Elewacja_Otwor_Okienny_z_Kratownica-150x186.jpg 150w, http:\/\/lapidarium.fundacja-hereditas.pl\/wp-content\/uploads\/2023\/10\/Magdalena_Zaremba_Krakowskie_Przedmiescie_83_Elewacja_Otwor_Okienny_z_Kratownica-300x372.jpg 300w, http:\/\/lapidarium.fundacja-hereditas.pl\/wp-content\/uploads\/2023\/10\/Magdalena_Zaremba_Krakowskie_Przedmiescie_83_Elewacja_Otwor_Okienny_z_Kratownica-324x400.jpg 324w, http:\/\/lapidarium.fundacja-hereditas.pl\/wp-content\/uploads\/2023\/10\/Magdalena_Zaremba_Krakowskie_Przedmiescie_83_Elewacja_Otwor_Okienny_z_Kratownica-696x862.jpg 696w, http:\/\/lapidarium.fundacja-hereditas.pl\/wp-content\/uploads\/2023\/10\/Magdalena_Zaremba_Krakowskie_Przedmiescie_83_Elewacja_Otwor_Okienny_z_Kratownica-1068x1323.jpg 1068w, http:\/\/lapidarium.fundacja-hereditas.pl\/wp-content\/uploads\/2023\/10\/Magdalena_Zaremba_Krakowskie_Przedmiescie_83_Elewacja_Otwor_Okienny_z_Kratownica-1920x2378.jpg 1920w\" sizes=\"auto, (max-width: 827px) 100vw, 827px\" \/><\/a><figcaption class=\"wp-element-caption\">Elewacja frontowa. Okno parteru przy drzwiach do sieni (g\u0142\u00f3wnych). Fot. Magdalena Zaremba, 2023 r., \u017ar\u00f3d\u0142o: AOD IV.<\/figcaption><\/figure>\n\n\n\n<figure class=\"wp-block-image size-large\"><a href=\"http:\/\/lapidarium.fundacja-hereditas.pl\/wp-content\/uploads\/2023\/10\/A_Bakowska_Krakowskie_Przedmiescie_83_elewacja_frontowa_kamienny_luk_nadswietle_drzwi_wejsciowwych-1-scaled.jpg\"><img loading=\"lazy\" decoding=\"async\" width=\"1024\" height=\"684\" data-id=\"13831\" src=\"http:\/\/lapidarium.fundacja-hereditas.pl\/wp-content\/uploads\/2023\/10\/A_Bakowska_Krakowskie_Przedmiescie_83_elewacja_frontowa_kamienny_luk_nadswietle_drzwi_wejsciowwych-1-1024x684.jpg\" alt=\"\" class=\"wp-image-13831\" srcset=\"http:\/\/lapidarium.fundacja-hereditas.pl\/wp-content\/uploads\/2023\/10\/A_Bakowska_Krakowskie_Przedmiescie_83_elewacja_frontowa_kamienny_luk_nadswietle_drzwi_wejsciowwych-1-1024x684.jpg 1024w, http:\/\/lapidarium.fundacja-hereditas.pl\/wp-content\/uploads\/2023\/10\/A_Bakowska_Krakowskie_Przedmiescie_83_elewacja_frontowa_kamienny_luk_nadswietle_drzwi_wejsciowwych-1-300x200.jpg 300w, http:\/\/lapidarium.fundacja-hereditas.pl\/wp-content\/uploads\/2023\/10\/A_Bakowska_Krakowskie_Przedmiescie_83_elewacja_frontowa_kamienny_luk_nadswietle_drzwi_wejsciowwych-1-768x513.jpg 768w, http:\/\/lapidarium.fundacja-hereditas.pl\/wp-content\/uploads\/2023\/10\/A_Bakowska_Krakowskie_Przedmiescie_83_elewacja_frontowa_kamienny_luk_nadswietle_drzwi_wejsciowwych-1-1536x1026.jpg 1536w, http:\/\/lapidarium.fundacja-hereditas.pl\/wp-content\/uploads\/2023\/10\/A_Bakowska_Krakowskie_Przedmiescie_83_elewacja_frontowa_kamienny_luk_nadswietle_drzwi_wejsciowwych-1-2048x1368.jpg 2048w, http:\/\/lapidarium.fundacja-hereditas.pl\/wp-content\/uploads\/2023\/10\/A_Bakowska_Krakowskie_Przedmiescie_83_elewacja_frontowa_kamienny_luk_nadswietle_drzwi_wejsciowwych-1-150x100.jpg 150w, http:\/\/lapidarium.fundacja-hereditas.pl\/wp-content\/uploads\/2023\/10\/A_Bakowska_Krakowskie_Przedmiescie_83_elewacja_frontowa_kamienny_luk_nadswietle_drzwi_wejsciowwych-1-696x465.jpg 696w, http:\/\/lapidarium.fundacja-hereditas.pl\/wp-content\/uploads\/2023\/10\/A_Bakowska_Krakowskie_Przedmiescie_83_elewacja_frontowa_kamienny_luk_nadswietle_drzwi_wejsciowwych-1-1068x713.jpg 1068w, http:\/\/lapidarium.fundacja-hereditas.pl\/wp-content\/uploads\/2023\/10\/A_Bakowska_Krakowskie_Przedmiescie_83_elewacja_frontowa_kamienny_luk_nadswietle_drzwi_wejsciowwych-1-1920x1282.jpg 1920w\" sizes=\"auto, (max-width: 1024px) 100vw, 1024px\" \/><\/a><figcaption class=\"wp-element-caption\">Nad\u015bwietle nad g\u0142\u00f3wnym wej\u015bciem do budynku. Widok od strony ulicy. Fot. Aleksandra B\u0105kowska, 2023 r., \u017ar\u00f3d\u0142o: AOD IV.<\/figcaption><\/figure>\n\n\n\n<figure class=\"wp-block-image size-large\"><a href=\"http:\/\/lapidarium.fundacja-hereditas.pl\/wp-content\/uploads\/2023\/10\/A_Bakowska_Krakowskie_Przedmiescie_83_elewacja_frontowa_drzwi_wejsciowe-scaled.jpg\"><img loading=\"lazy\" decoding=\"async\" width=\"667\" height=\"1024\" data-id=\"13827\" src=\"http:\/\/lapidarium.fundacja-hereditas.pl\/wp-content\/uploads\/2023\/10\/A_Bakowska_Krakowskie_Przedmiescie_83_elewacja_frontowa_drzwi_wejsciowe-667x1024.jpg\" alt=\"\" class=\"wp-image-13827\" srcset=\"http:\/\/lapidarium.fundacja-hereditas.pl\/wp-content\/uploads\/2023\/10\/A_Bakowska_Krakowskie_Przedmiescie_83_elewacja_frontowa_drzwi_wejsciowe-667x1024.jpg 667w, http:\/\/lapidarium.fundacja-hereditas.pl\/wp-content\/uploads\/2023\/10\/A_Bakowska_Krakowskie_Przedmiescie_83_elewacja_frontowa_drzwi_wejsciowe-196x300.jpg 196w, http:\/\/lapidarium.fundacja-hereditas.pl\/wp-content\/uploads\/2023\/10\/A_Bakowska_Krakowskie_Przedmiescie_83_elewacja_frontowa_drzwi_wejsciowe-768x1178.jpg 768w, http:\/\/lapidarium.fundacja-hereditas.pl\/wp-content\/uploads\/2023\/10\/A_Bakowska_Krakowskie_Przedmiescie_83_elewacja_frontowa_drzwi_wejsciowe-1001x1536.jpg 1001w, http:\/\/lapidarium.fundacja-hereditas.pl\/wp-content\/uploads\/2023\/10\/A_Bakowska_Krakowskie_Przedmiescie_83_elewacja_frontowa_drzwi_wejsciowe-1335x2048.jpg 1335w, http:\/\/lapidarium.fundacja-hereditas.pl\/wp-content\/uploads\/2023\/10\/A_Bakowska_Krakowskie_Przedmiescie_83_elewacja_frontowa_drzwi_wejsciowe-150x230.jpg 150w, http:\/\/lapidarium.fundacja-hereditas.pl\/wp-content\/uploads\/2023\/10\/A_Bakowska_Krakowskie_Przedmiescie_83_elewacja_frontowa_drzwi_wejsciowe-300x460.jpg 300w, http:\/\/lapidarium.fundacja-hereditas.pl\/wp-content\/uploads\/2023\/10\/A_Bakowska_Krakowskie_Przedmiescie_83_elewacja_frontowa_drzwi_wejsciowe-696x1068.jpg 696w, http:\/\/lapidarium.fundacja-hereditas.pl\/wp-content\/uploads\/2023\/10\/A_Bakowska_Krakowskie_Przedmiescie_83_elewacja_frontowa_drzwi_wejsciowe-1068x1638.jpg 1068w, http:\/\/lapidarium.fundacja-hereditas.pl\/wp-content\/uploads\/2023\/10\/A_Bakowska_Krakowskie_Przedmiescie_83_elewacja_frontowa_drzwi_wejsciowe-1920x2946.jpg 1920w, http:\/\/lapidarium.fundacja-hereditas.pl\/wp-content\/uploads\/2023\/10\/A_Bakowska_Krakowskie_Przedmiescie_83_elewacja_frontowa_drzwi_wejsciowe-scaled.jpg 1669w\" sizes=\"auto, (max-width: 667px) 100vw, 667px\" \/><\/a><figcaption class=\"wp-element-caption\">Portal g\u0142\u00f3wnego wej\u015bcia do budynku od strony ulicy. Fot. Aleksandra B\u0105kowska, 2023 r., \u017ar\u00f3d\u0142o: AOD IV.<\/figcaption><\/figure>\n\n\n\n<figure class=\"wp-block-image size-large\"><a href=\"http:\/\/lapidarium.fundacja-hereditas.pl\/wp-content\/uploads\/2023\/10\/A_Bakowska_Krakowskie_Przedmiescie_83_elewacja_frontowa_boniowanie_przy_drzwiach_wejsciowych-scaled.jpg\"><img loading=\"lazy\" decoding=\"async\" width=\"669\" height=\"1024\" data-id=\"13792\" src=\"http:\/\/lapidarium.fundacja-hereditas.pl\/wp-content\/uploads\/2023\/10\/A_Bakowska_Krakowskie_Przedmiescie_83_elewacja_frontowa_boniowanie_przy_drzwiach_wejsciowych-669x1024.jpg\" alt=\"\" class=\"wp-image-13792\" srcset=\"http:\/\/lapidarium.fundacja-hereditas.pl\/wp-content\/uploads\/2023\/10\/A_Bakowska_Krakowskie_Przedmiescie_83_elewacja_frontowa_boniowanie_przy_drzwiach_wejsciowych-669x1024.jpg 669w, http:\/\/lapidarium.fundacja-hereditas.pl\/wp-content\/uploads\/2023\/10\/A_Bakowska_Krakowskie_Przedmiescie_83_elewacja_frontowa_boniowanie_przy_drzwiach_wejsciowych-196x300.jpg 196w, http:\/\/lapidarium.fundacja-hereditas.pl\/wp-content\/uploads\/2023\/10\/A_Bakowska_Krakowskie_Przedmiescie_83_elewacja_frontowa_boniowanie_przy_drzwiach_wejsciowych-768x1175.jpg 768w, http:\/\/lapidarium.fundacja-hereditas.pl\/wp-content\/uploads\/2023\/10\/A_Bakowska_Krakowskie_Przedmiescie_83_elewacja_frontowa_boniowanie_przy_drzwiach_wejsciowych-1004x1536.jpg 1004w, http:\/\/lapidarium.fundacja-hereditas.pl\/wp-content\/uploads\/2023\/10\/A_Bakowska_Krakowskie_Przedmiescie_83_elewacja_frontowa_boniowanie_przy_drzwiach_wejsciowych-1338x2048.jpg 1338w, http:\/\/lapidarium.fundacja-hereditas.pl\/wp-content\/uploads\/2023\/10\/A_Bakowska_Krakowskie_Przedmiescie_83_elewacja_frontowa_boniowanie_przy_drzwiach_wejsciowych-150x230.jpg 150w, http:\/\/lapidarium.fundacja-hereditas.pl\/wp-content\/uploads\/2023\/10\/A_Bakowska_Krakowskie_Przedmiescie_83_elewacja_frontowa_boniowanie_przy_drzwiach_wejsciowych-300x459.jpg 300w, http:\/\/lapidarium.fundacja-hereditas.pl\/wp-content\/uploads\/2023\/10\/A_Bakowska_Krakowskie_Przedmiescie_83_elewacja_frontowa_boniowanie_przy_drzwiach_wejsciowych-696x1065.jpg 696w, http:\/\/lapidarium.fundacja-hereditas.pl\/wp-content\/uploads\/2023\/10\/A_Bakowska_Krakowskie_Przedmiescie_83_elewacja_frontowa_boniowanie_przy_drzwiach_wejsciowych-1068x1635.jpg 1068w, http:\/\/lapidarium.fundacja-hereditas.pl\/wp-content\/uploads\/2023\/10\/A_Bakowska_Krakowskie_Przedmiescie_83_elewacja_frontowa_boniowanie_przy_drzwiach_wejsciowych-1920x2939.jpg 1920w, http:\/\/lapidarium.fundacja-hereditas.pl\/wp-content\/uploads\/2023\/10\/A_Bakowska_Krakowskie_Przedmiescie_83_elewacja_frontowa_boniowanie_przy_drzwiach_wejsciowych-scaled.jpg 1673w\" sizes=\"auto, (max-width: 669px) 100vw, 669px\" \/><\/a><figcaption class=\"wp-element-caption\">Boniowanie portalu wej\u015bcia g\u0142\u00f3wnego. Fot. Aleksandra B\u0105kowska, 2023 r., \u017ar\u00f3d\u0142o: AOD IV.<\/figcaption><\/figure>\n\n\n\n<figure class=\"wp-block-image size-large\"><a href=\"http:\/\/lapidarium.fundacja-hereditas.pl\/wp-content\/uploads\/2023\/10\/Magdalena_Zaremba_Krakowskie_Przedmiescie_83_Portal_Drzwi_Glowne_Awers_Detal_1-scaled.jpg\"><img loading=\"lazy\" decoding=\"async\" width=\"778\" height=\"1024\" data-id=\"13818\" src=\"http:\/\/lapidarium.fundacja-hereditas.pl\/wp-content\/uploads\/2023\/10\/Magdalena_Zaremba_Krakowskie_Przedmiescie_83_Portal_Drzwi_Glowne_Awers_Detal_1-778x1024.jpg\" alt=\"\" class=\"wp-image-13818\" srcset=\"http:\/\/lapidarium.fundacja-hereditas.pl\/wp-content\/uploads\/2023\/10\/Magdalena_Zaremba_Krakowskie_Przedmiescie_83_Portal_Drzwi_Glowne_Awers_Detal_1-778x1024.jpg 778w, http:\/\/lapidarium.fundacja-hereditas.pl\/wp-content\/uploads\/2023\/10\/Magdalena_Zaremba_Krakowskie_Przedmiescie_83_Portal_Drzwi_Glowne_Awers_Detal_1-228x300.jpg 228w, http:\/\/lapidarium.fundacja-hereditas.pl\/wp-content\/uploads\/2023\/10\/Magdalena_Zaremba_Krakowskie_Przedmiescie_83_Portal_Drzwi_Glowne_Awers_Detal_1-768x1010.jpg 768w, http:\/\/lapidarium.fundacja-hereditas.pl\/wp-content\/uploads\/2023\/10\/Magdalena_Zaremba_Krakowskie_Przedmiescie_83_Portal_Drzwi_Glowne_Awers_Detal_1-1167x1536.jpg 1167w, http:\/\/lapidarium.fundacja-hereditas.pl\/wp-content\/uploads\/2023\/10\/Magdalena_Zaremba_Krakowskie_Przedmiescie_83_Portal_Drzwi_Glowne_Awers_Detal_1-1557x2048.jpg 1557w, http:\/\/lapidarium.fundacja-hereditas.pl\/wp-content\/uploads\/2023\/10\/Magdalena_Zaremba_Krakowskie_Przedmiescie_83_Portal_Drzwi_Glowne_Awers_Detal_1-150x197.jpg 150w, http:\/\/lapidarium.fundacja-hereditas.pl\/wp-content\/uploads\/2023\/10\/Magdalena_Zaremba_Krakowskie_Przedmiescie_83_Portal_Drzwi_Glowne_Awers_Detal_1-300x395.jpg 300w, http:\/\/lapidarium.fundacja-hereditas.pl\/wp-content\/uploads\/2023\/10\/Magdalena_Zaremba_Krakowskie_Przedmiescie_83_Portal_Drzwi_Glowne_Awers_Detal_1-696x916.jpg 696w, http:\/\/lapidarium.fundacja-hereditas.pl\/wp-content\/uploads\/2023\/10\/Magdalena_Zaremba_Krakowskie_Przedmiescie_83_Portal_Drzwi_Glowne_Awers_Detal_1-1068x1405.jpg 1068w, http:\/\/lapidarium.fundacja-hereditas.pl\/wp-content\/uploads\/2023\/10\/Magdalena_Zaremba_Krakowskie_Przedmiescie_83_Portal_Drzwi_Glowne_Awers_Detal_1-1920x2526.jpg 1920w, http:\/\/lapidarium.fundacja-hereditas.pl\/wp-content\/uploads\/2023\/10\/Magdalena_Zaremba_Krakowskie_Przedmiescie_83_Portal_Drzwi_Glowne_Awers_Detal_1-scaled.jpg 1946w\" sizes=\"auto, (max-width: 778px) 100vw, 778px\" \/><\/a><figcaption class=\"wp-element-caption\">Ko\u0142atka u drzwi wej\u015bciowych (g\u0142\u00f3wnych). Fot. Magdalena Zaremba, 2023 r., \u017ar\u00f3d\u0142o: AOD IV.<\/figcaption><\/figure>\n\n\n\n<figure class=\"wp-block-image size-large\"><a href=\"http:\/\/lapidarium.fundacja-hereditas.pl\/wp-content\/uploads\/2023\/10\/Magdalena_Zaremba_Krakowskie_Przedmiescie_83_Portal_Drzwi_Glowne_Awers_Detal_2-scaled.jpg\"><img loading=\"lazy\" decoding=\"async\" width=\"817\" height=\"1024\" data-id=\"13819\" src=\"http:\/\/lapidarium.fundacja-hereditas.pl\/wp-content\/uploads\/2023\/10\/Magdalena_Zaremba_Krakowskie_Przedmiescie_83_Portal_Drzwi_Glowne_Awers_Detal_2-817x1024.jpg\" alt=\"\" class=\"wp-image-13819\" srcset=\"http:\/\/lapidarium.fundacja-hereditas.pl\/wp-content\/uploads\/2023\/10\/Magdalena_Zaremba_Krakowskie_Przedmiescie_83_Portal_Drzwi_Glowne_Awers_Detal_2-817x1024.jpg 817w, http:\/\/lapidarium.fundacja-hereditas.pl\/wp-content\/uploads\/2023\/10\/Magdalena_Zaremba_Krakowskie_Przedmiescie_83_Portal_Drzwi_Glowne_Awers_Detal_2-239x300.jpg 239w, http:\/\/lapidarium.fundacja-hereditas.pl\/wp-content\/uploads\/2023\/10\/Magdalena_Zaremba_Krakowskie_Przedmiescie_83_Portal_Drzwi_Glowne_Awers_Detal_2-768x962.jpg 768w, http:\/\/lapidarium.fundacja-hereditas.pl\/wp-content\/uploads\/2023\/10\/Magdalena_Zaremba_Krakowskie_Przedmiescie_83_Portal_Drzwi_Glowne_Awers_Detal_2-1226x1536.jpg 1226w, http:\/\/lapidarium.fundacja-hereditas.pl\/wp-content\/uploads\/2023\/10\/Magdalena_Zaremba_Krakowskie_Przedmiescie_83_Portal_Drzwi_Glowne_Awers_Detal_2-1635x2048.jpg 1635w, http:\/\/lapidarium.fundacja-hereditas.pl\/wp-content\/uploads\/2023\/10\/Magdalena_Zaremba_Krakowskie_Przedmiescie_83_Portal_Drzwi_Glowne_Awers_Detal_2-150x188.jpg 150w, http:\/\/lapidarium.fundacja-hereditas.pl\/wp-content\/uploads\/2023\/10\/Magdalena_Zaremba_Krakowskie_Przedmiescie_83_Portal_Drzwi_Glowne_Awers_Detal_2-300x376.jpg 300w, http:\/\/lapidarium.fundacja-hereditas.pl\/wp-content\/uploads\/2023\/10\/Magdalena_Zaremba_Krakowskie_Przedmiescie_83_Portal_Drzwi_Glowne_Awers_Detal_2-696x872.jpg 696w, http:\/\/lapidarium.fundacja-hereditas.pl\/wp-content\/uploads\/2023\/10\/Magdalena_Zaremba_Krakowskie_Przedmiescie_83_Portal_Drzwi_Glowne_Awers_Detal_2-1068x1338.jpg 1068w, http:\/\/lapidarium.fundacja-hereditas.pl\/wp-content\/uploads\/2023\/10\/Magdalena_Zaremba_Krakowskie_Przedmiescie_83_Portal_Drzwi_Glowne_Awers_Detal_2-1920x2405.jpg 1920w, http:\/\/lapidarium.fundacja-hereditas.pl\/wp-content\/uploads\/2023\/10\/Magdalena_Zaremba_Krakowskie_Przedmiescie_83_Portal_Drzwi_Glowne_Awers_Detal_2-scaled.jpg 2044w\" sizes=\"auto, (max-width: 817px) 100vw, 817px\" \/><\/a><figcaption class=\"wp-element-caption\">Ko\u0142atka u drzwi wej\u015bciowych (g\u0142\u00f3wnych). Fot. Magdalena Zaremba, 2023 r., \u017ar\u00f3d\u0142o: AOD IV.<\/figcaption><\/figure>\n\n\n\n<figure class=\"wp-block-image size-large\"><a href=\"http:\/\/lapidarium.fundacja-hereditas.pl\/wp-content\/uploads\/2023\/10\/A_Bakowska_Krakowskie_Przedmiescie_83_elewacja_frontowa_drzwi_wejsciowe_klamka-scaled.jpg\"><img loading=\"lazy\" decoding=\"async\" width=\"659\" height=\"1024\" data-id=\"13794\" src=\"http:\/\/lapidarium.fundacja-hereditas.pl\/wp-content\/uploads\/2023\/10\/A_Bakowska_Krakowskie_Przedmiescie_83_elewacja_frontowa_drzwi_wejsciowe_klamka-659x1024.jpg\" alt=\"\" class=\"wp-image-13794\" srcset=\"http:\/\/lapidarium.fundacja-hereditas.pl\/wp-content\/uploads\/2023\/10\/A_Bakowska_Krakowskie_Przedmiescie_83_elewacja_frontowa_drzwi_wejsciowe_klamka-659x1024.jpg 659w, http:\/\/lapidarium.fundacja-hereditas.pl\/wp-content\/uploads\/2023\/10\/A_Bakowska_Krakowskie_Przedmiescie_83_elewacja_frontowa_drzwi_wejsciowe_klamka-193x300.jpg 193w, http:\/\/lapidarium.fundacja-hereditas.pl\/wp-content\/uploads\/2023\/10\/A_Bakowska_Krakowskie_Przedmiescie_83_elewacja_frontowa_drzwi_wejsciowe_klamka-768x1193.jpg 768w, http:\/\/lapidarium.fundacja-hereditas.pl\/wp-content\/uploads\/2023\/10\/A_Bakowska_Krakowskie_Przedmiescie_83_elewacja_frontowa_drzwi_wejsciowe_klamka-988x1536.jpg 988w, http:\/\/lapidarium.fundacja-hereditas.pl\/wp-content\/uploads\/2023\/10\/A_Bakowska_Krakowskie_Przedmiescie_83_elewacja_frontowa_drzwi_wejsciowe_klamka-1318x2048.jpg 1318w, http:\/\/lapidarium.fundacja-hereditas.pl\/wp-content\/uploads\/2023\/10\/A_Bakowska_Krakowskie_Przedmiescie_83_elewacja_frontowa_drzwi_wejsciowe_klamka-150x233.jpg 150w, http:\/\/lapidarium.fundacja-hereditas.pl\/wp-content\/uploads\/2023\/10\/A_Bakowska_Krakowskie_Przedmiescie_83_elewacja_frontowa_drzwi_wejsciowe_klamka-300x466.jpg 300w, http:\/\/lapidarium.fundacja-hereditas.pl\/wp-content\/uploads\/2023\/10\/A_Bakowska_Krakowskie_Przedmiescie_83_elewacja_frontowa_drzwi_wejsciowe_klamka-696x1081.jpg 696w, http:\/\/lapidarium.fundacja-hereditas.pl\/wp-content\/uploads\/2023\/10\/A_Bakowska_Krakowskie_Przedmiescie_83_elewacja_frontowa_drzwi_wejsciowe_klamka-1068x1660.jpg 1068w, http:\/\/lapidarium.fundacja-hereditas.pl\/wp-content\/uploads\/2023\/10\/A_Bakowska_Krakowskie_Przedmiescie_83_elewacja_frontowa_drzwi_wejsciowe_klamka-1920x2983.jpg 1920w, http:\/\/lapidarium.fundacja-hereditas.pl\/wp-content\/uploads\/2023\/10\/A_Bakowska_Krakowskie_Przedmiescie_83_elewacja_frontowa_drzwi_wejsciowe_klamka-scaled.jpg 1647w\" sizes=\"auto, (max-width: 659px) 100vw, 659px\" \/><\/a><figcaption class=\"wp-element-caption\">Elewacja frontowa &#8211; klamka drzwi g\u0142\u00f3wnych.  Fot. Aleksandra B\u0105kowska, 2023 r., \u017ar\u00f3d\u0142o: AOD IV.<\/figcaption><\/figure>\n\n\n\n<figure class=\"wp-block-image size-large\"><a href=\"http:\/\/lapidarium.fundacja-hereditas.pl\/wp-content\/uploads\/2023\/10\/Magdalena_Zaremba_Krakowskie_Przedmiescie_83_Portal_Drzwi_Glowne_Awers_Klamka-scaled-e1697850012179.jpg\"><img loading=\"lazy\" decoding=\"async\" width=\"1024\" height=\"755\" data-id=\"13820\" src=\"http:\/\/lapidarium.fundacja-hereditas.pl\/wp-content\/uploads\/2023\/10\/Magdalena_Zaremba_Krakowskie_Przedmiescie_83_Portal_Drzwi_Glowne_Awers_Klamka-scaled-e1697850012179-1024x755.jpg\" alt=\"\" class=\"wp-image-13820\" srcset=\"http:\/\/lapidarium.fundacja-hereditas.pl\/wp-content\/uploads\/2023\/10\/Magdalena_Zaremba_Krakowskie_Przedmiescie_83_Portal_Drzwi_Glowne_Awers_Klamka-scaled-e1697850012179-1024x755.jpg 1024w, http:\/\/lapidarium.fundacja-hereditas.pl\/wp-content\/uploads\/2023\/10\/Magdalena_Zaremba_Krakowskie_Przedmiescie_83_Portal_Drzwi_Glowne_Awers_Klamka-scaled-e1697850012179-300x221.jpg 300w, http:\/\/lapidarium.fundacja-hereditas.pl\/wp-content\/uploads\/2023\/10\/Magdalena_Zaremba_Krakowskie_Przedmiescie_83_Portal_Drzwi_Glowne_Awers_Klamka-scaled-e1697850012179-768x566.jpg 768w, http:\/\/lapidarium.fundacja-hereditas.pl\/wp-content\/uploads\/2023\/10\/Magdalena_Zaremba_Krakowskie_Przedmiescie_83_Portal_Drzwi_Glowne_Awers_Klamka-scaled-e1697850012179-1536x1132.jpg 1536w, http:\/\/lapidarium.fundacja-hereditas.pl\/wp-content\/uploads\/2023\/10\/Magdalena_Zaremba_Krakowskie_Przedmiescie_83_Portal_Drzwi_Glowne_Awers_Klamka-scaled-e1697850012179-2048x1510.jpg 2048w, http:\/\/lapidarium.fundacja-hereditas.pl\/wp-content\/uploads\/2023\/10\/Magdalena_Zaremba_Krakowskie_Przedmiescie_83_Portal_Drzwi_Glowne_Awers_Klamka-scaled-e1697850012179-150x111.jpg 150w, http:\/\/lapidarium.fundacja-hereditas.pl\/wp-content\/uploads\/2023\/10\/Magdalena_Zaremba_Krakowskie_Przedmiescie_83_Portal_Drzwi_Glowne_Awers_Klamka-scaled-e1697850012179-696x513.jpg 696w, http:\/\/lapidarium.fundacja-hereditas.pl\/wp-content\/uploads\/2023\/10\/Magdalena_Zaremba_Krakowskie_Przedmiescie_83_Portal_Drzwi_Glowne_Awers_Klamka-scaled-e1697850012179-1068x787.jpg 1068w, http:\/\/lapidarium.fundacja-hereditas.pl\/wp-content\/uploads\/2023\/10\/Magdalena_Zaremba_Krakowskie_Przedmiescie_83_Portal_Drzwi_Glowne_Awers_Klamka-scaled-e1697850012179-1920x1415.jpg 1920w\" sizes=\"auto, (max-width: 1024px) 100vw, 1024px\" \/><\/a><figcaption class=\"wp-element-caption\">Klamka do drzwi wej\u015bciowych (g\u0142\u00f3wnych). Fot. Magdalena Zaremba, 2023 r., \u017ar\u00f3d\u0142o: AOD IV.<\/figcaption><\/figure>\n\n\n\n<figure class=\"wp-block-image size-large\"><a href=\"http:\/\/lapidarium.fundacja-hereditas.pl\/wp-content\/uploads\/2023\/10\/Magdalena_Zaremba_Krakowskie_Przedmiescie_83_Portal_Drzwi_Glowne_Rewers-scaled.jpg\"><img loading=\"lazy\" decoding=\"async\" width=\"760\" height=\"1024\" data-id=\"13821\" src=\"http:\/\/lapidarium.fundacja-hereditas.pl\/wp-content\/uploads\/2023\/10\/Magdalena_Zaremba_Krakowskie_Przedmiescie_83_Portal_Drzwi_Glowne_Rewers-760x1024.jpg\" alt=\"\" class=\"wp-image-13821\" srcset=\"http:\/\/lapidarium.fundacja-hereditas.pl\/wp-content\/uploads\/2023\/10\/Magdalena_Zaremba_Krakowskie_Przedmiescie_83_Portal_Drzwi_Glowne_Rewers-760x1024.jpg 760w, http:\/\/lapidarium.fundacja-hereditas.pl\/wp-content\/uploads\/2023\/10\/Magdalena_Zaremba_Krakowskie_Przedmiescie_83_Portal_Drzwi_Glowne_Rewers-223x300.jpg 223w, http:\/\/lapidarium.fundacja-hereditas.pl\/wp-content\/uploads\/2023\/10\/Magdalena_Zaremba_Krakowskie_Przedmiescie_83_Portal_Drzwi_Glowne_Rewers-768x1035.jpg 768w, http:\/\/lapidarium.fundacja-hereditas.pl\/wp-content\/uploads\/2023\/10\/Magdalena_Zaremba_Krakowskie_Przedmiescie_83_Portal_Drzwi_Glowne_Rewers-1140x1536.jpg 1140w, http:\/\/lapidarium.fundacja-hereditas.pl\/wp-content\/uploads\/2023\/10\/Magdalena_Zaremba_Krakowskie_Przedmiescie_83_Portal_Drzwi_Glowne_Rewers-1520x2048.jpg 1520w, http:\/\/lapidarium.fundacja-hereditas.pl\/wp-content\/uploads\/2023\/10\/Magdalena_Zaremba_Krakowskie_Przedmiescie_83_Portal_Drzwi_Glowne_Rewers-150x202.jpg 150w, http:\/\/lapidarium.fundacja-hereditas.pl\/wp-content\/uploads\/2023\/10\/Magdalena_Zaremba_Krakowskie_Przedmiescie_83_Portal_Drzwi_Glowne_Rewers-300x404.jpg 300w, http:\/\/lapidarium.fundacja-hereditas.pl\/wp-content\/uploads\/2023\/10\/Magdalena_Zaremba_Krakowskie_Przedmiescie_83_Portal_Drzwi_Glowne_Rewers-696x938.jpg 696w, http:\/\/lapidarium.fundacja-hereditas.pl\/wp-content\/uploads\/2023\/10\/Magdalena_Zaremba_Krakowskie_Przedmiescie_83_Portal_Drzwi_Glowne_Rewers-1068x1439.jpg 1068w, http:\/\/lapidarium.fundacja-hereditas.pl\/wp-content\/uploads\/2023\/10\/Magdalena_Zaremba_Krakowskie_Przedmiescie_83_Portal_Drzwi_Glowne_Rewers-1920x2586.jpg 1920w, http:\/\/lapidarium.fundacja-hereditas.pl\/wp-content\/uploads\/2023\/10\/Magdalena_Zaremba_Krakowskie_Przedmiescie_83_Portal_Drzwi_Glowne_Rewers-scaled.jpg 1900w\" sizes=\"auto, (max-width: 760px) 100vw, 760px\" \/><\/a><figcaption class=\"wp-element-caption\">G\u0142\u00f3wne wej\u015bcie do budynku od strony ulicy. Widok z sieni na wsch\u00f3d. Fot. Magdalena Zaremba, 2023 r., \u017ar\u00f3d\u0142o: AOD IV.<\/figcaption><\/figure>\n\n\n\n<figure class=\"wp-block-image size-large\"><a href=\"http:\/\/lapidarium.fundacja-hereditas.pl\/wp-content\/uploads\/2023\/10\/A_Bakowska_Krakowskie_Przedmiescie_83_wnetrze_budynku_drzwi_na_klatke_schodowa-scaled.jpg\"><img loading=\"lazy\" decoding=\"async\" width=\"731\" height=\"1024\" data-id=\"13808\" src=\"http:\/\/lapidarium.fundacja-hereditas.pl\/wp-content\/uploads\/2023\/10\/A_Bakowska_Krakowskie_Przedmiescie_83_wnetrze_budynku_drzwi_na_klatke_schodowa-731x1024.jpg\" alt=\"\" class=\"wp-image-13808\" srcset=\"http:\/\/lapidarium.fundacja-hereditas.pl\/wp-content\/uploads\/2023\/10\/A_Bakowska_Krakowskie_Przedmiescie_83_wnetrze_budynku_drzwi_na_klatke_schodowa-731x1024.jpg 731w, http:\/\/lapidarium.fundacja-hereditas.pl\/wp-content\/uploads\/2023\/10\/A_Bakowska_Krakowskie_Przedmiescie_83_wnetrze_budynku_drzwi_na_klatke_schodowa-214x300.jpg 214w, http:\/\/lapidarium.fundacja-hereditas.pl\/wp-content\/uploads\/2023\/10\/A_Bakowska_Krakowskie_Przedmiescie_83_wnetrze_budynku_drzwi_na_klatke_schodowa-768x1076.jpg 768w, http:\/\/lapidarium.fundacja-hereditas.pl\/wp-content\/uploads\/2023\/10\/A_Bakowska_Krakowskie_Przedmiescie_83_wnetrze_budynku_drzwi_na_klatke_schodowa-1096x1536.jpg 1096w, http:\/\/lapidarium.fundacja-hereditas.pl\/wp-content\/uploads\/2023\/10\/A_Bakowska_Krakowskie_Przedmiescie_83_wnetrze_budynku_drzwi_na_klatke_schodowa-1461x2048.jpg 1461w, http:\/\/lapidarium.fundacja-hereditas.pl\/wp-content\/uploads\/2023\/10\/A_Bakowska_Krakowskie_Przedmiescie_83_wnetrze_budynku_drzwi_na_klatke_schodowa-150x210.jpg 150w, http:\/\/lapidarium.fundacja-hereditas.pl\/wp-content\/uploads\/2023\/10\/A_Bakowska_Krakowskie_Przedmiescie_83_wnetrze_budynku_drzwi_na_klatke_schodowa-300x420.jpg 300w, http:\/\/lapidarium.fundacja-hereditas.pl\/wp-content\/uploads\/2023\/10\/A_Bakowska_Krakowskie_Przedmiescie_83_wnetrze_budynku_drzwi_na_klatke_schodowa-696x976.jpg 696w, http:\/\/lapidarium.fundacja-hereditas.pl\/wp-content\/uploads\/2023\/10\/A_Bakowska_Krakowskie_Przedmiescie_83_wnetrze_budynku_drzwi_na_klatke_schodowa-1068x1497.jpg 1068w, http:\/\/lapidarium.fundacja-hereditas.pl\/wp-content\/uploads\/2023\/10\/A_Bakowska_Krakowskie_Przedmiescie_83_wnetrze_budynku_drzwi_na_klatke_schodowa-1920x2691.jpg 1920w, http:\/\/lapidarium.fundacja-hereditas.pl\/wp-content\/uploads\/2023\/10\/A_Bakowska_Krakowskie_Przedmiescie_83_wnetrze_budynku_drzwi_na_klatke_schodowa-scaled.jpg 1826w\" sizes=\"auto, (max-width: 731px) 100vw, 731px\" \/><\/a><figcaption class=\"wp-element-caption\">Drzwi wewn\u0119trzne w korytarzyku do sieni tworz\u0105ce wiatro\u0142ap. Fot. Aleksandra B\u0105kowska, 2023 r., \u017ar\u00f3d\u0142o: AOD IV.<\/figcaption><\/figure>\n\n\n\n<figure class=\"wp-block-image size-large\"><a href=\"http:\/\/lapidarium.fundacja-hereditas.pl\/wp-content\/uploads\/2023\/10\/A_Bakowska_Krakowskie_Przedmiescie_83_parter_sklepienie-scaled.jpg\"><img loading=\"lazy\" decoding=\"async\" width=\"1024\" height=\"798\" data-id=\"13826\" src=\"http:\/\/lapidarium.fundacja-hereditas.pl\/wp-content\/uploads\/2023\/10\/A_Bakowska_Krakowskie_Przedmiescie_83_parter_sklepienie-1024x798.jpg\" alt=\"\" class=\"wp-image-13826\" srcset=\"http:\/\/lapidarium.fundacja-hereditas.pl\/wp-content\/uploads\/2023\/10\/A_Bakowska_Krakowskie_Przedmiescie_83_parter_sklepienie-1024x798.jpg 1024w, http:\/\/lapidarium.fundacja-hereditas.pl\/wp-content\/uploads\/2023\/10\/A_Bakowska_Krakowskie_Przedmiescie_83_parter_sklepienie-300x234.jpg 300w, http:\/\/lapidarium.fundacja-hereditas.pl\/wp-content\/uploads\/2023\/10\/A_Bakowska_Krakowskie_Przedmiescie_83_parter_sklepienie-768x598.jpg 768w, http:\/\/lapidarium.fundacja-hereditas.pl\/wp-content\/uploads\/2023\/10\/A_Bakowska_Krakowskie_Przedmiescie_83_parter_sklepienie-1536x1196.jpg 1536w, http:\/\/lapidarium.fundacja-hereditas.pl\/wp-content\/uploads\/2023\/10\/A_Bakowska_Krakowskie_Przedmiescie_83_parter_sklepienie-2048x1595.jpg 2048w, http:\/\/lapidarium.fundacja-hereditas.pl\/wp-content\/uploads\/2023\/10\/A_Bakowska_Krakowskie_Przedmiescie_83_parter_sklepienie-150x117.jpg 150w, http:\/\/lapidarium.fundacja-hereditas.pl\/wp-content\/uploads\/2023\/10\/A_Bakowska_Krakowskie_Przedmiescie_83_parter_sklepienie-696x542.jpg 696w, http:\/\/lapidarium.fundacja-hereditas.pl\/wp-content\/uploads\/2023\/10\/A_Bakowska_Krakowskie_Przedmiescie_83_parter_sklepienie-1068x832.jpg 1068w, http:\/\/lapidarium.fundacja-hereditas.pl\/wp-content\/uploads\/2023\/10\/A_Bakowska_Krakowskie_Przedmiescie_83_parter_sklepienie-1920x1495.jpg 1920w\" sizes=\"auto, (max-width: 1024px) 100vw, 1024px\" \/><\/a><figcaption class=\"wp-element-caption\">Parter &#8211; sklepienie. Fot. Aleksandra B\u0105kowska, 2023 r., \u017ar\u00f3d\u0142o: AOD IV.<\/figcaption><\/figure>\n\n\n\n<figure class=\"wp-block-image size-large\"><a href=\"http:\/\/lapidarium.fundacja-hereditas.pl\/wp-content\/uploads\/2023\/10\/Magdalena_Zaremba_Krakowskie_Przedmiescie_83_Sien_Baza_Lampy_Kinkietowej-scaled.jpg\"><img loading=\"lazy\" decoding=\"async\" width=\"782\" height=\"1024\" data-id=\"13823\" src=\"http:\/\/lapidarium.fundacja-hereditas.pl\/wp-content\/uploads\/2023\/10\/Magdalena_Zaremba_Krakowskie_Przedmiescie_83_Sien_Baza_Lampy_Kinkietowej-782x1024.jpg\" alt=\"\" class=\"wp-image-13823\" srcset=\"http:\/\/lapidarium.fundacja-hereditas.pl\/wp-content\/uploads\/2023\/10\/Magdalena_Zaremba_Krakowskie_Przedmiescie_83_Sien_Baza_Lampy_Kinkietowej-782x1024.jpg 782w, http:\/\/lapidarium.fundacja-hereditas.pl\/wp-content\/uploads\/2023\/10\/Magdalena_Zaremba_Krakowskie_Przedmiescie_83_Sien_Baza_Lampy_Kinkietowej-229x300.jpg 229w, http:\/\/lapidarium.fundacja-hereditas.pl\/wp-content\/uploads\/2023\/10\/Magdalena_Zaremba_Krakowskie_Przedmiescie_83_Sien_Baza_Lampy_Kinkietowej-768x1006.jpg 768w, http:\/\/lapidarium.fundacja-hereditas.pl\/wp-content\/uploads\/2023\/10\/Magdalena_Zaremba_Krakowskie_Przedmiescie_83_Sien_Baza_Lampy_Kinkietowej-1173x1536.jpg 1173w, http:\/\/lapidarium.fundacja-hereditas.pl\/wp-content\/uploads\/2023\/10\/Magdalena_Zaremba_Krakowskie_Przedmiescie_83_Sien_Baza_Lampy_Kinkietowej-1563x2048.jpg 1563w, http:\/\/lapidarium.fundacja-hereditas.pl\/wp-content\/uploads\/2023\/10\/Magdalena_Zaremba_Krakowskie_Przedmiescie_83_Sien_Baza_Lampy_Kinkietowej-150x196.jpg 150w, http:\/\/lapidarium.fundacja-hereditas.pl\/wp-content\/uploads\/2023\/10\/Magdalena_Zaremba_Krakowskie_Przedmiescie_83_Sien_Baza_Lampy_Kinkietowej-300x393.jpg 300w, http:\/\/lapidarium.fundacja-hereditas.pl\/wp-content\/uploads\/2023\/10\/Magdalena_Zaremba_Krakowskie_Przedmiescie_83_Sien_Baza_Lampy_Kinkietowej-696x912.jpg 696w, http:\/\/lapidarium.fundacja-hereditas.pl\/wp-content\/uploads\/2023\/10\/Magdalena_Zaremba_Krakowskie_Przedmiescie_83_Sien_Baza_Lampy_Kinkietowej-1068x1399.jpg 1068w, http:\/\/lapidarium.fundacja-hereditas.pl\/wp-content\/uploads\/2023\/10\/Magdalena_Zaremba_Krakowskie_Przedmiescie_83_Sien_Baza_Lampy_Kinkietowej-1920x2515.jpg 1920w, http:\/\/lapidarium.fundacja-hereditas.pl\/wp-content\/uploads\/2023\/10\/Magdalena_Zaremba_Krakowskie_Przedmiescie_83_Sien_Baza_Lampy_Kinkietowej-scaled.jpg 1954w\" sizes=\"auto, (max-width: 782px) 100vw, 782px\" \/><\/a><figcaption class=\"wp-element-caption\">Sie\u0144. Fragmenty kinkietu. Fot. Magdalena Zaremba, 2023 r., \u017ar\u00f3d\u0142o: AOD IV.<\/figcaption><\/figure>\n\n\n\n<figure class=\"wp-block-image size-large\"><a href=\"http:\/\/lapidarium.fundacja-hereditas.pl\/wp-content\/uploads\/2023\/10\/Magdalena_Zaremba_Krakowskie_Przedmiescie_83_Parter_Balustrada_Slup-scaled.jpg\"><img loading=\"lazy\" decoding=\"async\" width=\"778\" height=\"1024\" data-id=\"13815\" src=\"http:\/\/lapidarium.fundacja-hereditas.pl\/wp-content\/uploads\/2023\/10\/Magdalena_Zaremba_Krakowskie_Przedmiescie_83_Parter_Balustrada_Slup-778x1024.jpg\" alt=\"\" class=\"wp-image-13815\" srcset=\"http:\/\/lapidarium.fundacja-hereditas.pl\/wp-content\/uploads\/2023\/10\/Magdalena_Zaremba_Krakowskie_Przedmiescie_83_Parter_Balustrada_Slup-778x1024.jpg 778w, http:\/\/lapidarium.fundacja-hereditas.pl\/wp-content\/uploads\/2023\/10\/Magdalena_Zaremba_Krakowskie_Przedmiescie_83_Parter_Balustrada_Slup-228x300.jpg 228w, http:\/\/lapidarium.fundacja-hereditas.pl\/wp-content\/uploads\/2023\/10\/Magdalena_Zaremba_Krakowskie_Przedmiescie_83_Parter_Balustrada_Slup-768x1010.jpg 768w, http:\/\/lapidarium.fundacja-hereditas.pl\/wp-content\/uploads\/2023\/10\/Magdalena_Zaremba_Krakowskie_Przedmiescie_83_Parter_Balustrada_Slup-1167x1536.jpg 1167w, http:\/\/lapidarium.fundacja-hereditas.pl\/wp-content\/uploads\/2023\/10\/Magdalena_Zaremba_Krakowskie_Przedmiescie_83_Parter_Balustrada_Slup-1557x2048.jpg 1557w, http:\/\/lapidarium.fundacja-hereditas.pl\/wp-content\/uploads\/2023\/10\/Magdalena_Zaremba_Krakowskie_Przedmiescie_83_Parter_Balustrada_Slup-150x197.jpg 150w, http:\/\/lapidarium.fundacja-hereditas.pl\/wp-content\/uploads\/2023\/10\/Magdalena_Zaremba_Krakowskie_Przedmiescie_83_Parter_Balustrada_Slup-300x395.jpg 300w, http:\/\/lapidarium.fundacja-hereditas.pl\/wp-content\/uploads\/2023\/10\/Magdalena_Zaremba_Krakowskie_Przedmiescie_83_Parter_Balustrada_Slup-696x916.jpg 696w, http:\/\/lapidarium.fundacja-hereditas.pl\/wp-content\/uploads\/2023\/10\/Magdalena_Zaremba_Krakowskie_Przedmiescie_83_Parter_Balustrada_Slup-1068x1405.jpg 1068w, http:\/\/lapidarium.fundacja-hereditas.pl\/wp-content\/uploads\/2023\/10\/Magdalena_Zaremba_Krakowskie_Przedmiescie_83_Parter_Balustrada_Slup-1920x2526.jpg 1920w, http:\/\/lapidarium.fundacja-hereditas.pl\/wp-content\/uploads\/2023\/10\/Magdalena_Zaremba_Krakowskie_Przedmiescie_83_Parter_Balustrada_Slup-scaled.jpg 1946w\" sizes=\"auto, (max-width: 778px) 100vw, 778px\" \/><\/a><figcaption class=\"wp-element-caption\">Parter. Pocz\u0105tek balustrady. W tle drzwi na podw\u00f3rko. Fot. Magdalena Zaremba, 2023 r., \u017ar\u00f3d\u0142o: AOD IV.<\/figcaption><\/figure>\n\n\n\n<figure class=\"wp-block-image size-large\"><a href=\"http:\/\/lapidarium.fundacja-hereditas.pl\/wp-content\/uploads\/2023\/10\/A_Bakowska_Krakowskie_Przedmiescie_83_parter_klatka_schodowa_korytarz-scaled.jpg\"><img loading=\"lazy\" decoding=\"async\" width=\"802\" height=\"1024\" data-id=\"13804\" src=\"http:\/\/lapidarium.fundacja-hereditas.pl\/wp-content\/uploads\/2023\/10\/A_Bakowska_Krakowskie_Przedmiescie_83_parter_klatka_schodowa_korytarz-802x1024.jpg\" alt=\"\" class=\"wp-image-13804\" srcset=\"http:\/\/lapidarium.fundacja-hereditas.pl\/wp-content\/uploads\/2023\/10\/A_Bakowska_Krakowskie_Przedmiescie_83_parter_klatka_schodowa_korytarz-802x1024.jpg 802w, http:\/\/lapidarium.fundacja-hereditas.pl\/wp-content\/uploads\/2023\/10\/A_Bakowska_Krakowskie_Przedmiescie_83_parter_klatka_schodowa_korytarz-235x300.jpg 235w, http:\/\/lapidarium.fundacja-hereditas.pl\/wp-content\/uploads\/2023\/10\/A_Bakowska_Krakowskie_Przedmiescie_83_parter_klatka_schodowa_korytarz-768x981.jpg 768w, http:\/\/lapidarium.fundacja-hereditas.pl\/wp-content\/uploads\/2023\/10\/A_Bakowska_Krakowskie_Przedmiescie_83_parter_klatka_schodowa_korytarz-1203x1536.jpg 1203w, http:\/\/lapidarium.fundacja-hereditas.pl\/wp-content\/uploads\/2023\/10\/A_Bakowska_Krakowskie_Przedmiescie_83_parter_klatka_schodowa_korytarz-1604x2048.jpg 1604w, http:\/\/lapidarium.fundacja-hereditas.pl\/wp-content\/uploads\/2023\/10\/A_Bakowska_Krakowskie_Przedmiescie_83_parter_klatka_schodowa_korytarz-150x192.jpg 150w, http:\/\/lapidarium.fundacja-hereditas.pl\/wp-content\/uploads\/2023\/10\/A_Bakowska_Krakowskie_Przedmiescie_83_parter_klatka_schodowa_korytarz-300x383.jpg 300w, http:\/\/lapidarium.fundacja-hereditas.pl\/wp-content\/uploads\/2023\/10\/A_Bakowska_Krakowskie_Przedmiescie_83_parter_klatka_schodowa_korytarz-696x889.jpg 696w, http:\/\/lapidarium.fundacja-hereditas.pl\/wp-content\/uploads\/2023\/10\/A_Bakowska_Krakowskie_Przedmiescie_83_parter_klatka_schodowa_korytarz-1068x1364.jpg 1068w, http:\/\/lapidarium.fundacja-hereditas.pl\/wp-content\/uploads\/2023\/10\/A_Bakowska_Krakowskie_Przedmiescie_83_parter_klatka_schodowa_korytarz-1920x2452.jpg 1920w, http:\/\/lapidarium.fundacja-hereditas.pl\/wp-content\/uploads\/2023\/10\/A_Bakowska_Krakowskie_Przedmiescie_83_parter_klatka_schodowa_korytarz-scaled.jpg 2005w\" sizes=\"auto, (max-width: 802px) 100vw, 802px\" \/><\/a><figcaption class=\"wp-element-caption\">Parter. Pocz\u0105tek balustrady. W g\u0142\u0119bi drzwi na podw\u00f3rko. Fot. Aleksandra B\u0105kowska, 2023 r., \u017ar\u00f3d\u0142o: AOD IV.<\/figcaption><\/figure>\n\n\n\n<figure class=\"wp-block-image size-large\"><a href=\"http:\/\/lapidarium.fundacja-hereditas.pl\/wp-content\/uploads\/2023\/10\/Magdalena_Zaremba_Krakowskie_Przedmiescie_83_Parter_Wyjscie_Tylne-scaled.jpg\"><img loading=\"lazy\" decoding=\"async\" width=\"774\" height=\"1024\" data-id=\"13817\" src=\"http:\/\/lapidarium.fundacja-hereditas.pl\/wp-content\/uploads\/2023\/10\/Magdalena_Zaremba_Krakowskie_Przedmiescie_83_Parter_Wyjscie_Tylne-774x1024.jpg\" alt=\"\" class=\"wp-image-13817\" srcset=\"http:\/\/lapidarium.fundacja-hereditas.pl\/wp-content\/uploads\/2023\/10\/Magdalena_Zaremba_Krakowskie_Przedmiescie_83_Parter_Wyjscie_Tylne-774x1024.jpg 774w, http:\/\/lapidarium.fundacja-hereditas.pl\/wp-content\/uploads\/2023\/10\/Magdalena_Zaremba_Krakowskie_Przedmiescie_83_Parter_Wyjscie_Tylne-227x300.jpg 227w, http:\/\/lapidarium.fundacja-hereditas.pl\/wp-content\/uploads\/2023\/10\/Magdalena_Zaremba_Krakowskie_Przedmiescie_83_Parter_Wyjscie_Tylne-768x1016.jpg 768w, http:\/\/lapidarium.fundacja-hereditas.pl\/wp-content\/uploads\/2023\/10\/Magdalena_Zaremba_Krakowskie_Przedmiescie_83_Parter_Wyjscie_Tylne-1161x1536.jpg 1161w, http:\/\/lapidarium.fundacja-hereditas.pl\/wp-content\/uploads\/2023\/10\/Magdalena_Zaremba_Krakowskie_Przedmiescie_83_Parter_Wyjscie_Tylne-1548x2048.jpg 1548w, http:\/\/lapidarium.fundacja-hereditas.pl\/wp-content\/uploads\/2023\/10\/Magdalena_Zaremba_Krakowskie_Przedmiescie_83_Parter_Wyjscie_Tylne-150x198.jpg 150w, http:\/\/lapidarium.fundacja-hereditas.pl\/wp-content\/uploads\/2023\/10\/Magdalena_Zaremba_Krakowskie_Przedmiescie_83_Parter_Wyjscie_Tylne-300x397.jpg 300w, http:\/\/lapidarium.fundacja-hereditas.pl\/wp-content\/uploads\/2023\/10\/Magdalena_Zaremba_Krakowskie_Przedmiescie_83_Parter_Wyjscie_Tylne-696x921.jpg 696w, http:\/\/lapidarium.fundacja-hereditas.pl\/wp-content\/uploads\/2023\/10\/Magdalena_Zaremba_Krakowskie_Przedmiescie_83_Parter_Wyjscie_Tylne-1068x1413.jpg 1068w, http:\/\/lapidarium.fundacja-hereditas.pl\/wp-content\/uploads\/2023\/10\/Magdalena_Zaremba_Krakowskie_Przedmiescie_83_Parter_Wyjscie_Tylne-1920x2540.jpg 1920w, http:\/\/lapidarium.fundacja-hereditas.pl\/wp-content\/uploads\/2023\/10\/Magdalena_Zaremba_Krakowskie_Przedmiescie_83_Parter_Wyjscie_Tylne-scaled.jpg 1935w\" sizes=\"auto, (max-width: 774px) 100vw, 774px\" \/><\/a><figcaption class=\"wp-element-caption\">Tylne drzwi. Wyj\u015bcie na podw\u00f3rko. Fot. Magdalena Zaremba, 2023 r., \u017ar\u00f3d\u0142o: AOD IV.<\/figcaption><\/figure>\n\n\n\n<figure class=\"wp-block-image size-large\"><a href=\"http:\/\/lapidarium.fundacja-hereditas.pl\/wp-content\/uploads\/2023\/10\/A_Bakowska_Krakowskie_Przedmiescie_83_fasada_tylna-scaled.jpg\"><img loading=\"lazy\" decoding=\"async\" width=\"779\" height=\"1024\" data-id=\"13799\" src=\"http:\/\/lapidarium.fundacja-hereditas.pl\/wp-content\/uploads\/2023\/10\/A_Bakowska_Krakowskie_Przedmiescie_83_fasada_tylna-779x1024.jpg\" alt=\"\" class=\"wp-image-13799\" srcset=\"http:\/\/lapidarium.fundacja-hereditas.pl\/wp-content\/uploads\/2023\/10\/A_Bakowska_Krakowskie_Przedmiescie_83_fasada_tylna-779x1024.jpg 779w, http:\/\/lapidarium.fundacja-hereditas.pl\/wp-content\/uploads\/2023\/10\/A_Bakowska_Krakowskie_Przedmiescie_83_fasada_tylna-228x300.jpg 228w, http:\/\/lapidarium.fundacja-hereditas.pl\/wp-content\/uploads\/2023\/10\/A_Bakowska_Krakowskie_Przedmiescie_83_fasada_tylna-768x1010.jpg 768w, http:\/\/lapidarium.fundacja-hereditas.pl\/wp-content\/uploads\/2023\/10\/A_Bakowska_Krakowskie_Przedmiescie_83_fasada_tylna-1168x1536.jpg 1168w, http:\/\/lapidarium.fundacja-hereditas.pl\/wp-content\/uploads\/2023\/10\/A_Bakowska_Krakowskie_Przedmiescie_83_fasada_tylna-1557x2048.jpg 1557w, http:\/\/lapidarium.fundacja-hereditas.pl\/wp-content\/uploads\/2023\/10\/A_Bakowska_Krakowskie_Przedmiescie_83_fasada_tylna-150x197.jpg 150w, http:\/\/lapidarium.fundacja-hereditas.pl\/wp-content\/uploads\/2023\/10\/A_Bakowska_Krakowskie_Przedmiescie_83_fasada_tylna-300x395.jpg 300w, http:\/\/lapidarium.fundacja-hereditas.pl\/wp-content\/uploads\/2023\/10\/A_Bakowska_Krakowskie_Przedmiescie_83_fasada_tylna-696x915.jpg 696w, http:\/\/lapidarium.fundacja-hereditas.pl\/wp-content\/uploads\/2023\/10\/A_Bakowska_Krakowskie_Przedmiescie_83_fasada_tylna-1068x1405.jpg 1068w, http:\/\/lapidarium.fundacja-hereditas.pl\/wp-content\/uploads\/2023\/10\/A_Bakowska_Krakowskie_Przedmiescie_83_fasada_tylna-1920x2525.jpg 1920w, http:\/\/lapidarium.fundacja-hereditas.pl\/wp-content\/uploads\/2023\/10\/A_Bakowska_Krakowskie_Przedmiescie_83_fasada_tylna-scaled.jpg 1947w\" sizes=\"auto, (max-width: 779px) 100vw, 779px\" \/><\/a><figcaption class=\"wp-element-caption\">Elewacja podw\u00f3rzowa &#8211; widok na wsch\u00f3d. Fot. Aleksandra B\u0105kowska, 2023 r., \u017ar\u00f3d\u0142o: AOD IV.<\/figcaption><\/figure>\n\n\n\n<figure class=\"wp-block-image size-large\"><a href=\"http:\/\/lapidarium.fundacja-hereditas.pl\/wp-content\/uploads\/2023\/10\/A_Bakowska_Krakowskie_Przedmiescie_83_parter_schody_slupek_wejsciowy-scaled.jpg\"><img loading=\"lazy\" decoding=\"async\" width=\"684\" height=\"1024\" data-id=\"13805\" src=\"http:\/\/lapidarium.fundacja-hereditas.pl\/wp-content\/uploads\/2023\/10\/A_Bakowska_Krakowskie_Przedmiescie_83_parter_schody_slupek_wejsciowy-684x1024.jpg\" alt=\"\" class=\"wp-image-13805\" srcset=\"http:\/\/lapidarium.fundacja-hereditas.pl\/wp-content\/uploads\/2023\/10\/A_Bakowska_Krakowskie_Przedmiescie_83_parter_schody_slupek_wejsciowy-684x1024.jpg 684w, http:\/\/lapidarium.fundacja-hereditas.pl\/wp-content\/uploads\/2023\/10\/A_Bakowska_Krakowskie_Przedmiescie_83_parter_schody_slupek_wejsciowy-201x300.jpg 201w, http:\/\/lapidarium.fundacja-hereditas.pl\/wp-content\/uploads\/2023\/10\/A_Bakowska_Krakowskie_Przedmiescie_83_parter_schody_slupek_wejsciowy-768x1149.jpg 768w, http:\/\/lapidarium.fundacja-hereditas.pl\/wp-content\/uploads\/2023\/10\/A_Bakowska_Krakowskie_Przedmiescie_83_parter_schody_slupek_wejsciowy-1027x1536.jpg 1027w, http:\/\/lapidarium.fundacja-hereditas.pl\/wp-content\/uploads\/2023\/10\/A_Bakowska_Krakowskie_Przedmiescie_83_parter_schody_slupek_wejsciowy-1369x2048.jpg 1369w, http:\/\/lapidarium.fundacja-hereditas.pl\/wp-content\/uploads\/2023\/10\/A_Bakowska_Krakowskie_Przedmiescie_83_parter_schody_slupek_wejsciowy-150x224.jpg 150w, http:\/\/lapidarium.fundacja-hereditas.pl\/wp-content\/uploads\/2023\/10\/A_Bakowska_Krakowskie_Przedmiescie_83_parter_schody_slupek_wejsciowy-300x449.jpg 300w, http:\/\/lapidarium.fundacja-hereditas.pl\/wp-content\/uploads\/2023\/10\/A_Bakowska_Krakowskie_Przedmiescie_83_parter_schody_slupek_wejsciowy-696x1041.jpg 696w, http:\/\/lapidarium.fundacja-hereditas.pl\/wp-content\/uploads\/2023\/10\/A_Bakowska_Krakowskie_Przedmiescie_83_parter_schody_slupek_wejsciowy-1068x1598.jpg 1068w, http:\/\/lapidarium.fundacja-hereditas.pl\/wp-content\/uploads\/2023\/10\/A_Bakowska_Krakowskie_Przedmiescie_83_parter_schody_slupek_wejsciowy-1920x2872.jpg 1920w, http:\/\/lapidarium.fundacja-hereditas.pl\/wp-content\/uploads\/2023\/10\/A_Bakowska_Krakowskie_Przedmiescie_83_parter_schody_slupek_wejsciowy-scaled.jpg 1711w\" sizes=\"auto, (max-width: 684px) 100vw, 684px\" \/><\/a><figcaption class=\"wp-element-caption\">Parter. Pocz\u0105tek balustrady. Fot. Aleksandra B\u0105kowska, 2023 r., \u017ar\u00f3d\u0142o: AOD IV.<\/figcaption><\/figure>\n\n\n\n<figure class=\"wp-block-image size-large\"><a href=\"http:\/\/lapidarium.fundacja-hereditas.pl\/wp-content\/uploads\/2023\/10\/A_Bakowska_Krakowskie_Przedmiescie_83_balustrada-scaled.jpg\"><img loading=\"lazy\" decoding=\"async\" width=\"688\" height=\"1024\" data-id=\"13790\" src=\"http:\/\/lapidarium.fundacja-hereditas.pl\/wp-content\/uploads\/2023\/10\/A_Bakowska_Krakowskie_Przedmiescie_83_balustrada-688x1024.jpg\" alt=\"\" class=\"wp-image-13790\" srcset=\"http:\/\/lapidarium.fundacja-hereditas.pl\/wp-content\/uploads\/2023\/10\/A_Bakowska_Krakowskie_Przedmiescie_83_balustrada-688x1024.jpg 688w, http:\/\/lapidarium.fundacja-hereditas.pl\/wp-content\/uploads\/2023\/10\/A_Bakowska_Krakowskie_Przedmiescie_83_balustrada-202x300.jpg 202w, http:\/\/lapidarium.fundacja-hereditas.pl\/wp-content\/uploads\/2023\/10\/A_Bakowska_Krakowskie_Przedmiescie_83_balustrada-768x1143.jpg 768w, http:\/\/lapidarium.fundacja-hereditas.pl\/wp-content\/uploads\/2023\/10\/A_Bakowska_Krakowskie_Przedmiescie_83_balustrada-1032x1536.jpg 1032w, http:\/\/lapidarium.fundacja-hereditas.pl\/wp-content\/uploads\/2023\/10\/A_Bakowska_Krakowskie_Przedmiescie_83_balustrada-1376x2048.jpg 1376w, http:\/\/lapidarium.fundacja-hereditas.pl\/wp-content\/uploads\/2023\/10\/A_Bakowska_Krakowskie_Przedmiescie_83_balustrada-150x223.jpg 150w, http:\/\/lapidarium.fundacja-hereditas.pl\/wp-content\/uploads\/2023\/10\/A_Bakowska_Krakowskie_Przedmiescie_83_balustrada-300x447.jpg 300w, http:\/\/lapidarium.fundacja-hereditas.pl\/wp-content\/uploads\/2023\/10\/A_Bakowska_Krakowskie_Przedmiescie_83_balustrada-696x1036.jpg 696w, http:\/\/lapidarium.fundacja-hereditas.pl\/wp-content\/uploads\/2023\/10\/A_Bakowska_Krakowskie_Przedmiescie_83_balustrada-1068x1590.jpg 1068w, http:\/\/lapidarium.fundacja-hereditas.pl\/wp-content\/uploads\/2023\/10\/A_Bakowska_Krakowskie_Przedmiescie_83_balustrada-1920x2858.jpg 1920w, http:\/\/lapidarium.fundacja-hereditas.pl\/wp-content\/uploads\/2023\/10\/A_Bakowska_Krakowskie_Przedmiescie_83_balustrada-scaled.jpg 1720w\" sizes=\"auto, (max-width: 688px) 100vw, 688px\" \/><\/a><figcaption class=\"wp-element-caption\">Klatka schodowa. Widok na policzki schod\u00f3w, balustrad\u0119, tralki. Fot. Aleksandra B\u0105kowska, 2023 r., \u017ar\u00f3d\u0142o: AOD IV.<\/figcaption><\/figure>\n\n\n\n<figure class=\"wp-block-image size-large\"><a href=\"http:\/\/lapidarium.fundacja-hereditas.pl\/wp-content\/uploads\/2023\/10\/Magdalena_Zaremba_Krakowskie_Przedmiescie_83_Parter-scaled.jpg\"><img loading=\"lazy\" decoding=\"async\" width=\"758\" height=\"1024\" data-id=\"13814\" src=\"http:\/\/lapidarium.fundacja-hereditas.pl\/wp-content\/uploads\/2023\/10\/Magdalena_Zaremba_Krakowskie_Przedmiescie_83_Parter-758x1024.jpg\" alt=\"\" class=\"wp-image-13814\" srcset=\"http:\/\/lapidarium.fundacja-hereditas.pl\/wp-content\/uploads\/2023\/10\/Magdalena_Zaremba_Krakowskie_Przedmiescie_83_Parter-758x1024.jpg 758w, http:\/\/lapidarium.fundacja-hereditas.pl\/wp-content\/uploads\/2023\/10\/Magdalena_Zaremba_Krakowskie_Przedmiescie_83_Parter-222x300.jpg 222w, http:\/\/lapidarium.fundacja-hereditas.pl\/wp-content\/uploads\/2023\/10\/Magdalena_Zaremba_Krakowskie_Przedmiescie_83_Parter-768x1038.jpg 768w, http:\/\/lapidarium.fundacja-hereditas.pl\/wp-content\/uploads\/2023\/10\/Magdalena_Zaremba_Krakowskie_Przedmiescie_83_Parter-1137x1536.jpg 1137w, http:\/\/lapidarium.fundacja-hereditas.pl\/wp-content\/uploads\/2023\/10\/Magdalena_Zaremba_Krakowskie_Przedmiescie_83_Parter-1516x2048.jpg 1516w, http:\/\/lapidarium.fundacja-hereditas.pl\/wp-content\/uploads\/2023\/10\/Magdalena_Zaremba_Krakowskie_Przedmiescie_83_Parter-150x203.jpg 150w, http:\/\/lapidarium.fundacja-hereditas.pl\/wp-content\/uploads\/2023\/10\/Magdalena_Zaremba_Krakowskie_Przedmiescie_83_Parter-300x405.jpg 300w, http:\/\/lapidarium.fundacja-hereditas.pl\/wp-content\/uploads\/2023\/10\/Magdalena_Zaremba_Krakowskie_Przedmiescie_83_Parter-696x940.jpg 696w, http:\/\/lapidarium.fundacja-hereditas.pl\/wp-content\/uploads\/2023\/10\/Magdalena_Zaremba_Krakowskie_Przedmiescie_83_Parter-1068x1443.jpg 1068w, http:\/\/lapidarium.fundacja-hereditas.pl\/wp-content\/uploads\/2023\/10\/Magdalena_Zaremba_Krakowskie_Przedmiescie_83_Parter-1920x2594.jpg 1920w, http:\/\/lapidarium.fundacja-hereditas.pl\/wp-content\/uploads\/2023\/10\/Magdalena_Zaremba_Krakowskie_Przedmiescie_83_Parter-scaled.jpg 1895w\" sizes=\"auto, (max-width: 758px) 100vw, 758px\" \/><\/a><figcaption class=\"wp-element-caption\">Widok ze spocznika na parter, w kierunku drzwi na ulic\u0119 (g\u0142\u00f3wnych). Fot. Magdalena Zaremba, 2023 r., \u017ar\u00f3d\u0142o: AOD IV.<\/figcaption><\/figure>\n\n\n\n<figure class=\"wp-block-image size-large\"><a href=\"http:\/\/lapidarium.fundacja-hereditas.pl\/wp-content\/uploads\/2023\/10\/A_Bakowska_Krakowskie_Przedmiescie_83_schody-scaled.jpg\"><img loading=\"lazy\" decoding=\"async\" width=\"682\" height=\"1024\" data-id=\"13807\" src=\"http:\/\/lapidarium.fundacja-hereditas.pl\/wp-content\/uploads\/2023\/10\/A_Bakowska_Krakowskie_Przedmiescie_83_schody-682x1024.jpg\" alt=\"\" class=\"wp-image-13807\" srcset=\"http:\/\/lapidarium.fundacja-hereditas.pl\/wp-content\/uploads\/2023\/10\/A_Bakowska_Krakowskie_Przedmiescie_83_schody-682x1024.jpg 682w, http:\/\/lapidarium.fundacja-hereditas.pl\/wp-content\/uploads\/2023\/10\/A_Bakowska_Krakowskie_Przedmiescie_83_schody-200x300.jpg 200w, http:\/\/lapidarium.fundacja-hereditas.pl\/wp-content\/uploads\/2023\/10\/A_Bakowska_Krakowskie_Przedmiescie_83_schody-768x1153.jpg 768w, http:\/\/lapidarium.fundacja-hereditas.pl\/wp-content\/uploads\/2023\/10\/A_Bakowska_Krakowskie_Przedmiescie_83_schody-1023x1536.jpg 1023w, http:\/\/lapidarium.fundacja-hereditas.pl\/wp-content\/uploads\/2023\/10\/A_Bakowska_Krakowskie_Przedmiescie_83_schody-1365x2048.jpg 1365w, http:\/\/lapidarium.fundacja-hereditas.pl\/wp-content\/uploads\/2023\/10\/A_Bakowska_Krakowskie_Przedmiescie_83_schody-150x225.jpg 150w, http:\/\/lapidarium.fundacja-hereditas.pl\/wp-content\/uploads\/2023\/10\/A_Bakowska_Krakowskie_Przedmiescie_83_schody-300x450.jpg 300w, http:\/\/lapidarium.fundacja-hereditas.pl\/wp-content\/uploads\/2023\/10\/A_Bakowska_Krakowskie_Przedmiescie_83_schody-696x1045.jpg 696w, http:\/\/lapidarium.fundacja-hereditas.pl\/wp-content\/uploads\/2023\/10\/A_Bakowska_Krakowskie_Przedmiescie_83_schody-1068x1603.jpg 1068w, http:\/\/lapidarium.fundacja-hereditas.pl\/wp-content\/uploads\/2023\/10\/A_Bakowska_Krakowskie_Przedmiescie_83_schody-1920x2881.jpg 1920w, http:\/\/lapidarium.fundacja-hereditas.pl\/wp-content\/uploads\/2023\/10\/A_Bakowska_Krakowskie_Przedmiescie_83_schody-scaled.jpg 1706w\" sizes=\"auto, (max-width: 682px) 100vw, 682px\" \/><\/a><figcaption class=\"wp-element-caption\">Klatka schodowa. Widok w kierunku parteru. Fot. Aleksandra B\u0105kowska, 2023 r., \u017ar\u00f3d\u0142o: AOD IV.<\/figcaption><\/figure>\n\n\n\n<figure class=\"wp-block-image size-large\"><a href=\"http:\/\/lapidarium.fundacja-hereditas.pl\/wp-content\/uploads\/2023\/10\/A_Bakowska_Krakowskie_Przedmiescie_83_polpietro_balustrada-scaled.jpg\"><img loading=\"lazy\" decoding=\"async\" width=\"681\" height=\"1024\" data-id=\"13806\" src=\"http:\/\/lapidarium.fundacja-hereditas.pl\/wp-content\/uploads\/2023\/10\/A_Bakowska_Krakowskie_Przedmiescie_83_polpietro_balustrada-681x1024.jpg\" alt=\"\" class=\"wp-image-13806\" srcset=\"http:\/\/lapidarium.fundacja-hereditas.pl\/wp-content\/uploads\/2023\/10\/A_Bakowska_Krakowskie_Przedmiescie_83_polpietro_balustrada-681x1024.jpg 681w, http:\/\/lapidarium.fundacja-hereditas.pl\/wp-content\/uploads\/2023\/10\/A_Bakowska_Krakowskie_Przedmiescie_83_polpietro_balustrada-200x300.jpg 200w, http:\/\/lapidarium.fundacja-hereditas.pl\/wp-content\/uploads\/2023\/10\/A_Bakowska_Krakowskie_Przedmiescie_83_polpietro_balustrada-768x1154.jpg 768w, http:\/\/lapidarium.fundacja-hereditas.pl\/wp-content\/uploads\/2023\/10\/A_Bakowska_Krakowskie_Przedmiescie_83_polpietro_balustrada-1022x1536.jpg 1022w, http:\/\/lapidarium.fundacja-hereditas.pl\/wp-content\/uploads\/2023\/10\/A_Bakowska_Krakowskie_Przedmiescie_83_polpietro_balustrada-1363x2048.jpg 1363w, http:\/\/lapidarium.fundacja-hereditas.pl\/wp-content\/uploads\/2023\/10\/A_Bakowska_Krakowskie_Przedmiescie_83_polpietro_balustrada-150x225.jpg 150w, http:\/\/lapidarium.fundacja-hereditas.pl\/wp-content\/uploads\/2023\/10\/A_Bakowska_Krakowskie_Przedmiescie_83_polpietro_balustrada-300x451.jpg 300w, http:\/\/lapidarium.fundacja-hereditas.pl\/wp-content\/uploads\/2023\/10\/A_Bakowska_Krakowskie_Przedmiescie_83_polpietro_balustrada-696x1046.jpg 696w, http:\/\/lapidarium.fundacja-hereditas.pl\/wp-content\/uploads\/2023\/10\/A_Bakowska_Krakowskie_Przedmiescie_83_polpietro_balustrada-1068x1605.jpg 1068w, http:\/\/lapidarium.fundacja-hereditas.pl\/wp-content\/uploads\/2023\/10\/A_Bakowska_Krakowskie_Przedmiescie_83_polpietro_balustrada-1920x2885.jpg 1920w, http:\/\/lapidarium.fundacja-hereditas.pl\/wp-content\/uploads\/2023\/10\/A_Bakowska_Krakowskie_Przedmiescie_83_polpietro_balustrada-scaled.jpg 1704w\" sizes=\"auto, (max-width: 681px) 100vw, 681px\" \/><\/a><figcaption class=\"wp-element-caption\">Klatka schodowa. Spocznik powy\u017cej I pi\u0119tra. Fot. Aleksandra B\u0105kowska, 2023 r., \u017ar\u00f3d\u0142o: AOD IV.<\/figcaption><\/figure>\n\n\n\n<figure class=\"wp-block-image size-large\"><a href=\"http:\/\/lapidarium.fundacja-hereditas.pl\/wp-content\/uploads\/2023\/10\/A_Bakowska_Krakowskie_Przedmiescie_83_klatka_schodowa_balustrada_i_spocznik-scaled.jpg\"><img loading=\"lazy\" decoding=\"async\" width=\"684\" height=\"1024\" data-id=\"13800\" src=\"http:\/\/lapidarium.fundacja-hereditas.pl\/wp-content\/uploads\/2023\/10\/A_Bakowska_Krakowskie_Przedmiescie_83_klatka_schodowa_balustrada_i_spocznik-684x1024.jpg\" alt=\"\" class=\"wp-image-13800\" srcset=\"http:\/\/lapidarium.fundacja-hereditas.pl\/wp-content\/uploads\/2023\/10\/A_Bakowska_Krakowskie_Przedmiescie_83_klatka_schodowa_balustrada_i_spocznik-684x1024.jpg 684w, http:\/\/lapidarium.fundacja-hereditas.pl\/wp-content\/uploads\/2023\/10\/A_Bakowska_Krakowskie_Przedmiescie_83_klatka_schodowa_balustrada_i_spocznik-201x300.jpg 201w, http:\/\/lapidarium.fundacja-hereditas.pl\/wp-content\/uploads\/2023\/10\/A_Bakowska_Krakowskie_Przedmiescie_83_klatka_schodowa_balustrada_i_spocznik-768x1149.jpg 768w, http:\/\/lapidarium.fundacja-hereditas.pl\/wp-content\/uploads\/2023\/10\/A_Bakowska_Krakowskie_Przedmiescie_83_klatka_schodowa_balustrada_i_spocznik-1027x1536.jpg 1027w, http:\/\/lapidarium.fundacja-hereditas.pl\/wp-content\/uploads\/2023\/10\/A_Bakowska_Krakowskie_Przedmiescie_83_klatka_schodowa_balustrada_i_spocznik-1369x2048.jpg 1369w, http:\/\/lapidarium.fundacja-hereditas.pl\/wp-content\/uploads\/2023\/10\/A_Bakowska_Krakowskie_Przedmiescie_83_klatka_schodowa_balustrada_i_spocznik-150x224.jpg 150w, http:\/\/lapidarium.fundacja-hereditas.pl\/wp-content\/uploads\/2023\/10\/A_Bakowska_Krakowskie_Przedmiescie_83_klatka_schodowa_balustrada_i_spocznik-300x449.jpg 300w, http:\/\/lapidarium.fundacja-hereditas.pl\/wp-content\/uploads\/2023\/10\/A_Bakowska_Krakowskie_Przedmiescie_83_klatka_schodowa_balustrada_i_spocznik-696x1041.jpg 696w, http:\/\/lapidarium.fundacja-hereditas.pl\/wp-content\/uploads\/2023\/10\/A_Bakowska_Krakowskie_Przedmiescie_83_klatka_schodowa_balustrada_i_spocznik-1068x1598.jpg 1068w, http:\/\/lapidarium.fundacja-hereditas.pl\/wp-content\/uploads\/2023\/10\/A_Bakowska_Krakowskie_Przedmiescie_83_klatka_schodowa_balustrada_i_spocznik-1920x2872.jpg 1920w, http:\/\/lapidarium.fundacja-hereditas.pl\/wp-content\/uploads\/2023\/10\/A_Bakowska_Krakowskie_Przedmiescie_83_klatka_schodowa_balustrada_i_spocznik-scaled.jpg 1711w\" sizes=\"auto, (max-width: 684px) 100vw, 684px\" \/><\/a><figcaption class=\"wp-element-caption\">Klatka schodowa. Spocznik p\u00f3\u0142pietra. Fot. Aleksandra B\u0105kowska, 2023 r., \u017ar\u00f3d\u0142o: AOD IV.<\/figcaption><\/figure>\n\n\n\n<figure class=\"wp-block-image size-large\"><a href=\"http:\/\/lapidarium.fundacja-hereditas.pl\/wp-content\/uploads\/2023\/10\/A_Bakowska_Krakowskie_Przedmiescie_83_balustrada_tralki-scaled.jpg\"><img loading=\"lazy\" decoding=\"async\" width=\"693\" height=\"1024\" data-id=\"13791\" src=\"http:\/\/lapidarium.fundacja-hereditas.pl\/wp-content\/uploads\/2023\/10\/A_Bakowska_Krakowskie_Przedmiescie_83_balustrada_tralki-693x1024.jpg\" alt=\"\" class=\"wp-image-13791\" srcset=\"http:\/\/lapidarium.fundacja-hereditas.pl\/wp-content\/uploads\/2023\/10\/A_Bakowska_Krakowskie_Przedmiescie_83_balustrada_tralki-693x1024.jpg 693w, http:\/\/lapidarium.fundacja-hereditas.pl\/wp-content\/uploads\/2023\/10\/A_Bakowska_Krakowskie_Przedmiescie_83_balustrada_tralki-203x300.jpg 203w, http:\/\/lapidarium.fundacja-hereditas.pl\/wp-content\/uploads\/2023\/10\/A_Bakowska_Krakowskie_Przedmiescie_83_balustrada_tralki-768x1135.jpg 768w, http:\/\/lapidarium.fundacja-hereditas.pl\/wp-content\/uploads\/2023\/10\/A_Bakowska_Krakowskie_Przedmiescie_83_balustrada_tralki-1040x1536.jpg 1040w, http:\/\/lapidarium.fundacja-hereditas.pl\/wp-content\/uploads\/2023\/10\/A_Bakowska_Krakowskie_Przedmiescie_83_balustrada_tralki-1386x2048.jpg 1386w, http:\/\/lapidarium.fundacja-hereditas.pl\/wp-content\/uploads\/2023\/10\/A_Bakowska_Krakowskie_Przedmiescie_83_balustrada_tralki-150x222.jpg 150w, http:\/\/lapidarium.fundacja-hereditas.pl\/wp-content\/uploads\/2023\/10\/A_Bakowska_Krakowskie_Przedmiescie_83_balustrada_tralki-300x443.jpg 300w, http:\/\/lapidarium.fundacja-hereditas.pl\/wp-content\/uploads\/2023\/10\/A_Bakowska_Krakowskie_Przedmiescie_83_balustrada_tralki-696x1028.jpg 696w, http:\/\/lapidarium.fundacja-hereditas.pl\/wp-content\/uploads\/2023\/10\/A_Bakowska_Krakowskie_Przedmiescie_83_balustrada_tralki-1068x1578.jpg 1068w, http:\/\/lapidarium.fundacja-hereditas.pl\/wp-content\/uploads\/2023\/10\/A_Bakowska_Krakowskie_Przedmiescie_83_balustrada_tralki-1920x2836.jpg 1920w, http:\/\/lapidarium.fundacja-hereditas.pl\/wp-content\/uploads\/2023\/10\/A_Bakowska_Krakowskie_Przedmiescie_83_balustrada_tralki-scaled.jpg 1733w\" sizes=\"auto, (max-width: 693px) 100vw, 693px\" \/><\/a><figcaption class=\"wp-element-caption\">Klatka schodowa. Widok na spocznik p\u00f3\u0142pi\u0119tra. Fot. Aleksandra B\u0105kowska, 2023 r., \u017ar\u00f3d\u0142o: AOD IV.<\/figcaption><\/figure>\n\n\n\n<figure class=\"wp-block-image size-large\"><a href=\"http:\/\/lapidarium.fundacja-hereditas.pl\/wp-content\/uploads\/2023\/10\/A_Bakowska_Krakowskie_Przedmiescie_83_klatka_schodowa_widok_z_ostatniego_pietra-scaled.jpg\"><img loading=\"lazy\" decoding=\"async\" width=\"761\" height=\"1024\" data-id=\"13803\" src=\"http:\/\/lapidarium.fundacja-hereditas.pl\/wp-content\/uploads\/2023\/10\/A_Bakowska_Krakowskie_Przedmiescie_83_klatka_schodowa_widok_z_ostatniego_pietra-761x1024.jpg\" alt=\"\" class=\"wp-image-13803\" srcset=\"http:\/\/lapidarium.fundacja-hereditas.pl\/wp-content\/uploads\/2023\/10\/A_Bakowska_Krakowskie_Przedmiescie_83_klatka_schodowa_widok_z_ostatniego_pietra-761x1024.jpg 761w, http:\/\/lapidarium.fundacja-hereditas.pl\/wp-content\/uploads\/2023\/10\/A_Bakowska_Krakowskie_Przedmiescie_83_klatka_schodowa_widok_z_ostatniego_pietra-223x300.jpg 223w, http:\/\/lapidarium.fundacja-hereditas.pl\/wp-content\/uploads\/2023\/10\/A_Bakowska_Krakowskie_Przedmiescie_83_klatka_schodowa_widok_z_ostatniego_pietra-768x1033.jpg 768w, http:\/\/lapidarium.fundacja-hereditas.pl\/wp-content\/uploads\/2023\/10\/A_Bakowska_Krakowskie_Przedmiescie_83_klatka_schodowa_widok_z_ostatniego_pietra-1141x1536.jpg 1141w, http:\/\/lapidarium.fundacja-hereditas.pl\/wp-content\/uploads\/2023\/10\/A_Bakowska_Krakowskie_Przedmiescie_83_klatka_schodowa_widok_z_ostatniego_pietra-1522x2048.jpg 1522w, http:\/\/lapidarium.fundacja-hereditas.pl\/wp-content\/uploads\/2023\/10\/A_Bakowska_Krakowskie_Przedmiescie_83_klatka_schodowa_widok_z_ostatniego_pietra-150x202.jpg 150w, http:\/\/lapidarium.fundacja-hereditas.pl\/wp-content\/uploads\/2023\/10\/A_Bakowska_Krakowskie_Przedmiescie_83_klatka_schodowa_widok_z_ostatniego_pietra-300x404.jpg 300w, http:\/\/lapidarium.fundacja-hereditas.pl\/wp-content\/uploads\/2023\/10\/A_Bakowska_Krakowskie_Przedmiescie_83_klatka_schodowa_widok_z_ostatniego_pietra-696x937.jpg 696w, http:\/\/lapidarium.fundacja-hereditas.pl\/wp-content\/uploads\/2023\/10\/A_Bakowska_Krakowskie_Przedmiescie_83_klatka_schodowa_widok_z_ostatniego_pietra-1068x1437.jpg 1068w, http:\/\/lapidarium.fundacja-hereditas.pl\/wp-content\/uploads\/2023\/10\/A_Bakowska_Krakowskie_Przedmiescie_83_klatka_schodowa_widok_z_ostatniego_pietra-1920x2584.jpg 1920w, http:\/\/lapidarium.fundacja-hereditas.pl\/wp-content\/uploads\/2023\/10\/A_Bakowska_Krakowskie_Przedmiescie_83_klatka_schodowa_widok_z_ostatniego_pietra-scaled.jpg 1902w\" sizes=\"auto, (max-width: 761px) 100vw, 761px\" \/><\/a><figcaption class=\"wp-element-caption\">Klatka schodowa widok na spocznik przed ostatnim pi\u0119trem. Fot. Aleksandra B\u0105kowska, 2023 r., \u017ar\u00f3d\u0142o: AOD IV.<\/figcaption><\/figure>\n\n\n\n<figure class=\"wp-block-image size-large\"><a href=\"http:\/\/lapidarium.fundacja-hereditas.pl\/wp-content\/uploads\/2023\/10\/A_Bakowska_Krakowskie_Przedmiescie_83_klatka_schodowa_widok_na_lukarne-scaled.jpg\"><img loading=\"lazy\" decoding=\"async\" width=\"765\" height=\"1024\" data-id=\"13802\" src=\"http:\/\/lapidarium.fundacja-hereditas.pl\/wp-content\/uploads\/2023\/10\/A_Bakowska_Krakowskie_Przedmiescie_83_klatka_schodowa_widok_na_lukarne-765x1024.jpg\" alt=\"\" class=\"wp-image-13802\" srcset=\"http:\/\/lapidarium.fundacja-hereditas.pl\/wp-content\/uploads\/2023\/10\/A_Bakowska_Krakowskie_Przedmiescie_83_klatka_schodowa_widok_na_lukarne-765x1024.jpg 765w, http:\/\/lapidarium.fundacja-hereditas.pl\/wp-content\/uploads\/2023\/10\/A_Bakowska_Krakowskie_Przedmiescie_83_klatka_schodowa_widok_na_lukarne-224x300.jpg 224w, http:\/\/lapidarium.fundacja-hereditas.pl\/wp-content\/uploads\/2023\/10\/A_Bakowska_Krakowskie_Przedmiescie_83_klatka_schodowa_widok_na_lukarne-768x1029.jpg 768w, http:\/\/lapidarium.fundacja-hereditas.pl\/wp-content\/uploads\/2023\/10\/A_Bakowska_Krakowskie_Przedmiescie_83_klatka_schodowa_widok_na_lukarne-1147x1536.jpg 1147w, http:\/\/lapidarium.fundacja-hereditas.pl\/wp-content\/uploads\/2023\/10\/A_Bakowska_Krakowskie_Przedmiescie_83_klatka_schodowa_widok_na_lukarne-1529x2048.jpg 1529w, http:\/\/lapidarium.fundacja-hereditas.pl\/wp-content\/uploads\/2023\/10\/A_Bakowska_Krakowskie_Przedmiescie_83_klatka_schodowa_widok_na_lukarne-150x201.jpg 150w, http:\/\/lapidarium.fundacja-hereditas.pl\/wp-content\/uploads\/2023\/10\/A_Bakowska_Krakowskie_Przedmiescie_83_klatka_schodowa_widok_na_lukarne-300x402.jpg 300w, http:\/\/lapidarium.fundacja-hereditas.pl\/wp-content\/uploads\/2023\/10\/A_Bakowska_Krakowskie_Przedmiescie_83_klatka_schodowa_widok_na_lukarne-696x932.jpg 696w, http:\/\/lapidarium.fundacja-hereditas.pl\/wp-content\/uploads\/2023\/10\/A_Bakowska_Krakowskie_Przedmiescie_83_klatka_schodowa_widok_na_lukarne-1068x1431.jpg 1068w, http:\/\/lapidarium.fundacja-hereditas.pl\/wp-content\/uploads\/2023\/10\/A_Bakowska_Krakowskie_Przedmiescie_83_klatka_schodowa_widok_na_lukarne-1920x2572.jpg 1920w, http:\/\/lapidarium.fundacja-hereditas.pl\/wp-content\/uploads\/2023\/10\/A_Bakowska_Krakowskie_Przedmiescie_83_klatka_schodowa_widok_na_lukarne-scaled.jpg 1911w\" sizes=\"auto, (max-width: 765px) 100vw, 765px\" \/><\/a><figcaption class=\"wp-element-caption\">Klatka schodowa widok na spocznik przed ostatnim pi\u0119trem. Fot. Aleksandra B\u0105kowska, 2023 r., \u017ar\u00f3d\u0142o: AOD IV.<\/figcaption><\/figure>\n\n\n\n<figure class=\"wp-block-image size-large\"><a href=\"http:\/\/lapidarium.fundacja-hereditas.pl\/wp-content\/uploads\/2023\/10\/A_Bakowska_Krakowskie_Przedmiescie_83_klatka_schodowa_spocznik_widok_na_ostatnie_pietro-scaled.jpg\"><img loading=\"lazy\" decoding=\"async\" width=\"785\" height=\"1024\" data-id=\"13801\" src=\"http:\/\/lapidarium.fundacja-hereditas.pl\/wp-content\/uploads\/2023\/10\/A_Bakowska_Krakowskie_Przedmiescie_83_klatka_schodowa_spocznik_widok_na_ostatnie_pietro-785x1024.jpg\" alt=\"\" class=\"wp-image-13801\" srcset=\"http:\/\/lapidarium.fundacja-hereditas.pl\/wp-content\/uploads\/2023\/10\/A_Bakowska_Krakowskie_Przedmiescie_83_klatka_schodowa_spocznik_widok_na_ostatnie_pietro-785x1024.jpg 785w, http:\/\/lapidarium.fundacja-hereditas.pl\/wp-content\/uploads\/2023\/10\/A_Bakowska_Krakowskie_Przedmiescie_83_klatka_schodowa_spocznik_widok_na_ostatnie_pietro-230x300.jpg 230w, http:\/\/lapidarium.fundacja-hereditas.pl\/wp-content\/uploads\/2023\/10\/A_Bakowska_Krakowskie_Przedmiescie_83_klatka_schodowa_spocznik_widok_na_ostatnie_pietro-768x1002.jpg 768w, http:\/\/lapidarium.fundacja-hereditas.pl\/wp-content\/uploads\/2023\/10\/A_Bakowska_Krakowskie_Przedmiescie_83_klatka_schodowa_spocznik_widok_na_ostatnie_pietro-1177x1536.jpg 1177w, http:\/\/lapidarium.fundacja-hereditas.pl\/wp-content\/uploads\/2023\/10\/A_Bakowska_Krakowskie_Przedmiescie_83_klatka_schodowa_spocznik_widok_na_ostatnie_pietro-1570x2048.jpg 1570w, http:\/\/lapidarium.fundacja-hereditas.pl\/wp-content\/uploads\/2023\/10\/A_Bakowska_Krakowskie_Przedmiescie_83_klatka_schodowa_spocznik_widok_na_ostatnie_pietro-150x196.jpg 150w, http:\/\/lapidarium.fundacja-hereditas.pl\/wp-content\/uploads\/2023\/10\/A_Bakowska_Krakowskie_Przedmiescie_83_klatka_schodowa_spocznik_widok_na_ostatnie_pietro-300x391.jpg 300w, http:\/\/lapidarium.fundacja-hereditas.pl\/wp-content\/uploads\/2023\/10\/A_Bakowska_Krakowskie_Przedmiescie_83_klatka_schodowa_spocznik_widok_na_ostatnie_pietro-696x908.jpg 696w, http:\/\/lapidarium.fundacja-hereditas.pl\/wp-content\/uploads\/2023\/10\/A_Bakowska_Krakowskie_Przedmiescie_83_klatka_schodowa_spocznik_widok_na_ostatnie_pietro-1068x1393.jpg 1068w, http:\/\/lapidarium.fundacja-hereditas.pl\/wp-content\/uploads\/2023\/10\/A_Bakowska_Krakowskie_Przedmiescie_83_klatka_schodowa_spocznik_widok_na_ostatnie_pietro-1920x2505.jpg 1920w, http:\/\/lapidarium.fundacja-hereditas.pl\/wp-content\/uploads\/2023\/10\/A_Bakowska_Krakowskie_Przedmiescie_83_klatka_schodowa_spocznik_widok_na_ostatnie_pietro-scaled.jpg 1962w\" sizes=\"auto, (max-width: 785px) 100vw, 785px\" \/><\/a><figcaption class=\"wp-element-caption\">Klatka schodowa, widok na ostatnie  pi\u0119tro i wyj\u015bcie na dach. Fot. Aleksandra B\u0105kowska, 2023 r., \u017ar\u00f3d\u0142o: AOD IV.<\/figcaption><\/figure>\n<\/figure>\n","protected":false},"excerpt":{"rendered":"<p>Miejsce o udokumentowanej zabudowie od XVII w. Ju\u017c ok. 1700 r. znajdowa\u0142a si\u0119 od strony Krakowskiego Przedmie\u015bcia parterowa, kamieniczka rymarza Kaspra. Z czasem jej miejsce zaj\u0105\u0142 o wiele wi\u0119kszy dwupi\u0119trowy dom frontowy \u2013 mia\u0142o to miejsce ok. 1750 r. W\u0142a\u015bcicielem nieruchomo\u015bci by\u0142 w\u00f3wczas oberleutnant Rosen, od kt\u00f3rego nazwiska pocz\u0119to obiekt nazywa\u0107 kamienic\u0105 Rozena. Ok. 1780 [&hellip;]<\/p>\n","protected":false},"author":6,"featured_media":13832,"comment_status":"open","ping_status":"open","sticky":false,"template":"","format":"standard","meta":{"footnotes":""},"categories":[18,4],"tags":[],"class_list":{"0":"post-13787","1":"post","2":"type-post","3":"status-publish","4":"format-standard","5":"has-post-thumbnail","7":"category-krakowskie-przedmiescie","8":"category-warszawa"},"_links":{"self":[{"href":"http:\/\/lapidarium.fundacja-hereditas.pl\/index.php\/wp-json\/wp\/v2\/posts\/13787","targetHints":{"allow":["GET"]}}],"collection":[{"href":"http:\/\/lapidarium.fundacja-hereditas.pl\/index.php\/wp-json\/wp\/v2\/posts"}],"about":[{"href":"http:\/\/lapidarium.fundacja-hereditas.pl\/index.php\/wp-json\/wp\/v2\/types\/post"}],"author":[{"embeddable":true,"href":"http:\/\/lapidarium.fundacja-hereditas.pl\/index.php\/wp-json\/wp\/v2\/users\/6"}],"replies":[{"embeddable":true,"href":"http:\/\/lapidarium.fundacja-hereditas.pl\/index.php\/wp-json\/wp\/v2\/comments?post=13787"}],"version-history":[{"count":6,"href":"http:\/\/lapidarium.fundacja-hereditas.pl\/index.php\/wp-json\/wp\/v2\/posts\/13787\/revisions"}],"predecessor-version":[{"id":15213,"href":"http:\/\/lapidarium.fundacja-hereditas.pl\/index.php\/wp-json\/wp\/v2\/posts\/13787\/revisions\/15213"}],"wp:featuredmedia":[{"embeddable":true,"href":"http:\/\/lapidarium.fundacja-hereditas.pl\/index.php\/wp-json\/wp\/v2\/media\/13832"}],"wp:attachment":[{"href":"http:\/\/lapidarium.fundacja-hereditas.pl\/index.php\/wp-json\/wp\/v2\/media?parent=13787"}],"wp:term":[{"taxonomy":"category","embeddable":true,"href":"http:\/\/lapidarium.fundacja-hereditas.pl\/index.php\/wp-json\/wp\/v2\/categories?post=13787"},{"taxonomy":"post_tag","embeddable":true,"href":"http:\/\/lapidarium.fundacja-hereditas.pl\/index.php\/wp-json\/wp\/v2\/tags?post=13787"}],"curies":[{"name":"wp","href":"https:\/\/api.w.org\/{rel}","templated":true}]}}