{"id":13359,"date":"2023-10-20T04:28:49","date_gmt":"2023-10-20T02:28:49","guid":{"rendered":"http:\/\/lapidarium.fundacja-hereditas.pl\/?p=13359"},"modified":"2023-11-12T21:08:52","modified_gmt":"2023-11-12T20:08:52","slug":"kamienica-danilowiczowska-18-warszawa","status":"publish","type":"post","link":"http:\/\/lapidarium.fundacja-hereditas.pl\/index.php\/2023\/10\/20\/kamienica-danilowiczowska-18-warszawa\/","title":{"rendered":"Kamienica ul. Dani\u0142owiczowska 18, Warszawa"},"content":{"rendered":"\n<p>Dom mieszkalny wzniesiony dla urz\u0119dnik\u00f3w Banku Pa\u0144stwa w 1912 r. Jeden z nielicznych ocala\u0142ych gmach\u00f3w z ca\u0142ego kompleksu zabudowa\u0144 banku (po I wojnie \u015bwiatowej Bank Polski), wznoszonych pomi\u0119dzy 1907 a 1912 r. Gmach g\u0142\u00f3wny od strony ul. Biela\u0144skiej wg proj. Leontija Benois\u2019a, ocala\u0142y z po\u017cogi wojennej w nie najgorszym stanie, by\u0142 po wojnie planowo nieodbudowywany i etapami rozbierany, a\u017c do lat 60. XX w. Ocala\u0142e nieliczne fragmenty zosta\u0142y w ostatnich latach zabezpieczone, a cz\u0119\u015bciowo w\u0142\u0105czone w nowo powsta\u0142y biurowiec. Wi\u0119cej szcz\u0119\u015bcia mia\u0142a opisywana tu kamienica. W wyniku dzia\u0142a\u0144 wojennych dozna\u0142a nielicznych tylko uszkodze\u0144 ostatniego pi\u0119tra &#8211; dom by\u0142 wznoszony z u\u017cyciem nowoczesnych, ogniotrwa\u0142ych technologii. Przetrwa\u0142 bombardowania i po\u017cary, by po wojnie zosta\u0107 zaadaptowanym, jak uprzednio, na cele mieszkalne. Utrzymany w nale\u017cytym stanie.<\/p>\n\n\n\n<figure class=\"wp-block-gallery has-nested-images columns-default is-cropped wp-block-gallery-1 is-layout-flex wp-block-gallery-is-layout-flex\">\n<figure class=\"wp-block-image size-large\"><a href=\"http:\/\/lapidarium.fundacja-hereditas.pl\/wp-content\/uploads\/2023\/10\/A_Laskowska_Wwa_Danilowiczowska_18_elewacja_pld-scaled.jpg\"><img loading=\"lazy\" decoding=\"async\" width=\"1024\" height=\"511\" data-id=\"13363\" src=\"http:\/\/lapidarium.fundacja-hereditas.pl\/wp-content\/uploads\/2023\/10\/A_Laskowska_Wwa_Danilowiczowska_18_elewacja_pld-1024x511.jpg\" alt=\"\" class=\"wp-image-13363\" srcset=\"http:\/\/lapidarium.fundacja-hereditas.pl\/wp-content\/uploads\/2023\/10\/A_Laskowska_Wwa_Danilowiczowska_18_elewacja_pld-1024x511.jpg 1024w, http:\/\/lapidarium.fundacja-hereditas.pl\/wp-content\/uploads\/2023\/10\/A_Laskowska_Wwa_Danilowiczowska_18_elewacja_pld-300x150.jpg 300w, http:\/\/lapidarium.fundacja-hereditas.pl\/wp-content\/uploads\/2023\/10\/A_Laskowska_Wwa_Danilowiczowska_18_elewacja_pld-768x383.jpg 768w, http:\/\/lapidarium.fundacja-hereditas.pl\/wp-content\/uploads\/2023\/10\/A_Laskowska_Wwa_Danilowiczowska_18_elewacja_pld-1536x766.jpg 1536w, http:\/\/lapidarium.fundacja-hereditas.pl\/wp-content\/uploads\/2023\/10\/A_Laskowska_Wwa_Danilowiczowska_18_elewacja_pld-2048x1021.jpg 2048w, http:\/\/lapidarium.fundacja-hereditas.pl\/wp-content\/uploads\/2023\/10\/A_Laskowska_Wwa_Danilowiczowska_18_elewacja_pld-150x75.jpg 150w, http:\/\/lapidarium.fundacja-hereditas.pl\/wp-content\/uploads\/2023\/10\/A_Laskowska_Wwa_Danilowiczowska_18_elewacja_pld-696x347.jpg 696w, http:\/\/lapidarium.fundacja-hereditas.pl\/wp-content\/uploads\/2023\/10\/A_Laskowska_Wwa_Danilowiczowska_18_elewacja_pld-1068x533.jpg 1068w, http:\/\/lapidarium.fundacja-hereditas.pl\/wp-content\/uploads\/2023\/10\/A_Laskowska_Wwa_Danilowiczowska_18_elewacja_pld-1920x958.jpg 1920w\" sizes=\"auto, (max-width: 1024px) 100vw, 1024px\" \/><\/a><figcaption class=\"wp-element-caption\">Fasada budynku. Widok od po\u0142udnia. Fot. Anna Laskowska, 2023 r., \u017ar\u00f3d\u0142o: AOD IV.<\/figcaption><\/figure>\n\n\n\n<figure class=\"wp-block-image size-large\"><a href=\"http:\/\/lapidarium.fundacja-hereditas.pl\/wp-content\/uploads\/2023\/10\/Lucja_Marcinkowska_Danilowiczowska_18_elewacja_podworzowa-scaled.jpg\"><img loading=\"lazy\" decoding=\"async\" width=\"1024\" height=\"797\" data-id=\"13393\" src=\"http:\/\/lapidarium.fundacja-hereditas.pl\/wp-content\/uploads\/2023\/10\/Lucja_Marcinkowska_Danilowiczowska_18_elewacja_podworzowa-1024x797.jpg\" alt=\"\" class=\"wp-image-13393\" srcset=\"http:\/\/lapidarium.fundacja-hereditas.pl\/wp-content\/uploads\/2023\/10\/Lucja_Marcinkowska_Danilowiczowska_18_elewacja_podworzowa-1024x797.jpg 1024w, http:\/\/lapidarium.fundacja-hereditas.pl\/wp-content\/uploads\/2023\/10\/Lucja_Marcinkowska_Danilowiczowska_18_elewacja_podworzowa-300x233.jpg 300w, http:\/\/lapidarium.fundacja-hereditas.pl\/wp-content\/uploads\/2023\/10\/Lucja_Marcinkowska_Danilowiczowska_18_elewacja_podworzowa-768x597.jpg 768w, http:\/\/lapidarium.fundacja-hereditas.pl\/wp-content\/uploads\/2023\/10\/Lucja_Marcinkowska_Danilowiczowska_18_elewacja_podworzowa-1536x1195.jpg 1536w, http:\/\/lapidarium.fundacja-hereditas.pl\/wp-content\/uploads\/2023\/10\/Lucja_Marcinkowska_Danilowiczowska_18_elewacja_podworzowa-2048x1593.jpg 2048w, http:\/\/lapidarium.fundacja-hereditas.pl\/wp-content\/uploads\/2023\/10\/Lucja_Marcinkowska_Danilowiczowska_18_elewacja_podworzowa-150x117.jpg 150w, http:\/\/lapidarium.fundacja-hereditas.pl\/wp-content\/uploads\/2023\/10\/Lucja_Marcinkowska_Danilowiczowska_18_elewacja_podworzowa-696x541.jpg 696w, http:\/\/lapidarium.fundacja-hereditas.pl\/wp-content\/uploads\/2023\/10\/Lucja_Marcinkowska_Danilowiczowska_18_elewacja_podworzowa-1068x831.jpg 1068w, http:\/\/lapidarium.fundacja-hereditas.pl\/wp-content\/uploads\/2023\/10\/Lucja_Marcinkowska_Danilowiczowska_18_elewacja_podworzowa-1920x1493.jpg 1920w\" sizes=\"auto, (max-width: 1024px) 100vw, 1024px\" \/><\/a><figcaption class=\"wp-element-caption\">Elewacja podw\u00f3rzowa. Fot. \u0141ucja Marcinkowska, 2023 r., \u017ar\u00f3d\u0142o: AOD IV.<\/figcaption><\/figure>\n\n\n\n<figure class=\"wp-block-image size-large\"><a href=\"http:\/\/lapidarium.fundacja-hereditas.pl\/wp-content\/uploads\/2023\/10\/A_Laskowska_Wwa_Danilowiczowska_18_elewacja_pln-scaled.jpg\"><img loading=\"lazy\" decoding=\"async\" width=\"1024\" height=\"597\" data-id=\"13372\" src=\"http:\/\/lapidarium.fundacja-hereditas.pl\/wp-content\/uploads\/2023\/10\/A_Laskowska_Wwa_Danilowiczowska_18_elewacja_pln-1024x597.jpg\" alt=\"\" class=\"wp-image-13372\" srcset=\"http:\/\/lapidarium.fundacja-hereditas.pl\/wp-content\/uploads\/2023\/10\/A_Laskowska_Wwa_Danilowiczowska_18_elewacja_pln-1024x597.jpg 1024w, http:\/\/lapidarium.fundacja-hereditas.pl\/wp-content\/uploads\/2023\/10\/A_Laskowska_Wwa_Danilowiczowska_18_elewacja_pln-300x175.jpg 300w, http:\/\/lapidarium.fundacja-hereditas.pl\/wp-content\/uploads\/2023\/10\/A_Laskowska_Wwa_Danilowiczowska_18_elewacja_pln-768x448.jpg 768w, http:\/\/lapidarium.fundacja-hereditas.pl\/wp-content\/uploads\/2023\/10\/A_Laskowska_Wwa_Danilowiczowska_18_elewacja_pln-1536x896.jpg 1536w, http:\/\/lapidarium.fundacja-hereditas.pl\/wp-content\/uploads\/2023\/10\/A_Laskowska_Wwa_Danilowiczowska_18_elewacja_pln-2048x1195.jpg 2048w, http:\/\/lapidarium.fundacja-hereditas.pl\/wp-content\/uploads\/2023\/10\/A_Laskowska_Wwa_Danilowiczowska_18_elewacja_pln-150x88.jpg 150w, http:\/\/lapidarium.fundacja-hereditas.pl\/wp-content\/uploads\/2023\/10\/A_Laskowska_Wwa_Danilowiczowska_18_elewacja_pln-696x406.jpg 696w, http:\/\/lapidarium.fundacja-hereditas.pl\/wp-content\/uploads\/2023\/10\/A_Laskowska_Wwa_Danilowiczowska_18_elewacja_pln-1068x623.jpg 1068w, http:\/\/lapidarium.fundacja-hereditas.pl\/wp-content\/uploads\/2023\/10\/A_Laskowska_Wwa_Danilowiczowska_18_elewacja_pln-1920x1120.jpg 1920w\" sizes=\"auto, (max-width: 1024px) 100vw, 1024px\" \/><\/a><figcaption class=\"wp-element-caption\">Elewacja p\u00f3\u0142nocna. Widok og\u00f3lny. Fot. Anna Laskowska, 2023 r., \u017ar\u00f3d\u0142o: AOD IV.<\/figcaption><\/figure>\n\n\n\n<figure class=\"wp-block-image size-large\"><a href=\"http:\/\/lapidarium.fundacja-hereditas.pl\/wp-content\/uploads\/2023\/10\/A_Laskowska_Wwa_Danilowiczowska_18_elewacja_pln_os_5_strona_wsch_drzwi_do_klatki-scaled.jpg\"><img loading=\"lazy\" decoding=\"async\" width=\"798\" height=\"1024\" data-id=\"13375\" src=\"http:\/\/lapidarium.fundacja-hereditas.pl\/wp-content\/uploads\/2023\/10\/A_Laskowska_Wwa_Danilowiczowska_18_elewacja_pln_os_5_strona_wsch_drzwi_do_klatki-798x1024.jpg\" alt=\"\" class=\"wp-image-13375\" srcset=\"http:\/\/lapidarium.fundacja-hereditas.pl\/wp-content\/uploads\/2023\/10\/A_Laskowska_Wwa_Danilowiczowska_18_elewacja_pln_os_5_strona_wsch_drzwi_do_klatki-798x1024.jpg 798w, http:\/\/lapidarium.fundacja-hereditas.pl\/wp-content\/uploads\/2023\/10\/A_Laskowska_Wwa_Danilowiczowska_18_elewacja_pln_os_5_strona_wsch_drzwi_do_klatki-234x300.jpg 234w, http:\/\/lapidarium.fundacja-hereditas.pl\/wp-content\/uploads\/2023\/10\/A_Laskowska_Wwa_Danilowiczowska_18_elewacja_pln_os_5_strona_wsch_drzwi_do_klatki-768x985.jpg 768w, http:\/\/lapidarium.fundacja-hereditas.pl\/wp-content\/uploads\/2023\/10\/A_Laskowska_Wwa_Danilowiczowska_18_elewacja_pln_os_5_strona_wsch_drzwi_do_klatki-1198x1536.jpg 1198w, http:\/\/lapidarium.fundacja-hereditas.pl\/wp-content\/uploads\/2023\/10\/A_Laskowska_Wwa_Danilowiczowska_18_elewacja_pln_os_5_strona_wsch_drzwi_do_klatki-1597x2048.jpg 1597w, http:\/\/lapidarium.fundacja-hereditas.pl\/wp-content\/uploads\/2023\/10\/A_Laskowska_Wwa_Danilowiczowska_18_elewacja_pln_os_5_strona_wsch_drzwi_do_klatki-150x192.jpg 150w, http:\/\/lapidarium.fundacja-hereditas.pl\/wp-content\/uploads\/2023\/10\/A_Laskowska_Wwa_Danilowiczowska_18_elewacja_pln_os_5_strona_wsch_drzwi_do_klatki-300x385.jpg 300w, http:\/\/lapidarium.fundacja-hereditas.pl\/wp-content\/uploads\/2023\/10\/A_Laskowska_Wwa_Danilowiczowska_18_elewacja_pln_os_5_strona_wsch_drzwi_do_klatki-696x893.jpg 696w, http:\/\/lapidarium.fundacja-hereditas.pl\/wp-content\/uploads\/2023\/10\/A_Laskowska_Wwa_Danilowiczowska_18_elewacja_pln_os_5_strona_wsch_drzwi_do_klatki-1068x1370.jpg 1068w, http:\/\/lapidarium.fundacja-hereditas.pl\/wp-content\/uploads\/2023\/10\/A_Laskowska_Wwa_Danilowiczowska_18_elewacja_pln_os_5_strona_wsch_drzwi_do_klatki-1920x2463.jpg 1920w, http:\/\/lapidarium.fundacja-hereditas.pl\/wp-content\/uploads\/2023\/10\/A_Laskowska_Wwa_Danilowiczowska_18_elewacja_pln_os_5_strona_wsch_drzwi_do_klatki-scaled.jpg 1996w\" sizes=\"auto, (max-width: 798px) 100vw, 798px\" \/><\/a><figcaption class=\"wp-element-caption\">Elewacja p\u00f3\u0142nocna, wej\u015bcie do klatki wschodniej. Uszkodzone k\u0105towniki wzmacniaj\u0105ce stopnie. Fot. Anna Laskowska, 2023 r., \u017ar\u00f3d\u0142o: AOD IV.<\/figcaption><\/figure>\n\n\n\n<figure class=\"wp-block-image size-large\"><a href=\"http:\/\/lapidarium.fundacja-hereditas.pl\/wp-content\/uploads\/2023\/10\/A_Laskowska_Wwa_Danilowiczowska_18_elewacja_pln_os_5_strona_zach_drzwi_do_klatki-scaled.jpg\"><img loading=\"lazy\" decoding=\"async\" width=\"953\" height=\"1024\" data-id=\"13376\" src=\"http:\/\/lapidarium.fundacja-hereditas.pl\/wp-content\/uploads\/2023\/10\/A_Laskowska_Wwa_Danilowiczowska_18_elewacja_pln_os_5_strona_zach_drzwi_do_klatki-953x1024.jpg\" alt=\"\" class=\"wp-image-13376\" srcset=\"http:\/\/lapidarium.fundacja-hereditas.pl\/wp-content\/uploads\/2023\/10\/A_Laskowska_Wwa_Danilowiczowska_18_elewacja_pln_os_5_strona_zach_drzwi_do_klatki-953x1024.jpg 953w, http:\/\/lapidarium.fundacja-hereditas.pl\/wp-content\/uploads\/2023\/10\/A_Laskowska_Wwa_Danilowiczowska_18_elewacja_pln_os_5_strona_zach_drzwi_do_klatki-279x300.jpg 279w, http:\/\/lapidarium.fundacja-hereditas.pl\/wp-content\/uploads\/2023\/10\/A_Laskowska_Wwa_Danilowiczowska_18_elewacja_pln_os_5_strona_zach_drzwi_do_klatki-768x825.jpg 768w, http:\/\/lapidarium.fundacja-hereditas.pl\/wp-content\/uploads\/2023\/10\/A_Laskowska_Wwa_Danilowiczowska_18_elewacja_pln_os_5_strona_zach_drzwi_do_klatki-1429x1536.jpg 1429w, http:\/\/lapidarium.fundacja-hereditas.pl\/wp-content\/uploads\/2023\/10\/A_Laskowska_Wwa_Danilowiczowska_18_elewacja_pln_os_5_strona_zach_drzwi_do_klatki-1905x2048.jpg 1905w, http:\/\/lapidarium.fundacja-hereditas.pl\/wp-content\/uploads\/2023\/10\/A_Laskowska_Wwa_Danilowiczowska_18_elewacja_pln_os_5_strona_zach_drzwi_do_klatki-150x161.jpg 150w, http:\/\/lapidarium.fundacja-hereditas.pl\/wp-content\/uploads\/2023\/10\/A_Laskowska_Wwa_Danilowiczowska_18_elewacja_pln_os_5_strona_zach_drzwi_do_klatki-300x322.jpg 300w, http:\/\/lapidarium.fundacja-hereditas.pl\/wp-content\/uploads\/2023\/10\/A_Laskowska_Wwa_Danilowiczowska_18_elewacja_pln_os_5_strona_zach_drzwi_do_klatki-696x748.jpg 696w, http:\/\/lapidarium.fundacja-hereditas.pl\/wp-content\/uploads\/2023\/10\/A_Laskowska_Wwa_Danilowiczowska_18_elewacja_pln_os_5_strona_zach_drzwi_do_klatki-1068x1148.jpg 1068w, http:\/\/lapidarium.fundacja-hereditas.pl\/wp-content\/uploads\/2023\/10\/A_Laskowska_Wwa_Danilowiczowska_18_elewacja_pln_os_5_strona_zach_drzwi_do_klatki-1920x2064.jpg 1920w\" sizes=\"auto, (max-width: 953px) 100vw, 953px\" \/><\/a><figcaption class=\"wp-element-caption\">Elewacja p\u00f3\u0142nocna, wej\u015bcie do klatki zachodniej. Fot. Anna Laskowska, 2023 r., \u017ar\u00f3d\u0142o: AOD IV.<\/figcaption><\/figure>\n\n\n\n<figure class=\"wp-block-image size-large\"><a href=\"http:\/\/lapidarium.fundacja-hereditas.pl\/wp-content\/uploads\/2023\/10\/A_Laskowska_Wwa_Danilowiczowska_18_elewacja_pln_os_5_drzwi_detal-scaled.jpg\"><img loading=\"lazy\" decoding=\"async\" width=\"962\" height=\"1024\" data-id=\"13374\" src=\"http:\/\/lapidarium.fundacja-hereditas.pl\/wp-content\/uploads\/2023\/10\/A_Laskowska_Wwa_Danilowiczowska_18_elewacja_pln_os_5_drzwi_detal-962x1024.jpg\" alt=\"\" class=\"wp-image-13374\" srcset=\"http:\/\/lapidarium.fundacja-hereditas.pl\/wp-content\/uploads\/2023\/10\/A_Laskowska_Wwa_Danilowiczowska_18_elewacja_pln_os_5_drzwi_detal-962x1024.jpg 962w, http:\/\/lapidarium.fundacja-hereditas.pl\/wp-content\/uploads\/2023\/10\/A_Laskowska_Wwa_Danilowiczowska_18_elewacja_pln_os_5_drzwi_detal-282x300.jpg 282w, http:\/\/lapidarium.fundacja-hereditas.pl\/wp-content\/uploads\/2023\/10\/A_Laskowska_Wwa_Danilowiczowska_18_elewacja_pln_os_5_drzwi_detal-768x817.jpg 768w, http:\/\/lapidarium.fundacja-hereditas.pl\/wp-content\/uploads\/2023\/10\/A_Laskowska_Wwa_Danilowiczowska_18_elewacja_pln_os_5_drzwi_detal-1443x1536.jpg 1443w, http:\/\/lapidarium.fundacja-hereditas.pl\/wp-content\/uploads\/2023\/10\/A_Laskowska_Wwa_Danilowiczowska_18_elewacja_pln_os_5_drzwi_detal-1925x2048.jpg 1925w, http:\/\/lapidarium.fundacja-hereditas.pl\/wp-content\/uploads\/2023\/10\/A_Laskowska_Wwa_Danilowiczowska_18_elewacja_pln_os_5_drzwi_detal-150x160.jpg 150w, http:\/\/lapidarium.fundacja-hereditas.pl\/wp-content\/uploads\/2023\/10\/A_Laskowska_Wwa_Danilowiczowska_18_elewacja_pln_os_5_drzwi_detal-300x319.jpg 300w, http:\/\/lapidarium.fundacja-hereditas.pl\/wp-content\/uploads\/2023\/10\/A_Laskowska_Wwa_Danilowiczowska_18_elewacja_pln_os_5_drzwi_detal-696x741.jpg 696w, http:\/\/lapidarium.fundacja-hereditas.pl\/wp-content\/uploads\/2023\/10\/A_Laskowska_Wwa_Danilowiczowska_18_elewacja_pln_os_5_drzwi_detal-1068x1136.jpg 1068w, http:\/\/lapidarium.fundacja-hereditas.pl\/wp-content\/uploads\/2023\/10\/A_Laskowska_Wwa_Danilowiczowska_18_elewacja_pln_os_5_drzwi_detal-1920x2043.jpg 1920w\" sizes=\"auto, (max-width: 962px) 100vw, 962px\" \/><\/a><figcaption class=\"wp-element-caption\">Elewacja p\u00f3\u0142nocna, wej\u015bcie do klatki zachodniej. Ga\u0142ka szyld z zakryciem do drzwi. Fot. Anna Laskowska, 2023 r., \u017ar\u00f3d\u0142o: AOD IV.<\/figcaption><\/figure>\n\n\n\n<figure class=\"wp-block-image size-large\"><a href=\"http:\/\/lapidarium.fundacja-hereditas.pl\/wp-content\/uploads\/2023\/10\/A_Laskowska_Wwa_Danilpwiczowska_18_elewacja_pln_str_wsch_os_3_pietro_II_okno-scaled.jpg\"><img loading=\"lazy\" decoding=\"async\" width=\"788\" height=\"1024\" data-id=\"13384\" src=\"http:\/\/lapidarium.fundacja-hereditas.pl\/wp-content\/uploads\/2023\/10\/A_Laskowska_Wwa_Danilpwiczowska_18_elewacja_pln_str_wsch_os_3_pietro_II_okno-788x1024.jpg\" alt=\"\" class=\"wp-image-13384\" srcset=\"http:\/\/lapidarium.fundacja-hereditas.pl\/wp-content\/uploads\/2023\/10\/A_Laskowska_Wwa_Danilpwiczowska_18_elewacja_pln_str_wsch_os_3_pietro_II_okno-788x1024.jpg 788w, http:\/\/lapidarium.fundacja-hereditas.pl\/wp-content\/uploads\/2023\/10\/A_Laskowska_Wwa_Danilpwiczowska_18_elewacja_pln_str_wsch_os_3_pietro_II_okno-231x300.jpg 231w, http:\/\/lapidarium.fundacja-hereditas.pl\/wp-content\/uploads\/2023\/10\/A_Laskowska_Wwa_Danilpwiczowska_18_elewacja_pln_str_wsch_os_3_pietro_II_okno-768x997.jpg 768w, http:\/\/lapidarium.fundacja-hereditas.pl\/wp-content\/uploads\/2023\/10\/A_Laskowska_Wwa_Danilpwiczowska_18_elewacja_pln_str_wsch_os_3_pietro_II_okno-1183x1536.jpg 1183w, http:\/\/lapidarium.fundacja-hereditas.pl\/wp-content\/uploads\/2023\/10\/A_Laskowska_Wwa_Danilpwiczowska_18_elewacja_pln_str_wsch_os_3_pietro_II_okno-1577x2048.jpg 1577w, http:\/\/lapidarium.fundacja-hereditas.pl\/wp-content\/uploads\/2023\/10\/A_Laskowska_Wwa_Danilpwiczowska_18_elewacja_pln_str_wsch_os_3_pietro_II_okno-150x195.jpg 150w, http:\/\/lapidarium.fundacja-hereditas.pl\/wp-content\/uploads\/2023\/10\/A_Laskowska_Wwa_Danilpwiczowska_18_elewacja_pln_str_wsch_os_3_pietro_II_okno-300x390.jpg 300w, http:\/\/lapidarium.fundacja-hereditas.pl\/wp-content\/uploads\/2023\/10\/A_Laskowska_Wwa_Danilpwiczowska_18_elewacja_pln_str_wsch_os_3_pietro_II_okno-696x904.jpg 696w, http:\/\/lapidarium.fundacja-hereditas.pl\/wp-content\/uploads\/2023\/10\/A_Laskowska_Wwa_Danilpwiczowska_18_elewacja_pln_str_wsch_os_3_pietro_II_okno-1068x1387.jpg 1068w, http:\/\/lapidarium.fundacja-hereditas.pl\/wp-content\/uploads\/2023\/10\/A_Laskowska_Wwa_Danilpwiczowska_18_elewacja_pln_str_wsch_os_3_pietro_II_okno-1920x2494.jpg 1920w, http:\/\/lapidarium.fundacja-hereditas.pl\/wp-content\/uploads\/2023\/10\/A_Laskowska_Wwa_Danilpwiczowska_18_elewacja_pln_str_wsch_os_3_pietro_II_okno-scaled.jpg 1971w\" sizes=\"auto, (max-width: 788px) 100vw, 788px\" \/><\/a><figcaption class=\"wp-element-caption\">Elewacja p\u00f3\u0142nocna, strona wschodnia, II pi\u0119tro, III o\u015b. Fot. Anna Laskowska, 2023 r., \u017ar\u00f3d\u0142o: AOD IV.<\/figcaption><\/figure>\n\n\n\n<figure class=\"wp-block-image size-large\"><a href=\"http:\/\/lapidarium.fundacja-hereditas.pl\/wp-content\/uploads\/2023\/10\/A_Laskowska_Wwa_Danilowiczowska_18_elewacja_pln_strona_wsch_os_5_pietro_IV_okno-scaled.jpg\"><img loading=\"lazy\" decoding=\"async\" width=\"1024\" height=\"926\" data-id=\"13379\" src=\"http:\/\/lapidarium.fundacja-hereditas.pl\/wp-content\/uploads\/2023\/10\/A_Laskowska_Wwa_Danilowiczowska_18_elewacja_pln_strona_wsch_os_5_pietro_IV_okno-1024x926.jpg\" alt=\"\" class=\"wp-image-13379\" srcset=\"http:\/\/lapidarium.fundacja-hereditas.pl\/wp-content\/uploads\/2023\/10\/A_Laskowska_Wwa_Danilowiczowska_18_elewacja_pln_strona_wsch_os_5_pietro_IV_okno-1024x926.jpg 1024w, http:\/\/lapidarium.fundacja-hereditas.pl\/wp-content\/uploads\/2023\/10\/A_Laskowska_Wwa_Danilowiczowska_18_elewacja_pln_strona_wsch_os_5_pietro_IV_okno-300x271.jpg 300w, http:\/\/lapidarium.fundacja-hereditas.pl\/wp-content\/uploads\/2023\/10\/A_Laskowska_Wwa_Danilowiczowska_18_elewacja_pln_strona_wsch_os_5_pietro_IV_okno-768x694.jpg 768w, http:\/\/lapidarium.fundacja-hereditas.pl\/wp-content\/uploads\/2023\/10\/A_Laskowska_Wwa_Danilowiczowska_18_elewacja_pln_strona_wsch_os_5_pietro_IV_okno-1536x1389.jpg 1536w, http:\/\/lapidarium.fundacja-hereditas.pl\/wp-content\/uploads\/2023\/10\/A_Laskowska_Wwa_Danilowiczowska_18_elewacja_pln_strona_wsch_os_5_pietro_IV_okno-2048x1852.jpg 2048w, http:\/\/lapidarium.fundacja-hereditas.pl\/wp-content\/uploads\/2023\/10\/A_Laskowska_Wwa_Danilowiczowska_18_elewacja_pln_strona_wsch_os_5_pietro_IV_okno-150x136.jpg 150w, http:\/\/lapidarium.fundacja-hereditas.pl\/wp-content\/uploads\/2023\/10\/A_Laskowska_Wwa_Danilowiczowska_18_elewacja_pln_strona_wsch_os_5_pietro_IV_okno-696x629.jpg 696w, http:\/\/lapidarium.fundacja-hereditas.pl\/wp-content\/uploads\/2023\/10\/A_Laskowska_Wwa_Danilowiczowska_18_elewacja_pln_strona_wsch_os_5_pietro_IV_okno-1068x966.jpg 1068w, http:\/\/lapidarium.fundacja-hereditas.pl\/wp-content\/uploads\/2023\/10\/A_Laskowska_Wwa_Danilowiczowska_18_elewacja_pln_strona_wsch_os_5_pietro_IV_okno-1920x1736.jpg 1920w\" sizes=\"auto, (max-width: 1024px) 100vw, 1024px\" \/><\/a><figcaption class=\"wp-element-caption\">Elewacja p\u00f3\u0142nocna, strona wschodnia, IV pi\u0119tro, V o\u015b. Fot. Anna Laskowska, 2023 r., \u017ar\u00f3d\u0142o: AOD IV.<\/figcaption><\/figure>\n\n\n\n<figure class=\"wp-block-image size-large\"><a href=\"http:\/\/lapidarium.fundacja-hereditas.pl\/wp-content\/uploads\/2023\/10\/A_Laskowska_Wwa_Danilowiczowska_18_elewacja_pln_os_4_strona_wsch_pietro_I_detal_podokienny-scaled.jpg\"><img loading=\"lazy\" decoding=\"async\" width=\"1024\" height=\"775\" data-id=\"13373\" src=\"http:\/\/lapidarium.fundacja-hereditas.pl\/wp-content\/uploads\/2023\/10\/A_Laskowska_Wwa_Danilowiczowska_18_elewacja_pln_os_4_strona_wsch_pietro_I_detal_podokienny-1024x775.jpg\" alt=\"\" class=\"wp-image-13373\" srcset=\"http:\/\/lapidarium.fundacja-hereditas.pl\/wp-content\/uploads\/2023\/10\/A_Laskowska_Wwa_Danilowiczowska_18_elewacja_pln_os_4_strona_wsch_pietro_I_detal_podokienny-1024x775.jpg 1024w, http:\/\/lapidarium.fundacja-hereditas.pl\/wp-content\/uploads\/2023\/10\/A_Laskowska_Wwa_Danilowiczowska_18_elewacja_pln_os_4_strona_wsch_pietro_I_detal_podokienny-300x227.jpg 300w, http:\/\/lapidarium.fundacja-hereditas.pl\/wp-content\/uploads\/2023\/10\/A_Laskowska_Wwa_Danilowiczowska_18_elewacja_pln_os_4_strona_wsch_pietro_I_detal_podokienny-768x581.jpg 768w, http:\/\/lapidarium.fundacja-hereditas.pl\/wp-content\/uploads\/2023\/10\/A_Laskowska_Wwa_Danilowiczowska_18_elewacja_pln_os_4_strona_wsch_pietro_I_detal_podokienny-1536x1162.jpg 1536w, http:\/\/lapidarium.fundacja-hereditas.pl\/wp-content\/uploads\/2023\/10\/A_Laskowska_Wwa_Danilowiczowska_18_elewacja_pln_os_4_strona_wsch_pietro_I_detal_podokienny-2048x1550.jpg 2048w, http:\/\/lapidarium.fundacja-hereditas.pl\/wp-content\/uploads\/2023\/10\/A_Laskowska_Wwa_Danilowiczowska_18_elewacja_pln_os_4_strona_wsch_pietro_I_detal_podokienny-150x114.jpg 150w, http:\/\/lapidarium.fundacja-hereditas.pl\/wp-content\/uploads\/2023\/10\/A_Laskowska_Wwa_Danilowiczowska_18_elewacja_pln_os_4_strona_wsch_pietro_I_detal_podokienny-696x527.jpg 696w, http:\/\/lapidarium.fundacja-hereditas.pl\/wp-content\/uploads\/2023\/10\/A_Laskowska_Wwa_Danilowiczowska_18_elewacja_pln_os_4_strona_wsch_pietro_I_detal_podokienny-1068x808.jpg 1068w, http:\/\/lapidarium.fundacja-hereditas.pl\/wp-content\/uploads\/2023\/10\/A_Laskowska_Wwa_Danilowiczowska_18_elewacja_pln_os_4_strona_wsch_pietro_I_detal_podokienny-1920x1453.jpg 1920w\" sizes=\"auto, (max-width: 1024px) 100vw, 1024px\" \/><\/a><figcaption class=\"wp-element-caption\">Elewacja p\u00f3\u0142nocna, strona wschodnia, I pi\u0119tro, IV o\u015b. Kratka wentylacyjna. Fot. Anna Laskowska, 2023 r., \u017ar\u00f3d\u0142o: AOD IV.<\/figcaption><\/figure>\n\n\n\n<figure class=\"wp-block-image size-large\"><a href=\"http:\/\/lapidarium.fundacja-hereditas.pl\/wp-content\/uploads\/2023\/10\/A_Laskowska_Wwa_Danilowiczowska_18_naroze_elewacji_zach_i_plnj_-scaled.jpg\"><img loading=\"lazy\" decoding=\"async\" width=\"774\" height=\"1024\" data-id=\"13383\" src=\"http:\/\/lapidarium.fundacja-hereditas.pl\/wp-content\/uploads\/2023\/10\/A_Laskowska_Wwa_Danilowiczowska_18_naroze_elewacji_zach_i_plnj_-774x1024.jpg\" alt=\"\" class=\"wp-image-13383\" srcset=\"http:\/\/lapidarium.fundacja-hereditas.pl\/wp-content\/uploads\/2023\/10\/A_Laskowska_Wwa_Danilowiczowska_18_naroze_elewacji_zach_i_plnj_-774x1024.jpg 774w, http:\/\/lapidarium.fundacja-hereditas.pl\/wp-content\/uploads\/2023\/10\/A_Laskowska_Wwa_Danilowiczowska_18_naroze_elewacji_zach_i_plnj_-227x300.jpg 227w, http:\/\/lapidarium.fundacja-hereditas.pl\/wp-content\/uploads\/2023\/10\/A_Laskowska_Wwa_Danilowiczowska_18_naroze_elewacji_zach_i_plnj_-768x1016.jpg 768w, http:\/\/lapidarium.fundacja-hereditas.pl\/wp-content\/uploads\/2023\/10\/A_Laskowska_Wwa_Danilowiczowska_18_naroze_elewacji_zach_i_plnj_-1161x1536.jpg 1161w, http:\/\/lapidarium.fundacja-hereditas.pl\/wp-content\/uploads\/2023\/10\/A_Laskowska_Wwa_Danilowiczowska_18_naroze_elewacji_zach_i_plnj_-1548x2048.jpg 1548w, http:\/\/lapidarium.fundacja-hereditas.pl\/wp-content\/uploads\/2023\/10\/A_Laskowska_Wwa_Danilowiczowska_18_naroze_elewacji_zach_i_plnj_-150x198.jpg 150w, http:\/\/lapidarium.fundacja-hereditas.pl\/wp-content\/uploads\/2023\/10\/A_Laskowska_Wwa_Danilowiczowska_18_naroze_elewacji_zach_i_plnj_-300x397.jpg 300w, http:\/\/lapidarium.fundacja-hereditas.pl\/wp-content\/uploads\/2023\/10\/A_Laskowska_Wwa_Danilowiczowska_18_naroze_elewacji_zach_i_plnj_-696x921.jpg 696w, http:\/\/lapidarium.fundacja-hereditas.pl\/wp-content\/uploads\/2023\/10\/A_Laskowska_Wwa_Danilowiczowska_18_naroze_elewacji_zach_i_plnj_-1068x1413.jpg 1068w, http:\/\/lapidarium.fundacja-hereditas.pl\/wp-content\/uploads\/2023\/10\/A_Laskowska_Wwa_Danilowiczowska_18_naroze_elewacji_zach_i_plnj_-1920x2540.jpg 1920w, http:\/\/lapidarium.fundacja-hereditas.pl\/wp-content\/uploads\/2023\/10\/A_Laskowska_Wwa_Danilowiczowska_18_naroze_elewacji_zach_i_plnj_-scaled.jpg 1935w\" sizes=\"auto, (max-width: 774px) 100vw, 774px\" \/><\/a><figcaption class=\"wp-element-caption\">Naro\u017cnik p\u00f3\u0142nocno-zachodni. Fot. Anna Laskowska, 2023 r., \u017ar\u00f3d\u0142o: AOD IV.<\/figcaption><\/figure>\n\n\n\n<figure class=\"wp-block-image size-large\"><a href=\"http:\/\/lapidarium.fundacja-hereditas.pl\/wp-content\/uploads\/2023\/10\/A_Laskowska_Wwa_Danilowiczowska_18_naroze_elewacji_zach_i_pln-scaled.jpg\"><img loading=\"lazy\" decoding=\"async\" width=\"776\" height=\"1024\" data-id=\"13382\" src=\"http:\/\/lapidarium.fundacja-hereditas.pl\/wp-content\/uploads\/2023\/10\/A_Laskowska_Wwa_Danilowiczowska_18_naroze_elewacji_zach_i_pln-776x1024.jpg\" alt=\"\" class=\"wp-image-13382\" srcset=\"http:\/\/lapidarium.fundacja-hereditas.pl\/wp-content\/uploads\/2023\/10\/A_Laskowska_Wwa_Danilowiczowska_18_naroze_elewacji_zach_i_pln-776x1024.jpg 776w, http:\/\/lapidarium.fundacja-hereditas.pl\/wp-content\/uploads\/2023\/10\/A_Laskowska_Wwa_Danilowiczowska_18_naroze_elewacji_zach_i_pln-227x300.jpg 227w, http:\/\/lapidarium.fundacja-hereditas.pl\/wp-content\/uploads\/2023\/10\/A_Laskowska_Wwa_Danilowiczowska_18_naroze_elewacji_zach_i_pln-768x1014.jpg 768w, http:\/\/lapidarium.fundacja-hereditas.pl\/wp-content\/uploads\/2023\/10\/A_Laskowska_Wwa_Danilowiczowska_18_naroze_elewacji_zach_i_pln-1164x1536.jpg 1164w, http:\/\/lapidarium.fundacja-hereditas.pl\/wp-content\/uploads\/2023\/10\/A_Laskowska_Wwa_Danilowiczowska_18_naroze_elewacji_zach_i_pln-1552x2048.jpg 1552w, http:\/\/lapidarium.fundacja-hereditas.pl\/wp-content\/uploads\/2023\/10\/A_Laskowska_Wwa_Danilowiczowska_18_naroze_elewacji_zach_i_pln-150x198.jpg 150w, http:\/\/lapidarium.fundacja-hereditas.pl\/wp-content\/uploads\/2023\/10\/A_Laskowska_Wwa_Danilowiczowska_18_naroze_elewacji_zach_i_pln-300x396.jpg 300w, http:\/\/lapidarium.fundacja-hereditas.pl\/wp-content\/uploads\/2023\/10\/A_Laskowska_Wwa_Danilowiczowska_18_naroze_elewacji_zach_i_pln-696x919.jpg 696w, http:\/\/lapidarium.fundacja-hereditas.pl\/wp-content\/uploads\/2023\/10\/A_Laskowska_Wwa_Danilowiczowska_18_naroze_elewacji_zach_i_pln-1068x1410.jpg 1068w, http:\/\/lapidarium.fundacja-hereditas.pl\/wp-content\/uploads\/2023\/10\/A_Laskowska_Wwa_Danilowiczowska_18_naroze_elewacji_zach_i_pln-1920x2534.jpg 1920w, http:\/\/lapidarium.fundacja-hereditas.pl\/wp-content\/uploads\/2023\/10\/A_Laskowska_Wwa_Danilowiczowska_18_naroze_elewacji_zach_i_pln-scaled.jpg 1940w\" sizes=\"auto, (max-width: 776px) 100vw, 776px\" \/><\/a><figcaption class=\"wp-element-caption\">Naro\u017cnik p\u00f3\u0142nocno-zachodni. Dekoracyjna powierzchnia tynku. Fot. Anna Laskowska, 2023 r., \u017ar\u00f3d\u0142o: AOD IV.<\/figcaption><\/figure>\n\n\n\n<figure class=\"wp-block-image size-large\"><a href=\"http:\/\/lapidarium.fundacja-hereditas.pl\/wp-content\/uploads\/2023\/10\/A_Laskowska_Wwa_Danilowiczowska_18_elewacja_zach_okienka_piwniczne-scaled.jpg\"><img loading=\"lazy\" decoding=\"async\" width=\"1024\" height=\"757\" data-id=\"13381\" src=\"http:\/\/lapidarium.fundacja-hereditas.pl\/wp-content\/uploads\/2023\/10\/A_Laskowska_Wwa_Danilowiczowska_18_elewacja_zach_okienka_piwniczne-1024x757.jpg\" alt=\"\" class=\"wp-image-13381\" srcset=\"http:\/\/lapidarium.fundacja-hereditas.pl\/wp-content\/uploads\/2023\/10\/A_Laskowska_Wwa_Danilowiczowska_18_elewacja_zach_okienka_piwniczne-1024x757.jpg 1024w, http:\/\/lapidarium.fundacja-hereditas.pl\/wp-content\/uploads\/2023\/10\/A_Laskowska_Wwa_Danilowiczowska_18_elewacja_zach_okienka_piwniczne-300x222.jpg 300w, http:\/\/lapidarium.fundacja-hereditas.pl\/wp-content\/uploads\/2023\/10\/A_Laskowska_Wwa_Danilowiczowska_18_elewacja_zach_okienka_piwniczne-768x568.jpg 768w, http:\/\/lapidarium.fundacja-hereditas.pl\/wp-content\/uploads\/2023\/10\/A_Laskowska_Wwa_Danilowiczowska_18_elewacja_zach_okienka_piwniczne-1536x1136.jpg 1536w, http:\/\/lapidarium.fundacja-hereditas.pl\/wp-content\/uploads\/2023\/10\/A_Laskowska_Wwa_Danilowiczowska_18_elewacja_zach_okienka_piwniczne-2048x1515.jpg 2048w, http:\/\/lapidarium.fundacja-hereditas.pl\/wp-content\/uploads\/2023\/10\/A_Laskowska_Wwa_Danilowiczowska_18_elewacja_zach_okienka_piwniczne-150x111.jpg 150w, http:\/\/lapidarium.fundacja-hereditas.pl\/wp-content\/uploads\/2023\/10\/A_Laskowska_Wwa_Danilowiczowska_18_elewacja_zach_okienka_piwniczne-485x360.jpg 485w, http:\/\/lapidarium.fundacja-hereditas.pl\/wp-content\/uploads\/2023\/10\/A_Laskowska_Wwa_Danilowiczowska_18_elewacja_zach_okienka_piwniczne-696x515.jpg 696w, http:\/\/lapidarium.fundacja-hereditas.pl\/wp-content\/uploads\/2023\/10\/A_Laskowska_Wwa_Danilowiczowska_18_elewacja_zach_okienka_piwniczne-1068x790.jpg 1068w, http:\/\/lapidarium.fundacja-hereditas.pl\/wp-content\/uploads\/2023\/10\/A_Laskowska_Wwa_Danilowiczowska_18_elewacja_zach_okienka_piwniczne-1920x1420.jpg 1920w\" sizes=\"auto, (max-width: 1024px) 100vw, 1024px\" \/><\/a><figcaption class=\"wp-element-caption\">Elewacja zachodnia. Okienka piwniczne. Fot. Anna Laskowska, 2023 r., \u017ar\u00f3d\u0142o: AOD IV.<\/figcaption><\/figure>\n\n\n\n<figure class=\"wp-block-image size-large\"><a href=\"http:\/\/lapidarium.fundacja-hereditas.pl\/wp-content\/uploads\/2023\/10\/A_Laskowska_Wwa_Danilowiczowska_18_elewacja_wsch_detal-scaled.jpg\"><img loading=\"lazy\" decoding=\"async\" width=\"1024\" height=\"653\" data-id=\"13380\" src=\"http:\/\/lapidarium.fundacja-hereditas.pl\/wp-content\/uploads\/2023\/10\/A_Laskowska_Wwa_Danilowiczowska_18_elewacja_wsch_detal-1024x653.jpg\" alt=\"\" class=\"wp-image-13380\" srcset=\"http:\/\/lapidarium.fundacja-hereditas.pl\/wp-content\/uploads\/2023\/10\/A_Laskowska_Wwa_Danilowiczowska_18_elewacja_wsch_detal-1024x653.jpg 1024w, http:\/\/lapidarium.fundacja-hereditas.pl\/wp-content\/uploads\/2023\/10\/A_Laskowska_Wwa_Danilowiczowska_18_elewacja_wsch_detal-300x191.jpg 300w, http:\/\/lapidarium.fundacja-hereditas.pl\/wp-content\/uploads\/2023\/10\/A_Laskowska_Wwa_Danilowiczowska_18_elewacja_wsch_detal-768x490.jpg 768w, http:\/\/lapidarium.fundacja-hereditas.pl\/wp-content\/uploads\/2023\/10\/A_Laskowska_Wwa_Danilowiczowska_18_elewacja_wsch_detal-1536x980.jpg 1536w, http:\/\/lapidarium.fundacja-hereditas.pl\/wp-content\/uploads\/2023\/10\/A_Laskowska_Wwa_Danilowiczowska_18_elewacja_wsch_detal-2048x1306.jpg 2048w, http:\/\/lapidarium.fundacja-hereditas.pl\/wp-content\/uploads\/2023\/10\/A_Laskowska_Wwa_Danilowiczowska_18_elewacja_wsch_detal-150x96.jpg 150w, http:\/\/lapidarium.fundacja-hereditas.pl\/wp-content\/uploads\/2023\/10\/A_Laskowska_Wwa_Danilowiczowska_18_elewacja_wsch_detal-696x444.jpg 696w, http:\/\/lapidarium.fundacja-hereditas.pl\/wp-content\/uploads\/2023\/10\/A_Laskowska_Wwa_Danilowiczowska_18_elewacja_wsch_detal-1068x681.jpg 1068w, http:\/\/lapidarium.fundacja-hereditas.pl\/wp-content\/uploads\/2023\/10\/A_Laskowska_Wwa_Danilowiczowska_18_elewacja_wsch_detal-1920x1224.jpg 1920w\" sizes=\"auto, (max-width: 1024px) 100vw, 1024px\" \/><\/a><figcaption class=\"wp-element-caption\">Elewacja wschodnia. Boniowanie parteru, fragm. Fot. Anna Laskowska, 2023 r., \u017ar\u00f3d\u0142o: AOD IV.<\/figcaption><\/figure>\n\n\n\n<figure class=\"wp-block-image size-large\"><a href=\"http:\/\/lapidarium.fundacja-hereditas.pl\/wp-content\/uploads\/2023\/10\/A_Laskowska_Wwa_Danilowiczowska_18_elewacja_pld_os_glowna_brama-scaled.jpg\"><img loading=\"lazy\" decoding=\"async\" width=\"915\" height=\"1024\" data-id=\"13366\" src=\"http:\/\/lapidarium.fundacja-hereditas.pl\/wp-content\/uploads\/2023\/10\/A_Laskowska_Wwa_Danilowiczowska_18_elewacja_pld_os_glowna_brama-915x1024.jpg\" alt=\"\" class=\"wp-image-13366\" srcset=\"http:\/\/lapidarium.fundacja-hereditas.pl\/wp-content\/uploads\/2023\/10\/A_Laskowska_Wwa_Danilowiczowska_18_elewacja_pld_os_glowna_brama-915x1024.jpg 915w, http:\/\/lapidarium.fundacja-hereditas.pl\/wp-content\/uploads\/2023\/10\/A_Laskowska_Wwa_Danilowiczowska_18_elewacja_pld_os_glowna_brama-268x300.jpg 268w, http:\/\/lapidarium.fundacja-hereditas.pl\/wp-content\/uploads\/2023\/10\/A_Laskowska_Wwa_Danilowiczowska_18_elewacja_pld_os_glowna_brama-768x860.jpg 768w, http:\/\/lapidarium.fundacja-hereditas.pl\/wp-content\/uploads\/2023\/10\/A_Laskowska_Wwa_Danilowiczowska_18_elewacja_pld_os_glowna_brama-1372x1536.jpg 1372w, http:\/\/lapidarium.fundacja-hereditas.pl\/wp-content\/uploads\/2023\/10\/A_Laskowska_Wwa_Danilowiczowska_18_elewacja_pld_os_glowna_brama-1830x2048.jpg 1830w, http:\/\/lapidarium.fundacja-hereditas.pl\/wp-content\/uploads\/2023\/10\/A_Laskowska_Wwa_Danilowiczowska_18_elewacja_pld_os_glowna_brama-150x168.jpg 150w, http:\/\/lapidarium.fundacja-hereditas.pl\/wp-content\/uploads\/2023\/10\/A_Laskowska_Wwa_Danilowiczowska_18_elewacja_pld_os_glowna_brama-300x336.jpg 300w, http:\/\/lapidarium.fundacja-hereditas.pl\/wp-content\/uploads\/2023\/10\/A_Laskowska_Wwa_Danilowiczowska_18_elewacja_pld_os_glowna_brama-696x779.jpg 696w, http:\/\/lapidarium.fundacja-hereditas.pl\/wp-content\/uploads\/2023\/10\/A_Laskowska_Wwa_Danilowiczowska_18_elewacja_pld_os_glowna_brama-1068x1195.jpg 1068w, http:\/\/lapidarium.fundacja-hereditas.pl\/wp-content\/uploads\/2023\/10\/A_Laskowska_Wwa_Danilowiczowska_18_elewacja_pld_os_glowna_brama-1920x2149.jpg 1920w\" sizes=\"auto, (max-width: 915px) 100vw, 915px\" \/><\/a><figcaption class=\"wp-element-caption\">Elewacja po\u0142udniowa. O\u015b \u015brodkowa. G\u0142\u00f3wne wej\u015bcie do budynku. Fot. Anna Laskowska, 2023 r., \u017ar\u00f3d\u0142o: AOD IV.<\/figcaption><\/figure>\n\n\n\n<figure class=\"wp-block-image size-large\"><a href=\"http:\/\/lapidarium.fundacja-hereditas.pl\/wp-content\/uploads\/2023\/10\/A_Laskowska_Wwa_Danilowiczowska_18_elewacja_pld_os_srodk_brama_detal-scaled.jpg\"><img loading=\"lazy\" decoding=\"async\" width=\"815\" height=\"1024\" data-id=\"13368\" src=\"http:\/\/lapidarium.fundacja-hereditas.pl\/wp-content\/uploads\/2023\/10\/A_Laskowska_Wwa_Danilowiczowska_18_elewacja_pld_os_srodk_brama_detal-815x1024.jpg\" alt=\"\" class=\"wp-image-13368\" srcset=\"http:\/\/lapidarium.fundacja-hereditas.pl\/wp-content\/uploads\/2023\/10\/A_Laskowska_Wwa_Danilowiczowska_18_elewacja_pld_os_srodk_brama_detal-815x1024.jpg 815w, http:\/\/lapidarium.fundacja-hereditas.pl\/wp-content\/uploads\/2023\/10\/A_Laskowska_Wwa_Danilowiczowska_18_elewacja_pld_os_srodk_brama_detal-239x300.jpg 239w, http:\/\/lapidarium.fundacja-hereditas.pl\/wp-content\/uploads\/2023\/10\/A_Laskowska_Wwa_Danilowiczowska_18_elewacja_pld_os_srodk_brama_detal-768x966.jpg 768w, http:\/\/lapidarium.fundacja-hereditas.pl\/wp-content\/uploads\/2023\/10\/A_Laskowska_Wwa_Danilowiczowska_18_elewacja_pld_os_srodk_brama_detal-1222x1536.jpg 1222w, http:\/\/lapidarium.fundacja-hereditas.pl\/wp-content\/uploads\/2023\/10\/A_Laskowska_Wwa_Danilowiczowska_18_elewacja_pld_os_srodk_brama_detal-1629x2048.jpg 1629w, http:\/\/lapidarium.fundacja-hereditas.pl\/wp-content\/uploads\/2023\/10\/A_Laskowska_Wwa_Danilowiczowska_18_elewacja_pld_os_srodk_brama_detal-150x189.jpg 150w, http:\/\/lapidarium.fundacja-hereditas.pl\/wp-content\/uploads\/2023\/10\/A_Laskowska_Wwa_Danilowiczowska_18_elewacja_pld_os_srodk_brama_detal-300x377.jpg 300w, http:\/\/lapidarium.fundacja-hereditas.pl\/wp-content\/uploads\/2023\/10\/A_Laskowska_Wwa_Danilowiczowska_18_elewacja_pld_os_srodk_brama_detal-696x875.jpg 696w, http:\/\/lapidarium.fundacja-hereditas.pl\/wp-content\/uploads\/2023\/10\/A_Laskowska_Wwa_Danilowiczowska_18_elewacja_pld_os_srodk_brama_detal-1068x1343.jpg 1068w, http:\/\/lapidarium.fundacja-hereditas.pl\/wp-content\/uploads\/2023\/10\/A_Laskowska_Wwa_Danilowiczowska_18_elewacja_pld_os_srodk_brama_detal-1920x2414.jpg 1920w, http:\/\/lapidarium.fundacja-hereditas.pl\/wp-content\/uploads\/2023\/10\/A_Laskowska_Wwa_Danilowiczowska_18_elewacja_pld_os_srodk_brama_detal-scaled.jpg 2036w\" sizes=\"auto, (max-width: 815px) 100vw, 815px\" \/><\/a><figcaption class=\"wp-element-caption\">Elewacja po\u0142udniowa, o\u015b \u015brodkowa. Detal kraty wej\u015bcia g\u0142\u00f3wnego. Fot. Anna Laskowska, 2023 r., \u017ar\u00f3d\u0142o: AOD IV.<\/figcaption><\/figure>\n\n\n\n<figure class=\"wp-block-image size-large\"><a href=\"http:\/\/lapidarium.fundacja-hereditas.pl\/wp-content\/uploads\/2023\/10\/A_Laskowska_Wwa_Danilowiczowska_18_elewacja_pld_os_srd_strona_wsch_pietro_I_detal.jpg\"><img loading=\"lazy\" decoding=\"async\" width=\"904\" height=\"1024\" data-id=\"13367\" src=\"http:\/\/lapidarium.fundacja-hereditas.pl\/wp-content\/uploads\/2023\/10\/A_Laskowska_Wwa_Danilowiczowska_18_elewacja_pld_os_srd_strona_wsch_pietro_I_detal-904x1024.jpg\" alt=\"\" class=\"wp-image-13367\" srcset=\"http:\/\/lapidarium.fundacja-hereditas.pl\/wp-content\/uploads\/2023\/10\/A_Laskowska_Wwa_Danilowiczowska_18_elewacja_pld_os_srd_strona_wsch_pietro_I_detal-904x1024.jpg 904w, http:\/\/lapidarium.fundacja-hereditas.pl\/wp-content\/uploads\/2023\/10\/A_Laskowska_Wwa_Danilowiczowska_18_elewacja_pld_os_srd_strona_wsch_pietro_I_detal-265x300.jpg 265w, http:\/\/lapidarium.fundacja-hereditas.pl\/wp-content\/uploads\/2023\/10\/A_Laskowska_Wwa_Danilowiczowska_18_elewacja_pld_os_srd_strona_wsch_pietro_I_detal-768x870.jpg 768w, http:\/\/lapidarium.fundacja-hereditas.pl\/wp-content\/uploads\/2023\/10\/A_Laskowska_Wwa_Danilowiczowska_18_elewacja_pld_os_srd_strona_wsch_pietro_I_detal-1356x1536.jpg 1356w, http:\/\/lapidarium.fundacja-hereditas.pl\/wp-content\/uploads\/2023\/10\/A_Laskowska_Wwa_Danilowiczowska_18_elewacja_pld_os_srd_strona_wsch_pietro_I_detal-1809x2048.jpg 1809w, http:\/\/lapidarium.fundacja-hereditas.pl\/wp-content\/uploads\/2023\/10\/A_Laskowska_Wwa_Danilowiczowska_18_elewacja_pld_os_srd_strona_wsch_pietro_I_detal-150x170.jpg 150w, http:\/\/lapidarium.fundacja-hereditas.pl\/wp-content\/uploads\/2023\/10\/A_Laskowska_Wwa_Danilowiczowska_18_elewacja_pld_os_srd_strona_wsch_pietro_I_detal-300x340.jpg 300w, http:\/\/lapidarium.fundacja-hereditas.pl\/wp-content\/uploads\/2023\/10\/A_Laskowska_Wwa_Danilowiczowska_18_elewacja_pld_os_srd_strona_wsch_pietro_I_detal-696x788.jpg 696w, http:\/\/lapidarium.fundacja-hereditas.pl\/wp-content\/uploads\/2023\/10\/A_Laskowska_Wwa_Danilowiczowska_18_elewacja_pld_os_srd_strona_wsch_pietro_I_detal-1068x1209.jpg 1068w, http:\/\/lapidarium.fundacja-hereditas.pl\/wp-content\/uploads\/2023\/10\/A_Laskowska_Wwa_Danilowiczowska_18_elewacja_pld_os_srd_strona_wsch_pietro_I_detal-1920x2174.jpg 1920w, http:\/\/lapidarium.fundacja-hereditas.pl\/wp-content\/uploads\/2023\/10\/A_Laskowska_Wwa_Danilowiczowska_18_elewacja_pld_os_srd_strona_wsch_pietro_I_detal.jpg 2039w\" sizes=\"auto, (max-width: 904px) 100vw, 904px\" \/><\/a><figcaption class=\"wp-element-caption\">Elewacja po\u0142udniowa. O\u015b \u015brodkowa. G\u0142\u00f3wne wej\u015bcie do budynku. Pochwyt na flag\u0119. Fot. Anna Laskowska, 2023 r., \u017ar\u00f3d\u0142o: AOD IV.<\/figcaption><\/figure>\n\n\n\n<figure class=\"wp-block-image size-large\"><a href=\"http:\/\/lapidarium.fundacja-hereditas.pl\/wp-content\/uploads\/2023\/10\/A_Laskowska_Wwa_Danilowiczowska_18_elewacja_pld_str_wsch_gzyms_koronujacy-scaled.jpg\"><img loading=\"lazy\" decoding=\"async\" width=\"1024\" height=\"762\" data-id=\"13369\" src=\"http:\/\/lapidarium.fundacja-hereditas.pl\/wp-content\/uploads\/2023\/10\/A_Laskowska_Wwa_Danilowiczowska_18_elewacja_pld_str_wsch_gzyms_koronujacy-1024x762.jpg\" alt=\"\" class=\"wp-image-13369\" srcset=\"http:\/\/lapidarium.fundacja-hereditas.pl\/wp-content\/uploads\/2023\/10\/A_Laskowska_Wwa_Danilowiczowska_18_elewacja_pld_str_wsch_gzyms_koronujacy-1024x762.jpg 1024w, http:\/\/lapidarium.fundacja-hereditas.pl\/wp-content\/uploads\/2023\/10\/A_Laskowska_Wwa_Danilowiczowska_18_elewacja_pld_str_wsch_gzyms_koronujacy-300x223.jpg 300w, http:\/\/lapidarium.fundacja-hereditas.pl\/wp-content\/uploads\/2023\/10\/A_Laskowska_Wwa_Danilowiczowska_18_elewacja_pld_str_wsch_gzyms_koronujacy-768x572.jpg 768w, http:\/\/lapidarium.fundacja-hereditas.pl\/wp-content\/uploads\/2023\/10\/A_Laskowska_Wwa_Danilowiczowska_18_elewacja_pld_str_wsch_gzyms_koronujacy-1536x1143.jpg 1536w, http:\/\/lapidarium.fundacja-hereditas.pl\/wp-content\/uploads\/2023\/10\/A_Laskowska_Wwa_Danilowiczowska_18_elewacja_pld_str_wsch_gzyms_koronujacy-2048x1524.jpg 2048w, http:\/\/lapidarium.fundacja-hereditas.pl\/wp-content\/uploads\/2023\/10\/A_Laskowska_Wwa_Danilowiczowska_18_elewacja_pld_str_wsch_gzyms_koronujacy-150x112.jpg 150w, http:\/\/lapidarium.fundacja-hereditas.pl\/wp-content\/uploads\/2023\/10\/A_Laskowska_Wwa_Danilowiczowska_18_elewacja_pld_str_wsch_gzyms_koronujacy-485x360.jpg 485w, http:\/\/lapidarium.fundacja-hereditas.pl\/wp-content\/uploads\/2023\/10\/A_Laskowska_Wwa_Danilowiczowska_18_elewacja_pld_str_wsch_gzyms_koronujacy-696x518.jpg 696w, http:\/\/lapidarium.fundacja-hereditas.pl\/wp-content\/uploads\/2023\/10\/A_Laskowska_Wwa_Danilowiczowska_18_elewacja_pld_str_wsch_gzyms_koronujacy-1068x795.jpg 1068w, http:\/\/lapidarium.fundacja-hereditas.pl\/wp-content\/uploads\/2023\/10\/A_Laskowska_Wwa_Danilowiczowska_18_elewacja_pld_str_wsch_gzyms_koronujacy-1920x1429.jpg 1920w\" sizes=\"auto, (max-width: 1024px) 100vw, 1024px\" \/><\/a><figcaption class=\"wp-element-caption\">Elewacja po\u0142udniowa, strona wschodnia, gzyms koronuj\u0105cy. Fot. Anna Laskowska, 2023 r., \u017ar\u00f3d\u0142o: AOD IV.<\/figcaption><\/figure>\n\n\n\n<figure class=\"wp-block-image size-large\"><a href=\"http:\/\/lapidarium.fundacja-hereditas.pl\/wp-content\/uploads\/2023\/10\/A_Laskowska_Wwa_Danilowiczowska_18_elewacja_pld_strona_wsch_os_3_pietro_II_balkon-scaled.jpg\"><img loading=\"lazy\" decoding=\"async\" width=\"1024\" height=\"602\" data-id=\"13370\" src=\"http:\/\/lapidarium.fundacja-hereditas.pl\/wp-content\/uploads\/2023\/10\/A_Laskowska_Wwa_Danilowiczowska_18_elewacja_pld_strona_wsch_os_3_pietro_II_balkon-1024x602.jpg\" alt=\"\" class=\"wp-image-13370\" srcset=\"http:\/\/lapidarium.fundacja-hereditas.pl\/wp-content\/uploads\/2023\/10\/A_Laskowska_Wwa_Danilowiczowska_18_elewacja_pld_strona_wsch_os_3_pietro_II_balkon-1024x602.jpg 1024w, http:\/\/lapidarium.fundacja-hereditas.pl\/wp-content\/uploads\/2023\/10\/A_Laskowska_Wwa_Danilowiczowska_18_elewacja_pld_strona_wsch_os_3_pietro_II_balkon-300x176.jpg 300w, http:\/\/lapidarium.fundacja-hereditas.pl\/wp-content\/uploads\/2023\/10\/A_Laskowska_Wwa_Danilowiczowska_18_elewacja_pld_strona_wsch_os_3_pietro_II_balkon-768x452.jpg 768w, http:\/\/lapidarium.fundacja-hereditas.pl\/wp-content\/uploads\/2023\/10\/A_Laskowska_Wwa_Danilowiczowska_18_elewacja_pld_strona_wsch_os_3_pietro_II_balkon-1536x903.jpg 1536w, http:\/\/lapidarium.fundacja-hereditas.pl\/wp-content\/uploads\/2023\/10\/A_Laskowska_Wwa_Danilowiczowska_18_elewacja_pld_strona_wsch_os_3_pietro_II_balkon-2048x1204.jpg 2048w, http:\/\/lapidarium.fundacja-hereditas.pl\/wp-content\/uploads\/2023\/10\/A_Laskowska_Wwa_Danilowiczowska_18_elewacja_pld_strona_wsch_os_3_pietro_II_balkon-150x88.jpg 150w, http:\/\/lapidarium.fundacja-hereditas.pl\/wp-content\/uploads\/2023\/10\/A_Laskowska_Wwa_Danilowiczowska_18_elewacja_pld_strona_wsch_os_3_pietro_II_balkon-696x409.jpg 696w, http:\/\/lapidarium.fundacja-hereditas.pl\/wp-content\/uploads\/2023\/10\/A_Laskowska_Wwa_Danilowiczowska_18_elewacja_pld_strona_wsch_os_3_pietro_II_balkon-1068x628.jpg 1068w, http:\/\/lapidarium.fundacja-hereditas.pl\/wp-content\/uploads\/2023\/10\/A_Laskowska_Wwa_Danilowiczowska_18_elewacja_pld_strona_wsch_os_3_pietro_II_balkon-1920x1129.jpg 1920w\" sizes=\"auto, (max-width: 1024px) 100vw, 1024px\" \/><\/a><figcaption class=\"wp-element-caption\">Elewacja po\u0142udniowa, strona wschodnia, balkon II pi\u0119tra, III o\u015b. Fot. Anna Laskowska, 2023 r., \u017ar\u00f3d\u0142o: AOD IV.<\/figcaption><\/figure>\n\n\n\n<figure class=\"wp-block-image size-large\"><a href=\"http:\/\/lapidarium.fundacja-hereditas.pl\/wp-content\/uploads\/2023\/10\/A_Laskowska_Wwa_Danilowiczowska_18_elewacja_pld_os_5_str_wsch_okienko_piwniczne_krata-scaled.jpg\"><img loading=\"lazy\" decoding=\"async\" width=\"1010\" height=\"1024\" data-id=\"13365\" src=\"http:\/\/lapidarium.fundacja-hereditas.pl\/wp-content\/uploads\/2023\/10\/A_Laskowska_Wwa_Danilowiczowska_18_elewacja_pld_os_5_str_wsch_okienko_piwniczne_krata-1010x1024.jpg\" alt=\"\" class=\"wp-image-13365\" srcset=\"http:\/\/lapidarium.fundacja-hereditas.pl\/wp-content\/uploads\/2023\/10\/A_Laskowska_Wwa_Danilowiczowska_18_elewacja_pld_os_5_str_wsch_okienko_piwniczne_krata-1010x1024.jpg 1010w, http:\/\/lapidarium.fundacja-hereditas.pl\/wp-content\/uploads\/2023\/10\/A_Laskowska_Wwa_Danilowiczowska_18_elewacja_pld_os_5_str_wsch_okienko_piwniczne_krata-296x300.jpg 296w, http:\/\/lapidarium.fundacja-hereditas.pl\/wp-content\/uploads\/2023\/10\/A_Laskowska_Wwa_Danilowiczowska_18_elewacja_pld_os_5_str_wsch_okienko_piwniczne_krata-768x779.jpg 768w, http:\/\/lapidarium.fundacja-hereditas.pl\/wp-content\/uploads\/2023\/10\/A_Laskowska_Wwa_Danilowiczowska_18_elewacja_pld_os_5_str_wsch_okienko_piwniczne_krata-1514x1536.jpg 1514w, http:\/\/lapidarium.fundacja-hereditas.pl\/wp-content\/uploads\/2023\/10\/A_Laskowska_Wwa_Danilowiczowska_18_elewacja_pld_os_5_str_wsch_okienko_piwniczne_krata-2019x2048.jpg 2019w, http:\/\/lapidarium.fundacja-hereditas.pl\/wp-content\/uploads\/2023\/10\/A_Laskowska_Wwa_Danilowiczowska_18_elewacja_pld_os_5_str_wsch_okienko_piwniczne_krata-150x152.jpg 150w, http:\/\/lapidarium.fundacja-hereditas.pl\/wp-content\/uploads\/2023\/10\/A_Laskowska_Wwa_Danilowiczowska_18_elewacja_pld_os_5_str_wsch_okienko_piwniczne_krata-300x304.jpg 300w, http:\/\/lapidarium.fundacja-hereditas.pl\/wp-content\/uploads\/2023\/10\/A_Laskowska_Wwa_Danilowiczowska_18_elewacja_pld_os_5_str_wsch_okienko_piwniczne_krata-696x706.jpg 696w, http:\/\/lapidarium.fundacja-hereditas.pl\/wp-content\/uploads\/2023\/10\/A_Laskowska_Wwa_Danilowiczowska_18_elewacja_pld_os_5_str_wsch_okienko_piwniczne_krata-1068x1083.jpg 1068w, http:\/\/lapidarium.fundacja-hereditas.pl\/wp-content\/uploads\/2023\/10\/A_Laskowska_Wwa_Danilowiczowska_18_elewacja_pld_os_5_str_wsch_okienko_piwniczne_krata-1920x1948.jpg 1920w\" sizes=\"auto, (max-width: 1010px) 100vw, 1010px\" \/><\/a><figcaption class=\"wp-element-caption\">Elewacja po\u0142udniowa, strona wschodnia, V o\u015b. Przyziemie &#8211; okno do sutereny. Fot. Anna Laskowska, 2023 r., \u017ar\u00f3d\u0142o: AOD IV.<\/figcaption><\/figure>\n\n\n\n<figure class=\"wp-block-image size-large\"><a href=\"http:\/\/lapidarium.fundacja-hereditas.pl\/wp-content\/uploads\/2023\/10\/A_Laskowska_Wwa_Danilowiczowska_18_elewacja_pld_detal-scaled.jpg\"><img loading=\"lazy\" decoding=\"async\" width=\"1024\" height=\"763\" data-id=\"13364\" src=\"http:\/\/lapidarium.fundacja-hereditas.pl\/wp-content\/uploads\/2023\/10\/A_Laskowska_Wwa_Danilowiczowska_18_elewacja_pld_detal-1024x763.jpg\" alt=\"\" class=\"wp-image-13364\" srcset=\"http:\/\/lapidarium.fundacja-hereditas.pl\/wp-content\/uploads\/2023\/10\/A_Laskowska_Wwa_Danilowiczowska_18_elewacja_pld_detal-1024x763.jpg 1024w, http:\/\/lapidarium.fundacja-hereditas.pl\/wp-content\/uploads\/2023\/10\/A_Laskowska_Wwa_Danilowiczowska_18_elewacja_pld_detal-300x224.jpg 300w, http:\/\/lapidarium.fundacja-hereditas.pl\/wp-content\/uploads\/2023\/10\/A_Laskowska_Wwa_Danilowiczowska_18_elewacja_pld_detal-768x572.jpg 768w, http:\/\/lapidarium.fundacja-hereditas.pl\/wp-content\/uploads\/2023\/10\/A_Laskowska_Wwa_Danilowiczowska_18_elewacja_pld_detal-1536x1145.jpg 1536w, http:\/\/lapidarium.fundacja-hereditas.pl\/wp-content\/uploads\/2023\/10\/A_Laskowska_Wwa_Danilowiczowska_18_elewacja_pld_detal-2048x1526.jpg 2048w, http:\/\/lapidarium.fundacja-hereditas.pl\/wp-content\/uploads\/2023\/10\/A_Laskowska_Wwa_Danilowiczowska_18_elewacja_pld_detal-150x112.jpg 150w, http:\/\/lapidarium.fundacja-hereditas.pl\/wp-content\/uploads\/2023\/10\/A_Laskowska_Wwa_Danilowiczowska_18_elewacja_pld_detal-485x360.jpg 485w, http:\/\/lapidarium.fundacja-hereditas.pl\/wp-content\/uploads\/2023\/10\/A_Laskowska_Wwa_Danilowiczowska_18_elewacja_pld_detal-696x519.jpg 696w, http:\/\/lapidarium.fundacja-hereditas.pl\/wp-content\/uploads\/2023\/10\/A_Laskowska_Wwa_Danilowiczowska_18_elewacja_pld_detal-1068x796.jpg 1068w, http:\/\/lapidarium.fundacja-hereditas.pl\/wp-content\/uploads\/2023\/10\/A_Laskowska_Wwa_Danilowiczowska_18_elewacja_pld_detal-1920x1431.jpg 1920w\" sizes=\"auto, (max-width: 1024px) 100vw, 1024px\" \/><\/a><figcaption class=\"wp-element-caption\">Elewacja po\u0142udniowa. Boniowanie przyziemia, dekoracyjne \u017c\u0142obienia w tynku. Fot. Anna Laskowska, 2023 r., \u017ar\u00f3d\u0142o: AOD IV.<\/figcaption><\/figure>\n\n\n\n<figure class=\"wp-block-image size-large\"><a href=\"http:\/\/lapidarium.fundacja-hereditas.pl\/wp-content\/uploads\/2023\/10\/A_Laskowska_Wwa_Danilowiczowska_18_elewacja_pld_strona_zach_os_5_reper-scaled.jpg\"><img loading=\"lazy\" decoding=\"async\" width=\"778\" height=\"1024\" data-id=\"13371\" src=\"http:\/\/lapidarium.fundacja-hereditas.pl\/wp-content\/uploads\/2023\/10\/A_Laskowska_Wwa_Danilowiczowska_18_elewacja_pld_strona_zach_os_5_reper-778x1024.jpg\" alt=\"\" class=\"wp-image-13371\" srcset=\"http:\/\/lapidarium.fundacja-hereditas.pl\/wp-content\/uploads\/2023\/10\/A_Laskowska_Wwa_Danilowiczowska_18_elewacja_pld_strona_zach_os_5_reper-778x1024.jpg 778w, http:\/\/lapidarium.fundacja-hereditas.pl\/wp-content\/uploads\/2023\/10\/A_Laskowska_Wwa_Danilowiczowska_18_elewacja_pld_strona_zach_os_5_reper-228x300.jpg 228w, http:\/\/lapidarium.fundacja-hereditas.pl\/wp-content\/uploads\/2023\/10\/A_Laskowska_Wwa_Danilowiczowska_18_elewacja_pld_strona_zach_os_5_reper-768x1010.jpg 768w, http:\/\/lapidarium.fundacja-hereditas.pl\/wp-content\/uploads\/2023\/10\/A_Laskowska_Wwa_Danilowiczowska_18_elewacja_pld_strona_zach_os_5_reper-1167x1536.jpg 1167w, http:\/\/lapidarium.fundacja-hereditas.pl\/wp-content\/uploads\/2023\/10\/A_Laskowska_Wwa_Danilowiczowska_18_elewacja_pld_strona_zach_os_5_reper-1557x2048.jpg 1557w, http:\/\/lapidarium.fundacja-hereditas.pl\/wp-content\/uploads\/2023\/10\/A_Laskowska_Wwa_Danilowiczowska_18_elewacja_pld_strona_zach_os_5_reper-150x197.jpg 150w, http:\/\/lapidarium.fundacja-hereditas.pl\/wp-content\/uploads\/2023\/10\/A_Laskowska_Wwa_Danilowiczowska_18_elewacja_pld_strona_zach_os_5_reper-300x395.jpg 300w, http:\/\/lapidarium.fundacja-hereditas.pl\/wp-content\/uploads\/2023\/10\/A_Laskowska_Wwa_Danilowiczowska_18_elewacja_pld_strona_zach_os_5_reper-696x916.jpg 696w, http:\/\/lapidarium.fundacja-hereditas.pl\/wp-content\/uploads\/2023\/10\/A_Laskowska_Wwa_Danilowiczowska_18_elewacja_pld_strona_zach_os_5_reper-1068x1405.jpg 1068w, http:\/\/lapidarium.fundacja-hereditas.pl\/wp-content\/uploads\/2023\/10\/A_Laskowska_Wwa_Danilowiczowska_18_elewacja_pld_strona_zach_os_5_reper-1920x2526.jpg 1920w, http:\/\/lapidarium.fundacja-hereditas.pl\/wp-content\/uploads\/2023\/10\/A_Laskowska_Wwa_Danilowiczowska_18_elewacja_pld_strona_zach_os_5_reper-scaled.jpg 1946w\" sizes=\"auto, (max-width: 778px) 100vw, 778px\" \/><\/a><figcaption class=\"wp-element-caption\">Elewacja po\u0142udniowa, strona zachodnia, V o\u015b. Reper geodezyjny w przyziemiu. Fot. Anna Laskowska, 2023 r., \u017ar\u00f3d\u0142o: AOD IV.<\/figcaption><\/figure>\n\n\n\n<figure class=\"wp-block-image size-large\"><a href=\"http:\/\/lapidarium.fundacja-hereditas.pl\/wp-content\/uploads\/2023\/10\/Lucja_Marcinkowska_Danilowiczowska_18_glowna_klatka_schod-25-scaled.jpg\"><img loading=\"lazy\" decoding=\"async\" width=\"788\" height=\"1024\" data-id=\"13407\" src=\"http:\/\/lapidarium.fundacja-hereditas.pl\/wp-content\/uploads\/2023\/10\/Lucja_Marcinkowska_Danilowiczowska_18_glowna_klatka_schod-25-788x1024.jpg\" alt=\"\" class=\"wp-image-13407\" srcset=\"http:\/\/lapidarium.fundacja-hereditas.pl\/wp-content\/uploads\/2023\/10\/Lucja_Marcinkowska_Danilowiczowska_18_glowna_klatka_schod-25-788x1024.jpg 788w, http:\/\/lapidarium.fundacja-hereditas.pl\/wp-content\/uploads\/2023\/10\/Lucja_Marcinkowska_Danilowiczowska_18_glowna_klatka_schod-25-231x300.jpg 231w, http:\/\/lapidarium.fundacja-hereditas.pl\/wp-content\/uploads\/2023\/10\/Lucja_Marcinkowska_Danilowiczowska_18_glowna_klatka_schod-25-768x998.jpg 768w, http:\/\/lapidarium.fundacja-hereditas.pl\/wp-content\/uploads\/2023\/10\/Lucja_Marcinkowska_Danilowiczowska_18_glowna_klatka_schod-25-1182x1536.jpg 1182w, http:\/\/lapidarium.fundacja-hereditas.pl\/wp-content\/uploads\/2023\/10\/Lucja_Marcinkowska_Danilowiczowska_18_glowna_klatka_schod-25-1577x2048.jpg 1577w, http:\/\/lapidarium.fundacja-hereditas.pl\/wp-content\/uploads\/2023\/10\/Lucja_Marcinkowska_Danilowiczowska_18_glowna_klatka_schod-25-150x195.jpg 150w, http:\/\/lapidarium.fundacja-hereditas.pl\/wp-content\/uploads\/2023\/10\/Lucja_Marcinkowska_Danilowiczowska_18_glowna_klatka_schod-25-300x390.jpg 300w, http:\/\/lapidarium.fundacja-hereditas.pl\/wp-content\/uploads\/2023\/10\/Lucja_Marcinkowska_Danilowiczowska_18_glowna_klatka_schod-25-696x904.jpg 696w, http:\/\/lapidarium.fundacja-hereditas.pl\/wp-content\/uploads\/2023\/10\/Lucja_Marcinkowska_Danilowiczowska_18_glowna_klatka_schod-25-1068x1387.jpg 1068w, http:\/\/lapidarium.fundacja-hereditas.pl\/wp-content\/uploads\/2023\/10\/Lucja_Marcinkowska_Danilowiczowska_18_glowna_klatka_schod-25-1920x2494.jpg 1920w, http:\/\/lapidarium.fundacja-hereditas.pl\/wp-content\/uploads\/2023\/10\/Lucja_Marcinkowska_Danilowiczowska_18_glowna_klatka_schod-25-scaled.jpg 1971w\" sizes=\"auto, (max-width: 788px) 100vw, 788px\" \/><\/a><figcaption class=\"wp-element-caption\">G\u0142\u00f3wna klatka schodowa. Parter. Fot. \u0141ucja Marcinkowska, 2023 r., \u017ar\u00f3d\u0142o: AOD IV.<\/figcaption><\/figure>\n\n\n\n<figure class=\"wp-block-image size-large\"><a href=\"http:\/\/lapidarium.fundacja-hereditas.pl\/wp-content\/uploads\/2023\/10\/Lucja_Marcinkowska_Danilowiczowska_18_glowna_klatka_schod-24-scaled.jpg\"><img loading=\"lazy\" decoding=\"async\" width=\"807\" height=\"1024\" data-id=\"13406\" src=\"http:\/\/lapidarium.fundacja-hereditas.pl\/wp-content\/uploads\/2023\/10\/Lucja_Marcinkowska_Danilowiczowska_18_glowna_klatka_schod-24-807x1024.jpg\" alt=\"\" class=\"wp-image-13406\" srcset=\"http:\/\/lapidarium.fundacja-hereditas.pl\/wp-content\/uploads\/2023\/10\/Lucja_Marcinkowska_Danilowiczowska_18_glowna_klatka_schod-24-807x1024.jpg 807w, http:\/\/lapidarium.fundacja-hereditas.pl\/wp-content\/uploads\/2023\/10\/Lucja_Marcinkowska_Danilowiczowska_18_glowna_klatka_schod-24-237x300.jpg 237w, http:\/\/lapidarium.fundacja-hereditas.pl\/wp-content\/uploads\/2023\/10\/Lucja_Marcinkowska_Danilowiczowska_18_glowna_klatka_schod-24-768x974.jpg 768w, http:\/\/lapidarium.fundacja-hereditas.pl\/wp-content\/uploads\/2023\/10\/Lucja_Marcinkowska_Danilowiczowska_18_glowna_klatka_schod-24-1211x1536.jpg 1211w, http:\/\/lapidarium.fundacja-hereditas.pl\/wp-content\/uploads\/2023\/10\/Lucja_Marcinkowska_Danilowiczowska_18_glowna_klatka_schod-24-1615x2048.jpg 1615w, http:\/\/lapidarium.fundacja-hereditas.pl\/wp-content\/uploads\/2023\/10\/Lucja_Marcinkowska_Danilowiczowska_18_glowna_klatka_schod-24-150x190.jpg 150w, http:\/\/lapidarium.fundacja-hereditas.pl\/wp-content\/uploads\/2023\/10\/Lucja_Marcinkowska_Danilowiczowska_18_glowna_klatka_schod-24-300x380.jpg 300w, http:\/\/lapidarium.fundacja-hereditas.pl\/wp-content\/uploads\/2023\/10\/Lucja_Marcinkowska_Danilowiczowska_18_glowna_klatka_schod-24-696x883.jpg 696w, http:\/\/lapidarium.fundacja-hereditas.pl\/wp-content\/uploads\/2023\/10\/Lucja_Marcinkowska_Danilowiczowska_18_glowna_klatka_schod-24-1068x1355.jpg 1068w, http:\/\/lapidarium.fundacja-hereditas.pl\/wp-content\/uploads\/2023\/10\/Lucja_Marcinkowska_Danilowiczowska_18_glowna_klatka_schod-24-1920x2435.jpg 1920w, http:\/\/lapidarium.fundacja-hereditas.pl\/wp-content\/uploads\/2023\/10\/Lucja_Marcinkowska_Danilowiczowska_18_glowna_klatka_schod-24-scaled.jpg 2018w\" sizes=\"auto, (max-width: 807px) 100vw, 807px\" \/><\/a><figcaption class=\"wp-element-caption\">G\u0142\u00f3wna klatka schodowa. Fot. \u0141ucja Marcinkowska, 2023 r., \u017ar\u00f3d\u0142o: AOD IV.<\/figcaption><\/figure>\n\n\n\n<figure class=\"wp-block-image size-large\"><a href=\"http:\/\/lapidarium.fundacja-hereditas.pl\/wp-content\/uploads\/2023\/10\/Lucja_Marcinkowska_Danilowiczowska_18_glowna_klatka_schod-23-scaled.jpg\"><img loading=\"lazy\" decoding=\"async\" width=\"746\" height=\"1024\" data-id=\"13405\" src=\"http:\/\/lapidarium.fundacja-hereditas.pl\/wp-content\/uploads\/2023\/10\/Lucja_Marcinkowska_Danilowiczowska_18_glowna_klatka_schod-23-746x1024.jpg\" alt=\"\" class=\"wp-image-13405\" srcset=\"http:\/\/lapidarium.fundacja-hereditas.pl\/wp-content\/uploads\/2023\/10\/Lucja_Marcinkowska_Danilowiczowska_18_glowna_klatka_schod-23-746x1024.jpg 746w, http:\/\/lapidarium.fundacja-hereditas.pl\/wp-content\/uploads\/2023\/10\/Lucja_Marcinkowska_Danilowiczowska_18_glowna_klatka_schod-23-218x300.jpg 218w, http:\/\/lapidarium.fundacja-hereditas.pl\/wp-content\/uploads\/2023\/10\/Lucja_Marcinkowska_Danilowiczowska_18_glowna_klatka_schod-23-768x1055.jpg 768w, http:\/\/lapidarium.fundacja-hereditas.pl\/wp-content\/uploads\/2023\/10\/Lucja_Marcinkowska_Danilowiczowska_18_glowna_klatka_schod-23-1118x1536.jpg 1118w, http:\/\/lapidarium.fundacja-hereditas.pl\/wp-content\/uploads\/2023\/10\/Lucja_Marcinkowska_Danilowiczowska_18_glowna_klatka_schod-23-1491x2048.jpg 1491w, http:\/\/lapidarium.fundacja-hereditas.pl\/wp-content\/uploads\/2023\/10\/Lucja_Marcinkowska_Danilowiczowska_18_glowna_klatka_schod-23-150x206.jpg 150w, http:\/\/lapidarium.fundacja-hereditas.pl\/wp-content\/uploads\/2023\/10\/Lucja_Marcinkowska_Danilowiczowska_18_glowna_klatka_schod-23-300x412.jpg 300w, http:\/\/lapidarium.fundacja-hereditas.pl\/wp-content\/uploads\/2023\/10\/Lucja_Marcinkowska_Danilowiczowska_18_glowna_klatka_schod-23-696x956.jpg 696w, http:\/\/lapidarium.fundacja-hereditas.pl\/wp-content\/uploads\/2023\/10\/Lucja_Marcinkowska_Danilowiczowska_18_glowna_klatka_schod-23-1068x1467.jpg 1068w, http:\/\/lapidarium.fundacja-hereditas.pl\/wp-content\/uploads\/2023\/10\/Lucja_Marcinkowska_Danilowiczowska_18_glowna_klatka_schod-23-1920x2637.jpg 1920w, http:\/\/lapidarium.fundacja-hereditas.pl\/wp-content\/uploads\/2023\/10\/Lucja_Marcinkowska_Danilowiczowska_18_glowna_klatka_schod-23-scaled.jpg 1864w\" sizes=\"auto, (max-width: 746px) 100vw, 746px\" \/><\/a><figcaption class=\"wp-element-caption\">G\u0142\u00f3wna klatka schodowa. Fot. \u0141ucja Marcinkowska, 2023 r., \u017ar\u00f3d\u0142o: AOD IV.<\/figcaption><\/figure>\n\n\n\n<figure class=\"wp-block-image size-large\"><a href=\"http:\/\/lapidarium.fundacja-hereditas.pl\/wp-content\/uploads\/2023\/10\/Lucja_Marcinkowska_Danilowiczowska_18_glowna_klatka_schod-22-scaled.jpg\"><img loading=\"lazy\" decoding=\"async\" width=\"755\" height=\"1024\" data-id=\"13404\" src=\"http:\/\/lapidarium.fundacja-hereditas.pl\/wp-content\/uploads\/2023\/10\/Lucja_Marcinkowska_Danilowiczowska_18_glowna_klatka_schod-22-755x1024.jpg\" alt=\"\" class=\"wp-image-13404\" srcset=\"http:\/\/lapidarium.fundacja-hereditas.pl\/wp-content\/uploads\/2023\/10\/Lucja_Marcinkowska_Danilowiczowska_18_glowna_klatka_schod-22-755x1024.jpg 755w, http:\/\/lapidarium.fundacja-hereditas.pl\/wp-content\/uploads\/2023\/10\/Lucja_Marcinkowska_Danilowiczowska_18_glowna_klatka_schod-22-221x300.jpg 221w, http:\/\/lapidarium.fundacja-hereditas.pl\/wp-content\/uploads\/2023\/10\/Lucja_Marcinkowska_Danilowiczowska_18_glowna_klatka_schod-22-768x1042.jpg 768w, http:\/\/lapidarium.fundacja-hereditas.pl\/wp-content\/uploads\/2023\/10\/Lucja_Marcinkowska_Danilowiczowska_18_glowna_klatka_schod-22-1133x1536.jpg 1133w, http:\/\/lapidarium.fundacja-hereditas.pl\/wp-content\/uploads\/2023\/10\/Lucja_Marcinkowska_Danilowiczowska_18_glowna_klatka_schod-22-1510x2048.jpg 1510w, http:\/\/lapidarium.fundacja-hereditas.pl\/wp-content\/uploads\/2023\/10\/Lucja_Marcinkowska_Danilowiczowska_18_glowna_klatka_schod-22-150x203.jpg 150w, http:\/\/lapidarium.fundacja-hereditas.pl\/wp-content\/uploads\/2023\/10\/Lucja_Marcinkowska_Danilowiczowska_18_glowna_klatka_schod-22-300x407.jpg 300w, http:\/\/lapidarium.fundacja-hereditas.pl\/wp-content\/uploads\/2023\/10\/Lucja_Marcinkowska_Danilowiczowska_18_glowna_klatka_schod-22-696x944.jpg 696w, http:\/\/lapidarium.fundacja-hereditas.pl\/wp-content\/uploads\/2023\/10\/Lucja_Marcinkowska_Danilowiczowska_18_glowna_klatka_schod-22-1068x1448.jpg 1068w, http:\/\/lapidarium.fundacja-hereditas.pl\/wp-content\/uploads\/2023\/10\/Lucja_Marcinkowska_Danilowiczowska_18_glowna_klatka_schod-22-1920x2604.jpg 1920w, http:\/\/lapidarium.fundacja-hereditas.pl\/wp-content\/uploads\/2023\/10\/Lucja_Marcinkowska_Danilowiczowska_18_glowna_klatka_schod-22-scaled.jpg 1888w\" sizes=\"auto, (max-width: 755px) 100vw, 755px\" \/><\/a><figcaption class=\"wp-element-caption\">G\u0142\u00f3wna klatka schodowa. Dekoracja p\u0142aszczyzny \u015bciany. Fot. \u0141ucja Marcinkowska, 2023 r., \u017ar\u00f3d\u0142o: AOD IV.<\/figcaption><\/figure>\n\n\n\n<figure class=\"wp-block-image size-large\"><a href=\"http:\/\/lapidarium.fundacja-hereditas.pl\/wp-content\/uploads\/2023\/10\/Lucja_Marcinkowska_Danilowiczowska_18_glowna_klatka_schod-21.jpg\"><img loading=\"lazy\" decoding=\"async\" width=\"478\" height=\"1024\" data-id=\"13403\" src=\"http:\/\/lapidarium.fundacja-hereditas.pl\/wp-content\/uploads\/2023\/10\/Lucja_Marcinkowska_Danilowiczowska_18_glowna_klatka_schod-21-478x1024.jpg\" alt=\"\" class=\"wp-image-13403\" srcset=\"http:\/\/lapidarium.fundacja-hereditas.pl\/wp-content\/uploads\/2023\/10\/Lucja_Marcinkowska_Danilowiczowska_18_glowna_klatka_schod-21-478x1024.jpg 478w, http:\/\/lapidarium.fundacja-hereditas.pl\/wp-content\/uploads\/2023\/10\/Lucja_Marcinkowska_Danilowiczowska_18_glowna_klatka_schod-21-140x300.jpg 140w, http:\/\/lapidarium.fundacja-hereditas.pl\/wp-content\/uploads\/2023\/10\/Lucja_Marcinkowska_Danilowiczowska_18_glowna_klatka_schod-21-768x1646.jpg 768w, http:\/\/lapidarium.fundacja-hereditas.pl\/wp-content\/uploads\/2023\/10\/Lucja_Marcinkowska_Danilowiczowska_18_glowna_klatka_schod-21-717x1536.jpg 717w, http:\/\/lapidarium.fundacja-hereditas.pl\/wp-content\/uploads\/2023\/10\/Lucja_Marcinkowska_Danilowiczowska_18_glowna_klatka_schod-21-956x2048.jpg 956w, http:\/\/lapidarium.fundacja-hereditas.pl\/wp-content\/uploads\/2023\/10\/Lucja_Marcinkowska_Danilowiczowska_18_glowna_klatka_schod-21-150x321.jpg 150w, http:\/\/lapidarium.fundacja-hereditas.pl\/wp-content\/uploads\/2023\/10\/Lucja_Marcinkowska_Danilowiczowska_18_glowna_klatka_schod-21-300x643.jpg 300w, http:\/\/lapidarium.fundacja-hereditas.pl\/wp-content\/uploads\/2023\/10\/Lucja_Marcinkowska_Danilowiczowska_18_glowna_klatka_schod-21-696x1491.jpg 696w, http:\/\/lapidarium.fundacja-hereditas.pl\/wp-content\/uploads\/2023\/10\/Lucja_Marcinkowska_Danilowiczowska_18_glowna_klatka_schod-21.jpg 1044w\" sizes=\"auto, (max-width: 478px) 100vw, 478px\" \/><\/a><figcaption class=\"wp-element-caption\">G\u0142\u00f3wna klatka schodowa. Dekoracja p\u0142aszczyzny \u015bciany. Fot. \u0141ucja Marcinkowska, 2023 r., \u017ar\u00f3d\u0142o: AOD IV.<\/figcaption><\/figure>\n\n\n\n<figure class=\"wp-block-image size-large\"><a href=\"http:\/\/lapidarium.fundacja-hereditas.pl\/wp-content\/uploads\/2023\/10\/Lucja_Marcinkowska_Danilowiczowska_18_glowna_klatka_schod-19-scaled.jpg\"><img loading=\"lazy\" decoding=\"async\" width=\"753\" height=\"1024\" data-id=\"13402\" src=\"http:\/\/lapidarium.fundacja-hereditas.pl\/wp-content\/uploads\/2023\/10\/Lucja_Marcinkowska_Danilowiczowska_18_glowna_klatka_schod-19-753x1024.jpg\" alt=\"\" class=\"wp-image-13402\" srcset=\"http:\/\/lapidarium.fundacja-hereditas.pl\/wp-content\/uploads\/2023\/10\/Lucja_Marcinkowska_Danilowiczowska_18_glowna_klatka_schod-19-753x1024.jpg 753w, http:\/\/lapidarium.fundacja-hereditas.pl\/wp-content\/uploads\/2023\/10\/Lucja_Marcinkowska_Danilowiczowska_18_glowna_klatka_schod-19-221x300.jpg 221w, http:\/\/lapidarium.fundacja-hereditas.pl\/wp-content\/uploads\/2023\/10\/Lucja_Marcinkowska_Danilowiczowska_18_glowna_klatka_schod-19-768x1044.jpg 768w, http:\/\/lapidarium.fundacja-hereditas.pl\/wp-content\/uploads\/2023\/10\/Lucja_Marcinkowska_Danilowiczowska_18_glowna_klatka_schod-19-1130x1536.jpg 1130w, http:\/\/lapidarium.fundacja-hereditas.pl\/wp-content\/uploads\/2023\/10\/Lucja_Marcinkowska_Danilowiczowska_18_glowna_klatka_schod-19-1507x2048.jpg 1507w, http:\/\/lapidarium.fundacja-hereditas.pl\/wp-content\/uploads\/2023\/10\/Lucja_Marcinkowska_Danilowiczowska_18_glowna_klatka_schod-19-150x204.jpg 150w, http:\/\/lapidarium.fundacja-hereditas.pl\/wp-content\/uploads\/2023\/10\/Lucja_Marcinkowska_Danilowiczowska_18_glowna_klatka_schod-19-300x408.jpg 300w, http:\/\/lapidarium.fundacja-hereditas.pl\/wp-content\/uploads\/2023\/10\/Lucja_Marcinkowska_Danilowiczowska_18_glowna_klatka_schod-19-696x946.jpg 696w, http:\/\/lapidarium.fundacja-hereditas.pl\/wp-content\/uploads\/2023\/10\/Lucja_Marcinkowska_Danilowiczowska_18_glowna_klatka_schod-19-1068x1452.jpg 1068w, http:\/\/lapidarium.fundacja-hereditas.pl\/wp-content\/uploads\/2023\/10\/Lucja_Marcinkowska_Danilowiczowska_18_glowna_klatka_schod-19-1920x2610.jpg 1920w, http:\/\/lapidarium.fundacja-hereditas.pl\/wp-content\/uploads\/2023\/10\/Lucja_Marcinkowska_Danilowiczowska_18_glowna_klatka_schod-19-scaled.jpg 1883w\" sizes=\"auto, (max-width: 753px) 100vw, 753px\" \/><\/a><figcaption class=\"wp-element-caption\">G\u0142\u00f3wna klatka schodowa. Fot. \u0141ucja Marcinkowska, 2023 r., \u017ar\u00f3d\u0142o: AOD IV.<\/figcaption><\/figure>\n\n\n\n<figure class=\"wp-block-image size-large\"><a href=\"http:\/\/lapidarium.fundacja-hereditas.pl\/wp-content\/uploads\/2023\/10\/Lucja_Marcinkowska_Danilowiczowska_18_glowna_klatka_schod-18-scaled.jpg\"><img loading=\"lazy\" decoding=\"async\" width=\"1024\" height=\"777\" data-id=\"13401\" src=\"http:\/\/lapidarium.fundacja-hereditas.pl\/wp-content\/uploads\/2023\/10\/Lucja_Marcinkowska_Danilowiczowska_18_glowna_klatka_schod-18-1024x777.jpg\" alt=\"\" class=\"wp-image-13401\" srcset=\"http:\/\/lapidarium.fundacja-hereditas.pl\/wp-content\/uploads\/2023\/10\/Lucja_Marcinkowska_Danilowiczowska_18_glowna_klatka_schod-18-1024x777.jpg 1024w, http:\/\/lapidarium.fundacja-hereditas.pl\/wp-content\/uploads\/2023\/10\/Lucja_Marcinkowska_Danilowiczowska_18_glowna_klatka_schod-18-300x228.jpg 300w, http:\/\/lapidarium.fundacja-hereditas.pl\/wp-content\/uploads\/2023\/10\/Lucja_Marcinkowska_Danilowiczowska_18_glowna_klatka_schod-18-768x583.jpg 768w, http:\/\/lapidarium.fundacja-hereditas.pl\/wp-content\/uploads\/2023\/10\/Lucja_Marcinkowska_Danilowiczowska_18_glowna_klatka_schod-18-1536x1166.jpg 1536w, http:\/\/lapidarium.fundacja-hereditas.pl\/wp-content\/uploads\/2023\/10\/Lucja_Marcinkowska_Danilowiczowska_18_glowna_klatka_schod-18-2048x1555.jpg 2048w, http:\/\/lapidarium.fundacja-hereditas.pl\/wp-content\/uploads\/2023\/10\/Lucja_Marcinkowska_Danilowiczowska_18_glowna_klatka_schod-18-150x114.jpg 150w, http:\/\/lapidarium.fundacja-hereditas.pl\/wp-content\/uploads\/2023\/10\/Lucja_Marcinkowska_Danilowiczowska_18_glowna_klatka_schod-18-696x528.jpg 696w, http:\/\/lapidarium.fundacja-hereditas.pl\/wp-content\/uploads\/2023\/10\/Lucja_Marcinkowska_Danilowiczowska_18_glowna_klatka_schod-18-1068x811.jpg 1068w, http:\/\/lapidarium.fundacja-hereditas.pl\/wp-content\/uploads\/2023\/10\/Lucja_Marcinkowska_Danilowiczowska_18_glowna_klatka_schod-18-1920x1458.jpg 1920w\" sizes=\"auto, (max-width: 1024px) 100vw, 1024px\" \/><\/a><figcaption class=\"wp-element-caption\">G\u0142\u00f3wna klatka schodowa. Spocznik. Fot. \u0141ucja Marcinkowska, 2023 r., \u017ar\u00f3d\u0142o: AOD IV.<\/figcaption><\/figure>\n\n\n\n<figure class=\"wp-block-image size-large\"><a href=\"http:\/\/lapidarium.fundacja-hereditas.pl\/wp-content\/uploads\/2023\/10\/Lucja_Marcinkowska_Danilowiczowska_18_glowna_klatka_schod-15-scaled.jpg\"><img loading=\"lazy\" decoding=\"async\" width=\"793\" height=\"1024\" data-id=\"13399\" src=\"http:\/\/lapidarium.fundacja-hereditas.pl\/wp-content\/uploads\/2023\/10\/Lucja_Marcinkowska_Danilowiczowska_18_glowna_klatka_schod-15-793x1024.jpg\" alt=\"\" class=\"wp-image-13399\" srcset=\"http:\/\/lapidarium.fundacja-hereditas.pl\/wp-content\/uploads\/2023\/10\/Lucja_Marcinkowska_Danilowiczowska_18_glowna_klatka_schod-15-793x1024.jpg 793w, http:\/\/lapidarium.fundacja-hereditas.pl\/wp-content\/uploads\/2023\/10\/Lucja_Marcinkowska_Danilowiczowska_18_glowna_klatka_schod-15-232x300.jpg 232w, http:\/\/lapidarium.fundacja-hereditas.pl\/wp-content\/uploads\/2023\/10\/Lucja_Marcinkowska_Danilowiczowska_18_glowna_klatka_schod-15-768x992.jpg 768w, http:\/\/lapidarium.fundacja-hereditas.pl\/wp-content\/uploads\/2023\/10\/Lucja_Marcinkowska_Danilowiczowska_18_glowna_klatka_schod-15-1190x1536.jpg 1190w, http:\/\/lapidarium.fundacja-hereditas.pl\/wp-content\/uploads\/2023\/10\/Lucja_Marcinkowska_Danilowiczowska_18_glowna_klatka_schod-15-1586x2048.jpg 1586w, http:\/\/lapidarium.fundacja-hereditas.pl\/wp-content\/uploads\/2023\/10\/Lucja_Marcinkowska_Danilowiczowska_18_glowna_klatka_schod-15-150x194.jpg 150w, http:\/\/lapidarium.fundacja-hereditas.pl\/wp-content\/uploads\/2023\/10\/Lucja_Marcinkowska_Danilowiczowska_18_glowna_klatka_schod-15-300x387.jpg 300w, http:\/\/lapidarium.fundacja-hereditas.pl\/wp-content\/uploads\/2023\/10\/Lucja_Marcinkowska_Danilowiczowska_18_glowna_klatka_schod-15-696x899.jpg 696w, http:\/\/lapidarium.fundacja-hereditas.pl\/wp-content\/uploads\/2023\/10\/Lucja_Marcinkowska_Danilowiczowska_18_glowna_klatka_schod-15-1068x1379.jpg 1068w, http:\/\/lapidarium.fundacja-hereditas.pl\/wp-content\/uploads\/2023\/10\/Lucja_Marcinkowska_Danilowiczowska_18_glowna_klatka_schod-15-1920x2479.jpg 1920w, http:\/\/lapidarium.fundacja-hereditas.pl\/wp-content\/uploads\/2023\/10\/Lucja_Marcinkowska_Danilowiczowska_18_glowna_klatka_schod-15-scaled.jpg 1983w\" sizes=\"auto, (max-width: 793px) 100vw, 793px\" \/><\/a><figcaption class=\"wp-element-caption\">G\u0142\u00f3wna klatka schodowa. Widok og\u00f3lny. Fot. \u0141ucja Marcinkowska, 2023 r., \u017ar\u00f3d\u0142o: AOD IV.<\/figcaption><\/figure>\n\n\n\n<figure class=\"wp-block-image size-large\"><a href=\"http:\/\/lapidarium.fundacja-hereditas.pl\/wp-content\/uploads\/2023\/10\/Lucja_Marcinkowska_Danilowiczowska_18_glowna_klatka_schod-3-scaled.jpg\"><img loading=\"lazy\" decoding=\"async\" width=\"1024\" height=\"777\" data-id=\"13396\" src=\"http:\/\/lapidarium.fundacja-hereditas.pl\/wp-content\/uploads\/2023\/10\/Lucja_Marcinkowska_Danilowiczowska_18_glowna_klatka_schod-3-1024x777.jpg\" alt=\"\" class=\"wp-image-13396\" srcset=\"http:\/\/lapidarium.fundacja-hereditas.pl\/wp-content\/uploads\/2023\/10\/Lucja_Marcinkowska_Danilowiczowska_18_glowna_klatka_schod-3-1024x777.jpg 1024w, http:\/\/lapidarium.fundacja-hereditas.pl\/wp-content\/uploads\/2023\/10\/Lucja_Marcinkowska_Danilowiczowska_18_glowna_klatka_schod-3-300x228.jpg 300w, http:\/\/lapidarium.fundacja-hereditas.pl\/wp-content\/uploads\/2023\/10\/Lucja_Marcinkowska_Danilowiczowska_18_glowna_klatka_schod-3-768x583.jpg 768w, http:\/\/lapidarium.fundacja-hereditas.pl\/wp-content\/uploads\/2023\/10\/Lucja_Marcinkowska_Danilowiczowska_18_glowna_klatka_schod-3-1536x1166.jpg 1536w, http:\/\/lapidarium.fundacja-hereditas.pl\/wp-content\/uploads\/2023\/10\/Lucja_Marcinkowska_Danilowiczowska_18_glowna_klatka_schod-3-2048x1555.jpg 2048w, http:\/\/lapidarium.fundacja-hereditas.pl\/wp-content\/uploads\/2023\/10\/Lucja_Marcinkowska_Danilowiczowska_18_glowna_klatka_schod-3-150x114.jpg 150w, http:\/\/lapidarium.fundacja-hereditas.pl\/wp-content\/uploads\/2023\/10\/Lucja_Marcinkowska_Danilowiczowska_18_glowna_klatka_schod-3-696x528.jpg 696w, http:\/\/lapidarium.fundacja-hereditas.pl\/wp-content\/uploads\/2023\/10\/Lucja_Marcinkowska_Danilowiczowska_18_glowna_klatka_schod-3-1068x811.jpg 1068w, http:\/\/lapidarium.fundacja-hereditas.pl\/wp-content\/uploads\/2023\/10\/Lucja_Marcinkowska_Danilowiczowska_18_glowna_klatka_schod-3-1920x1458.jpg 1920w\" sizes=\"auto, (max-width: 1024px) 100vw, 1024px\" \/><\/a><figcaption class=\"wp-element-caption\">G\u0142\u00f3wna klatka schodowa. P\u0142ytki i parkiet. Fot. \u0141ucja Marcinkowska, 2023 r., \u017ar\u00f3d\u0142o: AOD IV.<\/figcaption><\/figure>\n\n\n\n<figure class=\"wp-block-image size-large\"><a href=\"http:\/\/lapidarium.fundacja-hereditas.pl\/wp-content\/uploads\/2023\/10\/Lucja_Marcinkowska_Danilowiczowska_18_glowna_klatka_schod-2-scaled.jpg\"><img loading=\"lazy\" decoding=\"async\" width=\"774\" height=\"1024\" data-id=\"13395\" src=\"http:\/\/lapidarium.fundacja-hereditas.pl\/wp-content\/uploads\/2023\/10\/Lucja_Marcinkowska_Danilowiczowska_18_glowna_klatka_schod-2-774x1024.jpg\" alt=\"\" class=\"wp-image-13395\" srcset=\"http:\/\/lapidarium.fundacja-hereditas.pl\/wp-content\/uploads\/2023\/10\/Lucja_Marcinkowska_Danilowiczowska_18_glowna_klatka_schod-2-774x1024.jpg 774w, http:\/\/lapidarium.fundacja-hereditas.pl\/wp-content\/uploads\/2023\/10\/Lucja_Marcinkowska_Danilowiczowska_18_glowna_klatka_schod-2-227x300.jpg 227w, http:\/\/lapidarium.fundacja-hereditas.pl\/wp-content\/uploads\/2023\/10\/Lucja_Marcinkowska_Danilowiczowska_18_glowna_klatka_schod-2-768x1015.jpg 768w, http:\/\/lapidarium.fundacja-hereditas.pl\/wp-content\/uploads\/2023\/10\/Lucja_Marcinkowska_Danilowiczowska_18_glowna_klatka_schod-2-1162x1536.jpg 1162w, http:\/\/lapidarium.fundacja-hereditas.pl\/wp-content\/uploads\/2023\/10\/Lucja_Marcinkowska_Danilowiczowska_18_glowna_klatka_schod-2-1549x2048.jpg 1549w, http:\/\/lapidarium.fundacja-hereditas.pl\/wp-content\/uploads\/2023\/10\/Lucja_Marcinkowska_Danilowiczowska_18_glowna_klatka_schod-2-150x198.jpg 150w, http:\/\/lapidarium.fundacja-hereditas.pl\/wp-content\/uploads\/2023\/10\/Lucja_Marcinkowska_Danilowiczowska_18_glowna_klatka_schod-2-300x397.jpg 300w, http:\/\/lapidarium.fundacja-hereditas.pl\/wp-content\/uploads\/2023\/10\/Lucja_Marcinkowska_Danilowiczowska_18_glowna_klatka_schod-2-696x920.jpg 696w, http:\/\/lapidarium.fundacja-hereditas.pl\/wp-content\/uploads\/2023\/10\/Lucja_Marcinkowska_Danilowiczowska_18_glowna_klatka_schod-2-1068x1412.jpg 1068w, http:\/\/lapidarium.fundacja-hereditas.pl\/wp-content\/uploads\/2023\/10\/Lucja_Marcinkowska_Danilowiczowska_18_glowna_klatka_schod-2-1920x2539.jpg 1920w, http:\/\/lapidarium.fundacja-hereditas.pl\/wp-content\/uploads\/2023\/10\/Lucja_Marcinkowska_Danilowiczowska_18_glowna_klatka_schod-2-scaled.jpg 1936w\" sizes=\"auto, (max-width: 774px) 100vw, 774px\" \/><\/a><figcaption class=\"wp-element-caption\">G\u0142\u00f3wna klatka schodowa. Spocznik. Fot. \u0141ucja Marcinkowska, 2023 r., \u017ar\u00f3d\u0142o: AOD IV.<\/figcaption><\/figure>\n\n\n\n<figure class=\"wp-block-image size-large\"><a href=\"http:\/\/lapidarium.fundacja-hereditas.pl\/wp-content\/uploads\/2023\/10\/Lucja_Marcinkowska_Danilowiczowska_18_glowna_klatka_schod-1-scaled.jpg\"><img loading=\"lazy\" decoding=\"async\" width=\"772\" height=\"1024\" data-id=\"13394\" src=\"http:\/\/lapidarium.fundacja-hereditas.pl\/wp-content\/uploads\/2023\/10\/Lucja_Marcinkowska_Danilowiczowska_18_glowna_klatka_schod-1-772x1024.jpg\" alt=\"\" class=\"wp-image-13394\" srcset=\"http:\/\/lapidarium.fundacja-hereditas.pl\/wp-content\/uploads\/2023\/10\/Lucja_Marcinkowska_Danilowiczowska_18_glowna_klatka_schod-1-772x1024.jpg 772w, http:\/\/lapidarium.fundacja-hereditas.pl\/wp-content\/uploads\/2023\/10\/Lucja_Marcinkowska_Danilowiczowska_18_glowna_klatka_schod-1-226x300.jpg 226w, http:\/\/lapidarium.fundacja-hereditas.pl\/wp-content\/uploads\/2023\/10\/Lucja_Marcinkowska_Danilowiczowska_18_glowna_klatka_schod-1-768x1018.jpg 768w, http:\/\/lapidarium.fundacja-hereditas.pl\/wp-content\/uploads\/2023\/10\/Lucja_Marcinkowska_Danilowiczowska_18_glowna_klatka_schod-1-1159x1536.jpg 1159w, http:\/\/lapidarium.fundacja-hereditas.pl\/wp-content\/uploads\/2023\/10\/Lucja_Marcinkowska_Danilowiczowska_18_glowna_klatka_schod-1-1545x2048.jpg 1545w, http:\/\/lapidarium.fundacja-hereditas.pl\/wp-content\/uploads\/2023\/10\/Lucja_Marcinkowska_Danilowiczowska_18_glowna_klatka_schod-1-150x199.jpg 150w, http:\/\/lapidarium.fundacja-hereditas.pl\/wp-content\/uploads\/2023\/10\/Lucja_Marcinkowska_Danilowiczowska_18_glowna_klatka_schod-1-300x398.jpg 300w, http:\/\/lapidarium.fundacja-hereditas.pl\/wp-content\/uploads\/2023\/10\/Lucja_Marcinkowska_Danilowiczowska_18_glowna_klatka_schod-1-696x923.jpg 696w, http:\/\/lapidarium.fundacja-hereditas.pl\/wp-content\/uploads\/2023\/10\/Lucja_Marcinkowska_Danilowiczowska_18_glowna_klatka_schod-1-1068x1416.jpg 1068w, http:\/\/lapidarium.fundacja-hereditas.pl\/wp-content\/uploads\/2023\/10\/Lucja_Marcinkowska_Danilowiczowska_18_glowna_klatka_schod-1-1920x2545.jpg 1920w, http:\/\/lapidarium.fundacja-hereditas.pl\/wp-content\/uploads\/2023\/10\/Lucja_Marcinkowska_Danilowiczowska_18_glowna_klatka_schod-1-scaled.jpg 1931w\" sizes=\"auto, (max-width: 772px) 100vw, 772px\" \/><\/a><figcaption class=\"wp-element-caption\">G\u0142\u00f3wna klatka schodowa. Widok ze spocznika ku ostatniemu pi\u0119tru. Fot. \u0141ucja Marcinkowska, 2023 r., \u017ar\u00f3d\u0142o: AOD IV.<\/figcaption><\/figure>\n\n\n\n<figure class=\"wp-block-image size-large\"><a href=\"http:\/\/lapidarium.fundacja-hereditas.pl\/wp-content\/uploads\/2023\/10\/Lucja_Marcinkowska_Danilowiczowska_18_glowna_klatka_schod-7-scaled.jpg\"><img loading=\"lazy\" decoding=\"async\" width=\"752\" height=\"1024\" data-id=\"13398\" src=\"http:\/\/lapidarium.fundacja-hereditas.pl\/wp-content\/uploads\/2023\/10\/Lucja_Marcinkowska_Danilowiczowska_18_glowna_klatka_schod-7-752x1024.jpg\" alt=\"\" class=\"wp-image-13398\" srcset=\"http:\/\/lapidarium.fundacja-hereditas.pl\/wp-content\/uploads\/2023\/10\/Lucja_Marcinkowska_Danilowiczowska_18_glowna_klatka_schod-7-752x1024.jpg 752w, http:\/\/lapidarium.fundacja-hereditas.pl\/wp-content\/uploads\/2023\/10\/Lucja_Marcinkowska_Danilowiczowska_18_glowna_klatka_schod-7-220x300.jpg 220w, http:\/\/lapidarium.fundacja-hereditas.pl\/wp-content\/uploads\/2023\/10\/Lucja_Marcinkowska_Danilowiczowska_18_glowna_klatka_schod-7-768x1046.jpg 768w, http:\/\/lapidarium.fundacja-hereditas.pl\/wp-content\/uploads\/2023\/10\/Lucja_Marcinkowska_Danilowiczowska_18_glowna_klatka_schod-7-1127x1536.jpg 1127w, http:\/\/lapidarium.fundacja-hereditas.pl\/wp-content\/uploads\/2023\/10\/Lucja_Marcinkowska_Danilowiczowska_18_glowna_klatka_schod-7-1503x2048.jpg 1503w, http:\/\/lapidarium.fundacja-hereditas.pl\/wp-content\/uploads\/2023\/10\/Lucja_Marcinkowska_Danilowiczowska_18_glowna_klatka_schod-7-150x204.jpg 150w, http:\/\/lapidarium.fundacja-hereditas.pl\/wp-content\/uploads\/2023\/10\/Lucja_Marcinkowska_Danilowiczowska_18_glowna_klatka_schod-7-300x409.jpg 300w, http:\/\/lapidarium.fundacja-hereditas.pl\/wp-content\/uploads\/2023\/10\/Lucja_Marcinkowska_Danilowiczowska_18_glowna_klatka_schod-7-696x948.jpg 696w, http:\/\/lapidarium.fundacja-hereditas.pl\/wp-content\/uploads\/2023\/10\/Lucja_Marcinkowska_Danilowiczowska_18_glowna_klatka_schod-7-1068x1455.jpg 1068w, http:\/\/lapidarium.fundacja-hereditas.pl\/wp-content\/uploads\/2023\/10\/Lucja_Marcinkowska_Danilowiczowska_18_glowna_klatka_schod-7-1920x2616.jpg 1920w, http:\/\/lapidarium.fundacja-hereditas.pl\/wp-content\/uploads\/2023\/10\/Lucja_Marcinkowska_Danilowiczowska_18_glowna_klatka_schod-7-scaled.jpg 1879w\" sizes=\"auto, (max-width: 752px) 100vw, 752px\" \/><\/a><figcaption class=\"wp-element-caption\">G\u0142\u00f3wna klatka schodowa. Spocznik przed ostatnim pi\u0119trem. Fot. \u0141ucja Marcinkowska, 2023 r., \u017ar\u00f3d\u0142o: AOD IV.<\/figcaption><\/figure>\n\n\n\n<figure class=\"wp-block-image size-large\"><a href=\"http:\/\/lapidarium.fundacja-hereditas.pl\/wp-content\/uploads\/2023\/10\/Lucja_Marcinkowska_Danilowiczowska_18_glowna_klatka_schod-5-scaled.jpg\"><img loading=\"lazy\" decoding=\"async\" width=\"749\" height=\"1024\" data-id=\"13397\" src=\"http:\/\/lapidarium.fundacja-hereditas.pl\/wp-content\/uploads\/2023\/10\/Lucja_Marcinkowska_Danilowiczowska_18_glowna_klatka_schod-5-749x1024.jpg\" alt=\"\" class=\"wp-image-13397\" srcset=\"http:\/\/lapidarium.fundacja-hereditas.pl\/wp-content\/uploads\/2023\/10\/Lucja_Marcinkowska_Danilowiczowska_18_glowna_klatka_schod-5-749x1024.jpg 749w, http:\/\/lapidarium.fundacja-hereditas.pl\/wp-content\/uploads\/2023\/10\/Lucja_Marcinkowska_Danilowiczowska_18_glowna_klatka_schod-5-219x300.jpg 219w, http:\/\/lapidarium.fundacja-hereditas.pl\/wp-content\/uploads\/2023\/10\/Lucja_Marcinkowska_Danilowiczowska_18_glowna_klatka_schod-5-768x1050.jpg 768w, http:\/\/lapidarium.fundacja-hereditas.pl\/wp-content\/uploads\/2023\/10\/Lucja_Marcinkowska_Danilowiczowska_18_glowna_klatka_schod-5-1123x1536.jpg 1123w, http:\/\/lapidarium.fundacja-hereditas.pl\/wp-content\/uploads\/2023\/10\/Lucja_Marcinkowska_Danilowiczowska_18_glowna_klatka_schod-5-1498x2048.jpg 1498w, http:\/\/lapidarium.fundacja-hereditas.pl\/wp-content\/uploads\/2023\/10\/Lucja_Marcinkowska_Danilowiczowska_18_glowna_klatka_schod-5-150x205.jpg 150w, http:\/\/lapidarium.fundacja-hereditas.pl\/wp-content\/uploads\/2023\/10\/Lucja_Marcinkowska_Danilowiczowska_18_glowna_klatka_schod-5-300x410.jpg 300w, http:\/\/lapidarium.fundacja-hereditas.pl\/wp-content\/uploads\/2023\/10\/Lucja_Marcinkowska_Danilowiczowska_18_glowna_klatka_schod-5-696x952.jpg 696w, http:\/\/lapidarium.fundacja-hereditas.pl\/wp-content\/uploads\/2023\/10\/Lucja_Marcinkowska_Danilowiczowska_18_glowna_klatka_schod-5-1068x1461.jpg 1068w, http:\/\/lapidarium.fundacja-hereditas.pl\/wp-content\/uploads\/2023\/10\/Lucja_Marcinkowska_Danilowiczowska_18_glowna_klatka_schod-5-1920x2626.jpg 1920w, http:\/\/lapidarium.fundacja-hereditas.pl\/wp-content\/uploads\/2023\/10\/Lucja_Marcinkowska_Danilowiczowska_18_glowna_klatka_schod-5-scaled.jpg 1872w\" sizes=\"auto, (max-width: 749px) 100vw, 749px\" \/><\/a><figcaption class=\"wp-element-caption\">G\u0142\u00f3wna klatka schodowa. Ostatnie pi\u0119tro. Fot. \u0141ucja Marcinkowska, 2023 r., \u017ar\u00f3d\u0142o: AOD IV.<\/figcaption><\/figure>\n\n\n\n<figure class=\"wp-block-image size-large\"><a href=\"http:\/\/lapidarium.fundacja-hereditas.pl\/wp-content\/uploads\/2023\/10\/Lucja_Marcinkowska_Danilowiczowska_18_parkiet_wejscie_na_korytarz_miedzy_klatkami-1-scaled.jpg\"><img loading=\"lazy\" decoding=\"async\" width=\"772\" height=\"1024\" data-id=\"13413\" src=\"http:\/\/lapidarium.fundacja-hereditas.pl\/wp-content\/uploads\/2023\/10\/Lucja_Marcinkowska_Danilowiczowska_18_parkiet_wejscie_na_korytarz_miedzy_klatkami-1-772x1024.jpg\" alt=\"\" class=\"wp-image-13413\" srcset=\"http:\/\/lapidarium.fundacja-hereditas.pl\/wp-content\/uploads\/2023\/10\/Lucja_Marcinkowska_Danilowiczowska_18_parkiet_wejscie_na_korytarz_miedzy_klatkami-1-772x1024.jpg 772w, http:\/\/lapidarium.fundacja-hereditas.pl\/wp-content\/uploads\/2023\/10\/Lucja_Marcinkowska_Danilowiczowska_18_parkiet_wejscie_na_korytarz_miedzy_klatkami-1-226x300.jpg 226w, http:\/\/lapidarium.fundacja-hereditas.pl\/wp-content\/uploads\/2023\/10\/Lucja_Marcinkowska_Danilowiczowska_18_parkiet_wejscie_na_korytarz_miedzy_klatkami-1-768x1018.jpg 768w, http:\/\/lapidarium.fundacja-hereditas.pl\/wp-content\/uploads\/2023\/10\/Lucja_Marcinkowska_Danilowiczowska_18_parkiet_wejscie_na_korytarz_miedzy_klatkami-1-1159x1536.jpg 1159w, http:\/\/lapidarium.fundacja-hereditas.pl\/wp-content\/uploads\/2023\/10\/Lucja_Marcinkowska_Danilowiczowska_18_parkiet_wejscie_na_korytarz_miedzy_klatkami-1-1545x2048.jpg 1545w, http:\/\/lapidarium.fundacja-hereditas.pl\/wp-content\/uploads\/2023\/10\/Lucja_Marcinkowska_Danilowiczowska_18_parkiet_wejscie_na_korytarz_miedzy_klatkami-1-150x199.jpg 150w, http:\/\/lapidarium.fundacja-hereditas.pl\/wp-content\/uploads\/2023\/10\/Lucja_Marcinkowska_Danilowiczowska_18_parkiet_wejscie_na_korytarz_miedzy_klatkami-1-300x398.jpg 300w, http:\/\/lapidarium.fundacja-hereditas.pl\/wp-content\/uploads\/2023\/10\/Lucja_Marcinkowska_Danilowiczowska_18_parkiet_wejscie_na_korytarz_miedzy_klatkami-1-696x923.jpg 696w, http:\/\/lapidarium.fundacja-hereditas.pl\/wp-content\/uploads\/2023\/10\/Lucja_Marcinkowska_Danilowiczowska_18_parkiet_wejscie_na_korytarz_miedzy_klatkami-1-1068x1416.jpg 1068w, http:\/\/lapidarium.fundacja-hereditas.pl\/wp-content\/uploads\/2023\/10\/Lucja_Marcinkowska_Danilowiczowska_18_parkiet_wejscie_na_korytarz_miedzy_klatkami-1-1920x2545.jpg 1920w, http:\/\/lapidarium.fundacja-hereditas.pl\/wp-content\/uploads\/2023\/10\/Lucja_Marcinkowska_Danilowiczowska_18_parkiet_wejscie_na_korytarz_miedzy_klatkami-1-scaled.jpg 1931w\" sizes=\"auto, (max-width: 772px) 100vw, 772px\" \/><\/a><figcaption class=\"wp-element-caption\">Wej\u015bcie na korytarz pomi\u0119dzy klatkami. Parkiet. Fot. \u0141ucja Marcinkowska, 2023 r., \u017ar\u00f3d\u0142o: AOD IV.<\/figcaption><\/figure>\n\n\n\n<figure class=\"wp-block-image size-large\"><a href=\"http:\/\/lapidarium.fundacja-hereditas.pl\/wp-content\/uploads\/2023\/10\/Lucja_Marcinkowska_Danilowiczowska_18_parkiet_korytarza-2-scaled.jpg\"><img loading=\"lazy\" decoding=\"async\" width=\"705\" height=\"1024\" data-id=\"13410\" src=\"http:\/\/lapidarium.fundacja-hereditas.pl\/wp-content\/uploads\/2023\/10\/Lucja_Marcinkowska_Danilowiczowska_18_parkiet_korytarza-2-705x1024.jpg\" alt=\"\" class=\"wp-image-13410\" srcset=\"http:\/\/lapidarium.fundacja-hereditas.pl\/wp-content\/uploads\/2023\/10\/Lucja_Marcinkowska_Danilowiczowska_18_parkiet_korytarza-2-705x1024.jpg 705w, http:\/\/lapidarium.fundacja-hereditas.pl\/wp-content\/uploads\/2023\/10\/Lucja_Marcinkowska_Danilowiczowska_18_parkiet_korytarza-2-206x300.jpg 206w, http:\/\/lapidarium.fundacja-hereditas.pl\/wp-content\/uploads\/2023\/10\/Lucja_Marcinkowska_Danilowiczowska_18_parkiet_korytarza-2-768x1116.jpg 768w, http:\/\/lapidarium.fundacja-hereditas.pl\/wp-content\/uploads\/2023\/10\/Lucja_Marcinkowska_Danilowiczowska_18_parkiet_korytarza-2-1057x1536.jpg 1057w, http:\/\/lapidarium.fundacja-hereditas.pl\/wp-content\/uploads\/2023\/10\/Lucja_Marcinkowska_Danilowiczowska_18_parkiet_korytarza-2-1409x2048.jpg 1409w, http:\/\/lapidarium.fundacja-hereditas.pl\/wp-content\/uploads\/2023\/10\/Lucja_Marcinkowska_Danilowiczowska_18_parkiet_korytarza-2-150x218.jpg 150w, http:\/\/lapidarium.fundacja-hereditas.pl\/wp-content\/uploads\/2023\/10\/Lucja_Marcinkowska_Danilowiczowska_18_parkiet_korytarza-2-300x436.jpg 300w, http:\/\/lapidarium.fundacja-hereditas.pl\/wp-content\/uploads\/2023\/10\/Lucja_Marcinkowska_Danilowiczowska_18_parkiet_korytarza-2-696x1011.jpg 696w, http:\/\/lapidarium.fundacja-hereditas.pl\/wp-content\/uploads\/2023\/10\/Lucja_Marcinkowska_Danilowiczowska_18_parkiet_korytarza-2-1068x1552.jpg 1068w, http:\/\/lapidarium.fundacja-hereditas.pl\/wp-content\/uploads\/2023\/10\/Lucja_Marcinkowska_Danilowiczowska_18_parkiet_korytarza-2-1920x2790.jpg 1920w, http:\/\/lapidarium.fundacja-hereditas.pl\/wp-content\/uploads\/2023\/10\/Lucja_Marcinkowska_Danilowiczowska_18_parkiet_korytarza-2-scaled.jpg 1762w\" sizes=\"auto, (max-width: 705px) 100vw, 705px\" \/><\/a><figcaption class=\"wp-element-caption\">Parkiet korytarza, wsp\u00f3\u0142czesne linoleum. Fot. \u0141ucja Marcinkowska, 2023 r., \u017ar\u00f3d\u0142o: AOD IV.<\/figcaption><\/figure>\n\n\n\n<figure class=\"wp-block-image size-large\"><a href=\"http:\/\/lapidarium.fundacja-hereditas.pl\/wp-content\/uploads\/2023\/10\/Lucja_Marcinkowska_Danilowiczowska_18_parkiet_korytarz9-scaled.jpg\"><img loading=\"lazy\" decoding=\"async\" width=\"706\" height=\"1024\" data-id=\"13409\" src=\"http:\/\/lapidarium.fundacja-hereditas.pl\/wp-content\/uploads\/2023\/10\/Lucja_Marcinkowska_Danilowiczowska_18_parkiet_korytarz9-706x1024.jpg\" alt=\"\" class=\"wp-image-13409\" srcset=\"http:\/\/lapidarium.fundacja-hereditas.pl\/wp-content\/uploads\/2023\/10\/Lucja_Marcinkowska_Danilowiczowska_18_parkiet_korytarz9-706x1024.jpg 706w, http:\/\/lapidarium.fundacja-hereditas.pl\/wp-content\/uploads\/2023\/10\/Lucja_Marcinkowska_Danilowiczowska_18_parkiet_korytarz9-207x300.jpg 207w, http:\/\/lapidarium.fundacja-hereditas.pl\/wp-content\/uploads\/2023\/10\/Lucja_Marcinkowska_Danilowiczowska_18_parkiet_korytarz9-768x1115.jpg 768w, http:\/\/lapidarium.fundacja-hereditas.pl\/wp-content\/uploads\/2023\/10\/Lucja_Marcinkowska_Danilowiczowska_18_parkiet_korytarz9-1058x1536.jpg 1058w, http:\/\/lapidarium.fundacja-hereditas.pl\/wp-content\/uploads\/2023\/10\/Lucja_Marcinkowska_Danilowiczowska_18_parkiet_korytarz9-1411x2048.jpg 1411w, http:\/\/lapidarium.fundacja-hereditas.pl\/wp-content\/uploads\/2023\/10\/Lucja_Marcinkowska_Danilowiczowska_18_parkiet_korytarz9-150x218.jpg 150w, http:\/\/lapidarium.fundacja-hereditas.pl\/wp-content\/uploads\/2023\/10\/Lucja_Marcinkowska_Danilowiczowska_18_parkiet_korytarz9-300x435.jpg 300w, http:\/\/lapidarium.fundacja-hereditas.pl\/wp-content\/uploads\/2023\/10\/Lucja_Marcinkowska_Danilowiczowska_18_parkiet_korytarz9-696x1010.jpg 696w, http:\/\/lapidarium.fundacja-hereditas.pl\/wp-content\/uploads\/2023\/10\/Lucja_Marcinkowska_Danilowiczowska_18_parkiet_korytarz9-1068x1550.jpg 1068w, http:\/\/lapidarium.fundacja-hereditas.pl\/wp-content\/uploads\/2023\/10\/Lucja_Marcinkowska_Danilowiczowska_18_parkiet_korytarz9-1920x2786.jpg 1920w, http:\/\/lapidarium.fundacja-hereditas.pl\/wp-content\/uploads\/2023\/10\/Lucja_Marcinkowska_Danilowiczowska_18_parkiet_korytarz9-scaled.jpg 1764w\" sizes=\"auto, (max-width: 706px) 100vw, 706px\" \/><\/a><figcaption class=\"wp-element-caption\">Parkiet korytarza, wsp\u00f3\u0142czesne linoleum. Fot. \u0141ucja Marcinkowska, 2023 r., \u017ar\u00f3d\u0142o: AOD IV.<\/figcaption><\/figure>\n\n\n\n<figure class=\"wp-block-image size-large\"><a href=\"http:\/\/lapidarium.fundacja-hereditas.pl\/wp-content\/uploads\/2023\/10\/Lucja_Marcinkowska_Danilowiczowska_18_korytarz.jpg\"><img loading=\"lazy\" decoding=\"async\" width=\"773\" height=\"1024\" data-id=\"13408\" src=\"http:\/\/lapidarium.fundacja-hereditas.pl\/wp-content\/uploads\/2023\/10\/Lucja_Marcinkowska_Danilowiczowska_18_korytarz-773x1024.jpg\" alt=\"\" class=\"wp-image-13408\" srcset=\"http:\/\/lapidarium.fundacja-hereditas.pl\/wp-content\/uploads\/2023\/10\/Lucja_Marcinkowska_Danilowiczowska_18_korytarz-773x1024.jpg 773w, http:\/\/lapidarium.fundacja-hereditas.pl\/wp-content\/uploads\/2023\/10\/Lucja_Marcinkowska_Danilowiczowska_18_korytarz-226x300.jpg 226w, http:\/\/lapidarium.fundacja-hereditas.pl\/wp-content\/uploads\/2023\/10\/Lucja_Marcinkowska_Danilowiczowska_18_korytarz-768x1018.jpg 768w, http:\/\/lapidarium.fundacja-hereditas.pl\/wp-content\/uploads\/2023\/10\/Lucja_Marcinkowska_Danilowiczowska_18_korytarz-1159x1536.jpg 1159w, http:\/\/lapidarium.fundacja-hereditas.pl\/wp-content\/uploads\/2023\/10\/Lucja_Marcinkowska_Danilowiczowska_18_korytarz-150x199.jpg 150w, http:\/\/lapidarium.fundacja-hereditas.pl\/wp-content\/uploads\/2023\/10\/Lucja_Marcinkowska_Danilowiczowska_18_korytarz-300x397.jpg 300w, http:\/\/lapidarium.fundacja-hereditas.pl\/wp-content\/uploads\/2023\/10\/Lucja_Marcinkowska_Danilowiczowska_18_korytarz-696x922.jpg 696w, http:\/\/lapidarium.fundacja-hereditas.pl\/wp-content\/uploads\/2023\/10\/Lucja_Marcinkowska_Danilowiczowska_18_korytarz-1068x1415.jpg 1068w, http:\/\/lapidarium.fundacja-hereditas.pl\/wp-content\/uploads\/2023\/10\/Lucja_Marcinkowska_Danilowiczowska_18_korytarz.jpg 1388w\" sizes=\"auto, (max-width: 773px) 100vw, 773px\" \/><\/a><figcaption class=\"wp-element-caption\">Parkiet korytarza i p\u0142ytki podestu. Fot. \u0141ucja Marcinkowska, 2023 r., \u017ar\u00f3d\u0142o: AOD IV.<\/figcaption><\/figure>\n\n\n\n<figure class=\"wp-block-image size-large\"><a href=\"http:\/\/lapidarium.fundacja-hereditas.pl\/wp-content\/uploads\/2023\/10\/Lucja_Marcinkowska_Danilowiczowska_18_parkiet_korytrza-scaled.jpg\"><img loading=\"lazy\" decoding=\"async\" width=\"1024\" height=\"566\" data-id=\"13412\" src=\"http:\/\/lapidarium.fundacja-hereditas.pl\/wp-content\/uploads\/2023\/10\/Lucja_Marcinkowska_Danilowiczowska_18_parkiet_korytrza-1024x566.jpg\" alt=\"\" class=\"wp-image-13412\" srcset=\"http:\/\/lapidarium.fundacja-hereditas.pl\/wp-content\/uploads\/2023\/10\/Lucja_Marcinkowska_Danilowiczowska_18_parkiet_korytrza-1024x566.jpg 1024w, http:\/\/lapidarium.fundacja-hereditas.pl\/wp-content\/uploads\/2023\/10\/Lucja_Marcinkowska_Danilowiczowska_18_parkiet_korytrza-300x166.jpg 300w, http:\/\/lapidarium.fundacja-hereditas.pl\/wp-content\/uploads\/2023\/10\/Lucja_Marcinkowska_Danilowiczowska_18_parkiet_korytrza-768x424.jpg 768w, http:\/\/lapidarium.fundacja-hereditas.pl\/wp-content\/uploads\/2023\/10\/Lucja_Marcinkowska_Danilowiczowska_18_parkiet_korytrza-1536x849.jpg 1536w, http:\/\/lapidarium.fundacja-hereditas.pl\/wp-content\/uploads\/2023\/10\/Lucja_Marcinkowska_Danilowiczowska_18_parkiet_korytrza-2048x1132.jpg 2048w, http:\/\/lapidarium.fundacja-hereditas.pl\/wp-content\/uploads\/2023\/10\/Lucja_Marcinkowska_Danilowiczowska_18_parkiet_korytrza-150x83.jpg 150w, http:\/\/lapidarium.fundacja-hereditas.pl\/wp-content\/uploads\/2023\/10\/Lucja_Marcinkowska_Danilowiczowska_18_parkiet_korytrza-696x385.jpg 696w, http:\/\/lapidarium.fundacja-hereditas.pl\/wp-content\/uploads\/2023\/10\/Lucja_Marcinkowska_Danilowiczowska_18_parkiet_korytrza-1068x590.jpg 1068w, http:\/\/lapidarium.fundacja-hereditas.pl\/wp-content\/uploads\/2023\/10\/Lucja_Marcinkowska_Danilowiczowska_18_parkiet_korytrza-1920x1061.jpg 1920w\" sizes=\"auto, (max-width: 1024px) 100vw, 1024px\" \/><\/a><figcaption class=\"wp-element-caption\">Parkiet korytarza. Fot. \u0141ucja Marcinkowska, 2023 r., \u017ar\u00f3d\u0142o: AOD IV.<\/figcaption><\/figure>\n\n\n\n<figure class=\"wp-block-image size-large\"><a href=\"http:\/\/lapidarium.fundacja-hereditas.pl\/wp-content\/uploads\/2023\/10\/Lucja_Marcinkowska_Danilowiczowska_18_parkiet_korytarza-scaled.jpg\"><img loading=\"lazy\" decoding=\"async\" width=\"1024\" height=\"816\" data-id=\"13411\" src=\"http:\/\/lapidarium.fundacja-hereditas.pl\/wp-content\/uploads\/2023\/10\/Lucja_Marcinkowska_Danilowiczowska_18_parkiet_korytarza-1024x816.jpg\" alt=\"\" class=\"wp-image-13411\" srcset=\"http:\/\/lapidarium.fundacja-hereditas.pl\/wp-content\/uploads\/2023\/10\/Lucja_Marcinkowska_Danilowiczowska_18_parkiet_korytarza-1024x816.jpg 1024w, http:\/\/lapidarium.fundacja-hereditas.pl\/wp-content\/uploads\/2023\/10\/Lucja_Marcinkowska_Danilowiczowska_18_parkiet_korytarza-300x239.jpg 300w, http:\/\/lapidarium.fundacja-hereditas.pl\/wp-content\/uploads\/2023\/10\/Lucja_Marcinkowska_Danilowiczowska_18_parkiet_korytarza-768x612.jpg 768w, http:\/\/lapidarium.fundacja-hereditas.pl\/wp-content\/uploads\/2023\/10\/Lucja_Marcinkowska_Danilowiczowska_18_parkiet_korytarza-1536x1224.jpg 1536w, http:\/\/lapidarium.fundacja-hereditas.pl\/wp-content\/uploads\/2023\/10\/Lucja_Marcinkowska_Danilowiczowska_18_parkiet_korytarza-2048x1632.jpg 2048w, http:\/\/lapidarium.fundacja-hereditas.pl\/wp-content\/uploads\/2023\/10\/Lucja_Marcinkowska_Danilowiczowska_18_parkiet_korytarza-150x120.jpg 150w, http:\/\/lapidarium.fundacja-hereditas.pl\/wp-content\/uploads\/2023\/10\/Lucja_Marcinkowska_Danilowiczowska_18_parkiet_korytarza-696x555.jpg 696w, http:\/\/lapidarium.fundacja-hereditas.pl\/wp-content\/uploads\/2023\/10\/Lucja_Marcinkowska_Danilowiczowska_18_parkiet_korytarza-1068x851.jpg 1068w, http:\/\/lapidarium.fundacja-hereditas.pl\/wp-content\/uploads\/2023\/10\/Lucja_Marcinkowska_Danilowiczowska_18_parkiet_korytarza-1920x1530.jpg 1920w\" sizes=\"auto, (max-width: 1024px) 100vw, 1024px\" \/><\/a><figcaption class=\"wp-element-caption\">Parkiet korytarza. Fot. \u0141ucja Marcinkowska, 2023 r., \u017ar\u00f3d\u0142o: AOD IV.<\/figcaption><\/figure>\n\n\n\n<figure class=\"wp-block-image size-large\"><a href=\"http:\/\/lapidarium.fundacja-hereditas.pl\/wp-content\/uploads\/2023\/10\/Lucja_Marcinkowska_Danilowiczowska_18_typowa_posadzka_podestu_pietra_bocznej_klatki_schod8-scaled.jpg\"><img loading=\"lazy\" decoding=\"async\" width=\"1024\" height=\"766\" data-id=\"13430\" src=\"http:\/\/lapidarium.fundacja-hereditas.pl\/wp-content\/uploads\/2023\/10\/Lucja_Marcinkowska_Danilowiczowska_18_typowa_posadzka_podestu_pietra_bocznej_klatki_schod8-1024x766.jpg\" alt=\"\" class=\"wp-image-13430\" srcset=\"http:\/\/lapidarium.fundacja-hereditas.pl\/wp-content\/uploads\/2023\/10\/Lucja_Marcinkowska_Danilowiczowska_18_typowa_posadzka_podestu_pietra_bocznej_klatki_schod8-1024x766.jpg 1024w, http:\/\/lapidarium.fundacja-hereditas.pl\/wp-content\/uploads\/2023\/10\/Lucja_Marcinkowska_Danilowiczowska_18_typowa_posadzka_podestu_pietra_bocznej_klatki_schod8-300x224.jpg 300w, http:\/\/lapidarium.fundacja-hereditas.pl\/wp-content\/uploads\/2023\/10\/Lucja_Marcinkowska_Danilowiczowska_18_typowa_posadzka_podestu_pietra_bocznej_klatki_schod8-768x575.jpg 768w, http:\/\/lapidarium.fundacja-hereditas.pl\/wp-content\/uploads\/2023\/10\/Lucja_Marcinkowska_Danilowiczowska_18_typowa_posadzka_podestu_pietra_bocznej_klatki_schod8-1536x1149.jpg 1536w, http:\/\/lapidarium.fundacja-hereditas.pl\/wp-content\/uploads\/2023\/10\/Lucja_Marcinkowska_Danilowiczowska_18_typowa_posadzka_podestu_pietra_bocznej_klatki_schod8-2048x1532.jpg 2048w, http:\/\/lapidarium.fundacja-hereditas.pl\/wp-content\/uploads\/2023\/10\/Lucja_Marcinkowska_Danilowiczowska_18_typowa_posadzka_podestu_pietra_bocznej_klatki_schod8-150x112.jpg 150w, http:\/\/lapidarium.fundacja-hereditas.pl\/wp-content\/uploads\/2023\/10\/Lucja_Marcinkowska_Danilowiczowska_18_typowa_posadzka_podestu_pietra_bocznej_klatki_schod8-696x521.jpg 696w, http:\/\/lapidarium.fundacja-hereditas.pl\/wp-content\/uploads\/2023\/10\/Lucja_Marcinkowska_Danilowiczowska_18_typowa_posadzka_podestu_pietra_bocznej_klatki_schod8-1068x799.jpg 1068w, http:\/\/lapidarium.fundacja-hereditas.pl\/wp-content\/uploads\/2023\/10\/Lucja_Marcinkowska_Danilowiczowska_18_typowa_posadzka_podestu_pietra_bocznej_klatki_schod8-1920x1437.jpg 1920w\" sizes=\"auto, (max-width: 1024px) 100vw, 1024px\" \/><\/a><figcaption class=\"wp-element-caption\">Typowa posadzka pi\u0119tra bocznej klatki schodowej. Fot. \u0141ucja Marcinkowska, 2023 r., \u017ar\u00f3d\u0142o: AOD IV.<\/figcaption><\/figure>\n\n\n\n<figure class=\"wp-block-image size-large\"><a href=\"http:\/\/lapidarium.fundacja-hereditas.pl\/wp-content\/uploads\/2023\/10\/Lucja_Marcinkowska_Danilowiczowska_18_typowa_posadzka_podestu_pietra_bocznej_klatki_schod7-scaled.jpg\"><img loading=\"lazy\" decoding=\"async\" width=\"1024\" height=\"766\" data-id=\"13429\" src=\"http:\/\/lapidarium.fundacja-hereditas.pl\/wp-content\/uploads\/2023\/10\/Lucja_Marcinkowska_Danilowiczowska_18_typowa_posadzka_podestu_pietra_bocznej_klatki_schod7-1024x766.jpg\" alt=\"\" class=\"wp-image-13429\" srcset=\"http:\/\/lapidarium.fundacja-hereditas.pl\/wp-content\/uploads\/2023\/10\/Lucja_Marcinkowska_Danilowiczowska_18_typowa_posadzka_podestu_pietra_bocznej_klatki_schod7-1024x766.jpg 1024w, http:\/\/lapidarium.fundacja-hereditas.pl\/wp-content\/uploads\/2023\/10\/Lucja_Marcinkowska_Danilowiczowska_18_typowa_posadzka_podestu_pietra_bocznej_klatki_schod7-300x224.jpg 300w, http:\/\/lapidarium.fundacja-hereditas.pl\/wp-content\/uploads\/2023\/10\/Lucja_Marcinkowska_Danilowiczowska_18_typowa_posadzka_podestu_pietra_bocznej_klatki_schod7-768x575.jpg 768w, http:\/\/lapidarium.fundacja-hereditas.pl\/wp-content\/uploads\/2023\/10\/Lucja_Marcinkowska_Danilowiczowska_18_typowa_posadzka_podestu_pietra_bocznej_klatki_schod7-1536x1149.jpg 1536w, http:\/\/lapidarium.fundacja-hereditas.pl\/wp-content\/uploads\/2023\/10\/Lucja_Marcinkowska_Danilowiczowska_18_typowa_posadzka_podestu_pietra_bocznej_klatki_schod7-2048x1532.jpg 2048w, http:\/\/lapidarium.fundacja-hereditas.pl\/wp-content\/uploads\/2023\/10\/Lucja_Marcinkowska_Danilowiczowska_18_typowa_posadzka_podestu_pietra_bocznej_klatki_schod7-150x112.jpg 150w, http:\/\/lapidarium.fundacja-hereditas.pl\/wp-content\/uploads\/2023\/10\/Lucja_Marcinkowska_Danilowiczowska_18_typowa_posadzka_podestu_pietra_bocznej_klatki_schod7-696x521.jpg 696w, http:\/\/lapidarium.fundacja-hereditas.pl\/wp-content\/uploads\/2023\/10\/Lucja_Marcinkowska_Danilowiczowska_18_typowa_posadzka_podestu_pietra_bocznej_klatki_schod7-1068x799.jpg 1068w, http:\/\/lapidarium.fundacja-hereditas.pl\/wp-content\/uploads\/2023\/10\/Lucja_Marcinkowska_Danilowiczowska_18_typowa_posadzka_podestu_pietra_bocznej_klatki_schod7-1920x1437.jpg 1920w\" sizes=\"auto, (max-width: 1024px) 100vw, 1024px\" \/><\/a><figcaption class=\"wp-element-caption\">Typowa posadzka pi\u0119tra bocznej klatki schodowej. Fot. Katarzyna Komar-MIchalczyk, 2023 r., \u017ar\u00f3d\u0142o: AOD IV.<\/figcaption><\/figure>\n\n\n\n<figure class=\"wp-block-image size-large\"><a href=\"http:\/\/lapidarium.fundacja-hereditas.pl\/wp-content\/uploads\/2023\/10\/KKM_Danilowiczowska_18_typowa_posadzka_podestu_pietra_bocznej_klatki_schod6-scaled.jpg\"><img loading=\"lazy\" decoding=\"async\" width=\"1024\" height=\"766\" data-id=\"13390\" src=\"http:\/\/lapidarium.fundacja-hereditas.pl\/wp-content\/uploads\/2023\/10\/KKM_Danilowiczowska_18_typowa_posadzka_podestu_pietra_bocznej_klatki_schod6-1024x766.jpg\" alt=\"\" class=\"wp-image-13390\" srcset=\"http:\/\/lapidarium.fundacja-hereditas.pl\/wp-content\/uploads\/2023\/10\/KKM_Danilowiczowska_18_typowa_posadzka_podestu_pietra_bocznej_klatki_schod6-1024x766.jpg 1024w, http:\/\/lapidarium.fundacja-hereditas.pl\/wp-content\/uploads\/2023\/10\/KKM_Danilowiczowska_18_typowa_posadzka_podestu_pietra_bocznej_klatki_schod6-300x224.jpg 300w, http:\/\/lapidarium.fundacja-hereditas.pl\/wp-content\/uploads\/2023\/10\/KKM_Danilowiczowska_18_typowa_posadzka_podestu_pietra_bocznej_klatki_schod6-768x575.jpg 768w, http:\/\/lapidarium.fundacja-hereditas.pl\/wp-content\/uploads\/2023\/10\/KKM_Danilowiczowska_18_typowa_posadzka_podestu_pietra_bocznej_klatki_schod6-1536x1149.jpg 1536w, http:\/\/lapidarium.fundacja-hereditas.pl\/wp-content\/uploads\/2023\/10\/KKM_Danilowiczowska_18_typowa_posadzka_podestu_pietra_bocznej_klatki_schod6-2048x1532.jpg 2048w, http:\/\/lapidarium.fundacja-hereditas.pl\/wp-content\/uploads\/2023\/10\/KKM_Danilowiczowska_18_typowa_posadzka_podestu_pietra_bocznej_klatki_schod6-150x112.jpg 150w, http:\/\/lapidarium.fundacja-hereditas.pl\/wp-content\/uploads\/2023\/10\/KKM_Danilowiczowska_18_typowa_posadzka_podestu_pietra_bocznej_klatki_schod6-696x521.jpg 696w, http:\/\/lapidarium.fundacja-hereditas.pl\/wp-content\/uploads\/2023\/10\/KKM_Danilowiczowska_18_typowa_posadzka_podestu_pietra_bocznej_klatki_schod6-1068x799.jpg 1068w, http:\/\/lapidarium.fundacja-hereditas.pl\/wp-content\/uploads\/2023\/10\/KKM_Danilowiczowska_18_typowa_posadzka_podestu_pietra_bocznej_klatki_schod6-1920x1437.jpg 1920w\" sizes=\"auto, (max-width: 1024px) 100vw, 1024px\" \/><\/a><figcaption class=\"wp-element-caption\">Typowa posadzka pi\u0119tra bocznej klatki schodowej. Fot. Katarzyna Komar-Michalczyk, 2023 r., \u017ar\u00f3d\u0142o: AOD IV.<\/figcaption><\/figure>\n\n\n\n<figure class=\"wp-block-image size-large\"><a href=\"http:\/\/lapidarium.fundacja-hereditas.pl\/wp-content\/uploads\/2023\/10\/Lucja_Marcinkowska_Danilowiczowska_18_schody_bocznej_klatki_schod_widk_ogolny-2-scaled.jpg\"><img loading=\"lazy\" decoding=\"async\" width=\"721\" height=\"1024\" data-id=\"13428\" src=\"http:\/\/lapidarium.fundacja-hereditas.pl\/wp-content\/uploads\/2023\/10\/Lucja_Marcinkowska_Danilowiczowska_18_schody_bocznej_klatki_schod_widk_ogolny-2-721x1024.jpg\" alt=\"\" class=\"wp-image-13428\" srcset=\"http:\/\/lapidarium.fundacja-hereditas.pl\/wp-content\/uploads\/2023\/10\/Lucja_Marcinkowska_Danilowiczowska_18_schody_bocznej_klatki_schod_widk_ogolny-2-721x1024.jpg 721w, http:\/\/lapidarium.fundacja-hereditas.pl\/wp-content\/uploads\/2023\/10\/Lucja_Marcinkowska_Danilowiczowska_18_schody_bocznej_klatki_schod_widk_ogolny-2-211x300.jpg 211w, http:\/\/lapidarium.fundacja-hereditas.pl\/wp-content\/uploads\/2023\/10\/Lucja_Marcinkowska_Danilowiczowska_18_schody_bocznej_klatki_schod_widk_ogolny-2-768x1091.jpg 768w, http:\/\/lapidarium.fundacja-hereditas.pl\/wp-content\/uploads\/2023\/10\/Lucja_Marcinkowska_Danilowiczowska_18_schody_bocznej_klatki_schod_widk_ogolny-2-1081x1536.jpg 1081w, http:\/\/lapidarium.fundacja-hereditas.pl\/wp-content\/uploads\/2023\/10\/Lucja_Marcinkowska_Danilowiczowska_18_schody_bocznej_klatki_schod_widk_ogolny-2-1441x2048.jpg 1441w, http:\/\/lapidarium.fundacja-hereditas.pl\/wp-content\/uploads\/2023\/10\/Lucja_Marcinkowska_Danilowiczowska_18_schody_bocznej_klatki_schod_widk_ogolny-2-150x213.jpg 150w, http:\/\/lapidarium.fundacja-hereditas.pl\/wp-content\/uploads\/2023\/10\/Lucja_Marcinkowska_Danilowiczowska_18_schody_bocznej_klatki_schod_widk_ogolny-2-300x426.jpg 300w, http:\/\/lapidarium.fundacja-hereditas.pl\/wp-content\/uploads\/2023\/10\/Lucja_Marcinkowska_Danilowiczowska_18_schody_bocznej_klatki_schod_widk_ogolny-2-696x989.jpg 696w, http:\/\/lapidarium.fundacja-hereditas.pl\/wp-content\/uploads\/2023\/10\/Lucja_Marcinkowska_Danilowiczowska_18_schody_bocznej_klatki_schod_widk_ogolny-2-1068x1517.jpg 1068w, http:\/\/lapidarium.fundacja-hereditas.pl\/wp-content\/uploads\/2023\/10\/Lucja_Marcinkowska_Danilowiczowska_18_schody_bocznej_klatki_schod_widk_ogolny-2-1920x2728.jpg 1920w, http:\/\/lapidarium.fundacja-hereditas.pl\/wp-content\/uploads\/2023\/10\/Lucja_Marcinkowska_Danilowiczowska_18_schody_bocznej_klatki_schod_widk_ogolny-2-scaled.jpg 1802w\" sizes=\"auto, (max-width: 721px) 100vw, 721px\" \/><\/a><figcaption class=\"wp-element-caption\">Schody bocznej klatki schodowej. Widok og\u00f3lny. Fot. Katarzyna Komar-Michalczyk, 2023 r., \u017ar\u00f3d\u0142o: AOD IV.<\/figcaption><\/figure>\n\n\n\n<figure class=\"wp-block-image size-large\"><a href=\"http:\/\/lapidarium.fundacja-hereditas.pl\/wp-content\/uploads\/2023\/10\/Lucja_Marcinkowska_Danilowiczowska_18_schody_bocznej_klatki_schod_widk_ogolny-1-scaled.jpg\"><img loading=\"lazy\" decoding=\"async\" width=\"1024\" height=\"766\" data-id=\"13427\" src=\"http:\/\/lapidarium.fundacja-hereditas.pl\/wp-content\/uploads\/2023\/10\/Lucja_Marcinkowska_Danilowiczowska_18_schody_bocznej_klatki_schod_widk_ogolny-1-1024x766.jpg\" alt=\"\" class=\"wp-image-13427\" srcset=\"http:\/\/lapidarium.fundacja-hereditas.pl\/wp-content\/uploads\/2023\/10\/Lucja_Marcinkowska_Danilowiczowska_18_schody_bocznej_klatki_schod_widk_ogolny-1-1024x766.jpg 1024w, http:\/\/lapidarium.fundacja-hereditas.pl\/wp-content\/uploads\/2023\/10\/Lucja_Marcinkowska_Danilowiczowska_18_schody_bocznej_klatki_schod_widk_ogolny-1-300x224.jpg 300w, http:\/\/lapidarium.fundacja-hereditas.pl\/wp-content\/uploads\/2023\/10\/Lucja_Marcinkowska_Danilowiczowska_18_schody_bocznej_klatki_schod_widk_ogolny-1-768x575.jpg 768w, http:\/\/lapidarium.fundacja-hereditas.pl\/wp-content\/uploads\/2023\/10\/Lucja_Marcinkowska_Danilowiczowska_18_schody_bocznej_klatki_schod_widk_ogolny-1-1536x1149.jpg 1536w, http:\/\/lapidarium.fundacja-hereditas.pl\/wp-content\/uploads\/2023\/10\/Lucja_Marcinkowska_Danilowiczowska_18_schody_bocznej_klatki_schod_widk_ogolny-1-2048x1532.jpg 2048w, http:\/\/lapidarium.fundacja-hereditas.pl\/wp-content\/uploads\/2023\/10\/Lucja_Marcinkowska_Danilowiczowska_18_schody_bocznej_klatki_schod_widk_ogolny-1-150x112.jpg 150w, http:\/\/lapidarium.fundacja-hereditas.pl\/wp-content\/uploads\/2023\/10\/Lucja_Marcinkowska_Danilowiczowska_18_schody_bocznej_klatki_schod_widk_ogolny-1-696x521.jpg 696w, http:\/\/lapidarium.fundacja-hereditas.pl\/wp-content\/uploads\/2023\/10\/Lucja_Marcinkowska_Danilowiczowska_18_schody_bocznej_klatki_schod_widk_ogolny-1-1068x799.jpg 1068w, http:\/\/lapidarium.fundacja-hereditas.pl\/wp-content\/uploads\/2023\/10\/Lucja_Marcinkowska_Danilowiczowska_18_schody_bocznej_klatki_schod_widk_ogolny-1-1920x1437.jpg 1920w\" sizes=\"auto, (max-width: 1024px) 100vw, 1024px\" \/><\/a><figcaption class=\"wp-element-caption\">Schody bocznej klatki schodowej. Widok og\u00f3lny. Fot. Katarzyna Komar-Michalczyk, 2023 r., \u017ar\u00f3d\u0142o: AOD IV.<\/figcaption><\/figure>\n\n\n\n<figure class=\"wp-block-image size-large\"><a href=\"http:\/\/lapidarium.fundacja-hereditas.pl\/wp-content\/uploads\/2023\/10\/Lucja_Marcinkowska_Danilowiczowska_18_posadzka_podestu_polpietra_bocznej_klatki_schod-scaled.jpg\"><img loading=\"lazy\" decoding=\"async\" width=\"1024\" height=\"766\" data-id=\"13426\" src=\"http:\/\/lapidarium.fundacja-hereditas.pl\/wp-content\/uploads\/2023\/10\/Lucja_Marcinkowska_Danilowiczowska_18_posadzka_podestu_polpietra_bocznej_klatki_schod-1024x766.jpg\" alt=\"\" class=\"wp-image-13426\" srcset=\"http:\/\/lapidarium.fundacja-hereditas.pl\/wp-content\/uploads\/2023\/10\/Lucja_Marcinkowska_Danilowiczowska_18_posadzka_podestu_polpietra_bocznej_klatki_schod-1024x766.jpg 1024w, http:\/\/lapidarium.fundacja-hereditas.pl\/wp-content\/uploads\/2023\/10\/Lucja_Marcinkowska_Danilowiczowska_18_posadzka_podestu_polpietra_bocznej_klatki_schod-300x224.jpg 300w, http:\/\/lapidarium.fundacja-hereditas.pl\/wp-content\/uploads\/2023\/10\/Lucja_Marcinkowska_Danilowiczowska_18_posadzka_podestu_polpietra_bocznej_klatki_schod-768x575.jpg 768w, http:\/\/lapidarium.fundacja-hereditas.pl\/wp-content\/uploads\/2023\/10\/Lucja_Marcinkowska_Danilowiczowska_18_posadzka_podestu_polpietra_bocznej_klatki_schod-1536x1149.jpg 1536w, http:\/\/lapidarium.fundacja-hereditas.pl\/wp-content\/uploads\/2023\/10\/Lucja_Marcinkowska_Danilowiczowska_18_posadzka_podestu_polpietra_bocznej_klatki_schod-2048x1532.jpg 2048w, http:\/\/lapidarium.fundacja-hereditas.pl\/wp-content\/uploads\/2023\/10\/Lucja_Marcinkowska_Danilowiczowska_18_posadzka_podestu_polpietra_bocznej_klatki_schod-150x112.jpg 150w, http:\/\/lapidarium.fundacja-hereditas.pl\/wp-content\/uploads\/2023\/10\/Lucja_Marcinkowska_Danilowiczowska_18_posadzka_podestu_polpietra_bocznej_klatki_schod-696x521.jpg 696w, http:\/\/lapidarium.fundacja-hereditas.pl\/wp-content\/uploads\/2023\/10\/Lucja_Marcinkowska_Danilowiczowska_18_posadzka_podestu_polpietra_bocznej_klatki_schod-1068x799.jpg 1068w, http:\/\/lapidarium.fundacja-hereditas.pl\/wp-content\/uploads\/2023\/10\/Lucja_Marcinkowska_Danilowiczowska_18_posadzka_podestu_polpietra_bocznej_klatki_schod-1920x1437.jpg 1920w\" sizes=\"auto, (max-width: 1024px) 100vw, 1024px\" \/><\/a><figcaption class=\"wp-element-caption\">Posadzka podestu p\u00f3\u0142pi\u0119tra bocznej klatki schodowej. Fot. Katarzyna Komar-Michalczyk, 2023 r., \u017ar\u00f3d\u0142o: AOD IV.<\/figcaption><\/figure>\n\n\n\n<figure class=\"wp-block-image size-large\"><a href=\"http:\/\/lapidarium.fundacja-hereditas.pl\/wp-content\/uploads\/2023\/10\/Lucja_Marcinkowska_Danilowiczowska_18_posadzka_podestu_III_pietra_bocznej_klatki_schod-scaled.jpg\"><img loading=\"lazy\" decoding=\"async\" width=\"1024\" height=\"766\" data-id=\"13425\" src=\"http:\/\/lapidarium.fundacja-hereditas.pl\/wp-content\/uploads\/2023\/10\/Lucja_Marcinkowska_Danilowiczowska_18_posadzka_podestu_III_pietra_bocznej_klatki_schod-1024x766.jpg\" alt=\"\" class=\"wp-image-13425\" srcset=\"http:\/\/lapidarium.fundacja-hereditas.pl\/wp-content\/uploads\/2023\/10\/Lucja_Marcinkowska_Danilowiczowska_18_posadzka_podestu_III_pietra_bocznej_klatki_schod-1024x766.jpg 1024w, http:\/\/lapidarium.fundacja-hereditas.pl\/wp-content\/uploads\/2023\/10\/Lucja_Marcinkowska_Danilowiczowska_18_posadzka_podestu_III_pietra_bocznej_klatki_schod-300x224.jpg 300w, http:\/\/lapidarium.fundacja-hereditas.pl\/wp-content\/uploads\/2023\/10\/Lucja_Marcinkowska_Danilowiczowska_18_posadzka_podestu_III_pietra_bocznej_klatki_schod-768x575.jpg 768w, http:\/\/lapidarium.fundacja-hereditas.pl\/wp-content\/uploads\/2023\/10\/Lucja_Marcinkowska_Danilowiczowska_18_posadzka_podestu_III_pietra_bocznej_klatki_schod-1536x1149.jpg 1536w, http:\/\/lapidarium.fundacja-hereditas.pl\/wp-content\/uploads\/2023\/10\/Lucja_Marcinkowska_Danilowiczowska_18_posadzka_podestu_III_pietra_bocznej_klatki_schod-2048x1532.jpg 2048w, http:\/\/lapidarium.fundacja-hereditas.pl\/wp-content\/uploads\/2023\/10\/Lucja_Marcinkowska_Danilowiczowska_18_posadzka_podestu_III_pietra_bocznej_klatki_schod-150x112.jpg 150w, http:\/\/lapidarium.fundacja-hereditas.pl\/wp-content\/uploads\/2023\/10\/Lucja_Marcinkowska_Danilowiczowska_18_posadzka_podestu_III_pietra_bocznej_klatki_schod-696x521.jpg 696w, http:\/\/lapidarium.fundacja-hereditas.pl\/wp-content\/uploads\/2023\/10\/Lucja_Marcinkowska_Danilowiczowska_18_posadzka_podestu_III_pietra_bocznej_klatki_schod-1068x799.jpg 1068w, http:\/\/lapidarium.fundacja-hereditas.pl\/wp-content\/uploads\/2023\/10\/Lucja_Marcinkowska_Danilowiczowska_18_posadzka_podestu_III_pietra_bocznej_klatki_schod-1920x1437.jpg 1920w\" sizes=\"auto, (max-width: 1024px) 100vw, 1024px\" \/><\/a><figcaption class=\"wp-element-caption\">Posadzka podestu III pi\u0119tra bocznej klatki schodowej. Fot. \u0141ucja Marcinkowska, 2023 r., \u017ar\u00f3d\u0142o: AOD IV.<\/figcaption><\/figure>\n\n\n\n<figure class=\"wp-block-image size-large\"><a href=\"http:\/\/lapidarium.fundacja-hereditas.pl\/wp-content\/uploads\/2023\/10\/KKM_Danilowiczowska_18_posadzka_podestu_III_pietra_bocznej_klatki_schod-6.jpg\"><img loading=\"lazy\" decoding=\"async\" width=\"1024\" height=\"453\" data-id=\"13389\" src=\"http:\/\/lapidarium.fundacja-hereditas.pl\/wp-content\/uploads\/2023\/10\/KKM_Danilowiczowska_18_posadzka_podestu_III_pietra_bocznej_klatki_schod-6-1024x453.jpg\" alt=\"\" class=\"wp-image-13389\" srcset=\"http:\/\/lapidarium.fundacja-hereditas.pl\/wp-content\/uploads\/2023\/10\/KKM_Danilowiczowska_18_posadzka_podestu_III_pietra_bocznej_klatki_schod-6-1024x453.jpg 1024w, http:\/\/lapidarium.fundacja-hereditas.pl\/wp-content\/uploads\/2023\/10\/KKM_Danilowiczowska_18_posadzka_podestu_III_pietra_bocznej_klatki_schod-6-300x133.jpg 300w, http:\/\/lapidarium.fundacja-hereditas.pl\/wp-content\/uploads\/2023\/10\/KKM_Danilowiczowska_18_posadzka_podestu_III_pietra_bocznej_klatki_schod-6-768x340.jpg 768w, http:\/\/lapidarium.fundacja-hereditas.pl\/wp-content\/uploads\/2023\/10\/KKM_Danilowiczowska_18_posadzka_podestu_III_pietra_bocznej_klatki_schod-6-1536x679.jpg 1536w, http:\/\/lapidarium.fundacja-hereditas.pl\/wp-content\/uploads\/2023\/10\/KKM_Danilowiczowska_18_posadzka_podestu_III_pietra_bocznej_klatki_schod-6-2048x906.jpg 2048w, http:\/\/lapidarium.fundacja-hereditas.pl\/wp-content\/uploads\/2023\/10\/KKM_Danilowiczowska_18_posadzka_podestu_III_pietra_bocznej_klatki_schod-6-150x66.jpg 150w, http:\/\/lapidarium.fundacja-hereditas.pl\/wp-content\/uploads\/2023\/10\/KKM_Danilowiczowska_18_posadzka_podestu_III_pietra_bocznej_klatki_schod-6-696x308.jpg 696w, http:\/\/lapidarium.fundacja-hereditas.pl\/wp-content\/uploads\/2023\/10\/KKM_Danilowiczowska_18_posadzka_podestu_III_pietra_bocznej_klatki_schod-6-1068x472.jpg 1068w, http:\/\/lapidarium.fundacja-hereditas.pl\/wp-content\/uploads\/2023\/10\/KKM_Danilowiczowska_18_posadzka_podestu_III_pietra_bocznej_klatki_schod-6-1920x849.jpg 1920w\" sizes=\"auto, (max-width: 1024px) 100vw, 1024px\" \/><\/a><figcaption class=\"wp-element-caption\">Posadzka podestu III pi\u0119tra bocznej klatki schodowej. Fot. Katarzyna Komar-Michalczyk, 2023 r., \u017ar\u00f3d\u0142o: AOD IV.<\/figcaption><\/figure>\n\n\n\n<figure class=\"wp-block-image size-large\"><a href=\"http:\/\/lapidarium.fundacja-hereditas.pl\/wp-content\/uploads\/2023\/10\/KKM_Danilowiczowska_18_posadzka_podestu_III_pietra_bocznej_klatki_schod-5-scaled.jpg\"><img loading=\"lazy\" decoding=\"async\" width=\"2560\" height=\"1916\" data-id=\"13388\" src=\"http:\/\/lapidarium.fundacja-hereditas.pl\/wp-content\/uploads\/2023\/10\/KKM_Danilowiczowska_18_posadzka_podestu_III_pietra_bocznej_klatki_schod-5-scaled.jpg\" alt=\"\" class=\"wp-image-13388\"\/><\/a><figcaption class=\"wp-element-caption\">Posadzka podestu III pi\u0119tra bocznej klatki schodowej. Fot. Katarzyna Komar-Michalczyk, 2023 r., \u017ar\u00f3d\u0142o: AOD IV.<\/figcaption><\/figure>\n\n\n\n<figure class=\"wp-block-image size-large\"><a href=\"http:\/\/lapidarium.fundacja-hereditas.pl\/wp-content\/uploads\/2023\/10\/KKM_Danilowiczowska_18_posadzka_podestu_III_pietra_bocznej_klatki_schod-4-scaled.jpg\"><img loading=\"lazy\" decoding=\"async\" width=\"1024\" height=\"766\" data-id=\"13387\" src=\"http:\/\/lapidarium.fundacja-hereditas.pl\/wp-content\/uploads\/2023\/10\/KKM_Danilowiczowska_18_posadzka_podestu_III_pietra_bocznej_klatki_schod-4-1024x766.jpg\" alt=\"\" class=\"wp-image-13387\" srcset=\"http:\/\/lapidarium.fundacja-hereditas.pl\/wp-content\/uploads\/2023\/10\/KKM_Danilowiczowska_18_posadzka_podestu_III_pietra_bocznej_klatki_schod-4-1024x766.jpg 1024w, http:\/\/lapidarium.fundacja-hereditas.pl\/wp-content\/uploads\/2023\/10\/KKM_Danilowiczowska_18_posadzka_podestu_III_pietra_bocznej_klatki_schod-4-300x224.jpg 300w, http:\/\/lapidarium.fundacja-hereditas.pl\/wp-content\/uploads\/2023\/10\/KKM_Danilowiczowska_18_posadzka_podestu_III_pietra_bocznej_klatki_schod-4-768x575.jpg 768w, http:\/\/lapidarium.fundacja-hereditas.pl\/wp-content\/uploads\/2023\/10\/KKM_Danilowiczowska_18_posadzka_podestu_III_pietra_bocznej_klatki_schod-4-1536x1149.jpg 1536w, http:\/\/lapidarium.fundacja-hereditas.pl\/wp-content\/uploads\/2023\/10\/KKM_Danilowiczowska_18_posadzka_podestu_III_pietra_bocznej_klatki_schod-4-2048x1532.jpg 2048w, http:\/\/lapidarium.fundacja-hereditas.pl\/wp-content\/uploads\/2023\/10\/KKM_Danilowiczowska_18_posadzka_podestu_III_pietra_bocznej_klatki_schod-4-150x112.jpg 150w, http:\/\/lapidarium.fundacja-hereditas.pl\/wp-content\/uploads\/2023\/10\/KKM_Danilowiczowska_18_posadzka_podestu_III_pietra_bocznej_klatki_schod-4-696x521.jpg 696w, http:\/\/lapidarium.fundacja-hereditas.pl\/wp-content\/uploads\/2023\/10\/KKM_Danilowiczowska_18_posadzka_podestu_III_pietra_bocznej_klatki_schod-4-1068x799.jpg 1068w, http:\/\/lapidarium.fundacja-hereditas.pl\/wp-content\/uploads\/2023\/10\/KKM_Danilowiczowska_18_posadzka_podestu_III_pietra_bocznej_klatki_schod-4-1920x1437.jpg 1920w\" sizes=\"auto, (max-width: 1024px) 100vw, 1024px\" \/><\/a><figcaption class=\"wp-element-caption\">Posadzka podestu III pi\u0119tra bocznej klatki schodowej. Fot. Katarzyna Komar-Michalczyk, 2023 r., \u017ar\u00f3d\u0142o: AOD IV.<\/figcaption><\/figure>\n\n\n\n<figure class=\"wp-block-image size-large\"><a href=\"http:\/\/lapidarium.fundacja-hereditas.pl\/wp-content\/uploads\/2023\/10\/KKM_Danilowiczowska_18_posadzka_podestu_III_pietra_bocznej_klatki_schod-3-scaled.jpg\"><img loading=\"lazy\" decoding=\"async\" width=\"1024\" height=\"766\" data-id=\"13386\" src=\"http:\/\/lapidarium.fundacja-hereditas.pl\/wp-content\/uploads\/2023\/10\/KKM_Danilowiczowska_18_posadzka_podestu_III_pietra_bocznej_klatki_schod-3-1024x766.jpg\" alt=\"\" class=\"wp-image-13386\" srcset=\"http:\/\/lapidarium.fundacja-hereditas.pl\/wp-content\/uploads\/2023\/10\/KKM_Danilowiczowska_18_posadzka_podestu_III_pietra_bocznej_klatki_schod-3-1024x766.jpg 1024w, http:\/\/lapidarium.fundacja-hereditas.pl\/wp-content\/uploads\/2023\/10\/KKM_Danilowiczowska_18_posadzka_podestu_III_pietra_bocznej_klatki_schod-3-300x224.jpg 300w, http:\/\/lapidarium.fundacja-hereditas.pl\/wp-content\/uploads\/2023\/10\/KKM_Danilowiczowska_18_posadzka_podestu_III_pietra_bocznej_klatki_schod-3-768x575.jpg 768w, http:\/\/lapidarium.fundacja-hereditas.pl\/wp-content\/uploads\/2023\/10\/KKM_Danilowiczowska_18_posadzka_podestu_III_pietra_bocznej_klatki_schod-3-1536x1149.jpg 1536w, http:\/\/lapidarium.fundacja-hereditas.pl\/wp-content\/uploads\/2023\/10\/KKM_Danilowiczowska_18_posadzka_podestu_III_pietra_bocznej_klatki_schod-3-2048x1532.jpg 2048w, http:\/\/lapidarium.fundacja-hereditas.pl\/wp-content\/uploads\/2023\/10\/KKM_Danilowiczowska_18_posadzka_podestu_III_pietra_bocznej_klatki_schod-3-150x112.jpg 150w, http:\/\/lapidarium.fundacja-hereditas.pl\/wp-content\/uploads\/2023\/10\/KKM_Danilowiczowska_18_posadzka_podestu_III_pietra_bocznej_klatki_schod-3-696x521.jpg 696w, http:\/\/lapidarium.fundacja-hereditas.pl\/wp-content\/uploads\/2023\/10\/KKM_Danilowiczowska_18_posadzka_podestu_III_pietra_bocznej_klatki_schod-3-1068x799.jpg 1068w, http:\/\/lapidarium.fundacja-hereditas.pl\/wp-content\/uploads\/2023\/10\/KKM_Danilowiczowska_18_posadzka_podestu_III_pietra_bocznej_klatki_schod-3-1920x1437.jpg 1920w\" sizes=\"auto, (max-width: 1024px) 100vw, 1024px\" \/><\/a><figcaption class=\"wp-element-caption\">Posadzka podestu III pi\u0119tra bocznej klatki schodowej. Fot. Katarzyna Komar-Michalczyk, 2023 r., \u017ar\u00f3d\u0142o: AOD IV.<\/figcaption><\/figure>\n\n\n\n<figure class=\"wp-block-image size-large\"><a href=\"http:\/\/lapidarium.fundacja-hereditas.pl\/wp-content\/uploads\/2023\/10\/Lucja_Marcinkowska_Danilowiczowska_18_posadzka_podestu_III_pietra_bocznej_klatki_schod-1-scaled.jpg\"><img loading=\"lazy\" decoding=\"async\" width=\"1024\" height=\"766\" data-id=\"13424\" src=\"http:\/\/lapidarium.fundacja-hereditas.pl\/wp-content\/uploads\/2023\/10\/Lucja_Marcinkowska_Danilowiczowska_18_posadzka_podestu_III_pietra_bocznej_klatki_schod-1-1024x766.jpg\" alt=\"\" class=\"wp-image-13424\" srcset=\"http:\/\/lapidarium.fundacja-hereditas.pl\/wp-content\/uploads\/2023\/10\/Lucja_Marcinkowska_Danilowiczowska_18_posadzka_podestu_III_pietra_bocznej_klatki_schod-1-1024x766.jpg 1024w, http:\/\/lapidarium.fundacja-hereditas.pl\/wp-content\/uploads\/2023\/10\/Lucja_Marcinkowska_Danilowiczowska_18_posadzka_podestu_III_pietra_bocznej_klatki_schod-1-300x224.jpg 300w, http:\/\/lapidarium.fundacja-hereditas.pl\/wp-content\/uploads\/2023\/10\/Lucja_Marcinkowska_Danilowiczowska_18_posadzka_podestu_III_pietra_bocznej_klatki_schod-1-768x575.jpg 768w, http:\/\/lapidarium.fundacja-hereditas.pl\/wp-content\/uploads\/2023\/10\/Lucja_Marcinkowska_Danilowiczowska_18_posadzka_podestu_III_pietra_bocznej_klatki_schod-1-1536x1149.jpg 1536w, http:\/\/lapidarium.fundacja-hereditas.pl\/wp-content\/uploads\/2023\/10\/Lucja_Marcinkowska_Danilowiczowska_18_posadzka_podestu_III_pietra_bocznej_klatki_schod-1-2048x1532.jpg 2048w, http:\/\/lapidarium.fundacja-hereditas.pl\/wp-content\/uploads\/2023\/10\/Lucja_Marcinkowska_Danilowiczowska_18_posadzka_podestu_III_pietra_bocznej_klatki_schod-1-150x112.jpg 150w, http:\/\/lapidarium.fundacja-hereditas.pl\/wp-content\/uploads\/2023\/10\/Lucja_Marcinkowska_Danilowiczowska_18_posadzka_podestu_III_pietra_bocznej_klatki_schod-1-696x521.jpg 696w, http:\/\/lapidarium.fundacja-hereditas.pl\/wp-content\/uploads\/2023\/10\/Lucja_Marcinkowska_Danilowiczowska_18_posadzka_podestu_III_pietra_bocznej_klatki_schod-1-1068x799.jpg 1068w, http:\/\/lapidarium.fundacja-hereditas.pl\/wp-content\/uploads\/2023\/10\/Lucja_Marcinkowska_Danilowiczowska_18_posadzka_podestu_III_pietra_bocznej_klatki_schod-1-1920x1437.jpg 1920w\" sizes=\"auto, (max-width: 1024px) 100vw, 1024px\" \/><\/a><figcaption class=\"wp-element-caption\">Posadzka podestu III pi\u0119tra bocznej klatki schodowej. Fot. Katarzyna Komar-Michalczyk, 2023 r., \u017ar\u00f3d\u0142o: AOD IV.<\/figcaption><\/figure>\n\n\n\n<figure class=\"wp-block-image size-large\"><a href=\"http:\/\/lapidarium.fundacja-hereditas.pl\/wp-content\/uploads\/2023\/10\/Lucja_Marcinkowska_Danilowiczowska_18_posadzka_podestow_bocznej_klatki_schod-5-scaled.jpg\"><img loading=\"lazy\" decoding=\"async\" width=\"1024\" height=\"762\" data-id=\"13423\" src=\"http:\/\/lapidarium.fundacja-hereditas.pl\/wp-content\/uploads\/2023\/10\/Lucja_Marcinkowska_Danilowiczowska_18_posadzka_podestow_bocznej_klatki_schod-5-1024x762.jpg\" alt=\"\" class=\"wp-image-13423\" srcset=\"http:\/\/lapidarium.fundacja-hereditas.pl\/wp-content\/uploads\/2023\/10\/Lucja_Marcinkowska_Danilowiczowska_18_posadzka_podestow_bocznej_klatki_schod-5-1024x762.jpg 1024w, http:\/\/lapidarium.fundacja-hereditas.pl\/wp-content\/uploads\/2023\/10\/Lucja_Marcinkowska_Danilowiczowska_18_posadzka_podestow_bocznej_klatki_schod-5-300x223.jpg 300w, http:\/\/lapidarium.fundacja-hereditas.pl\/wp-content\/uploads\/2023\/10\/Lucja_Marcinkowska_Danilowiczowska_18_posadzka_podestow_bocznej_klatki_schod-5-768x571.jpg 768w, http:\/\/lapidarium.fundacja-hereditas.pl\/wp-content\/uploads\/2023\/10\/Lucja_Marcinkowska_Danilowiczowska_18_posadzka_podestow_bocznej_klatki_schod-5-1536x1142.jpg 1536w, http:\/\/lapidarium.fundacja-hereditas.pl\/wp-content\/uploads\/2023\/10\/Lucja_Marcinkowska_Danilowiczowska_18_posadzka_podestow_bocznej_klatki_schod-5-2048x1523.jpg 2048w, http:\/\/lapidarium.fundacja-hereditas.pl\/wp-content\/uploads\/2023\/10\/Lucja_Marcinkowska_Danilowiczowska_18_posadzka_podestow_bocznej_klatki_schod-5-150x112.jpg 150w, http:\/\/lapidarium.fundacja-hereditas.pl\/wp-content\/uploads\/2023\/10\/Lucja_Marcinkowska_Danilowiczowska_18_posadzka_podestow_bocznej_klatki_schod-5-485x360.jpg 485w, http:\/\/lapidarium.fundacja-hereditas.pl\/wp-content\/uploads\/2023\/10\/Lucja_Marcinkowska_Danilowiczowska_18_posadzka_podestow_bocznej_klatki_schod-5-696x518.jpg 696w, http:\/\/lapidarium.fundacja-hereditas.pl\/wp-content\/uploads\/2023\/10\/Lucja_Marcinkowska_Danilowiczowska_18_posadzka_podestow_bocznej_klatki_schod-5-1068x794.jpg 1068w, http:\/\/lapidarium.fundacja-hereditas.pl\/wp-content\/uploads\/2023\/10\/Lucja_Marcinkowska_Danilowiczowska_18_posadzka_podestow_bocznej_klatki_schod-5-1920x1428.jpg 1920w\" sizes=\"auto, (max-width: 1024px) 100vw, 1024px\" \/><\/a><figcaption class=\"wp-element-caption\">Posadzka podestu bocznej klatki schodowej. Fot. \u0141ucja Marcinkowska, 2023 r., \u017ar\u00f3d\u0142o: AOD IV.<\/figcaption><\/figure>\n\n\n\n<figure class=\"wp-block-image size-large\"><a href=\"http:\/\/lapidarium.fundacja-hereditas.pl\/wp-content\/uploads\/2023\/10\/Lucja_Marcinkowska_Danilowiczowska_18_posadzka_podestow_bocznej_klatki_schod-4-scaled.jpg\"><img loading=\"lazy\" decoding=\"async\" width=\"1024\" height=\"838\" data-id=\"13422\" src=\"http:\/\/lapidarium.fundacja-hereditas.pl\/wp-content\/uploads\/2023\/10\/Lucja_Marcinkowska_Danilowiczowska_18_posadzka_podestow_bocznej_klatki_schod-4-1024x838.jpg\" alt=\"\" class=\"wp-image-13422\" srcset=\"http:\/\/lapidarium.fundacja-hereditas.pl\/wp-content\/uploads\/2023\/10\/Lucja_Marcinkowska_Danilowiczowska_18_posadzka_podestow_bocznej_klatki_schod-4-1024x838.jpg 1024w, http:\/\/lapidarium.fundacja-hereditas.pl\/wp-content\/uploads\/2023\/10\/Lucja_Marcinkowska_Danilowiczowska_18_posadzka_podestow_bocznej_klatki_schod-4-300x245.jpg 300w, http:\/\/lapidarium.fundacja-hereditas.pl\/wp-content\/uploads\/2023\/10\/Lucja_Marcinkowska_Danilowiczowska_18_posadzka_podestow_bocznej_klatki_schod-4-768x628.jpg 768w, http:\/\/lapidarium.fundacja-hereditas.pl\/wp-content\/uploads\/2023\/10\/Lucja_Marcinkowska_Danilowiczowska_18_posadzka_podestow_bocznej_klatki_schod-4-1536x1256.jpg 1536w, http:\/\/lapidarium.fundacja-hereditas.pl\/wp-content\/uploads\/2023\/10\/Lucja_Marcinkowska_Danilowiczowska_18_posadzka_podestow_bocznej_klatki_schod-4-2048x1675.jpg 2048w, http:\/\/lapidarium.fundacja-hereditas.pl\/wp-content\/uploads\/2023\/10\/Lucja_Marcinkowska_Danilowiczowska_18_posadzka_podestow_bocznej_klatki_schod-4-150x123.jpg 150w, http:\/\/lapidarium.fundacja-hereditas.pl\/wp-content\/uploads\/2023\/10\/Lucja_Marcinkowska_Danilowiczowska_18_posadzka_podestow_bocznej_klatki_schod-4-696x569.jpg 696w, http:\/\/lapidarium.fundacja-hereditas.pl\/wp-content\/uploads\/2023\/10\/Lucja_Marcinkowska_Danilowiczowska_18_posadzka_podestow_bocznej_klatki_schod-4-1068x874.jpg 1068w, http:\/\/lapidarium.fundacja-hereditas.pl\/wp-content\/uploads\/2023\/10\/Lucja_Marcinkowska_Danilowiczowska_18_posadzka_podestow_bocznej_klatki_schod-4-1920x1571.jpg 1920w\" sizes=\"auto, (max-width: 1024px) 100vw, 1024px\" \/><\/a><figcaption class=\"wp-element-caption\">Posadzka pi\u0119tra bocznej klatki schodowej. Fot. \u0141ucja Marcinkowska, 2023 r., \u017ar\u00f3d\u0142o: AOD IV.<\/figcaption><\/figure>\n\n\n\n<figure class=\"wp-block-image size-large\"><a href=\"http:\/\/lapidarium.fundacja-hereditas.pl\/wp-content\/uploads\/2023\/10\/Lucja_Marcinkowska_Danilowiczowska_18_posadzka_podestow_bocznej_klatki_schod-3-scaled.jpg\"><img loading=\"lazy\" decoding=\"async\" width=\"806\" height=\"1024\" data-id=\"13421\" src=\"http:\/\/lapidarium.fundacja-hereditas.pl\/wp-content\/uploads\/2023\/10\/Lucja_Marcinkowska_Danilowiczowska_18_posadzka_podestow_bocznej_klatki_schod-3-806x1024.jpg\" alt=\"\" class=\"wp-image-13421\" srcset=\"http:\/\/lapidarium.fundacja-hereditas.pl\/wp-content\/uploads\/2023\/10\/Lucja_Marcinkowska_Danilowiczowska_18_posadzka_podestow_bocznej_klatki_schod-3-806x1024.jpg 806w, http:\/\/lapidarium.fundacja-hereditas.pl\/wp-content\/uploads\/2023\/10\/Lucja_Marcinkowska_Danilowiczowska_18_posadzka_podestow_bocznej_klatki_schod-3-236x300.jpg 236w, http:\/\/lapidarium.fundacja-hereditas.pl\/wp-content\/uploads\/2023\/10\/Lucja_Marcinkowska_Danilowiczowska_18_posadzka_podestow_bocznej_klatki_schod-3-768x976.jpg 768w, http:\/\/lapidarium.fundacja-hereditas.pl\/wp-content\/uploads\/2023\/10\/Lucja_Marcinkowska_Danilowiczowska_18_posadzka_podestow_bocznej_klatki_schod-3-1209x1536.jpg 1209w, http:\/\/lapidarium.fundacja-hereditas.pl\/wp-content\/uploads\/2023\/10\/Lucja_Marcinkowska_Danilowiczowska_18_posadzka_podestow_bocznej_klatki_schod-3-1612x2048.jpg 1612w, http:\/\/lapidarium.fundacja-hereditas.pl\/wp-content\/uploads\/2023\/10\/Lucja_Marcinkowska_Danilowiczowska_18_posadzka_podestow_bocznej_klatki_schod-3-150x191.jpg 150w, http:\/\/lapidarium.fundacja-hereditas.pl\/wp-content\/uploads\/2023\/10\/Lucja_Marcinkowska_Danilowiczowska_18_posadzka_podestow_bocznej_klatki_schod-3-300x381.jpg 300w, http:\/\/lapidarium.fundacja-hereditas.pl\/wp-content\/uploads\/2023\/10\/Lucja_Marcinkowska_Danilowiczowska_18_posadzka_podestow_bocznej_klatki_schod-3-696x884.jpg 696w, http:\/\/lapidarium.fundacja-hereditas.pl\/wp-content\/uploads\/2023\/10\/Lucja_Marcinkowska_Danilowiczowska_18_posadzka_podestow_bocznej_klatki_schod-3-1068x1357.jpg 1068w, http:\/\/lapidarium.fundacja-hereditas.pl\/wp-content\/uploads\/2023\/10\/Lucja_Marcinkowska_Danilowiczowska_18_posadzka_podestow_bocznej_klatki_schod-3-1920x2439.jpg 1920w, http:\/\/lapidarium.fundacja-hereditas.pl\/wp-content\/uploads\/2023\/10\/Lucja_Marcinkowska_Danilowiczowska_18_posadzka_podestow_bocznej_klatki_schod-3-scaled.jpg 2015w\" sizes=\"auto, (max-width: 806px) 100vw, 806px\" \/><\/a><figcaption class=\"wp-element-caption\">Posadzka pi\u0119tra bocznej klatki schodowej. Fot. \u0141ucja Marcinkowska, 2023 r., \u017ar\u00f3d\u0142o: AOD IV.<\/figcaption><\/figure>\n\n\n\n<figure class=\"wp-block-image size-large\"><a href=\"http:\/\/lapidarium.fundacja-hereditas.pl\/wp-content\/uploads\/2023\/10\/Lucja_Marcinkowska_Danilowiczowska_18_posadzka_podestow_bocznej_klatki_schod-1-scaled.jpg\"><img loading=\"lazy\" decoding=\"async\" width=\"1024\" height=\"758\" data-id=\"13420\" src=\"http:\/\/lapidarium.fundacja-hereditas.pl\/wp-content\/uploads\/2023\/10\/Lucja_Marcinkowska_Danilowiczowska_18_posadzka_podestow_bocznej_klatki_schod-1-1024x758.jpg\" alt=\"\" class=\"wp-image-13420\" srcset=\"http:\/\/lapidarium.fundacja-hereditas.pl\/wp-content\/uploads\/2023\/10\/Lucja_Marcinkowska_Danilowiczowska_18_posadzka_podestow_bocznej_klatki_schod-1-1024x758.jpg 1024w, http:\/\/lapidarium.fundacja-hereditas.pl\/wp-content\/uploads\/2023\/10\/Lucja_Marcinkowska_Danilowiczowska_18_posadzka_podestow_bocznej_klatki_schod-1-300x222.jpg 300w, http:\/\/lapidarium.fundacja-hereditas.pl\/wp-content\/uploads\/2023\/10\/Lucja_Marcinkowska_Danilowiczowska_18_posadzka_podestow_bocznej_klatki_schod-1-768x569.jpg 768w, http:\/\/lapidarium.fundacja-hereditas.pl\/wp-content\/uploads\/2023\/10\/Lucja_Marcinkowska_Danilowiczowska_18_posadzka_podestow_bocznej_klatki_schod-1-1536x1137.jpg 1536w, http:\/\/lapidarium.fundacja-hereditas.pl\/wp-content\/uploads\/2023\/10\/Lucja_Marcinkowska_Danilowiczowska_18_posadzka_podestow_bocznej_klatki_schod-1-2048x1516.jpg 2048w, http:\/\/lapidarium.fundacja-hereditas.pl\/wp-content\/uploads\/2023\/10\/Lucja_Marcinkowska_Danilowiczowska_18_posadzka_podestow_bocznej_klatki_schod-1-150x111.jpg 150w, http:\/\/lapidarium.fundacja-hereditas.pl\/wp-content\/uploads\/2023\/10\/Lucja_Marcinkowska_Danilowiczowska_18_posadzka_podestow_bocznej_klatki_schod-1-485x360.jpg 485w, http:\/\/lapidarium.fundacja-hereditas.pl\/wp-content\/uploads\/2023\/10\/Lucja_Marcinkowska_Danilowiczowska_18_posadzka_podestow_bocznej_klatki_schod-1-696x515.jpg 696w, http:\/\/lapidarium.fundacja-hereditas.pl\/wp-content\/uploads\/2023\/10\/Lucja_Marcinkowska_Danilowiczowska_18_posadzka_podestow_bocznej_klatki_schod-1-1068x791.jpg 1068w, http:\/\/lapidarium.fundacja-hereditas.pl\/wp-content\/uploads\/2023\/10\/Lucja_Marcinkowska_Danilowiczowska_18_posadzka_podestow_bocznej_klatki_schod-1-1920x1422.jpg 1920w\" sizes=\"auto, (max-width: 1024px) 100vw, 1024px\" \/><\/a><figcaption class=\"wp-element-caption\">Posadzka podestu bocznej klatki schodowej. Fot. \u0141ucja Marcinkowska, 2023 r., \u017ar\u00f3d\u0142o: AOD IV.<\/figcaption><\/figure>\n\n\n\n<figure class=\"wp-block-image size-large\"><a href=\"http:\/\/lapidarium.fundacja-hereditas.pl\/wp-content\/uploads\/2023\/10\/Lucja_Marcinkowska_Danilowiczowska_18_posadzka_parteru-scaled.jpg\"><img loading=\"lazy\" decoding=\"async\" width=\"1024\" height=\"762\" data-id=\"13419\" src=\"http:\/\/lapidarium.fundacja-hereditas.pl\/wp-content\/uploads\/2023\/10\/Lucja_Marcinkowska_Danilowiczowska_18_posadzka_parteru-1024x762.jpg\" alt=\"\" class=\"wp-image-13419\" srcset=\"http:\/\/lapidarium.fundacja-hereditas.pl\/wp-content\/uploads\/2023\/10\/Lucja_Marcinkowska_Danilowiczowska_18_posadzka_parteru-1024x762.jpg 1024w, http:\/\/lapidarium.fundacja-hereditas.pl\/wp-content\/uploads\/2023\/10\/Lucja_Marcinkowska_Danilowiczowska_18_posadzka_parteru-300x223.jpg 300w, http:\/\/lapidarium.fundacja-hereditas.pl\/wp-content\/uploads\/2023\/10\/Lucja_Marcinkowska_Danilowiczowska_18_posadzka_parteru-768x571.jpg 768w, http:\/\/lapidarium.fundacja-hereditas.pl\/wp-content\/uploads\/2023\/10\/Lucja_Marcinkowska_Danilowiczowska_18_posadzka_parteru-1536x1142.jpg 1536w, http:\/\/lapidarium.fundacja-hereditas.pl\/wp-content\/uploads\/2023\/10\/Lucja_Marcinkowska_Danilowiczowska_18_posadzka_parteru-2048x1523.jpg 2048w, http:\/\/lapidarium.fundacja-hereditas.pl\/wp-content\/uploads\/2023\/10\/Lucja_Marcinkowska_Danilowiczowska_18_posadzka_parteru-150x112.jpg 150w, http:\/\/lapidarium.fundacja-hereditas.pl\/wp-content\/uploads\/2023\/10\/Lucja_Marcinkowska_Danilowiczowska_18_posadzka_parteru-485x360.jpg 485w, http:\/\/lapidarium.fundacja-hereditas.pl\/wp-content\/uploads\/2023\/10\/Lucja_Marcinkowska_Danilowiczowska_18_posadzka_parteru-696x518.jpg 696w, http:\/\/lapidarium.fundacja-hereditas.pl\/wp-content\/uploads\/2023\/10\/Lucja_Marcinkowska_Danilowiczowska_18_posadzka_parteru-1068x794.jpg 1068w, http:\/\/lapidarium.fundacja-hereditas.pl\/wp-content\/uploads\/2023\/10\/Lucja_Marcinkowska_Danilowiczowska_18_posadzka_parteru-1920x1428.jpg 1920w\" sizes=\"auto, (max-width: 1024px) 100vw, 1024px\" \/><\/a><figcaption class=\"wp-element-caption\">Posadzka parteru. Fot. \u0141ucja Marcinkowska, 2023 r., \u017ar\u00f3d\u0142o: AOD IV.<\/figcaption><\/figure>\n\n\n\n<figure class=\"wp-block-image size-large\"><a href=\"http:\/\/lapidarium.fundacja-hereditas.pl\/wp-content\/uploads\/2023\/10\/Lucja_Marcinkowska_Danilowiczowska_18_piwnica-2-scaled.jpg\"><img loading=\"lazy\" decoding=\"async\" width=\"763\" height=\"1024\" data-id=\"13415\" src=\"http:\/\/lapidarium.fundacja-hereditas.pl\/wp-content\/uploads\/2023\/10\/Lucja_Marcinkowska_Danilowiczowska_18_piwnica-2-763x1024.jpg\" alt=\"\" class=\"wp-image-13415\" srcset=\"http:\/\/lapidarium.fundacja-hereditas.pl\/wp-content\/uploads\/2023\/10\/Lucja_Marcinkowska_Danilowiczowska_18_piwnica-2-763x1024.jpg 763w, http:\/\/lapidarium.fundacja-hereditas.pl\/wp-content\/uploads\/2023\/10\/Lucja_Marcinkowska_Danilowiczowska_18_piwnica-2-224x300.jpg 224w, http:\/\/lapidarium.fundacja-hereditas.pl\/wp-content\/uploads\/2023\/10\/Lucja_Marcinkowska_Danilowiczowska_18_piwnica-2-768x1031.jpg 768w, http:\/\/lapidarium.fundacja-hereditas.pl\/wp-content\/uploads\/2023\/10\/Lucja_Marcinkowska_Danilowiczowska_18_piwnica-2-1145x1536.jpg 1145w, http:\/\/lapidarium.fundacja-hereditas.pl\/wp-content\/uploads\/2023\/10\/Lucja_Marcinkowska_Danilowiczowska_18_piwnica-2-1526x2048.jpg 1526w, http:\/\/lapidarium.fundacja-hereditas.pl\/wp-content\/uploads\/2023\/10\/Lucja_Marcinkowska_Danilowiczowska_18_piwnica-2-150x201.jpg 150w, http:\/\/lapidarium.fundacja-hereditas.pl\/wp-content\/uploads\/2023\/10\/Lucja_Marcinkowska_Danilowiczowska_18_piwnica-2-300x403.jpg 300w, http:\/\/lapidarium.fundacja-hereditas.pl\/wp-content\/uploads\/2023\/10\/Lucja_Marcinkowska_Danilowiczowska_18_piwnica-2-696x934.jpg 696w, http:\/\/lapidarium.fundacja-hereditas.pl\/wp-content\/uploads\/2023\/10\/Lucja_Marcinkowska_Danilowiczowska_18_piwnica-2-1068x1433.jpg 1068w, http:\/\/lapidarium.fundacja-hereditas.pl\/wp-content\/uploads\/2023\/10\/Lucja_Marcinkowska_Danilowiczowska_18_piwnica-2-1920x2576.jpg 1920w, http:\/\/lapidarium.fundacja-hereditas.pl\/wp-content\/uploads\/2023\/10\/Lucja_Marcinkowska_Danilowiczowska_18_piwnica-2-scaled.jpg 1908w\" sizes=\"auto, (max-width: 763px) 100vw, 763px\" \/><\/a><figcaption class=\"wp-element-caption\">Posadzka w piwnicy. Schody ku wyj\u015bciu. Fot. Katarzyna Komar-Michalczyk, 2023 r., \u017ar\u00f3d\u0142o: AOD IV.<\/figcaption><\/figure>\n\n\n\n<figure class=\"wp-block-image size-large\"><a href=\"http:\/\/lapidarium.fundacja-hereditas.pl\/wp-content\/uploads\/2023\/10\/Lucja_Marcinkowska_Danilowiczowska_18_piwnica-8-scaled.jpg\"><img loading=\"lazy\" decoding=\"async\" width=\"759\" height=\"1024\" data-id=\"13416\" src=\"http:\/\/lapidarium.fundacja-hereditas.pl\/wp-content\/uploads\/2023\/10\/Lucja_Marcinkowska_Danilowiczowska_18_piwnica-8-759x1024.jpg\" alt=\"\" class=\"wp-image-13416\" srcset=\"http:\/\/lapidarium.fundacja-hereditas.pl\/wp-content\/uploads\/2023\/10\/Lucja_Marcinkowska_Danilowiczowska_18_piwnica-8-759x1024.jpg 759w, http:\/\/lapidarium.fundacja-hereditas.pl\/wp-content\/uploads\/2023\/10\/Lucja_Marcinkowska_Danilowiczowska_18_piwnica-8-222x300.jpg 222w, http:\/\/lapidarium.fundacja-hereditas.pl\/wp-content\/uploads\/2023\/10\/Lucja_Marcinkowska_Danilowiczowska_18_piwnica-8-768x1036.jpg 768w, http:\/\/lapidarium.fundacja-hereditas.pl\/wp-content\/uploads\/2023\/10\/Lucja_Marcinkowska_Danilowiczowska_18_piwnica-8-1139x1536.jpg 1139w, http:\/\/lapidarium.fundacja-hereditas.pl\/wp-content\/uploads\/2023\/10\/Lucja_Marcinkowska_Danilowiczowska_18_piwnica-8-1518x2048.jpg 1518w, http:\/\/lapidarium.fundacja-hereditas.pl\/wp-content\/uploads\/2023\/10\/Lucja_Marcinkowska_Danilowiczowska_18_piwnica-8-150x202.jpg 150w, http:\/\/lapidarium.fundacja-hereditas.pl\/wp-content\/uploads\/2023\/10\/Lucja_Marcinkowska_Danilowiczowska_18_piwnica-8-300x405.jpg 300w, http:\/\/lapidarium.fundacja-hereditas.pl\/wp-content\/uploads\/2023\/10\/Lucja_Marcinkowska_Danilowiczowska_18_piwnica-8-696x939.jpg 696w, http:\/\/lapidarium.fundacja-hereditas.pl\/wp-content\/uploads\/2023\/10\/Lucja_Marcinkowska_Danilowiczowska_18_piwnica-8-1068x1441.jpg 1068w, http:\/\/lapidarium.fundacja-hereditas.pl\/wp-content\/uploads\/2023\/10\/Lucja_Marcinkowska_Danilowiczowska_18_piwnica-8-1920x2590.jpg 1920w, http:\/\/lapidarium.fundacja-hereditas.pl\/wp-content\/uploads\/2023\/10\/Lucja_Marcinkowska_Danilowiczowska_18_piwnica-8-scaled.jpg 1898w\" sizes=\"auto, (max-width: 759px) 100vw, 759px\" \/><\/a><figcaption class=\"wp-element-caption\">Posadzka w piwnicy. Fot. Katarzyna Komar-Michalczyk, 2023 r., \u017ar\u00f3d\u0142o: AOD IV.<\/figcaption><\/figure>\n\n\n\n<figure class=\"wp-block-image size-large\"><a href=\"http:\/\/lapidarium.fundacja-hereditas.pl\/wp-content\/uploads\/2023\/10\/Lucja_Marcinkowska_Danilowiczowska_18_piwnica-9-scaled.jpg\"><img loading=\"lazy\" decoding=\"async\" width=\"1024\" height=\"758\" data-id=\"13417\" src=\"http:\/\/lapidarium.fundacja-hereditas.pl\/wp-content\/uploads\/2023\/10\/Lucja_Marcinkowska_Danilowiczowska_18_piwnica-9-1024x758.jpg\" alt=\"\" class=\"wp-image-13417\" srcset=\"http:\/\/lapidarium.fundacja-hereditas.pl\/wp-content\/uploads\/2023\/10\/Lucja_Marcinkowska_Danilowiczowska_18_piwnica-9-1024x758.jpg 1024w, http:\/\/lapidarium.fundacja-hereditas.pl\/wp-content\/uploads\/2023\/10\/Lucja_Marcinkowska_Danilowiczowska_18_piwnica-9-300x222.jpg 300w, http:\/\/lapidarium.fundacja-hereditas.pl\/wp-content\/uploads\/2023\/10\/Lucja_Marcinkowska_Danilowiczowska_18_piwnica-9-768x568.jpg 768w, http:\/\/lapidarium.fundacja-hereditas.pl\/wp-content\/uploads\/2023\/10\/Lucja_Marcinkowska_Danilowiczowska_18_piwnica-9-1536x1137.jpg 1536w, http:\/\/lapidarium.fundacja-hereditas.pl\/wp-content\/uploads\/2023\/10\/Lucja_Marcinkowska_Danilowiczowska_18_piwnica-9-2048x1515.jpg 2048w, http:\/\/lapidarium.fundacja-hereditas.pl\/wp-content\/uploads\/2023\/10\/Lucja_Marcinkowska_Danilowiczowska_18_piwnica-9-150x111.jpg 150w, http:\/\/lapidarium.fundacja-hereditas.pl\/wp-content\/uploads\/2023\/10\/Lucja_Marcinkowska_Danilowiczowska_18_piwnica-9-485x360.jpg 485w, http:\/\/lapidarium.fundacja-hereditas.pl\/wp-content\/uploads\/2023\/10\/Lucja_Marcinkowska_Danilowiczowska_18_piwnica-9-696x515.jpg 696w, http:\/\/lapidarium.fundacja-hereditas.pl\/wp-content\/uploads\/2023\/10\/Lucja_Marcinkowska_Danilowiczowska_18_piwnica-9-1068x790.jpg 1068w, http:\/\/lapidarium.fundacja-hereditas.pl\/wp-content\/uploads\/2023\/10\/Lucja_Marcinkowska_Danilowiczowska_18_piwnica-9-1920x1421.jpg 1920w\" sizes=\"auto, (max-width: 1024px) 100vw, 1024px\" \/><\/a><figcaption class=\"wp-element-caption\">Posadzka w piwnicy. Fot. Katarzyna Komar-Michalczyk, 2023 r., \u017ar\u00f3d\u0142o: AOD IV.<\/figcaption><\/figure>\n\n\n\n<figure class=\"wp-block-image size-large\"><a href=\"http:\/\/lapidarium.fundacja-hereditas.pl\/wp-content\/uploads\/2023\/10\/Lucja_Marcinkowska_Danilowiczowska_18_piwnica-10-scaled.jpg\"><img loading=\"lazy\" decoding=\"async\" width=\"1024\" height=\"763\" data-id=\"13418\" src=\"http:\/\/lapidarium.fundacja-hereditas.pl\/wp-content\/uploads\/2023\/10\/Lucja_Marcinkowska_Danilowiczowska_18_piwnica-10-1024x763.jpg\" alt=\"\" class=\"wp-image-13418\" srcset=\"http:\/\/lapidarium.fundacja-hereditas.pl\/wp-content\/uploads\/2023\/10\/Lucja_Marcinkowska_Danilowiczowska_18_piwnica-10-1024x763.jpg 1024w, http:\/\/lapidarium.fundacja-hereditas.pl\/wp-content\/uploads\/2023\/10\/Lucja_Marcinkowska_Danilowiczowska_18_piwnica-10-300x223.jpg 300w, http:\/\/lapidarium.fundacja-hereditas.pl\/wp-content\/uploads\/2023\/10\/Lucja_Marcinkowska_Danilowiczowska_18_piwnica-10-768x572.jpg 768w, http:\/\/lapidarium.fundacja-hereditas.pl\/wp-content\/uploads\/2023\/10\/Lucja_Marcinkowska_Danilowiczowska_18_piwnica-10-1536x1144.jpg 1536w, http:\/\/lapidarium.fundacja-hereditas.pl\/wp-content\/uploads\/2023\/10\/Lucja_Marcinkowska_Danilowiczowska_18_piwnica-10-2048x1526.jpg 2048w, http:\/\/lapidarium.fundacja-hereditas.pl\/wp-content\/uploads\/2023\/10\/Lucja_Marcinkowska_Danilowiczowska_18_piwnica-10-150x112.jpg 150w, http:\/\/lapidarium.fundacja-hereditas.pl\/wp-content\/uploads\/2023\/10\/Lucja_Marcinkowska_Danilowiczowska_18_piwnica-10-485x360.jpg 485w, http:\/\/lapidarium.fundacja-hereditas.pl\/wp-content\/uploads\/2023\/10\/Lucja_Marcinkowska_Danilowiczowska_18_piwnica-10-696x518.jpg 696w, http:\/\/lapidarium.fundacja-hereditas.pl\/wp-content\/uploads\/2023\/10\/Lucja_Marcinkowska_Danilowiczowska_18_piwnica-10-1068x796.jpg 1068w, http:\/\/lapidarium.fundacja-hereditas.pl\/wp-content\/uploads\/2023\/10\/Lucja_Marcinkowska_Danilowiczowska_18_piwnica-10-1920x1430.jpg 1920w\" sizes=\"auto, (max-width: 1024px) 100vw, 1024px\" \/><\/a><figcaption class=\"wp-element-caption\">Posadzka w piwnicy. Fot. Katarzyna Komar-Michalczyk, 2023 r., \u017ar\u00f3d\u0142o: AOD IV.<\/figcaption><\/figure>\n\n\n\n<figure class=\"wp-block-image size-large\"><a href=\"http:\/\/lapidarium.fundacja-hereditas.pl\/wp-content\/uploads\/2023\/10\/KKM_Danilowiczowska_18_piwnica-7-scaled.jpg\"><img loading=\"lazy\" decoding=\"async\" width=\"1024\" height=\"754\" data-id=\"13385\" src=\"http:\/\/lapidarium.fundacja-hereditas.pl\/wp-content\/uploads\/2023\/10\/KKM_Danilowiczowska_18_piwnica-7-1024x754.jpg\" alt=\"\" class=\"wp-image-13385\" srcset=\"http:\/\/lapidarium.fundacja-hereditas.pl\/wp-content\/uploads\/2023\/10\/KKM_Danilowiczowska_18_piwnica-7-1024x754.jpg 1024w, http:\/\/lapidarium.fundacja-hereditas.pl\/wp-content\/uploads\/2023\/10\/KKM_Danilowiczowska_18_piwnica-7-300x221.jpg 300w, http:\/\/lapidarium.fundacja-hereditas.pl\/wp-content\/uploads\/2023\/10\/KKM_Danilowiczowska_18_piwnica-7-768x566.jpg 768w, http:\/\/lapidarium.fundacja-hereditas.pl\/wp-content\/uploads\/2023\/10\/KKM_Danilowiczowska_18_piwnica-7-1536x1131.jpg 1536w, http:\/\/lapidarium.fundacja-hereditas.pl\/wp-content\/uploads\/2023\/10\/KKM_Danilowiczowska_18_piwnica-7-2048x1508.jpg 2048w, http:\/\/lapidarium.fundacja-hereditas.pl\/wp-content\/uploads\/2023\/10\/KKM_Danilowiczowska_18_piwnica-7-150x110.jpg 150w, http:\/\/lapidarium.fundacja-hereditas.pl\/wp-content\/uploads\/2023\/10\/KKM_Danilowiczowska_18_piwnica-7-696x513.jpg 696w, http:\/\/lapidarium.fundacja-hereditas.pl\/wp-content\/uploads\/2023\/10\/KKM_Danilowiczowska_18_piwnica-7-1068x786.jpg 1068w, http:\/\/lapidarium.fundacja-hereditas.pl\/wp-content\/uploads\/2023\/10\/KKM_Danilowiczowska_18_piwnica-7-1920x1414.jpg 1920w\" sizes=\"auto, (max-width: 1024px) 100vw, 1024px\" \/><\/a><figcaption class=\"wp-element-caption\">Posadzka w piwnicy. Pomiar. Fot. Katarzyna Komar-Michalczyk, 2023 r., \u017ar\u00f3d\u0142o: AOD IV.<\/figcaption><\/figure>\n\n\n\n<figure class=\"wp-block-image size-large\"><a href=\"http:\/\/lapidarium.fundacja-hereditas.pl\/wp-content\/uploads\/2023\/10\/Lucja_Marcinkowska_Danilowiczowska_18_piwnica-1-scaled.jpg\"><img loading=\"lazy\" decoding=\"async\" width=\"775\" height=\"1024\" data-id=\"13414\" src=\"http:\/\/lapidarium.fundacja-hereditas.pl\/wp-content\/uploads\/2023\/10\/Lucja_Marcinkowska_Danilowiczowska_18_piwnica-1-775x1024.jpg\" alt=\"\" class=\"wp-image-13414\" srcset=\"http:\/\/lapidarium.fundacja-hereditas.pl\/wp-content\/uploads\/2023\/10\/Lucja_Marcinkowska_Danilowiczowska_18_piwnica-1-775x1024.jpg 775w, http:\/\/lapidarium.fundacja-hereditas.pl\/wp-content\/uploads\/2023\/10\/Lucja_Marcinkowska_Danilowiczowska_18_piwnica-1-227x300.jpg 227w, http:\/\/lapidarium.fundacja-hereditas.pl\/wp-content\/uploads\/2023\/10\/Lucja_Marcinkowska_Danilowiczowska_18_piwnica-1-768x1015.jpg 768w, http:\/\/lapidarium.fundacja-hereditas.pl\/wp-content\/uploads\/2023\/10\/Lucja_Marcinkowska_Danilowiczowska_18_piwnica-1-1163x1536.jpg 1163w, http:\/\/lapidarium.fundacja-hereditas.pl\/wp-content\/uploads\/2023\/10\/Lucja_Marcinkowska_Danilowiczowska_18_piwnica-1-1550x2048.jpg 1550w, http:\/\/lapidarium.fundacja-hereditas.pl\/wp-content\/uploads\/2023\/10\/Lucja_Marcinkowska_Danilowiczowska_18_piwnica-1-150x198.jpg 150w, http:\/\/lapidarium.fundacja-hereditas.pl\/wp-content\/uploads\/2023\/10\/Lucja_Marcinkowska_Danilowiczowska_18_piwnica-1-300x396.jpg 300w, http:\/\/lapidarium.fundacja-hereditas.pl\/wp-content\/uploads\/2023\/10\/Lucja_Marcinkowska_Danilowiczowska_18_piwnica-1-696x920.jpg 696w, http:\/\/lapidarium.fundacja-hereditas.pl\/wp-content\/uploads\/2023\/10\/Lucja_Marcinkowska_Danilowiczowska_18_piwnica-1-1068x1411.jpg 1068w, http:\/\/lapidarium.fundacja-hereditas.pl\/wp-content\/uploads\/2023\/10\/Lucja_Marcinkowska_Danilowiczowska_18_piwnica-1-1920x2537.jpg 1920w, http:\/\/lapidarium.fundacja-hereditas.pl\/wp-content\/uploads\/2023\/10\/Lucja_Marcinkowska_Danilowiczowska_18_piwnica-1-scaled.jpg 1938w\" sizes=\"auto, (max-width: 775px) 100vw, 775px\" \/><\/a><figcaption class=\"wp-element-caption\">Posadzka w piwnicy. Fot. Katarzyna Komar-Michalczyk, 2023 r., \u017ar\u00f3d\u0142o: AOD IV.<\/figcaption><\/figure>\n\n\n\n<figure class=\"wp-block-image size-large\"><a href=\"http:\/\/lapidarium.fundacja-hereditas.pl\/wp-content\/uploads\/2023\/10\/A_Laskowska_Wwa_Danilowiczowska_18_elewacja_pln_strona_wsch_obiekt_piwniczny_korytarz-scaled.jpg\"><img loading=\"lazy\" decoding=\"async\" width=\"751\" height=\"1024\" data-id=\"13377\" src=\"http:\/\/lapidarium.fundacja-hereditas.pl\/wp-content\/uploads\/2023\/10\/A_Laskowska_Wwa_Danilowiczowska_18_elewacja_pln_strona_wsch_obiekt_piwniczny_korytarz-751x1024.jpg\" alt=\"\" class=\"wp-image-13377\" srcset=\"http:\/\/lapidarium.fundacja-hereditas.pl\/wp-content\/uploads\/2023\/10\/A_Laskowska_Wwa_Danilowiczowska_18_elewacja_pln_strona_wsch_obiekt_piwniczny_korytarz-751x1024.jpg 751w, http:\/\/lapidarium.fundacja-hereditas.pl\/wp-content\/uploads\/2023\/10\/A_Laskowska_Wwa_Danilowiczowska_18_elewacja_pln_strona_wsch_obiekt_piwniczny_korytarz-220x300.jpg 220w, http:\/\/lapidarium.fundacja-hereditas.pl\/wp-content\/uploads\/2023\/10\/A_Laskowska_Wwa_Danilowiczowska_18_elewacja_pln_strona_wsch_obiekt_piwniczny_korytarz-768x1048.jpg 768w, http:\/\/lapidarium.fundacja-hereditas.pl\/wp-content\/uploads\/2023\/10\/A_Laskowska_Wwa_Danilowiczowska_18_elewacja_pln_strona_wsch_obiekt_piwniczny_korytarz-1126x1536.jpg 1126w, http:\/\/lapidarium.fundacja-hereditas.pl\/wp-content\/uploads\/2023\/10\/A_Laskowska_Wwa_Danilowiczowska_18_elewacja_pln_strona_wsch_obiekt_piwniczny_korytarz-1501x2048.jpg 1501w, http:\/\/lapidarium.fundacja-hereditas.pl\/wp-content\/uploads\/2023\/10\/A_Laskowska_Wwa_Danilowiczowska_18_elewacja_pln_strona_wsch_obiekt_piwniczny_korytarz-150x205.jpg 150w, http:\/\/lapidarium.fundacja-hereditas.pl\/wp-content\/uploads\/2023\/10\/A_Laskowska_Wwa_Danilowiczowska_18_elewacja_pln_strona_wsch_obiekt_piwniczny_korytarz-300x409.jpg 300w, http:\/\/lapidarium.fundacja-hereditas.pl\/wp-content\/uploads\/2023\/10\/A_Laskowska_Wwa_Danilowiczowska_18_elewacja_pln_strona_wsch_obiekt_piwniczny_korytarz-696x950.jpg 696w, http:\/\/lapidarium.fundacja-hereditas.pl\/wp-content\/uploads\/2023\/10\/A_Laskowska_Wwa_Danilowiczowska_18_elewacja_pln_strona_wsch_obiekt_piwniczny_korytarz-1068x1457.jpg 1068w, http:\/\/lapidarium.fundacja-hereditas.pl\/wp-content\/uploads\/2023\/10\/A_Laskowska_Wwa_Danilowiczowska_18_elewacja_pln_strona_wsch_obiekt_piwniczny_korytarz-1920x2619.jpg 1920w, http:\/\/lapidarium.fundacja-hereditas.pl\/wp-content\/uploads\/2023\/10\/A_Laskowska_Wwa_Danilowiczowska_18_elewacja_pln_strona_wsch_obiekt_piwniczny_korytarz-scaled.jpg 1876w\" sizes=\"auto, (max-width: 751px) 100vw, 751px\" \/><\/a><figcaption class=\"wp-element-caption\">Piwnica. Fot. Anna Laskowska, 2023 r., \u017ar\u00f3d\u0142o: AOD IV.<\/figcaption><\/figure>\n\n\n\n<figure class=\"wp-block-image size-large\"><a href=\"http:\/\/lapidarium.fundacja-hereditas.pl\/wp-content\/uploads\/2023\/10\/A_Laskowska_Wwa_Danilowiczowska_18_elewacja_pln_strona_wsch_obiekt_piwniczny_zsyp_na_wegiel-scaled.jpg\"><img loading=\"lazy\" decoding=\"async\" width=\"781\" height=\"1024\" data-id=\"13378\" src=\"http:\/\/lapidarium.fundacja-hereditas.pl\/wp-content\/uploads\/2023\/10\/A_Laskowska_Wwa_Danilowiczowska_18_elewacja_pln_strona_wsch_obiekt_piwniczny_zsyp_na_wegiel-781x1024.jpg\" alt=\"\" class=\"wp-image-13378\" srcset=\"http:\/\/lapidarium.fundacja-hereditas.pl\/wp-content\/uploads\/2023\/10\/A_Laskowska_Wwa_Danilowiczowska_18_elewacja_pln_strona_wsch_obiekt_piwniczny_zsyp_na_wegiel-781x1024.jpg 781w, http:\/\/lapidarium.fundacja-hereditas.pl\/wp-content\/uploads\/2023\/10\/A_Laskowska_Wwa_Danilowiczowska_18_elewacja_pln_strona_wsch_obiekt_piwniczny_zsyp_na_wegiel-229x300.jpg 229w, http:\/\/lapidarium.fundacja-hereditas.pl\/wp-content\/uploads\/2023\/10\/A_Laskowska_Wwa_Danilowiczowska_18_elewacja_pln_strona_wsch_obiekt_piwniczny_zsyp_na_wegiel-768x1007.jpg 768w, http:\/\/lapidarium.fundacja-hereditas.pl\/wp-content\/uploads\/2023\/10\/A_Laskowska_Wwa_Danilowiczowska_18_elewacja_pln_strona_wsch_obiekt_piwniczny_zsyp_na_wegiel-1172x1536.jpg 1172w, http:\/\/lapidarium.fundacja-hereditas.pl\/wp-content\/uploads\/2023\/10\/A_Laskowska_Wwa_Danilowiczowska_18_elewacja_pln_strona_wsch_obiekt_piwniczny_zsyp_na_wegiel-1562x2048.jpg 1562w, http:\/\/lapidarium.fundacja-hereditas.pl\/wp-content\/uploads\/2023\/10\/A_Laskowska_Wwa_Danilowiczowska_18_elewacja_pln_strona_wsch_obiekt_piwniczny_zsyp_na_wegiel-150x197.jpg 150w, http:\/\/lapidarium.fundacja-hereditas.pl\/wp-content\/uploads\/2023\/10\/A_Laskowska_Wwa_Danilowiczowska_18_elewacja_pln_strona_wsch_obiekt_piwniczny_zsyp_na_wegiel-300x393.jpg 300w, http:\/\/lapidarium.fundacja-hereditas.pl\/wp-content\/uploads\/2023\/10\/A_Laskowska_Wwa_Danilowiczowska_18_elewacja_pln_strona_wsch_obiekt_piwniczny_zsyp_na_wegiel-696x912.jpg 696w, http:\/\/lapidarium.fundacja-hereditas.pl\/wp-content\/uploads\/2023\/10\/A_Laskowska_Wwa_Danilowiczowska_18_elewacja_pln_strona_wsch_obiekt_piwniczny_zsyp_na_wegiel-1068x1400.jpg 1068w, http:\/\/lapidarium.fundacja-hereditas.pl\/wp-content\/uploads\/2023\/10\/A_Laskowska_Wwa_Danilowiczowska_18_elewacja_pln_strona_wsch_obiekt_piwniczny_zsyp_na_wegiel-1920x2517.jpg 1920w, http:\/\/lapidarium.fundacja-hereditas.pl\/wp-content\/uploads\/2023\/10\/A_Laskowska_Wwa_Danilowiczowska_18_elewacja_pln_strona_wsch_obiekt_piwniczny_zsyp_na_wegiel-scaled.jpg 1953w\" sizes=\"auto, (max-width: 781px) 100vw, 781px\" \/><\/a><figcaption class=\"wp-element-caption\">Elewacja p\u00f3\u0142nocna, strona wschodnia zrzutnia do w\u0119gla. Fot. Anna Laskowska, 2023 r., \u017ar\u00f3d\u0142o: AOD IV.<\/figcaption><\/figure>\n\n\n\n<figure class=\"wp-block-image size-large\"><a href=\"http:\/\/lapidarium.fundacja-hereditas.pl\/wp-content\/uploads\/2023\/10\/Lucja_Marcinkowska_Danilowiczowska_18_drzwi_do_pomieszczenia_z_wodomiarem-1.jpg\"><img loading=\"lazy\" decoding=\"async\" width=\"738\" height=\"1024\" data-id=\"13391\" src=\"http:\/\/lapidarium.fundacja-hereditas.pl\/wp-content\/uploads\/2023\/10\/Lucja_Marcinkowska_Danilowiczowska_18_drzwi_do_pomieszczenia_z_wodomiarem-1-738x1024.jpg\" alt=\"\" class=\"wp-image-13391\" srcset=\"http:\/\/lapidarium.fundacja-hereditas.pl\/wp-content\/uploads\/2023\/10\/Lucja_Marcinkowska_Danilowiczowska_18_drzwi_do_pomieszczenia_z_wodomiarem-1-738x1024.jpg 738w, http:\/\/lapidarium.fundacja-hereditas.pl\/wp-content\/uploads\/2023\/10\/Lucja_Marcinkowska_Danilowiczowska_18_drzwi_do_pomieszczenia_z_wodomiarem-1-216x300.jpg 216w, http:\/\/lapidarium.fundacja-hereditas.pl\/wp-content\/uploads\/2023\/10\/Lucja_Marcinkowska_Danilowiczowska_18_drzwi_do_pomieszczenia_z_wodomiarem-1-768x1066.jpg 768w, http:\/\/lapidarium.fundacja-hereditas.pl\/wp-content\/uploads\/2023\/10\/Lucja_Marcinkowska_Danilowiczowska_18_drzwi_do_pomieszczenia_z_wodomiarem-1-1106x1536.jpg 1106w, http:\/\/lapidarium.fundacja-hereditas.pl\/wp-content\/uploads\/2023\/10\/Lucja_Marcinkowska_Danilowiczowska_18_drzwi_do_pomieszczenia_z_wodomiarem-1-1475x2048.jpg 1475w, http:\/\/lapidarium.fundacja-hereditas.pl\/wp-content\/uploads\/2023\/10\/Lucja_Marcinkowska_Danilowiczowska_18_drzwi_do_pomieszczenia_z_wodomiarem-1-150x208.jpg 150w, http:\/\/lapidarium.fundacja-hereditas.pl\/wp-content\/uploads\/2023\/10\/Lucja_Marcinkowska_Danilowiczowska_18_drzwi_do_pomieszczenia_z_wodomiarem-1-300x417.jpg 300w, http:\/\/lapidarium.fundacja-hereditas.pl\/wp-content\/uploads\/2023\/10\/Lucja_Marcinkowska_Danilowiczowska_18_drzwi_do_pomieszczenia_z_wodomiarem-1-696x966.jpg 696w, http:\/\/lapidarium.fundacja-hereditas.pl\/wp-content\/uploads\/2023\/10\/Lucja_Marcinkowska_Danilowiczowska_18_drzwi_do_pomieszczenia_z_wodomiarem-1-1068x1483.jpg 1068w, http:\/\/lapidarium.fundacja-hereditas.pl\/wp-content\/uploads\/2023\/10\/Lucja_Marcinkowska_Danilowiczowska_18_drzwi_do_pomieszczenia_z_wodomiarem-1.jpg 1645w\" sizes=\"auto, (max-width: 738px) 100vw, 738px\" \/><\/a><figcaption class=\"wp-element-caption\">Drzwi do pomieszczenia z wodomiarem. Fot. \u0141ucja Marcinkowska, 2023 r., \u017ar\u00f3d\u0142o: AOD IV.<\/figcaption><\/figure>\n\n\n\n<figure class=\"wp-block-image size-large\"><a href=\"http:\/\/lapidarium.fundacja-hereditas.pl\/wp-content\/uploads\/2023\/10\/Lucja_Marcinkowska_Danilowiczowska_18_drzwi_do_pomieszczenia_z_wodomiarem-2-scaled.jpg\"><img loading=\"lazy\" decoding=\"async\" width=\"1024\" height=\"471\" data-id=\"13392\" src=\"http:\/\/lapidarium.fundacja-hereditas.pl\/wp-content\/uploads\/2023\/10\/Lucja_Marcinkowska_Danilowiczowska_18_drzwi_do_pomieszczenia_z_wodomiarem-2-1024x471.jpg\" alt=\"\" class=\"wp-image-13392\" srcset=\"http:\/\/lapidarium.fundacja-hereditas.pl\/wp-content\/uploads\/2023\/10\/Lucja_Marcinkowska_Danilowiczowska_18_drzwi_do_pomieszczenia_z_wodomiarem-2-1024x471.jpg 1024w, http:\/\/lapidarium.fundacja-hereditas.pl\/wp-content\/uploads\/2023\/10\/Lucja_Marcinkowska_Danilowiczowska_18_drzwi_do_pomieszczenia_z_wodomiarem-2-300x138.jpg 300w, http:\/\/lapidarium.fundacja-hereditas.pl\/wp-content\/uploads\/2023\/10\/Lucja_Marcinkowska_Danilowiczowska_18_drzwi_do_pomieszczenia_z_wodomiarem-2-768x353.jpg 768w, http:\/\/lapidarium.fundacja-hereditas.pl\/wp-content\/uploads\/2023\/10\/Lucja_Marcinkowska_Danilowiczowska_18_drzwi_do_pomieszczenia_z_wodomiarem-2-1536x707.jpg 1536w, http:\/\/lapidarium.fundacja-hereditas.pl\/wp-content\/uploads\/2023\/10\/Lucja_Marcinkowska_Danilowiczowska_18_drzwi_do_pomieszczenia_z_wodomiarem-2-2048x942.jpg 2048w, http:\/\/lapidarium.fundacja-hereditas.pl\/wp-content\/uploads\/2023\/10\/Lucja_Marcinkowska_Danilowiczowska_18_drzwi_do_pomieszczenia_z_wodomiarem-2-150x69.jpg 150w, http:\/\/lapidarium.fundacja-hereditas.pl\/wp-content\/uploads\/2023\/10\/Lucja_Marcinkowska_Danilowiczowska_18_drzwi_do_pomieszczenia_z_wodomiarem-2-696x320.jpg 696w, http:\/\/lapidarium.fundacja-hereditas.pl\/wp-content\/uploads\/2023\/10\/Lucja_Marcinkowska_Danilowiczowska_18_drzwi_do_pomieszczenia_z_wodomiarem-2-1068x491.jpg 1068w, http:\/\/lapidarium.fundacja-hereditas.pl\/wp-content\/uploads\/2023\/10\/Lucja_Marcinkowska_Danilowiczowska_18_drzwi_do_pomieszczenia_z_wodomiarem-2-1920x883.jpg 1920w\" sizes=\"auto, (max-width: 1024px) 100vw, 1024px\" \/><\/a><figcaption class=\"wp-element-caption\">Drzwi do pomieszczenia z wodomiarem. Tabliczka. Fot. \u0141ucja Marcinkowska, 2023 r., \u017ar\u00f3d\u0142o: AOD IV.<\/figcaption><\/figure>\n<\/figure>\n","protected":false},"excerpt":{"rendered":"<p>Dom mieszkalny wzniesiony dla urz\u0119dnik\u00f3w Banku Pa\u0144stwa w 1912 r. Jeden z nielicznych ocala\u0142ych gmach\u00f3w z ca\u0142ego kompleksu zabudowa\u0144 banku (po I wojnie \u015bwiatowej Bank Polski), wznoszonych pomi\u0119dzy 1907 a 1912 r. Gmach g\u0142\u00f3wny od strony ul. Biela\u0144skiej wg proj. Leontija Benois\u2019a, ocala\u0142y z po\u017cogi wojennej w nie najgorszym stanie, by\u0142 po wojnie planowo nieodbudowywany [&hellip;]<\/p>\n","protected":false},"author":6,"featured_media":15127,"comment_status":"open","ping_status":"open","sticky":false,"template":"","format":"standard","meta":{"footnotes":""},"categories":[188,4],"tags":[],"class_list":{"0":"post-13359","1":"post","2":"type-post","3":"status-publish","4":"format-standard","5":"has-post-thumbnail","7":"category-danilowiczowska","8":"category-warszawa"},"_links":{"self":[{"href":"http:\/\/lapidarium.fundacja-hereditas.pl\/index.php\/wp-json\/wp\/v2\/posts\/13359","targetHints":{"allow":["GET"]}}],"collection":[{"href":"http:\/\/lapidarium.fundacja-hereditas.pl\/index.php\/wp-json\/wp\/v2\/posts"}],"about":[{"href":"http:\/\/lapidarium.fundacja-hereditas.pl\/index.php\/wp-json\/wp\/v2\/types\/post"}],"author":[{"embeddable":true,"href":"http:\/\/lapidarium.fundacja-hereditas.pl\/index.php\/wp-json\/wp\/v2\/users\/6"}],"replies":[{"embeddable":true,"href":"http:\/\/lapidarium.fundacja-hereditas.pl\/index.php\/wp-json\/wp\/v2\/comments?post=13359"}],"version-history":[{"count":9,"href":"http:\/\/lapidarium.fundacja-hereditas.pl\/index.php\/wp-json\/wp\/v2\/posts\/13359\/revisions"}],"predecessor-version":[{"id":15180,"href":"http:\/\/lapidarium.fundacja-hereditas.pl\/index.php\/wp-json\/wp\/v2\/posts\/13359\/revisions\/15180"}],"wp:featuredmedia":[{"embeddable":true,"href":"http:\/\/lapidarium.fundacja-hereditas.pl\/index.php\/wp-json\/wp\/v2\/media\/15127"}],"wp:attachment":[{"href":"http:\/\/lapidarium.fundacja-hereditas.pl\/index.php\/wp-json\/wp\/v2\/media?parent=13359"}],"wp:term":[{"taxonomy":"category","embeddable":true,"href":"http:\/\/lapidarium.fundacja-hereditas.pl\/index.php\/wp-json\/wp\/v2\/categories?post=13359"},{"taxonomy":"post_tag","embeddable":true,"href":"http:\/\/lapidarium.fundacja-hereditas.pl\/index.php\/wp-json\/wp\/v2\/tags?post=13359"}],"curies":[{"name":"wp","href":"https:\/\/api.w.org\/{rel}","templated":true}]}}